{"administration":"pref21","administration_name":"Pr\u00e9fecture de C\u00f4te-d\u2019Or","content":"PR\u00c9FET\nDE LA C\u00d4TE-D'OR\nRECUEIL DES ACTES\nADMINISTRATIFS SP\u00c9CIAL\nN\u00b021-2025-159\nPUBLI\u00c9 LE  7 NOVEMBRE 2025\nSommaire\nDirection d\u00e9partementale des territoires de la C\u00f4te-d'Or /\n21-2025-10-24-00006 - AP 14 autorisation simple SCEA DE BEL AIR (2 pages) Page 3\nDirection d\u00e9partementale des territoires de la C\u00f4te-d'Or / Service\nS\u00e9curit\u00e9 et Education Routi\u00e8re\n21-2025-11-07-00002 - Arr\u00eat\u00e9 Pr\u00e9fectoral N\u00b01634 portant\napprobation du dossier de s\u00e9curit\u00e9 (DS) relatif aux travaux des secteurs\nCarraz, Foch gare et Valmy dans le cadre du projet CAPATRAM Tramway de\nDijon M\u00e9tropole (3 pages) Page 6\nDRFiP Bourgogne Franche-Comt\u00e9 /\n21-2025-11-03-00009 - DRFIP 21- Subd\u00e9l\u00e9gation de signature en\nmati\u00e8re d'ordonnancement secondaire 03.11.2025    (2 pages) Page 10\nPr\u00e9fecture de la C\u00f4te-d'Or / Direction des s\u00e9curit\u00e9s\n21-2025-11-06-00002 - Arr\u00eat\u00e9 pr\u00e9fectoral N\u00b01633 portant interdiction\nde rassemblements festifs \u00e0 caract\u00e8re musical et interdiction de\ncirculation\nde tout v\u00e9hicule transportant du mat\u00e9riel de son \u00e0\ndestination d'un rassemblement festif\n\u00e0 caract\u00e8re musical non\nautoris\u00e9 (2 pages) Page 13\n2\nDirection d\u00e9partementale des territoires de la\nC\u00f4te-d'Or\n21-2025-10-24-00006\nAP 14 autorisation simple SCEA DE BEL AIR\nDirection d\u00e9partementale des territoires de la C\u00f4te-d'Or - 21-2025-10-24-00006 - AP 14 autorisation simple SCEA DE BEL AIR 3\nPREFETDELACOTE-D'ORLibert\u00e9Egalit\u00e9Fraternit\u00e9\nDirection d\u00e9partementale des territoires\nde la C\u00f4te-d'Or\nService \u00e9conomie agricole\net environnement des exploitations\nAffaire suivie par : Bureau Foncier, exploitants et contr\u00f4les\nT\u00e9l :  03 80 29 43 52\nm\u00e9l : operations-societaires-foncier@cote-dor.gouv.fr\nArr\u00eat\u00e9 pr\u00e9fectoral n\u00b0 2025-1630\nportant autorisation au titre de l'article L. 333-3 du Code rural et de la p\u00eache maritime de prise de\ncontr\u00f4le de la soci\u00e9t\u00e9 SCEA DE BEL AIR\nLe pr\u00e9fet de la C\u00f4te-d'Or\nVu le code rural et de la p\u00eache maritime, notamment ses articles L. 333-1 et suivants et R. 333-1 et\nsuivants ;\nVu le D\u00e9cret du 10 octobre 2024 nommant Monsieur Paul MOURIER, pr\u00e9fet de la r\u00e9gion Bourgogne-\nFranche-Comt\u00e9, pr\u00e9fet de la C\u00f4te-d'Or ;\nVu l'arr\u00eat\u00e9 pr\u00e9fectoral n\u00b0 507/SG du  28 mars 2025  donnant  d\u00e9l\u00e9gation de signature \u00e0 Madame\nManuelle DUPUY, directrice d\u00e9partementale des territoires de la C\u00f4te-d'Or ; \nVu l'arr\u00eat\u00e9 pr\u00e9fectoral n\u00b0 DRAAF/SREA-2023-05 fixant le seuil d'agrandissement significatif ;\nVu la demande d'autorisation au titre de l'article L. 333-3 du code rural et de la p\u00eache maritime\npr\u00e9sent\u00e9e par Alexandre CORPET, du Cabinet ROCARD, susvis\u00e9 et d\u00fbment habilit\u00e9e \u00e0 cet effet ;\nVu l'avis favorable de la soci\u00e9t\u00e9 d'am\u00e9nagement foncier et d'\u00e9tablissement rural de C\u00f4te d'Or re\u00e7u\nle 17/09/2025.\nConsid\u00e9rant que la demande d'autorisation concerne une op\u00e9ration qui consiste en :\n- une op\u00e9ration de cession de 45 % des parts sociales d\u00e9tenues dans la soci\u00e9t\u00e9 SCEA DE BEL AIR par\nles associ\u00e9s suivants : Monsieur Fabrice DELACRE, LA SAS Fabrice DELACRE, Monsieur Jean Philippe\nDELACRE et la SAS Jean-Philippe DELACRE.\nCette op\u00e9ration est r\u00e9alis\u00e9e au b\u00e9n\u00e9fice d'une holding la SAS SIMON GOMICHON d\u00e9j\u00e0 associ\u00e9 dans\nla soci\u00e9t\u00e9  et contr\u00f4l\u00e9e en totalit\u00e9 par Monsieur Simon GOMICHON.\nConsid\u00e9rant que cette op\u00e9ration a pour cons\u00e9quence un renforcement de la prise de contr\u00f4le, au\nsens du IV de l'article L.333-2, de la soci\u00e9t\u00e9 SAS SIMON GOMICHON dans la soci\u00e9t\u00e9 SCEA DE BEL\nAIR. Elle d\u00e9tiendra 92,14 % du capital social et des droits de vote. La totalit\u00e9 du capital social de la\nsoci\u00e9t\u00e9  SCEA  DE  BEL  AIR   sera  d\u00e9tenu  directement  et  indirectement  par  Monsieur  Simon\nGOMICHON qui est le b\u00e9n\u00e9ficiaire de l'op\u00e9ration.\nConsid\u00e9rant que la surface exploit\u00e9e par la SAS SIMON GOMICHON sera de 1076 hectares 92 ares\n22 centiares et d\u00e9passera le seuil d'agrandissement significatif fix\u00e9 \u00e0 282 hectares ;\nDirection d\u00e9partementale des territoires de la C\u00f4te-d'Or\n57 , rue de Mulhouse \u2013 BP 53317 \u2013 21033 DIJON Cedex\nCourriel : ddt@cote-dor.gouv.fr \n1/2\nDirection d\u00e9partementale des territoires de la C\u00f4te-d'Or - 21-2025-10-24-00006 - AP 14 autorisation simple SCEA DE BEL AIR 4\nConsid\u00e9rant que la contribution apport\u00e9e par l'op\u00e9ration envisag\u00e9e au d\u00e9veloppement du territoire\nou \u00e0 la diversit\u00e9 de ses syst\u00e8mes de production l'emporte sur les atteintes aux objectifs d\u00e9finis \u00e0\nl'article L. 333-1, pour les motifs suivants :\n\u2022 permettra \u00e0 la SAS SIMON GOMICHON de renforcer son contr\u00f4le dans la soci\u00e9t\u00e9 SCEA DE\nBEL AIR. Elle d\u00e9tiendra 92,14 % du capital social et des droits de vote.\n\u2022 L'exploitation se situe dans une petite r\u00e9gion naturelle agricole des plateaux de Bourgogne\npr\u00e9sentant une pression fonci\u00e8re en faveur de l'agrandissement et/ou de la confortation\ndes exploitations  existantes  sur  ce secteur  \u00e0 forte dominante c\u00e9r\u00e9ali\u00e8re sp\u00e9cialis\u00e9e et\ngrandes cultures, sur des sols \u00e0 potentiel agronomique relativement moyen \u00e0 limit\u00e9.\n\u2022  Cette op\u00e9ration se r\u00e9alise \u00e0 p\u00e9rim\u00e8tre constant et ne proc\u00e8de pas d'un ph\u00e9nom\u00e8ne de\nconcentration excessive des terres et de leur accaparement. L'op\u00e9ration vise \u00e0 \u00e9viter un\nd\u00e9mant\u00e8lement et de trouver \u00e0 terme un associ\u00e9.\n\u2022 L'op\u00e9ration  n'est  pas  susceptible  de  porter  atteinte  aux  objectifs  poursuivis  par  les\ndispositions des articles L.333-1 et suivants du Code rural et de la p\u00eache maritime ; \nARR\u00caTE\nArticle 1er : L'autorisation n\u00b0 OS-014-2025 au titre de l'article L. 333-3 du Code rural et de la p\u00eache\nmaritime est accord\u00e9e  \u00e0 Monsieur Simon GOMICHON de fa\u00e7on directe et indirecte via la SAS\nSimon GOMICHON  pour la prise de contr\u00f4le de la SCEA DE BEL AIR.\nArticle 2 : Le pr\u00e9sent arr\u00eat\u00e9 sera publi\u00e9 au recueil des actes administratifs de la pr\u00e9fecture. \nArticle 3  : Le Secr\u00e9taire g\u00e9n\u00e9ral de la pr\u00e9fecture et l a dire ctrice  d\u00e9partementale des territoires,\nchacun en ce qui les concerne, sont charg\u00e9s de l'ex\u00e9cution du pr\u00e9sent arr\u00eat\u00e9.\nDijon, le 24/10/2025\nLa Directrice D\u00e9partementale des Territoires\nSIGNE\nMANUELLE DUPUY\nDirection d\u00e9partementale des territoires de la C\u00f4te-d'Or\n57 , rue de Mulhouse \u2013 BP 53317 \u2013 21033 DIJON Cedex\nCourriel : ddt@cote-dor.gouv.fr \n2/2\nDirection d\u00e9partementale des territoires de la C\u00f4te-d'Or - 21-2025-10-24-00006 - AP 14 autorisation simple SCEA DE BEL AIR 5\nDirection d\u00e9partementale des territoires de la\nC\u00f4te-d'Or\nService S\u00e9curit\u00e9 et Education Routi\u00e8re\n21-2025-11-07-00002\nArr\u00eat\u00e9 Pr\u00e9fectoral N\u00b01634 portant approbation\ndu dossier de s\u00e9curit\u00e9 (DS) relatif aux travaux des\nsecteurs Carraz, Foch gare et Valmy dans le\ncadre du projet CAPATRAM Tramway de Dijon\nM\u00e9tropole\nDirection d\u00e9partementale des territoires de la C\u00f4te-d'Or - 21-2025-11-07-00002 - Arr\u00eat\u00e9 Pr\u00e9fectoral N\u00b01634 portant approbation du\ndossier de s\u00e9curit\u00e9 (DS) relatif aux travaux des secteurs Carraz, Foch gare et Valmy dans le cadre du projet CAPATRAM Tramway de\nDijon M\u00e9tropole\n6\nEnPREFETDE LACOTE-D'ORLibert\u00e9Egalit\u00e9Fraternit\u00e9\nDirection d\u00e9partementale des territoires\nde la C\u00f4te-d'Or\nService de la s\u00e9curit\u00e9 et de l'\u00e9ducation routi\u00e8re\nBureau de la s\u00e9curit\u00e9 routi\u00e8re\nm\u00e9l : ddt-transports@cote-dor.gouv.fr \nArr\u00eat\u00e9 Pr\u00e9fectoral N\u00b01634\nportant approbation du dossier de s\u00e9curit\u00e9 (DS) relatif aux travaux des secteurs Carraz, Foch \ngare et Valmy dans le cadre du projet CAPATRAM\nTramway de Dijon M\u00e9tropole\nPr\u00e9fet de la C\u00f4te-d'Or\nVU le code des transports modifi\u00e9 ;\nVU le d\u00e9cret n\u00b02010-1580 du 17 d\u00e9cembre 2010 relatif au service technique des remont\u00e9es  \nm\u00e9caniques et des transports guid\u00e9s (STRMTG) ;\nVU l'arr\u00eat\u00e9 du 30 mars 2017 modifiant l'arr\u00eat\u00e9 du 23 mai 2003 modifi\u00e9, relatif au contenu des  \ndossiers de s\u00e9curit\u00e9 des chemins des syst\u00e8mes de transport public guid\u00e9s urbains ;\nVU  la  circulaire  du  6  juillet  2011  relative  \u00e0  l'organisation  du  contr\u00f4le  des  syst\u00e8mes  de \ntransports et de l'instruction des dossiers entre le STRMTG, les pr\u00e9fets et leurs services, en  \napplication du d\u00e9cret du 17 d\u00e9cembre 2010 sus-vis\u00e9 ;\nVU l'arr\u00eat\u00e9 Pr\u00e9fectoral N\u00b01688 du 1 er d\u00e9cembre 2023 portant approbation du r\u00e8glement de  \ns\u00e9curit\u00e9 d'exploitation de Keolis Dijon Multimodalit\u00e9 en tant qu'exploitant du r\u00e9seau de  \ntramway de Dijon ;\nVU l'arr\u00eat\u00e9 Pr\u00e9fectoral N\u00b0741 du 25 avril 2024 portant approbation du dossier pr\u00e9liminaire de  \ns\u00e9curit\u00e9 (DPS) du projet CAPATRAM, Tramway de Dijon M\u00e9tropole ;\nVU l'avis favorable du Bureau-Nord-Est du Service Technique des Remont\u00e9es M\u00e9caniques et  \ndes Transports Guid\u00e9s en date du 28 octobre 2025 ;\nSUR proposition de Madame la directrice d\u00e9partementale des territoires de la C\u00f4te-d'Or ;\nARRETE\nDirection d\u00e9partementale des territoires de la C\u00f4te-d'Or - 21-2025-11-07-00002 - Arr\u00eat\u00e9 Pr\u00e9fectoral N\u00b01634 portant approbation du\ndossier de s\u00e9curit\u00e9 (DS) relatif aux travaux des secteurs Carraz, Foch gare et Valmy dans le cadre du projet CAPATRAM Tramway de\nDijon M\u00e9tropole\n7\nArticle 1er : \nLe Dossier de S\u00e9curit\u00e9 (DS) relatif l'augmentation de la capacit\u00e9 de transport pour les zones  \nde man\u0153uvre Carraz, Foch gare et Valmy, dans le cadre du projet CAPATRAM du r\u00e9seau de  \ntramway de Dijon M\u00e9tropole, est approuv\u00e9.\nArticle 2 : \nL'approbation du DS est assortie des observations et prescriptions suivantes :\n1) Port\u00e9e de l'avis : \nLe pr\u00e9sent avis est d\u00e9livr\u00e9 dans le cadre de proc\u00e9dures relatives \u00e0 la s\u00e9curit\u00e9 des transports  \npublics  guid\u00e9s,  sans  pr\u00e9judice  d'\u00e9ventuels  avis  ou  autorisations  requis  au  titre  d'autres \nr\u00e9glementations.\nIl couvre les risques encourus :\n\u2022 par les usagers du syst\u00e8me, y compris la prise en compte des contraintes de s\u00e9curit\u00e9  \npour les personnes \u00e0 mobilit\u00e9 r\u00e9duite (PMR) pouvant emprunter le syst\u00e8me ;\n\u2022 par les agents de conduite ainsi que les personnels d'exploitation embarqu\u00e9s dans les  \nv\u00e9hicules de transport de personnes, le dossier ne couvrant pas les autres aspects relevant de  \nla s\u00e9curit\u00e9 du travail ;\n\u2022 par les riverains et les tiers, y compris la prise en compte des contraintes de s\u00e9curit\u00e9  \npour les personnes \u00e0 mobilit\u00e9 r\u00e9duite (PMR).\nSur ce p\u00e9rim\u00e8tre, cet avis int\u00e8gre \u00e9galement la prise en compte des contraintes export\u00e9es par \nles  risques  naturels  et  technologiques  li\u00e9s  \u00e0  l'environnement  du  projet,  identifi\u00e9s  par  le \nporteur du projet en pi\u00e8ce 3 du dossier et \u00e9valu\u00e9s par l'Oganisme Qualifi\u00e9 Agr\u00e9\u00e9 (OQA).\n2) Prescriptions d'ordre g\u00e9n\u00e9ral :\nTous les points rest\u00e9s ouverts dans le Journal des Points Ouverts (JPO) concernent la phase  \nult\u00e9rieure du projet et devront \u00eatre valid\u00e9s par les OQA et le STRMTG au stade du DS relatif \u00e0  \nla mise en service d\u00e9finitive des zones de Mazen-Sully et Quetigny. Pour ces 2 zones, le DS  \ndevra \u00eatre d\u00e9pos\u00e9 pour instruction au plus tard le 31 d\u00e9cembre 2025. Pour rappel, la 3  voie\u1d49  \net  la  desserte  des  usagers  attenante  de  la  zone  Mazen-Sully  ne  seront  mises  en  service \nqu'apr\u00e8s approbation du DS.\n3) Observations \u00e0 prendre en compte pour la suite du projet :\nLa prise en compte par l'exploitant des exigences de s\u00e9curit\u00e9 identifi\u00e9es lors de la conception \ndu syst\u00e8me et export\u00e9es vers l'exploitation et la maintenance devra figurer dans le dossier de  \ns\u00e9curit\u00e9 des zones de Mazen-Sully et Quetigny.\nEnfin, la version actualis\u00e9e d u R\u00e8glement de S\u00e9curit\u00e9 de l'exploitation  (RSE) ainsi que les  \nproc\u00e9dures  et  consignes  d'exploitation  associ\u00e9es  sont  applicables  d\u00e8s  l'approbation  du \npr\u00e9sent  DS  sous  r\u00e9serve  qu'il  r\u00e9ponde  aux  exigences  issues  de  l'analyse  de  risques. \nL'approbation du RSE d\u00e9finitif par le pr\u00e9fet n'interviendra qu'apr\u00e8s approbation du DS des  \nzones de Mazen-Sully et Quetigny.\nDirection d\u00e9partementale des territoires de la C\u00f4te-d'Or - 21-2025-11-07-00002 - Arr\u00eat\u00e9 Pr\u00e9fectoral N\u00b01634 portant approbation du\ndossier de s\u00e9curit\u00e9 (DS) relatif aux travaux des secteurs Carraz, Foch gare et Valmy dans le cadre du projet CAPATRAM Tramway de\nDijon M\u00e9tropole\n8\nArticle 3 :\nLe pr\u00e9sent arr\u00eat\u00e9 peut faire l'objet d'un recours contentieux devant le tribunal administratif  \nde Dijon dans un d\u00e9lai de deux mois \u00e0 compter de sa publication. Un recours peut \u00eatre  \nd\u00e9pos\u00e9  via  l'application  T\u00e9l\u00e9recours  citoyens  accessible  par  le  site  internet  \nwww.telerecours.fr\nArticle 4 :\n\u2022 Madame la directrice de cabinet,\n\u2022 Monsieur le pr\u00e9sident de Dijon M\u00e9tropole,\n\u2022 Madame le maire de Dijon,\n\u2022 Monsieur le maire de Qu\u00e9tigny,\n\u2022 Monsieur le maire de Chen\u00f4ve,\n\u2022 Madame la directrice d\u00e9partementale des territoires de la C\u00f4te-d'Or,\n\u2022 Monsieur  le  directeur  du  service  technique  des  remont\u00e9es  m\u00e9caniques  et  des \ntransports guid\u00e9s,\n\u2022 Monsieur le commandant du groupement de gendarmerie d\u00e9partemental de C\u00f4te  \nd'Or,\n\u2022 Monsieur le directeur interd\u00e9partemental de la police nationale,\n\u2022 Monsieur le directeur d\u00e9partemental des services d'incendie et de secours,\n\u2022 Monsieur le directeur r\u00e9gional de l'environnement, de l'am\u00e9nagement, et du logement  \nde Bourgogne-Franche-Comt\u00e9,\nsont charg\u00e9s, chacun en ce qui le concerne, de l'ex\u00e9cution du pr\u00e9sent arr\u00eat\u00e9, qui sera publi\u00e9  \nau recueil des actes administratifs de la pr\u00e9fecture de la C\u00f4te-d'Or.\nFait \u00e0 Dijon, le 7 novembre 2025\nPour le Pr\u00e9fet et par d\u00e9l\u00e9gation,\nLe secr\u00e9taire g\u00e9n\u00e9ral,\nSIGNE\n       Denis BRUEL\nDirection d\u00e9partementale des territoires de la C\u00f4te-d'Or - 21-2025-11-07-00002 - Arr\u00eat\u00e9 Pr\u00e9fectoral N\u00b01634 portant approbation du\ndossier de s\u00e9curit\u00e9 (DS) relatif aux travaux des secteurs Carraz, Foch gare et Valmy dans le cadre du projet CAPATRAM Tramway de\nDijon M\u00e9tropole\n9\nDRFiP Bourgogne Franche-Comt\u00e9\n21-2025-11-03-00009\nDRFIP 21- Subd\u00e9l\u00e9gation de signature en mati\u00e8re\nd'ordonnancement secondaire 03.11.2025   \nDRFiP Bourgogne Franche-Comt\u00e9 - 21-2025-11-03-00009 - DRFIP 21- Subd\u00e9l\u00e9gation de signature en mati\u00e8re d'ordonnancement\nsecondaire 03.11.2025   10\nREPUBLIQUEFRANCAISELibert\u00e9\u00c9galit\u00e9Fraternit\u00e9\nTvFINANCES PUBLIQUES\nDIRECTION GENERALE DES FINANCES PUBLIQUES \nDIRECTION REGIONALE DES FINANCES PUBLIQUES DE BOURGOGNE-\nFRANCHE-COMT\u00c9 ET DU DEPARTEMENT DE LA COTE D'OR\nD\u00e9cision de subd\u00e9l\u00e9gation de signature en mati\u00e8re d'ordonnancement secondaire\nLe directeur par int\u00e9rim du p\u00f4le pilotage et ressources de la direction r\u00e9gionale des finances\npubliques de  Bourgogne-Franche-Comt\u00e9 et du d\u00e9partement de la C\u00f4te-d'Or\nVU le  d\u00e9cret  n\u00b0  2004-374  du  29  avril  2004  relatif  au  pouvoir  des  pr\u00e9fets,  \u00e0\nl'organisation et \u00e0 l'action des services de l'\u00c9tat dans les r\u00e9gions et les d\u00e9partements, modifi\u00e9\npar le d\u00e9cret n\u00b02010-146 du 16 f\u00e9vrier 2010 et par le d\u00e9cret  n\u00b0210-687 du 24 juin 2010 ;\nVU le d\u00e9cret n\u00b02009-707 du 16 juin 2009 modifi\u00e9 relatif aux services d\u00e9concentr\u00e9s\nde la direction g\u00e9n\u00e9rale des finances publiques ;\nVU le d\u00e9cret n\u00b02012-1246 du 7 novembre 2012 relatif \u00e0 la gestion budg\u00e9taire et\ncomptable publique ;\nVU le d\u00e9cret du 10 octobre 2024 nommant M. Paul MOURIER, pr\u00e9fet de la r\u00e9gion\nBourgogne-Franche-Comt\u00e9, pr\u00e9fet de la C\u00f4te-d'Or, \u00e0 compter du 28 octobre 2024 ;\nVU l 'arr\u00eat\u00e9  du  Ministre  de  l'\u00e9conomie  et  des  finances  du  4  juin  2025  portant\naffectation de M. Patrick SALLES, Directeur du p\u00f4le pilotage et ressources \u00e0 la direction\nr\u00e9gionale des finances publiques de la Bourgogne et du d\u00e9partement de la C\u00f4te-d'Or\nVU l'arr\u00eat\u00e9  pr\u00e9fectoral  N\u00b0  935 donnant  d\u00e9l\u00e9gation  de  signature  en  mati\u00e8re\nd'ordonnancement secondaire \u00e0 M. Patrick SALLES, Administrateur de l'Etat.\nD E C I D E  :\nArticle 1 : En cas d'absence ou d'emp\u00eachement de  M. Patrick SALLES , la d\u00e9l\u00e9gation qui\nlui  est  conf\u00e9r\u00e9e  par  arr\u00eat\u00e9  du  pr\u00e9fet  de  la  r\u00e9gion  Bourgogne-Franche-Comt\u00e9  et  du\nd\u00e9partement de la C\u00f4te d'Or en date du 14 avril 2025, sera exerc\u00e9e par : \nM.  Patrice  MARMOT,  attach\u00e9  principal  d'administration  de  l'\u00c9tat,  chef  de  service\nadministratif,\nMme Lynda RENARDET-MICHEL, inspectrice principale,\nMme Christine GAMEL,  inspectrice divisionnaire.\nDRFiP Bourgogne Franche-Comt\u00e9 - 21-2025-11-03-00009 - DRFIP 21- Subd\u00e9l\u00e9gation de signature en mati\u00e8re d'ordonnancement\nsecondaire 03.11.2025   11\ngig\nArticle  2 :  La  subd\u00e9l\u00e9gation  de  signature  est  donn\u00e9e  dans  la  limite  des  conditions\nmentionn\u00e9es dans l'arr\u00eat\u00e9 pr\u00e9fectoral susvis\u00e9, pour les fonctions de mise \u00e0 disposition des\ncr\u00e9dits dans Chorus et de validation des actes initi\u00e9s dans Chorus Formulaires, \u00e0:\nM. Emmanuel GUEDJ, inspecteur des finances publiques,\nMme Christelle LAFAYE, contr\u00f4leuse des finances publiques,\nMme  St\u00e9phanie  FIX,  contr\u00f4leuse  principale  des  finances  publiques,  uniquement  pour  la\nvalidation des actes initi\u00e9s dans Chorus formulaire,\nM. Thierry INGRAIN, agent administratif principal des finances publiques, uniquement pour\nla validation des actes initi\u00e9s dans Chorus formulaire,\nMme Sylvie SUCHET, contr\u00f4leuse principale des finances publiques, uniquement pour la\nvalidation des actes initi\u00e9s dans Chorus formulaire,\nM.  S\u00e9bastien  COURTILLAT,  agent  administratif  principal  des  finances  publiques,\nuniquement pour la validation des actes initi\u00e9s dans Chorus formulaire.\nMme Elise DAVID, agente de constatation principale de 1\u00e8re classe de la Direction G\u00e9n\u00e9rale\ndes Douanes et Droits Indirects, uniquement pour la validation des actes initi\u00e9s dans Chorus\nformulaire.\nM. Christophe PONCIN-LEONARD secr\u00e9taire administratif de classe exceptionnelle, \nuniquement pour la validation des actes initi\u00e9s dans Chorus formulaire,\nM . Boris EJUPOVIC, contr\u00f4leur des finances publiques, uniquement pour la validation des\nactes initi\u00e9s dans Chorus formulaire,\nArticle  3 :  La  subd\u00e9l\u00e9gation  de  signature  est  donn\u00e9e,  dans  la  limite  des  conditions\nmentionn\u00e9es dans l'arr\u00eat\u00e9 pr\u00e9fectoral susvis\u00e9, pour les fonctions de validation des frais de\nd\u00e9placement dans chorus DT \u00e0 :\nM. Emmanuel GUEDJ, inspecteur des finances publiques, ;\nM. S\u00e9bastien COURTILLAT, agent administratif principal des finances publiques ;\nMme Elise DAVID, agente de constatation principale de 1\u00e8re classe de la Direction G\u00e9n\u00e9rale\ndes Douanes et Droits Indirects.\nArticle 4     :   Le pr\u00e9sent arr\u00eat\u00e9 sera publi\u00e9 au recueil des actes administratifs du d\u00e9partement du\nd\u00e9partement de C\u00f4te d'Or.\nFait \u00e0 Dijon, le 3 novembre 2025\nl'Administrateur de l'Etat\nPatrick SALLES\nDRFiP Bourgogne Franche-Comt\u00e9 - 21-2025-11-03-00009 - DRFIP 21- Subd\u00e9l\u00e9gation de signature en mati\u00e8re d'ordonnancement\nsecondaire 03.11.2025   12\nPr\u00e9fecture de la C\u00f4te-d'Or\nDirection des s\u00e9curit\u00e9s\n21-2025-11-06-00002\nArr\u00eat\u00e9 pr\u00e9fectoral N\u00b01633 portant interdiction\nde rassemblements festifs \u00e0 caract\u00e8re musical et\ninterdiction de circulation\nde tout v\u00e9hicule transportant du mat\u00e9riel de son\n\u00e0 destination d'un rassemblement festif\n\u00e0 caract\u00e8re musical non autoris\u00e9\nPr\u00e9fecture de la C\u00f4te-d'Or - 21-2025-11-06-00002 - Arr\u00eat\u00e9 pr\u00e9fectoral N\u00b01633 portant interdiction de rassemblements festifs \u00e0\ncaract\u00e8re musical et interdiction de circulation\nde tout v\u00e9hicule transportant du mat\u00e9riel de son \u00e0 destination d'un rassemblement festif\n\u00e0 caract\u00e8re musical non autoris\u00e9\n13\nExPREFETDE LACOTE-D'ORLibert\u00e9Egalit\u00e9Fraternit\u00e9\nDirection des s\u00e9curit\u00e9s\nBureau d\u00e9fense et s\u00e9curit\u00e9\n                                Arr\u00eat\u00e9 pr\u00e9fectoral N\u00b01633\nportant interdiction de rassemblements festifs \u00e0 caract\u00e8re musical et interdiction de circulation\nde tout v\u00e9hicule transportant du mat\u00e9riel de son \u00e0 destination d'un rassemblement festif\n\u00e0 caract\u00e8re musical non autoris\u00e9\nLe pr\u00e9fet de la C\u00f4te-d'Or\nVU le code de la s\u00e9curit\u00e9 int\u00e9rieure, notamment ses articles L. 211-5 et suivants, R. 211-2 et suivants et  \nR. 211-27 et suivants ;\nVU le code g\u00e9n\u00e9ral des collectivit\u00e9s territoriales, notamment l'article L. 2215-1 ;\nVU le code p\u00e9nal ;\nVU le code de la route ;\nVU le code de la voirie routi\u00e8re ;\nVU le d\u00e9cret n\u00b02004-374 du 29 avril 2004 modifi\u00e9 relatif aux pouvoirs des pr\u00e9fets, \u00e0 l'organisation et \u00e0  \nl'action des services de l'\u00c9tat dans les r\u00e9gions et d\u00e9partements ;\nVU  l'arr\u00eat\u00e9 pr\u00e9fectoral n\u00b0 813/SG du 13/06/2025 donnant d\u00e9l\u00e9gation de signature \u00e0 M. Denis BRUEL,  \nsecr\u00e9taire g\u00e9n\u00e9ral de la pr\u00e9fecture de la C\u00f4te-d'Or;\nCONSID\u00c9RANT que  des  organisateurs  pr\u00e9voient  r\u00e9guli\u00e8rement  des  \u00ab  free-party \u00bb  pouvant  regrouper \nplusieurs centaines de participants dans le d\u00e9partement de la C\u00f4te-d'Or  ; qu'\u00e0 titre d'exemples, de tels  \nrassemblements ont eu lieu ou ont tent\u00e9 de se tenir le 28 septembre 2024 \u00e0 C\u00eeteaux, le 26 octobre 2024  \n\u00e0  Semezanges,  le  9  novembre  2024  \u00e0  Meloisey,  le  16  novembre  2024  \u00e0  Perrigny-sur-l'Ognon,  le  29  \nnovembre 2024 \u00e0 Mavilly-Mandelot, le 22 mars 2025 \u00e0 Bagnot, le 16 mai 2025 \u00e0 Aubigny-les-Sombernon  \net le 13 juin 2025 \u00e0 Broin ;\nCONSID\u00c9RANT que,  selon  les  \u00e9l\u00e9ments  d'information  disponibles,  des  rassemblements  festifs  \u00e0  \ncaract\u00e8re musical r\u00e9pondant \u00e0 l'ensemble des caract\u00e9ristiques \u00e9nonc\u00e9es par les dispositions de l'article  \nR. 211-2 du code de la s\u00e9curit\u00e9 int\u00e9rieure, pouvant regrouper plusieurs centaines de participant s, sont  \nsusceptibles d'\u00eatre organis\u00e9s dans le d\u00e9partement de la C\u00f4te-d'Or le week-end du vendredi 07 novembre  \nau dimanche 09 novembre 2025 inclus  ; qu'un appel \u00e0 rassemblement de type F ree Party a \u00e9t\u00e9 d\u00e9tect\u00e9  \nsur les r\u00e9seaux laissant craindre qu'un \u00e9v\u00e9nement d'ampleur pourrait se tenir sur le d\u00e9partement de la  \nC\u00f4te-d'Or ;\nCONSID\u00c9RANT qu'en application des dispositions de l'article L. 211-5 du code de la s\u00e9curit\u00e9 int\u00e9rieure,  \nce  type  de  rassemblement  est  soumis  \u00e0  l'obligation  de  d\u00e9claration  pr\u00e9alable  aupr\u00e8s  du  pr\u00e9fet  de  \nd\u00e9partement,  pr\u00e9cisant  le  nombre  pr\u00e9visible  de  participants  ainsi  que  les  mesures  envisag\u00e9es  par  \nl'organisateur pour garantir la s\u00e9curit\u00e9, la salubrit\u00e9, l'hygi\u00e8ne et la tranquillit\u00e9 publiques ;\nCONSID\u00c9RANT qu'aucune d\u00e9claration pr\u00e9alable n'a \u00e9t\u00e9 d\u00e9pos\u00e9e aupr\u00e8s du pr\u00e9fet de la C\u00f4te-d'Or  ; que \nl'organisateur n'est pas identifi\u00e9 e t que les terrains sur lesquels sont susceptibles de se d\u00e9rouler ces  \nrassemblements ne sont pas connus ;\nCONSID\u00c9RANT que  ce  type  de  rassemblement  regroupant  un  grand  nombre  de  participants  peut  \nprovoquer des troubles \u00e0 l'ordre public qu'ils soient li\u00e9s \u00e0 l'augmentation du risque de conduite sous  \nl'emprise d'alcool ou de stup\u00e9fiants ou encore \u00e0 la g\u00eane occasionn\u00e9e par le niveau sonore extr\u00eamement  \nPr\u00e9fecture de la C\u00f4te-d'Or - 21-2025-11-06-00002 - Arr\u00eat\u00e9 pr\u00e9fectoral N\u00b01633 portant interdiction de rassemblements festifs \u00e0\ncaract\u00e8re musical et interdiction de circulation\nde tout v\u00e9hicule transportant du mat\u00e9riel de son \u00e0 destination d'un rassemblement festif\n\u00e0 caract\u00e8re musical non autoris\u00e9\n14\n\u00e9lev\u00e9 de la musique diffus\u00e9e ; que les moyens appropri\u00e9s en mati\u00e8re de lutte contre l'incendie et de  \nsecours aux personnes, ainsi qu'en mati\u00e8re de s\u00e9curit\u00e9 sanitaire et routi\u00e8re ne peuvent \u00eatre r\u00e9unis ;\nCONSID\u00c9RANT que dans ces circonstances, ces rassemblements sont de nature \u00e0 provoquer des  \ntroubles graves \u00e0 l'ordre public  ; que leur interdiction, qui est strictement n\u00e9cessaire et proportionn\u00e9e  \naux objectifs poursuivis, est seule de nature \u00e0 pr\u00e9venir efficacement ces troubles ;\nCONSID\u00c9RANT qu'en  l'absence  d'identification  du  lieu  g\u00e9ographique  susceptible  d'accueillir  les  \nrassemblements festifs \u00e0 caract\u00e8re musical envisag\u00e9s, et afin de donner un effet utile \u00e0 l'interdiction, il  \ny  a  lieu  d'interdire,  sauf  motif  l\u00e9gitime,  la  circulation  des  v\u00e9hicules  transportant  du  mat\u00e9riel  de  \nsonorisation sur l'ensemble des r\u00e9seaux routiers du d\u00e9partement de la C\u00f4te-d'Or ;\nSUR proposition de monsieur le secr\u00e9taire g\u00e9n\u00e9ral de la pr\u00e9fecture de la C\u00f4te-d'Or\nARR\u00caTE\nArticle 1er : L'arr\u00eat\u00e9 pr\u00e9fectoral N\u00b0 1627 du 5 novembre 2025 portant interdiction de rassemblements  \nfestifs \u00e0 caract\u00e8re musical et interdiction de circulation de tout v\u00e9hicule transportant du mat\u00e9riel de  \nson \u00e0 destination d'un rassemblement festif \u00e0 caract\u00e8re musical non autoris\u00e9 est retir\u00e9.\nArticle 2 : Les rassemblements festifs \u00e0 caract\u00e8re musical r\u00e9pondant \u00e0 l'ensemble des caract\u00e9ristiques  \n\u00e9nonc\u00e9es \u00e0 l'article R. 211-2 du code de la s\u00e9curit\u00e9 int\u00e9rieure, autres que ceux l\u00e9galement d\u00e9clar\u00e9s ou \nautoris\u00e9s, sont interdits sur l'ensemble du d\u00e9partement de la C\u00f4te-d'Or du vendredi 07 novembre  \n2025 \u00e0 16h00 au lundi 10 novembre 2025 \u00e0 08h00.\nArticle  3 :  La  circulation  de  tout  v\u00e9hicule  transportant  du  mat\u00e9riel  de  sonorisation  (notamment  \n\u00ab sound system  \u00bb et amplificateurs) \u00e0 destination d'un rassemblement festif \u00e0 caract\u00e8re musical non  \nautoris\u00e9 est interdite sur l'ensemble des r\u00e9seaux routiers du d\u00e9partement de la C\u00f4te-d'Or du vendredi \n07 novembre 2025 \u00e0 16h00 au lundi 10 novembre 2025 \u00e0 08h00.\nArticle 4 : Toute infraction au pr\u00e9sent arr\u00eat\u00e9 est passible des sanctions pr\u00e9vues par l'article R. 211-27  \ndu code de la s\u00e9curit\u00e9 int\u00e9rieure et peut donner lieu \u00e0 la saisie du mat\u00e9riel en vue de sa confiscation  \npar le tribunal.\nArticle 5 : Le secr\u00e9taire g\u00e9n\u00e9ral de la pr\u00e9fecture de la C\u00f4te-d'Or, le G\u00e9n\u00e9ral, commandant la r\u00e9gion de  \ngendarmerie  de  Bourgogne-Franche-Comt\u00e9,  commandant  le  groupement  de  gendarmerie  \nd\u00e9partementale de la C\u00f4te-d'Or et le directeur interd\u00e9partemental de la police nationale de la C\u00f4te-\nd'Or sont charg\u00e9s, chacun en ce qui le concerne, de l'ex\u00e9cution du pr\u00e9sent arr\u00eat\u00e9 qui sera publi\u00e9 au  \nrecueil des actes administratifs de la pr\u00e9fecture, et adress\u00e9 pour copie \u00e0 monsieur le procureur de la  \nR\u00e9publique pr\u00e8s le tribunal judiciaire de Dijon.\nFait \u00e0 Dijon, le 06 novembre 2025\nLe pr\u00e9fet,\nPour le pr\u00e9fet et par d\u00e9l\u00e9gation,\nLe secr\u00e9taire g\u00e9n\u00e9ral,\noriginal sign\u00e9\nDenis BRUEL\nD\u00e9lais et voies de recours     :  \nLe pr\u00e9sent arr\u00eat\u00e9 peut faire l'objet, dans un d\u00e9lai de deux mois \u00e0 compter de sa publication :\n- Soit d'un recours gracieux devant le pr\u00e9fet de la C\u00f4te-d'Or ou d'un recours hi\u00e9rarchique aupr\u00e8s du Ministre de l'int\u00e9rieur.\n- Soit d'un recours contentieux devant le tribunal administratif de Dijon (22 Rue d'Assas, 21000 Dijon). La juridiction administrative  \ncomp\u00e9tente peut \u00eatre saisie par l'application T\u00e9l\u00e9recours citoyens, accessible \u00e0 partir du site www.telerecours.fr.\nDans le cas du rejet d'un recours gracieux ou hi\u00e9rarchique, le tribunal administratif peut \u00eatre saisi dans un d\u00e9lai de deux mois \u00e0 compter  \nde la date de la d\u00e9cision de rejet.\nPr\u00e9fecture de la C\u00f4te-d'Or - 21-2025-11-06-00002 - Arr\u00eat\u00e9 pr\u00e9fectoral N\u00b01633 portant interdiction de rassemblements festifs \u00e0\ncaract\u00e8re musical et interdiction de circulation\nde tout v\u00e9hicule transportant du mat\u00e9riel de son \u00e0 destination d'un rassemblement festif\n\u00e0 caract\u00e8re musical non autoris\u00e9\n15","date":"2025-11-07","first_seen_on":"2025-11-07T17:05:26+00:00","id":"721c23fc4657f0bed35a17499f8e33b1a142cb7766807dc7ba7f4d8b5858c351","name":"RAA n\u00b0 159 du 07 novembre 2025","pdf_creation_date":"2025-11-07T15:38:03+00:00","pdf_modification_date":null,"timezone":"Europe/Paris","url":"https://www.cote-dor.gouv.fr/contenu/telechargement/24846/189893/file/recueil-21-2025-159-recueil-des-actes-administratifs-special.pdf"}
