{"administration":"pref24","administration_name":"Pr\u00e9fecture de la Dordogne","content":"PR\u00c9FET\nDE LA DORDOGNE\nRECUEIL DES ACTES\nADMINISTRATIFS SP\u00c9CIAL\nN\u00b024-2025-061\nPUBLI\u00c9 LE 24 JUILLET 2025\nSommaire\nPr\u00e9fecture de la Dordogne / P\u00f4le juridique interminist\u00e9riel\n24-2025-07-23-00001 - Arr\u00eat\u00e9 relatif \u00e0 la mise en oeuvre de la suppl\u00e9ance\nde Mme la Pr\u00e9f\u00e8te, en l'absence de M. le Secr\u00e9taire g\u00e9n\u00e9ral, du vendredi\n25 juillet \u00e0 partir de 08h00 heures jusqu'au lundi 18 ao\u00fbt 2025 \u00e0 08h00\nheures, au profit de M. Fr\u00e9d\u00e9ric CARRE, sous-pr\u00e9fet de l'arrondissement de\nBergerac\n (1 page) Page 3\n2\nPr\u00e9fecture de la Dordogne\n24-2025-07-23-00001\nArr\u00eat\u00e9 relatif \u00e0 la mise en oeuvre de la suppl\u00e9ance de\nMme la Pr\u00e9f\u00e8te, en l'absence de M. le Secr\u00e9taire\ng\u00e9n\u00e9ral, du vendredi 25 juillet \u00e0 partir de 08h00\nheures jusqu'au lundi 18 ao\u00fbt 2025 \u00e0 08h00 heures,\nau profit de M. Fr\u00e9d\u00e9ric CARRE, sous-pr\u00e9fet de\nl'arrondissement de Bergerac\nPr\u00e9fecture de la Dordogne - 24-2025-07-23-00001 - Arr\u00eat\u00e9 relatif \u00e0 la mise en oeuvre de la suppl\u00e9ance de Mme la Pr\u00e9f\u00e8te, en l'absence de M. le\nSecr\u00e9taire g\u00e9n\u00e9ral, du vendredi 25 juillet \u00e0 partir de 08h00 heures jusqu'au lundi 18 ao\u00fbt 2025 \u00e0 08h00 heures, au profit de M. Fr\u00e9d\u00e9ric CARRE,\nsous-pr\u00e9fet de l'arrondissement de Bergerac\n3\nEPREFETEDE LADORDOGNELibert\u00e9\u00c9galit\u00e9Fraternit\u00e9\nP\u00f4le juridique interminist\u00e9riel\nArr\u00eat\u00e9 relatif \u00e0 la mise en \u0153uvre de la suppl\u00e9ance de Mme la Pr\u00e9f\u00e8te, en l'absencede M. le Secr\u00e9taire g\u00e9n\u00e9ral, du vendredi 25juillet \u00e0 partir de O8h00 heures jusqu'aulundi 18 ao\u00fbt 2025 \u00e0 08h00 heures, au profit de M. Fr\u00e9d\u00e9ric CARRE, sous-pr\u00e9fet del'arrondissement de Bergerac\nLa pr\u00e9f\u00e8te de la DordogneChevalier de la L\u00e9gion d'HonneurChevalier de I'Ordre National du M\u00e9rite\nVu le d\u00e9cret n\u00b0 2004-374 du 29 avril 2004 relatif aux pouvoirs des pr\u00e9fets, \u00e0 l'organisation et\u00e0 l'action des services de l'Etat dans les r\u00e9gions et les d\u00e9partements modifi\u00e9 par le d\u00e9cretn\u00b0 2010-146 du 16 f\u00e9vrier 2010 ;Vu le d\u00e9cret du 06 novembre 2024 nommant Mme Marie AUBERT, pr\u00e9f\u00e8te de la Dordogne ;Vu le d\u00e9cret du 03 janvier 2024 portant nomination de M. Fr\u00e9d\u00e9ric CARRE, sous-pr\u00e9fet deBergerac ;Vu la circulaire NOR INT A 2100249j du 23 mars 2021 relative \u00e0 la suppl\u00e9ance et \u00e0 I'int\u00e9rimdes fonctions pr\u00e9fectorales ;Consid\u00e9rant l'absence simultan\u00e9e de Mme la pr\u00e9f\u00e8te et de M. le Secr\u00e9taire g\u00e9n\u00e9ral;\nARRETE\nArticle 1\": M. Fr\u00e9d\u00e9ric CARRE, sous-pr\u00e9fet de Bergerac, est d\u00e9sign\u00e9 pour assurer lasuppl\u00e9ance emportant d\u00e9l\u00e9gation de signature de Mme la Pr\u00e9f\u00e8te, en l'absence de M. leSecr\u00e9taire g\u00e9n\u00e9ral, du vendredi 25 juillet 2025 \u00e0 partir de 08h00 heures jusqu'aulundi 18 ao\u00fbt 2025 \u00e0 08h00 heures.Article 2 : M. Fr\u00e9d\u00e9ric CARRE est charg\u00e9 de l'ex\u00e9cution du pr\u00e9sent arr\u00eat\u00e9 qui sera publi\u00e9 aurecueil des actes administratifs des services de I'Etat en Dordogne.\nFait \u00e0 P\u00e9rigueux, le ,23 I:)'/-zoz_s\nLa pr\u00e9fete,\nbyMarie AUBERT\nPr\u00e9fecture de la Dordogne - 24-2025-07-23-00001 - Arr\u00eat\u00e9 relatif \u00e0 la mise en oeuvre de la suppl\u00e9ance de Mme la Pr\u00e9f\u00e8te, en l'absence de M. le\nSecr\u00e9taire g\u00e9n\u00e9ral, du vendredi 25 juillet \u00e0 partir de 08h00 heures jusqu'au lundi 18 ao\u00fbt 2025 \u00e0 08h00 heures, au profit de M. Fr\u00e9d\u00e9ric CARRE,\nsous-pr\u00e9fet de l'arrondissement de Bergerac\n4","date":"2025-07-24","first_seen_on":"2025-09-27T17:55:17+00:00","id":"7250d45599e3ca3dea1e7d8078489c103d9a64431965d7c10d7304e71bb21fac","name":"RAA sp\u00e9cial n\u00b01 du 24 juillet 2025","pdf_creation_date":"2025-07-24T08:34:09+00:00","pdf_modification_date":null,"timezone":"Europe/Paris","url":"https://www.dordogne.gouv.fr/contenu/telechargement/49460/384730/file/recueil-24-2025-061%20RAA%20sp%C3%A9cial%20n%C2%B01%20du%2024%20juillet%202025.pdf"}
