{"administration":"pref13","administration_name":"Pr\u00e9fecture des Bouches-du-Rh\u00f4ne","content":"PREFETDES BOUCHES-DU-RHONELibert\u00e9Egalit\u00e9Fraternit\u00e9\nCabinet\nN\u00b0 482\nARR\u00caT\u00c9 PORTANT FERMETURE DES CR\u00c8CHES ET DES \u00c9TABLISSEMENTS SCOLAIRES \nET R\u00c9GLEMENTANT TEMPORAIREMENT LA CIRCULATION DES TRANSPORTS SCO-\nLAIRES SUR LE R\u00c9SEAU ROUTIER DU D\u00c9PARTEMENT DES BOUCHES-DU-RH\u00d4NE\nDANS LE CADRE DE LA VIGILANCE M\u00c9T\u00c9O ORAGE ET PLUIE INONDATION\nLe pr\u00e9fet de la r\u00e9gion Provence-Alpes-C\u00f4te d'Azur\nPr\u00e9fet de la zone de d\u00e9fense de s\u00e9curit\u00e9 Sud\nPr\u00e9fet des Bouches-du-Rh\u00f4ne\nVu le code g\u00e9n\u00e9ral des collectivit\u00e9s territoriales et notamment l'article L2215-1 ; \nVu le code de l'action sociale et des familles et notamment l'article L214-1 ;\nVu le code de la s\u00e9curit\u00e9 int\u00e9rieure ;\nVu le code des relations entre le public et l'administration, notamment son article  \nL221-2 ;\nVu la loi du 13 ao\u00fbt 2004 de modernisation de la s\u00e9curit\u00e9 civile ;\nVu le d\u00e9cret n\u00b02004-374 du 29 avril 2004, modifi\u00e9 par le d\u00e9cret n\u00b02010-146 du 16 f\u00e9 -\nvrier 2010, relatif aux pouvoirs des pr\u00e9fets, \u00e0 l'organisation des services de l'\u00c9tat dans  \nles r\u00e9gions et d\u00e9partements et notamment son article 78-2 ;\nVu le d\u00e9cret du 3 janvier 2025 portant nomination de M. Georges-Fran\u00e7ois LECLERC  \naux fonctions de  r\u00e9fet de la r\u00e9gion Provence-Alpes-C\u00f4te d'Azur, pr\u00e9fet de la zone de \nd\u00e9fense et de s\u00e9curit\u00e9 Sud, pr\u00e9fet des Bouches-du-Rh\u00f4ne, et de pr\u00e9fet de police des  \nBouches-du-Rh\u00f4ne ;\nVu les dispositions g\u00e9n\u00e9rales ORSEC NoVi des Bouches-du-Rh\u00f4ne ; \nPlace F\u00e9lix Baret - CS 80001  \u2013 13282 Marseille Cedex 06 -\nT\u00e9l\u00e9phone : 04.84.35.40.00 \nwww.bouches-du-rhone.gouv.fr 1/3\n\nVu les dispositions sp\u00e9cifiques ORSEC inondations des Bouches-du-Rh\u00f4ne ;\nVu les dispositions ORSEC intemp\u00e9ries et \u00e9v\u00e9nements routiers Bouches-du-Rh\u00f4ne ;\nConsid\u00e9rant les pr\u00e9visions m\u00e9t\u00e9orologiques pla\u00e7ant le d\u00e9partement des Bouches-du-\nRh\u00f4ne en vigilance orange pour les param\u00e8tres orages et pluie-inondations \u00e0 compter \ndu lundi 1er septembre 2025, 00 H 00 ;\nConsid\u00e9rant la n\u00e9cessit\u00e9 absolue d'assurer la s\u00e9curit\u00e9 des \u00e9l\u00e8ves ;\nConsid\u00e9rant les difficult\u00e9s de circulation attendues sur le r\u00e9seau routier des Bouches-\ndu-Rh\u00f4ne ;\nSur proposition du sous-pr\u00e9fet d'Istres ;\nA R R \u00ca T E \nArticle 1 : les cr\u00e8ches ainsi que les \u00e9tablissements scolaires du premier degr\u00e9 et du  \nsecond degr\u00e9 situ\u00e9s dans le d\u00e9partement des Bouches-du-Rh\u00f4ne seront ferm\u00e9s le  \nlundi 1er septembre 2025.\nArticle 2 : la circulation de tous les v\u00e9hicules publics et priv\u00e9s affect\u00e9s au transport  \ndes scolaires sur le r\u00e9seau routier sera interdite le lundi 1er septembre 2025.\nArticle 3 :  La pr\u00e9sente d\u00e9cision s'applique exclusivement aux transports affect\u00e9s  \nsp\u00e9cifiquement au ramassage scolaire et non aux v\u00e9hicules de transports en commun \nqui circuleront \u00e0 l'initiative des autorit\u00e9s de transports et des exploitants en fonction  \ndes conditions constat\u00e9es localement sur leurs r\u00e9seaux.\nArticle 4 : D\u00e9lais et voies de recours \nLe pr\u00e9sent arr\u00eat\u00e9 peut \u00eatre d\u00e9f\u00e9r\u00e9, dans un d\u00e9lai de deux mois \u00e0 compter de sa  \npublication,  aupr\u00e8s  du  tribunal  administratif  de  Marseille  conform\u00e9ment  aux \ndispositions de l'article R. 421-1 du code de justice administrative. \nLa  juridiction  administrative  comp\u00e9tente  peut  \u00eatre  saisie  par  l'application  \nT\u00e9l\u00e9recours citoyen accessible \u00e0 partir du site web www.telerecours.fr.\nArticle 5 : Ex\u00e9cution \nLe secr\u00e9taire g\u00e9n\u00e9ral, le directeur de cabinet du pr\u00e9fet des Bouches-du-Rh\u00f4ne, la  \npr\u00e9f\u00e8te de police d\u00e9l\u00e9gu\u00e9e, le directeur d\u00e9partemental des territoires et de la mer,  \ndirecteur  des  services  d\u00e9partementaux  de  l'\u00e9ducation  nationale,  la  directrice \nr\u00e9gionale de l'agriculture de l'alimentation et de la for\u00eat, le directeur de la direction  \ninterd\u00e9partementale des routes M\u00e9diterran\u00e9e, le directeur interd\u00e9partemental de la  \npolice  nationale,  le  commandant  du  groupemement  de  gendarmerie  \nd\u00e9partementale, le directeur zonal de la CRS autorouti\u00e8re Sud, le pr\u00e9sident de la  \nr\u00e9gion  Provence-Alpes-C\u00f4te  d'Azur,  la  pr\u00e9sidente  de  la  m\u00e9tropole  Aix  Marseille \n2/3\nProvence,  la  pr\u00e9sidente  du  Conseil  d\u00e9partemental,  ainsi  que  les  maires  des \ncommunes sont charg\u00e9s, chacun en ce qui le concerne, de l'ex\u00e9cution du pr\u00e9sent  \narr\u00eat\u00e9 qui sera ins\u00e9r\u00e9 au recueil des actes administratifs de la pr\u00e9fecture.\nFait \u00e0 Marseille, le 31 ao\u00fbt 2025\nLe pr\u00e9fet\nsign\u00e9\nGeorges-Fran\u00e7ois LECLERC\n3/3","date":"2025-09-01","first_seen_on":"2025-08-31T22:08:30+00:00","id":"72517f16ba62be5cf28b6d593b1d50a63e42527e0c44a2f9a800fcac95f71e7d","name":"recueil-13-2025-258 BIS-recueil-des-actes-administratifs-special du 31 aout 2025","pdf_creation_date":"2025-08-31T15:29:01+00:00","pdf_modification_date":null,"timezone":"Europe/Paris","url":"https://www.bouches-du-rhone.gouv.fr/contenu/telechargement/61011/430805/file/recueil-13-2025-258%20BIS-recueil-des-actes-administratifs-special%20du%2031%20aout%202025%20.pdf"}
