{"administration":"pref83","administration_name":"Pr\u00e9fecture du Var","content":"VAR\nRECUEIL DES ACTES\nADMINISTRATIFS SP\u00c9CIAL\n(NOMINATIFS)\nN\u00b083-2024-028\nPUBLI\u00c9 LE  7 MARS 2024\nSommaire\nDirection d\u00e9partementale de l'emploi, du travail et des solidarit\u00e9s du Var /\nDirection de la DDETS\n83-2024-02-28-00056 - 212-2024-decisionRenonciation GARCIA NADEGEdu\n280224 (1 page) Page 3\nPr\u00e9fecture du VAR / Direction des s\u00e9curit\u00e9s\n83-2024-03-01-00008 - AP ext Agr\u00e9ment sign\u00e9 (2 pages) Page 5\n83-2024-03-01-00009 - AP ext Agr\u00e9ment sign\u00e9 (3 pages) Page 8\n2\nDirection d\u00e9partementale de l'emploi, du travail\net des solidarit\u00e9s du Var\n83-2024-02-28-00056\n212-2024-decisionRenonciation GARCIA\nNADEGEdu 280224\nDirection d\u00e9partementale de l'emploi, du travail et des solidarit\u00e9s du Var - 83-2024-02-28-00056 - 212-2024-decisionRenonciation\nGARCIA NADEGEdu 280224 3\nE, \u2014\nLibert\u00e9  \u00bb \u00c9galit\u00e9  \u00bb Fraternit\u00e9\nR\u00c9PUBLIQUE  FRAN\u00c7AISE\nR\u00e9f : Renonciation \u2013 GARCIA NADEGE  N\u00b0 demande 90560  du 28/02/2024\nAffaire suivie par  Anne MAGGIO\nmel : ddets-sap@var.gouv.fr\nMadame,\nVous  m'avez  inform\u00e9  de  votre  d\u00e9cision  de  cesser  les  activit\u00e9s  de  votre  organisme\nenregistr\u00e9 dans mes services sous le N\u00b0 SAP979997665.\nJe vous confirme que l'enregistrement de la d\u00e9claration de votre organisme est abrog\u00e9 \u00e0\ncompter de la r\u00e9ception de ce courrier et que votre dossier est d\u00e9sormais clos.\nJe  vous  rappelle  que  les  avantages  fiscaux  et  sociaux  associ\u00e9s  \u00e0  votre  d\u00e9claration\nd'activit\u00e9s sont supprim\u00e9s et je vous demande d'en avertir, pour le cas o\u00f9 vous ne l'auriez\npas encore fait, les b\u00e9n\u00e9ficiaires de vos prestations.\nJe reste \u00e0 votre enti\u00e8re disposition pour vous apporter toute information compl\u00e9mentaire.\nJe vous prie d'agr\u00e9er, Madame, l'expression de mes salutations distingu\u00e9es.\nFait \u00e0 CS 31209 - 83070 TOULON Cedex, \nle 28/02/24\nddets du var\nsign\u00e9 : Arnaud POULY\n316 CHE HAUT DE FAISSES \n83630 REGUSSE\nDirection d\u00e9partementale de l'emploi, du travail et des solidarit\u00e9s du Var - 83-2024-02-28-00056 - 212-2024-decisionRenonciation\nGARCIA NADEGEdu 280224 4\nPr\u00e9fecture du VAR\n83-2024-03-01-00008\nAP ext Agr\u00e9ment sign\u00e9\nPr\u00e9fecture du VAR - 83-2024-03-01-00008 - AP ext Agr\u00e9ment sign\u00e9 5\nEx\nPREFET\nDU  VAR\nL'z'berte'\nEgalit\u00e9\nFraternit\u00e9\nDirection des s\u00e9curit\u00e9s\nService de l'\u00e9ducation et\n de la s\u00e9curit\u00e9 routi\u00e8res\nP\u00f4le \u00e9ducation routi\u00e8re\nARR\u00caT\u00c9 PR\u00c9FECTORAL n\u00b02024- 13 du 1er mars 2024\nportant extension d'agr\u00e9ment d'un \u00e9tablissement d'enseignement \nde la conduite des v\u00e9hicules \u00e0 moteur et de  la s\u00e9curit\u00e9 routi\u00e8re\nLe pr\u00e9fet du Var,\nOfficier de la L\u00e9gion d'honneur\nVu le Code de la Route et notamment ses articles L 213-1 \u00e0 L 213-8 et R 213-1 \u00e0 R 213-6 ;\nVu le d\u00e9cret n\u00b0 2009-1678 du 29 d\u00e9cembre 2009 relatif \u00e0 l'enseignement de la conduite et \u00e0\nl'animation de stages de sensibilisation \u00e0 la s\u00e9curit\u00e9 routi\u00e8re ;\nVu l'arr\u00eat\u00e9 n\u00b0 0100026A du 8 janvier 2001 modifi\u00e9 du Minist\u00e8re de l'\u00c9quipement, des Transports et\ndu Logement relatif \u00e0 l'exploitation des \u00e9tablissements d'enseignement, \u00e0 titre on\u00e9reux, de la\nconduite des v\u00e9hicules \u00e0 moteur et de la s\u00e9curit\u00e9 routi\u00e8re ;\nVu le d\u00e9cret 2015-1537 du 25 novembre 2015 portant diverses dispositions relatives \u00e0 la formation\n\u00e0 la conduite et \u00e0 la s\u00e9curit\u00e9 routi\u00e8re ;\nVu  l'arr\u00eat\u00e9  pr\u00e9fectoral  n\u00b0  2024/04/MCI  du  12  f\u00e9vrier  2024  portant  d\u00e9l\u00e9gation  de  signature  \u00e0\nMadame Agn\u00e8s Bonjean, sous-pr\u00e9f\u00e8te charg\u00e9e de mission, secr\u00e9taire g\u00e9n\u00e9rale adjointe, assurant\nl'int\u00e9rim de la Directrice de cabinet de la pr\u00e9fecture du Var  ;\nVu l'arr\u00eat\u00e9 pr\u00e9fectoral du 13 octobre 2016 autorisant Monsieur Bastien MEYER, \u00e0 exploiter, \u00e0 titre\non\u00e9reux, l'\u00e9tablissement d'enseignement de la conduite des v\u00e9hicules \u00e0 moteur et de la s\u00e9curit\u00e9\nrouti\u00e8re d\u00e9nomm\u00e9 \u00abEASY CONDUITE 83\u00bb , situ\u00e9 163 Avenue Mar\u00e9chal Foch 83170 BRIGNOLES\net identifi\u00e9 sous le num\u00e9ro E1608300200 ;\nVu  l'arr\u00eat\u00e9  pr\u00e9fectoral  du  13  octobre  2021  portant  renouvellement  de  l'agr\u00e9ment  d'exploiter\nl'\u00e9tablissement d'enseignement de la conduite des v\u00e9hicules \u00e0 moteur et de la s\u00e9curit\u00e9 routi\u00e8re\nd\u00e9nomm\u00e9  \u00abEASY CONDUITE  83\u00bb ,  situ\u00e9  163  Avenue  Mar\u00e9chal  Foch  83170  BRIGNOLES  et\nidentifi\u00e9 sous le num\u00e9ro E1608300200 ; \nVu le mail du 23 f\u00e9vrier 2024 de Monsieur Bastien MEYER  par lequel il sollicite l'extension de son\nagr\u00e9ment aux cat\u00e9gories AM  ; A1 ; A2 ; A ;\n.../...\n1/2\nPr\u00e9fecture du VAR - 83-2024-03-01-00008 - AP ext Agr\u00e9ment sign\u00e9 6\nConsid\u00e9rant que la demande de l'int\u00e9ress\u00e9 remplit, ce jour, toutes les conditions r\u00e9glementaires ;\nSur proposition de  Madame la  sous-pr\u00e9f\u00e8te charg\u00e9e de mission, secr\u00e9taire g\u00e9n\u00e9rale adjointe\nassurant l'int\u00e9rim de la  directrice de cabinet du pr\u00e9fet du Var  ;\nARR  \u00ca  TE  \nARTICLE 1     :\nL'article  2  de  l'arr\u00eat\u00e9  pr\u00e9fectoral  du  13  octobre  2021  portant  renouvellement  de  l'agr\u00e9ment\nd'exploiter l'\u00e9tablissement d'enseignement de la conduite des v\u00e9hicules \u00e0 moteur et de la s\u00e9curit\u00e9\nrouti\u00e8re d\u00e9nomm\u00e9 \u00abEASY CONDUITE 83\u00bb , situ\u00e9 163 Avenue Mar\u00e9chal Foch 83170 BRIGNOLES\net identifi\u00e9 sous le num\u00e9ro E1608300200 est ainsi modifi\u00e9 :\n\u00abL'\u00e9tablissement est habilit\u00e9 \u00e0 dispenser les formations suivantes  : AAC ; B/B1/AM-Quadri\nl\u00e9ger ; AM Cyclo ; A1 ; A2 et A \u00bb.\nARTICLE 2 :\nMadame la sous-pr\u00e9f\u00e8te charg\u00e9e de mission, secr\u00e9taire g\u00e9n\u00e9rale adjointe assurant l'int\u00e9rim de la\ndirectrice de cabinet du pr\u00e9fet du Var est charg\u00e9e de l'ex\u00e9cution du pr\u00e9sent arr\u00eat\u00e9 qui sera publi\u00e9\nau recueil des actes administratifs de la pr\u00e9fecture du Var.\nARTICLE 3:\nLe pr\u00e9sent arr\u00eat\u00e9 peut faire l'objet d'un recours gracieux aupr\u00e8s du pr\u00e9fet du Var dans un d\u00e9lai de\ndeux mois \u00e0 compter de la notification du pr\u00e9sent arr\u00eat\u00e9 ou d'un recours contentieux devant le\ntribunal administratif territorialement comp\u00e9tent dans les m\u00eames conditions de d\u00e9lai.\nFait \u00e0 Toulon,\nPour le pr\u00e9fet et par d\u00e9l\u00e9gation,\nLe D\u00e9l\u00e9gu\u00e9 \u00e0 l'Education Routi\u00e8re du Var\nSign\u00e9\nDominique THIEL\nConform\u00e9ment aux dispositions de l'article R. 421-1 et suivants du code de justice administrative, le pr\u00e9sent arr\u00eat\u00e9 peut faire l'objet dans un d\u00e9lai de deuxmois \u00e0 compter de sa parution  :\u2013  d'un recours administratif (recours gracieux aupr\u00e8s du pr\u00e9fet du Var ou recours hi\u00e9rarchique aupr\u00e8s du ministre de l'int\u00e9rieur)\u2013 d'un recours contentieux devant le tribunal administratif de Toulon. Le tribunal administratif peut \u00eatre saisi par l'application informatique \u00ab  T\u00e9l\u00e9recourscitoyens \u00bb accessible par le site Internet www.telerecours.fr\n2/2Pr\u00e9fecture du VAR - 83-2024-03-01-00008 - AP ext Agr\u00e9ment sign\u00e9 7\nPr\u00e9fecture du VAR\n83-2024-03-01-00009\nAP ext Agr\u00e9ment sign\u00e9\nPr\u00e9fecture du VAR - 83-2024-03-01-00009 - AP ext Agr\u00e9ment sign\u00e9 8\nEx\nPREFET\nDU  VAR\nL'z'berte'\nEgalit\u00e9\nFraternit\u00e9\nDirection des s\u00e9curit\u00e9s\nService de l'\u00e9ducation et\n de la s\u00e9curit\u00e9 routi\u00e8res\nP\u00f4le \u00e9ducation routi\u00e8re\nARR\u00caT\u00c9 PR\u00c9FECTORAL n\u00b02024- 14 du 1er mars 2024\nportant extension d'agr\u00e9ment d'un \u00e9tablissement d'enseignement \nde la conduite des v\u00e9hicules \u00e0 moteur et de  la s\u00e9curit\u00e9 routi\u00e8re\nLe pr\u00e9fet du Var,\nOfficier de la L\u00e9gion d'honneur\nVu le Code de la Route et notamment ses articles L 213-1 \u00e0 L 213-8 et R 213-1 \u00e0 R 213-6 ;\nVu le d\u00e9cret n\u00b0 2009-1678 du 29 d\u00e9cembre 2009 relatif \u00e0 l'enseignement de la conduite et \u00e0\nl'animation de stages de sensibilisation \u00e0 la s\u00e9curit\u00e9 routi\u00e8re ;\nVu l'arr\u00eat\u00e9 n\u00b0 0100026A du 8 janvier 2001 modifi\u00e9 du Minist\u00e8re de l'\u00c9quipement, des Transports et\ndu Logement relatif \u00e0 l'exploitation des \u00e9tablissements d'enseignement, \u00e0 titre on\u00e9reux, de la\nconduite des v\u00e9hicules \u00e0 moteur et de la s\u00e9curit\u00e9 routi\u00e8re ;\nVu le d\u00e9cret 2015-1537 du 25 novembre 2015 portant diverses dispositions relatives \u00e0 la formation\n\u00e0 la conduite et \u00e0 la s\u00e9curit\u00e9 routi\u00e8re ;\nVu  l'arr\u00eat\u00e9  pr\u00e9fectoral  n\u00b0  2024/04/MCI  du  12  f\u00e9vrier  2024  portant  d\u00e9l\u00e9gation  de  signature  \u00e0\nMadame Agn\u00e8s Bonjean, sous-pr\u00e9f\u00e8te charg\u00e9e de mission, secr\u00e9taire g\u00e9n\u00e9rale adjointe, assurant\nl'int\u00e9rim de la Directrice de cabinet de la pr\u00e9fecture du Var  ;\nVu l'arr\u00eat\u00e9 pr\u00e9fectoral du 20 f\u00e9vrier 2018 autorisant Monsieur Bastien MEYER, \u00e0 exploiter, \u00e0 titre\non\u00e9reux, l'\u00e9tablissement d'enseignement de la conduite des v\u00e9hicules \u00e0 moteur et de la s\u00e9curit\u00e9\nrouti\u00e8re d\u00e9nomm\u00e9  \u00abEASY CONDUITE 83 GAREOULT\u00bb , situ\u00e9 1 boulevard du Mourillon 83136\nGAREOULT et identifi\u00e9 sous le num\u00e9ro E1808300040 ;\nVu  l'arr\u00eat\u00e9  pr\u00e9fectoral  du  14  f\u00e9vrier  2023  portant  renouvellement  de  l'agr\u00e9ment  d'exploiter\nl'\u00e9tablissement d'enseignement de la conduite des v\u00e9hicules \u00e0 moteur et de la s\u00e9curit\u00e9 routi\u00e8re\nd\u00e9nomm\u00e9 \u00abEASY CONDUITE 83 GAREOULT\u00bb , situ\u00e9 1 boulevard du Mourillon 83136 GAREOULT\net identifi\u00e9 sous le num\u00e9ro E1808300040 ; \nVu le mail du 23 f\u00e9vrier 2024 de Monsieur Bastien MEYER  par lequel il sollicite l'extension de son\nagr\u00e9ment aux cat\u00e9gories AM  ; A1 ; A2 ; A ;\n.../...\n1/2\nPr\u00e9fecture du VAR - 83-2024-03-01-00009 - AP ext Agr\u00e9ment sign\u00e9 9\nConsid\u00e9rant que la demande de l'int\u00e9ress\u00e9 remplit, ce jour, toutes les conditions r\u00e9glementaires ;\nSur proposition de  Madame la  sous-pr\u00e9f\u00e8te charg\u00e9e de mission, secr\u00e9taire g\u00e9n\u00e9rale adjointe\nassurant l'int\u00e9rim de la  directrice de cabinet du pr\u00e9fet du Var  ;\nARR  \u00ca  TE  \nARTICLE 1     :\nL'article 2 de l'arr\u00eat\u00e9 pr\u00e9fectoral du 14 f\u00e9vrier 2023 portant renouvellement de l'agr\u00e9ment d'exploiter\nl'\u00e9tablissement d'enseignement de la conduite des v\u00e9hicules \u00e0 moteur et de la s\u00e9curit\u00e9 routi\u00e8re\nd\u00e9nomm\u00e9 \u00abEASY CONDUITE 83 GAREOULT\u00bb , situ\u00e9 1 boulevard du Mourillon 83136 GAREOULT\net identifi\u00e9 sous le num\u00e9ro E1808300040 est ainsi modifi\u00e9 :\n\u00abL'\u00e9tablissement est habilit\u00e9 \u00e0 dispenser les formations suivantes  : AAC ; B/B1/AM-Quadri\nl\u00e9ger ; AM Cyclo ; A1 ; A2 et A \u00bb.\nARTICLE 2 :\nMadame la sous-pr\u00e9f\u00e8te charg\u00e9e de mission, secr\u00e9taire g\u00e9n\u00e9rale adjointe assurant l'int\u00e9rim de la\ndirectrice de cabinet du pr\u00e9fet du Var est charg\u00e9e de l'ex\u00e9cution du pr\u00e9sent arr\u00eat\u00e9 qui sera publi\u00e9\nau recueil des actes administratifs de la pr\u00e9fecture du Var.\nARTICLE 3:\nLe pr\u00e9sent arr\u00eat\u00e9 peut faire l'objet d'un recours gracieux aupr\u00e8s du pr\u00e9fet du Var dans un d\u00e9lai de\ndeux mois \u00e0 compter de la notification du pr\u00e9sent arr\u00eat\u00e9 ou d'un recours contentieux devant le\ntribunal administratif territorialement comp\u00e9tent dans les m\u00eames conditions de d\u00e9lai.\nFait \u00e0 Toulon, le 1er mars 2024\nPour le pr\u00e9fet et par d\u00e9l\u00e9gation,\nLe D\u00e9l\u00e9gu\u00e9 \u00e0 l'Education Routi\u00e8re du Var\nSign\u00e9\nDominique THIEL\n2/2Pr\u00e9fecture du VAR - 83-2024-03-01-00009 - AP ext Agr\u00e9ment sign\u00e9 10\nConform\u00e9ment aux dispositions de l'article R. 421-1 et suivants du code de justice administrative, le pr\u00e9sent arr\u00eat\u00e9 peut faire l'objet dans un d\u00e9lai de deuxmois \u00e0 compter de sa parution  :\u2013  d'un recours administratif (recours gracieux aupr\u00e8s du pr\u00e9fet du Var ou recours hi\u00e9rarchique aupr\u00e8s du ministre de l'int\u00e9rieur)\u2013 d'un recours contentieux devant le tribunal administratif de Toulon. Le tribunal administratif peut \u00eatre saisi par l'application informatique \u00ab  T\u00e9l\u00e9recourscitoyens \u00bb accessible par le site Internet www.telerecours.fr\n3/2Pr\u00e9fecture du VAR - 83-2024-03-01-00009 - AP ext Agr\u00e9ment sign\u00e9 11","date":"2024-03-07","first_seen_on":"2024-08-21T10:42:32+00:00","id":"7252e95f0db3703965f734db243231d0a80e07fc0e462735de426cf4a8e167fd","name":"RAA N\u00b0028 du 7 mars 2024","pdf_creation_date":"2024-03-07T14:15:07+00:00","pdf_modification_date":null,"timezone":"Europe/Paris","url":"https://www.var.gouv.fr/contenu/telechargement/33582/223929/file/RAA%20N%C2%B0028%20du%207%20mars%202024%20Nominatif.pdf"}
