{"administration":"prefidf","administration_name":"Pr\u00e9fecture de la r\u00e9gion \u00cele-de-France","content":"PREFECTURE\nREGION ILE DE\nFRANCE\nRECUEIL DES ACTES\nADMINISTRATIFS SP\u00c9CIAL\n(NOMINATIFS)\nN\u00b0IDF-058-2025-10\nPUBLI\u00c9 LE 27 OCTOBRE 2025\nSommaire\nAgence R\u00e9gionale de Sant\u00e9 / Direction de la D\u00e9mocratie en Sant\u00e9 et\nde la Communication-D\u00e9mocratie Sanitaire\nIDF-2025-10-27-00004 - Arr\u00eat\u00e9 n\u00b02025/23 modificatif relatif \u00e0 la\nCommission Permanente de la Conf\u00e9rence R\u00e9gionale de la Sant\u00e9 et\nde l'Autonomie d'\u00cele-de-France (7 pages) Page 3\nChambre de commerce et d'industrie de r\u00e9gion Paris - \u00cele-de-France /\nAdministration g\u00e9n\u00e9rale et droit consulaire\nIDF-2025-06-26-00014 - D\u00e9lib\u00e9ration n\u00b019-2025 portant autorisation\nde d\u00e9classement et de cession du mobilier de l'h\u00f4tel Potocki (2\npages) Page 11\nIDF-2025-10-16-00008 - D\u00e9lib\u00e9ration n\u00b028-2025 d'approbation du\nprojet de cession des titres de participation de la SCI Cam\u00e9linat-Yvelines\nau GIM (Groupe des Industries M\u00e9tallurgiques de la\nr\u00e9gion\nIle-de-France) (2 pages) Page 14\nIDF-2025-10-16-00007 - D\u00e9lib\u00e9ration n\u00b031-2025 relative \u00e0 la Vente du\nsite sis 9/11 rue du Ballon \u00e0 Noisy-Le-Grand (93) \u00e0 la Commune de\nNoisy-Le-Grand  (2 pages) Page 17\nDirection r\u00e9gionale et interd\u00e9partementale de l'alimentation, de\nl'agriculture et de la for\u00eat d'Ile de France /\nIDF-2025-10-24-00011 - Arr\u00eat\u00e9 relatif au renouvellement de la\ncomposition du comit\u00e9 r\u00e9gional de l'enseignement agricole\nd'\u00cele-de-France   (7 pages) Page 20\n2\nAgence R\u00e9gionale de Sant\u00e9\nIDF-2025-10-27-00004\nArr\u00eat\u00e9 n\u00b02025/23 modificatif relatif \u00e0 la\nCommission Permanente de la Conf\u00e9rence\nR\u00e9gionale de la Sant\u00e9 et de l'Autonomie\nd'\u00cele-de-France\nAgence R\u00e9gionale de Sant\u00e9 - IDF-2025-10-27-00004 - Arr\u00eat\u00e9 n\u00b02025/23 modificatif relatif \u00e0 la Commission Permanente de la\nConf\u00e9rence R\u00e9gionale de la Sant\u00e9 et de l'Autonomie d'\u00cele-de-France 3\nREPUBLIQUEFRANCAISELibert\u00e9Egalit\u00e9Fraternit\u00e9\ne \u00bb Agence R\u00e9gionale de Sant\u00e9Ile-de-France\n \n \n1 \n \n \n \n \nAGENCE R\u00c9GIONALE DE SANT\u00c9 \u00ceLE-DE-FRANCE \nARR\u00caT\u00c9 N\u00b02025/23 \nArr\u00eat\u00e9 modificatif relatif \u00e0 la Commission Permanente  \nde la Conf\u00e9rence R\u00e9gionale de la Sant\u00e9 et de l'Autonomie d'\u00cele-de-France \nLE DIRECTEUR G\u00c9N\u00c9RAL DE L'AGENCE R\u00c9GIONALE DE SANT\u00c9 \u00ceLE-DE-FRANCE \n   \nVU  Le code de la sant\u00e9 publique et notamment les Coll\u00e8ges L.1432-1, L.1432-4, D.1432-28 \u00e0 \nD.1432-53 ; \nVU L'arr\u00eat\u00e9 n\u00b0 2024/07 relatif \u00e0 la composition Commission Permanente de la Conf\u00e9rence \nR\u00e9gionale de la sant\u00e9 et de l'autonomie d'Ile-de-France \nVU Le d\u00e9cret du 10 avril 2024 portant nomination de Monsieur Denis ROBIN, Directeur g\u00e9n\u00e9ral \nde l'Agence r\u00e9gionale de sant\u00e9 d'\u00cele-de-France, \u00e0 compter du 29 avril 2024 ; \nVU L'arr\u00eat\u00e9 n\u00b02025/36 du 23 octobre 2025 modifiant la liste des membres de la Conf\u00e9rence \nR\u00e9gionale de la Sant\u00e9 et de l'Autonomie d'\u00cele-de-France \n \nVU L'arr\u00eat\u00e9 DS n\u00b0104/2024 du 18 juin 2024 portant d\u00e9l\u00e9gation \u00e0 Madame Marion \nBOUGEARD, Directrice de la d\u00e9mocratie en sant\u00e9 et de la communication de l'Agence \nR\u00e9gionale de Sant\u00e9 \u00cele-de-France ; \n \nVU Les d\u00e9signations : \n \n Au titre des pr\u00e9sidents  des commissions sp\u00e9cialis\u00e9es (vice -pr\u00e9sidents de la \ncommission permanente) \n- Monsieur Louis MATIAS, pr\u00e9sident de la Commission sp\u00e9cialis\u00e9e pour les prises en \ncharge et accompagnements m\u00e9dico-sociaux (CSMS) en remplacement de Monsieur \nSylvain DENIS  \n \n- Monsieur Yvan TOURJANSKY pr\u00e9sident de la Commission pr\u00e9vention en \nremplacement de Madame Isabelle GREMY \n-  \n- Monsieur le docteur Christophe LAMISSE, pr\u00e9sident du Groupe r\u00e9gional de sant\u00e9 \nmentale (GRSM)  \n \nAu sein du coll\u00e8ge 2, des repr\u00e9sentants des usagers de services de sant\u00e9 ou m\u00e9dico-\nsociaux : \n- Au titre des associations agr\u00e9\u00e9es au titre de l'article L.1114-1 du code la sant\u00e9 \npublique de : \n- Monsieur Dominique ZEZIMA (France -Rein Paris) au titre de suppl\u00e9ant en \nremplacement de Madame Odile BASSE. \n \n \n \nAgence R\u00e9gionale de Sant\u00e9 - IDF-2025-10-27-00004 - Arr\u00eat\u00e9 n\u00b02025/23 modificatif relatif \u00e0 la Commission Permanente de la\nConf\u00e9rence R\u00e9gionale de la Sant\u00e9 et de l'Autonomie d'\u00cele-de-France 4\n \nPage 2 sur 7 \n \nAu sein du coll\u00e8ge 3 repr\u00e9sentants des conseils territoriaux de sant\u00e9, de : \n- Monsieur Bernard JABIN (CTS 75) au titre de titulaire en remplacement de Monsieur \nPierre CABRET \n- Madame Romy LASSERRE (CTS 75) au titre de suppl\u00e9ante en remplacement de \nMonsieur Bernard JABIN \n \nAu sein du coll\u00e8ge 6 acteurs de la pr\u00e9vention et de l'\u00e9ducation pour la sant\u00e9 de : \n- Madame Isabelle GREMY (Haut conseil de sant\u00e9 publique) en tant que titulaire \n \nAu sein du coll\u00e8ge 7 des offreurs de sant\u00e9 :  \n- Au titre des \u00e9tablissements priv\u00e9s de sant\u00e9 \u00e0 but lucratif, de : \n- Madame H \u00e9l\u00e9na KISLER -ELKOUBY (FHP IDF)  en tant que titulaire en \nremplacement de Madame Dominique BOULANGE et de Madame Dominique \nBOULANGE (FHP IDF) en tant que suppl\u00e9ante en remplacement de Madame Kisler-\nELKOUBY. \n \n- Au titre des \u00e9tablissements publics de sant\u00e9, de : \n- Monsieur Damien HUGOT (FHF IDF ) en tant que titulaire en remplacement de \nMonsieur Eric CLAPIER  \n \n  \n \nARR\u00caTE \nCOLL\u00c8GE 1er :  L'arr\u00eat\u00e9 2024/7 du 16 f\u00e9vrier 2024 est modifi\u00e9 et la composition de la Commission \nPermanente de la conf\u00e9rence r\u00e9gionale de la sant\u00e9 et de l'autonomie d'Ile -de-France \nest fix\u00e9e de la mani\u00e8re figurant en annexe du pr\u00e9sent arr\u00eat\u00e9. \n \nCOLL\u00c8GE 2 : Un recours contre le pr\u00e9sent arr\u00eat\u00e9 peut \u00eatre form\u00e9 aupr\u00e8s du tribunal administratif de \nParis dans un d\u00e9lai de deux mois \u00e0 compter de sa notification. A l'\u00e9gard des tiers, ces \nd\u00e9lais courent \u00e0 compter de la date de publication de la d\u00e9cision au recueil des ac tes \nadministratifs de la pr\u00e9fecture de la r\u00e9gion d'\u00cele-de-France. \n \nCOLL\u00c8GE 3 :  \n \nLe Directeur g\u00e9n\u00e9ral est charg\u00e9 de l'ex\u00e9cution du pr\u00e9sent arr\u00eat\u00e9, qui sera publi\u00e9 au \nRecueil des actes administratifs de la pr\u00e9fecture de r\u00e9gion. \n \n \n  \nAgence R\u00e9gionale de Sant\u00e9 - IDF-2025-10-27-00004 - Arr\u00eat\u00e9 n\u00b02025/23 modificatif relatif \u00e0 la Commission Permanente de la\nConf\u00e9rence R\u00e9gionale de la Sant\u00e9 et de l'Autonomie d'\u00cele-de-France 5\nsigh\"\n \nPage 3 sur 7 \n \n \nFait \u00e0 Saint-Denis, le 27 octobre 2025 \n \nLe Directeur g\u00e9n\u00e9ral \nde l'Agence r\u00e9gionale de sant\u00e9 \n\u00cele-de-France \n  Denis ROBIN  \n \n Par d\u00e9l\u00e9gation, \n \n \nCorentine NEPPEL  \nDirectrice adjointe en charge de la \nd\u00e9mocratie en sant\u00e9  \nDirection de la d\u00e9mocratie en sant\u00e9 et \nde la communication \u2013 DESCOM \n  \nAgence R\u00e9gionale de Sant\u00e9 - IDF-2025-10-27-00004 - Arr\u00eat\u00e9 n\u00b02025/23 modificatif relatif \u00e0 la Commission Permanente de la\nConf\u00e9rence R\u00e9gionale de la Sant\u00e9 et de l'Autonomie d'\u00cele-de-France 6\n \nPage 4 sur 7 \n \nANNEXE \n \nComposition de la Commission Permanente \nde la Conf\u00e9rence r\u00e9gionale de la Sant\u00e9 et de l'Autonomie d'\u00cele-de-France \n \n \n\u2022 En tant que pr\u00e9sidents de la CRSA et des commissions sp\u00e9cialis\u00e9es (vice -pr\u00e9sidents de la \ncommission permanente) :  \nTitulaires \nLe pr\u00e9sident de la Conf\u00e9rence R\u00e9gionale de la Sant\u00e9 et de l'Autonomie (CRSA):  \nMonsieur Renaud COUPRY \nLe pr\u00e9sident de la Commission Sp\u00e9cialis\u00e9e de l'Organisation des Soins (CSOS):  \nMonsieur Francis BRUNELLE \nLe pr\u00e9sident de la Commission s p\u00e9cialis\u00e9e po ur les prises en charge et accompagnements m\u00e9dico -\nsociaux (CSMS) :  \nMonsieur Louis MATIAS \nLe pr\u00e9sident de la Commission sp\u00e9cialis\u00e9e de la pr\u00e9vention : \nMonsieur Yvan TOURJANSKY \nLe pr\u00e9sident de la C ommission sp\u00e9cialis\u00e9e dans le domaine des droits des usagers du syst\u00e8me de \nsant\u00e9 (CSDU) :  \nMonsieur Jean WILS \nLe pr\u00e9sident du Groupe r\u00e9gional de sant\u00e9 mentale (GRSM) : \nDocteur Christophe LAMISSE \n \n \nColl\u00e8ge 1 : Le premier coll\u00e8ge est compos\u00e9 de repr\u00e9sentants des collectivit\u00e9s territoriales.  \nIl comprend deux membres : \n \nTitulaires Suppl\u00e9ants \nMonsieur le Pr\u00e9sident du Conseil D\u00e9partemental de \nSeine-et-Marne  \nou son repr\u00e9sentant titulaire :  \nMadame Anne GBIORCZYK,  \nVice-pr\u00e9sidente d\u00e9l\u00e9gu\u00e9e de l'enfance,  \nde la famille et de la pr\u00e9sence m\u00e9dicale \nMonsieur Bernard COZIC,  \nVice-pr\u00e9sident d\u00e9l\u00e9gu\u00e9 aux solidarit\u00e9s \n \nMadame V\u00e9ronique VEAU,  \nVice-pr\u00e9sidente en charge de la culture et du \npatrimoine \n \nTitulaires Suppl\u00e9ants \nEn attente de d\u00e9signation En attente de d\u00e9signation \nAgence R\u00e9gionale de Sant\u00e9 - IDF-2025-10-27-00004 - Arr\u00eat\u00e9 n\u00b02025/23 modificatif relatif \u00e0 la Commission Permanente de la\nConf\u00e9rence R\u00e9gionale de la Sant\u00e9 et de l'Autonomie d'\u00cele-de-France 7\n \nPage 5 sur 7 \n \n \nColl\u00e8ge 2 : Le deuxi\u00e8me coll\u00e8ge est compos\u00e9 de repr\u00e9sentants des usagers de serv ices de sant\u00e9 \nou m\u00e9dico-sociaux : \na) Pour les associations agr\u00e9\u00e9es au titre de l'Coll\u00e8ge L.1114-1 du code la sant\u00e9 publique : \nTitulaires Suppl\u00e9ants \nMonsieur Sidi Mohammed GHADI  \n(Association des familles victimes du saturnisme) \nDominique ZEZIMA (France Rein Paris)  \nMonsieur Jean-Pierre BESNARD  \n(VMEH \u2013 Visite des malades dans les \n\u00e9tablissements hospitaliers) \nEn attente de d\u00e9signation En attente de d\u00e9signation \n \n \nColl\u00e8ge 3 : Le troisi\u00e8me coll\u00e8ge est compos\u00e9 de repr\u00e9sentants des conseils territoriaux de sant\u00e9 :  \nTitulaires Suppl\u00e9ants \nMonsieur Bernard JABIN (CTS 75) Romy LASSERRE (CTS 75)   \n \n \nColl\u00e8ge 4 : Le quatri\u00e8me coll\u00e8ge est compos\u00e9 des partenaires sociaux : \n \na) Pour les organisations syndicales de salari\u00e9s repr\u00e9sentatives : \nTitulaires Suppl\u00e9ants \nMadame Isabelle CAYLA (CFDT IDF) \nMonsieur Philippe PATRY (CFDT IDF) \nMadame Gwenaelle YVINEC (CFDT IDF) \n \n \nColl\u00e8ge 5 : Le cinqui\u00e8me coll\u00e8ge est compos\u00e9 d'acteurs de la coh\u00e9sion et de la protection sociale : \n \nTitulaire Suppl\u00e9ants \nMonsieur Pascal BOUCART (URIOPSS IDF)  \nMonsieur Simon BURRUNI (URIOPSS IDF) \nMadame Judith OLLE (URIOPSS IDF) \n \n  \nAgence R\u00e9gionale de Sant\u00e9 - IDF-2025-10-27-00004 - Arr\u00eat\u00e9 n\u00b02025/23 modificatif relatif \u00e0 la Commission Permanente de la\nConf\u00e9rence R\u00e9gionale de la Sant\u00e9 et de l'Autonomie d'\u00cele-de-France 8\n \nPage 6 sur 7 \n \nColl\u00e8ge 6 : Le sixi\u00e8me coll\u00e8ge est compos\u00e9 d'acteurs de la pr\u00e9vention et de l'\u00e9ducation pour la \nsant\u00e9 : \n \nTitulaires Suppl\u00e9ants \nIsabelle GREMY (Haut conseil de sant\u00e9 publique) En attente de d\u00e9signation \n \n \nColl\u00e8ge 7 : Le septi\u00e8me coll\u00e8ge est compos\u00e9 des offreurs des services de sant\u00e9 : \n \na) Pour les \u00e9tablissements publics de sant\u00e9 :  \nTitulaires Suppl\u00e9ants \nDamien HUGOT  \nD\u00e9l\u00e9gu\u00e9 r\u00e9gional adjoint (FHF IDF)  \nMadame Isabelle PERSEC\u2013  \nD\u00e9l\u00e9gu\u00e9e r\u00e9gionale (FHF IDF)  \n  \n \n \nb) Pour les \u00e9tablissements priv\u00e9s de sant\u00e9 \u00e0 but lucratif : \nTitulaires Suppl\u00e9ants \nMadame Helena KISLER-ELKOUBY,  \nD\u00e9l\u00e9gu\u00e9e g\u00e9n\u00e9rale (FHP IDF) \n \nMonsieur Patrick SERRIERE,  \nPr\u00e9sident de la F\u00e9d\u00e9ration Hospitali\u00e8re Priv\u00e9e Ile -\nde-France (FHP) \n \n \nMadame Dominique BOULANGE,  \nPr\u00e9sidente du centre m\u00e9dico - chirurgical \nAmbroise Par\u00e9, Pierre CHEREST et HARTMANN \n(92) (FHP IDF) \n \n \nc) Pour les pr\u00e9sidents de conf\u00e9rence m\u00e9dicale d'\u00e9tablissement : \nTitulaires Suppl\u00e9ants \nDocteur Marc ZARKA Clinique de L'Essonne , \u00c9vry-\nCourcouronnes \nDocteur J\u00e9r\u00f4me HORVILLEUR Institut \nCardiovasculaire Paris Sud \n \nDocteur Marine COROIR Clinique Maussins  \nNollet, Paris \n  \n \n  \nAgence R\u00e9gionale de Sant\u00e9 - IDF-2025-10-27-00004 - Arr\u00eat\u00e9 n\u00b02025/23 modificatif relatif \u00e0 la Commission Permanente de la\nConf\u00e9rence R\u00e9gionale de la Sant\u00e9 et de l'Autonomie d'\u00cele-de-France 9\n \nPage 7 sur 7 \n \n \nd) et e) Pour les personnes morales gestionnaires d'instit utions accueillant des personnes  \nhandicap\u00e9es et des personnes \u00e2g\u00e9es : \nTitulaires Suppl\u00e9ants \nMadame Claire PARDOEN, \nDirectrice URIOPSS IDF  \n \nMadame Charlotte LEBRUN  \nURIOPSS IDF \n \n \nTitulaires Suppl\u00e9ants \n  \nEn attente de d\u00e9signation \n \n \nEn attente de d\u00e9signation \n \n \nf) Pour les unions r\u00e9gionales des professionnels de sant\u00e9 lib\u00e9raux (URPS) :  \n \nTitulaires \nSuppl\u00e9ants \nEn attente de d\u00e9signation  \nMadame Anne-Sophie HADELER,  \nURPS Orthophonistes IDF \nDocteur Eric DOURIEZ  \nURPS Pharmaciens IDF \n \n \nColl\u00e8ge 10 : Le huiti\u00e8me coll\u00e8ge est compos\u00e9 des personnalit\u00e9s qualifi\u00e9es : \nTitulaire \nMonsieur Jean-Pierre BURNIER \nMadame Olivia GROSS, vice -pr\u00e9sidente de la commission sp\u00e9cialis\u00e9e dans le domaine des droits des \nusagers du syst\u00e8me de sant\u00e9 \n \nAgence R\u00e9gionale de Sant\u00e9 - IDF-2025-10-27-00004 - Arr\u00eat\u00e9 n\u00b02025/23 modificatif relatif \u00e0 la Commission Permanente de la\nConf\u00e9rence R\u00e9gionale de la Sant\u00e9 et de l'Autonomie d'\u00cele-de-France 10\nChambre de commerce et d'industrie de r\u00e9gion\nParis - \u00cele-de-France\nIDF-2025-06-26-00014\nD\u00e9lib\u00e9ration n\u00b019-2025 portant autorisation de\nd\u00e9classement et de cession du mobilier de\nl'h\u00f4tel Potocki\nChambre de commerce et d'industrie de r\u00e9gion Paris - \u00cele-de-France - IDF-2025-06-26-00014 - D\u00e9lib\u00e9ration n\u00b019-2025 portant\nautorisation de d\u00e9classement et de cession du mobilier de l'h\u00f4tel Potocki 11\nG CCI PARIS ILE-DE-FRANCE\nChambre de commerce et d'industrie de r\u00e9gion Paris Ile-de-France 1/2 \n27 avenue de Friedland - 75382 Paris cedex 08 \nT. 01 55 65 44 44 (prix d'un appel local) www.cci-paris-idf.fr \n \nEXTRAIT DU PROC\u00c8S-VERBAL DE LA S\u00c9ANCE D'ASSEMBL\u00c9E G\u00c9N\u00c9RALE \nDE LA CHAMBRE DE COMMERCE ET D'INDUSTRIE \nDE R\u00c9GION PARIS \u00ceLE-DE-FRANCE DU 26 JUIN 2025 \n-  D ELIBERATION  \u2013 \n \nD\u00e9lib\u00e9ration n\u00b019-2025 \n \n \n \nObjet :  \nAutorisation de \nd\u00e9classement et de \ncession du mobilier \nde l'h\u00f4tel Potocki \n \nRapporteur : \nDominique RESTINO \n \n \n \n \n \n \n \n \n \n \n \n \n \n \n \n \n \n \n \n \n \n \n \nNombre de membres \nen exercice :  92 \nQuorum :  47 \nVotes :  55 \nVoix pour : 55 \nVoix contre : 0 \nAbstention :  0 \nETAIENT PR\u00c9SENTS OU REPR\u00c9SENT\u00c9S :  \nShaoul ABRAMCZYK \u2013  Jean-Paul AGON \u2013  Nathalie AMASSE \u2013\u2013 Nadia AYADI \u2013  G\u00e9rald BARBIER \u2013  \nMuriel BARNEOUD \u2013  Pierre-Jean BAUDEY-VIGNAUD \u2013 Edwige BECKER \u2013 J\u00e9r\u00f4me BEDIER \u2013  Marcel \nBENEZET \u2013 Jean-Lou BLACHIER \u2013  Bastien BRUNIS \u2013\u2013  Rachel CHICHEPORTICHE \u2013 Bernard COHEN-\nHADAD \u2013 G\u00e9rard DELMAS \u2013 Dominique DENIS \u2013 Bruno DIDIER \u2013 Danielle DUBRAC \u2013 Philippe ECRAN \n\u2013 Paola FABIANI \u2013 Beno\u00eet FEYTIT \u2013 J\u00e9r\u00f4me FRANTZ  \u2013 Philippe GOETZMANN  \u2013 Brigitte GOTTI \u2013 \nV\u00e9ronique GOU \u2013 Dominique GUILLOU \u2013  Jean-Charles HERRENSCHMIDT \u2013  Jean-Robert \nJACQUEMARD \u2013 Nordine JAFRI \u2013  Pierre KUCHLY \u2013 Edmond DE LA PANOUSE \u2013 Michel LAURENT \u2013  \nIsabelle LERIQUIER \u2013\u2013 Lydie LIENHART \u2013 Christine LOIZY \u2013 Soumia MALINBAUM \u2013 Bernard MICHEL \u2013 \nDominique MOCQUAX \u2013 Beno\u00eet MONROCHE \u2013 Jean-Marc MORANDI \u2013 Marie-Christine OGHLY \u2013  \nPascal PELTIER \u2013 Aur\u00e9lie PERRUCHE \u2013 Karima RAFIK \u2013 Jos\u00e9 RAMOS \u2013 Myriam RANGAN \u2013 Dominique \nRESTINO  \u2013 Claude de SAINT -VINCENT \u2013 Sylvie SALINIE \u2013  Thomas TCHEN \u2013  Pascal TEURQUETIL \u2013  \nCorinne THEVENIAU \u2013 St\u00e9phanie TONDINI \u2013 Pierre TROUILLET \u2013 Jackie TROY \u2013 Fr\u00e9d\u00e9ric VERNHES \u2013 \nCorinne VIEILLEMARD. \n \nETAIENT ABSENTS OU EXCUS\u00c9S :  \nAhmed AKAABOUN \u2013 Elisabeth AUDER \u2013 Tanneguy AUDIC DE QUERNEN \u2013 Micha\u00ebl BELISSA \u2013 Saliha \nBENNACER \u2013 Jean BOUZID \u2013  Catherine BRONSARD \u2013 Guillaume CAIROU \u2013  Cyril CAPLIEZ \u2013  Magali \nCARRE \u2013 Arnaud CAUJOLLE \u2013 Thene DIA \u2013 Porfirio ESTEVES \u2013 Alain EYGRETEAU \u2013 Frank GENTIN \u2013\u2013 \nBeno\u00eet HUVER \u2013 Katia KAZANDJIEFF-FRAIOLI \u2013 Didier KLING \u2013 Fabrice LABORDE \u2013 Jo\u00eblle LELLOUCHE \n\u2013 Fabienne LICHENTIN \u2013  Merry LIUZZO \u2013 Daniel NABET \u2013  Gilles OURAGHI \u2013  Agn\u00e8s PARMENTIER \u2013  \nLaurent PFEIFFER \u2013 Alexandre POCHON \u2013 Patrick PONTHIER \u2013 Patrick RAKOTOSON Jean-Paul RIGAL \n\u2013 C\u00e9cile de SAINT-MICHEL \u2013 Annick SCHWEBIG \u2013 Marie-Laure SIMONIN-BRAUN \u2013 Beno\u00eet SOURY \u2013. \nSoed TOUMI. \n_____________ \n \nLa Chambre de Commerce et d'Industrie de R\u00e9gion Paris-Ile de France (CCIR),  \n \nRappelant :  \n \n- que l'Assembl\u00e9e g\u00e9n\u00e9rale a d\u00e9cid\u00e9 un projet de transformation de la CCIR dont l'un \ndes volets immobiliers a \u00e9t\u00e9 la signature du bail emphyt\u00e9otique de l'h\u00f4tel Potocki \npour une dur\u00e9e de 80 ans  ; l'autre \u00e9tant le d\u00e9m\u00e9nagement sur le site de Jouhaux \nToudic r\u00e9am\u00e9nag\u00e9 \u00e0 cet effet ; \n \n- que ce nouveau site, moderne et flexible, doit permettre de favoriser la transversalit\u00e9 \ndes services et de changer l'image de la CCIR aupr\u00e8s de ses ressortissants ; \n \n- qu'un inventaire d\u00e9taill\u00e9 men\u00e9 par des experts d'une maison de vente, s\u00e9lectionn\u00e9e \npar un appel d'offres, a \u00e9t\u00e9 r\u00e9alis\u00e9 en vue de l'arbitrage sur l'avenir du mobilier ; \nChambre de commerce et d'industrie de r\u00e9gion Paris - \u00cele-de-France - IDF-2025-06-26-00014 - D\u00e9lib\u00e9ration n\u00b019-2025 portant\nautorisation de d\u00e9classement et de cession du mobilier de l'h\u00f4tel Potocki 12\n6juin 5\nAssembl\u00e9e g\u00e9n\u00e9rale de la CCI Paris Ile-de-France du 26 juin 2025 \u2013 D\u00e9lib\u00e9ration n\u00b019-2025 2/2 \n \n- que la pr\u00e9sente d\u00e9lib\u00e9ration ne concerne pas le mobilier class\u00e9 ou immobilier par \ndestination, ni celui pouvant pr\u00e9senter un int\u00e9r\u00eat public du point de vue de l'histoire, \nde l'art, de l'arch\u00e9ologie, de la science ou de la technique. \n \nConsid\u00e9rant : \n- que le mobilier pr\u00e9sent dans le site historique n'est pas adapt\u00e9 au nouveau site, ni \npar sa fonctionnalit\u00e9, ni par son ergonomie ou son esth\u00e9tique,  en particulier le \nmobilier courant et le mobilier de style tels que d\u00e9crits dans l'inventaire joint en \nannexe. \n \no Le mobilier de style \nIl s'agit-l\u00e0 de copies de bonne facture de mobilier et \u0153uvres d'art de diff\u00e9rentes \n\u00e9poques produites au XIX si\u00e8cle que l'on trouve dans l'ensemble du b\u00e2timent, \nnotamment dans les bureaux du pr\u00e9sident, du directeur g\u00e9n\u00e9ral et dans les espaces \nde r\u00e9ception. \n \no Le mobilier courant \nCette cat\u00e9gorie regroupe le reste du mobilier pr\u00e9sent dans les bureaux des \ncollaborateurs (armoires, bureaux, tables, chaises, porte- manteaux, etc.). On \nretrouve \u00e9galement dans cette cat\u00e9gorie le mobilier courant des sites de Pont \nCardinet et de Tocqueville qui ne sera pas transf\u00e9r\u00e9 \u00e0 Jouhaux-Toudic. \n \nD\u00e9lib\u00e8re et d\u00e9cide :  \n- de d\u00e9classer du domaine public l'ensemble du mobilier ; \n \n- d'organiser une vente publique du mobilier sous le contr\u00f4le de la maison ADER \ntitulaire d'un march\u00e9 sp\u00e9cifique ; \n \n- d'habiliter le Directeur de la Strat\u00e9gie Immobili\u00e8re \u00e0 accomplir tous les actes \nn\u00e9cessaires \u00e0 l'ex\u00e9cution de la pr\u00e9sente d\u00e9lib\u00e9ration. \n \n(La d\u00e9lib\u00e9ration est approuv\u00e9e : 55 voix pour) \n \n \n \nLe 26 juin 2025 \nCOPIE CERTIFIEE CONFORME A L'ORIGINAL  \nPAR DELEGATION DU PRESIDENT \n \n \n \n \n \n \nFrance MOROT-VIDELAINE \nDirectrice g\u00e9n\u00e9rale adjointe charg\u00e9e des Partenariats, de \nl'Observation, de la Prospective et des \u00e9tudes \n \n \nSIGNE \nChambre de commerce et d'industrie de r\u00e9gion Paris - \u00cele-de-France - IDF-2025-06-26-00014 - D\u00e9lib\u00e9ration n\u00b019-2025 portant\nautorisation de d\u00e9classement et de cession du mobilier de l'h\u00f4tel Potocki 13\nChambre de commerce et d'industrie de r\u00e9gion\nParis - \u00cele-de-France\nIDF-2025-10-16-00008\nD\u00e9lib\u00e9ration n\u00b028-2025 d'approbation du projet\nde cession des titres de participation de la SCI\nCam\u00e9linat-Yvelines au GIM (Groupe des\nIndustries M\u00e9tallurgiques de la\nr\u00e9gion Ile-de-France)\nChambre de commerce et d'industrie de r\u00e9gion Paris - \u00cele-de-France - IDF-2025-10-16-00008 - D\u00e9lib\u00e9ration n\u00b028-2025 d'approbation du\nprojet de cession des titres de participation de la SCI Cam\u00e9linat-Yvelines au GIM (Groupe des Industries M\u00e9tallurgiques de la\nr\u00e9gion Ile-de-France)\n14\nG CCI PARIS ILE-DE-FRANCE\nChambre de commerce et d'industrie de r\u00e9gion Paris Ile-de-France 1/2 \n27 avenue de Friedland - 75382 Paris cedex 08 \nT. 01 55 65 44 44 (prix d'un appel local) www.cci-paris-idf.fr \n \nEXTRAIT DU PROC\u00c8S-VERBAL DE LA S\u00c9ANCE D'ASSEMBL\u00c9E G\u00c9N\u00c9RALE \nDE LA CHAMBRE DE COMMERCE ET D'INDUSTRIE \nDE R\u00c9GION PARIS \u00ceLE-DE-FRANCE DU 16 OCTOBRE 2025 \n-  D ELIBERATION  \u2013 \n \nD\u00e9lib\u00e9ration n\u00b028-2025 \n \n \n \nObjet :  \n \nApprobation du projet \nde cession des titres de \nparticipation de la SCI \nCam\u00e9linat-Yvelines au \nGIM (Groupe des \nIndustries \nM\u00e9tallurgiques de la \nr\u00e9gion Ile-de-France) \n \n \nRapporteur : \nDominique RESTINO \n \n \n \n \n \n \n \n \n \nNombre de membres \nen exercice :  92 \nQuorum :  47 \nVotes :  64 \nVoix pour : 64 \nVoix contre : 0 \nAbstention :  0 \nETAIENT PR\u00c9SENTS OU REPR\u00c9SENT\u00c9S :  \nShaoul ABRAMCZYK \u2013 Jean-Paul AGON \u2013  Nathalie AMASSE \u2013 Elisabeth AUDER \u2013  Tanneguy AUDIC DE \nQUERNEN \u2013Nadia AYADI \u2013 G\u00e9rald BARBIER \u2013  Muriel BARNEOUD \u2013  Pierre-Jean BAUDEY-VIGNAUD \u2013 \nEdwige BECKER \u2013  J\u00e9r\u00f4me BEDIER \u2013 Marcel BENEZET \u2013 Saliha BENNACER \u2013  Jean-Lou BLACHIER \u2013 Jean \nBOUZID \u2013 Bastien BRUNIS \u2013 Guillaume CAIROU \u2013 Rachel CHICHEPORTICHE \u2013 Bernard COHEN-HADAD \u2013 \nG\u00e9rard DELMAS \u2013Dominique DENIS \u2013  Thene DIA \u2013 Danielle DUBRAC \u2013  Philippe ECRAN \u2013  Alain \nEYGRETEAU \u2013 Beno\u00eet FEYTIT \u2013  J\u00e9r\u00f4me FRANTZ \u2013  Philippe GOETZMANN \u2013  Brigitte GOTTI \u2013 V\u00e9ronique \nGOU \u2013 Dominique GUILLOU \u2013  Jean-Charles HERRENSCHMIDT \u2013 Katia KAZANDJIEFF-FRAIOLI \u2013 Pierre \nKUCHLY \u2013 Edmond DE LA PANOUSE \u2013  Michel LAURENT \u2013  Jo\u00eblle LELLOUCHE \u2013 Isabelle LERIQUIER \u2013  \nFabienne LICHENTIN \u2013 Lydie LIENHART \u2013 Christine LOIZY \u2013 Soumia MALINBAUM \u2013 Bernard MICHEL \u2013 \nDominique MOCQUAX \u2013Beno\u00eet MONROCHE \u2013 Jean-Marc MORANDI \u2013 Marie-Christine OGHLY \u2013 Aur\u00e9lie \nPERRUCHE \u2013 Patrick PONTHIER \u2013  Karima RAFIK \u2013  Patrick RAKOTOSON \u2013 Jos\u00e9 RAMOS \u2013 Dominique \nRESTINO \u2013 Claude de SAINT-VINCENT \u2013 Sylvie SALINIE \u2013 Annick SCHWEBIG \u2013 Thomas TCHEN \u2013 Pascal \nTEURQUETIL \u2013 Corinne THEVENIAU \u2013  Soed TOUMI \u2013 Pierre TROUILLET \u2013 Jackie TROY \u2013 Fr\u00e9d\u00e9ric \nVERNHES \u2013 Corinne VIEILLEMARD \n \nETAIENT ABSENTS OU EXCUS\u00c9S :  \nAhmed AKAABOUN \u2013Micha\u00ebl BELISSA \u2013Catherine BRONSARD \u2013 Cyril CAPLIEZ \u2013 Magali CARRE \u2013 Arnaud \nCAUJOLLE \u2013 Bruno DIDIER \u2013 Porfirio ESTEVES \u2013 Paola FABIANI \u2013 Frank GENTIN \u2013 Beno\u00eet HUVER \u2013 Jean-\nRobert JACQUEMARD \u2013  Nordine JAFRI \u2013  Didier KLING \u2013  Fabrice LABORDE \u2013 Merry LIUZZO \u2013 Daniel \nNABET \u2013 Gilles OURAGHI \u2013  Agn\u00e8s PARMENTIER \u2013  Pascal PELTIER \u2013  Laurent PFEIFFER \u2013 Alexandre \nPOCHON \u2013 Myriam RANGAN \u2013  Jean-Paul RIGAL \u2013  C\u00e9cile de SAINT- MICHEL \u2013 Marie-Laure SIMONIN-\nBRAUN \u2013 Beno\u00eet SOURY \u2013 St\u00e9phanie TONDINI  \n_____________ \nLa Chambre de commerce et d'industrie de r\u00e9gion Paris \u00cele-de-France, \nVu l'article R 712-7 du code de commerce ; \nVu l'article 16, section 1, Chapitre 2 du r\u00e8glement int\u00e9rieur de la CCI Paris Ile-de-France relatif \naux comp\u00e9tences de l'Assembl\u00e9e g\u00e9n\u00e9rale de la CCI Paris \u00cele-de-France ; \n \nRappelant que : \n \n\u2022 La SCI Cam\u00e9linat -Yvelines, soci\u00e9t\u00e9 civile immobili\u00e8re, poss\u00e8de un ensemble \nimmobilier au 6 rue Cam\u00e9linat \u00e0 Mantes -la-Jolie (ensemble immobilier tertiaire \nd'environ 7 237 m\u00b2 sur un terrain de 12 631 m\u00b2). \n \nConsid\u00e9rant que : \n \n\u2022 la valorisation de 5 100 000 \u20ac par la Chambre des Notaires de Paris de l'ensemble immobilier \nd\u00e9tenu par la SCI Cam\u00e9linat-Yvelines ; \nChambre de commerce et d'industrie de r\u00e9gion Paris - \u00cele-de-France - IDF-2025-10-16-00008 - D\u00e9lib\u00e9ration n\u00b028-2025 d'approbation du\nprojet de cession des titres de participation de la SCI Cam\u00e9linat-Yvelines au GIM (Groupe des Industries M\u00e9tallurgiques de la\nr\u00e9gion Ile-de-France)\n15\n64\n16 octobre 5\nAssembl\u00e9e g\u00e9n\u00e9rale de la CCI Paris Ile-de-France du 16 octobre 2025 \u2013 D\u00e9lib\u00e9ration n\u00b028-2025 2/2 \n \n\u2022 que le GIM (Groupe des Industries M\u00e9tallurgiques de la r\u00e9gion Ile -de-\nFrance), actuellement actionnaire de la SCI Cam\u00e9linat \u00e0 hauteur de 5 % du capital, \na manifest\u00e9 son int\u00e9r\u00eat pour acqu\u00e9rir l'int\u00e9gralit\u00e9 des parts d\u00e9tenues par la CCIR soit \n35 % de la SCI Cam\u00e9linat-Yvelines, selon la m\u00e9thode suivante : 35 % x (5 100 000\u20ac \n(actifs immobiliers) + autres actifs \u00e0 date de l'op\u00e9ration \u2013 dettes de la SCI \u00e0 date de \nl'op\u00e9ration) ; \n\u2022 l'estimation du prix de cession bas\u00e9e sur les comptes de la SCI Cam\u00e9linat-Yvelines \nau 31/12/2024 est de 1 626 394\u20ac ; \n\u2022 l'avis de la commission des finances de la CCI de r\u00e9gion Paris \u00cele-de-France. \n \nD\u00e9lib\u00e8re et d\u00e9cide : \n \n\u2022 d'approuver la cession par la CCI de r\u00e9gion Paris \u00cele- de-France des titres SCI \nCam\u00e9linat-Yvelines selon la m\u00e9thode susmentionn\u00e9e ; \n\u2022 d'habiliter le Pr\u00e9sident de la CCI de r\u00e9gion Paris \u00cele- de-France, ou toute autre \npersonne qu'il se substituera, \u00e0 accomplir les formalit\u00e9s n\u00e9cessaires \u00e0 la mise en \n\u0153uvre de la pr\u00e9sente d\u00e9lib\u00e9ration. \n \n(La d\u00e9lib\u00e9ration est approuv\u00e9e : 64 voix pour) \n \n \n \nLe 16 octobre 2025 \nCOPIE CERTIFIEE CONFORME A L'ORIGINAL  \nPAR DELEGATION DU PRESIDENT \n \n \n \n \n \n \n \n \n \n \nFrance MOROT-VIDELAINE \nDirectrice g\u00e9n\u00e9rale adjointe charg\u00e9e des Partenariats, de \nl'Observation, de la Prospective et des \u00e9tudes \n \n \nSIGNE \n \nChambre de commerce et d'industrie de r\u00e9gion Paris - \u00cele-de-France - IDF-2025-10-16-00008 - D\u00e9lib\u00e9ration n\u00b028-2025 d'approbation du\nprojet de cession des titres de participation de la SCI Cam\u00e9linat-Yvelines au GIM (Groupe des Industries M\u00e9tallurgiques de la\nr\u00e9gion Ile-de-France)\n16\nChambre de commerce et d'industrie de r\u00e9gion\nParis - \u00cele-de-France\nIDF-2025-10-16-00007\nD\u00e9lib\u00e9ration n\u00b031-2025 relative \u00e0 la Vente du site\nsis 9/11 rue du Ballon \u00e0 Noisy-Le-Grand (93) \u00e0 la\nCommune de Noisy-Le-Grand \nChambre de commerce et d'industrie de r\u00e9gion Paris - \u00cele-de-France - IDF-2025-10-16-00007 - D\u00e9lib\u00e9ration n\u00b031-2025 relative \u00e0 la\nVente du site sis 9/11 rue du Ballon \u00e0 Noisy-Le-Grand (93) \u00e0 la Commune de Noisy-Le-Grand 17\nG CCI PARIS ILE-DE-FRANCE\nChambre de commerce et d'industrie de r\u00e9gion Paris Ile-de-France 1/2 \n27 avenue de Friedland - 75382 Paris cedex 08 \nT. 01 55 65 44 44 (prix d'un appel local) www.cci-paris-idf.fr \n \nEXTRAIT DU PROC\u00c8S-VERBAL DE LA S\u00c9ANCE D'ASSEMBL\u00c9E G\u00c9N\u00c9RALE \nDE LA CHAMBRE DE COMMERCE ET D'INDUSTRIE \nDE R\u00c9GION PARIS \u00ceLE-DE-FRANCE DU 16 OCTOBRE 2025 \n-  D ELIBERATION  \u2013 \n \nD\u00e9lib\u00e9ration n\u00b031-2025 \n \n \n \nObjet :  \n \nVente du site sis 9/11 \nrue du Ballon \u00e0 Noisy-\nLe-Grand (93) \n\u00e0 la Commune de \nNoisy-Le-Grand \n \n \n \n \nRapporteur : \nDominique RESTINO \n \n \n \n \n \n \n \n \n \nNombre de membres \nen exercice :  92 \nQuorum :  47 \nVotes :  64 \nVoix pour : 64 \nVoix contre : 0 \nAbstention :  0 \nETAIENT PR\u00c9SENTS OU REPR\u00c9SENT\u00c9S :  \nShaoul ABRAMCZYK \u2013  Jean-Paul AGON \u2013  Nathalie AMASSE \u2013 Elisabeth AUDER \u2013  Tanneguy AUDIC DE \nQUERNEN \u2013Nadia AYADI \u2013 G\u00e9rald BARBIER \u2013  Muriel BARNEOUD \u2013  Pierre-Jean BAUDEY-VIGNAUD \u2013 \nEdwige BECKER \u2013  J\u00e9r\u00f4me BEDIER \u2013 Marcel BENEZET \u2013 Saliha BENNACER \u2013  Jean-Lou BLACHIER \u2013Jean \nBOUZID \u2013 Bastien BRUNIS \u2013 Guillaume CAIROU \u2013 Rachel CHICHEPORTICHE \u2013 Bernard COHEN-HADAD \u2013 \nG\u00e9rard DELMAS \u2013Dominique DENIS \u2013  Thene DIA \u2013 Danielle DUBRAC \u2013  Philippe ECRAN \u2013  Alain \nEYGRETEAU \u2013 Beno\u00eet FEYTIT \u2013  J\u00e9r\u00f4me FRANTZ \u2013  Philippe GOETZMANN \u2013  Brigitte GOTTI \u2013  V\u00e9ronique \nGOU \u2013 Dominique GUILLOU \u2013  Jean-Charles HERRENSCHMIDT \u2013 Katia KAZANDJIEFF-FRAIOLI \u2013 Pierre \nKUCHLY \u2013 Edmond DE LA PANOUSE \u2013  Michel LAURENT \u2013  Jo\u00eblle LELLOUCHE \u2013 Isabelle LERIQUIER \u2013  \nFabienne LICHENTIN \u2013 Lydie LIENHART \u2013 Christine LOIZY \u2013 Soumia MALINBAUM \u2013 Bernard MICHEL \u2013 \nDominique MOCQUAX \u2013Beno\u00eet MONROCHE \u2013 Jean-Marc MORANDI \u2013 Marie-Christine OGHLY \u2013 Aur\u00e9lie \nPERRUCHE \u2013 Patrick PONTHIER \u2013  Karima RAFIK \u2013  Patrick RAKOTOSON \u2013 Jos\u00e9 RAMOS \u2013 Dominique \nRESTINO \u2013 Claude de SAINT-VINCENT \u2013 Sylvie SALINIE \u2013 Annick SCHWEBIG \u2013 Thomas TCHEN \u2013 Pascal \nTEURQUETIL \u2013 Corinne THEVENIAU \u2013  Soed TOUMI \u2013 Pierre TROUILLET \u2013 Jackie TROY \u2013 Fr\u00e9d\u00e9ric \nVERNHES \u2013 Corinne VIEILLEMARD \n \nETAIENT ABSENTS OU EXCUS\u00c9S :  \nAhmed AKAABOUN \u2013Micha\u00ebl BELISSA \u2013Catherine BRONSARD \u2013 Cyril CAPLIEZ \u2013 Magali CARRE \u2013 Arnaud \nCAUJOLLE \u2013 Bruno DIDIER \u2013 Porfirio ESTEVES \u2013 Paola FABIANI \u2013 Frank GENTIN \u2013 Beno\u00eet HUVER \u2013 Jean-\nRobert JACQUEMARD \u2013  Nordine JAFRI \u2013  Didier KLING \u2013  Fabrice LABORDE \u2013 Merry LIUZZO \u2013 Daniel \nNABET \u2013 Gilles OURAGHI \u2013  Agn\u00e8s PARMENTIER \u2013  Pascal PELTIER \u2013  Laurent PFEIFFER \u2013 Alexandre \nPOCHON \u2013 Myriam RANGAN \u2013  Jean-Paul RIGAL \u2013  C\u00e9cile de SAINT- MICHEL \u2013 Marie-Laure SIMONIN-\nBRAUN \u2013 Beno\u00eet SOURY \u2013 St\u00e9phanie TONDINI  \n_____________ \nLa Chambre de commerce et d'industrie de r\u00e9gion Paris Ile-de-France, \n \nRappelant que : \n \n\u2022 Que le bien sis 9/11 rue du Ballon \u00e0 Noisy -le Grand (93), cadastr\u00e9 CI n\u00b0209 et \nCI n\u00b0210 d'une surface de 8 419 m\u00b2, est d\u00e9tenu en pleine propri\u00e9t\u00e9 par la CCIR ;  \n\u2022 Que ledit bien a \u00e9t\u00e9 lib\u00e9r\u00e9 d\u00e9finitivement par l'\u00e9tablissement scolaire Les Gobelins \nle 12 juillet 2024 et que le site n'a pas \u00e9t\u00e9 r\u00e9utilis\u00e9, ni r\u00e9affect\u00e9 \u00e0 une \u00e9cole, ni \u00e0 \naucun service de la CCIR et que le bien est donc vide et libre de toute occupation, \n\u2022 Que la CCIR souhaite c\u00e9der ce bien dont elle n'a plus l'utilit\u00e9, \n\u2022 Que l'Assembl\u00e9e g\u00e9n\u00e9rale de la CCIR a d\u00e9class\u00e9 le bien du domaine public le \n21 octobre 2024, \n\u2022 Que la Commune de Noisy -le-Grand a manifest\u00e9 son int\u00e9r\u00eat pour acqu\u00e9rir le bien \nafin d'y relocaliser un groupe scolaire, \n\u2022 Que la Commune de Noisy-le-Grand a propos\u00e9 d'acqu\u00e9rir le bien pour la somme de \n5 350 000\u20ac TTC (cinq millions trois cent cinquante mille euros) correspondant \u00e0 \nl'avis des services Fiscaux \u2013 Pole d'Evaluation Domaniale de Bobigny en cours de \nvalidit\u00e9, \n\u2022 Que la CCIR est favorable \u00e0 cet accord, \nChambre de commerce et d'industrie de r\u00e9gion Paris - \u00cele-de-France - IDF-2025-10-16-00007 - D\u00e9lib\u00e9ration n\u00b031-2025 relative \u00e0 la\nVente du site sis 9/11 rue du Ballon \u00e0 Noisy-Le-Grand (93) \u00e0 la Commune de Noisy-Le-Grand 18\n|\n16 octobre\n64\n5\nAssembl\u00e9e g\u00e9n\u00e9rale de la CCI Paris Ile-de-France du 16 octobre 2025 \u2013 D\u00e9lib\u00e9ration n\u00b031-2025 2/2 \n \nConsid\u00e9rant que  : \n \n\u2022 Que le projet de cession a \u00e9t\u00e9 pr\u00e9sent\u00e9 en Bureau de la CCIR le 9 octobre 2025 ; \n\u2022 Que la commission des finances du 14 octobre 2025 a rendu un avis favorable. \n \nD\u00e9lib\u00e8re et d\u00e9cide : \n \n\u2022 D'autoriser la Chambre de commerce et d'industrie de r\u00e9gion Paris -Ile-de-France \n\u00e0 proc\u00e9der \u00e0 la vente du bien au prix propos\u00e9 par la Commune de 5 350 000\u20ac TTC \n(cinq millions trois cent cinquante mille euros) correspondant \u00e0 l'avis des services \nFiscaux \u2013 Pole d'Evaluation Domaniale de Bobigny, \n\u2022 D'habiliter le Pr\u00e9sident ou son d\u00e9l\u00e9gataire \u00e0 accomplir toutes formalit\u00e9s et tous les \nactes n\u00e9cessaires \u00e0 l'ex\u00e9cution de la pr\u00e9sente d\u00e9lib\u00e9ration. \n \n \n(La d\u00e9lib\u00e9ration est approuv\u00e9e : 64 voix pour) \n \n \n \nLe 16 octobre 2025 \nCOPIE CERTIFIEE CONFORME A L'ORIGINAL  \nPAR DELEGATION DU PRESIDENT \n \n \n \n \n \n \n \n \n \n \nFrance MOROT-VIDELAINE \nDirectrice g\u00e9n\u00e9rale adjointe charg\u00e9e des Partenariats, de \nl'Observation, de la Prospective et des \u00e9tudes \n \n \nSIGNE \n \nChambre de commerce et d'industrie de r\u00e9gion Paris - \u00cele-de-France - IDF-2025-10-16-00007 - D\u00e9lib\u00e9ration n\u00b031-2025 relative \u00e0 la\nVente du site sis 9/11 rue du Ballon \u00e0 Noisy-Le-Grand (93) \u00e0 la Commune de Noisy-Le-Grand 19\nDirection r\u00e9gionale et interd\u00e9partementale de\nl'alimentation, de l'agriculture et de la for\u00eat d'Ile\nde France\nIDF-2025-10-24-00011\nArr\u00eat\u00e9 relatif au renouvellement de la\ncomposition du comit\u00e9 r\u00e9gional de\nl'enseignement agricole d'\u00cele-de-France  \nDirection r\u00e9gionale et interd\u00e9partementale de l'alimentation, de l'agriculture et de la for\u00eat d'Ile de France - IDF-2025-10-24-00011 -\nArr\u00eat\u00e9 relatif au renouvellement de la composition du comit\u00e9 r\u00e9gional de l'enseignement agricole d'\u00cele-de-France  20\nEuPR\u00c9FET _DE LA R\u00c9GIOND'\u00ceLE-DE-FRANCELibert\u00e9\u00c9galit\u00e9Fraternit\u00e9\n \n \n \nLe Ponant \n \n5 rue Leblanc \n75911 PARIS CEDEX 15 \ndraaf-ile-de-france@agriculture.gouv.fr \nhttp://driaaf.ile-de-france.agriculture.gouv.fr/ \n Direction R\u00e9gionale et Interd\u00e9partementale  \n                               de l'Alimentation, de l'Agriculture \net de la For\u00eat \n \n \n \n \n \nARR\u00caT\u00c9 \n \nRelatif au renouvellement de la composition du comit\u00e9  \nr\u00e9gional de l'enseignement agricole d'\u00cele-de-France   \n \n \nLe pr\u00e9fet de la r\u00e9gion d'\u00cele-de-France, \nPr\u00e9fet de Paris,  \nGrand officier de la L\u00e9gion d'honneur,  \nOfficier de l'ordre national du M\u00e9rite, \n \n \n \nVU le code rural et de la p\u00eache maritime, livre VIII, titre I et notamment ses articles L 814.1, L 814.4 et R \n814.33 \u00e0 R 814.40, \n \nVU le d\u00e9cret n\u00b02004-374 du 29 avril 2004 modifi\u00e9 relatif aux pouvoirs des pr\u00e9fets, \u00e0 l'organisation et \u00e0 \nl'action des services de l'\u00c9tat dans les r\u00e9gions et les d\u00e9partements, \n \nVU le d\u00e9cret n\u00b02010-429 du 29 avril 2010 relatif \u00e0 l'organisation et aux attributions des directions \nr\u00e9gionales de l'alimentation, de l'agriculture et de la for\u00eat, \n \nVU le d\u00e9cret n\u00b0 2010-687 du 24 juin 2010 relatif \u00e0 l'organisation et aux missions des services de l'\u00c9tat dans \nla r\u00e9gion et les d\u00e9partements d'\u00cele-de-France, \n  \nVU l'arr\u00eat\u00e9 pr\u00e9fectoral n\u00b007-826 du 29 mai 2007 portant habilitation des organisations syndicales \u00e0 \nvocation g\u00e9n\u00e9rale d'exploitants agricoles \u00e0 si\u00e9ger au sein de certains organismes, commissions ou \ncomit\u00e9s professionnels ou organismes mentionn\u00e9s au I de l'article 2 de la loi n\u00b099.574 du 9 juillet 1999 \nd'orientation agricole, \n \nVU l'arr\u00eat\u00e9 minist\u00e9riel du 8 juillet 2024 modifi\u00e9 portant nomination de Madame Myl\u00e8ne TESTUT-NEVES, \ning\u00e9nieure g\u00e9n\u00e9rale des ponts, des eaux et des for\u00eats, directrice r\u00e9gionale et interd\u00e9partementale de \nl'alimentation, de l'agriculture et de la for\u00eat pour la r\u00e9gion \u00cele-de-France, \n \nSUR proposition de la directrice r\u00e9gionale et interd\u00e9partementale de l'alimentation, de l'agriculture et \nde la for\u00eat pour la r\u00e9gion \u00cele-de-France,  \n \n \n \nARR\u00caTE \n \n \nARTICLE 1  : \n \nLe comit\u00e9 r\u00e9gional de l'enseignement agricole d'\u00cele-de-France est pr\u00e9sid\u00e9 par le pr\u00e9fet de r\u00e9gion ou par \nson repr\u00e9sentant, et comprend les membres suivants : \n \nDirection r\u00e9gionale et interd\u00e9partementale de l'alimentation, de l'agriculture et de la for\u00eat d'Ile de France - IDF-2025-10-24-00011 -\nArr\u00eat\u00e9 relatif au renouvellement de la composition du comit\u00e9 r\u00e9gional de l'enseignement agricole d'\u00cele-de-France  21\nLe Ponant  \n5 rue Leblanc \n75911 PARIS CEDEX 15 \ndraaf-ile-de-france@agriculture.gouv.fr \nhttp://driaaf.ile-de-france.agriculture.gouv.fr/ \nI - Au titre du 1 \u00b0 de l'article L. 814-1 : \n \na) Repr\u00e9sentants de l'\u00c9tat  : \n \nTITULAIRE  SUPPL\u00c9ANT  \nLa directrice r\u00e9gionale et interd\u00e9partementale \nde l'alimentation, de l'agriculture et de la for\u00eat \nd'\u00cele-de-France \nLa cheffe du service r\u00e9gional de la formation et \ndu d\u00e9veloppement  \nLa directrice r\u00e9gionale et interd\u00e9partementale \nadjointe de l'alimentation, de l'agriculture et de \nla for\u00eat d'\u00cele-de-France \nson repr\u00e9sentant \nLa rectrice de l'Acad\u00e9mie de Paris son repr\u00e9sentant  \nLe recteur de l'Acad\u00e9mie de Cr\u00e9teil son repr\u00e9sentan t \nLe recteur de l'Acad\u00e9mie de Versailles son repr\u00e9sen tant \nLe directeur r\u00e9gional et interd\u00e9partemental de \nl'\u00e9conomie, de l'emploi, du travail et des \nsolidarit\u00e9s d'\u00cele-de-France \n \nson repr\u00e9sentant \n \nNB  : seul le recteur de l'acad\u00e9mie de Paris a voix d\u00e9lib\u00e9rative. \n \n \nb) Conseillers r\u00e9gionaux  :   \n \nTITULAIRE  SUPPL\u00c9ANT  \nJ\u00e9r\u00f4me REGNAULT Jean-Fran\u00e7ois RENARD \nBenoit CHEVRON G\u00e9rard HEBERT \n \n \n \nc) Repr\u00e9sentant de la chambre d'agriculture de r\u00e9gion \u00cele-de-France  : \n \nTITULAIRE  SUPPL\u00c9ANT  \nAmandine MURET-BEGUIN N. D* \n \n* N. D : repr\u00e9sentant non d\u00e9sign\u00e9 par la structure membre du CREA. \n \n \nd) Un directeur d'\u00e9tablissement public d'enseignement agricole ou v\u00e9t\u00e9rinaire  : \n \nTITULAIRE  SUPPL\u00c9ANT  \nBeno\u00eet DIELTIENS R\u00e9mi PROT \n \n \n \nDirection r\u00e9gionale et interd\u00e9partementale de l'alimentation, de l'agriculture et de la for\u00eat d'Ile de France - IDF-2025-10-24-00011 -\nArr\u00eat\u00e9 relatif au renouvellement de la composition du comit\u00e9 r\u00e9gional de l'enseignement agricole d'\u00cele-de-France  22\nLe Ponant  \n5 rue Leblanc \n75911 PARIS CEDEX 15 \ndraaf-ile-de-france@agriculture.gouv.fr \nhttp://driaaf.ile-de-france.agriculture.gouv.fr/ \ne) Repr\u00e9sentants des associations ou organismes responsables d'\u00e9tablissements d'enseignement \nagricole priv\u00e9s  : \n \n1)  Repr\u00e9sentants r\u00e9gionaux de l'Union nationale rurale d'\u00e9ducation et de promotion (UNREP) : \n \n \nTITULAIRE  SUPPL\u00c9ANT  \nDenis DUGORD N. D \nL\u00e9on GARAIX  Philippe GUASPARE \n \n \n2)  Repr\u00e9sentant r\u00e9gional du Conseil national de l'enseignement agricole priv\u00e9 (CNEAP) : \n \n \nTITULAIRE SUPPL\u00c9ANT  \nPierre LEBAS S\u00e9bastien MINGOT \n \n \n3)  Repr\u00e9sentant r\u00e9gional de l'Union nationale des maisons familiales rurales d'\u00e9ducation et \nd'orientation (UNMFREO) : \n \n \nTITULAIRE  SUPPL\u00c9ANT  \nCatherine BAUDOUIN Mustapha SANAOUI \n \n \nII - Au titre du 2\u00b0 de l'article  L. 814-1 : \n \na) Repr\u00e9sentants des organisations syndicales des personnels de l'enseignement agricole public : \n \n1) Repr\u00e9sentants de l'Elan commun  (CGT SNETAP SNUITAM SUD) : \n \n \nTITULAIRE  SUPPL\u00c9ANT  \nClaire PINAULT Sabri DJELIDI \nDoudou DIENG Maribel LACOSTE \nEmilie FAIRIER Ma\u00eblle MARTI \nMarine FOURNIER Joanne PLET \nAude CANALE Catherine DIDELOT \nMarilyne PAYERAS C\u00e9cilia COLIN \nMagali LOFFREDA Elisabeth FAU \nAntonio DOS SANTOS Manuela PRIEM \nDirection r\u00e9gionale et interd\u00e9partementale de l'alimentation, de l'agriculture et de la for\u00eat d'Ile de France - IDF-2025-10-24-00011 -\nArr\u00eat\u00e9 relatif au renouvellement de la composition du comit\u00e9 r\u00e9gional de l'enseignement agricole d'\u00cele-de-France  23\nLe Ponant  \n5 rue Leblanc \n75911 PARIS CEDEX 15 \ndraaf-ile-de-france@agriculture.gouv.fr \nhttp://driaaf.ile-de-france.agriculture.gouv.fr/ \n \n \n \nb) Repr\u00e9sentants des organisations syndicales des personnels de l'enseignement agricole priv\u00e9  : \n \n1)  Repr\u00e9sentants de la FEP - CFDT : \n \nTITULAIRE  SUPPL\u00c9ANT  \nJean-Marc RAFENBERG Marc GIRAUD \nNicole SAMIMI Fabio PICCIOLI \nChristine BAUDOIN Julien FOIZEL \n \n2)  _ Repr\u00e9sentant de la SNEC - CFTC :   \n \nTITULAIRE  SUPPL\u00c9ANT  \nEstelle CLAVERIE-TICO Delphine VECTEN \n \n \n \nIII - Au titre du 3\u00b0 de l'article L. 814-1 : \n \na) Repr\u00e9sentants des organisations repr\u00e9sentatives des parents d'\u00e9l\u00e8ves de l'enseignement agricole : \n \n1)  Repr\u00e9sentants des organisations repr\u00e9sentatives des parents d'\u00e9l\u00e8ves des \u00e9tablissements \nd'enseignement agricole public : \n \n \n  Liste commune Saint Germain-en-Laye AAPE  : \nTITULAIRE  SUPPL\u00c9ANT  \nB\u00e9n\u00e9dicte KALYNIAK  N.D \nN.D N.D \n \n \n Association des parents d'\u00e9l\u00e8ves Bougainville  :  \nTITULAIRE  SUPPL\u00c9ANT  \nMaxime PERRIN David UBELMANN \n \n \n2)  Repr\u00e9sentant des organisations repr\u00e9sentatives des parents d'\u00e9l\u00e8ves des \u00e9tablissements \nd'enseignement agricole priv\u00e9s ayant pass\u00e9 contrat avec l'\u00c9tat, d\u00e9sign\u00e9 par l'Union nationale \nrurale d'\u00e9ducation et de promotion (UNREP) : \n \n \nTITULAIRE  SUPPL\u00c9ANT  \nN.D N.D \nDirection r\u00e9gionale et interd\u00e9partementale de l'alimentation, de l'agriculture et de la for\u00eat d'Ile de France - IDF-2025-10-24-00011 -\nArr\u00eat\u00e9 relatif au renouvellement de la composition du comit\u00e9 r\u00e9gional de l'enseignement agricole d'\u00cele-de-France  24\nLe Ponant  \n5 rue Leblanc \n75911 PARIS CEDEX 15 \ndraaf-ile-de-france@agriculture.gouv.fr \nhttp://driaaf.ile-de-france.agriculture.gouv.fr/ \n \n \n \n3)  Repr\u00e9sentant des organisations repr\u00e9sentatives des parents d'\u00e9l\u00e8ves des \u00e9tablissements \nd'enseignement agricole priv\u00e9s ayant pass\u00e9 contrat avec l'\u00c9tat d\u00e9sign\u00e9 par le Conseil national \nde l'enseignement agricole priv\u00e9 (CNEAP)  :  \n \n \nTITULAIRE  SUPPL\u00c9ANT  \nMarc-Elie CASPAR J\u00e9r\u00f4me LEBLOND \n \n \n4)  Repr\u00e9sentant des organisations repr\u00e9sentatives des parents d'\u00e9l\u00e8ves des \u00e9tablissements \nd'enseignement agricole priv\u00e9s ayant pass\u00e9 contrat avec l'\u00c9tat d\u00e9sign\u00e9 par  l'Union nationale \ndes maisons familiales rurales d'\u00e9ducation et d'orientation :  \n \n \nTITULAIRE  SUPPL\u00c9ANT  \n\u00c9lisabeth GROENEWEG Philippe DE MULLENHEIM \n \n \nb) Repr\u00e9sentants des organisations professionnelles et syndicales repr\u00e9sentatives au plan r\u00e9gional des \nemployeurs, des exploitants et des salari\u00e9s : \n \n \n1)  Repr\u00e9sentants des organisations professionnelles et syndicales repr\u00e9sentatives des \nexploitants et employeurs des secteurs de la production agricole, de la transformation et de \nla commercialisation des produits agricoles  :  \n \n \nRepr\u00e9sentants de la F\u00e9d\u00e9ration r\u00e9gionale des syndicats d'exploitants agricoles (FRSEA) : \n \nTITULAIRE  SUPPL\u00c9ANT  \nCaroline LEFORT  Marc BARRIER \nMathieu PENEL  Carole CUYPERS \n \nRepr\u00e9sentant des jeunes agriculteurs de Seine et Marne et d'\u00cele-de-France  : \n \nTITULAIRE  SUPPL\u00c9ANT \nAlix HEURTAUT  N.D \n \nRepr\u00e9sentant de l'Union nationale des entreprises du paysage (UNEP) : \n \nTITULAIRE  SUPPL\u00c9ANT  \nClaude RAUX Fr\u00e9d\u00e9rick GUICHARD \n \n \n \nDirection r\u00e9gionale et interd\u00e9partementale de l'alimentation, de l'agriculture et de la for\u00eat d'Ile de France - IDF-2025-10-24-00011 -\nArr\u00eat\u00e9 relatif au renouvellement de la composition du comit\u00e9 r\u00e9gional de l'enseignement agricole d'\u00cele-de-France  25\nLe Ponant  \n5 rue Leblanc \n75911 PARIS CEDEX 15 \ndraaf-ile-de-france@agriculture.gouv.fr \nhttp://driaaf.ile-de-france.agriculture.gouv.fr/ \n \n2)  Repr\u00e9sentants des salari\u00e9s de l'agriculture et des industries agroalimentaires appartenant \naux organisations syndicales les plus repr\u00e9sentatives au plan r\u00e9gional : \n \n \nRepr\u00e9sentant de la CFTC \u2013 F\u00e9d\u00e9ration CFTC agriculture  : \n \nTITULAIRE  SUPPL\u00c9ANT  \nG\u00e9rard DEFFONTAINES  Daniel MARETTE \n \nRepr\u00e9sentant de la CFDT \u2013 F\u00e9d\u00e9ration g\u00e9n\u00e9rale de l'agroalimentaire (FGA-CFDT)  : \n \nTITULAIRE  SUPPL\u00c9ANT  \nYannick DELAHAIE Denis HUET \n \n \n \nIV - Au titre du 4 \u00b0 de l'article L. 814 -1 : \n \n \na)  Repr\u00e9sentant des \u00e9l\u00e8ves et \u00e9tudiants des \u00e9tablissements d'enseignement agricole publics  : \n \nTITULAIRE  SUPPL\u00c9ANT  \nOmbeline QUILLET N.D  \n \n \nb)  Repr\u00e9sentant des \u00e9l\u00e8ves et \u00e9tudiants des \u00e9tablissements d'enseignement agricole priv\u00e9s  : \n \nTITULAIRE  SUPPL\u00c9ANT  \nValentin VUILLEMIN N.D  \n \n \nSont nomm\u00e9s personnalit\u00e9s qualifi\u00e9es, \u00e0 titre consultatif, conform\u00e9ment \u00e0 l'article R. 814-35 du code \nrural et de la p\u00eache maritime  : \n \nPERSONNALIT\u00c9S QUALIFI\u00c9ES  \nCarole FOULON Directrice adjointe de la formation \nd'AgroParisTech  \nRosine TRAVERS \nD\u00e9l\u00e9gu\u00e9e territoriale Normandie, Ile-de-France, \nHauts-de-France de l'Institut fran\u00e7ais du cheval et \nde l'\u00e9quitation  \nMichel FERREIRA-MAIA Directeur g\u00e9n\u00e9ral adjoint d'OC APIAT \n \n \nDirection r\u00e9gionale et interd\u00e9partementale de l'alimentation, de l'agriculture et de la for\u00eat d'Ile de France - IDF-2025-10-24-00011 -\nArr\u00eat\u00e9 relatif au renouvellement de la composition du comit\u00e9 r\u00e9gional de l'enseignement agricole d'\u00cele-de-France  26\nLe Ponant  \n5 rue Leblanc \n75911 PARIS CEDEX 15 \ndraaf-ile-de-france@agriculture.gouv.fr \nhttp://driaaf.ile-de-france.agriculture.gouv.fr/ \nARTICLE 2  :  \n \nA l'exception des repr\u00e9sentants de l'Etat, de la R\u00e9gion et des \u00e9l\u00e8ves et \u00e9tudiants, les membres du comit\u00e9 \nr\u00e9gional de l'enseignement agricole sont nomm\u00e9s pour trois ans. \n \n \nARTICLE 3  :  \n \nCet arr\u00eat\u00e9 abroge celui adopt\u00e9 le 13 juin 2025. \n \nARTICLE 4  :  \n \nLa pr\u00e9f\u00e8te, secr\u00e9taire g\u00e9n\u00e9rale de la pr\u00e9fecture de la R\u00e9gion d'\u00cele-de-France et la directrice r\u00e9gionale et \ninterd\u00e9partementale de l'alimentation, de l'agriculture et de la for\u00eat sont charg\u00e9es, chacune en ce qui \nles concerne, de l'ex\u00e9cution du pr\u00e9sent arr\u00eat\u00e9 qui sera publi\u00e9 au recueil des actes administratifs de la \npr\u00e9fecture de la r\u00e9gion d'\u00cele-de-France. \n \n \n \n \n                                                                                         Fait \u00e0 Paris, le 24 octobre 2025 \n \nPour le pr\u00e9fet et par d\u00e9l\u00e9gation, \nla directrice r\u00e9gionale et interd\u00e9partementale \nde l'alimentation, de l'agriculture et de la for\u00eat \n \nSIGNE \n \n \nMyl\u00e8ne TESTUT-NEVES \n \n \n \nDirection r\u00e9gionale et interd\u00e9partementale de l'alimentation, de l'agriculture et de la for\u00eat d'Ile de France - IDF-2025-10-24-00011 -\nArr\u00eat\u00e9 relatif au renouvellement de la composition du comit\u00e9 r\u00e9gional de l'enseignement agricole d'\u00cele-de-France  27","date":"2025-10-27","first_seen_on":"2025-10-27T17:59:55+00:00","id":"72a4d694e25dcb4d53409996878e4c8e39d2a56f970d9031bc68901720535c71","name":"recueil-idf-058-2025-10-RAA-nominatifs du 27.10.2025","pdf_creation_date":"2025-10-27T16:06:05+00:00","pdf_modification_date":null,"timezone":"Europe/Paris","url":"https://www.prefectures-regions.gouv.fr/ile-de-france/irecontenu/telechargement/132143/969977/file/recueil-idf-058-2025-10-RAA-nominatifs%20du%2027.10.2025.pdf"}
