{"administration":"pref83","administration_name":"Pr\u00e9fecture du Var","content":"VAR\nRECUEIL DES ACTES\nADMINISTRATIFS\nN\u00b083-2024-093\nPUBLI\u00c9 LE  3 MAI 2024\nSommaire\nCentre hospitalier Henri Gu\u00e9rin Pierrefeu /\n83-2024-05-03-00002 - 2024-05-110-DECISION PORTANT CONSTITUTION\nDU COLLEGE DE L\u25a1ARTICLE L 3211-2 DU CODE DE LA \nSANTE PUBLIQUE (1\npage) Page 3\n83-2024-05-03-00003 - 2024-05-111 DECISION PORTANT CONSTITUTION\nDU COLLEGE DE L\u25a1ARTICLE L 3211-2 DU CODE DE LA \nSANTE\nPUBLIQUE50313230 (1 page) Page 5\nDirection d\u00e9partementale des territoires et de la mer du Var / Service eau et\nbiodiversit\u00e9 de la DDTM\n83-2024-04-19-00017 - Arr\u00eat\u00e9 inter-pr\u00e9fectoral du  19 avril 2024\nportant\nprescriptions et d\u00e9rogation \u00e0 l\u25a1arr\u00eat\u00e9 inter-pr\u00e9fectoral du 15 juin 2017\nportant r\u00e8glement particulier de police de la navigation de plaisance, des\nactivit\u00e9s sportives et de loisirs sur la retenue de Fontaine L\u25a1Ev\u00eaque, barrage\nde Sainte-Croix-du-Verdon, dans les d\u00e9partements du Var et des Alpes de\nHaute-Provence pour l\u25a1organisation de l\u25a1\u00e9preuve Verdon Swim Experience\nles 29 et 30 juin 2024.\nLE PR\u00c9FET DU VAR\nLE PR\u00c9FET DES\nALPES-DE-HAUTE-PROVENCE (3 pages) Page 7\n83-2024-04-18-00019 - Arr\u00eat\u00e9 inter-pr\u00e9fectoral du 18 avril 2024\nportant\nprescriptions et d\u00e9rogations \u00e0 l\u25a1\u00ab\u00a0arr\u00eat\u00e9 inter-pr\u00e9fectoral du 15 juin 2017\nportant r\u00e8glement particulier de police de la navigation de plaisance, des\nactivit\u00e9s sportives et de loisirs sur la retenue de Fontaine L\u25a1Ev\u00eaque, barrage\nde Sainte-Croix-du-Verdon, dans les d\u00e9partements du Var et des Alpes de\nHaute-Provence\u00a0\u00bb pour l\u25a1organisation de la manifestation sportive\nSWIMRUNMAN\ndu 26 au 28 avril 2024\nLE PR\u00c9FET DU VAR\nLE PR\u00c9FET\nDES ALPES-DE-HAUTE-PROVENCE (3 pages) Page 11\nPr\u00e9fecture du VAR / Direction de la coordination des politiques publiques et\nde l'appui territorial\n83-2024-05-03-00005 - ARR\u00caT\u00c9 PR\u00c9FECTORAL n\u00b0 2024/22/MCI du 3 mai\n2024 portant d\u00e9l\u00e9gation de signature \u00e0 Madame Emmanuelle BLANC,\ning\u00e9nieure g\u00e9n\u00e9rale des ponts, des eaux et des for\u00eats,directrice\ninterr\u00e9gionale de la s\u00e9curit\u00e9 de l\u25a1aviation civile sud-est (4 pages) Page 15\n83-2024-05-03-00004 - ARR\u00caT\u00c9 PR\u00c9FECTORAL N\u00b02024/21/MCI du 3 mai\n2024 portant d\u00e9l\u00e9gation de signature \u00e0 M.Alexandre PROUD, Chef du\ncentre d'expertise et de ressources des titres (CERT) CNI/Passeports,\ncharg\u00e9e de la direction des titres d'identit\u00e9 et de l'immigration de la\nPr\u00e9fecture du Var (3 pages) Page 20\nPr\u00e9fecture du VAR / Direction des s\u00e9curit\u00e9s\n83-2024-04-26-00002 - Arr\u00eat\u00e9 pr\u00e9fectoral n\u00b0 2024/BSP/PP/004 instaurant un\np\u00e9rim\u00e8tre de protection sur la commune de Toulon aux abords et sur la\nplace de la Libert\u00e9 (4 pages) Page 24\n2\nCentre hospitalier Henri Gu\u00e9rin Pierrefeu\n83-2024-05-03-00002\n2024-05-110-DECISION PORTANT\nCONSTITUTION DU COLLEGE DE L\u25a1ARTICLE L\n3211-2 DU CODE DE LA \nSANTE PUBLIQUE\nCentre hospitalier Henri Gu\u00e9rin Pierrefeu - 83-2024-05-03-00002 - 2024-05-110-DECISION PORTANT CONSTITUTION DU COLLEGE DE\nL\u25a1ARTICLE L 3211-2 DU CODE DE LA \nSANTE PUBLIQUE3\n  \nCENTRE HOSPITALIER HENRI GUERIN Quartier Barnencq 83390 PIERREFEU DU \nVAR   \n  \n  \nDECISION N\u00b02024/05/110  \n  \nPORTANT CONSTITUTION DU COLLEGE DE L'ARTICLE L 3211 -2 DU CODE DE LA \nSANTE PUBLIQUE  \n  \n  \nLE DIRECTEUR  \n  \nVu le Code de Sant\u00e9 Publique et notamment l'article L 3211 -9,  \n  \nVu la Loi n\u00b02009 -879 du 21 juillet 2009 portant r\u00e9forme de l'h\u00f4pital et relative aux patients, \u00e0 \nla sant\u00e9 et aux territoires,  \n  \nVu la Loi n\u00b02011 -803 du 5 juillet 2011 modifi\u00e9e relative aux droits et \u00e0 la protection des \npersonnes faisant l'objet de soins psychiatriques et aux modalit\u00e9s de leur prise en charge,   \n  \nVu le d\u00e9cret d'application n\u00b0 2011 -847 du 18 juillet 2011 relatif aux droits et \u00e0 la protection des \npersonnes faisant  l'objet de soins psychiatriques et aux modalit\u00e9s de leur prise en charge,  \n  \nDECIDE  \nArticle 1 :   \n  \nIl est constitu\u00e9 un coll\u00e8ge sur le fondement de l'article L 3211 -9 du Code de la Sant\u00e9 Publique.  \n  \nCe coll\u00e8ge est constitu\u00e9 pour chacun des patients conce rn\u00e9s par son champ de comp\u00e9tence \npar :  \n  \n1\u00b0) \u2013 Le Docteur AUDRIN GIRAUD HERAUD Isabelle , responsable \u00e0 titre principal du patient \ndont la situation sera examin\u00e9e,   \n  \n2\u00b0) \u2013 GIRARDO Caroline, repr\u00e9sentant l'\u00e9quipe pluridisciplinaire participant \u00e0 la prise e n \ncharge des patients,  \n  \n3\u00b0) \u2013 Le Docteur CRISTOFARI Anne , Psychiatre   \n  \nArticle 2 :   \n  \nLa pr\u00e9sente d\u00e9cision est \u00e0 effet imm\u00e9diat.  \n  \nElle fera l'objet d'une publication par tous moyens la rendant consultable et sera notamment \npubli\u00e9e au Recueil des actes administratifs de la Pr\u00e9fecture du Var.  \n  \nPierrefeu -du-Var, le Vendredi 03 Mai 2024  \nPour le Directeur et P.O.  \nL'Attach\u00e9e d'Administration Hospitali\u00e8re, \nSign\u00e9 :  BIANCHINI Sabine    Centre hospitalier Henri Gu\u00e9rin Pierrefeu - 83-2024-05-03-00002 - 2024-05-110-DECISION PORTANT CONSTITUTION DU COLLEGE DE\nL\u25a1ARTICLE L 3211-2 DU CODE DE LA \nSANTE PUBLIQUE4\nCentre hospitalier Henri Gu\u00e9rin Pierrefeu\n83-2024-05-03-00003\n2024-05-111 DECISION PORTANT\nCONSTITUTION DU COLLEGE DE L\u25a1ARTICLE L\n3211-2 DU CODE DE LA \nSANTE PUBLIQUE50313230\nCentre hospitalier Henri Gu\u00e9rin Pierrefeu - 83-2024-05-03-00003 - 2024-05-111 DECISION PORTANT CONSTITUTION DU COLLEGE DE\nL\u25a1ARTICLE L 3211-2 DU CODE DE LA \nSANTE PUBLIQUE503132305\nCENTRE  HOSPITALIER  HENRI  GUERIN\nQuartier  Barnencq\n83390  PIERREFEU  DU VAR\nDECISION  N\u00b02024/05/111\nPORTANT  CONSTITUTION  DU COLLEGE  DE L'ARTICLE  L 3211-2\nDU CODE  DE LA SANTE  PUBLIQUE\nLE DIRECTEUR\nVu le Code  de Sant\u00e9  Publique  et notamment  I'article  L 3211-9,\nVu la Loi n\u00b02009-879  du 21 juillet  2009  portant  r\u00e9forme  de I'hdpital  et relative  aux patients,  \u00e0\nla sant\u00e9  et aux  territoires,\nVu la Loi n\u00b02011-803  du 5 juillet  2011  modifi\u00e9e  relative  aux droits  et a la protection  des\npersonnes  faisant  I'objet  de soins  psychiatriques  et aux modalit\u00e9s  de leur  prise  en charge,\nVu le d\u00e9cret  d'application  n\u00b0 2011-847  du 18 juillet  2011  relatif  aux droits  et \u00e0 la protection\ndes personnes  faisant  l'objet  de soins  psychiatriques  et aux modalit\u00e9s  de leur prise  en\ncharge,\nDECIDE\nArticle  1 :\nIl est constitu\u00e9  un coll\u00e8ge  sur le fondement  de l'article  L 3211-9  du Code  de la Sant\u00e9\nPublique.\nCe coll\u00e8ge  est constitu\u00e9  pour  chacun  des patients  concern\u00e9s  par son champ  de comp\u00e9tence\npar  :\n1\u00b0) \u2014 Le Docteur  AUDRIN  GIRAUD  HERAUD  Isabelle,  responsable  \u00e0 titre principal  du\npatient  dont  la situation  sera  examin\u00e9e,\n2\u00b0) \u2014 GIRARDO  Caroline,  repr\u00e9sentant  l'\u00e9quipe  pluridisciplinaire  participant  \u00e0 la prise  en\ncharge  des  patients,\n3\u00b0) \u2014 Le Docteur  CRISTOFARI  Anne,  Psychiatre\nArticle  2 :\nLa pr\u00e9sente  d\u00e9cision  est \u00e0 effet  imm\u00e9diat.\nElle fera  l'objet  d'une  publication  par tous  moyens  la rendant  consultable  et sera  notamment\npubli\u00e9e  au Recueil  des  actes  administratifs  de la Pr\u00e9fecture  du Var.\nPierrefeu-du-Var,  le Vendredi  03 Mai 2024\nPour  le Directeur  et P.O.\nL'Attach\u00e9e  d'Administration  Hospitali\u00e8re,\nSign\u00e9  : BIANCHINI  Sabine\nCentre hospitalier Henri Gu\u00e9rin Pierrefeu - 83-2024-05-03-00003 - 2024-05-111 DECISION PORTANT CONSTITUTION DU COLLEGE DE\nL\u25a1ARTICLE L 3211-2 DU CODE DE LA \nSANTE PUBLIQUE503132306\nDirection d\u00e9partementale des territoires et de la\nmer du Var\n83-2024-04-19-00017\nArr\u00eat\u00e9 inter-pr\u00e9fectoral du  19 avril 2024\nportant prescriptions et d\u00e9rogation \u00e0 l\u25a1arr\u00eat\u00e9\ninter-pr\u00e9fectoral du 15 juin 2017 portant\nr\u00e8glement particulier de police de la navigation\nde plaisance, des activit\u00e9s sportives et de loisirs\nsur la retenue de Fontaine L\u25a1Ev\u00eaque, barrage de\nSainte-Croix-du-Verdon, dans les d\u00e9partements\ndu Var et des Alpes de Haute-Provence pour\nl\u25a1organisation de l\u25a1\u00e9preuve Verdon Swim\nExperience les 29 et 30 juin 2024.\nLE PR\u00c9FET DU VAR\nLE PR\u00c9FET DES ALPES-DE-HAUTE-PROVENCE\nDirection d\u00e9partementale des territoires et de la mer du Var - 83-2024-04-19-00017 - Arr\u00eat\u00e9 inter-pr\u00e9fectoral du  19 avril 2024\nportant prescriptions et d\u00e9rogation \u00e0 l\u25a1arr\u00eat\u00e9 inter-pr\u00e9fectoral du 15 juin 2017 portant r\u00e8glement particulier de police de la navigation\nde plaisance, des activit\u00e9s sportives et de loisirs sur la retenue de Fontaine L\u25a1Ev\u00eaque, barrage de Sainte-Croix-du-Verdon, dans les\nd\u00e9partements du Var et des Alpes de Haute-Provence pour l\u25a1organisation de l\u25a1\u00e9preuve Verdon Swim Experience les 29 et 30 juin\n2024.\nLE PR\u00c9FET DU VAR\nLE PR\u00c9FET DES ALPES-DE-HAUTE-PROVENCE7\nPREFET\nDU  VAR\nLibert\u00e9\n\u00c9galit\u00e9\nFraternit\u00e9Ex\nPR\u00c9FET\nDES  ALPES-\nDE-HAUTE-\nPROVENCE\nLibert\u00e9\nEgalit\u00e9\nFraternit\u00e9\n                                                                                     \nArr\u00eat\u00e9 inter-pr\u00e9fectoral du  19 avril 2024\nportant prescriptions et d\u00e9rogation \u00e0 l'arr\u00eat\u00e9 inter-pr\u00e9fectoral du 15 juin 2017 portant r\u00e8glement\nparticulier de police de la navigation de plaisance, des activit\u00e9s sportives et de loisirs sur la retenue de\nFontaine L'Ev\u00eaque, barrage de Sainte-Croix-du-Verdon, dans les d\u00e9partements du Var et des Alpes de\nHaute-Provence pour l'organisation  de l'\u00e9preuve Verdon Swim Experience les 29 et 30 juin 2024.\nLE PR\u00c9FET DU VAR\nLE PR\u00c9FET DES ALPES-DE-HAUTE-PROVENCE\nVU le code des transports, notamment ses articles L.4241-1 et  R.4241-58,\nVU le Code de l'environnement ,\nVU le  d\u00e9cret  du  23  juillet  1977  d\u00e9clarant  d'utilit\u00e9  publique  la  constitution  de  p\u00e9rim\u00e8tres  de\nprotection autour des r\u00e9servoirs de Gr\u00e9oux, Quinson, Sainte-Croix du Verdon et du r\u00e9servoir de\nBimont sur l'Infernet  ;\nVU le d\u00e9cret n\u00b02004-374 du 29 avril 2004 modifi\u00e9 relatif aux pouvoirs des pr\u00e9fets, \u00e0 l'organisation et\n\u00e0 l'action des services de l'\u00c9tat dans les r\u00e9gions et d\u00e9partements  ;\nVU le d\u00e9cret n\u00b0 2012-1556 du 28 d\u00e9cembre 2012 d\u00e9terminant la liste des mesures temporaires\nd'interruption  ou  de  modification  des  conditions  de  la  navigation  pouvant  \u00eatre  prises  par  le\ngestionnaire de la voie d'eau  ;\nVU l'arr\u00eat\u00e9 du ministre d\u00e9l\u00e9gu\u00e9 aupr\u00e8s de la ministre de l'Ecologie, du D\u00e9veloppement Durable et\nde l'Energie, charg\u00e9 des transports, de la mer et de la p\u00eache du 28 juin 2013 portant r\u00e8glement\ng\u00e9n\u00e9ral de police de la navigation int\u00e9rieure  ;\nVU la circulaire interminist\u00e9rielle du 01 ao\u00fbt 2013 relative \u00e0 la mise en \u0153uvre du r\u00e8glement g\u00e9n\u00e9ral\nde police de la navigation int\u00e9rieure et des r\u00e8glements particuliers de police pris en son ex\u00e9cution  ;\nVU l'arr\u00eat\u00e9 inter-pr\u00e9fectoral n\u00b02014 286-0002 du 13 octobre 2014 portant approbation du Sch\u00e9ma\nd'Am\u00e9nagement et de Gestion des Eaux du Verdon  ;\nVU l'Arr\u00eat\u00e9 inter-pr\u00e9fectoral du 15 juin 2017 portant r\u00e8glement particulier de police de la navigation\nde plaisance, des activit\u00e9s sportives et de loisirs sur la retenue de Fontaine L'Ev\u00eaque, barrage de\nSainte-Croix-du-Verdon, dans les d\u00e9partements du Var et des Alpes de Haute-Provence  ; \nVU la  demande  de  CREASPORTS  ORGANISATION  dat\u00e9e  du  5  avril  2024,  d\u00e9pos\u00e9e  en sous-\npr\u00e9fecture de Castellane,  demandant l'autorisation d'utiliser des bateaux \u00e0 moteurs thermiques et\nd'organiser une \u00e9preuve de nage en eau vive \u00ab  Verdon Swim Experience  \u00bb les 29 et 30 juin 2024 sur\nle lac de Sainte-Croix et dans la remont\u00e9e des gorges du Verdon  ; \nDirection d\u00e9partementale des territoires et de la mer du Var - 83-2024-04-19-00017 - Arr\u00eat\u00e9 inter-pr\u00e9fectoral du  19 avril 2024\nportant prescriptions et d\u00e9rogation \u00e0 l\u25a1arr\u00eat\u00e9 inter-pr\u00e9fectoral du 15 juin 2017 portant r\u00e8glement particulier de police de la navigation\nde plaisance, des activit\u00e9s sportives et de loisirs sur la retenue de Fontaine L\u25a1Ev\u00eaque, barrage de Sainte-Croix-du-Verdon, dans les\nd\u00e9partements du Var et des Alpes de Haute-Provence pour l\u25a1organisation de l\u25a1\u00e9preuve Verdon Swim Experience les 29 et 30 juin\n2024.\nLE PR\u00c9FET DU VAR\nLE PR\u00c9FET DES ALPES-DE-HAUTE-PROVENCE8\nVU la demande d'avis au service d'EDF sur l'organisation de cette manifestation dans le domaine\nconc\u00e9d\u00e9 :\nVU la r\u00e9ponse d'EDF alertant notamment sur les dangers li\u00e9s \u00e0 l'augmentation brutale du d\u00e9bit du\nVerdon \u00e0 l'aval des usines hydro\u00e9lectriques de Castillon et Chaudanne  ;\nCONSIDERANT  que l'\u00e9preuve entra\u00eene la pr\u00e9sence d'un grand nombre de nageurs dans la partie\n\u00e9troite de la remont\u00e9e des gorges du Verdon  ;\nCONSIDERANT l'avis d'EDF en date du 10 avril 2024 sur l'organisation de cette manifestation  ;\nCONSIDERANT qu'il convient d'assurer  la s\u00e9curit\u00e9 des comp\u00e9titeurs dans cette partie des gorges\nsitu\u00e9es en amont du pont de Galetas  ;\nSUR proposition des Sous-Pr\u00e9fets de Castellane et de Brignoles, \nA R R E T E     N T  \nARTICLE  1  er    -  .  Par  d\u00e9rogation  \u00e0  l'arr\u00eat\u00e9  inter-pr\u00e9fectoral  du  15  juin  2017  portant  r\u00e8glement\nparticulier de police de la navigation les dispositions suivantes sont prises  :\n- la navigation, la baignade et autres activit\u00e9s  sont interdites le samedi 29 juin 2024 de 18h00 \u00e0\n20h00 et dimanche 30  juin 2024 de 7h00 \u00e0 9h00 dans la section du  Verdon situ\u00e9e \u00e0 l'amont du\npont de Galetas. \nCette interdiction ne s'applique pas aux services de police et de secours ainsi qu'aux comp\u00e9titeurs\ndu Verdon Swim Experience et au  personnel de l'organisation qui ne peuvent franchir la  limite\namont de la retenue dont les points de coordonn\u00e9es sont les suivants  : latitude 43\u00b0 47'16,699, longi -\ntude 6\u00b0 15' 37,871 DM .\n- dans le cadre de la mission de surveillance et pendant la dur\u00e9e des \u00e9preuves, l'utilisation de\nbateaux \u00e0 moteur thermique 4 temps d'une puissance maximale de 25 CV est autoris\u00e9e. \nARTICLE 2  L'organisateur et les participants s'adaptent au d\u00e9bit du Verdon et \u00e0 la c\u00f4te du Lac qui\npeuvent varier en fonction de la gestion des barrages situ\u00e9s \u00e0 l'amont. Toutes les mesures sont\nprises par l'organisateur pour assurer la s\u00e9curit\u00e9 des participants. Le cas \u00e9ch\u00e9ant, le parcours situ\u00e9 \u00e0\nl'amont du pont du Galetas est abandonn\u00e9. \nUne convention s\u00fbret\u00e9 est pr\u00e9alablement \u00e9tablie entre EDF-Castillon et l'organisateur pour le tenir\ninform\u00e9  des  d\u00e9bits  d\u00e9livr\u00e9s  par  l'usine  de  Chaudanne  (via  le  site  internet  https://cir-\nmariviereetmoi.edf.fr/)\nLes services de l'\u00c9tat, les services publics de secours et EDF d\u00e9clinent toute responsabilit\u00e9 en cas\nd'accidents li\u00e9s au d\u00e9bit du Verdon\nARTICLE 3  En cas de fort d\u00e9bit ne permettant pas d'assurer la s\u00e9curit\u00e9 des comp\u00e9titeurs, la section\ndu Verdon situ\u00e9e \u00e0 l'amont du pont de Galetas n'est pas emprunt\u00e9e. Aucune r\u00e9clamation ne pourra\n\u00eatre adress\u00e9e \u00e0 EDF concernant le d\u00e9bit pr\u00e9sent dans les gorges du Verdon ou concernant la cote\nde la retenue de Ste Croix.\nARTICLE 4 Les organisateurs et les participants ne peuvent pas accoster dans la zone de la r\u00e9serve\nnaturelle r\u00e9gionale de Saint-Maurin.\nPar ailleurs, l'usage de moyens sonores est strictement interdit.Direction d\u00e9partementale des territoires et de la mer du Var - 83-2024-04-19-00017 - Arr\u00eat\u00e9 inter-pr\u00e9fectoral du  19 avril 2024\nportant prescriptions et d\u00e9rogation \u00e0 l\u25a1arr\u00eat\u00e9 inter-pr\u00e9fectoral du 15 juin 2017 portant r\u00e8glement particulier de police de la navigation\nde plaisance, des activit\u00e9s sportives et de loisirs sur la retenue de Fontaine L\u25a1Ev\u00eaque, barrage de Sainte-Croix-du-Verdon, dans les\nd\u00e9partements du Var et des Alpes de Haute-Provence pour l\u25a1organisation de l\u25a1\u00e9preuve Verdon Swim Experience les 29 et 30 juin\n2024.\nLE PR\u00c9FET DU VAR\nLE PR\u00c9FET DES ALPES-DE-HAUTE-PROVENCE9\nARTICLE  5 L'organisateur s'engage,  ainsi  que  les  maires  concern\u00e9s,  \u00e0  informer  les  loueurs,  les\ncampings et des habitants locaux de la fermeture du grand canyon.\nUne banderole est accroch\u00e9e sur le pont du Galetas quelques jours avant la manifestation pour\npr\u00e9venir les usagers.\nDu personnel de l'organisation est post\u00e9 en cano\u00eb kayak \u00e0 l'entr\u00e9e du grand canyon afin de faire\nrespecter l'arr\u00eat\u00e9.\nARTICLE 6 -  Cet arr\u00eat\u00e9 peut faire l'objet, dans un d\u00e9lai de deux mois \u00e0 compter de sa publication,\nd'un recours gracieux aupr\u00e8s de M. le Pr\u00e9fet du Var ou de M.  le Pr\u00e9fet des Alpes de Haute-Provence,\nou d'un recours contentieux devant le tribunal administratif territorialement comp\u00e9tent dans les\nm\u00eames conditions de d\u00e9lai. En cas de rejet implicite ou explicite du recours gracieux, un recours\ncontentieux peut \u00eatre exerc\u00e9 devant le tribunal administratif administrativement comp\u00e9tent dans\nun d\u00e9lai de deux mois \u00e0 compter de ce rejet.\nARTICLE  7 \u2013 Les  Sous-Pr\u00e9fets  de  Castellane  et  de  Brignoles,  les  Colonels,  commandant  les\nGroupements  de  Gendarmerie  des  Alpes  de  Haute-Provence  et  du  Var ,  la  Directrice\nD\u00e9partementale des  Territoires  des  Alpes  de  Haute-Provence , le  Directeur  D\u00e9partemental  des\nTerritoires et de la Mer du Var, le d\u00e9l\u00e9gu\u00e9 r\u00e9gional acad\u00e9mique \u00e0 la jeunesse, \u00e0 l'engagement et aux\nsports, les Directeurs D\u00e9partementaux des Services d'Incendie et de Secours des Alpes de Haute-\nProvence et du Var, Les D\u00e9l\u00e9gu\u00e9s Territoriaux de l'ARS des Alpes de Haute Provence  et du Var, M. le\nDirecteur  du  G.E.H  Durance  \u2013  EDF,  Monsieur  le  Directeur  R\u00e9gional  de  l'Environnement,  de\nl'Am\u00e9nagement  et  du  Logement  Provence-Alpes-C\u00f4te  d'Azur,  et  les  Maires  des  communes\nd'Aiguines, de la Palud sur Verdon et de Moustiers Sainte-Marie  sont charg\u00e9s, chacun en ce qui les\nconcerne, de l'ex\u00e9cution du pr\u00e9sent arr\u00eat\u00e9, qui sera notifi\u00e9 \u00e0 l'organisateur d\u00e9nomm\u00e9 CREASPORTS\nORGANISATION. \nUne copie sera transmise pour information aux personnes suivantes : \n- Messieurs les Chefs du Service Interminist\u00e9riel de D\u00e9fense et de Protection Civiles des  Alpes\nde Haute-Provence et du Var,\n- Monsieur le Pr\u00e9sident du Parc Naturel R\u00e9gional du Verdon\n- Messieurs les Pr\u00e9sidents de la F\u00e9d\u00e9ration des Alpes de Haute-Provence et du Var pour la\nP\u00eache et la Protection  du Milieu Aquatique,\n- Les services d\u00e9partementaux de l'Office Fran\u00e7ais de la Biodiversit\u00e9 du Var et des Alpes de\nHaute-Provence\net dont un exemplaire sera publi\u00e9 au recueil des actes administratifs des Pr\u00e9fectures du Var et des\nAlpes de Haute-Provence.\nPour le Pr\u00e9fet du Var Pour le Pr\u00e9fet des Alpes de Haute-Provence\net par d\u00e9l\u00e9gation le sous-pr\u00e9fet de Brignoles              et par d\u00e9l\u00e9gation la sous-pr\u00e9f\u00e8te de Castellane\nsign\u00e9 sign\u00e9\n     Charbel ABOUD          Corinne BORD                                       Direction d\u00e9partementale des territoires et de la mer du Var - 83-2024-04-19-00017 - Arr\u00eat\u00e9 inter-pr\u00e9fectoral du  19 avril 2024\nportant prescriptions et d\u00e9rogation \u00e0 l\u25a1arr\u00eat\u00e9 inter-pr\u00e9fectoral du 15 juin 2017 portant r\u00e8glement particulier de police de la navigation\nde plaisance, des activit\u00e9s sportives et de loisirs sur la retenue de Fontaine L\u25a1Ev\u00eaque, barrage de Sainte-Croix-du-Verdon, dans les\nd\u00e9partements du Var et des Alpes de Haute-Provence pour l\u25a1organisation de l\u25a1\u00e9preuve Verdon Swim Experience les 29 et 30 juin\n2024.\nLE PR\u00c9FET DU VAR\nLE PR\u00c9FET DES ALPES-DE-HAUTE-PROVENCE10\nDirection d\u00e9partementale des territoires et de la\nmer du Var\n83-2024-04-18-00019\nArr\u00eat\u00e9 inter-pr\u00e9fectoral du 18 avril 2024\nportant prescriptions et d\u00e9rogations \u00e0 l\u25a1\u00ab\u00a0arr\u00eat\u00e9\ninter-pr\u00e9fectoral du 15 juin 2017 portant\nr\u00e8glement particulier de police de la navigation\nde plaisance, des activit\u00e9s sportives et de loisirs\nsur la retenue de Fontaine L\u25a1Ev\u00eaque, barrage de\nSainte-Croix-du-Verdon, dans les d\u00e9partements\ndu Var et des Alpes de Haute-Provence\u00a0\u00bb pour\nl\u25a1organisation de la manifestation sportive\nSWIMRUNMAN\ndu 26 au 28 avril 2024\nLE PR\u00c9FET DU VAR\nLE PR\u00c9FET DES ALPES-DE-HAUTE-PROVENCE\nDirection d\u00e9partementale des territoires et de la mer du Var - 83-2024-04-18-00019 - Arr\u00eat\u00e9 inter-pr\u00e9fectoral du 18 avril 2024\nportant prescriptions et d\u00e9rogations \u00e0 l\u25a1\u00ab\u00a0arr\u00eat\u00e9 inter-pr\u00e9fectoral du 15 juin 2017 portant r\u00e8glement particulier de police de la\nnavigation de plaisance, des activit\u00e9s sportives et de loisirs sur la retenue de Fontaine L\u25a1Ev\u00eaque, barrage de Sainte-Croix-du-Verdon,\ndans les d\u00e9partements du Var et des Alpes de Haute-Provence\u00a0\u00bb pour l\u25a1organisation de la manifestation sportive SWIMRUNMAN\ndu 26 au 28 avril 2024\nLE PR\u00c9FET DU VAR\nLE PR\u00c9FET DES ALPES-DE-HAUTE-PROVENCE11\nPREFET\nDU  VAR\nLibert\u00e9\n\u00c9galit\u00e9\nFraternit\u00e9Ex\nPR\u00c9FET\nDES  ALPES-\nDE-HAUTE-\nPROVENCE\nLibert\u00e9\nEgalit\u00e9\nFraternit\u00e9\nArr\u00eat\u00e9 inter-pr\u00e9fectoral du 18 avril 2024\nportant prescriptions et d\u00e9rogations \u00e0 l'\u00ab  arr\u00eat\u00e9 inter-pr\u00e9fectoral du 15 juin 2017 portant r\u00e8glement\nparticulier de police de la navigation de plaisance, des activit\u00e9s sportives et de loisirs sur la retenue de\nFontaine L'Ev\u00eaque, barrage de Sainte-Croix-du-Verdon, dans les d\u00e9partements du Var et des Alpes de\nHaute-Provence \u00bb pour l'organisation de la manifestation sportive SWIMRUNMAN\ndu 26 au 28 avril 2024\nLE PR\u00c9FET DU VAR\nLE PR\u00c9FET DES ALPES-DE-HAUTE-PROVENCE\nVU le code des transports, notamment ses articles L.4241-1 et  R.4241-58,\nVU le Code de l'environnement ,\nVU le  d\u00e9cret  du  23  juillet  1977  d\u00e9clarant  d'utilit\u00e9  publique  la  constitution  de  p\u00e9rim\u00e8tres  de\nprotection autour des r\u00e9servoirs de Gr\u00e9oux, Quinson, Sainte-Croix du Verdon et du r\u00e9servoir de\nBimont sur l'Infernet  ;\nVU le d\u00e9cret n\u00b02004-374 du 29 avril 2004 modifi\u00e9 relatif aux pouvoirs des pr\u00e9fets, \u00e0 l'organisation et\n\u00e0 l'action des services de l'\u00c9tat dans les r\u00e9gions et d\u00e9partements  ;\nVU le d\u00e9cret n\u00b0 2012-1556 du 28 d\u00e9cembre 2012 d\u00e9terminant la liste des mesures temporaires\nd'interruption  ou  de  modification  des  conditions  de  la  navigation  pouvant  \u00eatre  prises  par  le\ngestionnaire de la voie d'eau  ;\nVU l'arr\u00eat\u00e9 du ministre d\u00e9l\u00e9gu\u00e9 aupr\u00e8s de la ministre de l'Ecologie, du D\u00e9veloppement Durable et\nde l'Energie, charg\u00e9 des transports, de la mer et de la p\u00eache du  28 juin 2013 portant r\u00e8glement\ng\u00e9n\u00e9ral de police de la navigation int\u00e9rieure  ;\nVU la circulaire interminist\u00e9rielle d u 01 ao\u00fbt 2013 relative \u00e0 la mise en \u0153uvre du r\u00e8glement g\u00e9n\u00e9ral\nde police de la navigation int\u00e9rieure et des r\u00e8glements particuliers de police pris en son ex\u00e9cution  ;\nVU l'arr\u00eat\u00e9 inter-pr\u00e9fectoral n\u00b02014 286-0002 d u 13 octobre 2014 p ortant approbation du Sch\u00e9ma\nd'Am\u00e9nagement et de Gestion des Eaux du Verdon  ;\nVU l'arr\u00eat\u00e9 inter-pr\u00e9fectoral du 15 juin 2017 portant r\u00e8glement particulier de police de la navigation\nde plaisance, des activit\u00e9s sportives et de loisirs sur la retenue de Fontaine L'Ev\u00eaque, barrage de\nSainte-Croix-du-Verdon, dans les d\u00e9partements du Var et des Alpes de Haute-Provence  ; \nVU la demande de EVENTEAM  dat\u00e9e du 23 f\u00e9vrier 2024, d\u00e9pos\u00e9e en sous-pr\u00e9fecture de Brignoles,\ndemandant l'autorisation d'utiliser des bateaux \u00e0 moteur thermique dans le cadre de l'organisation\nde la manifestation sportive \u00ab  SWIMRUNMAN \u00bb du 26 avril au 28 avril 2024 sur le lac de Sainte-Croix\net dans la remont\u00e9e des gorges du Verdon  ; \nDirection d\u00e9partementale des territoires et de la mer du Var - 83-2024-04-18-00019 - Arr\u00eat\u00e9 inter-pr\u00e9fectoral du 18 avril 2024\nportant prescriptions et d\u00e9rogations \u00e0 l\u25a1\u00ab\u00a0arr\u00eat\u00e9 inter-pr\u00e9fectoral du 15 juin 2017 portant r\u00e8glement particulier de police de la\nnavigation de plaisance, des activit\u00e9s sportives et de loisirs sur la retenue de Fontaine L\u25a1Ev\u00eaque, barrage de Sainte-Croix-du-Verdon,\ndans les d\u00e9partements du Var et des Alpes de Haute-Provence\u00a0\u00bb pour l\u25a1organisation de la manifestation sportive SWIMRUNMAN\ndu 26 au 28 avril 2024\nLE PR\u00c9FET DU VAR\nLE PR\u00c9FET DES ALPES-DE-HAUTE-PROVENCE12\nVU la demande d'avis au service d'EDF sur l'organisation des manifestations dans le p\u00e9rim\u00e8tre du\nlac de Sainte-Croix  ;\nVU la r\u00e9ponse d'EDF alertant notamment sur les dangers li\u00e9s \u00e0 l'augmentation brutale du d\u00e9bit du\nVerdon \u00e0 l'aval des usines hydro\u00e9lectriques de Castillon et Chaudanne  ;\nCONSIDERANT que la manifestation entra\u00eene la pr\u00e9sence d'un grand nombre de nageurs dans la\npartie \u00e9troite de la remont\u00e9e des gorges du Verdon  ;\nCONSIDERANT l'avis d'EDF en date du  10 avril 2024 sur l'organisation des manifestations dans le\np\u00e9rim\u00e8tre du lac de Sainte-Croix  ;\nCONSIDERANT qu'il convient d'assurer  la s\u00e9curit\u00e9 des comp\u00e9titeurs dans cette partie des gorges\nsitu\u00e9es en amont du pont de Galetas  ;\nSUR proposition des Sous-Pr\u00e9fets de Castellane et de Brignoles, \nA R R E T E N T\nARTICLE 1  er     :   L'organisateur et les participants s'adaptent au d\u00e9bit du Verdon et \u00e0 la c\u00f4te du Lac qui\npeuvent varier en fonction de la gestion des barrages situ\u00e9s \u00e0 l'amont. Toutes les mesures sont\nprises par l'organisateur pour assurer la s\u00e9curit\u00e9 des participants. Le cas \u00e9ch\u00e9ant, le parcours situ\u00e9 \u00e0\nl'amont du pont du Galetas est abandonn\u00e9.\nUne convention s\u00fbret\u00e9 est pr\u00e9alablement \u00e9tablie entre EDF-Castillon et l'organisateur pour le tenir\ninform\u00e9  des  d\u00e9bits  d\u00e9livr\u00e9s  par  l'usine  de  Chaudanne  (via  le  site  internet  https://cir-\nmariviereetmoi.edf.fr/)\nLes services de l'\u00c9tat, les services publics de secours et EDF d\u00e9clinent toute responsabilit\u00e9 en cas\nd'accidents li\u00e9s au d\u00e9bit du Verdon.\nARTICLE 2     : par d\u00e9rogation \u00e0 l'arr\u00eat\u00e9 inter-pr\u00e9fectoral du 15 juin 2017 portant r\u00e8glement particulier\nde police de la navigation, pendant la dur\u00e9e des \u00e9preuves du SWIMRUNMAN qui se d\u00e9roulent le\nvendredi 26 avril de 9h00 \u00e0 17h00, le samedi 27 avril de 9h00 \u00e0 17h00 et le dimanche 28 avril de\n6h00 \u00e0 20h00, les dispositions suivantes sont prises sur la section du Verdon situ\u00e9e \u00e0 l'amont du\npont de Galetas:\n- la navigation, la baignade et autres activit\u00e9s  sont interdites.\nCette interdiction ne s'applique pas aux services de police et de secours ainsi qu'aux comp\u00e9titeurs\ndu Swimrunman et au personnel de l'organisation qui ne peuvent franchir la limite amont de la\nretenue  dont  les  points  de  coordonn\u00e9es  sont  les  suivants  :  latitude  43\u00b0  47'16,699,  longitude\n6\u00b0 15' 37,871 DMS.\n- dans le cadre de la mission de surveillance, l'utilisation de bateaux \u00e0 moteurs thermiques  4 temps,\nd'une puissance maximale de 25 CV est autoris\u00e9e .\nARTICLE 3     :  En cas de fort d\u00e9bit ne permettant pas d'assurer la s\u00e9curit\u00e9 des comp\u00e9titeurs, la\nsection du Verdon situ\u00e9e \u00e0 l'amont du pont de Galetas n'est pas emprunt\u00e9e.\nAucune r\u00e9clamation ne pourra \u00eatre adress\u00e9e \u00e0 EDF concernant le d\u00e9bit pr\u00e9sent dans les gorges du\nVerdon ou concernant la cote de la retenue de Ste Croix.\nARTICLE 4     :    Les organisateurs et les participants ne peuvent pas accoster dans la zone de la r\u00e9serve\nnaturelle r\u00e9gionale de Saint-Maurin.\nPar ailleurs, l'usage de moyens sonores est strictement interdit.Direction d\u00e9partementale des territoires et de la mer du Var - 83-2024-04-18-00019 - Arr\u00eat\u00e9 inter-pr\u00e9fectoral du 18 avril 2024\nportant prescriptions et d\u00e9rogations \u00e0 l\u25a1\u00ab\u00a0arr\u00eat\u00e9 inter-pr\u00e9fectoral du 15 juin 2017 portant r\u00e8glement particulier de police de la\nnavigation de plaisance, des activit\u00e9s sportives et de loisirs sur la retenue de Fontaine L\u25a1Ev\u00eaque, barrage de Sainte-Croix-du-Verdon,\ndans les d\u00e9partements du Var et des Alpes de Haute-Provence\u00a0\u00bb pour l\u25a1organisation de la manifestation sportive SWIMRUNMAN\ndu 26 au 28 avril 2024\nLE PR\u00c9FET DU VAR\nLE PR\u00c9FET DES ALPES-DE-HAUTE-PROVENCE13\nARTICLE 5     :   L'organisateur s'engage, ainsi que les maires concern\u00e9s,  \u00e0 informer les loueurs, des\ncampings et des locaux de la fermeture du grand canyon.\nUne banderole sera accroch\u00e9e sur le pont du Galetas quelques jours avant la manifestation pour\npr\u00e9venir les usagers.\nDu personnel de l'organisation sera post\u00e9 en cano\u00eb kayak \u00e0 l'entr\u00e9e du grand canyon afin de faire\nrespecter l'arr\u00eat\u00e9.\nARTICLE 6     :   Cet arr\u00eat\u00e9 peut faire l'objet, dans un d\u00e9lai de deux mois \u00e0 compter de sa publication,\nd'un recours gracieux aupr\u00e8s de Monsieur le Pr\u00e9fet du Var ou de Monsieur le Pr\u00e9fet des Alpes de\nHaute-Provence,  ou  d'un  recours  contentieux  devant  le  tribunal  administratif  territorialement\ncomp\u00e9tent dans les m\u00eames conditions de d\u00e9lai.\nEn cas de rejet implicite ou explicite du recours gracieux, un recours contentieux peut \u00eatre exerc\u00e9\ndevant le tribunal administratif comp\u00e9tent dans un d\u00e9lai de deux mois \u00e0 compter de ce rejet.\nLe tribunal administratif peut-\u00eatre saisi par l'application informatique \u00ab  T\u00e9l\u00e9recours citoyens  \u00bb, ac-\ncessible sur le site internet  : \u00ab www.telerecours.fr  \u00bb.\nARTICLE  7     :   les  Sous-Pr\u00e9fets  de  Castellane  et  de  Brignoles,  les  Colonels,  commandant  les\nGroupements  de  Gendarmerie  des  Alpes  de  Haute-Provence  et  du  Var ,  la  Directrice\nD\u00e9partementale des  Territoires  des  Alpes  de  Haute-Provence , le  Directeur  D\u00e9partemental  des\nTerritoires et de la Mer du Var, le d\u00e9l\u00e9gu\u00e9 r\u00e9gional acad\u00e9mique \u00e0 la jeunesse, \u00e0 l'engagement et aux\nsports, les Directeurs D\u00e9partementaux des Services d'Incendie et de Secours des Alpes de Haute-\nProvence et du Var, les D\u00e9l\u00e9gu\u00e9s Territoriaux de l'ARS des Alpes de Haute Provence  et du Var, le\nDirecteur du G.E.H Durance \u2013 EDF, le directeur R\u00e9gional de l'Environnement, de l'Am\u00e9nagement et\ndu Logement Provence-Alpes-C\u00f4te d'Azur, et les Maires des communes d 'Aiguines, de Bauduen, des\nSalles-sur-Verdon, de la Palud-sur-Verdon, de Moustiers-Sainte-Marie  et de Sainte-Croix-du-Verdon\nsont charg\u00e9s, chacun en ce qui les concerne, de l'ex\u00e9cution du  pr\u00e9sent arr\u00eat\u00e9 qui sera notifi\u00e9 \u00e0\nl'organisateur d\u00e9nomm\u00e9 EVENTEAM . \nUne copie sera transmise pour information aux personnes suivantes : \n- Chefs du Service Interminist\u00e9riel de D\u00e9fense et de Protection Civiles des  Alpes de Haute-\nProvence et du Var,\n- Pr\u00e9sident du Parc Naturel R\u00e9gional du Verdon\n- Pr\u00e9sident de la F\u00e9d\u00e9ration des Alpes de Haute-Provence et du Var pour la P\u00eache et la\nProtection du Milieu Aquatique,\n- Services d\u00e9partementaux de l'Office Fran\u00e7ais de la Biodiversit\u00e9 du Var et des Alpes de\nHaute-Provence\net un exemplaire sera publi\u00e9 au recueil des actes administratifs des Pr\u00e9fectures du Var et des Alpes\nde Haute-Provence.\nPour le Pr\u00e9fet du Var, Pour le Pr\u00e9fet des Alpes de Haute-Provence,\net par d\u00e9l\u00e9gation le sous-pr\u00e9fet de Brignoles  Et par d\u00e9l\u00e9gation la sous-pr\u00e9f\u00e8te de Castellane\nSign\u00e9 Sign\u00e9\nCharbel ABOUD Corinne BORD                           Direction d\u00e9partementale des territoires et de la mer du Var - 83-2024-04-18-00019 - Arr\u00eat\u00e9 inter-pr\u00e9fectoral du 18 avril 2024\nportant prescriptions et d\u00e9rogations \u00e0 l\u25a1\u00ab\u00a0arr\u00eat\u00e9 inter-pr\u00e9fectoral du 15 juin 2017 portant r\u00e8glement particulier de police de la\nnavigation de plaisance, des activit\u00e9s sportives et de loisirs sur la retenue de Fontaine L\u25a1Ev\u00eaque, barrage de Sainte-Croix-du-Verdon,\ndans les d\u00e9partements du Var et des Alpes de Haute-Provence\u00a0\u00bb pour l\u25a1organisation de la manifestation sportive SWIMRUNMAN\ndu 26 au 28 avril 2024\nLE PR\u00c9FET DU VAR\nLE PR\u00c9FET DES ALPES-DE-HAUTE-PROVENCE14\nPr\u00e9fecture du VAR\n83-2024-05-03-00005\nARR\u00caT\u00c9 PR\u00c9FECTORAL n\u00b0 2024/22/MCI du 3 mai\n2024 portant d\u00e9l\u00e9gation de signature \u00e0 Madame\nEmmanuelle BLANC, ing\u00e9nieure g\u00e9n\u00e9rale des\nponts, des eaux et des for\u00eats,directrice\ninterr\u00e9gionale de la s\u00e9curit\u00e9 de l\u25a1aviation civile\nsud-est\nPr\u00e9fecture du VAR - 83-2024-05-03-00005 - ARR\u00caT\u00c9 PR\u00c9FECTORAL n\u00b0 2024/22/MCI du 3 mai 2024 portant d\u00e9l\u00e9gation de signature \u00e0\nMadame Emmanuelle BLANC, ing\u00e9nieure g\u00e9n\u00e9rale des ponts, des eaux et des for\u00eats,directrice interr\u00e9gionale de la s\u00e9curit\u00e9 de\nl\u25a1aviation civile sud-est15\nEx\nPREFET\nDU  VAR\nL'z'berte'\nEgalit\u00e9\nFraternit\u00e9\nDirection de la coordination\n des politiques publiques\net de l'appui territorial\nMission de coordination interminist\u00e9rielle\nARR\u00caT\u00c9 PR\u00c9FECTORAL n\u00b0 2024/22/MCI du 3 mai 2024\nportant d\u00e9l\u00e9gation de signature \u00e0  Madame Emmanuelle BLANC,\ning\u00e9nieure g\u00e9n\u00e9rale des ponts, des eaux et des for\u00eats, \ndirectrice interr\u00e9gionale de la s\u00e9curit\u00e9 de l'aviation civile sud-est\nLe Pr\u00e9fet du Var,\nOfficier de la L\u00e9gion d'Honneur,\nVu le code des transports  ;\nVu le code de l'urbanisme  ;\nVu  la  loi  n\u00b0  82.213  du  2  mars  1982  modifi\u00e9e  relative  aux  droits  et  libert\u00e9s  des\ncommunes, des d\u00e9partements et des r\u00e9gions, modifi\u00e9e notamment par l'article 132\nde la loi n\u00b02004-809 du 13 ao\u00fbt 2004 relative aux libert\u00e9s et responsabilit\u00e9s locales ; \nVu la loi d'orientation n\u00b092-125 du 6 f\u00e9vrier 1992 relative \u00e0 l'administration territoriale\nde la R\u00e9publique  ;\nVu  le  d\u00e9cret  n\u00b060-516  du  2  juin  1960  portant  harmonisation  des  circonscriptions\nadministratives, modifi\u00e9 notamment par le d\u00e9cret n\u00b093-479 du 24 mars 1993 ; \nVu le d\u00e9cret n\u00b097-34 du 15 janvier 1997 relatif \u00e0 la d\u00e9concentration des d\u00e9cisions\nadministratives individuelles, modifi\u00e9 par le d\u00e9cret n\u00b097-1205 du 19 d\u00e9cembre 1997  ;\nVu le d\u00e9cret n\u00b097-34 du 15 janvier 1997 relatif \u00e0 la d\u00e9concentration des d\u00e9cisions\nadministratives individuelles conf\u00e9rant au pr\u00e9fet une comp\u00e9tence de droit commun\npour prendre les d\u00e9cisions pr\u00e9cit\u00e9es  ;\nVu  le  d\u00e9cret  n\u00b0  2008-1299  du  11  d\u00e9cembre  200 8  modifi\u00e9  porta nt  cr\u00e9ation  de  la\ndirection de la s\u00e9curit\u00e9 de l'aviation civile ;\nVu le d\u00e9cret du Pr\u00e9sident de la R\u00e9publique du 15 avril 2022 portant nomination de\nM.  Lucien  GIUDICELLI,  secr\u00e9taire  g\u00e9n\u00e9ral  de  la  pr\u00e9fecture  du  Var,  sous-pr\u00e9fet  de\nl'arrondissement de Toulon ;\n1/4\nPr\u00e9fecture du VAR - 83-2024-05-03-00005 - ARR\u00caT\u00c9 PR\u00c9FECTORAL n\u00b0 2024/22/MCI du 3 mai 2024 portant d\u00e9l\u00e9gation de signature \u00e0\nMadame Emmanuelle BLANC, ing\u00e9nieure g\u00e9n\u00e9rale des ponts, des eaux et des for\u00eats,directrice interr\u00e9gionale de la s\u00e9curit\u00e9 de\nl\u25a1aviation civile sud-est16\nVu le d\u00e9cret du Pr\u00e9sident de la R\u00e9publique du 13 juillet 2023 portant nomination de\nM. Philippe MAHE, pr\u00e9fet du Var  ;\nVu la d\u00e9cision du 15 f\u00e9vrier 2024 portant organisation de la direction de la s\u00e9curit\u00e9 de\nl'Aviation civile Sud Est  ;\nVu  l'arr\u00eat\u00e9  en  date  du  20  octobre  2022  nommant  Madame  Emmanuelle  Blanc,\ning\u00e9nieure  en  chef  des  ponts,  des  eaux  et  des  for\u00eats,  en  qualit\u00e9  de  directrice\ninterr\u00e9gionale de la s\u00e9curit\u00e9 de l'aviation civile Sud-Est \u00e0 compter du 15 novembre\n2022 ;\nVu l'arr\u00eat\u00e9 pr\u00e9fectoral n\u00b0 2023/95/MCI du 7 septembre 2023  portant d\u00e9l\u00e9gation de\nsignature \u00e0 Madame  Emmanuelle BLANC, ing\u00e9nieure g\u00e9n\u00e9rale des ponts, des eaux et\ndes for\u00eats, directrice interr\u00e9gionale de la s\u00e9curit\u00e9 de l'aviation civile sud-est ;\nSur proposition du secr\u00e9taire g\u00e9n\u00e9ral de la pr\u00e9fecture du Var  ;\nA R R E T E \nArticle 1 : D\u00e9l\u00e9gation est donn\u00e9e, pour ce qui concerne le d\u00e9partement du Var, \u00e0\nMadame Emmanuelle BLANC, ing\u00e9nieu re g\u00e9n\u00e9rale des ponts, des eaux et des for\u00eats,\ndirectrice interr\u00e9gionale de la s\u00e9curit\u00e9 de l'aviation civile sud-est, \u00e0 l'effet de signer,\ndans la limite de ses attributions  :\n1) Les d\u00e9cisions de d\u00e9rogations au niveau minimal de survol, \u00e0 l'exception du survol\ndes agglom\u00e9rations ou rassemblements de personnes ou d'animaux en plein air, prises\nen  application  des  dispositions des articles  R6213,  D6200  et D6213  du code  des\ntransports ;\n2) Les d\u00e9cisions prescrivant le balisage de jour et de nuit ou le balisage de jour ou de\nnuit  de  tous  les  obstacles  jug\u00e9s  dangereux  pour  la  navigation  a\u00e9rienne  prises  en\napplication des dispositions de l'article L.6351-6 du code des transports  ;\n3) Les d\u00e9cisions prescrivant l'\u00e9tablissement de dispositifs visuels ou radio-\u00e9lectriques\nd'aides \u00e0 la navigation a\u00e9rienne en application des dispositions de l'article L.6351-6 du\ncode des transports  ; \n4) Les d\u00e9cisions de suppression ou de modification de tout dispositif visuel autre\nqu'un dispositif de balisage maritime ou de signalisation ferroviaire ou routi\u00e8re de\nnature \u00e0 cr\u00e9er une confusion avec les aides visuelles \u00e0 la navigation a\u00e9rienne prises en\napplication des dispositions de l'article L.6351-6 du code des transports  ;\n5) Les autorisations au cr\u00e9ateur d'un a\u00e9rodrome priv\u00e9 ou \u00e0 usage restreint d'\u00e9quiper\ncelui-ci d'aides lumineuses ou radio\u00e9lectriques \u00e0 la navigation a\u00e9rienne ou de tous\nautres dispositifs de t\u00e9l\u00e9communications a\u00e9ronautiques, prises en application des\ndispositions des articles R6312-24 et R6312-39  du code des transports ; \n                                                                                                                                                                                                                      2/4 Pr\u00e9fecture du VAR - 83-2024-05-03-00005 - ARR\u00caT\u00c9 PR\u00c9FECTORAL n\u00b0 2024/22/MCI du 3 mai 2024 portant d\u00e9l\u00e9gation de signature \u00e0\nMadame Emmanuelle BLANC, ing\u00e9nieure g\u00e9n\u00e9rale des ponts, des eaux et des for\u00eats,directrice interr\u00e9gionale de la s\u00e9curit\u00e9 de\nl\u25a1aviation civile sud-est17\n6)  Les  d\u00e9cisions  d'\u00e9laboration  ou  de  mise  en  r\u00e9vision  et  de  notification  du  plan\nd'exposition au bruit des a\u00e9rodromes \u00e0 affectation principale civile et les d\u00e9cisions de\nnotification des d\u00e9cisions pr\u00e9cit\u00e9es, prises en application des dispositions des articles\nR112-8, R112-10 et R112-14 du code de l'urbanisme  ;\n7) Les d\u00e9cisions de d\u00e9livrance, de refus, de suspension et de retrait des agr\u00e9ments des\npersonnels charg\u00e9s de la mise en \u0153uvre du service de sauvetage et de lutte contre les \nincendies d'a\u00e9ronefs sur les a\u00e9rodromes du Var, prises en application des dispositions \nde l'article D6332-14 du code des transports ;\n8) Les d\u00e9cisions de d\u00e9livrance des autorisations d'acc\u00e8s au c\u00f4t\u00e9 piste des a\u00e9rodromes \ndu d\u00e9partement du Var, prises en application des dispositions de l'article R6342-14 du \ncode des transports  ;\n9) Les d\u00e9cisions de d\u00e9livrance des titres de circulation des personnes permettant\nl'acc\u00e8s et la circulation en zone de s\u00fbret\u00e9 \u00e0 acc\u00e8s r\u00e9glement\u00e9 des a\u00e9rodromes du\nd\u00e9partement du Var, et les d\u00e9cisions de d\u00e9livrance des titres de circulation dans\ncertaines installations \u00e0 usage a\u00e9ronautique pr\u00e9vues \u00e0 l'article 2 de l'arr\u00eat\u00e9 du 26\nnovembre 2007 , prises en application des dispositions de l'article R6342-24 du code\ndes transports ;\n10) Les d\u00e9cisions de r\u00e9tention d'a\u00e9ronef fran\u00e7ais ou \u00e9tranger qui ne remplit pas les\nconditions pr\u00e9vues par la sixi\u00e8me partie du code des transports pour se livrer \u00e0 la\ncirculation a\u00e9rienne ou dont le pilote a commis une infraction au sens de ce code,\nprises en application des dispositions de l'article L.6231-1 du code des transports  ;\n11) Les autorisations de red\u00e9collage d'a\u00e9ronefs ayant \u00e9t\u00e9 contraints de se poser hors\nd'un a\u00e9rodrome r\u00e9guli\u00e8rement \u00e9tabli dans le d\u00e9partement du Var, \u00e0 l'exclusion de\nceux  en  provenance  ou  \u00e0  destination  de  l'\u00e9tranger,  prises  en  application  des\ndispositions de l'article D6212-2 du code des transports  ;\n12)  Les  autorisations  d'installations  et  \u00e9quipements  concourant  \u00e0  la  s\u00e9curit\u00e9\na\u00e9ronautique ou du transport a\u00e9rien public dans les zones grev\u00e9es de servitudes\na\u00e9ronautiques, prises en application de l'article R6351-12 du code des transports  ;\n13)  Les  autorisations,  pour  une  dur\u00e9e  limit\u00e9e,  de  constructions  ou  installations\nn\u00e9cessaires  \u00e0  la  conduite  de  travaux  dans  les  zones  grev\u00e9es  de  servitudes\na\u00e9ronautiques de d\u00e9gagement, prises en application de l'article R6351-13 du code des\ntransports.\nArticle 2 : En application de l'article 6 du d\u00e9cret n\u00b02008-1299 du 11  d\u00e9cembre 2008\nsusvis\u00e9, la d\u00e9l\u00e9gation qui lui est consentie par l'article 2 pourra \u00eatre exerc\u00e9e par les\nagents de la direction de la s\u00e9curit\u00e9 de l'aviation civile sud-est suivants  :\n- Madame Val\u00e9rie FULCRAND-VINCENT, adjointe \u00e0 la directrice, charg\u00e9e des affaires\ntechniques ;\n3/4Pr\u00e9fecture du VAR - 83-2024-05-03-00005 - ARR\u00caT\u00c9 PR\u00c9FECTORAL n\u00b0 2024/22/MCI du 3 mai 2024 portant d\u00e9l\u00e9gation de signature \u00e0\nMadame Emmanuelle BLANC, ing\u00e9nieure g\u00e9n\u00e9rale des ponts, des eaux et des for\u00eats,directrice interr\u00e9gionale de la s\u00e9curit\u00e9 de\nl\u25a1aviation civile sud-est18\n- Monsieur C\u00e9dric TEDESCO, d\u00e9l\u00e9gu\u00e9 C\u00f4te d'Azur, pour les actes mentionn\u00e9s aux\nnum\u00e9ros 1 et 7 \u00e0 13  ;\n-  Monsieur  Philippe  GIMENEZ,  adjoint  au  d\u00e9l\u00e9gu\u00e9  C\u00f4te  d'Azur,  pour  les  actes\nmentionn\u00e9s aux num\u00e9ros 1 et 7 \u00e0 13 ;\n- Monsieur Daniel FIORIO, chef de la division a\u00e9roports et d\u00e9veloppement durable de\nla d\u00e9l\u00e9gation C\u00f4te d'Azur, pour les actes mentionn\u00e9s aux num\u00e9ros 7 , 12 et 13  ;\n- Monsieur Jean-Bernard GRASS, chef de la division aviation g\u00e9n\u00e9rale et travail a\u00e9rien\nde la d\u00e9l\u00e9gation C\u00f4te d'Azur, pour les actes mentionn\u00e9s aux num\u00e9ros 1 et 11  ;\n- Monsieur Jean-Yves PIERI, chef de la division r\u00e9gulation et d\u00e9veloppement durable ,\npour les actes mentionn\u00e9s aux num\u00e9ros 2 \u00e0 6, 12 et 13  ;\n- Madame Jessica SALVATORI-RINALDI, cheffe de la division s\u00fbret\u00e9 de la d\u00e9l\u00e9gation\nC\u00f4te d'Azur, pour les actes mentionn\u00e9s aux num\u00e9ros 8 et 9  ;\n- Madame C\u00e9line KOCHKANIAN, inspectrice de la surveillance s\u00fbret\u00e9 en d\u00e9l\u00e9gation\nC\u00f4te d'Azur, pour les actes mentionn\u00e9s aux num\u00e9ros 8 et 9,\nArticle 3     :   Le pr\u00e9sent arr\u00eat\u00e9 peut faire l'objet d'un recours contentieux aupr\u00e8s du\ntribunal  administratif  de  Toulon  dans  un  d\u00e9lai  de  deux  mois  \u00e0  compter  de  sa\nnotification ou de sa publication.\nArticle  4     :  L'arr\u00eat\u00e9  pr\u00e9fectoral  n\u00b0 2023/95/MCI  du  7  septembre  2023  portant\nd\u00e9l\u00e9gation  de  signature  \u00e0  Madame  Emmanuelle  BLANC,  ing\u00e9nieure  g\u00e9n\u00e9rale  des\nponts, des eaux et des for\u00eats,  directrice interr\u00e9gionale  de la s\u00e9curit\u00e9 de l'aviation\ncivile sud-est, est abrog\u00e9.\nArticle 5 : Le secr\u00e9taire g\u00e9n\u00e9ral de la pr\u00e9fecture du Var et la directrice interr\u00e9gionale\nde la s\u00e9curit\u00e9 de l'aviation civile sud-est sont charg\u00e9s, chacun en ce qui le concerne,\nde l'ex\u00e9cution du pr\u00e9sent arr\u00eat\u00e9 qui sera publi\u00e9 au recueil des actes administratifs de\nla pr\u00e9fecture du Var.\nFait \u00e0 Toulon, le 3 mai 2024\nLe pr\u00e9fet du Var,\nSign\u00e9\nPhilippe MAH\u00c9\n                                                                                                                                                                                                                      4/4 Pr\u00e9fecture du VAR - 83-2024-05-03-00005 - ARR\u00caT\u00c9 PR\u00c9FECTORAL n\u00b0 2024/22/MCI du 3 mai 2024 portant d\u00e9l\u00e9gation de signature \u00e0\nMadame Emmanuelle BLANC, ing\u00e9nieure g\u00e9n\u00e9rale des ponts, des eaux et des for\u00eats,directrice interr\u00e9gionale de la s\u00e9curit\u00e9 de\nl\u25a1aviation civile sud-est19\nPr\u00e9fecture du VAR\n83-2024-05-03-00004\nARR\u00caT\u00c9 PR\u00c9FECTORAL N\u00b02024/21/MCI du 3 mai\n2024 portant d\u00e9l\u00e9gation de signature \u00e0\nM.Alexandre PROUD, Chef du centre d'expertise\net de ressources des titres (CERT)\nCNI/Passeports, charg\u00e9e de la direction des titres\nd'identit\u00e9 et de l'immigration de la Pr\u00e9fecture du\nVar\nPr\u00e9fecture du VAR - 83-2024-05-03-00004 - ARR\u00caT\u00c9 PR\u00c9FECTORAL N\u00b02024/21/MCI du 3 mai 2024 portant d\u00e9l\u00e9gation de signature \u00e0\nM.Alexandre PROUD, Chef du centre d'expertise et de ressources des titres (CERT) CNI/Passeports, charg\u00e9e de la direction des titres\nd'identit\u00e9 et de l'immigration de la Pr\u00e9fecture du Var20\nEx\nPREFET\nDU  VAR\nL'z'berte'\nEgalit\u00e9\nFraternit\u00e9\nDirection de la coordination\n des politiques publiques\net de l'appui territorial\nMission de coordination interminist\u00e9rielle\nARR\u00caT\u00c9 PR\u00c9FECTORAL n\u00b0 2024/21 /MCI du 3 mai 2024\nportant d\u00e9l\u00e9gation de signature \u00e0 M. Alexandre PROUD,\n chef du centre d'expertise et de ressources des titres (CERT) CNI/ Passeports, \ncharg\u00e9 de l'int\u00e9rim de la direction des titres d'identit\u00e9 et de l'immigration \nde la pr\u00e9fecture du Var\nLe Pr\u00e9fet du Var,\nOfficier de la L\u00e9gion d'Honneur\n \nVu la loi n\u00b0 82-213 du 2 mars 1982 modifi\u00e9e, relative aux droits et libert\u00e9s des communes, des\nd\u00e9partements et des r\u00e9gions  ;\nVu la loi n\u00b0 83-8 du 7 janvier 1983 modifi\u00e9e, relative \u00e0 la r\u00e9partition des comp\u00e9tences entre les\ncommunes, les d\u00e9partements, les r\u00e9gions et l'\u00c9tat  ;\nVu  la  loi  d'orientation  n\u00b0  92-125  du  6  f\u00e9vrier  1992  modifi\u00e9e  relative  \u00e0  l'administration\nterritoriale de la R\u00e9publique ;\nVu la loi n\u00b0 2004-809 du 13 ao\u00fbt 2004 modifi\u00e9e relative aux libert\u00e9s et responsabilit\u00e9s locales  ;\nVu le d\u00e9cret n\u00b0 97-34 du 15 janvier 1997 modifi\u00e9 relatif \u00e0 la d\u00e9concentration des d\u00e9cisions\nadministratives individuelles  ;\nVu  le  d\u00e9cret  n\u00b0  2004-374  du  29  avril  2004  modifi\u00e9  relatif  aux  pouvoirs  des  pr\u00e9fets,  \u00e0\nl'organisation et \u00e0 l'action des services de l'\u00c9tat dans les r\u00e9gions et d\u00e9partements  ;\nVu  le  d\u00e9cret  n\u00b0  2007-1488  du  17  octobre  2007  modifi\u00e9  relatif  \u00e0  l'emploi  de  conseiller\nd'administration de l'int\u00e9rieur et de l'outre-mer ;\nVu le d\u00e9cret n\u00b0 2015-510 du 7 mai 2015 portant charte de la d\u00e9concentration  ;\nVu  le  d\u00e9cret  du  Pr\u00e9sident  de  la  R\u00e9publique  du  15  avril  2022  portant  nomination  de\nM.  Lucien  GIUDICELLI,  secr\u00e9taire  g\u00e9n\u00e9ral  de  la  pr\u00e9fecture  du  Var,  sous-pr\u00e9fet  de\nl'arrondissement de Toulon  ;\nVu  le  d\u00e9cret  du  Pr\u00e9sident  de  la  R\u00e9publique  du  13  juillet  2023  portant  nomination  de\nM. Philippe MAHE, pr\u00e9fet du Var ;\nVu l'arr\u00eat\u00e9 pr\u00e9fectoral n\u00b0 2024/03/MCI du 19 f\u00e9vrier 2024 portant organisation de la pr\u00e9fecture\ndu Var ;\n1/3\nPr\u00e9fecture du VAR - 83-2024-05-03-00004 - ARR\u00caT\u00c9 PR\u00c9FECTORAL N\u00b02024/21/MCI du 3 mai 2024 portant d\u00e9l\u00e9gation de signature \u00e0\nM.Alexandre PROUD, Chef du centre d'expertise et de ressources des titres (CERT) CNI/Passeports, charg\u00e9e de la direction des titres\nd'identit\u00e9 et de l'immigration de la Pr\u00e9fecture du Var21\nVu   l'arr\u00eat\u00e9 pr\u00e9fectoral n\u00b02023/54/MCI du 21 ao\u00fbt 2023 portant d\u00e9l\u00e9gation de signature \u00e0\nMme Caroline BERRETTA, directrice des titres d'identit\u00e9 et de l'immigration de la pr\u00e9fecture\ndu Var ;\nVu la d\u00e9cision de M. le Pr\u00e9fet du Var du 30 avril 2024 d\u00e9signant M.Alexandre PROUD, chef du\ncentre d'expertise et de ressources des titres (CERT) CNI/ Passeports, charg\u00e9 de l'int\u00e9rim de la\ndirection des titres d'identit\u00e9 et de l'immigration jusqu'au 1er septembre 2024 ;\nSur proposition du secr\u00e9taire g\u00e9n\u00e9ral de la pr\u00e9fecture  ; \nARR\u00caT\u00c9 :\nARTICLE  1er :  D\u00e9l\u00e9gation est  donn\u00e9e  \u00e0  M.  Alexandre  PROUD,  attach\u00e9  principal\nd'administration de l'\u00c9tat, chef du centre d'expertise et de ressources des titres (CERT) CNI /\nPasseports, charg\u00e9 de l'int\u00e9rim de la direction des titres d'identit\u00e9 et de l'immigration de la\npr\u00e9fecture du Var, aux fins de signer, d ans les limites des attributions de cette direction,  tous\nactes,  documents  et  correspondances  ne  pr\u00e9sentant  pas  un  caract\u00e8re  d\u00e9cisionnel,  \u00e0\nl'exclusion des requ\u00eates et m\u00e9moires aupr\u00e8s des juridictions, des lettres circulaires et des\nlettres personnelles aux \u00e9lus.\nARTICLE 2 : D\u00e9l\u00e9gation de signature est \u00e9galement donn\u00e9e \u00e0 M. Alexandre PROUD  pour les\nactes relevant du champ de comp\u00e9tence de la direction \u00e9num\u00e9r\u00e9s ci-apr\u00e8s  : \na) les oppositions \u00e0 sortie du territoire pour mineurs (hors mineurs radicalis\u00e9s)  ;\nb)les demandes d'habilitation \u00e0 l'application TES (titres \u00e9lectroniques s\u00e9curis\u00e9s)  ;\nc) les r\u00e9c\u00e9piss\u00e9s de demandes de titres de s\u00e9jour, les autorisations de s\u00e9jour, les titres de\ns\u00e9jour,  les  r\u00e9c\u00e9piss\u00e9s  valant  justificatif  d'identit\u00e9  dans  le  cadre  des  assignations  \u00e0\nr\u00e9sidence,  les documents de circulation pour les \u00e9trangers mineurs r\u00e9sidant en France,\nles titres de voyage pour r\u00e9fugi\u00e9s et apatrides et les attestations de demandes d'asile  ;\nd) les d\u00e9cisions favorables de regroupement familial  ;\ne)les mesures d'\u00e9loignement relevant de la comp\u00e9tence du repr\u00e9sentant de l'\u00c9tat dans le\nd\u00e9partement  et  concernant  les  \u00e9trangers  s\u00e9journant  irr\u00e9guli\u00e8rement  sur  le  territoire\nfran\u00e7ais ainsi que les d\u00e9cisions de placement en r\u00e9tention administrative ou d'assignation\n\u00e0 r\u00e9sidence des \u00e9trangers objet de ces mesures prises en application des dispositions du\ncode de l'entr\u00e9e et du s\u00e9jour des \u00e9trangers et du droit d'asile (CESEDA)  ;\nf)   tout courrier relatif aux proc\u00e9dures d'\u00e9loignement concernant les \u00e9trangers s\u00e9journant      \nirr\u00e9guli\u00e8rement sur le territoire fran\u00e7ais, y compris toute requ\u00eate adress\u00e9e aux juridictions en \nmati\u00e8re de r\u00e9tention administrative, notamment au juge des libert\u00e9s et de la d\u00e9tention en \napplication des articles L. 742-1 \u00e0 L. 742-10 du CESEDA  en vue d'obtenir la prolongation de la \nr\u00e9tention administrative  ;\nARTICLE 3 : D\u00e9l\u00e9gation de signature est donn\u00e9e \u00e0 M. Thomas LORMAILLE, at tach\u00e9 principal\nd'administration de l'\u00c9tat, chef du bureau de l'immigration, pour les actes mentionn\u00e9s \u00e0\nl'article 1er et aux c) et d) de l'artic le 2 du pr\u00e9sent arr\u00eat\u00e9, dans la limite des attributions de ce\nbureau.\n                                                                                                                                                                                                                               2/3Pr\u00e9fecture du VAR - 83-2024-05-03-00004 - ARR\u00caT\u00c9 PR\u00c9FECTORAL N\u00b02024/21/MCI du 3 mai 2024 portant d\u00e9l\u00e9gation de signature \u00e0\nM.Alexandre PROUD, Chef du centre d'expertise et de ressources des titres (CERT) CNI/Passeports, charg\u00e9e de la direction des titres\nd'identit\u00e9 et de l'immigration de la Pr\u00e9fecture du Var22\nPour ces m\u00eames actes, d\u00e9l\u00e9gation de signature est \u00e9galement donn\u00e9e \u00e0  :\n\u2022Mme Nathalie ORTIZ, attach\u00e9e d'administration de l'\u00c9tat, adjointe au chef du bureau  ;\n\u2022Mme Coralie OTULAKOWSKI, attach\u00e9e d'adm inistration de l'\u00c9tat, adjointe au chef du\nbureau.\nD\u00e9l\u00e9gation est \u00e9galement donn\u00e9e, pour les actes mentionn\u00e9s \u00e0 l'article 1er et aux c) et d) de\nl'article 2, pour les d\u00e9cisions relevant de la section concern\u00e9e et \u00e0 l'exception des d\u00e9cisions\nde refus, \u00e0 :\n\u2022Mme Magali FAGNI, secr\u00e9taire administrative de classe exceptionnelle,  cheffe de la\nsection \"s\u00e9jour\".\nARTICLE 4 : En cas d'absence ou d'emp\u00eachement de M. Alexandre PROUD, la d\u00e9l\u00e9gation qui\nlui est accord\u00e9e par les articles 1er et 2 est exerc\u00e9e dans le s m\u00eames conditions par M. Thomas\nLORMAILLE, attach\u00e9 principal d'administration de l'\u00c9tat, chef du bureau de l'immigration.\nARTICLE  5     :  L'arr\u00eat\u00e9  pr\u00e9fectoral  n\u00b02023/54/MCI  du  21  ao\u00fbt  2023  portant  d\u00e9l\u00e9gation  de\nsignature \u00e0 Mme Caroline BERRETTA, directrice des titres d'identit\u00e9 et de l'immigration, est\nabrog\u00e9 \u00e0 compter du 6 mai 2024.\nARTICLE 6 : Le secr\u00e9taire g\u00e9n\u00e9ral de la pr\u00e9fecture et le directeur des titres d'identit\u00e9 et de\nl'immigration de la pr\u00e9fecture du Var par int\u00e9rim,  sont charg\u00e9s, chacun en ce qui le concerne,\nde l'ex\u00e9cution du pr\u00e9sent arr\u00eat\u00e9 qui  sera publi\u00e9 au recueil des actes administratifs de la\npr\u00e9fecture du Var.\nFait \u00e0 Toulon, le 3 mai 2024\nLe pr\u00e9fet du Var,\nSign\u00e9\nPhilippe MAH\u00c9\n3/3Pr\u00e9fecture du VAR - 83-2024-05-03-00004 - ARR\u00caT\u00c9 PR\u00c9FECTORAL N\u00b02024/21/MCI du 3 mai 2024 portant d\u00e9l\u00e9gation de signature \u00e0\nM.Alexandre PROUD, Chef du centre d'expertise et de ressources des titres (CERT) CNI/Passeports, charg\u00e9e de la direction des titres\nd'identit\u00e9 et de l'immigration de la Pr\u00e9fecture du Var23\nPr\u00e9fecture du VAR\n83-2024-04-26-00002\nArr\u00eat\u00e9 pr\u00e9fectoral n\u00b0 2024/BSP/PP/004 instaurant\nun p\u00e9rim\u00e8tre de protection sur la commune de\nToulon aux abords et sur la place de la Libert\u00e9\nPr\u00e9fecture du VAR - 83-2024-04-26-00002 - Arr\u00eat\u00e9 pr\u00e9fectoral n\u00b0 2024/BSP/PP/004 instaurant un p\u00e9rim\u00e8tre de protection sur la\ncommune de Toulon aux abords et sur la place de la Libert\u00e9 24\nEx\nPREFET\nDU  VAR\nL'z'berte'\nEgalit\u00e9\nFraternit\u00e9\nCabinet du Pr\u00e9fet\nDirection des s\u00e9curit\u00e9s\nBureau de la s\u00e9curit\u00e9 publique\nARR\u00caT\u00c9 PR\u00c9FECTORAL n\u00b0 2024/BSP/PP/004\ninstaurant un p\u00e9rim\u00e8tre de protection sur la commune de Toulon \naux abords et sur la place de la Libert\u00e9\nLe pr\u00e9fet du Var,\nVu la loi n\u00b0 2017-1510 du 30 octobre 2017 renfor\u00e7ant la s\u00e9curit\u00e9 int\u00e9rieure et la lutte contre le\nterrorisme ;\nVu le code de la s\u00e9curit\u00e9 int\u00e9rieure, notamment ses articles L.211-11-1, L.226-1, L.511-1 et L.611 ;\nVu le code de proc\u00e9dure p\u00e9nale, notamment ses articles 16, 20 et 21 ;\nVu le  d\u00e9cret  n\u00b0  2004-374  du  29  avril  2004  modifi\u00e9,  relatif  aux  pouvoirs  des  pr\u00e9fets,  \u00e0\nl'organisation et \u00e0 l'action des services de l'\u00c9tat dans les r\u00e9gions et d\u00e9partements ;\nVu le d\u00e9cret n\u00b0 2021-1397 du  27 octobre 2021  modifi\u00e9 d\u00e9signant les jeux olympiques et\nparalympiques de 2024 comme grand \u00e9v\u00e8nement, au sens de l'article L. 211-11-1 du code de la\ns\u00e9curit\u00e9 int\u00e9rieure  ;\nVu le d\u00e9cret n\u00b0 2023-1243 du 22 d\u00e9cembre 2023 portant application de l'article L. 211-11-1 du\ncode de la s\u00e9curit\u00e9 int\u00e9rieure au relais de la flamme olympique et au relais de la flamme\nparalympique ;\nVu le d\u00e9cret du 13 juillet 2023 portant nomination de Monsieur Philippe MAH E, pr\u00e9fet du\nVar ;\nVu l'arr\u00eat\u00e9  n\u00b0  2024/13/MCI  du  12  avril  2024  portant  d\u00e9l\u00e9gation  de  signature  \u00e0  Madame\nJos\u00e9phine GUIGLIANO-BOUTONNET, directrice de cabinet du pr\u00e9fet du Var  ;\nVu la posture Vigipirate fix\u00e9e au niveau \u00ab  Urgence attentat  \u00bb depuis le 25 mars 2024  ;\nVu le passage de la flamme olympique dans le d\u00e9partement du Var le 10 mai 2024 ;\nConsid\u00e9rant qu'en application de l'article L.226-1 du code de la s\u00e9curit\u00e9 int\u00e9rieure, \u00ab  afin\nd'assurer la s\u00e9curit\u00e9 d'un lieu ou d'un \u00e9v\u00e9nement expos\u00e9 \u00e0 un risque d'actes de terrorisme \u00e0\nraison de la nature et de l'ampleur de sa fr\u00e9quentation, le repr\u00e9sentant de l'\u00c9tat dans le\nd\u00e9partement est autoris\u00e9 \u00e0 instituer un p\u00e9rim\u00e8tre de protection au sein duquel l'acc\u00e8s et la\ncirculation des personnes sont r\u00e9glement\u00e9s  \u00bb ;\n1/4\nPr\u00e9fecture du VAR - 83-2024-04-26-00002 - Arr\u00eat\u00e9 pr\u00e9fectoral n\u00b0 2024/BSP/PP/004 instaurant un p\u00e9rim\u00e8tre de protection sur la\ncommune de Toulon aux abords et sur la place de la Libert\u00e9 25\nConsid\u00e9rant la pr\u00e9gnance de la menace terroriste sur le territoire national et la n\u00e9cessit\u00e9 de\nmettre en \u0153uvre les postures Vigipirate d\u00e9cid\u00e9es par le gouvernement ;\nConsid\u00e9rant que le Var est un d\u00e9partement touristique \u00e0 forte fr\u00e9quentation et conna\u00eet un\nafflux important de population tout au long de l'ann\u00e9e, notamment durant les p\u00e9riodes de\nvacances  scolaires  et  de  week-end  prolong\u00e9s;  que  durant  ces  p\u00e9riodes,  plusieurs  grands\n\u00e9v\u00e8nements vont avoir lieu dans le Var, dont notamment le relais de la flamme olympique le\n10 mai 2024 ;\nConsid\u00e9rant que l'allumage du chaudron olympique se d\u00e9roulera sur la place de la Libert\u00e9 le\n10  mai  2024,  situ\u00e9e  au  c\u0153ur  du  centre-ville  de  Toulon  ;  que  celle-ci  jouxte  plusieurs\n\u00e9tablissements recevant du public et est entour\u00e9e en grande partie de trottoirs publics et de\nvoies  de  circulation  routi\u00e8re  ;  que  de  part  son  c\u00f4t\u00e9  exceptionnel  et  sa  sensibilit\u00e9,  cet\n\u00e9v\u00e8nement peut g\u00e9n\u00e9rer des circonstances particuli\u00e8res de nature \u00e0 faire peser des menaces\ngraves pour la s\u00e9curit\u00e9 publique et \u00e0 exposer les populations \u00e0 un risque d'acte de terrorisme\net  qu'il  convient,  de  ce  fait,  de  prendre  des  mesures  renforc\u00e9es  de  surveillance  et  de\ns\u00e9curit\u00e9 ; \nConsid\u00e9rant en cons\u00e9quence, qu' il y a lieu d'instaurer un p\u00e9rim\u00e8tre de protection aux abords\nde la place de la Libert\u00e9; que compte tenu de la topographie des lieux, ce p\u00e9rim\u00e8tre doit\nenglober la zone mat\u00e9rialis\u00e9e dans le plan pr\u00e9sent en annexe 1 et doit \u00eatre instaur\u00e9 d\u00e8s 15h\nen  raison  des  importants  flux  et  rassemblements  de  personnes  que  cet  \u00e9v\u00e8nement  va\nsusciter;\nSur proposition de la sous-pr\u00e9f\u00e8te, directrice de cabinet de la pr\u00e9fecture du Var  :\nARR\u00caTE :\nArticle  1  er     :   En  vue  de  l'allumage  du  chaudron  olympique,  il  est  instaur\u00e9  sur  le  site  de\nc\u00e9l\u00e9bration de la place de la Libert\u00e9 un p\u00e9rim\u00e8tre de protection le vendredi 10 mai 2024 de\n15h00 \u00e0 20h30.\nArticle 2     :   ce p\u00e9rim\u00e8tre est d\u00e9limit\u00e9 selon les plans joints en annexe 1. Il sera mat\u00e9rialis\u00e9 sur\nsite par des barri\u00e8res physiques et sera s\u00e9curis\u00e9 \u00e0 l'aide de dispositifs pare-b\u00e9liers.\nArticle 3     :   le p\u00e9rim\u00e8tre de protection sera arm\u00e9 et d\u00e9sarm\u00e9 sur ordre de l'officier de police\njudiciaire, responsable du dispositif police nationale, en lien avec l'autorit\u00e9 municipale et\nl'organisateur  (COJOP).  Pendant  les  p\u00e9riodes  d'armement,  l'acc\u00e8s  et  la  circulation  des\npersonnes et des v\u00e9hicules y seront r\u00e9glement\u00e9s.\nArticle 4     :    le Boulevard de Strasbourg et les rues adjacentes \u00e0 la place de la Libert\u00e9 seront\nferm\u00e9s dans les m\u00eames conditions que celles mentionn\u00e9es dans les articles 1 \u00e0 3.\nArticle 5     : le site de la place de la Libert\u00e9 et le parking souterrain qui lui est rattach\u00e9 feront\nl'objet d'une d\u00e9pollution le 10 mai 2024 d\u00e8s 9h00. \u00c0 cette fin, l'entr\u00e9e du parking sera ferm\u00e9e\naux v\u00e9hicules d\u00e8s 7h00 et la sortie d\u00e8s 9h30. Le 1er sous-sol sera totalement vid\u00e9 de tout\nv\u00e9hicule.\nArticle 6     :   deux points d'acc\u00e8s \u00e0 ce p\u00e9rim\u00e8tre de protection sont pr\u00e9vus et mat\u00e9rialis\u00e9s sur le\nplan joint en annexe 1.\n2/4Pr\u00e9fecture du VAR - 83-2024-04-26-00002 - Arr\u00eat\u00e9 pr\u00e9fectoral n\u00b0 2024/BSP/PP/004 instaurant un p\u00e9rim\u00e8tre de protection sur la\ncommune de Toulon aux abords et sur la place de la Libert\u00e9 26\nArticle 7 : les op\u00e9rations de v\u00e9rification sur les personnes et les v\u00e9hicules, d\u00e9taill\u00e9es ci-apr\u00e8s,\nsont  plac\u00e9es  sous  la  responsabilit\u00e9  d'un  officier  de  policier  judiciaire,  territorialement\ncomp\u00e9tent, tel que ceux mentionn\u00e9s aux 2\u00b0 \u00e0 4\u00b0 de l'article 16 du code de proc\u00e9dure p\u00e9nale.\nArticle 8     :   celles effectu\u00e9es sur les personnes et d\u00e9taill\u00e9es ci-apr\u00e8s, peuvent \u00eatre r\u00e9alis\u00e9es par\ndes officiers de police judiciaire mentionn\u00e9s aux 2\u00b0 \u00e0 4\u00b0 de l'article 16 du code de proc\u00e9dure\np\u00e9nale, et, sous la responsabilit\u00e9 de ceux-ci, par des agents de police judiciaire mentionn\u00e9s \u00e0\nl'article 20 du m\u00eame code, par des agents de police judiciaire adjoints mentionn\u00e9s aux 1\u00b0, 1\u00b0\nbis, 1\u00b0 ter de l'article 21 du m\u00eame code, par des agents de police municipale mentionn\u00e9s \u00e0\nl'article L.511-1 du code de la s\u00e9curit\u00e9 int\u00e9rieure, ou par des agents de s\u00e9curit\u00e9 priv\u00e9e exer\u00e7ant\nl'activit\u00e9 mentionn\u00e9e au 1\u00b0 de l'article L.611 du m\u00eame code. \nArticle 9     :   celles effectu\u00e9es sur les v\u00e9hicules et d\u00e9taill\u00e9es ci-apr\u00e8s, ne peuvent \u00eatre accomplies\nque par des officiers de police judiciaire mentionn\u00e9s aux 2\u00b0 \u00e0 4\u00b0 de l'article 16 du code de\nproc\u00e9dure p\u00e9nale, et, sous la responsabilit\u00e9 de ceux-ci, par des agents de police judiciaire\nmentionn\u00e9s  \u00e0  l'article  20  du  m\u00eame  code,  par  des  agents  de  police  judiciaire  adjoints\nmentionn\u00e9s aux 1\u00b0, 1\u00b0 bis, 1\u00b0 ter de l'article 21 du m\u00eame code.\nArticle 10     :   pr\u00e9alablement \u00e0 l'armement du p\u00e9rim\u00e8tre de protection indiqu\u00e9 \u00e0 l'article 3,\nl'int\u00e9rieur de l'enceinte cr\u00e9\u00e9e sera v\u00e9rifi\u00e9 selon les modalit\u00e9s d\u00e9taill\u00e9es ci-apr\u00e8s.\nArticle  11     :   pour  toute  personne,  l'acc\u00e8s  au  p\u00e9rim\u00e8tre  de  protection  et  la  pr\u00e9sence  \u00e0\nl'int\u00e9rieur  de  celui-ci  sont  conditionn\u00e9s  aux  mesures  de  contr\u00f4le  pr\u00e9alable  suivantes  :\npalpations de s\u00e9curit\u00e9, inspections visuelles, fouilles de sacs et de bagages.\nLa palpation de s\u00e9curit\u00e9 est effectu\u00e9e par une personne de m\u00eame sexe que celle qui en fait\nl'objet.\nArticle 12     :   \u00e0 l'int\u00e9rieur du p\u00e9rim\u00e8tre de protection,  la circulation et le stationnement de\nv\u00e9hicules sont interdits \u00e0 l'exception des v\u00e9hicules des forces de l'ordre et de secours dans le\ncadre des interventions urgentes. Apr\u00e8s identification, ces v\u00e9hicules sont autoris\u00e9s \u00e0 acc\u00e9der,\n\u00e0  circuler  et  \u00e0  stationner  dans  le  p\u00e9rim\u00e8tre  sur  ordre  de  l'officier  de  police  nationale\nresponsable du dispositif, en concertation avec le poste de commandement communal.\nArticle 13     :   toutes les mesures de v\u00e9rification, d\u00e9taill\u00e9es ci-dessus, sont subordonn\u00e9es au\nconsentement des personnes. En cas  de refus de s'y  soumettre, les personnes et/ou  les\nv\u00e9hicules ne sont pas admis \u00e0 y p\u00e9n\u00e9trer. Le cas \u00e9ch\u00e9ant, ils sont reconduits \u00e0 l'ext\u00e9rieur du\np\u00e9rim\u00e8tre.\nCes op\u00e9rations sont effectu\u00e9es uniquement par un officier de police judiciaire mentionn\u00e9\naux 2\u00b0 \u00e0 4\u00b0 de l'article 16 du code de proc\u00e9dure p\u00e9nale, ou sous la responsabilit\u00e9 de celui-ci,\npar un agent de police judiciaire mentionn\u00e9 \u00e0 l'article 20 ou par un agent de police judiciaire\nadjoint mentionn\u00e9 aux 1\u00b0, 1\u00b0 bis, 1\u00b0 ter de l'article 21 du m\u00eame code.\nArticle 14     :   lors de toutes les op\u00e9rations d\u00e9crites ci-dessus, il sera v\u00e9rifi\u00e9 l'absence d'objets\ninterdits, conform\u00e9ment \u00e0 la liste jointe en annexe  2.\nLa pr\u00e9sente disposition ne s'applique pas aux secours et aux forces de l'ordre employ\u00e9s sur le\np\u00e9rim\u00e8tre pour leurs missions respectives.\nLes fonctionnaires de la police nationale et les militaires de la gendarmerie nationale qui\nsouhaitent acc\u00e9der au p\u00e9rim\u00e8tre de protection, en dehors de leurs heures de service et avec\nleurs armes de service conform\u00e9ment aux r\u00e8gles en vigueur, devront \u00eatre contr\u00f4l\u00e9s par un\n3/4Pr\u00e9fecture du VAR - 83-2024-04-26-00002 - Arr\u00eat\u00e9 pr\u00e9fectoral n\u00b0 2024/BSP/PP/004 instaurant un p\u00e9rim\u00e8tre de protection sur la\ncommune de Toulon aux abords et sur la place de la Libert\u00e9 27\nofficier de police judiciaire mentionn\u00e9 aux 2\u00b0 \u00e0 4\u00b0 de l'article 16 du code de proc\u00e9dure p\u00e9nale,\nou  sous  la  responsabilit\u00e9  de  celui-ci,  par  un  agent  de  police  judiciaire  mentionn\u00e9  \u00e0\nl'article 20 ou par un agent de police judiciaire adjoint mentionn\u00e9 aux 1\u00b0,\n1\u00b0 bis, 1\u00b0 ter de l'article 21 du m\u00eame code. L'acc\u00e8s \u00e0 l'enceinte sera possible uniquement apr\u00e8s\nidentification conforme et \u00e0 la condition que le port de l'arme ne soit pas apparent.\nArticle 15     :   des commerces et d\u00e9bits de boissons peuvent avoir une activit\u00e9 \u00e0 l'int\u00e9rieur du\np\u00e9rim\u00e8tre  de  protection  institu\u00e9,  sous  r\u00e9serve  qu'ils  d\u00e9tiennent  les  autorisations\nadministratives n\u00e9cessaires et qu'ils respectent les r\u00e8gles relatives aux objets interdits vis\u00e9es \u00e0\nl'article 12.\nArticle 16     :   la directrice de cabinet et le directeur interd\u00e9partemental de la police nationale\ndu Var sont charg\u00e9s, chacun en ce qui le concerne, de l'ex\u00e9cution du pr\u00e9sent arr\u00eat\u00e9 qui sera\npubli\u00e9 au recueil des actes administratifs de la pr\u00e9fecture du Var.\nUn  exemplaire  sera  transmis,  sans  d\u00e9lai,  au  procureur  de  la  R\u00e9publique  pr\u00e8s  le  tribunal\njudiciaire de Toulon, au maire de la ville de Toulon et au directeur interd\u00e9partemental de la\npolice  nationale  du  Var.  Il sera,  par  ailleurs,  notifi\u00e9  au  Comit\u00e9  d'Organisation  des  Jeux\nOlympiques, organisateur de l'\u00e9v\u00e8nement.\nFait \u00e0 Toulon, le 26 avril 2024\nPour le Pr\u00e9fet et par d\u00e9l\u00e9gation,\nla Directrice de Cabinet\nSign\u00e9\nJos\u00e9phine GUIGLIANO-BOUTONNET\nDans un d\u00e9lai de deux mois \u00e0 compter de la date de la notification ou de la publication du pr\u00e9sent arr\u00eat\u00e9 au recueil des actes administratifs de la pr\u00e9fecture, les recours suivants peuvent \u00eatre introduits conform\u00e9ment aux dispositions des articles R. 421-1 et suivants du code de justice administrative :- un recours gracieux, adress\u00e9 \u00e0 : M. le Pr\u00e9fet du Var \u2013 Boulevard du 112 \u00e8me r\u00e9giment d'infanterie - CS 31209 - 83070 TOULON CEDEX- un recours hi\u00e9rarchique, adress\u00e9  au(x) ministre(s) concern\u00e9(s)  ;Dans ces deux cas, le silence de l'Administration vaut rejet implicite au terme d'un d\u00e9lai de deux mois.Apr\u00e8s un recours gracieux ou hi\u00e9rarchique, le d\u00e9lai du recours contentieux ne court qu'\u00e0 compter du rejet explicite ou implicite de l'un de ces recours.- un recours contentieux, en saisissant le Tribunal Administratif de Toulon  : 5 rue Racine -BP 40510 - 83  041 TOULON CEDEX 9. Le tribunaladministratif peut \u00e9galement \u00eatre saisi par l'application informatique \"T\u00e9l\u00e9recours citoyens\", accessible par le site internet www.telerecours.fr.\n4/4Pr\u00e9fecture du VAR - 83-2024-04-26-00002 - Arr\u00eat\u00e9 pr\u00e9fectoral n\u00b0 2024/BSP/PP/004 instaurant un p\u00e9rim\u00e8tre de protection sur la\ncommune de Toulon aux abords et sur la place de la Libert\u00e9 28","date":"2024-05-03","first_seen_on":"2024-05-12T08:06:38+00:00","id":"72de9c008a73d5cc227336b6d1621d8e0e762333ae3c2ab9c5840dfdafd2be77","name":"RAA N\u00b0093 du 3 mai 2024","pdf_creation_date":"2024-05-03T14:17:06+00:00","pdf_modification_date":null,"timezone":"Europe/Paris","url":"https://www.var.gouv.fr/contenu/telechargement/34488/229368/file/RAA%20N%C2%B0093%20du%203%20mai%202024%20Non%20nominatif.pdf"}
