{"administration":"pref75","administration_name":"Pr\u00e9fecture de Paris","content":"PREFECTURE\nDE PARIS\nRECUEIL DES ACTES\nADMINISTRATIFS SP\u00c9CIAL\nN\u00b075-2024-486\nPUBLI\u00c9 LE  2 AO\u00dbT 2024\nSommaire\nARS - D\u00e9l\u00e9gation d\u00e9partementale de l'ARS en Seine-et-Marne /\nD\u00e9partement Autonomie\n75-2023-12-07-00038 - d\u00e9cision tarifaire n\u00b039955 portant modification\ndu forfait global de\nsoins pour 2023 de\nehpad au coin du feu -\n770701076\n (2 pages) Page 5\n75-2023-12-07-00037 - d\u00e9cision tarifaire n\u00b039956 portant modification\ndu forfait global de\nsoins pour 2023 de\nehpad de crecy - 770701050\n(2 pages) Page 8\n75-2023-12-07-00036 - D\u00e9cision tarifaire n\u00b039957 portant modification\ndu forfait global de\nsoins pour 2023 de ehpad le fil d argent- 770701019\n(2 pages) Page 11\n75-2023-12-07-00040 - d\u00e9cision tarifaire n\u00b039958 portant modification\ndu forfait global de\nsoins pour 2023 de\nehp ad saint aile - 770700987\n(2 pages) Page 14\n75-2024-12-07-00001 - d\u00e9cision tarifaire n\u00b039959 portant modification\ndu forfait global de\nsoins pour 2023 de\nehp ad source nadon -\n770002939\n (2 pages) Page 17\n75-2023-12-07-00035 - D\u00e9cision tarifaire n\u00b039974 portant modification\ndu forfait global de\nsoins pour 2023 de Ehp ad le clos fleuri - 770701084\n(2 pages) Page 20\n75-2023-12-07-00039 - d\u00e9cision tarifaire n\u00b039975 portant modification\ndu forfait global de\nsoins pour 2023 de\nehp ad les tamaris -\n770701068\n (2 pages) Page 23\n75-2023-12-12-00018 - d\u00e9cision tarifaire n\u00b04 l 776 portant modification\ndu forfait global de\nsoins pour 2023 de\nehp ad de saint severin -\n77070093 8\n (3 pages) Page 26\n75-2023-12-12-00019 - decision tarifaire n\u00b041761 portant modification du\nforfait global de\nsoins pour 2023 de\nehpad residence du moulin -\n770001287\n (3 pages) Page 30\n75-2023-12-12-00011 - D\u00e9cision tarifaire n\u00b041926 portant modification\npour 2023 du montant et\nde la r\u00e9partition de la dotation globalis\u00e9e\ncommune prevue au contrat\npluriannuel d'objectifs et de moyens\nde\nles begonias - 250018686\n (4 pages) Page 34\n75-2023-12-12-00012 - d\u00e9cision tarifaire n\u00b041992 portant modification\ndu forfait global de\nsoins pour 2023 de\nehpad maison familiale baccara\n- 770001345\n (3 pages) Page 39\n75-2023-12-12-00016 - d\u00e9cision tarifaire n\u00b042015 portant modification\npour 2023 du montant et\nde la r\u00e9partition de la dotation globalis\u00e9e\ncommune prevue au contrat\npluriannuel d'objectifs et de moyens\nde\nehpad mathurin fouquet - 770000545\n (3 pages) Page 43\n2\n75-2023-12-12-00015 - d\u00e9cision tarifaire n\u00b042088 portant modification\npour 2023 du montant et\nde la r\u00e9partition de la dotation globalis\u00e9e\ncommune prevue au contrat\npluriannuel d'objectifs et de moyens\nde\nmaison de retraite - 770000560\n (3 pages) Page 47\n75-2023-12-12-00013 - d\u00e9cision tarifaire n\u00b042144 portant modification\ndu forfait global de\nsoins pour 2023 de ehpad la residence chateau nodet\n- 770001311\n (3 pages) Page 51\n75-2023-12-12-00020 - d\u00e9cision tarifaire n\u00b042187 portant modification\ndu forfait global de\nsoins pour 2023 de\nehp ad les airelles -\n770001469\n (3 pages) Page 55\n75-2023-12-12-00014 - d\u00e9cision tarifaire n\u00b042220 portant modification\ndu forfait global de\nsoins pour 2023 de\nehp ad residence villa louise -\n770000081\n (3 pages) Page 59\n75-2023-12-12-00017 - d\u00e9cision tarifaire n\u00b042278 portant modification\npour 2023 du montant et\nde la r\u00e9partition de la dotation globalis\u00e9e\ncommune prevue au contrat\npluriannuel d'objectifs et de moyens\nde\netab medico-social public - 770000537\n (3 pages) Page 63\n75-2023-12-13-00006 - D\u00e9cision tarifaire n\u00b042398 portant fixation de la\ndotation globale de soins pour 2023 de ssiad admr de l'auxence -\n770000065\n (2 pages) Page 67\nDirection r\u00e9gionale et interd\u00e9partementale de l'environnement, de\nl'am\u00e9nagement et des transports d'\u00cele-de-France / p\u00f4le planification\nurbaine et am\u00e9nagement durable\n75-2024-08-02-00005 - Arr\u00eat\u00e9 interpr\u00e9fectoral       \nmodifiant\nl'arr\u00eat\u00e9 interpr\u00e9fectoral n\u00b02016-DRIEE-141 portant cr\u00e9ation de\nla commission d\u00e9partementale des risques naturels majeurs de Paris (3\npages) Page 70\nPr\u00e9fecture de Police / Cabinet\n75-2024-08-01-00002 - Arr\u00eat\u00e9 n\u00b02024-01142 portant abrogation de\nl'arr\u00eat\u00e9 n\u00b02024-01008 portant mise sous contr\u00f4le temporaire de\nl'autorit\u00e9 militaire sur une d\u00e9pendance des Quais de Seine \u00e0 Paris\n- cr\u00e9ation d'une zone militaire temporaire\n (2 pages) Page 74\n75-2024-08-02-00003 - Arr\u00eat\u00e9 n\u00b02024-01146 modifiant provisoirement\nla circulation et le stationnement dans plusieurs voies \u00e0 Paris 16\u00e8me du\n12 au 14 ao\u00fbt 2024 \u00e0 l'occasion du concert du groupe AC/DC \n\u00e0\nl'hippodrome de Paris-Longchamp le 13 ao\u00fbt 2024 (4 pages) Page 77\nPr\u00e9fecture de Police / Direction des usagers et des polices administratives\n75-2024-08-02-00001 - Arr\u00eat\u00e9 n\u00b0 2024-0700 du 02/08/2024 portant\nrenouvellement d'agr\u00e9ment d'organisme pour effectuer les\nv\u00e9rifications techniques r\u00e9glementaires dans les \u00e9tablissements\nrecevant du public \n (1 page) Page 82\n3\n75-2024-08-02-00002 - Arr\u00eat\u00e9 n\u00b0 2024-1018 du 02/02/2024 portant\nrenouvellement d'agr\u00e9ment d'organisme pour effectuer les\nv\u00e9rifications techniques r\u00e9glementaires dans les \u00e9tablissements\nrecevant du public \n (1 page) Page 84\n4\nARS - D\u00e9l\u00e9gation d\u00e9partementale de l'ARS en\nSeine-et-Marne\n75-2023-12-07-00038\nd\u00e9cision tarifaire n\u00b039955 portant modification\ndu forfait global de\nsoins pour 2023 de\nehpad au coin du feu - 770701076\nARS - D\u00e9l\u00e9gation d\u00e9partementale de l'ARS en Seine-et-Marne - 75-2023-12-07-00038 - d\u00e9cision tarifaire n\u00b039955 portant modification\ndu forfait global de\nsoins pour 2023 de\nehpad au coin du feu - 7707010765\na.r.:g\nDECISION TARIFAIRE N\u00b039955 PORTANT MODIFICATION DU FORFAIT GLOBAL DE \nSOINS POUR 2023 DE \nEHPAD AU COIN DU FEU -770701076 \nLa Directrice G\u00e9n\u00e9rale del' ARS Ile-de-France \nVU le Code de l'Action Sociale et des Familles ; \nVU le Code de la S\u00e9curit\u00e9 Sociale ; \nVU la loin\u00b0 2022-1616 du 23 d\u00e9cembre 2022 de financement de la S\u00e9curit\u00e9 Sociale pour 2023 \npubli\u00e9e au Journal Officiel du 24/12/2022 ; \nVU l'arr\u00eat\u00e9 minist\u00e9riel du 20/11/2023 publi\u00e9 au Journal Officiel du 26/11/2023 pris en application \nde l'article L314-3 du Code de l'Action Sociale et des Familles fixant, pour l'ann\u00e9e 2023 \nl'objectif global de d\u00e9penses d'assurance maladie et le montant total de d\u00e9penses pour les \n\u00e9tablissements et services relevant de la Caisse nationale de solidarit\u00e9 pour l'autonomie ; \nVU la d\u00e9cis ion du 21/11/2023 publi\u00e9e au Journal Officiel du 28/11/2023 relative aux dotations \nr\u00e9gionales limitatives 2023 et \u00e0 la moyenne nationale des besoins en soins requis 2023 ; \nVU l'arr\u00eat\u00e9 du 24/04/2023 fixant pour 2023 les valeurs du point mentionn\u00e9es \u00e0 l'article R.314-\n162 du code de l'action sociale et des familles publi\u00e9 au Journal Officiel du 08/06/2023 ; \nVU le d\u00e9cret du 31 juillet 2021 portant nomination de Madame VERDIER Am\u00e9lie en qualit\u00e9 de \nDirectrice G\u00e9n\u00e9rale de l'agence r\u00e9gionale de sant\u00e9 Ile-de-France ; \nVU l'autor isation ou le renouvellement d'autorisation en date du 03/01/2017 de la structure \nEtablissement d'h\u00e9bergement pour personnes \u00e2g\u00e9es d\u00e9pendantes d\u00e9nomm\u00e9e EHPAD AU \nCOIN DU FEU (770701076) sise 9 R DU GENERAL DE GAULLE 77230 DAMMARTIN \nEN GOELE Ter 77230 Dammartin-en-Go\u00eble et g\u00e9r\u00e9e par l'entit\u00e9 d\u00e9nomm\u00e9e MAISON DE \nRETRAITE AU COIN DU FEU (770000628) ; \nConsid\u00e9rant la d\u00e9cision tarifaire initiale n\u00b0 23072 en date du 04 juillet 2023 portant fixation du \nforfait global soins pour 2023 de la structure d\u00e9nomm\u00e9e EHP AD AU COIN DU FEU \n-770701076\n1 ARS - D\u00e9l\u00e9gation d\u00e9partementale de l'ARS en Seine-et-Marne - 75-2023-12-07-00038 - d\u00e9cision tarifaire n\u00b039955 portant modification\ndu forfait global de\nsoins pour 2023 de\nehpad au coin du feu - 7707010766\nsig\"\nArticle 1er \nArticle 2 \nArticle 3 \nArticle 4 \nArticle 5 DECIDE \nA compter du 0 1/01/2023, le forfait global de soins est fix\u00e9 \u00e0 1 186 166,3 7 \u20ac au titre de \n2023, dont 70 691,80 \u20ac \u00e0 titre non reconductible. \nLa fraction forfaitaire mensuelle s'\u00e9tablit \u00e0 98 847,20 \u20ac. \nA compter du 1er janvier 2024, en application de l'article L.314- 7 du CASF, le forfait \nglobal de soins est fix\u00e9, \u00e0 titre transitoire, \u00e0 1 115 474,57 \u20ac. \nLa fraction forfaitaire mensuelle s'\u00e9tablit \u00e0 92 956,21 \u20ac. \nLes recours contentieux dirig\u00e9s contre la pr\u00e9sente d\u00e9cision doivent \u00eatre port\u00e9s devant le \nTribunal Interr\u00e9gional de la Tarification Sanitaire et Sociale sis 1 Place du Palais Royal, \nPARIS, 75100 dans un d\u00e9lai d'un mois \u00e0 compter de sa publication ou, pour les \npersonnes auxquelles elle sera notifi\u00e9e, \u00e0 compter de sa notification. \nLa pr\u00e9sente d\u00e9cision sera publi\u00e9e au recueil des actes administratifs . \nLa Directrice G\u00e9n\u00e9rale de l 'ARS Ile-de-France est charg\u00e9e de l'ex\u00e9cution de la pr\u00e9sente \nd\u00e9cision qui sera notifi\u00e9e \u00e0 l'entit\u00e9 gestionnaire MAISON DE RETRAITE AU COIN \nDU FEU (770000628) et \u00e0 l'\u00e9tablissement concern\u00e9. \nFait \u00e0 Lieusaint, le 07 d\u00e9cembre 2023 \nLa Directrice de la D\u00e9l\u00e9gation D\u00e9partementale de Seine-et-Marne \n2 H\u00e9l\u00e8\nne MARIE\nARS - D\u00e9l\u00e9gation d\u00e9partementale de l'ARS en Seine-et-Marne - 75-2023-12-07-00038 - d\u00e9cision tarifaire n\u00b039955 portant modification\ndu forfait global de\nsoins pour 2023 de\nehpad au coin du feu - 7707010767\nARS - D\u00e9l\u00e9gation d\u00e9partementale de l'ARS en\nSeine-et-Marne\n75-2023-12-07-00037\nd\u00e9cision tarifaire n\u00b039956 portant modification\ndu forfait global de\nsoins pour 2023 de\nehpad de crecy - 770701050\nARS - D\u00e9l\u00e9gation d\u00e9partementale de l'ARS en Seine-et-Marne - 75-2023-12-07-00037 - d\u00e9cision tarifaire n\u00b039956 portant modification\ndu forfait global de\nsoins pour 2023 de\nehpad de crecy - 7707010508\nAr\n@ D Agence  R\u00e9gionale  de Sant\u00e9\nDECISION TARIFAIRE N\u00b039956 PORTANT MODIFICATION DU FORFAIT GLOBAL DE \nSOINS POUR 2023 DE \nEHPAD DE CRECY -770701050 \nLa Directrice G\u00e9n\u00e9rale del' ARS Ile-de-France \nVU le Code del' Action Sociale et des Familles ; \nVU le Code de la S\u00e9curit\u00e9 Sociale ; \nVU la loin\u00b0 2022-1616 du 23 d\u00e9cembre 2022 de financement de la S\u00e9curit\u00e9 Sociale pour 2023 \npubli\u00e9e au Journal Officiel du 24/12/2022 ; \nVU l'arr\u00eat\u00e9 minist\u00e9riel du 20/11/2023 publi\u00e9 au Journal Officiel du 26/11/2023 pris en application \nde l'article L3 14-3 du Code de l'Action Sociale et des Familles fixant, pour l'ann\u00e9e 2023 \nl'objectif global de d\u00e9penses d'assurance maladie et le montant total de d\u00e9penses pour les \n\u00e9tablissements et services relevant de la Caisse nationale de solidarit\u00e9 pour l'autonomie ; \nVU la d\u00e9cision du 21/11/2023 publi\u00e9e au Journal Officiel du 28/11/2023 relative aux dotations \nr\u00e9gionales limitatives 2023 et \u00e0 la moyenne nationale des besoins en soins requis 2023 ; \nVU l'arr\u00eat\u00e9 du 24/04/2023 fixant pour 2023 les valeurs du point mentionn\u00e9es \u00e0 l'article R.314-\n162 du code de l'action sociale et des familles publi\u00e9 au Journal Officiel du 08/06/2023 ; \nVU le d\u00e9cret du 31 juillet 2021 portant nomination de Madame VERDIER Am\u00e9lie en qualit\u00e9 de \nDirectrice G\u00e9n\u00e9rale de l'agence r\u00e9gionale de sant\u00e9 Ile-de-France ; \nVU l'autorisation ou le renouvellement d'autorisation en date du 03/01/2017 de la structure \nEtablissement d'h\u00e9bergement pour personnes \u00e2g\u00e9es d\u00e9pendantes d\u00e9nomm\u00e9e EHP AD DE \nCRECY (770701050) sise 18 RTE DE LA CHAPELLE 77580 CRECY LA CHAPELLE \n77580 Cr\u00e9cy-la-Chapelle et g\u00e9r\u00e9e par l'entit\u00e9 d\u00e9nomm\u00e9e ETB SOCIAL COMMUNAL DE \nRETRAITE (770000602) ; \nConsid\u00e9rant la d\u00e9cision tarifaire initiale n\u00b0 234 78 en date du 06 juillet 2024 portant fixation du \nforfait global soins pour 2023 de la structure d\u00e9nomm\u00e9e EHP AD DE CRECY -\n770701050 \n1 ARS - D\u00e9l\u00e9gation d\u00e9partementale de l'ARS en Seine-et-Marne - 75-2023-12-07-00037 - d\u00e9cision tarifaire n\u00b039956 portant modification\ndu forfait global de\nsoins pour 2023 de\nehpad de crecy - 7707010509\ngig\"\nArticle 1er \nArticle 2 \nArticle 3 \nArticle 4 \nArticle 5 DECIDE \nA compter du 01/01/2023, le forfait global de soins est fix\u00e9 \u00e0 1 173 087,69 \u20ac au titre de \n2023, dont 44 615,00 \u20ac \u00e0 titre non reconductible. \nLa fraction forfaitaire mensuelle s'\u00e9tablit \u00e0 97 757,31 \u20ac. \nA compter du 1er janvier 2024, en application de l'article L.314-7 du CASF, le forfait \nglobal de soins est fix\u00e9, \u00e0 titre transitoire, \u00e0 1 128 472,69 \u20ac. \nLa fraction forfaitaire mensuelle s'\u00e9tablit \u00e0 94 039,39 \u20ac. \nLes recours contentieux dirig\u00e9s contre la pr\u00e9sente d\u00e9cision doivent \u00eatre port\u00e9s devant le \nTribunal Interr\u00e9gional de la Tarification Sanitaire et Sociale sis 1 Place du Palais Royal, \nPARIS, 75100 dans un d\u00e9lai d'un mois \u00e0 compter de sa publication ou, pour les \npersonnes auxquelles elle sera notifi\u00e9e, \u00e0 compter de sa notification. \nLa pr\u00e9sente d\u00e9cision sera publi\u00e9e au recueil des actes administratifs . \nLa Directrice G\u00e9n\u00e9rale de I' ARS Ile-de-France est charg\u00e9e de l'ex\u00e9cution de la pr\u00e9sente \nd\u00e9cision qui sera notifi\u00e9e \u00e0 l'entit\u00e9 gestionnaire ETB SOCIAL COMMUNAL DE \nRETRAITE (770000602) et \u00e0 l'\u00e9tablissement concern\u00e9. \nFait \u00e0 Lieusaint, le 07 d\u00e9cembre 2023 \n2 La Directrice de la D\u00e9l\u00e9gation D\u00e9partementale de Seine-et-Marne \n      \nH\n\u00e9l\u00e8ne MARIE\nARS - D\u00e9l\u00e9gation d\u00e9partementale de l'ARS en Seine-et-Marne - 75-2023-12-07-00037 - d\u00e9cision tarifaire n\u00b039956 portant modification\ndu forfait global de\nsoins pour 2023 de\nehpad de crecy - 77070105010\nARS - D\u00e9l\u00e9gation d\u00e9partementale de l'ARS en\nSeine-et-Marne\n75-2023-12-07-00036\nD\u00e9cision tarifaire n\u00b039957 portant modification\ndu forfait global de\nsoins pour 2023 de ehpad le fil d argent-\n770701019\nARS - D\u00e9l\u00e9gation d\u00e9partementale de l'ARS en Seine-et-Marne - 75-2023-12-07-00036 - D\u00e9cision tarifaire n\u00b039957 portant modification\ndu forfait global de\nsoins pour 2023 de ehpad le fil d argent- 77070101911\nAr\n@ D Agence  R\u00e9gionale  de Sant\u00e9\nDECISION TARIFAIRE N\u00b039957 PORTANT MODIFICATION DU FORFAIT GLOBAL DE \nSOINS POUR 2023 DE \nEHPAD LE FIL D ARGENT -770701019 \nLa Directrice G\u00e9n\u00e9rale de l' ARS Ile-de-France \nVU le Code del' Action Sociale et des Familles ; \nVU le Code de la S\u00e9curit\u00e9 Sociale ; \nVU la loin\u00b0 2022-1616 du 23 d\u00e9cembre 2022 de financement de la S\u00e9curit\u00e9 Sociale pour 2023 \npubli\u00e9e au Journal Officiel du 24/12/2022 ; \nVU l'arr\u00eat\u00e9 minis t\u00e9riel du 20/11/2023 publi\u00e9 au Journal Officiel du 26/11/2023 pris en application \nde l'article L314-3 du Code de l'Action Sociale et des Familles fixant, pour l'ann\u00e9e 2023 \nl'objectif global de d\u00e9penses d'assurance maladie et le montant total de d\u00e9penses pour les \n\u00e9tablissements et services relevant de la Caisse nationale de solidarit\u00e9 pour l'autonomie ; \nVU la d\u00e9cision du 21/11/2023 publi\u00e9e au Journal Officiel du 28/11/2023 relative aux dotations \nr\u00e9gionales limitatives 2023 et \u00e0 la moyenne nationale des besoins en soins requis 2023 ; \nVU l'arr\u00eat\u00e9 du 24/04/2023 fixant pour 2023 les valeurs du point mentionn\u00e9es \u00e0 l'article R.314-\n162 du code de l'action sociale et des familles publi\u00e9 au Journal Officiel du 08/06/2023 ; \nVU le d\u00e9cret du 31 juillet 2021 portant nomination de Madame VERDIER Am\u00e9lie en qualit\u00e9 de \nDirec trice G\u00e9n\u00e9r ale de l'agence r\u00e9gionale de sant\u00e9 Ile-de-France ; \nVU l'autorisation ou le renouvellement d'autorisation en date du 03/01/2017 de la structure \nEtablissement d'h\u00e9bergement pour personnes \u00e2g\u00e9es d\u00e9pendantes d\u00e9nomm\u00e9e EHP AD LE FIL \nD ARGENT (770701019) sise 217 R DU DR SCHWEITZER 77480 BRAY SUR SEINE \n77480 Bray-sur-Seine et g\u00e9r\u00e9e par l'entit\u00e9 d\u00e9nomm\u00e9e MAISON DE RETRAITE \n(770000578); \nConsid\u00e9rant la d\u00e9cision tarifaire initiale n\u00b0 23468 en date du 06 juillet 2023 portant fixation du \nforfait global soins pour 2023 de la structure d\u00e9nomm\u00e9e EHP AD LE FIL D ARGENT \n-770701019\n1 ARS - D\u00e9l\u00e9gation d\u00e9partementale de l'ARS en Seine-et-Marne - 75-2023-12-07-00036 - D\u00e9cision tarifaire n\u00b039957 portant modification\ndu forfait global de\nsoins pour 2023 de ehpad le fil d argent- 77070101912\nsign\nArticle 1er\nArticle 2 \nArticle 3 \nArticle 4 \nArticle 5 DECIDE \nA compter du 01/01/2023, le forfait global de soins est fix\u00e9 \u00e0 2 072 336,32 \u20ac au titre de \n2023, dont 75 073,08 \u20ac \u00e0 titre non reconductible. \nLa fraction forfaitaire mensuelle s'\u00e9tablit \u00e0 172 694,69 \u20ac. \nA compter du 1er janvier 2024, en application de l'article L.314-7 du CASF, le forfait \nglobal de soins est fix\u00e9, \u00e0 titre transitoire, \u00e0 1 997 263,24 \u20ac. \nLa fraction forfaitaire mensuelle s'\u00e9tablit \u00e0 166 438,60 \u20ac. \nLes recours contentieux dirig\u00e9s contre la pr\u00e9sente d\u00e9cision doivent \u00eatre port\u00e9s devant le \nTribunal Interr\u00e9gional de la Tarification Sanitaire et Sociale sis 1 Place du Palais Royal, \nPARIS, 75100 dans un d\u00e9lai d'un mois \u00e0 compter de sa publication ou, pour les \npersonnes auxquelles elle sera notifi\u00e9e, \u00e0 compter de sa notification. \nLa pr\u00e9sente d\u00e9cision sera publi\u00e9e au recueil des actes administratifs . \nLa Directrice G\u00e9n\u00e9rale del' ARS Ile-de-France est charg\u00e9e de l'ex\u00e9cution de la pr\u00e9sente \nd\u00e9cision qui sera notifi\u00e9e \u00e0 l'entit\u00e9 gestionnaire MAISON DE RETRAITE (770000578) \net \u00e0 l'\u00e9tablissement concern\u00e9. \nFait \u00e0 Lieusaint, le 07 d\u00e9cembre 2023 \n2 La Directrice de la D\u00e9l\u00e9g ation D\u00e9partementale de Seine-et-Marne \nH\u00e9l\n\u00e8ne MARIE\nARS - D\u00e9l\u00e9gation d\u00e9partementale de l'ARS en Seine-et-Marne - 75-2023-12-07-00036 - D\u00e9cision tarifaire n\u00b039957 portant modification\ndu forfait global de\nsoins pour 2023 de ehpad le fil d argent- 77070101913\nARS - D\u00e9l\u00e9gation d\u00e9partementale de l'ARS en\nSeine-et-Marne\n75-2023-12-07-00040\nd\u00e9cision tarifaire n\u00b039958 portant modification\ndu forfait global de\nsoins pour 2023 de\nehp ad saint aile - 770700987\nARS - D\u00e9l\u00e9gation d\u00e9partementale de l'ARS en Seine-et-Marne - 75-2023-12-07-00040 - d\u00e9cision tarifaire n\u00b039958 portant modification\ndu forfait global de\nsoins pour 2023 de\nehp ad saint aile - 77070098714\na.r.g\nDECISION TARIFAIRE N\u00b039958 PORTANT MODIFICATION DU FORFAIT GLOBAL DE \nSOINS POUR 2023 DE \nEHP AD SAINT AILE -770700987 \nLa Directrice G\u00e9n\u00e9rale del' ARS Ile-de-France \nVU le Code de l'Action Sociale et des F ami lies ; \nVU le Code de la S\u00e9curit\u00e9 Sociale ; \nVU la loin\u00b0 2022-1616 du 23 d\u00e9cembre 2022 de financement de la S\u00e9curit\u00e9 Sociale pour 2023 \npubli\u00e9e au Journal Officiel du 24/12/2022 \nVU l'arr\u00eat\u00e9 minist\u00e9riel du 20/11/2023 publi\u00e9 au Journal Officiel du 26/11/2023 pris en application \nde l'article L314-3 du Code de l'Action Sociale et des Familles fixant, pour l'ann\u00e9e 2023 \nl'objectif global de d\u00e9penses d'assurance maladie et le montant total de d\u00e9penses pour les \n\u00e9tablissements et services relevant de la Caisse nationale de solidarit\u00e9 pour l'autonomie ; \nVU la d\u00e9cis ion du 21/11/2023 publi\u00e9e au Journal Officiel du 28/11/2023 relative aux dotations \nr\u00e9giona les limitatives 2023 et \u00e0 la moyenne nationale des besoins en soins requis 2023 ; \nVU l'arr\u00eat\u00e9 du 24/04/2023 fixant pour 2023 les valeurs du point mentionn\u00e9es \u00e0 l'article R.314-\n162 du code de l'action sociale et des familles publi\u00e9 au Journal Officiel du 08/06/2023 ; \nVU le d\u00e9cret du 31 juillet 2021 portant nomination de Madame VERDIER Am\u00e9lie en qualit\u00e9 de \nDirectrice G\u00e9n\u00e9rale de l'agence r\u00e9gionale de sant\u00e9 Ile-de-France ; \nVU l'autorisation ou le renouvellement d'autorisation en date du 03/01/2017 de la structure \nEtablissement d'h\u00e9bergement pour personnes \u00e2g\u00e9es d\u00e9pendantes d\u00e9nomm\u00e9e EHP AD SAINT \nAILE (770700987) sise RTE DE SAINT AILE 77510 REBAIS 77510 Rebais et g\u00e9r\u00e9e par \nl'entit\u00e9 d\u00e9nomm\u00e9e MAISON DE RETRAITE SAINT AILE (770000552) ; \nConsid\u00e9rant la d\u00e9cision tarifaire initiale n\u00b0 22796 en date du 04 juillet 2023 portant fixation du \nforfait global soins pour 2023 de la structure d\u00e9nomm\u00e9e EHP AD SAINT AILE -\n770700987 \n1 ARS - D\u00e9l\u00e9gation d\u00e9partementale de l'ARS en Seine-et-Marne - 75-2023-12-07-00040 - d\u00e9cision tarifaire n\u00b039958 portant modification\ndu forfait global de\nsoins pour 2023 de\nehp ad saint aile - 77070098715\nsig\nArticle 1er \nArticle 2 \nArticle 3 \nArticle 4 \nArticle 5 DECIDE \nA compter du 01/01/2023, le forfait global de soins est fix\u00e9 \u00e0 2 178 625,16 \u20ac au titre de \n2023, dont -26 242,20 \u20ac \u00e0 titre non reconductible. \nLa fraction forfaitaire mensuelle s'\u00e9tablit \u00e0 181 552,10 \u20ac. \nA compter du Ier janvier 2024, en application de l'article L.314- 7 du CASF, le forfait \nglobal de soins est fix\u00e9, \u00e0 titre transitoire, \u00e0 2 204 867,37 \u20ac. \nLa fraction forfaitaire mensuelle s'\u00e9tablit \u00e0 183 738,95 \u20ac. \nLes recours contentieux dirig\u00e9s contre la pr\u00e9sente d\u00e9cision doivent \u00eatre port\u00e9s devant le \nTribunal Interr\u00e9gional de la Tarification Sanitaire et Sociale sis I Place du Palais Royal, \nPARIS, 75100 dans un d\u00e9lai d'un mois \u00e0 compter de sa publication ou, pour les \npersonnes auxquelles elle sera notifi\u00e9e, \u00e0 compter de sa notification. \nLa pr\u00e9sente d\u00e9cision sera publi\u00e9e au recueil des actes adminis tratifs \nLa Directrice G\u00e9n\u00e9rale del' ARS Ile-de-France est charg\u00e9e de l'ex\u00e9cution de la pr\u00e9sente \nd\u00e9cision qui sera notifi\u00e9e \u00e0 l'entit\u00e9 gestionnaire MAISON DE RETRAITE SAINT \nAILE (770000552) et \u00e0 l'\u00e9tablissement concern\u00e9. \nFait \u00e0 Lieusaint, le 07 d\u00e9cembre 2023 \nLa Directrice de la D\u00e9l\u00e9gation D\u00e9partementale de Seine-et-Marne  \n2      \nH\u00e9l\u00e8ne MARIE\nARS - D\u00e9l\u00e9gation d\u00e9partementale de l'ARS en Seine-et-Marne - 75-2023-12-07-00040 - d\u00e9cision tarifaire n\u00b039958 portant modification\ndu forfait global de\nsoins pour 2023 de\nehp ad saint aile - 77070098716\nARS - D\u00e9l\u00e9gation d\u00e9partementale de l'ARS en\nSeine-et-Marne\n75-2024-12-07-00001\nd\u00e9cision tarifaire n\u00b039959 portant modification\ndu forfait global de\nsoins pour 2023 de\nehp ad source nadon - 770002939\nARS - D\u00e9l\u00e9gation d\u00e9partementale de l'ARS en Seine-et-Marne - 75-2024-12-07-00001 - d\u00e9cision tarifaire n\u00b039959 portant modification\ndu forfait global de\nsoins pour 2023 de\nehp ad source nadon - 77000293917\nAr\n@ D Agence  R\u00e9gionale  de Sant\u00e9\nDECISION TARIFAIRE N\u00b039959 PORTANT MODIFICATION DU FORFAIT GLOBAL DE \nSOINS POUR 2023 DE \nEHP AD SOURCE NADON -770002939 \nLa Directrice G\u00e9n\u00e9rale del' ARS Ile-de-France \nVU le Code del' Action Sociale et des Familles ; \nVU le Code de la S\u00e9curit\u00e9 Sociale ; \nVU la loi n\u00b0 2022-1616 du 23 d\u00e9cembre 2022 de financement de la S\u00e9curit\u00e9 Sociale pour 2023 \npubli\u00e9e au Journal Officiel du 24/12/2022 ; \nVU l'arr\u00eat\u00e9 minist\u00e9riel du 20/11/2023 publi\u00e9 au Journal Officiel du 26/11/2023 pris en application \nde l'article L3 14-3 du Code de l'Action Sociale et des Familles fixant, pour l'ann\u00e9e 2023 \nl'objectif global de d\u00e9penses d'assurance maladie et le montant total de d\u00e9penses pour les \n\u00e9tablissements et services relevant de la Caisse nationale de solidarit\u00e9 pour l'autonomie; \nVU la d\u00e9cision du 21/11/2023 publi\u00e9e au Journal Officiel du 28/11/2023 relative aux dotations \nr\u00e9gionales limitatives 2023 et \u00e0 la moyenne nationale des besoins en soins requis 2023 ; \nVU l'arr\u00eat\u00e9 du 24/04/2023 fixant pour 2023 les valeurs du point mentionn\u00e9es \u00e0 l'article R.314-\n162 du code de l'action sociale et des familles publi\u00e9 au Journal Officiel du 08/06/2023 ; \nVU le d\u00e9cret du 31 juillet 2021 portant nomination de Madame VERDIER Am\u00e9lie en qualit\u00e9 de \nDirectrice G\u00e9n\u00e9rale de l'agence r\u00e9gionale de sant\u00e9 Ile-de-France ; \nVU l'autorisation ou le renouvellement d'autorisation en date du 09/12/2002 de la structure \nEtablissement d'h\u00e9bergement pour personnes \u00e2g\u00e9es d\u00e9pendantes d\u00e9nomm\u00e9e EHP AD \nSOURCE NADON (770002939) sise 4 R CLAUDE BERNARD 77250 MORET LOING ET \nORVANNE 77250 Moret-Loing-et-Orvanne et g\u00e9r\u00e9e par l'entit\u00e9 d\u00e9nomm\u00e9e ADEF \nRESIDENCES 3A (770808954) ; \nConsid\u00e9rant la d\u00e9cision tarifaire initiale n\u00b0 23696 en date du 11 juillet 2023 portant fixation du \nforfait global soins pour 2023 de la structure d\u00e9nomm\u00e9e EHP AD SOURCE NADON \n-770002939\n1 ARS - D\u00e9l\u00e9gation d\u00e9partementale de l'ARS en Seine-et-Marne - 75-2024-12-07-00001 - d\u00e9cision tarifaire n\u00b039959 portant modification\ndu forfait global de\nsoins pour 2023 de\nehp ad source nadon - 77000293918\nsign\u00e9\nArticle 1er \nArticle 2 \nArticle 3 \nArticle 4 \nArticle 5 DECIDE 1 \nA compter du 01/01/2023, le forfait global de soins est fix\u00e9 \u00e0 889 717,43 \u20ac au titre de \n2023, dont -26 851, 16 \u20ac \u00e0 titre non reconductible. \nLa fraction forfaitaire mensuelle s'\u00e9tablit \u00e0 74 143,12 \u20ac. \nA compter du 1er janvier 2024, en application de l'article L.314-7 du CASF, le forfait \nglobal de soins est fix\u00e9, \u00e0 titre transitoire, \u00e0 916568,59 \u20ac. \nLa fraction forfaitaire mensuelle s'\u00e9tablit \u00e0 76 380,72 \u20ac. \nLes recours contentieux dirig\u00e9s contre la pr\u00e9sente d\u00e9cision doivent \u00eatre port\u00e9s devant le \nTribunal Interr\u00e9gional de la Tarification Sanitaire et Sociale sis 1 Place du Palais Royal, \nPARIS, 75100 dans un d\u00e9lai d'un mois \u00e0 compter de sa publication ou, pour les \npersonnes auxquelles elle sera notifi\u00e9e, \u00e0 compter de sa notification. \nLa pr\u00e9sente d\u00e9cision sera publi\u00e9e au recueil \ndes actes administratifs . \nLa Directrice G\u00e9n\u00e9rale de !'ARS Ile-de-France est charg\u00e9e de l'ex\u00e9cution de la pr\u00e9sente \nd\u00e9cision qui sera notifi\u00e9e \u00e0 l'entit\u00e9 gestionnaire ADEF RESIDENCES 3A (770808954) \net \u00e0 l'\u00e9tablissement concern\u00e9. \nFait \u00e0 Lieusaint, le 07 d\u00e9cembre 2023 \nLa Directrice de la D\u00e9l\u00e9gation D\u00e9partementale de \nSeine\u00adet-Mame \n2 H\u00e9l\u00e8\nne MARIE\nARS - D\u00e9l\u00e9gation d\u00e9partementale de l'ARS en Seine-et-Marne - 75-2024-12-07-00001 - d\u00e9cision tarifaire n\u00b039959 portant modification\ndu forfait global de\nsoins pour 2023 de\nehp ad source nadon - 77000293919\nARS - D\u00e9l\u00e9gation d\u00e9partementale de l'ARS en\nSeine-et-Marne\n75-2023-12-07-00035\nD\u00e9cision tarifaire n\u00b039974 portant modification\ndu forfait global de\nsoins pour 2023 de Ehp ad le clos fleuri -\n770701084\nARS - D\u00e9l\u00e9gation d\u00e9partementale de l'ARS en Seine-et-Marne - 75-2023-12-07-00035 - D\u00e9cision tarifaire n\u00b039974 portant modification\ndu forfait global de\nsoins pour 2023 de Ehp ad le clos fleuri - 77070108420\nAr\n@ D Agence  R\u00e9gionale  de Sant\u00e9\nDECISION TARIFAIRE N\u00b039974 PORTANT MODIFICATION DU FORFAIT GLOBAL DE \nSOINS POUR 2023 DE \nEHP AD LE CLOS FLEURI -770701084 \nLa Directrice G\u00e9n\u00e9rale de l' ARS Ile-de-France \nVU le Code de l'Action Sociale et des Familles ; \nVU le Code de la S\u00e9curit\u00e9 Sociale ; \nVU la loin\u00b0 2022-1616 du 23 d\u00e9cembre 2022 de financement de la S\u00e9curit\u00e9 Sociale pour 2023 \npubli\u00e9e au Journal Officiel du 24/12/2022 ; \nVU l'arr\u00eat\u00e9 minist\u00e9riel du 20/11/2023 publi\u00e9 au Journal Officiel du 26/11/2023 pris en application \nde l'article L314-3 du Code de l'Action Sociale et des Familles fixant, pour l'ann\u00e9e 2023 \nl'objectif global de d\u00e9penses d'assurance maladie et le montant total de d\u00e9penses pour les \n\u00e9tablissements et services relevant de la Caisse nationale de solidarit\u00e9 pour l'autonomie ; \nVU la d\u00e9cision du 21/11/2023 publi\u00e9e au Journal Officiel du 28/11/2023 relative aux dotations \nr\u00e9gionales limitatives 2023 et \u00e0 la moyenne nationale des besoins en soins requis 2023 ; \nVU l'arr\u00eat\u00e9 du 24/04/2023 fixant pour 2023 les valeurs du point mentionn\u00e9es \u00e0 l'article R.314-\n162 du code de l'action sociale et des familles publi\u00e9 au Journal Officiel du 08/06/2023 ; \nVU le d\u00e9cret du 31 juillet 2021 portant nomination de Madame VERDIER Am\u00e9lie en qualit\u00e9 de \nDirectrice G\u00e9n\u00e9rale de l'agence r\u00e9gionale de sant\u00e9 Ile-de-France ; \nVU l'autorisation ou le renouvellement d'autorisation en date du 03/01/2017 de la structure \nEtablissement d'h\u00e9bergement pour personnes \u00e2g\u00e9es d\u00e9pendantes d\u00e9nomm\u00e9e EHP AD LE \nCLOS FLEURI (770701084) sise 12 R DU PARC 77520 DONNEMA RIE DONTILLY \n77520 Donnemarie-Dontilly et g\u00e9r\u00e9e par l'entit\u00e9 d\u00e9nomm\u00e9e RESIDENCE DONNEMARIE \nDONTILLY (770000636) ; \nConsid\u00e9rant la d\u00e9cision tarifaire initiale n\u00b0 23482 en date du 06 juillet 2023 portant fixation du \nforfait global soins pour 2023 de la structure d\u00e9nomm\u00e9e EHP AD LE CLOS FLEURI \n-770701084\n1 ARS - D\u00e9l\u00e9gation d\u00e9partementale de l'ARS en Seine-et-Marne - 75-2023-12-07-00035 - D\u00e9cision tarifaire n\u00b039974 portant modification\ndu forfait global de\nsoins pour 2023 de Ehp ad le clos fleuri - 77070108421\nsig?\nArticle 1er \nArticle 2 \nArticle 3 \nArticle 4 \nArticle 5 DECIDE \nA compter du 01/01/2023, le forfait global de soins est fix\u00e9 \u00e0 1 711 612,23 \u20ac au titre de \n2023, dont 221 783,80 \u20ac \u00e0 titre non reconductible. \nLa fraction forfaitaire mensuelle s'\u00e9tablit \u00e0 142 634,35 \u20ac. \nA compter du 1er janvier 2024, en application de l'article L.314-7 du CASF, le forfait \nglobal de soins est fix\u00e9, \u00e0 titre transitoire, \u00e0 1 489 828,43 \u20ac. \nLa fraction forfaitaire mensuelle s'\u00e9tablit \u00e0 124 152,370 \u20ac. \nLes recours contentieux dirig\u00e9s contre la pr\u00e9sente d\u00e9cision doivent \u00eatre port\u00e9s devant le \nTribunal Interr\u00e9gional de la Tarification Sanitaire et Sociale sis 1 Place du Palais Royal, \nPARIS, 75100 dans un d\u00e9lai d'un mois \u00e0 compter de sa publication ou, pour les \npersonnes auxquelles elle sera notifi\u00e9e, \u00e0 compter de sa notification. \nLa pr\u00e9sente d\u00e9cision sera publi\u00e9e au recueil des actes administratifs . \nLa Directrice G\u00e9n\u00e9rale del' ARS Ile-de-France est charg\u00e9e de l'ex\u00e9cution de la pr\u00e9sente \nd\u00e9cision qui sera notifi\u00e9e \u00e0 l'entit\u00e9 gestionnaire RESIDENCE DONNEMARIE \nDONTILLY (770000636) et \u00e0 l'\u00e9tablissement concern\u00e9. \nFait \u00e0 LIEUSAINT, le 07 d\u00e9cembre 2023 \nLa Directrice de la D\u00e9l\u00e9gation D\u00e9partementale de Seine-et-Marne \n2 H\u00e9l\u00e8ne MARIE\nARS - D\u00e9l\u00e9gation d\u00e9partementale de l'ARS en Seine-et-Marne - 75-2023-12-07-00035 - D\u00e9cision tarifaire n\u00b039974 portant modification\ndu forfait global de\nsoins pour 2023 de Ehp ad le clos fleuri - 77070108422\nARS - D\u00e9l\u00e9gation d\u00e9partementale de l'ARS en\nSeine-et-Marne\n75-2023-12-07-00039\nd\u00e9cision tarifaire n\u00b039975 portant modification\ndu forfait global de\nsoins pour 2023 de\nehp ad les tamaris - 770701068\nARS - D\u00e9l\u00e9gation d\u00e9partementale de l'ARS en Seine-et-Marne - 75-2023-12-07-00039 - d\u00e9cision tarifaire n\u00b039975 portant modification\ndu forfait global de\nsoins pour 2023 de\nehp ad les tamaris - 77070106823\nAr\n@ D Agence  R\u00e9gionale  de Sant\u00e9\nDECISION TARIFAIRE N\u00b039975 PORTANT MODIFICATION DU FORFAIT GLOBAL DE \nSOINS POUR 2023 DE \nEHP AD LES TAMARIS -770701068 \nLa Directrice G\u00e9n\u00e9rale del' ARS Ile-de-France \nVU le Code de l'Action Sociale et des Familles ; \nVU le Code de la S\u00e9curit\u00e9 Sociale ; \nVU la loi n\u00b0 2022-1616 du 23 d\u00e9cembre 2022 de financement de la S\u00e9curit\u00e9 Sociale pour 2023 \npubli\u00e9e au Journal Officiel du 24/12/2022 ; \nVU l'arr\u00eat\u00e9 minist\u00e9riel du 20/11/2023 publi\u00e9 au Journal Officiel du 26/11/2023 pris en application \nde l'article L314-3 du Code de l'Action Sociale et des Familles fixant, pour l'ann\u00e9e 2023 \nl'objectif global de d\u00e9penses d'assurance maladie et le montant total de d\u00e9penses pour les \n\u00e9tablissements et services relevant de la Caisse nationale de solidarit\u00e9 pour l'autonomie ; \nVU la d\u00e9cis ion du 21/11/2023 publi\u00e9e au Journal Officiel du 28/11/2023 relative aux dotations \nr\u00e9gion ales limitatives 2023 et \u00e0 la moyenne nationale des besoins en soins requis 2023 ; \nVU l'arr\u00eat\u00e9 du 24/04/2023 fixant pour 2023 les valeurs du point mentionn\u00e9es \u00e0 l'article R.314-\n162 du code de l'action sociale et des familles publi\u00e9 au Journal Officiel du 08/06/2023 ; \nVU le d\u00e9cret du 31 juillet 2021 portant nomination de Madame VERDIER Am\u00e9lie en qualit\u00e9 de \nDirectri ce G\u00e9n\u00e9rale de l'agence r\u00e9gionale de sant\u00e9 Ile-de-France ; \nVU l'autorisation ou le renouvellement d'autorisation en date du 03/01 /2017 de la structure \nEtablissement d'h\u00e9bergement pour personnes \u00e2g\u00e9es d\u00e9pendantes d\u00e9nomm\u00e9e EHP AD LES \nTAMAR IS (770701068) sise 13 AV DE FUSSY 77840 CROUY SUR OURCQ 77840 \nCrouy-sur-Ourcq et g\u00e9r\u00e9e par l'entit\u00e9 d\u00e9nomm\u00e9e MAISON DE RETRAITE LES TAMARIS \n(770000610) ; \nConsid\u00e9rant la d\u00e9cision tarifaire initiale n\u00b0 22588 en date du 04 juillet 2023 portant fixation du \nforfait global soins pour 2023 de la structure d\u00e9nomm\u00e9e EHP AD LES TAMARIS -\n770701068 \n1 ARS - D\u00e9l\u00e9gation d\u00e9partementale de l'ARS en Seine-et-Marne - 75-2023-12-07-00039 - d\u00e9cision tarifaire n\u00b039975 portant modification\ndu forfait global de\nsoins pour 2023 de\nehp ad les tamaris - 77070106824\nsign\nArticle 1er \nArticle 2 \nArticle 3 \nArticle 4 \nArticle 5 DECIDE \nA compter du O 1/01/2023, le forfait global de soins est fix\u00e9 \u00e0 1 263 543, 79 \u20ac au titre de \n2023, dont 152 293,20 \u20ac \u00e0 titre non reconductible. \nLa fraction forfaitaire mensuelle s'\u00e9tablit \u00e0 105 295,32 \u20ac. \nA compter du 1 e, janvier 2024, en application de l'article L.314- 7 du CASF, le forfait \nglobal de soins est fix\u00e9, \u00e0 titre transitoire, \u00e0 1 111 250,59 \u20ac. \nLa fraction forfaitaire mensuelle s'\u00e9tablit \u00e0 92 604,22 \u20ac. \nLes recours contentieux dirig\u00e9s contre la pr\u00e9sente d\u00e9cision doivent \u00eatre port\u00e9s devant le \nTribunal Interr\u00e9gional de la Tarification Sanitaire et Sociale sis 1 Place du Palais Royal, \nPARIS, 75100 dans un d\u00e9lai d'un mois \u00e0 compter de sa publication ou, pour les \npersonnes auxquelles elle sera notifi\u00e9e, \u00e0 compter de sa notification. \nLa pr\u00e9sente d\u00e9cision sera publi\u00e9e au recueil des actes administratifs . \nLa Directrice G\u00e9n\u00e9rale del' ARS Ile-de-France est charg\u00e9e de l'ex\u00e9cution de la pr\u00e9sente \nd\u00e9cision qui sera notifi\u00e9e \u00e0 l'entit\u00e9 gestionnaire MAISON DE RETRAITE LES \nTAMARIS (770000610) et \u00e0 l'\u00e9tablissement concern\u00e9. \nFait \u00e0 LIEUSAINT, le 07 d\u00e9cembre 2023 \nLa Directrice de la D\u00e9l\u00e9ga tion D\u00e9partementale de Seine-et-Marne \n2 H\u00e9l\n\u00e8ne MARIE\nARS - D\u00e9l\u00e9gation d\u00e9partementale de l'ARS en Seine-et-Marne - 75-2023-12-07-00039 - d\u00e9cision tarifaire n\u00b039975 portant modification\ndu forfait global de\nsoins pour 2023 de\nehp ad les tamaris - 77070106825\nARS - D\u00e9l\u00e9gation d\u00e9partementale de l'ARS en\nSeine-et-Marne\n75-2023-12-12-00018\nd\u00e9cision tarifaire n\u00b04 l 776 portant modification\ndu forfait global de\nsoins pour 2023 de\nehp ad de saint severin - 77070093 8\nARS - D\u00e9l\u00e9gation d\u00e9partementale de l'ARS en Seine-et-Marne - 75-2023-12-12-00018 - d\u00e9cision tarifaire n\u00b04 l 776 portant modification\ndu forfait global de\nsoins pour 2023 de\nehp ad de saint severin - 77070093 826\n\u00a9 D Agence  R\u00e9gionale  de Sant\u00e9\nDECISION TARIF AIRE N\u00b04 l 776 PORTANT MODIFICATION DU FORFAIT GLOBAL DE \nSOINS POUR 2023 DE \nEHP AD DE SAINT SEVERIN -77070093 8 \nLa Directrice G\u00e9n\u00e9rale de l' ARS Ile-de-France \nVU le Code del' Action Sociale et des Familles ; \nVU le Code de la S\u00e9curit\u00e9 Sociale ; \nVU la loin\u00b0 2022-1616 du 23 d\u00e9cembre 2022 de financement de la S\u00e9curit\u00e9 Sociale pour 2023 \npubli\u00e9e au Journal Officiel du 24/12/2022 ; \nVU l'arr\u00eat\u00e9 minist\u00e9riel du 20/11/2023 publi\u00e9 au Journal Officiel du 26/11/2023 pris en application \nde l'article L314-3 du Code de l'Action Sociale et des Familles fixant, pour l'ann\u00e9e 2023 \nl'objectif global de d\u00e9penses d'assurance maladie et le montant total de d\u00e9penses pour les \n\u00e9tablissements et services relevant de la Caisse nationale de solidarit\u00e9 pour l'autonomie ; \nVU la d\u00e9cision du 21/11/2023 publi\u00e9e au Journal Officiel du 28/11/2023 relative aux dotations \nr\u00e9gionales limitatives 2023 et \u00e0 la moyenne nationale des besoins en soins requis 2023 ; \nVU l'arr\u00eat\u00e9 du 24/04/2023 fixant pour 2023 les valeurs du point mentionn\u00e9es \u00e0 l'article R.314-\n162 du code de l'action sociale et des familles publi\u00e9 au Journal Officiel du 08/06/2023 ; \nVU le d\u00e9cret du 31 juillet 2021 portant nomination de Madame VERDIER Am\u00e9lie en qualit\u00e9 de \nDirectrice G\u00e9n\u00e9rale de l'agence r\u00e9gionale de sant\u00e9 Ile-de-France ; \nVU l'autorisation ou le renouvellement d'autorisation en date du 03/01/2017 de la structure \nEtablissement d'h\u00e9bergement pour personnes \u00e2g\u00e9es d\u00e9pendantes d\u00e9nomm\u00e9e EHP AD DE \nSAINT SEVERIN (770700938) sise 34 R DE LA VILLE FORTE 77570 CHATEAU \nLANDON 77570 Ch\u00e2teau-Landon et g\u00e9r\u00e9e par l'entit\u00e9 d\u00e9nomm\u00e9e MAISON RETRAITE \nST SEVERIN (770000529) ; \nConsid\u00e9rant la d\u00e9cision tarifaire initiale n\u00b0 23672 en date du 11 juillet 2023 portant fixation du \nforfait global soins pour 2023 de la structure d\u00e9nomm\u00e9e EHP AD DE SAINT \nSEVERIN -77070093 8 \n1 ARS - D\u00e9l\u00e9gation d\u00e9partementale de l'ARS en Seine-et-Marne - 75-2023-12-12-00018 - d\u00e9cision tarifaire n\u00b04 l 776 portant modification\ndu forfait global de\nsoins pour 2023 de\nehp ad de saint severin - 77070093 827\nArticle 1er \nArticle 2 \nArticle 3 \nArticle 4 \nArticle 5 DECIDE \nA compter du 01/01/2023, le forfait global de soins est fix\u00e9 \u00e0 2 078 464,06 \u20ac au titre de \n2023, dont 181 998, 78 \u20ac \u00e0 titre non reconductible. \nLa fraction forfaitaire mensuelle s'\u00e9tablit \u00e0 173 205,34 \u20ac. \nPour 2023, les tarifs sont d\u00e9compos\u00e9s comme suit: \nForfait global de soins \nH\u00e9bergement Permanent 1 995 190,27 \nUHR 0,00 \nPASA 0,00 \nH\u00e9bergement Temporaire 0,00 \nAccueil de jour 83 273,79 Prix de journ\u00e9e ( en \u20ac) \n0,00 \n0 \n0 \n0,00 \n0,00 \nA compter du 1er janvier 2024, en application de l'article L.314- 7 du CASF, le forfait \nglobal de soins est fix\u00e9, \u00e0 titre transitoire, \u00e0 1 896 465,28 \u20ac. \nLes tarifs de reconduction sont fix\u00e9s \u00e0 \nForfait global de soins Prix de journ\u00e9e ( en \u20ac) \nH\u00e9bergement Permanent 1 813 191,49 0,00 \nUHR 0,00 0 \nPASA 0,00 0 \nH\u00e9bergement Temporaire 0,00 0,00 \nAccueil de jour 83 273,79 0,00 \nLa fraction forfaitaire mensuelle s'\u00e9tablit \u00e0 158 038,77 \u20ac. \nLes recours contentieux dirig\u00e9s contre la pr\u00e9sente d\u00e9cision doivent \u00eatre port\u00e9s devant le \nTribunal Interr\u00e9gional de la Tarification Sanitaire et Sociale sis 1 Place du Palais Royal, \nPARIS, 75100 dans un d\u00e9lai d'un mois \u00e0 compter de sa publication ou, pour les \npersonnes auxquelles elle sera notifi\u00e9e, \u00e0 compter de sa notification. \nLa pr\u00e9sente d\u00e9cision sera publi\u00e9e au recueil des actes administratifs. \nLa Directrice G\u00e9n\u00e9rale del' ARS Ile-de-France est charg\u00e9e de l'ex\u00e9cution de la pr\u00e9sente \nd\u00e9cision qui sera notifi\u00e9e \u00e0 l'entit\u00e9 gestionnaire MAISON RETRAITE ST SEVERIN \n(770000529) et \u00e0 l'\u00e9tablissement concern\u00e9. \n2 ARS - D\u00e9l\u00e9gation d\u00e9partementale de l'ARS en Seine-et-Marne - 75-2023-12-12-00018 - d\u00e9cision tarifaire n\u00b04 l 776 portant modification\ndu forfait global de\nsoins pour 2023 de\nehp ad de saint severin - 77070093 828\nsign\nWE\nFait \u00e0 LIEUSAINT, le 12 d\u00e9cembre 2023 \nLa Directrice de la D\u00e9l\u00e9gation d\u00e9partementale de Seine-et-Marne \n3 H\u00e9l\u00e8ne MARIE\nARS - D\u00e9l\u00e9gation d\u00e9partementale de l'ARS en Seine-et-Marne - 75-2023-12-12-00018 - d\u00e9cision tarifaire n\u00b04 l 776 portant modification\ndu forfait global de\nsoins pour 2023 de\nehp ad de saint severin - 77070093 829\nARS - D\u00e9l\u00e9gation d\u00e9partementale de l'ARS en\nSeine-et-Marne\n75-2023-12-12-00019\ndecision tarifaire n\u00b041761 portant modification\ndu forfait global de\nsoins pour 2023 de\nehpad residence du moulin - 770001287\nARS - D\u00e9l\u00e9gation d\u00e9partementale de l'ARS en Seine-et-Marne - 75-2023-12-12-00019 - decision tarifaire n\u00b041761 portant modification\ndu forfait global de\nsoins pour 2023 de\nehpad residence du moulin - 77000128730\nAr\n@ D Agence  R\u00e9gionale  de Sant\u00e9\nDECISION TARIFAIRE N\u00b041761 PORTANT MODIFICATION DU FORFAIT GLOBAL DE \nSOINS POUR 2023 DE \nEHPAD RESIDENCE DU MOULIN -770001287 \nLa Directrice G\u00e9n\u00e9rale de !'ARS Ile-de-France \nVU le Code del' Action Sociale et des Familles ; \nVU le Code de la S\u00e9curit\u00e9 Sociale ; \nVU la loin\u00b0 2022-1616 du 23 d\u00e9cembre 2022 de financement de la S\u00e9curit\u00e9 Sociale pour 2023 \npubli\u00e9e au Journal Officiel du 24/12/2022 ; \nVU l'arr\u00eat\u00e9 minist\u00e9riel du 20/11/2023 publi\u00e9 au Journal Officiel du 26/11/2023 pris en application \nde l'article L314-3 du Code de l'Action Sociale et des Familles fixant, pour l'ann\u00e9e 2023 \nl'objectif global de d\u00e9penses d'assurance maladie et le montant total de d\u00e9penses pour les \n\u00e9tablissements et services relevant de la Caisse nationale de solidarit\u00e9 pour l'autonomie ; \nVU la d\u00e9cision du 21/11/2023 publi\u00e9e au Journal Officiel du 28/11/2023 relative aux dotations \nr\u00e9gionales limitatives 2023 et \u00e0 la moyenne nationale des besoins en soins requis 2023 ; \nVU l'arr\u00eat\u00e9 du 24/04/2023 fixant pour 2023 les valeurs du point mentionn\u00e9es \u00e0 l'article R.314-\n162 du code de l'action sociale et des familles publi\u00e9 au Journal Officiel du 08/06/2023 ; \nVU le d\u00e9cret du 31 juillet 2021 portant nomination de Madame VERDIER Am\u00e9lie en qualit\u00e9 de \nDirectrice G\u00e9n\u00e9rale de l'agence r\u00e9gionale de sant\u00e9 Ile-de-France ; \nVU l'autoris ation ou le renouvellement d'autorisation en date du 03/01/2017 de la structure \nEtablissement d'h\u00e9bergement pour personnes \u00e2g\u00e9es d\u00e9pendantes d\u00e9nomm\u00e9e EHP AD \nRESID ENCE DU MOULIN (770001287) sise 11 R DE TIVOLI 77440 LIZY SUR OURCQ \n77440 Lizy-sur-Ourcq et g\u00e9r\u00e9e par l'entit\u00e9 d\u00e9nomm\u00e9e SARL PRO SANTE LIZY \n(77000 0057); \nConsid\u00e9rant la d\u00e9cision tarifaire initiale n\u00b0 23542 en date du 11 juillet 2023 portant fixation du \nforfait global soins pour 2023 de la structure d\u00e9nomm\u00e9e EHP AD RESIDENCE DU \nMOULIN -770001287 \n1 ARS - D\u00e9l\u00e9gation d\u00e9partementale de l'ARS en Seine-et-Marne - 75-2023-12-12-00019 - decision tarifaire n\u00b041761 portant modification\ndu forfait global de\nsoins pour 2023 de\nehpad residence du moulin - 77000128731\nArticle 1er \nArticle 2 \nArticle 3 \nArticle 4 \nArticle 5 DECIDE \nA compter du O 1/01/2023, le forfait global de soins est fix\u00e9 \u00e0 1 503 889,82 \u20ac au titre de \n2023, dont 55 164,00 \u20ac \u00e0 titre non reconductible. \nLa fraction forfaitaire mensuelle s'\u00e9tablit \u00e0 125 324,15 \u20ac. \nPour 2023, les tarifs sont d\u00e9compos\u00e9s comme suit: \nForfait global de soins \nH\u00e9bergement Permanent 1 503 889,82 \nUHR 0,00 \nPASA 0,00 \nH\u00e9bergement Temporaire 0,00 \nAccueil de jour 0,00 Prix de journ\u00e9e ( en \u20ac) \n0,00 \n0 \n0 \n0,00 \n0,00 \nA compter du 1\u00b0' janvier 2024, en application de l'article L.314-7 du CASF, le forfait \nglobal de soins est fix\u00e9, \u00e0 titre transitoire, \u00e0 1 448 725,82 \u20ac. \nLes tarifs de reconduction sont fix\u00e9s \u00e0 \nForfait global de soins Prix de journ\u00e9e ( en \u20ac) \nH\u00e9bergement Permanent 1 448 725,82 0,00 \nUHR 0,00 0 \nPASA 0,00 0 \nH\u00e9bergement Temporaire 0,00 0,00 \nAccueil de jour 0,00 0,00 \nLa fraction forfaitaire mensuelle s'\u00e9tablit \u00e0 120 727,15 \u20ac. \nLes recours contentieux dirig\u00e9s contre la pr\u00e9sente d\u00e9cision doivent \u00eatre port\u00e9s devant le \nTribunal Interr\u00e9gional de la Tarification Sanitaire et Sociale sis 1 Place du Palais Royal, \nPARIS, 75100 dans un d\u00e9lai d'un mois \u00e0 compter de sa publication ou, pour les \npersonnes auxquelles elle sera notifi\u00e9e, \u00e0 compter de sa notification. \nLa pr\u00e9sente d\u00e9cision sera publi\u00e9e au recueil des actes administratifs. \nLa Directrice G\u00e9n\u00e9rale del' ARS Ile-de-France est charg\u00e9e de l'ex\u00e9cution de la pr\u00e9sente \nd\u00e9cision qui sera notifi\u00e9e \u00e0 l'entit\u00e9 gestionna ire SARL PRO SANTE LIZY (770000057) \net \u00e0 l'\u00e9tablissement concern\u00e9. \n2 ARS - D\u00e9l\u00e9gation d\u00e9partementale de l'ARS en Seine-et-Marne - 75-2023-12-12-00019 - decision tarifaire n\u00b041761 portant modification\ndu forfait global de\nsoins pour 2023 de\nehpad residence du moulin - 77000128732\nsign\u00e9\nFait \u00e0 LIEUSAINT, le 12 d\u00e9cembre 2023 \nLa Directrice de la D\u00e9l\u00e9gation d\u00e9partementale de Seine-et-Marne \n3 H\u00e9l\n\u00e8ne MARIE\nARS - D\u00e9l\u00e9gation d\u00e9partementale de l'ARS en Seine-et-Marne - 75-2023-12-12-00019 - decision tarifaire n\u00b041761 portant modification\ndu forfait global de\nsoins pour 2023 de\nehpad residence du moulin - 77000128733\nARS - D\u00e9l\u00e9gation d\u00e9partementale de l'ARS en\nSeine-et-Marne\n75-2023-12-12-00011\nD\u00e9cision tarifaire n\u00b041926 portant modification\npour 2023 du montant et\nde la r\u00e9partition de la dotation globalis\u00e9e\ncommune prevue au contrat\npluriannuel d'objectifs et de moyens de\nles begonias - 250018686\nARS - D\u00e9l\u00e9gation d\u00e9partementale de l'ARS en Seine-et-Marne - 75-2023-12-12-00011 - D\u00e9cision tarifaire n\u00b041926 portant modification\npour 2023 du montant et\nde la r\u00e9partition de la dotation globalis\u00e9e commune prevue au contrat\npluriannuel d'objectifs et de moyens de\nles begonias - 25001868634\nAr\n@ D Agence  R\u00e9gionale  de Sant\u00e9\nDECISION TARIFAIRE N\u00b041926 PORTANT MODIFICATION POUR 2023 DU MONTANT ET \nDE LA REPARTITION DE LA DOTATION GLOBALISEE COMMUNE PREVUE AU CONTRAT \nPLURIANNUEL D'OBJECTIFS ET DE MOYENS DE \nLES BEGONIAS -250018686 \nPOUR LES ETABLISSEMENTS ET SERVICES SUIVANTS \nEtablissement d'h\u00e9bergement pour personnes \u00e2g\u00e9es d\u00e9pendantes -EHP AD KORIAN LA MAGDE\u00ad\nLEINE -770003069 \nEtablissement d'h\u00e9bergement pour personnes \u00e2g\u00e9es d\u00e9pendantes -EHPAD KORIAN AU FIL DU \nTEMPS -770015071 \nEtablissement d'h\u00e9bergement pour personnes \u00e2g\u00e9es d\u00e9pendantes -EHP AD KORIAN PARC AUX \nCHENES -770015774 \nEtablissement d'h\u00e9bergement pour personnes \u00e2g\u00e9es d\u00e9pendantes -EHP AD LE BOIS CLEMENT -\n770015782 \nEtablissement d'h\u00e9bergement pour personnes \u00e2g\u00e9es d\u00e9pendantes -EHP AD KORIAN SAINTE GENE\u00ad\nVIEVE -770803419 \nEtablissement d'h\u00e9bergement pour personnes \u00e2g\u00e9es d\u00e9pendantes -EHP AD RESIDENCE KORIAN \nLES ROSES -770808673 \nEtablissement d'h\u00e9bergement pour personnes \u00e2g\u00e9es d\u00e9pendantes -EHP AD KORIAN CHAINTREAU\u00ad\nVILLE -770815140 \nEtablissement d'h\u00e9bergement pour personnes \u00e2g\u00e9es d\u00e9pendantes -EHP AD KORIAN LA DETENTE -\n770815827 \nLa Directrice G\u00e9n\u00e9rale del' ARS Ile-de-France \nVU le Code del' Action Sociale et des Familles ; \nVU le Code de la S\u00e9curit\u00e9 Sociale ; \nVU la loi n\u00b0 2022-1616 du 23 d\u00e9cembre 2022 de financement de la S\u00e9curit\u00e9 Sociale pour \n2023 publi\u00e9e au Journal Officiel du 24/12/2022 ; \nVU l'arr\u00eat\u00e9 minist\u00e9riel du 20/11/2023 publi\u00e9 au Journal Officiel du 26/11/2023 pris en ap\u00ad\nplication de l'article L314-3 du Code de l'Action Sociale et des Familles fixant, pour \nl'ann\u00e9e 2023 l'objectif global de d\u00e9penses d'assurance maladie et le montant total de \nd\u00e9penses pour les \u00e9tablissements et services relevant de la Caisse nationale de solidarit\u00e9 \npour l'autonomie ; \nVU la d\u00e9cision du 21/11/2023 publi\u00e9e au Journal Officiel du 28/11/2023 relative aux dota\u00ad\ntions r\u00e9gionales limitatives 2023 et \u00e0 la moyenne nationale des besoins en soins requis \n2023; \nVU l'arr\u00eat\u00e9 du 24/04/2023 fixant pour 2023 les valeurs du point mentionn\u00e9es \u00e0 l'article \n1 ARS - D\u00e9l\u00e9gation d\u00e9partementale de l'ARS en Seine-et-Marne - 75-2023-12-12-00011 - D\u00e9cision tarifaire n\u00b041926 portant modification\npour 2023 du montant et\nde la r\u00e9partition de la dotation globalis\u00e9e commune prevue au contrat\npluriannuel d'objectifs et de moyens de\nles begonias - 25001868635\nR.314-162  du code  de l'action  sociale  et des familles  publi\u00e9  au Journal  Officiel  du\n08/06/2023  ;\nVU  le d\u00e9cret  du 31 juillet  2021  portant  nomination  de Madame,  VERDIER,  Am\u00e9lie  en qua-\nlit\u00e9 de Directrice  G\u00e9n\u00e9rale  de l'agence  r\u00e9gionale  de sant\u00e9  Ile-de-France  ;\nVU  Le Contrat  pluriannuel  d'Objectifs  et de moyens  conclu  le 01/07/2018  prenant  effet  au\n01/01/2018  ;\nConsid\u00e9rant  la d\u00e9cision  tarifaire  initiale  n\u00b0 23808  en date  du 11 juillet  2023\nArticle  1\u00b0 A compter  du 01/01/2023  au titre  de 2023,  la dotation  globalis\u00e9e  commune  des \u00e9ta-\nblissements  et services  m\u00e9dico-sociaux  financ\u00e9s  par l' Assurance  Maladie,  g\u00e9r\u00e9s  par\nl'entit\u00e9  d\u00e9nomm\u00e9e  LES  BEGONIAS  (250018686),  a \u00e9t\u00e9 fix\u00e9e  \u00e0 11 445  975,88  \u20ac, dont\n386  789,21  \u20ac \u00e0 titre  non  reconductible.\nElle  se r\u00e9partit  de la mani\u00e8re  suivante,  les prix  de journ\u00e9e  \u00e0 compter  de 01/01/2023\n\u00e9tant  \u00e9galement  mentionn\u00e9s.\n- personnes  \u00e2g\u00e9es  : 11 445  975,88  \u20ac\nDotations  (en \u20ac)\nH\u00e9berge-  H\u00e9berge-  Accueil  de\nFINESS  ment  per-  UHR  PASA  ment  tempo-  'our  SSIAD\nmanent  raire J\n770003069  | 1788467)  0,00 0,00 0,00 0,00 0,00\n770015071  | 1\u00b0777273  | 0,00 0,00 75 726,14  | 63 733,16  0,00\n770015774  339  157,48  0,00  0,00  0,00  71 316,25  0,00\n770015782  | bras  0,00 0,00 41 508,23  132 577,37  0,00\n770803419  l 796 560.0 0,00 0,00 0,00 0,00 0,00\n770808673  | | sa  0,00 0,00 0,00 0,00 0,00\n770815140  | 6082  | 0,00 0,00 0,00 0,00 0,00\n770815827  | 96706!  000 0,00 61 802,17  0,00 0,00\nARS - D\u00e9l\u00e9gation d\u00e9partementale de l'ARS en Seine-et-Marne - 75-2023-12-12-00011 - D\u00e9cision tarifaire n\u00b041926 portant modification\npour 2023 du montant et\nde la r\u00e9partition de la dotation globalis\u00e9e commune prevue au contrat\npluriannuel d'objectifs et de moyens de\nles begonias - 25001868636\nPrix  de journ\u00e9e  (en \u20ac)\nFINESS  H\u00e9bergement  per- | H\u00e9bergement  tem-| 4 nei dejour  | SSIAD  PA\nmanent  poraire\n770003069  0,00  0,00  0,00  0,00\n770015071  0,00  0,00  0,00  0,00\n770015774  0,00  0,00  0,00  0,00\n770015782  0,00  0,00  0,00  0,00\n770803419  0,00  0,00  0,00  0,00\n770808673  0,00  0,00  0,00  0,00\n770815140  0,00  0,00  0,00  0,00\n770815827  0,00  0,00  0,00  0,00\nPour  2023,  la fraction  forfaitaire  mensuelle,  pour  le secteur  personnes  \u00e2g\u00e9es,  s'\u00e9tablit  \u00e0\n953  831,32  \u20ac.\nArticle  2 A compter  du 1\u00b0 janvier  2024,  en application  de l'article  L.314-7  du CASF,  la dotation\nglobalis\u00e9e  commune  s'\u00e9l\u00e8ve,  \u00e0 titre  transitoire,  \u00e0 11 059  186,67  \u20ac. Elle  se r\u00e9partit  de\nla mani\u00e8re  suivante,  les prix  de journ\u00e9e  de reconduction  \u00e9tant  \u00e9galement  mentionn\u00e9s  :\n- personnes  \u00e2g\u00e9es  : 11 059  186,67  \u20ac\nDotations  (en \u20ac)\nH\u00e9berge-  H\u00e9berge-  Accueil  de\nFINESS  | ment  perma-  UHR  PASA  ment  tempo-  a SSIAD\nnent raire J\n770003069  1 280  096,79  0,00  0,00  0,00  0,00  0,00\n770015071  1 601 123,36  0,00  0,00  75 726,74  63 733,16  0,00\n770015774  133 522,27  0,00  0,00  0,00  71 316,25  0,00\n770015782  1 538 607,83  0,00  0,00  41 508,23  132 577,37  0,00\n770803419  1 730 870,05  0,00  0,00  0,00  0,00  0,00\nARS - D\u00e9l\u00e9gation d\u00e9partementale de l'ARS en Seine-et-Marne - 75-2023-12-12-00011 - D\u00e9cision tarifaire n\u00b041926 portant modification\npour 2023 du montant et\nde la r\u00e9partition de la dotation globalis\u00e9e commune prevue au contrat\npluriannuel d'objectifs et de moyens de\nles begonias - 25001868637\nsign\u00e9\n770808673 1420 869,45 0,00 0,00 0,00 0,00 0,00 \n770815140 1 308 982,34 0,00 0,00 0,00 0,00 0,00 \n770815827 1 598 450,66 0,00 0,00 61 802,17 0,00 0,00 \nPrix de journ\u00e9e ( en \u20ac) \nFINESS H\u00e9bergement per- H\u00e9bergement Accueil de jour SSIAD PA manent temporaire \n770003069 0,00 0,00 0,00 0,00 \n770015071 0,00 0,00 0,00 0,00 \n770015774 0,00 0,00 0,00 0,00 \n770015782 0,00 0,00 0,00 0,00 \n770803419 0,00 0,00 0,00 0,00 \n770808673 0,00 0,00 0,00 0,00 \n770815140 0,00 0,00 0,00 0,00 \n770815827 0,00 0,00 0,00 0,00 \nPour 2024, la fraction forfaitaire mensuelle, pour le secteur personnes \u00e2g\u00e9es, s'\u00e9tablit \u00e0 \n921 598,89 \u20ac \nArticle 3 \nArticle 4 \nArticle 5 Les recours contentieux dirig\u00e9s contre la pr\u00e9sente d\u00e9cision doivent \u00eatre port\u00e9s devant \nle Tribunal Interr\u00e9gional de la Tarification Sanitaire et Sociale sis 1, Place du Palais \nRoyal, PARIS, 75100 dans un d\u00e9lai d'un mois \u00e0 compter de sa publication ou, pour les \npersonnes auxquelles elle sera notifi\u00e9e, \u00e0 compter de sa notification. \nLa pr\u00e9sente d\u00e9cision sera publi\u00e9e au recueil des actes administratifs. \nLa Directrice G\u00e9n\u00e9rale de !'ARS Ile-de-France est charg\u00e9e de l'ex\u00e9cution de la pr\u00e9\u00ad\nsente d\u00e9cision qui sera notifi\u00e9e \u00e0 l'entit\u00e9 gestionnaire LES BEGONIAS 250018686) et \naux structures concern\u00e9es. \nFait \u00e0 LIEUSAINT, le 12 d\u00e9cembre 2023 \nLa Directrice de la D\u00e9l\u00e9gation d\u00e9partementale de Seine-et-Marne \n4 \nH\u00e9l\u00e8\nne MARIE\nARS - D\u00e9l\u00e9gation d\u00e9partementale de l'ARS en Seine-et-Marne - 75-2023-12-12-00011 - D\u00e9cision tarifaire n\u00b041926 portant modification\npour 2023 du montant et\nde la r\u00e9partition de la dotation globalis\u00e9e commune prevue au contrat\npluriannuel d'objectifs et de moyens de\nles begonias - 25001868638\nARS - D\u00e9l\u00e9gation d\u00e9partementale de l'ARS en\nSeine-et-Marne\n75-2023-12-12-00012\nd\u00e9cision tarifaire n\u00b041992 portant modification\ndu forfait global de\nsoins pour 2023 de\nehpad maison familiale baccara - 770001345\nARS - D\u00e9l\u00e9gation d\u00e9partementale de l'ARS en Seine-et-Marne - 75-2023-12-12-00012 - d\u00e9cision tarifaire n\u00b041992 portant modification\ndu forfait global de\nsoins pour 2023 de\nehpad maison familiale baccara - 77000134539\nAr\n@ D Agence  R\u00e9gionale  de Sant\u00e9\nDECISION TARIFAIRE N\u00b041992 PORTANT MODIFICATION DU FORFAIT GLOBAL DE \nSOINS POUR 2023 DE \nEHPAD MAISON FAMILIALE BACCARA -770001345 \nLa Directrice G\u00e9n\u00e9rale de I' ARS Ile-de-France \nVU le Code de l'Action Sociale et des Familles ; \nVU le Code de la S\u00e9curit\u00e9 Sociale ; \nVU la loi n\u00b0 2022-1616 du 23 d\u00e9cembre 2022 de financement de la S\u00e9curit\u00e9 Sociale pour 2023 \npubli\u00e9e au Journal Officiel du 24/12/2022 ; \nVU l'arr\u00eat\u00e9 minist\u00e9riel du 20/11/2023 publi\u00e9 au Journal Officiel du 26/11/2023 pris en application \nde l'a1iicle L314-3 du Code de l'Action Sociale et des Familles fixant, pour l'ann\u00e9e 2023 \nl'objectif global de d\u00e9penses d'assurance maladie et le montant total de d\u00e9penses pour les \n\u00e9tablissements et services relevant de la Caisse nationale de solidarit\u00e9 pour l'autonomie ; \nVU la d\u00e9cision du 21/11/2023 publi\u00e9e au Journal Officiel du 28/11/2023 relative aux dotations \nr\u00e9gio nales limitatives 2023 et \u00e0 la moyenne nationale des besoins en soins requis 2023 ; \nVU l'arr\u00eat\u00e9 du 24/04/2023 fixant pour 2023 les valeurs du point mentionn\u00e9es \u00e0 l'article R.314-\n162 du code de l'action sociale et des familles publi\u00e9 au Journal Officiel du 08/06/2023 ; \nVU le d\u00e9cret du 31 juillet 2021 portant nomination de Madame VERDIER Am\u00e9lie en qualit\u00e9 de \nDirectrice G\u00e9n\u00e9rale de l'agence r\u00e9gionale de sant\u00e9 Ile-de-France ; \nVU l'autorisation ou le renouvellement d'autorisation en date du 03/01/2017 de la structure \nEtablissement d'h\u00e9bergement pour personnes \u00e2g\u00e9es d\u00e9pendantes d\u00e9nomm\u00e9e EHP AD \nMAISON FAMILIALE BACCARA (770001345) sise 6 RTE DE MIRVAUX 77970 PECY \n77970 P\u00e9cy et g\u00e9r\u00e9e par l'entit\u00e9 d\u00e9nomm\u00e9e SARL BACCARA (770001337) ; \nConsid\u00e9rant la d\u00e9cision tarifaire initiale n\u00b0 23630 en date du 06 juillet 2023 portant fixation du \nforfait global soins pour 2023 de la structure d\u00e9nomm\u00e9e EHP AD MAISON \nFAMILIALE BACCARA -770001345 \n1 ARS - D\u00e9l\u00e9gation d\u00e9partementale de l'ARS en Seine-et-Marne - 75-2023-12-12-00012 - d\u00e9cision tarifaire n\u00b041992 portant modification\ndu forfait global de\nsoins pour 2023 de\nehpad maison familiale baccara - 77000134540\nArticle 1er\nArticle 2 \nArticle 3 \nArticle 4 \nArticle 5 DECIDE \nA compter du 01/01/2023, le forfait global de soins est fix\u00e9 \u00e0 513 337,73 \u20ac au titre de \n2023, dont 0,00 \u20ac \u00e0 titre non reconductible. \nLa fraction forfaitaire mensuelle s'\u00e9tablit \u00e0 42 778,14 \u20ac. \nPour 2023, les tarifs sont d\u00e9compos\u00e9s comme suit : \nForfait global de soins \nH\u00e9bergement Permanent 513 337,73 \nUHR 0,00 \nPASA 0,00 \nH\u00e9bergement Temporaire 0,00 \nAccueil de jour 0,00 Prix de journ\u00e9e ( en \u20ac) \n0,00 \n0 \n0 \n0,00 \n0,00 \nA compter du 1er janvier 2024, en application de l'article L.314-7 du CASF, le forfait \nglobal de soins est fix\u00e9, \u00e0 titre transitoire, \u00e0 513 33 7, 73 \u20ac. \nLes tarifs de reconduction sont fix\u00e9s \u00e0 \nForfait global de soins Prix de journ\u00e9e ( en \u20ac) \nH\u00e9bergement Permanent 513 337,73 0,00 \nUHR 0,00 0 \nPASA 0,00 0 \nH\u00e9bergement Temporaire 0,00 0,00 \nAccueil de jour 0,00 0,00 \nLa fraction forfaitaire mensuelle s'\u00e9tablit \u00e0 42 778, 14 \u20ac. \nLes recours contentieux dirig\u00e9s contre la pr\u00e9sente d\u00e9cision doivent \u00eatre port\u00e9s devant le \nTribunal Interr\u00e9gional de la Tarification Sanitaire et Sociale sis 1 Place du Palais Royal, \nPARIS, 75100 dans un d\u00e9lai d'un mois \u00e0 compter de sa publication ou, pour les \npersonnes auxquelles elle sera notifi\u00e9e, \u00e0 compter de sa notification. \nLa pr\u00e9sente d\u00e9cision sera publi\u00e9e au recueil des actes administratifs. \nLa Directrice G\u00e9n\u00e9rale de !'ARS Ile-de-France est charg\u00e9e de l'ex\u00e9cution de la pr\u00e9sente \nd\u00e9cision qui sera notifi\u00e9e \u00e0 l'entit\u00e9 gestionnaire SARL BACCARA (770001337) et \u00e0 \nl'\u00e9tablissement concern\u00e9. \n2 ARS - D\u00e9l\u00e9gation d\u00e9partementale de l'ARS en Seine-et-Marne - 75-2023-12-12-00012 - d\u00e9cision tarifaire n\u00b041992 portant modification\ndu forfait global de\nsoins pour 2023 de\nehpad maison familiale baccara - 77000134541\nsign\nFait \u00e0 Lieusaint, le 12 d\u00e9cembre 2023 \nLa Directrice de la D\u00e9l\u00e9gation d\u00e9partementale de Seine- et-Marne \n3 H\u00e9l\u00e8ne M ARIE\nARS - D\u00e9l\u00e9gation d\u00e9partementale de l'ARS en Seine-et-Marne - 75-2023-12-12-00012 - d\u00e9cision tarifaire n\u00b041992 portant modification\ndu forfait global de\nsoins pour 2023 de\nehpad maison familiale baccara - 77000134542\nARS - D\u00e9l\u00e9gation d\u00e9partementale de l'ARS en\nSeine-et-Marne\n75-2023-12-12-00016\nd\u00e9cision tarifaire n\u00b042015 portant modification\npour 2023 du montant et\nde la r\u00e9partition de la dotation globalis\u00e9e\ncommune prevue au contrat\npluriannuel d'objectifs et de moyens de\nehpad mathurin fouquet - 770000545\nARS - D\u00e9l\u00e9gation d\u00e9partementale de l'ARS en Seine-et-Marne - 75-2023-12-12-00016 - d\u00e9cision tarifaire n\u00b042015 portant modification\npour 2023 du montant et\nde la r\u00e9partition de la dotation globalis\u00e9e commune prevue au contrat\npluriannuel d'objectifs et de moyens de\nehpad mathurin fouquet - 77000054543\nAY\n@ D Agence  R\u00e9gionale  de Sant\u00e9\nDECISION TARIFAIRE N\u00b042015 PORTANT MODIFICATION POUR 2023 DU MONTANT ET \nDE LA REPARTITION DE LA DOTATION GLOBALISEE COMMUNE PREVUE AU CONTRAT \nPLURIANNUEL D'OBJECTIFS ET DE MOYENS DE \nEHPAD MATHURIN FOUQUET -770000545 \nPOUR LES ETABLISSEMENTS ET SERVICES SUIVANTS \nEtablissement d'h\u00e9bergement pour personnes \u00e2g\u00e9es d\u00e9pendantes -EHP AD MA THURIN FOUQUET -\n770700979 \nLa Directrice G\u00e9n\u00e9rale de !'ARS Ile-de-France \nVU le Code de l'Action Sociale et des Familles ; \nVU le Code de la S\u00e9curit\u00e9 Sociale ; \nVU la loi n\u00b0 2022-1616 du 23 d\u00e9cembre 2022 de financement de la S\u00e9curit\u00e9 Sociale pour \n2023 publi\u00e9e au Journal Officiel du 24/12/2022 ; \nVU l'arr\u00eat\u00e9 minist\u00e9riel du 20/11/2023 publi\u00e9 au Journal Officiel du 26/11/2023 pris en ap\u00ad\nplication de l'article L314-3 du Code de l'Action Sociale et des Familles fixant, pour \nl'ann\u00e9e 2023 l'objectif global de d\u00e9penses d'assurance maladie et le montant total de \nd\u00e9penses pour les \u00e9tablissements et services relevant de la Caisse nationale de solidarit\u00e9 \npour l'autonomie ; \nVU la d\u00e9cision du 21/11/2023 publi\u00e9e au Journal Officiel du 28/11/2023 relative aux dota\u00ad\ntions r\u00e9gionales limitatives 2023 et \u00e0 la moyenne nationale des besoins en soins requis \n2023; \nVU l'arr\u00eat\u00e9 du 24/04/2023 fixant pour 2023 les valeurs du point mentionn\u00e9es \u00e0 l'article \nR.314-162 du code de l'action sociale et des familles publi\u00e9 au Journal Officiel du\n08/06/2023 ;\nVU le d\u00e9cret du 31 juillet 2021 portant nomination de Madame, VERDIER, Am\u00e9lie en qua\u00ad\nlit\u00e9 de Directrice G\u00e9n\u00e9rale de l'agence r\u00e9gionale de sant\u00e9 Ile-de-France ; \nVU Le Contrat pluriannuel d'Objectifs et de moyens conclu le 07/06/2022 prenant effet au \n01/01/2020; \nConsid\u00e9rant la d\u00e9cision tarifaire initiale n\u00b0 23176 en date du 04 juillet 2023 \nDECIDE 1 \n1 ARS - D\u00e9l\u00e9gation d\u00e9partementale de l'ARS en Seine-et-Marne - 75-2023-12-12-00016 - d\u00e9cision tarifaire n\u00b042015 portant modification\npour 2023 du montant et\nde la r\u00e9partition de la dotation globalis\u00e9e commune prevue au contrat\npluriannuel d'objectifs et de moyens de\nehpad mathurin fouquet - 77000054544\nArticle  A compter  du 01/01/2023  au titre  de 2023,  la dotation  globalis\u00e9e  commune  des \u00e9ta-\nElle  se r\u00e9partit  de la mani\u00e9re  suivante,  les prix  de journ\u00e9e  a compter  de\nDotations  (en \u20ac)\nH\u00e9berge-  | '\n[OO  ee  \u2014\u2014\n| | | L |\nPrix  de journ\u00e9e  (en \u20ac)\nFINESS  H\u00e9bergement  per- | H\u00e9bergement  tem- | see  SSIAD  PA\nanassanwane  . vase  \u2014\nPour  2023.  la fraction  forfaitaire  mensuelle,  pour  le secteur  personnes  \u00e2g\u00e9es,  s'\u00e9tablit  \u00e0\nArticle  2 A compter  du 1 .vier  2024,  en application  de l'article  L.314-7  du CASF,  la dotation\nDotations  (en \u20ac)\nH\u00e9berge-  il de\nFINESS  Me...  eee,  _ IR \"\"\"AD\nPrix  de journ\u00e9e  (en \u20ac)\nFINESS  H\u00e9bergement  per- | H\u00e9b\u00e9rveinent  |\niour  SSIAD  PA\nArticle 1er A compter du 01/01/2023 au titre de 2023, la dotation globalis\u00e9e commune des \u00e9ta\u00ad\nblissements et services m\u00e9dico-sociaux financ\u00e9s par l' Assurance Maladie, g\u00e9r\u00e9s par \nl'entit\u00e9 d\u00e9nomm\u00e9e EHPAD MATHURIN FOUQUET (770000545), a \u00e9t\u00e9 fix\u00e9e \u00e0 \n1 316 666,03 \u20ac, dont 11 287,28 \u20ac \u00e0 titre non reconductible. \nElle se r\u00e9partit de la mani\u00e8re suivante, les prix de journ\u00e9e \u00e0 compter de \n01/01/2023 \n\u00e9tant \u00e9galement mentionn\u00e9s. \n-personnes \u00e2g\u00e9es : 1316 666,03 \u20ac\nDotations ( en \u20ac) \nH\u00e9berge- H\u00e9berge-Accueil de FINESS ment per- UHR PASA ment tempo- SSIAD \nmarrent ratre JOUr \n770700979 1279450,5 0,00 37 215,50 0,00 0,00 0,00 3 \nPrix de journ\u00e9e ( en \u20ac) \nFINESS H\u00e9bergement per- H\u00e9bergement tem-Accueil de jour SSIAD PA manent poraire \n770700979 0,00 0,00 0,00 0,00 \nPour 2023, la fraction forfaitaire mensuelle, pour le secteur personnes \u00e2g\u00e9es, s'\u00e9tablit \u00e0 \n109 722, 17 \u20ac. \nArticle 2 A compter du 1er janvier 2024, en application de l'article L.314- 7 du CASF, la dotation \nglobalis\u00e9e commune s'\u00e9l\u00e8ve, \u00e0 titre transitoire, \u00e0 1 305 378,75 \u20ac. Elle se r\u00e9partit de la \nmani\u00e8re suivante, les prix de journ\u00e9e de reconduction \u00e9tant \u00e9galement mentionn\u00e9s \n-personnes \u00e2g\u00e9es : 1305 378,75 \u20ac\nDotations ( en \u20ac) \nH\u00e9berge- H\u00e9berge-Accueil de FINESS ment perma- UHR PASA ment tempo- SSIAD \nnent raire JOUr \n770700979 1 241 580,75 0,00 63 798,00 0,00 0,00 0,00 \nPrix de journ\u00e9e ( en \u20ac) \nFINESS H\u00e9bergement per-1 H\u00e9bergement 1 Accueil de jour SSIAD PA manent temporaire \n2 ARS - D\u00e9l\u00e9gation d\u00e9partementale de l'ARS en Seine-et-Marne - 75-2023-12-12-00016 - d\u00e9cision tarifaire n\u00b042015 portant modification\npour 2023 du montant et\nde la r\u00e9partition de la dotation globalis\u00e9e commune prevue au contrat\npluriannuel d'objectifs et de moyens de\nehpad mathurin fouquet - 77000054545\nsign\n770700979 0,00 0,00 0,00 0,00 \nPour 2024, la fraction forfaitaire mensuelle, pour le secteur personnes \u00e2g\u00e9es, \n108 781,56 \u20ac s'\u00e9tablit \nArticle 3 \nArticle 4 \nArticle 5 Les recours contentieux dirig\u00e9s contre la pr\u00e9sente d\u00e9cision doivent \u00eatre port\u00e9s devant \nle Tribunal Interr\u00e9gional de la Tarification Sanitaire et Sociale sis 1, Place du Palais \nRoyal, PARIS, 75100 dans un d\u00e9lai d'un mois \u00e0 compter de sa publication ou, pour les \npersonnes auxquelles elle sera notifi\u00e9e, \u00e0 compter de sa notification. \nLa pr\u00e9sente d\u00e9cision sera publi\u00e9e au recueil des actes administratifs. \nLa Directrice G\u00e9n\u00e9rale de !'ARS Ile-de-France est charg\u00e9e de l'ex\u00e9cution de la pr\u00e9\u00ad\nsente d\u00e9cision qui sera notifi\u00e9e \u00e0 l'entit\u00e9 gestionnaire EHPAD MATHURIN FOU\u00ad\nQUET 770000545) et aux structures concern\u00e9es. \nFait \u00e0 Lieusaint, le 12 d\u00e9cembre 2023 \nLa Directrice de la D\u00e9l\u00e9gat,\u00efon D\u00e9partementale de Seine-et-Marne \n3 \u00e0 \nH\u00e9l\u00e8ne MARIE\nARS - D\u00e9l\u00e9gation d\u00e9partementale de l'ARS en Seine-et-Marne - 75-2023-12-12-00016 - d\u00e9cision tarifaire n\u00b042015 portant modification\npour 2023 du montant et\nde la r\u00e9partition de la dotation globalis\u00e9e commune prevue au contrat\npluriannuel d'objectifs et de moyens de\nehpad mathurin fouquet - 77000054546\nARS - D\u00e9l\u00e9gation d\u00e9partementale de l'ARS en\nSeine-et-Marne\n75-2023-12-12-00015\nd\u00e9cision tarifaire n\u00b042088 portant modification\npour 2023 du montant et\nde la r\u00e9partition de la dotation globalis\u00e9e\ncommune prevue au contrat\npluriannuel d'objectifs et de moyens de\nmaison de retraite - 770000560\nARS - D\u00e9l\u00e9gation d\u00e9partementale de l'ARS en Seine-et-Marne - 75-2023-12-12-00015 - d\u00e9cision tarifaire n\u00b042088 portant modification\npour 2023 du montant et\nde la r\u00e9partition de la dotation globalis\u00e9e commune prevue au contrat\npluriannuel d'objectifs et de moyens de\nmaison de retraite - 77000056047\nAY\n@ D Agence  R\u00e9gionale  de Sant\u00e9\nDECISION TARIF AIRE N\u00b042088 PORTANT MODIFICATION POUR 2023 DU MONTANT ET \nDE LA REPARTITION DE LA DOTATION GLOBALISEE COMMUNE PREVUE AU CONTRAT \nPLURIANNUEL D'OBJECTIFS ET DE MOYENS DE \nMAISON DE RETRAITE -770000560 \nPOUR LES ETABLISSEMENTS ET SERVICES SUIVANTS \nEtablissement d'h\u00e9bergement pour personnes \u00e2g\u00e9es d\u00e9pendantes -EHP AD LES JARDINS DE \nCHAGOT -770701001 \nLa Directrice G\u00e9n\u00e9rale del' ARS Ile-de-France \nVU le Code de l'Action Sociale et des Familles ; \nVU le Code de la S\u00e9curit\u00e9 Sociale ; \nVU la loin\u00b0 2022-1616 du 23 d\u00e9cembre 2022 de financement de la S\u00e9curit\u00e9 Sociale pour \n2023 publi\u00e9e au Journal Officiel du 24/12/2022 ; \nVU l'arr\u00eat\u00e9 minist\u00e9riel du 20/11/2023 publi\u00e9 au Journal Officiel du 26/11/2023 pris en ap\u00ad\nplication de l'article L314-3 du Code de l'Action Sociale et des Familles fixant, pour \nl'ann\u00e9e 2023 l'objectif global de d\u00e9penses d'assurance maladie et le montant total de \nd\u00e9penses pour les \u00e9tablissements et services relevant de la Caisse nationale de solidarit\u00e9 \npour l'autonomie ; \nVU la d\u00e9cision du 21/11/2023 publi\u00e9e au Journal Officiel du 28/11/2023 relative aux dota\u00ad\ntions r\u00e9gionales limitatives 2023 et \u00e0 la moyenne nationale des besoins en soins requis \n2023; \nVU l'arr\u00eat\u00e9 du 24/04/2023 fixant pour 2023 les valeurs du point mentionn\u00e9es \u00e0 l'article \nR.314-162 du code de l'action sociale et des familles publi\u00e9 au Journal Officiel du\n08/06/2023 ;\nVU le d\u00e9cret du 31 juillet 2021 portant nomination de Madame, VERDIER, Am\u00e9lie en qua\u00ad\nlit\u00e9 de Directrice G\u00e9n\u00e9rale de l'agence r\u00e9gionale de sant\u00e9 Ile-de-France ; \nVU Le Contrat pluriannuel d'Objectifs et de moyens conclu le 14/03/2022 prenant effet au \n01/01/2020 ; \nConsid\u00e9rant la d\u00e9cision tarifaire initiale n\u00b0 23182 en date du 04 juillet 2023 \nDECIDE 1 \n1 ARS - D\u00e9l\u00e9gation d\u00e9partementale de l'ARS en Seine-et-Marne - 75-2023-12-12-00015 - d\u00e9cision tarifaire n\u00b042088 portant modification\npour 2023 du montant et\nde la r\u00e9partition de la dotation globalis\u00e9e commune prevue au contrat\npluriannuel d'objectifs et de moyens de\nmaison de retraite - 77000056048\nArticle 1er A compter du 01/01/2023 au titre de 2023, la dotation globalis\u00e9e commune des \u00e9ta\u00ad\nblissements et services m\u00e9dico-sociaux financ\u00e9s par l' Assurance Maladie, g\u00e9r\u00e9s par \nl'entit\u00e9 d\u00e9nomm\u00e9e MAISON DE RETRAITE (770000560), a \u00e9t\u00e9 fix\u00e9e \u00e0 \n2 061 303,36 \u20ac, dont 172 200,96 \u20ac \u00e0 titre non reconductible. \nElle se r\u00e9partit de la mani\u00e8re suivante, les prix de journ\u00e9e \u00e0 compter de \n01/01/2023 \n\u00e9tant \u00e9galement mentionn\u00e9s. \n-personnes \u00e2g\u00e9es : 2 061 303,36 \u20ac\nDotations ( en \u20ac) \nH\u00e9berge- H\u00e9berge-Accueil de FINESS ment per- UHR PASA ment tempo-jour SSIAD \nmanent ra1re \n770701001 1964 062,1 0,00 97 241,23 0,00 0,00 0,00 3 \nPrix de journ\u00e9e ( en \u20ac) \nFINESS H\u00e9bergement per- H\u00e9bergement tem-Accueil de jour SSIAD PA manent pora1re \n770701001 0,00 0,00 0,00 0,00 \nPour 2023, la fraction forfaitaire mensuelle, pour le secteur personnes \u00e2g\u00e9es, s'\u00e9tablit \u00e0 \n171 775,28 \u20ac. \nArticle 2 A compter du 1er janvier 2024, en application de l'article L.314-7 du CASF, la dotation \nglobalis\u00e9e commune s'\u00e9l\u00e8ve, \u00e0 titre transitoire, \u00e0 1 889 102,40 \u20ac. Elle se r\u00e9partit de la \nmani\u00e8re suivante, les prix de journ\u00e9e de reconduction \u00e9tant \u00e9galement mentionn\u00e9s : \n-personnes \u00e2g\u00e9es : 1 889 102,40 \u20ac\nFINESS \n770701001 \nFINESS H\u00e9berge-\nment perma- UHR \nnent\u00b7 \n1 791 861,17 0,00 \nH\u00e9bergement per\u00ad\nmanent Dotations ( en \u20ac) \nH\u00e9berge-Accueil de PASA ment tempo- SSIAD \nraire JOur \n97 241,23 0,00 0,00 0,00 \nPrix de journ\u00e9e ( en \u20ac) \nH\u00e9bergement \ntemporaire Accueil de jour SSIAD PA \n2 ARS - D\u00e9l\u00e9gation d\u00e9partementale de l'ARS en Seine-et-Marne - 75-2023-12-12-00015 - d\u00e9cision tarifaire n\u00b042088 portant modification\npour 2023 du montant et\nde la r\u00e9partition de la dotation globalis\u00e9e commune prevue au contrat\npluriannuel d'objectifs et de moyens de\nmaison de retraite - 77000056049\nsign\u00e9\n770701001 0,00 0,00 0,00 0,00 \nPour 2024, la fraction forfaitaire mensuelle, pour le secteur personnes \u00e2g\u00e9es, \n157 425,20 \u20ac s'\u00e9tablit \nArticle 3 \nArticle 4 \nArticle 5 Les recours contentieux dirig\u00e9s contre la pr\u00e9sente d\u00e9cision doivent \u00eatre port\u00e9s devant \nle Tribunal Interr\u00e9gional de la Tarification Sanitaire et Sociale sis 1, Place du Palais \nRoyal, PARIS, 7 5100 dans un d\u00e9lai d'un mois \u00e0 compter de sa publication ou, pour les \npersonnes auxquelles elle sera notifi\u00e9e, \u00e0 compter de sa notifica tion. \nLa pr\u00e9sente d\u00e9cision sera publi\u00e9e au recueil des actes administratifs \nLa Directrice G\u00e9n\u00e9rale de l' ARS Ile-de-France est charg\u00e9e de l'ex\u00e9cution de la pr\u00e9\u00ad\nsente d\u00e9cision qui sera notifi\u00e9e \u00e0 l'entit\u00e9 gestionnaire MAISON DE RETRAITE \n770000560) et aux structures concern\u00e9es. \nFait \u00e0 Lieusaint, le 12 d\u00e9cembre 2023 \nLa Directrice de la D\u00e9l\u00e9gation D\u00e9partementale de Seine-et-Marne \n3 \u00e0 \nH\u00e9l\n\u00e8ne MARIE\nARS - D\u00e9l\u00e9gation d\u00e9partementale de l'ARS en Seine-et-Marne - 75-2023-12-12-00015 - d\u00e9cision tarifaire n\u00b042088 portant modification\npour 2023 du montant et\nde la r\u00e9partition de la dotation globalis\u00e9e commune prevue au contrat\npluriannuel d'objectifs et de moyens de\nmaison de retraite - 77000056050\nARS - D\u00e9l\u00e9gation d\u00e9partementale de l'ARS en\nSeine-et-Marne\n75-2023-12-12-00013\nd\u00e9cision tarifaire n\u00b042144 portant modification\ndu forfait global de\nsoins pour 2023 de ehpad la residence chateau\nnodet - 770001311\nARS - D\u00e9l\u00e9gation d\u00e9partementale de l'ARS en Seine-et-Marne - 75-2023-12-12-00013 - d\u00e9cision tarifaire n\u00b042144 portant modification\ndu forfait global de\nsoins pour 2023 de ehpad la residence chateau nodet - 77000131151\n@ D Agence  R\u00e9gionale  de Sant\u00e9\nDECISION TARIFAIRE N\u00b042144 PORTANT MODIFICATION DU FORFAIT GLOBAL DE \nSOINS POUR 2023 DE \nEHPAD LA RESIDENCE CHATEAU NODET -77000131 1 \nLa Directrice G\u00e9n\u00e9rale del' ARS Ile-de-France \nVU le Code de l'Action Sociale et des Familles ; \nVU le Code de la S\u00e9curit\u00e9 Sociale ; \nVU la loin\u00b0 2022-1616 du 23 d\u00e9cembre 2022 de financement de la S\u00e9curit\u00e9 Sociale pour 2023 \npubli\u00e9e au Journal Officiel du 24/12/2022 ; \nVU l'arr\u00eat\u00e9 minist\u00e9riel du 20/11/2023 publi\u00e9 au Journal Officiel du 26/11/2023 pris en application \nde l'article L314-3 du Code de l'Action Sociale et des Familles fixant, pour l'ann \u00e9e 2023 \nl'objectif global de d\u00e9penses d'assurance maladie et le montant total de d\u00e9penses pour les \n\u00e9tablissements et services relevant de la Caisse nationale de solidarit\u00e9 pour l'autonomie ; \nVU la d\u00e9cision du 21/11/2023 publi\u00e9e au Journal Officiel du 28/11/2023 relative aux dotations \nr\u00e9giona les limitatives 2023 et \u00e0 la moyenne nationale des besoins en soins requis 2023 ; \nVU l'arr\u00eat\u00e9 du 24/04/2023 fixant pour 2023 les valeurs du point mentionn\u00e9es \u00e0 l'article R.314-\n162 du code de l'action sociale et des familles publi\u00e9 au Journal Officiel du 08/06/2023 ; \nVU le d\u00e9cret du 31 juillet 2021 portant nomination de Madame VERDIER Am\u00e9lie en qualit\u00e9 de \nDirectrice G\u00e9n\u00e9rale de l'agence r\u00e9gionale de sant\u00e9 Ile-de-France ; \nVU l'autorisation ou le renouvellement d'autorisation en date du 23/08/2007 de la structure \nEtablissement d'h\u00e9bergement pour personnes \u00e2g\u00e9es d\u00e9pendantes d\u00e9nomm\u00e9e EHPAD LA \nRESIDENCE CHATEAU NODET (770001311) sise 3 R DU MARECHAL JUIN 77130 \nMONTEREAU FAULT YONNE 77130 Montereau-Fault-Yonne et g\u00e9r\u00e9e par l'entit\u00e9 \nd\u00e9nomm\u00e9e SA ORPEA -SIEGE SOCIAL (920030152) ; \nConsid\u00e9rant la d\u00e9cision tarifaire initiale n\u00b0 23676 en date du 06 juillet 2023 portant fixation du \nforfait global soins pour 2023 de la structure d\u00e9nomm\u00e9e EHP AD LA RESIDENCE \nCHATEAU NODET -7700013 11 \n1 ARS - D\u00e9l\u00e9gation d\u00e9partementale de l'ARS en Seine-et-Marne - 75-2023-12-12-00013 - d\u00e9cision tarifaire n\u00b042144 portant modification\ndu forfait global de\nsoins pour 2023 de ehpad la residence chateau nodet - 77000131152\nArticle 1er\nArticle 2 \nArticle 3 \nArticle 4 \nArticle 5 DECIDE \nA compter du 0 1/01/2023, le forfait global de soins est fix\u00e9 \u00e0 1 571 782,08 \u20ac au titre de \n2023, dont 0,00 \u20ac \u00e0 titre non reconductible. \nLa fraction forfaitaire mensuelle s'\u00e9tablit \u00e0 130 981,84 \u20ac. \nPour 2023, les tarifs sont d\u00e9compos\u00e9s comme suit: \nForfait global de soins \nH\u00e9bergement Permanent 1 511 070,77 \nUHR 0,00 \nPASA 0,00 \nH\u00e9bergement Temporaire 60 711,31 \nAccueil de jour 0,00 Prix de journ\u00e9e ( en \u20ac) \n0,00 \n0 \n0 \n0,00 \n0,00 \nA compter du 1er janvier 2024, en application de l'article L.314- 7 du CASF, le forfait \nglobal de soins est fix\u00e9, \u00e0 titre transitoire, \u00e0 1 571 782,08 \u20ac. \nLes tarifs de reconduction sont fix\u00e9s \u00e0 \nForfait global de soins Prix de journ\u00e9e (en\u20ac) \nH\u00e9bergement Permanent 1 511 070,77 0,00 \nUHR 0,00 0 \nPASA 0,00 0 \nH\u00e9bergement Temporaire 60 711,31 0,00 \nAccueil de jour 0,00 0,00 \nLa fraction forfaitaire mensuelle s'\u00e9tablit \u00e0 130 981,84 \u20ac. \nLes recours contentieux dirig\u00e9s contre la pr\u00e9sente d\u00e9cision doivent \u00eatre port\u00e9s devant le \nTribunal Inte1T\u00e9gional de la Tarification Sanitaire et Sociale sis 1 Place du Palais Royal, \nPARIS, 75100 dans un d\u00e9lai d'un mois \u00e0 compter de sa publication ou, pour les \npersonnes auxquelles elle sera notifi\u00e9e, \u00e0 compter de sa notification. \nLa pr\u00e9sente d\u00e9cision sera publi\u00e9e au recueil des actes administratifs . \nLa Directrice G\u00e9n\u00e9rale del' ARS Ile-de-France est charg\u00e9e de l'ex\u00e9cution de la pr\u00e9sente \nd\u00e9cision qui sera notifi\u00e9e \u00e0 l'entit\u00e9 gestionnaire SA ORPEA -SIEGE SOCIAL \n(920030152) et \u00e0 l'\u00e9tablissement concern\u00e9. \n2 ARS - D\u00e9l\u00e9gation d\u00e9partementale de l'ARS en Seine-et-Marne - 75-2023-12-12-00013 - d\u00e9cision tarifaire n\u00b042144 portant modification\ndu forfait global de\nsoins pour 2023 de ehpad la residence chateau nodet - 77000131153\nsign\nFait \u00e0 Lieusaint, le 12 d\u00e9cembre 2023 \nLa Directrice de la D\u00e9l\u00e9gation d\u00e9partementale de Seine-et-Marne \n3 H\u00e9l\u00e8\nne MARIE\nARS - D\u00e9l\u00e9gation d\u00e9partementale de l'ARS en Seine-et-Marne - 75-2023-12-12-00013 - d\u00e9cision tarifaire n\u00b042144 portant modification\ndu forfait global de\nsoins pour 2023 de ehpad la residence chateau nodet - 77000131154\nARS - D\u00e9l\u00e9gation d\u00e9partementale de l'ARS en\nSeine-et-Marne\n75-2023-12-12-00020\nd\u00e9cision tarifaire n\u00b042187 portant modification\ndu forfait global de\nsoins pour 2023 de\nehp ad les airelles - 770001469\nARS - D\u00e9l\u00e9gation d\u00e9partementale de l'ARS en Seine-et-Marne - 75-2023-12-12-00020 - d\u00e9cision tarifaire n\u00b042187 portant modification\ndu forfait global de\nsoins pour 2023 de\nehp ad les airelles - 77000146955\nAr\n@ D Agence  R\u00e9gionale  de Sant\u00e9\nDECISION TARIFAIRE N\u00b042187 PORTANT MODIFICATION DU FORFAIT GLOBAL DE \nSOINS POUR 2023 DE \nEHP AD LES AIRELLES -770001469 \nLa Directrice G\u00e9n\u00e9rale de l'ARS Ile-de-France \nVU le Code del' Action Sociale et des Familles ; \nVU le Code de la S\u00e9curit\u00e9 Sociale ; \nVU la loi n\u00b0 2022-1616 du 23 d\u00e9cembre 2022 de financement de la S\u00e9curit\u00e9 Sociale pour 2023 \npubli\u00e9e au Journal Officiel du 24/12/2022 ; \nVU l'arr\u00eat\u00e9 minist\u00e9riel du 20/11/2023 publi\u00e9 au Journal Officiel du 26/11/2023 pris en application \nde l'article L314-3 du Code de l'Action Sociale et des Familles fixant, pour l'ann\u00e9e 2023 \nl'objectif global de d\u00e9penses d'assurance maladie et le montant total de d\u00e9penses pour les \n\u00e9tablissements et services relevant de la Caisse nationale de solidarit\u00e9 pour l'autonomie ; \nVU la d\u00e9cision du 21/11/2023 publi\u00e9e au Journal Officiel du 28/11/2023 relative aux dotations \nr\u00e9gional es limitatives 2023 et \u00e0 la moyenne nationale des besoins en soins requis 2023 ; \nVU l'arr\u00eat\u00e9 du 24/04/2023 fixant pour 2023 les valeurs du point mentionn\u00e9es \u00e0 l'article R.314-\n162 du code de l'action sociale et des familles publi\u00e9 au Journal Officiel du 08/06/2023 ; \nVU le d\u00e9cret du 31 juillet 2021 portant nomination de Madame VERDIER Am\u00e9lie en qualit\u00e9 de \nDirectrice G\u00e9n\u00e9rale de l'agence r\u00e9gionale de sant\u00e9 Ile-de-France ; \nVU l'autorisation ou le renouvellement d'autorisation en date du 03/01/2017 de la structure \nEtablissement d'h\u00e9bergement pour personnes \u00e2g\u00e9es d\u00e9pendantes d\u00e9nomm\u00e9e EHP AD LES \nAIRELLES (770001469) sise 14 AV CONSTANT COQUELIN 77860 COUILLY PONT \nAUX DAMES 77860 Couilly-Pont-aux-Dames et g\u00e9r\u00e9e par l'entit\u00e9 d\u00e9nomm\u00e9e SAS \nCOUILLY (750059776) ; \nConsid\u00e9rant la d\u00e9cision tarifaire initiale n\u00b0 23208 en date du 04 juillet 2023 portant fixation du \nforfait global soins pour 2023 de la structure d\u00e9nomm\u00e9e EHP AD LES AIRELLES -\n770001469 \n1 ARS - D\u00e9l\u00e9gation d\u00e9partementale de l'ARS en Seine-et-Marne - 75-2023-12-12-00020 - d\u00e9cision tarifaire n\u00b042187 portant modification\ndu forfait global de\nsoins pour 2023 de\nehp ad les airelles - 77000146956\nArticle 1er \nArticle 2 \nArticle 3 \nArticle 4 \nArticle 5 DECIDE \nA compter du 01/01/2023, le forfait global de soins est fix\u00e9 \u00e0 320 949,34 \u20ac au titre de \n2023, dont -230 267,62 \u20ac \u00e0 titre non reconductible. \nLa fraction forfaitaire mensuelle s'\u00e9tablit \u00e0 26 745,78 \u20ac. \nPour 2023, les tarifs sont d\u00e9compos\u00e9s comme suit : \nForfait global de soins \nH\u00e9bergement Permanent 320 949,34 \nUHR 0,00 \nPASA 0,00 \nH\u00e9bergement Temporaire 0,00 \nAccueil de jour 0,00 Prix de journ\u00e9e (en\u20ac) \n0,00 \n0 \n0 \n0,00 \n0,00 \nA compter du 1er janvier 2024, en application de l'article L.314- 7 du CASF, le forfait \nglobal de soins est fix\u00e9, \u00e0 titre transitoire, \u00e0 551 216,96 \u20ac. \nLes tarifs de reconduction sont fix\u00e9s \u00e0 : \nForfait global de soins Prix de journ\u00e9e (en\u20ac) \nH\u00e9bergement Permanent 551 216,96 0,00 \nUHR 0,00 0 \nPASA 0,00 0 \nH\u00e9bergement Temporaire 0,00 0,00 \nAccueil de jour 0,00 0,00 \nLa fraction forfaitaire mensuelle s'\u00e9tablit \u00e0 45 934,75 \u20ac. \nLes recours contentieux dirig\u00e9s contre la pr\u00e9sente d\u00e9cision doivent \u00eatre port\u00e9s devant le \nTribunal Interr\u00e9gional de la Tarification Sanitaire et Sociale sis 1 Place du Palais Royal, \nPARIS, 75100 dans un d\u00e9lai d'un mois \u00e0 compter de sa publication ou, pour les \npersonnes auxquelles elle sera notifi\u00e9e, \u00e0 compter de sa notification. \nLa pr\u00e9sente d\u00e9cision sera publi\u00e9e au recueil des actes administratifs . \nLa Directrice G\u00e9n\u00e9rale del' ARS Ile-de-France est charg\u00e9e de l'ex\u00e9cution de la pr\u00e9sente \nd\u00e9cision qui sera notifi\u00e9e \u00e0 l'entit\u00e9 gestionnaire SAS COUILLY (750059776) et \u00e0 \nl'\u00e9tablissement concern\u00e9. \n2 ARS - D\u00e9l\u00e9gation d\u00e9partementale de l'ARS en Seine-et-Marne - 75-2023-12-12-00020 - d\u00e9cision tarifaire n\u00b042187 portant modification\ndu forfait global de\nsoins pour 2023 de\nehp ad les airelles - 77000146957\n_ partementale  de seine-et-Marne\nsign\u00e9\nRIE\nFait \u00e0 Lieusaint, le 12 d\u00e9cembre 2023 \nLa Directrice de la D\u00e9l\u00e9gation d\u00e9partementale de seine-et-Marne \n3       \nH\u00e9l\u00e8ne MARIE\nARS - D\u00e9l\u00e9gation d\u00e9partementale de l'ARS en Seine-et-Marne - 75-2023-12-12-00020 - d\u00e9cision tarifaire n\u00b042187 portant modification\ndu forfait global de\nsoins pour 2023 de\nehp ad les airelles - 77000146958\nARS - D\u00e9l\u00e9gation d\u00e9partementale de l'ARS en\nSeine-et-Marne\n75-2023-12-12-00014\nd\u00e9cision tarifaire n\u00b042220 portant modification\ndu forfait global de\nsoins pour 2023 de\nehp ad residence villa louise - 770000081\nARS - D\u00e9l\u00e9gation d\u00e9partementale de l'ARS en Seine-et-Marne - 75-2023-12-12-00014 - d\u00e9cision tarifaire n\u00b042220 portant modification\ndu forfait global de\nsoins pour 2023 de\nehp ad residence villa louise - 77000008159\nAr\n@ D Agence  R\u00e9gionale  de Sant\u00e9\nDECISION TARJFAIRE N\u00b042220 PORTANT MODIFICATION DU FORFAIT GLOBAL DE \nSOINS POUR 2023 DE \nEHP AD RESIDENCE VILLA LOUISE -770000081 \nLa Directrice G\u00e9n\u00e9 rale de l' ARS Ile-de-France \nVU le Code de l'Action Sociale et des Familles ; \nVU le Code de la S\u00e9curit\u00e9 Sociale ; \nVU la loin\u00b0 2022-1616 du 23 d\u00e9cembre 2022 de financement de la S\u00e9curit\u00e9 Sociale pour 2023 \npubli\u00e9e au Journal Officiel du 24/12/2022 ; \nVU l'arr\u00eat\u00e9 minist\u00e9riel du 20/11/2023 publi\u00e9 au Journal Officiel du 26/11/2023 pris en application \nde l'article L314-3 du Code de l'Action Sociale et des Familles fixant, pour l'ann\u00e9e 2023 \nl'objectif global de d\u00e9penses d'assurance maladie et le montant total de d\u00e9penses pour les \n\u00e9tablissements et services relevant de la Caisse nationale de solidarit\u00e9 pour l'autonomie ; \nVU la d\u00e9cision du 21/11/2023 publi\u00e9e au Journal Officiel du 28/11/2023 relative aux dotations \nr\u00e9gionales limitatives 2023 et \u00e0 la moyenne nationale des besoins en soins requis 2023 ; \nVU l'arr\u00eat\u00e9 du 24/04/2023 fixant pour 2023 les valeurs du point mentionn\u00e9es \u00e0 l'article R.314-\n162 du code de l'action sociale et des familles publi\u00e9 au Journal Officiel du 08/06/2023 ; \nVU le d\u00e9cret du 31 juillet 2021 portant nomination de Madame VERDIER Am\u00e9lie en qualit\u00e9 de \nDirectrice G\u00e9n\u00e9rale de l'agence r\u00e9gionale de sant\u00e9 Ile-de-France ; \nVU l'autorisation ou le renouvellement d'autorisation en date du 03/01/2017 de la structure \nEtablissement d'h\u00e9bergement pour personnes \u00e2g\u00e9es d\u00e9pendantes d\u00e9nomm\u00e9e EHP AD \nRESIDENCE VILLA LOUISE (770000081) sise 90 R AIME CESAIRE 77240 VERT ST \nDENIS 77240 Vert-Saint-Denis et g\u00e9r\u00e9e par l'entit\u00e9 d\u00e9nomm\u00e9e SAS RESIDENCE VILLA \nLOUISE (770015550) ; \nConsid\u00e9rant la d\u00e9cision tarifaire initiale n\u00b0 24288 en date du 06 juillet 2023 portant fixation du \nforfait global soins pour 2023 de la structure d\u00e9nomm\u00e9e EHP AD RESIDENCE \nVILLA LOUISE -770000081 \n1 ARS - D\u00e9l\u00e9gation d\u00e9partementale de l'ARS en Seine-et-Marne - 75-2023-12-12-00014 - d\u00e9cision tarifaire n\u00b042220 portant modification\ndu forfait global de\nsoins pour 2023 de\nehp ad residence villa louise - 77000008160\nArticle 1er \nArticle 2 \nArticle 3 \nArticle 4 \nArticle 5 DECIDE \nA compter du 01/01/2023, le forfait global de soins est fix\u00e9 \u00e0 1 246 171,98 \u20ac au titre de \n2023, dont -203 526, 77 \u20ac \u00e0 titre non reconductible. \nLa fraction forfaitaire mensuelle s'\u00e9tablit \u00e0 103 847,67 \u20ac. \nPour 2023, les tarifs sont d\u00e9compos\u00e9s comme suit: \nForfait global de soins \nH\u00e9bergement Permanent 1246171,98 \nUHR 0,00 \nPASA 0,00 \nH\u00e9bergement Temporaire 0,00 \nAccueil de jour 0,00 Prix de journ\u00e9e ( en \u20ac) \n0,00 \n0 \n0 \n0,00 \n0,00 \nA compter du 1er janvier 2024, en application de l'article L.314-7 du CASF, le forfait \nglobal de soins est fix\u00e9, \u00e0 titre transitoire, \u00e0 1 449 698,75 \u20ac. \nLes tarifs de reconduction sont fix\u00e9s \u00e0 \nForfait global de soins Prix de journ\u00e9e ( en \u20ac) \nH\u00e9bergement Permanent 1 449 698,75 0,00 \nUHR 0,00 0 \nPASA 0,00 0 \nH\u00e9bergement Temporaire 0,00 0,00 \nAccueil de jour 0,00 0,00 \nLa fraction forfaitaire mensuelle s'\u00e9tablit \u00e0 120 808,23 \u20ac. \nLes recours contentieux dirig\u00e9s contre la pr\u00e9sente d\u00e9cision doivent \u00eatre port\u00e9s devant le \nTribunal Interr\u00e9gional de la Tarification Sanitaire et Sociale sis 1 Place du Palais Royal, \nPARIS, 75100 dans un d\u00e9lai d'un mois \u00e0 compter de sa publication ou, pour les \npersonnes auxquelles elle sera notifi\u00e9e, \u00e0 compter de sa notification. \nLa pr\u00e9sente d\u00e9cision sera publi\u00e9e au recueil des actes admin istratifs . \nLa Directrice G\u00e9n\u00e9rale de !'ARS Ile-de-France est charg\u00e9e de l'ex\u00e9cution de la pr\u00e9sente \nd\u00e9cision qui sera notifi\u00e9e \u00e0 l'entit\u00e9 gestionnaire SAS RESIDENCE VILLA LOUISE \n(770015550) et \u00e0 l'\u00e9tablissement concern\u00e9. \n2 ARS - D\u00e9l\u00e9gation d\u00e9partementale de l'ARS en Seine-et-Marne - 75-2023-12-12-00014 - d\u00e9cision tarifaire n\u00b042220 portant modification\ndu forfait global de\nsoins pour 2023 de\nehp ad residence villa louise - 77000008161\nsign\n[E\nFait \u00e0 Lieusaint, le 12 d\u00e9cembre 2023 \nLa Directrice de la D\u00e9l\u00e9gation d\u00e9partementale de Seine-et-Marne \n3 H\u00e9l\u00e8ne MARIE\nARS - D\u00e9l\u00e9gation d\u00e9partementale de l'ARS en Seine-et-Marne - 75-2023-12-12-00014 - d\u00e9cision tarifaire n\u00b042220 portant modification\ndu forfait global de\nsoins pour 2023 de\nehp ad residence villa louise - 77000008162\nARS - D\u00e9l\u00e9gation d\u00e9partementale de l'ARS en\nSeine-et-Marne\n75-2023-12-12-00017\nd\u00e9cision tarifaire n\u00b042278 portant modification\npour 2023 du montant et\nde la r\u00e9partition de la dotation globalis\u00e9e\ncommune prevue au contrat\npluriannuel d'objectifs et de moyens de\netab medico-social public - 770000537\nARS - D\u00e9l\u00e9gation d\u00e9partementale de l'ARS en Seine-et-Marne - 75-2023-12-12-00017 - d\u00e9cision tarifaire n\u00b042278 portant modification\npour 2023 du montant et\nde la r\u00e9partition de la dotation globalis\u00e9e commune prevue au contrat\npluriannuel d'objectifs et de moyens de\netab medico-social public - 77000053763\nAr\n@ D Agence  R\u00e9gionale  de Sant\u00e9\nUEL\nDECISION TARIFAIRE N\u00b042278 PORTANT MODIFICATION POUR 2023 DU MONTANT ET \nDE LA REPART ITION DE LA DOTATION GLOBALISEE COMMUNE PREVUE AU CONTR AT \nPLURIANNUEL D'OBJECTIFS ET DE MOYENS DE \nETAB MEDICO-SOCIAL PUBLIC -770000537 \nPOUR LES ETABLISSEMENTS ET SERVICES SUIVANTS \nEtablissement d'h\u00e9bergement pour personnes \u00e2g\u00e9es d\u00e9pendantes -EHP AD LA CHOCOLATIERE -\n770700961 \nLa Directrice G\u00e9n\u00e9rale del' ARS Ile-de-France \nVU le Code de l'Action Sociale et des Familles ; \nVU le Code de la S\u00e9curit\u00e9 Sociale ; \nVU la loi n\u00b0 2022 -1616 du 23 d\u00e9cembre 2022 de financement de la S\u00e9curit\u00e9 Sociale pour \n2023 publi\u00e9e au Journal Officiel du 24/12/2022 ; \nVU l'arr\u00eat\u00e9 minist\u00e9riel du 20/11/2023 publi\u00e9 au Journal Officiel du 26/11/2023 pris en ap\u00ad\nplication de l'article L314-3 du Code de l'Action Sociale et des Familles fixant, pour \nl'ann\u00e9e 2023 l'objectif global de d\u00e9penses d'assurance maladie et le montant total de \nd\u00e9penses pour les \u00e9tablissements et services relevant de la Caisse nationale de solidarit\u00e9 \npour l'autonomie ; \nVU la d\u00e9cision du 21/11/2023 publi\u00e9e au Journal Officiel du 28/11/2023 relative aux dota\u00ad\ntions r\u00e9gionales limitatives 2023 et \u00e0 la moyenne nationale des besoins en soins requis \n2023; \nVU l'arr\u00eat\u00e9 du 24/04/2023 fixant pour 2023 les valeurs du point mentionn\u00e9es \u00e0 l'article \nR.314-162 du code de l'action sociale et des familles publi\u00e9 au Journal Officiel du\n08/06/2023 ;\nVU le d\u00e9cret du 31 juillet 2021 portant nomination de Madame, VERDIER, Am\u00e9lie en qua\u00ad\nlit\u00e9 de Directrice G\u00e9n\u00e9rale de l'agence r\u00e9gionale de sant\u00e9 Ile-de-France ; \nVU Le Contrat pluriannuel d'Objectifs et de moyens conclu le 07/07/2020 prenant effet au \n01/01/2020; \nConsid\u00e9rant la d\u00e9cision tarifaire initiale n\u00b0 24934 en date du 07 juillet 2023 \nDECIDE \n1 ARS - D\u00e9l\u00e9gation d\u00e9partementale de l'ARS en Seine-et-Marne - 75-2023-12-12-00017 - d\u00e9cision tarifaire n\u00b042278 portant modification\npour 2023 du montant et\nde la r\u00e9partition de la dotation globalis\u00e9e commune prevue au contrat\npluriannuel d'objectifs et de moyens de\netab medico-social public - 77000053764\nArticle 1er A compter du 01/01/2023 a u titre de 2023, la dotation globalis\u00e9e commune des \n\u00e9tablissements et services m\u00e9\u00add ico-soci aux financ\u00e9s par !'Assurance Maladie, g\u00e9r\u00e9s \npar l'entit\u00e9 d\u00e9nomm\u00e9e ETAB MEDICO-SOCIAL PUBLIC (770000537), a \u00e9t\u00e9 fix\u00e9e \n\u00e0 2 595 392,13 \u20ac, dont 0,00 \u20ac \u00e0 titre non reconductible. \nElle se r\u00e9partit de la mani\u00e8re suivante, les prix de journ\u00e9e \u00e0 compter de 01 /01/2023 \n\u00e9tant \u00e9galement mentionn\u00e9s. \n-personnes \u00e2g\u00e9es : 2 595 392,13 \u20ac\nFINESS \n770700961 \nFINESS \n770700961 H\u00e9berge-\nment per- UHR \nmanent \n2 496 980,5 0,00 4 \nH\u00e9bergement per-\nmanent \n0,00 Dotations ( en \u20ac) \nH\u00e9berge-Accueil de PASA ment tempo-jour SSIAD \nraire \n98411,59 0,00 0,00 0,00 \nPrix de journ\u00e9e ( en \u20ac) \nH\u00e9bergement tem-Accueil de jour SSIAD PA pora1re \n0,00 0,00 0,00 \nPour 2023, la fraction forfaitaire mensuelle, pour le secteur personnes \u00e2g\u00e9es, s'\u00e9tablit \u00e0 \n216 282,68 \u20ac. \nArticle 2 A compter du 1er janvier 2024, en application de l'article L.314-7 du CASF, la dotation \nglobalis\u00e9e commune s'\u00e9l\u00e8ve, \u00e0 titre transitoire, \u00e0 2 595 392,13 \u20ac. Elle se r\u00e9partit de la \nmani\u00e8re suivante, les prix de journ\u00e9e de reconduction \u00e9tant \u00e9galement mentionn\u00e9s : \n-personnes \u00e2g\u00e9es : 2 595 392,13 \u20ac\nDotations ( en \u20ac) \nH\u00e9berge- H\u00e9berge-Accueil de FINESS ment perma- UHR PASA ment tempo-jour SSIAD \nnent raire \n770700961 2 496 980,54 0,00 98 411,59 0,00 0,00 0,00 \nPrix de journ\u00e9e ( en \u20ac) \n2 ARS - D\u00e9l\u00e9gation d\u00e9partementale de l'ARS en Seine-et-Marne - 75-2023-12-12-00017 - d\u00e9cision tarifaire n\u00b042278 portant modification\npour 2023 du montant et\nde la r\u00e9partition de la dotation globalis\u00e9e commune prevue au contrat\npluriannuel d'objectifs et de moyens de\netab medico-social public - 77000053765\nsig?\nFINESS H\u00e9bergement per- H\u00e9bergement Accueil de jour SSIAD PA manent temporaire \n770700961 0,00 0,00 0,00 0,00 \nPour 2024, la fraction forfaitaire mensuelle, pour le secteur personnes \u00e2g\u00e9es, s'\u00e9tablit \u00e0 \n216 282,68 \u20ac \nArticle 3 \nArticle 4 \nArticle 5 Les recours contentieux dirig\u00e9s contre la pr\u00e9sente d\u00e9cision doivent \u00eatre port\u00e9s devant \nle Tribunal Interr\u00e9gional de la Tarification Sanitaire et Sociale sis 1, Place du Palais \nRoyal, PARIS, 75100 dans un d\u00e9lai d'un mois \u00e0 compter de sa publication ou, pour les \npersonnes auxquelles elle sera notifi\u00e9e, \u00e0 compter de sa notification. \nLa pr\u00e9sente d\u00e9cision sera publi\u00e9e au recueil des actes administratifs . \nLa Directrice G\u00e9n\u00e9rale de l' ARS Ile-de-France est charg\u00e9e de l'ex\u00e9cution de la pr\u00e9\u00ad\nsente d\u00e9cision qui sera notifi\u00e9e \u00e0 l'entit\u00e9 gestionnaire ETAB MEDICO-SOCIAL PU\u00ad\nBLIC 770000537) et aux structures concern\u00e9es. \nFait \u00e0 Lieusaint, le 12 d\u00e9cembre 2023 \nLa Directrice de la D\u00e9l\u00e9gation D\u00e9partementale de Seine-et-Marne \n3 H\u00e9l\u00e8ne MARIE\nARS - D\u00e9l\u00e9gation d\u00e9partementale de l'ARS en Seine-et-Marne - 75-2023-12-12-00017 - d\u00e9cision tarifaire n\u00b042278 portant modification\npour 2023 du montant et\nde la r\u00e9partition de la dotation globalis\u00e9e commune prevue au contrat\npluriannuel d'objectifs et de moyens de\netab medico-social public - 77000053766\nARS - D\u00e9l\u00e9gation d\u00e9partementale de l'ARS en\nSeine-et-Marne\n75-2023-12-13-00006\nD\u00e9cision tarifaire n\u00b042398 portant fixation de la\ndotation globale de soins pour 2023 de ssiad\nadmr de l'auxence - 770000065\nARS - D\u00e9l\u00e9gation d\u00e9partementale de l'ARS en Seine-et-Marne - 75-2023-12-13-00006 - D\u00e9cision tarifaire n\u00b042398 portant fixation de la\ndotation globale de soins pour 2023 de ssiad admr de l'auxence - 770000065 67\nAr\n@ D Agence  R\u00e9gionale  de Sante\nDECISION TARIFAIRE N\u00b042398 PORTANT FIXATION DE LA DOTATION GLOBALE DE \nSOINS POUR 2023 DE \nSSIAD ADMR DE L'AUXENCE -770000065 \nLa Directrice G\u00e9n\u00e9rale del' ARS Ile-de-France \nVU le Code del' Action Sociale et des Familles ; \nVU le Code de la S\u00e9curit\u00e9 Sociale ; \nVU la loi n\u00b0 2022-1616 du 23 d\u00e9cembre 2022 de financement de la S\u00e9curit\u00e9 Sociale pour 2023 \npubli\u00e9e au Journal Officiel du 24/12/2022 ; \nVU l'arr\u00eat\u00e9 minist\u00e9riel du 20/11/2023 publi\u00e9 au Journal Officiel du 26/11/2023 pris en application \nde l'article L314-3 du Code de l'Action Sociale et des Familles fixant, pour l'ann\u00e9e 2023 \nl'objectif global de d\u00e9penses d'assurance maladie et le montant total de d\u00e9penses pour les \n\u00e9tablissements et services relevant de la Caisse nationale de solidarit\u00e9 pour l'autonomie; \nVU la d\u00e9cis ion du 21/11/2023 publi\u00e9e au Journal Officiel du 28/11/2023 relative aux dotations \nr\u00e9gionales limitatives 2023 et \u00e0 la moyenne nationale des besoins en soins requis 2023 ; \nVU Le d\u00e9cret n\u00b0 2023-323 relatif \u00e0 la tarification des soins infirmiers \u00e0 domicile pour les personnes \n\u00e2g\u00e9es et personnes handicap\u00e9es publi\u00e9 au Journal Officiel du 28 avril 2023 ; \nVU L'arr\u00eat\u00e9 du 25 ao\u00fbt 2023 fixant pour 2023 les montants forfaitaires mentionn\u00e9s aux II et III de \nl'article R. 3 14-13 8 du code de l'action sociale et des familles et le taux de revalorisation des \nproduits de la tarification reconductibles aff\u00e9rents aux soins applicables aux services proposant \ndes prestations de soins infirmiers \u00e0 domicile pour les personnes \u00e2g\u00e9es et les personnes en \nsituation de handicap ; \nVU le d\u00e9cret du 31 juillet 2021 portant nomination de Madame, VERDIER, Am\u00e9lie en qualit\u00e9 de \nDirectrice G\u00e9n\u00e9rale de l'agence r\u00e9gionale de sant\u00e9 Ile-de-France ; \nVU l'autorisation ou le renouvellement d'autorisation en date du 03/01/2017 de la structure \nService de Soins Infirmiers A Domicile (S.S.I.A.D) d\u00e9nomm\u00e9e SSIAD ADMR DE \nL'AUXENCE (770000065) sise 3 R RADEPONT 77520 DONNEMARIE DONTILLY \n77520 Donnemarie-Dontilly et g\u00e9r\u00e9e par l'entit\u00e9 d\u00e9nomm\u00e9e ADMR DE L'AUXENCE \n(770812410); \nDECIDE 1 \nArticle 1er A compter du O 1/01/2023, la dotation globale de soins est fix\u00e9e \u00e0 1 436 369,34 \u20ac au titre\nde 2023 dont 0,00 \u20ac \u00e0 titre non reconductible. Elle se r\u00e9partit comme suit : \n-pour l'accueil de personnes \u00e2g\u00e9es : 1 368 948,49 \u20ac (fraction forfaitaire s'\u00e9levant \u00e0\n114 079,04 \u20ac). Le prix de journ\u00e9e est fix\u00e9 \u00e0 0,00 \u20ac.\n1 ARS - D\u00e9l\u00e9gation d\u00e9partementale de l'ARS en Seine-et-Marne - 75-2023-12-13-00006 - D\u00e9cision tarifaire n\u00b042398 portant fixation de la\ndotation globale de soins pour 2023 de ssiad admr de l'auxence - 770000065 68\nArticle 2 \nArticle 3 \nArticle 4 \nArticle 5 - pour l'accueil de personnes handicap\u00e9es : 67 420,85 \u20ac (fraction forfaitaire s'\u00e9levant \u00e0\n5 618,40 \u20ac). Le prix de journ\u00e9e est fix\u00e9 \u00e0 0,00 \u20ac.\nA compter du 1er janvier 2024, en application de l'article L.314-7 du CASF, la dotation \nglobale de soins est fix\u00e9e, \u00e0 titre transitoire, \u00e0 1 496 369,34\u20ac : \npour l'accueil de personnes \u00e2g\u00e9es : 1 428 948,49 \u20ac (douzi\u00e8me applicable s'\u00e9levant \n\u00e0 119 079,04 \u20ac). Le prix de journ\u00e9e de reconduction est fix\u00e9 \u00e0 0,00 \u20ac. \npour l'accueil de personnes handicap\u00e9es: 67 420,85 \u20ac (douzi\u00e8me applicable \ns'\u00e9levant \u00e0 5 618,40 \u20ac). Le prix de journ\u00e9e de reconduction est fix\u00e9 \u00e0 0,00 \u20ac. \nLes recours contentieux dirig\u00e9s contre la pr\u00e9sente d\u00e9cision doivent \u00eatre port\u00e9s devant le \nTribunal Interr\u00e9gional de la Tarification Sanitaire et Sociale sis 1, Place du Palais Royal, \nPARIS, 75100 dans un d\u00e9lai d'un mois \u00e0 compter de sa publication ou, pour les \npersonnes auxquelles elle sera notifi\u00e9e, \u00e0 compter de sa notification. \nLa pr\u00e9sente d\u00e9cision sera publi\u00e9e au recueil des actes administratifs. \nLa Directrice G\u00e9n\u00e9rale de l' ARS Ile-de-France est charg\u00e9(e) de l'ex\u00e9cution de la \npr\u00e9sente d\u00e9cision qui sera notifi\u00e9e \u00e0 l'entit\u00e9 gestionnaire ADMR DE L'AUXENCE \n(770812410) et \u00e0 l'\u00e9tablissement concern\u00e9. \nFait \u00e0 LIEUSAINT, Le 13 d\u00e9cembre 2023 \n2 La Directrice de la D\u00e9l\u00e9gation d\u00e9partementale de Seine-et-Marne      \nH\u00e9l\u00e8ne MARIE\nARS - D\u00e9l\u00e9gation d\u00e9partementale de l'ARS en Seine-et-Marne - 75-2023-12-13-00006 - D\u00e9cision tarifaire n\u00b042398 portant fixation de la\ndotation globale de soins pour 2023 de ssiad admr de l'auxence - 770000065 69\nDirection r\u00e9gionale et interd\u00e9partementale de\nl'environnement, de l'am\u00e9nagement et des\ntransports d'\u00cele-de-France\n75-2024-08-02-00005\nArr\u00eat\u00e9 interpr\u00e9fectoral       \nmodifiant l'arr\u00eat\u00e9 interpr\u00e9fectoral\nn\u00b02016-DRIEE-141 portant cr\u00e9ation de la\ncommission d\u00e9partementale des risques naturels\nmajeurs de Paris\nDirection r\u00e9gionale et interd\u00e9partementale de l'environnement, de l'am\u00e9nagement et des transports d'\u00cele-de-France -\n75-2024-08-02-00005 - Arr\u00eat\u00e9 interpr\u00e9fectoral       \nmodifiant l'arr\u00eat\u00e9 interpr\u00e9fectoral n\u00b02016-DRIEE-141 portant cr\u00e9ation de la commission d\u00e9partementale des risques naturels majeurs\nde Paris70\nPREFET\nDE PARIS\nLibert\u00e9\nEgalit\u00e9\nFraternit\u00e9Eu\nPREFECTURE\nDE POLICE\nLibert\u00e9\nEgalit\u00e9\nFraternit\u00e9fen\nDirection r\u00e9gionale et interd\u00e9partementale \nde l'environnement, de l'am\u00e9nagement et \ndes transports d'\u00cele-de-France\nARR\u00caT\u00c9 INTERPR\u00c9FECTORAL                  \nmodifiant l'arr\u00eat\u00e9 interpr\u00e9fectoral n\u00b02016-DRIEE-14 1 portant cr\u00e9ation de la commission\nd\u00e9partementale des risques naturels majeurs de Paris\nLE PR\u00c9FET DE LA R\u00c9GION \u00ceLE-DE-FRANCE,\nPR\u00c9FET DE PARIS,\nCOMMANDEUR DE LA L\u00c9GION D'HONNEUR\nOFFICIER DE L'ORDRE NATIONAL DU M\u00c9RITE\nLE PR\u00c9FET DE POLICE,\nPR\u00c9FET DE LA ZONE DE DEFENSE ET DE SECURITE DE PARI S,\nOFFICIER DE LA L\u00c9GION D'HONNEUR\nOFFICIER DE L'ORDRE NATIONAL DU M\u00c9RITE\nVu le Code de l'environnement et notamment ses articl es L.\u00a0565-2, R.\u00a0565-5 \u00e0 R.\u00a0565-7\u00a0;\nVu le Code des relations entre le public et l'adminis tration et notamment ses articles R*133-1 \u00e0 R*133-1 5\nrelatifs aux commissions administratives \u00e0 caract\u00e8r e consultatif\u00a0;\nVu le d\u00e9cret du 22 juillet 2020 portant nomination de Monsieur Marc Guillaume, en qualit\u00e9 de Pr\u00e9fet de\nla R\u00e9gion d'\u00cele-de-France, Pr\u00e9fet de Paris (hors cl asse) ;\nVu le d\u00e9cret du 20 juillet 2022 portant nomination du  pr\u00e9fet de police, Monsieur Nunez Laurent\u00a0;\nVu l'arr\u00eat\u00e9 interpr\u00e9fectoral n\u00b02016-DRIEE-141 portant  cr\u00e9ation de la commission d\u00e9partementale des\nrisques naturels majeurs de Paris\u00a0;\nConsid\u00e9rant  la n\u00e9cessit\u00e9 de modifier la composition de la comm ission d\u00e9partementale des risques\nnaturels majeurs de Paris en raison de l'\u00e9volution des structures qui la composent et du statut de ces\nderni\u00e8res\u00a0;\nSur  proposition de Madame la directrice r\u00e9gionale et in terd\u00e9partementale de l'environnement, de\nl'am\u00e9nagement et des transports d'\u00cele-de-France\u00a0;\nARR\u00caTENT\nArticle 1er \u00a0: L'article 2 de l'arr\u00eat\u00e9 pr\u00e9fectoral n\u00b02016-DRIEE -141 sus-vis\u00e9 est remplac\u00e9 comme suit\u00a0:\n\u00ab\u00a0La commission d\u00e9partementale des risques naturels  majeurs de Paris est pr\u00e9sid\u00e9e par le pr\u00e9fet de\nParis ou son repr\u00e9sentant et, lorsque les affaires examin\u00e9es rel\u00e8vent de ses attributions, par le pr\u00e9f et de\npolice ou son repr\u00e9sentant.\nLa commission comprend trois coll\u00e8ges comportant ch acun neuf repr\u00e9sentants.\n1/  un  coll\u00e8ge  des  repr\u00e9sentants  \u00e9lus  des  collectivi t\u00e9s  territoriales,  des  \u00e9tablissements  publics  de\ncoop\u00e9ration intercommunale et des \u00e9tablissements pu blics territoriaux de bassin situ\u00e9s en tout ou\npartie dans le d\u00e9partement\u00a0:\n1/3\nDirection r\u00e9gionale et interd\u00e9partementale de l'environnement, de l'am\u00e9nagement et des transports d'\u00cele-de-France -\n75-2024-08-02-00005 - Arr\u00eat\u00e9 interpr\u00e9fectoral       \nmodifiant l'arr\u00eat\u00e9 interpr\u00e9fectoral n\u00b02016-DRIEE-141 portant cr\u00e9ation de la commission d\u00e9partementale des risques naturels majeurs\nde Paris71\n\u20226 repr\u00e9sentants \u00e9lus de la ville de Paris ;\n\u2022Monsieur le pr\u00e9sident de la m\u00e9tropole du Grand Pari s ou son repr\u00e9sentant ;\n\u2022Madame la pr\u00e9sidente du conseil r\u00e9gional d'\u00cele-de-F rance ou son repr\u00e9sentant ;\n\u2022Monsieur  le  pr\u00e9sident  de  l'\u00e9tablissement  public  ter ritorial  Seine  grands  lacs  ou  son\nrepr\u00e9sentant ;\n2/ un coll\u00e8ge des repr\u00e9sentants des organisations p rofessionnelles, des organismes consulaires et des\nassociations  int\u00e9ress\u00e9s,  ainsi  que  des  repr\u00e9sentant s  des  assurances,  des  notaires,  de  la  propri\u00e9t\u00e9\nfonci\u00e8re et foresti\u00e8re et des personnalit\u00e9s qualifi \u00e9es\u00a0:\n\u2022Monsieur le directeur r\u00e9gional d'ENEDIS Ile-de-Fran ce Est ou son repr\u00e9sentant ;\n\u2022Monsieur le pr\u00e9sident-directeur g\u00e9n\u00e9ral de la soci\u00e9 t\u00e9 nationale des chemins de fer fran\u00e7ais ou\nson repr\u00e9sentant ;\n\u2022Monsieur le pr\u00e9sident de la chambre de commerce et d'industrie de Paris Ile-de-France ou son\nrepr\u00e9sentant\u00a0;\n\u2022Monsieur le pr\u00e9sident de la chambre des m\u00e9tiers et de l'artisanat de Paris ou son repr\u00e9sentant\n;\n\u2022Madame la pr\u00e9sidente de la f\u00e9d\u00e9ration fran\u00e7aise de l'assurance ou son repr\u00e9sentant ;\n\u2022Monsieur le pr\u00e9sident de la chambre interd\u00e9partemen tale des notaires de Paris ou de son\nrepr\u00e9sentant ;\n\u2022Monsieur le pr\u00e9sident de l'association de France na ture environnement Ile-de-France ou son\nrepr\u00e9sentant ;\n\u2022Monsieur le directeur g\u00e9n\u00e9ral de l'atelier parisien  d'urbanisme ou son repr\u00e9sentant ;\n\u2022Monsieur l'inspecteur g\u00e9n\u00e9ral des carri\u00e8res de la v ille de Paris ou son repr\u00e9sentant ;\n3/ un coll\u00e8ge des repr\u00e9sentants des administrations  et des \u00e9tablissements publics de l'\u00c9tat int\u00e9ress\u00e9s \u00a0:\n\u2022Monsieur le pr\u00e9fet de la r\u00e9gion d'\u00cele-de-France, pr \u00e9fet de Paris, ou son repr\u00e9sentant (lorsqu'il\nne pr\u00e9side pas la commission) ;\n\u2022Monsieur le pr\u00e9fet de police ou son repr\u00e9sentant (l orsqu'il ne pr\u00e9side pas la commission) ;\n\u2022Monsieur  le  g\u00e9n\u00e9ral  commandant  la  brigade  de  sapeur s-pompiers  de  Paris  ou  son\nrepr\u00e9sentant ;\n\u2022Monsieur le recteur de l'acad\u00e9mie de Paris ou son r epr\u00e9sentant ;\n\u2022Madame  la  directrice  r\u00e9gionale  et  interd\u00e9partementa le  de  l'environnement,  de\nl'am\u00e9nagement et des transports d'\u00cele-de-France ou son repr\u00e9sentant ;\n\u2022Monsieur le pr\u00e9sident-directeur g\u00e9n\u00e9ral de la r\u00e9gie  autonome des transports parisiens ou son\nrepr\u00e9sentant ;\n\u2022Monsieur le directeur territorial du bassin de la S eine de voies navigables de France ou son\nrepr\u00e9sentant ;\n\u2022Monsieur le directeur territorial Seine francilienn e de l'agence de l'eau Seine Normandie ou\nson repr\u00e9sentant ;\n\u2022Madame  la  directrice  g\u00e9n\u00e9rale  de  l'agence  r\u00e9gionale  de  sant\u00e9  d'\u00cele-de-France  ou  son\nrepr\u00e9sentant ;\n\u2022Monsieur directeur r\u00e9gional du Bureau de recherches  g\u00e9ologiques et mini\u00e8res (BRGM) d'Ile-\nde-France ou son repr\u00e9sentant\nLes membres de la commission d\u00e9partementale des ris ques naturels majeurs de Paris sont nomm\u00e9s\npour une dur\u00e9e de trois ans, renouvelable. \u00a0\u00bb\nArticle 3 \u00a0: L'article 5 de l'arr\u00eat\u00e9 pr\u00e9fectoral n\u00b02016-DRIEE -141 sus-vis\u00e9 est remplac\u00e9 comme suit\u00a0:\n\u00ab\u00a0Le secr\u00e9tariat de la commission d\u00e9partementale de s risques naturels majeurs de Paris est assur\u00e9 par la\nDirection r\u00e9gionale et interd\u00e9partementale  de l'env ironnement, de l'am\u00e9nagement et des transports\nd'\u00cele-de-France. \u00a0\u00bb\nArticle  4 \u00a0:  L'article  6  de  l'arr\u00eat\u00e9  interpr\u00e9fectoral  n\u00b02016- DRIEE-141  sus-vis\u00e9  est  abrog\u00e9.  Les  autres\ndispositions qui ne sont pas modifi\u00e9es par le pr\u00e9se nt arr\u00eat\u00e9 demeurent inchang\u00e9es.\n2/3Direction r\u00e9gionale et interd\u00e9partementale de l'environnement, de l'am\u00e9nagement et des transports d'\u00cele-de-France -\n75-2024-08-02-00005 - Arr\u00eat\u00e9 interpr\u00e9fectoral       \nmodifiant l'arr\u00eat\u00e9 interpr\u00e9fectoral n\u00b02016-DRIEE-141 portant cr\u00e9ation de la commission d\u00e9partementale des risques naturels majeurs\nde Paris72\nsig sig\"\nArticle 5\u00a0 : Le pr\u00e9fet, directeur de cabinet du pr\u00e9fet de la r \u00e9gion \u00cele-de-France, pr\u00e9fet de Paris et le\npr\u00e9fet, directeur  du cabinet  du  pr\u00e9fet de police  so nt charg\u00e9s,  chacun  en  ce qui le concerne, de\nl'ex\u00e9cution du pr\u00e9sent arr\u00eat\u00e9 qui sera publi\u00e9 au re cueil des actes administratifs de la pr\u00e9fecture de la\nr\u00e9gion \u00cele-de-France, pr\u00e9fecture de Paris et de la pr\u00e9fecture de police.\nFait \u00e0 Paris, le 2 ao\u00fbt 2024\nLe pr\u00e9fet de la r\u00e9gion Ile-de-France, pr\u00e9fet de Par is,\nMarc GUILLAUMELe pr\u00e9fet de police,\nLaurent NU\u00d1EZ\n3/3\nDirection r\u00e9gionale et interd\u00e9partementale de l'environnement, de l'am\u00e9nagement et des transports d'\u00cele-de-France -\n75-2024-08-02-00005 - Arr\u00eat\u00e9 interpr\u00e9fectoral       \nmodifiant l'arr\u00eat\u00e9 interpr\u00e9fectoral n\u00b02016-DRIEE-141 portant cr\u00e9ation de la commission d\u00e9partementale des risques naturels majeurs\nde Paris73\nPr\u00e9fecture de Police\n75-2024-08-01-00002\nArr\u00eat\u00e9 n\u00b02024-01142 portant abrogation de\nl'arr\u00eat\u00e9 n\u00b02024-01008 portant mise sous contr\u00f4le\ntemporaire de l'autorit\u00e9 militaire sur une\nd\u00e9pendance des Quais de Seine \u00e0 Paris - cr\u00e9ation\nd'une zone militaire temporaire\nPr\u00e9fecture de Police - 75-2024-08-01-00002 - Arr\u00eat\u00e9 n\u00b02024-01142 portant abrogation de l'arr\u00eat\u00e9 n\u00b02024-01008 portant mise sous\ncontr\u00f4le temporaire de l'autorit\u00e9 militaire sur une d\u00e9pendance des Quais de Seine \u00e0 Paris - cr\u00e9ation d'une zone militaire temporaire 74\nEx\nPREFECTURE\nDE POLICE\nLibert\u00e9\nEgalit\u00e9\nFraternit\u00e9AtLe\nres\n \nCABINET DU PREFET  \n \n \n \n \n \n                Arr\u00eat\u00e9 n\u00b02024-01142  \nportant abrogation de l'arr\u00eat\u00e9 n\u00b02024-01008 portant  mise sous contr\u00f4le temporaire de \nl'autorit\u00e9 militaire sur une d\u00e9pendance des Quais d e Seine \u00e0 Paris \u2013 cr\u00e9ation d'une zone \nmilitaire temporaire \n \nLe pr\u00e9fet de police, \nVu l'article L. 2215-1 du code g\u00e9n\u00e9ral des collecti vit\u00e9s territoriales  ; \nVu le d\u00e9cret du 20 juillet 2022 par lequel M. Laure nt NU\u00d1EZ, pr\u00e9fet, coordonnateur national \ndu renseignement et de la lutte contre le terrorism e, est nomm\u00e9 pr\u00e9fet de police (hors \nclasse)  ; \nVu la demande de l'\u00e9tat-major interarm\u00e9es de zone d e d\u00e9fense et de s\u00e9curit\u00e9 de Paris  ; \nConsid\u00e9rant que se tiennent \u00e0 Paris depuis le 26 ju illet et jusqu'au 11 ao\u00fbt 2024 les Jeux de \nla XXXIII\u00e8me olympiade  ; qu'\u00e0 cette occasion, les zones d'Austerlitz, Berc y, Ivry et Tolbiac \nont \u00e9t\u00e9 plac\u00e9es sous le contr\u00f4le de l'autorit\u00e9 mili taire du lundi 15 juillet 2024 \u00e0 8h00 jusqu'au \nlundi 5 ao\u00fbt 2024 20h00 par arr\u00eat\u00e9 du pr\u00e9fet de pol ice n\u00b02024-01008 du 16 juillet 2024 \nportant mise sous contr\u00f4le temporaire de l'autorit\u00e9  militaire sur une d\u00e9pendance des Quais \nde Seine \u00e0 Paris \u2013 cr\u00e9ation d'une zone militaire te mporaire  ; que l'autorit\u00e9 militaire a \u00e9vacu\u00e9 \nles quatre zones pr\u00e9cit\u00e9es  ; qu'en cons\u00e9quence, il convient d'abroger l'arr\u00eat\u00e9  n\u00b02024-\n01008  ; \nSur proposition du gouverneur militaire de Paris, \nARRETE  : \nArticle 1 er  \u2013 L'arr\u00eat\u00e9 n\u00b02024-01008 du 16 juillet 2024 portant  mise sous contr\u00f4le temporaire \nde l'autorit\u00e9 militaire sur une d\u00e9pendance des Quai s de Seine \u00e0 Paris \u2013 cr\u00e9ation d'une zone \nmilitaire temporaire  est abrog\u00e9. \nArticle 2  \u2013 La pr\u00e9f\u00e8te, directrice du cabinet du pr\u00e9fet de p olice et le directeur de l'ordre public \net de la circulation sont charg\u00e9s, chacun en ce qui  le concerne, de l'ex\u00e9cution du pr\u00e9sent arr\u00eat\u00e9 \nqui entrera en vigueur d\u00e8s son affichage aux portes  de la pr\u00e9fecture de police et sera publi\u00e9 au \nrecueil des actes administratifs du d\u00e9partement de Paris. \n \nFait \u00e0 Paris, le 1er ao\u00fbt 2024  \nSIGNE \nPour le pr\u00e9fet de police \nLa pr\u00e9f\u00e8te, directrice du cabinet \nMagali CHARBONNEAU  Pr\u00e9fecture de Police - 75-2024-08-01-00002 - Arr\u00eat\u00e9 n\u00b02024-01142 portant abrogation de l'arr\u00eat\u00e9 n\u00b02024-01008 portant mise sous\ncontr\u00f4le temporaire de l'autorit\u00e9 militaire sur une d\u00e9pendance des Quais de Seine \u00e0 Paris - cr\u00e9ation d'une zone militaire temporaire 75\n                                                                                                                                                                                                                            2  \nAnnexe de l'arr\u00eat\u00e9 n\u00b02024-01142 du 1ER  ao\u00fbt 2024  \n \n \nVOIES ET DELAIS DE RECOURS  \n_______________________ \n \n \n \nSi vous estimez devoir contester la pr\u00e9sente autori sation, il vous est possible, dans un d\u00e9lai \nde deux mois \u00e0 compter de la date de son affichage ou de sa publication  : \n \n \n- soit de saisir d'un RECOURS GRACIEUX  \nle Pr\u00e9fet de Police  \n7/9, boulevard du Palais - 75195 PARIS RP  \n \n- ou de former un RECOURS HIERARCHIQUE  \n  aupr\u00e8s du Ministre de l'int\u00e9rieur et des outre-me r  \n  Direction des libert\u00e9s publiques et des affaires juridiques  \n  place Beauvau - 75008 PARIS  \n \n- soit de saisir d'un RECOURS CONTENTIEUX  \nle Tribunal administratif comp\u00e9tent  \n \n \nAucune de ces voies et recours ne suspend l'applica tion de la pr\u00e9sente d\u00e9cision. \n \nLes recours GRACIEUX et HIERARCHIQUE doivent \u00eatre \u00e9 crits, exposer les arguments ou \nfaits nouveaux et comprendre la copie de la d\u00e9cisio n contest\u00e9e. \n \nLe recours contentieux, qui vise \u00e0 contester la LEG ALITE de la pr\u00e9sente d\u00e9cision, doit \n\u00e9galement \u00eatre \u00e9crit et exposer votre argumentation  juridique. \n \nSi vous n'aviez pas de r\u00e9ponse \u00e0 votre recours GRAC IEUX ou HIERARCHIQUE dans un d\u00e9lai \nde deux mois \u00e0 compter de la r\u00e9ception de votre rec ours par l'administration, votre \ndemande devra \u00eatre consid\u00e9r\u00e9e comme rejet\u00e9e (d\u00e9cisi on implicite de rejet). \n \nEn cas de rejet des RECOURS GRACIEUX ou HIERARCHIQU E, le Tribunal administratif peut \n\u00eatre saisi d'un recours contentieux dans le d\u00e9lai d e deux mois \u00e0 compter de la date de la \nd\u00e9cision de rejet.  \n \n \n \n \n \n Pr\u00e9fecture de Police - 75-2024-08-01-00002 - Arr\u00eat\u00e9 n\u00b02024-01142 portant abrogation de l'arr\u00eat\u00e9 n\u00b02024-01008 portant mise sous\ncontr\u00f4le temporaire de l'autorit\u00e9 militaire sur une d\u00e9pendance des Quais de Seine \u00e0 Paris - cr\u00e9ation d'une zone militaire temporaire 76\nPr\u00e9fecture de Police\n75-2024-08-02-00003\nArr\u00eat\u00e9 n\u00b02024-01146 modifiant provisoirement la\ncirculation et le stationnement dans plusieurs\nvoies \u00e0 Paris 16\u00e8me du 12 au 14 ao\u00fbt 2024 \u00e0\nl'occasion du concert du groupe AC/DC \n\u00e0 l'hippodrome de Paris-Longchamp le 13 ao\u00fbt\n2024\nPr\u00e9fecture de Police - 75-2024-08-02-00003 - Arr\u00eat\u00e9 n\u00b02024-01146 modifiant provisoirement la circulation et le stationnement dans\nplusieurs voies \u00e0 Paris 16\u00e8me du 12 au 14 ao\u00fbt 2024 \u00e0 l'occasion du concert du groupe AC/DC \n\u00e0 l'hippodrome de Paris-Longchamp le 13 ao\u00fbt 202477\nPREFECTURE\nDE POLICE\nLibert\u00e9\nEgalit\u00e9\nFraternit\u00e9AtLe\na\nCABINET DU PR\u00c9FET\nParis, le        -2 AOUT 2024\nARR\u00caT\u00c9 N\u00b02024-01146\nmodifiant provisoirement la circulation et le stationnement dans plusieurs voies \u00e0 Paris\n16\u00e8me du 12 au 14 ao\u00fbt 2024 \u00e0 l'occasion du concert du groupe AC/DC \n\u00e0 l'hippodrome de Paris-Longchamp le 13 ao\u00fbt 2024\nLE PR\u00c9FET DE POLICE\nVu le code g\u00e9n\u00e9ral des collectivit\u00e9s territoriales, notamment ses articles L.2512-13\net L.2512-14 ;\nVu  le  code  de  la  route,  notamment  ses  articles  L.325-1  \u00e0  L.325-3,  R.411-8  et\nR.411-25 ;\nVu l'avis de la Ville de Paris en date du 30 juillet 2024 ;\nConsid\u00e9rant que le mardi 13 ao\u00fbt 2024 se tiendra le concert du groupe AC/DC \u00e0\nl'hippodrome de Paris-Longchamp \u00e0 Paris 16\u00e8me, o\u00f9 pr\u00e8s de 80 000 spectateurs sont atten -\ndus ;\nConsid\u00e9rant que, en vue d'assurer le bon d\u00e9roulement et de garantir la s\u00e9curit\u00e9 de\ncet \u00e9v\u00e8nement, il appartient \u00e0 l'autorit\u00e9 de police comp\u00e9tente de prendre les mesures\nadapt\u00e9es, proportionn\u00e9es et n\u00e9cessaires \u00a0pour atteindre ces objectifs ; que des mesures\nprovisoires visant \u00e0 restreindre la circulation et le stationnement autour de l'hippodrome\nde Longchamp participent de ces objectifs \u00a0; \u00a0\nSur proposition de la pr\u00e9f\u00e8te, directrice de cabinet \u00a0:\nARR\u00caTE \nArticle 1  er  \nLe stationnement de tout v\u00e9hicule est interdit du 12 ao\u00fbt 2024 \u00e0 23h59 au 14 ao\u00fbt\n2024 \u00e0 20h00 sur le parking public du lieu-dit de la Grande Cascade, \u00e0 Paris 16\u00e8me.\nArticle 2\nLe stationnement de tout v\u00e9hicule est interdit du 12 ao\u00fbt 2024 \u00e0 14h00 au 14 ao\u00fbt\n2024 \u00e0 02h00 all\u00e9e de Longchamp, \u00e0 Paris 16\u00e8me.Pr\u00e9fecture de Police - 75-2024-08-02-00003 - Arr\u00eat\u00e9 n\u00b02024-01146 modifiant provisoirement la circulation et le stationnement dans\nplusieurs voies \u00e0 Paris 16\u00e8me du 12 au 14 ao\u00fbt 2024 \u00e0 l'occasion du concert du groupe AC/DC \n\u00e0 l'hippodrome de Paris-Longchamp le 13 ao\u00fbt 202478\nArticle 3\nLe stationnement de tout v\u00e9hicule est interdit du 12 ao\u00fbt 2024 \u00e0 06h00 au 14 ao\u00fbt\n2024 \u00e0 03h00 route de la Porte des Sablons \u00e0 la Porte Maillot, entre l'all\u00e9e de Longchamp\net l'avenue du Mahatma Gandhi, \u00e0 Paris 16\u00e8me.\nArticle 4\nLa circulation de tout v\u00e9hicule est interdite du 12 ao\u00fbt 2024 \u00e0 23h59 au 14 ao\u00fbt\n2024 \u00e0 20h00 dans les voies et portions de voies suivantes, \u00e0 Paris 16\u00e8me\u00a0:\n-route des Tribunes \u00a0;\n-carrefour de Norv\u00e8ge \u00a0;\n-avenue de l'Hippodrome, entre la route des Tribunes et la route de S\u00e8vres \u00e0\nNeuilly\u00a0;\n-route de S\u00e8vres \u00e0 Neuilly, entre la route de la Seine \u00e0 la Butte Mortemart et\nl'avenue de l'Hippodrome \u00a0;\n-route de la Seine \u00e0 la Butte Mortemart , entre la route des Tribunes et la route\nde S\u00e8vres \u00e0 Neuilly \u00a0;\n-route des Moulins, entre la route de Suresnes et la route des Tribunes.\nArticle 5\nLa circulation de tout v\u00e9hicule est interdite  du 13 ao\u00fbt 2024 \u00e0 06h00 au 14 ao\u00fbt\n2024 \u00e0 06h00 dans les voies et portions de voies suivantes \u00e0 Paris 16\u00e8me\u00a0:\n-all\u00e9e de Longchamp ;\n-route de S\u00e8vres \u00e0 Neuilly, entre la route de Suresnes et l'avenue de l'Hippo -\ndrome ;\n-route de S\u00e8vres \u00e0 Neuilly, entre le boulevard Anatole France et la route de la\nSeine \u00e0 la Butte Mortemart.\nArticle 6\nLa circulation de tout v\u00e9hicule est interdite du 13 ao\u00fbt 2024 \u00e0 22h00 au 14 ao\u00fbt\n2024 \u00e0 02h00 avenue de l'Hippodrome, entre la route de S\u00e8vres \u00e0 Neuilly et l'all\u00e9e de la\nReine Marguerite, \u00e0 Paris 16\u00e8me.\nArticle 7\nLa circulation de tout v\u00e9hicule est interdite du 13 ao\u00fbt 2024 \u00e0 10h00 au 14 ao\u00fbt\n2024 \u00e0 03h00 all\u00e9e de l'Esp\u00e9rance, \u00e0 Paris 16\u00e8me.Pr\u00e9fecture de Police - 75-2024-08-02-00003 - Arr\u00eat\u00e9 n\u00b02024-01146 modifiant provisoirement la circulation et le stationnement dans\nplusieurs voies \u00e0 Paris 16\u00e8me du 12 au 14 ao\u00fbt 2024 \u00e0 l'occasion du concert du groupe AC/DC \n\u00e0 l'hippodrome de Paris-Longchamp le 13 ao\u00fbt 202479\nArticle 8\nLa circulation de tout v\u00e9hicule est interdite  du 6 ao\u00fbt 2024 \u00e0 06h00 au 18 ao\u00fbt\n2024 \u00e0 08h00 dans les voies et portions de voies suivantes \u00e0 Paris 16\u00e8me\u00a0:\n-route du Point du Jour \u00e0 Suresnes \u00a0;\n-chemin des R\u00e9servoirs .\nArticle 9\nLes  dispositions  du  pr\u00e9sent  arr\u00eat\u00e9  ne  s'appliquent  pas  aux  v\u00e9hicules  des\norganisateurs  de  cet  \u00e9v\u00e8nement  ainsi  qu'aux  navettes  de  la  RATP  et  aux  v\u00e9hicules\nd'int\u00e9r\u00eat g\u00e9n\u00e9ral prioritaires au sens des dispositions de l'article R.311-1 6.5 du code de la\nroute.\nArticle 10\nSans  pr\u00e9judice  des  sanctions  p\u00e9nales  auxquelles  s'exposent  les  personnes  en\ninfraction avec les dispositions du pr\u00e9sent arr\u00eat\u00e9, les v\u00e9hicules ayant servi \u00e0 commettre\nces infractions peuvent \u00eatre immobilis\u00e9s et mis en fourri\u00e8re dans les conditions pr\u00e9vues\naux articles L.325-1 \u00e0 L.325-3 du code de la route.\nArticle 11\nLa pr\u00e9f\u00e8te, directrice de cabinet, le directeur de l'ordre public et de la circulation,\nla directrice de la s\u00e9curit\u00e9 de proximit\u00e9 de l'agglom\u00e9ration parisienne de la pr\u00e9fecture de\nPolice,  le  directeur  de  la  voirie  et  des  d\u00e9placements  et  le  directeur  de  la  police\nmunicipale et de la pr\u00e9vention de la Ville de Paris sont charg\u00e9s, chacun en ce qui le\nconcerne,  de l'ex\u00e9cution du pr\u00e9sent arr\u00eat\u00e9, consultable sur le site de la pr\u00e9fecture de\nPolice\u00a0:  www.prefecturedepolice.interieur.gouv.fr , qui sera publi\u00e9 au recueil des actes\nadministratifs de la pr\u00e9fecture de Police.  Il sera affich\u00e9 aux portes de la pr\u00e9fecture de\nPolice (1 rue de Lut\u00e8ce), de la mairie et du commissariat des arrondissements concern\u00e9s.\nCes  mesures  prendront  effet  apr\u00e8s  leur  affichage  et  d\u00e8s  la  mise  en  place  de  la\nsignalisation correspondante.\nPour le pr\u00e9fet de Police,\nLa sous-pr\u00e9f\u00e8te\nDirectrice adjointe de cabinet\nSIGNE\nElise LAVIELLEPr\u00e9fecture de Police - 75-2024-08-02-00003 - Arr\u00eat\u00e9 n\u00b02024-01146 modifiant provisoirement la circulation et le stationnement dans\nplusieurs voies \u00e0 Paris 16\u00e8me du 12 au 14 ao\u00fbt 2024 \u00e0 l'occasion du concert du groupe AC/DC \n\u00e0 l'hippodrome de Paris-Longchamp le 13 ao\u00fbt 202480\nANNEXE  A L'ARR\u00caT\u00c9 N\u00b02024-01146                                             du   -2 AOUT 2024\nVOIES ET D\u00c9LAIS DE RECOURS\n_______________________\nSi vous estimez devoir contester la pr\u00e9sente d\u00e9cision, il vous est possible, dans un d\u00e9lai de\ndeux mois \u00e0 compter de la date de son affichage \u00a0:\n-soit de saisir d'un RECOURS GRACIEUX\nle pr\u00e9fet de Police\n7/9, boulevard du Palais - 75195 PARIS RP\n- ou de former un RECOURS HI\u00c9RARCHIQUE\n  aupr\u00e8s du ministre de l'Int\u00e9rieur et des Outre-mer\n  Direction des libert\u00e9s publiques et des affaires juridiques\n  place Beauvau - 75008 PARIS\n- soit de saisir d'un RECOURS CONTENTIEUX\nle tribunal administratif comp\u00e9tent\nAucune de ces voies et recours ne suspend l'application de la pr\u00e9sente d\u00e9cision.\nLes recours GRACIEUX et HI\u00c9RARCHIQUE doivent \u00eatre \u00e9crits, exposer les arguments ou faits\nnouveaux et comprendre la copie de la d\u00e9cision contest\u00e9e.\nLe  recours  contentieux,  qui  vise  \u00e0  contester  la  L\u00c9GALITE  de  la  pr\u00e9sente  d\u00e9cision,  doit\n\u00e9galement \u00eatre \u00e9crit et exposer votre argumentation juridique.\nSi vous n'aviez pas de r\u00e9ponse \u00e0 votre recours GRACIEUX ou HI\u00c9RARCHIQUE dans un d\u00e9lai\nde  deux  mois  \u00e0  compter  de  la  r\u00e9ception  de  votre  recours  par  l'administration,  votre\ndemande devra \u00eatre consid\u00e9r\u00e9e comme rejet\u00e9e (d\u00e9cision implicite de rejet).\nEn cas de rejet des RECOURS GRACIEUX ou HI\u00c9RARCHIQUE, le tribunal administratif peut\n\u00eatre saisi d'un recours contentieux dans le d\u00e9lai de deux mois \u00e0 compter de la date de la\nd\u00e9cision de rejet.Pr\u00e9fecture de Police - 75-2024-08-02-00003 - Arr\u00eat\u00e9 n\u00b02024-01146 modifiant provisoirement la circulation et le stationnement dans\nplusieurs voies \u00e0 Paris 16\u00e8me du 12 au 14 ao\u00fbt 2024 \u00e0 l'occasion du concert du groupe AC/DC \n\u00e0 l'hippodrome de Paris-Longchamp le 13 ao\u00fbt 202481\nPr\u00e9fecture de Police\n75-2024-08-02-00001\nArr\u00eat\u00e9 n\u00b0 2024-0700 du 02/08/2024 portant\nrenouvellement d'agr\u00e9ment d'organisme pour\neffectuer les v\u00e9rifications techniques\nr\u00e9glementaires dans les \u00e9tablissements recevant\ndu public \nPr\u00e9fecture de Police - 75-2024-08-02-00001 - Arr\u00eat\u00e9 n\u00b0 2024-0700 du 02/08/2024 portant renouvellement d'agr\u00e9ment d'organisme\npour effectuer les v\u00e9rifications techniques r\u00e9glementaires dans les \u00e9tablissements recevant du public 82\n \n \nDirection des usagers  \net des polices administratives  \nSous-direction de la s\u00e9curit\u00e9 du public  \nBureau des \u00e9tablissements recevant du public  \n \n \nArr\u00eat\u00e9 n\u00b0 2024-0700 \ndu 02/08/2024  \nportant renouvellement d'agr\u00e9ment d'organisme pour effectuer les v\u00e9rifications \ntechniques r\u00e9glementaires dans les \u00e9tablissements r ecevant du public  \n \nLe pr\u00e9fet de police,  \nVu le code de la construction et de l'habitation, n otamment son article R.143-34 ;  \nVu le d\u00e9cret n\u00b02004-374 du 29 avril 2004 modifi\u00e9 re latif aux pouvoirs des Pr\u00e9fets, \u00e0 l'organisation \net \u00e0 l'action des services de l'Etat dans les r\u00e9gio ns et d\u00e9partements ;  \nVu le d\u00e9cret du 20 juillet 2022 portant nomination du Pr\u00e9fet de Police M. Laurent NU\u00d1EZ ;  \nVu l'arr\u00eat\u00e9 du 25 juin 1980 modifi\u00e9 portant approba tion des dispositions g\u00e9n\u00e9rales du r\u00e8glement \nde s\u00e9curit\u00e9 contre les risques d'incendie et de pan ique dans les \u00e9tablissements recevant du \npublic ; \nVu l'arr\u00eat\u00e9 du 11 d\u00e9cembre 2007 modifi\u00e9 relatif aux  conditions d'agr\u00e9ment pour les v\u00e9rifications \nr\u00e9glementaires pr\u00e9vues dans les \u00e9tablissements rece vant du public et les immeubles de grande \nhauteur ; \nVu l'arr\u00eat\u00e9 n\u00b02023-00819 du 10 juillet 2023 relatif  aux missions et \u00e0 l'organisation de la direction \ndes usagers et des polices administratives ;  \nVu  l'arr\u00eat\u00e9 n\u00b02024-00923 du 8 juillet 2024 accordant d \u00e9l\u00e9gation de signature pr\u00e9fectorale au sein \nde la direction des usagers et des polices administ ratives et des services qui lui sont rattach\u00e9s ; \nVu la demande de renouvellement d'agr\u00e9ment pr\u00e9sent\u00e9 e par la soci\u00e9t\u00e9 SARL MORIN avec \nenseigne OCDS re\u00e7ue le 28 mai 2024 ;  \nARRETE : \nArticle 1  \nLe b\u00e9n\u00e9fice de l'agr\u00e9ment est accord\u00e9 \u00e0 : \nOCDS, SIREN N\u00b0504 943 903, sur les bases de l'attes tation d'accr\u00e9ditation  \nn\u00b03-0607 r\u00e9v. 15 d\u00e9livr\u00e9e par le COFRAC. Cet agr\u00e9me nt concerne les v\u00e9rifications r\u00e9glementaires \nsuivantes, r\u00e9f\u00e9renc\u00e9es dans le document COFRAC INS REF 18 : \n- 1.1.3 a) : V\u00e9rifications techniques en phase concep tion/construction, dans les ERP, de la \nconformit\u00e9 des installations \u00e9lectriques et d'\u00e9clai rage de s\u00e9curit\u00e9  ; \n- 1.1.3 b) : V\u00e9rifications techniques en phase exploi tation, dans les ERP, des installations \n\u00e9lectriques et d'\u00e9clairage de s\u00e9curit\u00e9  ; \nL'agr\u00e9ment est valable cinq ans. \nArticle 2 \nLe directeur des usagers et des polices administrat ives est charg\u00e9 de l'ex\u00e9cution du pr\u00e9sent \narr\u00eat\u00e9, qui sera publi\u00e9 sur le portail des publicat ions administratives de la Ville de Paris et au \nrecueil des actes administratifs de la Pr\u00e9fecture d e la R\u00e9gion d'Ile-de-France, de la Pr\u00e9fecture de \nParis et de la Pr\u00e9fecture de Police.  \nPour le pr\u00e9fet de police, \nPar d\u00e9l\u00e9gation,  \nSign\u00e9 \nL'adjoint au sous-directeur de la \ns\u00e9curit\u00e9 du public \nMarc PORTEOUS \n  Pr\u00e9fecture de Police - 75-2024-08-02-00001 - Arr\u00eat\u00e9 n\u00b0 2024-0700 du 02/08/2024 portant renouvellement d'agr\u00e9ment d'organisme\npour effectuer les v\u00e9rifications techniques r\u00e9glementaires dans les \u00e9tablissements recevant du public 83\nPr\u00e9fecture de Police\n75-2024-08-02-00002\nArr\u00eat\u00e9 n\u00b0 2024-1018 du 02/02/2024 portant\nrenouvellement d'agr\u00e9ment d'organisme pour\neffectuer les v\u00e9rifications techniques\nr\u00e9glementaires dans les \u00e9tablissements recevant\ndu public \nPr\u00e9fecture de Police - 75-2024-08-02-00002 - Arr\u00eat\u00e9 n\u00b0 2024-1018 du 02/02/2024 portant renouvellement d'agr\u00e9ment d'organisme\npour effectuer les v\u00e9rifications techniques r\u00e9glementaires dans les \u00e9tablissements recevant du public 84\n \n \nDirection des usagers  \net des polices administratives  \nSous-direction de la s\u00e9curit\u00e9 du public  \nBureau des \u00e9tablissements recevant du public  \n \n \n \nArr\u00eat\u00e9 n\u00b0 2024-1018 \ndu 02/02/2024  \nportant renouvellement d'agr\u00e9ment d'organisme pour effectuer les v\u00e9rifications \ntechniques r\u00e9glementaires dans les \u00e9tablissements r ecevant du public  \n \nLe pr\u00e9fet de police,  \n \nVu le code de la construction et de l'habitation, n otamment son article R.143-34 ;  \nVu le d\u00e9cret n\u00b02004-374 du 29 avril 2004 modifi\u00e9 re latif aux pouvoirs des Pr\u00e9fets, \u00e0 l'organisation \net \u00e0 l'action des services de l'Etat dans les r\u00e9gio ns et d\u00e9partements ;  \nVu le d\u00e9cret du 20 juillet 2022 portant nomination du Pr\u00e9fet de Police M. Laurent NU\u00d1EZ ;  \nVu l'arr\u00eat\u00e9 du 25 juin 1980 modifi\u00e9 portant approba tion des dispositions g\u00e9n\u00e9rales du r\u00e8glement \nde s\u00e9curit\u00e9 contre les risques d'incendie et de pan ique dans les \u00e9tablissements recevant du \npublic ; \nVu l'arr\u00eat\u00e9 du 11 d\u00e9cembre 2007 modifi\u00e9 relatif aux  conditions d'agr\u00e9ment pour les v\u00e9rifications \nr\u00e9glementaires pr\u00e9vues dans les \u00e9tablissements rece vant du public et les immeubles de grande \nhauteur ; \nVu l'arr\u00eat\u00e9 n\u00b02023-00819 du 10 juillet 2023 relatif  aux missions et \u00e0 l'organisation de la direction \ndes usagers et des polices administratives ;  \nVu  l'arr\u00eat\u00e9 n\u00b02024-00923 du 8 juillet 2024 accordant d \u00e9l\u00e9gation de signature pr\u00e9fectorale au sein \nde la direction des usagers et des polices administ ratives et des services qui lui sont rattach\u00e9s ; \nVu la demande de renouvellement d'agr\u00e9ment pr\u00e9sent\u00e9 e par la soci\u00e9t\u00e9 APIC CONSULT re\u00e7ue le \n16 juin 2024 ;  \nARRETE : \nArticle 1  \nLe b\u00e9n\u00e9fice de l'agr\u00e9ment est accord\u00e9 \u00e0 : \nAPIC CONSULT, SIREN N\u00b0788 946 382, sur les bases de  l'attestation d'accr\u00e9ditation  \nn\u00b03-1035 r\u00e9v. 9 d\u00e9livr\u00e9e par le COFRAC. Cet agr\u00e9men t concerne les v\u00e9rifications r\u00e9glementaires \nsuivantes, r\u00e9f\u00e9renc\u00e9es dans le document COFRAC INS REF 18 : \n- 1.1.3 a) : V\u00e9rifications techniques en phase concep tion/construction, dans les ERP, de la \nconformit\u00e9 des installations \u00e9lectriques et d'\u00e9clai rage de s\u00e9curit\u00e9  ; \n- 1.1.3 b) : V\u00e9rifications techniques en phase exploi tation, dans les ERP, des installations \n\u00e9lectriques et d'\u00e9clairage de s\u00e9curit\u00e9  ; \nL'agr\u00e9ment est valable cinq ans. \nArticle 2 \nLe directeur des usagers et des polices administrat ives est charg\u00e9 de l'ex\u00e9cution du pr\u00e9sent \narr\u00eat\u00e9, qui sera publi\u00e9 sur le portail des publicat ions administratives de la Ville de Paris et au \nrecueil des actes administratifs de la Pr\u00e9fecture d e la R\u00e9gion d'Ile-de-France, de la Pr\u00e9fecture de \nParis et de la Pr\u00e9fecture de Police.  \n \nPour le pr\u00e9fet de police, \nPar d\u00e9l\u00e9gation,  \nSign\u00e9 \nL'adjoint au sous-directeur de la s\u00e9curit\u00e9 du publi c \nMarc PORTEOUS \n  Pr\u00e9fecture de Police - 75-2024-08-02-00002 - Arr\u00eat\u00e9 n\u00b0 2024-1018 du 02/02/2024 portant renouvellement d'agr\u00e9ment d'organisme\npour effectuer les v\u00e9rifications techniques r\u00e9glementaires dans les \u00e9tablissements recevant du public 85","date":"2024-08-02","first_seen_on":"2024-08-02T16:54:04+00:00","id":"731ce762fbfc127a0a41585c2076f0647ef67963ca058e5bb40f9d0c375618b2","name":"recueil-75-2024-486-recueil-des-actes-administratifs-special du 02.08.2024","pdf_creation_date":"2024-08-02T14:43:10+00:00","pdf_modification_date":null,"timezone":"Europe/Paris","url":"https://www.prefectures-regions.gouv.fr/ile-de-france/irecontenu/telechargement/119052/885449/file/recueil-75-2024-486-recueil-des-actes-administratifs-special%20du%2002.08.2024.pdf"}
