{"administration":"pref69","administration_name":"Pr\u00e9fecture du Rh\u00f4ne","content":"PR\u00c9F\u00c8TE\nDU RH\u00d4NE\nRECUEIL DES ACTES\nADMINISTRATIFS SP\u00c9CIAL\nN\u00b069-2026-071\nPUBLI\u00c9 LE 10 MARS 2026\nSommaire\n01-69_DTPJJ_Direction territoriale de la protection judiciaire de la jeunesse\nde l'Ain et du Rh\u00f4ne /\n69-2026-03-06-00065 - Arr\u00eat\u00e9 conjoint portant modification de\nl'autorisation de la MECS Les Aliz\u00e9s et du SAFREN (PRADO) - N\u00b0DTPJJ\nSAH 2026 03 06 05 (3 pages) Page 4\n69-2026-03-06-00066 - Arr\u00eat\u00e9 conjoint portant modification de\nl'autorisation de la MECS Saint Vincent (ORSAC) - N\u00b0DTPJJ SAH 2026 03\n06 04 (3 pages) Page 8\n69_Centre Hospitalier Vinatier /\n69-2026-03-03-00013 - 2026-03 d\u00e9l\u00e9gation de signature M\u00e9lie MICHEL\n(3 pages) Page 12\n69_DDT_Direction d\u00e9partementale des territoires du Rh\u00f4ne /\n69-2026-03-10-00001 - arr\u00eat\u00e9 amende suite d\u00e9passement\nencadrement des loyers \u00e0 l'encontre de SCIM2E (2 pages) Page 16\n69-2026-03-06-00074 - Arr\u00eat\u00e9 Pr\u00e9fectoral prescrivant l'ouverture\nd'une enqu\u00eate publique portant sur les demandes de permis de\nconstruire relatives \u00e0 la construction d'une centrale photovolta\u00efque\nau sol sur le territoire des communes de Givors et Loire-Sur-Rh\u00f4ne (5\npages) Page 19\n69_Pr\u00e9f_Pr\u00e9fecture du Rh\u00f4ne / Direction de la Coordination des\nPolitiques Interminist\u00e9rielles\n69-2026-03-09-00006 - Arr\u00eat\u00e9 pr\u00e9fectoral portant d\u00e9l\u00e9gation de\nsignature \u00e0 M. Antoine GUERIN, pr\u00e9fet d\u00e9l\u00e9gu\u00e9 pour la d\u00e9fense\net la s\u00e9curit\u00e9 aupr\u00e8s de la pr\u00e9f\u00e8te de la r\u00e9gion\nAuvergne-Rh\u00f4ne-Alpes, pr\u00e9f\u00e8te de la zone de d\u00e9fense et de\ns\u00e9curit\u00e9 Sud-Est, pr\u00e9f\u00e8te du Rh\u00f4ne (9 pages) Page 25\n69-2026-03-09-00007 - Arr\u00eat\u00e9 pr\u00e9fectoral portant d\u00e9l\u00e9gation de\nsignature \u00e0 Mme C\u00e9cile COURREGES, directrice g\u00e9n\u00e9rale de\nl'agence r\u00e9gionale de sant\u00e9 Auvergne-Rh\u00f4ne-Alpes (5 pages) Page 35\n69_Pr\u00e9f_Pr\u00e9fecture du Rh\u00f4ne / Direction de la s\u00e9curit\u00e9 et de la\nprotection civile\n69-2026-03-06-00070 - AP du 6 mars 2026 portant autorisation exploitation\nsyst\u00e8me vid\u00e9oprotection - CREDIT MUTUEL - Caluire-et-Cuire -\n20080926 (2 pages) Page 41\n69-2026-03-06-00071 - AP du 6 mars 2026 portant autorisation exploitation\nsyst\u00e8me vid\u00e9oprotection - CREDIT MUTUEL - Lyon 7 - 20080943 (2\npages) Page 44\n2\n69-2026-03-06-00073 - AP du 6 mars 2026 portant autorisation exploitation\nsyst\u00e8me vid\u00e9oprotection - CREDIT MUTUEL - Lyon 9 - 20100726 (2\npages) Page 47\n69-2026-03-06-00069 - AP du 6 mars 2026 portant autorisation exploitation\nsyst\u00e8me vid\u00e9oprotection - CREDIT MUTUEL - Lyon 9 - 20100730 (2\npages) Page 50\n69-2026-03-06-00068 - AP du 6 mars 2026 portant autorisation exploitation\nsyst\u00e8me vid\u00e9oprotection - CREDIT MUTUEL - Meyzieu - 20080954 (2\npages) Page 53\n69-2026-03-06-00067 - AP du 6 mars 2026 portant autorisation exploitation\nsyst\u00e8me vid\u00e9oprotection - CREDIT MUTUEL - Oullins - 20080956 (2\npages) Page 56\n69-2026-03-06-00072 - AP du 6 mars 2026 portant autorisation exploitation\nsyst\u00e8me vid\u00e9oprotection - CREDIT MUTUEL- Belleville en Beaujolais -\n20081206 (2 pages) Page 59\n69_Pr\u00e9f_Pr\u00e9fecture du Rh\u00f4ne / Pr\u00e9fet d\u00e9l\u00e9gu\u00e9 pour la\nd\u00e9fense et la s\u00e9curit\u00e9\n69-2026-03-10-00002 - Arr\u00eat\u00e9 pr\u00e9fectoral 2026-03-10-002 -\nModification de la ligne fronti\u00e8re au niveau des lignes 1-2 du terminal 1\nsuite \u00e0 l'installation d'un second portique (3 pages) Page 62\n84_DREAL_Direction r\u00e9gionale de l'environnement, de l'am\u00e9nagement et\ndu logement d'Auvergne-Rh\u00f4ne-Alpes / Secr\u00e9tariat G\u00e9n\u00e9ral\n69-2026-02-27-00013 - Arr\u00eat\u00e9 interpr\u00e9fectoral\nn\u00b0DREAL-AURA-EHN-2026-18 portant d\u00e9rogation aux dispositions de\nl'article L.411-1 du code de l'environnement pour\u00a0capture suivie\nd'un rel\u00e2cher imm\u00e9diat sur place d'esp\u00e8ces animales\nprot\u00e9g\u00e9es (amphibiens, insectes, mammif\u00e8res et reptiles)\net\npr\u00e9l\u00e8vement, transport, utilisation et destruction de mat\u00e9riel\nbiologique d'esp\u00e8ces animales prot\u00e9g\u00e9es (insectes,\nreptiles)\nBureau d'\u00e9tudes Aces Campestre (9 pages) Page 66\n3\n01-69_DTPJJ_Direction territoriale de la\nprotection judiciaire de la jeunesse de l'Ain et du\nRh\u00f4ne\n69-2026-03-06-00065\nArr\u00eat\u00e9 conjoint portant modification de\nl'autorisation de la MECS Les Aliz\u00e9s et du SAFREN\n(PRADO) - N\u00b0DTPJJ SAH 2026 03 06 05\n01-69_DTPJJ_Direction territoriale de la protection judiciaire de la jeunesse de l'Ain et du Rh\u00f4ne - 69-2026-03-06-00065 - Arr\u00eat\u00e9\nconjoint portant modification de l'autorisation de la MECS Les Aliz\u00e9s et du SAFREN (PRADO) - N\u00b0DTPJJ SAH 2026 03 06 05 4\nEPR\u00c9F\u00c8TEDU RH\u00d4NE M\u00c9TROPOLE\nLibert\u00e9\u00c9galit\u00e9Fraternit\u00e9 . 7PREFECTURE DU RHONE D\u00e9l\u00e9gation Solidarit\u00e9s, habitat et\u00e9ducationDirection interr\u00e9gionalede la Protection Judiciaire de la Jeunesse Direction Pr\u00e9vention et protection deCentre-Est l'enfanceDirection territoriale Rh\u00f4ne-Ain CS 3356933 rue Moncey 69505 LYON CEDEX 0369003 LYON\nArr\u00eat\u00e9 n\u00b0DTPJJSAH 2026 03_06.05 Arr\u00eat\u00e9 n\u00b02026-DSHE-DPPE-0)_ 007ARR\u00caT\u00c9 CONJOINTPortant modification de l'autorisation de la MECS \u00ab Les Aliz\u00e9s \u00bb sis 3 routeNeuve 69270 Saint Romain au Mont d'Or (69) et du Serviced'Accompagnement Familial Renforc\u00e9 (SAFREN) g\u00e9r\u00e9s par l'associationPRADO.Le Pr\u00e9sident de la M\u00e9tropole de Lyon, et la Pr\u00e9f\u00e9te de la Zone de d\u00e9fense et de s\u00e9curit\u00e9 sud-est, Pr\u00e9fet de la r\u00e9gion AuvergneRh\u00f4ne-Alpes, Pr\u00e9f\u00e8te du Rh\u00f4ne, Commandeur de de la L\u00e9gion d'honneur, Commandeur de l'Ordre national du M\u00e9rite,Vu les articles 375 \u00e0 375-8 du code civil relatifs \u00e0 l'assistance \u00e9ducative ;Vu le Code de la justice p\u00e9nale des mineurs relatif \u00e0 l'enfance d\u00e9linquante ;Vu le Code G\u00e9n\u00e9ral des Collectivit\u00e9s Territoriales ;Vu le Code de l'Action Sociale et des Familles et notamment les articles :- L.221-1 relatif aux missions du service de l'aide sociale \u00e0 l'enfance,- L.222-5 relatif aux jeunes pris en charge par le service de l'aide sociale \u00e0 l'enfance,- L.312-1 et suivants et L313-1-1, R313-2-1, D 313-2 et suivants relatifs \u00e0 l'autorisation des \u00e9tablissements etservices sociaux et m\u00e9dico-sociaux,Vu le d\u00e9cret n\u00b0 2010-214 du 2 mars 2010 relatif au ressort territorial, \u00e0 l'organisation et aux attributions des servicesd\u00e9concentr\u00e9s de la protection judiciaire de la jeunesse ;Vu l'arr\u00eat\u00e9 conjoint en date du 31 d\u00e9cembre 2019 portant renouvellement de l'autorisation de la MECS \u00ab Les Aliz\u00e9s \u00bb et duSAFREN ;Vu la d\u00e9lib\u00e9ration du Conseil de la M\u00e9tropole de Lyon n\u00b0 2023-1605 du 27 mars 2023 approuvant les orientations et leprogramme d'actions propos\u00e9s dans le cadre du projet m\u00e9tropolitain des solidarit\u00e9s pour la p\u00e9riode 2023-2027 ;Vu le projet territorial de la protection judiciaire de la jeunesse Rh\u00f4ne-Ain ;Vu l'arr\u00eat\u00e9 du Pr\u00e9sident de la M\u00e9tropole n\u00b0 2022-03-07-R-0231 du 7 mars 2022 donnant d\u00e9l\u00e9gation de signature \u00e0 madameLucie Vacher, Vice-Pr\u00e9sidente ;Vu l'arr\u00eat de la Cour de cassation du 14 f\u00e9vrier 2024 requalifiant le placement \u00e9ducatif \u00e0 domicile en mesures d'assistance\u00e9ducative en milieu ouvert ;Consid\u00e9rant la n\u00e9cessit\u00e9 de garantir la prise en charge par le service d'assistance \u00e9ducative en milieu ouvert des mesuresde placement externalis\u00e9 jusque-l\u00e0 mises en \u0153uvre et des mesures en attente d'ex\u00e9cution qui t\u00e9moignent de l'int\u00e9r\u00eat d'uneintervention intensive au domicile du jeune qui en b\u00e9n\u00e9ficie ;\nPage 1 sur 3\n01-69_DTPJJ_Direction territoriale de la protection judiciaire de la jeunesse de l'Ain et du Rh\u00f4ne - 69-2026-03-06-00065 - Arr\u00eat\u00e9\nconjoint portant modification de l'autorisation de la MECS Les Aliz\u00e9s et du SAFREN (PRADO) - N\u00b0DTPJJ SAH 2026 03 06 05 5\nConsid\u00e9rant la mise en place par la M\u00e9tropole d'un p\u00e9rim\u00e8tre sectoris\u00e9 d'intervention \u00e0 l'\u00e9chelle des conf\u00e9rences territorialesdes maires, communiqu\u00e9 aux magistrats, afin de garantir une intervention de proximit\u00e9 et la r\u00e9activit\u00e9 de la prise en charge,et faciliter les transmissions entre l'Aide sociale \u00e0 l'enfance et le service de milieu ouvert judiciaire ;\nSur proposition de Monsieur le Pr\u00e9fet, Secr\u00e9taire g\u00e9n\u00e9ral de la pr\u00e9fecture du Rh\u00f4ne, Pr\u00e9fet d\u00e9l\u00e9gu\u00e9 pour l'\u00e9galit\u00e9 des chanceset de Madame la Directrice g\u00e9n\u00e9rale adjointe d\u00e9l\u00e9gu\u00e9e au d\u00e9veloppement solidaire, \u00e0 l'habitat et \u00e0 l'\u00e9ducation ;\nArr\u00eatentArticle 1 :L'autorisation de la MECS \u00ab Les Aliz\u00e9s \u00bb sis 3 route Neuve 69270 Saint Romain au Mont d'Or (69) et du Serviced'Accompagnement Familial Renforc\u00e9 (SAFREN) g\u00e9r\u00e9s par l'association PRADO est modifi\u00e9e comme suit :- 22 places pour des mineurs, \u00e2g\u00e9s de 5 \u00e0 18 ans, accueillis en MECS ;- 45 mesures d'AEMO renforc\u00e9es ;- 5 mesures d'AEMO avec h\u00e9bergement.\nArticle 2 :Ces mineurs sont confi\u00e9s par le service de l'aide sociale \u00e0 l'enfance au titre de l'article L. 222-5 du code de l'action sociale etdes familles et sur le fondement des articles 375 \u00e0 375-8 du code civil et du Code de justice p\u00e9nale pour mineurs.\nArticle 3 :L'\u00e9ch\u00e9ance initiale de l'autorisation demeure inchang\u00e9e et reste fix\u00e9e \u00e0 la date du 26 juillet 2034 et vaut habilitation \u00e0 recevoirdes b\u00e9n\u00e9ficiaires de l'aide sociale \u00e0 l'enfance.\nArticle 4 :Tout changement important dans l'activit\u00e9, l'installation, l'organisation, la direction ou le fonctionnement de l'\u00e9tablissementpar rapport aux caract\u00e9ristiques en vigueur devra \u00eatre port\u00e9 \u00e0 la connaissance du Pr\u00e9fet et du Pr\u00e9sident de la M\u00e9tropole deLyon.\nArticle 5 :La pr\u00e9sente autorisation est valable sous r\u00e9serve du r\u00e9sultat d'une visite de conformit\u00e9 organis\u00e9e dans les conditions pr\u00e9vuespar les articles D 313-11 \u00e0 D 313-14 du code de l'action sociale et des familles.\nArticle 6 :Les caract\u00e9ristiques du service seront r\u00e9pertori\u00e9es dans le fichier national des \u00e9tablissements sanitaires et sociaux.\nArticle 7 :Le pr\u00e9sent arr\u00eat\u00e9 peut faire l'objet, dans un d\u00e9lai de deux mois \u00e0 compter de sa notification et de sa publication, soit d'unrecours gracieux devant le Pr\u00e9sident de la M\u00e9tropole \u2014 Direction XXX, soit d'un recours contentieux devant le Tribunaladministratif de Lyon - 184 rue Duguesclin 69433 Lyon cedex 03, en application des articles R 421-1 et suivants du code dejustice administrative ou au moyen de l'application informatique \u00ab T\u00e9l\u00e9recours citoyens \u00bb accessible par le site internetwww.telerecours.fr.\nArticle 8 :Monsieur le Pr\u00e9fet, Secr\u00e9taire g\u00e9n\u00e9ral de la Pr\u00e9fecture du Rh\u00f4ne, Pr\u00e9fet d\u00e9l\u00e9gu\u00e9 pour l\u00e9galit\u00e9 des chances, la Directriceg\u00e9n\u00e9rale et le Comptable public \u2014 Service de gestion comptable de Lyon Ville et M\u00e9tropole et Madame la Directriceinterr\u00e9gionale de la protection judiciaire de la jeunesse Centre-Est sont charg\u00e9s, chacun, en ce qui le concerne de l'ex\u00e9cutiondu pr\u00e9sent arr\u00eat\u00e9 qui sera publi\u00e9 au recueil des actes administratif de la pr\u00e9fecture du Rh\u00f4ne. Une ampliation sera notifi\u00e9eau destinataire du pr\u00e9sent arr\u00eat\u00e9.\nPage 2 sur 3\n01-69_DTPJJ_Direction territoriale de la protection judiciaire de la jeunesse de l'Ain et du Rh\u00f4ne - 69-2026-03-06-00065 - Arr\u00eat\u00e9\nconjoint portant modification de l'autorisation de la MECS Les Aliz\u00e9s et du SAFREN (PRADO) - N\u00b0DTPJJ SAH 2026 03 06 05 6\nLyon, le 06 /b3/20 26 Pour le Pr\u00e9sident de la M\u00e9tropole de LyonPour le Pr\u00e9fet La Vice-Pr\u00e9sidente d\u00e9l\u00e9gu\u00e9eLe Pr\u00e9fetSecr a =fPr\u00e9fet d\u00e9l\u00e9qu\u00e9 pc. .2 \u20ac ==S chancesFabrice ROSAY Lucie VACHER\nqu\nPage 3 sur 3\n01-69_DTPJJ_Direction territoriale de la protection judiciaire de la jeunesse de l'Ain et du Rh\u00f4ne - 69-2026-03-06-00065 - Arr\u00eat\u00e9\nconjoint portant modification de l'autorisation de la MECS Les Aliz\u00e9s et du SAFREN (PRADO) - N\u00b0DTPJJ SAH 2026 03 06 05 7\n01-69_DTPJJ_Direction territoriale de la\nprotection judiciaire de la jeunesse de l'Ain et du\nRh\u00f4ne\n69-2026-03-06-00066\nArr\u00eat\u00e9 conjoint portant modification de\nl'autorisation de la MECS Saint Vincent (ORSAC) -\nN\u00b0DTPJJ SAH 2026 03 06 04\n01-69_DTPJJ_Direction territoriale de la protection judiciaire de la jeunesse de l'Ain et du Rh\u00f4ne - 69-2026-03-06-00066 - Arr\u00eat\u00e9\nconjoint portant modification de l'autorisation de la MECS Saint Vincent (ORSAC) - N\u00b0DTPJJ SAH 2026 03 06 04 8\nE =PR\u00c9F\u00c8TE M\u00c9TROPOLEDU RHONELibert\u00e9Egalit\u00e9Fraternit\u00e9Direction interr\u00e9gionale de la Protection Judiciaire de D\u00e9l\u00e9gation Solidarit\u00e9s, Habitat etla Jeunesse Centre-Est \u00c9ducationDirection territoriale Rh\u00f4ne-Ain Direction de la pr\u00e9vention et de la33 rue Moncey protection de l'enfance69003 LYON Unit\u00e9 tarificationCS 3356969505 LYON CEDEX 03Arr\u00eat\u00e9 n\u00b0DTPJJ_SAH-2026_03_06.04 Arr\u00eat\u00e9 n\u00b02026-DSHE-DPPE- (1-908\nARRETE CONJOINTPortant modification de l'autorisation de la Maison d'enfants \u00e0 caract\u00e8resocial (MECS) \u00ab Saint Vincent \u00bb sis 34 rue Francisque Jomard a Oullins (69600)g\u00e9r\u00e9e par l'association ORSAC\nCommune : OullinsLe Pr\u00e9sident de la M\u00e9tropole de Lyon, et la Pr\u00e9f\u00e8te de la Zone de d\u00e9fense et de s\u00e9curit\u00e9 sud-est, Pr\u00e9f\u00e9te de la r\u00e9gionAuvergne Rh\u00f4ne-Alpes, Pr\u00e9f\u00e9te du Rh\u00f4ne, Commandeur de la L\u00e9gion d'honneur, Commandeur de l'Ordre national duM\u00e9rite,Vu les articles 375 \u00e0 375-8 du code civil relatifs \u00e0 l'assistance \u00e9ducative ;Vu le Code de la justice p\u00e9nale des mineurs relatif \u00e0 l'enfance d\u00e9linquante ;Vu le Code G\u00e9n\u00e9ral des Collectivit\u00e9s Territoriales ;Vu le Code de l'Action Sociale et des Familles et notamment les articles :- L.221-1 relatif aux missions du service de l'aide sociale \u00e0 l'enfance,- L.222-5 relatif aux jeunes pris en charge par le service de l'aide sociale \u00e0 l'enfance,- L.312-1 et suivants, L313-1-1 et, R313-2-1, D 313-2 et suivants relatifs \u00e0 l'autorisation des \u00e9tablissements etservices sociaux et m\u00e9dico-sociaux,Vu le d\u00e9cret n\u00b0 2010-214 du 2 mars 2010 relatif au ressort territorial, \u00e0 l'organisation et aux attributions des servicesd\u00e9concentr\u00e9s de la protection judiciaire de la jeunesse ;Vu la d\u00e9lib\u00e9ration du Conseil de la M\u00e9tropole de Lyon n\u00b0 2023-1605 du 27 mars 2023 approuvant les orientations et leprogramme d'actions propos\u00e9s dans le cadre du projet m\u00e9tropolitain des solidarit\u00e9s pour la p\u00e9riode 2023-2027 ;Vu le projet territorial de la protection judiciaire de la jeunesse Rh\u00f4ne-Ain ;Vu l'arr\u00eat\u00e9 du Pr\u00e9sident du Conseil d\u00e9partemental du Rh\u00f4ne n\u00b0 ARCG-ENF-2011-0003 du 24 f\u00e9vrier 2011 portanthabilitation de la MECS Saint-Vincent au titre de l'ASE ;Vu l'arr\u00eat\u00e9 conjoint du Pr\u00e9sident de la M\u00e9tropole et du Pr\u00e9fet du Rh\u00f4ne du 29 mai 2020 portant modification del'autorisation de la MECS Saint-Vincent ;Vu l'arr\u00eat\u00e9 du Pr\u00e9sident de la M\u00e9tropole n\u00b0 2022-03-07-R-0231 du 7 mars 2022 donnant d\u00e9l\u00e9gation de signature \u00e0 madameLucie Vacher, Vice-Pr\u00e9sidente ;Vu l'avis de la Cour de cassation du 14 f\u00e9vrier 2024 requalifiant le placement \u00e9ducatif \u00e0 domicile en mesures d'assistance\u00e9ducative en milieu ouvert ;\nPage 1 sur 3\n01-69_DTPJJ_Direction territoriale de la protection judiciaire de la jeunesse de l'Ain et du Rh\u00f4ne - 69-2026-03-06-00066 - Arr\u00eat\u00e9\nconjoint portant modification de l'autorisation de la MECS Saint Vincent (ORSAC) - N\u00b0DTPJJ SAH 2026 03 06 04 9\nConsid\u00e9rant la n\u00e9cessit\u00e9 de garantir la prise en charge par le service d'assistance \u00e9ducative en milieu ouvert des mesuresde placement externalis\u00e9 jusque-l\u00e0 mises en \u0153uvre et des mesures en attente d'ex\u00e9cution qui t\u00e9moignent de l'int\u00e9r\u00eat d'uneintervention intensive au domicile du jeune qui en b\u00e9n\u00e9ficie ;\nConsid\u00e9rant la mise en place par la M\u00e9tropole d'un p\u00e9rim\u00e8tre sectoris\u00e9 d'intervention \u00e0 l'\u00e9chelle des conf\u00e9rencesterritoriales des maires, communiqu\u00e9 aux magistrats, afin de garantir une intervention de proximit\u00e9 et la r\u00e9activit\u00e9 de laprise en charge, et faciliter les transmissions entre l'Aide sociale \u00e0 l'enfance et le service de milieu ouvert judiciaire ;\nSur proposition de Monsieur le Pr\u00e9fet, Secr\u00e9taire g\u00e9n\u00e9ral\u00e9 de la pr\u00e9fecture du Rh\u00f4ne, Pr\u00e9fet d\u00e9l\u00e9gu\u00e9 pour l'\u00e9galit\u00e9 deschances et de Madame la Directrice g\u00e9n\u00e9rale d\u00e9l\u00e9gu\u00e9e au d\u00e9veloppement solidaire, \u00e0 habitat et \u00e0 l'\u00e9ducation ;\nArr\u00eatent\nArticle 1 :L'autorisation de la MECS saint Vincent, domicili\u00e9e 34 rue Francisque Jomard \u00e0 Oullins et g\u00e9r\u00e9e par l'association ORSAC,organisme gestionnaire dont le si\u00e8ge est situ\u00e9 18 rue Bichat \u00e0 Lyon 2 est modifi\u00e9e comme suit :- 82 places pour des mineurs b\u00e9n\u00e9ficiaires de l'aide sociale \u00e0 l'enfance, \u00e2g\u00e9s de 0 \u00e0 18 ans ;- 30 mesures d'assistance \u00e9ducative en milieu ouvert renforc\u00e9es (AEMO R) et 2 mesures d'assistance \u00e9ducativeavec possibilit\u00e9 d'h\u00e9bergement (AEMO H) pour des filles et gar\u00e7ons \u00e2g\u00e9s de 0 \u00e0 18 ans, au titre de l'ASE,\nArticle 2 :La capacit\u00e9 de la MECS Saint-Vincent est de 82 places et 32 mesures d'AEMO r\u00e9parties comme suit :- 52 places en collectif pour des filles et gar\u00e7ons \u00e2g\u00e9s de 3 \u00e0 18 ans, confi\u00e9s par l'autorit\u00e9 judiciaire au titre des articles 375\u00e0 375-8 du code civil relatifs \u00e0 l'assistance \u00e9ducative et au titre de ASE,- 16 places au sein d'une villa et en appartement ext\u00e9rieur pour des filles et gar\u00e7ons \u00e2g\u00e9s de 16 \u00e0 18 ans, confi\u00e9s parl'autorit\u00e9 judiciaire au titre des articles 375 \u00e0 375-8 du code civil relatifs \u00e0 l'assistance \u00e9ducative et au titre de l'ASE,- 12 places en accueil \u00e9ducatif pour des filles et gar\u00e7ons \u00e2g\u00e9s de 3 \u00e0 18 ans, confi\u00e9s par l'autorit\u00e9 judiciaire au titre desarticles 375 a 375-8 du code civil relatifs \u00e0 l'assistance \u00e9ducative et au titre de l'ASE,- 2 places pour des filles et gar\u00e7ons, \u00e2g\u00e9s de 0 \u00e0 3 ans, au titre de l'ASE,- 30 mesures d'assistance \u00e9ducative en milieu ouvert renforc\u00e9es (AEMO R) et 2 mesures d'assistance \u00e9ducative avecpossibilit\u00e9 d'h\u00e9bergement (AEMO H) pour des filles et gar\u00e7ons \u00e2g\u00e9s de 0 \u00e0 18 ans, au titre de ASE,Ces mineurs sont confi\u00e9s par le service de l'aide sociale \u00e0 l'enfance au titre de l'article L. 222-5 du code de l'action socialeet des familles et sur le fondement des articles 375 \u00e0 375-8 du code civil et du Code de justice p\u00e9nale pour mineurs.\nArticle 3 :L'\u00e9ch\u00e9ance initiale de l'autorisation demeure inchang\u00e9e et reste fix\u00e9e \u00e0 la date du 24 f\u00e9vrier 2026 et vaut habilitation \u00e0recevoir des b\u00e9n\u00e9ficiaires de l'aide sociale \u00e0 l'enfance.\nArticle 4 :Tout changement important dans l'activit\u00e9, l'installation, l'organisation, la direction ou le fonctionnement de l'\u00e9tablissementpar rapport aux caract\u00e9ristiques en vigueur devra \u00eatre port\u00e9 \u00e0 la connaissance du Pr\u00e9fet et du Pr\u00e9sident de la M\u00e9tropole deLyon.\nArticle 5 :La pr\u00e9sente autorisation est valable sous r\u00e9serve du r\u00e9sultat d'une visite de conformit\u00e9 organis\u00e9e dans les conditionspr\u00e9vues par les articles D 313-11 \u00e0 D 313-14 du code de l'action sociale et des familles.\nArticle 6 :Les caract\u00e9ristiques du service seront r\u00e9pertori\u00e9es dans le fichier national des \u00e9tablissements sanitaires et sociaux.Page 2 sur 3\n01-69_DTPJJ_Direction territoriale de la protection judiciaire de la jeunesse de l'Ain et du Rh\u00f4ne - 69-2026-03-06-00066 - Arr\u00eat\u00e9\nconjoint portant modification de l'autorisation de la MECS Saint Vincent (ORSAC) - N\u00b0DTPJJ SAH 2026 03 06 04 10\nArticle 7 :Le pr\u00e9sent arr\u00eat\u00e9 peut faire l'objet, dans un d\u00e9lai de deux mois \u00e0 compter de sa notification et de sa publication, soit d'unrecours gracieux devant le Pr\u00e9sident de la M\u00e9tropole \u2014 Direction XXX, soit d'un recours contentieux devant le Tribunaladministratif de Lyon - 184 rue Duguesclin 69433 Lyon cedex 03, en application des articles R 421-1 et suivants du code dejustice administrative ou au moyen de l'application informatique \u00ab T\u00e9l\u00e9recours citoyens \u00bb accessible par le site internetwww.telerecours.fr.\nArticle 8 :Monsieur le Pr\u00e9fet, Secr\u00e9taire g\u00e9n\u00e9ral\u00e9 de la Pr\u00e9fecture du Rh\u00f4ne, Pr\u00e9fet d\u00e9l\u00e9gu\u00e9 pour l'\u00e9galit\u00e9 des chances, la Directriceg\u00e9n\u00e9rale et le Comptable public \u2014 Service de gestion comptable de Lyon Ville et M\u00e9tropole, et Madame la Directriceinterr\u00e9gionale de la protection judiciaire de la jeunesse Centre-Est sont charg\u00e9s, chacun en ce qui le concerne, del'ex\u00e9cution du pr\u00e9sent arr\u00eat\u00e9 qui sera publi\u00e9 au recueil des actes administratifs de la pr\u00e9fecture du Rh\u00f4ne. Une ampliationsera notifi\u00e9e au destinataire du pr\u00e9sent arr\u00eat\u00e9.\nLyon, le OG /03 /202 6\nPour le Pr\u00e9fet h Pour le Pr\u00e9sident de la M\u00e9tropole de Lyon. as poles Seal La Vice-Pr\u00e9sidente d\u00e9l\u00e9gu\u00e9ePr\u00e9fet dele : RS \u00c0 '\u00e9 \u00e9s chancesa \u2014\u2014Faorice ROSAY Lucie Vacher\nPage 3 sur 3\n01-69_DTPJJ_Direction territoriale de la protection judiciaire de la jeunesse de l'Ain et du Rh\u00f4ne - 69-2026-03-06-00066 - Arr\u00eat\u00e9\nconjoint portant modification de l'autorisation de la MECS Saint Vincent (ORSAC) - N\u00b0DTPJJ SAH 2026 03 06 04 11\n69_Centre Hospitalier Vinatier\n69-2026-03-03-00013\n2026-03 d\u00e9l\u00e9gation de signature M\u00e9lie MICHEL\n69_Centre Hospitalier Vinatier - 69-2026-03-03-00013 - 2026-03 d\u00e9l\u00e9gation de signature M\u00e9lie MICHEL 12\n| CENTRE HOSPITALIER LE VINATIER95, Boulevard PinelBP 300 39 LE VINATIER a69678 BRON CedexSIREN : 266.900.083\nDirection G\u00e9n\u00e9raleT\u00e9l : 04 81 92 56 10Fax : 04 81 92 56 12\nDECISION N\u00b0 2026-03PORTANT DELEGATION DE SIGNATURE\nLe Directeur du Centre Hospitalier Le Vinatier,Vu l'article L.6143-7 du Code de la sant\u00e9 publique,Vu les articles D.6143-33 \u00e0 D.6143-35 du m\u00eame code,Vu l'arr\u00eat\u00e9 2017-269 du 02 ao\u00fbt 2017 du Centre National de Gestion, portant nomination du Directeur duCentre Hospitalier Le Vinatier, prolong\u00e9 par arr\u00eat\u00e9 du 8 juin 2021 puis par arr\u00eat\u00e9 du 18 septembre 2025,Vu le proc\u00e8s-verbal d'installation \u00e0 ses fonctions de Monsieur Pascal MARIOTTI, en date du 18 septembre2017,Vu l'organigramme de Direction du Centre Hospitalier Le Vinatier,Vu la convention constitutive du Groupement Hospitalier de Territoire Val Rh\u00f4ne Centre conclue le 10 f\u00e9vrier2023 et approuv\u00e9e par arr\u00eat\u00e9 du Directeur G\u00e9n\u00e9ral de l'Agence R\u00e9gionale de Sant\u00e9 Auvergne Rh\u00f4ne-Alpesn\u00b02023-17-0036-du 27 f\u00e9vrier 2023, modifi\u00e9e par avenant du 26 novembre 2025 portant int\u00e9gration duCentre Hospitalier Le Vinatier,Consid\u00e9rant qu'aux termes de l'article R.6132-16 du Code de la sant\u00e9 publique, l'\u00e9tablissement support (duGHT (HCL) est charg\u00e9 de la politique, de la strat\u00e9gie d'achat et du contr\u00f4le de gestion des achats pour ce quiconcerne l'ensemble des march\u00e9s et de leurs avenants, qu'il assure la passation des march\u00e9s et de leursavenants conform\u00e9ment au code de la commande publique et que l'\u00e9tablissement partie au GHT assurel'ex\u00e9cution de ces march\u00e9s conform\u00e9ment aux dispositions dudit code,Consid\u00e9rant que l'\u00e9tablissement support du GHT (HCL) assure la fonction achats pour le compte des\u00e9tablissements parties au groupement, \u00e0 l'exclusion de la fonction approvisionnements qui demeure dans lechamp de comp\u00e9tence de l'\u00e9tablissement partie,\nDECIDE\nARTICLE 1 : DELEGATAIREUne d\u00e9l\u00e9gation de signature des actes \u00e9num\u00e9r\u00e9s aux articles 2 et 3 ci-apr\u00e8s est donn\u00e9e \u00e0 M\u00e9lie MICHEL,Directrice adjointe charg\u00e9e de la Direction Achat et Ing\u00e9nierie.\nPage 1 sur 3\n69_Centre Hospitalier Vinatier - 69-2026-03-03-00013 - 2026-03 d\u00e9l\u00e9gation de signature M\u00e9lie MICHEL 13\nARTICLE 2 : NATURE DES ACTES DELEGUES POUR LES ACHATSLa d\u00e9l\u00e9gation de signature porte sur les actes suivants :e Bons de commande uniquement aux fins d'approvisionnement dans le cadre de l'ex\u00e9cution demarch\u00e9s existants pass\u00e9s par le Vinatier (march\u00e9s en cours d'ex\u00e9cution au 01/01/2026, march\u00e9spass\u00e9s par le Vinatier en application de la d\u00e9cision n\u00b025-123 ci-dessous) ou par le GHT d\u00e8s le01/01/2026 (fournitures, services, travaux \u2014 Classes 2 et 6) dans la limite du montant du march\u00e9,e R\u00e9ception de travauxEn cas d'absence ou d'emp\u00e9chement de M\u00e9lie MICHEL, d\u00e9l\u00e9gation de signature pour ces actes est donn\u00e9econcomitamment \u00e0 :- S\u00e9bastien BARTHELEMY, Directeur des syst\u00e8mes d'information, de la logistique et des projets.- Estelle LUCAS-PELISSON, Directeur des affaires financi\u00e8res,- Carine MAILLET, Directeur des Ressources humaines,- Bertrand CLERC, Pharmacien g\u00e9rant de la Pharmacie a usage int\u00e9rieur.(Pour information, il est pr\u00e9cis\u00e9 que par d\u00e9cision n\u00b025-123 du 22 d\u00e9cembre 2025, d\u00e9l\u00e9gation de signatureest \u00e9galement donn\u00e9e par le pouvoir adjudicateur du GHT Val Rh\u00f4ne-Centre \u00e0 Mme M\u00e9lie MICHEL \u00e0 l'effetde signer, pour tous les march\u00e9s publics d'un montant jusqu'\u00e0 25 000 euros HT conclus pour le GHT:e toutes d\u00e9cisions, attestations, documents, correspondances, certificats, relatifs \u00e0 la passation desmarch\u00e9s publics r\u00e9pondant \u00e0 des besoins sp\u00e9cifiques de l'\u00e9tablissement;e tous march\u00e9s publics r\u00e9pondant \u00e0 des besoins sp\u00e9cifiques de l'\u00e9tablissement;e tout avenant, sous r\u00e9serve que l'engagement financier global reste d'un montant inf\u00e9rieur ou \u00e9gal\u00e0 25 000 euros HT.La passation des achats et march\u00e9s aff\u00e9rents au-del\u00e0 de 25 000 \u20ac HT ainsi que tous les actes contractuels li\u00e9saux march\u00e9s sup\u00e9rieurs \u00e0 25 000 euros HT est assur\u00e9e par les HCL en tant qu'\u00e9tablissement support du GHT).\nARTICLE 3 : NATURE DES ACTES DELEGUES POUR LA GESTION COURANTE DE LA DIRECTION ACHATS ETINGENIERIELa d\u00e9l\u00e9gation de signature porte sur les actes de gestion courante de la Direction.En cas d'absence ou d'emp\u00e9chement de M\u00e9lie MICHEL, d\u00e9l\u00e9gation est donn\u00e9e pour ces actes concernantnotamment les responsables de service plac\u00e9s imm\u00e9diatement sous son autorit\u00e9 \u00e0 :- S\u00e9bastien BARTHELEMY, Directeur des syst\u00e8mes d'information, de la logistique et des projets.\nARTICLE 4 : DUREE DE LA DELEGATIONLa d\u00e9cision n\u00b02023-092 du 1\u00b0 mars 2023 est abrog\u00e9e au 31 d\u00e9cembre 2025.La pr\u00e9sente d\u00e9l\u00e9gation entre en vigueur au 1\u00b0 janvier 2026.La pr\u00e9sente d\u00e9l\u00e9gation est \u00e9tablie \u00e0 titre permanent.Elle cessera de plein droit ses effets en cas de modification des fonctions des d\u00e9l\u00e9gataires.\nPage 2 sur 3\n69_Centre Hospitalier Vinatier - 69-2026-03-03-00013 - 2026-03 d\u00e9l\u00e9gation de signature M\u00e9lie MICHEL 14\nARTICLE 5 : PUBLICITELa pr\u00e9sente d\u00e9l\u00e9gation de signature sera notifi\u00e9e aux d\u00e9l\u00e9gataires.La pr\u00e9sente d\u00e9l\u00e9gation de signature est publi\u00e9e sur le site intranet de |'\u00e9tablissement.La pr\u00e9sente d\u00e9l\u00e9gation est communiqu\u00e9e au conseil de surveillance et transmise sans d\u00e9lai au comptable del'\u00e9tablissement. Elle sera publi\u00e9e au recueil des actes administratifs de la pr\u00e9fecture du Rh\u00f4ne.Dans les deux mois suivant sa notification ou sa publication, la pr\u00e9sente d\u00e9cision peut faire l'objet d'unrecours gracieux devant le Directeur du Centre Hospitalier ou d'un recours contentieux devant le Tribunaladministratif de Lyon.\nA Bron, le 1\u00b0 janvier 2026\nSignatures des d\u00e9l\u00e9gataires valant acceptation et recueil de sp\u00e9cimen desi\nM\u00e9lie MICHEL S\u00e9bastien BARTHELEMYDirectrice adjointe en charge de la Direction Directeur adjoint en charge de la Logistique, desAchat et Ing\u00e9nierie Projets et des Syst\u00e8mes d'information\nEstelle LUCAS-PELISSON Carine MAILLET,Directeur adjoint en charge des affaires Directeur adjoint en charge des Ressourcesfinanci\u00e8res humainesTTet\nBertrand CLERC,Pharmacien g\u00e9rant de la Pharmacie \u00e0 usageint\u00e9rieur\nffY Page 3 sur 3\n69_Centre Hospitalier Vinatier - 69-2026-03-03-00013 - 2026-03 d\u00e9l\u00e9gation de signature M\u00e9lie MICHEL 15\n69_DDT_Direction d\u00e9partementale des\nterritoires du Rh\u00f4ne\n69-2026-03-10-00001\narr\u00eat\u00e9 amende suite d\u00e9passement encadrement\ndes loyers \u00e0 l'encontre de SCIM2E\n69_DDT_Direction d\u00e9partementale des territoires du Rh\u00f4ne - 69-2026-03-10-00001 - arr\u00eat\u00e9 amende suite d\u00e9passement encadrement\ndes loyers \u00e0 l'encontre de SCIM2E 16\nPREFETE Direction d\u00e9partementaleDU RHONE des territoiresLibert\u00e9\u00c9galit\u00e9Fraternit\u00e9\nArr\u00eat\u00e9 pr\u00e9fectoral n\u00b0 DDT - duprescrivant l'amende administrative pr\u00e9vue par l'article 140 de la loi n\u00b0 2018-1021 du 23 novembre 2018portant \u00e9volution du logement, de l'am\u00e9nagement et du num\u00e9riqueLa Pr\u00e9f\u00e8te de la R\u00e9gion Auvergne-Rh\u00f4ne-Alpes,Pr\u00e9f\u00e8te de la Zone de d\u00e9fense et de s\u00e9curit\u00e9 sud-est,Pr\u00e9f\u00e8te du Rh\u00f4ne,Commandeur de la L\u00e9gion d'honneur,Commandeur de l'ordre national du M\u00e9rite,\nVU le code de la construction et de l'habitation, notamment le chapitre IV du titre III de son livre VI ;VU le code des relations entre le public et l'administration, notamment ses articles L. 122-1 et L. 122-2;VU la loi n\u00b0 89-462 du 6juillet 1989 modifi\u00e9e tendant \u00e0 am\u00e9liorer les rapports locatifs et portant modificationde la loi n\u00b0 86-1290 du 23 d\u00e9cembre 1986;VU la loi n\u00b0 2018-1021 du 23 novembre 2018 portant \u00e9volution du logement, de l'am\u00e9nagement et dunum\u00e9rique, mettant en place un dispositif exp\u00e9rimental d'encadrement des loyers, notamment son article 140(VII);VU le d\u00e9cret 2021-1143 du 2 septembre 2021 fixant le p\u00e9rim\u00e8tre du territoire de la m\u00e9tropole de Lyon sur lequelest mis en place le dispositif d'encadrement des loyers pr\u00e9vu \u00e0 l'article 140 de la loi n\u00b0 2018-1021 du23 novembre 2018 pr\u00e9cit\u00e9e ;VU le d\u00e9cret du 11 janvier 2023 en conseil des ministres portant nomination de Madame Fabienne BUCCIO enqualit\u00e9 de pr\u00e9f\u00e8te de la r\u00e9gion Auvergne-Rh\u00f4ne-Alpes, pr\u00e9f\u00e8te de la zone de d\u00e9fense et de s\u00e9curit\u00e9 Sud-Est,pr\u00e9fet du Rh\u00f4ne;VU le d\u00e9cret n\u00b0 2019-437 du 13 mai 2019 relatif aux modalit\u00e9s de la mise en demeure en cas de non-respect dudispositif exp\u00e9rimental d'encadrement du niveau des loyers et au recouvrement des amendes administrativesdans le cadre des rapports locatifs, notamment son article 1er;VU l'arr\u00eat\u00e9 pr\u00e9fectoral n\u00b0 69-2021-09-29-00005 du 29 septembre 2021 fixant les loyers de r\u00e9f\u00e9rence, les loyersde r\u00e9f\u00e9rence major\u00e9s et les loyers de r\u00e9f\u00e9rence minor\u00e9s pour 2022 ;VU la lettre de mise en demeure du 22 octobre 2025 adress\u00e9e \u00e0 la SCI M2E repr\u00e9sent\u00e9e par Monsieur DavidHoved LELTI, en application du VII de l'article 140 de la loi n\u00b0 2018-1021 du 23 novembre 2018;VU le courrier d'information sur l'amende envisag\u00e9e en date du 2 juin 2025 adress\u00e9 \u00e0 la SCI M2E repr\u00e9sent\u00e9epar Monsieur David Hoved LELTI, pris apr\u00e8s constat du caract\u00e8re infructueux de l'\u00e9change contradictoire ;\n1/2\n69_DDT_Direction d\u00e9partementale des territoires du Rh\u00f4ne - 69-2026-03-10-00001 - arr\u00eat\u00e9 amende suite d\u00e9passement encadrement\ndes loyers \u00e0 l'encontre de SCIM2E 17\nCONSID\u00c9RANT que le loyer de base du contrat sign\u00e9 entre le contrevenant et son locataire,Monsieur Samuel BIRAUD pour la location d'un logement situ\u00e9 51 bis rue du 1% mars 1943 \u00e0 Villeurbanne,d\u00e9passe d'un montant initial de 64 euros la limite du loyer de r\u00e9f\u00e9rence major\u00e9 conform\u00e9ment aux termes del'arr\u00eat\u00e9 pr\u00e9fectoral du 29 septembre 2021;CONSID\u00c9RANT que le d\u00e9passement de 64 euros perdure depuis la date d'effet du bail, le 29 novembre 2021;CONSID\u00c9RANT que le niveau du d\u00e9passement ainsi que sa dur\u00e9e justifient de fixer un montant d\u00e9finitifd'amende \u00e0 hauteur de 12 600 euros;Sur proposition du Directeur d\u00e9partemental des territoires ;ARR\u00caTEArticle1 :Une amende administrative d'un montant de douze mille six cents euros (12 600 euros) est prononc\u00e9e \u00e0l'encontre de la SCI M2E repr\u00e9sent\u00e9e par Monsieur David Hoved LELTI, 37 rue Magenta \u00e0 Villeurbanne (Rh\u00f4ne)suite au manquement constat\u00e9. \u00c0 cet effet, un titre de perception d'un montant de 12 600 euros est renduimm\u00e9diatement ex\u00e9cutoire aupr\u00e8s du directeur r\u00e9gional des finances publiques de la r\u00e9gion Auvergne-Rh\u00f4ne-Alpes.Article 2 :Le pr\u00e9sent arr\u00eat\u00e9 est soumis \u00e0 un contentieux de pleine juridiction et peut \u00eatre d\u00e9f\u00e9r\u00e9 au tribunal administratifde Lyon, par le contrevenant, dans un d\u00e9lai de deux mois suivant la date \u00e0 laquelle il lui a \u00e9t\u00e9 notifi\u00e9.Article3 :Le pr\u00e9sent arr\u00eat\u00e9 est notifi\u00e9 \u00e0 la SCI M2E repr\u00e9sent\u00e9e par Monsieur David Hoved LELTI, 37 rue Magenta \u00e0Villeurbanne (Rh\u00f4ne).Article 4 :Monsieur le Pr\u00e9fet, Secr\u00e9taire g\u00e9n\u00e9ral de la pr\u00e9fecture du Rh\u00f4ne, Pr\u00e9fet d\u00e9l\u00e9gu\u00e9 pour l'\u00e9galit\u00e9 des chances,Monsieur le Directeur d\u00e9partemental des territoires du Rh\u00f4ne et Monsieur le directeur r\u00e9gional des financespubliques de la r\u00e9gion Auvergne-Rh\u00f4ne-Alpes sont charg\u00e9s, chacun pour ce qui les concerne, de l'ex\u00e9cution dupr\u00e9sent arr\u00eat\u00e9. Fait \u00e0 Lyon, le | 0 MARS 2026Fabienne Bee\n__\nD\u00e9lais et voies de recours :Conform\u00e9ment \u00e0 l'article R.421-1 du code de justice administrative, la pr\u00e9sente d\u00e9cision peut faire l'objetd'un recours contentieux, dans le d\u00e9lai de deux mois \u00e0 compter de sa notification, devant le tribunaladministratif de Lyon (184, rue Duguesclin - 69 433 Lyon Cedex 03, ou sur l'application www.telerecours.fr).Elle peut \u00e9galement faire l'objet d'un recours gracieux aupr\u00e8s de Madame la Pr\u00e9f\u00e8te du Rh\u00f4ne. Cetted\u00e9marche interrompt le d\u00e9lai de recours contentieux, ce dernier devant \u00eatre introduit dans le d\u00e9lai dedeux mois suivant une d\u00e9cision implicite ou explicite de l'autorit\u00e9 comp\u00e9tente (le silence del'administration pendant un d\u00e9lai de deux mois valant d\u00e9cision implicite de rejet).\n2/2\n69_DDT_Direction d\u00e9partementale des territoires du Rh\u00f4ne - 69-2026-03-10-00001 - arr\u00eat\u00e9 amende suite d\u00e9passement encadrement\ndes loyers \u00e0 l'encontre de SCIM2E 18\n69_DDT_Direction d\u00e9partementale des\nterritoires du Rh\u00f4ne\n69-2026-03-06-00074\nArr\u00eat\u00e9 Pr\u00e9fectoral prescrivant l'ouverture d'une\nenqu\u00eate publique portant sur les demandes de\npermis de construire relatives \u00e0 la construction\nd'une centrale photovolta\u00efque au sol sur le\nterritoire des communes de Givors et\nLoire-Sur-Rh\u00f4ne\n69_DDT_Direction d\u00e9partementale des territoires du Rh\u00f4ne - 69-2026-03-06-00074 - Arr\u00eat\u00e9 Pr\u00e9fectoral prescrivant l'ouverture d'une\nenqu\u00eate publique portant sur les demandes de permis de construire relatives \u00e0 la construction d'une centrale photovolta\u00efque au sol\nsur le territoire des communes de Givors et Loire-Sur-Rh\u00f4ne\n19\nPREFETEDU RHONELibert\u00e9Egalit\u00e9Fraternit\u00e9\nDirection d\u00e9partementale\n des territoires\nArr\u00eat\u00e9 pr\u00e9fectoral n\u00b0 DDT  69-2026-03-06-00074 du 06 mars 2026 prescrivant l'ouverture d'une \nenqu\u00eate publique portant sur les demandes de permis de construire relatives \u00e0 la construction d'une \ncentrale photovolta\u00efque au sol sur le territoire des communes de Givors et Loire-Sur-Rh\u00f4ne\nLa Pr\u00e9f\u00e8te de la R\u00e9gion Auvergne-Rh\u00f4ne-Alpes,\nPr\u00e9f\u00e8te de la Zone de d\u00e9fense et de s\u00e9curit\u00e9 sud-est,\nPr\u00e9f\u00e8te du Rh\u00f4ne,\nCommandeur de la L\u00e9gion d'honneur,\nCommandeur de l'ordre national du M\u00e9rite,\nVU le code de l'urbanisme, et notamment les articles L.422-1 et suivants, R.422-1 et suivants et R.423-57 \nrelatifs au permis de construire relevant de la comp\u00e9tence de l'\u00c9tat,\nVU le code de l'environnement, et notamment les articles L.122-1 et suivants et R.122-1 et suivants, L.123-\n1 \u00e0 L.123-19, R.123-1 \u00e0 R.123-27 ,\nVU les dispositions des articles L.122-1-VI et R.122-12 du code de l'environnement en mati\u00e8re de mise \u00e0  \ndisposition des \u00e9tudes d'impact par voie \u00e9lectronique sur une plateforme gratuite mise \u00e0 disposition  \npar l'\u00c9tat,\nVU les  dispositions  des  articles  L.411-1-A  et  D.411-21-1  du  code  de  l'environnement  en  mati\u00e8re  de \nversement  dans  l'Inventaire  National  du  Patrimoine  Naturel  des  donn\u00e9es  brutes  de  biodiversit\u00e9,  \nnotamment celles acquises \u00e0 l'occasion de l'\u00e9tude d'impact d'un projet,\nVU le plan local d'urbanisme de la commune de Loire-sur-Rh\u00f4ne approuv\u00e9 le 31/01/2023 et le plan local \nd'urbanisme  et  de  l'habitat  de  la  M\u00e9tropole  de  Lyon  pour  la  commune  de  Givors  approuv\u00e9  le \n13/05/2019 et modifi\u00e9,\nVU les demandes de permis de construire n\u00b0 069  091 24 00031 et n\u00b0 069  118 24 00019, d\u00e9pos\u00e9es le  \n18/12/2024, par la soci\u00e9t\u00e9 Centrale PV France, 43 boulevard des Bouvets 92  000 Nanterre relative \u00e0 la  \nconstruction d'une centrale photovolta\u00efque au sol, lieu dit \u00cele de Bans 69 700 Givors et lieu dit Centrale \nThermique 69 700 Loire-sur-Rh\u00f4ne, \nVU les pi\u00e8ces du dossier d'enqu\u00eate publique pr\u00e9sent\u00e9es \u00e0 l'appui dudit projet et notamment l'\u00e9tude  \nd'impact et son r\u00e9sum\u00e9 non technique,\nVU l'ensemble des avis \u00e9mis sur le pr\u00e9sent projet par les personnes publiques associ\u00e9es,\nVU la saisine de l'autorit\u00e9 environnementale en date du 07/01/2024,\nVU l'avis d\u00e9lib\u00e9r\u00e9 de la mission r\u00e9gionale d'autorit\u00e9 environnementale Auvergne-Rh\u00f4ne-Alpes en date  \ndu 04/03/2025,\nVU la d\u00e9cision du 17/10/2025 n\u00b0 E25000175/69 du pr\u00e9sident du Tribunal Administratif de Lyon d\u00e9signant \nMonsieur Jean-Jack CEGARRA en qualit\u00e9 commissaire enqu\u00eateur et Monsieur Robert TODESCHINI en  \nqualit\u00e9 de commissaire enqu\u00eateur suppl\u00e9ant,\n1/5\n69_DDT_Direction d\u00e9partementale des territoires du Rh\u00f4ne - 69-2026-03-06-00074 - Arr\u00eat\u00e9 Pr\u00e9fectoral prescrivant l'ouverture d'une\nenqu\u00eate publique portant sur les demandes de permis de construire relatives \u00e0 la construction d'une centrale photovolta\u00efque au sol\nsur le territoire des communes de Givors et Loire-Sur-Rh\u00f4ne\n20\nCONSID\u00c9RANT que Monsieur Jean-Jack CEGARRA, commissaire enqu\u00eateur sera en charge de l'enqu\u00eate,\nCONSID\u00c9RANT que Monsieur Jean-Jack CEGARRA a \u00e9t\u00e9 consult\u00e9 sur les modalit\u00e9s de d\u00e9roulement de  \nl'enqu\u00eate,\nSUR PROPOSITION du directeur d\u00e9partemental des territoires,\nARR\u00caTE\nArticle     1   : Date, dur\u00e9e et objet de l'enqu\u00eate publique.\nIl est proc\u00e9d\u00e9 \u00e0 une enqu\u00eate publique, pendant une dur\u00e9e de 31  jours cons\u00e9cutifs du 13 avril 2026,  \n08h30 au 13 mai 2025, 17h00, portant sur les demandes de permis de construire n\u00b0 069  091 24 00031 et \nn\u00b0 069 118 25 00019, relatives \u00e0 la construction d'une centrale photovolta\u00efque au sol lieu dit \u00cele de Bans  \n69 700 Givors et lieu dit Centrale Thermique 69  700 Loire-sur-Rh\u00f4ne, d\u00e9pos\u00e9es le 18/12/2024, par la  \nsoci\u00e9t\u00e9 Centrale PV France, 43 boulevard des Bouvets 92 000 Nanterre.\nLe ma\u00eetre d'ouvrage responsable du projet, aupr\u00e8s duquel des informations peuvent \u00eatre demand\u00e9es,  \nest  la  soci\u00e9t\u00e9  Centrale  PV  France,  43  boulevard  des  Bouvets  92  000  Nanterre  \u2212  Courriel : \nmarina.canteau@edf-re.fr.\nArticle     2   : D\u00e9signation d'un commissaire enqu\u00eateur.\nA \u00e9t\u00e9 d\u00e9sign\u00e9 en qualit\u00e9 de commissaire enqu\u00eateur de cette enqu\u00eate, Monsieur Jean-Jack CEGARRA , \npar d\u00e9cision n\u00b0 E25000175/69 du Tribunal administratif de Lyon en date du 17/10/2025.\nArticle     3   : Pi\u00e8ces du dossier.\nLe dossier d'enqu\u00eate publique comprend  notamment la demande de permis de construire incluant  \nl'\u00e9tude d'impact, ainsi que les avis \u00e9mis sur la demande de permis de construire dont l'avis de la  \nmission r\u00e9gionale d'autorit\u00e9 environnementale Auvergne-Rh\u00f4ne-Alpes.\nArticle 4 : \u00c9tudes d'impact et donn\u00e9es brutes de biodiversit\u00e9.\nAvant le commencement de l'enqu\u00eate publique susvis\u00e9e, Centrale PV France proc\u00e8de au versement de \nl'\u00e9tude d'impact et des donn\u00e9es brutes de biodiversit\u00e9 sur le site projets-environnement.gouv.fr.\nArticle 5 : Lieu d'enqu\u00eate.\nL'enqu\u00eate publique a lieu en mairie de Givors \u2013 Place Camille Vallin 69  700 Givors (Tel : 04 72 49 18 18)  \net en mairie de Loire-sur-Rh\u00f4ne \u2013 471 Rue Edmond Cinquin 69 700 Loire-sur-Rh\u00f4ne (Tel : 04 72 49 21 21).\nArticle 6     : Consultation du dossier d'enqu\u00eate publique.\nPendant toute la dur\u00e9e de l'enqu\u00eate telle que d\u00e9finie \u00e0 l'article 1 ci-dessus, les pi\u00e8ces du dossier  \nd'enqu\u00eate sur support papier peuvent \u00eatre consult\u00e9es en mairie de Givors \u00e0 l'adresse sus-vis\u00e9e, aux  \njours  et  heures  habituels  d'ouverture  au  public,  sauf  fermeture  ou  modifications  d'horaires  \nexceptionnelles,\nJours Horaires d'ouverture\nLundi 08h30 \u2013 12h et 13h30 - 17h30\nMardi 08h30 \u2013 12h et 13h30 - 17h30\n2/5\n69_DDT_Direction d\u00e9partementale des territoires du Rh\u00f4ne - 69-2026-03-06-00074 - Arr\u00eat\u00e9 Pr\u00e9fectoral prescrivant l'ouverture d'une\nenqu\u00eate publique portant sur les demandes de permis de construire relatives \u00e0 la construction d'une centrale photovolta\u00efque au sol\nsur le territoire des communes de Givors et Loire-Sur-Rh\u00f4ne\n21\nMercredi 08h30 \u2013 12h et 13h30 - 17h30\nJeudi 08h30 \u2013 12h et 13h30 - 17h30\nVendredi 08h30 \u2013 12h et 13h30 - 17h30\net en mairie de Loire-sur-Rh\u00f4ne \u00e0 l'adresse sus-vis\u00e9e, aux jours et heures habituels d'ouverture au public, \nsauf fermeture ou modifications d'horaires exceptionnelles,\nJours Horaires d'ouverture\nMardi 08h30 \u2013 12h et 13h30 - 17h\nMercredi 08h30 \u2013 12h et 13h30 - 17h\nJeudi 08h30 \u2013 12h et 13h30 - 17h\nVendredi 08h30 \u2013 12h et 13h30 - 17h\nSamedi 08h30 \u2013 12h\nPar ailleurs, pendant toute la dur\u00e9e de l'enqu\u00eate, le dossier peut \u00eatre consult\u00e9 dans les locaux de la  \nDirection d\u00e9partementale des territoires du Rh\u00f4ne sur prise de rendez-vous par voie \u00e9lectronique \u00e0  \nl'adresse suivante : ddt-ads@rhone.gouv.fr.\nLe dossier d'enqu\u00eate est \u00e9galement consultable sur le registre num\u00e9rique d\u00e9di\u00e9 \u00e0 cette enqu\u00eate, \u00e0  \nl'adresse  suivante : https://www.registre-dematerialise.fr/7006/ et  accessible  via  le  site  internet  des  \nservices de L'\u00c9tat dans le Rh\u00f4ne \u00e0 l'adresse suivante :\nhttps://www.rhone.gouv.fr/Actualites/Consultations-et-enquetes-publiques/Enquetes-publiques-et-\nDeclarations-d-utilite-publique/Arretes-prefectoraux-d-ouverture-d-enquetes-publiques/Arretes-\nprefectoraux-d-ouverture-d-enquetes-publiques.\nToute personne peut, sur sa demande et \u00e0 ses frais, obtenir communication du dossier d'enqu\u00eate  \naupr\u00e8s des services de la pr\u00e9fecture du Rh\u00f4ne (direction d\u00e9partementale des territoires du Rh\u00f4ne -  \nService Am\u00e9nagement et appui aux territoires \u2013 Unit\u00e9 urbanisme - 165 rue Garibaldi - CS 33 862 - 69 401 \nLyon Cedex 03).\nArticle 7     :   Pr\u00e9sentation des observations.\nLe public peut d\u00e9poser ses observations et faire ses propositions pendant toute la dur\u00e9e de l'enqu\u00eate  \nsur les diff\u00e9rents registres mis \u00e0 sa disposition :\n- sur  le  registre  num\u00e9rique  d\u00e9di\u00e9  \u00e0  l'enqu\u00eate,  disponible  sur  le  site  https://www.registre-\ndematerialise.fr/7006/\n- sur le registre sur papier disponible en mairie de Givors et en mairie de Loire-sur-Rh\u00f4ne.\nLe public peut \u00e9galement adresser ses observations :\n- par courrier, \u00e0 l'attention du commissaire enqu\u00eateur, en mairie de Givors et en mairie de Loire-\nsur- Rh\u00f4ne, \n- par courriel \u00e0 l'adresse suivante : enquete-publique-7006@registre-dematerialise.fr \nEn vue d'assurer une information du public la plus compl\u00e8te possible, l'ensemble des contributions  \nrecueillies, quel qu'en soit le mode de d\u00e9p\u00f4t, est publi\u00e9 sur le registre d\u00e9mat\u00e9rialis\u00e9 dans les meilleurs  \nd\u00e9lais. Les personnes qui souhaiteraient garder l'anonymat le mentionneront de mani\u00e8re explicite dans \nleur contribution.\nArticle     8     :   Accueil du public.\nLe commissaire enqu\u00eateur se tient \u00e0 la disposition du public pour recevoir ses observations :\n3/5\n69_DDT_Direction d\u00e9partementale des territoires du Rh\u00f4ne - 69-2026-03-06-00074 - Arr\u00eat\u00e9 Pr\u00e9fectoral prescrivant l'ouverture d'une\nenqu\u00eate publique portant sur les demandes de permis de construire relatives \u00e0 la construction d'une centrale photovolta\u00efque au sol\nsur le territoire des communes de Givors et Loire-Sur-Rh\u00f4ne\n22\n- en mairie de Givors les :\nJours Horaires\nLundi 13 avril 2026 09h00- 12h00\nMardi 28 avril 2026 09h00- 12h00\nMercredi 6 mai 2026 14h00 - 17h00\nMardi 12 mai 2026 14h00 - 17h00\n- en mairie de Loire-sur-Rh\u00f4ne les :\nJours Horaires\nMardi 14 avril 2026 09h00 - 12h00\nMardi 28 avril 2026 14h00 - 17h00\nMercredi 6 mai 2026 09h00 - 12h00\nMercredi 13 mai 2026 14h00 - 17h00\nArticle 9     :   Rapport et conclusions du commissaire enqu\u00eateur.\nL'enqu\u00eate publique fait l'objet d'un rapport du commissaire enqu\u00eateur, ainsi que de ses conclusions,  \ndans le d\u00e9lai de 30 jours suivant la cl\u00f4ture de l'enqu\u00eate.\nLe rapport et les conclusions motiv\u00e9es \u00e9tablis par le commissaire enqu\u00eateur sont tenus \u00e0 la disposition  \ndu public pendant une dur\u00e9e d'une ann\u00e9e \u00e0 compter de la date de cl\u00f4ture de l'enqu\u00eate :\n- \u00e0 la Direction d\u00e9partementale des territoires du Rh\u00f4ne,\n- en mairie de Givors et de Loire-sur-Rh\u00f4ne,\n- sur le site internet des services de l'\u00c9tat dans le Rh\u00f4ne : \nhttps://www.rhone.gouv.fr/Actualites/Consultations-et-enquetes-publiques/Enquetes-publiques-et-\nDeclarations-d-utilite-publique/Rapports-des-commissaires-enqueteurs\nArticle 10 : Publicit\u00e9 et affichage.\nQuinze jours au moins avant l'ouverture de l'enqu\u00eate et pendant toute la dur\u00e9e de celle-ci, l'avis  \nd'enqu\u00eate publique fait l'objet d'une publication sur les panneaux d'affichage officiels des mairies de  \nGivors et Loire-sur-Rh\u00f4ne.  Il est \u00e9galement publi\u00e9 sur le site internet des services de l'\u00c9tat dans le  \nRh\u00f4ne : \nhttps://www.rhone.gouv.fr/Actualites/Consultations-et-enquetes-publiques/Enquetes-publiques-et-\nDeclarations-d-utilite-publique/Arretes-prefectoraux-d-ouverture-d-enquetes-publiques/Arretes-\nprefectoraux-d-ouverture-d-enquetes-publiques\nDans les m\u00eames conditions de d\u00e9lai et de dur\u00e9e, Centrale PV France proc\u00e8de \u00e0 l'affichage d'un ou  \nplusieurs  avis,  conformes  aux  caract\u00e9ristiques  et  dimensions  fix\u00e9es  par  arr\u00eat\u00e9  du  ministre  de  \nl'Environnement, sur le lieu pr\u00e9vu pour la r\u00e9alisation du projet, lisibles et visibles des voies publiques.\nLes formalit\u00e9s de publicit\u00e9 pr\u00e9cit\u00e9es doivent \u00eatre justifi\u00e9es, par un certificat \u00e9tabli, par le maire charg\u00e9  \nde l'affichage dans ses locaux ainsi que par trois constats d'huissiers \u00e9tablis par Centrale PV France  \npour l'affichage sur site qui lui incombe.\nCet avis d'enqu\u00eate publique est, en outre, ins\u00e9r\u00e9 par les soins du Pr\u00e9fet du Rh\u00f4ne, autorit\u00e9 organisatrice \nde l'enqu\u00eate, dans les journaux \u00abLe Progr\u00e8s\u00bb et \u00abLe Dauphin\u00e9 Lib\u00e9r\u00e9\u00bb, quinze jours au moins avant le  \nd\u00e9but de l'enqu\u00eate et rappel\u00e9 dans les huit premiers jours de celle-ci.\n4/5\n69_DDT_Direction d\u00e9partementale des territoires du Rh\u00f4ne - 69-2026-03-06-00074 - Arr\u00eat\u00e9 Pr\u00e9fectoral prescrivant l'ouverture d'une\nenqu\u00eate publique portant sur les demandes de permis de construire relatives \u00e0 la construction d'une centrale photovolta\u00efque au sol\nsur le territoire des communes de Givors et Loire-Sur-Rh\u00f4ne\n23\nArticle 11 : D\u00e9cision pouvant \u00eatre adopt\u00e9e au terme de l'enqu\u00eate.\nLa Pr\u00e9f\u00e8te du Rh\u00f4ne est l'autorit\u00e9 comp\u00e9tente pour accepter ou refuser le permis de construire. Le  \nd\u00e9faut d'une notification d'une d\u00e9cision expresse dans le d\u00e9lai d'instruction vaut d\u00e9cision implicite de  \nrejet de la demande.\nArticle 12     : Ex\u00e9cution.\nLa Pr\u00e9f\u00e8te, la sous-Pr\u00e9f\u00e8te en charge du Rh\u00f4ne-Sud, le Directeur d\u00e9partemental des territoires du  \nRh\u00f4ne, le Maire de Givors, le Maire de Loire-sur-Rh\u00f4ne, le r esponsable de Centrale PV France  et le  \ncommissaire enqu\u00eateur sont charg\u00e9s, chacun en ce qui le concerne, de l'ex\u00e9cution du pr\u00e9sent arr\u00eat\u00e9.\nFait, le 6 mars 2026\nPour la Pr\u00e9f\u00e8te et par d\u00e9l\u00e9gation\nLa sous-pr\u00e9f\u00e8te,\nSecr\u00e9taire g\u00e9n\u00e9rale adjointe\nJudith HUSSON\nD\u00e9lais et voies de recours :\nConform\u00e9ment \u00e0 l'article R.421-1 du code de justice administrative, la pr\u00e9sente d\u00e9cision peut faire l'objet  \nd'un recours contentieux, dans le d\u00e9lai de deux mois \u00e0 compter de sa notification, devant le tribunal  \nadministratif  de  Lyon  (184,  rue  Duguesclin  \u2013  69  433  Lyon  Cedex  03,  ou  sur  l'application  \nwww.telerecours.fr). Elle peut \u00e9galement faire l'objet d'un recours gracieux aupr\u00e8s de Monsieur le Pr\u00e9fet du \nRh\u00f4ne. Cette d\u00e9marche interrompt le d\u00e9lai de recours contentieux, ce dernier devant \u00eatre introduit dans  \nle d\u00e9lai de deux mois suivant une d\u00e9cision implicite ou explicite de l'autorit\u00e9 comp\u00e9tente (le silence de  \nl'administration pendant un d\u00e9lai de deux mois valant d\u00e9cision implicite de rejet).\n5/5\n69_DDT_Direction d\u00e9partementale des territoires du Rh\u00f4ne - 69-2026-03-06-00074 - Arr\u00eat\u00e9 Pr\u00e9fectoral prescrivant l'ouverture d'une\nenqu\u00eate publique portant sur les demandes de permis de construire relatives \u00e0 la construction d'une centrale photovolta\u00efque au sol\nsur le territoire des communes de Givors et Loire-Sur-Rh\u00f4ne\n24\n69_Pr\u00e9f_Pr\u00e9fecture du Rh\u00f4ne\n69-2026-03-09-00006\nArr\u00eat\u00e9 pr\u00e9fectoral portant d\u00e9l\u00e9gation de\nsignature \u00e0 M. Antoine GUERIN, pr\u00e9fet d\u00e9l\u00e9gu\u00e9\npour la d\u00e9fense et la s\u00e9curit\u00e9 aupr\u00e8s de la\npr\u00e9f\u00e8te de la r\u00e9gion Auvergne-Rh\u00f4ne-Alpes,\npr\u00e9f\u00e8te de la zone de d\u00e9fense et de s\u00e9curit\u00e9\nSud-Est, pr\u00e9f\u00e8te du Rh\u00f4ne\n69_Pr\u00e9f_Pr\u00e9fecture du Rh\u00f4ne - 69-2026-03-09-00006 - Arr\u00eat\u00e9 pr\u00e9fectoral portant d\u00e9l\u00e9gation de signature \u00e0 M. Antoine GUERIN, pr\u00e9fet\nd\u00e9l\u00e9gu\u00e9 pour la d\u00e9fense et la s\u00e9curit\u00e9 aupr\u00e8s de la pr\u00e9f\u00e8te de la r\u00e9gion Auvergne-Rh\u00f4ne-Alpes, pr\u00e9f\u00e8te de la zone de d\u00e9fense et de\ns\u00e9curit\u00e9 Sud-Est, pr\u00e9f\u00e8te du Rh\u00f4ne\n25\nesPREFETEDU RHONELibert\u00e9Egalit\u00e9Fraternit\u00e9\nDirection de la coordination\ndes politiques interminist\u00e9rielles\nLyon, le 09 mars 2026\nARR\u00caT\u00c9 PR\u00c9FECTORAL N\u00b0  69-2026-03-09-00006\nportant d\u00e9l\u00e9gation de signature \u00e0 M. Antoine GUERIN,\npr\u00e9fet d\u00e9l\u00e9gu\u00e9 pour la d\u00e9fense et la s\u00e9curit\u00e9 aupr\u00e8s de la pr\u00e9f\u00e8te de la r\u00e9gion\nAuvergne-Rh\u00f4ne-Alpes, pr\u00e9f\u00e8te de la zone de d\u00e9fense et de s\u00e9curit\u00e9 Sud-Est, pr\u00e9f\u00e8te du Rh\u00f4ne\nLA PR\u00c9F\u00c8TE DE LA R\u00c9GION AUVERGNE-RH\u00d4NE-ALPES,\nPR\u00c9F\u00c8TE DE LA ZONE DE D\u00c9FENSE ET DE S\u00c9CURIT\u00c9 SUD-EST,\nPR\u00c9F\u00c8TE DU RH\u00d4NE\nCommandeur de la L\u00e9gion d'honneur\nCommandeur de l'ordre national du M\u00e9rite\nVu le code de la d\u00e9fense ;\nVu le code de la s\u00e9curit\u00e9 int\u00e9rieure ;\nVu le code du travail ;\nVu le code g\u00e9n\u00e9ral des collectivit\u00e9s territoriales ;\nVu le code de sant\u00e9 publique ;\nVu le code du sport ;\nVu la loi n\u00b0 82-213 du 2 mars 1982 modifi\u00e9e relative aux droits et libert\u00e9s des communes, des  \nd\u00e9partements et des r\u00e9gions ;\nVu la loi d'orientation n\u00b0 92-125 du 6 f\u00e9vrier 1992 modifi\u00e9e relative \u00e0 l'administration territoriale de  \nla R\u00e9publique ;\nVu la loi n\u00b0 95-73 du 21 janvier 1995 modifi\u00e9e d'orientation et de programmation relative \u00e0 la  \ns\u00e9curit\u00e9 ;\nVu la loi n\u00b0 96-369 du 3 mai 1996 relative aux services d'incendie et de secours ;\nVu la loi n\u00b0 99-291 du 15 avril 1999 modifi\u00e9e relative aux polices municipales ;\nVu la loi n\u00b0 2002-1094 du 29 ao\u00fbt 2002 modifi\u00e9e d'orientation et de programmation pour la s\u00e9curit\u00e9 \nint\u00e9rieure ;\nVu la loi n\u00b0 2003-239 du 18 mars 2003 modifi\u00e9e pour la s\u00e9curit\u00e9 int\u00e9rieure ;\nVu la loi n\u00b0 2004-811 du 13 ao\u00fbt 2004 modifi\u00e9e de modernisation de la s\u00e9curit\u00e9 civile ;\n1/9\n69_Pr\u00e9f_Pr\u00e9fecture du Rh\u00f4ne - 69-2026-03-09-00006 - Arr\u00eat\u00e9 pr\u00e9fectoral portant d\u00e9l\u00e9gation de signature \u00e0 M. Antoine GUERIN, pr\u00e9fet\nd\u00e9l\u00e9gu\u00e9 pour la d\u00e9fense et la s\u00e9curit\u00e9 aupr\u00e8s de la pr\u00e9f\u00e8te de la r\u00e9gion Auvergne-Rh\u00f4ne-Alpes, pr\u00e9f\u00e8te de la zone de d\u00e9fense et de\ns\u00e9curit\u00e9 Sud-Est, pr\u00e9f\u00e8te du Rh\u00f4ne\n26\nVu la loi n\u00b0 2008-174 du 25 f\u00e9vrier 2008 modifi\u00e9e relative \u00e0 la r\u00e9tention de s\u00fbret\u00e9 et \u00e0 la d\u00e9claration  \nd'irresponsabilit\u00e9 p\u00e9nale pour cause de trouble mental ;\nVu  la  loi  n\u00b0  2011-267  du  14  mars  2011  modifi\u00e9e  d'orientation  et  de  programmation  pour  la  \nperformance de la s\u00e9curit\u00e9 int\u00e9rieure ;\nVu la loi n\u00b0 2011-672 du 16 juin 2011 relative \u00e0 l'immigration, \u00e0 l'int\u00e9gration et \u00e0 la nationalit\u00e9 ;\nVu la loi n\u00b0 2015-29 du 16 janvier 2015 relative \u00e0 la d\u00e9limitation des r\u00e9gions, aux \u00e9lections r\u00e9gionales  \net d\u00e9partementales et modifiant le calendrier \u00e9lectoral ;\nVu la loi n\u00b0 2020-856 du 9 juillet 2020 organisant la sortie de l'\u00e9tat d'urgence sanitaire ;\nVu le d\u00e9cret n\u00b0 93-377 du 18 mars 1993 modifi\u00e9 relatif aux pr\u00e9fets d\u00e9l\u00e9gu\u00e9s pour la s\u00e9curit\u00e9 et la  \nd\u00e9fense aupr\u00e8s des pr\u00e9fets de zone de d\u00e9fense ;\nVu  le  d\u00e9cret  n\u00b0  97-34  du  15  janvier  1997  modifi\u00e9  relatif  \u00e0  la  d\u00e9concentration  des  d\u00e9cisions  \nadministratives individuelles ;\nVu le d\u00e9cret n\u00b0 97-199 du 5 mars 1997 modifi\u00e9 relatif au remboursement de certaines d\u00e9penses  \nsupport\u00e9es par les forces de police et de gendarmerie ;\nVu le d\u00e9cret n\u00b0 2004-374 du 29 avril 2004 modifi\u00e9 relatif aux pouvoirs des pr\u00e9fets, \u00e0 l'organisation et \n\u00e0 l'action des services de l'\u00c9tat dans les r\u00e9gions et d\u00e9partements ;\nVu le d\u00e9cret n\u00b0 2008-252 du 12 mars 2008 modifi\u00e9 relatif \u00e0 la r\u00e9mun\u00e9ration de certains services  \nrendus par le minist\u00e8re de l'int\u00e9rieur, de l'outre-mer et des collectivit\u00e9s territoriales ;\nVu le d\u00e9cret n\u00b0 2008-1023 du 6 octobre 2008 relatif au fichier judiciaire national automatis\u00e9 des  \nauteurs d'infractions sexuelles ou violentes et au casier judiciaire national automatis\u00e9 ;\nVu  le  d\u00e9cret  n\u00b0  2010-1298  du  28  octobre  2010  portant  attribution  de  produits  au  budget  du \nminist\u00e8re  de  l'int\u00e9rieur,  de  l'outre-mer,  des  collectivit\u00e9s  territoriales  et  de  l'immigration,  en  \napplication du d\u00e9cret n\u00b0 97-199 modifi\u00e9 du 5 mars 1997 modifi\u00e9 relatif au remboursement de  \ncertaines d\u00e9penses support\u00e9es par les forces de police et de gendarmerie et du d\u00e9cret n\u00b0 2008-252  \ndu 12 mars 2008 modifi\u00e9 relatifs \u00e0 la r\u00e9mun\u00e9ration de certains services rendus par le minist\u00e8re de  \nl'int\u00e9rieur, de l'outre-mer et des collectivit\u00e9s territoriales ;\nVu le d\u00e9cret n\u00b0 2011-1049 du 6 septembre 2011 pris pour l'application de la loi n\u00b0 2011-672 du 16 juin \n2011 relative \u00e0 l'immigration, \u00e0 l'int\u00e9gration et \u00e0 la nationalit\u00e9 et relatif aux titres de s\u00e9jour ;\nVu le d\u00e9cret n\u00b0 2012-1246 du 7 novembre 2012 modifi\u00e9 relatif \u00e0 la gestion budg\u00e9taire et comptable  \npublique ;\nVu le d\u00e9cret n\u00b0 2012-1247 du 7 novembre 2012 portant adaptation de divers textes aux nouvelles  \nr\u00e8gles de la gestion budg\u00e9taire et comptable publique ;\nVu le d\u00e9cret n\u00b0 2015-510 du 7 mai 2015 portant charte de la d\u00e9concentration ;\nVu le d\u00e9cret n\u00b0 2017-440 du 30 mars 2017 relatif \u00e0 la s\u00e9curit\u00e9 des transports publics guid\u00e9s ; \nVu le d\u00e9cret n\u00b0 2023-530 du 29 juin 2023 relatif \u00e0 l'organisation de l'administration centrale de la  \npolice nationale et modifiant diverses dispositions relatives \u00e0 la police nationale ;\nVu le d\u00e9cret n\u00b0 2023-1013 du 2 novembre 2023 relatif aux services d\u00e9concentr\u00e9s et \u00e0 l'organisation  \nde la police nationale ;\nVu l'arr\u00eat\u00e9 minist\u00e9riel du 30 d\u00e9cembre 2005 portant d\u00e9concentration en mati\u00e8re de gestion des  \nfonctionnaires actifs des services de la police nationale ;\n2/9\n69_Pr\u00e9f_Pr\u00e9fecture du Rh\u00f4ne - 69-2026-03-09-00006 - Arr\u00eat\u00e9 pr\u00e9fectoral portant d\u00e9l\u00e9gation de signature \u00e0 M. Antoine GUERIN, pr\u00e9fet\nd\u00e9l\u00e9gu\u00e9 pour la d\u00e9fense et la s\u00e9curit\u00e9 aupr\u00e8s de la pr\u00e9f\u00e8te de la r\u00e9gion Auvergne-Rh\u00f4ne-Alpes, pr\u00e9f\u00e8te de la zone de d\u00e9fense et de\ns\u00e9curit\u00e9 Sud-Est, pr\u00e9f\u00e8te du Rh\u00f4ne\n27\nVu  l'arr\u00eat\u00e9  minist\u00e9riel  du  27  ao\u00fbt  2010  portant  d\u00e9concentration  en  mati\u00e8re  de  gestion  des  \nfonctionnaires des corps techniques et scientifiques de la police nationale ;\nVu l'arr\u00eat\u00e9 du 28 octobre 2010 portant application de l'article 2 du d\u00e9cret n\u00b0 97-199 du 5 mars 1997 \nmodifi\u00e9 relatif au remboursement de certaines d\u00e9penses support\u00e9es par les forces de police et de  \ngendarmerie  et  de  l'article  1er  du  d\u00e9cret  n\u00b0  2008-252  du  12  mars  2008  modifi\u00e9  relatif  \u00e0  la  \nr\u00e9mun\u00e9ration  de  certains  services  rendus  par  le  minist\u00e8re  de  l'int\u00e9rieur,  de  l'outre-mer  et  des \ncollectivit\u00e9s territoriales ;\nVu l'arr\u00eat\u00e9 du 24 d\u00e9cembre 2014 fixant le montant des remboursements de certaines d\u00e9penses  \nsupport\u00e9es par les forces de police et de gendarmerie ;\nVu l'arr\u00eat\u00e9 minist\u00e9riel du 26 janvier 2015 portant d\u00e9l\u00e9gation de pouvoir en mati\u00e8re de recrutement  \net de gestion des personnels administratifs du minist\u00e8re de l'int\u00e9rieur ;\nVu l'arr\u00eat\u00e9 pr\u00e9fectoral n\u00b0 2002-703 modifi\u00e9 du 23 janvier 2002 portant r\u00e8glement op\u00e9rationnel du  \nservice d\u00e9partemental-m\u00e9tropolitain d'incendie et de secours ;\nVu la circulaire n\u00b0 EFIZ1239322C du 28 novembre 2012 relative aux sanctions administratives suite \u00e0 \nproc\u00e8s verbal relevant une infraction pour travail ill\u00e9gal ;\nVu le d\u00e9cret du 11 janvier 2023 en conseil des ministres portant nomination de Mme Fabienne  \nBUCCIO en qualit\u00e9 de pr\u00e9f\u00e8te de la r\u00e9gion Auvergne-Rh\u00f4ne-Alpes, pr\u00e9f\u00e8te de la zone de d\u00e9fense et  \nde s\u00e9curit\u00e9 Sud-Est, pr\u00e9f\u00e8te du Rh\u00f4ne (hors classe) ;\nVu le proc\u00e8s-verbal d'installation de Mme Fabienne BUCCIO en qualit\u00e9 de pr\u00e9f\u00e8te de la r\u00e9gion  \nAuvergne-Rh\u00f4ne-Alpes, pr\u00e9f\u00e8te de la zone de d\u00e9fense et de s\u00e9curit\u00e9 Sud-Est, pr\u00e9f\u00e8te du Rh\u00f4ne, \u00e0  \ncompter du 30 janvier 2023 ;\nVu le d\u00e9cret du 31 mai 2023 portant nomination de la sous-pr\u00e9f\u00e8te charg\u00e9e de mission aupr\u00e8s de la  \npr\u00e9f\u00e8te de la r\u00e9gion Auvergne-Rh\u00f4ne-Alpes, pr\u00e9f\u00e8te de la zone de d\u00e9fense et de s\u00e9curit\u00e9 Sud-Est,  \npr\u00e9f\u00e8te du Rh\u00f4ne - Mme Charlotte CREPON ;\nVu le d\u00e9cret du 3 juillet 2024 portant nomination de la secr\u00e9taire g\u00e9n\u00e9rale adjointe de la pr\u00e9fecture \ndu Rh\u00f4ne (groupe IV), sous-pr\u00e9f\u00e8te charg\u00e9e de mission aupr\u00e8s de la pr\u00e9f\u00e8te de la r\u00e9gion Auvergne-\nRh\u00f4ne-Alpes, pr\u00e9f\u00e8te de la zone de d\u00e9fense et de s\u00e9curit\u00e9 Sud-Est, pr\u00e9f\u00e8te du Rh\u00f4ne - Mme Judith  \nHUSSON ;\nVu le d\u00e9cret du 6 novembre 2024 en conseil des ministres portant nomination du pr\u00e9fet d\u00e9l\u00e9gu\u00e9  \npour la d\u00e9fense et la s\u00e9curit\u00e9 aupr\u00e8s de la pr\u00e9f\u00e8te de la r\u00e9gion Auvergne-Rh\u00f4ne-Alpes, pr\u00e9f\u00e8te de la  \nzone de d\u00e9fense et de s\u00e9curit\u00e9 Sud-Est, pr\u00e9f\u00e8te du Rh\u00f4ne \u2013  M. Antoine GUERIN ;\nVu le d\u00e9cret du 15 mai 2025 portant nomination du pr\u00e9fet, secr\u00e9taire g\u00e9n\u00e9ral de la pr\u00e9fecture du  \nRh\u00f4ne, pr\u00e9fet d\u00e9l\u00e9gu\u00e9 pour l'\u00e9galit\u00e9 des chances aupr\u00e8s de la pr\u00e9f\u00e8te de la r\u00e9gion Auvergne-Rh\u00f4ne-\nAlpes, pr\u00e9f\u00e8te de la zone de d\u00e9fense et de s\u00e9curit\u00e9 Sud-Est, pr\u00e9f\u00e8te du Rh\u00f4ne - M. Fabrice ROSAY ;\nVu le d\u00e9cret du 23 mai 2025 portant nomination de la sous-pr\u00e9f\u00e8te charg\u00e9e de mission aupr\u00e8s du  \npr\u00e9fet de la r\u00e9gion Auvergne-Rh\u00f4ne-Alpes, pr\u00e9fet de la zone de d\u00e9fense et de s\u00e9curit\u00e9 Sud-Est,  \npr\u00e9fet du Rh\u00f4ne - Mme Anne LAYBOURNE ;\nVu le d\u00e9cret du 5 septembre 2025 portant nomination du directeur de cabinet de la pr\u00e9f\u00e8te de la  \nr\u00e9gion Auvergne-Rh\u00f4ne-Alpes, pr\u00e9f\u00e8te de la zone de d\u00e9fense et de s\u00e9curit\u00e9 Sud-Est, pr\u00e9f\u00e8te du  \nRh\u00f4ne - M. Lucas TURGIS ;\nSur proposition du pr\u00e9fet d\u00e9l\u00e9gu\u00e9 pour la d\u00e9fense et la s\u00e9curit\u00e9 ;\nARR\u00caTE\n3/9\n69_Pr\u00e9f_Pr\u00e9fecture du Rh\u00f4ne - 69-2026-03-09-00006 - Arr\u00eat\u00e9 pr\u00e9fectoral portant d\u00e9l\u00e9gation de signature \u00e0 M. Antoine GUERIN, pr\u00e9fet\nd\u00e9l\u00e9gu\u00e9 pour la d\u00e9fense et la s\u00e9curit\u00e9 aupr\u00e8s de la pr\u00e9f\u00e8te de la r\u00e9gion Auvergne-Rh\u00f4ne-Alpes, pr\u00e9f\u00e8te de la zone de d\u00e9fense et de\ns\u00e9curit\u00e9 Sud-Est, pr\u00e9f\u00e8te du Rh\u00f4ne\n28\nArticle 1 : Dans le d\u00e9partement du Rh\u00f4ne d\u00e9l\u00e9gation de signature est donn\u00e9e \u00e0 M. Antoine GUERIN, \npr\u00e9fet d\u00e9l\u00e9gu\u00e9 pour la d\u00e9fense et la s\u00e9curit\u00e9, dans les mati\u00e8res int\u00e9ressant la direction et le contr\u00f4le \ndes services de police ainsi que la coordination op\u00e9rationnelle de l'ensemble des forces participant  \n\u00e0 la s\u00e9curit\u00e9.\nM. Antoine GUERIN,  est notamment habilit\u00e9 \u00e0 signer tous actes et d\u00e9cisions dans les domaines  \nsuivants :\n1. Maintien du bon ordre, de la s\u00fbret\u00e9 et de la tranquillit\u00e9 publique en application des articles  \nL 2212-1, L 2214-4, L 2215-1, L 2215-2, L 2215-3, L 2215-4 et L 2215-5 du code g\u00e9n\u00e9ral des  \ncollectivit\u00e9s territoriales.\n2. Interdiction  des  manifestations  sur  la  voie  publique  en  vertu  du  code  de  la  s\u00e9curit\u00e9  \nint\u00e9rieure.\n3. Emploi des forces de gendarmerie et des compagnies r\u00e9publicaines de s\u00e9curit\u00e9 pour assurer \nles op\u00e9rations de maintien de l'ordre et de s\u00e9curisation .\n4. Concours apport\u00e9s par les services de police et de gendarmerie dans le cadre de prestations \nne pouvant \u00eatre rattach\u00e9es aux obligations normales incombant \u00e0 la puissance publique en  \nmati\u00e8re  de  s\u00e9curit\u00e9  et  d'ordre  publics  :  affectation  et  mise  \u00e0  disposition  d'agents,  \nd\u00e9placement, emploi et mise \u00e0 disposition de v\u00e9hicules, de mat\u00e9riels ou d'\u00e9quipement et  \nprestations d'escorte.\n5. R\u00e9quisition  des  forces  arm\u00e9es  en  vue  de  leur  participation  au  maintien  de  l'ordre  en  \napplication de l'article 28 de l'instruction interminist\u00e9rielle n\u00b0 500/SGDN du 20 juillet 1970.\n6. Mise en demeure et \u00e9vacuation forc\u00e9e des gens du voyage stationnant irr\u00e9guli\u00e8rement.\n7 . D\u00e9cisions relatives aux recours pour dommages caus\u00e9s par le refus de pr\u00eater le concours de  \nla force publique (\u00e0 l'exclusion de l'engagement financier de l'indemnisation).\n8. Gestion des personnels et des moyens des services de police, la mise en \u0153uvre du plan de  \nmodernisation de la police nationale et des mesures de formation des fonctionnaires de  \npolice.\n9. Prononciation des sanctions disciplinaires du premier groupe pour :\n- les personnels d'encadrement et d'application de la police nationale \u00e0 l'exception des  \npersonnels servant en administration centrale, dans les services de renseignement int\u00e9rieur,  \ndans les compagnies r\u00e9publicaines de s\u00e9curit\u00e9 et dans les structures de formation en qualit\u00e9 \nde formateur et d'\u00e9l\u00e8ves,\n- les techniciens de la police technique et scientifique, \n- les agents sp\u00e9cialis\u00e9s de la police technique et scientifique,\n-  les  adjoints  techniques  de  la  police  nationale  \u00e0  l'exception  de  ceux  servant  en  \nadministration centrale.\n10. Saisine des commissions administratives paritaires locales si\u00e9geant en conseil de discipline.\n11. Fonctionnement du comit\u00e9 technique paritaire d\u00e9partemental des services de police.\n12. D\u00e9cisions relatives aux polices municipales telles qu'elles r\u00e9sultent de la loi n\u00b0 99-291 du 15  \navril 1999 et de ses d\u00e9crets d'application.\n13. D\u00e9cisions de fermeture d'\u00e9tablissements prises en application des dispositions de l'article L  \n8272-2 du code du travail.\nArticle  2  :  Dans  le  d\u00e9partement  du  Rh\u00f4ne  d\u00e9l\u00e9gation  de  signature  est  \u00e9galement  donn\u00e9e  \u00e0  \nM. Antoine  GUERIN,  pr\u00e9fet  d\u00e9l\u00e9gu\u00e9  pour  la  d\u00e9fense  et  la  s\u00e9curit\u00e9, \u00e0  l'effet  de  signer  dans  les  \nmati\u00e8res int\u00e9ressant la direction de la s\u00e9curit\u00e9 et de la protection civile, tous actes et d\u00e9cisions  \ndans les domaines suivants :\nI - R\u00c9GLEMENTATION CONCERNANT CERTAINES DISPOSITIONS DU CODE DE PROC\u00c9DURE \nP\u00c9NALE ET DU CODE P\u00c9NAL\n1. Avis  sur  la  lib\u00e9ration  conditionnelle  des  condamn\u00e9s  (article  730  du code  de  proc\u00e9dure \np\u00e9nale).\n2. Garde des d\u00e9tenus hospitalis\u00e9s (article D 386 du code de proc\u00e9dure p\u00e9nale).\n3. Pr\u00e9sidence du conseil d'\u00e9valuation des prisons (article D 180 du code de proc\u00e9dure p\u00e9nale).\n4. D\u00e9livrance des permis de visite aux d\u00e9tenus condamn\u00e9s hospitalis\u00e9s (article D 403 du code  \nde proc\u00e9dure p\u00e9nale).\n5. Avis pour l'agr\u00e9ment des visiteurs de prison (D 472 du code de proc\u00e9dure p\u00e9nale), des  \nm\u00e9decins (article D 364 du code de proc\u00e9dure p\u00e9nale) et des prestataires de service.\n4/9\n69_Pr\u00e9f_Pr\u00e9fecture du Rh\u00f4ne - 69-2026-03-09-00006 - Arr\u00eat\u00e9 pr\u00e9fectoral portant d\u00e9l\u00e9gation de signature \u00e0 M. Antoine GUERIN, pr\u00e9fet\nd\u00e9l\u00e9gu\u00e9 pour la d\u00e9fense et la s\u00e9curit\u00e9 aupr\u00e8s de la pr\u00e9f\u00e8te de la r\u00e9gion Auvergne-Rh\u00f4ne-Alpes, pr\u00e9f\u00e8te de la zone de d\u00e9fense et de\ns\u00e9curit\u00e9 Sud-Est, pr\u00e9f\u00e8te du Rh\u00f4ne\n29\n6. Avis sur les extractions de d\u00e9tenus en vertu de l'article D 316 du code de proc\u00e9dure p\u00e9nale.\n7 . Avis relatif \u00e0 la consultation du fichier judiciaire national des auteurs d'infraction sexuelles  \nou violentes pour les collectivit\u00e9s territoriales en vertu de l'article 706-53-7 du code de  \nproc\u00e9dure p\u00e9nale.\nII - POLICE G\u00c9N\u00c9RALE\n1. D\u00e9cisions concernant les syst\u00e8mes de vid\u00e9o-protection (Code de la S\u00e9curit\u00e9 Int\u00e9rieure art. L \n223-1 \u00e0 L 223-9, L 251-1 \u00e0 L 255-1 et art. R 251-1 \u00e0 R 253-4).\n2. D\u00e9cisions  de  fermeture  des  d\u00e9bits  de  boissons  (article  L  3332-15  du  code  de  la  sant\u00e9 \npublique)  et  octroi  des  d\u00e9rogations  aux  heures  de  fermeture  et  d'ouverture  de  ces  \n\u00e9tablissements.\n3. D\u00e9cisions de fermeture des \u00e9tablissements fixes ou mobiles de vente \u00e0 emporter (art. L 332-\n1 du CSI).\n4. D\u00e9cisions de fermeture des \u00e9tablissements diffusant de la musique (art. L 333-1 du CSI).\n5. D\u00e9cisions de fermeture des \u00e9tablissements pour travail dissimul\u00e9 (art. L 8272-2 du Code du  \nTravail).\n6. D\u00e9cisions de transfert de licence III ou IV (art. L 3332-11 du Code de la sant\u00e9 publique).\n7 . Institution des zones de protection et r\u00e9glementation de l'acc\u00e8s aux mineurs (art. L 3335-1, L \n3335-2, L 3335-8, L 3335-11,et L 3342-3 du code de la sant\u00e9 publique-d\u00e9cret n\u00b0 72-35 du 14  \njanvier 1972).\n8. Police des cercles et des casinos.\n9. D\u00e9cisions relatives aux concours de la force publique et aux expulsions locatives.\n10. Exercice des pouvoirs conf\u00e9r\u00e9s au Pr\u00e9fet par le Code de S\u00e9curit\u00e9 Int\u00e9rieure livre III titre 1 er \nfixant le r\u00e9gime des mat\u00e9riels de guerre, armes et munitions, leur acquisition, d\u00e9tention et  \nport.\n11. Autorisation des manifestations publiques de sports de combat (art R331-46 \u00e0 R331-54 du  \ncode du sport).\n12. Interdictions administratives de stade (art. L 332-16 du code du sport).\n13. D\u00e9cision restreignant la libert\u00e9 d'aller et venir des personnes se pr\u00e9valant de la qualit\u00e9 de  \nsupporter d'une \u00e9quipe ou se comportant comme tel (art. L 3332-16-2 du code du sport).\n14. Arr\u00eat\u00e9 relatif \u00e0 l'\u00e9tablissement des listes pr\u00e9paratoires de la liste annuelle du jury d'assises  \ndu Rh\u00f4ne.\nIII - R\u00c9GLEMENTATION PROFESSIONNELLE\n1. Double agr\u00e9ment des agents de s\u00fbret\u00e9 a\u00e9roportuaire (CSI livre VI - art. L 612-6 \u00e0 L 612-8 et L  \n612-9 \u00e0 L 612-13).\n2. Surveillance exceptionnelle de la voie publique par des agents de s\u00e9curit\u00e9 (CSI livre VI \u2013 art.  \nL 613-2 et R 613-5).\n3. Agr\u00e9ment des gardes particuliers et reconnaissance de l'aptitude des gardes particuliers.\nIV - R\u00c9GLEMENTATION G\u00c9N\u00c9RALE - A\u00c9RONAUTIQUE - FERROVIAIRE - ROUTI\u00c8RE - \nFLUVIALE - COMMERCIALE ET TOURISTIQUE\nA - A\u00e9ronautique\n1. Exercice des pouvoirs conf\u00e9r\u00e9s au Pr\u00e9fet par les articles R 131-3, D 233-2 et D 132-4 du code  \nde l'aviation civile et l'arr\u00eat\u00e9 du 10 octobre 1957 relatifs aux atterrissages, d\u00e9collages et  \n\u00e9volutions d'a\u00e9ronefs et objets volants y compris lors de spectacles publics.\n2. Police des installations a\u00e9ronautiques, des a\u00e9rodromes et des a\u00e9roports (article L 6332-2 du  \ncode des transports et d\u00e9cret n\u00b0 74-77 du 1er f\u00e9vrier 1974).\n3. Exercice des pouvoirs conf\u00e9r\u00e9s au Pr\u00e9fet par les articles D 233-2, D 233-6, D 233-8 du code  \nde l'aviation civile.\n4. Agr\u00e9ment des associations a\u00e9ronautiques (arr\u00eat\u00e9 minist\u00e9riel du 9 mai 1984).\n5. D\u00e9livrance des habilitations en zone r\u00e9serv\u00e9e a\u00e9roportuaires pr\u00e9vues par l'article R 213-5 du  \ncode de l'aviation civile.\n6. D\u00e9livrance  des  habilitations  hors  zone  r\u00e9serv\u00e9e  a\u00e9roportuaire  pr\u00e9vues  par  la  circulaire  \nNORINT/A/07/00100/C  du  3  octobre  2007  pour  les  personnes  devant  acc\u00e9der  aux  sites \n5/9\n69_Pr\u00e9f_Pr\u00e9fecture du Rh\u00f4ne - 69-2026-03-09-00006 - Arr\u00eat\u00e9 pr\u00e9fectoral portant d\u00e9l\u00e9gation de signature \u00e0 M. Antoine GUERIN, pr\u00e9fet\nd\u00e9l\u00e9gu\u00e9 pour la d\u00e9fense et la s\u00e9curit\u00e9 aupr\u00e8s de la pr\u00e9f\u00e8te de la r\u00e9gion Auvergne-Rh\u00f4ne-Alpes, pr\u00e9f\u00e8te de la zone de d\u00e9fense et de\ns\u00e9curit\u00e9 Sud-Est, pr\u00e9f\u00e8te du Rh\u00f4ne\n30\ns\u00e9curit\u00e9s des \u00ab chargeurs connus \u00bb et \u00ab agents habilit\u00e9s \u00bb, des \u00ab \u00e9tablissements connus \u00bb, ou  \nceux de leurs sous-traitants.\n7 . Autorisations des manifestations a\u00e9riennes (article R1321-3 du Code de l'aviation civile).\n8. D\u00e9rogations aux hauteurs de survol et autorisations de p\u00e9n\u00e9trer en ZRT.\nB - Ferroviaire\n1. Exercice des pouvoirs conf\u00e9r\u00e9s au Pr\u00e9fet par la loi du 15 juillet 1845 modifi\u00e9e et le d\u00e9cret du  \n22 mars 1942 relatifs \u00e0 la circulation, l'arr\u00eat et le stationnement des v\u00e9hicules dans les cours  \ndes  gares  et  l'int\u00e9grit\u00e9  des  voies  ferr\u00e9es,  de  leurs  accessoires  et  d\u00e9pendances  et  la  \ncirculation des convois.\nC - Routi\u00e8re\n1. D\u00e9signation des membres de la commission d\u00e9partementale de s\u00e9curit\u00e9 routi\u00e8re.\n2. D\u00e9signation des membres de la commission locale des transports publics particuliers de  \npersonnes.\n3. Missions  d\u00e9partementales  de  proximit\u00e9  relatives  aux  permis  de  conduire  :  \nsuspension/annulation, commissions m\u00e9dicales, saisie des d\u00e9cisions judiciaires.\n4. Missions  d\u00e9partementales  de  proximit\u00e9  relatives  aux  syst\u00e8mes  d'immatriculation  des  \nv\u00e9hicules  :  inscriptions  et  lev\u00e9e  des  immobilisations,  inscription  des  saisies,  lev\u00e9e  \nd'opposition \u00e0 transfert sur certificat d'immatriculation, inscriptions de la remise du titre  \naux forces de l'ordre et de la restitution d'un titre retenu, enqu\u00eate en cas de num\u00e9ro de s\u00e9rie \nen doublon ou de correction de num\u00e9ro de s\u00e9rie.\n5. Arr\u00eat\u00e9s  relatifs  \u00e0  la  circulation  routi\u00e8re  sur  la  voirie  nationale  et  sur  les  voies  \nd\u00e9partementales class\u00e9es routes \u00e0 grande circulation (articles R 411.4, R 411.8, R 411.18, R  \n415.8, R 415.10 et R 421.3 du code de la route) et aux transports de mati\u00e8res dangereuses  \n(arr\u00eat\u00e9 minist\u00e9riel du 15 avril 1945).\n6. Homologation  des  circuits  de  vitesse  et  autorisation  des  \u00e9preuves  sportives  sur  la  voie \npublique ou dans les lieux non ouverts \u00e0 la circulation publique et comportant des v\u00e9hicules \n\u00e0 moteur en application des articles R 331-6 \u00e0 R 331-44 du code du sport.\n7 . Habilitation de certains agents des services publics urbains, de transport en commun de  \nvoyageurs,  \u00e0  constater  les  infractions  qui  affectent  en  agglom\u00e9ration,  la  circulation,  le  \nstationnement et l'arr\u00eat des v\u00e9hicules de ces services en application du d\u00e9cret du 15 janvier  \n1997 .\n8. Agr\u00e9ment des \u00e9tablissements relatifs \u00e0 l'\u00e9ducation routi\u00e8re, des centres de sensibilisation \u00e0  \nla s\u00e9curit\u00e9 routi\u00e8re, des centres de formation \u00e0 la profession de chauffeur de taxi, \u00e0 la  \nprofession de chauffeur VTC, \u00e0 la profession d'enseignant de la conduite.\n9. Arr\u00eat\u00e9s relatifs \u00e0 la profession de chauffeur de taxi, de chauffeur VTC, d'enseignant de la  \nconduite et d'animateur de stages de sensibilisation \u00e0 la s\u00e9curit\u00e9 routi\u00e8re.\n10. Agr\u00e9ment des gardiens de fourri\u00e8re.\nD - Fluviale\n1. R\u00e9glementation de la circulation de la navigation et des activit\u00e9s sportives et touristiques  \nsur le Rh\u00f4ne et la Sa\u00f4ne.\nE - Transports publics guid\u00e9s \n1. Arr\u00eat\u00e9s  portant  sur  l'approbation  des  dossiers  relatifs  \u00e0  la  s\u00e9curit\u00e9  et  autorisation  \nd'exploitation en application du d\u00e9cret n\u00b02017-440 du  30 mars 2017 relatif \u00e0 la s\u00e9curit\u00e9 des  \ntransports publics guid\u00e9s.\nV - PROTECTION CIVILE\nLes arr\u00eat\u00e9s, d\u00e9cisions et actes relevant des attributions du service interminist\u00e9riel de d\u00e9fense et de  \nla protection civile et, en particulier :\n1. Pr\u00e9paration, \u00e9tablissement et ex\u00e9cution des plans de secours,\n2. Pr\u00e9paration, \u00e9tablissement et ex\u00e9cution des mesures non militaires de d\u00e9fense,\n6/9\n69_Pr\u00e9f_Pr\u00e9fecture du Rh\u00f4ne - 69-2026-03-09-00006 - Arr\u00eat\u00e9 pr\u00e9fectoral portant d\u00e9l\u00e9gation de signature \u00e0 M. Antoine GUERIN, pr\u00e9fet\nd\u00e9l\u00e9gu\u00e9 pour la d\u00e9fense et la s\u00e9curit\u00e9 aupr\u00e8s de la pr\u00e9f\u00e8te de la r\u00e9gion Auvergne-Rh\u00f4ne-Alpes, pr\u00e9f\u00e8te de la zone de d\u00e9fense et de\ns\u00e9curit\u00e9 Sud-Est, pr\u00e9f\u00e8te du Rh\u00f4ne\n31\n3. Avis sur les plans de secours \u00e9labor\u00e9s par les collectivit\u00e9s et entreprises \u00e0 risques,\n4. Gestion des outils op\u00e9rationnels,\n5. Avis sur les dossiers des installations class\u00e9es pour la protection de l'environnement et  \nparticipation  au  conseil  d\u00e9partemental  de  l'environnement  et  des  risques  sanitaires  et  \ntechnologiques,\n6. Suivi et gestion des secteurs et activit\u00e9s d'importance vitale : avis sur les plans de s\u00e9curit\u00e9  \ndes op\u00e9rateurs, approbation des plans particuliers de protection et \u00e9tablissement des plans  \nde protection externes,\n7 . Suivi et gestion des syst\u00e8mes d'alerte de la population,\n8. Organisation et participation aux travaux de la commission consultative d\u00e9partementale de  \ns\u00e9curit\u00e9  et  d'accessibilit\u00e9  ainsi  que  des  diff\u00e9rentes  sous-commissions  auxquelles  sont \nd\u00e9l\u00e9gu\u00e9es ses comp\u00e9tences,\n9. Suivi des avis d\u00e9favorables \u00e9mis par les commissions de s\u00e9curit\u00e9,  et, en cas de carence du  \nmaire, fermeture des \u00e9tablissements recevant du public concern\u00e9s,\n10. Exercice des pouvoirs de police du pr\u00e9fet dans les immeubles de grande hauteur et les  \n\u00e9tablissements recevant du public relevant de sa comp\u00e9tence,\n11. Information pr\u00e9ventive de la population en application de l'article L 124-1 et suivants du  \ncode de l'environnement,\n12. D\u00e9veloppement du secourisme : suivi et agr\u00e9ment des associations, organisation des jurys et \nexamens  de  secourisme,  d\u00e9livrance  des  dipl\u00f4mes,  conventions  avec  les  associations  de \nsecourisme agr\u00e9\u00e9es,\n13. Organisation et suivi du conseil d\u00e9partemental de s\u00e9curit\u00e9 civile, correspondances avec les \n\u00e9lus,\n14. Instruction  des  demandes  de  reconnaissance  de  l'\u00e9tat  de  catastrophe  naturelle  et \nnotification des d\u00e9cisions de la commission interminist\u00e9rielle,\n15. Mesures d'urgence relatives \u00e0 la s\u00e9curit\u00e9 de la navigation fluviale,\n16. Agr\u00e9ments techniques et autorisations d'exploitation (art R 2352-110 du code de la d\u00e9fense) \npour les d\u00e9p\u00f4ts et d\u00e9bits de produits explosifs,\n17 . Suspension d'activit\u00e9 et d'agr\u00e9ment technique des d\u00e9p\u00f4ts et d\u00e9bits de produits explosifs  \n(art R 2352-95 et 107 du code de la d\u00e9fense),\n18. Autorisations d'acquisition de produits explosifs et de d\u00e9tonateurs (art R 2352-74 du code  \nde la d\u00e9fense) quelles que soient les quantit\u00e9s et autorisations d'utiliser d\u00e8s leur r\u00e9ception  \nles produits explosifs,\npour des quantit\u00e9s \u00e9gales ou sup\u00e9rieures \u00e0 25 kg et (ou) 500 d\u00e9tonateurs (art R 2352-81 du  \ncode de la d\u00e9fense),\n19. Autorisations de transports de produits explosifs, habilitations \u00e0 la garde, \u00e0 la mise en \u0153uvre \net au tir de produits explosifs et agr\u00e9ments \u00e0 la connaissance des mouvements de produits  \nexplosifs (art R 2352-76, 87 et 118 du code de la d\u00e9fense),\n20. R\u00e9glementation des artifices de divertissement,\n21. D\u00e9claration des spectacles pyrotechniques de cat\u00e9gorie 4 (ou C4), T2 ou de plus de 35 kilos  \nde mati\u00e8re active ; validation d\u00e8s la qualification des artificiers de niveau 1 et 2  ; d\u00e9livrance \ndes agr\u00e9ments pour l'usage des artifices de cat\u00e9gorie 2 et 3 destin\u00e9s \u00e0 \u00eatre lanc\u00e9s \u00e0 l'aide  \nd'un mortier,\n22. Agr\u00e9ment des d\u00e9p\u00f4ts d'artifices de divertissement et agr\u00e9ments des centres d\u00e9livrant la  \nformation relative au certificat de qualification,\n23. D\u00e9livrance conjointe, avec le recteur d'Acad\u00e9mie, du certificat de pr\u00e9pos\u00e9 au tir,\n24. Habilitations au titre de la protection du secret.\nVI \u2013 SECURITE ROUTIERE\nLes arr\u00eat\u00e9s, d\u00e9cisions et actes relatifs \u00e0 la pr\u00e9vention de la d\u00e9linquance routi\u00e8re et \u00e0 la lutte contre  \nl'ins\u00e9curit\u00e9 routi\u00e8re, \u00e0 l'\u00e9laboration et \u00e0 la mise en \u0153uvre du PDASR et du programme ECPA.\nVII - CONTENTIEUX\nM\u00e9moires  et  d\u00e9f\u00e9r\u00e9s  aupr\u00e8s  des  diff\u00e9rentes  juridictions  dans  les  domaines  qui  rel\u00e8vent  de  sa \ncomp\u00e9tence.\n7/9\n69_Pr\u00e9f_Pr\u00e9fecture du Rh\u00f4ne - 69-2026-03-09-00006 - Arr\u00eat\u00e9 pr\u00e9fectoral portant d\u00e9l\u00e9gation de signature \u00e0 M. Antoine GUERIN, pr\u00e9fet\nd\u00e9l\u00e9gu\u00e9 pour la d\u00e9fense et la s\u00e9curit\u00e9 aupr\u00e8s de la pr\u00e9f\u00e8te de la r\u00e9gion Auvergne-Rh\u00f4ne-Alpes, pr\u00e9f\u00e8te de la zone de d\u00e9fense et de\ns\u00e9curit\u00e9 Sud-Est, pr\u00e9f\u00e8te du Rh\u00f4ne\n32\nArticle  3  :  Dans  le  d\u00e9partement  du  Rh\u00f4ne  d\u00e9l\u00e9gation  de  signature  est  \u00e9galement  donn\u00e9e  \u00e0  \nM. Antoine GUERIN, pr\u00e9fet d\u00e9l\u00e9gu\u00e9 pour la d\u00e9fense et la s\u00e9curit\u00e9,  \u00e0 l'effet de signer, les arr\u00eat\u00e9s,  \nd\u00e9cisions et actes relevant des attributions du service d\u00e9partemental-m\u00e9tropolitain d'incendie et  \nde secours.\nArticle 4 :  D\u00e9l\u00e9gation de signature est en outre donn\u00e9e \u00e0 M. Antoine GUERIN \u00e0 l'effet de signer, au \nniveau  d\u00e9partemental,  tous  arr\u00eat\u00e9s,  d\u00e9cisions,  circulaires  relevant  des  attributions  de  l'\u00c9tat  en \nmati\u00e8re de pr\u00e9vention de la d\u00e9linquance.\nArticle 5 :  En cas d'absence ou d'emp\u00eachement de M. Antoine GUERIN, la d\u00e9l\u00e9gation de signature \nvis\u00e9e aux articles 1, 2, 3 et 4 est donn\u00e9e \u00e0  M. Fabrice ROSAY, pr\u00e9fet, secr\u00e9taire g\u00e9n\u00e9ral de la  \npr\u00e9fecture du Rh\u00f4ne, pr\u00e9fet d\u00e9l\u00e9gu\u00e9 pour l'\u00e9galit\u00e9 des chances  aupr\u00e8s de la pr\u00e9f\u00e8te de la r\u00e9gion  \nAuvergne-Rh\u00f4ne-Alpes, pr\u00e9f\u00e8te de la zone de d\u00e9fense et de s\u00e9curit\u00e9 Sud-Est, pr\u00e9f\u00e8te du Rh\u00f4ne, ou \nen son absence ou emp\u00eachement \u00e0 M. Lucas TURGIS, directeur de cabinet de la pr\u00e9f\u00e8te de la r\u00e9gion \nAuvergne-Rh\u00f4ne-Alpes, pr\u00e9f\u00e8te de la zone de d\u00e9fense et de s\u00e9curit\u00e9 Sud-Est, pr\u00e9f\u00e8te du Rh\u00f4ne, ou  \nen son absence ou emp\u00eachement \u00e0 Mme Judith HUSSON, sous-pr\u00e9f\u00e8te charg\u00e9e de mission aupr\u00e8s  \nde la pr\u00e9f\u00e8te de la r\u00e9gion Auvergne-Rh\u00f4ne-Alpes, pr\u00e9f\u00e8te de la zone de d\u00e9fense et de s\u00e9curit\u00e9 Sud-\nEst, pr\u00e9f\u00e8te du Rh\u00f4ne,  ou en son absence ou emp\u00eachement,  \u00e0 Mme Charlotte CREPON, sous-\npr\u00e9f\u00e8te charg\u00e9e de mission aupr\u00e8s de la pr\u00e9f\u00e8te de la r\u00e9gion Auvergne-Rh\u00f4ne-Alpes, pr\u00e9f\u00e8te de la  \nzone de d\u00e9fense et de s\u00e9curit\u00e9 Sud-Est, pr\u00e9f\u00e8te du Rh\u00f4ne, o u en son absence ou emp\u00eachement \u00e0 \nM.  Jean-Marc  GALLAND,  sous-pr\u00e9fet  de  l'arrondissement  de  Villefranche-sur-Sa\u00f4ne,  ou  en  son \nabsence ou emp\u00eachement \u00e0 Mme Anne LAYBOURNE, sous-pr\u00e9f\u00e8te charg\u00e9e de mission aupr\u00e8s de la  \npr\u00e9f\u00e8te de la r\u00e9gion Auvergne-Rh\u00f4ne-Alpes, pr\u00e9f\u00e8te de la zone de d\u00e9fense et de s\u00e9curit\u00e9 Sud-Est,  \npr\u00e9f\u00e8te du Rh\u00f4ne.\nArticle 6 :  En cas d'absence ou d'emp\u00eachement de M. Antoine GUERIN, la d\u00e9l\u00e9gation de signature  \nvis\u00e9e \u00e0 l'article 2-V est \u00e9galement donn\u00e9e \u00e0 M. Ernest MOUTOUSSAMY, directeur de la s\u00e9curit\u00e9 et  \nde la protection civile. En cas d'absence ou d'emp\u00eachement de M. Ernest  MOUTOUSSAMY, la  \nd\u00e9l\u00e9gation de signature est donn\u00e9e \u00e0 :\n\u2022 M. Emmanuel BERNE, ing\u00e9nieur divisionnaire, chef du service interminist\u00e9riel de d\u00e9fense et  \nde protection civiles,\n\u2022 Mme Sylvia LEGRIS, attach\u00e9e, chef du bureau de la planification, de la d\u00e9fense et des  \nrisques sanitaires,\n\u2022 Mme Marie PAUGET, attach\u00e9e principale, cheffe du bureau pr\u00e9vention.\nArticle 7 :  En cas d'absence ou d'emp\u00eachement de M. Antoine GUERIN, la d\u00e9l\u00e9gation de signature  \nvis\u00e9e  \u00e0  l'article  3  est  \u00e9galement  donn\u00e9e  au  contr\u00f4leur  g\u00e9n\u00e9ral  St\u00e9phane  GOUEZEC,  directeur  \nd\u00e9partemental  et  m\u00e9tropolitain  des  services  d'incendie  et  de  secours.  En  cas  d'absence  ou  \nd'emp\u00eachement  du  contr\u00f4leur  g\u00e9n\u00e9ral  St\u00e9phane  GOUEZEC,  directeur  d\u00e9partemental  et  \nm\u00e9tropolitain, la d\u00e9l\u00e9gation de signature est donn\u00e9e au :\n\u2022 Colonelle hors classe L\u00e6titia DIDIER, directrice d\u00e9partementale et m\u00e9tropolitaine adjointe,\n\u2022 Colonel Lionel CHABERT, sous-directeur des groupements territoriaux,\n\u2022 Lieutenant-colonel S\u00e9bastien PONTET, sous-directeur de la pr\u00e9vention et de l'organisation  \ndes secours,\n\u2022 Lieutenant-colonel Dominique DREVET, sous-directeur des ressources humaines,\n\u2022 Lieutenant-colonel J\u00e9r\u00f4me BELLERET, sous-directeur des moyens mat\u00e9riels.\nArticle 8 :  En cas d'absence ou d'emp\u00eachement de M. Antoine GUERIN, la d\u00e9l\u00e9gation de signature  \nvis\u00e9e \u00e0 l'article 2-II alin\u00e9a 1, alin\u00e9as 3 \u00e0 13, \u00e0 l'article 2-III, \u00e0 l'article 2-IV-A alin\u00e9as 1, 2, 3, 4, 7 et 8, \u00e0 \nl'article 2-IV-B, \u00e0 l'article 2-IV-C alin\u00e9as 2  \u00e0 10 , \u00e0 l'article 2-IV-D, et \u00e0 l'article 2-VI est donn\u00e9e \u00e0  \nM. Ernest MOUTOUSSAMY, directeur de la s\u00e9curit\u00e9 et de la protection civile.\nLa d\u00e9l\u00e9gation de signature vis\u00e9e \u00e0 l'article 2-II alin\u00e9a 1 et alin\u00e9as 3 \u00e0 11, \u00e0 l'article 2-III, \u00e0 l'article 2-IV-\nC alin\u00e9as 3, 4, et de l'alin\u00e9a 6 \u00e0 10 et de l'article 2-IV-D, est \u00e9galement donn\u00e9e \u00e0  M. Richard  \nWILPOTTE, attach\u00e9 principal, chef du bureau des polices administratives.\n8/9\n69_Pr\u00e9f_Pr\u00e9fecture du Rh\u00f4ne - 69-2026-03-09-00006 - Arr\u00eat\u00e9 pr\u00e9fectoral portant d\u00e9l\u00e9gation de signature \u00e0 M. Antoine GUERIN, pr\u00e9fet\nd\u00e9l\u00e9gu\u00e9 pour la d\u00e9fense et la s\u00e9curit\u00e9 aupr\u00e8s de la pr\u00e9f\u00e8te de la r\u00e9gion Auvergne-Rh\u00f4ne-Alpes, pr\u00e9f\u00e8te de la zone de d\u00e9fense et de\ns\u00e9curit\u00e9 Sud-Est, pr\u00e9f\u00e8te du Rh\u00f4ne\n33\nArticle  9  :  En  cas  d'absence  ou  d'emp\u00eachement  de  M.  Antoine  GUERIN,  de  M.  Ernest  \nMOUTOUSSAMY et de M. Richard WILPOTTE , la d\u00e9l\u00e9gation de signature vis\u00e9e \u00e0 l'article 2-II alin\u00e9a  \n10, \u00e0 l'article 2-III, \u00e0 l'article 2-IV-C alin\u00e9as 3, 4 et de l'alin\u00e9a 6 \u00e0 10 et \u00e0 l'article 2-IV-D est \u00e9galement \ndonn\u00e9e \u00e0 :\n\u2022 Mme Alice TARDY, attach\u00e9e, secr\u00e9taire administratif de classe exceptionnelle, adjoint \u00e0 la  \ncheffe de bureau, chef de la section r\u00e9glementation \u00e0 caract\u00e8re s\u00e9curitaire,\n\u2022 Mme C\u00e9cile DAFFIX, secr\u00e9taire administrative de classe exceptionnelle, cheffe de la section  \nr\u00e9glementation routi\u00e8re.\nArticle 10 : En cas d'absence ou d'emp\u00eachement de M. Ernest MOUTOUSSAMY, la d\u00e9l\u00e9gation vis\u00e9e \n\u00e0 l'article 2-VI est donn\u00e9e  \u00e0  Mme  Carole ZMYSLONY, attach\u00e9e, cheffe du bureau de la s\u00e9curit\u00e9  \nrouti\u00e8re, \u00e0 l'exception des actes \u00e0 caract\u00e8re r\u00e9glementaire.\nArticle 11 : D\u00e9l\u00e9gation est donn\u00e9e \u00e0 Mme Patricia GONACHON, commissaire g\u00e9n\u00e9rale, directrice de \ncabinet, \u00e0 l'effet de signer d'une mani\u00e8re permanente tous les documents \u00e9tablis par le cabinet du  \npr\u00e9fet d\u00e9l\u00e9gu\u00e9 pour la d\u00e9fense et la s\u00e9curit\u00e9 autres que ceux vis\u00e9s \u00e0 l'article 1, \u00e0 l'article 2-II \u00e0 V et \u00e0  \nl'article 3, sous r\u00e9serv e des dispositions de l'alin\u00e9a suivant, \u00e0 l'exception des actes \u00e0 caract\u00e8re  \nr\u00e9glementaire.\nEn cas d'absence ou d'emp\u00eachement de  M. Antoine GUERIN , la d\u00e9l\u00e9gation de signature vis\u00e9e \u00e0  \nl'article 1, alin\u00e9as 3, 10, et 11, \u00e0 l'article 2-I, \u00e0 l'article 2-IV-A, alin\u00e9as 5 et 6, \u00e0 l'article 2-IV-C alin\u00e9a 3  \nest donn\u00e9e \u00e0 Mme Patricia GONACHON.\nEn cas d'absence ou d'emp\u00eachement  de Mme Patricia GONACHON,  la d\u00e9l\u00e9gation de signature  \nvis\u00e9e \u00e0 l'article 2-IV-C alin\u00e9a 3 est donn\u00e9e \u00e0 :\n\u2022 Marwan LARAICH, commissaire,\n\u2022 M. Philippe VAILLER, colonel,\n\u2022 M. St\u00e9phane CERNA, commandant,\n\u2022 M. Laurent HYP , commandant,\n\u2022 M. TH\u00c9O RIVOIRE, attach\u00e9 principal,\n\u2022 Mme Claire GRAND, secr\u00e9taire administratif de classe normale.\nArticle 12 : En cas d'absence ou d'emp\u00eachement de M. Antoine GUERIN, la d\u00e9l\u00e9gation de signature \nvis\u00e9e \u00e0 l'article 1 alin\u00e9a 9 est donn\u00e9e \u00e0 Mme B\u00e9atrice BRUN, inspectrice g\u00e9n\u00e9rale des services actifs  \nde  la  police  nationale,  directrice  zonale  de  la  police  nationale  \u00e0  Lyon  dans  la  limite  de  ses  \nattributions et pour son service.\nArticle 13 : En cas d'absence ou d'emp\u00eachement de M. Antoine GUERIN, la d\u00e9l\u00e9gation de signature \nvis\u00e9e \u00e0 l'article 1 alin\u00e9a 4 est donn\u00e9e \u00e0 M. Nelson BOUARD, inspecteur g\u00e9n\u00e9ral des services actifs de \nla police nationale, directeur interd\u00e9partemental de la police nationale \u00e0 Lyon, dans la limite de ses \nattributions et pour son service.\nArticle 14 : En cas d'absence ou d'emp\u00eachement de M. Antoine GUERIN, la d\u00e9l\u00e9gation de signature \nvis\u00e9e  \u00e0  l'article  1  alin\u00e9a  4  est  donn\u00e9e  \u00e0  Mme  Sylvia  SAINT-CIERGE,  colonelle,  commandant  le \ngroupement de gendarmerie du Rh\u00f4ne, dans la limite de ses attributions et pour son service. \nArticle  15  :  Le  pr\u00e9sent  arr\u00eat\u00e9  peut  faire  l'objet  d'un  recours  contentieux  devant  le  tribunal  \nadministratif  de  Lyon  dans  un  d\u00e9lai  de  deux  mois  \u00e0  compter  de  sa  publication.  Le  tribunal  \nadministratif peut \u00eatre saisi d'une requ\u00eate d\u00e9pos\u00e9e sur le site www.telerecours.fr.\nArticle 16 :  Le  pr\u00e9fet d\u00e9l\u00e9gu\u00e9 pour la d\u00e9fense et la s\u00e9curit\u00e9, et le pr\u00e9fet, secr\u00e9taire g\u00e9n\u00e9ral de la  \npr\u00e9fecture, pr\u00e9fet d\u00e9l\u00e9gu\u00e9 pour l'\u00e9galit\u00e9 des chances, sont charg\u00e9s, chacun pour ce qui le concerne, \nde l'ex\u00e9cution du pr\u00e9sent arr\u00eat\u00e9 qui sera publi\u00e9 au recueil des actes administratifs de la pr\u00e9fecture  \ndu Rh\u00f4ne.\n9/9\nLa pr\u00e9f\u00e8te,\nSign\u00e9\nFabienne BUCCIO\n69_Pr\u00e9f_Pr\u00e9fecture du Rh\u00f4ne - 69-2026-03-09-00006 - Arr\u00eat\u00e9 pr\u00e9fectoral portant d\u00e9l\u00e9gation de signature \u00e0 M. Antoine GUERIN, pr\u00e9fet\nd\u00e9l\u00e9gu\u00e9 pour la d\u00e9fense et la s\u00e9curit\u00e9 aupr\u00e8s de la pr\u00e9f\u00e8te de la r\u00e9gion Auvergne-Rh\u00f4ne-Alpes, pr\u00e9f\u00e8te de la zone de d\u00e9fense et de\ns\u00e9curit\u00e9 Sud-Est, pr\u00e9f\u00e8te du Rh\u00f4ne\n34\n69_Pr\u00e9f_Pr\u00e9fecture du Rh\u00f4ne\n69-2026-03-09-00007\nArr\u00eat\u00e9 pr\u00e9fectoral portant d\u00e9l\u00e9gation de\nsignature \u00e0 Mme C\u00e9cile COURREGES, directrice\ng\u00e9n\u00e9rale de l'agence r\u00e9gionale de sant\u00e9\nAuvergne-Rh\u00f4ne-Alpes\n69_Pr\u00e9f_Pr\u00e9fecture du Rh\u00f4ne - 69-2026-03-09-00007 - Arr\u00eat\u00e9 pr\u00e9fectoral portant d\u00e9l\u00e9gation de signature \u00e0 Mme C\u00e9cile COURREGES,\ndirectrice g\u00e9n\u00e9rale de l'agence r\u00e9gionale de sant\u00e9 Auvergne-Rh\u00f4ne-Alpes 35\nesPREFETEDU RHONELibert\u00e9Egalit\u00e9Fraternit\u00e9\nDirection de la coordination\ndes politiques interminist\u00e9rielles\nLyon, le 09 mars 2026\nARR\u00caT\u00c9 PR\u00c9FECTORAL N\u00b0  69-2026-03-09-00007\nportant d\u00e9l\u00e9gation de signature \u00e0 Mme C\u00e9cile COURREGES,\ndirectrice g\u00e9n\u00e9rale de l'agence r\u00e9gionale de sant\u00e9 Auvergne-Rh\u00f4ne-Alpes\nLA PR\u00c9F\u00c8TE DE LA R\u00c9GION AUVERGNE-RH\u00d4NE-ALPES,\nPR\u00c9F\u00c8TE DE LA ZONE DE D\u00c9FENSE ET DE S\u00c9CURIT\u00c9 SUD-EST,\nPR\u00c9F\u00c8TE DU RH\u00d4NE\nCommandeur de la L\u00e9gion d'honneur\nCommandeur de l'ordre national du M\u00e9rite\nVu le code de la sant\u00e9 publique et notamment l'article L. 1435-1 ;\nVu le code de la d\u00e9fense ;\nVu la loi n\u00b0 2015-29 du 16 janvier 2015 relative \u00e0 la d\u00e9limitation des r\u00e9gions, aux \u00e9lections r\u00e9gionales  \net d\u00e9partementales et modifiant le calendrier \u00e9lectoral ;\nVu la  loi  n\u00b0  2015-991  du  7  ao\u00fbt  2015  modifi\u00e9e  portant  nouvelle  organisation  territoriale  de  la \nR\u00e9publique ;\nVu l'ordonnance n\u00b0 2015-1620 du 10 d\u00e9cembre 2015 adaptant les agences r\u00e9gionales de sant\u00e9 et les  \nunions r\u00e9gionales de professionnels de sant\u00e9 \u00e0 la nouvelle d\u00e9limitation des r\u00e9gions ;\nVu le d\u00e9cret n\u00b0 2004-374 du 29 avril 2004 modifi\u00e9 relatif aux pouvoirs des pr\u00e9fets, \u00e0 l'organisation et \n\u00e0 l'action des services de l'\u00c9tat dans les r\u00e9gions et d\u00e9partements ;\nVu le d\u00e9cret n\u00b0 2015-1650 du 11 d\u00e9cembre 2015 adaptant les agences r\u00e9gionales de sant\u00e9 et les  \nunions r\u00e9gionales de professionnels de sant\u00e9 \u00e0 la nouvelle d\u00e9limitation des r\u00e9gions et prorogeant le  \nmandat des unions r\u00e9gionales de professionnels de sant\u00e9 regroupant les infirmiers ;\nVu le d\u00e9cret du 11 janvier 2023 en conseil des ministres portant nomination de Mme Fabienne  \nBUCCIO en qualit\u00e9 de pr\u00e9f\u00e8te de la r\u00e9gion Auvergne-Rh\u00f4ne-Alpes, pr\u00e9f\u00e8te de la zone de d\u00e9fense et  \nde s\u00e9curit\u00e9 Sud-Est, pr\u00e9f\u00e8te du Rh\u00f4ne (hors classe) ;\nVu le d\u00e9cret du 19 avril 2023 portant nomination de Mme C\u00e9cile COURREGES en tant que directrice \ng\u00e9n\u00e9rale de l'agence r\u00e9gionale de sant\u00e9 Auvergne-Rh\u00f4ne-Alpes \u00e0 compter du 15 mai 2023 ;\nVu le d\u00e9cret du 15 mai 2025 portant nomination du pr\u00e9fet, secr\u00e9taire g\u00e9n\u00e9ral de la pr\u00e9fecture du  \nRh\u00f4ne, pr\u00e9fet d\u00e9l\u00e9gu\u00e9 pour l'\u00e9galit\u00e9 des chances aupr\u00e8s de la pr\u00e9f\u00e8te de la r\u00e9gion Auvergne-Rh\u00f4ne-\nAlpes, pr\u00e9f\u00e8te de la zone de d\u00e9fense et de s\u00e9curit\u00e9 Sud-Est, pr\u00e9f\u00e8te du Rh\u00f4ne - M. Fabrice ROSAY ;\n1/5\n69_Pr\u00e9f_Pr\u00e9fecture du Rh\u00f4ne - 69-2026-03-09-00007 - Arr\u00eat\u00e9 pr\u00e9fectoral portant d\u00e9l\u00e9gation de signature \u00e0 Mme C\u00e9cile COURREGES,\ndirectrice g\u00e9n\u00e9rale de l'agence r\u00e9gionale de sant\u00e9 Auvergne-Rh\u00f4ne-Alpes 36\nVu la d\u00e9cision de la directrice g\u00e9n\u00e9rale de l'agence r\u00e9gionale de sant\u00e9 Auvergne-Rh\u00f4ne-Alpes du 30  \njanvier 2026 portant nomination de M. Philippe GU\u00c9TAT, directeur de la d\u00e9l\u00e9gation d\u00e9partementale \ndu Rh\u00f4ne et de la M\u00e9tropole de Lyon ;\nVu le protocole d\u00e9partemental du 10 mai 2013 relatif aux modalit\u00e9s de coop\u00e9ration entre le pr\u00e9fet  \nde la r\u00e9gion Auvergne-Rh\u00f4ne-Alpes, pr\u00e9fet de la zone de d\u00e9fense et de s\u00e9curit\u00e9 Sud-Est, pr\u00e9fet du  \nRh\u00f4ne et le directeur g\u00e9n\u00e9ral de l'Agence r\u00e9gionale de sant\u00e9 de Rh\u00f4ne-Alpes ;\nConsid\u00e9rant qu'aux termes de l'article L. 1435-1, avant dernier alin\u00e9a du code de la sant\u00e9 publique,  \n\u00ab Pour les mati\u00e8res relevant de ses attributions au titre du pr\u00e9sent code, le repr\u00e9sentant de l'\u00c9tat  \ndans le d\u00e9partement peut d\u00e9l\u00e9guer sa signature \u00e0 la directrice g\u00e9n\u00e9rale de l'agence r\u00e9gionale de  \nsant\u00e9 et, en cas d'absence ou d'emp\u00eachement, \u00e0 des agents plac\u00e9s sous son autorit\u00e9. \u00bb ;\nSur proposition  du pr\u00e9fet, secr\u00e9taire g\u00e9n\u00e9ral de la pr\u00e9fecture, pr\u00e9fet d\u00e9l\u00e9gu\u00e9 pour l'\u00e9galit\u00e9 des  \nchances ;\nARR\u00caTE\nArticle 1er : D\u00e9l\u00e9gation est donn\u00e9e \u00e0 Madame C\u00e9cile COURREGES , en qualit\u00e9 de directrice g\u00e9n\u00e9rale \nde l'agence r\u00e9gionale de sant\u00e9 Auvergne-Rh\u00f4ne-Alpes, \u00e0 l'effet de signer, dans le cadre de ses  \nattributions et comp\u00e9tences, les d\u00e9cisions et documents relevant des domaines d'activit\u00e9 suivants :\n1. Hospitalisations sans consentement  \n\u2022 transmission \u00e0 la personne faisant l'objet des mesures, conform\u00e9ment \u00e0 l'article L. 3211-3 du  \ncode de la sant\u00e9 publique, des arr\u00eat\u00e9s pr\u00e9fectoraux la concernant, list\u00e9s \u00e0 l'annexe 2 du  \nprotocole d\u00e9partemental relatif aux modalit\u00e9s de coop\u00e9ration entre le pr\u00e9fet et le directeur \ng\u00e9n\u00e9ral de l'agence r\u00e9gionale de sant\u00e9 ;\n\u2022 information des autorit\u00e9s et des personnes list\u00e9es du 1\u00b0 au 5\u00b0 de l'article L. 3213-9 du code  \nde la sant\u00e9 publique, dans les 24 heures, de toutes admissions en soins psychiatriques prises  \nsur la base des articles L. 3213-1 et L. 3214-1 du code de la sant\u00e9 publique ou sur d\u00e9cision de  \njustice, ainsi que toute d\u00e9cision de maintien, et toute lev\u00e9e de cette mesure et d\u00e9cision de  \nsoins ambulatoires ;\n\u2022 courrier permettant la saisine d'un expert dans le cadre et conditions pr\u00e9vues \u00e0 l'article L.  \n3213-5-1 du code de la sant\u00e9 publique ;\n\u2022 courrier permettant la saisine du juge des libert\u00e9s et de la d\u00e9tention dans le cadre de  \nl'article  \nL. 3211-12-1 du code de la sant\u00e9 publique ;\n\u2022 courrier permettant la d\u00e9signation de deux experts lors de demandes de lev\u00e9e de mesure  \nde soins psychiatriques \u00e0 la demande d'un repr\u00e9sentant de l'\u00c9tat prises en r\u00e9f\u00e9rence aux  \narticles L. 3213-7 et L. 3213-8 du code de la sant\u00e9 publique   (patient d\u00e9clar\u00e9s irresponsables \np\u00e9naux) ;\n\u2022 information  de  la  commission  d\u00e9partementale  des  soins  psychiatriques  de  toutes  les  \nhospitalisations  sans  consentement,  leur  renouvellement  et  leur  lev\u00e9e  conform\u00e9ment  \u00e0 \nl'article L. 3223-1 du code de la sant\u00e9 publique.\n2.  Sant\u00e9 environnementale\n\u2022 contr\u00f4le administratif et technique des r\u00e8gles d'hygi\u00e8ne au sens des articles L. 1311-1 et L.  \n1311-2 du code de la sant\u00e9 publique, en vue de pr\u00e9server la sant\u00e9 de l'Homme notamment  \nen mati\u00e8re :\n\u25e6 de pr\u00e9vention des maladies transmissibles ;\n\u25e6 de  salubrit\u00e9  des  habitations,  des  agglom\u00e9rations  et  de  tous  les  milieux  de  vie  de  \nl'Homme ;\n\u25e6 d'alimentation en eau destin\u00e9e \u00e0 la consommation humaine ;\n\u25e6 d'exercice d'activit\u00e9s non soumises \u00e0 la l\u00e9gislation sur les installations class\u00e9es pour la  \nprotection  de  l'environnement  \u00e0  l'exception  de  l'instruction  des  demandes  de  \n2/5\n69_Pr\u00e9f_Pr\u00e9fecture du Rh\u00f4ne - 69-2026-03-09-00007 - Arr\u00eat\u00e9 pr\u00e9fectoral portant d\u00e9l\u00e9gation de signature \u00e0 Mme C\u00e9cile COURREGES,\ndirectrice g\u00e9n\u00e9rale de l'agence r\u00e9gionale de sant\u00e9 Auvergne-Rh\u00f4ne-Alpes 37\nd\u00e9rogation aux r\u00e8gles de distance des b\u00e2timents d'\u00e9levage soumis au r\u00e8glement sanitaire \nd\u00e9partemental  (article  164)  dont  l'ARS  est  seulement  saisie  pour  donner  un  avis  \ntechnique ;\n\u25e6 d'\u00e9vacuation, de traitement, d'\u00e9limination et l'utilisation des eaux us\u00e9es et des d\u00e9chets ;\n\u25e6 de pr\u00e9vention des nuisances sonores ;\n\u25e6 de lutte contre la pollution atmosph\u00e9rique ;\n\u25e6 de la s\u00e9curit\u00e9 sanitaire des eaux conditionn\u00e9es et thermales, eaux de baignade et de  \npiscines ;\n\u25e6 des missions du contr\u00f4le sanitaire aux fronti\u00e8res (des points d'entr\u00e9e du territoire) en  \napplication de l'article R. 3115-4 du code de la sant\u00e9 publique ;\n\u2022 mesures  de  gestion  en  cas  d'urgence  sanitaire,  notamment  en  cas  de  danger  ponctuel \nimminent pour la sant\u00e9 publique, en application de l'article L. 1311-4 du code de la sant\u00e9  \npublique ;\n\u2022 contr\u00f4le  sanitaire  des  eaux  destin\u00e9es  \u00e0  la  consommation  humaine,  proc\u00e9dures  \nd'autorisations,  propositions  de  mesures  correctives,  interdictions,  informations  relatives \naux EDCH, en application des articles L. 1321-1 et suivants, R. 1321-1 \u00e0 R. 1321-61 et D. 1321-\n103 \u00e0 D. 1321-105 du code de la sant\u00e9 publique ;\n\u2022 contr\u00f4le  sanitaire  des  eaux  conditionn\u00e9es,  proc\u00e9dures  d'autorisation,  propositions  de  \nmesures correctives, interdictions, en application des articles L. 1321-7 et R. 1321-69 \u00e0 R.  \n1321-95 du code de la sant\u00e9 publique ;\n\u2022 contr\u00f4le sanitaire des eaux min\u00e9rales naturelles, proc\u00e9dures d'autorisation, de protection  \ndes  sources  et  des  usages  qui  en  sont  faits,  propositions  de  mesures  correctives,  \ninterdictions en application des articles L. 1322-1 et suivants et R. 1322-1 \u00e0 R. 1322-67 du code \nde la sant\u00e9 publique ;\n\u2022 lutte  contre  les  situations  d'insalubrit\u00e9  des  habitations  et  des  agglom\u00e9rations,  \nconform\u00e9ment aux dispositions des articles L. 1331-22 \u00e0 L. 1331-24 du code de la sant\u00e9  \npublique et des articles L. 511-1 \u00e0 L. 511-22 du code de la construction et de l'habitation. Les  \nproc\u00e9dures  cons\u00e9cutives  \u00e0  une  d\u00e9faillance  du  propri\u00e9taire,  du  copropri\u00e9taire  ou  de  \nl'exploitant demeurent de la comp\u00e9tence des services communaux ou pr\u00e9fectoraux ;\n\u2022 lutte contre la pr\u00e9sence de plomb, en application des articles L. 1331-22, L. 1334-1 et suivants \ndu code de la sant\u00e9 publique (hors ex\u00e9cution d'office des travaux et substitution pour  \nl'h\u00e9bergement).  Les  proc\u00e9dures  cons\u00e9cutives  \u00e0  une  d\u00e9faillance  du  propri\u00e9taire,  \ncopropri\u00e9taire ou exploitant demeurent de la comp\u00e9tence des services pr\u00e9fectoraux ;\n\u2022 lutte contre la pr\u00e9sence d'amiante, en application des articles L. 1334-12-1, L. 1334-15, R.  \n1334-29-8, R. 1334-29-9 du code de la sant\u00e9 publique ;\n\u2022 contr\u00f4le sanitaire des piscines et baignades ouvertes au public, d\u00e9claration d'ouverture,  \npropositions de mesures correctives, interdiction, mesures d'urgence, informations relatives \naux r\u00e9sultats en application des articles L. 1332-1 et suivants, L. 1337-1 et D. 1332-1 \u00e0 D. 1332-\n54 du code de la sant\u00e9 publique ;\n\u2022 lutte contre les nuisances sonores li\u00e9es aux lieux diffusant des sons amplifi\u00e9s \u00e0 des niveaux  \nsonores \u00e9lev\u00e9s, en application des articles L. 171-8 (hors ex\u00e9cution d'office des mesures  \nprescrites) et R. 571-25 \u00e0 R. 571-28 du code de l'environnement et R. 1336-1 \u00e0 R. 1336-3 du  \ncode de la sant\u00e9 publique ;\n\u2022 suivi des fili\u00e8res de collectes et de traitements des d\u00e9chets d'activit\u00e9 de soins \u00e0 risques  \ninfectieux dans le cadre de l'arr\u00eat\u00e9 d'autorisation des appareils de d\u00e9sinfection d\u00e9livr\u00e9s par  \nle pr\u00e9fet, en application des articles R. 1335-6 et R. 1335-7 du code de la sant\u00e9 publique ;\n\u2022 application des dispositions relatives aux pollutions atmosph\u00e9riques prises dans l'int\u00e9r\u00eat de  \nla sant\u00e9 publique, en application de l'article L. 1335-1 du code la sant\u00e9 publique ;\n\u2022 application des dispositions relatives \u00e0 la protection contre le risque d'exposition au radon  \nen application de l'article L. 1333-10 du code de la sant\u00e9 publique ;\n\u2022 lutte anti-vectorielle en application de l'article R. 3114-9 du code de la sant\u00e9 publique.\n3/5\n69_Pr\u00e9f_Pr\u00e9fecture du Rh\u00f4ne - 69-2026-03-09-00007 - Arr\u00eat\u00e9 pr\u00e9fectoral portant d\u00e9l\u00e9gation de signature \u00e0 Mme C\u00e9cile COURREGES,\ndirectrice g\u00e9n\u00e9rale de l'agence r\u00e9gionale de sant\u00e9 Auvergne-Rh\u00f4ne-Alpes 38\n3. Autres domaines de sant\u00e9 publique\n\u2022 D\u00e9signation des trois m\u00e9decins et composition par arr\u00eat\u00e9 du comit\u00e9 m\u00e9dical charg\u00e9 de donner \nun avis sur l'aptitude physique ou mentale des praticiens hospitaliers et des \u00e9tudiants en  \nm\u00e9decine, odontologie et pharmacie en application des dispositions des chapitres II et III du  \nTitre V du Livre I - Sixi\u00e8me partie du code de la sant\u00e9 publique.\n\u2022 Placement par arr\u00eat\u00e9 des praticiens hospitaliers en cong\u00e9s longue dur\u00e9e en application de  \nl'article R.6152-39 du code de la sant\u00e9 publique et placement par arr\u00eat\u00e9 en service \u00e0 temps  \npartiel pour raison th\u00e9rapeutique cons\u00e9cutif \u00e0 un placement en cong\u00e9s de longue dur\u00e9e en  \napplication de l'article R.6152-43 du code de la sant\u00e9 publique.\nArticle 2 : En cas d'absence ou d'emp\u00eachement de Madame C\u00e9cile COURREGES, directrice g\u00e9n\u00e9rale \nde l'agence r\u00e9gionale de sant\u00e9 Auvergne-Rh\u00f4ne-Alpes, d\u00e9l\u00e9gation de signature est donn\u00e9e :\na. pour les d\u00e9cisions et documents relevant des domaines d'activit\u00e9 pr\u00e9cis\u00e9s dans l'ensemble de \nl'article 1er du pr\u00e9sent arr\u00eat\u00e9, \u00e0 Monsieur Igor BUSSCHAERT, directeur g\u00e9n\u00e9ral adjoint ;\nb. pour les d\u00e9cisions et documents relevant des domaines d'activit\u00e9 pr\u00e9cis\u00e9s dans l'article 1er - 1 du \npr\u00e9sent  arr\u00eat\u00e9,  \u00e0  Monsieur  Philippe  GU\u00c9TAT,  directeur  de  la  d\u00e9l\u00e9gation  d\u00e9partementale  du \nRh\u00f4ne et de la M\u00e9tropole de Lyon et en cas d'absence ou d'emp\u00eachement, \u00e0 Madame Marielle \nSCHMITT, directrice adjointe de la d\u00e9l\u00e9gation d\u00e9partementale du Rh\u00f4ne et de la M\u00e9tropole de \nLyon,\nEn  cas  d'absence  ou  d'emp\u00eachement  de  Monsieur  Philippe  GU\u00c9TAT  et  Madame  Marielle  \nSCHMITT, d\u00e9l\u00e9gation de signature est donn\u00e9e \u00e0 :\n- Monsieur Omar Safir ADERGAL, chef du service de soins sans consentement ;\n- Monsieur Laurent DEBORDE, responsable du p\u00f4le m\u00e9dico-social ;\n- Monsieur Simon MICHAUD, responsable du service Situations Sanitaires Exceptionnelles\nc. pour les d\u00e9cisions et documents relevant des domaines d'activit\u00e9 pr\u00e9cis\u00e9s dans l' article 1er - 2 \ndu pr\u00e9sent arr\u00eat\u00e9, \u00e0 Monsieur Aymeric BOGEY, directeur de la sant\u00e9 publique ;\nEn cas d'absence ou d'emp\u00eachement de Monsieur Aymeric BOGEY, d\u00e9l\u00e9gation de signature est \ndonn\u00e9e \u00e0 Madame Patricia SALOMON, directrice d\u00e9l\u00e9gu\u00e9e de la sant\u00e9 publique ;\nEn  cas  d'absence  ou  d'emp\u00eachement  de  Monsieur  Aymeric  BOGEY  et  de  Madame  Patricia \nSALOMON, d\u00e9l\u00e9gation de signature est donn\u00e9e \u00e0 Monsieur Bruno FABRES, responsable du p\u00f4le \nsant\u00e9 et environnement \u00e0 la direction de la sant\u00e9 publique.\nd. pour les d\u00e9cisions et documents relevant des domaines d'activit\u00e9 pr\u00e9cis\u00e9s dans l'article 1 er  - 3 \ndu pr\u00e9sent arr\u00eat\u00e9, \u00e0 Madame C\u00e9cile BEHAGHEL, directrice de l'offre de soins ;\nEn cas d'absence ou d'emp\u00eachement de Madame C\u00e9cile BEHAGHEL, d\u00e9l\u00e9gation de signature  \nest donn\u00e9e \u00e0 Monsieur Yann LEQUET, directeur d\u00e9l\u00e9gu\u00e9 de la direction de l'offre de soins.\nEn cas d'absence ou d'emp\u00eachement de Monsieur Yann LEQUET, d\u00e9l\u00e9gation de signature est  \ndonn\u00e9e  \u00e0  Madame  C\u00e9cile  LEFEBVRE,  responsable  interd\u00e9partementale  de  l'offre  de  soins  \nhospitali\u00e8re.\nArticle 3 : En cas d'absence ou d'emp\u00eachement des d\u00e9l\u00e9gataires pr\u00e9vus \u00e0 l'article 2, d\u00e9l\u00e9gation de \nsignature est donn \u00e9e pour les d \u00e9cisions et documents relevant des domaines d 'activit\u00e9 pr \u00e9cis\u00e9s \ndans l'ensemble de l 'article  1er - 2  du pr\u00e9sent arr\u00eat\u00e9, \u00e0 Monsieur  Philippe GU\u00c9TAT, directeur de la  \nd\u00e9l\u00e9gation  d\u00e9partementale  du  Rh\u00f4ne  et  de  la  M\u00e9tropole  de  Lyon  e t  en  cas  d 'absence  ou \nd'emp\u00eachement \u00e0 Madame Marielle SCHMITT, directrice adjointe de la d \u00e9l\u00e9gation d\u00e9partementale \ndu Rh\u00f4ne et de la M\u00e9tropole de Lyon.\n4/5\n69_Pr\u00e9f_Pr\u00e9fecture du Rh\u00f4ne - 69-2026-03-09-00007 - Arr\u00eat\u00e9 pr\u00e9fectoral portant d\u00e9l\u00e9gation de signature \u00e0 Mme C\u00e9cile COURREGES,\ndirectrice g\u00e9n\u00e9rale de l'agence r\u00e9gionale de sant\u00e9 Auvergne-Rh\u00f4ne-Alpes 39\nEn cas d'absence ou d'emp\u00eachement de Monsieur Philippe GU\u00c9TAT et Madame Marielle SCHMITT, \nla d\u00e9l\u00e9gation de signature est donn\u00e9e dans leurs domaines de comp\u00e9tence \u00e0 :\n\u2022 Monsieur Fr\u00e9d\u00e9ric Le LOUEDEC\n\u2022 Madame C\u00e9cile ALLARD\n\u2022 Madame Myriam PIONIN\net aux m\u00e9decins de veille sanitaire :\n\u2022 Docteur Julien BERRA (DSP) ;\n\u2022 Docteur Muriel DEHER (DSP) ;\n\u2022 Docteur Olivier GAGET (DSP) ;\n\u2022 Docteur C\u00e9cile MARIE (DSP) ;\n\u2022 Docteur Anne-Sophie RONNAUX-BARON (DSP)\n\u2022 Madame Mathilde BALLET (DSP)\n\u2022 Docteur No\u00e9mie ROSSELLO (DSP)\n\u2022 Monsieur Anselme PASCAL (DSP)\nArticle  4  : Le  pr\u00e9sent  arr\u00eat\u00e9  peut  faire  l'objet  d'un  recours  contentieux  devant  le  tribunal  \nadministratif  de  Lyon  dans  un  d\u00e9lai  de  deux  mois  \u00e0  compter  de  sa  publication.  Le  tribunal  \nadministratif peut \u00eatre saisi d'une requ\u00eate d\u00e9pos\u00e9e sur le site www.telerecours.fr.\nArticle 5 : Le pr \u00e9fet, secr\u00e9taire g\u00e9n\u00e9ral de la pr\u00e9fecture, pr\u00e9fet d\u00e9l\u00e9gu\u00e9 pour l'\u00e9galit\u00e9 des chances,  \net  la  directrice  g\u00e9n\u00e9rale  de  l'agence  r\u00e9gionale  de  sant\u00e9  d'Auvergne-Rh\u00f4ne-Alpes  sont  charg\u00e9s, \nchacun en ce qui le concerne, de l'ex\u00e9cution du pr\u00e9sent arr\u00eat\u00e9 qui sera publi\u00e9 au recueil des actes  \nadministratifs de la pr\u00e9fecture du Rh\u00f4ne.\n5/5\nLa pr\u00e9f\u00e8te,\nSign\u00e9\nFabienne BUCCIO\n69_Pr\u00e9f_Pr\u00e9fecture du Rh\u00f4ne - 69-2026-03-09-00007 - Arr\u00eat\u00e9 pr\u00e9fectoral portant d\u00e9l\u00e9gation de signature \u00e0 Mme C\u00e9cile COURREGES,\ndirectrice g\u00e9n\u00e9rale de l'agence r\u00e9gionale de sant\u00e9 Auvergne-Rh\u00f4ne-Alpes 40\n69_Pr\u00e9f_Pr\u00e9fecture du Rh\u00f4ne\n69-2026-03-06-00070\nAP du 6 mars 2026 portant autorisation\nexploitation syst\u00e8me vid\u00e9oprotection - CREDIT\nMUTUEL - Caluire-et-Cuire - 20080926\n69_Pr\u00e9f_Pr\u00e9fecture du Rh\u00f4ne - 69-2026-03-06-00070 - AP du 6 mars 2026 portant autorisation exploitation syst\u00e8me vid\u00e9oprotection -\nCREDIT MUTUEL - Caluire-et-Cuire - 20080926 41\nEPR\u00c9F\u00c8TEDU RH\u00d4NELibert\u00e9Egalit\u00e9Fraternit\u00e9\nPr\u00e9fecture\nDirection de la s\u00e9curit\u00e9 et de la protection civile\nBureau des polices administratives\nDossier 20080926\nArr\u00eat\u00e9 portant autorisation d'exploitation d'un syst\u00e8me de vid\u00e9oprotection\nLa Pr\u00e9f\u00e8te du Rh\u00f4ne\nCommandeur de la L\u00e9gion d'Honneur\nCommandeur de l'ordre national du M\u00e9rite\nVU le code de s\u00e9curit\u00e9 int\u00e9rieure et notamment ses articles L.223-1 \u00e0 L.223-9, L.251-1 \u00e0 L.255-1, ainsi que ses articles  \nR.251-7 et suivants; \nVU l'arr\u00eat\u00e9 minist\u00e9riel du 3 ao\u00fbt 2007 portant d\u00e9finition des normes techniques des syst\u00e8mes de vid\u00e9osurveillance;\nVU le d\u00e9cret en Conseil des Ministres du 11 janvier 2023 portant nomination de Madame Fabienne BUCCIO, pr\u00e9f\u00e8te de  \nla r\u00e9gion Auvergne-Rh\u00f4ne-Alpes, pr\u00e9f\u00e8te de la zone de d\u00e9fense et de s\u00e9curit\u00e9 Sud-Est, pr\u00e9f\u00e8te du Rh\u00f4ne (hors classe)  ;\nVU le d\u00e9cret du 6 novembre 2024 portant nomination de Monsieur Antoine GUERIN, pr\u00e9fet d\u00e9l\u00e9gu\u00e9 pour la d\u00e9fense et la  \ns\u00e9curit\u00e9 aupr\u00e8s de la pr\u00e9f\u00e8te de la r\u00e9gion Auvergne-Rh\u00f4ne-Alpes, pr\u00e9f\u00e8te de la zone de d\u00e9fense et de s\u00e9curit\u00e9 Sud-Est,  \npr\u00e9f\u00e8te du Rh\u00f4ne ;\nVU l'arr\u00eat\u00e9 pr\u00e9fectoral n\u00b0 69-2026-01-08-00005 du 8 janvier 2026 portant d\u00e9l\u00e9gation de signature \u00e0 M Antoine GUERIN,  \npr\u00e9fet d\u00e9l\u00e9gu\u00e9 pour la d\u00e9fense et la s\u00e9curit\u00e9 aupr\u00e8s de pr\u00e9f\u00e8te de la r\u00e9gion Auvergne-Rh\u00f4ne-Alpes, pr\u00e9f\u00e8te de la zone de  \nd\u00e9fense et de s\u00e9curit\u00e9 Sud-Est, pr\u00e9f\u00e8te du Rh\u00f4ne ;\nVU la demande pr\u00e9sent\u00e9e par le charg\u00e9 de s\u00e9curit\u00e9 de la soci\u00e9t\u00e9 CREDIT MUTUEL en vue d'obtenir l'autorisation de  \nfonctionnement d'un syst\u00e8me de vid\u00e9oprotection;\nConsid\u00e9rant l'avis favorable \u00e9mis par la Commission d\u00e9partementale de vid\u00e9oprotection le 19/12/2025;\nConsid\u00e9rant que le syst\u00e8me de vid\u00e9oprotection est conforme \u00e0 la r\u00e9glementation ;\nSur proposition de Monsieur le Directeur de la S\u00e9curit\u00e9 et de la Protection Civile.\nARR\u00caTE\nArticle 1er : Le fonctionnement du syst\u00e8me de vid\u00e9oprotection, situ\u00e9 5 Mont\u00e9e Castellane \u00e0 Caluire-et-Cuire (69300)  qui \nfait l'objet de la demande pr\u00e9sent\u00e9e par le charg\u00e9 de s\u00e9curit\u00e9 de la soci\u00e9t\u00e9 CREDIT MUTUEL est autoris\u00e9 pour 3 cam\u00e9ras  \nint\u00e9rieures, 1 cam\u00e9ra ext\u00e9rieure sous r\u00e9serve des obligations suivantes : \n- le d\u00e9lai de conservation des images est limit\u00e9 \u00e0 30 jours ;\n- le traitement des images \u00e0 l'\u00e9tranger est formellement interdit ;\n- le titulaire de l'autorisation doit tenir un registre mentionnant les enregistrements r\u00e9alis\u00e9s, la date de destruction des  \nimages et le cas \u00e9ch\u00e9ant la date de leur transmission au parquet ;\n- les personnes charg\u00e9es du traitement du syst\u00e8me de vid\u00e9oprotection sont habilit\u00e9es \u00e0 le faire par le p\u00e9titionnaire ;\n- les personnes habilit\u00e9es \u00e0 acc\u00e9der aux images doivent correspondre \u00e0 celles mentionn\u00e9es dans la d\u00e9claration, elles sont  \nd\u00e9sign\u00e9es par leur identit\u00e9 et/ou leur fonction, toute modification de ces personnes doit \u00eatre faite aupr\u00e8s des services  \npr\u00e9fectoraux ;\n   Pr\u00e9fecture du Rh\u00f4ne \u2013 \n   69419 Lyon cedex 03 \n  04 72 61 61 61\n  www.rhone.gouv.fr 1/2\nLyon, le 6 mars 2026\n69_Pr\u00e9f_Pr\u00e9fecture du Rh\u00f4ne - 69-2026-03-06-00070 - AP du 6 mars 2026 portant autorisation exploitation syst\u00e8me vid\u00e9oprotection -\nCREDIT MUTUEL - Caluire-et-Cuire - 20080926 42\n- les forces de s\u00e9curit\u00e9 de l'\u00c9tat sont habilit\u00e9es \u00e0 acc\u00e9der aux images en temps r\u00e9el et \u00e0 visionner les enregistrements sur le  \nlieu de traitement des images et une r\u00e9quisition \u00e9crite est n\u00e9cessaire pour toute extraction d'images ;\n- le responsable de la mise en \u0153uvre du syst\u00e8me doit s'assurer que des consignes tr\u00e8s pr\u00e9cises soient donn\u00e9es sur la  \nconfidentialit\u00e9 des images capt\u00e9es et/ou enregistr\u00e9es \u00e0 toutes les personnes concern\u00e9es ;\n- l'acc\u00e8s \u00e0 la salle de visionnage, d'enregistrement et de traitement des images, doit \u00eatre  strictement interdit  \u00e0 toute  \npersonne  qui  n'aura  pas  \u00e9t\u00e9  pr\u00e9alablement  habilit\u00e9e  et  autoris\u00e9e  par  l'autorit\u00e9  responsable  du  syst\u00e8me  ou  de  son  \nexploitation ;\n- les cam\u00e9ras ne doivent en aucun cas visionner les zones privatives aux alentours, toutes mesures de protection comme un  \nsyst\u00e8me de masquage ou de \u00ab  floutage \u00bb (notamment pour les lieux privatifs film\u00e9s \u00e0 titre accessoire) doivent \u00eatre prises  \nafin de ne porter, en aucune mani\u00e8re, atteinte \u00e0 l'intimit\u00e9 de la vie priv\u00e9e des riverains qui peuvent se trouver dans leur  \nchamp de vision.\n- l'information du public de l'existence du syst\u00e8me de vid\u00e9oprotection dans la commune, la qualit\u00e9 et les coordonn\u00e9es du  \nresponsable de ce syst\u00e8me doivent appara\u00eetre de mani\u00e8re claire et permanente, l'affichage doit-\u00eatre suffisant et conforme  \nau mod\u00e8le joint \u00e0 la demande ;\n- le syst\u00e8me de vid\u00e9oprotection ne peut pas servir \u00e0 alimenter un fichier nominatif .\nArticle 2 : Les finalit\u00e9s du syst\u00e8me de vid\u00e9oprotection pour lequel la pr\u00e9sente autorisation est d\u00e9livr\u00e9e sont la pr\u00e9vention des  \natteintes \u00e0 la s\u00e9curit\u00e9 des personnes et des biens dans des lieux, ainsi que dans des \u00e9tablissements ouverts au public,  \nparticuli\u00e8rement expos\u00e9s \u00e0 des risques d'agression et de vol.\nArticle 3     : Le titulaire de l'autorisation est tenu d'informer pr\u00e9alablement la pr\u00e9f\u00e8te du Rh\u00f4ne de la date de mise en service du  \nsyst\u00e8me de vid\u00e9oprotection et, le cas \u00e9ch\u00e9ant, du d\u00e9placement des cam\u00e9ras.\nArticle 4 :  Les agents des forces de s\u00e9curit\u00e9 de l'\u00c9tat et du Service D\u00e9partemental M\u00e9tropolitain d'Incendie et de Secours du  \nRh\u00f4ne individuellement d\u00e9sign\u00e9s et d\u00fbment habilit\u00e9s sont destinataires des enregistrements et des images, dans les conditions  \nd\u00e9finies par les conventions de partenariat relatives \u00e0 la vid\u00e9oprotection urbaine conclues le cas \u00e9ch\u00e9ant entre la commune et  \nl'\u00c9tat ou entre la commune et le SDMIS.\nArticle 5 : Toute modification des donn\u00e9es figurant dans le dossier administratif et technique de cette autorisation doit faire  \nl'objet d'une demande de modification d'autorisation aupr\u00e8s des services pr\u00e9fectoraux. La non-ex\u00e9cution de ces dispositions  \nentra\u00eene le retrait de cette autorisation, sans pr\u00e9judice des sanctions p\u00e9nales pr\u00e9vues.\nArticle  6 :  La  pr\u00e9sente  autorisation  est  valable  pour  une  dur\u00e9e  de  cinq  ans  et  devra  faire  l'objet  d'une  demande  de  \nrenouvellement quatre mois avant la fin de son \u00e9ch\u00e9ance. \nLe droit d'acc\u00e8s aux informations enregistr\u00e9es est r\u00e9gi par les dispositions de l'article L. 253-5 et des articles R.253-3 et  \nR.253-4 du code de la s\u00e9curit\u00e9 int\u00e9rieure.\nArticle 7 : Le fait de proc\u00e9der \u00e0 des enregistrements de vid\u00e9oprotection sans autorisation, de ne pas les d\u00e9truire dans le d\u00e9lai  \npr\u00e9vu, de les falsifier, d'entraver l'action de la commission d\u00e9partementale de vid\u00e9oprotection ou de la Commission Nationale  \nInformatique et Libert\u00e9s, de faire acc\u00e9der des personnes non habilit\u00e9es aux images ou d'utiliser ces images \u00e0 d'autres fins que  \ncelles pour lesquelles elles sont autoris\u00e9es est puni de trois ans d'emprisonnement et de 45000 euros d'amende sans pr\u00e9judice  \ndes dispositions des articles 226-1 du code p\u00e9nal.\nArticle 8 : le Directeur de la s\u00e9curit\u00e9 et de la protection civile et le charg\u00e9 de s\u00e9curit\u00e9 de la soci\u00e9t\u00e9 CREDIT MUTUEL, chacun \nen ce qui le concerne, est charg\u00e9 de l'ex\u00e9cution du pr\u00e9sent arr\u00eat\u00e9 et qui sera publi\u00e9 au recueil des actes administratifs de la  \npr\u00e9fecture du Rh\u00f4ne.\n Pour la Pr\u00e9f\u00e8te, \nle directeur de la s\u00e9curit\u00e9 et de la protection civile\n       Ernest MOUTOUSSAMY\nSi vous entendez contester le pr\u00e9sent arr\u00eat\u00e9, vous pouvez utiliser les voies de recours suivantes :\n- un recours gracieux motiv\u00e9 peut \u00eatre adress\u00e9 aupr\u00e8s de mes services dans un d\u00e9lai de deux mois \u00e0 compter de la notification du pr\u00e9sent arr\u00eat\u00e9,\n- un recours hi\u00e9rarchique peut \u00eatre introduit aupr\u00e8s de M. le Ministre de l'Int\u00e9rieur, Direction des libert\u00e9s publiques et Affaires juridiques, Bureau des polices Administratives,\nEn l'absence de r\u00e9ponse dans un d\u00e9lai de deux mois \u00e0 compter de la r\u00e9ception de votre recours, celui-ci doit \u00eatre consid\u00e9r\u00e9 comme implicitement rejet\u00e9.\n- un recours contentieux : aupr\u00e8s du Tribunal Administratif de Lyon dans un d\u00e9lai de deux mois \u00e0 compter de la notification du pr\u00e9sent arr\u00eat\u00e9 ou \u00e0 partir de la d\u00e9cision\nImplicite ou explicite de rejet du recours gracieux ou hi\u00e9rarchique. Le tribunal administratif peut \u00eatre saisi d'une requ\u00eate d\u00e9pos\u00e9e sur le site www.telerecours.fr            2/2\n69_Pr\u00e9f_Pr\u00e9fecture du Rh\u00f4ne - 69-2026-03-06-00070 - AP du 6 mars 2026 portant autorisation exploitation syst\u00e8me vid\u00e9oprotection -\nCREDIT MUTUEL - Caluire-et-Cuire - 20080926 43\n69_Pr\u00e9f_Pr\u00e9fecture du Rh\u00f4ne\n69-2026-03-06-00071\nAP du 6 mars 2026 portant autorisation\nexploitation syst\u00e8me vid\u00e9oprotection - CREDIT\nMUTUEL - Lyon 7 - 20080943\n69_Pr\u00e9f_Pr\u00e9fecture du Rh\u00f4ne - 69-2026-03-06-00071 - AP du 6 mars 2026 portant autorisation exploitation syst\u00e8me vid\u00e9oprotection -\nCREDIT MUTUEL - Lyon 7 - 20080943 44\nEPR\u00c9F\u00c8TEDU RH\u00d4NELibert\u00e9Egalit\u00e9Fraternit\u00e9\nPr\u00e9fecture\nDirection de la s\u00e9curit\u00e9 et de la protection civile\nBureau des polices administratives\nDossier 20080943\nArr\u00eat\u00e9 portant autorisation d'exploitation d'un syst\u00e8me de vid\u00e9oprotection\nLa Pr\u00e9f\u00e8te du Rh\u00f4ne\nCommandeur de la L\u00e9gion d'Honneur\nCommandeur de l'ordre national du M\u00e9rite\nVU le code de s\u00e9curit\u00e9 int\u00e9rieure et notamment ses articles L.223-1 \u00e0 L.223-9, L.251-1 \u00e0 L.255-1, ainsi que ses articles  \nR.251-7 et suivants; \nVU l'arr\u00eat\u00e9 minist\u00e9riel du 3 ao\u00fbt 2007 portant d\u00e9finition des normes techniques des syst\u00e8mes de vid\u00e9osurveillance;\nVU le d\u00e9cret en Conseil des Ministres du 11 janvier 2023 portant nomination de Madame Fabienne BUCCIO, pr\u00e9f\u00e8te de  \nla r\u00e9gion Auvergne-Rh\u00f4ne-Alpes, pr\u00e9f\u00e8te de la zone de d\u00e9fense et de s\u00e9curit\u00e9 Sud-Est, pr\u00e9f\u00e8te du Rh\u00f4ne (hors classe)  ;\nVU le d\u00e9cret du 6 novembre 2024 portant nomination de Monsieur Antoine GUERIN, pr\u00e9fet d\u00e9l\u00e9gu\u00e9 pour la d\u00e9fense et la  \ns\u00e9curit\u00e9 aupr\u00e8s de la pr\u00e9f\u00e8te de la r\u00e9gion Auvergne-Rh\u00f4ne-Alpes, pr\u00e9f\u00e8te de la zone de d\u00e9fense et de s\u00e9curit\u00e9 Sud-Est,  \npr\u00e9f\u00e8te du Rh\u00f4ne ;\nVU l'arr\u00eat\u00e9 pr\u00e9fectoral n\u00b0 69-2026-01-08-00005 du 8 janvier 2026 portant d\u00e9l\u00e9gation de signature \u00e0 M Antoine GUERIN,  \npr\u00e9fet d\u00e9l\u00e9gu\u00e9 pour la d\u00e9fense et la s\u00e9curit\u00e9 aupr\u00e8s de pr\u00e9f\u00e8te de la r\u00e9gion Auvergne-Rh\u00f4ne-Alpes, pr\u00e9f\u00e8te de la zone de  \nd\u00e9fense et de s\u00e9curit\u00e9 Sud-Est, pr\u00e9f\u00e8te du Rh\u00f4ne ;\nVU la demande pr\u00e9sent\u00e9e par le charg\u00e9 de s\u00e9curit\u00e9 de la soci\u00e9t\u00e9 CREDIT MUTUEL en vue d'obtenir l'autorisation de  \nfonctionnement d'un syst\u00e8me de vid\u00e9oprotection;\nConsid\u00e9rant l'avis favorable \u00e9mis par la Commission d\u00e9partementale de vid\u00e9oprotection le 19/12/2025;\nConsid\u00e9rant que le syst\u00e8me de vid\u00e9oprotection est conforme \u00e0 la r\u00e9glementation ;\nSur proposition de Monsieur le Directeur de la S\u00e9curit\u00e9 et de la Protection Civile.\nARR\u00caTE\nArticle 1er : Le fonctionnement du syst\u00e8me de vid\u00e9oprotection, situ\u00e9 79 Avenue Jean Jaur\u00e8s \u00e0 Lyon 7\u00e8me (69007) qui fait \nl'objet de la demande pr\u00e9sent\u00e9e par le charg\u00e9 de s\u00e9curit\u00e9 de la soci\u00e9t\u00e9 CREDIT MUTUEL est autoris\u00e9 pour 7 cam\u00e9ras  \nint\u00e9rieures, 1 cam\u00e9ra ext\u00e9rieure sous r\u00e9serve des obligations suivantes : \n- le d\u00e9lai de conservation des images est limit\u00e9 \u00e0 30 jours ;\n- le traitement des images \u00e0 l'\u00e9tranger est formellement interdit ;\n- le titulaire de l'autorisation doit tenir un registre mentionnant les enregistrements r\u00e9alis\u00e9s, la date de destruction des  \nimages et le cas \u00e9ch\u00e9ant la date de leur transmission au parquet ;\n- les personnes charg\u00e9es du traitement du syst\u00e8me de vid\u00e9oprotection sont habilit\u00e9es \u00e0 le faire par le p\u00e9titionnaire ;\n- les personnes habilit\u00e9es \u00e0 acc\u00e9der aux images doivent correspondre \u00e0 celles mentionn\u00e9es dans la d\u00e9claration, elles sont  \nd\u00e9sign\u00e9es par leur identit\u00e9 et/ou leur fonction, toute modification de ces personnes doit \u00eatre faite aupr\u00e8s des services  \npr\u00e9fectoraux ;\n   Pr\u00e9fecture du Rh\u00f4ne \u2013 \n   69419 Lyon cedex 03 \n  04 72 61 61 61\n  www.rhone.gouv.fr 1/2\nLyon, le 6 mars 2026\n69_Pr\u00e9f_Pr\u00e9fecture du Rh\u00f4ne - 69-2026-03-06-00071 - AP du 6 mars 2026 portant autorisation exploitation syst\u00e8me vid\u00e9oprotection -\nCREDIT MUTUEL - Lyon 7 - 20080943 45\n- les forces de s\u00e9curit\u00e9 de l'\u00c9tat sont habilit\u00e9es \u00e0 acc\u00e9der aux images en temps r\u00e9el et \u00e0 visionner les enregistrements sur le  \nlieu de traitement des images et une r\u00e9quisition \u00e9crite est n\u00e9cessaire pour toute extraction d'images ;\n- le responsable de la mise en \u0153uvre du syst\u00e8me doit s'assurer que des consignes tr\u00e8s pr\u00e9cises soient donn\u00e9es sur la  \nconfidentialit\u00e9 des images capt\u00e9es et/ou enregistr\u00e9es \u00e0 toutes les personnes concern\u00e9es ;\n- l'acc\u00e8s \u00e0 la salle de visionnage, d'enregistrement et de traitement des images, doit \u00eatre  strictement interdit  \u00e0 toute  \npersonne  qui  n'aura  pas  \u00e9t\u00e9  pr\u00e9alablement  habilit\u00e9e  et  autoris\u00e9e  par  l'autorit\u00e9  responsable  du  syst\u00e8me  ou  de  son  \nexploitation ;\n- les cam\u00e9ras ne doivent en aucun cas visionner les zones privatives aux alentours, toutes mesures de protection comme un  \nsyst\u00e8me de masquage ou de \u00ab  floutage \u00bb (notamment pour les lieux privatifs film\u00e9s \u00e0 titre accessoire) doivent \u00eatre prises  \nafin de ne porter, en aucune mani\u00e8re, atteinte \u00e0 l'intimit\u00e9 de la vie priv\u00e9e des riverains qui peuvent se trouver dans leur  \nchamp de vision.\n- l'information du public de l'existence du syst\u00e8me de vid\u00e9oprotection dans la commune, la qualit\u00e9 et les coordonn\u00e9es du  \nresponsable de ce syst\u00e8me doivent appara\u00eetre de mani\u00e8re claire et permanente, l'affichage doit-\u00eatre suffisant et conforme  \nau mod\u00e8le joint \u00e0 la demande ;\n- le syst\u00e8me de vid\u00e9oprotection ne peut pas servir \u00e0 alimenter un fichier nominatif .\nArticle 2 : Les finalit\u00e9s du syst\u00e8me de vid\u00e9oprotection pour lequel la pr\u00e9sente autorisation est d\u00e9livr\u00e9e sont la pr\u00e9vention des  \natteintes \u00e0 la s\u00e9curit\u00e9 des personnes et des biens dans des lieux, ainsi que dans des \u00e9tablissements ouverts au public,  \nparticuli\u00e8rement expos\u00e9s \u00e0 des risques d'agression et de vol.\nArticle 3     : Le titulaire de l'autorisation est tenu d'informer pr\u00e9alablement la pr\u00e9f\u00e8te du Rh\u00f4ne de la date de mise en service du  \nsyst\u00e8me de vid\u00e9oprotection et, le cas \u00e9ch\u00e9ant, du d\u00e9placement des cam\u00e9ras.\nArticle 4 :  Les agents des forces de s\u00e9curit\u00e9 de l'\u00c9tat et du Service D\u00e9partemental M\u00e9tropolitain d'Incendie et de Secours du  \nRh\u00f4ne individuellement d\u00e9sign\u00e9s et d\u00fbment habilit\u00e9s sont destinataires des enregistrements et des images, dans les conditions  \nd\u00e9finies par les conventions de partenariat relatives \u00e0 la vid\u00e9oprotection urbaine conclues le cas \u00e9ch\u00e9ant entre la commune et  \nl'\u00c9tat ou entre la commune et le SDMIS.\nArticle 5 : Toute modification des donn\u00e9es figurant dans le dossier administratif et technique de cette autorisation doit faire  \nl'objet d'une demande de modification d'autorisation aupr\u00e8s des services pr\u00e9fectoraux. La non-ex\u00e9cution de ces dispositions  \nentra\u00eene le retrait de cette autorisation, sans pr\u00e9judice des sanctions p\u00e9nales pr\u00e9vues.\nArticle  6 :  La  pr\u00e9sente  autorisation  est  valable  pour  une  dur\u00e9e  de  cinq  ans  et  devra  faire  l'objet  d'une  demande  de  \nrenouvellement quatre mois avant la fin de son \u00e9ch\u00e9ance. \nLe droit d'acc\u00e8s aux informations enregistr\u00e9es est r\u00e9gi par les dispositions de l'article L. 253-5 et des articles R.253-3 et  \nR.253-4 du code de la s\u00e9curit\u00e9 int\u00e9rieure.\nArticle 7 : Le fait de proc\u00e9der \u00e0 des enregistrements de vid\u00e9oprotection sans autorisation, de ne pas les d\u00e9truire dans le d\u00e9lai  \npr\u00e9vu, de les falsifier, d'entraver l'action de la commission d\u00e9partementale de vid\u00e9oprotection ou de la Commission Nationale  \nInformatique et Libert\u00e9s, de faire acc\u00e9der des personnes non habilit\u00e9es aux images ou d'utiliser ces images \u00e0 d'autres fins que  \ncelles pour lesquelles elles sont autoris\u00e9es est puni de trois ans d'emprisonnement et de 45000 euros d'amende sans pr\u00e9judice  \ndes dispositions des articles 226-1 du code p\u00e9nal.\nArticle 8 : le Directeur de la s\u00e9curit\u00e9 et de la protection civile et le charg\u00e9 de s\u00e9curit\u00e9 de la soci\u00e9t\u00e9 CREDIT MUTUEL, chacun \nen ce qui le concerne, est charg\u00e9 de l'ex\u00e9cution du pr\u00e9sent arr\u00eat\u00e9 et qui sera publi\u00e9 au recueil des actes administratifs de la  \npr\u00e9fecture du Rh\u00f4ne.\n Pour la Pr\u00e9f\u00e8te, \nle directeur de la s\u00e9curit\u00e9 et de la protection civile\n       Ernest MOUTOUSSAMY\nSi vous entendez contester le pr\u00e9sent arr\u00eat\u00e9, vous pouvez utiliser les voies de recours suivantes :\n- un recours gracieux motiv\u00e9 peut \u00eatre adress\u00e9 aupr\u00e8s de mes services dans un d\u00e9lai de deux mois \u00e0 compter de la notification du pr\u00e9sent arr\u00eat\u00e9,\n- un recours hi\u00e9rarchique peut \u00eatre introduit aupr\u00e8s de M. le Ministre de l'Int\u00e9rieur, Direction des libert\u00e9s publiques et Affaires juridiques, Bureau des polices Administratives,\nEn l'absence de r\u00e9ponse dans un d\u00e9lai de deux mois \u00e0 compter de la r\u00e9ception de votre recours, celui-ci doit \u00eatre consid\u00e9r\u00e9 comme implicitement rejet\u00e9.\n- un recours contentieux : aupr\u00e8s du Tribunal Administratif de Lyon dans un d\u00e9lai de deux mois \u00e0 compter de la notification du pr\u00e9sent arr\u00eat\u00e9 ou \u00e0 partir de la d\u00e9cision\nImplicite ou explicite de rejet du recours gracieux ou hi\u00e9rarchique. Le tribunal administratif peut \u00eatre saisi d'une requ\u00eate d\u00e9pos\u00e9e sur le site www.telerecours.fr            2/2\n69_Pr\u00e9f_Pr\u00e9fecture du Rh\u00f4ne - 69-2026-03-06-00071 - AP du 6 mars 2026 portant autorisation exploitation syst\u00e8me vid\u00e9oprotection -\nCREDIT MUTUEL - Lyon 7 - 20080943 46\n69_Pr\u00e9f_Pr\u00e9fecture du Rh\u00f4ne\n69-2026-03-06-00073\nAP du 6 mars 2026 portant autorisation\nexploitation syst\u00e8me vid\u00e9oprotection - CREDIT\nMUTUEL - Lyon 9 - 20100726\n69_Pr\u00e9f_Pr\u00e9fecture du Rh\u00f4ne - 69-2026-03-06-00073 - AP du 6 mars 2026 portant autorisation exploitation syst\u00e8me vid\u00e9oprotection -\nCREDIT MUTUEL - Lyon 9 - 20100726 47\nEPR\u00c9F\u00c8TEDU RH\u00d4NELibert\u00e9Egalit\u00e9Fraternit\u00e9\nPr\u00e9fecture\nDirection de la s\u00e9curit\u00e9 et de la protection civile\nBureau des polices administratives\nDossier 20100726\nArr\u00eat\u00e9 portant autorisation d'exploitation d'un syst\u00e8me de vid\u00e9oprotection\nLa Pr\u00e9f\u00e8te du Rh\u00f4ne\nCommandeur de la L\u00e9gion d'Honneur\nCommandeur de l'ordre national du M\u00e9rite\nVU le code de s\u00e9curit\u00e9 int\u00e9rieure et notamment ses articles L.223-1 \u00e0 L.223-9, L.251-1 \u00e0 L.255-1, ainsi que ses articles  \nR.251-7 et suivants; \nVU l'arr\u00eat\u00e9 minist\u00e9riel du 3 ao\u00fbt 2007 portant d\u00e9finition des normes techniques des syst\u00e8mes de vid\u00e9osurveillance;\nVU le d\u00e9cret en Conseil des Ministres du 11 janvier 2023 portant nomination de Madame Fabienne BUCCIO, pr\u00e9f\u00e8te de  \nla r\u00e9gion Auvergne-Rh\u00f4ne-Alpes, pr\u00e9f\u00e8te de la zone de d\u00e9fense et de s\u00e9curit\u00e9 Sud-Est, pr\u00e9f\u00e8te du Rh\u00f4ne (hors classe)  ;\nVU le d\u00e9cret du 6 novembre 2024 portant nomination de Monsieur Antoine GUERIN, pr\u00e9fet d\u00e9l\u00e9gu\u00e9 pour la d\u00e9fense et la  \ns\u00e9curit\u00e9 aupr\u00e8s de la pr\u00e9f\u00e8te de la r\u00e9gion Auvergne-Rh\u00f4ne-Alpes, pr\u00e9f\u00e8te de la zone de d\u00e9fense et de s\u00e9curit\u00e9 Sud-Est,  \npr\u00e9f\u00e8te du Rh\u00f4ne ;\nVU l'arr\u00eat\u00e9 pr\u00e9fectoral n\u00b0 69-2026-01-08-00005 du 8 janvier 2026 portant d\u00e9l\u00e9gation de signature \u00e0 M Antoine GUERIN,  \npr\u00e9fet d\u00e9l\u00e9gu\u00e9 pour la d\u00e9fense et la s\u00e9curit\u00e9 aupr\u00e8s de pr\u00e9f\u00e8te de la r\u00e9gion Auvergne-Rh\u00f4ne-Alpes, pr\u00e9f\u00e8te de la zone de  \nd\u00e9fense et de s\u00e9curit\u00e9 Sud-Est, pr\u00e9f\u00e8te du Rh\u00f4ne ;\nVU la demande pr\u00e9sent\u00e9e par le charg\u00e9 de s\u00e9curit\u00e9 de la soci\u00e9t\u00e9 CREDIT MUTUEL en vue d'obtenir l'autorisation de  \nfonctionnement d'un syst\u00e8me de vid\u00e9oprotection;\nConsid\u00e9rant l'avis favorable \u00e9mis par la Commission d\u00e9partementale de vid\u00e9oprotection le 19/12/2025;\nConsid\u00e9rant que le syst\u00e8me de vid\u00e9oprotection est conforme \u00e0 la r\u00e9glementation ;\nSur proposition de Monsieur le Directeur de la S\u00e9curit\u00e9 et de la Protection Civile.\nARR\u00caTE\nArticle 1er : Le fonctionnement du syst\u00e8me de vid\u00e9oprotection, situ\u00e9 44 rue sergent Berthet  \u00e0 Lyon 9\u00e8me (69009) qui fait \nl'objet de la demande pr\u00e9sent\u00e9e par le charg\u00e9 de s\u00e9curit\u00e9 de la soci\u00e9t\u00e9 CREDIT MUTUEL est autoris\u00e9 pour 1 cam\u00e9ra  \next\u00e9rieure sous r\u00e9serve des obligations suivantes : \n- le d\u00e9lai de conservation des images est limit\u00e9 \u00e0 30 jours ;\n- le traitement des images \u00e0 l'\u00e9tranger est formellement interdit ;\n- le titulaire de l'autorisation doit tenir un registre mentionnant les enregistrements r\u00e9alis\u00e9s, la date de destruction des  \nimages et le cas \u00e9ch\u00e9ant la date de leur transmission au parquet ;\n- les personnes charg\u00e9es du traitement du syst\u00e8me de vid\u00e9oprotection sont habilit\u00e9es \u00e0 le faire par le p\u00e9titionnaire ;\n- les personnes habilit\u00e9es \u00e0 acc\u00e9der aux images doivent correspondre \u00e0 celles mentionn\u00e9es dans la d\u00e9claration, elles sont  \nd\u00e9sign\u00e9es par leur identit\u00e9 et/ou leur fonction, toute modification de ces personnes doit \u00eatre faite aupr\u00e8s des services  \npr\u00e9fectoraux ;\n   Pr\u00e9fecture du Rh\u00f4ne \u2013 \n   69419 Lyon cedex 03 \n  04 72 61 61 61\n  www.rhone.gouv.fr 1/2\nLyon, le 6 mars 2026\n69_Pr\u00e9f_Pr\u00e9fecture du Rh\u00f4ne - 69-2026-03-06-00073 - AP du 6 mars 2026 portant autorisation exploitation syst\u00e8me vid\u00e9oprotection -\nCREDIT MUTUEL - Lyon 9 - 20100726 48\n- les forces de s\u00e9curit\u00e9 de l'\u00c9tat sont habilit\u00e9es \u00e0 acc\u00e9der aux images en temps r\u00e9el et \u00e0 visionner les enregistrements sur le  \nlieu de traitement des images et une r\u00e9quisition \u00e9crite est n\u00e9cessaire pour toute extraction d'images ;\n- le responsable de la mise en \u0153uvre du syst\u00e8me doit s'assurer que des consignes tr\u00e8s pr\u00e9cises soient donn\u00e9es sur la  \nconfidentialit\u00e9 des images capt\u00e9es et/ou enregistr\u00e9es \u00e0 toutes les personnes concern\u00e9es ;\n- l'acc\u00e8s \u00e0 la salle de visionnage, d'enregistrement et de traitement des images, doit \u00eatre  strictement interdit  \u00e0 toute  \npersonne  qui  n'aura  pas  \u00e9t\u00e9  pr\u00e9alablement  habilit\u00e9e  et  autoris\u00e9e  par  l'autorit\u00e9  responsable  du  syst\u00e8me  ou  de  son  \nexploitation ;\n- les cam\u00e9ras ne doivent en aucun cas visionner les zones privatives aux alentours, toutes mesures de protection comme un  \nsyst\u00e8me de masquage ou de \u00ab  floutage \u00bb (notamment pour les lieux privatifs film\u00e9s \u00e0 titre accessoire) doivent \u00eatre prises  \nafin de ne porter, en aucune mani\u00e8re, atteinte \u00e0 l'intimit\u00e9 de la vie priv\u00e9e des riverains qui peuvent se trouver dans leur  \nchamp de vision.\n- l'information du public de l'existence du syst\u00e8me de vid\u00e9oprotection dans la commune, la qualit\u00e9 et les coordonn\u00e9es du  \nresponsable de ce syst\u00e8me doivent appara\u00eetre de mani\u00e8re claire et permanente, l'affichage doit-\u00eatre suffisant et conforme  \nau mod\u00e8le joint \u00e0 la demande ;\n- le syst\u00e8me de vid\u00e9oprotection ne peut pas servir \u00e0 alimenter un fichier nominatif .\nArticle 2 : Les finalit\u00e9s du syst\u00e8me de vid\u00e9oprotection pour lequel la pr\u00e9sente autorisation est d\u00e9livr\u00e9e sont la pr\u00e9vention des  \natteintes \u00e0 la s\u00e9curit\u00e9 des personnes et des biens dans des lieux, ainsi que dans des \u00e9tablissements ouverts au public,  \nparticuli\u00e8rement expos\u00e9s \u00e0 des risques d'agression et de vol.\nArticle 3     : Le titulaire de l'autorisation est tenu d'informer pr\u00e9alablement la pr\u00e9f\u00e8te du Rh\u00f4ne de la date de mise en service du  \nsyst\u00e8me de vid\u00e9oprotection et, le cas \u00e9ch\u00e9ant, du d\u00e9placement des cam\u00e9ras.\nArticle 4 :  Les agents des forces de s\u00e9curit\u00e9 de l'\u00c9tat et du Service D\u00e9partemental M\u00e9tropolitain d'Incendie et de Secours du  \nRh\u00f4ne individuellement d\u00e9sign\u00e9s et d\u00fbment habilit\u00e9s sont destinataires des enregistrements et des images, dans les conditions  \nd\u00e9finies par les conventions de partenariat relatives \u00e0 la vid\u00e9oprotection urbaine conclues le cas \u00e9ch\u00e9ant entre la commune et  \nl'\u00c9tat ou entre la commune et le SDMIS.\nArticle 5 : Toute modification des donn\u00e9es figurant dans le dossier administratif et technique de cette autorisation doit faire  \nl'objet d'une demande de modification d'autorisation aupr\u00e8s des services pr\u00e9fectoraux. La non-ex\u00e9cution de ces dispositions  \nentra\u00eene le retrait de cette autorisation, sans pr\u00e9judice des sanctions p\u00e9nales pr\u00e9vues.\nArticle  6 :  La  pr\u00e9sente  autorisation  est  valable  pour  une  dur\u00e9e  de  cinq  ans  et  devra  faire  l'objet  d'une  demande  de  \nrenouvellement quatre mois avant la fin de son \u00e9ch\u00e9ance. \nLe droit d'acc\u00e8s aux informations enregistr\u00e9es est r\u00e9gi par les dispositions de l'article L. 253-5 et des articles R.253-3 et  \nR.253-4 du code de la s\u00e9curit\u00e9 int\u00e9rieure.\nArticle 7 : Le fait de proc\u00e9der \u00e0 des enregistrements de vid\u00e9oprotection sans autorisation, de ne pas les d\u00e9truire dans le d\u00e9lai  \npr\u00e9vu, de les falsifier, d'entraver l'action de la commission d\u00e9partementale de vid\u00e9oprotection ou de la Commission Nationale  \nInformatique et Libert\u00e9s, de faire acc\u00e9der des personnes non habilit\u00e9es aux images ou d'utiliser ces images \u00e0 d'autres fins que  \ncelles pour lesquelles elles sont autoris\u00e9es est puni de trois ans d'emprisonnement et de 45000 euros d'amende sans pr\u00e9judice  \ndes dispositions des articles 226-1 du code p\u00e9nal.\nArticle 8 : le Directeur de la s\u00e9curit\u00e9 et de la protection civile et le charg\u00e9 de s\u00e9curit\u00e9 de la soci\u00e9t\u00e9 CREDIT MUTUEL, chacun \nen ce qui le concerne, est charg\u00e9 de l'ex\u00e9cution du pr\u00e9sent arr\u00eat\u00e9 et qui sera publi\u00e9 au recueil des actes administratifs de la  \npr\u00e9fecture du Rh\u00f4ne.\n Pour la Pr\u00e9f\u00e8te, \nle directeur de la s\u00e9curit\u00e9 et de la protection civile\n       Ernest MOUTOUSSAMY\nSi vous entendez contester le pr\u00e9sent arr\u00eat\u00e9, vous pouvez utiliser les voies de recours suivantes :\n- un recours gracieux motiv\u00e9 peut \u00eatre adress\u00e9 aupr\u00e8s de mes services dans un d\u00e9lai de deux mois \u00e0 compter de la notification du pr\u00e9sent arr\u00eat\u00e9,\n- un recours hi\u00e9rarchique peut \u00eatre introduit aupr\u00e8s de M. le Ministre de l'Int\u00e9rieur, Direction des libert\u00e9s publiques et Affaires juridiques, Bureau des polices Administratives,\nEn l'absence de r\u00e9ponse dans un d\u00e9lai de deux mois \u00e0 compter de la r\u00e9ception de votre recours, celui-ci doit \u00eatre consid\u00e9r\u00e9 comme implicitement rejet\u00e9.\n- un recours contentieux : aupr\u00e8s du Tribunal Administratif de Lyon dans un d\u00e9lai de deux mois \u00e0 compter de la notification du pr\u00e9sent arr\u00eat\u00e9 ou \u00e0 partir de la d\u00e9cision\nImplicite ou explicite de rejet du recours gracieux ou hi\u00e9rarchique. Le tribunal administratif peut \u00eatre saisi d'une requ\u00eate d\u00e9pos\u00e9e sur le site www.telerecours.fr            2/2\n69_Pr\u00e9f_Pr\u00e9fecture du Rh\u00f4ne - 69-2026-03-06-00073 - AP du 6 mars 2026 portant autorisation exploitation syst\u00e8me vid\u00e9oprotection -\nCREDIT MUTUEL - Lyon 9 - 20100726 49\n69_Pr\u00e9f_Pr\u00e9fecture du Rh\u00f4ne\n69-2026-03-06-00069\nAP du 6 mars 2026 portant autorisation\nexploitation syst\u00e8me vid\u00e9oprotection - CREDIT\nMUTUEL - Lyon 9 - 20100730\n69_Pr\u00e9f_Pr\u00e9fecture du Rh\u00f4ne - 69-2026-03-06-00069 - AP du 6 mars 2026 portant autorisation exploitation syst\u00e8me vid\u00e9oprotection -\nCREDIT MUTUEL - Lyon 9 - 20100730 50\nEPR\u00c9F\u00c8TEDU RH\u00d4NELibert\u00e9Egalit\u00e9Fraternit\u00e9\nPr\u00e9fecture\nDirection de la s\u00e9curit\u00e9 et de la protection civile\nBureau des polices administratives\nDossier 20100730\nArr\u00eat\u00e9 portant autorisation d'exploitation d'un syst\u00e8me de vid\u00e9oprotection\nLa Pr\u00e9f\u00e8te du Rh\u00f4ne\nCommandeur de la L\u00e9gion d'Honneur\nCommandeur de l'ordre national du M\u00e9rite\nVU le code de s\u00e9curit\u00e9 int\u00e9rieure et notamment ses articles L.223-1 \u00e0 L.223-9, L.251-1 \u00e0 L.255-1, ainsi que ses articles  \nR.251-7 et suivants; \nVU l'arr\u00eat\u00e9 minist\u00e9riel du 3 ao\u00fbt 2007 portant d\u00e9finition des normes techniques des syst\u00e8mes de vid\u00e9osurveillance;\nVU le d\u00e9cret en Conseil des Ministres du 11 janvier 2023 portant nomination de Madame Fabienne BUCCIO, pr\u00e9f\u00e8te de  \nla r\u00e9gion Auvergne-Rh\u00f4ne-Alpes, pr\u00e9f\u00e8te de la zone de d\u00e9fense et de s\u00e9curit\u00e9 Sud-Est, pr\u00e9f\u00e8te du Rh\u00f4ne (hors classe)  ;\nVU le d\u00e9cret du 6 novembre 2024 portant nomination de Monsieur Antoine GUERIN, pr\u00e9fet d\u00e9l\u00e9gu\u00e9 pour la d\u00e9fense et la  \ns\u00e9curit\u00e9 aupr\u00e8s de la pr\u00e9f\u00e8te de la r\u00e9gion Auvergne-Rh\u00f4ne-Alpes, pr\u00e9f\u00e8te de la zone de d\u00e9fense et de s\u00e9curit\u00e9 Sud-Est,  \npr\u00e9f\u00e8te du Rh\u00f4ne ;\nVU l'arr\u00eat\u00e9 pr\u00e9fectoral n\u00b0 69-2026-01-08-00005 du 8 janvier 2026 portant d\u00e9l\u00e9gation de signature \u00e0 M Antoine GUERIN,  \npr\u00e9fet d\u00e9l\u00e9gu\u00e9 pour la d\u00e9fense et la s\u00e9curit\u00e9 aupr\u00e8s de pr\u00e9f\u00e8te de la r\u00e9gion Auvergne-Rh\u00f4ne-Alpes, pr\u00e9f\u00e8te de la zone de  \nd\u00e9fense et de s\u00e9curit\u00e9 Sud-Est, pr\u00e9f\u00e8te du Rh\u00f4ne ;\nVU la demande pr\u00e9sent\u00e9e par le charg\u00e9 de s\u00e9curit\u00e9 de la soci\u00e9t\u00e9 CREDIT MUTUEL en vue d'obtenir l'autorisation de  \nfonctionnement d'un syst\u00e8me de vid\u00e9oprotection;\nConsid\u00e9rant l'avis favorable \u00e9mis par la Commission d\u00e9partementale de vid\u00e9oprotection le 19/12/2025;\nConsid\u00e9rant que le syst\u00e8me de vid\u00e9oprotection est conforme \u00e0 la r\u00e9glementation ;\nSur proposition de Monsieur le Directeur de la S\u00e9curit\u00e9 et de la Protection Civile.\nARR\u00caTE\nArticle 1er : Le fonctionnement du syst\u00e8me de vid\u00e9oprotection, situ\u00e9 2 rue du 24 mars 1852  \u00e0 Lyon 9\u00e8me (69009) qui fait \nl'objet de la demande pr\u00e9sent\u00e9e par le charg\u00e9 de s\u00e9curit\u00e9 de la soci\u00e9t\u00e9 CREDIT MUTUEL est autoris\u00e9 pour 6 cam\u00e9ras  \nint\u00e9rieures et 1 cam\u00e9ra ext\u00e9rieure sous r\u00e9serve des obligations suivantes : \n- le d\u00e9lai de conservation des images est limit\u00e9 \u00e0 30 jours ;\n- le traitement des images \u00e0 l'\u00e9tranger est formellement interdit ;\n- le titulaire de l'autorisation doit tenir un registre mentionnant les enregistrements r\u00e9alis\u00e9s, la date de destruction des  \nimages et le cas \u00e9ch\u00e9ant la date de leur transmission au parquet ;\n- les personnes charg\u00e9es du traitement du syst\u00e8me de vid\u00e9oprotection sont habilit\u00e9es \u00e0 le faire par le p\u00e9titionnaire ;\n- les personnes habilit\u00e9es \u00e0 acc\u00e9der aux images doivent correspondre \u00e0 celles mentionn\u00e9es dans la d\u00e9claration, elles sont  \nd\u00e9sign\u00e9es par leur identit\u00e9 et/ou leur fonction, toute modification de ces personnes doit \u00eatre faite aupr\u00e8s des services  \npr\u00e9fectoraux ;\n   Pr\u00e9fecture du Rh\u00f4ne \u2013 \n   69419 Lyon cedex 03 \n  04 72 61 61 61\n  www.rhone.gouv.fr 1/2\nLyon, le 6 mars 2026\n69_Pr\u00e9f_Pr\u00e9fecture du Rh\u00f4ne - 69-2026-03-06-00069 - AP du 6 mars 2026 portant autorisation exploitation syst\u00e8me vid\u00e9oprotection -\nCREDIT MUTUEL - Lyon 9 - 20100730 51\n- les forces de s\u00e9curit\u00e9 de l'\u00c9tat sont habilit\u00e9es \u00e0 acc\u00e9der aux images en temps r\u00e9el et \u00e0 visionner les enregistrements sur le  \nlieu de traitement des images et une r\u00e9quisition \u00e9crite est n\u00e9cessaire pour toute extraction d'images ;\n- le responsable de la mise en \u0153uvre du syst\u00e8me doit s'assurer que des consignes tr\u00e8s pr\u00e9cises soient donn\u00e9es sur la  \nconfidentialit\u00e9 des images capt\u00e9es et/ou enregistr\u00e9es \u00e0 toutes les personnes concern\u00e9es ;\n- l'acc\u00e8s \u00e0 la salle de visionnage, d'enregistrement et de traitement des images, doit \u00eatre  strictement interdit  \u00e0 toute  \npersonne  qui  n'aura  pas  \u00e9t\u00e9  pr\u00e9alablement  habilit\u00e9e  et  autoris\u00e9e  par  l'autorit\u00e9  responsable  du  syst\u00e8me  ou  de  son  \nexploitation ;\n- les cam\u00e9ras ne doivent en aucun cas visionner les zones privatives aux alentours, toutes mesures de protection comme un  \nsyst\u00e8me de masquage ou de \u00ab  floutage \u00bb (notamment pour les lieux privatifs film\u00e9s \u00e0 titre accessoire) doivent \u00eatre prises  \nafin de ne porter, en aucune mani\u00e8re, atteinte \u00e0 l'intimit\u00e9 de la vie priv\u00e9e des riverains qui peuvent se trouver dans leur  \nchamp de vision.\n- l'information du public de l'existence du syst\u00e8me de vid\u00e9oprotection dans la commune, la qualit\u00e9 et les coordonn\u00e9es du  \nresponsable de ce syst\u00e8me doivent appara\u00eetre de mani\u00e8re claire et permanente, l'affichage doit-\u00eatre suffisant et conforme  \nau mod\u00e8le joint \u00e0 la demande ;\n- le syst\u00e8me de vid\u00e9oprotection ne peut pas servir \u00e0 alimenter un fichier nominatif .\nArticle 2 : Les finalit\u00e9s du syst\u00e8me de vid\u00e9oprotection pour lequel la pr\u00e9sente autorisation est d\u00e9livr\u00e9e sont la pr\u00e9vention des  \natteintes \u00e0 la s\u00e9curit\u00e9 des personnes et des biens dans des lieux, ainsi que dans des \u00e9tablissements ouverts au public,  \nparticuli\u00e8rement expos\u00e9s \u00e0 des risques d'agression et de vol.\nArticle 3     : Le titulaire de l'autorisation est tenu d'informer pr\u00e9alablement la pr\u00e9f\u00e8te du Rh\u00f4ne de la date de mise en service du  \nsyst\u00e8me de vid\u00e9oprotection et, le cas \u00e9ch\u00e9ant, du d\u00e9placement des cam\u00e9ras.\nArticle 4 :  Les agents des forces de s\u00e9curit\u00e9 de l'\u00c9tat et du Service D\u00e9partemental M\u00e9tropolitain d'Incendie et de Secours du  \nRh\u00f4ne individuellement d\u00e9sign\u00e9s et d\u00fbment habilit\u00e9s sont destinataires des enregistrements et des images, dans les conditions  \nd\u00e9finies par les conventions de partenariat relatives \u00e0 la vid\u00e9oprotection urbaine conclues le cas \u00e9ch\u00e9ant entre la commune et  \nl'\u00c9tat ou entre la commune et le SDMIS.\nArticle 5 : Toute modification des donn\u00e9es figurant dans le dossier administratif et technique de cette autorisation doit faire  \nl'objet d'une demande de modification d'autorisation aupr\u00e8s des services pr\u00e9fectoraux. La non-ex\u00e9cution de ces dispositions  \nentra\u00eene le retrait de cette autorisation, sans pr\u00e9judice des sanctions p\u00e9nales pr\u00e9vues.\nArticle  6 :  La  pr\u00e9sente  autorisation  est  valable  pour  une  dur\u00e9e  de  cinq  ans  et  devra  faire  l'objet  d'une  demande  de  \nrenouvellement quatre mois avant la fin de son \u00e9ch\u00e9ance. \nLe droit d'acc\u00e8s aux informations enregistr\u00e9es est r\u00e9gi par les dispositions de l'article L. 253-5 et des articles R.253-3 et  \nR.253-4 du code de la s\u00e9curit\u00e9 int\u00e9rieure.\nArticle 7 : Le fait de proc\u00e9der \u00e0 des enregistrements de vid\u00e9oprotection sans autorisation, de ne pas les d\u00e9truire dans le d\u00e9lai  \npr\u00e9vu, de les falsifier, d'entraver l'action de la commission d\u00e9partementale de vid\u00e9oprotection ou de la Commission Nationale  \nInformatique et Libert\u00e9s, de faire acc\u00e9der des personnes non habilit\u00e9es aux images ou d'utiliser ces images \u00e0 d'autres fins que  \ncelles pour lesquelles elles sont autoris\u00e9es est puni de trois ans d'emprisonnement et de 45000 euros d'amende sans pr\u00e9judice  \ndes dispositions des articles 226-1 du code p\u00e9nal.\nArticle 8 : le Directeur de la s\u00e9curit\u00e9 et de la protection civile et le charg\u00e9 de s\u00e9curit\u00e9 de la soci\u00e9t\u00e9 CREDIT MUTUEL, chacun \nen ce qui le concerne, est charg\u00e9 de l'ex\u00e9cution du pr\u00e9sent arr\u00eat\u00e9 et qui sera publi\u00e9 au recueil des actes administratifs de la  \npr\u00e9fecture du Rh\u00f4ne.\n Pour la Pr\u00e9f\u00e8te, \nle directeur de la s\u00e9curit\u00e9 et de la protection civile\n       Ernest MOUTOUSSAMY\nSi vous entendez contester le pr\u00e9sent arr\u00eat\u00e9, vous pouvez utiliser les voies de recours suivantes :\n- un recours gracieux motiv\u00e9 peut \u00eatre adress\u00e9 aupr\u00e8s de mes services dans un d\u00e9lai de deux mois \u00e0 compter de la notification du pr\u00e9sent arr\u00eat\u00e9,\n- un recours hi\u00e9rarchique peut \u00eatre introduit aupr\u00e8s de M. le Ministre de l'Int\u00e9rieur, Direction des libert\u00e9s publiques et Affaires juridiques, Bureau des polices Administratives,\nEn l'absence de r\u00e9ponse dans un d\u00e9lai de deux mois \u00e0 compter de la r\u00e9ception de votre recours, celui-ci doit \u00eatre consid\u00e9r\u00e9 comme implicitement rejet\u00e9.\n- un recours contentieux : aupr\u00e8s du Tribunal Administratif de Lyon dans un d\u00e9lai de deux mois \u00e0 compter de la notification du pr\u00e9sent arr\u00eat\u00e9 ou \u00e0 partir de la d\u00e9cision\nImplicite ou explicite de rejet du recours gracieux ou hi\u00e9rarchique. Le tribunal administratif peut \u00eatre saisi d'une requ\u00eate d\u00e9pos\u00e9e sur le site www.telerecours.fr            2/2\n69_Pr\u00e9f_Pr\u00e9fecture du Rh\u00f4ne - 69-2026-03-06-00069 - AP du 6 mars 2026 portant autorisation exploitation syst\u00e8me vid\u00e9oprotection -\nCREDIT MUTUEL - Lyon 9 - 20100730 52\n69_Pr\u00e9f_Pr\u00e9fecture du Rh\u00f4ne\n69-2026-03-06-00068\nAP du 6 mars 2026 portant autorisation\nexploitation syst\u00e8me vid\u00e9oprotection - CREDIT\nMUTUEL - Meyzieu - 20080954\n69_Pr\u00e9f_Pr\u00e9fecture du Rh\u00f4ne - 69-2026-03-06-00068 - AP du 6 mars 2026 portant autorisation exploitation syst\u00e8me vid\u00e9oprotection -\nCREDIT MUTUEL - Meyzieu - 20080954 53\nEPR\u00c9F\u00c8TEDU RH\u00d4NELibert\u00e9Egalit\u00e9Fraternit\u00e9\nPr\u00e9fecture\nDirection de la s\u00e9curit\u00e9 et de la protection civile\nBureau des polices administratives\nDossier 20080954\nArr\u00eat\u00e9 portant autorisation d'exploitation d'un syst\u00e8me de vid\u00e9oprotection\nLa Pr\u00e9f\u00e8te du Rh\u00f4ne\nCommandeur de la L\u00e9gion d'Honneur\nCommandeur de l'ordre national du M\u00e9rite\nVU le code de s\u00e9curit\u00e9 int\u00e9rieure et notamment ses articles L.223-1 \u00e0 L.223-9, L.251-1 \u00e0 L.255-1, ainsi que ses articles  \nR.251-7 et suivants; \nVU l'arr\u00eat\u00e9 minist\u00e9riel du 3 ao\u00fbt 2007 portant d\u00e9finition des normes techniques des syst\u00e8mes de vid\u00e9osurveillance;\nVU le d\u00e9cret en Conseil des Ministres du 11 janvier 2023 portant nomination de Madame Fabienne BUCCIO, pr\u00e9f\u00e8te de  \nla r\u00e9gion Auvergne-Rh\u00f4ne-Alpes, pr\u00e9f\u00e8te de la zone de d\u00e9fense et de s\u00e9curit\u00e9 Sud-Est, pr\u00e9f\u00e8te du Rh\u00f4ne (hors classe)  ;\nVU le d\u00e9cret du 6 novembre 2024 portant nomination de Monsieur Antoine GUERIN, pr\u00e9fet d\u00e9l\u00e9gu\u00e9 pour la d\u00e9fense et la  \ns\u00e9curit\u00e9 aupr\u00e8s de la pr\u00e9f\u00e8te de la r\u00e9gion Auvergne-Rh\u00f4ne-Alpes, pr\u00e9f\u00e8te de la zone de d\u00e9fense et de s\u00e9curit\u00e9 Sud-Est,  \npr\u00e9f\u00e8te du Rh\u00f4ne ;\nVU l'arr\u00eat\u00e9 pr\u00e9fectoral n\u00b0 69-2026-01-08-00005 du 8 janvier 2026 portant d\u00e9l\u00e9gation de signature \u00e0 M Antoine GUERIN,  \npr\u00e9fet d\u00e9l\u00e9gu\u00e9 pour la d\u00e9fense et la s\u00e9curit\u00e9 aupr\u00e8s de pr\u00e9f\u00e8te de la r\u00e9gion Auvergne-Rh\u00f4ne-Alpes, pr\u00e9f\u00e8te de la zone de  \nd\u00e9fense et de s\u00e9curit\u00e9 Sud-Est, pr\u00e9f\u00e8te du Rh\u00f4ne ;\nVU la demande pr\u00e9sent\u00e9e par le charg\u00e9 de s\u00e9curit\u00e9 de la soci\u00e9t\u00e9 CREDIT MUTUEL en vue d'obtenir l'autorisation de  \nfonctionnement d'un syst\u00e8me de vid\u00e9oprotection;\nConsid\u00e9rant l'avis favorable \u00e9mis par la Commission d\u00e9partementale de vid\u00e9oprotection le 19/12/2025;\nConsid\u00e9rant que le syst\u00e8me de vid\u00e9oprotection est conforme \u00e0 la r\u00e9glementation ;\nSur proposition de Monsieur le Directeur de la S\u00e9curit\u00e9 et de la Protection Civile.\nARR\u00caTE\nArticle 1er : Le fonctionnement du syst\u00e8me de vid\u00e9oprotection, situ\u00e9 66 B rue de la R\u00e9publique  \u00e0 Meyzieu (69330)  qui \nfait l'objet de la demande pr\u00e9sent\u00e9e par le charg\u00e9 de s\u00e9curit\u00e9 de la soci\u00e9t\u00e9 CREDIT MUTUEL est autoris\u00e9 pour 7 cam\u00e9ras  \nint\u00e9rieures et 1 cam\u00e9ra ext\u00e9rieure sous r\u00e9serve des obligations suivantes : \n- le d\u00e9lai de conservation des images est limit\u00e9 \u00e0 30 jours ;\n- le traitement des images \u00e0 l'\u00e9tranger est formellement interdit ;\n- le titulaire de l'autorisation doit tenir un registre mentionnant les enregistrements r\u00e9alis\u00e9s, la date de destruction des  \nimages et le cas \u00e9ch\u00e9ant la date de leur transmission au parquet ;\n- les personnes charg\u00e9es du traitement du syst\u00e8me de vid\u00e9oprotection sont habilit\u00e9es \u00e0 le faire par le p\u00e9titionnaire ;\n- les personnes habilit\u00e9es \u00e0 acc\u00e9der aux images doivent correspondre \u00e0 celles mentionn\u00e9es dans la d\u00e9claration, elles sont  \nd\u00e9sign\u00e9es par leur identit\u00e9 et/ou leur fonction, toute modification de ces personnes doit \u00eatre faite aupr\u00e8s des services  \npr\u00e9fectoraux ;\n   Pr\u00e9fecture du Rh\u00f4ne \u2013 \n   69419 Lyon cedex 03 \n  04 72 61 61 61\n  www.rhone.gouv.fr 1/2\nLyon, le 6 mars 2026\n69_Pr\u00e9f_Pr\u00e9fecture du Rh\u00f4ne - 69-2026-03-06-00068 - AP du 6 mars 2026 portant autorisation exploitation syst\u00e8me vid\u00e9oprotection -\nCREDIT MUTUEL - Meyzieu - 20080954 54\n- les forces de s\u00e9curit\u00e9 de l'\u00c9tat sont habilit\u00e9es \u00e0 acc\u00e9der aux images en temps r\u00e9el et \u00e0 visionner les enregistrements sur le  \nlieu de traitement des images et une r\u00e9quisition \u00e9crite est n\u00e9cessaire pour toute extraction d'images ;\n- le responsable de la mise en \u0153uvre du syst\u00e8me doit s'assurer que des consignes tr\u00e8s pr\u00e9cises soient donn\u00e9es sur la  \nconfidentialit\u00e9 des images capt\u00e9es et/ou enregistr\u00e9es \u00e0 toutes les personnes concern\u00e9es ;\n- l'acc\u00e8s \u00e0 la salle de visionnage, d'enregistrement et de traitement des images, doit \u00eatre  strictement interdit  \u00e0 toute  \npersonne  qui  n'aura  pas  \u00e9t\u00e9  pr\u00e9alablement  habilit\u00e9e  et  autoris\u00e9e  par  l'autorit\u00e9  responsable  du  syst\u00e8me  ou  de  son  \nexploitation ;\n- les cam\u00e9ras ne doivent en aucun cas visionner les zones privatives aux alentours, toutes mesures de protection comme un  \nsyst\u00e8me de masquage ou de \u00ab  floutage \u00bb (notamment pour les lieux privatifs film\u00e9s \u00e0 titre accessoire) doivent \u00eatre prises  \nafin de ne porter, en aucune mani\u00e8re, atteinte \u00e0 l'intimit\u00e9 de la vie priv\u00e9e des riverains qui peuvent se trouver dans leur  \nchamp de vision.\n- l'information du public de l'existence du syst\u00e8me de vid\u00e9oprotection dans la commune, la qualit\u00e9 et les coordonn\u00e9es du  \nresponsable de ce syst\u00e8me doivent appara\u00eetre de mani\u00e8re claire et permanente, l'affichage doit-\u00eatre suffisant et conforme  \nau mod\u00e8le joint \u00e0 la demande ;\n- le syst\u00e8me de vid\u00e9oprotection ne peut pas servir \u00e0 alimenter un fichier nominatif .\nArticle 2 : Les finalit\u00e9s du syst\u00e8me de vid\u00e9oprotection pour lequel la pr\u00e9sente autorisation est d\u00e9livr\u00e9e sont la pr\u00e9vention des  \natteintes \u00e0 la s\u00e9curit\u00e9 des personnes et des biens dans des lieux, ainsi que dans des \u00e9tablissements ouverts au public,  \nparticuli\u00e8rement expos\u00e9s \u00e0 des risques d'agression et de vol.\nArticle 3     : Le titulaire de l'autorisation est tenu d'informer pr\u00e9alablement la pr\u00e9f\u00e8te du Rh\u00f4ne de la date de mise en service du  \nsyst\u00e8me de vid\u00e9oprotection et, le cas \u00e9ch\u00e9ant, du d\u00e9placement des cam\u00e9ras.\nArticle 4 :  Les agents des forces de s\u00e9curit\u00e9 de l'\u00c9tat et du Service D\u00e9partemental M\u00e9tropolitain d'Incendie et de Secours du  \nRh\u00f4ne individuellement d\u00e9sign\u00e9s et d\u00fbment habilit\u00e9s sont destinataires des enregistrements et des images, dans les conditions  \nd\u00e9finies par les conventions de partenariat relatives \u00e0 la vid\u00e9oprotection urbaine conclues le cas \u00e9ch\u00e9ant entre la commune et  \nl'\u00c9tat ou entre la commune et le SDMIS.\nArticle 5 : Toute modification des donn\u00e9es figurant dans le dossier administratif et technique de cette autorisation doit faire  \nl'objet d'une demande de modification d'autorisation aupr\u00e8s des services pr\u00e9fectoraux. La non-ex\u00e9cution de ces dispositions  \nentra\u00eene le retrait de cette autorisation, sans pr\u00e9judice des sanctions p\u00e9nales pr\u00e9vues.\nArticle  6 :  La  pr\u00e9sente  autorisation  est  valable  pour  une  dur\u00e9e  de  cinq  ans  et  devra  faire  l'objet  d'une  demande  de  \nrenouvellement quatre mois avant la fin de son \u00e9ch\u00e9ance. \nLe droit d'acc\u00e8s aux informations enregistr\u00e9es est r\u00e9gi par les dispositions de l'article L. 253-5 et des articles R.253-3 et  \nR.253-4 du code de la s\u00e9curit\u00e9 int\u00e9rieure.\nArticle 7 : Le fait de proc\u00e9der \u00e0 des enregistrements de vid\u00e9oprotection sans autorisation, de ne pas les d\u00e9truire dans le d\u00e9lai  \npr\u00e9vu, de les falsifier, d'entraver l'action de la commission d\u00e9partementale de vid\u00e9oprotection ou de la Commission Nationale  \nInformatique et Libert\u00e9s, de faire acc\u00e9der des personnes non habilit\u00e9es aux images ou d'utiliser ces images \u00e0 d'autres fins que  \ncelles pour lesquelles elles sont autoris\u00e9es est puni de trois ans d'emprisonnement et de 45000 euros d'amende sans pr\u00e9judice  \ndes dispositions des articles 226-1 du code p\u00e9nal.\nArticle 8 : le Directeur de la s\u00e9curit\u00e9 et de la protection civile et le charg\u00e9 de s\u00e9curit\u00e9 de la soci\u00e9t\u00e9 CREDIT MUTUEL, chacun \nen ce qui le concerne, est charg\u00e9 de l'ex\u00e9cution du pr\u00e9sent arr\u00eat\u00e9 et qui sera publi\u00e9 au recueil des actes administratifs de la  \npr\u00e9fecture du Rh\u00f4ne.\n Pour la Pr\u00e9f\u00e8te, \nle directeur de la s\u00e9curit\u00e9 et de la protection civile\n       Ernest MOUTOUSSAMY\nSi vous entendez contester le pr\u00e9sent arr\u00eat\u00e9, vous pouvez utiliser les voies de recours suivantes :\n- un recours gracieux motiv\u00e9 peut \u00eatre adress\u00e9 aupr\u00e8s de mes services dans un d\u00e9lai de deux mois \u00e0 compter de la notification du pr\u00e9sent arr\u00eat\u00e9,\n- un recours hi\u00e9rarchique peut \u00eatre introduit aupr\u00e8s de M. le Ministre de l'Int\u00e9rieur, Direction des libert\u00e9s publiques et Affaires juridiques, Bureau des polices Administratives,\nEn l'absence de r\u00e9ponse dans un d\u00e9lai de deux mois \u00e0 compter de la r\u00e9ception de votre recours, celui-ci doit \u00eatre consid\u00e9r\u00e9 comme implicitement rejet\u00e9.\n- un recours contentieux : aupr\u00e8s du Tribunal Administratif de Lyon dans un d\u00e9lai de deux mois \u00e0 compter de la notification du pr\u00e9sent arr\u00eat\u00e9 ou \u00e0 partir de la d\u00e9cision\nImplicite ou explicite de rejet du recours gracieux ou hi\u00e9rarchique. Le tribunal administratif peut \u00eatre saisi d'une requ\u00eate d\u00e9pos\u00e9e sur le site www.telerecours.fr            2/2\n69_Pr\u00e9f_Pr\u00e9fecture du Rh\u00f4ne - 69-2026-03-06-00068 - AP du 6 mars 2026 portant autorisation exploitation syst\u00e8me vid\u00e9oprotection -\nCREDIT MUTUEL - Meyzieu - 20080954 55\n69_Pr\u00e9f_Pr\u00e9fecture du Rh\u00f4ne\n69-2026-03-06-00067\nAP du 6 mars 2026 portant autorisation\nexploitation syst\u00e8me vid\u00e9oprotection - CREDIT\nMUTUEL - Oullins - 20080956\n69_Pr\u00e9f_Pr\u00e9fecture du Rh\u00f4ne - 69-2026-03-06-00067 - AP du 6 mars 2026 portant autorisation exploitation syst\u00e8me vid\u00e9oprotection -\nCREDIT MUTUEL - Oullins - 20080956 56\nEPR\u00c9F\u00c8TEDU RH\u00d4NELibert\u00e9Egalit\u00e9Fraternit\u00e9\nPr\u00e9fecture\nDirection de la s\u00e9curit\u00e9 et de la protection civile\nBureau des polices administratives\nDossier 20080956\nArr\u00eat\u00e9 portant autorisation d'exploitation d'un syst\u00e8me de vid\u00e9oprotection\nLa Pr\u00e9f\u00e8te du Rh\u00f4ne\nCommandeur de la L\u00e9gion d'Honneur\nCommandeur de l'ordre national du M\u00e9rite\nVU le code de s\u00e9curit\u00e9 int\u00e9rieure et notamment ses articles L.223-1 \u00e0 L.223-9, L.251-1 \u00e0 L.255-1, ainsi que ses articles  \nR.251-7 et suivants; \nVU l'arr\u00eat\u00e9 minist\u00e9riel du 3 ao\u00fbt 2007 portant d\u00e9finition des normes techniques des syst\u00e8mes de vid\u00e9osurveillance;\nVU le d\u00e9cret en Conseil des Ministres du 11 janvier 2023 portant nomination de Madame Fabienne BUCCIO, pr\u00e9f\u00e8te de  \nla r\u00e9gion Auvergne-Rh\u00f4ne-Alpes, pr\u00e9f\u00e8te de la zone de d\u00e9fense et de s\u00e9curit\u00e9 Sud-Est, pr\u00e9f\u00e8te du Rh\u00f4ne (hors classe)  ;\nVU le d\u00e9cret du 6 novembre 2024 portant nomination de Monsieur Antoine GUERIN, pr\u00e9fet d\u00e9l\u00e9gu\u00e9 pour la d\u00e9fense et la  \ns\u00e9curit\u00e9 aupr\u00e8s de la pr\u00e9f\u00e8te de la r\u00e9gion Auvergne-Rh\u00f4ne-Alpes, pr\u00e9f\u00e8te de la zone de d\u00e9fense et de s\u00e9curit\u00e9 Sud-Est,  \npr\u00e9f\u00e8te du Rh\u00f4ne ;\nVU l'arr\u00eat\u00e9 pr\u00e9fectoral n\u00b0 69-2026-01-08-00005 du 8 janvier 2026 portant d\u00e9l\u00e9gation de signature \u00e0 M Antoine GUERIN,  \npr\u00e9fet d\u00e9l\u00e9gu\u00e9 pour la d\u00e9fense et la s\u00e9curit\u00e9 aupr\u00e8s de pr\u00e9f\u00e8te de la r\u00e9gion Auvergne-Rh\u00f4ne-Alpes, pr\u00e9f\u00e8te de la zone de  \nd\u00e9fense et de s\u00e9curit\u00e9 Sud-Est, pr\u00e9f\u00e8te du Rh\u00f4ne ;\nVU la demande pr\u00e9sent\u00e9e par le charg\u00e9 de s\u00e9curit\u00e9 de la soci\u00e9t\u00e9 CREDIT MUTUEL en vue d'obtenir l'autorisation de  \nfonctionnement d'un syst\u00e8me de vid\u00e9oprotection;\nConsid\u00e9rant l'avis favorable \u00e9mis par la Commission d\u00e9partementale de vid\u00e9oprotection le 19/12/2025;\nConsid\u00e9rant que le syst\u00e8me de vid\u00e9oprotection est conforme \u00e0 la r\u00e9glementation ;\nSur proposition de Monsieur le Directeur de la S\u00e9curit\u00e9 et de la Protection Civile.\nARR\u00caTE\nArticle 1er : Le fonctionnement du syst\u00e8me de vid\u00e9oprotection, situ\u00e9 121 grande rue  \u00e0 Oullins (69600) qui fait l'objet de  \nla demande pr\u00e9sent\u00e9e par le charg\u00e9 de s\u00e9curit\u00e9 de la soci\u00e9t\u00e9 CREDIT MUTUEL est autoris\u00e9 pour 8 cam\u00e9ras int\u00e9rieures et 1 \ncam\u00e9ra ext\u00e9rieure sous r\u00e9serve des obligations suivantes : \n- le d\u00e9lai de conservation des images est limit\u00e9 \u00e0 30 jours ;\n- le traitement des images \u00e0 l'\u00e9tranger est formellement interdit ;\n- le titulaire de l'autorisation doit tenir un registre mentionnant les enregistrements r\u00e9alis\u00e9s, la date de destruction des  \nimages et le cas \u00e9ch\u00e9ant la date de leur transmission au parquet ;\n- les personnes charg\u00e9es du traitement du syst\u00e8me de vid\u00e9oprotection sont habilit\u00e9es \u00e0 le faire par le p\u00e9titionnaire ;\n- les personnes habilit\u00e9es \u00e0 acc\u00e9der aux images doivent correspondre \u00e0 celles mentionn\u00e9es dans la d\u00e9claration, elles sont  \nd\u00e9sign\u00e9es par leur identit\u00e9 et/ou leur fonction, toute modification de ces personnes doit \u00eatre faite aupr\u00e8s des services  \npr\u00e9fectoraux ;\n   Pr\u00e9fecture du Rh\u00f4ne \u2013 \n   69419 Lyon cedex 03 \n  04 72 61 61 61\n  www.rhone.gouv.fr 1/2\nLyon, le 6 mars 2026\n69_Pr\u00e9f_Pr\u00e9fecture du Rh\u00f4ne - 69-2026-03-06-00067 - AP du 6 mars 2026 portant autorisation exploitation syst\u00e8me vid\u00e9oprotection -\nCREDIT MUTUEL - Oullins - 20080956 57\n- les forces de s\u00e9curit\u00e9 de l'\u00c9tat sont habilit\u00e9es \u00e0 acc\u00e9der aux images en temps r\u00e9el et \u00e0 visionner les enregistrements sur le  \nlieu de traitement des images et une r\u00e9quisition \u00e9crite est n\u00e9cessaire pour toute extraction d'images ;\n- le responsable de la mise en \u0153uvre du syst\u00e8me doit s'assurer que des consignes tr\u00e8s pr\u00e9cises soient donn\u00e9es sur la  \nconfidentialit\u00e9 des images capt\u00e9es et/ou enregistr\u00e9es \u00e0 toutes les personnes concern\u00e9es ;\n- l'acc\u00e8s \u00e0 la salle de visionnage, d'enregistrement et de traitement des images, doit \u00eatre  strictement interdit  \u00e0 toute  \npersonne  qui  n'aura  pas  \u00e9t\u00e9  pr\u00e9alablement  habilit\u00e9e  et  autoris\u00e9e  par  l'autorit\u00e9  responsable  du  syst\u00e8me  ou  de  son  \nexploitation ;\n- les cam\u00e9ras ne doivent en aucun cas visionner les zones privatives aux alentours, toutes mesures de protection comme un  \nsyst\u00e8me de masquage ou de \u00ab  floutage \u00bb (notamment pour les lieux privatifs film\u00e9s \u00e0 titre accessoire) doivent \u00eatre prises  \nafin de ne porter, en aucune mani\u00e8re, atteinte \u00e0 l'intimit\u00e9 de la vie priv\u00e9e des riverains qui peuvent se trouver dans leur  \nchamp de vision.\n- l'information du public de l'existence du syst\u00e8me de vid\u00e9oprotection dans la commune, la qualit\u00e9 et les coordonn\u00e9es du  \nresponsable de ce syst\u00e8me doivent appara\u00eetre de mani\u00e8re claire et permanente, l'affichage doit-\u00eatre suffisant et conforme  \nau mod\u00e8le joint \u00e0 la demande ;\n- le syst\u00e8me de vid\u00e9oprotection ne peut pas servir \u00e0 alimenter un fichier nominatif .\nArticle 2 : Les finalit\u00e9s du syst\u00e8me de vid\u00e9oprotection pour lequel la pr\u00e9sente autorisation est d\u00e9livr\u00e9e sont la pr\u00e9vention des  \natteintes \u00e0 la s\u00e9curit\u00e9 des personnes et des biens dans des lieux, ainsi que dans des \u00e9tablissements ouverts au public,  \nparticuli\u00e8rement expos\u00e9s \u00e0 des risques d'agression et de vol.\nArticle 3     : Le titulaire de l'autorisation est tenu d'informer pr\u00e9alablement la pr\u00e9f\u00e8te du Rh\u00f4ne de la date de mise en service du  \nsyst\u00e8me de vid\u00e9oprotection et, le cas \u00e9ch\u00e9ant, du d\u00e9placement des cam\u00e9ras.\nArticle 4 :  Les agents des forces de s\u00e9curit\u00e9 de l'\u00c9tat et du Service D\u00e9partemental M\u00e9tropolitain d'Incendie et de Secours du  \nRh\u00f4ne individuellement d\u00e9sign\u00e9s et d\u00fbment habilit\u00e9s sont destinataires des enregistrements et des images, dans les conditions  \nd\u00e9finies par les conventions de partenariat relatives \u00e0 la vid\u00e9oprotection urbaine conclues le cas \u00e9ch\u00e9ant entre la commune et  \nl'\u00c9tat ou entre la commune et le SDMIS.\nArticle 5 : Toute modification des donn\u00e9es figurant dans le dossier administratif et technique de cette autorisation doit faire  \nl'objet d'une demande de modification d'autorisation aupr\u00e8s des services pr\u00e9fectoraux. La non-ex\u00e9cution de ces dispositions  \nentra\u00eene le retrait de cette autorisation, sans pr\u00e9judice des sanctions p\u00e9nales pr\u00e9vues.\nArticle  6 :  La  pr\u00e9sente  autorisation  est  valable  pour  une  dur\u00e9e  de  cinq  ans  et  devra  faire  l'objet  d'une  demande  de  \nrenouvellement quatre mois avant la fin de son \u00e9ch\u00e9ance. \nLe droit d'acc\u00e8s aux informations enregistr\u00e9es est r\u00e9gi par les dispositions de l'article L. 253-5 et des articles R.253-3 et  \nR.253-4 du code de la s\u00e9curit\u00e9 int\u00e9rieure.\nArticle 7 : Le fait de proc\u00e9der \u00e0 des enregistrements de vid\u00e9oprotection sans autorisation, de ne pas les d\u00e9truire dans le d\u00e9lai  \npr\u00e9vu, de les falsifier, d'entraver l'action de la commission d\u00e9partementale de vid\u00e9oprotection ou de la Commission Nationale  \nInformatique et Libert\u00e9s, de faire acc\u00e9der des personnes non habilit\u00e9es aux images ou d'utiliser ces images \u00e0 d'autres fins que  \ncelles pour lesquelles elles sont autoris\u00e9es est puni de trois ans d'emprisonnement et de 45000 euros d'amende sans pr\u00e9judice  \ndes dispositions des articles 226-1 du code p\u00e9nal.\nArticle 8 : le Directeur de la s\u00e9curit\u00e9 et de la protection civile et le charg\u00e9 de s\u00e9curit\u00e9 de la soci\u00e9t\u00e9 CREDIT MUTUEL, chacun \nen ce qui le concerne, est charg\u00e9 de l'ex\u00e9cution du pr\u00e9sent arr\u00eat\u00e9 et qui sera publi\u00e9 au recueil des actes administratifs de la  \npr\u00e9fecture du Rh\u00f4ne.\n Pour la Pr\u00e9f\u00e8te, \nle directeur de la s\u00e9curit\u00e9 et de la protection civile\n       Ernest MOUTOUSSAMY\nSi vous entendez contester le pr\u00e9sent arr\u00eat\u00e9, vous pouvez utiliser les voies de recours suivantes :\n- un recours gracieux motiv\u00e9 peut \u00eatre adress\u00e9 aupr\u00e8s de mes services dans un d\u00e9lai de deux mois \u00e0 compter de la notification du pr\u00e9sent arr\u00eat\u00e9,\n- un recours hi\u00e9rarchique peut \u00eatre introduit aupr\u00e8s de M. le Ministre de l'Int\u00e9rieur, Direction des libert\u00e9s publiques et Affaires juridiques, Bureau des polices Administratives,\nEn l'absence de r\u00e9ponse dans un d\u00e9lai de deux mois \u00e0 compter de la r\u00e9ception de votre recours, celui-ci doit \u00eatre consid\u00e9r\u00e9 comme implicitement rejet\u00e9.\n- un recours contentieux : aupr\u00e8s du Tribunal Administratif de Lyon dans un d\u00e9lai de deux mois \u00e0 compter de la notification du pr\u00e9sent arr\u00eat\u00e9 ou \u00e0 partir de la d\u00e9cision\nImplicite ou explicite de rejet du recours gracieux ou hi\u00e9rarchique. Le tribunal administratif peut \u00eatre saisi d'une requ\u00eate d\u00e9pos\u00e9e sur le site www.telerecours.fr            2/2\n69_Pr\u00e9f_Pr\u00e9fecture du Rh\u00f4ne - 69-2026-03-06-00067 - AP du 6 mars 2026 portant autorisation exploitation syst\u00e8me vid\u00e9oprotection -\nCREDIT MUTUEL - Oullins - 20080956 58\n69_Pr\u00e9f_Pr\u00e9fecture du Rh\u00f4ne\n69-2026-03-06-00072\nAP du 6 mars 2026 portant autorisation\nexploitation syst\u00e8me vid\u00e9oprotection - CREDIT\nMUTUEL- Belleville en Beaujolais - 20081206\n69_Pr\u00e9f_Pr\u00e9fecture du Rh\u00f4ne - 69-2026-03-06-00072 - AP du 6 mars 2026 portant autorisation exploitation syst\u00e8me vid\u00e9oprotection -\nCREDIT MUTUEL- Belleville en Beaujolais - 20081206 59\nEPR\u00c9F\u00c8TEDU RH\u00d4NELibert\u00e9Egalit\u00e9Fraternit\u00e9\nPr\u00e9fecture\nDirection de la s\u00e9curit\u00e9 et de la protection civile\nBureau des polices administratives\nDossier 20081206\nArr\u00eat\u00e9 portant autorisation d'exploitation d'un syst\u00e8me de vid\u00e9oprotection\nLa Pr\u00e9f\u00e8te du Rh\u00f4ne\nCommandeur de la L\u00e9gion d'Honneur\nCommandeur de l'ordre national du M\u00e9rite\nVU le code de s\u00e9curit\u00e9 int\u00e9rieure et notamment ses articles L.223-1 \u00e0 L.223-9, L.251-1 \u00e0 L.255-1, ainsi que ses articles  \nR.251-7 et suivants; \nVU l'arr\u00eat\u00e9 minist\u00e9riel du 3 ao\u00fbt 2007 portant d\u00e9finition des normes techniques des syst\u00e8mes de vid\u00e9osurveillance;\nVU le d\u00e9cret en Conseil des Ministres du 11 janvier 2023 portant nomination de Madame Fabienne BUCCIO, pr\u00e9f\u00e8te de  \nla r\u00e9gion Auvergne-Rh\u00f4ne-Alpes, pr\u00e9f\u00e8te de la zone de d\u00e9fense et de s\u00e9curit\u00e9 Sud-Est, pr\u00e9f\u00e8te du Rh\u00f4ne (hors classe)  ;\nVU le d\u00e9cret du 6 novembre 2024 portant nomination de Monsieur Antoine GUERIN, pr\u00e9fet d\u00e9l\u00e9gu\u00e9 pour la d\u00e9fense et la  \ns\u00e9curit\u00e9 aupr\u00e8s de la pr\u00e9f\u00e8te de la r\u00e9gion Auvergne-Rh\u00f4ne-Alpes, pr\u00e9f\u00e8te de la zone de d\u00e9fense et de s\u00e9curit\u00e9 Sud-Est,  \npr\u00e9f\u00e8te du Rh\u00f4ne ;\nVU l'arr\u00eat\u00e9 pr\u00e9fectoral n\u00b0 69-2026-01-08-00005 du 8 janvier 2026 portant d\u00e9l\u00e9gation de signature \u00e0 M Antoine GUERIN,  \npr\u00e9fet d\u00e9l\u00e9gu\u00e9 pour la d\u00e9fense et la s\u00e9curit\u00e9 aupr\u00e8s de pr\u00e9f\u00e8te de la r\u00e9gion Auvergne-Rh\u00f4ne-Alpes, pr\u00e9f\u00e8te de la zone de  \nd\u00e9fense et de s\u00e9curit\u00e9 Sud-Est, pr\u00e9f\u00e8te du Rh\u00f4ne ;\nVU la demande pr\u00e9sent\u00e9e par le charg\u00e9 de s\u00e9curit\u00e9 de la soci\u00e9t\u00e9 CREDIT MUTUEL en vue d'obtenir l'autorisation de  \nfonctionnement d'un syst\u00e8me de vid\u00e9oprotection;\nConsid\u00e9rant l'avis favorable \u00e9mis par la Commission d\u00e9partementale de vid\u00e9oprotection le 19/12/2025;\nConsid\u00e9rant que le syst\u00e8me de vid\u00e9oprotection est conforme \u00e0 la r\u00e9glementation ;\nSur proposition de Monsieur le Directeur de la S\u00e9curit\u00e9 et de la Protection Civile.\nARR\u00caTE\nArticle 1er : Le fonctionnement du syst\u00e8me de vid\u00e9oprotection, situ\u00e9 16 rue de la R\u00e9publique  \u00e0 Belleville en Beaujolais  \n(69220) qui fait l'objet de la demande pr\u00e9sent\u00e9e par le charg\u00e9 de s\u00e9curit\u00e9 de la soci\u00e9t\u00e9 CREDIT MUTUEL est autoris\u00e9  \npour 8 cam\u00e9ras int\u00e9rieures et 2 cam\u00e9ras ext\u00e9rieures sous r\u00e9serve des obligations suivantes : \n- le d\u00e9lai de conservation des images est limit\u00e9 \u00e0 30 jours ;\n- le traitement des images \u00e0 l'\u00e9tranger est formellement interdit ;\n- le titulaire de l'autorisation doit tenir un registre mentionnant les enregistrements r\u00e9alis\u00e9s, la date de destruction des  \nimages et le cas \u00e9ch\u00e9ant la date de leur transmission au parquet ;\n- les personnes charg\u00e9es du traitement du syst\u00e8me de vid\u00e9oprotection sont habilit\u00e9es \u00e0 le faire par le p\u00e9titionnaire ;\n- les personnes habilit\u00e9es \u00e0 acc\u00e9der aux images doivent correspondre \u00e0 celles mentionn\u00e9es dans la d\u00e9claration, elles sont  \nd\u00e9sign\u00e9es par leur identit\u00e9 et/ou leur fonction, toute modification de ces personnes doit \u00eatre faite aupr\u00e8s des services  \npr\u00e9fectoraux ;\n   Pr\u00e9fecture du Rh\u00f4ne \u2013 \n   69419 Lyon cedex 03 \n  04 72 61 61 61\n  www.rhone.gouv.fr 1/2\nLyon, le 6 mars 2026\n69_Pr\u00e9f_Pr\u00e9fecture du Rh\u00f4ne - 69-2026-03-06-00072 - AP du 6 mars 2026 portant autorisation exploitation syst\u00e8me vid\u00e9oprotection -\nCREDIT MUTUEL- Belleville en Beaujolais - 20081206 60\n- les forces de s\u00e9curit\u00e9 de l'\u00c9tat sont habilit\u00e9es \u00e0 acc\u00e9der aux images en temps r\u00e9el et \u00e0 visionner les enregistrements sur le  \nlieu de traitement des images et une r\u00e9quisition \u00e9crite est n\u00e9cessaire pour toute extraction d'images ;\n- le responsable de la mise en \u0153uvre du syst\u00e8me doit s'assurer que des consignes tr\u00e8s pr\u00e9cises soient donn\u00e9es sur la  \nconfidentialit\u00e9 des images capt\u00e9es et/ou enregistr\u00e9es \u00e0 toutes les personnes concern\u00e9es ;\n- l'acc\u00e8s \u00e0 la salle de visionnage, d'enregistrement et de traitement des images, doit \u00eatre  strictement interdit  \u00e0 toute  \npersonne  qui  n'aura  pas  \u00e9t\u00e9  pr\u00e9alablement  habilit\u00e9e  et  autoris\u00e9e  par  l'autorit\u00e9  responsable  du  syst\u00e8me  ou  de  son  \nexploitation ;\n- les cam\u00e9ras ne doivent en aucun cas visionner les zones privatives aux alentours, toutes mesures de protection comme un  \nsyst\u00e8me de masquage ou de \u00ab  floutage \u00bb (notamment pour les lieux privatifs film\u00e9s \u00e0 titre accessoire) doivent \u00eatre prises  \nafin de ne porter, en aucune mani\u00e8re, atteinte \u00e0 l'intimit\u00e9 de la vie priv\u00e9e des riverains qui peuvent se trouver dans leur  \nchamp de vision.\n- l'information du public de l'existence du syst\u00e8me de vid\u00e9oprotection dans la commune, la qualit\u00e9 et les coordonn\u00e9es du  \nresponsable de ce syst\u00e8me doivent appara\u00eetre de mani\u00e8re claire et permanente, l'affichage doit-\u00eatre suffisant et conforme  \nau mod\u00e8le joint \u00e0 la demande ;\n- le syst\u00e8me de vid\u00e9oprotection ne peut pas servir \u00e0 alimenter un fichier nominatif .\nArticle 2 : Les finalit\u00e9s du syst\u00e8me de vid\u00e9oprotection pour lequel la pr\u00e9sente autorisation est d\u00e9livr\u00e9e sont la pr\u00e9vention des  \natteintes \u00e0 la s\u00e9curit\u00e9 des personnes et des biens dans des lieux, ainsi que dans des \u00e9tablissements ouverts au public,  \nparticuli\u00e8rement expos\u00e9s \u00e0 des risques d'agression et de vol. \nArticle 3     : Le titulaire de l'autorisation est tenu d'informer pr\u00e9alablement la pr\u00e9f\u00e8te du Rh\u00f4ne de la date de mise en service du  \nsyst\u00e8me de vid\u00e9oprotection et, le cas \u00e9ch\u00e9ant, du d\u00e9placement des cam\u00e9ras.\nArticle 4 :  Les agents des forces de s\u00e9curit\u00e9 de l'\u00c9tat et du Service D\u00e9partemental M\u00e9tropolitain d'Incendie et de Secours du  \nRh\u00f4ne individuellement d\u00e9sign\u00e9s et d\u00fbment habilit\u00e9s sont destinataires des enregistrements et des images, dans les conditions  \nd\u00e9finies par les conventions de partenariat relatives \u00e0 la vid\u00e9oprotection urbaine conclues le cas \u00e9ch\u00e9ant entre la commune et  \nl'\u00c9tat ou entre la commune et le SDMIS.\nArticle 5 : Toute modification des donn\u00e9es figurant dans le dossier administratif et technique de cette autorisation doit faire  \nl'objet d'une demande de modification d'autorisation aupr\u00e8s des services pr\u00e9fectoraux. La non-ex\u00e9cution de ces dispositions  \nentra\u00eene le retrait de cette autorisation, sans pr\u00e9judice des sanctions p\u00e9nales pr\u00e9vues.\nArticle  6 :  La  pr\u00e9sente  autorisation  est  valable  pour  une  dur\u00e9e  de  cinq  ans  et  devra  faire  l'objet  d'une  demande  de  \nrenouvellement quatre mois avant la fin de son \u00e9ch\u00e9ance. \nLe droit d'acc\u00e8s aux informations enregistr\u00e9es est r\u00e9gi par les dispositions de l'article L. 253-5 et des articles R.253-3 et  \nR.253-4 du code de la s\u00e9curit\u00e9 int\u00e9rieure.\nArticle 7 : Le fait de proc\u00e9der \u00e0 des enregistrements de vid\u00e9oprotection sans autorisation, de ne pas les d\u00e9truire dans le d\u00e9lai  \npr\u00e9vu, de les falsifier, d'entraver l'action de la commission d\u00e9partementale de vid\u00e9oprotection ou de la Commission Nationale  \nInformatique et Libert\u00e9s, de faire acc\u00e9der des personnes non habilit\u00e9es aux images ou d'utiliser ces images \u00e0 d'autres fins que  \ncelles pour lesquelles elles sont autoris\u00e9es est puni de trois ans d'emprisonnement et de 45000 euros d'amende sans pr\u00e9judice  \ndes dispositions des articles 226-1 du code p\u00e9nal.\nArticle 8 : le Directeur de la s\u00e9curit\u00e9 et de la protection civile et le charg\u00e9 de s\u00e9curit\u00e9 de la soci\u00e9t\u00e9 CREDIT MUTUEL, chacun \nen ce qui le concerne, est charg\u00e9 de l'ex\u00e9cution du pr\u00e9sent arr\u00eat\u00e9 et qui sera publi\u00e9 au recueil des actes administratifs de la  \npr\u00e9fecture du Rh\u00f4ne.\n Pour la Pr\u00e9f\u00e8te, \nle directeur de la s\u00e9curit\u00e9 et de la protection civile\n       Ernest MOUTOUSSAMY\nSi vous entendez contester le pr\u00e9sent arr\u00eat\u00e9, vous pouvez utiliser les voies de recours suivantes :\n- un recours gracieux motiv\u00e9 peut \u00eatre adress\u00e9 aupr\u00e8s de mes services dans un d\u00e9lai de deux mois \u00e0 compter de la notification du pr\u00e9sent arr\u00eat\u00e9,\n- un recours hi\u00e9rarchique peut \u00eatre introduit aupr\u00e8s de M. le Ministre de l'Int\u00e9rieur, Direction des libert\u00e9s publiques et Affaires juridiques, Bureau des polices Administratives,\nEn l'absence de r\u00e9ponse dans un d\u00e9lai de deux mois \u00e0 compter de la r\u00e9ception de votre recours, celui-ci doit \u00eatre consid\u00e9r\u00e9 comme implicitement rejet\u00e9.\n- un recours contentieux : aupr\u00e8s du Tribunal Administratif de Lyon dans un d\u00e9lai de deux mois \u00e0 compter de la notification du pr\u00e9sent arr\u00eat\u00e9 ou \u00e0 partir de la d\u00e9cision\nImplicite ou explicite de rejet du recours gracieux ou hi\u00e9rarchique. Le tribunal administratif peut \u00eatre saisi d'une requ\u00eate d\u00e9pos\u00e9e sur le site www.telerecours.fr            2/2\n69_Pr\u00e9f_Pr\u00e9fecture du Rh\u00f4ne - 69-2026-03-06-00072 - AP du 6 mars 2026 portant autorisation exploitation syst\u00e8me vid\u00e9oprotection -\nCREDIT MUTUEL- Belleville en Beaujolais - 20081206 61\n69_Pr\u00e9f_Pr\u00e9fecture du Rh\u00f4ne\n69-2026-03-10-00002\nArr\u00eat\u00e9 pr\u00e9fectoral 2026-03-10-002 - Modification\nde la ligne fronti\u00e8re au niveau des lignes 1-2 du\nterminal 1 suite \u00e0 l'installation d'un second\nportique\n69_Pr\u00e9f_Pr\u00e9fecture du Rh\u00f4ne - 69-2026-03-10-00002 - Arr\u00eat\u00e9 pr\u00e9fectoral 2026-03-10-002 - Modification de la ligne fronti\u00e8re au niveau\ndes lignes 1-2 du terminal 1 suite \u00e0 l'installation d'un second portique 62\nARR\u00caT\u00c9 n\u00b02026-03-10-002\nModifiant l'arr\u00eat\u00e9 pr\u00e9fectoral du 06 ao\u00fbt 2025 n\u00b0 PDDS 2025-08-05-001 relatif aux mesures de s\u00fbret\u00e9\napplicables sur l'a\u00e9rodrome de Lyon Saint-Exup\u00e9ry\nLE PR\u00c9FET DE LA ZONE DE D\u00c9FENSE ET DE S\u00c9CURIT\u00c9 SUD-EST,\nPR\u00c9FET DE LA R\u00c9GION AUVERGNE-RH\u00d4NE-ALPES,\nPR\u00c9FET DU RH\u00d4NE,\nOFFICIER DE LA L\u00c9GION D'HONNEUR,\nCOMMANDEUR DE L'ORDRE NATIONAL DU M\u00c9RITE,\nVu le r\u00e8glement (CE) n\u00b0 300/2008 du parlement europ\u00e9en et du conseil du 11 mars 2008 modifi\u00e9 d\u00e9finissant des\nr\u00e8gles communes dans le domaine de la s\u00fbret\u00e9 de l'aviation civile et ses r\u00e8glements et d\u00e9cisions de mise en\n\u0153uvre,\nVu le r\u00e8glement (CE) n\u00b0 562/2006 du 15 mars 2006 modifi\u00e9 \u00e9tablissant un Code communautaire relatif au\nr\u00e9gime de franchissement des personnes,\nVu le r\u00e8glement (UE) n\u00b0 2018/1139 du parlement europ\u00e9en et du conseil du 4 juillet 2018 concernant des r\u00e8gles\ncommunes dans le domaine de l'aviation civile,\nVu le r\u00e8glement (UE) n\u00b0 139/2014 de la Commission du 12 f\u00e9vrier 2014 modifi\u00e9 \u00e9tablissant des exigences et des\nproc\u00e9dures administratives relatives aux a\u00e9rodromes,\nVu le code des transports,\nVu le code de l'aviation civile,\nVu le d\u00e9cret n\u00b0 74-78 du 1erf\u00e9vrier 1974 relatif aux attributions des pr\u00e9fets en mati\u00e8re de maintien de l'ordre sur\ncertains a\u00e9rodromes,\nVu le d\u00e9cret n\u00b0 2004-374 du 29 avril 2004 relatif aux pouvoirs des pr\u00e9fets, \u00e0 l'organisation et \u00e0 l'action des\nservices de l'Etat dans les r\u00e9gions et d\u00e9partements,\nVu l'arr\u00eat\u00e9 du 20 avril 1998 portant ouverture des a\u00e9rodromes au trafic a\u00e9rien international,\nVu l'arr\u00eat\u00e9 du 7 janvier 2000 relatif \u00e0 la r\u00e9partition des missions de s\u00e9curit\u00e9 et de paix publiques entre la police\nnationale et la gendarmerie nationale sur l'emprise des a\u00e9rodromes ouverts \u00e0 la circulation a\u00e9rienne publique,\nVu l'arr\u00eat\u00e9 du 2 novembre 2006 modifi\u00e9 relatif aux mesures de s\u00fbret\u00e9 du transport a\u00e9rien,\nVu l'arr\u00eat\u00e9 du 2 mars 2007 autorisant le transfert de la concession des a\u00e9rodromes de Lyon Saint-Exup\u00e9ry et\nLyon-Bron \u00e0 la soci\u00e9t\u00e9 A\u00e9roports de Lyon,\nVu l'arr\u00eat\u00e9 du 11 mai 2007 modifiant la concession des a\u00e9rodromes de Lyon Saint-Exup\u00e9ry et de Lyon-Bron,\nVu l'arr\u00eat\u00e9 interminist\u00e9riel du 11 septembre 2013 modifi\u00e9 relatif aux mesures de s\u00fbret\u00e9 de l'aviation civile, \n69_Pr\u00e9f_Pr\u00e9fecture du Rh\u00f4ne - 69-2026-03-10-00002 - Arr\u00eat\u00e9 pr\u00e9fectoral 2026-03-10-002 - Modification de la ligne fronti\u00e8re au niveau\ndes lignes 1-2 du terminal 1 suite \u00e0 l'installation d'un second portique 63\nVu l'arr\u00eat\u00e9 du 27 juin 2017 portant agr\u00e9ment d'un certificat de qualification professionnelle relatif aux activit\u00e9s\nde s\u00fbret\u00e9 a\u00e9roportuaire,\nVu la circulaire du 14 mai 2010 relative \u00e0 la d\u00e9livrance de titres de circulation des personnes dans la zone\nr\u00e9serv\u00e9e des a\u00e9rodromes,\nVu l'avis de la directrice de la s\u00e9curit\u00e9 de l'aviation civile Centre-Est,\nVu l'avis du directeur zonal Sud-Est de la Police aux Fronti\u00e8res,\nVu l'avis du commandant de compagnie de la Gendarmerie des Transports A\u00e9riens de Lyon\nVu l'avis du directeur interr\u00e9gional des douanes Centre-Est,\nVu l'avis du pr\u00e9sident du directoire de la soci\u00e9t\u00e9 A\u00e9roports de Lyon, concessionnaire de l'a\u00e9roport,\nVu l'avis de l'officier g\u00e9n\u00e9ral de la zone de d\u00e9fense Sud-Est,\nArr\u00eate\nArticle 1 \nDans le cadre de l'installation d'un second portique sur les lignes 1 et 2 du poste d'inspection-filtrage du\nterminal 1 de l'a\u00e9roport de Lyon Saint-Exup\u00e9ry, la ligne fronti\u00e8re est modifi\u00e9e selon les plans joints \u00e0 cet arr\u00eat\u00e9.\nArticle 2 \nLes annexes n\u00b019.1 : \u00ab plan configuration PIF T1 ferm\u00e9 \u00bb et n\u00b019.2 \u00ab plan configuration PIF T1 ouvert \u00bb de\nl'arr\u00eat\u00e9 pr\u00e9fectoral n\u00b0 PDDS 2025-08-05-001 du 06 ao\u00fbt 2025 sont modifi\u00e9es par les plans joints au pr\u00e9sent\narr\u00eat\u00e9. \nArticle 3\nLe pr\u00e9sent arr\u00eat\u00e9 entre en vigueur le 31 mars 2026. \nArticle 4\n- La directrice de la s\u00e9curit\u00e9 de l'aviation civile Centre-Est ;\n- le directeur d\u00e9partemental des territoires du Rh\u00f4ne ;\n- le directeur zonal de la police aux fronti\u00e8res ;\n- le directeur d\u00e9partemental de la s\u00e9curit\u00e9 publique ;\n- le directeur du service interr\u00e9gional des douanes et des droits indirects ;\n- le commandant du groupement de gendarmerie du Rh\u00f4ne ;\n- le commandant de la compagnie de gendarmerie des transports a\u00e9riens de Lyon ;\n- le pr\u00e9sident du directoire de la soci\u00e9t\u00e9 A\u00e9roports de Lyon ;\nsont charg\u00e9s, chacun en ce qui le concerne, de l'ex\u00e9cution du pr\u00e9sent arr\u00eat\u00e9.\nFait \u00e0 Lyon, le 10 mars 2026\nPour la pr\u00e9f\u00e8te du Rh\u00f4ne et par d\u00e9l\u00e9gation,\nLe pr\u00e9fet d\u00e9l\u00e9gu\u00e9 pour la D\u00e9fense et de S\u00e9curit\u00e9 Sud-Est\nAntoine GUERIN\n69_Pr\u00e9f_Pr\u00e9fecture du Rh\u00f4ne - 69-2026-03-10-00002 - Arr\u00eat\u00e9 pr\u00e9fectoral 2026-03-10-002 - Modification de la ligne fronti\u00e8re au niveau\ndes lignes 1-2 du terminal 1 suite \u00e0 l'installation d'un second portique 64\nJ.LYONA\u00c9ROPORTPOWERED BY VINCIDIFFUSIONDE DONMEESARRETE PREFECTORALOUVERTURE POSTEPLAN NIVEAU R+1 FOLIO13 (1/350)ANNEXE N\u00b019.1PF TI FERMECo \" rentre ur (Ben ce brat 4Deugates Prfcater AgprotaterA. PARA C. ROUSSELLE N. REBUFFETLegends\u00e0 commentipesI  peti Cot\u00e9 Piste [PCZSAR) / Cot\u00e9 Ville ou: ZSAR772 Surtace pm\u00e9reur Cat\u00e9 Piste (CPtRMS ictin Cot\u00e9 Piste (SAR) / Cot\u00e9 MlleSurface [n\u00e9e Z5ARLyeite ZPNLA / Cot\u00e9 leSurface im\u00e9neure ZPMLA\nCote de rez \u00e0 jar (oe dirgrexca FortLE)Phe bate\n' is N TeL L 1/350 |\n(reneeACROSS DE OMBF 10-295 yer Sabet Crapty A\u00e9raert \u2014 TranceCAALCHCN TECHN | OLAEAU LACTADESedocs \u00e0 \u00f1 : Evo a trtel ame. Me pis Parurestut be Get | 'autres de or dees oe pond mare repeatMe\u00f1 bie +1' a \" pren oupiet scantaw bate\nLYONAEROPORTowner VINCI8DIFFUSION DE DONN\u00c9ESARR\u00caT\u00c9 PR\u00c9FECTORALOUVERTURE POSTEPLAN NIVEAU R+1 FOLJO 14 (1/350)ANNEXE N\u00b01.2PIF TI OUVERThe se i oa sur Men re bret\nOnesies Virtcoteur LEGiteT 4A. PARA C. ROUSSELLE N. REBUFFETpnts dcormentipeses | pie Cot\u00e9 Piste (PCZSAR) / Cot\u00e9 Ville ouSurface redqeur Cot\u00e9 Piste (CPFelts Cot\u00e9 Piste (25AR} / Cot\u00e9 MileSurface Irr\u00e9@euse 7SARLymite ZPNLA / Cot\u00e9 ileSurface irr\u00e9neure ZPNLA\ni \u00c0 \u00c7mit a Of\" th \u00c0Oate de ree dar Ce fyrgrezace er | eee CTL 271 FE TX\" TL,  \u00c0  CL  4 Q-| \u00b0 Gea AL LYQYUY YYEh & arte tater L hop AilLCL LI \u00c0 AL o| | \u00e0 Mase OO, 72 C7 Mae LL \\7 eee \u00e0 7 PES rtfL__1 1/350 ] f CLI ty | c >| \"4 Z ' x)o /\nOF 10 \u2014 60 yor abet C harper francUSECIEA ONE [AAA 7 \u0178 PE\nCo eee \u00e0 \\ : we a nGD eames rarenut be Gate | 'ara de ce deeb ve pond amare operaBelew be bis weed te- 4 data aopero apts ee LEADER\n69_Pr\u00e9f_Pr\u00e9fecture du Rh\u00f4ne - 69-2026-03-10-00002 - Arr\u00eat\u00e9 pr\u00e9fectoral 2026-03-10-002 - Modification de la ligne fronti\u00e8re au niveau\ndes lignes 1-2 du terminal 1 suite \u00e0 l'installation d'un second portique 65\n84_DREAL_Direction r\u00e9gionale de\nl'environnement, de l'am\u00e9nagement et du\nlogement d'Auvergne-Rh\u00f4ne-Alpes\n69-2026-02-27-00013\nArr\u00eat\u00e9 interpr\u00e9fectoral\nn\u00b0DREAL-AURA-EHN-2026-18 portant d\u00e9rogation\naux dispositions de l'article L.411-1 du code de\nl'environnement pour\u00a0capture suivie d'un\nrel\u00e2cher imm\u00e9diat sur place d'esp\u00e8ces animales\nprot\u00e9g\u00e9es (amphibiens, insectes, mammif\u00e8res et\nreptiles)\net pr\u00e9l\u00e8vement, transport, utilisation et\ndestruction de mat\u00e9riel biologique d'esp\u00e8ces\nanimales prot\u00e9g\u00e9es (insectes, reptiles)\nBureau d'\u00e9tudes Aces Campestre\n84_DREAL_Direction r\u00e9gionale de l'environnement, de l'am\u00e9nagement et du logement d'Auvergne-Rh\u00f4ne-Alpes -\n69-2026-02-27-00013 - Arr\u00eat\u00e9 interpr\u00e9fectoral n\u00b0DREAL-AURA-EHN-2026-18 portant d\u00e9rogation aux dispositions de l'article L.411-1 du\ncode de l'environnement pour\u00a0capture suivie d'un rel\u00e2cher imm\u00e9diat sur place d'esp\u00e8ces animales prot\u00e9g\u00e9es (amphibiens, insectes,\nmammif\u00e8res et reptiles)\net pr\u00e9l\u00e8vement, transport, utilisation et destruction de mat\u00e9riel biologique d'esp\u00e8ces animales prot\u00e9g\u00e9es (insectes, reptiles)\nBureau d'\u00e9tudes Aces Campestre\n66\n|PREFETEDE LA REGIONAUVERGNE-RHONE-ALPESLibert\u00e9Egalit\u00e9Fraternit\u00e9\nLyon, le 27 f\u00e9vrier 2026\nArr\u00eat\u00e9 interpr\u00e9fectoral n\u00b0 DREAL-AURA-EHN-2026-18\nportant d\u00e9rogation aux dispositions de l'article L.411-1 du code de l'environnement pour\u00a0capture\nsuivie d'un rel\u00e2cher imm\u00e9diat sur place d'esp\u00e8ces animales prot\u00e9g\u00e9es \n(amphibiens, insectes, mammif\u00e8res et reptiles)\net\npr\u00e9l\u00e8vement, transport, utilisation, d\u00e9tention et destruction de mat\u00e9riel biologique d'esp\u00e8ces\nanimales prot\u00e9g\u00e9es (insectes, reptiles)\nB\u00e9n\u00e9ficiaire\u00a0: Bureau d'\u00e9tudes Acer Campestre\nLE PR\u00c9FET DE L'AIN\nLE PR\u00c9FET DE L'ALLIER\nChevalier de l'ordre national du M\u00e9rite,\nLE PR\u00c9FET DE L'ARD\u00c8CHE\nLE PR\u00c9FET DU CANTAL,\nOfficier de l'ordre national du M\u00e9rite\nLA PR\u00c9F\u00c8TE DE LA DR\u00d4ME\nChevalier de la L\u00e9gion d'honneur\nChevalier de l'ordre national du M\u00e9rite\nLA PR\u00c9F\u00c8RE DE L'IS\u00c8RE,\nChevalier de la L\u00e9gion d'honneur,\nChevalier de l'ordre national du M\u00e9rite \nLE PR\u00c9FET DE LA HAUTE-LOIRE\nChevalier de l'ordre national du M\u00e9rite\nChevalier de l'ordre du M\u00e9rite agricole \nLA PR\u00c9F\u00c8TE DU PUY-DE-D\u00d4ME\nChevalier de la L\u00e9gion d'honneur,\nOfficier de l'ordre national du M\u00e9rite\nLA PR\u00c9F\u00c8TE DE LA R\u00c9GION AUVERGNE-RH\u00d4NE-ALPES, \nPR\u00c9F\u00c8TE DU RH\u00d4NE\nCommandeur de la L\u00e9gion d'honneur\nCommandeur de l'ordre national du M\u00e9rite\nLA PR\u00c9F\u00c8TE DE LA SAVOIE,\nChevalier de la L\u00e9gion d'honneur\nOfficier de l'Ordre national du M\u00e9rite\nAdresse postale : 69453 LYON CEDEX 06\nStandard : 04 26 28 60 00 - www.auvergne-rhone-alpes.developpement-durable.gouv.fr page 1/9\nDirection r\u00e9gionale de l'environnement,\nde l'am\u00e9nagement et du logement\nAuvergne-Rh\u00f4ne-Alpes\n84_DREAL_Direction r\u00e9gionale de l'environnement, de l'am\u00e9nagement et du logement d'Auvergne-Rh\u00f4ne-Alpes -\n69-2026-02-27-00013 - Arr\u00eat\u00e9 interpr\u00e9fectoral n\u00b0DREAL-AURA-EHN-2026-18 portant d\u00e9rogation aux dispositions de l'article L.411-1 du\ncode de l'environnement pour\u00a0capture suivie d'un rel\u00e2cher imm\u00e9diat sur place d'esp\u00e8ces animales prot\u00e9g\u00e9es (amphibiens, insectes,\nmammif\u00e8res et reptiles)\net pr\u00e9l\u00e8vement, transport, utilisation et destruction de mat\u00e9riel biologique d'esp\u00e8ces animales prot\u00e9g\u00e9es (insectes, reptiles)\nBureau d'\u00e9tudes Aces Campestre\n67\nVU le code de l'environnement, et notamment ses articles L.163-5, L.411-1, L.411-1A, L.411-2 et R.411-1 \u00e0\nR.411-14\u00a0;\nVU le code des relations entre le public et l'administration, notamment les articles L.221-2, L.221-3\u00a0;\nVU l'arr\u00eat\u00e9 interminist\u00e9riel du 9 juillet 1999 modifi\u00e9 fixant la liste des esp\u00e8ces de vert\u00e9br\u00e9s prot\u00e9g\u00e9es\nmenac\u00e9es d'extinction en France et dont l'aire de r\u00e9partition exc\u00e8de le territoire d'un d\u00e9partement\u00a0;\nVU l'arr\u00eat\u00e9  interminist\u00e9riel  du  19  f\u00e9vrier  2007  modifi\u00e9  fixant  les  conditions  de  demande  et\nd'instruction des d\u00e9rogations d\u00e9finies au 4\u00b0 de l'article L. 411-2 du code de l'environnement portant\nsur les esp\u00e8ces de faune et de flore sauvages prot\u00e9g\u00e9es\u00a0;\nVU l'arr\u00eat\u00e9 interminist\u00e9riel du 23 avril 2007 fixant la liste des insectes prot\u00e9g\u00e9s sur l'ensemble du\nterritoire et les modalit\u00e9s de leur protection\u00a0;\nVU l'arr\u00eat\u00e9 interminist\u00e9riel du 23 avril 2007 modifi\u00e9 fixant la liste des mammif\u00e8res terrestres prot\u00e9g\u00e9s\nsur l'ensemble du territoire et les modalit\u00e9s de leur protection\u00a0;\nVU l'arr\u00eat\u00e9 interminist\u00e9riel du 18 d\u00e9cembre 2014 fixant les conditions et limites dans lesquelles des\nd\u00e9rogations \u00e0 l'interdiction de capture de sp\u00e9cimens d'esp\u00e8ces animales prot\u00e9g\u00e9es peuvent  \u00eatre\naccord\u00e9es par les pr\u00e9fets pour certaines op\u00e9rations pour lesquelles la capture est suivie d'un rel\u00e2cher\nimm\u00e9diat sur place ; \nVU l'arr\u00eat\u00e9 interminist\u00e9riel du 8 janvier 2021 fixant la liste des amphibiens et des reptiles repr\u00e9sent\u00e9s\nsur le territoire m\u00e9tropolitain prot\u00e9g\u00e9s sur l'ensemble du territoire national et les modalit\u00e9s de leur\nprotection\u00a0;\nVU l'arr\u00eat\u00e9 pr\u00e9fecto ral n\u00b001-2026-01-21-00002 du 21 janvier 2026 portant d\u00e9l\u00e9gation de signature \u00e0\nM.\u00a0Olivier  DAVID,  directeur  r\u00e9gional  de  l'environnement,  de  l'am\u00e9nagement  et  du  logement\nAuvergne-Rh\u00f4ne-Alpes, dans le ressort du d\u00e9partement de l'Ain\u00a0;\nVU l'arr\u00eat\u00e9 pr\u00e9fectoral n\u00b0DREAL-SG-2026-005 du 02 f\u00e9vrier 2026 portant subd\u00e9l\u00e9gation de signature\naux agents de la direction r\u00e9gionale de l'environnement, de l'am\u00e9nagement et du logement  (DREAL)\nAuvergne-Rh\u00f4ne-Alpes pour les comp\u00e9tences g\u00e9n\u00e9rales et techniques pour le d\u00e9partement de l'Ain\u00a0;\nVU l'arr\u00eat\u00e9 pr\u00e9fectoral n\u00b0109/2026 du 22 janvier 2026 conf\u00e9rant d\u00e9l\u00e9gation de signature \u00e0 M.\u00a0Olivier\nDAVID, directeur r\u00e9gional de l'environnement, de l'am\u00e9nagement et du logement Auvergne-Rh\u00f4ne-\nAlpes, dans le ressort du d\u00e9partement de l'Allier\u00a0;\nVU l'arr\u00eat\u00e9 pr\u00e9fectoral n\u00b0DREAL-SG-2026-011 du 02 f\u00e9vrier 2026 portant subd\u00e9l\u00e9gation de signature\naux agents de la DREAL Auvergne-Rh\u00f4ne-Alpes pour les comp\u00e9tences g\u00e9n\u00e9rales et techniques, pour le\nd\u00e9partement de l'Allier\u00a0;\nVU l'arr\u00eat\u00e9 pr\u00e9fecto ral n\u00b007-2026-01-20-00007 du 20 janvier 2026 portant d\u00e9l\u00e9gation de signature \u00e0\nM.\u00a0Olivier  DAVID,  directeur  r\u00e9gional  de  l'environnement,  de  l'am\u00e9nagement  et  du  logement\nAuvergne-Rh\u00f4ne-Alpes, dans le ressort du d\u00e9partement de l'Ard\u00e8che\u00a0;\nVU l'arr\u00eat\u00e9 pr\u00e9fectoral n\u00b0DREAL-SG-2026-014 du 02 f\u00e9vrier 2026 portant subd\u00e9l\u00e9gation de signature\naux agents de la direction r\u00e9gionale de l'environnement, de l'am\u00e9nagement et du logement  (DREAL)\nAuvergne-Rh\u00f4ne-Alpes  pour  les  comp\u00e9tences  g\u00e9n\u00e9rales  et  techniques  pour  le  d\u00e9partement  de\nl'Ard\u00e8che\u00a0;\nVU l'arr\u00eat\u00e9 pr\u00e9fectoral n\u00b0  2026-74 du 23 janvier 2026  portant d\u00e9l\u00e9gation de signature \u00e0  M.\u00a0Olivier\nDAVID, directeur r\u00e9gional de l'environnement, de l'am\u00e9nagement et du logement Auvergne-Rh\u00f4ne-\nAlpes dans le ressort du d\u00e9partement du Cantal\u00a0;\nVU l'arr\u00eat\u00e9 pr\u00e9fectoral n\u00b0DREAL-SG-2026-009 du 02 f\u00e9vrier 2026 portant subd\u00e9l\u00e9gation de signature\naux agents de la DREAL Auvergne-Rh\u00f4ne-Alpes pour les comp\u00e9tences g\u00e9n\u00e9rales et techniques, pour le\nd\u00e9partement du Cantal\u00a0;\nAdresse postale : 69453 LYON CEDEX 06\nStandard : 04 26 28 60 00 - www.auvergne-rhone-alpes.developpement-durable.gouv.fr page 2/9\n84_DREAL_Direction r\u00e9gionale de l'environnement, de l'am\u00e9nagement et du logement d'Auvergne-Rh\u00f4ne-Alpes -\n69-2026-02-27-00013 - Arr\u00eat\u00e9 interpr\u00e9fectoral n\u00b0DREAL-AURA-EHN-2026-18 portant d\u00e9rogation aux dispositions de l'article L.411-1 du\ncode de l'environnement pour\u00a0capture suivie d'un rel\u00e2cher imm\u00e9diat sur place d'esp\u00e8ces animales prot\u00e9g\u00e9es (amphibiens, insectes,\nmammif\u00e8res et reptiles)\net pr\u00e9l\u00e8vement, transport, utilisation et destruction de mat\u00e9riel biologique d'esp\u00e8ces animales prot\u00e9g\u00e9es (insectes, reptiles)\nBureau d'\u00e9tudes Aces Campestre\n68\nVU l'arr\u00eat\u00e9 pr\u00e9fe ctoral n\u00b026-2026-01-00005 du 26 janvier 2026 portant  d\u00e9l\u00e9gation de signature \u00e0\nM.\u00a0Olivier  DAVID,  directeur  r\u00e9gional  de  l'environnement,  de  l'am\u00e9nagement  et  du  logement\nAuvergne-Rh\u00f4ne-Alpes pour le d\u00e9partement de la Dr\u00f4me\u00a0;\nVU l'arr\u00eat\u00e9 pr\u00e9fectoral n\u00b0DREAL-SG-2026-12 du 02 f\u00e9vrier 2026 portant subd\u00e9l\u00e9gation de signature\naux agents de la direction r\u00e9gionale de l'environnement, de l'am\u00e9nagement et du logement  (DREAL)\nAuvergne-Rh\u00f4ne-Alpes pour les comp\u00e9tences g\u00e9n\u00e9rales et techniques pour le d\u00e9partement de la\nDr\u00f4me\u00a0;\nVU l'arr\u00eat\u00e9 pr\u00e9fe ctoral n\u00b038-2026-01-23-00005 du 23 janvier 2026 portant d\u00e9l\u00e9gation de signature \u00e0\nM.Olivier DAVID, directeur r\u00e9gional de l'environnement, de l'am\u00e9nagement et du logement Auvergne-\nRh\u00f4ne-Alpes pour le d\u00e9partement de l'Is\u00e8re\u00a0;\nVU l'arr\u00eat\u00e9 pr\u00e9fectoral n\u00b0DREAL-SG-2026-10 du 02 f\u00e9vrier 2026 portant subd\u00e9l\u00e9gation de signature\naux agents de la direction r\u00e9gionale de l'environnement, de l'am\u00e9nagement et du logement  (DREAL)\nAuvergne-Rh\u00f4ne-Alpes pour les comp\u00e9tences g\u00e9n\u00e9rales et techniques pour le d\u00e9partement de l'Is\u00e8re\u00a0;\nVU l'arr\u00eat\u00e9  pr\u00e9fectoral  SG/COORDINATION  2026-03  du  19  janvier  2026  portant  d\u00e9l\u00e9gation  de\nsignature M.\u00a0Olivier DAVID, directeur r\u00e9gional de l'environnement, de l'am\u00e9nagement et du logement\nAuvergne-Rh\u00f4ne-Alpes, dans le ressort du d\u00e9partement de la Haute-Loire\u00a0;\nVU l'arr\u00eat\u00e9 pr\u00e9fectoral n\u00b0DREAL-SG-2026-008 du 02 f\u00e9vrier 2026 portant subd\u00e9l\u00e9gation de signature\naux agents de la DREAL Auvergne-Rh\u00f4ne-Alpes pour les comp\u00e9tences g\u00e9n\u00e9rales et techniques pour le\nd\u00e9partement de la Haute-Loire\u00a0;\nVU l'arr\u00eat\u00e9 pr\u00e9fectoral n\u00b0 20260244 du 02 f\u00e9vrier 2026  portant d\u00e9l\u00e9gation de signature \u00e0  M.\u00a0Olivier\nDAVID, directeur r\u00e9gional de l'environnement, de l'am\u00e9nagement et du logement Auvergne-Rh\u00f4ne-\nAlpes, dans le ressort du d\u00e9partement du Puy-de-D\u00f4me\u00a0;\nVU l'arr\u00eat\u00e9 pr\u00e9fectoral n\u00b0DREAL-SG-2026-18 du 03 f\u00e9vrier 2026 portant subd\u00e9l\u00e9gation de signature\naux agents de la DREAL Auvergne-Rh\u00f4ne-Alpes pour les comp\u00e9tences g\u00e9n\u00e9rales et techniques pour le\nd\u00e9partement du Puy-de-D\u00f4me\u00a0;\nVU l'arr\u00eat\u00e9 pr\u00e9fectoral n\u00b069-2026-02-02-00003 du 02 f\u00e9vrier 2026  portant d\u00e9l\u00e9gation de signature \u00e0\nM.\u00a0Olivier DAVID , directeur r\u00e9gional  de l'environnement, de l'am\u00e9nagement et du logement de la\nr\u00e9gion Auvergne-Rh\u00f4ne-Alpes dans le ressort du d\u00e9partement du Rh\u00f4ne\u00a0;\nVU l'arr\u00eat\u00e9 pr\u00e9fectoral n\u00b0DREAL-SG-2026-019 du 04 f\u00e9vrier 2026 portant subd\u00e9l\u00e9gation de signature aux\nagents de la DREAL Auvergne-Rh\u00f4ne-Alpes pour les comp\u00e9tences g\u00e9n\u00e9rales et techniques pour  le\nd\u00e9partement du Rh\u00f4ne\u00a0;\nVU l'arr\u00eat\u00e9  pr\u00e9fectoral  DCL-PEJ  N\u00b01-2026  du  21  janvier  2026  portant  d\u00e9l\u00e9gation  de  signature  \u00e0\nM.Olivier DAVID, directeur r\u00e9gional de l'environnement, de l'am\u00e9nagement et du logement Auvergne-\nRh\u00f4ne-Alpes, dans le ressort du d\u00e9partement de la Savoie\u00a0;\nVU l'arr\u00eat\u00e9 pr\u00e9fectoral n\u00b0DRAL-SG-2026-20 du 02 f\u00e9vrier 2026 portant subd\u00e9l\u00e9gation de signature aux\nagents  de  la  direction  r\u00e9gionale  de  l'environnement,  de  l'am\u00e9nagement  et  du  logement (DREAL)\nAuvergne-Rh\u00f4ne-Alpes  pour  les  comp\u00e9tences  g\u00e9n\u00e9rales  et  techniques  pour  le  d\u00e9partement  de  la\nSavoie\u00a0; \nVU les lignes directrices de la DREAL Auvergne-Rh\u00f4ne-Alpes du 30 octobre 2017 pr\u00e9cisant la nature\ndes d\u00e9cisions individuelles, notamment dans le cadre des d\u00e9rogations \u00e0 la protection des esp\u00e8ces,\nsoumises  ou  non  \u00e0  participation  du  public,  au  vu  de  leur  incidence  sur  la  protection  de\nl'environnement, dans l'ensemble des d\u00e9partements de la r\u00e9gion Auvergne-Rh\u00f4ne-Alpes\u00a0;\nVU  la demande de d\u00e9rogation pour la capture suivi e d'un rel\u00e2cher imm\u00e9diat sur place d'esp\u00e8ces\nanimales prot\u00e9g\u00e9es et le p r\u00e9l\u00e8vement, le transport, l'utilisation, la d\u00e9tention et la destruction de\nmat\u00e9riel biologique d'esp\u00e8ces animales prot\u00e9g\u00e9es d\u00e9pos\u00e9e le 28 janvier 2025 par le  bureau d'\u00e9tudes\nAcer Campestre et compl\u00e9t\u00e9e le 15 septembre 2025\u00a0;\nAdresse postale : 69453 LYON CEDEX 06\nStandard : 04 26 28 60 00 - www.auvergne-rhone-alpes.developpement-durable.gouv.fr page 3/9\n84_DREAL_Direction r\u00e9gionale de l'environnement, de l'am\u00e9nagement et du logement d'Auvergne-Rh\u00f4ne-Alpes -\n69-2026-02-27-00013 - Arr\u00eat\u00e9 interpr\u00e9fectoral n\u00b0DREAL-AURA-EHN-2026-18 portant d\u00e9rogation aux dispositions de l'article L.411-1 du\ncode de l'environnement pour\u00a0capture suivie d'un rel\u00e2cher imm\u00e9diat sur place d'esp\u00e8ces animales prot\u00e9g\u00e9es (amphibiens, insectes,\nmammif\u00e8res et reptiles)\net pr\u00e9l\u00e8vement, transport, utilisation et destruction de mat\u00e9riel biologique d'esp\u00e8ces animales prot\u00e9g\u00e9es (insectes, reptiles)\nBureau d'\u00e9tudes Aces Campestre\n69\nVU le projet d'arr\u00eat\u00e9 transmis le 24 f\u00e9vrier 2026 au p\u00e9titionnaire, et sa r\u00e9ponse du 25 f\u00e9vrier\u00a02026\u00a0;\nCONSID\u00c9RANT que la pr\u00e9sente demande est d\u00e9pos\u00e9e\u00a0:\n\u2022 dans l'int\u00e9r\u00eat de la protection de la faune et de la flore sauvages et de la conservation des\nhabitats naturels\u00a0;\n\u2022 pour permettre, dans des conditions strictement contr\u00f4l\u00e9es, d'une mani\u00e8re s\u00e9lective et dans une\nmesure limit\u00e9e, la prise ou la d\u00e9tention d'un nombre limit\u00e9 et sp\u00e9cifi\u00e9 de certains sp\u00e9cimens\u00a0;\nCONSID\u00c9RANT qu'il n'existe pas d'autre solution satisfaisante\u00a0;\nCONSID\u00c9RANT que la d\u00e9rogation ne nuit pas au maintien, dans un \u00e9tat de conservation favorable,\ndes populations d'esp\u00e8ces prot\u00e9g\u00e9es concern\u00e9es dans leur aire de r\u00e9partition naturelle compte tenu\ndes prescriptions mises en \u0153uvre, telles que d\u00e9taill\u00e9es \u00e0 l'article 2 ci-apr\u00e8s\u00a0;\nCONSID\u00c9RANT que les personnes habilit\u00e9es disposent de la comp\u00e9tence pour la mise en \u0153uvre des\nop\u00e9rations consid\u00e9r\u00e9es\u00a0;\nSUR proposition du directeur  r\u00e9gional  par  int\u00e9rim  de l'Environnement, de l'Am\u00e9nagement  et du\nLogement de la r\u00e9gion Auvergne-Rh\u00f4ne-Alpes\u00a0;\nARR\u00caTE\nARTICLE 1\u00a0: B\u00e9n\u00e9ficiaire de l'autorisation et objet\u00a0 \nDans  le  cadre  de ses  actions  d'inventaires  et  de  suivis  d'esp\u00e8ces  animales  prot\u00e9g\u00e9es,  le  bureau\nd'\u00e9tudes  Acer Campestre ,  dont le si\u00e8ge social est  situ\u00e9 20  rue Pr\u00e9 Gaudry  \u00e0 LYON  (69007),  est\nautoris\u00e9 \u00e0 pratiquer, dans le cadre d\u00e9fini aux articles 2 et suivants du pr\u00e9sent arr\u00eat\u00e9\u00a0:\n\u2022 la capture suivie d'un rel\u00e2cher imm\u00e9diat sur place d'esp\u00e8ces animales prot\u00e9g\u00e9es\u00a0:\n> AMPHIBIENS\nEnsemble des esp\u00e8ces potentiellement pr\u00e9sentes dans le p\u00e9rim\u00e8tre d'\u00e9tude,\n\u00e0 l'exception des esp\u00e8ces list\u00e9es \u00e0 l'arr\u00eat\u00e9 minist\u00e9riel du 9 juillet 1999 (esp\u00e8ces menac\u00e9es \nd'extinction)\n> INSECTES\nL\u00e9pidopt\u00e8res rhopaloc\u00e8res, col\u00e9opt\u00e8res, odonates (dont exuvies) et orthopt\u00e8res \npotentiellement pr\u00e9sents dans le p\u00e9rim\u00e8tre d'\u00e9tude\n> MAMMIF\u00c8RES\nEnsemble des micromammif\u00e8res potentiellement pr\u00e9sents dans le p\u00e9rim\u00e8tre d'\u00e9tude\n> REPTILES\nEnsemble des esp\u00e8ces potentiellement pr\u00e9sentes dans le p\u00e9rim\u00e8tre d'\u00e9tude, \u00e0 l'exception \ndes esp\u00e8ces list\u00e9es \u00e0 l'arr\u00eat\u00e9 minist\u00e9riel du 9 juillet 1999 (esp\u00e8ces menac\u00e9es d'extinction)\nAdresse postale : 69453 LYON CEDEX 06\nStandard : 04 26 28 60 00 - www.auvergne-rhone-alpes.developpement-durable.gouv.fr page 4/9\n84_DREAL_Direction r\u00e9gionale de l'environnement, de l'am\u00e9nagement et du logement d'Auvergne-Rh\u00f4ne-Alpes -\n69-2026-02-27-00013 - Arr\u00eat\u00e9 interpr\u00e9fectoral n\u00b0DREAL-AURA-EHN-2026-18 portant d\u00e9rogation aux dispositions de l'article L.411-1 du\ncode de l'environnement pour\u00a0capture suivie d'un rel\u00e2cher imm\u00e9diat sur place d'esp\u00e8ces animales prot\u00e9g\u00e9es (amphibiens, insectes,\nmammif\u00e8res et reptiles)\net pr\u00e9l\u00e8vement, transport, utilisation et destruction de mat\u00e9riel biologique d'esp\u00e8ces animales prot\u00e9g\u00e9es (insectes, reptiles)\nBureau d'\u00e9tudes Aces Campestre\n70\n\u2022 le pr\u00e9l\u00e8vement, le transport, l'utilisation, la d\u00e9tention et la destruction de mat\u00e9riel biologique\nd'esp\u00e8ces animales prot\u00e9g\u00e9es\u00a0:\n> INSECTES\nEnsemble des exuvies d'odonates potentiellement pr\u00e9sentes dans le p\u00e9rim\u00e8tre d'\u00e9tude\n> REPTILES\nEnsemble des mues potentiellement pr\u00e9sents dans le p\u00e9rim\u00e8tre d'\u00e9tude, \u00e0 l'exception des \nesp\u00e8ces list\u00e9es \u00e0 l'arr\u00eat\u00e9 minist\u00e9riel du 9 juillet 1999 (esp\u00e8ces menac\u00e9es d'extinction)\nARTICLE 2\u00a0: Prescriptions techniques\n> Lieux d'intervention \u00a0:  d\u00e9partements de l'A in, Allier, Ard\u00e8che, Cantal, Dr\u00f4me, Is\u00e8re, Haute-Loire,\nPuy-de-D\u00f4me, Rh\u00f4ne et Savoie.\n> Protocole\u00a0:\nLe b\u00e9n\u00e9ficiaire proc\u00e8de \u00e0 des inventaires de population d'esp\u00e8ces animales sauvages dans le cadre\nde\u00a0:\n\u2022 l'\u00e9valuation  pr\u00e9alable  et  du  suivi  des  impacts  sur  la  biodiversit\u00e9  de  projets  de  travaux,\nd'ouvrages et d'am\u00e9nagements. Les protocoles d'inventaires sont \u00e9tablis par des personnes\nmorales  ou  physiques  d\u00fbment  mandat\u00e9es  par  les  responsables  des  projets  de  travaux,\nd'ouvrages et d'am\u00e9nagements, pour la r\u00e9alisation de tels inventaires,\n\u2022 l'\u00e9laboration ou du suivi de plans, de sch\u00e9mas, de programmes ou d'autres documents de\nplanification  n\u00e9cessitant  l'acquisition  de  connaissances  ou  visant  \u00e0  la  pr\u00e9servation  du\npatrimoine naturel pr\u00e9vus par des dispositions du code de l'environnement. Les protocoles\nd'inventaires sont \u00e9tablis par des personnes morales ou physiques d\u00fbment mandat\u00e9es par\nl'autorit\u00e9  d\u00e9sign\u00e9e  par  le  code  de  l'environnement  pour  \u00e9laborer  le  plan,  le  sch\u00e9ma,  le\nprogramme ou le document de planification consid\u00e9r\u00e9.\nLes op\u00e9rations de capture sont strictement limit\u00e9es \u00e0 ce qui est n\u00e9cessaire pour atteindre l'objectif\nrecherch\u00e9.\nLe protocole d'inventaire permet de qualifier correctement le niveau des populations et l'importance\nde celles-ci au regard de l'\u00e9tat de conservation des esp\u00e8ces concern\u00e9es en tenant compte de leur\nbiologie et de leurs cycles biologiques.\nARTICLE 2.1\u00a0: Modalit\u00e9s de capture\nLes modalit\u00e9s de capture sont les suivantes\u00a0:\n\u2022 les captures et manipulations sont r\u00e9alis\u00e9es uniquement en cas de n\u00e9cessit\u00e9, sur des dur\u00e9es\nles plus courtes possible\u00a0;\n\u2022 les  animaux  captur\u00e9s  sont  manipul\u00e9s  d\u00e9licatement,  prot\u00e9g\u00e9s  contre  les  temp\u00e9ratures\nextr\u00eames et rel\u00e2ch\u00e9s imm\u00e9diatement apr\u00e8s identification sur le lieu de capture\u00a0;\n\u2022 aucune manipulation d'\u0153ufs n'est effectu\u00e9e\u00a0;\n\u2022 les filets et \u00e9puisettes sont v\u00e9rifi\u00e9s, avant chaque utilisation, afin qu'ils ne comportent aucun\n\u00e9l\u00e9ment pouvant blesser les individus\u00a0;\n\u2022 les animaux ne sont pas captur\u00e9s en phase de copulation ou de ponte\u00a0;\n\u2022 les captures sont r\u00e9alis\u00e9es selon des modalit\u00e9s et \u00e0 l'aide de moyens n'occasionnant aucune\nblessure ni mutilation aux animaux captur\u00e9s\u00a0;\n\u2022 aucune op\u00e9ration de marquage n'est r\u00e9alis\u00e9e\u00a0;\n\u2022 aucune capture l\u00e9tale n'est r\u00e9alis\u00e9e.\nAdresse postale : 69453 LYON CEDEX 06\nStandard : 04 26 28 60 00 - www.auvergne-rhone-alpes.developpement-durable.gouv.fr page 5/9\n84_DREAL_Direction r\u00e9gionale de l'environnement, de l'am\u00e9nagement et du logement d'Auvergne-Rh\u00f4ne-Alpes -\n69-2026-02-27-00013 - Arr\u00eat\u00e9 interpr\u00e9fectoral n\u00b0DREAL-AURA-EHN-2026-18 portant d\u00e9rogation aux dispositions de l'article L.411-1 du\ncode de l'environnement pour\u00a0capture suivie d'un rel\u00e2cher imm\u00e9diat sur place d'esp\u00e8ces animales prot\u00e9g\u00e9es (amphibiens, insectes,\nmammif\u00e8res et reptiles)\net pr\u00e9l\u00e8vement, transport, utilisation et destruction de mat\u00e9riel biologique d'esp\u00e8ces animales prot\u00e9g\u00e9es (insectes, reptiles)\nBureau d'\u00e9tudes Aces Campestre\n71\nModalit\u00e9s sp\u00e9cifiques concernant   les amphibiens  \u00a0  :  \n\u2022 inventaires et captures pratiqu\u00e9s de jour ou de nuit\u00a0;\n\u2022 d\u00e9tections visuelle et auditive privil\u00e9gi\u00e9es\u00a0:\n\u2022 capture manuelle des amphibiens \u00e0 l'aide d'une \u00e9puisette\u00a0;\n\u2022 afin de limiter  la diss\u00e9mination de chytridiomycose et  d'autres maladies (ranaviroses),  les\nprescriptions du protocole d'hygi\u00e8ne pour le contr\u00f4le des maladies des amphibiens dans la\nnature \u00e0 destination des op\u00e9rateurs de terrain1\n, sont scrupuleusement respect\u00e9es.\nModalit\u00e9s sp\u00e9cifiques concernant les insectes  \u00a0  :  \n\u2022 identification \u00e0 vue en phase adulte \u00e0 l'aide de jumelles privil\u00e9gi\u00e9e\u00a0;\n\u2022 capture \u00e0 l'aide d'un filet \u00e0 insectes pour identification en cas de n\u00e9cessit\u00e9\u00a0;\n\u2022 les odonates sont maintenus par les ailes tandis que les rhopaloc\u00e8res sont observ\u00e9s \u00e0 travers le\nfilet pour ne pas endommager leurs \u00e9cailles\u00a0;\n\u2022 aucune capture l\u00e9tale n'est r\u00e9alis\u00e9e.\nModalit\u00e9s sp\u00e9cifiques concernant les mammif\u00e8res\n\u2022 pi\u00e9geages non l\u00e9taux des micro-mammif\u00e8res, avec capture d'individus \u00a0: pi\u00e8ges pos\u00e9s le soir,\nrelev\u00e9s le lendemain matin, et non actifs durant la journ\u00e9e\u00a0;\nModalit\u00e9s sp\u00e9cifiques concernant   les reptiles  \u00a0  :  \n\u2022 recherche \u00e0 vue privil\u00e9gi\u00e9e, notamment par retournement des pierres qui sont replac\u00e9es avec\nsoin apr\u00e8s d\u00e9tection ou non d'individus\u00a0;\n\u2022 captures manuelles r\u00e9alis\u00e9es avec soin pour les esp\u00e8ces difficiles \u00e0 d\u00e9terminer \u00e0 vue.\nLa pression d'inventaire maximale annuelle est \u00e9valu\u00e9e \u00e0 100 \u00a0jours de terrain par d\u00e9partement, avec\nl'intervention possible de huit personnes proc\u00e9dant simultan\u00e9ment aux op\u00e9rations.\nARTICLE 2.2  \u00a0  : Modalit\u00e9s de pr\u00e9l\u00e8vement, transport, utilisation, d\u00e9tention et destruction de mat\u00e9riel\nbiologique\nLes modalit\u00e9s de pr\u00e9l\u00e8vement , transport, utilisation, d\u00e9tention et destruction d e mat\u00e9riel biologique\nsont les suivantes\u00a0:\n\u2022 collecte du mat\u00e9riel biologique in situ, identification sur site \u00e0 l'aide d'une loupe ou photographies\npour une identification ult\u00e9rieure le cas \u00e9ch\u00e9ant, et repositionnement sur le lieu de pr\u00e9l\u00e8vement.\nU  niquement en cas de n\u00e9cessit\u00e9  \u00a0:\n\u2022 stockage des exuvies d'odonates dans des r\u00e9cipients avec une \u00e9tiquette indiquant le lieu, la date et\nl'observateur\u00a0;\n\u2022 transport entre le lieu de pr\u00e9l\u00e8vement et le bureau d'\u00e9tudes Acer Campestre, situ\u00e9 sur la commune\nde LYON pour identification\u00a0;\n\u2022 conservation dans des piluliers ou des bo\u00eetes sp\u00e9cifiques \u00e9tiquet\u00e9s et destruction d\u00e8s la fin de\nl'identification.\n1 Miaud C., 2014 - Protocole d'hygi\u00e8ne pour le contr\u00f4le des maladies des amphibiens dans la nature \u00e0 destination des op\u00e9ra -\nteurs de terrain. Agence de l'eau Rh\u00f4ne-M\u00e9diterran\u00e9e Corse, Universit\u00e9 de Savoie et \u00c9cole pratique des Hautes \u00c9tudes (eds), 7\np.\nAdresse postale : 69453 LYON CEDEX 06\nStandard : 04 26 28 60 00 - www.auvergne-rhone-alpes.developpement-durable.gouv.fr page 6/9\n84_DREAL_Direction r\u00e9gionale de l'environnement, de l'am\u00e9nagement et du logement d'Auvergne-Rh\u00f4ne-Alpes -\n69-2026-02-27-00013 - Arr\u00eat\u00e9 interpr\u00e9fectoral n\u00b0DREAL-AURA-EHN-2026-18 portant d\u00e9rogation aux dispositions de l'article L.411-1 du\ncode de l'environnement pour\u00a0capture suivie d'un rel\u00e2cher imm\u00e9diat sur place d'esp\u00e8ces animales prot\u00e9g\u00e9es (amphibiens, insectes,\nmammif\u00e8res et reptiles)\net pr\u00e9l\u00e8vement, transport, utilisation et destruction de mat\u00e9riel biologique d'esp\u00e8ces animales prot\u00e9g\u00e9es (insectes, reptiles)\nBureau d'\u00e9tudes Aces Campestre\n72\nARTICLE 3\u00a0: Personnes habilit\u00e9es\u00a0\nLes  personnes  habilit\u00e9es  pour  r\u00e9aliser  les  op\u00e9rations  sont  au  sein  du  bureau  d'\u00e9tudes  Acer\nCampestre\u00a0: \n\u2022 Aur\u00e9lien BOURDIN, chef de projet, titulaire d'une licence professionnelle Analyse et technique\nd'inventaire de la biodiversit\u00e9\u00a0;\n\u2022 T\u00e9o BOUSQUET, charg\u00e9 d'\u00e9tudes faune, titulaire d'un master Biologie, \u00e9cologie, \u00e9volution\u00a0;\n\u2022 Pierrick  C ANTARINI,  charg\u00e9  d'\u00e9tudes  faune,  titulaire  d'un  master  Biodiversit\u00e9  et\nd\u00e9veloppement durable\u00a0;\n\u2022 Marine  CHOMBART,  charg\u00e9e  d'\u00e9tudes  assistance  \u00e0  ma\u00eetrise  d'ouvrage  en  phase  chantier,\ntitulaire d'un dipl\u00f4me d'ing\u00e9nieur en environnement\u00a0;\n\u2022 Beno\u00eet FEUVRIER, chef de projet faune, titulaire d'un master Environnement et d\u00e9veloppement\ndurable\u00a0;\n\u2022 Kevin GUILLE, charg\u00e9 d'\u00e9tudes faune, titulaire d'un master \u00c9cosyst\u00e8mes, contaminants, sant\u00e9\u00a0;\n\u2022 Martin LEGAYE, chef de projet flore, habitats naturels et zones humides, titulaire d'un master\nFonctionnement des \u00e9cosyst\u00e8mes et anthropisation\u00a0;\n\u2022 Jeanne LEGEAY, charg\u00e9e d'\u00e9tudes faune, titulaire d'un master Biologie, \u00e9cologie, \u00e9volution\u00a0;\n\u2022 Philippe L E G OFF, charg\u00e9 d'\u00e9tudes flore, habitats naturels et zones humides, titulaire d'un\nmaster Biodiversit\u00e9 et d\u00e9veloppement durable\u00a0;\n\u2022 G\u00e9r\u00f4me MALPEL , technicien g\u00e9nie \u00e9cologique, titulaire d'un brevet d'\u00e9tudes professionnel\nagricole\u00a0;\n\u2022 David  MEYER,  chef  de  projet  environnement,  am\u00e9nagement  et  agriculture,  titulaire  d'un\ndipl\u00f4me d'ing\u00e9nieur agronome\u00a0; \n\u2022 Mathilde MOREL , c harg\u00e9e d'\u00e9tudes flore, habitats naturels et zones humides, titulaire d'un\nmaster Gestion de l'environnement\u00a0;\n\u2022 Simon N OBILLIAUX,  chef de projet flore, habitats naturels et zones humides , titulaire d'un\nmaster Gestion de la biodiversit\u00e9 et des \u00e9cosyst\u00e8mes continentaux et c\u00f4tiers\u00a0;\n\u2022 Pascal R OCHAS,  charg\u00e9 d'\u00e9tudes faune , titulaire d'un brevet de technicien sup\u00e9rieur (BTS)\nGestion et protection de la nature\u00a0;\n\u2022 Laurent ROUSCHMEYER, charg\u00e9 d'\u00e9tudes faune, titulaire d'un brevet de technicien sup\u00e9rieur\n(BTS) Gestion et protection de la nature\u00a0;\n\u2022 Benjamin THINON, chef de projet assistance \u00e0 ma\u00eetrise d'ouvrage en phase chantier,  titulaire\nd'un master Eco ing\u00e9nierie des Zones Humides\u00a0;\nLes personnes habilit\u00e9es sont porteuses de la pr\u00e9sente autorisation lors des op\u00e9rations vis\u00e9es, et sont\ntenues de la pr\u00e9senter \u00e0 toute demande des agents commissionn\u00e9s au titre de l'environnement.\nPour  tenir  compte  des  mouvements  de  personnel,  le  bureau  d'\u00e9tudes  Acer  Campestre  doit\ncommuniquer  annuellement  \u00e0  la  DREAL  Auvergne-Rh\u00f4ne-Alpes  (service  Eau,  Hydro\u00e9lectricit\u00e9  et\nNature  /  p\u00f4le  Pr\u00e9servation  des  milieux  et  des  esp\u00e8ces  -  pme.ehn.dreal-ara@developpement-\ndurable.gouv.fr), la liste des personnels charg\u00e9s de la mise en \u0153uvre de la pr\u00e9sente autorisation.\nAdresse postale : 69453 LYON CEDEX 06\nStandard : 04 26 28 60 00 - www.auvergne-rhone-alpes.developpement-durable.gouv.fr page 7/9\n84_DREAL_Direction r\u00e9gionale de l'environnement, de l'am\u00e9nagement et du logement d'Auvergne-Rh\u00f4ne-Alpes -\n69-2026-02-27-00013 - Arr\u00eat\u00e9 interpr\u00e9fectoral n\u00b0DREAL-AURA-EHN-2026-18 portant d\u00e9rogation aux dispositions de l'article L.411-1 du\ncode de l'environnement pour\u00a0capture suivie d'un rel\u00e2cher imm\u00e9diat sur place d'esp\u00e8ces animales prot\u00e9g\u00e9es (amphibiens, insectes,\nmammif\u00e8res et reptiles)\net pr\u00e9l\u00e8vement, transport, utilisation et destruction de mat\u00e9riel biologique d'esp\u00e8ces animales prot\u00e9g\u00e9es (insectes, reptiles)\nBureau d'\u00e9tudes Aces Campestre\n73\nARTICLE 4\u00a0: Dur\u00e9e de validit\u00e9 de l'autorisation\nCette autorisation est valable jusqu'au 31 d\u00e9cembre 2030, sous r\u00e9serve stricte de la transmission des\nrapports annuels mentionn\u00e9s \u00e0 l'article 5 ci-apr\u00e8s. La non transmission desdits rapports dans les d\u00e9lais\nindiqu\u00e9s  rend  caduque  la  pr\u00e9sente  d\u00e9rogation.  Toute  demande  de  prolongation  de  la  pr\u00e9sente\nd\u00e9rogation doit \u00eatre d\u00e9pos\u00e9e avant le 30 mars 2030.\nARTICLE 5\u00a0: Mise \u00e0 disposition des donn\u00e9es\nLe b\u00e9n\u00e9ficiaire met ses donn\u00e9es d'observation d'esp\u00e8ces \u00e0 disposition de la DREAL Auvergne-Rh\u00f4ne-\nAlpes  dans  les  conditions  d\u00e9finies  par  le  syst\u00e8me  d'information  sur  la  nature  et  les  paysages,\nnotamment en ce qui concerne les r\u00e8gles de d\u00e9p\u00f4t, de format de donn\u00e9es et de fichiers applicables\naux  m\u00e9tadonn\u00e9es  et  donn\u00e9es  \u00e9l\u00e9mentaire  d'\u00e9change  relatives  aux  occurrences  d'observation\nd'esp\u00e8ces.\nLe b\u00e9n\u00e9ficiaire adresse \u00e0 la DREAL Auvergne-Rh\u00f4ne-Alpes (service Eau, Hydro\u00e9lectricit\u00e9 et Nature /\np\u00f4le Pr\u00e9servation des milieux et des esp\u00e8ces  -  pme.ehn.dreal-ara@developpement-durable.gouv.fr),\nchaque ann\u00e9e avant le 31 mars , un rapport sur la mise en \u0153uvre de la d\u00e9rogation au cours de l'ann\u00e9e\npr\u00e9c\u00e9dente. \nCe rapport comprend\u00a0:\n\u2022 le nombre d'op\u00e9rations conduites sous couvert de la d\u00e9rogation ;\n\u2022 les dates et les lieux par commune des op\u00e9rations ;\n\u2022 les esp\u00e8ces ou groupes d'esp\u00e8ces dont la pr\u00e9sence a \u00e9t\u00e9 identifi\u00e9e ;\n\u2022 le  nombre  de  sp\u00e9cimens  captur\u00e9s  de  chaque  esp\u00e8ce,  le  sexe  lorsque  ce  dernier  est\nd\u00e9terminable et les lieux de capture-rel\u00e2cher\u00a0;\n\u2022 une photographie des faces ventrales et dorsales des individus de Tritons cr\u00eat\u00e9s pour les\nop\u00e9rations r\u00e9alis\u00e9es dans le d\u00e9partement de l'Ain, sur le pays de Gex, en pr\u00e9cisant le nom de\nla commune et du lieu-dit\u00a0;\n\u2022 le nombre d'animaux morts au cours des op\u00e9rations ;\n\u2022 le nombre d'animaux non vis\u00e9s dans la d\u00e9rogation et n\u00e9anmoins pris dans les mat\u00e9riels de\ncapture au cours des op\u00e9rations\u00a0;\n\u2022 le nombre de mues et exuvies identifi\u00e9es\u00a0;\n\u2022 le cas \u00e9ch\u00e9ant,  l'\u00e9volution de la liste  des personnels  charg\u00e9s de la mise en \u0153uvre de la\npr\u00e9sente autorisation (article 3), et la justification de leurs comp\u00e9tences.\nARTICLE 6\u00a0: Contr\u00f4les\nLa mise en \u0153uvre des prescriptions du pr\u00e9sent arr\u00eat\u00e9 peut faire l'objet de contr\u00f4les par les agents\nhabilit\u00e9s.\nARTICLE 7\u00a0: Sanctions\nLe  non-respect  des  prescriptions  du  pr\u00e9sent  arr\u00eat\u00e9  est  passible  des  sanctions  pr\u00e9vues  pour  les\ninfractions  p\u00e9nales  d\u00e9finies  et  r\u00e9prim\u00e9es  par  les  articles  L.415-3  et  R.415-1  du  code  de\nl'environnement.\nAdresse postale : 69453 LYON CEDEX 06\nStandard : 04 26 28 60 00 - www.auvergne-rhone-alpes.developpement-durable.gouv.fr page 8/9\n84_DREAL_Direction r\u00e9gionale de l'environnement, de l'am\u00e9nagement et du logement d'Auvergne-Rh\u00f4ne-Alpes -\n69-2026-02-27-00013 - Arr\u00eat\u00e9 interpr\u00e9fectoral n\u00b0DREAL-AURA-EHN-2026-18 portant d\u00e9rogation aux dispositions de l'article L.411-1 du\ncode de l'environnement pour\u00a0capture suivie d'un rel\u00e2cher imm\u00e9diat sur place d'esp\u00e8ces animales prot\u00e9g\u00e9es (amphibiens, insectes,\nmammif\u00e8res et reptiles)\net pr\u00e9l\u00e8vement, transport, utilisation et destruction de mat\u00e9riel biologique d'esp\u00e8ces animales prot\u00e9g\u00e9es (insectes, reptiles)\nBureau d'\u00e9tudes Aces Campestre\n74\nARTICLE 8\u00a0: Autres l\u00e9gislations et r\u00e9glementations\nLa pr\u00e9sente d\u00e9cision ne dispense pas de l'obtention d'autres accords ou autorisations par ailleurs\nn\u00e9cessaires pour la r\u00e9alisation de l'op\u00e9ration susmentionn\u00e9e et du respect des autres dispositions\nl\u00e9gislatives et r\u00e9glementaires susceptibles d'\u00eatre applicables sur les espaces prot\u00e9g\u00e9s du territoire\nd'\u00e9tude.\nARTICLE 9\u00a0: Voies et d\u00e9lais de recours \nLa pr\u00e9sente d\u00e9cision peut faire l'objet d'un recours dans les deux mois qui suivent sa  publication ou\nsa notification\u00a0:\n\u2022 par la voie d'un recours administratif. L'absence de r\u00e9ponse dans le d\u00e9lai de deux mois fait\nna\u00eetre une d\u00e9cision implicite de rejet, qui peut elle-m\u00eame faire l'objet d'un recours devant le\ntribunal administratif comp\u00e9tent,\n\u2022 par la voie d'un recours contentieux devant le tribunal administratif comp\u00e9tent,\n\u2022 par l'application T\u00e9l\u00e9recours citoyens accessible via le site internet www.telerecours.fr.\nARTICLE 10\u00a0: Ex\u00e9cution \nM. le directeur r\u00e9gional de l'environnement, de l'am\u00e9nagement et du logement Auvergne-Rh\u00f4ne-Alpes,\nMme et MM. les chefs des services d\u00e9partementaux de l'Office fran\u00e7ais de la biodiversit\u00e9 de l'Ain, de\nl'Allier, de l'Ard\u00e8che, du Cantal, de la Dr\u00f4me, de l'Is\u00e8re, de la Haute-Loire, du Puy-de-D\u00f4me, du Rh\u00f4ne\net de la Savoie,\nsont charg\u00e9s, chacun en ce qui le concerne, de l'ex\u00e9cution du pr\u00e9sent arr\u00eat\u00e9 qui sera notifi\u00e9 au\nb\u00e9n\u00e9ficiaire et  publi\u00e9 au  recueil  des actes  administratifs des  pr\u00e9fectur es  de l'A in,  de l'Allier,  de\nl'Ard\u00e8che, du Cantal, de la Dr\u00f4me, de l'Is\u00e8re, de la Haute-Loire, du Puy-de-D\u00f4me, du Rh\u00f4ne et de la\nSavoie.\nPour les Pr\u00e9fets et par d\u00e9l\u00e9gation,\nLa cheffe de p\u00f4le pr\u00e9servation des milieux et des\nesp\u00e8ces,\nSign\u00e9\nCarine Pagliari-Thibert\nAdresse postale : 69453 LYON CEDEX 06\nStandard : 04 26 28 60 00 - www.auvergne-rhone-alpes.developpement-durable.gouv.fr page 9/9\n84_DREAL_Direction r\u00e9gionale de l'environnement, de l'am\u00e9nagement et du logement d'Auvergne-Rh\u00f4ne-Alpes -\n69-2026-02-27-00013 - Arr\u00eat\u00e9 interpr\u00e9fectoral n\u00b0DREAL-AURA-EHN-2026-18 portant d\u00e9rogation aux dispositions de l'article L.411-1 du\ncode de l'environnement pour\u00a0capture suivie d'un rel\u00e2cher imm\u00e9diat sur place d'esp\u00e8ces animales prot\u00e9g\u00e9es (amphibiens, insectes,\nmammif\u00e8res et reptiles)\net pr\u00e9l\u00e8vement, transport, utilisation et destruction de mat\u00e9riel biologique d'esp\u00e8ces animales prot\u00e9g\u00e9es (insectes, reptiles)\nBureau d'\u00e9tudes Aces Campestre\n75","date":"2026-03-10","first_seen_on":"2026-03-10T15:37:12+00:00","id":"738ec76b8dfedffd978d2821c2236f55719bfc6501b77ea08b0545c00c1d71af","name":"RAA_69-2026-071-100326","pdf_creation_date":"2026-03-10T15:08:42+00:00","pdf_modification_date":"2026-03-10T15:09:10+00:00","timezone":"Europe/Paris","url":"https://www.rhone.gouv.fr/contenu/telechargement/67666/455553/file/RAA_69-2026-071-100326.pdf"}
