{"administration":"pref30","administration_name":"Pr\u00e9fecture du Gard","content":"PR\u00c9FET\nDU GARD\nRECUEIL DES ACTES\nADMINISTRATIFS SP\u00c9CIAL\nN\u00b030-2024-203\nPUBLI\u00c9 LE 12 D\u00c9CEMBRE 2024\nSommaire\nPrefecture du Gard /\n30-2024-12-12-00003 - Arr\u00eat\u00e9 de repr\u00e9sentation devant les juridictions\nadministratives (2 pages) Page 3\n30-2024-12-11-00002 - Arr\u00eat\u00e9 relatif \u00e0 la composition de la commission\nrelative \u00e0 la dotation d'\u00e9quipement des territoires ruraux (DETR) (2\npages) Page 6\n2\nPrefecture du Gard\n30-2024-12-12-00003\nArr\u00eat\u00e9 de repr\u00e9sentation devant les juridictions\nadministratives\nPrefecture du Gard - 30-2024-12-12-00003 - Arr\u00eat\u00e9 de repr\u00e9sentation devant les juridictions administratives 3\nEnPREFETDU GARDLibert\u00e9\u00c9galit\u00e9Fraternit\u00e9\nDirection de la citoyennet\u00e9, de la l\u00e9galit\u00e9 et de la coordination\nService de la coordination des politiques publiques \net de l'appui territorial \nArr\u00eat\u00e9\nportant autorisation de repr\u00e9sentation \ndevant les juridictions administratives\nLe pr\u00e9fet du Gard\nChevalier de la L\u00e9gion d'honneur,\nChevalier de l'ordre national du M\u00e9rite \nVu le code de justice administrative, et notamment ses articles R431-7 et R431-10 ;\nVu le  d\u00e9cret  n\u00b02004-374  du  29  avril  2004  modifi\u00e9  relatif  aux  pouvoirs  des  pr\u00e9fets,  \u00e0 \nl'organisation et \u00e0 l'action des services de l'\u00c9tat dans les r\u00e9gions et d\u00e9partements ;\nVu le d\u00e9cret du n\u00b0 2009-1484 du 03 d\u00e9cembre 2009 relatif aux directions d\u00e9partementales  \ninterminist\u00e9rielles ;\nVu le d\u00e9cret n\u00b02015-510 du 7 mai 2015 portant charte de la d\u00e9concentration ;\nVu le d\u00e9cret du 13 juillet 2023 nommant M. J\u00e9r\u00f4me BONET, pr\u00e9fet du Gard ; \nVu le d\u00e9cret du 24 avril 2024 nommant M. Yann GERARD, secr\u00e9taire g\u00e9n\u00e9ral de la pr\u00e9fecture  \ndu Gard, sous-pr\u00e9fet de N\u00eemes ;\nVu l'arr\u00eat\u00e9 du 18 octobre 2019 de la ministre de la transition \u00e9cologique et solidaire et de la  \nministre  de  la  coh\u00e9sion  des  territoires  et  des  relations  avec  les  collectivit\u00e9s  territoriales \nd\u00e9signant,  M.  Patrick  BERG,  administrateur  g\u00e9n\u00e9ral,  est  nomm\u00e9  directeur  r\u00e9gional  de \nl'environnement, de l'am\u00e9nagement et du logement (groupe I) de la r\u00e9gion Occitanie, pour  \nune dur\u00e9e de cinq ans, \u00e0 compter du 1er d\u00e9cembre 2019 ;\nVu l'arr\u00eat\u00e9 du 12 novembre 2024 de la ministre du partenariat avec les territoires et de la  \nd\u00e9centralisation, de la ministre de la transition \u00e9cologique, de l'\u00e9nergie, du climat et de la  \npr\u00e9vention des risques et de la ministre du logement et de la r\u00e9novation urbaine, renouvelant  \nM. Patrick BERG, administrateur de l'Etat du grade transitoire, dans les fonctions de directeur  \nr\u00e9gional  de  l'environnement,  de  l'am\u00e9nagement  et  du  logement  (groupe  I)  de  la  r\u00e9gion \nOccitanie, \u00e0 compter du 1er d\u00e9cembre 2024, pour une dur\u00e9e d'un an. \nVu l'arr\u00eat\u00e9 pr\u00e9fectoral n\u00b030-2024-04-15-0003 en date du 15 avril 2024 donnant d\u00e9l\u00e9gation de  \nsignature \u00e0 M. Patrick BERG, directeur r\u00e9gional de l'environnement, de l'am\u00e9nagement et du  \nlogement de la r\u00e9gion Occitanie ;\nVu l'arr\u00eat\u00e9 de la DREAL Occitanie n\u00b0 30-2024-04-19-00005 en date du 19 avril 2024  portant \nsubd\u00e9l\u00e9gation de signature du directeur r\u00e9gional de l'environnement, de l'am\u00e9nagement et  \ndu logement aux agents de la DREAL Occitanie pour le d\u00e9partement du Gard ;\nVu l'arr\u00eat\u00e9 pr\u00e9fectoral n\u00b0 30-2021-12-14-00002 du 14 d\u00e9cembre 2021 portant autorisation de  \nrepr\u00e9sentation devant les juridictions administratives ;\nVu l'arr\u00eat\u00e9 n\u00b0 30-2024-10-18-00006 du 18 octobre 2024 donnant d\u00e9l\u00e9gation de signature \u00e0 M. \nYann GERARD, secr\u00e9taire g\u00e9n\u00e9ral de la pr\u00e9fecture du Gard, sous-pr\u00e9fet de N\u00eemes ;\nSur proposition du secr\u00e9taire g\u00e9n\u00e9ral de la pr\u00e9fecture du Gard ;\nPrefecture du Gard - 30-2024-12-12-00003 - Arr\u00eat\u00e9 de repr\u00e9sentation devant les juridictions administratives 4\nARRETE :\nArticle 1er \u2013 Les personnes ci-apr\u00e8s d\u00e9sign\u00e9es :\n\u27a2 M. Pierre CASTEL, Chef de l'unit\u00e9 inter-d\u00e9partementale du Gard et de la Loz\u00e8re,\n\u27a2 M. Thibault LAURENT, adjoint au chef de l'unit\u00e9 inter-d\u00e9partementale du Gard et de la \nLoz\u00e8re,\nsont autoris\u00e9es \u00e0 repr\u00e9senter le pr\u00e9fet du Gard aux audiences des juridictions administratives  \npour  toutes  les  affaires  relevant  de  la  comp\u00e9tence  de  la  pr\u00e9fecture,  en  mati\u00e8re  de \ncontentieux relatifs \u00e0 l'environnement et aux installations class\u00e9es pour la protection de  \nl'environnement dans lesquelles le pr\u00e9fet est partie en qualit\u00e9 de repr\u00e9sentant de l'\u00c9tat.\n\u00c0  cet  effet,  elles  sont  autoris\u00e9es  \u00e0  \u00e9mettre  toutes  les  observations  n\u00e9cessaires  lors  des \naudiences devant ces juridictions.\nArticle 2  \u2013  Toutes dispositions ant\u00e9rieures relatives \u00e0 une autorisation de repr\u00e9sentation  \ndevant les juridictions administratives sont abrog\u00e9es.\nArticle 3 \u2013 Le secr\u00e9taire g\u00e9n\u00e9ral de la pr\u00e9fecture est charg\u00e9 de l'ex\u00e9cution du pr\u00e9sent arr\u00eat\u00e9,  \nqui sera publi\u00e9 au recueil des actes administratifs de la pr\u00e9fecture.\nN\u00eemes, le 12 d\u00e9cembre 2024\n Pour le pr\u00e9fet,\nle secr\u00e9taire g\u00e9n\u00e9ral\nsign\u00e9\nYann GERARD\nPrefecture du Gard - 30-2024-12-12-00003 - Arr\u00eat\u00e9 de repr\u00e9sentation devant les juridictions administratives 5\nPrefecture du Gard\n30-2024-12-11-00002\nArr\u00eat\u00e9 relatif \u00e0 la composition de la commission\nrelative \u00e0 la dotation d'\u00e9quipement des\nterritoires ruraux (DETR)\nPrefecture du Gard - 30-2024-12-11-00002 - Arr\u00eat\u00e9 relatif \u00e0 la composition de la commission relative \u00e0 la dotation d'\u00e9quipement des\nterritoires ruraux (DETR) 6\nEnPREFETDU GARDL,z'berte'Egalit\u00e9Fraternit\u00e9\nDirection de la citoyennet\u00e9, de la l\u00e9galit\u00e9 et de la coordination \nService de la coordination des politiques publiques\net de l'appui territorial\n \nArr\u00eat\u00e9 relatif \u00e0 la composition de la commission relative \n\u00c0 la dotation d'\u00e9quipement des territoires ruraux (DETR)\nLe pr\u00e9fet du Gard\nChevalier de la L\u00e9gion d'Honneur,\nChevalier de l'ordre national du M\u00e9rite \nVU le code g\u00e9n\u00e9ral des collectivit\u00e9s territoriales et notamment les articles L 2334-32 \n\u00e0 L 2334-39 et R 2334-19 \u00e0 R 2334-35;\nVU le d\u00e9cret n\u00b02011-514 du 10 mai 2011 relatif aux dotations de l'Etat aux collectivit\u00e9s  \nterritoriales et \u00e0 la p\u00e9r\u00e9quation des ressources fiscales des d\u00e9partements ;\nVU  le d\u00e9cret n\u00b0 2004-374 du 29 avril 2004 modifi\u00e9, relatif aux pouvoirs des pr\u00e9fets, \u00e0  \nl'organisation et \u00e0 l'action des services de l'Etat dans les r\u00e9gions et d\u00e9partements ;\nVU l'arr\u00eat\u00e9 n\u00b02014281-0004 du 8 octobre 2014 portant composition de la commission  \nrelative \u00e0 la dotation d'\u00e9quipement des territoires, modifi\u00e9 par les arr\u00eat\u00e9s des 3 avril  \n2015, 14 septembre 2015 , 28 novembre 2017 , 5 mai 2021 et 16 novembre 2022;\nVU  le  journal  officiel  du  07  d\u00e9cembre  2024  portant  nomination  des  nouveaux \nd\u00e9put\u00e9s  pour  sieger  \u00e0  la  commission  relative  \u00e0  la  dotation  d'\u00e9quipement  des \nterritoires ruraux;\n Consid\u00e9rant le renouvellement des d\u00e9put\u00e9s ;\nSur proposition du secr\u00e9taire g\u00e9n\u00e9ral de la pr\u00e9fecture;\nA R R E T E\nARTICLE 1 :\nLa  commission  comp\u00e9tente  en  mati\u00e8re  de  dotation  d'\u00e9quipement  des  territoires \nruraux dans le Gard est compos\u00e9e des \u00e9lus suivants :\n5  parlementaires :\nMadame  Pascale Bordes, d\u00e9put\u00e9e de la 3 \u00e8me circonscription\nMonsieur Alexandre Allegret-Pilot, d\u00e9put\u00e9 de la  5 \u00e8me circonscription\nMadame Vivette Lopez, s\u00e9natrice\nMonsieur Denis Bouad, s\u00e9nateur\nMonsieur Laurent Burgoa, s\u00e9nateur\n 6 repr\u00e9sentants des communes     :  \nPrefecture du Gard - 30-2024-12-11-00002 - Arr\u00eat\u00e9 relatif \u00e0 la composition de la commission relative \u00e0 la dotation d'\u00e9quipement des\nterritoires ruraux (DETR) 7\nPour le Pr\u00e9fet,Le Sous-Pr\u00e9fet ,Secr\u00e9taire G\u00e9n\u00e9ral de la Pr\u00e9fecture/\u2014_\\\\ </:Q Yann GERARD\n- 2 -\nMadame Muriel Roy-Cros, maire de Laval-Saint-Roman, \nMonsieur Serge Bord, maire de Saint-Julien-les-Rosiers,\nMonsieur Sylvain Andr\u00e9, maire de Cendras,\nMonsieur Claude Cerpedes, maire de Saint-Martin-de-Valgalgues,\nMonsieur Eric Torreilles, maire de L\u00e9zan,\nMonsieur Jean-Pierre Zucconi, maire de Bragassargues.\n7 repr\u00e9sentants des Etablissements Publics de Coop\u00e9ration Intercommunale \u00e0  \nfiscalit\u00e9 propre ( EPCI) :\nMonsieur  R\u00e9gis  Bayle,  pr\u00e9sident  de  la  communaut\u00e9  de  communes\ndu Pays Viganais,\nMonsieur  Fabrice  Verdier,  pr\u00e9sident  de  la  communaut\u00e9  de  communes \nPays d'Uz\u00e8s,\nMonsieur  Philippe  Gras,  pr\u00e9sident  de  la  communaut\u00e9  de  communes \nRh\u00f4ny-Vistre-Vidourle,\nMonsieur Fabien Cruvellier, pr\u00e9sident de la communaut\u00e9 de communes  \nPi\u00e9mont C\u00e9venol,\nMonsieur Juan Martinez, pr\u00e9sident de la communaut\u00e9 de communes de  \nBeaucaire Terre d'Argence,\nMonsieur Olivier MARTIN, pr\u00e9sident de la communaut\u00e9 de communes de  \nC\u00e8ze C\u00e9vennes,\nMonsieur Gilles Berthezene, pr\u00e9sident de la communaut\u00e9 de communes  \nde Causses Aigoual C\u00e9vennes-terres solidaires.\nARTICLE 2 :\nL'arr\u00eat\u00e9  n\u00b02014281-0004  du  8  octobre  2014  portant  composition  de  la \ncommission relative \u00e0 la dotation d'\u00e9quipement des territoires et les arr\u00eat\u00e9s des 3  \navril 2015, 14 septembre 2015, 28 novembre 2017, 5 mai 2021 et du 16 novembre 2022 \nqui le modifient sont annul\u00e9s.\nARTICLE 3 :\nLe secr\u00e9taire g\u00e9n\u00e9ral de la pr\u00e9fecture du Gard est charg\u00e9 de l'ex\u00e9cution du  \npr\u00e9sent arr\u00eat\u00e9, qui sera publi\u00e9 au recueil des actes administratifs de la pr\u00e9fecture.\n \nN\u00eemes, le 11/ 12/2024\nPr\u00e9fecture du Gard\n10 avenue Feuch\u00e8res \u2013 30 045 N\u00ceMES CEDEX 9\nT\u00e9l. 04 66 36 43 90\nwww.gard.gouv.fr\nPrefecture du Gard - 30-2024-12-11-00002 - Arr\u00eat\u00e9 relatif \u00e0 la composition de la commission relative \u00e0 la dotation d'\u00e9quipement des\nterritoires ruraux (DETR) 8","date":"2024-12-12","first_seen_on":"2025-01-08T15:30:54+00:00","id":"73d4a1acaeb29c7232704231cf7693d66c3f54cb343654a2f9cded2751fa23d2","name":"recueil-30-2024-203-special du 12 12 2024","pdf_creation_date":"2024-12-12T15:51:07+00:00","pdf_modification_date":null,"timezone":"CET","url":"https://www.gard.gouv.fr/contenu/telechargement/61484/456211/file/recueil-30-2024-203-special%20du%2012%2012%202024.pdf"}
