{"administration":"pref83","administration_name":"Pr\u00e9fecture du Var","content":"VAR\nRECUEIL DES ACTES\nADMINISTRATIFS SP\u00c9CIAL\n(NOMINATIFS)\nN\u00b083-2025-113\nPUBLI\u00c9 LE  1 AVRIL 2025\nSommaire\nDirection d\u00e9partementale de l'emploi, du travail et des solidarit\u00e9s du Var\n/ Direction de la DDETS\n83-2025-03-17-00011 - Arrete modif CDG 17 03 2025 (22 pages) Page 3\nPr\u00e9fecture du VAR / Direction de la citoyennet\u00e9 et de la l\u00e9galit\u00e9\n83-2025-03-31-00004 - ARR\u00caT\u00c9 PR\u00c9FECTORAL n\u00b0 DCL/BERG/2025/65\ndu 31 mars 2025 portant agr\u00e9ment du centre de formation\n\u00ab\u00a0FORMAVAR\u00a0\u00bb, sis \u00e0 La Valette-du-Var (83160), habilit\u00e9 \u00e0\ndispenser la formation initiale et continue des conducteurs de voiture de\ntransport avec chauffeur (2 pages) Page 26\nPr\u00e9fecture du VAR / Direction de la coordination des politiques publiques\net de l'appui territorial\n83-2025-03-31-00003 - Arr\u00eat\u00e9 pr\u00e9fectoral du 31 mars 2025 portant\nmodification de la composition nominative du conseil d\u00e9partemental de\nl'environnement et des risques sanitaires et technologiques (4 pages) Page 29\n2\nDirection d\u00e9partementale de l'emploi, du travail\net des solidarit\u00e9s du Var\n83-2025-03-17-00011\nArrete modif CDG 17 03 2025\nDirection d\u00e9partementale de l'emploi, du travail et des solidarit\u00e9s du Var - 83-2025-03-17-00011 - Arrete modif CDG 17 03 2025 3\nEsPREFETDU VARLibert\u00e9Egalit\u00e9Fraternit\u00e9\nDirection - CMD\nARR\u00caT\u00c9 PR\u00c9FECTORAL modificatif en date du 17 mars 2025\nmodifiant l'arr\u00eat\u00e9 du 30 juin 2006  portant transfert du secr\u00e9tariat du Conseil M\u00e9dical \nD\u00e9partemental en formation pl\u00e9ni\u00e8re des agents de la fonction publique territoriale au \ncentre de gestion de la fonction publique territoriale du d\u00e9partement du Var modifi\u00e9\nLe Pr\u00e9fet du Var,\nOfficier de la L\u00e9gion d'Honneur,\nVU le code g\u00e9n\u00e9ral de la fonction publique ;\nVU le d\u00e9cret n\u00b087-602 du 30 juillet 1987 pris pour l'application de la loi n\u00b0 84-53 du 26 janvier  \n1984 portant dispositions statutaires relatives \u00e0 la fonction publique territoriale et relatif \u00e0  \nl'organisation des conseils m\u00e9dicaux, aux conditions d'aptitude physique et au r\u00e9gime des  \ncong\u00e9s de maladie des fonctionnaires territoriaux ;\nVU le d\u00e9cret n\u00b0 2022-350 du 11 mars 2022 relatif aux conseils m\u00e9dicaux dans la fonction  \npublique territoriale ;\nVU l'arr\u00eat\u00e9 du 4 ao\u00fbt 2004 relatif aux commissions de r\u00e9forme des agents de la fonction  \npublique territoriale et de la fonction publique hospitali\u00e8re ;\nVU la lettre en date du 29 mars 2006 par lequel le pr\u00e9sident du centre de gestion de la  \nfonction publique territoriale du Var a sollicit\u00e9 le transfert de la commission de r\u00e9forme des  \nagents de la fonction publique territoriale ;\nVU  l'arr\u00eat\u00e9  pr\u00e9fectoral  en  date  du  30  juin  2006  portant  transfert  du  secr\u00e9tariat  de  la \ncommission de r\u00e9forme d\u00e9partementale des agents de la fonction publique territoriale au  \ncentre de gestion de la fonction publique territoriale du d\u00e9partement du Var modifi\u00e9 ;\nVU l'arr\u00eat\u00e9 pr\u00e9fectoral en date du 27 juin 2022  fixant la liste des m\u00e9decins g\u00e9n\u00e9ralistes et  \nsp\u00e9cialistes agr\u00e9\u00e9s pour le d\u00e9partement du Var ;\nVU l'arr\u00eat\u00e9 pr\u00e9fectoral en date du 28 juin 2022 fixant la composition du conseil m\u00e9dical  \nd\u00e9partemental du Var ;\nVU l'arr\u00eat\u00e9 pr\u00e9fectoral en date du 02 ao\u00fbt 2022 modifiant la liste des m\u00e9decins g\u00e9n\u00e9ralistes et \nsp\u00e9cialistes agr\u00e9\u00e9s pour le d\u00e9partement du Var ; \nVU l'arr\u00eat\u00e9 pr\u00e9fectoral  en date du 04 ao\u00fbt 2022 modifiant l'arr\u00eat\u00e9 du 30 juin 2006 portant  \ntransfert du secr\u00e9tariat du conseil m\u00e9dical d\u00e9partemental en formation pl\u00e9ni\u00e8re des agents  \nde la fonction publique territoriale au centre de gestion de la fonction publique territoriale du \nd\u00e9partement du Var modifi\u00e9 ; \n7777                                                                                                                     \nDirection D\u00e9partementale \nde l'emploi, du Travail et \ndes Solidarit\u00e9s\nDirection d\u00e9partementale de l'emploi, du travail et des solidarit\u00e9s du Var - 83-2025-03-17-00011 - Arrete modif CDG 17 03 2025 4\nVU l'arr\u00eat\u00e9 pr\u00e9fectoral modificatif en date du 28 mai 2024 modifiant l'arr\u00eat\u00e9 du 30 juin 2006  \nportant transfert du secr\u00e9tariat du conseil m\u00e9dical d\u00e9partemental en formation pl\u00e9ni\u00e8re des  \nagents  de  la  fonction  publique  territoriale  au  centre  de  gestion  de  la  fonction  publique \nterritoriale du d\u00e9partement du Var modifi\u00e9 ; \nVU la lettre en date du  25 janvier 2025  du pr\u00e9sident du centre de gestion de la fonction  \npublique territoriale du Var pour le renouvellement des membres du conseil m\u00e9dical en  \nformation pl\u00e9ni\u00e8re reprenant l'ensemble de sa composition;\nSUR proposition de la directrice d\u00e9partementale de l'emploi, du travail et des solidarit\u00e9s du  \nVar ;\nARR\u00caTE :\nARTICLE 1  er   :   Le pr\u00e9sident du conseil m\u00e9dical d\u00e9partemental du Var des agents relevant de la \nfonction publique territoriale par d\u00e9l\u00e9gation du pr\u00e9fet est :\n-  Monsieur le Docteur Richard BOVET\nARTICLE 2 : Les praticiens de m\u00e9decine g\u00e9n\u00e9rale et sp\u00e9cialistes agr\u00e9\u00e9s si\u00e9geant au sein du \nconseil m\u00e9dical d\u00e9partemental du Var sont :\nTitulaires Suppl\u00e9ants\nMme le Dr H\u00e9l\u00e8ne BERLIOUX SANS  M. le Dr G\u00e9rard BASTIANI\nM. le Dr Richard BOVET  M. le Dr Bruno BLANCHARD\nM. le Dr Jean-Baptiste CHURET  M. le Dr Marc DECUGIS\n Mme le Dr Genevi\u00e8ve GENET\n M. le Dr Andr\u00e9 GROUSSET\n M. le Dr R\u00e9gis LAURE\n Mme le Dr Anne-Marie MINASSIAN\n M. le Dr G\u00e9rard ROZENBAUM\n M. le Dr Jean SALVATI\n M.le Dr Philippe BERNARD\n M. le Dr Pierre CRISTOFARI\n M. le Dr Pierre DEPALLENS\n M. le Dr Herv\u00e9 DE PERETTI\n M. le Dr Yves GARRY\n M. le Dr Alain LEMAREC\n M. le Dr Jean-Paul REBOUAH\nDirection d\u00e9partementale de l'emploi, du travail et des solidarit\u00e9s du Var - 83-2025-03-17-00011 - Arrete modif CDG 17 03 2025 5\nARTICLE 3 : Les repr\u00e9sentants de l'administration des collectivit\u00e9s affili\u00e9es au centre de \ngestion du Var  sont pour les agents suivants :\nCat\u00e9gories A-B-C\nTITULAIRES SUPPLEANTS\nMme Blandine MONIER, Maire d'EVENOS\nM. Bernard CHILINI, Maire de FIGANIERES\nM. Christian SIMON, Maire de LA CRAU\nM. Robert BENEVENTI, Maire d'OLLIOULES\nM. Ren\u00e9 UGO, Maire de SEILLANS\nM.  Paul  BOUDOUBE,  Maire  de  PUGET-SUR- \nARGENS\nARTICLE 4   :   Les repr\u00e9sentants de l'administration des communes, CCAS et \u00e9tablissements \nnon affili\u00e9s au centre de gestion du Var sont pour les agents suivants  :\nDRACENIE PROVENCE VERDON AGGLOMERATION\nCat\u00e9gorie A\nTITULAIRES SUPPLEANTS\nM. Richard STRAMBIO \nM. Daniel MARIA\nM. Claude ALEMAGNA\nM. Raymond GRAS\nM. G\u00e9rald PIERRUGUES\nM. Hugues MARTIN\nCat\u00e9gorie B\nTITULAIRES SUPPLEANTS\nM. Richard STRAMBIO \nM. Daniel MARIA\nM. Claude ALEMAGNA\nMme Val\u00e9rie MARCY\nM. Raymond GRAS\nM. G\u00e9rald PIERRUGUES\nM. Hugues MARTIN\nMme Karine ALSTERS\nCat\u00e9gorie C\nTITULAIRES SUPPLEANTS\nM. Richard STRAMBIO \nM. Daniel MARIA\nM. Claude ALEMAGNA\nMme Val\u00e9rie MARCY\nM. Serge BALDECCHI\nM. Raymond GRAS\nM. G\u00e9rald PIERRUGUES\nM. Hugues MARTIN\nMme Karine ALSTERS\nM. Christophe CARRIERE\n7777                                                                                                                     \nDirection d\u00e9partementale de l'emploi, du travail et des solidarit\u00e9s du Var - 83-2025-03-17-00011 - Arrete modif CDG 17 03 2025 6\nMAIRIE DE DRAGUIGNAN + CCAS DE DRAGUIGNAN\nCat\u00e9gorie A  \nTITULAIRES SUPPLEANTS\nM. Richard STRAMBIO\nMme Brigitte DUBOUIS\nMme Christine NICOLETTI\n \nMme Christine PREMOSELLI\nM. Alain VIGIER\nMme Sylviane NERVI-SITA\nCat\u00e9gorie B\nTITULAIRES SUPPLEANTS\nM. Richard STRAMBIO\nMme Brigitte DUBOUIS\nMme Christine NICOLETTI\n Mme Martine ZERBONE\nMme Christine PREMOSELLI\nM. Alain VIGIER\nMme Sylviane NERVI-SITA\nMme Fran\u00e7oise MAURICE\nCat\u00e9gorie C\nTITULAIRES SUPPLEANTS\nM. Richard STRAMBIO\nMme Brigitte DUBOUIS\nMme Christine NICOLETTI\nMme Martine ZERBONE\nM. Jean-Pierre SOUZA\nMme Christine PREMOSELLI\nM. Alain VIGIER\nMme Sylviane NERVI-SITA\nMme Fran\u00e7oise MAURICE\nM. Richard DEVILETTE\nENTENTE INTERDEPARTEMENTALE POUR LA DEMOUSTICATION DU LITTORAL \nMEDITERRANEEN\nCat\u00e9gories A-B-C\nTITULAIRES SUPPLEANTS\nM. Martial ALVAREZ\n \nMme Martine AMSELLEM\nM. Robert CRAUSTE\nM. Christophe MORGO\nMme B\u00e9reng\u00e8re NOGUIER\nM. Cyril MEUNIER\nMAIRIE DE LA VALETTE + CCAS DE LA VALETTE\nCat\u00e9gories A-B-C\nTITULAIRES SUPPLEANTS\nM. Yves JOLY\nMme Claude ARNAUD-GALLI\nM. Jean-Marc LUCIANI\nMme Roselyne MOULARD\nM. Henri-Jean ANTOINE\nM. Michel FAURE\nDirection d\u00e9partementale de l'emploi, du travail et des solidarit\u00e9s du Var - 83-2025-03-17-00011 - Arrete modif CDG 17 03 2025 7\nMAIRIE DE LA GARDE\nCat\u00e9gories A-B-C\nTITULAIRES SUPPLEANTS\nM. Jean Claude MARASTONI\n \nMme Flora MARTINO\nMme H\u00e9l\u00e8ne ARNAUD-BILL\nM. Jean-Eric LODEVIC\nMme Brigitte MORILLION\nM. Andr\u00e9 BAULON\nCCAS DE LA GARDE\nCat\u00e9gories A-B-C\nTITULAIRES SUPPLEANTS\nMme Marie-H\u00e9l\u00e8ne CHARLES\n \nMme Flora MARTINO\nM. Florian JONET\nMme C\u00e9line MURENA\nMAIRIE DE HYERES LES PALMIERS\nCat\u00e9gorie A\nTITULAIRES SUPPLEANTS\nMme Sophie MANA\n \nM. Francis ROUX\nMme Val\u00e9rie BATTESTI\nMme Lucette RITONDALE\nCat\u00e9gorie B\nTITULAIRES SUPPLEANTS\nMme Sophie MANA\nMme Lucette RITONDALE\nM. Francis ROUX\nM. R\u00e9my THIEBAUD\nCat\u00e9gorie C\nTITULAIRES SUPPLEANTS\nMme Sophie MANA\nMme Lucette RITONDALE\nM. S\u00e9bastien FRATELLA GUIOL\nM. Francis ROUX\n7777                                                                                                                     \nDirection d\u00e9partementale de l'emploi, du travail et des solidarit\u00e9s du Var - 83-2025-03-17-00011 - Arrete modif CDG 17 03 2025 8\nCCAS DE HYERES LES PALMIERS\nCat\u00e9gories A-B-C\nTITULAIRES SUPPLEANTS\nMme Claude DECUGIS\n \nMme Jeaninne COLLOMBAT\nM. Thomas PHILIP\nMme Monique BRILLAUX- PLASSARD\nMAIRIE DE   LA SEYNE SUR MER  \nCat\u00e9gories A-B-C\nTITULAIRES SUPPLEANTS\nMme Christine CUNIBERTI\nMme V\u00e9ronique LEPORTOIS\nMme Virginie SANCHEZ\nMme Sandra TORRES\nM. Dominique LEXA\nMme Val\u00e9rie GUITTIENNE\nCCAS DE LA SEYNE SUR MER\nCat\u00e9gories A-B-C\nTITULAIRES SUPPLEANTS\nMme V\u00e9ronique LEPORTOIS\n \n \nMme Marie-Claude PAGANELLI-ARGIOLAS\nMme Val\u00e9rie GUITTIENNE\nMme Kristelle VINCENT\n \nM. Damien GUTTIEREZ\nMme Sophie MONTBARBON\nMAIRIE DE SIX FOURS LES PLAGES+ CCAS DE SIX FOURS LES PLAGES\n+ CAISSE DES ECOLES DE SIX FOURS   LES PLAGES  \nCat\u00e9gories A-B-C\nTITULAIRES SUPPLEANTS\nM. Jean-S\u00e9bastien VIALATTE\nMme Delphine QUIN\nMme Agn\u00e8s ROSTAGNO\nM. Andr\u00e9 MERCHEYER\nM. Joseph MULE\nM. Patrick PEREZ \nMme St\u00e9phanie GUILLAUME\nMme Sandra KUNTZ\nDirection d\u00e9partementale de l'emploi, du travail et des solidarit\u00e9s du Var - 83-2025-03-17-00011 - Arrete modif CDG 17 03 2025 9\nMAIRIE DE SAINT RAPHAEL + CCAS DE SAINT RAPHAEL\nCat\u00e9gorie A\nTITULAIRES SUPPLEANTS\nMme Josiane CHIODI\nM. Maxime GRILLET\nM. Max BOYER\nMme Hafida RAMI\nM. Guillaume DECARD\nMme Fran\u00e7oise DUMONT\nCat\u00e9gorie B\nTITULAIRES SUPPLEANTS\nMme Josiane CHIODI\nMme Dani\u00e8le LOMBARD\nM. Max BOYER\nMme Hafida RAMI\nM. Guillaume DECARD\nMme Fran\u00e7oise DUMONT\nCat\u00e9gorie C\nTITULAIRES SUPPLEANTS\nMme Josiane CHIODI\nM. Bernard SABY\nMme Patricia HAUTEUR\nMme Ginette CIFRE\nM. Max BOYER\nM. Fr\u00e9d\u00e9ric HEUDIARD\nMAIRIE DE SAINTE MAXIME + CCAS DE SAINTE MAXIME\nCat\u00e9gories A-B-C\nTITULAIRES SUPPLEANTS\nMme Julienne GAUTIER \nM. Patrick VASSAL \nM. Thierry GOBINO \n Mme Danielle PROVOST\nMAIRIE DE FREJUS + CCAS DE FREJUS\nCat\u00e9gories A-B-C\nTITULAIRES SUPPLEANTS\nMme Carine LEROY\n \nMme Nassima BARKALLAH\nM. Michel BOURDIN\nM. Patrick PERONA \n7777                                                                                                                     \nDirection d\u00e9partementale de l'emploi, du travail et des solidarit\u00e9s du Var - 83-2025-03-17-00011 - Arrete modif CDG 17 03 2025 10\nMAIRIE DE TOULON\nCat\u00e9gories A-B-C\nTITULAIRES SUPPLEANTS\nMme Jos\u00e9e MASSI\n \nMme Marcelle GHERARDI\nMme Virginie PIN\nM. Albert TANGUY\nCCAS DE TOULON\nCat\u00e9gories A-B-C\nTITULAIRES SUPPLEANTS\nMme Dominique ANDREOTTI\nM.Benjamin BIGUER\nM. Clair AZIMBAR\nMme Val\u00e9rie MONDONE\nMme Jeanine BONNET MAGOT\nMme Eva CAILLAT-METGE\nCONSEIL DEPARTEMENTAL DU VAR\nCat\u00e9gories A-B-C\nTITULAIRES SUPPLEANTS\nMme Chantal LASSOUTANIE\nMme Val\u00e9rie RIALLAND\nM. Joseph MULE\nMme Jos\u00e9e MASSI\nCONSEIL REGIONAL SUD PROVENCE ALPES COTE D'AZUR\nCat\u00e9gories A-B-C\nTITULAIRES SUPPLEANTS\nM. Jean-Pierre COLIN\nM. Herv\u00e9 STASSINOS\nMme Josy CHAMBON\nM. Mohammed MAHALI\nM. Philippe DELAUNAY\nMme Edwige MARINO\nDirection d\u00e9partementale de l'emploi, du travail et des solidarit\u00e9s du Var - 83-2025-03-17-00011 - Arrete modif CDG 17 03 2025 11\nDIRECTION DEPARTEMENTALE DES SERVICES D'INCENDIE ET DE SECOURS DU VAR\nPAT et SPP Cat\u00e9gories A -B-C\nTITULAIRES SUPPLEANTS\nM. Ludovic PONTONE\n \nM. Andr\u00e9 GARRON\nM. Thomas DOMBRY\nM. Emilien LEONI\nM. Jean-Michel DRAGONE\nMme Chantal LASSOUTANIE\nCat\u00e9gorie SPV\nTITULAIRES SUPPLEANTS\nM. Andr\u00e9 GARRON\nM. Ludovic PONTONE \nM. Thomas DOMBRY\nM. Emilien LEONI\nM. Christophe CHIOCCA\nMme Christine ARENAS\n \nARTICLE 5     :   Les repr\u00e9sentants du personnel des collectivit\u00e9s affili\u00e9es au Centre de Gestion du \nVar (CDG) sont pour les agents suivants :\nCat\u00e9gorie A\nTITULAIRES SUPPLEANTS\nM. Laurent BRAZILLIER - Mairie de LA LONDE  \nLES MAURES\nMme Alexandra GRECH \u2013 Mairie de LE REVEST  \nLES EAUX\nM. Eric TREMEREL - Mairie de LES ADRETS DE  \nL'ESTEREL\nM.  Yves  HEDON  -  Mairie  de  LA  LONDE  LES \nMAURES\nM.  R\u00e9mi  MOREAU  \u2013  Mairie  de  LE  LUC  EN \nPROVENCE\nCat\u00e9gorie B\nTITULAIRES SUPPLEANTS\nM.  Gr\u00e9gory  PETYT  -  M\u00e9tropole  TOULON  \nPROVENCE MEDITERRANNEE\nM. Christophe NIVIERE \u2013 Mairie de LE LUC EN  \nPROVENCE\nM. Alex MAZIERS - Mairie de MONTAUROUX\nM.  Christophe  CHANTELARD  -  Mairie  de  LE \nBEAUSSET\nMme Sophie MIRRA \u2013 Mairie d'OLLIERES\nM. Martial MARTINEZ \u2013 Mairie de PUGET SUR  \nARGENS\n7777                                                                                                                     \nDirection d\u00e9partementale de l'emploi, du travail et des solidarit\u00e9s du Var - 83-2025-03-17-00011 - Arrete modif CDG 17 03 2025 12\nCat\u00e9gorie C\nTITULAIRES SUPPLEANTS\nMme Patricia RODRIGUEZ - Mairie de LA LONDE  \nLES MAURES\nM. Miguel SANCHEZ \u2013 Mairie de CUERS\nMme  Sophie  CAMPANA  -  M\u00e9tropole  TOULON \nPROVENCE MEDITERRANNEE\nMme St\u00e9phanie GAUTIER - Mairie de COGOLIN\nMme  Jocelyne  PARISOT  \u2013  CIAS  VALLEE  DU \nGAPEAU \nM. Eddy NAIRI - M\u00e9tropole TOULON PROVENCE  \nMEDITERRANNEE\nARTICLE 6 :  Les repr\u00e9sentants du personnel des communes, CCAS et \u00e9tablissements non  \naffili\u00e9s au centre de gestion du Var sont pour les agents suivants :\nDRACENIE PROVENCE VERDON AGGLOMERATION\nCat\u00e9gorie A\nTITULAIRES SUPPLEANTS\nMme Isabelle BOULOT\nM. Nicolas DEMULE\nMme Rapha\u00eblle PALMIERI\nM. Cyril LAFONT\nCat\u00e9gorie B\nTITULAIRES SUPPLEANTS\nMme St\u00e9phanie MENAGER\nM. Christophe MONGE\nMme Sophie GRASSO\nM. Julien ICARD\nMme Magali RASSI\nMme Nathalie MARTINAGE\nCat\u00e9gorie C\nTITULAIRES SUPPLEANTS\nMme C\u00e9cile PEAUDECERF\nM. Christophe PINI\nM. R\u00e9mi CALZIA\nMme Claudia BARBIERI\nMme Chrystel ROUX\nDirection d\u00e9partementale de l'emploi, du travail et des solidarit\u00e9s du Var - 83-2025-03-17-00011 - Arrete modif CDG 17 03 2025 13\nMAIRIE DE DRAGUIGNAN + CCAS DE DRAGUIGNAN\nCat\u00e9gorie A\nTITULAIRES SUPPLEANTS\nM. Patrice DUHAN\nMme St\u00e9phanie RUSSOLILLO\n-\nCat\u00e9gorie B\nTITULAIRES SUPPLEANTS\nM. Yannick MAHAUD\nM. David GAILLET\nMme Sandrine GARROPE\nMme Natacha GRANDMOUGIN\nMme Alexandra SAUBESTRE\nCat\u00e9gorie C\nTITULAIRES SUPPLEANTS\nM. Eric DAPRA\nM. Thierry MORETTI\nM. David GALLESIO\nM. J\u00e9r\u00f4me VERDIS\nM. Ludovic AGNELLO\nENTENTE INTERDEPARTEMENTALE POUR LA DEMOUSTICATION DU LITTORAL \nMEDITERRANEEN\nCat\u00e9gorie A\nTITULAIRES SUPPLEANTS\nM. Jean-Michel PENUELAS\n \nMme Dominique GINDRE\nM. Nicolas NOUVIAIRE\nM. Hugues HORTEFEUX\nMme Magalie CHATEAU\nM. Gr\u00e9gory L'AMBERT\nCat\u00e9gorie B\nTITULAIRES SUPPLEANTS\nMme Adeline LARGHI\n \nM. Laurent WOOCK\nM. J\u00e9r\u00f4me VIDAL\nMme Nathalie GOUGIS\nM. Jean-Baptiste FERRE \nMme Virginie CHAUSI \n7777                                                                                                                     \nDirection d\u00e9partementale de l'emploi, du travail et des solidarit\u00e9s du Var - 83-2025-03-17-00011 - Arrete modif CDG 17 03 2025 14\nCat\u00e9gorie C\nTITULAIRES SUPPLEANTS\nM. Jos\u00e9 TRINDADE\n \nMme C\u00e9cile EMIN\nM. Beno\u00eet PIZZOLATO\nM. Yannick FIRMIN\nMme Virginie GIRARD\nM. Serge SARIVIERE\nMAIRIE DE FREJUS + CCAS DE FREJUS\nCat\u00e9gorie A\nTITULAIRES SUPPLEANTS\nM. Fr\u00e9d\u00e9ric BALDOUREAUX \nM. Laurent LE TOUZO\n \n-\nCat\u00e9gorie B\nTITULAIRES SUPPLEANTS\nMme Florence SOLIVERES \nM. Benoit DUVEAU\nM. Alban CARANTA\nMme Nathalie TAILLEUR\nCat\u00e9gorie C\nTITULAIRES SUPPLEANTS\nMme Alba GAUTHIER\nMr Azeddine EL BEHRAOUI\nMme Sophie BERDA\nM. Patrick ROSIAK\nMAIRIE DE HYERES LES PALMIERS\nCat\u00e9gorie A\nTITULAIRES SUPPLEANTS\nM. Pierre AVRIAL\nMme Karine RAMANAMIHANTATSOARANA\nM. Nicolas ISTACE\nMme Floriane MONTENAY\nMme Christine PECOT\nM. Fr\u00e9d\u00e9ric MARI\nDirection d\u00e9partementale de l'emploi, du travail et des solidarit\u00e9s du Var - 83-2025-03-17-00011 - Arrete modif CDG 17 03 2025 15\nCat\u00e9gorie B\nTITULAIRES SUPPLEANTS\nMme Nathalie TAMISIER CROISARD\nM. Richard CABIOCH\nM. Dominique BOURGERY\nMme Latifa MBAYA\nMme Sandra GODFROY\nCat\u00e9gorie C\nTITULAIRES SUPPLEANTS\nM. Alain LATORRE\nM. Quentin SCANNAPIECO\nM. Pierre DEVALOIS\nMme Delphine GALVAGNO\nM. Alban SAILLY\nCCAS DE HYERES LES PALMIERS\nCat\u00e9gorie A\nTITULAIRES SUPPLEANTS\nMme Carole MEDINA\nMme Magali BEAUFILS\nMme Sophie MATEO\nCat\u00e9gorie B\nTITULAIRES SUPPLEANTS\nMme Marie-Laure FRADIER\nMme Christine TRITZ\n  Mme Flora SAIR\nCat\u00e9gorie C\nTITULAIRES SUPPLEANTS\nM. Anthony PILON\nMme Christine KISS\nMme Elodie VACCHINO VERAN\nMme Sophie ARRIGHI\nMme C\u00e9line FERLONI\nMme Isabelle GUITTON\nMAIRIE DE LA GARDE + CCAS DE LA GARDE\nCat\u00e9gorie A\nTITULAIRES SUPPLEANTS\nMme Laur\u00e8ne GONCALVES DE ARAUJO\nMme Myriam ROUX\nM. Fr\u00e9d\u00e9ric FERRER\nMme Brigitte TONELLI\n7777                                                                                                                     \nDirection d\u00e9partementale de l'emploi, du travail et des solidarit\u00e9s du Var - 83-2025-03-17-00011 - Arrete modif CDG 17 03 2025 16\nCat\u00e9gorie B\nTITULAIRES SUPPLEANTS\nMme Le\u00efla GODARD \nMme La\u00ebtitia PITTAVINO\nMme Carole FOOS\nM. Erik MONTANARO\nMme Sabine VALANTIN\nCat\u00e9gorie C\nTITULAIRES SUPPLEANTS\nM. St\u00e9phane GUIBERGIA\nM. Bruno CHAMPION\nMme Pascale NOUVEL DE LA FLECHE\nMme Cathy SUEUR\nM. G\u00e9rald PINGUET\nMme Val\u00e9rie SIREROL\nMAIRIE DE   LA SEYNE SUR MER + CCAS DE LA SEYNE SUR MER  \n+ CAISSE DES ECOLES DE LA SEYNE SUR MER\nCat\u00e9gorie A\nTITULAIRES SUPPLEANTS\nM. Marc ODER\nMme Patricia MAFFIOLO\nMme S\u00e9verine PIERRE\nM. Fabrice FIOL\nMme H\u00e9l\u00e8ne GOIRAN / JOUSSE\nM. Gilles GAUTIER\nCat\u00e9gorie B\nTITULAIRES SUPPLEANTS\nMme C\u00e9line CAMPELLO\nM. Emmanuel MEROLA\nMme Isabelle FRONSACQ\nMme Akila DEROUSSI\nMme Lydie ROELS\nM. David HARANT\nCat\u00e9gorie C\nTITULAIRES SUPPLEANTS\nMme Magali BONIFACCINO\nMme Christine LA\u00cf\nM. Laurent LOISEAU\nM. Romuald CAFFI\nMme Nathalie LE PAREUX\nM. Sofiane TAGOURTI\nDirection d\u00e9partementale de l'emploi, du travail et des solidarit\u00e9s du Var - 83-2025-03-17-00011 - Arrete modif CDG 17 03 2025 17\nMAIRIE DE LA VALETTE DU VAR + CCAS DE LA VALETTE DU VAR\nCat\u00e9gorie A\nTITULAIRES SUPPLEANTS\nM. Michel MITROVIC\nMme Nathalie GIRERD\nMme Fathia ABBOU\nMme Laetitia PIERRE\nMme Fanny BOCQUET\nMme Sophie CECCALDI\nCat\u00e9gorie B\nTITULAIRES SUPPLEANTS\nMme Fabienne HERBANE \nMme Nathalie POUILLOT\nMme Mariana HUNZINGER\nMme Sylvie CISSE\nMme Marie-H\u00e9l\u00e8ne ROUGIERS\nMme Julia ASSANY\nCat\u00e9gorie C\nTITULAIRES SUPPLEANTS\nMme Natacha HERRERA\nMme St\u00e9phanie RALLO\nMme Sophia CHGAR\nM. St\u00e9phane DI MEO\nM. Jean-Baptiste ASCENSIO\nM. Gilles DUBOS\nMAIRIE DE   SAINTE-MAXIME + CCAS DE SAINTE-MAXIME  \nCat\u00e9gorie A\nTITULAIRES SUPPLEANTS\nMme Sandrine DESPREAUX\nM. R\u00e9gis CHARBONNEAU\nMme B\u00e9atrice MULLER-BOYER\nMme Nad\u00e8ge MIGLIERINA\nCat\u00e9gorie B\nTITULAIRES SUPPLEANTS\nM. Thierry MAURO\nMme Rachel JESTIN\nM. Michel MAGAGLIO\nCat\u00e9gorie C\nTITULAIRES SUPPLEANTS\nM. Gr\u00e9gory FLESIA\nM. Damien JIMENEZ\nM. S\u00e9bastien PELLEGRIN\nM. Sylvain BIDAULT\n7777                                                                                                                     \nDirection d\u00e9partementale de l'emploi, du travail et des solidarit\u00e9s du Var - 83-2025-03-17-00011 - Arrete modif CDG 17 03 2025 18\nMAIRIE DE SAINT RAPHAEL + CCAS DE SAINT RAPHAEL\nCat\u00e9gorie A\nTITULAIRES SUPPLEANTS\nM. Nicolas PERSET\nM. Alexandre GUILLE\nMme Elodie BERTORA\nCat\u00e9gorie B\nTITULAIRES SUPPLEANTS\nMme Sandrine GAIERO\nM. Roger MERLINO\nM. Julien DA CRUZ\nMme Charlotte PEDRABISSI\nMme Lisa PAPPADA\nMme Sylvie BOYER\nCat\u00e9gorie C\nTITULAIRES SUPPLEANTS\nM. David MUNIER\nM. Paul GOUYON\nM. Damien ROUDILLAUD\nMme Nicole LE NORMAND\nM. Nicolas ALFANO\nMme Dominique ARHAB\nMAIRIE DE SIX FOURS LES PLAGES+ CCAS DE SIX FOURS LES PLAGES\n+ CAISSE DES ECOLES DE SIX FOURS   LES PLAGES  \nCat\u00e9gorie A\nTITULAIRES SUPPLEANTS\nMme Anne AUSSENAC\nMme Vanina ROMAN\nM. Christophe GHIGONETTO\nCat\u00e9gorie B\nTITULAIRES SUPPLEANTS\nMme Magali PALAZZOLO\nM. Jean-Patrick PALAZZOLO\nM. Yves SAHUC\nMme Marie-Christine COUTEREAU\nMme Agn\u00e8s BASSO\nDirection d\u00e9partementale de l'emploi, du travail et des solidarit\u00e9s du Var - 83-2025-03-17-00011 - Arrete modif CDG 17 03 2025 19\nCat\u00e9gorie C\nTITULAIRES SUPPLEANTS\nM. Pierre-Jean POITEVIN\nM. St\u00e9phane PIZOT-GALLON\nM. Fabrice ROSANO\nMme Linda MACALUSO\nMme Gis\u00e8le BOETTI\nMme St\u00e9phanie MARTINEZ\nMAIRIE DE TOULON + CCAS DE TOULON\nCat\u00e9gorie A\nTITULAIRES SUPPLEANTS\nM. Alain DAUGROIS\nMme H\u00e9l\u00e8ne HEIDET\nM. Georges SPRIET\nMme Olivia COMBALASSE\nMme Marine MAZIERE\nCat\u00e9gorie B\nTITULAIRES SUPPLEANTS\nM. Eric DUPONT\nMme Cassandre RIGAUD\nM. Jean-Luc NICOLAI\nMme Marie-Isabelle MUTIN\nM. Adrien FAUGERAS\nCat\u00e9gorie C\nTITULAIRES SUPPLEANTS\nM. S\u00e9bastien LAURENT\nM. Emmanuel LOURDIN\nMme Sophie CARRERE\nMme Myl\u00e8ne MARION\nMme H\u00e9l\u00e8ne FALCONE\nMme F\u00e9rouze CHAFAI\nCONSEIL DEPARTEMENTAL DU VAR\nCat\u00e9gorie A\nTITULAIRES SUPPLEANTS\nMme Marie CUVELIER\nM. Freddy KOLIKO\nM. Alban PEREIRA \nMme Sophie WIERZBICKI \nMme Fatiha BENHAYA \nM. Franck BOREA\n7777                                                                                                                     \nDirection d\u00e9partementale de l'emploi, du travail et des solidarit\u00e9s du Var - 83-2025-03-17-00011 - Arrete modif CDG 17 03 2025 20\nCat\u00e9gorie B\nTITULAIRES SUPPLEANTS\nMme Colette SOGGIN GENTILE \nM. Jean-Fran\u00e7ois CHAMPAGNE\nMme Pascale GUAGENTI \nMme Christine RE \nMme Jocelyne GOMEZ\nM. Florent GUIRADO\nCat\u00e9gorie C\nTITULAIRES SUPPLEANTS\nM. Philippe SINOPOLI\nM. Didier RAUSCH\nM. Moussa MEKHAREF \nMme LEROY Carole\nMme Alexandra CLIMENT\nM. Lilian FOURRIQUES\nCONSEIL REGIONAL SUD PROVENCE ALPES COTE D'AZUR\nCat\u00e9gorie A\nTITULAIRES SUPPLEANTS\nM. Jean-Christophe MASSE\nMme Sandrine HENCKEL\nMme Patricia RUIZ\nM. C\u00e9drick REYNAUD\nMme Delphine TRIPIER\nM. Thierry AUFFRAY\nCat\u00e9gorie B\nTITULAIRES SUPPLEANTS\nM. Albert TEBOUL\nM. Christian DIGNANI\nMme Isabelle JOUBERT\nM. Jean VIPERAI\nM. Ga\u00ebtan HADOU\nM. Daniel FULCONIS\nCat\u00e9gorie C\nTITULAIRES SUPPLEANTS\nM. Nonce BIONDI\nM. Eric MORETTI\nMme Virginie CLOMAN\nM. Hocine LEZRAK\nMme Florence CAPELLO\nM. Wallid JEMIAI\nDirection d\u00e9partementale de l'emploi, du travail et des solidarit\u00e9s du Var - 83-2025-03-17-00011 - Arrete modif CDG 17 03 2025 21\nDIRECTION DEPARTEMENTALE DES SERVICES D'INCENDIE ET DE SECOURS DU VAR\nCat\u00e9gorie PAT A\nTITULAIRES SUPPLEANTS\nMme Magali BRION\nMme C\u00e9line SITRUK\nM. Lo\u00efc CLERGET\nMme Emilie JONES\nM. St\u00e9phane PLOUARD\nM. R\u00e9gis MALLARINO\nCat\u00e9gorie PAT B\nTITULAIRES SUPPLEANTS\nMme Sophie HEDREVILLE\nM. Bruno HYVERNAT\nM. Laurent MELO\nM. Olivier SALESSE\nM. Luc QUESSADA\nM. Cyril LORENZI\nCat\u00e9gorie PAT C\nTITULAIRES SUPPLEANTS\nMme Sylvie GAYTTE\nMme Carinne BERKANI\nM. Olivier CARLOTTI\nM. Alain PIQUENOT\nM. Jean-Paul LIMASSET\nMme Karine VALIN\nCat\u00e9gorie SPP A\nTITULAIRES SUPPLEANTS\nM. fr\u00e9d\u00e9ric IORI \nM. Pascal FOMBELLE\nM. Julien Pierre GOURGUES\nM. Anthony SEONNET\nM. Samuel JACQUET\nM. Fabrice BERNARD\nCat\u00e9gorie SPP B\nTITULAIRES SUPPLEANTS\nM. St\u00e9phane MENAGER\nM. Pascal ROBERT\nM. Michel BIGORGNE\nM. Fr\u00e9d\u00e9ric LEHR\nM. Patrick BARCAROLO\nM. L\u00e9onard BELLANGER\n7777                                                                                                                     \nDirection d\u00e9partementale de l'emploi, du travail et des solidarit\u00e9s du Var - 83-2025-03-17-00011 - Arrete modif CDG 17 03 2025 22\nCat\u00e9gorie SPP C\nTITULAIRES SUPPLEANTS\nM. Christophe JEUDI\nM. Philippe TICHOUX\nM. Micka\u00ebl QUERLIOZ\nM. Romain BLANQUET\nM. Romain POLARD\nM. Micha\u00ebl HERVAS\nCat\u00e9gorie SPV\nTITULAIRES SUPPLEANTS\nM. Herv\u00e9 PENAUD (capitaine)\nM. Jean-Pierre MELI (lieutenant)\nM. Jean BELLANTONI (lieutenant)\nM. Emilien PONS (adjudant-chef)\nM\u00e9decin-chef de la sous-direction sant\u00e9 du service d'incendie et de secours\nPRESIDENT DU CONSEIL MEDICAL POUR \nLES SAPEURS POMPIERS VOLONTAIRES\nSUPPLEANT PRESIDENT DU CONSEIL \nMEDICAL POUR LES SAPEURS POMPIERS \nVOLONTAIRES\nDr Laure DROIN Dr Pierre CERDA\nDirection d\u00e9partementale de l'emploi, du travail et des solidarit\u00e9s du Var - 83-2025-03-17-00011 - Arrete modif CDG 17 03 2025 23\nARTICLE 7 :  L'arr\u00eat\u00e9 pr\u00e9fectoral modificatif en date du 28 mai 2024 est modifi\u00e9 dans son  \nensemble.\nARTICLE 8 : Madame la directrice d\u00e9partementale de l'emploi, du travail et des solidarit\u00e9s du  \nVar, Monsieur le pr\u00e9sident du centre de gestion de la fonction publique territoriale du Var  \nsont charg\u00e9s, chacun en ce qui le concerne, de l'ex\u00e9cution du pr\u00e9sent arr\u00eat\u00e9 qui sera ins\u00e9r\u00e9 au \nrecueil des actes administratifs de la pr\u00e9fecture du Var et dont copie sera adress\u00e9e \u00e0 :\n- Monsieur le pr\u00e9sident du conseil m\u00e9dical d\u00e9partemental du Var,\nFait \u00e0 Toulon, \nSign\u00e9, le 17 mars 2025\nPar Le Pr\u00e9fet\nPhilippe MAHE\n7777                                                                                                                     \nDirection d\u00e9partementale de l'emploi, du travail et des solidarit\u00e9s du Var - 83-2025-03-17-00011 - Arrete modif CDG 17 03 2025 24\nDirection d\u00e9partementale de l'emploi, du travail et des solidarit\u00e9s du Var - 83-2025-03-17-00011 - Arrete modif CDG 17 03 2025 25\nPr\u00e9fecture du VAR\n83-2025-03-31-00004\nARR\u00caT\u00c9 PR\u00c9FECTORAL n\u00b0 DCL/BERG/2025/65 du\n31 mars 2025 portant agr\u00e9ment du centre de\nformation \u00ab\u00a0FORMAVAR\u00a0\u00bb, sis \u00e0 La\nValette-du-Var (83160), habilit\u00e9 \u00e0 dispenser la\nformation initiale et continue des conducteurs\nde voiture de transport avec chauffeur\nPr\u00e9fecture du VAR - 83-2025-03-31-00004 - ARR\u00caT\u00c9 PR\u00c9FECTORAL n\u00b0 DCL/BERG/2025/65 du 31 mars 2025 portant agr\u00e9ment du centre\nde formation \u00ab\u00a0FORMAVAR\u00a0\u00bb, sis \u00e0 La Valette-du-Var (83160), habilit\u00e9 \u00e0 dispenser la formation initiale et continue des conducteurs de\nvoiture de transport avec chauffeur\n26\n=mPREFETDU VARLibert\u00e9Egalit\u00e9Fraternit\u00e9\nDirection de la citoyennet\u00e9 et de la l\u00e9galit\u00e9\nBureau des \u00e9lections et de la r\u00e9glementation g\u00e9n\u00e9rale\nARR\u00caT\u00c9 PR\u00c9FECTORAL n\u00b0 DCL/BERG/2025/65 du 31 mars 2025\nportant agr\u00e9ment du centre de formation \u00ab FORMAVAR \u00bb, sis \u00e0 La Valette-du-Var (83160), habilit\u00e9 \n\u00e0 dispenser la formation initiale et continue des conducteurs de voiture de transport avec \nchauffeur\nLe Pr\u00e9fet du Var,\nVu le code des transports, et notamment ses articles R. 3120-8-2 et R. 3120-9 ;\nVu le d\u00e9cret du Pr\u00e9sident de la R\u00e9publique du 13 juillet 2023 portant nomination de Monsieur  \nPhilippe MAH\u00c9, pr\u00e9fet du Var ;\nVu l'arr\u00eat\u00e9 du 6 avril 2017 relatif aux programmes et \u00e0 l'\u00e9valuation des \u00e9preuves des examens  \nd'acc\u00e8s aux professions de conducteur de taxi et de conducteur de voiture de transport avec  \nchauffeur ;\nVu l'arr\u00eat\u00e9 du 11 ao\u00fbt 2017 relatif \u00e0 l'agr\u00e9ment des centres de formation habilit\u00e9s \u00e0 dispenser la  \nformation initiale et continue des conducteurs de taxi et des conducteurs de voiture de transport  \navec chauffeur ;\nVu  l'arr\u00eat\u00e9  du  11  ao\u00fbt  2017  relatif  \u00e0  la  formation  continue  des  conducteurs  de  taxi  et  des  \nconducteurs de voiture de transport avec chauffeur et \u00e0 la mobilit\u00e9 des conducteurs de taxi ;\nVu l'arr\u00eat\u00e9 pr\u00e9fectoral n\u00b0 2024/56/MCI du 10 d\u00e9cembre 2024 portant d\u00e9l\u00e9gation de signature \u00e0  \nMonsieur  Lucien  GIUDICELLI,  secr\u00e9taire  g\u00e9n\u00e9ral  de  la  pr\u00e9fecture  du  Var,  sous-pr\u00e9fet  de  \nl'arrondissement de Toulon ;\nVu l'arr\u00eat\u00e9 pr\u00e9fectoral n\u00b0 2024/48/MCI du 22 octobre 2024 portant d\u00e9l\u00e9gation de signature \u00e0  \nMonsieur Thibaut DARGON, directeur de la citoyennet\u00e9 et de la l\u00e9galit\u00e9 de la pr\u00e9fecture du Var ;\nVu  la  demande,  re\u00e7ue  le  27  janvier  2024,  compl\u00e9t\u00e9e  le  17  mars  2024,  par  laquelle  Madame \nV\u00e9ronique POLI \u00e9pouse GENSOLLEN, g\u00e9rante de la soci\u00e9t\u00e9 FORMAVAR, sollicite l'agr\u00e9ment du  \ncentre  de  formation  situ\u00e9  au  515  avenue  Pablo  Picasso  \u00e0  La  Valette-du-Var  (83160),  afin  de  \ndispenser  la  formation  initiale  et  continue  des  conducteurs  de  voiture  de  transport  avec  \nchauffeur ;\nConsid\u00e9rant que ledit centre de formation justifie des conditions pr\u00e9vues par la r\u00e9glementation  \nsusvis\u00e9e pour obtenir l'agr\u00e9ment sollicit\u00e9 ; \nSur proposition du secr\u00e9taire g\u00e9n\u00e9ral de la pr\u00e9fecture,\n1/2\nPr\u00e9fecture du VAR - 83-2025-03-31-00004 - ARR\u00caT\u00c9 PR\u00c9FECTORAL n\u00b0 DCL/BERG/2025/65 du 31 mars 2025 portant agr\u00e9ment du centre\nde formation \u00ab\u00a0FORMAVAR\u00a0\u00bb, sis \u00e0 La Valette-du-Var (83160), habilit\u00e9 \u00e0 dispenser la formation initiale et continue des conducteurs de\nvoiture de transport avec chauffeur\n27\nARR\u00caTE\nArticle 1  : Le centre de formation FORMAVAR, situ\u00e9 515 avenue Pablo Picasso \u00e0 La Valette-du-Var  \n(83160), repr\u00e9sent\u00e9 par Madame V\u00e9ronique POLI \u00e9pouse GENSOLLEN, est agr\u00e9\u00e9 afin de dispenser  \nla formation initiale et continue des conducteurs de voiture de transport avec chauffeur (VTC).\nLes formations se d\u00e9rouleront dans des locaux situ\u00e9s \u00e0 la m\u00eame adresse.\nArticle 2 : Cet agr\u00e9ment est accord\u00e9 pour une dur\u00e9e de cinq ans, et porte le num\u00e9ro 25-001.\nLa demande de renouvellement devra \u00eatre formul\u00e9e trois mois avant l'\u00e9ch\u00e9ance de cet agr\u00e9ment.\nArticle 3 : Le pr\u00e9sent arr\u00eat\u00e9 prendra effet \u00e0 compter de sa date de signature.\nArticle 4 : Le dirigeant de l'organisme de formation est tenu :\n1\u00b0  d'afficher  dans  les  locaux  de  mani\u00e8re  visible  le  num\u00e9ro  d'agr\u00e9ment  et  le  programme  des  \nformations ; \n2\u00b0 de faire figurer le num\u00e9ro d'agr\u00e9ment sur toute correspondance et tout document commercial ; \n3\u00b0 d'informer le public sur les prix dans les conditions pr\u00e9vues par l'article L. 112-1 du code de la  \nconsommation et de ses textes d'application.\nArticle 5  : Le  dirigeant de l'organisme de formation  adresse au pr\u00e9fet, un rapport annuel sur  \nl'activit\u00e9 de son organisme de formation en mentionnant :\n- le nombre de personnes ayant suivi les formations pr\u00e9paratoires et le taux de r\u00e9ussite \u00e0 l'examen  \nd'acc\u00e8s \u00e0 la profession de conducteur de voiture de transport avec chauffeur ;\n- le nombre et l'identit\u00e9 des conducteurs de VTC ayant suivi les stages de formation continue.\nArticle   6   :  En  cas  de  changements  apport\u00e9s  aux  pi\u00e8ces  pr\u00e9sent\u00e9es  pendant  l'exploitation  de \nl'agr\u00e9ment, le titulaire en informe le pr\u00e9fet.\nArticle   7   :  En  application  de  l'article  R.  3120-9  du  code  des  transports,  l'agr\u00e9ment  peut  \u00eatre \nsuspendu pour une dur\u00e9e maximale de six mois, ou retir\u00e9 par le pr\u00e9fet qui l'a d\u00e9livr\u00e9 lorsque l'une  \ndes conditions auxquelles sa d\u00e9livrance est subordonn\u00e9e cesse d'\u00eatre remplie. \nArticle 8  : Le secr\u00e9taire g\u00e9n\u00e9ral de la pr\u00e9fecture est charg\u00e9 de l'ex\u00e9cution du pr\u00e9sent arr\u00eat\u00e9 qui  \nsera publi\u00e9 au recueil des actes administratifs de la pr\u00e9fecture du Var.\nFait \u00e0 Toulon, le 31 mars 2025\nPour le pr\u00e9fet et par d\u00e9l\u00e9gation,\nle Directeur,\nSign\u00e9 : Thibaut DARGON\nDans un d\u00e9lai de deux mois \u00e0 compter de la date de notification du pr\u00e9sent arr\u00eat\u00e9, les recours suivants peuvent \u00eatre introduits conform\u00e9ment  \naux dispositions des articles R. 421-1 et suivants du code de justice administrative :\n- un recours gracieux, adress\u00e9 \u00e0 : M. le pr\u00e9fet du Var \u2013 Bd du 112\u00e8me r\u00e9giment d'infanterie- CS 31209 - 83070 TOULON CEDEX\nDans ce cas, le silence de l'administration vaut rejet implicite au terme d'un d\u00e9lai de deux mois.\nApr\u00e8s un recours gracieux ou hi\u00e9rarchique, le d\u00e9lai du recours contentieux ne court qu'\u00e0 compter du rejet explicite ou implicite de l'un des  \nrecours.\n- un recours contentieux, en saisissant le Tribunal Administratif de Toulon : 5 rue Racine -BP 40510 - 83 041 TOULON CEDEX 9\nLe  tribunal  administratif  peut  \u00eatre  saisi  par  l'application  informatique  \u00ab  T\u00e9l\u00e9recours  citoyens  \u00bb  accessible  par  le  site  internet  \n\u00ab www.telerecours.fr \u00bb.\n2/2\nPr\u00e9fecture du VAR - 83-2025-03-31-00004 - ARR\u00caT\u00c9 PR\u00c9FECTORAL n\u00b0 DCL/BERG/2025/65 du 31 mars 2025 portant agr\u00e9ment du centre\nde formation \u00ab\u00a0FORMAVAR\u00a0\u00bb, sis \u00e0 La Valette-du-Var (83160), habilit\u00e9 \u00e0 dispenser la formation initiale et continue des conducteurs de\nvoiture de transport avec chauffeur\n28\nPr\u00e9fecture du VAR\n83-2025-03-31-00003\nArr\u00eat\u00e9 pr\u00e9fectoral du 31 mars 2025 portant\nmodification de la composition nominative du\nconseil d\u00e9partemental de l'environnement et\ndes risques sanitaires et technologiques\nPr\u00e9fecture du VAR - 83-2025-03-31-00003 - Arr\u00eat\u00e9 pr\u00e9fectoral du 31 mars 2025 portant modification de la composition nominative du\nconseil d\u00e9partemental de l'environnement et des risques sanitaires et technologiques 29\nExPREFETDU VARLibert\u00e9Egalit\u00e9Fraternit\u00e9\nDirection de la coordination\ndes politiques publiques et\nde l'appui territorial\nBureau de l'environnement et du d\u00e9veloppement durable\nARR\u00caT\u00c9 PR\u00c9FECTORAL du 31 mars 2025                           \nportant modification de la composition nominative du conseil d\u00e9partemental\nde l'environnement et des risques sanitaires et technologiques\nLe pr\u00e9fet du Var,\nVu le code de la sant\u00e9 publique, notamment les articles L1416-1 et R1416-1 \u00e0 6 ;\nVu le code de l'environnement ;\nVu le code g\u00e9n\u00e9ral des collectivit\u00e9s territoriales ;\nVu le code des relations entre le public et l'administration, notamment les articles R133-1 \u00e0  \nR133-15 ;\nVu le d\u00e9cret n\u00b02011-833 du 12 juillet 2011 modifi\u00e9 fixant la liste des instances consultatives  \nayant vocation \u00e0 examiner les politiques d'environnement et de d\u00e9veloppement durable ;\nVu le d\u00e9cret du pr\u00e9sident de la R\u00e9publique du 13 juillet 2023 nommant M. Philippe MAHE  \npr\u00e9fet du Var ;\nVu le d\u00e9cret du pr\u00e9sident de la R\u00e9publique du 15 avril 2022 nommant M. Lucien GIUDICELLI,  \nsecr\u00e9taire g\u00e9n\u00e9ral de la pr\u00e9fecture du Var, sous-pr\u00e9fet de l'arrondissement de Toulon ;\nVu l'arr\u00eat\u00e9 pr\u00e9fectoral n\u00b02024/56/MCI du 10 d\u00e9cembre 2024 portant d\u00e9l\u00e9gation de signature  \n\u00e0  M. Lucien  GIUDICELLI,  secr\u00e9taire  g\u00e9n\u00e9ral  de  la  pr\u00e9fecture  du  Var,  sous-pr\u00e9fet  de  \nl'arrondissement de Toulon ;\nVu  l'arr\u00eat\u00e9  pr\u00e9fectoral  du  27  juillet  2006  instituant  et  fixant  la  composition  du  conseil \nd\u00e9partemental de l'environnement et des risques sanitaires et technologiques du Var ;\nVu  l'arr\u00eat\u00e9  pr\u00e9fectoral  du  7  janvier  2025  portant  renouvellement  de  la  composition  \nnominative  du  conseil  d\u00e9partemental  de  l'environnement  et  des  risques  sanitaires  et \ntechnologiques du Var ;\nVu le courriel du 31 mars 2024 par lequel la Chambre d'agriculture du Var informe le pr\u00e9fet  \ndu Var de la d\u00e9signation de Monsieur Michel LOVERA pour si\u00e9ger en qualit\u00e9 de titulaire au  \nsein du coll\u00e8ge \u00ab  associations, professionnels et experts  \u00bb du CODERST, en remplacement de  \nMonsieur JULLIEN ; \nSur proposition du secr\u00e9taire g\u00e9n\u00e9ral de la pr\u00e9fecture du Var,\n1\nPr\u00e9fecture du Var - Boulevard du 112\u00e8me R.I. - CS 31 209 \u2013 83 070 TOULON CEDEX -\nStandard t\u00e9l\u00e9phonique : 04 94 18 83 83 \u2013 Horaires d'ouverture et modalit\u00e9s d'accueil sur le portail Internet : \nwww.var.gouv.fr\nPr\u00e9fecture du VAR - 83-2025-03-31-00003 - Arr\u00eat\u00e9 pr\u00e9fectoral du 31 mars 2025 portant modification de la composition nominative du\nconseil d\u00e9partemental de l'environnement et des risques sanitaires et technologiques 30\nA R R \u00ca T E\nArticle 1  er   :  \nSous la pr\u00e9sidence du pr\u00e9fet du Var ou de son repr\u00e9sentant, le conseil d\u00e9partemental de  \nl'environnement et des risques sanitaires et technologiques est compos\u00e9 comme suit :\n\u00ab 1. Coll\u00e8ge des repr\u00e9sentants de l'\u00c9tat\n\u2212  le directeur des territoires et de la mer ou son repr\u00e9sentant ;\n\u2212 le  directeur  r\u00e9gional  de  l'environnement,  de  l'am\u00e9nagement  et  du  logement  ou  son \nrepr\u00e9sentant ;\n\u2212  le chef de l'unit\u00e9 d\u00e9partementale du Var de la direction r\u00e9gionale de l'environnement, de  \nl'am\u00e9nagement et du logement ou son repr\u00e9sentant ;\n\u2212   deux repr\u00e9sentants de la direction d\u00e9partementale de la protection des populations  ;\n\u2212 le  directeur de la coordination des politiques publiques et de l'appui territorial ou son  \nrepr\u00e9sentant ;\n\u2212  le directeur g\u00e9n\u00e9ral de l'agence r\u00e9gionale de sant\u00e9 ou son repr\u00e9sentant.\n2. Coll\u00e8ge des repr\u00e9sentants des collectivit\u00e9s territoriales\n\u2212 Titulaire : M. Louis REYNIER, conseiller d\u00e9partemental,\nSuppl\u00e9ant : M. Ludovic PONTONE, conseiller d\u00e9partemental ;\n\u2212 Titulaire : Mme Martine ARENAS, conseill\u00e8re d\u00e9partementale,\nSuppl\u00e9ante : Mme Christine NICCOLETTI, conseill\u00e8re d\u00e9partementale,\n\u2212 Titulaire : M. Alain BENEDETTO, maire de Grimaud,\nSuppl\u00e9ant : M. J\u00e9r\u00e9my GIULIANO, maire du Val ;\n\u2212 Titulaire : M. Richard STRAMBIO, maire de Draguignan,\nSuppl\u00e9ant : M. Jean-Jacques COULOMB, maire de Saint-Zacharie ;\n\u2212 Titulaire : M. Ren\u00e9 BOUCHARD, maire de Bagnols-en-for\u00eat,\nSuppl\u00e9ante : Mme Blandine MONIER, maire d'Evenos.\n3. Coll\u00e8ge des repr\u00e9sentants des associations, professionnels et experts\n\u2212 Titulaire : M. Fr\u00e9d\u00e9ric SOULI\u00c9,\nSuppl\u00e9ant : M. Bertrand LE GUINER,\nrepr\u00e9sentant la chambre de commerce et d'industrie du Var ;\n\u2212 Titulaire : M.Michel LOVERA,\nSuppl\u00e9ant : M. Bernard FILISETTI,\nrepr\u00e9sentant la chambre d'agriculture du Var ;\n\u2212 Titulaire : Mme Martine BERTHELOT,\nSuppl\u00e9ant : M. Thierry BION\nrepr\u00e9sentant la chambre de m\u00e9tiers et de l'artisanat, d\u00e9l\u00e9gation du Var ;\n\u2212 Titulaire : M. Robert DANCETTE,\nSuppl\u00e9ant : M. Julien PREYNAT,\nrepr\u00e9sentant la f\u00e9d\u00e9ration pour la p\u00eache et la protection du milieu aquatique du Var ;\n2\nPr\u00e9fecture du Var - Boulevard du 112\u00e8me R.I. - CS 31 209 \u2013 83 070 TOULON CEDEX -\nStandard t\u00e9l\u00e9phonique : 04 94 18 83 83 \u2013 Horaires d'ouverture et modalit\u00e9s d'accueil sur le portail Internet : \nwww.var.gouv.fr\nPr\u00e9fecture du VAR - 83-2025-03-31-00003 - Arr\u00eat\u00e9 pr\u00e9fectoral du 31 mars 2025 portant modification de la composition nominative du\nconseil d\u00e9partemental de l'environnement et des risques sanitaires et technologiques 31\n\u2212 Titulaire : M. Franck CHAUVET,\nSuppl\u00e9ant : M. Patrick GUILLON,\nrepr\u00e9sentant l'association varoise pour la sauvegarde de l'agriculture, de la nature et de  \nl'environnement ;\n\u2212 Titulaire : Mme Emmanuelle MALATERRE,\nsuppl\u00e9ant : M. Jean-Paul CHAMPION,\nrepr\u00e9sentant l'association consommation logement et cadre de vie ;\n\u2212 Titulaire : M. Antoine GONZALEZ,\nSuppl\u00e9ant : M. Cyril BOLLIET,\nrepr\u00e9sentant la f\u00e9d\u00e9ration du b\u00e2timent et des travaux publics du Var ;\n\u2212 Titulaire : Mme Fr\u00e9d\u00e9rique CLAMONT, repr\u00e9sentant le service communal d'hygi\u00e8ne et  \nde sant\u00e9 de la Seyne-sur-Mer,\nSuppl\u00e9ant : M. Fr\u00e9d\u00e9ric BARCET, repr\u00e9sentant le service communal d'hygi\u00e8ne et de sant\u00e9  \nde Toulon ;\n\u2212 Titulaire : Le Lieutenant-Colonel Christian TOSI, \nSuppl\u00e9ant : Le Commandant Patrice VERNET,\nrepr\u00e9sentant le directeur d\u00e9partemental des services d'incendie et de secours du Var.\n4. Coll\u00e8ge des personnalit\u00e9s qualifi\u00e9es\n\u2212 Titulaire : M. Philippe APLINCOURT, personne qualifi\u00e9e en ressources en eau,\nSuppl\u00e9ant : M. Marc MOULIN,\nrepr\u00e9sentant le bureau de recherches g\u00e9ologiques et mini\u00e8res Provence-Alpes-C\u00f4te d'Azur ;\n\u2212 Titulaire : M. Christophe BARNABOT, \nSuppl\u00e9ant : M. Thierry PARZYS,\nrepr\u00e9sentant le laboratoire d\u00e9partemental du Var ;\n\u2212 Titulaire : Mme Vanessa VAN ROSSEM, m\u00e9decin hygi\u00e9niste de l'h\u00f4pital de Hy\u00e8res ;\n\u2212 Titulaire : M. Lionel CHENE,\nSuppl\u00e9ant : M. Eric GORNISKI,\nrepr\u00e9sentant la caisse d'assurance retraite et sant\u00e9 au travail Sud-Est. \u00bb\nLe pr\u00e9sident du Conseil r\u00e9gional Provence-Alpes-C\u00f4te d'Azur est associ\u00e9 aux travaux de cette  \ncommission pour les dossiers relatifs au traitement et au stockage des d\u00e9chets. Il est invit\u00e9  \naux s\u00e9ances et peut s'y faire repr\u00e9senter.\nLe reste sans changement.\nArticle 2     :   \nLe pr\u00e9sent arr\u00eat\u00e9 peut faire l'objet d'un recours devant le tribunal administratif de Toulon  \ndans un d\u00e9lai de deux mois \u00e0 compter du jour de sa publication.\nUn recours gracieux ou hi\u00e9rarchique est possible dans le d\u00e9lai de deux mois. Ce recours  \nadministratif prolonge de deux mois les d\u00e9lais indiqu\u00e9s ci-dessus. Dans le cas o\u00f9 un recours  \ncontentieux serait engag\u00e9 devant le tribunal administratif de Toulon, il intervient par un  \nd\u00e9p\u00f4t  de  requ\u00eate,  soit  aupr\u00e8s  de  l'accueil  de  la  juridiction,  soit  par  courrier,  soit  par \nt\u00e9l\u00e9copie ou au moyen de l'application informatique \"T\u00e9l\u00e9recours citoyen\" accessible par le  \nsite internet www.telerecours.fr\n3\nPr\u00e9fecture du Var - Boulevard du 112\u00e8me R.I. - CS 31 209 \u2013 83 070 TOULON CEDEX -\nStandard t\u00e9l\u00e9phonique : 04 94 18 83 83 \u2013 Horaires d'ouverture et modalit\u00e9s d'accueil sur le portail Internet : \nwww.var.gouv.fr\nPr\u00e9fecture du VAR - 83-2025-03-31-00003 - Arr\u00eat\u00e9 pr\u00e9fectoral du 31 mars 2025 portant modification de la composition nominative du\nconseil d\u00e9partemental de l'environnement et des risques sanitaires et technologiques 32\nArticle 4     :   \nLe secr\u00e9taire g\u00e9n\u00e9ral de la pr\u00e9fecture du Var est charg\u00e9 de l'ex\u00e9cution du pr\u00e9sent arr\u00eat\u00e9, qui  \nsera publi\u00e9 au recueil des actes administratifs de la pr\u00e9fecture du Var et dont copie sera  \nadress\u00e9e aux membres du conseil d\u00e9partemental de l'environnement et des risques sanitaires  \net technologiques.\nFait \u00e0 Toulon, le 31 mars 2025\nPour le Pr\u00e9fet, par d\u00e9l\u00e9gation, le \nsecr\u00e9taire g\u00e9n\u00e9ral\nSIGNE : Lucien GIUDICELLI\n4\nPr\u00e9fecture du Var - Boulevard du 112\u00e8me R.I. - CS 31 209 \u2013 83 070 TOULON CEDEX -\nStandard t\u00e9l\u00e9phonique : 04 94 18 83 83 \u2013 Horaires d'ouverture et modalit\u00e9s d'accueil sur le portail Internet : \nwww.var.gouv.fr\nPr\u00e9fecture du VAR - 83-2025-03-31-00003 - Arr\u00eat\u00e9 pr\u00e9fectoral du 31 mars 2025 portant modification de la composition nominative du\nconseil d\u00e9partemental de l'environnement et des risques sanitaires et technologiques 33","date":"2025-04-02","first_seen_on":"2025-04-02T08:30:40+00:00","id":"7433cbc3b89466bd64079c487802f90765b8dadf8699076db5a51be19a24aa36","name":"RAA N\u00b0113 du 1er avril 2025","pdf_creation_date":"2025-04-01T15:27:14+00:00","pdf_modification_date":null,"timezone":"Europe/Paris","url":"https://www.var.gouv.fr/contenu/telechargement/40214/263612/file/RAA%20N%C2%B0113%20du%201er%20avril%202025%20NOMINATIF.pdf"}
