{"administration":"pref21","administration_name":"Pr\u00e9fecture de C\u00f4te-d\u2019Or","content":"PR\u00c9F\u00c8TE\nDE LA C\u00d4TE-D'OR\nRECUEIL DES ACTES\nADMINISTRATIFS SP\u00c9CIAL\n(NOMINATIFS)\nN\u00b021-2026-073\nPUBLI\u00c9 LE 27 AVRIL 2026\nSommaire\nPr\u00e9fecture de la C\u00f4te-d'Or / Direction de la coordination, des politiques\npubliques et de l'appui territorial\n21-2026-04-27-00039 - Arr\u00eat\u00e9 n\u00b0 775 /SG du 27 avril 2026\nportant\nd\u00e9l\u00e9gation de signature \u00e0 Madame Armelle LEON, directrice\nd\u00e9partementale de l'emploi, du travail et des solidarit\u00e9s de la\nC\u00f4te-d'Or (4 pages) Page 7\n21-2026-04-27-00007 - Arr\u00eat\u00e9 N\u00b0779  du 27 avril 2026\nportant\nd\u00e9l\u00e9gation de signature \u00e0 la pr\u00e9f\u00e8te de la\nC\u00f4te-d'Or,\nD\u00e9l\u00e9gu\u00e9e territoriale de l'Agence nationale pour la\nr\u00e9novation urbaine (ANRU) (3 pages) Page 12\n21-2026-04-27-00028 - Arr\u00eat\u00e9 pr\u00e9fectoral  n\u00b0 794 du 27 avril\n2026\ndonnant d\u00e9l\u00e9gation de signature \u00e0 Monsieur Olivier DAVID ,\ndirecteur r\u00e9gional de l'environnement, de l'am\u00e9nagement et du\nlogement de la r\u00e9gion Auvergne-Rh\u00f4ne-Alpes, \npour le d\u00e9partement\nde la C\u00f4te-d'Or. (3 pages) Page 16\n21-2026-04-27-00016 - Arr\u00eat\u00e9 pr\u00e9fectoral n\u00b0  785 / SG du 27 avril\n2026\n donnant d\u00e9l\u00e9gation de signature \u00e0 Monsieur Yves PICOCHE,\ndirecteur d\u00e9partemental des territoires de Sa\u00f4ne-et-Loire, pour la\nmission d'instruction des demandes d'autorisations individuelles des\ntransports exceptionnels (2 pages) Page 20\n21-2026-04-27-00001 - Arr\u00eat\u00e9 pr\u00e9fectoral n\u00b0 769  / SG du 27 avril\n2026\nportant d\u00e9l\u00e9gation de signature \u00e0 Monsieur J\u00e9r\u00f4me\nJARDRY, directeur acad\u00e9mique des services de l'\u00e9ducation nationale\nde la C\u00f4te d'Or (3 pages) Page 23\n21-2026-04-27-00002 - Arr\u00eat\u00e9 pr\u00e9fectoral n\u00b0 770  / SG du 27 avril\n2026\n donnant d\u00e9l\u00e9gation de signature au g\u00e9n\u00e9ral de division\nChristophe HUSSON,\ncommandant de la r\u00e9gion de gendarmerie\nBourgogne-Franche-Comt\u00e9,\ncommandant le groupement de\ngendarmerie d\u00e9partementale de la C\u00f4te-d'Or. (3 pages) Page 27\n21-2026-04-27-00003 - Arr\u00eat\u00e9 pr\u00e9fectoral N\u00b0 772  /SG  du 27 avril\n2026\ndonnant  de d\u00e9l\u00e9gation de signature  Monsieur Larry OUVRARD,\n\nDirecteur du Service d\u00e9partemental d'incendie et de secours de la\nC\u00f4te d'Or (3 pages) Page 31\n21-2026-04-27-00006 - Arr\u00eat\u00e9 pr\u00e9fectoral n\u00b0 776 / SG du 27 avril\n2026\ndonnant d\u00e9l\u00e9gation de signature \u00e0 Madame Manuelle\nDUPUY,\ndirectrice d\u00e9partementale des territoires de la C\u00f4te-d'Or \n(18 pages) Page 35\n2\n21-2026-04-27-00008 - Arr\u00eat\u00e9 pr\u00e9fectoral n\u00b0 780 / SG du 27 avril\n2026\nportant nomination de la D\u00e9l\u00e9gu\u00e9e territoriale adjointe \nde\nl'Agence Nationale de la Coh\u00e9sion Territoriale de la C\u00f4te-d'Or  (2\npages) Page 54\n21-2026-04-27-00011 - Arr\u00eat\u00e9 pr\u00e9fectoral n\u00b0 782 / SG du 27 avril\n2026\n donnant d\u00e9l\u00e9gation de signature \u00e0  Monsieur Didier ROOSE,\ndirecteur d\u00e9partemental de la protection des populations de la\nC\u00f4te-d'Or (3 pages) Page 57\n21-2026-04-27-00012 - Arr\u00eat\u00e9 pr\u00e9fectoral n\u00b0 783 du 27 avril 2026 \n\ndonnant d\u00e9l\u00e9gation de signature \u00e0 Madame S\u00e9verine\nWODLI,\u00a0responsable de l'UDAP de la direction r\u00e9gionale des affaires\nculturelles de la r\u00e9gion Bourgogne-Franche-Comt\u00e9,\npour les\ncomp\u00e9tences d\u00e9partementales de C\u00f4te d'-Or (2 pages) Page 61\n21-2026-04-27-00014 - Arr\u00eat\u00e9 pr\u00e9fectoral n\u00b0 784 / SG du 27 avril 2026\n\ndonnant d\u00e9l\u00e9gation de signature \u00e0 Monsieur \u00c9douard BOUY\u00c9,\n\nconservateur g\u00e9n\u00e9ral du patrimoine, \ndirecteur des archives\nd\u00e9partementales de la C\u00f4te-d'Or (3 pages) Page 64\n21-2026-04-27-00017 - Arr\u00eat\u00e9 pr\u00e9fectoral n\u00b0 786 du 27 avril\n2026\nportant d\u00e9l\u00e9gation de signature \u00e0 Monsieur Emmanuel\nJACQUEMIN,\nDirecteur de la s\u00e9curit\u00e9 de l'Aviation civile Nord-Est\npour ses missions et comp\u00e9tences exerc\u00e9es dans le d\u00e9partement de\nla C\u00f4te-d'Or (3 pages) Page 68\n21-2026-04-27-00029 - Arr\u00eat\u00e9 pr\u00e9fectoral N\u00b0 795 du 27/04/2026\n     \ndonnant d\u00e9l\u00e9gation de signature \u00e0 Madame Mathilde\nMARMIER,\nDirectrice G\u00e9n\u00e9rale de l'Agence R\u00e9gionale de Sant\u00e9 de\nBourgogne-Franche-Comt\u00e9, \n               pour la C\u00f4te-d'Or (4 pages) Page 72\n21-2026-04-27-00030 - Arr\u00eat\u00e9 pr\u00e9fectoral n\u00b0 796 / SG du 27 avril\n2026\nportant d\u00e9l\u00e9gation de signature \u00e0 M. Simon-Pierre EURY,\ndirecteur r\u00e9gional de l'\u00e9conomie, de l'emploi, du travail et des\nsolidarit\u00e9s\nde Bourgogne-Franche-Comt\u00e9, au titre de ses\ncomp\u00e9tences d\u00e9partementales. (4 pages) Page 77\n21-2026-04-27-00004 - Arr\u00eat\u00e9 pr\u00e9fectoral N\u00b0774 /SG du 27 avril\n2026\nportant d\u00e9l\u00e9gation de signature \u00e0 Monsieur Fr\u00e9d\u00e9ric\nVINCENT-GENOD,\nDirecteur Interd\u00e9partemental de la Police Nationale\nde la C\u00f4te d'Or (3 pages) Page 82\n21-2026-04-27-00027 - Arr\u00eat\u00e9 pr\u00e9fectoral n\u00b0\u00a0793 /SG du  27 avril\n2026 donnant d\u00e9l\u00e9gation de signature \u00e0 Monsieur Fran\u00e7ois\nVILLEREZ, directeur r\u00e9gional de l'environnement, de l'am\u00e9nagement\net du logement en r\u00e9gion Bourgogne-Franche-Comt\u00e9 \nconcernant la\ncomp\u00e9tence d\u00e9partementale (8 pages) Page 86\n3\n21-2026-04-27-00010 - D\u00e9cision 781 du 27 avril 2026 de nomination du\nd\u00e9l\u00e9gu\u00e9 adjoint et de d\u00e9l\u00e9gation de signature\n du\nd\u00e9l\u00e9gu\u00e9 de l'Agence \u00e0 l'un ou plusieurs de ses collaborateurs (2\npages) Page 95\nPr\u00e9fecture de la C\u00f4te-d'Or / P\u00f4le juridique inter-services\n21-2026-04-27-00034 -  ARRETE PREFECTORAL n\u00b0   800  / SG du  27 avril\n2026   donnant d\u00e9l\u00e9gation de signature \u00e0 Mr Jean-Luc BRENNER,\nadministrateur de l'\u00c9tat du grade transitoire, directeur r\u00e9gional des\nfinances publiques de Bourgogne-Franche-Comt\u00e9 et du d\u00e9partement\nde la C\u00f4te-d'Or pour la communication des \u00e9tats pr\u00e9vus au code\ng\u00e9n\u00e9ral des collectivit\u00e9s territoriales (2 pages) Page 98\n21-2026-04-27-00009 -  Arr\u00eat\u00e9 pr\u00e9fectoral n\u00b0  768 / SG du 27 avril\n2026\ndonnant d\u00e9l\u00e9gation de signature \u00e0 Monsieur Denis\nBRUEL,\nSecr\u00e9taire g\u00e9n\u00e9ral de la pr\u00e9fecture de la C\u00f4te-d'Or (3\npages) Page 101\n21-2026-04-27-00031 -  Arr\u00eat\u00e9 pr\u00e9fectoral N\u00b0  797 / SG du 27 avril\n2026         \ndonnant d\u00e9l\u00e9gation de signature \u00e0 Mme Nathalie\nAUBERTIN,\ndirectrice de la coordination des politiques publiques et de\nl'appui territorial (4 pages) Page 105\n21-2026-04-27-00035 - Arr\u00eat\u00e9 pr\u00e9fectoral n\u00b0    801   du 27 avril\n2026\ndonnant d\u00e9l\u00e9gation de signature en mati\u00e8re\nd'ordonnancement secondaire et de comptabilit\u00e9 g\u00e9n\u00e9rale de\nl'\u00c9tat \u00e0 Monsieur Patrick SALLES, Directeur du p\u00f4le pilotage et\nressources de la direction r\u00e9gionale des finances publiques de\nBourgogne-Franche-Comt\u00e9 et du d\u00e9partement de la C\u00f4te-d'Or. (3\npages) Page 110\n21-2026-04-27-00038 - Arr\u00eat\u00e9 pr\u00e9fectoral n\u00b0    802   du 27 avril\n2026\ndonnant d\u00e9l\u00e9gation de signature en mati\u00e8re\nd'ordonnancement secondaire et de comptabilit\u00e9 g\u00e9n\u00e9rale de\nl'\u00c9tat \u00e0 Monsieur Patrick SALLES, Directeur du p\u00f4le pilotage et\nressources de la direction r\u00e9gionale des finances publiques de\nBourgogne-Franche-Comt\u00e9 et du d\u00e9partement de la C\u00f4te-d'Or. (3\npages) Page 114\n21-2026-04-27-00024 - Arr\u00eat\u00e9 pr\u00e9fectoral n\u00b0   777  / SG du 27 avril\n2026\ndonnant d\u00e9l\u00e9gation de signature \u00e0 Monsieur S\u00e9bastien\nLANOYE,\nSous-pr\u00e9fet de Montbard (7 pages) Page 118\n21-2026-04-27-00025 - Arr\u00eat\u00e9 pr\u00e9fectoral n\u00b0   791 / SG du  27 avril\n2026       \ndonnant d\u00e9l\u00e9gation de signature \u00e0 Monsieur Louis-Joseph\nVANDERSTUYF,\nchef du bureau de la repr\u00e9sentation de l'\u00c9tat (2\npages) Page 126\n4\n21-2026-04-27-00032 - ARRETE PREFECTORAL n\u00b0   798  /SG du   27 avril\n2026   donnant d\u00e9l\u00e9gation de signature \u00e0  Mr Jean-Luc BRENNER,\nadministrateur de l'\u00c9tat du grade transitoire , directeur r\u00e9gional des\nfinances publiques de Bourgogne-Franche-Comt\u00e9 et du d\u00e9partement\nde la C\u00f4te-d'Or, en mati\u00e8re de r\u00e9gime d'ouverture au public des\nservices d\u00e9concentr\u00e9s de la direction r\u00e9gionale des finances\npubliques de Bourgogne-Franche-Comt\u00e9 et du d\u00e9partement de la\nC\u00f4te-d'Or. (2 pages) Page 129\n21-2026-04-27-00013 - Arr\u00eat\u00e9 pr\u00e9fectoral n\u00b0  771 / SG du 27 avril\n2026\ndonnant d\u00e9l\u00e9gation de signature \u00e0 Madame Aur\u00e9lie\nCONTRECIVILE,\nDirectrice, sous pr\u00e9f\u00e8te, directrice de cabinet de la\npr\u00e9f\u00e8te de la r\u00e9gion Bourgogne-Franche-comt\u00e9, pr\u00e9f\u00e8te de la\nC\u00f4te-d-Or 27-04-26-   d\u00e9l\u00e9gation de signature Directrice de cabinet\nAur\u00e9lie CONTRECIVILE (3 pages) Page 132\n21-2026-04-27-00020 - Arr\u00eat\u00e9 pr\u00e9fectoral n\u00b0  787 / SG du 27 avril\n2026\ndonnant d\u00e9l\u00e9gation de signature \u00e0 Madame H\u00e9l\u00e8ne\nMANCIAUX,Directrice des s\u00e9curit\u00e9s de la Pr\u00e9fecture de la\nC\u00f4te-d'Or (6 pages) Page 136\n21-2026-04-27-00021 - Arr\u00eat\u00e9 pr\u00e9fectoral n\u00b0  788   du 21 avril\n2026\ndonnant d\u00e9l\u00e9gation de signature \u00e0 Madame Nathalie\nFERNANDEZ\ndirectrice de l'immigration et de la nationalit\u00e9 (DIN) (7\npages) Page 143\n21-2026-04-27-00026 - Arr\u00eat\u00e9 pr\u00e9fectoral N\u00b0  792  / SG du 27 avril\n2026\ndonnant d\u00e9l\u00e9gation de signature \u00e0 Mme Ghislaine\nLESEURRE,\ncharg\u00e9e de mission, r\u00e9f\u00e9rente fraude d\u00e9partementale.\n(2 pages) Page 151\n21-2026-04-27-00033 - ARRET\u00e9 PREFECTORAL N\u00b0  799 / SG  du   27 avril\n2026     donnant d\u00e9l\u00e9gation de signature en mati\u00e8re d'ouverture et\nde fermeture des services d\u00e9concentr\u00e9s \u00e0  Mr Jean-Luc BRENNER,\nadministrateur de l'\u00c9tat du grade transitoire,  directeur r\u00e9gional des\nfinances publiques de Bourgogne-Franche-Comt\u00e9 et du d\u00e9partement\nde la C\u00f4te-d'Or. (2 pages) Page 154\n21-2026-04-27-00037 - ARRETE PREFECTORAL n\u00b0  804  /SG      du   27 avril\n2026       portant d\u00e9l\u00e9gation de signature \u00e0  Mr Jean-Luc BRENNER,\nadministrateur de l'\u00c9tat du grade transitoire , directeur r\u00e9gional des\nfinances publiques de Bourgogne-Franche-Comt\u00e9\net du d\u00e9partement\nde la C\u00f4te-d'Or, au titre des attributions et comp\u00e9tences\nd\u00e9partementales (4 pages) Page 157\n21-2026-04-27-00018 - Arr\u00eat\u00e9 pr\u00e9fectoral n\u00b0 773  / SG du 27 avril\n2026\ndonnant d\u00e9l\u00e9gation de signature \u00e0 Monsieur Beno\u00eet BYRSKI,\nSous-pr\u00e9fet de Beaune (7 pages) Page 162\n5\n21-2026-04-27-00015 - Arr\u00eat\u00e9 pr\u00e9fectoral n\u00b0 778 / SG du 27 avril\n2026\ndonnant d\u00e9l\u00e9gation de signature \u00e0 l'occasion des\npermanences de week-ends, de jours f\u00e9ri\u00e9s jours ch\u00f4m\u00e9s (2 pages) Page 170\n21-2026-04-27-00022 - Arr\u00eat\u00e9 pr\u00e9fectoral N\u00b0 789 / SG du    27 avril\n2026 donnant d\u00e9l\u00e9gation de signature \u00e0 Madame Nathalie BERGET,\ndirectrice \ndu Secr\u00e9tariat G\u00e9n\u00e9ral Commun D\u00e9partemental de la\nC\u00f4te d'Or (4 pages) Page 173\n21-2026-04-27-00023 - Arr\u00eat\u00e9 pr\u00e9fectoral N\u00b0 790  du 27 avril\n2026\ndonnant d\u00e9l\u00e9gation de signature \u00e0 Monsieur S\u00e9bastien TRES,\nDirecteur des collectivit\u00e9s locales et des \u00e9lections (DCLE) . (6 pages) Page 178\n6\nPr\u00e9fecture de la C\u00f4te-d'Or\nDirection de la coordination, des politiques\npubliques et de l'appui territorial\n21-2026-04-27-00039\nArr\u00eat\u00e9 n\u00b0 775 /SG du 27 avril 2026\nportant d\u00e9l\u00e9gation de signature \u00e0 Madame\nArmelle LEON, directrice d\u00e9partementale de\nl'emploi, du travail et des solidarit\u00e9s de la\nC\u00f4te-d'Or\nPr\u00e9fecture de la C\u00f4te-d'Or - 21-2026-04-27-00039 - Arr\u00eat\u00e9 n\u00b0 775 /SG du 27 avril 2026\nportant d\u00e9l\u00e9gation de signature \u00e0 Madame Armelle LEON, directrice d\u00e9partementale de l'emploi, du travail et des solidarit\u00e9s de la\nC\u00f4te-d'Or\n7\neaPREFETEDE LACOTE-D'ORLibert\u00e9E.galit\u00e9Fraternit\u00e9\nArr\u00eat\u00e9 n\u00b0 775 /SG du 27 avril 2026\nportant d\u00e9l\u00e9gation de signature \u00e0 Madame Armelle LEON, directrice d\u00e9partementale de \nl'emploi, du travail et des solidarit\u00e9s de la C\u00f4te-d'Or\nLa pr\u00e9f\u00e8te de la C\u00f4te d'Or\nVU le code de l'action sociale et des familles, le code de la sant\u00e9 publique, le code du travail, le  \ncode de la construction et de l'habitation, le code des juridictions financi\u00e8res, le code de la  \ns\u00e9curit\u00e9 int\u00e9rieure, le code de l'entr\u00e9e et du s\u00e9jour des \u00e9trangers et du droit d'asile ;\nVU le d\u00e9cret n\u00b0 2013-571 du 1er juillet 2013 modifi\u00e9 autorisant les ministres charg\u00e9s des affaires  \nsociales, de la sant\u00e9, du travail et de l'emploi, des sports, de la jeunesse, de l'\u00e9ducation populaire  \net de la vie associative \u00e0 d\u00e9l\u00e9guer certains de leurs pouvoirs pour le recrutement et la gestion  \nd'agents plac\u00e9s sous leur autorit\u00e9 ;\nVU le d\u00e9cret n\u00b0 2025-723 du 30 juillet 2025 modifiant le d\u00e9cret n\u00b0 2004-374 du 29 avril 2004  \nrelatif aux pouvoirs des pr\u00e9fets, \u00e0 l'organisation et \u00e0 l'action des services de l'\u00c9tat dans les  \nr\u00e9gions et d\u00e9partements ;\nVU le d\u00e9cret n\u00b0 2020-1545 du 9 d\u00e9cembre 2020 relatif \u00e0 l'organisation et aux missions des  \ndirections r\u00e9gionales de l'\u00e9conomie, de l'emploi, du travail et des solidarit\u00e9s, des directions  \nd\u00e9partementales de l'emploi, du travail et des solidarit\u00e9s et des directions d\u00e9partementales de  \nl'emploi, du travail, des solidarit\u00e9s et de la protection des populations ;\nVU  l'arr\u00eat\u00e9 minist\u00e9riel du 7 octobre 2024 portant nomination de Madame Armelle LEON dans  \nl'emploi de directrice d\u00e9partementale de l'emploi, du travail et des solidarit\u00e9s de la C\u00f4te-d'Or ;\nVU  le  d\u00e9cret  du  8  avril  2026  nommant  Madame  Violaine  DEMARET,  pr\u00e9f\u00e8te  de  la  r\u00e9gion\nBourgogne-Franche-Comt\u00e9, pr\u00e9f\u00e8te de la C\u00f4te-d'Or ;\nVU l'arr\u00eat\u00e9 pr\u00e9fectoral du 26 mars 2021 portant organisation de la direction d\u00e9partementale de  \nl'emploi, du travail et des solidarit\u00e9s de la C\u00f4te-d'Or ;\nSUR proposition de M. le Secr\u00e9taire g\u00e9n\u00e9ral de la pr\u00e9fecture de la C\u00f4te-d'Or ; \nARR\u00caTE\nArticle 1er     : L'arr\u00eat\u00e9 pr\u00e9fectoral n\u00b0 1657/SG du 28 octobre 2024 donnant d\u00e9l\u00e9gation de signature  \n\u00e0 Madame Armelle LEON, directrice d\u00e9partementale de l'emploi, du travail et des solidarit\u00e9s de la  \nC\u00f4te-d'Or et toutes dispositions ant\u00e9rieures contraires au pr\u00e9sent arr\u00eat\u00e9 sont abrog\u00e9s.\nSection I     : comp\u00e9tence administrative g\u00e9n\u00e9rale  \nArticle 2 :\nD\u00e9l\u00e9gation de signature est donn\u00e9e \u00e0 Madame Armelle LEON, directrice  d\u00e9partementale de  \nl'emploi, du travail et des solidarit\u00e9s de la C\u00f4te-d'Or, \u00e0 l'effet de signer dans le cadre de ses  \nPr\u00e9fecture de la C\u00f4te-d'Or - 21-2026-04-27-00039 - Arr\u00eat\u00e9 n\u00b0 775 /SG du 27 avril 2026\nportant d\u00e9l\u00e9gation de signature \u00e0 Madame Armelle LEON, directrice d\u00e9partementale de l'emploi, du travail et des solidarit\u00e9s de la\nC\u00f4te-d'Or\n8\nattributions telles que d\u00e9finies \u00e0 l'article 4 du d\u00e9cret du 3 d\u00e9cembre 2009 modifi\u00e9 par le d\u00e9cret du  \n9  d\u00e9cembre  2020  susvis\u00e9s  et  dans  la  limite  des  attributions  et  d\u00e9l\u00e9gations  donn\u00e9es  au  \nSecr\u00e9tariat G\u00e9n\u00e9ral Commun de la C\u00f4te-d'Or :\n\uf0b7 tous  les  actes  administratifs  entrant  dans  le  champ  de  comp\u00e9tence  des  directions  \nd\u00e9partementales de l'emploi, du travail et des solidarit\u00e9s, en particulier les arr\u00eat\u00e9s,  \nd\u00e9cisions, circulaires, rapports et correspondances (courriers et courriels) ;\n\uf0b7 tous les actes, y compris les correspondances, relatifs \u00e0 l'organisation et au fonctionnement  \ndes services plac\u00e9s sous son autorit\u00e9, tant en ce qui concerne la gestion des  \nmoyens en personnels que ceux ayant traits aux moyens mat\u00e9riels, mobiliers et  \nimmobiliers.\nA l'exception des :\n\uf0b7 conventions et contrats liant l'\u00c9tat \u00e0 la r\u00e9gion, au d\u00e9partement de la C\u00f4te-d'Or et \u00e0 leurs  \n\u00e9tablissements publics ;\n\uf0b7 correspondances  et  d\u00e9cisions  adress\u00e9es  au  Pr\u00e9sident  de  la  R\u00e9publique,  au  Premier  \nministre, aux ministres, aux parlementaires, au pr\u00e9sident du Conseil r\u00e9gional, au pr\u00e9sident du  \nConseil  d\u00e9partemental,  au  Pr\u00e9sident  de  la  m\u00e9tropole  dijonnaise  et  aux  autres  \u00e9lus  du  \nd\u00e9partement ;\n\uf0b7 actes r\u00e9glementaires et autres arr\u00eat\u00e9s de port\u00e9e g\u00e9n\u00e9rale ;\n\uf0b7 requ\u00eates,  m\u00e9moires  et  autres  correspondances  entrant  dans  un  cadre  contentieux  \nengageant la responsabilit\u00e9 de l'\u00c9tat ;\n\uf0b7 actes  relatifs  \u00e0  la  composition  et  la  d\u00e9signation  des  membres  des  commissions  \nadministratives relevant du champ des comp\u00e9tences de la direction d\u00e9partementale de l'emploi,  \ndu travail et des solidarit\u00e9s.\nArticle 3     :  \nMadame Armelle LEON est habilit\u00e9e \u00e0 pr\u00e9senter les observations orales de l'Etat devant les  \njuridictions administratives et judiciaires \u00e0 l'appui des conclusions sign\u00e9es par le repr\u00e9sentant de  \nl'Etat.\nSection II     : comp\u00e9tence d'ordonnancement secondaire  \nArticle 4     :  \nD\u00e9l\u00e9gation est \u00e9galement donn\u00e9e \u00e0 Madame Armelle LEON :\n5.1: En tant que responsable d'unit\u00e9 op\u00e9rationnelle,  \u00e0 l'effet de proc\u00e9der \u00e0 l'ordonnancement  \nsecondaire des recettes et d\u00e9penses de l'Etat concernant les BOP des programmes cit\u00e9s ci-\ndessous, relevant de son champ de comp\u00e9tences :\n\u2022 BOP 104 \u2013 Int\u00e9gration et acc\u00e8s \u00e0 la nationalit\u00e9 fran\u00e7aise\n\u2022 BOP 111 - Am\u00e9lioration de la qualit\u00e9 de l'emploi et des relations du travail\n\u2022 BOP 135 - Urbanisme, territoires et am\u00e9lioration de l'habitat\n\u2022 BOP 147 \u2013 politique de la ville\n\u2022 BOP 157 \u2013 handicap et d\u00e9pendance\n\u2022 BOP  177  \u2013  h\u00e9bergement,  parcours  vers  le  logement  et  insertion  des  personnes \nvuln\u00e9rables\n\u2022 BOP 183 \u2013 protection maladie\n\u2022 BOP 303 \u2013 immigration et asile\n\u2022 BOP 304 \u2013 inclusion sociale, protection des personnes\npour les actes suivants :\n- r\u00e9ception et allocation des cr\u00e9dits subd\u00e9l\u00e9gu\u00e9s par le responsable de budget op\u00e9rationnel de  \nprogramme (RBOP) et le suivi du budget (autorisations d'engagement et cr\u00e9dits de paiement de  \nl'UO),\n-  l'ex\u00e9cution  de  la  d\u00e9pense  :  engagement  juridique,  constatation  du  service  fait,  liquidation  \n(demande de paiement), validation par le centre de service partag\u00e9 CHORUS habilit\u00e9,\nPr\u00e9fecture de la C\u00f4te-d'Or - 21-2026-04-27-00039 - Arr\u00eat\u00e9 n\u00b0 775 /SG du 27 avril 2026\nportant d\u00e9l\u00e9gation de signature \u00e0 Madame Armelle LEON, directrice d\u00e9partementale de l'emploi, du travail et des solidarit\u00e9s de la\nC\u00f4te-d'Or\n9\n- le traitement des immobilisations,\n- le traitement des recettes non fiscales,\n- les travaux de fin d'exercice.\n5.2     : En tant que responsable de service prescripteur pour les centres de co\u00fbts   dont elle a la  \ngestion et dans le cadre des instructions donn\u00e9es par le responsable d'unit\u00e9 op\u00e9rationnelle  \n(RUO) pour les programmes suivants :\n\u2022 BOP 148 - fonction publique (action 02 \u2013 action sociale interminist\u00e9rielle)\n\u2022 BOP 354 \u2013 administration territoriale de l'\u00c9tat\n\u2022 BOP 364 \u2013 volet coh\u00e9sion - plan de relance\n\u2022 BOP 723 - op\u00e9rations immobili\u00e8res et entretien des b\u00e2timents de l'\u00c9tat\npour les actes suivants :\n- le suivi du budget (autorisation d'engagement et cr\u00e9dits de paiement) au niveau des centres de  \nco\u00fbts et le rendu compte p\u00e9riodique de l'ex\u00e9cution des d\u00e9penses au RUO,\n-  l'ex\u00e9cution  de  la  d\u00e9pense  :  engagement  juridique,  constatation  du  service  fait,  liquidation  \n(demande de paiement),\n- le traitement des immobilisations,\n- le traitement des recettes non fiscales,\n- les travaux de fin d'exercice.\nA l'exception de :\n\u2022 la signature des ordres de r\u00e9quisition du comptable public ;\n\u2022 la signature des d\u00e9cisions de passer outre le refus du visa du contr\u00f4leur budg\u00e9taire  \nr\u00e9gional et la saisine du ministre en vue de cette proc\u00e9dure ;\n\u2022 des d\u00e9cisions de subventions destin\u00e9es aux collectivit\u00e9s locales et \u00e0 leurs \u00e9tablissements  \npublics ;\n\u2022 des  d\u00e9cisions  de  subventions  sup\u00e9rieures  \u00e0  100  000  \u20ac  et  sup\u00e9rieures  \u00e0  5  000  \u20ac  \nconcernant le BOP 147 - politique de la ville  ;\n\u2022 de  l'ordonnancement  secondaire  des  conventions  et  d\u00e9cisions  de  subvention  \nmentionn\u00e9es \u00e0 l'article 2.\nSection III     : march\u00e9s publics et pouvoir adjudicateur  \nArticle 5     :  \nDans la limite des attributions et d\u00e9l\u00e9gations donn\u00e9es au  Secr\u00e9tariat G\u00e9n\u00e9ral Commun de la  \nC\u00f4te-d'Or, d\u00e9l\u00e9gation est donn\u00e9e \u00e0 Madame Armelle LEON \u00e0 l'effet de signer les march\u00e9s de  \nl'Etat et tous les actes relatifs \u00e0 la passation et \u00e0 l'ex\u00e9cution des march\u00e9s d\u00e9volus au pouvoir  \nadjudicataire \u00e0 l'exception des ordres de r\u00e9quisition du comptable public.\nCette d\u00e9l\u00e9gation s'applique \u00e0 l'ensemble des march\u00e9s quels que soient leurs montants.\nSection IV : subd\u00e9l\u00e9gation de signature\nArticle 6 :\nPour l'ensemble des comp\u00e9tences vis\u00e9es aux sections I, II et III, Madame Armelle LEON peut,  \nsous  sa  responsabilit\u00e9,  subd\u00e9l\u00e9guer  sa  signature  aux  agents  plac\u00e9s  sous  son  autorit\u00e9.  La  \nsignature des agents habilit\u00e9s, dont la liste devra \u00eatre transmise \u00e0 la pr\u00e9f\u00e8te de d\u00e9partement,  \nsera accr\u00e9dit\u00e9e aupr\u00e8s du comptable payeur.\nLes d\u00e9cisions de subd\u00e9l\u00e9gation, adress\u00e9es \u00e0 Madame la pr\u00e9f\u00e8te de la C\u00f4te d'Or ainsi qu'\u00e0  \nMonsieur le Directeur R\u00e9gional des Finances Publiques de la R\u00e9gion Bourgogne-Franche-Comt\u00e9  \net du d\u00e9partement de la C\u00f4te d'Or, viseront nominativement les agents int\u00e9ress\u00e9s et leur seront  \nPr\u00e9fecture de la C\u00f4te-d'Or - 21-2026-04-27-00039 - Arr\u00eat\u00e9 n\u00b0 775 /SG du 27 avril 2026\nportant d\u00e9l\u00e9gation de signature \u00e0 Madame Armelle LEON, directrice d\u00e9partementale de l'emploi, du travail et des solidarit\u00e9s de la\nC\u00f4te-d'Or\n10\nnotifi\u00e9es. Elles feront l'objet d'une publication au recueil des actes administratifs de la pr\u00e9fecture  \nde la C\u00f4te d'Or.\nArticle 7 :\nLe Secr\u00e9taire g\u00e9n\u00e9ral de la pr\u00e9fecture de la C\u00f4te-d'Or et la directrice d\u00e9partementale de l'emploi,  \ndu travail et des solidarit\u00e9s de la C\u00f4te-d'Or sont charg\u00e9s, chacun en ce qui le concerne, de  \nl'ex\u00e9cution du pr\u00e9sent arr\u00eat\u00e9 qui sera publi\u00e9 au recueil des actes administratifs de la pr\u00e9fecture  \nde la C\u00f4te-d'Or.\nVoies et d\u00e9lais de recours\nLa pr\u00e9sente d\u00e9cision peut faire l'objet d'un recours contentieux, aupr\u00e8s du tribunal administratif  \nde Dijon, 22 rue d'Assas \u2013 B.P. 61616 \u2013 21 016 DIJON CEDEX dans un d\u00e9lai de deux (2) mois \u00e0  \ncompter de la publication de la d\u00e9cision.\nDans le m\u00eame d\u00e9lai de 2  mois, un recours gracieux peut . Le silence gard\u00e9 par l'administration  \npendant plus deux mois sur la demande de recours gracieux emporte d\u00e9cision implicite de rejet  \nde cette demande, conform\u00e9ment  \u00e0 l'article R.  421-2 du  de  justice administrative. Celui-ci  \nprolonge le d\u00e9lai de recours contentieux qui doit \u00eatre introduit dans les 2 mois suivant la r\u00e9ponse.\nLe  tribunal  administratif  peut  \u00eatre  saisi  par  un  recours  d\u00e9pos\u00e9  via  l'application  T\u00e9l\u00e9recours  \ncitoyens accessible par le site internet : www.telerecours.fr\nFait \u00e0 Dijon, le 27/04/2026\nLa pr\u00e9f\u00e8te\nORIGINAL SIGNE PAR\nViolaine DEMARET\nPr\u00e9fecture de la C\u00f4te-d'Or - 21-2026-04-27-00039 - Arr\u00eat\u00e9 n\u00b0 775 /SG du 27 avril 2026\nportant d\u00e9l\u00e9gation de signature \u00e0 Madame Armelle LEON, directrice d\u00e9partementale de l'emploi, du travail et des solidarit\u00e9s de la\nC\u00f4te-d'Or\n11\nPr\u00e9fecture de la C\u00f4te-d'Or\nDirection de la coordination, des politiques\npubliques et de l'appui territorial\n21-2026-04-27-00007\nArr\u00eat\u00e9 N\u00b0779  du 27 avril 2026\nportant d\u00e9l\u00e9gation de signature \u00e0 la pr\u00e9f\u00e8te de la\nC\u00f4te-d'Or,\nD\u00e9l\u00e9gu\u00e9e territoriale de l'Agence nationale pour\nla r\u00e9novation urbaine (ANRU)\nPr\u00e9fecture de la C\u00f4te-d'Or - 21-2026-04-27-00007 - Arr\u00eat\u00e9 N\u00b0779  du 27 avril 2026\nportant d\u00e9l\u00e9gation de signature \u00e0 la pr\u00e9f\u00e8te de la C\u00f4te-d'Or,\nD\u00e9l\u00e9gu\u00e9e territoriale de l'Agence nationale pour la r\u00e9novation urbaine (ANRU)\n12\nPREFETEDELACOTE-D'ORLibert\u00e9Egalit\u00e9Fraternit\u00e9\nArr\u00eat\u00e9 N\u00b0779  du 27 avril 2026\nportant d\u00e9l\u00e9gation de signature \u00e0 la pr\u00e9f\u00e8te de la C\u00f4te-d'Or,\nD\u00e9l\u00e9gu\u00e9e territoriale de l'Agence nationale pour la r\u00e9novation urbaine (ANRU)\nLa Pr\u00e9f\u00e8te de C\u00f4te-d'Or\nVU  la loi n\u00b02003-710 du 1er ao\u00fbt 2003 d'orientation et de programmation pour la ville et la  \nr\u00e9novation urbaine modifi\u00e9e\nVU le d\u00e9cret n\u00b0 2004-123 du 9 f\u00e9vrier 2004 relatif \u00e0 l'Agence Nationale pour la R\u00e9novation Urbaine  \nmodifi\u00e9\nVU le d\u00e9cret n\u00b0 2004-374 du 29 avril 2004 relatif aux pouvoirs des pr\u00e9fets, \u00e0 l'organisation et \u00e0  \nl'action des services de l'\u00c9tat dans les r\u00e9gions et d\u00e9partements\nVU le r\u00e8glement g\u00e9n\u00e9ral de l'Agence Nationale pour la R\u00e9novation Urbaine relatif au nouveau  \nprogramme national de renouvellement urbain en vigueur et les notes d'instructions appel\u00e9es en  \napplication de ce r\u00e8glement\nVU le r\u00e8glement financier pour l'Agence Nationale pour la R\u00e9novation Urbaine relatif au nouveau  \nprogramme national de renouvellement urbain en vigueur et les notes d'instructions appel\u00e9es en  \napplication de ce r\u00e8glement\nVU le d\u00e9cret du 8 avril 2026 nommant Mme Violaine DEMARET,  pr\u00e9f\u00e8te de la r\u00e9gion Bourgogne-\nFranche-Comt\u00e9, pr\u00e9f\u00e8te de la C\u00f4te-d'Or\nVU l'arr\u00eat\u00e9 minist\u00e9riel du 17 mars 2025 nommant Mme Manuelle DUPUY en qualit\u00e9 de directrice  \nd\u00e9partementale des territoires de la C\u00f4te-d'Or\nVU l'arr\u00eat\u00e9 minist\u00e9riel du 23 mars 2021 nommant Mme Nadine MUCKENSTURM en qualit\u00e9 de  \ndirectrice d\u00e9partementale adjointe des territoires de la C\u00f4te-d'Or\nVU l'arr\u00eat\u00e9 pr\u00e9fectoral N\u00b0 576 du 16 avril 2025 donnant d\u00e9l\u00e9gation de signature \u00e0 Mme Manuelle  \nDUPUY,  directrice  d\u00e9partementale  des  territoires  de  la  C\u00f4te-d'Or,  en  qualit\u00e9  de  d\u00e9l\u00e9gu\u00e9e  \nterritoriale adjointe de l'Agence nationale pour la r\u00e9novation urbaine (ANRU) dans le d\u00e9partement  \nde la C\u00f4te-d'Or ;\nPr\u00e9fecture de la C\u00f4te-d'Or - 21-2026-04-27-00007 - Arr\u00eat\u00e9 N\u00b0779  du 27 avril 2026\nportant d\u00e9l\u00e9gation de signature \u00e0 la pr\u00e9f\u00e8te de la C\u00f4te-d'Or,\nD\u00e9l\u00e9gu\u00e9e territoriale de l'Agence nationale pour la r\u00e9novation urbaine (ANRU)\n13\n2\nARR\u00caTE\nArticle 1 :\nL'arr\u00eat\u00e9 pr\u00e9fectoral N\u00b0 576 du 16 avril 2025 donnant d\u00e9l\u00e9gation de signature \u00e0 Mme Manuelle  \nDUPUY,  directrice  d\u00e9partementale  des  territoires  de  la  C\u00f4te-d'Or,  en  qualit\u00e9  de  d\u00e9l\u00e9gu\u00e9e  \nterritoriale adjointe de l'Agence nationale pour la r\u00e9novation urbaine (ANRU) dans le d\u00e9partement  \nde la C\u00f4te-d'Or et toutes les dispositions ant\u00e9rieures contraires au pr\u00e9sent arr\u00eat\u00e9 sont abrog\u00e9s\nArticle 2 :\nD\u00e9l\u00e9gation de signature est donn\u00e9e \u00e0 Mme  Manuelle DUPUY , directrice d\u00e9partementale des  \nterritoires de la C\u00f4te-d'Or, en qualit\u00e9 de d\u00e9l\u00e9gu\u00e9e territoriale adjointe de l'Agence nationale pour la  \nr\u00e9novation urbaine (ANRU) dans le d\u00e9partement de la C\u00f4te-d'Or, pour signer :\n- les documents et courriers aff\u00e9rents \u00e0 la gestion et \u00e0 l'instruction des dossiers d'op\u00e9rations  \n\u00e9ligibles aux aides de l'ANRU\n- les d\u00e9cisions attributives de subvention des programmes de r\u00e9novation urbaine du NPNRU\n- les d\u00e9cisions d'autorisation de pr\u00eats bonifi\u00e9s Action Logement du NPNRU.\nArticle 3 : \nEn cas d'absence ou d'emp\u00eachement du d\u00e9l\u00e9gataire mentionn\u00e9 \u00e0 l'article 2, d\u00e9l\u00e9gation est donn\u00e9e \n\u00e0  Madame  Nadine  MUCKENSTURM,  en  qualit\u00e9  de  directrice  d\u00e9partementale  adjointe  des  \nterritoires de la C\u00f4te-d'Or, aux fins de signer l'ensemble des actes mentionn\u00e9s audit article.\n Article 3 :\nLe secr\u00e9taire g\u00e9n\u00e9ral de la pr\u00e9fecture de la C\u00f4te-d'Or et la directrice d\u00e9partementale des territoires \nde la C\u00f4te-d'Or, d\u00e9l\u00e9gu\u00e9e territoriale adjointe de l'ANRU sont en charge, chacun en ce qui le  \nconcerne, de l'application du pr\u00e9sent arr\u00eat\u00e9 qui sera publi\u00e9 au recueil des actes administratifs de la \npr\u00e9fecture de la C\u00f4te-d'Or.\nUne copie de cet arr\u00eat\u00e9 sera transmise \u00e0 la direction en charge des finances de l'ANRU.\nFait \u00e0 Dijon, le 27/04/26\nLa pr\u00e9f\u00e8te,\nD\u00e9l\u00e9gu\u00e9e territoriale de l'Agence Nationale pour \nla R\u00e9novation Urbaine\nORIGINAL SIGNE PAR\nViolaine DEMARET\nPr\u00e9fecture de la C\u00f4te-d'Or - 21-2026-04-27-00007 - Arr\u00eat\u00e9 N\u00b0779  du 27 avril 2026\nportant d\u00e9l\u00e9gation de signature \u00e0 la pr\u00e9f\u00e8te de la C\u00f4te-d'Or,\nD\u00e9l\u00e9gu\u00e9e territoriale de l'Agence nationale pour la r\u00e9novation urbaine (ANRU)\n14\n3\nVoies et d\u00e9lais de recours\nLa pr\u00e9sente d\u00e9cision peut faire l'objet d'un recours contentieux, aupr\u00e8s du tribunal administratif de  \nDijon, 22 rue d'Assas \u2013 B.P. 61616 \u2013 21 016 DIJON CEDEX dans un d\u00e9lai de deux (2) mois \u00e0  \ncompter de la publication de la d\u00e9cision.\nDans le m\u00eame d\u00e9lai de 2  mois, un recours gracieux peut . Le silence gard\u00e9 par l'administration  \npendant plus deux mois sur la demande de recours gracieux emporte d\u00e9cision implicite de rejet de  \ncette demande, conform\u00e9ment \u00e0 l'article R. 421-2 du  de justice administrative. Celui-ci prolonge le  \nd\u00e9lai de recours contentieux qui doit \u00eatre introduit dans les 2 mois suivant la r\u00e9ponse.\nLe tribunal administratif peut \u00eatre saisi par un recours d\u00e9pos\u00e9 via l'application T\u00e9l\u00e9recours citoyens \naccessible par le site internet : www.telerecours.fr\nPr\u00e9fecture de la C\u00f4te-d'Or - 21-2026-04-27-00007 - Arr\u00eat\u00e9 N\u00b0779  du 27 avril 2026\nportant d\u00e9l\u00e9gation de signature \u00e0 la pr\u00e9f\u00e8te de la C\u00f4te-d'Or,\nD\u00e9l\u00e9gu\u00e9e territoriale de l'Agence nationale pour la r\u00e9novation urbaine (ANRU)\n15\nPr\u00e9fecture de la C\u00f4te-d'Or\nDirection de la coordination, des politiques\npubliques et de l'appui territorial\n21-2026-04-27-00028\nArr\u00eat\u00e9 pr\u00e9fectoral  n\u00b0 794 du 27 avril 2026\ndonnant d\u00e9l\u00e9gation de signature \u00e0 Monsieur\nOlivier DAVID , directeur r\u00e9gional de\nl'environnement, de l'am\u00e9nagement et du\nlogement de la r\u00e9gion Auvergne-Rh\u00f4ne-Alpes, \npour le d\u00e9partement de la C\u00f4te-d'Or.\nPr\u00e9fecture de la C\u00f4te-d'Or - 21-2026-04-27-00028 - Arr\u00eat\u00e9 pr\u00e9fectoral  n\u00b0 794 du 27 avril 2026\ndonnant d\u00e9l\u00e9gation de signature \u00e0 Monsieur Olivier DAVID , directeur r\u00e9gional de l'environnement, de l'am\u00e9nagement et du logement\nde la r\u00e9gion Auvergne-Rh\u00f4ne-Alpes, \npour le d\u00e9partement de la C\u00f4te-d'Or.\n16\nPREFETEDE LACOTE-D'ORLibert\u00e9Egalit\u00e9Fraternit\u00e9\nArr\u00eat\u00e9 pr\u00e9fectoral  n\u00b0 794 du 27 avril 2026\ndonnant d\u00e9l\u00e9gation de signature \u00e0 Monsieur Olivier DAVID , directeur r\u00e9gional de \nl'environnement, de l'am\u00e9nagement et du logement de la r\u00e9gion Auvergne-Rh\u00f4ne-Alpes, \npour le d\u00e9partement de la C\u00f4te-d'Or.\nLa pr\u00e9f\u00e8te de la C\u00f4te-d'Or\nVU le code de l'environnement ;\nVU l'ordonnance N\u00b02014-619 du 12 juin 2014 modifi\u00e9e relative \u00e0 l'exp\u00e9rimentation d'une\nautorisation unique pour les installations, ouvrages, travaux et activit\u00e9s soumis \u00e0 autorisation au\ntitre de l'article L.214-3 du code de l'environnement ;\nVU le d\u00e9cret n\u00b0 2004-374 du 29 avril 2004 modifi\u00e9 relatif aux pouvoirs des pr\u00e9fets, \u00e0\nl'organisation et \u00e0 l'action des services de l'\u00c9tat dans les r\u00e9gions et d\u00e9partements ;\nVU le d\u00e9cret n\u00b02009-235 du 27 f\u00e9vrier 2009 modifi\u00e9 relatif \u00e0 l'organisation et aux missions des\ndirections r\u00e9gionales de l'environnement, de l'am\u00e9nagement et du logement ;\nVU le d\u00e9cret n\u00b02009-360 du 31 mars 2009 relatif aux emplois de direction de l'administration\nterritoriale de l'\u00c9tat ;\nVU le d\u00e9cret n\u00b0 2014-751 du 1er juillet 2014 d'application de l'ordonnance n\u00b0 2014-619 du 12\njuin 2014 relative \u00e0 l'exp\u00e9rimentation d'une autorisation unique pour les installations, ouvrages,\ntravaux et activit\u00e9s soumis \u00e0 autorisation au titre de l'article L. 214-3 du code de\nl'environnement ;\nVU l'arr\u00eat\u00e9 du 7 novembre 2006 modifi\u00e9 d\u00e9signant les services de police de l'eau comp\u00e9tents\nsur la liste des cours d'eau d\u00e9finis par l'arr\u00eat\u00e9 du 24 f\u00e9vrier 2006 pris en application de l'article 7\ndu d\u00e9cret n\u00b0 2005-636 du 30 mai 2005 relatif \u00e0 l'organisation de l'administration dans le\ndomaine de l'eau et aux missions du pr\u00e9fet coordonnateur de bassin ;\nVU le d\u00e9cret du 8 avril 2026 nommant Madame Violaine DEMARET, pr\u00e9f\u00e8te de la r\u00e9gion\nBourgogne-Franche-Comt\u00e9, pr\u00e9f\u00e8te de la C\u00f4te-d'Or ;\nVU l'arr\u00eat\u00e9 minist\u00e9riel du 18 d\u00e9cembre 2025 NOR  : TECK2531286A portant nomination de M.  Olivier \nDAVID,  ing\u00e9nieur  g\u00e9n\u00e9ral  des  mines,  en  tant  que  directeur  r\u00e9gional  de  l'environnement,  de  \nl'am\u00e9nagement et du logement Auvergne-Rh\u00f4ne-Alpes ;\nVU L'arr\u00eat\u00e9 pr\u00e9fectoral n\u00b0273 du 4 f\u00e9vrier 2026  donnant d\u00e9l\u00e9gation de signature \u00e0 M. Olivier DAVID,  \ndirecteur r\u00e9gional de l'environnement, de l'am\u00e9nagement et du logement de la r\u00e9gion Auvergne-\nRh\u00f4ne-Alpes,\nSUR proposition de M. le secr\u00e9taire g\u00e9n\u00e9ral de la pr\u00e9fecture de la C\u00f4te-d'Or;\nPr\u00e9fecture de la C\u00f4te-d'Or - 21-2026-04-27-00028 - Arr\u00eat\u00e9 pr\u00e9fectoral  n\u00b0 794 du 27 avril 2026\ndonnant d\u00e9l\u00e9gation de signature \u00e0 Monsieur Olivier DAVID , directeur r\u00e9gional de l'environnement, de l'am\u00e9nagement et du logement\nde la r\u00e9gion Auvergne-Rh\u00f4ne-Alpes, \npour le d\u00e9partement de la C\u00f4te-d'Or.\n17\nARR\u00caTE\nArticle 1 : L'arr\u00eat\u00e9 pr\u00e9fectoral n\u00b0273 du 4 f\u00e9vrier 2026  donnant d\u00e9l\u00e9gation de signature \u00e0 M. Olivier \nDAVID,  directeur  r\u00e9gional  de  l'environnement,  de  l'am\u00e9nagement  et  du  logement  de  la  r\u00e9gion  \nAuvergne-Rh\u00f4ne-Alpes,  et  toutes  dispositions  ant\u00e9rieures  et  contraires  au  pr\u00e9sent  arr\u00eat\u00e9  sont  \nabrog\u00e9s.\nArticle 2  : D\u00e9l\u00e9gation de signature est donn\u00e9e, pour le d\u00e9partement de la C\u00f4te d'Or \u00e0 M.  Olivier \nDAVID,  directeur  r\u00e9gional  de  l'environnement,  de  l'am\u00e9nagement  et  du  logement  de  la  r\u00e9gion  \nAuvergne-Rh\u00f4ne-Alpes, \u00e0 l'effet de signer les correspondances courantes et les documents cit\u00e9s ci-\ndessous relevant de ses attributions dans le domaine de la police de l'eau sur l'axe Rh\u00f4ne-Sa\u00f4ne :\n\u2022 Tous les documents et actes, dont les arr\u00eat\u00e9s de prorogation de d\u00e9lais, relatifs \u00e0 la\nproc\u00e9dure de d\u00e9claration ou d'autorisation des installations, ouvrages, travaux et activit\u00e9s\n(IOTA) en application des articles L.211-1, L.214-1 et suivants et R.214-1 et suivants du\ncode de l'environnement, ainsi que de l'ordonnance n\u00b0 2014-619 du 12 juin 2014 modifi\u00e9e\npar la loi n\u00b0 2015-992 du 17 ao\u00fbt 2015 et de son d\u00e9cret d'application\nn\u00b0 2014-751 du 1er juillet 2014, ainsi que l'ordonnance n\u00b0 2017-80 du 26 janvier 2017\nrelative \u00e0 l'autorisation environnementale et ses d\u00e9crets d'application, \u00e0 l'exception :\n\u2022 des r\u00e9c\u00e9piss\u00e9s de d\u00e9p\u00f4t de demande d'autorisation et d\u00e9clarations ;\n\u2022 des certificats de projet ;\n\u2022 des d\u00e9clarations de compl\u00e9tude des dossiers de d\u00e9clarations ;\n\u2022 de tout acte n\u00e9cessitant l'avis pr\u00e9alable du CODERST ;\n\u2022 des arr\u00eat\u00e9s de prescriptions sp\u00e9cifiques et d'opposition \u00e0 d\u00e9claration ;\n\u2022 des arr\u00eat\u00e9s de refus, de prescription compl\u00e9mentaire, d'autorisation, et des arr\u00eat\u00e9s\nmodificatifs.\n\u2022 Tous documents ou actes de proc\u00e9dure n\u00e9cessaires \u00e0 la mise en \u0153uvre de la proc\u00e9dure de\npolice administrative de l'environnement, conform\u00e9ment au titre VII \u2013 Dispositions communes\nrelatives aux contr\u00f4les et aux sanctions \u2013 du livre 1 du code de l'environnement, \u00e0\nl'exception de la d\u00e9cision portant mise en demeure et de la d\u00e9cision portant sanctions administratives.\n\u2022 Tous documents n\u00e9cessaires \u00e0 la mise en \u0153uvre de la proc\u00e9dure de police judiciaire de\nl'environnement, conform\u00e9ment au titre VII \u2013 Dispositions communes relatives aux\ncontr\u00f4les et aux sanctions \u2013 du livre 1 du code de l'environnement.\nArticle 3 : Sont exclues de la d\u00e9l\u00e9gation d\u00e9finie \u00e0 l'article 2 :\n\u2022 les conventions liant l'\u00c9tat aux collectivit\u00e9s territoriales \u00e0 leurs groupements et \u00e0 leurs\n\u00e9tablissements publics ;\n\u2022 les circulaires aux maires ;\n\u2022 toutes correspondances adress\u00e9es aux pr\u00e9sidents des assembl\u00e9es r\u00e9gionales et\nd\u00e9partementales ;\n\u2022 les r\u00e9ponses aux interventions des parlementaires et des conseillers g\u00e9n\u00e9raux lorsqu'elles\nportent sur des comp\u00e9tences relevant de l'\u00c9tat ;\n\u2022 les d\u00e9cisions qui ont trait \u00e0 l'exercice des comp\u00e9tences d\u00e9volues au Pr\u00e9fet en mati\u00e8re de\ncontr\u00f4le administratif des communes, des d\u00e9partements et de leurs \u00e9tablissements publics.\nArticle 4 : Pour l'ensemble des comp\u00e9tences susvis\u00e9es M. Oiliver DAVID, pourra subd\u00e9l\u00e9guer tout ou \npartie de la d\u00e9l\u00e9gation de signature qui lui est conf\u00e9r\u00e9e aux agents plac\u00e9s sous son autorit\u00e9.\nLes d\u00e9cisions de subd\u00e9l\u00e9gation seront adress\u00e9es \u00e0 la pr\u00e9f\u00e8te de la C\u00f4te d'Or et feront l'objet d'une  \npublication au recueil des actes administratifs de la pr\u00e9fecture de la C\u00f4te-d'Or.\n2/3\nPr\u00e9fecture de la C\u00f4te-d'Or - 21-2026-04-27-00028 - Arr\u00eat\u00e9 pr\u00e9fectoral  n\u00b0 794 du 27 avril 2026\ndonnant d\u00e9l\u00e9gation de signature \u00e0 Monsieur Olivier DAVID , directeur r\u00e9gional de l'environnement, de l'am\u00e9nagement et du logement\nde la r\u00e9gion Auvergne-Rh\u00f4ne-Alpes, \npour le d\u00e9partement de la C\u00f4te-d'Or.\n18\nArticle  5  :  Le  secr\u00e9taire  g\u00e9n\u00e9ral  de  la  pr\u00e9fecture  de  la  C\u00f4te-d'Or  et  le  directeur  r\u00e9gional  de  \nl'environnement,  de  l'am\u00e9nagement  et  du  logement  de  la  r\u00e9gion  Auvergne-Rh\u00f4ne-  Alpes,  sont  \ncharg\u00e9s de l'ex\u00e9cution du pr\u00e9sent arr\u00eat\u00e9 qui sera publi\u00e9 au recueil des actes administratifs de la  \npr\u00e9fecture de la C\u00f4te-d'Or.\nFait \u00e0 Dijon, le 27/04/2026\nLa pr\u00e9f\u00e8te,\nORIGINAL SIGNE PAR\nViolaine DEMARET\nVoies et d\u00e9lais de recours\nLa pr\u00e9sente d\u00e9cision peut faire l'objet d'un recours contentieux, aupr\u00e8s du tribunal administratif de  \nDijon, 22 rue d'Assas \u2013 B.P. 61616 \u2013 21 016 DIJON CEDEX dans un d\u00e9lai de deux (2) mois \u00e0 compter \nde la publication de la d\u00e9cision.\nDans le m\u00eame d\u00e9lai de 2  mois, un recours gracieux peut . Le silence gard\u00e9 par l'administration  \npendant plus deux mois sur la demande de recours gracieux emporte d\u00e9cision implicite de rejet de  \ncette demande, conform\u00e9ment \u00e0 l'article R. 421-2 du  de justice administrative. Celui-ci prolonge le  \nd\u00e9lai de recours contentieux qui doit \u00eatre introduit dans les 2 mois suivant la r\u00e9ponse.\nLe tribunal administratif peut \u00eatre saisi par un recours d\u00e9pos\u00e9 via l'application T\u00e9l\u00e9recours citoyens  \naccessible par le site internet : www.telerecours.fr\n3/3\nPr\u00e9fecture de la C\u00f4te-d'Or - 21-2026-04-27-00028 - Arr\u00eat\u00e9 pr\u00e9fectoral  n\u00b0 794 du 27 avril 2026\ndonnant d\u00e9l\u00e9gation de signature \u00e0 Monsieur Olivier DAVID , directeur r\u00e9gional de l'environnement, de l'am\u00e9nagement et du logement\nde la r\u00e9gion Auvergne-Rh\u00f4ne-Alpes, \npour le d\u00e9partement de la C\u00f4te-d'Or.\n19\nPr\u00e9fecture de la C\u00f4te-d'Or\nDirection de la coordination, des politiques\npubliques et de l'appui territorial\n21-2026-04-27-00016\nArr\u00eat\u00e9 pr\u00e9fectoral n\u00b0  785 / SG du 27 avril 2026\n donnant d\u00e9l\u00e9gation de signature \u00e0 Monsieur\nYves PICOCHE, directeur d\u00e9partemental des\nterritoires de Sa\u00f4ne-et-Loire, pour la mission\nd'instruction des demandes d'autorisations\nindividuelles des transports exceptionnels\nPr\u00e9fecture de la C\u00f4te-d'Or - 21-2026-04-27-00016 - Arr\u00eat\u00e9 pr\u00e9fectoral n\u00b0  785 / SG du 27 avril 2026\n donnant d\u00e9l\u00e9gation de signature \u00e0 Monsieur Yves PICOCHE, directeur d\u00e9partemental des territoires de Sa\u00f4ne-et-Loire, pour la\nmission d'instruction des demandes d'autorisations individuelles des transports exceptionnels\n20\nPREFETEDELACOTE-D'ORLibert\u00e9Egalit\u00e9Fraternit\u00e9\nArr\u00eat\u00e9 pr\u00e9fectoral n\u00b0  785 / SG du 27 avril 2026\n donnant d\u00e9l\u00e9gation de signature \u00e0 Monsieur Yves PICOCHE, directeur d\u00e9partemental des \nterritoires de Sa\u00f4ne-et-Loire, pour la mission d'instruction des demandes d'autorisations \nindividuelles des transports exceptionnels\nLa pr\u00e9f\u00e8te de la C\u00f4te-d'Or\nVu le code de la route, notamment les articles R.433-1 \u00e0 R.433-6, R.433-8, R.435-1 et R.436-1,\nVu le code de la voirie routi\u00e8re,\nVu le code g\u00e9n\u00e9ral des collectivit\u00e9s territoriales,\nVu  le  d\u00e9cret  n\u00b0  2004-374  du  29  avril  2004  modifi\u00e9  relatif  aux  pouvoirs  des  pr\u00e9fets,  \u00e0  \nl'organisation et \u00e0 l'action des services de l'\u00c9tat dans les r\u00e9gions et d\u00e9partements et notamment  \nses articles 24 et 44-1,\nVu  le  d\u00e9cret  n\u00b0  2009-1484  du  3  d\u00e9cembre  2009  relatif  \u00e0  la  cr\u00e9ation  des  directions  \nd\u00e9partementales interminist\u00e9rielles,\nVu le d\u00e9cret n\u00b0 2015-510 du 7 mai 2015 portant charte de la d\u00e9concentration, notamment son  \narticle 14,\nVu le  d\u00e9cret  du  8  avril  2026  nommant  Madame  Violaine  DEMARET,  pr\u00e9f\u00e8te  de  la  r\u00e9gion\nBourgogne-Franche-Comt\u00e9, pr\u00e9f\u00e8te de la C\u00f4te-d'Or;\nVu l'arr\u00eat\u00e9 du 4 mai 2006 relatif aux transports exceptionnels de marchandises, d'engins ou de  \nv\u00e9hicules et ensembles de v\u00e9hicules comportant plus d'une remorque,\nVu l'arr\u00eat\u00e9 minist\u00e9riel  du 18 d\u00e9cembre 2024 nommant Monsieur Yves PICOCHE, directeur  \nd\u00e9partemental adjoint des territoires de Sa\u00f4ne-et-Loire,\nVu la convention de mutualisation du 2 octobre 2015 confiant \u00e0 la Direction D\u00e9partementale des  \nTerritoires de Sa\u00f4ne-et-Loire la mission d'instruction des demandes d'autorisation de transport  \nexceptionnel dans le ressort territorial du d\u00e9partement de la C\u00f4te-d'Or,\nVu  l'arr\u00eat\u00e9 n\u00b0  76 /SG du 14 janvier 2025  donnant d\u00e9l\u00e9gation de signature \u00e0 Monsieur Yves  \nPICOCHE,  directeur  d\u00e9partemental  des  territoires  de  Sa\u00f4ne-et-Loire,  pour  la  mission  \nd'instruction des demandes d'autorisations individuelles des transports exceptionnels\nSUR proposition de la directrice de cabinet de la pr\u00e9fecture de la C\u00f4te d'Or:\nPr\u00e9fecture de la C\u00f4te-d'Or - 21-2026-04-27-00016 - Arr\u00eat\u00e9 pr\u00e9fectoral n\u00b0  785 / SG du 27 avril 2026\n donnant d\u00e9l\u00e9gation de signature \u00e0 Monsieur Yves PICOCHE, directeur d\u00e9partemental des territoires de Sa\u00f4ne-et-Loire, pour la\nmission d'instruction des demandes d'autorisations individuelles des transports exceptionnels\n21\nARR\u00caTE\nArticle 1  er   :\nL'arr\u00eat\u00e9 pr\u00e9fectoral n\u00b076  / SG du 14 janvier 2025 donnant d\u00e9l\u00e9gation de signature \u00e0 Monsieur  \nYves  PICOCHE,  directeur  d\u00e9partemental  des  territoires  de  Sa\u00f4ne-et-Loire,  pour  la  mission \nd'instruction des demandes d'autorisations individuelles des transports exceptionnels et toutes \ndispositions contraires au pr\u00e9sent arr\u00eat\u00e9 sont abrog\u00e9s.\nArticle 2 :\nD\u00e9l\u00e9gation de signature est accord\u00e9e \u00e0 Monsieur Yves PICOCHE, directeur d\u00e9partemental des  \nterritoires de Sa\u00f4ne-et-Loire \u00e0 l'effet de signer, au nom de la pr\u00e9f\u00e8te de la C\u00f4te-d'Or, les  \nd\u00e9cisions et documents portant sur l'instruction des demandes d'autorisations individuelles de  \ntransports exceptionnels \u00e0 compter de la publication du pr\u00e9sent arr\u00eat\u00e9 au recueil des actes  \nadministratifs des d\u00e9partements de la C\u00f4te-d'Or et de Sa\u00f4ne-et-Loire.\nArticle 3 :\nEn application du paragraphe I de l'article 44 du d\u00e9cret susvis\u00e9 du 29 avril 2004, Monsieur Yves  \nPICOCHE peut subd\u00e9l\u00e9guer sa signature aux agents plac\u00e9s sous son autorit\u00e9, par arr\u00eat\u00e9 publi\u00e9  \naux recueils des actes administratifs de la pr\u00e9fecture de Sa\u00f4ne-et-Loire et de la pr\u00e9fecture de la  \nC\u00f4te-d'Or.\nArticle 4 :\nLes secr\u00e9taires g\u00e9n\u00e9raux des pr\u00e9fectures de la C\u00f4te-d'Or et de la Sa\u00f4ne-et-Loire, la directrice de  \ncabinet de la pr\u00e9fecture de la C\u00f4te d'Or ainsi que le directeur d\u00e9partemental des territoires de  \nSa\u00f4ne-et-Loire, sont charg\u00e9s, chacun en ce qui le concerne, de l'ex\u00e9cution du pr\u00e9sent arr\u00eat\u00e9 qui  \nsera publi\u00e9 au recueil des actes administratifs des pr\u00e9fectures de la C\u00f4te-d'Or et de Sa\u00f4ne-et-\nLoire.\nFait \u00e0 Dijon, le 27/04/2026\nLa Pr\u00e9f\u00e8te\nORIGINAL SIGNE PAR\nViolaine DEMARET\nVoies et d\u00e9lais de recours\nLa pr\u00e9sente d\u00e9cision peut faire l'objet d'un recours contentieux, aupr\u00e8s du tribunal administratif de  \nDijon, 22 rue d'Assas \u2013 B.P. 61616 \u2013 21 016 DIJON CEDEX dans un d\u00e9lai de deux (2) mois \u00e0 compter \nde la publication de la d\u00e9cision.\nDans le m\u00eame d\u00e9lai de 2  mois, un recours gracieux peut . Le silence gard\u00e9 par l'administration  \npendant plus deux mois sur la demande de recours gracieux emporte d\u00e9cision implicite de rejet de  \ncette demande, conform\u00e9ment \u00e0 l'article R. 421-2 du  de justice administrative. Celui-ci prolonge le  \nd\u00e9lai de recours contentieux qui doit \u00eatre introduit dans les 2 mois suivant la r\u00e9ponse.\nLe tribunal administratif peut \u00eatre saisi par un recours d\u00e9pos\u00e9 via l'application T\u00e9l\u00e9recours citoyens  \naccessible par le site internet : www.telerecours.fr\n2/2\nPr\u00e9fecture de la C\u00f4te-d'Or - 21-2026-04-27-00016 - Arr\u00eat\u00e9 pr\u00e9fectoral n\u00b0  785 / SG du 27 avril 2026\n donnant d\u00e9l\u00e9gation de signature \u00e0 Monsieur Yves PICOCHE, directeur d\u00e9partemental des territoires de Sa\u00f4ne-et-Loire, pour la\nmission d'instruction des demandes d'autorisations individuelles des transports exceptionnels\n22\nPr\u00e9fecture de la C\u00f4te-d'Or\nDirection de la coordination, des politiques\npubliques et de l'appui territorial\n21-2026-04-27-00001\nArr\u00eat\u00e9 pr\u00e9fectoral n\u00b0 769  / SG du 27 avril 2026\nportant d\u00e9l\u00e9gation de signature \u00e0 Monsieur\nJ\u00e9r\u00f4me JARDRY, directeur acad\u00e9mique des\nservices de l'\u00e9ducation nationale de la C\u00f4te d'Or\nPr\u00e9fecture de la C\u00f4te-d'Or - 21-2026-04-27-00001 - Arr\u00eat\u00e9 pr\u00e9fectoral n\u00b0 769  / SG du 27 avril 2026\nportant d\u00e9l\u00e9gation de signature \u00e0 Monsieur J\u00e9r\u00f4me JARDRY, directeur acad\u00e9mique des services de l'\u00e9ducation nationale de la C\u00f4te\nd'Or\n23\nPREFETEDE LACOTE-D'ORLibert\u00e9Egalit\u00e9Fraternit\u00e9\nArr\u00eat\u00e9 pr\u00e9fectoral n\u00b0 769  / SG du 27 avril 2026\nportant d\u00e9l\u00e9gation de signature \u00e0 Monsieur J\u00e9r\u00f4me JARDRY, directeur acad\u00e9mique \ndes services de l'\u00e9ducation nationale de la C\u00f4te d'Or\nLa pr\u00e9f\u00e8te de la C\u00f4te-d'Or \nVU le code de l'\u00e9ducation ;\nVU le code des march\u00e9s publics ;\nVU la loi n\u00b0 82-213 du 2 mars 1982 modifi\u00e9e relative aux droits et libert\u00e9s des communes, des  \nd\u00e9partements et des r\u00e9gions, notamment son article 34 ;\nVU la loi organique n\u00b0 2001-692 du 1er ao\u00fbt 2001 modifi\u00e9e relative aux lois de finances ;\nVU le d\u00e9cret n\u00b0 2025-723 du 30 juillet 2025 modifiant le d\u00e9cret n\u00b0 2004-374 du 29 avril 2004  \nrelatif aux pouvoirs des pr\u00e9fets, \u00e0 l'organisation et \u00e0 l'action des services de l'\u00c9tat dans les  \nr\u00e9gions et d\u00e9partements ; \nVU le d\u00e9cret n\u00b0 2025-726 du 30 juillet 2025 renfor\u00e7ant les pouvoirs des pr\u00e9fets \u00e0 l'\u00e9gard des  \nautorit\u00e9s acad\u00e9miques ;\nVU le d\u00e9cret n\u00b0 2012-16 du 5 janvier 2012 relatif \u00e0 l'organisation acad\u00e9mique ;\nVU le d\u00e9cret n\u00b02012-1246 du 7 novembre 2012 relatif \u00e0 la gestion budg\u00e9taire et comptable  \npublique.\nVU  le  d\u00e9cret  du  Pr\u00e9sident  de  la  R\u00e9publique  du  28  f\u00e9vrier  2026  portant  nomination  de  \nMonsieur J\u00e9rome JARDRY, directeur acad\u00e9mique des services de l'\u00e9ducation nationale de la  \nC\u00f4te d'Or ;\nVU le d\u00e9cret du Pr\u00e9sident de la R\u00e9publique du 8 avril  2026 portant nomination de Madame  \nViolaine DEMARET, en qualit\u00e9 de pr\u00e9f\u00e8te de la r\u00e9gion Bourgogne Franche-Comt\u00e9, pr\u00e9f\u00e8te de  \nla C\u00f4te-d'Or ;\nVU l'arr\u00eat\u00e9 minist\u00e9riel du 3 juillet 2009 portant r\u00e8glement de comptabilit\u00e9 pour la d\u00e9signation  \ndes ordonnateurs secondaires et  de leurs d\u00e9l\u00e9gu\u00e9s en ce qui concerne le minist\u00e8re de  \nl'\u00e9ducation nationale, qui abroge et remplace l'arr\u00eat\u00e9 du 7 janvier 2003 ;\nVU l'arr\u00eat\u00e9 pr\u00e9fectoral n\u00b0574 /SG du 28 mars 2026 portant d\u00e9l\u00e9gation de signature \u00e0 Monsieur \nJ\u00e9r\u00f4me JARDRY, IA-DASEN, directeur acad\u00e9mique des services de l'\u00e9ducation nationale de  \nla C\u00f4te d'Or ;\nSur proposition de Monsieur le secr\u00e9taire g\u00e9n\u00e9ral de la pr\u00e9fecture de la C\u00f4te-d'Or:\nPr\u00e9fecture de la C\u00f4te-d'Or - 21-2026-04-27-00001 - Arr\u00eat\u00e9 pr\u00e9fectoral n\u00b0 769  / SG du 27 avril 2026\nportant d\u00e9l\u00e9gation de signature \u00e0 Monsieur J\u00e9r\u00f4me JARDRY, directeur acad\u00e9mique des services de l'\u00e9ducation nationale de la C\u00f4te\nd'Or\n24\nARR\u00caTE\nArticle 1  er   : L'arr\u00eat\u00e9 pr\u00e9fectoral N\u00b0 574 /SG du 23 mars 2026 donnant d\u00e9l\u00e9gation de  \nsignature \u00e0 Monsieur J\u00e9r\u00f4me JARDRY, directeur acad\u00e9mique des services de l' \u00e9ducation \nnationale de la C\u00f4te d'Or  ainsi que toutes dispositions ant\u00e9rieures contraires aux pr\u00e9sents  \narr\u00eat\u00e9s sont abrog\u00e9s.\nSECTION I :   COMPETENCES   EN MATIERE D'ADMINISTRATION GENERALE  \n  \nArticle 2  :  D\u00e9l\u00e9gation de signature est donn\u00e9e \u00e0  Monsieur J\u00e9rome JARDRY , directeur  \nacad\u00e9mique des services de l'\u00e9ducation nationale de la C\u00f4te d'Or, \u00e0 l'effet de signer dans le \ncadre  de  ses  attributions  et  comp\u00e9tences,  les  actes  administratifs  concernant  les  \n\u00e9tablissements d'enseignement priv\u00e9s sous contrat avec l'\u00c9tat :\n- contrat d'association et contrat simple : signature des contrats et avenants (articles  \nL.442-5, L.442-12 et R.442-33 \u00e0 R.442-61 du code de l'\u00e9ducation\nSECTION  II  :  COMPETENCE  D'ORDONNATEUR  SECONDAIRE  EN  QUALITE  DE  \nRESPONSABLE D'UNITE OPERATIONNELLE\nArticle 3 : D\u00e9l\u00e9gation de signature est donn\u00e9e \u00e0 Monsieur J\u00e9rome JARDRY , en sa qualit\u00e9  \nde responsable d'unit\u00e9 op\u00e9rationnelle pour proc\u00e9der \u00e0 l'ordonnancement secondaire des  \nrecettes et des d\u00e9penses de l'\u00c9tat imput\u00e9es sur les titres 3 et 6 des budgets op\u00e9rationnels \nde programme suivants :\n- enseignement scolaire public du premier degr\u00e9 (B.O.P. 140) ;\n- vie de l'\u00e9l\u00e8ve (B.O.P. 230) ;\nArticle 4 : Demeurent soumis \u00e0 la signature de la pr\u00e9f\u00e8te, quel qu'en soit le montant : \n- les ordres de r\u00e9quisition du comptable public \n- les d\u00e9cisions de passer outre \u00e0 l'avis d\u00e9favorable du contr\u00f4leur financier rendu a  \npriori.\nArticle 5 : Un compte-rendu d'utilisation des cr\u00e9dits pour l'exercice budg\u00e9taire, comprenant  \nla liste des op\u00e9rations qui ont \u00e9t\u00e9 financ\u00e9es, sera adress\u00e9 trimestriellement \u00e0 la pr\u00e9f\u00e8te, ainsi  \nqu'une copie des comptes-rendus adress\u00e9s aux responsables des programmes et budgets  \nop\u00e9rationnels de programme (atteinte des objectifs, suivi des indicateurs) dont rel\u00e8vent les  \nunit\u00e9s op\u00e9rationnelles susvis\u00e9es.\nSECTION III : DISPOSITIONS COMMUNES\nArticle 6 : Monsieur J\u00e9rome JARDRY peut subd\u00e9l\u00e9guer sa signature aux agents plac\u00e9s  \nsous son autorit\u00e9  pour signer les actes relatifs aux affaires pour lesquelles il a lui-m\u00eame  \nre\u00e7u d\u00e9l\u00e9gation.\nPr\u00e9fecture de la C\u00f4te-d'Or - 21-2026-04-27-00001 - Arr\u00eat\u00e9 pr\u00e9fectoral n\u00b0 769  / SG du 27 avril 2026\nportant d\u00e9l\u00e9gation de signature \u00e0 Monsieur J\u00e9r\u00f4me JARDRY, directeur acad\u00e9mique des services de l'\u00e9ducation nationale de la C\u00f4te\nd'Or\n25\nCes d\u00e9cisions, qui feront l'objet d'arr\u00eat\u00e9s, viseront nominativement les agents concern\u00e9s et  \nleur  seront  notifi\u00e9es.  Ces  arr\u00eat\u00e9s,  dont  copie  sera  adress\u00e9e  \u00e0  la  pr\u00e9f\u00e8te  ainsi  qu'au \ndirecteur r\u00e9gional des finances publiques de Bourgogne-Franche-Comt\u00e9 et du d\u00e9partement \nde la C\u00f4te-d'Or,  seront publi\u00e9s au recueil des actes administratifs de la  pr\u00e9fecture de la  \nC\u00f4te d'Or.\nArticle 7  :    Monsieur le secr\u00e9taire g\u00e9n\u00e9ral de la pr\u00e9fecture de la C\u00f4te-d'Or et Monsieur le  \ndirecteur des services de l'\u00e9ducation nationale de la C\u00f4te d'Or sont charg\u00e9s, chacun en ce  \nqui le concerne, de l'ex\u00e9cution du pr\u00e9sent arr\u00eat\u00e9 qui sera publi\u00e9 au recueil des actes  \nadministratifs de la pr\u00e9fecture.\nFait \u00e0 Dijon, le 27/04/2026\nLa pr\u00e9f\u00e8te\nORIGINAL SIGNE PAR\nViolaine DEMARET\nVoies et d\u00e9lais de recours\nLa  pr\u00e9sente  d\u00e9cision  peut  faire  l'objet  d'un  recours  contentieux,  aupr\u00e8s  du  tribunal  \nadministratif de Dijon, 22 rue d'Assas \u2013 B.P. 61616 \u2013 21 016 DIJON CEDEX dans un d\u00e9lai de  \ndeux (2) mois \u00e0 compter de la publication de la d\u00e9cision.\nDans  le  m\u00eame  d\u00e9lai  de  2  mois,  un  recours  gracieux  peut  .  Le  silence  gard\u00e9  par  \nl'administration pendant plus deux mois sur la demande de recours gracieux emporte d\u00e9cision \nimplicite  de  rejet  de  cette  demande,  conform\u00e9ment  \u00e0  l'article  R.  421-2  du   de  justice  \nadministrative. Celui-ci prolonge le d\u00e9lai de recours contentieux qui doit \u00eatre introduit dans les  \n2 mois suivant la r\u00e9ponse.\nLe tribunal administratif peut \u00eatre saisi par un recours d\u00e9pos\u00e9 via l'application T\u00e9l\u00e9recours  \ncitoyens accessible par le site internet : www.telerecours.fr\nPr\u00e9fecture de la C\u00f4te-d'Or - 21-2026-04-27-00001 - Arr\u00eat\u00e9 pr\u00e9fectoral n\u00b0 769  / SG du 27 avril 2026\nportant d\u00e9l\u00e9gation de signature \u00e0 Monsieur J\u00e9r\u00f4me JARDRY, directeur acad\u00e9mique des services de l'\u00e9ducation nationale de la C\u00f4te\nd'Or\n26\nPr\u00e9fecture de la C\u00f4te-d'Or\nDirection de la coordination, des politiques\npubliques et de l'appui territorial\n21-2026-04-27-00002\nArr\u00eat\u00e9 pr\u00e9fectoral n\u00b0 770  / SG du 27 avril 2026\n donnant d\u00e9l\u00e9gation de signature au g\u00e9n\u00e9ral de\ndivision Christophe HUSSON,\ncommandant de la r\u00e9gion de gendarmerie\nBourgogne-Franche-Comt\u00e9,\ncommandant le groupement de gendarmerie\nd\u00e9partementale de la C\u00f4te-d'Or.\nPr\u00e9fecture de la C\u00f4te-d'Or - 21-2026-04-27-00002 - Arr\u00eat\u00e9 pr\u00e9fectoral n\u00b0 770  / SG du 27 avril 2026\n donnant d\u00e9l\u00e9gation de signature au g\u00e9n\u00e9ral de division Christophe HUSSON,\ncommandant de la r\u00e9gion de gendarmerie Bourgogne-Franche-Comt\u00e9,\ncommandant le groupement de gendarmerie d\u00e9partementale de la C\u00f4te-d'Or.\n27\nPREFETEDELACOTE-D'ORLibert\u00e9Egalit\u00e9Fraternit\u00e9\nArr\u00eat\u00e9 pr\u00e9fectoral n\u00b0 770  / SG du 27 avril 2026\n donnant d\u00e9l\u00e9gation de signature au g\u00e9n\u00e9ral de division Christophe HUSSON,\ncommandant de la r\u00e9gion de gendarmerie Bourgogne-Franche-Comt\u00e9,\ncommandant le groupement de gendarmerie d\u00e9partementale de la C\u00f4te-d'Or.\nLa pr\u00e9f\u00e8te de la C\u00f4te-d'Or.\nVU la loi organique n\u00b0 2001-692 du 1er ao\u00fbt 2001 modifi\u00e9e relative aux lois de finances ;\nVU le d\u00e9cret n\u00b0 62-1587 du 29 d\u00e9cembre 1962 portant r\u00e8glement g\u00e9n\u00e9ral sur la comptabilit\u00e9  \npublique, notamment les articles 96 et suivants ;\nVU le d\u00e9cret n\u00b0 97-199 du 5 mars 1997 modifi\u00e9 par le d\u00e9cret n\u00b0 2010-1295 du 28  octobre 2010 \nrelatif au remboursement de certaines d\u00e9penses support\u00e9es par les forces de police et de  \ngendarmerie ;\nVU le  d\u00e9cret  n\u00b0  2005-54  du  27  janvier  2005  relatif  au  contr\u00f4le  financier  au  sein  des  \nadministrations de l'\u00c9tat ;\nVU le d\u00e9cret n\u00b0 2025-723 du 30 juillet 2025 modifiant le d\u00e9cret n\u00b0 2004-374 du 29 avril 2004  \nrelatif aux pouvoirs des pr\u00e9fets, \u00e0 l'organisation et \u00e0 l'action des services de l'\u00c9tat dans les  \nr\u00e9gions et d\u00e9partements ; \nVU le d\u00e9cret du 30 juillet 2025 portant affectation d'officiers g\u00e9n\u00e9raux, par lequel M. Rudy  \nGASPARD  est  nomm\u00e9  commandant  en  second  de  la  r\u00e9gion  de  gendarmerie  Bourgogne-\nFranche-Comt\u00e9, commandant en second du groupement de gendarmerie d\u00e9partementale de la  \nC\u00f4te d'Or \u00e0 compter du 1er ao\u00fbt 2025 ;\nVU le d\u00e9cret du 10 d\u00e9cembre 2025 portant affectation d'officiers g\u00e9n\u00e9raux, par lequel Monsieur  \nle  g\u00e9n\u00e9ral  de  division  Christophe  HUSSON  est  nomm\u00e9  commandant  de  la  r\u00e9gion  de  \ngendarmerie  Bourgogne-Franche-Comt\u00e9,  commandant  du  groupement  de  gendarmerie  \nd\u00e9partementale de la C\u00f4te-d'Or \u00e0 compter du 1er janvier 2026 ;\nVU le d\u00e9cret du Pr\u00e9sident de la R\u00e9publique du 8 avril 2026 portant nomination de Madame  \nViolaine DEMARET, en qualit\u00e9 de pr\u00e9f\u00e8te de la r\u00e9gion Bourgogne Franche-Comt\u00e9, pr\u00e9f\u00e8te de la  \nC\u00f4te-d'Or ;\nVU l'arr\u00eat\u00e9 minist\u00e9riel du 28 octobre 2010 fixant le montant des remboursements de certaines  \nd\u00e9penses support\u00e9es par les forces de police et de gendarmerie ;\nVU l'arr\u00eat\u00e9 pr\u00e9fectoral n\u00b01830  /SG du 16 d\u00e9cembre 2025 donnant d\u00e9l\u00e9gation de signature au  \ng\u00e9n\u00e9ral Christophe HUSSON commandant de la r\u00e9gion de gendarmerie Bourgogne-Franche-\nComt\u00e9, commandant le groupement de gendarmerie d\u00e9partementale de la C\u00f4te-d'Or ;\nSur proposition de Madame la directrice de cabinet de la pr\u00e9fecture de la C\u00f4te-d'Or :\nPr\u00e9fecture de la C\u00f4te-d'Or - 21-2026-04-27-00002 - Arr\u00eat\u00e9 pr\u00e9fectoral n\u00b0 770  / SG du 27 avril 2026\n donnant d\u00e9l\u00e9gation de signature au g\u00e9n\u00e9ral de division Christophe HUSSON,\ncommandant de la r\u00e9gion de gendarmerie Bourgogne-Franche-Comt\u00e9,\ncommandant le groupement de gendarmerie d\u00e9partementale de la C\u00f4te-d'Or.\n28\nARR\u00caTE\nArticle 1er     :   L' arr\u00eat\u00e9 pr\u00e9fectoral n\u00b0 1830 /SG du 16 d\u00e9cembre 2025  donnant d\u00e9l\u00e9gation de  \nsignature  au  g\u00e9n\u00e9ral  Christophe  HUSSON,  commandant  de  la  r\u00e9gion  de  gendarmerie  \nBourgogne-Franche-Comt\u00e9, commandant le groupement de gendarmerie d\u00e9partementale de la  \nC\u00f4te-d'Or et toutes dispositions ant\u00e9rieures et contraires au pr\u00e9sent arr\u00eat\u00e9 sont abrog\u00e9s.\nArticle 2     :   D\u00e9l\u00e9gation de signature est donn\u00e9e au g\u00e9n\u00e9ral de division Christophe HUSSON , \ncommandant  la  r\u00e9gion  de  gendarmerie  de  Bourgogne-Franche-Comt\u00e9,  commandant  le  \ngroupement  de  gendarmerie  d\u00e9partementale  de  la  C\u00f4te-d'Or,  \u00e0  l'effet  de  signer  les  actes \nd\u00e9sign\u00e9s ci-apr\u00e8s :\n\u2022 les conventions de prestations ex\u00e9cut\u00e9es par les forces de gendarmerie dans le cadre  \nd\u00e9fini par le d\u00e9cret n\u00b0 97-199 du 5 mars 1997 modifi\u00e9 par le d\u00e9cret n\u00b0 2010-1295 du  \n28 octobre 2010, dans la mesure o\u00f9 le service d'ordre s'\u00e9tend sur la seule zone de  \ngendarmerie ;\n\u2022 les \u00e9tats liquidatifs se rapportant \u00e0 ces conventions ;\n\u2022 la certification des factures et l'\u00e9tablissement de certificats administratifs n\u00e9cessaires aux \nmandatements (se rapportant \u00e0 ces conventions).\n\u2022 les arr\u00eat\u00e9s portant immobilisation et/ou mise en fourri\u00e8re \u00e0 titre provisoire d'un v\u00e9hicule  \nainsi que les autorisations d\u00e9finitives de sortie de mise en fourri\u00e8re concernant la zone  \ngendarmerie.\n\u2022 l'affectation et la mise \u00e0 disposition d'agents\n\u2022 le  d\u00e9placement,  l'emploi  et  la  mise  \u00e0  disposition  de  v\u00e9hicules,  de  mat\u00e9riels  ou  \nd'\u00e9quipements\n\u2022 les prestations d'escorte\nArticle 3     :   En cas d'absence ou d'emp\u00eachement du g\u00e9n\u00e9ral de division Christophe HUSSON, la  \nd\u00e9l\u00e9gation qui lui est accord\u00e9e est exerc\u00e9e par le g\u00e9n\u00e9ral Rudy GASPARD, commandant en  \nsecond  de  la  r\u00e9gion  de  gendarmerie  de  Bourgogne-Franche-Comt\u00e9  et  du  groupement  de  \ngendarmerie d\u00e9partementale de la C\u00f4te-d'Or.\nLes d\u00e9cisions de subd\u00e9l\u00e9gation seront adress\u00e9es \u00e0 la pr\u00e9f\u00e8te  de la r\u00e9gion Bourgogne Franche-\nComt\u00e9, pr\u00e9f\u00e8te de la C\u00f4te d'Or, ainsi qu'\u00e0 Monsieur le directeur r\u00e9gional des finances publiques  \nde  la  r\u00e9gion  Bourgogne-Franche-Comt\u00e9  et  du  d\u00e9partement  de  la  C\u00f4te  d'Or,  viseront  \nnominativement  les  agents  int\u00e9ress\u00e9s  et  leur  seront  notifi\u00e9es.  Elles  feront  l'objet  d'une  \npublication au recueil des actes administratifs de la pr\u00e9fecture de la C\u00f4te d'Or.\nArticle 4  : Le secr\u00e9taire g\u00e9n\u00e9ral de la pr\u00e9fecture de la C\u00f4te-d'Or, la directrice de cabinet, le  \ng\u00e9n\u00e9ral de division Christophe HUSSON, commandant la r\u00e9gion de gendarmerie Bourgogne-\nFranche-Comt\u00e9 et commandant le groupement de gendarmerie d\u00e9partementale de la C\u00f4te-d'Or,  \nainsi que le g\u00e9n\u00e9ral Rudy GASPARD, commandant en second de la r\u00e9gion de gendarmerie de  \nBourgogne-Franche-Comt\u00e9 et le groupement de gendarmerie d\u00e9partementale de la C\u00f4te-d'Or , \nsont charg\u00e9s, chacun pour ce qui le concerne, de l'ex\u00e9cution du pr\u00e9sent arr\u00eat\u00e9 qui sera publi\u00e9  \nau recueil des actes administratifs de la pr\u00e9fecture de la C\u00f4te-d'Or.\nFait \u00e0 Dijon, le 27/04/26\nLa Pr\u00e9f\u00e8te,\nORIGINAL SIGNE PAR\nViolaine DEMARET\nPr\u00e9fecture de la C\u00f4te-d'Or - 21-2026-04-27-00002 - Arr\u00eat\u00e9 pr\u00e9fectoral n\u00b0 770  / SG du 27 avril 2026\n donnant d\u00e9l\u00e9gation de signature au g\u00e9n\u00e9ral de division Christophe HUSSON,\ncommandant de la r\u00e9gion de gendarmerie Bourgogne-Franche-Comt\u00e9,\ncommandant le groupement de gendarmerie d\u00e9partementale de la C\u00f4te-d'Or.\n29\nVoies et d\u00e9lais de recours\nLa pr\u00e9sente d\u00e9cision peut faire l'objet d'un recours contentieux, aupr\u00e8s du tribunal administratif de  \nDijon, 22 rue d'Assas \u2013 B.P. 61616 \u2013 21 016 DIJON CEDEX dans un d\u00e9lai de deux (2) mois \u00e0 compter \nde la publication de la d\u00e9cision.\nDans le m\u00eame d\u00e9lai de 2  mois, un recours gracieux peut . Le silence gard\u00e9 par l'administration  \npendant plus deux mois sur la demande de recours gracieux emporte d\u00e9cision implicite de rejet de  \ncette demande, conform\u00e9ment \u00e0 l'article R. 421-2 du  de justice administrative. Celui-ci prolonge le  \nd\u00e9lai de recours contentieux qui doit \u00eatre introduit dans les 2 mois suivant la r\u00e9ponse.\nLe tribunal administratif peut \u00eatre saisi par un recours d\u00e9pos\u00e9 via l'application T\u00e9l\u00e9recours citoyens  \naccessible par le site internet : www.telerecours.fr\nPr\u00e9fecture de la C\u00f4te-d'Or - 21-2026-04-27-00002 - Arr\u00eat\u00e9 pr\u00e9fectoral n\u00b0 770  / SG du 27 avril 2026\n donnant d\u00e9l\u00e9gation de signature au g\u00e9n\u00e9ral de division Christophe HUSSON,\ncommandant de la r\u00e9gion de gendarmerie Bourgogne-Franche-Comt\u00e9,\ncommandant le groupement de gendarmerie d\u00e9partementale de la C\u00f4te-d'Or.\n30\nPr\u00e9fecture de la C\u00f4te-d'Or\nDirection de la coordination, des politiques\npubliques et de l'appui territorial\n21-2026-04-27-00003\nArr\u00eat\u00e9 pr\u00e9fectoral N\u00b0 772  /SG  du 27 avril 2026\ndonnant  de d\u00e9l\u00e9gation de signature  Monsieur\nLarry OUVRARD, \nDirecteur du Service d\u00e9partemental d'incendie\net de secours de la C\u00f4te d'Or\nPr\u00e9fecture de la C\u00f4te-d'Or - 21-2026-04-27-00003 - Arr\u00eat\u00e9 pr\u00e9fectoral N\u00b0 772  /SG  du 27 avril 2026\ndonnant  de d\u00e9l\u00e9gation de signature  Monsieur Larry OUVRARD, \nDirecteur du Service d\u00e9partemental d'incendie et de secours de la C\u00f4te d'Or\n31\n=PREFETEDE LACOTE-D'ORLibert\u00e9Egalit\u00e9Fraternit\u00e9\n         Arr\u00eat\u00e9 pr\u00e9fectoral N\u00b0 772  /SG  du 27 avril 2026\ndonnant  de d\u00e9l\u00e9gation de signature  Monsieur Larry OUVRARD, \nDirecteur du Service d\u00e9partemental d'incendie et de secours de la C\u00f4te d'Or\nLa Pr\u00e9f\u00e8te de la C\u00f4te-d'Or\nVu le Code g\u00e9n\u00e9ral des collectivit\u00e9s territoriales et  notamment son  article L 1424-33 relatif aux  \nmissions et \u00e0 la d\u00e9l\u00e9gation de signature du Directeur d\u00e9partemental des services d'incendie et de  \nsecours;\nVu la loi n\u00b0 82-213 du 2 mars 1982 modifi\u00e9e, relative aux droits et libert\u00e9s des communes, des  \nd\u00e9partements et des r\u00e9gions, et notamment son article 34 ; \nVu le d\u00e9cret n\u00b0 2025-723 du 30 juillet 2025 modifiant le d\u00e9cret n\u00b0 2004-374 du 29 avril 2004  \nrelatif aux pouvoirs des pr\u00e9fets, \u00e0 l'organisation et \u00e0 l'action des services de l'\u00c9tat dans les  \nr\u00e9gions et d\u00e9partements ;\nVu le  d\u00e9cret  du  8  avril  2026  nommant  Madame  Violaine  DEMARET,  pr\u00e9f\u00e8te  de  la  r\u00e9gion\nBourgogne-Franche-Comt\u00e9, pr\u00e9f\u00e8te de la C\u00f4te-d'Or ;\nVu  l'arr\u00eat\u00e9  conjoint  n\u00b0  2024/1578  du  Ministre  de  l'Int\u00e9rieur  et  du  Pr\u00e9sident  du  conseil  \nd'administration du service d\u00e9partemental d'incendie et de secours de la C\u00f4te-d'Or en date du 17  \njuillet  2024,  d\u00e9tachant  Monsieur  Bertrand  LEPOUTERE,  Colonel  de  sapeurs-pompiers  \nprofessionnels,  sur  l'emploi  fonctionnel  de  Directeur  d\u00e9partemental  adjoint  du  Service  \nd\u00e9partemental d'incendie et de secours de la C\u00f4te-d'Or ; \nVu l'arr\u00eat\u00e9 conjoint n\u00b0 2025/731 du Ministre d'\u00c9tat, Ministre de l'Int\u00e9rieur et du Pr\u00e9sident du conseil  \nd'administration du Service d\u00e9partemental d'incendie et de secours de la C\u00f4te-d'Or en date du 17  \njuin 2025, recrutant par voie de mutation au Service d\u00e9partemental d'incendie et de secours de la  \nC\u00f4te-d'Or Monsieur Larry OUVRARD, Colonel hors classe de sapeurs-pompiers professionnels \u00e0  \ncompter du 16 juin 2025; \nVu l'arr\u00eat\u00e9 conjoint n\u00b0 2025/732 du Ministre d'\u00c9tat, Ministre de l'Int\u00e9rieur et du Pr\u00e9sident du conseil  \nd'administration du Service d\u00e9partemental d'incendie et de secours de la C\u00f4te-d'Or en date du 17  \njuin  2025,  d\u00e9tachant  Monsieur  Larry  OUVRARD,  Colonel  hors  classe  de  sapeurs-pompiers  \nprofessionnels du Service d\u00e9partemental d'incendie et de secours de la C\u00f4te-d'Or, sur l'emploi  \nfonctionnel de Directeur d\u00e9partemental du Service d\u00e9partemental d'incendie et de secours de la  \nC\u00f4te-d'Or \u00e0 compter du 16 juin 2025; \nPr\u00e9fecture de la C\u00f4te-d'Or - 21-2026-04-27-00003 - Arr\u00eat\u00e9 pr\u00e9fectoral N\u00b0 772  /SG  du 27 avril 2026\ndonnant  de d\u00e9l\u00e9gation de signature  Monsieur Larry OUVRARD, \nDirecteur du Service d\u00e9partemental d'incendie et de secours de la C\u00f4te d'Or\n32\nVu l'arr\u00eat\u00e9 pr\u00e9fectoral n\u00b0 1289 du 19 ao\u00fbt 2025 donnant d\u00e9l\u00e9gation de signature \u00e0 Monsieur Larry  \nOUVRARD, Directeur d\u00e9partemental du Service d\u00e9partemental d'incendie et de secours de la  \nC\u00f4te-d'Or ;\nSur proposition de Madame la directrice de cabinet de la pr\u00e9fecture de la C\u00f4te-d'Or :\nARR\u00caTE\nArticle     1  er     :  L'arr\u00eat\u00e9 pr\u00e9fectoral n\u00b0 1289 du 19 ao\u00fbt 2025 donnant d\u00e9l\u00e9gation de signature \u00e0  \nMonsieur Larry OUVRARD, Directeur d\u00e9partemental du Service d\u00e9partemental d'incendie et de  \nsecours de la C\u00f4te-d'Or, et toutes dispositions ant\u00e9rieures au pr\u00e9sent arr\u00eat\u00e9 sont abrog\u00e9s.\nArticle     2     :   D\u00e9l\u00e9gation  de  signature  est  donn\u00e9e  \u00e0  Monsieur  Larry  OUVRARD,  Directeur  \nd\u00e9partemental du Service d\u00e9partemental d'incendie et de secours de la C\u00f4te-d'Or, \u00e0 l'effet de  \nsigner tous les actes, d\u00e9cisions, instructions et correspondances d\u00e9volus au pr\u00e9fet relatifs :\n\u2022 \u00e0 la direction op\u00e9rationnelle du service d\u00e9partemental d'incendie et de secours et de son  \ncorps d\u00e9partemental de sapeurs-pompiers,\n\u2022 \u00e0 la direction des actions de pr\u00e9vention relevant du service d\u00e9partemental d'incendie et de  \nsecours,\n\u2022 au contr\u00f4le et \u00e0 la coordination de l'ensemble des corps communaux et intercommunaux  \ndu d\u00e9partement,\n\u2022 \u00e0 la mise en \u0153uvre op\u00e9rationnelle de l'ensemble des moyens de secours et de lutte  \ncontre l'incendie.\nArticle     3   : Sont exclus du champ de cette d\u00e9l\u00e9gation :\n\u2022 les arr\u00eat\u00e9s,\n\u2022 les conventions et rapports adress\u00e9s au pr\u00e9sident de la R\u00e9publique, au Premier ministre,  \naux ministres, parlementaires,\n\u2022 les conventions interd\u00e9partementales de mise en \u0153uvre op\u00e9rationnelle,\n\u2022 les conventions d'assistance op\u00e9rationnelle.\nArticle     4     :   En  cas  d'absence  ou  d'emp\u00eachement  de  Monsieur  Larry  OUVRARD,  Directeur  \nd\u00e9partemental du Service d\u00e9partemental d'incendie et de secours de la C\u00f4te-d'Or, la d\u00e9l\u00e9gation  \nest donn\u00e9e \u00e0  Monsieur Bertrand LEPOUTERE, Colonel de sapeurs-pompiers professionnels, sur  \nl'emploi fonctionnel de Directeur d\u00e9partemental adjoint du Service d\u00e9partemental d'incendie et de  \nsecours de la C\u00f4te-d'Or.\nArticle     5     :   Monsieur le Secr\u00e9taire g\u00e9n\u00e9ral de la Pr\u00e9fecture de la C\u00f4te-d'Or, la directrice de cabinet \net Monsieur le Directeur d\u00e9partemental du Service d\u00e9partemental d'incendie et de secours de la  \nC\u00f4te-d'Or sont charg\u00e9s, chacun en ce qui le concerne, de l'ex\u00e9cution du pr\u00e9sent arr\u00eat\u00e9 qui sera  \npubli\u00e9 au recueil des actes administratifs de la pr\u00e9fecture et notifi\u00e9 au d\u00e9l\u00e9gataire.\nFait \u00e0 Dijon, le 27/04/2026\nLa pr\u00e9f\u00e8te\nORIGINAL SIGNE PAR\nViolaine DEMARET\nPr\u00e9fecture de la C\u00f4te-d'Or - 21-2026-04-27-00003 - Arr\u00eat\u00e9 pr\u00e9fectoral N\u00b0 772  /SG  du 27 avril 2026\ndonnant  de d\u00e9l\u00e9gation de signature  Monsieur Larry OUVRARD, \nDirecteur du Service d\u00e9partemental d'incendie et de secours de la C\u00f4te d'Or\n33\nVoies et d\u00e9lais de recours\nLa pr\u00e9sente d\u00e9cision peut faire l'objet d'un recours contentieux, aupr\u00e8s du tribunal administratif de  \nDijon, 22 rue d'Assas \u2013 B.P. 61616 \u2013 21 016 DIJON CEDEX dans un d\u00e9lai de deux (2) mois \u00e0  \ncompter de la publication de la d\u00e9cision.\nDans le m\u00eame d\u00e9lai de 2  mois, un recours gracieux peut . Le silence gard\u00e9 par l'administration  \npendant plus deux mois sur la demande de recours gracieux emporte d\u00e9cision implicite de rejet de  \ncette demande, conform\u00e9ment \u00e0 l'article R. 421-2 du  de justice administrative. Celui-ci prolonge le  \nd\u00e9lai de recours contentieux qui doit \u00eatre introduit dans les 2 mois suivant la r\u00e9ponse.\nLe tribunal administratif peut \u00eatre saisi par un recours d\u00e9pos\u00e9 via l'application T\u00e9l\u00e9recours citoyens \naccessible par le site internet : www.telerecours.fr\nPr\u00e9fecture de la C\u00f4te-d'Or - 21-2026-04-27-00003 - Arr\u00eat\u00e9 pr\u00e9fectoral N\u00b0 772  /SG  du 27 avril 2026\ndonnant  de d\u00e9l\u00e9gation de signature  Monsieur Larry OUVRARD, \nDirecteur du Service d\u00e9partemental d'incendie et de secours de la C\u00f4te d'Or\n34\nPr\u00e9fecture de la C\u00f4te-d'Or\nDirection de la coordination, des politiques\npubliques et de l'appui territorial\n21-2026-04-27-00006\nArr\u00eat\u00e9 pr\u00e9fectoral n\u00b0 776 / SG du 27 avril 2026\ndonnant d\u00e9l\u00e9gation de signature \u00e0 Madame\nManuelle DUPUY,\ndirectrice d\u00e9partementale des territoires de la\nC\u00f4te-d'Or \nPr\u00e9fecture de la C\u00f4te-d'Or - 21-2026-04-27-00006 - Arr\u00eat\u00e9 pr\u00e9fectoral n\u00b0 776 / SG du 27 avril 2026\ndonnant d\u00e9l\u00e9gation de signature \u00e0 Madame Manuelle DUPUY,\ndirectrice d\u00e9partementale des territoires de la C\u00f4te-d'Or \n35\nPREFETEDELACOTE-D'ORLibert\u00e9Egalit\u00e9Fraternit\u00e9\nArr\u00eat\u00e9 pr\u00e9fectoral n\u00b0 776 / SG du 27 avril 2026\ndonnant d\u00e9l\u00e9gation de signature \u00e0 Madame Manuelle DUPUY,\ndirectrice d\u00e9partementale des territoires de la C\u00f4te-d'Or \nLa pr\u00e9f\u00e8te de la C\u00f4te-d'Or\nVu la loi organique n\u00b0 2001-692 du 1er ao\u00fbt 2001 modifi\u00e9e relative aux lois de finances ;\nVu les d\u00e9crets n\u00b0 98-81 du 11 f\u00e9vrier 1998 et 99-89 du 8 f\u00e9vrier 1999 modifi\u00e9s relatifs aux d\u00e9cisions  \nprises par l'\u00c9tat en mati\u00e8re de prescription quadriennale ;\nVu le d\u00e9cret n\u00b0 2025-723 du 30 juillet 2025 modifiant le d\u00e9cret n\u00b0 2004-374 du 29 avril 2004 relatif aux  \npouvoirs  des  pr\u00e9fets,  \u00e0  l'organisation  et  \u00e0  l'action  des  services  de  l'\u00c9tat  dans  les  r\u00e9gions  et  \nd\u00e9partements ;\nVu le  d\u00e9cret  n\u00b0  2009-1484  du  3  d\u00e9cembre  2009  modifi\u00e9  relatif  aux  directions  d\u00e9partementales  \ninterminist\u00e9rielles ;\nVu le  d\u00e9cret  du  8  avril  2026  nommant  Madame  Violaine  DEMARET,  pr\u00e9f\u00e8te  de  la  r\u00e9gion\nBourgogne-Franche-Comt\u00e9, pr\u00e9f\u00e8te de la C\u00f4te-d'Or ;\nVu l'arr\u00eat\u00e9 du 31 mars 2011 portant d\u00e9concentration des d\u00e9cisions relatives \u00e0 la situation individuelle  \ndes  fonctionnaires  et  agents  non  titulaires  exer\u00e7ant  leurs  fonctions  dans  les  directions  \nd\u00e9partementales interminist\u00e9rielles ;\nVu l'arr\u00eat\u00e9 pr\u00e9fectoral n\u00b0 1073 du 30 juin 2023 portant organisation de la direction d\u00e9partementale des  \nterritoires de la C\u00f4te-d'Or ;\nVu l'arr\u00eat\u00e9  du  17  mars  2025  nommant  Madame  Manuelle  DUPUY  en  qualit\u00e9  de  directrice  \nd\u00e9partementale adjointe des territoires \u00e0 compter du 7 avril 2025 ;\nVu l'arr\u00eat\u00e9 n\u00b0 219-319 du 11 d\u00e9cembre 2019 du pr\u00e9fet de r\u00e9gion Auvergne-Rh\u00f4ne-Alpes portant  \nd\u00e9l\u00e9gation de signature aux pr\u00e9fets de d\u00e9partement pour l'ordonnancement secondaire des recettes  \net d\u00e9penses dans le cadre de la mission de coordination pour le bassin Rh\u00f4ne-M\u00e9diterran\u00e9e ;\nVu la convention pass\u00e9e le 25 juillet 2023 avec l'ASP pour la d\u00e9l\u00e9gation de t\u00e2ches dans le cadre de la  \nmise en \u0153uvre des interventions 70.26 (dispositif de protection des troupeaux contre la pr\u00e9dation) et  \nPr\u00e9fecture de la C\u00f4te-d'Or - 21-2026-04-27-00006 - Arr\u00eat\u00e9 pr\u00e9fectoral n\u00b0 776 / SG du 27 avril 2026\ndonnant d\u00e9l\u00e9gation de signature \u00e0 Madame Manuelle DUPUY,\ndirectrice d\u00e9partementale des territoires de la C\u00f4te-d'Or \n36\n73.16 (investissements li\u00e9s \u00e0 la protection des exploitations contre la pr\u00e9dation) de la programmation  \nPAC 2023-2027 ;\nVu l'arr\u00eat\u00e9 pr\u00e9fectoral n\u00b0 580 du 24 mars 2026 donnant d\u00e9l\u00e9gation de signature \u00e0 Mme Manuelle  \nDUPUY, directrice d\u00e9partementale des territoires de C\u00f4te d'Or ;\nSur proposition du secr\u00e9taire g\u00e9n\u00e9ral de la pr\u00e9fecture de la C\u00f4te-d'Or ;\nA R R \u00ca T E :\nArticle 1  er      :  l'arr\u00eat\u00e9 pr\u00e9fectoral n\u00b0 580 du 24 mars 2026 donnant d\u00e9l\u00e9gation de signature \u00e0 Madame  \nManuelle DUPUY,  directrice d\u00e9partementale des territoires de la C\u00f4te-d'Or,  et toutes dispositions  \nant\u00e9rieures et contraires au pr\u00e9sent arr\u00eat\u00e9 sont abrog\u00e9s.\nArticle 2     : D\u00e9l\u00e9gation est donn\u00e9e, pour le d\u00e9partement de la C\u00f4te-d'Or, \u00e0 Mme Manuelle DUPUY , \ndirectrice d\u00e9partementale des territoires, \u00e0 l'effet de signer, dans le cadre de ses attributions et  \ncomp\u00e9tences, toutes les d\u00e9cisions et tous les documents relevant de l'ensemble de ses attributions,  \ndont, notamment, les domaines particuliers suivants :\nSECTION I : COMP\u00c9TENCE ADMINISTRATIVE G\u00c9N\u00c9RALE\nA. \u2013 ADMINISTRATION G\u00c9N\u00c9RALE\nA1 \u2013 Gestion du personnel     :  \nA1/1 \u2013 Toutes les d\u00e9cisions relatives \u00e0 la gestion des personnels de la direction d\u00e9partementale des  \nterritoires,  y  compris  les  recrutements  de  personnels  auxiliaires,  temporaires,  contractuels  ou  \nvacataires, les cong\u00e9s et ordres de mission ainsi que l'ensemble des d\u00e9cisions individuelles list\u00e9es \u00e0 \nl'article premier de l'arr\u00eat\u00e9 interminist\u00e9riel susvis\u00e9 du 31 mars 2011.\nA2 \u2013 Contentieux administratif     :  \nA2/1 \u2013 Accus\u00e9s de r\u00e9ception des recours gracieux et hi\u00e9rarchiques (articles L410-1 et L411-1 \u00e0 7 du \nCRPA)\nA2/2 \u2013 Repr\u00e9sentation de l'\u00c9tat aux audiences du tribunal administratif (articles R431-9 et 10 du  \nCJA)\nA2/3 \u2013 Pr\u00e9sentation des observations en d\u00e9fense devant le tribunal administratif (articles R431-9 et  \n10 du CJA)\nA2/4 \u2013 Demande de transmission de pi\u00e8ces compl\u00e9mentaires n\u00e9cessaires \u00e0 l'exercice du contr\u00f4le  \nde l\u00e9galit\u00e9 des actes d'urbanisme (articles L424-7 du code de l'urbanisme et L2131-1 et 2 du  \nCGCT)\nB. \u2013 AGRICULTURE ET FOR\u00caT\nB1 \u2013 \u00c9conomie agricole      :  \nB1/1 \u2013 Arr\u00eat\u00e9s pr\u00e9fectoraux autorisant la consignation et la d\u00e9consignation des fonds issus de la  \ncompensation collective agricole (article D112-1-22 du CRPM)\nB1/2 \u2013 Convocation des membres de la commission d\u00e9partementale d'orientation agricole (CDOA),  \ndes sections et des groupes de travail de cette commission (articles R313-2, 6 et 7-2 du CRPM)\nPr\u00e9fecture de la C\u00f4te-d'Or - 21-2026-04-27-00006 - Arr\u00eat\u00e9 pr\u00e9fectoral n\u00b0 776 / SG du 27 avril 2026\ndonnant d\u00e9l\u00e9gation de signature \u00e0 Madame Manuelle DUPUY,\ndirectrice d\u00e9partementale des territoires de la C\u00f4te-d'Or \n37\nB1/3 \u2013 Toute d\u00e9cision relative \u00e0 l'agr\u00e9ment des GAEC (article R323-10 du CRPM)\nB1/4 \u2013 Toutes d\u00e9cisions et correspondances relatives aux demandes d'autorisation de prise de  \ncontr\u00f4le de soci\u00e9t\u00e9s poss\u00e9dant ou exploitant du foncier agricole(article L333-3 du CRPM)\nB1/5 \u2013 D\u00e9cision relative \u00e0 la mise en \u0153uvre de l'organisation, de l'agr\u00e9ment et de la validation des  \nplans de professionnalisation personnalis\u00e9s et \u00e0 l'attribution des aides correspondantes (article  \nR343-22 du CRPM et arr\u00eat\u00e9 du 22 ao\u00fbt 2016 relatif au plan de professionnalisation personnalis\u00e9)\nB1/6 \u2013 D\u00e9cision d'octroi ou de refus de l'aide au cong\u00e9 de formation des exploitants agricoles (article \nD353-1 du CRPM)\nB1/7 \u2013 Toute d\u00e9cision en application des aides \u00e0 l'adaptation des exploitations (agriculteurs en  \ndifficult\u00e9), et arr\u00eat\u00e9 de d\u00e9signation des experts habilit\u00e9s \u00e0 r\u00e9aliser une analyse et un suivi des  \nexploitations en difficult\u00e9 (article D354-1 \u00e0 15 du CRPM)\nB1/8 \u2013 Arr\u00eat\u00e9 fixant la composition du comit\u00e9 d\u00e9partemental d'expertise (article D361-13 du CRPM)\nB1/9 \u2013 Arr\u00eat\u00e9  pr\u00e9fectoral  d\u00e9signant  la  mission  d'enqu\u00eate  permanente  habilit\u00e9e  \u00e0  constater  des \nd\u00e9g\u00e2ts agricoles (article D361-20 du CRPM)\nB1/10 \u2013 D\u00e9cision relative \u00e0 la fixation et au r\u00e8glement des indemnit\u00e9s individuelles et des pr\u00eats  \nsp\u00e9ciaux octroy\u00e9s par le fonds des calamit\u00e9s agricoles (articles D361-34 \u00e0 39 du CRPM)\nB1/11\u2013Arr\u00eat\u00e9s pr\u00e9fectoraux constatant la modification des minima et des maxima des prix des  \nfermages et fixant le prix annuel des vins (article R411-1 du CRPM)\nB1/12 \u2013 Arr\u00eat\u00e9 fixant la composition du comit\u00e9 technique d\u00e9partemental (article R411-20 du CRPM)\nB1/13 \u2013 D\u00e9cision autorisant la r\u00e9siliation du bail en vue d'un changement de leur destination agricole \n(article L411-32 du CRPM)\nB1/14 \u2013 Toutes correspondances et d\u00e9cisions relatives \u00e0 la mise en \u0153uvre des dispositifs d'aides du \npremier pilier de la PAC (D615-3 du CRPM)\nB1/15 \u2013 D\u00e9cision d'octroi ou de refus d'aide \u00e0 caract\u00e8re exceptionnel et autres aides relevant du  \nr\u00e9gime \u00ab de minimis \u00bb (d\u00e9cret n\u00b0 2002-631 du 25 avril 2002 relatif \u00e0 la qualification des exploitations  \nagricoles au titre de l'agriculture raisonn\u00e9e et arr\u00eat\u00e9 du 22 mars 2006 relatif \u00e0 l'aide incitative \u00e0  \nl'agriculture raisonn\u00e9e)\nB1/16 \u2013 D\u00e9cision sur demande d'autorisation de poursuite temporaire d'activit\u00e9 agricole (article  \nL732-40 du CRPM)\nB2 \u2013 For\u00eat     :  \nB2/1 \u2013 D\u00e9cision relative \u00e0 l'autorisation de coupe pr\u00e9vue \u00e0 l'article L124-5 du code forestier\nB2/2 \u2013 D\u00e9cision relative \u00e0 l'attribution des primes au boisement (d\u00e9cret n\u00b0 2001-359 du 19 avril 2001 \nrelatif \u00e0 l'attribution d'une prime annuelle destin\u00e9e \u00e0 compenser les pertes de revenu d\u00e9coulant du  \nboisement de surfaces agricoles)\nB2/3 \u2013 D\u00e9cision  relative  \u00e0  l'application  du  r\u00e9gime  forestier  (articles  L214-3  et  R214-2  du  code \nforestier)\nB2/4 \u2013 D\u00e9cision relative aux demandes de distraction du r\u00e9gime forestier dans les cas o\u00f9 l'Office  \nnational des for\u00eats ne fait pas opposition \u00e0 la demande (articles L214-3 et R214-2 du code forestier)\nPr\u00e9fecture de la C\u00f4te-d'Or - 21-2026-04-27-00006 - Arr\u00eat\u00e9 pr\u00e9fectoral n\u00b0 776 / SG du 27 avril 2026\ndonnant d\u00e9l\u00e9gation de signature \u00e0 Madame Manuelle DUPUY,\ndirectrice d\u00e9partementale des territoires de la C\u00f4te-d'Or \n38\nB2/5 \u2013 Toutes d\u00e9cisions relatives \u00e0 l'instruction des demandes d'autorisation de d\u00e9frichement des  \nbois et for\u00eats (articles L214-13 \u00e0 14 et L341-1 \u00e0 L342-1 du code forestier)\nB2/6 \u2013 D\u00e9cision relative aux demandes de coupes dans les bois et for\u00eats assujettis au r\u00e9gime  \nsp\u00e9cial d'autorisation administrative (articles L312-9 et R312-20 du code forestier)\nB2/7 \u2013 D\u00e9cision relative \u00e0 l'approbation des statuts de groupements forestiers (article R331 -5 du  \ncode forestier)\nB2/8 \u2013 Toutes correspondances et d\u00e9cisions dans le cadre des contr\u00f4les r\u00e9alis\u00e9s en ex\u00e9cution du  \nR\u00e8glement (UE) n\u00b0 995/2010 du Parlement europ\u00e9en et du Conseil du 20 octobre 2010 \u00e9tablissant  \nles obligations des op\u00e9rateurs qui mettent du bois et des produits d\u00e9riv\u00e9s sur le march\u00e9 (r\u00e8glement  \nbois de l'Union europ\u00e9enne)\nB2/9 \u2013 Signature des actes de vente relatifs \u00e0 l'acquisition amiable de parcelles foresti\u00e8res par l'\u00c9tat  \nlorsque la d\u00e9cision rel\u00e8ve du pr\u00e9fet (article L331-24 du code forestier)\nB2/10 \u2013 D\u00e9cision relative au transfert \u00e0 la commune de biens d'une section de commune relevant du  \nr\u00e9gime forestier (articles L2411-11 et suivants du CGCT)\nB3 \u2013 Am\u00e9nagement foncier     :  \nB3/1 \u2013 \u00c9laboration et transmission du porter \u00e0 connaissance de l'\u00c9tat dans les nouvelles proc\u00e9dures \nd'am\u00e9nagement foncier (article L121-13 du CRPM)\nB3/2 \u2013 Arr\u00eat\u00e9  fixant  les  prescriptions  environnementales  relevant  de  dispositions  l\u00e9gislatives  ou \nr\u00e8glementaires  applicables  au  plan  parcellaire  et  aux  travaux  connexes  dans  les  nouvelles  \nproc\u00e9dures d'am\u00e9nagement foncier (article R121-22 du CRPM)\nB3/3 \u2013 Arr\u00eat\u00e9 portant protection de boisement lin\u00e9aire, haies et plantation d'alignement, et des  \nverges de hautes tiges (articles L126-3 et R126-12 du CRPM)\nB3/4 \u2013 Autorisation de destruction de ces \u00e9l\u00e9ments prot\u00e9g\u00e9s (articles L126-3 et R126-13 du CRPM)\nB3/5 \u2013 Abrogation de la protection (article R126-14 du CRPM)\nB3/6 \u2013 Arr\u00eat\u00e9 de constitution, de renouvellement ou de dissolution des associations fonci\u00e8res de  \nremembrement ou de r\u00e9organisation fonci\u00e8re (ordonnance n\u00b0 2004-632 du 1 er juillet 2004 relative  \naux associations syndicales de propri\u00e9taires)\nB3/7 \u2013 Arr\u00eat\u00e9 cr\u00e9ant les unions ou les fusions d'associations fonci\u00e8res (ordonnance n\u00b0  2004-632 du \n1er juillet 2004 relative aux associations syndicales de propri\u00e9taires)\nB3/8 \u2013 Arr\u00eat\u00e9 autorisant les personnes charg\u00e9es des op\u00e9rations \u00e0 p\u00e9n\u00e9trer dans les propri\u00e9t\u00e9s  \npubliques ou priv\u00e9es situ\u00e9es dans le p\u00e9rim\u00e8tre des op\u00e9rations d'am\u00e9nagement foncier agricole et  \nforestier  (Loi  du  29  d\u00e9cembre  1892  relative  aux  dommages  caus\u00e9s  \u00e0  la  propri\u00e9t\u00e9  priv\u00e9e  par  \nl'ex\u00e9cution des travaux publics)\nC. \u2013 ENVIRONNEMENT\nC1 \u2013 Police de l'environnement     :  \nC1/1 \u2013 Mises en demeure, mesures conservatoires, d\u00e9cisions de suspension de fonctionnement des \ninstallations  et  ouvrages  ou  de  poursuite  des  travaux,  op\u00e9rations  ou  activit\u00e9s,  et  sanctions  \nadministratives lorsque des installations ou ouvrages sont exploit\u00e9s, des objets ou dispositifs sont  \nutilis\u00e9s ou des travaux, op\u00e9rations, activit\u00e9s ou am\u00e9nagements sont r\u00e9alis\u00e9s sans avoir fait l'objet de \nPr\u00e9fecture de la C\u00f4te-d'Or - 21-2026-04-27-00006 - Arr\u00eat\u00e9 pr\u00e9fectoral n\u00b0 776 / SG du 27 avril 2026\ndonnant d\u00e9l\u00e9gation de signature \u00e0 Madame Manuelle DUPUY,\ndirectrice d\u00e9partementale des territoires de la C\u00f4te-d'Or \n39\nl'autorisation, de l'enregistrement, de l'agr\u00e9ment, de l'homologation, de la certification ou de la  \nd\u00e9claration requis en application des dispositions du code de l'environnement, ou sans avoir tenu  \ncompte d'une opposition \u00e0 d\u00e9claration (article L171-7 du code de l'environnement)\nC1/2 \u2013 Mises en demeure, fixation, en cas d'urgence, des mesures n\u00e9cessaires pour pr\u00e9venir les  \ndangers graves et imminents pour la sant\u00e9, la s\u00e9curit\u00e9 publique ou l'environnement, et sanctions  \nadministratives, en cas d'inobservation, par la personne \u00e0 laquelle incombe l'obligation d'y satisfaire,  \ndes prescriptions applicables en vertu  du code  de  l'environnement  aux installations,  ouvrages,  \ntravaux,  am\u00e9nagements,  op\u00e9rations,  objets,  dispositifs  et  activit\u00e9s  (article  L171-8  du  code  de  \nl'environnement)\nC1/3 \u2013 Instruction, proposition, demande d'homologation au procureur, notification des transactions  \np\u00e9nales (article L173-12 I du code de l'environnement)\nC2 \u2013 Eau et milieux aquatiques     :  \nC2/1 \u2013 Tous documents et actes relatifs aux proc\u00e9dures d'enqu\u00eates publiques \u2013 y compris les  \narr\u00eat\u00e9s d'ouverture \u2013 au titre de la demande d'autorisation de pr\u00e9l\u00e8vement d'eau destin\u00e9e \u00e0 la  \nconsommation humaine des collectivit\u00e9s publiques (article R123-3 du code de l'environnement)\nC2/2 \u2013 Police des eaux non domaniales  : Arr\u00eat\u00e9 d'ouverture d'enqu\u00eate publique (article R123-3 du  \ncode de l'environnement)\nC2/3 \u2013 Arr\u00eat\u00e9  d\u00e9clarant  d'int\u00e9r\u00eat  g\u00e9n\u00e9ral,  les  travaux  vis\u00e9s  \u00e0  l'article  L211-7  du  code  de  \nl'environnement, l'entretien des cours d'eau non domaniaux et des ouvrages les traversant\nC2/4 \u2013 Police et conservation des cours d'eau (articles L215-7 \u00e0 13 du code de l'environnement)\nC2/5 \u2013 D\u00e9cision relative \u00e0 l'installation d'ouvrages sur les cours d'eau. Prise d'eau (article L214-1 \u00e0  \n6, et L215-7 du code de l'environnement)\nC2/6 \u2013 Tous documents et actes relatifs \u00e0 la proc\u00e9dure de d\u00e9claration des installations, ouvrages,  \ntravaux  et  activit\u00e9s  (IOTA),  y  compris  les  arr\u00eat\u00e9s  de  prescriptions  sp\u00e9cifiques  et  les  d\u00e9cisions \nd'opposition \u00e0 d\u00e9claration (articles R214-1 et suivants du code de l'environnement)\nC2/7 \u2013 Tous documents et actes relatifs \u00e0 la proc\u00e9dure d'instruction des demandes d'autorisation  \ndes installations, ouvrages, travaux et activit\u00e9s (IOTA), d'autorisation unique (ordonnance n\u00b0 2014-\n619 du 12 juin 2014) et d'autorisation environnementale (ordonnance n\u00b0 2017-80 du 26 janvier  \n2017), y compris les arr\u00eat\u00e9s pr\u00e9fectoraux d'autorisation temporaire (article R214-23 du code de  \nl'environnement), mais \u00e0 l'exception des arr\u00eat\u00e9s de refus, des arr\u00eat\u00e9s d'autorisation et des arr\u00eat\u00e9s  \nmodificatifs ou compl\u00e9mentaires\nC2/8 \u2013 Tous documents et actes relatifs \u00e0 la proc\u00e9dure d'accord sur les travaux connexes \u00e0 un  \nam\u00e9nagement foncier au titre de l'article L121-21 du CRPM et des articles R214 -1 et suivants du  \ncode de l'environnement\nC2/9 \u2013 D\u00e9rogation \u00e0 l'application de l'arr\u00eat\u00e9 cadre d\u00e9partemental de gestion de l'\u00e9tiage en mati\u00e8re  \nde pr\u00e9l\u00e8vements agricoles (article R211-66 du code de l'environnement)\nC2/10 \u2013 Arr\u00eat\u00e9 portant agr\u00e9ment pour la r\u00e9alisation des vidanges des installations d'assainissement  \nnon collectif (articles R211-25 \u00e0 R211-45 et R214-5 du code de l'environnement, et arr\u00eat\u00e9 du 7  \nseptembre  2009  d\u00e9finissant  les  modalit\u00e9s  d'agr\u00e9ment  des  personnes  r\u00e9alisant  les  vidanges  et \nprenant  en  charge  le  transport  et  l'\u00e9limination  des  mati\u00e8res  extraites  des  installations  \nd'assainissement non collectif)\nC2/11 \u2013 Tous documents et actes relatifs aux zones o\u00f9 il est n\u00e9cessaire d'assurer la protection  \nPr\u00e9fecture de la C\u00f4te-d'Or - 21-2026-04-27-00006 - Arr\u00eat\u00e9 pr\u00e9fectoral n\u00b0 776 / SG du 27 avril 2026\ndonnant d\u00e9l\u00e9gation de signature \u00e0 Madame Manuelle DUPUY,\ndirectrice d\u00e9partementale des territoires de la C\u00f4te-d'Or \n40\nquantitative et qualitative des aires d'alimentations des captages d'eau potable (articles L211-3 5\u00b0 et  \nR211-110 du code de l'environnement, et articles R114-1 et suivants du CRPM)\nC3 \u2013 Protection du patrimoine naturel     :  \nC3/1 \u2013 Accord expr\u00e8s apr\u00e8s avis de l'architecte des b\u00e2timents de France pr\u00e9vu par les articles L341-\n7 et L341-10 du code de l'environnement pour les d\u00e9cisions prises sur la demande de permis ou sur  \nla d\u00e9claration pr\u00e9alable en site class\u00e9 ou en instance de classement (articles L341-7 et 10 du code  \nde l'environnement)\nC3/2 \u2013 Autorisation sp\u00e9ciale de travaux en site class\u00e9 de la comp\u00e9tence du pr\u00e9fet (article R341-10  \ndu code de l'environnement)\nC3/3 \u2013 D\u00e9cision sur les demandes de d\u00e9rogation pour la naturalisation ou l'exposition de sp\u00e9cimens  \nd'animaux  morts  prot\u00e9g\u00e9s  (arr\u00eat\u00e9  du  19  f\u00e9vrier  2007  fixant  les  conditions  de  demande  et  \nd'instruction des d\u00e9rogations d\u00e9finies au 4\u00b0 de l'article L. 411-2 du code l'environnement portant sur  \ndes esp\u00e8ces de faune et de flore sauvages prot\u00e9g\u00e9es)\nC3/4 \u2013 D\u00e9cision sur les demandes d'autorisation de r\u00e9colte, d'utilisation, de transport, de cession de  \nsp\u00e9cimens d'esp\u00e8ces v\u00e9g\u00e9tales prot\u00e9g\u00e9es ou de d\u00e9rogation pour la coupe, l'arrachage, la cueillette,  \nl'enl\u00e8vement de sp\u00e9cimens d'esp\u00e8ces v\u00e9g\u00e9tales prot\u00e9g\u00e9es (arr\u00eat\u00e9 du 19 f\u00e9vrier 2007 fixant les  \nconditions de demande et d'instruction des d\u00e9rogations d\u00e9finies au 4\u00b0 de l'article L. 411-2 du code  \nl'environnement portant sur des esp\u00e8ces de faune et de flore sauvages prot\u00e9g\u00e9es)\nC3/5 \u2013 D\u00e9cision sur les demandes de d\u00e9rogation pour le pr\u00e9l\u00e8vement de grenouilles rousses (arr\u00eat\u00e9  \ndu 19 novembre 2007 fixant les listes des amphibiens et des reptiles prot\u00e9g\u00e9s sur l'ensemble du  \nterritoire et les modalit\u00e9s de leur protection)\nC3/6 \u2013 D\u00e9cision  sur  les  demandes  de  d\u00e9rogation  \u00e0  l'interdiction  de  destruction  des  grands  \ncormorans  (arr\u00eat\u00e9  du  26  novembre  2010  fixant  les  conditions  et  limites  dans  lesquelles  des  \nd\u00e9rogations aux interdictions de destruction peuvent \u00eatre accord\u00e9es par les pr\u00e9fets concernant les  \ngrands cormorans \u00ab Phalacrocorax carbo sinensis \u00bb) \nC3/7 \u2013  Toutes correspondances et  d\u00e9cisions sur les demandes d'autorisation ou de d\u00e9rogation  \nconcernant les activit\u00e9s encadr\u00e9es ou interdites par les arr\u00eat\u00e9s de protection de biotopes, des sites  \nd'int\u00e9r\u00eat g\u00e9ologique ou des habitats naturels (articles R411-17-1 et R411-17-8)\nC3/8 \u2013 Toutes correspondances et d\u00e9cisions sur les demandes d'autorisation sp\u00e9ciales au sein de la \nr\u00e9serve naturelle nationale de la combe Lavaux-Jean Roland cr\u00e9\u00e9e par le d\u00e9cret n\u00b0 2004-1363 du  \n10 d\u00e9cembre 2004 (articles R332-24 et suivants du code de l'environnement)\nC3/9 \u2013 Toutes correspondances et d\u00e9cisions sur les r\u00e9gimes de d\u00e9claration et d'autorisation relative  \n\u00e0 la protection des alignements d'arbres bordant les voies ouvertes \u00e0 la circulation publique (articles  \nL350-3 , R350-26 et 27, et R350-30 du code de l'environnement)\nC3/10 \u2013 Toutes correspondances et d\u00e9cisions relatives au constat et \u00e0 l'indemnisation des  \nd\u00e9g\u00e2ts caus\u00e9s aux \u00e9levages par le loup, l'ours et le lynx (d\u00e9cret n\u00b0 2019-722 du 9  juillet 2019 et  \narr\u00eat\u00e9 du 9 juillet 2019)\nC3/11 \u2013 Toutes correspondances et d\u00e9cisions pour la mise en \u0153uvre des interventions 70.26  \n(dispositif  de protection des troupeaux contre la pr\u00e9dation) et 73.16 (investissements li\u00e9s \u00e0 la  \nprotection des exploitations contre la pr\u00e9dation) de la programmation PAC 2023-2027, y compris les  \nd\u00e9cisions de d\u00e9ch\u00e9ance et les r\u00e9ponses aux recours administratifs (articles D114-11 \u00e0 13 du CRPM  \net arr\u00eat\u00e9 du 30 d\u00e9cembre 2022 relatif \u00e0 l'aide \u00e0 la protection des exploitations et des troupeaux  \ncontre la pr\u00e9dation du loup et de l'ours)\nPr\u00e9fecture de la C\u00f4te-d'Or - 21-2026-04-27-00006 - Arr\u00eat\u00e9 pr\u00e9fectoral n\u00b0 776 / SG du 27 avril 2026\ndonnant d\u00e9l\u00e9gation de signature \u00e0 Madame Manuelle DUPUY,\ndirectrice d\u00e9partementale des territoires de la C\u00f4te-d'Or \n41\nC3/12 \u2013 Toute d\u00e9cision relative \u00e0 la capture, au pr\u00e9l\u00e8vement, \u00e0 la garde ou \u00e0 la destruction de  \nsp\u00e9cimens  d'esp\u00e8ces  exotiques  envahissantes  (articles  L411-8  et  R411-46  et  47  du  code  de  \nl'environnement)\nC3/13 \u2013 Toutes correspondances et d\u00e9cisions relatives l'application du r\u00e9gime d'autorisation propre  \n\u00e0 Natura 2000 (article R414-29 du code de l'environnement)\nC3/14  \u2013  Toutes  correspondances  se  rapportant  aux  missions  du  p\u00f4le  de  comp\u00e9tence  pour  le \nd\u00e9veloppement  des  \u00e9nergies  renouvelables  (PCDER),  \u00e0  l'exclusion  des  courriers  relatifs  \u00e0  \nl'instruction  r\u00e8glementaire  des  proc\u00e9dures  et  \u00e0  la  d\u00e9livrance  ou  au  refus  des  autorisations  de \nconstruire (arr\u00eat\u00e9 pr\u00e9fectoral du 18 novembre 2013)\nC3/15- R\u00e9c\u00e9piss\u00e9 des d\u00e9clarations de tirs de d\u00e9fense de loups (Arr\u00eat\u00e9 du 23/02/26 d\u00e9finissant le  \nstatut de protection du loup (Canis Lupus) et fixant les conditions et les limites de sa destruction) et  \nmesures des instructions pr\u00e9alables\nC4 \u2013 Chasse     :  \nC4/1 \u2013 D\u00e9cision relative \u00e0 l'entra\u00eenement, concours et \u00e9preuves de chiens de chasse (article L420-3  \ndu code de l'environnement et arr\u00eat\u00e9 du 21 janvier 2005 fixant certaines conditions de r\u00e9alisation  \ndes entra\u00eenements, concours et \u00e9preuves de chiens de chasse)\nC4/2 \u2013 D\u00e9cision relative \u00e0 l'approbation des statuts, r\u00e8glement int\u00e9rieur et r\u00e8glement de chasse  \nd'une association communale de chasse agr\u00e9\u00e9e (article R422-2 du code de l'environnement)\nC4/3 \u2013 D\u00e9cision  fixant  la  liste  des  enclaves  dans  les  terrains  en  opposition  \u00e0  l'action  d'une  \nassociation communale de chasse agr\u00e9\u00e9e et d\u00e9cision r\u00e9visant cette liste (articles R422-27 et 32 du  \ncode de l'environnement)\nC4/4 \u2013 D\u00e9cision sur les demandes d'incorporation des terrains \u00e0 l'association de communale de  \nchasse agr\u00e9\u00e9e (articles R422-52 \u00e0 58 du code de l'environnement)\nC4/5 \u2013 D\u00e9cisions relatives \u00e0 l'institution et au fonctionnement des r\u00e9serves de chasse et de faune  \nsauvage (article R422-82 \u00e0 91 du code de l'environnement)\nC4/6 \u2013 D\u00e9cision relative \u00e0 l'ouverture et \u00e0 la cl\u00f4ture de la chasse (articles R424-1 \u00e0 9 du code de  \nl'environnement)\nC4/7 \u2013 D\u00e9cision relative \u00e0 la v\u00e8nerie du blaireau (article R424-5 du code de l'environnement)\nC4/8 \u2013 D\u00e9livrance d'attestation de conformit\u00e9 de meute (arr\u00eat\u00e9 du 18 mars 1982 relatif \u00e0 l'exercice  \nde la v\u00e8nerie)\nC4/9 \u2013 D\u00e9cision  relative  \u00e0  la  chasse  avant  l'ouverture  g\u00e9n\u00e9rale  (article  R424-8  du  code  de  \nl'environnement)\nC4/10 \u2013 D\u00e9cision relative \u00e0 l'introduction de grand gibier et de lapins dans le milieu naturel et au  \npr\u00e9l\u00e8vement dans le milieu naturel d'animaux vivants dont la chasse est autoris\u00e9e (article L424-11  \ndu code de l'environnement et arr\u00eat\u00e9 du 7 juillet 2006)\nC4/11 \u2013 Fixation du nombre minimal et du nombre maximal d'animaux \u00e0 pr\u00e9lever annuellement pour  \nl'ensemble du d\u00e9partement (article R425-2 du code de l'environnement)\nC4/12 \u2013 D\u00e9cision relative \u00e0 la fixation d'un pr\u00e9l\u00e8vement maximal autoris\u00e9 pour une esp\u00e8ce de gibier  \n(articles R425-18 \u00e0 20 du code de l'environnement)\nC4/13 \u2013 D\u00e9cision relative \u00e0 l'application du plan de chasse (articles R425-1-1 \u00e0 R425-13 du code de  \nPr\u00e9fecture de la C\u00f4te-d'Or - 21-2026-04-27-00006 - Arr\u00eat\u00e9 pr\u00e9fectoral n\u00b0 776 / SG du 27 avril 2026\ndonnant d\u00e9l\u00e9gation de signature \u00e0 Madame Manuelle DUPUY,\ndirectrice d\u00e9partementale des territoires de la C\u00f4te-d'Or \n42\nl'environnement)\nC4/14 \u2013 D\u00e9cisions sur demandes de r\u00e9vision des plans de chasse individuels (article R425-9 du  \ncode de l'environnement)\nC4/15 \u2013 Autorisations de destruction des animaux sur les a\u00e9rodromes (article R427-5 du code de  \nl'environnement)\nC4/16 \u2013 Fixation de la liste compl\u00e9mentaire des esp\u00e8ces d'animaux susceptibles d'occasionner des  \nd\u00e9g\u00e2ts dans le d\u00e9partement (article R427-6 du code de l'environnement)\nC4/17  \u2013  D\u00e9cision  relative  \u00e0  l'agr\u00e9ment  des  pi\u00e9geurs  d'animaux  d'esp\u00e8ces  susceptibles  \nd'occasionner des d\u00e9g\u00e2ts (article R427-16 du code de l'environnement)\nC4/18 \u2013 Autorisation de recherche et de poursuite de gibier \u00e0 l'aide de sources lumineuses pour les  \ncomptages  et  captures  \u00e0  des  fins  scientifiques  ou  de  repeuplement  (article  11  bis  de  l'arr\u00eat\u00e9  \nminist\u00e9riel du 1er ao\u00fbt  1986 relatif \u00e0 divers proc\u00e9d\u00e9s de chasse,  de destruction des animaux  \nnuisibles et \u00e0 la reprise du gibier vivant dans un but de repeuplement)\nC4/19  \u2013  Arr\u00eat\u00e9  de  destruction  administrative  (interventions  des  lieutenants  de  louveterie)  de  \nsp\u00e9cimens d'esp\u00e8ces non domestiques (article L427-6 du code de l'environnement et arr\u00eat\u00e9 du 19  \npluvi\u00f4se an V) \nC4/20 \u2013 D\u00e9cision individuelle relative \u00e0 la destruction des animaux susceptibles d'occasionner des  \nd\u00e9g\u00e2ts, par tir au fusil (Arr\u00eat\u00e9 du 3 juillet 2019 pris pour l'application de l'article R. 427-6 du code de  \nl'environnement)\nC4/21 \u2013 D\u00e9cision relative \u00e0 la destruction d'animaux sauvages pour des raisons de s\u00e9curit\u00e9 publique \n(articles L2212-2 et L2215-1 du code g\u00e9n\u00e9ral des collectivit\u00e9s territoriales)\nC4/22  \u2013  D\u00e9cision  relative  \u00e0  l'importation,  au  colportage,  \u00e0  la  remise  en  vente  ou  l'achat  de  \nsp\u00e9cimens des esp\u00e8ces d'oiseaux dont la chasse est autoris\u00e9e (arr\u00eat\u00e9 du 20 d\u00e9cembre 1983 relatif  \n\u00e0 la commercialisation de certaines esp\u00e8ces d'oiseau)\nC5 \u2013 P\u00eache     :  \nC5/1 \u2013 Application aux plans d'eau en eaux closes de la l\u00e9gislation sur la p\u00eache en eau douce  \n(articles R431-1 \u00e0 6 du code de l'environnement)\nC5/2 \u2013 Accus\u00e9 de r\u00e9ception des d\u00e9clarations et certificat de validit\u00e9 des droits d'enclos piscicoles  \n(article R431-37 du code de l'environnement)\nC5/3 \u2013 \u00c9tablissement de l'inventaire des fray\u00e8res et des zones d'alimentation et de croissance de la  \nfaune piscicole (articles R432-1 \u00e0 1-5 du code de l'environnement)\nC5/4 \u2013 Autorisation d'introduire en eaux libres des poissons d'esp\u00e8ces non repr\u00e9sent\u00e9es (articles  \nL432-10 et R432-6 et 7 du code de l'environnement)\nC5/5 \u2013 Autorisation de capturer et transporter des poissons \u00e0 des fins sanitaires, scientifiques et  \n\u00e9cologiques (articles L436-9 et R432-6 et 7 du code de l'environnement)\nC5/6 \u2013 D\u00e9cision relative \u00e0 l'agr\u00e9ment des associations pour la p\u00eache et la protection du milieu  \naquatique et de l'association d\u00e9partementale des p\u00eacheurs amateurs aux engins et aux filets sur le  \ndomaine public (article R434-26 du code de l'environnement)\nPr\u00e9fecture de la C\u00f4te-d'Or - 21-2026-04-27-00006 - Arr\u00eat\u00e9 pr\u00e9fectoral n\u00b0 776 / SG du 27 avril 2026\ndonnant d\u00e9l\u00e9gation de signature \u00e0 Madame Manuelle DUPUY,\ndirectrice d\u00e9partementale des territoires de la C\u00f4te-d'Or \n43\nC5/7 \u2013 D\u00e9cision relative \u00e0 l'agr\u00e9ment des pr\u00e9sidents et tr\u00e9soriers des associations pour la p\u00eache et  \nla protection des milieux aquatiques (article R434-27 du code de l'environnement)\nC5/8 \u2013 D\u00e9cision relative \u00e0 l'op\u00e9ration de renouvellement des instances repr\u00e9sentatives de la p\u00eache  \n(\u00e9lections de la F\u00e9d\u00e9ration, liste candidats, suivi contr\u00f4le, pr\u00e9sidence) (article R434-32-1 du code de  \nl'environnement)\nC5/9 \u2013 D\u00e9cision relative \u00e0 l'agr\u00e9ment du pr\u00e9sident et du tr\u00e9sorier de la f\u00e9d\u00e9ration d\u00e9partementale  \npour la p\u00eache et la protection du milieu aquatique (article R434-33 du code de l'environnement)\nC5/10 \u2013 D\u00e9cision relative \u00e0 la d\u00e9livrance des licences aux p\u00eacheurs amateurs (article R435 -7 du \ncode de l'environnement)\nC5/11 \u2013 Signature des baux amiables de location du droit de p\u00eache sur le domaine public (articles  \nR435-9 et 13 du code de l'environnement)\nC5/12 \u2013 Arr\u00eat\u00e9 pr\u00e9fectoral relatif \u00e0 la composition de la commission technique d\u00e9partementale de la  \np\u00eache (article R435-14 du code de l'environnement et arr\u00eat\u00e9 du 28 ao\u00fbt 1987 fixant la composition  \nde la commission technique d\u00e9partementale de la p\u00eache)\nC5/13 \u2013 D\u00e9cision relative aux modalit\u00e9s de location des lots concernant le droit de p\u00eache de l'\u00c9tat  \n(articles R435-16 \u00e0 24 du code de l'environnement)\nC5/14 \u2013 D\u00e9cisions relatives aux droits de p\u00eache en application de l'article L435-5 du code de  \nl'environnement (articles R435-34 \u00e0 39 du code de l'environnement)\nC5/15 \u2013 Arr\u00eat\u00e9 relatif aux conditions d'exercice du droit de p\u00eache (article R436-6 \u00e0 38 du code de  \nl'environnement)\nC5/16 \u2013 Classement des cours d'eau, canaux et plans d'eau en deux cat\u00e9gories piscicoles (article  \nR436-43 du code de l'environnement)\nC5/17 \u2013 Institution de r\u00e9serves de p\u00eache temporaires ou permanentes (articles R436-8, 69, 73 et 74  \ndu code de l'environnement)\nC6 \u2013 D\u00e9chets :\nC6/1 \u2013 R\u00e9c\u00e9piss\u00e9s de d\u00e9claration de l'activit\u00e9 de collecte et de transport de d\u00e9chets (article R541-51 \ndu code de l'environnement)\nC7 \u2013 Pr\u00e9vention des risques naturels :\nC7/1 \u2013 Toutes d\u00e9cisions et correspondances relatives aux proc\u00e9dures d'\u00e9laboration et d'\u00e9volution  \ndes  plans  de  pr\u00e9vention  des  risques  naturels,  \u00e0  l'exception  des  arr\u00eat\u00e9s  de  prescription,  \nd'approbation et de r\u00e9vision (articles L562-1 \u00e0 L562-9 du code de l'environnement)\nC7/2 \u2013 Toutes  d\u00e9cisions  et  correspondances  relatives  \u00e0  l'organisation  des  enqu\u00eates  publiques  \nportant sur les plans de pr\u00e9vention des risques naturels (articles L123-1 et suivants du code de  \nl'environnement)\nC7/3 \u2013 Actes et correspondances relatifs \u00e0 l'information pr\u00e9ventive et \u00e0 la communication sur les  \nrisques majeurs (article L125-5 du code de l'environnement)\nC8 \u2013 Nuisances sonores     :  \nC8/1 \u2013 Recensement et classement des infrastructures de transports terrestres (article R571-37 du  \nPr\u00e9fecture de la C\u00f4te-d'Or - 21-2026-04-27-00006 - Arr\u00eat\u00e9 pr\u00e9fectoral n\u00b0 776 / SG du 27 avril 2026\ndonnant d\u00e9l\u00e9gation de signature \u00e0 Madame Manuelle DUPUY,\ndirectrice d\u00e9partementale des territoires de la C\u00f4te-d'Or \n44\ncode de l'environnement)\nC8/2 \u2013 D\u00e9termination des secteurs affect\u00e9s par le bruit des infrastructures de transports terrestres,  \ndes niveaux sonores \u00e0 prendre en compte pour la construction et des isolements requis (article  \nR571-38 du code de l'environnement)\nC8/3 \u2013 \u00c9tablissement et publication des cartes de bruit des infrastructures de transports terrestres  \n(article R572-7 du code de l'environnement)\nC9 \u2013 Publicit\u00e9, enseignes et pr\u00e9enseignes     :  \nC9/1 \u2013 \u00c9laboration et transmission du porter-\u00e0-connaissance de l'\u00c9tat dans le cadre de l'\u00e9laboration  \nd'un r\u00e8glement local de publicit\u00e9 (article L581-14-1 du code de l'environnement)\nC9/2 \u2013 R\u00e9c\u00e9piss\u00e9 de la demande d'autorisation d'un dispositif publicitaire ou d'une pr\u00e9enseigne  \nlorsque la demande est  compl\u00e8te,  ou  demande  de  compl\u00e9ments (article R581-10 du code de  \nl'environnement)\nC9/3 \u2013 Consultation des services sur de la demande d'autorisation d'un dispositif publicitaire ou  \nd'une pr\u00e9enseigne (article R581-11 et 12 du code de l'environnement)\nC9/4 \u2013 D\u00e9cision d'accord ou de refus de l'autorisation pr\u00e9alable d'un dispositif ou d'un mat\u00e9riel  \nsupportant de la publicit\u00e9, une enseigne ou une pr\u00e9enseigne (articles L581 -21 et R581-13 du code  \nde l'environnement)\nC9/5 \u2013 Autorisation sp\u00e9cifique d'installer une enseigne dans un site class\u00e9 ou sur un immeuble  \nclass\u00e9 au titre des monuments historiques (articles L581-18 et R581-16 du code de l'environnement)\nC9/6 \u2013 Autorisation sp\u00e9cifique d'installer une enseigne \u00e0 faisceau de rayonnement laser (articles  \nL581-18 et R581-18 du code de l'environnement)\nC9/7 \u2013 Autorisation de d\u00e9passement de 50 % du plafond de publicit\u00e9 sur une b\u00e2che de chantier  \nlorsque les travaux de r\u00e9novation projet\u00e9s doivent permettre \u00e0 l'immeuble d'obtenir le label \u00ab  haute \nperformance  \u00e9nerg\u00e9tique  r\u00e9novation  \u00bb  dit  \u00ab  BBC  r\u00e9novation  \u00bb  (article  R581-54  du  code  de  \nl'environnement)\nC9/8 \u2013 D\u00e9cision  pronon\u00e7ant  une  amende  administrative  apr\u00e8s  constatation  de  l'implantation  de \ndispositifs  irr\u00e9guliers,  et  proc\u00e9dure  contradictoire  pr\u00e9alable  (article  L581-26  du  code  de  \nl'environnement)\nC9/9 \u2013 Notification de l'arr\u00eat\u00e9 ordonnant la suppression, la mise en conformit\u00e9 ainsi que la remise en \n\u00e9tat des lieux apr\u00e8s constatation de l'implantation de dispositifs irr\u00e9guliers (article L581-27 du code  \nde l'environnement)\nC9/10 \u2013 Notification de l'arr\u00eat\u00e9 ordonnant la suppression ou la mise en conformit\u00e9 de dispositifs  \ndans le cas o\u00f9 la d\u00e9claration pr\u00e9alable fait appara\u00eetre qu'ils sont irr\u00e9guliers (article L581-28 du code  \nde l'environnement) \nC9/11 \u2013 Information pr\u00e9alable du propri\u00e9taire priv\u00e9 ou du gestionnaire du domaine public en cas de  \nsuppression d'office d'un dispositif irr\u00e9gulier (article L581-29 du code de l'environnement)\nC9/12 \u2013 Proc\u00e9dure de suppression d'office d'une publicit\u00e9 irr\u00e9guli\u00e8re (article L581-29 du code de  \nl'environnement)\nC9/13 \u2013 Astreinte journali\u00e8re  : demande au maire des \u00e9l\u00e9ments de recouvrement, liquidation et  \nrecouvrement au profit de l'\u00c9tat, acceptation de remise ou de reversement partiel (article L581-30 du \nPr\u00e9fecture de la C\u00f4te-d'Or - 21-2026-04-27-00006 - Arr\u00eat\u00e9 pr\u00e9fectoral n\u00b0 776 / SG du 27 avril 2026\ndonnant d\u00e9l\u00e9gation de signature \u00e0 Madame Manuelle DUPUY,\ndirectrice d\u00e9partementale des territoires de la C\u00f4te-d'Or \n45\ncode de l'environnement)\nC9/14  \u2013  Notification  \u00e0  la  personne  priv\u00e9e  propri\u00e9taire  ou  occupant  des  lieux,  de  la  date  de  \ncommencement  des  travaux  en  cas  d'ex\u00e9cution  d'office  (article  L581-31  du  code  de  \nl'environnement)\nC9/15 \u2013 Notification de l'arr\u00eat\u00e9 ordonnant la suppression, la mise en conformit\u00e9 ainsi que la remise  \nen  \u00e9tat  des  lieux  \u00e0  la  demande  d'associations  mentionn\u00e9es  \u00e0  l'article  L141-1  du  code  de  \nl'environnement  ou  du  propri\u00e9taire  de  l'immeuble  concern\u00e9  (article  L581-32  du  code  de  \nl'environnement)\nC9/16  \u2013  Copie  au  procureur  de  la  mise  en  demeure  pr\u00e9vue  \u00e0  l'article  L581-27  du  code  de  \nl'environnement et information de ce dernier (article L581-33 du code de l'environnement)\nD. \u2013 URBANISME\nD1 \u2013 R\u00e8gles d'urbanisme     :  \nD1/1 \u2013 Correspondances  destin\u00e9es  \u00e0  porter  \u00e0  la  connaissance  des  communes  ou  de  leurs  \ngroupements comp\u00e9tents tous les \u00e9l\u00e9ments \u00e0 prendre en compte au cours de l'\u00e9laboration de la  \ncarte communale, du plan local d'urbanisme et du sch\u00e9ma de coh\u00e9rence territoriale (article L132-2  \ndu code de l'urbanisme)\nD1/2 \u2013 Mise en compatibilit\u00e9 d'un PLU approuv\u00e9 dont les dispositions sont incompatibles avec la  \nd\u00e9claration d'utilit\u00e9 publique d'une op\u00e9ration  : conduite de la proc\u00e9dure en vue de l'association des  \npersonnes morales de droit public autres que l'\u00c9tat (articles R153-13 et 14 du code de l'urbanisme)\nD2 \u2013 Application du droit des sols     :  \nD2/1 \u2013  D\u00e9cision sur demande de certificat d'urbanisme dans les cas vis\u00e9s aux articles L422-2 et  \nR422-2 du code de l'urbanisme, sauf quand la demande est pr\u00e9sent\u00e9e pour le compte d'\u00c9tats  \n\u00e9trangers ou d'organisations internationales ou en cas de d\u00e9saccord entre le maire et la DDT (R410-\n11 et R422-1 et 2 du code de l'urbanisme)\nD2/2 \u2013  D\u00e9cision sur d\u00e9claration pr\u00e9alable ou demande de permis de construire, d'am\u00e9nager ou de  \nd\u00e9molir dans les cas vis\u00e9s aux articles L422-2 et R422-2 du code de l'urbanisme, sauf quand la  \ndemande est pr\u00e9sent\u00e9e pour le compte d'\u00c9tats \u00e9trangers ou d'organisations internationales ou en  \ncas de d\u00e9saccord entre le maire et la DDT (R410-11 et R422-1 et 2 du code de l'urbanisme)\nD2/3 \u2013 Certificat de permis tacite ou de d\u00e9cision tacite de non-opposition \u00e0 d\u00e9claration pr\u00e9alable  \n(articles R424-13 et R422-1 et 2 du code de l'urbanisme)\nD2/4 \u2013 Lettre de majoration de d\u00e9lai d'instruction pour les cas vis\u00e9s aux articles L422-2 et R422-2 du \ncode de l'urbanisme (articles R423-42 et R422-1 et 2 du code de l'urbanisme)\nD2/5 \u2013 Demande de pi\u00e8ces compl\u00e9mentaires pour les cas vis\u00e9s aux articles L422-2 et R422 -2 du \ncode de l'urbanisme (articles R423-38 et R422-1 et 2 du code de l'urbanisme)\nD2/6 \u2013 Avis conforme sur une demande d'autorisation d'urbanisme dans une commune dont le  \ndocument d'urbanisme est caduc ou a \u00e9t\u00e9 abrog\u00e9 ou annul\u00e9 (articles L422-6 et L174-1 du code de  \nl'urbanisme)\nD2/7 \u2013 Avis conforme pour un projet situ\u00e9 dans une partie du territoire communal non couverte par  \nun document d'urbanisme , ou dans un p\u00e9rim\u00e8tre o\u00f9 des mesures de sauvegarde pr\u00e9vues par  \nl'article L424-1 peuvent \u00eatre appliqu\u00e9es (article L422-5 du code de l'urbanisme)\nD2/8 \u2013 Toutes correspondances et d\u00e9cisions relatives aux enqu\u00eates publiques, y compris les arr\u00eat\u00e9s  \nd'ouverture,  sur  les  demandes  d'autorisation  d'urbanisme  relevant  de  la  comp\u00e9tence  de  \nPr\u00e9fecture de la C\u00f4te-d'Or - 21-2026-04-27-00006 - Arr\u00eat\u00e9 pr\u00e9fectoral n\u00b0 776 / SG du 27 avril 2026\ndonnant d\u00e9l\u00e9gation de signature \u00e0 Madame Manuelle DUPUY,\ndirectrice d\u00e9partementale des territoires de la C\u00f4te-d'Or \n46\nl'\u00c9tat (articles R423-57, L422-2 et R422-2 du code de l'urbanisme)\nD2/9- Accord de l'autorit\u00e9 d'urbanisme sur les demandes d'autorisation de travaux sur un immeuble \nclass\u00e9 (article R621-12 du code du patrimoine et R425-23 du code de l'urbanisme)\nD3 \u2013 CDPENAF     :  \nD3/1 \u2013 Notification  des  avis  de  la  commission  d\u00e9partementale  de  la  pr\u00e9servation  des  espaces \nnaturels, agricoles et forestiers (articles L111-4, L143-20, L151-11 \u00e0 13, L163-4 et 8 du code de  \nl'urbanisme)\nD4 \u2013 Redevance d'arch\u00e9ologie pr\u00e9ventive.     :  \nD4/1 \u2013 Titres  de  recette  d\u00e9livr\u00e9s,  tous  actes,  d\u00e9cisions  et  documents  relatifs  \u00e0  l'assiette,  \u00e0  la  \nliquidation  et  r\u00e9ponses  aux  r\u00e9clamations  pr\u00e9alables  en  mati\u00e8re  de  redevance  d'arch\u00e9ologie  \npr\u00e9ventive dont les autorisations et d\u00e9clarations pr\u00e9alables du code de l'urbanisme constituent le fait  \ng\u00e9n\u00e9rateur (articles L524-8 et 15 du code du patrimoine)\nD5 \u2013 Conformit\u00e9 des travaux     :  \nD5/1 \u2013 D\u00e9cision de contestation de la d\u00e9claration d'ach\u00e8vement des travaux  (article R462-6 du code \nde l'urbanisme)\nD5/2 \u2013 Mise en demeure de d\u00e9poser un dossier modificatif ou de mettre les travaux en conformit\u00e9  \n(articles R462-9 et R422-1 et 2 du code de l'urbanisme)\nD5/3 \u2013 Attestation certifiant que la conformit\u00e9 des travaux avec le permis ou la d\u00e9claration n'a pas  \n\u00e9t\u00e9 contest\u00e9e (article R462-10 du code de l'urbanisme)\nD6 \u2013 Contentieux p\u00e9nal de l'urbanisme :\nD6/1 \u2013 Pr\u00e9sentation  des  observations  \u00e9crites  ou  orales  au  tribunal  correctionnel  en  mati\u00e8re  \nd'infractions p\u00e9nales au code de l'urbanisme (article L480-5 et 6 du code de l'urbanisme)\nD6/2 \u2013 Liquidation des astreintes p\u00e9nales (articles 108 et suivants du d\u00e9cret n\u00b0 2012-1246 du 7  \nnovembre 2012 relatif \u00e0 la gestion budg\u00e9taire et comptable publique)\nD6/3 \u2013 Liquidation  des  astreintes  administratives  qui  font  suite  \u00e0  une  mise  en  demeure  de  \nr\u00e9gulariser des travaux r\u00e9alis\u00e9s irr\u00e9guli\u00e8rement, y compris octroi d'exon\u00e9rations totales ou partielles  \n(article L481-2 du code de l'urbanisme), et r\u00e9ponses aux recours administratifs contestant le bien-\nfond\u00e9 de la cr\u00e9ance (article 118 du d\u00e9cret n\u00b0 2012-1246 du 7 novembre 2012)\nE. \u2013 CONSTRUCTION ET LOGEMENT\nE1 \u2013 Accessibilit\u00e9     :  \nE1/1 \u2013 D\u00e9cisions prises sur les demandes de d\u00e9rogation aux r\u00e8gles d'accessibilit\u00e9 dans le cas de  \ntravaux affectant des b\u00e2timents d'habitation collectifs ou des b\u00e2timents existants o\u00f9 sont cr\u00e9\u00e9s des  \nlogements par changement de destination (article R111-18-10 du CCH)\nE1/2 \u2013 D\u00e9cisions prises sur les demandes de d\u00e9rogation aux r\u00e8gles d'accessibilit\u00e9 concernant les  \n\u00e9tablissements recevant du public de 3e, 4e et 5e cat\u00e9gorie, \u00e0 l'exception des immeubles relevant  \ndu patrimoine de l'\u00c9tat (articles R111-19-10 et R111-19-23 du CCH)\nE1/3 \u2013 Sauf si elles sont d\u00e9favorables, d\u00e9cisions prises sur les demandes de d\u00e9rogation aux r\u00e8gles  \nd'accessibilit\u00e9 concernant les \u00e9tablissements recevant du public de 1re et 2e cat\u00e9gorie, \u00e0 l'exception  \nPr\u00e9fecture de la C\u00f4te-d'Or - 21-2026-04-27-00006 - Arr\u00eat\u00e9 pr\u00e9fectoral n\u00b0 776 / SG du 27 avril 2026\ndonnant d\u00e9l\u00e9gation de signature \u00e0 Madame Manuelle DUPUY,\ndirectrice d\u00e9partementale des territoires de la C\u00f4te-d'Or \n47\ndes immeubles relevant du patrimoine de l'\u00c9tat (articles R111-19-10 et R111-19-23 du CCH)\nE1/4 \u2013 D\u00e9cisions prises sur les demandes d'approbation des agendas d'accessibilit\u00e9 programm\u00e9e  \n(Ad'AP), d\u00e9cisions de prorogation du d\u00e9lai de d\u00e9p\u00f4t (articles L111-7-6 et R111-19-31 du CCH), de  \nmajoration de la dur\u00e9e d'ex\u00e9cution (articles L111-7-7 et R111-19-39 du CCH), de prorogation de la  \ndur\u00e9e de mise en \u0153uvre en cas de force majeure ou de difficult\u00e9s techniques ou financi\u00e8res (article  \nL111-7-8 du CCH), \u00e0 l'exception des immeubles relevant du patrimoine de l'\u00c9tat\nE1/5 \u2013 Autorisation de construire, d'am\u00e9nager ou de modifier un \u00e9tablissement recevant du public  \nlorsque le pr\u00e9fet est comp\u00e9tent pour d\u00e9livrer le permis de construire ou lorsque le projet porte sur un  \nimmeuble de grande hauteur (article R111-19-13 du CCH)\nE2 \u2013 Aides \u00e0 la construction et au logement     :  \nE2/1 \u2013 D\u00e9cisions et d\u00e9rogations concernant les subventions pour l'am\u00e9lioration des logements \u00e0  \nusage locatif et \u00e0 occupation sociale (articles R323-3 \u00e0 8 du CCH)\nE2/2 \u2013 D\u00e9rogation aux surfaces habitables minimales et normes minimales d'habitabilit\u00e9 en fonction  \nde  la  structure  de  l'immeuble  (arr\u00eat\u00e9  du  17  octobre  2011  (...)  relatif  (\u2026)  aux  caract\u00e9ristiques  \ntechniques des op\u00e9rations de construction, d'am\u00e9lioration ou d'acquisition-am\u00e9lioration d'immeubles  \nen vue d'y am\u00e9nager avec l'aide de l'\u00c9tat des logements ou des logements-foyers \u00e0 usage locatif)\nE2/3 \u2013 D\u00e9cisions favorables concernant les pr\u00eats locatifs aid\u00e9s, y compris pour l'acquisition de  \nterrains ou d'immeubles b\u00e2tis et pour fin d'op\u00e9ration (articles R331-1 \u00e0 31 du CCH)\nE2/4 \u2013 Prorogation de la dur\u00e9e autoris\u00e9e de location pour un logement ayant b\u00e9n\u00e9fici\u00e9 d'un pr\u00eat  \nPAP (article R331-41 du CCH)\nE2/5 \u2013 Passation des conventions, avenants et d\u00e9rogations entre l'\u00c9tat et :\n-les organismes d'habitation \u00e0 loyer mod\u00e9r\u00e9 ou les soci\u00e9t\u00e9s d'\u00e9conomie mixte et leurs filiales,\n-les bailleurs de logements faisant l'objet de travaux d'am\u00e9lioration,\n-les soci\u00e9t\u00e9s anonymes d'\u00e9conomie mixte de construction immobili\u00e8re,\n-des personnes morales ou physiques b\u00e9n\u00e9ficiaires des aides de l'\u00c9tat,\n-des propri\u00e9taires de logements b\u00e9n\u00e9ficiaires de pr\u00eats conventionn\u00e9s ou de pr\u00eats locatifs sociaux,\n-les organismes propri\u00e9taires et gestionnaires de r\u00e9sidences sociales ou de foyers,\n-l'association fonci\u00e8re ou ses filiales (articles R353-1 \u00e0 165 du CCH)\nE2/6 \u2013 Contr\u00f4le des personnes ou organismes habilit\u00e9s \u00e0 g\u00e9rer des immeubles faisant l'objet d'une  \nconvention (arr\u00eat\u00e9 du 9 mars 1978 relatif \u00e0 l'agr\u00e9ment des personnes ou organismes habilit\u00e9s \u00e0  \ng\u00e9rer des immeubles faisant l'objet d'une convention r\u00e9gie par le titre V de la loi du 3 janvier 1977)\nE2/7 \u2013 Attestation d'ex\u00e9cution conforme de travaux d'am\u00e9lioration des logements \u00e0 usage collectif et \n\u00e0 occupation sociale (article R353-21 du CCH)\nE2/8 \u2013 Attribution aux b\u00e2timents d'habitation d'un label \u00ab  confort acoustique \u00bb (arr\u00eat\u00e9 du 10 f\u00e9vrier  \n1972 relatif \u00e0 l'attribution aux b\u00e2timents d'habitation d'un \"Label Confort acoustique\")\nE3 \u2013 HLM     :  \nE3/1 \u2013 Tous courriers et transmissions de documents li\u00e9s au contr\u00f4le des budgets de l'OPAC et de  \nl'OPDHLM (article L421-21 du CCH)\nE3/2 \u2013 Attribution de bonifications d'int\u00e9r\u00eats aux organismes d'habitations \u00e0 loyer mod\u00e9r\u00e9 (article  \nR431-51 du CCH)\nE3/3 \u2013 Demande d'une nouvelle d\u00e9lib\u00e9ration d'un organisme d'habitations \u00e0 loyer mod\u00e9r\u00e9 relative  \nPr\u00e9fecture de la C\u00f4te-d'Or - 21-2026-04-27-00006 - Arr\u00eat\u00e9 pr\u00e9fectoral n\u00b0 776 / SG du 27 avril 2026\ndonnant d\u00e9l\u00e9gation de signature \u00e0 Madame Manuelle DUPUY,\ndirectrice d\u00e9partementale des territoires de la C\u00f4te-d'Or \n48\naux loyers (article L442-1-2 du CCH)\nE3/4 \u2013 Autorisation de vente de logements locatifs par un organisme d'habitations \u00e0 loyer mod\u00e9r\u00e9  \n(article L443-8 du CCH)\nE4 \u2013 Logement social et droit au logement     :  \nE4/1 \u2013 D\u00e9l\u00e9gation \u00e0 un op\u00e9rateur mentionn\u00e9 au 2e alin\u00e9a de l'article L210-1 du code de l'urbanisme  \nde l'exercice du droit de pr\u00e9emption urbain pour les communes faisant l'objet d'un arr\u00eat\u00e9 de carence  \nsur le fondement de l'article L302-9-1 du code de la construction et de l'habitation.\nE4/2 \u2013 Renonciation  \u00e0  l'exercice  du  droit  de  pr\u00e9emption  urbain  (article  R213-8  a)  du  code  de \nl'urbanisme) dont l'exercice est transf\u00e9r\u00e9 au pr\u00e9fet par l'article L210-1 du code de l'urbanisme pour  \nles communes faisant l'objet d'un arr\u00eat\u00e9  de carence sur le fondement de l'article L302-9-1 du code  \nde la construction et de l'habitation.\nE4/3 \u2013 Demande de communication de documents compl\u00e9mentaires et/ou de visite pour un bien  \nsoumis au droit de pr\u00e9emption urbain dont l'exercice est transf\u00e9r\u00e9 au pr\u00e9fet par l'article L210-1 du  \ncode de l'urbanisme dans une commune faisant l'objet d'un arr\u00eat\u00e9 de carence sur le fondement de  \nl'article L302-9-1 du code de la construction et de l'habitation. \nE4/4 \u2013 R\u00e8glement au nom de l'\u00c9tat de l'indemnit\u00e9 d'occupation en cas de d\u00e9faillance du b\u00e9n\u00e9ficiaire  \n(article L641-8 du CCH)\nF. \u2013 ROUTE ET TRANSPORTS\nF1 \u2013 \u00c9ducation routi\u00e8re     :  \nF1/1 \u2013 Toutes  d\u00e9cisions  et  correspondances  concernant  la  d\u00e9livrance,  le  renouvellement,  la  \nsuspension et le retrait des agr\u00e9ments relatifs aux \u00e9tablissements d'enseignement \u00e0 la conduite  \nautomobile ainsi que les documents li\u00e9s au label qualit\u00e9 des formations au sein des \u00e9coles de  \nconduite (arr\u00eat\u00e9 du 8 janvier 2001 modifi\u00e9 relatif \u00e0 l'exploitation des \u00e9tablissements d'enseignement,  \n\u00e0 titre on\u00e9reux, de la conduite des v\u00e9hicules \u00e0 moteur et de la s\u00e9curit\u00e9 routi\u00e8re / arr\u00eat\u00e9 du 26 f\u00e9vrier  \n2018 modifi\u00e9 portant cr\u00e9ation du label \"qualit\u00e9 des formations au sein des \u00e9coles de conduite et  \nreconnaissance des \u00e9quivalences \u00e0 ce label\")\nF1/2 \u2013 Toutes  d\u00e9cisions  et  correspondances  concernant  la  d\u00e9livrance,  le  renouvellement,  la  \nsuspension et le retrait des agr\u00e9ments des centres de sensibilisation \u00e0 la s\u00e9curit\u00e9 routi\u00e8re (arr\u00eat\u00e9 du  \n26 juin 2012 modifi\u00e9 fixant les conditions d'exploitation des \u00e9tablissements charg\u00e9s d'organiser les  \nstages de sensibilisation \u00e0 la s\u00e9curit\u00e9 routi\u00e8re)\nF1/3 \u2013 Toutes  d\u00e9cisions  et  correspondances  concernant  la  d\u00e9livrance,  le  renouvellement,  la  \nsuspension et le retrait des agr\u00e9ments des centres de formation de formateurs (arr\u00eat\u00e9 du 12 avril  \n2016 modifi\u00e9 relatif \u00e0 l'exploitation des \u00e9tablissements assurant \u00e0 titre on\u00e9reux la formation des  \ncandidats aux titres ou dipl\u00f4mes exig\u00e9s pour l'exercice de la profession d'enseignant de la conduite  \net de la s\u00e9curit\u00e9 routi\u00e8re)\nF1/4 \u2013 Toutes  d\u00e9cisions  et  correspondances  concernant  la  d\u00e9livrance,  le  renouvellement,  la  \nsuspension  et  le  retrait  des  agr\u00e9ments  des  professionnels  charg\u00e9s  d'installer  les  dispositifs  \nd'antid\u00e9marrage  par  \u00e9thylotest  \u00e9lectronique  (loi  2011-267  du  14  mars  2011  d'orientation  et  de \nprogrammation pour la performance de la s\u00e9curit\u00e9 int\u00e9rieure LOPPSI / d\u00e9cret 2011-1661 du 28  \nnovembre 2011 / arr\u00eat\u00e9 du 13 juillet 2012  modifi\u00e9 fixant les r\u00e8gles applicables \u00e0 l'homologation  \nnationale  des  dispositifs  d'antid\u00e9marrage  par  \u00e9thylotest  \u00e9lectronique  et  \u00e0  leurs  conditions  \nd'installation dans les v\u00e9hicules \u00e0 moteur / article L234-17 du code de la route)\nPr\u00e9fecture de la C\u00f4te-d'Or - 21-2026-04-27-00006 - Arr\u00eat\u00e9 pr\u00e9fectoral n\u00b0 776 / SG du 27 avril 2026\ndonnant d\u00e9l\u00e9gation de signature \u00e0 Madame Manuelle DUPUY,\ndirectrice d\u00e9partementale des territoires de la C\u00f4te-d'Or \n49\nF1/5 \u2013 Toutes d\u00e9cisions et correspondances concernant les autorisations et renouvellement des  \nautorisations d'enseigner la conduite des v\u00e9hicules \u00e0 moteur (arr\u00eat\u00e9 du 8 janvier 2001 modifi\u00e9 relatif  \n\u00e0 l'exploitation des \u00e9tablissements d'enseignement, \u00e0 titre on\u00e9reux, de la conduite des v\u00e9hicules \u00e0  \nmoteur et de la s\u00e9curit\u00e9 routi\u00e8re)\nF1/6 \u2013 Toutes d\u00e9cisions et correspondances concernant les autorisations et renouvellement des  \nautorisations d'animer les stages de sensibilisation \u00e0 la s\u00e9curit\u00e9 routi\u00e8re (arr\u00eat\u00e9 du 26 juin 2012  \nmodifi\u00e9 fixant les conditions d'exploitation des \u00e9tablissements charg\u00e9s d'organiser les stages de  \nsensibilisation \u00e0 la s\u00e9curit\u00e9 routi\u00e8re)\nF1/7 \u2013 Toutes d\u00e9cisions et correspondances concernant la gestion des places d'examen au permis  \nde conduire\nF1/8 \u2013 Toutes d\u00e9cisions et correspondances concernant  la gestion  des suspicions de fraude \u00e0  \nl'examen du permis de conduire th\u00e9orique (fiche r\u00e9flexe du 21 novembre 2022 \u00e9mise par le MIOM /  \nSG et DSR / DMAT / 2MLFDI-DSR / SDERPC) et pratique\nF2 \u2013 S\u00e9curit\u00e9 routi\u00e8re     :  \nF2/1 \u2013 R\u00e8glementation permanente de la circulation sur les routes nationales, hors agglom\u00e9ration  \n(articles R411-1 et suivants du code de la route)\nF2/2 \u2013 Avis pr\u00e9alable sur les arr\u00eat\u00e9s du pr\u00e9sident du conseil d\u00e9partemental ou des maires relatifs \u00e0  \nla police de la circulation sur les routes \u00e0 grande circulation (article R411-8 du code de la route)\nF2/3 \u2013 Convocations, diffusion des proc\u00e8s-verbaux, notification des extraits de proc\u00e8s-verbaux de la  \ncommission d\u00e9partementale de la s\u00e9curit\u00e9 routi\u00e8re \u2013 formation fourri\u00e8res\nF2/4 \u2013 D\u00e9rogations  exceptionnelles  \u00e0  l'interdiction  de  circulation  des  v\u00e9hicules  de  transport  de \nmarchandises les samedis, dimanches et jours f\u00e9ri\u00e9s (arr\u00eat\u00e9 du 2 mars 2015 relatif \u00e0 l'interdiction de  \ncirculation des v\u00e9hicules de transport de marchandises \u00e0 certaines p\u00e9riodes)\nF2/5 \u2013 \u00c9tablissement de barri\u00e8res de d\u00e9gel sur les routes nationales et d\u00e9finition des conditions de  \ncirculation sur les sections de routes soumises aux barri\u00e8res de d\u00e9gel (article R411-20 du code de la \nroute)\nF2/6 \u2013 Interdictions ou r\u00e8glementations de la circulation \u00e0 l'occasion des chantiers, \u00e9tudes et toutes  \nactions li\u00e9es \u00e0 l'exploitation des routes nationales, autoroutes et des r\u00e9seaux importants sur le  \ndomaine public de ces voies (article R411-21-1 du code de la route)\nF2/7 \u2013 R\u00e8glementation de la circulation sur les ponts du r\u00e9seau national (article R422-4 du code de  \nla route)\nF2/8 \u2013 D\u00e9rogation pour la circulation des v\u00e9hicules \u00e9quip\u00e9s de pneumatiques \u00e0 crampons (article  \nR314-3 du code de la route et arr\u00eat\u00e9 du 18 juillet 1985 relatif aux dispositifs antid\u00e9rapants \u00e9quipant  \nles pneumatiques)\nF2/9 \u2013 Bons d'enl\u00e8vement pour destruction de v\u00e9hicules mis en fourri\u00e8re (article R325-45 du code  \nde la route)\nF3 \u2013 Sports et transports     :  \nF3/1 \u2013 R\u00e9c\u00e9piss\u00e9 de d\u00e9claration et autorisations de manifestations sportives sur les voies publiques \nou ouvertes \u00e0 la circulation publique ne comportant pas la participation de v\u00e9hicules \u00e0 moteur  \n(articles R331-10 et R331-6 et suivants du code du sport)\nPr\u00e9fecture de la C\u00f4te-d'Or - 21-2026-04-27-00006 - Arr\u00eat\u00e9 pr\u00e9fectoral n\u00b0 776 / SG du 27 avril 2026\ndonnant d\u00e9l\u00e9gation de signature \u00e0 Madame Manuelle DUPUY,\ndirectrice d\u00e9partementale des territoires de la C\u00f4te-d'Or \n50\nF3/2 \u2013 R\u00e9c\u00e9piss\u00e9  de  d\u00e9claration  et  autorisations  de  manifestations  sportives  comportant  la  \nparticipation de v\u00e9hicules \u00e0 moteur, dans des lieux non ouverts \u00e0 la circulation publique, soumis ou  \nnon \u00e0 homologation (articles R331-10 et R331-18 et suivants du code du sport)\nF3/3 \u2013 Autorisations  relatives  aux  petits  trains  routiers  touristiques  (arr\u00eat\u00e9  du  22  janvier  2015  \nd\u00e9finissant les caract\u00e9ristiques et les conditions d'utilisation des v\u00e9hicules autres que les autocars et  \nles autobus, destin\u00e9s \u00e0 des usages de tourisme et de loisirs)\nF3/4 \u2013 Actes pris au titre de l'autorisation de mise en service et du contr\u00f4le des infrastructures de  \ntransports publics guid\u00e9s (d\u00e9cret n\u00b0 2017-440 du 30 mars 2017 relatif \u00e0 la s\u00e9curit\u00e9 des transports  \npublics guid\u00e9s)\nF3/5 \u2013 Autorisations de manifestation nautique, en application du r\u00e8glement g\u00e9n\u00e9ral de police de la  \nnavigation int\u00e9rieure (article R4241-38 du code des transports)\nF3/6 \u2013 Autorisations des manifestations a\u00e9riennes (article R131-3 du code de l'aviation civile)\nArticle 3  : Sont exclus de la pr\u00e9sente d\u00e9l\u00e9gation, les courriers adress\u00e9s aux parlementaires, au  \npr\u00e9sident du conseil r\u00e9gional, au pr\u00e9sident du conseil g\u00e9n\u00e9ral et aux pr\u00e9sidents d'\u00e9tablissement  \npublics de coop\u00e9ration intercommunale (EPCI).\nLes courriers adress\u00e9s aux maires seront transmis sous couvert des sous-pr\u00e9fets territorialement  \ncomp\u00e9tents, sauf en ce qui concerne des \u00e9changes portant sur des dossiers techniques courants.\nSECTION II     : COMP\u00c9TENCE D'ORDONNATEUR SECONDAIRE  \nSous-section I     : En qualit\u00e9 de responsable d'unit\u00e9 op\u00e9rationnelle  \nArticle 4     :   D\u00e9l\u00e9gation est donn\u00e9e \u00e0 Mme Manuelle DUPUY, directrice d\u00e9partementale des territoires,  \nen  qualit\u00e9  de  responsable  des  unit\u00e9s  op\u00e9rationnelles  (UO)  de  la  direction  d\u00e9partementale  des  \nterritoires  de  la  C\u00f4te-d'Or,  \u00e0  l'effet  de  proc\u00e9der  \u00e0  l'ordonnancement  secondaire  des  recettes  et \nd\u00e9penses de l'\u00c9tat (engagement, liquidation, ordonnancement et paiement), et \u00e0 la signature des  \naccus\u00e9s  de  r\u00e9ception  et  demandes  de  pi\u00e8ces  compl\u00e9mentaires  des  dossiers  de  subventions  \nd'investissement de l'\u00c9tat, relevant des programmes suivants :\n109 : aide \u00e0 l'acc\u00e8s au logement\n113 : paysages, eau et biodiversit\u00e9\n135 : urbanisme, territoires et am\u00e9lioration de l'habitat\n147 : politique de la ville\n148 : fonction publique\n149 : agriculture et for\u00eat\n181 : pr\u00e9vention des risques\n203 : infrastructures et services de transport\n207 : s\u00e9curit\u00e9 et circulation routi\u00e8res ,\n215 :  conduite et pilotage des politiques de l'agriculture\n217 : Conduite et pilotage des politiques de l'\u00e9cologie, du d\u00e9veloppement et de la mobilit\u00e9  \ndurables\n362 :  \u00e9cologie,  action  2  :  biodiversit\u00e9,  lutte  contre  l'artificialisation  (densification  et  \nrenouvellement urbain)\n723 : op\u00e9rations immobili\u00e8res et entretien des b\u00e2timents de l'\u00c9tat \nArticle 5 : D\u00e9l\u00e9gation de signature est donn\u00e9e \u00e0 Mme Manuelle DUPUY , pour la gestion des cr\u00e9dits  \ndu Fonds de pr\u00e9vention des risques naturels majeurs (FPRNM \u2013 Ex \u00ab Fonds Barnier \u00bb).\nPr\u00e9fecture de la C\u00f4te-d'Or - 21-2026-04-27-00006 - Arr\u00eat\u00e9 pr\u00e9fectoral n\u00b0 776 / SG du 27 avril 2026\ndonnant d\u00e9l\u00e9gation de signature \u00e0 Madame Manuelle DUPUY,\ndirectrice d\u00e9partementale des territoires de la C\u00f4te-d'Or \n51\nArticle 6  :  D\u00e9l\u00e9gation de signature est donn\u00e9e \u00e0 Mme Manuelle DUPUY pour la gestion des DAP  \nCEREMA.\nArticle 7     : D\u00e9l\u00e9gation de signature est donn\u00e9e \u00e0 Mme Manuelle DUPUY , pour les d\u00e9cisions relatives  \n\u00e0 la prescription quadriennale des cr\u00e9ances sur l'\u00c9tat dans les conditions fix\u00e9es par les d\u00e9crets n\u00b0 98-\n81 du 11 f\u00e9vrier 1998 et 99-89 du 8 f\u00e9vrier 1999.\nArticle  8 :  D\u00e9l\u00e9gation  de  signature  est  donn\u00e9e  \u00e0  Mme  Manuelle  DUPUY   pour  les  frais  de  \nd\u00e9placements des agents de la Direction d\u00e9partementale des territoires.\nArticle 9     : Demeurent r\u00e9serv\u00e9s \u00e0 ma signature les ordres de r\u00e9quisition du comptable public et les  \nd\u00e9cisions  de  passer  outre  aux  avis  d\u00e9favorables  du  contr\u00f4leur  financier  local  en  mati\u00e8re  \nd'engagement de d\u00e9penses.\nSous-section II : En qualit\u00e9 de service prescripteur, responsable de centre de co\u00fbts\nArticle 10 : D\u00e9l\u00e9gation est donn\u00e9e \u00e0 Mme Manuelle DUPUY, directrice d\u00e9partementale des territoires  \nde la C\u00f4te-d'Or, en tant que responsable de service prescripteur, centre de co\u00fbts, \u00e0 l'effet de signer  \nl'expression des besoins du BOP 354 \u00ab  administration territoriale de l'\u00c9tat  \u00bb \u00e0 hauteur des cr\u00e9dits  \nallou\u00e9s sur son centre de co\u00fbts, et d'assurer les traitements des engagements juridiques et demandes \nde paiement, ainsi que leur validation par le centre de service partag\u00e9 Chorus habilit\u00e9.\nSous-section III : En qualit\u00e9 de pouvoir adjudicateur\nArticle  11 : Pour  les  march\u00e9s  et  accords  cadres  relevant  de  la  direction  d\u00e9partementale  des  \nterritoires, la d\u00e9termination de la nature et de l'\u00e9tendue des besoins \u00e0 satisfaire telle que pr\u00e9vue \u00e0  \nl'article 5 du code des march\u00e9s publics, d'une part, et le mode de computation des march\u00e9s au regard  \ndes seuils, d'autre part, s'effectuent au niveau de ce service.\nArticle 12 : D\u00e9l\u00e9gation est donn\u00e9e \u00e0 Mme Manuelle DUPUY, directrice d\u00e9partementale des territoires  \nde la C\u00f4te-d'Or, \u00e0 l'effet de signer les march\u00e9s publics de travaux, de fournitures, et services, et les \naccords-cadres quels que soient leurs montants, et tous les actes s'y rapportant.\nSECTION III : DISPOSITIONS DIVERSES\nArticle 13 : Pour l'ensemble des comp\u00e9tences susvis\u00e9es Mme Manuelle DUPUY, pourra subd\u00e9l\u00e9guer \ntout ou partie de la d\u00e9l\u00e9gation de signature qui lui est conf\u00e9r\u00e9e aux agents plac\u00e9s sous son autorit\u00e9,  \nen application de l'article 44 du d\u00e9cret susvis\u00e9 du 29 avril 2004.\nLes d\u00e9cisions de subd\u00e9l\u00e9gation seront adress\u00e9es \u00e0 la pr\u00e9f\u00e8te de la C\u00f4te d'Or, ainsi qu'\u00e0 Monsieur le  \ndirecteur r\u00e9gional des finances publiques de Bourgogne et du d\u00e9partement de la C\u00f4te-d'Or, viseront  \nnominativement  les agents int\u00e9ress\u00e9s.  Elles feront  l'objet  d'une publication au recueil des actes  \nadministratifs de la pr\u00e9fecture de la C\u00f4te-d'Or.\nArticle 14 : Le secr\u00e9taire g\u00e9n\u00e9ral de la pr\u00e9fecture de la C\u00f4te-d'Or et la directrice d\u00e9partementale des  \nterritoires de la C\u00f4te-d'Or, sont charg\u00e9s, chacun en ce qui le concerne, de l'ex\u00e9cution du pr\u00e9sent  \narr\u00eat\u00e9 qui sera publi\u00e9 au recueil des actes administratifs de la pr\u00e9fecture de la C\u00f4te-d'Or.\nFait \u00e0 Dijon, le 27/04/26\nLa pr\u00e9f\u00e8te\nORIGINAL SIGNE PAR\nViolaine DEMARET\nPr\u00e9fecture de la C\u00f4te-d'Or - 21-2026-04-27-00006 - Arr\u00eat\u00e9 pr\u00e9fectoral n\u00b0 776 / SG du 27 avril 2026\ndonnant d\u00e9l\u00e9gation de signature \u00e0 Madame Manuelle DUPUY,\ndirectrice d\u00e9partementale des territoires de la C\u00f4te-d'Or \n52\nVoies et d\u00e9lais de recours\nLa pr\u00e9sente d\u00e9cision peut faire l'objet d'un recours contentieux, aupr\u00e8s du tribunal administratif de  \nDijon, 22 rue d'Assas \u2013 B.P. 61616 \u2013 21 016 DIJON CEDEX dans un d\u00e9lai de deux (2) mois \u00e0 compter \nde la publication de la d\u00e9cision.\nDans le m\u00eame d\u00e9lai de 2  mois, un recours gracieux peut . Le silence gard\u00e9 par l'administration  \npendant plus deux mois sur la demande de recours gracieux emporte d\u00e9cision implicite de rejet de  \ncette demande, conform\u00e9ment \u00e0 l'article R. 421-2 du  de justice administrative. Celui-ci prolonge le  \nd\u00e9lai de recours contentieux qui doit \u00eatre introduit dans les 2 mois suivant la r\u00e9ponse.\nLe tribunal administratif peut \u00eatre saisi par un recours d\u00e9pos\u00e9 via l'application T\u00e9l\u00e9recours citoyens  \naccessible par le site internet : www.telerecours.fr\nPr\u00e9fecture de la C\u00f4te-d'Or - 21-2026-04-27-00006 - Arr\u00eat\u00e9 pr\u00e9fectoral n\u00b0 776 / SG du 27 avril 2026\ndonnant d\u00e9l\u00e9gation de signature \u00e0 Madame Manuelle DUPUY,\ndirectrice d\u00e9partementale des territoires de la C\u00f4te-d'Or \n53\nPr\u00e9fecture de la C\u00f4te-d'Or\nDirection de la coordination, des politiques\npubliques et de l'appui territorial\n21-2026-04-27-00008\nArr\u00eat\u00e9 pr\u00e9fectoral n\u00b0 780 / SG du 27 avril 2026\nportant nomination de la D\u00e9l\u00e9gu\u00e9e territoriale\nadjointe \nde l'Agence Nationale de la Coh\u00e9sion Territoriale\nde la C\u00f4te-d'Or \nPr\u00e9fecture de la C\u00f4te-d'Or - 21-2026-04-27-00008 - Arr\u00eat\u00e9 pr\u00e9fectoral n\u00b0 780 / SG du 27 avril 2026\nportant nomination de la D\u00e9l\u00e9gu\u00e9e territoriale adjointe \nde l'Agence Nationale de la Coh\u00e9sion Territoriale de la C\u00f4te-d'Or \n54\nPREFETEDELACOTE-D'ORLibert\u00e9Egalit\u00e9Fraternit\u00e9\nArr\u00eat\u00e9 pr\u00e9fectoral n\u00b0 780 / SG du 27 avril 2026\nportant nomination de la D\u00e9l\u00e9gu\u00e9e territoriale adjointe \nde l'Agence Nationale de la Coh\u00e9sion Territoriale de la C\u00f4te-d'Or \nLa pr\u00e9f\u00e8te de la C\u00f4te-d'Or\nVu l'article R 1232-9 du Code g\u00e9n\u00e9ral des collectivit\u00e9s territoriales;\nVu le d\u00e9cret n\u00b0 2019-1190 du 18 novembre 2019 relatif \u00e0 l'Agence Nationale de Coh\u00e9sion des  \nTerritoires ;\nVu le d\u00e9cret du 8 avril 2026 portant nomination de Madame Violaine DEMARET, en qualit\u00e9 de pr\u00e9f\u00e8te  \nde la r\u00e9gion Bourgogne Franche-Comt\u00e9, pr\u00e9f\u00e8te de la C\u00f4te-d'Or ;\nVu l'arr\u00eat\u00e9 pr\u00e9fectoral n\u00b0 75 du 14 janvier 2025 du 17 mars 2025 donnant d\u00e9l\u00e9gation de signature \u00e0  \nMadame  Nadine MUCKENSTURM ,  directrice  d\u00e9partementale  des  territoires  de  la  C\u00f4te-d'Or  par \nint\u00e9rim ;\nVu l'arr\u00eat\u00e9 minist\u00e9riel du 17 mars 2025 nommant Madame Manuelle DUPUY, ing\u00e9nieure en chef des  \nponts, des eaux et des for\u00eats, en qualit\u00e9 de directrice d\u00e9partementale des territoires de la C\u00f4te-d'Or \u00e0  \ncompter du 7 avril 2025 ;\nVu  l'arr\u00eat\u00e9 pr\u00e9fectoral n\u00b0 844 du 13 juin 2025 nommant Madame  Manuelle DUPUY  en qualit\u00e9 de  \nd\u00e9l\u00e9gu\u00e9e territoriale adjointe de l'Agence Nationale de Coh\u00e9sion des Territoires,\nSur proposition du secr\u00e9taire g\u00e9n\u00e9ral de la pr\u00e9fecture de la C\u00f4te-d'Or ;\nA R R \u00ca T E :\nArticle 1  er      :  l'arr\u00eat\u00e9 pr\u00e9fectoral n\u00b0 844 du 13 juin 2025 nommant Madame  Manuelle DUPUY  en  \nqualit\u00e9 de d\u00e9l\u00e9gu\u00e9e territoriale adjointe de l'Agence Nationale de Coh\u00e9sion des Territoires , et toutes \ndispositions ant\u00e9rieures et contraires au pr\u00e9sent arr\u00eat\u00e9 sont abrog\u00e9s .;\nPr\u00e9fecture de la C\u00f4te-d'Or - 21-2026-04-27-00008 - Arr\u00eat\u00e9 pr\u00e9fectoral n\u00b0 780 / SG du 27 avril 2026\nportant nomination de la D\u00e9l\u00e9gu\u00e9e territoriale adjointe \nde l'Agence Nationale de la Coh\u00e9sion Territoriale de la C\u00f4te-d'Or \n55\nArticle  2      :  Madame  Manuelle  DUPUY,  ing\u00e9nieure  en  chef  des  ponts,  des  eaux  et  des  for\u00eats, \ndirectrice d\u00e9partementale des territoires de la C\u00f4te-d'Or, est nomm\u00e9e D\u00e9l\u00e9gu\u00e9e territoriale adjointe  \nde l'Agence Nationale de Coh\u00e9sion des Territoires pour le d\u00e9partement de la C\u00f4te-d'Or .\nArticle 3 : Le secr\u00e9taire g\u00e9n\u00e9ral de la pr\u00e9fecture de la C\u00f4te-d'Or et la directrice d\u00e9partementale des  \nterritoires de la C\u00f4te-d'Or, sont charg\u00e9s, chacun en ce qui le concerne, de l'ex\u00e9cution du pr\u00e9sent  \narr\u00eat\u00e9 qui sera publi\u00e9 au recueil des actes administratifs de la pr\u00e9fecture de la C\u00f4te-d'Or.\nFait \u00e0 Dijon, 27/04/2026\nLa Pr\u00e9f\u00e8te\nORIGINAL SIGNE PAR\nViolaine DEMARET\nVoies et d\u00e9lais de recours\nLa pr\u00e9sente d\u00e9cision peut faire l'objet d'un recours contentieux, aupr\u00e8s du tribunal administratif de  \nDijon, 22 rue d'Assas \u2013 B.P. 61616 \u2013 21 016 DIJON CEDEX dans un d\u00e9lai de deux (2) mois \u00e0 compter \nde la publication de la d\u00e9cision.\nDans le m\u00eame d\u00e9lai de 2  mois, un recours gracieux peut . Le silence gard\u00e9 par l'administration  \npendant plus deux mois sur la demande de recours gracieux emporte d\u00e9cision implicite de rejet de  \ncette demande, conform\u00e9ment \u00e0 l'article R. 421-2 du  de justice administrative. Celui-ci prolonge le  \nd\u00e9lai de recours contentieux qui doit \u00eatre introduit dans les 2 mois suivant la r\u00e9ponse.\nLe tribunal administratif peut \u00eatre saisi par un recours d\u00e9pos\u00e9 via l'application T\u00e9l\u00e9recours citoyens  \naccessible par le site internet : www.telerecours.fr\nPr\u00e9fecture de la C\u00f4te-d'Or - 21-2026-04-27-00008 - Arr\u00eat\u00e9 pr\u00e9fectoral n\u00b0 780 / SG du 27 avril 2026\nportant nomination de la D\u00e9l\u00e9gu\u00e9e territoriale adjointe \nde l'Agence Nationale de la Coh\u00e9sion Territoriale de la C\u00f4te-d'Or \n56\nPr\u00e9fecture de la C\u00f4te-d'Or\nDirection de la coordination, des politiques\npubliques et de l'appui territorial\n21-2026-04-27-00011\nArr\u00eat\u00e9 pr\u00e9fectoral n\u00b0 782 / SG du 27 avril 2026\n donnant d\u00e9l\u00e9gation de signature \u00e0  Monsieur\nDidier ROOSE, directeur d\u00e9partemental de la\nprotection des populations de la C\u00f4te-d'Or\nPr\u00e9fecture de la C\u00f4te-d'Or - 21-2026-04-27-00011 - Arr\u00eat\u00e9 pr\u00e9fectoral n\u00b0 782 / SG du 27 avril 2026\n donnant d\u00e9l\u00e9gation de signature \u00e0  Monsieur Didier ROOSE, directeur d\u00e9partemental de la protection des populations de la\nC\u00f4te-d'Or\n57\neaPREFETEDE LACOTE-D'ORLibert\u00e9E.galit\u00e9Fraternit\u00e9\nArr\u00eat\u00e9 pr\u00e9fectoral n\u00b0 782 / SG du 27 avril 2026\n donnant d\u00e9l\u00e9gation de signature \u00e0  Monsieur Didier ROOSE,\ndirecteur d\u00e9partemental de la protection des populations de la C\u00f4te-d'Or\nLa pr\u00e9f\u00e8te de la C\u00f4te-d'Or\nVu la loi organique n\u00b0 2001-692 du 1er ao\u00fbt 2001 modifi\u00e9e relative aux lois de finances ;\nVu les d\u00e9crets n\u00b0 98-81 du 11 f\u00e9vrier 1998 et 99-89 du 8 f\u00e9vrier 1999 modifi\u00e9s relatifs aux d\u00e9cisions  \nprises par l'\u00c9tat en mati\u00e8re de prescription quadriennale ;\nVu le d\u00e9cret n\u00b0 2025-723 du 30 juillet 2025 modifiant le d\u00e9cret n\u00b0 2004-374 du 29 avril 2004 relatif aux  \npouvoirs  des  pr\u00e9fets,  \u00e0  l'organisation  et  \u00e0  l'action  des  services  de  l'\u00c9tat  dans  les  r\u00e9gions  et  \nd\u00e9partements ;\nVu le  d\u00e9cret  n\u00b0  2009-1484  du  3  d\u00e9cembre  2009  modifi\u00e9  relatif  aux  directions  d\u00e9partementales  \ninterminist\u00e9rielles ;\nVu le d\u00e9cret n\u00b02016-360 du 25 mars 2016 relatif \u00e0 la commande publique ;\nVu le d\u00e9cret du 8 avril 2026 nommant Madame Violaine DEMARET, pr\u00e9f\u00e8te de la r\u00e9gion Bourgogne-\nFranche-Comt\u00e9, pr\u00e9fet de la C\u00f4te-d'Or;\nVu l'arr\u00eat\u00e9 du 31 mars 2011 modifi\u00e9 portant d\u00e9concentration des d\u00e9cisions relatives \u00e0 la situation  \nindividuelle des fonctionnaires et agents non titulaires exer\u00e7ant leurs fonctions dans les directions  \nd\u00e9partementales interminist\u00e9rielles ;\nVu l'arr\u00eat\u00e9 du 14 septembre 2023 nommant Monsieur Didier ROOSE, directeur d\u00e9partemental de la  \nprotection des populations de la C\u00f4te d'Or ;\nVu l'arr\u00eat\u00e9 pr\u00e9fectoral n\u00b0 1658/ SG du 28 octobre 2024 donnant d\u00e9l\u00e9gation de signature \u00e0  Monsieur  \nDidier ROOSE, directeur d\u00e9partemental de la protection des populations de la C\u00f4te-d'Or ;\nSur proposition du secr\u00e9taire g\u00e9n\u00e9ral de la pr\u00e9fecture de la C\u00f4te-d'Or ;\nARR\u00caTE\nArticle     1  er     :   L'arr\u00eat\u00e9 pr\u00e9fectoral n\u00b0 1658/SG du 28 octobre 2024 , donnant d\u00e9l\u00e9gation de signature \u00e0 \nMonsieur Didier ROOSE, directeur d\u00e9partemental de la protection des populations de la C\u00f4te-d'Or et \ntoutes dispositions ant\u00e9rieures et contraires au pr\u00e9sent arr\u00eat\u00e9 sont abrog\u00e9s.\nSECTION     I     :   COMP\u00c9TENCE ADMINISTRATIVE  \n1/3\nPr\u00e9fecture de la C\u00f4te-d'Or - 21-2026-04-27-00011 - Arr\u00eat\u00e9 pr\u00e9fectoral n\u00b0 782 / SG du 27 avril 2026\n donnant d\u00e9l\u00e9gation de signature \u00e0  Monsieur Didier ROOSE, directeur d\u00e9partemental de la protection des populations de la\nC\u00f4te-d'Or\n58\nArticle   2   : D\u00e9l\u00e9gation de signature est donn\u00e9e \u00e0 Monsieur Didier ROOSE, directeur d\u00e9partemental de  \nla protection des populations de la C\u00f4te-d'Or, \u00e0 l'effet de signer, dans le cadre de ses attributions et  \ncomp\u00e9tences  exerc\u00e9es  pour  le  compte  de  l'\u00c9tat,  toutes  d\u00e9cisions  et  documents  concernant  \nl'organisation et le fonctionnement de la direction d\u00e9partementale de la protection des populations de  \nla C\u00f4te d'Or, \u00e0 l'exception :\n\u2022 des courriers aux parlementaires, au pr\u00e9sident du conseil d\u00e9partemental , au pr\u00e9sident du \nconseil r\u00e9gional, aux pr\u00e9sidents des chambres consulaires ;\n\u2022 des fermetures, suspensions d'activit\u00e9 d'\u00e9tablissements et suspensions ou retraits d'agr\u00e9ment \nsanitaire ;\n\u2022 des d\u00e9cisions et arr\u00eat\u00e9s pr\u00e9fectoraux concernant les installations class\u00e9es pour la protection \nde l'environnement ;\n\u2022 des dotations sup\u00e9rieures \u00e0 200 000 \u20ac :\n\u2022 indemnisations aux \u00e9leveurs,\n\u2022 conventions de prestations de services aux organismes publics agricoles.\nLes courriers adress\u00e9s aux maires et pr\u00e9sidents d'\u00e9tablissements  publics  de  coop\u00e9ration  \nintercommunale (EPCI) seront transmis sous couvert des sous-pr\u00e9fets territorialement comp\u00e9tents, \nsauf en ce qui concerne les \u00e9changes portant sur des dossiers techniques courants.\nSECTION     II     :   COMP\u00c9TENCE   D'ORDONNATEUR     SECONDAIRE  \nSous-section     I     :     en     qualit\u00e9     de     responsable   d'  unit\u00e9     op\u00e9rationnelle  \nArticle   3   : D\u00e9l\u00e9gation est donn\u00e9e \u00e0 Monsieur Didier ROOSE, directeur d\u00e9partemental de la protection  \ndes populations de la C\u00f4te-d'Or, en sa qualit\u00e9 de responsable d'unit\u00e9 op\u00e9rationnelle :\n1. pour l' ordonnancement des cr\u00e9dits (engagement, liquidation, mandatement) des programmes \nsuivants :\na. 134 : d\u00e9veloppement des entreprises et de l'emploi\nb. 206 : s\u00e9curit\u00e9 et qualit\u00e9 sanitaire de l'alimentation\nc. 724 : op\u00e9rations immobili\u00e8res d\u00e9concentr\u00e9es.\n2.   pour les recettes relatives \u00e0 l'activit\u00e9 de son service :\nD\u00e9l\u00e9gation est donn\u00e9e \u00e0 Monsieur Didier ROOSE, directeur d\u00e9partemental de la protection des  \npopulations de la C\u00f4te-d'Or ,  \u00e0 l'effet de proc\u00e9der \u00e0 l'ordonnancement secondaire des recettes et \nd\u00e9penses de l'\u00c9tat (engagement, liquidation, mandatement), imput\u00e9s au titre des programmes \nsusvis\u00e9s.\nA l'exception des ordres de r\u00e9quisition du comptable public et les d\u00e9cisions de passer outre aux avis  \nd\u00e9favorables du contr\u00f4leur financier local en mati\u00e8re d'engagement de d\u00e9penses.\nArt  icle   4  : D\u00e9l\u00e9gation de signature est donn\u00e9e \u00e0 Monsieur Didier ROOSE, directeur d\u00e9partemental de  \nla  protection  des  populations  de  la  C\u00f4te-d'Or  pour les d\u00e9cisions relatives \u00e0 la prescription \nquadriennale des cr\u00e9ances sur l'\u00c9tat.\nSous-section II     : en qualit\u00e9 de responsable de service prescripteur, de centre de co\u00fbts  \nArticle 5: D\u00e9l\u00e9gation est donn\u00e9e \u00e0 Monsieur Didier ROOSE, directeur d\u00e9partemental de la protection  \ndes populations de la C\u00f4te-d'Or , en tant que responsable de service prescripteur, centre de co\u00fbts, \u00e0  \nl'effet de signer l'expression des besoins du BOP 354 \u00ab administration territoriale de l'\u00c9tat \u00bb, \u00e0 hauteur \ndes cr\u00e9dits allou\u00e9s sur son centre de co\u00fbts, et d'assurer les traitements des engagements juridiques  \net demandes de paiement, ainsi que leur validation par le centre de service partag\u00e9 Chorus habilit\u00e9.\n2/3\nPr\u00e9fecture de la C\u00f4te-d'Or - 21-2026-04-27-00011 - Arr\u00eat\u00e9 pr\u00e9fectoral n\u00b0 782 / SG du 27 avril 2026\n donnant d\u00e9l\u00e9gation de signature \u00e0  Monsieur Didier ROOSE, directeur d\u00e9partemental de la protection des populations de la\nC\u00f4te-d'Or\n59\nSous-section     III     :     \nEn     qualit\u00e9     de     pouvoir     adjudicateur  \nArticle   8     : D\u00e9l\u00e9gation de signature est donn\u00e9e \u00e0 Monsieur Didier ROOSE, directeur d\u00e9partemental de \nla protection des populations de la C\u00f4te-d'Or, \u00e0 l'effet de signer les march\u00e9s de l'\u00c9tat et tous les actes \nrelatifs \u00e0 la passation et \u00e0 l'ex\u00e9cution des march\u00e9s d\u00e9volus au pouvoir adjudicateur,  relevant de la \ndirection d\u00e9partementale de la protection des populations de la C\u00f4te-d'Or, \u00e0 l'exception des ordres de \nr\u00e9quisition du comptable aupr\u00e8s de comptable payeur.\nCette d\u00e9l\u00e9gation s'applique \u00e0 l'ensemble des march\u00e9s, quels que soient leurs montants.\nSECTION     III     :   SUBD\u00c9L\u00c9GATION ET MODALIT\u00c9S D'EX\u00c9CUTION  \nArticle   9   :  Monsieur Didier ROOSE, directeur d\u00e9partemental de la protection des populations de la  \nC\u00f4te-d'Or peut, sous sa responsabilit\u00e9, subd\u00e9l\u00e9guer sa signature aux agents plac\u00e9s sous son autorit\u00e9. \nLa  signature  des  agents  habilit\u00e9s  sera  accr\u00e9dit\u00e9e  aupr\u00e8s  du  comptable  payeur,  s'agissant  des  \ncomp\u00e9tences de la section II.\nLes d\u00e9cisions de subd\u00e9l\u00e9gation seront  adress\u00e9es \u00e0 la pr\u00e9f\u00e8te,  viseront nominativement les agents \nint\u00e9ress\u00e9s et leur seront notifi\u00e9es. Elles feront l' objet d' une publication au recueil des actes \nadministratifs de la pr\u00e9fecture de la C\u00f4te-d'Or.\nArticle 10 : Le secr\u00e9taire g\u00e9n\u00e9ral de la pr\u00e9fecture de la C\u00f4te-d'Or et le directeur d\u00e9partemental de la  \nprotection  des  populations  de  la  C\u00f4te-d'Or,  sont  charg\u00e9s,  chacun  pour  ce  qui  le  concerne,  de \nl'ex\u00e9cution du pr\u00e9sent arr\u00eat\u00e9 qui sera publi\u00e9 au recueil des actes administratifs de la pr\u00e9fecture de la  \nC\u00f4te-d'Or.\nFait \u00e0 Dijon, le 27 avril 2026\nLa pr\u00e9f\u00e8te,\nORIGINAL SIGNE PAR\nViolaine DEMARET\nVoies et d\u00e9lais de recours\nLa pr\u00e9sente d\u00e9cision peut faire l'objet d'un recours contentieux, aupr\u00e8s du tribunal administratif de  \nDijon, 22 rue d'Assas \u2013 B.P. 61616 \u2013 21 016 DIJON CEDEX dans un d\u00e9lai de deux (2) mois \u00e0 compter \nde la publication de la d\u00e9cision.\nDans le m\u00eame d\u00e9lai de 2  mois, un recours gracieux peut . Le silence gard\u00e9 par l'administration  \npendant plus deux mois sur la demande de recours gracieux emporte d\u00e9cision implicite de rejet de  \ncette demande, conform\u00e9ment \u00e0 l'article R. 421-2 du  de justice administrative. Celui-ci prolonge le  \nd\u00e9lai de recours contentieux qui doit \u00eatre introduit dans les 2 mois suivant la r\u00e9ponse.\nLe tribunal administratif peut \u00eatre saisi par un recours d\u00e9pos\u00e9 via l'application T\u00e9l\u00e9recours citoyens  \naccessible par le site internet : www.telerecours.fr\n3/3\nPr\u00e9fecture de la C\u00f4te-d'Or - 21-2026-04-27-00011 - Arr\u00eat\u00e9 pr\u00e9fectoral n\u00b0 782 / SG du 27 avril 2026\n donnant d\u00e9l\u00e9gation de signature \u00e0  Monsieur Didier ROOSE, directeur d\u00e9partemental de la protection des populations de la\nC\u00f4te-d'Or\n60\nPr\u00e9fecture de la C\u00f4te-d'Or\nDirection de la coordination, des politiques\npubliques et de l'appui territorial\n21-2026-04-27-00012\nArr\u00eat\u00e9 pr\u00e9fectoral n\u00b0 783 du 27 avril 2026  \ndonnant d\u00e9l\u00e9gation de signature \u00e0 Madame\nS\u00e9verine WODLI,\u00a0responsable de l'UDAP de la\ndirection r\u00e9gionale des affaires culturelles de la\nr\u00e9gion Bourgogne-Franche-Comt\u00e9,\npour les comp\u00e9tences d\u00e9partementales de C\u00f4te\nd'-Or\nPr\u00e9fecture de la C\u00f4te-d'Or - 21-2026-04-27-00012 - Arr\u00eat\u00e9 pr\u00e9fectoral n\u00b0 783 du 27 avril 2026  \ndonnant d\u00e9l\u00e9gation de signature \u00e0 Madame S\u00e9verine WODLI,\u00a0responsable de l'UDAP de la direction r\u00e9gionale des affaires culturelles\nde la r\u00e9gion Bourgogne-Franche-Comt\u00e9,\npour les comp\u00e9tences d\u00e9partementales de C\u00f4te d'-Or\n61\nPREFETEDELACOTE-D'ORLibert\u00e9Egalit\u00e9Fraternit\u00e9\nArr\u00eat\u00e9 pr\u00e9fectoral n\u00b0 783 du 27 avril 2026  \ndonnant d\u00e9l\u00e9gation de signature \u00e0 Madame S\u00e9verine WODLI, responsable de l'UDAP de la \ndirection r\u00e9gionale des affaires culturelles de la r\u00e9gion Bourgogne-Franche-Comt\u00e9,\npour les comp\u00e9tences d\u00e9partementales de C\u00f4te d'-Or\nLa pr\u00e9f\u00e8te de la C\u00f4te-d'Or\nVu le code de l'environnement ;\nVu le code du patrimoine ;\nVu le code de l'urbanisme ;\nVu la loi n\u00b0 2004-809 du 13 ao\u00fbt 2004 modifi\u00e9e relative aux libert\u00e9s et responsabilit\u00e9s locales ;\nVu le d\u00e9cret n\u00b0 2004-374 du 29 avril 2004 relatif aux pouvoirs des pr\u00e9fets, \u00e0 l'organisation et \u00e0  \nl'action des services de l'\u00c9tat dans les r\u00e9gions et d\u00e9partements, modifi\u00e9 par le d\u00e9cret n\u00b0 2010-146  \ndu 16 f\u00e9vrier 2010 et par le d\u00e9cret n\u00b0 2010-687 du 24 juin 2010 ;\nVu le d\u00e9cret n\u00b02004-474 du 2 juin 2004 modifi\u00e9 portant statut du corps des architectes et urbanistes  \nde l'\u00c9tat ;\nVu  le d\u00e9cret n\u00b0 2010-633 du 8 juin 2010 relatif \u00e0 l'organisation et aux missions des directions  \nr\u00e9gionales des affaires culturelles ;\nVu le  d\u00e9cret  du  8  avril  2026  nommant  Madame  Violaine  DEMARET,  pr\u00e9f\u00e8te  de  la  r\u00e9gion\nBourgogne-Franche-Comt\u00e9, pr\u00e9f\u00e8te de la C\u00f4te d'Or ;\nVu l'arr\u00eat\u00e9 minist\u00e9riel MCC-0000030931 du 8 ao\u00fbt 2018 portant affectation de Madame S\u00e9verine  \nWODLI, architecte des b\u00e2timents de France, \u00e0 la direction r\u00e9gionale des affaires culturelles de la  \nr\u00e9gion Bourgogne-Franche-Comt\u00e9 pour exercer les fonctions de cheffe de l'UDAP;\nVu  l'arr\u00eat\u00e9 pr\u00e9fectoral n\u00b0 665/SG du 7 avril 2026 donnant d\u00e9l\u00e9gation de signature \u00e0  Madame \nS\u00e9verine WODLI,  responsable de l'UDAP de la  direction r\u00e9gionale d es affaires culturelles de la  \nr\u00e9gion Bourgogne-Franche-Comt\u00e9,pour les comp\u00e9tences d\u00e9partementales de C\u00f4te d'-Or;\nA R R \u00ca T E :\nArticle 1     : L'arr\u00eat\u00e9 pr\u00e9fectoral n\u00b0  665/SG du  7 avril 2026 donnant d\u00e9l\u00e9gation de signature \u00e0 \nMadame S\u00e9verine WODLI, responsable de l'UDAP de la direction r\u00e9gionale des affaires \nculturelles de la r\u00e9gion Bourgogne-Franche-Comt\u00e9, pour les comp\u00e9tences d\u00e9partementales de \nC\u00f4te d'-Or et toutes dispositions ant\u00e9rieures sont abrog\u00e9s.\nPr\u00e9fecture de la C\u00f4te-d'Or - 21-2026-04-27-00012 - Arr\u00eat\u00e9 pr\u00e9fectoral n\u00b0 783 du 27 avril 2026  \ndonnant d\u00e9l\u00e9gation de signature \u00e0 Madame S\u00e9verine WODLI,\u00a0responsable de l'UDAP de la direction r\u00e9gionale des affaires culturelles\nde la r\u00e9gion Bourgogne-Franche-Comt\u00e9,\npour les comp\u00e9tences d\u00e9partementales de C\u00f4te d'-Or\n62\nArticle 2  : D\u00e9l\u00e9gation de signature est donn\u00e9e \u00e0 Madame S\u00e9verine WODLI,  architecte des  \nb\u00e2timents de France, responsable de l'Unit\u00e9 D\u00e9partementale de l'Architecture et du Patrimoine  \nde la direction r\u00e9gionale   des affaires culturelles de la r\u00e9gion Bourgogne-Franche-Comt\u00e9, \u00e0  \nl'effet de signer, au nom de la pr\u00e9f\u00e8te de la C\u00f4te-d'Or, les d\u00e9cisions suivantes :\n\u2013 autorisation  de  travaux  sur  immeuble  situ\u00e9  dans  les  abords  de  monuments  \nhistoriques, pour les travaux ne relevant pas d'une autorisation au  titre du code de l'urbanisme ou du  \ncode de l'environnement, en application de l'article L.621-32 et de l'article R.621-96 du code du  \npatrimoine ;\n\u2013 autorisation de travaux sur immeuble situ\u00e9 dans un site patrimonial remarquable, pour \nles  travaux  ne  relevant  pas  d'une  autorisation  au  titre  du  code  l'urbanisme  ou  du  code  de  \nl'environnement, en application des articles L.632-1 et D.632-1 du code du patrimoine ;\n\u2013 autorisation de travaux sur immeuble situ\u00e9 dans un site class\u00e9, pour les travaux ne  \nrelevant pas d'une autorisation du ministre charg\u00e9 des sites, en application des articles L.341-10 et  \nR.341-10 du code de l'environnement.\nArticle 3 : Le secr\u00e9taire g\u00e9n\u00e9ral de la pr\u00e9fecture de la C\u00f4te d'Or et au directeur  r\u00e9gional des  \naffaires  culturelles  de  Bourgogne-Franche-Comt\u00e9,  sont  charg\u00e9s,  chacun  pour  ce  qui  le  \nconcerne, de l'ex\u00e9cution du pr\u00e9sent arr\u00eat\u00e9 qui sera publi\u00e9 au recueil des actes administratifs de  \nla pr\u00e9fecture de la C\u00f4te-d'Or.\n         Fait \u00e0 DIJON, le 27/04/2026\nLa pr\u00e9f\u00e8te\nORIGINAL SIGNE PAR\nViolaine DEMARET\nVoies et d\u00e9lais de recours\nLa pr\u00e9sente d\u00e9cision peut faire l'objet d'un recours contentieux, aupr\u00e8s du tribunal administratif de  \nDijon, 22 rue d'Assas \u2013 B.P. 61616 \u2013 21 016 DIJON CEDEX dans un d\u00e9lai de deux (2) mois \u00e0 compter \nde la publication de la d\u00e9cision.\nDans le m\u00eame d\u00e9lai de 2  mois, un recours gracieux peut . Le silence gard\u00e9 par l'administration  \npendant plus deux mois sur la demande de recours gracieux emporte d\u00e9cision implicite de rejet de  \ncette demande, conform\u00e9ment \u00e0 l'article R. 421-2 du  de justice administrative. Celui-ci prolonge le  \nd\u00e9lai de recours contentieux qui doit \u00eatre introduit dans les 2 mois suivant la r\u00e9ponse.\nLe tribunal administratif peut \u00eatre saisi par un recours d\u00e9pos\u00e9 via l'application T\u00e9l\u00e9recours citoyens  \naccessible par le site internet : www.telerecours.fr\nPr\u00e9fecture de la C\u00f4te-d'Or - 21-2026-04-27-00012 - Arr\u00eat\u00e9 pr\u00e9fectoral n\u00b0 783 du 27 avril 2026  \ndonnant d\u00e9l\u00e9gation de signature \u00e0 Madame S\u00e9verine WODLI,\u00a0responsable de l'UDAP de la direction r\u00e9gionale des affaires culturelles\nde la r\u00e9gion Bourgogne-Franche-Comt\u00e9,\npour les comp\u00e9tences d\u00e9partementales de C\u00f4te d'-Or\n63\nPr\u00e9fecture de la C\u00f4te-d'Or\nDirection de la coordination, des politiques\npubliques et de l'appui territorial\n21-2026-04-27-00014\nArr\u00eat\u00e9 pr\u00e9fectoral n\u00b0 784 / SG du 27 avril 2026  \ndonnant d\u00e9l\u00e9gation de signature \u00e0 Monsieur\n\u00c9douard BOUY\u00c9, \nconservateur g\u00e9n\u00e9ral du patrimoine, \ndirecteur des archives d\u00e9partementales de la\nC\u00f4te-d'Or\nPr\u00e9fecture de la C\u00f4te-d'Or - 21-2026-04-27-00014 - Arr\u00eat\u00e9 pr\u00e9fectoral n\u00b0 784 / SG du 27 avril 2026  \ndonnant d\u00e9l\u00e9gation de signature \u00e0 Monsieur \u00c9douard BOUY\u00c9, \nconservateur g\u00e9n\u00e9ral du patrimoine, \ndirecteur des archives d\u00e9partementales de la C\u00f4te-d'Or\n64\nPREFETEDELACOTE-D'ORLibert\u00e9Egalit\u00e9Fraternit\u00e9\nArr\u00eat\u00e9 pr\u00e9fectoral n\u00b0 784 / SG du 27 avril 2026  \ndonnant d\u00e9l\u00e9gation de signature \u00e0 Monsieur \u00c9douard BOUY\u00c9, \nconservateur g\u00e9n\u00e9ral du patrimoine, \ndirecteur des archives d\u00e9partementales de la C\u00f4te-d'Or\nLa pr\u00e9f\u00e8te de la C\u00f4te-d'Or\nVu le code du patrimoine  et  les d\u00e9crets n\u00b0 79-1037, 79-1038, 79-1039 et 79-1040 du 3  \nd\u00e9cembre 1979 ;\nVu le code g\u00e9n\u00e9ral des collectivit\u00e9s territoriales et notamment ses articles R.1421 -1 \u00e0  \nR.1421-16 ;\nVu le d\u00e9cret n\u00b0 2004-374 du 29 avril 2004 relatif aux pouvoirs des pr\u00e9fets, \u00e0 l'organisation  \net \u00e0 l'action des services de l'\u00c9tat dans les r\u00e9gions et d\u00e9partements, modifi\u00e9 par le d\u00e9cret  \nn\u00b0 2010-146 du 16 f\u00e9vrier 2010 et par le d\u00e9cret n\u00b0 2010-687 du 24 juin 2010 ;\nVu le d\u00e9cret n\u00b0 2008-158 du 22 f\u00e9vrier 2008 relatif \u00e0 la suppl\u00e9ance des pr\u00e9fets de r\u00e9gion et  \n\u00e0  la  d\u00e9l\u00e9gation  de  signature  des  pr\u00e9fets  et  hauts  commissaires  de  la  R\u00e9publique  en \nPolyn\u00e9sie fran\u00e7aise et en Nouvelle-Cal\u00e9donie ;\nVu le d\u00e9cret n\u00b0 2009-176 du 16 f\u00e9vrier 2009 modifiant le d\u00e9cret n\u00b0 64-805 du 29 juillet 1964 \nfixant les dispositions r\u00e9glementaires applicables aux pr\u00e9fets et le d\u00e9cret n\u00b0  2004-374 du \n29 avril 2004 relatif aux pouvoirs des pr\u00e9fets, \u00e0 l'organisation et \u00e0 l'action des services de  \nl'\u00c9tat dans les r\u00e9gions et d\u00e9partements ;\nVu le d\u00e9cret du 8 avril 2026 nommant Madame Violaine DEMARET, pr\u00e9f\u00e8te de la r\u00e9gion  \nBourgogne \u2013 Franche-Comt\u00e9, pr\u00e9f\u00e8te de la C\u00f4te d'Or ;\nVu l'arr\u00eat\u00e9  minist\u00e9riel  du  3  octobre  2013,  mettant  \u00e0  disposition  aupr\u00e8s  des  archives  \nd\u00e9partementales de C\u00f4te d'Or pour une p\u00e9riode de trois ans \u00e0 compter du 1 er juillet 2013, \nM. \u00c9douard BOUY\u00c9 ;\n Vu la convention du 12 avril 2022 de mise \u00e0 disposition aupr\u00e8s du d\u00e9partement de la  \nC\u00f4te-d'Or, par le minist\u00e8re de la culture, de Monsieur \u00c9douard BOUY\u00c9 pour une p\u00e9riode  \nde trois ans, renouvelable, \u00e0 compter du 1 er juillet 2022, pour y exercer les fonctions de  \ndirecteur du service d\u00e9partemental d'archives de C\u00f4te-d'Or ;\nVu l'arr\u00eat\u00e9 pr\u00e9fectoral n\u00b0 1672 / SG du 28 octobre 2024  donnant d\u00e9l\u00e9gation de signature \u00e0 \nMonsieur \u00c9douard BOUY\u00c9, directeur des archives d\u00e9partementales de la C\u00f4te-d'Or ;\nPr\u00e9fecture de la C\u00f4te-d'Or - 21-2026-04-27-00014 - Arr\u00eat\u00e9 pr\u00e9fectoral n\u00b0 784 / SG du 27 avril 2026  \ndonnant d\u00e9l\u00e9gation de signature \u00e0 Monsieur \u00c9douard BOUY\u00c9, \nconservateur g\u00e9n\u00e9ral du patrimoine, \ndirecteur des archives d\u00e9partementales de la C\u00f4te-d'Or\n65\nSUR proposition de M. le secr\u00e9taire g\u00e9n\u00e9ral de la pr\u00e9fecture de la C\u00f4te-d'Or;\nARR\u00caTE\nArticle 1  er   : L'arr\u00eat\u00e9 pr\u00e9fectoral n\u00b0 1672/SG du 28 octobre 2024 donnant d\u00e9l\u00e9gation de  \nsignature \u00e0 M. \u00c9douard BOUY\u00c9, directeur des archives d\u00e9partementales de la C\u00f4te-d'Or,  \net toutes dispositions ant\u00e9rieures contraires au pr\u00e9sent arr\u00eat\u00e9 sont abrog\u00e9s.\nArticle  2 :  D\u00e9l\u00e9gation  de  signature  est  donn\u00e9e  \u00e0  M.  \u00c9douard  BOUY\u00c9,  directeur  des \narchives  d\u00e9partementales  de  la  C\u00f4te-d'Or ,  \u00e0  l'effet  de  signer,  dans  le  cadre  de  ses  \nattributions et comp\u00e9tences, toutes correspondances, rapports, visas et d\u00e9cisions relatifs  \naux mati\u00e8res \u00e9num\u00e9r\u00e9es ci-dessous :\na) gestion du service d\u00e9partemental d'archives     :  \n\u2013 correspondances relatives \u00e0 la gestion du personnel de l'\u00c9tat mis \u00e0 disposition  \naupr\u00e8s du conseil g\u00e9n\u00e9ral pour exercer leurs fonctions dans le service d\u00e9partemental  \nd'archives.\nb) contr\u00f4le scientifique et technique des archives des collectivit\u00e9s territoriales     :  \n\u2013 correspondances, rapports et avis relatifs \u00e0 l'exercice du contr\u00f4le scientifique et  \ntechnique  de  l'\u00c9tat  sur  les  archives  des  collectivit\u00e9s  territoriales,  \u00e0  l'exclusion  des  \nd\u00e9cisions et mises en demeure concernant le d\u00e9p\u00f4t des archives des communes aux  \narchives  d\u00e9partementales  en  application  des  articles  L.1421-7  \u00e0  L.1421-8  du  code  \ng\u00e9n\u00e9ral des collectivit\u00e9s territoriales ;\n\u2013 avis sur les projets de construction, extension et r\u00e9am\u00e9nagement des b\u00e2timents \u00e0  \nusage d'archives des collectivit\u00e9s territoriales (\u00e0 l'exclusion du d\u00e9partement) et de leurs  \ngroupements ;\n\u2013 visas pr\u00e9alables \u00e0 l'\u00e9limination des documents d'archives des collectivit\u00e9s territoriales ;\nc)  contr\u00f4le des archives publiques et priv\u00e9es d\u00e9coulant du code du patrimoine et des  \nd\u00e9crets du 3     d\u00e9cembre 1979 relatifs aux archives     :  \n\u2013 documents li\u00e9s au contr\u00f4le de la conservation, du tri, du classement, de l'inventaire  \net  de  la  communication  des  archives  des  services  de  l'\u00c9tat,  des  \u00e9tablissements  et \nentreprises publiques, des organismes de droit priv\u00e9 charg\u00e9 de la gestion des services  \npublics ou d'une mission de service public et des officiers publics ou minist\u00e9riels ;\n\u2013 visas pr\u00e9alables \u00e0 l'\u00e9limination des documents d'archives des services de l'\u00c9tat ;\n\u2013 documents li\u00e9s \u00e0 la protection du patrimoine archivistique priv\u00e9.\nd) coordination de l'activit\u00e9 des services d'archives dans les limites du d\u00e9partement     :  \n\u2013 correspondances et rapports.\nArticle 3  : En cas d'absence ou d'emp\u00eachement de M. \u00c9 douard BOUY\u00c9,  directeur des  \narchives d\u00e9partementales de la C\u00f4te-d'Or,  la d\u00e9l\u00e9gation qui lui est conf\u00e9r\u00e9e par l'article 2  \nci-dessus  sera  exerc\u00e9e  par  Madame  Olga  PONCHET,  conservatrice  du  patrimoine,  \nadjointe au directeur des archives d\u00e9partementales de la C\u00f4te d'Or.\n2/3\nPr\u00e9fecture de la C\u00f4te-d'Or - 21-2026-04-27-00014 - Arr\u00eat\u00e9 pr\u00e9fectoral n\u00b0 784 / SG du 27 avril 2026  \ndonnant d\u00e9l\u00e9gation de signature \u00e0 Monsieur \u00c9douard BOUY\u00c9, \nconservateur g\u00e9n\u00e9ral du patrimoine, \ndirecteur des archives d\u00e9partementales de la C\u00f4te-d'Or\n66\nArticle 5 : Le secr\u00e9taire g\u00e9n\u00e9ral de la pr\u00e9fecture de la C\u00f4te d'Or, le directeur des archives \nd\u00e9partementales  de  la  C\u00f4te  d'Or  sont  charg\u00e9s,  chacun  pour  ce  qui  le  concerne,  de  \nl'ex\u00e9cution du pr\u00e9sent arr\u00eat\u00e9 qui sera applicable \u00e0 compter de sa publication au recueil des  \nactes administratifs de la pr\u00e9fecture de la C\u00f4te-d'Or.\n        Fait \u00e0 Dijon, le 27/04/2026\nLa pr\u00e9f\u00e8te,\n    ORIGINAL SIGNE PAR\n \n   Violaine DEMARET\nVoies et d\u00e9lais de recours\nLa pr\u00e9sente d\u00e9cision peut faire l'objet d'un recours contentieux, aupr\u00e8s du tribunal administratif de  \nDijon, 22 rue d'Assas \u2013 B.P. 61616 \u2013 21 016 DIJON CEDEX dans un d\u00e9lai de deux (2) mois \u00e0 compter \nde la publication de la d\u00e9cision.\nDans le m\u00eame d\u00e9lai de 2  mois, un recours gracieux peut . Le silence gard\u00e9 par l'administration  \npendant plus deux mois sur la demande de recours gracieux emporte d\u00e9cision implicite de rejet de  \ncette demande, conform\u00e9ment \u00e0 l'article R. 421-2 du  de justice administrative. Celui-ci prolonge le  \nd\u00e9lai de recours contentieux qui doit \u00eatre introduit dans les 2 mois suivant la r\u00e9ponse.\nLe tribunal administratif peut \u00eatre saisi par un recours d\u00e9pos\u00e9 via l'application T\u00e9l\u00e9recours citoyens  \naccessible par le site internet : www.telerecours.fr\n3/3\nPr\u00e9fecture de la C\u00f4te-d'Or - 21-2026-04-27-00014 - Arr\u00eat\u00e9 pr\u00e9fectoral n\u00b0 784 / SG du 27 avril 2026  \ndonnant d\u00e9l\u00e9gation de signature \u00e0 Monsieur \u00c9douard BOUY\u00c9, \nconservateur g\u00e9n\u00e9ral du patrimoine, \ndirecteur des archives d\u00e9partementales de la C\u00f4te-d'Or\n67\nPr\u00e9fecture de la C\u00f4te-d'Or\nDirection de la coordination, des politiques\npubliques et de l'appui territorial\n21-2026-04-27-00017\nArr\u00eat\u00e9 pr\u00e9fectoral n\u00b0 786 du 27 avril 2026\nportant d\u00e9l\u00e9gation de signature \u00e0 Monsieur\nEmmanuel JACQUEMIN,\nDirecteur de la s\u00e9curit\u00e9 de l'Aviation civile\nNord-Est pour ses missions et comp\u00e9tences\nexerc\u00e9es dans le d\u00e9partement de la C\u00f4te-d'Or\nPr\u00e9fecture de la C\u00f4te-d'Or - 21-2026-04-27-00017 - Arr\u00eat\u00e9 pr\u00e9fectoral n\u00b0 786 du 27 avril 2026\nportant d\u00e9l\u00e9gation de signature \u00e0 Monsieur Emmanuel JACQUEMIN,\nDirecteur de la s\u00e9curit\u00e9 de l'Aviation civile Nord-Est pour ses missions et comp\u00e9tences exerc\u00e9es dans le d\u00e9partement de la C\u00f4te-d'Or\n68\nPREFETEDELACOTE-D'ORLibert\u00e9Egalit\u00e9Fraternit\u00e9\nArr\u00eat\u00e9 pr\u00e9fectoral n\u00b0 786 du 27 avril 2026\nportant d\u00e9l\u00e9gation de signature \u00e0 Monsieur Emmanuel JACQUEMIN,\nDirecteur de la s\u00e9curit\u00e9 de l'Aviation civile Nord-Est\npour ses missions et comp\u00e9tences exerc\u00e9es dans le d\u00e9partement de la C\u00f4te-d'Or\nLa Pr\u00e9f\u00e8te de la C\u00f4te-d'Or\nVu le code des transports ;\nVu la loi n\u00b0 78.17 du 6 janvier 1978, relative \u00e0 l'informatique, aux fichiers et aux libert\u00e9s ;\nVu la loi n\u00b0 82.213 du 2 mars 1982 modifi\u00e9e, relative aux droits et aux libert\u00e9s des communes, des  \nd\u00e9partements et des r\u00e9gions ;\nVu  la loi d'orientation n\u00b0 92-125 du 6 f\u00e9vrier 1992 relative \u00e0 l'administration territoriale de la R\u00e9pu -\nblique ;\nVu la loi n\u00b0 2015-29 du 16 janvier 2015 relative \u00e0 la d\u00e9limitation des r\u00e9gions, aux \u00e9lections r\u00e9gionales  \net d\u00e9partementales et modifiant le calendrier \u00e9lectoral ;\nVu la loi n\u00b0 2015-991 du 7 ao\u00fbt 2015 portant nouvelle organisation territoriale de la R\u00e9publique ;\nVu le d\u00e9cret n\u00b0 2008-1299 modifi\u00e9 du 11 d\u00e9cembre 2008 portant cr\u00e9ation de la direction de la s\u00e9curit\u00e9  \nde l'Aviation civile ;\nVu  le d\u00e9cret  n\u00b0 2015-1689 du 17 d\u00e9cembre 2015 portant diverses mesures d'organisation et de  \nfonctionnement ;\nVu  le  d\u00e9cret  du  8  avril  2026  nommant  Madame  Violaine  DEMARET,  Pr\u00e9f\u00e8te  de  la  R\u00e9gion  \nBourgogne-Franche-Comt\u00e9, Pr\u00e9f\u00e8te de la C\u00f4te-d'Or ;\nVu  l'arr\u00eat\u00e9  du 18 d\u00e9cembre 2019 modifi\u00e9 portant organisation de la Direction de la s\u00e9curit\u00e9 de  \nl'aviation civile ;\nVu  l'arr\u00eat\u00e9 du 20 mai 2020 portant nomination de Monsieur Emmanuel JACQUEMIN, ing\u00e9nieur en  \nchef des ponts, des eaux et des for\u00eats, Directeur de la s\u00e9curit\u00e9 de l'Aviation civile Nord-Est;\nVu  l'arr\u00eat\u00e9 du 03 juillet 2024 portant nomination de Monsieur Richard THUMMEL Directeur de la  \ns\u00e9curit\u00e9 de l'Aviation civile ;\nVu  la d\u00e9cision du 11 octobre 2024 portant organisation de la direction de la s\u00e9curit\u00e9 de l'Aviation civile \nNord-Est ;\nVu l'arr\u00eat\u00e9 pr\u00e9fectoral n\u00b0 909 du 26 juin 2025 portant d\u00e9l\u00e9gation de signature \u00e0 Monsieur Emmanuel  \nJACQUEMIN, Directeur de la s\u00e9curit\u00e9 de l'Aviation civile Nord-Est p our ses missions et comp\u00e9tences  \nexerc\u00e9es dans le d\u00e9partement de la C\u00f4te-d'Or\nPr\u00e9fecture de la C\u00f4te-d'Or - 21-2026-04-27-00017 - Arr\u00eat\u00e9 pr\u00e9fectoral n\u00b0 786 du 27 avril 2026\nportant d\u00e9l\u00e9gation de signature \u00e0 Monsieur Emmanuel JACQUEMIN,\nDirecteur de la s\u00e9curit\u00e9 de l'Aviation civile Nord-Est pour ses missions et comp\u00e9tences exerc\u00e9es dans le d\u00e9partement de la C\u00f4te-d'Or\n69\nSUR  proposition de Monsieur le Secr\u00e9taire g\u00e9n\u00e9ral de la pr\u00e9fecture de la C\u00f4te-d'Or,\nARR\u00caTE\nArticle 1     : L'arr\u00eat\u00e9 pr\u00e9fectoral  n\u00b0 909 du 26 juin 2025  portant d\u00e9l\u00e9gation de signature \u00e0 Monsieur  \nEmmanuel JACQUEMIN, Directeur de la s\u00e9curit\u00e9 de l'Aviation civile Nord-Est  pour ses missions et  \ncomp\u00e9tences exerc\u00e9es dans le d\u00e9partement de la C\u00f4te-d'Or  et toutes dispositions ant\u00e9rieures et  \ncontraires au pr\u00e9sent arr\u00eat\u00e9 sont abrog\u00e9s.\nArticle 2 : D\u00e9l\u00e9gation de signature est donn\u00e9e \u00e0 M. Emmanuel JACQUEMIN, directeur de la s\u00e9curit\u00e9  \nde l'Aviation civile Nord-Est, \u00e0 l'effet de signer au nom de la Pr\u00e9f\u00e8te de la R\u00e9gion Bourgogne-Franche-\nComt\u00e9, Pr\u00e9f\u00e8te de la C\u00f4te-d'Or , dans le cadre de ses attributions et comp\u00e9tences exerc\u00e9es dans le  \nd\u00e9partement de la C\u00f4te d'Or :\n1. la d\u00e9cision pr\u00e9vue \u00e0 l'article L. 6141-1 du code des transports, pronon\u00e7ant la r\u00e9tention de tout  \na\u00e9ronef fran\u00e7ais ou \u00e9tranger ne remplissant pas les conditions pour se livrer \u00e0 la circulation a\u00e9rienne  \npr\u00e9vues par le livre 1er de la sixi\u00e8me partie l\u00e9gislative et de la sixi\u00e8me partie r\u00e9glementaire du code  \ndes transports ou dont le pilote a commis une infraction au sens de ce code ;\n2. l'autorisation, en application de l'article D. 6212-2 du code des transports, du d\u00e9collage d'a\u00e9ronefs  \nayant d\u00fb se poser en campagne suite \u00e0 des probl\u00e8mes graves, \u00e0 l'exclusion des a\u00e9ronefs venant de  \nl'\u00e9tranger ou s'y rendant ;\n3. le prononc\u00e9 des mesures d'interdiction de survol du d\u00e9partement, en application de l'article R.  \n6211-8 du code des transports ;\n4. les d\u00e9rogations aux hauteurs minimales de survol hors agglom\u00e9ration (autorisation de vols rasants), \nen application de l'article R. 6211-4 du code des transports ;\n5. l'autorisation au titre de l'article R. 6351-12 du code des transports, dans les zones grev\u00e9es de  \nservitudes a\u00e9ronautiques de d\u00e9gagement, des installations et \u00e9quipements concourant \u00e0 la s\u00e9curit\u00e9  \nde la navigabilit\u00e9 a\u00e9rienne et du transport public, et d'autoriser au titre de l'article R. 6351-13 du code  \ndes transports, dans les m\u00eames zones, et pour une dur\u00e9e limit\u00e9e, des constructions ou installations  \nn\u00e9cessaires \u00e0 la conduite de travaux \n6. la validation des formations, les d\u00e9cisions d'octroi, de retrait ou de suspension des agr\u00e9ments des  \npersonnels charg\u00e9s du service de sauvetage et de lutte contre l'incendie, en application de l'article  \nD.6332-14 du code des transports ;\n7.  la  d\u00e9termination  des  p\u00e9riodes  minimales  de  mise  en  \u0153uvre  des  mesures  relatives  au  p\u00e9ril  \nanimalier, en application des articles D. 6332-32 \u00e0 D. 6332-38 du code des transports ;\n8. le contr\u00f4le du respect des dispositions applicables au service de sauvetage et de lutte contre  \nl'incendie et au service charg\u00e9 du p\u00e9ril animalier par les exploitants d'a\u00e9rodromes ou les organismes  \nauxquels ils ont confi\u00e9 le service ;\n9.  la  d\u00e9livrance  des  titres  d'acc\u00e8s  \u00e0  la  zone  de  s\u00fbret\u00e9  \u00e0  acc\u00e8s  r\u00e9glement\u00e9  des  a\u00e9rodromes,  \nconform\u00e9ment aux dispositions des articles R. 6342-23 et suivants du code des transports ;\n10.  la  d\u00e9livrance  des  autorisations  d'acc\u00e8s  au  c\u00f4t\u00e9  piste  des  a\u00e9rodromes,  conform\u00e9ment  aux  \ndispositions des articles R. 6342-14 du code des transports ;\nPr\u00e9fecture de la C\u00f4te-d'Or - 21-2026-04-27-00017 - Arr\u00eat\u00e9 pr\u00e9fectoral n\u00b0 786 du 27 avril 2026\nportant d\u00e9l\u00e9gation de signature \u00e0 Monsieur Emmanuel JACQUEMIN,\nDirecteur de la s\u00e9curit\u00e9 de l'Aviation civile Nord-Est pour ses missions et comp\u00e9tences exerc\u00e9es dans le d\u00e9partement de la C\u00f4te-d'Or\n70\nArticle 3 : En cas d'absence ou d'indisponibilit\u00e9 de Monsieur Emmanuel JACQUEMIN, d\u00e9l\u00e9gation est  \nconsentie aux agents suivants, dans les limites de leurs attributions, \u00e0 l'effet de signer les actes ou  \nd\u00e9cisions pr\u00e9vues \u00e0 l'article 2 :\n1. Monsieur Christian BURGUN, adjoint au directeur de la direction de la s\u00e9curit\u00e9 de l'Aviation  \ncivile Nord-Est en charge des affaires techniques, en cas d'absence ou d'emp\u00eachement de  \nMonsieur Emmanuel JACQUEMIN ;\n2. Madame Delphine FOLLENIUS, cheffe de cabinet du Directeur de la s\u00e9curit\u00e9 de l'Aviation  \ncivile Nord-Est, en cas d'absence ou d'emp\u00eachement de Monsieur Emmanuel JACQUEMIN.\n   En cas d'absence ou d'emp\u00eachement de Monsieur Emmanuel JACQUEMIN, Monsieur Christian \n   BURGUN et Madame Delphine FOLLENIUS, la d\u00e9l\u00e9gation de signature pr\u00e9vue \u00e0 l'article 2 ci-    \n   dessus est exerc\u00e9e,\n> pour  l'alin\u00e9a  3,  par  Mesdames  Karin  MAHIEUX  et  Aline  ZETLAOUI,  Messieurs  Ludovic \nPARES,  Philippe  DOPPLER,  Luc  MARTINI  et  Alexis  CLINET  en  tant  que  cadres  de  \npermanence de direction de la DSAC-NE lorsqu'ils assurent l'astreinte de direction ;\n> pour les alin\u00e9as  6,7 et  8  par Monsieur Alexis CLINET, chef  de la division A\u00e9roports et  \nNavigation a\u00e9rienne de la DSAC-NE, Monsieur Jean-Marie LANDES, chef de la subdivision  \nA\u00e9roports et Monsieur Paul HUMBLOT, charg\u00e9 d'affaires de la subdivision A\u00e9roports ;\n> pour l'alin\u00e9a 9 et 10 par Madame Karin MAHIEUX, cheffe de la division S\u00fbret\u00e9 de la DSAC-\nNE,  Monsieur  Laurent  SEYNAT,  son  adjoint,  Mesdames  Nolwenn  LACKNER,  H\u00e9l\u00e8ne  \nPOTTIER,  et  Aude  KUCHLY,  Messieurs  Fr\u00e9d\u00e9ric  BARRILLET,  Philippe  ROLAND,  Benoit \nGUYOT et Serge LOTTERMOSER, inspecteurs de surveillance de la division S\u00fbret\u00e9.\nArticle 4     :  Le Secr\u00e9taire g\u00e9n\u00e9ral de la Pr\u00e9fecture de la C\u00f4te-d'Or et le Directeur de la s\u00e9curit\u00e9 de  \nl'Aviation civile Nord-Est sont charg\u00e9s, chacun en ce qui le concerne, de l'ex\u00e9cution du pr\u00e9sent arr\u00eat\u00e9,  \nqui sera publi\u00e9 au recueil des actes administratifs de la Pr\u00e9fecture de la C\u00f4te-d'Or.\nFait \u00e0 Dijon, le 27/04/26\nLa Pr\u00e9f\u00e8te,\nORIGINAL SIGNE PAR\nViolaine DEMARET\nVoies et d\u00e9lais de recours\nLa pr\u00e9sente d\u00e9cision peut faire l'objet d'un recours contentieux, aupr\u00e8s du tribunal administratif de  \nDijon, 22 rue d'Assas \u2013 B.P. 61616 \u2013 21 016 DIJON CEDEX dans un d\u00e9lai de deux (2) mois \u00e0 compter \nde la publication de la d\u00e9cision.\nDans le m\u00eame d\u00e9lai de 2  mois, un recours gracieux peut . Le silence gard\u00e9 par l'administration  \npendant plus deux mois sur la demande de recours gracieux emporte d\u00e9cision implicite de rejet de  \ncette demande, conform\u00e9ment \u00e0 l'article R. 421-2 du  de justice administrative. Celui-ci prolonge le  \nd\u00e9lai de recours contentieux qui doit \u00eatre introduit dans les 2 mois suivant la r\u00e9ponse.\nLe tribunal administratif peut \u00eatre saisi par un recours d\u00e9pos\u00e9 via l'application T\u00e9l\u00e9recours citoyens  \naccessible par le site internet : www.telerecours.fr\nPr\u00e9fecture de la C\u00f4te-d'Or - 21-2026-04-27-00017 - Arr\u00eat\u00e9 pr\u00e9fectoral n\u00b0 786 du 27 avril 2026\nportant d\u00e9l\u00e9gation de signature \u00e0 Monsieur Emmanuel JACQUEMIN,\nDirecteur de la s\u00e9curit\u00e9 de l'Aviation civile Nord-Est pour ses missions et comp\u00e9tences exerc\u00e9es dans le d\u00e9partement de la C\u00f4te-d'Or\n71\nPr\u00e9fecture de la C\u00f4te-d'Or\nDirection de la coordination, des politiques\npubliques et de l'appui territorial\n21-2026-04-27-00029\nArr\u00eat\u00e9 pr\u00e9fectoral N\u00b0 795 du 27/04/2026\n                             donnant d\u00e9l\u00e9gation de signature\n\u00e0 Madame Mathilde MARMIER,\nDirectrice G\u00e9n\u00e9rale de l'Agence R\u00e9gionale de\nSant\u00e9 de Bourgogne-Franche-Comt\u00e9, \n               pour la C\u00f4te-d'Or\nPr\u00e9fecture de la C\u00f4te-d'Or - 21-2026-04-27-00029 - Arr\u00eat\u00e9 pr\u00e9fectoral N\u00b0 795 du 27/04/2026\n                             donnant d\u00e9l\u00e9gation de signature \u00e0 Madame Mathilde MARMIER,\nDirectrice G\u00e9n\u00e9rale de l'Agence R\u00e9gionale de Sant\u00e9 de Bourgogne-Franche-Comt\u00e9, \n               pour la C\u00f4te-d'Or\n72\nPREFETEDELACOTE-D'ORLibert\u00e9Egalit\u00e9Fraternit\u00e9\n \n \nArr\u00eat\u00e9 pr\u00e9fectoral N\u00b0 795 du 27/04/2026\n                             donnant d\u00e9l\u00e9gation de signature \u00e0 Madame Mathilde MARMIER,\nDirectrice G\u00e9n\u00e9rale de l'Agence R\u00e9gionale de Sant\u00e9 de Bourgogne-Franche-Comt\u00e9, \n               pour la C\u00f4te-d'Or\nLa pr\u00e9f\u00e8te de la C\u00f4te-d'Or\nVu le code de la sant\u00e9 publique; \nVu le code de la d\u00e9fense ;\nVu le code g\u00e9n\u00e9ral des collectivit\u00e9s territoriales ;\nVu le code de l'environnement ;\nVu le code de la consommation ; \nVu le code du travail ;\nVu le code de l'action sociale et des familles ;\nVu le code de l'entr\u00e9e et du s\u00e9jour des \u00e9trangers et du droit d'asile ;\nVu la loi n\u00b0 2009-879 du 21 juillet 2009 portant r\u00e9forme de l'h\u00f4pital et relative aux patients, \u00e0  \nla sant\u00e9 et aux territoires ;\nVu la Ioi n\u00b0 2015-29 du 16 janvier 2015 relative \u00e0 la d\u00e9limitation des r\u00e9gions, aux \u00e9lections  \nr\u00e9gionales et d\u00e9partementales et modifiant le calendrier \u00e9lectoral ;\nVu l'ordonnance n\u00b0 2010-177 du 23 f\u00e9vrier 2010 de coordination pour la Ioi n\u00b02009-879 du  \n21 juillet 2009 portant r\u00e9forme de l'h\u00f4pital et relative aux patients, \u00e0 la sant\u00e9 et aux territoires \nVu l'ordonnance n\u00b0 2015-1620 du 10 d\u00e9cembre 2015 adaptant les agences r\u00e9gionales de  \nsant\u00e9 et les unions r\u00e9gionales de professionnels de sant\u00e9 \u00e0 la nouvelle d\u00e9limitation des  \nr\u00e9gions ;\nVu le d\u00e9cret n\u00b0 2008-158 du 22 f\u00e9vrier 2008 relatif \u00e0 la suppl\u00e9ance des pr\u00e9fets de r\u00e9gion et \u00e0  \nla d\u00e9l\u00e9gation de signature des pr\u00e9fets et hauts commissaires de la R\u00e9publique en Polyn\u00e9sie  \nfran\u00e7aise et en Nouvelle-Cal\u00e9donie ;\nVu le d\u00e9cret n\u00b0 2025-724 du 30 juillet 2025 \u00e9tendant le pouvoir de d\u00e9rogation reconnu au  \npr\u00e9fet et pris pour l'application du d\u00e9cret modifiant le d\u00e9cret n\u00b0 2004-374 du 29 avril 2004  \nrelatif aux pouvoirs des pr\u00e9fets, \u00e0 l'organisation et \u00e0 l'action des services de l'Etat dans les  \nr\u00e9gions et d\u00e9partements;\nVu le d\u00e9cret n\u00b0 2009-176 du 16 f\u00e9vrier 2009 modifiant le d\u00e9cret n\u00b0 64-805 du 29 juillet 1964  \nfixant les dispositions r\u00e9glementaires applicables aux pr\u00e9fets ;\n1/4\nPr\u00e9fecture de la C\u00f4te-d'Or - 21-2026-04-27-00029 - Arr\u00eat\u00e9 pr\u00e9fectoral N\u00b0 795 du 27/04/2026\n                             donnant d\u00e9l\u00e9gation de signature \u00e0 Madame Mathilde MARMIER,\nDirectrice G\u00e9n\u00e9rale de l'Agence R\u00e9gionale de Sant\u00e9 de Bourgogne-Franche-Comt\u00e9, \n               pour la C\u00f4te-d'Or\n73\nVu le d\u00e9cret n\u00b0 2010-336 du 31 mars 2010 portant cr\u00e9ation des agences r\u00e9gionales de sant\u00e9  \n;\nVu le d\u00e9cret n\u00b0 2010-338 du 31 mars 2010 relatif aux relations entre les repr\u00e9sentants de  \nl'\u00c9tat dans le d\u00e9partement, dans la zone de d\u00e9fense et dans la R\u00e9gion et l'agence r\u00e9gionale  \nde sant\u00e9 pour l'application des articles L.435-1, L.435-2 et L.435-7 du code de la sant\u00e9  \npublique ;\nVu le  d\u00e9cret  n\u00b0  2010-344  du  31  mars  2010  tirant  les  cons\u00e9quences,  au  niveau  \nr\u00e9glementaire, de l'intervention de la Ioi n\u00b02009-879 du 21 juillet 2009 portant r\u00e9forme de  \nl'h\u00f4pital et relative aux patients, \u00e0 la sant\u00e9 et aux territoires ;\nVu le d\u00e9cret n\u00b0 2015-1650 du 11 d\u00e9cembre 2015 adaptant les agences r\u00e9gionales de sant\u00e9  \n\u00e0 la nouvelle d\u00e9limitation des r\u00e9gions et prorogeant le mandat des unions r\u00e9gionales de  \nprofessionnels de sant\u00e9 regroupant les infirmiers ;\nVu le d\u00e9cret du 30 juillet 2025 nommant Madame Mathilde MARMIER, directrice g\u00e9n\u00e9rale de  \nl'agence  r\u00e9gionale  de  sant\u00e9  de  Bourgogne-Franche-Comt\u00e9  \u00e0  compter  du  21  novembre  \n2022 ;\nVu  le d\u00e9cret du 8 avril 2026 nommant Madame Violaine DEMARET, pr\u00e9f\u00e8te de la r\u00e9gion  \nBourgogne-Franche-Comt\u00e9, pr\u00e9f\u00e8te de la C\u00f4te-d'Or ;\nVu la d\u00e9cision d'organisation n\u00b0 2024-018 du directeur g\u00e9n\u00e9ral de l'agence r\u00e9gionale de  \nsant\u00e9  de  Bourgogne-Franche-Comt\u00e9  portant  organisation  de  l'ARS  Bourgogne-Franche-\nComt\u00e9 en date du 1er mars 2024 ;\nVu la  d\u00e9cision  n\u00b0  2024-041  portant  nomination  de  l'\u00e9quipe  d'encadrement  de  l'agence  \nr\u00e9gionale de sant\u00e9 de Bourgogne-Franche-Comt\u00e9 en date du 27 juin 2024 ;\nVu le protocole sign\u00e9 le 28 ao\u00fbt 2017 entre la Pr\u00e9f\u00e8te de la C\u00f4te-d'Or et le Directeur G\u00e9n\u00e9ral  \nde l'ARS de Bourgogne-Franche-Comt\u00e9 ;\nVu l'arr\u00eat\u00e9 pr\u00e9fectoral N\u00b0 1394/ SG du 11 septembre 2025 donnant d\u00e9l\u00e9gation de signature \u00e0 \nMadame  Mathilde  MARMIER,  Directrice  G\u00e9n\u00e9rale  de  l'Agence  R\u00e9gionale  de  Sant\u00e9  de  \nBourgogne-Franche-Comt\u00e9 pour la C\u00f4te-d'Or ;\nSur proposition du secr\u00e9taire g\u00e9n\u00e9ral de la Pr\u00e9fecture de la C\u00f4te-d'Or.\nARR\u00caTE\nArticle 1:  L'arr\u00eat\u00e9 pr\u00e9fectoral N\u00b0 1394/SG du 11 septembre 2025 donnant d\u00e9l\u00e9gation de  \nsignature \u00e0 Madame Mathilde MARMIER, D irectrice G\u00e9n\u00e9rale de l'Agence R\u00e9gionale de  \nSant\u00e9 de Bourgogne-Franche-Comt\u00e9  et toutes dispositions ant\u00e9rieures sont abrog\u00e9s.\nArticle 2 :  D\u00e9l\u00e9gation est donn\u00e9e \u00e0 Madame Mathilde MARMIER, Directrice G\u00e9n\u00e9rale de  \nl'Agence R\u00e9gionale de Sant\u00e9 de Bourgogne-Franche-Comt\u00e9, pour le d\u00e9partement de la  \nC\u00f4te-d'Or, \u00e0 l'effet de signer dans le cadre de ses attributions et comp\u00e9tences, les actes  \nd'instruction, correspondances administratives relevant des domaines d'activit\u00e9s pr\u00e9vues par  \nle protocole aux chapitres suivants :\n2/4\nPr\u00e9fecture de la C\u00f4te-d'Or - 21-2026-04-27-00029 - Arr\u00eat\u00e9 pr\u00e9fectoral N\u00b0 795 du 27/04/2026\n                             donnant d\u00e9l\u00e9gation de signature \u00e0 Madame Mathilde MARMIER,\nDirectrice G\u00e9n\u00e9rale de l'Agence R\u00e9gionale de Sant\u00e9 de Bourgogne-Franche-Comt\u00e9, \n               pour la C\u00f4te-d'Or\n74\na) Chapitre I du titre II du protocole vis\u00e9, ci-dessus, concernant les soins psychiatriques sans  \nconsentement : pour aviser les autorit\u00e9s et les personnes mentionn\u00e9es \u00e0 l'article L 3213-9 du \nCode de la sant\u00e9 publique de toute d\u00e9cision prise pour les patients.\nb) Chapitre II du titre ll du protocole vis\u00e9, ci-dessus, listant les proc\u00e9dures pour lesquelles les  \nactes  d'instructions  et  les  correspondances  administratives  sont  d\u00e9l\u00e9gu\u00e9es  au  directeur \ng\u00e9n\u00e9ral de l'agence r\u00e9gionale de la sant\u00e9 par le pr\u00e9fet de d\u00e9partement, dans les domaines  \nsuivants :\n- Eaux destin\u00e9es \u00e0 la consommation humaine,\n- Eaux min\u00e9rales naturelles,\n- Eaux conditionn\u00e9es,\n- Eaux de loisirs,\n- Salubrit\u00e9 des immeubles et risques sanitaires associ\u00e9s dans les b\u00e2timents accueillant du  \npublic,\n- Amiante,\n- Plomb et saturnisme infantile,\n- Nuisances sonores,\n- D\u00e9chets d'activit\u00e9 de soins,\n- Radionucl\u00e9ides naturels,\n- Rayonnements non ionisants,\nArticle 3     :   En cas d'absence ou d'emp\u00eachement de Madame Mathilde MARMIER, directrice  \ng\u00e9n\u00e9rale de l'ARS Bourgogne-Franche-Comt\u00e9, d\u00e9l\u00e9gation de signature est donn\u00e9e :\nPour l'ensemble des actes vis\u00e9s \u00e0 l'article 1er :\n- Madame Lucie LIGIER, directrice g\u00e9n\u00e9rale adjointe de l'ARS Bourgogne-Franche-Comt\u00e9,\nPour l'article 1er a) concernant les soins psychiatriques sans consentement : \n- Madame Sophie VALDENAIRE-RATTO, Secr\u00e9taire g\u00e9n\u00e9rale, ARS Bourgogne-\nFranche-Comt\u00e9,\n- Monsieur Alexandre ZILIO, adjoint du d\u00e9partement des affaires juridiques,\nPour l'article 1er b) concernant les mati\u00e8res suivantes :\n- Eaux destin\u00e9es \u00e0 la consommation humaine,\n- Eaux min\u00e9rales naturelles,\n- Eaux conditionn\u00e9es,\n- Eaux de loisirs,\n- Salubrit\u00e9 des immeubles et risques sanitaires associ\u00e9s dans les b\u00e2timents accueillant du  \npublic,\n- Amiante,\n- Plomb et saturnisme infantile,\n- Nuisances sonores,\n- D\u00e9chets d'activit\u00e9 de soins, Radionucl\u00e9ides naturels,\n- Rayonnements non ionisants.\nLes agents suivants de l'ARS re\u00e7oivent d\u00e9l\u00e9gation de signature \n- Monsieur Eric LALAURIE, directeur de la sant\u00e9 publique,\n- Madame Genevi\u00e8ve FRIBOURG, adjointe au directeur de la sant\u00e9 publique, cheffe du  \nd\u00e9partement Veille et S\u00e9curit\u00e9 Sanitaire,\n- Monsieur Bruno MAESTRI et Mme Estelle BECHEROT, chefs du d\u00e9partement Pr\u00e9vention  \nSant\u00e9 Environnement par int\u00e9rim,\n3/4\nPr\u00e9fecture de la C\u00f4te-d'Or - 21-2026-04-27-00029 - Arr\u00eat\u00e9 pr\u00e9fectoral N\u00b0 795 du 27/04/2026\n                             donnant d\u00e9l\u00e9gation de signature \u00e0 Madame Mathilde MARMIER,\nDirectrice G\u00e9n\u00e9rale de l'Agence R\u00e9gionale de Sant\u00e9 de Bourgogne-Franche-Comt\u00e9, \n               pour la C\u00f4te-d'Or\n75\n- Madame Graziella MIDELET, responsable de l'unit\u00e9 territoriale sant\u00e9 environnement du  \nd\u00e9partement de la C\u00f4te-d'Or,\n- Monsieur  Bertrand  DANIEL,  ing\u00e9nieur  d'\u00e9tude  sanitaire  de  l'unit\u00e9  territoriale  sant\u00e9  \nenvironnement du d\u00e9partement de la C\u00f4te d'Or,\n- Madame  C\u00e9lia  FIABANE,  ing\u00e9nieure  d'\u00e9tude  sanitaire  de  l'unit\u00e9  territoriale  sant\u00e9  \nenvironnement du d\u00e9partement de la C\u00f4te d'Or.\nArticle 4     :  \nLe Secr\u00e9taire G\u00e9n\u00e9ral de la Pr\u00e9fecture de la C\u00f4te d'Or et la Directrice G\u00e9n\u00e9rale de l'Agence  \nR\u00e9gionale  de  Sant\u00e9  de  Bourgogne-Franche-Comt\u00e9  sont  charg\u00e9s,  chacun  en  ce  qui  le  \nconcerne, de l'ex\u00e9cution du pr\u00e9sent arr\u00eat\u00e9 qui sera publi\u00e9 au recueil des actes administratifs  \nde la Pr\u00e9fecture de la C\u00f4te d'Or\nFait \u00e0 Dijon, le 27/04/2026\nLa pr\u00e9f\u00e8te,\nORIGINAL SIGNE PAR\nViolaine DEMARET\nVoies et d\u00e9lais de recours\nLa  pr\u00e9sente  d\u00e9cision  peut  faire  l'objet  d'un  recours  contentieux,  aupr\u00e8s  du  tribunal  \nadministratif de Dijon, 22 rue d'Assas \u2013 B.P. 61616 \u2013 21 016 DIJON CEDEX dans un d\u00e9lai  \nde deux (2) mois \u00e0 compter de la publication de la d\u00e9cision.\nDans  le  m\u00eame  d\u00e9lai  de  2  mois,  un  recours  gracieux  peut  .  Le  silence  gard\u00e9  par  \nl'administration  pendant  plus  deux  mois  sur  la  demande  de  recours  gracieux  emporte  \nd\u00e9cision implicite de rejet de cette demande, conform\u00e9ment \u00e0 l'article R. 421-2 du  de justice  \nadministrative. Celui-ci prolonge le d\u00e9lai de recours contentieux qui doit \u00eatre introduit dans  \nles 2 mois suivant la r\u00e9ponse.\nLe tribunal administratif peut \u00eatre saisi par un recours d\u00e9pos\u00e9 via l'application T\u00e9l\u00e9recours  \ncitoyens accessible par le site internet : www.telerecours.fr\n4/4\nPr\u00e9fecture de la C\u00f4te-d'Or - 21-2026-04-27-00029 - Arr\u00eat\u00e9 pr\u00e9fectoral N\u00b0 795 du 27/04/2026\n                             donnant d\u00e9l\u00e9gation de signature \u00e0 Madame Mathilde MARMIER,\nDirectrice G\u00e9n\u00e9rale de l'Agence R\u00e9gionale de Sant\u00e9 de Bourgogne-Franche-Comt\u00e9, \n               pour la C\u00f4te-d'Or\n76\nPr\u00e9fecture de la C\u00f4te-d'Or\nDirection de la coordination, des politiques\npubliques et de l'appui territorial\n21-2026-04-27-00030\nArr\u00eat\u00e9 pr\u00e9fectoral n\u00b0 796 / SG du 27 avril 2026\nportant d\u00e9l\u00e9gation de signature \u00e0 M.\nSimon-Pierre EURY, directeur r\u00e9gional de\nl'\u00e9conomie, de l'emploi, du travail et des\nsolidarit\u00e9s\nde Bourgogne-Franche-Comt\u00e9, au titre de ses\ncomp\u00e9tences d\u00e9partementales.\nPr\u00e9fecture de la C\u00f4te-d'Or - 21-2026-04-27-00030 - Arr\u00eat\u00e9 pr\u00e9fectoral n\u00b0 796 / SG du 27 avril 2026\nportant d\u00e9l\u00e9gation de signature \u00e0 M. Simon-Pierre EURY, directeur r\u00e9gional de l'\u00e9conomie, de l'emploi, du travail et des solidarit\u00e9s\nde Bourgogne-Franche-Comt\u00e9, au titre de ses comp\u00e9tences d\u00e9partementales.\n77\nPREFETEDELACOTE-D'ORLibert\u00e9Egalit\u00e9Fraternit\u00e9\nArr\u00eat\u00e9 pr\u00e9fectoral n\u00b0 796 / SG du 27 avril 2026\nportant d\u00e9l\u00e9gation de signature \u00e0 M. Simon-Pierre EURY,\ndirecteur r\u00e9gional de l'\u00e9conomie, de l'emploi, du travail et des solidarit\u00e9s\nde Bourgogne-Franche-Comt\u00e9, au titre de ses comp\u00e9tences d\u00e9partementales.\nLa pr\u00e9f\u00e8te de la C\u00f4te-d'Or\nVU le code de commerce , le code de la consommation , le code des march\u00e9s publics , le code du \ntravail , le code de l'action sociale et des familles ;\nVU la loi du 04 juillet 1837 relative aux poids et mesures ;\nVU  la loi n\u00b082-213 du 02 mars 1982, modifi\u00e9e, relative aux droits et libert\u00e9s des communes, des  \nd\u00e9partements et des r\u00e9gions, et notamment son article 34 ;\nVU la loi n\u00b092-125 du 06 f\u00e9vrier 1992 relative \u00e0 l'administration territoriale de la R\u00e9publique ;\nVU la loi n\u00b02015-29 du 16 janvier 2015 relative \u00e0 la d\u00e9limitation des r\u00e9gions, aux \u00e9lections r\u00e9gionales  \net d\u00e9partementales et modifiant le calendrier \u00e9lectoral ;\nVU le d\u00e9cret n\u00b02001-387 du 03 mai 2001 relatif au contr\u00f4le des instruments de mesure ;\nVU le d\u00e9cret n\u00b02004-374 du 29 avril 2004, modifi\u00e9, relatif aux pouvoirs des pr\u00e9fets, \u00e0 l'organisation et  \n\u00e0 l'action des services de l'Etat dans les r\u00e9gions et d\u00e9partements ;\nVU le d\u00e9cret n\u00b02020-1545 du 09 d\u00e9cembre 2020 relatif \u00e0 l'organisation et aux missions des directions  \nr\u00e9gionales de l'\u00e9conomie, de l'emploi, du travail et des solidarit\u00e9s ;\nVU le d\u00e9cret n\u00b02015-510 du 07 mai 2015 portant charte de d\u00e9concentration ;\nVU le d\u00e9cret n\u00b02015-1689 du 17 d\u00e9cembre 2015 portant diverses mesures d'organisation et de  \nfonctionnement ;\nVU le d\u00e9cret le d\u00e9cret du 8 avril 2026 portant nomination de Madame Violaine DEMARET, pr\u00e9f\u00e8te de  \nla r\u00e9gion Bourgogne-Franche-Comt\u00e9, pr\u00e9f\u00e8te de la C\u00f4te-d'Or ;\nVU l'arr\u00eat\u00e9 minist\u00e9riel du 12 juillet 2023 portant nomination de M. Simon-Pierre EURY, en qualit\u00e9 de  \ndirecteur r\u00e9gional de  l'\u00e9conomie, de l'emploi, du travail et des solidarit\u00e9s de Bourgogne-Franche-\nComt\u00e9, \u00e0 compter du 1er septembre 2023 ;\nVU l'arr\u00eat\u00e9 pr\u00e9fectoral n\u00b0 1680 du 28 octobre 2024 donnant d\u00e9l\u00e9gation de signature \u00e0 M. Simon-Pierre \nEURY, directeur r\u00e9gional  de  l'\u00e9conomie, de l'emploi, du travail et des solidarit\u00e9s de Bourgogne-\nFranche-Comt\u00e9 ;\n1/4\nPr\u00e9fecture de la C\u00f4te-d'Or - 21-2026-04-27-00030 - Arr\u00eat\u00e9 pr\u00e9fectoral n\u00b0 796 / SG du 27 avril 2026\nportant d\u00e9l\u00e9gation de signature \u00e0 M. Simon-Pierre EURY, directeur r\u00e9gional de l'\u00e9conomie, de l'emploi, du travail et des solidarit\u00e9s\nde Bourgogne-Franche-Comt\u00e9, au titre de ses comp\u00e9tences d\u00e9partementales.\n78\nSur proposition du secr\u00e9taire g\u00e9n\u00e9ral de la Pr\u00e9fecture de la C\u00f4te-d'Or.\nARRETE\nArticle  1     :    L'arr\u00eat\u00e9  pr\u00e9fectoral  n\u00b0  1680  du  28  octobre  2024  donnant  d\u00e9l\u00e9gation  de  signature  \u00e0  \nMonsieur  Simon-Pierre  EURY,  Directeur  r\u00e9gional  de   l'\u00e9conomie,  de  l'emploi,  du  travail  et  des  \nsolidarit\u00e9s de Bourgogne-Franche-Comt\u00e9 et toutes dispositions ant\u00e9rieures sont abrog\u00e9s.\nArticle 2  :  D\u00e9l\u00e9gation de signature est donn\u00e9e \u00e0 M.  M. Simon-Pierre EURY,  directeur r\u00e9gional  de \nl'\u00e9conomie, de l'emploi, du travail et des solidarit\u00e9s de Bourgogne-Franche-Comt\u00e9, \u00e0 l'effet de signer :\n> les  actes  relatifs  \u00e0  la  d\u00e9signation  et  \u00e0  l'agr\u00e9ment  des  organismes  pour  l'installation,  la  \nr\u00e9paration et le contr\u00f4le en service des instruments de mesure, ainsi qu'\u00e0 leur suspension ou  \nleur retrait, pris pour application des articles 36, 37 et 39 du d\u00e9cret n\u00b0 2001-387 du 03 mai  \n2001 relatif au contr\u00f4le de mesure.\n> les  actes  relatifs  \u00e0  la  d\u00e9rogation  des  dispositions  r\u00e9glementaires  lorsque  les  conditions  \ntechniques  ou  d'usage  d'un  instrument  ne  permettent  pas  de  le  respecter,  pris  pour  \napplication de l'article 41 du d\u00e9cret n\u00b02001-387 du 03 mai 2001 relatif au contr\u00f4le des  \ninstruments de mesure.\n> les actes relatifs au maintien des dispenses accord\u00e9es pris pour  application de l'article 62-3  \nde l'arr\u00eat\u00e9 minist\u00e9riel du 31 d\u00e9cembre 2001 pris pour application de l'article 62-3 du d\u00e9cret du  \n03 mai 2001.\n> les actes relatifs \u00e0 l'attribution, \u00e0 la suspension et au retrait des marques d'identification pris  \npour application de l'article 45 du d\u00e9cret du 31 d\u00e9cembre 2001 (pris pour application du d\u00e9 -\ncret du 03 mai 2001).\nArticle 3 : Dans le cadre de la d\u00e9l\u00e9gation vis\u00e9e aux articles 1 et 2 demeurent soumis \u00e0 la signature du \nPr\u00e9fet du d\u00e9partement de la C\u00f4te d'Or :\n\u0336D La  signature  des  conventions  pass\u00e9es  au  nom  de  l'Etat  avec  le  d\u00e9partement,  une  ou  \nplusieurs communes, leurs groupements ainsi que leurs \u00e9tablissements publics ;\n\u0336D Les d\u00e9cisions portant attribution de subventions ou de pr\u00eats de l'Etat aux collectivit\u00e9s locales,  \naux \u00e9tablissements et organismes d\u00e9partementaux, communaux et intercommunaux ;\n\u0336D Les notifications de ces subventions ou pr\u00eats aux collectivit\u00e9s locales, \u00e9tablissements et  \norganismes b\u00e9n\u00e9ficiaires ;\n\u0336D Les correspondances relatives au contr\u00f4le de l\u00e9galit\u00e9 pr\u00e9vu par le titre I de la loi du 2 mars  \n1982 ;\n\u0336D Les circulaires aux maires ;\n\u0336D Les arr\u00eat\u00e9s ayant un caract\u00e8re r\u00e9glementaire ;\n\u0336D Toutes correspondances adress\u00e9es aux cabinets minist\u00e9riels ;\n\u0336D Toutes  correspondances  adress\u00e9es  aux  pr\u00e9sidents  des  assembl\u00e9es  r\u00e9gionales  et  \nd\u00e9partementales  ainsi  que  les  r\u00e9ponses  aux  interventions  des  parlementaires  et  des  \nconseillers d\u00e9partementaux lorsqu'elles portent sur les comp\u00e9tences de l'Etat, \u00e0 l'exception  \nde celles concernant l'inspection du travail.\n2/4\nPr\u00e9fecture de la C\u00f4te-d'Or - 21-2026-04-27-00030 - Arr\u00eat\u00e9 pr\u00e9fectoral n\u00b0 796 / SG du 27 avril 2026\nportant d\u00e9l\u00e9gation de signature \u00e0 M. Simon-Pierre EURY, directeur r\u00e9gional de l'\u00e9conomie, de l'emploi, du travail et des solidarit\u00e9s\nde Bourgogne-Franche-Comt\u00e9, au titre de ses comp\u00e9tences d\u00e9partementales.\n79\nArticle 4  :  M. Simon-Pierre EURY , directeur r\u00e9gional  de  l'\u00e9conomie, de l'emploi, du travail et des  \nsolidarit\u00e9s de Bourgogne-Franche-Comt\u00e9 peut, sous sa responsabilit\u00e9, subd\u00e9l\u00e9guer sa signature aux  \nagents plac\u00e9s sous son autorit\u00e9.\nCette subd\u00e9l\u00e9gation prendra la forme d'une  d\u00e9cision notifi\u00e9e aux agents et publi\u00e9e au recueil des  \nactes administratifs de la pr\u00e9fecture de la C\u00f4te-d'Or, dont copie me sera adress\u00e9e.\nArticle  5 :  Le  secr\u00e9taire  g\u00e9n\u00e9ral  de  la  pr\u00e9fecture  de  la  C\u00f4te  d'Or  et  le  Directeur  r\u00e9gional  de \nl'\u00e9conomie, de l'emploi, du travail et des solidarit\u00e9s de Bourgogne-Franche-Comt\u00e9 sont charg\u00e9s,  \nchacun en ce qui les concerne, de l'ex\u00e9cution du pr\u00e9sent arr\u00eat\u00e9 qui sera publi\u00e9 au recueil des actes  \nadministratifs de la pr\u00e9fecture de la C\u00f4te d'Or.\nFait \u00e0 Dijon, le 27/04/2026\nLa pr\u00e9f\u00e8te\nORIGINAL SIGNE PAR\nViolaine DEMARET\nVoies et d\u00e9lais de recours\nLa pr\u00e9sente d\u00e9cision peut faire l'objet d'un recours contentieux, aupr\u00e8s du tribunal administratif de  \nDijon, 22 rue d'Assas \u2013 B.P. 61616 \u2013 21 016 DIJON CEDEX dans un d\u00e9lai de deux (2) mois \u00e0 compter  \nde la publication de la d\u00e9cision.\nDans le m\u00eame d\u00e9lai de 2  mois, un recours gracieux peut . Le silence gard\u00e9 par l'administration  \npendant plus deux mois sur la demande de recours gracieux emporte d\u00e9cision implicite de rejet de  \ncette demande, conform\u00e9ment \u00e0 l'article R. 421-2 du  de justice administrative. Celui-ci prolonge le  \nd\u00e9lai de recours contentieux qui doit \u00eatre introduit dans les 2 mois suivant la r\u00e9ponse.\nLe tribunal administratif peut \u00eatre saisi par un recours d\u00e9pos\u00e9 via l'application T\u00e9l\u00e9recours citoyens  \naccessible par le site internet : www.telerecours.fr\n3/4\nPr\u00e9fecture de la C\u00f4te-d'Or - 21-2026-04-27-00030 - Arr\u00eat\u00e9 pr\u00e9fectoral n\u00b0 796 / SG du 27 avril 2026\nportant d\u00e9l\u00e9gation de signature \u00e0 M. Simon-Pierre EURY, directeur r\u00e9gional de l'\u00e9conomie, de l'emploi, du travail et des solidarit\u00e9s\nde Bourgogne-Franche-Comt\u00e9, au titre de ses comp\u00e9tences d\u00e9partementales.\n80\n4/4\nPr\u00e9fecture de la C\u00f4te-d'Or - 21-2026-04-27-00030 - Arr\u00eat\u00e9 pr\u00e9fectoral n\u00b0 796 / SG du 27 avril 2026\nportant d\u00e9l\u00e9gation de signature \u00e0 M. Simon-Pierre EURY, directeur r\u00e9gional de l'\u00e9conomie, de l'emploi, du travail et des solidarit\u00e9s\nde Bourgogne-Franche-Comt\u00e9, au titre de ses comp\u00e9tences d\u00e9partementales.\n81\nPr\u00e9fecture de la C\u00f4te-d'Or\nDirection de la coordination, des politiques\npubliques et de l'appui territorial\n21-2026-04-27-00004\nArr\u00eat\u00e9 pr\u00e9fectoral N\u00b0774 /SG du 27 avril 2026\nportant d\u00e9l\u00e9gation de signature \u00e0 Monsieur\nFr\u00e9d\u00e9ric VINCENT-GENOD,\nDirecteur Interd\u00e9partemental de la Police\nNationale de la C\u00f4te d'Or\nPr\u00e9fecture de la C\u00f4te-d'Or - 21-2026-04-27-00004 - Arr\u00eat\u00e9 pr\u00e9fectoral N\u00b0774 /SG du 27 avril 2026\nportant d\u00e9l\u00e9gation de signature \u00e0 Monsieur Fr\u00e9d\u00e9ric VINCENT-GENOD,\nDirecteur Interd\u00e9partemental de la Police Nationale de la C\u00f4te d'Or\n82\nE =PREFETEDE LACOTE-D'ORLibert\u00e9\u00c9galit\u00e9Fraternit\u00e9\nArr\u00eat\u00e9 pr\u00e9fectoral N\u00b0774 /SG du 27 avril 2026\nportant d\u00e9l\u00e9gation de signature \u00e0 Monsieur Fr\u00e9d\u00e9ric VINCENT-GENOD,\nDirecteur Interd\u00e9partemental de la Police Nationale de la C\u00f4te d'Or\nLa pr\u00e9f\u00e8te de la C\u00f4te d'Or\n \nVu le code de la s\u00e9curit\u00e9 int\u00e9rieure  ;\nVu le code g\u00e9n\u00e9ral de la fonction publique ;\nVu la loi organique n\u00b0 2001-692 du 1er ao\u00fbt 2001, modifi\u00e9e, relative aux lois de finances ;\nVu la loi n\u00b0 95-73 du 21 janvier 1995, modifi\u00e9e, d'orientation et de programmation relative \u00e0 la  \ns\u00e9curit\u00e9, et notamment son article 36 ;\nVu le d\u00e9cret n\u00b0 84-961 du 25 octobre 1984, modifi\u00e9, relatif \u00e0 la proc\u00e9dure disciplinaire concernant  \nles fonctionnaires de l'\u00c9tat ;\nVu le d\u00e9cret 86-83 du 17 janvier 1986, modifi\u00e9, relatif aux dispositions g\u00e9n\u00e9rales applicables aux  \nagents non titulaires de l'\u00c9tat, pris pour l'application de l'article 7 de la loi n\u00b0 84-16 du 11 janvier  \n1984 portant dispositions statutaires relatives \u00e0 la fonction publique de l'\u00c9tat ;\nVu le d\u00e9cret 86-592 du 18 mars 1986 portant code de d\u00e9ontologie de la police nationale ;\nVu le d\u00e9cret n\u00b0 95-654 du 9 mai 1995, modifi\u00e9, fixant les dispositions communes applicables aux  \nfonctionnaires actifs des services de la police nationale ; \nVu le d\u00e9cret n\u00b0 95-1197 du 6 novembre 1995 portant d\u00e9concentration en mati\u00e8re de gestion des  \npersonnels de la police nationale ;\nVu le d\u00e9cret n\u00b0 97-199 du 5 mars 1997, modifi\u00e9 par le d\u00e9cret n\u00b02010-1295 du 28 octobre 2010  \nrelatif  au  remboursement  de  certaines  d\u00e9penses  support\u00e9es  par  les  forces  de  police  et  \ngendarmerie ; \nVu le d\u00e9cret n\u00b02002-812 du 8 mai 2002, modifi\u00e9, portant statut particulier du corps des agents  \nsp\u00e9cialis\u00e9s de police technique et scientifique de la police nationale ;\nVu le d\u00e9cret n\u00b0 2004-1439 du 23 d\u00e9cembre 2004, modifi\u00e9, portant statut particulier du corps  \nd'encadrement et d'application de la police nationale ;  \nVu le d\u00e9cret n\u00b0202-723 du 30 juillet 2025 modifiant le d\u00e9cret n\u00b02004-374 du 29 avril 2004 relatif  \naux pouvoirs des pr\u00e9fets, \u00e0 l'organisation et \u00e0 l'action des services de l'\u00c9tat dans les r\u00e9gions et les  \nd\u00e9partements ;\nVu le  d\u00e9cret  n\u00b0  2012-1246  du  7  novembre  2012,  modifi\u00e9,  relatif  \u00e0  la  gestion  budg\u00e9taire  et \ncomptable publique ; \nPr\u00e9fecture de la C\u00f4te-d'Or - 21-2026-04-27-00004 - Arr\u00eat\u00e9 pr\u00e9fectoral N\u00b0774 /SG du 27 avril 2026\nportant d\u00e9l\u00e9gation de signature \u00e0 Monsieur Fr\u00e9d\u00e9ric VINCENT-GENOD,\nDirecteur Interd\u00e9partemental de la Police Nationale de la C\u00f4te d'Or\n83\nVu le  d\u00e9cret  n\u00b0  2023-1013  du  2  novembre  2023  relatif  aux  services  d\u00e9concentr\u00e9s  et  \u00e0  \nl'organisation de la police nationale ; \nVu le d\u00e9cret n\u00b0 2023-1108 du 29 novembre 2023 portant cr\u00e9ation des services d\u00e9concentr\u00e9s de la  \npolice nationale ; \nVu le d\u00e9cret du 8 avril 2026 nommant Madame Violaine DEMARET, Pr\u00e9f\u00e8te de la R\u00e9gion  \nBourgogne-Franche-Comt\u00e9, Pr\u00e9f\u00e8te de la C\u00f4te-d'Or  ;\nVu l'arr\u00eat\u00e9  minist\u00e9riel  du  30 d\u00e9cembre 2005,  modifi\u00e9,  portant  d\u00e9concentration en mati\u00e8re de  \ngestion des fonctionnaires actifs des services de la police nationale ; \nVu l'arr\u00eat\u00e9 minist\u00e9riel du 06 juin 2006, modifi\u00e9, portant r\u00e8glement g\u00e9n\u00e9ral d'emploi de la police  \nnationale ; \nVu l'arr\u00eat\u00e9 du ministre de l'Int\u00e9rieur et des outre-mer n\u00b0 570711580996640 portant affectation sans \nchangement de r\u00e9sidence de Monsieur Fr\u00e9d\u00e9ric VINCENT-GENOD, commissaire divisionnaire de  \npolice, directeur interd\u00e9partemental de la police nationale de la C\u00f4te d'Or, \u00e0 Dijon, \u00e0 compter du 20 \njanvier 2025 ; \nVu l'arr\u00eat\u00e9 du ministre de l'Int\u00e9rieur  n\u00b0 570711581185264  portant changement d'affectation avec \nchangement de r\u00e9sidence en m\u00e9tropole de Monsieur Emmanuel BRETON, commissaire \ndivisionnaire de police, directeur interd\u00e9partemental adjoint de la police nationale de la C\u00f4te d'Or \net chef de la circonscription de police nationale de Dijon, \u00e0 compter du 15 d\u00e9cembre 2025 ; \nVu l'arr\u00eat\u00e9  pr\u00e9fectoral n\u00b0336 du 21 f\u00e9vrier 2025 portant d\u00e9l\u00e9gation de signature \u00e0 M. Fr\u00e9d\u00e9ric  \nVINCENT-GENOD, commissaire divisionnaire de police, directeur interd\u00e9partemental de la police  \nnationale de la C\u00f4te d'Or, \u00e0 Dijon ; \nSur proposition de Madame la directrice de cabinet de la pr\u00e9fecture de la C\u00f4te-d'Or :\nARR\u00caTE\nArticle  1er :  L'arr\u00eat\u00e9  pr\u00e9fectoral  n\u00b0336  du  21  f\u00e9vrier  2025  donnant  d\u00e9l\u00e9gation  de  signature  \u00e0 \nMonsieur Fr\u00e9d\u00e9ric VINCENT-GENOD, commissaire divisionnaire, directeur interd\u00e9partemental de  \nla police nationale de la C\u00f4te d'Or, \u00e0 Dijon, et toutes dispositions ant\u00e9rieures contraires au pr\u00e9sent  \narr\u00eat\u00e9 sont abrog\u00e9s.\nArticle  2  :  D\u00e9l\u00e9gation  de  signature  est  donn\u00e9e  \u00e0  Monsieur  Fr\u00e9d\u00e9ric  VINCENT-GENOD,  \ncommissaire divisionnaire, directeur interd\u00e9partemental de la police nationale de la C\u00f4te d'Or, \u00e0  \nDijon, \u00e0 l'effet de signer, dans le cadre de ses attributions et comp\u00e9tences, les actes suivants  \nrelevant  :\n-  de l'ordonnancement secondaire des recettes et des d\u00e9penses n\u00e9cessaires au fonctionnement  \nde la direction d\u00e9partementale de la police nationale et relevant du programme 176 de la police  \nnationale ;\n- de l'engagement juridique des d\u00e9penses donnant lieu \u00e0 la passation des march\u00e9s selon une  \nproc\u00e9dure adapt\u00e9e (signature des bons de commande, des lettres de commande et des ordres de  \nservice) ;\n- de la liquidation des factures ;\n- des conventions de prestations ex\u00e9cut\u00e9es par les forces de police dans le cadre d\u00e9fini par le  \nd\u00e9cret n\u00b097-199 du 5 mars 1997 relatif au remboursement de certaines d\u00e9penses support\u00e9es par  \nles forces de police, modifi\u00e9 par le d\u00e9cret n\u00b02010-1295 du 28 octobre 2010, dans la mesure ou le  \nservice d'ordre s'\u00e9tend sur la seule zone de police ;\n- de la gestion fonctionnelle des agents plac\u00e9s sous son autorit\u00e9 ;\nPr\u00e9fecture de la C\u00f4te-d'Or - 21-2026-04-27-00004 - Arr\u00eat\u00e9 pr\u00e9fectoral N\u00b0774 /SG du 27 avril 2026\nportant d\u00e9l\u00e9gation de signature \u00e0 Monsieur Fr\u00e9d\u00e9ric VINCENT-GENOD,\nDirecteur Interd\u00e9partemental de la Police Nationale de la C\u00f4te d'Or\n84\n- de la mise en \u0153uvre des sanctions disciplinaires du premier groupe (avertissement, bl\u00e2me,  \nexclusion temporaire de fonction (ETF) pour une dur\u00e9e maximale de 3 jours) en ce qui concerne  \nles personnels des corps d'encadrement et d'application ;\n- de la mise en \u0153uvre des sanctions disciplinaires du premier groupe (avertissement, bl\u00e2me,  \nexclusion temporaire de fonction (ETF) pour une dur\u00e9e maximale de 3 jours) en ce qui concerne  \nles personnels techniques et scientifiques.\nArticle  3  :  D\u00e9l\u00e9gation  de  signature  est  donn\u00e9e  \u00e0  Monsieur  Fr\u00e9d\u00e9ric  VINCENT-GENOD,  \ncommissaire divisionnaire, directeur interd\u00e9partemental de la police nationale de la C\u00f4te d'Or, \u00e0  \nDijon, \u00e0 l'effet de signer les arr\u00eat\u00e9s portant immobilisation et/ou mise en fourri\u00e8re \u00e0 titre provisoire  \nd'un v\u00e9hicule, ainsi que les autorisations d\u00e9finitives de sortie de mise en fourri\u00e8re concernant la  \nzone  police  du  d\u00e9partement,  c'est-\u00e0-dire  dire  dans  les  communes  de  DIJON,  CHEN\u00d4VE,  \nLONGVIC, FONTAINE LES DIJON, TALANT, BEAUNE et sur la RN 274 (rocade de DIJON).\nArticle  4 :  En  cas  d'absence  ou  d'emp\u00eachement  de  Monsieur  Fr\u00e9d\u00e9ric  VINCENT-GENOD \ncommissaire divisionnaire, directeur interd\u00e9partemental de la police nationale de la C\u00f4te d'Or, \u00e0  \nDijon, la d\u00e9l\u00e9gation est donn\u00e9e \u00e0  Monsieur Emmanuel BRETON, commissaire divisionnaire de  \npolice, directeur interd\u00e9partemental adjoint de la police nationale de la C\u00f4te d'Or et chef de la  \ncirconscription de police nationale de Dijon pour l'ensemble des comp\u00e9tences susvis\u00e9es. \nM. Fr\u00e9d\u00e9ric VINCENT-GENOD pourra par ailleurs subd\u00e9l\u00e9guer sa signature aux agents plac\u00e9s  \nsous son autorit\u00e9.\nLes d\u00e9cisions de subd\u00e9l\u00e9gation,  adress\u00e9es \u00e0  Madame la pr\u00e9f\u00e8te de la C\u00f4te d'Or ainsi qu'\u00e0  \nMonsieur le Directeur R\u00e9gional des Finances Publiques de la R\u00e9gion Bourgogne-Franche-Comt\u00e9  \net du d\u00e9partement de la C\u00f4te d'Or, viseront nominativement les agents int\u00e9ress\u00e9s et leur seront  \nnotifi\u00e9es. Elles feront l'objet d'une publication au recueil des actes administratifs de la pr\u00e9fecture  \nde la C\u00f4te d'Or.\nArticle 5  : Le secr\u00e9taire g\u00e9n\u00e9ral de la pr\u00e9fecture de la C\u00f4te d'Or, la directrice de cabinet et le  \ndirecteur interd\u00e9partemental de la police nationale de la C\u00f4te d'Or, \u00e0 Dijon, sont charg\u00e9s, chacun  \npour ce qui le concerne, de l'ex\u00e9cution du pr\u00e9sent arr\u00eat\u00e9 qui sera publi\u00e9 au recueil des actes  \nadministratifs de la pr\u00e9fecture de la C\u00f4te d'Or.\nFait \u00e0 Dijon, le 27 avril 2026\nLa Pr\u00e9f\u00e8te\nORIGINAL SIGNE PAR\nViolaine DEMARET\nVoies et d\u00e9lais de recours\nLa pr\u00e9sente d\u00e9cision peut faire l'objet d'un recours contentieux, aupr\u00e8s du tribunal administratif de Dijon, 22  \nrue d'Assas \u2013 B.P. 61616 \u2013 21 016 DIJON CEDEX dans un d\u00e9lai de deux (2) mois \u00e0 compter de la  \npublication de la d\u00e9cision.\nDans le m\u00eame d\u00e9lai de 2 mois, un recours gracieux peut . Le silence gard\u00e9 par l'administration pendant plus  \ndeux mois sur la demande de recours gracieux emporte d\u00e9cision implicite de rejet de cette demande,  \nconform\u00e9ment  \u00e0  l'article  R.  421-2  du   de  justice  administrative.  Celui-ci  prolonge  le  d\u00e9lai  de  recours  \ncontentieux qui doit \u00eatre introduit dans les 2 mois suivant la r\u00e9ponse.\nLe  tribunal  administratif  peut  \u00eatre  saisi  par  un  recours  d\u00e9pos\u00e9  via  l'application  T\u00e9l\u00e9recours  citoyens  \naccessible par le site internet : www.telerecours.fr\nPr\u00e9fecture de la C\u00f4te-d'Or - 21-2026-04-27-00004 - Arr\u00eat\u00e9 pr\u00e9fectoral N\u00b0774 /SG du 27 avril 2026\nportant d\u00e9l\u00e9gation de signature \u00e0 Monsieur Fr\u00e9d\u00e9ric VINCENT-GENOD,\nDirecteur Interd\u00e9partemental de la Police Nationale de la C\u00f4te d'Or\n85\nPr\u00e9fecture de la C\u00f4te-d'Or\nDirection de la coordination, des politiques\npubliques et de l'appui territorial\n21-2026-04-27-00027\nArr\u00eat\u00e9 pr\u00e9fectoral n\u00b0\u00a0793 /SG du  27 avril 2026\ndonnant d\u00e9l\u00e9gation de signature \u00e0 Monsieur\nFran\u00e7ois VILLEREZ, directeur r\u00e9gional de\nl'environnement, de l'am\u00e9nagement et du\nlogement en r\u00e9gion Bourgogne-Franche-Comt\u00e9 \nconcernant la comp\u00e9tence d\u00e9partementale\nPr\u00e9fecture de la C\u00f4te-d'Or - 21-2026-04-27-00027 - Arr\u00eat\u00e9 pr\u00e9fectoral n\u00b0\u00a0793 /SG du  27 avril 2026 donnant d\u00e9l\u00e9gation de signature \u00e0\nMonsieur Fran\u00e7ois VILLEREZ, directeur r\u00e9gional de l'environnement, de l'am\u00e9nagement et du logement en r\u00e9gion\nBourgogne-Franche-Comt\u00e9 \nconcernant la comp\u00e9tence d\u00e9partementale\n86\nPREFETEDELACOTE-D'ORLibert\u00e9Egalit\u00e9Fraternit\u00e9\nArr\u00eat\u00e9 pr\u00e9fectoral n\u00b0 793 /SG du  27 avril 2026 donnant d\u00e9l\u00e9gation de signature \u00e0 \nMonsieur Fran\u00e7ois VILLEREZ, directeur r\u00e9gional de l'environnement, de l'am\u00e9nagement \net du logement en r\u00e9gion Bourgogne-Franche-Comt\u00e9 \nconcernant la comp\u00e9tence d\u00e9partementale\nLa Pr\u00e9f\u00e8te de la C\u00f4te-d'Or\n    \nVu le code minier\u00a0;\nVu le code de l'environnement\u00a0;\nVu le code de l'urbanisme\u00a0;\nVu le code des transports\u00a0;\nVu le code de la route, et notamment ses articles L.\u00a0323-1, R.\u00a0311-1 et suivants, R.\u00a0322-2, \nR.\u00a0323-1 \u00e0 R.\u00a0323-26 et R.\u00a0433-1 et suivants\u00a0;\nVu le r\u00e8glement (CE) n\u00b0 338-97 du conseil du 9 d\u00e9cembre 1997 relatif \u00e0 la protection des \nesp\u00e8ces  de  faune  et  de  flore  sauvages  par  le  contr\u00f4le  de  leur  commerce  et  les \nr\u00e8glements de la Commission associ\u00e9s\u00a0;\nVu le r\u00e8glement (CE) n\u00b0 1013/2006 du 14/06/06 concernant les transferts de d\u00e9chets\u00a0;\nVu la directive 92-43 CEE du 21 mai 1992 sur la convention des habitats naturels, de la \nflore et de la faune sauvage\u00a0;\nVu  la loi n\u00b0 82-213 du 2 mars 1982 modifi\u00e9e (notamment par l'article 132 de la loi  \nn\u00b0\u00a02004-809 du 13 ao\u00fbt 2004 relative aux libert\u00e9s et responsabilit\u00e9 locales) relative aux \ndroits et libert\u00e9s des communes, des d\u00e9partements et des r\u00e9gions\u00a0;\nVu  la  loi  82-1153  modifi\u00e9e,  du  30  d\u00e9cembre  1982  d'orientation  des  transports  \nint\u00e9rieurs\u00a0;\nVu la loi d'orientation n\u00b0 92-125 du 6 f\u00e9vrier 1992 modifi\u00e9e relative \u00e0 l'administration  \nterritoriale de la R\u00e9publique\u00a0;\nVu  la loi n o\n\u00a02015-29 du 16 janvier 2015 relative \u00e0 la d\u00e9limitation des r\u00e9gions, aux  \n\u00e9lections r\u00e9gionales et d\u00e9partementales et modifiant le calendrier \u00e9lectoral\u00a0;\nVu  le  d\u00e9cret  85-891  modifi\u00e9,  du  16  ao\u00fbt  1985  relatif  aux  transports  urbains  de  \npersonnes et aux transports routiers non urbains de personnes\u00a0;\nVu  le d\u00e9cret n\u00b0 97-34 du 15 janvier 1997 modifi\u00e9 relatif \u00e0 la d\u00e9concentration des  \nd\u00e9cisions administratives individuelles\u00a0;\nPr\u00e9fecture de la C\u00f4te-d'Or - 21-2026-04-27-00027 - Arr\u00eat\u00e9 pr\u00e9fectoral n\u00b0\u00a0793 /SG du  27 avril 2026 donnant d\u00e9l\u00e9gation de signature \u00e0\nMonsieur Fran\u00e7ois VILLEREZ, directeur r\u00e9gional de l'environnement, de l'am\u00e9nagement et du logement en r\u00e9gion\nBourgogne-Franche-Comt\u00e9 \nconcernant la comp\u00e9tence d\u00e9partementale\n87\nVu le d\u00e9cret n\u00b0 2004-374 du 29 avril 2004 modifi\u00e9 relatif aux pouvoirs des pr\u00e9fets, \u00e0  \nl'organisation et \u00e0 l'action des services de l'\u00c9tat dans les r\u00e9gions et les d\u00e9partements\u00a0;\nVu le d\u00e9cret n\u00b0 2008-158 du 22 f\u00e9vrier 2008 relatif \u00e0 la suppl\u00e9ance des pr\u00e9fets de r\u00e9gion \net \u00e0 la d\u00e9l\u00e9gation de signature des pr\u00e9fets et des hauts commissaires de la R\u00e9publique \nen Polyn\u00e9sie fran\u00e7aise et en Nouvelle Cal\u00e9donie\u00a0;\nVu le d\u00e9cret 2009-235 du 27 f\u00e9vrier 2009 relatif \u00e0 l'organisation et aux missions des  \ndirections r\u00e9gionales de l'environnement, de l'am\u00e9nagement et du logement (DREAL);\nVu le d\u00e9cret n\u00b0 2009-707 du 16 juin 2009 modifi\u00e9 relatif aux services d\u00e9concentr\u00e9s de la \ndirection g\u00e9n\u00e9rale des finances publiques\u00a0;\nVu  le d\u00e9cret n\u00b0 2012-1246 du 7 novembre 2012 relatif \u00e0 la gestion budg\u00e9taire et  \ncomptable publique\u00a0;\nVu le d\u00e9cret n\u00b0 2015-510 du 7 mai 2015 portant charte de la d\u00e9concentration\u00a0;\nVu  le  d\u00e9cret  n\u00b0  2015-1689  du  17  d\u00e9cembre  2015  portant  diverses  mesures  \nd'organisation et de fonctionnement dans les r\u00e9gions de l'administration territoriale  \nde l'Etat et de commissions administratives\u00a0;\nVu le d\u00e9cret du 8 avril 2026 nommant Madame Violaine DEMARET, pr\u00e9f\u00e8te de la r\u00e9gion \nBourgogne-Franche-Comt\u00e9, pr\u00e9f\u00e8te de la C\u00f4te-d'Or ;\nVu l'arr\u00eat\u00e9 modifi\u00e9 du 2 juillet 1982 relatif aux transports en commun de personnes\u00a0;\nVu l'arr\u00eat\u00e9 modifi\u00e9 du 22 janvier 2015 d\u00e9finissant les caract\u00e9ristiques et les conditions \nd'utilisation des v\u00e9hicules autres que les autocars et les autobus, destin\u00e9s \u00e0 des usages \nde tourisme et de loisirs, et notamment son article 7\u00a0;\nVu  l'arr\u00eat\u00e9  minist\u00e9riel  du  19  juillet  1954  relatif  \u00e0  la  r\u00e9ception  des  v\u00e9hicules  \nautomobiles\u00a0;\nVu  l'arr\u00eat\u00e9 minist\u00e9riel du 30 septembre 1975 relatif \u00e0 l'\u00e9vacuation des v\u00e9hicules en  \npanne ou accident\u00e9s\u00a0;\nVu  l'arr\u00eat\u00e9  minist\u00e9riel  du  30  octobre  1987  relatif  aux  dispositifs  sp\u00e9ciaux  de  \nsignalisation des v\u00e9hicules d'intervention urgente\u00a0;\nVu l'arr\u00eat\u00e9 du 23 octobre 2023 relatif au contr\u00f4le technique des v\u00e9hicules motoris\u00e9s \u00e0 \ndeux ou trois roues et quadricycles \u00e0 moteur\u00a0;\nVu l'arr\u00eat\u00e9 minist\u00e9riel du 2 avril 2026 portant nomination de Fran\u00e7ois Villerez directeur \nr\u00e9gional  de  l'environnement,  de  l'am\u00e9nagement  et  du  logement  de  la  r\u00e9gion  \nBourgogne-Franche-Comt\u00e9\u00a0;\nVu l'arr\u00eat\u00e9 N\u00b0 274 du 4  f\u00e9vrier 2026 donnant d\u00e9l\u00e9gation de signature \u00e0 Madame C\u00e9cile \nBRENNE,  directrice r\u00e9gionale par int\u00e9rim de l'environnement, de l'am\u00e9nagement et du \nlogement de la r\u00e9gion Bourgogne-Franche-Comt\u00e9\nSur proposition du secr\u00e9taire g\u00e9n\u00e9ral de la pr\u00e9fecture de la C\u00f4te-d'Or\u00a0;\nARRETE\nPr\u00e9fecture de la C\u00f4te-d'Or - 21-2026-04-27-00027 - Arr\u00eat\u00e9 pr\u00e9fectoral n\u00b0\u00a0793 /SG du  27 avril 2026 donnant d\u00e9l\u00e9gation de signature \u00e0\nMonsieur Fran\u00e7ois VILLEREZ, directeur r\u00e9gional de l'environnement, de l'am\u00e9nagement et du logement en r\u00e9gion\nBourgogne-Franche-Comt\u00e9 \nconcernant la comp\u00e9tence d\u00e9partementale\n88\nArticle 1 : L'arr\u00eat\u00e9 N\u00b0 274 du 4  f\u00e9vrier 2026 donnant d\u00e9l\u00e9gation de signature \u00e0 Madame \nC\u00e9cile BRENNE,  directrice r\u00e9gionale de l'environnement, de l'am\u00e9nagement et du  \nlogement de la r\u00e9gion Bourgogne-Franche-Comt\u00e9 et toutes dispositions ant\u00e9rieures  \ncontraires au pr\u00e9sent arr\u00eat\u00e9 sont abrog\u00e9s\nArticle 2 : D\u00e9l\u00e9gation de signature est donn\u00e9e pour le d\u00e9partement de la C\u00f4te d'Or \u00e0 M \nFran\u00e7ois VILLEREZ, directeur r\u00e9gional  de l'environnement, de l'am\u00e9nagement et du  \nlogement de la r\u00e9gion Bourgogne-Franche-Comt\u00e9, pour toutes les d\u00e9cisions et tous les \ndocuments relevant de ses attributions dans les domaines d'activit\u00e9 \u00e9num\u00e9r\u00e9s ci-\ndessous\u00a0:\nI- Police de l'environnement  \u00a0  :      \na. Installations class\u00e9es pour la protection de l'environnement\n\uf0b7 Pour les \u00e9tablissements soumis \u00e0 la proc\u00e9dure d'autorisation environnementale \ndu chapitre unique du titre VIII du livre I du code de l'environnement,  les \ndocuments li\u00e9s \u00e0 cette proc\u00e9dure , notamment dans le cadre de l'instruction  \nd'une  demande  d'autorisation  environnementale,  sa  mise  en  \u0153uvre,  les  \nmutations et cessations d'activit\u00e9, \u00e0 l'exclusion de\u00a0:\no Consultation  du  conseil  municipal  des  communes  sur  le  territoire  \ndesquelles se situe le projet et des autres collectivit\u00e9s territoriales, ainsi  \nque leurs groupements, pr\u00e9vue \u00e0 l'article R.\u00a0181-18\u00a0;\no Rejet de la demande pr\u00e9vue \u00e0 l'article R. 181-34\u00a0;\no Documents li\u00e9s \u00e0 l'enqu\u00eate publique pr\u00e9vue aux articles R. 181-35 \u00e0  \nR.\u00a0181-38\u00a0;\no Transmissions  et  sollicitations  de  la  commission  ou  du  conseil  \ncomp\u00e9tents, pr\u00e9vues aux articles R.\u00a0181-39 et R.\u00a0181-45\u00a0;\no D\u00e9cision (autorisation ou refus) prise sur la demande pr\u00e9vue \u00e0 l'article  \nR.\u00a0181-41\u00a0;\no Notification et publicit\u00e9 de la d\u00e9cision, pr\u00e9vues \u00e0 l'article R.\u00a0181-44\u00a0;\no Prise de prescription compl\u00e9mentaire ou modification de l'autorisation  \npar arr\u00eat\u00e9 pr\u00e9fectoral pr\u00e9vues \u00e0 l'article R. 181-45 et au II de l'article  \nR.\u00a0181-46\u00a0;\no Publicit\u00e9 de l'arr\u00eat\u00e9 pr\u00e9fectoral compl\u00e9mentaire, pr\u00e9vue \u00e0 l'article R.\u00a0181-\n45\u00a0;\no Refus de transfert d'autorisation, pr\u00e9vu \u00e0 l'article R.\u00a0181-47\u00a0;\no D\u00e9livrance du r\u00e9c\u00e9piss\u00e9 de notification de la date d'arr\u00eat d\u00e9finitif des  \ninstallations, pr\u00e9vu \u00e0 l'article R.\u00a0512-39-1\u00a0;\no D\u00e9cision de subordonner la remise en service d'une installation apr\u00e8s un \nincident \u00e0 une nouvelle autorisation, pr\u00e9vue \u00e0 l'article R 521-70.\n\uf0b7 Pour les \u00e9tablissements soumis \u00e0 la proc\u00e9dure d'enregistrement du chapitre II  \ndu titre Ier du livre V du code de l'environnement, tous documents attach\u00e9s \u00e0  \nPr\u00e9fecture de la C\u00f4te-d'Or - 21-2026-04-27-00027 - Arr\u00eat\u00e9 pr\u00e9fectoral n\u00b0\u00a0793 /SG du  27 avril 2026 donnant d\u00e9l\u00e9gation de signature \u00e0\nMonsieur Fran\u00e7ois VILLEREZ, directeur r\u00e9gional de l'environnement, de l'am\u00e9nagement et du logement en r\u00e9gion\nBourgogne-Franche-Comt\u00e9 \nconcernant la comp\u00e9tence d\u00e9partementale\n89\nl'instruction des demandes d'enregistrement dans toutes ses phases, \u00e0 leurs  \nmises en \u0153uvre, aux mutations et cessations d'activit\u00e9, \u00e0 l'exclusion de\u00a0:\no Documents li\u00e9s \u00e0 la phase de consultations pr\u00e9vue aux articles R. 512-46-\n11 \u00e0 15\u00a0;\no Transmissions,  informations  et  sollicitation  de  la  commission  ou  du  \nconseil comp\u00e9tents, pr\u00e9vu aux articles R. 512-46-17 et R.\u00a0512-46-22\u00a0;\no D\u00e9cision prise sur la demande (enregistrement ou refus) pr\u00e9vue \u00e0 l'article \nR.\u00a0512-46-18 dans les formes pr\u00e9vues \u00e0 l'article R.\u00a0512-46-19\u00a0;\no D\u00e9cision prise (soumission \u00e0 \u00e9valuation environnementale) pr\u00e9vue aux  \narticles L.\u00a0512-7-2 et R.\u00a0512-46-9\u00a0;\no Prise  de  prescription  compl\u00e9mentaire  ou  modification  de  \nl'enregistrement  et,  le  cas  \u00e9ch\u00e9ant,  sollicitation  de  la  commission  \ncomp\u00e9tente pr\u00e9vue \u00e0 l'article R.\u00a0512-46-22\u00a0;\no Notification et publicit\u00e9 de la d\u00e9cision, pr\u00e9vues aux articles R. 512-46-19 \net R.\u00a0512-46-24\u00a0;\no D\u00e9livrance du r\u00e9c\u00e9piss\u00e9 de la notification de date d'arr\u00eat d\u00e9finitif des  \ninstallations, pr\u00e9vu \u00e0 l'article\u00a0R.\u00a0512-46-25\no D\u00e9cision de subordonner la remise en service d'une installation apr\u00e8s un \nincident \u00e0 un nouvel enregistrement, pr\u00e9vue \u00e0 l'article R 521-70.\nb. Pr\u00e9vention des risques et nuisances\n\uf0b7 Mines et s\u00e9curit\u00e9 dans les carri\u00e8res souterraines\u00a0;\n\uf0b7 D\u00e9p\u00f4ts permanents d'explosifs\u00a0;\n\uf0b7 Recherche et exploitation d'hydrocarbures\u00a0;\n\uf0b7 Eaux min\u00e9rales\u00a0;\n\uf0b7 Stockage souterrain d'hydrocarbures liquides ou liqu\u00e9fi\u00e9s, de gaz et de produits \nchimiques\u00a0;\n\uf0b7 Canalisations  de  transport  et  de  distribution  de  fluides  sous  pression  (gaz \nnaturel, hydrocarbures liquides ou liqu\u00e9fi\u00e9s, produits chimiques, vapeur d'eau, \neau surchauff\u00e9e), y compris l'habilitation des agents de la DREAL pour effectuer \nles contr\u00f4les et constatations relatifs \u00e0 la surveillance et \u00e0 la s\u00e9curit\u00e9 de ces  \ncanalisations\u00a0;\n\uf0b7 \u00c9quipements sous pression\u00a0;\n\uf0b7 Surveillance et contr\u00f4le des transferts transfrontaliers de d\u00e9chets\u00a0;\n\uf0b7 Secteurs d'information sur les sols : organisation des consultations pr\u00e9vues aux \narticles R. 125-44 et R. 125-47 du code de l'environnement.\nc. Exercice des pouvoirs de police administrative pour les installations class\u00e9es \npour  la  protection  de  l'environnement,  la  gestion  des  d\u00e9chets  les  \n\u00e9quipements sous pression, les canalisations\u00a0et les ouvrages hydrauliques\n\uf0b7 Contradictoires concernant les suites propos\u00e9es pour les suites d'exploitation  \nill\u00e9gale et/ou d'exploitation pr\u00e9sentant des non-conformit\u00e9s\u00a0dont notamment \nl'article L. 171-7 , L .171-8 et L. 541-3 du code de l'environnement ;\n\uf0b7 Demandes  d'\u00e9mission  des  titres  de  perception  pour  le  recouvrement  des  \nsanctions  administratives  prises  en  vertu  de  l'article  L. \u00a0171-8  du  code  de  \nPr\u00e9fecture de la C\u00f4te-d'Or - 21-2026-04-27-00027 - Arr\u00eat\u00e9 pr\u00e9fectoral n\u00b0\u00a0793 /SG du  27 avril 2026 donnant d\u00e9l\u00e9gation de signature \u00e0\nMonsieur Fran\u00e7ois VILLEREZ, directeur r\u00e9gional de l'environnement, de l'am\u00e9nagement et du logement en r\u00e9gion\nBourgogne-Franche-Comt\u00e9 \nconcernant la comp\u00e9tence d\u00e9partementale\n90\nl'environnement,  en  vertu  de  la  r\u00e9glementation  s'appliquant  aux  ICPE,  \n\u00e9quipements sous pression, canalisations\u00a0et ouvrages hydrauliques ;\nd. \u00c9nergie et qualit\u00e9 de l'air\n\uf0b7 Production, transport et distribution du gaz ainsi que production et transport  \nde l'\u00e9lectricit\u00e9\u00a0;\n\uf0b7 Utilisation de l'\u00e9nergie, y compris l'habilitation des agents de la DREAL pour  \neffectuer les contr\u00f4les et constatations s'y rapportant\u00a0;\n\uf0b7 Contr\u00f4le des \u00e9missions de gaz \u00e0 effet de serre\u00a0;\n\uf0a7 D\u00e9livrance des certificats d'\u00e9conomie d'\u00e9nergie.\nII Transports  \u00a0  :  \n\uf0b7 r\u00e9ception  \u00e0  titre  isol\u00e9  de  v\u00e9hicules,  identification  et  \u00e9tablissement  \nd'attestations de v\u00e9rification des donn\u00e9es techniques au titre du code de la route\u00a0;\n\uf0b7 contr\u00f4le technique p\u00e9riodique des v\u00e9hicules l\u00e9gers et lourds et des v\u00e9hicules de \ncat\u00e9gorie L\u00a0;\n\u25e6 gestion des agr\u00e9ments des contr\u00f4leurs et des installations de contr\u00f4le  \n(d\u00e9livrance, suspension, retrait, annulation, recours gracieux)\u00a0;\n\u25e6 d\u00e9rogations \u00e0 la limitation d'activit\u00e9 selon les dispositions du II de l'article \nR.\u00a0323-15 du code de la route\u00a0;\n\u25e6 d\u00e9cisions de prescription de contr\u00f4les techniques suppl\u00e9mentaires selon \nles dispositions de 14 de l'arr\u00eat\u00e9 du 27 juillet 2004 relatif au contr\u00f4le  \ntechnique des v\u00e9hicules lourds\u00a0;\n\u25e6 d\u00e9signation des experts en charge des visites techniques annuelles des  \npetits trains routiers touristiques selon les dispositions de l'article 7 de  \nl'arr\u00eat\u00e9 du 22 janvier 2015 susvis\u00e9\u00a0;\n\uf0b7 autorisation ou retrait d'autorisation de mise en circulation de v\u00e9hicule de  \nd\u00e9pannage\u00a0;\n\uf0b7 d\u00e9livrance  et  retrait  des  autorisations  relatives  aux  dispositifs  sp\u00e9ciaux  de \nsignalisation des v\u00e9hicules d'intervention.\nIII. Contr\u00f4le de la s\u00e9curit\u00e9 des ouvrages hydrauliques  \u00a0  :  \na. Dispositions  communes  aux  ouvrages  autoris\u00e9s  au  titre  du  code  de  \nl'environnement et aux barrages conc\u00e9d\u00e9s au titre du code de l'\u00e9nergie\u00a0:\n\uf0b7 d\u00e9cision de demande d'\u00e9tudes compl\u00e9mentaires ou nouvelles pour d\u00e9finir les  \nhypoth\u00e8ses  des  \u00e9tudes  de  dangers  (III  de  l'article  R. \u00a0214-117  du  code  de \nl'environnement)\u00a0;\n\uf0b7 d\u00e9cision de transmission de document pour autres classes pour les travaux  \nsubstantiels (III de l'article R.\u00a0214-119 du code de l'environnement)\u00a0;\n\uf0b7 autorisation  ou  refus  d'autorisation  de  d\u00e9roger  \u00e0  l'obligation  de  dispositif \nd'auscultation (article R.\u00a0214-124 du code de l'environnement)\u00a0;\nPr\u00e9fecture de la C\u00f4te-d'Or - 21-2026-04-27-00027 - Arr\u00eat\u00e9 pr\u00e9fectoral n\u00b0\u00a0793 /SG du  27 avril 2026 donnant d\u00e9l\u00e9gation de signature \u00e0\nMonsieur Fran\u00e7ois VILLEREZ, directeur r\u00e9gional de l'environnement, de l'am\u00e9nagement et du logement en r\u00e9gion\nBourgogne-Franche-Comt\u00e9 \nconcernant la comp\u00e9tence d\u00e9partementale\n91\n\uf0b7 d\u00e9cision de transmission d'un rapport suite \u00e0 la d\u00e9claration d'un \u00e9v\u00e9nement  \nint\u00e9ressant  la  s\u00fbret\u00e9  hydraulique  (EISH)  (article  R.  214-125  du  code  de  \nl'environnement)\u00a0;\n\uf0b7 d\u00e9cision de fournir des pi\u00e8ces compl\u00e9mentaires pour les travaux substantiels  \neffectu\u00e9s sur les barrages de classe B et C (III de l'article R. 214-119 du code de  \nl'environnement)\u00a0;\nb. Dispositions sp\u00e9cifiques aux barrages conc\u00e9d\u00e9s au titre du code de l'\u00e9nergie\u00a0:\n\uf0b7 autorisation de travaux d'entretien et de grosses r\u00e9parations (article R.\u00a0521-38 du \ncode de l'\u00e9nergie).\nIV. Protection de l'environnement :\na. Protection des esp\u00e8ces de faune et de flore sauvages\n\uf0b7 mise en \u0153uvre de la convention sur le commerce international des esp\u00e8ces de \nfaune et flore sauvages menac\u00e9es d'extinction r\u00e9git par les dispositions des r\u00e8glements \n(CE) n\u00b0 338-97 et n\u00b0939/97 ainsi que l'arr\u00eat\u00e9 minist\u00e9riel du 30 juin 1998.\n\uf0b7 d\u00e9tention et utilisation d'\u00e9caille de tortues marines des esp\u00e8ces Eretmochelys  \nimbricata et Chelonia mydas, par des fabricants ou restaurateurs d'objets qui en sont \ncompos\u00e9s,\n\uf0b7 d\u00e9tention et utilisation d'ivoire d'\u00e9l\u00e9phant, par des fabricants ou restaurateurs \nd'objets qui en sont compos\u00e9s,\n\uf0b7  transport de sp\u00e9cimens d'esp\u00e8ces animales qui sont simultan\u00e9ment inscrites  \ndans les annexes du r\u00e8glement (CE) n\u00b0 338-97 sus-vis\u00e9 et prot\u00e9g\u00e9es au niveau national \npar les arr\u00eat\u00e9s pris pour l'application des articles L. 411-1 et L. 411-2 du Code de  \nl'environnement,\n\uf0b7 mise en \u0153uvre de la r\u00e9glementation relative aux esp\u00e8ces prot\u00e9g\u00e9es, d\u00e9finie au \nL411-1, L411-2 et L411-2-1 du Code de l'environnement, en application de l'arr\u00eat\u00e9 du 19 \nf\u00e9vrier 2007 , en dehors des d\u00e9cisions relatives aux autorisations environnementales\u00a0:\n\uf0b7 d\u00e9cisions relatives au transport en vue de rel\u00e2cher dans la nature de sp\u00e9cimens \nd'esp\u00e8ces animales prot\u00e9g\u00e9es,\n\uf0b7 d\u00e9cisions relatives \u00e0 la capture ou l'enl\u00e8vement, la destruction, la perturbation \nintentionnelle de sp\u00e9cimens d'esp\u00e8ces animales prot\u00e9g\u00e9es,\n\uf0b7 d\u00e9cisions relatives \u00e0 la destruction, l'alt\u00e9ration ou la d\u00e9gradation de sites de  \nreproduction ou d'aires de repos d'animaux, d'esp\u00e8ces animales prot\u00e9g\u00e9es,\n\uf0b7 d\u00e9cisions  relatives  \u00e0  la  destruction,  la  coupe,  l'arrachage,  la  cueillette,  \nl'enl\u00e8vement de tout ou partie des sp\u00e9cimens sauvages d'esp\u00e8ces v\u00e9g\u00e9tales  \nprot\u00e9g\u00e9es,\n\uf0b7 d\u00e9cisions relatives \u00e0 l'utilisation, la mise en vente ou l'achat de sp\u00e9cimens  \nd'animaux ou de v\u00e9g\u00e9taux d'esp\u00e8ces prot\u00e9g\u00e9es,\n\uf0b7 d\u00e9cisions  relatives  \u00e0  la  destruction  d'animaux  appartenant  aux  esp\u00e8ces  \nprot\u00e9g\u00e9es et pouvant causer des atteintes graves \u00e0 la s\u00e9curit\u00e9 a\u00e9rienne dans les \nlieux o\u00f9 celle-ci est menac\u00e9e, conform\u00e9ment \u00e0 l'article R427-5 du Code de  \nl'environnement.\nPr\u00e9fecture de la C\u00f4te-d'Or - 21-2026-04-27-00027 - Arr\u00eat\u00e9 pr\u00e9fectoral n\u00b0\u00a0793 /SG du  27 avril 2026 donnant d\u00e9l\u00e9gation de signature \u00e0\nMonsieur Fran\u00e7ois VILLEREZ, directeur r\u00e9gional de l'environnement, de l'am\u00e9nagement et du logement en r\u00e9gion\nBourgogne-Franche-Comt\u00e9 \nconcernant la comp\u00e9tence d\u00e9partementale\n92\nb.  Inventaires, \u00e9tudes et travaux\nAutorisations de p\u00e9n\u00e9trer ou d'occuper temporairement un terrain dans les propri\u00e9t\u00e9s \npriv\u00e9es situ\u00e9es sur le territoire du d\u00e9partement de la C\u00f4te-d'Or.\nCes autorisations pourront \u00eatre accord\u00e9es aux personnels de la direction r\u00e9gionale de \nl'environnement, de l'am\u00e9nagement et du logement de Bourgogne-Franche-Comt\u00e9,  \nainsi qu'\u00e0 ceux des entreprises auxquelles ledit service aura d\u00e9l\u00e9gu\u00e9 ses droits pour  \nintervenir ou mener des \u00e9tudes. \u00c0 cet effet, ils pourront y installer des bornes, des  \nbalises, des rep\u00e8res ou des signaux, y ex\u00e9cuter ces ouvrages temporaires et autres  \ntravaux rendus indispensables pour la r\u00e9alisation de la mission pour laquelle ils auront \n\u00e9t\u00e9 autoris\u00e9s.\nLes formalit\u00e9s prescrites par la loi du 29 d\u00e9cembre 1892 et par la loi n\u00b0 43-374 du  \n6\u00a0juillet 1943 auxquelles sont soumises les autorisations de p\u00e9n\u00e9trer ou d'occuper  \ntemporairement un terrain dans les propri\u00e9t\u00e9s priv\u00e9es devront \u00eatre int\u00e9gralement  \nreprises dans ces d\u00e9cisions. Ces derni\u00e8res feront l'objet d'arr\u00eat\u00e9s pr\u00e9fectoraux qui  \nseront publi\u00e9s au recueil des actes administratifs de la pr\u00e9fecture de la C\u00f4te-d'Or.\nArticle  3:  La  pr\u00e9sente  d\u00e9l\u00e9gation  n'inclut  pas  les  actes  relatifs  \u00e0  l'administration \ndomaniale (acquisitions, cessions, prises \u00e0 bail et renouvellement) ni ceux relatifs aux  \nop\u00e9rations de recrutement des personnels statutaires.\nSont en outre except\u00e9es de la pr\u00e9sente d\u00e9l\u00e9gation\u00a0:\n\uf0b7 les d\u00e9cisions qui mettent en jeu le pouvoir de contr\u00f4le de l'\u00c9tat vis-\u00e0-vis des  \ncollectivit\u00e9s locales\u00a0;\n\uf0b7 les d\u00e9cisions qui font intervenir une proc\u00e9dure d'enqu\u00eate publique instruite \npar les services de la pr\u00e9fecture\u00a0;\n\uf0b7 les courriers adress\u00e9s aux parlementaires, au pr\u00e9sident du conseil r\u00e9gional, au \npr\u00e9sident du conseil g\u00e9n\u00e9ral et aux pr\u00e9sidents d'\u00e9tablissements publics de  \ncoop\u00e9ration intercommunale (EPCI).\nLes sous-pr\u00e9fets territorialement comp\u00e9tents seront inform\u00e9s des courriers adress\u00e9s  \naux maires, d\u00e8s lors qu'il ne s'agit pas d'\u00e9change portant sur des dossiers techniques  \ncourants.\nArticle 4: Conform\u00e9ment aux dispositions de l'article 44 III du d\u00e9cret n\u00b0 2004-374 du  \n29\u00a0avril 2004 susvis\u00e9, M Fran\u00e7ois VILLEREZ peut subd\u00e9l\u00e9guer sa signature aux agents de \nl'\u00c9tat plac\u00e9s sous son autorit\u00e9 pour signer les actes relatifs aux affaires \u00e9num\u00e9r\u00e9es au  \npr\u00e9sent arr\u00eat\u00e9. \nCette subd\u00e9l\u00e9gation prendra la forme d'une d\u00e9cision notifi\u00e9e aux agents et publi\u00e9e au \nrecueil des actes administratifs de la pr\u00e9fecture de la C\u00f4te-d'Or, dont copie me sera  \nadress\u00e9e.\nArticle 5:Le secr\u00e9taire g\u00e9n\u00e9ral de la pr\u00e9fecture de la C\u00f4te-d'Or et le directeur r\u00e9gional \nde l'environnement, de l'am\u00e9nagement et du logement, sont charg\u00e9s, chacun pour ce \nqui le concerne, de l'ex\u00e9cution du pr\u00e9sent arr\u00eat\u00e9 qui sera publi\u00e9 au recueil des actes  \nadministratifs de la pr\u00e9fecture de la C\u00f4te-d'Or.\nPr\u00e9fecture de la C\u00f4te-d'Or - 21-2026-04-27-00027 - Arr\u00eat\u00e9 pr\u00e9fectoral n\u00b0\u00a0793 /SG du  27 avril 2026 donnant d\u00e9l\u00e9gation de signature \u00e0\nMonsieur Fran\u00e7ois VILLEREZ, directeur r\u00e9gional de l'environnement, de l'am\u00e9nagement et du logement en r\u00e9gion\nBourgogne-Franche-Comt\u00e9 \nconcernant la comp\u00e9tence d\u00e9partementale\n93\nFait \u00e0 Dijon, le  27/04/2026\nLa pr\u00e9f\u00e8te,\nORIGINAL SIGNE PAR\nViolaine DEMARET\nVoies et d\u00e9lais de recours\nLa pr\u00e9sente d\u00e9cision peut faire l'objet d'un recours contentieux, aupr\u00e8s du tribunal administratif \nde Dijon, 22 rue d'Assas \u2013 B.P. 61616 \u2013 21 016 DIJON CEDEX dans un d\u00e9lai de deux (2) mois \n\u00e0 compter de la publication de la d\u00e9cision.\nDans le m\u00eame d\u00e9lai de 2 mois, un recours gracieux peut . Le silence gard\u00e9 par l'administration \npendant plus deux mois sur la demande de recours gracieux emporte d\u00e9cision implicite de rejet \nde cette demande, conform\u00e9ment \u00e0 l'article R. 421-2 du  de justice administrative. Celui-ci  \nprolonge le d\u00e9lai de recours contentieux qui doit \u00eatre introduit dans les 2  mois suivant la  \nr\u00e9ponse.\nLe tribunal administratif peut \u00eatre saisi par un recours d\u00e9pos\u00e9 via l'application T\u00e9l\u00e9recours  \ncitoyens accessible par le site internet : www.telerecours.fr\nPr\u00e9fecture de la C\u00f4te-d'Or - 21-2026-04-27-00027 - Arr\u00eat\u00e9 pr\u00e9fectoral n\u00b0\u00a0793 /SG du  27 avril 2026 donnant d\u00e9l\u00e9gation de signature \u00e0\nMonsieur Fran\u00e7ois VILLEREZ, directeur r\u00e9gional de l'environnement, de l'am\u00e9nagement et du logement en r\u00e9gion\nBourgogne-Franche-Comt\u00e9 \nconcernant la comp\u00e9tence d\u00e9partementale\n94\nPr\u00e9fecture de la C\u00f4te-d'Or\nDirection de la coordination, des politiques\npubliques et de l'appui territorial\n21-2026-04-27-00010\nD\u00e9cision 781 du 27 avril 2026 de nomination du\nd\u00e9l\u00e9gu\u00e9 adjoint et de d\u00e9l\u00e9gation de signature\n du d\u00e9l\u00e9gu\u00e9 de l'Agence \u00e0 l'un ou plusieurs de ses\ncollaborateurs\nPr\u00e9fecture de la C\u00f4te-d'Or - 21-2026-04-27-00010 - D\u00e9cision 781 du 27 avril 2026 de nomination du d\u00e9l\u00e9gu\u00e9 adjoint et de d\u00e9l\u00e9gation\nde signature\n du d\u00e9l\u00e9gu\u00e9 de l'Agence \u00e0 l'un ou plusieurs de ses collaborateurs\n95\nAgencenationale anahdel'habitat\nD\u00e9cision de nomination du d\u00e9l\u00e9gu\u00e9 adjoint et de d\u00e9l\u00e9gation de signature\n du d\u00e9l\u00e9gu\u00e9 de l'Agence \u00e0 l'un ou plusieurs de ses collaborateurs\n \nDECISION n\u00b026/01 _ 781 du 27 avril 2026\nMadame Violaine DEMARET, pr\u00e9f\u00e8te de la C\u00f4te-d-Or, d\u00e9l\u00e9gu\u00e9e de l'Anah dans le d\u00e9partement de C\u00f4te-d'Or, en  \nvertu des dispositions de l'article L. 321-1 du code de la construction et de l'habitation. \nDECIDE :\nArticle 1  er   : \nMme Manuelle DUPUY , titulaire du grade d' ing\u00e9nieure en chef des ponts, des eaux et des for\u00eats, directrice  \nd\u00e9partementale des territoires est nomm\u00e9e d\u00e9l\u00e9gu\u00e9e adjointe de l'Anah.\nArticle 2 : \nD\u00e9l\u00e9gation permanente est donn\u00e9e \u00e0 M me Manuelle DUPUY , d\u00e9l\u00e9gu\u00e9e adjointe, \u00e0 effet de signer les actes et  \ndocuments suivants  :\nPour l'ensemble du d\u00e9partement     :  \n- tous actes et documents administratifs relatifs \u00e0 l'instruction des demandes de subvention, \u00e0 l'attribution  \ndes subventions ou au rejet des demandes, au retrait, \u00e0 l'annulation et au reversement des subventions  \naux b\u00e9n\u00e9ficiaires mentionn\u00e9s aux III de l'article R. 321-12 du code de la construction et de l'habitation  \n(humanisation  des  structures  d'h\u00e9bergement)  dont  la  liquidation  et  l'ordonnancement  des  d\u00e9penses  \nengag\u00e9es et la liquidation des recettes constat\u00e9es relatives \u00e0 l'attribution de ces subventions ;\n- tous actes relatifs \u00e0 l'instruction des demandes de subvention des b\u00e9n\u00e9ficiaires mentionn\u00e9s aux IV et V de  \nl'article  R.  321-12  du  code  de  la  construction  et  de  l'habitation  (RHI-THIRORI),  \u00e0  l'instruction  des  \ndemandes d'acomptes et leur liquidation ainsi qu'\u00e0 l'instruction des demandes de versement du solde de  \nla subvention ;\n- tous  actes  et  documents  administratifs  relatifs  aux  missions  confi\u00e9es  \u00e0  l'Agence  aux  termes  des  \nconventions  sign\u00e9es  pour  la  gestion  par  l'Anah  des  aides  propres  des  collectivit\u00e9s  territoriales  en  \napplication de l'article L. 312-2-1 du code de la construction et de l'habitation dont la liquidation et  \nl'ordonnancement des d\u00e9penses engag\u00e9es et la liquidation des recettes constat\u00e9es relatives \u00e0 l'attribution  \nde ces subventions  ;\n- la d\u00e9signation des agents charg\u00e9s du contr\u00f4le mandat\u00e9s pour effectuer des contr\u00f4les sur place ;\n- tous actes et documents administratifs, notamment d\u00e9cision d'agr\u00e9ment ou de rejet, relatifs \u00e0 l'instruction  \ndes demandes d'habilitation d'op\u00e9rateurs d'AMO ;\n- le rapport annuel d'activit\u00e9 ;\n- apr\u00e8s avis du d\u00e9l\u00e9gu\u00e9 de l'Agence dans la r\u00e9gion, les conventions pour la gestion des aides \u00e0 l'habitat  \npriv\u00e9 pr\u00e9vues \u00e0 l'article L. 321-1-1 du code de la construction et de l'habitation ainsi que les avenants aux  \nconventions en cours.\nPour les territoires couverts par une convention sign\u00e9e en application de l'article L. 321-1-1 du code de la  \nconstruction et de l'habitation (en d\u00e9l\u00e9gation de comp\u00e9tence pour l'attribution des aides \u00e0 la pierre)     :  \n \nPr\u00e9fecture de la C\u00f4te-d'Or - 21-2026-04-27-00010 - D\u00e9cision 781 du 27 avril 2026 de nomination du d\u00e9l\u00e9gu\u00e9 adjoint et de d\u00e9l\u00e9gation\nde signature\n du d\u00e9l\u00e9gu\u00e9 de l'Agence \u00e0 l'un ou plusieurs de ses collaborateurs\n96\n- tous  actes  et  documents  administratifs  relatifs  aux  missions  confi\u00e9es  \u00e0  l'Agence  aux  termes  des  \nconventions sign\u00e9es en application des articles L. 301-5-1, L. 301-5-2 et L. 321-1-1 du code de la  \nconstruction et de l'habitation ;\n- tous actes et documents administratifs relatifs au retrait, \u00e0 l'annulation et le cas \u00e9ch\u00e9ant au reversement  \ndes subventions aux b\u00e9n\u00e9ficiaires mentionn\u00e9s aux I et II de l'article R. 321-12 du code de la construction  \net de l'habitation, dans la limite des comp\u00e9tences du d\u00e9l\u00e9gu\u00e9 telles que d\u00e9finies par les r\u00e8gles en vigueur,  \npour les dossiers ayant fait l'objet d'une attribution de subvention ant\u00e9rieurement \u00e0 l'entr\u00e9e en vigueur de  \nla convention sign\u00e9e en application de l'article L. 321-1-1.\nArticle 3 :\nConcernant  le  conventionnement  des  logements  au  titre  des  articles  L.  321-4  et  L.  321-8  du  code  de  la \nconstruction et de l'habitation, d\u00e9l\u00e9gation permanente est donn\u00e9e \u00e0 Mme Manuelle DUPUY, d\u00e9l\u00e9gu\u00e9e adjointe, \u00e0  \neffet de signer les actes et documents suivants : \nPour les territoires couverts par une convention sign\u00e9e en application de l'article L. 321-1-1 du code de la  \nconstruction et de l'habitation, sous r\u00e9serve des comp\u00e9tences relatives au conventionnement sans travaux  \nd\u00e9volues au d\u00e9l\u00e9gataire de comp\u00e9tence dans les conditions pr\u00e9vues dans la convention de gestion  :  \n1) les conventions qui concernent des logements ne faisant pas l'objet d'une subvention de l'Anah ainsi  \nque leur prorogation ou r\u00e9siliation. Le document r\u00e9capitulant les engagements du bailleur est sign\u00e9 dans \nles m\u00eames conditions que celles relatives \u00e0 la convention s'y rapportant.\n2) tous documents aff\u00e9rant \u00e0 ces conventions, dans le cadre de l'instruction pr\u00e9alable \u00e0 leur conclusion,  \nleur prorogation ou leur r\u00e9siliation ainsi que toutes demandes de renseignements aupr\u00e8s des bailleurs  \nayant conclu une convention au titre de l'article L. 321-4 ou L. 321-8 du code de la construction et de  \nl'habitation. \n3) de fa\u00e7on g\u00e9n\u00e9rale, pour les besoins du contr\u00f4le et dans les conditions pr\u00e9vues \u00e0 l'article R. 321-29, tous \nles documents relevant de missions de v\u00e9rification, de contr\u00f4le et d'information li\u00e9es au respect des  \nengagements contractuels et au plein exercice du contr\u00f4le de l'Agence.\nArticle 4 : \nLa pr\u00e9sente d\u00e9cision sera adress\u00e9e :- \u00e0 M. le pr\u00e9sident de Dijon M\u00e9tropole\n-\u00e0 Mme la directrice g\u00e9n\u00e9rale de l'Anah, \u00e0 l'attention de M. le directeur g\u00e9n\u00e9ral adjoint en charge des fonctions  \nsupport ;-\u00e0 M. l'agent comptable de l'Anah ;\nFait \u00e0 DIJON, le 27/04/2026\n \nLa pr\u00e9f\u00e8te,\n   D\u00e9l\u00e9gu\u00e9e de l'ANAH,\nORIGINAL SIGNE PAR\nViolaine DEMARET\nVoies et d\u00e9lais de recours\nLa pr\u00e9sente d\u00e9cision peut faire l'objet d'un recours contentieux, aupr\u00e8s du tribunal administratif de  \nDijon, 22 rue d'Assas \u2013 B.P. 61616 \u2013 21 016 DIJON CEDEX dans un d\u00e9lai de deux (2) mois \u00e0 compter \nde la publication de la d\u00e9cision.\nDans le m\u00eame d\u00e9lai de 2  mois, un recours gracieux peut . Le silence gard\u00e9 par l'administration  \npendant plus deux mois sur la demande de recours gracieux emporte d\u00e9cision implicite de rejet de  \ncette demande, conform\u00e9ment \u00e0 l'article R. 421-2 du  de justice administrative. Celui-ci prolonge le  \nd\u00e9lai de recours contentieux qui doit \u00eatre introduit dans les 2 mois suivant la r\u00e9ponse.\nLe tribunal administratif peut \u00eatre saisi par un recours d\u00e9pos\u00e9 via l'application T\u00e9l\u00e9recours citoyens  \naccessible par le site internet : www.telerecours.fr\n \nPr\u00e9fecture de la C\u00f4te-d'Or - 21-2026-04-27-00010 - D\u00e9cision 781 du 27 avril 2026 de nomination du d\u00e9l\u00e9gu\u00e9 adjoint et de d\u00e9l\u00e9gation\nde signature\n du d\u00e9l\u00e9gu\u00e9 de l'Agence \u00e0 l'un ou plusieurs de ses collaborateurs\n97\nPr\u00e9fecture de la C\u00f4te-d'Or\nP\u00f4le juridique inter-services\n21-2026-04-27-00034\n ARRETE PREFECTORAL n\u00b0   800  / SG du  27 avril\n2026   donnant d\u00e9l\u00e9gation de signature \u00e0 Mr\nJean-Luc BRENNER, administrateur de l'\u00c9tat du\ngrade transitoire, directeur r\u00e9gional des finances\npubliques de Bourgogne-Franche-Comt\u00e9 et du\nd\u00e9partement de la C\u00f4te-d'Or pour la\ncommunication des \u00e9tats pr\u00e9vus au code g\u00e9n\u00e9ral\ndes collectivit\u00e9s territoriales\nPr\u00e9fecture de la C\u00f4te-d'Or - 21-2026-04-27-00034 -  ARRETE PREFECTORAL n\u00b0   800  / SG du  27 avril 2026   donnant d\u00e9l\u00e9gation de\nsignature \u00e0 Mr Jean-Luc BRENNER, administrateur de l'\u00c9tat du grade transitoire, directeur r\u00e9gional des finances publiques de\nBourgogne-Franche-Comt\u00e9 et du d\u00e9partement de la C\u00f4te-d'Or pour la communication des \u00e9tats pr\u00e9vus au code g\u00e9n\u00e9ral des\ncollectivit\u00e9s territoriales\n98\nPREFETEDELACOTE-D'ORLibert\u00e9Egalit\u00e9Fraternit\u00e9\nARRETE PREFECTORAL n\u00b0   800  / SG du  27 avril 2026                      \ndonnant d\u00e9l\u00e9gation de signature \u00e0 Mr Jean-Luc BRENNER, administrateur de l'\u00c9tat du \ngrade transitoire, directeur r\u00e9gional des finances publiques de Bourgogne-Franche-\nComt\u00e9 et du d\u00e9partement de la C\u00f4te-d'Or pour la communication des \u00e9tats pr\u00e9vus au \ncode g\u00e9n\u00e9ral des collectivit\u00e9s territoriales\nLa pr\u00e9f\u00e8te de la C\u00f4te-d'Or\nVU les articles D.1612-1 \u00e0 D.1612-5 du code g\u00e9n\u00e9ral des collectivit\u00e9s territoriales ;\nVU le d\u00e9cret n\u00b0 2004-374 du 29 avril 2004 relatif aux pouvoirs des pr\u00e9fets, \u00e0 l'organisation et  \n\u00e0 l'action des services de l'\u00c9tat dans les r\u00e9gions et d\u00e9partements, modifi\u00e9 par le d\u00e9cret n\u00b0  \n2010-146 du 16 f\u00e9vrier 2010 et par le d\u00e9cret n\u00b0 2010-687 du 24 juin 2010 ;\nVU le d\u00e9cret n\u00b0 2009-176 du 16 f\u00e9vrier 2009 modifiant le d\u00e9cret n\u00b0 64-805 du 29  juillet 1964 \nfixant les dispositions r\u00e9glementaires applicables aux pr\u00e9fets et le d\u00e9cret n\u00b0  2004-374 du 29 \navril 2004 relatif aux pouvoirs des pr\u00e9fets, \u00e0 l'organisation et \u00e0 l'action des services de l'\u00c9tat  \ndans les r\u00e9gions et d\u00e9partements ;\nVU le  d\u00e9cret  du  8  avril  2026  nommant  Mme  Violaine  DEMARET,  pr\u00e9f\u00e8te  de  la  r\u00e9gion  \nBourgogne-Franche-Comt\u00e9, pr\u00e9f\u00e8te de la C\u00f4te-d'Or.\nVU le d\u00e9cret du 16 avril 2026 par lequel Mr Jean-Luc BRENNER, administrateur de l'\u00c9tat du \ngrade transitoire, est nomm\u00e9 directeur r\u00e9gional des finances publiques de Bourgogne-Franche-\nComt\u00e9 et du d\u00e9partement de la C\u00f4te-d'Or, \nVU l'arr\u00eat\u00e9 pr\u00e9fectoral n \u00b0263 / SG du 4 f\u00e9vrier 2026 donnant d\u00e9l\u00e9gation de signature \u00e0 Mr  \nEtienne LEPAGE, administrateur de l'\u00c9tat du 2\u00e8me grade, charg\u00e9 de l'int\u00e9rim de la direction  \nr\u00e9gionale des finances publiques de la r\u00e9gion Bourgogne-Franche-Comt\u00e9, et du d\u00e9partement \nde la C\u00f4te-d'Or, pour la communication des \u00e9tats pr\u00e9vus au code g\u00e9n\u00e9ral des collectivit\u00e9s  \nterritoriales\nSUR proposition de M. le secr\u00e9taire g\u00e9n\u00e9ral de la pr\u00e9fecture de la C\u00f4te-d'Or;\nARRETE\nArticle  1er : l'arr\u00eat\u00e9  pr\u00e9fectoral  n\u00b0 263 /  SG  du  4  f\u00e9vrier  2026  donnant  d\u00e9l\u00e9gation  de \nsignature \u00e0 Mr Etienne LEPAGE, administrateur de l'\u00c9tat du 2\u00e8me grade, charg\u00e9 de l'int\u00e9rim  \ndes finances publiques de la r\u00e9gion Bourgogne-Franche-Comt\u00e9, et du d\u00e9partement de la  \nC\u00f4te-d'Or,  pour  la  communication  des  \u00e9tats  pr\u00e9vus  au  code  g\u00e9n\u00e9ral  des  collectivit\u00e9s  \nterritoriales, et toutes dispositions ant\u00e9rieures contraires au pr\u00e9sent arr\u00eat\u00e9 sont abrog\u00e9s.\nPr\u00e9fecture de la C\u00f4te-d'Or - 21-2026-04-27-00034 -  ARRETE PREFECTORAL n\u00b0   800  / SG du  27 avril 2026   donnant d\u00e9l\u00e9gation de\nsignature \u00e0 Mr Jean-Luc BRENNER, administrateur de l'\u00c9tat du grade transitoire, directeur r\u00e9gional des finances publiques de\nBourgogne-Franche-Comt\u00e9 et du d\u00e9partement de la C\u00f4te-d'Or pour la communication des \u00e9tats pr\u00e9vus au code g\u00e9n\u00e9ral des\ncollectivit\u00e9s territoriales\n99\nArticle 2  :  D\u00e9l\u00e9gation est donn \u00e9e \u00e0   Mr Jean-Luc BRENNER, administrateur de l'\u00c9tat du  \ngrade transitoire, directeur r\u00e9gional des finances publiques de Bourgogne-Franche-Comt\u00e9 et  \ndu d\u00e9partement de la C\u00f4te-d'Or , \u00e0 l'effet de communiquer chaque ann\u00e9e aux collectivit\u00e9s  \nterritoriales et \u00e9tablissements publics  de coop\u00e9ration intercommunale \u00e0 fiscalit\u00e9 propre du  \nd\u00e9partement les diff\u00e9rents \u00e9tats indiquant, notamment, conform\u00e9ment aux articles D.1612-1  \n\u00e0 D.1612-5 du code g\u00e9n\u00e9ral des collectivit\u00e9s territoriales, le montant pr\u00e9visionnel des bases  \nnettes  imposables,  les  taux  nets  d'imposition  adopt\u00e9s  l'ann\u00e9e  pr\u00e9c\u00e9dente  et  les  autres \ninformations n\u00e9cessaires au vote du produit fiscal.\nArticle 3 : Le secr\u00e9taire g\u00e9n\u00e9ral de la pr\u00e9fecture de la C\u00f4te-d'O r et le directeur r\u00e9gional  des \nfinances publiques de Bourgogne-Franche-Comt\u00e9 et du d\u00e9partement de la C\u00f4te-d'Or , sont \ncharg\u00e9s, chacun pour ce qui le concerne, de l'ex\u00e9cution du pr\u00e9s ent arr\u00eat\u00e9 qui sera publi\u00e9 au  \nrecueil des actes administratifs de la pr\u00e9fecture de la C\u00f4te-d'Or.\nFait \u00e0 Dijon, le 27/04/26\nLa pr\u00e9f\u00e8te,\nSIGNE\nViolaine DEMARET\nVoies et d\u00e9lais de recours\nLa  pr\u00e9sente  d\u00e9cision  peut  faire  l'objet  d'un  recours  contentieux,  aupr\u00e8s  du  tribunal  \nadministratif de Dijon, 22 rue d'Assas \u2013 B.P . 61616 \u2013 21 016 DIJON CEDEX dans un d\u00e9lai de  \ndeux (2) mois \u00e0 compter de la publication de la d\u00e9cision.\nDans  le  m\u00eame  d\u00e9lai  de  2  mois,  un  recours  gracieux  peut  .  Le  silence  gard\u00e9  par  \nl'administration pendant plus deux mois sur la demande de recours gracieux emporte  \nd\u00e9cision implicite de rejet de cette demande, conform\u00e9ment \u00e0 l'article R. 421-2 du  de  \njustice  administrative.  Celui-ci  prolonge  le  d\u00e9lai  de  recours  contentieux  qui  doit  \u00eatre  \nintroduit dans les 2 mois suivant la r\u00e9ponse.\nLe tribunal administratif peut \u00eatre saisi par un recours d\u00e9pos\u00e9 via l'application T\u00e9l\u00e9recours \ncitoyens accessible par le site internet : www.telerecours.fr\nPr\u00e9fecture de la C\u00f4te-d'Or - 21-2026-04-27-00034 -  ARRETE PREFECTORAL n\u00b0   800  / SG du  27 avril 2026   donnant d\u00e9l\u00e9gation de\nsignature \u00e0 Mr Jean-Luc BRENNER, administrateur de l'\u00c9tat du grade transitoire, directeur r\u00e9gional des finances publiques de\nBourgogne-Franche-Comt\u00e9 et du d\u00e9partement de la C\u00f4te-d'Or pour la communication des \u00e9tats pr\u00e9vus au code g\u00e9n\u00e9ral des\ncollectivit\u00e9s territoriales\n100\nPr\u00e9fecture de la C\u00f4te-d'Or\nP\u00f4le juridique inter-services\n21-2026-04-27-00009\n Arr\u00eat\u00e9 pr\u00e9fectoral n\u00b0  768 / SG du 27 avril 2026\ndonnant d\u00e9l\u00e9gation de signature \u00e0 Monsieur\nDenis BRUEL,\nSecr\u00e9taire g\u00e9n\u00e9ral de la pr\u00e9fecture de la\nC\u00f4te-d'Or\nPr\u00e9fecture de la C\u00f4te-d'Or - 21-2026-04-27-00009 -  Arr\u00eat\u00e9 pr\u00e9fectoral n\u00b0  768 / SG du 27 avril 2026\ndonnant d\u00e9l\u00e9gation de signature \u00e0 Monsieur Denis BRUEL,\nSecr\u00e9taire g\u00e9n\u00e9ral de la pr\u00e9fecture de la C\u00f4te-d'Or\n101\nPREFETEDELACOTE-D'ORLibert\u00e9Egalit\u00e9Fraternit\u00e9\nArr\u00eat\u00e9 pr\u00e9fectoral n\u00b0  768 / SG du 27 avril 2026\ndonnant d\u00e9l\u00e9gation de signature \u00e0 Monsieur Denis BRUEL,\nSecr\u00e9taire g\u00e9n\u00e9ral de la pr\u00e9fecture de la C\u00f4te-d'Or\n     La pr\u00e9f\u00e8te de la C\u00f4te-d'Or\nVu la loi n\u00b0 82.213 du 2 mars 1982 modifi\u00e9e relative aux droits et libert\u00e9s des communes, des  \nd\u00e9partements et des r\u00e9gions ;\nVu le d\u00e9cret n\u00b0 2025-723 du 30 juillet 2025 modifiant le d\u00e9cret n\u00b0 2004-374 du 29 avril 2004  \nrelatif aux pouvoirs des pr\u00e9fets, \u00e0 l'organisation et \u00e0 l'action des services de l'\u00c9tat dans les  \nr\u00e9gions et d\u00e9partements ; \nVu le d\u00e9cret du 6 juillet 2023, portant nomination de Monsieur Beno\u00eet BYRSKI, en qualit\u00e9 de  \nSous-pr\u00e9fet de Beaune ;\nVu le d\u00e9cret du 17 novembre 2023 portant nomination de Monsieur S\u00e9bastien LANOYE, en  \nqualit\u00e9 de Sous- pr\u00e9fet de Montbard ;\nVu le  d\u00e9cret  du  14  novembre  2024  portant  nomination  de  Monsieur  Denis  BRUEL,  \nadministrateur de l'\u00c9tat du deuxi\u00e8me grade, en qualit\u00e9 de Secr\u00e9taire g\u00e9n\u00e9ral de la Pr\u00e9fecture de  \nla C\u00f4te-d'Or, sous-pr\u00e9fet de Dijon (groupe II) ;\nVu le d\u00e9cret du 6 mars 2025 portant nomination de Madame Aur\u00e9lie CONTRECIVILE, Sous-\npr\u00e9f\u00e8te, en qualit\u00e9 de Sous-pr\u00e9f\u00e8te, Directrice de cabinet du Pr\u00e9fet de la R\u00e9gion Bourgogne-\nFranche-Comt\u00e9, Pr\u00e9fet de la C\u00f4te-d'Or ;\nVu le d\u00e9cret du 23 mai 2025 portant nomination de Madame Magalie MALERBA en qualit\u00e9  \nsecr\u00e9taire g\u00e9n\u00e9rale adjointe de la pr\u00e9fecture de la C\u00f4te d'Or, sous-pr\u00e9f\u00e8te charg\u00e9e de mission  \naupr\u00e8s du Pr\u00e9fet de la R\u00e9gion Bourgogne-Franche-Comt\u00e9, Pr\u00e9fet de la C\u00f4te-d'Or ;\nVu le d\u00e9cret du 8 avril 2026 nommant Madame Violaine DEMARET, Pr\u00e9f\u00e8te de la R\u00e9gion  \nBourgogne-Franche-Comt\u00e9, pr\u00e9f\u00e8te de la C\u00f4te d'Or ;\nVu l'arr\u00eat\u00e9 pr\u00e9fectoral n\u00b0 813/SG du 13 juin 2025, donnant d\u00e9l\u00e9gation de signature \u00e0  Monsieur \nDenis BRUEL, Secr\u00e9taire g\u00e9n\u00e9ral de la pr\u00e9fecture de la C\u00f4te-d'Or ;\nSur proposition de Monsieur le Secr\u00e9taire g\u00e9n\u00e9ral de la Pr\u00e9fecture de la C\u00f4te-d'Or ;\n  \nPr\u00e9fecture de la C\u00f4te-d'Or - 21-2026-04-27-00009 -  Arr\u00eat\u00e9 pr\u00e9fectoral n\u00b0  768 / SG du 27 avril 2026\ndonnant d\u00e9l\u00e9gation de signature \u00e0 Monsieur Denis BRUEL,\nSecr\u00e9taire g\u00e9n\u00e9ral de la pr\u00e9fecture de la C\u00f4te-d'Or\n102\nARR\u00caTE\nArticle 1er : L'arr\u00eat\u00e9 pr\u00e9fectoral n\u00b0 813/SG du 13 juin 2025,  donnant d\u00e9l\u00e9gation de signature \u00e0  \nMonsieur  Denis  BRUEL,  Secr\u00e9taire  g\u00e9n\u00e9ral  de  la  Pr\u00e9fecture  de  la  C\u00f4te-d'Or,  et  toutes  \ndispositions ant\u00e9rieures contraires au pr\u00e9sent arr\u00eat\u00e9 sont abrog\u00e9s.\nArticle 2 : D\u00e9l\u00e9gation de signature est donn\u00e9e \u00e0 Monsieur Denis BRUEL, Secr\u00e9taire g\u00e9n\u00e9ral de  \nla Pr\u00e9fecture de la C\u00f4te-d'Or, \u00e0 l'effet de signer tous arr\u00eat\u00e9s, d\u00e9cisions, circulaires, rapports,  \ncorrespondances et documents relevant des attributions de l'\u00c9tat dans le d\u00e9partement de la  \nC\u00f4te-d'Or, ainsi que tous recours juridictionnels, m\u00e9moires et documents se rapportant \u00e0 la  \nsaisine des juridictions judiciaires en mati\u00e8re de r\u00e9tention administrative, \u00e0 l'exception :\n-des d\u00e9clinatoires de comp\u00e9tences et arr\u00eat\u00e9s de conflit.\nArticle 3     :  En cas d'absence ou d'emp\u00eachement de Monsieur Denis BRUEL, les pouvoirs et  \nfonctions de Secr\u00e9taire g\u00e9n\u00e9ral de la Pr\u00e9fecture de la C\u00f4te-d'Or seront exerc\u00e9s par Madame  \nMagalie MALERBA, Sous-pr\u00e9f\u00e8te, Secr\u00e9taire g\u00e9n\u00e9rale adjointe de la Pr\u00e9fecture de la C\u00f4te-\nd'Or .\nEn cas d'absence ou d'emp\u00eachement concomitants de Monsieur Denis BRUEL et de Madame  \nMagalie MALERBA, les pouvoirs et fonctions de Secr\u00e9taire g\u00e9n\u00e9ral de la Pr\u00e9fecture de la C\u00f4te-\nd'Or seront exerc\u00e9s par Madame Aur\u00e9lie CONTRECIVILE, Sous-pr\u00e9f\u00e8te, Directrice de cabinet  \nde la Pr\u00e9f\u00e8te de la r\u00e9gion Bourgogne-Franche-Comt\u00e9, Pr\u00e9f\u00e8te de la C\u00f4te-d'Or ;\nPendant  ladite  p\u00e9riode  d'absence  ou  d'emp\u00eachement  de  Monsieur  Denis  BRUEL  et  de  \nMadame Magalie MALERBA, Madame Aur\u00e9lie CONTRECIVILE, exercera, outre les attributions  \nconf\u00e9r\u00e9es par les lois et r\u00e8glements aux Secr\u00e9taires g\u00e9n\u00e9raux de pr\u00e9fecture, la d\u00e9l\u00e9gation de  \nsignature d\u00e9finie \u00e0 l'article 2 du pr\u00e9sent arr\u00eat\u00e9 au profit de Monsieur Denis BRUEL.\nArticle 4     : En cas d'absence ou d'emp\u00eachement de Monsieur Denis BRUEL, de Madame  \nMagalie  MALERBA et  de  Madame  Aur\u00e9lie  CONTRECIVILE,  les  pouvoirs  et  fonctions  de  \nSecr\u00e9taire  g\u00e9n\u00e9ral  de  la  pr\u00e9fecture  de  la  C\u00f4te-d'Or  seront  exerc\u00e9s  par  Monsieur  Beno\u00eet  \nBYRSKI,  Sous-pr\u00e9fet  de  Beaune  ou,  en  son  absence  ou  emp\u00eachement,  par  Monsieur  \nS\u00e9bastien LANOYE, Sous-pr\u00e9fet de Montbard.\nPendant ladite p\u00e9riode d'absence ou d'emp\u00eachement de Monsieur Denis BRUEL, de Madame  \nMagalie MALERBA et de Madame Aur\u00e9lie CONTRECIVILE,  Monsieur Beno\u00eet BYRSKI , Sous-\npr\u00e9fet de Beaune, ou, en son absence ou emp\u00eachement, Monsieur S\u00e9bastien LANOYE, Sous-\npr\u00e9fet de Montbard exerceront, outre les attributions conf\u00e9r\u00e9es par les lois et r\u00e8glements aux  \nsecr\u00e9taires g\u00e9n\u00e9raux de pr\u00e9fecture, la d\u00e9l\u00e9gation de signature d\u00e9finie \u00e0 l'article 2 du pr\u00e9sent \narr\u00eat\u00e9 au profit de Monsieur Denis BRUEL. \nArticle  5 : Le  Secr\u00e9taire  g\u00e9n\u00e9ral  de  la  Pr\u00e9fecture  de  la  C\u00f4te-d'Or,  la  Secr\u00e9taire  g\u00e9n\u00e9rale  \nadjointe de la Pr\u00e9fecture de la C\u00f4te-d'Or, la  Directrice de cabinet de la Pr\u00e9f\u00e8te de la R\u00e9gion  \nBourgogne-Franche-Comt\u00e9, Pr\u00e9f\u00e8te de la C\u00f4te-d'Or, le Sous-pr\u00e9fet de Beaune et le Sous-pr\u00e9fet  \nde Montbard sont charg\u00e9s, de l'ex\u00e9cution du pr\u00e9sent arr\u00eat\u00e9 qui sera publi\u00e9 au recueil des actes  \nadministratifs de la pr\u00e9fecture de la C\u00f4te-d'Or.\nFait \u00e0 Dijon, le 27/04/27\nLa pr\u00e9f\u00e8te,\nSIGNE\nViolaine DEMARET\n2/3\nPr\u00e9fecture de la C\u00f4te-d'Or - 21-2026-04-27-00009 -  Arr\u00eat\u00e9 pr\u00e9fectoral n\u00b0  768 / SG du 27 avril 2026\ndonnant d\u00e9l\u00e9gation de signature \u00e0 Monsieur Denis BRUEL,\nSecr\u00e9taire g\u00e9n\u00e9ral de la pr\u00e9fecture de la C\u00f4te-d'Or\n103\nVoies et d\u00e9lais de recours\nLa  pr\u00e9sente  d\u00e9cision  peut  faire  l'objet  d'un  recours  contentieux,  aupr\u00e8s  du  tribunal  \nadministratif de Dijon, 22 rue d'Assas \u2013 B.P . 61616 \u2013 21 016 DIJON CEDEX dans un d\u00e9lai de deux \n(2) mois \u00e0 compter de la publication de la d\u00e9cision.\nDans le m\u00eame d\u00e9lai de 2 mois, un recours gracieux peut . Le silence gard\u00e9 par l'administration \npendant plus deux mois sur la demande de recours gracieux emporte d\u00e9cision implicite de  \nrejet de cette demande, conform\u00e9ment \u00e0 l'article R. 421-2 du  de justice administrative. Celui-\nci prolonge le d\u00e9lai de recours contentieux qui doit \u00eatre introduit dans les 2  mois suivant la  \nr\u00e9ponse.\nLe tribunal administratif peut \u00eatre saisi par un recours d\u00e9pos\u00e9 via l'application T\u00e9l\u00e9recours  \ncitoyens accessible par le site internet : www.telerecours.fr\n3/3\nPr\u00e9fecture de la C\u00f4te-d'Or - 21-2026-04-27-00009 -  Arr\u00eat\u00e9 pr\u00e9fectoral n\u00b0  768 / SG du 27 avril 2026\ndonnant d\u00e9l\u00e9gation de signature \u00e0 Monsieur Denis BRUEL,\nSecr\u00e9taire g\u00e9n\u00e9ral de la pr\u00e9fecture de la C\u00f4te-d'Or\n104\nPr\u00e9fecture de la C\u00f4te-d'Or\nP\u00f4le juridique inter-services\n21-2026-04-27-00031\n Arr\u00eat\u00e9 pr\u00e9fectoral N\u00b0  797 / SG du 27 avril 2026  \n      \ndonnant d\u00e9l\u00e9gation de signature \u00e0 Mme Nathalie\nAUBERTIN,\ndirectrice de la coordination des politiques\npubliques et de l'appui territorial\nPr\u00e9fecture de la C\u00f4te-d'Or - 21-2026-04-27-00031 -  Arr\u00eat\u00e9 pr\u00e9fectoral N\u00b0  797 / SG du 27 avril 2026         \ndonnant d\u00e9l\u00e9gation de signature \u00e0 Mme Nathalie AUBERTIN,\ndirectrice de la coordination des politiques publiques et de l'appui territorial\n105\nPREFETEDELACOTE-D'ORLibert\u00e9Egalit\u00e9Fraternit\u00e9\nArr\u00eat\u00e9 pr\u00e9fectoral N\u00b0  797 / SG du 27 avril 2026         \ndonnant d\u00e9l\u00e9gation de signature \u00e0 Mme Nathalie AUBERTIN,\ndirectrice de la coordination des politiques publiques et de l'appui territorial\nLa pr\u00e9f\u00e8te de la C\u00f4te d'Or\nVu la loi n\u00b0 82.213 du 2 mars 1982 modifi\u00e9e relative aux droits et libert\u00e9s des communes, des  \nd\u00e9partements et des r\u00e9gions ;\nVu le d\u00e9cret n\u00b0 2025-723 du 30 juillet 2025 modifiant le d\u00e9cret n\u00b0 2004-374 du 29 avril 2004  \nrelatif aux pouvoirs des pr\u00e9fets, \u00e0 l'organisation et \u00e0 l'action des services de l'\u00c9tat dans les  \nr\u00e9gions et d\u00e9partements ;\nVu le  d\u00e9cret  du  8  avril  2026  nommant  Madame  Violaine  DEMARET,  pr\u00e9f\u00e8te  de  la  r\u00e9gion\nBourgogne-Franche-Comt\u00e9, pr\u00e9f\u00e8te de la C\u00f4te-d'Or ;\nVu les  arr\u00eat\u00e9s  interminist\u00e9riels  portant  r\u00e8glement  de  comptabilit\u00e9  pour  la  d\u00e9signation  des  \nordonnateurs secondaires et de leurs d\u00e9l\u00e9gu\u00e9s ;\nVu l'arr\u00eat\u00e9 du ministre de l'Int\u00e9rieur du 4 juin 2025 portant changement d'affectation op\u00e9rationnelle \nde  Mme  Nathalie  AUBERTIN  et  l'affectant  sur  le  poste  de  directrice  de  la  coordination  des \npolitiques publiques et l'appui territorial,\nVu l'arr\u00eat\u00e9 pr\u00e9fectoral n\u00b0 592/ SG du 24 mars 2026 donnant d\u00e9l\u00e9gation de signature \u00e0 Madame \nNathalie AUBERTIN, directrice de la coordination des politiques publiques et de l'appui territorial ;\nSur proposition de Monsieur le secr\u00e9taire g\u00e9n\u00e9ral de la pr\u00e9fecture de la C\u00f4te-d'Or ;\nARR\u00caTE\nArticle 1  : L'arr\u00eat\u00e9 pr\u00e9fectoral  n\u00b0 592/SG du 24 mars 2026  donnant d\u00e9l\u00e9gation de signature \u00e0  \nMadame Nathalie AUBERTIN,  directrice de la coordination des politiques publiques et de l'appui  \nterritorial ainsi que toutes dispositions ant\u00e9rieures contraires au pr\u00e9sent arr\u00eat\u00e9 sont abrog\u00e9s.\nArticle 2 : D\u00e9l\u00e9gation de signature est donn\u00e9e \u00e0 Madame Nathalie AUBERTIN, directrice de la  \ncoordination des politiques publiques et de l'appui territorial, en ce qui concerne :\n- Les  correspondances  et  les  documents  administratifs relevant  des  attributions  et  \ncomp\u00e9tences de sa direction, \u00e0 l'exception :\n\u2022 des arr\u00eat\u00e9s et actes r\u00e9glementaires ;\n\u2022 des circulaires, instructions g\u00e9n\u00e9rales et lettres comportant d\u00e9cision de principe;\n\u2022 de la saisine du tribunal administratif ou de la chambre r\u00e9gionale des comptes \nPr\u00e9fecture de la C\u00f4te-d'Or - 21-2026-04-27-00031 -  Arr\u00eat\u00e9 pr\u00e9fectoral N\u00b0  797 / SG du 27 avril 2026         \ndonnant d\u00e9l\u00e9gation de signature \u00e0 Mme Nathalie AUBERTIN,\ndirectrice de la coordination des politiques publiques et de l'appui territorial\n106\n- Les titres de perception et de recouvrement \u00e0 rendre ex\u00e9cutoires ;\n- Tous documents et pi\u00e8ces relatifs \u00e0 l'ordonnancement des d\u00e9penses imputables sur le \nbudget de l'\u00c9tat ;\n- Tous  documents  relatifs  aux  concours  financiers  et  subventions  de  l'\u00c9tat  aux  \ncollectivit\u00e9s locales ; \n- Tous  actes  administratifs  relatifs  aux  installations  class\u00e9es  pour  la  protection  de  \nl'environnement y compris ceux li\u00e9s aux proc\u00e9dures d'autorisation unique et d'autorisation  \nenvironnementale \u00e0 l'exception des arr\u00eat\u00e9s pr\u00e9fectoraux ;\n- L'insertion  d'annonces  l\u00e9gales  dans  la  presse  et  les  avis  d'enqu\u00eates  publiques  \nconcernant les attributions de sa direction ;\n- Les  extraits  de  d\u00e9cisions  de  la  commission  d\u00e9partementale  d'am\u00e9nagement  \ncommercial (CDAC) ;\nArticle 3 : En cas d'absence ou d'emp\u00eachement de Madame Nathalie AUBERTIN, la d\u00e9l\u00e9gation  \nde signature qui lui est conf\u00e9r\u00e9e par l'article 1er ci-dessus sera exerc\u00e9e par Madame Christelle DA \nSILVA, adjointe \u00e0 la directrice de la coordination des politiques publiques et de l'appui territorial.\nArticl  e 4   : D\u00e9l\u00e9gation de signature est donn\u00e9e, dans le cadre de leurs attributions respectives, \u00e0 :\n\u2013 Mission coordination g\u00e9n\u00e9rale :\n\u2013 Madame Natacha CORALLO, charg\u00e9e de mission, pour les corresponda nces courantes et  \nbordereaux d'envoi.\n\u2013 P\u00f4le am\u00e9nagement du territoire :\n\u2013 Monsieur M\u00e9d\u00e9ric BOUTTEVILLE, chef du p\u00f4le am\u00e9nagement du territoire ou Madame Yasmine  \nDJADDA, adjointe au chef du p\u00f4le am\u00e9nagement du territoire , pour:\n-Tous documents et pi\u00e8ces relatifs \u00e0 l'ordonnancement des d\u00e9penses imputables sur  \nles budgets de l'\u00c9tat;\n-Les ordres de recouvrement imputables sur le budget de l'\u00c9tat \u00e0 l'exclusion des titres  \nex\u00e9cutoires ;\n-Tous  documents  relatifs  aux  concours  financiers  et  subventions  de  l'\u00c9tat  aux  \ncollectivit\u00e9s locales ;\n-Les correspondances courantes et bordereaux.\n \u2013 P\u00f4le environnement et urbanisme :\n\u2013 Madame Christelle DA SILVA,  adjointe \u00e0 la directrice de la coordination des politiques  \npubliques et de l'appui territorial et c hef du p\u00f4le environnement et urbanisme, ou  Monsieur \nGuillaume BROUILLARD, adjoint au chef du p\u00f4le environnement et urbanisme, pour :\n2/4\nPr\u00e9fecture de la C\u00f4te-d'Or - 21-2026-04-27-00031 -  Arr\u00eat\u00e9 pr\u00e9fectoral N\u00b0  797 / SG du 27 avril 2026         \ndonnant d\u00e9l\u00e9gation de signature \u00e0 Mme Nathalie AUBERTIN,\ndirectrice de la coordination des politiques publiques et de l'appui territorial\n107\n-  Les  correspondances  courantes  et  les  bordereaux  d'envoi  dans  son  domaine  \nd'activit\u00e9 ;\n-  Conseil  d\u00e9partemental  de  l'environnement,  des  risques  sanitaires  et  \ntechnologiques  (CODERST) :  convocations,  diffusion  et  notification  des  proc\u00e8s  \nverbaux ainsi que toutes correspondances courantes relatives au fonctionnement  de \nce conseil ;\n- Commission d\u00e9partem entale de la nature, des paysages et des sites (CDNPS),  \nformation carri\u00e8res, convocations, diffusion et notification des proc\u00e8s verbaux ainsi \nque  toutes  correspondances  courantes  relatives  au  fonctionnement  de  cette  \ncommission ;\n-  Toutes  correspondances  courantes  concernant  les  installations  class\u00e9es  pour  la \nprotection de l'environnement  y compris celles li\u00e9es aux proc\u00e9dures d'autorisation  \nunique et d'autorisation environnementale ;\n-  L'insertion  d'annonces  l\u00e9gales  dans  la  presse  et  les  avis  d'enqu\u00eates  publiques \nconcernant les attributions de la direction ;\n-  Les  extraits  de  d\u00e9cisions  de  la  commission  d\u00e9partementale  d'am\u00e9nagement  \ncommercial (CDAC) ;\n- Les bordereaux d'envoi et toutes correspondances courantes relatives \u00e0 \nl'am\u00e9nagement commercial, aux expropriations et \u00e0 l'urbanisme, ainsi que pour les \nphases de proc\u00e9dures d\u00e9mat\u00e9rialis\u00e9es d'instructions relevant de la l\u00e9gislation et de la \nr\u00e9glementation concernant les autorisations d'exploitations commerciales.\n\u2013 Madame Val\u00e9rie SANTACROCE, Monsieur S\u00e9bastien MISSET, Madame C\u00e9lia HAMOUD  \npour :\n- Les correspondances courantes n'emportant pas de d\u00e9cision, justificatifs de d\u00e9p\u00f4t \nde dossier, bordereaux d'envoi et courriers de transmission dans le domaine des  \ninstallations class\u00e9es y compris les consultations et saisines r\u00e9alis\u00e9es dans le cadre  \nde l'autorisation environnementale ;\n\u2013 Le  secr\u00e9tariat  du  conseil  d\u00e9partemental  de  l'environnement,  des  risques  \nsanitaires et technologiques (CODERST) ;\n\u2013 Le secr\u00e9tariat de la commission d\u00e9partementale de la nature, des paysages et  \ndes sites \u2013 formation carri\u00e8res (CDNPS).\n-   Les  bordereaux  d'envoi  et  toutes  correspondances  courantes  relatives  \u00e0  \nl'am\u00e9nagement commercial, aux expropriations et \u00e0 l'urbanisme, ainsi que pour les  \nphases de proc\u00e9dures d\u00e9mat\u00e9rialis\u00e9es d'instructions relevant de la l\u00e9gislation et de la  \nr\u00e9glementation concernant les autorisations d'exploitations commerciales.\n\u2013 Monsieur Augustin THIBEAULT pour les  correspondances courantes n'emportant pas de  \nd\u00e9cision, bordereaux d'envoi et courriers de transmission en lien avec la mission \u00e9conomie, \u00e9nergie et \nnum\u00e9rique.\n3/4\nPr\u00e9fecture de la C\u00f4te-d'Or - 21-2026-04-27-00031 -  Arr\u00eat\u00e9 pr\u00e9fectoral N\u00b0  797 / SG du 27 avril 2026         \ndonnant d\u00e9l\u00e9gation de signature \u00e0 Mme Nathalie AUBERTIN,\ndirectrice de la coordination des politiques publiques et de l'appui territorial\n108\n\u2013 P\u00f4le juridique inter-services :\n\u2013 Madame Dominique LEMAITRE, charg\u00e9e de mission, pour les correspondances courantes et  \nles bordereaux d'envoi.\nArticle 5 : Le secr\u00e9taire g\u00e9n\u00e9ral de la pr\u00e9fecture de la C\u00f4te-d'Or, les agents b\u00e9n\u00e9ficiaires de la  \nd\u00e9l\u00e9gation de signature, sont charg\u00e9s, chacun pour ce qui les concerne, de l'ex\u00e9cution du pr\u00e9sent  \narr\u00eat\u00e9 qui sera publi\u00e9 au recueil des actes administratifs de la pr\u00e9fecture de la C\u00f4te-d'Or.\nFait \u00e0 Dijon, le 27/04/26\nLa pr\u00e9f\u00e8te\nSIGNE\nViolaine DEMARET\nVoies et d\u00e9lais de recours\nLa  pr\u00e9sente  d\u00e9cision  peut  faire  l'objet  d'un  recours  contentieux,  aupr\u00e8s  du  tribunal  \nadministratif de Dijon, 22 rue d'Assas \u2013 B.P . 61616 \u2013 21 016 DIJON CEDEX dans un d\u00e9lai de deux \n(2) mois \u00e0 compter de la publication de la d\u00e9cision.\nDans le m\u00eame d\u00e9lai de 2 mois, un recours gracieux peut . Le silence gard\u00e9 par l'administration \npendant plus deux mois sur la demande de recours gracieux emporte d\u00e9cision implicite de  \nrejet de cette demande, conform\u00e9ment \u00e0 l'article R. 421-2 du  de justice administrative. Celui-\nci prolonge le d\u00e9lai de recours contentieux qui doit \u00eatre introduit dans les 2  mois suivant la  \nr\u00e9ponse.\nLe tribunal administratif peut \u00eatre saisi par un recours d\u00e9pos\u00e9 via l'application T\u00e9l\u00e9recours  \ncitoyens accessible par le site internet : www.telerecours.fr\n4/4\nPr\u00e9fecture de la C\u00f4te-d'Or - 21-2026-04-27-00031 -  Arr\u00eat\u00e9 pr\u00e9fectoral N\u00b0  797 / SG du 27 avril 2026         \ndonnant d\u00e9l\u00e9gation de signature \u00e0 Mme Nathalie AUBERTIN,\ndirectrice de la coordination des politiques publiques et de l'appui territorial\n109\nPr\u00e9fecture de la C\u00f4te-d'Or\nP\u00f4le juridique inter-services\n21-2026-04-27-00035\nArr\u00eat\u00e9 pr\u00e9fectoral n\u00b0    801   du 27 avril 2026\ndonnant d\u00e9l\u00e9gation de signature en mati\u00e8re\nd'ordonnancement secondaire et de\ncomptabilit\u00e9 g\u00e9n\u00e9rale de l'\u00c9tat \u00e0 Monsieur\nPatrick SALLES, Directeur du p\u00f4le pilotage et\nressources de la direction r\u00e9gionale des finances\npubliques de Bourgogne-Franche-Comt\u00e9 et du\nd\u00e9partement de la C\u00f4te-d'Or.\nPr\u00e9fecture de la C\u00f4te-d'Or - 21-2026-04-27-00035 - Arr\u00eat\u00e9 pr\u00e9fectoral n\u00b0    801   du 27 avril 2026\ndonnant d\u00e9l\u00e9gation de signature en mati\u00e8re d'ordonnancement secondaire et de comptabilit\u00e9 g\u00e9n\u00e9rale de l'\u00c9tat \u00e0 Monsieur Patrick\nSALLES, Directeur du p\u00f4le pilotage et ressources de la direction r\u00e9gionale des finances publiques de Bourgogne-Franche-Comt\u00e9 et du\nd\u00e9partement de la C\u00f4te-d'Or.\n110\nPREFETEDELACOTE-D'ORLibert\u00e9Egalit\u00e9Fraternit\u00e9\nArr\u00eat\u00e9 pr\u00e9fectoral n\u00b0    801   du 27 avril 2026\ndonnant d\u00e9l\u00e9gation de signature en mati\u00e8re d'ordonnancement secondaire et de \ncomptabilit\u00e9 g\u00e9n\u00e9rale de l'\u00c9tat \u00e0 Monsieur Patrick SALLES, Directeur du p\u00f4le pilotage et \nressources de la direction r\u00e9gionale des finances publiques de Bourgogne-Franche-Comt\u00e9 \net du d\u00e9partement de la C\u00f4te-d'Or.\nLa pr\u00e9f\u00e8te de la C\u00f4te-d'Or\nVU la loi organique n\u00b02001-692 du 1er ao\u00fbt 2001 relative aux lois de finances ;\nVU la loi n\u00b0 82-213 du 2 mars 1982 relative aux droits et libert\u00e9s communes, des d\u00e9partements  \net des r\u00e9gions ;\nVU la loi d'orientation n\u00b092-125 du 6 f\u00e9vrier 1992 relative \u00e0 l'administration territoriale de la  \nR\u00e9publique ;\nVU le d\u00e9cret n\u00b092-604 du 1er juillet 1992 modifi\u00e9 portant charte de d\u00e9concentration ;\nVU le d\u00e9cret n\u00b0 2004-374 du 29 avril 2004 modifi\u00e9 relatif au pouvoir des pr\u00e9fets, \u00e0 l'organisation  \net \u00e0 l'action des services de l'\u00c9tat dans les r\u00e9gions et les d\u00e9partements, ;\nVU le  d\u00e9cret  n\u00b02009-208  du  20  f\u00e9vrier  2009  modifi\u00e9 relatif  au  statut  particulier  des  \nadministrateurs des finances publiques ;\nVU le d\u00e9cret n\u00b02009-707 du 16 juin 2009 modifi\u00e9 relatif aux services d\u00e9concentr\u00e9s de la  \ndirection g\u00e9n\u00e9rale des finances publiques ;\nVU le  d\u00e9cret  n\u00b02012-1246  du  7  novembre  2012  modifi\u00e9  relatif  \u00e0  la  gestion  budg\u00e9taire  et \ncomptable publique ;\nVU le  d\u00e9cret  du  8  avril  2026,  nommant  Mme  Violaine  DEMARET , pr\u00e9f\u00e8te  de  la  r\u00e9gion  \nBourgogne-Franche-Comt\u00e9, pr\u00e9f\u00e8te de la C\u00f4te-d'Or;\nVU l'arr\u00eat\u00e9 du Ministre de l'\u00e9conomie et des finances du 4 juin 2025 portant affectation de M.  \nPatrick SALLES, Ing\u00e9nieur g\u00e9n\u00e9ral des Mines, Directeur du p\u00f4le pilotage et ressources \u00e0 la  \ndirection r\u00e9gionale des finances publiques de la Bourgogne et du d\u00e9partement de la C\u00f4te-d'Or\nVU l'arr\u00eat\u00e9 pr\u00e9fectoral n\u00b0 935 du 1er juillet 2025 donna nt d\u00e9l\u00e9gation de signature  \u00e0 Monsieur  \nPatrick SALL\u00c8S , Directeur p\u00f4le pilotage et ressources de la direction r\u00e9gionale des finances  \npubliques  de  Bourgogne-Franche-Comt\u00e9  et  du  d\u00e9partement  de  la  C\u00f4te  d'Or,  en  mati\u00e8re  \nd'ordonnancement secondaire ;\nSUR proposition de M. le secr\u00e9taire g\u00e9n\u00e9ral de la pr\u00e9fecture de la C\u00f4te-d'Or;\nPr\u00e9fecture de la C\u00f4te-d'Or - 21-2026-04-27-00035 - Arr\u00eat\u00e9 pr\u00e9fectoral n\u00b0    801   du 27 avril 2026\ndonnant d\u00e9l\u00e9gation de signature en mati\u00e8re d'ordonnancement secondaire et de comptabilit\u00e9 g\u00e9n\u00e9rale de l'\u00c9tat \u00e0 Monsieur Patrick\nSALLES, Directeur du p\u00f4le pilotage et ressources de la direction r\u00e9gionale des finances publiques de Bourgogne-Franche-Comt\u00e9 et du\nd\u00e9partement de la C\u00f4te-d'Or.\n111\nA R R \u00ca T E  :\nArticle 1  : l'arr\u00eat\u00e9 pr\u00e9fectoral  n\u00b0   935  du 1 er juillet 2025 donna nt d\u00e9l\u00e9gation de signature   \u00e0  \nMonsieur Patrick SALL\u00c8S , directeur p\u00f4le pilotage et ressources de la direction r\u00e9gionale des  \nfinances  publiques  de  Bourgogne-Franche-Comt\u00e9  et  du  d\u00e9partement  de  la  C\u00f4te  d'Or,  en  \nmati\u00e8re d'ordonnancement secondaire, et toutes dispositions ant\u00e9rieures contraires au pr\u00e9sent  \narr\u00eat\u00e9 sont abrog\u00e9s ;\nArticle 2     :D\u00e9l\u00e9gation de signature est donn\u00e9e \u00e0 Monsieur Patrick SALLES, Ing\u00e9nieur g\u00e9n\u00e9ral  \ndes Mines, \u00e0 effet de :\n \uf0e8 signer,  dans  la  limite  de  ses  attributions  et  comp\u00e9tences,  tout  document,  acte,  \nd\u00e9cision, contrat, conclusion, m\u00e9moire et, d'une fa\u00e7on plus g\u00e9n\u00e9rale, tous les actes se  \ntraduisant  par  l'ordonnancement  de  d\u00e9penses  ou  de  recettes  se  rapportant  au  \nfonctionnement ou \u00e0 l'\u00e9quipement de la direction r\u00e9gionale des finances publiques de  \nBourgogne-Franche-Comt\u00e9  et  du  d\u00e9partement  de  la  C\u00f4te-d'Or,  ainsi  que  \nl'ordonnancement de toute recette se rapportant aux attributions et activit\u00e9s de la  \ndirection  r\u00e9gionale  des  finances  publiques  de  Bourgogne-Franche-Comt\u00e9  et  du  \nd\u00e9partement de la C\u00f4te-d'Or ;\n recevoir les cr\u00e9dits des programmes suivants\uf0e8  :\n\uf0b7 n\u00b0 156 \u00ab Gestion fiscale et financi\u00e8re de l'\u00c9tat et du secteur public local \u00bb\n\uf0b7 n\u00b0 218 \u00ab Conduite et pilotage des politiques \u00e9conomique et financi\u00e8re \u00bb\n\uf0b7  n\u00b0 348 \u00ab performance et r\u00e9silience des b\u00e2timents de l'\u00c9tat et de ses op\u00e9rateurs \u00bb\n\uf0b7 n\u00b0 723 \u00ab Op\u00e9rations immobili\u00e8res nationales et des administrations centrales \u00bb\n\uf0b7 n\u00b0 362 \u00ab \u00c9cologie \u00bb\n proc\u00e9der \u00e0 l'ordonnancement secondaire des recettes et des d\u00e9penses de l'\u00c9tat, pour\uf0e8  \nle d\u00e9partement de la C\u00f4te d'Or imput\u00e9es sur les titres 2, 3 et 5 des programmes  \npr\u00e9cit\u00e9s  et  sur  le  compte  de  commerce  n\u00b0  907  \u2013  \u00ab op\u00e9rations  commerciales  des \ndomaines \u00bb.\nCette d\u00e9l\u00e9gation porte sur l'engagement, la liquidation et le mandatement des d\u00e9penses,  \nainsi que sur l'\u00e9mission et la signature des titres de recettes.\nArticle 3     : D\u00e9l\u00e9gation de sig nature est donn\u00e9e \u00e0 Monsieur Patrick SALLES, Ing\u00e9nieur g\u00e9n\u00e9ral  \ndes Mines, \u00e0 effet de :\n signer,  dans  la  limite  de  ses  attributions  et  comp\u00e9tences,  toute  d\u00e9claration  de\uf0e8  \nconformit\u00e9 en mati\u00e8re d'op\u00e9rations d'inventaire et, d'une fa\u00e7on plus g\u00e9n\u00e9rale, tous les  \nactes se traduisant par la constatation des droits et obligations et l'inventaire des biens se  \nrapportant  \u00e0  l'activit\u00e9  financi\u00e8re  de  la  direction  r\u00e9gionale  des  finances  publiques  de  \nBourgogne-Franche-Comt\u00e9 et du d\u00e9partement de la C\u00f4te-d'Or.\nA l'exception de :\n- les ordres de r\u00e9quisition du comptable public ;\n- les d\u00e9cisions de passer outre aux refus de visas et aux avis d\u00e9favorables de l'autorit\u00e9  \ncharg\u00e9e du contr\u00f4le financier en mati\u00e8re d'engagement des d\u00e9penses ;\n- l'ordonnancement secondaire des d\u00e9penses de l'\u00c9tat du programme 833 \u2013 Avances sur \nle montant des impositions revenant aux r\u00e9gions, d\u00e9partements, communes, \n\u00e9tablissements et divers organismes.\nArticle 5     :  Monsieur Patrick SALLES,  peut, en tant que de besoin et sous sa responsabilit\u00e9,  \ndonner  d\u00e9l\u00e9gation  de  signature  aux  agents  plac\u00e9s  sous  son  autorit\u00e9  dans  les  conditions  \npr\u00e9vues par l'article 38 du d\u00e9cret n\u00b0 2004-374 modifi\u00e9 du 29 avril 2004.\nPr\u00e9fecture de la C\u00f4te-d'Or - 21-2026-04-27-00035 - Arr\u00eat\u00e9 pr\u00e9fectoral n\u00b0    801   du 27 avril 2026\ndonnant d\u00e9l\u00e9gation de signature en mati\u00e8re d'ordonnancement secondaire et de comptabilit\u00e9 g\u00e9n\u00e9rale de l'\u00c9tat \u00e0 Monsieur Patrick\nSALLES, Directeur du p\u00f4le pilotage et ressources de la direction r\u00e9gionale des finances publiques de Bourgogne-Franche-Comt\u00e9 et du\nd\u00e9partement de la C\u00f4te-d'Or.\n112\nArticle 6     : Le secr\u00e9taire g\u00e9n\u00e9ral de la pr\u00e9fecture de la C\u00f4te-d'Or et  le directeur r\u00e9gional des \nfinances publiques de Bourgogne-Franche-Comt\u00e9 et du d\u00e9partement de la C\u00f4te-d'Or , sont  \ncharg\u00e9s, chacun en ce qui le concerne, de l'ex\u00e9cution du pr\u00e9sent arr\u00eat\u00e9 qui sera applicable \u00e0  \ncompter de sa publication au recueil des actes administratifs  de la pr\u00e9fecture de la C\u00f4te-d'Or.\nFait \u00e0 Dijon, le 27/04/26\nLa pr\u00e9f\u00e8te,\nSIGNE\nViolaine DEMARET\nVoies et d\u00e9lais de recours\nLa  pr\u00e9sente  d\u00e9cision  peut  faire  l'objet  d'un  recours  contentieux,  aupr\u00e8s  du  tribunal  \nadministratif de Dijon, 22 rue d'Assas \u2013 B.P . 61616 \u2013 21 016 DIJON CEDEX dans un d\u00e9lai de  \ndeux (2) mois \u00e0 compter de la publication de la d\u00e9cision.\nDans  le  m\u00eame  d\u00e9lai  de  2  mois,  un  recours  gracieux  peut  .  Le  silence  gard\u00e9  par  \nl'administration pendant plus deux mois sur la demande de recours gracieux emporte  \nd\u00e9cision implicite de rejet de cette demande, conform\u00e9ment \u00e0 l'article R. 421-2 du  de  \njustice  administrative.  Celui-ci  prolonge  le  d\u00e9lai  de  recours  contentieux  qui  doit  \u00eatre  \nintroduit dans les 2 mois suivant la r\u00e9ponse.\nLe tribunal administratif peut \u00eatre saisi par un recours d\u00e9pos\u00e9 via l'application T\u00e9l\u00e9recours \ncitoyens accessible par le site internet : www.telerecours.fr\nPr\u00e9fecture de la C\u00f4te-d'Or - 21-2026-04-27-00035 - Arr\u00eat\u00e9 pr\u00e9fectoral n\u00b0    801   du 27 avril 2026\ndonnant d\u00e9l\u00e9gation de signature en mati\u00e8re d'ordonnancement secondaire et de comptabilit\u00e9 g\u00e9n\u00e9rale de l'\u00c9tat \u00e0 Monsieur Patrick\nSALLES, Directeur du p\u00f4le pilotage et ressources de la direction r\u00e9gionale des finances publiques de Bourgogne-Franche-Comt\u00e9 et du\nd\u00e9partement de la C\u00f4te-d'Or.\n113\nPr\u00e9fecture de la C\u00f4te-d'Or\nP\u00f4le juridique inter-services\n21-2026-04-27-00038\nArr\u00eat\u00e9 pr\u00e9fectoral n\u00b0    802   du 27 avril 2026\ndonnant d\u00e9l\u00e9gation de signature en mati\u00e8re\nd'ordonnancement secondaire et de\ncomptabilit\u00e9 g\u00e9n\u00e9rale de l'\u00c9tat \u00e0 Monsieur\nPatrick SALLES, Directeur du p\u00f4le pilotage et\nressources de la direction r\u00e9gionale des finances\npubliques de Bourgogne-Franche-Comt\u00e9 et du\nd\u00e9partement de la C\u00f4te-d'Or.\nPr\u00e9fecture de la C\u00f4te-d'Or - 21-2026-04-27-00038 - Arr\u00eat\u00e9 pr\u00e9fectoral n\u00b0    802   du 27 avril 2026\ndonnant d\u00e9l\u00e9gation de signature en mati\u00e8re d'ordonnancement secondaire et de comptabilit\u00e9 g\u00e9n\u00e9rale de l'\u00c9tat \u00e0 Monsieur Patrick\nSALLES, Directeur du p\u00f4le pilotage et ressources de la direction r\u00e9gionale des finances publiques de Bourgogne-Franche-Comt\u00e9 et du\nd\u00e9partement de la C\u00f4te-d'Or.\n114\nPREFETEDELACOTE-D'ORLibert\u00e9Egalit\u00e9Fraternit\u00e9\nArr\u00eat\u00e9 pr\u00e9fectoral n\u00b0    802   du 27 avril 2026\ndonnant d\u00e9l\u00e9gation de signature en mati\u00e8re d'ordonnancement secondaire et de \ncomptabilit\u00e9 g\u00e9n\u00e9rale de l'\u00c9tat \u00e0 Monsieur Patrick SALLES, Directeur du p\u00f4le pilotage et \nressources de la direction r\u00e9gionale des finances publiques de Bourgogne-Franche-Comt\u00e9 \net du d\u00e9partement de la C\u00f4te-d'Or.\nLa pr\u00e9f\u00e8te de la C\u00f4te-d'Or\nVU la loi organique n\u00b02001-692 du 1er ao\u00fbt 2001 relative aux lois de finances ;\nVU la loi n\u00b0 82-213 du 2 mars 1982 relative aux droits et libert\u00e9s communes, des d\u00e9partements  \net des r\u00e9gions ;\nVU la loi d'orientation n\u00b092-125 du 6 f\u00e9vrier 1992 relative \u00e0 l'administration territoriale de la  \nR\u00e9publique ;\nVU le d\u00e9cret n\u00b092-604 du 1er juillet 1992 modifi\u00e9 portant charte de d\u00e9concentration ;\nVU le d\u00e9cret n\u00b0 2004-374 du 29 avril 2004 modifi\u00e9 relatif au pouvoir des pr\u00e9fets, \u00e0 l'organisation  \net \u00e0 l'action des services de l'\u00c9tat dans les r\u00e9gions et les d\u00e9partements, ;\nVU le  d\u00e9cret  n\u00b02009-208  du  20  f\u00e9vrier  2009  modifi\u00e9 relatif  au  statut  particulier  des  \nadministrateurs des finances publiques ;\nVU le d\u00e9cret n\u00b02009-707 du 16 juin 2009 modifi\u00e9 relatif aux services d\u00e9concentr\u00e9s de la  \ndirection g\u00e9n\u00e9rale des finances publiques ;\nVU le  d\u00e9cret  n\u00b02012-1246  du  7  novembre  2012  modifi\u00e9  relatif  \u00e0  la  gestion  budg\u00e9taire  et \ncomptable publique ;\nVU le  d\u00e9cret  du  8  avril  2026,  nommant  Mme  Violaine  DEMARET , pr\u00e9f\u00e8te  de  la  r\u00e9gion  \nBourgogne-Franche-Comt\u00e9, pr\u00e9f\u00e8te de la C\u00f4te-d'Or;\nVU l'arr\u00eat\u00e9 du Ministre de l'\u00e9conomie et des finances du 4 juin 2025 portant affectation de M.  \nPatrick SALLES, Ing\u00e9nieur g\u00e9n\u00e9ral des Mines, Directeur du p\u00f4le pilotage et ressources \u00e0 la  \ndirection r\u00e9gionale des finances publiques de la Bourgogne et du d\u00e9partement de la C\u00f4te-d'Or\nVU l'arr\u00eat\u00e9 pr\u00e9fectoral n\u00b0 935 du 1er juillet 2025 donna nt d\u00e9l\u00e9gation de signature  \u00e0 Monsieur  \nPatrick SALL\u00c8S , Directeur p\u00f4le pilotage et ressources de la direction r\u00e9gionale des finances  \npubliques  de  Bourgogne-Franche-Comt\u00e9  et  du  d\u00e9partement  de  la  C\u00f4te  d'Or,  en  mati\u00e8re  \nd'ordonnancement secondaire ;\nSUR proposition de M. le secr\u00e9taire g\u00e9n\u00e9ral de la pr\u00e9fecture de la C\u00f4te-d'Or;\nPr\u00e9fecture de la C\u00f4te-d'Or - 21-2026-04-27-00038 - Arr\u00eat\u00e9 pr\u00e9fectoral n\u00b0    802   du 27 avril 2026\ndonnant d\u00e9l\u00e9gation de signature en mati\u00e8re d'ordonnancement secondaire et de comptabilit\u00e9 g\u00e9n\u00e9rale de l'\u00c9tat \u00e0 Monsieur Patrick\nSALLES, Directeur du p\u00f4le pilotage et ressources de la direction r\u00e9gionale des finances publiques de Bourgogne-Franche-Comt\u00e9 et du\nd\u00e9partement de la C\u00f4te-d'Or.\n115\nA R R \u00ca T E  :\nArticle 1  : l'arr\u00eat\u00e9 pr\u00e9fectoral  n\u00b0   935  du 1 er juillet 2025 donna nt d\u00e9l\u00e9gation de signature   \u00e0  \nMonsieur Patrick SALL\u00c8S , directeur p\u00f4le pilotage et ressources de la direction r\u00e9gionale des  \nfinances  publiques  de  Bourgogne-Franche-Comt\u00e9  et  du  d\u00e9partement  de  la  C\u00f4te  d'Or,  en  \nmati\u00e8re d'ordonnancement secondaire, et toutes dispositions ant\u00e9rieures contraires au pr\u00e9sent  \narr\u00eat\u00e9 sont abrog\u00e9s ;\nArticle 2     :D\u00e9l\u00e9gation de signature est donn\u00e9e \u00e0 Monsieur Patrick SALLES, Ing\u00e9nieur g\u00e9n\u00e9ral  \ndes Mines, \u00e0 effet de :\n \uf0e8 signer,  dans  la  limite  de  ses  attributions  et  comp\u00e9tences,  tout  document,  acte,  \nd\u00e9cision, contrat, conclusion, m\u00e9moire et, d'une fa\u00e7on plus g\u00e9n\u00e9rale, tous les actes se  \ntraduisant  par  l'ordonnancement  de  d\u00e9penses  ou  de  recettes  se  rapportant  au  \nfonctionnement ou \u00e0 l'\u00e9quipement de la direction r\u00e9gionale des finances publiques de  \nBourgogne-Franche-Comt\u00e9  et  du  d\u00e9partement  de  la  C\u00f4te-d'Or,  ainsi  que  \nl'ordonnancement de toute recette se rapportant aux attributions et activit\u00e9s de la  \ndirection  r\u00e9gionale  des  finances  publiques  de  Bourgogne-Franche-Comt\u00e9  et  du  \nd\u00e9partement de la C\u00f4te-d'Or ;\n recevoir les cr\u00e9dits des programmes suivants\uf0e8  :\n\uf0b7 n\u00b0 156 \u00ab Gestion fiscale et financi\u00e8re de l'\u00c9tat et du secteur public local \u00bb\n\uf0b7 n\u00b0 218 \u00ab Conduite et pilotage des politiques \u00e9conomique et financi\u00e8re \u00bb\n\uf0b7  n\u00b0 348 \u00ab performance et r\u00e9silience des b\u00e2timents de l'\u00c9tat et de ses op\u00e9rateurs \u00bb\n\uf0b7 n\u00b0 723 \u00ab Op\u00e9rations immobili\u00e8res nationales et des administrations centrales \u00bb\n\uf0b7 n\u00b0 362 \u00ab \u00c9cologie \u00bb\n proc\u00e9der \u00e0 l'ordonnancement secondaire des recettes et des d\u00e9penses de l'\u00c9tat, pour\uf0e8  \nle d\u00e9partement de la C\u00f4te d'Or imput\u00e9es sur les titres 2, 3 et 5 des programmes  \npr\u00e9cit\u00e9s  et  sur  le  compte  de  commerce  n\u00b0  907  \u2013  \u00ab op\u00e9rations  commerciales  des \ndomaines \u00bb.\nCette d\u00e9l\u00e9gation porte sur l'engagement, la liquidation et le mandatement des d\u00e9penses,  \nainsi que sur l'\u00e9mission et la signature des titres de recettes.\nArticle 3     : D\u00e9l\u00e9gation de sig nature est donn\u00e9e \u00e0 Monsieur Patrick SALLES, Ing\u00e9nieur g\u00e9n\u00e9ral  \ndes Mines, \u00e0 effet de :\n signer,  dans  la  limite  de  ses  attributions  et  comp\u00e9tences,  toute  d\u00e9claration  de\uf0e8  \nconformit\u00e9 en mati\u00e8re d'op\u00e9rations d'inventaire et, d'une fa\u00e7on plus g\u00e9n\u00e9rale, tous les  \nactes se traduisant par la constatation des droits et obligations et l'inventaire des biens se  \nrapportant  \u00e0  l'activit\u00e9  financi\u00e8re  de  la  direction  r\u00e9gionale  des  finances  publiques  de  \nBourgogne-Franche-Comt\u00e9 et du d\u00e9partement de la C\u00f4te-d'Or.\nA l'exception de :\n- les ordres de r\u00e9quisition du comptable public ;\n- les d\u00e9cisions de passer outre aux refus de visas et aux avis d\u00e9favorables de l'autorit\u00e9  \ncharg\u00e9e du contr\u00f4le financier en mati\u00e8re d'engagement des d\u00e9penses ;\n- l'ordonnancement secondaire des d\u00e9penses de l'\u00c9tat du programme 833 \u2013 Avances sur \nle montant des impositions revenant aux r\u00e9gions, d\u00e9partements, communes, \n\u00e9tablissements et divers organismes.\nArticle 5     :  Monsieur Patrick SALLES,  peut, en tant que de besoin et sous sa responsabilit\u00e9,  \ndonner  d\u00e9l\u00e9gation  de  signature  aux  agents  plac\u00e9s  sous  son  autorit\u00e9  dans  les  conditions  \npr\u00e9vues par l'article 38 du d\u00e9cret n\u00b0 2004-374 modifi\u00e9 du 29 avril 2004.\nPr\u00e9fecture de la C\u00f4te-d'Or - 21-2026-04-27-00038 - Arr\u00eat\u00e9 pr\u00e9fectoral n\u00b0    802   du 27 avril 2026\ndonnant d\u00e9l\u00e9gation de signature en mati\u00e8re d'ordonnancement secondaire et de comptabilit\u00e9 g\u00e9n\u00e9rale de l'\u00c9tat \u00e0 Monsieur Patrick\nSALLES, Directeur du p\u00f4le pilotage et ressources de la direction r\u00e9gionale des finances publiques de Bourgogne-Franche-Comt\u00e9 et du\nd\u00e9partement de la C\u00f4te-d'Or.\n116\nArticle 6     : Le secr\u00e9taire g\u00e9n\u00e9ral de la pr\u00e9fecture de la C\u00f4te-d'Or et  le directeur r\u00e9gional des \nfinances publiques de Bourgogne-Franche-Comt\u00e9 et du d\u00e9partement de la C\u00f4te-d'Or , sont  \ncharg\u00e9s, chacun en ce qui le concerne, de l'ex\u00e9cution du pr\u00e9sent arr\u00eat\u00e9 qui sera applicable \u00e0  \ncompter de sa publication au recueil des actes administratifs  de la pr\u00e9fecture de la C\u00f4te-d'Or.\nFait \u00e0 Dijon, le 27/04/26\nLa pr\u00e9f\u00e8te,\nSIGNE\nViolaine DEMARET\nVoies et d\u00e9lais de recours\nLa  pr\u00e9sente  d\u00e9cision  peut  faire  l'objet  d'un  recours  contentieux,  aupr\u00e8s  du  tribunal  \nadministratif de Dijon, 22 rue d'Assas \u2013 B.P . 61616 \u2013 21 016 DIJON CEDEX dans un d\u00e9lai de  \ndeux (2) mois \u00e0 compter de la publication de la d\u00e9cision.\nDans  le  m\u00eame  d\u00e9lai  de  2  mois,  un  recours  gracieux  peut  .  Le  silence  gard\u00e9  par  \nl'administration pendant plus deux mois sur la demande de recours gracieux emporte  \nd\u00e9cision implicite de rejet de cette demande, conform\u00e9ment \u00e0 l'article R. 421-2 du  de  \njustice  administrative.  Celui-ci  prolonge  le  d\u00e9lai  de  recours  contentieux  qui  doit  \u00eatre  \nintroduit dans les 2 mois suivant la r\u00e9ponse.\nLe tribunal administratif peut \u00eatre saisi par un recours d\u00e9pos\u00e9 via l'application T\u00e9l\u00e9recours \ncitoyens accessible par le site internet : www.telerecours.fr\nPr\u00e9fecture de la C\u00f4te-d'Or - 21-2026-04-27-00038 - Arr\u00eat\u00e9 pr\u00e9fectoral n\u00b0    802   du 27 avril 2026\ndonnant d\u00e9l\u00e9gation de signature en mati\u00e8re d'ordonnancement secondaire et de comptabilit\u00e9 g\u00e9n\u00e9rale de l'\u00c9tat \u00e0 Monsieur Patrick\nSALLES, Directeur du p\u00f4le pilotage et ressources de la direction r\u00e9gionale des finances publiques de Bourgogne-Franche-Comt\u00e9 et du\nd\u00e9partement de la C\u00f4te-d'Or.\n117\nPr\u00e9fecture de la C\u00f4te-d'Or\nP\u00f4le juridique inter-services\n21-2026-04-27-00024\nArr\u00eat\u00e9 pr\u00e9fectoral n\u00b0   777  / SG du 27 avril 2026\ndonnant d\u00e9l\u00e9gation de signature \u00e0 Monsieur\nS\u00e9bastien LANOYE,\nSous-pr\u00e9fet de Montbard\nPr\u00e9fecture de la C\u00f4te-d'Or - 21-2026-04-27-00024 - Arr\u00eat\u00e9 pr\u00e9fectoral n\u00b0   777  / SG du 27 avril 2026\ndonnant d\u00e9l\u00e9gation de signature \u00e0 Monsieur S\u00e9bastien LANOYE,\nSous-pr\u00e9fet de Montbard\n118\nPREFETEDE LACOTE-D'ORLibert\u00e9Egalit\u00e9Fraternit\u00e9\nArr\u00eat\u00e9 pr\u00e9fectoral n\u00b0   777  / SG du 27 avril 2026\ndonnant d\u00e9l\u00e9gation de signature \u00e0 Monsieur S\u00e9bastien LANOYE,\nSous-pr\u00e9fet de Montbard\nLa pr\u00e9f\u00e8te de la C\u00f4te-d'Or\nVu la loi n\u00b0 82.213 du 2 mars 1982 modifi\u00e9e relative aux droits et libert\u00e9s des communes, des  \nd\u00e9partements et des r\u00e9gions ;\nVu le d\u00e9cret n\u00b0 2025-723 du 30 juillet 2025 modifiant le d\u00e9cret n\u00b0 2004-374 du 29 avril 2004  \nrelatif aux pouvoirs des pr\u00e9fets, \u00e0 l'organisation et \u00e0 l'action des services de l'\u00c9tat dans les  \nr\u00e9gions et d\u00e9partements ;\nVu le d\u00e9cret du 6 juillet 2023, portant nomination de Monsieur Beno\u00eet BYRSKI, en qualit\u00e9 de  \nSous-pr\u00e9fet de Beaune ;\nVu le d\u00e9cret du 17 novembre 2023 portant nomination de Monsieur S\u00e9bastien LANOYE, Sous-  \npr\u00e9fet de Montbard ;\nVu le d\u00e9cret du 14 novembre 2024 portant nomination de Monsieur Denis BRUEL en qualit\u00e9 de  \nSecr\u00e9taire g\u00e9n\u00e9ral de la pr\u00e9fecture de la C\u00f4te-d'Or, Sous-pr\u00e9fet de Dijon (groupe II) ;\nVu le d\u00e9cret du 6 mars 2025 portant nomination de Madame Aur\u00e9lie CONTRECIVILE, en qualit\u00e9  \nde Sous-pr\u00e9f\u00e8te, Directrice de cabinet du Pr\u00e9fet de la R\u00e9gion Bourgogne-Franche-Comt\u00e9, Pr\u00e9fet \nde la C\u00f4te-d'Or ;\nVu le d\u00e9cret du 23 mai 2025 portant nomination de Madame Magalie MALERBA en qualit\u00e9  \nsecr\u00e9taire g\u00e9n\u00e9rale adjointe de la pr\u00e9fecture de la C\u00f4te d'Or, sous-pr\u00e9f\u00e8te charg\u00e9e de mission  \naupr\u00e8s du Pr\u00e9fet de la R\u00e9gion Bourgogne-Franche-Comt\u00e9, Pr\u00e9fet de la C\u00f4te-d'Or ;\nVu le d\u00e9cret du 8 avril 2026 nommant Madame Violaine DEMARET, Pr\u00e9f\u00e8te de la R\u00e9gion  \nBourgogne-Franche-Comt\u00e9, Pr\u00e9f\u00e8te de la C\u00f4te d'Or;\nVu l'arr\u00eat\u00e9 pr\u00e9fectoral  n\u00b0 817/SG du 13 juin 2025 d onnant d\u00e9l\u00e9gation de signature \u00e0 Monsieur  \nS\u00e9bastien LANOYE , sous-pr\u00e9fet de Montbard ;\nSur proposition de Monsieur le secr\u00e9taire g\u00e9n\u00e9ral de la pr\u00e9fecture de la C\u00f4te-d'Or ;\nPr\u00e9fecture de la C\u00f4te-d'Or - 21-2026-04-27-00024 - Arr\u00eat\u00e9 pr\u00e9fectoral n\u00b0   777  / SG du 27 avril 2026\ndonnant d\u00e9l\u00e9gation de signature \u00e0 Monsieur S\u00e9bastien LANOYE,\nSous-pr\u00e9fet de Montbard\n119\nARR\u00caTE\nArticle 1  er   : L'arr\u00eat\u00e9 pr\u00e9fectoral n\u00b0 817/SG du 13 juin 2025  donnant d\u00e9l\u00e9gation de signature \u00e0  \nMonsieur  S\u00e9bastien  LANOYE , Sous-pr\u00e9fet  de  Montbard , et  toutes  dispositions  ant\u00e9rieures  \ncontraires au pr\u00e9sent arr\u00eat\u00e9 sont abrog\u00e9s.\nArticle 2 : D\u00e9l\u00e9gation de signature est donn\u00e9e \u00e0 Monsieur S\u00e9bastien LANOYE, Sous-pr\u00e9fet de \nMontbard, \u00e0 l'effet de signer les d\u00e9cisions suivantes  dans le ressort de l'arrondissement de  \nMontbard :\nPOLICE G\u00c9N\u00c9RALE :\n1. Octroi du  concours de la force  publique pour l' ex\u00e9cution des jugements d'expulsion des  \nlocataires ;\n2. indemnisation en responsabilit\u00e9 de l'\u00c9tat en cas de refus d'octroi du concours de la force  \npublique pour l'ex\u00e9cution des jugements d'expulsion ;\n3. r\u00e9quisitions de logements ;\n4. toute autorisation relative \u00e0 la police des caf\u00e9s, d\u00e9bits de boissons, bals, spectacles et  \nautres lieux publics exc\u00e9dant la comp\u00e9tence des autorit\u00e9s municipales ;\n5. fermeture administrative des d\u00e9bits de boissons pour une dur\u00e9e n'exc\u00e9dant pas trois mois ;\n6. d\u00e9cisions relatives au transfert de licences de d\u00e9bit de boissons ;\n7. arr\u00eat\u00e9s portant autorisation de loteries et tombolas dont le capital d'\u00e9mission est inf\u00e9rieur  \nou \u00e9gal \u00e0 7 622 euros ;\n8. d\u00e9livrance des r\u00e9c\u00e9piss\u00e9s de liquidations (article L. 310-1 du code du commerce et d\u00e9cret  \nn \u00b0 2005-39 du 18 janvier 2005 modifiant le d\u00e9cret n\u00b0 96-1097 du 16 d\u00e9cembre 1996) ;\n9. r\u00e9c\u00e9piss\u00e9s de brocanteurs, colporteurs, revendeurs d'objets mobiliers ;\n10. r\u00e9c\u00e9piss\u00e9s de loteries instantan\u00e9es de la Fran\u00e7aise des Jeux ;\n11. autorisations de haut-parleurs mobiles sur la voie publique ;\n12. autorisations  des  courses  p\u00e9destres,  cyclistes  et  hippiques  (en  cas  de  courses  se  \nd\u00e9roulant sur plusieurs arrondissements, l'arrondissement de d\u00e9part g\u00e8re la totalit\u00e9 de la  \ncourse) et manifestations de v\u00e9hicules moteurs sur voie ouverte \u00e0 la circulation ou sur  \ncircuits  homologu\u00e9s  ou  non  ;  l'homologation  des  circuits  pour  les  manifestations  de  \nv\u00e9hicule \u00e0 moteur et les manifestations nautiques ;\n13. autorisations d'utilisation temporaire des locaux scolaires ;\n14. reconnaissance de l'aptitude technique des gardes particuliers ;\n15. agr\u00e9ment et retrait d'agr\u00e9ment des gardes particuliers, gardes-chasse et gardes-p\u00eache, et  \nd\u00e9livrance des cartes d'agr\u00e9ment ;\n16. installation et prestation de serment des fonctionnaires de l'\u00c9tat ;\n17. nomination  des  commissaires-enqu\u00eateurs  et  ouverture  des  enqu\u00eates  de  commodo  et \nincommodo : tous actes de proc\u00e9dure ;\n18. autorisations de versement d'indemnit\u00e9s aux fonctionnaires de l'\u00c9tat pour les services  \nrendus aux communes et \u00e9tablissements publics communaux ou intercommunaux, dans  \nla limite r\u00e9glementaire ;\n19. autorisations de poursuite par voie de vente ;\n2/7\nPr\u00e9fecture de la C\u00f4te-d'Or - 21-2026-04-27-00024 - Arr\u00eat\u00e9 pr\u00e9fectoral n\u00b0   777  / SG du 27 avril 2026\ndonnant d\u00e9l\u00e9gation de signature \u00e0 Monsieur S\u00e9bastien LANOYE,\nSous-pr\u00e9fet de Montbard\n120\n20. arr\u00eat\u00e9s modifiant les heures de scrutin pour les \u00e9lections aux Chambres Consulaires et \u00e0  \nla Mutualit\u00e9 Sociale Agricole ;\n21. arr\u00eat\u00e9s d'occupation temporaire et de p\u00e9n\u00e9tration sur les propri\u00e9t\u00e9s priv\u00e9es en vue de la  \nr\u00e9alisation de travaux publics ;\n22. en mati\u00e8re de l\u00e9gislation fun\u00e9raire :\n\u2022 arr\u00eat\u00e9s d'inhumation et de cr\u00e9mation hors des d\u00e9lais l\u00e9gaux\n\u2022 arr\u00eat\u00e9s d'inhumation en terrain priv\u00e9,\n\u2022 arr\u00eat\u00e9s de transport de corps hors du territoire national,\n\u2022 arr\u00eat\u00e9s de transport d'urne cin\u00e9raire hors du territoire national,\n\u2022 habilitation des entreprises de pompes fun\u00e8bres ;\n23. d\u00e9cisions de la commission de s\u00e9curit\u00e9 et d'accessibilit\u00e9 de l'arrondissement, y compris  \nles d\u00e9cisions de la sous-commission de s\u00e9curit\u00e9 et d'accessibilit\u00e9 ;\n24. arr\u00eat\u00e9s pr\u00e9fectoraux de d\u00e9rogation aux r\u00e8gles de s\u00e9curit\u00e9 et d'accessibilit\u00e9 concernant les  \n\u00e9tablissements recevant du public ;\n25. arr\u00eat\u00e9s  portant  rattachement  d'une  personne  sans  r\u00e9sidence  ni  domicile  fixe  \u00e0  une  \ncommune de l'arrondissement ;\n26. arr\u00eat\u00e9s autorisant l'installation ou l'extension de syst\u00e8mes de vid\u00e9o-protection.\nADMINISTRATION LOCALE (Dans le ressort de l'arrondissement de Montbard) :\n1. Acceptation des d\u00e9missions d'adjoint ;\n2. lettres d'observation aux collectivit\u00e9s locales et aux EPCI dans le cadre du contr\u00f4le des  \nactes et du contr\u00f4le budg\u00e9taire ;\n3. cr\u00e9ation, modification et dissolution des associations syndicales libres et des associations  \nfonci\u00e8res urbaines libres ;\n4. cr\u00e9ation, contr\u00f4le, modification, dissolution, union et fusion des associations syndicales  \nautoris\u00e9es ;\n5. cr\u00e9ation, contr\u00f4le, modification, dissolution des associations fonci\u00e8res urbaines autoris\u00e9es  \net transformation des associations fonci\u00e8res de remembrement en associations syndicales \nautoris\u00e9es ;\n6. cr\u00e9ation, modification et dissolution des syndicats intercommunaux, des communaut\u00e9s de  \ncommunes et des syndicats mixtes de 1 \u00e8re ou 2e cat\u00e9gorie lorsque tous les membres et le  \nsi\u00e8ge sont dans l'arrondissement ;\n7. demande au maire de r\u00e9unir le conseil municipal avec possibilit\u00e9 d'abr\u00e9ger le d\u00e9lai en cas  \nd'urgence (article L.2121.9 du code g\u00e9n\u00e9ral des collectivit\u00e9s territoriales) ;\n8. demande d'avis du conseil municipal pr\u00e9vu par l'article L.2121.29 du code g\u00e9n\u00e9ral des  \ncollectivit\u00e9s territoriales ;\n9. convocation des \u00e9lecteurs pour toute \u00e9lection municipale compl\u00e9mentaire (et notamment  \nen application de l'article L.258 du code \u00e9lectoral) ;\n10. r\u00e9ception des candidatures et d\u00e9livrance des re\u00e7us de d\u00e9p\u00f4t et des r\u00e9c\u00e9piss\u00e9s d\u00e9finitifs  \nde d\u00e9clarations de candidatures pour les \u00e9lections municipales compl\u00e9mentaires dans les  \ncommunes de l'arrondissement de Montbard ;\n11.  d\u00e9signation des membres des commissions de contr\u00f4le des listes \u00e9lectorales institu\u00e9es  \ndans les communes de l'arrondissement de Montbard ;\n12. substitution  au  maire  dans  les  cas  pr\u00e9vus  par  les  articles  L.2122.34,  L.2213.17,  et  \nL.2215.1 du code g\u00e9n\u00e9ral des collectivit\u00e9s territoriales ;\n3/7\nPr\u00e9fecture de la C\u00f4te-d'Or - 21-2026-04-27-00024 - Arr\u00eat\u00e9 pr\u00e9fectoral n\u00b0   777  / SG du 27 avril 2026\ndonnant d\u00e9l\u00e9gation de signature \u00e0 Monsieur S\u00e9bastien LANOYE,\nSous-pr\u00e9fet de Montbard\n121\n13. convocation des \u00e9lecteurs pour la d\u00e9signation des commissions syndicales, fixation de la  \ndur\u00e9e  de  la  commission,  consultation  de  la  commission  et  consultation  du  conseil  \nmunicipal ;\n14. approbation des d\u00e9lib\u00e9rations des conseils municipaux pr\u00e9vue \u00e0 l'article L.2544.4 du code  \ng\u00e9n\u00e9ral  des  collectivit\u00e9s  territoriales  (section  de  commune  poss\u00e9dant  un  patrimoine  \ns\u00e9par\u00e9) ;\n15. en mati\u00e8re de biens indivis :\n\u2022 constitution  des  commissions  syndicales  en  l'absence  de  d\u00e9cision  des  conseils  \nmunicipaux concern\u00e9s et arr\u00eat\u00e9 constitutif en cas d'accord des conseils municipaux  \n(articles L.5222.1 du code g\u00e9n\u00e9ral des collectivit\u00e9s territoriales) ;\n\u2022 r\u00e9partition des exc\u00e9dents en cas de d\u00e9saccord ou si les conseils municipaux n'ont  \npas  d\u00e9lib\u00e9r\u00e9  dans  les  d\u00e9lais  prescrits  (article  L.5222.2  du  code  g\u00e9n\u00e9ral  des  \ncollectivit\u00e9s territoriales) ;\n16. approbation  des  d\u00e9lib\u00e9rations,  budgets  et  march\u00e9s  des  associations  fonci\u00e8res  de  \nremembrement,  des  associations  syndicales  autoris\u00e9es  et  des  associations  fonci\u00e8res  \nurbaines autoris\u00e9es ;\n17. r\u00f4les dress\u00e9s pour le recouvrement des taxes ou cotisations par les associations fonci\u00e8res \nde remembrement ;\n18. \u00e9tats annuels de notification des taux d'imposition des quatre taxes directes locales (\u00e9tats  \nnos 1253 et 1259 MI) ;\n19. autorisations d'emprunt de l'article L.2121.34 du code g\u00e9n\u00e9ral des collectivit\u00e9s territoriales  \n(emprunts des centres communaux d'action sociale) ;\n20. cr\u00e9ation d'office des cimeti\u00e8res dans les cas pr\u00e9vus par la loi ;\n21. prescription  des  enqu\u00eates  pr\u00e9alables  \u00e0  la  modification  des  limites  territoriales  des  \ncommunes pr\u00e9vues \u00e0 l'article L.2112.2 du code g\u00e9n\u00e9ral des collectivit\u00e9s territoriales ;\n22. arr\u00eat\u00e9s  portant  modification  des  limites  territoriales  des  communes  situ\u00e9es  dans  \nl'arrondissement, dans le cas o\u00f9 les limites cantonales ou d\u00e9partementales ne sont pas  \nmodifi\u00e9es ;\n23. institution de la commission syndicale pr\u00e9vue \u00e0 l'article L.2112.3 du code g\u00e9n\u00e9ral des  \ncollectivit\u00e9s t erritoriales,  dans les  conditions d\u00e9finies  \u00e0  l'article  R.151.6  du  code  des  \ncommunes ;\n24. d\u00e9signation  du  d\u00e9l\u00e9gu\u00e9  de  l'administration  au  sein  des  commissions  communales  \ncharg\u00e9es  de  r\u00e9viser  la  liste  \u00e9lectorale  composant  le  coll\u00e8ge  d\u00e9partemental  des  \npropri\u00e9taires forestiers ;\n25. d\u00e9cisions d'agr\u00e9ment des agents de police municipale (article 7 de la loi n\u00b0 99-291 du  \n15 avril 1999) et cartes professionnelles correspondantes ;\n26. contr\u00f4le de l\u00e9galit\u00e9 des actes des soci\u00e9t\u00e9s d'\u00e9conomie mixte dont le si\u00e8ge est situ\u00e9 dans  \nl'arrondissement ;\n27. arr\u00eat\u00e9s de paiement FCTVA et leur notification   et  validation \u00e9lectronique des arr\u00eat\u00e9s  \nd'attribution du Fonds de compensation pour la TVA ;\n28. convention entre le repr\u00e9sentant de l'\u00c9tat et les b\u00e9n\u00e9ficiaires du fonds, s'agissant de  \nl'application du dispositif du plan de relance de l'\u00e9conomie relatif au FCTVA ;\n29. arr\u00eat\u00e9s constatant que les collectivit\u00e9s b\u00e9n\u00e9ficiaires du fonds, s'agissant de l'application du \ndispositif du plan de relance de l'\u00e9conomie relatif au FCTVA,  ont ou n'ont pas respect\u00e9  \nleurs engagements ;\n4/7\nPr\u00e9fecture de la C\u00f4te-d'Or - 21-2026-04-27-00024 - Arr\u00eat\u00e9 pr\u00e9fectoral n\u00b0   777  / SG du 27 avril 2026\ndonnant d\u00e9l\u00e9gation de signature \u00e0 Monsieur S\u00e9bastien LANOYE,\nSous-pr\u00e9fet de Montbard\n122\n30. courriers, accus\u00e9s de r\u00e9ception li\u00e9s aux dossiers de subvention ;\n31. arbitrage en mati\u00e8re de participation financi\u00e8re entre les collectivit\u00e9s de r\u00e9sidence et de  \nscolarisation ;\n32. conventions relatives au compte financier unique.\nArticle 3  : D\u00e9l\u00e9gation est donn\u00e9e \u00e0  Madame Marguerite MOINDROT , attach\u00e9e hors classe,  \nsecr\u00e9taire  g\u00e9n\u00e9rale  de  la  sous-pr\u00e9fecture,  \u00e0  l'effet  dans  le  ressort  de  l'arrondissement  de  \nMontbard les documents et d\u00e9cisions suivantes :\n1. d\u00e9cisions de la Commission de s\u00e9curit\u00e9 et d'accessibilit\u00e9 de l'arrondissement, y compris  \nles d\u00e9cisions de la sous-commission de s\u00e9curit\u00e9 et d'accessibilit\u00e9 ;\n2. arr\u00eat\u00e9s pr\u00e9fectoraux de d\u00e9rogation aux r\u00e8gles de s\u00e9curit\u00e9 et d'accessibilit\u00e9 concernant les  \n\u00e9tablissements recevant du public ;\n3. r\u00e9c\u00e9piss\u00e9s de brocanteurs, de colporteurs, revendeurs d'objets mobiliers ;\n4. arr\u00eat\u00e9s  portant  rattachement  d'une  personne  sans  r\u00e9sidence  ni  domicile  fixe  \u00e0  une  \ncommune de l'arrondissement ;\n5. en mati\u00e8re de l\u00e9gislation fun\u00e9raire ;\n\u2022 arr\u00eat\u00e9s d'inhumation et de cr\u00e9mation hors des d\u00e9lais l\u00e9gaux,\n\u2022 arr\u00eat\u00e9s d'inhumation en terrain priv\u00e9,\n\u2022 arr\u00eat\u00e9s de transport de corps hors du territoire national,\n\u2022 arr\u00eat\u00e9 de transport d'urne cin\u00e9raire hors du territoire national,\n\u2022 habilitation des entreprises de pompes fun\u00e8bres (y compris les chambres fun\u00e9raires  \net\nles cr\u00e9matoriums) ;\n6. r\u00e9c\u00e9piss\u00e9s des loteries instantan\u00e9es de la Fran\u00e7aise des Jeux ;\n7. arr\u00eat\u00e9s portant autorisation de loteries et tombolas dont le capital d'\u00e9mission est inf\u00e9rieur ou \n\u00e9gal \u00e0 7 622 euros ;\n8. autorisations des haut-parleurs mobiles sur la voie publique ;\n9. autorisations  des  courses  p\u00e9destres,  cyclistes  et  hippiques  (en  cas  de  courses  se  \nd\u00e9roulant sur plusieurs arrondissements, l'arrondissement de d\u00e9part g\u00e8re la totalit\u00e9 de la  \ncourse) et manifestations de v\u00e9hicules moteurs sur voie ouverte \u00e0 la circulation ou sur  \ncircuits  homologu\u00e9s  ou  non  ;  l'homologation  des  circuits  pour  les  manifestations  de  \nv\u00e9hicule \u00e0 moteur et les manifestations nautiques.\n10. reconnaissance de l'aptitude technique des gardes particuliers ;\n11. agr\u00e9ment et retrait d'agr\u00e9ment des gardes particuliers, gardes-chasse et gardes-p\u00eache, et  \nd\u00e9livrance des cartes d'agr\u00e9ment ;\n12. installation et prestation de serment des fonctionnaires de l'\u00c9tat ;\n13. d\u00e9cisions  d'agr\u00e9ment  des  agents  de  police  municipale  et  cartes  professionnelles  \ncorrespondantes ;\n14. d\u00e9signation des d\u00e9l\u00e9gu\u00e9s de l'administration au sein des commissions de contr\u00f4le des  \nlistes \u00e9lectorales institu\u00e9es dans les communes de l'arrondissement de Montbard ;\n15. convocation des \u00e9lecteurs pour toute \u00e9lection municipale compl\u00e9mentaire (et notamment  \nen application de l'article L.258 du Code \u00c9lectoral) ;\n5/7\nPr\u00e9fecture de la C\u00f4te-d'Or - 21-2026-04-27-00024 - Arr\u00eat\u00e9 pr\u00e9fectoral n\u00b0   777  / SG du 27 avril 2026\ndonnant d\u00e9l\u00e9gation de signature \u00e0 Monsieur S\u00e9bastien LANOYE,\nSous-pr\u00e9fet de Montbard\n123\n16. r\u00e9ception des candidatures et d\u00e9livrance des re\u00e7us de d\u00e9p\u00f4t et des r\u00e9c\u00e9piss\u00e9s d\u00e9finitifs  \nde d\u00e9clarations de candidatures pour les \u00e9lections municipales compl\u00e9mentaires dans les  \ncommunes de l'arrondissement de Montbard ;\n17. visa des r\u00f4les dress\u00e9s pour le recouvrement des taxes ou cotisations par les associations  \nfonci\u00e8res de remembrement ou par les associations syndicales autoris\u00e9es  ;\u00e9tats annuels \nde notification des taux d'imposition des quatre taxes directes locales (\u00e9tats n o1253 et  \nn\u00b01259 MI) ; arr\u00eat\u00e9s de paiement FCTVA et leur notification  et validation \u00e9lectronique des \narr\u00eat\u00e9s d'attribution du Fonds de compensation pour la TVA ;\n18. convention entre le repr\u00e9sentant de l'\u00c9tat et les b\u00e9n\u00e9ficiaires du fonds, s'agissant de  \nl'application du dispositif du plan de relance de l'\u00e9conomie relatif au FCTVA ;\n19. arr\u00eat\u00e9s constatant que les collectivit\u00e9s b\u00e9n\u00e9ficiaires du fonds, s'agissant de l'application  \ndu dispositif du plan de relance de l'\u00e9conomie relatif au FCTVA, ont ou n'ont pas respect\u00e9 \nleurs engagements ;\n20. tout document et correspondance administratifs non opposables aux tiers ;\n21. attestation pr\u00e9fectorale de d\u00e9livrance initiale d'un permis de chasser ;\nArticle 4 : En cas d'absence ou d'emp\u00eachement de Mme Marguerite MOINDROT, la d\u00e9l\u00e9gation  \nqui lui est consentie par l'article 3 sera exerc\u00e9e par Madame Am\u00e9lie MILLOT VIDET, secr\u00e9taire  \nadministrative de classe exceptionnelle, cheffe du p\u00f4le \u00ab  collectivit\u00e9s locales et d\u00e9veloppement  \nterritorial \u00bb ou par Madame Isabelle BAIJOT, secr\u00e9taire administrative de classe sup\u00e9rieure  \nadjointe \u00e0 la cheffe du p\u00f4le \u00ab  collectivit\u00e9s locales et d\u00e9veloppement territorial  \u00bb ou Madame  \nV\u00e9ronique PARISOT, secr\u00e9taire administrative de classe normale ;\nArticle 5  : D\u00e9l\u00e9gation de signature est donn\u00e9e \u00e0 Madame Am\u00e9lie MILLOT VIDET, secr\u00e9taire  \nadministrative de classe exceptionnelle  \u00e0 l'effet de signer la validation \u00e9lectronique des arr\u00eat\u00e9s  \nd'attribution du Fonds de compensation pour la TVA dans les communes de l'arrondissement de  \nMontbard ;\nArticle 6 : En cas d'absence ou d'emp\u00eachement de Monsieur S\u00e9bastien LANOYE, Sous-pr\u00e9fet  \nde Montbard, et notamment pendant ses cong\u00e9s, la d\u00e9l\u00e9gation de signature qui lui est consentie  \npourra \u00eatre exerc\u00e9e par Monsieur Denis BRUEL, Secr\u00e9taire g\u00e9n\u00e9ral de la pr\u00e9fecture de la C\u00f4te-\nd'Or, par Mme Magalie MALERBA, Secr\u00e9taire g\u00e9n\u00e9rale adjointe de la pr\u00e9fecture de la C\u00f4te-d'Or  \nou par Monsieur Beno\u00eet BYRSKI, Sous-pr\u00e9fet de Beaune ;\nArticle 7 : Le Secr\u00e9taire g\u00e9n\u00e9ral de la pr\u00e9fecture de la C\u00f4te-d'Or, la Secr\u00e9taire g\u00e9n\u00e9rale adjointe \nde la pr\u00e9fecture de la C\u00f4te-d'Or,  le Sous-pr\u00e9fet de Montbard,  le Sous-pr\u00e9fet de Beaune, la  \nSecr\u00e9taire g\u00e9n\u00e9rale de la sous-pr\u00e9fecture de Montbard et les agents b\u00e9n\u00e9ficiaires de la pr\u00e9sente \nd\u00e9l\u00e9gation \u00e0 la sous-pr\u00e9fecture de Montbard, sont charg\u00e9s, chacun pour ce qui le concerne, de  \nl'ex\u00e9cution du pr\u00e9sent arr\u00eat\u00e9 qui sera publi\u00e9 au recueil des actes administratifs de la pr\u00e9fecture  \nde la C\u00f4te-d'Or.\nFait \u00e0 Dijon, le 27/04/26\nLa pr\u00e9f\u00e8te,\nSIGNE\nViolaine DEMARET\n6/7\nPr\u00e9fecture de la C\u00f4te-d'Or - 21-2026-04-27-00024 - Arr\u00eat\u00e9 pr\u00e9fectoral n\u00b0   777  / SG du 27 avril 2026\ndonnant d\u00e9l\u00e9gation de signature \u00e0 Monsieur S\u00e9bastien LANOYE,\nSous-pr\u00e9fet de Montbard\n124\nVoies et d\u00e9lais de recours\nLa  pr\u00e9sente  d\u00e9cision  peut  faire  l'objet  d'un  recours  contentieux,  aupr\u00e8s  du  tribunal  \nadministratif de Dijon, 22 rue d'Assas \u2013 B.P . 61616 \u2013 21 016 DIJON CEDEX dans un d\u00e9lai de deux \n(2) mois \u00e0 compter de la publication de la d\u00e9cision.\nDans le m\u00eame d\u00e9lai de 2 mois, un recours gracieux peut . Le silence gard\u00e9 par l'administration \npendant plus deux mois sur la demande de recours gracieux emporte d\u00e9cision implicite de  \nrejet de cette demande, conform\u00e9ment \u00e0 l'article R. 421-2 du  de justice administrative. Celui-\nci prolonge le d\u00e9lai de recours contentieux qui doit \u00eatre introduit dans les 2  mois suivant la  \nr\u00e9ponse.\nLe tribunal administratif peut \u00eatre saisi par un recours d\u00e9pos\u00e9 via l'application T\u00e9l\u00e9recours  \ncitoyens accessible par le site internet : www.telerecours.fr\n7/7\nPr\u00e9fecture de la C\u00f4te-d'Or - 21-2026-04-27-00024 - Arr\u00eat\u00e9 pr\u00e9fectoral n\u00b0   777  / SG du 27 avril 2026\ndonnant d\u00e9l\u00e9gation de signature \u00e0 Monsieur S\u00e9bastien LANOYE,\nSous-pr\u00e9fet de Montbard\n125\nPr\u00e9fecture de la C\u00f4te-d'Or\nP\u00f4le juridique inter-services\n21-2026-04-27-00025\nArr\u00eat\u00e9 pr\u00e9fectoral n\u00b0   791 / SG du  27 avril 2026  \n    \ndonnant d\u00e9l\u00e9gation de signature \u00e0 Monsieur\nLouis-Joseph VANDERSTUYF,\nchef du bureau de la repr\u00e9sentation de l'\u00c9tat\nPr\u00e9fecture de la C\u00f4te-d'Or - 21-2026-04-27-00025 - Arr\u00eat\u00e9 pr\u00e9fectoral n\u00b0   791 / SG du  27 avril 2026       \ndonnant d\u00e9l\u00e9gation de signature \u00e0 Monsieur Louis-Joseph VANDERSTUYF,\nchef du bureau de la repr\u00e9sentation de l'\u00c9tat\n126\nPREFETEDELACOTE-D'ORLibert\u00e9Egalit\u00e9Fraternit\u00e9\nArr\u00eat\u00e9 pr\u00e9fectoral n\u00b0   791 / SG du  27 avril 2026       \ndonnant d\u00e9l\u00e9gation de signature \u00e0 Monsieur Louis-Joseph VANDERSTUYF,\nchef du bureau de la repr\u00e9sentation de l'\u00c9tat\nLa pr\u00e9f\u00e8te de la C\u00f4te-d'Or\nVu la loi n\u00b0 82.213 du 2 mars 1982 modifi\u00e9e relative aux droits et libert\u00e9s des communes, \ndes d\u00e9partements et des r\u00e9gions ;\nVu le d\u00e9cret n\u00b0 2025-723 du 30 juillet 2025 modifiant le d\u00e9cret n\u00b0 2004-374 du 29 avril 2004  \nrelatif aux pouvoirs des pr\u00e9fets, \u00e0 l'organisation et \u00e0 l'action des services de l'\u00c9tat dans les  \nr\u00e9gions et d\u00e9partements ;\nVu le  d\u00e9cret  du  8  avril  2026  nommant  Madame  Violaine  DEMARET,  pr\u00e9f\u00e8te  de  la  r\u00e9gion  \nBourgogne \u2013 Franche-Comt\u00e9, pr\u00e9f\u00e8te de la C\u00f4te-d'Or;\nVu l'arr\u00eat\u00e9 pr\u00e9fectoral n\u00b0 16510/SG du 28 octobre 2024, donnant d\u00e9l\u00e9gation de signature \u00e0  \nMonsieur Louis-Joseph VANDERSTUYF, chef du bureau de la repr\u00e9sentation de l'\u00c9tat ;\nSur proposition de Madame la directrice de cabinet de la pr\u00e9fecture de la C\u00f4te-d'Or ;\nARR\u00caTE\nArticle 1  er   :  L'arr\u00eat\u00e9 pr\u00e9fectoral n\u00b0 1651/SG du 28 octobre 2024, donnant d\u00e9l\u00e9gation de  \nsignature \u00e0  Monsieur Louis-Joseph VANDERSTUYF,  et toutes dispositions ant\u00e9rieures  \ncontraires  au pr\u00e9sent arr\u00eat\u00e9, sont abrog\u00e9s.\nArticle 2 : D\u00e9l\u00e9gation de signature est donn\u00e9e \u00e0 Monsieur Louis-Joseph VANDERSTUYF, \nchef du bureau de la repr\u00e9sentation de l'\u00c9tat, en ce qui concerne :\n\u27a2 les correspondances courantes concernant l'ensemble des attributions du bureau  de la  \nrepr\u00e9sentation de l'\u00c9tat ;\n\u27a2 les demandes d'enqu\u00eates, de renseignements et d'avis relatifs aux affaires du bureau de la  \nrepr\u00e9sentation de l'\u00c9tat;\n\u27a2 les exp\u00e9ditions, copies ou extraits conformes ;\n\u27a2 les documents de gestion des personnels plac\u00e9s sous son autorit\u00e9 ;\n\u27a2 les r\u00e9ponses aux interventions \u00e9manant de particuliers.\nPr\u00e9fecture de la C\u00f4te-d'Or - 21-2026-04-27-00025 - Arr\u00eat\u00e9 pr\u00e9fectoral n\u00b0   791 / SG du  27 avril 2026       \ndonnant d\u00e9l\u00e9gation de signature \u00e0 Monsieur Louis-Joseph VANDERSTUYF,\nchef du bureau de la repr\u00e9sentation de l'\u00c9tat\n127\nArticle  3  :  En  cas  d'absence  ou  d'emp\u00eachement  de  Monsieur  Louis-Joseph  \nVANDERSTUYF, la d\u00e9l\u00e9gation de signature qui lui est consentie \u00e0 l'article 2 du pr\u00e9sent arr\u00eat\u00e9  \nsera exerc\u00e9e par    Madame France  HERRSCHER,  adjointe  au  chef  du bureau de la  \nrepr\u00e9sentation de l'\u00c9tat .\nArticle 4 : Le secr\u00e9taire g\u00e9n\u00e9ral de la pr\u00e9fecture de la C\u00f4te-d'Or, la directrice de cabinet et \nles agents b\u00e9n\u00e9ficiaires de la d\u00e9l\u00e9gation sont charg\u00e9s chacun pour ce qui le concerne, de \nl'ex\u00e9cution du pr\u00e9sent arr\u00eat\u00e9 qui sera publi\u00e9 au recueil des actes administratifs de la  \npr\u00e9fecture de la C\u00f4te-d'Or.\nFait \u00e0 Dijon, le 27/04/26\nLa pr\u00e9f\u00e8te,\nSIGNE\nViolaine DEMARET\nVoies et d\u00e9lais de recours\nLa  pr\u00e9sente  d\u00e9cision  peut  faire  l'objet  d'un  recours  contentieux,  aupr\u00e8s  du  tribunal  \nadministratif de Dijon, 22 rue d'Assas \u2013 B.P . 61616 \u2013 21 016 DIJON CEDEX dans un d\u00e9lai de deux \n(2) mois \u00e0 compter de la publication de la d\u00e9cision.\nDans le m\u00eame d\u00e9lai de 2 mois, un recours gracieux peut . Le silence gard\u00e9 par l'administration \npendant plus deux mois sur la demande de recours gracieux emporte d\u00e9cision implicite de  \nrejet de cette demande, conform\u00e9ment \u00e0 l'article R. 421-2 du  de justice administrative. Celui-\nci prolonge le d\u00e9lai de recours contentieux qui doit \u00eatre introduit dans les 2  mois suivant la  \nr\u00e9ponse.\nLe tribunal administratif peut \u00eatre saisi par un recours d\u00e9pos\u00e9 via l'application T\u00e9l\u00e9recours  \ncitoyens accessible par le site internet : www.telerecours.fr\n2/2\nPr\u00e9fecture de la C\u00f4te-d'Or - 21-2026-04-27-00025 - Arr\u00eat\u00e9 pr\u00e9fectoral n\u00b0   791 / SG du  27 avril 2026       \ndonnant d\u00e9l\u00e9gation de signature \u00e0 Monsieur Louis-Joseph VANDERSTUYF,\nchef du bureau de la repr\u00e9sentation de l'\u00c9tat\n128\nPr\u00e9fecture de la C\u00f4te-d'Or\nP\u00f4le juridique inter-services\n21-2026-04-27-00032\nARRETE PREFECTORAL n\u00b0   798  /SG du   27 avril\n2026   donnant d\u00e9l\u00e9gation de signature \u00e0  Mr\nJean-Luc BRENNER, administrateur de l'\u00c9tat du\ngrade transitoire , directeur r\u00e9gional des finances\npubliques de Bourgogne-Franche-Comt\u00e9 et du\nd\u00e9partement de la C\u00f4te-d'Or, en mati\u00e8re de\nr\u00e9gime d'ouverture au public des services\nd\u00e9concentr\u00e9s de la direction r\u00e9gionale des\nfinances publiques de\nBourgogne-Franche-Comt\u00e9 et du d\u00e9partement\nde la C\u00f4te-d'Or.\nPr\u00e9fecture de la C\u00f4te-d'Or - 21-2026-04-27-00032 - ARRETE PREFECTORAL n\u00b0   798  /SG du   27 avril 2026   donnant d\u00e9l\u00e9gation de\nsignature \u00e0  Mr Jean-Luc BRENNER, administrateur de l'\u00c9tat du grade transitoire , directeur r\u00e9gional des finances publiques de\nBourgogne-Franche-Comt\u00e9 et du d\u00e9partement de la C\u00f4te-d'Or, en mati\u00e8re de r\u00e9gime d'ouverture au public des services d\u00e9concentr\u00e9s\nde la direction r\u00e9gionale des finances publiques de Bourgogne-Franche-Comt\u00e9 et du d\u00e9partement de la C\u00f4te-d'Or.\n129\nPREFETEDELACOTE-D'ORLibert\u00e9Egalit\u00e9Fraternit\u00e9\nArr\u00eat\u00e9 pr\u00e9fectoral n\u00b0   798  /SG du   27 avril 2026                                \ndonnant d\u00e9l\u00e9gation de signature \u00e0  Mr Jean-Luc BRENNER, administrateur de l'\u00c9tat du \ngrade transitoire , directeur r\u00e9gional des finances publiques de Bourgogne-Franche-Comt\u00e9 \net du d\u00e9partement de la C\u00f4te-d'Or, en mati\u00e8re de r\u00e9gime d'ouverture au public des \nservices d\u00e9concentr\u00e9s de la direction r\u00e9gionale des finances publiques de Bourgogne-\nFranche-Comt\u00e9 et du d\u00e9partement de la C\u00f4te-d'Or.\nLa pr\u00e9f\u00e8te de la C\u00f4te-d'Or\nVU le d\u00e9cret n\u00b071-69 du 26 janvier 1971 relatif au r\u00e9gime d'ouverture au public des services  \next\u00e9rieurs de l'\u00c9tat ;\nVU le  d\u00e9cret  n\u00b0  2004-374  du  29  avril  2004  modifi\u00e9  relatif  au  pouvoir  des  pr\u00e9fets,  \u00e0  \nl'organisation et \u00e0 l'action des services de l'\u00c9tat dans les r\u00e9gions et les d\u00e9partements,  \nnotamment ses articles 26 et 43 ;\nVU le  d\u00e9cret  n\u00b02008-310  du  3  avril  2008  relatif  \u00e0  la  direction  g\u00e9n\u00e9rale  des  finances  \npubliques ;\nVU le  d\u00e9cret  n\u00b02009-208  du  20  f\u00e9vrier  2009  modifi\u00e9 relatif  au  statut  particulier  des  \nadministrateurs des finances publiques ;\nVU le d\u00e9cret n\u00b02009-707 du 16 juin 2009 modifi\u00e9 relatif aux services d\u00e9concentr\u00e9s de la  \ndirection g\u00e9n\u00e9rale des finances publiques ;\nVU le d\u00e9cret  du  8 avril 2026, nommant Mme Violaine DEMARET pr\u00e9f\u00e8te de la r\u00e9gion  \nBourgogne-Franche-Comt\u00e9, pr\u00e9f\u00e8te de la C\u00f4te-d'Or ;\nVU le d\u00e9cret du 16 avril 2026 par lequel Mr Jean-Luc BRENNER, administrateur de l'\u00c9tat du \ngrade  transitoire,  est  nomm\u00e9  directeur  r\u00e9gional  des  finances  publiques  de  Bourgogne-\nFranche-Comt\u00e9 et du d\u00e9partement de la C\u00f4te-d'Or, \u00e0 compter du 27 avril 2026.\nVU l'arr\u00eat\u00e9 pr\u00e9fectoral n\u00b0262 /SG du 4 f\u00e9vrier 2026   donnant d\u00e9l\u00e9gation de signature \u00e0 Mr \nEtienne LEPAGE, Administrateur de l'\u00c9tat du 2\u00e8me grade , charg\u00e9 de l'int\u00e9rim de la direction  \nr\u00e9gionale des finances publiques de la r\u00e9gion Bourgogne-Franche-Comt\u00e9 et du d\u00e9partement  \nde la C\u00f4te-d'Or, en mati\u00e8re de r\u00e9gime d'ouverture au public des services d\u00e9concentr\u00e9s de la  \ndirection r\u00e9gionale des finances publiques de Bourgogne-Franche-Comt\u00e9 et du d\u00e9partement  \nde la C\u00f4te-d'Or ;\nSUR proposition de M. le secr\u00e9taire g\u00e9n\u00e9ral de la pr\u00e9fecture de la C\u00f4te-d'Or;\nPr\u00e9fecture de la C\u00f4te-d'Or - 21-2026-04-27-00032 - ARRETE PREFECTORAL n\u00b0   798  /SG du   27 avril 2026   donnant d\u00e9l\u00e9gation de\nsignature \u00e0  Mr Jean-Luc BRENNER, administrateur de l'\u00c9tat du grade transitoire , directeur r\u00e9gional des finances publiques de\nBourgogne-Franche-Comt\u00e9 et du d\u00e9partement de la C\u00f4te-d'Or, en mati\u00e8re de r\u00e9gime d'ouverture au public des services d\u00e9concentr\u00e9s\nde la direction r\u00e9gionale des finances publiques de Bourgogne-Franche-Comt\u00e9 et du d\u00e9partement de la C\u00f4te-d'Or.\n130\nARR\u00caTE\nArticle 1  er     : L'arr\u00eat\u00e9 pr\u00e9fectoral  n\u00b0262 /SG du 4 f\u00e9vrier 2026 donnant d\u00e9l\u00e9gation de signature \n\u00e0  Mr Etienne LEPAGE ,  Administrateur de l'\u00c9tat du 2\u00e8me grade , charg\u00e9 de l'int\u00e9rim de la  \ndirection r\u00e9gionale  des finances publiques de la r\u00e9gion Bourgogne-Franche-Comt\u00e9 et du  \nd\u00e9partement de la  C\u00f4te-d'Or,  en mati\u00e8re de r\u00e9gime d'ouverture au public des services  \nd\u00e9concentr\u00e9s de la direction r\u00e9gionale des finances publiques de Bourgogne-Franche-Comt\u00e9 \net du d\u00e9partement de la C\u00f4te-d'Or  , et toutes dispositions ant\u00e9rieures contraires au pr\u00e9sent  \narr\u00eat\u00e9 sont abrog\u00e9s.\nArticle 2 : D\u00e9l\u00e9gation de signature est donn\u00e9e \u00e0  Mr Jean-Luc BRENNER, administrateur de  \nl'\u00c9tat du grade transitoire, directeur r\u00e9gional des finances publiques de Bourgogne-Franche-\nComt\u00e9  et  du  d\u00e9partement  de  la  C\u00f4te-d'Or,  \u00e0  l'effet  de  signer,  dans  la  limite  de  ses  \nattributions et comp\u00e9tences, les arr\u00eat\u00e9s relatifs aux jours et horaires d'ouverture au public  \ndes services de la direction r\u00e9gionale des finances publiques de Bourgogne-Franche-Comt\u00e9  \net du d\u00e9partement de la C\u00f4te d'Or.\nArticle 3 : Le secr\u00e9taire g\u00e9n\u00e9ral de la pr\u00e9fecture de la C\u00f4te-d'Or, et le directeur r\u00e9gional des \nfinances publiques de Bourgogne-Franche-Comt\u00e9 et du d\u00e9partement de la C\u00f4te-d'Or , sont \ncharg\u00e9s, chacun en ce qui le concerne, de l'ex\u00e9cution du pr\u00e9sent arr\u00eat\u00e9 qui sera publi\u00e9 au  \nrecueil des actes administratifs de la pr\u00e9fecture de la C\u00f4te d'Or.\nFait \u00e0 Dijon, le 27/06/26\nLa pr\u00e9f\u00e8te,\nSIGNE\nViolaine DEMARET\nVoies et d\u00e9lais de recours\nLa  pr\u00e9sente  d\u00e9cision  peut  faire  l'objet  d'un  recours  contentieux,  aupr\u00e8s  du  tribunal  \nadministratif de Dijon, 22 rue d'Assas \u2013 B.P . 61616 \u2013 21 016 DIJON CEDEX dans un d\u00e9lai de  \ndeux (2) mois \u00e0 compter de la publication de la d\u00e9cision.\nDans  le  m\u00eame  d\u00e9lai  de  2  mois,  un  recours  gracieux  peut  .  Le  silence  gard\u00e9  par  \nl'administration pendant plus deux mois sur la demande de recours gracieux emporte  \nd\u00e9cision implicite de rejet de cette demande, conform\u00e9ment \u00e0 l'article R. 421-2 du  de  \njustice  administrative.  Celui-ci  prolonge  le  d\u00e9lai  de  recours  contentieux  qui  doit  \u00eatre  \nintroduit dans les 2 mois suivant la r\u00e9ponse.\nLe tribunal administratif peut \u00eatre saisi par un recours d\u00e9pos\u00e9 via l'application T\u00e9l\u00e9recours \ncitoyens accessible par le site internet : www.telerecours.fr\nPr\u00e9fecture de la C\u00f4te-d'Or - 21-2026-04-27-00032 - ARRETE PREFECTORAL n\u00b0   798  /SG du   27 avril 2026   donnant d\u00e9l\u00e9gation de\nsignature \u00e0  Mr Jean-Luc BRENNER, administrateur de l'\u00c9tat du grade transitoire , directeur r\u00e9gional des finances publiques de\nBourgogne-Franche-Comt\u00e9 et du d\u00e9partement de la C\u00f4te-d'Or, en mati\u00e8re de r\u00e9gime d'ouverture au public des services d\u00e9concentr\u00e9s\nde la direction r\u00e9gionale des finances publiques de Bourgogne-Franche-Comt\u00e9 et du d\u00e9partement de la C\u00f4te-d'Or.\n131\nPr\u00e9fecture de la C\u00f4te-d'Or\nP\u00f4le juridique inter-services\n21-2026-04-27-00013\nArr\u00eat\u00e9 pr\u00e9fectoral n\u00b0  771 / SG du 27 avril 2026\ndonnant d\u00e9l\u00e9gation de signature \u00e0 Madame\nAur\u00e9lie CONTRECIVILE,\nDirectrice, sous pr\u00e9f\u00e8te, directrice de cabinet de\nla pr\u00e9f\u00e8te de la r\u00e9gion\nBourgogne-Franche-comt\u00e9, pr\u00e9f\u00e8te de la\nC\u00f4te-d-Or 27-04-26-   d\u00e9l\u00e9gation de signature\nDirectrice de cabinet Aur\u00e9lie CONTRECIVILE\nPr\u00e9fecture de la C\u00f4te-d'Or - 21-2026-04-27-00013 - Arr\u00eat\u00e9 pr\u00e9fectoral n\u00b0  771 / SG du 27 avril 2026\ndonnant d\u00e9l\u00e9gation de signature \u00e0 Madame Aur\u00e9lie CONTRECIVILE,\nDirectrice, sous pr\u00e9f\u00e8te, directrice de cabinet de la pr\u00e9f\u00e8te de la r\u00e9gion Bourgogne-Franche-comt\u00e9, pr\u00e9f\u00e8te de la C\u00f4te-d-Or 27-04-26-  \nd\u00e9l\u00e9gation de signature Directrice de cabinet Aur\u00e9lie CONTRECIVILE\n132\nEsPREFETEDE LACOTE-D'ORLibert\u00e9Egalit\u00e9Fraternit\u00e9\nArr\u00eat\u00e9 pr\u00e9fectoral n\u00b0  771 / SG du 27 avril 2026\ndonnant d\u00e9l\u00e9gation de signature \u00e0 Madame Aur\u00e9lie CONTRECIVILE,\nDirectrice, sous pr\u00e9f\u00e8te, directrice de cabinet de la pr\u00e9f\u00e8te de la r\u00e9gion Bourgogne-\nFranche-comt\u00e9, pr\u00e9f\u00e8te de la C\u00f4te-d-Or\nLa pr\u00e9f\u00e8te de la C\u00f4te-d'Or\nVu la loi n\u00b0 82.213 du 2 mars 1982 modifi\u00e9e relative aux droits et libert\u00e9s des communes, des  \nd\u00e9partements et des r\u00e9gions ;\nVu le d\u00e9cret n\u00b0 2025-723 du 30 juillet 2025 modifiant le d\u00e9cret n\u00b0 2004-374 du 29 avril 2004  \nrelatif aux pouvoirs des pr\u00e9fets, \u00e0 l'organisation et \u00e0 l'action des services de l'\u00c9tat dans les  \nr\u00e9gions et d\u00e9partements ;\nVu le  d\u00e9cret  du  14  novembre  2024  portant  nomination  de  Monsieur  Denis  BRUEL,  \nadministrateur de l'\u00c9tat du deuxi\u00e8me grade, en qualit\u00e9 de secr\u00e9taire g\u00e9n\u00e9ral de la pr\u00e9fecture de  \nla C\u00f4te-d'Or, sous-pr\u00e9fet de Dijon (groupe II) ;\nVu le d\u00e9cret du 6 mars 2025 portant nomination de Madame Aur\u00e9lie CONTRECIVILE, en qualit\u00e9  \nde sous-pr\u00e9f\u00e8te, directrice de cabinet du pr\u00e9fet de la r\u00e9gion Bourgogne-Franche-Comt\u00e9, pr\u00e9fet  \nde la C\u00f4te-d'Or ;\nVu le d\u00e9cret du 23 mai 2025 portant nomination de Madame Magalie MALERBA, en qualit\u00e9 de  \nsecr\u00e9taire g\u00e9n\u00e9rale adjointe de la pr\u00e9fecture de la C\u00f4te d'Or, sous-pr\u00e9f\u00e8te charg\u00e9e de mission  \naupr\u00e8s du pr\u00e9fet de la R\u00e9gion Bourgogne Franche-Comt\u00e9, Pr\u00e9fet de la C\u00f4te-d'Or ;\nVu le  d\u00e9cret  du  8  avril  2026  nommant  Madame  Violaine  DEMARET,  pr\u00e9f\u00e8te  de  la  r\u00e9gion\nBourgogne-Franche-Comt\u00e9, pr\u00e9f\u00e8te de la C\u00f4te d'Or ;\nVu l'arr\u00eat\u00e9 pr\u00e9fectoral n\u00b0 1010/SG du 2 juillet 2025 d\u00e9l\u00e9gation de signature \u00e0 Madame Aur\u00e9lie  \nCONTRECIVILE, sous-pr\u00e9f\u00e8te, directrice de cabinet du pr\u00e9fet de la R\u00e9gion Bourgogne Franche-\nComt\u00e9, Pr\u00e9fet de la C\u00f4te-d'Or ;\nSur proposition de Monsieur le secr\u00e9taire g\u00e9n\u00e9ral de la pr\u00e9fecture de la C\u00f4te-d'Or ;\nPr\u00e9fecture de la C\u00f4te-d'Or - 21-2026-04-27-00013 - Arr\u00eat\u00e9 pr\u00e9fectoral n\u00b0  771 / SG du 27 avril 2026\ndonnant d\u00e9l\u00e9gation de signature \u00e0 Madame Aur\u00e9lie CONTRECIVILE,\nDirectrice, sous pr\u00e9f\u00e8te, directrice de cabinet de la pr\u00e9f\u00e8te de la r\u00e9gion Bourgogne-Franche-comt\u00e9, pr\u00e9f\u00e8te de la C\u00f4te-d-Or 27-04-26-  \nd\u00e9l\u00e9gation de signature Directrice de cabinet Aur\u00e9lie CONTRECIVILE\n133\nARR\u00caTE\nArticle 1er : L'arr\u00eat\u00e9 pr\u00e9fectoral n\u00b0 1010/SG du 2 juillet 2025 donnant d\u00e9l\u00e9gation de signature \u00e0  \nMadame Aur\u00e9lie CONTRECIVILE, sous-pr\u00e9f\u00e8te, directrice de cabinet de la pr\u00e9f\u00e8te de la r\u00e9gion  \nBourgogne-Franche-Comt\u00e9, pr\u00e9f\u00e8te de la C\u00f4te-d'Or et toutes dispositions ant\u00e9rieures contraires  \nau pr\u00e9sent arr\u00eat\u00e9 sont abrog\u00e9s.\nArticle  2 :  D\u00e9l\u00e9gation  de  signature  est  donn\u00e9e  \u00e0  Madame  Aur\u00e9lie  CONTRECIVILE,  sous-\npr\u00e9f\u00e8te, directrice de cabinet de la pr\u00e9f\u00e8te de la r\u00e9gion Bourgogne-Franche-Comt\u00e9, pr\u00e9f\u00e8te de la  \nC\u00f4te-d'Or, \u00e0 l'effet de signer, au nom de la pr\u00e9f\u00e8te, tous actes, arr\u00eat\u00e9s, autorisations de d\u00e9roger  \naux normes d'application obligatoire, d\u00e9cisions et pi\u00e8ces comptables, dans tous les domaines  \nrelevant des attributions du cabinet de la pr\u00e9f\u00e8te et des services rattach\u00e9s, \u00e0 l'exclusion toutefois \ndes d\u00e9clinatoires de comp\u00e9tence et des arr\u00eat\u00e9s de conflit.\nEn compl\u00e9ment des attributions sus-vis\u00e9es, d\u00e9l\u00e9gation de signature est \u00e9galement accord\u00e9e \u00e0  \nMadame Aur\u00e9lie CONTRECIVILE, \u00e0 l'effet de signer :\n\u2022 les  arr\u00eat\u00e9s  et  tous  actes  et  d\u00e9cisions  concernant  les  soins  psychiatriques  sans  \nconsentement ;\n\u2022 les arr\u00eat\u00e9s et tous actes et d\u00e9cisions concernant les mesures d'\u00e9loignement du territoire  \nfran\u00e7ais ainsi que le choix du pays de destination ; \n\u2022 les arr\u00eat\u00e9s portant immobilisation et/ou mise en fourri\u00e8re \u00e0 titre provisoire d'un v\u00e9hicule  \nainsi que les autorisations d\u00e9finitives de sortie de mise en fourri\u00e8re, sur l'ensemble du  \nd\u00e9partement except\u00e9 sur la zone police (communes de DIJON, CHENOVE, LONGVIC,  \nFONTAINE LES DIJON, TALANT, BEAUNE et sur la M 274 (rocade de DIJON)) ;\n\u2022 les lettres d'acceptation des d\u00e9missions des maires et des adjoints au maire ainsi que  \ncelles  des  pr\u00e9sidents  et  vice-pr\u00e9sidents  d'\u00e9tablissements  publics  de  coop\u00e9ration  \nintercommunale.\nArticle  3 : En  cas  d'absence  ou  d'emp\u00eachement  de  Madame  Aur\u00e9lie  CONTRECIVILE,  la \npr\u00e9sente d\u00e9l\u00e9gation est donn\u00e9e \u00e0 Madame H\u00e9l\u00e8ne MANCIAUX, directrice des s\u00e9curit\u00e9s et  \nadjointe \u00e0 la directrice de cabinet, \u00e0 l'effet de signer les arr\u00eat\u00e9s, d\u00e9cisions, circulaires, rapports,  \ncorrespondances et documents administratifs et r\u00e9glementaires vis\u00e9s \u00e0 l'article 2 \u00e0 l'exception :\n\u2022 des d\u00e9f\u00e9r\u00e9s pr\u00e9fectoraux ainsi que des m\u00e9moires en d\u00e9fense ou en r\u00e9ponse ;\n\u2022 des actes, d\u00e9cisions et arr\u00eat\u00e9s en mati\u00e8re de demande de concours de moyens publics  \nou priv\u00e9s ;\n\u2022 des  arr\u00eat\u00e9s  portant  cr\u00e9ation  des  p\u00e9rim\u00e8tres  de  protection  mentionn\u00e9s  au  code  de  \ns\u00e9curit\u00e9 int\u00e9rieure ;\n\u2022 des d\u00e9cisions d'octroi du concours de la force publique ;\n\u2022 des mises en demeure de quitter les lieux en application de la loi n\u00b02000-614 du 5 juillet  \n2000 modifi\u00e9e relative \u00e0 l'accueil et \u00e0 l'habitat des gens du voyage ;\n\u2022 des arr\u00eat\u00e9s portant r\u00e9quisition de m\u00e9decins lib\u00e9raux dans le cadre de la mission de  \nservice public de permanence des soins mentionn\u00e9e au code de la sant\u00e9 publique ;\n\u2022 des  d\u00e9cisions  autorisant  les  employ\u00e9s  exer\u00e7ant  une  activit\u00e9  de  surveillance  ou  de  \ngardiennage \u00e0 effectuer des palpations de s\u00e9curit\u00e9 pr\u00e9vues au code de la s\u00e9curit\u00e9  \nint\u00e9rieure\n\u2022 des arr\u00eat\u00e9s autorisant \u00e0 titre exceptionnel des agents de s\u00e9curit\u00e9 priv\u00e9e \u00e0 exercer sur la  \nvoie publique au titre du code de la s\u00e9curit\u00e9 int\u00e9rieure ;\n\u2022 des arr\u00eat\u00e9s de mise en demeure de quitter les lieux en cas d'occupation illicite du  \ndomicile d'autrui par un tiers au titre de la loi n\u00b02007-290 du 5 mars 2007 instituant le  \ndroit au logement opposable et portant diverses mesures en faveur de la coh\u00e9sion  \nsociale dite loi \u00ab DALO \u00bb\n2/3\nPr\u00e9fecture de la C\u00f4te-d'Or - 21-2026-04-27-00013 - Arr\u00eat\u00e9 pr\u00e9fectoral n\u00b0  771 / SG du 27 avril 2026\ndonnant d\u00e9l\u00e9gation de signature \u00e0 Madame Aur\u00e9lie CONTRECIVILE,\nDirectrice, sous pr\u00e9f\u00e8te, directrice de cabinet de la pr\u00e9f\u00e8te de la r\u00e9gion Bourgogne-Franche-comt\u00e9, pr\u00e9f\u00e8te de la C\u00f4te-d-Or 27-04-26-  \nd\u00e9l\u00e9gation de signature Directrice de cabinet Aur\u00e9lie CONTRECIVILE\n134\n\u2022 des arr\u00eat\u00e9s portant interdiction temporaire de rassemblements festifs \u00e0 caract\u00e8re musical \nnon autoris\u00e9s et interdiction de circulation des v\u00e9hicules transportant du mat\u00e9riel de son  \n\u00e0 destination d'un rassemblement festif musical non autoris\u00e9 ;\n\u2022 des arr\u00eat\u00e9s portant interdiction de stade  ;des attributions de subventions et conventions  \nengageant financi\u00e8rement l'\u00c9tat ;\n\u2022 des conventions avec l'\u00c9tat ;\n\u2022 des  arr\u00eat\u00e9s  et  tous  actes  et  d\u00e9cisions  concernant  les  soins  psychiatriques  sans  \nconsentement ;\n\u2022 des arr\u00eat\u00e9s et tous actes et d\u00e9cisions concernant les mesures d'\u00e9loignement du territoire  \nfran\u00e7ais ainsi que le choix du pays de destination ; \n\u2022 des arr\u00eat\u00e9s portant immobilisation et/ou mise en fourri\u00e8re \u00e0 titre provisoire d'un v\u00e9hicule  \nainsi que les autorisations d\u00e9finitives de sortie de mise en fourri\u00e8re, sur l'ensemble du  \nd\u00e9partement ;\n\u2022 des lettres d'acceptation des d\u00e9missions des maires et des adjoints au maire ainsi que  \ncelles  des  pr\u00e9sidents  et  vice-pr\u00e9sidents  d'\u00e9tablissements  publics  de  coop\u00e9ration  \nintercommunale.\nArticle 4: En cas d'absence ou d'emp\u00eachement de Madame CONTRECIVILE , la d\u00e9l\u00e9gation de  \nsignature qui lui est consentie pourra \u00e9galement \u00eatre exerc\u00e9e par Monsieur Denis BRUEL , \nsecr\u00e9taire g\u00e9n\u00e9ral de la pr\u00e9fecture de la C\u00f4te-d'Or ou \u00e0  Madame Magalie MALERBA, en qualit\u00e9 \nde  secr\u00e9taire  g\u00e9n\u00e9rale  adjointe  de  la  pr\u00e9fecture  de  la  C\u00f4te-d'Or,  sous-pr\u00e9f\u00e8te  charg\u00e9e  de \nmission aupr\u00e8s de la Pr\u00e9f\u00e8te de la R\u00e9gion Bourgogne-Franche-Comt\u00e9, Pr\u00e9f\u00e8te de la C\u00f4te-d'Or .\nArticle 5 : Le secr\u00e9taire g\u00e9n\u00e9ral de la pr\u00e9fecture de la C\u00f4te-d'Or, la secr\u00e9taire g\u00e9n\u00e9rale adjointe \nde la pr\u00e9fecture de la C\u00f4te-d'Or  et la directrice de cabinet sont charg\u00e9s, chacun pour ce qui le  \nconcerne, de l'ex\u00e9cution du pr\u00e9sent arr\u00eat\u00e9 qui sera publi\u00e9 au  recueil des actes administratifs de  \nla pr\u00e9fecture de la C\u00f4te-d'Or. \nFait \u00e0 Dijon, le 27/04/26\nLa pr\u00e9f\u00e8te,\nSIGNE\nViolaine DEMARET\nVoies et d\u00e9lais de recours\nLa  pr\u00e9sente  d\u00e9cision  peut  faire  l'objet  d'un  recours  contentieux,  aupr\u00e8s  du  tribunal  \nadministratif de Dijon, 22 rue d'Assas \u2013 B.P . 61616 \u2013 21 016 DIJON CEDEX dans un d\u00e9lai de deux \n(2) mois \u00e0 compter de la publication de la d\u00e9cision.\nDans le m\u00eame d\u00e9lai de 2 mois, un recours gracieux peut . Le silence gard\u00e9 par l'administration \npendant plus deux mois sur la demande de recours gracieux emporte d\u00e9cision implicite de  \nrejet de cette demande, conform\u00e9ment \u00e0 l'article R. 421-2 du  de justice administrative. Celui-\nci prolonge le d\u00e9lai de recours contentieux qui doit \u00eatre introduit dans les 2  mois suivant la  \nr\u00e9ponse.\nLe tribunal administratif peut \u00eatre saisi par un recours d\u00e9pos\u00e9 via l'application T\u00e9l\u00e9recours  \ncitoyens accessible par le site internet : www.telerecours.fr\n3/3\nPr\u00e9fecture de la C\u00f4te-d'Or - 21-2026-04-27-00013 - Arr\u00eat\u00e9 pr\u00e9fectoral n\u00b0  771 / SG du 27 avril 2026\ndonnant d\u00e9l\u00e9gation de signature \u00e0 Madame Aur\u00e9lie CONTRECIVILE,\nDirectrice, sous pr\u00e9f\u00e8te, directrice de cabinet de la pr\u00e9f\u00e8te de la r\u00e9gion Bourgogne-Franche-comt\u00e9, pr\u00e9f\u00e8te de la C\u00f4te-d-Or 27-04-26-  \nd\u00e9l\u00e9gation de signature Directrice de cabinet Aur\u00e9lie CONTRECIVILE\n135\nPr\u00e9fecture de la C\u00f4te-d'Or\nP\u00f4le juridique inter-services\n21-2026-04-27-00020\nArr\u00eat\u00e9 pr\u00e9fectoral n\u00b0  787 / SG du 27 avril 2026\ndonnant d\u00e9l\u00e9gation de signature \u00e0 Madame\nH\u00e9l\u00e8ne MANCIAUX,Directrice des s\u00e9curit\u00e9s de la\nPr\u00e9fecture de la C\u00f4te-d'Or\nPr\u00e9fecture de la C\u00f4te-d'Or - 21-2026-04-27-00020 - Arr\u00eat\u00e9 pr\u00e9fectoral n\u00b0  787 / SG du 27 avril 2026\ndonnant d\u00e9l\u00e9gation de signature \u00e0 Madame H\u00e9l\u00e8ne MANCIAUX,Directrice des s\u00e9curit\u00e9s de la Pr\u00e9fecture de la C\u00f4te-d'Or 136\nPREFETEDELACOTE-D'ORLibert\u00e9Egalit\u00e9Fraternit\u00e9\nArr\u00eat\u00e9 pr\u00e9fectoral n\u00b0  787 / SG du 27 avril 2026\ndonnant d\u00e9l\u00e9gation de signature \u00e0 Madame H\u00e9l\u00e8ne MANCIAUX,\nDirectrice des s\u00e9curit\u00e9s de la Pr\u00e9fecture de la C\u00f4te-d'Or\nLa Pr\u00e9f\u00e8te de la C\u00f4te-d'Or\nVu le d\u00e9cret n\u00b0 83.321 du 20 avril 1983 modifi\u00e9 relatif aux pouvoirs des pr\u00e9fets en mati\u00e8re de  \nd\u00e9fense de caract\u00e8re non militaire ;\nVu le d\u00e9cret n\u00b0 2025-723 du 30 juillet 2025 modifiant le d\u00e9cret n\u00b0 2004-374 du 29 avril 2004  \nrelatif aux pouvoirs des pr\u00e9fets, \u00e0 l'organisation et \u00e0 l'action des services de l'\u00c9tat dans les  \nr\u00e9gions et d\u00e9partements ;\nVu le  d\u00e9cret  du  8  avril  2026  nommant  Madame  Violaine  DEMARET,  Pr\u00e9f\u00e8te  de  la  r\u00e9gion  \nBourgogne-Franche-Comt\u00e9, Pr\u00e9f\u00e8te de la C\u00f4te-d'Or ;\nVu l'arr\u00eat\u00e9 minist\u00e9riel du 2 juillet 2025 portant prise en charge de Madame H\u00e9l\u00e8ne MANCIAUX par  \nvoie de d\u00e9tachement sur emploi fonctionnel ; \nVu l'arr\u00eat\u00e9 pr\u00e9fectoral n\u00b0 944/SG du 2 juillet 2025  donnant d\u00e9l\u00e9gation de signature \u00e0 Madame  \nH\u00e9l\u00e8ne MANCIAUX, Directrice adjointe du cabinet, directrice des s\u00e9curit\u00e9s de la pr\u00e9fecture de la  \nC\u00f4te-d'Or;\nSur proposition de Madame la directrice de cabinet de la pr\u00e9fecture de la C\u00f4te-d'Or ;\nARR\u00caTE\nArticle 1er  :  l'arr\u00eat\u00e9 pr\u00e9fectoral n\u00b0 944/SG du 2 juillet 2025  donnant d\u00e9l\u00e9gation de signature \u00e0  \nMadame  H\u00e9l\u00e8ne  MANCIAUX,  Directrice  adjointe  du  cabinet,  Directrice  des  s\u00e9curit\u00e9s  de  la  \npr\u00e9fecture de la C\u00f4te-d'Or, et toutes dispositions ant\u00e9rieures contraires au pr\u00e9sent arr\u00eat\u00e9 sont  \nabrog\u00e9s ;\nArticle 2  :  D\u00e9l\u00e9gation de signature est donn\u00e9e \u00e0 Madame H\u00e9l\u00e8ne MANCIAUX, Directrice des  \ns\u00e9curit\u00e9s de la Pr\u00e9fecture de la C\u00f4te-d'Or, dans les mati\u00e8res et pour les actes ci-apr\u00e8s \u00e9num\u00e9r\u00e9s :\n1 \u2013 D\u00c9L\u00c9GATION G\u00c9N\u00c9RALE\n\u2022 Documents relatifs aux commissions dont la direction assure la pr\u00e9sidence ou le secr\u00e9tariat  \n(convocations, proc\u00e8s verbaux) ;\n\u2022 Correspondances courantes concernant l'ensemble des attributions de la direction ;\n\u2022 Demandes d'enqu\u00eates, de renseignements et d'avis ;\n\u2022 Documents de gestion des personnels de la direction.\n1/6\nPr\u00e9fecture de la C\u00f4te-d'Or - 21-2026-04-27-00020 - Arr\u00eat\u00e9 pr\u00e9fectoral n\u00b0  787 / SG du 27 avril 2026\ndonnant d\u00e9l\u00e9gation de signature \u00e0 Madame H\u00e9l\u00e8ne MANCIAUX,Directrice des s\u00e9curit\u00e9s de la Pr\u00e9fecture de la C\u00f4te-d'Or 137\n2 - BUREAU DE LA S\u00c9CURIT\u00c9 CIVILE \n2-1. Documents  relatifs  \u00e0  l'organisation  de  l'enseignement  secouriste  en  g\u00e9n\u00e9ral  et  les  \ndipl\u00f4mes correspondants :\n\u2022 organisation du brevet national de s\u00e9curit\u00e9 et de sauvetage aquatique (BNSSA)  et actes \ny aff\u00e9rant ;\n\u2022 instruction des demandes de surveillance de baignades et piscine collective \u00e0 acc\u00e8s  \npayant en application de l'art D 322-13-4 et A 322-11 du code du sport et prise d'arr\u00eat\u00e9s  \ncorrespondants ;\n2-2. Documents pr\u00e9paratoires \u00e0 l'\u00e9laboration des plans de pr\u00e9vention des risques naturels et  \ntechnologiques.\n2-3. Demandes de travaux de d\u00e9minage.\n2-4. Documents pr\u00e9paratoires \u00e0 l'\u00e9laboration et \u00e0 la mise en \u0153uvre des dispositions de l'ORSEC  \ng\u00e9n\u00e9ral et des dispositifs sp\u00e9cifiques ORSEC.\n2-5. Documents int\u00e9ressant le service de gestion de crise : actualisation des outils aff\u00e9rents.\n2-6. BNSSA publication de la liste des laur\u00e9ats.\n2-7. Saisie de la DGSCGC dans le cadre de l'instruction d'une demande de reconnaissance de  \ncatastrophe naturelle\n2-8. Les attestations de frais de repr\u00e9sentation pour les d\u00e9penses de la carte achat affect\u00e9e au  \nbureau de la s\u00e9curit\u00e9 civile.\n2-9. les arr\u00eat\u00e9s portant agr\u00e9ment des centres de formation du personnel permanent des services  \nde s\u00e9curit\u00e9 incendie des \u00e9tablissements recevant du public et des immeubles de grande hauteur.\n \n3 \u2013 BUREAU DE LA D\u00c9FENSE ET DE LA S\u00c9CURIT\u00c9 \n3-1 DEFENSE CIVILE\n3-1-1. documents pr\u00e9paratoires \u00e0 l'\u00e9laboration et \u00e0 la mise en \u0153uvre des plans de d\u00e9fense civile et \n\u00e9conomique.\n3-2 SECURITE PUBLIQUE\n3-2-1. r\u00e9c\u00e9piss\u00e9s des d\u00e9clarations des manifestations revendicatives\n3-2-2 Police administrative :\nArmes :\n\u2022 autorisations  d'acquisition  et  de  d\u00e9tention  d'armes  et  de  munitions  ainsi  que  les  \ncr\u00e9ations de d\u00e9bits de cartouches de chasse ;\n\u2022 r\u00e9c\u00e9piss\u00e9s de d\u00e9claration de d\u00e9tention d'armes ;\n\u2022 r\u00e9c\u00e9piss\u00e9s de d\u00e9claration d'exportation ou d'importation de mat\u00e9riels de guerre.\n\u2022 autorisation pr\u00e9alable \u00e0 l'acc\u00e8s \u00e0 une formation des m\u00e9tiers de l'armurerie et de  \nl'armement.\n\u2022 arr\u00eat\u00e9s d'autorisation de port d'armes \n\u2022 visas de cartes professionnelles induisant port d'armes ;\n2/6\nPr\u00e9fecture de la C\u00f4te-d'Or - 21-2026-04-27-00020 - Arr\u00eat\u00e9 pr\u00e9fectoral n\u00b0  787 / SG du 27 avril 2026\ndonnant d\u00e9l\u00e9gation de signature \u00e0 Madame H\u00e9l\u00e8ne MANCIAUX,Directrice des s\u00e9curit\u00e9s de la Pr\u00e9fecture de la C\u00f4te-d'Or 138\n\u2022 d\u00e9cisions de suppression ou refus de suppression d'une inscription au Fichier National \ndes personnes Interdites d'Acquisition et de D\u00e9tention d'Armes (FINIADA) ;\n\u2022 r\u00e9ponses \u00e0 des recours gracieux relatifs aux armes ;\nVid\u00e9oprotection     :  \n\u2022 r\u00e9c\u00e9piss\u00e9s de demande d'installation des syst\u00e8mes de vid\u00e9o-protection ;\n\u2022 agr\u00e9ment des agents de la fonction publique territoriale pour le visionnage des images  \nde vid\u00e9o-protection ;\n\u2022 arr\u00eat\u00e9s d'autorisation, de modification ou de renouvellement d'un syst\u00e8me de vid\u00e9o-\nprotection et d\u00e9cisions de refus d'installation d'un syst\u00e8me de vid\u00e9o-protection ;\n Gardes particuliers\n\u2022 arr\u00eat\u00e9s d'agr\u00e9ment des gardes particuliers ;\n\u2022 cartes de garde particulier.\nPoliciers municipaux\n\u2022 arr\u00eat\u00e9s  d'agr\u00e9ment  des  policiers  municipaux  et  cartes  professionnelles  \ncorrespondantes.\nChiens dangereux\n\u2022 arr\u00eat\u00e9s d'agr\u00e9ment des formateurs.\nTransport de fonds\n\u2022 arr\u00eat\u00e9s d'autorisation de transport de fonds\n     Activit\u00e9s a\u00e9riennes\n\u2022 autorisations de survol du d\u00e9partement pour travail a\u00e9rien ;\n\u2022 autorisation de d\u00e9classement de la zone r\u00e9serv\u00e9e de l'a\u00e9rodrome ou l'a\u00e9roport \n\u2022 cr\u00e9ation et utilisation d'h\u00e9listation, h\u00e9lisurface et plateforme a\u00e9ronautique\nProduits explosifs\n\u2022 arr\u00eat\u00e9s portant autorisation d'emploi de produits explosifs d\u00e8s r\u00e9ception\n\u2022 habilitations et/ou agr\u00e9ments \u00e0 la garde, la mise en \u0153uvre et l'emploi de produits  \nexplosifs ;\n\u2022 certificats d'acquisition de produits explosifs ;\n\u2022 documents relatifs \u00e0 la proc\u00e9dure de d\u00e9livrance du certificat de qualification aux tirs  \nd'artifice et de divertissement ;\n\u2022 d\u00e9cisions d'agr\u00e9ment et refus d'agr\u00e9ment des personnes intervenant dans les d\u00e9p\u00f4ts,  \nd\u00e9bits et installations mobiles de produits explosifs ;\n\u2022 certificats de pr\u00e9pos\u00e9s de tir ;\n\u2022 r\u00e9c\u00e9piss\u00e9 de d\u00e9claration de feux d'artifice ;\n       Permis de conduire\n\u2022 arr\u00eat\u00e9s cons\u00e9cutifs aux visites m\u00e9dicales ;\n\u2022 arr\u00eat\u00e9s portant suspension et annulation du permis de conduire et mesure \u00e9thylotest  \nanti d\u00e9marrage (EAD) ;\n\u2022 r\u00e9c\u00e9piss\u00e9s de remise d'un permis de conduire invalid\u00e9 pour solde de points nul ;\n3/6\nPr\u00e9fecture de la C\u00f4te-d'Or - 21-2026-04-27-00020 - Arr\u00eat\u00e9 pr\u00e9fectoral n\u00b0  787 / SG du 27 avril 2026\ndonnant d\u00e9l\u00e9gation de signature \u00e0 Madame H\u00e9l\u00e8ne MANCIAUX,Directrice des s\u00e9curit\u00e9s de la Pr\u00e9fecture de la C\u00f4te-d'Or 139\n\u2022 attestations pour la conduite des taxis, v\u00e9hicules de petites remises, des ambulances,  \ndes v\u00e9hicules affect\u00e9s au ramassage scolaire ou au transport public de personnes ;\n\u2022 r\u00e9ponses \u00e0 des recours gracieux relatifs aux suspensions des permis de conduire ;\n\u2022 agr\u00e9ment des m\u00e9decins pour le contr\u00f4le m\u00e9dical de l'aptitude \u00e0 la conduite ;\n     Enqu\u00eates administratives :\n\u2022 avis relatifs aux acc\u00e8s aux points d'importance vitale, aux \u00e9tablissements p\u00e9nitentiaires \net tous avis relatifs aux affaires du p\u00f4le des polices administratives ;\n     D\u00e9bits de boissons :\n\u2022 autorisations de transfert de licences de d\u00e9bits de boissons ;\n     Domiciliation d'entreprise :\n\u2022 autorisations de domiciliation d'entreprise ;\nArticle 3     : D\u00e9l\u00e9gation de signature est donn\u00e9e \u00e0 Monsieur Thierry BRUL\u00c9,chef du bureau de la  \ns\u00e9curit\u00e9 civile et Madame Agathe PELISSIER, adjointe au chef de bureau de la s\u00e9curit\u00e9 civile  \npour :\n-  toutes  les  correspondances  de  transmission  et  de  diffusion  des  documents  ne  \ncomprenant ni avis, ni d\u00e9cisions, ni instructions g\u00e9n\u00e9rales relevant du bureau de la s\u00e9curit\u00e9 civile ;\n- les documents relatifs aux commissions dont le bureau assure la pr\u00e9sidence ou le  \nsecr\u00e9tariat (convocations, proc\u00e8s verbaux) ;\n- les demandes d'enqu\u00eates, de renseignement et d'avis relatifs aux affaires relevant du  \nbureau de la s\u00e9curit\u00e9 civile ;\n- les documents relatifs \u00e0 l'organisation de l'enseignement secouriste en g\u00e9n\u00e9ral et les  \ndipl\u00f4mes.\n- les demandes de travaux de d\u00e9minage.\n Article 4     : D\u00e9l\u00e9gation de signature est donn\u00e9e \u00e0 Monsieur Timoth\u00e9e DANIEL, chef du bureau de  \nla d\u00e9fense et de la s\u00e9curit\u00e9 et \u00e0 Madame S\u00e9verine LACROIX, adjointe au chef du bureau de la  \nd\u00e9fense et s\u00e9curit\u00e9 pour :\n\u2022 les documents relatifs aux commissions dont le bureau assure la pr\u00e9sidence ou le  \nsecr\u00e9tariat (convocations, proc\u00e8s verbaux) ;\n\u2022 les correspondances de transmission et de diffusion des documents ne comprenant ni  \navis, ni d\u00e9cisions, ni instructions g\u00e9n\u00e9rales relevant du bureau de la d\u00e9fense et de la  \ns\u00e9curit\u00e9 ;\n\u2022 les demandes d'enqu\u00eates, de renseignement et d'avis relatifs aux affaires relevant du  \nbureau de la d\u00e9fense et de la s\u00e9curit\u00e9 ;\n\u2022 pour tous sujets en mati\u00e8re de d\u00e9fense civile et de s\u00e9curit\u00e9 publique ;\n\u2022 Les documents concernant les polices administratives list\u00e9s ci-dessous :\n      Armes :\n\u2022 autorisations d'acquisition et de d\u00e9tention d'armes et de munitions ainsi que les  \ncr\u00e9ations de d\u00e9bits de cartouches de chasse ;\n\u2022 r\u00e9c\u00e9piss\u00e9s de d\u00e9claration de d\u00e9tention d'armes ;\n\u2022 r\u00e9c\u00e9piss\u00e9s de d\u00e9claration d'exportation ou d'importation de mat\u00e9riels de guerre.\n4/6\nPr\u00e9fecture de la C\u00f4te-d'Or - 21-2026-04-27-00020 - Arr\u00eat\u00e9 pr\u00e9fectoral n\u00b0  787 / SG du 27 avril 2026\ndonnant d\u00e9l\u00e9gation de signature \u00e0 Madame H\u00e9l\u00e8ne MANCIAUX,Directrice des s\u00e9curit\u00e9s de la Pr\u00e9fecture de la C\u00f4te-d'Or 140\n\u2022 certificats de pr\u00e9pos\u00e9s de tir ;\n\u2022 visas de cartes professionnelles induisant port d'armes ;\n      Vid\u00e9o-protection     :  \n\u2022 r\u00e9c\u00e9piss\u00e9s de demande d'installation des syst\u00e8mes de vid\u00e9o - protection ;\nGardes particuliers\n\u2022 arr\u00eat\u00e9s d'agr\u00e9ment des gardes particuliers ;\n\u2022 cartes de garde particulier.\n       Chiens dangereux \n\u2022 arr\u00eat\u00e9s d'agr\u00e9ment des formateurs.\n       Produits explosifs \n\u2022 habilitations et/ ou agr\u00e9ments \u00e0 la garde, la mise en \u0153uvre et l'emploi de produits  \nexplosifs ;\n\u2022 certificats d'acquisition de produits explosifs ;\n\u2022 documents relatifs \u00e0 la proc\u00e9dure de d\u00e9livrance du certificat de qualification aux  \ntirs d'artifice et de divertissement.\n       Permis de conduire :\n\u2022 arr\u00eat\u00e9s cons\u00e9cutifs aux visites m\u00e9dicales ;\n\u2022 d\u00e9livrance  des  r\u00e9c\u00e9piss\u00e9s  de  d\u00e9claration  en  vue  de  r\u00e9aliser  l'examen  \npsychotechnique pr\u00e9vu dans le cadre du contr\u00f4le m\u00e9dical d'aptitude \u00e0 la conduite ;\n\u2022 arr\u00eat\u00e9s  portant  suspension  et  annulation  du  permis  de  conduire  et  mesure  \n\u00e9thylotest anti d\u00e9marrage (EAD)\n\u2022 r\u00e9c\u00e9piss\u00e9s de remise d'un permis de conduire invalid\u00e9 pour solde de points nul ;\n\u2022 attestations  pour  la  conduite  des  taxis,  v\u00e9hicules  de  petites  remises,  des  \nambulances, des v\u00e9hicules affect\u00e9s au ramassage scolaire ou au transport public  \nde personnes ;\n\u2022 r\u00e9ponses  \u00e0  des  recours  gracieux  relatifs  aux  suspensions  des  permis  de  \nconduire ;\n     Enqu\u00eates administratives :\n\u2022 avis  relatifs  aux  acc\u00e8s  aux  points  d'importance  vitale,  aux  \u00e9tablissements  \np\u00e9nitentiaires et tous avis relatifs aux affaires du p\u00f4le des polices administratives ;\nArticle 5     : D\u00e9l\u00e9gation de signature est donn\u00e9e \u00e0 Madame Ad\u00e9la\u00efde FRAN \u00c7OIS, cheffe du p\u00f4le  \ndes polices administratives au sein du bureau de la d\u00e9fense et de la s\u00e9curit\u00e9 pour :\n\u2022 les correspondances de transmission et de diffusion des documents ne comprenant ni  \navis, ni d\u00e9cisions, ni instructions g\u00e9n\u00e9rales relevant du bureau de la d\u00e9fense et de la  \ns\u00e9curit\u00e9 ;les demandes d'enqu\u00eates, de renseignements et d'avis relatif aux affaires du  \np\u00f4le des polices administratives ;les r\u00e9c\u00e9piss\u00e9s de d\u00e9claration de d\u00e9tention d'armes ;\n\u2022 les r\u00e9c\u00e9piss\u00e9s de demande d'installation de syst\u00e8mes de vid\u00e9o- protection ;\n\u2022 les r\u00e9c\u00e9piss\u00e9s de d\u00e9claration de mise en service des syst\u00e8mes de vid\u00e9o- protection.\n5/6\nPr\u00e9fecture de la C\u00f4te-d'Or - 21-2026-04-27-00020 - Arr\u00eat\u00e9 pr\u00e9fectoral n\u00b0  787 / SG du 27 avril 2026\ndonnant d\u00e9l\u00e9gation de signature \u00e0 Madame H\u00e9l\u00e8ne MANCIAUX,Directrice des s\u00e9curit\u00e9s de la Pr\u00e9fecture de la C\u00f4te-d'Or 141\nArticle  6     :  D\u00e9l\u00e9gation  de  signature  est  donn\u00e9e  \u00e0  Madame  Ana\u00efs  GASPALON  et  Madame  \nCatherine CAUBIEN, agents du p\u00f4le de d\u00e9fense civile au sein du bureau de la d\u00e9fense et de la  \ns\u00e9curit\u00e9 pour : \n\u2022 les correspondances de transmission et de diffusion des documents ne comprenant ni  \navis, ni d\u00e9cisions, ni instructions g\u00e9n\u00e9rales relevant du p\u00f4le ;\n\u2022 les demandes d'enqu\u00eates, de renseignement et d'avis relatifs aux affaires trait\u00e9es au  \nsein du p\u00f4le.\nArticle 7 : En cas d'absence ou d'emp\u00eachement de Madame H\u00e9l\u00e8ne MANCIAUX, la d\u00e9l\u00e9gation  \nqui lui est conf\u00e9r\u00e9e en application de l'article 2 ci-dessus sera exerc\u00e9e par  :  Monsieur Thierry  \nBRUL\u00c9 et  Monsieur Timoth\u00e9e DANIEL chacun dans la limite de leurs attributions respectives.\nArticle 8 : Le Secr\u00e9taire g\u00e9n\u00e9ral de la Pr\u00e9fecture de la C\u00f4te-d'Or, la Directrice de cabinet et les  \nagents b\u00e9n\u00e9ficiaires de la d\u00e9l\u00e9gation de signature sont charg\u00e9s, chacun pour ce qui le concerne,  \nde l'ex\u00e9cution du pr\u00e9sent arr\u00eat\u00e9 qui sera publi\u00e9 au recueil des actes administratifs de la pr\u00e9fecture  \nde la C\u00f4te-d'Or.\nFait \u00e0 Dijon, le 27/04/26\nLa Pr\u00e9f\u00e8te\nSIGNE\n     Violaine DEMARET\nVoies et d\u00e9lais de recours\nLa  pr\u00e9sente  d\u00e9cision  peut  faire  l'objet  d'un  recours  contentieux,  aupr\u00e8s  du  tribunal  \nadministratif de Dijon, 22 rue d'Assas \u2013 B.P. 61616 \u2013 21 016 DIJON CEDEX dans un d\u00e9lai de  \ndeux (2) mois \u00e0 compter de la publication de la d\u00e9cision.\nDans  le  m\u00eame  d\u00e9lai  de  2  mois,  un  recours  gracieux  peut  .  Le  silence  gard\u00e9  par  \nl'administration  pendant  plus  deux  mois  sur  la  demande  de  recours  gracieux  emporte  \nd\u00e9cision implicite de rejet de cette demande, conform\u00e9ment \u00e0 l'article R. 421-2 du  de justice \nadministrative. Celui-ci prolonge le d\u00e9lai de recours contentieux qui doit \u00eatre introduit dans  \nles 2 mois suivant la r\u00e9ponse.\nLe tribunal administratif peut \u00eatre saisi par un recours d\u00e9pos\u00e9 via l'application T\u00e9l\u00e9recours  \ncitoyens accessible par le site internet : www.telerecours.fr\n6/6\nPr\u00e9fecture de la C\u00f4te-d'Or - 21-2026-04-27-00020 - Arr\u00eat\u00e9 pr\u00e9fectoral n\u00b0  787 / SG du 27 avril 2026\ndonnant d\u00e9l\u00e9gation de signature \u00e0 Madame H\u00e9l\u00e8ne MANCIAUX,Directrice des s\u00e9curit\u00e9s de la Pr\u00e9fecture de la C\u00f4te-d'Or 142\nPr\u00e9fecture de la C\u00f4te-d'Or\nP\u00f4le juridique inter-services\n21-2026-04-27-00021\nArr\u00eat\u00e9 pr\u00e9fectoral n\u00b0  788   du 21 avril 2026\ndonnant d\u00e9l\u00e9gation de signature \u00e0 Madame\nNathalie FERNANDEZ\ndirectrice de l'immigration et de la nationalit\u00e9\n(DIN)\nPr\u00e9fecture de la C\u00f4te-d'Or - 21-2026-04-27-00021 - Arr\u00eat\u00e9 pr\u00e9fectoral n\u00b0  788   du 21 avril 2026\ndonnant d\u00e9l\u00e9gation de signature \u00e0 Madame Nathalie FERNANDEZ\ndirectrice de l'immigration et de la nationalit\u00e9 (DIN)\n143\nPREFETEDELACOTE-D'ORLibert\u00e9Egalit\u00e9Fraternit\u00e9\nArr\u00eat\u00e9 pr\u00e9fectoral n\u00b0  788   du 27 avril 2026\ndonnant d\u00e9l\u00e9gation de signature \u00e0 Madame Nathalie FERNANDEZ\ndirectrice de l'immigration et de la nationalit\u00e9 (DIN)\nLa pr\u00e9f\u00e8te de la C\u00f4te-d'Or\nVu la loi n\u00b0 82-213 du 2 mars 1982 modifi\u00e9e relative aux droits et libert\u00e9s des communes, des  \nd\u00e9partements et des r\u00e9gions ;\nVu le d\u00e9cret n\u00b0 2025-723 du 30 juillet 2025 modifiant le d\u00e9cret n\u00b0 2004-374 du 29 avril 2004  \nrelatif aux pouvoirs des pr\u00e9fets, \u00e0 l'organisation et \u00e0 l'action des services de l'\u00c9tat dans les  \nr\u00e9gions et d\u00e9partements ;\nVu le  d\u00e9cret  du  8  avril  2026  nommant  Madame  Violaine  DEMARET,  pr\u00e9f\u00e8te  de  la  r\u00e9gion  \nBourgogne-Franche-Comt\u00e9, pr\u00e9f\u00e8te de la C\u00f4te d'Or; \nVu l'arr\u00eat\u00e9 minist\u00e9riel du 8 janvier 2026 portant nomination de Madame Nathalie FERNANDEZ,  \ndirectrice de l'immigration et de la nationalit\u00e9 ;\nVu l'arr\u00eat\u00e9 pr\u00e9fectoral n\u00b0 268/SG du 4 f\u00e9vrier 2026 donnant d\u00e9l\u00e9gation de signature \u00e0 Madame \nNathalie FERNANDEZ, directrice de l'immigration et de la nationalit\u00e9;\nSur proposition de Monsieur le secr\u00e9taire g\u00e9n\u00e9ral de la pr\u00e9fecture de la C\u00f4te-d'Or ;\nARR\u00caTE\nArticle 1     :  L'arr\u00eat\u00e9 pr\u00e9fectoral n\u00b0 268/SG du 4 f\u00e9vrier 2026 donnant d\u00e9l\u00e9gation de signature \u00e0  \nMadame  FERNANDEZ,  directrice  de  l'immigration  et  de  la  nationalit\u00e9,  ainsi  que  toutes  les  \ndispositions ant\u00e9rieures et contraires \u00e0 cet arr\u00eat\u00e9 sont abrog\u00e9s.\nArticle 2  : D\u00e9l\u00e9gation de signature est donn\u00e9e \u00e0  Madame Nathalie FERNANDEZ ,  directrice de  \nl'immigration de la nationalit\u00e9 en ce qui concerne :\nI - SERVICE D'IMMIGRATION ET D'INT\u00c9GRATION :\n\u2022 toutes  d\u00e9cisions  relatives  aux  diverses  proc\u00e9dures  d'autorisation  de  s\u00e9jour  en  France,  y  \ncompris les refus de s\u00e9jour, et les refus de s\u00e9jour assortis d'une obligation de quitter le  \nterritoire fran\u00e7ais ;\n\u2022 la signature des demandes de laissez-passer consulaires ;\n\u2022 la signature des courriers de saisine adress\u00e9s \u00e0 l'OFPRA (Office fran\u00e7ais de protection des  \nr\u00e9fugi\u00e9s et apatrides) dans le cadre des demandes d'asile pr\u00e9sent\u00e9es par des \u00e9trangers  \nplac\u00e9s en centre de r\u00e9tention administrative ;\n1/7\nPr\u00e9fecture de la C\u00f4te-d'Or - 21-2026-04-27-00021 - Arr\u00eat\u00e9 pr\u00e9fectoral n\u00b0  788   du 21 avril 2026\ndonnant d\u00e9l\u00e9gation de signature \u00e0 Madame Nathalie FERNANDEZ\ndirectrice de l'immigration et de la nationalit\u00e9 (DIN)\n144\n\u2022 les demandes d'escortes pour transf\u00e9rer les \u00e9trangers en situation irr\u00e9guli\u00e8re dans un centre  \nde r\u00e9tention administrative ;\n\u2022 la d\u00e9livrance et le refus de d\u00e9livrance des documents suivants :\n\u2013 cartes de s\u00e9jour  : cartes de s\u00e9jour temporaire, cartes de s\u00e9jour pluriannuelles, cartes de  \nr\u00e9sident, cartes de s\u00e9jour de ressortissant d'un \u00c9tat membre de l'Union europ\u00e9enne ou de  \nl'espace \u00e9conomique europ\u00e9en, certificat de r\u00e9sidence pour les Alg\u00e9riens, carte de s\u00e9jour  \n\u00ab retrait\u00e9 \u00bb ;\n\u2013 r\u00e9c\u00e9piss\u00e9s de demande de titre de s\u00e9jour ;\n\u2013 attestations de demandes d'asile ;\n\u2013 autorisations provisoires de s\u00e9jour ;\n\u2013 titres d'identit\u00e9 et de voyage ;\n\u2013 sauf-conduits ;\n\u2013 documents de voyage collectif pour \u00e9trangers mineurs dans le cadre de voyages scolaires ;\n\u2013 documents de circulation pour les mineurs \u00e9trangers \u00e9tablis en France ;\n\u2013 visas de toute nature sur les passeports \u00e9trangers ;\n\u2013 les lettres d'information dans le cadre d'une proc\u00e9dure de r\u00e9admission DUBLIN ainsi que les  \nconvocations DUBLIN et les laissez-passer dans le cadre d'une proc\u00e9dure de r\u00e9admission  \nDUBLIN.\n\u2022 les  saisines  du  juge  des  libert\u00e9s  pour  les  demandes  de  prolongation  en  r\u00e9tention  \nadministrative ;\n\u2022 les saisines du juge des libert\u00e9s pour les demandes d'autorisation \u00e0 requ\u00e9rir les services de  \npolice  ou  les  unit\u00e9s  de  gendarmerie  pour  qu'ils  visitent  le  domicile  de  l'\u00e9tranger  afin  de \ns'assurer de sa pr\u00e9sence et de le reconduire \u00e0 la fronti\u00e8re sur le fondement de l'article L 561-2  \nII du CESEDA (Code de l'entr\u00e9e et du s\u00e9jour des \u00e9trangers et du droit d'asile) ;\n\u2022 les saisines du juge des libert\u00e9s pour les demandes d'autorisation \u00e0 requ\u00e9rir les services de  \npolice  ou  les  unit\u00e9s  de  gendarmerie  pour  qu'ils  visitent  le  domicile  de  l'\u00e9tranger  afin  de \ns'assurer de sa pr\u00e9sence et de le conduire aupr\u00e8s des autorit\u00e9s consulaires sur le fondement  \nde l'article L 513-5 du CESEDA ;\n\u2022 les mandats sp\u00e9ciaux destin\u00e9s aux repr\u00e9sentants charg\u00e9s de d\u00e9fendre le pr\u00e9fet de C\u00f4te d'Or  \nlors de l'examen, par le juge des libert\u00e9s et de la d\u00e9tention, des demandes de  prolongation de \nla r\u00e9tention administrative ;\n\u2022 les arr\u00eat\u00e9s de mandatement des condamnations p\u00e9cuniaires dues par l'\u00c9tat dans le cadre du  \ncontentieux des \u00e9trangers ;\n\u2022 les observations \u00e9crites adress\u00e9es \u00e0 une juridiction administrative dans le cadre de recours  \ncontentieux trait\u00e9s en proc\u00e9dure orale ;\n\u2022 les observations \u00e9crites adress\u00e9es \u00e0 une juridiction administrative dans le cadre de recours  \ncontentieux trait\u00e9s en proc\u00e9dure \u00e9crite ;\n\u2022 les arr\u00eat\u00e9s pr\u00e9fectoraux d'assignation \u00e0 r\u00e9sidence ;\n\u2022 les arr\u00eat\u00e9s pr\u00e9fectoraux portant refus de s\u00e9jour et obligation de quitter le territoire fran\u00e7ais au  \ntitre de l'asile assortie ou non d'un d\u00e9lai de d\u00e9part volontaire et d'une interdiction de retour.\n\u2022 En cas d'absence de tout membre du corps pr\u00e9fectoral   :\n\u2013 les arr\u00eat\u00e9s de reconduite \u00e0 la fronti\u00e8re, les arr\u00eat\u00e9s de remise d'office,  les Obligations de  \nQuitter  le  Territoire  Fran\u00e7ais  sans  d\u00e9lai  de  d\u00e9part  volontaire,  \u00e9ventuellement  assortis  \nd'interdiction de retour, les arr\u00eat\u00e9s portant interdiction de retour seule ou les prolongations  \nd'interdiction de retour, et les arr\u00eat\u00e9s portant maintien en r\u00e9tention administrative ;\n\u2013 les d\u00e9cisions et arr\u00eat\u00e9s fixant le choix du pays de destination des \u00e9trangers faisant l'objet  \nd'une mesure d'\u00e9loignement du territoire fran\u00e7ais.\nII -  PLATEFORME INTERD  \u00c9  PARTEMENTALE DE LA NATURALISATION   :\nles d\u00e9cisions de classement sans suite en mati\u00e8re de naturalisation et les actes relevant de la  \nplateforme interd\u00e9partementale de la naturalisation.\n2/7\nPr\u00e9fecture de la C\u00f4te-d'Or - 21-2026-04-27-00021 - Arr\u00eat\u00e9 pr\u00e9fectoral n\u00b0  788   du 21 avril 2026\ndonnant d\u00e9l\u00e9gation de signature \u00e0 Madame Nathalie FERNANDEZ\ndirectrice de l'immigration et de la nationalit\u00e9 (DIN)\n145\nArticle 3 : En cas d'absence ou d'emp\u00eachement de Madame Nathalie FERNANDEZ, la d\u00e9l\u00e9gation qui \nlui est conf\u00e9r\u00e9e par l'article 2 sera exerc\u00e9e par Madame C\u00e9line MANELLI, adjointe \u00e0 la directrice de  \nl'immigration et de la nationalit\u00e9 et cheffe du service de l'immigration et de l'int\u00e9gration.\nEn cas d'absence concomitante de Madame Nathalie FERNANDEZ et de Madame C\u00e9line MANELLI,  \nla d\u00e9l\u00e9gation est conf\u00e9r\u00e9e \u00e0 Madame Anne DELVALLE, adjointe \u00e0 la cheffe du service immigration et  \nint\u00e9gration et cheffe du p\u00f4le contentieux des \u00e9trangers.\nEn cas d'absence concomitante de Madame Nathalie FERNANDEZ, de Madame C\u00e9line MANELLI, et  \nde Madame Anne DELVALLE, la d\u00e9l\u00e9gation est conf\u00e9r\u00e9e \u00e0 Monsieur Jean-Christophe THUILLIER,  \nchef de la plateforme interd\u00e9partementale de la naturalisation.\nEn cas d'absence concomitante de Madame Nathalie FERNANDEZ, de Madame C\u00e9line MANELLI, de \nMadame Anne DELVALLE et de Monsieur Jean-Christophe THUILLIER, la d\u00e9l\u00e9gation est conf\u00e9r\u00e9e \u00e0  \nMadame Cateline ZARIC, adjointe au chef de la plateforme interd\u00e9partementale de la naturalisation.\nArticle 4     :   D\u00e9l\u00e9gation est donn\u00e9e \u00e0  Monsieur Jean-Christophe THUILLIER,  chef de la plateforme  \ninterd\u00e9partementale de la naturalisation pour :\n- les d\u00e9cisions de classement sans suite en mati\u00e8re de naturalisation et les actes relevant de la  \nplateforme interd\u00e9partementale de la naturalisation.\nEn  cas  d'absence  ou  d'emp\u00eachement  de  Monsieur  Jean-Christophe  THUILLIER,  la  d\u00e9l\u00e9gation  \nconf\u00e9r\u00e9e  au  pr\u00e9sent  article  sera  exerc\u00e9e  par  Madame  Cateline  ZARIC,  adjointe  au  chef  de  la  \nplateforme interd\u00e9partementale de la naturalisation.\nEn  cas  d'absence  ou  d'emp\u00eachement  de  Monsieur  Jean-Christophe  THUILLIER  et  de  Madame  \nCateline  ZARIC,  la  d\u00e9l\u00e9gation  conf\u00e9r\u00e9e  au  pr\u00e9sent  article  sera  exerc\u00e9e  par  Madame  S\u00e9verine  \nGROSSEL.\n* D\u00e9l\u00e9gation est donn\u00e9e \u00e0     :  \n\u27a2  Mesdames Tatiana BOYON, S\u00e9verine GROSSEL, Ma\u00eflis GAUDILLAT, Sahar HASSANI, \nAudrey DUVAQUIER, Lin SANDAFI et Messieurs Victor BROSSARD, Antoine PORRO  \net N\u00e9o MAILLOT, pour :\n\u2022 les convocations des postulants et des d\u00e9clarants, \n\u2022 les attestations de d\u00e9p\u00f4t et les accus\u00e9s de r\u00e9ception,\n\u2022 les demandes d'enqu\u00eate,\n\u2022 les saisines des TJ et TGI, \n\u2022 les r\u00e9c\u00e9piss\u00e9s, \n\u2022 la conduite d'entretien et les compte-rendus des entretiens d'assimilation de la nationalit\u00e9  \nfran\u00e7aise, \n\u2022 les retours de dossiers incomplets,\n\u2022 les correspondances courantes n'emportant pas de d\u00e9cision.\nArticle 5 : D\u00e9l\u00e9gation est donn\u00e9e \u00e0 Madame C\u00e9line MANELLI, adjointe \u00e0 la directrice et  cheffe du \nservice de l'immigration et de l'int\u00e9gration pour :\n\u2022 toutes d\u00e9cisions relatives aux diverses proc\u00e9dures d'autorisation de s\u00e9jour et de refus de  \ns\u00e9jour en France ;\n\u2022 la d\u00e9livrance et le refus de d\u00e9livrance des documents suivants :\n3/7\nPr\u00e9fecture de la C\u00f4te-d'Or - 21-2026-04-27-00021 - Arr\u00eat\u00e9 pr\u00e9fectoral n\u00b0  788   du 21 avril 2026\ndonnant d\u00e9l\u00e9gation de signature \u00e0 Madame Nathalie FERNANDEZ\ndirectrice de l'immigration et de la nationalit\u00e9 (DIN)\n146\n\u2013 cartes de s\u00e9jour  : cartes de s\u00e9jour temporaire, cartes de s\u00e9jour pluriannuelles, cartes de  \nr\u00e9sident, cartes de s\u00e9jour de ressortissant d'un \u00c9tat membre de la communaut\u00e9 europ\u00e9enne  \nou de l'Espace \u00c9conomique Europ\u00e9en, certificat de r\u00e9sidence pour les Alg\u00e9riens, carte de  \ns\u00e9jour \u00ab retrait\u00e9 \u00bb ;\n\u2013 r\u00e9c\u00e9piss\u00e9s  de  demande  de  titre  de  s\u00e9jour  et  r\u00e9c\u00e9piss\u00e9s  d\u00e9livr\u00e9s  dans  le  cadre  d'une  \ndemande d'asile ;\n\u2013 attestations de demandes d'asile ;\n\u2013 autorisations provisoires de s\u00e9jour ;\n\u2013 titres d'identit\u00e9 et de voyage ;\n\u2013 sauf-conduits ;\n\u2013 documents de voyage collectif pour \u00e9trangers mineurs dans le cadre de voyages scolaires ;\n\u2013 documents de circulation pour les mineurs \u00e9trangers \u00e9tablis en France ;\n\u2013 visas de toute nature sur les passeports \u00e9trangers ;\n\u2013 les lettres d'information dans le cadre d'une proc\u00e9dure de r\u00e9admission DUBLIN ainsi que les  \nconvocations  DUBLIN,  les  lettres  d'information  des  demandeurs  d'asile  maintenus  \nprovisoirement au s\u00e9jour ainsi que les laissez-passer dans le cadre d'une proc\u00e9dure de  \nr\u00e9admission DUBLIN.\n\u2022 les refus de prolongation de visa ;\n\u2022 les convocations aux entretiens dans le cadre du contr\u00f4le des cartes de s\u00e9jour pluriannuelles\n\u2022 la signature des demandes de laissez-passer consulaires ;\n\u2022 la signature des courriers de saisine adress\u00e9s \u00e0 l'OFPRA (office fran\u00e7ais de protection des  \nr\u00e9fugi\u00e9s et apatrides) dans le cadre des demandes d'asile pr\u00e9sent\u00e9es par des \u00e9trangers  \nplac\u00e9s en centre de r\u00e9tention administrative ;\n\u2022 les demandes d'escortes pour transf\u00e9rer les \u00e9trangers en situation irr\u00e9guli\u00e8re dans un centre  \nde r\u00e9tention administrative ;\n\u2022 les observations \u00e9crites adress\u00e9es \u00e0 une juridiction administrative dans le cadre de recours  \ncontentieux trait\u00e9s en proc\u00e9dure orale ;\n\u2022 les observations \u00e9crites adress\u00e9es \u00e0 une juridiction administrative dans le cadre de recours  \ncontentieux trait\u00e9s en proc\u00e9dure \u00e9crite ;\n\u2022 les saisines du juge des libert\u00e9s et de la d\u00e9tention pour les demandes  de prolongation en  \nr\u00e9tention administrative ;\n\u2022 les saisines du juge des libert\u00e9s et de la d\u00e9tention pour les demandes d'autorisation \u00e0 requ\u00e9rir  \nles services de police ou les unit\u00e9s de gendarmerie pour qu'ils visitent le domicile de l'\u00e9tranger  \nafin de s'assurer de sa pr\u00e9sence et de le reconduire \u00e0 la fronti\u00e8re sur le fondement de l'article  \nL561-2 II du CESEDA ;\n\u2022 les saisines du juge des libert\u00e9s et de la d\u00e9tention pour les demandes d'autorisation \u00e0 requ\u00e9rir  \nles services de police ou les unit\u00e9s de gendarmerie pour qu'ils visitent le domicile de l'\u00e9tranger  \nafin de s'assurer de sa pr\u00e9sence et de le conduire aupr\u00e8s des autorit\u00e9s consulaires sur le  \nfondement de l'article L513-5 du CESEDA ;\n\u2022 les mandats sp\u00e9ciaux destin\u00e9s aux repr\u00e9sentants charg\u00e9s de d\u00e9fendre le pr\u00e9fet de C\u00f4te d'Or  \nlors de l'examen, par le juge des libert\u00e9s et de la d\u00e9tention, des demandes de prolongation de \nla r\u00e9tention administrative ;\n\u2022 les arr\u00eat\u00e9s de mandatement des condamnations p\u00e9cuniaires dues par l'\u00c9tat dans le cadre du  \ncontentieux des \u00e9trangers ;\nEn cas d'absence ou d'emp\u00eachement de Madame C\u00e9line MANELLI, la d\u00e9l\u00e9gation est conf\u00e9r\u00e9e \u00e0  \nMadame Anne DELVALLE, adjointe \u00e0 la cheffe du service immigration et int\u00e9gration et cheffe du p\u00f4le  \ncontentieux des \u00e9trangers.\nEn cas d'absence ou d'emp\u00eachement de Madame C\u00e9line MANELLI et de Madame Anne DELVALLE, \nla d\u00e9l\u00e9gation est conf\u00e9r\u00e9e \u00e0 Madame Diestine GIRAUD, cheffe du p\u00f4le asile-\u00e9loignement du service  \nd'immigration et d'int\u00e9gration.\n4/7\nPr\u00e9fecture de la C\u00f4te-d'Or - 21-2026-04-27-00021 - Arr\u00eat\u00e9 pr\u00e9fectoral n\u00b0  788   du 21 avril 2026\ndonnant d\u00e9l\u00e9gation de signature \u00e0 Madame Nathalie FERNANDEZ\ndirectrice de l'immigration et de la nationalit\u00e9 (DIN)\n147\nEn cas d'absence ou d'emp\u00eachement de Madame C\u00e9line MANELLI, de Madame Anne DELVALLE et \nde Madame Diestine GIRAUD, la d\u00e9l\u00e9gation est conf\u00e9r\u00e9e \u00e0 Madame Lola PINSONNEAUX, adjointe \u00e0 \nla cheffe du p\u00f4le asile-\u00e9loignement.\nEn cas d'absence ou d'emp\u00eachement de Madame C\u00e9line MANELLI, de Madame Anne DELVALLE, de \nMadame  Diestine  GIRAUD  et  de  Madame  Lola  PINSONNEAUX,  la  d\u00e9l\u00e9gation  est  conf\u00e9r\u00e9e  \u00e0  \nMadame Catherine VALENTIN, cheffe du p\u00f4le s\u00e9jour du Service d'immigration et d'int\u00e9gration.\n*   Pour le p\u00f4le contentieux des \u00e9trangers, d\u00e9l\u00e9gation est donn\u00e9e \u00e0     :  \nMadame Anne DELVALLE, adjointe \u00e0 la cheffe du service immigration et int\u00e9gration et cheffe du p\u00f4le  \ncontentieux des \u00e9trangers Monsieur Manuel DA ROCHA, et Mme Isabelle DURAND-ROUX pour :\n\u2022 les observations \u00e9crites adress\u00e9es \u00e0 une juridiction administrative dans le cadre de recours  \ncontentieux trait\u00e9s en proc\u00e9dure orale ;\n\u2022 les observations \u00e9crites adress\u00e9es \u00e0 une juridiction administrative dans le cadre de recours  \ncontentieux trait\u00e9s en proc\u00e9dure \u00e9crite ;\n\u2022 les accus\u00e9s de r\u00e9ception des requ\u00eates devant les juridictions administratives\n\u2022 les correspondances courantes n'emportant pas de d\u00e9cision, les lettre-types, les bordereaux  \nd'envoi et t\u00e9l\u00e9copies dans les domaines de l'\u00e9loignement, des r\u00e9admissions et du contentieux.\n* Pour le P\u00f4le S\u00e9jour, d\u00e9l\u00e9gation est donn\u00e9e \u00e0     :  \n\u27a2 Madame Catherine VALENTIN, c heffe du P\u00f4le S\u00e9jour et \u00e0 Mme Justine MICHELET,  \npour :\n\u2022 les bordereaux d'envoi ;\n\u2022 les correspondances courantes et les lettres-types n'emportant pas d\u00e9cision ;\n\u2022 les titres de voyage pour les \u00e9trangers ;\n\u2022 les visas de toute nature sur les passeports \u00e9trangers ;\n\u2022 les r\u00e9c\u00e9piss\u00e9s de demandes de titre de s\u00e9jour, les autorisations provisoires de s\u00e9jour \n\u2022 la d\u00e9livrance des documents de circulation pour les \u00e9trangers mineurs\n\u2022 la d\u00e9livrance de documents de voyage collectif pour \u00e9trangers mineurs dans le cadre de \nvoyages scolaires ;\n\u2022 les refus de prolongation de visa ;\n\u2022 les premi\u00e8res demandes et les renouvellements de titres de s\u00e9jour ;\n\u2022 les demandes de duplicatas, de changements d'adresse et de modifications de cartes de  \ns\u00e9jour temporaires\n\u2022 les attestations sur l'honneur de communaut\u00e9 de vie (d\u00e9claration par mariage),\n\u2022 les demandes d'enqu\u00eates.\n\u27a2 Mesdames Marine BOUDET, A\u00e9lia HERY, Chlo\u00e9 TALLANDIER et C\u00e9lia MOS Apour :\n\u2022 les bordereaux d'envoi ;\n\u2022 les correspondances courantes et les lettres-types n'emportant pas d\u00e9cision ;\n\u2022 les r\u00e9c\u00e9piss\u00e9s de demande de titre de s\u00e9jour et le renouvellement des r\u00e9c\u00e9piss\u00e9s ;\n\u2022 les demandes d'enqu\u00eates ;\n\u27a2 Mesdames Marie-Christine DAUDET, Emilie LORET-MASSON, G\u00e9raldine ROLLING,  \nMil\u00e8ne  MARONNAT,  Marie  GOICHOT,  Sibel  OCZELIK,  Corinne  GREY,  Caroline  \nNICOLAS et Ikram OULDEI et Monsieur Mathias KASMI-MARTIN, :\nles bordereaux d'envoi ;\nles correspondances courantes et les lettres-types n'emportant pas d\u00e9cision ;\nles attestations sur l'honneur de communaut\u00e9 de vie (d\u00e9claration par mariage),\nles r\u00e9c\u00e9piss\u00e9s de titre de s\u00e9jour ainsi que le renouvellement des r\u00e9c\u00e9piss\u00e9s ;\nles demandes de duplicatas, de changements d'adresse et de modifications de cartes de  \ns\u00e9jour ;\n5/7\nPr\u00e9fecture de la C\u00f4te-d'Or - 21-2026-04-27-00021 - Arr\u00eat\u00e9 pr\u00e9fectoral n\u00b0  788   du 21 avril 2026\ndonnant d\u00e9l\u00e9gation de signature \u00e0 Madame Nathalie FERNANDEZ\ndirectrice de l'immigration et de la nationalit\u00e9 (DIN)\n148\nles premi\u00e8res demandes et renouvellements de titres de s\u00e9jour pour les cat\u00e9gories de titres  \nrelevant d'un d\u00e9p\u00f4t d\u00e9mat\u00e9rialis\u00e9 dans l'ANEF.\n* Pour le P\u00f4le Asile-\u00e9loignement, d\u00e9l\u00e9gation est donn\u00e9e \u00e0     :   \n\u27a2 Madame  Diestine  GIRAUD,  cheffe  de  p\u00f4le  asile-\u00e9loignement  et  Madame  Lola  \nPINSONNEAUX, adjointe \u00e0 la cheffe de p\u00f4le asile-\u00e9loignement pour :\n\u27a2 les convocations DUBLIN ;\n\u27a2 les laissez-passer dans le cadre d'une proc\u00e9dure de r\u00e9admission DUBLIN.\n\u27a2 les r\u00e9c\u00e9piss\u00e9s et attestations de demandes d'asile ;\n\u27a2 les bordereaux d'envoi, correspondances courantes et demandes d'avis li\u00e9s \u00e0 l'asile, aux  \nproc\u00e9dures de r\u00e9admission et \u00e0 la reconduite \u00e0 la fronti\u00e8re des demandeurs d'asile ;\n\u27a2 les autorisations provisoires de s\u00e9jour ;\n\u27a2 les demandes de r\u00e9admission d'un \u00e9tranger dans un autre \u00c9tat ;\n\u27a2 les fiches d'information transmises \u00e0 l'OFPRA ;\n\u27a2 les lettres d'information du demandeur d'asile  ;\n\u27a2 les accus\u00e9s de r\u00e9ception des requ\u00eates devant les juridictions administratives ;\n\u27a2 les correspondances courantes n'emportant pas de d\u00e9cision, les lettre-types, les bordereaux  \nd'envoi dans les domaines de l'\u00e9loignement, des r\u00e9admissions et du contentieux ;\n\u27a2 la signature des demandes de laissez-passer consulaires ;\n\u27a2 la signature des courriers de saisine adress\u00e9s \u00e0 l'OFPRA (office fran\u00e7ais de protection des  \nr\u00e9fugi\u00e9s et apatrides) dans le cadre des demandes d'asile pr\u00e9sent\u00e9es par des \u00e9trangers  \nplac\u00e9s en centre de r\u00e9tention administrative ;\n\u27a2 la signature des courriers de saisine adress\u00e9s \u00e0 l'OFPRA (office fran\u00e7ais de protection des  \nr\u00e9fugi\u00e9s et apatrides) dans le cadre des demandes d'asile pr\u00e9sent\u00e9es par des \u00e9trangers  \nplac\u00e9s en centre de r\u00e9tention administrative ;\n\u27a2 les lettres d'information dans le cadre d'une proc\u00e9dure de r\u00e9admission DUBLIN ainsi que les  \nconvocations  DUBLIN,  les  lettres  d'information  des  demandeurs  d'asile  maintenus  \nprovisoirement  au  s\u00e9jour  ainsi  que  les  laissez-passer  dans  le  cadre  d'une  proc\u00e9dure  de \nr\u00e9admission DUBLIN ;\n\u27a2 les demandes d'escortes pour transf\u00e9rer les \u00e9trangers en situation irr\u00e9guli\u00e8re dans un centre  \nde r\u00e9tention administrative ;\n\u27a2 les saisines du juge des libert\u00e9s et de la d\u00e9tention pour les demandes  de prolongation en  \nr\u00e9tention administrative ;\n\u27a2 les saisines du juge des libert\u00e9s et de la d\u00e9tention pour les demandes d'autorisation \u00e0 requ\u00e9rir  \nles services de police ou les unit\u00e9s de gendarmerie pour qu'ils visitent le domicile de l'\u00e9tranger  \nafin de s'assurer de sa pr\u00e9sence et de le reconduire \u00e0 la fronti\u00e8re sur le fondement de l'article  \nL561-2 II du CESEDA ;\n\u27a2 les saisines du juge des libert\u00e9s et de la d\u00e9tention pour les demandes d'autorisation \u00e0 requ\u00e9rir  \nles services de police ou les unit\u00e9s de gendarmerie pour qu'ils visitent le domicile de l'\u00e9tranger  \nafin de s'assurer de sa pr\u00e9sence et de le conduire aupr\u00e8s des autorit\u00e9s consulaires sur le  \nfondement de l'article L513-5 du CESEDA ;\n\u27a2 les mandats sp\u00e9ciaux destin\u00e9s aux repr\u00e9sentants charg\u00e9s de d\u00e9fendre le pr\u00e9fet de C\u00f4te d'Or  \nlors de l'examen, par le juge des libert\u00e9s et de la d\u00e9tention, des demandes de prolongation de  \nla r\u00e9tention administrative ;\n\u27a2 les titres internationaux de voyage, les titres de voyage pour r\u00e9fugi\u00e9s et sauf-conduits pour les  \n\u00e9trangers.\n\u27a2 Mesdames  Corinne  MERCUZOT-TURELLO ,  Rachida  BOUTCHACHA,  et  Marie-\nChristine BOUILLOT pour :\n\u2022 les convocations DUBLIN ;\n\u2022 les r\u00e9c\u00e9piss\u00e9s et les attestations de demandes d'asile ;\n\u2022 les bordereaux d'envoi, correspondances courantes et demandes d'avis li\u00e9s \u00e0 l'asile, aux  \nproc\u00e9dures de r\u00e9admission et \u00e0 la reconduite \u00e0 la fronti\u00e8re des demandeurs d'asile ;\n6/7\nPr\u00e9fecture de la C\u00f4te-d'Or - 21-2026-04-27-00021 - Arr\u00eat\u00e9 pr\u00e9fectoral n\u00b0  788   du 21 avril 2026\ndonnant d\u00e9l\u00e9gation de signature \u00e0 Madame Nathalie FERNANDEZ\ndirectrice de l'immigration et de la nationalit\u00e9 (DIN)\n149\n\u2022 les demandes de r\u00e9admission d'un \u00e9tranger dans un autre \u00c9tat ;\n\u2022 les fiches d'information transmises \u00e0 l'OFPRA ;\n\u2022 les lettres d'information du demandeur d'asile ;\n\u27a2 Mesdames Laurianne POTEL,  Justine KAROTSCH,  Lyna AIT EL FASSY,  Guilaine \nSAIZONOU et Elleana SANTANA pour :\n\u2022 les correspondances courantes n'emportant pas de d\u00e9cision, les lettre-types, les bordereaux  \nd'envoi et t\u00e9l\u00e9copies dans les domaines de l'\u00e9loignement et des r\u00e9admissions.\nArticle 6 : Le secr\u00e9taire g\u00e9n\u00e9ral de la pr\u00e9fecture de la C\u00f4te d'Or, et les agents b\u00e9n\u00e9ficiaires de la  \nd\u00e9l\u00e9gation de signature, sont charg\u00e9s, chacun pour ce qui le concerne, de l'ex\u00e9cution du pr\u00e9sent  \narr\u00eat\u00e9 qui sera publi\u00e9 au recueil des actes administratifs de la pr\u00e9fecture de la C\u00f4te-d'Or.\nFait \u00e0 Dijon, le 27/04/26\nLa pr\u00e9f\u00e8te\nSIGNE\nViolaine DEMARET\nVoies et d\u00e9lais de recours\nLa  pr\u00e9sente  d\u00e9cision  peut  faire  l'objet  d'un  recours  contentieux,  aupr\u00e8s  du  tribunal  \nadministratif de Dijon, 22 rue d'Assas \u2013 B.P . 61616 \u2013 21 016 DIJON CEDEX dans un d\u00e9lai de deux \n(2) mois \u00e0 compter de la publication de la d\u00e9cision.\nDans le m\u00eame d\u00e9lai de 2 mois, un recours gracieux peut . Le silence gard\u00e9 par l'administration \npendant plus deux mois sur la demande de recours gracieux emporte d\u00e9cision implicite de  \nrejet de cette demande, conform\u00e9ment \u00e0 l'article R. 421-2 du  de justice administrative. Celui-\nci prolonge le d\u00e9lai de recours contentieux qui doit \u00eatre introduit dans les 2  mois suivant la  \nr\u00e9ponse.\nLe tribunal administratif peut \u00eatre saisi par un recours d\u00e9pos\u00e9 via l'application T\u00e9l\u00e9recours  \ncitoyens accessible par le site internet : www.telerecours.fr\n7/7\nPr\u00e9fecture de la C\u00f4te-d'Or - 21-2026-04-27-00021 - Arr\u00eat\u00e9 pr\u00e9fectoral n\u00b0  788   du 21 avril 2026\ndonnant d\u00e9l\u00e9gation de signature \u00e0 Madame Nathalie FERNANDEZ\ndirectrice de l'immigration et de la nationalit\u00e9 (DIN)\n150\nPr\u00e9fecture de la C\u00f4te-d'Or\nP\u00f4le juridique inter-services\n21-2026-04-27-00026\nArr\u00eat\u00e9 pr\u00e9fectoral N\u00b0  792  / SG du 27 avril 2026\ndonnant d\u00e9l\u00e9gation de signature \u00e0 Mme\nGhislaine LESEURRE,\ncharg\u00e9e de mission, r\u00e9f\u00e9rente fraude\nd\u00e9partementale.\nPr\u00e9fecture de la C\u00f4te-d'Or - 21-2026-04-27-00026 - Arr\u00eat\u00e9 pr\u00e9fectoral N\u00b0  792  / SG du 27 avril 2026\ndonnant d\u00e9l\u00e9gation de signature \u00e0 Mme Ghislaine LESEURRE,\ncharg\u00e9e de mission, r\u00e9f\u00e9rente fraude d\u00e9partementale.\n151\nPREFETEDELACOTE-D'ORLibert\u00e9Egalit\u00e9Fraternit\u00e9\nArr\u00eat\u00e9 pr\u00e9fectoral N\u00b0  792  / SG du 27 avril 2026\ndonnant d\u00e9l\u00e9gation de signature \u00e0 Mme Ghislaine LESEURRE,\ncharg\u00e9e de mission, r\u00e9f\u00e9rente fraude d\u00e9partementale.\nLa pr\u00e9f\u00e8te de la C\u00f4te-d'Or\nVu la loi n\u00b0 82.213 du 2 mars 1982 modifi\u00e9e relative aux droits et libert\u00e9s des communes, des  \nd\u00e9partements et des r\u00e9gions ;\nVu le d\u00e9cret n\u00b0 2025-723 du 30 juillet 2025 modifiant le d\u00e9cret n\u00b0 2004-374 du 29 avril 2004  \nrelatif aux pouvoirs des pr\u00e9fets, \u00e0 l'organisation et \u00e0 l'action des services de l'\u00c9tat dans les  \nr\u00e9gions et d\u00e9partements ;\nVu le  d\u00e9cret  du  8  avril  2026  nommant  Madame  Violaine  DEMARET,  pr\u00e9f\u00e8te  de  la  r\u00e9gion\nBourgogne-Franche-Comt\u00e9, pr\u00e9f\u00e8te de la C\u00f4te-d'Or ;\nVu l' arr\u00eat\u00e9 pr\u00e9fectoral n\u00b0  1650/SG du 28 octobre 2024 donnant d\u00e9l\u00e9gation de signature \u00e0  \nMadame Ghislaine LESEURRE, charg\u00e9e de mission, r\u00e9f\u00e9rente fraude d\u00e9partementale ;\nSur proposition de Monsieur le secr\u00e9taire g\u00e9n\u00e9ral de la pr\u00e9fecture de la C\u00f4te-d'Or ;\nARR\u00caTE\nArticle  1er : L'arr\u00eat\u00e9  pr\u00e9fectoral  n\u00b0  1650/SG  du  28  octobre  2024  donnant  d\u00e9l\u00e9gation  de  \nsignature  \u00e0  Madame  Ghislaine  LESEURRE,  charg\u00e9e  de  mission,  r\u00e9f\u00e9rente  fraude  \nd\u00e9partementale, et toutes dispositions ant\u00e9rieures contraires au pr\u00e9sent arr\u00eat\u00e9 sont abrog\u00e9s.\nArticle 2  : D\u00e9l\u00e9gation de signature est donn\u00e9e \u00e0 Mme Ghislaine LESEURRE, charg\u00e9e de  \nmission r\u00e9f\u00e9rente fraude d\u00e9partementale, \u00e0 l'effet de signer :\n\u2022 Les correspondances courantes inh\u00e9rentes \u00e0 sa mission et n'entra\u00eenant pas de d\u00e9cision,\n\u2022 les demandes d'enqu\u00eates, de renseignements et d'avis relatifs \u00e0 ses attributions.\nPr\u00e9fecture de la C\u00f4te-d'Or - 21-2026-04-27-00026 - Arr\u00eat\u00e9 pr\u00e9fectoral N\u00b0  792  / SG du 27 avril 2026\ndonnant d\u00e9l\u00e9gation de signature \u00e0 Mme Ghislaine LESEURRE,\ncharg\u00e9e de mission, r\u00e9f\u00e9rente fraude d\u00e9partementale.\n152\nArticle  3 : Le  secr\u00e9taire  g\u00e9n\u00e9ral  de  la  pr\u00e9fecture  de  la  C\u00f4te-d'Or,  la  charg\u00e9e  de  mission  \nr\u00e9f\u00e9rente fraude d\u00e9partementale sont charg\u00e9s, chacun pour ce qui le concerne, de l'ex\u00e9cution  \ndu pr\u00e9sent arr\u00eat\u00e9 qui sera publi\u00e9 au recueil des actes administratifs de la pr\u00e9fecture de la C\u00f4te-\nd'Or.\nFait \u00e0 Dijon, le 27/04/26\nLa pr\u00e9f\u00e8te,\nSIGNE\nViolaine DEMARET\nVoies et d\u00e9lais de recours\nLa  pr\u00e9sente  d\u00e9cision  peut  faire  l'objet  d'un  recours  contentieux,  aupr\u00e8s  du  tribunal  \nadministratif de Dijon, 22 rue d'Assas \u2013 B.P . 61616 \u2013 21 016 DIJON CEDEX dans un d\u00e9lai de deux \n(2) mois \u00e0 compter de la publication de la d\u00e9cision.\nDans le m\u00eame d\u00e9lai de 2 mois, un recours gracieux peut . Le silence gard\u00e9 par l'administration \npendant plus deux mois sur la demande de recours gracieux emporte d\u00e9cision implicite de  \nrejet de cette demande, conform\u00e9ment \u00e0 l'article R. 421-2 du  de justice administrative. Celui-\nci prolonge le d\u00e9lai de recours contentieux qui doit \u00eatre introduit dans les 2  mois suivant la  \nr\u00e9ponse.\nLe tribunal administratif peut \u00eatre saisi par un recours d\u00e9pos\u00e9 via l'application T\u00e9l\u00e9recours  \ncitoyens accessible par le site internet : www.telerecours.fr\nPr\u00e9fecture de la C\u00f4te-d'Or - 21-2026-04-27-00026 - Arr\u00eat\u00e9 pr\u00e9fectoral N\u00b0  792  / SG du 27 avril 2026\ndonnant d\u00e9l\u00e9gation de signature \u00e0 Mme Ghislaine LESEURRE,\ncharg\u00e9e de mission, r\u00e9f\u00e9rente fraude d\u00e9partementale.\n153\nPr\u00e9fecture de la C\u00f4te-d'Or\nP\u00f4le juridique inter-services\n21-2026-04-27-00033\nARRET\u00e9 PREFECTORAL N\u00b0  799 / SG  du   27 avril\n2026     donnant d\u00e9l\u00e9gation de signature en\nmati\u00e8re d'ouverture et de fermeture des services\nd\u00e9concentr\u00e9s \u00e0  Mr Jean-Luc BRENNER,\nadministrateur de l'\u00c9tat du grade transitoire, \ndirecteur r\u00e9gional des finances publiques de\nBourgogne-Franche-Comt\u00e9 et du d\u00e9partement\nde la C\u00f4te-d'Or.\nPr\u00e9fecture de la C\u00f4te-d'Or - 21-2026-04-27-00033 - ARRET\u00e9 PREFECTORAL N\u00b0  799 / SG  du   27 avril 2026     donnant d\u00e9l\u00e9gation de\nsignature en mati\u00e8re d'ouverture et de fermeture des services d\u00e9concentr\u00e9s \u00e0  Mr Jean-Luc BRENNER, administrateur de l'\u00c9tat du\ngrade transitoire,  directeur r\u00e9gional des finances publiques de Bourgogne-Franche-Comt\u00e9 et du d\u00e9partement de la C\u00f4te-d'Or.\n154\nPREFETEDE LACOTE-D'ORLibert\u00e9Egalit\u00e9Fraternit\u00e9\nArr\u00eat\u00e9 pr\u00e9fectoral N\u00b0  799 / SG  du   27 avril 2026                 \ndonnant d\u00e9l\u00e9gation de signature en mati\u00e8re d'ouverture et de fermeture des services \nd\u00e9concentr\u00e9s \u00e0  Mr Jean-Luc BRENNER, administrateur de l'\u00c9tat du grade transitoire,  \ndirecteur r\u00e9gional des finances publiques de Bourgogne-Franche-Comt\u00e9 et du \nd\u00e9partement de la C\u00f4te-d'Or.\nLa pr\u00e9f\u00e8te de la C\u00f4te-d'Or\nVU le d\u00e9cret n\u00b071-69 du 26 janvier 1971 relatif au r\u00e9gime d'ouverture au public des services  \next\u00e9rieurs de l'\u00c9tat ;\nVU le  d\u00e9cret  n\u00b0  2004-374  du  29  avril  2004  modifi\u00e9  relatif  au  pouvoir  des  pr\u00e9fets,  \u00e0  \nl'organisation et \u00e0 l'action des services de l'\u00c9tat dans les r\u00e9gions et les d\u00e9partements,  \nnotamment ses articles 26 et 43 ;\nVU le  d\u00e9cret  n\u00b02008-310  du  3  avril  2008  relatif  \u00e0  la  direction  g\u00e9n\u00e9rale  des  finances  \npubliques ;\nVU le  d\u00e9cret  n\u00b02009-208  du  20  f\u00e9vrier  2009  modifi\u00e9  relatif  au  statut  particulier  des  \nadministrateurs des finances publiques ;\nVU le d\u00e9cret n\u00b02009-707 du 16 juin 2009 modifi\u00e9 relatif aux services d\u00e9concentr\u00e9s de la  \ndirection g\u00e9n\u00e9rale des finances publiques ;\nVU  le  d\u00e9cret  du  8  avril  2026  nommant  Mme  Violaine  DEMARET,  pr\u00e9f\u00e8te  de  la  r\u00e9gion \nBourgogne-Franche-Comt\u00e9, pr\u00e9f\u00e8te de la C\u00f4te-d'Or;\nVU le d\u00e9cret du 16 avril 2026 p ar lequel Mr Jean-Luc BRENNER, administrateur de l'\u00c9tat du \ngrade transitoire , est nomm\u00e9 directeur r\u00e9gional  des finances publiques de Bourgogne-\nFranche-Comt\u00e9 et du d\u00e9partement de la C\u00f4te-d'Or ;\nVU l'arr\u00eat\u00e9 pr\u00e9fectoral  n\u00b0261  / SG du 4 f\u00e9vrier 2026  do nnant d\u00e9l\u00e9gation de signature en  \nmati\u00e8re  d'ouverture  et  de  fermeture  des  services  d\u00e9concentr\u00e9s  \u00e0  M.  Etienne  LEPAGE, \ndirecteur r\u00e9gional des finances publiques de Bourgogne-Franche-Comt\u00e9 et du d\u00e9partement  \nde la C\u00f4te-d'Or par int\u00e9rim;\nSUR proposition de M. le secr\u00e9taire g\u00e9n\u00e9ral de la pr\u00e9fecture de la C\u00f4te-d'Or;\nPr\u00e9fecture de la C\u00f4te-d'Or - 21-2026-04-27-00033 - ARRET\u00e9 PREFECTORAL N\u00b0  799 / SG  du   27 avril 2026     donnant d\u00e9l\u00e9gation de\nsignature en mati\u00e8re d'ouverture et de fermeture des services d\u00e9concentr\u00e9s \u00e0  Mr Jean-Luc BRENNER, administrateur de l'\u00c9tat du\ngrade transitoire,  directeur r\u00e9gional des finances publiques de Bourgogne-Franche-Comt\u00e9 et du d\u00e9partement de la C\u00f4te-d'Or.\n155\nARRETE\nArticle 1     :   l'arr\u00eat\u00e9 pr\u00e9fectoral n\u00b0261 / SG du 4 f\u00e9vrier 2026 donnant d\u00e9l\u00e9gation de signature  \nen mati\u00e8re d'ouverture et de fermeture des services d\u00e9concentr\u00e9s \u00e0  M. Etienne LEPAGE , \nAdministrateur de l'\u00c9tat du 2\u00e8me grade,  en charge de l'int\u00e9rim de la direction r\u00e9gionale des  \nfinances des finances publiques de Bourgogne-Franche-Comt\u00e9  et  du d\u00e9partement de la  \nC\u00f4te-d'Or par int\u00e9rim   et  toutes dispositions ant\u00e9rieures contraires au pr\u00e9sent arr\u00eat\u00e9 sont  \nabrog\u00e9s.\nArticle 2 : D\u00e9l\u00e9gation de signature est donn\u00e9e \u00e0  Mr Jean-Luc BRENNER, administrateur de  \nl'\u00c9tat du grade transitoire, directeur r\u00e9gional des finances publiques de Bourgogne-Franche-\nComt\u00e9 et du d\u00e9partement de la C\u00f4te-d'Or , \u00e0 l'effet de signer, dans la limite de ses attributions  \net comp\u00e9tences, les arr\u00eat\u00e9s relatifs \u00e0 la fermeture exceptionnelle des services de la direction  \nr\u00e9gionale des finances publiques de  Bourgogne-Franche-Comt\u00e9 et du d\u00e9partement de la  \nC\u00f4te-d'Or.\nArticle 3  : Mr Jean-Luc BRENNER, administrateur de l'\u00c9tat du grade transitoire, directeur  \nr\u00e9gional des finances publiques de Bourgogne-Franche-Comt\u00e9 et du d\u00e9partement de la C\u00f4te-\nd'Or, peut donner sa d\u00e9l\u00e9gation aux agents plac\u00e9s sous son autorit\u00e9, pour signer les arr\u00eat\u00e9s  \nrelatifs \u00e0 la fermeture exceptionnelle des services de la direction r\u00e9gionale des finances  \npubliques de Bourgogne-Franche-Comt\u00e9 et du d\u00e9partement de la C\u00f4te-d'Or pour lesquels elle \na elle-m\u00eame re\u00e7u d\u00e9l\u00e9gation.\nArticle 4 :  Le secr\u00e9taire g\u00e9n\u00e9ral de la pr\u00e9fecture de la C\u00f4te-d'Or, et le directeur r\u00e9gional des  \nfinances publiques de Bourgogne-Franche-Comt\u00e9 et du d\u00e9partement de la C\u00f4te-d'Or , sont  \ncharg\u00e9s, chacun p our ce qui le concerne, de l'ex\u00e9cution du pr\u00e9sent arr\u00eat\u00e9 qui sera publi\u00e9 au  \nrecueil des actes administratifs de la pr\u00e9fecture de la C\u00f4te-d'Or.\nFait \u00e0 Dijon, le 27/04/26\nLa pr\u00e9f\u00e8te,\nSIGNE\nViolaine DEMARET\nVoies et d\u00e9lais de recours\nLa  pr\u00e9sente  d\u00e9cision  peut  faire  l'objet  d'un  recours  contentieux,  aupr\u00e8s  du  tribunal  \nadministratif de Dijon, 22 rue d'Assas \u2013 B.P . 61616 \u2013 21 016 DIJON CEDEX dans un d\u00e9lai de  \ndeux (2) mois \u00e0 compter de la publication de la d\u00e9cision.\nDans  le  m\u00eame  d\u00e9lai  de  2  mois,  un  recours  gracieux  peut  .  Le  silence  gard\u00e9  par  \nl'administration pendant plus deux mois sur la demande de recours gracieux emporte  \nd\u00e9cision implicite de rejet de cette demande, conform\u00e9ment \u00e0 l'article R. 421-2 du  de  \njustice  administrative.  Celui-ci  prolonge  le  d\u00e9lai  de  recours  contentieux  qui  doit  \u00eatre  \nintroduit dans les 2 mois suivant la r\u00e9ponse.\nLe tribunal administratif peut \u00eatre saisi par un recours d\u00e9pos\u00e9 via l'application T\u00e9l\u00e9recours \ncitoyens accessible par le site internet : www.telerecours.fr\nPr\u00e9fecture de la C\u00f4te-d'Or - 21-2026-04-27-00033 - ARRET\u00e9 PREFECTORAL N\u00b0  799 / SG  du   27 avril 2026     donnant d\u00e9l\u00e9gation de\nsignature en mati\u00e8re d'ouverture et de fermeture des services d\u00e9concentr\u00e9s \u00e0  Mr Jean-Luc BRENNER, administrateur de l'\u00c9tat du\ngrade transitoire,  directeur r\u00e9gional des finances publiques de Bourgogne-Franche-Comt\u00e9 et du d\u00e9partement de la C\u00f4te-d'Or.\n156\nPr\u00e9fecture de la C\u00f4te-d'Or\nP\u00f4le juridique inter-services\n21-2026-04-27-00037\nARRETE PREFECTORAL n\u00b0  804  /SG      du   27\navril 2026       portant d\u00e9l\u00e9gation de signature \u00e0 \nMr Jean-Luc BRENNER, administrateur de l'\u00c9tat\ndu grade transitoire , directeur r\u00e9gional des\nfinances publiques de\nBourgogne-Franche-Comt\u00e9\net du d\u00e9partement de la C\u00f4te-d'Or, au titre des\nattributions et comp\u00e9tences d\u00e9partementales\nPr\u00e9fecture de la C\u00f4te-d'Or - 21-2026-04-27-00037 - ARRETE PREFECTORAL n\u00b0  804  /SG      du   27 avril 2026       portant d\u00e9l\u00e9gation de\nsignature \u00e0  Mr Jean-Luc BRENNER, administrateur de l'\u00c9tat du grade transitoire , directeur r\u00e9gional des finances publiques de\nBourgogne-Franche-Comt\u00e9\net du d\u00e9partement de la C\u00f4te-d'Or, au titre des attributions et comp\u00e9tences d\u00e9partementales\n157\nPREFETEDELACOTE-D'ORLibert\u00e9Egalit\u00e9Fraternit\u00e9\nARRETE PREFECTORAL n\u00b0  804  /SG      du   27 avril 2026                 \nportant d\u00e9l\u00e9gation de signature \u00e0  Mr Jean-Luc BRENNER, administrateur de l'\u00c9tat du \ngrade transitoire , directeur r\u00e9gional des finances publiques de Bourgogne-Franche-Comt\u00e9\net du d\u00e9partement de la C\u00f4te-d'Or, au titre des attributions et comp\u00e9tences \nd\u00e9partementales\nLa Pr\u00e9f\u00e8te de la C\u00f4te-d'Or\nVU le code g\u00e9n\u00e9ral de la propri\u00e9t\u00e9 des personnes publiques ;\nVU le code du domaine de l'\u00c9tat ;\nVU le code de l'environnement ;\nVU l'ordonnance n\u00b0 2006-460 du 21 avril 2006 relative \u00e0 la partie l\u00e9gislative du code g\u00e9n\u00e9ral de  \nla propri\u00e9t\u00e9 des personnes publiques ;\nVU le d\u00e9cret n\u00b0 2004-374 du 29 avril 2004 relatif aux pouvoirs des pr\u00e9fets, \u00e0 l'organisation et \u00e0  \nl'action des services de l'\u00c9tat dans les r\u00e9gions et d\u00e9partements ;\nVU le d\u00e9cret n\u00b0 2009-707 du 16 juin 2009  modifi\u00e9 relatif aux services d\u00e9concentr\u00e9s de la  \ndirection g\u00e9n\u00e9rale des finances publiques ;\nVU le d\u00e9cret n\u00b0 2011-1612 du 22 novembre 2011 relatif aux premi\u00e8re, deuxi\u00e8me, troisi\u00e8me et  \nquatri\u00e8me parties r\u00e9glementaires du code g\u00e9n\u00e9ral de la propri\u00e9t\u00e9 des personnes publiques ;\nVU le  d\u00e9cret  du  8  avril  2026,  nommant  Mme  Violaine  DEMARET,  pr\u00e9f\u00e8te  de  la  r\u00e9gion  \nBourgogne-Franche-Comt\u00e9, pr\u00e9f\u00e8te de la C\u00f4te-d'Or ;\nVU le d\u00e9cret du 16 avril 2026  par lequel Mr Jean-Luc BRENNER, administrateur de l'\u00c9tat du  \ngrade  transitoire,  est  nomm\u00e9  directeur   r\u00e9gional   des  finances  publiques  de  Bourgogne-\nFranche-Comt\u00e9 et du d\u00e9partement de la C\u00f4te-d'Or, \u00e0 compter du 27 avril 2026.\nVU l'arr\u00eat\u00e9 pr\u00e9fectoral n\u00b0260 du 4 f\u00e9vrier 2026 donnant d\u00e9l\u00e9gation de signature \u00e0 Mr Etienne \nLEPAGE, administrateur de l'\u00c9tat, du 2\u00e8me grade, charg\u00e9 de l'int\u00e9rim de la direction r\u00e9gionale  \ndes finances publiques de Bourgogne-Franche-Comt\u00e9 et du d\u00e9partement de la C\u00f4te-d'Or  au  \ntitre des attributions et comp\u00e9tences d\u00e9partementales ;\nSUR proposition de M. le secr\u00e9taire g\u00e9n\u00e9ral de la pr\u00e9fecture de la C\u00f4te-d'Or;\nPr\u00e9fecture de la C\u00f4te-d'Or - 21-2026-04-27-00037 - ARRETE PREFECTORAL n\u00b0  804  /SG      du   27 avril 2026       portant d\u00e9l\u00e9gation de\nsignature \u00e0  Mr Jean-Luc BRENNER, administrateur de l'\u00c9tat du grade transitoire , directeur r\u00e9gional des finances publiques de\nBourgogne-Franche-Comt\u00e9\net du d\u00e9partement de la C\u00f4te-d'Or, au titre des attributions et comp\u00e9tences d\u00e9partementales\n158\nARRETE\nArticle 1er     :   L'arr\u00eat\u00e9 pr\u00e9fectoral n\u00b0260 du 4 f\u00e9vrier 2026  donnant d\u00e9l\u00e9gation de signature \u00e0 Mr \nEtienne LEPAGE, administrateur de l'\u00c9tat, du 2\u00e8me grade, charg\u00e9 de l'int\u00e9rim de la direction  \nr\u00e9gionale des finances publiques de Bourgogne-Franche-Comt\u00e9 et du d\u00e9partement de la C\u00f4te  \nd'Or par int\u00e9rim, au titre des attributions et comp\u00e9tences d\u00e9partementales, et toutes dispositions \nant\u00e9rieures contraires au pr\u00e9sent arr\u00eat\u00e9 sont abrog\u00e9s.\nArticle 2     :   D\u00e9l\u00e9gation de signature est donn\u00e9e \u00e0  Mr Jean-Luc BRENNER, administrateur de  \nl'\u00c9tat du grade transitoire, directeur r\u00e9gional des finances publiques de Bourgogne-Franche-\nComt\u00e9 et du d\u00e9partement de la C\u00f4te-d'Or  \u00e0 l'effet de signer, dans la limite de ses attributions et  \ncomp\u00e9tences, les d\u00e9cisions, contrats, conclusions, m\u00e9moires et, d'une fa\u00e7on plus g\u00e9n\u00e9rale,  \ntous les actes, y compris les actes de proc\u00e9dure, se rapportant aux questions, affaires ou  \nmati\u00e8res suivantes :\nNum\u00e9ro Nature des attributions R\u00e9f\u00e9rences\n1 Toutes  op\u00e9rations  se  rapportant  \u00e0  la  \npassation et \u00e0 la signature au nom de l'\u00c9tat  \ndes  actes  de  gestion,  d'utilisation  et  de  \ncession des biens domaniaux.\nArt. L. 3212-2, R. 1111-2, R. 2122-4, R. \n2123-2, R. 2123-8, R. 2222-1, R. 2222-\n6, R. 2222-9, R. 2222-15, R. 2222-24, \nR. 3211-1 \u00e0 R. 3211-8, R. 3211-25, R. \n3211-26, R. 3211-39, R. 3211-41, R. \n3211-44 R. 3212-1 du code g\u00e9n\u00e9ral de \nla propri\u00e9t\u00e9 des personnes publiques, \nart. A. 116 du code du domaine de \nl'\u00c9tat, art. R. 322-8-1 du code de \nl'environnement.\n2 Passation  au  nom  de  l'\u00c9tat  des  actes  \nd'acquisition,  de  prise  en  location  \nd'immeubles et de droits immobiliers ou de  \nfonds de commerce int\u00e9ressant les services  \npublics civils ou militaires de l'\u00c9tat.\nArt.  R.  1212-1  et  R.  4111-8  du  code \ng\u00e9n\u00e9ral de la propri\u00e9t\u00e9 des personnes  \npubliques.\n3 Autorisation  d'incorporation  au  domaine  \npublic des biens du domaine priv\u00e9 de l'\u00c9tat.\nArt. R. 2111-1 du code g\u00e9n\u00e9ral de la  \npropri\u00e9t\u00e9 des personnes publiques.\n4 Toutes  op\u00e9rations  se  rapportant  \u00e0  la  \npassation et \u00e0 la signature des conventions  \nd'utilisation  avec  le  service  ou  \nl'\u00e9tablissement utilisateur.\nArt. R.  2313-3 et  R. 4121-2 du code  \ng\u00e9n\u00e9ral de la propri\u00e9t\u00e9 des personnes  \npubliques.\nNum\u00e9ro Nature des attributions R\u00e9f\u00e9rences\n5 Attribution des concessions de logements et \npassation  des  conventions  d'occupation  \npr\u00e9caire avec astreinte.\nArt. R. 2124-64 \u00e0 R. 2124-76, R. 2222-\n18, R. 2222-19, R. 4121-3 et 4121-3-1  \ndu  code  g\u00e9n\u00e9ral  de  la  propri\u00e9t\u00e9  des \npersonnes publiques.\n6 Instances  domaniales  de  toute  nature  \nautres  que  celles  qui  se  rapportent  \u00e0  \nl'assiette  et  au  recouvrement  des  droits,  \nArt. R. 2331-1-1\u00b0 et 2\u00b0, R. 2331-2, R.  \n2331-3,  R.  2331-4,  R.  2331-5,  R.  \n2331-6,  R.  3231-1,  R.  3231-2  et  R.  \nPr\u00e9fecture de la C\u00f4te-d'Or - 21-2026-04-27-00037 - ARRETE PREFECTORAL n\u00b0  804  /SG      du   27 avril 2026       portant d\u00e9l\u00e9gation de\nsignature \u00e0  Mr Jean-Luc BRENNER, administrateur de l'\u00c9tat du grade transitoire , directeur r\u00e9gional des finances publiques de\nBourgogne-Franche-Comt\u00e9\net du d\u00e9partement de la C\u00f4te-d'Or, au titre des attributions et comp\u00e9tences d\u00e9partementales\n159\nredevances et produits domaniaux. 4111-11  du  code  g\u00e9n\u00e9ral  de  la  \npropri\u00e9t\u00e9 des personnes publiques.\n7 Op\u00e9rations  relatives  aux  biens  d\u00e9pendant \nde patrimoines priv\u00e9s dont l'administration  \nou  la  liquidation  ont  \u00e9t\u00e9  confi\u00e9es  \u00e0  \nl'administration charg\u00e9e des domaines.\nArt. 809 \u00e0 811-3 du code civil.\nLoi valid\u00e9e du 5 octobre 1940.\nLoi valid\u00e9e du 20 novembre 1940.\nOrdonnance du 5 octobre 1944.\n8 Dans  les  d\u00e9partements  en  \u00ab  service \nfoncier \u00bb :  tous  actes  de  proc\u00e9dures  et  \ntoutes  formalit\u00e9s  relatifs  aux  acquisitions  \nd'immeubles, de droits immobiliers ou de  \nfonds  de  commerce  poursuivies,  soit  \u00e0  \nl'amiable,  soit  par  voie  d'expropriation,  \u00e0  \nl'exclusion  de  ceux  vis\u00e9s  aux  articles  R.  \n1212-12 et R. 1212-13 du code g\u00e9n\u00e9ral de  \nla  propri\u00e9t\u00e9  des  personnes  publiques  et  \naux articles 4 et 5 du d\u00e9cret n\u00b0 67-568 du  \n12  juillet  1967  relatif  \u00e0  la  r\u00e9alisation  \nd'acquisitions fonci\u00e8res pour le compte des  \ncollectivit\u00e9s  publiques  dans  certains  \nd\u00e9partements.\nDans les cas d'op\u00e9rations poursuivies pour  \nle  compte  des  d\u00e9partements,  de  \ncommunes  ou  d'\u00e9tablissements  publics  \nd\u00e9pendant  de  ces  collectivit\u00e9s,  signature  \nde  la  convention  conclue  avec  ces  \ncollectivit\u00e9s ou \u00e9tablissements en vue de  \nl'accomplissement  de  ces  op\u00e9rations  par  \nles services de la direction g\u00e9n\u00e9rale des  \nfinances publiques.\nArt. R. 1212-9 \u00e0 R. 1212-11, R. 1212-\n14 et R. 1212-23 du code g\u00e9n\u00e9ral de  \nla propri\u00e9t\u00e9 des personnes publiques.\nArt. 4 du d\u00e9cret n\u00b02011-1612 du 22  \nnovembre  2011  relatif  aux  premi\u00e8re,  \ndeuxi\u00e8me,  troisi\u00e8me  et  quatri\u00e8me  \nparties r\u00e9glementaires du code g\u00e9n\u00e9ral \nde  la  propri\u00e9t\u00e9  des  personnes  \npubliques. \nD\u00e9cret n\u00b0 67-568 du 12 juillet 1967.\nArt. 59 du d\u00e9cret n\u00b0 2004-374 du 29  \navril 2004.\nArticle 3  :  Mr Jean-Luc BRENNER, administrateur de l'\u00c9tat  du grade transitoire  , directeur  \nr\u00e9gional des finances publiques de Bourgogne-Franche-Comt\u00e9 et du d\u00e9partement de la C\u00f4te-\nd'Or, peut donner sa d\u00e9l\u00e9gation aux agents plac\u00e9s sous son autorit\u00e9, pour signer les actes  \nrelatifs aux affaires pour lesquelles il a lui-m\u00eame, re\u00e7u d\u00e9l\u00e9gation. Cette d\u00e9l\u00e9gation de signature \nsera prise au nom de la pr\u00e9f\u00e8te de la r\u00e9gion Bourgogne-Franche Comt\u00e9, pr\u00e9fet de la C\u00f4te-d'Or  \n(hors classe), par arr\u00eat\u00e9 de d\u00e9l\u00e9gation qui devra lui \u00eatre transmis aux fins de publication au  \nrecueil des actes administratifs de la pr\u00e9fecture.\nArticle 4     :   Le secr\u00e9taire g\u00e9n\u00e9ral de la pr\u00e9fecture et le directeur r\u00e9gional  des finances publiques \nde Bourgogne-Franche-Comt\u00e9 et du d\u00e9partement de la C\u00f4te-d'Or, sont charg\u00e9s, chacun en ce  \nqui  le  concerne,  de  l'ex\u00e9cution  du  pr\u00e9sent  arr\u00eat\u00e9,  qui  sera  publi\u00e9  au  recueil  des  actes  \nadministratifs de la pr\u00e9fecture de la C\u00f4te-d'Or.\nFait \u00e0 Dijon, le 27/04/26\nLa Pr\u00e9f\u00e8te\nSIGNE\nViolaine DEMARET\nPr\u00e9fecture de la C\u00f4te-d'Or - 21-2026-04-27-00037 - ARRETE PREFECTORAL n\u00b0  804  /SG      du   27 avril 2026       portant d\u00e9l\u00e9gation de\nsignature \u00e0  Mr Jean-Luc BRENNER, administrateur de l'\u00c9tat du grade transitoire , directeur r\u00e9gional des finances publiques de\nBourgogne-Franche-Comt\u00e9\net du d\u00e9partement de la C\u00f4te-d'Or, au titre des attributions et comp\u00e9tences d\u00e9partementales\n160\nVoies et d\u00e9lais de recours\nLa  pr\u00e9sente  d\u00e9cision  peut  faire  l'objet  d'un  recours  contentieux,  aupr\u00e8s  du  tribunal  \nadministratif de Dijon, 22 rue d'Assas \u2013 B.P . 61616 \u2013 21 016 DIJON CEDEX dans un d\u00e9lai de  \ndeux (2) mois \u00e0 compter de la publication de la d\u00e9cision.\nDans  le  m\u00eame  d\u00e9lai  de  2  mois,  un  recours  gracieux  peut  .  Le  silence  gard\u00e9  par  \nl'administration pendant plus deux mois sur la demande de recours gracieux emporte  \nd\u00e9cision implicite de rejet de cette demande, conform\u00e9ment \u00e0 l'article R. 421-2 du  de  \njustice  administrative.  Celui-ci  prolonge  le  d\u00e9lai  de  recours  contentieux  qui  doit  \u00eatre  \nintroduit dans les 2 mois suivant la r\u00e9ponse.\nLe tribunal administratif peut \u00eatre saisi par un recours d\u00e9pos\u00e9 via l'application T\u00e9l\u00e9recours \ncitoyens accessible par le site internet : www.telerecours.fr\nPr\u00e9fecture de la C\u00f4te-d'Or - 21-2026-04-27-00037 - ARRETE PREFECTORAL n\u00b0  804  /SG      du   27 avril 2026       portant d\u00e9l\u00e9gation de\nsignature \u00e0  Mr Jean-Luc BRENNER, administrateur de l'\u00c9tat du grade transitoire , directeur r\u00e9gional des finances publiques de\nBourgogne-Franche-Comt\u00e9\net du d\u00e9partement de la C\u00f4te-d'Or, au titre des attributions et comp\u00e9tences d\u00e9partementales\n161\nPr\u00e9fecture de la C\u00f4te-d'Or\nP\u00f4le juridique inter-services\n21-2026-04-27-00018\nArr\u00eat\u00e9 pr\u00e9fectoral n\u00b0 773  / SG du 27 avril 2026\ndonnant d\u00e9l\u00e9gation de signature \u00e0 Monsieur\nBeno\u00eet BYRSKI, Sous-pr\u00e9fet de Beaune\nPr\u00e9fecture de la C\u00f4te-d'Or - 21-2026-04-27-00018 - Arr\u00eat\u00e9 pr\u00e9fectoral n\u00b0 773  / SG du 27 avril 2026\ndonnant d\u00e9l\u00e9gation de signature \u00e0 Monsieur Beno\u00eet BYRSKI, Sous-pr\u00e9fet de Beaune 162\nPREFETEDELACOTE-D'ORLibert\u00e9Egalit\u00e9Fraternit\u00e9\nArr\u00eat\u00e9 pr\u00e9fectoral n\u00b0 773  / SG du 27 avril 2026\ndonnant d\u00e9l\u00e9gation de signature \u00e0 Monsieur Beno\u00eet BYRSKI,\nSous-pr\u00e9fet de Beaune\nLa pr\u00e9f\u00e8te de la C\u00f4te-d'Or\nVu la loi n\u00b0 82.213 du 2 mars 1982 modifi\u00e9e relative aux droits et libert\u00e9s des communes, des \nd\u00e9partements et des r\u00e9gions ;\nVu le d\u00e9cret n\u00b0 2025-723 du 30 juillet 2025 modifiant le d\u00e9cret n\u00b0 2004-374 du 29 avril 2004  \nrelatif aux pouvoirs des pr\u00e9fets, \u00e0 l'organisation et \u00e0 l'action des services de l'\u00c9tat dans les  \nr\u00e9gions et d\u00e9partements ;\nVu le d\u00e9cret du 6 juillet 2023, portant nomination de Monsieur Beno\u00eet BYRSKI, en qualit\u00e9 de  \nsous-pr\u00e9fet de Beaune ;\nVu le d\u00e9cret du 17 novembre 2023 portant nomination de Monsieur S\u00e9bastien LANOYE, sous-  \npr\u00e9fet de Montbard ;\nVu le d\u00e9cret du 14 novembre 2024 portant nomination de Monsieur Denis BRUEL, en qualit\u00e9 de  \nsecr\u00e9taire g\u00e9n\u00e9ral de la pr\u00e9fecture de la C\u00f4te-d'Or, sous-pr\u00e9fet de Dijon ;\nVu le d\u00e9cret du 6 mars 2025 portant nomination de Madame Aur\u00e9lie CONTRECIVILE,  en  \nqualit\u00e9 de sous-pr\u00e9f\u00e8te, directrice de cabinet du pr\u00e9fet de la r\u00e9gion Bourgogne-Franche-Comt\u00e9,  \npr\u00e9fet de la C\u00f4te-d'Or ;\nVu le d\u00e9cret du 23 mai 2025 portant nomination de Madame Magalie MALERBA en qualit\u00e9  \nsecr\u00e9taire g\u00e9n\u00e9rale adjointe de la pr\u00e9fecture de la C\u00f4te d'Or, sous-pr\u00e9f\u00e8te charg\u00e9e de mission  \naupr\u00e8s du pr\u00e9fet de la R\u00e9gion Bourgogne-Franche-Comt\u00e9, pr\u00e9fet de la C\u00f4te-d'Or ;\nVu le  d\u00e9cret  du  8  avril  2026  nommant  Madame  Violaine  DEMARET,  pr\u00e9f\u00e8te  de  la  r\u00e9gion  \nBourgogne-Franche-Comt\u00e9, pr\u00e9f\u00e8te de la C\u00f4te d'Or ;\nVu l'arr\u00eat\u00e9 pr\u00e9fectoral n\u00b0 815/SG du 13 juin 2025 donnant d\u00e9l\u00e9gation de signature \u00e0  Monsieur \nBeno\u00eet BYRSKI, Sous-pr\u00e9fet de Beaune ;\nSur proposition de Monsieur le Secr\u00e9taire g\u00e9n\u00e9ral de la pr\u00e9fecture de la C\u00f4te-d'Or ;\nPr\u00e9fecture de la C\u00f4te-d'Or - 21-2026-04-27-00018 - Arr\u00eat\u00e9 pr\u00e9fectoral n\u00b0 773  / SG du 27 avril 2026\ndonnant d\u00e9l\u00e9gation de signature \u00e0 Monsieur Beno\u00eet BYRSKI, Sous-pr\u00e9fet de Beaune 163\nARR\u00caTE\nArticle 1  er   : L'arr\u00eat\u00e9 pr\u00e9fectoral n\u00b0 815/SG du 13 jun 2025 donnant d\u00e9l\u00e9gation de signature \u00e0  \nMonsieur Beno\u00eet BYRSKI, Sous-pr\u00e9fet de Beaune , ainsi que toutes dispositions ant\u00e9rieures  \ncontraires aux pr\u00e9sents arr\u00eat\u00e9s sont abrog\u00e9s.\nArticle 2  : D \u00e9l\u00e9gation de signature est donn\u00e9e \u00e0  Monsieur Beno\u00eet BYRSKI , Sous-pr\u00e9fet de  \nBeaune,  \u00e0 l'effet  de signer les d\u00e9cisions suivantes dans le ressort  de  l'arrondissement de  \nBeaune :\nPOLICE G\u00c9N\u00c9RALE :\n1. octroi du  concours de  la  force  publique pour  l'ex\u00e9cution des  jugements  d'expulsion  des  \nlocataires ;\n2. indemnisation en responsabilit\u00e9 de l'\u00c9tat en cas de refus d'octroi du concours de la force  \npublique pour l'ex\u00e9cution des jugements d'expulsion ;\n3. r\u00e9quisitions de logements ;\n4. toute autorisation relative \u00e0 la police des caf\u00e9s, d\u00e9bits de boissons, bals, spectacles et autres  \nlieux publics exc\u00e9dant la comp\u00e9tence des autorit\u00e9s municipales ;\n5. fermeture administrative des d\u00e9bits de boissons pour une dur\u00e9e n'exc\u00e9dant pas trois mois ;\n6. d\u00e9cisions relatives au transfert de licences de d\u00e9bit de boissons ;\n7. r\u00e9c\u00e9piss\u00e9s de brocanteurs, colporteurs, revendeurs d'objets mobiliers ;\n8. r\u00e9c\u00e9piss\u00e9s  de  d\u00e9claration  et  autorisations  des  courses  p\u00e9destres,  cyclistes,  hippiques  et  \nmanifestations nautiques se d\u00e9roulant exclusivement sur le territoire de l'arrondissement, et  \nmanifestations  de  v\u00e9hicules  \u00e0  moteurs  sur  voie  ouverte  \u00e0  la  circulation  ou  sur  circuits  \nhomologu\u00e9s ou non, et homologation des circuits pour v\u00e9hicules \u00e0 moteur ;\n9. autorisations d'utilisation temporaire des locaux scolaires ;\n10. reconnaissance de l'aptitude technique des gardes particuliers ;\n11. agr\u00e9ment et retrait d'agr\u00e9ment des gardes particuliers, gardes-chasse et gardes-p\u00eache, et  \nd\u00e9livrance des cartes d'agr\u00e9ment ;\n12. installation et prestation de serment des fonctionnaires de l'\u00c9tat ;\n13. nomination  des  commissaires-enqu\u00eateurs  et  ouverture  des  enqu\u00eates  de  commodo  et  \nincommodo : tous actes de proc\u00e9dure ;\n14. autorisations de versement d'indemnit\u00e9s aux fonctionnaires de l'\u00c9tat pour les services rendus  \naux communes et  \u00e9tablissements publics communaux ou intercommunaux, dans la  limite  \nr\u00e9glementaire ;\n15. autorisations de poursuite par voie de vente ;\n16. arr\u00eat\u00e9s modifiant les heures de scrutin pour les \u00e9lections aux Chambres Consulaires et \u00e0 la  \nMutualit\u00e9 Sociale Agricole ;\n17. arr\u00eat\u00e9s d'occupation temporaire et de p\u00e9n\u00e9tration sur les propri\u00e9t\u00e9s priv\u00e9es en vue de la  \nr\u00e9alisation de travaux publics ;\n18. en mati\u00e8re de l\u00e9gislation fun\u00e9raire :\n\u2022 arr\u00eat\u00e9s d'inhumation et de cr\u00e9mation hors des d\u00e9lais l\u00e9gaux,\n\u2022 arr\u00eat\u00e9s d'inhumation en terrain priv\u00e9,\n2/7\nPr\u00e9fecture de la C\u00f4te-d'Or - 21-2026-04-27-00018 - Arr\u00eat\u00e9 pr\u00e9fectoral n\u00b0 773  / SG du 27 avril 2026\ndonnant d\u00e9l\u00e9gation de signature \u00e0 Monsieur Beno\u00eet BYRSKI, Sous-pr\u00e9fet de Beaune 164\n\u2022 arr\u00eat\u00e9s de transport de corps hors du territoire national,\n\u2022 arr\u00eat\u00e9s de transport d'urne cin\u00e9raire hors du territoire national,\n\u2022 habilitation des entreprises de pompes fun\u00e8bres ;\n19. d\u00e9cisions de la commission de s\u00e9curit\u00e9 et d'accessibilit\u00e9 de l'arrondissement, y compris les  \nd\u00e9cisions de la sous-commission de s\u00e9curit\u00e9 et d'accessibilit\u00e9 ;\n20. arr\u00eat\u00e9s pr\u00e9fectoraux de d\u00e9rogation aux r\u00e8gles de s\u00e9curit\u00e9 et d'accessibilit\u00e9 concernant les  \n\u00e9tablissements recevant du public ;\n21. arr\u00eat\u00e9s portant rattachement d'une personne sans r\u00e9sidence ni domicile fixe \u00e0 une commune  \nde l'arrondissement ;\n22. r\u00e9c\u00e9piss\u00e9s de d\u00e9claration de manifestations sur la voie publique ;\nADMINISTRATION LOCALE :\n1. acceptation des d\u00e9missions d'adjoint au maire ;\n2. lettres d'observation aux collectivit\u00e9s dans le cadre du contr\u00f4le des actes et du contr\u00f4le  \nbudg\u00e9taire ;\n3. cr\u00e9ation, modification et dissolution des associations syndicales libres et des associations  \nfonci\u00e8res urbaines libres ;\n4. cr\u00e9ation, contr\u00f4le, modification, dissolution, union et fusion des associations syndicales  \nautoris\u00e9es ;\n5. cr\u00e9ation, contr\u00f4le, modification, dissolution des associations fonci\u00e8res urbaines autoris\u00e9es  \net transformation des associations fonci\u00e8res de remembrement en associations syndicales \nautoris\u00e9es ;\n6. cr\u00e9ation, modification et dissolution des syndicats intercommunaux, des communaut\u00e9s de  \ncommunes et des syndicats mixtes de 1 \u00e8re ou 2\u00e8me cat\u00e9gorie lorsque tous les membres et  \nle si\u00e8ge sont dans l'arrondissement ;\n7. demande au maire de r\u00e9unir le conseil municipal avec possibilit\u00e9 d'abr\u00e9ger le d\u00e9lai en cas  \nd'urgence (article L.2121.9 du code g\u00e9n\u00e9ral des collectivit\u00e9s territoriales) ;\n8. demande d'avis du conseil municipal pr\u00e9vu par l'article L.2121.29 du code g\u00e9n\u00e9ral des  \ncollectivit\u00e9s territoriales ;\n9. convocation des \u00e9lecteurs pour toute \u00e9lection municipale compl\u00e9mentaire (et notamment  \nen application de l'article L.258 du code \u00e9lectoral) ;\n10. r\u00e9ception des candidatures et d\u00e9livrance des re\u00e7us de d\u00e9p\u00f4t et des r\u00e9c\u00e9piss\u00e9s d\u00e9finitifs  \nde d\u00e9clarations de candidatures pour les \u00e9lections municipales compl\u00e9mentaires dans les  \ncommunes de l'arrondissement de Beaune ;\n11. d\u00e9signation des membres des commissions de contr\u00f4le des listes \u00e9lectorales institu\u00e9es  \ndans les communes de l'arrondissement de Beaune ;\n12. substitution  au  maire  dans  les  cas  pr\u00e9vus  par  les  articles  L.2122.34,  L.2213.17,  et  \nL.2215.1 du code g\u00e9n\u00e9ral des collectivit\u00e9s territoriales  ;convocation des \u00e9lecteurs pour la  \nd\u00e9signation  des  commissions  syndicales,  fixation  de  la  dur\u00e9e  de  la  commission,  \nconsultation de la commission et consultation du conseil municipal ;\n13. approbation des d\u00e9lib\u00e9rations des conseils municipaux pr\u00e9vue \u00e0 l'article L.2544.4 du code  \ng\u00e9n\u00e9ral  des  collectivit\u00e9s  territoriales  (section  de  commune  poss\u00e9dant  un  patrimoine  \ns\u00e9par\u00e9) ;\n14. en mati\u00e8re de sections de commune :\n3/7\nPr\u00e9fecture de la C\u00f4te-d'Or - 21-2026-04-27-00018 - Arr\u00eat\u00e9 pr\u00e9fectoral n\u00b0 773  / SG du 27 avril 2026\ndonnant d\u00e9l\u00e9gation de signature \u00e0 Monsieur Beno\u00eet BYRSKI, Sous-pr\u00e9fet de Beaune 165\n\u2022 arr\u00eat\u00e9s pronon\u00e7ant le transfert des biens d'une section de commune \u00e0 la commune  \n(article L.2411.11 du code g\u00e9n\u00e9ral des collectivit\u00e9s territoriales) ;\n\u2022 convocation des \u00e9lecteurs dans le cas pr\u00e9vu \u00e0 l'article L.2411.9 du code g\u00e9n\u00e9ral des  \ncollectivit\u00e9s territoriales ;\n15. en mati\u00e8re de biens indivis :\n\u2022 constitution  des  commissions  syndicales  en  l'absence  de  d\u00e9cision  des  conseils  \nmunicipaux concern\u00e9s et arr\u00eat\u00e9 constitutif en cas d'accord des conseils municipaux  \n(articles L.5222.1 du code g\u00e9n\u00e9ral des collectivit\u00e9s territoriales) ;\n\u2022 r\u00e9partition des exc\u00e9dents en cas de d\u00e9saccord ou si les conseils municipaux n'ont pas \nd\u00e9lib\u00e9r\u00e9 dans les d\u00e9lais prescrits (article L.5222.2 du code g\u00e9n\u00e9ral des collectivit\u00e9s  \nterritoriales) ;\n16. approbation  des  d\u00e9lib\u00e9rations,  budgets  et  march\u00e9s  des  associations  fonci\u00e8res  de  \nremembrement,  des  associations  syndicales  autoris\u00e9es  et  des  associations  fonci\u00e8res  \nurbaines autoris\u00e9es ;\n17. r\u00f4les dress\u00e9s pour le recouvrement des taxes ou cotisations par les associations fonci\u00e8res \nde remembrement ;\n18. \u00e9tats annuels de notification des taux d'imposition des quatre taxes directes locales (\u00e9tats  \nnos 1253 et 1259 MI) ;\n19. cr\u00e9ation d'office des cimeti\u00e8res dans les cas pr\u00e9vus par la loi ;\n20. prescription  des  enqu\u00eates  pr\u00e9alables  \u00e0  la  modification  des  limites  territoriales  des  \ncommunes pr\u00e9vues \u00e0 l'article L.2112.2 du code g\u00e9n\u00e9ral des collectivit\u00e9s territoriales ;\n21. arr\u00eat\u00e9s  portant  modification  des  limites  territoriales  des  communes  situ\u00e9es  dans  \nl'arrondissement, dans le cas o\u00f9 les limites cantonales ou d\u00e9partementales ne sont pas  \nmodifi\u00e9es ;\n22. institution de la commission syndicale pr\u00e9vue \u00e0 l'article L.2112.3 du code g\u00e9n\u00e9ral des  \ncollectivit\u00e9s t erritoriales,  dans les  conditions d\u00e9finies  \u00e0  l'article  R.151.6  du  code  des  \ncommunes ;\n23. d\u00e9signation  du  d\u00e9l\u00e9gu\u00e9  de  l'administration  au  sein  des  commissions  communales  \ncharg\u00e9es  de  r\u00e9viser  la  liste  \u00e9lectorale  composant  le  coll\u00e8ge  d\u00e9partemental  des  \npropri\u00e9taires forestiers ;\n24. contr\u00f4le de l\u00e9galit\u00e9 des actes des soci\u00e9t\u00e9s d'\u00e9conomie mixte dont le si\u00e8ge est situ\u00e9 dans  \nl'arrondissement ;\n25. d\u00e9cisions d'agr\u00e9ment des agents de police municipale (article 7 de la loi n\u00b0 99-291 du  \n15 avril 1999) et cartes professionnelles correspondantes ;\n26. arr\u00eat\u00e9s de paiement FCTVA et leur notification   et  validation \u00e9lectronique des arr\u00eat\u00e9s  \nd'attribution du Fonds de compensation pour la TVA ;\n27. convention entre le repr\u00e9sentant de l'\u00c9tat et les b\u00e9n\u00e9ficiaires du fonds, s'agissant de  \nl'application du dispositif du plan de relance de l'\u00e9conomie relatif au FCTVA ;\n28. arr\u00eat\u00e9s constatant que les collectivit\u00e9s b\u00e9n\u00e9ficiaires du fonds, s'agissant de l'application  \ndu dispositif du plan de relance de l'\u00e9conomie relatif au FCTVA, ont ou n'ont pas respect\u00e9  \nleurs engagements ;\n29. d\u00e9rogations  scolaires  :  arbitrage  en  mati\u00e8re  de  participation  financi\u00e8re  entre  les  \ncollectivit\u00e9s de r\u00e9sidence et de scolarisation\n30. Signature des conventions relatives \u00e0 l'exp\u00e9rimentation du Compte Financier Unique.\n4/7\nPr\u00e9fecture de la C\u00f4te-d'Or - 21-2026-04-27-00018 - Arr\u00eat\u00e9 pr\u00e9fectoral n\u00b0 773  / SG du 27 avril 2026\ndonnant d\u00e9l\u00e9gation de signature \u00e0 Monsieur Beno\u00eet BYRSKI, Sous-pr\u00e9fet de Beaune 166\nArticle 3  : D\u00e9l\u00e9gation est donn\u00e9e \u00e0 Monsieur Laurent BOILL\u00c9E, attach\u00e9 d'administration de  \nl'\u00c9tat hors classe, secr\u00e9taire g\u00e9n\u00e9ral de la sous-pr\u00e9fecture de Beaune, \u00e0 l'effet de signer dans le  \nressort de l'arrondissement de Beaune les documents suivants :\n1. d\u00e9cisions de la commission de s\u00e9curit\u00e9 et d'accessibilit\u00e9 de l'arrondissement, y compris les  \nd\u00e9cisions de la sous-commission de s\u00e9curit\u00e9 et d'accessibilit\u00e9 ;\n2. arr\u00eat\u00e9s pr\u00e9fectoraux de d\u00e9rogation aux r\u00e8gles de s\u00e9curit\u00e9 et d'accessibilit\u00e9 concernant les  \n\u00e9tablissements recevant du public ;\n3. r\u00f4les dress\u00e9s pour le recouvrement des taxes ou cotisations par les associations fonci\u00e8res  \nde remembrement ou par les associations syndicales autoris\u00e9es ;\n4. \u00e9tats annuels de notification des taux d'imposition des quatre taxes directes locales (\u00e9tats  \nnos 1253 et 1259 MI) ;\n5. r\u00e9c\u00e9piss\u00e9s de brocanteurs, de colporteurs, revendeurs d'objets mobiliers ;\n6. en mati\u00e8re de l\u00e9gislation fun\u00e9raire :\n\u2022 arr\u00eat\u00e9s d'inhumation et de cr\u00e9mation hors des d\u00e9lais l\u00e9gaux,\n\u2022 arr\u00eat\u00e9s d'inhumation en terrain priv\u00e9,\n\u2022 arr\u00eat\u00e9s de transport de corps hors du territoire national,\n\u2022 arr\u00eat\u00e9s de transport d'urne cin\u00e9raire hors du territoire national,\n\u2022 habilitation des entreprises de pompes fun\u00e8bres ;\n7. r\u00e9c\u00e9piss\u00e9s de d\u00e9claration et autorisations des courses p\u00e9destres, cyclistes et hippiques et  \nmanifestations nautiques se d\u00e9roulant exclusivement sur le territoire de l'arrondissement et  \nmanifestations de v\u00e9hicules moteurs sur voie ouverte \u00e0 la circulation ou sur circuit homologu\u00e9  \nou non, et homologation des circuits pour v\u00e9hicules \u00e0 moteur ;\n8. reconnaissance de l'aptitude technique des gardes particuliers ;\n9. agr\u00e9ment et retrait d'agr\u00e9ment des gardes particuliers, gardes-chasse et gardes-p\u00eache, et  \nd\u00e9livrance des cartes d'agr\u00e9ment ;\n10.d\u00e9cisions  d'agr\u00e9ment  des  agents  de  police  municipale  et  cartes  professionnelles  \ncorrespondantes ;\n11. installation et prestation de serment des fonctionnaires de l'\u00c9tat ;\n12. arr\u00eat\u00e9s  portant  rattachement  d'une  personne  sans  r\u00e9sidence  ni  domicile  fixe  \u00e0  une  \ncommune de l'arrondissement ;\n5/7\nPr\u00e9fecture de la C\u00f4te-d'Or - 21-2026-04-27-00018 - Arr\u00eat\u00e9 pr\u00e9fectoral n\u00b0 773  / SG du 27 avril 2026\ndonnant d\u00e9l\u00e9gation de signature \u00e0 Monsieur Beno\u00eet BYRSKI, Sous-pr\u00e9fet de Beaune 167\n13. tout document et correspondance administratifs non opposables aux tiers, visa des r\u00f4les  \ndress\u00e9s pour le recouvrement des taxes ou cotisations par les associations fonci\u00e8res de  \nremembrement ou par les associations syndicales autoris\u00e9es ;\n14. arr\u00eat\u00e9s de paiement FCTVA et leur notification   et  validation \u00e9lectronique des arr\u00eat\u00e9s  \nd'attribution du Fonds de compensation pour la TVA ;\n15. convention entre le repr\u00e9sentant de l'\u00c9tat et les b\u00e9n\u00e9ficiaires du fonds, s'agissant de  \nl'application du dispositif du plan de relance de l'\u00e9conomie relatif au FCTVA ;\n16. arr\u00eat\u00e9s constatant que les collectivit\u00e9s b\u00e9n\u00e9ficiaires du fonds, s'agissant de l'application du  \ndispositif du plan de relance de l'\u00e9conomie relatif au FCTVA, ont ou n'ont pas respect\u00e9 leurs  \nengagements ;\n17. convocation des \u00e9lecteurs pour toute \u00e9lection municipale compl\u00e9mentaire (et notamment  \nen application de l'article L.258 du code \u00e9lectoral) ;\n18. r\u00e9ception des candidatures et d\u00e9livrance des re\u00e7us de d\u00e9p\u00f4t et des r\u00e9c\u00e9piss\u00e9s d\u00e9finitifs de  \nd\u00e9clarations  de  candidatures  pour  les  \u00e9lections  municipales  compl\u00e9mentaires  dans  les  \ncommunes de l'arrondissement de Beaune ;\n19. attestation pr\u00e9fectorale de d\u00e9livrance initiale d'un permis de chasser\nArticle 4 : En cas d'absence ou d'emp\u00eachement de M. Laurent BOILL\u00c9E, la d\u00e9l\u00e9gation qui lui  \nest consentie par l'article 3, sera exerc\u00e9e par Madame La\u00efla BENJDIR, attach\u00e9e, adjointe au  \nsecr\u00e9taire g\u00e9n\u00e9ral.\nArticle 5 : En cas d'absence ou d'emp\u00eachement de Monsieur Laurent BOILL\u00c9E et de Madame  \nLa\u00efla BENJDIR, la d\u00e9l\u00e9gation consentie par l'article 3 sera exerc\u00e9e par Madame C\u00e9cile RAVRY, \nsecr\u00e9taire administrative de classe exceptionnelle, cheffe du p\u00f4le \u00ab s\u00e9curit\u00e9 et r\u00e9glementation \u00bb.\nArticle  6 :  En  cas  d'absence  ou  d'emp\u00eachement  de  Monsieur  BYRSKI ,  sous-pr\u00e9fet  de  \nl'arrondissement de Beaune, et notamment pendant ses cong\u00e9s, la d\u00e9l\u00e9gation de signature qui  \nlui  est consentie  par l'article 2 du pr\u00e9sent  arr\u00eat\u00e9 pourra \u00eatre exerc\u00e9e par Monsieur Denis  \nBRUEL, secr\u00e9taire g\u00e9n\u00e9ral de la pr\u00e9fecture de la C\u00f4te-d'Or  et, en cas d'emp\u00eachement de ce  \ndernier, par  Madame Magalie MALERBA  s ecr\u00e9taire g\u00e9n\u00e9rale adjointe de la pr\u00e9fecture de la  \nC\u00f4te-d'Or ou par Monsieur S\u00e9bastien LANOYE, sous-pr\u00e9fet de l'arrondissement de Montbard.\n6/7\nPr\u00e9fecture de la C\u00f4te-d'Or - 21-2026-04-27-00018 - Arr\u00eat\u00e9 pr\u00e9fectoral n\u00b0 773  / SG du 27 avril 2026\ndonnant d\u00e9l\u00e9gation de signature \u00e0 Monsieur Beno\u00eet BYRSKI, Sous-pr\u00e9fet de Beaune 168\nArticle 7 : Le Secr\u00e9taire g\u00e9n\u00e9ral de la pr\u00e9fecture de la C\u00f4te-d'Or, la Secr\u00e9taire g\u00e9n\u00e9rale adjointe \nde la pr\u00e9fecture de la C\u00f4te-d'Or  le Sous-pr\u00e9fet de Beaune, le Sous-pr\u00e9fet de Montbard, le  \nsecr\u00e9taire g\u00e9n\u00e9ral de la sous-pr\u00e9fecture de Beaune et les agents b\u00e9n\u00e9ficiaires de la d\u00e9l\u00e9gation  \nde signature sont charg\u00e9s, chacun en ce qui le concerne de l'ex\u00e9cution du pr\u00e9sent arr\u00eat\u00e9 qui  \nsera publi\u00e9 au recueil des actes administratifs de la pr\u00e9fecture de la C\u00f4te-d'Or.\nFait \u00e0 Dijon, le 27/*04/26\nLa pr\u00e9f\u00e8te,\nSIGNE\n   Violaine DEMARET\nVoies et d\u00e9lais de recours\nLa  pr\u00e9sente  d\u00e9cision  peut  faire  l'objet  d'un  recours  contentieux,  aupr\u00e8s  du  tribunal  \nadministratif de Dijon, 22 rue d'Assas \u2013 B.P . 61616 \u2013 21 016 DIJON CEDEX dans un d\u00e9lai de deux \n(2) mois \u00e0 compter de la publication de la d\u00e9cision.\nDans le m\u00eame d\u00e9lai de 2 mois, un recours gracieux peut . Le silence gard\u00e9 par l'administration \npendant plus deux mois sur la demande de recours gracieux emporte d\u00e9cision implicite de  \nrejet de cette demande, conform\u00e9ment \u00e0 l'article R. 421-2 du  de justice administrative. Celui-\nci prolonge le d\u00e9lai de recours contentieux qui doit \u00eatre introduit dans les 2  mois suivant la  \nr\u00e9ponse.\nLe tribunal administratif peut \u00eatre saisi par un recours d\u00e9pos\u00e9 via l'application T\u00e9l\u00e9recours  \ncitoyens accessible par le site internet : www.telerecours.fr\n7/7\nPr\u00e9fecture de la C\u00f4te-d'Or - 21-2026-04-27-00018 - Arr\u00eat\u00e9 pr\u00e9fectoral n\u00b0 773  / SG du 27 avril 2026\ndonnant d\u00e9l\u00e9gation de signature \u00e0 Monsieur Beno\u00eet BYRSKI, Sous-pr\u00e9fet de Beaune 169\nPr\u00e9fecture de la C\u00f4te-d'Or\nP\u00f4le juridique inter-services\n21-2026-04-27-00015\nArr\u00eat\u00e9 pr\u00e9fectoral n\u00b0 778 / SG du 27 avril 2026\ndonnant d\u00e9l\u00e9gation de signature \u00e0 l'occasion des\npermanences de week-ends, de jours f\u00e9ri\u00e9s jours\nch\u00f4m\u00e9s\nPr\u00e9fecture de la C\u00f4te-d'Or - 21-2026-04-27-00015 - Arr\u00eat\u00e9 pr\u00e9fectoral n\u00b0 778 / SG du 27 avril 2026\ndonnant d\u00e9l\u00e9gation de signature \u00e0 l'occasion des permanences de week-ends, de jours f\u00e9ri\u00e9s jours ch\u00f4m\u00e9s 170\nPREFETEDELACOTE-D'ORLibert\u00e9Egalit\u00e9Fraternit\u00e9\nArr\u00eat\u00e9 pr\u00e9fectoral n\u00b0 778 / SG du 27 avril 2026\ndonnant d\u00e9l\u00e9gation de signature \u00e0 l'occasion des permanences de week-ends, de jours f\u00e9ri\u00e9s \nou de jours ch\u00f4m\u00e9s\nLa pr\u00e9f\u00e8te de la C\u00f4te-d'Or\nVu la loi n\u00b0 82.213 du 2 mars 1982 modifi\u00e9e relative aux droits et libert\u00e9s des communes, des  \nd\u00e9partements et des r\u00e9gions ;\nVu le d\u00e9cret n\u00b0 2025-723 du 30 juillet 2025 modifiant le d\u00e9cret n\u00b0 2004-374 du 29 avril 2004  \nrelatif aux pouvoirs des pr\u00e9fets, \u00e0 l'organisation et \u00e0 l'action des services de l'\u00c9tat dans les  \nr\u00e9gions et d\u00e9partements ;\nVu l'arr\u00eat\u00e9 du Premier ministre et du ministre de l'Int\u00e9rieur en date du 1 er octobre 2025 nommant \nMme Perrine SERRE, en qualit\u00e9 de secr\u00e9taire g\u00e9n\u00e9rale pour les affaires r\u00e9gionales de la R\u00e9gion \nBourgogne-Franche-Comt\u00e9;\nVu le d\u00e9cret du 6 juillet 2023 portant nomination de Monsieur Beno\u00eet BYRSKI en qualit\u00e9 de sous-\npr\u00e9fet de Beaune ;\nVu le d\u00e9cret du 17 novembre 2023 portant nomination de Monsieur S\u00e9bastien LANOYE en  \nqualit\u00e9 de sous-pr\u00e9fet de Montbard ;\nVu le  d\u00e9cret  du  14  novembre  2024  portant  nomination  de  Monsieur  Denis  BRUEL,  \nadministrateur de l'\u00c9tat du deuxi\u00e8me grade, en qualit\u00e9 de secr\u00e9taire g\u00e9n\u00e9ral de la pr\u00e9fecture de  \nla C\u00f4te-d'Or, sous-pr\u00e9fet de Dijon (groupe II) ;  \nVu le d\u00e9cret du 6 mars 2025  portant nomination de Madame Aur\u00e9lie CONTRECIVILE, sous-\npr\u00e9f\u00e8te, en qualit\u00e9 de sous-pr\u00e9f\u00e8te, directrice de cabin et du pr\u00e9fet de la R\u00e9gion Bourgogne-\nFranche-Comt\u00e9, pr\u00e9fet de la C\u00f4te-d'Or ;\nVu le d\u00e9cret du 23 mai 2025 portant nomination de Madame Magalie MALERBA en qualit\u00e9  \nsecr\u00e9taire g\u00e9n\u00e9rale adjointe de la pr\u00e9fecture de la C\u00f4te d'Or, sous-pr\u00e9f\u00e8te charg\u00e9e de mission  \naupr\u00e8s du Pr\u00e9fet de la R\u00e9gion Bourgogne-Franche-Comt\u00e9, Pr\u00e9fet de la C\u00f4te-d'Or ;\nVu le  d\u00e9cret  du  8  avril  2026  nommant  Madame  Violaine  DEMARET,  pr\u00e9f\u00e8te  de  la  r\u00e9gion\nBourgogne-Franche-Comt\u00e9, pr\u00e9f\u00e8te de la C\u00f4te-d'Or;\nVu l'arr\u00eat\u00e9 pr\u00e9fectoral n\u00b0 1/G du 5 janvier 2026 donnant d\u00e9l\u00e9gation de signature \u00e0 l'occasion des  \npermanences de week-ends, de jours f\u00e9ri\u00e9s ou de jours ch\u00f4m\u00e9s ;\nConsid\u00e9rant que la mise en place de tours de permanence pendant les week-ends, jours f\u00e9ri\u00e9s  \net ch\u00f4m\u00e9s constitue un moyen visant \u00e0 assurer la continuit\u00e9 du service public ;\nSur proposition de Monsieur le secr\u00e9taire g\u00e9n\u00e9ral de la pr\u00e9fecture de la C\u00f4te-d'Or ;\nPr\u00e9fecture de la C\u00f4te-d'Or - 21-2026-04-27-00015 - Arr\u00eat\u00e9 pr\u00e9fectoral n\u00b0 778 / SG du 27 avril 2026\ndonnant d\u00e9l\u00e9gation de signature \u00e0 l'occasion des permanences de week-ends, de jours f\u00e9ri\u00e9s jours ch\u00f4m\u00e9s 171\nARR\u00caTE\nArticle 1er     :   L'arr\u00eat\u00e9 pr\u00e9fectoral n\u00b0 1/S G du 5 janvier 2026  donnant d\u00e9l\u00e9gation de signature \u00e0  \nl'occasion  des  permanences  de  week-ends,  de  jours  f\u00e9ri\u00e9s  ou  de  jours  ch\u00f4m\u00e9s  et  toutes  \ndispositions ant\u00e9rieures contraires au pr\u00e9sent arr\u00eat\u00e9 sont abrog\u00e9s..\nArticle  2 :  Pendant  les  permanences  des  week-ends,  de  jours  f\u00e9ri\u00e9s  et  de  jours  ch\u00f4m\u00e9s, \nd\u00e9l\u00e9gation de signature est donn\u00e9e en toutes mati\u00e8res, sous r\u00e9serve des exceptions \u00e9num\u00e9r\u00e9es  \n\u00e0 l'article 3, pour l'ensemble du d\u00e9partement et en fonction du tour de permanence pr\u00e9\u00e9tabli soit  \n\u00e0 :\n- Monsieur Denis BRUEL, secr\u00e9taire g\u00e9n\u00e9ral de la pr\u00e9fecture de la C\u00f4te-d'Or ;\n- Madame Magalie MALERBA, secr\u00e9taire g\u00e9n\u00e9rale adjointe de la pr\u00e9fecture de la C\u00f4te d'Or\n- Madame Aur\u00e9lie CONTRECIVILE, sous-pr\u00e9f\u00e8te, directrice de cabinet de la pr\u00e9f\u00e8te de la  \nR\u00e9gion Bourgogne-Franche-Comt\u00e9, pr\u00e9f\u00e8te de la C\u00f4te-d'Or ;\n - Monsieur Beno\u00eet BYRSKI, sous-pr\u00e9fet de Beaune ;\n - Monsieur S\u00e9bastien LANOYE, sous-pr\u00e9fet de Montbard ;\n -Madame  Perrine SERRE ,  secr\u00e9taire  g\u00e9n\u00e9rale  pour  les  affaires  r\u00e9gionales  de  la  r\u00e9gion  \nBourgogne-Franche-Comt\u00e9 ; \nArticle 3 : Sont exclus de la pr\u00e9sente d\u00e9l\u00e9gation de signature :\n\u2013 les d\u00e9clinatoires de comp\u00e9tences,\n\u2013 les arr\u00eat\u00e9s de conflit.\nArticle 4 : Le secr\u00e9taire g\u00e9n\u00e9ral de la pr\u00e9fecture de la C\u00f4te-d'Or ,la Secr\u00e9taire g\u00e9n\u00e9rale adjointe \nde  la  pr\u00e9fecture  de  la  C\u00f4te-d'Or,  la  directrice  de  cabinet  de  la  pr\u00e9f\u00e8te  de  la  r\u00e9gion \nBourgogne-Franche-Comt\u00e9, pr\u00e9f\u00e8te de la C\u00f4te-d'Or , le sous-pr\u00e9fet de Beaune, le sous-\npr\u00e9fet de Montbard et la secr\u00e9taire g\u00e9n\u00e9rale pour les affaires r\u00e9gionales de la r\u00e9gion  \nBourgogne-Franche-Comt\u00e9 sont  charg\u00e9s  de  l'ex\u00e9cution  du  pr\u00e9sent  arr\u00eat\u00e9  qui  sera  \npubli\u00e9 au recueil des actes administratifs de la pr\u00e9fecture de la C\u00f4te-d'Or.\n        \n Fait \u00e0 Dijon, le 27/04/26\nLa pr\u00e9f\u00e8te,\nSIGNE\n          Violaine DEMARET\nVoies et d\u00e9lais de recours\nLa  pr\u00e9sente  d\u00e9cision  peut  faire  l'objet  d'un  recours  contentieux,  aupr\u00e8s  du  tribunal  \nadministratif de Dijon, 22 rue d'Assas \u2013 B.P. 61616 \u2013 21 016 DIJON CEDEX dans un d\u00e9lai de  \ndeux (2) mois \u00e0 compter de la publication de la d\u00e9cision.\nDans le m\u00eame d\u00e9lai de 2 mois, un recours gracieux peut . Le silence gard\u00e9 par l'administration \npendant plus deux mois sur la demande de recours gracieux emporte d\u00e9cision implicite de  \nrejet de cette demande, conform\u00e9ment \u00e0 l'article R. 421-2 du  de justice administrative. Celui-\nci prolonge le d\u00e9lai de recours contentieux qui doit \u00eatre introduit dans les 2  mois suivant la  \nr\u00e9ponse.\nLe tribunal administratif peut \u00eatre saisi par un recours d\u00e9pos\u00e9 via l'application T\u00e9l\u00e9recours  \ncitoyens accessible par le site internet : www.telerecours.fr\n2/2\nPr\u00e9fecture de la C\u00f4te-d'Or - 21-2026-04-27-00015 - Arr\u00eat\u00e9 pr\u00e9fectoral n\u00b0 778 / SG du 27 avril 2026\ndonnant d\u00e9l\u00e9gation de signature \u00e0 l'occasion des permanences de week-ends, de jours f\u00e9ri\u00e9s jours ch\u00f4m\u00e9s 172\nPr\u00e9fecture de la C\u00f4te-d'Or\nP\u00f4le juridique inter-services\n21-2026-04-27-00022\nArr\u00eat\u00e9 pr\u00e9fectoral N\u00b0 789 / SG du    27 avril 2026\ndonnant d\u00e9l\u00e9gation de signature \u00e0 Madame\nNathalie BERGET, directrice \ndu Secr\u00e9tariat G\u00e9n\u00e9ral Commun D\u00e9partemental\nde la C\u00f4te d'Or\nPr\u00e9fecture de la C\u00f4te-d'Or - 21-2026-04-27-00022 - Arr\u00eat\u00e9 pr\u00e9fectoral N\u00b0 789 / SG du    27 avril 2026 donnant d\u00e9l\u00e9gation de signature\n\u00e0 Madame Nathalie BERGET, directrice \ndu Secr\u00e9tariat G\u00e9n\u00e9ral Commun D\u00e9partemental de la C\u00f4te d'Or\n173\nPREFETEDELACOTE-D'ORLibert\u00e9Egalit\u00e9Fraternit\u00e9\nArr\u00eat\u00e9 pr\u00e9fectoral N\u00b0 789 / SG du    27 avril 2026\ndonnant d\u00e9l\u00e9gation de signature \u00e0 Madame Nathalie BERGET, directrice \ndu Secr\u00e9tariat G\u00e9n\u00e9ral Commun D\u00e9partemental de la C\u00f4te d'Or\nLa pr\u00e9f\u00e8te de la C\u00f4te-d'Or\nVu la loi n\u00b0 82.213 du 2 mars 1982 modifi\u00e9e relative aux droits et libert\u00e9s des communes, des  \nd\u00e9partements et des r\u00e9gions ;\nVu le d\u00e9cret n\u00b0 2025-723 du 30 juillet 2025 modifiant le d\u00e9cret n\u00b0 2004-374 du 29 avril 2004,  \nrelatif aux pouvoirs des pr\u00e9fets, \u00e0 l'organisation et \u00e0 l'action des services de l'\u00c9tat dans les r\u00e9gions  \net d\u00e9partements ;\nVu le  d\u00e9cret  du  8  avril  2026  nommant  Madame  Violaine  DEMARET,  pr\u00e9f\u00e8te  de  la  r\u00e9gion  \nBourgogne-Franche-Comt\u00e9, pr\u00e9f\u00e8te de la C\u00f4te-d'Or ;\nVu  l'arr\u00eat\u00e9 minist\u00e9riel du 1 er f\u00e9vrier 2024 nommant Madame Nathalie BERGET, directrice du  \nsecr\u00e9tariat commun d\u00e9partemental de la C\u00f4te-d'Or;\nVu les  arr\u00eat\u00e9s  interminist\u00e9riels  portant  r\u00e8glement  de  comptabilit\u00e9  pour  la  d\u00e9signation  des  \nordonnateurs secondaires et de leurs d\u00e9l\u00e9gu\u00e9s ;\nVu l'arr\u00eat\u00e9 pr\u00e9fectoral n\u00b0 1251/SG du 18 d\u00e9cembre 2020 portant organisation des services de la  \npr\u00e9fecture de la r\u00e9gion Bourgogne-Franche-Comt\u00e9, pr\u00e9fecture du d\u00e9partement de la C\u00f4te-d'Or ;\nVu l'arr\u00eat\u00e9 pr\u00e9fectoral n\u00b0 1881/SG du 22 d\u00e9cembre 2025 portant organisation du Secr\u00e9tariat  \nG\u00e9n\u00e9ral Commun D\u00e9partemental de la C\u00f4te-d'Or ; \nSur proposition de Monsieur le secr\u00e9taire g\u00e9n\u00e9ral de la pr\u00e9fecture de la C\u00f4te-d'Or ;\nARR\u00caTE\nArticle 1  er   : L'arr\u00eat\u00e9 pr\u00e9fectoral 321/SG du 21 f\u00e9vrier 2025  d onnant d\u00e9l\u00e9gation de signature \u00e0  \nMadame Nathalie BERGET, directrice du Secr\u00e9tariat G\u00e9n\u00e9ral Commun D\u00e9partemental de la C\u00f4te-\nd'Or et toutes dispositions ant\u00e9rieures contraires au pr\u00e9sent arr\u00eat\u00e9 sont abrog\u00e9s.\nArticle 2 :  D\u00e9l\u00e9gation est donn\u00e9e \u00e0 Madame Nathalie BERGET, directrice du Secr\u00e9tariat G\u00e9n\u00e9ral  \nCommun D\u00e9partemental de la C\u00f4te-d'Or, \u00e0 l'effet de signer, dans le cadre de ses attributions et  \ncomp\u00e9tences, les d\u00e9cisions et actes relatifs \u00e0 la gestion de fonctions et moyens mutualis\u00e9s en  \nmati\u00e8res  budg\u00e9taires,  d'achat  public,  d'affaires  immobili\u00e8res  et  de  logistique,  de  syst\u00e8mes  \nd'information et de communication, de ressources humaines, de relation avec la m\u00e9decine de  \npr\u00e9vention, d'action sociale au b\u00e9n\u00e9fice des agents des services du Minist\u00e8re de l'Int\u00e9rieur en  \nC\u00f4te-d'Or et des directions d\u00e9partementales interminist\u00e9rielles de C\u00f4te-d'Or.\n1/4\nPr\u00e9fecture de la C\u00f4te-d'Or - 21-2026-04-27-00022 - Arr\u00eat\u00e9 pr\u00e9fectoral N\u00b0 789 / SG du    27 avril 2026 donnant d\u00e9l\u00e9gation de signature\n\u00e0 Madame Nathalie BERGET, directrice \ndu Secr\u00e9tariat G\u00e9n\u00e9ral Commun D\u00e9partemental de la C\u00f4te d'Or\n174\nArticle 3 : Gestion administrative du Secr\u00e9tariat G\u00e9n\u00e9ral Commun D\u00e9partemental\nD\u00e9l\u00e9gation  est  donn\u00e9e  \u00e0  Mme  Nathalie  BERGET,  directrice  du  Secr\u00e9tariat  G\u00e9n\u00e9ral  Commun \nD\u00e9partemental de la C\u00f4te-d'Or, \u00e0 l'effet de signer, dans le cadre de ses attributions et comp\u00e9tences \ntoutes correspondances et actes administratifs se rapportant au fonctionnement du Secr\u00e9tariat  \nG\u00e9n\u00e9ral  Commun  D\u00e9partemental  de  la  C\u00f4te-d'Or,  \u00e0  l'exception  des  courriers  adress\u00e9s  \u00e0  \nl'administration centrale.\nArticle 4 : Gestion budg\u00e9taire\nD\u00e9l\u00e9gation est donn\u00e9e \u00e0 Madame Nathalie BERGET, directrice du Secr\u00e9tariat G\u00e9n\u00e9ral Commun \nD\u00e9partemental  de  la  C\u00f4te-d'Or,  en  qualit\u00e9  de  responsable  d'unit\u00e9  op\u00e9rationnelle  (RUO)  \nd\u00e9l\u00e9gu\u00e9e et/ou de centre de co\u00fbts d\u00e9l\u00e9gu\u00e9e, de proc\u00e9der \u00e0 l'ordonnancement secondaire des  \nrecettes et des d\u00e9penses de l'\u00c9tat imput\u00e9es sur les programmes ci-dessous :\n\u2022 Programmes trait\u00e9s uniquement dans leur composante sociale\n\u25e6 124 : Conduite et soutien des politiques sanitaires et sociales\n\u25e6 134 : D\u00e9veloppement des entreprises et r\u00e9gulations\n\u25e6 148 : fonction publique\n\u25e6 155 : Conception, gestion et \u00e9valuation des politiques de l'emploi et du travail\n\u25e6 176 : Police nationale\n\u25e6 206 : S\u00e9curit\u00e9 et qualit\u00e9 sanitaires de l'alimentation\n\u25e6 215 : Conduite et pilotage des politiques de l'agriculture\n\u25e6 216 : Conduite et pilotage des politiques de l'int\u00e9rieur\n\u25e6 217 : Conduite et pilotage des politiques d'\u00e9quipement\n\u2022 Programmes trait\u00e9s uniquement dans leur composante Frais de d\u00e9placement\n\u25e6 216 : Conduite et pilotage des politiques de l'int\u00e9rieur\n\u2022 Programmes trait\u00e9s dans leur int\u00e9gralit\u00e9 :\n\u25e6 354 : Administration territoriale de l'\u00c9tat\n\u25e6 723 : Op\u00e9rations immobili\u00e8res et entretien des b\u00e2timents de l'\u00c9tat\n\u25e6 348 : R\u00e9novation des cit\u00e9s administratives et autres sites domaniaux multioccupants\n\u25e6 349 : Fonds pour la transformation de l'action publique\n\u25e6 362 : Plan de relance Ecologie\n\u25e6 363 : Plan de relance Comp\u00e9titivit\u00e9\n\u25e6 364 : Plan de relance Coh\u00e9sion\n2/4\nPr\u00e9fecture de la C\u00f4te-d'Or - 21-2026-04-27-00022 - Arr\u00eat\u00e9 pr\u00e9fectoral N\u00b0 789 / SG du    27 avril 2026 donnant d\u00e9l\u00e9gation de signature\n\u00e0 Madame Nathalie BERGET, directrice \ndu Secr\u00e9tariat G\u00e9n\u00e9ral Commun D\u00e9partemental de la C\u00f4te d'Or\n175\nArticle 5 : Gestion des achats publics\nD\u00e9l\u00e9gation  est  accord\u00e9e  \u00e0  Madame  Nathalie  BERGET,  directrice  du  Secr\u00e9tariat  G\u00e9n\u00e9ral  \nCommun D\u00e9partemental de la C\u00f4te-d'Or, \u00e0 l'effet de signer en qualit\u00e9 de pouvoir adjudicateur,  \ntous les actes relatifs \u00e0 la passation et \u00e0 l'ex\u00e9cution des march\u00e9s publics de l'\u00c9tat relevant du  \np\u00e9rim\u00e8tre  du  Secr\u00e9tariat  G\u00e9n\u00e9ral  Commun  D\u00e9partemental,  dont  le  montant  est  inf\u00e9rieur  \u00e0  \n5 000 \u20ac.\nArticle 6 : Gestion des ressources humaines\nD\u00e9l\u00e9gation est donn\u00e9e \u00e0 Madame Nathalie BERGET, directrice du Secr\u00e9tariat G\u00e9n\u00e9ral Commun \nD\u00e9partemental  de  la  C\u00f4te-d'Or,  \u00e0  l'effet  de  signer,  dans  le  cadre  de  ses  attributions  et  \ncomp\u00e9tences,  toutes d\u00e9cisions et  tous documents relatifs \u00e0 la  gestion du personnel de la  \npr\u00e9fecture, \u00e0 l'exception des d\u00e9cisions d'affectation des agents, des directions d\u00e9partementales  \ninterminist\u00e9rielles et du secr\u00e9tariat g\u00e9n\u00e9ral commun list\u00e9s \u00e0 l'arr\u00eat\u00e9 du 31 mars 2011 portant  \nd\u00e9concentration des d\u00e9cisions relatives \u00e0 la situation individuelle des fonctionnaires et agents  \nnon titulaires exer\u00e7ant leur fonction dans les directions d\u00e9partementales interminist\u00e9rielles et  \nl'arr\u00eat\u00e9 du 28 d\u00e9cembre 2017 portant d\u00e9l\u00e9gation de pouvoir en mati\u00e8re de recrutement et de  \ngestion des personnels administratifs du minist\u00e8re de l'int\u00e9rieur.\nLa signature des actes suivants est r\u00e9serv\u00e9e aux directeurs d\u00e9partementaux et au secr\u00e9taire  \ng\u00e9n\u00e9ral de la pr\u00e9fecture s'agissant de leurs agents :\n\u2022 Octroi de cong\u00e9s de maternit\u00e9, de paternit\u00e9, d'adoption et du cong\u00e9 bonifi\u00e9 ;\n\u2022 Utilisation des cong\u00e9s accumul\u00e9s sur un compte \u00e9pargne-temps ;\n\u2022 Octroi des autorisations d'absence, \u00e0 l'exception de celles relatives \u00e0 l'exercice du\ndroit syndical ;\n\u2022 Cong\u00e9s pr\u00e9vus par le d\u00e9cret n\u00b0 94-874 du 7 octobre 1994 fixant les dispositions\ncommunes applicables aux stagiaires de l'\u00c9tat et de ses \u00e9tablissements publics ;\n\u2022 D\u00e9cision de mise en disponibilit\u00e9 et cong\u00e9 parental ;\n\u2022 D\u00e9cision de rupture conventionnelle.\nArticle 7 : Gestion de l'action sociale\nD\u00e9l\u00e9gation est donn\u00e9e \u00e0 Madame Nathalie BERGET, directrice du Secr\u00e9tariat G\u00e9n\u00e9ral Commun \nD\u00e9partemental  de  la  C\u00f4te-d'Or,  \u00e0  l'effet  de  signer,  dans  le  cadre  de  ses  attributions  et  \ncomp\u00e9tences, toutes d\u00e9cisions individuelles de prestations et tous les arr\u00eat\u00e9s attributifs de  \nsubvention entrant dans le champ de comp\u00e9tence du bureau de l'action sociale.\nArticle 8 : Gestion des frais de d\u00e9placements\nD\u00e9l\u00e9gation est donn\u00e9e Madame Nathalie BERGET, directrice du Secr\u00e9tariat G\u00e9n\u00e9ral  Commun  \nD\u00e9partemental  de  la  C\u00f4te-d'Or,  \u00e0  l'effet  de  signer,  dans  le  cadre  de  ses  attributions  et  \ncomp\u00e9tences  les  autorisations  et  la  gestion  des  d\u00e9placements  temporaires  des  agents  du \nSecr\u00e9tariat  G\u00e9n\u00e9ral  Commun  D\u00e9partemental,  ainsi  que  les  actes  comptables  li\u00e9s  au  \nd\u00e9placement des agents de la pr\u00e9fecture et des directions d\u00e9partementales interminist\u00e9rielles.\n3/4\nPr\u00e9fecture de la C\u00f4te-d'Or - 21-2026-04-27-00022 - Arr\u00eat\u00e9 pr\u00e9fectoral N\u00b0 789 / SG du    27 avril 2026 donnant d\u00e9l\u00e9gation de signature\n\u00e0 Madame Nathalie BERGET, directrice \ndu Secr\u00e9tariat G\u00e9n\u00e9ral Commun D\u00e9partemental de la C\u00f4te d'Or\n176\nArticle 9 : Absence et int\u00e9rim\nEn cas d'absence ou d'emp\u00eachement de Madame Nathalie BERGET, directrice du Secr\u00e9tariat \nG\u00e9n\u00e9ral Commun D\u00e9partemental de la C\u00f4te-d'Or, la d\u00e9l\u00e9gation de signature qui lui est consentie \naux articles 1 \u00e0 7 est exerc\u00e9e par Monsieur David VERGNEAU, directeur adjoint du Secr\u00e9tariat  \nG\u00e9n\u00e9ral Commun D\u00e9partemental de la C\u00f4te-d'Or.\nEn cas d'absence ou d'emp\u00eachement de Madame Nathalie BERGET, directrice du Secr\u00e9tariat \nG\u00e9n\u00e9ral Commun D\u00e9partemental de la C\u00f4te-d'Or et de Monsieur David VERGNEAU, directeur  \nadjoint  du  Secr\u00e9tariat  G\u00e9n\u00e9ral  Commun  D\u00e9partemental  de  la  C\u00f4te-d'Or,  la  d\u00e9l\u00e9gation  de  \nsignature consentie aux articles 1 \u00e0 7 est exerc\u00e9e par chaque chef de service du Secr\u00e9tariat  \nG\u00e9n\u00e9ral  Commun  D\u00e9partemental,  chacun  dans  le  cadre  de  leurs  attributions  respectives  \nd\u00e9finies \u00e0 l'article 10.\nArticle 10: Subd\u00e9l\u00e9gation de signature\nMadame Nathalie BERGET, directrice du Secr\u00e9tariat G\u00e9n\u00e9ral Commun D\u00e9partemental de la  \nC\u00f4te-d'Or, d\u00e9finira la liste de ses subordonn\u00e9s habilit\u00e9s \u00e0 signer les actes \u00e0 sa place si elle est  \nelle-m\u00eame absente ou emp\u00each\u00e9e.\nCette subd\u00e9l\u00e9gation prendra la forme d'une d\u00e9cision sign\u00e9e de  Madame Nathalie BERGET,  \ndirectrice du Secr\u00e9tariat G\u00e9n\u00e9ral Commun D\u00e9partemental de la C\u00f4te-d'Or, qui fera l'objet d'une  \npublication au recueil des actes administratifs de la pr\u00e9fecture de la C\u00f4te-d'Or et dont une copie  \nsera  transmise  \u00e0  la  Pr\u00e9f\u00e8te,  ainsi  qu'aux  directeurs  des  directions  d\u00e9partementales  \ninterminist\u00e9rielles.\nArticle 11     :     Le secr\u00e9taire g\u00e9n\u00e9ral de la pr\u00e9fecture de la C\u00f4te-d'Or, la  directrice du Secr\u00e9tariat  \nG\u00e9n\u00e9ral Commun D\u00e9partemental de la C\u00f4te d'Or et les agents b\u00e9n\u00e9ficiaires de la d\u00e9l\u00e9gation de  \nsignature, sont charg\u00e9s, chacun pour ce qui le concerne, de l'ex\u00e9cution du pr\u00e9sent arr\u00eat\u00e9 qui sera  \npubli\u00e9 au recueil des actes administratifs de la pr\u00e9fecture de la C\u00f4te-d'Or.\nFait \u00e0 Dijon, le 27/04/26\nLa pr\u00e9f\u00e8te\nSIGNE\nViolaine DEMARET\nVoies et d\u00e9lais de recours\nLa  pr\u00e9sente  d\u00e9cision  peut  faire  l'objet  d'un  recours  contentieux,  aupr\u00e8s  du  tribunal  \nadministratif de Dijon, 22 rue d'Assas \u2013 B.P . 61616 \u2013 21 016 DIJON CEDEX dans un d\u00e9lai de deux \n(2) mois \u00e0 compter de la publication de la d\u00e9cision.\nDans le m\u00eame d\u00e9lai de 2 mois, un recours gracieux peut . Le silence gard\u00e9 par l'administration \npendant plus deux mois sur la demande de recours gracieux emporte d\u00e9cision implicite de  \nrejet de cette demande, conform\u00e9ment \u00e0 l'article R. 421-2 du  de justice administrative. Celui-\nci prolonge le d\u00e9lai de recours contentieux qui doit \u00eatre introduit dans les 2  mois suivant la  \nr\u00e9ponse.\nLe tribunal administratif peut \u00eatre saisi par un recours d\u00e9pos\u00e9 via l'application T\u00e9l\u00e9recours  \ncitoyens accessible par le site internet : www.telerecours.fr\n \n4/4\nPr\u00e9fecture de la C\u00f4te-d'Or - 21-2026-04-27-00022 - Arr\u00eat\u00e9 pr\u00e9fectoral N\u00b0 789 / SG du    27 avril 2026 donnant d\u00e9l\u00e9gation de signature\n\u00e0 Madame Nathalie BERGET, directrice \ndu Secr\u00e9tariat G\u00e9n\u00e9ral Commun D\u00e9partemental de la C\u00f4te d'Or\n177\nPr\u00e9fecture de la C\u00f4te-d'Or\nP\u00f4le juridique inter-services\n21-2026-04-27-00023\nArr\u00eat\u00e9 pr\u00e9fectoral N\u00b0 790  du 27 avril 2026\ndonnant d\u00e9l\u00e9gation de signature \u00e0 Monsieur\nS\u00e9bastien TRES, Directeur des collectivit\u00e9s\nlocales et des \u00e9lections (DCLE) .\nPr\u00e9fecture de la C\u00f4te-d'Or - 21-2026-04-27-00023 - Arr\u00eat\u00e9 pr\u00e9fectoral N\u00b0 790  du 27 avril 2026\ndonnant d\u00e9l\u00e9gation de signature \u00e0 Monsieur S\u00e9bastien TRES, Directeur des collectivit\u00e9s locales et des \u00e9lections (DCLE) . 178\nPREFETEDE LACOTE-D'ORLibert\u00e9Egalit\u00e9Fraternit\u00e9\nArr\u00eat\u00e9 pr\u00e9fectoral N\u00b0  790  du 27 avril 2026\ndonnant d\u00e9l\u00e9gation de signature \u00e0 Monsieur S\u00e9bastien TRES, Directeur des collectivit\u00e9s \nlocales et des \u00e9lections (DCLE) .\nLa Pr\u00e9f\u00e8te de la C\u00f4te-d'Or\nVu la loi n\u00b0 82-213 du 2 mars 1982 modifi\u00e9e relative aux droits et libert\u00e9s des communes, des  \nd\u00e9partements et des r\u00e9gions ;\nVu le d\u00e9cret n\u00b0202-723 du 30 juillet 2025 modifiant le d\u00e9cret n\u00b02004-374 du 29 avril 2004 relatif aux \npouvoirs des pr\u00e9fets, \u00e0 l'organisation et \u00e0 l'action des services de l'\u00c9tat dans les r\u00e9gions et les  \nd\u00e9partements ;\nVu le d\u00e9cret du 8 avril 2026 nommant Madame Violaine DEMARET, Pr\u00e9f\u00e8te de la R\u00e9gion  \nBourgogne-Franche-Comt\u00e9, Pr\u00e9f\u00e8te de la C\u00f4te-d'Or  ;\nVu l'arr\u00eat\u00e9 n\u00b0 U14761871072669 du 28 mai 2025 portant prise en charge par voie de d\u00e9tachement  \nde Monsieur S\u00e9bastien TRES dans l'emploi fonctionnel de conseiller d'administration de l'int\u00e9rieur  \net de l'outre-mer de directeur des collectivit\u00e9s locales et des \u00e9lections ;\nVu l'arr\u00eat\u00e9 pr\u00e9fectoral n\u00b0 2/SG du 5 janvier 2026  donnant d\u00e9l\u00e9gation de signature \u00e0  Monsieur \nS\u00e9bastien TRES, directeur des collectivit\u00e9s locales et des \u00e9lections :\nSur proposition de Monsieur le secr\u00e9taire g\u00e9n\u00e9ral de la pr\u00e9fecture de la C\u00f4te-d'Or ;\nARR\u00caTE\nArticle  1     :  L'arr\u00eat\u00e9  pr\u00e9fectoral n\u00b0  2/SG  du  5  janvier  2026  donnant  d\u00e9l\u00e9gation  de  signature  \u00e0 \nMonsieur S\u00e9bastien TRES, conseiller d'administration de l'int\u00e9rieur et de l'outre-mer, Directeur des \ncollectivit\u00e9s locales et des \u00e9lections (DCLE), ainsi que toutes dispositions ant\u00e9rieures contraires au \npr\u00e9sent arr\u00eat\u00e9 sont abrog\u00e9s \u00e0 compter de l'entr\u00e9e en vigueur du pr\u00e9sent arr\u00eat\u00e9.\nArticle  2 :  D\u00e9l\u00e9gation  de  signature  est  donn\u00e9e  \u00e0  Monsieur  S\u00e9bastien  TRES,  Directeur  des \ncollectivit\u00e9s locales et des \u00e9lections (DCLE) en ce qui concerne :\nBUREAU DES COLLECTIVIT\u00c9S LOCALES\n\u2013 Les  correspondances  et  les  documents  administratifs relevant  des  attributions  et  \ncomp\u00e9tences de sa direction, \u00e0 l'exception :\n\u2022 des arr\u00eat\u00e9s et actes r\u00e9glementaires ;\n\u2022 des circulaires et instructions g\u00e9n\u00e9rales ;\n\u2022 des lettres comportant d\u00e9cision de principe ou ayant une incidence politique ;\n1/6\nPr\u00e9fecture de la C\u00f4te-d'Or - 21-2026-04-27-00023 - Arr\u00eat\u00e9 pr\u00e9fectoral N\u00b0 790  du 27 avril 2026\ndonnant d\u00e9l\u00e9gation de signature \u00e0 Monsieur S\u00e9bastien TRES, Directeur des collectivit\u00e9s locales et des \u00e9lections (DCLE) . 179\n\u2022 tout document comportant saisine du tribunal administratif ou de la chambre r\u00e9gionale  \ndes comptes ;\n\u2022 des communiqu\u00e9s de presse.\n\u2013 Les titres de perception et de recouvrement \u00e0 rendre ex\u00e9cutoires ;\n\u2013 Tous documents relatifs aux concours financiers de l'\u00c9tat  aux collectivit\u00e9s locales,  \u00e0 la  \nnotification des taux d'imposition des quatre taxes directes locales et de la taxe d'enl\u00e8vement  \ndes ordures m\u00e9nag\u00e8res (\u00e9tats n\u00b01253, n\u00b01259 et n\u00b01259 TEOM), ainsi que les r\u00f4les dress\u00e9s  \npour  le  recouvrement  des  taxes  ou  cotisations  par  les  associations  fonci\u00e8res  de  \nremembrement ou par les associations syndicales autoris\u00e9es ;\n\u2013  La validation \u00e9lectronique des arr\u00eat\u00e9s d'attribution du Fonds de compensation pour la TVA ;\n\u2013 Les  actes  donnant  un  caract\u00e8re  ex\u00e9cutoire  aux  r\u00e8glements  conjoints  de  la  d\u00e9cision  \nbudg\u00e9taire modificative des lyc\u00e9es de la r\u00e9gion Bourgogne-Franche-Comt\u00e9 et coll\u00e8ges de C\u00f4te \nd'Or ;\n\u2013 Tous  documents  et  pi\u00e8ces  relatifs  \u00e0  l'ordonnancement  des  d\u00e9penses  imputables  sur  le \nbudget de l'\u00c9tat ;\n\u2013  Tous documents relatifs aux concours financiers et subventions de l'\u00c9tat aux collectivit\u00e9s \nlocales ;\n\u2013 Les correspondances courantes et bordereaux.\nBUREAU  DES ELECTIONS ET DE LA REGLEMENTATION \n\u2022 la  d\u00e9livrance  des  r\u00e9c\u00e9piss\u00e9s  provisoires  et  d\u00e9finitifs  des  d\u00e9clarations  de  candidature  aux \n\u00e9lections politiques et professionnelles ;\n\u2022 la d\u00e9livrance des attestations ou re\u00e7us de d\u00e9claration effectu\u00e9e par les binationaux dans le  \ncadre du service national ;\n\u2022 la d\u00e9livrance des cartes d'adjoints aux maires\n\u2022 les autorisations de transport de corps hors du territoire national ;\n\u2022 les d\u00e9cisions relatives aux inhumations hors du d\u00e9lai l\u00e9gal ;\n\u2022 la d\u00e9livrance des r\u00e9c\u00e9piss\u00e9s de revendeurs d'objets mobiliers ;\n\u2022 les habilitations d'entreprises de pompes fun\u00e8bres ;\n\u2022 les arr\u00eat\u00e9s portant classement des offices de tourisme et communes touristiques ;\n\u2022 les cartes professionnelles de guide-conf\u00e9rencier ;\n\u2022 la d\u00e9livrance et le refus de d\u00e9livrance des cartes de conducteur de taxi, de v\u00e9hicules motoris\u00e9s \n\u00e0 deux ou trois roues et de conducteur de voiture de transport avec chauffeur ;\n\u2022 les d\u00e9cisions de sanction disciplinaire \u00e0 l'encontre des conducteurs de taxi, de v\u00e9hicules  \nmotoris\u00e9s \u00e0 deux ou trois roues et de voiture de transport avec chauffeur ;\n\u2022 commission locale des transports publics particuliers de personnes, commission de conciliation \ndes  baux  commerciaux,  ainsi  que  toutes  correspondances  courantes  relatives  au  \nfonctionnement de ces commissions.\n\u2022 tous actes relatifs \u00e0 la d\u00e9livrance et \u00e0 l'instruction des demandes de passeports temporaires,  \nde missions et de services,\n\u2022 le retrait des titres d'identit\u00e9, de voyage et d'immatriculation d\u00e9livr\u00e9s ind\u00fbment,\n\u2022 les d\u00e9cisions relatives aux mesures d'opposition \u00e0 sortie de territoire,\n\u2022 les conventions d'habilitations et d'agr\u00e9ment et les d\u00e9cisions de suspension et de retrait des  \nhabilitations et agr\u00e9ments des professionnels de l'automobile,\n\u2022 les attestations relatives aux immatriculations,\n\u2022 la d\u00e9claration d'affectation ou de cessation d'affectation de v\u00e9hicules au transport public de  \npersonnes,\n\u2022 la d\u00e9livrance du num\u00e9ro d'immatriculation des v\u00e9hicules d'exploitants agricoles,\n\u2022 les r\u00e9c\u00e9piss\u00e9s concernant les d\u00e9p\u00f4ts par les huissiers des proc\u00e8s-verbaux d'indisponibilit\u00e9 de  \ncertificat d'immatriculation\n2/6\nPr\u00e9fecture de la C\u00f4te-d'Or - 21-2026-04-27-00023 - Arr\u00eat\u00e9 pr\u00e9fectoral N\u00b0 790  du 27 avril 2026\ndonnant d\u00e9l\u00e9gation de signature \u00e0 Monsieur S\u00e9bastien TRES, Directeur des collectivit\u00e9s locales et des \u00e9lections (DCLE) . 180\n\u2022 les  actes  administratifs  du  greffe  des  associations  :  bordereaux,  r\u00e9c\u00e9piss\u00e9s  et  \ncorrespondances courantes non cr\u00e9atrices de droit.\nArticle 3 : En cas d'absence ou d'emp\u00eachement de  Monsieur S\u00e9bastien TRES, la d\u00e9l\u00e9gation qui  \nlui est conf\u00e9r\u00e9e par l'article 2 ci-dessus sera exerc\u00e9e par Madame Julie RODDE, cheffe du bureau  \ndes collectivit\u00e9s locales.\nEn cas d'absence concomitante de Monsieur S\u00e9bastien TRES et de Madame Julie RODDE, la  \nd\u00e9l\u00e9gation est conf\u00e9r\u00e9e \u00e0 Madame Delphine HORNY, cheffe du bureau des \u00e9lections et de la  \nr\u00e9glementation.\nArticle 4 : \n1 - D\u00e9l\u00e9gation est donn\u00e9e \u00e0 Madame Julie RODDE, cheffe du bureau du contr\u00f4le de l\u00e9galit\u00e9 pour :\n\u2022 Les correspondances et documents courants et bordereaux ;\n\u2022 Les lettres de demande de pi\u00e8ces compl\u00e9mentaires au titre du contr\u00f4le de l\u00e9galit\u00e9, \u00e0  \nl'exception de :\n\u2013 celles  qui  concernent  les  collectivit\u00e9s  locales  des  arrondissements  de  Beaune  et  \nMontbard ;\n\u2013 celles  qui  concernent  le  conseil  r\u00e9gional  de  Bourgogne-Franche-Comt\u00e9,  le  conseil \nd\u00e9partemental de C\u00f4te d'Or,  Dijon M\u00e9tropole,  la ville de Dijon et toute collectivit\u00e9  \nsignal\u00e9e par le secr\u00e9taire g\u00e9n\u00e9ral.\n\u2022 Tous documents relatifs aux concours financiers de l'\u00c9tat aux collectivit\u00e9s locales, \u00e0 la  \nnotification  des  taux  d'imposition  des  quatre  taxes  directes  locales  et  de  la  taxe  \nd'enl\u00e8vement des ordures m\u00e9nag\u00e8res (\u00e9tats n\u00b01253, n\u00b01259 et n\u00b01259 TEOM), ainsi que  \nles r\u00f4les dress\u00e9s pour le recouvrement  des taxes ou cotisations par les associations  \nfonci\u00e8res de remembrement ou par les associations syndicales autoris\u00e9es ;\n\u2022 Les  actes  donnant  un  caract\u00e8re  ex\u00e9cutoire  aux  r\u00e8glements  conjoints  de  la  d\u00e9cision  \nbudg\u00e9taire modificative des lyc\u00e9es de la r\u00e9gion Bourgogne-Franche-Comt\u00e9 et coll\u00e8ges de  \nC\u00f4te d'Or.\n2 - D\u00e9l\u00e9gation est donn\u00e9e \u00e0 Madame Patricia LAUWERIER , cheffe du p\u00f4le du conseil et du  \ncontr\u00f4le de l\u00e9galit\u00e9 pour :\n\u2022 Les correspondances et documents courants et bordereaux ;\n\u2022 Les lettres de demande de pi\u00e8ces compl\u00e9mentaires au titre du contr\u00f4le de l\u00e9galit\u00e9, \u00e0  \nl'exception de :\n\u2013 celles  qui  concernent  les  collectivit\u00e9s  locales  des  arrondissements  de  Beaune  et  \nMontbard ;\n\u2013 celles  qui  concernent  le  conseil  r\u00e9gional  de  Bourgogne-Franche-Comt\u00e9,  le  conseil \nd\u00e9partemental de C\u00f4te d'Or,  Dijon M\u00e9tropole,  la ville de Dijon et toute collectivit\u00e9  \nsignal\u00e9e par le secr\u00e9taire g\u00e9n\u00e9ral.\n3 - D\u00e9l\u00e9gation est donn\u00e9e \u00e0  Madame Cl\u00e9mence PERNIN, cheffe du p\u00f4le des finances locales,  \npour :\n\u2022 Tous documents relatifs aux concours financiers de l'\u00c9tat aux collectivit\u00e9s locales, \u00e0 la  \nnotification  des  taux  d'imposition  des  quatre  taxes  directes  locales  et  de  la  taxe  \nd'enl\u00e8vement des ordures m\u00e9nag\u00e8res (\u00e9tats n\u00b01253, n\u00b01259 et n\u00b01259 TEOM), ainsi que  \n3/6\nPr\u00e9fecture de la C\u00f4te-d'Or - 21-2026-04-27-00023 - Arr\u00eat\u00e9 pr\u00e9fectoral N\u00b0 790  du 27 avril 2026\ndonnant d\u00e9l\u00e9gation de signature \u00e0 Monsieur S\u00e9bastien TRES, Directeur des collectivit\u00e9s locales et des \u00e9lections (DCLE) . 181\nles r\u00f4les dress\u00e9s pour le recouvrement  des taxes ou cotisations par les associations  \nfonci\u00e8res de remembrement ou par les associations syndicales autoris\u00e9es ;\n\u2022 Les  actes  donnant  un  caract\u00e8re  ex\u00e9cutoire  aux  r\u00e8glements  conjoints  de  la  d\u00e9cision  \nbudg\u00e9taire modificative des lyc\u00e9es de la r\u00e9gion Bourgogne-Franche-Comt\u00e9 et coll\u00e8ges de  \nC\u00f4te d'Or ;\n\u2022 Les correspondances courantes et bordereaux.\n4 -  D\u00e9l\u00e9gation est donn\u00e9e \u00e0 Madame Isabelle AMSALLEM, charg\u00e9e de l'intercommunalit\u00e9 et du  \ncontr\u00f4le de l\u00e9galit\u00e9, pour :\nLes bordereaux d'envoi et les correspondances courantes concernant ACTES\nArticle 5 : \n1 - D\u00e9l\u00e9gation de signature est donn\u00e9e \u00e0 Madame Delphine HORNY , cheffe du  bureau des  \n\u00e9lections et de la r\u00e9glementation, pour :\n\u2022 la  d\u00e9livrance  des  r\u00e9c\u00e9piss\u00e9s  provisoires  et  d\u00e9finitifs  des  d\u00e9clarations  de  candidature  aux \n\u00e9lections politiques et professionnelles ;\n\u2022 la d\u00e9livrance des attestations ou re\u00e7us de d\u00e9claration effectu\u00e9e par les binationaux dans le  \ncadre du service national ;\n\u2022 les autorisations de transport de corps hors du territoire national ;\n\u2022 les d\u00e9cisions relatives aux inhumations hors d\u00e9lai l\u00e9gal ;\n\u2022 la d\u00e9livrance des r\u00e9c\u00e9piss\u00e9s de revendeurs d'objets mobiliers ;\n\u2022 la d\u00e9livrance des r\u00e9c\u00e9piss\u00e9s de d\u00e9claration des foires et salons ;\n\u2022 la d\u00e9livrance des cartes professionnelles de guide-conf\u00e9rencier ;\n\u2022 la d\u00e9livrance et le refus de d\u00e9livrance des cartes de conducteur de taxi, de v\u00e9hicules motoris\u00e9s \n\u00e0 deux ou trois roues et de conducteur de voiture de transport avec chauffeur ;\n\u2022 commission locale des transports publics particuliers de personnes, commission de conciliation \ndes  baux  commerciaux,  ainsi  que  toutes  correspondances  courantes  relatives  au  \nfonctionnement de ces commissions ;\n\u2022 toutes correspondances courantes concernant les domaines cit\u00e9s ci-dessus, y compris la  \nl\u00e9gislation fun\u00e9raire et le domaine du tourisme,\n\u2022 tous actes relatifs \u00e0 la d\u00e9livrance et \u00e0 l'instruction des demandes de passeports temporaires,  \nde mission et de service,\n\u2022 le retrait des titres d'identit\u00e9, de voyage et d'immatriculation d\u00e9livr\u00e9s ind\u00fbment,\n\u2022 les d\u00e9cisions relatives aux mesures d'opposition \u00e0 sortie de territoire,\n\u2022 les conventions d'habilitation et d'agr\u00e9ment et les d\u00e9cisions de suspension et de retrait des  \nhabilitations et agr\u00e9ments des professionnels de l'automobile,\n\u2022 les attestations relatives aux immatriculations,\n\u2022 la d\u00e9claration d'affectation ou de cessation d'affectation de v\u00e9hicules au transport public de  \npersonnes,\n\u2022 les r\u00e9c\u00e9piss\u00e9s concernant les d\u00e9p\u00f4ts par les huissiers des proc\u00e8s-verbaux d'indisponibilit\u00e9 de  \ncertificat d'immatriculation\n\u2022 les  actes  administratifs  du  greffe  des  associations  :  bordereaux,  r\u00e9c\u00e9piss\u00e9s  et  \ncorrespondances courantes non cr\u00e9atrices de droit.\n2 - D\u00e9l\u00e9gation de signature est donn\u00e9e \u00e0 Madame Tassadit YASSA, adjointe \u00e0 la cheffe du bureau \ndes \u00e9lections et de la r\u00e9glementation, pour :\n    \u2022 la d\u00e9livrance des r\u00e9c\u00e9piss\u00e9s provisoires et d\u00e9finitifs des d\u00e9clarations de candidature aux \n\u00e9lections politiques et professionnelles ;\n    \u2022 la d\u00e9livrance des attestations ou re\u00e7us de d\u00e9claration effectu\u00e9e par les binationaux dans le \n4/6\nPr\u00e9fecture de la C\u00f4te-d'Or - 21-2026-04-27-00023 - Arr\u00eat\u00e9 pr\u00e9fectoral N\u00b0 790  du 27 avril 2026\ndonnant d\u00e9l\u00e9gation de signature \u00e0 Monsieur S\u00e9bastien TRES, Directeur des collectivit\u00e9s locales et des \u00e9lections (DCLE) . 182\ncadre du service national ;\n    \u2022 les autorisations de transport de corps hors du territoire national ;\n    \u2022 les d\u00e9cisions relatives aux inhumations hors d\u00e9lai l\u00e9gal ;\n    \u2022 la d\u00e9livrance des r\u00e9c\u00e9piss\u00e9s de revendeurs d'objets mobiliers ;\n    \u2022 la d\u00e9livrance des r\u00e9c\u00e9piss\u00e9s de d\u00e9claration des foires et salons ;\n    \u2022 la d\u00e9livrance des cartes professionnelles de guide-conf\u00e9rencier ;\n    \u2022 la d\u00e9livrance et le refus de d\u00e9livrance des cartes de conducteur de taxi, de v\u00e9hicules \nmotoris\u00e9s \u00e0 deux ou trois roues et de v\u00e9hicules de transport avec chauffeur ;\n    \u2022 commission locale des transports publics particuliers de personnes, commission de \nconciliation des baux commerciaux ainsi que toutes correspondances courantes relatives au \nfonctionnement de ces commissions ;\n    \u2022 toutes correspondances courantes concernant les domaines cit\u00e9s ci-dessus y compris, la \nl\u00e9gislation fun\u00e9raire, et le domaine du tourisme.\n    \u2022 tous actes relatifs \u00e0 la d\u00e9livrance et \u00e0 l'instruction des demandes de passeports temporaires, \nde missions et de services,\n    \u2022 le retrait des titres d'identit\u00e9, de voyage et d'immatriculation d\u00e9livr\u00e9s ind\u00fbment,\n    \u2022 les d\u00e9cisions relatives aux mesures d'opposition \u00e0 sortie de territoire,\n    \u2022 les conventions d'habilitation et d'agr\u00e9ment et les d\u00e9cisions de suspension et de retrait des \nhabilitations et agr\u00e9ments des professionnels de l'automobile,\n    \u2022 les attestations pour la conduite des taxis, des v\u00e9hicules de petite remise, des ambulances, \ndes v\u00e9hicules affect\u00e9s au ramassage scolaire ou au transport public de personnes,\n    \u2022 les attestations relatives aux immatriculations,\n    \u2022 la d\u00e9claration d'affectation ou de cessation d'affectation de v\u00e9hicules au transport public de \npersonnes,\n    \u2022 les r\u00e9c\u00e9piss\u00e9s concernant les d\u00e9p\u00f4ts par les huissiers des proc\u00e8s-verbaux d'indisponibilit\u00e9 de \ncertificat d'immatriculation,\n   \u2022 les actes administratifs du greffe des associations: bordereaux, r\u00e9c\u00e9piss\u00e9s et correspondances \ncourantes non cr\u00e9atrices de droit.\nEn l'absence concomitante de Monsieur S\u00e9bastien TRES et de Madame Delphine HORNY:\n\u2022 les habilitations d'entreprises fun\u00e9raires;\n\u2022 les arr\u00eat\u00e9s portant classement des offices de tourisme et communes touristiques,\n\u2022 les d\u00e9cisions de sanctions disciplinaires \u00e0 l'encontre des conducteurs de taxi, de v\u00e9hicules \nmotoris\u00e9s \u00e0 deux ou trois roues et de voiture de transport avec chauffeur; \n3 - D\u00e9l\u00e9gation est donn\u00e9e \u00e0 Monsieur Eric FINOT pour :\n\uf0d8 les correspondances courantes n'emportant pas de d\u00e9cision, lettre-types, courriers de  \ntransmission, bordereaux d'envoi dans les domaines des \u00e9lections, et de l'ex\u00e9cution du \nbudget des \u00e9lections ;\n\uf0d8 la d\u00e9livrance des r\u00e9c\u00e9piss\u00e9s provisoires et d\u00e9finitifs des d\u00e9clarations de candidature  \naux \u00e9lections politiques et professionnelles.\n\uf0d8 la d\u00e9livrance des r\u00e9c\u00e9piss\u00e9s de d\u00e9claration de mandataires financiers.\n4 - D\u00e9l\u00e9gation est donn\u00e9e \u00e0 Madame Agn\u00e8s FONTENILLE, et \u00e0 Madame Delphine CHERDON  \npour :\n\uf0d8 les correspondances courantes n'emportant pas de d\u00e9cision, lettre-types, courriers de  \ntransmission, bordereaux d'envoi dans les domaines du fun\u00e9raire, des \u00e9lections, des  \ntaxis,  v\u00e9hicules  motoris\u00e9s  \u00e0  deux  ou  trois  roues,  v\u00e9hicules  de  transport  avec  \nchauffeur ; \n\uf0d8 la d\u00e9livrance des r\u00e9c\u00e9piss\u00e9s provisoires et d\u00e9finitifs des d\u00e9clarations de candidature  \naux \u00e9lections politiques et professionnelles ;\n\uf0d8 la d\u00e9livrance des r\u00e9c\u00e9piss\u00e9s de d\u00e9claration de mandataires financiers ;\n5/6\nPr\u00e9fecture de la C\u00f4te-d'Or - 21-2026-04-27-00023 - Arr\u00eat\u00e9 pr\u00e9fectoral N\u00b0 790  du 27 avril 2026\ndonnant d\u00e9l\u00e9gation de signature \u00e0 Monsieur S\u00e9bastien TRES, Directeur des collectivit\u00e9s locales et des \u00e9lections (DCLE) . 183\n\uf0d8 la  d\u00e9livrance  des  cartes  professionnelles  de  conducteur  de  taxi,  de  v\u00e9hicules  \nmotoris\u00e9s \u00e0 deux ou trois roues et des v\u00e9hicules de transport avec chauffeur.\n5  -  D\u00e9l\u00e9gation  est  donn\u00e9e  \u00e0  Madame  Emmanuelle  SUJOBERT,  et  \u00e0  Madame  Christelle  \nJUREDIEU,  pour :\n\u2013 les bordereaux d'envoi et les correspondances courantes concernant la r\u00e9glementation  \ndes certificats d'immatriculation\n\u2013 les  r\u00e9c\u00e9piss\u00e9s  concernant  les  d\u00e9p\u00f4ts  par  les  huissiers  des  proc\u00e8s-verbaux  \nd'indisponibilit\u00e9 du certificat d'immatriculation ;\n\u2013 les attestations relatives aux immatriculations ;\n\u2013 les demandes d'avis et d'enqu\u00eates ;\n\u2013 les correspondances li\u00e9es aux droits de communications des informations concernant les  \ncertificats d'immatriculations ;\n\u2013 les d\u00e9clarations d'affectation et de cessation d'affectation de v\u00e9hicules au transport de  \npublic de personnes.\n\u2013 la d\u00e9livrance des r\u00e9c\u00e9piss\u00e9s provisoires et d\u00e9finitifs des d\u00e9clarations de candidature aux  \n\u00e9lections politiques et professionnelles ;\nArticle 6     : Le Secr\u00e9taire g\u00e9n\u00e9ral de la Pr\u00e9fecture de la C\u00f4te-d'Or, le Directeur des collectivit\u00e9s  \nlocales et des \u00e9lections ainsi que les agents b\u00e9n\u00e9ficiaires de la d\u00e9l\u00e9gation de signature, sont  \ncharg\u00e9s, chacun pour ce qui le concerne, de l'ex\u00e9cution du pr\u00e9sent arr\u00eat\u00e9 qui sera publi\u00e9 au  \nrecueil des actes administratifs de la pr\u00e9fecture de la C\u00f4te-d'Or.  \nFait \u00e0 Dijon, le 27/04/26\nLa pr\u00e9f\u00e8te\nSIGNE\nViolaine DEMARET\nVoies et d\u00e9lais de recours\nLa  pr\u00e9sente  d\u00e9cision  peut  faire  l'objet  d'un  recours  contentieux,  aupr\u00e8s  du  tribunal  \nadministratif de Dijon, 22 rue d'Assas \u2013 B.P . 61616 \u2013 21 016 DIJON CEDEX dans un d\u00e9lai de deux \n(2) mois \u00e0 compter de la publication de la d\u00e9cision.\nDans le m\u00eame d\u00e9lai de 2 mois, un recours gracieux peut . Le silence gard\u00e9 par l'administration \npendant plus deux mois sur la demande de recours gracieux emporte d\u00e9cision implicite de  \nrejet de cette demande, conform\u00e9ment \u00e0 l'article R. 421-2 du  de justice administrative. Celui-\nci prolonge le d\u00e9lai de recours contentieux qui doit \u00eatre introduit dans les 2  mois suivant la  \nr\u00e9ponse.\nLe tribunal administratif peut \u00eatre saisi par un recours d\u00e9pos\u00e9 via l'application T\u00e9l\u00e9recours  \ncitoyens accessible par le site internet : www.telerecours.fr\n6/6\nPr\u00e9fecture de la C\u00f4te-d'Or - 21-2026-04-27-00023 - Arr\u00eat\u00e9 pr\u00e9fectoral N\u00b0 790  du 27 avril 2026\ndonnant d\u00e9l\u00e9gation de signature \u00e0 Monsieur S\u00e9bastien TRES, Directeur des collectivit\u00e9s locales et des \u00e9lections (DCLE) . 184","date":"2026-04-27","first_seen_on":"2026-04-27T16:30:05+00:00","id":"74c10204f520db1f660c17445b1b1f3e1a4907f61fcca79fd6555ef9cbe476cf","name":"RAA n\u00b0 073 du 27 avril 2026","pdf_creation_date":"2026-04-27T14:57:32+00:00","pdf_modification_date":null,"timezone":"Europe/Paris","url":"https://www.cote-dor.gouv.fr/contenu/telechargement/26058/199396/file/recueil-21-2026-073-recueil-des-actes-administratifs-nominatifs.pdf"}
