{"administration":"pref83","administration_name":"Pr\u00e9fecture du Var","content":"VAR\nRECUEIL DES ACTES\nADMINISTRATIFS\nN\u00b083-2024-315\nPUBLI\u00c9 LE  7 NOVEMBRE 2024\nSommaire\nDirection d\u00e9partementale des territoires et de la mer du Var / Service\nagriculture et for\u00eat de la DDTM\n83-2024-10-23-00007 - ARR\u00caT\u00c9 PR\u00c9FECTORAL n\u00b0\nDDTM/SAF/BFDFCI/2024-21 du 23 octobre 2024 PORTANT MODIFICATION\nDE L'ARR\u00caT\u00c9 PR\u00c9FECTORAL n\u00b0 DDTM/SAF/BFDFCI/2024-13 du 04\njuin 2024 portant \u00e9tablissement d'une servitude de passage et\nd'am\u00e9nagement sur les pistes M150 \u00ab\u00a0Ch\u00e2teau d'eau\u00a0\u00bb, M151\n\u00ab\u00a0Les Marcounious\u00a0\u00bb, M152 \u00ab\u00a0Picon\u00a0\u00bb, M153\n\u00ab\u00a0Barayol\u00a0\u00bb, M154 \u00ab\u00a0Fontaine de l'Ormeau\u00a0\u00bb\nCommunes\nde Carc\u00e8s, Le Val et Vins-sur-Caramy\t (6 pages) Page 4\nDirection d\u00e9partementale des territoires et de la mer du Var / Service eau\net biodiversit\u00e9 de la DDTM\n83-2024-11-04-00008 - ARR\u00caT\u00c9 PR\u00c9FECTORAL n\u00b0\nDDTM/SEBIO/2024-143 du 04 novembre 2024\nportant d\u00e9rogation \u00e0 la\ncapture ou l'enl\u00e8vement\net la perturbation intentionnelle\nde\nsp\u00e9cimens d'esp\u00e8ces animales prot\u00e9g\u00e9es\nd\u00e9finie au 4\u00b0 de\nl'article L.411-2 du Code de l'Environnement\n\nau b\u00e9n\u00e9fice du\nConservatoire d'espaces naturels (CEN)\nde Provence-Alpes-C\u00f4te d'Azur\n(PACA)\n\npour proc\u00e9der ou faire proc\u00e9der\nsur la commune de\nRamatuelle\n\u00e0 la capture temporaire avec rel\u00e2cher imm\u00e9diat\nd'amphibiens\npour les ann\u00e9es 2025 \u00e0 2027 inclus. (8 pages) Page 11\nPr\u00e9fecture du VAR / Direction de la citoyennet\u00e9 et de la l\u00e9galit\u00e9\n83-2024-11-05-00003 - ARR\u00caT\u00c9 n\u00b0 DCL/BERG/2024/411 du 05 novembre\n2024 portant agr\u00e9ment de l'EURL \u00ab\u00a0DPAGES\u00a0\u00bb, sise \u00e0 La Crau\n(83260), pour exercer l'activit\u00e9 de domiciliation d'entreprises. (2\npages) Page 20\n83-2024-08-21-00004 - ARRETE PREFECTORAL\nN\u00b0 DCL/BFL/2024 -\n343\nPortant fermeture de la r\u00e9gie de recettes d'\u00c9tat aupr\u00e8s de la\ncommune de La Mole pour \npercevoir le produit des amendes forfaitaires\nde la police de la circulation (2 pages) Page 23\n83-2024-08-21-00005 - ARRETE PREFECTORAL\nN\u00b0 DCL/BFL/2024 -\n344\nMettant fin aux fonctions de r\u00e9gisseurs, titulaire et suppl\u00e9ant, de\nla r\u00e9gie des recettes d'\u00c9tat aupr\u00e8s de la commune de La Mole pour\npercevoir le produit des amendes forfaitaires de la police de la circulation\n(2 pages) Page 26\nPr\u00e9fecture du VAR / Direction de la coordination des politiques publiques\net de l'appui territorial\n83-2024-11-07-00001 - ARR\u00caT\u00c9 PR\u00c9FECTORAL n\u00b02024/42 /MCI du 7\nnovembre 2024 portant d\u00e9l\u00e9gation de signature \u00e0 Mme Myriam\nGARCIA, sous-pr\u00e9f\u00e8te de l'arrondissement de DRAGUIGNAN (7\npages) Page 29\n2\nPr\u00e9fecture du VAR / Direction des titres d'identit\u00e9 et de l'immigration\n83-2024-11-06-00001 - Convention de subd\u00e9l\u00e9gation de gestion en\nmati\u00e8re de cartes nationales d'identit\u00e9 et de passeports -Toulon / St\nEtienne (3 pages) Page 37\n3\nDirection d\u00e9partementale des territoires et de la\nmer du Var\n83-2024-10-23-00007\nARR\u00caT\u00c9 PR\u00c9FECTORAL n\u00b0\nDDTM/SAF/BFDFCI/2024-21 du 23 octobre 2024\nPORTANT MODIFICATION DE L'ARR\u00caT\u00c9\nPR\u00c9FECTORAL n\u00b0 DDTM/SAF/BFDFCI/2024-13 du\n04 juin 2024 portant \u00e9tablissement d'une\nservitude de passage et d'am\u00e9nagement sur les\npistes M150 \u00ab\u00a0Ch\u00e2teau d'eau\u00a0\u00bb, M151 \u00ab\u00a0Les\nMarcounious\u00a0\u00bb, M152 \u00ab\u00a0Picon\u00a0\u00bb, M153\n\u00ab\u00a0Barayol\u00a0\u00bb, M154 \u00ab\u00a0Fontaine de l'Ormeau\u00a0\u00bb\nCommunes de Carc\u00e8s, Le Val et\nVins-sur-Caramy\t\nDirection d\u00e9partementale des territoires et de la mer du Var - 83-2024-10-23-00007 - ARR\u00caT\u00c9 PR\u00c9FECTORAL n\u00b0\nDDTM/SAF/BFDFCI/2024-21 du 23 octobre 2024 PORTANT MODIFICATION DE L'ARR\u00caT\u00c9 PR\u00c9FECTORAL n\u00b0 DDTM/SAF/BFDFCI/2024-13\ndu 04 juin 2024 portant \u00e9tablissement d'une servitude de passage et d'am\u00e9nagement sur les pistes M150 \u00ab\u00a0Ch\u00e2teau d'eau\u00a0\u00bb, M151\n\u00ab\u00a0Les Marcounious\u00a0\u00bb, M152 \u00ab\u00a0Picon\u00a0\u00bb, M153 \u00ab\u00a0Barayol\u00a0\u00bb, M154 \u00ab\u00a0Fontaine de l'Ormeau\u00a0\u00bb\nCommunes de Carc\u00e8s, Le Val et Vins-sur-Caramy\t4\nEx\nPREFET\nDU  VAR\nLibert\u00e9\nEgalit\u00e9\nFraternit\u00e9\nP\nARR\u00caT\u00c9 PR\u00c9FECTORAL n\u00b0 DDTM/SAF/BFDFCI/2024-21 du 23 octobre 2024\nPORTANT MODIFICATION \nDE L'ARR\u00caT\u00c9 PR\u00c9FECTORAL n\u00b0 DDTM/SAF/BFDFCI/2024-13 du 04 juin 2024\nportant \u00e9tablissement d'une servitude de passage et d'am\u00e9nagement\nsur les pistes M150 \u00ab  Ch\u00e2teau d'eau \u00bb, M151 \u00ab Les Marcounious  \u00bb, M152 \u00ab Picon \u00bb, M153 \n\u00ab Barayol \u00bb, M154 \u00ab Fontaine de l'Ormeau  \u00bb\nCommunes de Carc\u00e8s, Le Val et Vins-sur-Caramy\nLe pr\u00e9fet du Var,\nVu le Code forestier notamment les articles L.  134-1, L. 134-2, L. 134-3 et l'ordonnance n\u00b02012-\n92 du 26 janvier 2012  ;\nVu le  d\u00e9cret  n\u00b02004-374  du  29  avril  2004  modifi\u00e9  relatif  aux  pouvoirs  des  pr\u00e9fets,  \u00e0  \nl'organisation et \u00e0 l'action des services de l'\u00c9tat dans les r\u00e9gions et les d\u00e9partements  ; \nVu  le d\u00e9cret n\u00b0 2012-836 du 29 juin 2012 relatif \u00e0 la partie r\u00e9glementaire du Code forestier,  \nnotamment les articles R.  134-1, R. 134-2, R. 134-3 ;\nVu le d\u00e9cret du Pr\u00e9sident de la R\u00e9publique du 15 avril 2022 portant nomination de Monsieur  \nLucien GIUDICELLI, secr\u00e9taire g\u00e9n\u00e9ral de la pr\u00e9fecture du Var  ;\nVu le d\u00e9cret du Pr\u00e9sident de la R\u00e9publique du 13 juillet 2023 portant nomination de Monsieur  \nPhilippe MAH\u00c9, pr\u00e9fet du Var  ; \nVu  l'arr\u00eat\u00e9 pr\u00e9fectoral n\u00b0 DDTM/SAF/BFDFCI/2024-13 du 04 juin 2024 portant \u00e9tablissement  \nd'une servitude de passage et d'am\u00e9nagement sur les pistes M150 \u00ab  Ch\u00e2teau d'eau \u00bb, M151 \n\u00ab Les  Marcounious  \u00bb,  M152  \u00ab Picon \u00bb,  M153  \u00ab Barayol \u00bb,  M154  \u00ab Fontaine  de  l'Ormeau  \u00bb \nCommunes de Carc\u00e8s, Le Val et Vins-sur-Caramy  ;\nConsid\u00e9rant que l'arr\u00eat\u00e9 pr\u00e9fectoral susvis\u00e9 comporte une erreur dans la liste des parcelles  \nconcern\u00e9es par cette servitude  ;\nConsid\u00e9rant l'\u00e9tat parcellaire rectifi\u00e9  ;\nSur proposition du d irecteur d\u00e9partemental des territoires et de la mer du Var,\nARR\u00caTE :\nArticle 1  er     :     :  La liste des parcelles concern\u00e9es par la servitude, mentionn\u00e9es \u00e0 l'article 3 de  \nl'arr\u00eat\u00e9 pr\u00e9fectoral susvis\u00e9, est modifi\u00e9e et remplac\u00e9e comme suit  : \n1/6\nDirection d\u00e9partementale\ndes territoires et de la mer du VarDirection d\u00e9partementale des territoires et de la mer du Var - 83-2024-10-23-00007 - ARR\u00caT\u00c9 PR\u00c9FECTORAL n\u00b0\nDDTM/SAF/BFDFCI/2024-21 du 23 octobre 2024 PORTANT MODIFICATION DE L'ARR\u00caT\u00c9 PR\u00c9FECTORAL n\u00b0 DDTM/SAF/BFDFCI/2024-13\ndu 04 juin 2024 portant \u00e9tablissement d'une servitude de passage et d'am\u00e9nagement sur les pistes M150 \u00ab\u00a0Ch\u00e2teau d'eau\u00a0\u00bb, M151\n\u00ab\u00a0Les Marcounious\u00a0\u00bb, M152 \u00ab\u00a0Picon\u00a0\u00bb, M153 \u00ab\u00a0Barayol\u00a0\u00bb, M154 \u00ab\u00a0Fontaine de l'Ormeau\u00a0\u00bb\nCommunes de Carc\u00e8s, Le Val et Vins-sur-Caramy\t5\nP\nCommunes Section ParcelleContenance Surface emprise \nservitude (m\u00b2)\nCarc\u00e8s E 4871ha70a34ca 16\nCarc\u00e8s E 6531ha14a70ca 125\nCarc\u00e8s E 6540ha78a19ca 254\nCarc\u00e8s E 4861ha41a90ca 48\nCarc\u00e8s E 6611ha74a40ca 275\nCarc\u00e8s E 16270ha38a98ca 86\nCarc\u00e8s E 16370ha39a13ca 99\nCarc\u00e8s E 6400ha03a50ca 24\nCarc\u00e8s E 6411ha96a30ca 146\nCarc\u00e8s E 6341ha06a17ca 76\nCarc\u00e8s E 6200ha87a40ca 208\nCarc\u00e8s E 6210ha08a54ca 225\nCarc\u00e8s E 5310ha21a66ca 512\nCarc\u00e8s E 5300ha23a71ca 21\nCarc\u00e8s E 5272ha10a40ca 8\nCarc\u00e8s E 15130ha29a70ca 195\nCarc\u00e8s E 5251ha08a10ca 267\nCarc\u00e8s E 5197ha11a10ca 1362\nCarc\u00e8s E 7072ha40a00ca 571\nCarc\u00e8s E 7083ha10a00ca 456\nCarc\u00e8s E 7050ha07a40ca 114\nCarc\u00e8s E 7020ha72a20ca 57\nCarc\u00e8s E 6923ha90a80ca 326\nCarc\u00e8s E 8840ha81a80ca 58\nCarc\u00e8s E 8830ha23a25ca 52\nCarc\u00e8s E 16560ha96a80ca 55\n2/6Direction d\u00e9partementale des territoires et de la mer du Var - 83-2024-10-23-00007 - ARR\u00caT\u00c9 PR\u00c9FECTORAL n\u00b0\nDDTM/SAF/BFDFCI/2024-21 du 23 octobre 2024 PORTANT MODIFICATION DE L'ARR\u00caT\u00c9 PR\u00c9FECTORAL n\u00b0 DDTM/SAF/BFDFCI/2024-13\ndu 04 juin 2024 portant \u00e9tablissement d'une servitude de passage et d'am\u00e9nagement sur les pistes M150 \u00ab\u00a0Ch\u00e2teau d'eau\u00a0\u00bb, M151\n\u00ab\u00a0Les Marcounious\u00a0\u00bb, M152 \u00ab\u00a0Picon\u00a0\u00bb, M153 \u00ab\u00a0Barayol\u00a0\u00bb, M154 \u00ab\u00a0Fontaine de l'Ormeau\u00a0\u00bb\nCommunes de Carc\u00e8s, Le Val et Vins-sur-Caramy\t6\nP\nCarc\u00e8s E 19350ha81a24ca 22\nLe Val D 12172ha11a90ca 533\nLe Val D 11911ha90a60ca 20\nVins-sur-Caramy A 5295ha78a90ca 60\nVins-sur-Caramy A 2971ha06a25ca 3\nVins-sur-Caramy A 2990ha35a00ca 539\nVins-sur-Caramy A 29827ha20ca 169\nVins-sur-Caramy A 2960ha33a50ca 209\nVins-sur-Caramy A 2930ha28a20ca 182\nVins-sur-Caramy A 2870ha24a40ca 181\nVins-sur-Caramy A 2800ha82a00ca 210\nVins-sur-Caramy A 2761ha58a80ca 251\nVins-sur-Caramy A 2720ha55a80ca 93\nVins-sur-Caramy A 2710ha17a10ca 107\nVins-sur-Caramy A 2690ha66a70ca 221\nVins-sur-Caramy A 2680ha46a70ca 116\nVins-sur-Caramy A 2650ha29a35ca 54\nVins-sur-Caramy A 2630ha27a00ca 16\nVins-sur-Caramy A 2600ha67a50ca 428\nVins-sur-Caramy A 2530ha42a80ca 99\nVins-sur-Caramy A 2520ha13a75ca 61\nVins-sur-Caramy A 2490ha14a15ca 45\nVins-sur-Caramy A 2480ha38a60ca 96\nVins-sur-Caramy A 2471ha39a80ca 239\nVins-sur-Caramy A 2451ha23a90ca 199\nVins-sur-Caramy A 2430ha32a70ca 90\nVins-sur-Caramy A 2400ha36a30ca 98\n3/6Direction d\u00e9partementale des territoires et de la mer du Var - 83-2024-10-23-00007 - ARR\u00caT\u00c9 PR\u00c9FECTORAL n\u00b0\nDDTM/SAF/BFDFCI/2024-21 du 23 octobre 2024 PORTANT MODIFICATION DE L'ARR\u00caT\u00c9 PR\u00c9FECTORAL n\u00b0 DDTM/SAF/BFDFCI/2024-13\ndu 04 juin 2024 portant \u00e9tablissement d'une servitude de passage et d'am\u00e9nagement sur les pistes M150 \u00ab\u00a0Ch\u00e2teau d'eau\u00a0\u00bb, M151\n\u00ab\u00a0Les Marcounious\u00a0\u00bb, M152 \u00ab\u00a0Picon\u00a0\u00bb, M153 \u00ab\u00a0Barayol\u00a0\u00bb, M154 \u00ab\u00a0Fontaine de l'Ormeau\u00a0\u00bb\nCommunes de Carc\u00e8s, Le Val et Vins-sur-Caramy\t7\nP\nVins-sur-Caramy A 2390ha61a20ca 91\nVins-sur-Caramy A 2370ha30a10ca 101\nVins-sur-Caramy A 2360ha33a20ca 100\nVins-sur-Caramy A 2350ha63a90ca 100\nVins-sur-Caramy A 2330ha18a60ca 97\nVins-sur-Caramy A 2300ha37a00ca 90\nVins-sur-Caramy A 2290ha62a40ca 100\nVins-sur-Caramy A 2280ha58a90ca 98\nVins-sur-Caramy A 2261ha22a40ca 183\nVins-sur-Caramy A 2240ha51a55ca 121\nVins-sur-Caramy A 2222ha02a30ca 335\nVins-sur-Caramy A 2210ha35a40ca 23\nVins-sur-Caramy A 2200ha27a00ca 23\nVins-sur-Caramy A 2190ha22a00ca 18\nVins-sur-Caramy A 2180ha29a70ca 18\nVins-sur-Caramy A 2170ha29a80ca 22\nVins-sur-Caramy A 2160ha24a40ca 21\nVins-sur-Caramy A 2150ha25a80ca 21\nVins-sur-Caramy A 2140ha26a30ca 21\nVins-sur-Caramy A 2110ha02a70ca 15\nVins-sur-Caramy A 2100ha10a80ca 17\nVins-sur-Caramy A 11200ha40a60ca 11\nVins-sur-Caramy A 5390ha41a90ca 149\nVins-sur-Caramy A 5590ha18a10ca 23\nVins-sur-Caramy A 5610ha13a90ca 109\nVins-sur-Caramy A 5600ha66a40ca 138\nVins-sur-Caramy A 5620ha22a30ca 28\n4/6Direction d\u00e9partementale des territoires et de la mer du Var - 83-2024-10-23-00007 - ARR\u00caT\u00c9 PR\u00c9FECTORAL n\u00b0\nDDTM/SAF/BFDFCI/2024-21 du 23 octobre 2024 PORTANT MODIFICATION DE L'ARR\u00caT\u00c9 PR\u00c9FECTORAL n\u00b0 DDTM/SAF/BFDFCI/2024-13\ndu 04 juin 2024 portant \u00e9tablissement d'une servitude de passage et d'am\u00e9nagement sur les pistes M150 \u00ab\u00a0Ch\u00e2teau d'eau\u00a0\u00bb, M151\n\u00ab\u00a0Les Marcounious\u00a0\u00bb, M152 \u00ab\u00a0Picon\u00a0\u00bb, M153 \u00ab\u00a0Barayol\u00a0\u00bb, M154 \u00ab\u00a0Fontaine de l'Ormeau\u00a0\u00bb\nCommunes de Carc\u00e8s, Le Val et Vins-sur-Caramy\t8\nP\nVins-sur-Caramy A 5630ha02a15ca 27\nVins-sur-Caramy A 5550ha21a12ca 28\nVins-sur-Caramy A 5650ha07a08ca 39\nVins-sur-Caramy A 5640ha06a75ca 29\nVins-sur-Caramy A 80ha05a50ca 66\nVins-sur-Caramy A 70ha56a20ca 22\nVins-sur-Caramy A 90ha07a20ca 84\nVins-sur-Caramy B 82ha16a90ca 99\nVins-sur-Caramy B 71ha01a80ca 446\nVins-sur-Caramy B 41ha10a10ca 272\nVins-sur-Caramy B 1812ha10a20ca 312\nVins-sur-Caramy B 1820ha53a60ca 117\nVins-sur-Caramy B 1872ha70a00ca 587\nVins-sur-Caramy B 1880ha96a55ca 91\nVins-sur-Caramy B 3450ha50a00ca 201\nVins-sur-Caramy B 3430ha84a00ca 212\nVins-sur-Caramy B 3390ha49a95ca 92\nVins-sur-Caramy B 3380ha98a90ca 193\nVins-sur-Caramy B 3370ha58a30ca 103\nVins-sur-Caramy B 3361ha37a82ca 229\nVins-sur-Caramy B 3340ha67a99ca 118\nVins-sur-Caramy B 3300ha11a20ca 189\nVins-sur-Caramy B 3290ha41a54ca 118\nVins-sur-Caramy B 3271ha81a80ca 279\nVins-sur-Caramy B 3261ha26a80ca 169\nVins-sur-Caramy B 3240ha26a48ca 164\nVins-sur-Caramy B 7171ha00a25ca 168\n5/6Direction d\u00e9partementale des territoires et de la mer du Var - 83-2024-10-23-00007 - ARR\u00caT\u00c9 PR\u00c9FECTORAL n\u00b0\nDDTM/SAF/BFDFCI/2024-21 du 23 octobre 2024 PORTANT MODIFICATION DE L'ARR\u00caT\u00c9 PR\u00c9FECTORAL n\u00b0 DDTM/SAF/BFDFCI/2024-13\ndu 04 juin 2024 portant \u00e9tablissement d'une servitude de passage et d'am\u00e9nagement sur les pistes M150 \u00ab\u00a0Ch\u00e2teau d'eau\u00a0\u00bb, M151\n\u00ab\u00a0Les Marcounious\u00a0\u00bb, M152 \u00ab\u00a0Picon\u00a0\u00bb, M153 \u00ab\u00a0Barayol\u00a0\u00bb, M154 \u00ab\u00a0Fontaine de l'Ormeau\u00a0\u00bb\nCommunes de Carc\u00e8s, Le Val et Vins-sur-Caramy\t9\nP\nVins-sur-Caramy B 7161ha00a25ca 180\nVins-sur-Caramy B 3200ha94a25ca 273\nVins-sur-Caramy B 3150ha83a45ca 650\nCarc\u00e8s E 8812ha16a60ca 25\nCarc\u00e8s E 8770ha19a30ca 18\nCarc\u00e8s E 8760ha61a60ca 133\nCarc\u00e8s E 6957ha46a90ca 229\nCarc\u00e8s E 6968ha85a90ca 673\nCarc\u00e8s E 7040ha02a90ca 29\nCarc\u00e8s E 7030ha47a76ca 62\nCarc\u00e8s E 6220ha41a50ca 549\nCarc\u00e8s E 62710ha19a20ca 20\nCarc\u00e8s E 6260ha02a79ca 26\nCarc\u00e8s E 62526ha87a76ca 86\nCarc\u00e8s E 6249ha27a80ca 1124\nCarc\u00e8s E 62312ha08a40ca 654\nCarc\u00e8s E 61952ha08a18ca 251\nCarc\u00e8s E 5080ha01a28ca 66\nArticle 2     :   Les autres dispositions de l'arr\u00eat\u00e9 pr\u00e9fectoral du 04 juin 2024 susvis\u00e9 demeurent  \ninchang\u00e9es.\nArticle  3     :   Le  secr\u00e9taire  g\u00e9n\u00e9ral  de  la  pr\u00e9fecture  du  Var,  le  directeur  d\u00e9partemental  des  \nterritoires et de la mer du Var, le pr\u00e9sident de  la communaut\u00e9 d'agglom\u00e9ration Provence  \nVerte, le maire de  la commune  de Vins-sur-Caramy,  le maire de la commune  de Carc\u00e8s,  le \nmaire de la commune du Val sont charg\u00e9s, chacun en ce qui le concerne, de l'application du  \npr\u00e9sent arr\u00eat\u00e9.\nFait \u00e0 Toulon, le 23 octobre 2024\nPour le pr\u00e9fet et par d\u00e9l\u00e9gation\nle directeur d\u00e9partemental des territoires et  \nde la mer du Var\nSign\u00e9\nLaurent BOULET\n6/6Direction d\u00e9partementale des territoires et de la mer du Var - 83-2024-10-23-00007 - ARR\u00caT\u00c9 PR\u00c9FECTORAL n\u00b0\nDDTM/SAF/BFDFCI/2024-21 du 23 octobre 2024 PORTANT MODIFICATION DE L'ARR\u00caT\u00c9 PR\u00c9FECTORAL n\u00b0 DDTM/SAF/BFDFCI/2024-13\ndu 04 juin 2024 portant \u00e9tablissement d'une servitude de passage et d'am\u00e9nagement sur les pistes M150 \u00ab\u00a0Ch\u00e2teau d'eau\u00a0\u00bb, M151\n\u00ab\u00a0Les Marcounious\u00a0\u00bb, M152 \u00ab\u00a0Picon\u00a0\u00bb, M153 \u00ab\u00a0Barayol\u00a0\u00bb, M154 \u00ab\u00a0Fontaine de l'Ormeau\u00a0\u00bb\nCommunes de Carc\u00e8s, Le Val et Vins-sur-Caramy\t10\nDirection d\u00e9partementale des territoires et de la\nmer du Var\n83-2024-11-04-00008\nARR\u00caT\u00c9 PR\u00c9FECTORAL n\u00b0 DDTM/SEBIO/2024-143\ndu 04 novembre 2024\nportant d\u00e9rogation \u00e0 la capture ou l'enl\u00e8vement\net la perturbation intentionnelle\nde sp\u00e9cimens d'esp\u00e8ces animales prot\u00e9g\u00e9es\nd\u00e9finie au 4\u00b0 de l'article L.411-2 du Code de\nl'Environnement\nau b\u00e9n\u00e9fice du Conservatoire d'espaces naturels\n(CEN)\nde Provence-Alpes-C\u00f4te d'Azur (PACA)\npour proc\u00e9der ou faire proc\u00e9der\nsur la commune de Ramatuelle\n\u00e0 la capture temporaire avec rel\u00e2cher imm\u00e9diat\nd'amphibiens\npour les ann\u00e9es 2025 \u00e0 2027 inclus.\nDirection d\u00e9partementale des territoires et de la mer du Var - 83-2024-11-04-00008 - ARR\u00caT\u00c9 PR\u00c9FECTORAL n\u00b0 DDTM/SEBIO/2024-143\ndu 04 novembre 2024\nportant d\u00e9rogation \u00e0 la capture ou l'enl\u00e8vement\net la perturbation intentionnelle\nde sp\u00e9cimens d'esp\u00e8ces animales prot\u00e9g\u00e9es\nd\u00e9finie au 4\u00b0 de l'article L.411-2 du Code de l'Environnement\nau b\u00e9n\u00e9fice du Conservatoire d'espaces naturels (CEN)\nde Provence-Alpes-C\u00f4te d'Azur (PACA)\npour proc\u00e9der ou faire proc\u00e9der\nsur la commune de Ramatuelle\n\u00e0 la capture temporaire avec rel\u00e2cher imm\u00e9diat d'amphibiens\npour les ann\u00e9es 2025 \u00e0 2027 inclus.11\n=m\nPREFET\nDU  VAR\nLibert\u00e9\nEgalit\u00e9\nFraternit\u00e9\nARR\u00caT\u00c9 PR\u00c9FECTORAL n\u00b0 DDTM/SEBIO/2024-143 du 04 novembre 2024\nportant d\u00e9rogation \u00e0 la capture ou l'enl\u00e8vement\net la perturbation intentionnelle\nde sp\u00e9cimens d'esp\u00e8ces animales prot\u00e9g\u00e9es\nd\u00e9finie au 4\u00b0 de l'article L.411-2 du Code de l'Environnement\nau b\u00e9n\u00e9fice du Conservatoire d'espaces naturels (CEN)\nde Provence-Alpes-C\u00f4te d'Azur (PACA)\npour proc\u00e9der ou faire proc\u00e9der\nsur la commune de Ramatuelle\n\u00e0 la capture temporaire avec rel\u00e2cher imm\u00e9diat d'amphibiens\npour les ann\u00e9es 2025 \u00e0 2027 inclus.\nLe pr\u00e9fet du Var,\nVU  la  directive  europ\u00e9enne  n\u00b092/43/CEE  du  Conseil  du  21  mai  1992  concernant  la  \nconservation des habitats naturels ainsi que de la faune et de la flore sauvages ;\nVU la loi n\u00b02002-276 du 27 f\u00e9vrier 2002 relative \u00e0 la d\u00e9mocratie de proximit\u00e9, et notamment  \nson article 109 ;\nVU  la  loi  n\u00b02012-1460  du  27  d\u00e9cembre  2012  relative  \u00e0  la  mise  en  \u0153uvre  du  principe  de  \nparticipation du public d\u00e9fini \u00e0 l'article 7 de la charte de l'environnement  ;\nVU le d\u00e9cret n\u00b02004-374 du 29 avril 2004, relatif aux pouvoirs des pr\u00e9fets, \u00e0 l'organisation et \u00e0  \nl'action  des  services  de  l'\u00c9tat  dans  les  r\u00e9gions  et  les  d\u00e9partements,  et  notamment  son  \narticle 11 ;\nVU  le  d\u00e9cret  du  Pr\u00e9sident  de  la  R\u00e9publique  du  13  juillet  2023  portant  nomination  de  \nM. Philippe MAH\u00c9 en qualit\u00e9 de pr\u00e9fet du Var ;\nVU le code de l'environnement, notamment ses articles L.171-7 , L.171-8, L.411-1 \u00e0 L.411-3 et R.411-\n1 \u00e0 R.411-14, et R.412-11  ;\nVU le code des relations entre le public et l'administration, notamment son article L.131-1 et  \nson article R.132-10  ;\n AP2024 \u2013 capture rel\u00e2cher amphibiens \u2013 CEN PACA - page 1/8\nDirection d\u00e9partementale\ndes territoires et de la mer du Var\nAdresse postale : Pr\u00e9fecture \u2013 DDTM/Service Eau et Biodiversit\u00e9 -  CS 31 209 - 83070 TOULON CEDEXAccueil du public sur RV : 244 avenue de l'infanterie de marine \u00e0 Toulon face aux pompiersT\u00e9l\u00e9phone 04 94 46 83 83Courriel : ddtm-dep@var.gouv.frwww.var.gouv.frDirection d\u00e9partementale des territoires et de la mer du Var - 83-2024-11-04-00008 - ARR\u00caT\u00c9 PR\u00c9FECTORAL n\u00b0 DDTM/SEBIO/2024-143\ndu 04 novembre 2024\nportant d\u00e9rogation \u00e0 la capture ou l'enl\u00e8vement\net la perturbation intentionnelle\nde sp\u00e9cimens d'esp\u00e8ces animales prot\u00e9g\u00e9es\nd\u00e9finie au 4\u00b0 de l'article L.411-2 du Code de l'Environnement\nau b\u00e9n\u00e9fice du Conservatoire d'espaces naturels (CEN)\nde Provence-Alpes-C\u00f4te d'Azur (PACA)\npour proc\u00e9der ou faire proc\u00e9der\nsur la commune de Ramatuelle\n\u00e0 la capture temporaire avec rel\u00e2cher imm\u00e9diat d'amphibiens\npour les ann\u00e9es 2025 \u00e0 2027 inclus.12\nVU l'arr\u00eat\u00e9 minist\u00e9riel du 19 novembre 2007 fixant les listes des amphibiens et des reptiles  \nprot\u00e9g\u00e9s sur l'ensemble du territoire et les modalit\u00e9s de leur protection ;\nVU l'arr\u00eat\u00e9 minist\u00e9riel du 18 d\u00e9cembre 2014 fixant les conditions et limites dans lesquelles des  \nd\u00e9rogations \u00e0 l'interdiction de capture de sp\u00e9cimens d'esp\u00e8ces animales prot\u00e9g\u00e9es peuvent  \n\u00eatre accord\u00e9es par les pr\u00e9fets pour certaines op\u00e9rations pour lesquelles la capture est suivie  \nd'un rel\u00e2cher imm\u00e9diat sur place ;\nVU  l'arr\u00eat\u00e9  interminist\u00e9riel du  06  janvier  2020  modifiant  les  conditions  d'instruction  des  \nd\u00e9rogations d\u00e9finies au 4\u00b0 de l'article L. 411-2 du code de l'environnement ;\nVU  l'arr\u00eat\u00e9  minist\u00e9riel  du  08  janvier  2021  fixant  la  liste  des  amphibiens  et  des  reptiles  \nrepr\u00e9sent\u00e9s sur le territoire m\u00e9tropolitain prot\u00e9g\u00e9s sur l'ensemble du territoire national et les  \nmodalit\u00e9s de leur protection ;\nVU l'arr\u00eat\u00e9 pr\u00e9fectoral n\u00b02023/63/MCI du 21 ao\u00fbt 2023 portant d\u00e9l\u00e9gation de signature de  \nmonsieur le pr\u00e9fet du Var \u00e0 monsieur Laurent BOULET, directeur d\u00e9partemental des territoires  \net de la mer du Var  ;\nVU l'arr\u00eat\u00e9 pr\u00e9fectoral n\u00b0DDTM/MPCA/2023-03 du 26 septembre 2023 portant sub-d\u00e9l\u00e9gation  \nde signature \u00e0 des agents de la DDTM, notamment monsieur Olivier BIELEN, chef du service  \neau et biodiversit\u00e9 ;\nVU le R\u00e8glement Sanitaire D\u00e9partemental du Var  ;\nVU la demande de d\u00e9rogation au r\u00e9gime de protection des esp\u00e8ces pour capture/enl\u00e8vement  \ndu 23 ao\u00fbt 2024 formul\u00e9e par le Conservatoire d'espaces naturels (CEN) de Provence-Alpes-\nC\u00f4te  d'Azur (PACA),  repr\u00e9sent\u00e9  par  monsieur  Henri  SPINI,  en  sa  qualit\u00e9  de  pr\u00e9sident  ; \ndemande compos\u00e9e du formulaire CERFA n\u00b013  616*01 et de sa pi\u00e8ce annexe ;\nVU la consultation du public men\u00e9e du 10 octobre au 30 octobre 2023 inclus en application  \nde l'article L.123-19-1 et l'absence d'observation formul\u00e9e durant cette p\u00e9riode  ;\nCONSID\u00c9RANT la note exposant les r\u00e9sultats de la mise \u00e0 disposition du public  ;\nCONSID\u00c9RANT  l'importance  que  rev\u00eat  la  sauvegarde  des  esp\u00e8ces  et  une  meilleure  \nconnaissance de la  batrachofaune, notamment \u00e0 travers des op\u00e9rations de sauvegarde, des  \ninventaires et des suivis de population, afin de pouvoir y assurer sa conservation  ;\nCONSID\u00c9RANT la primaut\u00e9 du maintien des esp\u00e8ces autochtones sur les sites identifi\u00e9s  ; \nCONSID\u00c9RANT que cette action vise \u00e0 mieux conna\u00eetre ces esp\u00e8ces locales, \u00e0 d\u00e9terminer les  \nlimites \u00e0 leur d\u00e9veloppement et de mieux d\u00e9terminer les conditions id\u00e9ales de survie, sur des  \nsites identifi\u00e9s et p\u00e9rennis\u00e9s  ;\nCONSID\u00c9RANT que le b\u00e9n\u00e9ficiaire et son personnel exp\u00e9riment\u00e9, de par ses activit\u00e9s et ses  \nfonctions  de  protection,  gestion  et  de  conservation,  ont  d\u00e9j\u00e0  \u00e9t\u00e9  autoris\u00e9s  \u00e0  d\u00e9roger  \u00e0  \ncertaines  interdictions  de  perturbation  de  sp\u00e9cimens  d'esp\u00e8ces  animales  prot\u00e9g\u00e9es,  \nnotamment les amphibiens ;\nCONSID\u00c9RANT que, conform\u00e9ment \u00e0 l'article L.411-2 du code de l'environnement, le projet  \nest autoris\u00e9 dans le cadre de la protection de la faune et de la flore sauvages et de la  \nconservation des habitats naturels et \u00e0 des fins de recherche et d'\u00e9ducation  ;\n AP2024 \u2013 capture rel\u00e2cher amphibiens \u2013 CEN PACA - page 2/8Direction d\u00e9partementale des territoires et de la mer du Var - 83-2024-11-04-00008 - ARR\u00caT\u00c9 PR\u00c9FECTORAL n\u00b0 DDTM/SEBIO/2024-143\ndu 04 novembre 2024\nportant d\u00e9rogation \u00e0 la capture ou l'enl\u00e8vement\net la perturbation intentionnelle\nde sp\u00e9cimens d'esp\u00e8ces animales prot\u00e9g\u00e9es\nd\u00e9finie au 4\u00b0 de l'article L.411-2 du Code de l'Environnement\nau b\u00e9n\u00e9fice du Conservatoire d'espaces naturels (CEN)\nde Provence-Alpes-C\u00f4te d'Azur (PACA)\npour proc\u00e9der ou faire proc\u00e9der\nsur la commune de Ramatuelle\n\u00e0 la capture temporaire avec rel\u00e2cher imm\u00e9diat d'amphibiens\npour les ann\u00e9es 2025 \u00e0 2027 inclus.13\nCONSID\u00c9RANT qu'il n'existe pas de solution alternative satisfaisante pour \u00e9viter la capture ou  \nl'enl\u00e8vement, temporaire avec rel\u00e2cher imm\u00e9diat, et que la perturbation intentionnelle de  \nsp\u00e9cimens des esp\u00e8ces faisant l'objet du pr\u00e9sent arr\u00eat\u00e9 ne sera que ponctuelle et en aucun  \ncas destructrice ;\nCONSID\u00c9RANT que la d\u00e9rogation ne nuit pas au maintien, dans un \u00e9tat de conservation  \nfavorable, des populations d'esp\u00e8ces vis\u00e9es par la demande dans leur aire de r\u00e9partition  \nnaturelle ;\nSur proposition du directeur d\u00e9partemental des territoires et de la mer du Var  ;\nARR\u00caTE\nArticle 1  er   : Identit\u00e9 du b\u00e9n\u00e9ficiaire et champ d'application de l'arr\u00eat\u00e9\nLe b\u00e9n\u00e9ficiaire de l'autorisation est le Conservatoire d'espaces naturels (CEN) de Provence-\nAlpes-C\u00f4te d'Azur (PACA), repr\u00e9sent\u00e9 par monsieur Henri SPINI, son pr\u00e9sident.\nLe si\u00e8ge social est : 4 avenue Marcel Pagnol, Immeuble Atrium B\u00e2t B., 13 100 Aix-en-Provence -  \nVar - Provence-Alpes-C\u00f4te d'Azur (PACA) - France\nL'adresse du P\u00f4le Var est : L'Astragale, 888 chemin des Costettes, 83340 Le Cannet-des-Maures  \nSous  la  responsabilit\u00e9  du  b\u00e9n\u00e9ficiaire,  l es  personnes  en  charge  d'appliquer  la  pr\u00e9sente  \nd\u00e9rogation, d\u00e9nomm\u00e9s ci-apr\u00e8s \u00ab  les mandataires \u00bb, sont : \n\u2022Gwenola  BIAU,  charg\u00e9e  de  mission  du  p\u00f4le  Var,  titulaire  d'un  Master  Biodiversit\u00e9,  \nEcologie et Evolution, charg\u00e9e d'encadrer l'op\u00e9ration\n\u2022Alo\u00efs ROY, garde du littoral\n\u2022R\u00e9my VIDAL, garde du littoral\n\u2022Raymond VIALA, garde du littoral\nSous la responsabilit\u00e9 du b\u00e9n\u00e9ficiaire, et l'encadrement de la charg\u00e9e d'op\u00e9ration, d'autres  \ngardes peuvent intervenir sur cette unique op\u00e9ration cadr\u00e9e, au protocole \u00e9tabli, sans avoir \u00e0  \nsolliciter  une  autorisation  compl\u00e9mentaire  d\u00e9signant  nominativement  les  nouveaux  \nmandataires associ\u00e9s.\nLes mandataires ont en charge l'organisation et le suivi, y compris post-op\u00e9ration (rapport de  \nsynth\u00e8se, transmission de donn\u00e9es, dans le cadre de la pr\u00e9sente autorisation).  \nToute autre personne (scientifiques, contractuels, vacataires, stagiaires, b\u00e9n\u00e9voles, ...), venant \nen  appuis  techniques  et  logistiques, permanents  ou  ponctuels,  \u00e0  cette  op\u00e9ration,  doit  \n\u00e9galement appliquer les r\u00e8gles fix\u00e9es dans la pr\u00e9sente d\u00e9rogation, sous la responsabilit\u00e9 et la  \npr\u00e9sence d'un mandataire. Le mandataire aura au pr\u00e9alable pr\u00e9sent\u00e9 aux participants de  \nl'op\u00e9ration, la d\u00e9marche, les motivations du projet, le protocole et les mesures sanitaires et  \nde s\u00e9curit\u00e9.\nArticle 2 : Nature de l'autorisation\nLe  b\u00e9n\u00e9ficiaire  et  les  mandataires  vis\u00e9s  \u00e0  l'article  1,  sont  autoris\u00e9s,  sous  r\u00e9serve  des  \ndispositions  d\u00e9finies  dans  le  pr\u00e9sent  arr\u00eat\u00e9,  \u00e0  proc\u00e9der  \u00e0  la  capture  et  l'enl\u00e8vement  \ntemporaire  avec  rel\u00e2cher  imm\u00e9diat  sur  place,  \u00e0  la  perturbation  intentionnelle,  dans  un  \nobjectif d'am\u00e9liorer la connaissance, d'inventorier, de suivre la population d'amphibiens en  \nvue de pr\u00e9server les individus, dans leurs milieux, des sp\u00e9cimens suivants  :\n AP2024 \u2013 capture rel\u00e2cher amphibiens \u2013 CEN PACA - page 3/8Direction d\u00e9partementale des territoires et de la mer du Var - 83-2024-11-04-00008 - ARR\u00caT\u00c9 PR\u00c9FECTORAL n\u00b0 DDTM/SEBIO/2024-143\ndu 04 novembre 2024\nportant d\u00e9rogation \u00e0 la capture ou l'enl\u00e8vement\net la perturbation intentionnelle\nde sp\u00e9cimens d'esp\u00e8ces animales prot\u00e9g\u00e9es\nd\u00e9finie au 4\u00b0 de l'article L.411-2 du Code de l'Environnement\nau b\u00e9n\u00e9fice du Conservatoire d'espaces naturels (CEN)\nde Provence-Alpes-C\u00f4te d'Azur (PACA)\npour proc\u00e9der ou faire proc\u00e9der\nsur la commune de Ramatuelle\n\u00e0 la capture temporaire avec rel\u00e2cher imm\u00e9diat d'amphibiens\npour les ann\u00e9es 2025 \u00e0 2027 inclus.14\nNom commun Nom scientifique Quantit\u00e9* Description\nP\u00e9lodyte ponctu\u00e9 Pelodytes punctatus Ind.T\u00eatards/larves ou \nadultes\nSont exclus de toute \nmanipulation, les \u0153ufsDiscoglosse peint Discoglossus pictus Ind.\nRainette m\u00e9ridionale Hyla meridionalis Ind.\nGrenouille agile Rana dalmatina Ind.\nCrapaud \u00e9pineux Bufo spinosus Ind.\nCrapaud calamite Epidalea calamita Ind.\nComplexe  des  \nGrenouilles vertesPelophylax sp. Ind.\nSalamandre tachet\u00e9e Salamandra salamandra Ind.\n*Ind.  :  L'op\u00e9ration  de  connaissance  \u00e9tant  bas\u00e9e  sur  la  pr\u00e9sence/absence  de  l'esp\u00e8ce,  la  \npr\u00e9sente  autorisation  n'est  pas  limitative  en  nombre  d'individus  recens\u00e9s/manipul\u00e9s  pour  \nl'esp\u00e8ce, en sexe et en classe d'\u00e2ge. \nLa d\u00e9rogation n'autorise pas la manipulation et le d\u00e9placement d'autres esp\u00e8ces.\nLieu de l'op\u00e9ration et z one d'intervention : \nLe b\u00e9n\u00e9ficiaire et ses mandataires sont amen\u00e9s \u00e0 r\u00e9aliser cette op\u00e9ration sur la commune de  \nRamatuelle.  L'op\u00e9ration  s'effectue  sur  un  site  de  compensation  identifi\u00e9.  La  d\u00e9rogation  \nn'autorise pas le d\u00e9placement des individus en dehors du site.\nProtocole de manipulation et de pr\u00e9l\u00e8vements\nLes manipulations sont r\u00e9alis\u00e9es avec pr\u00e9cautions, dans un temps limit\u00e9 de manipulation de  \n3 minutes  (m\u00eame  la  nuit).  Les  mains  devront  \u00eatre  humidifi\u00e9es  avant  de  manipuler  un  \nsp\u00e9cimen.\nAfin d'\u00e9viter la diss\u00e9mination de maladies d'un milieu aquatique \u00e0 l'autre, et d'un individu \u00e0  \nl'autre, des mesures prophylactiques seront mises en \u0153uvre.\nLa d\u00e9sinfection des mains entre chaque individu manipul\u00e9 est obligatoire. L'utilisation d'un gel  \nhydro-alcoolique sans perturbateur endocrinien est recommand\u00e9, avant chaque manipulation  \net apr\u00e8s.\nLe mat\u00e9riel utilis\u00e9 pour la capture des amphibiens (bottes, waders, seaux, filets, \u00e9puisettes, \u2026 )  \nsera r\u00e9guli\u00e8rement d\u00e9sinfect\u00e9 pour \u00e9viter le transfert de maladies. L'ensemble des mat\u00e9riels  \net  des  \u00e9quipements  personnels  au  contact  du  milieu  aquatique  seront  d\u00e9sinfect\u00e9s  \npr\u00e9alablement \u00e0 chaque sortie, \u00e0 chaque passage et entre chaque zone.\nModalit\u00e9s de capture/rel\u00e2cher :  \nLes individus ne seront pas d\u00e9plac\u00e9s et seront rel\u00e2ch\u00e9s imm\u00e9diatement dans leur secteur  \nd'origine, secteur o\u00f9 ils ont \u00e9t\u00e9 pr\u00e9lev\u00e9s pr\u00e9c\u00e9demment. \nTransport des sp\u00e9cimens \u00e0 titre exceptionnel :  \nLa pr\u00e9sente autorisation tient lieu d'autorisation de transport dans des cas exceptionnels, et  \nuniquement dans les cas suivants :\n- En cas de blessures suite \u00e0 l'intervention humaine ou autres, le sp\u00e9cimen list\u00e9, ou de toutes  \nautres esp\u00e8ces, sera transf\u00e9r\u00e9 par le mandataire dans un centre de soins habilit\u00e9. Le transport  \n AP2024 \u2013 capture rel\u00e2cher amphibiens \u2013 CEN PACA - page 4/8Direction d\u00e9partementale des territoires et de la mer du Var - 83-2024-11-04-00008 - ARR\u00caT\u00c9 PR\u00c9FECTORAL n\u00b0 DDTM/SEBIO/2024-143\ndu 04 novembre 2024\nportant d\u00e9rogation \u00e0 la capture ou l'enl\u00e8vement\net la perturbation intentionnelle\nde sp\u00e9cimens d'esp\u00e8ces animales prot\u00e9g\u00e9es\nd\u00e9finie au 4\u00b0 de l'article L.411-2 du Code de l'Environnement\nau b\u00e9n\u00e9fice du Conservatoire d'espaces naturels (CEN)\nde Provence-Alpes-C\u00f4te d'Azur (PACA)\npour proc\u00e9der ou faire proc\u00e9der\nsur la commune de Ramatuelle\n\u00e0 la capture temporaire avec rel\u00e2cher imm\u00e9diat d'amphibiens\npour les ann\u00e9es 2025 \u00e0 2027 inclus.15\ndoit se faire dans la journ\u00e9e. Les frais \u00e9ventuels sont \u00e0 la charge du b\u00e9n\u00e9ficiaire. Le motif devra  \n\u00eatre justifi\u00e9 dans le bilan d'intervention annuel et le rapport final.\n- En cas de destruction par inadvertance de quelques esp\u00e8ces que ce soit, l'\u00e9v\u00e9nement sera  \nconsign\u00e9 dans le rapport final.\nLe pr\u00e9sent arr\u00eat\u00e9 ne se substitue pas et ne fait pas obstacle aux autres r\u00e9glementations  \n\u00e9ventuellement applicables.\nLes droits des tiers sont et demeurent express\u00e9ment r\u00e9serv\u00e9s. En particulier, cet arr\u00eat\u00e9 ne  \nvaut pas autorisation de p\u00e9n\u00e9tration dans des propri\u00e9t\u00e9s closes relevant de la loi du 29  \nd\u00e9cembre 1892 susvis\u00e9e, ou de la loi n\u00b0 43-374 du 08 juillet 1943.\nLa pr\u00e9sente d\u00e9rogation vaut autorisation.  La pr\u00e9sente autorisation ne dispense pas d'autres  \naccords ou autorisations qui pourraient \u00eatre par ailleurs n\u00e9cessaires pour la r\u00e9alisation de  \nl'op\u00e9ration, au titre d'autres l\u00e9gislations. \nArticle 3 : Dur\u00e9e et p\u00e9riode d'intervention\nLa pr\u00e9sente autorisation est valable 3 ans  : 2025, 2026 et 2027 inclus. \nLes  interventions  programm\u00e9es  de  f\u00e9vrier  \u00e0  novembre  inclus  sont  r\u00e9alis\u00e9es  en  plusieurs  \npassages pr\u00e9vus dans la p\u00e9riode.\nUne premi\u00e8re session en fin d'hiver pour d\u00e9tecter les esp\u00e8ces pr\u00e9coces, une deuxi\u00e8me session  \nen milieu de saison et une troisi\u00e8me session en fin de printemps / d\u00e9but d'\u00e9t\u00e9 pour d\u00e9tecter  \nles  esp\u00e8ces  tardives.  Cependant,  en  fonction  des  conditions  m\u00e9t\u00e9orologiques,  un  des  \npassages pourrait \u00eatre d\u00e9cal\u00e9 \u00e0 l'automne. La m\u00e9thode utilis\u00e9e varie en fonction des passages.\nArticle 4 : Modalit\u00e9s de mise en \u0153uvre de l'autorisation\nLe b\u00e9n\u00e9ficiaire et ses mandataires devront privil\u00e9gier les interventions de capture temporaire  \navec rel\u00e2cher imm\u00e9diat sur site.\nQualification des personnes amen\u00e9es \u00e0 intervenir :\nLes  personnes  r\u00e9alisant  les  op\u00e9rations  doivent  pouvoir  justifier  qu'elles  ont  suivi  une  \nformation  adapt\u00e9e  pour  identifier  les  esp\u00e8ces.  Les  mandataires  devront  encadrer  les  \npersonnes  associ\u00e9es  \u00e0  l'op\u00e9ration.  Les  mandataires  engagent  au  pr\u00e9alable  un  temps  de  \nsensibilisation  aux  probl\u00e9matiques  des  esp\u00e8ces  et  \u00e0  leur  connaissance,  en  rappelant  les  \nconsignes de s\u00e9curit\u00e9 et d'intervention.\nSuivi des amphibiens :\nLe  suivi  des  amphibiens  qui  sera  mis  en  place  est  bas\u00e9  sur  le  protocole  POPAmphibien  \nCommunaut\u00e9 (Barrioz M. & Miaud C. (coord.) 2016 \u2013 Protocoles de suivi des populations  \nd'amphibiens de France, \u00ab POPAmphibien Communaut\u00e9 \u00bb. Soci\u00e9t\u00e9 Herp\u00e9tologique de France  \n\u2013 version 2022) du programme POP coordonn\u00e9 par la SHF. \nInformation et communication\nL'Office fran\u00e7ais de la biodiversit\u00e9, la gendarmerie, la commune concern\u00e9e, et si possible le  \nvoisinage, sont pr\u00e9venus au pr\u00e9alable du passage, 48 heures \u00e0 l'avance, en pr\u00e9cisant s'il s'agit  \nd'op\u00e9ration diurne ou nocturne.\nLe b\u00e9n\u00e9ficiaire est responsable de la bonne mise en \u0153uvre de l'ensemble de l'arr\u00eat\u00e9 de  \nd\u00e9rogation, y compris en cas de recours \u00e0 tierce personne.\n AP2024 \u2013 capture rel\u00e2cher amphibiens \u2013 CEN PACA - page 5/8Direction d\u00e9partementale des territoires et de la mer du Var - 83-2024-11-04-00008 - ARR\u00caT\u00c9 PR\u00c9FECTORAL n\u00b0 DDTM/SEBIO/2024-143\ndu 04 novembre 2024\nportant d\u00e9rogation \u00e0 la capture ou l'enl\u00e8vement\net la perturbation intentionnelle\nde sp\u00e9cimens d'esp\u00e8ces animales prot\u00e9g\u00e9es\nd\u00e9finie au 4\u00b0 de l'article L.411-2 du Code de l'Environnement\nau b\u00e9n\u00e9fice du Conservatoire d'espaces naturels (CEN)\nde Provence-Alpes-C\u00f4te d'Azur (PACA)\npour proc\u00e9der ou faire proc\u00e9der\nsur la commune de Ramatuelle\n\u00e0 la capture temporaire avec rel\u00e2cher imm\u00e9diat d'amphibiens\npour les ann\u00e9es 2025 \u00e0 2027 inclus.16\nArticle 5 : Mesures de r\u00e9ductions et d'accompagnement\nEn compl\u00e9ment des op\u00e9rations identifi\u00e9es dans la note explicative et des pr\u00e9cautions qui  \nseront prises, il est indispensable de participer \u00e0 la conservation des habitats.\nCertaines  pr\u00e9conisations  ou  gestes  simples  peuvent  permettre  le  maintien  de  conditions  \nfavorables \u00e0 l'esp\u00e8ce :\n\u2022collecter des d\u00e9chets et des plastiques proche de la zone de capture,\n\u2022limiter les intrants dans le point d'eau, en signalant les \u00e9ventuelles pollutions constat\u00e9es,\n\u2022veiller \u00e0 ne pas d\u00e9truire la v\u00e9g\u00e9tation aquatique au moment du pr\u00e9l\u00e8vement,\n\u2022ne pas d\u00e9truire les pontes identifi\u00e9s de l'esp\u00e8ce autochtone,\n\u2022ne pas effectuer des captures proches des sites de pontes identifi\u00e9s,\n\u2022ne pas effectuer de captures d'autres esp\u00e8ces.\nEn  compl\u00e9ment  des  actions  identifi\u00e9es  dans  la  note  explicative,  il  est  indispensable  de  \nparticiper \u00e0 la connaissance de l'esp\u00e8ce : photos, prise de sons, ... .\nLe b\u00e9n\u00e9ficiaire pr\u00e9cise dans le cadre de ses publications que cette op\u00e9ration a \u00e9t\u00e9 r\u00e9alis\u00e9e  \nsous couvert d'une autorisation pr\u00e9fectorale, relative aux d\u00e9rogations d'esp\u00e8ces prot\u00e9g\u00e9es.\nArticle 6 : Documents de suivis et de bilans \nLes  mandataires,  via  le  b\u00e9n\u00e9ficiaire,  rendront  compte  \u00e0  la  direction  r\u00e9gionale  de  \nl'environnement,  de  l'am\u00e9nagement  et  du  logement  (DREAL)  Provence-Alpes-C\u00f4te  d'Azur  \n(PACA), et \u00e0 la direction d\u00e9partementale des territoires et de la mer (DDTM) du Var, des  \nconditions d'ex\u00e9cution de la pr\u00e9sente d\u00e9rogation.\n\u00c9tablis par les mandataires, et sign\u00e9 par le b\u00e9n\u00e9ficiaire, deux types de documents sont \u00e0  \nproduire en version modifiable sous LibreOffice (.odt, calc, \u2026) et au format pdf. :\n\u2022un bilan annuel d\u00e9taill\u00e9 et complet des op\u00e9rations, communiqu\u00e9 avant le 31 d\u00e9cembre  \nde l'ann\u00e9e courante,\n\u2022\u00e0 l'issue de l'op\u00e9ration, un rapport de synth\u00e8se des captures et suivis effectu\u00e9s. Cette  \ncommunication du rapport interviendra id\u00e9alement avant le 31 d\u00e9cembre de l'ann\u00e9e  \nfixant la fin de l'op\u00e9ration, ou \u00e0 d\u00e9faut avant le 31 mars de l'ann\u00e9e suivante d\u00e9lai de  \nrigueur.\nCe rapport pourra utilement r\u00e9pondre au plan suivant (pr\u00e9sentation non exhaustive):\nI.  Le  rappel  de  la  justification  de  la  demande  et  de  la  localisation  des  zones/secteurs  \nd'intervention,  \u00e0  l'aide  d'une  cartographie  (localisation  cartographique  des  sites  \nd'intervention \u2013 emplacements g\u00e9o-r\u00e9f\u00e9renc\u00e9s).\nIl. La description des mesures prises\nIII. Le d\u00e9roulement des op\u00e9rations \n1. Les dates des interventions \n2. La m\u00e9thodologie utilis\u00e9e au cours des op\u00e9rations (nombre de jours pour chaque  \npassage.) \n3. Les zones trait\u00e9es, avec leur repr\u00e9sentation graphique \n4. Les raisons pour lesquelles certaines zones n'ont pu \u00eatre trait\u00e9es\n5. Les r\u00e9sultats constat\u00e9s : \nLe comptage de l'esp\u00e8ce, le stade du sp\u00e9cimen, autres esp\u00e8ces rencontr\u00e9es, ... .\nIV. L'\u00e9valuation de la mise en \u0153uvre de la d\u00e9rogation \n1. L'\u00e9volution de la population\n AP2024 \u2013 capture rel\u00e2cher amphibiens \u2013 CEN PACA - page 6/8Direction d\u00e9partementale des territoires et de la mer du Var - 83-2024-11-04-00008 - ARR\u00caT\u00c9 PR\u00c9FECTORAL n\u00b0 DDTM/SEBIO/2024-143\ndu 04 novembre 2024\nportant d\u00e9rogation \u00e0 la capture ou l'enl\u00e8vement\net la perturbation intentionnelle\nde sp\u00e9cimens d'esp\u00e8ces animales prot\u00e9g\u00e9es\nd\u00e9finie au 4\u00b0 de l'article L.411-2 du Code de l'Environnement\nau b\u00e9n\u00e9fice du Conservatoire d'espaces naturels (CEN)\nde Provence-Alpes-C\u00f4te d'Azur (PACA)\npour proc\u00e9der ou faire proc\u00e9der\nsur la commune de Ramatuelle\n\u00e0 la capture temporaire avec rel\u00e2cher imm\u00e9diat d'amphibiens\npour les ann\u00e9es 2025 \u00e0 2027 inclus.17\n2. Les d\u00e9placements constat\u00e9s\n3. Le recensement en fin de campagne d'intervention\n4. Le pourcentage de la population pr\u00e9sente sur le site\nLes donn\u00e9es produites seront des donn\u00e9es de propri\u00e9t\u00e9 patrimoniale publique. L'ensemble  \ndes  donn\u00e9es  obtenues  dans  le  cadre  de  cette  d\u00e9rogation  et  transmises  \u00e0  la  DDTM  \ndeviendront des donn\u00e9es publiques. \nLes donn\u00e9es d'inventaire d'esp\u00e8ces animales seront vers\u00e9es au syst\u00e8me d'information sur la  \nnature et les paysages (base r\u00e9gionale SILENE) par le b\u00e9n\u00e9ficiaire.\nL'ensemble  des  donn\u00e9es  acquises-produites-obtenues  dans  le  cadre  du  pr\u00e9sent  arr\u00eat\u00e9  de  \nd\u00e9rogation seront transmises \u00e0 la DREAL et \u00e0 la DDTM sous forme de bases de donn\u00e9es  \nnum\u00e9riques en version modifiable sous LibreOffice (.odt, calc, \u2026) et au format pdf sur les  \nboites mails suivantes :\n    \u2022 sbep.dreal-paca@developpement-durable.gouv.fr\n    \u2022 ddtm-dep@var.gouv.fr\nArticle 7 : Dur\u00e9e de validit\u00e9 de l'autorisation\nLa pr\u00e9sente d\u00e9cision est valable \u00e0 compter de janvier 2025, et jusqu'au 31 d\u00e9cembre 2027 .  \nQuatre mois avant expiration de cette d\u00e9rogation, son renouvellement peut \u00eatre demand\u00e9 \u00e0  \nl'autorit\u00e9 comp\u00e9tente, par son b\u00e9n\u00e9ficiaire, sur la base d'un dossier argument\u00e9, justifiant la  \ndemande et d\u00e9taillant l'avancement de la mise en \u0153uvre de la mesure compensatoire.  \nArticle 8 : Mesures de contr\u00f4les et sanctions encourues\nConform\u00e9ment  aux  articles  L.171-1  et  suivants  du  code  de  l'environnement,  relatifs  aux  \ncontr\u00f4les  administratifs  et  mesures  de  police,  les  fonctionnaires  et  agents  charg\u00e9s  des  \ncontr\u00f4les sont habilit\u00e9s \u00e0 v\u00e9rifier la bonne mise en \u0153uvre de la pr\u00e9sente autorisation. Les  \ncontr\u00f4les pourraient porter sur :\n- le respect de l'ensemble des conditions d'octroi de la d\u00e9rogation,\n- les documents de suivis et les bilans.\nLa mise en \u0153uvre des dispositions d\u00e9finies au pr\u00e9sent arr\u00eat\u00e9 peut faire l'objet de contr\u00f4le par  \nles agents charg\u00e9s de constater les infractions mentionn\u00e9es \u00e0 l'article L.415-3 du code de  \nl'environnement.\nL'Office fran\u00e7ais de la biodiversit\u00e9 (OFB), ainsi que la DDTM du Var, devront \u00eatre avertis par le  \nma\u00eetre d'ouvrage du d\u00e9marrage de chacune des actions, au moins 48  heures (jours ouvr\u00e9s) \u00e0  \nl'avance, de pr\u00e9f\u00e9rence par courriel (mail ci-dessous).\nOFB - Service d\u00e9partemental du Var\n399, avenue Paul Ar\u00e8ne  -  83300 DRAGUIGNAN\nsd83@ofb.gouv.fr\nPr\u00e9fecture du Var/DDTM83/SEBIO/BIODIV - DEP\nBoulevard du 112\u00e8me R\u00e9giment d'Infanterie  -  CS 31209  -  83070 TOULON CEDEX\nddtm-dep@var.gouv.fr\n AP2024 \u2013 capture rel\u00e2cher amphibiens \u2013 CEN PACA - page 7/8Direction d\u00e9partementale des territoires et de la mer du Var - 83-2024-11-04-00008 - ARR\u00caT\u00c9 PR\u00c9FECTORAL n\u00b0 DDTM/SEBIO/2024-143\ndu 04 novembre 2024\nportant d\u00e9rogation \u00e0 la capture ou l'enl\u00e8vement\net la perturbation intentionnelle\nde sp\u00e9cimens d'esp\u00e8ces animales prot\u00e9g\u00e9es\nd\u00e9finie au 4\u00b0 de l'article L.411-2 du Code de l'Environnement\nau b\u00e9n\u00e9fice du Conservatoire d'espaces naturels (CEN)\nde Provence-Alpes-C\u00f4te d'Azur (PACA)\npour proc\u00e9der ou faire proc\u00e9der\nsur la commune de Ramatuelle\n\u00e0 la capture temporaire avec rel\u00e2cher imm\u00e9diat d'amphibiens\npour les ann\u00e9es 2025 \u00e0 2027 inclus.18\nDurant l'ensemble de l'op\u00e9ration, les intervenants doivent \u00eatre en mesure de pr\u00e9senter une  \ncopie du pr\u00e9sent arr\u00eat\u00e9 \u00e0 toute autorit\u00e9 dot\u00e9e d'un pouvoir de police en la mati\u00e8re.\nLe non-respect du pr\u00e9sent arr\u00eat\u00e9 est puni des sanctions d\u00e9finies \u00e0 l'article L.415-3 du code de  \nl'environnement. En cas de non-respect de l'ensemble des prescriptions du pr\u00e9sent arr\u00eat\u00e9 le  \nb\u00e9n\u00e9ficiaire  s'expose  aux  sanctions  administratives  pr\u00e9vues  \u00e0  l'article  L.171-8  du  code  de  \nl'environnement, dont la suspension des travaux jusqu'\u00e0 ex\u00e9cution compl\u00e8te des conditions  \nimpos\u00e9es.\nModifications,  suspensions,  retrait,  renouvellement  :  l'arr\u00eat\u00e9  de  d\u00e9rogation  pourra  \u00eatre  \nmodifi\u00e9, suspendu ou retir\u00e9 si l'une des obligations faites au b\u00e9n\u00e9ficiaire n'\u00e9tait pas respect\u00e9e.  \nLa modification, la suspension ou le retrait ne feront pas obstacle \u00e0 d'\u00e9ventuelles poursuites,  \nnotamment au titre de l'article L.415-1 \u00e0 6 du code de l'environnement.\nArticle 9 : Voies et d\u00e9lais de recours\nConform\u00e9ment  aux  dispositions  de  l'article  R.421-1  du  code  de  justice  administrative,  le  \npr\u00e9sent arr\u00eat\u00e9 notifi\u00e9 au demandeur peut faire l'objet d'un recours gracieux ou hi\u00e9rarchique  \ndans un d\u00e9lai de 2 mois \u00e0 compter de sa notification. Il peut aussi faire l'objet d'un recours  \ncontentieux devant le tribunal administratif de Toulon dans ce m\u00eame d\u00e9lai.\nLes tiers \u00e0 la d\u00e9cision peuvent, dans les m\u00eames conditions que le demandeur, exercer leur  \ndroit de recours dans un d\u00e9lai de deux mois \u00e0 compter de la publication du pr\u00e9sent arr\u00eat\u00e9.\nLe d\u00e9faut de r\u00e9ponse de l'administration au recours gracieux ou hi\u00e9rarchique dans un d\u00e9lai de  \n2 mois apr\u00e8s sa r\u00e9ception fait na\u00eetre une d\u00e9cision implicite de rejet qui peut elle-m\u00eame faire  \nl'objet d'un recours contentieux devant le tribunal administratif dans un d\u00e9lai de 2 mois.\nLe tribunal administratif peut-\u00eatre saisi par l'application informatique \u00ab  T\u00e9l\u00e9recours citoyens  \u00bb, \naccessible sur le site internet  : \u00ab www.telerecours.fr  \u00bb.\nArticle 10 : Ex\u00e9cution et transmission\nLe secr\u00e9taire g\u00e9n\u00e9ral de la pr\u00e9fecture du Var, le directeur r\u00e9gional de l'environnement, de  \nl'am\u00e9nagement  et  du  logement  de  la  r\u00e9gion  Provence-Alpes-C\u00f4te  d'Azur,  la  directrice  \nd\u00e9partementale de la protection des populations du Var, le chef du service d\u00e9partemental de  \nl'office fran\u00e7ais de la biodiversit\u00e9, le directeur d\u00e9partemental des territoires et de la mer du  \nVar, sont charg\u00e9s, chacun en ce qui le concerne, de l'ex\u00e9cution du pr\u00e9sent arr\u00eat\u00e9, qui sera  \npubli\u00e9 au RAA de la pr\u00e9fecture du Var. \nLe pr\u00e9sent arr\u00eat\u00e9 sera, en outre, transmis en copie :\n\u2022au pr\u00e9sident du conseil d\u00e9partemental du Var ;\n\u2022au pr\u00e9sident de l'association des maires du Var.\nFait \u00e0 Toulon, le 04 novembre 2024\nPour le Pr\u00e9fet et par subd\u00e9l\u00e9gation,\nLe chef du service eau et biodiversit\u00e9,\nSign\u00e9\nOlivier BIELEN\n AP2024 \u2013 capture rel\u00e2cher amphibiens \u2013 CEN PACA - page 8/8Direction d\u00e9partementale des territoires et de la mer du Var - 83-2024-11-04-00008 - ARR\u00caT\u00c9 PR\u00c9FECTORAL n\u00b0 DDTM/SEBIO/2024-143\ndu 04 novembre 2024\nportant d\u00e9rogation \u00e0 la capture ou l'enl\u00e8vement\net la perturbation intentionnelle\nde sp\u00e9cimens d'esp\u00e8ces animales prot\u00e9g\u00e9es\nd\u00e9finie au 4\u00b0 de l'article L.411-2 du Code de l'Environnement\nau b\u00e9n\u00e9fice du Conservatoire d'espaces naturels (CEN)\nde Provence-Alpes-C\u00f4te d'Azur (PACA)\npour proc\u00e9der ou faire proc\u00e9der\nsur la commune de Ramatuelle\n\u00e0 la capture temporaire avec rel\u00e2cher imm\u00e9diat d'amphibiens\npour les ann\u00e9es 2025 \u00e0 2027 inclus.19\nPr\u00e9fecture du VAR\n83-2024-11-05-00003\nARR\u00caT\u00c9 n\u00b0 DCL/BERG/2024/411 du 05 novembre\n2024 portant agr\u00e9ment de l'EURL \u00ab\u00a0DPAGES\u00a0\u00bb,\nsise \u00e0 La Crau (83260), pour exercer l'activit\u00e9 de\ndomiciliation d'entreprises.\nPr\u00e9fecture du VAR - 83-2024-11-05-00003 - ARR\u00caT\u00c9 n\u00b0 DCL/BERG/2024/411 du 05 novembre 2024 portant agr\u00e9ment de l'EURL\n\u00ab\u00a0DPAGES\u00a0\u00bb, sise \u00e0 La Crau (83260), pour exercer l'activit\u00e9 de domiciliation d'entreprises. 20\n=m\nPREFET\nDU  VAR\nLibert\u00e9\nEgalit\u00e9\nFraternit\u00e9\nDirection de la citoyennet\u00e9 et de la l\u00e9galit\u00e9\nBureau des \u00e9lections et de la r\u00e9glementation g\u00e9n\u00e9rale\nARR\u00caT\u00c9 n\u00b0 DCL/BERG/202 4/411 du 05 novembre 2024\nportant agr\u00e9ment de l'EURL \u00ab DPAGES \u00bb, sise \u00e0 La Crau (83260), \npour exercer l'activit\u00e9 de domiciliation d'entreprises.\nLe Pr\u00e9fet du Var,\nVu  le  code  de  commerce,  notamment  ses  articles  L.  123-11-2  \u00e0  L.  123-11-5,  L.  123-11-7 ,  et  \nR. 123-166-1 et suivants ;\nVu le code mon\u00e9taire et financier, notamment ses articles L. 561-37 \u00e0 L. 561-43  et R. 561-39 et \nsuivants ;\nVu  le d\u00e9cret n\u00b0 2009-1535 du 10 d\u00e9cembre 2009 d\u00e9finissant les modalit\u00e9s de contr\u00f4le du  \nrespect  des  obligations  relatives  \u00e0  la  lutte  contre  le  blanchiment  de  capitaux  et  le  \nfinancement  du  terrorisme  par  les  personnes  mentionn\u00e9es  aux  8\u00b0,  9\u00b0  et  15\u00b0  de  l'article  \nL. 561-2 du code mon\u00e9taire et financier et relatif \u00e0 la commission nationale des sanctions  ;\nVu le d\u00e9cret du Pr\u00e9sident de la R\u00e9publique du 13 juillet 2023 portant nomination de Monsieur  \nPhilippe MAH\u00c9, pr\u00e9fet du Var  ;\nVu l'arr\u00eat\u00e9 pr\u00e9fectoral n\u00b0 2024/40/MCI du 29 octobre 2024 portant d\u00e9l\u00e9gation de signature \u00e0  \nMonsieur  Lucien  GIUDICELLI,  secr\u00e9taire  g\u00e9n\u00e9ral  de  la  pr\u00e9fecture  du  Var,  sous-pr\u00e9fet  de  \nl'arrondissement de Toulon ;\nVu l'arr\u00eat\u00e9 pr\u00e9fectoral n\u00b0 2024/48/MCI du 22 octobre 2024 portant d\u00e9l\u00e9gation de signature \u00e0  \nMonsieur Thibaut DARGON, directeur de la citoyennet\u00e9 et de la l\u00e9galit\u00e9 de la pr\u00e9fecture du  \nVar ;\nVu  la  demande  re\u00e7ue  \u00e0  la  pr\u00e9fecture  du  Var  le  24  octobre  2024,  par  laquelle  l'EURL  \n\u00ab DPAGES \u00bb, repr\u00e9sent\u00e9e par sa g\u00e9rante Madame Rabiha BENGUIT, et dont le si\u00e8ge social est  \nsitu\u00e9 Espace Charlotte \u00e0 La Crau (83260), demande l'agr\u00e9ment afin d'exercer l'activit\u00e9 de  \ndomiciliation d'entreprises  ;\nConsid\u00e9rant que le dossier de la demande susvis\u00e9e comporte toutes les justifications requises  \npar la r\u00e9glementation ;\nSur proposition du secr\u00e9taire g\u00e9n\u00e9ral de la pr\u00e9fecture du Var,\n1/2\nPr\u00e9fecture du VAR - 83-2024-11-05-00003 - ARR\u00caT\u00c9 n\u00b0 DCL/BERG/2024/411 du 05 novembre 2024 portant agr\u00e9ment de l'EURL\n\u00ab\u00a0DPAGES\u00a0\u00bb, sise \u00e0 La Crau (83260), pour exercer l'activit\u00e9 de domiciliation d'entreprises. 21\nARR\u00caTE\nArticle  1 : L'EURL  \u00ab Domiciliation  Production  Administration  Gestion  Exploitation  \nSecr\u00e9tariat \u00bb, sous le sigle \u00ab DPAGES \u00bb, repr\u00e9sent\u00e9e par sa g\u00e9rante Madame Rabiha BENGUIT,  \net dont le si\u00e8ge social est situ\u00e9 Espace Charlotte \u00e0 La Crau (83260) , est agr\u00e9\u00e9e pour exercer  \nl'activit\u00e9 de domiciliation d'entreprises.\nArticle  2 :  Cet  agr\u00e9ment  est  accord\u00e9,  pour  une  dur\u00e9e  de  six  ans ,  et  porte  le  num\u00e9ro  \nDE-83-2024-14.\nArticle 3 : Le pr\u00e9sent arr\u00eat\u00e9 prendra effet \u00e0 compter de sa date de signature.\nArticle 4 : Le titulaire de cet agr\u00e9ment devra respecter les obligations relatives \u00e0 la lutte  \ncontre le blanchiment des capitaux et le financement du terrorisme pr\u00e9vues aux parties  \nl\u00e9gislatives et r\u00e9glementaires du code mon\u00e9taire et financier.\nArticle 5 : Tout changement substantiel concernant les donn\u00e9es principales de la soci\u00e9t\u00e9  \nindiqu\u00e9es dans le dossier de demande d'agr\u00e9ment initial devra \u00eatre d\u00e9clar\u00e9, dans un d\u00e9lai de  \ndeux mois, par ladite soci\u00e9t\u00e9 \u00e0 la pr\u00e9fecture du Var.\nArticle 6 : Le secr\u00e9taire g\u00e9n\u00e9ral de la pr\u00e9fecture est charg\u00e9 de l'ex\u00e9cution du pr\u00e9sent arr\u00eat\u00e9  \nqui sera publi\u00e9 au recueil des actes administratifs de la pr\u00e9fecture du Var.\nFait \u00e0 Toulon, le 05 novembre 2024\nPour le pr\u00e9fet et par d\u00e9l\u00e9gation,\nle Directeur\nSign\u00e9 : Thibaut DARGON\nDans un d\u00e9lai de deux mois \u00e0 compter de la date de notification du pr\u00e9sent arr\u00eat\u00e9, les recours suivants peuvent \u00eatre introduits  \nconform\u00e9ment aux dispositions des articles R. 421-1 et suivants du code de justice administrative :\n- un recours gracieux, adress\u00e9 \u00e0 : M. le pr\u00e9fet du Var \u2013 Bd du 112 \u00e8me r\u00e9giment d'infanterie- CS 31209 - 83070 TOULON CEDEX\nDans ce cas, le silence de l'administration vaut rejet implicite au terme d'un d\u00e9lai de deux mois.\nApr\u00e8s un recours gracieux ou hi\u00e9rarchique, le d\u00e9lai du recours contentieux ne court qu'\u00e0 compter du rejet explicite ou implicite  \nde l'un des recours.\n- un recours contentieux, en saisissant le Tribunal Administratif de Toulon  : 5 rue Racine -BP 40510 - 83  041 TOULON CEDEX 9\nLe tribunal administratif peut \u00eatre saisi par l'application informatique \u00ab  T\u00e9l\u00e9recours citoyens \u00bb accessible par le site internet  \n\u00ab www.telerecours.fr \u00bb.\n2/2Pr\u00e9fecture du VAR - 83-2024-11-05-00003 - ARR\u00caT\u00c9 n\u00b0 DCL/BERG/2024/411 du 05 novembre 2024 portant agr\u00e9ment de l'EURL\n\u00ab\u00a0DPAGES\u00a0\u00bb, sise \u00e0 La Crau (83260), pour exercer l'activit\u00e9 de domiciliation d'entreprises. 22\nPr\u00e9fecture du VAR\n83-2024-08-21-00004\nARRETE PREFECTORAL\nN\u00b0 DCL/BFL/2024 - 343\nPortant fermeture de la r\u00e9gie de recettes d'\u00c9tat\naupr\u00e8s de la commune de La Mole pour \npercevoir le produit des amendes forfaitaires de\nla police de la circulation\nPr\u00e9fecture du VAR - 83-2024-08-21-00004 - ARRETE PREFECTORAL\nN\u00b0 DCL/BFL/2024 - 343\nPortant fermeture de la r\u00e9gie de recettes d'\u00c9tat aupr\u00e8s de la commune de La Mole pour \npercevoir le produit des amendes forfaitaires de la police de la circulation23\nDirection de la citoyennet\u00e9 et de la l\u00e9galit\u00e9\n Bureau des finances locales\nARRETE PREFECTORAL\nN\u00b0 DCL/BFL/2024 - 343\nPortant fermeture de la r\u00e9gie de recettes d'\u00c9tat au pr\u00e8s de la commune de La Mole pour\npercevoir le produit des amendes forfaitaires de la  police de la circulation\nLe pr\u00e9fet du Var,\nVu le code g\u00e9n\u00e9ral des collectivit\u00e9s territoriales, n otamment son article L.2212-5 ;\nVu le code de la route, notamment ses articles L.130-4  et R.130-2 ;\nVu le code g\u00e9n\u00e9ral de la propri\u00e9t\u00e9 des personnes publ iques ;\nVule  d\u00e9cret  du  Pr\u00e9sident  de  la  R\u00e9publique  du  13  juill et  2023,  portant  nomination  de\nMonsieur Philippe MAHE en qualit\u00e9 de pr\u00e9fet du Var ;\nVu  l'arr\u00eat\u00e9  interminist\u00e9riel  du  15  avril  2016  modifian t  l'arr\u00eat\u00e9  cadre  du  13  f\u00e9vrier  2013\nhabilitant les pr\u00e9fets \u00e0 instituer des r\u00e9gies de re cettes et des r\u00e9gies d'avances aupr\u00e8s des\nservices d\u00e9concentr\u00e9s du minist\u00e8re de l'int\u00e9rieur ;\nVul'arr\u00eat\u00e9 pr\u00e9fectoral n\u00b02024/14/MCI  du 12  avril 2024  portant  d\u00e9l\u00e9gation  de signature  \u00e0\nMonsieur Lucien GIUDICELLI, secr\u00e9taire g\u00e9n\u00e9ral de l a pr\u00e9fecture du Var ;\nVu  l'instruction  conjointe  du  minist\u00e8re  de  l'int\u00e9rieur  et  du  minist\u00e8re  de  l'action  et  des\ncomptes publics N\u00b0 18-028 du 26 janvier 2018 relati ve \u00e0 la cl\u00f4ture des r\u00e9gies \u00ab inactives \u00bb de\nrecettes de l'\u00c9tat institu\u00e9es aupr\u00e8s de la police m unicipale ;\nVu l'arr\u00eat\u00e9 pr\u00e9fectoral du 8 octobre 2007 portant inst itution de la r\u00e9gie de recettes d'\u00c9tat\naupr\u00e8s de la commune de La Mole pour percevoir le p roduit des amendes forfaitaires de la\npolice de la circulation ;\nVu la lettre du 6 mai 2024 du maire de la commune de La Mole demandant la cl\u00f4ture de la\nr\u00e9gie de recettes d'\u00c9tat ;\nVu l'avis favorable du 20 juin 2024  du directeur d\u00e9partemental des finances publiques d u Var ;\nSur proposition  du secr\u00e9taire g\u00e9n\u00e9ral de la pr\u00e9fecture du Var,\n1/2\nPr\u00e9fecture du VAR - 83-2024-08-21-00004 - ARRETE PREFECTORAL\nN\u00b0 DCL/BFL/2024 - 343\nPortant fermeture de la r\u00e9gie de recettes d'\u00c9tat aupr\u00e8s de la commune de La Mole pour \npercevoir le produit des amendes forfaitaires de la police de la circulation24\nARR\u00caTE :\nARTICLE 1  er     :  L'arr\u00eat\u00e9 pr\u00e9fectoral du 8 octobre 2007 portant ins titution de la r\u00e9gie de recettes\nd'\u00c9tat aupr\u00e8s de la commune de La Mole pour percevo ir le produit des amendes forfaitaires\nde la police de la circulation est abrog\u00e9.\nARTICLE 2  : Le secr\u00e9taire g\u00e9n\u00e9ral de la pr\u00e9fecture du Var et l e directeur d\u00e9partemental des\nfinances publiques du Var sont charg\u00e9s, chacun en c e qui le concerne, de l'ex\u00e9cution du\npr\u00e9sent arr\u00eat\u00e9 qui sera publi\u00e9 au recueil des actes  administratifs de la pr\u00e9fecture du Var et\ntransmis au maire de la collectivit\u00e9.\nFait \u00e0 Toulon, le 21 ao\u00fbt 2024\nPour le pr\u00e9fet et par d\u00e9l\u00e9gation,\nle secr\u00e9taire g\u00e9n\u00e9ral\nSign\u00e9\nLucien GIUDICELLI\nDans un d\u00e9lai de deux mois \u00e0 compter de la date de notification de la pr\u00e9sente d\u00e9cision, les recours s uivants peuvent \u00eatre \nintroduits conform\u00e9ment aux dispositions des articl es R. 421-1 et suivants du code de justice administ rative :\n- un recours gracieux, adress\u00e9 \u00e0 : M. le Pr\u00e9fet du Var \u2013 Bd du 112\u00e8me r\u00e9giment d'infanterie- CS 31209 - 83070 TOULON CEDEX\nDans ce cas, le silence de l'administration vaut re jet implicite au terme d'un d\u00e9lai de deux mois.\nApr\u00e8s un recours gracieux, le d\u00e9lai du recours cont entieux ne court qu'\u00e0 compter du rejet explicite ou  implicite de ce recours.\n- un recours contentieux, en saisissant le Tribunal  Administratif de Toulon : 5 rue Racine -BP 40510 -  83 041 TOULON CEDEX 9\nLe tribunal administratif peut \u00eatre saisi par l'app lication informatique \u00ab T\u00e9l\u00e9recours citoyens \u00bb acce ssible par le site internet \n\u00ab www.telerecours.fr \u00bb.\n2/2Pr\u00e9fecture du VAR - 83-2024-08-21-00004 - ARRETE PREFECTORAL\nN\u00b0 DCL/BFL/2024 - 343\nPortant fermeture de la r\u00e9gie de recettes d'\u00c9tat aupr\u00e8s de la commune de La Mole pour \npercevoir le produit des amendes forfaitaires de la police de la circulation25\nPr\u00e9fecture du VAR\n83-2024-08-21-00005\nARRETE PREFECTORAL\nN\u00b0 DCL/BFL/2024 - 344\nMettant fin aux fonctions de r\u00e9gisseurs, titulaire\net suppl\u00e9ant, de la r\u00e9gie des recettes d'\u00c9tat\naupr\u00e8s de la commune de La Mole pour\npercevoir le produit des amendes forfaitaires de\nla police de la circulation\nPr\u00e9fecture du VAR - 83-2024-08-21-00005 - ARRETE PREFECTORAL\nN\u00b0 DCL/BFL/2024 - 344\nMettant fin aux fonctions de r\u00e9gisseurs, titulaire et suppl\u00e9ant, de la r\u00e9gie des recettes d'\u00c9tat aupr\u00e8s de la commune de La Mole pour\npercevoir le produit des amendes forfaitaires de la police de la circulation26\nDirection de la citoyennet\u00e9 et de la l\u00e9galit\u00e9\n Bureau des finances locales\nARRETE PREFECTORAL\nN\u00b0 DCL/BFL/2024 - 344\nMettant fin aux fonctions de r\u00e9gisseurs, titulaire et suppl\u00e9ant, de la r\u00e9gie des recettes d'\u00c9tat\naupr\u00e8s de la commune de La Mole pour percevoir le p roduit des amendes forfaitaires de la\npolice de la circulation\nLe pr\u00e9fet du Var,\nVu le code g\u00e9n\u00e9ral des collectivit\u00e9s territoriales, n otamment son article L.2212-5 ;\nVu le code de la route, notamment ses articles L.130-4  et R.130-2 ;\nVu le code g\u00e9n\u00e9ral de la propri\u00e9t\u00e9 des personnes publ iques ;\nVule  d\u00e9cret  du  Pr\u00e9sident  de  la  R\u00e9publique  du  13  juill et  2023,  portant  nomination  de\nMonsieur Philippe MAHE en qualit\u00e9 de pr\u00e9fet du Var ;\nVu  l'arr\u00eat\u00e9  interminist\u00e9riel  du  15  avril  2016  modifian t  l'arr\u00eat\u00e9  cadre  du  13  f\u00e9vrier  2013\nhabilitant les pr\u00e9fets \u00e0 instituer des r\u00e9gies de re cettes et des r\u00e9gies d'avances aupr\u00e8s des\nservices d\u00e9concentr\u00e9s du minist\u00e8re de l'int\u00e9rieur ;\nVul'arr\u00eat\u00e9 pr\u00e9fectoral n\u00b02024/14/MCI  du 12  avril 2024  portant  d\u00e9l\u00e9gation  de signature  \u00e0\nMonsieur Lucien GIUDICELLI, secr\u00e9taire g\u00e9n\u00e9ral de l a pr\u00e9fecture du Var ;\nVu l'arr\u00eat\u00e9 pr\u00e9fectoral du 8 octobre 2007 modifi\u00e9 le 1 3 f\u00e9vrier 2012 portant nomination de\nMonsieur Olivier PINELLI, en qualit\u00e9 de r\u00e9gisseur t itulaire, et de Madame Jeannine AUMONT,\nen qualit\u00e9 de r\u00e9gisseur suppl\u00e9ant de la r\u00e9gie de re cettes d'Etat aupr\u00e8s de la commune de La\nMole pour percevoir le produit des amendes forfaita ires de la police de la circulation ;\nVu l'arr\u00eat\u00e9 pr\u00e9fectoral n\u00b0 DCL/BFL/2024-343 portant f ermeture de la r\u00e9gie de recettes d'\u00c9tat\naupr\u00e8s de la commune de La Mole pour percevoir le p roduit des amendes forfaitaires de la\npolice de la circulation ;\nConsid\u00e9rant que la fermeture de la r\u00e9gie d'\u00c9tat entra\u00eene, de fa it, la fin des attributions des\nr\u00e9gisseurs titulaires ou suppl\u00e9ants ;\nSur proposition  du secr\u00e9taire g\u00e9n\u00e9ral de la pr\u00e9fecture du Var,\n1/2\nPr\u00e9fecture du VAR - 83-2024-08-21-00005 - ARRETE PREFECTORAL\nN\u00b0 DCL/BFL/2024 - 344\nMettant fin aux fonctions de r\u00e9gisseurs, titulaire et suppl\u00e9ant, de la r\u00e9gie des recettes d'\u00c9tat aupr\u00e8s de la commune de La Mole pour\npercevoir le produit des amendes forfaitaires de la police de la circulation27\nARR\u00caTE :\nARTICLE 1  er     :  L'arr\u00eat\u00e9 du 8 octobre 2007 ,  modifi\u00e9 par arr\u00eat\u00e9 du  13  f\u00e9vrier 2012,  portant\nnomination des r\u00e9gisseurs de la r\u00e9gie de recettes d '\u00c9tat aupr\u00e8s de la commune de La Mole\npour percevoir le produit des amendes forfaitaires de la police de la circulation est abrog\u00e9.\nARTICLE 2  : Le secr\u00e9taire g\u00e9n\u00e9ral de la pr\u00e9fecture du Var et l e directeur d\u00e9partemental des\nfinances publiques du Var sont charg\u00e9s, chacun en c e qui le concerne, de l'ex\u00e9cution du\npr\u00e9sent arr\u00eat\u00e9 qui sera publi\u00e9 au recueil des actes  administratifs de la pr\u00e9fecture du Var et\ntransmis au maire de la collectivit\u00e9.\nFait \u00e0 Toulon, le 21 ao\u00fbt 2024\nPour le pr\u00e9fet et par d\u00e9l\u00e9gation,\nle secr\u00e9taire g\u00e9n\u00e9ral\nSign\u00e9\nLucien GIUDICELLI\nDans un d\u00e9lai de deux mois \u00e0 compter de la date de notification de la pr\u00e9sente d\u00e9cision, les recours s uivants peuvent \u00eatre \nintroduits conform\u00e9ment aux dispositions des articl es R. 421-1 et suivants du code de justice administ rative :\n- un recours gracieux, adress\u00e9 \u00e0 : M. le Pr\u00e9fet du Var \u2013 Bd du 112\u00e8me r\u00e9giment d'infanterie- CS 31209 - 83070 TOULON CEDEX\nDans ce cas, le silence de l'administration vaut re jet implicite au terme d'un d\u00e9lai de deux mois.\nApr\u00e8s un recours gracieux, le d\u00e9lai du recours cont entieux ne court qu'\u00e0 compter du rejet explicite ou  implicite de ce recours.\n- un recours contentieux, en saisissant le Tribunal  Administratif de Toulon : 5 rue Racine -BP 40510 -  83 041 TOULON CEDEX 9\nLe tribunal administratif peut \u00eatre saisi par l'app lication informatique \u00ab T\u00e9l\u00e9recours citoyens \u00bb acce ssible par le site internet \n\u00ab www.telerecours.fr \u00bb.\n2/2Pr\u00e9fecture du VAR - 83-2024-08-21-00005 - ARRETE PREFECTORAL\nN\u00b0 DCL/BFL/2024 - 344\nMettant fin aux fonctions de r\u00e9gisseurs, titulaire et suppl\u00e9ant, de la r\u00e9gie des recettes d'\u00c9tat aupr\u00e8s de la commune de La Mole pour\npercevoir le produit des amendes forfaitaires de la police de la circulation28\nPr\u00e9fecture du VAR\n83-2024-11-07-00001\nARR\u00caT\u00c9 PR\u00c9FECTORAL n\u00b02024/42 /MCI du 7\nnovembre 2024 portant d\u00e9l\u00e9gation de signature\n\u00e0 Mme Myriam GARCIA, sous-pr\u00e9f\u00e8te de\nl'arrondissement de DRAGUIGNAN\nPr\u00e9fecture du VAR - 83-2024-11-07-00001 - ARR\u00caT\u00c9 PR\u00c9FECTORAL n\u00b02024/42 /MCI du 7 novembre 2024 portant d\u00e9l\u00e9gation de\nsignature \u00e0 Mme Myriam GARCIA, sous-pr\u00e9f\u00e8te de l'arrondissement de DRAGUIGNAN 29\nL'IMELVIIELEL\nVu le d\u00e9cret du Pr\u00e9sident de la R\u00e9publique du 8 septembre 2021 portant nomination de  \nDirection de la coordination\ndes politiques publiques\net de l'appui territorial\nMission de coordination interminist\u00e9rielle\nARR\u00caT\u00c9 PR\u00c9FECTORAL n\u00b02024/42  /MCI du 7 novembre 2024\nportant d\u00e9l\u00e9gation de signature \u00e0 Mme Myriam GARCIA,\nsous-pr\u00e9f\u00e8te de l'arrondissement de DRAGUIGNAN\nLe Pr\u00e9fet du Var,\nOfficier de la L\u00e9gion d'Honneur,\nVu la loi n\u00b0 82-213 du 2 mars 1982 modifi\u00e9e, relative aux droits et libert\u00e9s des communes, des  \nd\u00e9partements et des r\u00e9gions  ;\nVu la loi n\u00b0 83-8 du 7 janvier 1983 modifi\u00e9e, relative \u00e0 la r\u00e9partition des comp\u00e9tences entre les  \ncommunes, les d\u00e9partements, les r\u00e9gions et l'\u00c9tat  ;\nVu  la  loi  d'orientation  n\u00b0  92-125  du  6  f\u00e9vrier  1992  modifi\u00e9e  relative  \u00e0  l'administration  \nterritoriale de la R\u00e9publique ;\nVu la loi n\u00b0 2004-809 du 13 ao\u00fbt 2004 modifi\u00e9e relative aux libert\u00e9s et responsabilit\u00e9s locales  ;\nVu le d\u00e9cret n\u00b0 97-34 du 15 janvier 1997 modifi\u00e9 relatif \u00e0 la d\u00e9concentration des d\u00e9cisions  \nadministratives individuelles  ;\nVu  le  d\u00e9cret  n\u00b0  2004-374  du  29  avril  2004  modifi\u00e9  relatif  aux  pouvoirs  des  pr\u00e9fets,  \u00e0  \nl'organisation et \u00e0 l'action des services de l'\u00c9tat dans les r\u00e9gions et d\u00e9partements  ;\nVu le d\u00e9cret n\u00b0 2015-510 du 7 mai 2015 portant charte de la d\u00e9concentration  ;\nVu  le  d\u00e9cret  du  Pr\u00e9sident  de  la  R\u00e9publique  du  15  avril  2022  portant  nomination  de  \nM.  Lucien  GIUDICELLI,  secr\u00e9taire  g\u00e9n\u00e9ral  de  la  pr\u00e9fecture  du  Var,  sous-pr\u00e9fet  de  \nl'arrondissement de Toulon; \nVu  le  d\u00e9cret  du  Pr\u00e9sident  de  la  R\u00e9publique  du  6  juillet  2023  portant  nomination  de  \nMme Myriam GARCIA, sous-pr\u00e9f\u00e8te de l'arrondissement de Draguignan  ; \nVu  le  d\u00e9cret  du  Pr\u00e9sident  de  la  R\u00e9publique  du  13  juillet  2023  portant  nomination  de  \nM. Philippe MAHE, pr\u00e9fet du Var  ;\nVu  le  d\u00e9cret  du  Pr\u00e9sident  de  la  R\u00e9publique  du  3  avril  2024  portant  nomination  de  \nMme Jos\u00e9phine GUIGLIANO-BOUTONNET, sous-pr\u00e9f\u00e8te, directrice de cabinet du pr\u00e9fet du  \nVar ;\nVu le d\u00e9cret du Pr\u00e9sident de la R\u00e9publique du 21 septembre 2024 portant nomination de  \nM. Jean-Baptiste MORINAUD, sous-pr\u00e9fet charg\u00e9 de mission aupr\u00e8s du pr\u00e9fet du Var, secr\u00e9taire  \ng\u00e9n\u00e9ral adjoint de la pr\u00e9fecture du Var;\n1/7\nPr\u00e9fecture du VAR - 83-2024-11-07-00001 - ARR\u00caT\u00c9 PR\u00c9FECTORAL n\u00b02024/42 /MCI du 7 novembre 2024 portant d\u00e9l\u00e9gation de\nsignature \u00e0 Mme Myriam GARCIA, sous-pr\u00e9f\u00e8te de l'arrondissement de DRAGUIGNAN 30\nVu le d\u00e9cret du Pr\u00e9sident de la R\u00e9publique du 8 septembre 2021 portant nomination de  \nVu l'arr\u00eat\u00e9 pr\u00e9fectoral n\u00b02024/16/MCI du 12 avril 2024  portant d\u00e9l\u00e9gation de signature \u00e0 Mme  \nMyriam GARCIA, sous-pr\u00e9f\u00e8te de l'arrondissement de Draguignan  ;\nVu l'arr\u00eat\u00e9 pr\u00e9fectoral n\u00b02024/37/MCI du 25 septembre 2024 portant d\u00e9l\u00e9gation de signature  \n\u00e0  Mme  Myriam  GARCIA,  sous-pr\u00e9f\u00e8te  de  l'arrondissement  de  Draguignan,  pour  assurer  \nl'int\u00e9rim du sous-pr\u00e9fet de l'arrondissement de Brignoles  ;\nVu l'arr\u00eat\u00e9 pr\u00e9fectoral n\u00b02024/03/MCI du 19 f\u00e9vrier 2024 por tant organisation de la pr\u00e9fecture  \ndu Var ; \nSur proposition du secr\u00e9taire g\u00e9n\u00e9ral de la pr\u00e9fecture du Var  ;\nARR\u00caTE :\nARTICLE  1er     :  Ind\u00e9pendamment  des  attributions  qui  sont  conf\u00e9r\u00e9es  aux  sous-pr\u00e9fets  \nd'arrondissement par les lois et r\u00e8glements, d\u00e9l\u00e9gation est donn\u00e9e \u00e0 Mme Myriam GARCIA , \nsous-pr\u00e9f\u00e8te de l'arrondissement de Draguignan, \u00e0 l'effet d'instruire et de signer tous actes de  \ngestion relatifs au fonctionnement des services de la sous-pr\u00e9fecture, ainsi que pour signer les  \narr\u00eat\u00e9s, circulaires et correspondances concernant, pour l'arrondissement de Draguignan, les  \naffaires suivantes, \u00e0 l'exclusion des requ\u00eates et m\u00e9moires aupr\u00e8s des juridictions  :\nI \u2013 Administration g\u00e9n\u00e9rale  :\na) Pour les communes de l'arrondissement, lors du renouvellement g\u00e9n\u00e9ral des \u00e9lections  \nmunicipales :\n- re\u00e7us de d\u00e9p\u00f4t d'une d\u00e9claration de candidature pour le 1er tour de scrutin des \u00e9lections  \nmunicipales ;\n-  r\u00e9c\u00e9piss\u00e9  d\u00e9finitif  d'enregistrement  d'une  d\u00e9claration  de  candidature  aux  \u00e9lections  \nmunicipales ;\n- refus de d\u00e9livrance du r\u00e9c\u00e9piss\u00e9 d\u00e9finitif d'enregistrement d'une d\u00e9claration de candidature  \naux \u00e9lections municipales  ;\n- r\u00e9c\u00e9piss\u00e9s d\u00e9finitifs d'une d\u00e9claration de candidature pour le second tour de scrutin des  \n\u00e9lections municipales  ;\nb) organisation des \u00e9lections municipales partielles  ;\nII \u2013 Administration locale  :\na) suivi  du contr\u00f4le de l\u00e9galit\u00e9 des actes administratifs des collectivit\u00e9s locales et de leurs  \n\u00e9tablissements du ressort de l'arrondissement (\u00e0 l'exception des syndicats mixtes dont le  \nconseil d\u00e9partemental du Var est membre) et des soci\u00e9t\u00e9s d'\u00e9conomie mixte locales, en ce  \nqu'il comprend :\n\u2022l'information de l'autorit\u00e9 locale sur sa demande de la d\u00e9cision du repr\u00e9sentant de  \nl'\u00c9tat dans le d\u00e9partement de ne pas d\u00e9f\u00e9rer un acte au tribunal administratif  ;\n\u2022l'information  de  l'autorit\u00e9  locale  qu'un  acte  est  entach\u00e9  d'ill\u00e9galit\u00e9  et  la  \ncommunication des pr\u00e9cisions utiles lui permettant de rendre l\u00e9gal l'acte concern\u00e9  ;\n\u2022la signature des recours gracieux  ;\n\u2022la signature de lettres de demandes de pi\u00e8ces compl\u00e9mentaires en mati\u00e8re de contr\u00f4le  \nde l\u00e9galit\u00e9 ne valant pas recours gracieux  ;\n                                                                                                                                                                                                                           2/7Pr\u00e9fecture du VAR - 83-2024-11-07-00001 - ARR\u00caT\u00c9 PR\u00c9FECTORAL n\u00b02024/42 /MCI du 7 novembre 2024 portant d\u00e9l\u00e9gation de\nsignature \u00e0 Mme Myriam GARCIA, sous-pr\u00e9f\u00e8te de l'arrondissement de DRAGUIGNAN 31\nVu le d\u00e9cret du Pr\u00e9sident de la R\u00e9publique du 8 septembre 2021 portant nomination de  \nb) suivi du contr\u00f4le budg\u00e9taire des collectivit\u00e9s locales du ressort de l'arrondissement et de \nleurs \u00e9tablissements (\u00e0 l'exception des syndicats mixtes dont le conseil d\u00e9partemental du Var  \nest membre) en ce qu'il comprend  : \n\u2022la signature des recours gracieux et la signature de lettres de demandes de pi\u00e8ces  \ncompl\u00e9mentaires ne valant pas recours gracieux  ;\nc) suivi des demandes de mandatement d'office des d\u00e9penses obligatoires  ;\nd) en mati\u00e8re d'urbanisme  :\n-la signature des avis de l'\u00c9tat  ;\n-la signature des avis sur les permis de d\u00e9molir  ;\n-la signature des autorisations ou actes relatifs \u00e0 l'utilisation et \u00e0 l'occupation du sol  \npour les op\u00e9rations relevant de l'article R. 422-2 du code de l'urbanisme  ;\n-la signature des autorisations ou actes relatifs \u00e0 l'utilisation et \u00e0 l'occupation du sol  \ndans les communes non dot\u00e9es d'un document d'urbanisme approuv\u00e9, pour les cas  \npr\u00e9vus \u00e0 l'article L. 422-1-b du code de l'urbanisme  ;\ne) substitution aux maires dans les cas pr\u00e9vus aux articles L. 2215-1 et L. 2215-5 du code  \ng\u00e9n\u00e9raldes collectivit\u00e9s territoriales  ;\nf) autorisation d'occupation temporaire et autorisation de p\u00e9n\u00e9trer sur les propri\u00e9t\u00e9s priv\u00e9es  ;\ng) constitution des groupes de travail pr\u00e9vus par les dispositions du titre VIII du code de  \nl'environnement relatif \u00e0 la protection du cadre de vie (publicit\u00e9, enseignes et pr\u00e9-enseignes)  \net mesures administratives d'application  ;\nh) arr\u00eat\u00e9s de cr\u00e9ation, de modification des attributions, de retrait de communes membres,  \nd'adh\u00e9sion  de  nouvelles  communes  et  de  dissolution.se  rapportant  aux  \u00e9tablissements  \npublics de coop\u00e9ration intercommunale dont le si\u00e8ge se trouve dans l'arrondissement, \u00e0  \nl'exception  des  communaut\u00e9s  d'agglom\u00e9ration,  des  communaut\u00e9s  de  communes,  des  \nsyndicats mixtes dont le conseil d\u00e9partemental du Var est membre.\nIII  \u2013  Coordination  de  l'action  des  services  d\u00e9concentr\u00e9s  :  tous  actes  ou  documents  \nn\u00e9cessaires \u00e0 l'exercice de son pouvoir de coordination de l'action des services d\u00e9concentr\u00e9s  \nde l'\u00c9tat pr\u00e9vu par le d\u00e9cret n\u00b0 2004-374 du 29 avril 2004, et notamment toutes demandes  \nd'information.\nARTICLE  2 :  Ind\u00e9pendamment  des  attributions  qui  sont  conf\u00e9r\u00e9es  aux  sous-pr\u00e9fets  \nd'arrondissement par les lois et r\u00e8glements, d\u00e9l\u00e9gation est donn\u00e9e \u00e0 Mme Myriam GARCIA , \nsous-pr\u00e9f\u00e8te de l'arrondissement de Draguignan, \u00e0 l'effet d'instruire et de signer tous les  \narr\u00eat\u00e9s,  circulaires  et  correspondances  concernant  le  bureau  de  l'administration  et  de  la  \nr\u00e9glementation g\u00e9n\u00e9rale, \u00e0 l'exclusion des requ\u00eates et m\u00e9moires aupr\u00e8s des juridictions  :\nI \u2013 Pour l'arrondissement de Draguignan  :\na) opposition \u00e0 sortie du territoire pour les enfants mineurs  ;\nb)  l\u00e9gislation  fun\u00e9raire  :  les  laissez-passer  de  corps  et  urnes  cin\u00e9raires  vers  l'\u00e9tranger,  les  \nautorisations de transport de corps et urnes cin\u00e9raires vers l'\u00e9tranger, les d\u00e9rogations au d\u00e9lai  \nr\u00e9glementaire  de  six  jours  en  vue  de  l'inhumation  ou  de  l'incin\u00e9ration  des  corps  des  \npersonnes d\u00e9c\u00e9d\u00e9es, les autorisations d'inhumation en propri\u00e9t\u00e9 priv\u00e9e  ;\n3/7Pr\u00e9fecture du VAR - 83-2024-11-07-00001 - ARR\u00caT\u00c9 PR\u00c9FECTORAL n\u00b02024/42 /MCI du 7 novembre 2024 portant d\u00e9l\u00e9gation de\nsignature \u00e0 Mme Myriam GARCIA, sous-pr\u00e9f\u00e8te de l'arrondissement de DRAGUIGNAN 32\nVu le d\u00e9cret du Pr\u00e9sident de la R\u00e9publique du 8 septembre 2021 portant nomination de  \nc) instruction des demandes d'enqu\u00eates sociales et administratives en mati\u00e8re de logement  \nsocial et d'expulsion,  propositions de logements aux bailleurs sociaux  ;\nd)  instruction  et  signature  des  octrois  ou  refus  du  concours  de  la  force  publique  pour  \nl'ex\u00e9cution  des  d\u00e9cisions  de  justice  en  mati\u00e8re  d'expulsion  locative,  domiciliaire  et  \nimmobili\u00e8re,  des  demandes  d'indemnit\u00e9s  amiables,  r\u00e8glement  transactionnel  des  dossiers  \naff\u00e9rents, protocole d'accord de pr\u00e9vention des expulsions locatives, mise en \u0153uvre des  \nd\u00e9cisions \u00ab droit au logement opposable  \u00bb (DALO) y compris les radiations et les recours  \ngracieux DALO ;\ne) avis pr\u00e9alable aux mesures de police des d\u00e9bits de boissons et des h\u00f4tels  ;\nf)  autorisation  d'utilisation du  plan  d'eau  du  lac  de  Saint-Cassien  par  d\u00e9rogation  aux  \ndispositions de l'arr\u00eat\u00e9 pr\u00e9fectoral du 16 juin 1977  ;\ng)  d\u00e9cision de suspension des permis de  conduire, d\u00e9cision de restriction de validit\u00e9 de  \npermis de conduire cons\u00e9cutive aux examens en commission m\u00e9dicale d'aptitude, d\u00e9cision  \nde  mise  en  \u0153uvre  des  visites  m\u00e9dicales  par  autorit\u00e9,  d\u00e9cision  de  mise  en  \u0153uvre  des  \ndispositions  sp\u00e9cifiques  \u00e0  l'\u00e9thylotest  antid\u00e9marrage,  mise  en  \u0153uvre  de  la  proc\u00e9dure  \nd'\u00e9change de permis de conduire \u00e9tranger apr\u00e8s suspension  ;\nh) d\u00e9livrance des attestations de duplicata des permis de chasser  ;\ni) d\u00e9livrance des r\u00e9c\u00e9piss\u00e9s de revendeurs d'objets mobiliers  ;\nj)  d\u00e9livrance  des  autorisations  d'installation  de  liaisons  d'alarme  avec  le  commissariat  de  \npolice de Draguignan  ;\nk)  d\u00e9clarations  d'option  pour  l'incorporation  dans  le  service  national  des  jeunes  double-\nnationaux ;\nl)  instruction  et  signature  des  arr\u00eat\u00e9s  instaurant  un  p\u00e9rim\u00e8tre  de  protection  pour  les  \nmanifestations dont il a la responsabilit\u00e9, en application de l'article L. 226-1 du code de la  \ns\u00e9curit\u00e9 int\u00e9rieure  ;\nm)  suivi  des  proc\u00e8s-verbaux  de  r\u00e9union  ou  de  visite  de  la  commission  de  s\u00e9curit\u00e9  et  \nd'accessibilit\u00e9 de l'arrondissement dont elle assure la pr\u00e9sidence  ;\nn) commission des polices de l'environnement (COPOLLEN) op\u00e9rationnelle d'arrondissement  ;\no)  suivi  des  enqu\u00eates  de  moralit\u00e9  concernant  les  visiteurs  de  prison  et  agr\u00e9ment  des  \naum\u00f4niers pour le centre p\u00e9nitentiaire de Draguignan  ;\np) gardes statiques et escortes de d\u00e9tenus  ;\nII \u2013 Pour les arrondissements de Draguignan et de Brignoles  :\na) signature des conventions de coordination des interventions de la police municipale et des  \nforces de s\u00e9curit\u00e9 de l'\u00c9tat  ;\nb) agr\u00e9ments et cartes professionnelles des policiers municipaux et des assistants temporaires  \nde police municipale  ;\n                                                                                                                                                                                                                           4/7Pr\u00e9fecture du VAR - 83-2024-11-07-00001 - ARR\u00caT\u00c9 PR\u00c9FECTORAL n\u00b02024/42 /MCI du 7 novembre 2024 portant d\u00e9l\u00e9gation de\nsignature \u00e0 Mme Myriam GARCIA, sous-pr\u00e9f\u00e8te de l'arrondissement de DRAGUIGNAN 33\nVu le d\u00e9cret du Pr\u00e9sident de la R\u00e9publique du 8 septembre 2021 portant nomination de  \nc) cartes professionnelles des policiers municipaux  ;\nIII \u2013 Sur l'ensemble du d\u00e9partement du Var  : agr\u00e9ments des gardes particuliers.\nARTICLE  3 :  Ind\u00e9pendamment  des  attributions  qui  sont  conf\u00e9r\u00e9es  aux  sous-pr\u00e9fets  \nd'arrondissement par les lois et r\u00e8glements, d\u00e9l\u00e9gation est donn\u00e9e \u00e0 Mme Myriam GARCIA , \nsous-pr\u00e9f\u00e8te de l'arrondissement de Draguignan, \u00e0 l'effet d'instruire et de signer tous les  \narr\u00eat\u00e9s,  circulaires  et  correspondances,  y  compris  les  requ\u00eates  et  m\u00e9moires  aupr\u00e8s  des  \njuridictions, concernant la r\u00e9duction des nuisances caus\u00e9es par l'activit\u00e9 des h\u00e9licopt\u00e8res sur  \nles communes de la communaut\u00e9 de communes du golfe de Saint-Tropez et \u00e0 ce titre, de  \ng\u00e9rer les autorisations d'h\u00e9lisurfaces, d'h\u00e9listations et les rotations d'h\u00e9licopt\u00e8res aff\u00e9rentes.\nARTICLE  4 :  Ind\u00e9pendamment  des  attributions  qui  sont  conf\u00e9r\u00e9es  aux  sous-pr\u00e9fets  \nd'arrondissement par les lois et r\u00e8glements, d\u00e9l\u00e9gation est donn\u00e9e \u00e0 Mme Myriam GARCIA , \nsous-pr\u00e9f\u00e8te de l'arrondissement de Draguignan, \u00e0 l'effet d'instruire et de signer tous les  \narr\u00eat\u00e9s, circulaires et correspondances concernant le bureau de l'immigration,  \u00e0 l'exclusion \ndes requ\u00eates et m\u00e9moires aupr\u00e8s des juridictions, ainsi que  :\n \u2013 Pour les arrondissements de Draguignan et de Brignoles  :\na) r\u00e9c\u00e9piss\u00e9s de demande de titre de s\u00e9jour  ; autorisations provisoires de s\u00e9jour  ; documents \nde circulation pour enfants mineurs \u00e9trangers  ; prolongations de visa  ; visas pr\u00e9fectoraux  ; \nd\u00e9cisions, rapports, correspondances, documents et actes relatifs \u00e0 ces attributions  ;\nb) arr\u00eat\u00e9s pr\u00e9fectoraux relatifs au refus de s\u00e9jour et \u00e0 l'obligation de quitter le territoire  \nfran\u00e7ais ;\nARTICLE 5 : Except\u00e9 pour les conventions mentionn\u00e9es \u00e0 l'article 2 II-a), en cas d'absence ou  \nd'emp\u00eachement  de  Mme  Myriam  GARCIA ,  d\u00e9l\u00e9gation  de  signature  est  donn\u00e9e  dans  les  \nm\u00eames conditions \u00e0  Mme Jos\u00e9phine GUIGLIANO-BOUTONNET, sous-pr\u00e9f\u00e8te, directrice de  \ncabinet  du  pr\u00e9fet  du  Var,  ou,  en  cas  d'absence  ou  d'emp\u00eachement  de  celle-ci,  \u00e0  \nM.  Jean-Baptiste  MORINAUD,  sous-pr\u00e9fet  charg\u00e9  de  mission  aupr\u00e8s  du  pr\u00e9fet  du  Var,  \nsecr\u00e9taire g\u00e9n\u00e9ral adjoint de la pr\u00e9fecture du Var  ;\nARTICLE  6 : Lorsque  Mme  Myriam  GARCIA  assure  le  service  de  permanence  institu\u00e9  \nconform\u00e9ment  \u00e0  l'ordre  des  permanences  fix\u00e9  p\u00e9riodiquement  par  le  pr\u00e9fet  du  Var,  \nd\u00e9l\u00e9gation lui est alors accord\u00e9e \u00e0 l'effet de signer, pour l'ensemble du d\u00e9partement, toute  \nd\u00e9cision n\u00e9cessit\u00e9e par une situation d'urgence, notamment  :\n\u2022les d\u00e9cisions de suspension provisoire imm\u00e9diate des permis de conduire  ;\n\u2022les mesures d'\u00e9loignement relevant de la comp\u00e9tence du repr\u00e9sentant de l'\u00c9tat dans le  \nd\u00e9partement et concernant les \u00e9trangers s\u00e9journant irr\u00e9guli\u00e8rement sur le territoire  \nfran\u00e7ais et les d\u00e9cisions de placement en r\u00e9tention administrative ou d'assignation \u00e0  \nr\u00e9sidence des \u00e9trangers objets de ces mesures, prises en application des dispositions  \ndu code de l'entr\u00e9e et du s\u00e9jour des \u00e9trangers et du droit d'asile (CESEDA)  ;\n\u2022tout courrier relatif aux proc\u00e9dures d'\u00e9loignement concernant les \u00e9trangers s\u00e9journant  \nirr\u00e9guli\u00e8rement  sur  le  territoire  fran\u00e7ais,  y  compris  toute  requ\u00eate  adress\u00e9e  aux  \njuridictions en mati\u00e8re de r\u00e9tention administrative, notamment au juge des libert\u00e9s et  \nde  la  d\u00e9tention  en  application  des  articles  L  552-1  \u00e0  L  552-8  du  CESEDA,  en  vue \nd'obtenir la prolongation de la r\u00e9tention administrative  ;\n\u2022la d\u00e9livrance de passeports et de titres d'identit\u00e9  ;\n\u2022les  arr\u00eat\u00e9s  pronon\u00e7ant  l'admission  sans  consentement  en  soins  psychiatriques  des  \npersonnes dont les troubles mentaux n\u00e9cessitent des soins et compromettent la s\u00fbret\u00e9  \n5/7Pr\u00e9fecture du VAR - 83-2024-11-07-00001 - ARR\u00caT\u00c9 PR\u00c9FECTORAL n\u00b02024/42 /MCI du 7 novembre 2024 portant d\u00e9l\u00e9gation de\nsignature \u00e0 Mme Myriam GARCIA, sous-pr\u00e9f\u00e8te de l'arrondissement de DRAGUIGNAN 34\nVu le d\u00e9cret du Pr\u00e9sident de la R\u00e9publique du 8 septembre 2021 portant nomination de  \ndes  personnes  ou  portent  atteinte,  de  fa\u00e7on  grave,  \u00e0  l'ordre  public,  ainsi  que  les  \noppositions  aux  demandes  d'autorisation  de  sortie  de  courte  dur\u00e9e  prises  en  \napplication de l'article L 3211-11-1 du code de la sant\u00e9 publique  ;\n\u2022les gardes statiques et escortes de d\u00e9tenus  ;\n\u2022les autorisations de transport de corps en dehors du territoire m\u00e9tropolitain.\nARTICLE  7 : D\u00e9l\u00e9gation  de  signature  est  donn\u00e9e  \u00e0  M.  Philippe  SAVIGNAT,  conseiller  \nd'administration de l'int\u00e9rieur et de l'outre-mer, secr\u00e9taire g\u00e9n\u00e9ral de la sous-pr\u00e9fecture de  \nl'arrondissement de Draguignan, pour  :\n\u2022les actes mentionn\u00e9s aux rubriques I et II de l'article 1er  ;\n\u2022les actes mentionn\u00e9s aux alin\u00e9as I-a), I-b), I-c), I-d) pour la demande d'\u00e9mission de  \nperception et versement des indemnit\u00e9s amiables dans le contentieux des expulsions  \nlocatives, I-e), I-g), I-h), I-i), I-j), I-k), I-m), I-o), I-p), II-b), II-c)  et \u00e0 la rubrique III de l'article  \n2 ;\n\u2022l'engagement des d\u00e9penses courantes \u00e0 hauteur de 2300 euros toutes taxes comprises  \net la signature des contrats dans le cadre la gestion du centre de responsabilit\u00e9 de la  \nsous-pr\u00e9fecture ;\n\u2022les actes mentionn\u00e9s \u00e0 l'article 4 ;\n\u2022les correspondances administratives ordinaires avec la pr\u00e9fecture, les chefs de service  \nr\u00e9gionaux et d\u00e9partementaux des administrations de l'\u00c9tat, les autorit\u00e9s r\u00e9gionales  \nd\u00e9partementales et municipales, les \u00e9tablissements publics et les particuliers, ainsi que  \nles notes de service  ;\n\u2022les autorisations de cong\u00e9s de la sous-pr\u00e9fecture de l'arrondissement de Draguignan.\nARTICLE  8 : D\u00e9l\u00e9gation  de  signature  est  donn\u00e9e  \u00e0  Mme  Claire  CHAPELAND,  attach\u00e9e  \nprincipale d'administration de l'\u00c9tat, cheffe du bureau de l'ing\u00e9nierie territoriale, pour  :\n\u2022les actes mentionn\u00e9s aux rubriques I et II  de l'article 1er ;\n\u2022les actes mentionn\u00e9s aux alin\u00e9as I-a), I-b), I-c), I-d) pour la demande d'\u00e9mission de  \nperception et versement des indemnit\u00e9s amiables dans le contentieux des expulsions  \nlocatives, I-g) I-h), I-i), I-j),  I-k), I-m), I-p), II-b) et II-c) de l'article 2  ;\n\u2022les actes mentionn\u00e9s \u00e0 l'alin\u00e9a I-a) et \u00e0 la rubrique II de l'article 4  ;\n\u2022les correspondances administratives ordinaires avec la pr\u00e9fecture, les chefs de service  \nr\u00e9gionaux et d\u00e9partementaux des administrations de l'\u00c9tat, les autorit\u00e9s r\u00e9gionales  \nd\u00e9partementales et municipales, les \u00e9tablissements publics et les particuliers, ainsi que  \nles notes de service  ;\n\u2022les autorisations de cong\u00e9s de la sous-pr\u00e9fecture de l'arrondissement de Draguignan.\nARTICLE 9 :  En cas d'absence ou d'emp\u00eachement de  M. Philippe SAVIGNAT,  d\u00e9l\u00e9gation est \ndonn\u00e9e \u00e0 M. Alain PASSERON, secr\u00e9taire administratif de classe normale, adjoint au chef du  \nbureau de l'administration  et de la r\u00e9glementation  g\u00e9n\u00e9rale, pour les actes concernant les  \nattributions mentionn\u00e9es aux alin\u00e9as I-b), I-c)  en ce qui concerne  les demandes d'enqu\u00eate  \nsociale et administrative en mati\u00e8re de logement et I-g)  en ce qui concerne  les courriers \nsimples, les arr\u00eat\u00e9s d'inaptitude, les proc\u00e9dures contradictoires apr\u00e8s avis de la commission  \nm\u00e9dicale des permis de conduire et les arr\u00eat\u00e9s de suspension administrative des permis de  \nconduire, I-h) et I-i) de l'article 2  et les cartes professionnelles mentionn\u00e9es \u00e0 l'alin\u00e9a II-c) de  \nl'article 2.\nARTICLE  10 : D\u00e9l\u00e9gation  de  signature  est  donn\u00e9e  \u00e0  Mme  Marie-Laure  LAMASA,  attach\u00e9e  \nd'administration  de  l'\u00c9tat,  cheffe  du  bureau  de  l'immigration,  en  ce  qui  concerne  les  \nattributions mentionn\u00e9es \u00e0 l'alin\u00e9a a) de l'article 4.\n                                                                                                                                                                                                                           6/7Pr\u00e9fecture du VAR - 83-2024-11-07-00001 - ARR\u00caT\u00c9 PR\u00c9FECTORAL n\u00b02024/42 /MCI du 7 novembre 2024 portant d\u00e9l\u00e9gation de\nsignature \u00e0 Mme Myriam GARCIA, sous-pr\u00e9f\u00e8te de l'arrondissement de DRAGUIGNAN 35\nVu le d\u00e9cret du Pr\u00e9sident de la R\u00e9publique du 8 septembre 2021 portant nomination de  \nARTICLE  11 : En  cas  d'absence  ou  d'emp\u00eachement  de  Madame  Marie-Laure  LAMASA,  la  \nd\u00e9l\u00e9gation de signature qui lui est donn\u00e9e \u00e0 l'article 10 est exerc\u00e9e par M. Alexandre TAHERI,  \nsecr\u00e9taire administratif de classe normale, adjoint \u00e0 la cheffe du bureau de l'immigration, en  \nce qui concerne les attributions mentionn\u00e9es \u00e0 l'alin\u00e9a a) de l'article 4.\nARTICLE  12 :  L'arr\u00eat\u00e9  pr\u00e9fectoral  n\u00b02024/16/MCI  du  12  avril  2024  portant  d\u00e9l\u00e9gation  de  \nsignature  \u00e0  Mme  Myriam  GARCIA,  sous-pr\u00e9f\u00e8te  de  l'arrondissement  de  Draguignan ,  est \nabrog\u00e9. \nARTICLE 13     :   L'arr\u00eat\u00e9 pr\u00e9fectoral n\u00b02024/37/MCI du 25 septembre 2024 portant d\u00e9l\u00e9gation de  \nsignature \u00e0 Mme Myriam GARCIA pour assurer l'interim du sous-pr\u00e9fet de l'arrondissement de  \nBrignoles est maintenu. \nARTICLE   13    : Le secr\u00e9taire g\u00e9n\u00e9ral de la pr\u00e9fecture et la sous-pr\u00e9f\u00e8te de l'arrondissement de  \nDraguignan sont charg\u00e9s, cha cun en ce qui le concerne, de l'ex\u00e9cution du pr\u00e9sent arr\u00eat\u00e9 qui  \nsera publi\u00e9 au recueil des actes administratifs de la pr\u00e9fecture du Var.\nFait \u00e0 Toulon, le 7 novembre 2024\nLe Pr\u00e9fet du Var\nSign\u00e9\nPhilippe MAH\u00c9 \n7/7Pr\u00e9fecture du VAR - 83-2024-11-07-00001 - ARR\u00caT\u00c9 PR\u00c9FECTORAL n\u00b02024/42 /MCI du 7 novembre 2024 portant d\u00e9l\u00e9gation de\nsignature \u00e0 Mme Myriam GARCIA, sous-pr\u00e9f\u00e8te de l'arrondissement de DRAGUIGNAN 36\nPr\u00e9fecture du VAR\n83-2024-11-06-00001\nConvention de subd\u00e9l\u00e9gation de gestion en\nmati\u00e8re de cartes nationales d'identit\u00e9 et de\npasseports -Toulon / St Etienne\nPr\u00e9fecture du VAR - 83-2024-11-06-00001 - Convention de subd\u00e9l\u00e9gation de gestion en mati\u00e8re de cartes nationales d'identit\u00e9 et de\npasseports -Toulon / St Etienne 37\nCONVENTION DE SUBD\u00c9L\u00c9GATION DE GESTION \nEN MATI\u00c8RE DE CARTES NATIONALES D'IDENTIT\u00c9 ET DE PA SSEPORTS\nLa pr\u00e9sente d\u00e9l\u00e9gation est conclue en application d u d\u00e9cret n\u00b02004-1085 du 14 octobre 2004\nmodifi\u00e9  relatif  \u00e0 la d\u00e9l\u00e9gation de  gestion dans les service s de l'Etat et dans le  cadre des\nd\u00e9crets  :\n-  n\u00b0  2016-1460  du  28  octobre  2016  autorisant  la  cr\u00e9 ation  d'un  traitement  de  donn\u00e9es  \u00e0\ncaract\u00e8re personnel relatif aux passeports et aux c artes nationales d'identit\u00e9  ;\n- n\u00b02005-1726 du 30 d\u00e9cembre 2005 relatif aux passe ports  ; \n- n\u00b055-1397 du 22 octobre 1955 instituant la carte nationale d'identit\u00e9, fixant les conditions\nd'\u00e9tablissement et de d\u00e9livrance des cartes nationa les d'identit\u00e9 et des passeports.\nEntre le pr\u00e9fet du d\u00e9partement du Var, d\u00e9sign\u00e9 sous  le terme de \u00ab  d\u00e9l\u00e9gant  \u00bb, d'une part, \net \nLe pr\u00e9fet du d\u00e9partement de la Loire, d\u00e9sign\u00e9 sous le terme de \u00ab  d\u00e9l\u00e9gataire  \u00bb, d'autre part.\nIl est convenu ce qui suit :\nArticle 1er : Objet de la d\u00e9l\u00e9gation\nEn cas de difficult\u00e9s momentan\u00e9es de fonctionnement  du CERT d\u00e9l\u00e9gant, le CERT d\u00e9l\u00e9gataire\nassure, \u00e0 titre temporaire et compl\u00e9mentaire, en so utien du CERT d\u00e9l\u00e9gant, l'instruction et la\nvalidation des demandes relevant du p\u00e9rim\u00e8tre de ce  dernier.\nArticle 2: Prestations accomplies par le d\u00e9l\u00e9gatair e \nLe d\u00e9l\u00e9gataire assure pour le compte du d\u00e9l\u00e9gant le s actes suivants  :\nIl instruit les demandes de cartes nationales d'ide ntit\u00e9 et de passeports de niveau 1 du\nstock du CERT d\u00e9l\u00e9gant auquel il acc\u00e8de en mode d\u00e9m at\u00e9rialis\u00e9,\nSelon les cas, il valide et donne l'ordre de produc tion de ces titres ou proc\u00e8de \u00e0 un\nclassement de la demande en niveau 2 pour retour au  CERT d\u00e9l\u00e9gant.\nLe d\u00e9tail des modes op\u00e9ratoires applicables en fonc tion des cas d'usage est pr\u00e9cis\u00e9 en annexe\n\u00e0 cette convention.\nArticle 3 : Obligations du d\u00e9l\u00e9gataire\nLe d\u00e9l\u00e9gataire ex\u00e9cute la d\u00e9l\u00e9gation dans les condi tions et les limites fix\u00e9es par le pr\u00e9sent\ndocument et son annexe et accept\u00e9es par lui.\nLe d\u00e9l\u00e9gataire s'engage  :\n- \u00e0  employer  les  renforts  en  personnels  recrut\u00e9s  \u00e0  l'instruction  des  demandes  de  cartes\nnationales d'identit\u00e9 et de passeports de niveau 1 du stock du CERT d\u00e9l\u00e9gant auquel il acc\u00e8de\nen mode d\u00e9mat\u00e9rialis\u00e9.\n1/2Pr\u00e9fecture du VAR - 83-2024-11-06-00001 - Convention de subd\u00e9l\u00e9gation de gestion en mati\u00e8re de cartes nationales d'identit\u00e9 et de\npasseports -Toulon / St Etienne 38\n- \u00e0 assurer les prestations qui rel\u00e8vent de ses att ributions, sous r\u00e9serve d'\u00eatre en capacit\u00e9\nd'assurer simultan\u00e9ment la bonne ex\u00e9cution de ses m issions propres,\n- \u00e0 rendre compte r\u00e9guli\u00e8rement au d\u00e9l\u00e9gant de son activit\u00e9.\nIl s'engage \u00e0 fournir au d\u00e9l\u00e9gant les informations demand\u00e9es et \u00e0 l'avertir sans d\u00e9lai en cas de\ndifficult\u00e9s.\nArticle 4  : Obligations du d\u00e9l\u00e9gant\nLe  d\u00e9l\u00e9gant  s'engage  \u00e0  fournir,  en  temps  utile,  tou s  les  \u00e9l\u00e9ments  d'information  dont  le\nd\u00e9l\u00e9gataire a besoin pour l'exercice de sa mission.\nArticle 5  : Dur\u00e9e, reconduction et r\u00e9siliation du document\nCette convention prend effet \u00e0 compter de sa public ation au recueil des actes administratifs\ndes pr\u00e9fectures des d\u00e9partements.\nElle est \u00e9tablie pour une dur\u00e9e d'un mois renouvela ble sous r\u00e9serve de l'analyse de la situation\ndu CERT de Toulon et jusqu'au 31 d\u00e9cembre 2024 au p lus tard.\nFait le 06/11/2024\nLe pr\u00e9fet du d\u00e9partement du Var, Le pr\u00e9fet du d\u00e9part ement de la Loire\nsign\u00e9 sign\u00e9\nPhilippe MAH\u00c9 Alexandre ROCHATTE\n2/2Pr\u00e9fecture du VAR - 83-2024-11-06-00001 - Convention de subd\u00e9l\u00e9gation de gestion en mati\u00e8re de cartes nationales d'identit\u00e9 et de\npasseports -Toulon / St Etienne 39\n \nAnnexe \u00e0 la convention de subd\u00e9l\u00e9gation de gestion \n  \nLe CERT aidant viendra en soutien du CERT aid\u00e9 pour  apurer son stock, sur une p\u00e9riode de \ntemps d\u00e9termin\u00e9e et renouvelable, de la date de sa publication jusqu'au 31 d\u00e9cembre 2024 au \nplus tard, et sur la base d'habilitations individue lles d'agents du CERT aidant \u00e0 venir puiser dans \nle stock du CERT aid\u00e9. Cette op\u00e9ration n\u00e9cessitera pour ce faire l'intervention pr\u00e9alable de \nFrance Titres qui proc\u00e8de aux habilitations techniq ues.  \nAfin de circonscrire tout risque, de ne pas complex ifier les organisations (vis-\u00e0-vis des mairies \net des usagers notamment) et de fluidifier les proc \u00e9dures, le mode op\u00e9ratoire devra \u00eatre le \nsuivant :  \n1 \u2013 Les demandes class\u00e9es par TES en niveau 2 d'instruction  demeurent trait\u00e9es par le CERT \naid\u00e9.  \n2 \u2013 Les demandes n\u00e9cessitant un recueil compl\u00e9mentaire simple , \u00e0 savoir l'une des pi\u00e8ces \nlimitativement \u00e9num\u00e9r\u00e9es ci-apr\u00e8s peuvent \u00eatre trait\u00e9es par le CERT aidant:  \n\u2022 Justificatif de domicile manquant ou non conforme ( hors demande relative aux enfants \nmineurs) ; \n\u2022 Attestation de refus de conservation des empreintes  (si la case \u00ab refus de conservation \ndes empreintes \u00bb a \u00e9t\u00e9 coch\u00e9e dans le CERFA mais que le formulaire  correspondant est \nmanquant).  \n3 \u2013 Les demandes comportant des indices pouvant laissan t soup\u00e7onner une fraude ou \nn\u00e9cessitant une audition de l'usager mais ne relevant pas du niveau 2 automatique sont t rait\u00e9es \npar le CERT aid\u00e9.  \nIl s'agit par exemple des cas suivants : suspicion de fraude documentaire, suspicion \nd'usurpation d'identit\u00e9, suspicion de reconnaissanc e frauduleuse de paternit\u00e9, doute sur la \nqualit\u00e9 de repr\u00e9sentant l\u00e9gal, d\u00e9livrance r\u00e9p\u00e9t\u00e9e d e titre, doute sur la nationalit\u00e9.  \nSi un agent du CERT aidant, apr\u00e8s instruction, soup \u00e7onne une fraude ou estime que l'audition \ndu demandeur est n\u00e9cessaire, il passe la demande en  niveau 2. Elle sera trait\u00e9e par le CERT \naid\u00e9.  \n4 \u2013 Si l'instruction conduit \u00e0 envisager une d\u00e9cision d e refus , l'agent du CERT aidant passe la \ndemande en question en niveau 2 et informe le CERT aid\u00e9 des r\u00e9sultats de l'instruction. Elle \nsera trait\u00e9e par le CERT aid\u00e9.  \n \nPr\u00e9fecture du VAR - 83-2024-11-06-00001 - Convention de subd\u00e9l\u00e9gation de gestion en mati\u00e8re de cartes nationales d'identit\u00e9 et de\npasseports -Toulon / St Etienne 40","date":"2024-11-07","first_seen_on":"2024-11-07T17:57:53+00:00","id":"74cbbadb0518078f22e022312c4958ddfc022242ea9d0394cf66678d1fc0e348","name":"RAA N\u00b0315 du 7 novembre 2024","pdf_creation_date":"2024-11-07T15:32:17+00:00","pdf_modification_date":null,"timezone":"Europe/Paris","url":"https://www.var.gouv.fr/contenu/telechargement/37045/245074/file/RAA%20N%C2%B0315%20du%207%20novembre%202024.pdf"}
