{"administration":"prefidf","administration_name":"Pr\u00e9fecture de la r\u00e9gion \u00cele-de-France","content":"PREFECTURE\nREGION ILE DE\nFRANCE\nRECUEIL DES ACTES\nADMINISTRATIFS SP\u00c9CIAL\n(NOMINATIFS)\nN\u00b0IDF-040-2025-11\nPUBLI\u00c9 LE 24 NOVEMBRE 2025\nSommaire\nDirection r\u00e9gionale et interd\u00e9partementale de l'\u00e9conomie, de l'emploi,\ndu travail et des solidarit\u00e9s d'\u00cele-de-France / P\u00f4le Politique du travail\nIDF-2025-11-21-00005 - D\u00e9cision n\u00b0 2025-236 du 21 novembre\n2025\nportant affectation des agents de contr\u00f4le dans les unit\u00e9s de\ncontr\u00f4le et gestion des int\u00e9rims au sein de la direction\nd\u00e9partementale de l'emploi, du travail et des solidarit\u00e9s des\nYvelines\n (3 pages) Page 3\n2\nDirection r\u00e9gionale et interd\u00e9partementale de\nl'\u00e9conomie, de l'emploi, du travail et des\nsolidarit\u00e9s d'\u00cele-de-France\nIDF-2025-11-21-00005\nD\u00e9cision n\u00b0 2025-236 du 21 novembre 2025\nportant affectation des agents de contr\u00f4le dans\nles unit\u00e9s de contr\u00f4le et gestion des int\u00e9rims au\nsein de la direction d\u00e9partementale de l'emploi,\ndu travail et des solidarit\u00e9s des Yvelines\nDirection r\u00e9gionale et interd\u00e9partementale de l'\u00e9conomie, de l'emploi, du travail et des solidarit\u00e9s d'\u00cele-de-France -\nIDF-2025-11-21-00005 - D\u00e9cision n\u00b0 2025-236 du 21 novembre 2025\nportant affectation des agents de contr\u00f4le dans les unit\u00e9s de contr\u00f4le et gestion des int\u00e9rims au sein de la direction d\u00e9partementale\nde l'emploi, du travail et des solidarit\u00e9s des Yvelines\n3\nEMINIST\u00c8REDU TRAVAILET DES SOLIDARIT\u00c9SLibert\u00e9Egalit\u00e9Fraternit\u00e9\n \nDRIEETS Ile-de-France  \n32 rue Jean Jaur\u00e8s  \n93 200 SAINT-DENIS                                                                                                                                                                                                1/3 \n \n \n \nDirection r\u00e9gionale et interd\u00e9partementale \nde l'\u00e9conomie, de l'emploi, \ndu travail et des solidarit\u00e9s \nd'Ile-de-France \n \n \n \nD\u00e9cision n\u00b0 2025-236 du 21 novembre 2025 \nportant affectation des agents de contr\u00f4le dans les unit\u00e9s de contr\u00f4le et gestion des int\u00e9rims  \nau sein de la direction d\u00e9partementale de l'emploi, du travail et des solidarit\u00e9s des Yvelines  \n \n \nLe directeur r\u00e9gional et interd\u00e9partemental de l'\u00e9conomie, de l'emploi, du travail et des solidarit\u00e9s de la \nr\u00e9gion \u00cele-de-France,  \n \nVu le code du travail, notamment ses articles R. 8122-1 et suivants,  \n \nVu le d\u00e9cret n\u00b0 2020 -1545 du 9 d\u00e9cembre 2020 relatif \u00e0 l'organisation et aux missions des directions \nr\u00e9gionales de l'\u00e9conomie, de l'emploi, du travail et des solidarit\u00e9s, des directions d\u00e9partementales de \nl'emploi, du travail et des solidarit\u00e9s et des directi ons d\u00e9partementales de l'emploi, du travail, des \nsolidarit\u00e9s et de la protection des populations, \n \nVu l'arr\u00eat\u00e9 interminist\u00e9riel du 12 ao\u00fbt 2025 nommant Fabrice MASI directeur r\u00e9gional et \ninterd\u00e9partemental de l'\u00e9conomie, de l'emploi, du travail et des solidarit\u00e9s d'\u00cele -de-France, \u00e0 compter du \n25 ao\u00fbt 2025, \n \nVu l'arr\u00eat\u00e9 minist\u00e9riel du 25 mars 2024 portant r\u00e9partition des unit\u00e9s de contr\u00f4le de l'inspection du travail,  \n \nVu la d\u00e9cision n\u00b0 2025-046 du 28 mars 2025 du directeur r\u00e9gional et interd\u00e9partemental de l'\u00e9conomie, de \nl'emploi, du travail et des solidarit\u00e9s d'Ile-de-France relative \u00e0 la localisation et \u00e0 la d\u00e9limitation des unit\u00e9s \nde contr\u00f4le et des sections d'inspecti on du travail de la direction d\u00e9partementale de l'emploi, du travail \net des solidarit\u00e9s des Yvelines, \n \nD\u00c9CIDE \n \nArticle 1  : Sont nomm\u00e9s responsables d'unit\u00e9s de contr\u00f4le d'inspection du travail de la direction \nd\u00e9partementale de l'emploi, du travail et des solidarit\u00e9s des Yvelines les agents suivants : \n\u2022 Unit\u00e9 de contr\u00f4le n\u00b01 : Madame Agn\u00e8s DAVID, Directrice Adjointe du Travail ;  \n\u2022 Unit\u00e9 de contr\u00f4le n\u00b02 : Monsieur Jacques POM, Directeur Adjoint du Travail ; \n\u2022 Unit\u00e9 de contr\u00f4le n\u00b03 : Madame Laila EL-MAAKOUL, Directrice Adjointe du Travail ;   \n\u2022 Unit\u00e9 de contr\u00f4le n\u00b04 : poste vacant, l'int\u00e9rim est assur\u00e9 par Madame Laila EL -MAAKOUL, Directrice \nAdjointe du Travail. \n \nArticle 2 : Sans pr\u00e9judice des dispositions de l'article R. 8122-10 1\u00b0 du code du travail et conform\u00e9ment aux \ndispositions de l'article R. 8122-11 du code du travail, sont affect\u00e9s dans les sections d'inspection du travail \nde la direction d\u00e9partementale de l'emploi, du travail et des solidarit\u00e9s des Yvelines les agents suivants :  \n \n1. Unit\u00e9 de contr\u00f4le n\u00b01 : \n\u2022 Section 1 : Madame Evelle SIROT, Inspectrice du Travail ; \n\u2022 Section 2 : Madame Annie ANGER, Inspectrice du Travail ; \n\u2022 Section 3 : Madame Sandrine BERTINO, Inspectrice du Travail ; \n\u2022 Section 4 : Madame Marie-Michelle ALGAIN, Inspectrice du Travail ; \nDirection r\u00e9gionale et interd\u00e9partementale de l'\u00e9conomie, de l'emploi, du travail et des solidarit\u00e9s d'\u00cele-de-France -\nIDF-2025-11-21-00005 - D\u00e9cision n\u00b0 2025-236 du 21 novembre 2025\nportant affectation des agents de contr\u00f4le dans les unit\u00e9s de contr\u00f4le et gestion des int\u00e9rims au sein de la direction d\u00e9partementale\nde l'emploi, du travail et des solidarit\u00e9s des Yvelines\n4\n2/3 \n \n \n \n\u2022 Section 5 : Madame Anne-Laure MERELLE, Inspectrice du Travail ;  \n\u2022 Section 6 : Madame Nolwenn MAUROT, Inspectrice du Travail, et Madame Agn\u00e8s DAVID, Directrice \nAdjointe du Travail pour l'\u00e9tablissement STANNIS, sis 1 IMPASSE CHARLES TELLIER 78520 Limay ;  \n\u2022 Section 7 : Madame Nathalie DE CARVALHO, Inspectrice du Travail ; \n\u2022 Section 8 : section vacante, l'int\u00e9rim est assur\u00e9 par : \n\u25aa Madame Sandrine BERTINO, Inspectrice du Travail, sur la commune d'Ach\u00e8res \n\u25aa Madame Agn\u00e8s DAVID, Directrice Adjointe du Travail, sur la commune d'Andr\u00e9sy \n\u25aa Madame Nathalie DE CARVALHO, Inspectrice du Travail, sur la commune de Poissy ; \n\u2022 Section 9 : Madame Ana\u00efs FERKELI, Inspectrice du Travail ; \n\u2022 Section 10 : Madame Capucine GAMBA, Inspectrice du Travail ; \n\u2022 Section 11 : Madame Lucie TELBOIS, Inspectrice du Travail ; \n \n2. Unit\u00e9 de contr\u00f4le n\u00b02 : \n\u2022 Section 1 : Monsieur Florian TABUTEAU, Inspecteur du travail ; \n\u25aa Section 2 : section vacante ; l'int\u00e9rim est assur\u00e9 par Monsieur Frank GALEA, Inspecteur du Travail ; \n\u2022 Section 3 : Madame Catherine PAGAN, Inspectrice du travail ;  \n\u2022 Section 4 : Madame Aurore GIRARD-WASKIW, Inspectrice du Travail ; \n\u2022 Section 5 : Monsieur Frank GALEA, Inspecteur du Travail ; \n\u2022 Section 6 : Madame Karine TURQUER, Inspectrice du Travail ; \n\u2022 Section 7 : Madame Estelle GIAPPESI SEHEDIC, Inspectrice du Travail ; \n\u2022 Section 8 : Monsieur El Hadji Alce SECK, Inspecteur du Travail ;  \n \n3. Unit\u00e9 de contr\u00f4le n\u00b03 : \n\u2022 Section 1 : Madame Chlo\u00e9 MARIE, Inspectrice du Travail ;  \n\u2022 Section 2 : Madame Nabila GUENDOUZ, Inspectrice du Travail ; \n\u2022 Section 3 : Monsieur Ronel CHOUT, Inspecteur du Travail ; \n\u2022 Section 4 : Madame Catherine BOUGIE, Directrice Adjointe du Travail (\u00e0 l'exception des chantiers du \nBTP) ; \nMadame Christine COLLON, Inspectrice du Travail, pour toute activit\u00e9 exerc\u00e9e sur l'emprise d'un \nchantier du BTP ; \n\u2022 Section 5 : Madame Christine COLLON, Inspectrice du Travail ; \n\u2022 Section 6 : Monsieur Sylvain QUEVAL, Inspecteur du Travail ;  \n\u2022 Section 7 : Monsieur Guillaume LETERREUX, Inspecteur du Travail ; \n\u2022 Section 8 : Madame Marina BARBIER, Inspectrice du Travail ; \n\u2022 Section 9 : Madame Virginie PETIT, Inspectrice du Travail ; \n \n4. Unit\u00e9 de contr\u00f4le n\u00b04 : \n\u2022 Section 1 : Monsieur Adrien LECOMPERE, Inspecteur du Travail ; \n\u25aa Section 2 : Monsieur S\u00e9bastien DECROIX, Inspecteur du Travail ; \n\u25aa Section 3 : Madame Brigitte BENOIT, Contr\u00f4leur du Travail ; \nMadame Isabelle GAULTIER, Inspectrice du Travail, est habilit\u00e9e \u00e0 prendre les d\u00e9cisions relevant de \nla comp\u00e9tence exclusive de l'Inspecteur du Travail en vertu de dispositions l\u00e9gislatives ou \nr\u00e9glementaires ; \n\u2022 Section 4 : Monsieur Said HAMDI, Inspecteur du Travail ; \n\u2022 Section 5 : Monsieur Amine BELKIRI, Inspecteur du Travail ;  \n\u2022 Section 6 : Monsieur Hugues POULAIN, Inspecteur du Travail ; \n\u2022 Section 7 : Madame Isabelle GAULTIER, Inspectrice du Travail ; \n\u2022 Section 8 : Madame Camille AHOUANTO, Inspectrice du Travail ; \n\u2022 Section 9 : Madame Armelle COLLIGNON, Inspectrice du Travail ; \n\u2022 Section 10  : section vacante, l'int\u00e9rim est assur\u00e9 par Monsieur Hugues POULAIN, Inspecteur du \nTravail ; \n \n \n \nDirection r\u00e9gionale et interd\u00e9partementale de l'\u00e9conomie, de l'emploi, du travail et des solidarit\u00e9s d'\u00cele-de-France -\nIDF-2025-11-21-00005 - D\u00e9cision n\u00b0 2025-236 du 21 novembre 2025\nportant affectation des agents de contr\u00f4le dans les unit\u00e9s de contr\u00f4le et gestion des int\u00e9rims au sein de la direction d\u00e9partementale\nde l'emploi, du travail et des solidarit\u00e9s des Yvelines\n5\n3/3 \n \n \n \nArticle 3 : En cas d'absence ou d'emp\u00eachement d'un ou plusieurs agents de contr\u00f4le d\u00e9sign\u00e9s \u00e0 l'article 2 \nci-dessus, l'int\u00e9rim est organis\u00e9 selon les modalit\u00e9s ci-apr\u00e8s :  \n\u2022 Unit\u00e9 de contr\u00f4le n\u00b01 : \n- Int\u00e9rim des Inspecteurs du Travail :  \nL'int\u00e9rim d'un Inspecteur du Travail de l'unit\u00e9 de contr\u00f4le n\u00b01 absent ou emp\u00each\u00e9 peut \u00eatre assur\u00e9 par un \nautre inspecteur de l'unit\u00e9 de contr\u00f4le n\u00b01 ou \u00e0 d\u00e9faut par le responsable de l'unit\u00e9 de contr\u00f4le de l'UC1 \net le cas \u00e9ch\u00e9ant par un contr\u00f4leur de l'un it\u00e9 de contr\u00f4le n\u00b01 pour les \u00e9tablissements de moins de 50 \nsalari\u00e9s. \n- Int\u00e9rim des Contr\u00f4leurs du Travail :  \nL'int\u00e9rim d'un Contr\u00f4leur du Travail de l'unit\u00e9 de contr\u00f4le n\u00b01 absent ou emp\u00each\u00e9 sera assur\u00e9 par un autre \ncontr\u00f4leur de l'unit\u00e9 de contr\u00f4le n\u00b01 et le cas \u00e9ch\u00e9ant par un inspecteur de l'unit\u00e9 de contr\u00f4le n\u00b01.  \n\u2022 Unit\u00e9 de contr\u00f4le n\u00b0 2, 3 et 4 : \n- Int\u00e9rim des Inspecteurs du Travail :  \nL'int\u00e9rim d'un Inspecteur du Travail des unit\u00e9s de contr\u00f4le 2, 3 ou 4 , absent ou emp\u00each\u00e9 , sera \nprioritairement assur\u00e9 par un autre inspecteur de la m\u00eame unit\u00e9 de contr\u00f4le, \u00e0 d\u00e9faut par un inspecteur \nde l'une des deux autres unit\u00e9s de contr\u00f4le ou par l'un des responsables des unit\u00e9s de contr\u00f4le des UC 2, \nUC3 ou UC4 et le cas \u00e9ch\u00e9ant par un Cont r\u00f4leur du Travail de la m\u00eame unit\u00e9 de contr\u00f4le ou de l'une des \ndeux autres unit\u00e9s de contr\u00f4le pour les \u00e9tablissements de moins de 50 salari\u00e9s.  \n- Int\u00e9rim des Contr\u00f4leurs du Travail :  \nL'int\u00e9rim d'un Contr\u00f4leur du Travail des unit\u00e9s de contr\u00f4le 2 , 3 ou 4 , absent ou emp\u00each\u00e9 , sera \nprioritairement assur\u00e9 par un autre contr\u00f4leur de la m\u00eame unit\u00e9 de contr\u00f4le, \u00e0 d\u00e9faut par un contr\u00f4leur \nde l'une des deux autres unit\u00e9s de contr\u00f4le et le cas \u00e9ch\u00e9ant par un Inspecteur du Travail de la m\u00eame unit\u00e9 \nde contr\u00f4le ou de l'une des deux autres unit\u00e9s de contr\u00f4le. \n \nArticle 4 :  En cas d'absence ou d'emp\u00eachement d'un des responsables d'unit\u00e9 de contr\u00f4le d\u00e9sign\u00e9s aux \narticles 1 et 2 ci-dessus, l'int\u00e9rim sera assur\u00e9 par l'un des trois autres responsables d'Unit\u00e9 de Contr\u00f4le de \nla direction d\u00e9partementale de l'emploi du travail et des solidarit\u00e9s des Yvelines. \n \nArticle 5 : La pr\u00e9sente d\u00e9cision prend effet le 9 d\u00e9cembre 2025 et abroge la d \u00e9cision n\u00b0 2025-176 du 03 \nseptembre 2025  portant affectation des agents de contr\u00f4le dans les unit\u00e9s de contr\u00f4le et gestion des \nint\u00e9rims de la direction d\u00e9partementale de l'emploi, du travail et des solidarit\u00e9s des Yvelines.  \n \nArticle 6  : Le directeur r\u00e9gional et interd\u00e9partemental de l'\u00e9conomie, de l'emploi, du travail et des \nsolidarit\u00e9s d'Ile-de-France est charg\u00e9 de l'application de la pr\u00e9sente d\u00e9cision, qui sera publi\u00e9e au recueil \ndes actes administratifs de la r\u00e9gion Ile-de-France. \n \n \n \nFait \u00e0 Saint-Denis, le 21 novembre 2025 \nLe directeur r\u00e9gional et interd\u00e9partemental de l'\u00e9conomie, de \nl'emploi, du travail et des solidarit\u00e9s,  \n \n \nSIGNE \n \nFabrice MASI \nDirection r\u00e9gionale et interd\u00e9partementale de l'\u00e9conomie, de l'emploi, du travail et des solidarit\u00e9s d'\u00cele-de-France -\nIDF-2025-11-21-00005 - D\u00e9cision n\u00b0 2025-236 du 21 novembre 2025\nportant affectation des agents de contr\u00f4le dans les unit\u00e9s de contr\u00f4le et gestion des int\u00e9rims au sein de la direction d\u00e9partementale\nde l'emploi, du travail et des solidarit\u00e9s des Yvelines\n6","date":"2025-11-24","first_seen_on":"2025-11-24T17:59:34+00:00","id":"74fac4a3ee471d93561952c482169e034ed21bde26f23b3b1e6c8132f4a8f33d","name":"recueil-idf-040-2025-11-RAA-nominatifs du 24.11.2025","pdf_creation_date":"2025-11-24T15:44:03+00:00","pdf_modification_date":null,"timezone":"Europe/Paris","url":"https://www.prefectures-regions.gouv.fr/ile-de-france/irecontenu/telechargement/132919/975118/file/recueil-idf-040-2025-11-RAA-nominatifs%20du%2024.11.2025.pdf"}
