{"administration":"pref92","administration_name":"Pr\u00e9fecture des Hauts-de-Seine","content":"PREFETDES HAUTS-DE-SEINELibert\u00e9Egalit\u00e9Fraternit\u00e9\nRECUEILDES\nACTES ADMINISTRATIFS\nPR\u00c9FECTURE DE LA R\u00c9GIOND'\u00ceLE-DE-FRANCE\nSecr\u00e9tariat g\u00e9n\u00e9ral aux politiques publiquesDirection des affaires juridiques\nN\u00b0 Sp\u00e9cial 26 d\u00e9cembre 2025\n1\n\nPREFET DES HAUTS-DE-SEINE\nRECUEIL DES ACTES ADMINISTRATIFS\nN\u00b0 Sp\u00e9cial PREFECTURE DE LA REGION D'\u00cele-de-Francedu 26 d\u00e9cembre 2025\nSOMMAIRE\nPREFECTURE DE LA REGIONArr\u00eat\u00e9 Date D'ILE-DE-FRANCE PageArr\u00eat\u00e9 portant adh\u00e9sion au Syndicat deseaux d'\u00cele-de-France (SEDIF) de laArr\u00eat\u00e9 inter- s qd' srati is-24.12.2025 communaut\u00e9 d'agglom\u00e9ration Paris-Saclay 3pr\u00e9fectoralpour les communes de Saclay (91) etVauhallan (91) au titre de la comp\u00e9tence\u00abeau potable\u00bb\n\n| nPREFET |DE LA REGIOND'\u00ceLE-DE-FRANCELibert\u00e9\u00c9galit\u00e9 Secr\u00e9tariat g\u00e9n\u00e9ral aux politiques publiquesFraternit\u00e9 . . . . le geDirection des affaires juridiques\n| Arr\u00eat\u00e9 interpr\u00e9fectoralportant adh\u00e9sion au Syndicat des eaux d'Ile-de-France (SEDIF) de la communaut\u00e9 d'agglom\u00e9rationParis-Saclay pour les communes de Saclay (91) et Vauhallan (91) au titre de la comp\u00e9tence \u00ab eaupotable \u00bb\nLE PR\u00c9FET DE LA REGION D'\u00ceLE-DE-FRANCEPREFET DE PARIS,Grand officier de la L\u00e9gion d'HonneurOfficier de l'Ordre National du M\u00e9riteLE PREFET DE SEINE-ET-MARNE,Chevalier de la L\u00e9gion d'HonneurOfficier de l'Ordre National du M\u00e9riteLE PR\u00c9FET DES YVELINES,Chevalier de la L\u00e9gion d'HonneurChevalier de l'Ordre National du M\u00e9riteLA PREFETE DE L'ESSONNE,LE PR\u00c9FET DES HAUTS-DE-SEINE,LE PR\u00c9FET DE LA SEINE-SAINT-DENIS,Chevalier de la L\u00e9gion d'HonneurChevalier de Ordre National du M\u00e9riteLE PR\u00c9FET DU VAL-DE-MARNE,LE PR\u00c9FET DU VAL-D'OISE,Chevalier de la L\u00e9gion d'honneurChevalier de l'Ordre National du M\u00e9rite\nVu le code g\u00e9n\u00e9ral des collectivit\u00e9s territoriales (CGCT), notamment ses articles L. 5211-18, L. 5211-61,L. 5216-5 et L. 5711-1 ;Vu l'arr\u00eat\u00e9 pr\u00e9fectoral du 23 d\u00e9cembre 1922 autorisant la cr\u00e9ation du Syndicat des Communes de la Banlieuede Paris pour les eaux ;Vu l'arr\u00eat\u00e9 interpr\u00e9fectoral du 8 avril 1988 autorisant la modification de la d\u00e9nomination du Syndicat descommunes de la Banlieue de Paris pour les Eaux en Syndicat des Eaux d'\u00cele-de-France (\u00ab SEDIF \u00bb) ;Vu l'arr\u00eat\u00e9 interpr\u00e9fectoral n\u00b0 2002-150-1 du 30 mai 2002 autorisant les modifications statutaires transformant leSEDIF en syndicat mixte ;Vu l'article 9 des statuts du Syndicat des Eaux d'\u00cele-de-France relatif \u00e0 l'adh\u00e9sion de nouveaux membres ;Vu la d\u00e9lib\u00e9ration n\u00b0 2025-105 du 9 avril 2025 du conseil communautaire de la communaut\u00e9 d'agglom\u00e9ration deParis-Saclay approuvant l'adh\u00e9sion au SEDIF des communes de Saclay et de Vauhallan au titre de lacomp\u00e9tence \u00ab eau potable\u00bb ;Vu la d\u00e9lib\u00e9ration n\u00b0 CS2025-17 du 19 juin 2025 du comit\u00e9 syndical du SEDIF approuvant la demanded'adh\u00e9sion de la communaut\u00e9 d'agglom\u00e9ration Paris-Saclay pour le territoire des communes de Saclay etVauhallan ;\n\nVu la lettre de notification du pr\u00e9sident du SEDIF en date du 30juin 2025 adress\u00e9e aux membres du SEDIF parlettre recommand\u00e9e avec accus\u00e9 de r\u00e9ception, ainsi que les avis de r\u00e9ception aff\u00e9rents;Vu la d\u00e9lib\u00e9ration n\u00b0 2025/042 du 25 septembre 2025 du conseil municipal de la commune d'Auvers-sur-Oiseapprouvant l'adh\u00e9sion au SEDIF de la communaut\u00e9 d'agglom\u00e9ration Paris-Saclay pour le territoire descommunes de Saclay et Vauhallan au titre de la comp\u00e9tence \u00ab eau poiable \u00bb ;Vu la d\u00e9lib\u00e9ration n\u00b0 2025-33 du 25 septembre 2025 du conseil municipal de la commune de M\u00e9riel approuvantadh\u00e9sion au SEDIF de la communaut\u00e9 d'agglom\u00e9ration Paris-Saclay pour le territoire des communes deSaclay et Vauhallan au titre de la comp\u00e9tence \u00ab eau potable \u00bb ;Vu la d\u00e9lib\u00e9ration n\u00b0 2025/S05/002 du 25 septembre 2025 du conseil de territoire de l'\u00e9tablissement publicterritorial Boucle Nord de Seine approuvant l'adh\u00e9sion au SEDIF de la communaut\u00e9 d'agglom\u00e9rationParis-Saclay pour le territoire des communes de Saclay et Vauhallan au titre de la comp\u00e9tence \u00ab eau potable \u00bb ;Vu la d\u00e9lib\u00e9ration n\u00b0 CT2025/058 du 30 septembre 2025 du conseil de territoire de l'\u00e9tablissement publicterritorial Vall\u00e9e Sud Grand Paris approuvant l'adh\u00e9sion au SEDIF de la communaut\u00e9 d'agglom\u00e9rationParis-Saclay pour le territoire des communes de Saclay et Vauhallan au titre de la comp\u00e9tence \u00ab eau potable \u00bb ;Consid\u00e9rant que les conseils municipaux des communes de B\u00e9themont-la-For\u00eat, Butry-sur-Oise, Chauvry,M\u00e9ry-sur-Oise, Valmondois, Villiers-Adam, que les conseils de territoire des \u00e9tablissements publics Grand ParisSeine Ouest, Paris Ouest la D\u00e9fense, Plaine Commune, Paris Terres d'Envol, Grand Paris Grand Est,Paris-Est-Marne et Bois, Grand Paris Sud Est Avenir et Grand Orly Seine Bi\u00e8vre, ainsi que les conseilscommunautaires des communaut\u00e9s d'agglom\u00e9ration de Plaine Vall\u00e9e, du Val Parisis, de Saint-Germain bouclesde Seine, de Versailles Grand Parc, de Paris Vall\u00e9e de la Marne, ge Roissy Pays de France et de Melun Val deSeine n'ont pas d\u00e9lib\u00e9r\u00e9 dans le d\u00e9lai de trois mois pr\u00e9vu par le 5\u00b0\"\u00b0 alin\u00e9a du | de l'article L. 5211-18 du CGCT,applicable aux syndicats mixtes ferm\u00e9s par renvoi du 1\u00b0 alin\u00e9a de l'article L. 5711-1 du m\u00eame code, et que leurd\u00e9cision est r\u00e9put\u00e9e favorable en application de ces m\u00eames dispositions ;\nARR\u00caTENT :Article 1% : La communaut\u00e9 d'agglom\u00e9ration Paris-Saclay est autoris\u00e9e \u00e0 adh\u00e9rer au Syndicat des eauxd'\u00cele-de-France (SEDIF) au titre de la comp\u00e9tence \u00ab eau potable \u00bb pour le territoire des communes de Saclay etVauhallan \u00e0 compter du 1TM janvier 2026.Article 2 : La pr\u00e9f\u00e8te, secr\u00e9taire g\u00e9n\u00e9rale aux politiques publiques de la pr\u00e9fecture de la r\u00e9gion d'\u00cele-de-France,pr\u00e9fecture de Paris, ainsi que les secr\u00e9taires g\u00e9n\u00e9raux des pr\u00e9fectures de Seine-et-Marne, des Yvelines, del'Essonne, des Hauts-de-Seine, de la Seine-Saint-Denis, du Val-de-Marne et du Val-d'Oise sont charg\u00e9s del'ex\u00e9cution du pr\u00e9sent arr\u00eat\u00e9 qui sera publi\u00e9 au recueil des actes administratifs de chacune de ces pr\u00e9fectures.\nFait\u00e0 Paris, le 2 3 DEC. 2025\n\neine-et-Marne,Pour le Pf\u00e9fet et par d\u00e9l\u00e9gation,\nLe pr\u00e9fet des Yvelines,\nLa pr\u00e9f\u00e8te de l'Essonne,\nLe pr\u00e9fet des Hauts-de-Seine,\n\nLe pr\u00e9fet de Seine-et-Marne,\nLe pr\u00e9fet des Yvelines,\n| 2 \u00e9l\u00e9gationpour le Pr\u00e9fet et Le = 8Le Pr\u00e9fet dpour l'\u00e9ga\nLa pr\u00e9f\u00e8te de l'Essonne,\nLe pr\u00e9fet des Hauts-de-Seine,\n\nLe pr\u00e9fet de Seine-et-Marne,\nLe pr\u00e9fet des Yvelines,\nLa pr\u00e9f\u00e9te de l'Essonne,Pour la Pr\u00e9f\u00e8te et par d\u00e9l\u00e9gation,Le Secr\u00e9taire G\u00e9n\u00e9ral,\n44\nJo MOUGENOT\nLe pr\u00e9fet des Hauts-de-Seine,\n\nLe pr\u00e9fet de Seine-et-Marne,\nLe pr\u00e9fet des Yvelines,\nLa pr\u00e9f\u00e9te de l'Essonne.\nLe pr\u00e9fet des Hauts-de-Seine,\na\n\nLe pr\u00e9fet de la Seine-Saint-Denis,\ncrant SMPLICIBN\nLe pr\u00e9fet du Val-de-Marne,\nLe pr\u00e9fet du Vai d'Oise,\nConform\u00e9ment \u00e0 l'article R. 421-1 du code de justice adminisirative, le pr\u00e9sent arr\u00eat\u00e9 peut faire Pobjet d'un recourscontentieux devant le tribunal administratif dans le d\u00e9lai de deux mois \u00e0 compter de sa publication. L'arr\u00eat\u00e9 peut \u00e9galementfaire l'objet, dans le d\u00e9lai imparti pour l'introduction d'un recours contentieux, d'un recours gracieux qui interrompt le coursdudit d\u00e9lai. Ce d\u00e9lai courra, de nouveau, \u00e0 compter de Fintervention de la d\u00e9cision (expresse ou implicite) provoqu\u00e9e par lerecours gracieux. ;\n\nLe pr\u00e9fet de la Seine-Saint-Denis,\n/ Le pr\u00e9fet du Val-de-Marne,\nPour fa etpar d\u00e9l\u00e9gationLa l\u00e9galit\u00e9 des chances\n= aOO\nV\u00e9ronique DEPREZ-BOUDIER\nLe pr\u00e9fet du Val d'Oise,\nConform\u00e9ment \u00e0 l'article R. 421-1 du code de justice administrative, le pr\u00e9sent arr\u00eat\u00e9 peut faire l'obist d'un recourscontentieux devant le tribunal administratifdans le d\u00e9lai de deux mois 4 compter de sa publication. L'arr\u00eat\u00e9 peut \u00e9galementfaire l'objet, dans le d\u00e9lai imparti pour l'introduction d'un recours contentieux, d'un recours gracieux qui interrompt le coursdudit d\u00e9lai. Ce d\u00e9lai courra, de nouveau, \u00e0 compter de l'intervention de la d\u00e9cision {expresse ou implicite) provoqu\u00e9e par lerecours gracieux.\n\nLe pr\u00e9fet de la Seine-Saini-Denis,\nLe pr\u00e9fet du Val-de-Marne,\nLe pr\u00e9fet du Val d'Oise,\nPour le pr\u00e9fet,Le secr\u00e9taire g\u00e9n\u00e9ral adjoint\nF\u00e9lix MEYSEN\n'Conform\u00e9ment \u00e0 l'article R. 421-1 du code de justice administrative, le pr\u00e9sent arr\u00eat\u00e9 peut faire l'objet d'un recourscontentieux devant le tribunal administratif dans le d\u00e9lai de deux mois \u00e0 compter de sa publication. L'arr\u00eat\u00e9 peut \u00e9galementfaire l'objet, dans le d\u00e9lai imparti pour l'introduction d'un recours contentieux, d'un recours gracieux qui interrompt le coursdudit d\u00e9lai. Ce d\u00e9lai courra, de nouveau, \u00e0 compter de l'intervention de la d\u00e9cision {expresse ou implicite) provoqu\u00e9e par lerecours gracieux.\n\nRECUEIL DES ACTES ADMINISTRATIFS\nDU\nPREFET DES HAUTS-DE-SEINE\nISSN 0985 - 5955\nPour toute correspondance, s'adresser a:\nPREFET DES HAUTS-DE-SEINE\nSecr\u00e9tariat g\u00e9n\u00e9ralSecr\u00e9tariat g\u00e9n\u00e9ral aux affaires d\u00e9partementales\n167/177, Avenue Joliot Curie92013 NANTERRE CEDEX\nLe recueil des actes administratifs est consultable en ligne sur le site de la pr\u00e9fectureAdresse Internet : http://www.hauts-de-seine.gouv.fr/\nDirecteur de la publication :\nAlexandre BRUGEREPREFET DES HAUTS-DE-SEINE\n12\n\nPREFECTURE DES HAUTS-DE-SEINE167-177, avenue Joliot Curie 92013 NANTERRE CedexCourriel : sgc-courrier@hauts-de-seine.gouv.frStandard : 01.40.97.20.00 T\u00e9l\u00e9copie 01.40.97.25.21Adresse Internet : https://www.hauts-de-seine.gouv.fr/\n13","date":"2025-12-26","first_seen_on":"2025-12-26T15:45:22+00:00","id":"7507a30cc7c033040565d613a778364bf89e1f51ee0ede56f094eb37bb831ec6","name":"2025-12-26 RAA sp\u00e9cial PRIF du 26 d\u00e9cembre 2025","pdf_creation_date":"2025-12-26T10:15:14+00:00","pdf_modification_date":"2025-12-26T10:08:25+00:00","timezone":"Europe/Paris","url":"https://www.hauts-de-seine.gouv.fr/contenu/telechargement/27849/192969/file/2025-12-26%20RAA%20sp%C3%A9cial%20PRIF%20du%2026%20d%C3%A9cembre%202025.pdf"}
