{"administration":"pref69","administration_name":"Pr\u00e9fecture du Rh\u00f4ne","content":"PR\u00c9F\u00c8TE\nDU RH\u00d4NE\nRECUEIL DES ACTES\nADMINISTRATIFS SP\u00c9CIAL\nN\u00b069-2026-043\nPUBLI\u00c9 LE 10 F\u00c9VRIER 2026\nSommaire\n69_Centre Hospitalier Saint Cyr /\n69-2026-02-06-00008 - 7-2026 D\u00e9l\u00e9gation temporaire vacances\nf\u00e9vrier du 11 au 21 F\u00e9vrier 2026 (1 page) Page 3\n69_DDT_Direction d\u00e9partementale des territoires du Rh\u00f4ne /\n69-2026-02-10-00003 - Arr\u00eat\u00e9 pr\u00e9fectoral n\u00b0 DDT -\nSEA_20260210002 du 10 f\u00e9vrier 2026 relatif aux modalit\u00e9s de mise en\noeuvre du fonds d'urgence visant \u00e0 soutenir les exploitations les plus\nfragilis\u00e9es par la diffusion de la dermatose nodulaire contagieuse (11\npages) Page 5\n69-2026-02-10-00001 - Arr\u00eat\u00e9 pr\u00e9fectoral n\u00b0DDT_SENR_2026 C\n9\nrelatif \u00e0 l'agr\u00e9ment n\u00b0 2026-NS-069-0001 d\u00e9livr\u00e9 \u00e0\nl'entreprise ECO CURAGE LYON\npour la r\u00e9alisation\nd'op\u00e9rations de vidange, de transport et d'\u00e9limination des\nmati\u00e8res extraites des installations d'assainissement non collectif (4\npages) Page 17\n69-2026-02-10-00002 - Arr\u00eat\u00e9 pr\u00e9fectoral portant approbation du\ndossier de s\u00e9curit\u00e9 relatif au projet de prolongement de la ligne T6 des\nh\u00f4pitaux Est \u00e0 la Doua (projet T6 Nord) (3 pages) Page 22\n69_HCL_Hospices civils de Lyon / Direction des affaires juridiques\n69-2026-02-06-00009 - D\u00e9cision d'habilitation n\u00b026-16 du 6 f\u00e9vrier\n2026 \u00e0 interroger le registre national automatis\u00e9 des refus de\npr\u00e9l\u00e8vement sur une personne d\u00e9c\u00e9d\u00e9e d'organes, de tissus et\ndes cellules - Hospices civils de Lyon (1 page) Page 26\n69-2026-02-06-00011 - D\u00e9cision de d\u00e9l\u00e9gation de signature n\u00b026-15\ndu 6 f\u00e9vrier 2026 pour la direction des affaires m\u00e9dicales des Hospices\ncivils de Lyon (2 pages) Page 28\n69-2026-02-06-00010 - D\u00e9cision de d\u00e9l\u00e9gation de signature n\u00b026-17\ndu 6 f\u00e9vrier 2026 de d\u00e9claration pr\u00e9alable de transport de corps\navant mise en bi\u00e8re - Hospices civils de Lyon (1 page) Page 31\n69-2026-02-06-00012 - D\u00e9cision n\u00b026-14 du 6 f\u00e9vrier 2026 portant\nd\u00e9signation d'un r\u00e9f\u00e9rent de l'agence fran\u00e7aise anticorruption et\nd\u00e9l\u00e9gation de signature \u00e0 Mme Aur\u00e9lie DOSSIER - Hospices civils de\nLyon (1 page) Page 33\n69_Pr\u00e9f_Pr\u00e9fecture du Rh\u00f4ne / Direction des affaires juridiques et de\nl'administration locale\n69-2026-02-09-00002 - Arr\u00eat\u00e9 pr\u00e9fectoral portant renouvellement des\nmembres des commissions de contr\u00f4le des listes \u00e9lectorales dans les\ncommunes de l'arrondissement de Lyon (11 pages) Page 35\n2\n69_Centre Hospitalier Saint Cyr\n69-2026-02-06-00008\n7-2026 D\u00e9l\u00e9gation temporaire vacances f\u00e9vrier\ndu 11 au 21 F\u00e9vrier 2026\n69_Centre Hospitalier Saint Cyr - 69-2026-02-06-00008 - 7-2026 D\u00e9l\u00e9gation temporaire vacances f\u00e9vrier du 11 au 21 F\u00e9vrier 2026 3\nf REFERENCE DIRECTIONN\u00b0 7-2026DATE06/02/2026 PAGE 1 SUR 1Se Consultez le document applicable sur la plateforme qualit\u00e9 de l'\u00e9tablissement J\nObjet : d\u00e9l\u00e9gation temporaire \u2014 d\u00e9l\u00e9gation g\u00e9n\u00e9rale de signatureDu 11 au 21 F\u00e9vrier 2026\nLa Directrice du Centre Hospitalier de Saint-Cyr-au-Mont-d'Or,Vu le Code de Sant\u00e9 Publique, notamment l'article L6143-7,Vu le d\u00e9cret n\u00b092-783 du 6 ao\u00fbt 1992 relatif \u00e0 la d\u00e9l\u00e9gation de signature des directeurs d'\u00e9tablissementspublics de sant\u00e9,Vu le d\u00e9cret n\u00b02008-921 du 2 ao\u00fbt 2005 portant statut particulier des grades et emplois des personnels dedirection des \u00e9tablissements mentionn\u00e9s \u00e0 l'article 2 (1\u00b0-2\u00b0-3\u00b0) de la loi n\u00b086-33 du 9 janvier 1986 portantdispositions statutaires relatives \u00e0 la fonction publique hospitali\u00e8re,Vu l'arr\u00eat\u00e9 du centre national de gestion en date du 26 janvier 2024 nommant Madame Ana\u00efs JEHANNO,directrice du centre hospitalier de Saint-Cyr-au-Mont-d'Or \u00e0 compter du 29 janvier 2024,Vu l'arr\u00eat\u00e9 du centre national de gestion en date du 19 juin 2023 nommant Mme Blandine GRATALOUP,Vu l'arr\u00eat\u00e9 du centre national de gestion en date du 4 mai 2023 nommant Mme Lisa BERLING,Vu les dates de cong\u00e9s de Madame Ana\u00efs JEHANNO, directrice du centre hospitalier,Consid\u00e9rant la n\u00e9cessit\u00e9 d'assurer la continuit\u00e9 de la direction de l'\u00e9tablissementDECIDED\u00e9l\u00e9gation g\u00e9n\u00e9rale de signature est donn\u00e9e \u00e0 :Madame Blandine GRATALOUP, directrice adjointe, du 11 au 15 F\u00e9vrier.Madame Lisa BERLING, directrice adjointe, du 16 au 21 F\u00e9vrier.\nFait \u00e0 Saint-Cyr, le 6 F\u00e9vrier 2026La Directrice,Ana\u00efs JEHANNO\nDiffusion g\u00e9n\u00e9rale\nCH? Saint-Cyr au Mont d'OrMod\u00e8le d\u00e9cision :DOC-611-F-GQ/V1\n69_Centre Hospitalier Saint Cyr - 69-2026-02-06-00008 - 7-2026 D\u00e9l\u00e9gation temporaire vacances f\u00e9vrier du 11 au 21 F\u00e9vrier 2026 4\n69_DDT_Direction d\u00e9partementale des\nterritoires du Rh\u00f4ne\n69-2026-02-10-00003\nArr\u00eat\u00e9 pr\u00e9fectoral n\u00b0 DDT - SEA_20260210002\ndu 10 f\u00e9vrier 2026 relatif aux modalit\u00e9s de mise\nen oeuvre du fonds d'urgence visant \u00e0 soutenir\nles exploitations les plus fragilis\u00e9es par la\ndiffusion de la dermatose nodulaire contagieuse\n69_DDT_Direction d\u00e9partementale des territoires du Rh\u00f4ne - 69-2026-02-10-00003 - Arr\u00eat\u00e9 pr\u00e9fectoral n\u00b0 DDT - SEA_20260210002 du\n10 f\u00e9vrier 2026 relatif aux modalit\u00e9s de mise en oeuvre du fonds d'urgence visant \u00e0 soutenir les exploitations les plus fragilis\u00e9es par la\ndiffusion de la dermatose nodulaire contagieuse\n5\nesPREFETEDU RHONELibert\u00e9Egalit\u00e9Fraternit\u00e9\nDirection d\u00e9partementale\ndes territoires\nArr\u00eat\u00e9 pr\u00e9fectoral n\u00b0\u00a0DDT \u2013 SEA_20260210002 du 10 f\u00e9vrier 2026 relatif aux modalit\u00e9s de mise en \n\u0153uvre du fonds d'urgence visant \u00e0 soutenir les exploitations les plus fragilis\u00e9es par la diffusion de la \ndermatose nodulaire contagieuse\nLa Pr\u00e9f\u00e8te de la R\u00e9gion Auvergne-Rh\u00f4ne-Alpes,\nPr\u00e9f\u00e8te de la Zone de d\u00e9fense et de s\u00e9curit\u00e9 sud-est,\nPr\u00e9f\u00e8te du Rh\u00f4ne,\nCommandeur de la L\u00e9gion d'honneur,\nCommandeur de l'ordre national du M\u00e9rite,\nVU le r\u00e8glement (UE) n\u00b01408/2013 de la Commission du 18 d\u00e9cembre 2013 relatif \u00e0 l'application des  \narticles 107 et 108 du trait\u00e9 sur le fonctionnement de l'Union europ\u00e9enne aux aides de minimis dans le  \nsecteur de l'agriculture, modifi\u00e9 par le r\u00e8glement (UE) 2024/3118 de la Commission du 10 d\u00e9cembre  \n2024, dit \u00ab\u00a0r\u00e8glement de minimis agricole\u00a0\u00bb,\nVU la loi organique n\u00b02001-692 du 1er ao\u00fbt 2001 relative aux lois de finances,\nVU le d\u00e9cret n\u00b0 2004-374 du 29 avril 2004 modifi\u00e9, relatif aux pouvoirs des pr\u00e9fets et \u00e0 l'action des  \nservices et organismes publics de l'\u00c9tat dans les r\u00e9gions et d\u00e9partements,\nVU le d\u00e9cret n\u00b0 2012-1246 du 7 novembre 2012 modifi\u00e9, relatif \u00e0 la gestion budg\u00e9taire et comptable  \npublique,\nVU le d\u00e9cret du 11 janvier 2023 en conseil des ministres portant nomination de Mme Fabienne BUCCIO  \nen qualit\u00e9 de pr\u00e9f\u00e8te de la r\u00e9gion Auvergne-Rh\u00f4ne-Alpes, pr\u00e9f\u00e8te de la zone de d\u00e9fense et de s\u00e9curit\u00e9  \nSud-Est, pr\u00e9f\u00e8te du Rh\u00f4ne (hors) classe,\nVU l'instruction technique DGPE/SDC/2020-616 du 7 octobre 2020 relative \u00e0 la mise en \u0153uvre des  \naides de minimis appliqu\u00e9es au secteur agricole et forestier,\nVU le courrier de la Ministre de l'Agriculture, de l'Agroalimentaire et de la Souverainet\u00e9 alimentaire aux \nPr\u00e9fets  de  R\u00e9gion  en  date  du  30  janvier  2026  mettant  en  \u0153uvre  un  \u00ab\u00a0fonds  d'urgence\u00a0\u00bb  visant  \u00e0 \nsoutenir les exploitations les plus fragilis\u00e9es par la diffusion de la dermatose nodulaire contagieuse,\nVU l'arr\u00eat\u00e9 pr\u00e9fectoral de la Pr\u00e9f\u00e8te du Rh\u00f4ne n\u00b0SPA 2025-179 du 19 septembre 2025 d\u00e9terminant une  \nzone r\u00e9glement\u00e9e suite \u00e0 un foyer de dermatose nodulaire contagieuse bovine (DNCB),\nVU l'arr\u00eat\u00e9 pr\u00e9fectoral de la Pr\u00e9f\u00e8te du Rh\u00f4ne n\u00b0SPA-DNC-2025-155 du 20 octobre 2025 d\u00e9terminant  \nune zone r\u00e9glement\u00e9e suite \u00e0 un foyer de dermatose nodulaire contagieuse bovine (DNCB) dans le  \nRh\u00f4ne,\n1 / 6\n69_DDT_Direction d\u00e9partementale des territoires du Rh\u00f4ne - 69-2026-02-10-00003 - Arr\u00eat\u00e9 pr\u00e9fectoral n\u00b0 DDT - SEA_20260210002 du\n10 f\u00e9vrier 2026 relatif aux modalit\u00e9s de mise en oeuvre du fonds d'urgence visant \u00e0 soutenir les exploitations les plus fragilis\u00e9es par la\ndiffusion de la dermatose nodulaire contagieuse\n6\nVU l'arr\u00eat\u00e9 pr\u00e9fectoral de la Pr\u00e9f\u00e8te du Rh\u00f4ne n\u00b0PSA-DNC-2025-156 du 20 octobre 2025 d\u00e9terminant  \nune zone r\u00e9glement\u00e9e suite \u00e0 un foyer de dermatose nodulaire contagieuse bovine (DNCB) dans l'Ain,\nVU l'arr\u00eat\u00e9 pr\u00e9fectoral n\u00b069-2025-09-08-00008 du 8 septembre 2025 portant d\u00e9l\u00e9gation de signature \u00e0  \nM. Xavier CEREZA, directeur d\u00e9partemental des territoires du Rh\u00f4ne, \nVU l'arr\u00eat\u00e9 pr\u00e9fectoral n\u00b069-2025-09-08-00009 du 8 septembre 2025 portant d\u00e9l\u00e9gation de signature \u00e0  \nM. Xavier CEREZA, directeur d\u00e9partemental des territoires du Rh\u00f4ne en mati\u00e8re d'ordonnancement  \nsecondaire et de march\u00e9s publics, \nVU l'arr\u00eat\u00e9 pr\u00e9fectoral n\u00b0\u00a0DDT \u2013 SEA_20260109001 du 9 janvier 2026 relatif aux modalit\u00e9s de mise en  \n\u0153uvre du fonds d'urgence visant \u00e0 soutenir les exploitations les plus fragilis\u00e9es par la diffusion de la  \ndermatose nodulaire contagieuse,\nSur proposition du directeur d\u00e9partemental des territoires du Rh\u00f4ne\nARR\u00caTE\nArticle  \u00a0  1  \u00a0: Objet\nLe premier foyer de dermatose nodulaire contagieuse (DNC) a \u00e9t\u00e9 d\u00e9clar\u00e9 en France le 29 juin 2025  \ndans le d\u00e9partement de la Savoie. \u00c0 la date du 14 d\u00e9cembre 2025, 113 foyers de DNC ont \u00e9t\u00e9 recens\u00e9s  \nen  France  dans  onze  d\u00e9partements  (Savoie  (32),  Haute-Savoie  (44),  Ain  (03),  Rh\u00f4ne  (1),  Jura  (7), \nPyr\u00e9n\u00e9es-Orientales (21), Doubs (1), Ari\u00e8ge (1), Hautes-Pyr\u00e9n\u00e9es (1), Haute-Garonne (1) et Aude (1).\nConform\u00e9ment \u00e0 la r\u00e9glementation europ\u00e9enne, des mesures sanitaires ont \u00e9t\u00e9 prises afin d'\u00e9radiquer  \ncette maladie class\u00e9e en cat\u00e9gorie ADE, c'est-\u00e0-dire soumise \u00e0 \u00e9radication obligatoire, \u00e0 restriction de  \nmouvement entre \u00c9tats membres et \u00e0 surveillance. En particulier, les \u00e9levages foyers sont d\u00e9peupl\u00e9s en \ntotalit\u00e9 et une zone r\u00e9glement\u00e9e (ZR) d'un rayon de 50 \u00a0km est mise en place autour de chaque foyer,  \ninstaurant des mesures de pr\u00e9vention par renforcement de la surveillance v\u00e9t\u00e9rinaire, ainsi que des  \nrestrictions notamment sur les d\u00e9placements des bovins. Six zones r\u00e9glement\u00e9es ont \u00e9t\u00e9 ainsi d\u00e9finies.\nEn application des arr\u00eat\u00e9s du 30 mars 2001 modifi\u00e9 et du 16 juillet 2025, l'\u00c9tat prend en charge pour les \n\u00e9levages foyers le co\u00fbt de remplacement des animaux euthanasi\u00e9s sur ordre de l'administration sur la  \nbase de leur valeur marchande objective, les co\u00fbts connexes li\u00e9s au repeuplement ainsi que le d\u00e9ficit  \nmomentan\u00e9 de production r\u00e9sultant de l'abattage des animaux. \nPar ailleurs, l'\u00c9tat a mis en place une vaccination obligatoire des bovins dans les zones r\u00e9glement\u00e9es  \nainsi que dans la r\u00e9gion Corse (suite \u00e0 la demande des professionnels) et prend en charge l'int\u00e9gralit\u00e9  \ndes co\u00fbts de cette campagne vaccinale obligatoire.\nLes exploitations d'\u00e9levage situ\u00e9es dans ces zones r\u00e9glement\u00e9es et vaccinales ont \u00e9t\u00e9 particuli\u00e8rement  \ntouch\u00e9es pendant plusieurs semaines par des mesures de restriction de mouvement, notamment par  \ndes co\u00fbts de conservation sur les exploitations des jeunes animaux qui auraient d\u00fb \u00eatre export\u00e9s ou  \ndes difficult\u00e9s de commercialisation.\nAfin de soutenir la tr\u00e9sorerie des exploitations les plus fragilis\u00e9es \u00e9conomiquement, un fonds d'urgence \ndot\u00e9 de 7 ,64 millions d'euros est mis en place.\nLe pr\u00e9sent arr\u00eat\u00e9 a pour objet de fixer les modalit\u00e9s de mises en \u0153uvre de ce fonds d'urgence. \n2 / 6\n69_DDT_Direction d\u00e9partementale des territoires du Rh\u00f4ne - 69-2026-02-10-00003 - Arr\u00eat\u00e9 pr\u00e9fectoral n\u00b0 DDT - SEA_20260210002 du\n10 f\u00e9vrier 2026 relatif aux modalit\u00e9s de mise en oeuvre du fonds d'urgence visant \u00e0 soutenir les exploitations les plus fragilis\u00e9es par la\ndiffusion de la dermatose nodulaire contagieuse\n7\nArticle  \u00a0  2  \u00a0: Crit\u00e8res d'\u00e9ligibilit\u00e9\nCette aide s'adresse aux exploitations professionnelles d'\u00e9levage de bovins non foyers remplissant les  \nconditions suivantes\u00a0:\n- avoir son si\u00e8ge social d'exploitation situ\u00e9 en zone r\u00e9glement\u00e9e ou en zone vaccinale (ZV) de la  \nr\u00e9gion Auvergne-Rh\u00f4ne-Alpes.\n- \u00eatre immatricul\u00e9 au r\u00e9pertoire SIRENE de l'INSEE par un num\u00e9ro SIRET actif au moment du  \nd\u00e9p\u00f4t de la demande d'aide,\n- avoir des bovins enregistr\u00e9s dans la base de donn\u00e9es nationale d'identification (BDNI),\n- d\u00e9tenir au moins 20 unit\u00e9s gros b\u00e9tail (UGB).\n- Les \u00e9levages n'ayant pas vaccin\u00e9 leurs animaux, malgr\u00e9 son caract\u00e8re obligatoire, ou ayant fait  \nl'objet d'une vaccination d'office pour refus de vaccination, ne peuvent pas b\u00e9n\u00e9ficier de l'aide.\nPar d\u00e9rogation, les \u00e9levages ayant leur si\u00e8ge en zone indemne de la r\u00e9gion AuRA mais ayant eu des  \nanimaux immobilis\u00e9s dans l'une des zones r\u00e9glement\u00e9es de la r\u00e9gion AuRA pourront d\u00e9poser un dossier \nsur une d\u00e9marche ad hoc.\nArticle  \u00a0  3  \u00a0: Enveloppe financi\u00e8re et d\u00e9termination du montant de l'aide\nL'enveloppe r\u00e9gionale disponible pour ce dispositif est de 7\u00a0640\u00a0000\u00a0\u20ac.\nL'indemnisation sera vers\u00e9e aux exploitations \u00e9ligibles ayant d\u00e9pos\u00e9 une demande d'aide. \nElle prendra la forme d'un forfait par UGB (unit\u00e9 gros b\u00e9tail) \u00e0 partir de 5\u00a0\u20ac/UGB. Ce forfait sera modul\u00e9 \npart des coefficients de pond\u00e9ration prenant en compte\u00a0:\n- la dur\u00e9e d'immobilisation des animaux (fonction de la dur\u00e9e de chaque ZR),\n- le type racial de l'animal (lait/viande).\nL'aide par exploitation\u00a0:\n- ne pourra d\u00e9passer le montant de 9\u00a0000\u00a0\u20ac ,\n- ne sera vers\u00e9e que si le montant \u00e9ligible pour une exploitation d\u00e9passe 500 \u00a0\u20ac. En dessous, la  \ndemande d'aide sera consid\u00e9r\u00e9e comme in\u00e9ligible.\nEn fonction du nombre de dossiers global d\u00e9pos\u00e9s, un stabilisateur budg\u00e9taire pourra \u00eatre appliqu\u00e9  \npour respecter l'enveloppe attribu\u00e9e \u00e0 la r\u00e9gion.\nL'aide concernant les exploitations ayant leur si\u00e8ge non domicili\u00e9 dans l'une des zones r\u00e9glement\u00e9es ou \nvaccinales fera l'objet d'une \u00e9valuation et d'une instruction approfondie et pourra, en fonction du  \nnombre de dossiers d\u00e9pos\u00e9s, faire l'objet d'ajustements \u00e0 la baisse de sorte \u00e0 ne pas p\u00e9naliser les  \nexploitations dont le si\u00e8ge est domicili\u00e9 dans les zones r\u00e9glement\u00e9es. \nL'aide sera vers\u00e9e dans le cadre du r\u00e8glement \u00ab \u00a0de minimis agricole \u00a0\u00bb, pr\u00e9voyant notamment que le  \ncumul des aides accord\u00e9es ne doit pas exc\u00e9der un plafond de 50\u00a0000\u00a0\u20ac sur une p\u00e9riode de trois ans.\n3 / 6\n69_DDT_Direction d\u00e9partementale des territoires du Rh\u00f4ne - 69-2026-02-10-00003 - Arr\u00eat\u00e9 pr\u00e9fectoral n\u00b0 DDT - SEA_20260210002 du\n10 f\u00e9vrier 2026 relatif aux modalit\u00e9s de mise en oeuvre du fonds d'urgence visant \u00e0 soutenir les exploitations les plus fragilis\u00e9es par la\ndiffusion de la dermatose nodulaire contagieuse\n8\nArticle  \u00a0  4  \u00a0: Gestion administrative de la mesure\nLa  demande  d'aide  doit  \u00eatre  d\u00e9pos\u00e9e  via  la  plateforme  \u00ab\u00a0D\u00e9marches  simplifi\u00e9es\u00a0\u00bb  ouverte  par  la \nDirection d\u00e9partementale des territoires du si\u00e8ge de l'exploitation, la DDT du Rh\u00f4ne, accompagn\u00e9e  \ndes pi\u00e8ces justificatives n\u00e9cessaires, \u00e0 l'adresse suivante\u00a0: \nhttps://demarche.numerique.gouv.fr/commencer/ddt69-fonds-d-urgence-pour-soutenir-les-exploitati \nDans le cas o\u00f9 le si\u00e8ge de l'exploitation n'est pas domicili\u00e9 dans l'une des zones r\u00e9glement\u00e9es, la  \ndemande accompagn\u00e9e des pi\u00e8ces justificatives n\u00e9cessaires, \u00e0 l'adresse suivante :\nhttps://demarche.numerique.gouv.fr/commencer/fonds-d-urgence-dnc-cas-particuliers \nUn seul dossier par num\u00e9ro SIRET doit \u00eatre d\u00e9pos\u00e9.\nLa demande d'aide doit \u00eatre d\u00e9pos\u00e9e au plus tard le 20 f\u00e9vrier 2026 \u00e0 23h59. Dans le cas o\u00f9 le dossier  \ntransmis s'av\u00e8re incomplet, les \u00e9l\u00e9ments manquants doivent \u00eatre communiqu\u00e9s avant cette m\u00eame  \ndate, sous peine de rejet.\nLa DDT du Rh\u00f4ne r\u00e9alise l'instruction des dossiers des exploitations dont le si\u00e8ge est situ\u00e9 dans son  \nd\u00e9partement. Elle pourra demander toute pi\u00e8ce compl\u00e9mentaire qu'elle juge utile au contr\u00f4le et \u00e0 la  \ncompr\u00e9hension du dossier, en fixant un d\u00e9lai de r\u00e9ponse au-del\u00e0 duquel le dossier pourra \u00eatre rejet\u00e9.\nApr\u00e8s instruction, la DDT du Rh\u00f4ne transmet \u00e0 la DRAAF Auvergne-Rh\u00f4ne-Alpes qui d\u00e9termine les  \nenveloppes d\u00e9partementales.\nLa DDT du Rh\u00f4ne proc\u00e8de \u00e0 l'engagement et au paiement des dossiers retenus dans son d\u00e9partement,  \net adresse \u00e0 chaque b\u00e9n\u00e9ficiaire un courrier de notification du paiement. Elle est responsable de la  \nl\u00e9galit\u00e9 et de la r\u00e9gularit\u00e9 de la mise en \u0153uvre des d\u00e9penses.\nArticle  \u00a0  5  \u00a0: Cadre juridique\nPourront b\u00e9n\u00e9ficier de la mesure, les exploitants agricoles \u00e0 titre principal, les groupements agricoles  \nd'exploitation en commun (GAEC) avec application de la transparence GAEC s'agissant du plafond par  \nexploitation contenu dans le r\u00e8glement dit de minimis, les exploitations agricoles \u00e0 responsabilit\u00e9  \nlimit\u00e9e (EARL), les autres personnes morales ayant pour objet l'exploitation agricole et dont au moins  \n50\u00a0% du capital est d\u00e9tenu par des exploitations \u00e0 titre principal (directement ou indirectement). Le  \nmontant maximum de l'aide est multipli\u00e9 par le nombre d'exploitations regroup\u00e9es dans la limite de  \ntrois associ\u00e9s, soit un plafond de 27 \u00a0000\u00a0\u20ac d'aides au titre du pr\u00e9sent r\u00e9gime d'indemnisation et de  \n150\u00a0000\u00a0\u20ac  pour  le  plafond  d'aides  de  minimis.  Les  entreprises  faisant  l'objet  d'une  proc\u00e9dure  de \nsauvegarde  ou  de  redressement  judiciaire  doivent  disposer  d'un  plan  arr\u00eat\u00e9  par  le  tribunal  de \nCommerce au moment du paiement pour b\u00e9n\u00e9ficier de la mesure d'aide. Les entreprises concern\u00e9es  \npar une proc\u00e9dure de liquidation judiciaire sont exclues de la mesure d'aide, que la proc\u00e9dure de  \nliquidation soit connue au moment du d\u00e9p\u00f4t du dossier ou qu'elle intervienne apr\u00e8s celui-ci (lors des  \nphases d'instruction et de contr\u00f4les administratifs).\n4 / 6\n69_DDT_Direction d\u00e9partementale des territoires du Rh\u00f4ne - 69-2026-02-10-00003 - Arr\u00eat\u00e9 pr\u00e9fectoral n\u00b0 DDT - SEA_20260210002 du\n10 f\u00e9vrier 2026 relatif aux modalit\u00e9s de mise en oeuvre du fonds d'urgence visant \u00e0 soutenir les exploitations les plus fragilis\u00e9es par la\ndiffusion de la dermatose nodulaire contagieuse\n9\nL'aide  est  vers\u00e9e  dans  le  cadre  du  r\u00e8glement  (UE)  n\u00b01408/2013  modifi\u00e9  de  la  Commission  du  18 \nd\u00e9cembre 2013 relatif \u00e0 l'application des articles 107 et 108 du trait\u00e9 sur le fonctionnement de l'Union  \neurop\u00e9enne aux aides de minimis dans le secteur de l'agriculture. Ce r\u00e8glement pr\u00e9voit que les aides  \naccord\u00e9es \u00e0 une entreprise unique, au titre du r\u00e9gime de minimis agricole, ne doivent pas exc\u00e9der un  \nplafond de 50 \u00a0000\u00a0\u20ac par entreprise unique, sur une p\u00e9riode de trois ans, soit au cours des 36 derniers  \nmois, quels que soient la forme et l'objectif des aides de minimis. Cette p\u00e9riode de r\u00e9f\u00e9rence est  \nappr\u00e9ci\u00e9e sur une base glissante de sorte que pour chaque nouvelle aide de minimis octroy\u00e9e, il y a lieu \nde d\u00e9terminer le montant des aides de minimis accord\u00e9 au cours des trois ann\u00e9es pr\u00e9c\u00e9dentes. Par  \nexemple, si l'aide de minimis agricole est accord\u00e9e le 1er octobre 2025, afin de v\u00e9rifier le respect du  \nplafond de 50\u00a0000\u00a0\u20ac sur une p\u00e9riode de trois ans, la p\u00e9riode \u00e0 prendre en compte est celle allant du 1er \noctobre 2022 au 1er octobre 2025. Le b\u00e9n\u00e9ficiaire doit en \u00eatre inform\u00e9 lors de son attribution. \nLe respect du plafond de minimis pr\u00e9cit\u00e9, dans l'hypoth\u00e8se du versement de l'aide demand\u00e9e, doit  \n\u00eatre v\u00e9rifi\u00e9 dans les conditions d\u00e9crites par l'instruction technique DGPE/SDC/2020-616 du 7 octobre  \n2020. Dans ce cadre, l'utilisation du mod\u00e8le de formulaire joint en annexe est recommand\u00e9e.\nArticle  \u00a0  6  \u00a0: Contr\u00f4les\nDes contr\u00f4les administratifs et physiques pourront \u00eatre diligent\u00e9s par les services comp\u00e9tents, et un  \ncontr\u00f4le  approfondi  des  informations  communiqu\u00e9es  pourra  \u00eatre  r\u00e9alis\u00e9  par  les  administrations \ncomp\u00e9tentes apr\u00e8s paiement.\n\u00c0 cette fin, le b\u00e9n\u00e9ficiaire doit tenir \u00e0 la disposition des administrations comp\u00e9tentes l'ensemble des  \ndocuments permettant de justifier le versement de l'aide jusqu'\u00e0 la fin de la dixi\u00e8me ann\u00e9e civile  \nsuivant celle du versement de l'aide demand\u00e9e au titre du pr\u00e9sent dispositif.\nCes contr\u00f4les peuvent aboutir \u00e0 remettre en cause l'\u00e9ligibilit\u00e9 \u00e0 l'aide et entra\u00eener l'application de  \nr\u00e9duction du montant de l'aide et/ou de sanctions.\nArticle  \u00a0  7  \u00a0: Remboursement de l'aide ind\u00fbment per\u00e7ue et sanctions\nEn cas d'irr\u00e9gularit\u00e9 d\u00e9tect\u00e9e apr\u00e8s paiement, il est demand\u00e9 au b\u00e9n\u00e9ficiaire le reversement de tout ou \npartie de l'aide attribu\u00e9e.\nSi l'irr\u00e9gularit\u00e9 est relev\u00e9e avant paiement, l'aide sollicit\u00e9e pourrait ne pas \u00eatre vers\u00e9e.\nEn  cas  de  fourniture  intentionnelle  de  donn\u00e9es  fausses  ou  de  documents  falsifi\u00e9s  avant  ou  apr\u00e8s \npaiement, une sanction administrative est appliqu\u00e9e.\nElle correspond \u00e0 20 \u00a0% du montant de l'aide ind\u00fbment pay\u00e9e ou qui aurait \u00e9t\u00e9 pay\u00e9e si l'irr\u00e9gularit\u00e9  \nintentionnelle n'avait pas \u00e9t\u00e9 d\u00e9tect\u00e9e.\nArticle  \u00a0  8   \nLe pr\u00e9sent arr\u00eat\u00e9 annule et remplace l'arr\u00eat\u00e9 pr\u00e9fectoral n\u00b0\u00a0DDT \u2013 SEA_20260109001 du 9 janvier 2026  \nrelatif aux modalit\u00e9s de mise en \u0153uvre du fonds d'urgence visant \u00e0 soutenir les exploitations les plus  \nfragilis\u00e9es par la diffusion de la dermatose nodulaire contagieuse.\n5 / 6\n69_DDT_Direction d\u00e9partementale des territoires du Rh\u00f4ne - 69-2026-02-10-00003 - Arr\u00eat\u00e9 pr\u00e9fectoral n\u00b0 DDT - SEA_20260210002 du\n10 f\u00e9vrier 2026 relatif aux modalit\u00e9s de mise en oeuvre du fonds d'urgence visant \u00e0 soutenir les exploitations les plus fragilis\u00e9es par la\ndiffusion de la dermatose nodulaire contagieuse\n10\nArticle  \u00a0  9  \u00a0: Entr\u00e9e en vigueur\nLe pr\u00e9sent arr\u00eat\u00e9 entrera en vigueur le lendemain de sa publication au recueil des actes administratifs  \nde la pr\u00e9fecture du Rh\u00f4ne.\nArticle  \u00a0  10  \u00a0: Ex\u00e9cution\nLe  pr\u00e9fet,  secr\u00e9taire  g\u00e9n\u00e9ral  de  la  pr\u00e9fecture,  pr\u00e9fet  pour  l'\u00e9galit\u00e9  des  chances  et  le  directeur \nd\u00e9partemental des territoires sont charg\u00e9s, chacun en ce qui le concerne, de l'ex\u00e9cution du pr\u00e9sent  \narr\u00eat\u00e9 qui sera publi\u00e9 au recueil des actes administratifs de la pr\u00e9fecture du Rh\u00f4ne.\nLyon, le 10 f\u00e9vrier 2026\nPour la Pr\u00e9f\u00e8te et par d\u00e9l\u00e9gation,\nle directeur d\u00e9partemental des territoires\nSign\u00e9\nXavier CEREZA\nD\u00e9lais et voies de recours\u00a0:\nConform\u00e9ment \u00e0 l'article R.421-1 du code de justice administrative, la pr\u00e9sente d\u00e9cision peut faire l'objet  \nd'un recours contentieux, dans le d\u00e9lai de deux mois \u00e0 compter de sa notification, devant le tribunal  \nadministratif  de  Lyon  (184,  rue  Duguesclin  \u2013  69 \u00a0433  Lyon  Cedex  03,  ou  sur  l'application  \nwww.telerecours.fr). Elle peut \u00e9galement faire l'objet d'un recours gracieux aupr\u00e8s de Madame la Pr\u00e9f\u00e8te  \ndu Rh\u00f4ne. Cette d\u00e9marche interrompt le d\u00e9lai de recours contentieux, ce dernier devant \u00eatre introduit  \ndans le d\u00e9lai de deux mois suivant une d\u00e9cision implicite ou explicite de l'autorit\u00e9 comp\u00e9tente (le silence  \nde l'administration pendant un d\u00e9lai de deux mois valant d\u00e9cision implicite de rejet).\n6 / 6\n69_DDT_Direction d\u00e9partementale des territoires du Rh\u00f4ne - 69-2026-02-10-00003 - Arr\u00eat\u00e9 pr\u00e9fectoral n\u00b0 DDT - SEA_20260210002 du\n10 f\u00e9vrier 2026 relatif aux modalit\u00e9s de mise en oeuvre du fonds d'urgence visant \u00e0 soutenir les exploitations les plus fragilis\u00e9es par la\ndiffusion de la dermatose nodulaire contagieuse\n11\nVersion janvier 2025 ANNEXE 1ATTESTATION SUR L'HONNEUR\u00e0 ins\u00e9rer dans toutes les demandes d'aide au titre du r\u00e8glement(UE) n\u00b0 1408/2013 de la Commissiondu 18 d\u00e9cembre 2013relatif \u00e0 l'applicationdes articles 107 et 108 du trait\u00e9 sur le fonctionnement de l'Union europ\u00e9enne aux aides de minimis dans le secteur del'agriculture modifie', dit \u00ab r\u00e8glement des aides de minimis agricole\u00bbJe suis mforme(e)quela presente aide releve des aides de minimis agricole. conformement au r\u00e9glement(UE) n\u00b01408/2013 de la Commissiondu 18 decembre 2013 modifiepar les r\u00e8glements de la Commission (UE) 2019/316 du 21 fevrier 2019, (UE) 2022/2046 du 24 octobre 2022. (UE) 2023/2391 du 4 octobre2023 et (UE)2024/3118du 10 decembre 2024.les aidesde minimiz agricole ne peuvent \u00eatre octroy\u00e9es qu'aux entreprises exer\u00e7ant des activit\u00e9s dans la production primaire de produits agricoles. dansla limite d'un plafond de 50 000 \u20ac sur une p\u00e9riode de trois ans.en applicationde la transparence GAEC, chaque associ\u00e9 d'un GAEC total peut b\u00e9n\u00e9ficier d'un plafond de 50 000 \u20ac d'aides de minimis agricole. Pourcela, chaque associ\u00e9 du GAEC total dont compl\u00e9ter sa propre attestation pour pr\u00e9senter une demande d'aide.J'attestesur l'honneur :A) avoir re\u00e7u (d\u00e9cision d'octroi ou, \u00e0 d\u00e9faut, montant pay\u00e9) au cours des 36 mois pr\u00e9c\u00e9dant la demande d'aide la somme totale inscrite dans letableau ci-dessous au titre des aides dites \u00ab de minimis agricole \u00bb (en reference au r\u00e8glement (UE) n\u00b0 1408/2013 modifie):+ . Date dela d\u00e9cision | Montant figurant dansNumero SIREN de . ;. x d'octroi (ou date de | la d\u00e9cision d'octroi (ouIntitul\u00e9 de l'aide sian rape paiement si absence montantpay\u00e9 sichiffr de decision) absence de decision)\nTotal (A) des montants d'aides de minimis agricole d\u00e9ja re\u00e7us Total (A) = \u20acB) avoir demande mais pas encore re\u00e7u ni la d\u00e9cision correspondante ni le paiement relatif \u00e0 la somme totale mscrite dans le tableau ci-dessousau titredes aides dites \u00ab de minimis agricole\u00bb (en reference au reglement (UE) n\u00b01408/2013 modifi\u00e9):Num\u00e9ro SIREN de MnIntitul\u00e9 de l'aide l'entreprise b\u00e9n\u00e9ficiaire (9 chiffres)2 | Date de la demande FRET)\nTotal (B) des montants d'aides de minimis agricole d\u00e9ja demand\u00e9s mais pas encore re\u00e7us Total (B)= \u20acC) demander, dans le pr\u00e9sent formulaire, une aide relevant des aides dites \u00ab de mimimis agricole \u00bb (en reference au reglement (UE) n\u00b01408/2013\nDate de la demanded'aide :Si la somme totale des montants d'aides de mimmiz agricole re\u00e7us evou demandesmais pas encore re\u00e7us [Ar BC) exc\u00e8de50 000 \u20ac, l'aidedemand\u00e9e (C) dans le pr\u00e9sent formulaire ne sera pas accord\u00e9e ; sauf si l'instruction assur\u00e9e par l'autorit\u00e9 publique peut \u00e9cr\u00e9ter le d\u00e9passement de lademande d'aide et octroyer une aide \u00e0 hauteur d'un montant permettant de respecter les seuils imposes par le reglement des aides de mimimiz agricolesur trois ans. Por exemple, si l'aidede minimis agricoleest accord\u00e9e le 15/01/2025, conform\u00e9ment au r\u00e9glement (UE) n\u00b0 1408/2013 modifie, afin dev\u00e9rifier le respect du plafond de $0 000 \u20ac sur une p\u00e9riode de trois ans, la p\u00e9riode \u00e0 prendre en compte est celle allant du 1 5/01/2022au 15/01/2025.Casesa cocher\"Je d\u00e9clare avoir mentionn\u00e9 sur la pr\u00e9sente annexe l'ensembledes aides de minimis agricole re\u00e7ues au cours des 36 derniers moisJe m'engage \u00e0 conserver tout document permettant de v\u00e9rifier l'exactitude de la pr\u00e9sente d\u00e9claration pendant dix (10) ans \u00e0 compterde ladate d'octroi de l'aide demand\u00e9eJ'atteste sur l'honneur ne pas avoir re\u00e7u d'aides de minimis au titre d'autres reglements de minimis (reglements de minimiz entreprise. deminimis p\u00eache ou de minimis SIEG) ouJ'atteste sur l'honneur avoir re\u00e7u, ou demand\u00e9mais pas encore re\u00e7u, des aides de minimiz au titre d'autres r\u00e9glements de minimiz(r\u00e9glements de minimis entreprise. de minimis p\u00eache ou de minimis SIEG). Dans ce cas. je compl\u00e8te \u00e9galement l'annexe 1 bis.Nom et pr\u00e9nom du repr\u00e9sentant l\u00e9gal de l'entreprise, date et signature, cachet (le cas \u00e9ch\u00e9ant)Les informations sollicit\u00e9es sont obligatoires. \u00c0 d\u00e9faut, votre demande ne pourra pas \u00eatre trait\u00e9e.l R\u00e8glement (UE) n\u00b01408/2013 de la Commission du 18 d\u00e9cembre2013 relatif \u00e0 l'applicationdes articles 107et 108 du trait\u00e9 sur be fonctionnementde l'Union europ\u00e9enneaux sides de aviwimis dans le secteur de l'agriculture, modifi\u00e9 par les r\u00e8glements de la Commission (UE) 20197316 du 21 ferrier 2019. (UE) 2022/2046 du 24 octobre 2022.(UE) 2023/2391 du 4 octobre 2023 et (UE) 2024/3118 du 10 d\u00e9cembre 2024, dit \u00ab r\u00e9glement de minimis agricole \u00bbLe plafond d'aides de minimis ost comptabilise par \u00ab satrepeise unique \u00bb. La notion d'a entreprise unique \u00bb est d\u00e9finse dans la notice explicative jointe \u00e0 cette annexe(paragraphe 3). I convient d'inscrire \u00e9galement dans les tableaux les aides de minimis agricole consid\u00e9r\u00e9es comme transferees \u00e0 votre entreprise em cas d'acquisition,defusion ow de scisstan d'entreprise (voir notice explicative paragraphe 2) Page| su\n7 / 6\n69_DDT_Direction d\u00e9partementale des territoires du Rh\u00f4ne - 69-2026-02-10-00003 - Arr\u00eat\u00e9 pr\u00e9fectoral n\u00b0 DDT - SEA_20260210002 du\n10 f\u00e9vrier 2026 relatif aux modalit\u00e9s de mise en oeuvre du fonds d'urgence visant \u00e0 soutenir les exploitations les plus fragilis\u00e9es par la\ndiffusion de la dermatose nodulaire contagieuse\n12\nVersion janvier 2025 NOTICE EXPLICATIVE(pour compl\u00e9ter les annexes 1 et 1 bis)\nLes entreprisesayant beneficie -- d'aides de minimis p\u00eache au titre de leurs activites de production primaire de produits de la p\u00eache ou de l'aquaculture (plafond de 30 000 \u20ac sur unep\u00e9riode de trois exercices fiscaux au titre du reglement \u00ab de mimimiz p\u00eache \u00bb - (UE) n\u00b0717/2014 de la Commission du 27 juin 2014 concernantl'application des articles 107 et 108 du trait\u00e9 sur le fonctionnement de l'Union europ\u00e9enne aux aides de minimis dans le secteur de la p\u00eache et del'aquaculture modifi\u00e9\").- d'aides de minimis entreprise au titre de leurs activit\u00e9s non agricoles ou de leurs activit\u00e9s de transformation ou de commercialisation des produitsagricole (plafond de 300 000 \u20ac sur une p\u00e9riode de trois ans au tite du r\u00e9glement \u00ab de minimiz entreprise \u00bb - (UE) 2023/2831 de la Commissioneurop\u00e9enne du 13 d\u00e9cembre 2023 relatif \u00e0 l'application des articles 107 et 108 du trait\u00e9 sur le fonctionnement de l'Union europ\u00e9enne aux aides deminimis).doivent remplir, en plus de l'annexe 1, l'annexe1 bis (page 1).Dans le cas o\u00f9 votre entreprise a b\u00e9n\u00e9ficie. en plus des aides de minimis agricole, d'aides de minimis entreprise, de minimis p\u00eache. les plafonds suivantssont \u00e0 respecter:\u00a2 = le plafond maximum d'aides est de 30 000 \u20ac en cummlant les aides de minimis agricole et p\u00eache.\u00a2 = le plafond maximum d'aides est de 300 000 \u20ac en cumulant les aides de minimiz agricole et/ou p\u00eache et entreprise.Par ailleurs. ce principe de non cumul des plafonds d'aidesde minimis ne s'applique pas aux aides de minimis SIEG (services d'int\u00e9r\u00eatg\u00e9n\u00e9ral), au titre du r\u00e8glement (UE) 2023/2832 de ls Commission du 13 d\u00e9cembre 2023 relatif \u00e0 l'application des articles 107 et 108 du traite sur lefonctionnement de l'Union europ\u00e9enne aux aides de mimmiz octroyees \u00e0 des entreprises fournissant des services d'int\u00e9r\u00eat \u00e9conomique g\u00e9n\u00e9ral. Il estpossible de cumuler les aides de minimis agricole (ainsi que les aides de minimis entreprise ou p\u00eache)avec les aides de minimis SIEG. \u00e0 conditionquechaque type d'aide de minimis respecte son propre plafond individuel sur une p\u00e9riode de trois ans. \u00e0 savoir -e = le plafond d'aides de minimis agricole est de 30 000 \u20ac au titre de leurs activites dans la production primaire de produits agricoles (en cumulantles aides de minimiz agricole et/ou p\u00eache et entreprise, le plafond maximum d'aides de minimiz \u00e0 respecter est de 306 000 \u20ac).. le plafond d'aides de minimiz SIEG est de 750 000 \u20ac au titre de leurs activites dans la fourniture d'un service d'int\u00e9r\u00eat \u00e9conomique g\u00e9n\u00e9ral.Dans le cas o\u00f9 votre entreprise a beneficis. en plus des aides de mimimiz agricole, d'aidesde minimiz SIEG. vous devez \u00e9galement remplir, en plusdel'annexe1, l'annexe1 bis (page 2).2. Transferts des encours de minimis en cas d\u00b0 isiti ion. scission d'une entrepriseSi votre entreprise a repris ume autre soci\u00e9t\u00e9 dans le cadre de fusions ou acquisitions. et/ou a fait l'objet d'une scission en deux soci\u00e9t\u00e9s distinctes ou plus.elle doit tenir compte des aides de minimis re\u00e7uespar la (ou les) entreprise(s) pr\u00e9-existante(s)dans le calcul de son plafond d'aidesde minimiz.* En cas de fusion ou acquisition (reprise totale) d'une entreprise. la totalit\u00e9 des aides de minimis agricole et de minimiz entreprise accord\u00e9es \u00e0 cetteentreprise au cours des 36 mois pr\u00e9c\u00e9dents sont a comptabiliser dans le cumul des aides de minimis agricole et entreprise du repreneur.Afin d'identifierces aides considerees comme transferees\u00e0 votre entreprise lorsque vous remplissez les annexes 1 et 1 bis. le numero SIREN auquel elles ont ete attribu\u00e9esSi la sommedes aides de minimis agricole, ainsi comptabilisees dans le cumul des aides de minimiz agricoledu repreneur. genere un d\u00e9passementdeplafond d'aides de minimis, il ne sera pas demand\u00e9 au repreneur de remboursement dans la mesure o\u00f9 ces aides ont ete pr\u00e9alablement legalementoctroy\u00e9es. Par contre. le repreneur ne pourra pas \u00eatre \u00e9ligible a de nouvelles aides de minimis agricole tant que ke plafond d'aides de minimiz agricolecalculs sur 3 ans ne sera pas repass\u00e9 en dessous de 50 000 \u20ac.* En cas de scission en deux entreprises distinctes ou plus, il faut r\u00e9partir les aides de minimiz entreprise et de minimis agricole re\u00e7ues avant la scissionentre les differentes societes (resultant de la scission) en ne retenant dans le plafond d'aide de minimis de chacune que la part des aides de minimis vers\u00e9esau titre des activites conserv\u00e9es par celle-ci. Si une telle allocation n'est pas possible. les aides de mimimiz sont alors r\u00e9parties proportionnellement sur labase de la valeur comptable du capital des nouvelles entreprises\u00e0 la date effective de la scission.3 Notion \u00ab d'entreprise unique \u00bbLe num\u00e9ro SIREN est le seul sous lequel les aides de minimis peuvent \u00eatre comptabilis\u00e9es. Des soci\u00e9t\u00e9s ayant un num\u00e9ro SIREN commun. maisdisposant chacune d'un num\u00e9ro SIRET qui lui est propre, constituent une entreprise unique.Si votre entreprise agricole rel\u00e8ve de la d\u00e9finition \u00ab d'entreprise unique \u00bb, vous disposez d'un seul plafond d'aides de minimis agricole de 50 000 \u20accommun \u00e0 l'ensemble des entreprises assimil\u00e9es \u00e0 une seule et m\u00eame \u00ab entreprise unique \u00bb. Dans ce cas, il faut absolument v\u00e9rifier en compl\u00e9tantles annexes 1 et 1 bis que votre entreprise comptabilise bien a la fois les aides de minimis qui lui ont \u00e9t\u00e9 octroy\u00e9es avec celles des autres soci\u00e9t\u00e9scompesant l'entreprise unique au titre du r\u00e8glement (UE) n\u00b01408/2013 modifi\u00e9 par les r\u00e8glements (UE) susvis\u00e9s. Ainsi, l'attestationsur l'honneur(en annexe | et 1 bis) prevoit que pour chaque aide de minimis octroy\u00e9e soit indiqu\u00e9e le num\u00e9ro SIREN de la soci\u00e9t\u00e9 l'ayant re\u00e7ue au sein del'entreprise unique.Par ailleurs. sont \u00e9galement considerses comme une entreprise unique. deux ou plusieurs soci\u00e9t\u00e9s ayant des num\u00e9ros SIREN diff\u00e9rents et entretenantentre elles au moins l'une des quatre relations suivantes :- une entreprise a la majorite des droits de vote des actionnaires ou associ\u00e9s d'une autre entreprise. ou- une entreprise a Je droit de nommer ou r\u00e9voquer la majorit\u00e9 des membres de l'organe d'administration. de direction ou de surveillance d'uneautre entreprise,OU- une entreprise a le droit d'exercer une influence dominante sur une autre entreprise en vertu d'un contrat conclu avec celle-ci ou en vertu d'uneclause des statuts de celle-ci.ou- une entreprise actionnaire o\u00f9 associ\u00e9e d'une autre entreprise contr\u00f4le seule, en vertu d'un accord conclu avec d'autres actionnaires ou associesde cette autre entreprise. la majorite des droits de vote des actionnaires ou associ\u00e9s de celle-ci.\n} Rogloment (UE) 2\u00b0 7127/2014de la Commission du 27 juin 2014 concemant l'application des articles 107ot 108 du trait\u00e9 sur le fonctionnementde l'Unicewax aides de auinimis dans le secteur de la p\u00e9che et de l'aquaculture, modifi\u00e9 par les r\u00e8glements de la Commission (UE) 2020/2008 du 5 d\u00e9cembre 2020. (UE) 2022/2514du 14 d\u00e9cembre 2022 ot (UE) 2023/2391 du 4 octobre 2023. cit \u00ab roglement de minimis poche \u00bb Page2 su\n8 / 6\n69_DDT_Direction d\u00e9partementale des territoires du Rh\u00f4ne - 69-2026-02-10-00003 - Arr\u00eat\u00e9 pr\u00e9fectoral n\u00b0 DDT - SEA_20260210002 du\n10 f\u00e9vrier 2026 relatif aux modalit\u00e9s de mise en oeuvre du fonds d'urgence visant \u00e0 soutenir les exploitations les plus fragilis\u00e9es par la\ndiffusion de la dermatose nodulaire contagieuse\n13\nVersion janvier 2025En cas de GAEC partiel. la regle de comptabilisationdes aides de minimiz agricole s'applique \u00e0 l'entreprise unique. Les aides de minimiz agricole sontainsi examinees pour le \u00ab GAEC partiel \u00bb qui ben\u00e9ficie d'un plafond individuel de 50 000 \u20ac pour l'ensemble de la structure. Dans un GAEC total, chaqueassocie peut beneficier du plafond individuel de 50 000 \u20ac.4. Entreprisesen difficult\u00e9En principe. les entreprises en difficuke au sens du r\u00e8glement europ\u00e9en' peuvent \u00eatre \u00e9ligibles aux aides de minimiz.En revanche. les entreprises faisant l'objet d'une proc\u00e9dure collective d'insolvabilit\u00e9 ou remplissant, selon le droit national qui lui est applicable. lesconditions de soumission \u00e0 une proc\u00e9dure collective d'insolvabilit\u00e9 4 la demande de ses cr\u00e9anciers ne sont pas \u00e9ligibles aux aides de minimis octroyeessous forme de pr\u00eats ou de garanties.5. Autres pr\u00e9cisionsComment savoirsi une aide est qualifi\u00e9e d'aide de minimis agricole ? La nature\u00ab de minimiz \u00bb de l'aide est mentionn\u00e9e sur le dossier de demanded'aide et sur la d\u00e9cision juridique d'octroi de l'aide (d\u00e9cision, arr\u00eat\u00e9, convention...) Cette mention fait reference au r\u00e9glement (UE) n\u00b01408/2013 modifiepar les reglements (UE) susvises lorsqu'il s'agit d'une aidede minimis agricole. Les aides de minimis agricole peuvent prendre differentes formes (fondsd'all\u00e8gement des charges, prise en charges de cotisations sociales, cr\u00e9dits d'imp\u00f4ts. aides de crises. etc.). En cas de doute, vous pouvez appeler l'autorit\u00e9publique respansablede l'instructionde l'aide (DDT(M). services fiscaux. MSA. collectivit\u00e9s territoriales. etc.).Comment calculer le plafond si vous avez b\u00e9n\u00e9fici\u00e9 d'une aide de minimis \u00e0 titre personnel (par exemple sous forme de prise en charge de cotisationssociales) et que vous exercez votre activite au sein de diffsrentes entreprises agricoles (plusieurs SIREN)? Vous devez r\u00e9partir le montant de l'aide. auchoix : soit \u00e0 parts \u00e9gales entre les diffsrentes entreprises agricoles. soit au prorata du revenu provenant de chaque societe.\nPage3 sur 5* Il s'agit des entreprises on difficult\u00e9 telles que d\u00e9finiesau point 20 de la Communication de ls Commission intitul\u00e9e \u00ab Lignes directrices concernant les aides d'\u00c9tat ausauvetage ot 2 la restructuration d'entreprises en difficult\u00e9 autres que les \u00e9tablissements financiers \u00bb (JO C 249 du 31.72014.p. 1)\n9 / 6\n69_DDT_Direction d\u00e9partementale des territoires du Rh\u00f4ne - 69-2026-02-10-00003 - Arr\u00eat\u00e9 pr\u00e9fectoral n\u00b0 DDT - SEA_20260210002 du\n10 f\u00e9vrier 2026 relatif aux modalit\u00e9s de mise en oeuvre du fonds d'urgence visant \u00e0 soutenir les exploitations les plus fragilis\u00e9es par la\ndiffusion de la dermatose nodulaire contagieuse\n14\nVersion janvier 2025\nANNEXE1 bis(page 1/2)Compl\u00e9ment \u00e0 l'annexe 1 \u00e0 remplir obligatoirement et uniquement par les entreprises exer\u00e7ant, en plus desactivit\u00e9s agricoles, d'autres activit\u00e9s (p\u00eache, transformation, commercialisation, SIEG) au titre desquelles elles ontre\u00e7u des aides de minimis+ Simon entreprise exerce, en plus des activit\u00e9s agricoles, des activit\u00e9s dans la production primaire de produits de lap\u00eache et de l'aquaculture au titre desquelles elle a re\u00e7u des (en application du r\u00e9glement (UE) n\u00b0717/2014 de la Commission du 27 juin 2014, modifi\u00e9 par les r\u00e8glements de la Commission (UE) 2020/2008 du \u00a7 d\u00e9cembre2020, (UE) 2022/2514 du 14 d\u00e9cembre 2022 et (UE) 2023/2391 du 4 octobre 2023. dit \u00ab r\u00e8glement de minimiz p\u00eache \u00bb),J'atteste sur l'honneur :D) avoir re\u00e7u et/ou demand\u00e9 mais pas encore re\u00e7u, au cours de l'exercice fiscal en cours et des deux derniers exercices fiscaux lasomme totale inscrite dans le tableau ci-dessous au titre des aides dites \u00ab de minimis p\u00eache \u00bb (en application du r\u00e9glement (UE) n\u00b0717/2014 modifie par les r\u00e8glements (UE) susvis\u00e9s) : Date de la d\u00e9cision Montant figurant dans laae = d'octroi (ou date de decision d'octroi (ouNumero SIREN de A \u00e0Intitul\u00e9 de l'aide l'entreprise b\u00e9n\u00e9ficiaire dE ms rae de eo aRnca &(9 chiffres)2 demande de l'aide non | demand\u00e9 si l'aide n'a pas \u00e9t\u00e9ELLULE LELUE \u00c9ALULE reque\nMontant (E) des aides re\u00e7ues et/ou demand\u00e9es mais pas encore re\u00e7ues autitre des aides de minimis p\u00eache \u20ac\u20acSi la somme totale des montants d'aides de mimimiz agricole et p\u00eache re\u00e7us et/ou demandes mais pas encore re\u00e7us [(A}-B)-C)]-(D) excede50000\u20ac, l'aide demand\u00e9e (C) dans le pr\u00e9sent formulaire ne sera pas accord\u00e9e; sauf si l'instruction assur\u00e9e par l'autorit\u00e9 publique peut \u00e9ecr\u00e9ter led\u00e9passementde la demande d'aide et octroyer une aide\u00e0 hauteur d'un montant permettant de respecter les seuils imposes par le reglement de minimisagricole sur trois ans ou par le r\u00e9glement de minimiz p\u00eache sur les 3 derniers exercices fiscaux.* Simon entreprise exerce, en plus des activit\u00e9s \u00e9ligibles aux aides de minimis agricole, des activit\u00e9s au titre desquelleselle a re\u00e7u des PR (en application du r\u00e8glement (UE) 2023/2831 de la Commission europ\u00e9ennedu 13 d\u00e9cembre 2023 relatif\u00e0 l'application des articles 107 et 108 du trait\u00e9 sur le fonctionnement de l'Union europ\u00e9enneaux aides de minimis, dit \u00ab r\u00e9glement de minimiz entreprise \u00bb),J'atteste sur l'honneur :E) avoir re\u00e7u et/ou demand\u00e9 mais pas encore re\u00e7u, au cours des 36 derniers mois la somme totale inscrite dans le tableau ci-dessous au titre des aides dites \u00ab de minimis entreprise \u00bb (en application du r\u00e9glement (UE) 2023/2831) :Date de la d\u00e9cision Montant figurant dans laa \"rs d'octroi (ou date de d\u00e9cision d'octroi (ouNumero SIREN de. \u00ef NE re re paiement si absence de montant pay\u00e9 si absence deIntitul\u00e9 de l'aide l'entreprise beneficiaire d\u00e9cision)ou de d\u00e9cision) ou montant(9 chiffres)2 demandede l'aide non | demand\u00e9si l'aide n'a pas \u00e9t\u00e9encore re\u00e7ue encore re\u00e7ue\nTotal (D) des aides re\u00e7ues et/ou demand\u00e9es mais pas encore re\u00e7ues au titredes aides de minimis entreprise Total (D)= '\n\u20acSi la somme totale des montants d'asdes de minim: agricole, peche et entreprise re\u00e7us et/ou demandes mais pas encore re\u00e7us [((A)-(B)-(C)]+(D}-(E)exc\u00e8de 300 000 \u20ac, l'aide demand\u00e9e (C) dans le pr\u00e9sent formulairene sera pas accord\u00e9e: sauf si l'instruction assur\u00e9e par l'autorit\u00e9 publique peut\u00e9cr\u00eater le d\u00e9passement de la demande d\"aide et octroyer une aide \u00e0 hauteur d'un montant permettant de respecter les seuils impos\u00e9s par les differentsr\u00e8glements de minimiz concern\u00e9s sur trois ans ou sur les 3 derniers exercices fiscaux. Por exemple, si l'aidede minimis entreprise ect accord\u00e9e le3004/2024, conform\u00e9mentau r\u00e9glement (UE) 2023/2831, afin de v\u00e9rifier le respect du plafond de 300 000 \u20ac sur une p\u00e9riode de trois ans, Ja p\u00e9riodea prendre en compre est celle allant du 30/04/2021 au 30/04/2024.\nPage4 sur 5\n10 / 6\n69_DDT_Direction d\u00e9partementale des territoires du Rh\u00f4ne - 69-2026-02-10-00003 - Arr\u00eat\u00e9 pr\u00e9fectoral n\u00b0 DDT - SEA_20260210002 du\n10 f\u00e9vrier 2026 relatif aux modalit\u00e9s de mise en oeuvre du fonds d'urgence visant \u00e0 soutenir les exploitations les plus fragilis\u00e9es par la\ndiffusion de la dermatose nodulaire contagieuse\n15\nVersion janvier 2025 ANNEXE1 bis(page 2/2)* S'il a \u00e9t\u00e9 confi\u00e9\u00e0 mon entreprise un service d'int\u00e9r\u00eat \u00e9conomique g\u00e9n\u00e9ral (SIEG) au titre duquel elle a re\u00e7u des Ridesen application du r\u00e9glement (UE) 2023/2832 de la Commission du 13 d\u00e9cembre 2023 relatif \u00e0l'application des articles 107 et 108 du trait\u00e9 sur le fonctionnement de l'Union europ\u00e9enne aux aides de minimis octroy\u00e9es\u00e0 des entreprises fournissant des services d'int\u00e9r\u00eat \u00e9conomique g\u00e9n\u00e9ral. dit \u00ab r\u00e8glement de minimis SIEG \u00bb).J'atteste sur l'honneur :F) avoir re\u00e7u et/ou demand\u00e9 mais pas encore re\u00e7u, au cours des 36 derniers mois la somme totale inscrite dans le tableau ci-dessousau titre des aides dites \u00ab de minimis SIEG \u00bb (en application du reglement (UE) 2023/2832):Montant figurant dans laDate de la d\u00e9cision d'octroi d\u00e9cision d'octroi (ouNum\u00e9ro SIREN de (ou date de montant pay\u00e9 siIntitul\u00e9 de l'aide l'entreprise b\u00e9n\u00e9ficiaire paiement si absence de absence de decision)(9 chiffres)2 d\u00e9cision) ou de demande de | ou montant demand\u00e9e sil'aide non encore re\u00e7ue l'aide n'a pas \u00e9t\u00e9 encorere\u00e7ue\nTotal (F) des aides re\u00e7ues et/ou demand\u00e9es au titre des aides Total (F) =de minimis SIEG \u00fc \u20ac\u20acPour rappel, si la somme totale des montants d'aides de minimiz agricole, p\u00eache et entreprise re\u00e7us etv/ou demandes mais pas encore re\u00e7us(ArB}HOJ-D}YE)exc\u00e8de 300 000 \u20ac, l'aide demand\u00e9e (C) dans le pr\u00e9sent formulairene sera pas accordee: sauf si l'instruction assur\u00e9e parl'autorit\u00e9 publique peut \u00e9cr\u00e9ter le d\u00e9passement de la demande d'aide et octroyer une aide \u00e0 hauteur d'un montant permettant de respecter les seuilsimposes par les differents reglements de minimis concern\u00e9s sur trois ams ou sur les trois exercices fiscaux.En revanche. il est possible de cumuler les aides de minimiz agricole (ainsi que les aides de minimis: entreprise ou p\u00eache) avec les aides de minimizSIEG \u00e0 condition que chaque type d'aide de minimis respecte son propre plafond individuel sur une p\u00e9riode de trois ans, \u00e0 savoir :- le plafond d'aides de minimiz agricole est de 30 000 \u20ac au titre de leurs activites dans la dans la production primaire de produits agricoles(en cumulant les aides de minimiz agricole et/ou p\u00eache et entreprise, le plafond maximum d'aides de minimis \u00e0 respecter est de 300 000 \u20ac).- le plafond d'aides de mmimiz SIEG est de 750 000 \u20ac au titre de leurs activit\u00e9s dans bs fourniture d'un service d'int\u00e9r\u00eat \u00e9conomique g\u00e9n\u00e9ral.\nCases\u00e0 cocher :O Je d\u00e9clare avoir mentionn\u00e9 sur la pr\u00e9sente annexe l'ensemble des aides de minimiz re\u00e7ues au cours des 36 derniers mois (ou de l'exercice fiscalen cours et des deux exercices fiscaux pr\u00e9c\u00e9dents pour les aides de minimiz p\u00eache. le cas \u00e9ch\u00e9ant)0 Je m'engage \u00e0 conserver tout document permettant de v\u00e9rifier l'exactitude de la pr\u00e9sente d\u00e9claration pendant dix (10) ans (ou dix (10) exercicesfiscaux pour les aides de mimimiz p\u00eache. le cas \u00e9ch\u00e9ant), \u00e0 compter ba date d'octroi de l'aide demandse\nNom et pr\u00e9nom du repr\u00e9sentant Kgal de l'entreprise, date et signature, cachet (le cas \u00e9ch\u00e9ant)\nLes informations sollicit\u00e9es sont obligatoires. \u00c0 d\u00e9faut, votre demande ne pourra pas \u00eatre trait\u00e9e.\nPage5 var 5\n11 / 6\n69_DDT_Direction d\u00e9partementale des territoires du Rh\u00f4ne - 69-2026-02-10-00003 - Arr\u00eat\u00e9 pr\u00e9fectoral n\u00b0 DDT - SEA_20260210002 du\n10 f\u00e9vrier 2026 relatif aux modalit\u00e9s de mise en oeuvre du fonds d'urgence visant \u00e0 soutenir les exploitations les plus fragilis\u00e9es par la\ndiffusion de la dermatose nodulaire contagieuse\n16\n69_DDT_Direction d\u00e9partementale des\nterritoires du Rh\u00f4ne\n69-2026-02-10-00001\nArr\u00eat\u00e9 pr\u00e9fectoral n\u00b0DDT_SENR_2026 C 9\nrelatif \u00e0 l'agr\u00e9ment n\u00b0 2026-NS-069-0001 d\u00e9livr\u00e9\n\u00e0 l'entreprise ECO CURAGE LYON\npour la r\u00e9alisation d'op\u00e9rations de vidange, de\ntransport et d'\u00e9limination des mati\u00e8res extraites\ndes installations d'assainissement non collectif\n69_DDT_Direction d\u00e9partementale des territoires du Rh\u00f4ne - 69-2026-02-10-00001 - Arr\u00eat\u00e9 pr\u00e9fectoral n\u00b0DDT_SENR_2026 C 9\nrelatif \u00e0 l'agr\u00e9ment n\u00b0 2026-NS-069-0001 d\u00e9livr\u00e9 \u00e0 l'entreprise ECO CURAGE LYON\npour la r\u00e9alisation d'op\u00e9rations de vidange, de transport et d'\u00e9limination des mati\u00e8res extraites des installations d'assainissement non\ncollectif\n17\nesPREFETEDU RHONELibert\u00e9Egalit\u00e9Fraternit\u00e9\nDirection d\u00e9partementale\ndes territoires\nArr\u00eat\u00e9 pr\u00e9fectoral n\u00b0DDT_SENR_2026 C 9\nrelatif \u00e0 l'agr\u00e9ment n\u00b0 2026-NS-069-0001 d\u00e9livr\u00e9 \u00e0 l'entreprise ECO CURAGE LYON\npour la r\u00e9alisation d'op\u00e9rations de vidange, de transport et d'\u00e9limination des mati\u00e8res extraites des\ninstallations d'assainissement non collectif\nLa Pr\u00e9f\u00e8te de la R\u00e9gion Auvergne-Rh\u00f4ne-Alpes,\nPr\u00e9f\u00e8te de la Zone de d\u00e9fense et de s\u00e9curit\u00e9 sud-est,\nPr\u00e9f\u00e8te du Rh\u00f4ne,\nCommandeur de la L\u00e9gion d'honneur,\nCommandeur de l'Ordre national du m\u00e9rite,\nVU\u00a0le code de l'environnement, notamment ses articles R. 211-25 \u00e0 R. 211-45 et R. 214-5,\nVU\u00a0le code g\u00e9n\u00e9ral des collectivit\u00e9s territoriales, notamment son article L. 2224-8,\nVU\u00a0le code de la sant\u00e9 publique, notamment son article L. 1331-1-1,\nVU\u00a0l'arr\u00eat\u00e9 minist\u00e9riel du 7  septembre 2009 modifi\u00e9 par l'arr\u00eat\u00e9 du 3  d\u00e9cembre 2010 d\u00e9finissant les\nmodalit\u00e9s  d'agr\u00e9ment  des  personnes  r\u00e9alisant  les  vidanges  et  prenant  en  charge  le  transport  et\nl'\u00e9limination des mati\u00e8res extraites des installations d'assainissement non collectif,\nVU le d\u00e9cret n\u00b0 2004-374 du 29 avril 2004 relatif aux pouvoirs des pr\u00e9fets, \u00e0 l'organisation et \u00e0 l'action\ndes services de l'\u00c9tat dans les r\u00e9gions et les d\u00e9partements, modifi\u00e9 par les d\u00e9crets n\u00b0  2010-146 du\n16 f\u00e9vrier 2010 et n\u00b0 2012-16 du 5 janvier 2012,\nVU le d\u00e9cret en conseil des ministres du 11 janvier 2023 portant nomination de Mme Fabienne BUCCIO\nen qualit\u00e9 de pr\u00e9f\u00e8te de la r\u00e9gion Auvergne-Rh\u00f4ne- Alpes, pr\u00e9f\u00e8te de la zone de d\u00e9fense et de s\u00e9curit\u00e9\nSud-Est, pr\u00e9f\u00e8te du Rh\u00f4ne (hors classe),\nVU le d\u00e9cret du 15  mai 2025 portant nomination de M.  Fabrice ROSAY en qualit\u00e9 de pr\u00e9fet, secr\u00e9taire\ng\u00e9n\u00e9ral de la pr\u00e9fecture du Rh\u00f4ne, pr\u00e9fet d\u00e9l\u00e9gu\u00e9 pour l'\u00e9galit\u00e9 des chances aupr\u00e8s de la pr\u00e9f\u00e8te de la\nr\u00e9gion Auvergne-Rh\u00f4ne-Alpes, pr\u00e9f\u00e8te de la zone de d\u00e9fense et de s\u00e9curit\u00e9 Sud-Est, \nVU l'arr\u00eat\u00e9  pr\u00e9fectoral  n\u00b0 69-2025-09-26-00003  du  16 juin 2025  portant  d\u00e9l\u00e9gation  de  signature  \u00e0\nM. Fabrice ROSAY, pr\u00e9fet, secr\u00e9taire g\u00e9n\u00e9ral de la pr\u00e9fecture du Rh\u00f4ne, pr\u00e9fet d\u00e9l\u00e9gu\u00e9 pour l'\u00e9galit\u00e9 des\nchances aupr\u00e8s de la pr\u00e9f\u00e8te de la r\u00e9gion Auvergne-Rh\u00f4ne-Alpes, pr\u00e9f\u00e8te de la zone de d\u00e9fense et de\ns\u00e9curit\u00e9 Sud-Est, pr\u00e9f\u00e8te du Rh\u00f4ne,\nVU l'arr\u00eat\u00e9 pr\u00e9fectoral n\u00b0 69-2025-09-08-00008 du 8 septembre 2025 portant d\u00e9l\u00e9gation de signature \u00e0\nM. Xavier CEREZA, directeur d\u00e9partemental des territoires du Rh\u00f4ne,\nVU la d\u00e9cision n\u00b0  69-2025-09-11-00001 du 11  septembre 2025  portant  subd\u00e9l\u00e9gation de signature en\nmati\u00e8re d'attributions g\u00e9n\u00e9rales,\nVU la demande d'agr\u00e9ment de l'entreprise ECO CURAGE LYON, re\u00e7ue le 23 janvier 2026 et compl\u00e9t\u00e9e le\n29 janvier 2026, enregistr\u00e9e sous le num\u00e9ro cascade 69-2026-00012,\n1/4\n69_DDT_Direction d\u00e9partementale des territoires du Rh\u00f4ne - 69-2026-02-10-00001 - Arr\u00eat\u00e9 pr\u00e9fectoral n\u00b0DDT_SENR_2026 C 9\nrelatif \u00e0 l'agr\u00e9ment n\u00b0 2026-NS-069-0001 d\u00e9livr\u00e9 \u00e0 l'entreprise ECO CURAGE LYON\npour la r\u00e9alisation d'op\u00e9rations de vidange, de transport et d'\u00e9limination des mati\u00e8res extraites des installations d'assainissement non\ncollectif\n18\nCONSID\u00c9RANT que l'ensemble des pi\u00e8ces mentionn\u00e9es \u00e0 l'annexe I de l'arr\u00eat\u00e9 du 7  septembre 2009\nsusvis\u00e9 ont \u00e9t\u00e9 d\u00e9livr\u00e9es par le demandeur,\nSur proposition du directeur d\u00e9partemental des territoires du Rh\u00f4ne,\nARR\u00caTE\nArticle\u00a01 : B\u00e9n\u00e9ficiaire de l'agr\u00e9ment.\nLa soci\u00e9t\u00e9 ECO CURAGE LYON (num\u00e9ro SIRET : 993 457 399 00018), domicili\u00e9e 22 rue du 35\u00e8me R\u00e9giment\nd'Aviation - 69500 BRON, est agr\u00e9\u00e9e pour la vidange, le transport et l'\u00e9limination des mati\u00e8res extraites\ndes installations d'assainissement non collectif sous le num\u00e9ro 2026-NS-069-0001.\nArticle\u00a02 : Objet de l'agr\u00e9ment.\nL'entreprise ECO CURAGE LYON est agr\u00e9\u00e9e pour r\u00e9aliser les vidanges des installations d'assainissement\nnon  collectif  et  prendre  en  charge  le  transport  et  l'\u00e9limination  des  mati\u00e8res  extraites  dans  les\nd\u00e9partements suivant :\n- Rh\u00f4ne (69),\n- Ain (01),\n- Is\u00e8re (38).\nLa quantit\u00e9 maximale annuelle de mati\u00e8res de vidange vis\u00e9e par le pr\u00e9sent agr\u00e9ment est de 330 m\u00b3.\nLa fili\u00e8re d'\u00e9limination valid\u00e9e par le pr\u00e9sent agr\u00e9ment est la suivante :\n- station d'\u00e9puration de Pierre B\u00e9nite (69) (Ma\u00eetre d'ouvrage : M\u00e9tropole de Lyon).\nArticle\u00a03 : Suivi de l'activit\u00e9.\nLe  b\u00e9n\u00e9ficiaire  de  l'agr\u00e9ment  doit  respecter  les  prescriptions  g\u00e9n\u00e9rales  d\u00e9finies  dans  l'arr\u00eat\u00e9  du\n7 septembre 2009 susvis\u00e9.\nConform\u00e9ment aux \u00e9l\u00e9ments fournis, le b\u00e9n\u00e9ficiaire de l'agr\u00e9ment \u00e9tablit pour chaque vidange un\nbordereau de suivi des mati\u00e8res de vidange compos\u00e9 de 4  volets. Le volet n\u00b0  1 est conserv\u00e9 par le\nproducteur lors de la prise en charge de son produit par le prestataire d'assainissement. Le volet n\u00b0 2 est\nconserv\u00e9  par  l'unit\u00e9  de  traitement  ayant  accept\u00e9  le  sous-produit.  Le  volet  n\u00b03  est  retourn\u00e9  au\nproducteur apr\u00e8s traitement. Le volet n\u00b0 4 est conserv\u00e9 par le prestataire d'assainissement.\nLe b\u00e9n\u00e9ficiaire de l'agr\u00e9ment adresse au service en charge de la police de l'eau, chaque ann\u00e9e avant le\n1er avril, un bilan d'activit\u00e9 de vidange de l'ann\u00e9e ant\u00e9rieure. Ce bilan comporte a minima :\n- les informations concernant le nombre d'installations vidang\u00e9es par commune et les quantit\u00e9s\ntotales de mati\u00e8res correspondantes,\n- les quantit\u00e9s de mati\u00e8re dirig\u00e9es vers les diff\u00e9rentes fili\u00e8res d'\u00e9limination,\n- un \u00e9tat  des moyens de vidange dont  dispose le b\u00e9n\u00e9ficiaire de l'agr\u00e9ment  et les \u00e9volutions\nenvisag\u00e9es.\nCe  document  comprend  en  annexe  une  attestation  sign\u00e9e  par  le  responsable  de  chaque  fili\u00e8re\nd'\u00e9limination indiquant notamment la quantit\u00e9 de mati\u00e8res de vidange livr\u00e9e par le b\u00e9n\u00e9ficiaire de\nl'agr\u00e9ment.\n2/4\n69_DDT_Direction d\u00e9partementale des territoires du Rh\u00f4ne - 69-2026-02-10-00001 - Arr\u00eat\u00e9 pr\u00e9fectoral n\u00b0DDT_SENR_2026 C 9\nrelatif \u00e0 l'agr\u00e9ment n\u00b0 2026-NS-069-0001 d\u00e9livr\u00e9 \u00e0 l'entreprise ECO CURAGE LYON\npour la r\u00e9alisation d'op\u00e9rations de vidange, de transport et d'\u00e9limination des mati\u00e8res extraites des installations d'assainissement non\ncollectif\n19\nLe b\u00e9n\u00e9ficiaire de l'agr\u00e9ment tient \u00e0 jour un registre, class\u00e9 par dates, comportant les bordereaux de\nsuivi  des  mati\u00e8res  de  vidange  ainsi  que  les  bilans  annuels  d'activit\u00e9s.  Ce  document  est  tenu  en\npermanence \u00e0 la disposition du pr\u00e9fet et de ses services. La dur\u00e9e de conservation des bordereaux de\nsuivi et des bilans annuels est de dix ann\u00e9es.\nArticle\u00a04 : Contr\u00f4le par l'administration.\nLe pr\u00e9fet et ses services peuvent proc\u00e9der \u00e0 la r\u00e9alisation des contr\u00f4les n\u00e9cessaires \u00e0 la v\u00e9rification de\nl'exactitude des d\u00e9clarations effectu\u00e9es par le b\u00e9n\u00e9ficiaire de l'agr\u00e9ment et contr\u00f4ler le respect de ses\nobligations au titre de l'arr\u00eat\u00e9 du 7  septembre 2009 susvis\u00e9 et du pr\u00e9sent arr\u00eat\u00e9. Ces op\u00e9rations de\ncontr\u00f4le peuvent \u00eatre inopin\u00e9es.\nArticle\u00a05 : Modification des conditions de l'agr\u00e9ment.\nEn cas de modification ou de projet de modification de la quantit\u00e9 maximale annuelle de mati\u00e8res de\nvidange agr\u00e9\u00e9e et/ou de la (des) fili\u00e8re(s) d'\u00e9limination, le b\u00e9n\u00e9ficiaire de l'agr\u00e9ment sollicite aupr\u00e8s du\npr\u00e9fet une modification des conditions de son agr\u00e9ment.\nArticle\u00a06 : Droits des tiers.\nLes droits des tiers sont et demeurent express\u00e9ment r\u00e9serv\u00e9s.\nArticle\u00a07 : Autres r\u00e9glementations.\nLe pr\u00e9sent arr\u00eat\u00e9 ne dispense en aucun cas le b\u00e9n\u00e9ficiaire de l'agr\u00e9ment de faire les d\u00e9clarations ou\nd'obtenir les autorisations requises par d'autres r\u00e9glementations.\nArticle\u00a08 : Dur\u00e9e de l'agr\u00e9ment.\nLa dur\u00e9e de validit\u00e9 de l'agr\u00e9ment est fix\u00e9e \u00e0 dix ans \u00e0 compter de la date de signature du pr\u00e9sent\narr\u00eat\u00e9.\n\u00c0 l'expiration de cette p\u00e9riode, l'agr\u00e9ment peut \u00eatre renouvel\u00e9 pour une m\u00eame dur\u00e9e maximale de dix\nans, sur demande expresse du b\u00e9n\u00e9ficiaire. La demande de renouvellement de l'agr\u00e9ment est transmise\nau service en charge de la police de l'eau au moins six mois avant la date limite de fin de validit\u00e9 de\nl'agr\u00e9ment initial. Cette demande est accompagn\u00e9e d'un dossier comportant l'ensemble des pi\u00e8ces\nmentionn\u00e9es \u00e0 l'annexe I de l'arr\u00eat\u00e9 du 7 septembre 2009 susvis\u00e9 actualis\u00e9es.\nLorsque les modalit\u00e9s ci-dessus sont respect\u00e9es, la validit\u00e9 de l'agr\u00e9ment initial est prolong\u00e9e jusqu'\u00e0\nnotification de la d\u00e9cision pr\u00e9fectorale concernant la demande de renouvellement.\nLe pr\u00e9fet peut toutefois d\u00e9cider de retirer cette prolongation temporaire d'agr\u00e9ment conform\u00e9ment \u00e0\nl'article 9 ou en cas de manquement du demandeur \u00e0 ses obligations dans le cadre de l'instruction de\nson dossier de demande de renouvellement d'agr\u00e9ment.\nArticle\u00a09 : Suspension ou suppression de l'agr\u00e9ment.\nL'agr\u00e9ment peut \u00eatre retir\u00e9 ou modifi\u00e9 \u00e0 l'initiative du pr\u00e9fet dans les cas suivants :\n- en cas de faute professionnelle grave ou de manquement \u00e0 la moralit\u00e9 professionnelle,\n- lorsque la capacit\u00e9 des fili\u00e8res d'\u00e9limination des mati\u00e8res de vidange ne permet pas de recevoir la\nquantit\u00e9 maximale pour laquelle le b\u00e9n\u00e9ficiaire a \u00e9t\u00e9 agr\u00e9\u00e9,\n- en cas de manquement du b\u00e9n\u00e9ficiaire aux obligations de l'arr\u00eat\u00e9 du 7  septembre 2009 susvis\u00e9,\nen  particulier,  en  cas  d'\u00e9limination  de  mati\u00e8res  de  vidange  hors  des  fili\u00e8res  pr\u00e9vues  par\nl'agr\u00e9ment,\n- en cas de non-respect des \u00e9l\u00e9ments d\u00e9clar\u00e9s dans la demande d'agr\u00e9ment.\n3/4\n69_DDT_Direction d\u00e9partementale des territoires du Rh\u00f4ne - 69-2026-02-10-00001 - Arr\u00eat\u00e9 pr\u00e9fectoral n\u00b0DDT_SENR_2026 C 9\nrelatif \u00e0 l'agr\u00e9ment n\u00b0 2026-NS-069-0001 d\u00e9livr\u00e9 \u00e0 l'entreprise ECO CURAGE LYON\npour la r\u00e9alisation d'op\u00e9rations de vidange, de transport et d'\u00e9limination des mati\u00e8res extraites des installations d'assainissement non\ncollectif\n20\nEn cas de retrait ou de suspension de l'agr\u00e9ment, le b\u00e9n\u00e9ficiaire ne peut plus assurer les activit\u00e9s\nmentionn\u00e9es \u00e0 l'article  2 du pr\u00e9sent arr\u00eat\u00e9 et est tenu de prendre toute disposition n\u00e9cessaire pour\nveiller \u00e0 ce que les mati\u00e8res de vidange dont il a pris la charge ne provoquent aucune nuisance et de les\n\u00e9liminer conform\u00e9ment \u00e0 la r\u00e9glementation.\nLe b\u00e9n\u00e9ficiaire dont l'agr\u00e9ment a \u00e9t\u00e9 retir\u00e9 ne peut pr\u00e9tendre \u00e0 un nouvel agr\u00e9ment dans les six mois \u00e0\ncompter de la notification de la d\u00e9cision de retrait.\nArticle\u00a010 : Publication et information des tiers.\nCet arr\u00eat\u00e9 est publi\u00e9 au recueil des actes administratifs de la pr\u00e9fecture du Rh\u00f4ne.\nUne copie de cet arr\u00eat\u00e9 est transmise \u00e0 la mairie de la commune de BRON pour affichage pendant une\ndur\u00e9e minimale d'un mois.\nUne liste des personnes agr\u00e9\u00e9es est publi\u00e9e sur le site des services de l'\u00c9tat dans le Rh\u00f4ne.\nArticle\u00a011 : Voies et d\u00e9lais de recours.\nLa pr\u00e9sente d\u00e9cision peut faire l'objet d'un recours dans les deux mois qui suivent sa notification ou sa\npublication au recueil des actes administratifs, conform\u00e9ment aux articles R.  421-1 et R.  421-2 du code\nde justice administrative :\n- par la voie d'un recours gracieux aupr\u00e8s du Pr\u00e9fet du Rh\u00f4ne ou hi\u00e9rarchique aupr\u00e8s du ministre en\ncharge de l'environnement. L'absence de r\u00e9ponses dans le d\u00e9lai de deux mois fait na\u00eetre une\nd\u00e9cision  implicite  de  rejet,  qui  peut  elle-m\u00eame  faire  l'objet  d'un  recours  devant  le  tribunal\nadministratif territorialement comp\u00e9tent,\n- par la voie d'un recours contentieux devant le tribunal administratif de Lyon.\nLe tribunal administratif peut \u00eatre saisi d'une requ\u00eate d\u00e9pos\u00e9e sur le site www.telerecours.fr.\nArticle\u00a012 : Ex\u00e9cution.\nLe pr\u00e9fet, secr\u00e9taire g\u00e9n\u00e9ral de la pr\u00e9fecture du Rh\u00f4ne, pr\u00e9fet d\u00e9l\u00e9gu\u00e9 pour l'\u00e9galit\u00e9 des chances, le\ndirecteur d\u00e9partemental des territoires du Rh\u00f4ne, sont charg\u00e9s, chacun en ce qui le concerne, de\nl'ex\u00e9cution du pr\u00e9sent arr\u00eat\u00e9.\nFait, le 10 f\u00e9vrier 2026\nPour la Pr\u00e9f\u00e8te et par d\u00e9l\u00e9gation,\nPour le directeur d\u00e9partemental des Territoires du Rh\u00f4ne  \nLe directeur adjoint\nNicolas ROUGIER\n4/4\n69_DDT_Direction d\u00e9partementale des territoires du Rh\u00f4ne - 69-2026-02-10-00001 - Arr\u00eat\u00e9 pr\u00e9fectoral n\u00b0DDT_SENR_2026 C 9\nrelatif \u00e0 l'agr\u00e9ment n\u00b0 2026-NS-069-0001 d\u00e9livr\u00e9 \u00e0 l'entreprise ECO CURAGE LYON\npour la r\u00e9alisation d'op\u00e9rations de vidange, de transport et d'\u00e9limination des mati\u00e8res extraites des installations d'assainissement non\ncollectif\n21\n69_DDT_Direction d\u00e9partementale des\nterritoires du Rh\u00f4ne\n69-2026-02-10-00002\nArr\u00eat\u00e9 pr\u00e9fectoral portant approbation du\ndossier de s\u00e9curit\u00e9 relatif au projet de\nprolongement de la ligne T6 des h\u00f4pitaux Est \u00e0 la\nDoua (projet T6 Nord)\n69_DDT_Direction d\u00e9partementale des territoires du Rh\u00f4ne - 69-2026-02-10-00002 - Arr\u00eat\u00e9 pr\u00e9fectoral portant approbation du\ndossier de s\u00e9curit\u00e9 relatif au projet de prolongement de la ligne T6 des h\u00f4pitaux Est \u00e0 la Doua (projet T6 Nord) 22\nesPREFETEDU RHONELibert\u00e9Egalit\u00e9Fraternit\u00e9\nDirection d\u00e9partementale\ndes territoires\nArr\u00eat\u00e9 pr\u00e9fectoral n\u00b0 DDT69-2026-02-10-00002 du 10 f\u00e9vrier 2026 portant approbation \ndu dossier de s\u00e9curit\u00e9 relatif au projet de prolongement \nde la ligne T6 des H\u00f4pitaux Est \u00e0 La Doua (projet T6 Nord)\nLa Pr\u00e9f\u00e8te de la R\u00e9gion Auvergne-Rh\u00f4ne-Alpes,\nPr\u00e9f\u00e8te de la Zone de d\u00e9fense et de s\u00e9curit\u00e9 sud-est,\nPr\u00e9f\u00e8te du Rh\u00f4ne,\nCommandeur de la L\u00e9gion d'honneur,\nCommandeur de l'ordre national du M\u00e9rite,\nVU le code des transports,\nVU le d\u00e9cret n\u00b02003-425 du 9 mai 2003 relatif \u00e0 la s\u00e9curit\u00e9 des transports publics guid\u00e9s,\nVU le d\u00e9cret n\u00b02004-374 du 29  avril 2004 relatif aux pouvoirs des pr\u00e9fets, \u00e0 l'organisation et \u00e0 l'action  \ndes  services  de  l'\u00c9tat  dans  les  r\u00e9gions  et  d\u00e9partements,  modifi\u00e9  par  les  d\u00e9crets  n\u00b02010-146  du \n16 f\u00e9vrier 2010 et n\u00b02012-16 du 5 janvier 2012,\nVU le d\u00e9cret n\u00b02010-1580 du 17 d\u00e9cembre 2010 relatif au service technique des remont\u00e9es m\u00e9caniques  \net des transports guid\u00e9s,\nVU le d\u00e9cret n\u00b02017-440 du 30 mars 2017 relatif \u00e0 la s\u00e9curit\u00e9 des transports publics guid\u00e9s,\nVU le d\u00e9cret en conseil des ministres du 11 janvier 2023 portant nomination de la pr\u00e9f\u00e8te de la r\u00e9gion  \nAuvergne-Rh\u00f4ne-Alpes,  pr\u00e9f\u00e8te  de  la  zone  de  d\u00e9fense  et  de  s\u00e9curit\u00e9  Sud-Est,  pr\u00e9f\u00e8te  du \nRh\u00f4ne - Mme BUCCIO (Fabienne),\nVU le d\u00e9cret en conseil des ministres du 15 mai 2025 portant nomination du pr\u00e9fet, secr\u00e9taire g\u00e9n\u00e9ral  \nde la pr\u00e9fecture du Rh\u00f4ne, pr\u00e9fet d\u00e9l\u00e9gu\u00e9 pour l'\u00e9galit\u00e9 des chances aupr\u00e8s de la pr\u00e9f\u00e8te de la r\u00e9gion  \nAuvergne-Rh\u00f4ne-Alpes, pr\u00e9f\u00e8te de la zone de d\u00e9fense et de s\u00e9curit\u00e9 Sud-Est, pr\u00e9f\u00e8te du Rh\u00f4ne \u2013  \nM. ROSAY (Fabrice),\nVU l'arr\u00eat\u00e9 du 23  mai 2003 modifi\u00e9 relatif aux dossiers de s\u00e9curit\u00e9 des syst\u00e8mes de transports publics  \nguid\u00e9s urbains,\nVU la circulaire du 6  juillet 2011 relative \u00e0 l'organisation du contr\u00f4le des syst\u00e8mes de transports et de  \nl'instruction  des  dossiers  entre  le  service  technique  des  remont\u00e9es  m\u00e9caniques  et  des  transports \nguid\u00e9s, les pr\u00e9fets et leurs services, en application du d\u00e9cret du 17 d\u00e9cembre 2010,\nVU l'arr\u00eat\u00e9 du 24 novembre 2023 approuvant le dossier pr\u00e9liminaire de s\u00e9curit\u00e9 relatif au projet de  \ncr\u00e9ation de la ligne tramway T6 Nord du r\u00e9seau de Lyon,\n1/3\n69_DDT_Direction d\u00e9partementale des territoires du Rh\u00f4ne - 69-2026-02-10-00002 - Arr\u00eat\u00e9 pr\u00e9fectoral portant approbation du\ndossier de s\u00e9curit\u00e9 relatif au projet de prolongement de la ligne T6 des h\u00f4pitaux Est \u00e0 la Doua (projet T6 Nord) 23\nCONSID\u00c9RANT la d\u00e9claration de compl\u00e9tude du dossier de s\u00e9curit\u00e9 de la ligne T6 Nord en date du  \n12 novembre 2025,\nCONSID\u00c9RANT l'avis favorable du service technique des remont\u00e9es m\u00e9caniques et des transports  \nguid\u00e9s sur le dossier de s\u00e9curit\u00e9 en date du 30 janvier 2026,\nSur proposition du directeur d\u00e9partemental des territoires\nARR\u00caTE\nArticle     1     :   Autorisation\nLe dossier de s\u00e9curit\u00e9 de l'extension de la ligne T6 des H\u00f4pitaux Est \u00e0 la Doua (projet T6 Nord) du  \nr\u00e9seau de tramway de Lyon, est approuv\u00e9.\nLe  r\u00e8glement  de  s\u00e9curit\u00e9  de  l'exploitation  \u00ab tramway  urbains \u00bb  version  C  de  d\u00e9cembre  2025,  est \napprouv\u00e9.\nLa mise en service commercial de l'extension de la ligne T6, est autoris\u00e9e.\nArticle     2     :   Prescriptions d'ordre g\u00e9n\u00e9ral\nSYTRAL  Mobilit\u00e9s  devra  prendre  en  compte  l'\u00e9valuation  de  l'organisme  qualifi\u00e9  agr\u00e9\u00e9  (OQA),  en \nparticulier :\n- les remarques et r\u00e9serves de l'OQA devront \u00eatre prises en compte, dans les d\u00e9lais indiqu\u00e9s dans  \nses rapports (ref. S012-16-DS-RS ind C et CB722-10228021-23-R-022-6 RES OQA)\n- le  rapport  consolid\u00e9  confirmant  la  lev\u00e9e  des  derniers  points  ouverts  sera  transmis  pour \ninformation aux services de l'\u00c9tat au plus tard un an apr\u00e8s la mise en service commercial.\nPar  ailleurs,  une  attention  particuli\u00e8re  sera  port\u00e9e  dans  le  cadre  du  retour  d'exp\u00e9rience  de \nl'exploitation aux points suivants :\n- la v\u00e9g\u00e9tation \u00e0 proximit\u00e9 de la plate-forme,\n- le stationnement illicite \u00e0 proximit\u00e9 de la plate-forme,\n- le d\u00e9passement des tramways sur l'aire pi\u00e9tonne de la rue Verlaine,\n- les interactions avec les v\u00e9hicules routiers rue Billon,\n- les mouvements de demi-tour illicite sur l'avenue Roger Salengro,\n- le  comportement  des  pi\u00e9tons  en  travers\u00e9e  de  la  plate-forme,  en  particulier  au  niveau  du \ncarrefour Pressens\u00e9 (absence de contraste entre la travers\u00e9e pi\u00e9tonne de la plate-forme et le site  \npropre),\n- les interactions avec les cycles, en particulier au niveau du carrefour Florian/Lafontaine,\n- les interactions avec le BHNS TB12.\nUn bilan du retour d'exp\u00e9rience de l'exploitation, revenant notamment sur les prescriptions du pr\u00e9sent \narticle, sera pr\u00e9sent\u00e9 par l'exploitant \u00e0 3 mois et 6 mois apr\u00e8s la mise en service.\nS'agissant de la finalisation des travaux, un premier bilan sur les travaux en cours de finalisation sera  \npr\u00e9sent\u00e9 \u00e0 l'OQA et au STRMTG au maximum 2 semaines apr\u00e8s la mise en service, puis p\u00e9riodiquement \njusqu'\u00e0 leur compl\u00e8te r\u00e9alisation.\n2/3\n69_DDT_Direction d\u00e9partementale des territoires du Rh\u00f4ne - 69-2026-02-10-00002 - Arr\u00eat\u00e9 pr\u00e9fectoral portant approbation du\ndossier de s\u00e9curit\u00e9 relatif au projet de prolongement de la ligne T6 des h\u00f4pitaux Est \u00e0 la Doua (projet T6 Nord) 24\nS'agissant du remorquage poussage sur le boulevard Pinel, et dans le cadre d'une mise en convoi, un  \npoussage d'une rame Citadis 402 par une rame Citadis 302 est interdit en rampe sur le boulevard Pinel.  \nLa proc\u00e9dure d'exploitation associ\u00e9e est a transmettre pour information au STRMTG dans un d\u00e9lai de  \n6 mois suivant la mise en service.\nEnfin, les arr\u00eat\u00e9s r\u00e9gissant les r\u00e8gles de circulation le long du lin\u00e9aire de l'extension Nord de la ligne T6  \nsont \u00e0 transmettre au STRMTG, dans un d\u00e9lai de 3 mois suivant la mise en service.\nTout  \u00e9v\u00e9nement  de  s\u00e9curit\u00e9,  incident  et  accident  survenant  sur  cette  extension  sera  port\u00e9  \u00e0  la \nconnaissance  des  services  de  l'\u00c9tat  selon  les  modalit\u00e9s  d\u00e9finies  entre  l'autorit\u00e9  organisatrice  des \nmobilit\u00e9s et les services de l'\u00c9tat.\nArticle     3     :   Prescriptions d'ordre technique\n \nDes prescriptions d'ordre technique portent sur les dispositifs suivants : \n- dispositif \u00ab Top of Rail \u00bb (TOR) fixe : pr\u00e9alablement \u00e0 la mise en service du premier dispositif TOR  \nfixe de l'extension T6 Nord, SYTRAL Mobilit\u00e9s confirmera au STRMTG que le dispositif mis en  \n\u0153uvre est en tout point identique aux dispositifs TOR fixes d\u00e9j\u00e0 pr\u00e9sents sur le r\u00e9seau tramway  \nde Lyon et transmettra l'analyse de torabilit\u00e9 suivant le guide STRMTG \u00ab  Lubrification de la t\u00eate  \ndu rail \u00bb,\n- \u00e9clairage \u00e0 proximit\u00e9 de la plate-forme  : SYTRAL Mobilit\u00e9s compl\u00e9tera l'exigence RSD_SYS_008  \ndu Registre des Situations Dangereuses en pr\u00e9cisant la valeur d'abaissement maximal du flux  \nlumineux de l'\u00e9clairage public \u00e0 proximit\u00e9 de la plate-forme \u00e0 consid\u00e9rer la nuit, \n- lacune au niveau des portes de queue  : un dispositif permettant de r\u00e9duire la lacune horizontale  \nentre le quai de la station Saint-Exup\u00e9ry en voie 2 et le mat\u00e9riel roulant, au niveau des portes de  \nqueue, devra \u00eatre mis en \u0153uvre dans un d\u00e9lai de 3  mois apr\u00e8s la mise en service. La mise en  \n\u0153uvre de ce dispositif, ainsi que la valeur de lacune horizontale r\u00e9siduelle devra faire l'objet  \nd'une information aux services de l'\u00c9tat, \n- intersection urbaine : tout stationnement illicite formant un masque \u00e0 la visibilit\u00e9 pour les tiers  \nen travers\u00e9e de plate-forme devra \u00eatre trait\u00e9, par la mise en \u0153uvre de dispositifs physiques si  \nn\u00e9cessaire. Par ailleurs, avant l'ouverture de la piste cyclable route de Genas, la programmation  \ndes carrefours identifi\u00e9s par les r\u00e9f\u00e9rences VL189 et VL212 sera reprise avec le maintien des feux  \nv\u00e9lo R13c au rouge en phase tramway, et de la signalisation de type \"attention cycliste priorit\u00e9  \ntramway\" est \u00e0 ajouter sur les m\u00e2ts des feux v\u00e9lo num\u00e9rot\u00e9s C5 et C6 sur le carrefour VL187 .\nFait \u00e0 Lyon, le 6 f\u00e9vrier 2026\nPour la Pr\u00e9f\u00e8te du Rh\u00f4ne,\nLe Pr\u00e9fet Secr\u00e9taire g\u00e9n\u00e9ral,\nPr\u00e9fet d\u00e9l\u00e9gu\u00e9 pour l'\u00e9galit\u00e9 des chances\nSign\u00e9\nFabrice ROSAY\nD\u00e9lais et voies de recours :\nConform\u00e9ment \u00e0 l'article R.421-1 du code de justice administrative, la pr\u00e9sente d\u00e9cision peut faire l'objet  \nd'un recours contentieux, dans le d\u00e9lai de deux mois \u00e0 compter de sa notification, devant le tribunal  \nadministratif  de  Lyon  (184,  rue  Duguesclin  \u2013  69  433  Lyon  Cedex  03,  ou  sur  l'application  \nwww.telerecours.fr). Elle peut \u00e9galement faire l'objet d'un recours gracieux aupr\u00e8s de Madame la Pr\u00e9f\u00e8te  \ndu Rh\u00f4ne. Cette d\u00e9marche interrompt le d\u00e9lai de recours contentieux, ce dernier devant \u00eatre introduit  \ndans le d\u00e9lai de deux mois suivant une d\u00e9cision implicite ou explicite de l'autorit\u00e9 comp\u00e9tente (le silence  \nde l'administration pendant un d\u00e9lai de deux mois valant d\u00e9cision implicite de rejet).\n3/3\n69_DDT_Direction d\u00e9partementale des territoires du Rh\u00f4ne - 69-2026-02-10-00002 - Arr\u00eat\u00e9 pr\u00e9fectoral portant approbation du\ndossier de s\u00e9curit\u00e9 relatif au projet de prolongement de la ligne T6 des h\u00f4pitaux Est \u00e0 la Doua (projet T6 Nord) 25\n69_HCL_Hospices civils de Lyon\n69-2026-02-06-00009\nD\u00e9cision d'habilitation n\u00b026-16 du 6 f\u00e9vrier 2026\n\u00e0 interroger le registre national automatis\u00e9 des\nrefus de pr\u00e9l\u00e8vement sur une personne d\u00e9c\u00e9d\u00e9e\nd'organes, de tissus et des cellules - Hospices\ncivils de Lyon\n69_HCL_Hospices civils de Lyon - 69-2026-02-06-00009 - D\u00e9cision d'habilitation n\u00b026-16 du 6 f\u00e9vrier 2026 \u00e0 interroger le registre\nnational automatis\u00e9 des refus de pr\u00e9l\u00e8vement sur une personne d\u00e9c\u00e9d\u00e9e d'organes, de tissus et des cellules - Hospices civils de Lyon 26\nHCLHOSPICES CIVILSDE LYON\nDIRECTION GENERALEDirection des affaires juridiquesDECISION PORTANT HABILITATION N\u00b026-16DU 6 FEVRIER 2026Le Directeur G\u00e9n\u00e9ral,Vu le code de la sant\u00e9 publique, et en particulier son article R1232-11,Vu la loi n\u00b0 2004-800 du 6 ao\u00fbt 2004 relative \u00e0 la bio\u00e9thique,Vu le d\u00e9cret du Pr\u00e9sident de la R\u00e9publique du 29 d\u00e9cembre 2023 portant nomination deM. Raymond LE MOIGN, en qualit\u00e9 de Directeur G\u00e9n\u00e9ral des Hospices Civils de Lyon,Vu l'affection de Mme G\u00e9raldine TELENGA, en qualit\u00e9 d'infirmi\u00e8re dipl\u00f4m\u00e9e d'\u00c9tat \u00e0 la Coordinationhospitali\u00e8re des pr\u00e9l\u00e8vements d'organes et de tissus.D\u00c9CIDEArticle 1\u00b0:- Mme Mireille MARCON, praticien hospitalier- Mme Carine CHASSERY, praticien hospitalier- Mme Anais SCHWAB, praticien hospitalier- M. Antonio RODRIGUEZ, praticien hospitalier- M. Ludovic ALMERAS, infirmier dipl\u00f4m\u00e9 d'\u00c9tat- Mme Charline AUGER, infirmi\u00e8re dipl\u00f4m\u00e9e d'\u00c9tat- Mme B\u00e9atrice BODET, infirmi\u00e8re dipl\u00f4m\u00e9e d'\u00c9tat- M. Matthieu DELEBASSEE, infirmier dipl\u00f4m\u00e9 d'\u00c9tat- Mme Blandine LATHUILIERE, infirmi\u00e8re dipl\u00f4m\u00e9e d'\u00c9tat- M. Nathan PERINEL, infirmier dipl\u00f4m\u00e9 d'\u00c9tat- Mme Cl\u00e9mentine RESTA, infirmi\u00e8re dipl\u00f4m\u00e9e d'\u00c9tat- Mme G\u00e9raldine TELENGA, infirmi\u00e8re dipl\u00f4m\u00e9e d'\u00c9tatsont habilit\u00e9s \u00e0 proc\u00e9der \u00e0 la demande d'interrogation du Registre national automatis\u00e9 des refus depr\u00e9l\u00e8vement sur une personne d\u00e9c\u00e9d\u00e9e, d'organes, de tissus et de cellules.Article 2 :La pr\u00e9sente d\u00e9cision d'habilitation abroge et remplace la d\u00e9cision portant habilitation n\u00b025-02du 8 janvier 2025.Article 3 :La pr\u00e9sente d\u00e9cision sera publi\u00e9e au recueil des actes administratifs de la Pr\u00e9fecture du Rh\u00f4ne.Outre un recours gracieux, un recours contentieux peut \u00eatre form\u00e9 devant le tribunal administratif deLyon contre la pr\u00e9sente d\u00e9cision dans un d\u00e9lai de deux mois \u00e0 compter de sa date de publication.\nRaymond LE MOIGN\n3, QUAI DES CELESTINS 69002 LYON ~ FRANCEB.P. 2251 -69229 LYON CEDEX 02 1WWW.CHU-EYON.FR \u2014 RENSEIGNEMENTS HCL : 0 825 0 825 69 (0.15 \u20ac/MN)N\u00b0 FINESS HCL 690781810\n69_HCL_Hospices civils de Lyon - 69-2026-02-06-00009 - D\u00e9cision d'habilitation n\u00b026-16 du 6 f\u00e9vrier 2026 \u00e0 interroger le registre\nnational automatis\u00e9 des refus de pr\u00e9l\u00e8vement sur une personne d\u00e9c\u00e9d\u00e9e d'organes, de tissus et des cellules - Hospices civils de Lyon 27\n69_HCL_Hospices civils de Lyon\n69-2026-02-06-00011\nD\u00e9cision de d\u00e9l\u00e9gation de signature n\u00b026-15 du 6\nf\u00e9vrier 2026 pour la direction des affaires\nm\u00e9dicales des Hospices civils de Lyon\n69_HCL_Hospices civils de Lyon - 69-2026-02-06-00011 - D\u00e9cision de d\u00e9l\u00e9gation de signature n\u00b026-15 du 6 f\u00e9vrier 2026 pour la\ndirection des affaires m\u00e9dicales des Hospices civils de Lyon 28\nHCLHOSPICES CIVILSDE LYON\nDIRECTION GENERALEDirection des affaires juridiquesDECISION N\u00b0 26-15DU 6 FEVRIER 2026DELEGATION DE SIGNATURELe Directeur G\u00e9n\u00e9ral, ordonnateur du budget,Vu le code de la sant\u00e9 publique,Vu le d\u00e9cret du Pr\u00e9sident de la R\u00e9publique du 29 d\u00e9cembre 2023 portant nomination deM. Raymond LE MOIGN, en qualit\u00e9 de Directeur G\u00e9n\u00e9ral des Hospices civils de Lyon,Vu la note de service de la Direction G\u00e9n\u00e9rale des Hospices civils de Lyon n\u00b020-01 du 11 f\u00e9vrier 2020nommant Mme Fanny FLEURISSON, en qualit\u00e9 de directrice de la direction des affaires m\u00e9dicales,Vu la nomination de M. C\u00e9dric COUTRON, en qualit\u00e9 de directeur adjoint de la direction des affairesm\u00e9dicales a compter du 23 f\u00e9vrier 2026.DECIDEArticle 1\u00b0:D\u00e9l\u00e9gation de signature est donn\u00e9e \u00e0 Mme Fanny FLEURISSON, directrice de la direction des affairesm\u00e9dicales des Hospices civils de Lyon, dans la limite des attributions de cette direction et dans lesconditions indiqu\u00e9es dans les articles ci-dessous.Article 2 :La b\u00e9n\u00e9ficiaire de la pr\u00e9sente d\u00e9l\u00e9gation est autoris\u00e9e \u00e0 signer :- toutes d\u00e9cisions et correspondances relevant de la comp\u00e9tence de la direction des affairesm\u00e9dicales ;- toutes les conventions relatives \u00e0 la gestion des personnels m\u00e9dicaux, notamment les conventionsde rupture conventionnelle,- les avis et observations sur le compte-rendu d'\u00e9valuation professionnelle des agents affect\u00e9s \u00e0 ladirection des affaires m\u00e9dicales ;- les avis ou propositions sur les recrutements et sur certaines positions statutaires (disponibilit\u00e9,d\u00e9tachement, missions ...) ;- les proc\u00e8s-verbaux d'installation ;- les demandes d'avis sur les recrutements des personnels m\u00e9dicaux, pharmaciens etodontologistes ;- les ordres de mission en France des m\u00e9decins des HCL sollicit\u00e9s dans le cadre des expertises ayanttrait aux r\u00e9clamations des patients en responsabilit\u00e9 civile m\u00e9dicale ;- les cong\u00e9s annuels, RTT et autorisations d'absences des agents affect\u00e9s \u00e0 la direction des affairesm\u00e9dicales.Article 3 :Sont exclus de la pr\u00e9sente d\u00e9l\u00e9gation, l'ordonnancement des d\u00e9penses et recettes, les march\u00e9s et lesconventions autres que celles vis\u00e9es \u00e0 l'article 2, les certificats administratifs, les dossiers soumis auConseil de Surveillance et les correspondances adress\u00e9es aux autorit\u00e9s de tutelles locales et minist\u00e9rielles\u00e0 l'exception de celles vis\u00e9es \u00e0 l'article 2 ci-dessus.\n69_HCL_Hospices civils de Lyon - 69-2026-02-06-00011 - D\u00e9cision de d\u00e9l\u00e9gation de signature n\u00b026-15 du 6 f\u00e9vrier 2026 pour la\ndirection des affaires m\u00e9dicales des Hospices civils de Lyon 29\nHCLHOSPICES CIVILSDE LYON\nArticle 4:La b\u00e9n\u00e9ficiaire de la pr\u00e9sente d\u00e9l\u00e9gation est autoris\u00e9e a signer toutes d\u00e9cisions et correspondancesrelevant de la comp\u00e9tence de la mission coop\u00e9ration internationale.Article 5:En cas d'absence ou d'emp\u00eachement de Mme Fanny FLEURISSON, directrice et sur sa proposition, lam\u00e9me d\u00e9l\u00e9gation est donn\u00e9e concomitamment a:- Mme Sophie GRANGER, directrice adjointe- M. C\u00e9dric COUTRON, directeur adjointArticle 6:En cas d'absence ou d'emp\u00e9chement de Mme Fanny FLEURISSON et de Mme Sophie GRANGER,d\u00e9l\u00e9gation est donn\u00e9e a:- M. Lucas MICHEL, responsable du suivi budg\u00e9taire;- Mme Elisabeth CHABERT D'HIERES, responsable des praticiens mono-appartenants et de l'activit\u00e9lib\u00e9rale ;- Mme Loren NIFLORE, responsable des praticiens juniors et seniors hospitalo-universitaires ;- M. Fr\u00e9d\u00e9ric FROMENT, responsable des affaires g\u00e9n\u00e9rales, de la commission m\u00e9dicaled'\u00e9tablissement;- Mme Anne-Ga\u00e9lle RIGAMONTI, responsable du temps de travail m\u00e9dical ;- Mme Emmanuelle GUERRA, responsable des coop\u00e9rations territoriales ;- Mme Christelle BONNEVILLE-CONVERT, responsable paie, contr\u00f4le interne et de la permanencedes soins.\u00e0 l'effet de signer, dans la limite de leurs attributions, toutes pi\u00e8ces et correspondances relatives auxaffaires courantes de leur service.Article7 :La pr\u00e9sente d\u00e9cision de d\u00e9l\u00e9gation de signature abroge et remplace la d\u00e9cision n\u00b024-156du 27 septembre 2024.Article 8 :La pr\u00e9sente d\u00e9cision sera publi\u00e9e au recueil des actes administratifs de la Pr\u00e9fecture du Rh\u00f4ne.Outre un recours gracieux, un recours contentieux peut \u00eatre form\u00e9 devant le tribunal administratif deLyon contre la pr\u00e9sente d\u00e9cision dans un d\u00e9lai de deux mois \u00e0 compter de sa date de publication.\nRaymond LE MOIGN\n69_HCL_Hospices civils de Lyon - 69-2026-02-06-00011 - D\u00e9cision de d\u00e9l\u00e9gation de signature n\u00b026-15 du 6 f\u00e9vrier 2026 pour la\ndirection des affaires m\u00e9dicales des Hospices civils de Lyon 30\n69_HCL_Hospices civils de Lyon\n69-2026-02-06-00010\nD\u00e9cision de d\u00e9l\u00e9gation de signature n\u00b026-17 du 6\nf\u00e9vrier 2026 de d\u00e9claration pr\u00e9alable de\ntransport de corps avant mise en bi\u00e8re -\nHospices civils de Lyon\n69_HCL_Hospices civils de Lyon - 69-2026-02-06-00010 - D\u00e9cision de d\u00e9l\u00e9gation de signature n\u00b026-17 du 6 f\u00e9vrier 2026 de d\u00e9claration\npr\u00e9alable de transport de corps avant mise en bi\u00e8re - Hospices civils de Lyon 31\nHCLHOSPICES CIVILSDE LYON\nDIRECTION GENERALEDirection des affaires juridiquesDECISION N\u00b026-17DU 6 FEVRIER 2026DECISION PORTANT DELEGATION DE SIGNATURELe Directeur G\u00e9n\u00e9ral, ordonnateur du budget,Vu le code de la sant\u00e9 publique,Vu le code g\u00e9n\u00e9ral des collectivit\u00e9s territoriales,Vu le d\u00e9cret du Pr\u00e9sident de la R\u00e9publique du 29 d\u00e9cembre 2023 portant nomination deM. Raymond LE MOIGN, en qualit\u00e9 de Directeur G\u00e9n\u00e9ral des Hospices Civils de Lyon,Vu laffection de Mme G\u00e9raldine TELENGA, en qualit\u00e9 d'infirmi\u00e9re dipl\u00f4m\u00e9e d'\u00c9tat \u00e0 la Coordinationhospitali\u00e9re des pr\u00e9levements d'organes et de tissus.DECIDEArticle 1\u00b0:D\u00e9l\u00e9gation est donn\u00e9e concomitamment aux membres de la Coordination hospitali\u00e8re despr\u00e9l\u00e8vements d'organes et de tissus dont le nom suit :- Mme Mireille MARCON, praticien hospitalier- Mme Carine CHASSERY, praticien hospitalier- Mme Anais SCHWAB, praticien hospitalier- M. Antonio RODRIGUEZ, praticien hospitalier- M. Ludovic ALMERAS, infirmier dipl\u00f4m\u00e9 d'\u00c9tat- Mme Charline AUGER, infirmi\u00e8re dipl\u00f4m\u00e9e d'\u00c9tat- Mme B\u00e9atrice BODET, infirmi\u00e8re dipl\u00f4m\u00e9e d'\u00c9tat- M. Matthieu DELEBASSEE, infirmier dipl\u00f4m\u00e9 d'\u00c9tat- Mme Blandine LATHUILIERE, infirmi\u00e8re dipl\u00f4m\u00e9e d'\u00c9tat- M. Nathan PERINEL, infirmier dipl\u00f4m\u00e9 d'\u00c9tat- Mme Cl\u00e9mentine RESTA, infirmi\u00e8re dipl\u00f4m\u00e9e d'\u00c9tat- Mme G\u00e9raldine TELENGA, infirmi\u00e8re dipl\u00f4m\u00e9e d'\u00c9tat\u00e0 l'effet de signer le formulaire de d\u00e9claration pr\u00e9alable de transport de corps avant mise en bi\u00e8re pourr\u00e9aliser des pr\u00e9l\u00e8vements d'organes et de tissus \u00e0 des fins th\u00e9rapeutiques.Article 2 :La pr\u00e9sente d\u00e9cision portant d\u00e9l\u00e9gation de signature abroge et remplace la d\u00e9cision portant d\u00e9l\u00e9gationde signature n\u00b0 25-03 du 8janvier 2025.Article 3:La pr\u00e9sente d\u00e9cision sera publi\u00e9e au recueil des actes administratifs de la Pr\u00e9fecture du Rh\u00f4ne.Outre un recours gracieux, un recours contentieux peut \u00eatre form\u00e9 devant le tribunal administratif deLyon contre la pr\u00e9sente d\u00e9cision dans un d\u00e9lai de deux mois \u00e0 compter de sa date de publication.Le Directeur G\u00e9n\u00e9ral,\nRaymond LE MOIGN3, QUAI DES CELESTINS 69002 LYON \u2014 FRANCEB.P. 2251 -69229 LYON CEDEX 02 1WWW.CHU-LYON.FR \u2014 RENSEIGNEMENTS HCL : 0 825 0 825 69 (0.15 \u20ac/MN)N\u00b0 FINESS HCL 690781810\n69_HCL_Hospices civils de Lyon - 69-2026-02-06-00010 - D\u00e9cision de d\u00e9l\u00e9gation de signature n\u00b026-17 du 6 f\u00e9vrier 2026 de d\u00e9claration\npr\u00e9alable de transport de corps avant mise en bi\u00e8re - Hospices civils de Lyon 32\n69_HCL_Hospices civils de Lyon\n69-2026-02-06-00012\nD\u00e9cision n\u00b026-14 du 6 f\u00e9vrier 2026 portant\nd\u00e9signation d'un r\u00e9f\u00e9rent de l'agence fran\u00e7aise\nanticorruption et d\u00e9l\u00e9gation de signature \u00e0 Mme\nAur\u00e9lie DOSSIER - Hospices civils de Lyon\n69_HCL_Hospices civils de Lyon - 69-2026-02-06-00012 - D\u00e9cision n\u00b026-14 du 6 f\u00e9vrier 2026 portant d\u00e9signation d'un r\u00e9f\u00e9rent de\nl'agence fran\u00e7aise anticorruption et d\u00e9l\u00e9gation de signature \u00e0 Mme Aur\u00e9lie DOSSIER - Hospices civils de Lyon 33\nHCLHOSPICES CIVILSDE LYON\nDIRECTION GENERALEDirection des affaires juridiquesDECISION N\u00b026-14DU 6 FEVRIER 2026PORTANT DESIGNATION D'UN REFERENT DE L'AGENCE FRANCAISE ANTICORRUPTION ETDELEGATION DE SIGNATUREVu le code de la sant\u00e9 publique,Vu le code g\u00e9n\u00e9ral de la fonction publique,Vu le d\u00e9cret du Pr\u00e9sident de la R\u00e9publique du 29 d\u00e9cembre 2023 portant nomination deM. Raymond LE MOIGN, en qualit\u00e9 de Directeur G\u00e9n\u00e9ral des Hospices Civils de Lyon (HCL),Vu le courrier du 15 janvier 2026 par lequel l'Agence Francaise Anticorruption (AFA) a transmis un avisde contr\u00f4le aux Hospices civils de Lyon,DECIDEArticle 1\u00b0 :Mme Aur\u00e9lie DOSSIER, directrice du p\u00f4le pilotage et performance, est d\u00e9sign\u00e9e comme interlocutricede l'agence fran\u00e7aise anticorruption pour repr\u00e9senter les Hospices civils de Lyon au cours del'ensemble des op\u00e9rations de contr\u00f4le.Article 2 :D\u00e9l\u00e9gation de signature est donn\u00e9e \u00e0 Mme Aur\u00e9lie DOSSIER pour pouvoir repr\u00e9senter les Hospicescivils de Lyon au cours de l'ensemble des op\u00e9rations de contr\u00f4le effectu\u00e9es par l'Agence Fran\u00e7aiseAnticorruption et r\u00e9pondre \u00e0 tous courriers et \u00e0 toutes demandes de pi\u00e8ces de proc\u00e9dure adress\u00e9s parcette Agence aux Hospices civils de Lyon.Article 3 :L'adresse administrative de Mme Aur\u00e9lie DOSSIER est :Hospices Civils de LyonDirection des affaires financi\u00e8res et de l'analyse de gestion3, quai des C\u00e9lestins - 69002 LYONTel : 04 72 40 74 01aurelie.dossier@chu-lyon.frArticle 4 :La pr\u00e9sente d\u00e9l\u00e9gation de signature est valable pendant toute la dur\u00e9e du contr\u00f4le effectu\u00e9 parl'Agence Fran\u00e7aise Anticorruption.Article 5:La pr\u00e9sente d\u00e9cision sera publi\u00e9e au recueil des actes administratifs de la Pr\u00e9fecture du Rh\u00f4ne et miseen ligne sur le site internet des Hospices Civils de Lyon.Le Direct\nRaymond LE MOIGN\n3, QUAI DES CELESTINS 69002 LYON \u2014 FRANCEB,P. 2251 -69229 LYON CEDEX 02 1WWW.CHU-LYON.FR - RENSEIGNEMENTS HCL : 0 825 0 825 69 (0.15 \u20ac/MN)N\u00b0 FINESS HCL 690781810\n69_HCL_Hospices civils de Lyon - 69-2026-02-06-00012 - D\u00e9cision n\u00b026-14 du 6 f\u00e9vrier 2026 portant d\u00e9signation d'un r\u00e9f\u00e9rent de\nl'agence fran\u00e7aise anticorruption et d\u00e9l\u00e9gation de signature \u00e0 Mme Aur\u00e9lie DOSSIER - Hospices civils de Lyon 34\n69_Pr\u00e9f_Pr\u00e9fecture du Rh\u00f4ne\n69-2026-02-09-00002\nArr\u00eat\u00e9 pr\u00e9fectoral portant renouvellement des\nmembres des commissions de contr\u00f4le des listes\n\u00e9lectorales dans les communes de\nl'arrondissement de Lyon\n69_Pr\u00e9f_Pr\u00e9fecture du Rh\u00f4ne - 69-2026-02-09-00002 - Arr\u00eat\u00e9 pr\u00e9fectoral portant renouvellement des membres des commissions de\ncontr\u00f4le des listes \u00e9lectorales dans les communes de l'arrondissement de Lyon 35\nEsPREFETEDU RHONELibert\u00e9Egalit\u00e9Fraternit\u00e9\nDirection des Affaires Juridiqueset de l'Administration LocaleBureau des r\u00e9glementations,des \u00e9lections et des associations\nArr\u00eat\u00e9 pr\u00e9fectoral n\u00b0 69-2026-02-09portant renouvellement des membres des commissions de contr\u00f4le des listes \u00e9lectorales dans lescommunes de l'arrondissement de LyonLa Pr\u00e9f\u00e8te de la R\u00e9gion Auvergne-Rh\u00f4ne-Alpes,Pr\u00e9f\u00e8te de la Zone de d\u00e9fense et de s\u00e9curit\u00e9 sud-est,Pr\u00e9f\u00e8te du Rh\u00f4ne,Commandeur de la L\u00e9gion d'honneur,Commandeur de l'ordre national du M\u00e9rite,Vu le Code \u00e9lectoral, et notamment ses articles L.19 et R.7 aR.11;Vu l'arr\u00eat\u00e9 pr\u00e9fectoral n\u00b0 69-2025-12-17-00002 du 17 d\u00e9cembre 2025 portant renouvellement desmembres des commissions de contr\u00f4le des listes \u00e9lectorales dans les communes de l'arrondissement deLyon ;Consid\u00e9rant les propositions de modifications des maires des communes de Beauvallon, Charly,Collonges-au-Mont d'Or, Givors, Jons et Vaulx-en-Velin ;Sur proposition du Pr\u00e9fet, Secr\u00e9taire g\u00e9n\u00e9ral, Pr\u00e9fet d\u00e9l\u00e9gu\u00e9 pour l'\u00e9galit\u00e9 des chances,ARR\u00caTEArticle 1 : Les dispositions de l'arr\u00eat\u00e9 pr\u00e9fectoral n\u00b0 69-2025-12-17-00002 du 17 d\u00e9cembre 2025 portantrenouvellement des membres des commissions de contr\u00f4le des listes \u00e9lectorales dans les communes del'arrondissement de Lyon sont abrog\u00e9es.Article2 : Les membres des commissions de contr\u00f4le des listes \u00e9lectorales figurent dans le tableauannex\u00e9 ci-apr\u00e8s. Ils sont nomm\u00e9s jusqu'au prochain renouvellement int\u00e9gral des conseillers municipaux.Article3: Le Pr\u00e9fet, Secr\u00e9taire g\u00e9n\u00e9ral, Pr\u00e9fet d\u00e9l\u00e9gu\u00e9 pour l'\u00e9galit\u00e9 des chances et les maires descommunes de l'arrondissement de Lyon sont charg\u00e9s, chacun en ce qui le concerne, de l'ex\u00e9cution dupr\u00e9sent arr\u00eat\u00e9 qui sera publi\u00e9 au recueil des actes administratifs.Fait \u00e0 Lyon, le 09/02/2026Pour la Pr\u00e9f\u00e8te,Le Pr\u00e9fet, Secr\u00e9taire g\u00e9n\u00e9ral, Pr\u00e9fet d\u00e9l\u00e9gu\u00e9pour l'\u00e9galit\u00e9 des chances,Sign\u00e9 : Fabrice ROSAY\nPr\u00e9fecture du Rh\u00f4ne18 Rue de Bonnel69 419 LYON CEDEX 03T\u00e9l : 04 72 61 6161www.rhone.gouv.fr 1/1\n69_Pr\u00e9f_Pr\u00e9fecture du Rh\u00f4ne - 69-2026-02-09-00002 - Arr\u00eat\u00e9 pr\u00e9fectoral portant renouvellement des membres des commissions de\ncontr\u00f4le des listes \u00e9lectorales dans les communes de l'arrondissement de Lyon 36\nAnnexe \u00e0 l'arr\u00eat\u00e9 pr\u00e9fectoral du 09/02/2026 portant nomination des membres des commissions de contr\u00f4le pour les communes de l'arrondissement de Lyon\nPage 1\nCommune\nD\u00e9l\u00e9gu\u00e9 de l'administration D\u00e9l\u00e9gu\u00e9 du TJ\nTitulaire Suppl\u00e9ant Titulaire Suppl\u00e9ant Titulaire Suppl\u00e9ant\nALBIGNY-SUR-SA\u00d4NE\nUNIS POUR ALBIGNY\nGeorgette FONDJO N\u00e9ant\nLaure JOLY N\u00e9ant\nKarine ANTOLINOS N\u00e9ant\nALBIGNY POUR TOUS Ivan SUJOBERT N\u00e9ant\nALBIGNY ENSEMBLE, AUTREMENT Denis DE MARINIS N\u00e9ant\nAMPUIS Muriel BONNEFOND Virginie COROMPT Pierre DURAND Bernard CHAMBEYRON Christophe BILLON\nAVEIZE St\u00e9phanie MALLE Laurent LHOMME Jean-Marc CHILLET Patrick VILLARD Claude THOLLET Jacqueline RESSICAUD\nBEAUVALLON BEAUVALLON POUR L'AVENIR G\u00e9rard FAURAT Marie-Jeanne NUNES G\u00e9rard BETTON Gabriel VILLARD Bernard BROTTET\nBRIGNAIS\nPARLONS BRIGNAIS 2020\nRoger REMILLY Christophe GALLAY\nB\u00e9atrice DHENNIN B\u00e9atrice VERDIER\nJean-Philippe SANTONI Christelle RIVAT\nBRIGNAIS  ENSEMBLE Solange VENDITTELLI Laurence BEUGRAS\nMIEUX VIVRE A BRIGNAIS Lionel CATRAIN Christiane CONSTANT\nBRINDAS\nBernard BALESTI\u00c9 Sylvie PETER\nChristiane DOMINIQUE N\u00e9ant\nClaudine ROSIN Christine BAUDOIN\nENSEMBLE POUR BRINDAS Michel WEILL Patrick BIANCHI\nBRINDAS AVEC VOUS Guillaume GIRAUD N\u00e9ant\nBRON\nBRON 2020 PROTEGER RESPIRER\nSt\u00e9phane GENIN V\u00e9ronique BOUCHER \nSandrine BERTHET Fran\u00e7oise KIRASSIAN\nChristiane RIVOIRE Maryam EL GUIZANI\nJean-Pierre ANGOSTO Djamel BOUABDALLAH\nSt\u00e9phanie VELLA Nesrine MECHKAR\nBRULLIOLES Jean-Yves PORTE Catherine GIROUD Bernard HANNUS Jo\u00ebl SOLA Christian SIMON Val\u00e9rie SAINT MARTIN\nBRUSSIEU Jocelyne MESTRE Bernadette VOLAY Jean-Paul BARRET Aur\u00e9lie FOURNIER Bruno CHAZALLET Raymond GANTILLON\nCAILLOUX/FONTAINES\nREUNIR POUR REUSSIR\nMichel JARRIN N\u00e9ant\nFabienne PUECH N\u00e9ant\nFlorence DE PEYRONNET N\u00e9ant\nCAILLOUX POUR VOUS\nNicole DREVET N\u00e9ant\nMicka\u00ebl BOURGUIGNON N\u00e9ant\nCALUIRE-ET-CUIRE\nMamadou DIALLO Fabienne GUGLIEMI\nLaure DEL PINO Abdelaziz TAKI\nChantal CRESPY C\u00e9dric GUERIN\nMarie-Jo LE CARPENTIER Xavier GILLIARD\nCALUIRE AU COEUR Laurent ATTA-BAYROU Sophie GEHIN\nMartine PERRON N\u00e9ant\nJean-Christophe HOSTACHY N\u00e9ant\nGilles MICHEL N\u00e9ant\nDenis LANCHON N\u00e9ant\nAur\u00e9lie BERGER N\u00e9ant\nRen\u00e9 BONNET Anthony CHARBONNIER Alain VERNAY Guy COQUARD Andr\u00e9 DUMAS\nVIVONS CHAMPAGNE\nGilbert ARLABOSSE Bruno RYON\nGilles MAJEUR Andr\u00e9 BOIS\nPatrick VAN VOORTHUYSEN Bruno LECARPENTIER\nENSEMBLE POUR CHAMPAGNE\nAnne-Marie BACIC Maria FASSI\nB\u00e9atrice NEYRET Matthieu BONNARY\nLA CHAPELLE-SUR-COISE Corinne MARQUET Vincent LE GOFF Roger CARTERON N\u00e9ant Henri VERICEL N\u00e9ant\nCHAPONNAY\nCHAPONNAY DEMAIN\nDidier RIOT C\u00e9cile SUBRA\nCarole DREVON Camille PAUL\nLaurent PETIT Alain RANNOU\nCHAPONNAY DURABLE ET CITOYEN\nMuriel LAURIER Matthieu GAYRAL\nChristophe DECLEZ Val\u00e9rie ALLAGNAT-NARDONE\nCHAPONOST\nJ'AIME CHAPONOST 2020\nAna\u00efs VIDAL Laurent JANUEL \nThomas SAUVAGE Sandrine GENIN\nFran\u00e7oise DUMAS C\u00e9line VEDRENE\nC'EST LE MOMENT POUR CHAPONOST!\nRoland WILPUTTE Camille DUVERNAY\nAnne ARNOUX Fr\u00e9d\u00e9ric DAUMARD\nJo\u00eblle MOULIN Philippe LHOPITAL\nCommunes 1000 et +\nNom des listes\nConseiller municipal ou conseiller d'arrondissement (uniquement pour \nLyon)\nDU FLEUVE AUX COLLINES AGIR POUR \nAMPUIS\nJean-Pierre \nGAYVALLET\nLISTE POUR LA GESTION DES INTERETS \nCOMMUNAUX\nBRINDAS AGIR AVEC AMBITION POUR \nL'AVENIR\nBRON NATURELLEMENT AVEC JEAN-\nMICHEL LONGUEVAL\nBRUSSIEU LA GIE L'ESSENTIEL EN TOUTE \nSIMPLICITE\nCALUIRE ET CUIRE ENSEMBLE \nNATURELLEMENT AVEC PHILIPPE COCHET\nURGENCE ECOLOGIQUE ET SOLIDARITES A \nCALUIRE ET CUIRE\nCHABANI\u00c8RE\nCHABANIERE, A L'ECOUTE DES TROIS \nVILLAGES\nCHABANIERE POUR NOS TROIS VILLAGES \nPLUS FORTS AVEC GREGORY ROUSSET\nCHAMBOST-\nLONGESSAIGNE\n               Henri                      \nDUGAS DE LA CATONNIERE\nCHAMPAGNE-AU-MONT-\nD'OR\n69_Pr\u00e9f_Pr\u00e9fecture du Rh\u00f4ne - 69-2026-02-09-00002 - Arr\u00eat\u00e9 pr\u00e9fectoral portant renouvellement des membres des commissions de\ncontr\u00f4le des listes \u00e9lectorales dans les communes de l'arrondissement de Lyon 37\nAnnexe \u00e0 l'arr\u00eat\u00e9 pr\u00e9fectoral du 09/02/2026 portant nomination des membres des commissions de contr\u00f4le pour les communes de l'arrondissement de Lyon\nPage 2\nCommune\nD\u00e9l\u00e9gu\u00e9 de l'administration D\u00e9l\u00e9gu\u00e9 du TJ\nTitulaire Suppl\u00e9ant Titulaire Suppl\u00e9ant Titulaire Suppl\u00e9ant\nCommunes 1000 et +\nNom des listes\nConseiller municipal ou conseiller d'arrondissement (uniquement pour \nLyon)\nBIEN VIVRE A CHARBONNIERES Eric HORRIOT Sandrine CARDINAL\nArmelle GRENIER Isabelle EXBRAYAT\nENSEMBLE CHARBO 2020 S\u00e9verine FONTANGES Claude LAURENT\nREUSSIR CHARBO  AVEC VOUS Beno\u00eet MARBACH Yves HARTEMANN\nCHARLY\nAIMER CHARLY AVEC OLIVIER ARAUJO\nPatrice  DUCHAMP Carole CHAVANET\n Michel FOURNIER\nFernando DA SILVA OLIVEIRA Agn\u00e8s ESPINOUX\nCHARLY NATURELLEMENT\nArielle CABON Patrice SAUVAGEON\nLucas MIGUEL Francis CINCOTTA \nCHASSIEU\nSabine FERRO Patrice SCHMITT\nPrune JACOULOT Nicolas CLAISSE\nPatricia LESCUYER N\u00e9ant\nSylvaine COPONAT Fran\u00e7oise RITTER\nJean-Fran\u00e7ois LEONE Patricia LASANT\u00c9\nCHAUSSAN Pascal FURNION Laurence RABOISSON CROPPI Christiane GAUDIN Corinne CAILLET Elisabeth CHOUX\nCOISE Aur\u00e9lie CARTERON Val\u00e9rie VENET Gilbert FAYOLLE N\u00e9ant C\u00e9cile GUYOT N\u00e9ant\nCOLLONGES D'ABORD\nClaudine IMBERT Christophe CHARVET\nV\u00e9ronique LIGNEY Thibault VALON\nSt\u00e9phane LEROUX Florence DESCHODT\nCOLLONGES AVENIR\nPierre Marie LELARD Catherine ARNAUD\nPatrick JOUBERT Dominique BOYER RIVIERE\nCOLOMBIER-SAUGNIEU\nNOTRE VILLAGE DEMAIN 2020\nJean-Michel MARCHAND Christian CONTREAU\nCarine PONCELET Arnaud CORDIER\nCorinne GRIMAUD-BAUDRY Salvatrice BESSON\nRESTONS VILLAGE\nPascal AGUIRRE Sandrine AUQUIER\nCatherine GUILLOT Sabrina LAGAT\nCOMMUNAY\nCOMMUNAY EN  ACTION\nJacques ORSET G\u00e9rard SIBOURD\nOdile ADRIAN LEROY Caroline FLECK\nKarim BOUKADOUR Magali CHOMER\nJ'AIME COMMUNAY\nJulien MERCURIO Martine JAMES\nIsabelle PIERROT Eric RAGONDET\nCONDRIEU\nAVENIR ET HABITER CONDRIEU\nJos\u00e9 GARCIA Kati SZAKALY\nMartine MOUTON M\u00e9gane ROMAND \nYouri LAROCHE Laura MOUNIER\nENSEMBLE POUR CONDRIEU\nEric MOUNIER St\u00e9phane BOULAHBAS\nSylvie DIANI Ga\u00eblle FRERY RIGALDIES\nCORBAS\nVIVONS CORBAS 2020-2026\nAlain LEGRAS Thierry HAON\nMarie THIOLAS Yves MONTANGERAND\nMichel MALTRAIT Fran\u00e7ois DARTIGUES\nCORBAS 2020 NOTRE VILLE AVENIR\nGhislaine ARCARO Lilian MORINON\nSandra GAUSSUIN-PISKULA Guillaume BOUCHARLAT\nCOUZON-AU-MONT-D'OR\nENSEMBLE COUZON\nFr\u00e9d\u00e9rique DIRAND Maria DOS SANTOS\nFr\u00e9d\u00e9ric BARON Christian COLOMBO\nChristine BEYNAT-VRAY France MARRET\nCOULEURS COUZON\nBenjamin DURAND Pierre DELEUZE\nPhilippe MUYARD S\u00e9gol\u00e8ne HUCK\nCRAPONNE\nNOUVEAU CAP POUR CRAPONNE\nRobert JUTTET N\u00e9ant\nMichel MONGE N\u00e9ant\nFlorence COCHE N\u00e9ant\nCRAPONNE, PARTAGEONS L'AVENIR Ahmed KHALADI N\u00e9ant\nAGISSONS POUR CRAPONNE Patrick CHARY N\u00e9ant\nCURIS-AU-MONT-D'ORAGISSONS ENSEMBLE POUR CURIS Selma JACOB N\u00e9ant Yvan STOJANOVIC N\u00e9ant Isabelle JUILLARD N\u00e9ant\nDARDILLY\nDARDILLY DEMAIN\nJean-Fran\u00e7ois FARGIER Catherine GABAUDE\nSuzanne JAMBON Yves JAILLARD\nMartine LEVY-NEUMAND Eric MABIALA\nDARDILLY 20/20\nGuy CAPPEAU Christelle TEIXEIRA VALPASSOS\nRoland ROBERT N\u00e9ant\nFathia BATISTA Patrick BONET\nCHARBONNI\u00c8RES-LES-\nBAINS\nCHASSIEU MON SEUL PARTI\nENSEMBLE POUR CHASSIEU\nCHAUSSAN, L'ESPRIT VILLAGE ! Marie-Th\u00e9r\u00e8se \nREYNARD\nCOLLONGES-AU-MONT-\nD'OR\n69_Pr\u00e9f_Pr\u00e9fecture du Rh\u00f4ne - 69-2026-02-09-00002 - Arr\u00eat\u00e9 pr\u00e9fectoral portant renouvellement des membres des commissions de\ncontr\u00f4le des listes \u00e9lectorales dans les communes de l'arrondissement de Lyon 38\nAnnexe \u00e0 l'arr\u00eat\u00e9 pr\u00e9fectoral du 09/02/2026 portant nomination des membres des commissions de contr\u00f4le pour les communes de l'arrondissement de Lyon\nPage 3\nCommune\nD\u00e9l\u00e9gu\u00e9 de l'administration D\u00e9l\u00e9gu\u00e9 du TJ\nTitulaire Suppl\u00e9ant Titulaire Suppl\u00e9ant Titulaire Suppl\u00e9ant\nCommunes 1000 et +\nNom des listes\nConseiller municipal ou conseiller d'arrondissement (uniquement pour \nLyon)\nD\u00c9CINES-CHARPIEU\nDECINES-CHARPIEU C'EST VOUS Mohamed RABEHI Gina DELEUZE\nNicole ASTIER Elo\u00efse COCCO\nDominique CREDOZ Thierry ARGANT\nEN MODE DECINES-CHARPIEU Anna JAMBON N\u00e9ant\nDUERNE Claudie BARCET Mariane MASSON Marie-Aim\u00e9e PIEGAY Dominique BOUTEILLE Raymond CHOLLET S\u00e9bastien FERLAY\nECHALAS ECHALAS ESPRIT VILLAGE Julie BONNEFOY Rosemarie PERRIN Pierre GARDIER Virginie BOTTNER Patricia MOULIN Serge INNAMORATI\nECULLY\nECULLY AU COEUR\nPierre POINSOT N\u00e9ant\nJean-Jos\u00e9 GARCIA N\u00e9ant\nEmile COHEN N\u00e9ant\nJacques CHEVALEYRE N\u00e9ant\nECULLY SEREINEMENT Claude LARDY N\u00e9ant\nFEYZIN\nRen\u00e9 FARNOS Jean-Pierre BOHE\nMichel GUILLOUX Josette ROUGEMONT\nMaria DOS SANTOS FERREIRA Bruno GOUJON\nFEYZIN CITOYEN 2020\nMireille SANCHEZ Guillaume DUMOULIN\nAlain SCHULER Audrey NERI\nFLEURIEU-SUR-SAONE FLEURIEU NOUS RASSEMBLE Marie-Laurence PAGE Corinne JUGUES Jean-Jacques FORRAT Pascale JACQUET Andr\u00e9 DOEUVRE Jo\u00eblle BERTHELET\nDEMAIN FONTAINES SAINT-MARTIN R\u00e9my RIBAS N\u00e9ant C\u00e9cile CHALUS N\u00e9ant Anne RIVET N\u00e9ant\nFONTAINES-SUR-SA\u00d4NE\nVOIR ENCORE PLUS LOIN\nMichel MAZUEL Isabelle BLANC-JOUVAN\nThierry LEBRUN N\u00e9ant\nPierre TEODORESCO Val\u00e9rie MATTHYS\nHerv\u00e9 FONTON N\u00e9ant\nS\u00e9bastien TRINQUET N\u00e9ant\nFRANCHEVILLE\nSERIS Laetitia\nMarc VINCENT\n VIVRE FRANCHEVILLE Jacqueline LEBRUN Caroline PARIS\nFRANCHEVILLE RESPIRE\nGENAS\nGENAS C'EST VOUS\nChantal RIEHL Lo\u00efc BADIN\nGenevi\u00e8ve FARINE Maryse ULLOA\nJean-Luc DENIS-LUTARD Gilbert LAMOTHE\nINSPIRE GENAS St\u00e9phanie NOTIN Cl\u00e9ment BICHAUD\nGENAS ENSEMBLE Chadia MOUSTAID Benjamin TOGNI \nGENAY\nENSEMBLE GENAY DEMAIN\nSandra WILCYNSKY Thierry DURAND\nAur\u00e9lien FOUGERE C\u00e9cile BAILLON\nMohamed RANEBI N\u00e9ant\nGENAY MOI J'AIME Karine PERRIN Henry LECLERC\nGENAY NOUVEL HORIZON Am\u00e9lie KLINGELSCHMITT Gilles TOUZOT\nGIVORS\nCONSTRUISONS ENSEMBLE\nRobert JOUVE Isabelle FERNANDES\nDelphine PAILLOT Ga\u00ebl BON\nGr\u00e9gory D'ANGELO Zafer DEMIRAL\nGIVORS EN GRAND 2021 Ali SEMARI Abdel YOUSFI\nGIVORS FIERE Fabrice RIVA Edwige MOIOLI\nGREZIEU ECOUTER AGIR ENSEMBLE\nMichel LAGIER Jean-Claude JAUNEAU\nNadine MAZZA B\u00e9atrice BOULANGE\nEmeric MOREL Jean-Marc CHAPPAZ\nGREZIEU DEMAIN\nRen\u00e9e TORRES G\u00e9rard BOURGEAT\nMarc ZIOLKOWSKI Eliane BERTIN\nGR\u00c9ZIEU-LE-MARCH\u00c9 Florence BLANCHARD Samuel JUBAN Bernard VILLEMAGNE Christian DESSAIGNE Sylvie PONCET Daniel JOASSARD\nGRIGNY\nCONTINUONS GRIGNY ENSEMBLE\nHerv\u00e9 NOUZET Th\u00e9o VIGNON\nOlivier CAPELLA Chlo\u00e9 OLLAGNIER\nMarie-Claude MASSON Nathalie COURREGES\nJ\u00e9r\u00f4me BUB Pia BOIZET\nMonji OUERTANI Daniela SEIGNEZ\nLES HAIES Jean-Claude DUPLAIN Roselyne PERIER Georges DURIEU Carole DOUILLET Claude BONNEL Patrick SALAS\nLES HALLES Carine BRUNO Jean VINCENT Jean-Luc CHAPUIS N\u00e9ant Jocelyne CHAPUIS N\u00e9ant\nDECINES AUTREMENT \u2013 VERTE ET \nHUMAINE\nECULLY NATURELLEMENT ! AVEC DAMIEN \nJACQUEMONT\nFEYZIN ENSEMBLE AVEC MURIELLE \nLAURENT\nFONTAINES-SAINT-\nMARTIN\nFONTAINES SOLIDAIRE CITOYENNE \nECOLOGIQUE\nFRANCHEVILLE ENSEMBLE POUR \nFRANCHEVILLE\nPhilippe SAROLI \nDominique LI-VIGNI \nBenoit ASTIER Bertrand JOSPIN \nH\u00e9l\u00e8ne DUVIVIER Ali\u00e9nor PERRARD \nGR\u00c9ZIEU-LA-VARENNE\nCHANGER GRIGNY POUR UNE VILLE \nVIVANTE ECOLOGISTE ET SOLIDAIRE\n69_Pr\u00e9f_Pr\u00e9fecture du Rh\u00f4ne - 69-2026-02-09-00002 - Arr\u00eat\u00e9 pr\u00e9fectoral portant renouvellement des membres des commissions de\ncontr\u00f4le des listes \u00e9lectorales dans les communes de l'arrondissement de Lyon 39\nAnnexe \u00e0 l'arr\u00eat\u00e9 pr\u00e9fectoral du 09/02/2026 portant nomination des membres des commissions de contr\u00f4le pour les communes de l'arrondissement de Lyon\nPage 4\nCommune\nD\u00e9l\u00e9gu\u00e9 de l'administration D\u00e9l\u00e9gu\u00e9 du TJ\nTitulaire Suppl\u00e9ant Titulaire Suppl\u00e9ant Titulaire Suppl\u00e9ant\nCommunes 1000 et +\nNom des listes\nConseiller municipal ou conseiller d'arrondissement (uniquement pour \nLyon)\nHAUTE-RIVOIRE RENFORCONS NOS LIENS POUR DEMAIN Nathalie JACQUEMOT Sandrine FACON Colette COTTANCIN Brigitte GRANGE Daniel MILAN Nad\u00e8ge MOULIN\nIRIGNY\nIRIGNY ENSEMBLE 2020\nJean-Luc DA PASSANO Monique BERMOND\nAnne-Christine TABERLET Madjid BENATMANE\nIsabelle SABRAN-LACROIX Xavier GAREL\nNOUVEL ELAN POUR IRIGNY\nLaurent MARCHETTI B\u00e9atrice ALLARD-BRETON\nNathalie SANLAVILLE Cyrille OUANICH\nJONAGE\nJONAGE AVANCE\nDaniel MESTRE N\u00e9ant\nPatricia ALVADO N\u00e9ant\nV\u00e9ronique TRETIAKOFF N\u00e9ant\nJONAGE AVANT TOUT 2020\nJean-Marc BOURBOTTE N\u00e9ant\nJacques BARTIER N\u00e9ant\nJONS JONS PROJETS D'AVENIR Agn\u00e8s GALERA S\u00e9verine DEMORTIERE Gilles LOISY Jean CLAVEL Pierre BILLET\nLARAJASSE AGIR ENSEMLBLE DANS LA CONTINUITE Christine DENIS N\u00e9ant Chantal CHOLLAT N\u00e9ant Claudie TOURRAL N\u00e9ant\nLIMONEST\nENSEMBLE POUR LIMONEST\nFabienne GUENEAU Christine GODARD\nR\u00e9gis MATHIEU Pierre GERVAIS\nBrigitte CAYROL Fran\u00e7oise WATRELOT-ROSSO\nLIMONEST EN AVANT\nEric MAZOYER Nathalie DREVON\nAugustin NEYRAND Marc-St\u00e9phane BEAU\nLISSIEU\nLISSIEU AUTREMENT\nSandrine LECLERCQ Jean-Luc RUIZ\nEmmanuel BERNARD Caroline FOLLETET\nAnouck MEYSELLE Jean-Louis SCHUK\nVIVRE LISSIEU\nMadeleine DUFOURNEL J\u00e9r\u00e9my CARRION\nSandrine COQUAND Chantal PREVOST \nLOIRE-SUR-RH\u00d4NE\nLISTE D'UNION ET D'ACTION MUNICIPALE\nMarie-C\u00e9cile DE SANTA Guillaume RIBEIRO\nNathalie JOURNOUD Laurence PERRIN\nSandrine ROUSSET N\u00e9ant\nLOIRE-SUR-RHONE LA CITOYENNE\nAnne-Marie SANCHEZ N\u00e9ant\nSt\u00e9phane GALAMAND N\u00e9ant\nLONGES Fabrice FOND N\u00e9ant Pascal BOUCHER N\u00e9ant C\u00e9cile COLOMBET N\u00e9ant\nLONGESSAIGNE Daniel VERMARE David RIMAUD Georges LEGRAIN St\u00e9phane RIMAUD Simone RIMAUD Bruno GARNIER\nDavid SOUVESTRE Beno\u00eet SCIBERRAS Martine RIVOIRE Dominique GAREL Florence VERNIER Francine SEGUIN\nLYON, LA FORCE DU RASSEMBLEMENT\nFlorence VERNAY-CARRON Jean-Fran\u00e7ois GAUTHIER\nAnne-Sophie CONDEMINE Aur\u00e9lie BONNET SAINT GEORGES\nDenis BROLIQUIER Ga\u00eblle de GASQUET\nNathalie CARLINO N\u00e9ant\nOlivier FERNOUX N\u00e9ant\nEmmanuel VIVIEN Akif EKINCI\nThibaud ROCHE\nHugo PATOURAUX  Isabelle PRIN\nLYON, LA FORCE DU RASSEMBLEMENT Goveille TANDONNET B\u00e9atrice DE MONTILLE\nGeorges KEPENEKIAN N\u00e9ant\nMarie-Agn\u00e8s CABOT N\u00e9ant\nJean-Luc AUTEF N\u00e9ant\nYannick PAPAIX N\u00e9ant\nLydie BONVALLET N\u00e9ant\nAnne PELLET N\u00e9ant\nMarielle PERRIN Fran\u00e7ois THEVENIEAU\nB\u00e9n\u00e9dicte DRAILLARD N\u00e9ant\nRichard GLEIZAL N\u00e9ant\nLYON, LA FORCE DU RASSEMBLEMENT Jean Dominique DURAND N\u00e9ant\nLaurence BUFFLIER Gr\u00e9gory CUILLERON\nLYON, LA FORCE DU RASSEMBLEMENT\nFran\u00e7oise BLANC N\u00e9ant\nRomain BILLARD N\u00e9ant\nJacques STUDER V\u00e9ronique AZOULAY\nFlorence DELAUNAY Ivan REVEL\nLYON 1er ENSEMBLE, L'ECOLOGIE POUR LYON AVEC  \nGREGORY DOUCET\nLYON 2e \nENSEMBLE, L'ECOLOGIE POUR LYON AVEC \nGREGORY DOUCET\nLYON 3e \nENSEMBLE, L'ECOLOGIE POUR LYON AVEC \nGREGORY DOUCET  V\u00e9ronique DUBOIS-BERTRAND\nRESPIRATIONS AVEC GEORGES \nKEPENEKIAN\nLYON 4e \nENSEMBLE, L'ECOLOGIE POUR LYON AVEC \nGREGORY DOUCET\nRESPIRATIONS AVEC GEORGES \nKEPENEKIAN\nBLEU BLANC LYON, ETIENNE BLANC, UNION \nDE LA DROITE, DES REPUBLICAINS ET DU \nCENTRE\nLYON 5e\nENSEMBLE, L'ECOLOGIE POUR LYON AVEC \nGREGORY DOUCET\nRESPIRATIONS AVEC GEORGES \nKEPENEKIAN\nLYON 6e \nMAINTENANT LYON POUR TOUS LES \nECOLOGISTES  AVEC GREGORY DOUCET\n69_Pr\u00e9f_Pr\u00e9fecture du Rh\u00f4ne - 69-2026-02-09-00002 - Arr\u00eat\u00e9 pr\u00e9fectoral portant renouvellement des membres des commissions de\ncontr\u00f4le des listes \u00e9lectorales dans les communes de l'arrondissement de Lyon 40\nAnnexe \u00e0 l'arr\u00eat\u00e9 pr\u00e9fectoral du 09/02/2026 portant nomination des membres des commissions de contr\u00f4le pour les communes de l'arrondissement de Lyon\nPage 5\nCommune\nD\u00e9l\u00e9gu\u00e9 de l'administration D\u00e9l\u00e9gu\u00e9 du TJ\nTitulaire Suppl\u00e9ant Titulaire Suppl\u00e9ant Titulaire Suppl\u00e9ant\nCommunes 1000 et +\nNom des listes\nConseiller municipal ou conseiller d'arrondissement (uniquement pour \nLyon)\nAnne BRUGNERA N\u00e9ant\nVincent MONOT N\u00e9ant\nYacine FEKRANE N\u00e9ant\nSophie PECOURT N\u00e9ant\nLYON, LA FORCE DU RASSEMBLEMENT Emilie DESRIEUX N\u00e9ant\nSarah PEILLON N\u00e9ant\nPhilippe PRIETO Marie-Claude DURAND\nVincent MABILLOT Constantin BACHER\nPierre MOURIER Ang\u00e9lique BAPTISTE\nLYON, LA FORCE DU RASSEMBLEMENT Charles-Franck LEVY C\u00e9cile COUDER\nChristophe COHADE Jean-Fran\u00e7ois AUZAL\nAdrien DRIOLI Emmanuel GIRAUD\nPauline BRUVIER-HAMM Camille LACOSTE\nJean-Pierre OTTAVIANI Cyril GUINET\nBlandine REYNAUD N\u00e9ant\nAlain GIORDANO Fouziya BOUZERDA\nMARCY-L'\u00c9TOILE\nChristophe MARIE-BROUILLY Fr\u00e9d\u00e9rique RIVET\nAlayn DELORME Nathalie EYNARD\nPatrice COUVRAT Luc SEGUIN\nNacer SOUGH Pascal MANTOUX\nChantal MAITRE Laurence DOUCET\nMARENNES MARENNES ENSEMBLE Gabrielle THIVARD N\u00e9ant N\u00e9ant Marie-No\u00eblle PERRIER N\u00e9ant\nMESSIMY\nMESSIMY AGIR ENSEMBLE\nMichel GAUJAC Dominique BADIN\nG\u00e9rard CURE Catherine CHARRIN\nCatherine DI FOLCO St\u00e9phanie VILLE\nPARTAGEONS NOTRE AVENIR\nH\u00e9l\u00e8ne DUGAS Cyrille PARRET\nAnne CAMBON Bernard CHAPIRON\nMEYS Pierre Paul FAURE Th\u00e9r\u00e8se MURIGNEUX N\u00e9ant N\u00e9ant N\u00e9ant N\u00e9ant\nMEYZIEU\nBernard DUMAS Val\u00e9rie FOUR\nGuy BIDAUD Herv\u00e9 DELEPINE\nSt\u00e9phane PINSON Micha\u00ebl OZER\nMIEUX VIVRE A MEYZIEU Anne-Marie DUBOST Christian DUCARRE\nREAGIR POUR MEYZIEU Nicolas BERNARD Valerian PEPE\nMILLERY\nAGIR ENSEMBLE POUR MILLERY\nJean-Dominique SOTTET Evelyne FAVETTA\nEvelyne ROGNARD Eric PUYJALINET\nAnne-Marie BOULIEU Philippe GAUFRETEAU\nMILLERY AU RYTHME DE NOS VIES\nMonique BRET VITOZ N\u00e9ant\nLo\u00efc DELAFOSSE N\u00e9ant\nMIONS\nJacky MEUNIER C\u00e9line BERNARD\nAnna MIGNOZZI Radomir TRIFUNOVIC\nAlain CHAMBRAGNE Etienne ROCHETTE\nUNIS POUR MIONS\nFrancis MENA Sophie SPENNATO\nYves PARRET Bruno VANANTY\nMONTAGNY\nBIEN VIVRE A MONTAGNY\nJean-Louis Gergaud Antoine Ducloux \nJo\u00ebl Wengorzewski Jean-Marc PROST\nChristophe DEBIASE Christelle DOY\nJean-Luc BERARD N\u00e9ant\nFran\u00e7oise MUGUET Claude MEUNIER\nMONTANAY ENSEMBLE POUR MONTANAY V\u00e9ronique BENEZECH Nicole PICHAT Martine DEGOUT Josiane ESCOFFIER Fran\u00e7oise DUTRION Michelle CHARRE\nMONTROMANT Florian DESREUMAUX Romain LOYER Andr\u00e9 RAYNARD Bernadette DE CAMARET Gis\u00e8le PAVALLIER Odile YVOREL\nMONTROTTIER Ir\u00e8ne CHAMBE Jean-Paul FARJOT Jean-Yves LAVAL Gis\u00e8le COQUET H\u00e9l\u00e8ne TONIN N\u00e9ant\nMORNANT\nENSEMBLE VIVONS MORNANT\nJean-Marc MACHON Serge CAFIERO\nV\u00e9ronique MERLE Christian CECILLON\nSophie PIVOT Anne-Laurence OLTRA\nFatira RULLIERE Rapha\u00eblle GUERIAUD\nLaure PIQUERAS Anne BLANCHET\nLA MULATIERE CONFLUENCES D'ENERGIES\nSerge HARIVEAU\nXavier MOREL-BONNENFANT Magali ECHALLIER (FURBACHER)\nRESPIRATIONS AVEC GEORGES \nKEPENEKIAN\nLYON 7e\nENSEMBLE, L'ECOLOGIE POUR LYON AVEC \nGREGORY DOUCET\nRESPIRATIONS AVEC GEORGES \nKEPENEKIAN\nLYON 8e \nENSEMBLE, L'ECOLOGIE POUR LYON AVEC \nGREGORY DOUCET\nRESPIRATIONS AVEC GEORGES \nKEPENEKIAN\nLYON 9e \nENSEMBLE, L'ECOLOGIE POUR LYON AVEC \nGREGORY DOUCET\nUN TEMPS D'AVANCE AVEC YANN \nCUCHERAT\nMARCY L'ETOILE \u00ab ENSEMBLE POUR \nDEMAIN \u00bb\nMARCY L'ETOILE : AGIR POUR L'AVENIR \nCITOYEN RESPONSABLE SOLIDAIRE\nJacqueline \nCHASSIGNEUX\nVIVRE MEYZIEU AVEC CHRISTOPHE \nQUINIOU\nENSEMBLE CONTINUONS \u2013 FORCE \nD'AVENIR\nENSEMBLE DONNONS DU COEUR\nA MONTAGNY\nCONSTRUISONS ENSEMBLE MONTROTTIER \nDEMAIN\nALTERNATIVE ECO-CITOYENNE ET \nSOLIDAIRE\nArmand KNAFOU \n69_Pr\u00e9f_Pr\u00e9fecture du Rh\u00f4ne - 69-2026-02-09-00002 - Arr\u00eat\u00e9 pr\u00e9fectoral portant renouvellement des membres des commissions de\ncontr\u00f4le des listes \u00e9lectorales dans les communes de l'arrondissement de Lyon 41\nAnnexe \u00e0 l'arr\u00eat\u00e9 pr\u00e9fectoral du 09/02/2026 portant nomination des membres des commissions de contr\u00f4le pour les communes de l'arrondissement de Lyon\nPage 6\nCommune\nD\u00e9l\u00e9gu\u00e9 de l'administration D\u00e9l\u00e9gu\u00e9 du TJ\nTitulaire Suppl\u00e9ant Titulaire Suppl\u00e9ant Titulaire Suppl\u00e9ant\nCommunes 1000 et +\nNom des listes\nConseiller municipal ou conseiller d'arrondissement (uniquement pour \nLyon)\nLA MULATI\u00c8RE Fr\u00e9d\u00e9ric VIOUT\nMULATIERE D'AVENIR Maxime BOST Julien Simon GUILLEMIN\nLA MULATIERE AUTREMENT Patrick CAILLON Olivier MESNARD\nNEUVILLE-SUR-SA\u00d4NE\nMIEUX VIVRE NEUVILLE\nMartine CHUZEL Claire BLONDEL\nLe\u00efla BEN MAHFOUD Manuel PLANE\nAlain LABAT N\u00e9ant\nNATURELLEMENT NEUVILLE Patrick SAILLOT Guillemette DEBORDE\nNEUVILLE ENSEMBLE Patrick RACHAS N\u00e9ant\nORLI\u00c9NAS\nVISION PARTAGEE, COMMUNE DURABLE\nFlorence AUDON C\u00e9dric BOURGUIGNON\nCatherine DAVOINE N\u00e9ant\nAlain ZUCCA N\u00e9ant\nORLIENAS ENSEMBLE\nThierry BADEL N\u00e9ant\nCyrille DECOURT N\u00e9ant\nOULLINS-PIERRE-BENITE\nChristiane PLASSARD Philippe LOCATELLI\nJean-Luc VIDALOT Jacques ROS\nAlain DONJON Josiane MARTIN\nMichel BAARSCH Claire BELLISSEN\nBernard JAVAZZO Pierre-Marie MAUXION\nPOLEYMIEUX ENSEMBLE PAR NATURE Isabelle LOPES Marie-Martine ZIMBOULAS Nathalie DAMBREVILLE Arlette DURAND Mich\u00e8le BOULET Marie PEYTEL\nPOLLIONNAY\nL'ESPRIT VILLAGE\nSt\u00e9phanie BOURGEOIS N\u00e9ant\nAur\u00e9lie GUTIERREZ N\u00e9ant\nB\u00e9atrice DUMORTIER N\u00e9ant\nVOUS ET NOUS AVANCONS ENSEMBLE\nDanielle BLATH Aurore TOMA\nBenjamin METELLY N\u00e9ant\nPOMEYS\nENSEMBLE POUR POMEYS\nDidier REYMONDON St\u00e9phanie CHAMBE\nRen\u00e9 VALLIER Fran\u00e7oise DUBOEUF\nPatricia FILLON N\u00e9ant\nAGIR ENSEMBLE POUR POMEYS\nNo\u00ebl BROCHIER N\u00e9ant\nHerv\u00e9 PERRONNET N\u00e9ant\nPUSIGNAN\nB\u00e9n\u00e9dicte DELECLOY Laurent LAVOREL\nFlorence LATOUR Allison BAYZELON\nFr\u00e9d\u00e9ric DE SUREMAIN Delphine GUERIN\nH\u00e9l\u00e8ne FANGET BARRIOZ N\u00e9ant\nEtienne BLEYER N\u00e9ant\nQUINCIEUX\nQUINCIEUX, MA COMMUNE\nPatrick AUDEMARD N\u00e9ant\nFlorence JOURNE N\u00e9ant\nShirley RENET N\u00e9ant\nQUINCIEUX, AVEC NOUS C'EST C.L.A.I.R.E.S\nCyrille FROCIONE N\u00e9ant\nCorinne BERERD N\u00e9ant\nRILLIEUX-LA-PAPE\nBernadette GUY Brigitte DESMET\nBrigitte EFFANTIN Marie-Aline RADIX\nEliane LARUE-BRIAND G\u00e9rard LABOR\nRILLIEUX, C'EST VOUS Christian COMBIER Raoudha DJABALLAH\nYves DURIEUX Elise SABIN\nRIVERIE St\u00e9phane VARGAS Maryline RIVOLLIER Louis RIVOIRE N\u00e9ant Nathalie PLAVINET N\u00e9ant\nGRANDIR ET BIEN-VIVRE A ROCHETAILLEE Laurent MARTINOD Pierre-Alexandre PRAT Micheline MOURET Corinne LAMARQUE Thierry CHALTON Alexandre NUSS\nRONTALON\nLaurence BRAUD N\u00e9ant\nSandrine BONNIER N\u00e9ant\nHerv\u00e9 STANIS N\u00e9nt\nL'ALTERNATIVE CITOYENNE\nG\u00e9raldine BERNARD N\u00e9ant\nS\u00e9bastien GUTTON N\u00e9ant\nNOUS SATHONAY\nNicole BONGIOVANNI Rita AGGOUN\nLucio FILANCIA\n           Soraya BOURARA (ABASSI) \n \n100 % OULLINS / FIERS DE PIERRE-BENITE \nAVEC JEROME MOROGE\nLE   TEMPS D'AGIR POUR UNE VILLE \nHUMAINE / GAUCHE ECOLOGIQUE \nRASSEMBLEES / POUR PIERRE-BENITE\nPOLEYMIEUX-AU-MONT-\nD'OR\nPUSIGNAN CAP 2026\nUNIS POUR NOTRE VILLAGE\nENSEMBLE NOUS SOMMES RILLIEUX-LA-\nPAPE\nENSEMBLE, NOUS TRANSFORMERONS \nRILLIEUX !\nROCHETAILL\u00c9E-SUR-\nSA\u00d4NE\nBIEN DANS MON VILLAGE, BIEN A \nRONTALON\n          Brigitte                 LAWSON \nVAULEGEARD\n69_Pr\u00e9f_Pr\u00e9fecture du Rh\u00f4ne - 69-2026-02-09-00002 - Arr\u00eat\u00e9 pr\u00e9fectoral portant renouvellement des membres des commissions de\ncontr\u00f4le des listes \u00e9lectorales dans les communes de l'arrondissement de Lyon 42\nAnnexe \u00e0 l'arr\u00eat\u00e9 pr\u00e9fectoral du 09/02/2026 portant nomination des membres des commissions de contr\u00f4le pour les communes de l'arrondissement de Lyon\nPage 7\nCommune\nD\u00e9l\u00e9gu\u00e9 de l'administration D\u00e9l\u00e9gu\u00e9 du TJ\nTitulaire Suppl\u00e9ant Titulaire Suppl\u00e9ant Titulaire Suppl\u00e9ant\nCommunes 1000 et +\nNom des listes\nConseiller municipal ou conseiller d'arrondissement (uniquement pour \nLyon)\nSATHONAY-CAMP Florence GAY Sylvie JULIAT   \nREUSSIR ENSEMBLE SATHONAY CAMP\nBernard DUPONT Andr\u00e9a ORLANDO\nMyriam FONTAINE Wenda MAAROUK\nAGIR ENSEMBLE POUR DEMAIN\nJennifer HAUTIN N\u00e9ant\nSophie BURDIN N\u00e9ant\nJean-Michel BUSCAIL N\u00e9ant\nSATHONAY ESPRTI VILLAGE\nDorian DA SILVA N\u00e9ant\nFr\u00e9d\u00e9rique GRANDJEAN N\u00e9ant\nS\u00c9R\u00c9ZIN-DU-RH\u00d4NE\nSEREZIN UNI(E)S POUR DEMAIN\nJoseph-Marc FRANCOIS St\u00e9phane FAURE\nSylvie AVIAS Coralie FRASSE\nJules JOASSARD Julie FRASSE\nEN AVANT SEREZIN\nDenis CATHEBRAS Patrick GONOD \nMarc FASCINA Arnaud THOMASSIN\nSIMANDRES\nBIEN VIVRE ENSEMBLE SIMANDRES\nIsabelle LUIZET N\u00e9ant\nYves CASTIN N\u00e9ant\nClotilde GERARDIN Michel COLOVRAY\nSIMANDRES 2.0\nSt\u00e9phane BOREL Patrick HARZEL\nAnne-Sophie VERDIEL N\u00e9ant\nSOLAIZE BOUGER, RESPIRER, VIVRE A SOLAIZE Jean-Paul JACQUET Evelyne QUINCIEU Albert MAS Michel BRUNET R\u00e9gis BOISSIER\nSOUCIEU-EN-JARREST\nENGAGES POUR SOUCIEU\nMarie-Claude PHILIPPE N\u00e9ant\nMarie-Pierre DUPRE-LATOUR N\u00e9ant\nIsabelle BRAILLON N\u00e9ant\nSOUCIEU PARTAGEONS DEMAIN\nDaniel ABAD N\u00e9ant\nCatherine CERRO Marie-France PILLOT\nSOUZY Pascale VERNAY Cindy CARRA Bernard ROCHET Eliane VIALLON Michel THOLLET Maurice JOMARD\nSAINT-ANDR\u00c9-LA-C\u00d4TE Paul MARNAS Isabelle DRAGOL N\u00e9ant Emmanuelle PERNEY N\u00e9ant\nSAINT-BONNET-DE-MURE\nMarie-Th\u00e9r\u00e8se CHAZALLET Jean-Paul DEMEREAU\nJosiane CHABERT Laurence MASSON\nLydie DA CRUZ G\u00e9rard DI ROLLO\nAU DELA DES MURE Thierry DUBUIS Elian CONDOMINES\nSylvie MONIN Alain STEPHAN\nMaxime BERGER Pascale GEY Colette FRANC No\u00e9mie BLEIN Mich\u00e8le SUBRIN Nicolas PERRONNET\nSAINT-CYR-AU-MONT-D'OR\nSAINT-CYR AVENIR\nMonique LAUGIER Marc GRIVEL\nElisabeth RIVARD N\u00e9ant\nJacques GUINCHARD Nathalie MARROCCO\nSAINT-CYR AVANT TOUT J\u00e9r\u00f4me COCHET Xavier LARRAT\nVIVRE ENSEMBLE SAINT CYR Xavier LATELTIN Jacqueline MANTELIN-RUIZ\nENSEMBLE, VIVONS BIEN A SAINT CYR Marie-France AVALLET Eric GIRODET Georges CETTIER Jean-Jacques GUERY Solange DANEL Liliane FONTAINE\nENSEMBLE POUR SAINT DIDIER\nLaurent SEVREZ Emmanuel FRANCOIS\nErick APTEL Alain DALTIER\nCarine GENOIS C\u00e9cile FROTT\u00c9\nSAINT DIDIER AUTREMENT Laure VELAY Florence ROMERSA\nOUVERTE ET SOLIDAIRE Ludovic BALMEFREZOL N\u00e9ant\nSAINT-FONS\nSAINT-FONS CITOYENNE ET UNIE\nMichel BARBA N\u00e9ant\nEmbarka MERTANI N\u00e9ant\nN\u00e9ant\nAriane LEVELLY N\u00e9ant\nSAINT-FONS  EN MOUVEMENT Rida ELKHANTOUCHE N\u00e9ant\nVIVONS SAINT GENIS Colette PERIER N\u00e9ant Richard TRUCHET N\u00e9ant Jacques VERNE N\u00e9ant\nST-GENIS-LAVAL\nAIMER SAINT GENIS\nEtienne FILLOT Yamina SERI\nSonia MONFORT Bruno DANDOY\nEmile BEYROUTI Laurent KAZMIERCZAK\nChristian DARNE Guillaume COUAILLER\nFabien BAGNON Eric PEREZ\nST-GENIS-LES-OLLI\u00c8RES\nPOUR SAINT GENIS TOUS UNIS\nThierry COUEDEL N\u00e9ant\nMarine EVRARD N\u00e9ant\nMartine PEREZ N\u00e9ant\n   SATHONAY-VILLAGE        \n                                     \nMarie-Claude \nBOMBRUN\nAlexandrine \nCAMPAGNO\nENSEMBLE POUR UN AVENIR  DURABLE A \nSAINT BONNET DE MURE\nAVEC NOUS POUR UN AVENIR QUI VOUS \nAPPARTIENT\nSAINT-CL\u00c9MENT-LES-\nPLACES\nSAINT-CYR-SUR-LE-\nRH\u00d4NE\nSAINT-DIDIER-AU-MONT-\nD'OR\nA\u00efssaoui MA\u00cfSSANE\nSAINT-FONS L'AUDACIEUCE AVEC \nNATHALIE FRIER\nSAINT-GENIS-\nL'ARGENTIERE\nSAINT GENIS LAVAL NOTRE VILLE NOTRE \nAVENIR\nSAINT GENIS VERTE, SOLIDAIRE ET \nCITOYENNE\n69_Pr\u00e9f_Pr\u00e9fecture du Rh\u00f4ne - 69-2026-02-09-00002 - Arr\u00eat\u00e9 pr\u00e9fectoral portant renouvellement des membres des commissions de\ncontr\u00f4le des listes \u00e9lectorales dans les communes de l'arrondissement de Lyon 43\nAnnexe \u00e0 l'arr\u00eat\u00e9 pr\u00e9fectoral du 09/02/2026 portant nomination des membres des commissions de contr\u00f4le pour les communes de l'arrondissement de Lyon\nPage 8\nCommune\nD\u00e9l\u00e9gu\u00e9 de l'administration D\u00e9l\u00e9gu\u00e9 du TJ\nTitulaire Suppl\u00e9ant Titulaire Suppl\u00e9ant Titulaire Suppl\u00e9ant\nCommunes 1000 et +\nNom des listes\nConseiller municipal ou conseiller d'arrondissement (uniquement pour \nLyon)\nAGIR ENSEMBLE\nCl\u00e9mence ATTANASIO N\u00e9ant\nFlorence SUPPLISSON N\u00e9ant\nVal\u00e9rie PERARDEL N\u00e9ant\nAnne-Fran\u00e7oise GIBERT N\u00e9ant\nSt\u00e9phanie FAURE N\u00e9ant\nOlivier PERROT N\u00e9ant\nPhilippe BIGOT N\u00e9ant\nSAINT-LAURENT-D'AGNYENSEMBLE POUR SAINT LAURENT D'AGNY Gilles FLEURY N\u00e9ant Pierre SILHOL N\u00e9ant Franck CROTTET N\u00e9ant\nMarie-Jo\u00eblle DELORME Thierry LOISON\nOdile VERMARE Sandrine BOINON\nMarc LOTISSIER Fabrice BONNET\nUN VENT NOUVEAU SUR NOS MONTS\nYves PERALDO N\u00e9ant\nJean-Pierre GRAZIOLI N\u00e9ant\nSAINT-LAURENT-DE-MURE\nGhislaine MONTELLANICO Sophie BOULMER\nHenri MONTELLANICO N\u00e9ant\nJeannine TRUCHET N\u00e9ant\nCAP2026 SAINT LAURENT DE MURE\nElma SOURD N\u00e9ant\nJack CHEVALIER Franck SARRUS\nSAINT-MARTIN-EN-HAUTPOUR L'AVENIR DE SAINT-MARTIN-EN-HAUT Ghislaine BUISSON Christian ESCALE Louis CHAMBE Marcel PIEGAY Marie-Jos\u00e8phe LAPEZE Pierre RIVOIRE\nVOTRE VILLAGE NOTRE ENGAGEMENT\nFabienne ROBERT Jean-Marc BUCLIER\nFabienne PALATAN Christ\u00e8le BERERA\nLouise MARQUETTE Karine MAIS\nRASSEMBLEMENT POUR SAINT PIERRE\nV\u00e9ronique MURILLO Fabrice GRANGE\nSt\u00e9phanie PROST Christian SIMARD\nSAINT-PRIEST\nSAINT-PRIEST NOTRE AVENIR\nFran\u00e7ois MEGARD Jacques BURLAT\nJean-Fran\u00e7ois MORICE Madeleine VERGNOLE\nLaurence FAVIER Gilles DELAMADELEINE\nACTES Wafia ZAK N\u00e9ant\nGilles GRANDVAL Philippe ROLLAND\nSAINT ROMAIN SOURCES D'INSPIRATION\nPatricia RUFFIN Christian BAGGIO\nMagali VINCENT S\u00e9bastien JALAGUIER\nC\u00e9line GARCIA Olivier DELLA DORA\nThierry LOIR Nabila ARIFY\nENSEMBLE, FAISONS VIVRE SAINT-ROMAIN Pierre CURTELIN N\u00e9ant\nSAINT-ROMAIN-EN-GAL\nETRE BIEN A ST-ROMAIN\nRobert GELAS Magali FOURNIER\nChristiane LAURENT Yves ROBERT\nMich\u00e8le SAMMUT Fr\u00e9d\u00e9ric CAPPIO\nMarie-Pierre JAUD-SONNERAT Andr\u00e9 GERMAIN\nNicole BOUTEILLON Alexia GARIN\nSAINT-ROMAIN-EN-GIER Sandra CHEVALLIER N\u00e9ant N\u00e9ant Jean MICARD N\u00e9ant\nHORIZONS 2020\nMichel MOULIN Guy PERRUSSET\nPascale LUCARELLI\nElisabeth TEYSSOT Mathieu DUSSERT-BRESSON\nOZON L'AVENIR\nGenevi\u00e8ve GLEYNAT Nadine BROUTY\nBruno BARAZZUTTI Nicolas VERVLIET\nAGISSONS POUR L'AVENIR DE SAINT SYM Corinne \u00c7AKIR-LOUSSE Jean-Claude AGGOUN Sylvain GAZARIAN N\u00e9ant Jean-Fran\u00e7ois VERNAY N\u00e9ant\nSAINTE-CATHERINE Elodie GEY N\u00e9ant Christian VILLE N\u00e9ant Guy MONTEILLER N\u00e9ant\nSAINTE-COLOMBE\nAVEC VOUS POUR SAINTE COLOMBE\nJacques REGNIER-VIGOUROUX David LESUR\nYves DELORME Corinne CHABORD\nSandrine Tavernier Lucie DANCETTE\nSAINTE-COLOMBE, AGIR ENSEMBLE\nNadine EUKSUZIAN Jean-Pierre MALSERT\nJacques PRAT Catherine JEANTROUX\nSAINTE-CONSORCEAGIR ENSEMBLE POUR SAINTE-CONSORCE Serge FERRANDEZ N\u00e9ant Gilles COTTIN Maurice COLINET Marguerite ROSSIGNOL Marie-Christine BAUZAC\nOBJECTIF 2020\nPhilippe SECKINGER N\u00e9ant\nRobert JOASSARD N\u00e9ant\nSteeve COURT N\u00e9ant\nAMBITIONS FIDESIENNES\nG\u00e9rard VULPAS N\u00e9ant\nSAINT-GERMAIN-AU-\nMONT-D'OR\nSAINT GERMAIN ECOLOGIQUE ET \nSOLIDAIRE\nSAINT-GERMAIN S'ENGAGE !\nST-LAURENT-DE-\nCHAMOUSSET\nSAINT LAURENT POURSUIVONS LA \nDYNAMIQUE\nSAINT LAURENT DE MURE 2020 NOUVELLE \nDYNAMIQUE\nSAINT-PIERRE-DE-\nCHANDIEU\nRASSEMBLEMENT CITOYEN  \nPOUR SAINT-PRIEST\nSAINT-ROMAIN-AU-MONT-\nD'OR\nSAUVONS SAINT ROMAIN PERLE DES \nMONTS D'OR\nPOUR SAINT ROMAIN EN GAL UNE EQUIPE \nQUI VOUS RASSEMBLE\nMarie Cermen \nMARRUPE\nSAINT-SYMPHORIEN-\nD'OZON\nFran\u00e7oise HAMA\u00cfLI\nSAINT-SYMPHORIEN-SUR-\nCOISE\nSAINTE-FOY-\nL'ARGENTI\u00c8RE\n69_Pr\u00e9f_Pr\u00e9fecture du Rh\u00f4ne - 69-2026-02-09-00002 - Arr\u00eat\u00e9 pr\u00e9fectoral portant renouvellement des membres des commissions de\ncontr\u00f4le des listes \u00e9lectorales dans les communes de l'arrondissement de Lyon 44\nAnnexe \u00e0 l'arr\u00eat\u00e9 pr\u00e9fectoral du 09/02/2026 portant nomination des membres des commissions de contr\u00f4le pour les communes de l'arrondissement de Lyon\nPage 9\nCommune\nD\u00e9l\u00e9gu\u00e9 de l'administration D\u00e9l\u00e9gu\u00e9 du TJ\nTitulaire Suppl\u00e9ant Titulaire Suppl\u00e9ant Titulaire Suppl\u00e9ant\nCommunes 1000 et +\nNom des listes\nConseiller municipal ou conseiller d'arrondissement (uniquement pour \nLyon)\nAMBITIONS FIDESIENNES\nDoroth\u00e9e PINEL N\u00e9ant\nSAINTE-FOY-L\u00c8S-LYON\nSAINTE-FOY, NOTRE VRAIE NATURE\nBernard MOMIN Robert DUMOND\nGuy CAUCHE Jo\u00eblle GUERINOT\nChristian BARRIER Bruno JACOLIN\nYvette LATHUILIERE Serge REPLUMAZ\nUNIS POUR SAINTE-FOY-LES-LYON Bernard GILLET Philippe SCHMIDT\nTALUYERS Mireille BERTHOUD Evelyne VIOLLET Yvette LAFORIE N\u00e9ant Bernard BERGERON N\u00e9ant\nTASSIN-LA-DEMI-LUNE\nAVEC VOUS TOUJOURS POUR TASSIN\nMarie-Catherine CHARPENTIER Michel CADILLAT\nChristine GARRIGOU Lo\u00efc GUYON\nJean-Baptiste RIO Yohann HACHANI\nMartine ESSAYAN Laurence DU VERGER\nJulien RANC Marielle MARGERI\nTERNAY TERNAY, LE NOUVEL ELAN David DAGUILLON Val\u00e9rie GUIBERT B\u00e9atrice CHAZALET May RENAUDIN Lyasid BELASRI\nTHURINS\nUNIS POUR THURINS\nSuzanne CHANTRE G\u00e9rard FRENEA\nPhilippe GROSSIORD Fr\u00e9d\u00e9ric AUBERGER\nMarion TISSOT Nathalie GARNIER\nNo\u00ebl FAURE Marion BERARD\nTHURINS, CULTIVONS NOTRE AVENIR Marie-Caroline GARCIN N\u00e9ant\nLA TOUR-DE-SALVAGNY LA TOUR, VILLAGE D'AVENIR Jocelyne BENOZILLO N\u00e9ant Malika VERLIERE N\u00e9ant Michel PERILLAT N\u00e9ant\nTOUSSIEU\nTOUSSIEU POUR TOUS\nJean-Philippe  MAROT Pierre ACHACHE\nMaud BRUNET C\u00e9dric MALFREYT\nC\u00e9lyan HARIR N\u00e9ant\nTOUSSIEU DEMAIN\nFlorian MERCIER Sylvain TARDY\nAlain CORNOUILLER Virginie DIAS\nTR\u00c8VES Laure RIVOIRON N\u00e9ant Mich\u00e8le SEEMANN N\u00e9ant N\u00e9ant\nTUPIN-ET-SEMONS Maxime BASSET Claudine MARION Andr\u00e9 DEGACHE Henri BELLON Andr\u00e9 DESCHAMPS Bernard MOUNIER\nVAUGNERAY\nENSEMBLE POUR VAUGNERAY\nSafi BOUKACEM St\u00e9phane GILLET\nChantal ROCHE N\u00e9ant\nEdouard WILLEMIN N\u00e9ant\nUNION POUR L'AVENIR\nRoland BADOIL N\u00e9ant\nSylv\u00e8re MATHIEU N\u00e9ant\nVAULX-EN-VELIN\nYvette JANIN Jo\u00eblle GIANNETTI\nV\u00e9ronique STAGNOLI Eric BAGES-LIMOGES\nMonique MARTINEZ Soufia MAAROUK\nUNION DES VAUDAIS INDEPENDANTS Nacera ALLEM Nordine GASMI\nAGIR ENSEMBLE POUR VAULX EN VELIN Sacha FORCA Audrey WATRELOT\nV\u00c9NISSIEUX\nPierre MATEO N\u00e9ant\nAmel KHAMMASSI Beno\u00eet COULIOU\nAude LONG Albert NIGRA\nNOUS, VENISSIEUX Fatma HAMIDOUCHE Fazia OUATAH\nLA REPUBLIQUE PARTOUT POUR TOUS Lionel PILLET Marie Danielle BRUYERE\nVERNAISON\nVIVONS VERNAISON\nRolande BERNARD Yves THEVENIN\nDominique CARUSO Jean-Claude BERGER\nMaria MORVAN Christine FALLETTI\nAVEC VOUS, EN ACTION POUR VERNAISON\nChristophe ROCHER Pascale MALGOUYRES\nC\u00e9dric JACQUEY Corinne PLA PAUCHON\nVILLECHEN\u00c8VE Ginette FAURE Aur\u00e9lie DUMAS Ren\u00e9 SEVE n\u00e9ant G\u00e9rard VERNAY n\u00e9ant\nVILLEURBANNE\nPOUR VILLEURBANNE EN COMMUN \nJacques GERNET Antoinette BUTET\nDanielle CARASCO Catherine ANAVOIZARD\nLotfi DEBBECHE Antoine PELCE\nEmilie PROST Virginie DEMARS\nSAINTE FOY AVENIR, CITOYENNETE \nECOLOGIE SOLIDARITE\nNOTRE BIEN COMMUN, NOTRE VILLAGE, \nNOTRE PLANETE\nTASSIN LA DEMI-LUNE, PLUS LOIN, \nENSEMBLE\nAndr\u00e9 ALLEGRET-\nPILOT\nTHURINS C.Q.F.D. : CE QU'IL FAUT DEMAIN \nPOUR THURINS\nPierre-Dominique \nBEIGHAU\nENSEMBLE AVEC HELENE GEOFFROY \nPOUR REUSSIR VAULX-EN-VELIN\nLES VENISSIANS RASSEMBLES POUR UNE \nVILLE HUMAINE, ECOLOGIQUE, SOLIDAIRE \nET CITOYENNE\nVILLEURBANNE C'EST VOUS !\n69_Pr\u00e9f_Pr\u00e9fecture du Rh\u00f4ne - 69-2026-02-09-00002 - Arr\u00eat\u00e9 pr\u00e9fectoral portant renouvellement des membres des commissions de\ncontr\u00f4le des listes \u00e9lectorales dans les communes de l'arrondissement de Lyon 45\nAnnexe \u00e0 l'arr\u00eat\u00e9 pr\u00e9fectoral du 09/02/2026 portant nomination des membres des commissions de contr\u00f4le pour les communes de l'arrondissement de Lyon\nPage 10\nCommune\nD\u00e9l\u00e9gu\u00e9 de l'administration D\u00e9l\u00e9gu\u00e9 du TJ\nTitulaire Suppl\u00e9ant Titulaire Suppl\u00e9ant Titulaire Suppl\u00e9ant\nCommunes 1000 et +\nNom des listes\nConseiller municipal ou conseiller d'arrondissement (uniquement pour \nLyon)\nSt\u00e9phane COLSON Ana\u00efs D'HOSTINGUE\nVOURLES VIVRE A VOURLES Claire RENOUPREZ S\u00e9bastien BLANC Serge FAGES Michel REGNIER G\u00e9rard DUMAS Annie FERNANDES\nYZERON\nChristian RULLIAT N\u00e9ant\nPierre DURAND N\u00e9ant\nJocelyne DAVIRON RADIX N\u00e9ant\nYZERON SIMPLEMENT\nVirginie BLUM N\u00e9ant\nGuy LHOPITAL N\u00e9ant\nVILLEURBANNE C'EST VOUS !\nYZERON : DECIDONS ENSEMBLE !\n69_Pr\u00e9f_Pr\u00e9fecture du Rh\u00f4ne - 69-2026-02-09-00002 - Arr\u00eat\u00e9 pr\u00e9fectoral portant renouvellement des membres des commissions de\ncontr\u00f4le des listes \u00e9lectorales dans les communes de l'arrondissement de Lyon 46","date":"2026-02-10","first_seen_on":"2026-02-10T15:37:03+00:00","id":"753666cc5542bcf021122965441dcf83a5457323760f00eb088125ee24ec0a3b","name":"RAA_69-2026-043-100226","pdf_creation_date":"2026-02-10T15:15:20+00:00","pdf_modification_date":null,"timezone":"Europe/Paris","url":"https://www.rhone.gouv.fr/contenu/telechargement/67294/452927/file/RAA_69-2026-043-100226.pdf"}
