{"administration":"prefidf","administration_name":"Pr\u00e9fecture de la r\u00e9gion \u00cele-de-France","content":"PREFECTURE\nREGION ILE DE\nFRANCE\nRECUEIL DES ACTES\nADMINISTRATIFS SP\u00c9CIAL\nN\u00b0IDF-069-2025-10\nPUBLI\u00c9 LE 30 OCTOBRE 2025\nSommaire\nAgence R\u00e9gionale de Sant\u00e9 / Agence r\u00e9gionale de sant\u00e9\nd'Ile-de-France-Direction de l'Offre de Soins (DOS)\nIDF-2025-10-14-00018 - Arr\u00eat\u00e9 d'approbation n\u00b0 DOS 2025/4272\nAvenant n\u00b07 (2 pages) Page 3\nAgence R\u00e9gionale de Sant\u00e9 / Cabinet de la Direction G\u00e9n\u00e9rale\nIDF-2025-10-28-00024 - Arr\u00eat\u00e9 n\u00b0 DOS - 2025/4512 modifiant la liste\ndes \u00e9tablissements de sant\u00e9 priv\u00e9s d'int\u00e9r\u00eat collectif\nhabilit\u00e9s de plein\ndroit \u00e0 assurer le service public hospitalier en\nr\u00e9gion \u00cele-de-France (2 pages) Page 6\nDirection r\u00e9gionale et interd\u00e9partementale de l'h\u00e9bergement et du\nlogement / mission suivi des organismes constructeurs\nIDF-2025-10-28-00025 - Arr\u00eat\u00e9\nExtension \u00e0 la r\u00e9gion\nProvence-Alpes-C\u00f4te d'Azur de l'agr\u00e9ment en ma\u00eetrise\nd'ouvrage\nd'insertion de la Fondation Perce-Neige (2 pages) Page 9\nDirection r\u00e9gionale et interd\u00e9partementale de l'environnement, de\nl'am\u00e9nagement et des transports d'\u00cele-de-France / S\u00e9curit\u00e9 des\ntransports et des v\u00e9hicules\nIDF-2025-10-29-00008 - Arr\u00eat\u00e9 de suspension temporaire DRIEAT - IDF\nn\u00b0 2025 - 0921 CAB FORMATION (3 pages) Page 12\nDirection r\u00e9gionale et interd\u00e9partementale de l'h\u00e9bergement et du\nlogement / Accueil h\u00e9bergement insertion\nIDF-2025-10-28-00023 - Arr\u00eat\u00e9 modificatif de Dotation Globale\nCommune 2025CPOM  SOS Solidarit\u00e9 (4 pages) Page 16\n2\nAgence R\u00e9gionale de Sant\u00e9\nIDF-2025-10-14-00018\nArr\u00eat\u00e9 d'approbation n\u00b0 DOS 2025/4272\nAvenant n\u00b07\nAgence R\u00e9gionale de Sant\u00e9 - IDF-2025-10-14-00018 - Arr\u00eat\u00e9 d'approbation n\u00b0 DOS 2025/4272 Avenant n\u00b07 3\nEREPUBLIQUEFRAN\u00c7AISELibert\u00e9Egalit\u00e9Fraternit\u00e9\n@ D Agence R\u00e9gionale de Sant\u00e9lle-de-France\nAGENCE R\u00c9GIONALE DE SANT\u00c9 \u00ceLE-DE-FRANCE\nARR\u00caT\u00c9 N\u00b0DOS 2025/4272\nportant approbation l'avenant n\u00b07 \u00e0 la convention constitutive du Groupement de \nCoop\u00e9ration Sanitaire \u00ab LNA Sant\u00e9\u00bb\nLE DIRECTEUR G\u00c9N\u00c9RAL DE L'AGENCE R\u00c9GIONALE DE SANT\u00c9 \u00ceLE-DE-FRANCE\nVU le code de la sant\u00e9 publique et notamment les articles L.6133-1 et suivants et R. 6133-1 et\nsuivants ;\nVU l'arr\u00eat\u00e9 du 5 avril 2019 relatif aux groupements de coop\u00e9rations sanitaires ;\nVU le d\u00e9cret du 10 avril 2024 portant nomination de Monsieur Denis ROBIN, Directeur g\u00e9n\u00e9ral de\nl'Agence r\u00e9gionale de sant\u00e9 \u00cele-de-France \u00e0 compter du 29 avril 2024 ;\nVU l'arr\u00eat\u00e9 DS n\u00b0 034/2024 du 29 avril 2024 du Directeur g\u00e9n\u00e9ral de l'Agence r\u00e9gionale de sant\u00e9\n\u00cele-de-France, Monsieur Denis ROBIN, portant d\u00e9l\u00e9gation de signature \u00e0 Monsieur Arnaud\nCORVAISIER, Directeur de l'Offre de soins de l'ARS \u00cele-de-France ;\nVU l'arr\u00eat\u00e9 n\u00b009-05 du 11 f\u00e9vrier 2009 portant approbation de la convention constitutive du\nGroupement de Coop\u00e9ration sanitaire \u00ab Noble \u00e2ge \u00bb nouvellement nomm\u00e9 \u00ab LNA Sant\u00e9 \u00bb ;\nVU la d\u00e9lib\u00e9ration de l'assembl\u00e9e g\u00e9n\u00e9rale du GCS \u00ab LNA Sant\u00e9 \u00bb du 6 octobre adoptant la\nmodifications des membres ;\nVU l'avenant n\u00b0 7 \u00e0 la convention constitutive du GCS \u00ab LNA Sant\u00e9 \u00bb sign\u00e9 \u00e0 Paris, le 6 octobre\n2025\nCONSID\u00c9RANT que l'avenant n\u00b07 \u00e0 la convention du GCS \u00ab LNA Sant\u00e9 \u00bb respecte les dispositions\ndes articles L. 6133-1 et suivants et R. 6133-1 et suivants du code de la sant\u00e9\npublique ;\nARR\u00caTE\nARTICLE 1er : L'avenant n\u00b0 7 \u00e0 la convention constitutive du Groupement de Coop\u00e9ration Sanitaire \n\u00ab LNA Sant\u00e9 \u00bb est approuv\u00e9.\nARTICLE 2e : L'avenant approuve la modification du p\u00e9rim\u00e8tre des \u00e9tablissements de LNA ES\nparticipant au Groupement cons\u00e9cutive \u00e0 la fusion par absorption de la soci\u00e9t\u00e9 P\u00f4le de\nSant\u00e9 de Meaux en date du 1er janvier 2025. \nAgence R\u00e9gionale de Sant\u00e9 - IDF-2025-10-14-00018 - Arr\u00eat\u00e9 d'approbation n\u00b0 DOS 2025/4272 Avenant n\u00b07 4\n2\nARTICLE 3e : L'avenant approuve la modification de la liste des membres au groupement, en tenant\ncompte du retrait de l'\u00e9tablissement suivant :\n- L'\u00e9tablissement Les Jardins de l'Ourcq, situ\u00e9 2 bis rue d'Orgemont,\n77100 MEAUX\nARTICLE 4e : Le pr\u00e9sent arr\u00eat\u00e9 sera publi\u00e9 au recueil des actes administratifs de la pr\u00e9fecture de la\nr\u00e9gion \u00cele-de-France. Un recours contentieux contre le pr\u00e9sent arr\u00eat\u00e9 peut \u00eatre form\u00e9\naupr\u00e8s du Tribunal administratif comp\u00e9tent. Le d\u00e9lai de recours est de deux mois \u00e0\ncompter de sa notification pour les int\u00e9ress\u00e9s ou de sa publication pour les tiers.\nFait \u00e0 Saint-Denis, le\nLe Directeur g\u00e9n\u00e9ral\nde l'Agence r\u00e9gionale de sant\u00e9\n\u00cele-de-France\nPar d\u00e9l\u00e9gation, \nLe Directeur Adjoint de l'Offre de \nsoins\n \nAgence R\u00e9gionale de Sant\u00e9 - IDF-2025-10-14-00018 - Arr\u00eat\u00e9 d'approbation n\u00b0 DOS 2025/4272 Avenant n\u00b07 5\nAgence R\u00e9gionale de Sant\u00e9\nIDF-2025-10-28-00024\nArr\u00eat\u00e9 n\u00b0 DOS - 2025/4512 modifiant la liste des\n\u00e9tablissements de sant\u00e9 priv\u00e9s d'int\u00e9r\u00eat collectif\nhabilit\u00e9s de plein\ndroit \u00e0 assurer le service public hospitalier en\nr\u00e9gion \u00cele-de-France\nAgence R\u00e9gionale de Sant\u00e9 - IDF-2025-10-28-00024 - Arr\u00eat\u00e9 n\u00b0 DOS - 2025/4512 modifiant la liste des \u00e9tablissements de sant\u00e9 priv\u00e9s\nd'int\u00e9r\u00eat collectif habilit\u00e9s de plein\ndroit \u00e0 assurer le service public hospitalier en r\u00e9gion \u00cele-de-France\n6\n||REPUBLIQUEFRAN\u00c7AISE \u00a9 D Agence R\u00e9gionalede Sant\u00e9Libert\u00e9 Ile-de-FranceEgalit\u00e9Fraternit\u00e9\nAGENCE R\u00c9GIONALE DE SANT\u00c9 \u00ceLE-DE-FRANCEARRETE n\u00b0 DOS \u2014 2025/4512modifiant la liste des \u00e9tablissements de sant\u00e9 priv\u00e9s d'int\u00e9r\u00eat collectif habilit\u00e9s de pleindroit \u00e0 assurer le service public hospitalier en r\u00e9gion \u00cele-de-France\nLE DIRECTEUR G\u00c9N\u00c9RAL DE L'AGENCE REGIONALE DE SANT\u00c9 \u00ceLE-DE-FRANCE\nVU la loi n\u00b02016-41 du 24 janvier 2016 de modernisation de notre syst\u00e8me de sant\u00e9 ;VU la loi n\u00b02009-879 du 21 juillet 2009 portant r\u00e9forme de l'h\u00f4pital et relative aux patients, \u00e0 lasant\u00e9 et aux territoires ;VU le d\u00e9cret du 10 avril 2024 portant nomination de Monsieur Denis ROBIN, Directeur g\u00e9n\u00e9ral del'Agence r\u00e9gionale de sant\u00e9 \u00cele-de-France \u00e0 compter du 29 avril 2024 ;\nVU le code de la sant\u00e9 publique et notamment ses articles L.6112-1 \u00e0 L.6112-8 et R.6112-2 aR.6112-7 ; l'article L.6161-5 relatifau statut de sant\u00e9 priv\u00e9s d'int\u00e9r\u00eat collectif et l'article D.6161-2;VU le d\u00e9cret n\u00b02016-1505 du 8 novembre 2016 relatif aux \u00e9tablissements de sant\u00e9 assurant leservice public hospitalier ;VU le d\u00e9cret n\u00b02016-1645 du 1% d\u00e9cembre 2016 relatif \u00e0 la permanence des soins et \u00e0 diversesmodifications de dispositions r\u00e9glementaires applicables au service public hospitalier (SPH) ;VU l'arr\u00eat\u00e9 du 12 janvier 2017relatif au dossier de candidature au service public hospitalier ainsiqu'au contenu de l'avis des repr\u00e9sentants d'usager dans les \u00e9tablissements assurant le servicepublic hospitalier ne disposant pas de conseil d'administration, de conseil de surveillance oud'organe en tenant lieu ;\nCONSIDERANT la liste des \u00e9tablissements de sant\u00e9 qui, remplissant les conditions fix\u00e9es \u00e0 l'articleL.6161-5 du Code de la sant\u00e9 publique, sont qualifi\u00e9s d'\u00e9tablissements de sant\u00e9spriv\u00e9s d'int\u00e9r\u00eat collectif en r\u00e9gion Ile-de-France a la date du pr\u00e9sent arr\u00eat\u00e9 ;CONSID\u00c9RANT qu'aucun \u00e9tablissement de sant\u00e9 priv\u00e9 d'int\u00e9r\u00eat collectif n'a signifi\u00e9 au Directeurg\u00e9n\u00e9ral de l'Agence r\u00e9gionale de sant\u00e9 son intention de ne pas assurer le servicepublic hospitalier et son opposition \u00e0 \u00eatre inscrit de plein droit sur la liste des\u00e9tablissements habilit\u00e9s ;CONSID\u00c9RANT la d\u00e9cision du tribunal de commerce du 15 octobre 2025 d\u00e9signant l'H\u00f4pital Foch etl'Institut Curie pour assurer la reprise de l'Institut Mutualiste Montsouris (IMM) ;\nARR\u00caTE\nEx \nR\u00c9PUBLIQUE \nFRAN\u00c7AISE @ D Agence R\u00e9gionale de Sant\u00e9 Libert\u00e9 \u00cele-de-France \u00c9galit\u00e9 \nFraternit\u00e9 \nAGENCE R\u00c9GIONALE DE SANT\u00c9 \u00ceLE-DE-FRANCE \nARRETE n\u00b0 DOS - 2025/4512 \nmodifiant la liste des \u00e9tablissements de sant\u00e9 priv\u00e9s d'int\u00e9r\u00eat collectif habilit\u00e9s de plein \ndroit \u00e0 assurer le service public hospitalier en r\u00e9gion \u00cele-de-France \nLE DIRECTEUR G\u00c9N\u00c9RAL DE L'AGENCE R\u00c9GIONALE DE SANT\u00c9 \u00ceLE-DE-FRANCE \nvu la loi n\u00b02016-41 du 24 janvier 2016 de modernisation de notre syst\u00e8me de sant\u00e9 ; \nvu la loi n\u00b02009-879 du 21 juillet 2009 portant r\u00e9forme de I'hopital et relative aux patients, \u00e0 la \nsant\u00e9 et aux territoires ; \nvu le d\u00e9cret du 10 avril 2024 portant nomination de Monsieur Denis ROBIN, Directeur g\u00e9n\u00e9ral de \nl'Agence r\u00e9gionale de sant\u00e9 \u00cele-de-France \u00e0 compter du 29 avril 2024 ; \nvu le code de la sant\u00e9 publique et notamment ses articles L.6112-1 \u00e0 L.6112-8 et R.6112-2 \u00e0 \nR.6112-7 ; l'article L.6161-5 relatif au statut de sant\u00e9 priv\u00e9s d'int\u00e9r\u00eat collectif et l'article D.6161- \n2; \nvu le d\u00e9cret n\u00b02016-1505 du 8 novembre 2016 relatif aux \u00e9tablissements de sant\u00e9 assurant le \nservice public hospitalier ; \nvu le d\u00e9cret n\u00b02016-1645 du 1\" d\u00e9cembre 2016 relatif \u00e0 la permanence des soins et \u00e0 diverses \nmodifications de dispositions r\u00e9glementaires applicables au service public hospitalier (SPH) ; \nvu l'arr\u00eat\u00e9 du 12 janvier 2017relatif au dossier de candidature au service public hospitalier ainsi \nqu'au contenu de l'avis des repr\u00e9sentants d'usager dans les \u00e9tablissements assurant le service \npublic hospitalier ne disposant pas de conseil d'administration, de conseil de surveillance ou \nd'organe en tenant lieu ; \nCONSID\u00c9RANT la liste des \u00e9tablissements de sant\u00e9 qui, remplissant les conditions fix\u00e9es \u00e0 l'article \nL.6161-5 du Code de la sant\u00e9 publique, sont qualifi\u00e9s d'\u00e9tablissements de sant\u00e9s \npriv\u00e9s d'int\u00e9r\u00eat collectif en r\u00e9gion lle-de-France \u00e0 la date du pr\u00e9sent arr\u00eat\u00e9 ; \nCONSID\u00c9RANT qu'aucun \u00e9tablissement de sant\u00e9 priv\u00e9 d'int\u00e9r\u00eat collectif n'a signifi\u00e9 au Directeur \ng\u00e9n\u00e9ral de I'Agence r\u00e9gionale de sant\u00e9 son intention de ne pas assurer le service \npublic hospitalier et son opposition \u00e0 \u00eatre inscrit de plein droit sur la liste des \n\u00e9tablissements habilit\u00e9s ; \nCONSID\u00c9RANT la d\u00e9cision du tribunal de commerce du 15 octobre 2025 d\u00e9signant I'Hopital Foch et \nI'Institut Curie pour assurer la reprise de l'Institut Mutualiste Montsouris (IMM) ; \nARR\u00caTE\nAgence R\u00e9gionale de Sant\u00e9 - IDF-2025-10-28-00024 - Arr\u00eat\u00e9 n\u00b0 DOS - 2025/4512 modifiant la liste des \u00e9tablissements de sant\u00e9 priv\u00e9s\nd'int\u00e9r\u00eat collectif habilit\u00e9s de plein\ndroit \u00e0 assurer le service public hospitalier en r\u00e9gion \u00cele-de-France\n7\nARTICLE 1\u00b0 :\nARTICLE 2\u00b0:\nL'arr\u00eat\u00e9 approuve la modification de la liste des \u00e9tablissements de sant\u00e9 priv\u00e9s d'int\u00e9r\u00eatcollectif, en tenant en compte de l'adh\u00e9sion de l'\u00e9tablissement suivant :- Association Nouvel Institut M\u00e9dico-chirurgical Montsouris, situ\u00e9 42 boulevardJourdan, 75014 Paris et dont le FINESS juridique est le suivant : 750078115Le pr\u00e9sent arr\u00eat\u00e9 sera publi\u00e9 au recueil des actes administratifs de la pr\u00e9fecture de lar\u00e9gion Ile-de-France.\nFait \u00e0 Saint-Denis, leLe Directeur g\u00e9n\u00e9ralde l'Agence r\u00e9gionale de sant\u00e9Ile-de-France\nSign\u00e9 \u00e9lectroniquement par DenisROBIN - Directeur G\u00e9n\u00e9ralLe 28/10/2025 a 18:03\nARTICLE 1\u20ac : L'arr\u00eat\u00e9 approuve la modification de la liste des \u00e9tablissements de sant\u00e9 priv\u00e9s d'int\u00e9r\u00eat \ncollectif, en tenant en compte de l'adh\u00e9sion de I'\u00e9tablissement suivant : \n- Association Nouvel Institut M\u00e9dico-chirurgical Montsouris, situ\u00e9 42 boulevard \nJourdan, 75014 Paris et dont le FINESS juridique est le suivant : 750078115 \nARTICLE 2\u00a2: Le pr\u00e9sent arr\u00eat\u00e9 sera publi\u00e9 au recueil des actes administratifs de la pr\u00e9fecture de la \nr\u00e9gion \u00cele-de-France. \nFait \u00e0 Saint-Denis, le \nLe Directeur g\u00e9n\u00e9ral \nde I''Agence r\u00e9gionale de sant\u00e9 \n\u00cele-de-France \nSign\u00e9 \u00e9lectroniquement par Denis \nROBIN - Directeur G\u00e9n\u00e9ral \nLe 28/10/2025 \u00e0 18:03\nAgence R\u00e9gionale de Sant\u00e9 - IDF-2025-10-28-00024 - Arr\u00eat\u00e9 n\u00b0 DOS - 2025/4512 modifiant la liste des \u00e9tablissements de sant\u00e9 priv\u00e9s\nd'int\u00e9r\u00eat collectif habilit\u00e9s de plein\ndroit \u00e0 assurer le service public hospitalier en r\u00e9gion \u00cele-de-France\n8\nDirection r\u00e9gionale et interd\u00e9partementale de\nl'h\u00e9bergement et du logement\nIDF-2025-10-28-00025\nArr\u00eat\u00e9\nExtension \u00e0 la r\u00e9gion Provence-Alpes-C\u00f4te d'Azur\nde l'agr\u00e9ment en ma\u00eetrise d'ouvrage\nd'insertion de la Fondation Perce-Neige\nDirection r\u00e9gionale et interd\u00e9partementale de l'h\u00e9bergement et du logement - IDF-2025-10-28-00025 - Arr\u00eat\u00e9\nExtension \u00e0 la r\u00e9gion Provence-Alpes-C\u00f4te d'Azur de l'agr\u00e9ment en ma\u00eetrise d'ouvrage\nd'insertion de la Fondation Perce-Neige\n9\nEuPR\u00c9FETDE LA R\u00c9GIOND'ILE-DE-FRANCELibert\u00e9Egalit\u00e9Fraternit\u00e9\n \n  \nSecr\u00e9tariat g\u00e9n\u00e9ral aux politiques publiques \nDirection des affaires juridiques \n \n \n \n \n \nArr\u00eat\u00e9 \n \nExtension \u00e0 la r\u00e9gion Provence-Alpes-C\u00f4te d'Azur de l'agr\u00e9ment en ma\u00eetrise d'ouvrage \nd'insertion de la Fondation Perce-Neige \n \n \nLe pr\u00e9fet de la r\u00e9gion d'Ile-de-France, \nPr\u00e9fet de Paris, \nCommandeur de la L\u00e9gion d'honneur, \nOfficier de l'ordre national du M\u00e9rite \n \n \nVu le code de la construction et de l'habitation, notamment les articles L.365-2, L.365-5, R.365-\n2, R.365-5 et R.365-6-1 ; \nVu le d\u00e9cret du 13 mai 2016 , reconnaissant la Fondation Perce -Neige comme \u00e9tant  d'utilit\u00e9 \npublique ; \nVu le d\u00e9cret du 5 novembre 2014, approuvant les statuts de la Fondation Perce-Neige ;  \nVu la d\u00e9lib\u00e9ration du 23 juin 2025  du conseil d'administration de  la Fondation Perce-Neige \nsollicitant l'extension de l'agr\u00e9ment en ma\u00eetrise d'ouvrage d'insertion  \u00e0 la r\u00e9gion Provence -\nAlpes-C\u00f4te d'Azur ; \nVu l'arr\u00eat\u00e9 du 4 ao\u00fbt 2023 du Comit\u00e9 r\u00e9gional de l'habitat et de l'h\u00e9bergement de la r\u00e9gion \u00cele-\nde-France, donnant agr\u00e9ment en ma\u00eetrise d'ouvrage d'insertion \u00e0 la Fondation Perce-Neige pour \nla r\u00e9gion \u00cele-de-France ; \nVu l'arr\u00eat\u00e9 du 30 novembre 2023  du Comit\u00e9 r\u00e9gional de l'habitat et de l'h\u00e9bergement de la \nr\u00e9gion Pays de la Loire, donnant agr\u00e9ment en ma\u00eetrise d'ouvrage d'insertion \u00e0 la Fondation \nPerce-Neige pour la r\u00e9gion Pays de la Loire ; \nVu l'avis favorable du Comit\u00e9 r\u00e9gional de l'habitat et de l'h\u00e9bergement de la r\u00e9gion Provence-\nAlpes-C\u00f4te d'Azur du 7 ao\u00fbt 2025 concernant cette demande d'extension \u00e0 la r\u00e9gion Provence-\nAlpes-C\u00f4te d'Azur ; \nConsid\u00e9rant que l'instruction des pi\u00e8ces vers\u00e9es au dossier n'appelle aucune observation ; \nSur proposition du directeur r\u00e9gional et interd\u00e9partemental de l'h\u00e9bergement et du logement \n \nARR\u00caTE \n \nArticle 1er : Il est d\u00e9livr\u00e9 \u00e0 la Fondation Perce-Neige, dont le si\u00e8ge social est situ\u00e9 au 7 rue de \nla Gare, 92300 Levallois-Perret, une extension de l' agr\u00e9ment en ma\u00eetrise d'ouvrage d'insertion \nportant sur le territoire de Provence-Alpes-C\u00f4te d'Azur.  \nDirection r\u00e9gionale et interd\u00e9partementale de l'h\u00e9bergement et du logement - IDF-2025-10-28-00025 - Arr\u00eat\u00e9\nExtension \u00e0 la r\u00e9gion Provence-Alpes-C\u00f4te d'Azur de l'agr\u00e9ment en ma\u00eetrise d'ouvrage\nd'insertion de la Fondation Perce-Neige\n10\nArticle 2 : La pr\u00e9f\u00e8te, secr\u00e9taire g\u00e9n\u00e9rale aux politiques publiques de la pr\u00e9fecture de la r\u00e9gion \n\u00cele-de-France, pr\u00e9fecture de Paris  et le directeur r\u00e9gio nal et interd\u00e9partemental de \nl'h\u00e9bergement et du logement de la r\u00e9gion \u00cele -de-France sont charg\u00e9s, chacun en ce qui le \nconcerne, de l'ex\u00e9cution du pr\u00e9sent arr\u00eat\u00e9 et qui sera publi\u00e9 au recueil des actes administratifs \n(\u00e9chelon de la r\u00e9gion d'\u00cele -de-France) de la pr\u00e9fecture de la r\u00e9gion d'\u00cele -de-France, pr\u00e9fecture \nde Paris, accessible sur le site Internet de la pr\u00e9fecture : www.prefectures-regions.gouv.fr/ile-de-\nfrance/.. \n \nFait \u00e0 Paris le 28/10/2025   \nPour le pr\u00e9fet et par d\u00e9l\u00e9gation,  \nla pr\u00e9f\u00e8te, secr\u00e9taire g\u00e9n\u00e9rale aux  \npolitiques publiques de la pr\u00e9fecture \n de la r\u00e9gion d'\u00cele-de-France, \npr\u00e9fecture de Paris \nSIGN\u00c9 \n   Marie GAUTIER-MALLERAY \n \nDirection r\u00e9gionale et interd\u00e9partementale de l'h\u00e9bergement et du logement - IDF-2025-10-28-00025 - Arr\u00eat\u00e9\nExtension \u00e0 la r\u00e9gion Provence-Alpes-C\u00f4te d'Azur de l'agr\u00e9ment en ma\u00eetrise d'ouvrage\nd'insertion de la Fondation Perce-Neige\n11\nDirection r\u00e9gionale et interd\u00e9partementale de\nl'environnement, de l'am\u00e9nagement et des\ntransports d'\u00cele-de-France\nIDF-2025-10-29-00008\nArr\u00eat\u00e9 de suspension temporaire DRIEAT - IDF n\u00b0\n2025 - 0921 CAB FORMATION\nDirection r\u00e9gionale et interd\u00e9partementale de l'environnement, de l'am\u00e9nagement et des transports d'\u00cele-de-France -\nIDF-2025-10-29-00008 - Arr\u00eat\u00e9 de suspension temporaire DRIEAT - IDF n\u00b0 2025 - 0921 CAB FORMATION 12\n|PREFET |DE LA REGIOND'\u00ceLE-DE-FRANCELibert\u00e9Egalit\u00e9Fraternit\u00e9\nDirection r\u00e9gionale et interd\u00e9partementale\nde l'environnement, de l'am\u00e9nagement\net des transports d'\u00cele-de-France\nARR\u00caT\u00c9 DE SUSPENSION TEMPORAIRE\u2013 DRIEAT \u2013 IDF N\u00b0 2025 - 0921\nLE PR\u00c9FET DE LA R\u00c9GION D'\u00ceLE-DE-FRANCE, PR\u00c9FET DE PARIS,\nOFFICIER DE LA L\u00c9GION D'HONNEUR, OFFICIER DE L'ORDRE NATIONAL DU M\u00c9RITE\nVU l'arr\u00eat\u00e9 du 2 ao\u00fbt 2024 relatif aux modalit\u00e9s de l'obtention des attestations de capacit\u00e9 professionnelles en\ntransport  routier l\u00e9ger\u00a0;\nVU l'arr\u00eat\u00e9 n\u00b0IDF-2022-07-19-00005 du 19 juillet 2022 du pr\u00e9fet de la r\u00e9gion \u00cele-de-France, pr\u00e9fet de Paris, portant\nd\u00e9l\u00e9gation  de  signature  \u00e0  Madame  Emmanuelle  GAY,  directrice  r\u00e9gionale  et  interd\u00e9partementale  de\nl'environnement, de l'am\u00e9nagement et des transports d'\u00cele-de-France (DRIEAT), en mati\u00e8re administrative\u00a0;\nVU la  d\u00e9cision  DRIEAT-IdF  n\u00b0  2025\u201310-24-00014  du  24  octobre  2025  de  la  directrice  r\u00e9gionale  et\ninterd\u00e9partementale  de  l'environnement,  de  l'am\u00e9nagement  et  des  transports  d'\u00cele-de-France portant\nsubd\u00e9l\u00e9gation de signature en mati\u00e8re administrative pour le compte du Pr\u00e9fet de la r\u00e9gion d'\u00cele-de- France\u00a0; \nVU les arts.A.3211-40-1 \u00e0 A.3211-40-4 de l'arr\u00eat\u00e9 du 2 ao\u00fbt 2024 relatif aux modalit\u00e9s de l'obtention des attestations\nde capacit\u00e9 professionnelles en transport (qui encadrent strictement la nature, les modalit\u00e9s, le bar\u00e8me , les seuils\nde r\u00e9ussite de l'examen et qui signifie que seules les r\u00e9ponses correctes peuvent \u00eatre cr\u00e9dit\u00e9es de points); \nVU  l'art.3.2 de l'annexe de l'arr\u00eat\u00e9 du 2 ao\u00fbt 2024 relatif aux modalit\u00e9s de l'obtention des attestations de capacit\u00e9\nprofessionnelles en transport\u00a0;\nVU l' art.R3211-40-2  du d\u00e9cret n\u00b02023-1218 du 20 d\u00e9cembre 2023 (qui impose\u00a0aux centres de formation le respect\ndes obligations fix\u00e9es par le cahier des charges annex\u00e9 \u00e0 l'arr\u00eat\u00e9 du 2 ao\u00fbt 2024) ;\nVU l'art.R. 3113-39-6 du d\u00e9cret n\u00b02023-1218 du 20 d\u00e9cembre 2023 (qui permet au pr\u00e9fet de r\u00e9gion, en cas d'urgence\nen  raison  de  manquements  graves  aux  obligations  fix\u00e9es  par  l'arr\u00eat\u00e9  mentionn\u00e9  \u00e0  l'article R.  3113-39-1,  de\nsuspendre sans d\u00e9lai l'agr\u00e9ment par une d\u00e9cision motiv\u00e9e et notifi\u00e9e au responsable du centre)\u00a0;\nVU les d\u00e9cisions d'agr\u00e9ment DRIEA IdF 2017-1780 du 10 novembre 2017 modifi\u00e9 par l'agr\u00e9ment DRIEAT IdF 2022-\n0332\u00a0du 12 avril 2022 ;\nConsid\u00e9rant que lors de la v\u00e9rification par la DRIEAT des relev\u00e9s d'heures de e-learning des 3 sessions de l'ann\u00e9e \n2025 organis\u00e9es par le centre, Il a \u00e9t\u00e9 constat\u00e9, pour chacune de ces sessions, une absence de suivi des heures de \nconnexion des stagiaires, ce qui constitue un manquement grave au regard de l'article R. 3113-39-6 du d\u00e9cret du 20\nd\u00e9cembre 2023 \u00a0;\nConsid\u00e9rant que certains temps de connexion semblent irr\u00e9alisables (temps de connexion incoh\u00e9rent pouvant \natteindre les 853 heures par stagiaire)\u00a0;\nSSTV/DRTR/DG/UE \n21/23 rue Miollis\u2013 75015 Paris\nStandard\u00a0:  01 40 61 80 80\nwww.drieat.ile-de-france.developpement-durable.gouv.fr 1/3\nDirection r\u00e9gionale et interd\u00e9partementale de l'environnement, de l'am\u00e9nagement et des transports d'\u00cele-de-France -\nIDF-2025-10-29-00008 - Arr\u00eat\u00e9 de suspension temporaire DRIEAT - IDF n\u00b0 2025 - 0921 CAB FORMATION 13\nConsid\u00e9rant qu'ainsi il ne peut \u00eatre garanti que les candidats ont r\u00e9ellement suivi les 102 heures de formation \nobligatoire ;\nConsid\u00e9rant que vous ne remplissez donc  pas les exigences de la r\u00e9glementation de l'article 2.3 (Programme \nde formation) de l'arr\u00eat\u00e9 du 2 ao\u00fbt 2024 relatif aux modalit\u00e9s de l'obtention des attestations de capacit\u00e9 \nprofessionnelles en transport\u00a0; ( Stagiaire M IMLOUL\u00a0: 853 heures de connexion, Stagiaire M GHANMI\u00a0: 627 \nheures \u2026)\nSur proposition de la directrice r\u00e9gionale et interd\u00e9partementale de l'environnement, de l'am\u00e9nagement et\ndes transports d'\u00cele-de-France\u00a0;\nARR\u00caTE\u00a0:\nArticle 1\u00a0: \nL'agr\u00e9ment modificatif DRIEAT IdF 2022-0332 du 12-04-2022 du centre de formation CAB FORMATIONS, situ\u00e9\n151 avenue Gallieni \u2013 B\u00e2timent C \u2013 93170 BAGNOLET (SIREN 811 292 523), organisateur de formations  et\nexamens  permettant  d'obtenir  l'attestation  de  capacit\u00e9  professionnelle  en  transport  routier  l\u00e9ger  de\nmarchandises et en voyageurs de moins de 9 places est suspendu pour une dur\u00e9e de 3 mois \u00e0 compter de la\nnotification de le pr\u00e9sent arr\u00eat\u00e9.\nArticle 2 : \nLe centre de formation CAB FORMATIONS devra faire parvenir ses observations dans un d\u00e9lai de 7\u00a0jours.\nArticle 3 : \nLe centre CAB FORMATIONS est tenu d'afficher le pr\u00e9sent arr\u00eat\u00e9 au sein du centre de formation.\nArticle 4\u00a0: \nLe pr\u00e9sent arr\u00eat\u00e9 entra\u00eene l'interdiction pour le centre de formation CAB FORMATIONS, de toute publication \nd'offres de formations en transport l\u00e9ger, quel que soit le support.\nArticle 5\u00a0: \nLa DRIEAT est charg\u00e9e de l'application du  pr\u00e9sent arr\u00eat\u00e9 .  Cet arr\u00eat\u00e9 sera notifi\u00e9 au centre de formation et\npubli\u00e9 au recueil des actes administratifs de la pr\u00e9fecture de la r\u00e9gion \u00cele-de-France.\nArticle 6 : \nle  pr\u00e9sent  arr\u00eat\u00e9 peut  faire  l'objet,  d'un  recours  gracieux,  d'un  recours  hi\u00e9rarchique  ou  d'un  recours\ncontentieux aupr\u00e8s du tribunal administratif de Paris, dans les deux mois suivant sa notification.\nA Paris, le 29-10-2025\n          Pour le Pr\u00e9fet de la r\u00e9gion  d'\u00cele-de-France,\n        par d\u00e9l\u00e9gation,\n                       Le Chef du d\u00e9partement r\u00e9gulation\n                       des transports routiers \n                                                  \n       SIGNE\n               Ronan MEAR\n2/3\nDirection r\u00e9gionale et interd\u00e9partementale de l'environnement, de l'am\u00e9nagement et des transports d'\u00cele-de-France -\nIDF-2025-10-29-00008 - Arr\u00eat\u00e9 de suspension temporaire DRIEAT - IDF n\u00b0 2025 - 0921 CAB FORMATION 14\n3/3\nDirection r\u00e9gionale et interd\u00e9partementale de l'environnement, de l'am\u00e9nagement et des transports d'\u00cele-de-France -\nIDF-2025-10-29-00008 - Arr\u00eat\u00e9 de suspension temporaire DRIEAT - IDF n\u00b0 2025 - 0921 CAB FORMATION 15\nDirection r\u00e9gionale et interd\u00e9partementale de\nl'h\u00e9bergement et du logement\nIDF-2025-10-28-00023\nArr\u00eat\u00e9 modificatif de Dotation Globale\nCommune 2025CPOM  SOS Solidarit\u00e9\nDirection r\u00e9gionale et interd\u00e9partementale de l'h\u00e9bergement et du logement - IDF-2025-10-28-00023 - Arr\u00eat\u00e9 modificatif de Dotation\nGlobale Commune 2025CPOM  SOS Solidarit\u00e9 16\n  Direction r\u00e9gionale et interd\u00e9partementale\nde l'H\u00e9bergement et du Logement\nDRIHL\nCENTRE\u00a0: GROUPE SOS SOLIDARIT\u00c9S\nN\u00b0 SIRET\u00a0: 341\u00a0062\u00a0404 00478\nN\u00b0 EJ Chorus\u00a0: 2104616260\nARR\u00caT\u00c9 MODIFICATIF n \u00b0\nMODIFIANT L' ARR\u00caT\u00c9 n\u00b0 IDF-2025-09-23-00024\nLE PR\u00c9FET DE LA R\u00c9GION D'\u00ceLE-DE-FRANCE\nCOMMANDEUR DE LA L\u00c9GION D'HONNEUR\nOFFICIER DE L'ORDRE NATIONAL DU M\u00c9RITE\nVu l'article 125 de la loi n\u00b0 2018-1021 du 23 novembre  2018 portant \u00e9volution du logement,\nde l'am\u00e9nagement et du num\u00e9rique ;\nVu la  loi  n\u00b02025-127  du  14  f\u00e9vrier  2025  de  finances  pour  2025  \u2013 Mission  Coh\u00e9sion  des\nterritoires et logement \u2013 Programme 177 2 H\u00e9bergeme nt, parcours vers le logement et\ninsertion des personnes vuln\u00e9rables 4 ;\nVu le code de l'action sociale et des familles, notamment les articles L 312-1, L.313-11, L 314-1,\nL.314-4 \u00e0 L. 314-7 , L.345-1, R. 314-1 \u00e0 R. 314-43, R. 314-47 , R.314-49, R.314-50, R.314-55,\nR.314-82 \u00e0 R.314-93, R. 314-106 \u00e0 R.314-110 et R. 314-150 \u00e0 R. 314-156\u00a0;\nVu l'arr\u00eat\u00e9 du 5 septembre 2013 modifiant l'arr\u00eat\u00e9 du 22 octobre 2003 fixant les mod\u00e8les de\ndocuments relatifs \u00e0 la gestion budg\u00e9taire, comptab le et financi\u00e8re des \u00e9tablissements\net services sociaux et m\u00e9dico-sociaux\u00a0;\nVu l'arr\u00eat\u00e9 du 12 mars 2018 fixant le mod\u00e8le du tablea u d'analyse de l'activit\u00e9 et des co\u00fbts\nde l'enqu\u00eate nationale des co\u00fbts applicable au sect eur de l'accueil, de l'h\u00e9bergement et\nde l'insertion pr\u00e9vue aux articles L.345-1 et L322- 8-1 du code de l'action sociale et des\nfamilles\u00a0;\nVu l'arr\u00eat\u00e9  du  25  octobre  2019  fixant  le  contenu  du  cahier  des  charges  du  contrat\npluriannuel d'objectifs et de moyens pr\u00e9vu \u00e0 l'arti cle L. 313-11-2 du code de l'action\nsociale et des familles pour les \u00e9tablissements men tionn\u00e9s \u00e0 l'article L. 345-1 du m\u00eame\ncode\u00a0;\nVu l'accord  du  4  juin  2024  relatif  \u00e0  l'extension  du  S\u00e9gur  dans  le  cadre  de  la  politique\nsalariale en lien avec la n\u00e9gociation sur la CCNUE dans le secteur sanitaire, social et\nm\u00e9dico-social priv\u00e9 \u00e0 but non lucratif, n\u00e9goci\u00e9 par  les partenaires sociaux, agr\u00e9\u00e9 par la\nConvention nationale d'agr\u00e9ment du 20 juin 2024, \u00e9tendu par l'arr\u00eat\u00e9 du 5 ao\u00fbt 2024\u00a0;\nVu l'arr\u00eat\u00e9 du 11 avril 2025 pris en application de l'article L.314-4 du code de l'action sociale\net  des  familles  fixant  les  dotations  r\u00e9gionales  limitatives  relatives  aux  frais  de\nT\u00e9l. : 01 82 52 40 00\nLe Ponant, 5 rue Leblanc, 75015 Paris\nwww.drihl.ile-de-france.developpement-durable.gouv.fr\n1/4\nDirection r\u00e9gionale et interd\u00e9partementale de l'h\u00e9bergement et du logement - IDF-2025-10-28-00023 - Arr\u00eat\u00e9 modificatif de Dotation\nGlobale Commune 2025CPOM  SOS Solidarit\u00e9 17\nfonctionnement des centres d'h\u00e9bergement  et  de  r\u00e9insertion sociale (CHRS), publi\u00e9\nJORF n\u00b00104 du 3 mai 2025\u00a0;\nVu l'instruction NOR : ATDI2513550J du 6 mai 2025 rela tive \u00e0 la campagne budg\u00e9taire des\ncentres d'h\u00e9bergement et de r\u00e9insertion sociale (CH RS) pour l'ann\u00e9e 2025 publi\u00e9e au\nBulletin Officiel du Minist\u00e8re de la Transition Ecologique du 13 mai 2025\u00a0;\nVu le  contrat  pluriannuel  d'objectifs  et  de  moyens  (CPOM)  pour  la  p\u00e9riode 2022-2026\nconclu entre l'\u00c9tat et le Groupe SOS Solidarit\u00e9s\u00a0;\nARR\u00caTE\nArticle 1  er   :\nLa  dotation  globalis\u00e9e  commune  relative  aux  frais  de  fonctionnement  pour  2025  des  centres\nd'h\u00e9bergement  et de r\u00e9insertion sociale (CHRS) comp ris dans le  p\u00e9rim\u00e8tre  du contrat pluriannuel\nd'objectifs et de moyens (CPOM) g\u00e9r\u00e9s par le Groupe  SOS Solidarit\u00e9s, dont le si\u00e8ge social est situ\u00e9 10 2\nRue Amelot, 75\u00a0011 Paris,  est fix\u00e9e, en application des dispositions du CPOM susvis\u00e9 et des relev\u00e9s de\nd\u00e9cisions des comit\u00e9s de suivi du contrat, \u00e0 9\u00a0289 117 \u20ac.\nCette dotation int\u00e8gre :\n le financement en ann\u00e9e pleine de la revalorisation dite 2\u00a0S\u00e9gur pour tous\u00a04 pour 24,03 ETP, soit\n128 897 \u20ac\u00a0;\nLe co\u00fbt moyen journalier \u00e0 la place des CHRS du CPOM pour l'exercice 2025 est de 34,43 \u20ac. Ce co\u00fbt est\ncalcul\u00e9  \u00e0  partir  de  la  dotation  globalis\u00e9e  de  financement  allou\u00e9e  pour  739  places  sur  un\nfonctionnement \u00e0 365 jours.\nLa quote-part de la dotation globalis\u00e9e commune r\u00e9p artie par \u00e9tablissement, \u00e0 titre pr\u00e9visionnel et\nindicatif, est annex\u00e9e au pr\u00e9sent arr\u00eat\u00e9.\nEn application de l'article R.314-107 du code de l' action sociale et des familles, la fraction forfait aire\n\u00e9gale au douzi\u00e8me de la dotation globale de financement s'\u00e9l\u00e8ve \u00e0 774\u00a0093,08 \u20ac.\nArticle 2  \n\u00a0   :   \nA compter de l'ann\u00e9e 2025, la dotation int\u00e8gre de m ani\u00e8re p\u00e9renne le montant de la compensation\nvers\u00e9e par l'\u00c9tat au titre de l'extension de la revalorisation 2\u00a0S\u00e9gur\u00a04 pour 24,03 ETP, soit 128 897 \u20ac.\nCe montant est calcul\u00e9 sur une base forfaitaire s'\u00e9 levant \u00e0 5 364 \u20ac en co\u00fbt charg\u00e9 annuel par ETP\n\u00e9ligible.  \nLa compensation contribue \u00e0 couvrir le co\u00fbt total p our l'employeur de la revalorisation salariale des\npersonnels \u00e9ligibles (impact sur les cotisations pa tronales et impact sur les salaires bruts). L'organ isme\ngestionnaire s'engage \u00e0 revaloriser effectivement les professionnels concern\u00e9s et \u00e0 affecter ces cr\u00e9dits \u00e0\nla revalorisation salariale de ces salari\u00e9s.\nT\u00e9l. : 01 82 52 40 00\nLe Ponant, 5 rue Leblanc, 75015 Paris\nwww.drihl.ile-de-france.developpement-durable.gouv.fr\n2/4\nDirection r\u00e9gionale et interd\u00e9partementale de l'h\u00e9bergement et du logement - IDF-2025-10-28-00023 - Arr\u00eat\u00e9 modificatif de Dotation\nGlobale Commune 2025CPOM  SOS Solidarit\u00e9 18\nArticle 3  \u00a0   :\nCette  dotation  sera  imput\u00e9e  sur  les  cr\u00e9dits  du  programme  177  2\u00a0H\u00e9bergement,  parcours  vers  le\nlogement et insertion des personnes vuln\u00e9rables\u00a04 de la mission 2\u00a0Coh\u00e9sion des territoires\u00a04.\nArticle 4\u00a0:\nEn 2023, le r\u00e9sultat global des CHRS compris dans l e p\u00e9rim\u00e8tre du contrat pluriannuel d'objectifs et de\nmoyens (CPOM) g\u00e9r\u00e9s par le Groupe SOS Solidarit\u00e9s est d\u00e9ficitaire \u00e0 hauteur de \u2013 6 221 \u20ac.\nArticle 5\u00a0:\nPour l'exercice budg\u00e9taire 2026, dans l'attente de la fixation de la dotation globale de financement, et\nen application du IV bis de l'article L.314-7 du CA SF et de l'article D.314-106-1 du CASF, il est retenu une\ndotation provisoire d'un montant de  9\u00a0289 117 \u20ac , correspondant \u00e0 la DGF 2025 hors CNR et r\u00e9sultats\n2023 repris neutralis\u00e9s. Le montant des acomptes mensuels s'\u00e9l\u00e8ve \u00e0 774 093,08 \u20ac.\nArticle 6  \u00a0   :   \nLes recours dirig\u00e9s contre le pr\u00e9sent arr\u00eat\u00e9 doivent \u00eatre port\u00e9s devant le tribunal administratif de P aris\nsis 7 rue de Jouy, 75181 Paris Cedex 04, dans le d\u00e9lai d'un mois \u00e0 compter de sa publication ou, pour les\npersonnes auxquelles il sera notifi\u00e9, \u00e0 compter de sa notification.\nArticle 7  \u00a0   :   \nLe Pr\u00e9fet de la r\u00e9gion d'\u00cele-de-France, Pr\u00e9fet de P aris et le directeur r\u00e9gional et interd\u00e9partemental  de\nl'h\u00e9bergement  et  du  logement  d'\u00cele-de-France  sont  charg\u00e9s,  chacun  en  ce  qui  le  concerne,  de\nl'ex\u00e9cution du pr\u00e9sent arr\u00eat\u00e9 qui sera publi\u00e9 au re cueil des actes administratifs de la pr\u00e9fecture de la\nr\u00e9gion d'\u00cele-de-France, pr\u00e9fecture de Paris.\nFait \u00e0 Paris, le 28 octobre 2025\nPour le Pr\u00e9fet de la r\u00e9gion d'\u00cele-de-France,\nPr\u00e9fet de Paris et par d\u00e9l\u00e9gation,\nLe Directeur adjoint de l'H\u00e9bergement  \net du Logement\nSIGNE\nJacques-Bertrand de REBOUL\nT\u00e9l. : 01 82 52 40 00\nLe Ponant, 5 rue Leblanc, 75015 Paris\nwww.drihl.ile-de-france.developpement-durable.gouv.fr\n3/4\nDirection r\u00e9gionale et interd\u00e9partementale de l'h\u00e9bergement et du logement - IDF-2025-10-28-00023 - Arr\u00eat\u00e9 modificatif de Dotation\nGlobale Commune 2025CPOM  SOS Solidarit\u00e9 19\nANNEXE 1\nR\u00e9partition de la quote-part de la dotation globalis\u00e9e commune (DGC) 2025 par \u00e9tablissement\nDotation globalis\u00e9e commune 2025\nCHRS Dept. Places Base\nreconductible\nS\u00e9gur pour\ntous\nCNR 2025 Dotation\n2025\nCHRS\nBuzenval\n75 380 3\u00a0847\u00a0292 \u20ac 48\u00a0866 \u20ac 0 \u20ac 3\u00a0896\u00a0158 \u20ac\nCHRS Villa\nFromentin\n75 301 4\u00a0122\u00a0099 \u20ac 69\u00a0947 \u20ac 0 \u20ac 4\u00a0192\u00a0046 \u20ac\nCHRS Rosa\nParks\n75 58 1\u00a0190\u00a0829 \u20ac 10\u00a0084 \u20ac 0 \u20ac 1\u00a0200\u00a0913 \u20ac\nTOTAL 739 9\u00a0160\u00a0220 \u20ac 128\u00a0897 \u20ac 0 \u20ac 9\u00a0289\u00a0117 \u20ac\nT\u00e9l. : 01 82 52 40 00\nLe Ponant, 5 rue Leblanc, 75015 Paris\nwww.drihl.ile-de-france.developpement-durable.gouv.fr\n4/4\nDirection r\u00e9gionale et interd\u00e9partementale de l'h\u00e9bergement et du logement - IDF-2025-10-28-00023 - Arr\u00eat\u00e9 modificatif de Dotation\nGlobale Commune 2025CPOM  SOS Solidarit\u00e9 20","date":"2025-10-30","first_seen_on":"2025-10-30T18:12:20+00:00","id":"769e0017b216b7bd2fab62d1f7aeb0d97539ec49682aa6e1e781cecef3af9262","name":"recueil-idf-069-2025-10-recueil-des-actes-administratifs-special du 30.10.2025","pdf_creation_date":"2025-10-30T16:06:22+00:00","pdf_modification_date":null,"timezone":"Europe/Paris","url":"https://www.prefectures-regions.gouv.fr/ile-de-france/irecontenu/telechargement/132261/970802/file/recueil-idf-069-2025-10-recueil-des-actes-administratifs-special%20du%2030.10.2025.pdf"}
