{"administration":"ppparis","administration_name":"Pr\u00e9fecture de police de Paris","content":"PREFECTURE qp \u00bb CABINET DU PREFETDE POLICELibert\u00e9 \u00e0 4\u00c9galit\u00e9Fraternit\u00e9 Arr\u00eat\u00e9 n\u00b02026-00025modifiant l'arr\u00eat\u00e9 n\u00b02026-00020 du 6janvier 2026 portant mesures de police applicables \u00e0Paris et dans le Val-de-Marne du 7 au 9 janvier 2026Le Pr\u00e9fet de police,Vu l'arr\u00eat\u00e9 n\u00b02026-00020 du 6 janvier 2026 portant mesures de police applicables \u00e0 Paris etdans le Val-de-Marne du 7 au 9 janvier 2026 ;Vu le d\u00e9cret du 22 octobre 2025 par lequel M. Patrice FAURE, administrateur de l'\u00c9tat dutroisi\u00e8me grade, directeur de cabinet du Pr\u00e9sident de la R\u00e9publique, est nomm\u00e9 pr\u00e9fet depolice (groupe 1), \u00e0 compter du 23 octobre 2025;Consid\u00e9rant les appels \u00e0 manifester lanc\u00e9s par certains syndicats agricoles aux abords deplusieurs b\u00e2timents institutionnels et sites strat\u00e9giques \u00e0 Paris et dans le d\u00e9partement duVal-de-Marne ;\nARRETE:Article 1 - La cartographie annex\u00e9e \u00e0 l'arr\u00eat\u00e9 n\u00b02026-00020 susvis\u00e9 est remplac\u00e9e par lacartographie jointe au pr\u00e9sent arr\u00eat\u00e9.Article 2 - Le pr\u00e9fet du Val-de-Marne, le pr\u00e9fet, directeur du cabinet du pr\u00e9fet de police, ledirecteur de l'ordre public et de la circulation et le directeur de la s\u00e9curit\u00e9 de proximit\u00e9 del'agglom\u00e9ration parisienne sont charg\u00e9s, chacun en ce qui le concerne, de l'ex\u00e9cution dupr\u00e9sent arr\u00eat\u00e9 qui entrera en vigueur d\u00e8s son affichage aux portes de la pr\u00e9fecture de police,sera publi\u00e9 au recueil des actes administratifs du d\u00e9partement de Paris et de la pr\u00e9fecture duVal-de-Marne, consultable sur le site internet de la pr\u00e9fecture de police(https://www.prefecturedepolice.interieur.gouv.fr) et transmis \u00e0 la procureure de laR\u00e9publique pr\u00e8s le tribunal judiciaire de Paris et au procureur de la R\u00e9publique pr\u00e8s letribunal judiciaire de Cr\u00e9teil.Fait \u00e0 Paris, le 7 janvier 2026 SIGNEPour le pr\u00e9fet de policeLe pr\u00e9fet, directeur de cabinetBaptiste ROLLAND\n \n \nAnnexe de l'arr\u00eat\u00e9 n\u00b02026-00025 du 7 janvier 2026\nVOIES ET DELAIS DE RECOURS\nSi vous estimez devoir contester le pr\u00e9sent arr\u00e9t\u00e9, il vous est possible, dans und\u00e9lai de deux mois a compter de la date de sa publication au recueil des actes administratifsdu d\u00e9partement de Paris :\n- soit de saisir d'un RECOURS GRACIEUXle Pr\u00e9fet de Police7/9, boulevard du Palais - 75195 PARIS RP- ou de former un RECOURS HIERARCHIQUEaupr\u00e8s du Ministre de l'int\u00e9rieurDirection des libert\u00e9s publiques et des affaires juridiquesplace Beauvau - 75008 PARIS- soit de saisir d'un RECOURS CONTENTIEUXle Tribunal administratif comp\u00e9tent\nAucune de ces voies et recours ne suspend l'application de la pr\u00e9sente d\u00e9cision.Les recours GRACIEUX et HIERARCHIQUE doivent \u00eatre \u00e9crits, exposer lesarguments ou faits nouveaux et comprendre la copie de l'arr\u00eat\u00e9 contest\u00e9.Le recours CONTENTIEUX, qui vise \u00e0 contester la LEGALITE de la pr\u00e9sented\u00e9cision, doit \u00e9galement \u00eatre \u00e9crit et exposer votre argumentation juridique.Si vous n'aviez pas de r\u00e9ponse \u00e0 votre recours GRACIEUX ou HIERARCHIQUE dansun d\u00e9lai de deux mois \u00e0 compter de la r\u00e9ception de votre recours par l'administration, votredemande devra \u00eatre consid\u00e9r\u00e9e comme rejet\u00e9e (d\u00e9cision implicite de rejet).En cas de rejet des recours GRACIEUX ou HIERARCHIQUE, le Tribunaladministratif peut \u00eatre saisi d'un recours contentieux dans le d\u00e9lai de deux mois \u00e0 compterde la date de la d\u00e9cision de rejet.\n \n2026-00025                                                                                                                                                                            2\n:mi\u00eb\n2026-00025                                                                                                                                                                            3","date":"2026-01-07","first_seen_on":"2026-01-07T13:04:43+00:00","id":"77a997ab797edd26f5b74ff44c53f388e29b017e4b1b588dfcd6a8bcdcc810f7","name":"Arr\u00eat\u00e9 n\u00b02026-00025 modifiant l\u2019arr\u00eat\u00e9 n\u00b02026-00020 du 6 janvier 2026 portant mesures de police applicables \u00e0 Paris et dans le Val-de-Marne du 7 au 9 janvier 2026","pdf_creation_date":"2026-01-07T11:35:34+00:00","pdf_modification_date":"2026-01-07T11:35:34+00:00","timezone":"Europe/Paris","url":"https://www.prefecturedepolice.interieur.gouv.fr/sites/default/files/Documents/2026_00025_07012026.pdf"}
