{"administration":"pref75","administration_name":"Pr\u00e9fecture de Paris","content":"PREFECTURE\nDE PARIS\nRECUEIL DES ACTES\nADMINISTRATIFS SP\u00c9CIAL\nN\u00b075-2024-386\nPUBLI\u00c9 LE  1 JUILLET 2024\nSommaire\nDirection r\u00e9gionale des affaires culturelles d'Ile-de-France  / Unit\u00e9\nd\u00e9partementale de l\u25a1architecture et du patrimoine de Paris\n75-2024-07-01-00005 - Arr\u00eat\u00e9 N\u00b02024-127 - Autorisant le r\u00e9am\u00e9nagement\ndes jardini\u00e8res - d\u00e9pos\u00e9e par la Section Territoriale de Voirie sud -\nr\u00e9am\u00e9nagement des jardini\u00e8res -  avenue de Lowendal - Site class\u00e9 de Voies\nde Paris - 7\u00e8me arrondissement de Paris\n (2 pages) Page 3\nPr\u00e9fecture de Police / D\u00e9l\u00e9gation pour la s\u00e9curit\u00e9 et la suret\u00e9 des plateformes\na\u00e9roportuaires de Paris\n75-2024-06-28-00014 - Arr\u00eat\u00e9 DPPSSAP/ORLY/2024/051 r\u00e9glementant\ntemporairement les conditions de circulation\n dans le cadre de travaux\nr\u00e9alis\u00e9es au sein de la plate-forme a\u00e9roportuaire de Paris-Orly\n  (3 pages) Page 6\n75-2024-06-28-00018 - Arr\u00eat\u00e9 DPPSSAP/ORLY/2024/052 r\u00e9glementant\ntemporairement les conditions de circulation\n dans le cadre de travaux\nr\u00e9alis\u00e9s au sein de la plate-forme a\u00e9roportuaire de Paris-Orly\n (3 pages) Page 10\n75-2024-06-28-00015 - Arr\u00eat\u00e9 DPPSSAP/ORLY/2024/053 r\u00e9glementant\ntemporairement les conditions de circulation\n dans le cadre de travaux\nr\u00e9alis\u00e9s au sein de la plate-forme a\u00e9roportuaire de Paris-Orly\n  (3 pages) Page 14\nPr\u00e9fecture de Police / Direction des usagers et des polices administratives\n75-2024-06-28-00016 - Arr\u00eat\u00e9 n\u00b0 2024T14261 portant modification des\nconditions de circulation des v\u00e9hicules \u00e0 Paris sur les voies d\u00e9finies par le\nd\u00e9cret n\u00b0 2022-786 du 4 mai 2022 fixant la liste des voies et portions de\nvoie r\u00e9serv\u00e9es \u00e0 certains v\u00e9hicules pour les jeux Olympiques et\nParalympiques de 2024\n (11 pages) Page 18\n2\nDirection r\u00e9gionale des affaires culturelles\nd'Ile-de-France \n75-2024-07-01-00005\nArr\u00eat\u00e9 N\u00b02024-127 - Autorisant le\nr\u00e9am\u00e9nagement des jardini\u00e8res - d\u00e9pos\u00e9e par la\nSection Territoriale de Voirie sud -\nr\u00e9am\u00e9nagement des jardini\u00e8res -  avenue de\nLowendal - Site class\u00e9 de Voies de Paris - 7\u00e8me\narrondissement de Paris\nDirection r\u00e9gionale des affaires culturelles d'Ile-de-France  - 75-2024-07-01-00005 - Arr\u00eat\u00e9 N\u00b02024-127 - Autorisant le r\u00e9am\u00e9nagement\ndes jardini\u00e8res - d\u00e9pos\u00e9e par la Section Territoriale de Voirie sud - r\u00e9am\u00e9nagement des jardini\u00e8res -  avenue de Lowendal - Site class\u00e9\nde Voies de Paris - 7\u00e8me arrondissement de Paris3\nE 3\nPR\u00c9FET  .\nDE LA R\u00c9GION\nD'\u00ceLE-DE-FRANCE\nLibert\u00e9\nEgalit\u00e9\nFraternit\u00e9\n \n \n47, rue Le Peletier \u2013 75009 PARIS \nT\u00e9l. : 01.56.06.50.00 \n1  \n   Direction r\u00e9gionale \n                  des affaires culturelles \n                  d'\u00cele-de-France  \n \n       Unit\u00e9 d\u00e9partementale de l'architecture  \n                                    et du patrimoin e de Paris \n \nPR\u00c9FET DE LA REGION D'\u00ceLE DE FRANCE \n                            PR\u00c9FET DE PARIS  \n \nARR\u00caT\u00c9 N\u00b0 2024 - 127 \n \nPortant approbation \u00e0 la d\u00e9claration pr\u00e9alable de t ravaux N\u00b0 075 107 24 V0189,  \nd\u00e9pos\u00e9e par la Section Territoriale de Voirie sud, visant des travaux sur le domaine public  :  \nr\u00e9am\u00e9nagement des jardini\u00e8res; \nsis avenue de Lowendal (\u00e0 proximit\u00e9 du n\u00b07) \nsitu\u00e9s dans le site class\u00e9 de Voies de Paris dans l e 7\u00e8me  arrondissement de Paris \n \nVu le code de l'environnement et notamment ses arti cles L. 341-7 et L. 341-10  ; \n \nVu le code de l'urbanisme et notamment ses articles  R. 421-7 \u00e0 R. 421-12  ; \n \nVu l'arr\u00eat\u00e9 n\u00b02023-078 \u2013 75-2023-09-15-00004 du 15/ 09/2023 de Monsieur Laurent Roturier, Directeur R\u00e9g ional des \nAffaires culturelles d'\u00cele-de-France (DRAC), portan t subd\u00e9l\u00e9gation de signature \u00e0 Monsieur Fr\u00e9d\u00e9ric Ma sviel, chef de \nl'unit\u00e9 d\u00e9partementale de l'architecture et du patr imoine de Paris, en mati\u00e8re d'espaces prot\u00e9g\u00e9s, art icles R.341-10 et \n11 du code de l'environnement  ; \n \nVu la d\u00e9claration pr\u00e9alable de travaux (DP) N\u00b0 075 107 24 V0189, d\u00e9pos\u00e9e par la Section Territoriale d e Voirie sud, \nvisant des travaux sur le domaine public  : r\u00e9am\u00e9nagement des jardini\u00e8res ; sis avenue de Low endal (\u00e0 proximit\u00e9 du \nn\u00b07) situ\u00e9s dans le site class\u00e9 de Voies de Paris d ans le 7\u00e8me  arrondissement de Paris ; \n \nVu la transmission de la DP N\u00b0 075 107 24 V0189, vi sant des travaux sur le domaine public  : r\u00e9am\u00e9nagement des \njardini\u00e8res  ; sis avenue de Lowendal (\u00e0 proximit\u00e9 du n\u00b07), situ \u00e9s dans le site class\u00e9 de Voies de Paris dans le 7\u00e8me  \narrondissement de Paris par la Direction de l'Urban isme de la Ville de Paris en date du 14/06/2024; \n \nVu l'avis favorable de l'architecte des b\u00e2timents d e France en date du 26/06/2024. \n \nARR\u00caTE \n \nARTICLE 1 er  : Les travaux li\u00e9s \u00e0 la DP N\u00b0 075 107 24 V0189, d\u00e9pos \u00e9e par la Section Territoriale de Voirie sud, visan t des \ntravaux sur le domaine public  : r\u00e9am\u00e9nagement des jardini\u00e8res  ; sis avenue de Lowendal (\u00e0 proximit\u00e9 du n\u00b07), situ \u00e9s \ndans le site class\u00e9 de Voies de Paris dans le 7\u00e8me  arrondissement de Paris sont autoris\u00e9s. \n \nARTICLE 2  : Le pr\u00e9fet de Paris, pr\u00e9fet de la r\u00e9gion d'\u00cele de F rance et le Chef de l'Unit\u00e9 D\u00e9partementale de \nl'Architecture et du Patrimoine de Paris sont charg \u00e9s, chacun en ce qui le concerne, de l'ex\u00e9cution du  pr\u00e9sent arr\u00eat\u00e9 \nqui sera publi\u00e9 au recueil des actes administratifs  de la pr\u00e9fecture de r\u00e9gion d'\u00cele-de-France.  \n \nFait \u00e0 Paris, le 01 juillet 2024 \nPour le Pr\u00e9fet de la R\u00e9gion d'\u00cele-de-France,  \nPr\u00e9fet de Paris \net par subd\u00e9l\u00e9gation, \nle Chef de l'unit\u00e9 d\u00e9partementale \nde l'architecture et du patrimoine de Paris \n \nSign\u00e9 \n \nFr\u00e9d\u00e9ric MASVIEL \n \nDirection r\u00e9gionale des affaires culturelles d'Ile-de-France  - 75-2024-07-01-00005 - Arr\u00eat\u00e9 N\u00b02024-127 - Autorisant le r\u00e9am\u00e9nagement\ndes jardini\u00e8res - d\u00e9pos\u00e9e par la Section Territoriale de Voirie sud - r\u00e9am\u00e9nagement des jardini\u00e8res -  avenue de Lowendal - Site class\u00e9\nde Voies de Paris - 7\u00e8me arrondissement de Paris4\n \n \n47, rue Le Peletier \u2013 75009 PARIS \nT\u00e9l. : 01.56.06.50.00 \n2 Informations importantes \n\u2022 Le pr\u00e9sent arr\u00eat\u00e9 est d\u00e9livr\u00e9 sans pr\u00e9judice du dro it des tiers (obligations contractuelles, servitude s de droit \npriv\u00e9, etc\u2026) \n\u2022 L'autorisation est sous r\u00e9serve de l'obtention de l 'accord du propri\u00e9taire de l'immeuble. \n\u2022 Recours  : le titulaire de la pr\u00e9sente d\u00e9cision, qui d\u00e9sire la contester, peut saisir le tribunal administratif  \ncomp\u00e9tent, d'un recours contentieux dans les 2 mois  \u00e0 partir de la notification de l'arr\u00eat\u00e9 attaqu\u00e9. I l peut \u00e9galement \nsaisir le pr\u00e9fet d'un recours gracieux. Cette derni \u00e8re d\u00e9marche prolonge le d\u00e9lai du recours contentie ux qui doit, \nalors, \u00eatre introduit dans les 2 mois suivant la r\u00e9 ponse (l'absence de r\u00e9ponse au terme d'un d\u00e9lai de 4 mois vaut rejet \nimplicite). \n \n \n \n \n \n \n \n \n \n Direction r\u00e9gionale des affaires culturelles d'Ile-de-France  - 75-2024-07-01-00005 - Arr\u00eat\u00e9 N\u00b02024-127 - Autorisant le r\u00e9am\u00e9nagement\ndes jardini\u00e8res - d\u00e9pos\u00e9e par la Section Territoriale de Voirie sud - r\u00e9am\u00e9nagement des jardini\u00e8res -  avenue de Lowendal - Site class\u00e9\nde Voies de Paris - 7\u00e8me arrondissement de Paris5\nPr\u00e9fecture de Police\n75-2024-06-28-00014\nArr\u00eat\u00e9 DPPSSAP/ORLY/2024/051 r\u00e9glementant\ntemporairement les conditions de circulation\n dans le cadre de travaux r\u00e9alis\u00e9es au sein de la\nplate-forme a\u00e9roportuaire de Paris-Orly\n \nPr\u00e9fecture de Police - 75-2024-06-28-00014 - Arr\u00eat\u00e9 DPPSSAP/ORLY/2024/051 r\u00e9glementant temporairement les conditions de\ncirculation\n dans le cadre de travaux r\u00e9alis\u00e9es au sein de la plate-forme a\u00e9roportuaire de Paris-Orly\n 6\n=x\nPREFECTURE\nDE POLICE\nLibert\u00e9\nEgalit\u00e9\nFraternit\u00e9ci\nD\u00e9l\u00e9gation de la pr\u00e9fecture de police\npour la s\u00e9curit\u00e9 et la s\u00fbret\u00e9\ndes plates-formes a\u00e9roportuaires de \nParis-Charles de Gaulle, du Bourget et de Paris-Orl y\nArr\u00eat\u00e9 DPPSSAP/ORLY/2024/051 r\u00e9glementant temporair ement les conditions de circulation\n dans le cadre de travaux r\u00e9alis\u00e9es au sein de la p late-forme a\u00e9roportuaire de Paris-Orly\n \nLe pr\u00e9fet de police\nVu le code p\u00e9nal ;\nVu le code de la route ;\nVu la loi n\u00b0 2017-257 du 28 f\u00e9vrier 2017 relative au statut de Paris et \u00e0 l'am\u00e9nagement m\u00e9tropolitain ;\nVu le d\u00e9cret n\u00b0 2017-288 du 6 mars 2017 modifiant le d\u00e9cret n\u00b0 2010-655 du 11 juin 2010 relatif au pr\u00e9fe t\nd\u00e9l\u00e9gu\u00e9 pour la s\u00e9curit\u00e9 et la s\u00fbret\u00e9 des plates-fo rmes a\u00e9roportuaires de Paris ;\nVu le d\u00e9cret du 20 octobre 2021 portant nomination de Monsieur Beno\u00eet PICHARD, sous-pr\u00e9fet, aupr\u00e8s\ndu pr\u00e9fet d\u00e9l\u00e9gu\u00e9 pour la s\u00e9curit\u00e9 et la s\u00fbret\u00e9 des  plates-formes a\u00e9roportuaires de Paris ;\nVu le d\u00e9cret du 20 juillet 2022 par lequel Monsieur L aurent NU\u00d1EZ, pr\u00e9fet, coordonnateur national du\nrenseignement et de la lutte contre le terrorisme, est nomm\u00e9 pr\u00e9fet de police (hors classe) ;\nVu le d\u00e9cret du 20 juillet 2022 par lequel Monsieur J \u00e9r\u00f4me HARNOIS est nomm\u00e9 pr\u00e9fet d\u00e9l\u00e9gu\u00e9 pour la\ns\u00e9curit\u00e9 et la s\u00fbret\u00e9 des plates-formes a\u00e9roportuai res de Paris aupr\u00e8s du pr\u00e9fet de police ;\nVu l'arr\u00eat\u00e9 interminist\u00e9riel du 24 novembre 1967 rela tif \u00e0 la signalisation des routes et autoroutes ;\nVu l'arr\u00eat\u00e9 interminist\u00e9riel du 6 novembre 1992 modif i\u00e9, relatif \u00e0 la signalisation routi\u00e8re, approuvant  la\nhuiti\u00e8me partie \u00ab signalisation temporaire \u00bb du liv re 1 de l'instruction interminist\u00e9rielle sur la sig nalisation\nrouti\u00e8re ;\nVu l'arr\u00eat\u00e9 pr\u00e9fectoral n\u00b0 2005-1751 du 18 mai 2005 m odifi\u00e9 relatif \u00e0 la signalisation routi\u00e8re en zone\npublique de l'a\u00e9roport de Paris-Orly ;\nVu l'arr\u00eat\u00e9 pr\u00e9fectoral permanent n\u00b0 2012-1486 du 3 m ai 2012 r\u00e9glementant la circulation au droit des\nchantiers  courants  et  des  chantiers  de  modification  de  r\u00e9seaux  sur  les  routes  de  la  plate-forme\na\u00e9roportuaire de Paris-Orly ex\u00e9cut\u00e9s ou contr\u00f4l\u00e9s p ar le Groupe ADP ;\nVu l'arr\u00eat\u00e9 pr\u00e9fectoral n\u00b02020-118 du 31 janvier 2020  relatif \u00e0 la police g\u00e9n\u00e9rale sur l'a\u00e9roport  de  Par is-\nOrly ;\nVu l'arr\u00eat\u00e9 pr\u00e9fectoral 2024-00331 du 11 mars 2024 re latif aux missions et \u00e0 l'organisation des services  du\npr\u00e9fet d\u00e9l\u00e9gu\u00e9 pour la s\u00e9curit\u00e9 et la s\u00fbret\u00e9 des pl ates-formes a\u00e9roportuaires de Paris-Charles de Gaul le,\ndu Bourget et de Paris-Orly constitu\u00e9s en d\u00e9l\u00e9gatio n de la pr\u00e9fecture de police.\nVu l'arr\u00eat\u00e9 pr\u00e9fectoral 2024-00737 du  3 juin 2024 por tant d\u00e9l\u00e9gation de signature \u00e0 Monsieur J\u00e9r\u00f4me\nHARNOIS, pr\u00e9fet d\u00e9l\u00e9gu\u00e9 pour la s\u00e9curit\u00e9 et la s\u00fbre t\u00e9 des plates-formes a\u00e9roportuaires de Paris-Charle s\nde Gaulle, du Bourget et de Paris-Orly aupr\u00e8s du pr \u00e9fet de police ;\nVu la demande du Groupe ADP ;\nConsid\u00e9rant  que,  dans  le  cadre  de  travaux  routiers,  il  convien t  de  r\u00e9glementer  temporairement  la\ncirculation sur la plate-forme a\u00e9roportuaire de Par is-Orly ;Pr\u00e9fecture de Police - 75-2024-06-28-00014 - Arr\u00eat\u00e9 DPPSSAP/ORLY/2024/051 r\u00e9glementant temporairement les conditions de\ncirculation\n dans le cadre de travaux r\u00e9alis\u00e9es au sein de la plate-forme a\u00e9roportuaire de Paris-Orly\n 7\nARR\u00caTE\nArticle 1er : Des travaux  de voirie seront r\u00e9alis\u00e9s sur l'empr ise de la plate-forme a\u00e9roportuaire de Paris-\nOrly. Ces travaux impacteront la circulation routi\u00e8 re selon les modalit\u00e9s suivantes :\n - fermeture \u00e0 la circulation, du lundi 1er juillet 2024 \u00e0 22h30, jusqu'au mardi 2 juillet 202 4 \u00e0 04h30, des axes\nfigur\u00e9s en rouge sur le plan annex\u00e9 au pr\u00e9sent arr\u00ea t\u00e9 ;\nArticle 2  : Un balisage des travaux et des itin\u00e9raires de d\u00e9 viation seront mis en place pour la dur\u00e9e des\ntravaux avec pr\u00e9-signalisation et signalisation dir ectionnelle.  Ce balisage temporaire sera lumineux o u\nr\u00e9tro-r\u00e9fl\u00e9chissant. \nArticle 3  : La pr\u00e9-signalisation et la signalisation  n\u00e9cessa ires  seront mises en \u0153uvre par  l'entreprise en\ncharge de la fermeture. Elles seront conformes aux prescriptions pr\u00e9vues par la r\u00e9glementation en vigu eur\n(Instruction interminist\u00e9rielle de la signalisation  routi\u00e8re).\nArticle 4  : La vitesse sera  abaiss\u00e9e de 20 km/h  sur les  voir ies  concern\u00e9es par le chantier de travaux\npendant toute la dur\u00e9e du chantier ainsi que pendan t les phases de pose et de d\u00e9pose du balisage.\nArticle   5    : Toute contravention au pr\u00e9sent arr\u00eat\u00e9 sera const at\u00e9e et poursuivie conform\u00e9ment aux lois et\nr\u00e8glements en vigueur.\nArticle   6    : Le pr\u00e9sent arr\u00eat\u00e9 peut faire l'objet, dans un d\u00e9 lai de deux mois, \u00e0 compter de sa notification :\n- soit d'un recours gracieux aupr\u00e8s du pr\u00e9fet de po lice de Paris (D\u00e9l\u00e9gation de la pr\u00e9fecture de polic e pour\nla s\u00e9curit\u00e9 et la s\u00fbret\u00e9 des plates-formes a\u00e9roport uaires de Paris-Charles de Gaulle, du Bourget et de  Paris-\nOrly \u2013 7 rue du Commandant Mouchotte \u2013 Orlytech - B \u00e2timent 517 \u2013 91 550 PARAY-VIEILLE-POSTE) ;\n- soit d'un recours hi\u00e9rarchique aupr\u00e8s du Ministre  de l'Int\u00e9rieur et des Outre-Mer \u2013 direction des li bert\u00e9s\npubliques et des affaires juridiques ;\n- soit d'un recours contentieux aupr\u00e8s du tribunal administratif de Melun (43 rue du G\u00e9n\u00e9ral de Gaulle\n77 000 MELUN).\nArticle    7    :  La  directrice  de  l'a\u00e9roport  de  Paris-Orly,  la  di rectrice de  la  s\u00e9curit\u00e9  de  proximit\u00e9  de\nl'agglom\u00e9ration parisienne, le directeur de l'ordre  public et de la circulation sont charg\u00e9s, chacun e n ce\nqui le concerne, de l'ex\u00e9cution du pr\u00e9sent arr\u00eat\u00e9, qui sera publi\u00e9 au recueil des actes administratifs  de la\nPr\u00e9fecture de Police de Paris et qui devra \u00eatre aff ich\u00e9 aux abords du chantier.\nParis-Orly, le 28 juin 2024\nPour le pr\u00e9fet d\u00e9l\u00e9gu\u00e9 pour la s\u00e9curit\u00e9  \net la s\u00fbret\u00e9 des plates-formes a\u00e9roportuaires \nde Paris\nLe directeur des op\u00e9rations pour Paris-Orly\nSign\u00e9 \nSandy VOYENPr\u00e9fecture de Police - 75-2024-06-28-00014 - Arr\u00eat\u00e9 DPPSSAP/ORLY/2024/051 r\u00e9glementant temporairement les conditions de\ncirculation\n dans le cadre de travaux r\u00e9alis\u00e9es au sein de la plate-forme a\u00e9roportuaire de Paris-Orly\n 8\n'DEYb/OEUTT ayn! WAY VEULIE4 aNUBAR ainjawse 2 \u00ab:\nPr\u00e9fecture de Police - 75-2024-06-28-00014 - Arr\u00eat\u00e9 DPPSSAP/ORLY/2024/051 r\u00e9glementant temporairement les conditions de\ncirculation\n dans le cadre de travaux r\u00e9alis\u00e9es au sein de la plate-forme a\u00e9roportuaire de Paris-Orly\n 9\nPr\u00e9fecture de Police\n75-2024-06-28-00018\nArr\u00eat\u00e9 DPPSSAP/ORLY/2024/052 r\u00e9glementant\ntemporairement les conditions de circulation\n dans le cadre de travaux r\u00e9alis\u00e9s au sein de la\nplate-forme a\u00e9roportuaire de Paris-Orly\nPr\u00e9fecture de Police - 75-2024-06-28-00018 - Arr\u00eat\u00e9 DPPSSAP/ORLY/2024/052 r\u00e9glementant temporairement les conditions de\ncirculation\n dans le cadre de travaux r\u00e9alis\u00e9s au sein de la plate-forme a\u00e9roportuaire de Paris-Orly10\n=n\nPREFECTURE\nDE POLICE\nLibert\u00e9\nEgalit\u00e9\nFraternit\u00e9ci\nD\u00e9l\u00e9gation de la pr\u00e9fecture de police\npour la s\u00e9curit\u00e9 et la s\u00fbret\u00e9\ndes plates-formes a\u00e9roportuaires de \nParis-Charles de Gaulle, du Bourget et de Paris-Orl y\nArr\u00eat\u00e9 DPPSSAP/ORLY/2024/052 r\u00e9glementant temporair ement les conditions de circulation\n dans le cadre de travaux r\u00e9alis\u00e9s au sein de la pl ate-forme a\u00e9roportuaire de Paris-Orly\n \nLe pr\u00e9fet de police\nVu le code p\u00e9nal ;\nVu le code de la route ;\nVu la loi n\u00b0 2017-257 du 28 f\u00e9vrier 2017 relative au statut de Paris et \u00e0 l'am\u00e9nagement m\u00e9tropolitain ;\nVu le d\u00e9cret n\u00b0 2017-288 du 6 mars 2017 modifiant le d\u00e9cret n\u00b0 2010-655 du 11 juin 2010 relatif au pr\u00e9fe t\nd\u00e9l\u00e9gu\u00e9 pour la s\u00e9curit\u00e9 et la s\u00fbret\u00e9 des plates-fo rmes a\u00e9roportuaires de Paris ;\nVu le d\u00e9cret du 20 octobre 2021 portant nomination de Monsieur Beno\u00eet PICHARD, sous-pr\u00e9fet, aupr\u00e8s\ndu pr\u00e9fet d\u00e9l\u00e9gu\u00e9 pour la s\u00e9curit\u00e9 et la s\u00fbret\u00e9 des  plates-formes a\u00e9roportuaires de Paris ;\nVu le d\u00e9cret du 20 juillet 2022 par lequel Monsieur L aurent NU\u00d1EZ, pr\u00e9fet, coordonnateur national du\nrenseignement et de la lutte contre le terrorisme, est nomm\u00e9 pr\u00e9fet de police (hors classe) ;\nVu le d\u00e9cret du 20 juillet 2022 par lequel Monsieur J \u00e9r\u00f4me HARNOIS est nomm\u00e9 pr\u00e9fet d\u00e9l\u00e9gu\u00e9 pour la\ns\u00e9curit\u00e9 et la s\u00fbret\u00e9 des plates-formes a\u00e9roportuai res de Paris aupr\u00e8s du pr\u00e9fet de police ;\nVu l'arr\u00eat\u00e9 interminist\u00e9riel du 24 novembre 1967 rela tif \u00e0 la signalisation des routes et autoroutes ;\nVu l'arr\u00eat\u00e9 interminist\u00e9riel du 6 novembre 1992 modif i\u00e9, relatif \u00e0 la signalisation routi\u00e8re, approuvant  la\nhuiti\u00e8me partie \u00ab signalisation temporaire \u00bb du liv re 1 de l'instruction interminist\u00e9rielle sur la sig nalisation\nrouti\u00e8re ;\nVu l'arr\u00eat\u00e9 pr\u00e9fectoral n\u00b0 2005-1751 du 18 mai 2005 m odifi\u00e9 relatif \u00e0 la signalisation routi\u00e8re en zone\npublique de l'a\u00e9roport de Paris-Orly ;\nVu l'arr\u00eat\u00e9 pr\u00e9fectoral permanent n\u00b0 2012-1486 du 3 m ai 2012 r\u00e9glementant la circulation au droit des\nchantiers  courants  et  des  chantiers  de  modification  de  r\u00e9seaux  sur  les  routes  de  la  plate-forme\na\u00e9roportuaire de Paris-Orly ex\u00e9cut\u00e9s ou contr\u00f4l\u00e9s p ar le Groupe ADP ;\nVu l'arr\u00eat\u00e9 pr\u00e9fectoral n\u00b02020-118 du 31 janvier 2020  relatif \u00e0 la police g\u00e9n\u00e9rale sur l'a\u00e9roport  de  Par is-\nOrly ;\nVu l'arr\u00eat\u00e9 pr\u00e9fectoral 2024-00331 du 11 mars 2024 re latif aux missions et \u00e0 l'organisation des services  du\npr\u00e9fet d\u00e9l\u00e9gu\u00e9 pour la s\u00e9curit\u00e9 et la s\u00fbret\u00e9 des pl ates-formes a\u00e9roportuaires de Paris-Charles de Gaul le,\ndu Bourget et de Paris-Orly constitu\u00e9s en d\u00e9l\u00e9gatio n de la pr\u00e9fecture de police.\nVu l'arr\u00eat\u00e9 pr\u00e9fectoral 2024-00737 du  3 juin 2024 por tant d\u00e9l\u00e9gation de signature \u00e0 Monsieur J\u00e9r\u00f4me\nHARNOIS, pr\u00e9fet d\u00e9l\u00e9gu\u00e9 pour la s\u00e9curit\u00e9 et la s\u00fbre t\u00e9 des plates-formes a\u00e9roportuaires de Paris-Charle s\nde Gaulle, du Bourget et de Paris-Orly aupr\u00e8s du pr \u00e9fet de police ;\nVu la demande du Groupe ADP ;\nConsid\u00e9rant  que,  dans  le  cadre  de  travaux  routiers,  il  convien t  de  r\u00e9glementer  temporairement  la\ncirculation sur la plate-forme a\u00e9roportuaire de Par is-Orly ;Pr\u00e9fecture de Police - 75-2024-06-28-00018 - Arr\u00eat\u00e9 DPPSSAP/ORLY/2024/052 r\u00e9glementant temporairement les conditions de\ncirculation\n dans le cadre de travaux r\u00e9alis\u00e9s au sein de la plate-forme a\u00e9roportuaire de Paris-Orly11\nARR\u00caTE\nArticle 1er : Des travaux  de voirie seront r\u00e9alis\u00e9s sur l'empr ise de la plate-forme a\u00e9roportuaire de Paris-\nOrly. Ces travaux impacteront la circulation routi\u00e8 re selon les modalit\u00e9s suivantes :\n - interdiction d'acc\u00e8s au v\u00e9hicule de plus de 6.00  m\u00e8tres de long, du jeudi 4 juillet 2024 \u00e0 22h30, j usqu'au\nvendredi 5 juillet 2024 \u00e0 04h30, des axes figur\u00e9s e n rouge sur le plan annex\u00e9 au pr\u00e9sent arr\u00eat\u00e9 ;\nArticle 2  : Un balisage des travaux et des itin\u00e9raires de d\u00e9 viation seront mis en place pour la dur\u00e9e des\ntravaux avec pr\u00e9-signalisation et signalisation dir ectionnelle.  Ce balisage temporaire sera lumineux o u\nr\u00e9tro-r\u00e9fl\u00e9chissant. \nArticle 3  : La pr\u00e9-signalisation et la signalisation  n\u00e9cessa ires  seront mises en \u0153uvre par  l'entreprise en\ncharge de la fermeture. Elles seront conformes aux prescriptions pr\u00e9vues par la r\u00e9glementation en vigu eur\n(Instruction interminist\u00e9rielle de la signalisation  routi\u00e8re).\nArticle 4  : La  vitesse sera abaiss\u00e9e de 20 km/h  sur les  voir ies  concern\u00e9es  par le chantier de travaux\npendant toute la dur\u00e9e du chantier ainsi que pendan t les phases de pose et de d\u00e9pose du balisage.\nArticle   5    : Toute contravention au pr\u00e9sent arr\u00eat\u00e9 sera const at\u00e9e et poursuivie conform\u00e9ment aux lois et\nr\u00e8glements en vigueur.\nArticle   6    : Le pr\u00e9sent arr\u00eat\u00e9 peut faire l'objet, dans un d\u00e9 lai de deux mois, \u00e0 compter de sa notification :\n- soit d'un recours gracieux aupr\u00e8s du pr\u00e9fet de po lice de Paris (D\u00e9l\u00e9gation de la pr\u00e9fecture de polic e pour\nla s\u00e9curit\u00e9 et la s\u00fbret\u00e9 des plates-formes a\u00e9roport uaires de Paris-Charles de Gaulle, du Bourget et de  Paris-\nOrly \u2013 7 rue du Commandant Mouchotte \u2013 Orlytech - B \u00e2timent 517 \u2013 91 550 PARAY-VIEILLE-POSTE) ;\n- soit d'un recours hi\u00e9rarchique aupr\u00e8s du Ministre  de l'Int\u00e9rieur et des Outre-Mer \u2013 direction des li bert\u00e9s\npubliques et des affaires juridiques ;\n- soit d'un recours contentieux aupr\u00e8s du tribunal administratif de Melun (43 rue du G\u00e9n\u00e9ral de Gaulle\n77 000 MELUN).\nArticle    7    :  La  directrice  de  l'a\u00e9roport  de  Paris-Orly,  la  di rectrice de  la  s\u00e9curit\u00e9  de  proximit\u00e9  de\nl'agglom\u00e9ration parisienne, le directeur de l'ordre  public et de la circulation sont charg\u00e9s, chacun e n ce\nqui le concerne, de l'ex\u00e9cution du pr\u00e9sent arr\u00eat\u00e9, qui sera publi\u00e9 au recueil des actes administratifs  de la\nPr\u00e9fecture de Police de Paris et qui devra \u00eatre aff ich\u00e9 aux abords du chantier.\nParis-Orly, le 28 juin 2024\nPour le pr\u00e9fet d\u00e9l\u00e9gu\u00e9 pour la s\u00e9curit\u00e9  \net la s\u00fbret\u00e9 des plates-formes a\u00e9roportuaires \nde Paris\nLe directeur des op\u00e9rations pour Paris-Orly\nSign\u00e9 \nSandy VOYENPr\u00e9fecture de Police - 75-2024-06-28-00018 - Arr\u00eat\u00e9 DPPSSAP/ORLY/2024/052 r\u00e9glementant temporairement les conditions de\ncirculation\n dans le cadre de travaux r\u00e9alis\u00e9s au sein de la plate-forme a\u00e9roportuaire de Paris-Orly12\nPr\u00e9fecture de Police - 75-2024-06-28-00018 - Arr\u00eat\u00e9 DPPSSAP/ORLY/2024/052 r\u00e9glementant temporairement les conditions de\ncirculation\n dans le cadre de travaux r\u00e9alis\u00e9s au sein de la plate-forme a\u00e9roportuaire de Paris-Orly13\nPr\u00e9fecture de Police\n75-2024-06-28-00015\nArr\u00eat\u00e9 DPPSSAP/ORLY/2024/053 r\u00e9glementant\ntemporairement les conditions de circulation\n dans le cadre de travaux r\u00e9alis\u00e9s au sein de la\nplate-forme a\u00e9roportuaire de Paris-Orly\n \nPr\u00e9fecture de Police - 75-2024-06-28-00015 - Arr\u00eat\u00e9 DPPSSAP/ORLY/2024/053 r\u00e9glementant temporairement les conditions de\ncirculation\n dans le cadre de travaux r\u00e9alis\u00e9s au sein de la plate-forme a\u00e9roportuaire de Paris-Orly\n 14\n=x\nPREFECTURE\nDE POLICE\nLibert\u00e9\nEgalit\u00e9\nFraternit\u00e9ci\nD\u00e9l\u00e9gation de la pr\u00e9fecture de police\npour la s\u00e9curit\u00e9 et la s\u00fbret\u00e9\ndes plates-formes a\u00e9roportuaires de \nParis-Charles de Gaulle, du Bourget et de Paris-Orl y\nArr\u00eat\u00e9 DPPSSAP/ORLY/2024/053 r\u00e9glementant temporair ement les conditions de circulation\n dans le cadre de travaux r\u00e9alis\u00e9s au sein de la pl ate-forme a\u00e9roportuaire de Paris-Orly\n \nLe pr\u00e9fet de police\nVu le code p\u00e9nal ;\nVu le code de la route ;\nVu la loi n\u00b0 2017-257 du 28 f\u00e9vrier 2017 relative au statut de Paris et \u00e0 l'am\u00e9nagement m\u00e9tropolitain ;\nVu le d\u00e9cret n\u00b0 2017-288 du 6 mars 2017 modifiant le d\u00e9cret n\u00b0 2010-655 du 11 juin 2010 relatif au pr\u00e9fe t\nd\u00e9l\u00e9gu\u00e9 pour la s\u00e9curit\u00e9 et la s\u00fbret\u00e9 des plates-fo rmes a\u00e9roportuaires de Paris ;\nVu le d\u00e9cret du 20 octobre 2021 portant nomination de Monsieur Beno\u00eet PICHARD, sous-pr\u00e9fet, aupr\u00e8s\ndu pr\u00e9fet d\u00e9l\u00e9gu\u00e9 pour la s\u00e9curit\u00e9 et la s\u00fbret\u00e9 des  plates-formes a\u00e9roportuaires de Paris ;\nVu le d\u00e9cret du 20 juillet 2022 par lequel Monsieur L aurent NU\u00d1EZ, pr\u00e9fet, coordonnateur national du\nrenseignement et de la lutte contre le terrorisme, est nomm\u00e9 pr\u00e9fet de police (hors classe) ;\nVu le d\u00e9cret du 20 juillet 2022 par lequel Monsieur J \u00e9r\u00f4me HARNOIS est nomm\u00e9 pr\u00e9fet d\u00e9l\u00e9gu\u00e9 pour la\ns\u00e9curit\u00e9 et la s\u00fbret\u00e9 des plates-formes a\u00e9roportuai res de Paris aupr\u00e8s du pr\u00e9fet de police ;\nVu l'arr\u00eat\u00e9 interminist\u00e9riel du 24 novembre 1967 rela tif \u00e0 la signalisation des routes et autoroutes ;\nVu l'arr\u00eat\u00e9 interminist\u00e9riel du 6 novembre 1992 modif i\u00e9, relatif \u00e0 la signalisation routi\u00e8re, approuvant  la\nhuiti\u00e8me partie \u00ab signalisation temporaire \u00bb du liv re 1 de l'instruction interminist\u00e9rielle sur la sig nalisation\nrouti\u00e8re ;\nVu l'arr\u00eat\u00e9 pr\u00e9fectoral n\u00b0 2005-1751 du 18 mai 2005 m odifi\u00e9 relatif \u00e0 la signalisation routi\u00e8re en zone\npublique de l'a\u00e9roport de Paris-Orly ;\nVu l'arr\u00eat\u00e9 pr\u00e9fectoral permanent n\u00b0 2012-1486 du 3 m ai 2012 r\u00e9glementant la circulation au droit des\nchantiers  courants  et  des  chantiers  de  modification  de  r\u00e9seaux  sur  les  routes  de  la  plate-forme\na\u00e9roportuaire de Paris-Orly ex\u00e9cut\u00e9s ou contr\u00f4l\u00e9s p ar le Groupe ADP ;\nVu l'arr\u00eat\u00e9 pr\u00e9fectoral n\u00b02020-118 du 31 janvier 2020  relatif \u00e0 la police g\u00e9n\u00e9rale sur l'a\u00e9roport  de  Par is-\nOrly ;\nVu l'arr\u00eat\u00e9 pr\u00e9fectoral 2024-00331 du 11 mars 2024 re latif aux missions et \u00e0 l'organisation des services  du\npr\u00e9fet d\u00e9l\u00e9gu\u00e9 pour la s\u00e9curit\u00e9 et la s\u00fbret\u00e9 des pl ates-formes a\u00e9roportuaires de Paris-Charles de Gaul le,\ndu Bourget et de Paris-Orly constitu\u00e9s en d\u00e9l\u00e9gatio n de la pr\u00e9fecture de police.\nVu l'arr\u00eat\u00e9 pr\u00e9fectoral 2024-00737 du  3 juin 2024 por tant d\u00e9l\u00e9gation de signature \u00e0 Monsieur J\u00e9r\u00f4me\nHARNOIS, pr\u00e9fet d\u00e9l\u00e9gu\u00e9 pour la s\u00e9curit\u00e9 et la s\u00fbre t\u00e9 des plates-formes a\u00e9roportuaires de Paris-Charle s\nde Gaulle, du Bourget et de Paris-Orly aupr\u00e8s du pr \u00e9fet de police ;\nVu la demande du Groupe ADP ;\nConsid\u00e9rant  que,  dans  le  cadre  de  travaux  routiers,  il  convien t  de  r\u00e9glementer  temporairement  la\ncirculation sur la plate-forme a\u00e9roportuaire de Par is-Orly ;Pr\u00e9fecture de Police - 75-2024-06-28-00015 - Arr\u00eat\u00e9 DPPSSAP/ORLY/2024/053 r\u00e9glementant temporairement les conditions de\ncirculation\n dans le cadre de travaux r\u00e9alis\u00e9s au sein de la plate-forme a\u00e9roportuaire de Paris-Orly\n 15\nARR\u00caTE\nArticle 1er : Des travaux  de voirie seront r\u00e9alis\u00e9s sur l'empr ise de la plate-forme a\u00e9roportuaire de Paris-\nOrly. Ces travaux impacteront la circulation routi\u00e8 re selon les modalit\u00e9s suivantes :\n- fermeture \u00e0 la circulation, du lundi 8 juillet 20 24 \u00e0 22h30, jusqu'au vendredi 12 juillet 2024 \u00e0 04h 30, des\naxes figur\u00e9s en rouge sur le plan annex\u00e9 au pr\u00e9sent  arr\u00eat\u00e9 ;\nArticle 2  : Un balisage des travaux et des itin\u00e9raires de d\u00e9 viation seront mis en place pour la dur\u00e9e des\ntravaux avec pr\u00e9-signalisation et signalisation dir ectionnelle.  Ce balisage temporaire sera lumineux o u\nr\u00e9tro-r\u00e9fl\u00e9chissant. \nArticle 3  : La pr\u00e9-signalisation et la signalisation  n\u00e9cessa ires  seront mises en \u0153uvre par  l'entreprise en\ncharge de la fermeture. Elles seront conformes aux prescriptions pr\u00e9vues par la r\u00e9glementation en vigu eur\n(Instruction interminist\u00e9rielle de la signalisation  routi\u00e8re).\nArticle 4  : La vitesse sera  abaiss\u00e9e de 20 km/h  sur les  voir ies  concern\u00e9es par le chantier de travaux\npendant toute la dur\u00e9e du chantier ainsi que pendan t les phases de pose et de d\u00e9pose du balisage.\nArticle   5    : Toute contravention au pr\u00e9sent arr\u00eat\u00e9 sera const at\u00e9e et poursuivie conform\u00e9ment aux lois et\nr\u00e8glements en vigueur.\nArticle   6    : Le pr\u00e9sent arr\u00eat\u00e9 peut faire l'objet, dans un d\u00e9 lai de deux mois, \u00e0 compter de sa notification :\n- soit d'un recours gracieux aupr\u00e8s du pr\u00e9fet de po lice de Paris (D\u00e9l\u00e9gation de la pr\u00e9fecture de polic e pour\nla s\u00e9curit\u00e9 et la s\u00fbret\u00e9 des plates-formes a\u00e9roport uaires de Paris-Charles de Gaulle, du Bourget et de  Paris-\nOrly \u2013 7 rue du Commandant Mouchotte \u2013 Orlytech - B \u00e2timent 517 \u2013 91 550 PARAY-VIEILLE-POSTE) ;\n- soit d'un recours hi\u00e9rarchique aupr\u00e8s du Ministre  de l'Int\u00e9rieur et des Outre-Mer \u2013 direction des li bert\u00e9s\npubliques et des affaires juridiques ;\n- soit d'un recours contentieux aupr\u00e8s du tribunal administratif de Melun (43 rue du G\u00e9n\u00e9ral de Gaulle\n77 000 MELUN).\nArticle    7    :  La  directrice  de  l'a\u00e9roport  de  Paris-Orly,  la  di rectrice de  la  s\u00e9curit\u00e9  de  proximit\u00e9  de\nl'agglom\u00e9ration parisienne, le directeur de l'ordre  public et de la circulation sont charg\u00e9s, chacun e n ce\nqui le concerne, de l'ex\u00e9cution du pr\u00e9sent arr\u00eat\u00e9, qui sera publi\u00e9 au recueil des actes administratifs  de la\nPr\u00e9fecture de Police de Paris et qui devra \u00eatre aff ich\u00e9 aux abords du chantier.\nParis-Orly, le 28 juin 2024\nPour le pr\u00e9fet d\u00e9l\u00e9gu\u00e9 pour la s\u00e9curit\u00e9  \net la s\u00fbret\u00e9 des plates-formes a\u00e9roportuaires \nde Paris\nLe directeur des op\u00e9rations pour Paris-Orly\nSign\u00e9 \nSandy VOYENPr\u00e9fecture de Police - 75-2024-06-28-00015 - Arr\u00eat\u00e9 DPPSSAP/ORLY/2024/053 r\u00e9glementant temporairement les conditions de\ncirculation\n dans le cadre de travaux r\u00e9alis\u00e9s au sein de la plate-forme a\u00e9roportuaire de Paris-Orly\n 16\n~*EL. 4\u00ab 2NOISOYN VIA XI144OVd ISIV3IY IOVSIIVE // VAYO YVd 341V1 V 313Y4V // ANS AV 3YNLIWY : 9 ASWHd\nPr\u00e9fecture de Police - 75-2024-06-28-00015 - Arr\u00eat\u00e9 DPPSSAP/ORLY/2024/053 r\u00e9glementant temporairement les conditions de\ncirculation\n dans le cadre de travaux r\u00e9alis\u00e9s au sein de la plate-forme a\u00e9roportuaire de Paris-Orly\n 17\nPr\u00e9fecture de Police\n75-2024-06-28-00016\nArr\u00eat\u00e9 n\u00b0 2024T14261 portant modification des\nconditions de circulation des v\u00e9hicules \u00e0 Paris sur\nles voies d\u00e9finies par le d\u00e9cret n\u00b0 2022-786 du 4\nmai 2022 fixant la liste des voies et portions de\nvoie r\u00e9serv\u00e9es \u00e0 certains v\u00e9hicules pour les jeux\nOlympiques et Paralympiques de 2024\nPr\u00e9fecture de Police - 75-2024-06-28-00016 - Arr\u00eat\u00e9 n\u00b0 2024T14261 portant modification des conditions de circulation des v\u00e9hicules \u00e0\nParis sur les voies d\u00e9finies par le d\u00e9cret n\u00b0 2022-786 du 4 mai 2022 fixant la liste des voies et portions de voie r\u00e9serv\u00e9es \u00e0 certains\nv\u00e9hicules pour les jeux Olympiques et Paralympiques de 202418\nPREFECTURE\nDE POLICE\nLibert\u00e9\nEgalit\u00e9\nFraternit\u00e9AtLe\nres\n1 \n Direction des usagers \net des polices administratives \n \n \n \n \n \n \n \nArr\u00eat\u00e9 n\u00b0 2024T14261 \nDu 28 JUIN 2024  \nportant modification des conditions de circulation des v\u00e9hicules \u00e0 Paris sur les \nvoies d\u00e9finies par le d\u00e9cret n\u00b0 2022-786 du 4 mai 2 022 fixant la liste des voies \net portions de voie r\u00e9serv\u00e9es \u00e0 certains v\u00e9hicules pour les jeux Olympiques et \nParalympiques de 2024  \n \n \n  Le Pr\u00e9fet de Police, \n \nVU  le code g\u00e9n\u00e9ral des collectivit\u00e9s territoriales ; \n  \nVU  le code de la route ; \n \nVU  le code des transports  ;  \n \nVU  le code de la s\u00e9curit\u00e9 int\u00e9rieure  ; \n \nVU  le code de la voirie routi\u00e8re  ; \nVU  la loi n\u00b02018-202 du 26 mars 2018 relative \u00e0 l'org anisation des Jeux \nolympiques et paralympiques (JOP) de 2024  ; \nVU  l'ordonnance n\u00b0 2019-207 du 20 mars 2019 modifi\u00e9e relative aux voies \nr\u00e9serv\u00e9es et \u00e0 la police de la circulation pour les  jeux Olympiques et \nParalympiques de 2024, notamment ses articles 2 et 3  ;  \nVU le d\u00e9cret n\u00b0 2022-786 du 4 mai 2022 modifi\u00e9 fixant la liste des voies et \nportions de voies r\u00e9serv\u00e9es \u00e0 certains v\u00e9hicules po ur les jeux Olympiques et \nParalympiques de 2024 ; \nVU  le d\u00e9cret n\u00b0 2022-191 du 16 f\u00e9vrier 2022 portant a pplication de l'ordonnance \nn\u00b0 2019-207 du 20 mars 2019 et relatif aux v\u00e9hicule s autoris\u00e9s \u00e0 circuler sur les \nvoies et portions de voies r\u00e9serv\u00e9es pour les jeux Olympiques et Paralympiques \nde 2024  ;  \n \nVU  le d\u00e9cret n\u00b0 2024-154 du 27 f\u00e9vrier 2024 relatif \u00e0  l'exp\u00e9rimentation de la \nPr\u00e9fecture de Police - 75-2024-06-28-00016 - Arr\u00eat\u00e9 n\u00b0 2024T14261 portant modification des conditions de circulation des v\u00e9hicules \u00e0\nParis sur les voies d\u00e9finies par le d\u00e9cret n\u00b0 2022-786 du 4 mai 2022 fixant la liste des voies et portions de voie r\u00e9serv\u00e9es \u00e0 certains\nv\u00e9hicules pour les jeux Olympiques et Paralympiques de 202419\n2 \n reconnaissance du statut de v\u00e9hicules d'int\u00e9r\u00eat g\u00e9n \u00e9ral prioritaire aux v\u00e9hicules \ndu service interne de s\u00e9curit\u00e9 de la R\u00e9gie autonome  des transports parisiens \nutilis\u00e9s \u00e0 des fins de cyno-d\u00e9tection  ; \nVU  l'arr\u00eat\u00e9 du 2 juillet 1982 du ministre d'Etat, min istre des transports, relatif \naux transports en commun de personnes  ; \nVU  l'arr\u00eat\u00e9 du 31 juillet 2023 modifi\u00e9, relatif \u00e0 l'e xp\u00e9rimentation d'une \nsignalisation relative aux voies et portions de voi es r\u00e9serv\u00e9es \u00e0 certains \nv\u00e9hicules pour les JOP de Paris 2024  ; \nVU  l'arr\u00eat\u00e9 du pr\u00e9fet de police 2024-0486 du 18 avril  2024 portant \naugmentation du nombre de taxis parisiens  ; \nVU le d\u00e9cret du 20 juillet 2022 par lequel M. Laurent NU\u00d1EZ, pr\u00e9fet, \ncoordonnateur national du renseignement et de la lu tte contre le terrorisme, \nest nomm\u00e9 pr\u00e9fet de police (hors classe)  ;  \n \n \nCONSIDERANT que le d\u00e9cret n\u00b02022-786 susvis\u00e9 a d\u00e9termin\u00e9 une li ste \nd'environ 185 kilom\u00e8tres de voies ou portions de vo ies \u00e0 Paris et en \u00cele-de-France \nqui, par leur positionnement, leur importance et le urs caract\u00e9ristiques, \npermettent d'assurer la liaison routi\u00e8re entre les diff\u00e9rents sites olympiques en \nrespectant les imp\u00e9ratifs de fluidit\u00e9, de pr\u00e9visibi lit\u00e9 de la dur\u00e9e des trajets et de \ns\u00e9curit\u00e9 n\u00e9cessaire au bon d\u00e9roulement des jeux Oly mpiques et Paralympiques \net au respect du contrat conclu entre l'Etat et l'o rganisateur de ces derniers  ; \nCONSIDERANT que, en application de l'article 1 er  du m\u00eame d\u00e9cret, le pr\u00e9fet \nde police d\u00e9termine les p\u00e9riodes durant lesquelles les voies sont r\u00e9serv\u00e9es \u00e0 la \ncirculation de certains v\u00e9hicules  ainsi que  les cat\u00e9gories de v\u00e9hicules autoris\u00e9es \n\u00e0 y circuler ; \nCONSIDERANT qu'\u00e0 Paris, depuis 2002,  la baisse continue de la vitesse \nmoyenne de circulation des v\u00e9hicules, est pass\u00e9e de  13,9 km/h en 2018 \u00e0 12,4 \nkm/h en 2022, caract\u00e9risant une baisse de 11% et un e baisse annuelle moyenne \nde 2,75%  ; que cette baisse r\u00e9v\u00e8le un allongement des temps de parcours et \nune augmentation de la densit\u00e9 de la circulation au tomobile  ; que cette \nderni\u00e8re entra\u00eene la congestion du r\u00e9seau routier d ans Paris et ses alentours , en \nparticulier aux heures de pointes du matin et du so ir  ;  \nCONSIDERANT que l'encombrement des voies \u00e0 Paris g\u00e9n\u00e8re une ent rave pour \nles v\u00e9hicules d'intervention de la Brigade des Sape urs-Pompiers de Paris, \nlaquelle a  constat\u00e9 une augmentation sensible de ses d\u00e9lais mo yens \nd'intervention lors des cinq derni\u00e8res ann\u00e9es  ;   \nCONSIDERANT  que les Jeux olympiques, organis\u00e9s \u00e0 Paris du 26 j uillet au 11 ao\u00fbt \n2024,  et les Jeux paralympiques organis\u00e9s du 28 ao\u00fbt au 8  septembre 2024 par \nle Comit\u00e9 d'organisation des jeux olympiques et par alympiques (COJOP), Pr\u00e9fecture de Police - 75-2024-06-28-00016 - Arr\u00eat\u00e9 n\u00b0 2024T14261 portant modification des conditions de circulation des v\u00e9hicules \u00e0\nParis sur les voies d\u00e9finies par le d\u00e9cret n\u00b0 2022-786 du 4 mai 2022 fixant la liste des voies et portions de voie r\u00e9serv\u00e9es \u00e0 certains\nv\u00e9hicules pour les jeux Olympiques et Paralympiques de 202420\n3 \n constituent un \u00e9v\u00e9nement majeur au rayonnement mond ial pour lequel un \nafflux massif de participants fran\u00e7ais et \u00e9trangers , estim\u00e9 \u00e0 plus de 15 millions \nde personnes cumulativement, est attendu  ; que les effets d'une telle \nfr\u00e9quentation suppl\u00e9mentaire sur la circulation rou ti\u00e8re, d\u00e9j\u00e0 congestionn\u00e9e \naux heures de pointes du matin et du soir \u00e0 Paris e t dans l'approche de la \ncapitale sur les axes principaux de l'\u00cele-de-France , seront cons\u00e9quents et \nrisqueront de compromettre davantage l'\u00e9coulement d e la circulation et la \ns\u00e9curit\u00e9 publique  ; \nCONSIDERANT le nombre tr\u00e8s important de v\u00e9hicules immatricul\u00e9s en France \net \u00e0 l'\u00e9tranger qui entrent dans la d\u00e9finition du t ransport en commun au sens \nde l'arr\u00eat\u00e9 du 2 juillet 1982 susvis\u00e9 qui dispose q ue le terme : \" transport en \ncommun de personnes \" d\u00e9signe le transport de passa gers au moyen d'un v\u00e9hicule \n\u00e0 moteur qui comporte plus de neuf places assises, y compris celle du \nconducteur . \u00bb ; \nCONSIDERANT  que le nombre de licences de taxis parisiens exist ant est \nactuellement de 19911  ; \nCONSIDERANT,  l'engagement pris par l'Etat de transporter les at hl\u00e8tes dans \nun d\u00e9lai de 30 minutes jusqu'aux sites de comp\u00e9titi on olympiques et \nparalympiques,  n\u00e9cessitant imp\u00e9rativement d'assurer la fluidit\u00e9 de  la \ncirculation sur les voies r\u00e9serv\u00e9es  ; \nCONSIDERANT que, pour des raisons de s\u00e9curit\u00e9 des biens et des personnes, \nles voies r\u00e9serv\u00e9es doivent \u00eatre \u00e9galement ouvertes  aux v\u00e9hicules d'int\u00e9r\u00eat \ng\u00e9n\u00e9ral prioritaires ainsi qu'aux v\u00e9hicules de tran sport publics pour permettre \nl'ex\u00e9cution de leurs missions d'int\u00e9r\u00eat g\u00e9n\u00e9ral dan s les meilleurs d\u00e9lais  ;  \nSUR proposition du  directeur des usagers et des polices administrative s  ;  \n \n \nA R R \u00ca T E  \n \nArticle 1 er  : \n \nA Paris, les voies r\u00e9serv\u00e9es d\u00e9finies par le d\u00e9cret  n\u00b0 2022-786 du 4 mai 2022 \nsusvis\u00e9 sont am\u00e9nag\u00e9es sur le domaine public routie r selon les modalit\u00e9s \nd\u00e9termin\u00e9es en annexe pour Paris intra-muros et  pour le boulevard \np\u00e9riph\u00e9rique.  \n \nArticle 2  : \n \nA compter du 1 er  juillet 2024 et jusqu'au 15 septembre 2024, lorsqu e les voies \nr\u00e9serv\u00e9es d\u00e9finies par le d\u00e9cret n\u00b02022-786 susvis\u00e9  sont activ\u00e9es, seules les \ncat\u00e9gories de v\u00e9hicules suivantes sont autoris\u00e9es \u00e0  circuler dans ces voies  : \na) les v\u00e9hicules des personnes accr\u00e9dit\u00e9es par le c omit\u00e9 d'organisation des Jeux \nOlympiques et Paralympiques de 2024 dans les condit ions d\u00e9finies par l'article \n1er  du d\u00e9cret du 16 f\u00e9vrier 2022 susvis\u00e9  et porteurs de la signalisation Pr\u00e9fecture de Police - 75-2024-06-28-00016 - Arr\u00eat\u00e9 n\u00b0 2024T14261 portant modification des conditions de circulation des v\u00e9hicules \u00e0\nParis sur les voies d\u00e9finies par le d\u00e9cret n\u00b0 2022-786 du 4 mai 2022 fixant la liste des voies et portions de voie r\u00e9serv\u00e9es \u00e0 certains\nv\u00e9hicules pour les jeux Olympiques et Paralympiques de 202421\n4 \n mentionn\u00e9e par le m\u00eame d\u00e9cret ;  \nb) les v\u00e9hicules d'int\u00e9r\u00eat g\u00e9n\u00e9ral prioritaires men tionn\u00e9s au 1\u00b0) et les v\u00e9hicules \ndes services de l'Etat mentionn\u00e9s au 3\u00b0) de l'artic le 2 de ce m\u00eame d\u00e9cret  ; \nc) les autobus affect\u00e9s au transport urbain r\u00e9gulie r des voyageurs op\u00e9r\u00e9s par la \nr\u00e9gie autonome des transports parisiens, \u00e0 conditio n qu'ils ne marquent pas \nd'arr\u00eats de desserte sur le parcours de ces voies r \u00e9serv\u00e9es  ; \nd) les taxis; \ne) les v\u00e9hicules destin\u00e9s \u00e0 favoriser le transport des personnes \u00e0 mobilit\u00e9 \nr\u00e9duite dans l'incapacit\u00e9 d'emprunter les transport s en commun au sens du 7\u00b0 \ndu I de l'article L.1241-2 du code des transports.  \n \nArticle 3  : \n \nLes voies r\u00e9serv\u00e9es mentionn\u00e9es \u00e0 l'article 1 er  sont activ\u00e9es  : \n- du 15 juillet 2024 au 13 ao\u00fbt 2024 inclus  ; \n- du 14 au 21 ao\u00fbt inclus pour les voies situ\u00e9es \u00e0 Pa ris intra-muros  ; \n- du 22 au 25 ao\u00fbt inclus  ; \n- du 28 ao\u00fbt 2024 au 8 septembre 2024 inclus  ; \n- du 9 au 11 septembre inclus. \nL'activation de certaines voies r\u00e9serv\u00e9es peut \u00eatre  temporairement suspendue \nen fonction des circonstances, notamment de la flui dit\u00e9 du trafic. \n \nArticle 4  : \n \nL'autorisation de circuler sur les voies r\u00e9serv\u00e9es d\u00e9finies \u00e0 l'article 1 er  est \nsignal\u00e9e par la mention \u00ab PARIS 2024 \u00bb sur des pann eaux de s\u00e9curit\u00e9 routi\u00e8re, \nde pr\u00e9-signalisation et de signalisation statiques ou sur des panneaux \u00e0 \nmessages variables, ainsi que par des marquages au sol, conform\u00e9ment \u00e0 \nl'arr\u00eat\u00e9 du 31 juillet 2023 susvis\u00e9, situ\u00e9s en amon t et sur les tron\u00e7ons de voies \nr\u00e9serv\u00e9es. \n \nArticle 5  : \n \nLa circulation d'un v\u00e9hicule en infraction aux disp ositions du pr\u00e9sent arr\u00eat\u00e9 est \npunie par une contravention de 4 e classe conform\u00e9ment aux dispositions de \nl'article R.412-7 du code de la route. \n \nArticle 6 :  \n \nLe directeur des usagers et des polices administrat ives, le directeur de l'ordre \npublic et de la circulation, la directrice de la s\u00e9 curit\u00e9 de proximit\u00e9 de Pr\u00e9fecture de Police - 75-2024-06-28-00016 - Arr\u00eat\u00e9 n\u00b0 2024T14261 portant modification des conditions de circulation des v\u00e9hicules \u00e0\nParis sur les voies d\u00e9finies par le d\u00e9cret n\u00b0 2022-786 du 4 mai 2022 fixant la liste des voies et portions de voie r\u00e9serv\u00e9es \u00e0 certains\nv\u00e9hicules pour les jeux Olympiques et Paralympiques de 202422\n5 \n l'agglom\u00e9ration parisienne de la pr\u00e9fecture de poli ce, le directeur de la voirie \net des d\u00e9placements et le directeur de la police mu nicipale et de la pr\u00e9vention \nde la Ville de Paris sont charg\u00e9s, chacun en ce qui  le concerne, de l'ex\u00e9cution \ndu pr\u00e9sent arr\u00eat\u00e9 qui sera publi\u00e9 au recueil des ac tes administratifs du \nd\u00e9partement de Paris, consultable sur le site inter net de la pr\u00e9fecture de Police \n(www.prefecturedepolice.interieur.gouv.fr) et sur l e portail des publications \nadministratives de la Ville de Paris.  \n \n \n \nFait \u00e0 Paris, le 28 JUIN 2024  \n \n \n \nSign\u00e9 \nLaurent NU\u00d1EZ \n  Pr\u00e9fecture de Police - 75-2024-06-28-00016 - Arr\u00eat\u00e9 n\u00b0 2024T14261 portant modification des conditions de circulation des v\u00e9hicules \u00e0\nParis sur les voies d\u00e9finies par le d\u00e9cret n\u00b0 2022-786 du 4 mai 2022 fixant la liste des voies et portions de voie r\u00e9serv\u00e9es \u00e0 certains\nv\u00e9hicules pour les jeux Olympiques et Paralympiques de 202423\n6 \n Annexe \u00e0 l'arr\u00eat\u00e9  \nPositionnement \u00e0 Paris \ndes voies r\u00e9serv\u00e9es d\u00e9finies  \npar le d\u00e9cret n\u00b0 2022-786 du 4 mai 2022  \n \nAxe routier D\u00e9but de \nsection Fin de section Am\u00e9nagement de la voie r\u00e9serv\u00e9e \nBoulevard \nP\u00e9riph\u00e9rique \nint\u00e9rieur de Porte de \nS\u00e8vres \u00e0 Porte de \nBercy Porte de S\u00e8vres \nPK 9.4 Porte de Bercy PK \n35.75 Voie r\u00e9serv\u00e9e \u00e0 gauche dans la voie de \ncirculation g\u00e9n\u00e9rale  \nBoulevard \nP\u00e9riph\u00e9rique \next\u00e9rieur de Porte de \nBercy \u00e0 Porte de \nS\u00e8vres Porte de Bercy \nPK 35.00 Porte de S\u00e8vres PK \n9.4 Voie r\u00e9serv\u00e9e \u00e0 gauche dans la voie de \ncirculation g\u00e9n\u00e9rale  \nPlace de la Porte \nMaillot Limite Neuilly \nsur Seine Avenue de la Grande \nArm\u00e9e Sens limite communale de Neuilly-sur-Seine \nvers la bretelle d'acc\u00e8s au Boulevard \np\u00e9riph\u00e9rique int\u00e9rieur : voie r\u00e9serv\u00e9e \u00e0 droite \ndans la voie de circulation g\u00e9n\u00e9rale. \n \nSens bretelle d'acc\u00e8s au  Boulevard \np\u00e9riph\u00e9rique int\u00e9rieur vers avenue de la \nGrande Arm\u00e9e : voie r\u00e9serv\u00e9e \u00e0 droite dans \nle couloir bus \n \nSens avenue de la Grande Arm\u00e9e vers \nbretelle d'acc\u00e8s au  Boulevard p\u00e9riph\u00e9rique \nint\u00e9rieur  : voie r\u00e9serv\u00e9e \u00e0 droite dans le \ncouloir bus \nPlace de Verdun     Voie r\u00e9serv\u00e9e \u00e0 droite dans la voie de \ncirculation g\u00e9n\u00e9rale  \nAvenue de la Grande \nArm\u00e9e Porte Maillot Place Charles de \nGaulle Etoile Sens Porte Maillot vers place de l'Etoile : \nvoie r\u00e9serv\u00e9e \u00e0 droite dans la voie de \ncirculation g\u00e9n\u00e9rale \n \nSens place de l'Etoile vers Porte Maillot : \nvoie r\u00e9serv\u00e9e \u00e0 droite dans la voie de \ncirculation g\u00e9n\u00e9rale jusqu'\u00e0 la rue de Tilsitt \npuis dans le couloir bus depuis la rue de \nTilsitt jusqu'\u00e0 la Porte Maillot.  \nBoulevard Pershing Place de la \nPorte Maillot Place du G\u00e9n\u00e9ral \nKoenig Dans le sens de la place de la Porte Maillot \nvers la place du G\u00e9n\u00e9ral Koenig : voies \nr\u00e9serv\u00e9es dans les voies de circulation \ng\u00e9n\u00e9rale et le couloir de bus. \n \nDans le sens de la place du G\u00e9n\u00e9ral Koenig  \nvers la place de la Porte Maillot : voie \nr\u00e9serv\u00e9e dans la voie de circulation g\u00e9n\u00e9rale.  \nAvenue Marceau Place Charles \nde Gaulle Etoile Avenue du Pr\u00e9sident \nWilson Sens place de l'Etoile vers avenue du \nPr\u00e9sident Wilson : voie r\u00e9serv\u00e9e \u00e0 droite \njusqu'\u00e0 la rue de Presbourg puis dans le \ncouloir de bus et la bande cyclable \n \nSens avenue du Pr\u00e9sident Wilson vers place Pr\u00e9fecture de Police - 75-2024-06-28-00016 - Arr\u00eat\u00e9 n\u00b0 2024T14261 portant modification des conditions de circulation des v\u00e9hicules \u00e0\nParis sur les voies d\u00e9finies par le d\u00e9cret n\u00b0 2022-786 du 4 mai 2022 fixant la liste des voies et portions de voie r\u00e9serv\u00e9es \u00e0 certains\nv\u00e9hicules pour les jeux Olympiques et Paralympiques de 202424\n7 \n de l'Etoile : voie r\u00e9serv\u00e9e dans le couloir bus \net la bande cyclable  \nAvenue du Pr\u00e9sident \nWilson Avenue \nMarceau Place de l'Alma Sens avenue Marceau vers place de l'Alma : \nvoie r\u00e9serv\u00e9e \u00e0 droite dans le couloir bus et \nla bande cyclable \n \nSens place de l'Alma vers avenue Marceau : \nVoie r\u00e9serv\u00e9e \u00e0 droite dans la voie de \ncirculation g\u00e9n\u00e9rale \nCours Albert 1er Place de l'Alma Place du Canada Sens contre all\u00e9e Place de l'Alma vers pont \ndes Invalides : voie r\u00e9serv\u00e9e \u00e0 droite dans la \nvoie de circulation g\u00e9n\u00e9rale \n \nVoie Georges Pompidou sens de rue Bayard \nvers pont des Invalides : voie r\u00e9serv\u00e9e \u00e0 \ndroite dans la voie de circulation g\u00e9n\u00e9rale \n \nSens contre-all\u00e9e du pont des Invalides vers \nplace de l'Alma : voie r\u00e9serv\u00e9e \u00e0 droite dans \nla file de stationnement et la voie de \ncirculation g\u00e9n\u00e9rale de droite \n \nVoie Georges Pompidou sens pont des \nInvalides vers la place de l'Alma : une voie \nr\u00e9serv\u00e9e dans les deux voies de circulation \ng\u00e9n\u00e9rale \nCours la Reine Place du \nCanada Place de la Concorde Voie Georges Pompidou sens pont des \nInvalides vers la place de la Concorde: une \nvoie r\u00e9serv\u00e9e dans la voie de circulation \ng\u00e9n\u00e9rale \n \nVoie Georges Pompidou sens place de la \nConcorde vers pont des Invalides : une voie \nr\u00e9serv\u00e9e dans les deux voies de circulation \ng\u00e9n\u00e9rale \nPlace de la Concorde      Voie Georges Pompidou (souterrain \nConcorde) : voie r\u00e9serv\u00e9e \u00e0 contre-sens \ndans le sens quai des Tuileries vers Cours la \nReine dans la voie de circulation g\u00e9n\u00e9rale de \ngauche. \nQuai des Tuileries Place de la \nConcorde Quai Aim\u00e9 C\u00e9saire Sens place de la Concorde vers quai Aim\u00e9 \nC\u00e9saire : une voie r\u00e9serv\u00e9e \u00e0 droite dans le \ncouloir bus  \n \nsens quai Aim\u00e9 C\u00e9saire vers place de la \nConcorde : voie r\u00e9serv\u00e9e \u00e0 contre-sens dans \nla voie de circulation g\u00e9n\u00e9rale de gauche \nQuai Aim\u00e9 C\u00e9saire Quai des \nTuileries Avenue du G\u00e9n\u00e9ral \nLemonnier Sens quai des Tuileries vers rue du G\u00e9n\u00e9ral \nLemonnier : une voie r\u00e9serv\u00e9e \u00e0 droite dans \nle couloir bus  \n \nsens rue du G\u00e9n\u00e9ral Lemonnier vers quai \ndes Tuileries : voie r\u00e9serv\u00e9e \u00e0 contre-sens \ndans la voie de circulation g\u00e9n\u00e9rale de \ngauche. \nAvenue du G\u00e9n\u00e9ral \nLemonnier Quai Aim\u00e9 \nC\u00e9saire Rue de Rivoli Sens Rivoli vers quai Aim\u00e9 C\u00e9saire : une \nvoie r\u00e9serv\u00e9e \u00e0 contre sens dans la voie de \ncirculation g\u00e9n\u00e9rale de gauche \n \nSens Aim\u00e9 C\u00e9saire vers Rivoli : une voie Pr\u00e9fecture de Police - 75-2024-06-28-00016 - Arr\u00eat\u00e9 n\u00b0 2024T14261 portant modification des conditions de circulation des v\u00e9hicules \u00e0\nParis sur les voies d\u00e9finies par le d\u00e9cret n\u00b0 2022-786 du 4 mai 2022 fixant la liste des voies et portions de voie r\u00e9serv\u00e9es \u00e0 certains\nv\u00e9hicules pour les jeux Olympiques et Paralympiques de 202425\n8 \n r\u00e9serv\u00e9e dans la voie de circulation g\u00e9n\u00e9rale, \nentre la voie r\u00e9serv\u00e9e \u00e0 contre-sens et la \nvoie de circulation g\u00e9n\u00e9rale restante. \nRue Robert Etlin Bretelle de sortie \ndu BP Quai de Bercy Une voie r\u00e9serv\u00e9e \u00e0 droite dans la voie de \ncirculation g\u00e9n\u00e9rale. \nBoulevard de Bercy Quai de Bercy Rue de Bercy Sens rue de Bercy vers quai de Bercy  : une \nvoie r\u00e9serv\u00e9e \u00e0 gauche dans la voie de \ncirculation g\u00e9n\u00e9rale. \nQuai de Bercy Entr\u00e9e/Sortie du \nboulevard \np\u00e9riph\u00e9rique Boulevard de Bercy Voie Georges Pompidou sens rue Robert \nEtlin vers la bretelle de sortie incluse \njusqu'au boulevard de Bercy : une voie \nr\u00e9serv\u00e9e \u00e0 droite dans la voie de circulation \ng\u00e9n\u00e9rale.  \n \nVoie Georges Pompidou sens boulevard de \nBercy jusqu'\u00e0 la gare sup\u00e9rieure de la Rap\u00e9e \n: une voie r\u00e9serv\u00e9e \u00e0 droite dans la voie de \ncirculation g\u00e9n\u00e9rale.  \nPuis bretelle face \u00e0 la gare sup\u00e9rieure de la \nRap\u00e9e : voie r\u00e9serv\u00e9e \u00e0 gauche dans la voie \nde circulation g\u00e9n\u00e9rale.  \nAvenue de la Porte \nde la Chapelle Echangeur Porte \nde la Chapelle Boulevard Ney Sens boulevard  Ney vers la bretelle d'acc\u00e8s \nau boulevard p\u00e9riph\u00e9rique : une voie \nr\u00e9serv\u00e9e \u00e0 droite dans la voie de circulation \ng\u00e9n\u00e9rale. \nBoulevard Ney Avenue de la \nPorte de la \nChapelle Avenue de la Porte \nd'Aubervilliers Sens avenue de la Porte d'Aubervilliers vers \nl'avenue de la Porte de la Chapelle : une voie \nr\u00e9serv\u00e9e \u00e0 droite dans la voie de circulation \ng\u00e9n\u00e9rale.   \nAvenue de la Porte \nd'Aubervilliers  \n Place \nSkanderbeg Boulevard Ney Sens place Skandeberg vers rue Gaston \nDarboux : une voie r\u00e9serv\u00e9e \u00e0 droite dans la \nvoie de circulation g\u00e9n\u00e9rale. \nSens rue Gaston Darboux vers boulevard \nNey : une voie r\u00e9serv\u00e9e dans le couloir de \nbus. \nAvenue Ernest \nRenan Boulevard \nLefebvre Rue d'Oradour sur \nGlane Sens Boulevard Lefebvre vers rue d'Oradour \nsur Glane : une voie r\u00e9serv\u00e9e \u00e0 droite dans \nla voie de circulation g\u00e9n\u00e9rale. \nRue d'Oradour-sur-\nGlane Rue Ernest \nRenan Rue de la Porte d'Issy Sens rue Ernest Renan vers rue de la Porte \nd'Issy : une voie r\u00e9serv\u00e9e \u00e0 droite dans la \nvoie de circulation g\u00e9n\u00e9rale. \nRue Louis Armand Rue de la Porte \nd'Issy Avenue de la Porte de \nS\u00e8vres Sens rue de la Porte d'Issy vers Avenue de \nla Porte de S\u00e8vres : une voie r\u00e9serv\u00e9e \u00e0 \ndroite dans la voie de circulation g\u00e9n\u00e9rale. \nAvenue de la Porte \nde S\u00e8vres Rue Louis \nArmand Boulevard Victor  Une voie r\u00e9serv\u00e9e dans chaque sens dans la \nvoie de circulation g\u00e9n\u00e9rale de droite. \nBoulevard Victor Avenue de la \nPorte de S\u00e8vres Place de la Porte de \nVersailles  Une voie r\u00e9serv\u00e9e \u00e0 droite dans chaque sens \ndans la voie de circulation g\u00e9n\u00e9rale. \nBoulevard Lefebvre Avenue Ernest \nRenan  Avenue de la Porte de \nBrancion Dans le sens de la place de la porte de \nVersailles vers l'avenue de la porte de la \nPlaine : une voie r\u00e9serv\u00e9e \u00e0 droite  dans la \nvoie de circulation g\u00e9n\u00e9rale. \n \nDans le sens de la Porte de la Plaine vers la \nrue de Vaugirard : une voie r\u00e9serv\u00e9e \u00e0 droite \ndans la voie de circulation g\u00e9n\u00e9rale. Pr\u00e9fecture de Police - 75-2024-06-28-00016 - Arr\u00eat\u00e9 n\u00b0 2024T14261 portant modification des conditions de circulation des v\u00e9hicules \u00e0\nParis sur les voies d\u00e9finies par le d\u00e9cret n\u00b0 2022-786 du 4 mai 2022 fixant la liste des voies et portions de voie r\u00e9serv\u00e9es \u00e0 certains\nv\u00e9hicules pour les jeux Olympiques et Paralympiques de 202426\n9 \n Avenue de la Porte \nde la Plaine Boulevard \nLefebvre Place des Insurg\u00e9s de \nVarsovie Dans le sens du boulevard Lefebvre vers la \nPorte de la Plaine : une voie r\u00e9serv\u00e9e \u00e0 \ndroite dans la voie de circulation g\u00e9n\u00e9rale. \n \nDans le sens de la porte de la Plaine vers le \nboulevard Lefebvre : une voie r\u00e9serv\u00e9e dans \nla voie de circulation g\u00e9n\u00e9rale. \nAvenue Franklin \nDelano Roosevelt Place du \nCanada Avenue du G\u00e9n\u00e9ral \nEisenhower une voie r\u00e9serv\u00e9e dans les deux sens dans \nle couloir de bus. \nRue de Rivoli Avenue du \nG\u00e9n\u00e9ral \nLemonnier Place de la Concorde Dans le sens rue Lemonnier vers place de la \nConcorde : une voie r\u00e9serv\u00e9e dans la voie de \ncirculation g\u00e9n\u00e9rale \n \nDans le sens place de la Concorde vers rue \nLemonnier : une voie r\u00e9serv\u00e9e \u00e0 contre-sens \ndans la voie de piste cyclable allant de la rue \nLemonnier vers la place de la Concorde \nAvenue de New York rue des Fr\u00e8res \nP\u00e9rier avenue Albert de Mun Dans le sens rue Debrousse vers rue Gaston \nde Saint-Paul : voie r\u00e9serv\u00e9e \u00e0 droite dans la \nvoie de circulation g\u00e9n\u00e9rale. \nPuis dans le sens rue Gaston de Saint-Paul \nvers n\u00b046 : voie r\u00e9serv\u00e9e dans le couloir de \nbus. \nAvenue Albert de \nMun avenue de New \nYork Avenue du Pr\u00e9sident \nWilson Dans le sens de l'avenue de New York vers \nl'avenue d'I\u00e9na : voie r\u00e9serv\u00e9e dans la voie \nde circulation g\u00e9n\u00e9rale. \nAvenue Rapp Place de la \nR\u00e9sistance Avenue de la \nBourdonnais Une voie r\u00e9serv\u00e9e \u00e0 droite dans la voie de \ncirculation g\u00e9n\u00e9rale. \nAvenue Emile \nDeschanel Avenue Fr\u00e9d\u00e9ric \nle Play Avenue Barbey \nd'Aurevilly Une voie r\u00e9serv\u00e9e dans la voie de circulation \ng\u00e9n\u00e9rale avec inversion du sens de \ncirculation. \nAvenue Fr\u00e9d\u00e9ric le \nPlay Place Joffre Avenue Emile \nDeschanel Une voie r\u00e9serv\u00e9e dans la voie de circulation \ng\u00e9n\u00e9rale avec inversion du sens de \ncirculation. \nAvenue Bosquet Place de l'Ecole \nMilitaire Place de la R\u00e9sistance  Une voie r\u00e9serv\u00e9e \u00e0 droite dans la voie de \ncirculation g\u00e9n\u00e9rale. \nAvenue Barbey \nd'Aurevilly Avenue Emile \nDeschanel Avenue Joseph \nBouvard Une voie r\u00e9serv\u00e9e dans la voie de circulation \ng\u00e9n\u00e9rale avec inversion du sens de \ncirculation. \nPlace de la \nR\u00e9sistance     Une voie r\u00e9serv\u00e9e \u00e0 droite dans la voie de \ncirculation g\u00e9n\u00e9rale. \nPlace de l'Ecole \nMilitaire     Dans le sens de l'avenue de la Bourdonnais \nvers l'avenue Bosquet  : Une voie r\u00e9serv\u00e9e \u00e0 \ngauche dans la voie de circulation g\u00e9n\u00e9rale. \nRue de Belgrade Avenue de la \nBourdonnais Avenue Emile \nDeschanel Une voie r\u00e9serv\u00e9e dans la voie de circulation \ng\u00e9n\u00e9rale. \nPont des Invalides     Dans le sens de la place du Canada vers la \nplace de Finlande : une voie r\u00e9serv\u00e9e dans le \ncouloir de bus. \n \nDans le sens de la place de Finlande vers la \nplace du Canada : une voie r\u00e9serv\u00e9e \u00e0 \ngauche dans la voie de circulation g\u00e9n\u00e9rale. \nRue Fabert Rue de Grenelle Rue Saint-Dominique Une voie r\u00e9serv\u00e9e dans la voie de circulation \ng\u00e9n\u00e9rale avec inversion du sens de \ncirculation. Pr\u00e9fecture de Police - 75-2024-06-28-00016 - Arr\u00eat\u00e9 n\u00b0 2024T14261 portant modification des conditions de circulation des v\u00e9hicules \u00e0\nParis sur les voies d\u00e9finies par le d\u00e9cret n\u00b0 2022-786 du 4 mai 2022 fixant la liste des voies et portions de voie r\u00e9serv\u00e9es \u00e0 certains\nv\u00e9hicules pour les jeux Olympiques et Paralympiques de 202427\n10\n10 \n Avenue de la Motte-\nPiquet Boulevard de la \nTour Maubourg Rue Fabert Dans le sens du boulevard de la Tour \nMaubourg vers la rue Fabert : une voie \nr\u00e9serv\u00e9e dans la voie de circulation g\u00e9n\u00e9rale.  \nRue Saint-Dominique  Rue Fabert Boulevard de la Tour \nMaubourg Une voie r\u00e9serv\u00e9e dans la voie de circulation \ng\u00e9n\u00e9rale. \nAvenue de la Porte \nMolitor place de la Porte \nMolitor Rue Nungesser et Coli Dans le sens du boulevard d'Auteuil vers \nl'avenue du G\u00e9n\u00e9ral Sarrail : une voie \nr\u00e9serv\u00e9e \u00e0 gauche dans la voie de circulation \ng\u00e9n\u00e9rale. \nDe la rue Nungesser et Coli au boulevard \nd'Auteuil : une voie r\u00e9serv\u00e9e dans chaque \nsens dans la voie de circulation g\u00e9n\u00e9rale. \nRue Nungesser et \nColi Boulevard \nd'Auteuil Place de l'Europe Une voie r\u00e9serv\u00e9e dans chaque sens dans la \nvoie de circulation g\u00e9n\u00e9rale. \nAvenue de la Porte \nde Saint-Cloud Avenue \nFerdinand \nBuisson Porte de Saint-Cloud Dans le sens de la bretelle de sortie du \nboulevard p\u00e9riph\u00e9rique ext\u00e9rieur vers le \nnum\u00e9ro 2 : une voie r\u00e9serv\u00e9e \u00e0 droite dans la \nvoie de circulation g\u00e9n\u00e9rale. \n \nDans le sens de la rue du Commandant \nGuilbaud vers la bretelle d'entr\u00e9e du \nboulevard p\u00e9riph\u00e9rique int\u00e9rieur : une voie \nr\u00e9serv\u00e9e \u00e0 gauche dans la voie de circulation \ng\u00e9n\u00e9rale. \nAvenue de la Porte \nd'Auteuil Porte d'Auteuil Carrefour des Anciens \nCombattants  Du carrefour des Anciens Combattants \u00e0 la \nbretelle de sortie du boulevard p\u00e9riph\u00e9rique \next\u00e9rieur : une voie r\u00e9serv\u00e9e dans chaque \nsens dans les voies de circulation g\u00e9n\u00e9rale. \n \nDans la voie de retournement, entre la route \nde Boulogne \u00e0 Passy et le carrefour des \nAnciens Combattants : une voie r\u00e9serv\u00e9e \ndans la voie de circulation g\u00e9n\u00e9rale. \n \nDans le sens de la bretelle de sortie du \nboulevard p\u00e9riph\u00e9rique ext\u00e9rieur vers la \nplace de la Porte d'Auteuil : une voie \nr\u00e9serv\u00e9e \u00e0 droite dans la voie de circulation \ng\u00e9n\u00e9rale. \n \nDans le sens de place de la Porte d'Auteuil \nvers la bretelle d'acc\u00e8s du boulevard \np\u00e9riph\u00e9rique int\u00e9rieur : une voie r\u00e9serv\u00e9e \u00e0 \ndroite dans la voie de circulation g\u00e9n\u00e9rale. \nPlace de la Porte \nd'Auteuil     Dans le sens de l'avenue du G\u00e9n\u00e9ral Sarrail \nvers le boulevard Murat : une voie r\u00e9serv\u00e9e \ndans la voie de circulation g\u00e9n\u00e9rale longeant \nla voie d'arr\u00eat de bus. \n \nDans le sens de l'all\u00e9e des Fortifications vers \nl'avenue de la Porte d'Auteuil : une voie \nr\u00e9serv\u00e9e \u00e0 droite dans la voie de circulation \ng\u00e9n\u00e9rale. \nBoulevard Murat place de la Porte \nd'Auteuil place de la Porte \nMolitor Dans le sens de la place de la Porte d'Auteuil \nvers la place de la Porte Molitor : une voie \nr\u00e9serv\u00e9e \u00e0 droite dans la voie de circulation \ng\u00e9n\u00e9rale. Pr\u00e9fecture de Police - 75-2024-06-28-00016 - Arr\u00eat\u00e9 n\u00b0 2024T14261 portant modification des conditions de circulation des v\u00e9hicules \u00e0\nParis sur les voies d\u00e9finies par le d\u00e9cret n\u00b0 2022-786 du 4 mai 2022 fixant la liste des voies et portions de voie r\u00e9serv\u00e9es \u00e0 certains\nv\u00e9hicules pour les jeux Olympiques et Paralympiques de 202428\n11\n11 \n Place de la Porte \nMolitor     Dans le sens du boulevard Murat vers \nl'avenue du G\u00e9n\u00e9ral Sarrail : une voie \nr\u00e9serv\u00e9e \u00e0 droite dans la voie de circulation \ng\u00e9n\u00e9rale. \nAvenue du G\u00e9n\u00e9ral \nSarrail Place de la \nPorte Molitor Place de la Porte \nd'Auteuil Une voie r\u00e9serv\u00e9e dans le couloir de bus. \n \n Pr\u00e9fecture de Police - 75-2024-06-28-00016 - Arr\u00eat\u00e9 n\u00b0 2024T14261 portant modification des conditions de circulation des v\u00e9hicules \u00e0\nParis sur les voies d\u00e9finies par le d\u00e9cret n\u00b0 2022-786 du 4 mai 2022 fixant la liste des voies et portions de voie r\u00e9serv\u00e9es \u00e0 certains\nv\u00e9hicules pour les jeux Olympiques et Paralympiques de 202429","date":"2024-07-01","first_seen_on":"2024-07-01T16:48:36+00:00","id":"77ac9020c8f266fee8e8d5bd7941136297f6a11a742a34682392e95aebd3eea6","name":"recueil-75-2024-386-recueil-des-actes-administratifs-special du 01.07.2024","pdf_creation_date":"2024-07-01T14:43:00+00:00","pdf_modification_date":null,"timezone":"Europe/Paris","url":"https://www.prefectures-regions.gouv.fr/ile-de-france/irecontenu/telechargement/117965/878703/file/recueil-75-2024-386-recueil-des-actes-administratifs-special%20du%2001.07.2024.pdf"}
