{"administration":"pref01","administration_name":"Pr\u00e9fecture de l\u2019Ain","content":"AIN\nRECUEIL DES ACTES\nADMINISTRATIFS SP\u00c9CIAL\n(NOMINATIFS)\nN\u00b001-2025-447\nPUBLI\u00c9 LE 30 D\u00c9CEMBRE 2025\nSommaire\n01_Pref_Pr\u00e9fecture de l'Ain /\n01-2025-12-29-00005 - 20251223 AP25-511 D\u00e9l\u00e9gation de signature E (7\npages) Page 3\n01-2025-12-29-00006 - 20251223 AP25-512\nSubdelegationSignatureOrdonnancementSecondaire (5 pages) Page 11\n01-2025-12-23-00011 - ARR\u00caT\u00c9 PR\u00c9FECTORAL portant autorisation de\nport d'armes \npour un agent de la police municipale de la communaut\u00e9\n\nde communes Terre Valserh\u00f4ne l'Interco (3 pages) Page 17\n01-2025-12-23-00012 - ARR\u00caT\u00c9 PR\u00c9FECTORAL portant autorisation de\nport d'armes pour un agent de la police municipale des communes de\nBelley, Brens, Magnieu, Massignieu-de-Rives et Virignin (3 pages) Page 21\n2\n01_Pref_Pr\u00e9fecture de l'Ain\n01-2025-12-29-00005\n20251223 AP25-511 D\u00e9l\u00e9gation de signature E\n01_Pref_Pr\u00e9fecture de l'Ain - 01-2025-12-29-00005 - 20251223 AP25-511 D\u00e9l\u00e9gation de signature E 3\nDIRECTION D\u00c9PARTEMENTALE \nDE LA PROTECTION DES POPULATIONS \nArr\u00eat\u00e9 N\u00b0DDPP 01-25-511\nPORTANT SUBDELEGATION DE SIGNATURE \nLe directeur d\u00e9partemental de la protection des populations \nVu le code de la consommation ;\nVu le code de l'environnement, notamment le titre I er du livre IV, les titre Ier, II, IV et V du\nlivre V ; \nVu le code g\u00e9n\u00e9ral des collectivit\u00e9s territoriales, notamment son article L. 2212-2 et son article\nL.2215-1 ;\nVu le code rural et de la p\u00eache maritime notamment son livre II ;\nVu le code de la sant\u00e9 publique ;\nVu le code de la commande publique ; \nVu le code du travail ;\nVu le R\u00e8glement n\u00b0 1069-2009 du 21 octobre 2009 \u00e9tablissant des r\u00e8gles sanitaires applicables\naux sous-produits animaux et produits d\u00e9riv\u00e9s non destin\u00e9s \u00e0 la consommation humaine ;\nVu le d\u00e9cret n\u00b055-771 du 21 mai 1955 relatif aux la its destin\u00e9s \u00e0 la consommation humaine,\nnotamment ses articles 5, 11 et 18 ;\nVu le d\u00e9cret n\u00b0 55-241 du 10 f\u00e9vrier 1955 sur le co mmerce des conserves et semi-conserves\nalimentaires et notamment son article 4 ;\nVu le d\u00e9cret n\u00b064-949 du 9 septembre 1964 portant application de l'article L. 412-1 du code de\nla consommation pour les produits surgel\u00e9s, notamment son article 5 ;\nVu le d\u00e9cret n\u00b082-453 du 28 mai 1982 modifi\u00e9 relatif \u00e0 l'hygi\u00e8ne et \u00e0 la s\u00e9curit\u00e9 du travail, ainsi\nqu'\u00e0 la pr\u00e9vention m\u00e9dicale dans la fonction publique ;\nVu le d\u00e9cret n\u00b091-827 du 29 ao\u00fbt 1991 relatif aux a liments destin\u00e9s \u00e0 une alimentation\nparticuli\u00e8re, notamment son article 8 ;\n01_Pref_Pr\u00e9fecture de l'Ain - 01-2025-12-29-00005 - 20251223 AP25-511 D\u00e9l\u00e9gation de signature E 4\nVu le d\u00e9cret n\u00b0 2019-1594 du 31 d\u00e9cembre 2019 relatif aux emplois de direction de l'Etat ;\nVu le d\u00e9cret n\u00b0 2009-728 du 19 juin 2009 instituant  une mesure d'indemnisation et fixant les\nmodalit\u00e9s particuli\u00e8res de l'estimation des animaux  abattus et des denr\u00e9es et produits\nd\u00e9truits sur ordre de l'administration lors d'une contamination de produits agricoles ;\nVu le d\u00e9cret n\u00b0 2009-1484 du 3 d\u00e9cembre 2009 modifi\u00e9 relatif aux directions d\u00e9partementales\ninterminist\u00e9rielles ;\nVu le d\u00e9cret n\u00b0 2015-510 du 7 mai 2015 portant charte de la d\u00e9concentration ; \nVu le d\u00e9cret du 2 d\u00e9cembre 2025 portant nomination de Monsieur Louis-Xavier THIRODE, en\nqualit\u00e9 de pr\u00e9fet de l'Ain ;\nVu le d\u00e9cret du 02 ao\u00fbt 2023 portant nomination de Madame Virginie GUERIN ROBINET,\nsecr\u00e9taire g\u00e9n\u00e9rale de la pr\u00e9fecture de l'Ain, sous -pr\u00e9fet de l'arrondissement de Bourg-en-\nBresse ;\nVu le d\u00e9cret n\u00b0 2020-1218 du 2 octobre 2020 relatif  aux conditions techniques du transport\ndes denr\u00e9es p\u00e9rissables sous temp\u00e9rature dirig\u00e9e ;\nVu l'arr\u00eat\u00e9 du 21 avril 1954 fixant les conditions d'attribution d'un num\u00e9ro d'immatriculation\naux fromageries ;\nVu l'arr\u00eat\u00e9 du 30 mars 2001 fixant les modalit\u00e9s de  l'estimation des animaux abattus et des\ndenr\u00e9es et produits d\u00e9truits sur ordre de l'administration ;\nVu l'arr\u00eat\u00e9 du 19 juin 2009 fixant les modalit\u00e9s pa rticuli\u00e8res de l'estimation des animaux\nabattus et des denr\u00e9es et produits d\u00e9truits sur ord re de l'administration lors d'une\ncontamination agricole ;\nVu l'arr\u00eat\u00e9 du 31 mars 2011 modifi\u00e9 par arr\u00eat\u00e9 du P remier ministre du 1\ner juillet 2013, portant\nd\u00e9concentration des d\u00e9cisions relatives \u00e0 la situation individuelle des fonctionnaires et agents\nnon titulaires exer\u00e7ant leurs fonctions dans les directions d\u00e9partementales interminist\u00e9rielles ;\nVu l'arr\u00eat\u00e9 du 8 d\u00e9cembre 2011 \u00e9tablissant des r\u00e8gles sanitaires applicables aux sous-produits\nanimaux et produits d\u00e9riv\u00e9s en application du r\u00e8gle ment (CE) n\u00b0 1069/2009 et du r\u00e8glement\n(UE) n\u00b0 142/2011 ;\nVu l'arr\u00eat\u00e9 du 8 octobre 2018 fixant les r\u00e8gles g\u00e9n \u00e9rales de d\u00e9tention d'animaux d'esp\u00e8ces\nnon domestiques ;\nVu l'arr\u00eat\u00e9 pr\u00e9fectoral du 22 d\u00e9cembre 2020 portant  organisation de la direction\nd\u00e9partementale de la protection des populations ;\nVu l'arr\u00eat\u00e9 du Premier ministre et du ministre de l 'Int\u00e9rieur du 26 avril 2024 portant\nnomination de Monsieur Eric KEROURIO, inspecteur g\u00e9 n\u00e9ral de sant\u00e9 publique v\u00e9t\u00e9rinaire,\ndirecteur d\u00e9partemental de la protection et des populations de l'Ain ;\nVu l'arr\u00eat\u00e9 pr\u00e9fectoral du 22/12/2025 portant d\u00e9l\u00e9g ation de signature \u00e0 Monsieur Eric\nKEROURIO, Inspecteur g\u00e9n\u00e9ral de sant\u00e9 publique v\u00e9t\u00e9 rinaire, Directeur d\u00e9partemental de la\nprotection des populations de l'Ain ;\n2\n01_Pref_Pr\u00e9fecture de l'Ain - 01-2025-12-29-00005 - 20251223 AP25-511 D\u00e9l\u00e9gation de signature E 5\nARRETE\nArticle 1  er   :\nFont l'objet de la subd\u00e9l\u00e9gation organis\u00e9e par le p r\u00e9sent arr\u00eat\u00e9 la signature des actes et\nd\u00e9cisions suivantes :\n1- Concernant l'administration g\u00e9n\u00e9rale et la gestion du personnel :\na) En mati\u00e8re de gestion des ressources humaines  \n   :   \n- Les demandes de cong\u00e9, de r\u00e9cup\u00e9ration et de r\u00e9gulation ;\n- Les ordres de mission et demandes de remisage de v\u00e9hicule professionnel ;\nb) En mati\u00e8re budg\u00e9taire et financi\u00e8re :\n- Pour le programme 354 \u00ab Administration g\u00e9n\u00e9rale e t territoriale de l'\u00c9tat \u00bb, les mesures\ng\u00e9n\u00e9rales de programmation budg\u00e9taire des d\u00e9penses non contraintes relevant du centre\nde co\u00fbt \u00ab direction d\u00e9partementale de la protection des populations \u00bb ;\n- Pour le programme 354 \u00ab Administration g\u00e9n\u00e9rale et territoriale de l'\u00c9tat \u00bb, l'engagement\ndes d\u00e9penses non contraintes sup\u00e9rieures \u00e0 la somme de 1500 euros relevant du centre de\nco\u00fbt \u00ab direction d\u00e9partementale de la protection des populations \u00bb.\n2 - Concernant le contentieux p\u00e9nal : \n- Les propositions de transaction p\u00e9nale pr\u00e9vues par l'article L. 205-10 du code rural et de la\np\u00eache maritime ; \n- Les propositions de transaction p\u00e9nale pr\u00e9vues pa r l'article L. 173-12 du code de\nl'environnement.\n3 \u2013 En ce qui concerne les d\u00e9cisions individuelles relatives :\n3. 1. Dispositions g\u00e9n\u00e9rales relatives \u00e0 la r\u00e9glementation v\u00e9t\u00e9rinaire  \n   :   \nTous les actes et d\u00e9cisions individuelles pr\u00e9vus par :\n- Les articles L.201-3 et suivants, L.201-9 et L.201-13, R.201-39 \u00e0 R.201-43 et D.201-44 du code\nrural et de la p\u00eache maritime, en mati\u00e8re de passation de convention de d\u00e9l\u00e9gation dans le\ndomaine animal ;\n- Les articles L.203-1 \u00e0 L.203-11 du code rural et de la p\u00eache maritime, d\u00e9finissant les\nattributions des v\u00e9t\u00e9rinaires sanitaires et des v\u00e9t \u00e9rinaires mandat\u00e9s et leurs textes\nd'application ;\n- L'article L.205-10, relatif \u00e0 la transaction p\u00e9nale et ses textes d'application ;\n- L'article L.206-2 du code rural et de la p\u00eache ma ritime, fixant les mesures en cas de\nconstatations d'un manquement aux dispositions de c ertains articles de ce code et ses\ntextes d'application ;\n- Les mesures en cas de constatation de manquement aux r\u00e8gles d'exercice de la pharmacie,\nde la chirurgie v\u00e9t\u00e9rinaire ou de la m\u00e9decine v\u00e9t\u00e9rinaire en application de l'article L. 206-2 du\ncode rural et de la p\u00eache maritime ;\n- L'article L.236-8 du code rural et de la p\u00eache ma ritime, relatif \u00e0 l'agr\u00e9ment des\n\u00e9tablissements proc\u00e9dant \u00e0 des \u00e9changes communautaires et ses textes d'application.\n3\n01_Pref_Pr\u00e9fecture de l'Ain - 01-2025-12-29-00005 - 20251223 AP25-511 D\u00e9l\u00e9gation de signature E 6\n3. 2. Au bien-\u00eatre et \u00e0 la sant\u00e9 et protection des animaux, \u00e0 la garde et circulation des\nanimaux domestiques et sauvage et aux animaux     dangereux :  \nTous les actes et d\u00e9cisions individuelles pr\u00e9vus par :\n- L'article L.211-11 et suivants du code rural et d e la p\u00eache maritime, relatifs aux animaux\ndangereux et errants et leurs textes d'application ;\n- Les articles L.214-2 et L.214-3 du code rural et de la p\u00eache maritime, relatifs aux\ndispositions g\u00e9n\u00e9rales en mati\u00e8re de protection des animaux et leurs textes d'application ;\n- L'article L.214-6 du code rural et de la p\u00eache ma ritime, relatif aux \u00e9levages, refuges et\nfourri\u00e8res et ses textes d'application ;\n- Les articles L.214-7 du code rural et de la p\u00eache  maritime, relatif aux d\u00e9rogations\nexceptionnelles de vente d'animaux de compagnie et ses textes d'application ;\n- L'article L.214-12 du code rural et de la p\u00eache maritime, relatif \u00e0 l'agr\u00e9ment des personnes\nproc\u00e9dant au transport d'animaux vivants dans un but lucratif et ses textes d'application ;\n- L'article L.214-13 du code rural et de la p\u00eache maritime, relatif aux conditions particuli\u00e8res\nde transport d'animaux vivants ;\n- Les articles L.214-16 et L.214-17 du code rural et de la p\u00eache maritime, relatif aux mesures\nen cas d'insalubrit\u00e9 d'un lieu d'exposition de bestiaux \u00e0 la vente ;\n- Les articles L.221-1-1 du code rural et de la p\u00eache maritime, relatifs aux mesures g\u00e9n\u00e9rales\nde pr\u00e9vention, surveillance et lutte contre les dan gers zoo sanitaires et leurs textes\nd'application ;\n- L'article L.222-2 du code rural et de la p\u00eache ma ritime, relatif au contr\u00f4le sanitaire des\nactivit\u00e9s de reproduction animale et ses textes d'application ;\n- L'article L.223-5 du code rural et de la p\u00eache ma ritime, relatif \u00e0 l'ex\u00e9cution d'office des\nmesures de surveillance, de pr\u00e9vention et de lutte contre les dangers sanitaires de premi\u00e8re\net deuxi\u00e8me cat\u00e9gorie ;\n- Les articles L.223-6-1, L.223-6-2, et L.223-8 du code rural et de la p\u00eache maritime, relatifs\naux mesures en cas de maladies r\u00e9put\u00e9es contagieuses et leurs textes d'application ;\n- Les articles L.223-9 et L.223-10 du code rural et de la p\u00eache maritime, relatifs aux mesures\nde lutte contre la rage et leurs textes d'application ;\n- L'article L.234-1 du code rural et de la p\u00eache ma ritime, relatif \u00e0 l'immatriculation des\n\u00e9levages et ses textes d'application ;\n- Les articles L.235-1 et L.235-2 du code rural et de la p\u00eache maritime, relatifs \u00e0\nl'alimentation animale et leurs textes d'application ;\n- L'arr\u00eat\u00e9 minist\u00e9riel du 22 mars 1985 relatif \u00e0 la pr\u00e9vention de certaines maladies r\u00e9put\u00e9es\ncontagieuses des animaux en ce qui concerne l'alimentation animale.\n3. 3. Hygi\u00e8ne et s\u00e9curit\u00e9 sanitaire des aliments  \n   :   \nTous les actes et d\u00e9cisions individuelles pr\u00e9vus par :\n- Le r\u00e8glement (CE) n\u00b0 178-2002 du parlement europ\u00e9 en et du conseil du 28 janvier 2002\n\u00e9tablissant les principes g\u00e9n\u00e9raux et les prescript ions g\u00e9n\u00e9rales de la l\u00e9gislation\nalimentaire, instituant l'autorit\u00e9 europ\u00e9enne de s\u00e9curit\u00e9 sanitaire des aliments et fixant des\nproc\u00e9dures relatives \u00e0 la s\u00e9curit\u00e9 des denr\u00e9es alimentaires ;\n- Le r\u00e8glement (CE) n\u00b0 852/2004 du parlement europ\u00e9 en et du conseil du 29 avril 2004\nrelatif \u00e0 l'hygi\u00e8ne des denr\u00e9es alimentaires ;\n4\n01_Pref_Pr\u00e9fecture de l'Ain - 01-2025-12-29-00005 - 20251223 AP25-511 D\u00e9l\u00e9gation de signature E 7\n- Le r\u00e8glement (CE) n\u00b0 853/2004 du parlement europ\u00e9 en et du conseil du 29 avril 2004\nfixant des r\u00e8gles sp\u00e9cifiques d'hygi\u00e8ne applicables  aux denr\u00e9es alimentaires d'origine\nanimale ;\n- Le r\u00e8glement(CE) n\u00b0 854/2004 du Parlement europ\u00e9e n et du Conseil du 29 avril 2004\nfixant les r\u00e8gles sp\u00e9cifiques d'organisation des co ntr\u00f4les officiels concernant les produits\nd'origine animale destin\u00e9s \u00e0 la consommation humaine ;\n- L'article L.230-5 du code rural et de la p\u00eache ma ritime, relatif \u00e0 la qualit\u00e9 nutritionnelle\ndes repas servis en restauration collective et ses textes d'application ;\n- L'article L.232-1 du code rural et de la p\u00eache ma ritime, relatif \u00e0 la d\u00e9cision de\nconsignation, de retrait ou de rappel de produits ;\n- L'article L.233-1 du code rural et de la p\u00eache ma ritime, relatif \u00e0 la fermeture\nd'\u00e9tablissement ou l'arr\u00eat de certaines activit\u00e9s ;\n- L'article L.233-2 du code rural et de la p\u00eache maritime, relatif \u00e0 l'agr\u00e9ment sanitaire et ses\ntextes d'application ;\n- L'article D.233-14 du code rural et de la p\u00eache maritime (cat\u00e9gorisation des abattoirs) ;\n3. 4. Protection de la faune sauvage captive  \n   :   \nTous les actes et d\u00e9cisions individuelles pr\u00e9vus pa r le livre IV, titre Ier, chapitre I et III du\ncode de l'environnement concernant la d\u00e9tention d'a nimaux d'esp\u00e8ces non domestiques\net leurs arr\u00eat\u00e9s d'application.\n3. 5. \u00c9limination des cadavres d'animaux et des d\u00e9chets d'origine animale  \n   :   \nTous les actes et d\u00e9cisions individuelles pr\u00e9vus pa r les articles L.226-1 \u00e0 L.226-9 du code\nrural et de la p\u00eache maritime, relatifs \u00e0 la gestion des sous-produits animaux et leurs textes\nd'application.\n3.6. Inspection des installations class\u00e9es pour la protection de l'environnement exer\u00e7ant\ndes activit\u00e9s agricoles et agroalimentaires     :   \nToutes les d\u00e9cisions individuelles pr\u00e9vues par le t itre Ier du livre V du code de\nl'environnement, \u00e0 l'exception des d\u00e9cisions d'autorisation ou de suspension d'installations\nclass\u00e9es ainsi que toutes les d\u00e9cisions ou actes n\u00e9cessaires \u00e0 la mise en \u0153uvre de l'enqu\u00eate\npublique.\n3. 7 . Produits chimiques et biocides  \n   :   \nLa mise en demeure du fabricant ou importateur ou u tilisateur industriel ou professionnel\ndes substances, m\u00e9langes, articles, produits ou \u00e9quipements pour satisfaire aux obligations\ndu chapitre 1er ou du chapitre 2 du Titre II du Livre V du code de l'environnement ;\nLes sanctions administratives en cas de non-respect  de la mise en demeure mentionn\u00e9e \u00e0\nl'alin\u00e9a pr\u00e9c\u00e9dent.\n3. 8. Contr\u00f4le des \u00e9changes intracommunautaires et avec les pays tiers des animaux et des\naliments et la certification de leur qualit\u00e9 sanitaire     :   \nToutes les d\u00e9cisions individuelles pr\u00e9vues par les articles L.236-1, L.236-2 et L.236-8 du code\nrural et de la p\u00eache maritime, sur l'agr\u00e9ment des o p\u00e9rateurs et de leurs installations et\nleurs arr\u00eat\u00e9s d'application.\n5\n01_Pref_Pr\u00e9fecture de l'Ain - 01-2025-12-29-00005 - 20251223 AP25-511 D\u00e9l\u00e9gation de signature E 8\n3. 9. Consommation et r\u00e9pression des fraudes     :   \nTous les actes et d\u00e9cisions individuelles pr\u00e9vues par l'article L.521-3 et par l'article L. 521-3-1\ndu code de la consommation relatifs aux r\u00e9quisitions num\u00e9riques visant \u00e0 ordonner :\naux fournisseurs de plateformes, de moteurs de rech erche, ou de comparateurs en ligne\nl'affichage d'un message avertissant les consommate urs du risque de pr\u00e9judice encouru ;\nou leur ordonnant de prendre toute mesure utile destin\u00e9e \u00e0 faire cesser leur r\u00e9f\u00e9rencement\nou \u00e0 en limiter l'acc\u00e8s.\nAux op\u00e9rateurs de registre ou aux bureaux d'enregistrement de domaines de prendre une\nmesure de blocage d'un nom de domaine, ou de suppre ssion ou de transfert du nom de\ndomaine \u00e0 l'autorit\u00e9 comp\u00e9tente.\nTous les actes et d\u00e9cisions individuelles pr\u00e9vues par les articles L.521-5 \u00e0 L.521-23 du code\nde la consommation relatifs :\n- \u00c0 la fermeture d'\u00e9tablissement ou \u00e0 l'arr\u00eat de certaines activit\u00e9s ;\n- Aux produits pr\u00e9sentant ou susceptibles de pr\u00e9senter un danger pour la sant\u00e9 publique ;\n- Aux produits non conformes ;\n- \u00c0 toute mesure d'urgence allant jusqu'\u00e0 la suspen sion, en cas de danger grave ou\nimm\u00e9diat li\u00e9 \u00e0 une prestation de service ;\n- Les sanctions administratives en cas de manquements portant sur l'affichage des prix des\nprofessionnels de sant\u00e9 pr\u00e9vues par l'article R.1111-25 du code de la sant\u00e9 publique ;\n- Les sanctions administratives portant sur les frais de pr\u00e9l\u00e8vement, de transport, d'analyse\nou d'essai en application de l'article L. 531-6 du code de la consommation.\nArticle 2\n :\nEn cas d'absence ou d'emp\u00eachement simultan\u00e9 de Mons ieur Eric KEROURIO, Directeur\nd\u00e9partemental de la Direction D\u00e9partementale de la Protection des Populations de l'Ain,\net de Madame Marie-Madeleine RICHER, cheffe de serv ice protection de l'environnement\net appui transversal aux m\u00e9tiers, directrice d\u00e9part ementale adjointe par int\u00e9rim de la\nprotection des populations de l'Ain, subd\u00e9l\u00e9gation de signature est donn\u00e9e \u00e0 :\n- Mme Catherine SIMON, cheffe du service \u00ab s\u00e9curit\u00e9 e t qualit\u00e9 sanitaires de\nl'alimentation \u00bb, Mme St\u00e9phanie GIRAUD, adjointe \u00e0 la cheffe de ce s ervice et M.\nPascal LORIOT Coordinateur des abattoirs, \u00e0 l'effet de signer les d\u00e9cisions relevant de\nce service mentionn\u00e9es \u00e0 l'article 1er, \u00a71 a), 3.1, 3.2, 3.3 et 3.8 ;\n- Mme Marie-Laure CHEVALIER, cheffe du service \u00ab sant\u00e9 et protection animales \u00bb et M.\nJulien PROST, adjoint \u00e0 la cheffe de ce service \u00e0 l'effet de signer les d\u00e9cisions relevant\nde ce service mentionn\u00e9es \u00e0 l'article 1er, \u00a71 a), 3.1, 3.2, 3.4, 3.5 et 3.8 ;\n- Mme Marie-Madeleine RICHER, cheffe du service \u00ab pro tection de l'environnement et\nappui transversal aux m\u00e9tiers \u00bb, \u00e0 l'effet de signer les d\u00e9cisions relevant de ce service\nmentionn\u00e9es \u00e0 l'article 1er, \u00a7 a) et b), 3.4, 3.5, 3.6 et 3.7.\n6\n01_Pref_Pr\u00e9fecture de l'Ain - 01-2025-12-29-00005 - 20251223 AP25-511 D\u00e9l\u00e9gation de signature E 9\n- Mme C\u00e9cile BRUNET, cheffe du service \u00ab  Concurrence, consommation et r\u00e9pression\ndes fraudes \u00bb \u00e0 l'effet de signer les d\u00e9cisions relevant de ce service mentionn\u00e9es \u00e0\nl'article 1er, \u00a7 a), 3.3, 3.7, et 3.9.\nArticle 3 :\nSont exclues de la subd\u00e9l\u00e9gation : \n- les circulaires aux maires ;\n- toutes correspondances adress\u00e9es aux cabinets minist\u00e9riels ainsi que celles adress\u00e9es\naux administrations centrales et qui sont relatives  aux programmes d'\u00e9quipement et\n\u00e0 leur financement,\n- toutes correspondances adress\u00e9es aux pr\u00e9sidents des  assembl\u00e9es r\u00e9gionales et\nd\u00e9partementales, ainsi que les r\u00e9ponses aux interve ntions des parlementaires et des\nconseillers g\u00e9n\u00e9raux lorsqu'elles portent sur des comp\u00e9tences relevant de l'Etat.\nArticle 4 : \nL'arr\u00eat\u00e9 N\u00b0DDPP  01-25-030  du  28  janvier  2025 portant subd\u00e9l\u00e9gation de signature,\nsusvis\u00e9, est abrog\u00e9.\nArticle 5     :\nLe pr\u00e9sent arr\u00eat\u00e9 peut faire l'objet, dans le d\u00e9lai de deux mois \u00e0 compter de sa publication au\nrecueil des actes administratifs de la pr\u00e9fecture de l'Ain, d'un recours contentieux adress\u00e9 au\ntribunal administratif de Lyon (184, rue Duguesclin  \u2013 69433 Lyon cedex 3) ou par voie\nd\u00e9mat\u00e9rialis\u00e9e sur le site www.telerecours.fr.\nArticle 6 :\nLe directeur d\u00e9partemental de la protection des pop ulations de l'Ain est charg\u00e9 de\nl'application du pr\u00e9sent arr\u00eat\u00e9, qui sera communiqu\u00e9 \u00e0 Monsieur le Pr\u00e9fet et publi\u00e9 au recueil\ndes actes administratifs de la pr\u00e9fecture de l'Ain.\nFait \u00e0 Bourg-en-Bresse, le 29 d\u00e9cembre 2025\nLe directeur d\u00e9partemental\nde la protection des populations \nSign\u00e9\nEric KEROURIO\n7\n01_Pref_Pr\u00e9fecture de l'Ain - 01-2025-12-29-00005 - 20251223 AP25-511 D\u00e9l\u00e9gation de signature E 10\n01_Pref_Pr\u00e9fecture de l'Ain\n01-2025-12-29-00006\n20251223 AP25-512\nSubdelegationSignatureOrdonnancementSecon\ndaire\n01_Pref_Pr\u00e9fecture de l'Ain - 01-2025-12-29-00006 - 20251223 AP25-512 SubdelegationSignatureOrdonnancementSecondaire 11\nDIRECTION D\u00c9PARTEMENTALE \nDE LA PROTECTION DES POPULATIONS  \nARR\u00caT\u00c9 PR\u00c9FECTORAL N\u00b0DDPP01-25-512\nPORTANT SUBD\u00c9L\u00c9GATION DE SIGNATURE\nen mati\u00e8re d'ordonnancement secondaire des recettes et des d\u00e9penses \net pour l'exercice des attributions d\u00e9volues au pouvoir adjudicateur \nLe directeur d\u00e9partemental de la protection des populations\nVU le code de la commande publique ;\nVU la loi n\u00b0 2020-1721 du 29 d\u00e9cembre 2020 de finances pour 2021 ; \nVU la loi organique n\u00b0 2001-692 relative aux lois de finances ;\nVU la loi n\u00b0 92-125 du 06 f\u00e9vrier 1992 relative \u00e0 l'administration territoriale de la R\u00e9publique ;\nVU la loi n\u00b0 82-213 du 2 mars 1982 relative aux dro its et libert\u00e9s des communes, des\nd\u00e9partements et des r\u00e9gions, modifi\u00e9e ;\nVU le d\u00e9cret n\u00b0 97-34 du 15 janvier 1997 relatif \u00e0 la d\u00e9concentration des d\u00e9cisions administra-\ntives individuelles ; \nVU le d\u00e9cret n\u00b0 2004-374 du 29 avril 2004 modifi\u00e9 r elatif aux pouvoirs des pr\u00e9fets, \u00e0\nl'organisation et \u00e0 l'action des services de l'Etat dans les r\u00e9gions et les d\u00e9partements ;\nVU  le  d\u00e9cret  n\u00b02009-1484  du  3  d\u00e9cembre  2009  modifi\u00e9 ,  relatif  aux  directions\nd\u00e9partementales interminist\u00e9rielles ;\nVU le d\u00e9cret n\u00b02012-1246 du 7 novembre 2012 relatif  \u00e0 la gestion budg\u00e9taire et comptable\npublique ;\nVU le d\u00e9cret n\u00b0 2015-510 du 7 mai 2015 portant charte de la d\u00e9concentration ; \nVU le d\u00e9cret n\u00b0 2019-1594 du 31 d\u00e9cembre 2019 relatif aux emplois de direction de l'Etat ;\n01_Pref_Pr\u00e9fecture de l'Ain - 01-2025-12-29-00006 - 20251223 AP25-512 SubdelegationSignatureOrdonnancementSecondaire 12\nVu le d\u00e9cret du 2 d\u00e9cembre 2025portant nomination d e Monsieur Louis-Xavier THIRODE, en\nqualit\u00e9 de pr\u00e9fet de l'Ain ;\nVU le d\u00e9cret du 02 ao\u00fbt 2023 portant nomination de Madame Virginie GUERIN-ROBINET,\nsecr\u00e9taire G\u00e9n\u00e9rale de la pr\u00e9fecture de l'Ain, sous -pr\u00e9f\u00e8te de l'arrondissement de Bourg-en-\nBresse ;\nVU l'arr\u00eat\u00e9 interminist\u00e9riel du 2 mai 2002 portant r\u00e8glement de comptabilit\u00e9 publique du\nminist\u00e8re de l'agriculture et de la p\u00eache pour la d \u00e9signation des ordonnateurs secondaires et\nde leurs d\u00e9l\u00e9gu\u00e9s ;\nVU l'arr\u00eat\u00e9 du 31 mars 2011 modifi\u00e9 par arr\u00eat\u00e9 du P remier ministre du 1\ner juillet 2013, portant\nd\u00e9concentration des d\u00e9cisions relatives \u00e0 la situation individuelle des fonctionnaires et agents\nnon titulaires exer\u00e7ant leurs fonctions dans les directions d\u00e9partementales interminist\u00e9rielles ;\nVU l'arr\u00eat\u00e9 du Premier ministre et du ministre de l 'Int\u00e9rieur du 26 avril 2024 portant\nnomination de Monsieur Eric KEROURIO, inspecteur g\u00e9 n\u00e9ral de sant\u00e9 publique v\u00e9t\u00e9rinaire,\ndirecteur d\u00e9partemental de la protection et des populations de l'Ain ;\nVU la circulaire n\u00b0 6104-SG du 2 ao\u00fbt 2019 relative \u00e0 la constitution des secr\u00e9tariats g\u00e9n\u00e9raux\ncommuns aux pr\u00e9fectures et aux directions d\u00e9partementales interminist\u00e9rielles ; \nVU la circulaire du 12 juin 2019 relative \u00e0 la mise  en \u0153uvre de l'organisation territoriale de\nl'\u00c9tat ; \nVU l'arr\u00eat\u00e9 pr\u00e9fectoral du 15 d\u00e9cembre 2020 portant  cr\u00e9ation et organisation du secr\u00e9tariat\ng\u00e9n\u00e9ral commun \u00e0 la pr\u00e9fecture et aux directions d\u00e9 partementales interminist\u00e9rielles de\nl'Ain ; \nVU  l'arr\u00eat\u00e9  pr\u00e9fectoral  du  22  d\u00e9cembre  2020  portant organisation  de  la  direction\nd\u00e9partementale de la protection des populations ;\nVU l'arr\u00eat\u00e9 pr\u00e9fectoral\n du 22 d\u00e9cembre 2025 portant d\u00e9l\u00e9gation de signature \u00e0 Monsieur Eric\nKEROURIO, Inspecteur g\u00e9n\u00e9ral de sant\u00e9 publique v\u00e9t\u00e9 rinaire, Directeur d\u00e9partemental de la\nprotection des populations de l'Ain, pour l'ordonna ncement secondaire des recettes et des\nd\u00e9penses et pour l'exercice des attributions d\u00e9volues au pouvoir adjudicateur ;\n01_Pref_Pr\u00e9fecture de l'Ain - 01-2025-12-29-00006 - 20251223 AP25-512 SubdelegationSignatureOrdonnancementSecondaire 13\nARRETE\nArticle 1  er   :\nEn cas d'absence ou d'emp\u00eachement de Monsieur Eric KEROURIO, Directeur d\u00e9partemental\nde la Direction D\u00e9partementale de la Protection des  Populations de l'Ain,  subd\u00e9l\u00e9gation de\nsignature est donn\u00e9e \u00e0 Madame Marie-Madeleine RICHE R, cheffe du service \u00ab Protection de\nl'environnement et appui transversal aux m\u00e9tiers \u00bb, \n\u00e0 effet de signer dans les conditions fix\u00e9es par le s arr\u00eat\u00e9s pr\u00e9fectoraux de d\u00e9l\u00e9gation, tout\nacte juridique (commande, contrat, convention, bail , march\u00e9...) relatif aux biens et services\nn\u00e9cessaires \u00e0 l'exercice des missions et au fonctionnement de la Direction d\u00e9partementale de\nla protection des populations et aux travaux d'am\u00e9n agement et d'entretien des biens immo-\nbiliers, et toute pi\u00e8ce relative \u00e0 l'ordonnancement  secondaire des recettes et des d\u00e9penses\nde l'Etat, imput\u00e9es sur les budgets suivants :\n Programme 134 : \"d\u00e9veloppement des entreprises et des services\" :\n action 24 : r\u00e9gulation concurrentielle des march\u00e9s, protection \u00e9conomique et s\u00e9-\ncurit\u00e9 du consommateur\n Programme 181: ''pr\u00e9vention des risques''\n Programme 206 : \"s\u00e9curit\u00e9 et qualit\u00e9 sanitaires de l'alimentation\" :\n action 2 : lutte contre les maladies animales et protection des animaux,\n action 3 : pr\u00e9vention et gestion des risques sanita ires li\u00e9s aux denr\u00e9es alimen-\ntaires,\n action 5 : \u00e9limination des farines et co-produits animaux,\n action 6 : mise en \u0153uvre de la politique de s\u00e9curit \u00e9 et de qualit\u00e9 sanitaire de\nl'alimentation.\n Programme 354 : (\u00ab Administration g\u00e9n\u00e9rale et territoriale de l'\u00c9tat \u00bb), dans la limite des\ncr\u00e9dits d\u00e9di\u00e9s au centre de co\u00fbts\n Programme 382 : (\u00ab Lutte contre la maltraitance animale \u00bb) : Sous-action 1 : soutien aux\nassociations de protection animale et des refuges)\n Programme 723 : \u00ab gestion du patrimoine immobilier de l'Etat \u00bb dans la limite des cr\u00e9-\ndits d\u00e9di\u00e9s au centre de co\u00fbts.\nCette subd\u00e9l\u00e9gation porte sur la d\u00e9cision de d\u00e9pense et de recette, et la constatation du ser-\nvice fait relevant de son centre de co\u00fbt.\nArticle 2  \n       :\nSubd\u00e9l\u00e9gation est donn\u00e9e \u00e0 Madame Marie-Madeleine R ICHER, cheffe du service \u00ab  Protec-\ntion de l'environnement et appui transversal aux m\u00e9tiers \u00bb,\n\u00e0 effet de signer les march\u00e9s publics et tous les a ctes d\u00e9volus au pouvoir adjudicateur par\nle code des march\u00e9s publics et le cahier des clause s administratives g\u00e9n\u00e9rales pass\u00e9es dans\nle cadre des missions qui leur sont attribu\u00e9es et pour les affaires relevant de la Direction D\u00e9-\npartementale de la Protection des Populations de l'Ain.\nEst exclue de cette subd\u00e9l\u00e9gation la signature des actes d'engagement des march\u00e9s sup\u00e9-\nrieurs \u00e0 100 000 \u20ac Hors Taxes.\n01_Pref_Pr\u00e9fecture de l'Ain - 01-2025-12-29-00006 - 20251223 AP25-512 SubdelegationSignatureOrdonnancementSecondaire 14\nArticle         3          :\nSont exclus de la subd\u00e9l\u00e9gation quel qu'en soit le montant : \n les ordres de r\u00e9quisition du comptable public,\n la signature des d\u00e9cisions de passer outre aux refu s de visa du contr\u00f4leur financier lo-\ncal ainsi que la saisine pr\u00e9alable des minist\u00e8res comp\u00e9tents mentionn\u00e9s \u00e0 l'article 1\u00b0' en\nvue de cette proc\u00e9dure,\n les arr\u00eat\u00e9s et les d\u00e9cisions attributives de subvention sup\u00e9rieurs \u00e0 23 000 \u20ac.\nArticle 4  :\nD\u00e9l\u00e9gation  est  donn\u00e9e  \u00e0  Mmes  Nathalie  CALIGNY  et  S\u00e9verine  MONIN, assistantes\ncomptables au sein du service \u00ab Protection de l'env ironnement et Appui transversal aux\nm\u00e9tiers \u00bb, pour valider les engagements juridiques,  les constatations et certifications de\nservices faits et les paiements dans les outils inf ormatiques chorus, chorus-formulaires et\nchorus-DT relevant des services de la Direction D\u00e9p artementale de la protection des\npopulations de l'Ain (BOP 134, 181, 206, 382), ains i qu'\u00e0 Nathalie LADYS,  titulaire au sein du\nservice Sant\u00e9 et Protection Animales, pour effectue r les demandes de paiement dans\nCHORUS Formulaires.\nArticle 5  \n   :   \nLa d\u00e9signation de porteurs de cartes d'achats par l'ordonnateur secondaire ou son d\u00e9l\u00e9gataire\nvaut autorisation pour celui-ci d'engager le servic e dans les conditions fix\u00e9es par le\nparam\u00e9trage de la carte.\nD\u00e9l\u00e9gation est donn\u00e9e aux autres agents list\u00e9s ci-apr\u00e8s pour la constatation et la certification\ndes services faits concernant leur service.\nService Agents\nSPA Marie-Laure CHEVALIER\nJulien PROST\nPascal MASSON\nViviane PUTET\nMohamed HAJIJ\nHerv\u00e9 NIGIL\nSQSA Catherine SIMON\nPascal LORIOT\nSt\u00e9phanie GIRAUD\nAur\u00e9lie VERNOUX\nCCRF C\u00e9cile BRUNET\nArticle 6     :   \nLes dispositions ant\u00e9rieures au pr\u00e9sent arr\u00eat\u00e9 sont abrog\u00e9es.\n01_Pref_Pr\u00e9fecture de l'Ain - 01-2025-12-29-00006 - 20251223 AP25-512 SubdelegationSignatureOrdonnancementSecondaire 15\nArticle 7     :   \nLe pr\u00e9sent arr\u00eat\u00e9 peut faire l'objet d'un recours devant le tribunal administratif de Lyon dans\nun d\u00e9lai de deux mois \u00e0 compter de sa publication, conform\u00e9ment \u00e0 l'article R. 421-1 du code\nde justice administrative, ou de mani\u00e8re d\u00e9mat\u00e9rialis\u00e9e via le site citoyens.telerecours.fr selon\nl'article R. 414-6 du code de justice administrative. \nArticle 8     :   \nLe directeur d\u00e9partemental de la protection des populations de l'Ain est charg\u00e9 de l'ex\u00e9cu-\ntion de la pr\u00e9sente subd\u00e9l\u00e9gation qui sera communiq u\u00e9e \u00e0 Madame la Secr\u00e9taire G\u00e9-\nn\u00e9rale de la pr\u00e9fecture, \u00e0 Monsieur le directeur r\u00e9 gional des finances publiques et\nqui sera publi\u00e9e au recueil des actes administratifs.    \nFait \u00e0 Bourg-en-Bresse, le 29 d\u00e9cembre 2025\nLe directeur d\u00e9partemental\nde la protection des populations\nSign\u00e9\nEric KEROURIO\n01_Pref_Pr\u00e9fecture de l'Ain - 01-2025-12-29-00006 - 20251223 AP25-512 SubdelegationSignatureOrdonnancementSecondaire 16\n01_Pref_Pr\u00e9fecture de l'Ain\n01-2025-12-23-00011\nARR\u00caT\u00c9 PR\u00c9FECTORAL portant autorisation de\nport d'armes \npour un agent de la police municipale de la\ncommunaut\u00e9 \nde communes Terre Valserh\u00f4ne l'Interco\n01_Pref_Pr\u00e9fecture de l'Ain - 01-2025-12-23-00011 - ARR\u00caT\u00c9 PR\u00c9FECTORAL portant autorisation de port d'armes \npour un agent de la police municipale de la communaut\u00e9 \nde communes Terre Valserh\u00f4ne l'Interco\n17\n| =PREFETDE VAINLibert\u00e9Egalit\u00e9Fraternit\u00e9\nBureau des Polices AdministrativesPolices Municipales45 avenue Alsace Lorraine - 01012 Bourg-en-Bresse Cedex04.74.32.30.00\u00a9 pref-polices-municipales@ain.gouv.fr\nCabinet du pr\u00e9fet\nDirection des s\u00e9curit\u00e9s\nBureau des polices administratives - CV\n \nARR\u00caT\u00c9 PR\u00c9FECTORAL portant autorisation de port d'armes \npour un agent de la police municipale de la communaut\u00e9 \nde communes Terre Valserh\u00f4ne l'Interco\nLe pr\u00e9fet,\nVu le code g\u00e9n\u00e9ral des collectivit\u00e9s territoriales, et notamment ses articles R. 2212-1, R.\n2212-2 et R. 2212-11 ;\nVu le code de la s\u00e9curit\u00e9 int\u00e9rieure et notamment ses articles L. 511-5, L. 512-1, L. 512-4, L.\n512-5 et R. 511-11 \u00e0 R. 511-29 et R. 515-9 ;\nVu le d\u00e9cret n\u00b0 2013-723 du 12 ao\u00fbt 2013 de coordination pris en application du d\u00e9cret n\u00b0\n2013-700 du 30 juillet 2013 modifi\u00e9 portant application de la loi n\u00b0 2012-304 du 6 mars\n2012 relative \u00e0 l'\u00e9tablissement d'un contr\u00f4le des armes moderne, simplifi\u00e9 et pr\u00e9ventif ;\nVu l'arr\u00eat\u00e9 du ministre de l'Int\u00e9rieur du 3 ao\u00fbt 2007 modifi\u00e9 relatif aux formations, \u00e0\nl'armement  des  agents  de  police  municipale  et  au  certificat  de  moniteur  de  police\nmunicipale en maniement des armes ;\nVu  l'arr\u00eat\u00e9  pr\u00e9fectoral  autorisant  la  commune  de  communaut\u00e9  de  communes  Terre\nValserh\u00f4ne Interco \u00e0 acqu\u00e9rir, \u00e0 d\u00e9tenir et \u00e0 conserver des armes de cat\u00e9gories B, C et D ;\nVu l'arr\u00eat\u00e9 pris par la pr\u00e9fecture du Val d'Oise, le 5 septembre 2022, portant agr\u00e9ment en\nqualit\u00e9 d'agent de police municipale de M. Nassim SAHLI ;\nVu l'arr\u00eat\u00e9 municipal du 25 ao\u00fbt  2025, portant recrutement de l'int\u00e9ress\u00e9 en qualit\u00e9 de\npolicier municipal ; \nVu  l'agr\u00e9ment d\u00e9livr\u00e9 le  29 novembre 2022  par le procureur de la R\u00e9publique pr\u00e8s le\ntribunal judiciaire de Pontoise ;\nVu la prestation de serment effectu\u00e9e devant la pr\u00e9sidente du tribunal de proximit\u00e9 de\nMontmorency le 07 f\u00e9vrier 2023 ;\n \n01_Pref_Pr\u00e9fecture de l'Ain - 01-2025-12-23-00011 - ARR\u00caT\u00c9 PR\u00c9FECTORAL portant autorisation de port d'armes \npour un agent de la police municipale de la communaut\u00e9 \nde communes Terre Valserh\u00f4ne l'Interco\n18\nVu la  demande  conjointe  des  maires  des  communes  composant  la  communaut\u00e9  de\ncommunes Terre Valserh\u00f4ne l'Interco du 17 octobre 2025 sollicitant l'autorisation de port\nd'armes pour M. Nassim SAHLI ;\nVu la convention de coordination conclue le  06 mars  2023  entre  la communaut\u00e9 de\ncommunes Terre Valserh\u00f4ne l'Interco  et les services de s\u00e9curit\u00e9 de l'\u00c9tat conform\u00e9ment\naux dispositions de l'article L. 512-4 du code de la s\u00e9curit\u00e9 int\u00e9rieure \nVu les attestations de formation d\u00e9livr\u00e9es par le centre national de la fonction publique\nterritoriale  attestant  que  les  formations  pr\u00e9alables  n\u00e9cessaires  \u00e0  l'armement  ont  \u00e9t\u00e9\nsuivies ;\nVu le  certificat  m\u00e9dical  d\u00e9livr\u00e9  le  16  octobre  2025  par  le  docteur  Pierre-Antoine\nMOGENET en application de l'article R.511-18 du code de la s\u00e9curit\u00e9 int\u00e9rieure, attestant\nque l'\u00e9tat de sant\u00e9 physique et psychique de l'int\u00e9ress\u00e9 n'est pas incompatible avec le\nport d'une arme ;\nConsid\u00e9rant que M.Nassim SAHLI remplit les conditions requises pour \u00eatre arm\u00e9 ;\nConsid\u00e9rant que la nature des missions qui lui sont confi\u00e9es justifie le port d'armes ; \nSur proposition de Mme la directrice de cabinet du pr\u00e9fet de l'Ain,\nARR\u00caTE\nArticle 1er :  M. Nassim SAHLI, n\u00e9 le 11 juillet 1986 \u00e0 Harbil, est autoris\u00e9 \u00e0 porter dans le\ncadre de ses missions, les armes suivantes :\nCATEGORIE B\n- Arme de poing chambr\u00e9e pour le calibre 9 x 19 \nCATEGORIE C\n- Lanceur de balle de d\u00e9fense\nCATEGORIE D\n- G\u00e9n\u00e9rateur d'a\u00e9rosols incapacitants ou lacrymog\u00e8nes d'une capacit\u00e9 inf\u00e9rieure ou \u00e9gale\n\u00e0 100 ml\nArticle 2 :  L'agent de police municipale susvis\u00e9 ne peut faire usage des armes dont le port\nlui a \u00e9t\u00e9 autoris\u00e9 et qui lui ont \u00e9t\u00e9 remises par la commune qu'en cas de l\u00e9gitime d\u00e9fense\ndans les conditions pr\u00e9vues \u00e0 l'article 122-5 du code p\u00e9nal. \nArticle 3 : L'agent de police municipale autoris\u00e9 \u00e0 porter les armes mentionn\u00e9es \u00e0 l'article\n1er, les porte de fa\u00e7on continue et apparente, dans les conditions pr\u00e9vues par les articles\nR. 511-1-23 \u00e0 R. 511-29 du code de la s\u00e9curit\u00e9 int\u00e9rieure, prend toutes pr\u00e9cautions de\nnature \u00e0 \u00e9viter leur perte leur vol et les restitue, en fin de service pour que celles-ci soient\n2\n01_Pref_Pr\u00e9fecture de l'Ain - 01-2025-12-23-00011 - ARR\u00caT\u00c9 PR\u00c9FECTORAL portant autorisation de port d'armes \npour un agent de la police municipale de la communaut\u00e9 \nde communes Terre Valserh\u00f4ne l'Interco\n19\nconserv\u00e9es dans le coffre-fort ou l'armoire forte du poste de police municipale de la\ncommune.\nArticle 4 : Le pr\u00e9sent arr\u00eat\u00e9 est notifi\u00e9 \u00e0 l'agent de police municipale int\u00e9ress\u00e9. Il prend\neffet \u00e0 compter de la date de sa notification.\nArticle 5  :  Le pr\u00e9sent arr\u00eat\u00e9 peut faire l'objet d'un recours contentieux, n'ayant pas de\ncaract\u00e8re suspensif, devant le tribunal administratif de Lyon \u2013 184, rue Duguesclin \u2013 69433\nLyon Cedex 03, dans un d\u00e9lai de deux mois \u00e0 compter de la notification du pr\u00e9sent arr\u00eat\u00e9\nou de mani\u00e8re d\u00e9mat\u00e9rialis\u00e9e sur le site citoyens.telerecours.fr.\nArticle 6 : Madame la directrice de cabinet du pr\u00e9fet de l'Ain, Madame la sous-pr\u00e9f\u00e8te de\nNantua,  Monsieur  le  colonel  commandant  le  groupement  de  gendarmerie\nd\u00e9partementale  de l'Ain, Monsieur le pr\u00e9sident de la communaut\u00e9 de communes Terre\nValserh\u00f4ne  l'Interco,  Madame  et  Messieurs  les  maires  des  communes  membres  de  la\ncommunaut\u00e9 de communes Terre Valserh\u00f4ne l'Interco  sont charg\u00e9s, chacun en ce qui le\nconcerne  de  l'ex\u00e9cution  du  pr\u00e9sent  arr\u00eat\u00e9  qui  sera  publi\u00e9  au  recueil  des  actes\nadministratifs de la pr\u00e9fecture de l'Ain.\nFait \u00e0 Bourg-en-Bresse, le 23 d\u00e9cembre 2025\nLe pr\u00e9fet,\nPour le pr\u00e9fet,\nLe directeur de cabinet adjoint, \nDirecteur des s\u00e9curit\u00e9s\nSign\u00e9 : Lamine SADOUDI\n3\n01_Pref_Pr\u00e9fecture de l'Ain - 01-2025-12-23-00011 - ARR\u00caT\u00c9 PR\u00c9FECTORAL portant autorisation de port d'armes \npour un agent de la police municipale de la communaut\u00e9 \nde communes Terre Valserh\u00f4ne l'Interco\n20\n01_Pref_Pr\u00e9fecture de l'Ain\n01-2025-12-23-00012\nARR\u00caT\u00c9 PR\u00c9FECTORAL portant autorisation de\nport d'armes pour un agent de la police\nmunicipale des communes de Belley, Brens,\nMagnieu, Massignieu-de-Rives et Virignin\n01_Pref_Pr\u00e9fecture de l'Ain - 01-2025-12-23-00012 - ARR\u00caT\u00c9 PR\u00c9FECTORAL portant autorisation de port d'armes pour un agent de la\npolice municipale des communes de Belley, Brens, Magnieu, Massignieu-de-Rives et Virignin 21\nPREFETDE L'AINLibert\u00e9Egalit\u00e9Fraternit\u00e9\nBureau des Polices AdministrativesPolices Municipales45 avenue Alsace Lorraine - 01012 Bourg-en-Bresse Cedex04.74.32.30.00\u00a9 pref-polices-municipales@ain.gouv.fr\nCabinet du pr\u00e9fet\nDirection des s\u00e9curit\u00e9s\nBureau des polices administratives - CV\nARR\u00caT\u00c9 PR\u00c9FECTORAL portant autorisation de port d'armes \npour un agent de la police municipale des communes \nde Belley, Brens, Magnieu, Massignieu-de-Rives et Virignin\nLe pr\u00e9fet,\nVu le code g\u00e9n\u00e9ral des collectivit\u00e9s territoriales, et notamment ses articles R. 2212-1, R.\n2212-2 et R. 2212-11 ;\nVu le code de la s\u00e9curit\u00e9 int\u00e9rieure et notamment ses articles L. 511-5, L. 512-1, L. 512-4, L.\n512-5 et R. 511-11 \u00e0 R. 511-29 et R. 515-9 ;\nVu le d\u00e9cret n\u00b0 2013-723 du 12 ao\u00fbt 2013 de coordination pris en application du d\u00e9cret n\u00b0\n2013-700 du 30 juillet 2013 modifi\u00e9 portant application de la loi n\u00b0 2012-304 du 6 mars\n2012 relative \u00e0 l'\u00e9tablissement d'un contr\u00f4le des armes moderne, simplifi\u00e9 et pr\u00e9ventif ;\nVu l'arr\u00eat\u00e9 du ministre de l'Int\u00e9rieur du 3 ao\u00fbt 2007 modifi\u00e9 relatif aux formations, \u00e0\nl'armement  des  agents  de  police  municipale  et  au  certificat  de  moniteur  de  police\nmunicipale en maniement des armes ;\nVu l'arr\u00eat\u00e9 pr\u00e9fectoral autorisant les communes de Belley, Brens, Magnieu, Massignieu-de-\nRives et Virignin \u00e0 acqu\u00e9rir, \u00e0 d\u00e9tenir et \u00e0 conserver des armes de cat\u00e9gories B et D ;\nVu l'arr\u00eat\u00e9 pris par la pr\u00e9fecture de Haute-Savoie  le 27 juin 2024 , portant agr\u00e9ment en\nqualit\u00e9 d'agent de police municipale de M. Anthony FORSTER ;\nVu l'arr\u00eat\u00e9 municipal du 30 octobre 2025, portant recrutement de l'int\u00e9ress\u00e9 en qualit\u00e9 de\npolicier municipal ; \nVu  l'agr\u00e9ment d\u00e9livr\u00e9 le 13 juin  2024  par le procureur de la R\u00e9publique pr\u00e8s le tribunal\njudiciaire d'Annecy ;\nVu la prestation de serment effectu\u00e9e devant la pr\u00e9sident du tribunal judiciaire d'Annecy,\nle 28 juin 2024 ; \nVu la demande de  Mesdames les maires de Virignin et Brens et Messieurs les maires de\nBelley,  Magnieu,  et  Massignieu-de-Rives  compl\u00e9t\u00e9e  le  19  d\u00e9cembre  2025  sollicitant\nl'autorisation de port d'armes pour M. Anthony FORSTER ;\n01_Pref_Pr\u00e9fecture de l'Ain - 01-2025-12-23-00012 - ARR\u00caT\u00c9 PR\u00c9FECTORAL portant autorisation de port d'armes pour un agent de la\npolice municipale des communes de Belley, Brens, Magnieu, Massignieu-de-Rives et Virignin 22\nVu la convention de coordination conclue le 11 juillet 2023 entre les communes de Belley,\nBrens,  Magnieu,  Massignieu-de-Rives  et  Virignin et  les  services  de  s\u00e9curit\u00e9  de  l'\u00c9tat\nconform\u00e9ment aux dispositions de l'article L. 512-4 du code de la s\u00e9curit\u00e9 int\u00e9rieure ;\nVu la convention de mise \u00e0 disposition des agents de police municipale pluri-communale\net de leurs \u00e9quipements conclue le 30 mai 2023 entre les maires des communes de Belley,\nBrens, Magnieu, Massignieu-de-Rives et Virignin ;\nVu les attestations de formation d\u00e9livr\u00e9es par le centre national de la fonction publique\nterritoriale  attestant  que  les  formations  pr\u00e9alables  n\u00e9cessaires  \u00e0  l'armement  ont  \u00e9t\u00e9\nsuivies ;\nVu le certificat m\u00e9dical d\u00e9livr\u00e9  le 17 d\u00e9cembre 2025 par le docteur Th\u00e9o CHABAL  en\napplication de l'article R.511-18 du code de la s\u00e9curit\u00e9 int\u00e9rieure, attestant que l'\u00e9tat de\nsant\u00e9 physique et psychique de l'int\u00e9ress\u00e9 n'est pas incompatible avec le port d'une arme ;\nConsid\u00e9rant que M. Anthony FORSTER remplit les conditions requises pour \u00eatre arm\u00e9 ;\nConsid\u00e9rant que la nature des missions qui lui sont confi\u00e9es justifie le port d'armes ; \nSur proposition de Mme la directrice de cabinet du pr\u00e9fet de l'Ain,\nARR\u00caTE\nArticle 1er : M. Anthony FORSTER, n\u00e9 le 22 juin 1982 \u00e0 Guebwiller (68), est autoris\u00e9 \u00e0 porter\ndans le cadre de ses missions, les armes suivantes :\nCATEGORIE D\n- B\u00e2ton t\u00e9lescopique de d\u00e9fense\nArticle 2 :  L'agent de police municipale susvis\u00e9 ne peut faire usage des armes dont le port\nlui a \u00e9t\u00e9 autoris\u00e9 et qui lui ont \u00e9t\u00e9 remises par la commune qu'en cas de l\u00e9gitime d\u00e9fense\ndans les conditions pr\u00e9vues \u00e0 l'article 122-5 du code p\u00e9nal. \nArticle 3 : L'agent de police municipale autoris\u00e9 \u00e0 porter les armes mentionn\u00e9es \u00e0 l'article\n1er, les porte de fa\u00e7on continue et apparente, dans les conditions pr\u00e9vues par les articles R.\n511-1-23 \u00e0 R. 511-29 du code de la s\u00e9curit\u00e9 int\u00e9rieure, prend toutes pr\u00e9cautions de nature \u00e0\n\u00e9viter  leur  perte  leur  vol  et  les  restitue,  en  fin  de  service  pour  que  celles-ci  soient\nconserv\u00e9es dans le coffre-fort ou l'armoire forte du poste de police municipale de la\ncommune.\nArticle 4 :  Le pr\u00e9sent arr\u00eat\u00e9 est notifi\u00e9 \u00e0 l'agent de police municipale int\u00e9ress\u00e9. Il prend\neffet \u00e0 compter de la date de sa notification. \nArticle 5  :  Le pr\u00e9sent arr\u00eat\u00e9 peut faire l'objet d'un recours contentieux, n'ayant pas de\ncaract\u00e8re suspensif, devant le tribunal administratif de Lyon \u2013 184, rue Duguesclin \u2013 69433\n2\n01_Pref_Pr\u00e9fecture de l'Ain - 01-2025-12-23-00012 - ARR\u00caT\u00c9 PR\u00c9FECTORAL portant autorisation de port d'armes pour un agent de la\npolice municipale des communes de Belley, Brens, Magnieu, Massignieu-de-Rives et Virignin 23\nLyon Cedex 03, dans un d\u00e9lai de deux mois \u00e0 compter de la notification du pr\u00e9sent arr\u00eat\u00e9\nou de mani\u00e8re d\u00e9mat\u00e9rialis\u00e9e sur le site citoyens.telerecours.fr.\nArticle 6 : Madame la directrice de cabinet du pr\u00e9fet de l'Ain, Monsieur le sous-pr\u00e9fet de\nBelley, Monsieur le colonel commandant le groupement de gendarmerie d\u00e9partementale\nde  l'Ain,  Mesdames  les  maires  de  Brens  et  Virignin  et  Messieurs  les  maires  de  Belley,\nMagnieu et Massignieu-de-Rives sont charg\u00e9s, chacun en ce qui le concerne de l'ex\u00e9cution\ndu pr\u00e9sent arr\u00eat\u00e9  qui sera publi\u00e9 au recueil des actes administratifs de la pr\u00e9fecture de\nl'Ain.\nFait \u00e0 Bourg-en-Bresse, le 23 d\u00e9cembre 2025\nLe pr\u00e9fet,\nPour le pr\u00e9fet,\nLe directeur de cabinet adjoint, \nDirecteur des s\u00e9curit\u00e9s\nSign\u00e9 : Lamine SADOUDI\n3\n01_Pref_Pr\u00e9fecture de l'Ain - 01-2025-12-23-00012 - ARR\u00caT\u00c9 PR\u00c9FECTORAL portant autorisation de port d'armes pour un agent de la\npolice municipale des communes de Belley, Brens, Magnieu, Massignieu-de-Rives et Virignin 24","date":"2025-12-30","first_seen_on":"2025-12-30T17:05:15+00:00","id":"77b9c7eb4f8817961c4310353f198ce28a374e2d679fd5b182dbf92f7f90c7a5","name":"recueil-01-2025-447-recueil-des-actes-administratifs-nominatifs-30-12-2025","pdf_creation_date":"2025-12-30T15:54:31+00:00","pdf_modification_date":"2025-12-30T15:55:18+00:00","timezone":"Europe/Paris","url":"https://www.ain.gouv.fr/contenu/telechargement/34180/238515/file/recueil-01-2025-447-recueil-des-actes-administratifs-nominatifs-30-12-2025.pdf"}
