{"administration":"pref83","administration_name":"Pr\u00e9fecture du Var","content":"VAR\nRECUEIL DES ACTES\nADMINISTRATIFS\nN\u00b083-2025-110\nPUBLI\u00c9 LE 28 MARS 2025\nSommaire\nDirection d\u00e9partementale des territoires et de la mer du Var / Service\nagriculture et for\u00eat de la DDTM\n83-2025-03-28-00002 - Arr\u00eat\u00e9 pr\u00e9fectoral autorisant une mission\nlouveterie.odt (1 page) Page 3\nPr\u00e9fecture du VAR / Direction des s\u00e9curit\u00e9s\n83-2025-03-27-00006 - AP 2025-03-003 ELA du 27 mars 2025 portant\nr\u00e9glementation temporaire de la circulation sur l'autoroute A57 sur le\nterritoire des communes de Toulon, La Valette-du-Var et La Garde (2 pages) Page 5\n83-2025-03-28-00001 - ARR\u00caT\u00c9 PR\u00c9FECTORAL n\u00b0\n2025/BSP/PP/004\ninstaurant un p\u00e9rim\u00e8tre de protection \u00e0 Toulon\naux abords\net sur le parvis du Stade F\u00e9lix Mayol (6 pages) Page 8\n2\nDirection d\u00e9partementale des territoires et de la\nmer du Var\n83-2025-03-28-00002\nArr\u00eat\u00e9 pr\u00e9fectoral autorisant une mission\nlouveterie.odt\nDirection d\u00e9partementale des territoires et de la mer du Var - 83-2025-03-28-00002 - Arr\u00eat\u00e9 pr\u00e9fectoral autorisant une mission\nlouveterie.odt 3\nDirection d\u00e9partementale\ndes territoires et de la mer du Var\nARRETE PR\u00c9FECTORAL DDTM/SAF/BCFSP/N\u00b0 2025 \u2013 018 DU 28/03/2025\nCONFIANT UNE MISSION A UN LIEUTENANT DE LOUVETERIE\nLe pr\u00e9fet du Var,\nVU le Code de l'Environnement, et notamment ses articles L. 427-1 \u00e0 -7, et R. 427-1 \u00e0 -3 ;\nVU la loi n\u00b0 2005-157 du 23 f\u00e9vrier 2005 relative au d\u00e9veloppement des territoires ruraux ;\nVU l'arr\u00eat\u00e9 minist\u00e9riel du 27 mars 1973, fixant les modalit\u00e9s d'application de la loi du 9 juillet\n1971 ;\nVU  l'arr\u00eat\u00e9  pr\u00e9fectoral  du  22  novembre  2024  relatif \u00e0  la  nomination  des  Lieutenants  de\nLouveterie pour la p\u00e9riode 2025-2029 ;\nVU l'arr\u00eat\u00e9 pr\u00e9fectoral n\u00b02023/63/MCI du 21 ao\u00fbt 2023 portant d\u00e9l\u00e9gation de signature \u00e0 M.\nLaurent Boulet, directeur d\u00e9partemental des territoires et de la mer ;\nVU l'arr\u00eat\u00e9 pr\u00e9fectoral n\u00b0DDTM/MPCA/ 2023-03 du 26 septembre 2023 donnant subd\u00e9l\u00e9gation\nde signature ;\nCONSID\u00c9RANT l'importance des d\u00e9g\u00e2ts commis par les chevreuils sur la commune de Carc\u00e8s,\net plus pr\u00e9cis\u00e9ment \u00e0 proximit\u00e9 des parcelles agricoles de L'EARL BATAILLE ;\nSUR proposition du directeur d\u00e9partemental des territoires et de la mer ;\nARRETE\nARTICLE 1er\n : mission est donn\u00e9e au lieutenant de louveterie Michel Einaudi de d\u00e9truire \u00e0 tir les\nchevreuils qui en fonction des d\u00e9g\u00e2ts qu'ils commettent constituent une g\u00eane sur la commune\nde Carc\u00e8s, et plus pr\u00e9cis\u00e9ment \u00e0 proximit\u00e9 des parcelles agricoles de l'EARL BATAILLE ;\nARTICLE 2 : cette mission est confi\u00e9e \u00e0 titre personnel. Cependant, pour l'exercice de celle-ci,\nM.  Michel  Einaudi  pourra  s'adjoindre  ou  se  faire  remplacer  par  tout  autre  Lieutenant  de\nLouveterie d\u00e9sign\u00e9 par l'arr\u00eat\u00e9 pr\u00e9fectoral du 22 novembre 2024 susvis\u00e9.\nPourront \u00e9galement l'assister dans sa mission : une personne maniant la source lumineuse, une\nautre, ou deux en cas de besoin, veillant tout particuli\u00e8rement aux conditions de s\u00e9curit\u00e9\ndurant ces op\u00e9rations, ces personnes n'\u00e9tant en aucun cas autoris\u00e9es \u00e0 porter et/ou utiliser une\narme.\nArticle 3\n : cette mission, d'une dur\u00e9e de un mois \u00e0 compter de la signature du pr\u00e9sent arr\u00eat\u00e9,\npeut s'exercer :\nuniquement \u00e0 proximit\u00e9 de l'exploitation agricole de l'EARL BATAILLE,\n \u00e0 l'aide de tout proc\u00e9d\u00e9 r\u00e9glementaire,\n et  \u00e0  l'aide des moyens  suivants :  v\u00e9hicules,  sources  lumineuses,  cages,  arme munie  d'un\nsilencieux,  ainsi que des appareils de vision nocturne ou thermique.  Dans le cadre de ses\nmissions, Michel Einaudi pourra \u00e9quiper son v\u00e9hicule d'un gyrophare.\nARTICLE 4\n : les chevreuils abattus seront conduits \u00e0 l'\u00e9quarrissage ou enfouis.\nARTICLE  5  :  le  lieutenant  de  louveterie  adressera  sans  d\u00e9lai  un  compte-rendu  de  ses\ninterventions  au  directeur  d\u00e9partemental  des  territoires  et  de  la  mer  et  rendra  compte\nnotamment des difficult\u00e9s qu'il aura rencontr\u00e9es et des incidents qui seront \u00e9ventuellement\nsurvenus dans l'exercice de sa mission.\nIl pr\u00e9viendra du jour, de l'heure et du lieu de la mission, le service d\u00e9partemental de l'office\nfran\u00e7ais de la biodiversit\u00e9 et le chef de la brigade de gendarmerie.\nARTICLE 6  \n:  le secr\u00e9taire g\u00e9n\u00e9ral de la pr\u00e9fecture du Var, le directeur d\u00e9partemental des\nterritoires et de la mer,  Michel Einaudi, ses suppl\u00e9ants sont charg\u00e9s,  chacun  en ce qui les\nconcerne, de l'ex\u00e9cution du pr\u00e9sent arr\u00eat\u00e9 dont une ampliation sera transmise au pr\u00e9sident de\nla  f\u00e9d\u00e9ration  d\u00e9partementale  des  chasseurs  du  Var,  au  commandant  du  groupement  de\ngendarmerie  du  Var,  au  commandant  de  la  brigade  de  gendarmerie  territorialement\ncomp\u00e9tente,  au  chef  du  service  d\u00e9partemental  de  l'office  fran\u00e7ais  de  la  biodiversit\u00e9,  au\npr\u00e9sident  de l'association  d\u00e9partementale  des  lieutenants  de  louveterie  et  au  maire de  la\ncommune de Carc\u00e8s, pour affichage en mairie.\nFait \u00e0 Toulon, le 28/03/2025\nPour le pr\u00e9fet et par d\u00e9l\u00e9gation,\nLa cheffe du service agriculture et for\u00eat\nSign\u00e9\nAnne Rabault\nDestinataires :\n- Le Lieutenant de Louveterie \n- Le Commandant de la Brigade de Gendarmerie\n- L'O.F.B\n- La F.D.C.V.\n- Le maire de Carc\u00e8s\nDirection d\u00e9partementale des territoires et de la mer du Var - 83-2025-03-28-00002 - Arr\u00eat\u00e9 pr\u00e9fectoral autorisant une mission\nlouveterie.odt 4\nPr\u00e9fecture du VAR\n83-2025-03-27-00006\nAP 2025-03-003 ELA du 27 mars 2025 portant\nr\u00e9glementation temporaire de la circulation sur\nl'autoroute A57 sur le territoire des communes\nde Toulon, La Valette-du-Var et La Garde\nPr\u00e9fecture du VAR - 83-2025-03-27-00006 - AP 2025-03-003 ELA du 27 mars 2025 portant r\u00e9glementation temporaire de la circulation\nsur l'autoroute A57 sur le territoire des communes de Toulon, La Valette-du-Var et La Garde 5\n=mPREFETDU VARLibert\u00e9Egalit\u00e9Fraternit\u00e9\nDirection des s\u00e9curit\u00e9s\nService de l'\u00e9ducation et de la\ns\u00e9curit\u00e9 routi\u00e8res\nP\u00f4le \u00e9tudes et ing\u00e9nierie\nARR\u00caT\u00c9 PR\u00c9FECTORAL n\u00b02025 \u2013 03 \u2013 003 ELA du 27 mars 2025 \nportant r\u00e9glementation temporaire de la circulation sur l'autoroute A57\nsur le territoire des communes de Toulon, La Valette-du-Var et La Garde\nLe pr\u00e9fet du Var,\nVu le Code de la route ;\nVu le Code de la voirie routi\u00e8re ;\nVu le d\u00e9cret du 29 novembre 1982 approuvant la convention de concession pass\u00e9e entre l'\u00c9tat et  \nla soci\u00e9t\u00e9 de l'autoroute Est\u00e9rel, C\u00f4te d'Azur, Provence Alpes (ESCOTA) en vue de la construction, \nde l'entretien et de l'exploitation des autoroutes conc\u00e9d\u00e9es et ses avenants ult\u00e9rieurs ;\nVu le d\u00e9cret n\u00b0 2015-1045 du 21 ao\u00fbt 2015 approuvant le transfert de la travers\u00e9e autorouti\u00e8re de  \nToulon entre l'\u00c9tat et la soci\u00e9t\u00e9 des autoroutes Est\u00e9rel, C\u00f4te d'Azur, Provence Alpes (ESCOTA) ;\nVu l'arr\u00eat\u00e9 interminist\u00e9riel du 24 novembre 1967 relatif \u00e0 la signalisation des routes et autoroutes  \net des textes subs\u00e9quents ;\nVu l'arr\u00eat\u00e9 pr\u00e9fectoral n\u00b0 2461 en date du 17 mars 2014, portant approbation du Plan de gestion et \nde Trafic de la liaison A50 / A57 et des itin\u00e9raires associ\u00e9s ;\nVu l'arr\u00eat\u00e9 pr\u00e9fectoral n\u00b0 2020-12-001 BR du 16 d\u00e9cembre 2020, portant modification de l'arr\u00eat\u00e9  \npr\u00e9fectoral n\u00b0 2523 du 20 mars 2018, portant r\u00e9glementation de la circulation des v\u00e9hicules de  \ntransport de bois ronds dans le d\u00e9partement du Var ;\nVu l'arr\u00eat\u00e9 pr\u00e9fectoral n\u00b0 2021-03-001 PC en date du 23 mars 2021, portant modification de l'arr\u00eat\u00e9 \npr\u00e9fectoral n\u00b0  2483  en  date  du  23  f\u00e9vrier  2016,  portant  r\u00e9glementation  de  la  police  de  la \ncirculation sur l'autoroute A57 ;\nVu  l'arr\u00eat\u00e9 pr\u00e9fectoral n\u00b0 2023-06-004 ESC en date du 26 juin 2023, autorisant l'ouverture de  \nchantiers d'entretien courant ou de r\u00e9paration sur les autoroutes A8, A50 et A57 dans la travers\u00e9e \ndu d\u00e9partement du Var ;\nVu l'arr\u00eat\u00e9 pr\u00e9fectoral n\u00b0 2025/08/MCI du 25 mars 2025  portant d\u00e9l\u00e9gation de signature \u00e0 Mme  \nJos\u00e9phine GUIGLIANO-BOUTONNET, directrice de cabinet du pr\u00e9fet du Var ;\nVu la note technique du 14 avril 2016 du minist\u00e8re de l'Environnement, de l'\u00c9nergie et de la Mer  \n(DGITM/DIT) relative \u00e0 la coordination des chantiers sur le r\u00e9seau routier national (RRN) ;\nVu le r\u00e8glement d'exploitation de la soci\u00e9t\u00e9 des autoroutes ESCOTA en date du 27 juin 2023 ;\nVu la demande de la soci\u00e9t\u00e9 des autoroutes ESCOTA en date du 26 mars 2025 ;\nVu l'avis favorable de la Direction G\u00e9n\u00e9rale des Infrastructures, des Transports et des Mobilit\u00e9s sur \nle dossier d'exploitation sous chantier n\u00b02025-064 en date du 26 mars 2025;\nArr\u00eat\u00e9 pr\u00e9fectoral n\u00b0 2025 \u2013 03 \u2013 003 ELA 1/2\nPr\u00e9fecture du VAR - 83-2025-03-27-00006 - AP 2025-03-003 ELA du 27 mars 2025 portant r\u00e9glementation temporaire de la circulation\nsur l'autoroute A57 sur le territoire des communes de Toulon, La Valette-du-Var et La Garde 6\nConsid\u00e9rant que pour assurer la s\u00e9curit\u00e9 des usagers de l'autoroute, des agents de la soci\u00e9t\u00e9 des  \nautoroutes  Est\u00e9rel,  C\u00f4te  d'Azur,  Provence  Alpes  (ESCOTA)  et  des  personnels  de  l'entreprise \ncharg\u00e9s  d'effectuer  les  travaux  d'\u00e9largissement  \u00e0  deux  fois  trois  voies  sur  l'autoroute  A57 ,  il \nconvient de r\u00e9glementer la circulation sur le territoire du d\u00e9partement du Var, dans les deux sens  \nde circulation \u00e0 partir du mardi 01 avril 2025.\nSur proposition de la directrice de cabinet du pr\u00e9fet du Var,\nARR\u00caTE :\nArticle  1  er   : Suite  \u00e0 l'application  de  la  couche  d\u00e9finitive  d'enrob\u00e9  dans  le  cadre  des  travaux \nd'\u00e9largissement \u00e0 deux fois trois voies sur l'autoroute A57 , la signalisation horizontale blanche a \u00e9t\u00e9 \nappos\u00e9e, cependant la zone est toujours consid\u00e9r\u00e9e en travaux. \nAfin d'offrir un maximum de s\u00e9curit\u00e9 aux usagers et aux personnels \u00e9voluant sur le chantier, la  \ncirculation de tous les v\u00e9hicules est r\u00e9glement\u00e9e comme suit, dans les deux sens de circulation \u00e0  \npartir du mardi 01 avril 2025 et jusqu'au 01 octobre 2025. \n\u25cf Dans le sens Toulon vers Nice : \n- La vitesse est limit\u00e9e \u00e0 70 km/h du PR 0.000 (Beno\u00eet Malon) jusqu'au PR 6.750 (\u00e0 hauteur du  \npont de la bifurcation A57-A570) .\n- La vitesse est limit\u00e9e \u00e0 110 km/h \u00e0 partir du PR 6.750 (apr\u00e8s le pont de la bifurcation de l'A57 \u2013 \nl'A570).\n\u25cf Dans le sens Nice vers Toulon :\n-  La vitesse est limit\u00e9e \u00e0  70 km/h  du PR 6.690 (\u00e0 hauteur de la bifurcation de l'A57-l'A570)  \njusqu'au PR 0.000 (entr\u00e9e du tunnel).\n\u25cf Interdiction de doubler pour les v\u00e9hicules de plus de 3,5 T.\n\u25cf La voie r\u00e9serv\u00e9e aux transports en commun (VRTC) non circulable est isol\u00e9e par des c\u00f4nes.\nArticle 2  : Les signalisations temporaires et l'information des usagers,  r\u00e9pondant \u00e0 la description  \ndu pr\u00e9sent arr\u00eat\u00e9, sont mises en place, entretenues et surveill\u00e9es par les services d'exploitation de  \nla soci\u00e9t\u00e9 des autoroutes Est\u00e9rel, C\u00f4te d'Azur, Provence, Alpes (ESCOTA) , ou leurs partenaires,  \npendant toute la p\u00e9riode des travaux.\nArticle 3 : La directrice de cabinet du pr\u00e9fet du Var, le pr\u00e9sident du conseil d\u00e9partemental du Var, \nle  commandant  du  groupement  de  gendarmerie  d\u00e9partementale  du  Var,  le  directeur \ninterd\u00e9partemental de la police nationale du Var, le chef du d\u00e9tachement de Toulon de la CRS  \nautorouti\u00e8re Provence, le directeur d\u00e9partemental des services d'incendie et de secours du Var,  \nles maires des communes de Toulon, La Valette-du-Var et La Garde, le directeur de la soci\u00e9t\u00e9 des  \nautoroutes Est\u00e9rel, C\u00f4te d'Azur, Provence Alpes, sont charg\u00e9s, chacun en ce qui le concerne, de  \nl'ex\u00e9cution du pr\u00e9sent arr\u00eat\u00e9 qui sera publi\u00e9 au recueil des actes administratifs de la pr\u00e9fecture du \nVar.\nFait \u00e0 Toulon, le 27 mars 2025\n                                                             Pour le Pr\u00e9fet et par d\u00e9l\u00e9gation, \n                                                                  La cheffe du service \n                                                           de l'\u00e9ducation et de la s\u00e9curit\u00e9 routi\u00e8res\n                                                           sign\u00e9 :  Sophie BARASTIER\nConform\u00e9ment aux dispositions de l'article R. 421-1 et suivants du code de justice administrative, le pr\u00e9sent arr\u00eat\u00e9 peut faire l'objet dans  \nun d\u00e9lai de deux mois \u00e0 compter de sa parution :\n\u2013  d'un recours administratif (recours gracieux aupr\u00e8s du pr\u00e9fet du Var ou recours hi\u00e9rarchique aupr\u00e8s du ministre de l'int\u00e9rieur)\n\u2013 d'un  recours  contentieux  devant  le  tribunal  administratif  de  Toulon.  Le  tribunal  administratif  peut  \u00eatre  saisi  par  l'application \ninformatique \u00ab T\u00e9l\u00e9recours citoyens \u00bb accessible par le site Internet www.telerecours.fr\nArr\u00eat\u00e9 pr\u00e9fectoral n\u00b0 2025 \u2013 03 \u2013 003 ELA 2/2\nPr\u00e9fecture du VAR - 83-2025-03-27-00006 - AP 2025-03-003 ELA du 27 mars 2025 portant r\u00e9glementation temporaire de la circulation\nsur l'autoroute A57 sur le territoire des communes de Toulon, La Valette-du-Var et La Garde 7\nPr\u00e9fecture du VAR\n83-2025-03-28-00001\nARR\u00caT\u00c9 PR\u00c9FECTORAL n\u00b0 2025/BSP/PP/004\ninstaurant un p\u00e9rim\u00e8tre de protection \u00e0 Toulon\naux abords\net sur le parvis du Stade F\u00e9lix Mayol\nPr\u00e9fecture du VAR - 83-2025-03-28-00001 - ARR\u00caT\u00c9 PR\u00c9FECTORAL n\u00b0 2025/BSP/PP/004\ninstaurant un p\u00e9rim\u00e8tre de protection \u00e0 Toulon aux abords\net sur le parvis du Stade F\u00e9lix Mayol\n8\n=mPREFETDU VARLibert\u00e9Egalit\u00e9Fraternit\u00e9\nCabinet du Pr\u00e9fet\nDirection des s\u00e9curit\u00e9s\nBureau de la s\u00e9curit\u00e9 publique\nARR\u00caT\u00c9 PR\u00c9FECTORAL n\u00b0 2025/BSP/PP/004\ninstaurant un p\u00e9rim\u00e8tre de protection \u00e0 Toulon aux abords\net sur le parvis du Stade F\u00e9lix Mayol\nLe Pr\u00e9fet du Var,\nVu le code de la s\u00e9curit\u00e9 int\u00e9rieure, notamment ses articles L.226-1, L.511-1 et L.611 ;\nVu le code de proc\u00e9dure p\u00e9nale, notamment ses articles 16, 20 et 21 ;\nVu le  d\u00e9cret  n\u00b0  2004-374  du  29  avril  2004  modifi\u00e9,  relatif  aux  pouvoirs  des  pr\u00e9fets,  \u00e0  \nl'organisation et \u00e0 l'action des services de l'\u00c9tat dans les r\u00e9gions et d\u00e9partements ;\nVu le d\u00e9cret du 13 juillet 2023 portant nomination de Monsieur Philippe MAHE, pr\u00e9fet du Var ;\nVu  l'arr\u00eat\u00e9  n\u00b0  2025/08/MCI  du  25  mars  2025  portant  d\u00e9l\u00e9gation  de  signature  \u00e0  Madame \nJos\u00e9phine GUIGLIANO-BOUTONNET, directrice de cabinet du pr\u00e9fet du Var ;\nVu la rencontre sportive de rugby organis\u00e9e au Stade F\u00e9lix Mayol de Toulon, par le Rugby Club \nToulonnais (RCT) le 05 avril 2025 ;\nConsid\u00e9rant qu'en application de l'article L.226-1 du code de la s\u00e9curit\u00e9 int\u00e9rieure, \u00ab  afin \nd'assurer la s\u00e9curit\u00e9 d'un lieu ou d'un \u00e9v\u00e9nement expos\u00e9 \u00e0 un risque d'actes de terrorisme \u00e0  \nraison de la nature et de l'ampleur de sa fr\u00e9quentation, le repr\u00e9sentant de l'\u00c9tat dans le  \nd\u00e9partement est autoris\u00e9 \u00e0 instituer un p\u00e9rim\u00e8tre de protection au sein duquel l'acc\u00e8s et la  \ncirculation des personnes sont r\u00e9glement\u00e9s \u00bb ;\nConsid\u00e9rant la pr\u00e9gnance de la menace terroriste sur le territoire national et la n\u00e9cessit\u00e9 de  \nmettre en \u0153uvre les postures Vigipirate d\u00e9cid\u00e9es par le gouvernement ;\nConsid\u00e9rant que le Var est un d\u00e9partement touristique \u00e0 forte fr\u00e9quentation et conna\u00eet un  \nafflux important de population tout au long de l'ann\u00e9e ;\nConsid\u00e9rant l'implantation particuli\u00e8re du stade F\u00e9lix Mayol, situ\u00e9 au c\u0153ur du centre-ville de  \nToulon, jouxtant plusieurs \u00e9tablissements recevant du public, limitrophe du premier port  \nmilitaire fran\u00e7ais ;\nConsid\u00e9rant que les abords et le parvis du stade sont compos\u00e9s en grande partie de trottoirs  \npublics et de voies de circulation routi\u00e8re ;\n1/4\nPr\u00e9fecture du VAR - 83-2025-03-28-00001 - ARR\u00caT\u00c9 PR\u00c9FECTORAL n\u00b0 2025/BSP/PP/004\ninstaurant un p\u00e9rim\u00e8tre de protection \u00e0 Toulon aux abords\net sur le parvis du Stade F\u00e9lix Mayol\n9\nConsid\u00e9rant que les rencontres sportives peuvent g\u00e9n\u00e9rer des circonstances particuli\u00e8res de  \nnature \u00e0 faire peser des menaces graves pour la s\u00e9curit\u00e9 publique et exposer les populations \u00e0 \nun risque d'acte de terrorisme que ce soit \u00e0 l'int\u00e9rieur ou \u00e0 l'ext\u00e9rieur du stade et  qu'il \nconvient, de fait, de prendre des mesures renforc\u00e9es de surveillance et de s\u00e9curit\u00e9 ;\nConsid\u00e9rant que lors des matchs, il y a lieu d'instaurer un p\u00e9rim\u00e8tre de protection aux abords  \ndu stade F\u00e9lix Mayol aux fins de pr\u00e9vention d'un acte de terrorisme  ; que compte tenu de la  \ntopographie des lieux, ce p\u00e9rim\u00e8tre doit englober la zone mat\u00e9rialis\u00e9e dans le plan pr\u00e9sent en \nannexe  1 ;  que  ce  p\u00e9rim\u00e8tre  doit  \u00eatre  instaur\u00e9  pour  les  jours  de  match  en  raison  des  \nimportants flux et rassemblements de personnes aux abords du stade ;\nSur proposition de la sous-pr\u00e9f\u00e8te, directrice de cabinet du pr\u00e9fet du Var :\nARR\u00caTE     :\nArticle 1  er     :   En vue du match pr\u00e9vu le 05 avril 2025 , il est instaur\u00e9 aux abords du stade Mayol  \nun p\u00e9rim\u00e8tre de protection le 05 avril 2025 de 10h30 \u00e0 17h30.\nArticle 2     :   ce p\u00e9rim\u00e8tre est d\u00e9limit\u00e9 selon le plan joint en annexe 1. Il sera mat\u00e9rialis\u00e9 sur site  \npar des barri\u00e8res physiques et sera rendu impossible \u00e0 la circulation des v\u00e9hicules \u00e0 l'aide de  \ndispositifs pare-b\u00e9liers.\nArticle 3     :   le p\u00e9rim\u00e8tre de protection sera arm\u00e9 et d\u00e9sarm\u00e9 sur ordre de l'officier de police  \njudiciaire, responsable du dispositif police nationale, en accord avec l'autorit\u00e9 municipale et  \nle poste de commandement op\u00e9rationnel du stade Mayol. Pendant les p\u00e9riodes d'armement,  \nl'acc\u00e8s et la circulation des personnes et des v\u00e9hicules y sont r\u00e9glement\u00e9s.\nArticle 4     :   quatre points d'acc\u00e8s \u00e0 ce p\u00e9rim\u00e8tre de protection sont pr\u00e9vus et mat\u00e9rialis\u00e9s sur  \nle plan joint en annexe 1.\nArticle 5     :   les op\u00e9rations de v\u00e9rification sur les personnes et les v\u00e9hicules, d\u00e9taill\u00e9es ci-apr\u00e8s,  \nsont  plac\u00e9es  sous  la  responsabilit\u00e9  d'un  officier  de  policier  judiciaire,  territorialement  \ncomp\u00e9tent, tel que ceux mentionn\u00e9s aux 2\u00b0 \u00e0 4\u00b0 de l'article 16 du code de proc\u00e9dure p\u00e9nale.\nArticle 6     :   celles effectu\u00e9es sur les personnes et d\u00e9taill\u00e9es ci-apr\u00e8s, peuvent \u00eatre r\u00e9alis\u00e9es par  \ndes officiers de police judiciaire mentionn\u00e9s aux 2\u00b0 \u00e0 4\u00b0 de l'article 16 du code de proc\u00e9dure  \np\u00e9nale, et, sous la responsabilit\u00e9 de ceux-ci, par des agents de police judiciaire mentionn\u00e9s \u00e0  \nl'article 20 du m\u00eame code, par des agents de police judiciaire adjoints mentionn\u00e9s aux 1\u00b0, 1\u00b0  \nbis, 1\u00b0 ter de l'article 21 du m\u00eame code, par des agents de police municipale mentionn\u00e9s \u00e0  \nl'article L.511-1 du code de la s\u00e9curit\u00e9 int\u00e9rieure, ou par des agents de s\u00e9curit\u00e9 priv\u00e9e exer\u00e7ant \nl'activit\u00e9 mentionn\u00e9e au 1\u00b0 de l'article L.611 du m\u00eame code.\nArticle 7     :   celles effectu\u00e9es sur les v\u00e9hicules et d\u00e9taill\u00e9es ci-apr\u00e8s, ne peuvent \u00eatre accomplies \nque par des officiers de police judiciaire mentionn\u00e9s aux 2\u00b0 \u00e0 4\u00b0 de l'article 16 du code de  \nproc\u00e9dure p\u00e9nale, et, sous la responsabilit\u00e9 de ceux-ci, par des agents de police judiciaire  \nmentionn\u00e9s  \u00e0  l'article  20  du  m\u00eame  code,  par  des  agents  de  police  judiciaire  adjoints  \nmentionn\u00e9s aux 1\u00b0, 1\u00b0 bis, 1\u00b0 ter de l'article 21 du m\u00eame code.\n2/4\nPr\u00e9fecture du VAR - 83-2025-03-28-00001 - ARR\u00caT\u00c9 PR\u00c9FECTORAL n\u00b0 2025/BSP/PP/004\ninstaurant un p\u00e9rim\u00e8tre de protection \u00e0 Toulon aux abords\net sur le parvis du Stade F\u00e9lix Mayol\n10\nArticle  8     :   pr\u00e9alablement  \u00e0  l'armement  du  p\u00e9rim\u00e8tre  de  protection  indiqu\u00e9  \u00e0  l'article  3,  \nl'int\u00e9rieur de l'enceinte cr\u00e9\u00e9e sera v\u00e9rifi\u00e9 selon les modalit\u00e9s d\u00e9taill\u00e9es ci-apr\u00e8s.\nArticle 9     :   pour toute personne, l'acc\u00e8s au p\u00e9rim\u00e8tre de protection et la pr\u00e9sence \u00e0 l'int\u00e9rieur  \nde celui-ci sont conditionn\u00e9s aux mesures de contr\u00f4le pr\u00e9alable suivantes  : palpations de  \ns\u00e9curit\u00e9, inspections visuelles, fouilles de sacs et de bagages.\nLa palpation de s\u00e9curit\u00e9 est effectu\u00e9e par une personne de m\u00eame sexe que celle qui en fait  \nl'objet.\nArticle 10     :   \u00e0 l'int\u00e9rieur du p\u00e9rim\u00e8tre de protection,  la circulation et le stationnement de  \nv\u00e9hicules sont interdits \u00e0 l'exception des v\u00e9hicules des forces de l'ordre et de secours dans le  \ncadre des interventions urgentes. Les v\u00e9hicules de restauration (Food trucks) sont autoris\u00e9s \u00e0  \nstationner, conform\u00e9ment au plan joint en annexe 1, d\u00e8s lors que les cl\u00e9s des v\u00e9hicules sont  \nremises  au  responsable  s\u00e9curit\u00e9,  afin  d'emp\u00eacher  tout  d\u00e9marrage,  et  qu'un  dispositif  \nphysique d'immobilisation est plac\u00e9 sur les v\u00e9hicules, conform\u00e9ment aux exigences de la  \nDirection  Interd\u00e9partementale  de  la  Police  Nationale  du  Var.  Apr\u00e8s  identification,  ces  \nv\u00e9hicules sont autoris\u00e9s \u00e0 acc\u00e9der, \u00e0 circuler et \u00e0 stationner dans le p\u00e9rim\u00e8tre sur ordre de  \nl'officier  de  police  nationale  responsable  du  dispositif,  en  concertation  avec  le  poste  de \ncommandement op\u00e9rationnel du stade Mayol.\nArticle  11     :   t outes  les  mesures  de  v\u00e9rification,  d\u00e9taill\u00e9es  ci-dessus,  sont  subordonn\u00e9es  au \nconsentement  des  personnes.  En  cas  de  refus  de  s'y  soumettre,  les  personnes  et/ou  les \nv\u00e9hicules ne sont pas admis \u00e0 y p\u00e9n\u00e9trer. Le cas \u00e9ch\u00e9ant, ils sont reconduits \u00e0 l'ext\u00e9rieur du  \np\u00e9rim\u00e8tre.\nCes op\u00e9rations sont effectu\u00e9es uniquement par un officier de police judiciaire mentionn\u00e9 aux \n2\u00b0 \u00e0 4\u00b0 de l'article 16 du code de proc\u00e9dure p\u00e9nale, ou sous la responsabilit\u00e9 de celui-ci, par un \nagent de police judiciaire mentionn\u00e9 \u00e0 l'article 20 ou par un agent de police judiciaire adjoint  \nmentionn\u00e9 aux 1\u00b0, 1\u00b0 bis, 1\u00b0 ter de l'article 21 du m\u00eame code.\nArticle 12     :   lors de toutes les op\u00e9rations d\u00e9crites ci-dessus, il sera v\u00e9rifi\u00e9 l'absence d'objets  \ninterdits, conform\u00e9ment \u00e0 la liste jointe en annexe 2.\nLa pr\u00e9sente disposition ne s'applique pas aux secours et aux forces de l'ordre employ\u00e9s sur le  \np\u00e9rim\u00e8tre pour leurs missions respectives.\nLes fonctionnaires de la police nationale et les militaires de la gendarmerie nationale qui  \nsouhaitent acc\u00e9der au p\u00e9rim\u00e8tre de protection, en dehors de leurs heures de service et avec  \nleurs armes de service conform\u00e9ment aux r\u00e8gles en vigueur, devront \u00eatre contr\u00f4l\u00e9s par un  \nofficier de police judiciaire mentionn\u00e9 aux 2\u00b0 \u00e0 4\u00b0 de l'article 16 du code de proc\u00e9dure p\u00e9nale, \nou  sous  la  responsabilit\u00e9  de  celui-ci,  par  un  agent  de  police  judiciaire  mentionn\u00e9  \u00e0  \nl'article 20 ou par un agent de police judiciaire adjoint mentionn\u00e9 aux 1\u00b0, 1\u00b0 bis, 1\u00b0 ter de  \nl'article 21 du m\u00eame code. L'acc\u00e8s \u00e0 l'enceinte sera possible uniquement apr\u00e8s identification  \nconforme et \u00e0 la condition que le port de l'arme ne soit pas apparent.\nArticle 13     :   des commerces et d\u00e9bits de boissons peuvent avoir une activit\u00e9 \u00e0 l'int\u00e9rieur du  \np\u00e9rim\u00e8tre  de  protection  institu\u00e9,  sous  r\u00e9serve  qu'ils  d\u00e9tiennent  les  autorisations  \nadministratives n\u00e9cessaires et qu'ils respectent les r\u00e8gles relatives aux objets interdits vis\u00e9es \u00e0  \nl'article 12.\n3/4\nPr\u00e9fecture du VAR - 83-2025-03-28-00001 - ARR\u00caT\u00c9 PR\u00c9FECTORAL n\u00b0 2025/BSP/PP/004\ninstaurant un p\u00e9rim\u00e8tre de protection \u00e0 Toulon aux abords\net sur le parvis du Stade F\u00e9lix Mayol\n11\nArticle 14     :   la directrice de cabinet et le directeur interd\u00e9partemental de la police nationale  \ndu Var sont charg\u00e9s, chacun en ce qui le concerne, de l'ex\u00e9cution du pr\u00e9sent arr\u00eat\u00e9 qui sera  \npubli\u00e9 au recueil des actes administratifs de la pr\u00e9fecture du Var.\nUn exemplaire sera transmis, au procureur de la R\u00e9publique pr\u00e8s le tribunal de justice de  \nToulon,  \u00e0  la  maire  de  la  ville  de  Toulon  et  au  directeur  interd\u00e9partemental  de  la  police \nnationale  du  Var.  Il sera,  par  ailleurs,  notifi\u00e9  au  Rugby  Club  Toulonnais,  organisateur  de  \nl'\u00e9v\u00e8nement.\nFait \u00e0 Toulon, le 28 mars 2025\nPour le Pr\u00e9fet et par d\u00e9l\u00e9gation\nla cheffe de cabinet\ndirectrice adjointe des s\u00e9curit\u00e9s\nSign\u00e9\nAudrey BORGO\nDans un d\u00e9lai de deux mois \u00e0 compter de la date de la notification ou de la publication du pr\u00e9sent arr\u00eat\u00e9 au recueil des actes administratifs de la pr\u00e9fecture, \nles recours suivants peuvent \u00eatre introduits conform\u00e9ment aux dispositions des articles R. 421-1 et suivants du code de justice administrative :\n- un recours gracieux, adress\u00e9 \u00e0 :\n M. le Pr\u00e9fet du Var \u2013 Boulevard du 112\u00e8me r\u00e9giment d'infanterie - CS 31209 - 83070 TOULON CEDEX\n- un recours hi\u00e9rarchique, adress\u00e9 au(x) ministre(s) concern\u00e9(s) ;\nDans ces deux cas, le silence de l'Administration vaut rejet implicite au terme d'un d\u00e9lai de deux mois.\nApr\u00e8s un recours gracieux ou hi\u00e9rarchique, le d\u00e9lai du recours contentieux ne court qu'\u00e0 compter du rejet explicite ou implicite de l'un de ces recours.\n- un recours contentieux, en saisissant le Tribunal Administratif de Toulon  : 5 rue Racine -BP 40510 - 83  041 TOULON CEDEX 9. Le tribunal  \nadministratif peut \u00e9galement \u00eatre saisi par l'application informatique \"T\u00e9l\u00e9recours citoyens\", accessible par le site internet www.telerecours.fr.\n4/4\nPr\u00e9fecture du VAR - 83-2025-03-28-00001 - ARR\u00caT\u00c9 PR\u00c9FECTORAL n\u00b0 2025/BSP/PP/004\ninstaurant un p\u00e9rim\u00e8tre de protection \u00e0 Toulon aux abords\net sur le parvis du Stade F\u00e9lix Mayol\n12\nL\u00e9gende\nFan Zone\nEntr\u00e9es Fan Zone\nSorties Fan Zone\nGroupe \u00e9lectrog\u00e8ne Animation enfants\nFood trucks Animation musical\nBuvettes\nProjet Fan Zone \u2013 Stade Mayol\n25 f\u00e9vrier 2025\n68.00\n1\n2\n3\n4\nPr\u00e9fecture du VAR - 83-2025-03-28-00001 - ARR\u00caT\u00c9 PR\u00c9FECTORAL n\u00b0 2025/BSP/PP/004\ninstaurant un p\u00e9rim\u00e8tre de protection \u00e0 Toulon aux abords\net sur le parvis du Stade F\u00e9lix Mayol\n13\nObjets interditsProhibited items\nAE p\u00e9bard M\u00e9gaphone Drone Perche dselFies Bouteille, canette Vuvuzelo, laser Animalet autres articles et tout autre (sauf chienpurotechniques QUE L plus quide)eb0C\nObjets soumis \u00e0 autorisationItems subject to prior authorisation\nmie th ealHampe de Banderole, Tambour Parapluie Bouteille et Appareil photo Valises, bagage Casque ebdrapeauxeC drapeou, voile et autre contenant eC SOc sup\u00e9rieurs encombrantele \" maillot g\u00e9ant de moins de 50 cl \u00f9 45x36x20 cmanderole\n\u00a2 Tout objet pouvant servir d'arme par destination(couteau, outils...) : ces objets ne peuvent pas donnerlieu \u00e0 un d\u00e9p\u00f4t en consigne.\u00a2 L'acc\u00e8s au stade est interdit \u00e0 toute personne en\u00e9tat d'\u00e9bri\u00e9t\u00e9 ou sous l'emprise de stup\u00e9fiant.\n\u00a2 Les banderoles, drapeaux ou panneaux contenant unmessage \u00e0 caract\u00e8re raciste, x\u00e9nophobe, politique,philosophique sont interdits (contr\u00f4le visuel obligatoire).\u00a2 Si un propri\u00e9taire d'objet non autoris\u00e9 refuse de s'ens\u00e9parer, l'acc\u00e8s au stade lui sera interdit.\nANNEXE 2\nPr\u00e9fecture du VAR - 83-2025-03-28-00001 - ARR\u00caT\u00c9 PR\u00c9FECTORAL n\u00b0 2025/BSP/PP/004\ninstaurant un p\u00e9rim\u00e8tre de protection \u00e0 Toulon aux abords\net sur le parvis du Stade F\u00e9lix Mayol\n14","date":"2025-03-28","first_seen_on":"2025-03-28T15:42:40+00:00","id":"77f6e92afb0e0ca3e79b4f811bf5adbd95b6b48e0aa5505a74536d92c2e0505e","name":"RAA N\u00b0110 du 28 mars 2025","pdf_creation_date":"2025-03-28T15:09:11+00:00","pdf_modification_date":null,"timezone":"CET","url":"https://www.var.gouv.fr/contenu/telechargement/40158/263268/file/RAA%20N%C2%B0110%20du%2028%20mars%202025.pdf"}
