{"administration":"pref80","administration_name":"Pr\u00e9fecture de la Somme","content":"PR\u00c9FET\nDE LA SOMME\nRECUEIL DES ACTES\nADMINISTRATIFS SP\u00c9CIAL\n(NOMINATIFS)\nN\u00b02025-260\nPUBLI\u00c9 LE 24 D\u00c9CEMBRE 2025\nSommaire\nPr\u00e9fecture de la Somme - Direction de la Citoyennet\u00e9 et de la\nL\u00e9galit\u00e9 / Direction de la Citoyennet\u00e9 et de la L\u00e9galit\u00e9\n80-2025-12-23-00004 - Arr\u00eat\u00e9 portant modification de l'habilitation\nfun\u00e9raire \nde l'\u00e9tablissement principal de la SARL\n\u00ab\u00a0MARTINS-CHRETIEN\u00a0\u00bb\nsis 26 bis rue de Vignacourt \u00e0\nSAINT-OUEN (80610) (2 pages) Page 3\n2\nPr\u00e9fecture de la Somme - Direction de la\nCitoyennet\u00e9 et de la L\u00e9galit\u00e9\n80-2025-12-23-00004\nArr\u00eat\u00e9 portant modification de l'habilitation\nfun\u00e9raire \nde l'\u00e9tablissement principal de la SARL\n\u00ab\u00a0MARTINS-CHRETIEN\u00a0\u00bb\nsis 26 bis rue de Vignacourt \u00e0 SAINT-OUEN\n(80610)\nPr\u00e9fecture de la Somme - Direction de la Citoyennet\u00e9 et de la L\u00e9galit\u00e9 - 80-2025-12-23-00004 - Arr\u00eat\u00e9 portant modification de\nl'habilitation fun\u00e9raire \nde l'\u00e9tablissement principal de la SARL \u00ab\u00a0MARTINS-CHRETIEN\u00a0\u00bb\nsis 26 bis rue de Vignacourt \u00e0 SAINT-OUEN (80610)\n3\nEe Secr\u00e9tariat g\u00e9n\u00e9ralPREFET Direction de la Citoyennet\u00e9 et de la L\u00e9galit\u00e9sie LA stallsBureau des \u00e9lections et de la r\u00e9glementation g\u00e9n\u00e9raleLit ricETFrarcreire\nARR\u00caT\u00c9Portant modification de l'habilitation fun\u00e9rairede l'\u00e9tablissement principal de la SARL \u00ab MARTINS-CHRETIEN \u00bbsis 26 bis rue de Vignacourt \u00e0 SAINT-OUEN (80610)LE PR\u00c9FET DE LA SOMMECHEVALIER DE LA L\u00c9GION D'HONNEURCHEVALIER DE L'ORDRE NATIONAL DU M\u00c9RITE\nVU le Code g\u00e9n\u00e9ral des collectivit\u00e9s territoriales, notamment les articles L.2223-19, D.2223-114 etD.2223-120 ;VU le d\u00e9cret n\u00b0 2004-374 du 29 avril 2004 relatif aux pouvoirs des pr\u00e9fets, \u00e0 l'organisation et \u00e0l'action des services de l'\u00c9tat dans les r\u00e9gions et d\u00e9partements ;VU le d\u00e9cret n\u00b0 2020-917 du 28 juillet 2020 relatif a la dur\u00e9e de I'habilitation dans le secteurfun\u00e9raire et \u00e0 la housse mortuaire ;VU le d\u00e9cret du 13 juillet 2023 portant nomination du pr\u00e9fet de la Somme, Monsieur RollonMOUCHEL-BLAISOT \u00e0 compter du 24juillet 2023 ;VU le d\u00e9cret du 21 juillet 2023 portant nomination de Monsieur Emmanuel MOULARD,sous-pr\u00e9fet hors classe, secr\u00e9taire g\u00e9n\u00e9ral de la pr\u00e9fecture de la Somme ;VU l'arr\u00eat\u00e9 pr\u00e9fectoral du 2 mars 2021 portant renouvellement de l'habilitation fun\u00e9raire n\u00b021-80-17 .pour les Pompes Fun\u00e8bres MARTINS-CHRETIEN, sises 26 bis rue de Vignacourt \u00e0 SAINT-OUEN(80610);VU l'arr\u00eat\u00e9 pr\u00e9fectoral du 23 septembre 2025 portant d\u00e9l\u00e9gation de signature principale \u00e0Monsieur Emmanuel MOULARD, sous-pr\u00e9fet hors classe, secr\u00e9taire g\u00e9n\u00e9ral de la pr\u00e9fecture de laSomme ;VU la demande transmise le 26 septembre 2025, compl\u00e9t\u00e9e les 3 et 27 novembre 2025, par laquelleMM. Pascal MARTINS et Matthieu CHRETIEN, co-g\u00e9rants, sollicitent la modification de | RaHINEATIENfun\u00e9raire de leur \u00e9tablissement concernant le changement des v\u00e9hicules fun\u00e9raires;CONSID\u00c9RANT le rapport de v\u00e9rification du v\u00e9hicule FB-963-NS du 24/06/2025, \u00e9tabli par lasoci\u00e9t\u00e9 Bureau Veritas Exploitation SAS, accr\u00e9dit\u00e9e par le Comit\u00e9 fran\u00e7ais d'accr\u00e9ditation(COFRAC) sous le n\u00b03-1335, conforme ;CONSID\u00c9RANT le certificat d'immatriculation mentionnant que l'\u00e9tablissement MARTINS-CHRETIEN est propri\u00e9taire du v\u00e9hicule fun\u00e9raire FB-963-NS ;SUR proposition du secr\u00e9taire g\u00e9n\u00e9ral de la Pr\u00e9fecture ;\nPr\u00e9fecture de la Somme - Direction de la Citoyennet\u00e9 et de la L\u00e9galit\u00e9 - 80-2025-12-23-00004 - Arr\u00eat\u00e9 portant modification de\nl'habilitation fun\u00e9raire \nde l'\u00e9tablissement principal de la SARL \u00ab\u00a0MARTINS-CHRETIEN\u00a0\u00bb\nsis 26 bis rue de Vignacourt \u00e0 SAINT-OUEN (80610)\n4\nARRETEArticle 1\u00b0: L'\u00e9tablissement principal de la SARL \u00ab MARTINS-CHRETIEN \u00bb, sis 26 bis rue deVignacourt \u00e0 SAINT-OUEN, exploit\u00e9 par MM. Pascal MARTINS et Matthieu CHRETIEN, co-g\u00e9rants,~ est habilit\u00e9 pour exercer sur l'ensemble du territoire national les activit\u00e9s fun\u00e9raires suivantes :e transport de corps avant mise en bi\u00e8re (v\u00e9hicule immatricul\u00e9 FF-688-jJ) ;\u00b0 transport de corps avant et apr\u00e8s mise en bi\u00e8re (v\u00e9hicule immatricul\u00e9 FB-963-NS) ;e organisation des obs\u00e8ques;e fourniture des housses, des cercueils et de leurs accessoires int\u00e9rieurs et ext\u00e9rieurs ainsi quedes urnes cin\u00e9raires ;e fournituredes corbillards et voitures de deuil;e fourniture de personnel et des objets et prestations n\u00e9cessaires aux obs\u00e8ques, inhumations,exhumations et cr\u00e9mations.Article 2 : Le num\u00e9ro de l'habilitation est 21-80-0006.Article 3 : Le reste est sans changement.Article 4: Le secr\u00e9taire g\u00e9n\u00e9ral de la pr\u00e9fecture de la Somme est charg\u00e9 de l'ex\u00e9cution du pr\u00e9sentarr\u00eat\u00e9 qui sera publi\u00e9 au recueil des actes administratifs de la pr\u00e9fecture de la Somme et notifi\u00e9 \u00e0MM. Pascal MARTINS et Matthieu CHRETIEN.\nFait \u00e0 Amiens, le 9 3 DEC. 2025Pour le pr\u00e9fet et par d\u00e9l\u00e9gation,Le secr\u00e9t\u00e2ire g\u00e9n\u00e9ral,\n[Emmanuel MOULARD\nPr\u00e9fecture de la Somme - Direction de la Citoyennet\u00e9 et de la L\u00e9galit\u00e9 - 80-2025-12-23-00004 - Arr\u00eat\u00e9 portant modification de\nl'habilitation fun\u00e9raire \nde l'\u00e9tablissement principal de la SARL \u00ab\u00a0MARTINS-CHRETIEN\u00a0\u00bb\nsis 26 bis rue de Vignacourt \u00e0 SAINT-OUEN (80610)\n5","date":"2025-12-24","first_seen_on":"2025-12-24T16:17:47+00:00","id":"780789c38bb4d53fbbae7798c9574a287974cc303c6d483acb555c56f5c7d9c3","name":"RAA n\u00b0260 sp\u00e9cial (nominatifs) du 24 d\u00e9cembre 2025","pdf_creation_date":"2025-12-24T14:00:32+00:00","pdf_modification_date":null,"timezone":"Europe/Paris","url":"https://www.somme.gouv.fr/contenu/telechargement/54602/359127/file/recueil-2025-260-recueil-des-actes-administratifs-nominatifs.pdf"}
