{"administration":"pref83","administration_name":"Pr\u00e9fecture du Var","content":"VAR\nRECUEIL DES ACTES\nADMINISTRATIFS SP\u00c9CIAL\n(NOMINATIFS)\nN\u00b083-2024-077\nPUBLI\u00c9 LE 22 AVRIL 2024\nSommaire\nPr\u00e9fecture du VAR / Direction de la coordination des politiques publiques et\nde l'appui territorial\n83-2024-04-22-00001 - ARR\u00caT\u00c9 PR\u00c9FECTORAL n\u00b0 2024/19/MCI du 22 avril\n2024 portant modification de l'arr\u00eat\u00e9 pr\u00e9fectoral n\u00b02024/18/MCI du 19 avril\n2024\nportant suppl\u00e9ance du pr\u00e9fet du Var (2 pages) Page 3\n2\nPr\u00e9fecture du VAR\n83-2024-04-22-00001\nARR\u00caT\u00c9 PR\u00c9FECTORAL n\u00b0 2024/19/MCI du 22\navril 2024 portant modification de l'arr\u00eat\u00e9\npr\u00e9fectoral n\u00b02024/18/MCI du 19 avril 2024\nportant suppl\u00e9ance du pr\u00e9fet du Var\nPr\u00e9fecture du VAR - 83-2024-04-22-00001 - ARR\u00caT\u00c9 PR\u00c9FECTORAL n\u00b0 2024/19/MCI du 22 avril 2024 portant modification de l'arr\u00eat\u00e9\npr\u00e9fectoral n\u00b02024/18/MCI du 19 avril 2024\nportant suppl\u00e9ance du pr\u00e9fet du Var3\nEx\nPREFET\nDU  VAR\nL'z'berte'\nEgalit\u00e9\nFraternit\u00e9\nDirection de la coordination \ndes politiques publiques\n   et de l'appui territorial \nMission de coordination interminist\u00e9rielle\nARR\u00caT\u00c9 PR\u00c9FECTORAL n\u00b0 2024/19/MCI du 22 avril 2024\nportant modification de l'arr\u00eat\u00e9 pr\u00e9fectoral n\u00b02024/18/MCI du 19 avril 2024 \nportant suppl\u00e9ance du pr\u00e9fet du Var  \nLe Pr\u00e9fet,\nOfficier de la L\u00e9gion d'honneur\nVu la loi n\u00b0 82-213 du 2 mars 1982 modifi\u00e9e, relative aux droits et libert\u00e9s des communes, des\nd\u00e9partements et des r\u00e9gions  ;\nVu  la  loi  d'orientation  n\u00b0  92-125  du  6  f\u00e9vrier  1992  modifi\u00e9e  relative  \u00e0  l'administration\nterritoriale de la R\u00e9publique  ;\nVu  le  d\u00e9cret  n\u00b0  2004-374  du  29  avril  2004  modifi\u00e9  relatif  aux  pouvoirs  des  pr\u00e9fets,  \u00e0\nl'organisation et \u00e0 l'action des services de l'\u00c9tat dans les r\u00e9gions et d\u00e9partements  ;\nVu  le  d\u00e9cret  du  Pr\u00e9sident  de  la  R\u00e9publique  du  15  avril  2022  portant  nomination  de\nM.  Lucien  GIUDICELLI,  secr\u00e9taire  g\u00e9n\u00e9ral  de  la  pr\u00e9fecture  du  Var,  sous-pr\u00e9fet  de\nl'arrondissement de Toulon  ;\nVu  le  d\u00e9cret  du  Pr\u00e9sident  de  la  R\u00e9publique  du  6  juillet  2023  portant  nomination  de\nMme Myriam GARCIA, sous-pr\u00e9f\u00e8te de l'arrondissement de Draguignan  ; \nVu  le  d\u00e9cret  du  Pr\u00e9sident  de  la  R\u00e9publique  du  13  juillet  2023  portant  nomination  de\nM. Philippe MAHE, pr\u00e9fet du Var  ;\nVu  le  d\u00e9cret  du  Pr\u00e9sident  de  la  R\u00e9publique  du  3  avril  2024  portant  nomination  de\nMadame Jos\u00e9phine GUIGLIANO-BOUTONNET, sous-pr\u00e9f\u00e8te, directrice de cabinet du pr\u00e9fet\ndu Var ;\nConsid\u00e9rant l'absence du pr\u00e9fet et l'absence du secr\u00e9taire g\u00e9n\u00e9ral ;\nConsid\u00e9rant l'absence de la directrice de cabinet du pr\u00e9fet, du mardi 23 avril \u00e0 16 h 00 au jeudi\n25 avril 2024 \u00e0 08 h 00  ;\nVu l'arr\u00eat\u00e9 pr\u00e9fectoral n\u00b02024/18/MCI du 19 avril 2024 portant suppl\u00e9ance du pr\u00e9fet du Var  ;\nSur proposition du secr\u00e9taire g\u00e9n\u00e9ral de la pr\u00e9fecture  ;\n \n1/1\nPr\u00e9fecture du VAR - 83-2024-04-22-00001 - ARR\u00caT\u00c9 PR\u00c9FECTORAL n\u00b0 2024/19/MCI du 22 avril 2024 portant modification de l'arr\u00eat\u00e9\npr\u00e9fectoral n\u00b02024/18/MCI du 19 avril 2024\nportant suppl\u00e9ance du pr\u00e9fet du Var4\nARRETE :\nARTICLE 1er: Les dispositions de l'article 1er de l'arr\u00eat\u00e9 n\u00b02024/18/MCI du 19 avril 2024 restent\ninchang\u00e9es \u00e0 l'exception de la p\u00e9riode du mardi 23 avril \u00e0 16h00 au jeudi 25 avril 2024 \u00e0\n08h00, durant laquelle la suppl\u00e9ance du pr\u00e9fet du Var est assur\u00e9e par Mme Myriam GARCIA,\nsous-pr\u00e9f\u00e8te de l'arrondissement de Draguignan.\nARTICLE 2: Le secr\u00e9taire g\u00e9n\u00e9ral de la pr\u00e9fecture du Var, la sous-pr\u00e9f\u00e8te, directrice de cabinet\ndu  pr\u00e9fet  et  la  sous-pr\u00e9f\u00e8te  de  l'arrondissement  de  Draguignan,  d\u00e9sign\u00e9es  pour  la\nsuppl\u00e9ance, sont charg\u00e9s, chacun en ce qui le concerne, de l'ex\u00e9cution du pr\u00e9sent arr\u00eat\u00e9 qui\nsera publi\u00e9 au recueil des actes administratifs de la pr\u00e9fecture.\n                                                                                    Fait \u00e0 Toulon, le 22 avril 2024\n                                                                                    Le Pr\u00e9fet du Var,\n                                                                                    Sign\u00e9\n Philippe MAHE\n2/2Pr\u00e9fecture du VAR - 83-2024-04-22-00001 - ARR\u00caT\u00c9 PR\u00c9FECTORAL n\u00b0 2024/19/MCI du 22 avril 2024 portant modification de l'arr\u00eat\u00e9\npr\u00e9fectoral n\u00b02024/18/MCI du 19 avril 2024\nportant suppl\u00e9ance du pr\u00e9fet du Var5","date":"2024-04-22","first_seen_on":"2024-05-12T08:23:18+00:00","id":"7827b2a8415f7d8604034f99214bc6737ac032428666890ad6c47122ab94dd74","name":"RAA N\u00b0 077 du 22 avril 2024","pdf_creation_date":"2024-04-22T13:54:40+00:00","pdf_modification_date":null,"timezone":"Europe/Paris","url":"https://www.var.gouv.fr/contenu/telechargement/34258/227949/file/RAA%20N%C2%B0%20077%20du%2022%20avril%202024%20NOMINATIF.pdf"}
