{"administration":"pref83","administration_name":"Pr\u00e9fecture du Var","content":"VAR\nRECUEIL DES ACTES\nADMINISTRATIFS\nN\u00b083-2025-321\nPUBLI\u00c9 LE 24 SEPTEMBRE 2025\nSommaire\nDirection d\u00e9partementale de l'emploi, du travail et des solidarit\u00e9s du Var\n/ Direction de la DDETS\n83-2025-09-23-00001 - 726-2025-recepisse declaration JADA-SCAILLIEREZ\nJEROME du 230925 (1 page) Page 3\n83-2025-09-04-00005 - ARRETE MODIF composition CF2 septembre2025 (3\npages) Page 5\nDirection d\u00e9partementale des territoires et de la mer du Var / Service eau\net biodiversit\u00e9 de la DDTM\n83-2025-09-24-00002 - ARR\u00caT\u00c9 PR\u00c9FECTORAL N\u00b0 DDTM / SEBIO /\n2025-137 du 24 septembre 2025 abrogeant l'arr\u00eat\u00e9 pr\u00e9fectoral N\u00b0\nDDTM / SEBIO / 2025-102 du 30 juillet 2025 d\u00e9clarant l'\u00e9tat\nd'alerte s\u00e9cheresse sur le bassin-versant du Gapeau. (3 pages) Page 9\nPr\u00e9fecture du VAR / Direction de la coordination des politiques publiques\net de l'appui territorial\n83-2025-09-24-00001 - Arr\u00eat\u00e9 pr\u00e9fectoral n\u00b02025/63/MCi du 24\nseptembre 2025 portant d\u00e9l\u00e9gation de signature \u00e0 Mme Myriam\nGARCIA, sous-pr\u00e9f\u00e8te de l'arrondissement de Draguignan. (8 pages) Page 13\nPr\u00e9fecture du VAR / Direction des s\u00e9curit\u00e9s\n83-2025-09-23-00002 - APC Agr\u00e9ment sign\u00e9 (2 pages) Page 22\n2\nDirection d\u00e9partementale de l'emploi, du travail\net des solidarit\u00e9s du Var\n83-2025-09-23-00001\n726-2025-recepisse declaration\nJADA-SCAILLIEREZ JEROME du 230925\nDirection d\u00e9partementale de l'emploi, du travail et des solidarit\u00e9s du Var - 83-2025-09-23-00001 - 726-2025-recepisse declaration\nJADA-SCAILLIEREZ JEROME du 230925 3\nPF4Libert\u00e9 + \u00c9galit\u00e9 + Fraternit\u00e9R\u00c9PUBLIQUE FRAN\u00c7AISE\nR\u00e9c\u00e9piss\u00e9 de d\u00e9claration\nd'un organisme de services \u00e0 la personne\nenregistr\u00e9 sous le N\u00b0 SAP991394883\nVu le code du travail et notamment les articles L.7231-1 \u00e0 L.7233-2, R.7232-16 \u00e0 R.7232-22, D.7231-1 et \nD.7233-1 \u00e0 D.7233-5 ; \nVu la demande de d\u00e9claration d\u00e9pos\u00e9e par l'organisme J.A.D.A., 167 Avenue 551\u00e8me BTN P. \nAMERICAINS 83330 DRAGUIGNAN, le 20/09/25 ;\nLe pr\u00e9fet du Var\nConstate : \nQu'une d\u00e9claration d'activit\u00e9s de services \u00e0 la personne a \u00e9t\u00e9 d\u00e9pos\u00e9e aupr\u00e8s du service instructeur  \ndu Var, le 20/09/25 par M. SCAILLIEREZ J\u00e9r\u00f4me en qualit\u00e9 de dirigeant(e), pour l'organisme J.A.D.A.  \ndont  l'\u00e9tablissement  principal  est  situ\u00e9  167  Avenue  551\u00e8me  BTN  P.  AMERICAINS  83330 \nDRAGUIGNAN et enregistr\u00e9 sous le N\u00b0 SAP991394883 pour les activit\u00e9s suivantes :\n  \u2022   Entretien de la maison et travaux m\u00e9nagers (mode d'intervention Prestataire)\n  \u2022   Pr\u00e9paration de repas \u00e0 domicile (mode d'intervention Prestataire)\n  \u2022   Livraison de repas \u00e0 domicile (mode d'intervention Prestataire)\n  \u2022   Livraison de courses \u00e0 domicile (mode d'intervention Prestataire)\n  \u2022   Soins et promenade(s) d'animaux pour personnes d\u00e9pendantes (mode d'intervention Prestataire)\nToute  modification  concernant  les  activit\u00e9s  exerc\u00e9es  devra  faire  l'objet  d'une  d\u00e9claration \nmodificative pr\u00e9alable.\nSous r\u00e9serve d'\u00eatre exerc\u00e9es \u00e0 titre exclusif (ou sous r\u00e9serve d'une comptabilit\u00e9 s\u00e9par\u00e9e pour les  \npersonnes  morales  dispens\u00e9es  de  cette  condition),  ces  activit\u00e9s  ouvrent  droit  au  b\u00e9n\u00e9fice  des \ndispositions des articles L. 7233-2 du code du travail et L.241-10 du code de la s\u00e9curit\u00e9 sociale dans  \nles conditions pr\u00e9vues par ces articles.\nLes effets de la d\u00e9claration courent \u00e0 compter du jour du d\u00e9p\u00f4t de la d\u00e9claration sous r\u00e9serve des  \ndispositions de l'article R.7232-18 du code du travail. Le pr\u00e9sent r\u00e9c\u00e9piss\u00e9 n'est pas limit\u00e9 dans le  \ntemps. La d\u00e9claration a une port\u00e9e nationale. L'enregistrement de la d\u00e9claration peut \u00eatre retir\u00e9  \ndans les conditions fix\u00e9es aux articles R.7232-20 \u00e0 R.7232-22 du code du travail. Le pr\u00e9sent r\u00e9c\u00e9piss\u00e9  \nsera publi\u00e9 au recueil des actes administratifs de la pr\u00e9fecture.\nLe pr\u00e9sent r\u00e9c\u00e9piss\u00e9 peut, \u00e0 compter de sa notification, faire l'objet d'un recours gracieux aupr\u00e8s  \nservice instructeur du Var ou d'un recours hi\u00e9rarchique adress\u00e9 au ministre charg\u00e9 de l'\u00e9conomie -  \nDirection g\u00e9n\u00e9rale des entreprises \u2013 sous-direction des services marchands, 61 Boulevard Vincent  \nAuriol, 75703 PARIS CEDEX 13. Il peut \u00e9galement faire l'objet d'un recours contentieux dans un d\u00e9lai  \nde deux mois \u00e0 compter de sa notification aupr\u00e8s du tribunal administratif de Toulon. Le tribunal  \nadministratif peut aussi \u00eatre saisi par l'application informatique \u00ab T\u00e9l\u00e9recours citoyen \u00bb accessible sur \nle site internet  http://www.telerecours.fr/\nEn cas de rejet du recours gracieux ou hi\u00e9rarchique ou en l'absence de r\u00e9ponse \u00e0 ce recours (rejet  \nimplicite), un recours contentieux devant le tribunal administratif de Toulon peut \u00e9galement \u00eatre  \nform\u00e9 contre la d\u00e9cision initiale dans un d\u00e9lai de deux mois \u00e0 compter de ce rejet. \nPour le Pr\u00e9fet et par d\u00e9l\u00e9gation\nPour le Directeur d\u00e9partemental \nde l'emploi, du travail et des solidarit\u00e9s du Var \nLa cheffe du service accompagnement \ndes entreprises et d\u00e9veloppement des territoires\nSign\u00e9 : S\u00e9verine LARDERET\nFait \u00e0 CS 31209 - 83070 TOULON Cedex, le 23/09/25\nDDETS du Var\nDirection d\u00e9partementale de l'emploi, du travail et des solidarit\u00e9s du Var - 83-2025-09-23-00001 - 726-2025-recepisse declaration\nJADA-SCAILLIEREZ JEROME du 230925 4\nDirection d\u00e9partementale de l'emploi, du travail\net des solidarit\u00e9s du Var\n83-2025-09-04-00005\nARRETE MODIF composition CF2 septembre2025\nDirection d\u00e9partementale de l'emploi, du travail et des solidarit\u00e9s du Var - 83-2025-09-04-00005 - ARRETE MODIF composition CF2\nseptembre2025 5\nPREFETDU VARLibert\u00e9Egalit\u00e9Fraternit\u00e9\n  \n  \n                                                                                                  \nDirection D\u00e9partementale \nde l'Emploi, du Travail\n et des Solidarit\u00e9s   \nARR\u00caT\u00c9 PR\u00c9FECTORAL 2025-2-3 du 04 septembre 2025\nPORTANT MODIFICATION DE LA COMPOSITION DU CONSEIL DE FAMILLE \nDES PUPILLES DE L'\u00c9TAT DU VAR N\u00b02\nLe Pr\u00e9fet du Var,\n \nVU le Code de l'Action Sociale et des Familles, et notamment les articles R224-1 et suivants,\nVU la loi n\u00b0 84-422 du 6 Juin 1984 relative aux droits des familles dans leurs rapports avec les services  \ncharg\u00e9s de la protection de l'enfant, et au statut des Pupilles de l'\u00c9tat,\nVU la loi n\u00b0 2016-297 du 14 mars 2016 relative \u00e0 la protection de l'enfant modifiant et compl\u00e9tant la loi n\u00b0  \n2007-293 du 05 mars 2007 r\u00e9formant la protection de l'enfance, \nVU la loi n\u00b0 2022-140 du 7 f\u00e9vrier 2022 relative \u00e0 la protection des enfants,\nVU le d\u00e9cret n\u00b0 2024-491 du 30 mai 2024 relatif au conseil de famille des pupilles de l'\u00c9tat,\nVU  l'arr\u00eat\u00e9 pr\u00e9fectoral en date du 25 mars 2021 portant organisation de la direction d\u00e9partementale de  \nl'emploi, du travail et des solidarit\u00e9s,\nVU l'arr\u00eat\u00e9 du Premier ministre et du ministre de l'Int\u00e9rieur en date du 17 janvier 2025 portant nomination de  \nmadame  Sandrine  POLYCHRONOPOULOS,  directrice  d\u00e9partementale  de  l'emploi,  du  travail  et  des \nsolidarit\u00e9s du Var \u00e0 compter du 15 f\u00e9vrier 2025,\nVU l'arr\u00eat\u00e9 pr\u00e9fectoral 2025-2-2 modifi\u00e9 en date du 10 avril 2025, portant constitution du Conseil de Famille  \ndes Pupilles de l'\u00c9tat n\u00b02 dans le Var,\nVU le courrier de d\u00e9mission de monsieur Guillaume LAMBERT, suppl\u00e9ant EFA, en date du 29 ao\u00fbt 2025, \nVU  La  nomination  au  titre  de  suppl\u00e9ante  de  l'association  Enfance  et  Familles  d'Adoption  (E.F.A)  de \nmadame Emilie LAUVERGEAT,\nVU  La nomination au titre de titulaire de l'association Enfance et Familles d'Adoption (E.F.A) de monsieur  \nStephen POUPEAU-CURTY,\nCONSIDERANT que le Pr\u00e9fet du Var est le tuteur des pupilles de l'\u00c9tat en application des articles R224-1 et  \nsuivants  du  C.A.S.F.  Attribution  d\u00e9l\u00e9gu\u00e9e  \u00e0  la  directrice  d\u00e9partementale  de  l'emploi  du  travail  et  des \nsolidarit\u00e9s (D.D.E.T.S du Var),\n \nSUR PROPOSITION de madame la directrice d\u00e9partementale de l'emploi, du travail et des solidarit\u00e9s,\n \nPr\u00e9fecture du Var \u2013DDETS\nService Acc\u00e8s \u00e0 l'Autonomie des Populations Vuln\u00e9rables\nCS 31209\n83070  TOULON CEDEX\n \nDirection d\u00e9partementale de l'emploi, du travail et des solidarit\u00e9s du Var - 83-2025-09-04-00005 - ARRETE MODIF composition CF2\nseptembre2025 6\nA R R E T E\nArticle 1  er    \nL'article 2 de l'arr\u00eat\u00e9 pr\u00e9fectoral du 10 avril 2025, relatif \u00e0 la composition du Conseil de Famille des Pupilles  \nde l'\u00c9tat du Var n\u00b02, est modifi\u00e9 comme suit :\nRepr\u00e9sentants d'associations familiales     :  \nPour Enfance et Familles d'Adoption (EFA) :\n\uf0b7 Monsieur Stephen POUPEAU-CURTY, membre titulaire,\n\uf0b7 Madame  Emilie LAUVERGEAT, membre suppl\u00e9ant.\nArticle 2 \nLa nouvelle composition du Conseil de Familles des Pupilles de l'\u00c9tat n\u00b02 est fix\u00e9e comme suit :\nRepr\u00e9sentants du Conseil D\u00e9partemental     :  \n\uf0b7  Madame Val\u00e9rie MONDONE, membre titulaire\n\uf0b7  Madame Nathalie JANET, membre titulaire\nRepr\u00e9sentants de l'Association D\u00e9partementale d'Entraide aux Pupilles et Anciens Pupilles de l'\u00c9tat  \n(ADEPAPE)     :  \n\uf0b7 Madame Sylvie DESANTI, membre titulaire\n\uf0b7 Madame Nelly WOOLLEY, membre suppl\u00e9ant\nRepr\u00e9sentants d'associations familiales     :  \nPour l'Union D\u00e9partementale des associations familiales (UDAF) : \n\uf0b7 Madame Samantha BONAMY, membre titulaire\n\uf0b7 Monsieur Didier GUERRINI, membre suppl\u00e9ant\nPour Enfance et Familles d'Adoption (EFA) :\n\uf0b7 Monsieur Stephen POUPEAU-CURTY, membre titulaire\n\uf0b7 Madame  Emilie LAUVERGEAT, membre suppl\u00e9ant\nPersonnes qualifi\u00e9es en mati\u00e8re d'\u00e9thique et de lutte contre les discriminations     :  \n\uf0b7 Madame Fabienne BONNET, Inspectrice \u00c9ducation Nationale, membre titulaire\n\uf0b7 Monsieur  Vincent  CENDAMO,  Conseiller  technique  de  l'\u00c9ducation  Nationale,  membre \nsuppl\u00e9ant\nPr\u00e9fecture du Var \u2013DDETS\nService Acc\u00e8s \u00e0 l'Autonomie des Populations Vuln\u00e9rables\nCS 31209\n83070  TOULON CEDEX\n \nDirection d\u00e9partementale de l'emploi, du travail et des solidarit\u00e9s du Var - 83-2025-09-04-00005 - ARRETE MODIF composition CF2\nseptembre2025 7\nPersonnes qualifi\u00e9es pour l'int\u00e9r\u00eat port\u00e9 \u00e0 la protection de l'Enfance et de la Famille     :  \n\uf0b7 Madame Sophie ABOUDARAM, membre titulaire\n\uf0b7 Madame Fran\u00e7oise PONSART, membre suppl\u00e9ante\nArticle     : 3  \nLe Secr\u00e9taire G\u00e9n\u00e9ral de la Pr\u00e9fecture du Var et la Directrice D\u00e9partementale de l'Emploi, du Travail et des  \nSolidarit\u00e9s, sont charg\u00e9s de l'ex\u00e9cution du pr\u00e9sent arr\u00eat\u00e9 qui sera publi\u00e9 au Recueil des Actes Administratifs  \nde la Pr\u00e9fecture du Var.\n            Fait \u00e0 Toulon, le 04/09/2025 \n \n                                                                            Le Pr\u00e9fet du Var,\n Sign\u00e9\n                 \n \n                                                                           Simon BABRE\nPr\u00e9fecture du Var \u2013DDETS\nService Acc\u00e8s \u00e0 l'Autonomie des Populations Vuln\u00e9rables\nCS 31209\n83070  TOULON CEDEX\n \nDirection d\u00e9partementale de l'emploi, du travail et des solidarit\u00e9s du Var - 83-2025-09-04-00005 - ARRETE MODIF composition CF2\nseptembre2025 8\nDirection d\u00e9partementale des territoires et de la\nmer du Var\n83-2025-09-24-00002\nARR\u00caT\u00c9 PR\u00c9FECTORAL N\u00b0 DDTM / SEBIO /\n2025-137 du 24 septembre 2025 abrogeant\nl'arr\u00eat\u00e9 pr\u00e9fectoral N\u00b0 DDTM / SEBIO / 2025-102\ndu 30 juillet 2025 d\u00e9clarant l'\u00e9tat d'alerte\ns\u00e9cheresse sur le bassin-versant du Gapeau.\nDirection d\u00e9partementale des territoires et de la mer du Var - 83-2025-09-24-00002 - ARR\u00caT\u00c9 PR\u00c9FECTORAL N\u00b0 DDTM / SEBIO /\n2025-137 du 24 septembre 2025 abrogeant l'arr\u00eat\u00e9 pr\u00e9fectoral N\u00b0 DDTM / SEBIO / 2025-102 du 30 juillet 2025 d\u00e9clarant l'\u00e9tat d'alerte\ns\u00e9cheresse sur le bassin-versant du Gapeau.\n9\n=mPREFETDU VARLibert\u00e9Egalit\u00e9Fraternit\u00e9\nARR\u00caT\u00c9 PR\u00c9FECTORAL n\u00b0DDTM/SEBIO/2025-137 du 24 septembre 2025\nabrogeant l'arr\u00eat\u00e9 pr\u00e9fectoral n\u00b0DDTM/SEBIO/2025-102 du 30 juillet 2025 d\u00e9clarant l'\u00e9tat \nd'alerte s\u00e9cheresse sur le bassin-versant du Gapeau\nLe Pr\u00e9fet du Var,\nVu le code de l'environnement et notamment ses articles L.211-3, R.211-9 et R.211-66 \u00e0 R.211-\n70 ;\nVu le code de la sant\u00e9 publique ;\nVu le code g\u00e9n\u00e9ral des collectivit\u00e9s territoriales et notamment ses articles L.2212-1, L.2212-2 et \nL.2215-1 ;\nVu le code civil et notamment les articles 640 \u00e0 645 ;\nVu le d\u00e9cret du Pr\u00e9sident de la R\u00e9publique du 15 mai 2025 nommant M. Simon BABRE, pr\u00e9fet  \ndu Var ;\nVu l'arr\u00eat\u00e9  pr\u00e9fectoral  n\u00b0DDTM/SEBIO/2025-65  du  1er juillet  2025  relatif  \u00e0  la  gestion  des \np\u00e9riodes de s\u00e9cheresse pour le d\u00e9partement du Var ; \nVu l'arr\u00eat\u00e9 pr\u00e9fectoral n\u00b0 DDTM/SEBIO/2025-96 du 15 juillet 2025 pla\u00e7ant en situation de  \nvigilance  \u00ab S\u00e9cheresse \u00bb  les  zones  Argens,  Gapeau,  C\u00f4tiers  ouest,  Artuby-Jabron,  Verdon, \nSiagne amont, Siagne aval, Giscle M\u00f4le, Durance, Basse vall\u00e9e de l'Argens ;\nVu l'arr\u00eat\u00e9 pr\u00e9fectoral  n\u00b0DDTM/SEBIO/2025-102  du 30 juillet 2025  d\u00e9clarant l'\u00e9tat d'alerte  \ns\u00e9cheresse sur le bassin-versant du Gapeau ;\nVu la consultation \u00e9lectronique du comit\u00e9 ressource en eau men\u00e9e du 23 au 24 septembre  \n2025 confortant l'abrogation de l'alerte s\u00e9cheresse dans le bassin-versant du Gapeau ; \nConsid\u00e9rant la situation m\u00e9t\u00e9orologique du d\u00e9partement ;\nConsid\u00e9rant  les  derni\u00e8res  fortes  pr\u00e9cipitations,  notamment  l'\u00e9pisode  orageux  du  21 \nseptembre 2025 (100 \u00e0 150mm de pluviom\u00e9trie), ayant conduit \u00e0 une remont\u00e9e significative  \ndu niveau des d\u00e9bits dans les cours d'eau dans le bassin-versant du Gapeau ; \n1\nDirection d\u00e9partementale\ndes territoires et de la mer du Var\nService eau et biodiversit\u00e9\nDirection d\u00e9partementale des territoires et de la mer du Var - 83-2025-09-24-00002 - ARR\u00caT\u00c9 PR\u00c9FECTORAL N\u00b0 DDTM / SEBIO /\n2025-137 du 24 septembre 2025 abrogeant l'arr\u00eat\u00e9 pr\u00e9fectoral N\u00b0 DDTM / SEBIO / 2025-102 du 30 juillet 2025 d\u00e9clarant l'\u00e9tat d'alerte\ns\u00e9cheresse sur le bassin-versant du Gapeau.\n10\nConsid\u00e9rant que le niveau des d\u00e9bits du R\u00e9al Martin et du Gapeau dans le bassin-versant du \nGapeau ont des valeurs d\u00e9passant les seuils d'alerte ; \nConsid\u00e9rant la fin de saison estivale, avec comme cons\u00e9quence une moindre fr\u00e9quentation  \ntouristique et des pr\u00e9l\u00e8vements associ\u00e9s ; \nConsid\u00e9rant des besoins agricoles moindres et une baisse des temp\u00e9ratures conduisant \u00e0 une  \n\u00e9vaporation limit\u00e9e ;\nSur proposition du directeur d\u00e9partemental des territoires et de la mer du Var ;\nARR\u00caTE :\nArticle 1  er   : Abrogation de l'arr\u00eat\u00e9 pr\u00e9fectoral du 30 juillet 2025\nL'arr\u00eat\u00e9  pr\u00e9fectoral  n\u00b0DDTM/SEBIO/2025-102  du  30  juillet  2025  d\u00e9clarant  l'\u00e9tat  d'alerte \ns\u00e9cheresse sur le bassin-versant du Gapeau est abrog\u00e9.\nArticle 2  er     :   Zone plac\u00e9e en vigilance s\u00e9cheresse\nConform\u00e9ment \u00e0 l' arr\u00eat\u00e9 pr\u00e9fectoral n\u00b0 DDTM/SEBIO/2025-96  du 15 juillet 2025,  le bassin-\nversant du Gapeau est d\u00e9clar\u00e9 en \u00e9tat de vigilance s\u00e9cheresse jusqu'au 15 octobre 2025.\nLes communes concern\u00e9es, sur la totalit\u00e9 de leur territoire communal, sont :\nBELGENTIER CARNOULES COLLOBRIERES\nCRAU (LA) CUERS FARLEDE (LA)\nHYERES MEOUNES PIERREFEU\nPIGNANS PUGET VILLE SIGNES\nSOLLIES PONT SOLLIES TOUCAT SOLLIES VILLE\nArticle 3 : D\u00e9lais et voies de recours\nLe pr\u00e9sent arr\u00eat\u00e9 peut faire l'objet d'un recours gracieux ou hi\u00e9rarchique. En application de  \nl'article  L.214-10  du  Code  de  l'Environnement,  Il  peut  aussi  faire  l'objet  d'un  recours \ncontentieux devant le tribunal administratif de Toulon dans ce m\u00eame d\u00e9lai.\nLe d\u00e9faut de r\u00e9ponse de l'administration au recours gracieux ou hi\u00e9rarchique dans un d\u00e9lai de\n2 mois apr\u00e8s sa r\u00e9ception fait na\u00eetre une d\u00e9cision implicite de rejet qui peut elle-m\u00eame faire  \nl'objet d'un recours contentieux devant le tribunal administratif dans un d\u00e9lai de 2 mois.\nLe tribunal administratif peut \u00eatre saisi par l'application informatique \u00ab T\u00e9l\u00e9recours citoyens \u00bb, \naccessible sur le site internet : \u00ab www.telerecours.fr \u00bb.\nArticle 4 : Ex\u00e9cution et publication\nLe secr\u00e9taire g\u00e9n\u00e9ral de la pr\u00e9fecture, la sous-pr\u00e9f\u00e8te de Brignoles, les maires des communes  \ndu  d\u00e9partement,  le  commandant  du  groupement  de  gendarmerie,  le  directeur  \nd\u00e9partemental de la s\u00e9curit\u00e9 publique, le chef du service d\u00e9partemental d'incendie et de  \nsecours,  le  directeur  d\u00e9partemental  des  territoires  et  de  la  mer,  le  directeur  r\u00e9gional  de \nl'environnement, de l'am\u00e9nagement et du logement, le d\u00e9l\u00e9gu\u00e9 d\u00e9partemental de l'agence  \n2\nDirection d\u00e9partementale des territoires et de la mer du Var - 83-2025-09-24-00002 - ARR\u00caT\u00c9 PR\u00c9FECTORAL N\u00b0 DDTM / SEBIO /\n2025-137 du 24 septembre 2025 abrogeant l'arr\u00eat\u00e9 pr\u00e9fectoral N\u00b0 DDTM / SEBIO / 2025-102 du 30 juillet 2025 d\u00e9clarant l'\u00e9tat d'alerte\ns\u00e9cheresse sur le bassin-versant du Gapeau.\n11\nr\u00e9gionale de sant\u00e9, le chef du service d\u00e9partemental de l'office fran\u00e7ais pour la biodiversit\u00e9  \nsont charg\u00e9s, chacun en ce qui le concerne, de l'ex\u00e9cution du pr\u00e9sent arr\u00eat\u00e9.\nLes maires afficheront cet arr\u00eat\u00e9 en mairie et en des points choisis par eux assurant sa plus  \nlarge diffusion au public.\nLe pr\u00e9sent arr\u00eat\u00e9 sera publi\u00e9 au recueil des actes administratifs de la pr\u00e9fecture ainsi que sur  \nle  site  internet  de  la  pr\u00e9fecture.  Sa  diffusion  sera  \u00e9galement  assur\u00e9e  sur  le  site  national \nVIGIEAU.\nCopie de cet arr\u00eat\u00e9 sera adress\u00e9e pour information au pr\u00e9fet coordonnateur du Bassin Rh\u00f4ne-\nM\u00e9diterran\u00e9e,  au  directeur  de  l'eau  et  de  la  biodiversit\u00e9  du  minist\u00e8re  de  la  transition \n\u00e9cologique, au pr\u00e9fet de la r\u00e9gion Provence-Alpes-C\u00f4te d'Azur et au pr\u00e9fet maritime de la  \nM\u00e9diterran\u00e9e.\nFait \u00e0 Toulon, le 24 septembre 2025\nLe Pr\u00e9fet,\nSign\u00e9\nSimon BABRE\n3\nDirection d\u00e9partementale des territoires et de la mer du Var - 83-2025-09-24-00002 - ARR\u00caT\u00c9 PR\u00c9FECTORAL N\u00b0 DDTM / SEBIO /\n2025-137 du 24 septembre 2025 abrogeant l'arr\u00eat\u00e9 pr\u00e9fectoral N\u00b0 DDTM / SEBIO / 2025-102 du 30 juillet 2025 d\u00e9clarant l'\u00e9tat d'alerte\ns\u00e9cheresse sur le bassin-versant du Gapeau.\n12\nPr\u00e9fecture du VAR\n83-2025-09-24-00001\nArr\u00eat\u00e9 pr\u00e9fectoral n\u00b02025/63/MCi du 24\nseptembre 2025 portant d\u00e9l\u00e9gation de signature\n\u00e0 Mme Myriam GARCIA, sous-pr\u00e9f\u00e8te de\nl'arrondissement de Draguignan.\nPr\u00e9fecture du VAR - 83-2025-09-24-00001 - Arr\u00eat\u00e9 pr\u00e9fectoral n\u00b02025/63/MCi du 24 septembre 2025 portant d\u00e9l\u00e9gation de signature \u00e0\nMme Myriam GARCIA, sous-pr\u00e9f\u00e8te de l'arrondissement de Draguignan. 13\nEgalit\u00e9Fraternit\u00e9\nVu le d\u00e9cret du Pr\u00e9sident de la R\u00e9publique du 8 septembre 2021 portant nomination de  \nDirection de la coordination des politiques publiques\net de l'appui territorial\nMission de coordination interminist\u00e9rielle\nARR\u00caT\u00c9 PR\u00c9FECTORAL n\u00b02025/63/MCI du 24 septembre 2025\nportant d\u00e9l\u00e9gation de signature \u00e0 Mme Myriam GARCIA,\nsous-pr\u00e9f\u00e8te de l'arrondissement de DRAGUIGNAN\nLe Pr\u00e9fet du Var,\nChevalier de la L\u00e9gion d'Honneur,\nChevalier de l'Ordre National du M\u00e9rite,\nVu la loi n\u00b0 82-213 du 2 mars 1982 modifi\u00e9e, relative aux droits et libert\u00e9s des communes, des  \nd\u00e9partements et des r\u00e9gions ;\nVu la loi n\u00b0 83-8 du 7 janvier 1983 modifi\u00e9e, relative \u00e0 la r\u00e9partition des comp\u00e9tences entre les \ncommunes, les d\u00e9partements, les r\u00e9gions et l'\u00c9tat ;\nVu  la  loi  d'orientation  n\u00b0  92-125  du  6  f\u00e9vrier  1992  modifi\u00e9e  relative  \u00e0  l'administration \nterritoriale de la R\u00e9publique ;\nVu la loi n\u00b0 2004-809 du 13 ao\u00fbt 2004 modifi\u00e9e relative aux libert\u00e9s et responsabilit\u00e9s locales ;\nVu le d\u00e9cret n\u00b0 97-34 du 15 janvier 1997 modifi\u00e9 relatif \u00e0 la d\u00e9concentration des d\u00e9cisions  \nadministratives individuelles ;\nVu  le  d\u00e9cret  n\u00b0  2004-374  du  29  avril  2004  modifi\u00e9  relatif  aux  pouvoirs  des  pr\u00e9fets,  \u00e0 \nl'organisation et \u00e0 l'action des services de l'\u00c9tat dans les r\u00e9gions et d\u00e9partements ;\nVu le d\u00e9cret n\u00b0 2015-510 du 7 mai 2015 portant charte de la d\u00e9concentration ;\nVu  le  d\u00e9cret  du  Pr\u00e9sident  de  la  R\u00e9publique  du  15  avril  2022  portant  nomination  de \nM.  Lucien  GIUDICELLI,  secr\u00e9taire  g\u00e9n\u00e9ral  de  la  pr\u00e9fecture  du  Var,  sous-pr\u00e9fet  de \nl'arrondissement de Toulon; \nVu  le  d\u00e9cret  du  Pr\u00e9sident  de  la  R\u00e9publique  du  6  juillet  2023  portant  nomination  de \nMme Myriam GARCIA, sous-pr\u00e9f\u00e8te de l'arrondissement de Draguignan ; \nVu  le  d\u00e9cret  du  Pr\u00e9sident  de  la  R\u00e9publique  du  3  avril  2024  portant  nomination  de \nMme Jos\u00e9phine GUIGLIANO-BOUTONNET, sous-pr\u00e9f\u00e8te, directrice de cabinet du pr\u00e9fet du  \nVar ;\nVu le d\u00e9cret du Pr\u00e9sident de la R\u00e9publique du 21 septembre 2024 portant nomination de  \nM. Jean-Baptiste MORINAUD, secr\u00e9taire g\u00e9n\u00e9ral adjoint de la pr\u00e9fecture du Var, sous-pr\u00e9fet  \ncharg\u00e9 de mission aupr\u00e8s du pr\u00e9fet du Var ;\nVu le d\u00e9cret du Pr\u00e9sident de la R\u00e9publique du 14 novembre 2024 portant nomination de  \nMme Anne-C\u00e9cile VIALLE, sous-pr\u00e9f\u00e8te de l'arrondissement de Brignoles;\nVu le d\u00e9cret du Pr\u00e9sident de la R\u00e9publique du 15 mai 2025 portant nomination de M. Simon  \nBABRE, pr\u00e9fet du Var ;\n1/8\nPr\u00e9fecture du VAR - 83-2025-09-24-00001 - Arr\u00eat\u00e9 pr\u00e9fectoral n\u00b02025/63/MCi du 24 septembre 2025 portant d\u00e9l\u00e9gation de signature \u00e0\nMme Myriam GARCIA, sous-pr\u00e9f\u00e8te de l'arrondissement de Draguignan. 14\nVu le d\u00e9cret du Pr\u00e9sident de la R\u00e9publique du 8 septembre 2021 portant nomination de  \nSur proposition du secr\u00e9taire g\u00e9n\u00e9ral de la pr\u00e9fecture du Var,\nARR\u00caTE :\nARTICLE  1er     :  Ind\u00e9pendamment  des  attributions  qui  sont  conf\u00e9r\u00e9es  aux  sous-pr\u00e9fets \nd'arrondissement par les lois et r\u00e8glements, d\u00e9l\u00e9gation est donn\u00e9e \u00e0 Mme Myriam GARCIA , \nsous-pr\u00e9f\u00e8te de l'arrondissement de Draguignan, \u00e0 l'effet d'instruire et de signer tous actes de \ngestion relatifs au fonctionnement des services de la sous-pr\u00e9fecture ainsi que pour signer les  \narr\u00eat\u00e9s, circulaires et correspondances concernant, pour l'arrondissement de Draguignan, les  \naffaires suivantes, \u00e0 l'exclusion des requ\u00eates et m\u00e9moires aupr\u00e8s des juridictions :\nI \u2013 Administration g\u00e9n\u00e9rale :\na) Pour les communes de l'arrondissement, lors du renouvellement g\u00e9n\u00e9ral des \u00e9lections  \nmunicipales :\n- re\u00e7us de d\u00e9p\u00f4t d'une d\u00e9claration de candidature pour le 1 er tour de scrutin des \u00e9lections  \nmunicipales ;\n-  r\u00e9c\u00e9piss\u00e9  d\u00e9finitif  d'enregistrement  d'une  d\u00e9claration  de  candidature  aux  \u00e9lections \nmunicipales ;\n- refus de d\u00e9livrance du r\u00e9c\u00e9piss\u00e9 d\u00e9finitif d'enregistrement d'une d\u00e9claration de candidature \naux \u00e9lections municipales ;\n- r\u00e9c\u00e9piss\u00e9s d\u00e9finitifs d'une d\u00e9claration de candidature pour le second tour de scrutin des  \n\u00e9lections municipales ;\nb) organisation des \u00e9lections municipales partielles ;\nII \u2013 Administration locale :\na) suivi  du contr\u00f4le de l\u00e9galit\u00e9 des actes administratifs des collectivit\u00e9s locales et de leurs  \n\u00e9tablissements du ressort de l'arrondissement (\u00e0 l'exception des syndicats mixtes dont le  \nconseil d\u00e9partemental du Var est membre) et des soci\u00e9t\u00e9s d'\u00e9conomie mixte locales, en ce  \nqu'il comprend :\n\u2022 l'information de l'autorit\u00e9 locale sur sa demande de la d\u00e9cision du repr\u00e9sentant de  \nl'\u00c9tat dans le d\u00e9partement de ne pas d\u00e9f\u00e9rer un acte au tribunal administratif ;\n\u2022 l'information  de  l'autorit\u00e9  locale  qu'un  acte  est  entach\u00e9  d'ill\u00e9galit\u00e9  et  la \ncommunication des pr\u00e9cisions utiles lui permettant de rendre l\u00e9gal l'acte concern\u00e9 ;\n\u2022 la signature des recours gracieux ;\n\u2022 la signature de lettres de demandes de pi\u00e8ces compl\u00e9mentaires en mati\u00e8re de contr\u00f4le \nde l\u00e9galit\u00e9 ne valant pas recours gracieux ;\nb) suivi du contr\u00f4le budg\u00e9taire des collectivit\u00e9s locales du ressort de l'arrondissement et de \nleurs \u00e9tablissements (\u00e0 l'exception des syndicats mixtes dont le conseil d\u00e9partemental du Var  \nest membre) en ce qu'il comprend : \n\u2022 la signature des recours gracieux et la signature de lettres de demandes de pi\u00e8ces  \ncompl\u00e9mentaires ne valant pas recours gracieux ;\nc) suivi des demandes de mandatement d'office des d\u00e9penses obligatoires ;\nd) en mati\u00e8re d'urbanisme :\n- la signature des avis de l'\u00c9tat ;\n- la signature des avis sur les permis de d\u00e9molir ;\n 2/8\nPr\u00e9fecture du VAR - 83-2025-09-24-00001 - Arr\u00eat\u00e9 pr\u00e9fectoral n\u00b02025/63/MCi du 24 septembre 2025 portant d\u00e9l\u00e9gation de signature \u00e0\nMme Myriam GARCIA, sous-pr\u00e9f\u00e8te de l'arrondissement de Draguignan. 15\nVu le d\u00e9cret du Pr\u00e9sident de la R\u00e9publique du 8 septembre 2021 portant nomination de  \n- la signature des autorisations ou actes relatifs \u00e0 l'utilisation et \u00e0 l'occupation du sol  \npour les op\u00e9rations relevant de l'article R. 422-2 du code de l'urbanisme ;\n- la signature des autorisations ou actes relatifs \u00e0 l'utilisation et \u00e0 l'occupation du sol  \ndans les communes non dot\u00e9es d'un document d'urbanisme approuv\u00e9, pour les cas  \npr\u00e9vus \u00e0 l'article L. 422-1-b du code de l'urbanisme ;\ne) substitution aux maires dans les cas pr\u00e9vus aux articles L. 2215-1 et L. 2215-5 du code  \ng\u00e9n\u00e9ral des collectivit\u00e9s territoriales ;\nf) autorisation d'occupation temporaire et autorisation de p\u00e9n\u00e9trer sur les propri\u00e9t\u00e9s priv\u00e9es ;\ng) constitution des groupes de travail pr\u00e9vus par les dispositions du titre VIII du code de  \nl'environnement relatif \u00e0 la protection du cadre de vie (publicit\u00e9, enseignes et pr\u00e9-enseignes)  \net mesures administratives d'application ;\nh) arr\u00eat\u00e9s de cr\u00e9ation, de modification des attributions, de retrait de communes membres,  \nd'adh\u00e9sion  de  nouvelles  communes  et  de  dissolution.se  rapportant  aux  \u00e9tablissements \npublics de coop\u00e9ration intercommunale dont le si\u00e8ge se trouve dans l'arrondissement, \u00e0  \nl'exception  des  communaut\u00e9s  d'agglom\u00e9ration,  des  communaut\u00e9s  de  communes,  des \nsyndicats mixtes dont le conseil d\u00e9partemental du Var est membre.\nIII  \u2013  Coordination  de  l'action  des  services  d\u00e9concentr\u00e9s :  tous  actes  ou  documents \nn\u00e9cessaires \u00e0 l'exercice de son pouvoir de coordination de l'action des services d\u00e9concentr\u00e9s  \nde l'\u00c9tat pr\u00e9vu par le d\u00e9cret n\u00b0 2004-374 du 29 avril 2004, et notamment toutes demandes  \nd'information.\nARTICLE  2 :  Ind\u00e9pendamment  des  attributions  qui  sont  conf\u00e9r\u00e9es  aux  sous-pr\u00e9fets \nd'arrondissement par les lois et r\u00e8glements, d\u00e9l\u00e9gation est donn\u00e9e \u00e0 Mme Myriam GARCIA , \nsous-pr\u00e9f\u00e8te de l'arrondissement de Draguignan, \u00e0 l'effet d'instruire et de signer tous les  \narr\u00eat\u00e9s,  circulaires  et  correspondances  concernant  le  bureau  de  l'administration  et  de  la \nr\u00e9glementation g\u00e9n\u00e9rale, \u00e0 l'exclusion des requ\u00eates et m\u00e9moires aupr\u00e8s des juridictions :\nI \u2013 Pour l'arrondissement de Draguignan :\na) opposition \u00e0 sortie du territoire pour les enfants mineurs ;\nb)  l\u00e9gislation  fun\u00e9raire :  les  laissez-passer  de  corps  et  urnes  cin\u00e9raires  vers  l'\u00e9tranger,  les \nautorisations de transport de corps et urnes cin\u00e9raires vers l'\u00e9tranger, les d\u00e9rogations au d\u00e9lai \nr\u00e9glementaire de quatorze jours en vue de l'inhumation ou de l'incin\u00e9ration des corps des  \npersonnes d\u00e9c\u00e9d\u00e9es, les autorisations d'inhumation en propri\u00e9t\u00e9 priv\u00e9e ;\nc) instruction des demandes d'enqu\u00eates sociales et administratives en mati\u00e8re de logement  \nsocial et d'expulsion, propositions de logements aux bailleurs sociaux ;\nd)  instruction  et  signature  des  octrois  ou  refus  du  concours  de  la  force  publique  pour \nl'ex\u00e9cution  des  d\u00e9cisions  de  justice  en  mati\u00e8re  d'expulsion  locative,  domiciliaire  et \nimmobili\u00e8re,  des  demandes  d'indemnit\u00e9s  amiables,  r\u00e8glement  transactionnel  des  dossiers \naff\u00e9rents, protocole d'accord de pr\u00e9vention des expulsions locatives, mise en \u0153uvre des  \nd\u00e9cisions \u00ab  droit au logement opposable  \u00bb (DALO) y compris les radiations et les recours  \ngracieux DALO ;\ne) avis pr\u00e9alable aux mesures de police des d\u00e9bits de boissons et des h\u00f4tels ;\nf)  autorisation  d'utilisation du  plan  d'eau  du  lac  de  Saint-Cassien  par  d\u00e9rogation  aux \ndispositions de l'arr\u00eat\u00e9 pr\u00e9fectoral du 16 juin 1977 ;\n3/8\nPr\u00e9fecture du VAR - 83-2025-09-24-00001 - Arr\u00eat\u00e9 pr\u00e9fectoral n\u00b02025/63/MCi du 24 septembre 2025 portant d\u00e9l\u00e9gation de signature \u00e0\nMme Myriam GARCIA, sous-pr\u00e9f\u00e8te de l'arrondissement de Draguignan. 16\nVu le d\u00e9cret du Pr\u00e9sident de la R\u00e9publique du 8 septembre 2021 portant nomination de  \ng)  d\u00e9cision de suspension des permis de  conduire, d\u00e9cision de restriction de validit\u00e9 de  \npermis de conduire cons\u00e9cutive aux examens en commission m\u00e9dicale d'aptitude, d\u00e9cision  \nde  mise  en  \u0153uvre  des  visites  m\u00e9dicales  par  autorit\u00e9,  d\u00e9cision  de  mise  en  \u0153uvre  des \ndispositions  sp\u00e9cifiques  \u00e0  l'\u00e9thylotest  antid\u00e9marrage,  mise  en  \u0153uvre  de  la  proc\u00e9dure \nd'\u00e9change de permis de conduire \u00e9tranger apr\u00e8s suspension ;\nh) d\u00e9livrance des attestations de duplicata des permis de chasser ;\ni) d\u00e9livrance des r\u00e9c\u00e9piss\u00e9s de revendeurs d'objets mobiliers ;\nj)  d\u00e9livrance  des  autorisations  d'installation  de  liaisons  d'alarme  avec  le  commissariat  de \npolice de Draguignan ;\nk)  d\u00e9clarations  d'option  pour  l'incorporation  dans  le  service  national  des  jeunes  double-\nnationaux ;\nl)  instruction  et  signature  des  arr\u00eat\u00e9s  instaurant  un  p\u00e9rim\u00e8tre  de  protection  pour  les \nmanifestations dont il a la responsabilit\u00e9, en application de l'article L. 226-1 du code de la  \ns\u00e9curit\u00e9 int\u00e9rieure ;\nm)  suivi  des  proc\u00e8s-verbaux  de  r\u00e9union  ou  de  visite  de  la  commission  de  s\u00e9curit\u00e9  et \nd'accessibilit\u00e9 de l'arrondissement dont elle assure la pr\u00e9sidence ;\nn) commission des polices de l'environnement (COPOLLEN) op\u00e9rationnelle d'arrondissement ;\no)  suivi  des  enqu\u00eates  de  moralit\u00e9  concernant  les  visiteurs  de  prison  et  agr\u00e9ment  des \naum\u00f4niers pour le centre p\u00e9nitentiaire de Draguignan ;\np) gardes statiques et escortes de d\u00e9tenus ;\nII \u2013 Pour les arrondissements de Draguignan et de Brignoles :\na) signature des conventions de coordination des interventions de la police municipale et des  \nforces de s\u00e9curit\u00e9 de l'\u00c9tat ;\nb) agr\u00e9ments des policiers municipaux et des assistants temporaires de police municipale ;\nc) cartes professionnelles des policiers municipaux et des assistants temporaires de s\u00e9curit\u00e9;\nIII \u2013 Sur l'ensemble du d\u00e9partement du Var : agr\u00e9ments des gardes particuliers.\nARTICLE  3 :  Ind\u00e9pendamment  des  attributions  qui  sont  conf\u00e9r\u00e9es  aux  sous-pr\u00e9fets \nd'arrondissement par les lois et r\u00e8glements, d\u00e9l\u00e9gation est donn\u00e9e \u00e0 Mme Myriam GARCIA , \nsous-pr\u00e9f\u00e8te de l'arrondissement de Draguignan, \u00e0 l'effet d'instruire et de signer tous les  \narr\u00eat\u00e9s,  circulaires  et  correspondances,  y  compris  les  requ\u00eates  et  m\u00e9moires  aupr\u00e8s  des \njuridictions, concernant la r\u00e9duction des nuisances caus\u00e9es par l'activit\u00e9 des h\u00e9licopt\u00e8res sur  \nles communes de la communaut\u00e9 de communes du golfe de Saint-Tropez et \u00e0 ce titre, de  \ng\u00e9rer les autorisations d'h\u00e9lisurfaces, d'h\u00e9listations et les rotations d'h\u00e9licopt\u00e8res aff\u00e9rentes.\n 4/8\nPr\u00e9fecture du VAR - 83-2025-09-24-00001 - Arr\u00eat\u00e9 pr\u00e9fectoral n\u00b02025/63/MCi du 24 septembre 2025 portant d\u00e9l\u00e9gation de signature \u00e0\nMme Myriam GARCIA, sous-pr\u00e9f\u00e8te de l'arrondissement de Draguignan. 17\nVu le d\u00e9cret du Pr\u00e9sident de la R\u00e9publique du 8 septembre 2021 portant nomination de  \nARTICLE  4 :  Ind\u00e9pendamment  des  attributions  qui  sont  conf\u00e9r\u00e9es  aux  sous-pr\u00e9fets \nd'arrondissement par les lois et r\u00e8glements, d\u00e9l\u00e9gation est donn\u00e9e \u00e0 Mme Myriam GARCIA , \nsous-pr\u00e9f\u00e8te de l'arrondissement de Draguignan, \u00e0 l'effet d'instruire les demandes de titre de  \ns\u00e9jour,  prendre  les  d\u00e9cisions  aff\u00e9rentes  et  signer  tous  les  arr\u00eat\u00e9s,  circulaires  et \ncorrespondances  concernant  le  bureau  de  l'immigration,  \u00e0  l'exclusion  des  requ\u00eates  et \nm\u00e9moires aupr\u00e8s des juridictions ;\n\u2013 Pour les usagers du d\u00e9partement du Var :\na) les titres de s\u00e9jour mention \u00ab visiteurs \u00bb, \u00ab citoyens/membres de famille UE \u00bb,\nb) les changements de situation, les duplicatas, \nc) les titres professionnels :\n- salari\u00e9s et travailleurs temporaires\n- stagiaires,\n- recherche d'emploi \u2013 cr\u00e9ation d'entreprise,\n- entrepreneurs,\n- jeunes au pair,\n- saisonniers et passeports talents, dans le cadre de la solution de substitution,\nd) le renouvellement des cartes de r\u00e9sidents,\ne) les documents de circulation des enfants mineurs \u00e9trangers et les d\u00e9cisions de refus de  \nd\u00e9livrance, \nf) les arr\u00eat\u00e9s pr\u00e9fectoraux relatifs aux refus de s\u00e9jour et \u00e0 l'obligation de quitter le territoire  \nfran\u00e7ais pour les actes mentionn\u00e9s aux alin\u00e9as 4-a), 4-b), 4-c) et 4-d), \ng) les autorisations provisoires de s\u00e9jour en lien avec les dossiers mentionn\u00e9s aux alin\u00e9as 4-a),  \n4-b), 4-c) et 4-d)\nh) les d\u00e9cisions d\u00e9favorables concernant les saisonniers et les passeports talents instruits par  \nla plateforme r\u00e9gionale attractivit\u00e9,\ni) les lettres d'avertissement concernant les dossiers instruits en sous-pr\u00e9fecture en lien avec  \nl'ordre public,\nj) les r\u00e9c\u00e9piss\u00e9s de demande de titre de s\u00e9jour pour les actes mentionn\u00e9s aux alin\u00e9as 4-a), 4-\nb), 4-c) et 4-d)\nk) les prolongations de visas et visas pr\u00e9fectoraux pour les actes mentionn\u00e9s aux alin\u00e9as 4-a),  \n4-b), 4-c) et 4-d)\n\u2013 Pour les usagers des arrondissements de Brignoles et Draguignan :\nl) les autorisations provisoires de s\u00e9jour protection temporaire (Ukraine, etc.),\n- Pour les usagers des arrondissements de Brignoles et Draguignan, pour les dossiers suivants  \nre\u00e7us avant le 3 f\u00e9vrier 2025 :\nm) les titres de s\u00e9jour mention \u00ab Vie Priv\u00e9e et Familiale \u00bb (VPF),\nn) les admissions exceptionnelles au s\u00e9jour (AES),\no) le dossiers d\u00e9pos\u00e9s au titre des B\u00e9n\u00e9ficiaires de la Protection Internationale (BPI),\np) les demandes de Titre de Voyage \u00c9tranger (TVE),\nq) les arr\u00eat\u00e9s pr\u00e9fectoraux relatifs aux refus de s\u00e9jour et \u00e0 l'obligation de quitter le territoire  \nfran\u00e7ais pour les actes mentionn\u00e9s aux alin\u00e9as 4-m), 4-n) et 4-o).\nr) les autorisations provisoires de s\u00e9jour en lien avec les dossiers mentionn\u00e9s aux alin\u00e9as 4-m),  \n4-n) et 4-o),\ns) les r\u00e9c\u00e9piss\u00e9s de demande de titre de s\u00e9jour pour les actes mentionn\u00e9s aux alin\u00e9as 4-m),  \n4-n) et 4-o).\n- Pour les usagers des arrondissements de Brignoles et Draguignan,  pour les dossiers re\u00e7us  \napr\u00e8s le 03/02/2025,  et concernant les titres de s\u00e9jour mention \u00ab  Vie Priv\u00e9e et Familiale  \u00bb \n(VPF), l'admission  exceptionnelle  au  s\u00e9jour  (AES)  et  les  dossiers  d\u00e9pos\u00e9s  au  titre  des \nB\u00e9n\u00e9ficiaires de la Protection Internationale (BPI) :\n5/8\nPr\u00e9fecture du VAR - 83-2025-09-24-00001 - Arr\u00eat\u00e9 pr\u00e9fectoral n\u00b02025/63/MCi du 24 septembre 2025 portant d\u00e9l\u00e9gation de signature \u00e0\nMme Myriam GARCIA, sous-pr\u00e9f\u00e8te de l'arrondissement de Draguignan. 18\nVu le d\u00e9cret du Pr\u00e9sident de la R\u00e9publique du 8 septembre 2021 portant nomination de  \nt) les autorisations provisoires de s\u00e9jour,\nu) les r\u00e9c\u00e9piss\u00e9s de demande de titre de s\u00e9jour,\nv) les prolongations de visas et visas pr\u00e9fectoraux.\n \nARTICLE 5 : Except\u00e9 pour les conventions mentionn\u00e9es \u00e0 l'article 2 II-a), en cas d'absence ou  \nd'emp\u00eachement  de  Mme  Myriam  GARCIA,  d\u00e9l\u00e9gation  de  signature  est  donn\u00e9e  dans  les \nm\u00eames  conditions  \u00e0  Mme  Anne-C\u00e9cile  VIALLE,  sous-pr\u00e9f\u00e8te  de  l'arrondissement  de \nBRIGNOLES, ou en cas d'absence ou d'emp\u00eachement de celle-ci,  d\u00e9l\u00e9gation de signature est  \ndonn\u00e9e \u00e0  Mme Jos\u00e9phine GUIGLIANO-BOUTONNET, sous-pr\u00e9f\u00e8te, directrice de Cabinet du  \npr\u00e9fet  du  Var,  ou,  en  cas  d'absence  ou  d'emp\u00eachement  de  celle-ci,  \u00e0  M.  Jean-Baptiste \nMORINAUD, secr\u00e9taire g\u00e9n\u00e9ral adjoint de la pr\u00e9fecture du Var, sous-pr\u00e9fet charg\u00e9 de mission  \naupr\u00e8s du pr\u00e9fet du Var;\nARTICLE  6 : Lorsque  Mme  Myriam  GARCIA assure  le  service  de  permanence  institu\u00e9 \nconform\u00e9ment  \u00e0  l'ordre  des  permanences  fix\u00e9  p\u00e9riodiquement  par  le  pr\u00e9fet  du  Var, \nd\u00e9l\u00e9gation lui est alors accord\u00e9e \u00e0 l'effet de signer, pour l'ensemble du d\u00e9partement, toute  \nd\u00e9cision n\u00e9cessit\u00e9e par une situation d'urgence, notamment :\n\u2022 les d\u00e9cisions de suspension provisoire imm\u00e9diate des permis de conduire ;\n\u2022 les mesures d'\u00e9loignement relevant de la comp\u00e9tence du repr\u00e9sentant de l'\u00c9tat dans le \nd\u00e9partement et concernant les \u00e9trangers s\u00e9journant irr\u00e9guli\u00e8rement sur le territoire  \nfran\u00e7ais et les d\u00e9cisions de placement en r\u00e9tention administrative ou d'assignation \u00e0  \nr\u00e9sidence des \u00e9trangers objets de ces mesures, prises en application des dispositions  \ndu code de l'entr\u00e9e et du s\u00e9jour des \u00e9trangers et du droit d'asile (CESEDA) ;\n\u2022 tout courrier relatif aux proc\u00e9dures d'\u00e9loignement concernant les \u00e9trangers s\u00e9journant \nirr\u00e9guli\u00e8rement  sur  le  territoire  fran\u00e7ais,  y  compris  toute  requ\u00eate  adress\u00e9e  aux \njuridictions en mati\u00e8re de r\u00e9tention administrative, notamment au juge des libert\u00e9s et  \nde  la  d\u00e9tention  en  application  des  articles  L  552-1  \u00e0  L  552-8  du  CESEDA, en  vue \nd'obtenir la prolongation de la r\u00e9tention administrative ;\n\u2022 la d\u00e9livrance de passeports et de titres d'identit\u00e9 ;\n\u2022 les  arr\u00eat\u00e9s  pronon\u00e7ant  l'admission  sans  consentement  en  soins  psychiatriques  des \npersonnes dont les troubles mentaux n\u00e9cessitent des soins et compromettent la s\u00fbret\u00e9 \ndes  personnes  ou  portent  atteinte,  de  fa\u00e7on  grave,  \u00e0  l'ordre  public,  ainsi  que  les \noppositions  aux  demandes  d'autorisation  de  sortie  de  courte  dur\u00e9e  prises  en \napplication de l'article L 3211-11-1 du code de la sant\u00e9 publique ;\n\u2022 La saisine du juge du tribunal judiciaire aux fins de contr\u00f4les des mesures de soins sans  \nconsentement ; \n\u2022 La signature des m\u00e9moires  produits dans le cadre des audiences du juge judiciaire en  \nmati\u00e8re de soins sans consentement ; \n\u2022 les gardes statiques et escortes de d\u00e9tenus ;\n\u2022 les autorisations de transport de corps en dehors du territoire m\u00e9tropolitain.\nARTICLE  7 : D\u00e9l\u00e9gation  de  signature  est  donn\u00e9e  \u00e0  Mme  Isabelle  POUGET,  conseiller \nd'administration de l'int\u00e9rieur et de l'outre-mer, secr\u00e9taire g\u00e9n\u00e9rale de la sous-pr\u00e9fecture de  \nl'arrondissement de Draguignan, pour :\n\u2022 les actes mentionn\u00e9s aux rubriques I et II de l'article 1er ;\n\u2022 les actes mentionn\u00e9s aux alin\u00e9as I-a), I-b), I-c), I-d) pour la demande d'\u00e9mission de  \nperception et versement des indemnit\u00e9s amiables dans le contentieux des expulsions  \nlocatives, I-e), I-g), I-h), I-i), I-j), I-k), I-m), I-o), I-p), II-b), II-c)  et \u00e0 la rubrique III de l'article \n2 ;\n 6/8\nPr\u00e9fecture du VAR - 83-2025-09-24-00001 - Arr\u00eat\u00e9 pr\u00e9fectoral n\u00b02025/63/MCi du 24 septembre 2025 portant d\u00e9l\u00e9gation de signature \u00e0\nMme Myriam GARCIA, sous-pr\u00e9f\u00e8te de l'arrondissement de Draguignan. 19\nVu le d\u00e9cret du Pr\u00e9sident de la R\u00e9publique du 8 septembre 2021 portant nomination de  \n\u2022 l'engagement des d\u00e9penses courantes \u00e0 hauteur de 2300 euros toutes taxes comprises  \net la signature des contrats dans le cadre la gestion du centre de responsabilit\u00e9 de la  \nsous-pr\u00e9fecture ;\n\u2022 les actes mentionn\u00e9s \u00e0 l'article 4 ;\n\u2022 les correspondances administratives ordinaires avec la pr\u00e9fecture, les chefs de service  \nr\u00e9gionaux et d\u00e9partementaux des administrations de l'\u00c9tat, les autorit\u00e9s r\u00e9gionales  \nd\u00e9partementales et municipales, les \u00e9tablissements publics et les particuliers, ainsi que \nles notes de service ;\n\u2022 les autorisations de cong\u00e9s de la sous-pr\u00e9fecture de l'arrondissement de Draguignan.\nARTICLE  8 : D\u00e9l\u00e9gation  de  signature  est  donn\u00e9e  \u00e0  Mme  Claire  CHAPELAND,  attach\u00e9e \nprincipale d'administration de l'\u00c9tat, cheffe du bureau de l'ing\u00e9nierie territoriale, pour :\n\u2022 les actes mentionn\u00e9s aux rubriques I et II de l'article 1er ;\n\u2022 les actes mentionn\u00e9s aux alin\u00e9as I-a), I-b), I-c), I-d) pour la demande d'\u00e9mission de  \nperception et versement des indemnit\u00e9s amiables dans le contentieux des expulsions  \nlocatives, I-g) I-h), I-i), I-j), I-k), I-m), I-p), II-b) et II-c) de l'article 2 ;\n\u2022 les actes mentionn\u00e9s aux alin\u00e9as 4-g), 4-j), 4-k), 4-l), 4-r), 4-s), 4-t), 4-u), 4-v) de l'article 4 ;\n\u2022 les correspondances administratives ordinaires avec la pr\u00e9fecture, les chefs de service  \nr\u00e9gionaux et d\u00e9partementaux des administrations de l'\u00c9tat, les autorit\u00e9s r\u00e9gionales  \nd\u00e9partementales et municipales, les \u00e9tablissements publics et les particuliers, ainsi que \nles notes de service ;\n\u2022 les autorisations de cong\u00e9s de la sous-pr\u00e9fecture de l'arrondissement de Draguignan.\nARTICLE  9: En  cas  d'absence  ou  d'emp\u00eachement  de  Mme  Isabelle  POUGET  et/ou  de \nMme  Claire  CHAPELAND,  d\u00e9l\u00e9gation  est  donn\u00e9e  \u00e0  Mme  Audr\u00e8ne  ASQUO\u00cbT,  attach\u00e9e \nd'administration  de  l'\u00c9tat,  cheffe  du  bureau  de  l'administration  et  de  la  r\u00e9glementation \ng\u00e9n\u00e9rale, pour signer :\n- les actes concernant les attributions mentionn\u00e9es aux alin\u00e9as I-b), I-c), I-g) en ce qui  \nconcerne les courriers simples, les arr\u00eat\u00e9s d'inaptitude, les proc\u00e9dures contradictoires  \napr\u00e8s  avis  de  la  commission  m\u00e9dicale  des  permis  de  conduire  et  les  arr\u00eat\u00e9s  de \nsuspension administrative des permis de conduire, I-h), I-i) et I-k) de l'article 2 ;\n- les actes mentionn\u00e9s aux alin\u00e9as I-a), I-b), I-c), I-d) pour la demande d'\u00e9mission de  \nperception et versement des indemnit\u00e9s amiables dans le contentieux des expulsions  \nlocatives, I-g) I-h), I-i), I-j), I-k), I-m), I-p), II-b) et II-c) de l'article 2 ;\n- les cartes professionnelles mentionn\u00e9es \u00e0 l'alin\u00e9a II-c) de l'article 2 ;\n- les actes relevant des attributions mentionn\u00e9es \u00e0 la rubrique III de l'article 2 ;\n- tout document n'ayant pas de caract\u00e8re de d\u00e9cision pour les attributions mentionn\u00e9es \naux alin\u00e9as I-d), I-e), I-f) et I-m) de l'article 2 et \u00e0 l'article 3.\nARTICLE 10 : En cas d'absence ou d'emp\u00eachement de Mme Audr\u00e8ne ASQUO\u00cbT, la d\u00e9l\u00e9gation \nde signature qui lui est donn\u00e9e \u00e0 l'article 10 est exerc\u00e9e par M. Alain PASSERON, secr\u00e9taire  \nadministratif de classe normale, adjoint \u00e0 la cheffe du bureau de l'administration et de la  \nr\u00e9glementation g\u00e9n\u00e9rale, pour :\n- les  actes  concernant  les  attributions  mentionn\u00e9es  aux  alin\u00e9as  I-b),  les  arr\u00eat\u00e9s \nd'inaptitude, les proc\u00e9dures contradictoires apr\u00e8s avis de la commission m\u00e9dicale des  \npermis de conduire et les arr\u00eat\u00e9s de suspension administrative des permis de conduire, \nI-h) et I-i) de l'article 2 ;\n- les cartes professionnelles mentionn\u00e9es \u00e0 l'alin\u00e9a II-c) de l'article 2 ;\n- tout document n'ayant pas de caract\u00e8re de d\u00e9cision pour les attributions mentionn\u00e9es \naux alin\u00e9as I-e), I-f) et I-m) de l'article 2 et \u00e0 l'article 3.\n7/8\nPr\u00e9fecture du VAR - 83-2025-09-24-00001 - Arr\u00eat\u00e9 pr\u00e9fectoral n\u00b02025/63/MCi du 24 septembre 2025 portant d\u00e9l\u00e9gation de signature \u00e0\nMme Myriam GARCIA, sous-pr\u00e9f\u00e8te de l'arrondissement de Draguignan. 20\nVu le d\u00e9cret du Pr\u00e9sident de la R\u00e9publique du 8 septembre 2021 portant nomination de  \nARTICLE  11 : D\u00e9l\u00e9gation  de  signature  est  donn\u00e9e  \u00e0  Mme  Marie-Laure  LAMASA,  attach\u00e9e \nd'administration  de  l'\u00c9tat,  cheffe  du  bureau  de  l'immigration,  en  ce  qui  concerne  les \nattributions mentionn\u00e9es aux alin\u00e9as 4-g), 4-j), 4-k), 4-l), 4-r), 4-s), 4-t), 4-u), 4-v) et en ce qui  \nconcerne les d\u00e9cisions, rapports, correspondances, documents et actes relatifs aux alin\u00e9as 4-\na), 4-b), 4-c), 4-d), 4-e), 4-m), 4-n), 4-o), 4-p) de l'article 4. \nARTICLE  12 : En  cas  d'absence  ou  d'emp\u00eachement  de  Madame  Marie-Laure  LAMASA,  la \nd\u00e9l\u00e9gation de signature qui lui est donn\u00e9e \u00e0 l'article 11 est exerc\u00e9e par M. Alexandre TAHERI,  \nsecr\u00e9taire administratif de classe normale, adjoint \u00e0 la cheffe du bureau de l'immigration, en  \nce qui concerne les attributions mentionn\u00e9es aux alin\u00e9as 4-g), 4-j), 4-k), 4-l), 4-r), 4-s), 4-t), 4-u),  \n4-v), et en ce qui concerne les d\u00e9cisions, rapports, correspondances, documents et actes  \nrelatifs aux alin\u00e9as 4-a), 4-b), 4-c), 4-d), 4-e), 4-m), 4-n), 4-o), 4-p) de l'article 4.\nARTICLE 13     : En cas d'absence ou d'emp\u00eachement de Madame Marie-Laure LAMASA et/ou de  \nM. Alexandre TAHERI, la d\u00e9l\u00e9gation de signature est donn\u00e9e \u00e0 Mme Emmanuelle PODESTA,  \nadjoint administratif principal de 2\u00e8me classe, che ffe de section du bureau de l'immigration,  \nen ce qui concerne les attributions mentionn\u00e9es aux alin\u00e9as 4-g), 4-j), 4-l), 4-r), 4-s), 4-t), 4-u)  \nde l'article 4.\nARTICLE 14  : Le secr\u00e9taire g\u00e9n\u00e9ral de la pr\u00e9fecture et la sous-pr\u00e9f\u00e8te de l'arrondissement de  \nDraguignan sont charg\u00e9s, chacun en ce qui le concerne, de l'ex\u00e9cution du pr\u00e9sent arr\u00eat\u00e9 qui  \nsera publi\u00e9 au recueil des actes administratifs de la pr\u00e9fecture du Var.\nFait \u00e0 Toulon, le 24 septembre 2025,\nSign\u00e9,\nSimon BABRE\n 8/8\nPr\u00e9fecture du VAR - 83-2025-09-24-00001 - Arr\u00eat\u00e9 pr\u00e9fectoral n\u00b02025/63/MCi du 24 septembre 2025 portant d\u00e9l\u00e9gation de signature \u00e0\nMme Myriam GARCIA, sous-pr\u00e9f\u00e8te de l'arrondissement de Draguignan. 21\nPr\u00e9fecture du VAR\n83-2025-09-23-00002\nAPC Agr\u00e9ment sign\u00e9\nPr\u00e9fecture du VAR - 83-2025-09-23-00002 - APC Agr\u00e9ment sign\u00e9 22\n=mPREFETDU VARLibert\u00e9Egalit\u00e9Fraternit\u00e9\nDirection des s\u00e9curit\u00e9s\nService de l'\u00e9ducation et\n de la s\u00e9curit\u00e9 routi\u00e8res\nP\u00f4le \u00e9ducation routi\u00e8re\nARR\u00caT\u00c9 PR\u00c9FECTORAL n\u00b0 2025- 9 -41\nportant cr\u00e9ation d'agr\u00e9ment d'un \u00e9tablissement d'enseignement de la conduite\ndes v\u00e9hicules \u00e0 moteur et de la s\u00e9curit\u00e9 routi\u00e8re\nLe pr\u00e9fet du Var,\nChevalier de la L\u00e9gion d'honneur\nChevalier de l'Ordre National du M\u00e9rite\nVu le Code de la Route et notamment ses articles L 213-1 \u00e0 L 213-8 et R 213-1 \u00e0 R 213-6 ;\nVu l'arr\u00eat\u00e9 du 8 janvier 2001 relatif \u00e0 l'exploitation des \u00e9tablissements d'enseignement, \u00e0  \ntitre on\u00e9reux, de la conduite des v\u00e9hicules \u00e0 moteur et de la s\u00e9curit\u00e9 routi\u00e8re ;\nVu l'arr\u00eat\u00e9 du 8 janvier 2001 cr\u00e9ant un registre national de l'enseignement de la conduite  \ndes v\u00e9hicules \u00e0 moteur et de la s\u00e9curit\u00e9 routi\u00e8re ;\nVu l'arr\u00eat\u00e9 pr\u00e9fectoral n\u00b0 2025/15/MCI du 15 juillet 2025 portant d\u00e9l\u00e9gation de signature \u00e0  \nMadame Jos\u00e9phine GUIGLIANO-BOUTONNET, directrice de cabinet du pr\u00e9fet du Var ;\nConsid\u00e9rant  la  demande  r\u00e9ceptionn\u00e9e  le  15  septembre  2025  par  laquelle  Madame \nLaurence AIMAR sollicite la d\u00e9livrance d'un agr\u00e9ment en vue d'exploiter, \u00e0 titre on\u00e9reux, un \n\u00e9tablissement d'enseignement, de la conduite des v\u00e9hicules \u00e0 moteur et de la s\u00e9curit\u00e9  \nrouti\u00e8re d\u00e9nomm\u00e9 \u00abMBL CONDUITE\u00bb situ\u00e9 22 rue Victor Basch 83400 HYERES ;\nConsid\u00e9rant que le dossier remplit toutes les conditions r\u00e9glementaires ;\nSur proposition de Madame la directrice de cabinet du pr\u00e9fet du Var ;\nARR  \u00ca  TE  \nARTICLE 1er     :\nMadame  Laurence  AIMAR  est  autoris\u00e9e  \u00e0  exploiter,  \u00e0  titre  on\u00e9reux,  l'\u00e9tablissement \nd'enseignement de la conduite des v\u00e9hicules \u00e0 moteur et de la s\u00e9curit\u00e9 routi\u00e8re, d\u00e9nomm\u00e9 \n\u00abMBL CONDUITE\u00bb situ\u00e9 22 rue Victor Basch 83400 HYERES  \u00bb sous le num\u00e9ro d'agr\u00e9ment  \nE 25 083 0010 0.\nARTICLE 2 :\nCet agr\u00e9ment est d\u00e9livr\u00e9 pour une dur\u00e9e de cinq ans \u00e0 compter de la date de publication du  \npr\u00e9sent  arr\u00eat\u00e9.  Sur  demande  de  l'exploitant  pr\u00e9sent\u00e9e  au  moins  deux  mois  avant  la  date \n1/2\nPr\u00e9fecture du VAR - 83-2025-09-23-00002 - APC Agr\u00e9ment sign\u00e9 23\nd'expiration de la validit\u00e9 de son agr\u00e9ment, celui-ci sera renouvel\u00e9 si l'\u00e9tablissement remplit les  \nconditions requises.\nARTICLE 3 :\nL'\u00e9tablissement est habilit\u00e9, au vu des moyens p\u00e9dagogiques justifi\u00e9s \u00e0 dispenser les formations \npour les cat\u00e9gories de permis de conduire suivantes  :\n- AM Cyclo ; AM Quadri-l\u00e9ger ;\n- B/B1/AAC ;\n- A1/A2/A\nARTICLE 4 :\nLe pr\u00e9sent agr\u00e9ment n'est valable que pour l'exploitation d'un \u00e9tablissement, \u00e0 titre personnel  \npar son titulaire, sous r\u00e9serve de l'application des dispositions de l'arr\u00eat\u00e9 du 8 janvier 2001  \nsusvis\u00e9.\nARTICLE 5 :\nPour tout changement d'adresse du local d'activit\u00e9 ou toute reprise de ce local par un autre  \nexploitant, une nouvelle demande d'agr\u00e9ment d'exploitation devra \u00eatre pr\u00e9sent\u00e9e au moins  \ndeux mois avant la date du changement ou de la reprise.\nARTICLE 6 :\nPour  toute  transformation  du  local  d'activit\u00e9,  tout  abandon  ou  toute  extension  d'une \nformation, l'exploitant(e) est tenu d'adresser une demande de modification du pr\u00e9sent arr\u00eat\u00e9.\nARTICLE 7     :\nL'agr\u00e9ment peut \u00eatre \u00e0 tout moment suspendu ou retir\u00e9 selon les conditions fix\u00e9es par les  \narticles 12 \u00e0 14 de l'arr\u00eat\u00e9 du 8 janvier 2001 susvis\u00e9.\nARTICLE 8 :\nMadame la directrice de cabinet du pr\u00e9fet du Var est charg\u00e9e de l'ex\u00e9cution du pr\u00e9sent arr\u00eat\u00e9  \nqui sera publi\u00e9 au recueil des actes administratifs de la Pr\u00e9fecture du Var.\nFait \u00e0 Toulon, le 23 septembre 2025\nPour le pr\u00e9fet et par d\u00e9l\u00e9gation,\nPour le d\u00e9l\u00e9gu\u00e9 \u00e0 l'\u00e9ducation routi\u00e8re\net par d\u00e9l\u00e9gation\nl'adjoint au d\u00e9l\u00e9gu\u00e9\nsign\u00e9\nRoland ESQUIVA\nConform\u00e9ment aux dispositions de l'article R. 421-1 et suivants du code de justice administrative, le pr\u00e9sent arr\u00eat\u00e9 peut faire l'objet dans un d\u00e9lai de deux mois \u00e0  \ncompter de sa parution :\n\u2013  d'un recours administratif (recours gracieux aupr\u00e8s du pr\u00e9fet du Var ou recours hi\u00e9rarchique aupr\u00e8s du ministre de l'int\u00e9rieur)\n\u2013 d'un recours contentieux devant le tribunal administratif de Toulon. Le tribunal administratif peut \u00eatre saisi par l'application informatique \u00ab  T\u00e9l\u00e9recours citoyens \u00bb \naccessible par le site Internet www.telerecours.fr\n2/2\nPr\u00e9fecture du VAR - 83-2025-09-23-00002 - APC Agr\u00e9ment sign\u00e9 24","date":"2025-09-24","first_seen_on":"2025-09-24T14:48:59+00:00","id":"7878008fbdc8b9e4bdca30609664cc18ff4b446ffe22af2b4e8cfdc71c8ad0da","name":"RAA N\u00b0 321 du 24 septembre 2025","pdf_creation_date":"2025-09-24T14:35:44+00:00","pdf_modification_date":null,"timezone":"Europe/Paris","url":"https://www.var.gouv.fr/contenu/telechargement/42912/280774/file/RAA%20N%C2%B0%20321%20du%2024%20septembre%202025.pdf"}
