{"administration":"pref03","administration_name":"Pr\u00e9fecture de l\u2019Allier","content":"ALLIER\nRECUEIL DES ACTES\nADMINISTRATIFS SP\u00c9CIAL\nN\u00b003-2025-179\nPUBLI\u00c9 LE 24 OCTOBRE 2025\nSommaire\n03_DDFIP_Direction D\u00e9partementale des Finances Publiques de l'Allier /\nStrat\u00e9gie / Contr\u00f4le de Gestion / Qualit\u00e9 de Service\n03-2025-10-23-00001 - D\u00e9cision n\u00b0 2322/2025\nde d\u00e9l\u00e9gations\nsp\u00e9ciales de signature\npour le P\u00f4le Gestion Fiscale, Fonci\u00e8re,\nDomaniale et Action \u00c9conomique (2 pages) Page 3\n03_Pr\u00e9f_Pr\u00e9fecture de l'Allier / Direction de la Coordination des\nPolitiques Publique\n03-2025-10-24-00001 - Extrait de l'arr\u00eat\u00e9 n\u00b0 2338/2025 du 24 octobre\n2025 portant d\u00e9l\u00e9gation de signature \u00e0 Madame Catherine BUISSON,\ndirectrice de la citoyennet\u00e9 et de la l\u00e9galit\u00e9 (2 pages) Page 6\n03_Pr\u00e9f_Pr\u00e9fecture de l'Allier / Direction des Relations avec les\nCollectivit\u00e9s Territoriales\n03-2025-10-20-00003 - Arr\u00eat\u00e9 n\u00b0 2307bis/2025 du 20 octobre 2025\nconstatant la composition du conseil communautaire de la communaut\u00e9\nd'agglom\u00e9ration de Moulins \u00e0 l'issue du renouvellement g\u00e9n\u00e9ral des\nconseils municipaux de 2026  (4 pages) Page 9\n63_REC_Rectorat de l'Acad\u00e9mie de Clermont-Ferrand /\n03-2025-10-17-00001 - Arr\u00eat\u00e9 relatif \u00e0 la phase interacad\u00e9mique du\nmouvement 2026 (2 pages) Page 14\n2\n03_DDFIP_Direction D\u00e9partementale des\nFinances Publiques de l'Allier\n03-2025-10-23-00001\nD\u00e9cision n\u00b0 2322/2025\nde d\u00e9l\u00e9gations sp\u00e9ciales de signature\npour le P\u00f4le Gestion Fiscale, Fonci\u00e8re, Domaniale\net Action \u00c9conomique\n03_DDFIP_Direction D\u00e9partementale des Finances Publiques de l'Allier - 03-2025-10-23-00001 - D\u00e9cision n\u00b0 2322/2025\nde d\u00e9l\u00e9gations sp\u00e9ciales de signature\npour le P\u00f4le Gestion Fiscale, Fonci\u00e8re, Domaniale et Action \u00c9conomique\n3\nREPUBLIQUEFRANCAISELibert\u00e9Egalit\u00e9Fraternit\u00e9\nDirection g\u00e9n\u00e9rale\ndes Finances publiques\nD\u00e9cision n\u00b0 2322/2025\nde d\u00e9l\u00e9gations sp\u00e9ciales de signature \npour le P\u00f4le Gestion Fiscale, Fonci\u00e8re, Domaniale et Action \u00c9conomique\nL'Administrateur de l'\u00c9tat du grade transitoire,\nDirecteur d\u00e9partemental des Finances publiques de l'Allier,\nVu  le  d\u00e9cret  n\u00b0  2008-309  du  3  avril  2008  portant  dispositions  transitoires relatives  \u00e0  la  direction\ng\u00e9n\u00e9rale des finances publiques ;\nVu le d\u00e9cret n\u00b02008-310 du 3 avril 2008 relatif \u00e0 la direction g\u00e9n\u00e9rale des finances publiques ;\nVu le d\u00e9cret n\u00b02009-208 du 20 f\u00e9vrier 2009 relatif au statut particulier des administrateurs des finances\npubliques ;\nVu le d\u00e9cret n\u00b02009-707 du 16 juin 2009 relatif aux services d\u00e9concentr\u00e9s de la direction g\u00e9n\u00e9rale des\nfinances publiques ;\nVu le d\u00e9cret n\u00b0 2012-1246 du 7 novembre 2012 relatif \u00e0 la gestion budg\u00e9taire et comptable publique ;\nVu l'arr\u00eat\u00e9 du 11 avril 2011 portant cr\u00e9ation de la direction d\u00e9partementale des Finances publiques de\nl'Allier ;\nVu le d\u00e9cret du 16 juillet 2025 portant nomination de M. Jacques OZIOL, administrateur de l'\u00c9tat du grade\ntransitoire,  dans  l'emploi  de  directeur  d\u00e9partemental  des  finances  publiques  de  l'Allier  \u00e0  compter\ndu 8 ao\u00fbt 2025 ;\nD\u00e9cide :\nArticle  1er -  D\u00e9l\u00e9gation  sp\u00e9ciale  de  signature  pour  signer  les  pi\u00e8ces  ou  documents  relatifs  aux\nattributions de leur division ou de leur service, avec facult\u00e9 pour chacun d'eux d'agir s\u00e9par\u00e9ment et sur\nsa seule signature, l'\u00e9nonciation des pouvoirs ainsi conf\u00e9r\u00e9s \u00e9tant limitative, est donn\u00e9e \u00e0 :\n1. Pour la Division des affaires fonci\u00e8res et domaniales\nM. Christian CHAPELAT, inspecteur principal des Finances Publiques, responsable de la division\nPilotage et animation des missions fonci\u00e8res\nMme Val\u00e9rie CHANUDET, inspectrice des Finances Publiques\nService local du Domaine\nMme Audrey DEVULDER,  inspectrice des Finances publiques\n2. Pour la Division assiette des professionnels, des particuliers, Commission de surendettement\nM. Mihoub BOULEBBINA, inspecteur principal des Finances publiques\nAssiette des particuliers et des professionnels\nMme Cindy ARVIS, inspectrice des Finances Publiques\nM. Didier DE SEVERAC, inspecteur des Finances Publiques\nDIRECTION D\u00c9PARTEMENTALE\nDES FINANCES PUBLIQUES DE L'ALLIER\n9 AVENUE VICTOR HUGO \u2013 BP 81609\n03016 MOULINS CEDEX\n03_DDFIP_Direction D\u00e9partementale des Finances Publiques de l'Allier - 03-2025-10-23-00001 - D\u00e9cision n\u00b0 2322/2025\nde d\u00e9l\u00e9gations sp\u00e9ciales de signature\npour le P\u00f4le Gestion Fiscale, Fonci\u00e8re, Domaniale et Action \u00c9conomique\n4\n3. Pour la Division d'appui aux acteurs \u00e9conomiques, Expertise \u00e9conomique et financi\u00e8re, CCSF /\nCasinos\nM. Mihoub BOULEBBINA, inspecteur principal des Finances publiques, responsable de la division\nArticle  2 :  La  pr\u00e9sente  d\u00e9cision annule  la  d\u00e9cision  n\u00b01699/2025  du  8  ao\u00fbt  2025  et  prend  effet  \u00e0\ncompter du 1er novembre 2025. Elle sera publi\u00e9e au recueil des actes administratifs du d\u00e9partement.\nFait \u00e0 Moulins, le 23 octobre 2025\nL'Administrateur de l'\u00c9tat,\nDirecteur d\u00e9partemental des Finances publiques,\nSign\u00e9\nJacques OZIOL\n03_DDFIP_Direction D\u00e9partementale des Finances Publiques de l'Allier - 03-2025-10-23-00001 - D\u00e9cision n\u00b0 2322/2025\nde d\u00e9l\u00e9gations sp\u00e9ciales de signature\npour le P\u00f4le Gestion Fiscale, Fonci\u00e8re, Domaniale et Action \u00c9conomique\n5\n03_Pr\u00e9f_Pr\u00e9fecture de l'Allier\n03-2025-10-24-00001\nExtrait de l'arr\u00eat\u00e9 n\u00b0 2338/2025 du 24 octobre\n2025 portant d\u00e9l\u00e9gation de signature \u00e0 Madame\nCatherine BUISSON, directrice de la citoyennet\u00e9\net de la l\u00e9galit\u00e9\n03_Pr\u00e9f_Pr\u00e9fecture de l'Allier - 03-2025-10-24-00001 - Extrait de l'arr\u00eat\u00e9 n\u00b0 2338/2025 du 24 octobre 2025 portant d\u00e9l\u00e9gation de\nsignature \u00e0 Madame Catherine BUISSON, directrice de la citoyennet\u00e9 et de la l\u00e9galit\u00e9 6\nLEPREFETDE L'ALLIERLibert\u00e9Egalit\u00e9Fraternit\u00e9\nDirection de la coordination des politiques publiques\nExtrait de l'arr\u00eat\u00e9 n\u00b0 2338/2025 du 24 octobre 2025\nportant d\u00e9l\u00e9gation de signature\n\u00e0 Madame Catherine BUISSON,\ndirectrice de la citoyennet\u00e9 et de la l\u00e9galit\u00e9\nARTICLE     1   -\u00a0D\u00e9l\u00e9gation\u00a0de\u00a0signature\u00a0est\u00a0donn\u00e9e\u00a0\u00e0 Mme Catherine BUISSON,\u00a0conseill\u00e8re\u00a0d'administration\net\u00a0de\u00a0l'outre-mer, en\u00a0qualit\u00e9\u00a0de directrice de la citoyennet\u00e9 et de la l\u00e9galit\u00e9,\u00a0dans\u00a0la\u00a0limite\u00a0des\u00a0attributions\nde\u00a0son\u00a0service \u00a0\u00e9num\u00e9r\u00e9es\u00a0dans\u00a0l'annexe\u00a0de\u00a0l'arr\u00eat\u00e9\u00a0pr\u00e9fectoral\u00a0n\u00b0\u00a0520/2025\u00a0du\u00a019\u00a0mars\u00a02025\u00a0portant\norganisation\u00a0des\u00a0services\u00a0de\u00a0la\u00a0pr\u00e9fecture\u00a0et\u00a0des\u00a0sous-pr\u00e9fectures\u00a0de\u00a0l'Allier.\nARTICLE     2     -\u00a0En\u00a0cas\u00a0d'absence\u00a0ou\u00a0d'emp\u00eachement\u00a0de Mme  Catherine  BUISSON,\u00a0 la\u00a0d\u00e9l\u00e9gation\u00a0de\nsignature\u00a0qui\u00a0lui\u00a0est\u00a0conf\u00e9r\u00e9e\u00a0par\u00a0l'article\u00a01\u00a0du\u00a0pr\u00e9sent\u00a0arr\u00eat\u00e9\u00a0sera\u00a0exerc\u00e9e\u00a0par\u00a0les\u00a0chefs\u00a0de\u00a0bureau\u00a0d\u00e9sign\u00e9s\nci-apr\u00e8s, dans\u00a0la\u00a0limite\u00a0des\u00a0attributions\u00a0de\u00a0leur\u00a0bureau\u00a0et\u00a0de\u00a0leur\u00a0fiche\u00a0de\u00a0poste\u00a0respectives\u00a0:\n\uf0d8 Mme Sylvie GUIROUX,\u00a0attach\u00e9e,\u00a0cheffe\u00a0du\u00a0bureau\u00a0des\u00a0collectivit\u00e9s\u00a0locales\n\uf0d8 M. Stanislas KLUCZYNSKI,\u00a0attach\u00e9,\u00a0chef\u00a0du\u00a0bureau\u00a0des\u00a0\u00e9trangers\u00a0et\u00a0des\u00a0migrations\n\uf0d8 Mme  C\u00e9cile  GAUDILLIERE,\u00a0attach\u00e9e,\u00a0cheffe\u00a0du\u00a0bureau\u00a0des\u00a0\u00e9lections,\u00a0de\u00a0la\u00a0r\u00e9glementation\ng\u00e9n\u00e9rale\u00a0et\u00a0de\u00a0l'appui\u00a0\u00e0\u00a0la\u00a0d\u00e9livrance\u00a0des\u00a0titres.\nARTICLE     3     -\u00a0En\u00a0cas\u00a0d'absence\u00a0ou\u00a0d'emp\u00eachement\u00a0simultan\u00e9\u00a0de \u00a0Mme  Catherine  BUISSON\u00a0 et\u00a0de\nMme Sylvie GUIROUX,\u00a0d\u00e9l\u00e9gation\u00a0de\u00a0signature\u00a0est\u00a0donn\u00e9e\u00a0\u00e0\u00a0M.\u00a0Marc CHAMPAGNAT,\u00a0attach\u00e9,\u00a0adjoint\u00a0\u00e0\nla\u00a0cheffe\u00a0du\u00a0bureau\u00a0des\u00a0collectivit\u00e9s\u00a0locales,\u00a0dans\u00a0la\u00a0limite\u00a0des\u00a0attributions\u00a0du\u00a0bureau\u00a0et\u00a0de\u00a0sa\u00a0fiche\u00a0de\u00a0poste.\nARTICLE     4     -\u00a0En\u00a0cas\u00a0d'absence\u00a0ou\u00a0d'emp\u00eachement\u00a0simultan\u00e9\u00a0de \u00a0Mme  Catherine  BUISSON  et\u00a0de\nM. Stanislas KLUCZYNSKI,\u00a0d\u00e9l\u00e9gation\u00a0de\u00a0signature\u00a0est\u00a0donn\u00e9e\u00a0\u00e0 Mme Aur\u00e9lie REMUZON,\u00a0secr\u00e9taire\nadministrative\u00a0de\u00a0classe\u00a0exceptionnelle,\u00a0adjointe\u00a0au\u00a0chef\u00a0du\u00a0bureau\u00a0des\u00a0\u00e9trangers\u00a0et\u00a0des\u00a0migrations,\u00a0dans\u00a0la\nlimite\u00a0des\u00a0attributions\u00a0du\u00a0bureau\u00a0et\u00a0de\u00a0sa\u00a0fiche\u00a0de\u00a0poste.\nARTICLE     5     -\u00a0En\u00a0cas\u00a0d'absence\u00a0ou\u00a0d'emp\u00eachement\u00a0simultan\u00e9\u00a0de\u00a0 Mme  Catherine  BUISSON\u00a0 et\u00a0de\nMme C\u00e9cile GAUDILLIERE,\u00a0d\u00e9l\u00e9gation\u00a0de\u00a0signature\u00a0est\u00a0donn\u00e9e\u00a0\u00e0\u00a0M. S\u00e9raphin ASENSIO,\u00a0secr\u00e9taire\nadministratif\u00a0de\u00a0classe\u00a0exceptionnelle,\u00a0adjoint\u00a0\u00e0\u00a0la\u00a0cheffe\u00a0du\u00a0bureau\u00a0des\u00a0\u00e9lections,\u00a0de\u00a0la\u00a0r\u00e9glementation\ng\u00e9n\u00e9rale\u00a0et\u00a0de\u00a0l'appui\u00a0\u00e0\u00a0la\u00a0d\u00e9livrance\u00a0des\u00a0titres,\u00a0dans\u00a0la\u00a0limite\u00a0des\u00a0attributions\u00a0du\u00a0bureau\u00a0et\u00a0de\u00a0sa\u00a0fiche\u00a0de\nposte.\nARTICLE     6   - En\u00a0cas\u00a0d'absence\u00a0ou\u00a0d'emp\u00eachement\u00a0des\u00a0membres\u00a0du\u00a0corps\u00a0pr\u00e9fectoral,\u00a0d\u00e9l\u00e9gation\u00a0de\nsignature\u00a0est\u00a0donn\u00e9e\u00a0\u00e0\u00a0Mme Catherine BUISSON\u00a0pour\u00a0les\u00a0mesures\u00a0prises\u00a0dans\u00a0le\u00a0cadre\u00a0des\u00a0proc\u00e9dures\nd'\u00e9loignement\u00a0de\u00a0ressortissants\u00a0\u00e9trangers,\u00a0en\u00a0application\u00a0des\u00a0livres\u00a0VI\u00a0et\u00a0VII\u00a0ainsi\u00a0que\u00a0des\u00a0titres\u00a0V\u00a0et\u00a0VI\u00a0du\nlivre\u00a0II\u00a0du\u00a0Code\u00a0de\u00a0l'entr\u00e9e\u00a0et\u00a0du\u00a0s\u00e9jour\u00a0des\u00a0\u00e9trangers\u00a0et\u00a0du\u00a0droit\u00a0d'asile\u00a0(CESEDA).\nARTICLE     7  \u00a0-\u00a0Les\u00a0dispositions\u00a0du\u00a0pr\u00e9sent\u00a0arr\u00eat\u00e9\u00a0entrent\u00a0en\u00a0vigueur\u00a0le\u00a0lendemain\u00a0du\u00a0jour\u00a0de\u00a0sa\u00a0publication\u00a0au\nrecueil\u00a0des\u00a0actes\u00a0administratifs\u00a0de\u00a0la\u00a0pr\u00e9fecture\u00a0de\u00a0l'Allier.\nARTICLE     8  \u00a0-\u00a0L'arr\u00eat\u00e9\u00a0pr\u00e9fectoral\u00a0n\u00b0\u00a0891/2025\u00a0du\u00a06\u00a0mai\u00a02025\u00a0portant\u00a0d\u00e9l\u00e9gation\u00a0de\u00a0signature\u00a0\u00e0\nMme Catherine BUISSON,\u00a0directrice\u00a0de\u00a0la\u00a0citoyennet\u00e9\u00a0et\u00a0de\u00a0la\u00a0l\u00e9galit\u00e9,\u00a0est\u00a0abrog\u00e9.\n1/2\n03_Pr\u00e9f_Pr\u00e9fecture de l'Allier - 03-2025-10-24-00001 - Extrait de l'arr\u00eat\u00e9 n\u00b0 2338/2025 du 24 octobre 2025 portant d\u00e9l\u00e9gation de\nsignature \u00e0 Madame Catherine BUISSON, directrice de la citoyennet\u00e9 et de la l\u00e9galit\u00e9 7\nARTICLE     9   -\u00a0Un\u00a0recours\u00a0contre\u00a0le\u00a0pr\u00e9sent\u00a0arr\u00eat\u00e9\u00a0peut\u00a0\u00eatre\u00a0form\u00e9\u00a0devant\u00a0le\u00a0Tribunal\u00a0Administratif\u00a0de\nClermont-Ferrand\u00a0dans\u00a0un\u00a0d\u00e9lai\u00a0de\u00a0deux\u00a0mois\u00a0\u00e0\u00a0compter\u00a0de\u00a0sa\u00a0publication.\u00a0En\u00a0application\u00a0du\u00a0d\u00e9cret\nn\u00b0\u00a02018-251\u00a0du\u00a06\u00a0avril\u00a02018,\u00a0les\u00a0particuliers\u00a0et\u00a0les\u00a0personnes\u00a0morales\u00a0de\u00a0droit\u00a0priv\u00e9\u00a0non\u00a0repr\u00e9sent\u00e9s\u00a0par\u00a0un\navocat\u00a0peuvent\u00a0communiquer\u00a0avec\u00a0un\u00a0Tribunal\u00a0administratif\u00a0par\u00a0la\u00a0voie\u00a0de\u00a0l'application\u00a0informatique\n\u00abT\u00e9l\u00e9recours\u00a0citoyens\u00a0\u00bb\u00a0sur\u00a0le\u00a0site\u00a0www.telerecours.fr\u00a0.\nARTICLE     10     -\u00a0Le\u00a0secr\u00e9taire\u00a0g\u00e9n\u00e9ral\u00a0de\u00a0la\u00a0pr\u00e9fecture\u00a0de\u00a0l'Allier\u00a0est\u00a0charg\u00e9\u00a0de\u00a0l'ex\u00e9cution\u00a0du\u00a0pr\u00e9sent\u00a0arr\u00eat\u00e9\ndont\u00a0l'extrait\u00a0sera\u00a0publi\u00e9\u00a0au\u00a0recueil\u00a0des\u00a0actes\u00a0administratifs\u00a0de\u00a0la\u00a0pr\u00e9fecture\u00a0de\u00a0l'Allier.\nLe\u00a0Pr\u00e9fet\nSign\u00e9\nChristophe\u00a0NO\u00cbL\u00a0du\u00a0PAYRAT\n2/2\n03_Pr\u00e9f_Pr\u00e9fecture de l'Allier - 03-2025-10-24-00001 - Extrait de l'arr\u00eat\u00e9 n\u00b0 2338/2025 du 24 octobre 2025 portant d\u00e9l\u00e9gation de\nsignature \u00e0 Madame Catherine BUISSON, directrice de la citoyennet\u00e9 et de la l\u00e9galit\u00e9 8\n03_Pr\u00e9f_Pr\u00e9fecture de l'Allier\n03-2025-10-20-00003\nArr\u00eat\u00e9 n\u00b0 2307bis/2025 du 20 octobre 2025\nconstatant la composition du conseil\ncommunautaire de la communaut\u00e9\nd'agglom\u00e9ration de Moulins \u00e0 l'issue du\nrenouvellement g\u00e9n\u00e9ral des conseils municipaux\nde 2026 \n03_Pr\u00e9f_Pr\u00e9fecture de l'Allier - 03-2025-10-20-00003 - Arr\u00eat\u00e9 n\u00b0 2307bis/2025 du 20 octobre 2025 constatant la composition du\nconseil communautaire de la communaut\u00e9 d'agglom\u00e9ration de Moulins \u00e0 l'issue du renouvellement g\u00e9n\u00e9ral des conseils municipaux\nde 2026 \n9\nDELibert\u00e9 * Egalit\u00e9 + Fraternit\u00e9R\u00c9PUBLIQUE FRAN\u00c7AISE\nPr\u00e9fecture de la Ni\u00e8vre Pr\u00e9fecture de l'AllierBureau des collectivit\u00e9s locales, Bureau des collectivit\u00e9s localesdes \u00e9lections et des activit\u00e9s r\u00e9glement\u00e9esN\u00b0 \u00c0 S07 eK2025\nArr\u00eat\u00e9 constatant la composition du conseil communautaire de la communaut\u00e9 d'agglom\u00e9ration deMoulins \u00e0 l'issue du renouvellement g\u00e9n\u00e9ral des conseils municipaux de 2026\nLa pr\u00e9f\u00e8te de la Ni\u00e8vre Le pr\u00e9fet de l'AllierChevalier de la L\u00e9gion d'Honneur Chevalier de l'ordre national du M\u00e9riteOfficier de l'ordre national du M\u00e9rite\nVU l'article L.5211-6-1 du code g\u00e9n\u00e9ral des collectivit\u00e9s territoriales (CGCT) ;VU le d\u00e9cret du 23 octobre 2024 portant nomination de Mme Fabienne DECOTTIGNIES en qualit\u00e9 de pr\u00e9f\u00e8te dela Ni\u00e8vre ;VU le d\u00e9cret du 8 janvier 2025 portant nomination du pr\u00e9fet de l'Allier, M. Christophe NO\u00cbL DU PAYRAT ;VU l'arr\u00eat\u00e9 pr\u00e9fectoral n\u00b0 3279 du 30 octobre 2019 d\u00e9terminant le nombre et la r\u00e9partition des si\u00e8ges descommunes membres de Moulins Communaut\u00e9 au sein du conseil communautaire \u00e0 l'issue du renouvellementg\u00e9n\u00e9ral des conseils municipaux de 2020 ;VU l'absence de d\u00e9lib\u00e9ration des communes membres de la communaut\u00e9 d'agglom\u00e9ration MoulinsCommunaut\u00e9;CONSID\u00c9RANT que ne sont pas r\u00e9unies les conditions de majorit\u00e9 requises pour d\u00e9terminer, par accord local,le nombre des si\u00e8ges au conseil de la communaut\u00e9 d'agglom\u00e9ration de Moulins Communaut\u00e9 et que parcons\u00e9quent, il sera fait application de la r\u00e9partition de droit commun ;SUR proposition de la secr\u00e9taire g\u00e9n\u00e9rale de la pr\u00e9fecture de la Ni\u00e8vre et du secr\u00e9taire g\u00e9n\u00e9ral de la pr\u00e9fecturede l'Allier ; ARR\u00caTENTARTICLE 1\": \u00c0 compter du prochain renouvellement g\u00e9n\u00e9ral des conseils municipaux de 2026, le conseilcommunautaire de Moulins Communaut\u00e9 sera compos\u00e9 de 78 si\u00e8ges.La repr\u00e9sentation des communes membres au sein du conseil communautaire sera \u00e9tablie comme suit, par droitcommun :\n03_Pr\u00e9f_Pr\u00e9fecture de l'Allier - 03-2025-10-20-00003 - Arr\u00eat\u00e9 n\u00b0 2307bis/2025 du 20 octobre 2025 constatant la composition du\nconseil communautaire de la communaut\u00e9 d'agglom\u00e9ration de Moulins \u00e0 l'issue du renouvellement g\u00e9n\u00e9ral des conseils municipaux\nde 2026 \n10\nCommunes membresPopulation municipale au 1\" janvierNombre de si\u00e8ges2025MOULINS 19 344 20YZEURE 12 670 13AVERMES 4 109 4LURCY-LEVIS 1 852 1SOUVIGNY 1717 1TREVOL 1639 1LUSIGNY 1 633 1NEUVY 1 487 1DORNES 1 458 1NEUILLY-LE-R\u00c9AL 1 440 1BESSAY-SUR-ALLIER 1 384 1TOULON-SUR-ALLIER 1 171 1BRESSOLLES 1 141 1VILLENEUVE-SUR-ALLIER 1 037 1THIEL-SUR-ACOLIN 1 036 1BESSON 746 1GARNAT-SUR-ENGI\u00c8VRE 672 1MONTBEUGNY 645 1CHEVAGNES 635 1| COULANDON 634 1GENNETINES 624 1SAINT-ENNEMOND 619 1CHEMILLY 588 1MONTILLY 496 1LE VEURDRE 476 1AUROUER 411 1GANNAY-SUR-LOIRE 394 4BRESNAY 385 1POUZY-MESANGY 383 1PARAY-LE-FRESIL 379 1SAINT-LEOPARDIN-D'AUGY 364 1BAGNEUX 339 1COUZON 321 1CHAPEAU 236 1GOUISE 220 1CHEZY 214 1NEURE 201 1MARIGNY 200 1LA CHAPELLE-AUX-CHASSES 197 1LIMOISE 176 1\n03_Pr\u00e9f_Pr\u00e9fecture de l'Allier - 03-2025-10-20-00003 - Arr\u00eat\u00e9 n\u00b0 2307bis/2025 du 20 octobre 2025 constatant la composition du\nconseil communautaire de la communaut\u00e9 d'agglom\u00e9ration de Moulins \u00e0 l'issue du renouvellement g\u00e9n\u00e9ral des conseils municipaux\nde 2026 \n11\nCHATEAU-SUR-ALLIER 163 1AUBIGNY | 146 1SAINT-PARIZE-EN-VIRY 139 1SAINT-MARTIN-DES-LAIS 125 1TOTAL 64 246 habitants 78 si\u00e8ges: Conform\u00e9ment aux dispositions de l'alin\u00e9a 4 de l'article L 5211-6 du code g\u00e9n\u00e9ral des collectivit\u00e9s territoriales,les communes pour lesquelles un seul conseiller communautaire titulaire a \u00e9t\u00e9 octroy\u00e9 disposeront \u00e9galementd'un conseiller suppl\u00e9ant.ARTICLE 2: Le secr\u00e9taire g\u00e9n\u00e9ral de la pr\u00e9fecture de l'Allier, la secr\u00e9taire g\u00e9n\u00e9rale de la pr\u00e9fecture de laNi\u00e8vre, les directeurs d\u00e9partementaux des finances publiques de l'Allier et de la Ni\u00e8vre, le pr\u00e9sident de MoulinsCommunaut\u00e9 et les maires des communes int\u00e9ress\u00e9es sont charg\u00e9s, chacun pour ce qui le concerne, del'ex\u00e9cution du pr\u00e9sent arr\u00eat\u00e9 qui sera publi\u00e9 aux recueils des actes administratifs des pr\u00e9fectures de la Ni\u00e8vre etde l'Allier.\nNevers, le 2 \u00ff OCT, 2025La pr\u00e9f\u00e8te,ETS>| DecFabienne DECOTTIGNIES\nMoulins, le 2) OCT, 2095Le pr\u00e9fet,\nChristophe NO\u00cbL DU PAYRAT\n03_Pr\u00e9f_Pr\u00e9fecture de l'Allier - 03-2025-10-20-00003 - Arr\u00eat\u00e9 n\u00b0 2307bis/2025 du 20 octobre 2025 constatant la composition du\nconseil communautaire de la communaut\u00e9 d'agglom\u00e9ration de Moulins \u00e0 l'issue du renouvellement g\u00e9n\u00e9ral des conseils municipaux\nde 2026 \n12\nes FF 0: [UE \u00a9:\n03_Pr\u00e9f_Pr\u00e9fecture de l'Allier - 03-2025-10-20-00003 - Arr\u00eat\u00e9 n\u00b0 2307bis/2025 du 20 octobre 2025 constatant la composition du\nconseil communautaire de la communaut\u00e9 d'agglom\u00e9ration de Moulins \u00e0 l'issue du renouvellement g\u00e9n\u00e9ral des conseils municipaux\nde 2026 \n13\n63_REC_Rectorat de l'Acad\u00e9mie de\nClermont-Ferrand\n03-2025-10-17-00001\nArr\u00eat\u00e9 relatif \u00e0 la phase interacad\u00e9mique du\nmouvement 2026\n63_REC_Rectorat de l'Acad\u00e9mie de Clermont-Ferrand - 03-2025-10-17-00001 - Arr\u00eat\u00e9 relatif \u00e0 la phase interacad\u00e9mique du\nmouvement 2026 14\nEsACADEMIEDE CLERMONT-FERRANDLibert\u00e9Egalit\u00e9Fraternit\u00e9\nmaaan  en  pe  oo  ne  core  cone\nation nationale demandant'enseignement du secondde nullit\u00e9, par\ndu travail\nseront recevables\n \n \n \n \n \n \n \n \nARR\u00caT\u00c9 RECTORAL DU 17 OCTOBRE 2025 \n \n \nRELATIF A LA PHASE INTER ACAD\u00c9MIQUE DU MOUVEMENT NATIONAL A GESTION \nD\u00c9CONCENTR\u00c9E DES PERSONNELS ENSEIGNANTS DU SECOND DEGR\u00c9, D'\u00c9DUCATION ET DES \nPSYCHOLOGUES DE L'EDUCATION NATIONALE \n \n \nLA RECTRICE DE L'ACADEMIE DE CLERMONT-FERRAND \n \n- Vu : \n le code g\u00e9n\u00e9ral de la fonction publique ; \n le d\u00e9cret n\u00b060-403 du 22 avril 1960 modifi\u00e9, notamment son article 10 ; \n le d\u00e9cret n\u00b068-503 du 30 mai 1968 modifi\u00e9 ; \n le d\u00e9cret n\u00b070-738 du 12 ao\u00fbt 1970 modifi\u00e9, notamment son article 11 ; \n le d\u00e9cret n\u00b072-580 du 4 juillet 1972 modifi\u00e9, notamment son article 16 ; \n le d\u00e9cret n\u00b072-581 du 4 juillet 1972 modifi\u00e9, notamment son article 39 ; \n le d\u00e9cret n\u00b072-582 du 4 juillet 1972 modifi\u00e9, notamment son article 14 ; \n le d\u00e9cret n\u00b072-583 du 4 juillet 1972 modifi\u00e9, notamment son article 9 ; \n le d\u00e9cret n\u00b080-627 du 4 ao\u00fbt 1980 modifi\u00e9, notamment son article 17 ; \n le d\u00e9cret n\u00b092-1189 du 6 novembre 1992 modifi\u00e9, notamment son article 27 ; \n le d\u00e9cret n\u00b02017-120 du 1er f\u00e9vrier 2017 modifi\u00e9, notamment son article 12 ; \n le d\u00e9cret n\u00b02018-303 du 25 avril 2018 ; \n l'arr\u00eat\u00e9 minist\u00e9riel du 9 ao\u00fbt 2004 ;  \n l'arr\u00eat\u00e9 minist\u00e9riel du 9 octobre 2025 ; \n \nARRETE \n \nArticle 1 \n \nLes personnels enseignants, d'\u00e9ducation du second degr\u00e9 et psychologues de l'\u00e9ducation nationale demandant \nune mutation, une premi\u00e8re affectation ou souhaitant retrouver une affectation dans l'enseignement du second \ndegr\u00e9 (r\u00e9int\u00e9gration) \u00e0 la rentr\u00e9e 2026 doivent obligatoirement formuler leur demande, sous peine de nullit\u00e9, par \nl'outil de gestion Internet d\u00e9nomm\u00e9 I -Prof rubrique \u00ab les services/Siam \u00bb du mercredi 5 novembre 2025 \u00e0 12 \nheures au mercredi 26 novembre 2025 \u00e0 12 heures (heures m\u00e9tropolitaines). \n \nChaque candidat \u00e0 mutation t\u00e9l\u00e9charge dans IProf (rubrique \u00ab les services/Siam  \u00bb) une confirmation de \ndemande qu'il doit compl\u00e9ter  et signer. Il d\u00e9pose ensuite ce document,  accompagn\u00e9 des pi\u00e8ces justificatives \nidoines, sur le portail COLIBRIS ( https://portail-clermont.colibris.education.gouv.fr/personnels-enseignants-\ndeducation-et-psy/) pour le 5 d\u00e9cembre 2025 au plus tard. \n \nLes demandes formul\u00e9es au titre du handicap sont envoy\u00e9es ou d\u00e9pos\u00e9es aupr\u00e8s du m\u00e9decin du travail  pour \nle 26 novembre 2025. \n \nLes bar\u00e8mes v\u00e9rifi\u00e9s par les services du rectorat sont consultables sur SIAM \u00e0 partir du mardi 13 janvier 2026. \nLes demandes \u00e9ventuelles de modifications seront recevables  sur le portail COLIBRIS  jusqu'au mercredi 28 \njanvier 2026, 12 heures. \n \nArticle 2 \n \nLes demandes de participation aux mouvement s sp\u00e9cifiques pour la rentr\u00e9e 2026  s'effectuent sur SIAM I-Prof \n(accessible depuis le portail I -Prof) du mercredi 5 novembre 2025 \u00e0 12 heures au mercredi 26 novembre \n2025 \u00e0 12 heures (heures m\u00e9tropolitaines). \n  \n63_REC_Rectorat de l'Acad\u00e9mie de Clermont-Ferrand - 03-2025-10-17-00001 - Arr\u00eat\u00e9 relatif \u00e0 la phase interacad\u00e9mique du\nmouvement 2026 15\nsp\u00e9cifique\n \n \n \n \nChaque candidat \u00e0 mutation t\u00e9l\u00e9charge dans IProf (rubrique \u00ab les services/Siam  \u00bb) une confirmation de \ndemande qu'il doit compl\u00e9ter  et signer. Il d\u00e9pose ensuite ce document sur le portail COLIBRIS ( https://portail-\nclermont.colibris.education.gouv.fr/personnels-enseignants-deducation-et-psy/) pour le 5 d\u00e9cembre 202 5 au \nplus tard. \nLes candidats aux mouvements sp\u00e9cifiques se reporteront aux modalit\u00e9s d\u00e9crites dans la note de service parue \nau B.O.E.N. sp\u00e9cial n\u00b05 du 31 octobre 2024. \n \n \nArticle 3 \n \nApr\u00e8s fermeture des serveurs Siam (accessibles par I -Prof), les demandes tardives  de participation au \nmouvement interacad\u00e9mique, de modification de demande de participation au mouvement  interacad\u00e9mique et \nd'annulation de participation aux mouvements interacad\u00e9mique et sp\u00e9cifiques devront avoir \u00e9t\u00e9 d\u00e9pos\u00e9es avant \nle vendredi 6 f\u00e9vrier 2026 \u00e0 minuit. \n \nLes demandes de participation tardives pourront notamment \u00eatre accord\u00e9es pour les motifs suivants :  \n- d\u00e9c\u00e8s du conjoint ou d'un enfant ; \n- cas m\u00e9dical aggrav\u00e9 du conjoint ou d'un enfant ; \n- mutation impr\u00e9visible du conjoint ; \n- mesure de carte scolaire. \n \nLes demandes de modification d'une demande de participation au mouvement pourront notamment \u00eatre \naccord\u00e9es pour les motifs suivants : \n- enfant n\u00e9 ou \u00e0 na\u00eetre ; \n- mutation impr\u00e9visible du conjoint. \n \nLes demandes d'annulation de participation aux mouvements interacad\u00e9mique, sur poste \u00e0 profil et sp\u00e9cifiques \nnationaux seront accept\u00e9es sans condition. \n \nArticle 4 \n \nLe Secr\u00e9taire G\u00e9n\u00e9ral de l'Acad\u00e9mie est charg\u00e9 de l'ex\u00e9cution du pr\u00e9sent arr\u00eat\u00e9.  \n \n \n \nSign\u00e9 \n \n \n \nVirginie DUPONT \n63_REC_Rectorat de l'Acad\u00e9mie de Clermont-Ferrand - 03-2025-10-17-00001 - Arr\u00eat\u00e9 relatif \u00e0 la phase interacad\u00e9mique du\nmouvement 2026 16","date":"2025-10-24","first_seen_on":"2025-10-24T16:04:56+00:00","id":"78a8b2c1f76a1983fa2db4e574f088344503d75c43f3c7fa2a8c371fbabb07cf","name":"recueil nr sp\u00e9cial - \u00e9dit\u00e9 le 24 octobre 2025","pdf_creation_date":"2025-10-24T14:15:26+00:00","pdf_modification_date":null,"timezone":"Europe/Paris","url":"https://www.allier.gouv.fr/contenu/telechargement/18830/128458/file/recueil-03-2025-179-recueil-des-actes-administratifs-special.pdf"}
