{"administration":"prefidf","administration_name":"Pr\u00e9fecture de la r\u00e9gion \u00cele-de-France","content":"PREFECTURE\nREGION ILE DE\nFRANCE\nRECUEIL DES ACTES\nADMINISTRATIFS SP\u00c9CIAL\nN\u00b0IDF-047-2025-11\nPUBLI\u00c9 LE 26 NOVEMBRE 2025\nSommaire\nRectorat de la r\u00e9gion acad\u00e9mique d'Ile-de-France, rectorat de\nl'acad\u00e9mie de Paris /\nIDF-2025-11-21-00017 - Arr\u00eat\u00e9 n\u00b0 2025-172-RRA du secr\u00e9taire\ng\u00e9n\u00e9ral de la r\u00e9gion acad\u00e9mique d'Ile-de-France portant\nsubd\u00e9l\u00e9gation de signature en mati\u00e8re administrative aux services\nr\u00e9gionaux (3 pages) Page 3\nIDF-2025-11-21-00018 - Arr\u00eat\u00e9 n\u00b0 2025-173-RRA portant\nsubd\u00e9l\u00e9gation de signature en mati\u00e8re d'achats publics (7 pages) Page 7\n2\nRectorat de la r\u00e9gion acad\u00e9mique\nd'Ile-de-France, rectorat de l'acad\u00e9mie de Paris\nIDF-2025-11-21-00017\nArr\u00eat\u00e9 n\u00b0 2025-172-RRA du secr\u00e9taire g\u00e9n\u00e9ral de\nla r\u00e9gion acad\u00e9mique d'Ile-de-France portant\nsubd\u00e9l\u00e9gation de signature en mati\u00e8re\nadministrative aux services r\u00e9gionaux\nRectorat de la r\u00e9gion acad\u00e9mique d'Ile-de-France, rectorat de l'acad\u00e9mie de Paris - IDF-2025-11-21-00017 - Arr\u00eat\u00e9 n\u00b0 2025-172-RRA du\nsecr\u00e9taire g\u00e9n\u00e9ral de la r\u00e9gion acad\u00e9mique d'Ile-de-France portant subd\u00e9l\u00e9gation de signature en mati\u00e8re administrative aux services\nr\u00e9gionaux\n3\nww .REGION ACADEMIQUEILE-DE-FRANCELibert\u00e9Egalit\u00e9Fraternit\u00e9\n \n \n \n \n \n \n \n \n \n \n \nArr\u00eat\u00e9 n\u00b0 2025-172-RRA portant subd\u00e9l\u00e9gation \nde signature en mati\u00e8re administrative  \n \nLE SECRETAIRE GENERAL DE LA REGION ACADEMIQUE \u00ceLE-DE-FRANCE, \n \n \nVu le code de l'\u00e9ducation, notamment les articles R.222-17 et R. 222-24-2 ; \nVu la loi n\u00b0 72-619 du 5 juillet 1972 modifi\u00e9e portant cr\u00e9ation et organisation des r\u00e9gions, notamment son \narticle 21-1 ; \nVu la loi n\u00b0 82-213 du 2 mars 1982 modifi\u00e9e relative aux droits et libert\u00e9s des communes, des d\u00e9partements \net des r\u00e9gions, et notamment son article 34  ; \nVu le d\u00e9cret n\u00b0 20 04-374 du 29 avril 2004 modifi\u00e9 relatif aux pouvoirs des pr\u00e9fets, \u00e0 l'organisation et \u00e0 \nl'action des services de l'Etat dans les r\u00e9gions et d\u00e9partements ; \nVu le d\u00e9cret n\u00b0 20 10-687 du 24 juin 2010 modifi\u00e9 relatif \u00e0 l'organisation et aux missions des  services de \nl'Etat dans la r\u00e9gion et les d\u00e9partements d'Ile-de-France ; \nVu le d\u00e9cret n\u00b0 2 019-1200 du 20 novembre 2019 relatif \u00e0 l'organisation des services d\u00e9concentr\u00e9s des \nministres charg\u00e9s de l'\u00e9ducation nationale et de l'enseignement sup\u00e9rieur, de la recherche et de \nl'innovation ; \nVu le d\u00e9cret n\u00b0 2020-1542 du 9 d\u00e9cembre 2020 relatif aux services d\u00e9concentr\u00e9s du minist\u00e8re de \nl'\u00e9ducation nationa le, de la jeunesse et des sports et du minist\u00e8re de l'enseignement sup\u00e9rieur, de la \nrecherche et de l'innovation ; \nVu l'arr\u00eat\u00e9 interminist\u00e9riel en date du 31 janvier 2025 nommant M. Fabien OPPERMANN dans l'emploi de \nsecr\u00e9taire g\u00e9n\u00e9ral de la r\u00e9gion acad\u00e9mique Ile-de-France ; \nVu l'arr\u00eat\u00e9 n\u00b02025-027 RRA du 27 mars 2025 portant d\u00e9l\u00e9gation de signature au secr\u00e9taire g\u00e9n\u00e9ral de la \nr\u00e9gion acad\u00e9mique Ile-de-France ; \nVu l'arr\u00eat\u00e9 interminist\u00e9riel en date du 22 septembre 2023 nommant Mme Roxane LAVERGNE dans l'emploi \nde secr\u00e9taire g\u00e9n\u00e9rale adjointe de la r\u00e9gion acad\u00e9mique Ile-de-France ; \nVu l'arr\u00eat\u00e9 interminist\u00e9riel en date du 28 janvier 2025 portant affectation de M. Jacques de SURREL en tant \nque Directeur des affaires r\u00e9gionales et immobili\u00e8res de la r\u00e9gion acad\u00e9mique Ile-de-France ; \nVu l'arr\u00eat\u00e9 de la ministre de l'Education nationale, de l'Enseignement sup\u00e9rieur et de la Recherche en date \ndu 28 juillet 2025  nommant M. Richard CHANTIER dans l'emploi de d\u00e9l\u00e9gu\u00e9 de r\u00e9gion acad\u00e9mique \u00e0 la \nformation professionnelle initi ale et continue  de la r\u00e9gion acad\u00e9mique \u00cele -de-France \u00e0 compter du 1 er \nseptembre 2025; \nVu l'arr\u00eat\u00e9 du ministre de l'Education nationale en date du 22 d\u00e9cembre 2020 nommant  \nMme Patricia BLOCH dans l'emploi de d\u00e9l\u00e9gu\u00e9e de r\u00e9gion acad\u00e9mique \u00e0 l'information et \u00e0 l'orientation de \nla r\u00e9gion acad\u00e9mique Ile-de-France; \nRectorat de la r\u00e9gion acad\u00e9mique d'Ile-de-France, rectorat de l'acad\u00e9mie de Paris - IDF-2025-11-21-00017 - Arr\u00eat\u00e9 n\u00b0 2025-172-RRA du\nsecr\u00e9taire g\u00e9n\u00e9ral de la r\u00e9gion acad\u00e9mique d'Ile-de-France portant subd\u00e9l\u00e9gation de signature en mati\u00e8re administrative aux services\nr\u00e9gionaux\n4\n \n \nVu l'arr\u00eat\u00e9 de la ministre de l'Education nationale en date du 16 octobre 2024 nommant M. Pierre CAUTY \ndans l'emploi de d\u00e9l\u00e9gu\u00e9 r\u00e9gional acad\u00e9mique au num\u00e9rique \u00e9ducatif de la r\u00e9gion acad\u00e9mique Ile -de-\nFrance ; \nVu l'arr\u00eat\u00e9 minist\u00e9riel du 14 f\u00e9vrier 2022 portant cr\u00e9ation du service r\u00e9gional acad\u00e9mique des syst\u00e8mes \nd'information de la r\u00e9gion acad\u00e9mique Ile-de-France ; \nVu l'arr\u00eat\u00e9 2020-04-RRA du 1er mars 2020 du recteur de la r\u00e9gion acad\u00e9mique Ile de France portant cr\u00e9ation \nde la d\u00e9l\u00e9gation r\u00e9gionale acad\u00e9mique \u00e0 la formation professionnelle initiale et continue ; \nVu l'arr\u00eat\u00e9 2020-05-RRA du 1er mars 2020 du recteur de la r\u00e9gion acad\u00e9mique Ile de France portant cr\u00e9ation \nde la d\u00e9l\u00e9gation r\u00e9gionale acad\u00e9mique \u00e0 l'information et \u00e0 l'orientation  de la r\u00e9gion acad\u00e9mique I le-de-\nFrance ; \nVu l'arr\u00eat\u00e9 2020-30-RRA du 17 novembre 2020 du recteur de la r\u00e9gion acad\u00e9mique Ile de France portant \ncr\u00e9ation du service r\u00e9gional de l'immobilier de la r\u00e9gion acad\u00e9mique Ile-de-France ; \nVu l'arr\u00eat\u00e9 2020-31-RRA du 17 novembre 2020 du recteur de la r\u00e9gion acad\u00e9mique Ile de France portant \ncr\u00e9ation du service r\u00e9gional des achats de la r\u00e9gion acad\u00e9mique Ile-de-France ; \nVu l'arr\u00eat\u00e9 2022-03-RRA du 1er f\u00e9vrier 2022 du recteur de la r\u00e9gion acad\u00e9mique Ile de France portant \ncr\u00e9ation de la d\u00e9l\u00e9gation r\u00e9gionale acad\u00e9mique aux relations europ\u00e9ennes et internationales et \u00e0 la \ncoop\u00e9ration de la r\u00e9gion acad\u00e9mique Ile-de-France ; \nVu l'arr\u00eat\u00e9 2022-147-RRA du 1er septembre 2022 du recteur de la r\u00e9gion acad\u00e9mique Ile de France portant \nnomination de M. Antoine GODBERT en tant que chef de la d\u00e9l\u00e9gation r\u00e9gionale acad\u00e9mique aux relations \neurop\u00e9ennes et internationales et \u00e0 la coop\u00e9ration de la r\u00e9gion acad\u00e9mique Ile-de-France ; \nVu l'arr\u00eat\u00e9 2022 -04-RRA du 1 er f\u00e9vrier 2022 du recteur de la r\u00e9gion acad\u00e9mique Ile de France portant \ncr\u00e9ation de la d\u00e9l\u00e9gation r\u00e9gionale acad\u00e9mique au num\u00e9rique \u00e9ducatif  de la r\u00e9gion acad\u00e9mique I le-de-\nFrance ; \nVu l'arr\u00eat\u00e9 du ministre de l'Education nationale du 12 novembre 2025 portant nomination de M. Ludovic \nCAVALIER dans l'emploi de directeur r\u00e9gional  acad\u00e9mique des syst\u00e8mes d'information de la r\u00e9gion  \nacad\u00e9mique Ile-de-France ; \nVu l'arr\u00eat\u00e9 2024-27-RRA du 21 mars 2024, nommant M. Daniel YALCIN chef du service r\u00e9gional des achats \nde la r\u00e9gion acad\u00e9mique \u00cele-de-France ; \nVu la d\u00e9cision en date du 31 juillet 2025 nommant M. Tuan L\u00ca MINH chef du service r\u00e9gional de l'immobilier \nde la r\u00e9gion acad\u00e9mique Ile-de-France ; \n \nARRETE \nARTICLE 1 : \nEn cas d'absence ou d'emp\u00eachement de M. Fabien OPPERMANN, secr\u00e9taire g\u00e9n\u00e9ral de la r\u00e9gion \nacad\u00e9mique Ile-de-France, subd\u00e9l\u00e9gation de signature est donn\u00e9e \u00e0 Mme Roxane LAVERGNE , \nsecr\u00e9taire g\u00e9n\u00e9rale adjointe de la r\u00e9gion acad\u00e9mique Ile-de-France, \u00e0 l'effet de signer, dans la \nlimite de ses attributions et comp\u00e9tences, tous arr\u00eat\u00e9s, circulaires, d\u00e9cisions, pi\u00e8ces, conventions \net correspondances relatifs \u00e0 la mise en \u0153uvre des comp\u00e9tences \u00e9num\u00e9r\u00e9es dans  l'article               \nR. 222-24-2 du code de l'\u00e9ducation, \u00e0 l'exception du 3e du I de l'article R. 222-24-2 pr\u00e9cit\u00e9. \nARTICLE 2 : \nEn cas d'absence ou d'emp\u00eachement de M. Fabien OPPERMANN, secr\u00e9taire g\u00e9n\u00e9ral de la r\u00e9gion \nacad\u00e9mique Ile-de-France, et de Mme Roxane LAVERGNE, secr\u00e9taire g\u00e9n\u00e9rale adjointe de la \nr\u00e9gion acad\u00e9mique, subd\u00e9l\u00e9gation de signature en mati\u00e8re administrative est donn\u00e9e \u00e0 l'effet \nde signer les arr\u00eat\u00e9s, d\u00e9cisions, pi\u00e8ces ou conventions d\u00e9sign\u00e9s \u00e0 l'article 1er du pr\u00e9sent arr\u00eat\u00e9, \ndans la limite de leurs attributions respectives, \u00e0 : \nRectorat de la r\u00e9gion acad\u00e9mique d'Ile-de-France, rectorat de l'acad\u00e9mie de Paris - IDF-2025-11-21-00017 - Arr\u00eat\u00e9 n\u00b0 2025-172-RRA du\nsecr\u00e9taire g\u00e9n\u00e9ral de la r\u00e9gion acad\u00e9mique d'Ile-de-France portant subd\u00e9l\u00e9gation de signature en mati\u00e8re administrative aux services\nr\u00e9gionaux\n5\n \n \n\uf0b7 M. Jacques de SURREL , directeur des affaires g\u00e9n\u00e9rales et immobili\u00e8res  de la r\u00e9gion \nacad\u00e9mique Ile-de-France ; \n\uf0b7 Monsieur Richard CHANTIER , d\u00e9l\u00e9gu\u00e9 de r\u00e9gion acad\u00e9mique \u00e0 la formation professionnelle \ninitiale et continue de la r\u00e9gion acad\u00e9mique Ile-de-France; \n\uf0b7 Mme Patricia BLOCH, d\u00e9l\u00e9gu\u00e9e de r\u00e9gion acad\u00e9mique \u00e0 l'information et \u00e0 l'orientation  de la \nr\u00e9gion acad\u00e9mique Ile-de-France ; \n\uf0b7 M. Antoine GODBERT, chef de la d\u00e9l\u00e9gation r\u00e9gionale acad\u00e9mique aux relations europ\u00e9ennes \net internationales et \u00e0 la coop\u00e9ration de la r\u00e9gion acad\u00e9mique Ile-de-France ; \n\uf0b7 M. Pierre CAUTY , d\u00e9l\u00e9gu\u00e9 r\u00e9gional acad\u00e9mique au num\u00e9rique \u00e9ducatif de la r\u00e9gion  \nacad\u00e9mique Ile-de-France ; \n\uf0b7 M. Ludovic CAVALIER, directeur r\u00e9gional acad\u00e9mique des syst\u00e8mes d'information de la r\u00e9gion \nacad\u00e9mique Ile-de-France ; \n\uf0b7 M. Tuan L\u00ca MINH , chef du service r\u00e9gional de l'immobilier de la r\u00e9gion acad\u00e9mique Ile -de-\nFrance ; \n\uf0b7 M. Daniel YALCIN, chef du service r\u00e9gional des achats de la r\u00e9gion acad\u00e9mique Ile-de-France. \n \nARTICLE 3 : \nL'arr\u00eat\u00e9 n\u00b02025-139-RRA du 8 septembre  2025 portant subd\u00e9l\u00e9gation de signature en mati\u00e8re \nadministrative est abrog\u00e9. \n \nARTICLE 4 : \nLe secr\u00e9taire g\u00e9n\u00e9ral de la r\u00e9gion acad\u00e9mique Ile-de-France est charg\u00e9 de l'ex\u00e9cution du pr\u00e9sent \narr\u00eat\u00e9 qui sera publi\u00e9 au recueil des actes administratifs de la pr\u00e9fecture de r\u00e9gion d'Ile-de-France. \n \nFait \u00e0 Paris, le 21 novembre 2025 \n \nLe secr\u00e9taire g\u00e9n\u00e9ral de la r\u00e9gion acad\u00e9mique d'\u00cele-de-France, \n \n \n \nSign\u00e9 \n \n \nFabien OPPERMANN \nRectorat de la r\u00e9gion acad\u00e9mique d'Ile-de-France, rectorat de l'acad\u00e9mie de Paris - IDF-2025-11-21-00017 - Arr\u00eat\u00e9 n\u00b0 2025-172-RRA du\nsecr\u00e9taire g\u00e9n\u00e9ral de la r\u00e9gion acad\u00e9mique d'Ile-de-France portant subd\u00e9l\u00e9gation de signature en mati\u00e8re administrative aux services\nr\u00e9gionaux\n6\nRectorat de la r\u00e9gion acad\u00e9mique\nd'Ile-de-France, rectorat de l'acad\u00e9mie de Paris\nIDF-2025-11-21-00018\nArr\u00eat\u00e9 n\u00b0 2025-173-RRA portant subd\u00e9l\u00e9gation\nde signature en mati\u00e8re d'achats publics\nRectorat de la r\u00e9gion acad\u00e9mique d'Ile-de-France, rectorat de l'acad\u00e9mie de Paris - IDF-2025-11-21-00018 - Arr\u00eat\u00e9 n\u00b0 2025-173-RRA\nportant subd\u00e9l\u00e9gation de signature en mati\u00e8re d'achats publics 7\nww .REGION ACADEMIQUEILE-DE-FRANCELibert\u00e9Egalit\u00e9Fraternit\u00e9\n \n1 \n                                                          \n \n \n \n \n \n \n \n \n \n \n \n \nArr\u00eat\u00e9 n\u00b02025-173-RRA portant subd\u00e9l\u00e9gation \nde signature en mati\u00e8re d'achats publics \n \nLA RECTRICE DE LA REGION ACADEMIQUE \u00ceLE-DE-FRANCE, \n RECTRICE DE L'ACAD\u00c9MIE DE PARIS \nCHANCELIERE DES UNIVERSIT\u00c9S DE PARIS  \nET D'\u00ceLE-DE-FRANCE \n \n \nVu la loi organique n\u00b02001-692 du 1er ao\u00fbt 2001 modifi\u00e9e relative aux lois de finances ;  \nVu le code de l'\u00e9ducation, notamment les articles R.222-17 et R. 222-24-2 ; \nVu le code de la commande publique ; \nVu la loi n\u00b072-619 du 5 juillet 1972 modifi\u00e9e portant cr\u00e9ation et organisation des r\u00e9gions, notamment son \narticle 21-1 ; \nVu le d\u00e9cret du Pr\u00e9sident de la R\u00e9publique du 12 mars 2025 nommant Mme Julie BENETTI rectrice de la \nr\u00e9gion acad\u00e9mique Ile-de-France, rectrice de l'acad\u00e9mie de Paris ; \nVu le d\u00e9cret n\u00b02004-374 du 29 avril 2004 modifi\u00e9 relatif aux pouvoirs des pr\u00e9fets, \u00e0 l'organisation et \u00e0 \nl'action des services de l'Etat dans les r\u00e9gions et d\u00e9partements, et notamment les articles 37-1 et 69-5 ; \nVu le d\u00e9cret n\u00b02010-687 du 24 juin 2010 modifi\u00e9 relatif \u00e0 l'organisation et aux missions des  services de \nl'Etat dans la r\u00e9gion et les d\u00e9partements d'Ile-de-France ; \nVu le d\u00e9cret n\u00b02012-1246 du 7 novembre 2012 relatif \u00e0 la gestion budg\u00e9taire et comptable publique ; \nVu le d\u00e9cret n\u00b02019 -1200 du 20 novembre 2019 relatif \u00e0 l'organisation des services d\u00e9concentr\u00e9s des \nministres charg\u00e9s de l'\u00e9ducation na tionale et de l'enseignement sup\u00e9rieur, de la recherche et de \nl'innovation ; \nVu l'arr\u00eat\u00e9 minist\u00e9riel du 22 d\u00e9cembre 2022 relatif aux r\u00e8gles de la comptabilit\u00e9 budg\u00e9taire de l'Etat pris \nen application de l'article 54 du d\u00e9cret n\u00b0 2012 -1246 du 7 novembre 201 2 modifi\u00e9 relatif \u00e0 la gestion \nbudg\u00e9taire et comptable publique ; \nVu l'arr\u00eat\u00e9 interminist\u00e9riel en date du 31 janvier 2025 nommant M. Fabien OPPERMANN dans l'emploi de \nsecr\u00e9taire g\u00e9n\u00e9ral de la r\u00e9gion acad\u00e9mique Ile-de-France ; \nVu l'arr\u00eat\u00e9 n\u00b02025-027-RRA du 27 mars 2025 portant d\u00e9l\u00e9gation de signature au secr\u00e9taire g\u00e9n\u00e9ral de la \nr\u00e9gion acad\u00e9mique Ile-de-France ; \nVu l'arr\u00eat\u00e9 interminist\u00e9riel en date du 22 septembre 2023 nommant Mme Roxane LAVERGNE dans \nl'emploi d'adjointe au secr\u00e9taire g\u00e9n\u00e9ral de la r\u00e9gion acad\u00e9mique Ile-de-France ; \n \nRectorat de la r\u00e9gion acad\u00e9mique d'Ile-de-France, rectorat de l'acad\u00e9mie de Paris - IDF-2025-11-21-00018 - Arr\u00eat\u00e9 n\u00b0 2025-173-RRA\nportant subd\u00e9l\u00e9gation de signature en mati\u00e8re d'achats publics 8\n \n2 \nVu l'arr\u00eat\u00e9 interminist\u00e9riel en date du 28 janvier 2025 portant affectation de M. Jacques de SURREL en \ntant que Directeur des affaires r\u00e9gionales et immobili\u00e8res de la r\u00e9gion acad\u00e9mique Ile-de-France ; \nVu l'arr\u00eat\u00e9 du ministre de l'Education nationale du 12 novembre 2025 portant nomination de M. Ludovic \nCAVALIER dans l'emploi de directeur r\u00e9gional acad\u00e9mique des syst\u00e8mes d'information de la r\u00e9gion \nacad\u00e9mique Ile-de-France ; \nVu l'arr\u00eat\u00e9 minist\u00e9riel du 8 d\u00e9cembre 2023 po rtant nomination de Mme C\u00e9cile NICOL dans l'emploi de \nd\u00e9l\u00e9gu\u00e9e r\u00e9gionale acad\u00e9mique \u00e0 la jeunesse, \u00e0 l'engagement et aux sports d'\u00cele-de-France ; \nVu l'arr\u00eat\u00e9 en date du 29 avril 2024  nommant Mme Alexandra NOEL adjointe \u00e0 la d\u00e9l\u00e9gu\u00e9e r\u00e9gionale \nacad\u00e9mique \u00e0 la jeunesse, \u00e0 l'engagement et aux sports d'Ile-de-France ; \nVu l'arr\u00eat\u00e9 n\u00b02024 -027-RRA du 21 mars 2024 portant nomination de M. Daniel YALCIN chef du service \nr\u00e9gional des achats de la r\u00e9gion acad\u00e9mique \u00cele-de-France ; \nVu l'arr\u00eat\u00e9 du pr\u00e9fet de la r\u00e9gion Ile -de-France n\u00b0 IDF -2025-03-26-00004 du 26 mars 2025  portant \nd\u00e9l\u00e9gation de signature \u00e0 Mme Julie BENETTI, rectrice de la r\u00e9gion acad\u00e9mique \u00cele-de-France, rectrice de \nl'acad\u00e9mie de Paris en mati\u00e8re d'ordonnancement secondaire ; \nVu le contrat en date du 31 juillet 2025 nommant M. Tuan L\u00ca MINH chef du service r\u00e9gional de l'immobilier \nde la r\u00e9gion acad\u00e9mique Ile-de-France \u00e0 compter du 8 septembre 2025 ; \nVu l'arr\u00eat\u00e9 en date du 18 ao\u00fbt 2025  nommant Mme Maria -Silvia FUCILLI adjointe au chef du service \nr\u00e9gional de l'immobilier, cheffe du p\u00f4le de Paris-Cr\u00e9teil MOA ; \nVu l'arr\u00eat\u00e9 en date du 1er avril 2025 nommant Mme Karine TIETZ adjointe au chef du service r\u00e9gional de \nl'immobilier, cheffe du p\u00f4le de Versailles ; \nVu l'arr\u00eat\u00e9 en date du 18 novembre 2025 nommant Mme Catherine SALANIE adjointe au chef du service \nr\u00e9gional de l'immobilier, cheffe du p\u00f4le de Paris-Cr\u00e9teil ESR (Enseignement sup\u00e9rieur et recherche) ; \nVu l'arr\u00eat\u00e9 en date du 14 novembre 2025 nommant M. Laurent CHAVINIER adjoint \u00e0 la cheffe du p\u00f4le de \nVersailles du service r\u00e9gional de l'immobilier; \n \nARRETE \n \nARTICLE 1 : \nSubd\u00e9l\u00e9gation de signature est donn\u00e9e \u00e0 M. Fabien OPPERMANN, secr\u00e9taire g\u00e9n\u00e9ral adjoint de \nla r\u00e9gion acad\u00e9mique \u00cele-de-France, \u00e0 l'effet de signer : \n- tous les march\u00e9s  publics, accords-cadres, contrats, conventions et transactions quels qu'en \nsoit les montants, dans le respect du Code de la commande publique ; \n- tous les actes relatifs \u00e0 la passation, \u00e0 la gestion et \u00e0 l'ex\u00e9cution administrative et financi\u00e8re \nde ces march\u00e9s, contrats , conventions et transactions  y compris les arr\u00eat\u00e9s relatifs \u00e0 la \ncomposition et au mode de fonctionnement des jurys de concours. \nARTICLE 2 : \nSubd\u00e9l\u00e9gation de signature est donn\u00e9e \u00e0 Mme Roxane LAVERGNE, secr\u00e9taire g\u00e9n\u00e9rale adjointe \nde la r\u00e9gion acad\u00e9mique \u00cele-de-France, \u00e0 l'effet de signer : \n- tous les march\u00e9s  publics, accords-cadres, contrats, conventions et transactions quels qu'en \nsoit les montants, dans le respect du Code de la commande publique ; \n- tous les actes relatifs \u00e0  la passation, \u00e0 la gestion et \u00e0 l'ex\u00e9cution administrative et financi\u00e8re \nde ces march\u00e9s, contrats , conventions et transactions  y compris les arr\u00eat\u00e9s relatifs \u00e0 la \ncomposition et au mode de fonctionnement des jurys de concours. \n  \nRectorat de la r\u00e9gion acad\u00e9mique d'Ile-de-France, rectorat de l'acad\u00e9mie de Paris - IDF-2025-11-21-00018 - Arr\u00eat\u00e9 n\u00b0 2025-173-RRA\nportant subd\u00e9l\u00e9gation de signature en mati\u00e8re d'achats publics 9\n \n3 \nARTICLE 3 : \nSubd\u00e9l\u00e9gation de signature est donn\u00e9e \u00e0 M. Jacques de SURREL, directeur des affaires g\u00e9n\u00e9rales \net immobili\u00e8res, \u00e0 l'effet de signer, dans la limite de ses attributions : \n- tous les march\u00e9s  publics, accords-cadres, contrats, conventions et transactions quels qu'en \nsoit les montants, dans le respect du Code de la commande publique ; \n- tous les actes relatifs \u00e0  la passation, \u00e0 la gestion et \u00e0 l'ex\u00e9cution administrative et financi\u00e8re \nde ces march\u00e9s, contrats et conventions. \n \nARTICLE 4 : \nSubd\u00e9l\u00e9gation de signature est donn\u00e9e \u00e0 M. Daniel YALCIN, chef du service r\u00e9gional des achats, \n\u00e0 l'effet de signer les pi\u00e8ces relatives : \n- \u00e0 la passation, \u00e0 l'ex\u00e9cution et \u00e0 la constatation du service fait des accords -cadres et des \nmarch\u00e9s publics de fournitures courantes et de services inf\u00e9rieurs \u00e0 90 000 \u20ac HT et de travaux \ninf\u00e9rieurs \u00e0 300 000 \u20ac HT ; \n- \u00e0 l'ex\u00e9cution, \u00e0 l'exception des ave nants et d\u00e9cisions de r\u00e9siliation, et \u00e0 la constatation du \nservice fait des accords-cadres et des march\u00e9s publics. \nARTICLE 5 : \n Alin\u00e9a 1 : \nSubd\u00e9l\u00e9gation de signature est donn\u00e9e \u00e0 M. Tuan L\u00ca MINH, chef du service r\u00e9gional de \nl'immobilier, \u00e0 l'effet de signer, dans les limites de ses attributions : \n- tous les march\u00e9s, contrats , conventions et transactions dont le montant est inf\u00e9rieur ou \n\u00e9gal \u00e0 10 0 00 000 \u20ac HT  (pour les accords cadre, il convient de se r\u00e9f\u00e9rer au montant \nmaximum du march\u00e9) ; \n- tous les actes relatifs \u00e0 la passation, \u00e0 la gestion et \u00e0 l'ex\u00e9cution de ces march\u00e9s, contrats, \nconventions et transactions. \nCette subd\u00e9l\u00e9gation est donn\u00e9e \u00e0 l'exclusion : \n- de tout acte qui conduirait \u00e0 un d\u00e9passement du seuil de 10 000 000 \u20ac HT ; \n- des d\u00e9cisions d'ester en justice.  \nAlin\u00e9a 2 : \nSubd\u00e9l\u00e9gation de signature est donn\u00e9e \u00e0 M. Tuan L\u00ca MINH, chef du service r\u00e9gional de \nl'immobilier, \u00e0 l'effet de signer, dans les limites de ses attributions,  les actes relatifs \u00e0 la \npassation, \u00e0 la gestion et \u00e0 l'ex\u00e9cution des march\u00e9s, contrats, conventions et transactions dont \nle montant est sup\u00e9rieur \u00e0 10 000 000 \u20ac HT (pour les accords cadre, il convient de se r\u00e9f\u00e9rer au \nmontant maximum du march\u00e9),  \n\u00e0 l'exclusion des actes suivants : \n- les rapports de pr\u00e9sentation des march\u00e9s (c andidatures et offres), avenants, d\u00e9cisions de \npoursuivre et transactions ; \n- les d\u00e9cisions de s\u00e9lection des candidatures ; \n- les d\u00e9cisions d'attribution et signature des march\u00e9s, avenants et d\u00e9cisions de poursuivre ; \n- les d\u00e9cisions d'affermissement des tranches optionnelles ; \nRectorat de la r\u00e9gion acad\u00e9mique d'Ile-de-France, rectorat de l'acad\u00e9mie de Paris - IDF-2025-11-21-00018 - Arr\u00eat\u00e9 n\u00b0 2025-173-RRA\nportant subd\u00e9l\u00e9gation de signature en mati\u00e8re d'achats publics 10\n \n4 \n- les d\u00e9cisions de reconduction ; \n- les transactions ; \n- les d\u00e9cisions de r\u00e9siliation ; \n- les d\u00e9cisions de r\u00e9ception des ouvrages ; \n- les d\u00e9cisions de lev\u00e9e de r\u00e9serves ; \n- le d\u00e9compte g\u00e9n\u00e9ral ; \n- les d\u00e9cisions d'ester en justice ; \n- les ordres de service sup\u00e9rieurs \u00e0 500 000 \u20ac HT ; \n- les ordres de service dont le montant cumul\u00e9 exc\u00e8de les seuils de 10% en prestations  \nintellectuelles et 15% en travaux, \u00e9tant pr\u00e9cis\u00e9 que ces pourcentages sont calcul\u00e9s hors  \navenants fond\u00e9s sur les articles R2194-2 \u00e0 R2194-7 du code de la commande publique ; \n- les r\u00e9ponses \u00e0 des courriers du titulaire dans le cadre de situations pr\u00e9 contentieuses ; \n- les bons de commande sup\u00e9rieurs \u00e0 500 000 \u20ac HT ; \n- les d\u00e9cisions d'exon\u00e9ration des p\u00e9nalit\u00e9s sup\u00e9rieures \u00e0 40 000 euros \u20ac HT. \nAlin\u00e9a 3 : \nEn cas d'absence ou d'emp\u00eachement de M. Tuan L\u00ca MINH, chef du service r\u00e9gional de \nl'immobilier, subd\u00e9l\u00e9gation de signature est donn\u00e9e, dans les limites de leurs attributions, \u00e0 : \n- Mme Catherine SALANIE, adjointe au chef du service r\u00e9gional de l'immobilier,  cheffe du \np\u00f4le de Paris-Cr\u00e9teil ESR (Enseignement sup\u00e9rieur et recherche) ; \n- Mme Maria Silvia FUCILLI, adjointe au chef du service r\u00e9gional de l'immobilier, cheffe du \np\u00f4le de Paris-Cr\u00e9teil MOA ; \n- Mme Karine TIETZ, adjointe au chef du service r\u00e9gional  de l'immobilier, cheffe du p\u00f4le de \nVersailles ; \n- M. Laurent CHAVINIER, adjoint \u00e0 la cheffe du p\u00f4le de Versailles. \nCette subd\u00e9l\u00e9gation est donn\u00e9e \u00e0 l'effet de signer : \n- tous les march\u00e9s, contrats , conventions et transactions dont le montant est inf\u00e9rieur ou \n\u00e9gal \u00e0 2 000 000 \u20ac HT (pour les accords cadre, il convient de se r\u00e9f\u00e9rer au montant maximum \ndu march\u00e9) ; \n- tous les actes relatifs \u00e0 la passation, \u00e0 la gestion et \u00e0 l'ex\u00e9cution de ces march\u00e9s, contrats et \nconventions. \nCette subd\u00e9l\u00e9gation est donn\u00e9e \u00e0 l'exclusion : \n- de tout acte qui conduirait \u00e0 un d\u00e9passement du seuil de 2 000 000 \u20ac HT ; \n- des transactions ; \n- des d\u00e9cisions d'ester en justice. \n \nAlin\u00e9a 4 :  \n \nEn cas d'absence ou d'emp\u00eachement de M. Tuan L\u00ca MINH, chef du service r\u00e9gional de \nl'immobilier, subd\u00e9l\u00e9gation de signature est donn\u00e9e, dans les limites de leurs attributions, \u00e0 : \n- Mme Catherine SALANIE, adjointe au chef du service r\u00e9gional de l'immobilier, cheffe du p\u00f4le \nde Paris-Cr\u00e9teil ESR (Enseignement sup\u00e9rieur et recherche) ; \n- Mme Maria Silvia FUCILLI, adjointe au chef du service r\u00e9gional de l'immobilier, cheffe du \np\u00f4le de Paris-Cr\u00e9teil MOA ; \n- Mme Karine TIETZ, adjoi nte au chef du service r\u00e9gional  de l'immobilier, cheffe du p\u00f4le de \nVersailles ; \n- M. Laurent CHAVINIER, adjoint \u00e0 la cheffe du p\u00f4le de Versailles. \n \nRectorat de la r\u00e9gion acad\u00e9mique d'Ile-de-France, rectorat de l'acad\u00e9mie de Paris - IDF-2025-11-21-00018 - Arr\u00eat\u00e9 n\u00b0 2025-173-RRA\nportant subd\u00e9l\u00e9gation de signature en mati\u00e8re d'achats publics 11\n \n5 \n\u00e0 l'effet de signer les actes relatifs \u00e0 la passation, \u00e0 la gestion et \u00e0 l'ex\u00e9cution des march\u00e9s, \ncontrats, conventions dont le montant est sup\u00e9rieur \u00e0 2 000 000 \u20ac HT (pour les accords cadre, \nil convient de se r\u00e9f\u00e9rer au montant maximum du march\u00e9),  \n\u00e0 l'exclusion des actes suivants : \n- les rapports de pr\u00e9sentation des march\u00e9s (candidatures et offres), avenants, d\u00e9cisions de \npoursuivre et transactions ; \n- les d\u00e9cisions de s\u00e9lection des candidatures ; \n- les d\u00e9cisions d'attribution et signature des march\u00e9s, avenants et d\u00e9cisions de poursuivre ; \n- les d\u00e9cisions d'affermissement des tranches optionnelles ; \n- les d\u00e9cisions de reconduction ; \n- les transactions ; \n- les d\u00e9cisions de r\u00e9siliation ; \n- les d\u00e9cisions d'approbation des phases d'\u00e9tudes ( esquisse, avant-projet sommaire, avant-\nprojet d\u00e9finitif, projet...) ; \n- les d\u00e9cisions de r\u00e9ception des ouvrages ; \n- les d\u00e9cisions de mises en demeure ; \n- les d\u00e9cisions d'ex\u00e9cution aux frais et risques ; \n- les d\u00e9cisions de lev\u00e9e de r\u00e9serves ; \n- le d\u00e9compte g\u00e9n\u00e9ral ; \n- les d\u00e9cisions de cl\u00f4ture de GPA ; \n- les d\u00e9cisions d'ester en justice ; \n- les ordres de service sup\u00e9rieurs \u00e0 100 000 \u20ac HT ; \n- les ordres de service dont le montant cumul\u00e9 exc\u00e8de les seuils de 10% en prestations  \nintellectuelles et 15% en travaux, \u00e9tant pr\u00e9cis\u00e9 que ces  pourcentages sont calcul\u00e9s hors  \navenants fond\u00e9s sur les articles R2194-2 \u00e0 R2194-7 du code de la commande publique ; \n- les ordres de service d'arr\u00eat de chantier ; \n- les r\u00e9ponses \u00e0 des courriers du titulaire dans le cadre de situations pr\u00e9 contentieuses ; \n- les bons de commande sup\u00e9rieurs \u00e0 100 000 \u20ac HT ; \n- les d\u00e9cisions d'exon\u00e9ration des p\u00e9nalit\u00e9s sup\u00e9rieures \u00e0 10 000 euros \u20ac HT. \nAlin\u00e9a 5 : \nEn cas d'absence ou d'emp\u00eachement de Mme Maria Silvia FUCILLI, adjointe au chef du service \nr\u00e9gional de l'immobilier, cheffe du p\u00f4le de Paris -Cr\u00e9teil MOA, subd\u00e9l\u00e9gation de signature est \ndonn\u00e9e, dans les limites de ses attributions, \u00e0 M. Luigi PUCCI, chef de la division de l'immobilier \net de la logistique de l'acad\u00e9mie de Cr\u00e9teil et adjoint \u00e0 la cheffe du p\u00f4le de Paris -Cr\u00e9teil MOA, \n\u00e0 l'effet de signer : \n- tous les march\u00e9s, contrats , conventions et transactions dont le montant est inf\u00e9rieur au \nseuil des march\u00e9s n\u00e9goci\u00e9s sans mise en concurrence mentionn\u00e9 \u00e0 l'article R2122-8 du code \nde la commande publique  (pour les accords cadre, il convient de se r\u00e9f\u00e9rer au montant \nmaximum du march\u00e9) ; \n- tous les actes relatifs \u00e0 la passation, \u00e0 la gestion et \u00e0 l'ex\u00e9cution de ces march\u00e9s, contrats et \nconventions. \nCette subd\u00e9l\u00e9gation est donn\u00e9e \u00e0 l'exclusion : \n- de tout acte qui conduirait \u00e0 un d\u00e9passemen t du seuil des march\u00e9s n\u00e9goci\u00e9s sans mise en  \nconcurrence mentionn\u00e9 \u00e0 l'article R2122-8 du code de la commande publique; \n- des transactions ; \n- des d\u00e9cisions d'ester en justice. \n \n  \nRectorat de la r\u00e9gion acad\u00e9mique d'Ile-de-France, rectorat de l'acad\u00e9mie de Paris - IDF-2025-11-21-00018 - Arr\u00eat\u00e9 n\u00b0 2025-173-RRA\nportant subd\u00e9l\u00e9gation de signature en mati\u00e8re d'achats publics 12\n \n6 \nAlin\u00e9a 6 : \nEn cas d'absence ou d'emp\u00eachement de Mme Maria Silvia FUCILLI, adjointe au chef du service \nr\u00e9gional de l'immobilier, cheffe du p\u00f4le de Paris -Cr\u00e9teil MOA, subd\u00e9l\u00e9gation de signature est \ndonn\u00e9e, dans les limites de ses attributions, \u00e0 M. Luigi PUCCI, chef de la division de l'immobilier \net de la logistique de l'acad\u00e9mie de Cr\u00e9teil et adjoint \u00e0 la cheffe du p\u00f4le de Paris -Cr\u00e9teil MOA, \n\u00e0 l'effet de signer les actes relatifs \u00e0 la passation, \u00e0 la gestion et \u00e0  l'ex\u00e9cution des march\u00e9s  \npublics, accords-cadres, contrats, conventions dont le montant est sup\u00e9rieur au seuil des \nmarch\u00e9s n\u00e9goci\u00e9s sans mise en concurrence  mentionn\u00e9 \u00e0 l'article R2122 -8 du Code de la \ncommande publique (pour les accords cadre, il convient de se r\u00e9f\u00e9rer au montant maximum du \nmarch\u00e9),  \n\u00e0 l'exclusion des actes suivants : \n- les rapports de pr\u00e9sentation des march\u00e9s (candidatures et offres), avenants, d\u00e9cisions de \npoursuivre et transactions ; \n- les d\u00e9cisions de s\u00e9lection des candidatures ; \n- les d\u00e9cisions d'attribution et signature des march\u00e9s, avenants et d\u00e9cisions de poursuivre ; \n- les d\u00e9cisions d'affermissement des tranches optionnelles ; \n- les d\u00e9cisions de reconduction ; \n- les transactions ; \n- les d\u00e9cisions de r\u00e9siliation ; \n- les d\u00e9cisions d'approbation des phases d'\u00e9tudes ( esquisse, avant -projet sommaire, avant-\nprojet d\u00e9finitif, projet...) ; \n- les d\u00e9cisions de r\u00e9ception des ouvrages ; \n- les d\u00e9cisions de mises en demeure ; \n- les d\u00e9cisions d'ex\u00e9cution aux frais et risques ; \n- les d\u00e9cisions de lev\u00e9e de r\u00e9serves ; \n- le d\u00e9compte g\u00e9n\u00e9ral ; \n- les d\u00e9cisions de cl\u00f4ture de GPA ; \n- les d\u00e9cisions d'ester en justice ; \n- les ordres de service sup\u00e9rieurs \u00e0 40 000 \u20ac HT ; \n- les ordres de service dont le montant cumul\u00e9 exc\u00e8de les seuils de 10% en prestations  \nintellectuelles et 15% en travaux, \u00e9tant pr\u00e9cis\u00e9 que ces pourcentages sont calcul\u00e9s hors \navenants fond\u00e9s sur les articles R2194-2 \u00e0 R2194-7 du code de la commande publique ; \n- les ordres de service d'arr\u00eat de chantier ; \n- les r\u00e9ponses \u00e0 des courriers du titulaire dans le cadre de situations pr\u00e9 contentieuses ; \n- les bons de commande sup\u00e9rieurs \u00e0 40 000 \u20ac HT ; \n- les d\u00e9cisions d'exon\u00e9ration des p\u00e9nalit\u00e9s sup\u00e9rieures \u00e0 5 000 euros \u20ac HT. \n \nAlin\u00e9a 7 : \nEn cas d'absence ou d'emp\u00eachement de s personnes cit\u00e9es aux alin\u00e9as 1 \u00e0 6 de l'article 5,  \nsubd\u00e9l\u00e9gation de signature est donn\u00e9e , dans la limite des attribu tions des subd\u00e9l\u00e9gataires, \u00e0 \nl'effet de signer : \n-  les agr\u00e9ments de sous-traitants ; \n-  les constats de service fait ; \naux charg\u00e9s d'op\u00e9rations immobili\u00e8res plac\u00e9s sous l'autorit\u00e9 des personnes cit\u00e9es aux alin\u00e9as 1 \n\u00e0 6 de l'article 5, comme suit : \n\uf076 P\u00f4le Paris-Cr\u00e9teil MOA : \no Cheffe de p\u00f4le : \n\uf0a7 Mme Maria Silvia FUCILLI \no Adjoint \u00e0 la cheffe de p\u00f4le : \n\uf0a7 M. Luigi PUCCI \no Charg\u00e9s d'op\u00e9rations immobili\u00e8res : \nRectorat de la r\u00e9gion acad\u00e9mique d'Ile-de-France, rectorat de l'acad\u00e9mie de Paris - IDF-2025-11-21-00018 - Arr\u00eat\u00e9 n\u00b0 2025-173-RRA\nportant subd\u00e9l\u00e9gation de signature en mati\u00e8re d'achats publics 13\n \n7 \n\uf0a7 M. Altaf HAJA MOHAMED MOHIDEE \n\uf0a7 M. Yahia OULLAMI \n \n\uf076 P\u00f4le Versailles : \no Cheffe de p\u00f4le : \n\uf0a7 Mme Karine TIETZ \no Adjoint \u00e0 la cheffe de p\u00f4le : \n\uf0a7 M. Laurent CHAVINIER \no Charg\u00e9s d'op\u00e9rations immobili\u00e8res : \n\uf0a7 M. Djamel CHENTIR \n\uf0a7 M. Franck TAILLIEZ \n \nARTICLE 6 : \nSubd\u00e9l\u00e9gation de signature est donn\u00e9e \u00e0 Mme C\u00e9cile NICOL, d\u00e9l\u00e9gu\u00e9e r\u00e9gionale acad\u00e9mique \u00e0 \nla jeunesse, \u00e0 l'engagement et aux sports d'\u00cele-de-France et Mme Alexandra NO\u00cbL, adjointe \u00e0 la \nd\u00e9l\u00e9gu\u00e9e r\u00e9gionale acad\u00e9mique \u00e0 la jeunesse, \u00e0 l'engagement et aux sports d'Ile-de-France, dans \nles limites de leurs attributions, \u00e0 l'effet de signer les pi\u00e8ces relatives : \n- \u00e0 la passation des march\u00e9s publics inf\u00e9rieurs \u00e0 40 000 \u20ac HT ; \n- \u00e0 l'ex\u00e9cution, \u00e0 l'exception des avenants et d\u00e9cisions de r\u00e9siliation, et \u00e0 la constatation du \nservice fait des accords -cadres et des march\u00e9s publics de fournitures courantes et de services \nainsi que des march\u00e9s publics de prestations intellectuelles sup\u00e9rieurs \u00e0 40 000 \u20ac HT. \nARTICLE 7 : \nSubd\u00e9l\u00e9gation de signature est donn\u00e9e \u00e0 M. Ludovic CAVALIER, directeur r\u00e9gional acad\u00e9mique \ndes syst\u00e8mes d'information , dans les limites de ses attributions, \u00e0 l'effet de signer les pi\u00e8ces \nrelatives : \n- \u00e0 la passation des march\u00e9s publics inf\u00e9rieurs \u00e0 40 000 \u20ac HT ; \n- \u00e0 l'ex\u00e9cution, \u00e0 l'exception des avenants et d\u00e9cisions de r\u00e9siliation, et \u00e0 la constatation du \nservice fait des accords -cadres et des march\u00e9s publics de fournitures courantes e t de services \nainsi que des march\u00e9s publics de prestations intellectuelles sup\u00e9rieurs \u00e0 40 000 \u20ac HT. \nARTICLE 8 : \nL'arr\u00eat\u00e9 n\u00b02025-038-RRA du 2 avril 2025 portant subd\u00e9l\u00e9gation de signature en mati\u00e8re d'achats \npublics est abrog\u00e9. \nARTICLE 9 : \nLe secr\u00e9taire g\u00e9n\u00e9ral de la r\u00e9gion acad\u00e9mique \u00cele-de-France est charg\u00e9 de l'ex\u00e9cution du pr\u00e9sent \narr\u00eat\u00e9 qui sera publi\u00e9 au recueil des actes administratifs de la pr\u00e9fecture de r\u00e9gion d'\u00cele -de-\nFrance, pr\u00e9fecture de Paris. \n \nFait \u00e0 Paris, le 21 novembre 2025 \n \n \nLa rectrice de la r\u00e9gion acad\u00e9mique d'\u00cele-de-France, \nRectrice de l'acad\u00e9mie de Paris, \nChanceli\u00e8re des universit\u00e9s de Paris et d'\u00cele-de France \n \nSign\u00e9 \n \nJulie BENETTI \nRectorat de la r\u00e9gion acad\u00e9mique d'Ile-de-France, rectorat de l'acad\u00e9mie de Paris - IDF-2025-11-21-00018 - Arr\u00eat\u00e9 n\u00b0 2025-173-RRA\nportant subd\u00e9l\u00e9gation de signature en mati\u00e8re d'achats publics 14","date":"2025-11-26","first_seen_on":"2025-11-26T19:46:06+00:00","id":"79fceb4c554bc44db81da42ad30dd87813106ae0a2cfab7c721bd12edaf0840b","name":"recueilDS-idf-047-2025-11-recueil-des-actes-administratifs-special du 26.11.2025","pdf_creation_date":"2025-11-26T17:02:51+00:00","pdf_modification_date":null,"timezone":"Europe/Paris","url":"https://www.prefectures-regions.gouv.fr/ile-de-france/irecontenu/telechargement/132996/975691/file/recueilDS-idf-047-2025-11-recueil-des-actes-administratifs-special%20du%2026.11.2025.pdf"}
