{"administration":"pref83","administration_name":"Pr\u00e9fecture du Var","content":"VAR\nRECUEIL DES ACTES\nADMINISTRATIFS SP\u00c9CIAL\n(NOMINATIFS)\nN\u00b083-2024-207\nPUBLI\u00c9 LE 13 AO\u00dbT 2024\nSommaire\nDirection d\u00e9partementale des finances publiques du Var / Direction de la\nDDFIP\n83-2024-08-08-00018 - sp\u00e9ciale pp 1er septembre 2024 (2 pages) Page 3\n2\nDirection d\u00e9partementale des finances\npubliques du Var\n83-2024-08-08-00018\nsp\u00e9ciale pp 1er septembre 2024\nDirection d\u00e9partementale des finances publiques du Var - 83-2024-08-08-00018 - sp\u00e9ciale pp 1er septembre 2024 3\nREPUBLIQUE\nFRANCAISE\nLibert\u00e9\nEgalit\u00e9\nFraternit\u00e9T\nFINANCES  PUBLIQUES\nD\u00e9cision de d\u00e9l\u00e9gations sp\u00e9ciales de signature pour le p\u00f4le partenaires\nLe Directeur d\u00e9partemental des Finances publiques du Var\nVu le d\u00e9cret n\u00b0 2008-309 du 3 avril 2008 portant dispositions transitoires relatives \u00e0 la direction\ng\u00e9n\u00e9rale des finances publiques  ;\nVu le d\u00e9cret n\u00b02008-310 du 3 avril 2008 relatif \u00e0 la Direction g\u00e9n\u00e9rale des Finances publiques  ;\nVu le d\u00e9cret  n\u00b02009-208 du 20 f\u00e9vrier  2009 relatif au statut particulier  des Administrateurs des\nFinances publiques ;\nVu le d\u00e9cret n\u00b0 2022-644 du 25 avril 2022 relatif aux emplois de direction de la direction g\u00e9n\u00e9rale des\nFinances publiques et modifiant le statut particulier des Administrateurs des Finances publiques  ;\nVu le d\u00e9cret n\u00b02009-707 du 16 juin 2009 relatif aux services d\u00e9concentr\u00e9s de la Direction g\u00e9n\u00e9rale des\nFinances publiques ;\nVu le d\u00e9cret n\u00b0 2012-1246 du 7 novembre 2012 relatif \u00e0 la gestion budg\u00e9taire et comptable publique  ;\nVu l'arr\u00eat\u00e9 du 9 juin 2010 portant cr\u00e9ation de la Direction d\u00e9partementale du Var  ;\nVu  le  d\u00e9cret  du  18  novembre  2022  portant  nomination  de  M.  Jean-Michel  BLANCHARD ,\nAdministrateur g\u00e9n\u00e9ral des Finances publiques en qualit\u00e9 de Directeur d\u00e9partemental des Finances\npubliques du Var ;\nVu le d\u00e9cret en date du 18 novembre 2022 fixant au 12 d\u00e9cembre  2022 la date d'installation de  \nM. Jean-Michel BLANCHARD,  dans les fonctions de Directeur d\u00e9partemental des Finances publiques\ndu Var ;\nD\u00e9cide :\nArticle  1 :  D\u00e9l\u00e9gation  sp\u00e9ciale  de  signature  pour  signer  les  pi\u00e8ces  ou  documents  relatifs  aux\nattributions de leur division ou de leur service, avec facult\u00e9 pour chacun d'eux d'agir s\u00e9par\u00e9ment et\nsur sa seule signature, l'\u00e9nonciation des pouvoirs ainsi conf\u00e9r\u00e9s \u00e9tant limitative, est donn\u00e9e \u00e0 : \n1.Pour la Division du Budget Logistique et Immobilier\nPierrick DELOURME, administrateur des Finances publiques adjoint, responsable de la division  ; \nFr\u00e9d\u00e9ric BOMY, inspecteur divisionnaire des Finances publiques, adjoint au responsable de la division  ;\nClaudie MALAGU, inspectrice des Finances publiques  ;\nAlexandra PIRLOT, inspectrice des Finances publiques  ;\nJean-Romain ANNET, inspecteur des Finances publiques  ;\nMonique CALCAGNO, contr\u00f4leuse principale des Finances publiques  ;Direction d\u00e9partementale\ndes Finances publiques du Var\nPlace Besagne \u2013 Centre Mayol\nCS 91409\n83056 TOULON CEDEXDirection d\u00e9partementale des finances publiques du Var - 83-2024-08-08-00018 - sp\u00e9ciale pp 1er septembre 2024 4\nDelphine MOUYER, contr\u00f4leuse principale des Finances publiques  ;\nPhilippe PELLESI, contr\u00f4leur principal des Finances publiques  ; \nCorinne DEBIAIS, contr\u00f4leuse des Finances publiques.\nAude RIBEAUCOURT, contr\u00f4leuse des Finances publiques.\n2.Pour la Division des Affaires Economiques  : expertise \u00e9conomique et financi\u00e8re, CCSF, CODEFI\nRomain SCIFO, inspecteur principal des Finances publiques, responsable de la division  ;\nMaxime FERSING, inspecteur des Finances publiques.\n3.Pour la Division Secteur Public Local\nKarine FOCHESATO, administratrice des Finances publiques adjointe, responsable de la division  ;\nIsabelle GANNE, inspectrice divisionnaire des Finances publiques  ;\nJuliette FAGARD, inspectrice divisionnaire des Finances publiques  ;\nPascale LOUARN, inspectrice divisionnaire expert des Finances publiques  ;\nFaiza BOUACHIR, inspectrice des Finances publiques  ;\nChristophe PICCITTO, inspecteur des Finances publiques  ;\nDamien RIUDAVETS, inspecteur des Finances publiques.\n4.Pour  la  Division  de  l'Assiette  de  l'Imp\u00f4t  (fiscalit\u00e9  des  particuliers  et  des  professionnels)  et\nMissions Fonci\u00e8res\nOndine ACQUAVIVA, administratrice des Finances publiques adjointe, responsable de la division  ;\nPascale SEVERAC, inspectrice principale des Finances publiques, adjointe \u00e0 la responsable  ;\nAudrey RAYNARD, inspectrice divisionnaire des Finances publiques, adjointe \u00e0 la  responsable  ;\n\u2022Animation et pilotage de la fiscalit\u00e9 des particuliers\n\u2022Animation et pilotage de la fiscalit\u00e9 des professionnels\n\u2022Animation et pilotage des missions fonci\u00e8res\nCarole SALAUN, inspectrice des Finances publiques  ;\nClaudine AUBRIET, inspectrice des Finances publiques ;\nS\u00e9bastien DECOTTE-AUGE, inspecteur des Finances publiques  ;\nSt\u00e9phane GIRARD, inspecteur des Finances publiques  ;\nV\u00e9ronique GIULIANO, inspectrice des Finances publiques.\nArticle 2 : le pr\u00e9sent arr\u00eat\u00e9 prend effet le 1er septembre 2024. Il sera publi\u00e9 au recueil des actes\nadministratifs du d\u00e9partement.\nA Toulon, le 8 ao\u00fbt 2024\nSign\u00e9\nLe Directeur d\u00e9partemental des Finances publiques du Var,\nJean-Michel BLANCHARDDirection d\u00e9partementale des finances publiques du Var - 83-2024-08-08-00018 - sp\u00e9ciale pp 1er septembre 2024 5","date":"2024-08-13","first_seen_on":"2024-08-13T15:06:15+00:00","id":"7a07eb2907f27e4b353e1b37de97283edc94e339dfc66229f5f6596de8e5969e","name":"RAA N\u00b0207 du 13 ao\u00fbt 2024","pdf_creation_date":"2024-08-13T14:19:24+00:00","pdf_modification_date":null,"timezone":"Europe/Paris","url":"https://www.var.gouv.fr/contenu/telechargement/35822/237869/file/RAA%20N%C2%B0207%20du%2013%20ao%C3%BBt%202024%20NOMINATIF.pdf"}
