{"administration":"prefidf","administration_name":"Pr\u00e9fecture de la r\u00e9gion \u00cele-de-France","content":"PREFECTURE\nREGION ILE DE\nFRANCE\nRECUEIL DES ACTES\nADMINISTRATIFS SP\u00c9CIAL\n(NOMINATIFS)\nN\u00b0IDF-067-2025-12\nPUBLI\u00c9 LE 31 D\u00c9CEMBRE 2025\nSommaire\nAgence R\u00e9gionale de Sant\u00e9 /\nIDF-2025-12-30-00002 - Arr\u00eat\u00e9 fixant la composition de la commission\nd'information et de s\u00e9lection d'appels \u00e0 projets m\u00e9dico-sociaux\npour les projets autoris\u00e9s conjointement par la Maire de Paris                      \net le Directeur g\u00e9n\u00e9ral de l'Agence R\u00e9gionale de Sant\u00e9\n\u00cele-de-France   (3 pages) Page 3\nDirection r\u00e9gionale et interd\u00e9partementale de l'\u00e9conomie, de l'emploi,\ndu travail et des solidarit\u00e9s d'\u00cele-de-France / P\u00f4le Politiques du\nTravail\nIDF-2025-12-18-00025 - D\u00e9cision n\u00b0 2025-255 du 18 d\u00e9cembre\n2025\nportant affectation des agents de contr\u00f4le dans les unit\u00e9s de\ncontr\u00f4le et gestion des int\u00e9rims de l'unit\u00e9 d\u00e9partementale de\nParis de la DRIEETS d'Ile-de-France\n (8 pages) Page 7\n2\nAgence R\u00e9gionale de Sant\u00e9\nIDF-2025-12-30-00002\nArr\u00eat\u00e9 fixant la composition de la commission\nd'information et de s\u00e9lection d'appels \u00e0 projets\nm\u00e9dico-sociaux pour les projets autoris\u00e9s\nconjointement par la Maire de Paris                        \n                                           et le Directeur g\u00e9n\u00e9ral\nde l'Agence R\u00e9gionale de Sant\u00e9 \u00cele-de-France  \nAgence R\u00e9gionale de Sant\u00e9 - IDF-2025-12-30-00002 - Arr\u00eat\u00e9 fixant la composition de la commission d'information et de s\u00e9lection\nd'appels \u00e0 projets m\u00e9dico-sociaux pour les projets autoris\u00e9s conjointement par la Maire de Paris                                                                   \net le Directeur g\u00e9n\u00e9ral de l'Agence R\u00e9gionale de Sant\u00e9 \u00cele-de-France  \n3\n|REPUBLIQUE VILLE DEFRAN CAI SE \u00a9 D Agence R\u00e9gionale de Sant\u00e9Libert\u00e9 Ile-de-France PA F | SEgalit\u00e9Fraternit\u00e9\n \n \n \n \n \n \n \n \n \n \n \nARRETE N\u00b0 2025-372 \n \nfixant la composition de la commission d'information et de s\u00e9lection d'appels \u00e0 projets m\u00e9dico-sociaux \npour les projets autoris\u00e9s conjointement par la Maire de Paris                                                                    \net le Directeur g\u00e9n\u00e9ral de l'Agence R\u00e9gionale de Sant\u00e9 \u00cele-de-France   \n \n \nLE DIRECTEUR GENERAL DE L'AGENCE REGIONALE DE SANTE ILE DE FRANCE \n \nLA MAIRE DE PARIS \n \n \nVU le code g\u00e9n\u00e9ral des collectivit\u00e9s territoriales ; \n \nVU le code de l'action sociale et des familles ; \n \nVU le code de la sant\u00e9 publique ; \n \nVU la loi n\u00b02009-879 du 21 juillet 2009 modifi\u00e9e portant r\u00e9forme de l'h\u00f4pital et relative aux patients, \u00e0 la \nsant\u00e9 et aux territoires, notamment son article 131 ; \n \nVU le d\u00e9cret n\u00b02010 -870 du 26 juillet 2010 relatif \u00e0 la proc\u00e9dure d'appel \u00e0 projet et d'autorisation \nmentionn\u00e9e \u00e0 l'article L.313-1-1 du code de l'action sociale et des familles ; \n \nVU la circulaire n\u00b0DGS/5B/2010/434 du 28 d\u00e9cembre 2010 relative \u00e0 la proc\u00e9dure d'appel \u00e0 projet et \nd'autorisation des \u00e9tablissements et services sociaux et m\u00e9dico-sociaux ; \n \nVU l'arr\u00eat\u00e9 n\u00b090-2022 du 23 juin 2022 fixant la composition de la commission de s\u00e9lection d'appel \u00e0 \nprojet social ou m\u00e9dico-social pour les projets autoris\u00e9s en application du d de l'article L. 313-3 du code \nde l'action sociale et des familles ; \n \nConsid\u00e9rant l'ach\u00e8vement du mandat des membres d\u00e9sign\u00e9s par l'arr\u00eat\u00e9 du 23 juin 2022 et la n\u00e9cessit\u00e9 \nde d\u00e9signer pour un nouveau mandat les membres permanents composant la commission d'information \net de s\u00e9lection d'appels \u00e0 projets relevant de la comp\u00e9tenc e conjointe de la Maire de Paris et du \nDirecteur g\u00e9n\u00e9ral de l'Agence R\u00e9gionale de la Sant\u00e9 d'Ile-de-France ; \n \n \nARRETENT \n \n \n \nArticle 1 er : Sont d\u00e9sign\u00e9s , pour si\u00e9ger en qualit\u00e9  de membres permanents de la commission \nd'information et de s\u00e9lection d'appels \u00e0 projets m\u00e9dico-sociaux institu\u00e9e aupr\u00e8s de la Maire de Paris et \ndu Directeur g\u00e9n\u00e9ral de l'Agence R\u00e9gionale de Sant\u00e9 \u00cele-de-France : \n \n \n1\u00b0 Membres avec voix d\u00e9lib\u00e9rative : \n \nCopr\u00e9sidents : \n \n- Copr\u00e9sidence pour la Ville de Paris : \nAgence R\u00e9gionale de Sant\u00e9 - IDF-2025-12-30-00002 - Arr\u00eat\u00e9 fixant la composition de la commission d'information et de s\u00e9lection\nd'appels \u00e0 projets m\u00e9dico-sociaux pour les projets autoris\u00e9s conjointement par la Maire de Paris                                                                   \net le Directeur g\u00e9n\u00e9ral de l'Agence R\u00e9gionale de Sant\u00e9 \u00cele-de-France  \n4\n \n \n \n\u2022 Titulaire : Madame V\u00e9ronique LEVIEUX, Adjointe \u00e0 la Maire de Paris en charge des seniors et \ndes solidarit\u00e9s entre les g\u00e9n\u00e9rations ; \n\u2022 Suppl\u00e9ant : Monsieur Hamidou Samake, Conseiller de Paris et conseiller d'arrondissement ;  \n \n- Copr\u00e9sidence pour l'Agence R\u00e9gionale de Sant\u00e9 d'Ile-de-France : \n \n\u2022 Monsieur Tanguy BODIN , Directeur de la d\u00e9l\u00e9gation d\u00e9partementale de Paris  de l'Agence \nR\u00e9gionale de Sant\u00e9 \u00cele-de-France ; \n\u2022 Suppl\u00e9ante : Madame Esther LEPAICHEUX, Directrice adjointe de l'Autonomie ; \n \nMembres repr\u00e9sentants de la Ville de Paris : \n \n\u2022 Titulaire : Madame Jeanne SEBAN, Directrice des solidarit\u00e9s ; \n\u2022 Suppl\u00e9ante : Madame Isabelle BILGER, Sous-directrice de l'autonomie ; \n \n\u2022 Titulaire : Monsieur Jacques BERGER, Directeur adjoint des solidarit\u00e9s ; \n\u2022 Suppl\u00e9ante : Madame Delphine CAZOR, Adjointe \u00e0 la sous-directrice de l'autonomie ; \n \nMembres repr\u00e9sentants de l'Agence R\u00e9gionale de Sant\u00e9 \u00cele-de-France : \n \n\u2022 Titulaire : Monsieur Eric BONGRAND, Responsable du D\u00e9partement Organisation de l' offre pour \nles personnes \u00e2g\u00e9es - Direction de l'Autonomie ; \n\u2022 Suppl\u00e9ante : Madame L\u00e9a CAMUS, Responsable du D\u00e9partement Organisation de l'offre pour les \npersonnes en situation de handicap - Direction de l'Autonomie ; \n \n\u2022 Titulaire : Madame Laure LE COAT, Responsable de l'Autonomie de la d\u00e9l\u00e9gation d\u00e9partementale \nde Paris ; \n\u2022 Suppl\u00e9ante : Madame L\u00e9a CRIPPA , Responsable adjo inte de l'Autonomie de la d\u00e9l\u00e9gation \nd\u00e9partementale de Paris ; \n \n \nRepr\u00e9sentants d'usagers, d\u00e9sign\u00e9s conjointement par la  Pr\u00e9sidente du Conseil de Paris si\u00e9geant en \nformation de Conseil d\u00e9partementale et par le Directeur g\u00e9n\u00e9ral de l'Agence R\u00e9gionale de Sant\u00e9 \u00cele -\nde-France, sur proposition du Conseil d\u00e9partemental de la Citoyennet\u00e9 et de l'Autonomie  :  \n \n- Repr\u00e9sentants d'usagers PA   \n \n\u2022 Titulaire : Monsieur Bernard JABIN, Administrateur (retrait\u00e9) ; \n\u2022 Suppl\u00e9ant :  \n\u2022 Titulaire : Madame Michelle BAPTISTE (CGT) ; \n\u2022 Suppl\u00e9ant : Monsieur Jean-Pierre FLORET (CGT) ; \n\u2022 Titulaire : Madame Elisa CHANIAL (UNRPA) ; \n\u2022 Suppl\u00e9ant : Madame Marina PETRELLA (UNRPA) ; \n \n \n- Repr\u00e9sentants d'usagers PH :  \n \n\u2022 Titulaire : Madame Elisabeth BONNEVAL LAGARDE (Les Papillons Blancs) ; \n\u2022 Suppl\u00e9ant : Madame Yamina MOKADDEM (Autisme en IDF) ; \n\u2022 Titulaire : Madame Dominique BOUILLET (APF France Handicap) ; \n\u2022 Suppl\u00e9ant : Monsieur Bertrand HAMMAM (Les Jours Heureux) ; \n\u2022 Titulaire : Madame Anne-Sophie OLIVIER (Les Jours Heureux) ; \n\u2022 Suppl\u00e9ant : \n \n2\u00b0 Membres avec voix consultative : \n  \nAgence R\u00e9gionale de Sant\u00e9 - IDF-2025-12-30-00002 - Arr\u00eat\u00e9 fixant la composition de la commission d'information et de s\u00e9lection\nd'appels \u00e0 projets m\u00e9dico-sociaux pour les projets autoris\u00e9s conjointement par la Maire de Paris                                                                   \net le Directeur g\u00e9n\u00e9ral de l'Agence R\u00e9gionale de Sant\u00e9 \u00cele-de-France  \n5\ngig\"sig\n \n \nRepr\u00e9sentants des unions, f\u00e9d\u00e9rations ou groupements repr\u00e9sentatifs des personnes morales \ngestionnaires des \u00e9tablissements et services sociaux et m\u00e9dico-sociaux et des lieux de vie et d'accueil : \n\u2022 Titulaire : Monsieur Bruno MOREL (F\u00e9d\u00e9ration des acteurs de la solidarit\u00e9) ; \n\u2022 Suppl\u00e9ant : Madame Meryem BELKACEMI (F\u00e9d\u00e9ration des acteurs de la solidarit\u00e9) ;  \n\u2022 Titulaire : Madame Charlotte LE BRUN (URIOPSS) ; \n\u2022 Suppl\u00e9ante : Madame Claire PARDOEN (URIOPSS). \n \n \nArticle 2 : Le mandat des membres de la commission mentionn\u00e9s \u00e0 l'article 1 er ci-dessus est de trois \nans. Le membre de la commission qui, au cours de son mandat, d\u00e9c\u00e8de, d\u00e9missionne ou perd la qualit\u00e9 \nau titre de laquelle il a \u00e9t\u00e9 d\u00e9sign\u00e9 est remplac\u00e9 pour la dur\u00e9e du mandat restant \u00e0 courir par une \npersonne d\u00e9sign\u00e9e dans les m\u00eames conditions.   \n \n \nArticle 3 : Pour chaque appel \u00e0 projet, les copr\u00e9sidents de la commission d\u00e9signent par un arr\u00eat\u00e9 \nsp\u00e9cifique pour si\u00e9ger en qualit\u00e9 de membres non permanents avec voix consultative de la commission \nmentionn\u00e9e \u00e0 l'article 1er du pr\u00e9sent arr\u00eat\u00e9 :  \n \n- deux personnalit\u00e9s qualifi\u00e9es choisies en raison de leurs comp\u00e9tences dans le domaine de \nl'appel \u00e0 projet correspondant ; \n- au plus deux repr\u00e9sentants d'usagers sp\u00e9cialement concern\u00e9s par l'appel \u00e0 projet \ncorrespondant ; \n- au plus quatre personnels des services techniques, comptables ou financiers de la Ville de Paris \net de l'Agence R\u00e9gionale de Sant\u00e9 d'\u00cele-de-France. \n \nIls se voient notifier leur d\u00e9signation au plus tard quinze jours avant la r\u00e9union de la commission de \ns\u00e9lection d'appel \u00e0 projets social ou m\u00e9dico-social.  \n \n \nArticle 4 : Le pr\u00e9sent arr\u00eat\u00e9 peut faire l'objet d'un recours devant le Tribunal administratif comp\u00e9tent \ndans le d\u00e9lai de deux mois \u00e0 compter de sa publication. \n \n \nArticle 5 : Le pr\u00e9sent arr\u00eat\u00e9 sera notifi\u00e9 aux int\u00e9ress\u00e9s et publi\u00e9 au Recueil des actes administratifs de \nla Pr\u00e9fecture de la r\u00e9gion Ile-de-France et au Bulletin Officiel de la Ville de Paris. \n \nArticle 6 : La Directrice des Solidarit\u00e9s, le Directeur G\u00e9n\u00e9ral de l'Agence R\u00e9gionale de Sant\u00e9 \u00cele-de-\nFrance sont charg\u00e9s, chacun en ce qui le concerne, de l'ex\u00e9cution du pr\u00e9sent arr\u00eat\u00e9. \n \n \n         Fait \u00e0 Saint-Denis, le 30/12/2025 \n \n \n \nPour Le Directeur G\u00e9n\u00e9ral de \nl'Agence R\u00e9gionale de Sant\u00e9       \n\u00cele-de-France, \nLa Directrice g\u00e9n\u00e9rale adjointe   \n Pour la Mairie de Paris \nLa Directrice des Solidarit\u00e9s \n \n                                   \nSophie MARTINON \n  \n \n \n \n \nJeanne SEBAN \n \n \nAgence R\u00e9gionale de Sant\u00e9 - IDF-2025-12-30-00002 - Arr\u00eat\u00e9 fixant la composition de la commission d'information et de s\u00e9lection\nd'appels \u00e0 projets m\u00e9dico-sociaux pour les projets autoris\u00e9s conjointement par la Maire de Paris                                                                   \net le Directeur g\u00e9n\u00e9ral de l'Agence R\u00e9gionale de Sant\u00e9 \u00cele-de-France  \n6\nDirection r\u00e9gionale et interd\u00e9partementale de\nl'\u00e9conomie, de l'emploi, du travail et des\nsolidarit\u00e9s d'\u00cele-de-France\nIDF-2025-12-18-00025\nD\u00e9cision n\u00b0 2025-255 du 18 d\u00e9cembre 2025\nportant affectation des agents de contr\u00f4le dans\nles unit\u00e9s de contr\u00f4le et gestion des int\u00e9rims de\nl'unit\u00e9 d\u00e9partementale de Paris de la DRIEETS\nd'Ile-de-France\nDirection r\u00e9gionale et interd\u00e9partementale de l'\u00e9conomie, de l'emploi, du travail et des solidarit\u00e9s d'\u00cele-de-France -\nIDF-2025-12-18-00025 - D\u00e9cision n\u00b0 2025-255 du 18 d\u00e9cembre 2025\nportant affectation des agents de contr\u00f4le dans les unit\u00e9s de contr\u00f4le et gestion des int\u00e9rims de l'unit\u00e9 d\u00e9partementale de Paris de la\nDRIEETS d'Ile-de-France\n7\n| |MINISTEREDU TRAVAILET DES SOLIDARITESLibert\u00e9Egalit\u00e9Fraternit\u00e9\n \nDirection r\u00e9gionale et interd\u00e9partementale \nde l'\u00e9conomie, de l'emploi, \ndu travail et des solidarit\u00e9s \nd'Ile-de-France \n \n \n \nDRIEETS Ile de France                                                                                                                                                                                                 1 / 8                                  \n32 rue Jean Jaur\u00e8s \n93200 SAINT-DENIS \n \nD\u00e9cision n\u00b0 2025-255 du 18 d\u00e9cembre 2025 \nportant affectation des agents de contr\u00f4le dans les unit\u00e9s de contr\u00f4le et gestion des int\u00e9rims \n de l'unit\u00e9 d\u00e9partementale de Paris de la DRIEETS d'Ile-de-France \n \nLe directeur r\u00e9gional de l'\u00e9conomie, de l'emploi, du travail et des solidarit\u00e9s de la r\u00e9gion d'Ile -de-France,  \n \nVu le code du travail, notamment ses articles R 8122-1 et suivants,  \n \nVu l'arr\u00eat\u00e9 interminist\u00e9riel du 12 ao\u00fbt 2025 nommant M.  Fabrice MASI directeur r\u00e9gional et \ninterd\u00e9partemental de l'\u00e9conomie, de l'emploi, du travail et  des solidarit\u00e9s d'\u00cele-de-France, \u00e0 compter du \n25 ao\u00fbt 2025, \n \nVu l'arr\u00eat\u00e9 minist\u00e9riel du 25 mars 2024 portant cr\u00e9ation et r\u00e9partition des unit\u00e9s de contr\u00f4le de \nl'inspection du travail,  \n \nVu la d\u00e9cision n\u00b0 2025 -021 du 6 f\u00e9vrier 2025 du directeur r\u00e9gional et interd\u00e9partemental de l'\u00e9conomie, \nde l'emploi, du travail et des solidarit\u00e9s d'Ile de France relative \u00e0 la localisation et \u00e0 la d\u00e9limitation des \nunit\u00e9s de contr\u00f4le et des sections d'inspection du travail de l'unit\u00e9 d\u00e9partementale de Paris,  \n \n \nD\u00c9CIDE \n \nArticle 1 : Les inspecteurs et contr\u00f4leurs du travail sont charg\u00e9s des actions d'inspection de la l\u00e9gislation \ndu travail dans les entreprises relevant des sections d'inspection du travail composant les unit\u00e9s de \ncontr\u00f4le du d\u00e9partement de Paris,  tel que d\u00e9fini dans le tableau des affectations, d'int\u00e9rims et de \nsuppl\u00e9ances des sections, r\u00e9f\u00e9renc\u00e9s dans la colonne A de l'annexe en vigueur.  \n \nArticle 2  : les agents du corps de l'inspection du travail sont charg\u00e9s de l'int\u00e9rim des postes soit non \npourvus, soit vacants en raison de l'absence de longue dur\u00e9e de leur titulaire, tel que d\u00e9fini dans le \ntableau des affectations, d'int\u00e9rims et de suppl\u00e9ances des sections, r\u00e9f\u00e9renc\u00e9s dans la colonne B de \nl'annexe en vigueur. \n \nArticle 3  : Conform\u00e9ment aux dispositions de l'article R.8122 -11-1\u00b0 du code du travail, les pouvoirs de \nd\u00e9cision administrative relevant de la comp\u00e9tence exclusive d'un inspecteur du travail sont confi\u00e9s aux \ninspecteurs du travail mentionn\u00e9 tel que d\u00e9fini dans le tableau des affectations, d'int\u00e9rims et de \nsuppl\u00e9ances des sections, r\u00e9f\u00e9renc\u00e9s dans la colonne C de l'annexe en vigueur.  \n \nEn cas d'absence ou d'emp\u00eachement d'un inspecteur mentionn\u00e9 \u00e0 l'annexe en vigueur, le pouvoir de \nd\u00e9cision est assur\u00e9 par l'inspecteur charg\u00e9 d'assurer l'int\u00e9rim de celui -ci en application de l'article 5. \n \nArticle 4 : Conform\u00e9ment aux dispositions de l'article R.8122 -11-2\u00b0 du code du travail, le contr\u00f4le de tout \nou partie des \u00e9tablissements d'au moins cinquante salari\u00e9s qui ne serait pas assur\u00e9 par les contr\u00f4leurs du \ntravail est confi\u00e9 aux inspecteurs du travail tel que d\u00e9fini dans le tableau des affectations, d'int\u00e9rims et \nde suppl\u00e9ances des sections, r\u00e9f\u00e9renc\u00e9s dans la colonne D et E de l'annexe en vigueur.  \nDirection r\u00e9gionale et interd\u00e9partementale de l'\u00e9conomie, de l'emploi, du travail et des solidarit\u00e9s d'\u00cele-de-France -\nIDF-2025-12-18-00025 - D\u00e9cision n\u00b0 2025-255 du 18 d\u00e9cembre 2025\nportant affectation des agents de contr\u00f4le dans les unit\u00e9s de contr\u00f4le et gestion des int\u00e9rims de l'unit\u00e9 d\u00e9partementale de Paris de la\nDRIEETS d'Ile-de-France\n8\n  \n                                                                                                                                                                                                                              2 / 8 \n \n \n \nArticle 5  : En cas de vacance de poste, d'absence ou d'emp\u00eachement pour une dur\u00e9e inf\u00e9rieure \u00e0 un \nmois d'un ou plusieurs agents de contr\u00f4le d\u00e9sign\u00e9s \u00e0 l'article 1 ci -dessus, l'int\u00e9rim est organis\u00e9 selon les \nmodalit\u00e9s ci-apr\u00e8s : \n \nUnit\u00e9 de contr\u00f4le des 1er et 2\u00e8 arrondissements : UC 01-02 \n \nL'int\u00e9rim du responsable de l'unit\u00e9 de contr\u00f4le est assur\u00e9 par l'un des responsables des unit\u00e9s de \ncontr\u00f4le des 3 \u00e8, 4 \u00e8 et 11 \u00e8 arrondissements, du 9 \u00e8arrondissement, des 10 \u00e8 et 18 \u00e8 arrondissements, du 12 \u00e8 \narrondissement, du 17\u00e8, des 19\u00e8 et 20\u00e8 arrondissements ou des transports. \n \nL'int\u00e9rim des inspecteurs du travail est assur\u00e9 par l'un des inspecteurs de l'unit\u00e9 de contr\u00f4le des 1 er et 2\u00e8 \narrondissements ou en cas de vacance temporaire, d'absence ou d'emp\u00eachement simultan\u00e9s, par un des \ninspecteurs du travail de l'unit\u00e9 de contr\u00f4le des 3 \u00e8, 4\u00e8 et 11\u00e8 arrondissements, du 12 \u00e8 arrondissement ou \nde l'unit\u00e9 de contr\u00f4le des 19\u00e8 et 20\u00e8 arrondissements, ou par le responsable de l'unit\u00e9 de contr\u00f4le. \n \nUnit\u00e9 de contr\u00f4le des 3\u00e8, 4\u00e8 et 11\u00e8 arrondissements : UC 03-04-11 \n \nL'int\u00e9rim du responsable de l'unit\u00e9 de contr\u00f4le est assur\u00e9 par l'un des responsables des unit\u00e9s de \ncontr\u00f4le des 1 er et 2 \u00e8 arrondissements, du 9 \u00e8 arrondissement, des 10 \u00e8 et 18 \u00e8 arrondissements, du 12 \u00e8 \narrondissement, du 17\u00e8, des 19\u00e8 et 20\u00e8 arrondissements ou des transports. \n \nL'int\u00e9rim des inspecteurs du travail est assur\u00e9 par l'un des inspecteurs de l'unit\u00e9 de contr\u00f4le des 3 \u00e8, 4\u00e8 et \n11\u00e8 arrondissements ou en cas de vacance temporaire, d'absence ou d'emp\u00eachement simultan\u00e9s, par un \ndes inspecteurs du travail des unit\u00e9s de contr\u00f4le 1 er et 2\u00e8 arrondissements, du 12 \u00e8 arrondissement ou des \n19\u00e8 et 20\u00e8 arrondissements, ou par le responsable de l'unit\u00e9 de contr\u00f4le.  \n \nL'int\u00e9rim du contr\u00f4leur du travail est assur\u00e9 par l'un des agents de contr\u00f4le de l'unit\u00e9 de contr\u00f4le des 3 \u00e8, \n4\u00e8 et 11\u00e8 arrondissements ou en cas de vacance temporaire, d'absence ou d'emp\u00eachement simultan\u00e9s, \npar un des agents de contr\u00f4le des unit\u00e9s de contr\u00f4le des 1 er et 2\u00e8 arrondissements, du 12\u00e8 arrondissement \nou des 19\u00e8 et 20\u00e8 arrondissements. \n \nUnit\u00e9 de contr\u00f4le des 5\u00e8s, 6\u00e8 et 7\u00e8 arrondissements : UC 05-06-07 \n \nL'int\u00e9rim du responsable de l'unit\u00e9 de contr\u00f4le est assur\u00e9 par l'un des responsables des unit\u00e9s de \ncontr\u00f4le du 8 \u00e8 arrondissement, des 13\u00e8 et  14\u00e8 arrondissements, du 15\u00e8 ou 16-\u00e8 arrondissement.  \n \nL'int\u00e9rim des inspecteurs du travail est assur\u00e9 par l'un des inspecteurs de l'unit\u00e9 de contr\u00f4le des 5 \u00e8, 6\u00e8 et \n7\u00e8 arrondissements ou en cas de vacance temporaire, d'absence ou d'emp\u00eachement simultan\u00e9s, par un \ndes inspecteurs du travail des unit\u00e9s de contr\u00f4le des 10 \u00e8 et 18\u00e8 arrondissements, du 17 \u00e8 arrondissement \nou des transports, ou par le responsable de l'unit\u00e9 de contr\u00f4le.  \n \nUnit\u00e9 de contr\u00f4le du 8\u00e8 arrondissement : UC 08 \n \nL'int\u00e9rim du responsable de l'unit\u00e9 de contr\u00f4le est assur\u00e9 par l'un des responsables des unit\u00e9s de \ncontr\u00f4le des 5\u00e8, 6\u00e8 et 7\u00e8 arrondissements, des 13\u00e8 et 14\u00e8 arrondissements, du 15\u00e8 ou 16\u00e8 arrondissement. \n \nL'int\u00e9rim des inspecteurs du travail est assur\u00e9 par l'un des inspecteurs de l'unit\u00e9 de contr\u00f4le du 8 \u00e8 \narrondissement ou en cas de vacance temporaire, d'absence ou d'emp\u00eachement simultan\u00e9s, par un des \ninspecteurs du travail de l'unit\u00e9 de contr\u00f4le du 9 \u00e8 arrondissement, ou par le responsable de l'unit\u00e9 de \ncontr\u00f4le. \n \nDirection r\u00e9gionale et interd\u00e9partementale de l'\u00e9conomie, de l'emploi, du travail et des solidarit\u00e9s d'\u00cele-de-France -\nIDF-2025-12-18-00025 - D\u00e9cision n\u00b0 2025-255 du 18 d\u00e9cembre 2025\nportant affectation des agents de contr\u00f4le dans les unit\u00e9s de contr\u00f4le et gestion des int\u00e9rims de l'unit\u00e9 d\u00e9partementale de Paris de la\nDRIEETS d'Ile-de-France\n9\n  \n                                                                                                                                                                                                                              3 / 8 \n \n \nL'int\u00e9rim du contr\u00f4leur du travail est assur\u00e9 par l'un des agents de contr\u00f4le de l'unit\u00e9 de contr\u00f4le du 8 \u00e8 \narrondissement ou en cas de vacance temporaire, d'absence ou d'emp\u00eachement simultan\u00e9s, par un des \nagents de contr\u00f4le de l'unit\u00e9 de contr\u00f4le du 9\u00e8 arrondissement. \n \nUnit\u00e9 de contr\u00f4le du 9\u00e8 arrondissement : UC 09 \n \nL'int\u00e9rim du responsable de l'unit\u00e9 de contr\u00f4le est assur\u00e9 par l'un des responsables des unit\u00e9s de \ncontr\u00f4le des 1er et 2\u00e8 arrondissements, des 10\u00e8 et 18\u00e8 arrondissements, du 12 \u00e8 arrondissement, du 17\u00e8, des \n19\u00e8 et 20\u00e8 arrondissements ou des transports. \nL'int\u00e9rim des inspecteurs du travail est assur\u00e9 par l'un des inspecteurs de l'unit\u00e9 de contr\u00f4le du 9 \u00e8 \narrondissement ou en cas de vacance temporaire, d'absence ou d'emp\u00eachement simultan\u00e9s, par un des \ninspecteurs du travail de l'unit\u00e9 de contr\u00f4le du 8 \u00e8 arrondissement, ou par le responsable de l'unit\u00e9 de \ncontr\u00f4le. \n \nL'int\u00e9rim du contr\u00f4leur du travail est assur\u00e9 par l'un des agents de contr\u00f4le de l'unit\u00e9 de contr\u00f4le du 9 \u00e8 \narrondissement ou en cas de vacance temporaire, d'absence ou d'emp\u00eachement simultan\u00e9s, par un des \nagents de contr\u00f4le de l'unit\u00e9 de contr\u00f4le du 8\u00e8 arrondissement. \n \nUnit\u00e9 de contr\u00f4le des 10\u00e8 et 18\u00e8 arrondissements : UC 10-18 \n \nL'int\u00e9rim du responsable de l'unit\u00e9 de contr\u00f4le est assur\u00e9 par l'un des responsables des unit\u00e9s de \ncontr\u00f4le des 1 er et 2 \u00e8 arrondissements, des 3 \u00e8, 4 \u00e8 et 11 \u00e8 arrondissements, du 9 \u00e8 arrondissement, du 12 \u00e8 \narrondissement, du 17\u00e8, des 19\u00e8 et 20\u00e8 arrondissements ou des transports. \n \nL'int\u00e9rim des inspecteurs du travail est assur\u00e9 par l'un des inspecteurs de l'unit\u00e9 de contr\u00f4le des 10 \u00e8 et 18\u00e8 \narrondissements ou en cas de vacance temporaire, d'absence ou d'emp\u00eachement simultan\u00e9s, par un des \ninspecteurs du travail des unit\u00e9s de contr\u00f4le du 9 \u00e8 arrondissement, du 17 \u00e8 arrondissement ou des \ntransports, ou par le responsable de l'unit\u00e9 de contr\u00f4le. \n \nUnit\u00e9 de contr\u00f4le du 12\u00e8 arrondissement : UC 12 \n \nL'int\u00e9rim du responsable de l'unit\u00e9 de contr\u00f4le est assur\u00e9 par l'un des responsables des unit\u00e9s de \ncontr\u00f4le des 1er et 2\u00e8 arrondissements, des 3 \u00e8, 4\u00e8 et 11\u00e8 arrondissements, du 9 \u00e8 arrondissement, des 10 \u00e8 et \n18\u00e8 arrondissements, du 17\u00e8, des 19\u00e8 et 20\u00e8 arrondissements ou des transports. \n \nL'int\u00e9rim des inspecteurs du travail est assur\u00e9 par l'un des inspecteurs de l'unit\u00e9 de contr\u00f4le du 12 \u00e8 \narrondissement ou en cas de vacance temporaire, d'absence ou d'emp\u00eachement simultan\u00e9s, par un des \ninspecteurs du travail des unit\u00e9s de contr\u00f4le des 1 ers et 2 \u00e8 arrondissements, des 3 \u00e8, 4 \u00e8 et 11 \u00e8 \narrondissements, des 10 \u00e8 et 18 \u00e8 et 17 \u00e8, 19\u00e8 et 20 \u00e8 arrondissements, ou par le responsable de l'unit\u00e9 de \ncontr\u00f4le. \n \nUnit\u00e9 de contr\u00f4le des 13\u00e8 et 14\u00e8 arrondissements : UC 13-14 \n \nL'int\u00e9rim du responsable de l'unit\u00e9 de contr\u00f4le est assur\u00e9 par l'un des responsables des unit\u00e9s de \ncontr\u00f4le du 15\u00e8, du 16\u00e8 arrondissement, du 8 \u00e8 arrondissement ou des 5 \u00e8, 6\u00e8 et 7\u00e8 arrondissements, ou par \nla directrice du secteur sud. \n \nL'int\u00e9rim des inspecteurs du travail est assur\u00e9 par l'un des inspecteurs de l'unit\u00e9 de contr\u00f4le du 13 \u00e8 et 14\u00e8 \narrondissement ou en cas de vacance temporaire, d'absence ou d'emp\u00eachement simultan\u00e9s, par un des \ninspecteurs du travail des unit\u00e9s de contr\u00f4le du 15\u00e8 arrondissement, ou du 16\u00e8 arrondissement.  \n \n \n \nDirection r\u00e9gionale et interd\u00e9partementale de l'\u00e9conomie, de l'emploi, du travail et des solidarit\u00e9s d'\u00cele-de-France -\nIDF-2025-12-18-00025 - D\u00e9cision n\u00b0 2025-255 du 18 d\u00e9cembre 2025\nportant affectation des agents de contr\u00f4le dans les unit\u00e9s de contr\u00f4le et gestion des int\u00e9rims de l'unit\u00e9 d\u00e9partementale de Paris de la\nDRIEETS d'Ile-de-France\n10\n  \n                                                                                                                                                                                                                              4 / 8 \n \n \n \nUnit\u00e9 de contr\u00f4le du 15\u00e8 arrondissement : UC 15 \n \nL'int\u00e9rim du responsable de l'unit\u00e9 de contr\u00f4le est assur\u00e9 par l'un des responsables des unit\u00e9s de \ncontr\u00f4le, des 13\u00e8 et 14\u00e8 arrondissements, du 16 \u00e8 arrondissement, du 8 \u00e8 arrondissement ou des 5 \u00e8, 6\u00e8 et 7\u00e8 \narrondissements  \n \nL'int\u00e9rim des inspecteurs du travail est assur\u00e9 par l'un des inspecteurs de l'unit\u00e9 de contr\u00f4le du 15 \u00e8 \narrondissement ou en cas de vacance temporaire, d'absence ou d'emp\u00eachement simultan\u00e9s, par un des \ninspecteurs du travail des unit\u00e9s de contr\u00f4le des 13 \u00e8 et 14\u00e8 arrondissements, ou du 16\u00e8 arrondissement, ou \npar le responsable de l'unit\u00e9 de contr\u00f4le. \n \nUnit\u00e9 de contr\u00f4le du 16\u00e8 arrondissement : UC 16 \n \nL'int\u00e9rim du responsable de l'unit\u00e9 de contr\u00f4le est assur\u00e9 par l'un des responsables des unit\u00e9s de \ncontr\u00f4le des 13 \u00e8 et 14\u00e8 arrondissements, du 15 \u00e8 arrondissement, du 8 \u00e8 arrondissement ou des 5 \u00e8, 6\u00e8 et 7\u00e8 \narrondissements. \n \nL'int\u00e9rim des inspecteurs du travail est assur\u00e9 par l'un des inspecteurs de l'unit\u00e9 de contr\u00f4le du 16 \u00e8 \narrondissement ou en cas de vacance temporaire, d'absence ou d'emp\u00eachement simultan\u00e9s, par un des \ninspecteurs du travail des unit\u00e9s de contr\u00f4le des 13 \u00e8 et 14\u00e8 arrondissements, ou du 15\u00e8 arrondissement, ou \npar le responsable de l'unit\u00e9 de contr\u00f4le. \n \nUnit\u00e9 de contr\u00f4le du 17\u00e8 arrondissement : UC 17 \n \nL'int\u00e9rim du responsable de l'unit\u00e9 de contr\u00f4le est assur\u00e9 par l'un des responsables des unit\u00e9s de \ncontr\u00f4le des 1 er et 2\u00e8 arrondissements, des 3 \u00e8, 4\u00e8 et 11\u00e8 arrondissements, du 9 \u00e8arrondissement, des 10 \u00e8 et \n18\u00e8 arrondissements, du 12\u00e8 ; des 19\u00e8 et 20\u00e8 arrondissements ou des transports. \n \nL'int\u00e9rim des inspecteurs du travail est assur\u00e9 par l'un des inspecteurs de l'unit\u00e9 de contr\u00f4le du 17 \u00e8 \narrondissement ou en cas de vacance temporaire, d'absence ou d'emp\u00eachement simultan\u00e9s, par un des \ninspecteurs du travail des unit\u00e9s de contr\u00f4le du 9 \u00e8 arrondissement, des 10 \u00e8 et 18\u00e8 ; du 12\u00e8 ; des 19 \u00e8 et 20\u00e8 \narrondissement ou des transports, ou par le responsable de l'unit\u00e9 de contr\u00f4le.  \n \nUnit\u00e9 de contr\u00f4le des 19\u00e8 et 20\u00e8 arrondissements : UC 19-20 \n \nL'int\u00e9rim du responsable de l'unit\u00e9 de contr\u00f4le est assur\u00e9 par l'un des responsables des unit\u00e9s de \ncontr\u00f4le des 1er et 2\u00e8 arrondissements, des 3 \u00e8, 4\u00e8 et 11\u00e8 arrondissements, du 9 \u00e8 arrondissement, des 10 \u00e8 et \n18\u00e8 arrondissements, du 12\u00e8 arrondissement, du 17\u00e8 arrondissement ou des transports. \n \nL'int\u00e9rim des inspecteurs du travail est assur\u00e9 par l'un des inspecteurs de l'unit\u00e9 de contr\u00f4le des 19 \u00e8 et \n20\u00e8 arrondissements ou en cas de vacance temporaire, d'absence ou d'emp\u00eachement simultan\u00e9s, par un \ndes inspecteurs du travail des unit\u00e9s de contr\u00f4le des 1 er et 2 \u00e8 arrondissements, des 3 \u00e8, 4 \u00e8 et 11 \u00e8 \narrondissements ou du 12\u00e8 arrondissement, ou par le responsable de l'unit\u00e9 de contr\u00f4le.  \n \nL'int\u00e9rim du contr\u00f4leur du travail est assur\u00e9 par l'un des agents de contr\u00f4le de l'unit\u00e9 de contr\u00f4le des 19 \u00e8 \net 20\u00e8 arrondissements ou en cas de vacance temporaire, d'absence ou d'emp\u00eachement simultan\u00e9s, par \nun des agents de contr\u00f4le des unit\u00e9s de contr\u00f4le  des 1 er et 2 \u00e8 arrondissements, 3 \u00e8, 4 \u00e8 et 11 \u00e8 \narrondissements ou du 12\u00e8 arrondissement. \n \n \n \n \nDirection r\u00e9gionale et interd\u00e9partementale de l'\u00e9conomie, de l'emploi, du travail et des solidarit\u00e9s d'\u00cele-de-France -\nIDF-2025-12-18-00025 - D\u00e9cision n\u00b0 2025-255 du 18 d\u00e9cembre 2025\nportant affectation des agents de contr\u00f4le dans les unit\u00e9s de contr\u00f4le et gestion des int\u00e9rims de l'unit\u00e9 d\u00e9partementale de Paris de la\nDRIEETS d'Ile-de-France\n11\n  \n                                                                                                                                                                                                                              5 / 8 \n \n \n \nUnit\u00e9 de contr\u00f4le Transport : UC TR \n \nL'int\u00e9rim du responsable de l'unit\u00e9 de contr\u00f4le est assur\u00e9 par l'un des responsables des unit\u00e9s de \ncontr\u00f4le des 1 er et 2\u00e8 arrondissements, des 3 \u00e8, 4\u00e8 et 11\u00e8 arrondissements, du 9 \u00e8arrondissement, des 10 \u00e8 et \n18\u00e8 arrondissements, du 12\u00e8 arrondissement, du 17\u00e8 arrondissement ou des 19\u00e8 et 20\u00e8 arrondissements. \n \nL'int\u00e9rim des inspecteurs du travail est assur\u00e9 par l'un des inspecteurs de l'unit\u00e9 de contr\u00f4le transport du \nd\u00e9partement ou en cas de vacance temporaire, d'absence ou d'emp\u00eachement simultan\u00e9s, par un des \ninspecteurs du travail des unit\u00e9s de contr\u00f4le du 9 \u00e8 arrondissement, des 10 \u00e8 et 18\u00e8 arrondissements ou du \n17\u00e8 arrondissement, ou par le responsable de l'unit\u00e9 de contr\u00f4le.  \n \nArticle 6 : Conform\u00e9ment aux dispositions de l'article R. 8122 -10 du Code du travail, les agents \nmentionn\u00e9s \u00e0 l'article 1 participent lorsque l'action le rend n\u00e9cessaire aux actions d'inspection de la \nl\u00e9gislation du travail sur le territoire de l'unit\u00e9 d\u00e9partementale de Paris.  \n \nArticle 7 : La pr\u00e9sente d\u00e9cision prend effet \u00e0 la date de sa publication et abroge la d\u00e9cision n\u00b0 D\u00e9cision \nn\u00b0 2025 \u2013244 du 09 d\u00e9cembre 2025. \n \nArticle 8  : Le d irecteur r\u00e9gional et interd\u00e9partemental de l'\u00e9conomie, de l'emploi, du travail et des \nsolidarit\u00e9s d'Ile-de-France est charg\u00e9 de l'application de la pr\u00e9sente d\u00e9cision, qui sera publi\u00e9e au recueil \ndes actes administratifs de la r\u00e9gion d'\u00cele-de-France.  \n \n \n \nFait \u00e0 Saint-Denis, le 18 d\u00e9cembre 2025 \n \nLe Directeur r\u00e9gional et interd\u00e9partemental de l'\u00e9conomie, \nde l'emploi, du travail et des solidarit\u00e9s, \n \nSIGN\u00c9 \n \nFabrice MASI \nDirection r\u00e9gionale et interd\u00e9partementale de l'\u00e9conomie, de l'emploi, du travail et des solidarit\u00e9s d'\u00cele-de-France -\nIDF-2025-12-18-00025 - D\u00e9cision n\u00b0 2025-255 du 18 d\u00e9cembre 2025\nportant affectation des agents de contr\u00f4le dans les unit\u00e9s de contr\u00f4le et gestion des int\u00e9rims de l'unit\u00e9 d\u00e9partementale de Paris de la\nDRIEETS d'Ile-de-France\n12\nUC / Section d\u00e9cisions \u00e9ts.de \u00e9ts. deUC Section | Ardt NOM et Pr\u00e9nom Grade Interim administratives 2 de 50 salari\u00e9s + de 300 salari\u00e9s> 1 mois Art. R.8122-11-1\u00b0 Art. R8122-11-2\u00b0 Art. R8122-11-2\u00b0UC 01-02 RUC | 12 PEYRON Patrice DATUC 01-02 11 1 MATHIEU Loic ITUC 01-02 12 1 GIP Fanny ITUC 01-02 13 1 MORISSEAU No\u00e9mie TUC 01-02 14 1 CREANTOR Arsene TTUC 01-02 15 1 PONSE-KAHOUL Sarah TTUC 01-02 16 2 Marco BLANCHD au 15 d\u00e9cembre 2025 TT SAHELSamia jusqu'au 15decembreUC 01-02 17 2 int\u00e9rim TT SAHEL SamiaUC 01-02 18 2 SAHEL Samia TTUC 01-02 19 2 JACQUEMIN Fatim TTUC 01-02 1-10 2 Int\u00e9rimaire TT MATHIEU LoicUC 01-02 1-11 2 CADIOU Benjamin TUC 03-04-11 RUC | 3-411 CARP ENTIER J\u00e9r\u00e9mie DATUC 03-04-11 3-1 3 HOFFMAN Mathilde TTUC 03-04-11 3-2 3 CHRISTELLE GLEMET ITUC 03-04-11 33 3 GRUNHARD Tom TTUC 03-04-11 34 4 int\u00e9rimaire DAT RAMBAUD Fran\u00e7oiseUC 03-04-11 35 4 RAMBAUD Fran\u00e7oise DATUC 03-04-11 36 11 PICHERY Maud T TI HA TOM GRUNHAUC 03-04-11 37 1 ELHABBAD Farida CT/T OM GRUNFARD OM GRUNFARD TOM GRUNHARDUC 03-04-11 38 rl LE HERICY DURAND Edouard TTUC 03-04-11 3-9 11 LAGARDE St\u00e9phane TUC 03-04-11 3-10 11 int\u00e9rimaire T JEREME CARPENTERUC 03-04-11 3-11 a DUSSEUX Elise TUC 05-06-07 RUC | 5-67 TREMEL Pierre DATUC 05-06-07 5-1 5 Int\u00e9rimaire DAT GOMES LionelUC 05-06-07 5-2 5 ALLARD JOLY Maud ITUC 05-06-07 5-3 5 Int\u00e9rimaire TR\u00c9MEL PierreUC 05-06-07 54 6 GOMES Lionel ITUC 05-06-07 55 6 MARVAUN Val\u00e9rie TTUC 05-06-07 56 6 LABSSI Mornia TTUC 05-06-07 57 7 ZEROUAL Samira TTUC 05-06-07 58 7 DELOCHE Damien TTUC 05-06-07 59 7 MEDJOUDI-MEZHAR Noura TUC 08 RUC 8 Gianni DINOCCA DATUC8 8-1 8 NGAMO NGELEBEYA Micha\u00ebl TTUC8 8-2 8 BOURJOLLY Nathalie TTUC8 83 8 ROJBI smehen TTUC 8 84 8 PENELA Catarina ITUC8 85 8 BELOVA Eug\u00e9nie fiUC8 86 8 MORTREUIL Florence CT/T DINOCCA GianniUC8 87 8 int\u00e9rimaire TT SCHORSCH M\u00e9lissaUC 8 8-8 8 TISBA Nad\u00e8geUC8 8-9 8 SCHORSCH M\u00e9lissa TUC8 8-10 8 SAVEAN Micheline CT/T PENELA CatarinaUC8 8-11 8 int\u00e9rimaire T PENELA CatarinaUC8 8-12 8 Jacques PETITER TTUC8 8-13 8 FREDERK Caroline TTUC8 8-14 8 int\u00e9rimaire TT FREDERIC CarolineUC8 8-15 8 LAVABRE Virginie TTUC8 8-16 8 Int\u00e9rimaire T LAVABRE Virginie\n  \n                                                                                                                                                                                                                              6 / 8 \n \n \n \nAnnexe : \nTableau des affectations des agents de contr\u00f4le dans les unit\u00e9s de contr\u00f4le des services d'inspection du \nTravail de l'UD de Paris. Gestion des int\u00e9rims et de la suppl\u00e9ance. Annex\u00e9 \u00e0 la d\u00e9cision. \n \n \n \n \n \nDirection r\u00e9gionale et interd\u00e9partementale de l'\u00e9conomie, de l'emploi, du travail et des solidarit\u00e9s d'\u00cele-de-France -\nIDF-2025-12-18-00025 - D\u00e9cision n\u00b0 2025-255 du 18 d\u00e9cembre 2025\nportant affectation des agents de contr\u00f4le dans les unit\u00e9s de contr\u00f4le et gestion des int\u00e9rims de l'unit\u00e9 d\u00e9partementale de Paris de la\nDRIEETS d'Ile-de-France\n13\nuc 08 RUC 9 Int\u00e9rim DAT HAMPARTZOUMIAN St\u00e9phaneUC 08 31 9 VIDAL Roselyne ITUC 09 32 9 BLETTNER Honorine ITUC 09 33 9 PEREIRA C\u00e9line ITUC 08 34 9 HERER C\u00e9cile ITUC 0 35 9 HUMBERT James ITUC 08 36 9 GEAGEA Hanane ITUC 08 37 9 MORIO Caroline ITUC 09 38 9 AINSEBA Djamila ITUC 08 39 9 DEROO BLANQUART Laetitia DATUC 08 9-10 9 JAKUBOWSKI Pierre CT/IT DEROO BLANQUART Laetitia | DEROO BLANQUART Laetitia DEROO BLANQUART LaetitiaUC 09 9-11 9 DELADREC Aurore ITUC 10-18 RUC 10-18 L'HOSTIS Ism\u00e9rieUC 10-18 101 10 MANIER Christelle ITUC 10-18 192 10 MALLEVRE Philippe ITuc 10-18 103 10 GOY S\u00e9bastien ITUC 10-18 10-4 10 OU-RABAH Samuel ITUC 10-18 105 10 WATERNAUX Marion ITuc 10-18 106 10 KAPUSCINSKI Chlo\u00e9 ITUC 10-18 107 | 10 GOUT Philippe ITUC 10-18 108 10 int\u00e9rimaire IT KAPUSCINSKI Chlo\u00e9UC 10-18 109 18 BOUR Abd ehadi ITUC 10-18 10-10 18 int\u00e9rimaire IT OURABAH SamuelUC 10-18 10-11 18 int\u00e9rimaire IT GOUT PhilippeUC 10-18 19-12 18 RULLE Betty ITnd =| = BRESSON Eloise atedUC 12 12-1 12 RAMBAUD Louis ITUC 12 12-2 12 ANCRIEU David ITUC 12 12-3 12 CANGOU-MINOS Eliane IT JEAN-LOUIS ManuelUC 12 12-4 12 THOMASSET C\u00e9cile ITUC 12 12-5 12 JEAN-LOUIS Manuel ITUC 12 12-6 12 GARCIA Jean-Michel ITUC 12 12-7 12 EL-AIDOUI Ilhem ITUC 12 12-8 12 BRESSON Elo\u00efse DATUC 13-14 RUC 13-14 LUGUET Emmanuel DATUC 13-14 13-1 B Int\u00e9rimaire IT LU GUET EmmanuelUC 13-14 132 13 ABDELGHANI Mourad ITUC 13-14 133 B MARTEL Thierry ITUC 13-14 13-4 B DOS SANTOS OLIVERA Carlos ITUC 13-14 135 B MOUALHI Nisar IT FULCHGNONI Aur\u00e9liaUC 13-14 13-6 B CHEVREAU Barbara ITUC 13-14 137 14 LANG Samira ITUC 13-14 138 14 SOK Angkeavattey ITUC 13-14 139 14 FULCHIGNONI Aurelia ITUC 13-14 13-10 14 MALBOIS Estelle ITUC 13-14 13-11 14 LOPES-PEREIRA Julia ITuc 15 RUC 15 TRAN-VAN-TI Maximilien DATUC 15 15-1 15 MUNIER Delphine ITUC 15 15-2 15 DUPONT Vanessa IT Benoit BOLORE (d\u00e9cembre 2025UC 15 153 15 LE NAOUR Marc ITUC 15 154 15 NOUCK Alice ITUC 15 155 15 MAILLET Christ\u00e9le ITUC 15 156 15 TOUNKARA Fatimata ITUC 15 157 15 ZERGOUG Same IT TOUNKARA Fatimata (novembreUC 15 158 15 BOLORE Benoit ITUC 15 159 15 JULIEN Jean-Christophe ITUC 16 RUC 16 BERTRAND Michel DATuc 16 161 16 MAROTAUX Nathalie ITuc 16 16-2 16 HAUVILLE Anthony ITUC 16 163 16 DURAND Flora ITUC 16 164 16 SCHWOB Jean-Bernard IT / DAT BERTRAND Micheluc 16 165 16 LAVA Nathalie ITUC 16 166 16 BLANCHET Barbara ITUC 16 167 16 RAUBER Olivier ITUC 16 168 16 CAZEAUD Julie IT\n  \n                                                                                                                                                                                                                              7 / 8 \n \n \n \n \n \n \n \nDirection r\u00e9gionale et interd\u00e9partementale de l'\u00e9conomie, de l'emploi, du travail et des solidarit\u00e9s d'\u00cele-de-France -\nIDF-2025-12-18-00025 - D\u00e9cision n\u00b0 2025-255 du 18 d\u00e9cembre 2025\nportant affectation des agents de contr\u00f4le dans les unit\u00e9s de contr\u00f4le et gestion des int\u00e9rims de l'unit\u00e9 d\u00e9partementale de Paris de la\nDRIEETS d'Ile-de-France\n14\n  \n                                                                                                                                                                                                                              8 / 8 \n \n \n \n \n \n \n \n \n \n \nUC 17 RUC 17 HAMPARTZOUMIAN St\u00e9phane DAT\nUC 17 17-1 17 FABRONI Nicole IT  \nUC 17 17-2 17 CLAIRFAYT Marine IT\nUC 17 17-3 17 NIELZ Emilie IT HAMPARTZOUMIAN St\u00e9phane\nUC 17 17-4 17  WESQUY Hugo IT\nUC 17 17-5 17 CHARCOSSET Aude IT\nUC 17 17-6 17 COHADE Marie IT\nUC 17 17-7 17 LESAINT Andr\u00e9a IT\nUC 19-20 RUC 19-20 AYMEN DE LAGEARD Lucile DAT\nUC 19-20 19-1 19 COHADE Marie IT\nUC 19-20 19-2 19 JORRO Elise IT\nUC 19-20 19-3 19 BRIAND Eric IT    \nUC 19-20 19-4 19 Int\u00e9rimaire IT COHADE Marie\nUC 19-20 19-5 19 REYNAUD Valentine IT\nUC 19-20 19-6 20 ARNUEL Herv\u00e9 CT/IT AYMEN DE LAGEARD Lucile AYMEN DE LAGEARD Lucile AYMEN DE LAGEARD Lucile\nUC 19-20 19-7 20 COUPE Claire IT\nUC 19-20 19-8 20 CHEURFA Loun\u00e8s IT\nUC 19-20 19-9 20 PEZ Marine IT\nUC TR RUC LOISET St\u00e9phane DAT\nUC TR TR-1  HUBERT Marie IT\nUC TR TR-2 BEAUD Arthur IT\nUC TR TR-3 AMOROSI L\u00e9a IT\nUC TR TR-4 BRIANTAIS Emeline IT\nUC TR TR-5 BURDIN Yann IT\nUC TR TR-6 Int\u00e9rimaire IT LOISET St\u00e9phane\nGrade = CT: Controleur du Travail - IT: Inspecteur du TravailIT = Inspecteur du travail; DAT= directeur adjoint du travail \u00e9ts: \u00e9tablissements\nMerci d'indiquer \nd'abord le NOM puis \nle Pr\u00e9nom \net d'utiliser la Police \nsuivante:\nCalibri  \nTaille 10\nMerci d'indiquer \nd'abord le NOM puis \nle Pr\u00e9nom \net d'utiliser la Police \nsuivante:\nCalibri  \nTaille 10\nMerci d'indiquer \nd'abord le NOM puis \nle Pr\u00e9nom \net d'utiliser la Police \nsuivante:\nCalibri  \nTaille 10\nDirection r\u00e9gionale et interd\u00e9partementale de l'\u00e9conomie, de l'emploi, du travail et des solidarit\u00e9s d'\u00cele-de-France -\nIDF-2025-12-18-00025 - D\u00e9cision n\u00b0 2025-255 du 18 d\u00e9cembre 2025\nportant affectation des agents de contr\u00f4le dans les unit\u00e9s de contr\u00f4le et gestion des int\u00e9rims de l'unit\u00e9 d\u00e9partementale de Paris de la\nDRIEETS d'Ile-de-France\n15","date":"2025-12-31","first_seen_on":"2025-12-31T16:54:27+00:00","id":"7ad6c06fd37ae3197784286a525ddb52b4d47f0c2b0ee4d3dd8e95e2585ad227","name":"recueil-idf-067-2025-12-RAA-nominatifs du 31.12.2025","pdf_creation_date":"2025-12-31T15:59:37+00:00","pdf_modification_date":null,"timezone":"Europe/Paris","url":"https://www.prefectures-regions.gouv.fr/ile-de-france/irecontenu/telechargement/134157/983030/file/recueil-idf-067-2025-12-RAA-nominatifs%20du%2031.12.2025.pdf"}
