{"administration":"pref13","administration_name":"Pr\u00e9fecture des Bouches-du-Rh\u00f4ne","content":"BOUCHES-DU-\nRH\u00d4NE\nRECUEIL DES ACTES\nADMINISTRATIFS SP\u00c9CIAL\n(NOMINATIFS)\nN\u00b013-2026-016\nPUBLI\u00c9 LE 19 JANVIER 2026\nSommaire\nMaison Centrale d'ARLES /\n13-2026-01-19-00010 - M.LAURENDOT (1 page) Page 3\n13-2026-01-19-00008 - M.MAGNIEN  (1 page) Page 5\n13-2026-01-19-00009 - MMe GAMBA Trame de d\u00e9l\u00e9gation de signature (1\npage) Page 7\n13-2026-01-19-00011 - Mme GIMENEZ Trame de d\u00e9l\u00e9gation de signature\n(1 page) Page 9\n2\nMaison Centrale d'ARLES\n13-2026-01-19-00010\nM.LAURENDOT\nMaison Centrale d'ARLES - 13-2026-01-19-00010 - M.LAURENDOT 3\nMINISTEREDE LA JUSTICELibert\u00e9Egalit\u00e9Fraternit\u00e9\n \nMinist\u00e8re de la Justice \n \nDirection interr\u00e9gionale des services p\u00e9nitentiaires de Marseille \n \nMC Arles \n \n                                                                                                                                     \u00c0 Arles \n \n                                                                                                                                    Le 19 janvier 2026 \n \n \nArr\u00eat\u00e9 portant d\u00e9l\u00e9gation de signature \n \n \n- Vu l'article R.361-3 du code p\u00e9nitentiaire ; \n- Vu l'arr\u00eat\u00e9 du ministre de la justice en date du 18/02/2025 nommant Monsieur Fabrice BELS en \nqualit\u00e9 de chef d'\u00e9tablissement de la Maison Centrale d'Arles \n \n \nLe chef de l'\u00e9tablissement de la Maison Centrale d'Arles \n \n \nARR\u00caTE \n \nArticle 1er : D\u00e9l\u00e9gation de signature est donn\u00e9e \u00e0 M. Yves LAURENDOT, attach\u00e9 d'administration de l'\u00e9tat \u00e0 \nla MC  Arles \u00e0 l'effet de signer toutes d\u00e9cisions et documents se rapportant aux attributions relatives \u00e0 \nl'inscription sur les listes \u00e9lectorales et au vote p ar correspondance des personnes d\u00e9tenues et d\u00e9finies \u00e0 \nl'article R.361-3 du code p\u00e9nitentiaire .  \n \nArticle 2  : M. Yves  LAURENDOT, attach\u00e9 d'administration de l'\u00e9tat \u00e0 la MC Arles  assiste en tant que de \nbesoin le chef de l'\u00e9tablissement de la MC Arles dans les attributions pour lesquelles il a re\u00e7u d\u00e9l\u00e9gation de \nsignature \u00e0 l'article 1 er de l'arr\u00eat\u00e9 du chef de l'\u00e9tablissement de la MC Arles lui donnant d\u00e9l\u00e9gation de \nsignature. \n \nArticle 3  : Le pr\u00e9sent arr\u00eat\u00e9 est publi\u00e9  au recueil des actes administratifs du d\u00e9partement dans lequel \nl'\u00e9tablissement a son si\u00e8ge et affich\u00e9 au sein de l'\u00e9tablissement p\u00e9nitentiaire.  \n \nFait \u00e0 Arles \nLe 19/01/2026 \n \nLe chef d'\u00e9tablissement, \nSIGNEE \n           \n   \nMaison Centrale d'ARLES - 13-2026-01-19-00010 - M.LAURENDOT 4\nMaison Centrale d'ARLES\n13-2026-01-19-00008\nM.MAGNIEN \nMaison Centrale d'ARLES - 13-2026-01-19-00008 - M.MAGNIEN 5\nMINISTEREDE LA JUSTICELibert\u00e9Egalit\u00e9Fraternit\u00e9\n \nMinist\u00e8re de la Justice \n \nDirection interr\u00e9gionale des services p\u00e9nitentiaires de Marseille \n \nMC Arles \n \n                                                                                                                                     \u00c0 Arles \n \n                                                                                                                                    Le 19 janvier 2026 \n \n \nArr\u00eat\u00e9 portant d\u00e9l\u00e9gation de signature \n \n \n- Vu l'article R.361-3 du code p\u00e9nitentiaire; \n- Vu l'arr\u00eat\u00e9 du ministre de la justice en date du 18/02/2025 nommant Monsieur Fabrice BELS en \nqualit\u00e9 de chef d'\u00e9tablissement de la Maison Centrale d'Arles \n \n \nLe chef de l'\u00e9tablissement de la Maison Centrale d'Arles \n \n \nARR\u00caTE \n \nArticle 1er : D\u00e9l\u00e9gation de signature est donn\u00e9e \u00e0 M. Bruno MAGNIEN, commandant, \u00e0 la MC Arles \u00e0 l'effet \nde signer toutes d\u00e9cisions et documents se rapportant aux attributions relatives \u00e0 l'inscription sur les listes \n\u00e9lectorales et au vote p ar correspondance des personnes d\u00e9tenues et d\u00e9finies \u00e0 l'article R.361-3 du code \np\u00e9nitentiaire .  \n \nArticle 2  : M. Bruno  MAGNIEN, commandant \u00e0 la MC Arles  assiste en tant que de besoin le chef de \nl'\u00e9tablissement de la MC Ar les dans les attributions pour lesquelles il a re\u00e7u d\u00e9l\u00e9gation de signature \u00e0 \nl'article 1er de l'arr\u00eat\u00e9 du chef de l'\u00e9tablissement de la MC Arles lui donnant d\u00e9l\u00e9gation de signature. \n \nArticle 3  : Le pr\u00e9sent arr\u00eat\u00e9 est publi\u00e9  au recueil des actes administratifs du d\u00e9partement dans lequel \nl'\u00e9tablissement a son si\u00e8ge et affich\u00e9 au sein de l'\u00e9tablissement p\u00e9nitentiaire.  \n \nFait \u00e0 Arles \nLe 19/01/2026 \n \nLe chef d'\u00e9tablissement, \nSIGNEE \n            \n   \nMaison Centrale d'ARLES - 13-2026-01-19-00008 - M.MAGNIEN 6\nMaison Centrale d'ARLES\n13-2026-01-19-00009\nMMe GAMBA Trame de d\u00e9l\u00e9gation de signature\nMaison Centrale d'ARLES - 13-2026-01-19-00009 - MMe GAMBA Trame de d\u00e9l\u00e9gation de signature 7\nMINISTEREDE LA JUSTICELibert\u00e9Egalit\u00e9Fraternit\u00e9\n \nMinist\u00e8re de la Justice \n \nDirection interr\u00e9gionale des services p\u00e9nitentiaires de Marseille \n \nMC Arles \n \n                                                                                                                                     \u00c0 Arles \n \n                                                                                                                                    Le 19 janvier 2026 \n \n \nArr\u00eat\u00e9 portant d\u00e9l\u00e9gation de signature \n \n \n- Vu l'article R.361-3 du code p\u00e9nitentiaire ; \n- Vu l'arr\u00eat\u00e9 du ministre de la justice en date du 18/02/2025 nommant Monsieur Fabrice BELS en \nqualit\u00e9 de chef d'\u00e9tablissement de la Maison Centrale d'Arles \n \n \nLe chef de l'\u00e9tablissement de la Maison Centrale d'Arles \n \n \nARR\u00caTE \n \nArticle 1er : D\u00e9l\u00e9gation de signature est donn\u00e9e \u00e0 Mme An ne-Sophie GAMB A, directrice, \u00e0 la MC  Arles \u00e0 \nl'effet de signer toutes d\u00e9cisions et documents se rapportant aux attributions relatives \u00e0 l'inscription sur \nles listes \u00e9lectorales et au vote p ar correspondance des personnes d\u00e9tenues et d\u00e9finies \u00e0 l'article du R.361-\n3 du code p\u00e9nitentiaire .  \n \nArticle 2  : Mme An ne-Sophie GAMB A, directrice \u00e0 la MC Arles  assiste en tant que de besoin le chef de \nl'\u00e9tablissement de la MC Ar les dans les attributions pour lesquelles il a re\u00e7u d\u00e9l\u00e9gation de signature \u00e0 \nl'article 1er de l'arr\u00eat\u00e9 du chef de l'\u00e9tablissement de la MC Arles lui donnant d\u00e9l\u00e9gation de signature. \n \nArticle 3  : Le pr\u00e9sent arr\u00eat\u00e9 est publi\u00e9  au recueil des actes administratifs du d\u00e9partement dans lequel \nl'\u00e9tablissement a son si\u00e8ge et affich\u00e9 au sein de l'\u00e9tablissement p\u00e9nitentiaire.  \n \nFait \u00e0 Arles \nLe 19/01/2026 \n \nLe chef d'\u00e9tablissement, \nSIGNEE \n            \n   \nMaison Centrale d'ARLES - 13-2026-01-19-00009 - MMe GAMBA Trame de d\u00e9l\u00e9gation de signature 8\nMaison Centrale d'ARLES\n13-2026-01-19-00011\nMme GIMENEZ Trame de d\u00e9l\u00e9gation de signature\nMaison Centrale d'ARLES - 13-2026-01-19-00011 - Mme GIMENEZ Trame de d\u00e9l\u00e9gation de signature 9\nMINISTEREDE LA JUSTICELibert\u00e9Egalit\u00e9Fraternit\u00e9\n \nMinist\u00e8re de la Justice \n \nDirection interr\u00e9gionale des services p\u00e9nitentiaires de Marseille \n \nMC Arles \n \n                                                                                                                                     \u00c0 Arles \n \n                                                                                                                                    Le 19 janvier 2026 \n \n \nArr\u00eat\u00e9 portant d\u00e9l\u00e9gation de signature \n \n \n- Vu l'article R.361-3 du code p\u00e9nitentiaire ; \n- Vu l'arr\u00eat\u00e9 du ministre de la justice en date du 18/02/2025 nommant Monsieur Fabrice BELS en \nqualit\u00e9 de chef d'\u00e9tablissement de la Maison Centrale d'Arles \n \n \nLe chef de l'\u00e9tablissement de la Maison Centrale d'Arles \n \n \nARR\u00caTE \n \nArticle 1er : D\u00e9l\u00e9gation de signature est donn\u00e9e \u00e0 Mme Nathalie GIMENEZ , attach\u00e9e d 'administration de \nl'\u00e9tat \u00e0 la MC  Arles \u00e0 l'effet de signer toutes d\u00e9cisions et documents se rapportant aux attributions \nrelatives \u00e0 l'inscription sur les listes \u00e9lectorales et au vote p ar correspondance des personnes d\u00e9tenu es et \nd\u00e9finies \u00e0 l'article R.361-3 du code p\u00e9nitentiaire.  \n \nArticle 2 : Mme Nathalie GIMENEZ, attach\u00e9e d'administration de l'\u00e9tat \u00e0 la MC Arles assiste en tant que de \nbesoin le chef de l'\u00e9tablissement de la MC Arles dans les attributions pour lesquelles il a re\u00e7u d\u00e9l\u00e9gation de \nsignature \u00e0 l'article 1 er de l'arr\u00eat\u00e9 du chef de l'\u00e9tablissement de la MC Arles lui donnant d\u00e9l\u00e9gation de \nsignature. \n \nArticle 3  : Le pr\u00e9sent arr\u00eat\u00e9 est publi\u00e9  au recueil des actes administratifs du d\u00e9partement dans lequel \nl'\u00e9tablissement a son si\u00e8ge et affich\u00e9 au sein de l'\u00e9tablissement p\u00e9nitentiaire.  \n \nFait \u00e0 Arles \nLe 19/01/2026 \n \nLe chef d'\u00e9tablissement, \nSIGNEE \n            \n   \nMaison Centrale d'ARLES - 13-2026-01-19-00011 - Mme GIMENEZ Trame de d\u00e9l\u00e9gation de signature 10","date":"2026-01-19","first_seen_on":"2026-01-19T15:09:39+00:00","id":"7b3f3174dbb4d6528e7f74eb9ff0be41e83c05325cab827235fd80a61f5dad6e","name":"recueil-13-2026-016-recueil-des-actes-administratifs-nominatifs du 19 janvier 2026","pdf_creation_date":"2026-01-19T14:39:53+00:00","pdf_modification_date":null,"timezone":"Europe/Paris","url":"https://www.bouches-du-rhone.gouv.fr/contenu/telechargement/62668/440537/file/recueil-13-2026-016-recueil-des-actes-administratifs-nominatifs%20du%2019%20janvier%202026.pdf"}
