{"administration":"prefidf","administration_name":"Pr\u00e9fecture de la r\u00e9gion \u00cele-de-France","content":"PREFECTURE\nREGION ILE DE\nFRANCE\nRECUEIL DES ACTES\nADMINISTRATIFS SP\u00c9CIAL\nN\u00b0IDF-013-2025-08\nPUBLI\u00c9 LE  6 AO\u00dbT 2025\nSommaire\nAgence R\u00e9gionale de Sant\u00e9 /\nIDF-2025-08-05-00005 - Arr\u00eat\u00e9 n\u00b0 2025-211 portant autorisation de\ntransformation de 2 places d'h\u00e9bergement temporaire en 2 places\nd'h\u00e9bergement permanent au sein de l'\u00e9tablissement\nd'h\u00e9bergement pour personnes \u00e2g\u00e9es d\u00e9pendantes (EHPAD) \u00ab\nLe Parc \u00bb sis 1, rue Scarron \u00e0 Fontenay-aux-Roses (92260)\n (3 pages) Page 4\nAgence R\u00e9gionale de Sant\u00e9 / Agence r\u00e9gionale de sant\u00e9\nd'Ile-de-France-Direction de l'Offre de Soins (DOS)\nIDF-2025-08-06-00003 - Arr\u00eat\u00e9 n\u00b0DOS - 2025/ 3613 portant \napprobation de l'avenant n\u00b012 \u00e0 la convention constitutive du\nGroupement\nde Coop\u00e9ration Sanitaire \u00ab Sant\u00e9 Cit\u00e9\nEnseignement Recherche Innovation \u00bb (2 pages) Page 8\nAgence R\u00e9gionale de Sant\u00e9 / Direction de l'Offre de Soins  - P\u00f4le RH\nen Sant\u00e9\nIDF-2025-08-06-00004 - D\u00e9cision n\u00b0 DOS - 2025 / 3620 portant sur\nl'autorisation de d\u00e9plafonnement des heures suppl\u00e9mentaires de\nABCD (R\u00e9sidences - Services pour personnes \u00e2g\u00e9es). (2 pages) Page 11\nPr\u00e9fecture de la r\u00e9gion d'Ile-de-France, pr\u00e9fecture de\nParis-Secr\u00e9tariat g\u00e9n\u00e9ral aux politiques publiques /\nIDF-2025-07-11-00011 - Avenant n\u00b0 1  du 11 juillet 2025  \u00e0  la convention\nn\u00b0 2021-15 du 13 octobre 2021\nattributive de subvention au titre du\nFonds national d'am\u00e9nagement et de d\u00e9veloppement du territoire\n(FNADT) prorogeant le d\u00e9lai d'ach\u00e8vement de l'\u00e9tude portant sur\nl'\u00e9laboration d'une strat\u00e9gie de d\u00e9veloppement\n\u00e9conomique, commercial et touristique \u00e0 l'\u00e9chelle de la\ncommunaut\u00e9 de communes Vexin centre (d\u00e9rogatoire aux articles 13\net 14 du d\u00e9cret 2018-514 du 25 juin 2018)\n (2 pages) Page 14\nIDF-2025-07-11-00012 - Avenant n\u00b0 1  du 11 juillet 2025 \u00e0 la convention\nn\u00b0 2020-16 du 8 d\u00e9cembre 2020 attributive de subvention au titre du\nFonds national d'am\u00e9nagement et de d\u00e9veloppement du territoire\n(FNADT) prorogeant le d\u00e9lai d'ach\u00e8vement de l'\u00e9tude permettant\nl'\u00e9laboration du diagnostic visant \u00e0 favoriser l'insertion\nsocio-\u00e9conomique dans le cadre de la requalification de la Butte Pinson\nsur le territoire de la CA Plaine Vall\u00e9e (d\u00e9rogation aux articles 13 et 14\ndu d\u00e9cret n\u00b0 2018-514 du 25 juin 2018) (3 pages) Page 17\nIDF-2025-07-28-00010 - Avenant n\u00b0 1  du 28 juillet 2025 \u00e0 la convention\nn\u00b0 2022-37 du 16 novembre 2022 attributive de subvention au titre du\nFonds national d'am\u00e9nagement et de d\u00e9veloppement du territoire\n(FNADT) prorogeant le d\u00e9lai d'ach\u00e8vement de l'\u00e9tude\npr\u00e9liminaire \u00e0 la r\u00e9alisation d'un sch\u00e9ma directeur territorial des\n\u00e9nergies sur le territoire de la CA de Cergy Pontoise (d\u00e9rogation aux\narticles 13 et 14 du d\u00e9cret n\u00b0 2018-514 du 25 juin 2018)\n (2 pages) Page 21\n2\nIDF-2025-07-11-00013 - Avenant n\u00b0 1 du 11 juillet 2025 \u00e0 la convention\nn\u00b0 2023-36 du 1er ao\u00fbt 2023 attributive de subvention au titre du Fonds\nnational d'am\u00e9nagement et de d\u00e9veloppement du territoire\n(FNADT) prorogeant le d\u00e9lai d'ach\u00e8vemet de la r\u00e9alisation de\nl'\u00e9valuation strat\u00e9gique et environnementale n\u00e9cessaire \u00e0\nl'\u00e9laboration du volet mobilit\u00e9 2023-2027 du CPER (d\u00e9rogation\naux articles 13 et 14 du d\u00e9cret n\u00b0 2018-514 du 25 juin 2018)\n (2 pages) Page 24\nPr\u00e9fecture de la r\u00e9gion d'Ile-de-France, pr\u00e9fecture de\nParis-Secr\u00e9tariat g\u00e9n\u00e9ral aux politiques publiques / Direction des\naffaires juridiques\nIDF-2025-08-06-00006 - Arr\u00eat\u00e9 interpr\u00e9fectoral portant modification\ndes statuts du Syndicat des eaux d'\u00cele-de-France (SEDIF). (5 pages) Page 27\nIDF-2025-08-06-00005 - Arr\u00eat\u00e9 interpr\u00e9fectoral portant retrait du\np\u00e9rim\u00e8tre du Syndicat des eaux d'\u00cele-de-France (SEDIF) de\nl'\u00e9tablissement public territorial Grand-Orly Seine Bi\u00e8vre pour les\ncommunes d'Athis-Mons et de Villejuif. (5 pages) Page 33\n3\nAgence R\u00e9gionale de Sant\u00e9\nIDF-2025-08-05-00005\nArr\u00eat\u00e9 n\u00b0 2025-211 portant autorisation de\ntransformation de 2 places d'h\u00e9bergement\ntemporaire en 2 places d'h\u00e9bergement\npermanent au sein de l'\u00e9tablissement\nd'h\u00e9bergement pour personnes \u00e2g\u00e9es\nd\u00e9pendantes (EHPAD) \u00ab Le Parc \u00bb sis 1, rue\nScarron \u00e0 Fontenay-aux-Roses (92260)\nAgence R\u00e9gionale de Sant\u00e9 - IDF-2025-08-05-00005 - Arr\u00eat\u00e9 n\u00b0 2025-211 portant autorisation de transformation de 2 places\nd'h\u00e9bergement temporaire en 2 places d'h\u00e9bergement permanent au sein de l'\u00e9tablissement d'h\u00e9bergement pour personnes \u00e2g\u00e9es\nd\u00e9pendantes (EHPAD) \u00ab Le Parc \u00bb sis 1, rue Scarron \u00e0 Fontenay-aux-Roses (92260)\n4\nE = hauts-de-seineREPUBLIQUE desFRAN CA ISE @ D Agence R\u00e9gionale de Sant\u00e9Libert\u00e9 \u00cele-de-France\u00c9galit\u00e9Fraternit\u00e9\n  \n \n  \n \n \n                                                     ARR\u00caT\u00c9 N\u00b0 2025 - 211 \n \nportant autorisation de transformation \nde 2 places d'h\u00e9bergement temporaire en 2 places d'h\u00e9bergement permanent                              \nau sein de l'\u00e9tablissement d'h\u00e9bergement pour personnes \u00e2g\u00e9es d\u00e9pendantes \n(EHPAD) \u00ab Le Parc \u00bb sis 1, rue Scarron \u00e0 Fontenay-aux-Roses (92260) \n                         \n \nLE DIRECTEUR G\u00c9N\u00c9RAL DE L'AGENCE R\u00c9GIONALE DE SANT\u00c9 \u00ceLE-DE-FRANCE \n \nLE PR\u00c9SIDENT DU CONSEIL DEPARTEMENTAL DES HAUTS-DE-SEINE \n \n \nVU le code de l'action sociale et des familles et notamment les articles L312 -1, L313-1, L314-3 et \nsuivants ; \n \nVU        le code g\u00e9n\u00e9ral des collectivit\u00e9s territoriales ; \n \nVU le d\u00e9cret du 10 avril 2024  portant nominati on de Monsieur Denis ROBIN en qualit\u00e9 de \nDirecteur g\u00e9n\u00e9ral de l'Agence r\u00e9gionale de sant\u00e9 \u00cele-de-France \u00e0 compter du 29 avril 2024 ; \n \nVU l'arr\u00eat\u00e9 DS N\u00b0 115/2024 du 2 5 septembre 2024 portant d\u00e9l\u00e9gation de signature \u00e0 Madame \nSt\u00e9phanie TALBOT, Directrice de l'autonomie ; \n \nVU l'arr\u00eat\u00e9 n\u00b02023 -DAJA-43 du 21 juillet 2023 accordant d\u00e9l\u00e9gation de signature \u00e0 Monsieur \nJean-Michel RAPINAT, Directeur g\u00e9n\u00e9ral adjoint Responsable du P\u00f4le Solidarit\u00e9s et \u00e0 \nMadame Laurence HAUCK, adjointe au Directeur g\u00e9n\u00e9ral adjoint ; \n \nVU  le r\u00e8glement d\u00e9partemental d'aide sociale approuv\u00e9 en mars 2017 ; \n \nVU  l'arr\u00eat\u00e9 n\u00b0 DIRNOV-2023/08 du 26 octobre 2023 de la Directrice g\u00e9n\u00e9rale  de l'Agence \nr\u00e9gionale de sant\u00e9 \u00cele-de-France portant modification du cadre d'orientation strat\u00e9gique        \n2018-2028 du projet r\u00e9gional de sant\u00e9 \u00cele-de-France ; \n \nVU l'arr\u00eat\u00e9 n\u00b0 DIRNOV -2023/09 du 26 octobre 2023 de la Directrice g\u00e9n\u00e9rale  de l'Agence \nr\u00e9gionale de sant\u00e9 \u00cele-de-France portant adoption du sch\u00e9ma r\u00e9gional de sant\u00e9 2023 -2028 du \nprojet r\u00e9gional de sant\u00e9 \u00cele-de-France ; \n \nVU l'arr\u00eat\u00e9 n\u00b0 2023-162 du 19 juin 2023 de la Directrice g\u00e9n\u00e9rale  de l'Agence r\u00e9gionale de sant\u00e9 \n\u00cele-de-France \u00e9tablissant le programme interd\u00e9partemental d'accompagnement des handicaps \net de la perte d'autonomie (PRIAC) 2022-2026 pour la r\u00e9gion \u00cele-de-France ; \n \nVU  l'arr\u00eat\u00e9 conjoint en date du 29 octobre 2009, portant la capacit\u00e9 totale de l'EHPAD  \u00ab Le Parc \u00bb \n\u00e0 124 places (110 places d'h\u00e9bergement permanent, 2 places d'h\u00e9bergement temporaire et \n12 places d'accueil de jour) ; \n \nVU la demande de l'EHPAD \u00ab Le Parc \u00bb sis 1, rue Scarron \u00e0 Fontenay -aux-Roses (92260) visant \n\u00e0 transformer 2 places d'h\u00e9bergement temporaire en 2 places d'h\u00e9bergement permanent ; \n \n \n \n \n \nAgence R\u00e9gionale de Sant\u00e9 - IDF-2025-08-05-00005 - Arr\u00eat\u00e9 n\u00b0 2025-211 portant autorisation de transformation de 2 places\nd'h\u00e9bergement temporaire en 2 places d'h\u00e9bergement permanent au sein de l'\u00e9tablissement d'h\u00e9bergement pour personnes \u00e2g\u00e9es\nd\u00e9pendantes (EHPAD) \u00ab Le Parc \u00bb sis 1, rue Scarron \u00e0 Fontenay-aux-Roses (92260)\n5\n \n \n  \n \n CONSID\u00c9RANT que le CPOM 2025 -2029 sign\u00e9 le 23 d\u00e9cembre 2024 a pour objectif la \ntransformation de 2 places d'h\u00e9bergement temporaire en 2 places d'h\u00e9bergement \npermanent ; \n \n CONSID\u00c9RANT qu'il convient d'acter la transformation de 2 places d'h\u00e9bergement temporaire en 2 \nplaces d'h\u00e9bergement permanent \u00e0 compter du 1er janvier 2025 ; \n \n CONSID\u00c9RANT que ce projet satisfait aux r\u00e8gles d'organisation et de fonctionnement pr\u00e9vues par \nle code de l'action sociale et des familles ; \n \n \nARR\u00caTENT  \n \n \nARTICLE 1er :  L'autorisation de transformation de 2 places d'h\u00e9bergement temporaire e n 2 places \nd'h\u00e9bergement permanent au sein de l'EHPAD public autonome \u00ab  Le Parc \u00bb sis 1, \nrue Scarron \u00e0 Fontenay-aux-Roses (92260) est accord\u00e9e.   \n \nARTICLE 2e :  La capacit\u00e9 totale de l' EHPAD \u00ab Le Parc  \u00bb est fix\u00e9e \u00e0  124 places r \u00e9parties de la \nmani\u00e8re suivante : \n \n- 112 places d'h\u00e9bergement permanent  \n- 12 places d'accueil de jour \n   \n L'EHPAD comprend un P\u00f4le d'activit\u00e9s et de Soins Adapt\u00e9s (PASA) de 14 places.  \n \nARTICLE 3e : L'\u00e9tablissement est r\u00e9pertori\u00e9 dans le Fichier National des Etablissements Sanitaires \net Sociaux (FINESS) de la fa\u00e7on suivante : \n \nEntit\u00e9 \u00e9tablissement : EHPAD Le Parc \nNum\u00e9ro FINESS \u00e9tablissement : 92 071 038 1 \nCode cat\u00e9gorie : [500] EHPAD \nCode MFT (mode de fixation des tarifs) : [41] ARS TG HAS nPUI \n \nCode discipline : [924] Accueil pour Personnes \u00c2g\u00e9es   \nCode fonctionnement (type d'activit\u00e9) : [11] H\u00e9bergement Complet Internat  \nCode client\u00e8le : [711] Personnes \u00c2g\u00e9es d\u00e9pendantes  \nCapacit\u00e9 : 112 \n \nCode discipline : [924] Accueil pour Personnes \u00c2g\u00e9es   \nCode fonctionnement (type d'activit\u00e9) : [21] Accueil de jour \nCode client\u00e8le : [436] Personnes Alzheimer ou maladies apparent\u00e9es \nCapacit\u00e9 : 12 \n \nCode discipline : [961] P\u00f4le d'activit\u00e9s et de soins adapt\u00e9s (PASA)  \nCode fonctionnement (type d'activit\u00e9) : [21] Accueil de jour \nCode client\u00e8le : [436] Personnes Alzheimer ou maladies apparent\u00e9es \n \nEntit\u00e9 gestionnaire : La Maison de Retraite du Parc \nNum\u00e9ro FINESS gestionnaire : 92 000 127 8 \nCode statut : [21] Etablissement Sociale et M\u00e9dico-social Communal \n \nARTICLE 4e :   Le pr\u00e9sent arr\u00eat\u00e9 est sans effet concernant la dur\u00e9e d'autorisation accord\u00e9e \u00e0 \nl'\u00e9tablissement pour 15 ans \u00e0 compter de sa date de cr\u00e9ation ou de renouvellement \nd'autorisation conform\u00e9ment aux conditions pr\u00e9vues aux articles L.312 -8 et L.313 -5 \ndu code de l'action sociale et des familles. \n \nARTICLE 5e : Tout changement important dans l'activit\u00e9, l'installation, l'organisation, la direction ou \nle fonctionnement de l'\u00e9tablissement ou du service doit \u00eatre port\u00e9 \u00e0 la connaissance \ndes autorit\u00e9s comp\u00e9tentes. \n \nARTICLE 6e : Un recours contre le pr\u00e9sent arr\u00eat\u00e9 peut \u00eatre form\u00e9 devant le tribunal administratif  \ncomp\u00e9tent dans un d\u00e9lai de deux mois \u00e0 compter de sa notification.  \nAgence R\u00e9gionale de Sant\u00e9 - IDF-2025-08-05-00005 - Arr\u00eat\u00e9 n\u00b0 2025-211 portant autorisation de transformation de 2 places\nd'h\u00e9bergement temporaire en 2 places d'h\u00e9bergement permanent au sein de l'\u00e9tablissement d'h\u00e9bergement pour personnes \u00e2g\u00e9es\nd\u00e9pendantes (EHPAD) \u00ab Le Parc \u00bb sis 1, rue Scarron \u00e0 Fontenay-aux-Roses (92260)\n6\nsigsig\n \n \n \n \nARTICLE 7e : Le Directeur de la D\u00e9l\u00e9gation d\u00e9partementale de s Hauts -de-Seine de l'Agence \nr\u00e9gionale de sant\u00e9 \u00cele -de-France et le Directeur G\u00e9n\u00e9ral des Services du Conseil \nD\u00e9partemental des Hauts-de-Seine sont charg\u00e9s, chacun en ce qui le concerne, de \nl'ex\u00e9cution du pr\u00e9sent arr\u00eat\u00e9 qui sera notifi\u00e9 au demandeur, publi\u00e9 aux recueils des \nactes administratifs de la R\u00e9gion \u00cele -de-France et du D\u00e9partement de s Hauts -de-\nSeine. \n \n \n     Fait \u00e0 Saint-Denis, le 05/08/2025 \n \n \nPour le Directeur g\u00e9n\u00e9ral \nde l'Agence r\u00e9gionale de sant\u00e9  \nIle-de-France et par d\u00e9l\u00e9gation \n \n \nSolenne DE ZELICOURT \nDirectrice adjointe de l'autonomie \nPour le Pr\u00e9sident du Conseil d\u00e9partemental                          \net par d\u00e9l\u00e9gation \nL'adjointe du Directeur g\u00e9n\u00e9ral adjoint \nP\u00f4le Solidarit\u00e9s \n \n \nLaurence HAUCK \n \n \n \n \n \n \n \n \n \n \n \n \n  \n \nAgence R\u00e9gionale de Sant\u00e9 - IDF-2025-08-05-00005 - Arr\u00eat\u00e9 n\u00b0 2025-211 portant autorisation de transformation de 2 places\nd'h\u00e9bergement temporaire en 2 places d'h\u00e9bergement permanent au sein de l'\u00e9tablissement d'h\u00e9bergement pour personnes \u00e2g\u00e9es\nd\u00e9pendantes (EHPAD) \u00ab Le Parc \u00bb sis 1, rue Scarron \u00e0 Fontenay-aux-Roses (92260)\n7\nAgence R\u00e9gionale de Sant\u00e9\nIDF-2025-08-06-00003\nArr\u00eat\u00e9 n\u00b0DOS - 2025/ 3613 portant  approbation\nde l'avenant n\u00b012 \u00e0 la convention constitutive du\nGroupement\nde Coop\u00e9ration Sanitaire \u00ab Sant\u00e9 Cit\u00e9\nEnseignement Recherche Innovation \u00bb\nAgence R\u00e9gionale de Sant\u00e9 - IDF-2025-08-06-00003 - Arr\u00eat\u00e9 n\u00b0DOS - 2025/ 3613 portant  approbation de l'avenant n\u00b012 \u00e0 la\nconvention constitutive du Groupement\nde Coop\u00e9ration Sanitaire \u00ab Sant\u00e9 Cit\u00e9 Enseignement Recherche Innovation \u00bb\n8\nREPUBLIQUEFRANCAISELibert\u00e9Egalit\u00e9Fraternit\u00e9\nAr@ D Agence R\u00e9gionale de Sant\u00e9lle-de-France\n \n \n \nAGENCE R\u00c9GIONALE DE SANT \u00c9 \u00ceLE-DE-FRANCE \nARR\u00caT\u00c9 N\u00b0 DOS - 2025/ 3613 \nportant approbation de l'avenant n\u00b012 \u00e0 la convention constitutive du Groupement  \nde Coop\u00e9ration Sanitaire \u00ab Sant\u00e9 Cit\u00e9 Enseignement Recherche Innovation \u00bb \nLE DIRECTEUR GENERAL DE L'AGENCE R\u00c9GIONALE DE SANT\u00c9 \u00ceLE-DE-FRANCE \n \nVU le code de la sant\u00e9 publique et notamment les articles L.6133-1 et suivants et R. 6133-1 et suivants ; \n \nVU l'arr\u00eat\u00e9 du 5 avril 2019 relatif aux groupements de coop\u00e9rations sanitaires ; \n \nVU le d\u00e9cret du 10 avril 2024 portant nomination de Monsieur Denis ROBIN, Directeur g\u00e9n\u00e9ral de l'Agence \nr\u00e9gionale de sant\u00e9 \u00cele-de-France \u00e0 compter du 29 avril 2024 ; \n \nVU l'arr\u00eat\u00e9 DS n\u00b0 034/2024 du 29 avril 2024 du Directe ur g\u00e9n\u00e9ral de l'Agence r\u00e9gionale de sant\u00e9  \n\u00cele-de-France, Monsieur Denis ROBIN, portant d\u00e9l\u00e9ga tion de signature \u00e0 Monsieur Arnaud \nCORVAISIER, Directeur de l'Offre de soins de l'Agende r\u00e9gionale de sant\u00e9 \u00cele-de-France ; \n \nVU \n \n \nVU \nl'arr\u00eat\u00e9 n\u00b017-221 du 19 janvier 2017 portant approb ation de la convention constitutive du Groupement \nde Coop\u00e9ration Sanitaire (GCS) \u00ab Sant\u00e9 Cit\u00e9 Enseignement Recherche Innovation \u00bb ; \n \nla d\u00e9lib\u00e9ration de l'assembl\u00e9e g\u00e9n\u00e9rale du GCS \u00ab Sa nt\u00e9 Cit\u00e9 Enseignement Recherche Innovation \u00bb \n \ndu 16 mai 2025 adoptant la modifications des membres et des parts sociales associ\u00e9es ; \n \nVU \n \nl'avenant n\u00b012 \u00e0 la convention constitutive du GCS \u00ab Sant\u00e9 Cit\u00e9 Enseignement Recherche Innovation \n\u00bb sign\u00e9 \u00e0 Paris, le 16 mai 2025 ; \n \n \nCONSID\u00c9RANT que l'avenant n\u00b012 \u00e0 la convention du GCS \u00ab Sant\u00e9 C it\u00e9 Enseignement Recherche Innovation \u00bb \nrespecte les dispositions des articles L. 6133-1 et  suivants et R. 6133-1  \net suivants du code de la sant\u00e9 publique ;  \n \n \nARR\u00caTE \n \n \nARTICLE 1 \ner  : L'avenant n\u00b0 12 \u00e0 la convention constitutive du Gro upement de Coop\u00e9ration Sanitaire  \n\u00ab Sant\u00e9 Cit\u00e9 Enseignement Recherche Innovation \u00bb est approuv\u00e9. \n \nARTICLE 2 e : L'avenant approuve la modification de la liste des membres au groupement, en tenant compte de \nl'adh\u00e9sion des \u00e9tablissements suivants :  \n \n- L'\u00e9tablissement M\u00e9dip\u00f4le Savoie, dont le si\u00e8ge es t situ\u00e9 300 avenue des Massettes \n\u00e0 Challes-Les-Eaux (73190) \n- L'\u00e9tablissement Polyclinique Bordeaux Rive Droite , dont le si\u00e8ge est situ\u00e9 \n \n24 rue des Cavailles, \u00e0 Lormont (33310) \n- L'\u00e9tablissement Clinique d'Arcachon, dont le si\u00e8g e est situ\u00e9 Pole de Sant\u00e9 TSA \n11100 avenue Jean Hameau \u00e0 La Teste de Buch (33115) \n- L'\u00e9tablissement Clinique des Peupliers, dont le s i\u00e8ge est situ\u00e9 109 rue d'Hem  \n \u00e0 Villeneuve d'Ascq (59491) \n- L'\u00e9tablissement H\u00f4pital Priv\u00e9 de la Manche, dont le si\u00e8ge est situ\u00e9  \n45 rue du G\u00e9n\u00e9ral Koenig \u00e0 Saint-L\u00f4 (50000) \n- L'\u00e9tablissement Clinique les Jockeys de Pauchet e t Polyclinique Saint C\u00f4me, dont le \nsi\u00e8ge est situ\u00e9 12 avenue du G\u00e9n\u00e9ral Leclerc \u00e0 Gouvieux (60270) \n \n \nAgence R\u00e9gionale de Sant\u00e9 - IDF-2025-08-06-00003 - Arr\u00eat\u00e9 n\u00b0DOS - 2025/ 3613 portant  approbation de l'avenant n\u00b012 \u00e0 la\nconvention constitutive du Groupement\nde Coop\u00e9ration Sanitaire \u00ab Sant\u00e9 Cit\u00e9 Enseignement Recherche Innovation \u00bb\n9\nARTICLE 3e : L'avenant modifie les conditions de fonctionnement du GCS et notamment les articles suivants :  \n \n- Article 14 \u2013 CAPITAL \n- Article 15 \u2013 APPORTS RESPECTIFS DES MEMBRES \n- Article 16 \u2013 REPRESENTATION DES DROITS \u2013 REPARTITION DES PARTS SOCIALES \n \n \n \n  \nARTICLE 4e : Le pr\u00e9sent arr\u00eat\u00e9 sera publi\u00e9 au recueil des actes administratifs de la pr\u00e9fecture de la r\u00e9gion  \n\u00cele-de-France. Un recours contentieux contre le pr\u00e9sent arr\u00eat\u00e9 peut \u00eatre form\u00e9 aupr\u00e8s du Tribunal \nadministratif comp\u00e9tent. Le d\u00e9lai de recours est de  deux mois \u00e0 compter de sa notification pour \nles int\u00e9ress\u00e9s ou de sa publication pour les tiers. \n \n \n \nFait \u00e0 Saint-Denis, le 6 ao\u00fbt 2025 \n \nPour le Directeur g\u00e9n\u00e9ral \nde l'Agence r\u00e9gionale de sant\u00e9 \n\u00cele-de-France \n \nPar d\u00e9l\u00e9gation \n \nLe Directeur-adjoint \nde l'Offre de soins \n \n \nSign\u00e9 \n \n \nKor\u00e9 MOGNON \n  \n \n \nAgence R\u00e9gionale de Sant\u00e9 - IDF-2025-08-06-00003 - Arr\u00eat\u00e9 n\u00b0DOS - 2025/ 3613 portant  approbation de l'avenant n\u00b012 \u00e0 la\nconvention constitutive du Groupement\nde Coop\u00e9ration Sanitaire \u00ab Sant\u00e9 Cit\u00e9 Enseignement Recherche Innovation \u00bb\n10\nAgence R\u00e9gionale de Sant\u00e9\nIDF-2025-08-06-00004\nD\u00e9cision n\u00b0 DOS - 2025 / 3620 portant sur\nl'autorisation de d\u00e9plafonnement des heures\nsuppl\u00e9mentaires de ABCD (R\u00e9sidences - Services\npour personnes \u00e2g\u00e9es).\nAgence R\u00e9gionale de Sant\u00e9 - IDF-2025-08-06-00004 - D\u00e9cision n\u00b0 DOS - 2025 / 3620 portant sur l'autorisation de d\u00e9plafonnement des\nheures suppl\u00e9mentaires de ABCD (R\u00e9sidences - Services pour personnes \u00e2g\u00e9es). 11\nREPUBLIQUEFRANCAISELibert\u00e9Egalit\u00e9Fraternit\u00e9\n4 4CC  EE ES\n(1/2\nrOe eee  eee\nAr\u00a9 D Agence R\u00e9gionale de Sant\u00e9lle-de-France\nrOe  eee  =\nation du travail3 du 9 janvier 1986 portantre iires et a leur33 du {\u00a9itali\u00e8re\n \n \n1 / 2 \n \n \n         \n \n \nDECISION n\u00b0 DOS \u2013 2025 / 3620 \n \n \nportant sur l'autorisation de d\u00e9plafonnement des heures suppl\u00e9mentaires \n \n \nLE DIRECTEUR G\u00c9N\u00c9RAL DE L'AGENCE R\u00c9GIONALE DE SANT\u00c9 \u00ceLE-DE-FRANCE \n \n \n \nVU   la loi n\u00b0 86 -33 du 9 janvier 1986 modifi\u00e9e portant dispositions statutaires relatives \u00e0 la \nfonction publique hospitali\u00e8re ; \n \nVU  le d\u00e9cret n\u00b0 2002-9 du 4 janvier 2002 relatif au temps de travail et \u00e0 l'organisation du travail \ndans les \u00e9tablissements mentionn\u00e9s \u00e0 l'article 2 de la loi n\u00b0 86-33 du 9 janvier 1986 portant \ndispositions statutaires relatives \u00e0 la fonction publique hospitali\u00e8re ; \n \nVU   le d\u00e9cret n\u00b0 2020-297 du 24 mars 2020 relatif aux heures suppl\u00e9mentaires et \u00e0 leur \nd\u00e9passement dans les \u00e9tablissements mentionn\u00e9s \u00e0 l'article 2 de la loi n\u00b0 86-33 du 9 janvier \n1986 portant dispositions statutaires relatives \u00e0 la fonction publique hospitali\u00e8re  et plus \npr\u00e9cis\u00e9ment l'article 15 modifi\u00e9 du d\u00e9cret 2002-9 du 4 janvier 2002 ; \n \nVU la d\u00e9cision du ministre de la sant\u00e9 du 5 mars 2020 (publi\u00e9e le 10 mars) portant application \nde l'article 15, alin\u00e9a 3, du d\u00e9cret n\u00b0 2022-9 du 4 janvier 2022 relatif au temps de travail et \u00e0 \nl'organisation du travail dans les \u00e9tablissements mentionn\u00e9s \u00e0 l'article 2 de la loi n\u00b0 86-33 du \n9 janvier 1986 portant dispositions statutaires relatives \u00e0 la fonction publique hospitali\u00e8re ; \n \n \nConsid\u00e9rant  que les \u00e9tablissements mentionn\u00e9s \u00e0 l'article 2 de la loi du 9 janvier 1986  susvis\u00e9e \npeuvent \u00eatre autoris\u00e9s, par d\u00e9cision du directeur g\u00e9n\u00e9ral de l'agence r\u00e9gionale de sant\u00e9 pour les \n\u00e9tablissements mentionn\u00e9s aux 1\u00b0, 2\u00b0, 3\u00b0 et 5\u00b0 de l'article 2 de cette loi, ou du pr\u00e9fet du d\u00e9partement \npour les \u00e9tablissements mentionn\u00e9s aux 4\u00b0 et 6\u00b0 du m\u00eame article, \u00e0 titre exceptionnel, notamment \nau regard des imp\u00e9ratifs de continuit\u00e9 du service public ou de la situation sanitaire, \u00e0 d\u00e9passer les \nbornes horaires fix\u00e9es par le cycle de travail, pour une dur\u00e9e limit\u00e9e et pour les personnels \nn\u00e9cessaires \u00e0 la prise en charge des usagers ; \n \nConsid\u00e9rant  le courrier du Directeur de ABCD (R\u00e9sidences \u2013 Services pour personnes \u00e2g\u00e9es) en \ndate du 24 juillet 2025 sollicitant une d\u00e9cision de l'ARS-IDF autorisant \u00e0 d\u00e9passer le quota annuel \nd'heures suppl\u00e9mentaires pouvant \u00eatre r\u00e9alis\u00e9es par les professionnels des cat\u00e9gories : Infirmiers \ndipl\u00f4m\u00e9s d'Etat et les Aides-soignants exer\u00e7ant au sein de la R\u00e9sidence de la Cit\u00e9 Verte, sise 4 rue \nde la Cit\u00e9 Verte \u2013 94370 SUCY-EN-BRIE pour une dur\u00e9e d'un an \u00e0 compter du 1er janvier 2025. \n \n \n \n \n \n \nAgence R\u00e9gionale de Sant\u00e9 - IDF-2025-08-06-00004 - D\u00e9cision n\u00b0 DOS - 2025 / 3620 portant sur l'autorisation de d\u00e9plafonnement des\nheures suppl\u00e9mentaires de ABCD (R\u00e9sidences - Services pour personnes \u00e2g\u00e9es). 12\n\"12\n \n2 / 2 \n \nDECIDE \n \n \n \nArticle 1:  Le Directeur de ABCD (R\u00e9sidences \u2013 Services pour personnes \u00e2g\u00e9es) est autoris\u00e9 \u00e0 \nd\u00e9plafonner les heures suppl\u00e9mentaires pour  la R\u00e9sidence de la Cit\u00e9 Verte, sise 4 \nrue de la Cit\u00e9 Verte \u2013 94370 SUCY-EN-BRIE . \n \n \nArticle 2:   Le Directeur de ABCD (R\u00e9sidences \u2013 Services pour personnes \u00e2g\u00e9es) est charg\u00e9 de \nl'ex\u00e9cution de la pr\u00e9sente d\u00e9cision. \n \n \nArticle 3:    Un recours contre la pr\u00e9sente d\u00e9cision  peut \u00eatre form\u00e9 devant le Tribunal \nAdministratif comp\u00e9tent dans un d\u00e9lai de deux mois \u00e0 compter de sa publication.  \n \n \nArticle 4:  La pr\u00e9sente d\u00e9cision sera publi\u00e9e au recueil des actes administratifs de la Pr\u00e9fecture \nde la r\u00e9gion Ile-de-France.  \n \n \n \n \n \nFait \u00e0 Saint-Denis, le 06 ao\u00fbt 2025 \n \n \nP/Le Directeur g\u00e9n\u00e9ral  \nde l'Agence r\u00e9gionale de sant\u00e9 \n\u00cele-de-France, \nLa Directrice du P\u00f4le RH en sant\u00e9 \n \nSign\u00e9 \n \n \nLaure WALLON \nAgence R\u00e9gionale de Sant\u00e9 - IDF-2025-08-06-00004 - D\u00e9cision n\u00b0 DOS - 2025 / 3620 portant sur l'autorisation de d\u00e9plafonnement des\nheures suppl\u00e9mentaires de ABCD (R\u00e9sidences - Services pour personnes \u00e2g\u00e9es). 13\nPr\u00e9fecture de la r\u00e9gion d'Ile-de-France,\npr\u00e9fecture de Paris-Secr\u00e9tariat g\u00e9n\u00e9ral aux\npolitiques publiques\nIDF-2025-07-11-00011\nAvenant n\u00b0 1  du 11 juillet 2025  \u00e0  la convention\nn\u00b0 2021-15 du 13 octobre 2021\nattributive de subvention au titre du Fonds\nnational d'am\u00e9nagement et de d\u00e9veloppement\ndu territoire (FNADT) prorogeant le d\u00e9lai\nd'ach\u00e8vement de l'\u00e9tude portant sur\nl'\u00e9laboration d'une strat\u00e9gie de d\u00e9veloppement\n\u00e9conomique, commercial et touristique \u00e0\nl'\u00e9chelle de la communaut\u00e9 de communes Vexin\ncentre (d\u00e9rogatoire aux articles 13 et 14 du\nd\u00e9cret 2018-514 du 25 juin 2018)\nPr\u00e9fecture de la r\u00e9gion d'Ile-de-France, pr\u00e9fecture de Paris-Secr\u00e9tariat g\u00e9n\u00e9ral aux politiques publiques - IDF-2025-07-11-00011 -\nAvenant n\u00b0 1  du 11 juillet 2025  \u00e0  la convention n\u00b0 2021-15 du 13 octobre 2021\nattributive de subvention au titre du Fonds national d'am\u00e9nagement et de d\u00e9veloppement du territoire (FNADT) prorogeant le d\u00e9lai\nd'ach\u00e8vement de l'\u00e9tude portant sur l'\u00e9laboration d'une strat\u00e9gie de d\u00e9veloppement \u00e9conomique, commercial et touristique \u00e0\nl'\u00e9chelle de la communaut\u00e9 de communes Vexin centre (d\u00e9rogatoire aux articles 13 et 14 du d\u00e9cret 2018-514 du 25 juin 2018)\n14\n| 3PREFET |DE LA REGIOND'\u00ceLE-DE-FRANCELibert\u00e9Egalit\u00e9Fraternit\u00e9\n \nT\u00e9l : 01 82 52 42 89  \nM\u00e9l : chantal.magdeleine@paris-idf.gouv.fr \n5, rue Leblanc \u2013 75911 Paris Cedex 15 Page 1 \n \nAVENANT N\u00b0 1 \nA la convention n\u00b0 2021-15 du 13 octobre 2021 \nattributive de subvention au titre du Fonds national d'am\u00e9nagement et de \nd\u00e9veloppement du territoire (FNADT) \n \nEntre : \n \nL'Etat, repr\u00e9sent\u00e9 par le Pr\u00e9fet de la r\u00e9gion d'Ile-de-France, Pr\u00e9fet de Paris, d'une part, \n \nEt \n \nLa Communaut\u00e9 de communes Vexin C entre, ayant son si\u00e8ge social 1 rue de Rouen, \n95450 Vigny (Siret : 200 035 970 00017 ), repr\u00e9sent\u00e9 e par sa pr\u00e9sidente, Mme Nadine \nNINOT, d'autre part, \n \n \nVU la loi n\u00b0 95 -115 du 4 f\u00e9vrier 1995 d'orientation pour l'am\u00e9nagement et le d\u00e9veloppement du \nterritoire portant cr\u00e9ation du Fonds national d'am\u00e9nagement et de d\u00e9veloppement du territoire, \nmodifi\u00e9e par la loi n\u00b099-553 du 25 juin 1999 ; \n \nVU la loi n\u00b0 2025-127 du 14 f\u00e9vrier 2025 de finances pour 2025 ; \n \nVU le d\u00e9cret n\u00b0 2004 -374 du 29 avril 2004 modifi\u00e9 relatif aux pouvoirs des pr\u00e9fets, \u00e0 \nl'organisation et \u00e0 l'action des services de l'\u00c9tat dans les r\u00e9gions et d\u00e9partements ; \n \nVU le d\u00e9cret n\u00b0 2012 -1246 du 7 novembre 2012 relatif \u00e0 la gestion budg\u00e9taire et comp table \npublique ; \n \nVU le d\u00e9cret n\u00b0 2018 -514 du 25 juin 2018 relatif aux subventions de l'Etat pour des projets \nd'investissement ; \n \nVU le d\u00e9cret n\u00b0 2020-412 du 8 avril 2020 relatif au droit de d\u00e9rogation reconnu au pr\u00e9fet ; \n \nVU la circulaire du 9 novembre 2000 du Premier ministre relative aux interventions du Fonds \nnational d'am\u00e9nagement et de d\u00e9veloppement du territoire ; \n \nVU la convention cadre du 24 d\u00e9cembre 2020 pour la mise en \u0153uvre du volet territorial du \ncontrat de Plan Etat-R\u00e9gion Ile-de-France 2015-2020 : modalit\u00e9s de soutien aux dynamiques \nterritoriales p\u00e9riurbaines, rurales et des p\u00f4les de centralit\u00e9 (aide \u00e0 l'ing\u00e9nierie) sur le territoire \nde la communaut\u00e9 de communes Vexin Centre ; \n \nVU la convention FNADT n\u00b0 2021-15 du 13 octobre 2021  accordant une subvention d 'un \nmontant maximum pr\u00e9visionnel d e 22 500 \u20ac \u00e0 la Communaut\u00e9 de communes Vexin Centre \npour conduire l'\u00e9tude portant sur l'\u00e9laboration d'une strat\u00e9gie de d\u00e9veloppement \n\u00e9conomique, commercial et touristique \u00e0 l'\u00e9chelle de la communaut\u00e9 de communes Vexin \ncentre ; \n \nVU le dossier de demande de solde transmis par le Communaut\u00e9 de communes Vexin \nCentre en date du 24 f\u00e9vrier 2025 ;  \n \n     Secr\u00e9tariat g\u00e9n\u00e9ral aux politiques publiques \nBureau de la coordination et de l'investissement territorial \nSection de l'investissement territorial \n \nPr\u00e9fecture de la r\u00e9gion d'Ile-de-France, pr\u00e9fecture de Paris-Secr\u00e9tariat g\u00e9n\u00e9ral aux politiques publiques - IDF-2025-07-11-00011 -\nAvenant n\u00b0 1  du 11 juillet 2025  \u00e0  la convention n\u00b0 2021-15 du 13 octobre 2021\nattributive de subvention au titre du Fonds national d'am\u00e9nagement et de d\u00e9veloppement du territoire (FNADT) prorogeant le d\u00e9lai\nd'ach\u00e8vement de l'\u00e9tude portant sur l'\u00e9laboration d'une strat\u00e9gie de d\u00e9veloppement \u00e9conomique, commercial et touristique \u00e0\nl'\u00e9chelle de la communaut\u00e9 de communes Vexin centre (d\u00e9rogatoire aux articles 13 et 14 du d\u00e9cret 2018-514 du 25 juin 2018)\n15\n \nT\u00e9l : 01 82 52 42 89  \nM\u00e9l : chantal.magdeleine@paris-idf.gouv.fr \n5, rue Leblanc \u2013 75911 Paris Cedex 15 Page 2 \nCONSIDERANT que la Communaut\u00e9 de communes Vexin C entre n'a pas pu terminer \nl'\u00e9tude portant sur l'\u00e9laboration d'une strat\u00e9gie de d\u00e9veloppement \u00e9conomique, commercial \net touristique \u00e0 l'\u00e9chelle de l'intercommunalit\u00e9 pr\u00e9vue  \u00e0 la date du 30  novembre 2022 en \nraison de changement de gouvernance au sein de la communaut\u00e9 de communes ;  \n \nCONSIDERANT qu'il est n\u00e9cessaire de d\u00e9roger aux articles 13 et 14 du d\u00e9cret du               \n25 juin 2018 pr\u00e9cit\u00e9 pour lui permettre de b\u00e9n\u00e9ficier de la subvention  pr\u00e9vue par la \nconvention n\u00b0 2021-15 du 13 octobre 2021 ; \n \nCONSIDERANT que cette d\u00e9rogation est justifi\u00e9e par un motif d'int\u00e9r\u00eat g\u00e9n\u00e9ral et l'existence \nde circonstances locales et qu'elle a pour effet de favoriser l'acc\u00e8s aux aides publiques ; \n \nCONSIDERANT que cette d\u00e9rogation ne porte pas atteinte aux int\u00e9r\u00eats de la d\u00e9fense ou \u00e0 la \ns\u00e9curit\u00e9 des personnes et des biens, ni une atteinte disproportionn\u00e9e aux objectifs poursuivis par \nles dispositions auxquelles il est d\u00e9rog\u00e9 et qu'elle est compatible avec les engagements \neurop\u00e9ens et internationaux de la France ; \n \n \nIl est convenu ce qui suit : \n \n \nArticle 1er \u2013 \n \nEn application du d\u00e9cret n\u00b0 2020 -412 du 8 avril 2020, par d\u00e9rogation aux dispositions \ndes articles 13 et 14 du d\u00e9cret du 25 juin 2018 susvis\u00e9, le versement du solde de l'op\u00e9ration \nqui est achev\u00e9e au 23 juillet 2024 et dont les pi\u00e8ces ont \u00e9t\u00e9  transmises le 24 f\u00e9vrier 2025 , \ninterviendra \u00e0 notification du pr\u00e9sent avenant \u00e0 la convention n\u00b0 2021-15 du 13 octobre \n2021. \n \n \nArticle 2 \u2013  \n \n Les autres dispositions de la convention n\u00b0 2021-15 du 13 octobre 2021  susvis\u00e9e           \ndemeurent inchang\u00e9es. \n \n \nArticle 3 \u2013 \n \nLe pr\u00e9sent avenant est rendu ex\u00e9cutoire \u00e0 compter de la date de la signature des \nparties.  \n \n \nFait \u00e0 Paris, en 2 exemplaires, le 11 juillet 2025 \n \n \nLa pr\u00e9sidente de la Communaut\u00e9 \nde communes Vexin Centre \n \n \nsign\u00e9 \n \n \nNadine NINOT \n \nLe pr\u00e9fet de la r\u00e9gion d'Ile-de-France, \npr\u00e9fet de Paris \n \n \nsign\u00e9 \n \n \nMarc GUILLAUME \n \nPr\u00e9fecture de la r\u00e9gion d'Ile-de-France, pr\u00e9fecture de Paris-Secr\u00e9tariat g\u00e9n\u00e9ral aux politiques publiques - IDF-2025-07-11-00011 -\nAvenant n\u00b0 1  du 11 juillet 2025  \u00e0  la convention n\u00b0 2021-15 du 13 octobre 2021\nattributive de subvention au titre du Fonds national d'am\u00e9nagement et de d\u00e9veloppement du territoire (FNADT) prorogeant le d\u00e9lai\nd'ach\u00e8vement de l'\u00e9tude portant sur l'\u00e9laboration d'une strat\u00e9gie de d\u00e9veloppement \u00e9conomique, commercial et touristique \u00e0\nl'\u00e9chelle de la communaut\u00e9 de communes Vexin centre (d\u00e9rogatoire aux articles 13 et 14 du d\u00e9cret 2018-514 du 25 juin 2018)\n16\nPr\u00e9fecture de la r\u00e9gion d'Ile-de-France,\npr\u00e9fecture de Paris-Secr\u00e9tariat g\u00e9n\u00e9ral aux\npolitiques publiques\nIDF-2025-07-11-00012\nAvenant n\u00b0 1  du 11 juillet 2025 \u00e0 la convention n\u00b0\n2020-16 du 8 d\u00e9cembre 2020 attributive de\nsubvention au titre du Fonds national\nd'am\u00e9nagement et de d\u00e9veloppement du\nterritoire (FNADT) prorogeant le d\u00e9lai\nd'ach\u00e8vement de l'\u00e9tude permettant\nl'\u00e9laboration du diagnostic visant \u00e0 favoriser\nl'insertion socio-\u00e9conomique dans le cadre de la\nrequalification de la Butte Pinson sur le territoire\nde la CA Plaine Vall\u00e9e (d\u00e9rogation aux articles 13\net 14 du d\u00e9cret n\u00b0 2018-514 du 25 juin 2018)\nPr\u00e9fecture de la r\u00e9gion d'Ile-de-France, pr\u00e9fecture de Paris-Secr\u00e9tariat g\u00e9n\u00e9ral aux politiques publiques - IDF-2025-07-11-00012 -\nAvenant n\u00b0 1  du 11 juillet 2025 \u00e0 la convention n\u00b0 2020-16 du 8 d\u00e9cembre 2020 attributive de subvention au titre du Fonds national\nd'am\u00e9nagement et de d\u00e9veloppement du territoire (FNADT) prorogeant le d\u00e9lai d'ach\u00e8vement de l'\u00e9tude permettant l'\u00e9laboration\ndu diagnostic visant \u00e0 favoriser l'insertion socio-\u00e9conomique dans le cadre de la requalification de la Butte Pinson sur le territoire de la\nCA Plaine Vall\u00e9e (d\u00e9rogation aux articles 13 et 14 du d\u00e9cret n\u00b0 2018-514 du 25 juin 2018)\n17\n| 3PREFET |DE LA REGIOND'\u00ceLE-DE-FRANCELibert\u00e9Egalit\u00e9Fraternit\u00e9\nT\u00e9l : 01 82 52 42 92  \nM\u00e9l : christine.beau@paris-idf.gouv.fr \n5, rue Leblanc \u2013 75911 Paris Cedex 15 1 \n  \nAVENANT N\u00b0 1 \nA la convention n\u00b0 2020-16 du 8 d\u00e9cembre 2020 \nattributive de subvention au titre du Fonds national d'am\u00e9nagement et \nde d\u00e9veloppement du territoire (FNADT) \n \nN\u00b0 CHORUS : 2103195157 \n \n \nEntre : \n \nL'Etat, repr\u00e9sent\u00e9 par le Pr\u00e9fet de la r\u00e9gion d'Ile-de-France, Pr\u00e9fet de Paris, d'une part, \n \nEt \n \nLa communaut\u00e9 d'agglom\u00e9ration Plaine Vall\u00e9e, 1, rue de l'Egalit\u00e9  \u2013 CS10042 \u2013 95233 Soisy -\nsous-Montmorency cedex, repr\u00e9sent\u00e9 par son pr\u00e9sident, Monsieur Luc Strehaiano, d'autre \npart, \n \n \nVU le d\u00e9cret n\u00b0 2004-374 du 29 avril 2004 modifi\u00e9 relatif aux pouvoirs des pr\u00e9fets, \u00e0 l'organisation et \n\u00e0 l'action des services de l'Etat dans les r\u00e9gions et d\u00e9partements ; \n \nVU le d\u00e9cret n\u00b0 2018 -514 du 25 juin 2018 relatif aux subventions de l'Etat pour des projets \nd'investissement ; \n \nVU le d\u00e9cret n\u00b0 2020-412 du 8 avril 2020 relatif au droit de d\u00e9rogation reconnu au pr\u00e9fet ; \n \nVU la convention cadre du 2 3 octobre 2020  pour la mise en \u0153uvre du volet territorial du contrat de \nPlan Etat -R\u00e9gion Ile -de-France 2015 -2020 : modalit\u00e9s de soutien aux dynamiqu es territoriales \np\u00e9riurbaines, rurales et des p\u00f4les de centralit\u00e9 (aide \u00e0 l'ing\u00e9nierie) sur le territoire de la communaut\u00e9 \nd'agglom\u00e9ration (CA) Plaine Vall\u00e9e ; \n \nVU la convention FNADT n\u00b0 2020 -16 du 8 d\u00e9cembre 2020 attribu ant une subvention d'un montant \nmaximum pr\u00e9visionnel de 84  000 \u20ac \u00e0 la CA Plaine Vall\u00e9e  afin de conduire l'\u00e9tude permettant \nl'\u00e9laboration du diagnostic visant \u00e0 favoriser l'insertion socio -\u00e9conomique dans le cadre de la \nrequalification de la Butte Pinson ; \n \nVU l'attestation sign\u00e9e du pr\u00e9side nt de la CA Plaine Vall\u00e9e certifiant d'un d\u00e9but d'ex\u00e9cution de \nl'op\u00e9ration financ\u00e9e au 16 d\u00e9cembre 2021 ; \n \nVU l'avance vers\u00e9e \u00e0 notification de la convention FNADT n\u00b0 2020 -16 du 8 d\u00e9cembre 2020 \u00e0 hauteur \nde 42 000 \u20ac ; \n \nVU le courrier du pr\u00e9sident de la communaut\u00e9 d'agglom\u00e9ration en date du 19 d\u00e9cembre 2023  \nsollicitant une prorogation du d\u00e9lai d'ach\u00e8vement de l'op\u00e9ration au 31 d\u00e9cembre 2025 ; \n \nCONSIDERANT que la communaut\u00e9 d'agglom\u00e9ration Plaine Vall\u00e9e n'a pas pu achever les  travaux \npr\u00e9vus \u00e0 la date du 31 janvier 2023  selon le calendrier pr\u00e9visionnel mentionn\u00e9 \u00e0 l'article 2 de la \nconvention susvis\u00e9e, eu \u00e9gard aux difficult\u00e9s rencontr\u00e9es d'ordre sociologique ;  \n \nCONSIDERANT qu'il est n\u00e9cessaire de d\u00e9roger aux articles 13 et 14 du d\u00e9cret du 25 juin 2018 pr\u00e9cit\u00e9 \npour permettre \u00e0 la communaut\u00e9 d'agglom\u00e9ration Plaine Vall\u00e9e de b\u00e9n\u00e9ficier de la subvention pr\u00e9vue \ndans la d\u00e9cision attributive ; \n \nCONSIDERANT que cette d\u00e9rogation est justifi\u00e9e par un motif d'int\u00e9r\u00eat g\u00e9n\u00e9ral et l'existen ce de \ncirconstances locales et qu'elle a pour effet de favoriser l'acc\u00e8s aux aides publiques ; \n     Secr\u00e9tariat g\u00e9n\u00e9ral aux politiques publiques \nBureau de la coordination et de l'investissement territorial \nSection de l'investissement territorial \n \nPr\u00e9fecture de la r\u00e9gion d'Ile-de-France, pr\u00e9fecture de Paris-Secr\u00e9tariat g\u00e9n\u00e9ral aux politiques publiques - IDF-2025-07-11-00012 -\nAvenant n\u00b0 1  du 11 juillet 2025 \u00e0 la convention n\u00b0 2020-16 du 8 d\u00e9cembre 2020 attributive de subvention au titre du Fonds national\nd'am\u00e9nagement et de d\u00e9veloppement du territoire (FNADT) prorogeant le d\u00e9lai d'ach\u00e8vement de l'\u00e9tude permettant l'\u00e9laboration\ndu diagnostic visant \u00e0 favoriser l'insertion socio-\u00e9conomique dans le cadre de la requalification de la Butte Pinson sur le territoire de la\nCA Plaine Vall\u00e9e (d\u00e9rogation aux articles 13 et 14 du d\u00e9cret n\u00b0 2018-514 du 25 juin 2018)\n18\nT\u00e9l : 01 82 52 42 92  \nM\u00e9l : christine.beau@paris-idf.gouv.fr \n5, rue Leblanc \u2013 75911 Paris Cedex 15 2 \n \n \nCONSIDERANT que cette d\u00e9rogation ne porte pas atteinte aux int\u00e9r\u00eats de la d\u00e9fense ou \u00e0 la s\u00e9curit\u00e9 \ndes personnes et des biens, ni une atteinte disproportionn\u00e9e  aux objectifs poursuivis par les \ndispositions auxquelles il est d\u00e9rog\u00e9 et qu'elle est compatible avec les engagements europ\u00e9ens et \ninternationaux de la France ; \n \n \nIl est convenu ce qui suit : \n \n \nArticle 1er \u2013 \n \nEn application du d\u00e9cret n\u00b0 2020 -412 du 8 avril 2020, par d\u00e9rogation aux dispositions des articles \n13 et 14 du d\u00e9cret du 25 juin 2018 susvis\u00e9, les dispositions du 1 er alin\u00e9a de l'article 2 de la convention \nn\u00b0 2020-16 du 8 d\u00e9cembre 2020 susvis\u00e9e, sont remplac\u00e9es par les dispositions suivantes : \n \n\u00ab L'op\u00e9ration qui a d\u00e9marr\u00e9 le 16 d\u00e9cembre 2021  devra s'achever au plus tard le 31 d\u00e9cembre  \n2025. \u00bb \n \n \nArticle 2 \u2013  \n \nEn application du d\u00e9cret n\u00b0 2020 -412 du 8 avril 2020, par d\u00e9rogation aux dispositions des articles \n13 et 14 du d\u00e9cret du 25 juin 2018 susvis\u00e9,  les dispositions de l'article 4 de la convention  n\u00b0 2020-16 \ndu 8 d\u00e9cembre 2020 susvis\u00e9e, sont remplac\u00e9es par les dispositions suivantes : \n \n\u00ab Dans un d\u00e9lai de 12 mois \u00e0 compter de la date pr\u00e9visionnelle d'ach\u00e8vement de l'op\u00e9ration \nmentionn\u00e9e dans la d\u00e9cisi on attributive \u00e9ventuellement modifi\u00e9e, soit au plus tard le 31 d\u00e9cembre  \n2026, le b\u00e9n\u00e9ficiaire adresse au pr\u00e9fet de la r\u00e9gion d'Ile -de-France, pr\u00e9fet de Paris une d\u00e9claration \nd'ach\u00e8vement de l'op\u00e9ration respectant le calendrier de fin d'op\u00e9ration fix\u00e9 dans  la d\u00e9cision attributive \n\u00e9ventuellement modifi\u00e9e (au cas d'esp\u00e8ce au 31 d\u00e9cembre 2025), accompagn\u00e9e d'un d\u00e9compte final \ndes d\u00e9penses r\u00e9ellement effectu\u00e9es et la liste des aides publiques per\u00e7ues et leur montant respectif.  \n \nEn l'absence de r\u00e9ception de ces documents par l'autorit\u00e9 comp\u00e9tente au terme de cette p\u00e9riode de \n12 mois, aucun paiement ne pourra intervenir au profit du b\u00e9n\u00e9ficiaire. \u00bb \n \n \nArticle 3 \u2013  \n \n Les autres dispositions de la convention susvis\u00e9e demeurent inchang\u00e9es. \n \n \nArticle 4 \u2013 \n \n La pr\u00e9f\u00e8te, secr\u00e9taire g\u00e9n\u00e9rale aux politiques publiques de la pr\u00e9fecture de la r\u00e9gion d'\u00cele -de-\nFrance, pr\u00e9fecture de Paris et le directeur r\u00e9gional des finances publiques d'\u00cele -de-France et de Paris \nsont charg\u00e9s, chacun en ce qui le concerne, de l'ex\u00e9cution du pr\u00e9sent avenant.  \n \nFait \u00e0 Paris, en 2 exemplaires, le 11 juillet 2025 \n \n \nLe pr\u00e9sident de la communaut\u00e9 \nd'agglom\u00e9ration Plaine Vall\u00e9e \n \n \n \nsign\u00e9 \n \n \n \nLuc STREHAIANO \nLe pr\u00e9fet de la r\u00e9gion d'Ile-de-France, \npr\u00e9fet de Paris \n \n \n \nsign\u00e9 \n \n \n \nMarc GUILLAUME \nPr\u00e9fecture de la r\u00e9gion d'Ile-de-France, pr\u00e9fecture de Paris-Secr\u00e9tariat g\u00e9n\u00e9ral aux politiques publiques - IDF-2025-07-11-00012 -\nAvenant n\u00b0 1  du 11 juillet 2025 \u00e0 la convention n\u00b0 2020-16 du 8 d\u00e9cembre 2020 attributive de subvention au titre du Fonds national\nd'am\u00e9nagement et de d\u00e9veloppement du territoire (FNADT) prorogeant le d\u00e9lai d'ach\u00e8vement de l'\u00e9tude permettant l'\u00e9laboration\ndu diagnostic visant \u00e0 favoriser l'insertion socio-\u00e9conomique dans le cadre de la requalification de la Butte Pinson sur le territoire de la\nCA Plaine Vall\u00e9e (d\u00e9rogation aux articles 13 et 14 du d\u00e9cret n\u00b0 2018-514 du 25 juin 2018)\n19\nT\u00e9l : 01 82 52 42 92  \nM\u00e9l : christine.beau@paris-idf.gouv.fr \n5, rue Leblanc \u2013 75911 Paris Cedex 15 3 \n \nPr\u00e9fecture de la r\u00e9gion d'Ile-de-France, pr\u00e9fecture de Paris-Secr\u00e9tariat g\u00e9n\u00e9ral aux politiques publiques - IDF-2025-07-11-00012 -\nAvenant n\u00b0 1  du 11 juillet 2025 \u00e0 la convention n\u00b0 2020-16 du 8 d\u00e9cembre 2020 attributive de subvention au titre du Fonds national\nd'am\u00e9nagement et de d\u00e9veloppement du territoire (FNADT) prorogeant le d\u00e9lai d'ach\u00e8vement de l'\u00e9tude permettant l'\u00e9laboration\ndu diagnostic visant \u00e0 favoriser l'insertion socio-\u00e9conomique dans le cadre de la requalification de la Butte Pinson sur le territoire de la\nCA Plaine Vall\u00e9e (d\u00e9rogation aux articles 13 et 14 du d\u00e9cret n\u00b0 2018-514 du 25 juin 2018)\n20\nPr\u00e9fecture de la r\u00e9gion d'Ile-de-France,\npr\u00e9fecture de Paris-Secr\u00e9tariat g\u00e9n\u00e9ral aux\npolitiques publiques\nIDF-2025-07-28-00010\nAvenant n\u00b0 1  du 28 juillet 2025 \u00e0 la convention\nn\u00b0 2022-37 du 16 novembre 2022 attributive de\nsubvention au titre du Fonds national\nd'am\u00e9nagement et de d\u00e9veloppement du\nterritoire (FNADT) prorogeant le d\u00e9lai\nd'ach\u00e8vement de l'\u00e9tude pr\u00e9liminaire \u00e0 la\nr\u00e9alisation d'un sch\u00e9ma directeur territorial des\n\u00e9nergies sur le territoire de la CA de Cergy\nPontoise (d\u00e9rogation aux articles 13 et 14 du\nd\u00e9cret n\u00b0 2018-514 du 25 juin 2018)\nPr\u00e9fecture de la r\u00e9gion d'Ile-de-France, pr\u00e9fecture de Paris-Secr\u00e9tariat g\u00e9n\u00e9ral aux politiques publiques - IDF-2025-07-28-00010 -\nAvenant n\u00b0 1  du 28 juillet 2025 \u00e0 la convention n\u00b0 2022-37 du 16 novembre 2022 attributive de subvention au titre du Fonds national\nd'am\u00e9nagement et de d\u00e9veloppement du territoire (FNADT) prorogeant le d\u00e9lai d'ach\u00e8vement de l'\u00e9tude pr\u00e9liminaire \u00e0 la r\u00e9alisation\nd'un sch\u00e9ma directeur territorial des \u00e9nergies sur le territoire de la CA de Cergy Pontoise (d\u00e9rogation aux articles 13 et 14 du d\u00e9cret n\u00b0\n2018-514 du 25 juin 2018)\n21\n| 3PREFET |DE LA REGIOND'\u00ceLE-DE-FRANCELibert\u00e9Egalit\u00e9Fraternit\u00e9\nT\u00e9l : 01 82 52 42 92  \nM\u00e9l : christine.beau@paris-idf.gouv.fr \n5, rue Leblanc \u2013 75911 Paris Cedex 15 1 \n  \n \nAVENANT N\u00b0 1 \nA la convention n\u00b0 2022-37 du 16 novembre 2022 \nattributive de subvention au titre du Fonds national d'am\u00e9nagement et \nde d\u00e9veloppement du territoire (FNADT) \n \nN\u00b0 CHORUS : 2103884149 \n \n \nEntre : \n \nL'Etat, repr\u00e9sent\u00e9 par le Pr\u00e9fet de la r\u00e9gion d'Ile-de-France, Pr\u00e9fet de Paris, d'une part, \n \nEt \n \nLa Communaut\u00e9 d'agglom\u00e9ration de Cergy Pontoise  (Siret : 249 500 109 00015) \u2013 H\u00f4tel \nd'agglom\u00e9ration \u2013 Parvis de la Pr\u00e9fecture \u2013 BP 80309 \u2013 95027 Cergy -Pontoise cedex , \nrepr\u00e9sent\u00e9e par son pr\u00e9sident, M. Jean-Paul JEANDON, d'autre part, \n \n \n \nVU le d\u00e9cret n\u00b0 2004-374 du 29 avril 2004 modifi\u00e9 relatif aux pouvoirs des pr\u00e9fets, \u00e0 l'organisation et \n\u00e0 l'action des services de l'Etat dans les r\u00e9gions et d\u00e9partements ; \n \nVU le d\u00e9cret n\u00b0 2018 -514 du 25 juin 2018 relatif aux subventions de l'Eta t pour des projets \nd'investissement ; \n \nVU le d\u00e9cret n\u00b0 2020-412 du 8 avril 2020 relatif au droit de d\u00e9rogation reconnu au pr\u00e9fet ; \n \nVU la convention cadre du 2 septembre 2019 pour la mise en \u0153uvre du volet territorial du contrat de \nPlan Etat -R\u00e9gion Ile -de-France 2015 -2020 : modalit\u00e9s de soutien aux dynamiques territoriales \np\u00e9riurbaines, rurales et des p\u00f4les de centralit\u00e9 (aide \u00e0 l'ing\u00e9nierie) sur le territoire de la communaut\u00e9 \nd'agglom\u00e9ration (CA) de Cergy Pontoise ; \n \nVU la convention FNADT n\u00b0 2022 -37 du 16  novembre 2022 attribu ant une subvention d 'un montant \nmaximum pr\u00e9visionnel d e 18 000 \u20ac \u00e0 la CA de Cergy Pontoise afin de conduire l'\u00e9tude pr\u00e9liminaire \u00e0 \nla r\u00e9alisation d'un sch\u00e9ma directeur territorial des \u00e9nergies, conform\u00e9ment \u00e0 la convention cadre du 2 \nseptembre 2019 ; \n \nVU le comit\u00e9 de lancement qui s'est tenu le 11 octobre 2023 attestant d'un d\u00e9but d'ex\u00e9cution de \nl'op\u00e9ration financ\u00e9e ; \n \nVU le courrier du pr\u00e9sident de la communaut\u00e9 d'agglom\u00e9ration en date du 22 novembre 2024  \nsollicitant une prorogation du d\u00e9lai d'ach\u00e8vement de l'op\u00e9ration au 30 juin 2025  ; \n \nCONSIDERANT que la communaut\u00e9 d'agglom\u00e9ration Cergy Pontoise  n'a pas pu achever les travaux \npr\u00e9vus \u00e0 la date du 30 septembre 2023 selon le calendrier pr\u00e9visionnel mentionn\u00e9 \u00e0 l'article 2 de la \nconvention susvis\u00e9e, eu \u00e9gard au retard pris dans le calendrier des livrables ;  \n \nCONSIDERANT qu'il est n\u00e9cessaire de d\u00e9roger aux articles 13 et 14 du d\u00e9cret du 25 juin 2018 pr\u00e9cit\u00e9 \npour permettre \u00e0 la communaut\u00e9 d'agglom\u00e9ration Cergy Pontoise  de b\u00e9n\u00e9ficier de la subvention \npr\u00e9vue dans la d\u00e9cision attributive ; \n \nCONSIDERANT que cette d\u00e9rogation est justifi\u00e9e par un motif d'int \u00e9r\u00eat g\u00e9n\u00e9ral et l'existence de \ncirconstances locales et qu'elle a pour effet de favoriser l'acc\u00e8s aux aides publiques ; \n \n     Secr\u00e9tariat g\u00e9n\u00e9ral aux politiques publiques \nBureau de la coordination et de l'investissement territorial \nSection de l'investissement territorial \n \nPr\u00e9fecture de la r\u00e9gion d'Ile-de-France, pr\u00e9fecture de Paris-Secr\u00e9tariat g\u00e9n\u00e9ral aux politiques publiques - IDF-2025-07-28-00010 -\nAvenant n\u00b0 1  du 28 juillet 2025 \u00e0 la convention n\u00b0 2022-37 du 16 novembre 2022 attributive de subvention au titre du Fonds national\nd'am\u00e9nagement et de d\u00e9veloppement du territoire (FNADT) prorogeant le d\u00e9lai d'ach\u00e8vement de l'\u00e9tude pr\u00e9liminaire \u00e0 la r\u00e9alisation\nd'un sch\u00e9ma directeur territorial des \u00e9nergies sur le territoire de la CA de Cergy Pontoise (d\u00e9rogation aux articles 13 et 14 du d\u00e9cret n\u00b0\n2018-514 du 25 juin 2018)\n22\nT\u00e9l : 01 82 52 42 92  \nM\u00e9l : christine.beau@paris-idf.gouv.fr \n5, rue Leblanc \u2013 75911 Paris Cedex 15 2 \n \n \nCONSIDERANT que cette d\u00e9rogation ne porte pas atteinte aux int\u00e9r\u00eats de la d\u00e9fense ou \u00e0 la s\u00e9curit\u00e9 \ndes personnes et des biens, ni une  atteinte disproportionn\u00e9e aux objectifs poursuivis par les \ndispositions auxquelles il est d\u00e9rog\u00e9 et qu'elle est compatible avec les engagements europ\u00e9ens et \ninternationaux de la France ; \n \n \nIl est convenu ce qui suit : \n \n \nArticle 1er \u2013 \n \nEn application du d\u00e9cret n\u00b0 2020-412 du 8 avril 2020, par d\u00e9rogation aux dispositions des articles \n13 et 14 du d\u00e9cret du 25 juin 2018 susvis\u00e9, les dispositions du 1 er alin\u00e9a de l'article 2 de la convention \nn\u00b0 2022-37 du 16 novembre 2022 susvis\u00e9e, sont remplac\u00e9es par les dispositions suivantes : \n \n\u00ab L'op\u00e9ration qui a d\u00e9marr\u00e9 le 11 octobre 2023 devra s'achever au plus tard le 30 juin 2025. \u00bb \n \n \nArticle 2 \u2013  \n \nEn application du d\u00e9cret n\u00b0 2020 -412 du 8 avril 2020, par d\u00e9rogation aux dispositions des articles \n13 et 14 du d\u00e9cret du 2 5 juin 2018 susvis\u00e9, les dispositions de l'article 4 de la convention n\u00b0 2022 -37 \ndu 16 novembre 2022  susvis\u00e9e, sont remplac\u00e9es par les dispositions suivantes :  \n \n\u00ab Dans un d\u00e9lai de 12 mois \u00e0 compter de la date pr\u00e9visionnelle d'ach\u00e8vement de l'op\u00e9ration \nmentionn\u00e9e dans la d\u00e9cision attributive \u00e9ventuellement modifi\u00e9e, soit au plus tard le 30 juin 2026, le \nb\u00e9n\u00e9ficiaire adresse au pr\u00e9fet de la r\u00e9gion d'Ile -de-France, pr\u00e9fet de Paris une d\u00e9claration \nd'ach\u00e8vement de l'op\u00e9ration respectant le calendrier de fin d'o p\u00e9ration fix\u00e9 dans la d\u00e9cision attributive \n\u00e9ventuellement modifi\u00e9e (au cas d'esp\u00e8ce au 30 juin 2025) , accompagn\u00e9e d'un d\u00e9compte final des \nd\u00e9penses r\u00e9ellement effectu\u00e9es et la liste des aides publiques per\u00e7ues et leur montant respectif.  \n \nEn l'absence de r\u00e9c eption de ces documents par l'autorit\u00e9 comp\u00e9tente au terme de cette p\u00e9riode de \n12 mois, aucun paiement ne pourra intervenir au profit du b\u00e9n\u00e9ficiaire. \u00bb \n \n \nArticle 3 \u2013  \n \n Les autres dispositions de la convention susvis\u00e9e demeurent inchang\u00e9es. \n \n \nArticle 4 \u2013 \n \n La pr\u00e9f\u00e8te, secr\u00e9taire g\u00e9n\u00e9rale aux politiques publiques de la pr\u00e9fecture de la r\u00e9gion d'\u00cele -de-\nFrance, pr\u00e9fecture de Paris et le directeur r\u00e9gional des finances publiques d'\u00cele -de-France et de Paris \nsont charg\u00e9s, chacun en ce qui le concerne, de l'ex\u00e9cution du pr\u00e9sent avenant.  \n \n \nFait \u00e0 Paris, en 2 exemplaires, le 28 juillet 2025 \n \n \n \nLe pr\u00e9sident de la communaut\u00e9 \nd'agglom\u00e9ration de Cergy Pontoise \n \n \nsign\u00e9 \n \n \n \n \nJean-Paul JEANDON \n \n \nLe pr\u00e9fet de la r\u00e9gion d'Ile-de-France, \npr\u00e9fet de Paris \n \n \nsign\u00e9 \n \n \n \n \nMarc GUILLAUME \n \nPr\u00e9fecture de la r\u00e9gion d'Ile-de-France, pr\u00e9fecture de Paris-Secr\u00e9tariat g\u00e9n\u00e9ral aux politiques publiques - IDF-2025-07-28-00010 -\nAvenant n\u00b0 1  du 28 juillet 2025 \u00e0 la convention n\u00b0 2022-37 du 16 novembre 2022 attributive de subvention au titre du Fonds national\nd'am\u00e9nagement et de d\u00e9veloppement du territoire (FNADT) prorogeant le d\u00e9lai d'ach\u00e8vement de l'\u00e9tude pr\u00e9liminaire \u00e0 la r\u00e9alisation\nd'un sch\u00e9ma directeur territorial des \u00e9nergies sur le territoire de la CA de Cergy Pontoise (d\u00e9rogation aux articles 13 et 14 du d\u00e9cret n\u00b0\n2018-514 du 25 juin 2018)\n23\nPr\u00e9fecture de la r\u00e9gion d'Ile-de-France,\npr\u00e9fecture de Paris-Secr\u00e9tariat g\u00e9n\u00e9ral aux\npolitiques publiques\nIDF-2025-07-11-00013\nAvenant n\u00b0 1 du 11 juillet 2025 \u00e0 la convention n\u00b0\n2023-36 du 1er ao\u00fbt 2023 attributive de\nsubvention au titre du Fonds national\nd'am\u00e9nagement et de d\u00e9veloppement du\nterritoire (FNADT) prorogeant le d\u00e9lai\nd'ach\u00e8vemet de la r\u00e9alisation de l'\u00e9valuation\nstrat\u00e9gique et environnementale n\u00e9cessaire \u00e0\nl'\u00e9laboration du volet mobilit\u00e9 2023-2027 du\nCPER (d\u00e9rogation aux articles 13 et 14 du d\u00e9cret\nn\u00b0 2018-514 du 25 juin 2018)\nPr\u00e9fecture de la r\u00e9gion d'Ile-de-France, pr\u00e9fecture de Paris-Secr\u00e9tariat g\u00e9n\u00e9ral aux politiques publiques - IDF-2025-07-11-00013 -\nAvenant n\u00b0 1 du 11 juillet 2025 \u00e0 la convention n\u00b0 2023-36 du 1er ao\u00fbt 2023 attributive de subvention au titre du Fonds national\nd'am\u00e9nagement et de d\u00e9veloppement du territoire (FNADT) prorogeant le d\u00e9lai d'ach\u00e8vemet de la r\u00e9alisation de l'\u00e9valuation\nstrat\u00e9gique et environnementale n\u00e9cessaire \u00e0 l'\u00e9laboration du volet mobilit\u00e9 2023-2027 du CPER (d\u00e9rogation aux articles 13 et 14 du\nd\u00e9cret n\u00b0 2018-514 du 25 juin 2018)\n24\nPREFET |DE LA REGIOND'\u00ceLE-DE-FRANCELibert\u00e9Egalit\u00e9Fraternit\u00e9\n5, rue Leblanc \u2013 75911 Paris Cedex 15 \nT\u00e9l : 01 82 52 40 00  \n Page 1 \n \n \nAVENANT N\u00b0 1 \nA la convention n\u00b0 2023-36 du 1er ao\u00fbt 2023 \nattributive de subvention au titre du Fonds national d'am\u00e9nagement et de \nd\u00e9veloppement du territoire (FNADT) \n \nEntre : \n \nL'Etat, repr\u00e9sent\u00e9 par le Pr\u00e9fet de la r\u00e9gion d'Ile-de-France, Pr\u00e9fet de Paris, d'une part, \n \nEt \n \nL'Institut d'Am\u00e9nagement et d'Urbanisme de la R\u00e9gion d'Ile -de-France, d\u00e9sign\u00e9 ci -\napr\u00e8s par le nom d'usage l'Instit ut Paris R\u00e9gion (IPR), ayant comme  adresse postale \nCampus Pleyad \u2013 Pleyad 4 , 66-68 rue Pleyel 93200 Saint -Denis (Siret : 849  810 155 \n00028), repr\u00e9sent\u00e9 par Monsieur Nicolas BAUQUET, son di recteur g\u00e9n\u00e9ral, d'autre \npart, \n \n \nVU la loi n\u00b0 95 -115 du 4 f\u00e9vrier 1995 d'orientation pour l'am\u00e9nagement et le d\u00e9veloppement du \nterritoire portant cr\u00e9ation du Fonds national d'am\u00e9nagement et de d\u00e9veloppement du territoire, \nmodifi\u00e9e par la loi n\u00b099-553 du 25 juin 1999 ; \n \nVU la loi n\u00b0 2025-127 du 14 f\u00e9vrier 2025 de finances pour 2025 ; \n \nVU le d\u00e9cret n\u00b0 2004 -374 du 29 avril 2004 modifi\u00e9 relatif aux pouvoirs des pr\u00e9fets, \u00e0 \nl'organisation et \u00e0 l'action des services de l'\u00c9tat dans les r\u00e9gions et d\u00e9partements ; \n \nVU le d\u00e9cret n\u00b0 2012 -1246 du 7 novembre 2012 relatif \u00e0 la gestion budg\u00e9taire et comptable \npublique ; \n \nVU le d\u00e9cret n\u00b0 2018 -514 du 25 juin 2018 relatif aux subventions de l'Etat pour des projets \nd'investissement ; \n \nVU le d\u00e9cret n\u00b0 2020-412 du 8 avril 2020 relatif au droit de d\u00e9rogation reconnu au pr\u00e9fet ; \n \nVU la circulaire du 9 novembre 2000 du Premier ministre relative aux interventions du Fonds \nnational d'am\u00e9nagement et de d\u00e9veloppement du territoire ; \n \nVU la convention FNADT n\u00b0 2023 -36 du 1er ao\u00fbt 2023 a ccordant une subvention d'un \nmontant maximum pr\u00e9visionnel de 37 435 \u20ac \u00e0 l'Institut Paris R\u00e9gion pour la r\u00e9alisation de  \nl'\u00e9valuation strat\u00e9gique et environnementale n\u00e9cessaire \u00e0 l'\u00e9laboration du volet mobilit\u00e9 \n2023-2027 du CPER ; \n \nVU le dossier de demande de solde formul\u00e9e par l'Ins titut Paris R\u00e9gion en date du               \n16 d\u00e9cembre 2024 ;  \n \nCONSIDERANT que l'Institut Paris R\u00e9gion n'a pas pu achever les travaux pr\u00e9vus \u00e0 la date \nfix\u00e9e dans la d\u00e9cision attributive de subvention ;  \n \n     Secr\u00e9tariat g\u00e9n\u00e9ral aux politiques publiques \nBureau de la coordination et de l'investissement territorial \nSection de l'investissement territorial \n \nPr\u00e9fecture de la r\u00e9gion d'Ile-de-France, pr\u00e9fecture de Paris-Secr\u00e9tariat g\u00e9n\u00e9ral aux politiques publiques - IDF-2025-07-11-00013 -\nAvenant n\u00b0 1 du 11 juillet 2025 \u00e0 la convention n\u00b0 2023-36 du 1er ao\u00fbt 2023 attributive de subvention au titre du Fonds national\nd'am\u00e9nagement et de d\u00e9veloppement du territoire (FNADT) prorogeant le d\u00e9lai d'ach\u00e8vemet de la r\u00e9alisation de l'\u00e9valuation\nstrat\u00e9gique et environnementale n\u00e9cessaire \u00e0 l'\u00e9laboration du volet mobilit\u00e9 2023-2027 du CPER (d\u00e9rogation aux articles 13 et 14 du\nd\u00e9cret n\u00b0 2018-514 du 25 juin 2018)\n25\n5, rue Leblanc \u2013 75911 Paris Cedex 15 \nT\u00e9l : 01 82 52 40 00  \n Page 2 \n \n \nCONSIDERANT qu'il est n\u00e9cessaire de d\u00e9roger aux articles 13 et 14 du d\u00e9cret du               \n25 juin 2018 pr\u00e9cit\u00e9 pour lui permettre de b\u00e9n\u00e9ficier de la subvention pr\u00e9vue par la conve n-\ntion n\u00b0 2023-36 du 1er ao\u00fbt 2023 ; \n \nCONSIDERANT que cette d\u00e9rogation est justifi\u00e9e par un motif d'int\u00e9r\u00eat g\u00e9n\u00e9ral et l'existence \nde circonstances locales et qu'elle a pour effet de favoriser l'acc\u00e8s aux aides publiques ; \n \nCONSIDERANT que cette d\u00e9rogation ne porte pas atteinte aux int\u00e9r\u00eats de la d\u00e9fense ou \u00e0 la \ns\u00e9curit\u00e9 des personnes et des biens, ni une atteinte disproportionn\u00e9e aux objectifs poursuivis par \nles dispositions auxquelles il est d\u00e9rog\u00e9 et qu'elle est compatible avec les engagements \neurop\u00e9ens et internationaux de la France ; \n \n \nIl est convenu ce qui suit : \n \n \nArticle 1er \u2013 \n \nEn application du d\u00e9cret n\u00b0 2020 -412 du 8 avril 2020, par d\u00e9rogation aux dispositions \ndes articles 13 et 14 du d\u00e9cret du 25 juin 2018 susvis\u00e9, le versement du solde de l'op\u00e9ration \nqui est achev\u00e9e au 10 d\u00e9cembre 2024 et dont les pi\u00e8ces ont \u00e9t\u00e9 transmises le  16 d\u00e9cembre \n2024, interviendra \u00e0 notification du pr\u00e9sent avenant. \n \n \nArticle 2 \u2013  \n \n Les autres d ispositions de la convention n\u00b0 2023 -36 du 1 er ao\u00fbt 2023 susvis\u00e9e           \ndemeurent inchang\u00e9es. \n \n \nArticle 3 \u2013 \n \nLe pr\u00e9sent avenant est rendu ex\u00e9cutoire \u00e0 compter de la date de la signature des \nparties.  \n \n \nFait \u00e0 Paris, en 2 exemplaires, le 11 juillet 2025 \n \n \n \nLe directeur g\u00e9n\u00e9ral de l'Institut \nParis R\u00e9gion \n \n \n \nsign\u00e9 \n \n \n \nNicolas BAUQUET \nLe pr\u00e9fet de la r\u00e9gion d'Ile-de-France, \npr\u00e9fet de Paris \n \n \n \nsign\u00e9 \n \n \n \nMarc GUILLAUME \n \nPr\u00e9fecture de la r\u00e9gion d'Ile-de-France, pr\u00e9fecture de Paris-Secr\u00e9tariat g\u00e9n\u00e9ral aux politiques publiques - IDF-2025-07-11-00013 -\nAvenant n\u00b0 1 du 11 juillet 2025 \u00e0 la convention n\u00b0 2023-36 du 1er ao\u00fbt 2023 attributive de subvention au titre du Fonds national\nd'am\u00e9nagement et de d\u00e9veloppement du territoire (FNADT) prorogeant le d\u00e9lai d'ach\u00e8vemet de la r\u00e9alisation de l'\u00e9valuation\nstrat\u00e9gique et environnementale n\u00e9cessaire \u00e0 l'\u00e9laboration du volet mobilit\u00e9 2023-2027 du CPER (d\u00e9rogation aux articles 13 et 14 du\nd\u00e9cret n\u00b0 2018-514 du 25 juin 2018)\n26\nPr\u00e9fecture de la r\u00e9gion d'Ile-de-France,\npr\u00e9fecture de Paris-Secr\u00e9tariat g\u00e9n\u00e9ral aux\npolitiques publiques\nIDF-2025-08-06-00006\nArr\u00eat\u00e9 interpr\u00e9fectoral portant modification des\nstatuts du Syndicat des eaux d'\u00cele-de-France\n(SEDIF).\nPr\u00e9fecture de la r\u00e9gion d'Ile-de-France, pr\u00e9fecture de Paris-Secr\u00e9tariat g\u00e9n\u00e9ral aux politiques publiques - IDF-2025-08-06-00006 -\nArr\u00eat\u00e9 interpr\u00e9fectoral portant modification des statuts du Syndicat des eaux d'\u00cele-de-France (SEDIF). 27\n \n \n \n \nSecr\u00e9tariat g\u00e9n\u00e9ral aux politiques publiques \nDirection des affaires juridiques  \n \n \n \nARR\u00caT\u00c9 INTERPR\u00c9FECTORAL \nportant modification des statuts du Syndicat des eaux d'\u00cele-de-France (SEDIF)  \n \n \nLE PR\u00c9FET DE LA R\u00c9GION D'\u00ceLE-DE-FRANCE \nPR\u00c9FET DE PARIS, \nCommandeur de la L\u00e9gion d'Honneur \nOfficier de l'Ordre National du M\u00e9rite \n \nLE PR\u00c9FET DE SEINE-ET-MARNE, \nChevalier de la L\u00e9gion d'Honneur \nOfficier de l'Ordre National du M\u00e9rite \n \nLE PR\u00c9FET DES YVELINES, \nChevalier de la L\u00e9gion d'Honneur \nChevalier de l'Ordre National du M\u00e9rite \n \nLA PR\u00c9F\u00c8TE DE L'ESSONNE, \n        \nLE PR\u00c9FET DES HAUTS-DE-SEINE, \n \nLE PR\u00c9FET DE LA SEINE-SAINT-DENIS, \nChevalier de la L\u00e9gion d'Honneur \n       Chevalier de l'Ordre National du M\u00e9rite \n \nLE PR\u00c9FET DU VAL-DE-MARNE,  \n \nLE PR\u00c9FET DU VAL-D'OISE, \nChevalier de la L\u00e9gion d'honneur \nChevalier de l'Ordre National du M\u00e9rite \n \n \nVu  le code g\u00e9n\u00e9ral des collectivit\u00e9s territoriales (C GCT), notamment ses articles L. 2224-32, L. 5211-20  et L. \n5711-1 ; \n \nVu  le d\u00e9cret n\u00b0 2015-1665 du 11 d\u00e9cembre 2015 relatif  \u00e0 la m\u00e9tropole du Grand Paris et fixant le p\u00e9rim\u00e8t re de \nl'\u00e9tablissement public territorial \u00ab Grand-Orly Seine Bi\u00e8vre \u00bb dont le si\u00e8ge est \u00e0 Vitry-sur-Seine ; \n \nVu  l'arr\u00eat\u00e9 pr\u00e9fectoral modifi\u00e9 du 23 d\u00e9cembre 1922 a utorisant la cr\u00e9ation du Syndicat des Communes de l a \nBanlieue de Paris pour les eaux ; \n \nVu  l'arr\u00eat\u00e9 interpr\u00e9fectoral du 8 avril 1988 autorisa nt la modification de la d\u00e9nomination du Syndicat d es \ncommunes de la Banlieue de Paris pour les Eaux en Syndicat des Eaux d'\u00cele-de-France (\u00ab SEDIF \u00bb) ; \n \nVu  l'arr\u00eat\u00e9 interpr\u00e9fectoral n\u00b0 2002-150-1 du 30 mai 2002 autorisant les modifications statutaires trans formant le \nSEDIF en syndicat mixte ; \n \nVu  l'arr\u00eat\u00e9 interpr\u00e9fectoral n\u00b0 75-2017-09-28-005 en date du 28 septembre 2017 portant adh\u00e9sion \u00e0 compte r du \n1\ner  janvier 2018 des \u00e9tablissements publics territoria ux Grand Paris Seine Ouest, Paris Est Marne & Bois et \nVall\u00e9e Sud Grand Paris au Syndicat des eaux d'\u00cele-de-France (SEDIF) et portant consolidation de ses statuts ; \n \nVu  la d\u00e9lib\u00e9ration du 20 juin 2024 du comit\u00e9 du SEDIF  approuvant la modification de ses statuts afin d'y  int\u00e9grer \ndeux nouveaux champs d'intervention et de mettre \u00e0 jour le nombre de ses adh\u00e9rents ; \n \n \nPr\u00e9fecture de la r\u00e9gion d'Ile-de-France, pr\u00e9fecture de Paris-Secr\u00e9tariat g\u00e9n\u00e9ral aux politiques publiques - IDF-2025-08-06-00006 -\nArr\u00eat\u00e9 interpr\u00e9fectoral portant modification des statuts du Syndicat des eaux d'\u00cele-de-France (SEDIF). 28\n \n \nVu  la lettre de notification en date du 2 juillet 202 4 du pr\u00e9sident du SEDIF de la d\u00e9lib\u00e9ration pr\u00e9cit\u00e9e  aux  \ncommunes et \u00e9tablissements publics de coop\u00e9ration i ntercommunale membres par courrier recommand\u00e9 avec \navis de r\u00e9ception des 3 et 4 juillet 2024 ; \n \nVu  la d\u00e9lib\u00e9ration n\u00b0 D/2024-22 du 5 septembre 2024 d u conseil municipal de la commune de Villiers-Adam \napprouvant la modification des statuts du SEDIF ; \n \nVu  la d\u00e9lib\u00e9ration n\u00b0 DCM2024031 du 12 septembre 2024  du conseil municipal de la commune de Butry-sur-\nOise approuvant la modification des statuts du SEDIF ; \n \nVu  la d\u00e9lib\u00e9ration n\u00b0 2024-225 du 25 septembre 2024 d u conseil communautaire de la communaut\u00e9 \nd'agglom\u00e9ration Paris Saclay approuvant la modification des statuts du SEDIF ; \n \nVu  la d\u00e9lib\u00e9ration n\u00b0 2024/S05/003 du 26 septembre 20 24 du conseil de territoire de l'\u00e9tablissement publ ic \nterritorial Boucle Nord de Seine approuvant la modification des statuts du SEDIF ; \n \nVu  la d\u00e9lib\u00e9ration n\u00b0 DEL_2409007 du 26 septembre 202 4 du conseil communautaire de la communaut\u00e9 \nd'agglom\u00e9ration Paris-Vall\u00e9e de la Marne approuvant la modification des statuts du SEDIF ; \n \nVu  la d\u00e9lib\u00e9ration n\u00b0 D.2024.10.12 du 1 \ner  octobre 2024 du conseil communautaire de la commun aut\u00e9 \nd'agglom\u00e9ration Versailles Grand Parc approuvant la modification des statuts du SEDIF ; \n \nConsid\u00e9rant  que les assembl\u00e9es d\u00e9lib\u00e9rantes des communes d'Auv ers-sur-Oise, B\u00e9themont-la-For\u00eat, Chauvry, \nM\u00e9riel, M\u00e9ry-sur-Oise et Valmondois, des communaut\u00e9 s d'agglom\u00e9ration de Melun Val de Seine, Plaine Val l\u00e9e, \nRoissy Pays de France, Saint-Germain Boucles de Sei ne et Val Parisis ainsi que des \u00e9tablissements publ ics \nterritoriaux de Vall\u00e9e Sud Grand Paris, Grand Paris  Seine Ouest, Paris Ouest la D\u00e9fense, Plaine Commun e, \nParis Terres d'envol, Grand Paris Grand Est, Paris Est Marne & Bois, Grand Paris Sud Est Avenir et Gra nd Orly \nSeine Bi\u00e8vre n'ont pas rendu d'avis dans le d\u00e9lai d e trois mois ; que cette absence d'avis vaut d\u00e9cisi ons \nfavorables, en application de l'article L. 5211-20 du CGCT ; \n \nARR\u00caTENT : \n \nArticle 1\ner  : Le 1 de l'article 1 er  des statuts du SEDIF, figurant en annexe de l'arr\u00ea t\u00e9 interpr\u00e9fectoral du 28 \nseptembre 2017 susvis\u00e9 et relatif \u00e0 l'objet du synd icat mixte au titre de l'exercice par celui-ci, sur  son territoire \naux lieu et place de toutes les communes et des EPC I adh\u00e9rents, de l'administration et de la gestion d u service \npublic de l'eau potable comprenant la production et  la distribution d'eau potable, est compl\u00e9t\u00e9 par le s deux \nalin\u00e9as suivants : \n \n\u00ab - de contribuer \u00e0 des actions de lutte contre les  \u00e9missions de gaz \u00e0 effet de serre, et d'att\u00e9nuer l es \u00e9missions \ndes gaz \u00e0 effet de serre du SEDIF dans des conditio ns soutenables sur le plan \u00e9conomique \u00e0 moyen et lo ng \ntermes, \n \n- d'intervenir dans la production d'\u00e9nergies renouv elables en application du Code g\u00e9n\u00e9ral des collecti vit\u00e9s \nterritoriales sur ses emprises fonci\u00e8res. \u00bb \n \nArticle 2 : La liste des membres du SEDIF, figurant \u00e0 l'article  2 des statuts du syndicat mixte en annexe de \nl'arr\u00eat\u00e9 interpr\u00e9fectoral du 28 septembre 2017 susv is\u00e9, est remplac\u00e9e par la liste suivante, telle que  mise \u00e0 jour \npar la d\u00e9lib\u00e9ration du 20 juin 2024 susvis\u00e9e : \n \n\u00ab - 8 communes adh\u00e9rentes \u00e0 titre individuel : \n\u2022 Auvers-sur-Oise, \n\u2022 B\u00e9themont-la-For\u00eat,  \n\u2022 Butry-sur-Oise,  \n\u2022 Chauvry,  \n\u2022 M\u00e9riel,  \n\u2022 M\u00e9ry-sur-Oise, \n\u2022 Valmondois,  \n\u2022 Villiers-Adam. \n \n \n \n \n \nPr\u00e9fecture de la r\u00e9gion d'Ile-de-France, pr\u00e9fecture de Paris-Secr\u00e9tariat g\u00e9n\u00e9ral aux politiques publiques - IDF-2025-08-06-00006 -\nArr\u00eat\u00e9 interpr\u00e9fectoral portant modification des statuts du Syndicat des eaux d'\u00cele-de-France (SEDIF). 29\n \n \n- 10 \u00e9tablissements publics territoriaux membres (comprenant 74 communes) : \n\u2022 T2 - Vall\u00e9e Sud Grand Paris : Antony, Bagneux, Bou rg-la-Reine, Chatenay-Malabry, Ch\u00e2tillon, Clamart, \nFontenay-aux-Roses, Malakoff, Montrouge, Le Plessis-Robinson, Sceaux ; \n\u2022 T3 - Grand Paris Seine Ouest : Boulogne-Billancour t, Chaville, Issy-les-Moulineaux, Meudon, S\u00e8vres, \nVanves ; \n\u2022 T4 - Paris Ouest La D\u00e9fense : Levallois-Perret, Ne uilly-sur-Seine, Puteaux ; \n\u2022 T5 - Boucle Nord de Seine : Clichy-la-Garenne, Arg enteuil ; \n\u2022 T6 - Plaine Commune : Aubervilliers, La Courneuve,  Epinay-sur-Seine, L'Ile-Saint-Denis, Pierrefitte-s ur-\nSeine, Saint-Denis, Saint-Ouen, Stains, Villetaneuse ; \n\u2022 T7 - Paris Terres d'Envol : Aulnay-sous-Bois, Le B ourget, Drancy, Dugny, Sevran ; \n\u2022 T9 - Grand Paris - Grand Est : Clichy-sous-Bois, C oubron, Gagny, Gournay-sur-Marne, Livry-Gargan, \nMontfermeil, Neuilly-Plaisance, Neuilly-sur-Marne, Noisy-le-Grand, Les Pavillons-sous-Bois, Le Raincy,  \nRosny-sous-Bois, Vaujours, Villemomble ; \n\u2022 T10 - Paris-Est-Marne & Bois : Bry-sur-Marne, Cham pigny-sur-Marne, Charenton-le-Pont, Fontenay-\nsous-Bois, Joinville-le-Pont, Maisons-Alfort, Nogen t-sur-Marne, Le Perreux-sur-Marne, Saint-Mand\u00e9, \nSaint-Maur-des-Foss\u00e9s, Saint-Maurice, Villiers-sur-Marne, Vincennes ; \n\u2022 T11 - Grand Paris Sud Est Avenir : Alfortville, Ch ennevi\u00e8res-sur-Marne ; \n\u2022 T12 - Grand Orly Seine Bi\u00e8vre : Ablon-sur-Seine, A this-Mons, Juvisy-sur-Orge, Choisy-le-Roi, L'Ha\u00ff-le s-\nRoses, Rungis, Thiais, Villejuif, Villeneuve-le-Roi. \n \n- 8 communaut\u00e9s d'agglom\u00e9ration membres (comprenant 51 communes) : \n\u2022 la communaut\u00e9 d'agglom\u00e9ration Melun Val de Seine :  Seine-Port ; \n\u2022 la communaut\u00e9 d'agglom\u00e9ration Paris-Saclay : Igny,  Massy, Palaiseau, Verri\u00e8res-le-Buisson, Wissous ; \n\u2022 la communaut\u00e9 d'agglom\u00e9ration Paris Vall\u00e9e de la M arne : Brou-sur-Chantereine, Chelles, Vaires-sur-\nMarne ; \n\u2022 la communaut\u00e9 d'agglom\u00e9ration Roissy Pays de Franc e : Ecouen, Sarcelles, Villiers-le-Bel, Villeparisis ; \n\u2022 la communaut\u00e9 d'agglom\u00e9ration Val Parisis : Beauch amp, Bessancourt, Cormeilles-en-Parisis, \nEaubonne, Ermont, Franconville, Fr\u00e9pillon, Herblay,  La Frette-sur-Seine, Le Plessis-Bouchard, Montigny -\nl\u00e8s-Cormeilles, Pierrelaye, Saint-Leu-la-For\u00eat, Sannois, Taverny ; \n\u2022 la communaut\u00e9 d'agglom\u00e9ration Versailles Grand Par c : Bi\u00e8vres, Jouy-en-Josas, Les Loges-en-Josas, \nV\u00e9lizy-Villacoublay, Viroflay ; \n\u2022 la communaut\u00e9 d'agglom\u00e9ration Saint Germain Boucle s de Seine : Bezons, Houilles, Le Mesnil-le-Roi, \nSartrouville ; \n\u2022 la communaut\u00e9 d'agglom\u00e9ration Plaine Vall\u00e9e : Andi lly, Deuil-la-Barre, Domont, Enghien-les-Bains, \nGroslay, Margency, Montlignon, Montmagny, Montmoren cy, Piscop, Saint-Brice-sous-For\u00eat, Saint-\nGratien, Saint-Prix, Soisy-sous-Montmorency. \u00bb \n \nArticle 3 : La pr\u00e9f\u00e8te, secr\u00e9taire g\u00e9n\u00e9rale aux politiques publ iques de la pr\u00e9fecture de la r\u00e9gion d'\u00cele-de-France , \npr\u00e9fecture de Paris, ainsi que les secr\u00e9taires g\u00e9n\u00e9 raux des pr\u00e9fectures de Seine-et-Marne, des Yveline s, de \nl'Essonne, des Hauts-de-Seine, de la Seine-Saint-De nis, du Val-de-Marne et du Val-d'Oise sont charg\u00e9s de \nl'ex\u00e9cution du pr\u00e9sent arr\u00eat\u00e9 qui sera publi\u00e9 au recueil des actes administratifs de chacune de ces pr\u00e9fectures. \n \n \nFait \u00e0 Paris, le 6 ao\u00fbt 2025 \n \n \n \n \nLe pr\u00e9fet de la r\u00e9gion d'Ile-de-France,  \npr\u00e9fet de Paris, \n \nSign\u00e9 \n \n \nMarc GUILLAUME \n \n \n \nPr\u00e9fecture de la r\u00e9gion d'Ile-de-France, pr\u00e9fecture de Paris-Secr\u00e9tariat g\u00e9n\u00e9ral aux politiques publiques - IDF-2025-08-06-00006 -\nArr\u00eat\u00e9 interpr\u00e9fectoral portant modification des statuts du Syndicat des eaux d'\u00cele-de-France (SEDIF). 30\n \n \nLe pr\u00e9fet de Seine-et-Marne, \nLe pr\u00e9fet, \n pour le pr\u00e9fet et par d\u00e9l\u00e9gation \nle Secr\u00e9taire G\u00e9n\u00e9ral de la pr\u00e9fecture  \n \nSign\u00e9 \n \nS\u00e9bastien LIME  \n \n \n \n \n \n \n \nLe pr\u00e9fet des Yvelines, \nPour le pr\u00e9fet et par d\u00e9l\u00e9gation \nLe Secr\u00e9taire g\u00e9n\u00e9ral  \n \nSign\u00e9  \n \nVictor DEVOUGE  \n \n \n \n \n \n \nLa pr\u00e9f\u00e8te de l'Essonne, \nPour la Pr\u00e9f\u00e8te \nLe Secr\u00e9taire G\u00e9n\u00e9ral  \n \nSign\u00e9 \n \nOlivier DELCAYROU  \n \n \n \nLe pr\u00e9fet des Hauts-de-Seine, \nPour le pr\u00e9fet et par d\u00e9l\u00e9gation \nle secr\u00e9taire g\u00e9n\u00e9ral  \n \nSign\u00e9 \n \nPascal GAUCI  \n \nPr\u00e9fecture de la r\u00e9gion d'Ile-de-France, pr\u00e9fecture de Paris-Secr\u00e9tariat g\u00e9n\u00e9ral aux politiques publiques - IDF-2025-08-06-00006 -\nArr\u00eat\u00e9 interpr\u00e9fectoral portant modification des statuts du Syndicat des eaux d'\u00cele-de-France (SEDIF). 31\n \n \n \nLe pr\u00e9fet de la Seine-Saint-Denis, \n \nPour le pr\u00e9fet et par d\u00e9l\u00e9gation  \nle secr\u00e9taire g\u00e9n\u00e9ral  \n \nSign\u00e9 \n \nFr\u00e9d\u00e9ric ANTIPHON \n \n \n \n \n \n    \nLe pr\u00e9fet du Val-de-Marne, \n \nSign\u00e9 \n \n\u00c9tienne STOSKOPF \n \n \n \n \n \n \n \nLe pr\u00e9fet du Val d'Oise, \n \nPour le Pr\u00e9fet,  \nLa secr\u00e9taire g\u00e9n\u00e9rale  \n \nSign\u00e9  \n \n \nH\u00e9l\u00e8ne GIRARDOT  \n \n \n \n \n \n \n \n \n \n \n \n \n \n \n \nConform\u00e9ment \u00e0 l'article R. 421-1 du code de justic e administrative, le pr\u00e9sent arr\u00eat\u00e9 peut faire l'ob jet d'un recours \ncontentieux devant le tribunal administratif dans l e d\u00e9lai de deux mois \u00e0 compter de sa publication. L 'arr\u00eat\u00e9 peut \u00e9galement \nfaire l'objet, dans le d\u00e9lai imparti pour l'introdu ction d'un recours contentieux, d'un recours gracie ux qui interrompt le cours \ndudit d\u00e9lai. Ce d\u00e9lai courra, de nouveau, \u00e0 compter  de l'intervention de la d\u00e9cision (expresse ou impl icite) provoqu\u00e9e par le \nrecours gracieux. \nPr\u00e9fecture de la r\u00e9gion d'Ile-de-France, pr\u00e9fecture de Paris-Secr\u00e9tariat g\u00e9n\u00e9ral aux politiques publiques - IDF-2025-08-06-00006 -\nArr\u00eat\u00e9 interpr\u00e9fectoral portant modification des statuts du Syndicat des eaux d'\u00cele-de-France (SEDIF). 32\nPr\u00e9fecture de la r\u00e9gion d'Ile-de-France,\npr\u00e9fecture de Paris-Secr\u00e9tariat g\u00e9n\u00e9ral aux\npolitiques publiques\nIDF-2025-08-06-00005\nArr\u00eat\u00e9 interpr\u00e9fectoral portant retrait du\np\u00e9rim\u00e8tre du Syndicat des eaux d'\u00cele-de-France\n(SEDIF) de l'\u00e9tablissement public territorial\nGrand-Orly Seine Bi\u00e8vre pour les communes\nd'Athis-Mons et de Villejuif.\nPr\u00e9fecture de la r\u00e9gion d'Ile-de-France, pr\u00e9fecture de Paris-Secr\u00e9tariat g\u00e9n\u00e9ral aux politiques publiques - IDF-2025-08-06-00005 -\nArr\u00eat\u00e9 interpr\u00e9fectoral portant retrait du p\u00e9rim\u00e8tre du Syndicat des eaux d'\u00cele-de-France (SEDIF) de l'\u00e9tablissement public territorial\nGrand-Orly Seine Bi\u00e8vre pour les communes d'Athis-Mons et de Villejuif.\n33\n \n \n \n \nSecr\u00e9tariat g\u00e9n\u00e9ral aux politiques publiques \nDirection des affaires juridiques  \n \n \nARR\u00caT\u00c9 INTERPR\u00c9FECTORAL \nportant retrait du p\u00e9rim\u00e8tre du Syndicat des eaux d'\u00cele-de-France (SEDIF) de l'\u00e9tablissement public \nterritorial Grand-Orly Seine Bi\u00e8vre pour les communes d'Athis-Mons et de Villejuif \n \n \nLE PR\u00c9FET DE LA R\u00c9GION D'\u00ceLE-DE-FRANCE \nPR\u00c9FET DE PARIS, \nCommandeur de la L\u00e9gion d'Honneur \nOfficier de l'Ordre National du M\u00e9rite \n \nLE PR\u00c9FET DE SEINE-ET-MARNE, \nChevalier de la L\u00e9gion d'Honneur \nOfficier de l'Ordre National du M\u00e9rite \n \nLE PR\u00c9FET DES YVELINES, \nChevalier de la L\u00e9gion d'Honneur \nChevalier de l'Ordre National du M\u00e9rite \n \nLA PR\u00c9F\u00c8TE DE L'ESSONNE, \n        \nLE PR\u00c9FET DES HAUTS-DE-SEINE, \n \nLE PR\u00c9FET DE LA SEINE-SAINT-DENIS, \nChevalier de la L\u00e9gion d'Honneur \n       Chevalier de l'Ordre National du M\u00e9rite  \n \nLE PR\u00c9FET DU VAL-DE-MARNE,  \n      \nLE PR\u00c9FET DU VAL-D'OISE, \nChevalier de la L\u00e9gion d'honneur \nChevalier de l'Ordre National du M\u00e9rite \n \nVu  le code g\u00e9n\u00e9ral des collectivit\u00e9s territoriales (C GCT), notamment ses articles L. 5211-5, L. 5211-19,               \nL. 5219-5 et L. 5711-1 ; \n \nVu  le d\u00e9cret n\u00b0 2015-1665 du 11 d\u00e9cembre 2015 relatif  \u00e0 la m\u00e9tropole du Grand Paris et fixant le p\u00e9rim\u00e8t re de \nl'\u00e9tablissement public territorial \u00ab Grand-Orly Seine Bi\u00e8vre \u00bb dont le si\u00e8ge est \u00e0 Vitry-sur-Seine ; \n \nVu  l'arr\u00eat\u00e9 pr\u00e9fectoral modifi\u00e9 du 23 d\u00e9cembre 1922 a utorisant la cr\u00e9ation du Syndicat des Communes de l a \nBanlieue de Paris pour les eaux ; \n \nVu  l'arr\u00eat\u00e9 interpr\u00e9fectoral du 8 avril 1988 autorisa nt la modification de la d\u00e9nomination du Syndicat d es \ncommunes de la Banlieue de Paris pour les Eaux en Syndicat des Eaux d'\u00cele-de-France (\u00ab SEDIF \u00bb) ; \n \nVu  l'arr\u00eat\u00e9 interpr\u00e9fectoral n\u00b0 2002-150-1 du 30 mai 2002 autorisant les modifications statutaires trans formant le \nSyndicat des Eaux d'\u00cele-de-France en syndicat mixte ; \n \nVu  l'arr\u00eat\u00e9 interpr\u00e9fectoral n\u00b0 75-2018-06-08-003 en date du 8 juin 2018 portant adh\u00e9sion au Syndicat de s eaux \nd'\u00cele-de-France (SEDIF) des \u00e9tablissements publics territoriaux Plaine Commune (T6) et Grand Orly Sein e \nBi\u00e8vre (T12) au titre de la comp\u00e9tence eau potable,  notamment pour le territoire des communes d'Athis- Mons et \nVillejuif ; \n \nVu  la d\u00e9lib\u00e9ration n\u00b0 2023-06-27_3262 du 27 juin 2023  du conseil territorial de l'\u00e9tablissement public t erritorial \nGrand-Orly Seine Bi\u00e8vre approuvant la demande de re trait de l'\u00e9tablissement du SEDIF pour le territoir e des \ncommunes d'Athis-Mons et de Villejuif ; \n \nPr\u00e9fecture de la r\u00e9gion d'Ile-de-France, pr\u00e9fecture de Paris-Secr\u00e9tariat g\u00e9n\u00e9ral aux politiques publiques - IDF-2025-08-06-00005 -\nArr\u00eat\u00e9 interpr\u00e9fectoral portant retrait du p\u00e9rim\u00e8tre du Syndicat des eaux d'\u00cele-de-France (SEDIF) de l'\u00e9tablissement public territorial\nGrand-Orly Seine Bi\u00e8vre pour les communes d'Athis-Mons et de Villejuif.\n34\n \n 2 \nVu  la d\u00e9lib\u00e9ration du 20 juin 2024 du comit\u00e9 du SEDIF  approuvant la demande de retrait de l'\u00e9tablissemen t \npublic territorial Grand-Orly Seine Bi\u00e8vre pour le territoire des communes d'Athis-Mons et de Villejuif ; \n \nVu  la lettre de notification en date du 20 ao\u00fbt 2024 du pr\u00e9sident du SEDIF de la d\u00e9lib\u00e9ration du 20 juin  2024 \npr\u00e9cit\u00e9e aux communes et \u00e9tablissements publics de coop\u00e9ration intercommunale membres par courrier \nrecommand\u00e9 avec avis de r\u00e9ception des 21, 22, 23 et 24 ao\u00fbt 2024 ; \n \nVu  la d\u00e9lib\u00e9ration n\u00b0 2024-033 du 10 septembre 2024 d u conseil municipal de la commune de Valmondois \napprouvant le retrait du SEDIF de l'EPT Grand-Orly Seine Bi\u00e8vre pour les communes d'Athis-Mons et Villejuif ; \n \nVu  la d\u00e9lib\u00e9ration n\u00b0 DCM2024030 du 12 septembre 2024  du conseil municipal de la commune de Butry sur \nOise approuvant le retrait du SEDIF de l'EPT Grand- Orly Seine Bi\u00e8vre pour les communes d'Athis-Mons et  \nVillejuif ; \n \nVu  la d\u00e9lib\u00e9ration n\u00b0 DB24.281 du 23 septembre 2024 d u conseil de territoire de l'EPT Paris Ouest la d\u00e9f ense \napprouvant le retrait du SEDIF de l'EPT Grand-Orly Seine Bi\u00e8vre pour les communes d'Athis-Mons et Villejuif ; \n \nVu  la d\u00e9lib\u00e9ration n\u00b0 2024-226 du 25 septembre 2024 d u conseil communautaire de la communaut\u00e9 \nd'agglom\u00e9ration Paris Saclay approuvant le retrait du SEDIF de l'\u00e9tablissement public territorial Gran d-Orly \nSeine Bi\u00e8vre au SEDIF pour le territoire des communes d'Athis-Mons et de Villejuif ; \n \nVu  la d\u00e9lib\u00e9ration n\u00b0 2024/035 du 26 septembre 2024 d u conseil municipal de la commune d'Auvers-sur-Oise  \napprouvant le retrait du SEDIF de l'EPT Grand-Orly Seine Bi\u00e8vre pour les communes d'Athis-Mons et Villejuif ; \n \nVu  la d\u00e9lib\u00e9ration n\u00b0 DEL_2409009 du 26 septembre 202 4 du conseil communautaire de la communaut\u00e9 \nd'agglom\u00e9ration Paris Vall\u00e9e de la Marne approuvant  le retrait du SEDIF de l'EPT Grand-Orly Seine Bi\u00e8v re pour \nles communes d'Athis-Mons et Villejuif ; \n \nVu  la d\u00e9lib\u00e9ration n\u00b0 2024/S05/001 du 26 septembre 20 24 du conseil de territoire de l'EPT Boucle Nord de  \nSeine approuvant le retrait du SEDIF de l'EPT Grand -Orly Seine Bi\u00e8vre pour les communes d'Athis-Mons e t \nVillejuif ; \n \nVu  la d\u00e9lib\u00e9ration n\u00b0 D.2024.10.12 du 1\ner  octobre 2024 du conseil communautaire de la commun aut\u00e9 \nd'agglom\u00e9ration Versailles Grand Parc approuvant le retrait du SEDIF de l'EPT Grand-Orly Seine Bi\u00e8vre pour les \ncommunes d'Athis-Mons et Villejuif ; \n \nVu  la d\u00e9lib\u00e9ration n\u00b0 D/2024-26 du 5 octobre 2024 du conseil municipal de la commune de Villiers Adam \napprouvant le retrait du SEDIF de l'EPT Grand-Orly Seine Bi\u00e8vre pour les communes d'Athis-Mons et Villejuif ; \n \nVu  la d\u00e9lib\u00e9ration n\u00b0 D_2024_123 du 7 octobre 2024 du  conseil communautaire de la communaut\u00e9 \nd'agglom\u00e9ration Val Parisis approuvant le retrait d u SEDIF de l'EPT Grand-Orly Seine Bi\u00e8vre pour les \ncommunes d'Athis-Mons et Villejuif ; \n \nVu  la d\u00e9lib\u00e9ration n\u00b0 CT2024-10-08-14 du 8 octobre 20 24 du conseil de territoire de l'EPT Grand Paris Gr and \nEst approuvant le retrait du SEDIF de l'EPT Grand-O rly Seine Bi\u00e8vre pour les communes d'Athis-Mons et \nVillejuif ; \n \nVu  la d\u00e9lib\u00e9ration n\u00b0 2024-10-09_133 du 9 octobre 202 4 du conseil communautaire de la communaut\u00e9 \nd'agglom\u00e9ration Plaine Vall\u00e9e approuvant le retrait  du SEDIF de l'EPT Grand-Orly Seine Bi\u00e8vre pour les  \ncommunes d'Athis-Mons et Villejuif ; \n \nVu  la d\u00e9lib\u00e9ration n\u00b0 2024-30 du 10 octobre 2024 du c onseil municipal de la commune de M\u00e9riel approuvant  le \nretrait du SEDIF de l'EPT Grand-Orly Seine Bi\u00e8vre pour les communes d'Athis-Mons et Villejuif ; \n \nVu  la d\u00e9lib\u00e9ration n\u00b0 033-2024 du 14 octobre 2024 du conseil municipal de la commune de Bethemont-la-for \u00eat \napprouvant le retrait du SEDIF de l'EPT Grand-Orly Seine Bi\u00e8vre pour les communes d'Athis-Mons et Villejuif ; \n \nVu  la d\u00e9lib\u00e9ration n\u00b0 DEL24-87 du 14 octobre 2024 du conseil communautaire de la communaut\u00e9 \nd'agglom\u00e9ration Saint Germain Boucles de Seine appr ouvant le retrait du SEDIF de l'EPT Grand-Orly Sein e \nBi\u00e8vre pour les communes d'Athis-Mons et Villejuif ; \n \nVu  la d\u00e9lib\u00e9ration n\u00b0 CT2024.4/068 du 14 octobre 2024  du conseil de territoire de l'EPT Grand Paris Sud est \navenir approuvant le retrait du SEDIF de l'EPT Gran d-Orly Seine Bi\u00e8vre pour les communes d'Athis-Mons et \nVillejuif ; \nPr\u00e9fecture de la r\u00e9gion d'Ile-de-France, pr\u00e9fecture de Paris-Secr\u00e9tariat g\u00e9n\u00e9ral aux politiques publiques - IDF-2025-08-06-00005 -\nArr\u00eat\u00e9 interpr\u00e9fectoral portant retrait du p\u00e9rim\u00e8tre du Syndicat des eaux d'\u00cele-de-France (SEDIF) de l'\u00e9tablissement public territorial\nGrand-Orly Seine Bi\u00e8vre pour les communes d'Athis-Mons et de Villejuif.\n35\n \n 3 \nVu  la d\u00e9lib\u00e9ration n\u00b0 2023-06-27_3262 du 15 octobre 2 024 du conseil de territoire de l'EPT Grand Orly Se ine \nBi\u00e8vre approuvant le retrait du SEDIF de l'EPT Gran d-Orly Seine Bi\u00e8vre pour les communes d'Athis-Mons et \nVillejuif ; \n \nVu  la d\u00e9lib\u00e9ration n\u00b0 CT-24/3872 du 15 octobre 2024 d u conseil de territoire de l'EPT Plaine Commune \napprouvant le retrait du SEDIF de l'EPT Grand-Orly Seine Bi\u00e8vre pour les communes d'Athis-Mons et Villejuif ; \n \nVu  la d\u00e9lib\u00e9ration n\u00b0 DC2024-171 du 15 octobre 2024 d u conseil de territoire de l'EPT Paris Est Marne et  Bois \napprouvant le retrait du SEDIF de l'EPT Grand-Orly Seine Bi\u00e8vre pour les communes d'Athis-Mons et Villejuif ; \n \nVu  la d\u00e9lib\u00e9ration n\u00b0 DB24.281 du 16 octobre 2024 du conseil communautaire de la communaut\u00e9 \nd'agglom\u00e9ration Roissy Pays de France approuvant le  retrait du SEDIF de l'EPT Grand-Orly Seine Bi\u00e8vre pour \nles communes d'Athis-Mons et Villejuif ; \n \nVu  la d\u00e9lib\u00e9ration n\u00b0 2024/235 du 17 octobre 2024 du conseil municipal de la commune de M\u00e9ry-sur-Oise \napprouvant le retrait du SEDIF de l'EPT Grand-Orly Seine Bi\u00e8vre pour les communes d'Athis-Mons et Villejuif ; \n \nVu  la d\u00e9lib\u00e9ration n\u00b0 CT2024/76 du 17 octobre 2024 du  conseil de territoire de l'EPT Vall\u00e9e Sud Grand Pa ris \napprouvant le retrait du SEDIF de l'EPT Grand-Orly Seine Bi\u00e8vre pour les communes d'Athis-Mons et Villejuif ; \n \nVu  la d\u00e9lib\u00e9ration n\u00b0 2023/34 du 23 octobre 2024 du c onseil municipal de la commune de Chauvry approuvant le \nretrait du SEDIF de l'EPT Grand-Orly Seine Bi\u00e8vre pour les communes d'Athis-Mons et Villejuif ; \n \nVu  la d\u00e9lib\u00e9ration n\u00b0 2024.7.21.200 du 18 novembre 20 24 du conseil communautaire de la communaut\u00e9 \nd'agglom\u00e9ration Melun Val de Seine approuvant le re trait du SEDIF de l'EPT Grand-Orly Seine Bi\u00e8vre pou r les \ncommunes d'Athis-Mons et Villejuif ; \n \nConsid\u00e9rant que  les conditions de majorit\u00e9 qualifi\u00e9e requises par l e II de l'article L. 5211-5 du code g\u00e9n\u00e9ral des \ncollectivit\u00e9s territoriales, par renvoi du 2 \n\u00e8me  alin\u00e9a de l'article L. 5211-19 du m\u00eame code, sont r\u00e9unies d\u00e8s lors \nqu'un accord a \u00e9t\u00e9 \u00e9mis par plus des deux tiers des  assembl\u00e9es d\u00e9lib\u00e9rantes des membres du SEDIF \nrepr\u00e9sentant plus des deux tiers de la population t otale des communes int\u00e9ress\u00e9es dans le d\u00e9lai de tro is mois \npr\u00e9vu par le m\u00eame article L. 5211-19 ; \n \nConsid\u00e9rant que, conform\u00e9ment aux dispositions de l'article L. 5211-39-2 du CGCT, un document retra\u00e7an t les \nincidences de cette demande de retrait a bien \u00e9t\u00e9 p r\u00e9sent\u00e9 en appui de cette demande et que les discus sions \nengag\u00e9es par le SEDIF, l'EPT Grand-Orly Seine Bi\u00e8vr e et les communes d'Athis-Mons et de Villejuif ont permis \nd'aboutir \u00e0 un accord entre les parties sur les con ditions financi\u00e8res et patrimoniales de ce retrait au sens de \nl'article L. 5211-25-1 du CGCT ; \nARR\u00caTENT : \n \nArticle 1\ner  : Le retrait du p\u00e9rim\u00e8tre du Syndicat des eaux d'\u00ce le-de-France (SEDIF) de l'\u00e9tablissement public \nterritorial Grand-Orly Seine Bi\u00e8vre, pour le territoire des communes d'Athis-Mons et de Villejuif, est autoris\u00e9. \n \nArticle 2  : Ce retrait entrera en vigueur \u00e0 compter du 1er janvier 2026. \n \nArticle 3 : Ce retrait entra\u00eene, \u00e0 cette m\u00eame date et pour l e territoire des deux communes d'Athis-Mons et de \nVillejuif, la reprise par l'\u00e9tablissement public te rritorial Grand-Orly Seine Bi\u00e8vre des comp\u00e9tences p r\u00e9c\u00e9demment \ntransf\u00e9r\u00e9es par le m\u00eame \u00e9tablissement public territ orial au SEDIF en mati\u00e8re d'eau, conform\u00e9ment au 3\u00b0  du I de \nl'article L. 5219-5 du code g\u00e9n\u00e9ral des collectivit\u00e9s territoriales. \n \nArticle 4 : La pr\u00e9f\u00e8te, secr\u00e9taire g\u00e9n\u00e9rale aux politiques publ iques de la pr\u00e9fecture de la r\u00e9gion d'\u00cele-de-France , \npr\u00e9fecture de Paris, ainsi que les secr\u00e9taires g\u00e9n\u00e9 raux des pr\u00e9fectures de Seine-et-Marne, des Yveline s, de \nl'Essonne, des Hauts-de-Seine, de la Seine-Saint-De nis, du Val-de-Marne et du Val-d'Oise sont charg\u00e9s de \nl'ex\u00e9cution du pr\u00e9sent arr\u00eat\u00e9 qui sera publi\u00e9 au recueil des actes administratifs de chacune de ces pr\u00e9fectures. \n \n \nFait \u00e0 Paris, le 6 ao\u00fbt 2025 \n \n \n \n \nPr\u00e9fecture de la r\u00e9gion d'Ile-de-France, pr\u00e9fecture de Paris-Secr\u00e9tariat g\u00e9n\u00e9ral aux politiques publiques - IDF-2025-08-06-00005 -\nArr\u00eat\u00e9 interpr\u00e9fectoral portant retrait du p\u00e9rim\u00e8tre du Syndicat des eaux d'\u00cele-de-France (SEDIF) de l'\u00e9tablissement public territorial\nGrand-Orly Seine Bi\u00e8vre pour les communes d'Athis-Mons et de Villejuif.\n36\n \n 4 \nLe pr\u00e9fet de la r\u00e9gion d'\u00cele-de-France,  \npr\u00e9fet de Paris, \n \nSign\u00e9 \n \nMarc GUILLAUME \n \n \n \n \n \n \n \n \nLe pr\u00e9fet de Seine-et-Marne, \n \nLe Pr\u00e9fet, \npour le Pr\u00e9fet et par d\u00e9l\u00e9gation,  \nle Secr\u00e9taire G\u00e9n\u00e9ral de la prefecture \n \nSign\u00e9 \n \n \nS\u00e9bastien LIME \n \n \n \n \n \n \n \n \nLe pr\u00e9fet des Yvelines, \nPour le Pr\u00e9fet et par d\u00e9l\u00e9gation \nLe Secr\u00e9taire g\u00e9n\u00e9ral  \n \nSign\u00e9 \n \nVictor DEVOUGE \n \n \n \n \n \nLa pr\u00e9f\u00e8te de l'Essonne, \nPour la Pr\u00e9f\u00e8te \nLe Secr\u00e9taire G\u00e9n\u00e9ral  \n \nSign\u00e9 \n \nOlivier DELCAYROU  \n \n \nPr\u00e9fecture de la r\u00e9gion d'Ile-de-France, pr\u00e9fecture de Paris-Secr\u00e9tariat g\u00e9n\u00e9ral aux politiques publiques - IDF-2025-08-06-00005 -\nArr\u00eat\u00e9 interpr\u00e9fectoral portant retrait du p\u00e9rim\u00e8tre du Syndicat des eaux d'\u00cele-de-France (SEDIF) de l'\u00e9tablissement public territorial\nGrand-Orly Seine Bi\u00e8vre pour les communes d'Athis-Mons et de Villejuif.\n37\n \n 5 \n \nLe pr\u00e9fet des Hauts-de-Seine, \nPour le pr\u00e9fet et par d\u00e9l\u00e9gation  \nle secr\u00e9taire g\u00e9n\u00e9ral  \n \nSign\u00e9  \n \nPascal GAUCI  \n \n \n \n \n \nLe pr\u00e9fet de la Seine-Saint-Denis, \nPour le pr\u00e9fet et par d\u00e9l\u00e9gation \nLe secr\u00e9taire g\u00e9n\u00e9ral  \n \nSign\u00e9  \n \nFr\u00e9d\u00e9ric ANTIPHON \n \n \n \n \nLe pr\u00e9fet du Val-de-Marne, \n \nSign\u00e9 \n \n \n\u00c9tienne STOSKOPF \n \n \n \n \n \nLe pr\u00e9fet du Val d'Oise, \nPour le Pr\u00e9fet,  \nLa secr\u00e9taire g\u00e9n\u00e9rale  \n \nSign\u00e9  \n \nH\u00e9l\u00e8ne GIRARDOT  \n \n \n \n \n \nConform\u00e9ment \u00e0 l'article R. 421-1 du code de justic e administrative, le pr\u00e9sent arr\u00eat\u00e9 peut faire l'ob jet d'un recours \ncontentieux devant le tribunal administratif dans l e d\u00e9lai de deux mois \u00e0 compter de sa publication. L 'arr\u00eat\u00e9 peut \u00e9galement \nfaire l'objet, dans le d\u00e9lai imparti pour l'introdu ction d'un recours contentieux, d'un recours gracie ux qui interrompt le cours \ndudit d\u00e9lai. Ce d\u00e9lai courra, de nouveau, \u00e0 compter  de l'intervention de la d\u00e9cision (expresse ou impl icite) provoqu\u00e9e par le \nrecours gracieux. \nPr\u00e9fecture de la r\u00e9gion d'Ile-de-France, pr\u00e9fecture de Paris-Secr\u00e9tariat g\u00e9n\u00e9ral aux politiques publiques - IDF-2025-08-06-00005 -\nArr\u00eat\u00e9 interpr\u00e9fectoral portant retrait du p\u00e9rim\u00e8tre du Syndicat des eaux d'\u00cele-de-France (SEDIF) de l'\u00e9tablissement public territorial\nGrand-Orly Seine Bi\u00e8vre pour les communes d'Athis-Mons et de Villejuif.\n38","date":"2025-08-06","first_seen_on":"2025-08-06T16:29:24+00:00","id":"7b8450886245fe8806b3d4032c9a4a8b548ad2f56a09f9252f09158d34945f06","name":"recueil-idf-013-2025-08-recueil-des-actes-administratifs-special du 06.08.2025","pdf_creation_date":"2025-08-06T15:33:58+00:00","pdf_modification_date":null,"timezone":"Europe/Paris","url":"https://www.prefectures-regions.gouv.fr/ile-de-france/irecontenu/telechargement/130088/957303/file/recueil-idf-013-2025-08-recueil-des-actes-administratifs-special%20du%2006.08.2025.pdf"}
