{"administration":"pref30","administration_name":"Pr\u00e9fecture du Gard","content":"PR\u00c9FET\nDU GARD\nRECUEIL DES ACTES\nADMINISTRATIFS SP\u00c9CIAL\nN\u00b030-2025-227\nPUBLI\u00c9 LE 23 D\u00c9CEMBRE 2025\nSommaire\nDirection d\u00e9partementale des Finances Publiques du Gard /\n30-2025-12-22-00005 - FRANCO 2025 12 fermeture antenne Le Vigan (1\npage) Page 3\nPrefecture du Gard /\n30-2025-12-22-00002 - 20251222 Arr\u00eat\u00e9  portant approbation du Plan de\nProtection de l'Atmosph\u00e8re de l'aire  urbaine de N\u00eemes (6 pages) Page 5\n30-2025-12-23-00002 - ARR\u00caT\u00c9 PR\u00c9FECTORAL VID\u00c9OPROTECTION\nMAIRIE CAISSARGUES - cam\u00e9ras int\u00e9rieures 2025 (4 pages) Page 12\n30-2025-12-23-00003 - ARR\u00caT\u00c9 PR\u00c9FECTORAL VID\u00c9OPROTECTION\nMAIRIE COMBAS 2025 (6 pages) Page 17\n30-2025-12-23-00004 - ARR\u00caT\u00c9 PR\u00c9FECTORAL VID\u00c9OPROTECTION\nMAIRIE ROQUEMAURE 2025 (8 pages) Page 24\n30-2025-12-23-00009 - ARR\u00caT\u00c9 PR\u00c9FECTORAL VID\u00c9OPROTECTION\nRESOTAINER NIMES 2025 (2 pages) Page 33\n30-2025-12-23-00010 - ARR\u00caT\u00c9 PR\u00c9FECTORAL VID\u00c9OPROTECTION SG\nCOURTOIS - AMIRAL COURBET - NIMES 2025 (2 pages) Page 36\nPrefecture du Gard / SAPSI\n30-2025-12-22-00006 - ARR\u00caT\u00c9 N\u00b030-2025-12-22-00006\nautorisant la\ncaptation, l'enregistrement et la transmission d'images\nau moyen\nde cam\u00e9ras install\u00e9es sur des a\u00e9ronefsAP DRONE NIMES DU 4 AU\n18-01-26 (10 pages) Page 39\n30-2025-12-22-00007 - ARR\u00caT\u00c9 N\u00b030-2025-12-22-00007\nautorisant la\ncaptation, l'enregistrement et la transmission d'images\nau moyen\nde cam\u00e9ras install\u00e9es sur des a\u00e9ronefs AP DRONE ALES DU 2 AU\n18-01-26 (12 pages) Page 50\nSous Pr\u00e9fecture d'Al\u00e8s /\n30-2025-12-22-00001 - Arr\u00eat\u00e9 n 25-12-27 portant d\u00e9rogation aux\nhauteurs de survol des agglom\u00e9rations et rassemblement des personnes\nau profit de la soci\u00e9t\u00e9 SINTEGRA cas 1 (5 pages) Page 63\n2\nDirection d\u00e9partementale des Finances\nPubliques du Gard\n30-2025-12-22-00005\nFRANCO 2025 12 fermeture antenne Le Vigan\nDirection d\u00e9partementale des Finances Publiques du Gard - 30-2025-12-22-00005 - FRANCO 2025 12 fermeture antenne Le Vigan 3\nExREPUBLIQUEFRAN\u00c7AISELibert\u00e9Egalit\u00e9Fraternit\u00e9\nL\u00c9FINANCES PUBLIQUES\nDirection d\u00e9partementale\ndes Finances publiques du Gard\nArr\u00eat\u00e9 relatif au r\u00e9gime d'ouverture et de fermeture exceptionnelle au public\ndes services de la direction d\u00e9partementale des finances publiques du Gard\nLa Directrice d\u00e9partementale des Finances publiques du Gard,\nVu le d\u00e9cret n\u00b071-69 du 26 janvier 1971 relatif au r\u00e9gime d'ouverture au public des services ext\u00e9rieurs de l'Etat ;\nVu  les  articles  26  et  43  du  d\u00e9cret  n\u00b02004-374  du  29  avril  2004  modifi\u00e9  relatif  au  pouvoir  des  pr\u00e9fets,  \u00e0\nl'organisation et \u00e0 l'action des services de l'Etat, dans les r\u00e9gions et les d\u00e9partements ;\nVu le d\u00e9cret n\u00b02008-310 du 3 avril 2008 relatif \u00e0 la direction g\u00e9n\u00e9rale des finances publiques ;\nVu le d\u00e9cret n\u00b02009-208 du 20 f\u00e9vrier 2009 relatif au statut particulier des administrateurs des finances publiques\n;\nVu le d\u00e9cret n\u00b02009-707 du 16 juin 2009 modifi\u00e9 relatif aux services d\u00e9concentr\u00e9s de la direction g\u00e9n\u00e9rale des\nfinances publiques ;\nVu l'arr\u00eat\u00e9 pr\u00e9fectoral n\u00b030-2024-09-16-00006 en date du 16 septembre 2024 portant d\u00e9l\u00e9gation de signature en\nmati\u00e8re de fermeture exceptionnelle des services d\u00e9concentr\u00e9s de la direction d\u00e9partementale des finances\npubliques du Gard ;\nVu l'arr\u00eat\u00e9 du directeur d\u00e9partemental des finances publiques du Gard sign\u00e9 en date du 27 f\u00e9vrier 2024 relatif au\nr\u00e9gime d'ouverture au public des services de la direction d\u00e9partementale des finances publiques du Gard ;\nArr\u00eate :\nArticle 1er\nL'antenne du SIP d'Al\u00e8s, situ\u00e9e 30A route du pont de la croix 30120 Le Vigan, sera exceptionnellement ferm\u00e9e\nau public le mardi 23 d\u00e9cembre 2025.\nArticle 2\nLe pr\u00e9sent arr\u00eat\u00e9 sera publi\u00e9 au recueil des actes administratifs de la Pr\u00e9fecture du Gard et affich\u00e9 dans les \nlocaux du service vis\u00e9 \u00e0 l'article 1er.\nFait \u00e0 N\u00eemes, le 22 d\u00e9cembre 2025\nPour le Pr\u00e9fet et par d\u00e9l\u00e9gation,\nL'Administratrice de l'\u00c9tat,\nDirectrice d\u00e9partementale des Finances publiques du Gard\nadjointe,\nSign\u00e9\nAur\u00e9lie FRANCO\nDirection d\u00e9partementale des Finances Publiques du Gard - 30-2025-12-22-00005 - FRANCO 2025 12 fermeture antenne Le Vigan 4\nPrefecture du Gard\n30-2025-12-22-00002\n20251222 Arr\u00eat\u00e9  portant approbation du Plan\nde Protection de l'Atmosph\u00e8re de l'aire  urbaine\nde N\u00eemes\nPrefecture du Gard - 30-2025-12-22-00002 - 20251222 Arr\u00eat\u00e9  portant approbation du Plan de Protection de l'Atmosph\u00e8re de l'aire \nurbaine de N\u00eemes 5\na  Direction r\u00e9gionale de l'environnement,\" de l'am\u00e9nagement et du logement d'OccitaniePREFETDU GARDLibert\u00e9\u00c9galit\u00e9Fraternit\u00e9 N\u00eemes, le 99 DEC, 2025\nARR\u00caT\u00c9 PR\u00c9FECTORAL n\u00b0portant approbation du Plan de Protection de l'Atmosph\u00e8re r\u00e9vis\u00e9 de l'aire urbaine deN\u00eemesLe pr\u00e9fet du Gard,chevalier de la L\u00e9gion d'Honneurofficier de l'Ordre national du M\u00e9rite.Vu le code de l'environnement et notamment ses articles L. 122-1 \u00e0 L. 122-12, L. 123-1 \u00e0 L. 123-16, L.220-1 etsuivants, L.222-1 \u00e0 L.222-7, L.223-1, L.228-3, L.511-1 et suivants, R.222-13 \u00e0 R.222-36Vu le code g\u00e9n\u00e9ral des collectivit\u00e9s territoriales et notamment ses articles L.2122-21 et suivants, L.2213-1,L.3221-4, L.5211-9-2, R.2213-1 ;Vu la circulaire du 12 ao\u00fbt 2002, relative \u00e0 l'\u00e9laboration des plans de protection de l'atmosph\u00e8re ;Vu le plan de protection de l'atmosph\u00e8re de l'aire urbaine de N\u00eemes approuv\u00e9 le 3 juin 2016 ;Vu le sch\u00e9ma r\u00e9gional d'am\u00e9nagement, de d\u00e9veloppement durable et d'\u00e9galit\u00e9 des territoires approuv\u00e9 pararr\u00eat\u00e9 pr\u00e9fectoral du 14 septembre 2022 ;Vu l'avis de l'autorit\u00e9 environnementale de l'IGEDD, qui a dispens\u00e9 d'\u00e9tude d'impact le projet de PPA del'aire urbaine de Nimes, en date du 28 mai 2024;Vu l'avis favorable \u00e9mis par le Conseil D\u00e9partemental de l'Environnement et des Risques Sanitaires etTechnologiques (CODERST) du Gard, lors de sa s\u00e9ance en date du 8 octobre 2024 ;Vu les avis recueillis aupr\u00e9s des collectivit\u00e9s territoriales et des \u00e9tablissements publics de coop\u00e9rationintercommunale inclus dans le p\u00e9rim\u00e9tre du plan consult\u00e9s le 19 d\u00e9cembre 2024 ;Vu l'arr\u00eat\u00e9 pr\u00e9fectoral du 19 ao\u00fbt 2025, prescrivant l'enqu\u00eate publique du 16 septembre 2025 au 17 octobre2025 inclus ;Vu conclusions de la commission d'enqu\u00eate remises le 12 novembre 2025 ;Consid\u00e9rant que l'\u00e9valuation r\u00e9alis\u00e9e en 2021 du plan de protection de l'atmosph\u00e8re de Nimes a montr\u00e9l'int\u00e9r\u00eat de le r\u00e9viser ;Consid\u00e9rant les risques de d\u00e9passements de valeur limite en dioxyde d'azote mis en avant par lesmod\u00e9lisations de qualit\u00e9 de l'air et les valeurs pr\u00e9vues par la directive europ\u00e9enne 2024/2881 du 23 octobre2024 en lien avec les recommandations de l'organisation mondiale de la sant\u00e9 (OMS);Consid\u00e9rant que le plan de protection de l'atmosph\u00e8re de l'aire urbaine de Nimes a \u00e9t\u00e9 \u00e9labor\u00e9 enconcertation avec les repr\u00e9sentants de services de l'\u00c9tat, de collectivit\u00e9s, d'activit\u00e9s \u00e9conomiques etd'associations du territoire ;\nPr\u00e9fecture du Gard10 avenue Feuch\u00e8res \u2014 30045 NIMES CEDEX 9T\u00e9l : 04 66 36 43 90www.gard.gouv.fr\nPrefecture du Gard - 30-2025-12-22-00002 - 20251222 Arr\u00eat\u00e9  portant approbation du Plan de Protection de l'Atmosph\u00e8re de l'aire \nurbaine de N\u00eemes 6\nConsid\u00e9rant que le plan de protection de l'atmosph\u00e8re propose des mesures visant \u00e0 r\u00e9duire les \u00e9missionsdes secteurs les plus contributeurs et permettra une action efficace contre la pollution atmosph\u00e9rique ;Consid\u00e9rant que le plan de protection de l'atmosph\u00e8re de l'aire urbaine de Nimes est proportionn\u00e9 auxenjeux locaux;Consid\u00e9rant que les observations recueillies \u00e0 l'occasion des consultations men\u00e9es et de l'enqu\u00eate publiqueont \u00e9t\u00e9 prisesen compte dans le plan de protection de l'atmosph\u00e8re de l'aire urbaine de Nimes :Consid\u00e9rant que l'avis favorable \u00e9mis par la commission d'enqu\u00eate publique sur le projet de plan deprotection de l'atmosph\u00e8re de l'aire urbaine de Nimes est assorti de recommandations dont il est tenucompte dans le plan;Sur proposition du secr\u00e9taire g\u00e9n\u00e9ral de la Pr\u00e9fecture ;\nARRETE :\nARTICLE 1 : Approbation du planLe Plan de Protection de l'Atmosph\u00e8re (PPA) de l'aire urbaine de Nimes est approuv\u00e9 dans sa nouvelleversion figurant en annexe au pr\u00e9sent arr\u00eat\u00e9.ARTICLE 2 : Mesures sp\u00e9cifiquesLes mesures, temporaires ou permanentes, destin\u00e9es \u00e0 r\u00e9duire les \u00e9missions des sources de pollutionatmosph\u00e9rique, concernant les installations class\u00e9es pour la protection de l'environnement, sont prises parles autorit\u00e9s de police comp\u00e9tentes, conform\u00e9ment aux articles L.222-6 et L.511-1 et suivants du code del'environnement.\nARTICLE 3 : Suivi du planIl est institu\u00e9 un comit\u00e9 de suivi du Plan de Protection de l'Atmosph\u00e8re, pr\u00e9sid\u00e9 le pr\u00e9fet ou sonrepr\u00e9sentant, et compos\u00e9 de repr\u00e9sentants de quatre coll\u00e8ges r\u00e9unissant les services de l'\u00c9tat, lescollectivit\u00e9s, les activit\u00e9s \u00e9conomiques, les associations et personnalit\u00e9s qualifi\u00e9es.ARTICLE 4 : Communication \u00e0 destination du publicLe pr\u00e9sent arr\u00eat\u00e9, ainsi que le plan de protection de l'atmosph\u00e8re sont \u00e0 la libre consultation du public surle site internet de la Direction r\u00e9gionale de l'environnement, de l'am\u00e9nagement et du logement (DREAL)Occitanie (http://www.occitanie.developpement-durable.gouv.fr) et sur le site internet de la Pr\u00e9fecture duGard (http://www.gard.gouv.fr).ARTICLE 5 : Publicit\u00e9Le pr\u00e9sent arr\u00eat\u00e9 est publi\u00e9 au recueil des actes administratifs de la pr\u00e9fecture du Gard.Un avis de publication est ins\u00e9r\u00e9 dans deux journaux nationaux, r\u00e9gionaux o\u00f9 locaux diffus\u00e9s dans led\u00e9partement du Gard.ARTICLE 6 : D\u00e9lais et voies de recoursLe pr\u00e9sent arr\u00eat\u00e9 peut faire l'objet, dans un d\u00e9lai de deux mois \u00e0 compter de sa publication de recours :- Recours gracieux ou administratif aupr\u00e8s du pr\u00e9fet de d\u00e9partement\nPrefecture du Gard - 30-2025-12-22-00002 - 20251222 Arr\u00eat\u00e9  portant approbation du Plan de Protection de l'Atmosph\u00e8re de l'aire \nurbaine de N\u00eemes 7\n- Recours contentieux devant le tribunal administratif de Nimes. Le tribunal peut \u00eatre saisi surl'application informatique \u00ab t\u00e9l\u00e9recours citoyens \u00bb accessible via le site internet www.telerecours.fr\nARTICLE 7 : Ex\u00e9cutionLe secr\u00e9taire g\u00e9n\u00e9ral de la pr\u00e9fecture du Gard, la pr\u00e9sidente du Conseil R\u00e9gional Occitanie, le pr\u00e9sident duConseil D\u00e9partemental du Gard, les maires des communes concern\u00e9es, les pr\u00e9sidents des \u00e9tablissements decoop\u00e9ration intercommunale concern\u00e9s, le directeur r\u00e9gional de l'environnement, de l'am\u00e9nagement et dulogement, le directeur d\u00e9partemental des territoires et de la mer, la directrice r\u00e9gionale de l'ADEME, ledirecteur r\u00e9gional de l'alimentation, de l'agriculture et de la for\u00eat, le directeur de l'Agence R\u00e9gionale deSant\u00e9, la pr\u00e9sidente de l'association agr\u00e9\u00e9e pour la surveillance de la qualit\u00e9 de l'air ATMO Occitanie, ledirecteur d\u00e9partemental des services d'incendie et de secours, sont charg\u00e9s, chacun en ce qui le concerne,de l'ex\u00e9cution du pr\u00e9sent arr\u00eat\u00e9.\nLe pr\u00e9fet\nPour le pl\u00e9fetle secr\u00e9taire g\u00e9n\u00e9ralann GERARD\nPrefecture du Gard - 30-2025-12-22-00002 - 20251222 Arr\u00eat\u00e9  portant approbation du Plan de Protection de l'Atmosph\u00e8re de l'aire \nurbaine de N\u00eemes 8\nPrefecture du Gard - 30-2025-12-22-00002 - 20251222 Arr\u00eat\u00e9  portant approbation du Plan de Protection de l'Atmosph\u00e8re de l'aire \nurbaine de N\u00eemes 9\n\\VAVESTONEat = Vu pour \u00eatre annex\u00e9 \u00e0 mon arr\u00eat\u00e9PREFET de ce jour, aDU GARD Nimes, le 22 DEC. 2Libert\u00e9 Le prefet,\u00c9galit\u00e9Fraternit\u00e9 |Eur (8 ni\u00e9fet,le seer\u00e9tal g\u00e9n\u00e9ral\nPLAN DE PROTECTION DE L'ATMOSPHEREDE LA ZONE URBAINE DE NIMES (2025 \u20142030)\nL'arr\u00eat\u00e9 pr\u00e9fectoral portant approbation du Plan de Protection deAtmosphere r\u00e9vis\u00e9 de l'aire urbaine de Nimes, ainsi que le plan deprotection de l'atmosph\u00e9re sont \u00e0 la libre consultation du public surle site internet de la Direction r\u00e9gionale de l'environnement, del'am\u00e9nagement et du logement (DREAL) Occitanie(http://www.occitanie.developpement-durable.gouv.fr) et sur lesite internet de la Pr\u00e9fecture du Gard (http://www.gard.gouv.fr).\nPPA de la zone urbaine de Nimes (2025 \u2014 2030) | \u00a9 Wavestone | 1\nPrefecture du Gard - 30-2025-12-22-00002 - 20251222 Arr\u00eat\u00e9  portant approbation du Plan de Protection de l'Atmosph\u00e8re de l'aire \nurbaine de N\u00eemes 10\n. if\nPrefecture du Gard - 30-2025-12-22-00002 - 20251222 Arr\u00eat\u00e9  portant approbation du Plan de Protection de l'Atmosph\u00e8re de l'aire \nurbaine de N\u00eemes 11\nPrefecture du Gard\n30-2025-12-23-00002\nARR\u00caT\u00c9 PR\u00c9FECTORAL VID\u00c9OPROTECTION\nMAIRIE CAISSARGUES - cam\u00e9ras int\u00e9rieures 2025\nPrefecture du Gard - 30-2025-12-23-00002 - ARR\u00caT\u00c9 PR\u00c9FECTORAL VID\u00c9OPROTECTION MAIRIE CAISSARGUES - cam\u00e9ras int\u00e9rieures\n2025 12\nDU GARD Direction des S\u00e9curit\u00e9sLibert\u00e9 | Service de l'Animation des Politiquesae de S\u00e9curit\u00e9 Int\u00e9rieureFraternit\u00e9 Bureau des Polices Administratives\nArr\u00eat\u00e9 n\u00b0 30-2025-portant autorisation de fonctionnement d'un syst\u00e8me de vid\u00e9oprotectionLe pr\u00e9fet du Gard,Chevalier de la L\u00e9gion d'honneur,Officier de l'ordre national du M\u00e9rite,\nVu le titre V du livre Il de la partie l\u00e9gislative et de la partie r\u00e9glementaire du code de la s\u00e9curit\u00e9int\u00e9rieure;Vu le code civil et notamment son article 9 ;Vu le nouveau code p\u00e9nal et notamment son article 226-1 ;Vu le d\u00e9cret n\u00b0 2015-489 du 29 avril 2015 relatif \u00e0 la vid\u00e9oprotection ;Vu le d\u00e9cret du 13 juillet 2023 nommant M. J\u00e9r\u00f4me BONET, pr\u00e9fet du Gard ;Vu l'arr\u00eat\u00e9 minist\u00e9riel et la circulaire du 3 ao\u00fbt 2007 portant d\u00e9finition des normes techniques dessyst\u00e8mes de vid\u00e9oprotection ;Vu l'arr\u00eat\u00e9 pr\u00e9fectoral n\u00b0 30-2024-10-18-00005 du 18 octobre 2024 donnant d\u00e9l\u00e9gation de signature aM. Yann GERARD, secr\u00e9taire g\u00e9n\u00e9ral de la pr\u00e9fecture du Gard, sous-pr\u00e9fet de N\u00eemes ;Vu l'arr\u00eat\u00e9 pr\u00e9fectoral n\u00b0 30-2024-10-18-00009 du 18 octobre 2024 donnant d\u00e9l\u00e9gation de signature \u00e0Mme Marie-Charlotte EUVRARD, sous-pr\u00e9f\u00e8te, directrice de cabinet du pr\u00e9fet du Gard ;Vu l'arr\u00eat\u00e9 pr\u00e9fectoral n\u00b0 30-2024-11-28-00004 du 28 novembre 2024 donnant d\u00e9l\u00e9gation de signature\u00e0 M. Franck LACOSTE, directeur des s\u00e9curit\u00e9s, directeur de cabinet adjoint du pr\u00e9fet du Gard ;Vu la circulaire n\u00b0 INT DO9/00057/C du 12 mars 2009 relative aux conditions de d\u00e9ploiement dessyst\u00e8mes de vid\u00e9oprotection ;Vu la demande d'autorisation d'installation d'un syst\u00e8me de vid\u00e9oprotection pr\u00e9sent\u00e9e par lemaire de CAISSARGUES ;Vu l'avis du r\u00e9f\u00e9rent s\u00fbret\u00e9 ;Vu l'avis de la commission d\u00e9partementale des syst\u00e8mes de vid\u00e9oprotection r\u00e9unie le 3 d\u00e9cembre2023;Sur proposition de la directrice de cabinet du pr\u00e9fet du Gard.\nH\u00f4tel de la Pr\u00e9fecture - 10 avenue Feuch\u00e9res \u2014 30045 NIMES CEDEX 9T\u00e9l : 04.66.36.43.90 - Fax : 04.66.36.00.87 - www.gard.gouv.fr\nPrefecture du Gard - 30-2025-12-23-00002 - ARR\u00caT\u00c9 PR\u00c9FECTORAL VID\u00c9OPROTECTION MAIRIE CAISSARGUES - cam\u00e9ras int\u00e9rieures\n2025 13\nArr\u00eate :Article 1: Le maire de CAISSARGUES est autoris\u00e9 \u00e0 installer un syst\u00e8me de vid\u00e9oprotectioncompos\u00e9 de 3 cam\u00e9ras int\u00e9rieures. Cette autorisation est valable pour une dur\u00e9e de cinq ansrenouvelable, dans les conditions pr\u00e9cis\u00e9es.La pr\u00e9sente autorisation est d\u00e9livr\u00e9e sans pr\u00e9judice des droits des tiers.Article 2: Ce dispositif de vid\u00e9oprotection ne peut \u00eatre utilis\u00e9 qu'en vue d'assurer la protectiondes b\u00e2timents et installations publics et la surveillance de leurs abords, \u00e0 la pr\u00e9vention desatteintes \u00e0 la s\u00e9curit\u00e9 des personnes et des biens dans des lieux et \u00e9tablissements ouverts aupublic particuli\u00e8rement expos\u00e9s \u00e0 des risques d'agression ou de vol et \u00e0 la pr\u00e9vention d'actes deterrorisme.Article 3 : Le public est inform\u00e9 de la pr\u00e9sence de ces cam\u00e9ras par une signal\u00e9tique appropri\u00e9e demani\u00e8re claire, permanente et significative, \u00e0 chaque point d'acc\u00e8s du public, de l'existence dusyst\u00e8me de vid\u00e9oprotection. En outre \u00e0 chaque point d'acc\u00e8s du public, des affichettesmentionnent les finalit\u00e9s poursuivies, les r\u00e9f\u00e9rences des articles du code de la s\u00e9curit\u00e9 int\u00e9rieure, laloi informatique et libert\u00e9s n\u00b078-17 du 6 janvier 1978, le r\u00e8glement europ\u00e9en 2016/679, la dur\u00e9e deconservation des images ainsi que les coordonn\u00e9es des directeurs des \u00e9tablissements aupr\u00e8sdesquels s'exerce le droit d'acc\u00e8s aux images.Article 4: Hormis le cas d'une enqu\u00eate de flagrant d\u00e9lit, d'une enqu\u00eate pr\u00e9liminaire ou d'uneinformation judiciaire, les enregistrements sont d\u00e9truits dans un d\u00e9lai maximal de 15 jours. Letitulaire de l'autorisation tient un registre mentionnant les enregistrements r\u00e9alis\u00e9s, la date dedestruction des images et, le cas \u00e9ch\u00e9ant, la date de leur transmission au parquet.Article 5: Les responsables de la mise en \u0153uvre du syst\u00e8me devront se porter garant despersonnes susceptibles d'intervenir dans l'exploitation ou le visionnage des images, ainsi que dansla maintenance du syst\u00e8me mis en place. Des consignes tr\u00e8s pr\u00e9cises sur la confidentialit\u00e9 desimages capt\u00e9es et / ou enregistr\u00e9es et des atteintes \u00e0 la vie priv\u00e9e qu'elles peuvent \u00e9ventuellementimpliquer seront donn\u00e9es \u00e0 toutes les personnes concern\u00e9es.Article 6: Toute modification pr\u00e9sentant un caract\u00e8re substantiel doit faire l'objet d'uned\u00e9claration aupr\u00e8s des services pr\u00e9fectoraux, notamment un changement d'activit\u00e9 dans des lieuxprot\u00e9g\u00e9s, un changement dans la configuration des lieux ou un changement affectant laprotection des images.Articles 7: Sans pr\u00e9judice des sanctions p\u00e9nales applicables, la pr\u00e9sente autorisation peut, apr\u00e8sque les int\u00e9ress\u00e9s aient \u00e9t\u00e9 mis \u00e0 m\u00eame de pr\u00e9senter leurs observations, \u00eatre retir\u00e9e en cas demanquement aux dispositions figurant aux articles L251-2, L251-3, L252-1 \u00e0 L252-6, L253-1 \u00e0 L253-5et R252-11 du code de la s\u00e9curit\u00e9 int\u00e9rieure ou encore en cas de modification des conditions au vudesquelles cette autorisation a \u00e9t\u00e9 d\u00e9livr\u00e9e.Articles 8: La pr\u00e9sente autorisation peut faire l'objet d'un recours gracieux aupr\u00e8s des servicespr\u00e9fectoraux ou d'un recours contentieux devant le tribunal administratif de Nimes dans un d\u00e9laide deux mois \u00e0 compter de la date de sa notification \u00e0 l'int\u00e9ress\u00e9 ou de sa publication.\nPrefecture du Gard - 30-2025-12-23-00002 - ARR\u00caT\u00c9 PR\u00c9FECTORAL VID\u00c9OPROTECTION MAIRIE CAISSARGUES - cam\u00e9ras int\u00e9rieures\n2025 14\nArticle 9: la directrice de cabinet du pr\u00e9fet du Gard, le directeur interd\u00e9partemental de la policenationale du Gard, le commandant du groupement de gendarmerie d\u00e9partementale du Gard sontcharg\u00e9s, chacun en ce qui le concerne, de l'ex\u00e9cution du pr\u00e9sent arr\u00eat\u00e9 qui sera publi\u00e9 au recueildes actes administratifs de la pr\u00e9fecture. Un exemplaire de cette d\u00e9cision sera notifi\u00e9 au maire dela commune de CAISSARGUES.\n23 DEC. 2025Le pr\u00e9fet,\n.\n_-Pourle pr\u00e9fet,\"et par d\u00e9l\u00e9gation, \u2014L\u00e9 chef du service d'Animation des| Politiques. de\\s\u00e9etrit\u00e9 Int\u00e9rieure\nnil\nLaurence FRANCESETTO\nPrefecture du Gard - 30-2025-12-23-00002 - ARR\u00caT\u00c9 PR\u00c9FECTORAL VID\u00c9OPROTECTION MAIRIE CAISSARGUES - cam\u00e9ras int\u00e9rieures\n2025 15\nagns 39g \u00ca 5\nJgigig ol 1109HOUBPSIOD 16q tsa9b novsminA'b golvise ub tony 9.Hyondinl Snuase sb 29upitilolMN dea MATA SONS WIE !\nPrefecture du Gard - 30-2025-12-23-00002 - ARR\u00caT\u00c9 PR\u00c9FECTORAL VID\u00c9OPROTECTION MAIRIE CAISSARGUES - cam\u00e9ras int\u00e9rieures\n2025 16\nPrefecture du Gard\n30-2025-12-23-00003\nARR\u00caT\u00c9 PR\u00c9FECTORAL VID\u00c9OPROTECTION\nMAIRIE COMBAS 2025\nPrefecture du Gard - 30-2025-12-23-00003 - ARR\u00caT\u00c9 PR\u00c9FECTORAL VID\u00c9OPROTECTION MAIRIE COMBAS 2025 17\nDU GARD Direction des S\u00e9curit\u00e9sLibert\u00e9 Service de l'Animation des Politiquesae de S\u00e9curit\u00e9 Int\u00e9rieureFraternit\u00e9 Bureau des Polices Administratives\nArr\u00e9t\u00e9 n\u00b0 30-2025-portant renouvellement de l'autorisation de fonctionnement d'un syst\u00e8me devid\u00e9oprotectionLe pr\u00e9fet du Gard,Chevalier de la L\u00e9gion d'honneur,Officier de l'ordre national du M\u00e9rite,Vu le titre V du livre Il de la partie l\u00e9gislative et de la partie r\u00e9glementaire du code de la s\u00e9curit\u00e9int\u00e9rieure;Vu le code civil et notamment son article 9 :Vu le nouveau code p\u00e9nal et notamment son article 226-1 ;Vu le d\u00e9cret n\u00b0 2015-489 du 29 avril 2015 relatif \u00e0 la vid\u00e9oprotection ;Vu le d\u00e9cret du 13juillet 2023 nommant M. J\u00e9r\u00f4me BONET, pr\u00e9fet du Gard ;Vu l'arr\u00eat\u00e9 minist\u00e9riel et la circulaire du 3 ao\u00fbt 2007 portant d\u00e9finition des normes techniques dessyst\u00e8mes de vid\u00e9oprotection ;Vu l'arr\u00eat\u00e9 pr\u00e9fectoral n\u00b0 2020344-025 du 9 d\u00e9cembre 2020 portant autorisation d'un syst\u00e8me devid\u00e9oprotection ;Vu l'arr\u00eat\u00e9 pr\u00e9fectoral n\u00b0 30-2024-10-18-00005 du 18 octobre 2024 donnant d\u00e9l\u00e9gation de signature aM. Yann GERARD, secr\u00e9taire g\u00e9n\u00e9ral de la pr\u00e9fecture du Gard, sous-pr\u00e9fet de Nimes ;Vu l'arr\u00eat\u00e9 pr\u00e9fectoral n\u00b0 30-2024-10-18-00009 du 18 octobre 2024 donnant d\u00e9l\u00e9gation de signature aMme Marie-Charlotte EUVRARD, sous-pr\u00e9f\u00e9te, directrice de cabinet du pr\u00e9fet du Gard ;Vu l'arr\u00eat\u00e9 pr\u00e9fectoral n\u00b0 30-2024-11-28-00004 du 28 novembre 2024 donnant d\u00e9l\u00e9gation de signature\u00e0 M. Franck LACOSTE, directeur des s\u00e9curit\u00e9s, directeur de cabinet adjoint du pr\u00e9fet du Gard ;Vu la circulaire n\u00b0 INT D09/00057/C du 12 mars 2009 relative aux conditions de d\u00e9ploiement dessyst\u00e8mes de vid\u00e9oprotection ;Vu la demande d'un renouvellement de fonctionnement d'un syst\u00e8me de vid\u00e9oprotectionpr\u00e9sent\u00e9e par le maire de COMBAS ;\nVu l'avis du r\u00e9f\u00e9rent s\u00fbret\u00e9 ;\nH\u00f4tel de la Pr\u00e9fecture \u2014 10 avenue Feuch\u00e8res \u2014 30045 NIMES CEDEX 9T\u00e9l : 04.66.36.43.90 \u2014 Fax : 04.66.36.00.87 - www.gard.gouv.fr\nPrefecture du Gard - 30-2025-12-23-00003 - ARR\u00caT\u00c9 PR\u00c9FECTORAL VID\u00c9OPROTECTION MAIRIE COMBAS 2025 18\nVu l'avis de la commission d\u00e9partementale des syst\u00e8mes de vid\u00e9oprotection r\u00e9unie le 3 d\u00e9cembre2025 ;Sur proposition de la directrice de cabinet du pr\u00e9fet du Gard.Arr\u00eate :\nArticle 1 : L'autorisation pr\u00e9c\u00e9demment accord\u00e9e au maire de COMBAS pour 2 cam\u00e9ras de voiepublique est reconduite. Les finalit\u00e9s restent inchang\u00e9es.La pr\u00e9sente autorisation est d\u00e9livr\u00e9e sans pr\u00e9judice des droits des tiers.Article 2: Le public est inform\u00e9 de la pr\u00e9sence de ces cam\u00e9ras dans les \u00e9tablissements cit\u00e9s enannexe par une signal\u00e9tique appropri\u00e9e de mani\u00e8re claire, permanente et significative, \u00e0 chaquepoint d'acc\u00e8s du public, de l'existence du syst\u00e8me de vid\u00e9oprotection. En outre a chaque pointd'acc\u00e8s du public, des affichettes mentionnent les finalit\u00e9s poursuivies, les r\u00e9f\u00e9rences des articlesdu code de la s\u00e9curit\u00e9 int\u00e9rieure, la loi informatique et libert\u00e9s n\u00b078-17 du 6 janvier 1978, ler\u00e8glement europ\u00e9en 2016/679, la dur\u00e9e de conservation des images ainsi que les coordonn\u00e9es desdirecteurs des \u00e9tablissements aupr\u00e8s desquels s'exerce le droit d'acc\u00e8s aux images.Article 3: Hormis le cas d'une enqu\u00eate de flagrant d\u00e9lit, d'une enqu\u00eate pr\u00e9liminaire ou d'uneinformation judiciaire, les enregistrements sont d\u00e9truits dans un d\u00e9lai maximal de 15 jours. Letitulaire de l'autorisation tient un registre mentionnant les enregistrements r\u00e9alis\u00e9s, la date dedestruction des images et, le cas \u00e9ch\u00e9ant, la date de leur transmission au parquet.Article 4: Les responsables de la mise en \u0153uvre du syst\u00e8me devront se porter garant despersonnes susceptibles d'intervenir dans l'exploitation ou le visionnage des images, ainsi que dansla maintenance du syst\u00e8me mis en place. Des consignes tr\u00e8s pr\u00e9cises sur la confidentialit\u00e9 desimages capt\u00e9es et / ou enregistr\u00e9es et des atteintes \u00e0 la vie priv\u00e9e qu'elles peuvent \u00e9ventuellementimpliquer seront donn\u00e9es \u00e0 toutes les personnes concern\u00e9es.Articles 5: Toute modification pr\u00e9sentant un caract\u00e8re substantiel doit faire l'objet d'uned\u00e9claration aupr\u00e8s des services pr\u00e9fectoraux, notamment un changement d'activit\u00e9 dans des lieuxprot\u00e9g\u00e9s, un changement dans la configuration des lieux ou un changement affectant laprotection des images.Articles 6 : Sans pr\u00e9judice des sanctions p\u00e9nales applicables, la pr\u00e9sente autorisation peut, apr\u00e8sque les int\u00e9ress\u00e9s aient \u00e9t\u00e9 mis \u00e0 m\u00eame de pr\u00e9senter leurs observations, \u00eatre retir\u00e9e en cas demanquement aux dispositions figurant aux articles L251-2, L251-3, L252-1 \u00e0 L252-6, L253-1 \u00e0 L253-5et R252-11 du code de la s\u00e9curit\u00e9 int\u00e9rieure ou encore en cas de modification des conditions au vudesquelles cette autorisation a \u00e9t\u00e9 d\u00e9livr\u00e9e.Article 7: Le renouvellement de l'autorisation d'installation d'un syst\u00e8me de vid\u00e9oprotection estd\u00e9livr\u00e9 pour une dur\u00e9e de cinq ans. Une nouvelle demande devra \u00eatre pr\u00e9sent\u00e9e \u00e0 la pr\u00e9fecture,quatre mois avant l'\u00e9ch\u00e9ance de ce d\u00e9lai.Article 8: La pr\u00e9sente autorisation peut faire l'objet d'un recours gracieux aupr\u00e8s des servicespr\u00e9fectoraux ou d'un recours contentieux devant le tribunal administratif de Nimes dans un d\u00e9lai\nPrefecture du Gard - 30-2025-12-23-00003 - ARR\u00caT\u00c9 PR\u00c9FECTORAL VID\u00c9OPROTECTION MAIRIE COMBAS 2025 19\nde deux mois \u00e0 compter de la date de leur notification \u00e0 l'int\u00e9ress\u00e9 ou de leur publication.Article 9: la directrice de cabinet du pr\u00e9fet du Gard, le directeur interd\u00e9partemental de la policenationale du Gard, le commandant du groupement de gendarmerie d\u00e9partementale sont charg\u00e9s,chacun en ce qui le concerne, de l'ex\u00e9cution du pr\u00e9sent arr\u00eat\u00e9 qui sera publi\u00e9 au recueil des actesadministratifs de la pr\u00e9fecture. Un exemplaire de cette d\u00e9cision sera notifi\u00e9 au maire de lacommune de COMBAS.\n23 DEC. 2025Le pr\u00e9fet,\n| aurence ERANCESETTO\nPrefecture du Gard - 30-2025-12-23-00003 - ARR\u00caT\u00c9 PR\u00c9FECTORAL VID\u00c9OPROTECTION MAIRIE COMBAS 2025 20\nass aad ESJS si WONGUBPSlob Tq to9b COuBMINA'h SV ISe ib loris 2}AUSSI AtijungeShy FSUpihfo11383; MAAS{-j SIME *\nPrefecture du Gard - 30-2025-12-23-00003 - ARR\u00caT\u00c9 PR\u00c9FECTORAL VID\u00c9OPROTECTION MAIRIE COMBAS 2025 21\nCAMERA 1en service\nCAMERA 2en service\nLISTE DES CAMERAS AUTORISEESSUR LA COMMUNE DE COMBAS\nParking municipalcamera fixe, implant\u00e9e sur un poteau d'\u00e9clairage public situ\u00e9 sur le parking,permettra de visualiser la partie droite du parking ainsi que l'acc\u00e8s pi\u00e9tonParking municipalcam\u00e9ra fixe, implant\u00e9e sur le m\u00eame poteau d'\u00e9clairage public situ\u00e9 sur le parking quela cam\u00e9ra 1, permettra de visualiser la partie gauchedu parking ainsi que l'acc\u00e8svoiture\nPrefecture du Gard - 30-2025-12-23-00003 - ARR\u00caT\u00c9 PR\u00c9FECTORAL VID\u00c9OPROTECTION MAIRIE COMBAS 2025 22\nPrefecture du Gard - 30-2025-12-23-00003 - ARR\u00caT\u00c9 PR\u00c9FECTORAL VID\u00c9OPROTECTION MAIRIE COMBAS 2025 23\nPrefecture du Gard\n30-2025-12-23-00004\nARR\u00caT\u00c9 PR\u00c9FECTORAL VID\u00c9OPROTECTION\nMAIRIE ROQUEMAURE 2025\nPrefecture du Gard - 30-2025-12-23-00004 - ARR\u00caT\u00c9 PR\u00c9FECTORAL VID\u00c9OPROTECTION MAIRIE ROQUEMAURE 2025 24\nPREFET ae CabinetDU GARD Direction des S\u00e9curit\u00e9sLibert\u00e9 Service de l'Animation des PolitiquesFenise de S\u00e9curit\u00e9 Int\u00e9rieureFraternit\u00e9 Bureau des Polices Administratives\nArr\u00eat\u00e9 n\u00b0 30-2025-portant modification de l'autorisation de fonctionnement d'un syst\u00e8me de vid\u00e9oprotectionLe pr\u00e9fet du Gard,Chevalier de la L\u00e9gion d'honneur,Officier de l'ordre national du M\u00e9rite,\nVu le titre V du livre Il de la partie l\u00e9gislative et de la partie r\u00e9glementaire du code de la s\u00e9curit\u00e9int\u00e9rieure;Vu le code civil et notamment son article 9;Vu le nouveau code p\u00e9nal et notamment son article 226-1 ;Vu le d\u00e9cret n\u00b0 2015-489 du 29 avril 2015 relatif a la vid\u00e9oprotection ;Vu le d\u00e9cret du 13juillet 2023 nommant M. J\u00e9r\u00f4me BONET, pr\u00e9fet du Gard;Vu l'arr\u00eat\u00e9 minist\u00e9riel et la circulaire du 3 ao\u00fbt 2007 portant d\u00e9finition des normes techniques dessyst\u00e8mes de vid\u00e9oprotection ;Vu l'arr\u00eat\u00e9 pr\u00e9fectoral n\u00b0 2023338-086 du 4 d\u00e9cembre 2023 portant autorisation defonctionnement d'un syst\u00e8me de vid\u00e9oprotection ;Vu l'arr\u00eat\u00e9 pr\u00e9fectoral n\u00b0 30-2024-10-18-00005 du 18 octobre 2024 donnant d\u00e9l\u00e9gation de signature aM. Yann GERARD, secr\u00e9taire g\u00e9n\u00e9ral de la pr\u00e9fecture du Gard, sous-pr\u00e9fet de N\u00eemes ;Vu l'arr\u00eat\u00e9 pr\u00e9fectoral n\u00b0 30-2024-10-18-00009 du 18 octobre 2024 donnant d\u00e9l\u00e9gation de signature aMme Marie-Charlotte EUVRARD, sous-pr\u00e9f\u00e8te, directrice de cabinet du pr\u00e9fet du Gard ;Vu l'arr\u00eat\u00e9 pr\u00e9fectoral n\u00b0 30-2024-11-28-00004 du 28 novembre 2024 donnant d\u00e9l\u00e9gation de signature\u00e0 M. Franck LACOSTE, directeur des s\u00e9curit\u00e9s, directeur de cabinet adjoint du pr\u00e9fet du Gard;Vu la circulaire n\u00b0 INT D09/00057/C du 12 mars 2009 relative aux conditions de d\u00e9ploiement dessyst\u00e8mes de vid\u00e9oprotection ;Vu la demande de modification de fonctionnement d'un syst\u00e8me de vid\u00e9oprotection pr\u00e9sent\u00e9epar la mairie de ROQUEMAURE;Vu l'avis du r\u00e9f\u00e9rent s\u00fbret\u00e9 ;\nH\u00f4tel de la Pr\u00e9fecture \u2014 10 avenue Feuch\u00e9res \u2014 30045 NIMES CEDEX 9T\u00e9l : 04.66.36.43.90 \u2014 Fax : 04.66.36.00.87 \u2014 www.gard.gouv.fr\nPrefecture du Gard - 30-2025-12-23-00004 - ARR\u00caT\u00c9 PR\u00c9FECTORAL VID\u00c9OPROTECTION MAIRIE ROQUEMAURE 2025 25\nVu l'avis de la commission d\u00e9partementale des syst\u00e8mes de vid\u00e9oprotection r\u00e9unie le 3 d\u00e9cembre2025 ;Sur proposition de la directrice de cabinet du pr\u00e9fet du Gard.Arr\u00eate :Article 1: La mairie de ROQUEMAURE est autoris\u00e9e \u00e0 modifier son syst\u00e8me de vid\u00e9oprotection.Cette autorisation est valable pour une dur\u00e9e de cinq ans renouvelable.La pr\u00e9sente autorisation est d\u00e9livr\u00e9e sans pr\u00e9judice des droits des tiers.Cette modification intervient sur l'installation de vid\u00e9oprotection pr\u00e9c\u00e9demment autoris\u00e9e pararr\u00eat\u00e9 pr\u00e9fectoral n\u00b0 2023338-086 du 4 d\u00e9cembre 2023 susvis\u00e9.Article 2: les modifications portent sur l'extension du syst\u00e8me par l'installation de 1 cam\u00e9raint\u00e9rieure et 4 cam\u00e9ras voie publique suppl\u00e9mentaires soit un total de 47 cam\u00e9ras (1 int\u00e9rieure et46 voie publique).Article 3: Le reste des dispositions pr\u00e9vues par l'arr\u00eat\u00e9 n\u00b0 2023338-086 du 4 d\u00e9cembre 2023demeure applicable.Article 4 : la directrice de cabinet du pr\u00e9fet du Gard, le directeur interd\u00e9partemental de la policenationale du Gard, le commandant du groupement de gendarmerie du Gard sont charg\u00e9s, chacunen ce qui le concerne, de l'ex\u00e9cution du pr\u00e9sent arr\u00eat\u00e9 qui sera publi\u00e9 au recueil des actesadministratifs de la pr\u00e9fecture. Un exemplaire de cette d\u00e9cision sera notifi\u00e9 au maire de lacommune de ROQUEMAURE.\nPour le pr\u00e9fet,et parpr delegation,Ave chef du serviced' Animation des2olitiques-de S\u00e9curit\u00e9 'Int\u00e9rieureLaurence FRANCESETTO\nPrefecture du Gard - 30-2025-12-23-00004 - ARR\u00caT\u00c9 PR\u00c9FECTORAL VID\u00c9OPROTECTION MAIRIE ROQUEMAURE 2025 26\nNum\u00e9rotationDESIGNATION DES CAMERAS AUTORISEES SUR ROQUEMAURECam\u00e9ras 01 et02En serviceFa\u00e7ade de l'H\u00f4tel de villeLa Cam\u00e9ra n\u00b001 : fixe \u00e0 champ large est install\u00e9e sur l'angle de l'H\u00f4tel de ville endirection du cours Bridaine et de l'\u00e9glise pour suivre les flux pi\u00e9tons et routiers, prot\u00e9gerla Mairie, l'\u00e9glise et leurs abords afin de pr\u00e9venir les d\u00e9tournements d'espace et lesatteintes aux biens.La Cam\u00e9ra n\u00b002 : fixe \u00e0 champ large est install\u00e9e sur l'angle de l'H\u00f4tel de Ville, enopposition avec la Cam\u00e9ra n\u00b001, en direction du cours Bridaine et de la Place de la Mairiepour suivre les flux pi\u00e9tons et routiers, prot\u00e9ger la Mairie, la Place de la Mairie et sescommerces afin de pr\u00e9venir les d\u00e9tournements d'espace et les atteintes aux biens.Cam\u00e9ras 03 et04En servicePlace de la Mairie \u2014 Fa\u00e7ade Caisse d'EpargneLa Cam\u00e9ra n\u00b003 : fixe \u00e0 champ large est install\u00e9e sur un d\u00e9port en la fa\u00e7ade de la CaisseD'Epargne (Rue de la Libert\u00e9) permet de voir les flux routiers et pi\u00e9tons dans la rue de laLibert\u00e9 (Venant du Boulevard National) et une partie de la Place de la Mairie afin depr\u00e9venir les atteintes aux biens et les d\u00e9tournements d'espace.La Cam\u00e9ra n\u00b004 : fixe \u00e0 champ large est install\u00e9e, un peu plus loin, sur un d\u00e9port sur lafa\u00e7ade de la Caisse D'Epargne (Rue de la Libert\u00e9) permet de voir les flux routiers etpi\u00e9tons sur la Place de la Mairie afin de pr\u00e9venir les atteintes aux biens et lesd\u00e9tournements d'espace et de couvrir les espaces laiss\u00e9s par la cam\u00e9ra n\u00b003.Cam\u00e9ra 05En serviceHalles couvertesLa cam\u00e9ra n\u00b005: fixe \u00e0 champ large, install\u00e9e sur un cand\u00e9labre d'\u00e9clairage publicexistant situ\u00e9 face aux Halle couvertes, permet de visualiser les flux des v\u00e9hicules et despi\u00e9tons sur le parking face aux halles, et de prot\u00e9ger en partie cet \u00e9difice contre lesatteintes aux biens et les d\u00e9tournements d'espace.Cam\u00e9ras 06 et07En serviceCarrefour Boulevard National \u2014 rue de la Fraternit\u00e9 - rue de la R\u00e9publiqueLa Cam\u00e9ra _ n\u00b006 : fixe \u00e0 champ large contextuelle, associ\u00e9e \u00e0 la cam\u00e9ra n\u00b007 decirculation \u00e0 champs \u00e9troit, est install\u00e9e sur un mat situ\u00e9 \u00e0 l'intersection du BoulevardNational, rue de la Fraternit\u00e9 et de la Rue de la R\u00e9publique. Elle permettra de suivre lesflux de circulation dans les rues pr\u00e9cit\u00e9es.La Cam\u00e9ra n\u00b007 : fixe de circulation \u00e0 champ \u00e9troit est fix\u00e9e sur le m\u00eame support que lacam\u00e9ra n\u00b006 fixe contextuelle \u00e0 laquelle elle est associ\u00e9e et permettra de faire un focus surles plaques d'immatriculations des v\u00e9hicules passant \u00e0 cet endroit du boulevard National.Cam\u00e9ra 08En servicePartie Nord du Cours de la Pousterle \u2014 Monuments aux mortsLa Cam\u00e9ra n\u00b008 : fixe \u00e0 champ large est install\u00e9e sur un nouveau cand\u00e9labre d'\u00e9clairagepublic situ\u00e9 au niveau du monuments aux Morts situ\u00e9e sur le Cours de la Pousterle. Ellepermettra de pr\u00e9venir les atteintes aux biens et les d\u00e9tournements d'espace sur cette partiedu Cour de la Pousterle et du Boulevard National. Plus g\u00e9n\u00e9ralement, elle permettra devisualiser les flux pi\u00e9tons et routiers en ces lieux.Cam\u00e9ra 09Programm\u00e9eCours de la Pousterle \u2014 Boulevard NationalLa Cam\u00e9ra n\u00b009 : fixe multicapteurs 360\u00b0 install\u00e9e sur un cand\u00e9labre d'\u00e9clairage publicsitu\u00e9 au centre du Cours de la Pousterle sur le Boulevard National. Elle permettra depr\u00e9venir les atteintes aux biens et les d\u00e9tournements d'espace sur l'ensemble du Cour de laPousterle et du Boulevard National dont les commerces et les v\u00e9hicules en stationnementet les usagers des abris-bus. Plus g\u00e9n\u00e9ralement, elle permettra de visualiser les flux pi\u00e9tonset routiers en ces lieux.Cam\u00e9ra 10En serviceAngle Rue de la Libert\u00e9 \u2014 Boulevard National \u2014 Cours Aristide BriandLa Cam\u00e9ra n\u00b010 : fixe \u00e0 champ large est install\u00e9e sur l'angle du b\u00e2timent situ\u00e9 au 02 ruede la Libert\u00e9 \u00e0 l'intersection entre la rue de la Libert\u00e9, le boulevard National et le CoursAristide Briand. Elle permettra de pr\u00e9venir les atteintes aux biens et les d\u00e9tournementsd'espace en ces lieux et g\u00e9n\u00e9ralement, d'y visualiser les flux pi\u00e9tons et routiers.Cam\u00e9ra 11En serviceContre All\u00e9e Aristide Briand (Entre les toilettes publiques et le Cr\u00e9dit Agricole)La Cam\u00e9ra n\u00b011 : fixe \u00e0 champ large est install\u00e9e sur un nouveau cand\u00e9labre d'\u00e9clairage\nPrefecture du Gard - 30-2025-12-23-00004 - ARR\u00caT\u00c9 PR\u00c9FECTORAL VID\u00c9OPROTECTION MAIRIE ROQUEMAURE 2025 27\npublic situ\u00e9 dans la contre All\u00e9e Aristide Briand (Entre les toilettes publiques \u2014 Cr\u00e9ditAgricole). Elle permettra de pr\u00e9venir les atteintes aux biens et les d\u00e9tournements d'espace,dans la contre-all\u00e9e du cours Aristide Briand sur les toilettes publiques, l'arr\u00eat de bus et lesbornes de recharge \u00e9lectrique. Plus g\u00e9n\u00e9ralement, elle permettra de visualiser les fluxpi\u00e9tons et routiers en ces lieux et sur le cours Aristide Briand.Cam\u00e9ra 12 Le bureau de posteNon install\u00e9e | La cam\u00e9ra n\u00b012_: Fixe anti-vandalisme sera appos\u00e9e sur la fa\u00e7ade de la Banque Postaleet permettra de visualiser les flux pi\u00e9tons et routiers circulant sur la rue de la Paix tout en ypr\u00e9venant les atteintes aux biens et les d\u00e9tournements d'espace.Cam\u00e9ra 13 Le CCASNon install\u00e9eLa cam\u00e9ra n\u00b013_: Fixe anti-vandalisme sera appos\u00e9e sur la fa\u00e7ade du CCAS et permettrade visualiser les flux pi\u00e9tons circulant sur la rue de la Paix tout en pr\u00e9venant les atteintesaux biens et les d\u00e9tournements d'espace sur ce b\u00e2timent communal.Cam\u00e9ra 14Non install\u00e9eEspace Jean-Baptiste FabreLa cam\u00e9ra n\u00b014: fixe \u00e0 champ large install\u00e9e sur l'arri\u00e8re du B\u00e2timent communalEspace Clic France Services de Roquemaure permettra de prot\u00e9ger l'espace Jean-BaptisteFabre et le b\u00e2timent communal contre les d\u00e9tournements d'espace et les atteintes auxbiens, tout en permettant de visualiser les flux sur la rue Jean-Baptiste Fabre.Cam\u00e9ra 15Non install\u00e9eRue du 08 mai 1945 (D916) \u2014 La Mosqu\u00e9eLa cam\u00e9ra n\u00b015: Fixe longue port\u00e9e install\u00e9e sur un m\u00e2t (ou un poteau de signalisation)situ\u00e9 sur la rue Carnot \u00e0 l'intersection avec la rue du 08 Mai 1945 (D916). Elle seraorient\u00e9e vers la rue 08 mai 1945 en prot\u00e9geant, dans le cadre de Vigipirate, la Mosqu\u00e9e dela commune. Plus g\u00e9n\u00e9ralement, elle permettra de lutter contre les atteintes aux biens et devisualiser les flux pi\u00e9tons et routiers dans cette rue et au niveau carrefour avec la rueCarnot.Cam\u00e9ra 16 Entr\u00e9e Groupe Scolaire Jean Vilar - Rue CarnotNon install\u00e9e | La cam\u00e9ra n\u00b016: Fixe \u00e0 champ large sera install\u00e9e sur un poteau b\u00eaton EDF situ\u00e9 sur larue Carnot \u00e0 l'intersection avec la rue du 08 Mai 1945 (D916). Elle prot\u00e9gera, dans lecadre de Vigipirate, les abords et l'entr\u00e9e du Groupe Scolaire Jean Vilar. Plusg\u00e9n\u00e9ralement, elle permettra de lutter contre les atteintes aux biens et de visualiser les fluxpi\u00e9tons et routiers dans la rue Carnot et aux abords de l'\u00e9cole pr\u00e9-cit\u00e9e.Cam\u00e9ra 17 Entr\u00e9e Sud de I'Ecole Albert Camus - Rue Jean-Jacques RousseauNon install\u00e9eLa cam\u00e9ra n\u00b017: Fixe install\u00e9e sur un cand\u00e9labre \u00e9clairage externe interne \u00e0 l'\u00e9coleAlbert Camus situ\u00e9 rue Jean-Jacques Rousseau. Elle sera orient\u00e9e vers l'entr\u00e9e, sonavanc\u00e9e ext\u00e9rieure vers la Rue Jean-Jacques Rousseau et prot\u00e9gera, dans le cadre deVigipirate, les abords et l'entr\u00e9e de l'\u00e9cole Albert Camus. Plus g\u00e9n\u00e9ralement, ellepermettra de lutter contre les atteintes aux biens et les d\u00e9tournements d'espace et devisualiser les flux pi\u00e9tons et routiers en ces lieux.Cam\u00e9ra 18Non install\u00e9eCarrefour Pierre S\u00e9mard \u2014 Avenue Jean-Jacques Rousseau \u2014 D976La cam\u00e9ra n\u00b018: Fixe sera install\u00e9e sur un d\u00e9port fix\u00e9 \u00e0 un cand\u00e9labre \u00e9clairage situ\u00e9 \u00e0hauteur du 4 rue Pierre S\u00e9mard. Elle sera orient\u00e9e vers le Carrefour form\u00e9 par la rue PierreS\u00e9mard, l'Avenue Jean-Jacques Rousseau et la D976 pour visualiser le feu du carrefour,victime de d\u00e9lit de fuite. Elle permettra de pr\u00e9venir les atteintes aux biens et de visualiserles flux pi\u00e9tons et routiers en ces lieux.Cam\u00e9ras 19 et20 Rue Voltaire - Salle des f\u00eates \"La Catanrello\"' et piscine municipaleLa cam\u00e9ra n\u00b019 : fixe \u00e0 champ large situ\u00e9e \u00e0 l'angle Sud-Est de la Salle des F\u00eates et de laRue Voltaire permet de prot\u00e9ger le flan sud de la Salle des F\u00eates et le b\u00e2timent de lapiscine municipale pour dissuader les atteintes aux biens et les d\u00e9tournements d'espace.Plus g\u00e9n\u00e9ralement, elle permettra de suivre les flux pi\u00e9tons et routiers en ces lieux et sur laRue Voltaire.La cam\u00e9ra n\u00b020 : fixe est install\u00e9e sur la fa\u00e7ade Ouest de la salle des f\u00eates (c\u00f4t\u00e9 cours detennis) pour visionner l'entr\u00e9e principale de la salle des f\u00eates .Cam\u00e9ra 21Route de N\u00eemes (au num\u00e9ro 200)La Cam\u00e9ra n\u00b021 : fixe \u00e0 champ large contextuelle est install\u00e9e \u00e0 hauteur du 200 Route de\nPrefecture du Gard - 30-2025-12-23-00004 - ARR\u00caT\u00c9 PR\u00c9FECTORAL VID\u00c9OPROTECTION MAIRIE ROQUEMAURE 2025 28\nNimes sur un cand\u00e9labre d'\u00e9clairage public, m\u00e9me support que la cam\u00e9ra n\u00b043 decirculation \u00e0 champ \u00e9troit VPI a laquelle elle est associ\u00e9e. Elle permet de visualiser lesflux sur la Route de Nimes et de s\u00e9curiser les commerces.Cam\u00e9ras 22 a24Non install\u00e9esLa Cr\u00e8che \u00ab Plan\u00e8te Bambins \u00bbLes Cam\u00e9ras n\u00b022 et 23: Fixes \u00e0 champ large positionn\u00e9es sur deux mats d'\u00e9clairagepublic situ\u00e9s sur le parking nord de la cr\u00e8che \u00ab Plan\u00e8te Bambins \u00bb qui permettront deprot\u00e9ger, dans le cadre Vigipirate, toute la partie Nord du b\u00e2timent et son parking et, aussi,pour y pr\u00e9venir les atteintes aux biens et les d\u00e9tournements d'espace. Plus g\u00e9n\u00e9ralement,elles permettront \u00e9galement de visualiser les flux routiers et pi\u00e9tons en ces lieux.La Cam\u00e9ra n\u00b024: Fixe anti-vandalisme intall\u00e9e dans le hall ext\u00e9rieur de la cr\u00e8che\u00ab Plan\u00e8te Bambins \u00bb. Elle permettra de s\u00e9curiser, dans le cadre de Vigipirate, le b\u00e2timentcommunal et ses acc\u00e8s principaux en y \u00e9vitant les atteintes et les d\u00e9tournements d'espace,tout en visualisant les flux.Cam\u00e9ras 25 et26Non install\u00e9esChapelle Saint Joseph (RD 976) / Chemin de Saint JosephLa Cam\u00e9ra n\u00b025 : fixe contextuelle associ\u00e9e \u00e0 la cam\u00e9ra de circulation \u00e0 champ \u00e9troitn\u00b026, est install\u00e9e sur un d\u00e9port fix\u00e9 sur mat neuf situ\u00e9 au niveau de la Chapelle Saint-Joseph sur la D980 \u00e0 l'intersection avec le chemin Saint-Joseph. Elle permettra devisualiser les flux de circulation \u00e0 hauteur de cette intersection.La Cam\u00e9ra n\u00b026 : fixe de circulation \u00e0 champ \u00e9troit est fix\u00e9e sur le m\u00eame support que lacam\u00e9ra n\u00b025 fixe contextuelle \u00e0 laquelle elle est associ\u00e9e et permettra de faire un focus surles plaques d'immatriculations des v\u00e9hicules passant \u00e0 cet endroit de la Route de N\u00eemes(D980).Cam\u00e9ras 27 et28Non install\u00e9esLe parking de MiemartLes cam\u00e9ras n\u00b027 et n\u00b028: Fixes \u00e0 champ large seront install\u00e9es l'une \u00e0 l'entr\u00e9e duparking de Miemart sur un cand\u00e9labre d'\u00e9clairage public existant et l'autre dans le coinoppos\u00e9, au fond de ce m\u00eame parking. Elles permettront de visualiser les flux pi\u00e9tons etroutiers sur ce parking, tout en dissuadant les d\u00e9tournements d'espace et d'y prot\u00e9ger lesusagers et leurs biens contre les atteintes aux biens.Cam\u00e9ras 29 et30Non install\u00e9esBoulevard National/ Entr\u00e9e du Parking Mi\u00e9martLa Cam\u00e9ra n\u00b029 : fixe \u00e0 champ large contextuelle associ\u00e9e \u00e0 la cam\u00e9ra de circulation \u00e0champ \u00e9troit n\u00b030, est install\u00e9e sur un cand\u00e9labre d'\u00e9clairage public, le m\u00eame support queles cam\u00e9ras 27 et 30 situ\u00e9 neuf situ\u00e9 \u00e0 l'entr\u00e9e du parking de Miemart. Elle permettra devisualiser les flux de circulation sur le Boulevard National, le petit parking du c\u00f4t\u00e9 CityStade et cet am\u00e9nagement. Dans le cadre du petit parking et du city stade, elle permettra depr\u00e9venir en ces lieux les atteintes aux biens et les d\u00e9tournements d'espace.La Cam\u00e9ra n\u00b030 : fixe de circulation \u00e0 champ \u00e9troit est fix\u00e9e \u00e0 l'entr\u00e9e du parking deMiermart sur le m\u00eame support que la cam\u00e9ra n\u00b029 fixe contextuelle \u00e0 laquelle elle estassoci\u00e9e, et permettra sur le Boulevard National de faire un focus sur les plaquesd'immatriculations des v\u00e9hicules passant par cet axe.Cam\u00e9ra 31Non install\u00e9eLe parc pour enfantsLa cam\u00e9ra n\u00b031: Fixe \u00e0 champ large sera install\u00e9e sur un cand\u00e9labre d'\u00e9clairage publicexistant mais r\u00e9hauss\u00e9 aux abords du parc de jeux pour enfants. Elle permettra devisualiser les diff\u00e9rents flux sur le chemin, sur le parc pour enfants et les tables de pique-niques pr\u00e8s des berges afin de pr\u00e9venir les atteintes aux biens et les d\u00e9tournementsd'espace.Cam\u00e9ras 32 et33Non install\u00e9esLa P\u00e9n\u00e9trante Est \u2014 Rue du Rh\u00f4ne \u2014 Chemin de la D\u00e9fraisse - D980La Cam\u00e9ra n\u00b032 : fixe \u00e0 champ large contextuelle associ\u00e9e \u00e0 la cam\u00e9ra de circulation \u00e0champ \u00e9troit n\u00b033, est install\u00e9e sur un m\u00e2t neuf situ\u00e9 sur la rue du Rh\u00f4ne \u00e0 l'entr\u00e9e desAr\u00e8nes communales. Elle permettra de visualiser les flux routiers et pi\u00e9tons sur la rue duRh\u00f4ne, sur le Chemin de la D\u00e9fraisse et la D980 afin de pr\u00e9venir les atteintes aux biens.La Cam\u00e9ra n\u00b033: fixe de circulation \u00e0 champ \u00e9troit est fix\u00e9e \u00e0 l'entr\u00e9e des Ar\u00e8nesCommunales sur le m\u00eame support que la cam\u00e9ra n\u00b032 fixe contextuelle \u00e0 laquelle elle estassoci\u00e9e. Elle permettra, sur le Chemin de D\u00e9fraisse, de faire un focus sur les plaquesd'immatriculation des v\u00e9hicules passant par cet axe et entrant et sortant par la p\u00e9n\u00e9tranteEst (D980).\nPrefecture du Gard - 30-2025-12-23-00004 - ARR\u00caT\u00c9 PR\u00c9FECTORAL VID\u00c9OPROTECTION MAIRIE ROQUEMAURE 2025 29\nCam\u00e9ras 34 et35Programm\u00e9esLa P\u00e9n\u00e9trante Sud-Est \u2014 Route d'Avignon.La Cam\u00e9ra n\u00b034 : fixe contextuelle sera install\u00e9e sur un cand\u00e9labre d'\u00e9clairage publicexistant situ\u00e9 sur la route d'Avignon \u00e0 hauteur du carrefour avec la Rue G\u00e9rard Philippe,m\u00eame support que la cam\u00e9ra n\u00b035 de circulation \u00e0 champ \u00e9troit VPI, \u00e0 laquelle elle estassoci\u00e9e. Elle sera orient\u00e9e vers le centre du village et permettra de visualiser les fluxroutiers et pi\u00e9tons sur la route d'Avignon afin de pr\u00e9venir les atteintes aux biens et lesd\u00e9tournements d'espace.La Cam\u00e9ra n\u00b035 : fixe de circulation \u00e0 champ \u00e9troit sera install\u00e9e avec un d\u00e9port sur unm\u00e2t existant situ\u00e9 sur la route d'Avignon \u00e0 hauteur du carrefour avec la Rue G\u00e9rardPhilippe, m\u00eame support que la cam\u00e9ra n\u00b034 fixe contextuelle \u00e0 laquelle elle est associ\u00e9e.Elle sera orient\u00e9e vers le centre du village et permettra, sur la Route d' Avignon, de faire unfocus sur les plaques d'immatriculation des v\u00e9hicules circulant dans les deux sens de l'axepr\u00e9cit\u00e9, p\u00e9n\u00e9trante sud-Est de la Commune.Cam\u00e9ra 36Non install\u00e9eRoute d'Avignon \u2014 Jeanne Barth\u00e9l\u00e9myLa cam\u00e9ra n\u00b036: Fixe sur l'angle de l'habitation situ\u00e9e \u00e0 l'intersection de la Routed'Avignon et de la Rue Paul Bert. Elle permettra de visualiser les flux pi\u00e9tons et routierssur la Route d'Avignon et l'avenue Jeanne Barth\u00e9l\u00e9my afin de pr\u00e9venir les atteintes auxbiens et les d\u00e9tournements d'espace.Cam\u00e9ra 37Non install\u00e9eRue Paul Bert \u2014 Place du Planet \u2014 Boulevard NationalLa cam\u00e9ra n\u00b037: Fixe \u00e0 champ large sur l'angle de l'habitation situ\u00e9e \u00e0 l'intersection dela rue Paul Bert et de la Place du Planet. Elle permettra de visualiser les flux pi\u00e9tons etroutiers sur la Rue Paul Bert et sur la place du Planet afin de pr\u00e9venir les atteintes auxbiens et les d\u00e9tournements d'espace.Cam\u00e9ra 38Non install\u00e9eRue Paul Bert \u2014 Avenue du 11 novembre 1918La cam\u00e9ra n\u00b038: Fixe \u00e0 champ large sur l'angle de l'habitation situ\u00e9e \u00e0 l'intersection dela rue Paul Bert et de l'avenue du 11 Novembre 1918. Elle permettra de visualiser les fluxpi\u00e9tons et routiers sur la Rue Paul Bert et sur l'Avenue du 11 Novembre 1918 afin depr\u00e9venir les atteintes aux biens et les d\u00e9tournements d'espace.Cam\u00e9ras 39 et40En serviceRue Romain Rolland - Ecole Maternelle F. PradeLa cam\u00e9ra n\u00b039: fixe \u00e0 champ large est install\u00e9e sur le cand\u00e9labre d'\u00e9clairage situ\u00e9 \u00e0 c\u00f4t\u00e9de l'entr\u00e9e de l'\u00e9cole maternelle Francette Prade afin de pouvoir suivre les diff\u00e9rents fluxroutiers et pi\u00e9tons aux abords imm\u00e9diats de ce b\u00e2timent communal.La cam\u00e9ra n\u00b040 : fixe \u00e0 champ large est install\u00e9e sur un m\u00e2t et orient\u00e9e en direction duparking situ\u00e9 en bordure de l'\u00e9cole maternelle Francette Prade afin de la prot\u00e9ger dans lecadre Vigipirate et contre les atteintes aux biens.Cam\u00e9ras 41 et42En serviceLe complexe sportif Gymnase et Dojo Guy PecoulLa cam\u00e9ra n\u00b041: fixe \u00e0 champ large est install\u00e9e sur la fa\u00e7ade Ouest du gymnase GuyP\u00e9coul. Elle permettra de visualiser les deux acc\u00e8s ext\u00e9rieurs \u00e0 ce niveau et de visualiseren partie le parking du coll\u00e8ge Jean Val\u00e9ry afin de pouvoir suivre les diff\u00e9rents flux et depr\u00e9venir les atteintes aux biens et les d\u00e9tournements d'espace.La cam\u00e9ra n\u00b042 : fixe anti-vandalisme est install\u00e9e au-dessus de l'acc\u00e8s sud-est dugymnase Guy P\u00e9coul face aux tennis. Elle permettra de prot\u00e9ger ce b\u00e2timent communal etles installations de tennis contre les atteintes aux biens et les d\u00e9tournements d'espace.Cam\u00e9ra 43En serviceRoute de N\u00eemes VPI (au num\u00e9ro 200)La Cam\u00e9ra n\u00b043 : fixe de circulation \u00e0 champ \u00e9troit VPI est install\u00e9e \u00e0 hauteur du 200Route de N\u00eemes sur un cand\u00e9labre d'\u00e9clairage public, m\u00eame support que la cam\u00e9ra n\u00b021 \u00e0champ large contextuelle \u00e0 laquelle elle est associ\u00e9e. Elle permet de visualiser de faire unfocus sur les immatriculations des v\u00e9hicules circulant dans les deux sens sur la Route deN\u00eemes.Cam\u00e9ra 44Programm\u00e9eMaison m\u00e9dicale communaleLa Cam\u00e9ra n\u00b044 : fixe dome anti-vandalisme sera install\u00e9e dans la salle d'accueil de lamaison m\u00e9dicale communale situ\u00e9e Rue du Rh\u00f4ne. Elle permettra de pr\u00e9venir, en ce lieu,les atteintes aux biens et aux personnes, tout en y visualisant les flux.Cam\u00e9ras 45 etAvenue de l'Aspre (Acc\u00e8s Zone)\nPrefecture du Gard - 30-2025-12-23-00004 - ARR\u00caT\u00c9 PR\u00c9FECTORAL VID\u00c9OPROTECTION MAIRIE ROQUEMAURE 2025 30\n46ProgrammeesLa Cam\u00e9ra n\u00b045 : fixe multicapteurs 360\u00b0 contextuelle \u00e9quip\u00e9e infrarouge sera install\u00e9esur un nouveau m\u00e2t situ\u00e9 \u00e0 l'intersection de l'entr\u00e9e et de la sortie de |' Avenue de L'Aspre,m\u00eame support que la Cam\u00e9ra n\u00b047 fixe de circulation \u00e0 champ \u00e9troit (VPI) \u00e0 laquelle elleest associ\u00e9e. Elle permettra de pr\u00e9venir en ce lieux les atteintes aux biens et aux personnesdont les points d'apports volontaires, les d\u00e9tournements d'espace et d'y visualiser sur cetunique acc\u00e8s \u00e0 cette zone \u00e9conomique de L' Aspre, les flux pi\u00e9tons et routiers.La Cam\u00e9ra n\u00b046 : fixe de circulation \u00e0 champ \u00e9troit (VPT) sera install\u00e9e sur un nouveaum\u00e2t situ\u00e9 \u00e0 l'intersection de l'entr\u00e9e et de la sortie de l' Avenue de L'Aspre, m\u00eame supportque la Cam\u00e9ra n\u00b046 fixe multicapteurs 360\u00b0 contextuelle \u00e9quip\u00e9e infrarouge \u00e0 laquelle elleest associ\u00e9e. Elle permettra de faire un focus sur les plaques d'immatriculation desv\u00e9hicules empruntant l' Avenue de l'Aspre dans ses deux voies de circulation.Cam\u00e9ra 47Programm\u00e9eCity- StadeLa Cam\u00e9ra n\u00b047 : fixe \u00e0 champ large sera install\u00e9e sur un nouveau m\u00e2t situ\u00e9 entre le citystade et l'acc\u00e8s \u00e0 la future zone de d\u00e9tente de Miemart. Elle permettra de pr\u00e9venir, en ceslieux et sur le parking des berges, les atteintes aux biens et aux personnes et lesd\u00e9tournements d'espace. Plus g\u00e9n\u00e9ralement, elle permettra d'y visualiser les flux pi\u00e9tonset routiers.\nPrefecture du Gard - 30-2025-12-23-00004 - ARR\u00caT\u00c9 PR\u00c9FECTORAL VID\u00c9OPROTECTION MAIRIE ROQUEMAURE 2025 31\nPrefecture du Gard - 30-2025-12-23-00004 - ARR\u00caT\u00c9 PR\u00c9FECTORAL VID\u00c9OPROTECTION MAIRIE ROQUEMAURE 2025 32\nPrefecture du Gard\n30-2025-12-23-00009\nARR\u00caT\u00c9 PR\u00c9FECTORAL VID\u00c9OPROTECTION\nRESOTAINER NIMES 2025\nPrefecture du Gard - 30-2025-12-23-00009 - ARR\u00caT\u00c9 PR\u00c9FECTORAL VID\u00c9OPROTECTION RESOTAINER NIMES 2025 33\nPREFET CabinetDU GARD Direction des S\u00e9curit\u00e9sLibert\u00e9 Service de l'Animation des Politiquespsi de S\u00e9curit\u00e9 Int\u00e9rieureFraternit\u00e9 Bureau des Polices Administratives\nArr\u00eat\u00e9 n\u00b0 30-2025-portant modification de l'autorisation de fonctionnement d'un syst\u00e8me de vid\u00e9oprotectionLe pr\u00e9fet du Gard,Chevalier de la L\u00e9gion d'honneur,Officier de l'ordre national du M\u00e9rite,\nVu le titre V du livre Il de la partie l\u00e9gislative et de la partie r\u00e9glementaire du code de la s\u00e9curit\u00e9int\u00e9rieure;Vu le code civil et notamment son article 9;Vu le nouveau code p\u00e9nal et notamment son article 226-1 ;Vu le d\u00e9cret n\u00b0 2015-489 du 29 avril 2015 relatif \u00e0 la vid\u00e9oprotection ;Vu le d\u00e9cret du 13 juillet 2023 nommant M. J\u00e9r\u00f4me BONET, pr\u00e9fet du Gard;Vu l'arr\u00eat\u00e9 minist\u00e9riel et la circulaire du 3 ao\u00fbt 2007 portant d\u00e9finition des normes techniques dessyst\u00e8mes de vid\u00e9oprotection ;Vu l'arr\u00eat\u00e9 pr\u00e9fectoral n\u00b0 2020204-071 du 22 juillet 2020 portant autorisation de fonctionnementd'un syst\u00e8me de vid\u00e9oprotection ;Vu l'arr\u00eat\u00e9 pr\u00e9fectoral n\u00b0 30-2024-10-18-00005 du 18 octobre 2024 donnant d\u00e9l\u00e9gation de signature aM. Yann GERARD, secr\u00e9taire g\u00e9n\u00e9ral de la pr\u00e9fecture du Gard, sous-pr\u00e9fet de N\u00eemes;Vu l'arr\u00eat\u00e9 pr\u00e9fectoral n\u00b0 30-2024-10-18-00009 du 18 octobre 2024 donnant d\u00e9l\u00e9gation de signature aMme Marie-Charlotte EUVRARD, sous-pr\u00e9f\u00e8te, directrice de cabinet du pr\u00e9fet du Gard;Vu l'arr\u00eat\u00e9 pr\u00e9fectoral n\u00b0 30-2024-11-28-00004 du 28 novembre 2024 donnant d\u00e9l\u00e9gation de signature\u00e0 M. Franck LACOSTE, directeur des s\u00e9curit\u00e9s, directeur de cabinet adjoint du pr\u00e9fet du Gard;Vu la circulaire n\u00b0 INT D09/00057/C du 12 mars 2009 relative aux conditions de d\u00e9ploiement dessyst\u00e8mes de vid\u00e9oprotection ;Vu la demande de modification de fonctionnement d'un syst\u00e8me de vid\u00e9oprotection pr\u00e9sent\u00e9epar l'\u00e9tablissement RESOTAINER de NIMES ;Vu l'avis du r\u00e9f\u00e9rent s\u00fbret\u00e9 ;\nH\u00f4tel de la Pr\u00e9fecture \u2014 10 avenue Feuch\u00e8res \u2014 30045 NIMES CEDEX 9T\u00e9l : 04.66.36.43.90 \u2014 Fax : 04.66.36.00.87 \u2014 www.gard.gouv.fr\nPrefecture du Gard - 30-2025-12-23-00009 - ARR\u00caT\u00c9 PR\u00c9FECTORAL VID\u00c9OPROTECTION RESOTAINER NIMES 2025 34\nVu l'avis de la commission d\u00e9partementale des syst\u00e8mes de vid\u00e9oprotection r\u00e9unie le 3 d\u00e9cembre2025:Sur proposition de la directrice de cabinet du pr\u00e9fet du Gard.Arr\u00eate :Article 1: L'\u00e9tablissement RESOTAINER est autoris\u00e9 \u00e0 modifier son syst\u00e8me de vid\u00e9oprotection.Cette autorisation est valable pour une dur\u00e9e de cinq ans renouvelable.La pr\u00e9sente autorisation est d\u00e9livr\u00e9e sans pr\u00e9judice des droits des tiers.Cette modification intervient sur l'installation de vid\u00e9oprotection pr\u00e9c\u00e9demment autoris\u00e9e pararr\u00eat\u00e9 pr\u00e9fectoral n\u00b0 2020204-071 du 22juillet 2020 susvis\u00e9.Article 2: les modifications portent sur l'extension du syst\u00e8me par l'installation de 3 cam\u00e9rasext\u00e9rieures soit un total de 4 cam\u00e9ras (1 int\u00e9rieure et 3 ext\u00e9rieures).Article 3 : Le reste des dispositions pr\u00e9vues par l'arr\u00eat\u00e9 n\u00b0 2020204-071 du 22 juillet 2020 demeureapplicable.Article 4: la directrice de cabinet du pr\u00e9fet du Gard, le directeur interd\u00e9partemental de la policenationale du Gard, le commandant du groupement de gendarmerie du Gard sont charg\u00e9s, chacunen ce qui le concerne, de l'ex\u00e9cution du pr\u00e9sent arr\u00eat\u00e9 qui sera publi\u00e9 au recueil des actesadministratifs de la pr\u00e9fecture. Un exemplaire de cette d\u00e9cision sera notifi\u00e9 aux p\u00e9titionnaires ainsiqu'\u00e0 la mairie d'implantation.23 DEC. 2025Le pr\u00e9fet,Pour le.pr\u00e9fet,et par d\u00e9l\u00e9gation,Le chef du service d'Animation des~~ Politiques de S\u00e9curit\u00e9 Int\u00e9rieureC Laurenc-FRANCESETTOrosso\nPrefecture du Gard - 30-2025-12-23-00009 - ARR\u00caT\u00c9 PR\u00c9FECTORAL VID\u00c9OPROTECTION RESOTAINER NIMES 2025 35\nPrefecture du Gard\n30-2025-12-23-00010\nARR\u00caT\u00c9 PR\u00c9FECTORAL VID\u00c9OPROTECTION SG\nCOURTOIS - AMIRAL COURBET - NIMES 2025\nPrefecture du Gard - 30-2025-12-23-00010 - ARR\u00caT\u00c9 PR\u00c9FECTORAL VID\u00c9OPROTECTION SG COURTOIS - AMIRAL COURBET - NIMES\n2025 36\nPREFET canineDU GARD Direction des S\u00e9curit\u00e9sLibert\u00e9 Service de l'Animation des PolitiquesFete de S\u00e9curit\u00e9 Int\u00e9rieureFraternit\u00e9 .Bureau des Polices Administratives\nArr\u00eat\u00e9 n\u00b0 30-2025-portant modification de l'autorisation de fonctionnement d'un syst\u00e8me de vid\u00e9oprotectionLe pr\u00e9fet du Gard,Chevalier de la L\u00e9gion d'honneur,Officier de l'ordre national du M\u00e9rite,\nVu le titre V du livre Il de la partie l\u00e9gislative et de la partie r\u00e9glementaire du code de la s\u00e9curit\u00e9int\u00e9rieure;Vu le code civil et notamment son article 9;Vu le nouveau code p\u00e9nal et notamment son article 226-1 ;Vu le d\u00e9cret n\u00b0 2015-489 du 29 avril 2015 relatif \u00e0 la vid\u00e9oprotection ;Vu le d\u00e9cret du 13 juillet 2023 nommant M. J\u00e9r\u00f4me BONET, pr\u00e9fet du Gard;Vu l'arr\u00eat\u00e9 minist\u00e9riel et la circulaire du 3 ao\u00fbt 2007 portant d\u00e9finition des normes techniques dessyst\u00e8mes de vid\u00e9oprotection ;Vu l'arr\u00eat\u00e9 pr\u00e9fectoral n\u00b0 2020204-096 du 22 juillet 2020 portant renouvellement defonctionnement d'un syst\u00e8me de vid\u00e9oprotection ;Vu l'arr\u00eat\u00e9 pr\u00e9fectoral n\u00b0 30-2024-10-18-00005 du 18 octobre 2024 donnant d\u00e9l\u00e9gation de signature \u00e0M. Yann GERARD, secr\u00e9taire g\u00e9n\u00e9ral de la pr\u00e9fecture du Gard, sous-pr\u00e9fet de N\u00eemes ;Vu l'arr\u00eat\u00e9 pr\u00e9fectoral n\u00b0 30-2024-10-18-00009 du 18 octobre 2024 donnant d\u00e9l\u00e9gation de signature \u00e0Mme Marie-Charlotte EUVRARD, sous-pr\u00e9f\u00e8te, directrice de cabinet du pr\u00e9fet du Gard;Vu l'arr\u00eat\u00e9 pr\u00e9fectoral n\u00b0 30-2024-11-28-00004 du 28 novembre 2024 donnant d\u00e9l\u00e9gation de signature\u00e0 M. Franck LACOSTE, directeur des s\u00e9curit\u00e9s, directeur de cabinet adjoint du pr\u00e9fet du Gard;Vu la circulaire n\u00b0 INT D09/00057/C du 12 mars 2009 relative aux conditions de d\u00e9ploiement dessyst\u00e8mes de vid\u00e9oprotection ;Vu la demande de modification de fonctionnement d'un syst\u00e8me de vid\u00e9oprotection pr\u00e9sent\u00e9epar l'\u00e9tablissement SG COURTOIS sise 7 boulevard Amiral Courbet \u00e0 N\u00ceMES ;Vu l'avis du r\u00e9f\u00e9rent s\u00fbret\u00e9 ;\nH\u00f4tel de la Pr\u00e9fecture \u2014 10 avenue Feuch\u00e8res \u2014 30045 NIMES CEDEX 9T\u00e9l : 04.66.36.43.90 - Fax : 04.66.36.00.87 \u2014 www.gard.gouv.fr\nPrefecture du Gard - 30-2025-12-23-00010 - ARR\u00caT\u00c9 PR\u00c9FECTORAL VID\u00c9OPROTECTION SG COURTOIS - AMIRAL COURBET - NIMES\n2025 37\nVu l'avis de la commission d\u00e9partementale des syst\u00e8mes de vid\u00e9oprotection r\u00e9unie le 3 d\u00e9cembre2025;Sur proposition de la directrice de cabinet du pr\u00e9fet du Gard.Arr\u00eate :Article 1 : L'\u00e9tablissement SG COURTOIS est autoris\u00e9 \u00e0 modifier son syst\u00e8me de vid\u00e9oprotection.Cette autorisation est valable pour une dur\u00e9e de cinq ans renouvelable.La pr\u00e9sente autorisation est d\u00e9livr\u00e9e sans pr\u00e9judice des droits des tiers.Cette modification intervient sur l'installation de vid\u00e9oprotection pr\u00e9c\u00e9demment autoris\u00e9e pararr\u00eat\u00e9 pr\u00e9fectoral n\u00b0 2020204-096 du 22juillet 2020 susvis\u00e9.Article 2: les modifications portent sur l'extension du syst\u00e8me par 2 cam\u00e9ras int\u00e9rieures et 1cam\u00e9ra ext\u00e9rieure suppl\u00e9mentaires soit un total de 8 cam\u00e9ras (6 int\u00e9rieures et 2 ext\u00e9rieures).Article 3 : Le reste des dispositions pr\u00e9vues par l'arr\u00eat\u00e9 n\u00b0 2020204-096 du 22 juillet 2020 demeureapplicable.Article 4: la directrice de cabinet du pr\u00e9fet du Gard, le directeur interd\u00e9partemental de la policenationale du Gard, le commandant du groupement de gendarmerie du Gard sont charg\u00e9s, chacunen ce qui le concerne, de l'ex\u00e9cution du pr\u00e9sent arr\u00eat\u00e9 qui sera publi\u00e9 au recueil des actesadministratifs de la pr\u00e9fecture. Un exemplaire de cette d\u00e9cision sera notifi\u00e9 aux p\u00e9titionnaires ainsiqu'\u00e0 la mairie d'implantation.23 DEC. 2025Pourle \u00e9t))etpar d \u00e9gaation,Le chef du servic imation des...Politiques de S\u00e9curit\u00e9-nt\u00e9rieureRe rear\nLaurence FRANCESETTO\nPrefecture du Gard - 30-2025-12-23-00010 - ARR\u00caT\u00c9 PR\u00c9FECTORAL VID\u00c9OPROTECTION SG COURTOIS - AMIRAL COURBET - NIMES\n2025 38\nPrefecture du Gard\n30-2025-12-22-00006\nARR\u00caT\u00c9 N\u00b030-2025-12-22-00006\nautorisant la captation, l'enregistrement et la\ntransmission d'images\nau moyen de cam\u00e9ras install\u00e9es sur des\na\u00e9ronefsAP DRONE NIMES DU 4 AU 18-01-26\nPrefecture du Gard - 30-2025-12-22-00006 - ARR\u00caT\u00c9 N\u00b030-2025-12-22-00006\nautorisant la captation, l'enregistrement et la transmission d'images\nau moyen de cam\u00e9ras install\u00e9es sur des a\u00e9ronefsAP DRONE NIMES DU 4 AU 18-01-26\n39\n| CABINETPREFET DIRECTION DES SECURITESDU GARD Service d'animation des politiquesLibert\u00e9 de s\u00e9curit\u00e9 int\u00e9rieureEgalit\u00e9 Bureau des polices administrativesFraternit\u00e9\nARR\u00caT\u00c9 N\u00b030-2025-12-autorisant la captation, l'enregistrement et la transmission d'imagesau moyen de cam\u00e9ras install\u00e9es sur des a\u00e9ronefs\nLe Pr\u00e9fet du GardChevalier de la L\u00e9gion d'HonneurOfficier de l'Ordre National du M\u00e9riteVu le code de la s\u00e9curit\u00e9 int\u00e9rieure et notamment ses articles L. 242-1 \u00e0 L. 242-8 et R. 242-8 \u00e0R. 242-14 :Vu le d\u00e9cret n\u00b0 2004-374 du 29 avril 2004 relatif aux pouvoirs des pr\u00e9fets, \u00e0 l'organisation et \u00e0l'action des services de l'\u00c9tat dans les r\u00e9gions et d\u00e9partements ;Vu le d\u00e9cret du 13juillet 2023 nommant M. J\u00e9r\u00f4me BONET, pr\u00e9fet du Gard,Vu l'arr\u00eat\u00e9 pr\u00e9fectoral du 18 octobre 2024 n\u00b030-2024-10-18-00005 donnant d\u00e9l\u00e9gation designature \u00e0 M. Yann GERARD, secr\u00e9taire g\u00e9n\u00e9ral de la pr\u00e9fecture du Gard, sous-pr\u00e9fet de N\u00eemes ;Vu l'arr\u00eat\u00e9 pr\u00e9fectoral du 18 octobre 2024 n\u00b030-2024-10-18-00006 donnant d\u00e9l\u00e9gation designature \u00e0 M. Mathias NIEPS, sous-pr\u00e9fet, charg\u00e9 de mission aupr\u00e8s du pr\u00e9fet du Gard,secr\u00e9taire g\u00e9n\u00e9ral adjoint de la pr\u00e9fecture du Gard ;Vu l'arr\u00eat\u00e9 pr\u00e9fectoral n\u00b030-2024-10-18-00009 du 18 octobre 2024 donnant d\u00e9l\u00e9gation designature a Madame Marie-Charlotte EUVRARD, sous-pr\u00e9f\u00e8te, directrice de cabinet du pr\u00e9fet duGard :Vu l'arr\u00eat\u00e9 pr\u00e9fectoral n\u00b0 30-2024-11-28-00004 du 28 novembre 2024 donnant d\u00e9l\u00e9gation designature \u00e0 M. Franck LACOSTE, directeur des s\u00e9curit\u00e9s, directeur de cabinet adjoint du pr\u00e9fet duGard ;Vu l'activation du plan Vigipirate au niveau urgence attentat;Vu l'arr\u00eat\u00e9 du ministre de l'Int\u00e9rieur et des outre-mer, en date du 19 avril 2023 relatif au nombremaximal de cam\u00e9ras install\u00e9es sur des a\u00e9ronefs pouvant \u00eatre simultan\u00e9ment utilis\u00e9es danschaque d\u00e9partement et collectivit\u00e9 d'outre-mer ;Vu l'arr\u00eat\u00e9 n\u00b030-2024-07-05 du 7 mai 2024 autorisant la captation, l'enregistrement et latransmission d'images au moyen de cam\u00e9ras install\u00e9es sur des a\u00e9ronefs ;Vu la demande en date du 18 d\u00e9cembre 2025, form\u00e9e par la direction interd\u00e9partementale de lapolice nationale, visant \u00e0 obtenir l'autorisation de capter, d'enregistrer et de transmettre desimages au moyen de deux drones, afin de pr\u00e9venir les atteintes \u00e0 la s\u00e9curit\u00e9 des personnes etdes biens au sein des p\u00e9rim\u00e8tres pr\u00e9cis\u00e9s en annexe du pr\u00e9sent arr\u00eat\u00e9, \u00e0 N\u00eemes du dimanche 4janvier \u00e0 6h00 au dimanche 18janvier 2026 \u00e0 21h00;Consid\u00e9rant que les dispositions susvis\u00e9es permettent aux forces de s\u00e9curit\u00e9 int\u00e9rieure, dansl'exercice de leurs missions de protection de la s\u00e9curit\u00e9 des personnes et des biens, de proc\u00e9der\u00e0 la captation, \u00e0 l'enregistrement et \u00e0 la transmission d'images au moyen de cam\u00e9ras install\u00e9es\nH\u00f4tel de la Pr\u00e9fecture 10 avenue Feuch\u00e8res \u2014 30045 N\u00ceMES CEDEX 9T\u00e9l : 04.66.36.43.90- Fax : 04.66.36.00.87 \u2014 www.gard.gouv.fr\nPrefecture du Gard - 30-2025-12-22-00006 - ARR\u00caT\u00c9 N\u00b030-2025-12-22-00006\nautorisant la captation, l'enregistrement et la transmission d'images\nau moyen de cam\u00e9ras install\u00e9es sur des a\u00e9ronefsAP DRONE NIMES DU 4 AU 18-01-26\n40\nsur des a\u00e9ronefs; que notamment, le 1\u00b0 de l'article L. 242-5 susvis\u00e9 pr\u00e9voit que ces dispositifspeuvent \u00eatre mis en \u0153uvre au titre de la pr\u00e9vention des atteintes \u00e0 la s\u00e9curit\u00e9 des personnes etdes biens dans des lieux particuli\u00e8rement expos\u00e9s, en raison de leurs caract\u00e9ristiques ou des faitsqui s'y sont d\u00e9j\u00e0 d\u00e9roul\u00e9s, \u00e0 des risques d'agression, de vol ou de trafics d'armes, d'\u00eatres humainsou de stup\u00e9fiants, ainsi que la protection des b\u00e2timents et installations publics et de leursabords imm\u00e9diats, lorsqu'ils sont particuli\u00e8rement expos\u00e9s \u00e0 des risques d'intrusion ou ded\u00e9gradations ;Consid\u00e9rant que depuis plusieurs mois, la ville de N\u00eemes conna\u00eet un important trafic destup\u00e9fiants ; que ces derni\u00e8res semaines la r\u00e9currence et la gravit\u00e9 des faits de d\u00e9linquance devoie publique li\u00e9s \u00e0 ce trafic mobilisent de fa\u00e7on significative les forces de l'ordre et les moyensde secours ;Consid\u00e9rant que l'actualit\u00e9 reste soutenue par de nombreux faits de violence avec arme, tird'intimidation, homicide et tentative d'homicide; derni\u00e8rement, entre le 27 juin et le 26 juillet,11 fusillades ont eu lieu dans les diff\u00e9rents quartiers sensibles de N\u00eemes faisant 10 bless\u00e9s et 3tu\u00e9s, la derni\u00e8re fusillade a eu lieu le samedi 26juillet, son auteur a \u00e9t\u00e9 interpell\u00e9 ;Consid\u00e9rant que la DIPN b\u00e9n\u00e9ficie de renforts zonaux et mobiles ;Consid\u00e9rant que dans le cadre du PADRSQ/OVSR a Nimes, des op\u00e9rations de contr\u00f4le etd'occupation de la voie publique sont en cours pour lutter contre le narcotrafic et les fusillades ;Consid\u00e9rant que lors de leurs interventions les forces de l'ordre subissent de nombreux jets deprojectiles ;Consid\u00e9rant que les quartiers ouest de la ville de Nimes (Pissevin Valdegour) class\u00e9s quartier dereconqu\u00e9te r\u00e9publicaine (QRR) connaissent en 2025 des faits de reglements de comptesignificatifs sans pr\u00e9c\u00e9dent avec trois points de deal r\u00e9pertori\u00e9s dont celui de la galerie Wagnerqui est sans conteste le point le plus disput\u00e9 de la ville de Nimes pour ses revenus attractifs ;Consid\u00e9rant l'intensification des pressions, menaces et contr\u00f4les exerc\u00e9s sur les habitants et lesservices publics par les membres du trafic de stup\u00e9fiants ;Consid\u00e9rant que des op\u00e9rations de contr\u00f4le sont organis\u00e9es toutes les semaines permettant lad\u00e9couverte et la saisie de quantit\u00e9s importantes de produits stup\u00e9fiants, d'armes etl'interpellation des acteurs de ces trafics ; qu'ainsi au cours du mois d'octobre 21 personnes ont\u00e9t\u00e9 interpell\u00e9es ;Consid\u00e9rant que les quartiers de Pissevin et Valdegour (QRR) b\u00e9n\u00e9ficient du programme derenouvellement urbain (ANRU) et d'un engagement de nombreuses soci\u00e9t\u00e9s sur diff\u00e9rentschantiers dont les employ\u00e9s ont fait valoir leur droit de retrait apr\u00e8s avoir \u00e9t\u00e9 menac\u00e9s et dontles zones de travaux ont subi des d\u00e9gradations ;Consid\u00e9rant que l'architecture du quartier n'est pas favorable aux interventions de la policeavec un ensemble urbain compos\u00e9 de tours de grande hauteur disposant d'acc\u00e8s de part etd'autre et d'esplanades desservant des halls d'entr\u00e9e, des parkings et des terrasses quimultiplient les possibilit\u00e9s de fuite ;Consid\u00e9rant que les auteurs des trafics ont l'opportunit\u00e9 d'acc\u00e9der aux toits des b\u00e2timents quirestent un lieu privil\u00e9gi\u00e9 pour les guetteurs;Consid\u00e9rant que du 1\u00b0 au 15 d\u00e9cembre 2025 17 personnes mises en cause ont \u00e9t\u00e9 interpell\u00e9es ;Consid\u00e9rant que les quartiers Est du Chemin Bas d'Avignon, Clos d'Orville et du Mas de Minguesont particuli\u00e8rement touch\u00e9s par le trafic de stup\u00e9fiants avec trois points de deal situ\u00e9s pourdeux d'entre eux en face d'\u00e9tablissements scolaires ;Consid\u00e9rant les pressions et menaces sur les habitants et les employ\u00e9s des services publics (Laposte, transports en commun...) ;Consid\u00e9rant que dans ce quartier ouvert qui comprend de nombreuses voies d'acc\u00e9s et unhabitat compos\u00e9 d'immeubles de taille moyenne et de zones v\u00e9g\u00e9talis\u00e9es la fuite des\nPrefecture du Gard - 30-2025-12-22-00006 - ARR\u00caT\u00c9 N\u00b030-2025-12-22-00006\nautorisant la captation, l'enregistrement et la transmission d'images\nau moyen de cam\u00e9ras install\u00e9es sur des a\u00e9ronefsAP DRONE NIMES DU 4 AU 18-01-26\n41\nprotagonistes du trafic est particuli\u00e8rement ais\u00e9e rendant les interventions des forces de l'ordreplus compliqu\u00e9es ;Consid\u00e9rant que les contr\u00f4les et les op\u00e9rations sont quotidiens, que 32 personnes ont \u00e9t\u00e9interpell\u00e9es au mois d'octobre ;Consid\u00e9rant que depuis plusieurs semaines, il a \u00e9t\u00e9 constat\u00e9 une reprise d'activit\u00e9 intense sur lepoint de deal du Chemin Bas d'Avignon, avec de nombreuses interpellations r\u00e9alis\u00e9es gr\u00e2ce \u00e0des renforts et des effectifs locaux ;Consid\u00e9rant que du 1\u00b0 au 15 d\u00e9cembre 2025 5 personnes mises en causes ont \u00e9t\u00e9 interpell\u00e9es ;Consid\u00e9rant que le secteur du centre-ville de Nimes est marqu\u00e9 par une tendance \u00e0 lamultiplication de plusieurs points de deal (de petite envergure) en centre-ville (Placette, NordGambetta, rue Nationale) ainsi que le secteur Vistre ;Consid\u00e9rant que pr\u00e8s de 30 % des faits constat\u00e9s sur N\u00eemes concernent le centre ville, 42 % desatteintes concernent les biens (cambriolages, vols de voiture, d\u00e9gradations de biens publics oupriv\u00e9s);Consid\u00e9rant que le secteur du Vistre pr\u00e9sente une architecture atypique soulign\u00e9e par une seulevoie d'acc\u00e8s (rue du Vistre), une entr\u00e9e marqu\u00e9e par deux grands b\u00e2timents surmontant desparkings, deux blocs de logements et de commerces \u00e0 l'arri\u00e8re le tout compl\u00e9t\u00e9 par des jardinset des parcs publics;Consid\u00e9rant que les op\u00e9rations men\u00e9es sur cette zone ont d\u00e9montr\u00e9 la naissance d'une forteactivit\u00e9 li\u00e9e au trafic de stup\u00e9fiants et que les acteurs du trafic profitent de la dispositiong\u00e9ographique du secteur du Vistre pour se dissimuler ou prendre la fuite ;Consid\u00e9rant que trois points de deal sont r\u00e9pertori\u00e9s sur l'ensemble de cette zone ;Consid\u00e9rant que du 1\u00b0 au 15 d\u00e9cembre 2025 9 personnes mises en cause ont \u00e9t\u00e9 interpell\u00e9es ;Consid\u00e9rant que les contr\u00f4les r\u00e9guliers men\u00e9s pour d'endiguer le ph\u00e9nom\u00e8ne ont permis lad\u00e9couverte derni\u00e8rement de plusieurs kilos de stup\u00e9fiants et l'interpellation de 30 personnes aumois d'octobre ;Consid\u00e9rant qu'au cours des mois de septembre et d'octobre 2025 73 personnes ont \u00e9t\u00e9interpell\u00e9es, 2 armes ont \u00e9t\u00e9 d\u00e9couvertes, 3122,19 grammes de r\u00e9sine de cannabis, 535,77grammes d'herbe de cannabis et 160,17 grammes de cocaine ont \u00e9t\u00e9 saisis ;Consid\u00e9rant que du 1\u00b0 au 15 d\u00e9cembre 2025 9,778 kilos de r\u00e9sine de cannabis, 858 grammesd'herbe de cannabis et 66,4 grammes de cocaine ont \u00e9t\u00e9 saisis ;Consid\u00e9rant que ces quartiers ne sont pas couverts par les cam\u00e9ras de vid\u00e9o surveillance, que lescam\u00e9ras sont soient ext\u00e9rieures aux quartiers soit volontairement d\u00e9truites par les d\u00e9linquants ;Consid\u00e9rant que sur chacun de ces secteurs, l'appui a\u00e9rien par drone a confirm\u00e9 l'existence detrafics de stup\u00e9fiants et r\u00e9v\u00e9l\u00e9 la commission d'infractions connexes; que ces surveillances,coordonn\u00e9es avec d'autres effectifs au sol, ont permis l'interpellation des acteurs du trafic(acheteurs, guetteurs, vendeurs et tr\u00e9sorier) et la saisie de stup\u00e9fiants, d'argent et d'armes;Consid\u00e9rant que les op\u00e9rations de trafic peuvent d\u00e9buter \u00e0 tout moment de la journ\u00e9e entre6h00 et 21h00 mais pour une dur\u00e9e de temps tr\u00e8s limit\u00e9e ;Consid\u00e9rant que, compte tenu du risque d'atteintes \u00e0 la s\u00e9curit\u00e9 des personnes et des biens, durisque de troubles \u00e0 l'ordre public et \u00e0 la s\u00e9curit\u00e9 publique, de la sensibilit\u00e9 des quartiers, del'ampleur de la zone \u00e0 s\u00e9curiser et de la topographie urbaine des lieux concern\u00e9s, de l'int\u00e9r\u00eat dedisposer d'une vision en grand angle pour permettre le maintien et le r\u00e9tablissement de l'ordrepublic et le suivi de la concentration des flux et des mouvements de personnes tout en limitantl'engagement des forces au sol, le recours au dispositif de captation install\u00e9 sur un drone estn\u00e9cessaire et adapt\u00e9 ;\nPrefecture du Gard - 30-2025-12-22-00006 - ARR\u00caT\u00c9 N\u00b030-2025-12-22-00006\nautorisant la captation, l'enregistrement et la transmission d'images\nau moyen de cam\u00e9ras install\u00e9es sur des a\u00e9ronefsAP DRONE NIMES DU 4 AU 18-01-26\n42\nConsid\u00e9rant que la demande porte sur l'engagement de deux drones munis d'une cam\u00e9raa\u00e9roport\u00e9e pour une dur\u00e9e de 15 jours dans les secteurs d\u00e9limit\u00e9s par le plan joint au pr\u00e9sentarr\u00eat\u00e9; que les lieux surveill\u00e9s sont strictement limit\u00e9s au p\u00e9rim\u00e8tre sur lequel les risques pour las\u00e9curit\u00e9 des personnes sont susceptibles de survenir; qu'au regard des circonstancessusmentionn\u00e9es, la demande n'appara\u00eet pas disproportionn\u00e9e;Consid\u00e9rant que le recours \u00e0 la captation, l'enregistrement et la transmission d'images feral'objet d'une publication au recueil des actes administratifs de la pr\u00e9fecture du Gard; quetoutefois, en vertu de l'article R. 242-13 du code de la s\u00e9curit\u00e9 int\u00e9rieure, il y a lieu de d\u00e9roger auprincipe d'information du public d\u00e8s lors que cette information est en contradiction avec lafinalit\u00e9 pour laquelle le dispositif est autoris\u00e9; qu'en l'esp\u00e8ce, eu \u00e9gard au climatparticuli\u00e8rement sensible r\u00e9gnant dans les quartiers concern\u00e9s et aux tensions qui y sontr\u00e9guli\u00e8rement constat\u00e9es, une telle information serait de nature \u00e0 accro\u00eetre ce climat et cestensions;Sur proposition de la directrice de cabinet du pr\u00e9fet du Gard ;\nArr\u00eateArticle 1: La captation, l'enregistrement et la transmission d'images par la directioninterd\u00e9partementale de la police nationale, est autoris\u00e9e au titre de la pr\u00e9vention des atteintes \u00e0la s\u00e9curit\u00e9 des personnes et des biens et de l'appui des personnes au sol en vue de leurpermettre de maintenir ou de r\u00e9tablir l'ordre public.Article 2 : Le nombre maximal de cam\u00e9ras pouvant proc\u00e9der simultan\u00e9ment aux traitementsmentionn\u00e9s \u00e0 l'article 1\" est fix\u00e9 \u00e0 2 (mod\u00e8le DJI Matrice AT).Article 3 : La pr\u00e9sente autorisation est limit\u00e9e au p\u00e9rim\u00e8tre g\u00e9ographique figurant sur le planjoint en annexe.Article 4 : La pr\u00e9sente autorisation est d\u00e9livr\u00e9e du dimanche 4 janvier 2026 \u00e0 6h00 au dimanche18 janvier 2026 \u00e0 21h00, pour proc\u00e9der aux traitements mentionn\u00e9s \u00e0 l'article 1\u00b0 \u00e0 tout momentde la journ\u00e9e entre 06h00 et 21h00, sur une dur\u00e9e qui ne peut exc\u00e9der quatre heurescons\u00e9cutives.Article 5 : Le registre mentionn\u00e9 \u00e0 l'article L. 242-4 du code de la s\u00e9curit\u00e9 int\u00e9rieure est transmisau repr\u00e9sentant de l'\u00c9tat dans le d\u00e9partement \u00e0 l'issue de l'\u00e9v\u00e8nement.Article 6 : Le pr\u00e9sent arr\u00eat\u00e9 est publi\u00e9 au recueil des actes administratifs de la pr\u00e9fecture et peut\u00eatre contest\u00e9 dans les deux mois suivant sa notification :- soit par voie de recours gracieux form\u00e9 aupr\u00e8s de M. le Pr\u00e9fet du Gard ;- soit par voie de recours hi\u00e9rarchique form\u00e9 aupr\u00e8s de M. le Ministre de l'Int\u00e9rieur ;- soit par voie de recours contentieux d\u00e9pos\u00e9 devant le tribunal Administratif deN\u00eemes.Le tribunal administratif peut aussi \u00eatre saisi par l'application informatique 'TelerecoursCitoyens', accessible par le site internet www.telerecours.fr.Article 7 : la directrice de cabinet du pr\u00e9fet du Gard et le directeur interd\u00e9partemental de lapolice nationale sont charg\u00e9s, chacun en ce qui le concerne, de l'ex\u00e9cution du pr\u00e9sent arr\u00eat\u00e9.N\u00eemes, le 22 d\u00e9cembre 2025Pour le pr\u00e9fet,la sous-pr\u00e9f\u00e8teLeppr\u00e9fit de cabinetotte EUVRARD\nPrefecture du Gard - 30-2025-12-22-00006 - ARR\u00caT\u00c9 N\u00b030-2025-12-22-00006\nautorisant la captation, l'enregistrement et la transmission d'images\nau moyen de cam\u00e9ras install\u00e9es sur des a\u00e9ronefsAP DRONE NIMES DU 4 AU 18-01-26\n43\n- Jardin de la fontaine- avenue Jean Jaur\u00e8s- rue du cirque romain-rue de la R\u00e9publique- place des ar\u00e8nes- boulevard de Bruxelles- avenue Feuch\u00e8res= boulevard rte Triaire- bouleva re- avenue G\u00e9n\u00e9ral Lederc- boulevard Talabot-avenue Fi- boulevard de Pragues- boulevard Amiral Courbet- place Gabriel Peri- rue Pierre S\u00e9mard- fue Sully- rue Vincent Fa\u00efta\nENTRE VILLE / VISTRE\n- rue d'Aquitaine- rue de l'enclos Rey- rue de la fa\u00efence- rue Vincent- rue de la lamp\u00e8ze- rue Cl\u00e9risseau- Rue Auguste- quai de la fontaine\nSecteur Vistre- Boulevard Allende- avenue G\u00e9n\u00e9ral Leclerc.- rue d'Oslo- chemin de la micocoulerie\nPrefecture du Gard - 30-2025-12-22-00006 - ARR\u00caT\u00c9 N\u00b030-2025-12-22-00006\nautorisant la captation, l'enregistrement et la transmission d'images\nau moyen de cam\u00e9ras install\u00e9es sur des a\u00e9ronefsAP DRONE NIMES DU 4 AU 18-01-26\n44\nPrefecture du Gard - 30-2025-12-22-00006 - ARR\u00caT\u00c9 N\u00b030-2025-12-22-00006\nautorisant la captation, l'enregistrement et la transmission d'images\nau moyen de cam\u00e9ras install\u00e9es sur des a\u00e9ronefsAP DRONE NIMES DU 4 AU 18-01-26\n45\nCHEMIN BAS D'AVIGNON / MAS DE MINGUE - CLOS D'ORVILLE\nLimites du secteur : Mas de Mingue, Chemin bas d'Avignon. clos d'orville\n- route de Beaucaire- rue Charles Liotard- rue Cabanes- rue Andr\u00e9 Siegfrid- avenue Bir Hakeim- route d' Avignon- impasse Francois Granier- chemin du mas d'Alesti- stade Henri No\u00ebl- avenue Notre Dame de Santa Cruz- avenue Monseigneur Robert Dalverny- avenue Cl\u00e9ment Ader- route d'Avignon- chemin de la serre- chemin bas de gr\u00e9zan- route de Beaucaire\nPrefecture du Gard - 30-2025-12-22-00006 - ARR\u00caT\u00c9 N\u00b030-2025-12-22-00006\nautorisant la captation, l'enregistrement et la transmission d'images\nau moyen de cam\u00e9ras install\u00e9es sur des a\u00e9ronefsAP DRONE NIMES DU 4 AU 18-01-26\n46\nPrefecture du Gard - 30-2025-12-22-00006 - ARR\u00caT\u00c9 N\u00b030-2025-12-22-00006\nautorisant la captation, l'enregistrement et la transmission d'images\nau moyen de cam\u00e9ras install\u00e9es sur des a\u00e9ronefsAP DRONE NIMES DU 4 AU 18-01-26\n47\nPissevin / Valdegour\nDo leon joursfins dy Vardunfoyer Li Etre puitiasLOSTENT ACTchemi de Vabl\u00e9gousOd Ges Fra\u00f1\u00e7as Ligres \u00c9LUS)Da Pasteur Mare GOLGNEN INISSRTL TERRELEMtoe Aer avinte1\nPrefecture du Gard - 30-2025-12-22-00006 - ARR\u00caT\u00c9 N\u00b030-2025-12-22-00006\nautorisant la captation, l'enregistrement et la transmission d'images\nau moyen de cam\u00e9ras install\u00e9es sur des a\u00e9ronefsAP DRONE NIMES DU 4 AU 18-01-26\n48\nPrefecture du Gard - 30-2025-12-22-00006 - ARR\u00caT\u00c9 N\u00b030-2025-12-22-00006\nautorisant la captation, l'enregistrement et la transmission d'images\nau moyen de cam\u00e9ras install\u00e9es sur des a\u00e9ronefsAP DRONE NIMES DU 4 AU 18-01-26\n49\nPrefecture du Gard\n30-2025-12-22-00007\nARR\u00caT\u00c9 N\u00b030-2025-12-22-00007\nautorisant la captation, l'enregistrement et la\ntransmission d'images\nau moyen de cam\u00e9ras install\u00e9es sur des a\u00e9ronefs\nAP DRONE ALES DU 2 AU 18-01-26\nPrefecture du Gard - 30-2025-12-22-00007 - ARR\u00caT\u00c9 N\u00b030-2025-12-22-00007\nautorisant la captation, l'enregistrement et la transmission d'images\nau moyen de cam\u00e9ras install\u00e9es sur des a\u00e9ronefs AP DRONE ALES DU 2 AU 18-01-26\n50\n| CABINETPREFET DIRECTION DES SECURITESDU GARD Service d'animation des politiquesLibert\u00e9 de s\u00e9curit\u00e9 int\u00e9rieureEgalit\u00e9 Bureau des polices administrativesFraternit\u00e9\nARR\u00caT\u00c9 N\u00b030-2025-12-autorisant la captation, l'enregistrement et la transmission d'imagesau moyen de cam\u00e9ras install\u00e9es sur des a\u00e9ronefsLe Pr\u00e9fet du GardChevalier de la L\u00e9gion d'HonneurOfficier de l'Ordre National du M\u00e9riteVu le code de la s\u00e9curit\u00e9 int\u00e9rieure et notamment ses articles L. 242-1 \u00e0 L. 242-8 et R. 242-8 aR. 242-14:Vu le d\u00e9cret n\u00b0 2004-374 du 29 avril 2004 relatif aux pouvoirs des pr\u00e9fets, a l'organisation et al'action des services de l'\u00c9tat dans les r\u00e9gions et d\u00e9partements ;Vu le d\u00e9cret du 13 juillet 2023 nommant M. J\u00e9r\u00f4me BONET, pr\u00e9fet du Gard,Vu l'arr\u00eat\u00e9 pr\u00e9fectoral du 18 octobre 2024 n\u00b030-2024-10-18-00005 donnant d\u00e9l\u00e9gation designature a M. Yann GERARD, secr\u00e9taire g\u00e9n\u00e9ral de la pr\u00e9fecture du Gard, sous-pr\u00e9fet de Nimes;Vu l'arr\u00eat\u00e9 pr\u00e9fectoral du 18 octobre 2024 n\u00b030-2024-10-18-00006 donnant d\u00e9l\u00e9gation designature \u00e0 M. Mathias NIEPS, sous-pr\u00e9fet, charg\u00e9 de mission aupr\u00e8s du pr\u00e9fet du Gard,secr\u00e9taire g\u00e9n\u00e9ral adjoint de la pr\u00e9fecture du Gard;Vu l'arr\u00eat\u00e9 pr\u00e9fectoral n\u00b030-2024-10-18-00009 du 18 octobre 2024 donnant d\u00e9l\u00e9gation designature \u00e0 Madame Marie-Charlotte EUVRARD, sous-pr\u00e9f\u00e8te, directrice de cabinet du pr\u00e9fet duGard ;Vu l'arr\u00eat\u00e9 pr\u00e9fectoral n\u00b0 30-2024-11-28-00004 du 28 novembre 2024 donnant d\u00e9l\u00e9gation designature \u00e0 M. Franck LACOSTE, directeur des s\u00e9curit\u00e9s, directeur de cabinet adjoint du pr\u00e9fet duGard ;Vu l'activation du plan Vigipirate au niveau urgence attentat;Vu l'arr\u00eat\u00e9 du ministre de l'Int\u00e9rieur et des outre-mer, en date du 19 avril 2023 relatif au nombremaximal de cam\u00e9ras install\u00e9es sur des a\u00e9ronefs pouvant \u00eatre simultan\u00e9ment utilis\u00e9es danschaque d\u00e9partement et collectivit\u00e9 d'outre-mer ;Vu l'arr\u00eat\u00e9 n\u00b030-2024-07-05 du 7 mai 2024 autorisant la captation, l'enregistrement et latransmission d'images au moyen de cam\u00e9ras install\u00e9es sur des a\u00e9ronefs ;Vu la demande en date du 18 d\u00e9cembre 2025, form\u00e9e par la direction interd\u00e9partementale de lapolice nationale, visant \u00e0 obtenir l'autorisation de capter, d'enregistrer et de transmettre desimages au moyen de drone, afin de pr\u00e9venir les atteintes \u00e0 la s\u00e9curit\u00e9 des personnes et des biensau sein des p\u00e9rim\u00e8tres pr\u00e9cis\u00e9s en annexe du pr\u00e9sent arr\u00eat\u00e9, \u00e0 Al\u00e8s dans le cadre d'op\u00e9rationscoordonn\u00e9es cibl\u00e9es du vendredi 2 janvier 2026 \u00e0 6h00 au dimanche 18 janvier 2026 \u00e0 21h00 ;Consid\u00e9rant que les dispositions susvis\u00e9es permettent aux forces de s\u00e9curit\u00e9 int\u00e9rieure, dansl'exercice de leurs missions de protection de la s\u00e9curit\u00e9 des personnes et des biens, de proc\u00e9der\u00e0 la captation, \u00e0 l'enregistrement et \u00e0 la transmission d'images au moyen de cam\u00e9ras install\u00e9essur des a\u00e9ronefs aux fins d'assurer la s\u00e9curit\u00e9 des personnes et des biens; que notamment, le1\u00b0 de l'article L. 242-5 susvis\u00e9 pr\u00e9voit que ces dispositifs peuvent \u00eatre mis en \u0153uvre au titre de lapr\u00e9vention des atteintes \u00e0 la s\u00e9curit\u00e9 des personnes et des biens dans des lieux particuli\u00e8rementH\u00f4tel de la Pr\u00e9fecture 10 avenue Feuch\u00e9res \u2014 30045 NIMES CEDEX 9T\u00e9l : 04.66.36.43.90- Fax : 04.66.36.00.87 \u2014 www.gard.gouv.fr\nPrefecture du Gard - 30-2025-12-22-00007 - ARR\u00caT\u00c9 N\u00b030-2025-12-22-00007\nautorisant la captation, l'enregistrement et la transmission d'images\nau moyen de cam\u00e9ras install\u00e9es sur des a\u00e9ronefs AP DRONE ALES DU 2 AU 18-01-26\n51\nexpos\u00e9s, en raison de leurs caract\u00e9ristiques ou des faits qui s'y sont d\u00e9j\u00e0 d\u00e9roul\u00e9s, a des risquesd'agression, de vol ou de trafics d'armes, d'\u00eatres humains ou de stup\u00e9fiants, ainsi que laprotection des b\u00e2timents et installations publics et de leurs abords imm\u00e9diats, lorsqu'ils sontparticuli\u00e8rement expos\u00e9s \u00e0 des risques d'intrusion ou de d\u00e9gradations ;Consid\u00e9rant que le trafic de stup\u00e9fiants sur la commune d'Al\u00e9s se concentre sur 4 quartiersstructurellement compliqu\u00e9s marqu\u00e9s par un trafic de drogue omnipr\u00e9sent avec une forteorganisation criminelle de dissimulation (visages dissimul\u00e9s, pr\u00e9sence de caches dans les \u00e9gouts,les voitures, les appartements nourrices, les caves, pr\u00e9sence de guetteurs, segmentation dest\u00e2ches...) et des approvisionnements qui se font \u00e0 toute heure;Consid\u00e9rant que les partenaires institutionnels ou associatifs se plaignent de cetteomnipr\u00e9sence de la drogue comme la CAF aux Promelles ou France Travail au Pr\u00e9 Saint-Jean ;Consid\u00e9rant la pr\u00e9sence d'\u00e9tablissements scolaires dans les quartiers des C\u00e9vennes et desPromelles;Consid\u00e9rant le souhait d'une pr\u00e9sence polici\u00e8re plus forte de la part de la population et de lamairie d'Ale\u00e9s;Consid\u00e9rant que 6 \u00e9pisodes de tirs ont \u00e9t\u00e9 r\u00e9pertori\u00e9s depuis le second semestre 2025, dont 2homicides et 2 tentatives d'homicide ;Consid\u00e9rant qu'au sein des quartiers des C\u00e9vennes, des Pr\u00e9s Saint-Jean, des Promelles et deRochebelle \u00e0 Al\u00e8s des trafics de stup\u00e9fiants sont r\u00e9guli\u00e8rement observ\u00e9s entra\u00eenant despressions et des menaces sur les habitants et les employ\u00e9s des services publics ;Consid\u00e9rant la pr\u00e9sence de 4 points de deal sur la commune d'Al\u00e8s ;Consid\u00e9rant que les op\u00e9rations men\u00e9es r\u00e9guli\u00e8rement dans ces quartiers ont permis deconfirmer que les points de deal sont actifs, non sans violence ;Consid\u00e9rant les nombreuses saisies de produits stup\u00e9fiants et de sommes d'argent qui ontpermis de d\u00e9stabiliser les acteurs de ces trafics ;Consid\u00e9rant que ces faits mobilisent de fa\u00e7on significative des forces de l'ordre ainsi que desmoyens de secours ;Consid\u00e9rant que les forces de l'ordre subissent de nombreux jets de projectiles lors de leursinterventions ;Consid\u00e9rant que le point de deal des C\u00e9vennes est le mieux implant\u00e9 et le plus lucratif dans unquartier qui malgr\u00e9 les r\u00e9novations urbaines offre des points de replis aux dealers avec unensemble d'immeubles de grande hauteur disposant de halls d'entr\u00e9e menant aux caves, aux\u00e9tages et aux toits ;Consid\u00e9rant que le quartier des C\u00e9vennes est desservi par un grand r\u00e9seau de voies publiquesfacilitant la fuite des acheteurs et des dealers;Consid\u00e9rant que ce point de deal g\u00e9n\u00e8re des difficult\u00e9s aux bailleurs et impacte la vie des \u00e9l\u00e8veset des enseignants de l'\u00e9cole primaire situ\u00e9e \u00e0 proximit\u00e9 ;Consid\u00e9rant que le point de deal du Pr\u00e9 Saint-Jean bien que de moindre envergure reste sensiblede part son implantation \u00e0 proximit\u00e9 de coll\u00e8ges; que d\u00e9mantel\u00e9 \u00e0 plusieurs reprises il est denouveau actif;Consid\u00e9rant que les interventions de la police y sont compliqu\u00e9es par l'agencement desimmeubles et des voies d'acc\u00e8s, que les possibilit\u00e9s de dissimulation et de fuites sontnombreuses pour les acteurs du trafic ;Consid\u00e9rant que le point de deal de Rochebelle implant\u00e9 dans un ancien faubourg ouvrier enp\u00e9riph\u00e9rie \u00e0 l'Est du centre ville comprend une architecture urbaine peu favorable auxinterventions de la police avec un logement locatif tr\u00e8s d\u00e9grad\u00e9 et de nombreuses voies decirculation ;\nPrefecture du Gard - 30-2025-12-22-00007 - ARR\u00caT\u00c9 N\u00b030-2025-12-22-00007\nautorisant la captation, l'enregistrement et la transmission d'images\nau moyen de cam\u00e9ras install\u00e9es sur des a\u00e9ronefs AP DRONE ALES DU 2 AU 18-01-26\n52\nConsid\u00e9rant que le point de deal de Rochebelle est singulier dans le paysage du narcotrafical\u00e9sien avec un fonctionnement a plusieurs acteurs sans v\u00e9ritable organisation pyramidale, qued\u00e9mantel\u00e9 en mai 2023 par une action judiciaire et r\u00e9activ\u00e9 depuis l'\u00e9t\u00e9 2024 il est un des rarespoint de deal d'h\u00e9roine du d\u00e9partement attirant une client\u00e9le de marginaux source dedifficult\u00e9s en mati\u00e8re de tranquillit\u00e9 publique dans le centre ville d'Al\u00e9s ;Consid\u00e9rant que le point de deal des Promelles est situ\u00e9 en p\u00e9riph\u00e9rie de circonscription au sudde la ville dans un quartier o\u00f9 r\u00e9side une forte communaut\u00e9 gitane s\u00e9dentaris\u00e9es avec dessolidarit\u00e9s familiales et une configuration des lieux pr\u00e9sentant un seul axe de circulation ce quicomplique le travail de harc\u00e8lement de la police ;Consid\u00e9rant que la configuration des lieux entra\u00eene la d\u00e9tection imm\u00e9diate des effectifs depolice que les guetteurs post\u00e9s sur le toit de l'\u00e9cole voisine \u00e9chappent aux contr\u00f4les des forcesde l'ordre que la forme du b\u00e2timent principal de ce quartier emp\u00eache une surveillanced'ensemble;Consid\u00e9rant que sur chacun de ces secteurs, l'appui a\u00e9rien par drone a confirm\u00e9 l'existence detrafics de stup\u00e9fiants et r\u00e9v\u00e9l\u00e9 la commission d'infractions connexes; que ces surveillances,coordonn\u00e9es avec d'autres effectifs au sol, ont permis l'interpellation des acteurs des trafics(acheteurs, guetteurs, vendeurs et tr\u00e9soriers); que des quantit\u00e9s de stup\u00e9fiants, de l'argent etdes armes ont \u00e9galement \u00e9t\u00e9 saisis ;Consid\u00e9rant que du 1\u00b0 au 15 d\u00e9cembre 2025 44 personnes ont \u00e9t\u00e9 mises en cause; 93,5grammes de cocaine et 119 grammes de r\u00e9sine de cannabis ont \u00e9t\u00e9 saisis ;Consid\u00e9rant que, compte tenu du risque d'atteintes \u00e0 la s\u00e9curit\u00e9 des personnes et des biens, durisque de troubles \u00e0 l'ordre public et a la s\u00e9curit\u00e9 publique, de la sensibilit\u00e9 des quartiers, del'ampleur de la zone a s\u00e9curiser et de la topographie urbaine des lieux concern\u00e9s, de l'int\u00e9r\u00eat dedisposer d'une vision en grand angle pour permettre le maintien et le r\u00e9tablissement de l'ordrepublic et le suivi de la concentration des flux et des mouvements de personnes tout en limitantl'engagement des forces au sol, le recours au dispositif de captation install\u00e9 sur un drone estn\u00e9cessaire et adapt\u00e9 ;Consid\u00e9rant que la demande. porte sur l'engagement de deux drones muni d'une cam\u00e9raa\u00e9roport\u00e9e pour une dur\u00e9e de 17 jours dans les secteurs d\u00e9limit\u00e9s par le plan joint au pr\u00e9sentarr\u00eat\u00e9; que les lieux surveill\u00e9s sont strictement limit\u00e9s au p\u00e9rim\u00e8tre sur lequel les risques pour las\u00e9curit\u00e9 des personnes sont susceptibles de survenir; qu'au regard des circonstancessusmentionn\u00e9es, la demande n'appara\u00eet pas disproportionn\u00e9e;Consid\u00e9rant que le recours \u00e0 la captation, l'enregistrement et la transmission d'images feral'objet d'une publication au recueil des actes administratifs de la pr\u00e9fecture du Gard; quetoutefois, en vertu de l'article R. 242-13 du code de la s\u00e9curit\u00e9 int\u00e9rieure, il y a lieu de d\u00e9roger auprincipe d'information du public d\u00e8s lors que cette information est en contradiction avec lafinalit\u00e9 pour laquelle le dispositif est autoris\u00e9 ; qu'en l'esp\u00e8ce, eu \u00e9gard au climatparticuli\u00e8rement sensible r\u00e9gnant dans les quartiers concern\u00e9s et aux tensions qui y sontr\u00e9guli\u00e8rement constat\u00e9es, une telle information serait de nature \u00e0 accro\u00eetre ce climat et cestensions;Sur proposition de la directrice de cabinet du pr\u00e9fet du Gard;Arr\u00eateArticle 1: La captation, l'enregistrement et la transmission d'images par la directioninterd\u00e9partementale de la police nationale, est autoris\u00e9e au titre de la pr\u00e9vention des atteintes \u00e0la s\u00e9curit\u00e9 des personnes et des biens et de l'appui des personnes au sol en vue de leurpermettre de maintenir ou de r\u00e9tablir l'ordre public.Article 2 : Le nombre maximal de cam\u00e9ras pouvant proc\u00e9der simultan\u00e9ment aux traitementsmentionn\u00e9s \u00e0 l'article 1\u00b0 est fix\u00e9 \u00e0 2 (mod\u00e8le DJI Matrice AT).\nPrefecture du Gard - 30-2025-12-22-00007 - ARR\u00caT\u00c9 N\u00b030-2025-12-22-00007\nautorisant la captation, l'enregistrement et la transmission d'images\nau moyen de cam\u00e9ras install\u00e9es sur des a\u00e9ronefs AP DRONE ALES DU 2 AU 18-01-26\n53\nArticle 3 : La pr\u00e9sente autorisation est limit\u00e9e au p\u00e9rim\u00e8tre g\u00e9ographique figurant sur le planJoint en annexe.Article 4: La pr\u00e9sente autorisation est d\u00e9livr\u00e9e du vendredi 2 janvier 2026 \u00e0 06h00 au dimanche18 janvier 2026 \u00e0 21h00, pour proc\u00e9der aux traitements mentionn\u00e9s \u00e0 l'article 1\u00b0 \u00e0 tout momentde la journ\u00e9e entre 06h00 et 21h00, sur une dur\u00e9e qui ne peut pas exc\u00e9der quatre heurescons\u00e9cutives.Article 5 : Le registre mentionn\u00e9 \u00e0 l'article L. 242-4 du code de la s\u00e9curit\u00e9 int\u00e9rieure est transmisau repr\u00e9sentant de l'\u00c9tat dans le d\u00e9partement \u00e0 l'issue de l'\u00e9v\u00e8nement.Article 6 : Le pr\u00e9sent arr\u00eat\u00e9 est publi\u00e9 au recueil des actes administratifs de la pr\u00e9fecture et peut\u00eatre contest\u00e9 dans les deux mois suivant sa notification :- soit par voie de recours gracieux form\u00e9 aupr\u00e8s de M. le Pr\u00e9fet du Gard;- soit par voie de recours hi\u00e9rarchique form\u00e9 aupr\u00e8s de M. le Ministre de l'Int\u00e9rieur ;- soit par voie de recours contentieux d\u00e9pos\u00e9 devant le tribunal administratif deN\u00eemes.Le tribunal administratif peut aussi \u00eatre saisi par l'application informatique 'TelerecoursCitoyens', accessible par le site internet www.telerecours.fr.Article 7 : la directrice de cabinet du pr\u00e9fet du Gard et le directeur interd\u00e9partemental de lapolice nationale sont charg\u00e9s, chacun en ce qui le concerne, de l'ex\u00e9cution du pr\u00e9sent arr\u00eat\u00e9.N\u00eemes, le 22 d\u00e9cembre 2025\nLe pr\u00e9fet,Pour le'pr\u00e9fet,la sous-Dr\u00e9f\u00e8teDi j jMarie-Charlotte EUVRARD\nPrefecture du Gard - 30-2025-12-22-00007 - ARR\u00caT\u00c9 N\u00b030-2025-12-22-00007\nautorisant la captation, l'enregistrement et la transmission d'images\nau moyen de cam\u00e9ras install\u00e9es sur des a\u00e9ronefs AP DRONE ALES DU 2 AU 18-01-26\n54\nC\u00e9vennesZone d\u00e9limit\u00e9e par les axes suivants :- quai de Grabieux- rue Auguste Delaune- rue de Lajudie\nPrefecture du Gard - 30-2025-12-22-00007 - ARR\u00caT\u00c9 N\u00b030-2025-12-22-00007\nautorisant la captation, l'enregistrement et la transmission d'images\nau moyen de cam\u00e9ras install\u00e9es sur des a\u00e9ronefs AP DRONE ALES DU 2 AU 18-01-26\n55\nPrefecture du Gard - 30-2025-12-22-00007 - ARR\u00caT\u00c9 N\u00b030-2025-12-22-00007\nautorisant la captation, l'enregistrement et la transmission d'images\nau moyen de cam\u00e9ras install\u00e9es sur des a\u00e9ronefs AP DRONE ALES DU 2 AU 18-01-26\n56\nQUARTIER DES PROMELLES\nZone d\u00e9limit\u00e9e par les axes suivants :- Chemin de la Luquette- Velll\u00e9 route d'Anduze- Chemin des Tabans- Chemin des Dupines- Avenue Olivier des Serres\nI,st?nt}\nPrefecture du Gard - 30-2025-12-22-00007 - ARR\u00caT\u00c9 N\u00b030-2025-12-22-00007\nautorisant la captation, l'enregistrement et la transmission d'images\nau moyen de cam\u00e9ras install\u00e9es sur des a\u00e9ronefs AP DRONE ALES DU 2 AU 18-01-26\n57\nGAS ISAT 240 RPT RAUO\n| a eee ee +act JA PE FAN RF Fz \"ee sie ite aes\nE = 7 7 sri 7duiafw ea. Bola frePi Bae AT -oF + cree, TOGOEL, hy teyerls a eye. -\nair Lm3\n21a\nsy\nPrefecture du Gard - 30-2025-12-22-00007 - ARR\u00caT\u00c9 N\u00b030-2025-12-22-00007\nautorisant la captation, l'enregistrement et la transmission d'images\nau moyen de cam\u00e9ras install\u00e9es sur des a\u00e9ronefs AP DRONE ALES DU 2 AU 18-01-26\n58\nQuartier PRES SAINT JEANZone d\u00e9limit\u00e9e par les axes suivants :\u00ab Quai du 11 novembre 1918- Quai du 8 mai 1945- Avenue Maurice Thorez- Quai de Grabieux-Avenued' Alsace- Rue du faubourg d'Auvergne- Quai Boissier de Sauvages .\nTsssem es \u00bb \u00a9 +Fe tuner\nPrefecture du Gard - 30-2025-12-22-00007 - ARR\u00caT\u00c9 N\u00b030-2025-12-22-00007\nautorisant la captation, l'enregistrement et la transmission d'images\nau moyen de cam\u00e9ras install\u00e9es sur des a\u00e9ronefs AP DRONE ALES DU 2 AU 18-01-26\n59\nPrefecture du Gard - 30-2025-12-22-00007 - ARR\u00caT\u00c9 N\u00b030-2025-12-22-00007\nautorisant la captation, l'enregistrement et la transmission d'images\nau moyen de cam\u00e9ras install\u00e9es sur des a\u00e9ronefs AP DRONE ALES DU 2 AU 18-01-26\n60\nQUARTIER DE ROCHEBELLEZone d\u00e9limit\u00e9e par les axes suivants :- Quai du 11 Novembre- Quai de Kilmarnoch- pont de Rochebelle- rue du Faubourg Rochebelle- chemin de tireloup- chemin de St Raby- rue Jean Giono\nPrefecture du Gard - 30-2025-12-22-00007 - ARR\u00caT\u00c9 N\u00b030-2025-12-22-00007\nautorisant la captation, l'enregistrement et la transmission d'images\nau moyen de cam\u00e9ras install\u00e9es sur des a\u00e9ronefs AP DRONE ALES DU 2 AU 18-01-26\n61\nASIA ghey 7\n4\nJER ReMS CRMR et Mes Eee SS\nrude th akFeet ay p\u00e9ruete \u00abco 4 \"ba Glave ce eStie: a\" te oe + SEL14 \"ze ARE non =\nPrefecture du Gard - 30-2025-12-22-00007 - ARR\u00caT\u00c9 N\u00b030-2025-12-22-00007\nautorisant la captation, l'enregistrement et la transmission d'images\nau moyen de cam\u00e9ras install\u00e9es sur des a\u00e9ronefs AP DRONE ALES DU 2 AU 18-01-26\n62\nSous Pr\u00e9fecture d'Al\u00e8s\n30-2025-12-22-00001\nArr\u00eat\u00e9 n 25-12-27 portant d\u00e9rogation aux\nhauteurs de survol des agglom\u00e9rations et\nrassemblement des personnes au profit de la\nsoci\u00e9t\u00e9 SINTEGRA cas 1\nSous Pr\u00e9fecture d'Al\u00e8s - 30-2025-12-22-00001 - Arr\u00eat\u00e9 n 25-12-27 portant d\u00e9rogation aux hauteurs de survol des agglom\u00e9rations et\nrassemblement des personnes au profit de la soci\u00e9t\u00e9 SINTEGRA cas 1 63\n| 3 Sous-pr\u00e9fecture d'Al\u00e8sPREFET Bureau de l'environnementDU GARD et des polices administrativesLibert\u00e9Egalit\u00e9Fraternit\u00e9\nArr\u00eat\u00e9 N\u00b0 ZS. A2. 2+portant d\u00e9rogation aux hauteurs de survol des agglom\u00e9rationset rassemblements de personnes au profit de la soci\u00e9t\u00e9 SINTEGRA (CAS 1)Le pr\u00e9fet du Gardchevalier de la L\u00e9gion d'honneur,officier de l'ordre national du M\u00e9rite,\nVu le r\u00e8glement d'ex\u00e9cution (UE) n\u00b0 923/2012 du 26 septembre 2012 modifi\u00e9, dit \u00ab SERA \u00bb\u00e9tablissant les r\u00e8gles de l'air communes et des dispositions op\u00e9rationnelles relatives auxservices et proc\u00e9dures de navigation a\u00e9rienne et le paragraphe 5005 f) 1) de son annexe ;Vu le r\u00e8glement (UE) n\u00b0 965/2012 modifi\u00e9, dit \"AIROPS\" d\u00e9terminant les exigences techniqueset les proc\u00e9dures administratives applicables aux op\u00e9rations a\u00e9riennes ;Vu le code de l'aviation civile ;Vu le code des transports notamment son article L 6224-1 ;Vu le d\u00e9cret n\u00b0 2022-1397 du 2 novembre 2022 portant application de l'article L 6224-1 ducode des transports relatif au r\u00e9gime encadrant la captation et le traitement des donn\u00e9esrecueillies depuis un a\u00e9ronef dans certaines zones ;Vu l'arr\u00eat\u00e9 interminist\u00e9riel du 10 octobre 1957 relatif au survol des agglom\u00e9rations et desrassemblements de personnes ou d'animaux ;Vu l'arr\u00eat\u00e9 du 17 novembre 1958 r\u00e9glementant la circulation a\u00e9rienne des h\u00e9licopt\u00e8resVu l'arr\u00eat\u00e9 minist\u00e9riel du 24 juillet 1991 et son annexe - JO du 30/08/1991 relatif auxconditions d'utilisation des a\u00e9ronefs civils en aviation g\u00e9n\u00e9rale ;Vu l'arr\u00eat\u00e9 du 11 d\u00e9cembre 2014 modifi\u00e9 relatif \u00e0 la mise en \u0153uvre du r\u00e8glement d'ex\u00e9cution(UE) n\u00b0 923-2012 modifi\u00e9 et notamment son paragraphe SERA.3105 ;Vu l'arr\u00eat\u00e9 du 2 janvier 2023 fixant la liste des zones interdites \u00e0 la captation et au traitementdes donn\u00e9es recueillies depuis un a\u00e9ronef ;'Vu l'arr\u00eat\u00e9 pr\u00e9fectoral n\u00b030-2024-10-18-00007 du 18 octobre 2024 donnant d\u00e9l\u00e9gation designature \u00e0 M. Emile SOUMBO, sous-pr\u00e9fet de l'arrondissement d'Al\u00e8s ;Vu l'arr\u00eat\u00e9 pr\u00e9fectoral 30-2023-09-22-00001 du 22 septembre 2023 portant autorisation desurvol \u00e0 basse hauteur au profit de la soci\u00e9t\u00e9 SINTEGRA dont le si\u00e8ge social est 11 chemin despr\u00e9s - 38240 Meylan pour une dur\u00e9e de deux ans \u00e0 compter du 1\" octobre 2023 ;\nSous-pr\u00e9fecture d'Al\u00e9s - 3 boulevard Louis Blanc - CS 20905 - 30107 Al\u00e8s cedexT\u00e9l : 04 66 56 39 39 - www.gard.gouv.fr\nSous Pr\u00e9fecture d'Al\u00e8s - 30-2025-12-22-00001 - Arr\u00eat\u00e9 n 25-12-27 portant d\u00e9rogation aux hauteurs de survol des agglom\u00e9rations et\nrassemblement des personnes au profit de la soci\u00e9t\u00e9 SINTEGRA cas 1 64\nVu la demande de renouvellement de d\u00e9rogation aux hauteurs minimales de vol pr\u00e9sent\u00e9e le02 d\u00e9cembre 2025 par la soci\u00e9t\u00e9 SINTEGRA ;Vu l'avis favorable du directeur g\u00e9n\u00e9ral de la s\u00e9curit\u00e9 de l'aviation civile Sud, en date du 03d\u00e9cembre 2025 ;Vu l'avis favorable de la directrice zonalede la police aux fronti\u00e8res Sud, en date du 19d\u00e9cembre 2025 ;Sur proposition du sous-pr\u00e9fet d'Al\u00e9s ;Arr\u00eate:Article 1: la soci\u00e9t\u00e9 SINTEGRA dont le si\u00e9ge social est 11 chemin des pr\u00e9s - 38240 Meylan estautoris\u00e9e a effectuer des vols en d\u00e9rogation aux hauteurs minimales de vol fix\u00e9es par lesarr\u00e9t\u00e9s minist\u00e9riel du 10 octobre 1957 et du 17 novembre 1958 susvis\u00e9s, sous r\u00e9serve durespect, par le demandeur, des d\u00e9clarations port\u00e9es au dossier de demande, de lar\u00e9glementation fix\u00e9e par les d\u00e9crets et arr\u00eat\u00e9s susvis\u00e9s et sous les conditions \u00e9nonc\u00e9es auxarticles suivants : |\u00ab L'objet de ces vols : prises de vues a\u00e9riennese Secteur autoris\u00e9 : d\u00e9partement du Gard.- p\u00e9riode autoris\u00e9e : 2 ans \u00e0 compter du pr\u00e9sent arr\u00eat\u00e9.Les prises de vue a\u00e9rienne devront satisfaire \u00e0 la r\u00e9glementation en vigueur, notamment \u00e0l'article R 133-6 et suivants du code de l'aviation civile.Article 2: L'autorisation est soumise aux conditions techniques et op\u00e9rationnelles de ladirection de la s\u00e9curit\u00e9 de l'aviation civile Sud list\u00e9e en annexe du pr\u00e9sent arr\u00eat\u00e9.Article 3 : Les a\u00e9ronefs utilis\u00e9s pour la mission pr\u00e9-cit\u00e9e devront toujours \u00e9voluer de fa\u00e7on \u00e0pouvoir \u00eatre en mesure d'effectuer, a tout instant du vol, un atterrissage en dehors del'agglom\u00e9ration ou sur un a\u00e9rodrome public, sans dommage pour les personnes et les biens \u00e0la surface (article R 131-1 du code de l'aviation civile).Article 4: Afin de pr\u00e9server la tranquillit\u00e9 publique, les vols seront entrepris en dehors desdimanches et jours f\u00e9ri\u00e9s ;Article 5 : Les op\u00e9rateurs de photographies a\u00e9riennes ne pourront effectuer de prises de vuedans les zones interdites \u00e0 la captation a\u00e9rienne de donn\u00e9es (ZICAD). A cet effet, ils devrontsoumettre au besoin une demande aux autorit\u00e9s pr\u00e9fectorales comp\u00e9tentes du lieu decaptation conform\u00e9ment aux articles R133-6 \u00e0 R133-6-5 du code de l'aviation civile.\nSous Pr\u00e9fecture d'Al\u00e8s - 30-2025-12-22-00001 - Arr\u00eat\u00e9 n 25-12-27 portant d\u00e9rogation aux hauteurs de survol des agglom\u00e9rations et\nrassemblement des personnes au profit de la soci\u00e9t\u00e9 SINTEGRA cas 1 65\nArticle 6: L'entreprise sera tenue d'aviser pr\u00e9alablement le service a\u00e9ronautique de ladirection zonale de la police aux fronti\u00e9res zone Sud avant le vol projet\u00e9 (m\u00e9l : dcpaf-bpa-marseille@interieur.gouv.fr) en indiquant, le cas \u00e9ch\u00e9ant, tout passage \u00e0 proximit\u00e9 d'un site.sensible (usine SEVESO, \u00e9tablissement p\u00e9nitentiaire, etc...)Article 7 : Tout accident ou incident devra \u00eatre imm\u00e9diatement signal\u00e9 \u00e0 la brigade de policea\u00e9ronautique de Marseille au 04.84.52.03.65/66/67/68 et 69 ou en cas d'impossibilit\u00e9 dejoindre ce service, au centre d'information et de commandement de la direction zonale de lapolice aux fronti\u00e8res\u00e0 Marseille, T\u00e9l. 04.91.53.60.90/91.Article 8 : La soci\u00e9t\u00e9 devra \u00eatre en possession d'une attestation d'assurance la couvrant desrisques li\u00e9s \u00e0 ses activit\u00e9s a\u00e9riennes. Le contrat d'assurance de chaque appareil devra \u00eatre en\u00e9tat de validit\u00e9 sur la dur\u00e9e des op\u00e9rations.Article 9 : Cette autorisation est r\u00e9vocable \u00e0 tout moment, en cas de n\u00e9cessit\u00e9 ou de risquesimpr\u00e9vus pour la s\u00e9curit\u00e9 des personnes ou d'inobservation des r\u00e8gles de s\u00e9curit\u00e9 \u00e9num\u00e9r\u00e9esci-dessus.Article 10: Le sous-pr\u00e9fet d'Al\u00e8s, la directrice zonale de la police aux fronti\u00e8res Sud \u00e0Marseille, le directeur g\u00e9n\u00e9ral de la s\u00e9curit\u00e9 de l'aviation civile Sud, le commandant dugroupement de gendarmerie du Gard, le directeur d\u00e9partemental de la s\u00e9curit\u00e9 publique duGard, sont charg\u00e9s, chacun en ce qui le concerne de l'ex\u00e9cution du pr\u00e9sent arr\u00eat\u00e9 qui serapubli\u00e9 au recueil des actes administratifs de la pr\u00e9fecture du Gard et dont copie seraadress\u00e9e au demandeur.\nLe pr\u00e9fet,Pour le pr\u00e9fet et par d\u00e9l\u00e9gation,le sous-pr\u00e9fet de l'arrgndissement d'Al\u00e8s,\nEmile SOUMBOPi\u00e8ces jointes : |Annexe - Conditions techniques et op\u00e9rationnelles de la DSAC Sud\nVoie et d\u00e9lais de recours : Le pr\u00e9sent arr\u00eat\u00e9 peut faire l'objet, dans un d\u00e9lai de deux mois \u00e0 compter sanotification ou publication, d'un recours gracieux adress\u00e9 \u00e0 M. le sous-pr\u00e9fet d'Al\u00e8s, d'un recours contentieuxdevant le tribunal administratif de Nimes par courrier : 16 avenue Feuch\u00e8res - 30000 Nimes, ou par l'applicationinformatique \"T\u00e9l\u00e9recours Citoyens\" accessible par le site internet www.telerecours.fr.\nSous Pr\u00e9fecture d'Al\u00e8s - 30-2025-12-22-00001 - Arr\u00eat\u00e9 n 25-12-27 portant d\u00e9rogation aux hauteurs de survol des agglom\u00e9rations et\nrassemblement des personnes au profit de la soci\u00e9t\u00e9 SINTEGRA cas 1 66\nAnnexe \u2014 Conditions techniques et op\u00e9rationnelles\n1. Op\u00e9rationsL'exploitant doit proc\u00e9der aux op\u00e9rations pr\u00e9cit\u00e9es conform\u00e9ment \u00e0 l'ensemble des exigencestechniques et op\u00e9rationnelles applicables :e du r\u00e8glement (UE) n\u00b0965/2012 modifi\u00e9 d\u00e9terminantles exigences techniques et les proc\u00e9duresadministratives applicables aux op\u00e9rations a\u00e9riennes, oue de l'arr\u00eat\u00e9 du 24 juillet 1991 relatif aux conditions d'utilisation des a\u00e9ronefs en aviation g\u00e9n\u00e9rale\n2. R\u00e9gime de vol et conditions m\u00e9t\u00e9orologiquesLes op\u00e9rations seront conduites selon les r\u00e8gles de mise en \u0153uvre du point FRA.5001 de l'arr\u00eat\u00e9 du 11d\u00e9cembre 2014 modifi\u00e9 relatif \u00e0 la mise en \u0153uvre du r\u00e8glement (UE) n\u00b0 923/2012.\n3. Hauteurs de vol[Si d\u00e9rogation en VFR de jour]En VFR de jour, la hauteur minimale de vol au-dessus du sol est fix\u00e9e \u00e0 :Pour les a\u00e9ronefs monomoteurs :o 300m' au-dessus des agglom\u00e9rations de largeur moyenne inf\u00e9rieure \u00e0 1 200 m ourassemblement de moins de 10000 personnes ou \u00e9tablissement \u00ab seuil haut \u00bbo 400m' au-dessus des agglom\u00e9rations de largeur moyenne comprise entre 1200 m et3600 m ou rassemblement de 10000 \u00e0 100000 personneso 500m' au-dessus des agglom\u00e9rations de largeur moyenne sup\u00e9rieure \u00e0 3600 m ourassemblement de plus de 100000 personnesPour les a\u00e9ronefs multimoteurs : 150 m'.\n[Si d\u00e9rogation en VFR de nuit]En VER de nuit, la hauteur minimale de vol est fix\u00e9e \u00e0 la plus contraignante des valeurs suivantes :- 600 m' au-dessus du sol pour les a\u00e9ronefs monomoteurs,- 300 m' au-dessus du sol pour les a\u00e9ronefs multimoteurs,\nConform\u00e9ment au point SERA.3105 du r\u00e8glement (UE) n\u00b0 923/2012 modifi\u00e9 pr\u00e9cit\u00e9, la hauteur de volest suffisante pour permettre, en cas d'urgence, d'atterrir sans mettre ind\u00fbment en danger les personnesou les biens \u00e0 la surface.La hauteur de vol est telle que l'atterrissage soit toujours possible, m\u00eame en cas de panne moteur, endehors des agglom\u00e9rations ou sur un a\u00e9rodrome public.\n1 Ces r\u00e9ductions de hauteur ne sont pas valables pour :e le survol d'h\u00f4pitaux, de centres de repos ou de tout autre \u00e9tablissement ou exploitation portant une marquedistinctive d'interdiction de survol \u00e0 basse altitude ;e le survol d'\u00e9tablissements p\u00e9nitentiaires.\n50 rue Henry Farman, 75720 Paris CEDEX 15 \u2014 T\u00e9l. : +33 (0)1 58 09 43 21\nSous Pr\u00e9fecture d'Al\u00e8s - 30-2025-12-22-00001 - Arr\u00eat\u00e9 n 25-12-27 portant d\u00e9rogation aux hauteurs de survol des agglom\u00e9rations et\nrassemblement des personnes au profit de la soci\u00e9t\u00e9 SINTEGRA cas 1 67\n4. Pilotes[Op\u00e9rations AIR OPS SPO et NCO]e Les pilotes doivent disposer de licences professionnelles conformes au r\u00e8glement AIRCREWavec un certificat m\u00e9dical de classe 1.e lls doivent \u00eatre form\u00e9s aux proc\u00e9dures de |'exploitant.[Op\u00e9ration et/ou a\u00e9ronefs hors champ du r\u00e8glement de base (UE) 216/2008]e Les pilotes ne peuvent pas d\u00e9tenir de licences priv\u00e9es (sauf pour les Ballons libres a air chaud etles ULM pour lesquelles il existe un seul type de licence dont les privil\u00e8ges permettent notammentd'exercer des activit\u00e9s commerciales). Les licences sont d\u00e9livr\u00e9es ou valid\u00e9es par la France.e lls doivent d\u00e9tenir un certificat m\u00e9dical de classe 1 (sauf Ballons : classe 2 et ULM : aucun).e lls sont titulaires d'une D\u00e9claration de niveau comp\u00e9tence (DNC).\n5. Navigabilit\u00e9e Les a\u00e9ronefs utilis\u00e9s sont titulaires d'un Certificat de Navigabilit\u00e9 valide ;e Les modifications \u00e9ventuelles de l'appareil dues au type de l'op\u00e9ration sp\u00e9cialis\u00e9e devront avoir\u00e9t\u00e9 approuv\u00e9es par l'Agence Europ\u00e9enne pour la S\u00e9curit\u00e9 A\u00e9rienne (AESA) ou par l'Etatd'immatriculation de l'appareil ;\n6. Conditions op\u00e9rationnellese Les conditions d'exploitation dans la configuration sp\u00e9ciale dues \u00e0 l'op\u00e9ration sp\u00e9cialis\u00e9edoivent \u00eatre inscrites dans le manuel de vol.e Pour des op\u00e9rations de Publicit\u00e9, Prises de vues a\u00e9riennes ou Observation/Surveillanceau moyen d'avions, la vitesse permettant des man\u0153uvres doit avoir une marge suffisante parrapport \u00e0 la vitesse de d\u00e9crochage et les vitesses minimales de contr\u00f4le. Pour des op\u00e9rations aumoyen d'h\u00e9licopt\u00e9res multimoteur, la vitesse minimale doit \u00eatre sup\u00e9rieure ou \u00e9gale \u00e0 la vitesse des\u00e9curit\u00e9 au d\u00e9collage (VSD) sauf si les performances de l'h\u00e9licopt\u00e8re lui permettent d'acqu\u00e9rir,dans les conditions du vol, cette vitesse de s\u00e9curit\u00e9 et de maintenir ses performancesascensionnelles apr\u00e8s avoir \u00e9vit\u00e9 tous les obstacles, malgr\u00e9 la panne du groupe motopropulseur leplus d\u00e9favorable.\n7. Diverse Le pilote devra respecter le statut et les conditions de p\u00e9n\u00e9tration des diff\u00e9rentes classesd'espaces a\u00e9riens et zones r\u00e9glement\u00e9es, dangereuses et interdites.e L'exploitant devra s'assurer que les trajectoires choisies ne mettent pas en cause la tranquillit\u00e9et la s\u00e9curit\u00e9 publique, en l'occurrence, une pr\u00e9caution particuli\u00e8re sera apport\u00e9e afin que soit \u00e9vit\u00e9le survol des \u00e9tablissements sensibles tel qu'h\u00e9pitaux, \u00e9tablissements p\u00e9nitentiaires, etc.e La pr\u00e9sence \u00e0 bord de toute personne n'ayant pas une fonction en relation avec le but du vol estnotamment interdite lors des vols effectu\u00e9s dans le cadre d'une op\u00e9ration sp\u00e9cialis\u00e9e ou activit\u00e9particuli\u00e8re. Les personnes qui sont admises \u00e0 bord des appareils doivent avoir des fonctions enrelation avec les op\u00e9rations effectu\u00e9es et ceci doit \u00eatre clairement d\u00e9fini dans le manuel d'activit\u00e9particuli\u00e8re ou le manuel d'exploitation (Task Specialist).e L'information des riverains ainsi que l'\u00e9vacuation de tout ou partie de la zone concern\u00e9epourront, dans certains cas exceptionnels de tr\u00e8s basse altitude, \u00eatre d\u00e9cid\u00e9es par le pr\u00e9fet dud\u00e9partement.e Les personnes d\u00e9sirant faire un usage a\u00e9rien des appareils photographiques,cin\u00e9matographiques, de d\u00e9tection et d'enregistrement des donn\u00e9es de toute nature sont tenus de\nPage 2 sur 3\nSous Pr\u00e9fecture d'Al\u00e8s - 30-2025-12-22-00001 - Arr\u00eat\u00e9 n 25-12-27 portant d\u00e9rogation aux hauteurs de survol des agglom\u00e9rations et\nrassemblement des personnes au profit de la soci\u00e9t\u00e9 SINTEGRA cas 1 68","date":"2025-12-23","first_seen_on":"2025-12-23T15:20:08+00:00","id":"7c7f099bb1f9dac26aeac12499af3b4d090e53ed2e237822b1a4a39ee557ebb9","name":"recueil-30-2025-227-special du 23 12 2025.","pdf_creation_date":"2025-12-23T13:57:32+00:00","pdf_modification_date":null,"timezone":"Europe/Paris","url":"https://www.gard.gouv.fr/contenu/telechargement/66360/488077/file/recueil-30-2025-227-special%20du%2023%2012%202025.pdf"}
