{"administration":"pref83","administration_name":"Pr\u00e9fecture du Var","content":"RECUEIL\nDES ACTES\nADMINISTRATIFS\nDE LA\nPR\u00c9FECTURE\nDU VAR\nNum\u00e9ro 13\nPubli\u00e9 le 18 janvier 2024\nBOULEVARD DU 112EME REGIMENT D'INFANTERIE \u2013 83070 TOULON CEDEX \u2013 TEL 04.94.18.83.83 TELECOPIE 04.94.18.82.83\nRECUEIL DES ACTES ADMINISTRATIFS\nDE LA PR\u00c9FECTURE DU VAR \nSOMMAIRE N\u00b013 publi\u00e9 le   18 janvier 2024  \nDIRECTION DES S\u00c9CURIT\u00c9S\n- Arr\u00eat\u00e9 pr\u00e9fectoral N\u00b02024_01_DS_SIDPC-04 d\u00e9signant le jury d\u00e9partemental pour\nl'examen des dossiers des candidats de l'Aqua'Sauvetage Varois (CDF FNMNS-ASV83)\npour  l'attribution  du  certificat  de  comp\u00e9tences  de  formateur  en  pr\u00e9vention  et\nsecours civiques.\n- Arr\u00eat\u00e9 pr\u00e9fectoral N\u00b02024_01_DS_SIDPC-03 d\u00e9signant le jury d\u00e9partemental pour\nl'examen des dossiers des candidats de l'Unit\u00e9 d'instruction et d'intervention de\nS\u00e9curit\u00e9 civile N\u00b07 (UIISC7) du certificat de comp\u00e9tences de formateur en premiers\nsecours.\n-  Arr\u00eat\u00e9  pr\u00e9fectoral  n\u00b02024/BSP/PP/001  instaurant  un  p\u00e9rim\u00e8tre  de  protection  \u00e0\nToulon aux abords et sur le parvis du Stade F\u00e9lix Mayol.\nBUREAU DE LA REPR\u00c9SENTATION DE L'\u00c9TAT\n- Arr\u00eat\u00e9 pr\u00e9fectoral N\u00b0003 accordant une r\u00e9compense pour acte de courage et de\nd\u00e9vouement\n- Arr\u00eat\u00e9 pr\u00e9fectoral N\u00b0004 accordant une r\u00e9compense pour acte de courage et de\nd\u00e9vouement\nDIRECTION DE LA COORDINATION DES POLITIQUES PUBLIQUES ET DE\nL'APPUI TERRITORIAL\n-   Arr\u00eat\u00e9  pr\u00e9fectoral  du  16  janvier  2024  portant  ouverture  des  enqu\u00eates\npubliques et parcellaire, conjointes, pr\u00e9alables \u00e0 la protection des ouvrages du\ncanal de Provence, au b\u00e9n\u00e9fice de la soci\u00e9t\u00e9 du canal de Provence (SCP).\nSOUS-PR\u00c9FECTURE DE DRAGUIGNAN\nbureau de l'Administration et de la R\u00e9glementation G\u00e9n\u00e9rale\n-  Arr\u00eat\u00e9  pr\u00e9fectoral  instaurant  un  p\u00e9rim\u00e8tre  de  protection  sur  la  commune  de\nSainte-Maxime \nDIRECTION D\u00c9PARTEMENTALE DE L'EMPLOI DU TRAVAIL ET DES\nSOLIDARIT\u00c9S\n- R\u00e9c\u00e9piss\u00e9 de d\u00e9claration d'un organisme de services \u00e0 la personne enregistr\u00e9 sous le\nN\u00b0SAP877921569\n- R\u00e9c\u00e9piss\u00e9 de d\u00e9claration d'un organisme de services \u00e0 la personne enregistr\u00e9 sous le\nN\u00b0SAP921565578\n- Demande de renonciation n\u00b086380 du 16/01/2024 de Monsieur PEREZ Kader  ;\nBOULEVARD DU 112EME REGIMENT D'INFANTERIE \u2013 83070 TOULON CEDEX \u2013 TEL 04.94.18.83.83 TELECOPIE 04.94.18.82.83\nPREFET  ' Cabinet  du pr\u00e9fet\nDU VAR ; Direction  des s\u00e9curit\u00e9s\n\u00cb'bzlm'  Service  interminist\u00e9riel  de d\u00e9fense  et protection  civiles\ngalit\u00e9\nFraternit\u00e9\nARR\u00caT\u00c9  PR\u00c9FECTORAL  n\u00b0 2024_01_DS_SIDPC-04\nd\u00e9signant  le jury d\u00e9partemental  pour  'examen  des dossiers  des candidats\nde I'Aqua'Sauvetage  Varois  (CDF  FNMNS-ASV83)\npour  l'attribution  du certificat  de comp\u00e9tences  de formateur\nen pr\u00e9vention  et secours  civiques.\nLe Pr\u00e9fet  du Var,\nVu le code  de la s\u00e9curit\u00e9  int\u00e9rieure  ;\nVu la loi n\u00b0 2004-811  du 13 ao\u00fbt  2004  modifi\u00e9e,  de modernisation  de la s\u00e9curit\u00e9  civile  ;\nVu le d\u00e9cret  n\u00b0 92-514  du 12 juin 1992  modifi\u00e9  relatif  \u00e0 la formation  de moniteur  des\npremiers  secours  et modifiant  le d\u00e9cret  no 91-834  du 30 ao\u00fbt  1991 relatif  \u00e0\nla formation  aux premiers  secours  ;\nVu l\u00e9 d\u00e9cret  n\u00b0 97-48  du 20 janvier  1997  portant  diverses  mesures  relatives  au\nsecourisme,  notamment  l'article  8 ;\nVu l'arr\u00eat\u00e9  du 08 juillet  1992  modifi\u00e9  relatif  aux conditions  d'habilitation  ou\nd'agr\u00e9ment  pour  les formations  aux premiers  secours  (FPS)  ;\nVu larr\u00e9t\u00e9  du 21 d\u00e9cembre  2020  modifi\u00e9  portant  organisation  de la formation\ncontinue  des premiers  secours  ; '\nVu l'arr\u00eat\u00e9  du 27 octobre  2023  portant  prorogation  des attestations  de formation\ncontinue  dans  le domaine  des premiers  secours  pour  les ann\u00e9es  2023  et 2024\nVu l'arr\u00eat\u00e9  du 8 ao\u00fbt  2012 modifi\u00e9  fixant  le r\u00e9f\u00e9rentiel  national  de s\u00e9curit\u00e9  civile\nrelatif  \u00e0 l'unit\u00e9  d'enseignement  \u00ab p\u00e9dagogie  initiale  et commune  de formateur  \u00bb\n(PICF)  ; '\n- Vu l'arr\u00eat\u00e9  du 4 septembre  2012  modifi\u00e9  fixant  le r\u00e9f\u00e9rentiel  national  de comp\u00e9tences\nde s\u00e9curit\u00e9  civile  relatif  \u00e0 l'unit\u00e9  d'enseignement  \u00abp\u00e9dagogie  appliqu\u00e9e  \u00e0 l'emploi\nde formateur  en pr\u00e9vention  et secours  civiques  \u00bb (PAE  FPSC)  ;\nVu la demande  d'ouverture  de formation  de p\u00e9dagogie  appliqu\u00e9e  \u00e0 l'emploi  de\nformateur  en pr\u00e9vention  et secours  civiques  re\u00e7ue  le 04 octobre  2023.\nSur proposition  de Madame  la sous-pr\u00e9f\u00e8te,  directrice  de cabinet  du pr\u00e9fet  du Var,\nArr\u00eat\u00e9  pr\u00e9fectoral  n\u00b02024_01_DS_  SIDPC_04  1/2\n\nARRETE\nArticle  1\u00b0\" : Le jury d\u00e9partemental  pour  I'examen  des dossiers  de candidature  pour\nl'attribution  du certificat  de comp\u00e9tences  de formateur  en pr\u00e9vention  et secours\nciviques,  se r\u00e9unira  le jeudi  25 janvier  2024  \u00e0 11h00  pour  l'examen  des dossiers\npr\u00e9sent\u00e9s  par le CDF  FNMNS-ASV83.\nArticle  2 : La pr\u00e9sidence  du jury  sera assur\u00e9e  par Monsieur  Baptiste  VAN  CAUTEREN\nformateur  de formateur,  les quatre  autres  membres  du jury sont  les suivants  :\ne (M\u00e9decin)  ; Pr\u00e9sence  non requise  (consigne  DGSCGC)\ne Monsieur  Damien  SPIESS,  (FdF);\ne Monsieur  Pierre  CHAVANNES,  (Fps);\ne Monsieur  Franck  DEGAUGUE  (FdF);\nArticle  3 : Hormis  le pr\u00e9sident,  un des membres  titulaires  peut  \u00eatre remplac\u00e9  en cas\nd'emp\u00e9chement  par :\ne Monsieur  Michael  NIRLO,  (FdF);\nArticle  4: Le jury ne peut  valablement  d\u00e9lib\u00e9rer  que s'il est au complet  et sur\npr\u00e9sentation  des dossiers  complets  d'\u00e9valuation  de la formation  des candidats\npermettant  au jury de statuer.  Les d\u00e9lib\u00e9rations  sont  secr\u00e8tes.\nArticle  5 : Le pr\u00e9sent  arr\u00eat\u00e9  abroge  l'arr\u00eat\u00e9  pr\u00e9fectoral  n\u00b02024_01_DS_SIDPC_02  du 05\njanvier  2024.\nArticle  6 : Madame  la sous-pr\u00e9f\u00e8te,  directrice  de cabinet  est-charg\u00e9e  de l'ex\u00e9cution  du\npr\u00e9sent  arr\u00eat\u00e9.  ;\n16 JAN. 2024\nFait  \u00e0 Toulon,  le\nHouda  VERNHET\nArr\u00eat\u00e9  pr\u00e9fectoral  n\u00b02024_01_DS_SIDPC_04  ; 2j2\n\nPREFET  , Cabinet  du pr\u00e9fet\nDU VAR Direction  des s\u00e9curit\u00e9s\n\u00caibelrte' Service  interminist\u00e9riel  de d\u00e9fense  et protection  civiles\ngalit\u00e9\nFraternit\u00e9\nARR\u00caT\u00c9  PR\u00c9FECTORAL  n\u00b0 2024_01_DS_SIDPC-03\nd\u00e9signant  le jury d\u00e9partemental  pour l'examen  des dossiers  des candidats\nde l'Unit\u00e9  d'instruction  et d'Intervention  de S\u00e9curit\u00e9  civile  n\u00b07 (UIISC7)\ndu certificat  de comp\u00e9tences  de formateur  en premiers  secours.\nLe Pr\u00e9fet  du Var,\nVu le Code  de la s\u00e9curit\u00e9  int\u00e9rieure  ;\n-Vu la loi n\u00b0 2004-811  du 13 ao\u00fbt 2004  modifi\u00e9e,  de modernisation  de la s\u00e9curit\u00e9  civile  ;\nVu le d\u00e9cret  n\u00b0 92-514  du 12 juin 1992 modifi\u00e9  relatif  \u00e0 la formation  de moniteur  des\npremiers  secours  et modifiant  le d\u00e9cret  no 91-834  du 30 ao\u00fbt 1991 relatif  \u00e0\nla formation  aux premiers  secours  ; .\nVu le d\u00e9cret  n\u00b0 97-48  du 20 janvier  1997  portant  diverses  mesures  relatives  au\nsecourisme,  notamment  l'article  8 ; ;\nVu l'arr\u00eat\u00e9  du 08 juillet  1992  modifi\u00e9  relatif  aux conditions  d'habilitation  ou\nd'agr\u00e9ment  pour  les formations  aux premiers  secours  (FPS)  ;\nVu l'arr\u00eat\u00e9  du 21 d\u00e9cembre  2020  modifi\u00e9  portant  organisation  de la formation\ncontinue  des premiers  secours  ;\nVu l'arr\u00eat\u00e9  du 27 octobre  2023  portant  prorogation  des attestations  de formation\ncontinue  dans  le domaine  des premiers  secours  pour  les ann\u00e9es  2023  et 2024\nVu l'arr\u00eat\u00e9  du 8 ao\u00fbt 2012 modifi\u00e9  fixant  le r\u00e9f\u00e9rentiel  national  de s\u00e9curit\u00e9  civile  relatif\n\u00e0 l'unit\u00e9  d'enseignement  \u00ab p\u00e9dagogie  initiale  et commune  de formateur  \u00bb (PICF)  ;\nVu l'arr\u00eat\u00e9  du 3 septembre  2012 modifi\u00e9  fixant  le r\u00e9f\u00e9rentiel  national  de comp\u00e9tences\nde s\u00e9curit\u00e9  civile  relatif  \u00e0 l'unit\u00e9  d'enseignement  \u00abp\u00e9dagogie  appliqu\u00e9e  \u00e0 l'emploi\nde formateur  en premiers  secours\u00bb  (PAE FPS) ; ;\nVu la demande  d'ouverture  de formation  de p\u00e9dagogie  appliqu\u00e9e  \u00e0 l'emploi  de\nformateur  en premiers  secours  re\u00e7ue  le 31 mai 2023.\nSur proposition  de la sous-pr\u00e9f\u00e8te,  directrice  de cabinet  du pr\u00e9fet  du Var,\nArr\u00eat\u00e9  pr\u00e9fectoral  n\u00b02024_01_DS_SIDPC_03\n\nARRETE\nArticle  1 : Le jury d\u00e9partemental  pour  I'examen  des dossiers  de candidature  pour\nl'attribution  du certificat  de comp\u00e9tences  de formateur  en premiers  secours,  se\nr\u00e9unira  le jeudi  25 janvier  2024  \u00e0 09h30  pour  l'examen  des dossiers  pr\u00e9sent\u00e9s  par\nl'UIISCZ\nArticle  2 : La pr\u00e9sidence  du jury  sera assur\u00e9e  par Monsieur  Franck  DEGAUGUE\nformateur  de formateur,  les quatre  autres  membres  du jury  sont  les suivants  :\n. (M\u00e9decin)  ; Pr\u00e9sence  non requise  (consigne  DGSCGC)\ne Monsieur  Pierre  CHAVANNES,  (Fps);\ne Monsieur  Damien  SPIESS,  (FdF);\ne Monsieur  Michael  NIRLO,  (FdF);\nArticle  3 : Hormis  le pr\u00e9sident,  un des membres  titulaires  peut  \u00eatre remplac\u00e9  en cas\nd'emp\u00eachement  par :\ne Monsieur  Baptiste  VAN  CAUTEREN,  (FdF);\nArticle  4: Le jury ne peut  valablement  d\u00e9lib\u00e9rer  que s'il est au complet  et sur\npr\u00e9sentation  des dossiers  complets  d'\u00e9valuation  de la formation  des candidats\npermettant  au jury  de statuer.  Les d\u00e9lib\u00e9rations  sont  secr\u00e8tes.\nArticle  5 : Le pr\u00e9sent  arr\u00eat\u00e9  abroge  l'arr\u00e9t\u00e9  pr\u00e9fectoral  n\u00b02024_01_DS_SIDPC_01  du 05\njanvier  2024.\nArticle  G : La sous-pr\u00e9f\u00e8te,  directrice  de cabinet  est charg\u00e9e  de l'ex\u00e9cution  du pr\u00e9sent\narr\u00eat\u00e9.\n16 JAN, 2024 \u2014\nFait  \u00e0 Toulon,  le\nHouda  VERNHET\nArr\u00eat\u00e9  pr\u00e9fectoral  n\u00b0 2024_01_DS_SIDPC_03  2/2\n\nPREFET  Cabinet  du Pr\u00e9fet\nDU VAR  Direction  des s\u00e9curit\u00e9s\nLibert\u00e9  Bureau  de la s\u00e9curit\u00e9  publique\n\u00c9galit\u00e9\nFraternit\u00e9\nARR\u00caT\u00c9  PR\u00c9FECTORAL  n\u00b0 2024/BSP/PP/001\ninstaurant  un p\u00e9rim\u00e8tre  de protection  \u00e0 Toulon  aux abords\net sur le parvis  du Stade  F\u00e9lix  Mayol\nLe Pr\u00e9fet  du Var,\nVu le code  de la s\u00e9curit\u00e9  int\u00e9rieure,  notamment  ses articles  L.226-1,  L.511-1  et L.611  ;\nVu le code  de proc\u00e9dure  p\u00e9nale,  notamment  ses articles  16, 20 et 21 ;\nVu le d\u00e9cret  n\u00b0 2004-374  du 29 avril 2004  modifi\u00e9,  relatif  aux pouvoirs  des pr\u00e9fets,  \u00e0\nI'organisation  et \u00e0 l'action  des services  de l'\u00c9tat  dans  les r\u00e9gions  et d\u00e9partements  ;\nVu le d\u00e9cret  du 13 juillet  2023  portant  nomination  de Monsieur  Philippe  MAHE,  pr\u00e9fet  du Var ;\nVu l'arr\u00e9t\u00e9  n\u00b0 2023/49/MCI  du 21 ao\u00fbt  2023  portant  d\u00e9l\u00e9gation  de signature  \u00e0 Madame\nHouda  VERNHET,  directrice  de cabinet  du pr\u00e9fet  du Var  ;\nVu la rencontre  sportive  de rugby  organis\u00e9e  au Stade  F\u00e9lix Mayol  de Toulon,  par le Rugby  Club\nToulonnais  (RCT)  le 04 f\u00e9vrier  2024  ;\nConsid\u00e9rant  qu'en  application  de l'article  L.226-1  du code  de la s\u00e9curit\u00e9  int\u00e9rieure,  \u00ab afin\nd'assurer  la s\u00e9curit\u00e9  d'un lieu ou d'un \u00e9v\u00e9nement  expos\u00e9  \u00e0 un risque  d'actes  de terrorisme  \u00e0\nraison  de la nature  et de l'ampleur  de sa fr\u00e9quentation,  le repr\u00e9sentant  de I'Etat  dans le\nd\u00e9partement  est autoris\u00e9  \u00e0 instituer  un p\u00e9rim\u00e8tre  de protection  au sein duquel  l'acc\u00e8s  et la\ncirculation  des personnes  sont  r\u00e9glement\u00e9s  \u00bb ;\nConsid\u00e9rant  la pr\u00e9gnance  de la menace  terroriste  sur le territoire  national  et la n\u00e9cessit\u00e9  de\nmettre  en \u0153uvre  les postures  Vigipirate  d\u00e9cid\u00e9es  par le gouvernement  ;\nConsid\u00e9rant  que le Var est un d\u00e9partement  touristique  \u00e0 forte  fr\u00e9quentation  et conna\u00eet  un\nafflux  important  de population  tout  au long  de I'ann\u00e9e  ;\nConsid\u00e9rant  l'implantation  particuli\u00e8re  du stade  F\u00e9lix Mayol,  situ\u00e9  au c\u0153ur  du centre-ville  de\nToulon,  jouxtant  plusieurs  \u00e9tablissements  recevant  du public,  limitrophe  du. premier  port\nmilitaire  fran\u00e7ais  ;\nConsid\u00e9rant  que les abords  et le parvis  du stade  sont compos\u00e9s  en grande  partie  de trottoirs\npublics  et de voies  de circulation  routi\u00e8re  ;\n1/4\n\nConsid\u00e9rant  que les rencontres  sportives  peuvent  g\u00e9n\u00e9rer  des circonstances  particulieres  de\nnature  \u00e0 faire peser  des menaces  graves  pour la s\u00e9curit\u00e9  publique  et exposer  les populations  \u00e0\nun risque  d'acte  de terrorisme  que ce soit \u00e0 I'int\u00e9rieur  ou \u00e0 l'ext\u00e9rieur  du stade  et qu'il\nconvient,  de fait, de prendre  des mesures  renforc\u00e9es  de surveillance  et de s\u00e9curit\u00e9  ;\nConsid\u00e9rant  que lors des matchs,  il y a lieu d'instaurer  un p\u00e9rim\u00e8tre  de protection  aux abords\ndu stade  F\u00e9lix Mayol  aux fins de pr\u00e9vention  d'un acte de terrorisme  ; que compte  tenu de la\ntopographie  des lieux,  ce p\u00e9rim\u00e8tre  doit englober  la zone  mat\u00e9rialis\u00e9e  dans le plan pr\u00e9sent  en\nannexe  1; que ce p\u00e9rim\u00e8tre  doit \u00eatre instaur\u00e9  pour les jours  de match  en raison  des\nimportants  flux et rassemblements  de personnes  aux abords  du stade  ;\nSur proposition  de la sous-pr\u00e9f\u00e8te,  directrice  de cabinet  de la pr\u00e9fecture  du Var :\nARR\u00caTE  :\nArticle  1\u00b0: En vue du match  pr\u00e9vu  le 04 f\u00e9vrier  2024,  il est instaur\u00e9  aux abords  du stade  Mayol\nun p\u00e9rim\u00e8tre  de protection  du 04 au 05 f\u00e9vrier  2024  de 18h00  \u00e0 01 hoo.\nArticle  2 : ce p\u00e9rim\u00e8tre  est d\u00e9limit\u00e9  selon  le plan joint  en annexe  1. Il sera mat\u00e9rialis\u00e9  sur site\npar des barri\u00e8res  physiques  et sera rendu  impossible  \u00e0 la circulation  des v\u00e9hicules  \u00e0 l'aide  de\ndispositifs  pare-b\u00e9liers.\nArticle  3 : le p\u00e9rim\u00e8tre  de protection  sera arm\u00e9  et d\u00e9sarm\u00e9  sur ordre  de I'officier  de police\njudiciaire,  responsable  du dispositif  police  nationale,  en accord  avec l'autorit\u00e9  municipale  et\nle poste  de commandement  op\u00e9rationnel  du stade  Mayol.  Pendant  les p\u00e9riodes  d'armement,\nI'acces  et la circulation  des personnes  et des v\u00e9hicules  y sont  r\u00e9glement\u00e9s.\nArticle  4 : trois points  d'acc\u00e8s  \u00e0 ce p\u00e9rim\u00e8tre  de protection  sont pr\u00e9vus  et mat\u00e9rialis\u00e9s  sur le\nplan  joint  en annexe  1.\nArticle  5 : les op\u00e9rations  de v\u00e9rification  sur les personnes  et les v\u00e9hicules,  d\u00e9taill\u00e9es  ci-apr\u00e8s,\nsont plac\u00e9es  sous la responsabilit\u00e9  d'un officier  de policier  judiciaire,  territorialement\ncomp\u00e9tent,  tel que ceux mentionn\u00e9s  aux 2\u00b0 \u00e0 4\u00b0 de I'article  16 du code  de proc\u00e9dure  p\u00e9nale.\nArticle  6 : celles  effectu\u00e9es  sur les personnes  et d\u00e9taill\u00e9es  ci-apr\u00e8s,  peuvent  \u00eatre r\u00e9alis\u00e9es  par\ndes officiers  de police  judiciaire  mentionn\u00e9s  aux 2\u00b0 \u00e0 4\u00b0 de l'article  16 du code  de proc\u00e9dure\np\u00e9nale,  et, sous la responsabilit\u00e9  de ceux-ci,  par des agents  de police  judiciaire  mentionn\u00e9s  \u00e0\nl'article  20 du m\u00eame  code,  par des agents  de police  judiciaire  adjoints  mentionn\u00e9s  aux 1\u00b0, 1\u00b0\nbis, 1\u00b0 ter de l'article  21 du m\u00eame  code,  par des agents  de police  municipale  mentionn\u00e9s  \u00e0\nl'article  L.511-1  du code  de la s\u00e9curit\u00e9  int\u00e9rieure,  ou par des agents  de s\u00e9curit\u00e9  priv\u00e9e  exer\u00e7ant\nl'activit\u00e9  mentionn\u00e9e  au 1\u00b0 de l'article  L.611  du m\u00eame  code.\n2/4\n\nArticle  7 : celles  effectu\u00e9es  sur les v\u00e9hicules  et d\u00e9taill\u00e9es  ci-apr\u00e8s,  ne peuvent  \u00e9tre accomplies\nque par des officiers  de police  judiciaire  mentionn\u00e9s  aux 2\u00b0 \u00e0 4\u00b0 de l'article  16 du code  de\nproc\u00e9dure  p\u00e9nale,  et, sous la responsabilit\u00e9  de ceux-ci,  par des agents  de police  judiciaire\nmentionn\u00e9s  \u00e0 l'article  20 du m\u00eame  code,  par des agents  de police  judiciaire  adjoints\nmentionn\u00e9s  aux 1\u00b0, 1\u00b0 bis, 1\u00b0 ter de l'article  21 du m\u00eame  code.\nArticle  8: pr\u00e9alablement  \u00e0 l'armement  du p\u00e9rim\u00e8tre  de protection  indiqu\u00e9  \u00e0 l'article  3,\nl'int\u00e9rieur  de l'enceinte  cr\u00e9\u00e9e  sera v\u00e9rifi\u00e9  selon  les modalit\u00e9s  d\u00e9taill\u00e9es  ci-apr\u00e8s.\nArticle  9 : pour  toute  personne,  l'acc\u00e8s  au p\u00e9rim\u00e8tre  de protection  et la pr\u00e9sence  \u00e0 l'int\u00e9rieur\nde celui-ci  sont conditionn\u00e9s  aux mesures  de contr\u00f4le  pr\u00e9alable  suivantes  : palpations  de\ns\u00e9curit\u00e9,  inspections  visuelles,  fouilles  de sacs  et de bagages.\nLa palpation  de s\u00e9curit\u00e9  est effectu\u00e9e  par une personne  de m\u00eame  sexe que celle  qui en fait\nl'objet.  P\nArticle  10 : \u00e0 l'int\u00e9rieur  du p\u00e9rim\u00e8tre  de protection,  la circulation  et le stationnement  de\nv\u00e9hicules  sont interdits  \u00e0 l'exception  des v\u00e9hicules  des forces  de l'ordre  et de secours  dans  le\ncadre  des interventions  urgentes.  Apr\u00e8s  identification,  ces v\u00e9hicules  sont autoris\u00e9s  \u00e0 acc\u00e9der,\n\u00e0 circuler  et \u00e0 stationner  dans  le p\u00e9rim\u00e8tre  sur ordre  de l'officier  de police  nationale\nresponsable  du dispositif,  en concertation  avec le poste  de commandement  op\u00e9rationnel  du\nstade  Mayol.\nArticle  11: toutes  les mesures  de v\u00e9rification,  d\u00e9taill\u00e9es  ci-dessus,  sont subordonn\u00e9es  au\nconsentement  des personnes.  En cas de refus  de s'y soumettre,  les personnes  et/ou  les\nv\u00e9hicules  ne sont pas admis  \u00e0 y p\u00e9n\u00e9trer.  Le cas \u00e9ch\u00e9ant,  ils sont reconduits  \u00e0 l'ext\u00e9rieur  du\np\u00e9rim\u00e8tre.\nCes op\u00e9rations  sont effectu\u00e9es  uniquement  par un officier  de police  judiciaire  mentionn\u00e9  aux\n2\u00b0 \u00e0 4\u00b0 de I'article  16 du code  de proc\u00e9dure  p\u00e9nale,  ou sous la responsabilit\u00e9  de celui-ci,  par un\nagent  de police  judiciaire  mentionn\u00e9  \u00e0 l'article  20 ou par un agent  de police  judiciaire  adjoint\nmentionn\u00e9  aux 1\u00b0, 1\u00b0 bis, 1\u00b0 ter de l'article  21 du m\u00eame  code.\nArticle  12 : lors de toutes  les op\u00e9rations  d\u00e9crites  ci-dessus,  il sera v\u00e9rifi\u00e9  l'absence  d'objets\ninterdits,  conform\u00e9ment  \u00e0 la liste  jointe  en annexe  2.\nLa pr\u00e9sente  disposition  ne s'applique  pas aux secours  et aux forces  de I'ordre  employ\u00e9s  sur le\np\u00e9rim\u00e8tre  pour  leurs  missions  respectives.\nLes fonctionnaires  de la police  nationale  et les militaires  de la gendarmerie  nationale  qui\nsouhaitent  acc\u00e9der  au p\u00e9rim\u00e8tre  de protection,  en dehors  de leurs  heures  de service  et avec\nleurs  armes  de service  conform\u00e9ment  aux r\u00e8gles  en vigueur,  devront  \u00eatre contr\u00f4l\u00e9s  par un\nofficier  de police  judiciaire  mentionn\u00e9  aux 2\" \u00e0 4\u00b0 de l'article  16 du code  de proc\u00e9dure  p\u00e9nale,\nou sous la responsabilit\u00e9  de celui-ci,  par un agent  de police  judiciaire  mentionn\u00e9  \u00e0\nl'article  20 ou par un agent  de police  judiciaire  adjoint  mentionn\u00e9  aux 1\u00b0, 1\u00b0 bis, 1\u00b0 ter de\nl'article  21 du m\u00eame  code.  L'acc\u00e8s  \u00e0 l'enceinte  sera possible  uniquement  apr\u00e8s  identification\nconforme  et \u00e0 la condition  que le port  de l'arme  ne soit pas apparent.\nArticle  13 : des commerces  et d\u00e9bits  de boissons  peuvent  avoir  une activit\u00e9  \u00e0 l'int\u00e9rieur  du\np\u00e9rim\u00e8tre  de protection  institu\u00e9,  sous r\u00e9serve  qu'ils  d\u00e9tiennent  les 'autorisations\nadministratives  n\u00e9cessaires  et qu'ils  respectent  les r\u00e8gles  relatives  aux objets  interdits  vis\u00e9es  \u00e0\nl'article  12.\n3/4\n\nArticle  14 : la directrice  de cabinet  et le directeur  interd\u00e9partemental  de la police  nationale\ndu Var sont charg\u00e9s,  chacun  en ce qui le concerne,  de I'ex\u00e9cution  du pr\u00e9sent  arr\u00eat\u00e9  qui sera\npubli\u00e9  au recueil  des actes  administratifs  de la pr\u00e9fecture  du Var.\nUn exemplaire  sera transmis,  sans d\u00e9lai,  au procureur  de la R\u00e9publique  pr\u00e8s le tribunal  de\njustice  de Toulon,  \u00e0 la maire  de la ville de Toulon  et au directeur  interd\u00e9partemental  de la\npolice  nationale  du Var. Il sera,  par ailleurs,  notifi\u00e9  au Rugby  Club  Toulonnais,  organisateur  de\nl'\u00e9v\u00e8nement.\nFait \u00e0 Toulon,  le 18 JAN,  2024\nans un d\u00e9lai de deux mois \u00e0 compter  de la date de la notification  ou de la publication  du pr\u00e9sent  arr\u00e9t\u00e9  au recueil  des actes administratifs  de la pr\u00e9fecture,\nes recours  suivants  peuvent  \u00e9tre introduits  conform\u00e9ment  aux dispositions  des articles  R. 421-1  et suivants  du code de justice  administrative  :\nun recours  gracieux,  adress\u00e9  \u00e0 :\nM. le Pr\u00e9fet  du Var - Boulevard  du 112%TM  r\u00e9giment  d'infanterie  - CS 31209  - 83070  TOULON  CEDEX\nun recours  hi\u00e9rarchique,  adress\u00e9  au(x)  ministre(s)  concem\u00e9(s)  ;\nans ces deux cas, le silence  de l'Administration  vaut rejet implicite  au terme  d'un d\u00e9lai de deux mois.\npr\u00e8s un recours  gracieux  ou hi\u00e9rarchique,  le d\u00e9lai du recours  contentieux  ne court qu'\u00e0 compter  du rejet explicite  ou implicite  de l'un de ces recours.\nun recours  contentieux,  en saisissant  le Tribunal  Administratif  de Toulon  : 5 rue Racine  -BP 40510  - 83 041 TOULON  CEDEX  9. Le tribunal\nministratif  peut \u00e9galement  \u00eatre saisi par l'application  informatique  \"T\u00e9l\u00e9recours  citoyens\",  accessible  par le site internet  www.telerecours.fr.\n4/4\n\n=onedu, 2oz ue e \u00fb' sh e o\u00abvit e \u00bbsappnog [ ]uaz e OD \u00ae Nvegnen sosoueg . ./snuuog N 30N3981 __ Y eauoz uD4 o013U3 \" >} w =lm ' Lo~| = ]\" .J 12 HH\n3\u00a5 =n.... | E 1F1IRE 10Ae)y opeis vsx_.. ; eu0Z up4 0913U3L, \u00abTouoz up4 &\nz* t\"* ; | J, Q,; ([ ]} T / 2 | ooz - cz0z Lou voren= S\u00db A esprirae S =TM /.1 3NOZ NVS\u00c9DUR H ; \u0152 THN m=s wes Eser / / \u00ff 10108 / qunoes Jisodsia \" SRauoz UD4 094303 L = - _ \u00e2 b\n\\\"INOL\nd203NOZ NV- @\\\\\\\n\\L'IX3NNV\n\nANNLCAL  \u00a3\nREGLEMENT\nsoumis  a autorisation\nItems  subject  to prior  authorisation\n* Tout  objet  pouvant  servir  d'arme  por destination\n(couteau,  outils...)  : ces objets  ne peuvent  pas donner\nlieu \u00e0 un d\u00e9p\u00f4t  en consigne.* L'acc\u00e8s  au stade  est interdit  \u00e0 toute  personne  en\n\u00e9tat d'\u00e9bri\u00e9t\u00e9  ou sous  l'emprise  de stup\u00e9fiant.\n\u00ab Les banderoles,  drapeaux  ou panneaux  contenant  un\nmessage  \u00e0 caract\u00e8re  raciste,  x\u00e9nophobe,  politique,\nphilosophique  sont interdits  (contr\u00f4le  visuel  obligatoire).\u00ab Siun  propri\u00e9taire  d'objet  non autoris\u00e9  refuse  de s'en\ns\u00e9parer,  l'acc\u00e8s  au stade  lui sera  interdit.\n\nCabinet  du Pr\u00e9fet\nPREFET  ; ;\nDU VAR Bureau  de la Repr\u00e9sentation  de I'Etat\nLibert\u00e9\n\u00c9galx'te'.\nFraterait\u00e9  Toulon,  le 15 janvier  2024\nARR\u00caT\u00c9 PREFECTORAL  N\u00b0 00 5\nACCORDANT  UNE  RECOMPENSE\nPOUR  ACTE  DE COURAGE  ET DE DEVOUEMENT\nLE PREFET  DU VAR,\nVu le d\u00e9cret  du 16 novembre  1901 modifi\u00e9,  relatif aux actes de courage  et de d\u00e9vouement,\nVu le d\u00e9cret n\u00b0 70-221 du 17 mars 1970, portant  d\u00e9concentration  en mati\u00e8re  d'attribution  de la\nm\u00e9daille  pour  actes  de courage  et de d\u00e9vouement,\nConsid\u00e9rant  le professionnalisme,  le courage  et le sang-froid  dont ont fait preuve  les brigadiers\nRichard  MASCAUX  et Jean-Marc  PENDRIEZ,  ainsi que le gardien  de la paix Thomas  FERRARI  le\n7 septembre  2022, lors d'un feu d'appartement  survenu  au 5\u00b0 \u00e9tage d'un immeuble  situ\u00e9 rue\nTriberg,  face au commissariat  de police  de Fr\u00e9jus,\nConsid\u00e9rant  la prise de d\u00e9cision  rapide des 3 professionnels  d'intervenir  avant l'arriv\u00e9e  des\npompiers,  afin de porter assistance  aux personnes  rest\u00e9es  bloqu\u00e9es  \u00e0 lint\u00e9rieur  de\nl'appartement  enfum\u00e9,\nConsid\u00e9rant  que le brigadier  MASCAUX  et le gardien  de la paix FERRARI  ont pu mettre  en\ns\u00e9curit\u00e9  une premi\u00e8re  victime  br\u00fbl\u00e9e aux bras et au cuir chevelu,  puis qu'ils ont \u00e9vacu\u00e9  par les\nescaliers  avec l'aide du brigadier  PENDRIEZ  une seconde  personne  handicap\u00e9e  en la\ntransportant  \u00e0 bout de bras dans son fauteuil  roulant  du 5\u00b0 \u00e9tage jusqu'\u00e0  la sortie du b\u00e2timent,\nConsid\u00e9rant  que les 3 professionnels  ont expos\u00e9  leur vie et ont \u00e9t\u00e9 intoxiqu\u00e9s  pendant  leur\nintervention,\nConsid\u00e9rant  que l'initiative  des 3 agents  a \u00e9t\u00e9 d\u00e9terminante  pour la survie des 2 victimes,\nSur proposition  de la sous-pr\u00e9f\u00e8te,  directrice  de cabinet  du Pr\u00e9fet  du Var,\nARR\u00caT\u00c9\nARTICLE  1\u00b0\" :\nLa M\u00e9daille  de bronze  pour acte de courage  et de d\u00e9vouement  est d\u00e9cern\u00e9e  \u00e0:\n- Monsieur  Richard  MASCAUX,  brigadier,  Circonscription  de police nationale  (CPN) de Fr\u00e9jus \u2014\nSt Rapha\u00ebl,- Monsieur  Jean-Marc  PENDRIEZ,  brigadier,  Circonscription  de police nationale  (CPN) de Fr\u00e9jus\n- St Rapha\u00ebl,- Monsieur  Thomas  FERRARI,  gardien  de la paix, Circonscription  de police nationale  (CPN) de\nFr\u00e9jus  \u2014 St Rapha\u00ebl.\nARTICLE  2 :\nLa sous-pr\u00e9f\u00e8te,  directrice  de cabinet  du Pr\u00e9fet du Var, est charg\u00e9e  de l'ex\u00e9cution  du pr\u00e9sent\narr\u00eat\u00e9  qui sera publi\u00e9  au Recueil  des Actes Administratifs.\nLe Pr\u00e9fet,\nPr\u00e9fecture  du VarBoulevard  du 112\u00e8me R.I. - CS 31 209 Philippe  MAH\u00c9\n83 070 TOULON  CEDEX/\n<\n\nCabinet  du Pr\u00e9fet\nPR\u00c9FET  ; _\nDU VAR Bureau  de la Repr\u00e9sentation  de I'Etat\nLibert\u00e9\n\u00c9galit\u00e9\ns\u00e9t\u00e9rin,  Toulon,  le 15 janvier  2024\nARR\u00caT\u00c9  PREFECTORALN\u00ae  0 04\nACCORDANT  UNE  RECOMPENSE\nPOUR  ACTE  DE COURAGE  ET DE DEVOUEMENT\nLE PREFET  DU VAR,\nVu le d\u00e9cret  du 16 novembre  1901 modifi\u00e9,  relatif aux actes de courage  et de d\u00e9vouement,\nVu le d\u00e9cret n\u00b0 70-221 du 17 mars 1970, portant  d\u00e9concentration  en mati\u00e8re  d'attribution  de la\nm\u00e9daille  pour  actes  de courage  et de d\u00e9vouement,\nConsid\u00e9rant  le professionnalisme,  le courage  et le sang-froid  dont ont fait preuve  les deux\n\u00e9quipages  de la brigade  anti-criminalit\u00e9  (BAC) nuit Toulon le 10 d\u00e9cembre  2023, lors de\nI'interpellation  d'un individu  dangereux  et arm\u00e9 au niveau du restaurant  \u00ab Le Point \u00bb situ\u00e9\nboulevard  Bazeille  \u00e0 Toulon,\nConsid\u00e9rant  que l'individu  avait a priori d\u00e9j\u00e0 fait feu \u00e0 quatre  reprises  en l'air en s'\u00e9tant  vu\nrefuser l'entr\u00e9e  du restaurant,  qu'il a refus\u00e9 d'obtemp\u00e9rer  \u00e0 la sommation  du brigadier-chef\nLaurent  LANTER  et qu'il a fait feu sur les gardiens  de la paix Rapha\u00ebl  DESHERIES  et Matthieu\nLOUIS,\nConsid\u00e9rant  que les policiers  ont tir\u00e9 en retour sur l'individu  afin de le neutraliser,  tout en\ndonnant  des consignes  de mise en s\u00e9curit\u00e9  \u00e0 la vingtaine  de clients pr\u00e9sents  sur la terrasse  du\nrestaurant,\nConsid\u00e9rant  que les brigadiers-chefs  Laurent  LANTER  et Florent  FOURNIER  ont ensuite\nprodigu\u00e9  les premiers  soins sur l'individu  bless\u00e9  en attendant  l'arriv\u00e9e  de secours  et que ces\ngestes ont \u00e9t\u00e9 d\u00e9terminants  pour sa survie, tandis que le brigadier-chef  Lionel JOLY a supervis\u00e9\nl'intervention,  s\u00e9curis\u00e9  les lieux et pris en charge  ses coll\u00e8gues  en \u00e9tat de choc,\nConsid\u00e9rant  que le gardien  de la paix DESHERIES  a \u00e9t\u00e9 bless\u00e9, que les 5 agents ont expos\u00e9  leur\nvie, mais que leur intervention  a \u00e9t\u00e9 d\u00e9terminante  pour arr\u00eater  I'individu  arm\u00e9 et \u00e9viter une\nissue  tragique  aux clients  du restaurant,\nSur proposition  de la sous-pr\u00e9f\u00e8te,  directrice  de cabinet  du Pr\u00e9fet  du Var,\nARR\u00caT\u00c9\nARTICLE  1% :\nLa M\u00e9daille  de bronze  pour acte de courage  et de d\u00e9vouement  est d\u00e9cern\u00e9e  \u00e0:\n- Monsieur  Laurent  LANTER,  Brigadier-Chef,  Brigade  anti-criminalit\u00e9  (BAC) nuit Toulon,\n- Monsieur  Matthieu  LOUIS,  gardien  de la paix, Brigade  anti-criminalit\u00e9  (BAC) nuit Toulon,\n- Monsieur  Rapha\u00ebl  DESHERIES,  gardien  de la paix, Brigade  anti-criminalit\u00e9  (BAC) nuit Toulon,\n- Monsieur  Lionel JOLY, Brigadier-Chef,  Brigade  anti-criminalit\u00e9  (BAC) nuit Toulon,\n- Monsieur  Florent  FOURNIER,Brigadier-Chef,  Brigade  anti-criminalit\u00e9  (BAC) nuit Toulon,\nARTICLE  2 :\nLa sous-pr\u00e9f\u00e8te,  directrice  de cabinet  du Pr\u00e9fet du Var, est charg\u00e9e  de l'ex\u00e9cution  du pr\u00e9sent\narr\u00eat\u00e9  qui sera publi\u00e9  au Recueil  des Actes Administratifs.  ;\nPr\u00e9fecture  du Var\nBoulevard  du 112\u00e8me  R.I. - CS 31 209\n83 070 TOULON  CEDEX\n\nDirection  de la coordinationPREFET  5 \u00e4des  politiques  publiques  etDU  VAR  \u00c9 ; nLibert\u00e9  de l'appui  territorial\n\u00c9galit\u00e9  Bureau  de l'environnement  et\nFraternit\u00e9  du d\u00e9veloppement  durable\nARR\u00caT\u00c9  PR\u00c9FECTORAL  du 16 JAN. 2[]21.\nprescrivant  l'ouverture  des enqu\u00eates  publiques  et d'une  enqu\u00eate  parcellaire,  conjointes,\npr\u00e9alables  \u00e0 :\ne la d\u00e9claration  d'utilit\u00e9  publique  des p\u00e9rim\u00e8tres  de protection  imm\u00e9diate  et\nrapproch\u00e9e  ; valant  servitudes  d'utilit\u00e9  publique  sur le territoire  des communes  d'Artigues,\nBelgentier,  Bormes-les-Mimosas,  Brue-Auriac,  Callas,  Cuers,  Esparron-de-Palli\u00e8res,\nGinasservis,  Hy\u00e8res-les-Palmiers,  La Cadi\u00e8re-d'Azur,  La Crau,  La Garde,  La M\u00f4le,  La Motte,  Le\nBeausset,  Le Cannet-des-Maures,  Le Luc-en-Provence,  Le Muy,  Mazaugues,  M\u00e9ounes-les-\nMontrieux,  Nans-les-Pins,  Olli\u00e8res,  Ollioules,  Pourcieux,  Pourri\u00e8res,  Rians,  Rougiers,  Saint-Cyr-\nsur-Mer,  Sainte-Maxime,  Saint-Maximin-la-Sainte-Baume,  Sanary-sur-Mer,  Signes,  Solli\u00e8s-\nToucas,  Solli\u00e8s-Ville,  Tourves,  Vinon-sur-Verdon  ;\ne la d\u00e9claration  d'utilit\u00e9  publique  en vue de l'acquisition  en pleine  propri\u00e9t\u00e9  des terrains\ndes p\u00e9rim\u00e8tres  de protection  imm\u00e9diate,  conform\u00e9ment  \u00e0 l'article  L1321-2  du code  de la\nsant\u00e9  publique,  sur le territoire  des communes  de La Garde,  Le Beausset,  Le Luc-en-\nProvence,  Mazaugues,  Pourcieux,  Rians,  Saint-Maximin-la-Sainte-Baume,  Signes,  Vinon-sur-\nVerdon  ;\n\u00a2 la cessibilit\u00e9  des terrains  des p\u00e9rim\u00e8tres  de protection  imm\u00e9diate,  au titre  de l'article\nL1321-2  du code  de la sant\u00e9  publique  ;\n\u00a2 _ l'autorisation  d''utiliser  l'eau  en vue de la consommation  humaine  ;\nau b\u00e9n\u00e9fice  de la Soci\u00e9t\u00e9  du Canal  de Provence  et d'am\u00e9nagement  de la r\u00e9gion  proven\u00e7ale\n(SCP).\nLe pr\u00e9fet  du Var,\nVu le code  de I'environnement,  notamment  son article  R. 123-5  ;\nVu le code  de l'expropriation  pour  cause  d'utilit\u00e9  publique,  notamment  ses articles  L. 1,\nL. 110-1,  L. 112:1  ; L. 121-1,  L. 121-2,  L. 1314,  L. 1321  et suivants,  R. 111-1,  R. 112-1,  R. 112-5  et\nsuivants  ; R. 131-1  et suivants  ;\nVu le code  des relations  entre  le public  et l'administration  ;\nVu le code  de la sant\u00e9  publique,  notamment  ses articles  L. 1321-2,  L. 1321-8,  R. 1321-6,\nR. 1321-8  et R. 132113  ;\n110\n\nVu le d\u00e9cret  n\u00b055-22  du 4 janvier  1955  portant  r\u00e9forme  de la publicit\u00e9  fonci\u00e8re  ;\nVu le d\u00e9cret  n\u00b055-1350  du 14 octobre  1955  pour  l'application  du d\u00e9cret  n\u00b055-22  du 4 janvier\n1955  portant  r\u00e9forme  de la publicit\u00e9  fonci\u00e8re  ;\nVu le d\u00e9cret  n\u00b063-509  du 15 mai 1963  portant  concession  g\u00e9n\u00e9rale  des travaux  de\nconstruction  du canal  de Provence  et d'am\u00e9nagement  hydraulique  et agricole  du bassin  de\nla Durance  ;\nVu le d\u00e9cret  du Pr\u00e9sident  de la R\u00e9publique  du 13 juillet  2023  nommant  M. Philippe  MAH\u00c9,\npr\u00e9fet  du Var  ;\nVu le d\u00e9cret  du Pr\u00e9sident  de la R\u00e9publique  du 15 avril  2022  nommant\nM. Lucien  GIUDICELLI,  secr\u00e9taire  g\u00e9n\u00e9ral  de la pr\u00e9fecture  du Var,  sous-pr\u00e9fet  de\nl'arrondissement  de Toulon  ;\nVu l'arr\u00e9t\u00e9  pr\u00e9fectoral  n\u00b02023  / 47 / MCI  du 21 ao\u00fbt  2023  portant  d\u00e9l\u00e9gation  de signature  \u00e0\nM. Lucien  GIUDICELLI,  secr\u00e9taire  g\u00e9n\u00e9ral  de la pr\u00e9fecture  du Var,  sous-pr\u00e9fet  de\nl'arrondissement  de Toulon  ;\nVu la convention  du 30 d\u00e9cembre  2008  relative  aux modalit\u00e9s  du transfert  \u00e0 la r\u00e9gion\nProvence-Alpes-C\u00f4te  d'Azur  de la propri\u00e9t\u00e9  des biens  de I'Etat  dont  I'exploitation  est\nconc\u00e9d\u00e9e  \u00e0 la SCP  ;\nVu la d\u00e9lib\u00e9ration  du 17 octobre  2011  du Conseil  d'administration  de la SCP  approuvant  le\nrecours  \u00e0 la d\u00e9claration  d'utilit\u00e9  publique  afin  d'instaurer  des p\u00e9rim\u00e8tres  de protection  des\nprises  d'eau  sur les ouvrages  du Canal  de Provence  ;\nVu la d\u00e9lib\u00e9ration  n\u00b020-510  du 9 octobre  2020  du Conseil  r\u00e9gional  Provence-Alpes-C\u00f4te\nd'Azur,  approuvant,  notamment,  d'une  part,  l'engagement  par la SCP  de la proc\u00e9dure  de\nd\u00e9claration  d'utilit\u00e9  publique  des p\u00e9rim\u00e8tres  de protection  sur les ouvrages  du canal  de\nProvence,  et autorisant,  d'autre  part,  la SCP  \u00e0 d\u00e9poser  les dossiers  r\u00e9glementaires  et \u00e0\nsolliciter  I'ouverture  des  enqu\u00eates  pr\u00e9alables  ;\nVu la lettre  du 10 octobre  2022  du directeur  du d\u00e9veloppement  de la SCP  sollicitant\nl'ouverture  des enqu\u00eates  publiques  et parcellaire,  conjointes,  pr\u00e9alables  : \u00e0 la d\u00e9claration\nd'utilit\u00e9  publique  des p\u00e9rim\u00e8tres  de protection  imm\u00e9diates  et rapproch\u00e9es  sur les ouvrages\ndu canal  de Provence,  \u00e0 la d\u00e9claration  d'utilit\u00e9  publique  en vue  de l'acquisition  en pleine\npropri\u00e9t\u00e9  des terrains  des p\u00e9rim\u00e8tres  de protection  imm\u00e9diate  conform\u00e9ment  \u00e0 l'article\nL1321-2  du code  de la sant\u00e9  publique,  \u00e0 la cessibilit\u00e9  des terrains  des p\u00e9rim\u00e8tres  de\nprotection  imm\u00e9diate  ainsi  qu'\u00e0  l'autorisation  d'utiliser  l'eau  en vue de la consommation\nhumaine  ;\nVu la d\u00e9cision  n\u00b0E23000062/83  du 26 d\u00e9cembre  2023  de la pr\u00e9sidente  du tribunal\nadministratif  de Toulon  d\u00e9signant  une  commission  d'enqu\u00e9te  pour  conduire  les enqu\u00eates\npubliques  et parcellaire,  conjointes,  relatives  au projet  pr\u00e9cit\u00e9  ;\nConsid\u00e9rant  le rapport  du 1 d\u00e9cembre  2021  de M. S. SOLAGES,  hydrog\u00e9ologue  agr\u00e9\u00e9,\ncoordonnateur  pour  le d\u00e9partement  du Var,  portant  sur la d\u00e9limitation  des p\u00e9rim\u00e8tres  de\nprotection  des ouvrages  et prises  d'eau  de consommation  humaine  du canal  de Provence\nsitu\u00e9s  dans  le d\u00e9partement  du Var ;\nConsid\u00e9rant  le rapport  favorable  du 23 f\u00e9vrier  2023,  valant  notice  explicative,  du directeur\ng\u00e9n\u00e9ral  de I'agence  r\u00e9gionale  de sant\u00e9  de Provence-Alpes-C\u00f4te  d'Azur  ;\nConsid\u00e9rant  que  le dossier  comporte  les pi\u00e8ces  relatives  aux d\u00e9clarations  d'utilit\u00e9  publique,\n\u00e0 la cessibilit\u00e9  des biens  immobiliers  et \u00e0 la consommation  humaine  des  eaux  ;\nConsid\u00e9rant  que  la commission  d'enqu\u00e9te  a \u00e9t\u00e9 consult\u00e9e  sur les modalit\u00e9s  du\nd\u00e9roulement  des enqu\u00eates  ;\nConsid\u00e9rant  qu'il  convient  de proc\u00e9der  \u00e0 la r\u00e9gularisation  administrative  du canal  de\nProvence  vis-\u00e0-vis  des volets  \u00ab code  la sant\u00e9  publique  \u00bb et \u00ab code  de l'expropriation  pour\ncause  d'utilit\u00e9  publique  \u00bb afin d'assurer  la protection  de I'ensemble  de ses ouvrages  ainsi\nque  la qualit\u00e9  des  eaux  brutes  transport\u00e9es  ;\n2/10\n\nSur proposition  du secr\u00e9taire  g\u00e9n\u00e9ral  de la pr\u00e9fecture  du Var,\nARR\u00caTE  :\nArticle  1 : Objet  des  enqu\u00eates\n|.- Le projet  :\nLe projet  consiste  \u00e0 prot\u00e9ger  les eaux  du canal  de Provence  destin\u00e9es  \u00e0 l'alimentation  du\nd\u00e9partement  du Var.\n11.- Le p\u00e9titionnaire  :\nLe responsable  est la SCP  - Direction  du d\u00e9veloppement  - Service  ma\u00eetrise  d'ouvrage  - Le\nTholonet  \u2014 CS 70064  - 13182  AIX-EN-PROVENCE  cedex  5.\n1ll.- Le dossier  :\nLe dossier  est compos\u00e9  de trois  volets  : (1) un volet  \u00ab code  de la sant\u00e9  publique  \u00bb, (2) un\nvolet  \u00ab code  de l'environnement  \u00bb, (3) un volet  \u00ab code  de l'expropriation  pour  cause  d'utilit\u00e9\npublique  \u00bb.\nIl est compl\u00e9t\u00e9  par le rapport  du 23 f\u00e9vrier  2023  du directeur  g\u00e9n\u00e9ral  de l'agence  r\u00e9gionale\nde sant\u00e9  de Provence-Alpes-C\u00f4te  d'Azur.\nJ V.- Les enqu\u00e9tes  :\nLes enqu\u00eates  ouvertes  ont pour  objet  d'assurer  l'information  et la participation  du public\nainsi  que la prise  en compte  des int\u00e9r\u00e9ts  des propri\u00e9taires  et des tiers  dans  l'\u00e9laboration  des\nd\u00e9cisions  relatives  au projet.\n1\u00b0 Il est proc\u00e9d\u00e9  \u00e0 des enqu\u00eates  publiques  conjointes,  dans  les formes  prescrites  par le code\nde I'expropriation  pour  cause  d'utilit\u00e9  publique,  pr\u00e9alables  \u00e0 :\n- _ la d\u00e9claration  d'utilit\u00e9  publique  relative  \u00e0 I'instauration  des p\u00e9rim\u00e8tres  de protection\nimm\u00e9diate  et rapproch\u00e9e,  valant  servitudes  d'utilit\u00e9  publique,  sur le territoire  des\ncommunes  d'Artigues,  Belgentier,  Bormes-les-Mimosas,  Brue-Auriac,  Callas,  Cuers,\nEsparron-de-Palli\u00e8res,  Ginasservis,  Hy\u00e8res-les-Palmiers,  La Cadi\u00e8re-d'Azur,  La Crau,  La\nGarde,  La M\u00f4le,  La Motte,  Le Beausset,  Le Cannet-des-Maures,  Le Luc-en-Provence,  Le\nMuy,  Mazaugues,  M\u00e9ounes-les-Montrieux,  Nans-les-Pins,  Olli\u00e8res,  Ollioules,  Pourcieux,\nPourri\u00e8res,  Rians,  Rougiers,  Saint-Cyr-sur-Mer,  Sainte-Maxime,  Saint-Maximin-la-Sainte-\nBaume,  Sanary-sur-Mer,  Signes,  Solli\u00e8s-Toucas,  Solli\u00e8s-Ville,  Tourves,  Vinon-sur-Verdon  ;\n- la d\u00e9claration  d'utilit\u00e9  publique  en vue de l'acquisition  en pleine  propri\u00e9t\u00e9  des\nterrains  des p\u00e9rim\u00e8tres  de protection  imm\u00e9diate,  conform\u00e9ment  \u00e0 l'article  L1321-2  du\ncode  de la sant\u00e9  publique,  sur le territoire  des communes  de La Garde,  Le Beausset,  Le\nLuc-en-Provence,  Mazaugues,  Pourcieux,  Rians,  Saint-Maximin-la-Sainte-Baume,  Signes,\nVinon-sur-Verdon  ;\\\n- l'autorisation  d'utiliser  l'eau  en vue  de la consommation  humaine.\n2\u00b0 |l est proc\u00e9d\u00e9  \u00e0 une enqu\u00eate  parcellaire  conjointe,  dans  les formes  prescrites  par le code\nde I'expropriation  pour  cause  d'utilit\u00e9  publique,  pr\u00e9alable  \u00e0 :\n- _ la cessibilit\u00e9  des terrains  des p\u00e9rim\u00e8tres  de protection  imm\u00e9diate,  au titre  de l'article\nL1321-2  du code  de la sant\u00e9  publique.\n3\u00b0 Ces d\u00e9cisions  rel\u00e8vent  de la comp\u00e9tence  du pr\u00e9fet  du Var et pourront  \u00eatre  adopt\u00e9es  au\nterme  de la proc\u00e9dure.  Le cas \u00e9ch\u00e9ant,  la SCP  en sera  la b\u00e9n\u00e9ficiaire.\nArticle  2 : Lieux,  si\u00e8ge  et dates  des  enqu\u00eates\nL\nOn entend  par \u00ab enqu\u00eates  \u00bb : les enqu\u00eates  publiques  et I'enqu\u00e9te  parcellaire,  conjointes,\n\u00e9num\u00e9r\u00e9es  \u00e0 l'article  1.\nOn entend  par \u00ab dossier  \u00bb : les dossiers  relatifs  aux  enqu\u00eates.\n3/10\n\nOn entend  par \u00ab lieu(x)  des enqu\u00e9tes  \u00bb : une commune  concern\u00e9e  par le projet.\nIl.- Lieux  et si\u00e8ge  des  enqu\u00e9tes  :\n36 communes  varoises  sont  concern\u00e9es  par le projet.\n1\u00b0 Lieux  principaux  des  enqu\u00e9tes  :\nLa Garde,  Le Beausset,  Le Luc-en-Provence,  Mazaugues,  Pourcieux,  Rians,  Saint-Maximin-la-\nSainte-Baume,  Signes,  Vinon-sur-Verdon.\n2\u00b0 Lieux  secondaires  des enqu\u00eates  :\nArtigues,  Belgentier,  Bormes-les-Mimosas,  Brue-Auriac,  Callas,  Cuers,  Esparron-de-Palli\u00e8res,\nGinasservis,  Hy\u00e8res-les-Palmiers,  La Cadi\u00e9re-d'Azur,  La Crau,  La M\u00f4le,  La Motte,  Le Cannet-\ndes-Maures,  Le Muy,  M\u00e9ounes-les-Montrieux,  Nans-les-Pins,  Olli\u00e8res,  Ollioules,  Pourri\u00e8res,\nRougiers,  Saint-Cyr-sur-Mer,  Sainte-Maxime,  Sanary-sur-Mer,  Solli\u00e8s-Toucas,  Solli\u00e8s-Ville,\nTourves.\n3\u00b0 Si\u00e8ge  des  enqu\u00eates  :\nLe si\u00e8ge  des enqu\u00eates  est fix\u00e9 en mairie  de Saint-Maximin-la-Sainte-Baume.\n4\u00b0\nLes enqu\u00e9tes  se tiennent  dans  les mairies  des lieux  principaux  des enqu\u00e9tes,  du lundi  26\nf\u00e9vrier  2024  au vendredi  29 mars  2024  inclus,  soit 33 jours  cons\u00e9cutifs  (samedis,  dimanches\net jours  f\u00e9ri\u00e9s  \u00e9tant  toutefois  except\u00e9s),  aux jours  et heures  indiqu\u00e9s  dans  le tableau\nsuivant  :\n\u00cb\u00cf Lieux principaux  des en\u00eequ\u00eates  Jours d'ouverture  Horaires  \u00ee\n' | de8h30\u00e012h  |\n| Mairie  de La G_arde  3 du lundi au vendredi  et\n|Rue  Jean  Baptiste  Lav\u00e8ne\n83130  La Garde\n* samedi| de 13h30  \u00e0 17h30\n|\nde 8h30  \u00e0 12h  J\n'de8ha12h  |\ndu lundi  au jeudi  et\n| | de 13h30  \u00e0 17h|\ni\n| Mairie  du Beausset\n| Place  jean  Jaur\u00e8s\nvendredi et\nde 13h30  \u00e0 16h\n| Mairie  du Luc-en-Provence\n|3, place  de la Libert\u00e9\n183340  Le Luc en Provence|83330  Le Beausset  | T de 8h \u00e0 12h\n|\ndu lundi  au jeudi et\nde 13h30  \u00e0 17h|\nde 8h30212h30  |\n|\n= |\nde 8h30  \u00e0 12h30  |\nvendredi  et\n(s CT  e | e _ | de 13h30  \u00e0 16h30  |\nMairie  de Mazaugues  |\n46, boulevard  Lambert  du lundi  au vendredi  de 9h \u00e0 12h |\n83136  Mazaugues  |\n| de8ha\u00e012h  _\n| Mairie  de Pourcieux  lundi,  vendredi  et |\n'Rue  de l'\u00c9glise  ; _ de 13h \u00e0 17h  \u2014\n| 2470  Dourcieux  mardi,  jeudi de 13h \u00e0 17h\n| mercredi  de 8h \u00e0 12h |\n\u2014\u2014  es  \u2014\u2014  se  C m  ]\nMairie  de Rians  de 8h \u00e0 12h\n30, Rue de la R\u00e9publique  du lundi  au vendredi  et\n83560  Rians de 13h30  \u00e0 16h\n4/10\n\n'Mame  de Saint-  Maxnmm  Ia Sainte-Baume  |\n|\u00ab Mairie  annexe  \u00bb\n83560  Vinon-sur-VerdonParvis  Charles  Il d'Anjou  du lundi  au vendredi  de 8h30  \u00e0 12h\n\\83470  Saint-Maximin-  la-Salnte  Baume  | |\nPR  PE T  T  TS  q|Mairie  de Signes  de 9h \u00e0 12h |\n|5, rue Saint-Jean  du lundi  au vendredi  et |\n183870  Signes  | de14h\u00e016h30  |\n| | | de 8h30 \u00e0 12h\nMairie  de Vinon-sur-Verdon  lundi,  mardi,  jeudi  | et |\n66, avenue  de la Lib\u00e9ration  | l de 13h30  \u00e0 17h \u00c2\n| |mercredi,  vendredi\nArticle  3 : Publicit\u00e9  des  enqu\u00e9tes\nPar voie  de presse  : Un avis d'ouverture  des enqu\u00e9tes,  destin\u00e9  au public,  est ins\u00e9r\u00e9  en\ncaract\u00e8res  apparents,  sur demande  du pr\u00e9fet  et aux frais  du p\u00e9titionnaire,  dans  deux\njournaux  publi\u00e9s  dans  le d\u00e9partement  du Var, au moins  huit jours  avant  l'ouverture  des\nenqu\u00eates  et, en rappel  \u00e0 I'identique,  dans  les huit  premiers  jours  de celles-ci.\nPar voie  d'affichage  : Cet avis et l'arr\u00eat\u00e9  d'ouverture  des enqu\u00eates  sont  \u00e9galement  publi\u00e9s  :\n- dans  les 36 mairies  concern\u00e9es  par ces enqu\u00eates,  par chaque  maire,  par voie\nd'affichage  aux lieux  habituellement  r\u00e9serv\u00e9s  \u00e0 cet usage  ou \u00e9ventuellement  tout\nautre  proc\u00e9d\u00e9  en usage  dans  la commune,  huit  jours  au moins  avant  le d\u00e9but  des\nenqu\u00eates  et pendant  toute  la dur\u00e9e  de celles-ci.\nIl est attest\u00e9  de l''accomplissement  de cette  formalit\u00e9  par la production  d'un\ncertificat  de d\u00e9but  d'affichage  et d'un  certificat  de fin d'affichage,  d\u00e9livr\u00e9s  par le\nmaire.\n- sur le site Internet  d\u00e9di\u00e9  au registre  d\u00e9mat\u00e9rialis\u00e9,  huit  jours  au moins  avant\nl'ouverture  des enqu\u00e9tes  et pendant  toute  la dur\u00e9e  de celles-ci  :\nhttps://www.registre-dematerialise.fr/5022\nAu recueil  des actes  administratifs  du Var  : l'arr\u00eat\u00e9  d'ouverture  des enqu\u00eates  fait l'objet\nd'une  publication.\nArticle  4 : Notifications  individuelles  relatives  \u00e0 I'enqu\u00e9te  parcellaire\nLes pr\u00e9sentes  notifications  individuelles  concernent  les propri\u00e9taires  des parcelles  \u00e0\nexproprier  au titre  de l'article  L1321-2  du code  de la sant\u00e9  publique.\nLes notifications  individuelles  du d\u00e9p\u00f4t  du dossier,  dans  les mairies  des lieux  principaux  des\nenqu\u00e9tes,  sont  faites  par le p\u00e9titionnaire,  par lettre  recommand\u00e9e  avec  demande  d'avis  de\nr\u00e9ception,  aux propri\u00e9taires  figurant  sur la liste  des propri\u00e9taires  jointe  au dossier  d'enqu\u00eate\nparcellaire  d\u00e9pos\u00e9,  lorsque  leur domicile  est connu  d'apr\u00e8s  les renseignements  recueillis  par\nle p\u00e9titionnaire,  ou \u00e0 leurs  mandataires,  g\u00e9rants,  administrateurs  ou syndics.\nLes propri\u00e9taires,  auxquels  notification  est faite  par le p\u00e9titionnaire  du d\u00e9p\u00f4t  du dossier\nd'enqu\u00eate  parcellaire  en mairie,  sont  tenus  de fournir  les indications  relatives  \u00e0 leur identit\u00e9\nou, \u00e0 d\u00e9faut,  de donner  tous  renseignements  en leur possession  sur l'identit\u00e9  du ou des\npropri\u00e9taires  actuels.\n510\n\nLes notifications  individuelles  sont  faites  au moins  quinze  jours  avant  la date  d'ouverture  de\nl'enqu\u00eate  parcellaire.\nEn cas de domicile  inconnu,  la notification  est faite,  en double  copie,  au maire  de la\ncommune  de lieu de situation  du bien  qui en fait afficher  une et, le cas \u00e9ch\u00e9ant,  aux\nlocataires  et preneurs  \u00e0 bail rural.\nArticle  5 : D\u00e9signation  de la commission  d'enqu\u00e9te\n|.- Membres  de la commission  :\nM. Michel  RIQUET  est d\u00e9sign\u00e9  en qualit\u00e9  de Pr\u00e9sident  de la commission  d'enqu\u00e9te.\nMme  Mireille  GAIERO  est d\u00e9sign\u00e9e  en qualit\u00e9  de membre  titulaire.\nM. Olivier  LUC  est d\u00e9sign\u00e9  en qualit\u00e9  de membre  titulaire.\nMme  Marie-Chantal  NAIN  est d\u00e9sign\u00e9e  en qualit\u00e9  de membre  titulaire.\nM. Jean-Fran\u00e7ois  MALZARD  est d\u00e9sign\u00e9  en qualit\u00e9  de membre  titulaire.\nIl.- Permanences  :\nLe public  peut  s'adresser  directement  aux membres  de la commission,  lors des\npermanences  qu' 'elle assure  dans  les mairies  suivantes,  aux jours  et heures  indiqu\u00e9s  cn-apres\nPermanences  de Ia commission  d'enqu\u00eate  '\np |=  ks\n| Lleux  prmcnpaux  des enqu\u00e9tes  | Jours  Heures\n\u00cfT\n|\n_ - J\n| | | 10h \u00e0 12h\n' | Mardi  27 f\u00e9vrier  2024  \\ et\n' J~'l3h30  \u00e0 '15h30\ns r |\n|\n' |\n| [110h  \u00e0 12h\n|Vendredi  8 mars  2024  et\n3h30  \u00e0 15h30 \u00ef\n\\| Mairie  de La Garde  | 10h  \u00e0 12h\n| Rue Jean  Baptiste  Lav\u00e8ne  Jeudi  14 mars  2024  et\n183130  La Garde  ; 13h30  \u00e0 15h30\ni 10h \u00e0 12h '\nLundl  18 mars  2024  et\n| 18h30  \u00e0 15h30  |\n10h  \u00e0 12h\n| Vendredi  29 mars  2024  | et\n| 13h30  \u00e0 16h\nP A E  ' C 10ha72h\n|Lundi  26 f\u00e9vrier  2024  | et\n| 13h30  \u00e2 15h30  |\n10h  \u00e0 12h\nMardi  5 mars  2024  et\n13h30  \u00e0 15h30\nMairie du Beausset  sE  T \u00efa \u00e0 1\u00a3\u00ce\nPlace jean Jaur\u00e8s  Vendredi  15 mars 2024 | et |\n83330  Le Beausset  | o __ 13h30  \u00e0 15h30  |\n| 10h\u00e012h  _\nMercredi  20 mars  2024  et\n13h30  \u00e0 15h30\n'IOh  \u00e0 12h\nVendredi  29 mars  2024  et\n13h30  \u00e0 16h\n6/10\n\n10h  \u00e0 12h\n| Lundi  26 f\u00e9vrier  2024  et |\n= '13h30  \u00e0 15h30  |\n| | 10h  \u00e012h\n|Jeudi  7 mars  2024  | et\n| 13h30  \u00e0 15h30  |\nMairie  du Luc-en-Provence  10h\u00e012h  |\n3, place  de la Libert\u00e9  |Mardi  12 mars  2024  et\n83340  Le Luc en Provence  | 13h30  \u00e0 15h30  |\n| 10h \u00e0 12h\n|Jeudi  21 mars  2024  et\n13h30  \u00e0 15h30\n| 10h \u00e0 12h\n| \u00ceVendredi  29 mars  2024  et\n| |_18h30  \u00e0 16h |\n\u20ac  LR  SR  =  2\nMairie  de Mazaugues  Mardi  27 f\u00e9vrier  2024  9h \u00e0 12h\n46, boulevard  Lambert  i =\n183136  Mazaugues  |Mardi  26 mars  2024  | 9ha12h\n=\" i Es\n| Mairie  de Pourcieux  |Mercredi  6 mars  2024  8h \u00e0 12h\nRue de I'Eglise  B ; |\n|83470  Pourcieux  'Jeudi  21 mars  2024  13h\u00e017h  |\n| 2s \u00cb\n| T\n| Mardi  27 f\u00e9vrier  2024 8h\u00e012h  _\nL s\nMairie de Rians ' Mercredl  13 mars 2024 13h30 \u00e0 16h\n30, Rue  de la R\u00e9publique  r =\n83560  Rians  Mardi  19 mars  2024  8h \u00e0 12h\n|Jeudi  28 mars 2024 | 13h30  \u00e0 16h\n| Lundi  26 f\u00e9vrier  2024  8h30  \u00e0 12 h\nX 1Mard| 5 mars 2024 8h30 \u00e0 12 h\nMairie  de Saint-Maximin-la-Sainte-Baume  | Es\n\u00ab Mairie  annexe  \u00bb ;| Parvis  Charles  Il d'Anjou  Mercredl  13 mars  2024  8h30  \u00e0 12 h\n| 83470 Saint-Maximin-la-Sainte-Baume  | ; 5 2E\n|Mardi  19 mars  2024  8h30\u00e012h  |\n| Vendredi  22 mars  2024  8h30\u00e012h  |\n= e  e  == = o \u2014 \u2014\n| Mairie  de Signes  | Mercred|  28 f\u00e9vrier  2024  | 9haizh  |\n|5, rue Saint-Jean  > -  mn  P  e e 7\n183870  Signes  | Mercredi  27 mars  2024  14h\u00e016h30  |\nL GRS  _ oy A ) SR  T  P el s,  |\n| Vendredi  1\" mars  2024  | 8h30  \u00e0 12h\n\\ Mairie  de Vinon-sur-Verdon  i e E  e  77\n|66, avenue  de la Lib\u00e9ration  Mardi  5 mars  2024  8h30  \u00e0 12h |\n183560  Vinon-sur-Verdon  S  HE  5  DE\nLundi  25 mars  2024  13h30  \u00e0 17h |\n\nIll.- En cas d'emp\u00e9chement  d'un  commissaire  enqu\u00eateur,  les enqu\u00e9tes  sont  interrompues.  La\npr\u00e9sidente  du tribunal  administratif  de Toulon  d\u00e9signe  un commissaire  enqu\u00e9teur\nrempla\u00e7ant.  La date  de reprise  des enqu\u00eates  est fix\u00e9e  par arr\u00e9t\u00e9  en concertation  avec  la\ncommission  d'enqu\u00e9te.  Le public  est inform\u00e9  de ces d\u00e9cisions  dans  les formes  pr\u00e9vues  a\nl'article  3.\nArticle  6 : Consultation  du dossier  des enqu\u00e9tes  et recueil  des observations\n.- Le dossier  des enqu\u00eates  est consultable  pendant  toute  la dur\u00e9e  des enqu\u00e9tes  :\n- sur support  papier  dans  les mairies  des communes  d\u00e9finies  comme  lieux  principaux  des\nenqu\u00eates,  aux lieux,  jours  et heures  pr\u00e9cis\u00e9s  \u00e0 l'article  2 ;\n- sur un poste  informatique  au si\u00e8ge  des enqu\u00eates,  aux jours  et heures  pr\u00e9cis\u00e9s  \u00e0 l'article  2 ;\n- sur le site Internet  : https://www.registre-dematerialise.fr/5022\nIl.- Des observations  et propositions  du public  sur le projet  peuvent  \u00eatre formul\u00e9es  et des\nrenseignements  peuvent  \u00eatre  demand\u00e9s,  pendant  toute  la dur\u00e9e  des enqu\u00eates  :\n- directement  sur le registre  d\u00e9mat\u00e9rialis\u00e9  :\nhttps://wwuw.registre-dematerialise.fr/5022\n- par courriel  adress\u00e9  \u00e0 la commission  d'enqu\u00e9te  du 1\" jour  des enqu\u00eates,  \u00e0 O h 01, au\ndernier  jour  des enqu\u00eates,  \u00e0 24 h, \u00e0 l'adresse  \u00e9lectronique  suivante  :\nenquete-publique-5022@registre-dematerialise.fr\nCes observations  sont consultables  par le puBlic,  dans les meilleurs  d\u00e9lais,  sur le registre\nd\u00e9mat\u00e9rialis\u00e9.  Ne sont  pris en consid\u00e9ration  que les courriels  re\u00e7us  pendant  la p\u00e9riode  des\nenqu\u00eates  ;\n- par lettre  postale,  adress\u00e9e  \u00e0 l'attention  du pr\u00e9sident  de la commission  d'enqu\u00e9te,  au\nsi\u00e8ge  des enqu\u00eates  : Mairie  annexe  de Saint-Maximin-la-Sainte-Baume,  Parvis  Charles  Il\nd'Anjou,  83470  Saint-Maximin-la-Sainte-Baume.  Les observations  formul\u00e9es  par voie  postale\nsont  annex\u00e9es  au registre  d'enqu\u00e9te  correspondant,  tenu  \u00e0 la disposition  du public  ;\n- directement  sur un des registres  d'enqu\u00eate,  \u00e0 feuillets  non mobiles,  cot\u00e9s  et paraph\u00e9s  par\nle pr\u00e9sident  de la commission  d'enqu\u00e9te  et tenus  \u00e0 disposition  du public  et des titulaires  de\ndroits  r\u00e9els,  dans  chaque  mairie  d\u00e9sign\u00e9e  comme  lieu principal  des enqu\u00eates,  aux lieux,\njours  et heures  pr\u00e9cis\u00e9s  \u00e0 l'article  2 ;\n- directement  aupr\u00e8s  d'un  membre  de la commission  d'enqu\u00e9te  lors des permanences  qui\nsont  assur\u00e9es,  aux lieux,  jours  et heures  indiqu\u00e9s  dans  le tableau  \u00e0 I'article  5. Les lettres  re-\nmises  en main  propre  sont  annex\u00e9es  au registre  d'enqu\u00eate  publique  ou au registre  d'en-\nqu\u00eate  parcellaire  correspondant.\nArticle  7 : R\u00f4le  de la commission  d'enqu\u00e9te\nLa commission  d'enqu\u00eate  a pour  mission  de conduire  les enqu\u00eates  de mani\u00e8re  \u00e0 permettre\nau public,  aux propri\u00e9taires  concern\u00e9s  et aux tiers  int\u00e9ress\u00e9s  de disposer  d'une  information\ncompl\u00e8te  sur le projet  et de participer  effectivement  au processus  de d\u00e9cision.\nLe pr\u00e9sident  ou l'un des membres  titulaires  de la commission  d'enqu\u00eate  paraphe  le dossier\ncomplet  et les registres  des enqu\u00eates,  \u00e0 feuillets  non mobiles,  cot\u00e9s.\nLe pr\u00e9sident  de la commission  d'enqu\u00eate  peut  entendre  toute  personne  concern\u00e9e  par le\nprojet  qui en fait la demande  et auditionner  toute  personne  ou service  qu'il  lui para\u00eet  utile\nde consulter  pour  compl\u00e9ter  son information.  Le refus  \u00e9ventuel,  motiv\u00e9  ou non,  ou\nI'absence  de r\u00e9ponse,  est mentionn\u00e9  dans  son  rapport.\n8/10\n\nArticle  8 : Cl\u00f4ture  des  enqu\u00eates\n\u00c0 l'expiration  du d\u00e9lai  des enqu\u00eates,  le pr\u00e9sident  de la commission  d'enqu\u00e9te  cl\u00f4t  et signe\nles registres  des enqu\u00eates.  Le maire  lui remet  le dossier  avec  les registres  et les documents\nannex\u00e9s,  dans  les 24 heures.\nArticle  9 : Rapport  et conclusions  motiv\u00e9es  de la commission  d'enqu\u00e9te\n|.- R\u00e9daction\nLe pr\u00e9sident  de la commission  d'enqu\u00e9te  \u00e9tablit  un rapport  qui relate  le d\u00e9roulement  des\nenqu\u00eates  et examine  les observations  et les propositions  recueillies.  Le rapport  comporte  le\nrappel  de l'objet  du projet,  la liste de I'ensemble  des pi\u00e8ces  figurant  dans  le dossier  des\nenqu\u00eates,  une synth\u00e8se  des observations  du public  ou des propri\u00e9taires,  une analyse  des\npropositions  produites  durant  les enqu\u00eates,  les observations  \u00e9ventuelles  du p\u00e9titionnaire  en\nr\u00e9ponse  aux observations  du public  ou des propri\u00e9taires.\nLe pr\u00e9sident  de la commission  d'enqu\u00eate  consigne,  pour  chaque  d\u00e9cision,  dans  un\ndocument  s\u00e9par\u00e9,  ses conclusions  motiv\u00e9es.  Il pr\u00e9cise  si elles  sont  favorables,  favorables\navec  recommandation(s),  favorables  sous  r\u00e9serve(s)  ou d\u00e9favorables.\nIl.- Transmission\nDans  le d\u00e9lai  de trente  jours,  \u00e0 compter  de la date  de cl\u00f4ture  des enqu\u00eates,  le pr\u00e9sident  de\nla commission  d'enqu\u00e9te  remet  le rapport  et les conclusions  motiv\u00e9es,  accompagn\u00e9s  du\ndossier  et des registres  des enqu\u00e9tes,  au bureau  de l'environnement  et du d\u00e9veloppement\ndurable  de la pr\u00e9fecture  du Var.\nIl transmet  simultan\u00e9ment  une copie  de son rapport  et de ses conclusions  motiv\u00e9es  \u00e0 la\npr\u00e9sidente  du tribunal  administratif  de Toulon.\nArticle  10 : Diffusion  du rapport  et des conclusions  motiv\u00e9es  des enqu\u00eates\nLe pr\u00e9fet  adresse,  d\u00e8s leur r\u00e9ception,  copie  du rapport  et des conclusions  motiv\u00e9es  du\npr\u00e9sident  de la commission  d'enqu\u00eate  au p\u00e9titionnaire,  aux maires  des communes\nconcern\u00e9es  et au directeur  g\u00e9n\u00e9ral  de l'agence  r\u00e9gionale  de sant\u00e9  Provence-Alpes-C\u00f4te\nd'Azur.\nCes documents  sont  tenus  \u00e0 la disposition  du public,  sans  d\u00e9lai,  pendant  un an \u00e0 partir  de\nla date  de cl\u00f4ture  des  enqu\u00e9tes  :\n- dans  l'ensemble  des  mairies  concern\u00e9es  ;\n- au bureau  de l'environnement  et du d\u00e9veloppement  durable  de la pr\u00e9fecture  du Var ;\n- sur le site Internet  des services  de I'Etat  dans  le Var :\nhttps://www.var.gouv.fr/Publications/Enquetes-publiques/Toutes-les-enquetes-publiques-\ncloturees\nLes personnes  int\u00e9ress\u00e9es  peuvent  obtenir  communication  du rapport  et des conclusions\nmotiv\u00e9es  du pr\u00e9sident  de la commission  d'enqu\u00eate,  en s'adressant  au bureau  de\nI'environnement  et du d\u00e9veloppement  durable  de la pr\u00e9fecture  du Var, dans  les conditions\npr\u00e9vues  au chapitre  1 du titre  | du Livre  III du code  des relations  entre  le public  et\nl'administration  (CRPA).\n9/10\n\nArticle  11 : Ex\u00e9cution  du pr\u00e9sent  arr\u00e9t\u00e9\nLe secr\u00e9taire  g\u00e9n\u00e9ral  de la pr\u00e9fecture  du Var, les membres  de la commission  d'enqu\u00eate,  le\ndirecteur  g\u00e9n\u00e9ral  de la SCP,  les maires  des communes  d'Artigues,  Belgentier,  Bormes-les-\nMimosas,  Brue-Auriac,  Callas,  Cuers,  Esparron-de-Palli\u00e8res,  Ginasservis,  Hy\u00e8res-les-Palmiers,\nLa Cadi\u00e8re-d'Azur,  La Crau,  La Garde,  La M\u00f4le,  La Motte,  Le Beausset,  Le Cannet-des-Maures,\nLe Luc-en-Provence,  Le Muy,  Mazaugues,  M\u00e9ounes-les-Montrieux,  Nans-les-Pins,  Olli\u00e8res,\nOllioules,  Pourcieux,  Pourri\u00e8res,  Rians,  Rougiers,  Saint-Cyr-sur-Mer,  Sainte-Maxime,  Saint-\nMaximin-la-Sainte-Baume,  Sanary-sur-Mer,  Signes,  Solli\u00e8s-Toucas,  Solli\u00e8s-Ville,  Tourves,\nVinon-sur-Verdon,  sont  charg\u00e9s,  chacun  en ce qui le concerne,  de l'ex\u00e9cution  du pr\u00e9sent\narr\u00eat\u00e9  dont  une  copie  sera  adress\u00e9e  :\n- \u00e0 la pr\u00e9sidente  du tribunal  administratif  de Toulon  ;\n- \u00e0 la sous-pr\u00e9f\u00e8te  de l'arrondissement  de Draguignan  ;\n- au sous-pr\u00e9fet  de l'arrondissement  de Brignoles  ;\n- au directeur  g\u00e9n\u00e9ral  de l'agence  r\u00e9gionale  de sant\u00e9  de Provence-Alpes  -C\u00f4te  d'Azur.\nFait \u00e0 Toulon,  le 16 JAN, 2024\nation, Pourle-Pr\u00e9fet  et par \u00bb;\u00e9.:\nle secr\u00e9ta\nLucien  GIUDICELLI\n10/10\n\n\u0152x  SOUS-PR\u00c9FECTURE  DE DRAGUIGNAN\n\u00c9 Bureau  de l'Administration  et de la R\u00e9glementation  G\u00e9n\u00e9ralePR\u00c9FET  Section  : Police Administrative  et des S\u00e9curit\u00e9s\nDU  VAR\nLibert\u00e9\n\u00c9galit\u00e9\nFraternit\u00e9\nArr\u00eat\u00e9  pr\u00e9fectoral  instaurant  un p\u00e9rim\u00e8tre  de protection\nsur la commune  de Sainte-Maxime\nLe Pr\u00e9fet  du Var\nVu le Code  de la s\u00e9curit\u00e9  int\u00e9rieure,  notamment  ses articles  L, 211-11-1,  L. 226-1,  L. 51141  et L.\n611-;\nVu le Code  de proc\u00e9dure  p\u00e9nale,  et notamment  ses articles  16,20  et 21;\nVu le Code  p\u00e9nal,  et notamment  son article  R 610-5;\nVu la loi N\u00b0 20171510  du 30 octobre  2017  renfor\u00e7ant  la s\u00e9curit\u00e9  int\u00e9rieure  et la lutte  contre\nle terrorisme;\nVu le d\u00e9cret  n\u00b0 2004-374  du 29 avril  2004  modifi\u00e9,  relatif  aux pouvoirs  des pr\u00e9fets,  \u00e0\nI'organisation  et l'action  des services  de l'\u00c9tat  dans  les r\u00e9gions  et d\u00e9partements;\nVu l'arr\u00eat\u00e9  pr\u00e9fectoral  n\u00b0 n\u00b0 2023/102/MCI  du 06 novembre  2023  accordant  d\u00e9l\u00e9gation  de\nsignature  \u00e0 Madame  Myriam  GARCIA,  sous-pr\u00e9f\u00e8te  de l'arrondissement  de Draguignan  ;\nVu l'accord  du Maire  de Sainte-Maxime  (83),  formalis\u00e9  lors de la r\u00e9union  du 15 janvier  2024,\ntendant  \u00e0 la participation  des agents  de la police  municipale  aux op\u00e9rations  pr\u00e9vues  au\npr\u00e9sent  arr\u00eat\u00e9  ;\nVu la d\u00e9claration  de manifestation  \u00ab Corso  du Mimosa  \u00bb re\u00e7us  par courriel  le 05 janvier  2024\npar LA SEMA  \u00c9V\u00c9NEMENT,  5 avenue  Berthie  Albrecht  83120  Sainte-Maxime  ;\nCONSID\u00c9RANT  qu'en  application  de l'article  L. 226-1  du Code  de la s\u00e9curit\u00e9  int\u00e9rieure,  \u00ab afin\nd'assurer  la s\u00e9curit\u00e9  d'un  lieu ou d'un  \u00e9v\u00e9nement  expos\u00e9  \u00e0 un risque  d'actes  de terrorisme  \u00e0\nraison  de la nature  et de 'ampleur  de sa fr\u00e9quentation,  le repr\u00e9sentant  de I'Etat  dans  le\nd\u00e9partement  est autoris\u00e9  \u00e0 instituer  un p\u00e9rim\u00e8tre  de protection  au sein duquel  l'acces  et la\ncirculation  des personnes  sont  r\u00e9glement\u00e9s  \u00bb ;\nCONSID\u00c9RANT  la pr\u00e9gnance  de la menace  terroriste  sur le territoire  national  et la n\u00e9cessit\u00e9\nde mettre  en \u0153uvre  les postures  Vigipirate  d\u00e9cid\u00e9es  par le gouvernement  ;\nCONSID\u00c9RANT  que le Var est un d\u00e9partement  touristique  \u00e0 forte  fr\u00e9quentation  et conna\u00eet\nun afflux  important  de population  tout  au long  de I'ann\u00e9e  ;\n\nConsid\u00e9rant  que  le 04 f\u00e9vrier  2024,  de 09h00  \u00e0 18h00  la commune  de Sainte-Maxime,  station\nbaln\u00e9aire,  organise  le Corso  du Mimosa,  que  cet \u00e9v\u00e9nement  rassemble  sur la totalit\u00e9  de sa\ndur\u00e9e  plus  de 5000  personnes  et ainsi  constitue  un enjeu  symbolique  de premi\u00e8re\nimportance  ;\nCONSID\u00c9RANT  que  cette  manifestation  peut  g\u00e9n\u00e9rer  des circonstances  particuli\u00e8res  de\nnature  \u00e0 faire  peser  des menaces  graves  pour  la s\u00e9curit\u00e9  publique  et exposer  les populations\n\u00e0 un risque  d'acte  de terrorisme  et qu'il  convient,  de fait,  de prendre  des mesures  renforc\u00e9es  -\nde surveillance  et de s\u00e9curit\u00e9  ;\nCONSID\u00c9RANT  d\u00e8s lors qu''il  y a lieu d'instaurer  un p\u00e9rim\u00e8tre  de protection  aux fins de\npr\u00e9vention  d'un  acte  de terrorisme  ; que  compte  tenu  de la topographie  des lieux,  ce\np\u00e9rim\u00e8tre  doit  englober  la zone  mat\u00e9rialis\u00e9e  dans  le plan  pr\u00e9sent  en annexe  \u00c0 ; que  ce\np\u00e9rim\u00e8tre  doit  \u00eatre  instaur\u00e9  durant  la journ\u00e9e  du dimanche  04 f\u00e9vrier  2024  en raison  des\nimportants  flux  et rassemblements  de personnes  ;\nSUR  PROPOSITION  de la Sous-pr\u00e9f\u00e8te  de Draguignan  ;\nARR\u00caTE\nArticle  1\u00b0\":\n\u2014\u20141Festiinstaur\u00e9-un-p\u00e9rim\u00e8tre  de protection;  surle  site  de tamanifestation  \u00ab Corso-du  Mimosa=\u2014\u2014\nSainte-Maxime  \u00bb, le dimanche  04 f\u00e9vrier  2024.\nArticle  2 :\nCe p\u00e9rim\u00e8tre  est d\u00e9limit\u00e9  selon  le plan  joint  en annexe  A. Il sera  mat\u00e9rialis\u00e9  sur site par des\nbarri\u00e8res  physiques  et sera  rendu  impossible  \u00e0 la circulation  des v\u00e9hicules  \u00e0 l'aide  de\ndispositifs  pare-b\u00e9liers.\nArticle  3 :\nLe p\u00e9rim\u00e8tre  de protection  sera  arm\u00e9  et d\u00e9sarm\u00e9  sur ordre  de l'officier  de police  judiciaire,\nterritorialement  comp\u00e9tent.  Pendant  les p\u00e9riodes  d'armement,  l'acc\u00e8s  et la circulation  des\npersonnes  et des  v\u00e9hicules  y sont  r\u00e9glement\u00e9s.\nArticle  4 :\nPour  acc\u00e9der  dans  le p\u00e9rim\u00e8tre  de la zone  de s\u00e9curit\u00e9,  il est cr\u00e9\u00e9  5 points  de contr\u00f4les\nd'acc\u00e8s  mat\u00e9rialis\u00e9s  sur I'annexe  A (tenus  pour  chaque  point  par des agents  de s\u00e9curit\u00e9  priv\u00e9\net / ou des  policiers  municipaux)  et \u00e9nonc\u00e9s  ci-dessous  :\n\u2014 Promenade  Aymeric  Simon  Lor\u00e8re  c\u00f4t\u00e9  plage,  angle  Casino  de jeux\n\u2014 Avenue  Jean-Jaur\u00e8s  \u00e0 hauteur  de I'Agence  Provencal\n- Place  Louis  Blanc,  \u00e0 hauteur  de la Soci\u00e9t\u00e9  G\u00e9n\u00e9rale\n\u2014 Rue  Courbet,  \u00e0 hauteur  de la Brasserie  de MONSIEUR  BIANCA\n\u2014 Avenue  Charles  de Gaulle,  \u00e0 hauteur  de la cale  \u00e0 bateaux\nArticle  5 :\nLes op\u00e9rations  de v\u00e9rification  sur les personnes  et les v\u00e9hicules,  d\u00e9taill\u00e9es  ci-apr\u00e8s,  sont\nplac\u00e9es  sous  la responsabilit\u00e9  d'un  officier  de police  judiciaire,  territorialement  comp\u00e9tent,\ntel que  ceux  mentionn\u00e9s  aux 2\u00b0 \u00e0 4\u00b0 de l'article  16 du Code  de proc\u00e9dure  p\u00e9nale.\n\nArticle  6 :\nLes op\u00e9rations  de v\u00e9rification  sur les personnes  et d\u00e9taill\u00e9es  ci-apr\u00e8s,  peuvent  \u00eatre  r\u00e9alis\u00e9es\npar des officiers  de police  judiciaire  mentionn\u00e9s  aux 2\u00b0 \u00e0 4\u00b0 de l'article  16 du Code  de\nproc\u00e9dure  p\u00e9nale,  et, sous  la responsabilit\u00e9  de ceux-ci,  par des agents  de police  judiciaires\nmentionn\u00e9s  \u00e0 l'article  20 du m\u00eame  code,  par des agents  de police  judiciaires  adjoints\nmentionn\u00e9s  aux 1\u00b0, 1\u00b0 bis, 1\u00b0 ter de l'article  21 du m\u00eame  code,  par des agents  de police\nmunicipale  mentionn\u00e9s  \u00e0 l'article  L511-1  du code  de la s\u00e9curit\u00e9  int\u00e9rieure,  ou par des agents\nde s\u00e9curit\u00e9  priv\u00e9e  exer\u00e7ant  l'activit\u00e9  mentionn\u00e9e  au 1\u00b0 de l'article  L. 611 du m\u00eame  code.\nArticle  7 :\nLes op\u00e9rations  de v\u00e9rification  effectu\u00e9es  sur les v\u00e9hicules  et d\u00e9taill\u00e9es  ci-apr\u00e8s,  ne peuvent\n\u00eatre  accomplies  que par des officiers  de police  judiciaire  mentionn\u00e9s  aux 2\u00b0 \u00e0 4\u00b0 de I' article\n16 du code  de proc\u00e9dure  p\u00e9nale,  et, sous  la responsabilit\u00e9  de ceux-ci,  par des agents  de\npolice  judiciaires  mentionn\u00e9s  \u00e0 l'article  20 du m\u00e9me  code,  par des agents  de police\njudiciaires  adjoints  mentionn\u00e9s  aux 1\u00b0, 1\u00b0 bis, 1\u00b0 ter de l'article  21 du m\u00eame  code.\nArticle  8 : _\nPr\u00e9alablement  \u00e0 I'armement  du p\u00e9rim\u00e8tre  de protection  indiqu\u00e9  \u00e0 l'article  3, la zone  situ\u00e9e  \u00e0\nI'int\u00e9rieur  de l'enceinte  cr\u00e9\u00e9e  sera  v\u00e9rifi\u00e9e  selon  les modalit\u00e9s  d\u00e9taill\u00e9es  ci-apr\u00e8s.\nArticle  9 :\nPour  toute  personne,  I'acces  au \"p'\"\u00e9rlmetre  de protection  et la pr\u00e9sence  \u00e0 I'interieur  de celu-  \u2014\nci sont  conditionn\u00e9s  aux mesures  de contr\u00f4le  pr\u00e9alable  suivantes  : d\u00e9tection  de m\u00e9taux,\npalpations  de s\u00e9curit\u00e9,  inspections  visuelles,  fouilles  de sacs  et de bagages.\nLa palpation  de s\u00e9curit\u00e9  est effectu\u00e9e  par une personne  de m\u00eame  sexe  que celle  qui en fait\nl'objet.\nArticle  10 :\nA l'int\u00e9rieur  du p\u00e9rim\u00e8tre  de protection,  la circulation  et le stationnement  de v\u00e9hicules  sont\ninterdits  \u00e0 l'exception  des v\u00e9hicules  des forces  de l'ordre  et de secours  dans  le cadre  des\ninterventions  urgentes,  ou, des chars  utilis\u00e9s  pour  la manifestation.\nApr\u00e8s  identification  et v\u00e9rification,  ces v\u00e9hicules  sont  autoris\u00e9s  \u00e0 acc\u00e9der,  \u00e0 circuler  et \u00e0\nstationner  dans  le p\u00e9rim\u00e8tre  sur ordre  de l'officier  de police  judiciaire,  territorialement\ncomp\u00e9tent.\nArticle  11 : ;\nToutes  les mesures  de v\u00e9rification,  d\u00e9taill\u00e9es  ci-dessus,  sont  subordonn\u00e9es  au consentement\ndes personnes.  En cas de refus  de s'y soumettre,  les personnes  et/ou  les v\u00e9hicules  ne sont\npas admis  \u00e0 y p\u00e9n\u00e9trer.  Le cas \u00e9ch\u00e9ant,  ils sont  reconduits  \u00e0 I'ext\u00e9rieur  du p\u00e9rimetre.\nCes derni\u00e8res  op\u00e9rations  sont  effectu\u00e9es  uniquement  par un officier  de police  judiciaire\nmentionn\u00e9  aux 2\u00b0 \u00e0 4\u00b0 de l'article  16 du code  de proc\u00e9dure  p\u00e9nale,  ou sous  la responsabilit\u00e9\nde celui-ci,  par un agent  de police  judiciaire  mentionn\u00e9  \u00e0 l'article  20 ou par un agent  de\npolice  judiciaire  adjoint  mentionn\u00e9  aux 1\u00b0,1\u00b0  bis, 1\u00b0 ter de I'article  21 du m\u00eame  code.\nArticle  12 :\nLors  de toutes  les op\u00e9rations  d\u00e9crites  ci-dessus,  il sera  v\u00e9rifi\u00e9  l'absence  d'objets  interdits,\nLes objets  suivants  sont  proscrits  \u00e0 I'int\u00e9rieur  de ce p\u00e9rim\u00e8tre  :\n- Les articles  pyrotechniques  et p\u00e9tards,\n- Les pointeurs  laser,\n- Le spray  a\u00e9rosol  sauf  les brumisateurs  ou spray  serpentins.\n- Les couteaux,  cutter  et tout  objet  tranchant,\n- Les outils  (marteau,  pince,  tournevis  etc.),\n\n- Les engins  de d\u00e9placement  personnel  motoris\u00e9s  et les cycles\n- Les drones  (quelle  que  soit  la dimension  de I'engin)\n- Les armes  de toute  nature  ( y compr|SJouets  ou imitations  d'armes),  des  objets  ou produits\ndangereux  ou illicites,\n- Les sacs  et bagages  d'un  volume  supeneur  \u00e0 20 litres.\n- Les  contenants  en verre\n- Les cannettes  en aluminium\n- Les boissons  alcoolis\u00e9es.\n- Les EDPM  (trottinette  \u00e9lectrique  et autres)\n- Les chiens  de 1\u00e9re  et 2\u00e9me  cat\u00e9gorie\n- les objets  non  list\u00e9s  qui pourraient  \u00eatre  consid\u00e9r\u00e9s  comme  une  arme  par  destination,\nla d\u00e9cision  relevant  de l'appr\u00e9ciation  des  agents  priv\u00e9s  de s\u00e9curit\u00e9.\nLa pr\u00e9sente  disposition  ne s'applique  pas  aux  secours  et aux  forces  de l'ordre  employ\u00e9s  sur le\np\u00e9rim\u00e8tre  pour  leurs  missions  respectives.\nLes fonctionnaires  de la police  nationale  et les militaires  de la gendarmerie  nationale  qui\nsouhaitent  acc\u00e9der  au p\u00e9rim\u00e8tre  de protection,  en dehors  de leurs  heures  de services,  avec\nleurs  armes  de service  conform\u00e9ment  aux  r\u00e8gles  en vigueur,  devront  \u00eatre  contr\u00f4l\u00e9s  par  un\nofficier  de police  judiciaire  mentionn\u00e9  aux  2\u00b0 \u00e0 4\u00b0 de l'article  16 du code  de proc\u00e9dure\n\u2014 p\u00e9nale,  ou sous  la responsabilit\u00e9-de  celui-ci,  par  un -agent  de police  judiciaire-mentionn\u00e9  \u00e0\u2014\nl'article  20 ou par  un agent  de police  judiciaire  adjoint  mentionn\u00e9  aux  1\u00b0, 1\u00b0 bis,  1\u00b0 ter de\nl'article  21 du m\u00eame  code.  L'acc\u00e8s  \u00e0 l'enceinte  sera  possible  uniquement  apr\u00e8s  identification\nconforme  et \u00e0 la condition  que  le port  de l'arme  ne soit  pas  apparent.\nArticle  13 :\nDes  commerces  et d\u00e9bits  de boissons  peuvent  avoir  une  activit\u00e9  \u00e0 l'int\u00e9rieur  du p\u00e9rim\u00e8tre\nde protection  institu\u00e9,  sous  r\u00e9serve  qu'ils  d\u00e9tiennent  les autorisations  administratives\nn\u00e9cessaires  et qu'ils  respectent  les r\u00e8gles  relatives  aux  objets  interdits  vis\u00e9es  \u00e0 l'article  12.\nArticle  14 :\nLa sous-pr\u00e9f\u00e8te  de Draguignan,  le Colonel,  commandant  le groupement  de Gendarmerie\nd\u00e9partementale  du Var  et le maire  de la commune  de Sainte-Maxime  (83)  sont  charg\u00e9s,\nchacun  en ce qui le concerne,  de I'ex\u00e9cution  du pr\u00e9sent  arr\u00eat\u00e9  qui sera  publi\u00e9  au recueil  des\nactes  administratifs  de la pr\u00e9fecture  du Var  et dont  un exemplaire  sera  transmis  sans  d\u00e9lai  au\nProcureur  de la R\u00e9publique.\nDraguignan,  le 15 janvier  2024\nPour  le Pr\u00e9fet  et par  d\u00e9l\u00e9gation,\nLa Sous-Pr\u00e9f\u00e8te  de Draguignan,\nMyriam  GARCIA\n\n7E_/ .\nLibert\u00e9  \u00ab \u00c9galit\u00e9  < Fraternit\u00e9\nR\u00c9PUBLIQUE  FRAN\u00c7AISE\nR\u00e9c\u00e9piss\u00e9  de d\u00e9claration\nd'un  organisme  de services  \u00e0 la personne\nenregistr\u00e9  sous  le N\u00b0 SAP877921569\nVu le code  du travail  et notamment  les articles  L.7231-1  \u00e0 L.7233-2,  R.7232-16  \u00e0 R.7232-22,  D.7231-1  et\nD.7233-1  \u00e0 D.7233-5  ;\nVu la demande  de d\u00e9claration  d\u00e9pos\u00e9e  par  I'organisme  AUCUN,  600  AV  DE SAINTE  CECILE  83160  LA\nVALETTE-DU-VAR,  le 13/01/24  ;\nLe pr\u00e9fet  du Var\nConstate  :\nQu'une  d\u00e9claration  d'activit\u00e9s  de services  \u00e0 la personne  a \u00e9t\u00e9  d\u00e9pos\u00e9e  aupr\u00e8s  du service  instructeur\ndu Var,  le 13/01/24  par  Mme.  BIDIAS  MANJIA  MIREILLE  en qualit\u00e9  de dirigeant(e),  pour  l'organisme\nAUCUN  dont  l'\u00e9tablissement  principal  est  situ\u00e9  600  AV  DE SAINTE  CECILE  83160  LA VALETTE-DU-\nVAR  et enregistr\u00e9  sous  le N\u00b0 SAP877921569  pour  les activit\u00e9s  suivantes  :\n\u00ab Entretien  de la maison  et travaux  m\u00e9nagers  (mode  d'intervention  Prestataire)\nToute  modification  concernant  les activit\u00e9s  exerc\u00e9es  devra  faire  l'objet  d'une  d\u00e9claration\nmodificative  pr\u00e9alable.\nSous  r\u00e9serve  d'\u00eatre  exerc\u00e9es  \u00e0 titre  exclusif  (ou  sous  r\u00e9serve  d'une  comptabilit\u00e9  s\u00e9par\u00e9e  pour  les\npersonnes  morales  dispens\u00e9es  de cette  condition),  ces  activit\u00e9s  ouvrent  droit  au b\u00e9n\u00e9fice  des\ndispositions  des  articles  L. 7233-2  du code  du travail  et L.241-10  du code  de la s\u00e9curit\u00e9  sociale  dans\nles conditions  pr\u00e9vues  par  ces  articles.  :\nLes effets  de la d\u00e9claration  courent  \u00e0 compter  du jour  du d\u00e9p\u00f4t  de la d\u00e9claration  sous  r\u00e9serve  des\ndispositions  de l'article  R.7232-18  du code  du travail.  Le pr\u00e9sent  r\u00e9c\u00e9piss\u00e9  n'est  pas  limit\u00e9  dans  le\ntemps.  La d\u00e9claration  a une  port\u00e9e  nationale.\nL'enregistrement  de la d\u00e9claration  peut  \u00eatre  retir\u00e9  dans  les conditions  fix\u00e9es  aux  articles  R.7232-\n20 \u00e0 R.7232-22  du code  du travail.  Le pr\u00e9sent  r\u00e9c\u00e9piss\u00e9  sera  publi\u00e9  au recueil  des  actes\nadministratifs  de la pr\u00e9fecture.\nLe pr\u00e9sent  r\u00e9c\u00e9piss\u00e9  peut,  \u00e0 compter  de sa notification,  faire  l'objet  d'un  recours  gracieux  aupr\u00e8s\nservice  instructeur  du Var  ou d'un  recours  hi\u00e9rarchique  adress\u00e9  au ministre  charg\u00e9  de l'\u00e9conomie  -\nDirection  g\u00e9n\u00e9rale  des  entreprises  \u2014 sous-direction  des  services  marchands,  61 Boulevard  Vincent\nAuriol,  75703  PARIS  CEDEX  13.\nIl peut  \u00e9galement  faire  l'objet  d'un  recours  contentieux  dans  un d\u00e9lai  de deux  mois  \u00e0 compter  de sa\nnotification  aupr\u00e8s  du tribunal  administratif  de Toulon.\nLe tribunal  administratif  peut  aussi  \u00eatre  saisi  par  l'application  informatique  \u00ab T\u00e9l\u00e9recours  citoyen  \u00bb\naccessible  sur le site  internet  http://www.telerecours.fr/\nEn cas  de rejet  du recours  gracieux  ou hi\u00e9rarchique  ou en l'absence  de r\u00e9ponse  \u00e0 ce recours  (rejet\nimplicite),  un recours  contentieux  devant  le tribunal  administratif  de Toulon  peut  \u00e9galement  \u00eatre\nform\u00e9  contre  la d\u00e9cision  initiale  dans  un d\u00e9lai  de deux  mois  \u00e0 compter  de ce rejet.\nFait  \u00e0 CS 31209  - 83070  TOULON  Cedex,  le\n15/01/24\nddets  du var\nt\u2014\u2014\u2014\u2014\net par d\u00e9l\u00e9gation  \\r\u00eex\nP/Le \u00c7)ir teur D\u00e9partemental\nLe Di/ecte  uFAdjoint  _\u2014\"\nAl;i'TESTOT\n\n7E .\nLibert\u00e9  \u00ab \u00c9ge Fraternit\u00e9\nR\u00c9PUBLIQUE  FRAN\u00c7AISE\nR\u00e9c\u00e9piss\u00e9  de d\u00e9claration\nd'un  organisme  de services  \u00e0 la personne\nenregistr\u00e9  sous  le N\u00b0 SAP921565578\nVu le code  du travail  et notamment  les articles  L.7231-1  \u00e0 L.7233-2,  R.7232-16  \u00e0 R.7232-22,  D.7231-1  et\nD.7233-1  \u00e0 D.7233-5  ;\nVu la demande  de d\u00e9claration  d\u00e9pos\u00e9e  par  I'organisme  , 129  chemin  des  clausses  83720  trans  en\nprovence,  le 17/12/2023  ;\nLe pr\u00e9fet  du Var\nConstate  :\nQu'une  d\u00e9claration  d'activit\u00e9s  de services  \u00e0 la personne  a \u00e9t\u00e9  d\u00e9pos\u00e9e  aupr\u00e8s  du service  instructeur\ndu Var,  le 17/12/2023  par  M. suaze  dylan  en qualit\u00e9  de dirigeant(e),  pour  l'organisme  dont\nl'\u00e9tablissement  principal  est situ\u00e9  129  chemin  des  clausses  83720  trans  en provence  et enregistr\u00e9\nsous  le N\u00b0 SAP921565578  pour  les activit\u00e9s  suivantes  :\n\u00ab Entretien  de la maison  et travaux  m\u00e9nagers  (mode  d'intervention  Prestataire)\n\u00ab Petits  travaux  de jardinage  (mode  d'intervention  Prestataire)\n\u00ab Travaux  de petit  bricolage  (mode  d'intervention  Prestataire)\nToute  modification  concernant  les activit\u00e9s  exerc\u00e9es  devra  faire  l'objet  d'une  d\u00e9claration\nmodificative  pr\u00e9alable.\nSous  r\u00e9serve  d'\u00eatre  exerc\u00e9es  \u00e0 titre  exclusif  (ou  sous  r\u00e9serve  d'une  comptabilit\u00e9  s\u00e9par\u00e9e  pour  les\npersonnes  morales  dispens\u00e9es  de cette  condition),  ces  activit\u00e9s  ouvrent  droit  au b\u00e9n\u00e9fice  des\ndispositions  des  articles  L. 7233-2  du code  du travail  et L.241-10  du code  de la s\u00e9curit\u00e9  sociale  dans\nles conditions  pr\u00e9vues  par ces articles.\nLes effets  de la d\u00e9claration  courent  \u00e0 compter  du jour  du d\u00e9p\u00f4t  de la d\u00e9claration  sous  r\u00e9serve  des\ndispositions  de l'article  R.7232-18  du code  du travail.  Le pr\u00e9sent  r\u00e9c\u00e9piss\u00e9  n'est  pas  limit\u00e9  dans  le\ntemps.  La d\u00e9claration  a une  port\u00e9e  nationale.  L'enregistrement  de la d\u00e9claration  peut  \u00eatre  retir\u00e9\ndans  les conditions  fix\u00e9es  aux  articles  R.7232-20  \u00e0 R.7232-22  du code  du travail.  Le pr\u00e9sent  r\u00e9c\u00e9piss\u00e9\nsera  publi\u00e9  au recueil  des  actes  administratifs  de la pr\u00e9fecture.\nLe pr\u00e9sent  r\u00e9c\u00e9piss\u00e9  peut,  \u00e0 compter  de sa notification,  faire  l'objet  d'un  recours  gracieux  aupr\u00e8s\nservice  instructeur  du Var  ou d'un  recours  hi\u00e9rarchique  adress\u00e9  au ministre  charg\u00e9  de l'\u00e9conomie  -\nDirection  g\u00e9n\u00e9rale  des  entreprises  - sous-direction  des  services  marchands,  61 Boulevard  Vincent\nAuriol,  75703  PARIS  CEDEX  13.\nIl peut  \u00e9galement  faire  l'objet  d'un  recours  contentieux  dans  un d\u00e9lai  de deux  mois  \u00e0 compter  de sa\nnotification  aupr\u00e8s  du tribunal  administratif  de Toulon.\nLe tribunal  administratif  peut  aussi  \u00eatre  saisi  par  l'application  informatique  \u00ab T\u00e9l\u00e9recours  citoyen  \u00bb\naccessible  sur le site  internet  http://www.telerecours.fr/\nEn cas  de rejet  du recours  gracieux  ou hi\u00e9rarchique  ou en l'absence  de r\u00e9ponse  \u00e0 ce recours  (rejet\nimplicite),  un recours  contentieux  devant  le tribunal  administratif  de Toulon  peut  \u00e9galement  \u00eatre\nform\u00e9  contre  la d\u00e9cision  initiale  dans  un d\u00e9lai  de deux  mois  \u00e0 compter  de ce rejet.\nFait  \u00e0 CS 31209  - 83070  TOULON  Cedex,  le\n16/01/24\nddets  du var\nP/Le  Pr\u00e9fet\n\u2014 et par d\u00e9l\u00e9gatio\nP/Le Direct  r D\u00e9partemental\nAlain  TESTOT\n\nLibert\u00e9  \u00bb \u00c9,ahu  Fraternit\u00e9\nR\u00c9PUBLIQUE  FRA FRAN\u00c7AISE\nSERVICE  INSTRUCTEUR\nR\u00e9f  : renonciation  M. PEREZ  KADER  - ASSISTANCE  INFORMATIQUE\nN\u00b0 de demande  86380  du 16/01/2024\nAffaire  suivie  par  Anne  MAGGIO\nMel  : ddets-sap@var.gouv.fr\nMonsieur,\nVous  m'avez  inform\u00e9  de votre  d\u00e9cision  de cesser  les activit\u00e9s  de votre  organisme\nenregistr\u00e9  dans  mes  services  sous  le N\u00b0 SAP477712012.\nJe vous  confirme  que  I'enregistrement  de la d\u00e9claration  de votre  organisme  est  abrog\u00e9  \u00e0\ncompter  de la r\u00e9ception  de ce courrier  et que  votre  dossier  est  d\u00e9sormais  clos.\nJe vous  rappelle  que  les avantages  fiscaux  et sociaux  associ\u00e9s  \u00e0 votre  d\u00e9claration\nd'activit\u00e9s  sont  supprim\u00e9s  et je vous  demande  d'en  avertir,  pour  le cas  o\u00f9 vous  ne l'auriez\npas  encore  fait,  les b\u00e9n\u00e9ficiaires  de vos  prestations.\nJe reste  \u00e0 votre  enti\u00e8re  disposition  pour  vous  apporter  toute  information  compl\u00e9mentaire.\nJe vous  prie  d'agr\u00e9er,  Monsieur,  l'expression  de mes  salutations  distingu\u00e9es.\nFait  \u00e0 CS 31209  - 83070  TOULON  Cedex,\nle 16/01/24\net par d\u00e9l\u00e9gation\nP/Le  Directaur  D\u00e9partementalLe Directeu?i&g joint\n/355 chemin  Donicarde  Alain  OT\n- 83500  La seyne  sur mer","date":"2024-01-18","first_seen_on":"2024-08-21T11:18:35+00:00","id":"7cb85388908cb24f6745bb688bdc3ea97262030f3a3f966de9d7436929fad184","name":"RAA N\u00b0013 du 18 janvier 2024","pdf_creation_date":null,"pdf_modification_date":"2024-01-18T16:11:21+00:00","timezone":"Europe/Paris","url":"https://www.var.gouv.fr/contenu/telechargement/32573/217274/file/RAA%20N%C2%B0013%20du%2018%20janvier%202024.pdf"}
