{"administration":"pref75","administration_name":"Pr\u00e9fecture de Paris","content":"PREFECTURE\nDE PARIS\nRECUEIL DES ACTES\nADMINISTRATIFS SP\u00c9CIAL\nN\u00b075-2023-362\nPUBLI\u00c9 LE  3 JUILLET 2023\nSommaire\nDirection r\u00e9gionale des affaires culturelles d'Ile-de-France  / Unit\u00e9\nd\u00e9partementale de l\u25a1architecture et du patrimoine de Paris\n75-2023-07-03-00002 - Arr\u00eat\u00e9 N\u00b02023-058 - Autorisation de travaux\nconcernant les installations temporaires pour le test event -  Pont\nAlexandre III - Jeux Olympiques et Paralympiques - 8\u00e8me arrondissement\n(2 pages) Page 3\nPr\u00e9fecture de la R\u00e9gion d'Ile de France, Pr\u00e9fecture de Paris  / Bureau des\n\u00e9lections, du m\u00e9c\u00e9nat et de la r\u00e9glementation \u00e9conomique\n75-2023-07-03-00004 - Arr\u00eat\u00e9 pr\u00e9fectoral portant autorisation\nd\u25a1appel\npublic \u00e0 la g\u00e9n\u00e9rosit\u00e9 du fonds de dotation\nJUDAISME EN MOUVEMENT \n\n (2 pages) Page 6\nPr\u00e9fecture de Police / Cabinet\n75-2023-06-30-00007 -  Arr\u00eat\u00e9 n\u00b0 2023-00767 portant mesures de police\napplicables \u00e0 Paris \u00e0 l\u25a1occasion d\u25a1appels \u00e0 manifester du vendredi 30 juin\n2023 19h00 au samedi 1er juillet 5h00\n (4 pages) Page 9\n75-2023-06-30-00006 - Arr\u00eat\u00e9 n 2023-00768 portant interdiction des\ndistributions alimentaires sur la place Henri Frenay \u00e0 Paris \ndu samedi 1er\njuillet 2023 au mardi 1er ao\u00fbt 2023 inclus\n\n (4 pages) Page 14\n75-2023-07-01-00001 - ARRETE N\u00b0 2023-00771 autorisant la captation,\nl\u25a1enregistrement et la transmission d\u25a1images au moyen de cam\u00e9ras\ninstall\u00e9es sur des a\u00e9ronefs afin de pr\u00e9venir les atteintes \u00e0 la s\u00e9curit\u00e9 et aux\nbiens \u00e0 Paris, dans certaines communes du d\u00e9partement des\nHauts-de-Seine (92) et dans toutes les communes du d\u00e9partement de\nSeine-Saint-Denis (93) du samedi 1er juillet 2023 de 21h00 au dimanche 2\njuillet 2023 06h00\n (4 pages) Page 19\n75-2023-07-02-00001 - ARRETE N\u00b0 2023-00773 autorisant la captation,\nl\u25a1enregistrement et la transmission d\u25a1images au moyen de cam\u00e9ras\ninstall\u00e9es sur des a\u00e9ronefs afin de pr\u00e9venir les atteintes \u00e0 la s\u00e9curit\u00e9 et aux\nbiens \u00e0 Paris centre du dimanche 2 juillet 2023 \u00e0 18h00 au lundi 3 juillet\n2023 \u00e0 06h00\n (5 pages) Page 24\n2\nDirection r\u00e9gionale des affaires culturelles\nd'Ile-de-France \n75-2023-07-03-00002\nArr\u00eat\u00e9 N\u00b02023-058 - Autorisation de travaux\nconcernant les installations temporaires pour le\ntest event -  Pont Alexandre III - Jeux Olympiques\net Paralympiques - 8\u00e8me arrondissement\nDirection r\u00e9gionale des affaires culturelles d'Ile-de-France  - 75-2023-07-03-00002 - Arr\u00eat\u00e9 N\u00b02023-058 - Autorisation de travaux\nconcernant les installations temporaires pour le test event -  Pont Alexandre III - Jeux Olympiques et Paralympiques - 8\u00e8me\narrondissement3\n \n                           Unit\u00e9 d\u00e9partementale de l'architecture  \net du patrimoine de Paris \n  Drac Ile de France \n47  ,  rue Le Peletier \u2013 75009  PARIS  \n PR\u00c9FET DE LA REGION D'\u00ceLE DE FRANCE \n                            PR\u00c9FET DE PARIS  \n \nARR\u00caT\u00c9 N\u00b02023 \u2013 058 \n \nApprouvant l'autorisation sp\u00e9ciale de travaux conce rnant les installations temporaires pour le test ev ent  \n du Pont Alexandre III dans le cadre des Jeux Olymp iques et Paralympiques \nSis Cours-la-Reine dans le 8 \u00e8me  arrondissement  \n \nVu le code du patrimoine et notamment ses articles L. 621-30, L. 621-32 et R. 621-96 et suivants ; \nVu le code de l'environnement et notamment ses arti cles L. 341-7, L. 341-10 et R. 341-11  ; \nVu l'arr\u00eat\u00e9 n\u00b02020-059 donnant subd\u00e9l\u00e9gation de sig nature \u00e0 Fr\u00e9d\u00e9ric Masviel chef de l'unit\u00e9 \nd\u00e9partementale de l'architecture et du patrimoine d e Paris en mati\u00e8re d'espaces prot\u00e9g\u00e9s  ; \nVu la demande d'autorisation sp\u00e9ciale de travaux en  abords de monuments historiques, d\u00e9pos\u00e9e par \nle Comit\u00e9 d'Organisation des Jeux Olympiques de Par is 2024 concernant le test event du Pont \nAlexandre III, pr\u00e9sent\u00e9e \u00e0 l'unit\u00e9 d\u00e9partementale d e l'architecture et du patrimoine de Paris par la \ndirection de l'urbanisme de Paris sous le num\u00e9ro CP  075 108 23 V0002, le 30/05/2023 et enregistr\u00e9 \nsous le num\u00e9ro as 075 108 23 v0001; \nVu la demande d'autorisation sp\u00e9ciale de travaux en  site class\u00e9, d\u00e9pos\u00e9e par le Comit\u00e9 d'Organisation \ndes Jeux Olympiques de Paris 2024 concernant le tes t event du Pont Alexandre III, pr\u00e9sent\u00e9e \u00e0 l'unit\u00e9 \nd\u00e9partementale de l'architecture et du patrimoine d e Paris sous le num\u00e9ro as 108 23 v0002 le \n09/06/2023; \nVu les avis favorables assortis de recommandations ou d'observations de l'Architecte des B\u00e2timents \nde France en date du 29/06/2023 et portant sur les autorisations sp\u00e9ciales 075 108 23 v0001 et  \n075 108 23 v0002.  \n \nARR\u00caTE \n \nARTICLE 1 er : Les autorisations sp\u00e9ciales de travaux as 075 107 2 3 v0001 et 075 108 23 v0002, pr\u00e9vues \npar les articles susvis\u00e9s du code de l'environnemen t et du code du patrimoine, concernant les tests \nevents situ\u00e9s sur le Pont Alexandre III et sur le C ours-la-Reine dans le 8 \u00e8me  arrondissement, sont \naccord\u00e9es assorties de recommandations ou d'observa tions : \n \nARTICLE 2 :  Le choix d\u00e9finitif de la couleur des structures m\u00e9r ite d'\u00eatre pr\u00e9sent\u00e9 \u00e0 l'architecte des \nB\u00e2timents de France avant toute mise en \u0153uvre en \u00e9v itant les teintes vives ; \n \nARTICLE 3 : Les mesures sp\u00e9cifiques de protection des arbres fe ront l'objet d'une surveillance de bon entretien \net de maintenance afin de garantir leur efficacit\u00e9 tout au long de l'\u00e9v\u00e9nement ; \n \nARTICLE 4 : En tant que de besoin, l'architecte des B\u00e2timents d e France peut \u00eatre sollicit\u00e9 pour venir se rendre \nsur site et apporter son expertise pour la validati on des mat\u00e9riaux pr\u00e9vus avant mise en \u0153uvre par exe mple. \n \nARTICLE 5 : Le pr\u00e9fet de Paris, pr\u00e9fet de la r\u00e9gion d'\u00cele de F rance, est charg\u00e9 de l'ex\u00e9cution du pr\u00e9sent \narr\u00eat\u00e9 qui sera publi\u00e9 au recueil des actes adminis tratifs de la pr\u00e9fecture de r\u00e9gion d'\u00cele-de-France,  Direction r\u00e9gionale des affaires culturelles d'Ile-de-France  - 75-2023-07-03-00002 - Arr\u00eat\u00e9 N\u00b02023-058 - Autorisation de travaux\nconcernant les installations temporaires pour le test event -  Pont Alexandre III - Jeux Olympiques et Paralympiques - 8\u00e8me\narrondissement4\n \n \n47, rue Le Peletier \u2013 75009 PARIS  \n 2pr\u00e9fecture de Paris, accessible sur le site interne t de la pr\u00e9fecture de la r\u00e9gion d'\u00cele de France, \npr\u00e9fecture de Paris : www.ile-de-France.gouv.fr et dont copie sera notifi\u00e9e au Maire de Paris. \n \n \n \n \n \nFait \u00e0 Paris, le 03 juillet 2023 \nPour le Pr\u00e9fet de Paris, et par subd\u00e9l\u00e9gation, \nle Chef de l'unit\u00e9 d\u00e9partementale \nde l'architecture et du patrimoine de Paris \nSign\u00e9 \nFr\u00e9d\u00e9ric MASVIEL \nInformations importantes  \n\u2022 Le pr\u00e9sent arr\u00eat\u00e9 est d\u00e9livr\u00e9 sans pr\u00e9judice du dro it des tiers (obligations contractuelles, servitude s  \nde droit priv\u00e9, etc\u2026) \n\u2022 L'autorisation est sous r\u00e9serve de l'obtention de l 'accord du propri\u00e9taire de l'immeuble.  \n\u2022 Recours  : le titulaire de la pr\u00e9sente d\u00e9cision, qui d\u00e9sire la contester, peut saisir le tribunal \nadministratif comp\u00e9tent, d'un recours contentieux d ans les 2 mois \u00e0 partir de la notification de l'arr \u00eat\u00e9 \nattaqu\u00e9. Il peut \u00e9galement saisir le pr\u00e9fet d'un re cours gracieux. Cette derni\u00e8re d\u00e9marche prolonge le  \nd\u00e9lai du recours contentieux qui doit, alors, \u00eatre introduit dans les 2 mois suivant la r\u00e9ponse (l'abs ence \nde r\u00e9ponse au terme d'un d\u00e9lai de 4 mois vaut rejet  implicite). Direction r\u00e9gionale des affaires culturelles d'Ile-de-France  - 75-2023-07-03-00002 - Arr\u00eat\u00e9 N\u00b02023-058 - Autorisation de travaux\nconcernant les installations temporaires pour le test event -  Pont Alexandre III - Jeux Olympiques et Paralympiques - 8\u00e8me\narrondissement5\nPr\u00e9fecture de la R\u00e9gion d'Ile de France,\nPr\u00e9fecture de Paris \n75-2023-07-03-00004\nArr\u00eat\u00e9 pr\u00e9fectoral portant autorisation\nd\u25a1appel public \u00e0 la g\u00e9n\u00e9rosit\u00e9 du fonds de\ndotation\nJUDAISME EN MOUVEMENT  \nPr\u00e9fecture de la R\u00e9gion d'Ile de France, Pr\u00e9fecture de Paris  - 75-2023-07-03-00004 - Arr\u00eat\u00e9 pr\u00e9fectoral portant autorisation\nd\u25a1appel public \u00e0 la g\u00e9n\u00e9rosit\u00e9 du fonds de dotation\nJUDAISME EN MOUVEMENT  6\nEx\nPREFET\nDE PARIS\nL'ibert\u00e9\nEgalit\u00e9\nFraternit\u00e9\n \n1/2 \n \nR\u00e9f\u00e9rence du fonds de dotation : n\u00b0 1267  \nArr\u00eat\u00e9 pr\u00e9fectoral portant autorisation d'appel pub lic \u00e0 la g\u00e9n\u00e9rosit\u00e9  \n  \n \n \n \n \n \nCABINET  \nService de la coordination des affaires parisiennes  \nBureau des \u00e9lections, du m\u00e9c\u00e9nat et de la r\u00e9glement ation \u00e9conomique  \n \n \nArr\u00eat\u00e9 pr\u00e9fectoral portant autorisation \nd'appel public \u00e0 la g\u00e9n\u00e9rosit\u00e9 du fonds de dotation  \nJUDAISME EN MOUVEMENT   \n \nLe pr\u00e9fet de la r\u00e9gion d'Ile-de-France, pr\u00e9fet de P aris,  \nCommandeur de la L\u00e9gion d'honneur \nOfficier de l'Ordre national du M\u00e9rite \n \n \nVu la loi n\u00b0 91-772 du 7 ao\u00fbt 1991 relative au cong \u00e9 de repr\u00e9sentation en faveur des associations et \ndes mutuelles et au contr\u00f4le des comptes des organi smes faisant appel public \u00e0 la g\u00e9n\u00e9rosit\u00e9  ; \n \nVu la loi n\u00b0 2008-776 du 4 ao\u00fbt 2008 de modernisati on de l'\u00e9conomie, et notamment son \narticle  140  ; \n \nVu le d\u00e9cret n\u00b092-1011 du 17 septembre 1992 relatif  au contr\u00f4le des comptes des organismes faisant \nappel public \u00e0 la g\u00e9n\u00e9rosit\u00e9  ; \n \nVu le d\u00e9cret n\u00b0 2009-158 du 11 f\u00e9vrier 2009 relatif  aux fonds de dotation, et notamment les \narticles  11 et suivants  ; \n \nVu le d\u00e9cret n\u00b02019-504 du 22 mai 2019 fixant les s euils de la d\u00e9claration pr\u00e9alable et \nd'\u00e9tablissement du compte emploi annuel des ressour ces collect\u00e9es aupr\u00e8s du public par les \norganismes faisant appel public \u00e0 la g\u00e9n\u00e9rosit\u00e9  ; \n \nVu l'arr\u00eat\u00e9 minist\u00e9riel du 22 mai 2019 fixant les m odalit\u00e9s de pr\u00e9sentation du compte d'emploi \nannuel des ressources collect\u00e9es aupr\u00e8s du public p ar des organismes faisant appel public \u00e0 la \ng\u00e9n\u00e9rosit\u00e9  ; \n \nConsid\u00e9rant la demande du fonds de dotation JUDAISM E EN MOUVEMENT ; \n \nSur la proposition du pr\u00e9fet, directeur de cabinet du pr\u00e9fet de la r\u00e9gion d'\u00cele-de-France, pr\u00e9fet de \nParis  ; \n \nA R R E T E : \n \n \nARTICLE 1er  : Le fonds de dotation JUDAISME EN MOUVEMENT  est autoris\u00e9 \u00e0 faire appel public \u00e0 la \ng\u00e9n\u00e9rosit\u00e9 \u00e0 compter du 23 juin 2023  jusqu'au 31 d \u00e9cembre 2023. \n \nL'objectif du pr\u00e9sent appel public \u00e0 la g\u00e9n\u00e9rosit\u00e9 est de  \n- soutenir tout organisme d'int\u00e9r\u00eat g\u00e9n\u00e9ral, fran\u00e7a is et \u00e9tranger, le cas \u00e9ch\u00e9ant \u00e9ligible \u00e0 un r\u00e9gime  \nde m\u00e9c\u00e9nat poursuivant des buts similaires \u00e0 ceux d u FONDS DE DOTATION DE JUDAISME EN \nMOUVEMENT ou se situant dans le prolongement de son  objet ;  \n- soutenir l'action d'associations \u0153uvrant pour le d\u00e9veloppement d'un juda\u00efsme ouvert et \u00e9clair\u00e9, et Pr\u00e9fecture de la R\u00e9gion d'Ile de France, Pr\u00e9fecture de Paris  - 75-2023-07-03-00004 - Arr\u00eat\u00e9 pr\u00e9fectoral portant autorisation\nd\u25a1appel public \u00e0 la g\u00e9n\u00e9rosit\u00e9 du fonds de dotation\nJUDAISME EN MOUVEMENT  7\n \n2/2 \n \nR\u00e9f\u00e9rence du fonds de dotation : n\u00b0 1267  \nArr\u00eat\u00e9 pr\u00e9fectoral portant autorisation d'appel pub lic \u00e0 la g\u00e9n\u00e9rosit\u00e9  \n d\u00e9veloppant des activit\u00e9s d'int\u00e9r\u00eat g\u00e9n\u00e9ral \u00e0 carac t\u00e8re culturel, \u00e9ducatif, social, scientifique et \nartistique  ;  \n- soutenir des actions d'int\u00e9r\u00eat g\u00e9n\u00e9ral \u00e0 caract\u00e8r e culturel, \u00e9ducatif, social, scientifique et artis tique \niniti\u00e9es par le FONDS DE DOTATION DE JUDAISME EN MO UVEMENT. \n \nARTICLE 2  : Conform\u00e9ment \u00e0 la r\u00e9glementation en vigueur, le f onds de dotation a l'obligation \nd'int\u00e9grer dans ses comptes annuels un compte emplo i annuel des ressources collect\u00e9es aupr\u00e8s du \npublic qui pr\u00e9cise notamment l'affectation des dons  par type de d\u00e9penses et qui mentionne les \ninformations relatives \u00e0 son \u00e9laboration, \u00e0 compter  d'un montant de 153 000 \u20ac conform\u00e9ment aux \nd\u00e9cret et arr\u00eat\u00e9 du 22 mai 2019. \n \nLe compte emploi ressources doit \u00eatre pr\u00e9sent\u00e9 suiv ant les modalit\u00e9s fix\u00e9es par le d\u00e9cret et l'arr\u00eat\u00e9 \nminist\u00e9riel du 22 mai 2019. \n \nARTICLE 3  : La pr\u00e9sente autorisation pourra \u00eatre retir\u00e9e ou a brog\u00e9e en cas de manquement aux \nr\u00e8gles r\u00e9gissant les fonds de dotation et/ou \u00e0 la r \u00e9glementation relative aux appels publics \u00e0 la \ng\u00e9n\u00e9rosit\u00e9. \n \nARTICLE 4  : Conform\u00e9ment aux dispositions du code de justice ad ministrative, la pr\u00e9sente d\u00e9cision \nest susceptible de faire l'objet d'un recours conte ntieux devant le tribunal administratif de Paris da ns \nle d\u00e9lai de 2 mois. \n \nARTICLE 5  : Le pr\u00e9fet, directeur de cabinet du pr\u00e9fet de la r \u00e9gion d'\u00cele-de-France, pr\u00e9fet de Paris, est \ncharg\u00e9 de l'ex\u00e9cution du pr\u00e9sent arr\u00eat\u00e9 qui sera pu bli\u00e9 au recueil des actes administratifs de la \npr\u00e9fecture de Paris, accessible sur le site Interne t de la pr\u00e9fecture de Paris ( www.ile-de-\nfrance.gouv.fr ), et notifi\u00e9 aux personnes vis\u00e9es \u00e0 l'article 1 er  du pr\u00e9sent arr\u00eat\u00e9. \n \n           Fait \u00e0 Paris, le 3 juillet 2023 \n \n \nPour le pr\u00e9fet de la r\u00e9gion d'Ile de France, \npr\u00e9fet de Paris et par d\u00e9l\u00e9gation, \nL'adjoint \u00e0 la cheffe du bureau des \u00e9lections,  \ndu m\u00e9c\u00e9nat et de la r\u00e9glementation \u00e9conomique \n \nSign\u00e9 \n \nPierre WOLFF  \n Pr\u00e9fecture de la R\u00e9gion d'Ile de France, Pr\u00e9fecture de Paris  - 75-2023-07-03-00004 - Arr\u00eat\u00e9 pr\u00e9fectoral portant autorisation\nd\u25a1appel public \u00e0 la g\u00e9n\u00e9rosit\u00e9 du fonds de dotation\nJUDAISME EN MOUVEMENT  8\nPr\u00e9fecture de Police\n75-2023-06-30-00007\n Arr\u00eat\u00e9 n\u00b0 2023-00767 portant mesures de police\napplicables \u00e0 Paris \u00e0 l\u25a1occasion d\u25a1appels \u00e0\nmanifester du vendredi 30 juin 2023 19h00 au\nsamedi 1er juillet 5h00\nPr\u00e9fecture de Police - 75-2023-06-30-00007 -  Arr\u00eat\u00e9 n\u00b0 2023-00767 portant mesures de police applicables \u00e0 Paris \u00e0 l\u25a1occasion\nd\u25a1appels \u00e0 manifester du vendredi 30 juin 2023 19h00 au samedi 1er juillet 5h00 9\n 1  \n \n                 CABINET DU PREFET  \n \n \n Arr\u00eat\u00e9 n\u00b0 2023-00767  \nportant mesures de police applicables \u00e0 Paris \u00e0 l'o ccasion d'appels \u00e0 manifester du \nvendredi 30 juin 2023 19h00 au samedi 1 er  juillet 5h00  \n \n Le pr\u00e9fet de police, \n \nVu le code g\u00e9n\u00e9ral des collectivit\u00e9s territoriales,  notamment son article L. 2512-13  ; \n \n Vu le code p\u00e9nal, notamment ses articles 431-9, 43 1-9-1, R.644-5 et R.644-5-1  ; \n \n Vu le code de proc\u00e9dure p\u00e9nale, notamment ses arti cles 78-2-4, 78-2-5 et R.48-1  ; \n \n Vu le code de la s\u00e9curit\u00e9 int\u00e9rieure, notamment se s articles L. 211-1 \u00e0 L. 211-4  ;  \n \n Vu le d\u00e9cret n\u00b0 2004-374 du 29 avril 2004 modifi\u00e9 relatif aux pouvoirs des pr\u00e9fets, \u00e0     \nl'organisation et \u00e0 l'action des services de l'Etat  dans les r\u00e9gions et d\u00e9partements, \nnotamment ses articles 70 et 72  ;  \n \nConsid\u00e9rant que, en application des articles L. 251 2-13 du code g\u00e9n\u00e9ral des collectivit\u00e9s \nterritoriales et 72 du d\u00e9cret du 29 avril 2004 susv is\u00e9, le pr\u00e9fet de police a la charge, \u00e0 Paris, de \nl'ordre public, notamment la pr\u00e9vention des atteint es \u00e0 la s\u00e9curit\u00e9 des personnes et des \nbiens  ; \n \nConsid\u00e9rant que, en application de l'article 431-9- 1 du code p\u00e9nal, le fait pour une \npersonne, au sein ou aux abords imm\u00e9diats d'une man ifestation sur la voie publique, au cours \nou \u00e0 l'issue de laquelle des troubles \u00e0 l'ordre pub lic sont commis ou risquent d'\u00eatre commis, \nde dissimuler volontairement tout ou partie de son visage sans motif l\u00e9gitime est puni d'un an \nd'emprisonnement et de 15 000 \u20ac d'amende  ;  \n \nConsid\u00e9rant que, en application de l'article R. 644 -5-1 du code p\u00e9nal, sont punis de \nl'amende pr\u00e9vue pour les contraventions de la 4e cl asse la violation des interdictions et le \nmanquement aux obligations \u00e9dict\u00e9es par arr\u00eat\u00e9s pri s sur le fondement des pouvoirs de \npolice g\u00e9n\u00e9rale qui r\u00e9glemente, \u00e0 la suite de troub les, la pr\u00e9sence et la circulation des \npersonnes en certains lieux et \u00e0 certaines heures a fin de pr\u00e9venir la r\u00e9it\u00e9ration d'atteintes \ngraves \u00e0 la s\u00e9curit\u00e9 publique ; que l'article R. 48 -1 du code de proc\u00e9dure p\u00e9nale rend \napplicable la proc\u00e9dure de l'amende forfaitaire pou r les contraventions pr\u00e9cit\u00e9es  ; \n \nConsid\u00e9rant que, en application des r\u00e9quisitions \u00e9c rites de la procureure de la R\u00e9publique \npr\u00e8s le tribunal judiciaire de Paris, les officiers  de police judiciaire et, sur l'ordre et sous la \nresponsabilit\u00e9 de ceux-ci, les agents de police jud iciaire, sont autoris\u00e9s \u00e0 proc\u00e9der sur les \nlieux d'une manifestation et \u00e0 ses abords imm\u00e9diats  \u00e0 l'inspection visuelle et \u00e0 la fouille des \nbagages, ainsi qu'\u00e0 la visite de v\u00e9hicules circulan t, arr\u00eat\u00e9s ou stationnant sur la voie publique, \nconform\u00e9ment \u00e0 l'article 78-2-5 du code de proc\u00e9dur e p\u00e9nale  ; \n \nConsid\u00e9rant les appels \u00e0 manifester notamment contr e le racisme et les violences polici\u00e8res \nlanc\u00e9s et largement relay\u00e9s sur les r\u00e9seaux sociaux  pour le vendredi 30 juin 2023 place de la \nConcorde ; que, dans le contexte actuel de violence s urbaines, il existe des risques s\u00e9rieux \npour que des \u00e9l\u00e9ments d\u00e9termin\u00e9s, \u00e0 haute potential it\u00e9 violente, r\u00e9pondent \u00e0 ces appels et \nse constituent en cort\u00e8ges sauvages, avec pour obje ctifs, outre de se rendre aux abords des \nlieux de pouvoirs, notamment la Pr\u00e9sidence de la R\u00e9 publique, le minist\u00e8re de l'Int\u00e9rieur, \nl'Assembl\u00e9e nationale, de s'en prendre violemment a ux forces de l'ordre et de commettre \ndes d\u00e9gradations de mobilier urbain, de v\u00e9hicules e t de commerces, notamment de luxe ou \nsymbolisant le capitalisme dans diff\u00e9rents quartier s de la capitale \u00e0 l'instar des \u00e9v\u00e8nements \nde la veille  ; Pr\u00e9fecture de Police - 75-2023-06-30-00007 -  Arr\u00eat\u00e9 n\u00b0 2023-00767 portant mesures de police applicables \u00e0 Paris \u00e0 l\u25a1occasion\nd\u25a1appels \u00e0 manifester du vendredi 30 juin 2023 19h00 au samedi 1er juillet 5h00 10\n 2 Consid\u00e9rant les affrontements avec les forces de l' ordre et des violences urbaines qui se \nsont d\u00e9roul\u00e9s ces derni\u00e8res 72 heures en \u00cele-de-Fra nce ; que dans la nuit du 27 juin, vingt-\nquatre personnes ont \u00e9t\u00e9 interpell\u00e9es par les force s de police \u00e0 la suite de d\u00e9gradations \nnotamment d'abribus, d'incendies de plusieurs voitu res, de poubelles et d'une \u00e9cole de \nmusique ; que dans la nuit du 28 juin, une nouvelle  vague de violences urbaines nocturne a \n\u00e9clat\u00e9 avec des attaques ou incendies de mairies, d '\u00e9coles et de commissariats, entra\u00eenant \nl'interpellation de 77 individus par les forces de l'ordre en Ile-de-France ; que le jeudi 29 juin \nles forces de s\u00e9curit\u00e9 int\u00e9rieure ont interpell\u00e9 40 8 personnes en \u00cele-de-France  ;  \n \n  Consid\u00e9rant que ces violences se sont \u00e9tendues su r plusieurs communes d'\u00cele-de-France \ndont Paris o\u00f9 de nombreux commerces ont \u00e9t\u00e9 pill\u00e9s et 116 incendies de voie publique ont \n\u00e9t\u00e9 allum\u00e9s  ; qu'ainsi le contexte de ces derni\u00e8res 72 heures j ustifie de pr\u00e9venir les troubles \u00e0 \nl'ordre public par des moyens adapt\u00e9s et ce alors q ue les appels sur les r\u00e9seaux sociaux se \nmultiplient pour se rendre sur la place de la Conco rde  ; \n \nConsid\u00e9rant, d'autre part, que le bas de l'avenue d es Champs-Elys\u00e9es est situ\u00e9 \u00e0 proximit\u00e9 \nde l'Assembl\u00e9e nationale, de la Pr\u00e9sidence de la R\u00e9 publique, mais \u00e9galement des ambassades \ndes Etats-Unis et du Royaume-Uni  ; qu'il se trouve ainsi dans un p\u00e9rim\u00e8tre dans lequ el des \nmesures particuli\u00e8res et renforc\u00e9es de s\u00e9curit\u00e9 son t assur\u00e9es en permanence, notamment \ndans le contexte actuel de menace terroriste qui de meure \u00e0 un niveau \u00e9lev\u00e9  ; que cette \nportion de l'avenue des Champs-Elys\u00e9es et les voies  adjacentes situ\u00e9es dans le secteur de ces \ninstitutions ne constituent d\u00e8s lors pas des lieux appropri\u00e9s pour accueillir des manifestations \nrevendicatives en raison des fortes contraintes de s\u00e9curit\u00e9 qui p\u00e8sent sur ces sites  ; \n \nConsid\u00e9rant enfin que  les services de police et de gendarmerie seront par ticuli\u00e8rement \nmobilis\u00e9s dans la capitale et la petite couronne le  vendredi 30 juin 2023 pour le maintien de \nl'ordre \u00e0 la suites des violences urbaines ; que ce tte mobilisation s'inscrit dans un contexte de \nmenace terroriste particuli\u00e8rement aigue qui sollic ite toujours \u00e0 un niveau \u00e9lev\u00e9 les forces de \ns\u00e9curit\u00e9 int\u00e9rieure pour garantir la protection des  personnes et des biens contre les risques \nd'attentat, dans le cadre du plan VIGIPIRATE, port\u00e9  au niveau \u00ab  s\u00e9curit\u00e9 renforc\u00e9e - risque \nattentat  \u00bb toujours en vigueur  depuis le 5 mars 2021 ; \n \nConsid\u00e9rant qu'il appartient \u00e0 l'autorit\u00e9 de police  comp\u00e9tente de concilier l'exercice du \ndroit de manifester avec les imp\u00e9ratifs de l'ordre public  ; que, dans ce cadre, elle se doit de \nprendre les mesures de nature \u00e0 pr\u00e9venir, outre les  infractions \u00e0 la loi p\u00e9nale, les troubles \u00e0 \nl'ordre public, \u00e0 partir de l'appr\u00e9ciation qu'elle fait du risque qu'ils surviennent  ; que r\u00e9pond \u00e0 \nces objectifs, une mesure qui d\u00e9finit un p\u00e9rim\u00e8tre dans lequel des restrictions sont mises en \n\u0153uvre, notamment \u00e0 l'\u00e9gard de rassemblements pr\u00e9sen tant des risques de troubles graves \u00e0 \nl'ordre public, afin de garantir la s\u00e9curit\u00e9 des pe rsonnes et des biens, celle des sites et \ninstitutions sensibles et symboliques que sont nota mment la Pr\u00e9sidence de la R\u00e9publique, le \nminist\u00e8re de l'Int\u00e9rieur, l'Assembl\u00e9e nationale, le  S\u00e9nat, le Conseil constitutionnel, et les lieux \nde commerce de l'avenue des Champs-Elys\u00e9es ; \n \nARRETE : \n \nMESURES INTERDISANT TOUT RASSEMBLEMENT NON DECLARE AINSI QUE LE PORT ET LE TRANSPORT D 'ARMES \nDANS CERTAINS SECTEURS DE LA CAPITALE  \n \nArticle 1 er  \u2013 La pr\u00e9sence et la circulation des personnes part icipant \u00e0 des cort\u00e8ges, d\u00e9fil\u00e9s et \nrassemblements non d\u00e9clar\u00e9s sont interdits \u00e0 Paris du vendredi 30 juin de 19h00 au samedi 1 er  \njuillet 2023 \u00e0 05h00,  dans un secteur d\u00e9limit\u00e9 par les voies suivantes qu i y sont incluses :   \n \n1\u00b0 Dans le secteur comprenant notamment l'avenue de  la Grande Arm\u00e9e, l'avenue des Champs-\nElys\u00e9es, la place de la Concorde, le jardin des Tui leries, la Pr\u00e9sidence de la R\u00e9publique, le \nminist\u00e8re de l'Int\u00e9rieur, le Conseil d'Etat, l'Asse mbl\u00e9e nationale, le Premier minist\u00e8re, le Champ-\nde-Mars, le Trocad\u00e9ro et d\u00e9limit\u00e9 par les voies sui vantes qui y sont incluses  : \n \n- place Charles de Gaulle  ; \n- rue de Tilsitt  ; Pr\u00e9fecture de Police - 75-2023-06-30-00007 -  Arr\u00eat\u00e9 n\u00b0 2023-00767 portant mesures de police applicables \u00e0 Paris \u00e0 l\u25a1occasion\nd\u25a1appels \u00e0 manifester du vendredi 30 juin 2023 19h00 au samedi 1er juillet 5h00 11\n 3 - avenue de Friedland  ; \n- boulevard Haussmann  ; \n- rue de Courcelles  ; \n- avenue Myron Herrick  ; \n- rue du Faubourg Saint-Honor\u00e9  \n- rue Saint-Honor\u00e9  \n- rue du Louvre  ; \n- rue de l'Amiral de Coligny  ; \n- quai du Louvre  ; \n- quai de la M\u00e9gisserie  ; \n- quai de Gesvres  ; \n- quai de l'H\u00f4tel de Ville  ; \n- pont Louis-Philippe  ; \n- rue Jean du Bellay  ; \n- pont Saint-Louis  ; \n- quai de l'Archev\u00each\u00e9  ; \n- quai de la Tournelle  ; \n- quai de Montebello  ; \n- place du Petit Pont  ; \n- rue du Petit Pont  ; \n- rue Saint-Jacques  ; \n- boulevard Saint-Germain  ; \n- boulevard Saint-Michel (exclu)  ; \n- avenue de l'Observatoire  ; \n- rue d'Assas  ; \n- place Alphonse D\u00e9ville  ; \n- boulevard Raspail  \n- place Le Corbusier  ; \n- rue de Babylone  ; \n- boulevard des Invalides  ; \n- avenue de Tourville (exclue)  ; \n- boulevard de la Tour Maubourg  ; \n- quai d'Orsay  ; \n- place de la R\u00e9sistance  ; \n- pont de l'Alma  ; \n- place de l'Alma  ; \n- avenue du Pr\u00e9sident Wilson  ; \n- avenue Marceau  ; \n- rue de Presbourg. \n \nArticle 2  - Les repr\u00e9sentants sur place de l'autorit\u00e9 de pol ice sont autoris\u00e9s \u00e0 prendre des \nmesures compl\u00e9mentaires \u00e0 celles fix\u00e9es par le pr\u00e9s ent arr\u00eat\u00e9, en fonction de l'\u00e9volution de \nla situation et lorsque les circonstances l'exigent . \n \n \nArticle 3  - La pr\u00e9f\u00e8te, directrice de cabinet, le directeur de l'ordre public et de la circulation \net la directrice de la s\u00e9curit\u00e9 de proximit\u00e9 de l'a gglom\u00e9ration parisienne sont charg\u00e9s, chacun \nen ce qui le concerne, de l'ex\u00e9cution du pr\u00e9sent ar r\u00eat\u00e9 qui entre en vigueur d\u00e8s son affichage \naux portes de la pr\u00e9fecture de police et sera publi \u00e9 au recueil des actes administratifs du \nd\u00e9partement de Paris, communiqu\u00e9 \u00e0 la procureure de  la R\u00e9publique pr\u00e8s le tribunal \njudiciaire de Paris et consultable sur le site inte rnet de la pr\u00e9fecture de police \n(https://www.prefecturedepolice.interieur.gouv.fr ). \n \n  \nFait \u00e0 Paris, le 30 juin 2023 \nPour le Pr\u00e9fet de Police \nLa Pr\u00e9f\u00e8te, Directrice de Cabinet \nMagali CHARBONNEAU Pr\u00e9fecture de Police - 75-2023-06-30-00007 -  Arr\u00eat\u00e9 n\u00b0 2023-00767 portant mesures de police applicables \u00e0 Paris \u00e0 l\u25a1occasion\nd\u25a1appels \u00e0 manifester du vendredi 30 juin 2023 19h00 au samedi 1er juillet 5h00 12\n 4  \n Annexe de l'arr\u00eat\u00e9 n\u00b0 2023-00767 du 30 juin 2023  \n \n \n \nVOIES ET DELAIS DE RECOURS  \n_______________________  \n \n \n \nSi vous estimez devoir contester le pr\u00e9sent arr\u00eat\u00e9,  il vous est possible, dans un \nd\u00e9lai de deux mois \u00e0 compter de son affichage ou de  la date de sa publication au recueil des \nactes administratifs du d\u00e9partement de Paris :  \n \n \n- soit de saisir d'un RECOURS GRACIEUX  \nle Pr\u00e9fet de Police  \n7/9, boulevard du Palais - 75195 PARIS RP  \n \n- ou de former un RECOURS HIERARCHIQUE  \n  aupr\u00e8s du Ministre de l'int\u00e9rieur  \n  Direction des libert\u00e9s publiques et des affaires juridiques  \n  place Beauvau - 75008 PARIS  \n \n- soit de saisir d'un RECOURS CONTENTIEUX  \nle Tribunal administratif comp\u00e9tent  \n \n \nAucune de ces voies et recours ne suspend l'applica tion de la pr\u00e9sente d\u00e9cision.  \n \nLes recours GRACIEUX et HIERARCHIQUE doivent \u00eatre \u00e9 crits, exposer les \narguments ou faits nouveaux et comprendre la copie de l'arr\u00eat\u00e9 contest\u00e9.  \n \nLe recours CONTENTIEUX, qui vise \u00e0 contester la LEG ALITE de la pr\u00e9sente \nd\u00e9cision, doit \u00e9galement \u00eatre \u00e9crit et exposer votr e argumentation juridique.  \n \nSi vous n'aviez pas de r\u00e9ponse \u00e0 votre recours GRAC IEUX ou HIERARCHIQUE dans \nun d\u00e9lai de deux mois \u00e0 compter de la r\u00e9ception de votre recours par l'administration, votre \ndemande devra \u00eatre consid\u00e9r\u00e9e comme rejet\u00e9e (d\u00e9cisi on implicite de rejet).  \n \nEn cas de rejet des recours GRACIEUX ou HIERARCHIQU E, le Tribunal \nadministratif peut \u00eatre saisi d'un recours contenti eux dans le d\u00e9lai de deux mois \u00e0 compter de \nla date de la d\u00e9cision de rejet.  \n \n Pr\u00e9fecture de Police - 75-2023-06-30-00007 -  Arr\u00eat\u00e9 n\u00b0 2023-00767 portant mesures de police applicables \u00e0 Paris \u00e0 l\u25a1occasion\nd\u25a1appels \u00e0 manifester du vendredi 30 juin 2023 19h00 au samedi 1er juillet 5h00 13\nPr\u00e9fecture de Police\n75-2023-06-30-00006\nArr\u00eat\u00e9 n 2023-00768 portant interdiction des\ndistributions alimentaires sur la place Henri\nFrenay \u00e0 Paris \ndu samedi 1er juillet 2023 au mardi 1er ao\u00fbt 2023\ninclus\nPr\u00e9fecture de Police - 75-2023-06-30-00006 - Arr\u00eat\u00e9 n 2023-00768 portant interdiction des distributions alimentaires sur la place Henri\nFrenay \u00e0 Paris \ndu samedi 1er juillet 2023 au mardi 1er ao\u00fbt 2023 inclus14\n \n \n \nCabinet du pr\u00e9fet \n \n \n \n \n           Arr\u00eat\u00e9 n 2023-00768 \nportant interdiction des distributions alimentaires  sur la place Henri Frenay \u00e0 Paris  \ndu samedi 1 er  juillet 2023 au mardi 1 er  ao\u00fbt 2023 inclus \n \n \nLe pr\u00e9fet de police, \nVu code g\u00e9n\u00e9ral des collectivit\u00e9s territoriales, no tamment son article L. 2512-13  ; \nVu le code de la s\u00e9curit\u00e9 int\u00e9rieure, notamment son  article L. 122-1 ; \nVu le code de la sant\u00e9 publique  ; \nVu le code p\u00e9nal, notamment son article R. 644-5-1  ; \nVu le code de proc\u00e9dure p\u00e9nale, notamment son artic le R. 48-1  ; \nVu le d\u00e9cret n\u00b0 2004-374 du 29 avril 2004 modifi\u00e9 r elatif aux pouvoirs des pr\u00e9fets, \u00e0 \nl'organisation et \u00e0 l'action des services de l'Etat  dans les r\u00e9gions et d\u00e9partements, \nnotamment ses articles 70 et 72  ; \nVu l'arr\u00eat\u00e9 des consuls du 12 Messidor an VIII qui d\u00e9termine les fonctions du pr\u00e9fet de \npolice \u00e0 Paris  ; \nVu le courrier conjoint de l'association Basta Cosi  et du collectif Grauwin-Bouton du 22 \nmai 2023 faisant \u00e9tat de la d\u00e9gradation de la place  Henri Frenay depuis plusieurs mois et \ndu climat d'ins\u00e9curit\u00e9 ;  \nConsid\u00e9rant que, en application des articles L. 2512 -13 du code g\u00e9n\u00e9ral des \ncollectivit\u00e9s territoriales et 72 du d\u00e9cret du 29 a vril 2004 susvis\u00e9, le pr\u00e9fet de police a la \ncharge, \u00e0 Paris, de l'ordre public, notamment la pr \u00e9vention des atteintes \u00e0 la s\u00e9curit\u00e9 des \npersonnes et des biens  ;  \nConsid\u00e9rant que, en application de l'article R. 644 -5-1 du code p\u00e9nal, sont punis de \nl'amende pr\u00e9vue pour les contraventions de la 4e cl asse la violation des interdictions et \nle manquement aux obligations \u00e9dict\u00e9es par arr\u00eat\u00e9s pris sur le fondement des pouvoirs \nde police g\u00e9n\u00e9rale qui r\u00e9glementent, \u00e0 la suite de troubles, la pr\u00e9sence et la circulation \ndes personnes en certains lieux et \u00e0 certaines heur es afin de pr\u00e9venir la r\u00e9it\u00e9ration \nd'atteintes graves \u00e0 la s\u00e9curit\u00e9 publique ; que l'a rticle R. 48-1 du code de proc\u00e9dure \np\u00e9nale rend applicable la proc\u00e9dure de l'amende for faitaire pour les contraventions \npr\u00e9cit\u00e9es ; \nConsid\u00e9rant les nuisances r\u00e9currentes occasionn\u00e9es sur la place Frenay, notamment au \npied d'immeubles d'habitation, du fait d'attroupeme nts g\u00e9n\u00e9r\u00e9s par des distributions \nalimentaires de personnes marginalis\u00e9es investissan t ladite place, lesquels conduisent \u00e0 \ndes intimidations, des rixes, des nuisances sonores  persistantes sans pr\u00e9judice des \natteintes \u00e0 la salubrit\u00e9 r\u00e9guli\u00e8rement constat\u00e9es ;  qu'il s'ensuit que ces rassemblements \nengendrent des atteintes \u00e0 l'ordre public caract\u00e9ri s\u00e9es sur cette place que les \ndistributions alimentaires  quotidiennes effectu\u00e9es par diverses associations o u collectifs \ncontribuent \u00e0 aviver  ; qu'en outre la configuration de la place, ceintur \u00e9e par des arcades \net sur laquelle la pr\u00e9sence notamment d'une saniset te en libre acc\u00e8s pourvue d'un \nrobinet d'eau et d'un commerce de d\u00e9tail qui vend p rincipalement des boissons \nalcoolis\u00e9es contribue \u00e0 renforcer l'implantation de  personnes marginalis\u00e9es qui stagnent \ntoute la journ\u00e9e et une grande partie de la nuit  ; \n Pr\u00e9fecture de Police - 75-2023-06-30-00006 - Arr\u00eat\u00e9 n 2023-00768 portant interdiction des distributions alimentaires sur la place Henri\nFrenay \u00e0 Paris \ndu samedi 1er juillet 2023 au mardi 1er ao\u00fbt 2023 inclus15\n \nConsid\u00e9rant que si le respect de la dignit\u00e9 humaine  est une composante de l'ordre \npublic ainsi que le rappelle la jurisprudence class ique du Conseil d'Etat (CE, Ass., 27 \noctobre 1995, Commune de Morsang-sur-Orge, n\u00b0 13672 7), la distribution de denr\u00e9es \nalimentaires \u00e0 des personnes marginalis\u00e9es n'exclut  pas qu'elle doive \u00eatre concili\u00e9e avec \nles autres composantes de l'ordre public d\u00e8s lors q ue la distribution dans un endroit \npr\u00e9cis\u00e9ment d\u00e9limit\u00e9 est de nature \u00e0 causer des tro ubles \u00e0 la s\u00e9curit\u00e9, la tranquillit\u00e9 et la \nsalubrit\u00e9 publics  ; \nConsid\u00e9rant que les riverains d\u00e9noncent cette ins\u00e9c urit\u00e9 grandissante sur cette place \nainsi qu'ils l'ont encore fait le 5 juin 2023 avec un rassemblement devant le commissariat \ndu XII\u00e8me arrondissement, signalant des regroupemen ts de personnes alcoolis\u00e9es, \ndrogu\u00e9es qui errent et hurlent durant la nuit, se b attent entre elles, invectivent les \nriverains, les clients des commerces et les passant s, d\u00e9gradent du mobilier de ces \ncommerces, occupent les aires de jeux des enfants ;  que des riverains craignent ainsi au \nquotidien pour leur s\u00e9curit\u00e9 et celles de leurs pro ches  ; \nConsid\u00e9rant que ces rassemblements d'individus marg inalis\u00e9s constituent en outre un \nterreau pour des trafics divers, notamment de drogu e, mais \u00e9galement pour le \nd\u00e9veloppement de ventes \u00e0 la sauvette ou d'activit\u00e9 s d'\u00e9conomie souterraine qu'il \nimporte de r\u00e9primer conform\u00e9ment aux lois et r\u00e8glem ents en vigueur  ; \nConsid\u00e9rant ainsi que 180 op\u00e9rations de s\u00e9curisatio n ont \u00e9t\u00e9 organis\u00e9es sur la place \nHenri Frenay en 2022 par les services de police, que  les effectifs du commissariat sont \nintervenus \u00e0 159 reprises dans le cadre de r\u00e9quisit ions d'usagers notamment, proc\u00e9dant \n\u00e0 20 verbalisations pour consommation d'alcool, adr essant 26 amendes forfaitaires \nd\u00e9lictuelles (AFD) pour consommation de produits stu p\u00e9fiants et r\u00e9alisant 11 \ninterpellations pour divers motifs  ; qu'en 2023, 46 op\u00e9rations ont d\u00e9j\u00e0 \u00e9t\u00e9 organis\u00e9es , \ndonnant lieu au contr\u00f4le de 98 personnes, \u00e0 9 AFD po ur consommation de produits \nstup\u00e9fiants, 7 interpellations, 11 verbalisations p our consommation d'alcool et 26 \n\u00e9victions  ; \nConsid\u00e9rant \u00e9galement que cette place fait l'objet depuis plusieurs mois de mesures de \npolice administrative visant \u00e0 interdire la vente e t la consommation d'alcool durant \ncertaines plages horaires compte tenu des troubles et des nuisances occasionn\u00e9s par des \npersonnes consommant de l'alcool sur la voie publiq ue, que ces mesures particuli\u00e8res \nconcernant la place Frenay ont \u00e9t\u00e9 confirm\u00e9es dans l 'arr\u00eat\u00e9 pr\u00e9fectoral n\u00b002023-00680 \ndu 6 avril 2023 afin de continuer \u00e0 pr\u00e9venir les tr oubles \u00e0 l'ordre et \u00e0 la tranquillit\u00e9 \npublics  ; \nConsid\u00e9rant en outre que les services de police ont  pris attache \u00e0 plusieurs reprises \navec les associations proc\u00e9dant \u00e0 des distributions  alimentaires sur la place Frenay afin \nde les inciter \u00e0 s'installer rue Roland Barthes  ; qu'au surplus, d'autres services de \nrestauration solidaire, d'\u00e9picerie sociale et de co lis alimentaires \u00e0 l'attention des \npersonnes en situation de pr\u00e9carit\u00e9 sont disponible s dans le XII\u00e8me arrondissement  \ndans les lieux mentionn\u00e9s sur le site internet de l a ville de Paris mis \u00e0 jour au 7 juin 2023 ; \nConsid\u00e9rant ainsi qu'il appartient \u00e0 l'autorit\u00e9 de police de pr\u00e9venir les troubles par des \nmesures adapt\u00e9es, proportionn\u00e9es et strictement n\u00e9c essaires  ; qu'une mesure \nd'interdiction pendant une p\u00e9riode limit\u00e9e des dist ributions alimentaires sur la place \nHenri Frenay r\u00e9pond \u00e0 ces objectifs en compl\u00e9ment de s mesures r\u00e9glementant la vente \n\u00e0 emporter de boissons alcoolis\u00e9es et leur consomma tion sur la voie publique, sans que \nces restrictions d'occupation du domaine public por tent une atteinte excessive \u00e0 la \nlibert\u00e9 d'aller et de venir ou \u00e0 la dignit\u00e9 humaine  ; \n \nVu l'urgence,  \n \n \n \n \n Pr\u00e9fecture de Police - 75-2023-06-30-00006 - Arr\u00eat\u00e9 n 2023-00768 portant interdiction des distributions alimentaires sur la place Henri\nFrenay \u00e0 Paris \ndu samedi 1er juillet 2023 au mardi 1er ao\u00fbt 2023 inclus16\n \n \n \nARRETE : \n \nArticle 1 er  \u2013 Les distributions alimentaires sont interdites su r la place Henri Frenay sise \u00e0 \nParis dans le XII\u00e8me arrondissement du samedi 1 er  juillet 2023 au mardi 1 er  ao\u00fbt 2023 \ninclus. \n \nArticle 2 - La pr\u00e9f\u00e8te, directrice de cabinet, le directeur d e l'ordre public et de la \ncirculation et la directrice de la s\u00e9curit\u00e9 de prox imit\u00e9 de l'agglom\u00e9ration parisienne sont \ncharg\u00e9s, chacun en ce qui le concerne, de l'ex\u00e9cuti on du pr\u00e9sent arr\u00eat\u00e9 qui sera publi\u00e9 \nau recueil des actes administratifs du d\u00e9partement de Paris, affich\u00e9 aux portes de la \npr\u00e9fecture de police, consultable sur le site de la  pr\u00e9fecture de police \n(https://www.prefecturedepolice.interieur.gouv.fr),  et communiqu\u00e9 aux maire de Paris et \ndu XII\u00e8me arrondissement. \n \n Fait \u00e0 Paris, le  30/06/2023 \n \nLaurent NU\u00d1EZ Pr\u00e9fecture de Police - 75-2023-06-30-00006 - Arr\u00eat\u00e9 n 2023-00768 portant interdiction des distributions alimentaires sur la place Henri\nFrenay \u00e0 Paris \ndu samedi 1er juillet 2023 au mardi 1er ao\u00fbt 2023 inclus17\nAnnexe de l'arr\u00eat\u00e9 n\u00b0                                                      du                    \n \n \n \nVOIES ET DELAIS DE RECOURS  \n_______________________  \n \n \n \nSi vous estimez devoir contester le pr\u00e9sent arr\u00eat\u00e9,  il vous est possible, dans un \nd\u00e9lai de deux mois \u00e0 compter de la date de son affi chage aux portes de la pr\u00e9fecture de \npolice : \n \n \n- soit de saisir d'un RECOURS GRACIEUX \nle Pr\u00e9fet de Police \n7/9, boulevard du Palais - 75195 PARIS RP \n \n- ou de former un RECOURS HIERARCHIQUE \n  aupr\u00e8s du Ministre de l'int\u00e9rieur \n  Direction des libert\u00e9s publiques et des affaires juridiques \n  place Beauvau - 75008 PARIS \n \n- soit de saisir d'un RECOURS CONTENTIEUX \nle Tribunal administratif comp\u00e9tent \n \n \nAucune de ces voies et recours ne suspend l'applica tion de la pr\u00e9sente \nd\u00e9cision. \n \nLes recours GRACIEUX et HIERARCHIQUE doivent \u00eatre \u00e9 crits, exposer les \narguments ou faits nouveaux et comprendre la copie de l'arr\u00eat\u00e9 contest\u00e9. \n \nLe recours CONTENTIEUX, qui vise \u00e0 contester la LEGA LITE de la pr\u00e9sente \nd\u00e9cision, doit \u00e9galement \u00eatre \u00e9crit et exposer votr e argumentation juridique. \n \nSi vous n'aviez pas de r\u00e9ponse \u00e0 votre recours GRAC IEUX ou HIERARCHIQUE \ndans un d\u00e9lai de deux mois \u00e0 compter de la r\u00e9ceptio n de votre recours par \nl'administration, votre demande devra \u00eatre consid\u00e9r \u00e9e comme rejet\u00e9e (d\u00e9cision implicite \nde rejet). \n \nEn cas de rejet des recours GRACIEUX ou HIERARCHIQU E, le Tribunal \nadministratif peut \u00eatre saisi d'un recours contenti eux dans le d\u00e9lai de deux mois \u00e0 \ncompter de la date de la d\u00e9cision de rejet.  \n \n \n \n \n          Pr\u00e9fecture de Police - 75-2023-06-30-00006 - Arr\u00eat\u00e9 n 2023-00768 portant interdiction des distributions alimentaires sur la place Henri\nFrenay \u00e0 Paris \ndu samedi 1er juillet 2023 au mardi 1er ao\u00fbt 2023 inclus18\nPr\u00e9fecture de Police\n75-2023-07-01-00001\nARRETE N\u00b0 2023-00771 autorisant la captation,\nl\u25a1enregistrement et la transmission d\u25a1images au\nmoyen de cam\u00e9ras install\u00e9es sur des a\u00e9ronefs\nafin de pr\u00e9venir les atteintes \u00e0 la s\u00e9curit\u00e9 et aux\nbiens \u00e0 Paris, dans certaines communes du\nd\u00e9partement des Hauts-de-Seine (92) et dans\ntoutes les communes du d\u00e9partement de\nSeine-Saint-Denis (93) du samedi 1er juillet 2023\nde 21h00 au dimanche 2 juillet 2023 06h00\nPr\u00e9fecture de Police - 75-2023-07-01-00001 - ARRETE N\u00b0 2023-00771 autorisant la captation, l\u25a1enregistrement et la transmission\nd\u25a1images au moyen de cam\u00e9ras install\u00e9es sur des a\u00e9ronefs afin de pr\u00e9venir les atteintes \u00e0 la s\u00e9curit\u00e9 et aux biens \u00e0 Paris, dans\ncertaines communes du d\u00e9partement des Hauts-de-Seine (92) et dans toutes les communes du d\u00e9partement de Seine-Saint-Denis (93)\ndu samedi 1er juillet 2023 de 21h00 au dimanche 2 juillet 2023 06h0019\ns\u00ee\nuH,__ _____\n'/\u00ce.........\n \u00e7________\n,P...______.\n2__________ __f F\n \nCABINET DU PREFET  \n \n     ARRETE N\u00b0 2023-00771 du 1 er  JUILLET 2023  autorisant la captation, l'enregistrement et la transmission d'images au moyen de cam\u00e9ras install\u00e9es sur des a\u00e9ronefs afin de pr\u00e9venir les atteintes \u00e0 la s\u00e9curit\u00e9 et aux biens \u00e0 Paris, dans certaines communes du d\u00e9partement des Hauts-de-Seine (92) et dans toutes les communes du d\u00e9partement de Seine-Saint-Denis (93) du samedi 1er juillet 2023 de 21h00 au dimanche 2 juillet 2023 06h00  Le pr\u00e9fet de police,  Vu le code de la s\u00e9curit\u00e9 int\u00e9rieure, notamment ses articles L. 242-1 \u00e0 L. 242-8 et R. 242-8 \u00e0 R. 242-14 ; Vu le d\u00e9cret n\u00b0 2004-374 modifi\u00e9 du 29 avril 2004 relatif aux pouvoirs des pr\u00e9fets, \u00e0 l'organisation et \u00e0 l'action des services de l'Etat dans les r\u00e9gions et d\u00e9partements, notamment son article 73  ; Vu le d\u00e9cret du 20 juillet 2022 par lequel M. Laurent NU\u00d1EZ, pr\u00e9fet, coordonnateur national du renseignement et de la lutte contre le terrorisme, est nomm\u00e9 pr\u00e9fet de police (hors classe)  ;  Vu l'arr\u00eat\u00e9 du 19 avril 2023 relatif au nombre maximal de cam\u00e9ras install\u00e9es sur des a\u00e9ronefs pouvant \u00eatre simultan\u00e9ment utilis\u00e9es dans chaque d\u00e9partement et collectivit\u00e9 d'outre-mer  ;  Vu l'arr\u00eat\u00e9 du 7 novembre 2022 n\u00b02022-01314 relatif aux missions et \u00e0 l'organisation de la direction de la s\u00e9curit\u00e9 de proximit\u00e9 de l'agglom\u00e9ration parisienne  ;  Vu l'instruction minist\u00e9rielle NOR IOMD2311883J du 30 avril 2023 relative \u00e0 la proc\u00e9dure d'autorisation des cam\u00e9ras install\u00e9es sur des a\u00e9ronefs pour des missions de police administrative  ;  Vu la demande en date du 30 juin 2023 form\u00e9e par le commissaire g\u00e9n\u00e9ral, chef d'\u00e9tat-major de la direction de la s\u00e9curit\u00e9 de proximit\u00e9 de l'agglom\u00e9ration parisienne (DSPAP) visant \u00e0 obtenir l'autorisation de capter, d'enregistrer et de transmettre des images au moyen de deux cam\u00e9ras sur des a\u00e9ronefs t\u00e9l\u00e9pilot\u00e9s afin d'assurer la pr\u00e9vention des atteintes \u00e0 la s\u00e9curit\u00e9 des personnes et des biens du samedi 1er juillet 2023 \u00e0 21h00 au dimanche 2 juillet 2023 \u00e0 06h00 \u00e0 Paris, sur plusieurs communes du d\u00e9partement des Hauts-de-Seine et sur toutes les communes du d\u00e9partement de Seine-Saint-Denis ;  Consid\u00e9rant que les dispositions du I de l'article L. 242-5 du code de la s\u00e9curit\u00e9 int\u00e9rieure permettent aux forces de s\u00e9curit\u00e9 int\u00e9rieure, dans l'exercice de leurs missions de pr\u00e9vention des atteintes \u00e0 l'ordre public et de protection de la s\u00e9curit\u00e9 des personnes et des biens, de proc\u00e9der \u00e0 la captation, \u00e0 l'enregistrement et \u00e0 la transmission d'images au moyen de cam\u00e9ras install\u00e9es sur des a\u00e9ronefs dans des lieux particuli\u00e8rement expos\u00e9s, notamment en raison de leurs caract\u00e9ristiques ou des faits qui s'y sont d\u00e9j\u00e0 d\u00e9roul\u00e9s, \u00e0 des risques d'agression et de vol, ainsi que l'appui des personnels au sol, en vue de maintenir ou de r\u00e9tablir l'ordre public, lorsque des rassemblements sont susceptibles d'entra\u00eener des troubles graves \u00e0 l'ordre public  ; Consid\u00e9rant les affrontements avec les forces de l'ordre et des violences urbaines qui se sont d\u00e9roul\u00e9s mardi 27 juin en fin d'apr\u00e8s-midi; que dans la nuit du 27 juin, vingt-quatre personnes ont \u00e9t\u00e9 interpell\u00e9es par les forces de police \u00e0 la suite de d\u00e9gradations notamment d'abribus, d'incendies de plusieurs voitures, de poubelles et d'une \u00e9cole de musique ; que dans la nuit du 28 juin, de nouvelles vagues de violences urbaines nocturne ont \u00e9clat\u00e9 avec des attaques ou incendies de mairies, d'\u00e9coles et de commissariats, entra\u00eenant l'interpellation de 98 individus par les forces de l'ordre dans l'agglom\u00e9ration parisienne ; que le jeudi 29 juin les forces de s\u00e9curit\u00e9 int\u00e9rieure ont interpell\u00e9 418 personnes dans l'agglom\u00e9ration parisienne  ; que ces violences ont perdur\u00e9 dans la nuit du 30 juin  au 1 er  juillet, occasionnant l'interpellation, dans l'agglom\u00e9ration parisienne, de 406 individus  ; que la Seine-Saint-Denis en particulier a \u00e9t\u00e9 fortement impact\u00e9e par les violences urbaines dans la nuit du 28 au 29 juin avec plus de 150 interpellations intervenues dans ce seul d\u00e9partement sur les 667 recens\u00e9es au Pr\u00e9fecture de Police - 75-2023-07-01-00001 - ARRETE N\u00b0 2023-00771 autorisant la captation, l\u25a1enregistrement et la transmission\nd\u25a1images au moyen de cam\u00e9ras install\u00e9es sur des a\u00e9ronefs afin de pr\u00e9venir les atteintes \u00e0 la s\u00e9curit\u00e9 et aux biens \u00e0 Paris, dans\ncertaines communes du d\u00e9partement des Hauts-de-Seine (92) et dans toutes les communes du d\u00e9partement de Seine-Saint-Denis (93)\ndu samedi 1er juillet 2023 de 21h00 au dimanche 2 juillet 2023 06h0020\n 2 niveau national, soulignant \u00e0 ce titre l'enjeu crit ique que les drones puissent couvrir l'ensemble des  \ncommunes du d\u00e9partement ; \nConsid\u00e9rant que ces violences se sont \u00e9tendues sur plusieurs communes de Seine-Saint-Denis ; \nque de nombreux commerces ont \u00e9t\u00e9 pill\u00e9s, la mairie  de Romainville a \u00e9t\u00e9 incendi\u00e9e alors que le maire \n\u00e9tait pr\u00e9sent dans les locaux, que le commissariat de Bagnolet a \u00e9t\u00e9 \u00e9galement incendi\u00e9 ; qu'\u00e0 Paris d es \npillages de commerces sont intervenus et 116 incend ies de voie publique ont \u00e9t\u00e9 allum\u00e9s  ; qu'ainsi le \ncontexte de ces derni\u00e8res journ\u00e9es justifie de pr\u00e9v enir les troubles \u00e0 l'ordre public par des moyens \nadapt\u00e9s  ; \nConsid\u00e9rant que des appels \u00e0 se rassembler sur les Champs-Elys\u00e9es pour y commettre des \nexactions et d\u00e9pr\u00e9dations  circulent ce jour massivement sur les r\u00e9seaux socia ux  ; \nConsid\u00e9rant que la demande de la DSPAP porte sur l' engagement total de deux cam\u00e9ras \na\u00e9roport\u00e9es qui pourront \u00eatre en vol simultan\u00e9ment en vue de capter, d'enregistrer et de transmettre \ndes images  ; que les zones survol\u00e9es sont strictement limit\u00e9es  aux zones dans lesquelles sont \nsusceptibles de se produire des atteintes \u00e0 la s\u00e9cu rit\u00e9 des personnes et des biens, touch\u00e9es depuis \nmardi 27 juin 2023 par d'intenses violences urbaine s  ;   \n \nConsid\u00e9rant que le recours \u00e0 deux cam\u00e9ras a\u00e9roport\u00e9 es a pour objectif de pr\u00e9venir les troubles \ngraves \u00e0 l'ordre public en permettant de d\u00e9tecter l es mouvements de jeunes munis d'armes pour en \nd\u00e9coudre avec les forces de l'ordre et de pr\u00e9venir,  de surcro\u00eet, les menaces et agressions \u00e0 l'encontr e \ndes forces de s\u00e9curit\u00e9 int\u00e9rieure dans un contexte de tensions particuli\u00e8rement vives depuis le mardi \n27 juin 2023  ; que ces cam\u00e9ras a\u00e9roport\u00e9es permettront de dispos er d'une vision en grand angle pour \npermettre le maintien et le r\u00e9tablissement de l'ord re public tout en limitant l'engagement des forces \nau sol ; que cette vision en surplomb contribue dir ectement \u00e0 identifier les lieux de regroupement des  \nindividus hostiles et assurer ainsi de meilleures c onditions de s\u00e9curit\u00e9 pour l'intervention des force s de \nl'ordre  ; \n \nConsid\u00e9rant qu'il n'existe pas de dispositif moins intrusif permettant de parvenir aux m\u00eames \nfins  ; \n \nConsid\u00e9rant enfin que le recours \u00e0 la captation, l' enregistrement et la transmission d'images \nfera l'objet d'une information par plusieurs moyens  adapt\u00e9s  ; qu'outre la publication du pr\u00e9sent arr\u00eat\u00e9 \nau recueil des actes administratifs et son affichag e aux portes de la pr\u00e9fecture de police, il fera l' objet \nd'une mise en ligne sur le site internet de la pr\u00e9f ecture de police ; que ces moyens d'information son t \nadapt\u00e9s pour porter une information claire et trans parente du public  ;  \n \nSur proposition de la pr\u00e9f\u00e8te, directrice de cabine t ; \n \nVu l'urgence,  \n \n \nARRETE  : \n \n \n \nArticle 1 er  \u2013 La captation, l'enregistrement et la transmissio n d'images par la direction de la s\u00e9curit\u00e9 de \nproximit\u00e9 de l'agglom\u00e9ration parisienne (DSPAP) son t autoris\u00e9s au titre de  : \n \n- la pr\u00e9vention des atteintes \u00e0 la s\u00e9curit\u00e9 des per sonnes et des biens dans un lieu particuli\u00e8rement \nexpos\u00e9, en raison des faits de d\u00e9linquance qui s'y sont d\u00e9j\u00e0 d\u00e9roul\u00e9s, \u00e0 des risques d'agression et \nde vol, ainsi que l'appui des personnels au sol, en vue de leur permettre de maintenir ou de r\u00e9tablir \nl'ordre public, d\u00e8s lors que la situation est susce ptible d'entra\u00eener des troubles graves \u00e0 l'ordre \npublic . \n \nArticle 2  \u2013 Le nombre maximal de cam\u00e9ras pouvant proc\u00e9der si multan\u00e9ment \u00e0 des enregistrements est \nfix\u00e9 \u00e0 deux cam\u00e9ras embarqu\u00e9es sur des a\u00e9ronefs t\u00e9l \u00e9pilot\u00e9s. \n Pr\u00e9fecture de Police - 75-2023-07-01-00001 - ARRETE N\u00b0 2023-00771 autorisant la captation, l\u25a1enregistrement et la transmission\nd\u25a1images au moyen de cam\u00e9ras install\u00e9es sur des a\u00e9ronefs afin de pr\u00e9venir les atteintes \u00e0 la s\u00e9curit\u00e9 et aux biens \u00e0 Paris, dans\ncertaines communes du d\u00e9partement des Hauts-de-Seine (92) et dans toutes les communes du d\u00e9partement de Seine-Saint-Denis (93)\ndu samedi 1er juillet 2023 de 21h00 au dimanche 2 juillet 2023 06h0021\n 3 Article 3  \u2013 La pr\u00e9sente autorisation s'applique aux communes  de Paris, d'Asni\u00e8res-sur-Seine, \nMontrouge, Meudon-la-for\u00eat, Nanterre, Villeneuve-La -Garenne du d\u00e9partement des Hauts-de-Seine et \n\u00e0 toutes les communes du d\u00e9partement de Seine-Saint -Denis. \n \nArticle 4  \u2013 La pr\u00e9sente autorisation est d\u00e9livr\u00e9e  s'agissant  de la finalit\u00e9 1 au sens du I de l'article L.  242-\n5 pr\u00e9cit\u00e9 (pr\u00e9vention des atteintes \u00e0 la s\u00e9curit\u00e9 d es personnes et des biens) du samedi 1er juillet 20 23 \u00e0 \n21h00 au dimanche 2 juillet 2023 \u00e0 06h00. \n \nArticle 5  \u2013 L'information du public est assur\u00e9e par la publi cation du pr\u00e9sent arr\u00eat\u00e9 au recueil des actes \nadministratifs du d\u00e9partement de Paris, des pr\u00e9fect ures des Hauts-de-Seine et de la Seine-Saint-Denis,  \nson affichage aux portes de la pr\u00e9fecture de police  et sa mise en ligne sur le site internet de la \npr\u00e9fecture de police. \n \nArticle 6  \u2013 Le registre mentionn\u00e9 \u00e0 l'article L. 242-4 du co de de la s\u00e9curit\u00e9 int\u00e9rieure est transmis au \npr\u00e9fet de police, \u00e0 l'issue de la p\u00e9riode d'autoris ation. \n \nArticle 7  \u2013 La pr\u00e9f\u00e8te, directrice de cabinet, la directrice  de la s\u00e9curit\u00e9 de proximit\u00e9 de l'agglom\u00e9ration \nparisienne et le directeur de l'ordre public et de la circulation sont charg\u00e9s, chacun en ce qui le \nconcerne, de l'ex\u00e9cution du pr\u00e9sent arr\u00eat\u00e9, qui ent rera en vigueur d\u00e8s son affichage aux portes de la \npr\u00e9fecture de police, sera publi\u00e9 au recueil des ac tes administratifs du d\u00e9partement de Paris et des \npr\u00e9fectures des Hauts-de-Seine et de la Seine-Saint -Denis, et consultable sur le site internet de la \npr\u00e9fecture de police ( https://www.prefecturedepolice.interieur.gouv.fr ). \n \nFait \u00e0 Paris, le 1er  JUILLET 2023 \n \n Pour le pr\u00e9fet de police,  \n \n  \n \n Magali CHARBONNEAU \n Pr\u00e9f\u00e8te, directrice de cabinet \n \n \n Pr\u00e9fecture de Police - 75-2023-07-01-00001 - ARRETE N\u00b0 2023-00771 autorisant la captation, l\u25a1enregistrement et la transmission\nd\u25a1images au moyen de cam\u00e9ras install\u00e9es sur des a\u00e9ronefs afin de pr\u00e9venir les atteintes \u00e0 la s\u00e9curit\u00e9 et aux biens \u00e0 Paris, dans\ncertaines communes du d\u00e9partement des Hauts-de-Seine (92) et dans toutes les communes du d\u00e9partement de Seine-Saint-Denis (93)\ndu samedi 1er juillet 2023 de 21h00 au dimanche 2 juillet 2023 06h0022\n 4 ANNEXE A L'ARRETE N\u00b0 2023-00766                                                             du  30 juin 2023  \n \n \nVOIES ET DELAIS DE RECOURS  \n_______________________  \n \n \n \nSi vous estimez devoir contester la pr\u00e9sente autori sation, il vous est possible, dans un d\u00e9lai de deux  \nmois \u00e0 compter de la date de son affichage aux port es de la pr\u00e9fecture  : \n \n \n- soit de saisir d'un RECOURS GRACIEUX  \nle Pr\u00e9fet de Police  \n7/9, boulevard du Palais - 75195 PARIS RP  \n \n- ou de former un RECOURS HIERARCHIQUE  \n  aupr\u00e8s du Ministre de l'int\u00e9rieur et des outre-me r  \n  Direction des libert\u00e9s publiques et des affaires juridiques  \n  place Beauvau - 75008 PARIS  \n \n- soit de saisir d'un RECOURS CONTENTIEUX  \nle Tribunal administratif comp\u00e9tent  \n \n \nAucune de ces voies et recours ne suspend l'applica tion de la pr\u00e9sente d\u00e9cision.  \n \nLes recours GRACIEUX et HIERARCHIQUE doivent \u00eatre \u00e9 crits, exposer les arguments ou faits nouveaux \net comprendre la copie de la d\u00e9cision contest\u00e9e.  \n \nLe recours contentieux, qui vise \u00e0 contester la LEG ALITE de la pr\u00e9sente d\u00e9cision, doit \u00e9galement \u00eatre \n\u00e9crit et exposer votre argumentation juridique.  \n \nSi vous n'aviez pas de r\u00e9ponse \u00e0 votre recours GRAC IEUX ou HIERARCHIQUE dans un d\u00e9lai de deux \nmois \u00e0 compter de la r\u00e9ception de votre recours par  l'administration, votre demande devra \u00eatre \nconsid\u00e9r\u00e9e comme rejet\u00e9e (d\u00e9cision implicite de rej et). \n \nEn cas de rejet des RECOURS GRACIEUX ou HIERARCHIQU E, le Tribunal administratif peut \u00eatre saisi \nd'un recours contentieux dans le d\u00e9lai de deux mois  \u00e0 compter de la date de la d\u00e9cision de rejet.  \n Pr\u00e9fecture de Police - 75-2023-07-01-00001 - ARRETE N\u00b0 2023-00771 autorisant la captation, l\u25a1enregistrement et la transmission\nd\u25a1images au moyen de cam\u00e9ras install\u00e9es sur des a\u00e9ronefs afin de pr\u00e9venir les atteintes \u00e0 la s\u00e9curit\u00e9 et aux biens \u00e0 Paris, dans\ncertaines communes du d\u00e9partement des Hauts-de-Seine (92) et dans toutes les communes du d\u00e9partement de Seine-Saint-Denis (93)\ndu samedi 1er juillet 2023 de 21h00 au dimanche 2 juillet 2023 06h0023\nPr\u00e9fecture de Police\n75-2023-07-02-00001\nARRETE N\u00b0 2023-00773 autorisant la captation,\nl\u25a1enregistrement et la transmission d\u25a1images au\nmoyen de cam\u00e9ras install\u00e9es sur des a\u00e9ronefs\nafin de pr\u00e9venir les atteintes \u00e0 la s\u00e9curit\u00e9 et aux\nbiens \u00e0 Paris centre du dimanche 2 juillet 2023 \u00e0\n18h00 au lundi 3 juillet 2023 \u00e0 06h00\nPr\u00e9fecture de Police - 75-2023-07-02-00001 - ARRETE N\u00b0 2023-00773 autorisant la captation, l\u25a1enregistrement et la transmission\nd\u25a1images au moyen de cam\u00e9ras install\u00e9es sur des a\u00e9ronefs afin de pr\u00e9venir les atteintes \u00e0 la s\u00e9curit\u00e9 et aux biens \u00e0 Paris centre du\ndimanche 2 juillet 2023 \u00e0 18h00 au lundi 3 juillet 2023 \u00e0 06h0024\ns\u00ee\nuH,__ _____\n'/\u00ce.........\n \u00e7________\n,P...______.\n2__________ __f F\n \nCABINET DU PREFET  \n \n     ARRETE N\u00b0 2023-00773  autorisant la captation, l'enregistrement et la transmission d'images au moyen de cam\u00e9ras install\u00e9es sur des a\u00e9ronefs afin de pr\u00e9venir les atteintes \u00e0 la s\u00e9curit\u00e9 et aux biens \u00e0 Paris centre du dimanche 2 juillet 2023 \u00e0 18h00 au lundi 3 juillet 2023 \u00e0 06h00  Le pr\u00e9fet de police,  Vu le code de la s\u00e9curit\u00e9 int\u00e9rieure, notamment ses articles L. 242-1 \u00e0 L. 242-8 et R. 242-8 \u00e0 R. 242-14 ; Vu le d\u00e9cret n\u00b0 2004-374 modifi\u00e9 du 29 avril 2004 relatif aux pouvoirs des pr\u00e9fets, \u00e0 l'organisation et \u00e0 l'action des services de l'Etat dans les r\u00e9gions et d\u00e9partements, notamment son article 73  ; Vu le d\u00e9cret du 20 juillet 2022 par lequel M. Laurent NU\u00d1EZ, pr\u00e9fet, coordonnateur national du renseignement et de la lutte contre le terrorisme, est nomm\u00e9 pr\u00e9fet de police (hors classe)  ;  Vu l'arr\u00eat\u00e9 du 19 avril 2023 relatif au nombre maximal de cam\u00e9ras install\u00e9es sur des a\u00e9ronefs pouvant \u00eatre simultan\u00e9ment utilis\u00e9es dans chaque d\u00e9partement et collectivit\u00e9 d'outre-mer  ;  Vu l'arr\u00eat\u00e9 du 7 novembre 2022 n\u00b02022-01314 relatif aux missions et \u00e0 l'organisation de la direction de la s\u00e9curit\u00e9 de proximit\u00e9 de l'agglom\u00e9ration parisienne  ;  Vu l'instruction minist\u00e9rielle NOR IOMD2311883J du 30 avril 2023 relative \u00e0 la proc\u00e9dure d'autorisation des cam\u00e9ras install\u00e9es sur des a\u00e9ronefs pour des missions de police administrative  ;  Vu la demande en date du 2 juillet 2023 form\u00e9e par le directeur de l'ordre public et de la circulation (DOPC) visant \u00e0 obtenir l'autorisation de capter, d'enregistrer et de transmettre des images au moyen d'une cam\u00e9ra sur des a\u00e9ronefs t\u00e9l\u00e9pilot\u00e9s afin d'assurer la pr\u00e9vention des atteintes \u00e0 la s\u00e9curit\u00e9 des personnes et des biens du dimanche 2 juillet 2023 \u00e0 18h00 au lundi 3 juillet 2023 \u00e0 06h00 \u00e0 Paris centre ;  Consid\u00e9rant que les dispositions du I de l'article L. 242-5 du code de la s\u00e9curit\u00e9 int\u00e9rieure permettent aux forces de s\u00e9curit\u00e9 int\u00e9rieure, dans l'exercice de leurs missions de pr\u00e9vention des atteintes \u00e0 l'ordre public et de protection de la s\u00e9curit\u00e9 des personnes et des biens, de proc\u00e9der \u00e0 la captation, \u00e0 l'enregistrement et \u00e0 la transmission d'images au moyen de cam\u00e9ras install\u00e9es sur des a\u00e9ronefs dans des lieux particuli\u00e8rement expos\u00e9s, notamment en raison de leurs caract\u00e9ristiques ou des faits qui s'y sont d\u00e9j\u00e0 d\u00e9roul\u00e9s, \u00e0 des risques d'agression et de vol, ainsi que l'appui des personnels au sol, en vue de maintenir ou de r\u00e9tablir l'ordre public, lorsque des rassemblements sont susceptibles d'entra\u00eener des troubles graves \u00e0 l'ordre public  ; Consid\u00e9rant les affrontements avec les forces de l'ordre et des violences urbaines qui se sont d\u00e9roul\u00e9s mardi 27 juin en fin d'apr\u00e8s-midi; que dans la nuit du 27 juin, vingt-quatre personnes ont \u00e9t\u00e9 interpell\u00e9es par les forces de police \u00e0 la suite de d\u00e9gradations notamment d'abribus, d'incendies de plusieurs voitures, de poubelles et d'une \u00e9cole de musique ; que dans la nuit du 28 juin, de nouvelles vagues de violences urbaines nocturne ont \u00e9clat\u00e9 avec des attaques ou incendies de mairies, d'\u00e9coles et de commissariats, entra\u00eenant l'interpellation de 98 individus par les forces de l'ordre dans l'agglom\u00e9ration parisienne ; que le jeudi 29 juin les forces de s\u00e9curit\u00e9 int\u00e9rieure ont interpell\u00e9 418 personnes dans l'agglom\u00e9ration parisienne  ; que ces violences ont perdur\u00e9 dans la nuit du 30 juin au 1 er  juillet, occasionnant l'interpellation, dans l'agglom\u00e9ration parisienne, de 406 individus  ;  Consid\u00e9rant que Paris, et notamment l'hyper centre, est la cible de violences \u00e0 l'encontre des forces de s\u00e9curit\u00e9 int\u00e9rieure et de d\u00e9gradations \u00e0 l'encontre de biens public et priv\u00e9s, et que des pillages de commerces sont intervenus  ; qu'ainsi le contexte de ces derni\u00e8res journ\u00e9es justifie de pr\u00e9venir les troubles \u00e0 l'ordre public par des moyens adapt\u00e9s  ; Pr\u00e9fecture de Police - 75-2023-07-02-00001 - ARRETE N\u00b0 2023-00773 autorisant la captation, l\u25a1enregistrement et la transmission\nd\u25a1images au moyen de cam\u00e9ras install\u00e9es sur des a\u00e9ronefs afin de pr\u00e9venir les atteintes \u00e0 la s\u00e9curit\u00e9 et aux biens \u00e0 Paris centre du\ndimanche 2 juillet 2023 \u00e0 18h00 au lundi 3 juillet 2023 \u00e0 06h0025\n 2 Consid\u00e9rant que la demande de la DOPC porte sur l'e ngagement total d'une cam\u00e9ra \na\u00e9roport\u00e9e qui pourront \u00eatre en vol simultan\u00e9ment e n vue de capter, d'enregistrer et de transmettre \ndes images  ; que les zones survol\u00e9es sont strictement limit\u00e9es  aux zones dans lesquelles sont \nsusceptibles de se produire des atteintes \u00e0 la s\u00e9cu rit\u00e9 des personnes et des biens, touch\u00e9es depuis \nmardi 27 juin 2023 par d'intenses violences urbaine s  ;   \n \nConsid\u00e9rant que le recours \u00e0 une cam\u00e9ra a\u00e9roport\u00e9e a pour objectif de pr\u00e9venir les troubles \ngraves \u00e0 l'ordre public en permettant de d\u00e9tecter l es mouvements de jeunes munis d'armes pour en \nd\u00e9coudre avec les forces de l'ordre et de pr\u00e9venir,  de surcro\u00eet, les menaces et agressions \u00e0 l'encontr e \ndes forces de s\u00e9curit\u00e9 int\u00e9rieure dans un contexte de tensions particuli\u00e8rement vives depuis le mardi \n27 juin 2023  ; que cette cam\u00e9ra a\u00e9roport\u00e9e permettra de disposer  d'une vision en grand angle pour \npermettre le maintien et le r\u00e9tablissement de l'ord re public tout en limitant l'engagement des forces \nau sol ; que cette vision en surplomb contribue dir ectement \u00e0 identifier les lieux de regroupement des  \nindividus hostiles et assurer ainsi de meilleures c onditions de s\u00e9curit\u00e9 pour l'intervention des force s de \nl'ordre  ; \n \nConsid\u00e9rant qu'il n'existe pas de dispositif moins intrusif permettant de parvenir aux m\u00eames \nfins  ; \n \nConsid\u00e9rant enfin que le recours \u00e0 la captation, l' enregistrement et la transmission d'images \nfera l'objet d'une information par plusieurs moyens  adapt\u00e9s  ; qu'outre la publication du pr\u00e9sent arr\u00eat\u00e9 \nau recueil des actes administratifs et son affichag e aux portes de la pr\u00e9fecture de police, il fera l' objet \nd'une mise en ligne sur le site internet de la pr\u00e9f ecture de police ; que ces moyens d'information son t \nadapt\u00e9s pour porter une information claire et trans parente du public  ;  \n \nSur proposition de la pr\u00e9f\u00e8te, directrice de cabine t ; \n \nVu l'urgence,  \n \n \nARRETE  : \n \n \n \nArticle 1 er  \u2013 La captation, l'enregistrement et la transmissio n d'images par la direction de l'ordre public \net de la circulation (DOPC) sont autoris\u00e9s au titre  de  : \n \n- la pr\u00e9vention des atteintes \u00e0 la s\u00e9curit\u00e9 des per sonnes et des biens dans un lieu particuli\u00e8rement \nexpos\u00e9, en raison des faits de d\u00e9linquance qui s'y sont d\u00e9j\u00e0 d\u00e9roul\u00e9s, \u00e0 des risques d'agression et \nde vol, ainsi que l'appui des personnels au sol, en vue de leur permettre de maintenir ou de r\u00e9tablir \nl'ordre public, d\u00e8s lors que la situation est susce ptible d'entra\u00eener des troubles graves \u00e0 l'ordre \npublic . \n \nArticle 2  \u2013 Le nombre maximal de cam\u00e9ras pouvant proc\u00e9der si multan\u00e9ment \u00e0 des enregistrements est \nfix\u00e9 \u00e0 une cam\u00e9ra embarqu\u00e9e sur des a\u00e9ronefs t\u00e9l\u00e9pi lot\u00e9s. \n \nArticle 3  \u2013 La pr\u00e9sente autorisation est limit\u00e9e au p\u00e9rim\u00e8tr e g\u00e9ographique figurant sur le plan transmis \nen annexe au pr\u00e9sent arr\u00eat\u00e9. \n \nArticle 4  \u2013 La pr\u00e9sente autorisation est d\u00e9livr\u00e9e  s'agissant  de la finalit\u00e9 1 au sens du I de l'article L.  242-\n5 pr\u00e9cit\u00e9 (pr\u00e9vention des atteintes \u00e0 la s\u00e9curit\u00e9 d es personnes et des biens) du dimanche 2 juillet 20 23 \n\u00e0 18h00 au lundi 3 juillet 2023 \u00e0 06h00. \n \nArticle 5  \u2013 L'information du public est assur\u00e9e par la publi cation du pr\u00e9sent arr\u00eat\u00e9 au recueil des actes \nadministratifs du d\u00e9partement de Paris, son afficha ge aux portes de la pr\u00e9fecture de police et sa mise  \nen ligne sur le site internet de la pr\u00e9fecture de p olice. \n \nArticle 6  \u2013 Le registre mentionn\u00e9 \u00e0 l'article L. 242-4 du co de de la s\u00e9curit\u00e9 int\u00e9rieure est transmis au \npr\u00e9fet de police, \u00e0 l'issue de la p\u00e9riode d'autoris ation. \n Pr\u00e9fecture de Police - 75-2023-07-02-00001 - ARRETE N\u00b0 2023-00773 autorisant la captation, l\u25a1enregistrement et la transmission\nd\u25a1images au moyen de cam\u00e9ras install\u00e9es sur des a\u00e9ronefs afin de pr\u00e9venir les atteintes \u00e0 la s\u00e9curit\u00e9 et aux biens \u00e0 Paris centre du\ndimanche 2 juillet 2023 \u00e0 18h00 au lundi 3 juillet 2023 \u00e0 06h0026\n 3 Article 7  \u2013 La pr\u00e9f\u00e8te, directrice de cabinet et le directeu r de l'ordre public et de la circulation sont \ncharg\u00e9s, chacun en ce qui le concerne, de l'ex\u00e9cuti on du pr\u00e9sent arr\u00eat\u00e9, qui entrera en vigueur d\u00e8s so n \naffichage aux portes de la pr\u00e9fecture de police, se ra publi\u00e9 au recueil des actes administratifs du \nd\u00e9partement de Paris, et consultable sur le site in ternet de la pr\u00e9fecture de police \n(https://www.prefecturedepolice.interieur.gouv.fr ). \n \nFait \u00e0 Paris, le 02 juillet 2023 \n \n Pour le pr\u00e9fet de police,  \n                                                                              La pr\u00e9f\u00e8te, Directrice d u cabinet, \n                                                                                        Magali CHARBON NEAU \n  \n \n \n Pr\u00e9fecture de Police - 75-2023-07-02-00001 - ARRETE N\u00b0 2023-00773 autorisant la captation, l\u25a1enregistrement et la transmission\nd\u25a1images au moyen de cam\u00e9ras install\u00e9es sur des a\u00e9ronefs afin de pr\u00e9venir les atteintes \u00e0 la s\u00e9curit\u00e9 et aux biens \u00e0 Paris centre du\ndimanche 2 juillet 2023 \u00e0 18h00 au lundi 3 juillet 2023 \u00e0 06h0027\nr  WA W u/\n=  DIRECTION  DE\nFRAN\u00c7AISE  ' L'ORDRE  PUBLIC\nn ET DE LA CIRCULATION\nMAINTIEN DE L'ORDRE\n 4 \n \n \n \n Pr\u00e9fecture de Police - 75-2023-07-02-00001 - ARRETE N\u00b0 2023-00773 autorisant la captation, l\u25a1enregistrement et la transmission\nd\u25a1images au moyen de cam\u00e9ras install\u00e9es sur des a\u00e9ronefs afin de pr\u00e9venir les atteintes \u00e0 la s\u00e9curit\u00e9 et aux biens \u00e0 Paris centre du\ndimanche 2 juillet 2023 \u00e0 18h00 au lundi 3 juillet 2023 \u00e0 06h0028\n 5 ANNEXE A L'ARRETE N\u00b0 2023-00766                                                             du  30 juin 2023  \n \n \nVOIES ET DELAIS DE RECOURS  \n_______________________  \n \n \n \nSi vous estimez devoir contester la pr\u00e9sente autori sation, il vous est possible, dans un d\u00e9lai de deux  \nmois \u00e0 compter de la date de son affichage aux port es de la pr\u00e9fecture  : \n \n \n- soit de saisir d'un RECOURS GRACIEUX  \nle Pr\u00e9fet de Police  \n7/9, boulevard du Palais - 75195 PARIS RP  \n \n- ou de former un RECOURS HIERARCHIQUE  \n  aupr\u00e8s du Ministre de l'int\u00e9rieur et des outre-me r  \n  Direction des libert\u00e9s publiques et des affaires juridiques  \n  place Beauvau - 75008 PARIS  \n \n- soit de saisir d'un RECOURS CONTENTIEUX  \nle Tribunal administratif comp\u00e9tent  \n \n \nAucune de ces voies et recours ne suspend l'applica tion de la pr\u00e9sente d\u00e9cision.  \n \nLes recours GRACIEUX et HIERARCHIQUE doivent \u00eatre \u00e9 crits, exposer les arguments ou faits nouveaux \net comprendre la copie de la d\u00e9cision contest\u00e9e.  \n \nLe recours contentieux, qui vise \u00e0 contester la LEG ALITE de la pr\u00e9sente d\u00e9cision, doit \u00e9galement \u00eatre \n\u00e9crit et exposer votre argumentation juridique.  \n \nSi vous n'aviez pas de r\u00e9ponse \u00e0 votre recours GRAC IEUX ou HIERARCHIQUE dans un d\u00e9lai de deux \nmois \u00e0 compter de la r\u00e9ception de votre recours par  l'administration, votre demande devra \u00eatre \nconsid\u00e9r\u00e9e comme rejet\u00e9e (d\u00e9cision implicite de rej et). \n \nEn cas de rejet des RECOURS GRACIEUX ou HIERARCHIQU E, le Tribunal administratif peut \u00eatre saisi \nd'un recours contentieux dans le d\u00e9lai de deux mois  \u00e0 compter de la date de la d\u00e9cision de rejet.  \n Pr\u00e9fecture de Police - 75-2023-07-02-00001 - ARRETE N\u00b0 2023-00773 autorisant la captation, l\u25a1enregistrement et la transmission\nd\u25a1images au moyen de cam\u00e9ras install\u00e9es sur des a\u00e9ronefs afin de pr\u00e9venir les atteintes \u00e0 la s\u00e9curit\u00e9 et aux biens \u00e0 Paris centre du\ndimanche 2 juillet 2023 \u00e0 18h00 au lundi 3 juillet 2023 \u00e0 06h0029","date":"2023-07-03","first_seen_on":"2024-10-02T17:18:27+00:00","id":"7cdb63d76dd1f160156209be209d2477b05bf490ea75d9988a003c1acbe3ddad","name":"recueil-75-2023-362-recueil-des-actes-administratifs-special","pdf_creation_date":"2023-07-03T14:32:24+00:00","pdf_modification_date":null,"timezone":"Europe/Paris","url":"https://www.prefectures-regions.gouv.fr/ile-de-france/irecontenu/telechargement/107146/677968/file/recueil-75-2023-362-recueil-des-actes-administratifs-special.pdf"}
