{"administration":"prefidf","administration_name":"Pr\u00e9fecture de la r\u00e9gion \u00cele-de-France","content":"PREFECTURE\nREGION ILE DE\nFRANCE\nRECUEIL DES ACTES\nADMINISTRATIFS SP\u00c9CIAL\n(NOMINATIFS)\nN\u00b0IDF-025-2025-10\nPUBLI\u00c9 LE  9 OCTOBRE 2025\nSommaire\nAgence R\u00e9gionale de Sant\u00e9 / Direction de la D\u00e9mocratie en Sant\u00e9 et\nde la Communication-D\u00e9mocratie Sanitaire\nIDF-2025-10-09-00009 - Arr\u00eat\u00e9 n\u00b02025/31 modifiant la composition de\nla Commission Sp\u00e9cialis\u00e9e pour les prises en charge et\naccompagnements m\u00e9dico-sociaux de la Conf\u00e9rence R\u00e9gionale de la\nSant\u00e9 et de l'Autonomie d'\u00cele-de-France (7 pages) Page 3\nAgence R\u00e9gionale de Sant\u00e9  - D\u00e9l\u00e9gation D\u00e9partementale de la\nSeine Saint-Denis /  D\u00e9partement Territoires - Parcours de soins\nIDF-2025-10-06-00006 - Arr\u00eat\u00e9 conjoint n\u00b0 ARS/DD93-DOS-2025/3978\ndu 6 octobre 2025 portant modification de l'arr\u00eat\u00e9 N\u00b0 DD93-\nDOS-2025/ 3565 du 29 juillet 2025\nfixant le renouvellement de la\ncomposition du comit\u00e9 d\u00e9partemental\nde l'aide m\u00e9dicale\nurgente, de la permanence des soins\net des transports sanitaires\n(CODAMUPS-TS) (6 pages) Page 11\nDirection r\u00e9gionale et interd\u00e9partementale de l'\u00e9conomie, de l'emploi,\ndu travail et des solidarit\u00e9s d'\u00cele-de-France / secr\u00e9tariat de direction\nIDF-2025-10-09-00008 - D\u00e9cision n\u00b0 2025-193 du 9 octobre\n2025\nAbrogeant la d\u00e9signation de Mme Johana BERTHAU pour assurer\nles fonctions de directrice d\u00e9partementale de l'emploi, du travail et\ndes solidarit\u00e9s par int\u00e9rim du Val d'Oise pour l'exercice des\nmissions relatives au syst\u00e8me d'inspection et de la l\u00e9gislation du\ntravail (2 pages) Page 18\n2\nAgence R\u00e9gionale de Sant\u00e9\nIDF-2025-10-09-00009\nArr\u00eat\u00e9 n\u00b02025/31 modifiant la composition de la\nCommission Sp\u00e9cialis\u00e9e pour les prises en charge\net accompagnements m\u00e9dico-sociaux de la\nConf\u00e9rence R\u00e9gionale de la Sant\u00e9 et de\nl'Autonomie d'\u00cele-de-France\nAgence R\u00e9gionale de Sant\u00e9 - IDF-2025-10-09-00009 - Arr\u00eat\u00e9 n\u00b02025/31 modifiant la composition de la Commission Sp\u00e9cialis\u00e9e pour les\nprises en charge et accompagnements m\u00e9dico-sociaux de la Conf\u00e9rence R\u00e9gionale de la Sant\u00e9 et de l'Autonomie d'\u00cele-de-France 3\nREPUBLIQUEFRANCAISELibert\u00e9Egalit\u00e9Fraternit\u00e9\ne \u00bb Agence R\u00e9gionale de Sant\u00e9Ile-de-France\n \n \n1 \n \n        \n \n \nAGENCE R\u00c9GIONALE DE SANT\u00c9 \u00ceLE-DE-FRANCE \nARR\u00caT\u00c9 N\u00b02025/31 \nArr\u00eat\u00e9 modifiant la composition de la Commission Sp\u00e9cialis\u00e9e pour les prises en charge et \naccompagnements m\u00e9dico-sociaux de la                                                                                          \nConf\u00e9rence R\u00e9gionale de la Sant\u00e9 et de l'Autonomie d'\u00cele-de-France \nLE DIRECTEUR G\u00c9N\u00c9RAL DE L'AGENCE R\u00c9GIONALE DE SANT\u00c9 \u00ceLE-DE-FRANCE \nVU Le code de la sant\u00e9 publique et notamment les articles L.1432-4, D.1432-28 \u00e0 D.1432-53  \nVU Le d\u00e9cret du 10 avril 2024 portant nomination de Monsieur Denis ROBIN, Directeur g\u00e9n\u00e9ral de \nl'Agence r\u00e9gionale de sant\u00e9 d'\u00cele-de-France, \u00e0 compter du 29 avril 2024 ; \nVU   L'arr\u00eat\u00e9 n\u00b0 27/2021 du 1er octobre 2021 fixant la liste des membres de la Conf\u00e9rence R\u00e9gionale \nde la Sant\u00e9 et de l'Autonomie d'\u00cele-de-France ; \nVU L'arr\u00eat\u00e9 n\u00b0 2024/11 modifi\u00e9 du 29 f\u00e9vrier 2024 relatif \u00e0 la Commission Sp\u00e9cialis\u00e9e pour les \nprises en charge et accompagnement m\u00e9dico-sociaux de la Conf\u00e9rence R\u00e9gionale de la Sant\u00e9 \net de l'Autonomie d'\u00cele-de-France ; \nVU L'arr\u00eat\u00e9 DS n\u00b0104/2024 du 18 juin 2024 portant d\u00e9l\u00e9gation \u00e0 Madame Marion BOUGEARD, \nDirectrice de la d\u00e9mocratie en sant\u00e9 et de la communication de l'Agence R\u00e9gionale de Sant\u00e9 \n\u00cele-de-France ; \nVU L'arr\u00eat\u00e9 n\u00b02025/34 du 8 octobre 2025 modifiant la liste des membres de la conf\u00e9rence \nr\u00e9gionale de la sant\u00e9 et de l'autonomie d'\u00cele-de-France \n \nVU Les d\u00e9signations : \n Au sein du coll\u00e8ge 5 \u00ab acteurs de la coh\u00e9sion et de la protection sociales \u00bb  \n- Au titre des association s \u0153uvrant dans le champ de la lutte contre la pr\u00e9carit\u00e9 de  \nMadame Gwe na\u00eblle MORVAN ( Emma\u00fcs Solidarit\u00e9) en tant que titulaire en \nremplacement de Monsieur Bruno MOREL  \nAu sein du coll\u00e8ge 6 \u00ab offreurs des services de sant\u00e9 \u00bb \n- Au titre des personnes morales gestionnaires d'institutions accueillant des personnes \nhandicap\u00e9es de Monsieur Romain DELMAS \u2013 URIOPSS IDF (Association Caritas) \nen tant que titulaire  en remplacement de Madame  Annabelle ZIMMERMANN et de \nMonsieur Eric d'ALEN\u00c7ON URIOPSS IDF (Fondation Partage et Vie ) en tant que \nsuppl\u00e9ant. \n \n- Au titre des repr\u00e9sentants des personnes morales gestionnaires d'institutions \naccueillant des personnes \u00e2g\u00e9es  de Madame Romy LASSERRE  SAINT MAURICE, \nDirectrice EPHAD P\u00e9an (SYNERPA)  en tant que titulaire en remplacement de \nMonsieur Bernard FOUSSAT et de Monsieur Eddy CHENAF , Directeur g\u00e9n\u00e9ral \nEHPAD Solemnes. (SYNERPA) en tant que suppl\u00e9ant en remplacement de Madame \nRomy LASSERRE SAINT MAURICE. \nAgence R\u00e9gionale de Sant\u00e9 - IDF-2025-10-09-00009 - Arr\u00eat\u00e9 n\u00b02025/31 modifiant la composition de la Commission Sp\u00e9cialis\u00e9e pour les\nprises en charge et accompagnements m\u00e9dico-sociaux de la Conf\u00e9rence R\u00e9gionale de la Sant\u00e9 et de l'Autonomie d'\u00cele-de-France 4\nsig\n \nPage 2 sur 7 \n \nAu sein du coll\u00e8ge 7 \u00ab membres issus de la commission sp\u00e9cialis\u00e9e pour l'organisation \ndes soins \u00bb :  \n- Au titre des \u00e9tablissements priv\u00e9s de sant\u00e9 \u00e0 but lucratif, de Madame H\u00e9l\u00e9na KISLER-\nELKOUBY (FHP IDF)  en tant que titulaire et de Madame Dominique BOULANGE \n(FHP IDF) en tant que suppl\u00e9ante ; \n \n \nARR\u00caT\u00c9 \n \n \nARTICLE 1er : La composition de la Commission sp\u00e9cialis\u00e9e pour les prises en charge et \naccompagnements m\u00e9dico -sociaux de la conf\u00e9rence r\u00e9gionale de la sant\u00e9 et de \nl'autonomie d'Ile-de-France est fix\u00e9e de la mani\u00e8re figurant en annexe du pr\u00e9sent \narr\u00eat\u00e9. \n \n \nARTICLE 2 : Un recours contre le pr\u00e9sent arr\u00eat\u00e9 peut \u00eatre form\u00e9 aupr\u00e8s du tribunal administratif \nde Paris dans un d\u00e9lai de deux mois \u00e0 compter de sa notification. A l'\u00e9gard des tiers, \nces d\u00e9lais courent \u00e0 compter de la date de publication de la d\u00e9cision au recueil des  \nactes administratifs de la pr\u00e9fecture de la r\u00e9gion d'\u00cele-de-France. \n \n \nARTICLE 3 :  Le Directeur g\u00e9n\u00e9ral est charg\u00e9 de l'ex\u00e9cution du pr\u00e9sent arr\u00eat\u00e9, qui sera publi\u00e9 au \nRecueil des actes administratifs de la pr\u00e9fecture de r\u00e9gion. \n \n \n \nFait \u00e0 Saint-Denis, le 9 octobre 2025 \n \nLe Directeur g\u00e9n\u00e9ral \nde l'Agence r\u00e9gionale  \nde sant\u00e9 \u00cele-de-France \n                                                      \nDenis ROBIN \nPar d\u00e9l\u00e9gation,  \n \n \n \nCorentine NEPPEL  \nDirectrice adjointe en charge de la \nd\u00e9mocratie en sant\u00e9  \nDirection de la d\u00e9mocratie en sant\u00e9 \net de la communication - DESCOM  \n  \nAgence R\u00e9gionale de Sant\u00e9 - IDF-2025-10-09-00009 - Arr\u00eat\u00e9 n\u00b02025/31 modifiant la composition de la Commission Sp\u00e9cialis\u00e9e pour les\nprises en charge et accompagnements m\u00e9dico-sociaux de la Conf\u00e9rence R\u00e9gionale de la Sant\u00e9 et de l'Autonomie d'\u00cele-de-France 5\n \nPage 3 sur 7 \n \n \nANNEXE \n \nComposition de la Commission sp\u00e9cialis\u00e9e pour les prises en charge et \naccompagnements m\u00e9dico-sociaux de la Conf\u00e9rence r\u00e9gionale de la Sant\u00e9 et de \nl'Autonomie d'\u00cele-de-France \n \nLe premier coll\u00e8ge est compos\u00e9 de repr\u00e9sentants des collectivit\u00e9s territoriales, des communes \net groupements de communes. Il comprend 5 membres :  \n \nTitulaires Suppl\u00e9ants \nMadame Anne GBIORCZYK,  vice-pr\u00e9sidente du \nConseil d\u00e9partemental de Seine -et-Marne, en \ncharge de l'enfance, de la famille et de la pr\u00e9sence \nm\u00e9dicale  \nMonsieur Bernard COZIC , vice-pr\u00e9sident du \nConseil d\u00e9partemental de Seine -et-Marne en \ncharge des solidarit\u00e9s \nMadame V\u00e9ronique VEAU, vice-pr\u00e9sidente du \nConseil d\u00e9partemental de Seine -et-Marne, en \ncharge de la culture et du patrimoine.  \nMadame Cendrine CHAUMONT, conseill\u00e8re \nd\u00e9partementale de l'Essonne  \nMadame Marie -Claire CHAMBARET, vice -\npr\u00e9sidente du Conseil d\u00e9partemental de l'Essonne \nen charge de l'autonomie  \n \n \nLe deuxi\u00e8me coll\u00e8ge est compos\u00e9 de repr\u00e9sentants des usagers de services de sant\u00e9 ou \nm\u00e9dico-sociaux. Il comprend 6 membres : \n1) Deux repr\u00e9sentants des associations agr\u00e9\u00e9es au titre de l'article L.1114-1 : \nTitulaires Suppl\u00e9ants \nMonsieur Alain LAFORET  - F\u00e9d\u00e9ration Nationale \ndes associations de retrait\u00e9s (FNAR) \nMadame Fran\u00e7oise PIQUE LE CUN - UFC QUE \nCHOISIR \nMadame Diane PAOLO - URAF IDF \nMadame Fran\u00e7oise FORET  - Association des \nfamilles de traumatis\u00e9s cr\u00e2niens et des c\u00e9r\u00e9bro -\nl\u00e9s\u00e9s \nMadame Mich\u00e8le DE PREAUDET - Association \ndes familles de traumatis\u00e9s cr\u00e2niens et des \nc\u00e9r\u00e9bro-l\u00e9s\u00e9s \nMadame Affou\u00e9 Diane GOLI - APF France \nHandicap \n \n2) Deux repr\u00e9sentants des associations de retrait\u00e9s et personnes \u00e2g\u00e9es : \nTitulaires Suppl\u00e9ants \n \nEn attente de d\u00e9signation  \n \nEn attente de d\u00e9signation  \nAgence R\u00e9gionale de Sant\u00e9 - IDF-2025-10-09-00009 - Arr\u00eat\u00e9 n\u00b02025/31 modifiant la composition de la Commission Sp\u00e9cialis\u00e9e pour les\nprises en charge et accompagnements m\u00e9dico-sociaux de la Conf\u00e9rence R\u00e9gionale de la Sant\u00e9 et de l'Autonomie d'\u00cele-de-France 6\n \nPage 4 sur 7 \n \nMadame Monique ZANATTA - CDCA 92 \nMonsieur Fran\u00e7ois CHARLES - CDCA 92 \nMadame Christine MANUEL - CDCA 94 \n \n \n3) Deux repr\u00e9sentants des associations de personnes handicap\u00e9es : \nTitulaires Suppl\u00e9ants \nMonsieur S\u00e9bastien LEGOFF - CDCA 91 En attente de d\u00e9signation \nEn attente de d\u00e9signation Monsieur Damien GUER - CDCA 77 \n \nLe 3\u00e8me coll\u00e8ge est compos\u00e9 de repr\u00e9sentants des  conseils territoriaux de sant\u00e9 . Il comprend \nun membre :  \nTitulaires Suppl\u00e9ants \nEn attente de d\u00e9signation En attente de d\u00e9signation \n \nLe 4\u00e8me coll\u00e8ge est compos\u00e9 de partenaires sociaux. Il comprend 4 membres.  \n1) Un repr\u00e9sentant des organisations syndicales de salari\u00e9s : \nTitulaires Suppl\u00e9ants \nMadame Isabelle CAYLA - CFDT IDF \nMonsieur Philippe PATRY - CFDT IDF \nMadame Gwena\u00eblle YVINEC - CFDT IDF \n \n2) Un repr\u00e9sentant des organisations syndicales d'employeurs : \nTitulaires Suppl\u00e9ants \nMadame Martine GUIBERT - CPME Ile-de-France \nMadame H\u00e9l\u00e8ne REQUI \nMadame Evelyne GUFFENS \n \n  \nAgence R\u00e9gionale de Sant\u00e9 - IDF-2025-10-09-00009 - Arr\u00eat\u00e9 n\u00b02025/31 modifiant la composition de la Commission Sp\u00e9cialis\u00e9e pour les\nprises en charge et accompagnements m\u00e9dico-sociaux de la Conf\u00e9rence R\u00e9gionale de la Sant\u00e9 et de l'Autonomie d'\u00cele-de-France 7\n \nPage 5 sur 7 \n \n \n3) Un repr\u00e9sentant des organisations syndicales des artisans, des commer\u00e7ants et des \nprofessions lib\u00e9rales :  \nTitulaires Suppl\u00e9ants \nEn attente de d\u00e9signation En attente de d\u00e9signation \n4) Un repr\u00e9sentant des organisations syndicales repr\u00e9sentatives des exploitants \nagricoles :  \nTitulaires Suppl\u00e9ants \nEn attente de d\u00e9signation En attente de d\u00e9signation \n \nLe 5\u00e8me coll\u00e8ge est compos\u00e9 d'acteurs de la coh\u00e9sion et de la protection sociales. Il comprend \n2 membres : \n1) Un repr\u00e9sentant au titre de la coh\u00e9sion sociale :  \nTitulaires Suppl\u00e9ants \nGWENA\u00cbLLE MORVAN \u2013 Emma\u00fbs Solidarit\u00e9 \n \nMadame B\u00e9rang\u00e8re GRISONI - Collectif \u00ab  Les \nmorts de la rue \u00bb \nMadame Maritsa ANASTASIOU - Association \nCARITAS \n \n2)     Un repr\u00e9sentant de la Mutualit\u00e9 Fran\u00e7aise : \nTitulaires Suppl\u00e9ants \nMonsieur Aldino IZZI , Mutualit\u00e9 Fran\u00e7aise IDF \nMonsieur Philippe HEDIN, Pr\u00e9sident de l'Union \ndes Mutuelles co-g\u00e9r\u00e9es-social \nMadame Carole DECHAMPS - Mutualit\u00e9 \nFran\u00e7aise \n \n  \nAgence R\u00e9gionale de Sant\u00e9 - IDF-2025-10-09-00009 - Arr\u00eat\u00e9 n\u00b02025/31 modifiant la composition de la Commission Sp\u00e9cialis\u00e9e pour les\nprises en charge et accompagnements m\u00e9dico-sociaux de la Conf\u00e9rence R\u00e9gionale de la Sant\u00e9 et de l'Autonomie d'\u00cele-de-France 8\n \nPage 6 sur 7 \n \n \nLe 6\u00e8me coll\u00e8ge est compos\u00e9 d'offreurs des services de sant\u00e9. Il comprend 12 membres :  \n \n1) Quatre repr\u00e9sentants des personnes morales gestionnaires d'institutions accueillant des \npersonnes handicap\u00e9es : \n \nTitulaires \nSuppl\u00e9ants \n \nM. Romain DELMAS \u2013 URIOPSS IDF (Association \nCaritas) \nMonsieur Eric d' 'ALEN\u00c7ON - URIOPSS IDF \n(Fondation Partage et Vie) \nMonsieur S\u00e9bastien PAUTASSO -CHADOUTAUD \n- URIOPSS IDF \n(Fondation Ellen Poidatz) \nEn attente de d\u00e9signation En attente de d\u00e9signation \n \nMadame C\u00e9line LAMOUR - NEXEM Monsieur Jean-Fran\u00e7ois GEY - NEXEM \nEn attente de d\u00e9signation \n \nEn attente de d\u00e9signation  \nMadame Catherine HARPEY - Union R\u00e9gionale \ndes associations de parents et amis de personnes \nhandicap\u00e9es mentales (URAPEI) \n En attente de d\u00e9signation \n \n \n2) Quatre repr\u00e9sentants des personnes morales gestionnaires d'institutions accueillant des \npersonnes \u00e2g\u00e9es : \nTitulaires Suppl\u00e9ants \nMadame Romy LASSERRE SAINT MAURICE, \nDirectrice EHPAD P\u00e9an (SYNERPA)  \nMonsieur Eddy CHENAF, Directeur g\u00e9n\u00e9ral \nEHPAD Solemnes. (SYNERPA)  \n Monsieur Marc LAVAUD, vice -pr\u00e9sident de \nl'association ACEP et Gestionnaire de l'EPHAD le \nPatio (FNAQPA) \nMonsieur Emmanuel SYS, Directeur du GCSMS \nLes EHPAD Publics du Val de Marne (FHF) \nMadame Claire DAVY, Direction de la strat\u00e9gie et \nde la Transformation AP-HP \nMadame Audrey VATAN, D irectrice adjointe , \nDirection Commune Fondation Aulagnier et Ehpad \nLes Marronniers (FHF) \nMonsieur Louis MATIAS, Directeur de la Maison \nFerrari (FEHAP IDF) \nMadame Sophie VILLEDIEU - Fondation L\u00e9opold \nBELLAN FEHAP IDF \nAgence R\u00e9gionale de Sant\u00e9 - IDF-2025-10-09-00009 - Arr\u00eat\u00e9 n\u00b02025/31 modifiant la composition de la Commission Sp\u00e9cialis\u00e9e pour les\nprises en charge et accompagnements m\u00e9dico-sociaux de la Conf\u00e9rence R\u00e9gionale de la Sant\u00e9 et de l'Autonomie d'\u00cele-de-France 9\n \nPage 7 sur 7 \n \nMadame Marie DEROY, Charg\u00e9e de mission \nFEHAP \u00cele de France \nMadame Claire PARDOEN - URIOPSS IDF \nMadame Charlotte LEBRUN - URIOPSS IDF \nMadame Brigitte VIGROUX - URIOPSS IDF \n \n3) Un repr\u00e9sentant des personnes morales gestionnaires d'institutions accueillant des \npersonnes en difficult\u00e9s sociales : \nTitulaires Suppl\u00e9ants \nMonsieur Eric LEMERCIER, Directeur \nd'\u00e9tablissements (Groupe SOS) \nMadame Catherine DELORME, D\u00e9l\u00e9gu\u00e9e \nr\u00e9gionale IDF de la F\u00e9d\u00e9ration Addictions (FA) et \nDirectrice du Trait d'Union - Oppelia (92) \nMonsieur Denis JOUTEAU, D\u00e9l\u00e9gu\u00e9 r\u00e9gional \nF\u00e9d\u00e9ration Addictions  \n \n4) Un membre des unions r\u00e9gionales des professionnels de sant\u00e9 :  \nTitulaires Suppl\u00e9ants \nDocteur Nathalie LEROY, Secr\u00e9taire g\u00e9n\u00e9rale \nURPS m\u00e9decins lib\u00e9raux IDF \nDocteur Laurent DE BASTARD, CROM IDF \nDocteur Abraham SABBAH, CROM IDF \n \n \nLe 7 \u00e8me coll\u00e8ge est compos\u00e9 de  deux membres issus de la commission sp\u00e9cialis\u00e9e pour \nl'organisation des soins :  \nTitulaires Suppl\u00e9ants \nMadame Helena KISLER -ELKOUBY, D\u00e9l\u00e9gu\u00e9e \ng\u00e9n\u00e9rale (FHP IDF) \nMonsieur Patrick SERRIERE, pr\u00e9sident de la \nF\u00e9d\u00e9ration Hospitali\u00e8re Priv\u00e9e (FHP IDF) \nMadame Dominique BOULANGE, Pr\u00e9sidente \ndu centre m\u00e9dico - chirurgical Ambroise Par\u00e9, \nPierre CHEREST et HARTMANN (92) (FHP IDF) \nMonsieur Jos\u00e9 ALVAREZ - Union R\u00e9gionale \u00cele -de-\nFrance CFE-CGC \nMadame Marie Laurence BONMARCHAND \nMadame Bettina KEMPF \n \n \nAgence R\u00e9gionale de Sant\u00e9 - IDF-2025-10-09-00009 - Arr\u00eat\u00e9 n\u00b02025/31 modifiant la composition de la Commission Sp\u00e9cialis\u00e9e pour les\nprises en charge et accompagnements m\u00e9dico-sociaux de la Conf\u00e9rence R\u00e9gionale de la Sant\u00e9 et de l'Autonomie d'\u00cele-de-France 10\nAgence R\u00e9gionale de Sant\u00e9  - D\u00e9l\u00e9gation\nD\u00e9partementale de la Seine Saint-Denis\nIDF-2025-10-06-00006\nArr\u00eat\u00e9 conjoint n\u00b0 ARS/DD93-DOS-2025/3978 du\n6 octobre 2025 portant modification de l'arr\u00eat\u00e9\nN\u00b0 DD93- DOS-2025/ 3565 du 29 juillet 2025\nfixant le renouvellement de la composition du\ncomit\u00e9 d\u00e9partemental\nde l'aide m\u00e9dicale urgente, de la permanence\ndes soins\net des transports sanitaires (CODAMUPS-TS)\nAgence R\u00e9gionale de Sant\u00e9  - D\u00e9l\u00e9gation D\u00e9partementale de la Seine Saint-Denis - IDF-2025-10-06-00006 - Arr\u00eat\u00e9 conjoint n\u00b0\nARS/DD93-DOS-2025/3978 du 6 octobre 2025 portant modification de l'arr\u00eat\u00e9 N\u00b0 DD93- DOS-2025/ 3565 du 29 juillet 2025\nfixant le renouvellement de la composition du comit\u00e9 d\u00e9partemental\nde l'aide m\u00e9dicale urgente, de la permanence des soins\net des transports sanitaires (CODAMUPS-TS)\n11\nREPUBLIQUEFRAN\u00c7AISELibert\u00e9\u00c9galit\u00e9Fraternit\u00e9\nAl\u00a9 D Agence Regionalede Sant\u00e9\u00cele-de-France\n    \n \n  \n \n \n \n \n \n \n \n \n \nARRETE CONJOINT N\u00b0 ARS/DD93-DOS-2025/3978 \nportant modification de l'arr\u00eat\u00e9 N\u00b0 DD93- DOS-2025/ 3565 du 29 juillet 2025 \nfixant le renouvellement de la composition du comit\u00e9 d\u00e9partemental  \nde l'aide m\u00e9dicale urgente, de la permanence des soins  \net des transports sanitaires (CODAMUPS-TS) \n \n \nLE PREFET DU DEPARTEMENT DE LA SEINE-SAINT-DENIS \nOfficier de la L\u00e9gion d'honneur - Commandeur de l'ordre national du M\u00e9rite \n \nLE DIRECTEUR GENERAL DE L'AGENCE REGIONALE DE SANTE \nILE-DE-FRANCE \n \n \n \nVU le code de la sant\u00e9 publique, et notamment ses articles L. 1435-5 et L.6314-1, R. 6313 et suivants ; \n \nVU le d\u00e9cret n\u00b0 2015 -626 du 5 juin 2015  renouvelant certaines commissions administratives \u00e0 \ncaract\u00e8re consultatif relevant du minist\u00e8re des affaires sociales, de la sant\u00e9 et des droits des \nfemmes ; \n \nVU le d\u00e9cret du Pr\u00e9sident de la R\u00e9publique du 06 novembre 2024 portant nomination du pr\u00e9fet de la \nSeine-Saint-Denis - M. CHARLES (Julien) ; \n \nVU le d\u00e9cret du 10 avril 2024 portant nomination de Monsieur Denis ROBIN, directeur g\u00e9n\u00e9ral de \nl'agence r\u00e9gionale de sant\u00e9 Ile-de-France \u00e0 compter du 29 avril 2024 ;  \n \nVu l'arr\u00eat\u00e9 N\u00b0 DS 014/2025 du 12 juin 2025 de Monsieur le directeur g\u00e9n\u00e9ral de l'agence r\u00e9gionale de \nsant\u00e9 Ile-de-France portant d\u00e9l\u00e9gation de signature \u00e0 Madame Emmanuelle LATOUR, directrice de \nla d\u00e9l\u00e9gation d\u00e9partementale de la Seine-Saint-Denis ; \n \nVU l'arr\u00eat\u00e9 conjoint N\u00b0 DD93-DOS-2025/3565 du 29 juillet 2025  portant modification de l'arr\u00eat\u00e9  N\u00b0 \nDD93- DOS-2023/4503 du 23 novembre 2023  fixant la composition du comit\u00e9 d\u00e9partemental de \nl'aide m\u00e9dicale urgente, de la permanence des soins et des transports sanitaires (CODAMUPS -\nTS) ; \n \nCONSIDERANT les candidatures propos\u00e9es conform\u00e9ment aux dispositions de l'article  \nR. 6313-1-1 du Code de la sant\u00e9 publique ; \n \n \n \nARRETENT \n \nARTICLE 1er :  \n \nL'arr\u00eat\u00e9 conjoint n\u00b0  DD93-DOS-2025 /3565 du 29 juillet 2025  fixant la composition du comit\u00e9 \nd\u00e9partemental de l'aide m\u00e9dicale urgente, de la permanence des soins et des transports sanitaires de \nla Seine-Saint-Denis (CODAMUPS-TS) est modifi\u00e9 comme suit : \n \n \nAgence r\u00e9gionale de sant\u00e9 Ile-de-France \nD\u00e9l\u00e9gation d\u00e9partementale de la Seine-Saint-Denis \nAgence R\u00e9gionale de Sant\u00e9  - D\u00e9l\u00e9gation D\u00e9partementale de la Seine Saint-Denis - IDF-2025-10-06-00006 - Arr\u00eat\u00e9 conjoint n\u00b0\nARS/DD93-DOS-2025/3978 du 6 octobre 2025 portant modification de l'arr\u00eat\u00e9 N\u00b0 DD93- DOS-2025/ 3565 du 29 juillet 2025\nfixant le renouvellement de la composition du comit\u00e9 d\u00e9partemental\nde l'aide m\u00e9dicale urgente, de la permanence des soins\net des transports sanitaires (CODAMUPS-TS)\n12\n \n \n \n1\u00b0) Repr\u00e9sentants des collectivit\u00e9s territoriales : \n \na) Une conseill\u00e8re d\u00e9partementale \n \nTitulaire : Mme Magalie THIBAULT \nSuppl\u00e9ante : Mme Za\u00efnaba SA\u00cfD-ANZUM \n \n \nb) Deux maires d\u00e9sign\u00e9s par l'association d\u00e9partementale des maires  \n \nM. Quentin GESELL, maire de Dugny \nM. Stephen HERVE, maire de Bondy \n \nSuppl\u00e9ante  \nMme Marylin VAUBAN, adjointe au maire de Villepinte \n \n \n2\u00b0) Partenaires de l'aide m\u00e9dicale d'urgence : \n \na) M\u00e9decin responsable du service d'aide m\u00e9dicale urgente (SAMU93) \n \nTitulaire : Pre Anne-Laure FERAL-PIERSSENS \nSuppl\u00e9ant : Dr Fran\u00e7ois-Pierre AUFFREDOU \n \nM\u00e9decin responsable de structure mobile d'urgence et de r\u00e9animation (SMUR) \n \nTitulaire : Dr Brigitte HENNEQUIN \nSuppl\u00e9ant : Non d\u00e9sign\u00e9 \n \nb) Directeur d'\u00e9tablissement public de sant\u00e9 dot\u00e9 de moyens mobiles de secours et de soins \nd'urgence \n \nTitulaire : Mme Marie-C\u00e9cile PONCET \nSuppl\u00e9ant : Mme Yolande DI-NATALE \n \nc) Le pr\u00e9sident du conseil d'administration du service d'incendie et de secours \n \nNon concern\u00e9 \n \nd) Le g\u00e9n\u00e9ral commandant la brigade de sapeurs-pompiers de Paris ou son repr\u00e9sentant \n \nG\u00e9n\u00e9ral Arnaud de CACQUERAY \n \ne) Le m\u00e9decin chef de la brigade de sapeurs-pompiers de Paris ou son repr\u00e9sentant \n \nTitulaire : Dr Marylin FRANCHIN \nSuppl\u00e9ant : Dr Breysse GUILLAUME \n \nf) Officier de la brigade de sapeurs-pompiers de Paris ou son repr\u00e9sentant \n \nTitulaire : Lieutenant-colonel Stanislas DURRANDE \nSuppl\u00e9ant : Lieutenant-colonel Beno\u00eet DE LA FOLLY DE JOUX \n \n \n3\u00b0) Membres nomm\u00e9s sur proposition des organismes qu'ils repr\u00e9sentent  \n \na) M\u00e9decin repr\u00e9sentant le Conseil de l'ordre des m\u00e9decins  \n \nTitulaire : Dr Jean-Luc FONTENOY  \nSuppl\u00e9ant : Dr Dominique BLONDEL  \nAgence R\u00e9gionale de Sant\u00e9  - D\u00e9l\u00e9gation D\u00e9partementale de la Seine Saint-Denis - IDF-2025-10-06-00006 - Arr\u00eat\u00e9 conjoint n\u00b0\nARS/DD93-DOS-2025/3978 du 6 octobre 2025 portant modification de l'arr\u00eat\u00e9 N\u00b0 DD93- DOS-2025/ 3565 du 29 juillet 2025\nfixant le renouvellement de la composition du comit\u00e9 d\u00e9partemental\nde l'aide m\u00e9dicale urgente, de la permanence des soins\net des transports sanitaires (CODAMUPS-TS)\n13\n \n \n \nb) Quatre m\u00e9decins de l'Union r\u00e9gionale des professionnels de sant\u00e9 (URPS)  \n \nTitulaires :  \nDr Mardoche SEBBAG \nDr Benoit LABENNE \nDr Ka\u00efs SLAMA \nDr Patrick LAUGAREIL \n \nSuppl\u00e9ants :  \nNon d\u00e9sign\u00e9s \n \nc) Repr\u00e9sentant du conseil de la d\u00e9l\u00e9gation d\u00e9partementale de la Croix rouge fran\u00e7aise  \n \nTitulaire : Dr Jean-Marc AGOSTINUCCI \nSuppl\u00e9ante : Mme Laetitia LASFAR \n \nd) Deux Praticiens Hospitaliers propos\u00e9s par les deux organisations les plus repr\u00e9sentatives au \nplan national des m\u00e9decins exer\u00e7ant dans les structures des urgences hospitali\u00e8res \n \nTitulaires :  \nDr Sheila GASMI  \nDr Christophe PRUDHOMME (AMUHF) \n \nSuppl\u00e9ants :  \nNon d\u00e9sign\u00e9 \nDr Jacques METZGER (AMUF) \n \ne) M\u00e9decin propos\u00e9 par l'organisation la plus repr\u00e9sentative au niveau national des m\u00e9decins \nexer\u00e7ant dans les structures de m\u00e9decine d'urgence des \u00e9tablissements priv\u00e9s de sant\u00e9 \n \nTitulaire : En cours de d\u00e9signation \nSuppl\u00e9ant : En cours de d\u00e9signation \n \nf) Un repr\u00e9sentant de chaque association de la permanence des soins du d\u00e9partement \n \nTitulaires : \nDr Georges HUA (PS 93) \nDr Djamel BOUYACOUB (SUR 93) \nDr Bruno LEVOLLANT (PDS dentaire 93) \nDr Jean-Marc AYDIN (MMG Noisy-le-Sec) \nDr Yassine HILAL (MMG Bobigny-Makeba) \nDr Najib LAGHMARI (MMG Montfermeil) \nDr Bernard BENCHIMOL (MMG Rosny-sous-Bois) \nDr Ahmed KARAMI (MMG Aulnay-sous-Bois) \nDr Jacques DAVID (MMG Bobigny-Drancy) \nDr Dehbia CHERIF (MMG Saint-Denis) \nDr Herv\u00e9 SARFATI (MMG Montreuil) \nDr Georges SIAVELLIS (MMG Bondy-Jean Verdier) \nDr Rachid TALBI (PFG Epinay-sur-Seine) \n \nSuppl\u00e9ants :  \nNon d\u00e9sign\u00e9 (PS 93) \nNon d\u00e9sign\u00e9 (SUR 93) \nDr DAO St\u00e9phanie (PDS dentaire 93) \nDr Jo\u00ebl BLANCHE (MMG Noisy-le-Sec) \nDr Ouarda SBIYBI (MMG Bobigny-Makeba) \nNon d\u00e9sign\u00e9 (MMG Montfermeil) \nDr Matthias MICAELLI (MMG Rosny-sous-Bois) \nDr Paule COZZI (MMG Aulnay-sous-bois) \n \nAgence R\u00e9gionale de Sant\u00e9  - D\u00e9l\u00e9gation D\u00e9partementale de la Seine Saint-Denis - IDF-2025-10-06-00006 - Arr\u00eat\u00e9 conjoint n\u00b0\nARS/DD93-DOS-2025/3978 du 6 octobre 2025 portant modification de l'arr\u00eat\u00e9 N\u00b0 DD93- DOS-2025/ 3565 du 29 juillet 2025\nfixant le renouvellement de la composition du comit\u00e9 d\u00e9partemental\nde l'aide m\u00e9dicale urgente, de la permanence des soins\net des transports sanitaires (CODAMUPS-TS)\n14\n \n \n \nDr Pierre STAUDER (MMG Bobigny-Drancy) \nNon d\u00e9sign\u00e9 (MMG Saint-Denis) \nDr Alain LOUISON (MMG Montreuil) \nDr Lahoueri AMOR CHELIHI (MMG Bondy-Jean Verdier) \nNon d\u00e9sign\u00e9 (Garde post\u00e9e Epinay-sur-Seine) \n \ng) Un repr\u00e9sentant de l'organisation la plus repr\u00e9sentative de l'hospitalisation publique \n \nTitulaire : Mme Yolande DI NATALE (FHF) \nSuppl\u00e9ant : M. Jean PINSON (FHF) \n \nh) Un repr\u00e9sentant de chacune des deux organisations d'hospitalisation priv\u00e9e les plus \nrepr\u00e9sentatives au plan d\u00e9partemental, dont un directeur d'\u00e9tablissement de sant\u00e9 priv\u00e9 assurant \ndes transports sanitaires \n \nTitulaires :  \nM. Maxime CARLIER (FHP) \nEn cours de d\u00e9signation (FEHAP) \nSuppl\u00e9ants : \nM. Gorka NOIR (FHP) \nEn cours de d\u00e9signation (FEHAP) \n \ni) Quatre repr\u00e9sentants des organisations professionnelles nationales de transports sanitaires \nles plus repr\u00e9sentatives au plan d\u00e9partemental \n \nTitulaires : \nMme Zineb RALLE (FNAA) \nM. Vincent POMMIER (FNAA) \nM. Mohamed DARA (FNMS) \nM. Maxence JEAN (CNSA) \n \nSuppl\u00e9ants: \nMme Zoubida AIMEE (FNAA) \nM. Alexandre PARIS (FNAA) \nNon d\u00e9sign\u00e9 (FNMS) \nM. Fr\u00e9d\u00e9ric LOUREIRO (CNSA) \n \nj) Un repr\u00e9sentant de l'association d\u00e9partementale de transports sanitaires d'urgence la plus \nrepr\u00e9sentative au plan d\u00e9partemental  \n \nTitulaire : M. Mohamed BENSAID (UTSP) \nSuppl\u00e9ante : Mme Siham BOUDFAR (UTSP) \n \nk) Un repr\u00e9sentant du conseil de l'ordre des pharmaciens \n \nTitulaire : M. Laurent BENICHOU \nSuppl\u00e9ant : non d\u00e9sign\u00e9 \n \nl) Un repr\u00e9sentant de l'Union R\u00e9gionale des Professionnels de Sant\u00e9 (URPS) repr\u00e9sentant les \npharmaciens d'officine \n \nTitulaire : Mme Maud MINGEAU \nSuppl\u00e9ant : Mr David BERREBI \n \n \nm) Un repr\u00e9sentant de l'organisation de pharmaciens d'officine la plus repr\u00e9sentative au plan \nnational \n \nTitulaire : M. Michel BODOKH (FSPF93) \nSuppl\u00e9ant : M. Rudy SMADJA (FSPF93) \nAgence R\u00e9gionale de Sant\u00e9  - D\u00e9l\u00e9gation D\u00e9partementale de la Seine Saint-Denis - IDF-2025-10-06-00006 - Arr\u00eat\u00e9 conjoint n\u00b0\nARS/DD93-DOS-2025/3978 du 6 octobre 2025 portant modification de l'arr\u00eat\u00e9 N\u00b0 DD93- DOS-2025/ 3565 du 29 juillet 2025\nfixant le renouvellement de la composition du comit\u00e9 d\u00e9partemental\nde l'aide m\u00e9dicale urgente, de la permanence des soins\net des transports sanitaires (CODAMUPS-TS)\n15\n \n \n \n \n \nn) Un repr\u00e9sentant du conseil d\u00e9partemental de l'ordre des chirurgiens-dentistes \n \nTitulaire : Dr Martine LEPONT-KORDYL \nSuppl\u00e9ante : Dr Monique MARTY \n \n \no) Un repr\u00e9sentant de l'Union R\u00e9gionale des Professionnels de Sant\u00e9 repr\u00e9sentant les \nchirurgiens-dentistes (URPS) \n \nTitulaire : Dr Samia AMARA \nSuppl\u00e9ant : non d\u00e9sign\u00e9 \n \np) Lorsque le service de sant\u00e9 des arm\u00e9es contribue \u00e0 la permanence des soins ambulatoires \ndans le d\u00e9partement, un repr\u00e9sentant m\u00e9decin du service de sant\u00e9 des arm\u00e9es  \n \nNon concern\u00e9 \n \nq) Un repr\u00e9sentant du conseil d\u00e9partemental ou interd\u00e9partemental de l'ordre des infirmiers  \n \nTitulaire : en cours de d\u00e9signation \nSuppl\u00e9ant : en cours de d\u00e9signation \n \nr) Un repr\u00e9sentant de l'union r\u00e9gionale des professionnels de sant\u00e9 repr\u00e9sentant les infirmiers  \n \nTitulaire : Mr Nicolas LEFORTIER \nSuppl\u00e9ant : Mme Fatima SAID-DAUVERGNE \n \ns) Un repr\u00e9sentant du conseil d\u00e9partemental de l'ordre des sages-femmes  \n \nTitulaire : Mme V\u00e9ronique SIMONNOT \nSuppl\u00e9ant : Non d\u00e9sign\u00e9 \n \nt) Un repr\u00e9sentant de l'union r\u00e9gionale des professionnels de sant\u00e9 repr\u00e9sentant les sages -\nfemmes. \n \nTitulaire : Mme Chlo\u00e9 FILLON \nSuppl\u00e9ant : Non d\u00e9sign\u00e9 \n \n \n4\u00b0) Un repr\u00e9sentant des associations des usagers \n \nTitulaire : M. Lucien BOUIS (UDAF 93) \nSuppl\u00e9ante : Mme Marie-Claude FEINSTEIN (UDAF 93) \n \n \nARTICLE 2 : \n \nLes repr\u00e9sentants des collectivit\u00e9s territoriales sont nomm\u00e9s pour la dur\u00e9e de leur mandat. Les autres \nmembres du comit\u00e9 sont nomm\u00e9s pour une dur\u00e9e de trois ans \u00e0 compter de la publication du pr\u00e9sent \narr\u00eat\u00e9. \n \n \nARTICLE 3 : \n \nLe pr\u00e9sent arr\u00eat\u00e9 peut faire l'objet d'un recours contentieux form\u00e9 devant le tribunal administratif de \nMontreuil sis 7, rue Catherine Puig \u2013 93100 Montreuil-sous-Bois, dans un d\u00e9lai de deux mois, \u00e0 compter \nde sa publication. \n \nAgence R\u00e9gionale de Sant\u00e9  - D\u00e9l\u00e9gation D\u00e9partementale de la Seine Saint-Denis - IDF-2025-10-06-00006 - Arr\u00eat\u00e9 conjoint n\u00b0\nARS/DD93-DOS-2025/3978 du 6 octobre 2025 portant modification de l'arr\u00eat\u00e9 N\u00b0 DD93- DOS-2025/ 3565 du 29 juillet 2025\nfixant le renouvellement de la composition du comit\u00e9 d\u00e9partemental\nde l'aide m\u00e9dicale urgente, de la permanence des soins\net des transports sanitaires (CODAMUPS-TS)\n16\n \n \n \n \n \nARTICLE 4 : \n \nLe pr\u00e9fet du d\u00e9partement de la Seine -Saint-Denis et le directeur g\u00e9n\u00e9ral de l'agence r\u00e9gionale de sant\u00e9 \nd'Ile-de-France sont charg\u00e9s, chacun en ce qui le concerne, de l'ex\u00e9cution du pr\u00e9sent arr\u00eat\u00e9 qui sera \npubli\u00e9 aux recueils des actes administratifs de la r\u00e9gion Ile -de-France et de la pr\u00e9fecture de la Seine -\nSaint-Denis. \n \n \n \n \nFait \u00e0 Saint Denis, le 06/10/2025 \n \n \n       P/le Directeur g\u00e9n\u00e9ral de l'Agence    \n       R\u00e9gionale de sant\u00e9 d'\u00cele-de-France \n \n \nLe pr\u00e9fet de Seine-Saint-Denis   La Directrice de la D\u00e9l\u00e9gation  \n       D\u00e9partementale de Seine-Saint-Denis  \n       De l'agence r\u00e9gionale de sant\u00e9 d'\u00cele-de-France  \n \nSign\u00e9                             Sign\u00e9 \n \nJulien CHARLES     Emmanuelle LATOUR \n \n \n \n \n \n \n \n \n \n \n \n \n \n \nAgence R\u00e9gionale de Sant\u00e9  - D\u00e9l\u00e9gation D\u00e9partementale de la Seine Saint-Denis - IDF-2025-10-06-00006 - Arr\u00eat\u00e9 conjoint n\u00b0\nARS/DD93-DOS-2025/3978 du 6 octobre 2025 portant modification de l'arr\u00eat\u00e9 N\u00b0 DD93- DOS-2025/ 3565 du 29 juillet 2025\nfixant le renouvellement de la composition du comit\u00e9 d\u00e9partemental\nde l'aide m\u00e9dicale urgente, de la permanence des soins\net des transports sanitaires (CODAMUPS-TS)\n17\nDirection r\u00e9gionale et interd\u00e9partementale de\nl'\u00e9conomie, de l'emploi, du travail et des\nsolidarit\u00e9s d'\u00cele-de-France\nIDF-2025-10-09-00008\nD\u00e9cision n\u00b0 2025-193 du 9 octobre 2025\nAbrogeant la d\u00e9signation de Mme Johana\nBERTHAU pour assurer les fonctions de directrice\nd\u00e9partementale de l'emploi, du travail et des\nsolidarit\u00e9s par int\u00e9rim du Val d'Oise pour\nl'exercice des missions relatives au syst\u00e8me\nd'inspection et de la l\u00e9gislation du travail\nDirection r\u00e9gionale et interd\u00e9partementale de l'\u00e9conomie, de l'emploi, du travail et des solidarit\u00e9s d'\u00cele-de-France -\nIDF-2025-10-09-00008 - D\u00e9cision n\u00b0 2025-193 du 9 octobre 2025\nAbrogeant la d\u00e9signation de Mme Johana BERTHAU pour assurer les fonctions de directrice d\u00e9partementale de l'emploi, du travail et\ndes solidarit\u00e9s par int\u00e9rim du Val d'Oise pour l'exercice des missions relatives au syst\u00e8me d'inspection et de la l\u00e9gislation du travail\n18\nPREFET |DE LA REGIOND'\u00ceLE-DE-FRANCELibert\u00e9Egalit\u00e9Fraternit\u00e9\n Direction r\u00e9gionale et interd\u00e9partementale \nde l'\u00e9conomie, de l'emploi, \ndu travail et des solidarit\u00e9s  \n \n \nDRIEETS Ile de France  \n19/21 rue Madeleine Vionnet  \n93 300 AUBERVILLIERS \n \n \n \n \n           D\u00e9cision n\u00b0 2025-193 du 9 octobre 2025 \n \nAbrogeant la d\u00e9signation de Mme Johana BERTHAU pour assurer les fonctions de directrice \nd\u00e9partementale de l'emploi, du travail et des solidarit\u00e9s par int\u00e9rim du Val d'Oise pour l'exercice des \nmissions relatives au syst\u00e8me d'inspection et de la l\u00e9gislation du travail  \n \nMINIST\u00c8RE DU TRAVAIL, DE LA SANT\u00c9, DES \nSOLIDARIT\u00c9S ET DES FAMILLES \nMINIST\u00c8RE DE L'\u00c9CONOMIE ET DES FINANCES ET \nDE L'INDUSTRIE \n \nDIRECTION REGIONALE ET INTERDEPARTEMENTALE \nDE L'\u00c9CONOMIE, DE L'EMPLOI, DU TRAVAIL ET DES SOLIDARIT\u00c9S D'ILE DE FRANCE \n \n \nLe Directeur r\u00e9gional et interd\u00e9partemental de l'\u00e9conomie, de l'emploi, du travail et des solidarit\u00e9s d'\u00cele-\nde-France, \n \nVu le code du travail, notamment son article R. 8122-2 ; \n \nVu le d\u00e9cret n\u00b0 2009 -1484 du 3 d\u00e9cembre 2009 modifi\u00e9 relatif aux directions d\u00e9partementales \ninterminist\u00e9rielles ; \n \nVu le d\u00e9cret n\u00b0 2020 -1545 du 9 d\u00e9cembre 2020 modifi\u00e9 relatif \u00e0 l'organisation et aux missions des \ndirections r\u00e9gionales de l'\u00e9conomie, de l'emploi, du travail et des solidarit\u00e9s, des directions \nd\u00e9partementales de l'emploi, du travail et des solidarit\u00e9s et des directions d\u00e9partementales de l'emploi, \ndu travail, des solidarit\u00e9s et de la protection des populations ; \n \nVu l'arr\u00eat\u00e9 interminist\u00e9riel du 12 ao\u00fbt  2025 nommant Fabrice MASI  directeur r\u00e9gional et \ninterd\u00e9partemental de l'\u00e9conomie, de l'emploi, du travail et des solidarit\u00e9s d'\u00cele -de-France par int\u00e9rim, \n\u00e0 compter du 25 ao\u00fbt 2025 ; \n \nVu l'arr\u00eat\u00e9 interminist\u00e9riel du 7 octobre 2025 nommant Mme Johana BERTHAU, inspectrice hors classe \nde l'action sanitaire et sociale, directrice de la direction  d\u00e9partementale de l'emploi, du travail et des \nsolidarit\u00e9s du Val d'Oise ; \n \nConstatant que l'emploi de directeur d\u00e9partemental de l'emploi, du travail et des solidarit\u00e9s du Val \nd'Oise n'est plus vacant. \n \n \nArr\u00eate : \nArticle 1 \nLa d\u00e9cision n\u00b02025-135 du 29 juillet 2025 d\u00e9signant Mme Johana BERTHAU pour assurer les fonctions de \ndirectrice d\u00e9partementale de l'emploi, du travail et des solidarit\u00e9s par int\u00e9rim du Val d'Oise pour \nl'exercice des missions relatives au syst\u00e8me d'inspection et de la l\u00e9gislation du travail  est abrog\u00e9e. \n \nDirection r\u00e9gionale et interd\u00e9partementale de l'\u00e9conomie, de l'emploi, du travail et des solidarit\u00e9s d'\u00cele-de-France -\nIDF-2025-10-09-00008 - D\u00e9cision n\u00b0 2025-193 du 9 octobre 2025\nAbrogeant la d\u00e9signation de Mme Johana BERTHAU pour assurer les fonctions de directrice d\u00e9partementale de l'emploi, du travail et\ndes solidarit\u00e9s par int\u00e9rim du Val d'Oise pour l'exercice des missions relatives au syst\u00e8me d'inspection et de la l\u00e9gislation du travail\n19\n \n 2 \nArticle 2 \nLe directeur de la direction r\u00e9gionale de l'\u00e9conomie, de l'emploi, du travail et des solidarit\u00e9s et l a \ndirectrice d\u00e9partementale de l'emploi, du travail et des solidarit\u00e9s par int\u00e9rim sont charg\u00e9s, chacun en \nce qui le concerne, de l'ex\u00e9cution de la pr\u00e9sente d\u00e9cision qui sera publi\u00e9e au recueil des actes \nadministratifs des services de l'Etat. \n \n \nFait \u00e0 Aubervilliers, le 9 octobre 2025 \n \nLe Directeur r\u00e9gional et \ninterd\u00e9partemental de l'\u00e9conomie, de \nl'emploi, du travail et des solidarit\u00e9s  \n \n  \n \nFabrice MASI \n \n \nDirection r\u00e9gionale et interd\u00e9partementale de l'\u00e9conomie, de l'emploi, du travail et des solidarit\u00e9s d'\u00cele-de-France -\nIDF-2025-10-09-00008 - D\u00e9cision n\u00b0 2025-193 du 9 octobre 2025\nAbrogeant la d\u00e9signation de Mme Johana BERTHAU pour assurer les fonctions de directrice d\u00e9partementale de l'emploi, du travail et\ndes solidarit\u00e9s par int\u00e9rim du Val d'Oise pour l'exercice des missions relatives au syst\u00e8me d'inspection et de la l\u00e9gislation du travail\n20","date":"2025-10-09","first_seen_on":"2025-10-09T17:31:22+00:00","id":"7d6c2179c1fdf7a427323bb19349624e981fccbcf4042460df1ab5fa591992f8","name":"recueil-idf-025-2025-10-RAA-nominatifs du 09.10.2025","pdf_creation_date":"2025-10-09T14:57:58+00:00","pdf_modification_date":null,"timezone":"Europe/Paris","url":"https://www.prefectures-regions.gouv.fr/ile-de-france/irecontenu/telechargement/131684/966985/file/recueil-idf-025-2025-10-RAA-nominatifs%20du%2009.10.2025.pdf"}
