{"administration":"pref30","administration_name":"Pr\u00e9fecture du Gard","content":"E P| Cabinet du Pr\u00e9fetPREFET . Direction des S\u00e9curit\u00e9sDU GARD SIDPCLibert\u00e9Egalit\u00e9Fraternit\u00e9\nArr\u00e9t\u00e9 pr\u00e9fectoral n\u00b0 2025-02-0013 du 07 f\u00e9vrier 2025portant interdiction temporaire de circulation au transport de marchandises et auxv\u00e9hicules affect\u00e9s au transport en commun sur la route nationale RN 106 entre Al\u00e9set le d\u00e9partement de la Loz\u00e9reLe Pr\u00e9fet du Gard,Chevalier de la L\u00e9gion d'Honneur,Chevalier de l'Ordre National du M\u00e9rite\nVu le Code G\u00e9n\u00e9ral des Collectivit\u00e9s Territoriales ;Vu le Code de la Route, et notamment les articles L 411 et suivants et R.411 et suivants ;Vu le Code de la Voirie Routi\u00e8re : |Vu le Code P\u00e9nal;Vu la loi n\u00b0 2004-811 du 13 ao\u00fbt 2004 relatif \u00e0 la modernisation de la s\u00e9curit\u00e9 civile :Vu le d\u00e9cret n\u00b02002-84 du 16 janvier 2002, modifi\u00e9, relatif aux pouvoirs du pr\u00e9fet de zone ;Vu le d\u00e9cret n\u00b02004-374 du 29 avril 2004, modifi\u00e9, relatif aux pouvoirs des pr\u00e9fets, \u00e0l'organisation et \u00e0 l'action des services de l'\u00c9tat dans les r\u00e9gions et les d\u00e9partements ;Vu l'arr\u00eat\u00e9 du 24 novembre 1967 modifi\u00e9 relatif \u00e0 la signalisation de routes et autoroutes ;Vu le d\u00e9cret du 13 juillet 2023 nommant M. J\u00e9r\u00f4me BONET, pr\u00e9fet du Gard;Vu le d\u00e9cret du 9 octobre 2024 nommant Mme Marie-Charlotte EUVRARD, directrice decabinet du pr\u00e9fet du Gard ;Vu l'arr\u00eat\u00e9 du pr\u00e9fet de la Loz\u00e8re du n\u00b02025-038-004 du 7 f\u00e9vrier 2025 portant interdictiontemporaire de circulation au transport de marchandises et aux v\u00e9hicules affect\u00e9s autransport en commun sur le r\u00e9seau routier du d\u00e9partement de la Loz\u00e8re, hors A 75;Vu l'avis des gestionnaires concern\u00e9s et des forces de s\u00e9curit\u00e9 int\u00e9rieures le 7 f\u00e9vrier 2025 ;Consid\u00e9rant que le d\u00e9partement du Gard est plac\u00e9 par M\u00e9t\u00e9o France en vigilancem\u00e9t\u00e9orologique de niveau jaune, pour le risque neige et verglas \u00e0 compter du samedi 8f\u00e9vrier 2025 \u00e0 6 heures.Consid\u00e9rant que le d\u00e9partement de la Loz\u00e8re est en vigilance m\u00e9t\u00e9orologique de niveaujaune, pour le risque neige et verglas depuis 16h et passera en vigilance ORANGE d\u00e8s minuitjusqu'au samedi 8 f\u00e9vrier 2025 \u00e0 18h;Consid\u00e9rant les difficult\u00e9s pr\u00e9visibles de circulation li\u00e9es \u00e0 la neige ou au verglas \u00e0 la limitedes deux d\u00e9partements sur la RN 106; |Consid\u00e9rant la n\u00e9cessit\u00e9 d'assurer la coh\u00e9rence avec l'arr\u00eat\u00e9 d'interdiction de circulationpris par la pr\u00e9fecture de la Loz\u00e8re sur son territoire pour ne pas mettre des usagers endifficult\u00e9 dans ce d\u00e9partement et de l'absence d'aire de stockage ;\n\nSur proposition de Mme la sous-pr\u00e9f\u00e8te, directrice de cabinet du pr\u00e9fet du Gard;ARRETEArticle 1: Sous r\u00e9serve des dispositions de l'article 2, pour les raisons indiqu\u00e9es ci-dessus, lacirculation des v\u00e9hicules de plus de 7,5 tonnes de PTAC hors transports urbains estinterdite sur la RN 106 entre la commune d'Al\u00e8s (PR 48+200) et la limite Gard-Loz\u00e8re (PR66+ 86) \u00e0 compter du 07 f\u00e9vrier 2025 \u00e0 22h00 jusqu'au 09 f\u00e9vrier 2025 \u00e0 22h00Sous r\u00e9serve des dispositions de l'article 2, pour les raisons indiqu\u00e9es ci-dessus, lacirculation des v\u00e9hicules de plus de 3,5 tonnes affect\u00e9s au transport en commun depersonnes est interdite sur la RN 106 entre la commune d'Al\u00e8s (PR 48+200) et la limiteGard-Loz\u00e8re (PR66 + 86) \u00e0 compter du 07 f\u00e9vrier 2025 22h00 jusqu'au 09 f\u00e9vrier 2025 \u00e018h00.\nArticle 2 : L'interdiction de circulation pr\u00e9vue \u00e0 l'article 1\u00b0 ne s'applique pas :* aux v\u00e9hicules empruntant une desserte locale gardoise ;* aux v\u00e9hicules de secours et d'intervention ;* aux v\u00e9hicules d'approvisionnement en mat\u00e9riaux de traitement des chauss\u00e9es ;* aux v\u00e9hicules d'approvisionnement en carburant des v\u00e9hicules de secours etd'intervention ;\u00b0 aux v\u00e9hicules de collecte de lait ;* aux v\u00e9hicules intervenant dans le cadre de l'activit\u00e9 de d\u00e9pannage des r\u00e9seaux\u00e9lectricit\u00e9, gaz et eau (transport de groupes \u00e9lectrog\u00e8nes, engins de d\u00e9pannage...) ;* 'aux convois de v\u00e9hicules encadr\u00e9s par les forces de l'ordre.Les v\u00e9hicules de transport d'animaux vivants pourront circuler jusqu'\u00e0 la zone destationnement la plus adapt\u00e9e \u00e0 leur accueil en approche de la perturbation.Article 3 : Le pr\u00e9sent arr\u00eat\u00e9, qui sera publi\u00e9 au recueil des actes administratif, peut fairel'objet d'un recours administratif gracieux aupr\u00e8s de Monsieur le pr\u00e9fet du Gard(pr\u00e9fecture du Gard 30045 NIMES cedex 9), d'un recours hi\u00e9rarchique adress\u00e9 \u00e0 Monsieurle ministre de l'Int\u00e9rieur - place Beauvau 75800 PARIS - ou d'un recours contentieuxdevant le tribunal administratif de N\u00eemes, dans un d\u00e9lai de deux mois suivant sapublication. Le tribunal administratif peut \u00eatre saisi par l'application informatique\u00ab T\u00e9l\u00e9recours Citoyens \u00bb accessible par le site internet www.telerecours.fr.Article 4 : Le secr\u00e9taire g\u00e9n\u00e9ral de la pr\u00e9fecture, sous-pr\u00e9fet d'arrondissement chef-lieu, ladirectrice de cabinet du pr\u00e9fet du Gard, le sous-pr\u00e9fet de l'arrondissement d'Al\u00e8s, ledirecteur de la direction interd\u00e9partementale des routes M\u00e9diterran\u00e9e, le commandant dugroupement de gendarmerie d\u00e9partemental du Gard, le directeur interd\u00e9partemental de lapolice nationale du Gard, sont charg\u00e9s, chacun en ce qui les concerne, de l'ex\u00e9cution dupr\u00e9sent arr\u00eat\u00e9. |Fait \u00e0 N\u00eemes,Le 7 f\u00e9vrier 2025\nLe pr\u00e9fet,Er le fiirectric cabinetMarie-Charlotte EUVRARD","date":"2025-02-07","first_seen_on":"2025-02-07T19:08:40+00:00","id":"7d7de3137c7a47ef32184f9b8d162f110552db48b13d857979ef16821d6ef9a0","name":"Arr\u00eat\u00e9_Pr\u00e9fectoral_2025-02-0013","pdf_creation_date":"2025-02-07T17:35:13+00:00","pdf_modification_date":"2025-02-07T17:38:06+00:00","timezone":"CET","url":"https://www.gard.gouv.fr/contenu/telechargement/61922/459207/file/Arr%C3%AAt%C3%A9_Pr%C3%A9fectoral_2025-02-0013.pdf"}
