{"administration":"pref21","administration_name":"Pr\u00e9fecture de C\u00f4te-d\u2019Or","content":"PR\u00c9FET\nDE LA C\u00d4TE-D'OR\nRECUEIL DES ACTES\nADMINISTRATIFS SP\u00c9CIAL\nN\u00b021-2024-069\nPUBLI\u00c9 LE 11 JUIN 2024\nSommaire\nARS Bourgogne-Franche-Comt\u00e9 / Direction de l'organisation des soins\n21-2024-06-10-00002 - Arr\u00eat\u00e9 n\u00b0 ARS-BFC-DOSA 2024-881 portant constat\nde la caducit\u00e9 de la licence n\u00b0 21#000159 de l\u25a1officine de pharmacie sise 5\ngrande rue \u00e0 NUITS-SAINT-GEORGES (21 700)\n (1 page) Page 4\nDirection d\u00e9partementale de l'emploi, du travail et des solidarit\u00e9s de\nC\u00f4te-d'Or /\n21-2024-06-11-00001 - R\u00e9c\u00e9piss\u00e9 d\u00e9claration SAP/925223521 Main dans la\nmain (2 pages) Page 6\nDirection d\u00e9partementale des territoires de la C\u00f4te-d'Or / Service \u00c9conomie\nAgricole et Environnement des Exploitations\n21-2024-06-10-00003 - Arr\u00eat\u00e9 pr\u00e9fectoral n\u00b0 957 du 10/06/2024\nportant\nautorisation au titre de l\u25a1article L. 333-3 du code rural et de la p\u00eache\nmaritime de prise de contr\u00f4le de la soci\u00e9t\u00e9 GAEC DE MOUSS\u00c9E (2 pages) Page 9\nDirection d\u00e9partementale des territoires de la C\u00f4te-d'Or / Service S\u00e9curit\u00e9 et\nEducation Routi\u00e8re\n21-2024-06-05-00003 - Arr\u00eat\u00e9 n\u00b0 954 portant r\u00e9glementation temporaire de\nla circulation pour des travaux d\u25a1entretien des accotements et fauchage\nde la M274, du PR 0+000 au PR 18+300 dans les deux sens de circulation sur\nles communes de Longvic, Dijon, Saint-Apollinaire, Ruffey-les-Echirey, Ahuy,\nFontaine-les-Dijon, Daix, Talant et Plombi\u00e8res-les-Dijon (14 pages) Page 12\n21-2024-06-05-00004 - Arr\u00eat\u00e9 N\u00b0 955 portant r\u00e9glementation temporaire de\nla circulation pour des travaux de r\u00e9parations de dispositifs de retenue sur\nla M274 entra\u00eenant des coupures d\u25a1axe dans le sens1, du PR 12+900 au PR\n13+300 et dans le giratoire de l\u25a1\u00e9changeur n\u00b0 37 \u00e0 Ahuy (PR 13+050) sur les\ncommunes de Dijon, Ahuy et Fontaine-les-Dijon.\n (5 pages) Page 27\n21-2024-06-09-00002 - Arr\u00eat\u00e9 N\u00b0 962 portant r\u00e9glementation temporaire de\nla circulation pour des travaux de r\u00e9parations de glissi\u00e8res de s\u00e9curit\u00e9\nsitu\u00e9es sur la bretelle n\u00b0 4 de l\u25a1\u00e9changeur 40 (PR 9+265), la bretelle n\u00b0 6 de\nl\u25a1\u00e9changeur 45 (PR 4+250), sur la bretelle n\u00b0 2 de l\u25a1\u00e9changeur 44 (PR 5+340)\net sur les bretelles n\u00b0 2 et n\u00b0 6 de l\u25a1\u00e9changeur 47 (PR 0+010) sur les\ncommunes de Dijon, Longvic et Ruffey-les-Echirey. (5 pages) Page 33\nDirection des services d\u00e9partementaux de l'\u00e9ducation nationale de C\u00f4te-d'Or\n/ Gestion financi\u00e8re et logistique\n21-2024-06-05-00005 - Arr\u00eat\u00e9 n\u00b0 021-2024-06-05-054- D\u00e9l\u00e9gation de\nsignature IA-DASEN M. Muller SG M. Petitjean (4 pages) Page 39\nPr\u00e9fecture de la C\u00f4te-d'Or / Direction de la coordination, des politiques\npubliques et de l'appui territorial\n21-2024-06-09-00001 - Arr\u00eat\u00e9 pr\u00e9fectoral n\u00b0961 du 9 juin 2024 portant\nhabilitation de la SARL PROJECTIVE GROUPE en application des articles\nR.752-44-2 et R.752-44-3 du code du commerce pour l'\u00e9tablissement des\ncertificats de conformit\u00e9 des projets d'am\u00e9nagement commerciaux (2\npages) Page 44\n2\nPr\u00e9fecture de la C\u00f4te-d'Or / P\u00f4le juridique inter-services\n21-2024-06-10-00001 - Arr\u00eat\u00e9 pr\u00e9fectoral N\u00b0  952 / SG du 10 juin 2024\ndonnant  d\u00e9l\u00e9gation de signature en mati\u00e8re de gestion des budgets\nop\u00e9rationnels\n104-111-112-113-119-122-124-129-135-137-147-148-161-163-172-181-206-207-209-215-216-217-218-219-232-303-348-349-354-357-362-363-364-380-723-754-780-833\ndes fonds europ\u00e9ens et des recettes non fiscales (32 pages) Page 47\nPr\u00e9fecture de la C\u00f4te-d'Or / Secr\u00e9tariat G\u00e9n\u00e9ral\n21-2024-06-08-00001 - Arr\u00eat\u00e9 pr\u00e9fectoral n\u00b0958 portant agr\u00e9ment ILGLS de\nla Fondation Apprentis d'Auteuil au titre de l'article L365-4 du code de la\nconstruction et de l'habitation (2 pages) Page 80\n21-2024-06-08-00002 - Arr\u00eat\u00e9 pr\u00e9fectoral n\u00b0959 portant agr\u00e9ment ISFT de\nla Fondation Apprentis d'Auteuil au titre de l'article L365-3 du code de la\nconstruction et de l'habitation (2 pages) Page 83\nSous-pr\u00e9fecture de Beaune /\n21-2024-06-07-00002 - Arr\u00eat\u00e9 pr\u00e9fectoral n\u00b0943 portant autorisation de la\nmanifestation sportive avec participation des v\u00e9hicules terrestres \u00e0 moteur\nd\u00e9nomm\u00e9e Mosquitos Drag Race et organis\u00e9e les 15 et 16 juin 2024, \u00e0\nLiernais, sur le site de l'a\u00e9rodrome Saulieu-Liernais (8 pages) Page 86\n3\nARS Bourgogne-Franche-Comt\u00e9\nDirection de l'organisation des soins\n21-2024-06-10-00002\nArr\u00eat\u00e9 n\u00b0 ARS-BFC-DOSA 2024-881 portant\nconstat de la caducit\u00e9 de la licence n\u00b0 21#000159\nde l\u25a1officine de pharmacie sise 5 grande rue \u00e0\nNUITS-SAINT-GEORGES (21 700)\nARS Bourgogne-Franche-Comt\u00e9 - 21-2024-06-10-00002 - Arr\u00eat\u00e9 n\u00b0 ARS-BFC-DOSA 2024-881 portant constat de la caducit\u00e9 de la\nlicence n\u00b0 21#000159 de l\u25a1officine de pharmacie sise 5 grande rue \u00e0 NUITS-SAINT-GEORGES (21 700) 4\nREPUBLIQUEFRANCAISEI._l'bcrlc'Egalit\u00e9Fraternit\u00e9\nar@ D Agence R\u00e9gionale de Sant\u00e9Bourgogne-Franche-Comt\u00e9\nSighe\n                                        \nARS Bourgogne-Franche-Comt\u00e9 \nLe Diapason, 2 Place des Savoirs, CS 73535, 21035 Dijon cedex \nT\u00e9l. : 0808 807 107 - Site : www.ars.bourgogne-franche-comte.sante.fr \nArr\u00eat\u00e9 n\u00b0 ARS-BFC-DOSA 2024-881 \nportant constat de la caducit\u00e9 de la licence n\u00b0 21#000159 de l'officine de pharmacie sise 5 grande rue \u00e0 NUITS-\nSAINT-GEORGES (21 700).   \n \nLe directeur g\u00e9n\u00e9ral de l'Agence  \nR\u00e9gionale de Sant\u00e9 de Bourgogne-Franche-Comt\u00e9 \n \nVU le code de la sant\u00e9 publique, notamment l'article L. 5125-22 ;  \n  \nVU l'arr\u00eat\u00e9 du pr\u00e9fet de la C\u00f4te d'Or , en date du 16 avril 1963, autorisant l 'exploitation d'une officine de \npharmacie sise 5 grande rue \u00e0 NUITS-SAINT-GEORGES, sous le num\u00e9ro de licence 159 ; \n \nVU la d\u00e9cision ARS BFC/SG/2024-039 portant d\u00e9l\u00e9gation de signature du directeur g\u00e9n\u00e9ral de l'agence \nr\u00e9gionale de sant\u00e9 de Bourgogne-Franche-Comt\u00e9 en date du 1er juin 2024 ;  \n \nVU l'envoi du 24 janvier 2024 par lequel M adame Aude PELLEGRIN, pharmacienne titulaire de l'officine de \npharmacie sise 5 grande rue \u00e0 NUITS-SAINT-GEORGES (21 700), a d\u00e9clar\u00e9 au directeur g\u00e9n\u00e9ral de l'agence \nr\u00e9gionale de sant\u00e9 de Bourgogne -Franche-Comt\u00e9 que la fermeture d\u00e9finitive de son officine interviendrait le \n31 mai 2024 en raison d'une op\u00e9ration de restructuration du r\u00e9seau officinal. \n \n \nConsid\u00e9rant que, par avis du 15 f\u00e9vrier 2024 , le directeur g\u00e9n\u00e9ral de l'agence r\u00e9 gionale de sant\u00e9 de \nBourgogne-Franche-Comt\u00e9 n'a \u00e9mis aucune objection \u00e0 l'op\u00e9ration de restructuration du r\u00e9seau officinal de la \ncommune de NUITS-SAINT-GEORGES, qui devait se traduire par la cession de  la client\u00e8le de l'officine de \npharmacie exploit\u00e9e par la SELARL \u00ab  Pharmacie PELLEGRIN  \u00bb au profit de Monsieur C\u00e9dric NICOLAS, \nexploitant l'officine sise 4 rue Sainte-Anne et 3 impasse Sainte-Anne \u00e0 NUITS-SAINT-GEORGES (21 700) ; \n  \nConsid\u00e9rant que par courrier \u00e9lectronique, en date du 04 juin 2024, Madame Aude PELLEGRIN a confirm\u00e9 \nque l'officine de pharmacie sise 5 grande rue \u00e0 NUITS-SAINT-GEORGES (21 700) a \u00e9t\u00e9 d\u00e9finitivement ferm\u00e9e \nau public le 31 mai 2024.  \n \nC O N S T AT E \nArticle 1er : La cessation d\u00e9finitive d'activit\u00e9 de l'officine de pharmacie sise 5 grande rue \u00e0 NUITS -SAINT-\nGEORGES (21 700) entra\u00eene la caducit\u00e9 de la licence n\u00b0 21#000159. \n \nArticle 2 : Le pr\u00e9sent arr\u00eat\u00e9 peut faire l'objet d'un recours gracieux aupr\u00e8s du directeur g\u00e9n\u00e9ral de l'agence \nr\u00e9gionale de sant\u00e9 de Bourgogne -Franche-Comt\u00e9, d'un recours hi\u00e9rarchique aupr\u00e8s du ministr e charg\u00e9 de la \nSant\u00e9 ou d'un recours contentieux aupr\u00e8s du tribunal administratif comp\u00e9tent dans un d\u00e9lai de deux mois \u00e0 \ncompter de sa notification. A l'\u00e9gard des tiers, ce d\u00e9lai court \u00e0 compter de la publication aux recueils des actes \nadministratifs de la pr\u00e9fecture de la r\u00e9gion Bourgogne -Franche-Comt\u00e9 et de la pr\u00e9fecture du d\u00e9partement de \nla C\u00f4te d'Or. Le tribunal administratif peut \u00eatre saisi par l'application T\u00e9l\u00e9recours citoyens accessible par le site \nwww.telerecours.fr. \n \nArticle 3  : La directrice de l'o rganisation des soins et de l'autonomie de l'agence r\u00e9 gionale de sant\u00e9 de \nBourgogne-Franche-Comt\u00e9 est charg\u00e9e de l'ex\u00e9cution du pr\u00e9sent arr\u00eat\u00e9 qui sera publi\u00e9 au recueil des actes \nadministratifs de la pr\u00e9fecture de la r\u00e9gion Bourgogne-Franche-Comt\u00e9 et au recueil des actes administratifs de \nla pr\u00e9fecture du d\u00e9partement de l a C\u00f4te d'Or , et notifi\u00e9 \u00e0 Madame  Aude PELLEGRIN , dernier titulaire de \nl'officine de pharmacie sise 5 grande rue \u00e0 NUITS-SAINT-GEORGES (21 700).  \n \nFait \u00e0 Dijon, le 10 juin 2024 \n \nPour le directeur g\u00e9n\u00e9ral, \nLa cheffe du d\u00e9partement Ressources et \nMoyens, \n \n \n \n        Anne-Marie GARCIA \nARS Bourgogne-Franche-Comt\u00e9 - 21-2024-06-10-00002 - Arr\u00eat\u00e9 n\u00b0 ARS-BFC-DOSA 2024-881 portant constat de la caducit\u00e9 de la\nlicence n\u00b0 21#000159 de l\u25a1officine de pharmacie sise 5 grande rue \u00e0 NUITS-SAINT-GEORGES (21 700) 5\nDirection d\u00e9partementale de l'emploi, du travail\net des solidarit\u00e9s de C\u00f4te-d'Or\n21-2024-06-11-00001\nR\u00e9c\u00e9piss\u00e9 d\u00e9claration SAP/925223521 Main dans\nla main\nDirection d\u00e9partementale de l'emploi, du travail et des solidarit\u00e9s de C\u00f4te-d'Or - 21-2024-06-11-00001 - R\u00e9c\u00e9piss\u00e9 d\u00e9claration\nSAP/925223521 Main dans la main 6\nExPREFETDE LACOTE-D'ORL'iben'e'Egalit\u00e9Fraternit\u00e9\nAffaire suivie par Sophie LACROIXP\u00f4l\u00e9 Emploi-Coh\u00e9sion Territoriale,T\u00e9l : 03 80 45 78 10 // 06 46 79 36 50m\u00e9l : sophie.lacroix@cote-dor.gouv.fr\nDirection D\u00e9partementale de l'Emploi,du Travail et des Solidarit\u00e9s - DDETS\nDijon, le 11/06/2024\nMAIN DANS LA MAIN- Mme M\u00e9lanie LENTINI4 impasse des champs Boyon21380 SAVIGNYLE SEC\nRECEPISSE DE DECLARATION -d'un Organisme de Services \u00e0 la PersonneEnregistr\u00e9 sous le n\u00b0 SAP/925223521\nLe Pr\u00e9fet de la C\u00f4te-d'Or, et par subd\u00e9l\u00e9gation du Directeur D\u00e9partemental de la DDETS, la Cheffedu P\u00f4le Emploi et Coh\u00e9sion Territoriale / la Responsable de l'Unit\u00e9 Formation, Emploi, Insertion,\nVU la loi n\u00b0 2015-1776 du 28 d\u00e9cembre 2015 relative \u00e0 l'adaptation de la soci\u00e9t\u00e9 au vieillissement,VU le d\u00e9cret n\u00b0 2016-750 du 6 juin 2016 relatif \u00e0 la liste des activit\u00e9s de services \u00e0 la personnesoumises \u00e0 agr\u00e9ment ou \u00e0 autorisation dans le cadre du r\u00e9gime commun de la d\u00e9claration,VU le code -du travail et notamment les articles L 7231-1 \u00e0 L 7233-2, R 7232-16 \u00e0 R 7232-22, D7231-1 et D 7233-1 \u00e0 D 7233-5.\n- Constate\nQu'une d\u00e9claration d'activit\u00e9s de services \u00e0 la personne a \u00e9t\u00e9 d\u00e9pos\u00e9e sous le n\u00b0 1244280 aupr\u00e8s dela DDETS de la C\u00f4te d'Or, le 5 avril 2024, par Mme M\u00e9lanie LENTINI, dans le cadre d'une entrepriseindividuelle, repr\u00e9sent\u00e9e par Mme M\u00e9lanie LENTINI, dont le si\u00e8ge social est situ\u00e9 4 impasse deschamps Boyon - 21380 SAVIGNY LE SEC et enregistr\u00e9e sous le n\u00b0 SAP/925223521 pour les activit\u00e9ssuivantes \u00e0 l'exclusion de toute autre :\nDirection d\u00e9partementale de l'emploi, du travail et des solidarit\u00e9s de C\u00f4te-d'Or - 21-2024-06-11-00001 - R\u00e9c\u00e9piss\u00e9 d\u00e9claration\nSAP/925223521 Main dans la main 7\n- Gerde d'enfants de plus de 3 ans \u00e0 domicile- Accompagnement des enfants de plus de 3 ans dans leurs d\u00e9placements- Entretien de la maison et travaux m\u00e9nagers- Pr\u00e9paration de repas \u00e0 domicile- Livraison de repas \u00e0 domicile- Livraison de courses \u00e0 domicile- Soins et promenade(s) d'animaux pour personnes d\u00e9pendantes- Conduite du v\u00e9hicule des personnes en cas d'invalidit\u00e9 temporaire- Assistance aux personnes ayant besoin d'une aide temporaire \u00e0 leur domicile- Accompagnement des personnes pr\u00e9sentant une invalidit\u00e9 temporaire.\nCes activit\u00e9s sont exerc\u00e9es en qualit\u00e9 de prestataire.L'\u00e9tablissement principal, \u00e9galement si\u00e8ge social, se S|tue \u00e0 l'adresse ci-dessus et poss\u00e8de le numeroSIRET suivant, 925 223 521 00012.Toute modification concernant l'activit\u00e9 exerc\u00e9e devra faire l'objet d'une d\u00e9claration modificativepr\u00e9alable.Sous r\u00e9serve d'\u00eatre exerc\u00e9e \u00e0 titre exclusif ou de tenir une comptabilit\u00e9 s\u00e9par\u00e9e pour les organismespouvant d\u00e9roger \u00e0 la condition d'activit\u00e9 exclusive (art L 7232-1-2 Code travail), cette activit\u00e9 ouvredroit au b\u00e9n\u00e9fice des dispositions des articles L. 7233-2 du code du travail et L. 241-10 du code de las\u00e9curit\u00e9 sociale dans les conditions pr\u00e9vues par ces articles.Les effets de la d\u00e9claration courent \u00e0 compter du jour de d\u00e9p\u00f4t de la demande, conformement \u00e0 .l'article R.7232-18 du code du travail.L'enregistrement de la d\u00e9claration peut \u00eatre retir\u00e9 dans les conditions fix\u00e9es aux articles R.7232-20 \u00e0R.7232-22 du code du travail. 'Le pr\u00e9sent r\u00e9c\u00e9piss\u00e9 n'est pas limit\u00e9 dans le temps et sera publi\u00e9 au recueil des actes administratifsde la pr\u00e9fecture de la C\u00f4te d'Or. Pour le Pr\u00e9fet de C\u00f4te' d'OrEt par subd\u00e9l\u00e9gation du 'Directeur D\u00e9partemental emp\u00e9ch\u00e9,La Responsable de I'Unit\u00e9, Formation, Emploi et Insertion,SIGNEMarie BEGRAND\nDirection d\u00e9partementale de l'emploi, du travail et des solidarit\u00e9s de C\u00f4te-d'Or - 21-2024-06-11-00001 - R\u00e9c\u00e9piss\u00e9 d\u00e9claration\nSAP/925223521 Main dans la main 8\nDirection d\u00e9partementale des territoires de la\nC\u00f4te-d'Or\nService \u00c9conomie Agricole et Environnement des\nExploitations\n21-2024-06-10-00003\nArr\u00eat\u00e9 pr\u00e9fectoral n\u00b0 957 du 10/06/2024\nportant autorisation au titre de l\u25a1article L. 333-3\ndu code rural et de la p\u00eache maritime de prise\nde contr\u00f4le de la soci\u00e9t\u00e9 GAEC DE MOUSS\u00c9E\nDirection d\u00e9partementale des territoires de la C\u00f4te-d'Or - 21-2024-06-10-00003 - Arr\u00eat\u00e9 pr\u00e9fectoral n\u00b0 957 du 10/06/2024\nportant autorisation au titre de l\u25a1article L. 333-3 du code rural et de la p\u00eache maritime de prise de contr\u00f4le de la soci\u00e9t\u00e9 GAEC DE\nMOUSS\u00c9E\n9\nDirection d\u00e9partementale des territoiresde la Cote-d'OrPR\u00c9FETDE LACOTE-D'ORLibert\u00e9Egalit\u00e9Fraternit\u00e9et environnement des exploitationsArr\u00eat\u00e9 pr\u00e9fectoral n\u00b0 957 du 10/06/2024portant autorisation au titre de |'article L. 333-3 du code rural et de la p\u00eache maritime de prise decontr\u00f4le de la soci\u00e9t\u00e9 GAEC DE MOUSSEELe pr\u00e9fet de la C\u00f4te-d'OrVu le Code rural et de la p\u00eache maritime, notamment ses articles L. 333-1 et suivants et R. 333-1 etsuivants;Vu le d\u00e9cret du 26/09/2022 portant nomination du pr\u00e9fet de la r\u00e9gion Bourgogne-Franche-Comt\u00e9,pr\u00e9fet de C\u00f4te d'Or (hors classe) ;Vu l'arr\u00eat\u00e9 pr\u00e9fectoral n\u00b01438/SG du 29 septembre 2023 donnant d\u00e9l\u00e9gation de signature \u00e0 MmeFlorence LAUBIER, directrice d\u00e9partementale des territoires de la C\u00f4te-d'Or ;Vu l'arr\u00eat\u00e9 pr\u00e9fectoral n\u00b0 DRAAF/SREA-2023-05 fixant le seuil d'agrandissement significatif;Vu la demande d'autorisation au titre de l'article L. 333-3 du code rural et de la p\u00eache maritimepr\u00e9sent\u00e9e par Madame Virginie PERRIN agissant pour le compte de la soci\u00e9t\u00e9 AUCAP TERRAVEAaux termes de pouvoirs conf\u00e9r\u00e9s par Monsieur Aur\u00e9lien BAUMONT g\u00e9rant agissant au nom et pourle compte de la soci\u00e9t\u00e9 d\u00e9nomm\u00e9e \u00ab GAEC DE MOUSSEE\u00bb ;Vu l'avis favorable de la soci\u00e9t\u00e9 d'am\u00e9nagement foncier et d'\u00e9tablissement rural de C\u00f4te d'Or re\u00e7ule 02/05/2024 \u00e0 la DDT de C\u00f4te d'Or ;Consid\u00e9rant que la demande d'autorisation concerne une op\u00e9ration qui consiste en :- l'acquisition de titres sociauxConsid\u00e9rant que cette op\u00e9ration a pour cons\u00e9quence une prise de contr\u00f4le, au sens du IV del'article L.333-2, de la soci\u00e9t\u00e9 GAEC DE MOUSSEE par Monsieur Gauthier CIRON qui d\u00e9tiendra auterme de l'op\u00e9ration 50 % du capital social et des droits de vote ;Consid\u00e9rant que la surface exploit\u00e9e ou d\u00e9tenue directement ou indirectement par MonsieurGauthier CIRON est de 300 hectares 93 ares 15 centiares en surface pond\u00e9r\u00e9e et d\u00e9passera le seuild'agrandissement significatif fix\u00e9 \u00e0 227 hectares ;Consid\u00e9rant que la contribution apport\u00e9e par l'op\u00e9ration envisag\u00e9e au d\u00e9veloppement du territoireou \u00e0 la diversit\u00e9 de ses syst\u00e8mes de production I'emporte sur les atteintes aux objectifs d\u00e9finis \u00e0l'article L. 333-1, pour les motifs suivants :Direction d\u00e9partementale des territoires de la C\u00f4te-d'Or57 rue de Mulhouse \u2014 BP 53317 \u2014 21033 DIJON CedexCourriel : ddt@cote-dor.gouv.frhttp://www.cote-dor.gouv.fr - Acc\u00e8s DDT par Divia T1 - T2 - L3 - L6 - Station R\u00e9publique1/2\nService \u00e9conomie agricole \nAffaire suivie par : Bureau Foncier, exploitants et contr\u00f4les\nT\u00e9l :  03 80 29 42 66 /03 80 29 43 52\nm\u00e9l : \nDirection d\u00e9partementale des territoires de la C\u00f4te-d'Or - 21-2024-06-10-00003 - Arr\u00eat\u00e9 pr\u00e9fectoral n\u00b0 957 du 10/06/2024\nportant autorisation au titre de l\u25a1article L. 333-3 du code rural et de la p\u00eache maritime de prise de contr\u00f4le de la soci\u00e9t\u00e9 GAEC DE\nMOUSS\u00c9E\n10\nMonsieur Gauthier CIRON et le GAEC DE LA MOUSSEE travaillent ensemble depuisplusieurs ann\u00e9es et suite au retrait de Monsieur JOVIGNOT Fabrice le 01/07/2023, le GAECne pouvant rester a un associ\u00e9 unique que sur d\u00e9rogation pour une dur\u00e9e de deux ansmaximum, l'association permet de se conformer avec la r\u00e9glementation des GAEC.Le regroupement des deux exploitations, permet \u00e0 ses associ\u00e9s d'avoir une structure\u00e9conomiquement viable et de mettre en commun leurs moyens d'exploitation.L'exploitation se situe dans une zone de polyculture d'\u00e9levage pr\u00e9sentant une pressionfonci\u00e8re mod\u00e9r\u00e9e \u00e0 forte, plut\u00f4t \u00e0 l'agrandissement des exploitations ainsi qu'a ladisparition de l'\u00e9levage.\nARR\u00caTE\nArticle 1\u00b0: L'autorisation n\u00b00S-06-2024 au titre de l'article L. 333-3 du Code rural et de la p\u00eachemaritime est accord\u00e9e \u00e0 Monsieur Gauthier CIRON g\u00e9rant de la GAEC DE LA MOUSSEE.Article 2 : Le pr\u00e9sent arr\u00e9t\u00e9 sera publi\u00e9 au recueil des actes administratifs de la pr\u00e9fecture.Article 3 : Le Secr\u00e9taire g\u00e9n\u00e9ral de la pr\u00e9fecture et la directrice d\u00e9partementale des territoires,chacun en ce qui les concerne, sont charg\u00e9s de l'ex\u00e9cution du pr\u00e9sent arr\u00eat\u00e9.\nFait \u00e0 Dijon, le 10/06/2024Pour le Pr\u00e9fet et par d\u00e9l\u00e9gation,la directrice d\u00e9partementale des territoires\nSIGNE\nFlorence LAUBIER\nDirection d\u00e9partementale des territoires de la C\u00f4te-d'Or57, rue de Mulhouse \u2014 BP 53317 \u2014 21033 DIJON CedexCourriel : ddt@cote-dor.gouv.frhttp://www.cote-dor.gouv.fr - Acc\u00e8s DDT par Divia T1 - T2 \u2014 L3 \u2014 L6 - Station R\u00e9publique2/2\n\u2022\n\u2022\n\u2022\nDirection d\u00e9partementale des territoires de la C\u00f4te-d'Or - 21-2024-06-10-00003 - Arr\u00eat\u00e9 pr\u00e9fectoral n\u00b0 957 du 10/06/2024\nportant autorisation au titre de l\u25a1article L. 333-3 du code rural et de la p\u00eache maritime de prise de contr\u00f4le de la soci\u00e9t\u00e9 GAEC DE\nMOUSS\u00c9E\n11\nDirection d\u00e9partementale des territoires de la\nC\u00f4te-d'Or\nService S\u00e9curit\u00e9 et Education Routi\u00e8re\n21-2024-06-05-00003\nArr\u00eat\u00e9 n\u00b0 954 portant r\u00e9glementation\ntemporaire de la circulation pour des travaux\nd\u25a1entretien des accotements et fauchage de la\nM274, du PR 0+000 au PR 18+300 dans les deux\nsens de circulation sur les communes de Longvic,\nDijon, Saint-Apollinaire, Ruffey-les-Echirey, Ahuy,\nFontaine-les-Dijon, Daix, Talant et\nPlombi\u00e8res-les-Dijon\nDirection d\u00e9partementale des territoires de la C\u00f4te-d'Or - 21-2024-06-05-00003 - Arr\u00eat\u00e9 n\u00b0 954 portant r\u00e9glementation temporaire de\nla circulation pour des travaux d\u25a1entretien des accotements et fauchage de la M274, du PR 0+000 au PR 18+300 dans les deux sens de\ncirculation sur les communes de Longvic, Dijon, Saint-Apollinaire, Ruffey-les-Echirey, Ahuy, Fontaine-les-Dijon, Daix, Talant et\nPlombi\u00e8res-les-Dijon\n12\nExPREFETDE LACOTE-D'ORL,z'berte'Egalit\u00e9Fraternit\u00e9\nDirection d\u00e9partementale des territoires\nde la C\u00f4te-d'Or\nService de la S\u00e9curit\u00e9 et de l'\u00c9ducation Routi\u00e8re\nBureau de la S\u00e9curit\u00e9 Routi\u00e8re\nDijon, le 5 juin 2024\nArr\u00eat\u00e9 n\u00b0 954\nportant r\u00e9glementation temporaire de la circulation pour des travaux d'entretien des\naccotements et fauchage de la M274, du PR 0+000 au PR 18+300 dans les deux sens de\ncirculation sur les communes de Longvic, Dijon, Saint-Apollinaire, Ruffey-les-Echirey, Ahuy,\nFontaine-les-Dijon, Daix, Talant et Plombi\u00e8res-les-Dijon\nLe pr\u00e9fet de la C\u00f4te-d'Or\nVU le Code de la Route ;\nVU le Code de la Voirie Routi\u00e8re ;\nVU la loi n\u00b02022-217 du 21 f\u00e9vrier 2022 relative \u00e0 la diff\u00e9renciation, la d\u00e9centralisation, la\nd\u00e9concentration  et  portant  diverses  mesures  de  simplification  de  l'action  publique\nlocale ;\nVU le  d\u00e9cret  en  Conseil  d'\u00c9tat  du  6  f\u00e9vrier  1980  d\u00e9clarant  d'utilit\u00e9  publique  la\nconstruction de la rocade Est de Dijon et lui conf\u00e9rant le statut de route express ;\nVU le d\u00e9cret 2009- 615 du 3 juin 2009 modifi\u00e9, fixant la liste des routes class\u00e9es \u00e0 grande\ncirculation ;\nVU le d\u00e9cret n\u00b02022-459 du 30 mars 2022 fixant la liste des voies non conc\u00e9d\u00e9es du\ndomaine  public  routier  national  qui  peuvent  \u00eatre  transf\u00e9r\u00e9es  aux  d\u00e9partements  et\nm\u00e9tropoles ou mises \u00e0 disposition des r\u00e9gions dans les conditions pr\u00e9vues aux articles 38\net 40 de la loi n\u00b02022-217 du 21 f\u00e9vrier 2022 ;\nVU le d\u00e9cret du 26 septembre 2022 nommant Monsieur  Franck ROBINE,  pr\u00e9fet de la\nr\u00e9gion Bourgogne-Franche-Comt\u00e9, Pr\u00e9fet de la C\u00f4te-d'Or (hors classe) ;\nVU  l'arr\u00eat\u00e9 interminist\u00e9riel du 24 novembre 1967 modifi\u00e9, relatif \u00e0 la signalisation des\nroutes et autoroutes ;\nVU  l'arr\u00eat\u00e9 interminist\u00e9riel du 6 novembre 1992 modifi\u00e9, approuvant les dispositions de\nl'instruction interminist\u00e9rielle sur la signalisation routi\u00e8re ;\nDirection d\u00e9partementale des territoires de la C\u00f4te-d'Or\n57 rue de Mulhouse- BP 53317 - 21033 DIJON cedex\nt\u00e9l : 03 80 29 44 44 \u2013 Courriel : ddt@cote-dor.gouv.fr\nDirection d\u00e9partementale des territoires de la C\u00f4te-d'Or - 21-2024-06-05-00003 - Arr\u00eat\u00e9 n\u00b0 954 portant r\u00e9glementation temporaire de\nla circulation pour des travaux d\u25a1entretien des accotements et fauchage de la M274, du PR 0+000 au PR 18+300 dans les deux sens de\ncirculation sur les communes de Longvic, Dijon, Saint-Apollinaire, Ruffey-les-Echirey, Ahuy, Fontaine-les-Dijon, Daix, Talant et\nPlombi\u00e8res-les-Dijon\n13\nVU l'arr\u00eat\u00e9  pr\u00e9fectoral  n\u00b021-2023-05-02-00001  du  2  mai  2023  relatif  au  transfert  au\nd\u00e9partement de C\u00f4te-d'Or de sections de routes et autoroutes class\u00e9es dans le domaine\npublic routier national ;\nVU  l'arr\u00eat\u00e9  pr\u00e9fectoral  n\u00b021-2023-05-02-00002  du  2  mai  2023 relatif  au  transfert  \u00e0  la\nM\u00e9tropole de Dijon de sections de routes et autoroutes class\u00e9es dans le domaine public\nroutier national ;\nVU  l'arr\u00eat\u00e9 pr\u00e9fectoral  n\u00b0148/SG du 18 janvier 2024 donnant d\u00e9l\u00e9gation de signature \u00e0\nMonsieur Olivier GERSTLE, sous-pr\u00e9fet, directeur de cabinet du pr\u00e9fet de la C\u00f4te-d'Or ;\nVU  la circulaire du  2 f\u00e9vrier 2024  relative au calendrier des jours \u00ab  hors chantier  \u00bb pour\nl'ann\u00e9e 2024 et le mois de janvier 2025 ;\nVU  la demande pr\u00e9sent\u00e9e par la M\u00e9tropole de Dijon CEI de Dijon le 17 mai 2024 \nVU l'avis favorable d'APRR du 15 mai 2024,\nCONSID\u00c9RANT que pendant les travaux d' entretien des accotements et fauchage de la\nM274 dans les deux sens de circulation entre les PR 0+000 et PR 18+300, il y a lieu de\npr\u00e9ciser les conditions de circulation afin de pr\u00e9venir tout risque d'accident, de faciliter la\nbonne ex\u00e9cution des travaux et d'assurer un \u00e9coulement satisfaisant du trafic ;\nCONSID\u00c9RANT que  des  travaux  d'entretien  courant  pourront  \u00eatre  effectu\u00e9s  dans  la\nm\u00eame zone, sans restrictions compl\u00e9mentaires ;\nCONSID\u00c9RANT  que  la  section  concern\u00e9e  par  les  op\u00e9rations  est  situ\u00e9e  hors\nagglom\u00e9ration ;\nSUR proposition de Madame la Directrice D\u00e9partementale des  Territoires  de la C\u00f4te-\nd'Or ;\nARR\u00caTE\nArticle 1 \nPendant l'ex\u00e9cution des travaux ci-dessus d\u00e9sign\u00e9s, sur la M 274 la circulation s'effectuera \ndans les conditions suivantes :\nPhase 1\nCoupure d'axe et fermetures de bretelles\nLa M274 sera ferm\u00e9e \u00e0 la circulation de l'\u00e9changeur n\u00b037 Ahuy (PR 13+050) \u00e0 l'\u00e9changeur\nn\u00b034 Plombi\u00e8res les Dijon (PR 18+262) dans les 2 sens de circulation.\n\u2022 Fermetures     :  \n\u25e6 \u00c9changeur n\u00b034 Plombi\u00e8res les Dijon, fermeture de la section courante au PR \n18+275 sens 2\n\u25e6 \u00c9changeur n\u00b035 de Talant, fermeture de la section courante au PR 16+250 sens 1 \net PR 16+225 sens 2\n\u25e6 \u00c9changeur n\u00b036 Daix, fermeture de la bretelle n\u00b02.\nDirection d\u00e9partementale des territoires de la C\u00f4te-d'Or\n57 rue de Mulhouse- BP 53317 - 21033 DIJON cedex\nt\u00e9l : 03 80 29 44 44 \u2013 Courriel : ddt@cote-dor.gouv.fr\nDirection d\u00e9partementale des territoires de la C\u00f4te-d'Or - 21-2024-06-05-00003 - Arr\u00eat\u00e9 n\u00b0 954 portant r\u00e9glementation temporaire de\nla circulation pour des travaux d\u25a1entretien des accotements et fauchage de la M274, du PR 0+000 au PR 18+300 dans les deux sens de\ncirculation sur les communes de Longvic, Dijon, Saint-Apollinaire, Ruffey-les-Echirey, Ahuy, Fontaine-les-Dijon, Daix, Talant et\nPlombi\u00e8res-les-Dijon\n14\n\u25e6 \u00c9changeur n\u00b037 Ahuy, fermeture de la section courante au PR 13+150 sens 1 et \nde la bretelle d'entr\u00e9e n\u00b02.\nDes d\u00e9viations seront mises en place \u00e0 l'attention des usagers :\nEn direction de Lyon, depuis l'\u00e9changeur :\n\u25e6 n\u00b034 Plombi\u00e8res   (PR 18+262)  \n\u25aa M905,\n\u25aa Bd de l'Ouest,\n\u25aa Bd de Ch\u00e8vre Morte,\n\u25aa Bd des Clomiers,\n\u25aa Bd Fran\u00e7ois Pompon,\n\u25aa Bd des Aiguilottes,\n\u25aa Bd des Allobroges,\n\u25aa Bd Mar\u00e9chal Gallieni,\n\u25aa Bd Pascal,\n\u25aa Place Saint Exup\u00e9ry,\n\u25aa Bd Joffre,\n\u25aa M974 (av de Langres),\n\u25aa Retour sur M274 via la bretelle 4 de l'\u00e9changeur n\u00b038 Pompidou (PR 12+070).\n\u25e6 n\u00b035 Talant   (PR 16+400)  \n\u25aa M971 (Bd de Troyes),\n\u25aa Bd Fran\u00e7ois Pompon,\n\u25aa Bd des Aiguilottes,\n\u25aa Bd des Allobroges,\n\u25aa Bd Mar\u00e9chal Gallieni,\n\u25aa Bd Pascal,\n\u25aa Place Saint-Exup\u00e9ry,\n\u25aa Bd Joffre,\n\u25aa M974 (av de Langres),\n\u25aa Retour sur M274 via la bretelle 4 de l'\u00e9changeur n\u00b038 Pompidou (PR 12+070).\n\u25e6 N  \u00b03  6   Daix (PR 15+600  )\n\u25aa Rue d'Hauteville,\n\u25aa Route de Dijon,\n\u25aa M107 (rue d'Hauteville, rue de Dijon),\n\u25aa Bd des Allobroges,\n\u25aa Bd Mar\u00e9chal Gallieni,\n\u25aa Bd Pascal,\n\u25aa Place Saint-Exup\u00e9ry,\n\u25aa Bd Joffre,\n\u25aa M974 (av de Langres),\n\u25aa Retour sur M274 via la bretelle 4 de l'\u00e9changeur n\u00b038 Pompidou (PR 12+070).\nEn direction de Paris, depuis l'\u00e9changeur :\n\u25e6 n\u00b037 Ahuy   (PR 13+050)  \n\u25aa M274,\n\u25aa \u00c9changeur n\u00b038 Pompidou bretelle n\u00b03,\n\u25aa M974 (av de Langres/ av du Drapeau),\n\u25aa Bd Mar\u00e9chal Gallieni,\nDirection d\u00e9partementale des territoires de la C\u00f4te-d'Or\n57 rue de Mulhouse- BP 53317 - 21033 DIJON cedex\nt\u00e9l : 03 80 29 44 44 \u2013 Courriel : ddt@cote-dor.gouv.fr\nDirection d\u00e9partementale des territoires de la C\u00f4te-d'Or - 21-2024-06-05-00003 - Arr\u00eat\u00e9 n\u00b0 954 portant r\u00e9glementation temporaire de\nla circulation pour des travaux d\u25a1entretien des accotements et fauchage de la M274, du PR 0+000 au PR 18+300 dans les deux sens de\ncirculation sur les communes de Longvic, Dijon, Saint-Apollinaire, Ruffey-les-Echirey, Ahuy, Fontaine-les-Dijon, Daix, Talant et\nPlombi\u00e8res-les-Dijon\n15\n\u25aa Bd des Allobroges,\n\u25aa Bd des Aiguilottes,\n\u25aa Bd Fran\u00e7ois Pompon,\n\u25aa Bd des Clomiers,\n\u25aa Bd de Ch\u00e8vre Morte,\n\u25aa Bd de l'Ouest,\n\u25aa M905,\n\u25aa Retour sur M274 via bretelle d'acc\u00e8s de l'\u00e9changeur n\u00b034 Plombi\u00e8res (PR \n12+070).\n\u25e6 n  \u00b035 Talant   (PR 16+400)  \n\u25aa M971 (Bd de Troyes),\n\u25aa Bd des Clomiers,\n\u25aa Bd de Ch\u00e8vre Morte,\n\u25aa Bd de l'Ouest,\n\u25aa M905,\n\u25aa Retour  sur  M274 via  bretelle d'acc\u00e8s  de  l'\u00e9changeur  n\u00b034  Plombi\u00e8res  (PR\n18+262).\nPhase 2\nCoupure d'axe et fermetures de bretelles\nLa M274 sera ferm\u00e9e \u00e0 la circulation dans le sens 2 du PR 13+150 (sortie par bretelle 3 de \nl'\u00e9changeur n\u00b037 Ahuy) au PR 8+200 (retour par la bretelle 3 de l'\u00e9changeur n\u00b041 Cracovie).\n\u2022 Fermeture des bretelles n\u00b04 des \u00e9changeurs n\u00b037 Ahuy, n\u00b038 Pompidou (+shunt),\nn\u00b039 Valmy et n\u00b040 Malines.\n\u2022 Fermeture de la section courante sens 2 au PR 13+150.\nDes d\u00e9viations seront mises en place \u00e0 l'attention des usagers :\n\u25e6 depuis l'\u00e9changeur n\u00b040 de Malines (PR 9+625)  ,\n\u25aa Rue Dr Quignard,\n\u25aa Rue de Mayence,\n\u25aa Rue de Cracovie,\n\u25aa Retour M274 via \u00e9changeur n\u00b041 Cracovie (PR 6+830).\n\u25e6 depuis l'\u00e9changeur n\u00b039 Valmy   (PR 11+350)  ,  \n\u25aa Parc Commercial de la Toison-d'Or,\n\u25aa Rue de Clochide,\n\u25aa Bd W Churchill,\n\u25aa Rue de Malines,\n\u25aa Rue Dr Quignard,\n\u25aa Rue de Mayence,\n\u25aa Rue de Cracovie,\n\u25aa retour M274 via \u00e9changeur n\u00b041 Cracovie (PR 6+830).\n\u25e6 depuis l'\u00e9changeur n\u00b038 Pompidou   (PR 12+070)  ,  \n\u25aa Av de Langres,\n\u25aa Av du Drapeau,\n\u25aa Bd Pascal,\n\u25aa Bd des martyrs de la r\u00e9sistance,\nDirection d\u00e9partementale des territoires de la C\u00f4te-d'Or\n57 rue de Mulhouse- BP 53317 - 21033 DIJON cedex\nt\u00e9l : 03 80 29 44 44 \u2013 Courriel : ddt@cote-dor.gouv.fr\nDirection d\u00e9partementale des territoires de la C\u00f4te-d'Or - 21-2024-06-05-00003 - Arr\u00eat\u00e9 n\u00b0 954 portant r\u00e9glementation temporaire de\nla circulation pour des travaux d\u25a1entretien des accotements et fauchage de la M274, du PR 0+000 au PR 18+300 dans les deux sens de\ncirculation sur les communes de Longvic, Dijon, Saint-Apollinaire, Ruffey-les-Echirey, Ahuy, Fontaine-les-Dijon, Daix, Talant et\nPlombi\u00e8res-les-Dijon\n16\n\u25aa Place Saint Exup\u00e9ry\n\u25aa Av de Dallas,\n\u25aa Rue de Cracovie,\n\u25aa Retour M274 via \u00e9changeur n\u00b041 Cracovie (PR 6+830).\n\u25e6 depuis l'\u00e9changeur n\u00b037 d'Ahuy (PR 13+050),  \n\u25aa M107A (route d'Ahuy),\n\u25aa Bd Gallieni,\n\u25aa Bd Pascal,\n\u25aa Bd des martyrs de la r\u00e9sistance,\n\u25aa Place Saint Exup\u00e9ry,\n\u25aa Av de Dallas,\n\u25aa rue de Cracovie,\n\u25aa retour M274 via \u00e9changeur n\u00b041 Cracovie (PR 6+830).\nPhase 3\nCoupure d'axe et fermeture de bretelles.\nLa M274 sera ferm\u00e9e \u00e0 la circulation dans le sens 1 du PR 8+080 (sortie par bretelle 1 de \nl'\u00e9changeur n\u00b041 Cracovie) au PR 13+200 (retour par l'\u00e9changeur n\u00b037 Ahuy).\n\u2022 Fermeture des bretelles d'entr\u00e9es n\u00b02 des \u00e9changeurs n\u00b040 Malines (PR 9+625), n\u00b039 \nValmy (PR 11+350) et n\u00b038 Pompidou (PR 12+070).\n\u2022 Fermeture de la section courante sens 1 au PR 8+080.\nDes d\u00e9viations seront mises en place \u00e0 l'attention des usagers :\n\u25e6 depuis l'\u00e9changeur n\u00b041 Cracovie (PR 6+830)  \n\u25aa Rue de Bastogne,\n\u25aa Rue de Cracovie,\n\u25aa Av de Dallas,\n\u25aa Bd des Martyrs de la R\u00e9sistance,\n\u25aa Place Saint Exup\u00e9ry,\n\u25aa Bd Pascal,\n\u25aa Bd Gallieni,\n\u25aa M107A (route d'Ahuy),\n\u25aa Retour M274 via \u00e9changeur n\u00b037 Ahuy (PR 13+050).\n\u25e6 depuis l'\u00e9changeur n\u00b040 de   M  alines   (PR 9+625)  \n\u25aa Rue de Malines,\n\u25aa Rue du Dr Quignard,\n\u25aa Av de Mayence,\n\u25aa Av de Dallas,\n\u25aa Bd des Martyrs de la R\u00e9sistance,\n\u25aa Place Saint Exup\u00e9ry,\n\u25aa Bd Pascal,\n\u25aa Bd Gallieni,\n\u25aa M107A (route d'Ahuy),\n\u25aa Retour M274 via \u00e9changeur n\u00b037 Ahuy (PR 13+050).\n\u25e6 depuis l'\u00e9changeur n\u00b039 Valmy   (PR 11+350)  \n\u25aa Parc Commercial de la Toison-d'Or,\nDirection d\u00e9partementale des territoires de la C\u00f4te-d'Or\n57 rue de Mulhouse- BP 53317 - 21033 DIJON cedex\nt\u00e9l : 03 80 29 44 44 \u2013 Courriel : ddt@cote-dor.gouv.fr\nDirection d\u00e9partementale des territoires de la C\u00f4te-d'Or - 21-2024-06-05-00003 - Arr\u00eat\u00e9 n\u00b0 954 portant r\u00e9glementation temporaire de\nla circulation pour des travaux d\u25a1entretien des accotements et fauchage de la M274, du PR 0+000 au PR 18+300 dans les deux sens de\ncirculation sur les communes de Longvic, Dijon, Saint-Apollinaire, Ruffey-les-Echirey, Ahuy, Fontaine-les-Dijon, Daix, Talant et\nPlombi\u00e8res-les-Dijon\n17\n\u25aa Rue de Clochide,\n\u25aa Bd W Churchill,\n\u25aa Rue de Malines,\n\u25aa Rue Dr Quignard,\n\u25aa Rue de Mayence,\n\u25aa Av de Dallas,\n\u25aa Bd des Martyrs de la R\u00e9sistance,\n\u25aa Bd Pascal,\n\u25aa Bd Gallieni,\n\u25aa M107A (route d'Ahuy)\n\u25aa Retour M274 via \u00e9changeur n\u00b037 Ahuy (PR 13+050).\n\u25e6 depuis l'\u00e9changeur n\u00b03  8 Pompidou (PR 12+070)  \n\u25aa Av de Langres,\n\u25aa Av du Drapeau,\n\u25aa Bd Gallieni,\n\u25aa M107A (route d'Ahuy),\n\u25aa Retour M274 via \u00e9changeur n\u00b037 Ahuy (PR 13+050).\nRestriction de circulation\nLes  voies  rapide  et  lente  seront  neutralis\u00e9es  balisage  FLR  (fl\u00e8che  de  rabattement\nlumineuse) 500m en amont de la bretelle de sortie obligatoire n\u00b01 de l'\u00e9changeur n\u00b041 de\nCracovie (PR 8+080) de la M274.\nPhase 4     :  \nCoupure d'axe et fermetures de bretelles\nLa M274 sera ferm\u00e9e \u00e0 la circulation dans le sens 1 du PR 0+000 (sortie par bretelle n\u00b01 de \nl'\u00e9changeur n\u00b047 Beauregard) au PR 4+200 (retour par la bretelle 2 de l'\u00e9changeur n\u00b045 \nFranche-Comt\u00e9).\n\u2022 Fermeture des bretelles n\u00b02, 3 et 6 de l'\u00e9changeur n\u00b047 de Beauregard (PR 0+010).\n\u2022 Fermeture   de section courante   par APRR du PR32D de l'A311 au PR 0+000 de la   \nM  274  \nDes d\u00e9viations seront mises en place \u00e0 l'attention des usagers :\n\u25e6 depuis l'\u00e9changeur n\u00b047 de Beauregard (PR 0+010)  ,  \n\u25aa M122A Bd de Beauregard,\n\u25aa M124 Bd Eiffel,\n\u25aa M124 Bd des Industries,\n\u25aa M996 route de Dijon,\n\u25aa Av de l'Europe,\n\u25aa Bd de Chicago,\n\u25aa M905,\n\u25aa retour  M274  via  la  bretelle 2 de  l'\u00e9changeur  n\u00b045  de  Franche-Comt\u00e9  (PR\n4+250).\nDirection d\u00e9partementale des territoires de la C\u00f4te-d'Or\n57 rue de Mulhouse- BP 53317 - 21033 DIJON cedex\nt\u00e9l : 03 80 29 44 44 \u2013 Courriel : ddt@cote-dor.gouv.fr\nDirection d\u00e9partementale des territoires de la C\u00f4te-d'Or - 21-2024-06-05-00003 - Arr\u00eat\u00e9 n\u00b0 954 portant r\u00e9glementation temporaire de\nla circulation pour des travaux d\u25a1entretien des accotements et fauchage de la M274, du PR 0+000 au PR 18+300 dans les deux sens de\ncirculation sur les communes de Longvic, Dijon, Saint-Apollinaire, Ruffey-les-Echirey, Ahuy, Fontaine-les-Dijon, Daix, Talant et\nPlombi\u00e8res-les-Dijon\n18\nPhase 5     :  \nCoupure d'axe et fermetures de bretelles\nLa M274 sera ferm\u00e9e \u00e0 la circulation dans le sens 1 du PR 3+950 (sortie par bretelle n\u00b01 de\nl'\u00e9changeur n\u00b045 Franche-Comt\u00e9 ) au  PR 9+975 ( retour par la  bretelle  n\u00b02 de l'\u00e9changeur\nn\u00b040 Malines).\n\u2022 Fermeture de la bretelle d'entr\u00e9e n\u00b04 de l'\u00e9changeur n\u00b045 de Franche-Comt\u00e9 (PR  \n4+250) par APRR.\n\u2022 Fermeture  des  bretelles  d'entr\u00e9es  n\u00b02  des  \u00e9changeurs  n\u00b045  Franche-Comt\u00e9  (PR\n4+250), n\u00b044 de Mirande (PR 5+340), n\u00b043 de Qu\u00e9tigny (PR 5+625) et n\u00b042 de l'Arc\n(PR 6+830).\nDes d\u00e9viations seront mises en place \u00e0 l'attention des usagers :\n\u25e6 d  epuis l'\u00e9changeur n\u00b045 Franche-Comt\u00e9 (PR 4+250)  \n\u25aa B2 ferm\u00e9e  \n\u2022 A39 sortie n\u00b02,\n\u2022 M905B (Av du Mont Blanc),\n\u2022 M122A (route de Chevigny),\n\u2022 M107 (route de Dijon, Bd J Jaur\u00e8s),\n\u2022 M125 (Bd de l'Europe),\n\u2022 M125D\n\u2022 M700,\n\u2022 Rue Jean Moulin,\n\u2022 Rond-point du 8 mai 1945,\n\u2022 Av Champollion,\n\u2022 Bd des Martyrs de la R\u00e9sistance,\n\u2022 Place Saint Exup\u00e9ry,\n\u2022 Av de Dallas,\n\u2022 Rue de Cracovie,\n\u2022 Rue de l'Yser,\n\u2022 Rue de Malines,\n\u2022 Retour M274 via \u00e9changeur n\u00b040 Malines (PR 9+625).\n\u25e6 depuis l'\u00e9changeur n\u00b045 Franche-Comt\u00e9   (PR 4+250)  \n\u25aa B4 ferm\u00e9e  \n\u2022 Bretelle n\u00b06, n\u00b07 de l'\u00e9changeur n\u00b045 de Franche-Comt\u00e9,\n\u2022 A39 sortie n\u00b02,\n\u2022 M905B (Av du Mont Blanc),\n\u2022 M122A (route de Chevigny),\n\u2022 M107 (route de Dijon, Bd J Jaur\u00e8s),\n\u2022 M125 (Bd de l'Europe),\n\u2022 M125D,\n\u2022 M700,\n\u2022 Rue Jean Moulin,\n\u2022 Rond-point du 8 mai 1945,\n\u2022 Av Champollion,\n\u2022 Bd des Martyrs de la R\u00e9sistance,\n\u2022 Place Saint Exup\u00e9ry,\n\u2022 Av de Dallas,\nDirection d\u00e9partementale des territoires de la C\u00f4te-d'Or\n57 rue de Mulhouse- BP 53317 - 21033 DIJON cedex\nt\u00e9l : 03 80 29 44 44 \u2013 Courriel : ddt@cote-dor.gouv.fr\nDirection d\u00e9partementale des territoires de la C\u00f4te-d'Or - 21-2024-06-05-00003 - Arr\u00eat\u00e9 n\u00b0 954 portant r\u00e9glementation temporaire de\nla circulation pour des travaux d\u25a1entretien des accotements et fauchage de la M274, du PR 0+000 au PR 18+300 dans les deux sens de\ncirculation sur les communes de Longvic, Dijon, Saint-Apollinaire, Ruffey-les-Echirey, Ahuy, Fontaine-les-Dijon, Daix, Talant et\nPlombi\u00e8res-les-Dijon\n19\n\u2022 Rue de Cracovie,\n\u2022 Rue de l'Yser,\n\u2022 Rue de Malines,\n\u2022 Retour M274 via \u00e9changeur n\u00b040 Malines (PR 9+625).\n\u25e6 depuis l'\u00e9changeur n\u00b044 Mirande   (PR 5+340)  \n\u25aa B2 ferm\u00e9e  \n\u2022 M126 (rue Pierre de Coubertin),\n\u2022 Rue Alain Bombard,\n\u2022 Rue Champeau,\n\u2022 M125 (Bd de l'Europe),\n\u2022 M125D,\n\u2022 M700,\n\u2022 Rue Jean Moulin,\n\u2022 Rond-point du 8 mai 1945,\n\u2022 Av Champollion,\n\u2022 Bd des Martyrs de la R\u00e9sistance,\n\u2022 Place Saint Exup\u00e9ry,\n\u2022 Av de Dallas,\n\u2022 Rue de Cracovie,\n\u2022 Rue de l'Yser,\n\u2022 Rue de Malines,\n\u2022 Retour M274 via \u00e9changeur n\u00b040 Malines (PR 9+625).\n\u25e6 depuis l'\u00e9changeur n\u00b043 Qu\u00e9tigny (PR 5+625)  \n\u25aa B2 ferm\u00e9e  \n\u2022 Rue Alain Bombard,\n\u2022 Rue Champeau,\n\u2022 M125 (Bd de l'Europe),\n\u2022 M125D,\n\u2022 M700,\n\u2022 Rue Jean Moulin,\n\u2022 Rond-point du 8 mai 1945,\n\u2022 Av Champollion,\n\u2022 Bd des Martyrs de la R\u00e9sistance,\n\u2022 Place Saint Exup\u00e9ry,\n\u2022 Av de Dallas,\n\u2022 Rue de Cracovie,\n\u2022 Rue de l'Yser,\n\u2022 Rue de Malines,\n\u2022 Retour M274 via \u00e9changeur n\u00b040 Malines (PR 9+625).\n\u25e6 depuis l'\u00e9changeur n\u00b042 de l'Arc (PR 6+830)  \n\u25aa Rue Jean Moulin,\n\u25aa Rond-point du 8 mai 1945,\n\u25aa Av Champollion,\n\u25aa Bd des Martyrs de la R\u00e9sistance,\n\u25aa Place Saint Exup\u00e9ry,\n\u25aa Av de Dallas,\n\u25aa Rue de Cracovie,\n\u25aa Rue de l'Yser,\nDirection d\u00e9partementale des territoires de la C\u00f4te-d'Or\n57 rue de Mulhouse- BP 53317 - 21033 DIJON cedex\nt\u00e9l : 03 80 29 44 44 \u2013 Courriel : ddt@cote-dor.gouv.fr\nDirection d\u00e9partementale des territoires de la C\u00f4te-d'Or - 21-2024-06-05-00003 - Arr\u00eat\u00e9 n\u00b0 954 portant r\u00e9glementation temporaire de\nla circulation pour des travaux d\u25a1entretien des accotements et fauchage de la M274, du PR 0+000 au PR 18+300 dans les deux sens de\ncirculation sur les communes de Longvic, Dijon, Saint-Apollinaire, Ruffey-les-Echirey, Ahuy, Fontaine-les-Dijon, Daix, Talant et\nPlombi\u00e8res-les-Dijon\n20\n\u25aa Rue de Malines,\n\u25aa Retour M274 via \u00e9changeur n\u00b040 Malines (PR 9+625).\nRestriction de circulation\nLes  voies  rapide  et  lente  seront  neutralis\u00e9es  par  balisage  FLR  (fl\u00e8che  de  rabattement\nlumineuse) 500m en amont de la bretelle de sortie obligatoire n\u00b01 de l'\u00e9changeur n\u00b045\nFranche-Comt\u00e9 (PR3+950) de la M274.\nPhase 6     :  \nCoupure d'axe et fermetures de bretelles\nLa M274 sera ferm\u00e9e \u00e0 la circulation dans le sens 2 du PR 10+225 (sortie par bretelle n\u00b04 de\nl'\u00e9changeur n\u00b0 40 Malines ) au  PR 4+000  ( retour par la  bretelle  n\u00b08 de l'\u00e9changeur n\u00b0 45\nFranche-Comt\u00e9).\n\u2022 Fermeture des bretelles d'entr\u00e9e n\u00b04 des \u00e9changeurs n\u00b040 de Malines (PR 9+625),\nn\u00b042  de l'Arc  (PR  6+830),  n\u00b043 de  Qu\u00e9tigny  (PR  5+625)  et n\u00b044  de Mirande (PR\n5+340).\n\u2022 Fermeture de la bretelle d'entr\u00e9e n\u00b06 de l'\u00e9changeur n\u00b045 de Franche-Comt\u00e9 (PR\n4+250).\n\u2022 Fermeture de la bretelle d'entr\u00e9e n\u00b03 de l'\u00e9changeur n\u00b041 de Cracovie (PR 8+530).\nDes d\u00e9viations seront mises en place \u00e0 l'attention des usagers :\n\u25e6 depuis l'\u00e9changeur n\u00b040 de Malines   (PR 9+625)  \n\u25aa Rue du Dr Quignard,\n\u25aa Rue de Mayence,\n\u25aa Av de Dallas,\n\u25aa Av de Champollion,\n\u25aa Rond-point du 8 mai 1945,\n\u25aa Rue Jean Moulin,\n\u25aa M700,\n\u25aa M125D,\n\u25aa M125 (bd de l'Europe),\n\u25aa M107 (Bd J Jaur\u00e8s, route de Dijon),\n\u25aa M122A (route de Chevigny),\n\u25aa M905B (Av de Mont Blanc),\n\u25aa M905,\n\u25aa Retour  M274  via  bretelle  n\u00b08  de  l'\u00e9changeur  de  Franche-Comt\u00e9  n\u00b045  (PR\n4+250).\n\u25e6 depuis l'\u00e9changeur n\u00b041 Cracovie   (PR 8+530)  \n\u25aa Rue de Cracovie,\n\u25aa Av de Dallas,\n\u25aa Av de Champollion,\n\u25aa Rond-point du 8 mai 1945,\n\u25aa Rue Jean Moulin,\n\u25aa M700,\n\u25aa M125D,\nDirection d\u00e9partementale des territoires de la C\u00f4te-d'Or\n57 rue de Mulhouse- BP 53317 - 21033 DIJON cedex\nt\u00e9l : 03 80 29 44 44 \u2013 Courriel : ddt@cote-dor.gouv.fr\nDirection d\u00e9partementale des territoires de la C\u00f4te-d'Or - 21-2024-06-05-00003 - Arr\u00eat\u00e9 n\u00b0 954 portant r\u00e9glementation temporaire de\nla circulation pour des travaux d\u25a1entretien des accotements et fauchage de la M274, du PR 0+000 au PR 18+300 dans les deux sens de\ncirculation sur les communes de Longvic, Dijon, Saint-Apollinaire, Ruffey-les-Echirey, Ahuy, Fontaine-les-Dijon, Daix, Talant et\nPlombi\u00e8res-les-Dijon\n21\n\u25aa M125 (bd de l'Europe),\n\u25aa M107 (Bd J Jaur\u00e8s, route de Dijon),\n\u25aa M122A (route de Chevigny),\n\u25aa M905B (Av de Mont Blanc),\n\u25aa M905,\n\u25aa Retour  M274  via  bretelle  n\u00b08  de  l'\u00e9changeur  de  Franche-Comt\u00e9  n\u00b045  PR\n4+250).\n\u25e6 depuis l'\u00e9changeur n\u00b042 de l'Arc   (PR 6+830)  \n\u25aa Rue Jean Moulin,\n\u25aa M700,\n\u25aa M125D,\n\u25aa M125 (bd de l'Europe),\n\u25aa M107 (Bd J Jaur\u00e8s, route de Dijon),\n\u25aa M122A (route de Chevigny),\n\u25aa M905B (Av de Mont Blanc),\n\u25aa M905,\n\u25aa Retour  M274  via  bretelle  n\u00b08  de  l'\u00e9changeur  de  Franche-Comt\u00e9  n\u00b045  (PR\n4+250).\n\u25e6 depuis l'\u00e9changeur n\u00b043 Qu\u00e9tigny   (PR 5+625)  \n\u25aa M107 (rue de Sully, Av de l'Universit\u00e9, Bd Jean Jaur\u00e8s, route de Dijon),\n\u25aa M122A (route de Chevigny),\n\u25aa M905B (Av de Mont Blanc),\n\u25aa M905,\n\u25aa Retour  M274  via  bretelle  n\u00b08  de  l'\u00e9changeur  de  Franche-Comt\u00e9  n\u00b045  (PR\n4+250).\n\u25e6 depuis l'\u00e9changeur n\u00b044 Mirande   (PR 5+340)  \n\u25aa Rue en vieille Fourche,\n\u25aa M107(rue de Sully, Av de l'Universit\u00e9, Bd Jean Jaur\u00e8s, route de Dijon),\n\u25aa M122A (route de Chevigny),\n\u25aa M905B (Av de Mont Blanc),\n\u25aa M905,\n\u25aa Retour  M274  via  bretelle  n\u00b08  de  l'\u00e9changeur  de  Franche-Comt\u00e9  n\u00b045  (PR\n4+250).\n\u25e6 depuis l'\u00e9changeur n\u00b045 Franche-Comt\u00e9 (PR 4+250)  \n\u25aa B6 ferm\u00e9e  \n\u2022 M905,\n\u2022 Rue de Neuilly,\n\u2022 M905,\n\u2022 Retour M274 via bretelle n\u00b08 de l'\u00e9changeur de Franche-Comt\u00e9 n\u00b045 (PR\n4+250).\nRestriction de circulation\nLes  voies  rapide  et  lente  seront  neutralis\u00e9es  par  balisage  FLR  (fl\u00e8che  de  rabattement\nlumineuse) 500m en amont de la bretelle de sortie obligatoire n\u00b04 de l'\u00e9changeur n\u00b040\nMalines (PR 9+625) de la M274.\nDirection d\u00e9partementale des territoires de la C\u00f4te-d'Or\n57 rue de Mulhouse- BP 53317 - 21033 DIJON cedex\nt\u00e9l : 03 80 29 44 44 \u2013 Courriel : ddt@cote-dor.gouv.fr\nDirection d\u00e9partementale des territoires de la C\u00f4te-d'Or - 21-2024-06-05-00003 - Arr\u00eat\u00e9 n\u00b0 954 portant r\u00e9glementation temporaire de\nla circulation pour des travaux d\u25a1entretien des accotements et fauchage de la M274, du PR 0+000 au PR 18+300 dans les deux sens de\ncirculation sur les communes de Longvic, Dijon, Saint-Apollinaire, Ruffey-les-Echirey, Ahuy, Fontaine-les-Dijon, Daix, Talant et\nPlombi\u00e8res-les-Dijon\n22\nPhase 7     :  \nCoupure d'axe et fermetures de bretelles\nLa M274 sera ferm\u00e9e \u00e0 la circulation dans  le sens 2  du  PR  (sortie par  bretelle n\u00b05 de\nl'\u00e9changeur n\u00b045 Franche-Comt\u00e9 ) au  PR 0+000  ( retour par la  bretelle n\u00b06 de l'\u00e9changeur\nn\u00b047 Beauregard).\n\u2022 Fermeture des bretelles n\u00b06 et 8 de l'\u00e9changeur n\u00b045 de Franche-Comt\u00e9 (PR 4+250)\net de la bretelle n\u00b05 de l'\u00e9changeur n\u00b047 de Beauregard (PR 0+010).\nDes d\u00e9viations seront mises en place \u00e0 l'attention des usagers :\n\u25e6 depuis l'\u00e9changeur n\u00b045 Franche-Comt\u00e9   sortie par B5 et B6 ferm\u00e9e  ,\n\u25aa M905,\n\u25aa Bd de Chicago,\n\u25aa Av de l'Europe,\n\u25aa M996 route de Dijon,\n\u25aa M124 Bd des Industries,\n\u25aa M124 Bd Eiffel,\n\u25aa M122A Bd de Beauregard,\n\u25aa M122r,\n\u25aa RP de Palissy,\n\u25aa M122r,\n\u25aa Retour par B6 de l'\u00e9changeur n\u00b047 de Beauregard.\n\u25e6 Depuis l'\u00e9changeur n\u00b045 de Franche-Comt\u00e9,   B8 ferm\u00e9e  ,  \n\u25aa M905,\n\u25aa \u00c9changeur n\u00b045 Franche-Comt\u00e9 B2, B3,\n\u25aa M905,\n\u25aa Bd de Chicago,\n\u25aa Av de l'Europe,\n\u25aa M996 route de Dijon,\n\u25aa M124 Bd des Industries,\n\u25aa M124 Bd Eiffel,\n\u25aa M122A Bd de Beauregard,\n\u25aa M122r,\n\u25aa RP de Palissy,\n\u25aa M122r,\n\u25aa Retour par B6 de l'\u00e9changeur n\u00b047 de Beauregard.\n\u25e6 depuis l'\u00e9changeur n\u00b047 de Beauregard, B5 ferm\u00e9e  ,\n\u25aa M122r,\n\u25aa RP de Palissy,\n\u25aa M122r,\n\u25aa Retour par B6 de l'\u00e9changeur n\u00b047 de Beauregard.\nRestriction de circulation\nLes  voies  rapide  et  lente  seront  neutralis\u00e9es  par  balisage  FLR  (fl\u00e8che  de  rabattement\nlumineuse) 500m en amont de la bretelle de sortie obligatoire n\u00b05 de l'\u00e9changeur n\u00b045\nFranche-Comt\u00e9 (PR) de la M274.\nDirection d\u00e9partementale des territoires de la C\u00f4te-d'Or\n57 rue de Mulhouse- BP 53317 - 21033 DIJON cedex\nt\u00e9l : 03 80 29 44 44 \u2013 Courriel : ddt@cote-dor.gouv.fr\nDirection d\u00e9partementale des territoires de la C\u00f4te-d'Or - 21-2024-06-05-00003 - Arr\u00eat\u00e9 n\u00b0 954 portant r\u00e9glementation temporaire de\nla circulation pour des travaux d\u25a1entretien des accotements et fauchage de la M274, du PR 0+000 au PR 18+300 dans les deux sens de\ncirculation sur les communes de Longvic, Dijon, Saint-Apollinaire, Ruffey-les-Echirey, Ahuy, Fontaine-les-Dijon, Daix, Talant et\nPlombi\u00e8res-les-Dijon\n23\nPhase 8     :  \nFermetures de bretelles\nLes bretelles d'entr\u00e9es n\u00b02, 6, 8 et de sorties n\u00b03, 7 de l'\u00e9changeur 45- Franche-comt\u00e9  (PR\n4+250) de la M274 seront ferm\u00e9es successivement \u00e0 la circulation.\nDes d\u00e9viations seront mises en place \u00e0 l'attention des usagers :\n\u25e6 Bretelle n\u00b02 ferm\u00e9e  \n\u25aa A39, sortie bretelle n\u00b02,\n\u25aa M905B\n\u25aa Demi tour giratoire M905B/M122A\n\u25aa M905B\n\u25aa A39\n\u25aa Retour M274.\n\u25e6 Bretelle n\u00b03 ferm\u00e9e  \n\u25aa M274\n\u25aa \u00c9changeur n\u00b042 Arc\n\u2022 bretelle de sortie n\u00b01\n\u2022 bretelle d'entr\u00e9e n\u00b04\n\u25aa M274\n\u25aa \u00c9changeur n\u00b045 Franche-Comt\u00e9 bretelle de sortie n\u00b05\n\u25e6 Bretelle n\u00b06 ferm\u00e9e  \n\u25aa M905\n\u25aa Rue de Neuilly,\n\u25aa M905\n\u25aa Retour M274 via \u00e9changeur n\u00b045 Franche-Comt\u00e9 bretelle n\u00b08.\n\u25e6 Bretelle n\u00b07 ferm\u00e9e  \n\u25aa M274,\n\u25aa \u00c9changeur n\u00b047 Beauregard\n\u2022 bretelle n\u00b04\n\u2022 bretelle n\u00b03\n\u25aa M274\n\u25aa \u00c9changeur n\u00b045 Franche-Comt\u00e9 bretelle n\u00b01\n\u25e6 Bretelle n\u00b08 ferm\u00e9e  \n\u25aa M905,\n\u25aa \u00c9changeur n\u00b045 Franche-Comt\u00e9\n\u2022 bretelle n\u00b02,\n\u2022 bretelle n\u00b03\n\u2022 bretelle n\u00b06\n\u25aa Retour M274\nArticle 2 \nLes dispositions du pr\u00e9sent arr\u00eat\u00e9 s'appliqueront la nuit, de 21 h 00 \u00e0 6 h 00 :\nPhase 1 : du 18 au 19 juin 2024\nPhase 2 : du 19 au 20 juin 2024\nPhase 3 : du 20 au 21 juin 2024\nPhase 4 : du 24 au 25 juin et du 25 au 26 juin 2024\nDirection d\u00e9partementale des territoires de la C\u00f4te-d'Or\n57 rue de Mulhouse- BP 53317 - 21033 DIJON cedex\nt\u00e9l : 03 80 29 44 44 \u2013 Courriel : ddt@cote-dor.gouv.fr\nDirection d\u00e9partementale des territoires de la C\u00f4te-d'Or - 21-2024-06-05-00003 - Arr\u00eat\u00e9 n\u00b0 954 portant r\u00e9glementation temporaire de\nla circulation pour des travaux d\u25a1entretien des accotements et fauchage de la M274, du PR 0+000 au PR 18+300 dans les deux sens de\ncirculation sur les communes de Longvic, Dijon, Saint-Apollinaire, Ruffey-les-Echirey, Ahuy, Fontaine-les-Dijon, Daix, Talant et\nPlombi\u00e8res-les-Dijon\n24\nPhase 5 : du 26 au 27 juin et du 27 au 28 juin 2024\nPhase 6 : du 1 au 2 juillet et du 2 au 3 juillet 2024\nPhase 7 : du 9 au 10 juillet et du 10 au 11 juillet 2024\nPhase 8 : du 11 au 12 juillet 2024\nArticle 3 \nCertaines  phases  pr\u00e9paratoires  ou  de  mise  en  place  de  la  signalisation  du  chantier\npourront  n\u00e9cessiter  des  r\u00e9ductions  momentan\u00e9es  de  chauss\u00e9e  ou  des  interruptions\ncourtes de circulation.\nArticle 4 \nSur le parcours des sections soumises \u00e0 ces restrictions provisoires, les conducteurs des\nv\u00e9hicules devront le cas \u00e9ch\u00e9ant, se conformer aux indications des Services de Police et\ndes agents  de la Direction Interd\u00e9partementale des Routes Centre-Est, tant en ce qui\nconcerne le trajet \u00e0 suivre que l'arr\u00eat s'il leur est prescrit.\nArticle 5 \nLe passage des convois exceptionnels sera interdit sur l'itin\u00e9raire de d\u00e9viation.\nArticle 6 \nLa  signalisation  r\u00e9glementaire,  conforme  \u00e0  l'instruction  interminist\u00e9rielle  (Livre I  \u2013  8e\npartie) approuv\u00e9e par arr\u00eat\u00e9 interminist\u00e9riel le 6 novembre 1992 et aux manuels du chef\nde chantier, sera fournie, mise en place et maintenue par le CEI de Dijon.\nArticle 7\nLes infractions au pr\u00e9sent arr\u00eat\u00e9 seront constat\u00e9es par proc\u00e8s-verbaux dress\u00e9s par les\nforces de l'ordre.\nArticle 8 \nLors de l'ach\u00e8vement des tr avaux et  avant le r\u00e9tablissement normal de la circulation, la\nchauss\u00e9e devra \u00eatre propre et satisfaire aux conditions normales de s\u00e9curit\u00e9.\nArticle 9 \nLe pr\u00e9sent arr\u00eat\u00e9 sera affich\u00e9 aux abords imm\u00e9diats du chantier.\nArticle 10\nLe pr\u00e9sent arr\u00eat\u00e9 peut faire l'objet d'un recours  gracieux aupr\u00e8s  du pr\u00e9fet et/ou d'un\nrecours contentieux devant le tribunal administratif dans un d\u00e9lai de 2 mois \u00e0 compter de\nsa notification.\nLe tribunal administratif peut \u00eatre saisi par un recours d\u00e9pos\u00e9 via l'application T\u00e9l\u00e9recours\ncitoyens accessible par le site internet www.telerecours.fr \u00bb.\nDirection d\u00e9partementale des territoires de la C\u00f4te-d'Or\n57 rue de Mulhouse- BP 53317 - 21033 DIJON cedex\nt\u00e9l : 03 80 29 44 44 \u2013 Courriel : ddt@cote-dor.gouv.fr\nDirection d\u00e9partementale des territoires de la C\u00f4te-d'Or - 21-2024-06-05-00003 - Arr\u00eat\u00e9 n\u00b0 954 portant r\u00e9glementation temporaire de\nla circulation pour des travaux d\u25a1entretien des accotements et fauchage de la M274, du PR 0+000 au PR 18+300 dans les deux sens de\ncirculation sur les communes de Longvic, Dijon, Saint-Apollinaire, Ruffey-les-Echirey, Ahuy, Fontaine-les-Dijon, Daix, Talant et\nPlombi\u00e8res-les-Dijon\n25\nArticle 11\n- Le Directeur de Cabinet du pr\u00e9fet de la C\u00f4te-d'Or,\n- La Directrice Interd\u00e9partementale des Routes Centre-Est,\n- Le Directeur Interd\u00e9partemental de la Police Nationale,\n- Le  Commandant  de  la  R\u00e9gion  de  Gendarmerie  de  Bourgogne-Franche-Comt\u00e9  et  du\nGroupement de C\u00f4te-d'Or,\n- Le Pr\u00e9sident de Dijon M\u00e9tropole,\n- Le Directeur de l'entreprise adjudicataire des travaux,\nsont charg\u00e9s, chacun en ce qui le concerne, de l'ex\u00e9cution du pr\u00e9sent arr\u00eat\u00e9.\nLe pr\u00e9sent arr\u00eat\u00e9 sera publi\u00e9 au recueil des actes administratifs de la Pr\u00e9fecture de la\nC\u00f4te-d'Or.\nUne copie du pr\u00e9sent arr\u00eat\u00e9 sera adress\u00e9e pour information :\n- \u00e0 la soci\u00e9t\u00e9 APRR\n- au Service D\u00e9partemental d'Incendie et de Secours de la C\u00f4te-d'Or,\n- au SAMU de Dijon,\n- au Service R\u00e9gional d'Exploitation de Moulins de la DIR Centre-Est (Cellule Gestion\nde la Route, PC et district de M\u00e2con),\n- au service exploitation et s\u00e9curit\u00e9/ cellule exploitation et gestion du trafic de la DIR\nCentre-Est,\n- au CEI de Dijon M\u00e9tropole,\n- \u00e0 la direction de l'exploitation de Dijon M\u00e9tropole,\n- aux communes de Longvic, Dijon, Saint-Apollinaire, d'Ahuy, Fontaine-les-Dijon, Daix,\nTalant, Plombi\u00e8res-les-Dijon.\nFait \u00e0 Dijon, le 5 juin 2024\nLe pr\u00e9fet,\nPour le pr\u00e9fet, par d\u00e9l\u00e9gation,\nLe directeur de cabinet,\nOriginal sign\u00e9\nOlivier GERSTLE\nDirection d\u00e9partementale des territoires de la C\u00f4te-d'Or\n57 rue de Mulhouse- BP 53317 - 21033 DIJON cedex\nt\u00e9l : 03 80 29 44 44 \u2013 Courriel : ddt@cote-dor.gouv.fr\nDirection d\u00e9partementale des territoires de la C\u00f4te-d'Or - 21-2024-06-05-00003 - Arr\u00eat\u00e9 n\u00b0 954 portant r\u00e9glementation temporaire de\nla circulation pour des travaux d\u25a1entretien des accotements et fauchage de la M274, du PR 0+000 au PR 18+300 dans les deux sens de\ncirculation sur les communes de Longvic, Dijon, Saint-Apollinaire, Ruffey-les-Echirey, Ahuy, Fontaine-les-Dijon, Daix, Talant et\nPlombi\u00e8res-les-Dijon\n26\nDirection d\u00e9partementale des territoires de la\nC\u00f4te-d'Or\nService S\u00e9curit\u00e9 et Education Routi\u00e8re\n21-2024-06-05-00004\nArr\u00eat\u00e9 N\u00b0 955 portant r\u00e9glementation\ntemporaire de la circulation pour des travaux de\nr\u00e9parations de dispositifs de retenue sur la M274\nentra\u00eenant des coupures d\u25a1axe dans le sens1, du\nPR 12+900 au PR 13+300 et dans le giratoire de\nl\u25a1\u00e9changeur n\u00b0 37 \u00e0 Ahuy (PR 13+050) sur les\ncommunes de Dijon, Ahuy et Fontaine-les-Dijon.\nDirection d\u00e9partementale des territoires de la C\u00f4te-d'Or - 21-2024-06-05-00004 - Arr\u00eat\u00e9 N\u00b0 955 portant r\u00e9glementation temporaire de\nla circulation pour des travaux de r\u00e9parations de dispositifs de retenue sur la M274 entra\u00eenant des coupures d\u25a1axe dans le sens1, du PR\n12+900 au PR 13+300 et dans le giratoire de l\u25a1\u00e9changeur n\u00b0 37 \u00e0 Ahuy (PR 13+050) sur les communes de Dijon, Ahuy et\nFontaine-les-Dijon.\n27\nExPREFETDE LACOTE-D'ORL,z'berte'Egalit\u00e9Fraternit\u00e9\nDirection d\u00e9partementale des territoires\nde la C\u00f4te-d'Or\nService de la S\u00e9curit\u00e9 et de l'\u00c9ducation Routi\u00e8re\nBureau de la S\u00e9curit\u00e9 Routi\u00e8re\nDijon, le 5 juin 2024\nArr\u00eat\u00e9 N\u00b0 955\nportant r\u00e9glementation temporaire de la circulation pour des travaux de r\u00e9parations de\ndispositifs de retenue sur la M274 entra\u00eenant des coupures d'axe dans le sens1, du PR\n12+900 au PR 13+300 et dans le giratoire de l'\u00e9changeur n\u00b0 37 \u00e0 Ahuy (PR 13+050) sur les\ncommunes de Dijon, Ahuy et Fontaine-les-Dijon.\nLe pr\u00e9fet de la C\u00f4te-d'Or\nVU le Code de la Route ;\nVU le Code de la Voirie Routi\u00e8re ;\nVU la loi n\u00b02022-217 du 21 f\u00e9vrier 2022 relative \u00e0 la diff\u00e9renciation, la d\u00e9centralisation, la\nd\u00e9concentration  et  portant  diverses  mesures  de  simplification  de  l'action  publique\nlocale ;\nVU le  d\u00e9cret  en  Conseil  d'\u00c9tat  du  6  f\u00e9vrier  1980  d\u00e9clarant  d'utilit\u00e9  publique  la\nconstruction de la rocade Est de Dijon et lui conf\u00e9rant le statut de route express ;\nVU le d\u00e9cret 2009- 615 du 3 juin 2009 modifi\u00e9, fixant la liste des routes class\u00e9es \u00e0 grande\ncirculation ;\nDirection d\u00e9partementale des territoires de la C\u00f4te-d'Or\n57 rue de Mulhouse- BP 53317 - 21033 DIJON cedex\nt\u00e9l : 03 80 29 44 44 \u2013 Courriel : ddt@cote-dor.gouv.fr\nDirection d\u00e9partementale des territoires de la C\u00f4te-d'Or - 21-2024-06-05-00004 - Arr\u00eat\u00e9 N\u00b0 955 portant r\u00e9glementation temporaire de\nla circulation pour des travaux de r\u00e9parations de dispositifs de retenue sur la M274 entra\u00eenant des coupures d\u25a1axe dans le sens1, du PR\n12+900 au PR 13+300 et dans le giratoire de l\u25a1\u00e9changeur n\u00b0 37 \u00e0 Ahuy (PR 13+050) sur les communes de Dijon, Ahuy et\nFontaine-les-Dijon.\n28\n2/5\nVU le d\u00e9cret n\u00b02022-459 du 30 mars 2022 fixant la liste des voies non conc\u00e9d\u00e9es du\ndomaine  public  routier  national  qui  peuvent  \u00eatre  transf\u00e9r\u00e9es  aux  d\u00e9partements  et\nm\u00e9tropoles ou mises \u00e0 disposition des r\u00e9gions dans les conditions pr\u00e9vues aux articles 38\net 40 de la loi n\u00b02022-217 du 21 f\u00e9vrier 2022 ;\nVU le d\u00e9cret du 26 septembre 2022 nommant Monsieur  Franck ROBINE,  pr\u00e9fet de la\nr\u00e9gion Bourgogne-Franche-Comt\u00e9, Pr\u00e9fet de la C\u00f4te-d'Or (hors classe) ;\nVU  l'arr\u00eat\u00e9 interminist\u00e9riel du 24 novembre 1967 modifi\u00e9, relatif \u00e0 la signalisation des\nroutes et autoroutes ;\nVU  l'arr\u00eat\u00e9 interminist\u00e9riel du 6 novembre 1992 modifi\u00e9, approuvant les dispositions de\nl'instruction interminist\u00e9rielle sur la signalisation routi\u00e8re ;\nVU l'arr\u00eat\u00e9  pr\u00e9fectoral  n\u00b021-2023-05-02-00001  du  2  mai  2023  relatif  au  transfert  au\nd\u00e9partement de C\u00f4te-d'Or de sections de routes et autoroutes class\u00e9es dans le domaine\npublic routier national ;\nVU  l'arr\u00eat\u00e9  pr\u00e9fectoral  n\u00b021-2023-05-02-00002  du  2  mai  2023 relatif  au  transfert  \u00e0  la\nM\u00e9tropole de Dijon de sections de routes et autoroutes class\u00e9es dans le domaine public\nroutier national ;\nVU  l'arr\u00eat\u00e9 pr\u00e9fectoral  n\u00b0148/SG du 18 janvier 2024 donnant d\u00e9l\u00e9gation de signature \u00e0\nMonsieur Olivier GERSTLE, sous-pr\u00e9fet, directeur de cabinet du pr\u00e9fet de la C\u00f4te-d'Or ;\nVU  la circulaire du  2 f\u00e9vrier 2024  relative au calendrier des jours \u00ab  hors chantier  \u00bb pour\nl'ann\u00e9e 2024 et le mois de janvier 2025 ;\nVU la demande pr\u00e9sent\u00e9e par la M\u00e9tropole de Dijon - CEI de Dijon le 03 juin 2024 ;\nCONSID\u00c9RANT que pendant les tr avaux de r\u00e9parations des dispositifs de retenue r\u00e9alis\u00e9s\nde jour sur le r\u00e9seau de la M274, avec coupures d'axe dans le sens 1, du PR 12+900 au PR\n13+300 et dans le giratoire de l'\u00e9changeur n\u00b0 37 Ahuy (PR 13+050), il y a lieu  de pr\u00e9ciser les\nconditions de circulation, afin de pr\u00e9venir tout risque d'accident, de faciliter la bonne\nex\u00e9cution des travaux et d'assurer un \u00e9coulement satisfaisant du trafic ;\nCONSID\u00c9RANT  que  la  section  concern\u00e9e  par  les  op\u00e9rations  est  situ\u00e9e  hors\nagglom\u00e9ration ;\nSUR proposition de Madame la Directrice D\u00e9partementale des  Territoires  de la C\u00f4te-\nd'Or ;\nARR\u00caTE\nArticle 1 :\nPendant l'ex\u00e9cution des travaux ci-dessus d\u00e9sign\u00e9s sur la M274, la circulation s'effectuera\ndans les conditions suivantes :\nDirection d\u00e9partementale des territoires de la C\u00f4te-d'Or\n57 rue de Mulhouse- BP 53317 - 21033 DIJON cedex\nt\u00e9l : 03 80 29 44 44 \u2013 Courriel : ddt@cote-dor.gouv.fr\nDirection d\u00e9partementale des territoires de la C\u00f4te-d'Or - 21-2024-06-05-00004 - Arr\u00eat\u00e9 N\u00b0 955 portant r\u00e9glementation temporaire de\nla circulation pour des travaux de r\u00e9parations de dispositifs de retenue sur la M274 entra\u00eenant des coupures d\u25a1axe dans le sens1, du PR\n12+900 au PR 13+300 et dans le giratoire de l\u25a1\u00e9changeur n\u00b0 37 \u00e0 Ahuy (PR 13+050) sur les communes de Dijon, Ahuy et\nFontaine-les-Dijon.\n29\n3/5\nRestriction de circulation :\nLa circulation des usagers sur la M274 dans le sens 1 (Lyon - Paris) du PR 12+900 au PR\n13+300 au niveau de l'\u00e9changeur n\u00b0 37 Ahuy (PR 13+050) sera interdite.\nLes usagers emprunteront les d\u00e9viations suivantes :\nSens 1 (Lyon - Paris) :\n\u2022 Sortie obligatoire par  l a bretelle  n\u00b01  nord-est  de l'\u00e9changeur  n\u00b0 37\nAhuy (PR 13+050),\n\u2022 M107A,\n\u2022 Retour  sur  M274  via bretelle  n\u00b02 Nord-Ouest  de  l'\u00e9changeur  n\u00b0 37\nAhuy (PR 13+050).\nSens 2 (Paris \u2013 Lyon) :\nLe  demi-tour  sur  la  bretelle  1  de  l'\u00e9changeur  n\u00b0  37  \u2013 Ahuy  (PR 13+050  -\ngiratoire) sera interdit aux usagers.\nLes  usagers  en  direction  de  Lyon  qui  souhaiteront  faire  demi-tour  pour\nrepartir en direction de Paris, emprunteront la d\u00e9viation suivante :\n\u2022 Sortie par la bretelle B3 de l'\u00e9changeur n\u00b0 37 \u2013 Ahuy (PR 13+050)\n\u2022 M107A\n\u2022 Retour M274 via bretelle n\u00b02 Nord-Ouest de l'\u00e9changeur n\u00b0 37 \u2013 Ahuy\n(PR 13+050).\nArticle 2 :\nLes dispositions du pr\u00e9sent arr\u00eat\u00e9 s'appliqueront de 9h00 \u00e0 16h00 le lundi 1 juillet 2024.\nArticle 3 :\nCertaines  phases  pr\u00e9paratoires  ou  de  mise  en  place  de  la  signalisation  du  chantier\npourront  n\u00e9cessiter  des  r\u00e9ductions  momentan\u00e9es  de  chauss\u00e9e  ou  des  interruptions\ncourtes de circulation.\nArticle 4 :\nSur le parcours des sections soumises \u00e0 ces restrictions provisoires, les conducteurs des\nv\u00e9hicules devront le cas \u00e9ch\u00e9ant, se conformer aux indications des services de police et\ndes  agents  de  la  direction  interd\u00e9partementale des  routes  Centre-Est,  tant  en ce qui\nconcerne le trajet \u00e0 suivre que l'arr\u00eat s'il leur est prescrit.\nArticle 5 :\nLe passage des convois exceptionnels sera interdit sur l'itin\u00e9raire de d\u00e9viation.\nDirection d\u00e9partementale des territoires de la C\u00f4te-d'Or\n57 rue de Mulhouse- BP 53317 - 21033 DIJON cedex\nt\u00e9l : 03 80 29 44 44 \u2013 Courriel : ddt@cote-dor.gouv.fr\nDirection d\u00e9partementale des territoires de la C\u00f4te-d'Or - 21-2024-06-05-00004 - Arr\u00eat\u00e9 N\u00b0 955 portant r\u00e9glementation temporaire de\nla circulation pour des travaux de r\u00e9parations de dispositifs de retenue sur la M274 entra\u00eenant des coupures d\u25a1axe dans le sens1, du PR\n12+900 au PR 13+300 et dans le giratoire de l\u25a1\u00e9changeur n\u00b0 37 \u00e0 Ahuy (PR 13+050) sur les communes de Dijon, Ahuy et\nFontaine-les-Dijon.\n30\n4/5\nArticle 6 :\nLa  signalisation  r\u00e9glementaire,  conforme  \u00e0  l'instruction  interminist\u00e9rielle  (Livre I  \u2013  8e\npartie) approuv\u00e9e par arr\u00eat\u00e9 interminist\u00e9riel le 6 novembre 1992 et aux manuels du chef\nde chantier, sera fournie, mise en place et maintenue par le CEI de Dijon.\nArticle 7 :\nLes infractions au pr\u00e9sent arr\u00eat\u00e9 seront constat\u00e9es par proc\u00e8s-verbaux dress\u00e9s par les\nforces de l'ordre.\nArticle 8 :\nLors de l'ach\u00e8vement des tr avaux et  avant le r\u00e9tablissement normal de la circulation, la\nchauss\u00e9e devra \u00eatre propre et satisfaire aux conditions normales de s\u00e9curit\u00e9.\nArticle 9 :\nLe pr\u00e9sent arr\u00eat\u00e9 sera affich\u00e9 aux abords imm\u00e9diats du chantier.\nArticle 10 :\nLe pr\u00e9sent arr\u00eat\u00e9 peut faire l'objet d'un recours  gracieux aupr\u00e8s  du pr\u00e9fet et/ou d'un\nrecours contentieux devant le tribunal administratif dans un d\u00e9lai de 2 mois \u00e0 compter de\nsa notification.\nLe tribunal administratif peut \u00eatre saisi par un recours d\u00e9pos\u00e9 via l'application T\u00e9l\u00e9recours\ncitoyens accessible par le site internet www.telerecours.fr \u00bb.\nArticle 11 :\n- Le Directeur de Cabinet du pr\u00e9fet de la C\u00f4te-d'Or,\n- Le Pr\u00e9sident de Dijon M\u00e9tropole,\n- Le Directeur Interd\u00e9partemental de la Police Nationale,\n- Le  Commandant  de  la  R\u00e9gion  de  Gendarmerie  de  Bourgogne-Franche-Comt\u00e9  et  du\nGroupement de C\u00f4te-d'Or,\n- La Directrice Interd\u00e9partementale des Routes Centre-Est,\nsont charg\u00e9s, chacun en ce qui le concerne, de l'ex\u00e9cution du pr\u00e9sent arr\u00eat\u00e9.\nLe pr\u00e9sent arr\u00eat\u00e9 sera publi\u00e9 au recueil des actes administratifs de la Pr\u00e9fecture de la\nC\u00f4te-d'Or.\nUne copie du pr\u00e9sent arr\u00eat\u00e9 sera adress\u00e9e pour information :\n- au Service D\u00e9partemental d'Incendie et de Secours de la C\u00f4te-d'Or,\n- \u00e0 la direction du SAMU de Dijon,\nDirection d\u00e9partementale des territoires de la C\u00f4te-d'Or\n57 rue de Mulhouse- BP 53317 - 21033 DIJON cedex\nt\u00e9l : 03 80 29 44 44 \u2013 Courriel : ddt@cote-dor.gouv.fr\nDirection d\u00e9partementale des territoires de la C\u00f4te-d'Or - 21-2024-06-05-00004 - Arr\u00eat\u00e9 N\u00b0 955 portant r\u00e9glementation temporaire de\nla circulation pour des travaux de r\u00e9parations de dispositifs de retenue sur la M274 entra\u00eenant des coupures d\u25a1axe dans le sens1, du PR\n12+900 au PR 13+300 et dans le giratoire de l\u25a1\u00e9changeur n\u00b0 37 \u00e0 Ahuy (PR 13+050) sur les communes de Dijon, Ahuy et\nFontaine-les-Dijon.\n31\n5/5\n- au Service R\u00e9gional d'Exploitation de Moulins de la DIR Centre-Est (Cellule Gestion de la\nRoute, PC et district de M\u00e2con),\n- au  service exploitation  et  s\u00e9curit\u00e9/cellule exploitation  et gestion  du  trafic  de  la DIR\nCentre-Est,\n- au CEI de Dijon M\u00e9tropole,\n- \u00e0 la direction de l'exploitation de Dijon M\u00e9tropole,\n- aux communes de Dijon, Ahuy, et Fontaine-les-Dijon.\nFait \u00e0 Dijon, le 5 juin 2024\nLe pr\u00e9fet,\nPour le pr\u00e9fet, par d\u00e9l\u00e9gation,\nLe directeur de cabinet,\nOriginal Sign\u00e9\nOlivier GERSTLE\nDirection d\u00e9partementale des territoires de la C\u00f4te-d'Or\n57 rue de Mulhouse- BP 53317 - 21033 DIJON cedex\nt\u00e9l : 03 80 29 44 44 \u2013 Courriel : ddt@cote-dor.gouv.fr\nDirection d\u00e9partementale des territoires de la C\u00f4te-d'Or - 21-2024-06-05-00004 - Arr\u00eat\u00e9 N\u00b0 955 portant r\u00e9glementation temporaire de\nla circulation pour des travaux de r\u00e9parations de dispositifs de retenue sur la M274 entra\u00eenant des coupures d\u25a1axe dans le sens1, du PR\n12+900 au PR 13+300 et dans le giratoire de l\u25a1\u00e9changeur n\u00b0 37 \u00e0 Ahuy (PR 13+050) sur les communes de Dijon, Ahuy et\nFontaine-les-Dijon.\n32\nDirection d\u00e9partementale des territoires de la\nC\u00f4te-d'Or\nService S\u00e9curit\u00e9 et Education Routi\u00e8re\n21-2024-06-09-00002\nArr\u00eat\u00e9 N\u00b0 962 portant r\u00e9glementation\ntemporaire de la circulation pour des travaux de\nr\u00e9parations de glissi\u00e8res de s\u00e9curit\u00e9 situ\u00e9es sur la\nbretelle n\u00b0 4 de l\u25a1\u00e9changeur 40 (PR 9+265), la\nbretelle n\u00b0 6 de l\u25a1\u00e9changeur 45 (PR 4+250), sur la\nbretelle n\u00b0 2 de l\u25a1\u00e9changeur 44 (PR 5+340) et sur\nles bretelles n\u00b0 2 et n\u00b0 6 de l\u25a1\u00e9changeur 47 (PR\n0+010) sur les communes de Dijon, Longvic et\nRuffey-les-Echirey.\nDirection d\u00e9partementale des territoires de la C\u00f4te-d'Or - 21-2024-06-09-00002 - Arr\u00eat\u00e9 N\u00b0 962 portant r\u00e9glementation temporaire de\nla circulation pour des travaux de r\u00e9parations de glissi\u00e8res de s\u00e9curit\u00e9 situ\u00e9es sur la bretelle n\u00b0 4 de l\u25a1\u00e9changeur 40 (PR 9+265), la\nbretelle n\u00b0 6 de l\u25a1\u00e9changeur 45 (PR 4+250), sur la bretelle n\u00b0 2 de l\u25a1\u00e9changeur 44 (PR 5+340) et sur les bretelles n\u00b0 2 et n\u00b0 6 de\nl\u25a1\u00e9changeur 47 (PR 0+010) sur les communes de Dijon, Longvic et Ruffey-les-Echirey.\n33\nExPREFETDE LACOTE-D'ORL,z'berte'Egalit\u00e9Fraternit\u00e9\nDirection d\u00e9partementale des territoires\nde la C\u00f4te-d'Or\nService de la S\u00e9curit\u00e9 et de l'\u00c9ducation Routi\u00e8re\nBureau de la S\u00e9curit\u00e9 Routi\u00e8re\nDijon, le 9 juin 2024\nArr\u00eat\u00e9 N\u00b0 962\nportant r\u00e9glementation temporaire de la circulation pour des travaux de r\u00e9parations de\nglissi\u00e8res de s\u00e9curit\u00e9 situ\u00e9es sur la bretelle n\u00b0 4 de l'\u00e9changeur 40 (PR 9+265), la bretelle n\u00b0\n6 de l'\u00e9changeur 45 (PR 4+250), sur la bretelle n\u00b0 2 de l'\u00e9changeur 44 (PR 5+340) et sur les\nbretelles n\u00b0 2 et n\u00b0 6 de l'\u00e9changeur 47 (PR 0+010) sur les communes de Dijon, Longvic et\nRuffey-les-Echirey.\nLe pr\u00e9fet de la C\u00f4te-d'Or\nVU le Code de la Route ;\nVU le Code de la Voirie Routi\u00e8re ;\nVU la loi n\u00b02022-217 du 21 f\u00e9vrier 2022 relative \u00e0 la diff\u00e9renciation, la d\u00e9centralisation, la\nd\u00e9concentration  et  portant  diverses  mesures  de  simplification  de  l'action  publique\nlocale ;\nVU le  d\u00e9cret  en  Conseil  d'\u00c9tat  du  6  f\u00e9vrier  1980  d\u00e9clarant  d'utilit\u00e9  publique  la\nconstruction de la rocade Est de Dijon et lui conf\u00e9rant le statut de route express ;\nVU le d\u00e9cret 2009- 615 du 3 juin 2009 modifi\u00e9, fixant la liste des routes class\u00e9es \u00e0 grande\ncirculation ;\nDirection d\u00e9partementale des territoires de la C\u00f4te-d'Or\n57 rue de Mulhouse- BP 53317 - 21033 DIJON cedex\nt\u00e9l : 03 80 29 44 44 \u2013 Courriel : ddt@cote-dor.gouv.fr\nDirection d\u00e9partementale des territoires de la C\u00f4te-d'Or - 21-2024-06-09-00002 - Arr\u00eat\u00e9 N\u00b0 962 portant r\u00e9glementation temporaire de\nla circulation pour des travaux de r\u00e9parations de glissi\u00e8res de s\u00e9curit\u00e9 situ\u00e9es sur la bretelle n\u00b0 4 de l\u25a1\u00e9changeur 40 (PR 9+265), la\nbretelle n\u00b0 6 de l\u25a1\u00e9changeur 45 (PR 4+250), sur la bretelle n\u00b0 2 de l\u25a1\u00e9changeur 44 (PR 5+340) et sur les bretelles n\u00b0 2 et n\u00b0 6 de\nl\u25a1\u00e9changeur 47 (PR 0+010) sur les communes de Dijon, Longvic et Ruffey-les-Echirey.\n34\n2/5\nVU le d\u00e9cret n\u00b02022-459 du 30 mars 2022 fixant la liste des voies non conc\u00e9d\u00e9es du\ndomaine  public  routier  national  qui  peuvent  \u00eatre  transf\u00e9r\u00e9es  aux  d\u00e9partements  et\nm\u00e9tropoles ou mises \u00e0 disposition des r\u00e9gions dans les conditions pr\u00e9vues aux articles 38\net 40 de la loi n\u00b02022-217 du 21 f\u00e9vrier 2022 ;\nVU le d\u00e9cret du 26 septembre 2022 nommant Monsieur  Franck ROBINE,  pr\u00e9fet de la\nr\u00e9gion Bourgogne-Franche-Comt\u00e9, Pr\u00e9fet de la C\u00f4te-d'Or (hors classe) ;\nVU  l'arr\u00eat\u00e9 interminist\u00e9riel du 24 novembre 1967 modifi\u00e9, relatif \u00e0 la signalisation des\nroutes et autoroutes ;\nVU  l'arr\u00eat\u00e9 interminist\u00e9riel du 6 novembre 1992 modifi\u00e9, approuvant les dispositions de\nl'instruction interminist\u00e9rielle sur la signalisation routi\u00e8re ;\nVU l'arr\u00eat\u00e9  pr\u00e9fectoral  n\u00b021-2023-05-02-00001  du  2  mai  2023  relatif  au  transfert  au\nd\u00e9partement de C\u00f4te-d'Or de sections de routes et autoroutes class\u00e9es dans le domaine\npublic routier national ;\nVU  l'arr\u00eat\u00e9  pr\u00e9fectoral  n\u00b021-2023-05-02-00002  du  2  mai  2023 relatif  au  transfert  \u00e0  la\nM\u00e9tropole de Dijon de sections de routes et autoroutes class\u00e9es dans le domaine public\nroutier national ;\nVU  l'arr\u00eat\u00e9 pr\u00e9fectoral  n\u00b0148/SG du 18 janvier 2024 donnant d\u00e9l\u00e9gation de signature \u00e0\nMonsieur Olivier GERSTLE, sous-pr\u00e9fet, directeur de cabinet du pr\u00e9fet de la C\u00f4te-d'Or ;\nVU  la circulaire du  2 f\u00e9vrier 2024  relative au calendrier des jours \u00ab  hors chantier  \u00bb pour\nl'ann\u00e9e 2024 et le mois de janvier 2025 ;\nVU la demande pr\u00e9sent\u00e9e par la M\u00e9tropole de Dijon  - CEI de Dijon le 03 juin 2024 ;\nCONSID\u00c9RANT  que pendant les tr avaux  de r\u00e9paration des glissi\u00e8res de s\u00e9curit\u00e9 sur la\nM274, il y a lieu  de pr\u00e9ciser les conditions de circulation, afin de pr\u00e9venir tout risque\nd'accident,  de  faciliter  la  bonne  ex\u00e9cution  des  tr avaux  et  d'assurer  un  \u00e9coulement\nsatisfaisant du trafic ;\nCONSID\u00c9RANT  que  la  section  concern\u00e9e  par  les  op\u00e9rations  est  situ\u00e9e  hors\nagglom\u00e9ration ;\nSUR proposition de Madame la Directrice D\u00e9partementale des  Territoires  de la C\u00f4te-\nd'Or ;\nARR\u00caTE\nArticle 1 :\nPendant l'ex\u00e9cution des travaux ci-dessus d\u00e9sign\u00e9s sur la M274, la circulation s'effectuera\ndans les conditions suivantes :\nDirection d\u00e9partementale des territoires de la C\u00f4te-d'Or\n57 rue de Mulhouse- BP 53317 - 21033 DIJON cedex\nt\u00e9l : 03 80 29 44 44 \u2013 Courriel : ddt@cote-dor.gouv.fr\nDirection d\u00e9partementale des territoires de la C\u00f4te-d'Or - 21-2024-06-09-00002 - Arr\u00eat\u00e9 N\u00b0 962 portant r\u00e9glementation temporaire de\nla circulation pour des travaux de r\u00e9parations de glissi\u00e8res de s\u00e9curit\u00e9 situ\u00e9es sur la bretelle n\u00b0 4 de l\u25a1\u00e9changeur 40 (PR 9+265), la\nbretelle n\u00b0 6 de l\u25a1\u00e9changeur 45 (PR 4+250), sur la bretelle n\u00b0 2 de l\u25a1\u00e9changeur 44 (PR 5+340) et sur les bretelles n\u00b0 2 et n\u00b0 6 de\nl\u25a1\u00e9changeur 47 (PR 0+010) sur les communes de Dijon, Longvic et Ruffey-les-Echirey.\n35\n3/5\nFermeture de bretelles sens 1 (Lyon-Paris) :\nLa bretelle n\u00b0     2 de l'\u00e9changeur 47 \u2013 Beauregard (PR 0+010) sera interdite \u00e0 la circulation.  \nUne d\u00e9viation sera mise en place \u00e0 l'attention des usagers :\n\u2022 M 122a\n\u2022 retour M 274 via la bretelle n\u00b0 3 de l'\u00e9changeur 47 \u2013 Beauregard \n(PR 0+010).\n\u2022\nLa bretelle n\u00b0     2 de l'\u00e9changeur 44 \u2013 Mirande (PR     5+340) sera interdite \u00e0 la circulation.  \nUne d\u00e9viation sera mise en place \u00e0 l'attention des usagers :\n\u2022 Rue Pierre de Coubertin (M 126)\n\u2022 Retour sur la M274 via la bretelle d'acc\u00e8s n\u00b0  2 de l'\u00e9changeur 43 \u2013\nQu\u00e9tigny (PR 5+625).\nFermeture de bretelles sens 2 (Paris-Lyon) :\nLa bretelle n\u00b0     4 de l'\u00e9changeur 40 \u2013 Malines (PR 9+625) sera interdite \u00e0 la circulation.  \nUne d\u00e9viation sera mise en place \u00e0 l'attention des usagers :\n\u2022 Rue du Docteur Quignard\n\u2022 Rue de Mayence\n\u2022 Rue de Cracovie \n\u2022 Retour  sur la  M274 via la bretelle d'acc\u00e8s  n\u00b0 3  de l'\u00e9changeur  41 \u2013\nCracovie (PR 8+530).\nLa  bretelle  n\u00b0     6  de  l'\u00e9changeur  45  \u2013  Franche-Comt\u00e9  (PR  4+250)  sera  interdite  \u00e0  la  \ncirculation. \nUne d\u00e9viation sera mise en place \u00e0 l'attention des usagers :\nDepuis l'\u00e9changeur 45 \u2013 Franche-Comt\u00e9 (PR 4+250);\n\u2022 M905\n\u2022 rue de Neuilly\n\u2022 M905\n\u2022 retour M 274 via la bretelle d'acc\u00e8s n\u00b0 8 de l'\u00e9changeur 45 \u2013 Franche-\nComt\u00e9.\nLa bretelle n\u00b0     6 de l'\u00e9changeur 47 \u2013 Beauregard (PR 0+010) sera interdite \u00e0 la circulation.  \nUne d\u00e9viation sera mise en place \u00e0 l'attention des usagers :\n\u2022 M122a\n\u2022 A311 via bretelle n\u00b0 5 APRR de l'\u00e9changeur 47 \u2013 Beauregard (PR 0+010).\nRestriction de circulation :\nLa voie de droite de la M122r sera interdite \u00e0 la circulation 500 m en amont de l'acc\u00e8s aux\nbretelles n\u00b0 2 et n\u00b0 6 de l'\u00e9changeur 47 \u2013 Beauregard (PR 0+010).\nDirection d\u00e9partementale des territoires de la C\u00f4te-d'Or\n57 rue de Mulhouse- BP 53317 - 21033 DIJON cedex\nt\u00e9l : 03 80 29 44 44 \u2013 Courriel : ddt@cote-dor.gouv.fr\nDirection d\u00e9partementale des territoires de la C\u00f4te-d'Or - 21-2024-06-09-00002 - Arr\u00eat\u00e9 N\u00b0 962 portant r\u00e9glementation temporaire de\nla circulation pour des travaux de r\u00e9parations de glissi\u00e8res de s\u00e9curit\u00e9 situ\u00e9es sur la bretelle n\u00b0 4 de l\u25a1\u00e9changeur 40 (PR 9+265), la\nbretelle n\u00b0 6 de l\u25a1\u00e9changeur 45 (PR 4+250), sur la bretelle n\u00b0 2 de l\u25a1\u00e9changeur 44 (PR 5+340) et sur les bretelles n\u00b0 2 et n\u00b0 6 de\nl\u25a1\u00e9changeur 47 (PR 0+010) sur les communes de Dijon, Longvic et Ruffey-les-Echirey.\n36\n4/5\nArticle 2 :\nLes dispositions du pr\u00e9sent arr\u00eat\u00e9 s'appliqueront :\nLe lundi 8 juillet et le mardi 9 juillet 2024 de 9h00 \u00e0 16h00 (les travaux seront\nr\u00e9alis\u00e9s successivement dans les \u00e9changeurs).\nArticle 3 :\nCertaines  phases  pr\u00e9paratoires  ou  de  mise  en  place  de  la  signalisation  du  chantier\npourront  n\u00e9cessiter  des  r\u00e9ductions  momentan\u00e9es  de  chauss\u00e9e  ou  des  interruptions\ncourtes de circulation.\nArticle 4 :\nSur le parcours des sections soumises \u00e0 ces restrictions provisoires, les conducteurs des\nv\u00e9hicules devront le cas \u00e9ch\u00e9ant, se conformer aux indications des services de police et\ndes  agents  de  la  direction  interd\u00e9partementale des  routes  Centre-Est,  tant  en ce qui\nconcerne le trajet \u00e0 suivre que l'arr\u00eat s'il leur est prescrit.\nArticle 5 :\nLe passage des convois exceptionnels sera interdit sur l'itin\u00e9raire de d\u00e9viation.\nArticle 6 :\nLa  signalisation  r\u00e9glementaire,  conforme  \u00e0  l'instruction  interminist\u00e9rielle  (Livre  I  \u2013  8e\npartie) approuv\u00e9e par arr\u00eat\u00e9 interminist\u00e9riel le 6 novembre 1992 et aux manuels du chef\nde chantier, sera fournie, mise en place et maintenue par le CEI de Dijon.\nArticle 7 :\nLes infractions au pr\u00e9sent arr\u00eat\u00e9 seront constat\u00e9es par proc\u00e8s-verbaux dress\u00e9s par les\nforces de l'ordre.\nArticle 8 :\nLors de l'ach\u00e8vement des tr avaux et  avant le r\u00e9tablissement normal de la circulation, la\nchauss\u00e9e devra \u00eatre propre et satisfaire aux conditions normales de s\u00e9curit\u00e9.\nArticle 9 :\nLe pr\u00e9sent arr\u00eat\u00e9 sera affich\u00e9 aux abords imm\u00e9diats du chantier.\nDirection d\u00e9partementale des territoires de la C\u00f4te-d'Or\n57 rue de Mulhouse- BP 53317 - 21033 DIJON cedex\nt\u00e9l : 03 80 29 44 44 \u2013 Courriel : ddt@cote-dor.gouv.fr\nDirection d\u00e9partementale des territoires de la C\u00f4te-d'Or - 21-2024-06-09-00002 - Arr\u00eat\u00e9 N\u00b0 962 portant r\u00e9glementation temporaire de\nla circulation pour des travaux de r\u00e9parations de glissi\u00e8res de s\u00e9curit\u00e9 situ\u00e9es sur la bretelle n\u00b0 4 de l\u25a1\u00e9changeur 40 (PR 9+265), la\nbretelle n\u00b0 6 de l\u25a1\u00e9changeur 45 (PR 4+250), sur la bretelle n\u00b0 2 de l\u25a1\u00e9changeur 44 (PR 5+340) et sur les bretelles n\u00b0 2 et n\u00b0 6 de\nl\u25a1\u00e9changeur 47 (PR 0+010) sur les communes de Dijon, Longvic et Ruffey-les-Echirey.\n37\n5/5\nArticle 10 :\nLe pr\u00e9sent arr\u00eat\u00e9 peut faire l'objet d'un recours  gracieux aupr\u00e8s  du pr\u00e9fet et/ou d'un\nrecours contentieux devant le tribunal administratif dans un d\u00e9lai de 2 mois \u00e0 compter de\nsa notification.\nLe tribunal administratif peut \u00eatre saisi par un recours d\u00e9pos\u00e9 via l'application T\u00e9l\u00e9recours\ncitoyens accessible par le site internet www.telerecours.fr \u00bb.\nArticle 11 :\n- Le Directeur de Cabinet du pr\u00e9fet de la C\u00f4te-d'Or,\n- Le Pr\u00e9sident de Dijon M\u00e9tropole,\n- Le Directeur Interd\u00e9partemental de la Police Nationale,\n- Le  Commandant  de  la  R\u00e9gion  de  Gendarmerie  de  Bourgogne-Franche-Comt\u00e9  et  du\nGroupement de C\u00f4te-d'Or,\n- La Directrice Interd\u00e9partementale des Routes Centre-Est,\nsont charg\u00e9s, chacun en ce qui le concerne, de l'ex\u00e9cution du pr\u00e9sent arr\u00eat\u00e9.\nLe pr\u00e9sent arr\u00eat\u00e9 sera publi\u00e9 au recueil des actes administratifs de la Pr\u00e9fecture de la\nC\u00f4te-d'Or.\nUne copie du pr\u00e9sent arr\u00eat\u00e9 sera adress\u00e9e pour information :\n- au Service D\u00e9partemental d'Incendie et de Secours de la C\u00f4te-d'Or,\n- \u00e0 la direction du SAMU de Dijon,\n- au Service R\u00e9gional d'Exploitation de Moulins de la DIR Centre-Est (Cellule Gestion de la\nRoute, PC et district de M\u00e2con),\n- au  service exploitation  et  s\u00e9curit\u00e9/ cellule exploitation  et gestion  du  trafic  de  la DIR\nCentre-Est,\n- au CEI de Dijon M\u00e9tropole,\n- \u00e0 la direction de l'exploitation de Dijon M\u00e9tropole,\n- aux communes de Dijon, Longvic et Ruffey-les-Echirey.\nFait \u00e0 Dijon, le 9 juin 2024\nLe pr\u00e9fet,\nPour le pr\u00e9fet, par d\u00e9l\u00e9gation,\nLe directeur de cabinet,\nOriginal sign\u00e9\nOlivier GERSTLE\nDirection d\u00e9partementale des territoires de la C\u00f4te-d'Or\n57 rue de Mulhouse- BP 53317 - 21033 DIJON cedex\nt\u00e9l : 03 80 29 44 44 \u2013 Courriel : ddt@cote-dor.gouv.fr\nDirection d\u00e9partementale des territoires de la C\u00f4te-d'Or - 21-2024-06-09-00002 - Arr\u00eat\u00e9 N\u00b0 962 portant r\u00e9glementation temporaire de\nla circulation pour des travaux de r\u00e9parations de glissi\u00e8res de s\u00e9curit\u00e9 situ\u00e9es sur la bretelle n\u00b0 4 de l\u25a1\u00e9changeur 40 (PR 9+265), la\nbretelle n\u00b0 6 de l\u25a1\u00e9changeur 45 (PR 4+250), sur la bretelle n\u00b0 2 de l\u25a1\u00e9changeur 44 (PR 5+340) et sur les bretelles n\u00b0 2 et n\u00b0 6 de\nl\u25a1\u00e9changeur 47 (PR 0+010) sur les communes de Dijon, Longvic et Ruffey-les-Echirey.\n38\nDirection des services d\u00e9partementaux de\nl'\u00e9ducation nationale de C\u00f4te-d'Or\nGestion financi\u00e8re et logistique \n21-2024-06-05-00005\nArr\u00eat\u00e9 n\u00b0 021-2024-06-05-054- D\u00e9l\u00e9gation de\nsignature IA-DASEN M. Muller SG M. Petitjean\nDirection des services d\u00e9partementaux de l'\u00e9ducation nationale de C\u00f4te-d'Or - 21-2024-06-05-00005 - Arr\u00eat\u00e9 n\u00b0 021-2024-06-05-054-\nD\u00e9l\u00e9gation de signature IA-DASEN M. Muller SG M. Petitjean 39\nACAD \u00c9 M I E Direction des services d\u00e9partementauxde l'\u00e9ducation nationaleDE DIJON de C\u00f4te-d'Orijerte'Egalit\u00e9Fraternit\u00e9\nArr\u00eat\u00e9 n\u00b0 021-2024-06-05-054portant d\u00e9l\u00e9gation de signature \u00e0 Monsieur C\u00e9dric PETITJEAN, secr\u00e9taire g\u00e9n\u00e9ralde la direction des services d\u00e9partementaux de l'\u00c9ducation nationale de C\u00f4te-d'Oret \u00e0 Monsieur Dominique MATET, adjoint au directeur acad\u00e9mique des servicesd\u00e9partementaux de l'\u00e9ducation nationale de C\u00f4te-d'Or, charg\u00e9 du 1er degr\u00e9L'inspecteur d'acad\u00e9mie, directeur acad\u00e9mique des services de l''\u00e9ducation nationalede C\u00f4te-d'Or,\nVu le code de l'\u00e9ducation et notamment les articles D 222-20 et R 222-24 ;Vu le d\u00e9cret n\u00b0 85-899 du 21 ao\u00fbt 1985 relatif \u00e0 la d\u00e9concentration de certainesop\u00e9rations de gestion du personnel relevant du minist\u00e8re de l'\u00e9ducation nationale;Vu le d\u00e9cret n\u00b0 2012-16 du 5 janvier 2012 relatif \u00e0 l'organisation acad\u00e9mique ;Vu le d\u00e9cret du 28 septembre 2023 portant nomination de Monsieur David MULLER,dans l'emploi d'inspecteur d'acad\u00e9mie, directeur acad\u00e9mique des services del'\u00e9ducation nationale de C\u00f4te-d'Or,Vu l'arr\u00e9t\u00e9 minist\u00e9riel du 1 juin 2024 nommant Monsieur C\u00e9dric PETITJEAN dansl'emploi de secr\u00e9taire g\u00e9n\u00e9ral de la direction des services d\u00e9partementaux del'\u00e9ducation nationale de C\u00f4te-d'Or;Vu l'arr\u00eat\u00e9 du 24 d\u00e9cembre 2020 portant nomination, d\u00e9tachement et classement deMonsieur Dominique MATET dans l'emploi d'adjoint au directeur acad\u00e9mique desservices de l'\u00e9ducation nationale de C\u00f4te-d'Or, charg\u00e9 du 1er degr\u00e9 (acad\u00e9mie deDijon);Vu l'arr\u00e9t\u00e9 du 1\u00b0 octobre 2023 relatif \u00e0 la d\u00e9l\u00e9gation de signature du recteur del'acad\u00e9mie de Dijon, Monsieur Pierre N'GAHANE, \u00e0 l'inspecteur d'acad\u00e9mie, directeuracad\u00e9mique des services de l'\u00e9ducation nationale de la C\u00f4te-d'Or Monsieur DavidMULLER;\nDirection des services d\u00e9partementaux de l'\u00e9ducation nationale de C\u00f4te-d'Or - 21-2024-06-05-00005 - Arr\u00eat\u00e9 n\u00b0 021-2024-06-05-054-\nD\u00e9l\u00e9gation de signature IA-DASEN M. Muller SG M. Petitjean 40\nARRETEArticle 1 :D\u00e9l\u00e9gation de signature est donn\u00e9e \u00e0 Monsieur C\u00e9dric PETITJEAN, secr\u00e9taire g\u00e9n\u00e9ral,\u00e0 l'effet de signer les actes, courriers et mesures relevant des attributions etcomp\u00e9tences de l'inspecteur d'acad\u00e9mie, directeur acad\u00e9mique des services del''\u00e9ducation nationale dans les mati\u00e9res suivantes :\n1) Scolarit\u00e9 et vie scolaire dans le premier degr\u00e9- les conventions de stage d'observation pr\u00e9paratoire aux m\u00e9tiers del'enseignement et de psychologue de l'\u00e9ducation nationale du premier degr\u00e9 dansles \u00e9coles publiques de C\u00f4te-d'Or ;- les conventions de stage des \u00e9tudiants en masters 1 et 2 \u00ab m\u00e9tiers del'enseignement et de la formation \u00bb (MEEF), dans les \u00e9coles publiques de C\u00f4te-d'Or;- les agr\u00e9ments pour les intervenants ext\u00e9rieurs aux activit\u00e9s d'enseignementr\u00e9mun\u00e9r\u00e9s et b\u00e9n\u00e9voles dans les \u00e9coles maternelles et \u00e9l\u00e9mentaires publiques;- les d\u00e9cisions relatives aux dossiers de voyages scolaires avec nuit\u00e9es dans lepremier degr\u00e9.2) Enseignement du premier degr\u00e9- les rapports d'inspection des professeurs des \u00e9coles ;- les autorisations d'absence pour raisons familiales ou personnelles ;- les d\u00e9cisions relatives \u00e0 la r\u00e9partition des emplois d'instituteurs et de professeursdes \u00e9coles dans le d\u00e9partement;- le suivi des professeurs des \u00e9coles stagiaires;3) Scolarisation- les d\u00e9cisions et courriers aux familles et aux \u00e9tablissements portant surl'affectation des \u00e9l\u00e8ves (affectations individuelles) en coll\u00e8ge et en lyc\u00e9e ;- les lettres relatives au contr\u00f4le de |'obligation scolaire et au suivi de l'absent\u00e9isme;- les lettres d'avertissement aux familles en cas de non-respect de l'obligationscolaire ;- les courriers relatifs aux conseils de discipline ;- les affectation des \u00e9l\u00e8ves exclus par d\u00e9cision du conseil de discipline;- les courriers aux familles et aux \u00e9tablissements portant sur l'affectation des \u00e9l\u00e8vesen section d'enseignement g\u00e9n\u00e9ral et professionnel adapt\u00e9 (SEGPA), en unit\u00e9 localed'inclusion scolaire (ULIS), en 3\u00e8me pr\u00e9pa pro et en 3\u00e8me dispositif d'initiative auxm\u00e9tiers en alternance;- les courriers aux familles relatifs \u00e0 I'instruction \u00e0 domicile.Dispositifs relais- les convocations aux r\u00e9unions relatives aux dispositifs relais;- les courriers aux \u00e9tablissements et aux familles concernant les dispositifs relais(affectation, suivi).\n \n \n \n \n \nDirection des services d\u00e9partementaux de l'\u00e9ducation nationale de C\u00f4te-d'Or - 21-2024-06-05-00005 - Arr\u00eat\u00e9 n\u00b0 021-2024-06-05-054-\nD\u00e9l\u00e9gation de signature IA-DASEN M. Muller SG M. Petitjean 41\nEl\u00e9ves \u00e0 besoins \u00e9ducatifs particuliers- les r\u00e9ponses aux familles des enfants nouvellement arriv\u00e9s en France ;- les r\u00e9ponses aux familles relatives aux enfants du voyage et aux \u00e9l\u00e8vesintellectuellement pr\u00e9coces.- les conventions de coop\u00e9ration entre un professionnel du secteur de la sant\u00e9 ouUn service m\u00e9dico-social et une \u00e9cole publique ou un \u00e9tablissement public locald'enseignement.4) Ressources humaines- les d\u00e9cisions relatives au recrutement et la gestion des assistants d'\u00e9ducationexer\u00e7ant les fonctions d'auxiliaires de vie scolaire, des volontaires du service civique,des b\u00e9n\u00e9ficiaires de contrats Parcours emploi comp\u00e9tences;- les ordres de mission pour formation;- les bordereaux d'honoraires de visites m\u00e9dicales de m\u00e9decins agr\u00e9\u00e9es pour lesprofesseurs des \u00e9coles.5) Locaux et finances- les notifications aux communes, apr\u00e8s recensement et instruction des projetstransmis dans les services, l'avis pr\u00e9alable du repr\u00e9sentant de I'Etat \u00e0 la cr\u00e9ation etl'implantation des \u00e9coles et classes \u00e9l\u00e9mentaires et maternelles d'enseignementpublic;- les notifications aux communes, apr\u00e8s instruction des projets transmis dans lesservices, l'avis pr\u00e9alable du repr\u00e9sentant de l'\u00c9tat \u00e0 la d\u00e9saffectation des terrains,locaux scolaires et logements d'instituteurs;- les demandes d'achat et de subvention relatives aux BOP 140, 214 et 230;- les d\u00e9cisions relatives \u00e0 l'organisation et la gestion mat\u00e9rielle de la direction desservices d\u00e9partementaux de l'\u00e9ducation nationale\nArticle 2 :En cas d'absence ou d'emp\u00eachement de Monsieur C\u00e9dric PETITJEAN, d\u00e9l\u00e9gation designature est donn\u00e9e \u00e0 Monsieur Dominique MATET pour les mati\u00e8res \u00e9nonc\u00e9es au 1)et 2) du 1er article.\nArticle 3:Dans le cadre de leurs attributions respectives, les chefs de division sont autoris\u00e9s \u00e0signer tout document ne comportant pas de d\u00e9cisions (notes d'information, lettres,notifications d'actes administratifs, extraits d'actes collectifs).\nArticle 4 :Toutes dispositions ant\u00e9rieures au pr\u00e9sent arr\u00eat\u00e9 sont abrog\u00e9es.\n \n \n \n \n \n.\n \n \n \nDirection des services d\u00e9partementaux de l'\u00e9ducation nationale de C\u00f4te-d'Or - 21-2024-06-05-00005 - Arr\u00eat\u00e9 n\u00b0 021-2024-06-05-054-\nD\u00e9l\u00e9gation de signature IA-DASEN M. Muller SG M. Petitjean 42\nArticle 5 :Le secr\u00e9taire g\u00e9n\u00e9ral de la direction des services d\u00e9partementaux de l'\u00e9ducationnationale de C\u00f4te-d'Or est charg\u00e9 de l'ex\u00e9cution du pr\u00e9sent arr\u00e9t\u00e9 qui sera publi\u00e9 aurecueil des actes administratifs de la pr\u00e9fecture du d\u00e9partement de la C\u00f4te-d'Or etsera affich\u00e9 dans les locaux de la direction des services d\u00e9partementaux del'\u00e9ducation nationale de C\u00f4te-d'Or.\nFait \u00e0 Dijon, le 5 juin 2024\nL'inspecteur d'acad\u00e9mie,directeur acad\u00e9mique des services de I'\u00e9ducation nationale,\nDavid MULLER\n \nDirection des services d\u00e9partementaux de l'\u00e9ducation nationale de C\u00f4te-d'Or - 21-2024-06-05-00005 - Arr\u00eat\u00e9 n\u00b0 021-2024-06-05-054-\nD\u00e9l\u00e9gation de signature IA-DASEN M. Muller SG M. Petitjean 43\nPr\u00e9fecture de la C\u00f4te-d'Or\nDirection de la coordination, des politiques\npubliques et de l'appui territorial\n21-2024-06-09-00001\nArr\u00eat\u00e9 pr\u00e9fectoral n\u00b0961 du 9 juin 2024 portant\nhabilitation de la SARL PROJECTIVE GROUPE en\napplication des articles R.752-44-2 et R.752-44-3\ndu code du commerce pour l'\u00e9tablissement des\ncertificats de conformit\u00e9 des projets\nd'am\u00e9nagement commerciaux\nPr\u00e9fecture de la C\u00f4te-d'Or - 21-2024-06-09-00001 - Arr\u00eat\u00e9 pr\u00e9fectoral n\u00b0961 du 9 juin 2024 portant habilitation de la SARL PROJECTIVE\nGROUPE en application des articles R.752-44-2 et R.752-44-3 du code du commerce pour l'\u00e9tablissement des certificats de conformit\u00e9\ndes projets d'am\u00e9nagement commerciaux\n44\n\u00cbZPREFETDE LACOTE-D'ORLibert\u00e9Egalit\u00e9Fraternit\u00e9\nDirection de la coordination des politiques publiques\n et de l'appui territorial\nP\u00f4le environnement et urbanisme\nAffaire suivie par  M. Guillaume BROUILLARD\nT\u00e9l. : 03.80.44.65.21\nguillaume.brouillard@cote-dor.gouv.fr\net par Mme Ghislaine CLERC\nT\u00e9l : 03.80.44.66.27\nghislaine.clerc@cote-dor.gouv.fr\nDijon, le 9 juin 2024\nARRETE PREFECTORAL n\u00b0 961 du 9 JUIN 2024\nportant habilitation de la SARL PROJECTIVE GROUPE en application des articles R.752-\n44-2 et R752-44-3 du code du commerce pour l'\u00e9tablissement des certificats de conformit\u00e9 des\nprojets d'am\u00e9nagement commerciaux\nHabilitation n\u00b0 HCC-21-23-2024-06-09\nLe pr\u00e9fet de la C\u00f4te-d'Or\nVU le Code du Commerce, notamment les articles L. 752-23 et R. 752-44 \u00e0\nR.752-44-13 ;\nVU la loi n\u00b0 2018-1021 du 23 novembre 2018 portant \u00e9volution du logement, de\nl'am\u00e9nagement et du num\u00e9rique, notamment son titre IV - article 163 ;\nVU le  d\u00e9cret  n\u00b0  2019-563  du  7  juin  2019  relatif  \u00e0  la  proc\u00e9dure  devant  la\nCommission nationale d'am\u00e9nagement commercial et au contr\u00f4le du respect des autorisations\nd'exploitation commerciale ;\nVU l'arr\u00eat\u00e9  minist\u00e9riel  du  28  juin  2019  fixant  le  contenu  du  formulaire  de\ndemande d'habilitation pour \u00e9tablir le certificat de conformit\u00e9 mentionn\u00e9 au premier alin\u00e9a de\nl'article L.752-23 du code du commerce ;\nVU l'arr\u00eat\u00e9 minist\u00e9riel du 4 janvier 2022 relatif \u00e0 la suppression de l'exigence de\npr\u00e9sentation par les entreprises d'un extrait d'immatriculation au registre du commerce et des\nsoci\u00e9t\u00e9s ou au r\u00e9pertoire des m\u00e9tiers dans leurs d\u00e9marches administratives\u00a0;\nVU la demande d'habilitation f ormul\u00e9e par la SARL PROJECTIVE GROUPE, 4\nplace de Regensburg \u2013 63000 CLERMONT-FERRAND, repr\u00e9sent\u00e9e par M. DERNE Bernard,\ng\u00e9rant,  re\u00e7ue  le  2  mai  2024,  pour  r\u00e9aliser  les  certificats  de  conformit\u00e9  des  projets\nd'am\u00e9nagement  commerciaux  b\u00e9n\u00e9ficiant  d'une  autorisation  d'exploitation  commerciale,\nsitu\u00e9s dans le d\u00e9partement de la C\u00f4te d'Or ;\nVU le dossier produit \u00e0 l'appui de la demande susvis\u00e9e et les justificatifs joints ;\nCONSIDERANT que  les  extraits  de  casier  judiciaire  (bulletin  n\u00b0  3)  des\nrepr\u00e9sentants l\u00e9gaux et des salari\u00e9s de la soci\u00e9t\u00e9 susvis\u00e9e charg\u00e9s de r\u00e9aliser les analyses\nd'impact sont vierges ;\nPr\u00e9fecture de la C\u00f4te-d'Or - 21-2024-06-09-00001 - Arr\u00eat\u00e9 pr\u00e9fectoral n\u00b0961 du 9 juin 2024 portant habilitation de la SARL PROJECTIVE\nGROUPE en application des articles R.752-44-2 et R.752-44-3 du code du commerce pour l'\u00e9tablissement des certificats de conformit\u00e9\ndes projets d'am\u00e9nagement commerciaux\n45\n- 2 -\nCONSIDERANT que les personnes mentionn\u00e9es dans la demande d'habilitation,\npar laquelle ou sous la responsabilit\u00e9 de laquelle seront r\u00e9alis\u00e9es les certificats de conformit\u00e9\nsont titulaires des dipl\u00f4mes requis ;\nCONSIDERANT que la SARL PROJECTIVE GROUPE dispose des moyens et\noutils  de  contr\u00f4le  de  la  conformit\u00e9  des  \u00e9quipements  commerciaux  \u00e0  l'autorisation\nd'exploitation commerciale ou \u00e0 l'avis favorable d\u00e9livr\u00e9 par la commission d\u00e9partementale\nd'am\u00e9nagement commercial ;\nSUR proposition de Monsieur le secr\u00e9taire g\u00e9n\u00e9ral de la Pr\u00e9fecture de la C\u00f4te-\nd'Or ;\nA R R E T E\nArticle 1er  : La SARL PROJECTIVE GROUPE dont le si\u00e8ge social est fix\u00e9 4 place de\nRegensburg  \u2013  63000  CLERMONT-FERRAND  est  habilit\u00e9e  \u00e0  r\u00e9aliser  les  certificats  de\nconformit\u00e9  des  projets  d'am\u00e9nagement  commerciaux  b\u00e9n\u00e9ficiant  d'une  autorisation\nd'exploitation commerciale, situ\u00e9s dans le d\u00e9partement de la C\u00f4te-d'Or.\nArticle  2  :  La  pr\u00e9sente  habilitation  est  accord\u00e9e  pour  une  dur\u00e9e  de  cinq  ans,  sans\nrenouvellement tacite.\nArticle 3 : M. le secr\u00e9taire g\u00e9n\u00e9ral de la pr\u00e9fecture de la C\u00f4te-d'Or est charg\u00e9 de l'ex\u00e9cution\ndu pr\u00e9sent arr\u00eat\u00e9, qui sera publi\u00e9 au recueil des actes administratifs de la pr\u00e9fecture de la\nC\u00f4te-d'Or et notifi\u00e9 \u00e0 M. Bernard DERNE, g\u00e9rant de la SARL PROJECTIVE GROUPE, et\ndont copie sera adress\u00e9e \u00e0 Mme la Directrice D\u00e9partementale des territoires.\nFait \u00e0 Dijon,\nLe pr\u00e9fet\nPour le pr\u00e9fet et par d\u00e9l\u00e9gation\nLa secr\u00e9taire g\u00e9n\u00e9rale adjointe\nSign\u00e9\nAmelle GHAYOU\nPr\u00e9fecture de la C\u00f4te-d'Or - 21-2024-06-09-00001 - Arr\u00eat\u00e9 pr\u00e9fectoral n\u00b0961 du 9 juin 2024 portant habilitation de la SARL PROJECTIVE\nGROUPE en application des articles R.752-44-2 et R.752-44-3 du code du commerce pour l'\u00e9tablissement des certificats de conformit\u00e9\ndes projets d'am\u00e9nagement commerciaux\n46\nPr\u00e9fecture de la C\u00f4te-d'Or\nP\u00f4le juridique inter-services\n21-2024-06-10-00001\nArr\u00eat\u00e9 pr\u00e9fectoral N\u00b0  952 / SG du 10 juin 2024\ndonnant  d\u00e9l\u00e9gation de signature en mati\u00e8re de\ngestion des budgets op\u00e9rationnels\n104-111-112-113-119-122-124-129-135-137-147-148-1\n61-163-172-181-206-207-209-215-216-217-218-219-\n232-303-348-349-354-357-362-363-364-380-723-7\n54-780-833  des fonds europ\u00e9ens et des recettes\nnon fiscales\nPr\u00e9fecture de la C\u00f4te-d'Or - 21-2024-06-10-00001 - Arr\u00eat\u00e9 pr\u00e9fectoral N\u00b0  952 / SG du 10 juin 2024 donnant  d\u00e9l\u00e9gation de signature en\nmati\u00e8re de gestion des budgets op\u00e9rationnels\n104-111-112-113-119-122-124-129-135-137-147-148-161-163-172-181-206-207-209-215-216-217-218-219-232-303-348-349-354-357-362-363-3\n64-380-723-754-780-833  des fonds europ\u00e9ens et des recettes non fiscales\n47\nEx SECR\u00c9TARIAT G\u00c9N\u00c9RAL- Direction de la coordination des politiques publiquesPD'\u00c8EI\u00ceIET et de l'appui territorialCOTE-D'ORLibert\u00e9\u00c9galit\u00e9Fraternit\u00e9\nArr\u00eat\u00e9 pr\u00e9fectoral N\u00b0 952 / SG du 10 juin 2024 donnant d\u00e9l\u00e9gation de signature enmati\u00e8re de gestion des budgets op\u00e9rationnels 104-111-112-113-119-122-124-129-135-137-147-148-161-163-172-181-206-207-209-215-216-217-218-219-232-303-348-349-354-357-362-363-364-380-723-754-780-833 des fonds europ\u00e9ens et des recettes nonfiscales Le pr\u00e9fet de la C\u00f4te-d'Or\nVu la loi n\u00b0 85.1098 du 11 octobre 1985 relative \u00e0 la prise en charge par l'\u00c9tat, les d\u00e9partementset les r\u00e9gions des d\u00e9penses de personnel, de fonctionnement et d'\u00e9quipement des servicesplac\u00e9s sous leur autorit\u00e9 ;Vu le d\u00e9cret n\u00b0 2004-374 du 29 avril 2004 relatif aux pouvoirs des pr\u00e9fets, \u00e0 lorgamsatlon et \u00e0l'action des services de I'Etat dans les reglons et d\u00e9partements, modifi\u00e9 par le d\u00e9cret n\u00b0 2010-146 du 16 f\u00e9vrier 2010 et par le d\u00e9cret n\u00b0 2010-687 du 24jjuin 2010;Vu le d\u00e9cret n\u00b0 2009-176 du 16 f\u00e9vrier 2009 modifiant le d\u00e9cret n\u00b0 64-805 du 29 juillet 1964fixant les dispositions r\u00e9glementaires applicables aux pr\u00e9fets et le d\u00e9cret n\u00b0 2004-374 du 29avril 2004 relatif aux pouvoirs des pr\u00e9fets, \u00e0 l'organisation et \u00e0 l'action des services de I'Etatdans les r\u00e9gions et d\u00e9partements ;Vu le d\u00e9cret du 26 septembre 2022 nommant Monsieur Franck ROBINE, pr\u00e9fet de la r\u00e9gionBourgogne-Franche-Comt\u00e9, pr\u00e9fet de la C\u00f4te-d'Or (hors classe):Vu le d\u00e9cret du 3 janvier 2024 nommant Monsieur Johann MOUGENOT, sous pr\u00e9fet, secr\u00e9taireg\u00e9n\u00e9ral de la pr\u00e9fecture de la C\u00f4te d'Or, sous-pr\u00e9fet de Dijon (classe fonctionnelle I1) ;Vu le d\u00e9cret du 29 d\u00e9cembre 2022 nommant Madame Amelle GHAYOU, administratriceterritoriale, sous-pr\u00e9fete charg\u00e9e de mission aupr\u00e8s du pr\u00e9fet de r\u00e9gion Bourgogne-Franche-Comt\u00e9, pr\u00e9fet de la C\u00f4te d'Or ;Vu Le d\u00e9cret du 16 ao\u00fbt 2022 portant nomination de Monsieur Olivier GERSTL\u00c9 en qualit\u00e9 desous-pr\u00e9fet, directeur de cabinet du pr\u00e9fet de la r\u00e9gion Bourgogne-Franche-Comt\u00e9, pr\u00e9fet de laC\u00f4te-d'Or;Vu le d\u00e9cret du 6 juillet 2023 portant nomination de Monsieur Beno\u00eet BYRSKI, sous-pr\u00e9fet deBeaune ;Vu le d\u00e9cret du 17 novembre 2023 portant nomination de M. S\u00e9bastien LANOYE, sous-pr\u00e9fetde Montbard ;\n18\nPr\u00e9fecture de la C\u00f4te-d'Or - 21-2024-06-10-00001 - Arr\u00eat\u00e9 pr\u00e9fectoral N\u00b0  952 / SG du 10 juin 2024 donnant  d\u00e9l\u00e9gation de signature en\nmati\u00e8re de gestion des budgets op\u00e9rationnels\n104-111-112-113-119-122-124-129-135-137-147-148-161-163-172-181-206-207-209-215-216-217-218-219-232-303-348-349-354-357-362-363-3\n64-380-723-754-780-833  des fonds europ\u00e9ens et des recettes non fiscales\n48\nVu l'arr\u00e9t\u00e9 du Premier Ministre et du Ministre de l'Int\u00e9rieur en date du 12/01/22 nommant MmeAnne COSTE DE CHAMPERON, administratrice de I'Etat hors classe, en qualit\u00e9 de secr\u00e9taireg\u00e9n\u00e9rale pour les affaires r\u00e9gionales de la R\u00e9gion Bourgogne-Franche Comt\u00e9, \u00e0 compter du1/02/22, pour une dur\u00e9e de 4 ans, avec une p\u00e9riode probatoire de 6 mois;Vu l'arr\u00e9t\u00e9 du Premier Ministre et du Ministre de l'Int\u00e9rieur en date du 2 juin 2021 nommantMme Milada PANTIC, en qualit\u00e9 d'adjointe au secr\u00e9taire g\u00e9n\u00e9ral pour les affaires r\u00e9gionales dela R\u00e9gion Bourgogne \u2014 Franche-Comt\u00e9, en charge du p\u00f4le \u00ab moyens, modernisation,mutualisations \u00bb, pour une dur\u00e9e de 4 ans \u00e0 compter du 1* juillet 2021:Vu l'arr\u00eat\u00e9 du Premier Ministre et du Ministre de l'Int\u00e9rieur en date du 22 d\u00e9cembre 2022nommant Mme Florence BERNARD, en qualit\u00e9 d'adjointe au secr\u00e9taire g\u00e9n\u00e9ral- pour les affairesr\u00e9gionales de la R\u00e9gion Bourgogne\u2014 Franche-Comt\u00e9, en charge du p\u00f4le \u00ab politiques publiquesinterminist\u00e9rielles \u00bb,Vu l'arr\u00eat\u00e9 1184/SG du 3 d\u00e9cembre 2020 portant organisation du Secr\u00e9tariat G\u00e9n\u00e9ral CommunD\u00e9partemental ;Vu l'arr\u00eat\u00e9 pr\u00e9fectoral 1251/SG du 18 d\u00e9cembre 2020 portant organisation des services de lapr\u00e9fecture de la r\u00e9gion Bourgogne-Franche-Comt\u00e9, pr\u00e9fecture du d\u00e9partement de la C\u00f4te d'Or ;Vu l'accord local relatif \u00e0 l'application du protocole d'exp\u00e9rimentation de la carte voyagiste dansle cadre du d\u00e9ploiement de CHORUS DT (D\u00e9placements Temporalres) sign\u00e9 conjointement le17 avril 2018 par Mme Christiane BARRET, Pr\u00e9f\u00e8te de la r\u00e9gion Bourgogne-Franche-Comt\u00e9 etde la C\u00f4te d'Or et Mme Martine VIALLET, Directrice r\u00e9gionale des finances publiques de lar\u00e9gion Bourgogne-Franche-Comt\u00e9 et du d\u00e9partement de la C\u00f4te d'Or,Vu ! arr\u00eat\u00e9 pr\u00e9fectoral N\u00b0 412 /-SG du 21 f\u00e9vrier 2024 donnant d\u00e9l\u00e9gation de signature enmati\u00e8re de gestion des budgets op\u00e9rationnels 104-111-112-119-122-129-137-147-148 -161-172-181-206-207-209-215-216-217-218-232-303- 348-349-354-357-380-723-754-780-833, desfonds europ\u00e9ens et des recettes non fiscales;Sur proposition de Monsieur le secr\u00e9taire g\u00e9n\u00e9ral de la pr\u00e9fecture de la C\u00f4te-d'Or :\nARR\u00caTEArticle 1er: L'arr\u00eat\u00e9 pr\u00e9fectoral N\u00b0 412 / SG du 21 f\u00e9vrier 2024 donnant d\u00e9l\u00e9gation designature en mati\u00e8re de gestion des budgets operatlonnels 104-111-112-119-122-129-137-147-148 -161-172-181-206-207-209-215-216-217-218-232-303-348-349-354-357-380-723-754-780-833,des fonds europ\u00e9ens et des recettes non fiscales et toutes dispositions ant\u00e9rieures etcontraires au pr\u00e9sent arr\u00eat\u00e9 sont abrog\u00e9s.\n2I3\nPr\u00e9fecture de la C\u00f4te-d'Or - 21-2024-06-10-00001 - Arr\u00eat\u00e9 pr\u00e9fectoral N\u00b0  952 / SG du 10 juin 2024 donnant  d\u00e9l\u00e9gation de signature en\nmati\u00e8re de gestion des budgets op\u00e9rationnels\n104-111-112-113-119-122-124-129-135-137-147-148-161-163-172-181-206-207-209-215-216-217-218-219-232-303-348-349-354-357-362-363-3\n64-380-723-754-780-833  des fonds europ\u00e9ens et des recettes non fiscales\n49\nArticle 2 : D\u00e9l\u00e9gation de signature et de gestion est donn\u00e9e aux membres du corps pr\u00e9fectoralet aux agents mentionn\u00e9s dans le tableau en annexe 1 du pr\u00e9sent arr\u00eat\u00e9 dans les conditions etlimites pr\u00e9vues, pour l'ex\u00e9cution des d\u00e9penses au titre des BOP 104-111-112-113-119-122-124-129-135-137-147-148-161-163-172-181-206-207-209-215-216-217-218-21 9-232-303-348-349-354-357-362-363-364-380-723-754-780-833, des fonds europ\u00e9ens et des recettes non fiscales.Article 3 : Le secr\u00e9taire g\u00e9n\u00e9_ral de la pr\u00e9fecture de la C\u00f4te-d'Or, la directrice r\u00e9gionale desfinances publiques, les membres du corps pr\u00e9fectoral ainsi que les agents mentionn\u00e9s dansl'annexe vis\u00e9e \u00e0 l'article 2, sont charg\u00e9s, chacun en ce qui le concerne, de l'ex\u00e9cution dupr\u00e9sent arr\u00e9t\u00e9 qui sera publi\u00e9 au recueil des actes administratifs de la pr\u00e9fecture de la C\u00f4te-d'Or.\nFait \u00e0 Dijon, le 1 0 JUIN 2024\nLe pr\u00e9fet\nSIGNE\nFranck ROBINE\nPr\u00e9fecture de la C\u00f4te-d'Or - 21-2024-06-10-00001 - Arr\u00eat\u00e9 pr\u00e9fectoral N\u00b0  952 / SG du 10 juin 2024 donnant  d\u00e9l\u00e9gation de signature en\nmati\u00e8re de gestion des budgets op\u00e9rationnels\n104-111-112-113-119-122-124-129-135-137-147-148-161-163-172-181-206-207-209-215-216-217-218-219-232-303-348-349-354-357-362-363-3\n64-380-723-754-780-833  des fonds europ\u00e9ens et des recettes non fiscales\n50\nPr\u00e9fecture de la C\u00f4te-d'Or - 21-2024-06-10-00001 - Arr\u00eat\u00e9 pr\u00e9fectoral N\u00b0  952 / SG du 10 juin 2024 donnant  d\u00e9l\u00e9gation de signature en\nmati\u00e8re de gestion des budgets op\u00e9rationnels\n104-111-112-113-119-122-124-129-135-137-147-148-161-163-172-181-206-207-209-215-216-217-218-219-232-303-348-349-354-357-362-363-3\n64-380-723-754-780-833  des fonds europ\u00e9ens et des recettes non fiscales\n51\nANNEXE1\u00e0l'arr\u00eat\u00e9pr\u00e9fectoralN\u00b0952/SGdu10juin2024D\u00c9L\u00c9GATIONDESIGNATUREENMATI\u00c8REDEGESTIONDEL'UNIT\u00c9OP\u00c9RATIONNELLED\u00c9PARTEMENTALEDELAC\u00d4TED'ORETDESBUDGETSOP\u00c9RATIONNELSDEPROGRAMMEREGIONAL104-111-112-113-119-122-124-129-135-137-147-148-161-163-172-181-206-207-209-215-216-217-218-219-232-303-348-349-354-357-362-363-364-380-723-754-780-833,desfondseurop\u00e9ensetdesrecettesnonfiscalesGESTIONBUDG\u00c9TAIREETCOMPTABLE|\u2014CENTREDESERVICESPARTAGESREGIONAL\nCHORUSValidationdel'engagementjuridiqueM.EddyGAFFIOTchefduCentredeMmeC\u00e9lineJOUVENCEAUXadjointeauServicesPartag\u00e9sR\u00e9gionalCHORUSresponsableduCSPRCHORUS,cheffeduMmeNathalieBORNOTCheffe-dup\u00f4lep\u00f4lesubventionsrecettescommandepubliqueprojetscomplexesM.OlivierSOUPRAYENValideurDP,RNF,EJCertificationdu\u00abservicefait\u00bbdansChorussurla_MPatrickSCHOUMAKERGestionnaireM.EddyGAFFIOTchefduCentredebasedela\u00abconstatationduservicefait\u00bb\u00e9tabliepar'MmeChristelleMEYNIERGestionnaireServicesPartag\u00e9sR\u00e9gionalCHORUSlescentresprescripteursMmeBouchraPAGANTGestionnaireMmeC\u00e9lineJOUVENCEAUXadjointeauMmeMurielDEMORGestionnaireresponsableduCSPRCHORUS,cheffeduMmeB\u00e9atriceLAVALETTEGestionnairep\u00f4lesubventionsrecettesMmeRachelMAILLARDGestionnaireMmeLeylaLAOUAJGestionnaireMmeC\u00e9liaMOREAUXResponsablequalit\u00e9etperformanceValidationdesdemandesdepaiementetdesrecettes|MmeC\u00e9lineJOUVENCEAUXadjointeauM.EddyGAFFIOTchefduCentredenonfiscales'responsableduCSPRCHORUS,cheffedu|ServicesPartag\u00e9sR\u00e9gionalCHORUSp\u00f4lesubventionsrecettes'MmeNathalieBORNOTCheffedup\u00f4le'M.OlivierSOUPRAYENValideurDP,RNF,EJ|commandepubliqueprojetscomplexes\n1/28\nPr\u00e9fecture de la C\u00f4te-d'Or - 21-2024-06-10-00001 - Arr\u00eat\u00e9 pr\u00e9fectoral N\u00b0  952 / SG du 10 juin 2024 donnant  d\u00e9l\u00e9gation de signature en\nmati\u00e8re de gestion des budgets op\u00e9rationnels\n104-111-112-113-119-122-124-129-135-137-147-148-161-163-172-181-206-207-209-215-216-217-218-219-232-303-348-349-354-357-362-363-3\n64-380-723-754-780-833  des fonds europ\u00e9ens et des recettes non fiscales\n52\nGESTIONBUDG\u00c9TAIREETCOMPTABLETenuedelacomptabilit\u00e9auxiliairedesimmobilisations|M.EddyGAFFIOTchefduCentredeServicesPartag\u00e9sR\u00e9gionalCHORUSMmeC\u00e9lineJOUVENCEAUXadjointeauresponsableduCSPRCHORUS,cheffedu|p\u00f4lesubventionsrecettes\\MmeNathalieBORNOTCheffedup\u00f4lecommandepubliqueprojetscomplexesIlREFERENTDEPARTEMENTALOrdre\u00e0payerdansChorusformulaire.M.JeanPRUDHOMME,chefduServiceMmeMartineTHUNOT,AdjointeauchefduBudgetAchatServiceBudget-Achat,M.R\u00e9miBARRIER,chefdep\u00f4leServiceBudgetAchat,MmeMoniqueFIORESERVICESPRESCRIPTEURS||\u2014PR\u00c9FECTUREDELAC\u00d4TED'OR|DanslecadredeCHORUSDT:MmeMarie-CarolineRIGAUD,Directrice'MmeNathalieBERGET,DirectriceduFraisded\u00e9placementpourlesmembresducorpsadjointeduSecr\u00e9tariatG\u00e9n\u00e9ralCommunSecr\u00e9tariatG\u00e9n\u00e9ralCommunpr\u00e9fectoral:ordredemissionet\u00e9tatdefraisentantM.JeanPRUDHOMME,chefduServicequevalideurhi\u00e9rarchiqueVH1,BudgetAchat|MmeMartineTHUNOT,AdjointeauchefduServiceBudget-AchatM.R\u00e9miBARRIER,chefdep\u00e9leServiceBudgetAchatMmeGRANGERLaurence\nIl-SECRETARIATGENERAL\\DanslecadredeCHORUSDT:MmeEdithPERRON,conseill\u00e9retechnique|MmeNathalieBERGET,Directricedu|Fraisded\u00e9placementpourlesassistantessocialesde|r\u00e9gionaleSecr\u00e9tariatG\u00e9n\u00e9ralCommunlar\u00e9gionBourgogne-Franche-Comt\u00e9:ordredemissionet\u00e9tatdefraisentantquevalideurhi\u00e9rarchiqueVH1MmeMarie-CarolineRIGAUD,DirectriceadjointeduSecr\u00e9tariatG\u00e9n\u00e9ralCommunMmeMartineTHUNOT,Adjointeauchefdu.|m|\u0153_.<_omBudget-Achat\n2/28\nPr\u00e9fecture de la C\u00f4te-d'Or - 21-2024-06-10-00001 - Arr\u00eat\u00e9 pr\u00e9fectoral N\u00b0  952 / SG du 10 juin 2024 donnant  d\u00e9l\u00e9gation de signature en\nmati\u00e8re de gestion des budgets op\u00e9rationnels\n104-111-112-113-119-122-124-129-135-137-147-148-161-163-172-181-206-207-209-215-216-217-218-219-232-303-348-349-354-357-362-363-3\n64-380-723-754-780-833  des fonds europ\u00e9ens et des recettes non fiscales\n53\nGESTIONBUDGETAIREETCOMPTABLED\u00e9cisionsded\u00e9pensesetderecettesconcernantlestransportset'h\u00e9bergement(ycomprispourlaformation)\n._<_.R\u00e9miBARRIER,chefdep\u00f4leWm\u00eb_o\u0153BudgetAchat|M.BilloDIALLOCharg\u00e9demissionadjointaubudgetServiceBudgetAchat(jusqu'au30/06/24)M.JeanPRUDHOMME,chefduServiceBudgetAchat\nI\u2014R\u00c9SIDENCEDUPR\u00c9FET|D\u00e9cisionsded\u00e9pensesetderecettesetcertificationdeservicefaitquelquesoitlemontantIV-R\u00c9SIDENCEDUSECRETAIREG\u00c9N\u00c9RAL(jusqu'au30/06/24)MmeNathalieBERGET,DirectriceduMmeMarie-CarolineRIGAUD,DirectriceadjointeduSecr\u00e9tariatG\u00e9n\u00e9ralCommunMmeMartineTHUNOT,AdjointeauchefduServiceBudget-AchatM.R\u00e9miBARRIER,chefdep\u00f4leServiceBudgetAchat'M.BilloDIALLOCharg\u00e9demissionadjointaubudgetServiceBudgetAchatR\u00e9serv\u00e9es\u00e0lasignaturede'M.FranckROBINE,Pr\u00e9fetSaisiedansChorusFormulairedesDAetcertificationdesSF:CaroleRATEL,EvelyneFABRI(suppl\u00e9ance).SaisiedansChorusFormulaireetcertificationdesSF:MmeMartineTHUNOT,MoniqueFIORE,M.JorisMARCHAND(jusqu'au30/06/24),M.DUSARTLouisD\u00e9cisionsded\u00e9pensesetrecettes\u2014certificationduservicefaitM.JohannMOUGENOT,secr\u00e9taireg\u00e9n\u00e9ral\n3/28\nMmeMoniqueFIORE,MmeMartineTHUNOTetM.JorisMARCHAND(jusqu'au30/06/24),M.DUSARTLouis\nPr\u00e9fecture de la C\u00f4te-d'Or - 21-2024-06-10-00001 - Arr\u00eat\u00e9 pr\u00e9fectoral N\u00b0  952 / SG du 10 juin 2024 donnant  d\u00e9l\u00e9gation de signature en\nmati\u00e8re de gestion des budgets op\u00e9rationnels\n104-111-112-113-119-122-124-129-135-137-147-148-161-163-172-181-206-207-209-215-216-217-218-219-232-303-348-349-354-357-362-363-3\n64-380-723-754-780-833  des fonds europ\u00e9ens et des recettes non fiscales\n54\nGESTIONBUDGETAIREETCOMPTABLEIVBIS\u2014RESIDENCEDELASOUS-PREFETE,BCHARGEDEMISSIONAUPRESDUPREFETD\u00e9cisionsded\u00e9pensesetrecettes\u2014certificationduservicefait\n|\nMmeAMELLEGHAYOUsecr\u00e9taireg\u00e9n\u00e9raleadjointe'V\u2014R\u00c9SIDENCEDUDIRECTEURDECABINETSaisiedans-ChorusFormulairedesDAetcertificationdesSF:FabienneMICHEAetNathalieDEMONTSaisiedansChorusetcertificationdesSF:MartineTHUNOTetMoniqueFIOREetM.JorisMARCHAND(jusqu'au30/06/24),DUSARTLouis\n|D\u00e9cisionsded\u00e9pensesetrecettes-certificationdu|servicefaitV1\u2014RESIDENCEDUSGARM.OlivierGERSTL\u00c9,directeurdecabinetSaisiedansChorusFormulairedesDAetcertificationdesSF:CaroleRATEL,Evelyne|FABRI(suppl\u00e9ance).SaisiedansChorusetcertificationdesSF:MartineTHUNOTetMoniqueFIOREetM.JorisMARCHAND(jusqu'au30/06/24),|DUSARTLouis;\\\n|\n|D\u00e9cisionsded\u00e9pensesetrecettes-certificationduservicefait\nMmeAnneCOSTEDECHAMPERON,secr\u00e9taireg\u00e9n\u00e9ralepourlesaffairesr\u00e9gionalesdeBourgogne\u2014Franche-Comt\u00e9%mm_m_mdansChorusFormulairedesDAet|certificationdesSF:DinaPAPINetC\u00e9ciline\\LEVENARD.SaisiedansChorusFormulaireetcertification'desSF:M.JulienMARLOT,MmeMonique'FIORE,MmeMartineTHUNOTJorisMARCHAND(jusqu'au30/06/24),'DUSARTLouis\nVIl-RESIDENCESOUS-PR\u00c9FECTUREDEBEAUNE:uoo_m_o:mded\u00e9pensesetrecettes-certificationduservicefaitM.Beno\u00eetBYRSKI,sous-pr\u00e9fetdeBeauneSaisiedansChorusFormulairedesDAetcertificationdesSF:MarieFETEIRAetFlorineCAILLOTMmeMoniqueFIORE,MmeMartineTHUNOTJorisMARCHAND(jusqu'au30/06/24)DUSARTLouis\n4/28\nPr\u00e9fecture de la C\u00f4te-d'Or - 21-2024-06-10-00001 - Arr\u00eat\u00e9 pr\u00e9fectoral N\u00b0  952 / SG du 10 juin 2024 donnant  d\u00e9l\u00e9gation de signature en\nmati\u00e8re de gestion des budgets op\u00e9rationnels\n104-111-112-113-119-122-124-129-135-137-147-148-161-163-172-181-206-207-209-215-216-217-218-219-232-303-348-349-354-357-362-363-3\n64-380-723-754-780-833  des fonds europ\u00e9ens et des recettes non fiscales\n55\nGESTIONBUDG\u00c9TAIREETCOMPTABLE_VHIR\u00c9SIDENCESOUS-PR\u00c9FECTURE_<_\u0152Z._.\u0152>_N_W||D\u00e9cisionsded\u00e9pensesetrecettes-certificationduM.S\u00e9bastienLANOYE,sous-pr\u00e9fetde|SaisiedansChorusFormulairedesDAetservicefaitMontbardcertificationdesSF:MesdamesNo\u00e9miePERNETetEstelleVIOLETMmeMoniqueFIORE,MmeMartineTHUNOTetM.JorisMARCHAND(jusqu'au30/06/24),M.DUSARTLouis\nIX\u2014SERVICESADMINISTRATIFSDELASOUS-_|\nPR\u00c9FECTUREDEBEAUNED\u00e9cisionsded\u00e9pensesetrecettesrelativesauxfrais|M._.mcmmzBOILLEE,secr\u00e9taireg\u00e9n\u00e9raldelaSaisiedansChorusFormulairedesDAet|derepr\u00e9sentationdusecr\u00e9taireg\u00e9n\u00e9raletcertification|sous-pr\u00e9fecturedeBeaunecertificationdesSF:MarieFETEIRAetduservicefaitFlorineCAILLOTMoniqueFIORE,MartineTHUNOTJorisMARCHAND(jusqu'au30/06/24)DUSARTLouis\nDanslecadredeCHORUSDT:M.BenoitBYRSKI,sous-pr\u00e9fetdeBeauneM.LaurentBOILLEE,secr\u00e9taireg\u00e9n\u00e9raldelaFraisded\u00e9placement(ycomprisformation),ordresde|Beaunesous-pr\u00e9fecturedeBeaunemissionet\u00e9tatsdefraisentantquevalideurhi\u00e9rarchiqueVH1|MmeLaitaBENJDIR,secr\u00e9taireg\u00e9n\u00e9raleadjointe|D\u00e9cisionsded\u00e9pensesetrecettes-certificationdu'M.Beno\u00eetBYRSKI,sous-pr\u00e9fetdeBeaune|M.LaurentBOILLEE,secr\u00e9taireg\u00e9n\u00e9raldelaservicefait\u00cfmocm-n\u2014m_...mo...c\u00e4deBeauneSaisiedansChorusFormulairedesDAetcertificationdesSF:MarieFETEIRAet|FlorineCAILLOTMoniqueFIORE,MartineTHUNOT,JorisMARCHAND(jusqu'au30/06/24),R\u00e9miBARRIER,H\u00e9l\u00e8neTURLIER,LaurenceGRANGER,MaudDEHARODUSARTLOUIS\n5/28\nPr\u00e9fecture de la C\u00f4te-d'Or - 21-2024-06-10-00001 - Arr\u00eat\u00e9 pr\u00e9fectoral N\u00b0  952 / SG du 10 juin 2024 donnant  d\u00e9l\u00e9gation de signature en\nmati\u00e8re de gestion des budgets op\u00e9rationnels\n104-111-112-113-119-122-124-129-135-137-147-148-161-163-172-181-206-207-209-215-216-217-218-219-232-303-348-349-354-357-362-363-3\n64-380-723-754-780-833  des fonds europ\u00e9ens et des recettes non fiscales\n56\nGESTIONBUDGETAIREETCOMPTABLEX-SERVICESADMINISTRATIFSDELASOUS-PREFECTUREDEMONTBARDD\u00e9cisionsded\u00e9pensesetrecettesrelativesauxfraisderepr\u00e9sentationdusecr\u00e9taireg\u00e9n\u00e9raletcertificationduservicefaitDanslecadredeCHORUSDT:Fraisded\u00e9placement(ycomprisformation),ordresdemissionet\u00e9tatsdefraisentantquevalideurhi\u00e9rarchiqueVH1__<__.:mMargueriteMOINDROTsecr\u00e9taire.\u0153\u0153...m_m,am:mChorusFormulairedesDAetg\u00e9n\u00e9raledelasous-pr\u00e9fecturedeMontbard|certificationdesSF:No\u00e9miePERNETetEstelleVIOLETMmeMoniqueFIORE,MmeMartineTHUNOTetM.JorisMARCHAND(jusqu'au30/06/24),M.DUSARTLouisA_<_.S\u00e9bastienLANOYE,sous-pr\u00e9fetdeMmeMargueriteMOINDROTsecr\u00e9taireMontbard\\g\u00e9n\u00e9raledelasous-pr\u00e9fecturedeMontbardMmeIsabelleBAIJOT,chefdup\u00f4lecollectivit\u00e9slocalesetd\u00e9veloppementD\u00e9cisionsde_Qmum:mmm\\mfirecettes-certificationduservicefait\nterritorial)M.S\u00e9bastienLANOYE,sous-pr\u00e9fetde-MmeMargueriteMOINDROTsecr\u00e9taireMontbardg\u00e9n\u00e9raledelasous-pr\u00e9fecturedeMontbardSaisiedansChorusFormulairedesDAetcertificationdesSF:No\u00e9miePERNETetEstelle'VIOLET,MoniqueFIORE,MartineTHUNOT,JorisMARCHAND(jusqu'au30/06/24)DUSARTLouisH\u00e9l\u00e8neTURLIER,LaurenceGRANGERMaudDE-HARO\n6/28\nPr\u00e9fecture de la C\u00f4te-d'Or - 21-2024-06-10-00001 - Arr\u00eat\u00e9 pr\u00e9fectoral N\u00b0  952 / SG du 10 juin 2024 donnant  d\u00e9l\u00e9gation de signature en\nmati\u00e8re de gestion des budgets op\u00e9rationnels\n104-111-112-113-119-122-124-129-135-137-147-148-161-163-172-181-206-207-209-215-216-217-218-219-232-303-348-349-354-357-362-363-3\n64-380-723-754-780-833  des fonds europ\u00e9ens et des recettes non fiscales\n57\n'GESTIONBUDGETAIREETCOMPTABLEXl\u2014SERVICESDUCABINETD\u00e9cisionsded\u00e9pensesetrecettesetcertificationduservicefait\\Danslecadredechorus-DT:||Fraisded\u00e9placement(ycomprisformation)pourlesagentsducabinetetdeladirectiondess\u00e9curit\u00e9s:ordresdemissionet\u00e9tatsdefraisentantquevalideurhi\u00e9rarchiqueVH1M.OlivierGERSTL\u00c9,directeurdecabinet\u00c9lections=fraisdebouche:d\u00e9cisionsded\u00e9penseset\\recettes-certificationduservicefaitSaisiedansChorusFormulairedesDAetcertificationdesSF:H\u00e9l\u00e8neTURLIER,LaurenceGRANGER,MoniqueFIORE,|MartineTHUNOT,R\u00e9miBARRIER,.M.JorisMARCHAND(jusqu'au30/06/24),M.DUSARTLouis,MmeMaudDE-HAROM.JohannMOUGENOT,secr\u00e9taireg\u00e9n\u00e9ralMmeNathalieAUBERTIN,Directricedess\u00e9curit\u00e9s.MmeC\u00e9cileHERMIER,chefduservicer\u00e9gionaletd\u00e9partementaldelacommunicationinterminist\u00e9rielleMesdamesCaroleRATELet\u00c9velyneFABRIM.OlivierOmmlm._...rm_directeurdecabinet|Fraisdebouche(exercicesded\u00e9fense):d\u00e9cisionsde\\d\u00e9pensesetcertificationduservicefaitM.OlivierGERSTL\u00c9,directeurdecabinetM.Louis-JosephVANDERSTUYF,Chefdubureaudelarepr\u00e9sentationdel'EtatMmeNathalieAUBERTIN,Directricedess\u00e9curit\u00e9sM.ThierryBRULE,chefdelas\u00e9curit\u00e9civileM.ThomasGUITTET,chefdubureaud\u00e9fenseets\u00e9curit\u00e9SaisiedansChorusFormulairedesDAetcertificationdesSF:H\u00e9l\u00e8neTURLIER,Laurenc\u00e9GRANGER,MoniqueFIORE,MartineTHUNOT,R\u00e9miBARRIERetJorisMARCHAND(jusqu'au30/06/24),\n7/28\nDUSARTLouis,MaudDE-HARO\nPr\u00e9fecture de la C\u00f4te-d'Or - 21-2024-06-10-00001 - Arr\u00eat\u00e9 pr\u00e9fectoral N\u00b0  952 / SG du 10 juin 2024 donnant  d\u00e9l\u00e9gation de signature en\nmati\u00e8re de gestion des budgets op\u00e9rationnels\n104-111-112-113-119-122-124-129-135-137-147-148-161-163-172-181-206-207-209-215-216-217-218-219-232-303-348-349-354-357-362-363-3\n64-380-723-754-780-833  des fonds europ\u00e9ens et des recettes non fiscales\n58\nGESTIONBUDGETAIREETCOMPTABLE|||'D\u00e9cisionsded\u00e9pensesetrecettesrelativesauxfrais|MmeNathalie>C\\\u0153m_\u00bb._._z_DirectricedesSaisiedansChorus_uo_.Bc_m\\..._.\u0153desDAm\\_...derepr\u00e9sentationdudirecteurdess\u00e9curit\u00e9sets\u00e9curit\u00e9scertificationdesSF:EvelyneFABRIcertificationdeservicefaitH\u00e9l\u00e8neTURLIER,LaurenceGRANGER,MoniqueFIORE,MartineTHUNOT.R\u00e9miBARRIER,M.JorisMARCHAND(jusqu'au30/06/24),M.DUSARTLouisMaudDE-HARO-\nD\u00e9cisionsded\u00e9pensesetrecettesrelativesauxfrais|MmeC\u00e9cileHERMIER,cheffeduserviceSaisiedansChorusFormulairedesDAetderepr\u00e9sentationduchefdubureaudelar\u00e9gionaletd\u00e9partementaldelacertificationdesSF:M.J\u00e9r\u00f4meCOLIN,communicationinterminist\u00e9rielleetcertificationducommunicationinterminist\u00e9rielleMesdamesH\u00e9l\u00e8neTURLIER,Claire|servicefaitTAINTURIER,LaurenceGRANGER,MoniqueFIORE,MartineTHUNOT,R\u00e9miBARRIER,JorisMARCHAND(jusqu'au30/06/24),-DUSARTLouis,MaudDE-HARO|Communication\u00ee\u00e4\u00e2...:\u2014\u0153\u00e4\u2014_m__m:d\u00e9cisionsam\\\u00e4o_\u00eem\u2014GERSTL\u00c9,m_qmofimc_.decabinet.|MmeC\u00e9cileHERMIER,chefduservice'd\u00e9pensesetrecettes>\u00e0250\u20acr\u00e9gionaletd\u00e9partementaldelacommunicationinterminist\u00e9rielleSaisiedansChorusFormulairedesDAetcertificationdesSF:M.J\u00e9r\u00f4meCOLIN,H\u00e9l\u00e8neTURLIER,LaurenceGRANGER,|MoniqueFIORE,MartineTHUNOT,R\u00e9miBARRIER,JorisMARCHAND(jusqu'au_30/06/24),DUSARTLouis|MaudDE-HAROOoB.Bc.:...o.m\u00f1_o:interminist\u00e9rielle:d\u00e9cisionsdeMmeC\u00e9cileHERMIER,cheffeduserviceM.J\u00e9r\u00f4meCOLIN,m&uo...:\\...auchefduserviced\u00e9pensesetrecettes<\u00e0250\u20acr\u00e9gionaletd\u00e9partementaldelar\u00e9gionaletd\u00e9partementaldelacommunicationinterminist\u00e9riellecommunicationinterminist\u00e9rielleSaisiedansChorusFormulairedesDAetcertificationdesSF:M.J\u00e9r\u00f4meCOLIN,H\u00e9l\u00e8neTURLIER,LaurenceGRANGER,MoniqueFIORE,MartineTHUNOT,R\u00e9miBARRIERetJorisMARCHAND(jusqu'au30/06/24),DUSARTLouis,MaudDE-HARO\n8/28\nPr\u00e9fecture de la C\u00f4te-d'Or - 21-2024-06-10-00001 - Arr\u00eat\u00e9 pr\u00e9fectoral N\u00b0  952 / SG du 10 juin 2024 donnant  d\u00e9l\u00e9gation de signature en\nmati\u00e8re de gestion des budgets op\u00e9rationnels\n104-111-112-113-119-122-124-129-135-137-147-148-161-163-172-181-206-207-209-215-216-217-218-219-232-303-348-349-354-357-362-363-3\n64-380-723-754-780-833  des fonds europ\u00e9ens et des recettes non fiscales\n59\nGESTIONBUDGETAIREETCOMPTABLECommunicationinterminist\u00e9rielle:certificationduservicefaitquelquesoitlemontantM.OlivierGERSTLE,directeurdecabinetMmeC\u00e9cileHERMIER,ch\u00e9ffeduservicer\u00e9gionaletd\u00e9partementaldelacommunicationinterminist\u00e9rielleM.J\u00e9r\u00f4meCOLIN,adjointauchefduserviceir\u00e9gionaletd\u00e9partementaldelacommunicationinterminist\u00e9rielleSaisiedansChorusFormulairedesDAetcertificationdesSF:M.J\u00e9r\u00f4meCOLIN,H\u00e9l\u00e8neTURLIER,LaurenceGRANGER,MoniqueFIORE,MartineTHUNOT.R\u00e9miBARRIERetJorisMARCHAND(jusqu'au30/06/24),DUSARTLouisMaudDE-HARO\n...@\u00e4\u00e4o:_m\u0153publiques(achatMmm\u00e9dailles):d\u00e9cisions_...\\_Bm,C\u00e9cileHERMIER,cheffeduserviceded\u00e9pensesetderecettesetcertificationduservice_r\u00e9gionaletd\u00e9partementaldelafaitcommunicationinterminist\u00e9riellePoliceadministrative:d\u00e9cisionsded\u00e9pensesetM.OlivierGERSTL\u00c9,directeurdecabinetrecettes,certificationdeservicefaitpourlesvacationsdesmembresdelacommissiondevid\u00e9o-surveillanceFondsinterminist\u00e9rieldepr\u00e9ventiondelad\u00e9linquanceM.OlivierGERSTL\u00c9,directeurdecabinetMissioninterminist\u00e9rielledeluttecontredroguesetconduitesaddictives:d\u00e9cisionsded\u00e9penses\u2014subventions\n9/28\nM.OlivierGERSTL\u00c9,directeurdecabinetM.J\u00e9r\u00f4meCOLIN,adjointauchefduservicer\u00e9gionaletd\u00e9partementaldelacommunicationinterminist\u00e9rielleSaisiedansChorusFormulairedesDAetcertificationdesSF:M.J\u00e9r\u00f4meCOLIN,H\u00e9l\u00e8neTURLIER,LaurenceGRANGER,MoniqueFIORE,MartineTHUNOTR\u00e9miBARRIERetJorisMARCHAND(jusqu'au30/06/24),DUSARTLouisMaudDE-HAROM.JohannMOUGENOT,secr\u00e9taireg\u00e9n\u00e9ral_\nPr\u00e9fecture de la C\u00f4te-d'Or - 21-2024-06-10-00001 - Arr\u00eat\u00e9 pr\u00e9fectoral N\u00b0  952 / SG du 10 juin 2024 donnant  d\u00e9l\u00e9gation de signature en\nmati\u00e8re de gestion des budgets op\u00e9rationnels\n104-111-112-113-119-122-124-129-135-137-147-148-161-163-172-181-206-207-209-215-216-217-218-219-232-303-348-349-354-357-362-363-3\n64-380-723-754-780-833  des fonds europ\u00e9ens et des recettes non fiscales\n60\nGESTIONBUDGETAIREETCOMPTABLEDanslecadredeCHORUSformulaires:MmeSandrineDASILVA,charg\u00e9ede|MesdamesS\u00e9verineLACROIXetAna\u00efsFondsinterminist\u00e9rieldepr\u00e9ventiondelad\u00e9linquance_missionpr\u00e9ventiond\u00e9linquanceGASPALONMissioninterminist\u00e9rielledeluttecontrelesdroguesetlesconduitesaddictives:certificationduservicefaitXII-SECRETARIATGENERALCOMMUNDEPARTEMENTALdeC\u00d4TEd'ORDanslecadredeCHORUSDT:'MmeNathalieBERGET,Directricedu'MmeMarie-CarolineRIGAUD,DirectriceFraisded\u00e9placement,ordresdemissionet\u00e9tatsdeSecr\u00e9tariatg\u00e9n\u00e9ralCommunadjointeduSecr\u00e9tariatG\u00e9n\u00e9ralCommun,fraisentantquevalideurhi\u00e9rarchiqueVH1'M.EricLATHUILLE,chefduserviceGCQVT,MmeFabienneMERGEY,adjointeauchefduserviceGCQVT(jusqu'au1/09/24)MmeDESNOUVEAUXSylvie(\u00e0compterdu2/09/24)MmeVal\u00e9rieMALATY,cheffedesressourceshumainesMme\u00c9milieGAUDILLAT,adjointeauchefduservicedesressourceshumainesetdelaformation,M.JeanPRUDHOMME,chefduserviceBudgetAchat'M.R\u00e9miBARRIERchefdep\u00f4leServiceBudgetAchatMmeMartineTHUNOT,AdjointeauchefduServiceBudgetAchat,M.BilloDIALLO,charg\u00e9demissionadjointaubudget(jusqu'au30/06/24)MmeLaurenceGRANGER\n10/28\nPr\u00e9fecture de la C\u00f4te-d'Or - 21-2024-06-10-00001 - Arr\u00eat\u00e9 pr\u00e9fectoral N\u00b0  952 / SG du 10 juin 2024 donnant  d\u00e9l\u00e9gation de signature en\nmati\u00e8re de gestion des budgets op\u00e9rationnels\n104-111-112-113-119-122-124-129-135-137-147-148-161-163-172-181-206-207-209-215-216-217-218-219-232-303-348-349-354-357-362-363-3\n64-380-723-754-780-833  des fonds europ\u00e9ens et des recettes non fiscales\n61\nGESTIONBUDGETAIREETCOMPTABLETitresdeperceptiondesBOPvis\u00e9sentitredelapr\u00e9seriteannexe,destaxesfiscalesaffect\u00e9es,despensionsalimentairesetdesconsignationsenvironnement,desd\u00e9gr\u00e9vementsderedevancesarch\u00e9ologiques-\u00e9tatr\u00e9capitulatifdescr\u00e9ancespourmiseenrecouvrement-lesadmissionsennon-valeurServicedesressourceshumainesD\u00e9cisionsded\u00e9pensesetderecettespourl'organisationdesconcours(locationsalles,publicit\u00e9,vacations)etler\u00e8glementdeshonorairesm\u00e9dicaux\n<500\u20ac\n!MmeNathalieBERGET,DirectriceduSecr\u00e9tariatg\u00e9n\u00e9ralCommun._<_3\u0153NathalieBERGET,DirectriceduSecr\u00e9taritg\u00e9n\u00e9ralCommun11/28\nM.EddyGAFFIOT,Responsableducentredeservicespartag\u00e9sr\u00e9gionalCHORUS,MmeC\u00e9lineJOUVENCEAUXadjointauresponsableducentredeservicespartag\u00e9sr\u00e9gionalCHORUS,M.DidierPERALDI,chefduserviceLogistiqueImmobilierServicesInternes,M.Jean-ChristopheBRIOT,chefduSDISICM.Jean-LucJOBARD,chefdep\u00f4leduSDISICM.EddyGAFFIOT,Responsableducentredeservicespartag\u00e9sr\u00e9gionalCHORUSMmeC\u00e9lineJOUVENCEAUXadjointauresponsableducentredeservicespartag\u00e9sr\u00e9gionalCHORUSMmeMarie-CarolineRIGAUD,DirectriceadjointeduSecr\u00e9tariatG\u00e9n\u00e9ralCommun,_<_B\u0153Marie-CarolineRIGAUD,Directrice'adjointeduSecr\u00e9tariatG\u00e9n\u00e9ralCommun,MmeVal\u00e9rieMALATY,cheffedesressourceshumainesMmeEmilieGAUDILLAT,adjointeauchefduservicedesressourceshumainesetdelaformation|MmeChristelleTHEVENOT,cheffedep\u00f4le\nRH\nPr\u00e9fecture de la C\u00f4te-d'Or - 21-2024-06-10-00001 - Arr\u00eat\u00e9 pr\u00e9fectoral N\u00b0  952 / SG du 10 juin 2024 donnant  d\u00e9l\u00e9gation de signature en\nmati\u00e8re de gestion des budgets op\u00e9rationnels\n104-111-112-113-119-122-124-129-135-137-147-148-161-163-172-181-206-207-209-215-216-217-218-219-232-303-348-349-354-357-362-363-3\n64-380-723-754-780-833  des fonds europ\u00e9ens et des recettes non fiscales\n62\n\\-|SaisiedansChorusFormulairedesDAetcertificationdesSF:CoralieHAUTIER,MauraneHOUSNI,H\u00e9l\u00e8neTURLIER,MartineTHUNOT,LaurenceGRANGERetMoniqueFIORE,R\u00e9miBARRIERJorisMARCHAND(jusqu'au30/06/24),LouisDUSART,MaudDE-HAROD\u00e9cisionsded\u00e9pensesetderecettes<\u00e05000\u20acMmeNathalieBERGET,DirectriceduMmeMarie-CarolineRIGAUD,DirectriceSecr\u00e9taritg\u00e9n\u00e9ralCommunadjointeduSecr\u00e9tariatG\u00e9n\u00e9ralCommun,GESTIONBUDG\u00c9TAIREETCOMPTABLESaisiedansChorusFormulairedesDAetcertificationdesSF:CoralieHAUTIERet|MauraneHOUSNIMartineTHUNOT,H\u00e9l\u00e8neTURLIERLaurenceGRANGER,MoniqueFIORER\u00e9miBARRIER,JorisMARCHAND(jusqu'au)30/06/24)\n||(LouisDUSART,MaudDE-HAROD\u00e9pensesli\u00e9es\u00e0l'activit\u00e9RHorganisationdes'MmeNathalieBERGET,DirectriceduMarie-CarolineRIGAUD,Directriceadjointeconcours(locationsalles,publicit\u00e9,vacations),leSecr\u00e9taritg\u00e9n\u00e9ralCommunduSecr\u00e9tariatG\u00e9n\u00e9ralCommunr\u00e8glementdeshonorairesm\u00e9dicaux,gratificationsdesstagiaires:certificationdeservicefaitquelquesoitleMmeVal\u00e9rieMALATY,cheffedesressources'montanthumainesMmeEmilieGAUDILLAT,adjointeauchefduservicedesressourceshumainesetdelaformationM.R\u00e9miBARRIER,chefdep\u00f4leServiceBudgetAchat\\MmeMartineTHUNOT,AdjointeduchefduServiceBudgetAchat\n12/28\nPr\u00e9fecture de la C\u00f4te-d'Or - 21-2024-06-10-00001 - Arr\u00eat\u00e9 pr\u00e9fectoral N\u00b0  952 / SG du 10 juin 2024 donnant  d\u00e9l\u00e9gation de signature en\nmati\u00e8re de gestion des budgets op\u00e9rationnels\n104-111-112-113-119-122-124-129-135-137-147-148-161-163-172-181-206-207-209-215-216-217-218-219-232-303-348-349-354-357-362-363-3\n64-380-723-754-780-833  des fonds europ\u00e9ens et des recettes non fiscales\n63\nGESTIONBUDGETAIREETCOMPTABLESaisiedansChorusFormulairedesDAetcertificationdesSF:CoralieHAUTIER,MauraneHOUSNI,H\u00e9l\u00e8neTURLIER,|LaurenceGRANGERetMoniqueFIORE,JorisMARCHAND(jusqu'au30/06/24),LouisDUSART,MaudDE-HAROServicegestiondescomp\u00e9tencesQVTFormationD\u00e9cisionsded\u00e9pensesetderecettesrelatives\u00e0laformationD\u00e9cisionsded\u00e9pensesetderecettesrelatives\u00e0laformation<\u00e05000\u20ac._<_.JohannMOUGENOT,secr\u00e9taireg\u00e9n\u00e9ralMmeAmelleGHAYOU,secr\u00e9taireg\u00e9n\u00e9rale'MmeMarie-Caroline_N_m>\u00fc_u__DirectriceadjointeduSecr\u00e9tariatG\u00e9n\u00e9ralCommun,13/28\nadjointeM.OlivierGERSTL\u00c9,directeurdecabinetSaisiedansChorusFormulairedesDAetcertificationdesSF:MesdamesEmmanuelleBONNARDOT,EricLATHUILLE,FabienneMERGEY,SophieLEFEBVREMmeNathalieBERGET,DirectriceduSecr\u00e9tariatg\u00e9n\u00e9ralCommunSaisiedansChorusFormulairedesDAetcertificationdesSF:\\EmmanuelleBONNARDOT,Marie-Caroline|RIGAUD,SophieLEFEBVRE|MartineTHUNOT,MoniqueFIORER\u00e9miBARRIERetJorisMARCHAND(jusqu'au30/06/24),LouisDUSART,MaudDE-HARO\nPr\u00e9fecture de la C\u00f4te-d'Or - 21-2024-06-10-00001 - Arr\u00eat\u00e9 pr\u00e9fectoral N\u00b0  952 / SG du 10 juin 2024 donnant  d\u00e9l\u00e9gation de signature en\nmati\u00e8re de gestion des budgets op\u00e9rationnels\n104-111-112-113-119-122-124-129-135-137-147-148-161-163-172-181-206-207-209-215-216-217-218-219-232-303-348-349-354-357-362-363-3\n64-380-723-754-780-833  des fonds europ\u00e9ens et des recettes non fiscales\n64\nGESTIONBUDGETAIREETOO_<=v._.>m_|mD\u00e9cisionsded\u00e9pensesetderecettesrelatives\u00e0laformation<\u00e01000\u20ac\\EricLATHUILLE,chefduserviceGCQVTMmeFabienneMERGEY,adjointeauchefduserviceGCQVT(jusqu'au1/09/24)MmeSylvieDESNOUVEAUX(\u00e0compterduSaisiedansChorusFormulairedesDAetcertificationdesSF:EmmanuelleBONNARDOT,SophieLEFEBVRE\\BudgetAchat|MartineTHUNOT,R\u00e9miBARRIER|JorisMARCHAND(jusqu'au30/06/24),|LouisDUSART,MaudDE-HARODocumentsrelatifsauxindemnit\u00e9sd'enseignementserviceGCQVT(jusqu'au1/09/24)MmeSylvieDESNOUVEAUX(\u00e0compterdu2/09/24)\nDanslecadredeCHORUSDT:D\u00e9cisionsded\u00e9pensesetderecettesrelativesauxtransportset\u00e0l'h\u00e9bergementetauxfrais'debouchedesformateursentantquevalideurhi\u00e9rarchiqueVH1serviceGCQVT(jusqu'au1/09/24)'MmeSylvieDESNOUVEAUX(\u00e0compterdu\n14/28|MmeFabienne_,\\_m_\u00bbomx\\ma_.o_:fimauchefduMmeNathalieBERGET,DirectriceduSecr\u00e9tariatg\u00e9n\u00e9ralCommunMmeMarie-CarolineRIGAUD,directriceadjointeduSecr\u00e9tariatG\u00e9n\u00e9ralCommunM.EricLATHUILLE,chefduserviceGCQVTMmeFabienneMERGEY,adjointeauchefdu7MmeNathalieBERGET,Directricedu|Secr\u00e9tariatg\u00e9n\u00e9ralCommun|MmeMarie-CarolineRIGAUD,directriceadjointeduSecr\u00e9tariatG\u00e9n\u00e9ralCommun|EmmanuelleBONNARDOT,SophieR\u00e9miBARRIER\nPr\u00e9fecture de la C\u00f4te-d'Or - 21-2024-06-10-00001 - Arr\u00eat\u00e9 pr\u00e9fectoral N\u00b0  952 / SG du 10 juin 2024 donnant  d\u00e9l\u00e9gation de signature en\nmati\u00e8re de gestion des budgets op\u00e9rationnels\n104-111-112-113-119-122-124-129-135-137-147-148-161-163-172-181-206-207-209-215-216-217-218-219-232-303-348-349-354-357-362-363-3\n64-380-723-754-780-833  des fonds europ\u00e9ens et des recettes non fiscales\n65\nGESTIONBUDGETAIREETCOMPTABLEFormation:certificationdeservicefaitquelquesoitle|M.EricLATHUILLE,chefduserviceGCQVT|MmeNathalieBERGET,Directricedu\nmontantServiced\u00e9partementald'actionsocialeSecr\u00e9tariatg\u00e9n\u00e9ralCommunMmeMarie-CarolineRIGAUD,directriceadjointeduSecr\u00e9tariatG\u00e9n\u00e9ralCommunMmeFabienneMERGEY,adjointeauchefduserviceGCQVT(jusqu'au1/09/24)MmeSylvieDESNOUVEAUX(\u00e0compterdu2/09/24)|MmeEmmanuelleBONNARDOT,Mme\\SophieLEFEBVRED\u00e9cisionsded\u00e9pensesrelatives\u00e0l'actionsocialeet\u00e0'M.EricLATHUILLE,chefduserviceGCQVT._<_3m,FabienneMERGEY,adjointeauchefdu|lam\u00e9decinedepr\u00e9vention<1000\u20acserviceGCQVT(jusqu'au1/09/24)MmeSylvieDESNOUVEAUX(\u00e0compterdu2/09/24)MmeIsabelleGUERIN,cheffeduSDAS,M.JeanPRUDHOMME,chefduservicebudgetachatsSaisiedansChorusFormulairedesDAetcertificationdesSF:MesdamesFlorenceVUILLEMIN,C\u00e9lineMEILLIER,IsabelleGUERIN,H\u00e9l\u00e8neTURLIERMartineTHUNOT,LaurenceGRANGER,MoniqueFIORER\u00e9miBARRIER,JorisMARCHAND(jusqu'au30/06/24),LouisDUSART,MaudDE-HARO\nPr\u00e9fecture de la C\u00f4te-d'Or - 21-2024-06-10-00001 - Arr\u00eat\u00e9 pr\u00e9fectoral N\u00b0  952 / SG du 10 juin 2024 donnant  d\u00e9l\u00e9gation de signature en\nmati\u00e8re de gestion des budgets op\u00e9rationnels\n104-111-112-113-119-122-124-129-135-137-147-148-161-163-172-181-206-207-209-215-216-217-218-219-232-303-348-349-354-357-362-363-3\n64-380-723-754-780-833  des fonds europ\u00e9ens et des recettes non fiscales\n66\nGESTIONBUDGETAIREETCOMPTABLED\u00e9cisionsded\u00e9pensesrelatives\u00e0l'actionsocialeet\u00e0|M.JohannMOUGENOT,secretaireg\u00e9n\u00e9rallam\u00e9decinedepr\u00e9ventionActionsocialeetm\u00e9decinedepr\u00e9vention:constatationdeservicefaitquelquesoitlemontant|MmeNathalieBERGET,DirectriceduSecr\u00e9tariatg\u00e9n\u00e9ralCommun(jusqu'\u00e05000\u20ac)Mme_,\\_m_._m-\u00fbm_.o__:\u0153_RIGAUD,DirectriceadjointeduSecr\u00e9tariatG\u00e9n\u00e9ralCommun(jusqu'\u00e05000\u20ac)M.JeanPRUDHOMME,chefduservicebudgetachats(jusqu'a1500\u20ac)MmeMartineTHUNOTCheffedep\u00f4leServicebudgetachat(jusqu'\u00e01500\u20ac)M.R\u00e9miBARRIERChefdep\u00f4leServicebudgetachat(jusqu'\u00e01500\u20ac)SaisiedansChorusFormulairedesDAetcertificationdesSF:FlorenceVUILLEMIN,C\u00e9lineMEILLIER,|IsabelleGUERIN,H\u00e9l\u00e8neTURLIER,7MartineTHUNOT,LaurenceGRANGER,'MoniqueFIORE,R\u00e9miBARRIER,|JorisMARCHAND(jusqu'au30/06/24),|LouisDUSART,MaudDE-HARO'M.EricLATHUILLE,chefduserviceGCQVT\n16/28\nMmeNathalieBERGET,DirectriceduSecr\u00e9tariatg\u00e9n\u00e9ralCommun|MmeFabienneMERGEY,adjointe.auchefduserviceGCQVT(jusqu'au1/09/24)MmeSylvieDESNOUVEAUX(\u00e0compterdu2/09/24)-|MmeMarie-CarolineRIGAUD,directrice\nPr\u00e9fecture de la C\u00f4te-d'Or - 21-2024-06-10-00001 - Arr\u00eat\u00e9 pr\u00e9fectoral N\u00b0  952 / SG du 10 juin 2024 donnant  d\u00e9l\u00e9gation de signature en\nmati\u00e8re de gestion des budgets op\u00e9rationnels\n104-111-112-113-119-122-124-129-135-137-147-148-161-163-172-181-206-207-209-215-216-217-218-219-232-303-348-349-354-357-362-363-3\n64-380-723-754-780-833  des fonds europ\u00e9ens et des recettes non fiscales\n67\nGESTIONBUDGETAIREETCOMPTABLE!M.JeanPRUDHOMME,chefduservicebudgetachatsMmeFlorenceVUILLEMIN,adjointechefdu\nSDASSaisiedansChorusFormulairedesDAetFlorenceVUILLEMIN,C\u00e9lineMEILLIER,IsabelleGUERIN,H\u00e9l\u00e8neTURLIER,MartineTHUNOT,LaurenceGRANGER,MoniqueFIORE,R\u00e9miBARRIER,JorisMARCHAND(jusqu'au30/06/24),LouisDUSART,MaudDE-HAROSGCServiceBudaetAchatetServiceLogistiqueImmobilierServicesInternesD\u00e9cisionsded\u00e9pensesetderecettes._<_.JohannMOUGENOT,secr\u00e9taireg\u00e9n\u00e9ral|MmeAmelleGHAYOU,secr\u00e9taireg\u00e9n\u00e9rale\nadjointeM.OlivierGERSTLE,directeurdecabinetSaisiedansCHORUSFormulairedesDAetcertificationdesSF:H\u00e9l\u00e9neTURLIER,LaurenceGRANGER,MoniqueFIORE,MartineTHUNOT,R\u00e9miBARRIER,'JorisMARCHAND(jusqu'au30/06/24),LouisDUSART,MaudDE-HAROD\u00e9cisionsded\u00e9pensesetderecettes<\u00e05000\u20ac._<_3mNathalieBERGET,DirectriceduSecr\u00e9tariatg\u00e9n\u00e9ralCommun17/28\nMmeMarie-CarolineRIGAUD,DirectriceadjointeduSecr\u00e9tariatG\u00e9n\u00e9ralCommun\nPr\u00e9fecture de la C\u00f4te-d'Or - 21-2024-06-10-00001 - Arr\u00eat\u00e9 pr\u00e9fectoral N\u00b0  952 / SG du 10 juin 2024 donnant  d\u00e9l\u00e9gation de signature en\nmati\u00e8re de gestion des budgets op\u00e9rationnels\n104-111-112-113-119-122-124-129-135-137-147-148-161-163-172-181-206-207-209-215-216-217-218-219-232-303-348-349-354-357-362-363-3\n64-380-723-754-780-833  des fonds europ\u00e9ens et des recettes non fiscales\n68\nGESTIONwcm9m4>__~mETCOMPTABLESaisiedansChorusFormulairedesDAetcertificationdesSF:H\u00e9l\u00e9neTURLIER,|LaurenceGRANGER,MoniqueFIORE,|JorisMARCHAND(jusqu'au30/06/24),LouisDUSART,MaudDE-HARO.Umo_m...o:mded\u00e9pensesetderecettes<\u00e01500\u20acM.DidierPERALDI,chefduservice|MmeMarie-CarolineRIGAUD,DirectriceLogistique,ImmobilieretServicesInternes|adjointeduSecr\u00e9tariatG\u00e9n\u00e9ralCommunM.JeanPRUDHOMME,chefduserviceMme-MartineTHUNOT,AdjointeduChefdubudgetachatsservicebudgetachatM.R\u00e9miBARRIER,Chefdep\u00f4leservicebudgetachatSaisiedansChorusFormulairedesDAetcertificationdesSF:H\u00e9l\u00e8neTURLIER,LaurenceGRANGER,MoniqueFIORE,|MartineTHUNOT,R\u00e9miBARRIER,|__<_.JorisMARCHAND(jusqu'au30/06/24),DanslecadredeChorusDT:M.JeanPRUDHOMME,chefduserviceMmeMarie-CarolineRIGAUD,DirectriceD\u00e9cisionsded\u00e9pensesetderecettesrelativesauxbudgetachatsadjointeduSecr\u00e9tariatG\u00e9n\u00e9ralCommuntransports,\u00e0l'h\u00e9bergementetauxfraisdeboucheentantquevalideurhi\u00e9rarchiqueVH1,validation|MmeMartineTHUNOT,AdjointeduChefdugestionnairesduBOP354,administrateurlocalautitreservicebudgetachatdel'aasistancedesutilisateursM.R\u00e9miBARRIER,Chefdep\u00f4leservicebudgetachatH\u00e9l\u00e8neTURLIER,LaurenceGRANGERM.BilloDIALLO,charg\u00e9demissionadjointaubudget(jusqu'au30/06/24)-MmeC\u00e9lineJOUVENCEAUXadjointauresponsableducentredeservicespartag\u00e9s\n18/28\nPr\u00e9fecture de la C\u00f4te-d'Or - 21-2024-06-10-00001 - Arr\u00eat\u00e9 pr\u00e9fectoral N\u00b0  952 / SG du 10 juin 2024 donnant  d\u00e9l\u00e9gation de signature en\nmati\u00e8re de gestion des budgets op\u00e9rationnels\n104-111-112-113-119-122-124-129-135-137-147-148-161-163-172-181-206-207-209-215-216-217-218-219-232-303-348-349-354-357-362-363-3\n64-380-723-754-780-833  des fonds europ\u00e9ens et des recettes non fiscales\n69\n'GESTIONBUDGETAIREETCOMPTABLE|r\u00e9gionalCHORUS,Constatationdeservicefaitquelquesoitlemontant_Om\u00abm@m!amo...m...o:ma.o\\amum:wmmetrecettes<\u00e01500\u20acM.DidierPERALDI,chefduserviceLogistiqueImmobilierServicesInternesM.JeanPRUDHOMME,chefduservicebudgetachatsMmeNathalieBERGET,DirectriceduSecr\u00e9tariatg\u00e9n\u00e9ralCommunMmeMarie-CarolineRIGAUD,Directricem&o__:_mduSecr\u00e9tariatG\u00e9n\u00e9ralCommunM.KarimBRAHIMI,chefdup\u00f4leimmobilierMmeGhislaineTOULON,adjointeauchefde|p\u00f4leimmobilierDidierTHEVENET,agentduserviceLogistiqueImmobilierServicesInternesM.R\u00e9miBARRIER,chefdep\u00f4leServiceBudgetAchatMmeMartineTHUNOT,AdjointeduchefduServiceBudgetAchat\u2014SaisiedansChorusFormulairedesDAetcertificationdesSF:H\u00e9l\u00e8neTURLIER,LaurenceGRANGER,MoniqueFIORE,MartineTHUNOT,R\u00e9miBARRIERJorisMARCHAND(jusqu'au30/06/24),LouisDUSART,MaudDE-HAROMmeMarie-CarolineRIGAUD,DirectriceadjointeduSecr\u00e9tariatG\u00e9n\u00e9ralCommun,M.DidierPERALDI,chefduservicedupilotagebudg\u00e9taire,delalogistiqueetdu\\patrimoine,SaisiedansChorusFormulairedesDAet|certificationdesSF:H\u00e9l\u00e8neTURLIER,LaurenceGRANGER,MoniqueFIORE,MartineTHUNOT,R\u00e9miBARRIER|M.JorisMARCHAND(jusqu'au30/06/24),'LouisDUSART,MaudDE-HARO\nPr\u00e9fecture de la C\u00f4te-d'Or - 21-2024-06-10-00001 - Arr\u00eat\u00e9 pr\u00e9fectoral N\u00b0  952 / SG du 10 juin 2024 donnant  d\u00e9l\u00e9gation de signature en\nmati\u00e8re de gestion des budgets op\u00e9rationnels\n104-111-112-113-119-122-124-129-135-137-147-148-161-163-172-181-206-207-209-215-216-217-218-219-232-303-348-349-354-357-362-363-3\n64-380-723-754-780-833  des fonds europ\u00e9ens et des recettes non fiscales\n70\nGESTIONBUDGETAIREETCOMPTABLEGarage:certificationduservicefaitquelquesoitle\nmontant\n|M.DidierPERALDI,chefduserviceLogistiqueImmobilierServicesInternesIIl-SERVICEDEPARTEMENTALINTERMINIST\u00c9RIELDESSYSTEMESD'INFORMATIONETDECOMMUNICATION,Umo_m_o:mded\u00e9pensesetderecettesrelativesauB._<_.JohannMOUGENOT,secr\u00e9taireg\u00e9n\u00e9ral\nSIDSIC>5000\u20acD\u00e9cisionsded\u00e9pensesetderecettesrelativesauSIDSIC<a5000\u20acMmeMarie-CarolineRIGAUD,U__,moiom\\adjointeduSecr\u00e9tariatG\u00e9n\u00e9ralCommun,M.JeanPRUDHOMME,chefduservicebudgetachatsSaisiedansChorusFormulairedesDAetcertificationdesSF:H\u00e9l\u00e8neTURLIER,LaurenceGRANGER,MoniqueFIORE,MartineTHUNOT,R\u00e9miBARRIERJorisMARCHAND(jusqu'au30/06/24),LouisDUSART,MaudDE-HARO'MmeNathalieBERGET,DirectriceduSecr\u00e9tariatg\u00e9n\u00e9ralCommun20/28\nMmeAmelleGHAYOU,secr\u00e9taireg\u00e9n\u00e9raleadjointeM.OlivierGERSTLE,directeurdecabinetSaisiedansChorusFormulairedesDAetcertificationdesSF:H\u00e9l\u00e8neTURLIER,LaurenceGRANGER,MoniqueFIORE,MartineTHUNOT,R\u00e9miBARRIERJorisMARCHAND(jusqu'au30/06/24),Louis\u00dbC...Z......HMaudDE-HAROMarie-CarolineRIGAUD,DirectriceadjointeduSecr\u00e9tariatG\u00e9n\u00e9ralCommun.\nPr\u00e9fecture de la C\u00f4te-d'Or - 21-2024-06-10-00001 - Arr\u00eat\u00e9 pr\u00e9fectoral N\u00b0  952 / SG du 10 juin 2024 donnant  d\u00e9l\u00e9gation de signature en\nmati\u00e8re de gestion des budgets op\u00e9rationnels\n104-111-112-113-119-122-124-129-135-137-147-148-161-163-172-181-206-207-209-215-216-217-218-219-232-303-348-349-354-357-362-363-3\n64-380-723-754-780-833  des fonds europ\u00e9ens et des recettes non fiscales\n71\nGESTIONBUDG\u00c9TAIREETCOMPTABLE|M.JeanPRUDHOMME,chefduservicebudgetachats(jusqu'a1500\u20ac)MmeMartineTHUNOT,AdjointeduChefduservicebudgetachat(jusqu''a1500\u20ac)MonsieurR\u00e9miBARRIER,Chefdep\u00f4leservicebudgetachat(jusqu'\u00e01500\u20ac)SaisiedansChorusFormulairedesDAetcertificationdesSF:H\u00e9l\u00e9neTURLIER,LaurenceGRANGER,MoniqueFIORE,MartineTHUNOT,R\u00e9miBARRIERJorisMARCHAND(jusqu'au30/06/24),LouisDUSART,MaudDE-HAROD\u00e9cisionsded\u00e9pensesetderecettesrelativesauM.Jean-ChristopheBRIOT,chefduSDISIC\\M.Jean-LucJOBARD,adjointauchefduSIDSIC<\u00e0500\u20acSIDSICSaisiedansChorusFormulairedesDAetcertificationdesSF:H\u00e9l\u00e9neTURLIER,|LaurenceGRANGER,MoniqueFIORE,MartineTHUNOT,R\u00e9miBARRIER|JorisMARCHAND(jusqu'au30/06/24),LouisDUSART,MaudDE-HAROConstatationdeservicefaitrelatifauSIDSIC,quelqueM.Jean-ChristopheBRIOT,chefduSDISIC-|M.Jean-LucJOBARD,adjointauchefdusoitlemontantSIDSICM.JeanPRUDHOMME,chefduservicebudgetachatsM.R\u00e9miBARRIER,chefdep\u00f4leServiceBudgetAchatMmeMartineTHUNOT,AdjointeduChefduServiceBudgetAchat\n21/28\nPr\u00e9fecture de la C\u00f4te-d'Or - 21-2024-06-10-00001 - Arr\u00eat\u00e9 pr\u00e9fectoral N\u00b0  952 / SG du 10 juin 2024 donnant  d\u00e9l\u00e9gation de signature en\nmati\u00e8re de gestion des budgets op\u00e9rationnels\n104-111-112-113-119-122-124-129-135-137-147-148-161-163-172-181-206-207-209-215-216-217-218-219-232-303-348-349-354-357-362-363-3\n64-380-723-754-780-833  des fonds europ\u00e9ens et des recettes non fiscales\n72\nGESTIONBUDGETAIREETCOMPTABLEBonsdelivraison-Fichesetrapportsd'interventionstechniques.NII!\u2014DIRECTIONDEL'IMMIGRATIONETDELANATIONALITEFraisderepr\u00e9sentationdudirecteur:d\u00e9cisionsded\u00e9pensesetderecettes-certificationduservicefaitDanslecadredeCHORUSDT:Fraisded\u00e9placementpour'ensembledesagentsdeladirection:ordresdemissionet\u00e9tatsdefraisServiced'immigrationetd'int\u00e9grationD\u00e9cisionsded\u00e9pensesetderecettesetcertificationdeservicefaitpourlesvacationsdetraducteurs-interpr\u00e8tes\nSaisiedansChorusFormulairedesDAetcertificationdesSF:H\u00e9l\u00e8neTURLIER,\\LaurenceGRANGER;MoniqueFIORE,|MartineTHUNOT,R\u00e9miBARRIERJorisMarchand(jusqu'au30/06/24),'LouisDUSART,MaudDE-HAROM.,_mm:-ow..._...m\u2014...ou:mBRIOT,chefduSDISIC|M:Jean-LucJOBARD,adjointauchefdu\nSIDSIC\n._,\\_o:_m...mc_._\u0153%mmam:GAUTHEY,directeurdel'immigrationetdelanationalit\u00e9MonsieurS\u00e9bastienGAUTHEY,directeurde|MmeC\u00e9lineMANELLI,attach\u00e9el'immigrationetdelanationalit\u00e9|d'administrationdel'Etat,cheffeduserviceimmigrationetint\u00e9grationM.JeanChristopheTHUILLIER,attach\u00e9d'admnistrationdel'Etat,responsabledelaplateformenaturalisationMmeCatelineZARIC,adjointduresponsabledelaplateformenaturalisation|MonsieurS\u00e9bastienGAUTHEY,directeurde__<_3mC\u00e9lineMANELLI,attach\u00e9e\\l'immigrationetdelanationalit\u00e9d'administrationdeI'Etat,cheffeduservice\\immigrationetint\u00e9gration\n22/28\nPr\u00e9fecture de la C\u00f4te-d'Or - 21-2024-06-10-00001 - Arr\u00eat\u00e9 pr\u00e9fectoral N\u00b0  952 / SG du 10 juin 2024 donnant  d\u00e9l\u00e9gation de signature en\nmati\u00e8re de gestion des budgets op\u00e9rationnels\n104-111-112-113-119-122-124-129-135-137-147-148-161-163-172-181-206-207-209-215-216-217-218-219-232-303-348-349-354-357-362-363-3\n64-380-723-754-780-833  des fonds europ\u00e9ens et des recettes non fiscales\n73\nGESTIONBUDGETAIREETCOMPTABLED\u00e9cisionsderecoursauxprestationsd'avocatMonsieurS\u00e9bastienGAUTHEY,directeurdel'immigrationetdelanationalit\u00e9XIV-DIRECTIONDESCOLLECTIVITESLOCALESETDESELECTIONSFraisde\u2014m_u_@mm:\u2014...m_..._o:dua...\u00e4ofic\u00fcmo_m...o:\u0153ded\u00e9pensesetderecettes-certificationduservicefait.MonsieurJean-LucMILANI,m.:m.o':mhors\nclasse|MonsieurJean-LucMILANI,directeurdescollectivit\u00e9slocalesetdes\u00e9lectionsDanslecadredeCHORUSDT:Fraisded\u00e9placementpourl'ensembledesagentsdeladirection:ordresdemissionet\u00e9tatsdefraisD\u00e9cisionsded\u00e9pensesetconstatationduservicefaitpourlesfrais(horslignest\u00e9l\u00e9phoniques)relatifs\u00e0l''organisationmat\u00e9rielledesdiff\u00e9rentes\u00e9lections(imprim\u00e9s,acheminementdedocuments\u00e9lectoraux,locationsdiverses,bulletinsdevotepourlespr\u00e9sidentielles,prestatairedeservice...)MonsieurJean-LucMILANI,directeurdescollectivit\u00e9slocalesetdes\u00e9lections'MmeC\u00e9lineMANELLI,attach\u00e9ed'administrationdeI'Etat,cheffeduserviceimmigrationetint\u00e9grationMmeFadilaELHARTI,cheffedubureaudescollectivit\u00e9slocales'MmeClaireBROUSSE,chefdubureaudes\u00e9lectionsetdelar\u00e9glementation'MmeClaireBROUSSE,cheffedubureaudesl\u00e9lectionsetdelar\u00e9glementationMmeDelphineHORNY,adjointeauchefdubureaudes\u00e9lectionsetdelar\u00e9glementationMmeFadilaELHARTI,cheffedubureaudescollectivit\u00e9slocalesSaisiedansChorusFormulairedesDAetcertification'desSF:M.EricFINOT\u2014-MmesClaireBROUSSEetDelphineHORNYMonsieur._\u0153m:-_wcoMILANI,directeurdesD\u00e9cisionsded\u00e9pensesetcertificationduservicefaitn>UScollectivit\u00e9slocalesetdes\u00e9lectionspourlesfraisrelatifs\u00e0l'installationdeslignest\u00e9l\u00e9phoniquesn\u00e9cessaires\u00e0l'organisationdes\u00e9lectionsdiverses\n23/28\nMmeClaireBROUSSE,cheffedubureaudes\u00e9lectionsetdelar\u00e9glementationMmeDelphineHORNY,adjointeauchefdubureaudes\u00e9lectionsetdelar\u00e9glementation\nPr\u00e9fecture de la C\u00f4te-d'Or - 21-2024-06-10-00001 - Arr\u00eat\u00e9 pr\u00e9fectoral N\u00b0  952 / SG du 10 juin 2024 donnant  d\u00e9l\u00e9gation de signature en\nmati\u00e8re de gestion des budgets op\u00e9rationnels\n104-111-112-113-119-122-124-129-135-137-147-148-161-163-172-181-206-207-209-215-216-217-218-219-232-303-348-349-354-357-362-363-3\n64-380-723-754-780-833  des fonds europ\u00e9ens et des recettes non fiscales\n74\n'GESTIONBUDG\u00c9TAIREETCOMPTABLED\u00e9cisionsderemboursementdesfraisdepropagande|auxcandidatsouauximprimeurs,etdesfraisd'affichagedelapropagandeetcertificationdeservice'D\u00e9cisionsde_wm\u00e4coc_.mm\u00e4\u0153:fidesfraisdecampagne|auxcandidatsayantobtenu5%dessuffragessur|d\u00e9cisiondelaCNCCFPetcertificationduservicefait\n|\nMmeFadilaELHARTI,cheffedubureaudescollectivit\u00e9slocales'M.Jean-ChristopheBRIOT,chefduSIDSICM.Jean-LucJOBARD,adjointauchefdu\\SaisiedansChorusFormulairedesDAet...certificationdesSF:M.EricFINOT\u2014MmesClaireBROUSSEetDelphineHORNYMonsieurJean-Luc_<___.>z__a...\u00f4o_...m:\\_.'a\u0153\u0153collectivit\u00e9slocalesetdes\u00e9lections|MonsieurJean-LucMILANI,directeurdescollectivit\u00e9slocalesetdes\u00e9lections|D\u00e9cisionsderemboursementdesfraisrelatifs\u00e0l'acheminementdesproc\u00e8s-verbaux\u00e0lacommission|derecensementdesvotesetcertificationdeservice\nfait\n|\nMmeClaireBROUSSE,cheffedubureaudes\u00e9lectionsetdelar\u00e9glementation|MmeDelphineHORNY,adjointeauchefdu\\bureaudes\u00e9lectionsetdela.r\u00e9glementation'MmeFadilaELHARTI,cheffedubureaudescollectivit\u00e9slocalesSaisiedansChorusFormulairedesDAetcertificationdesSF:M.EricFINOT\u2014MmesClaireBROUSSEetDelphineHORNY._<_3mClaireBROUSSE,o:mmmdubureaudes7\u00e9lectionsetdelar\u00e9glementation\n\u00cf\nMmeDelphineHORNY,adjointeauchefdubureaudes\u00e9lectionsetdelar\u00e9glementationMmeFadilaELHARTI,cheffedubureaudes||collectivit\u00e9slocales'SaisiedansChorusFormulairedesDAetcertificationdesSF:M.EricFINOT\u2014Mmes|ClaireBROUSSEetDelphineHORNYMonsieur._\u0153m:..rcoMILANI,directeurdescollectivit\u00e9slocalesetdes\u00e9lections24/28\nbureaudes\u00e9lectionsetdel\u00e0r\u00e9glementation|MmeClaireBROUSSE,cheffedubureaudes|\u00e9lectionsetdelar\u00e9glementationMmeDelphineHORNY,adjointeauchefdu\nPr\u00e9fecture de la C\u00f4te-d'Or - 21-2024-06-10-00001 - Arr\u00eat\u00e9 pr\u00e9fectoral N\u00b0  952 / SG du 10 juin 2024 donnant  d\u00e9l\u00e9gation de signature en\nmati\u00e8re de gestion des budgets op\u00e9rationnels\n104-111-112-113-119-122-124-129-135-137-147-148-161-163-172-181-206-207-209-215-216-217-218-219-232-303-348-349-354-357-362-363-3\n64-380-723-754-780-833  des fonds europ\u00e9ens et des recettes non fiscales\n75\nservicefait\n__\nMmeFadilaELHARTI,cheffedubureaudescollectivit\u00e9slocalesSaisiedansChorusFormulairedesDAet._<_3mClaireBROUSSE,o:m.mmdubureaudesMmeDelphineHORNY,adjointeauchefducollectivit\u00e9slocalesClaireBROUSSEetDelphineHORNYConstatationdeservicefaitpourleremboursement|MonsieurJean-LucMILANI,directeurdes\u00e9lectionsetdelar\u00e9glementationcollectivit\u00e9slocalesXV-DIRECTIONDELACOORDINATIONDESPOLITIQUESPUBLIQUESETDEL'APPUITERRITORIAL.D\u00e9cisionsded\u00e9pensesetderecettes-certificationdu|M.PhilippeGOUTORBE,directeurdelaservicefaitpourlesfraisderepr\u00e9sentationducoordinationdespolitiquespubliquesetdedirecteurl'appuiterritorialDanslecadredeCHORUSDT:Fraisded\u00e9placementpourl'ensembledesagentsde|coordinationdespolitiquespubliquesetdeDansle'M.PhilippeGOUTORBE,directeurdela25/28\nMme\u00c9velyneMORI,cheffedup\u00f4leenvironnementeturbanismeam\u00e9nagementduterritoire\nf_\nPr\u00e9fecture de la C\u00f4te-d'Or - 21-2024-06-10-00001 - Arr\u00eat\u00e9 pr\u00e9fectoral N\u00b0  952 / SG du 10 juin 2024 donnant  d\u00e9l\u00e9gation de signature en\nmati\u00e8re de gestion des budgets op\u00e9rationnels\n104-111-112-113-119-122-124-129-135-137-147-148-161-163-172-181-206-207-209-215-216-217-218-219-232-303-348-349-354-357-362-363-3\n64-380-723-754-780-833  des fonds europ\u00e9ens et des recettes non fiscales\n76\nGESTIONBUDGETAIREETCOMPTABLEPublicationsd'annoncesl\u00e9galesrelativesauxenqu\u00eatespubliques:d\u00e9cisionsded\u00e9pensesetderecettes-certificationduservicefait.!MmeEvelyneMORI,chefdup\u00f4leDotationsetavancesauxcollectivit\u00e9slocales:d\u00e9cisionsded\u00e9pensesetderecettes-certificationduservicefaitOm\u00e4_..._om_......o:deservicefaitdesd\u00e9pensesd'avocat|CondamnationsdeI'EtatparlesjuridictionsIndemnisationsparl'\u00c9tatsuiteaurefusdelaforcepubliquedanslecadredesexpulsionslocativesenvironnementeturbanismeM.JohannMOUGENOT,secr\u00e9taireg\u00e9n\u00e9ralMPhilippeGOUTORBE,directeurdelacoordinationdespolitiquespubliquesetdel'appuiterritorial,M.GuillaumeBROUILLARD,adjointauchefdup\u00f4leenvironnementeturbanismeMmeMich\u00e8leGUSCHEMANN,chefdup\u00f4leam\u00e9nagementduterritoireM.JohannMOUGENOT,secr\u00e9tairemm:m_,m_MmeC\u00e9liaHAMOUD,adjointeauchefdup\u00f4leam\u00e9nagementduterritoireSaisiedansChorusFormulairedesDSetcertificationdesSF:FatimaKANKAYA,C\u00e9liaHAMOUDetMmeMarie-PierreAUBRY'M.Fr\u00e9d\u00e9ricPELISSIER,chefdup\u00f4lejuridiqueinter-servicesMmeDominiqueLEMAITRE,charg\u00e9edemissiondup\u00f4lejuridiqueinter-servicesM.Fr\u00e9d\u00e9ricPELISSIER,chefdup\u00f4lejuridiqueinter-servicesMmeDominiqueLEMAITRE,charg\u00e9edemissiondup\u00f4lejuridiqueinter-servicesM.Fr\u00e9d\u00e9ricPELISSIER,chefdup\u00f4lejuridiqueinter-servicesMmeDominiqueLEMAITRE,charg\u00e9edemissiondup\u00f4lejuridiqueinter-services26/28\nPr\u00e9fecture de la C\u00f4te-d'Or - 21-2024-06-10-00001 - Arr\u00eat\u00e9 pr\u00e9fectoral N\u00b0  952 / SG du 10 juin 2024 donnant  d\u00e9l\u00e9gation de signature en\nmati\u00e8re de gestion des budgets op\u00e9rationnels\n104-111-112-113-119-122-124-129-135-137-147-148-161-163-172-181-206-207-209-215-216-217-218-219-232-303-348-349-354-357-362-363-3\n64-380-723-754-780-833  des fonds europ\u00e9ens et des recettes non fiscales\n77\nGESTIONBUDGETAIREETCOMPTABLEToutesautresindemnisationsli\u00e9e\u00e0'engagementdelaM._u_,maw_._oPELISSIER,chefdup\u00f4le|responsabilit\u00e9del'Etatjuridiqueinter-servicesMmeDominiqueLEMAITRE,charg\u00e9ede-missiondup\u00f4lejuridiqueinter-servicesXVI\u2014SECRETARIATGENERALPOURLES\\AFFAIRESREGIONALES'_...\u2014m_mderepr\u00e9sentationdum\u0153o\\\u00e2fi...\u00f4.g\u00e9n\u00e9ralpourlesMmeAnneCOSTEDECHAMPERON,\\affairesr\u00e9gionales:d\u00e9cisionsded\u00e9pensesetdesecr\u00e9taireg\u00e9n\u00e9ralepourlesaffairesrecettes\u2014certificationduservicefaitr\u00e9gionalesdeBourgogne\u2014Franche-Comt\u00e9\n|\nCertificationdesSF:MmesDinaPAPINetC\u00e9cilineLEVENARD\u2014M.JulienMARLOTFraisderepr\u00e9sentationdesadjointsausecr\u00e9taireM.MmeBERNARD,adjointeausecr\u00e9taireg\u00e9n\u00e9ralpourlesaffairesr\u00e9gionales:d\u00e9cisionsdeg\u00e9n\u00e9ralpourlesaffairesr\u00e9gionalesded\u00e9pensesetderecettes\u2014certificationduservicefait|Bourgogne\u2014Franche-Comt\u00e9,charg\u00e9dup\u00f4le\u00abpolitiquespubliquesinterminist\u00e9rielles\u00bbMMMmeMiladaPANTICadjointeausecr\u00e9taireg\u00e9n\u00e9ralpourlesaffairesr\u00e9gionalesdeBourgogne-Franche-Comt\u00e9,charg\u00e9dup\u00f4lemoyens,mutualisationetmodernisation\n|\nDanslecadredeCHORUSDT:MmeMiladaPANTIC,SGAR-adjointeFraisded\u00e9placementpourlesecr\u00e9taireg\u00e9n\u00e9ralpour|M.JulienMARLOT,directeurdelaplate-lesaffairesr\u00e9gionales:ordredemissionet\u00e9tatdeformer\u00e9gionaleFinances,Budgets,fraisImmobilier27/28\u2014\nCertificationdesSF:Mmes_w...smPAPINetCertificationdesSF:MmesDinaPAPINetC\u00e9cilineLEVENARD\u2014M.JulienMARLOTC\u00e9cilineLEVENARD-M.JulienMARLOT\n4\nPr\u00e9fecture de la C\u00f4te-d'Or - 21-2024-06-10-00001 - Arr\u00eat\u00e9 pr\u00e9fectoral N\u00b0  952 / SG du 10 juin 2024 donnant  d\u00e9l\u00e9gation de signature en\nmati\u00e8re de gestion des budgets op\u00e9rationnels\n104-111-112-113-119-122-124-129-135-137-147-148-161-163-172-181-206-207-209-215-216-217-218-219-232-303-348-349-354-357-362-363-3\n64-380-723-754-780-833  des fonds europ\u00e9ens et des recettes non fiscales\n78\nGESTIONBUDGETAIREETCOMPTABLEDanslecadredeCHORUSDT:_MmeMiladaPANTIC,SGAR-adjointeMmesDinaPAPINetC\u00e9cilineLEVENARDD\u00e9cisionsded\u00e9pensesetderecettesconcernantlesM.JulienMARLOT,directeurdelaplate-transportsetI'hn\u00e9bergement(ycomprispourlaformer\u00e9gionaleFinances,Budgets,formation)ImmobilierFait\u00e0Dijon,le10/10/24Lepr\u00e9fetSIGNEFranckROBINE\n28/28\nPr\u00e9fecture de la C\u00f4te-d'Or - 21-2024-06-10-00001 - Arr\u00eat\u00e9 pr\u00e9fectoral N\u00b0  952 / SG du 10 juin 2024 donnant  d\u00e9l\u00e9gation de signature en\nmati\u00e8re de gestion des budgets op\u00e9rationnels\n104-111-112-113-119-122-124-129-135-137-147-148-161-163-172-181-206-207-209-215-216-217-218-219-232-303-348-349-354-357-362-363-3\n64-380-723-754-780-833  des fonds europ\u00e9ens et des recettes non fiscales\n79\nPr\u00e9fecture de la C\u00f4te-d'Or\nSecr\u00e9tariat G\u00e9n\u00e9ral\n21-2024-06-08-00001\nArr\u00eat\u00e9 pr\u00e9fectoral n\u00b0958 portant agr\u00e9ment\nILGLS de la Fondation Apprentis d'Auteuil au\ntitre de l'article L365-4 du code de la\nconstruction et de l'habitation\nPr\u00e9fecture de la C\u00f4te-d'Or - 21-2024-06-08-00001 - Arr\u00eat\u00e9 pr\u00e9fectoral n\u00b0958 portant agr\u00e9ment ILGLS de la Fondation Apprentis\nd'Auteuil au titre de l'article L365-4 du code de la construction et de l'habitation 80\n5E-I=ET ' | Direction d\u00e9partementaleDE LA de l'Emploi, du Travail et des Solidarit\u00e9sCOTE-D'ORL'z'bert\u00e9Egalit\u00e9Fraternit\u00e9\nARR\u00caT\u00c9 PREFECTORAL N\u00b0 553Portant agr\u00e9ment ILGLS de la Fondation Apprentis d'Auteuilau titre de l'article L365-4 du code de la construction et de l'habitationLe pr\u00e9fet de la r\u00e9gion Bourgogne-Franche-Comt\u00e9Pr\u00e9fet de la C\u00f4te-d'Or\nVU la loi n\u00b0 2009-323 du 25 mars 2009 de mobilisation pour le logement et de lutte contre l'exclusion,\" VU le code de la construction et de l'habitation et notamment l'article L365-4 et l'article R365-1-3\u00b0dans sa r\u00e9daction issue du d\u00e9cret n\u00b0 2010-398 du 22 avril 2010 - art. 1,VU le d\u00e9cret n\u00b0 2009-1684 du 30 d\u00e9cembre 2009 relatif aux agr\u00e9ments des organismes exer\u00e7ant desactivit\u00e9s en faveur du logement et de I'h\u00e9bergement des personnes d\u00e9favoris\u00e9es,VU la circulaire du 6 septembre 2010 relative aux agr\u00e9ments des organismes agissant en faveur dulogement et de l'h\u00e9bergement des personnes d\u00e9favoris\u00e9es,VU le dossier de demande transmis le 27 mai 2024 par le repr\u00e9sentant l\u00e9gal de la Fondation Apprentisd'Auteuil et d\u00e9clar\u00e9 complet le 6 juin 2024,VU l'avis favorable de la Direction D\u00e9partementale de I'Emploi, du Travail et des Solidarit\u00e9s de C\u00f4ted'Or qui a examin\u00e9 les capacit\u00e9s de l'organisme \u00e0 mener de telles activit\u00e9s conform\u00e9ment \u00e0 l'articleR365-1-3\u00b0 du code de la construction et de l'habitation.\nARR\u00caTE\nArticle 1 :L'organisme \u00e0 gestion d\u00e9sint\u00e9resfs'\u00e9e, Fondation Apprentis d'Auteuil sis 118 avenue Jean Jaur\u00e8s \u2014 75019Paris, association de loi 1901, est agr\u00e9\u00e9 pour les activit\u00e9s d'interm\u00e9diation locative et de gestionlocative sociale mentionn\u00e9es aux a), b) et c) de l'article R365-1-3\u00b0 du code de la construction et del'habitation.\nArticle 2 :L'agr\u00e9ment est d\u00e9livr\u00e9 pour une dur\u00e9e de cinq ans renouvelable. L'agr\u00e9ment peut \u00eatre retir\u00e9 \u00e0 toutmoment par l'autorit\u00e9 administrative comp\u00e9tente si l'organisme ne satisfait plus aux conditions ded\u00e9livrance de l'agr\u00e9ment ou s'il est constat\u00e9 un manquement grave ou r\u00e9p\u00e9t\u00e9 \u00e0 ses obligations.Le retrait est prononc\u00e9 apr\u00e8s avoir mis les dirigeants de l'organisme en mesure de pr\u00e9senter leursobservations.DDETS - www.cote-dor.gouv.fr- P\u00f4le travail et entreprises - P\u00f4le solidarit\u00e9s- P\u00f4le Emploi et coh\u00e9sion territoriale Cit\u00e9 administrative Dampierre21 Boulevard Voltaire 6 rue Chancelier de l'HospitalBP 81110 - 21000 Dijon BP 15381 \u2014 21053 DIJON cedextel : 03 80 45 75 00 ' tel: 03 80 68 30 00\nPr\u00e9fecture de la C\u00f4te-d'Or - 21-2024-06-08-00001 - Arr\u00eat\u00e9 pr\u00e9fectoral n\u00b0958 portant agr\u00e9ment ILGLS de la Fondation Apprentis\nd'Auteuil au titre de l'article L365-4 du code de la construction et de l'habitation 81\nArticle 3 :Un compte-rendu de |'activit\u00e9 concern\u00e9e et les comptes financiers de l'organisme seront adress\u00e9sannuellement \u00e0 l'autorit\u00e9 administrative comp\u00e9tente qui a d\u00e9livr\u00e9 l'agr\u00e9ment.Cette derni\u00e8re peut \u00e0 tout moment contr\u00f4ler les conditions d'exercice de l'activit\u00e9 de l'organisme.Toute modification statutaire est notifi\u00e9e sans d\u00e9lai \u00e0 l'autorit\u00e9 administrative.\nArticle 4 :Le pr\u00e9sent arr\u00eat\u00e9 peut faire l'objet d'un recours devant le Tribunal Administratif sis 22, rue d'Assas -21000 DIJON dans les deux mois suivant sa publication au recueil des actes administratifs de laPr\u00e9fecture de la C\u00f4te-d'Or. La juridiction administrative comp\u00e9tente peut aussi \u00eatre saisie parl'application t\u00e9l\u00e9recours citoyens accessible \u00e0 partir du site www.telerecours.frLe m\u00eame recours peut \u00eatre exerc\u00e9 par |' assomatuon gestionnaire dans le d\u00e9lai de deux mois a compterde la notification du pr\u00e9sent arr\u00e9t\u00e9.\nArticle S :Le Pr\u00e9fet de la r\u00e9gion Bourgogne Franche-Comt\u00e9, Pr\u00e9fet du d\u00e9partement de la C\u00f4te-d'Or et leDirecteur d\u00e9partemental de l'emploi, du travail et des solidarit\u00e9s sont en charge, chacun en ce qui leconcerne, de l'ex\u00e9cution du pr\u00e9sent arr\u00eat\u00e9 qui sera ins\u00e9r\u00e9 au recueil des actes administratifs de laPr\u00e9fecture.\nFait\u00e0 Dijon, le (0 8 JUIN 2024Le Pr\u00e9fet,\nPour le pr\u00e9fet \u00cbtlon,le secr\u00e9 reg\u00e9n\u00e9ral __Johann\\MOUGENOT\nDDETS - www.cote-dor.gouv.fr- P\u00f4le travail et entreprises - P\u00f4le solidarit\u00e9s- P\u00f4le Empioi et coh\u00e9sion territoriale Cit\u00e9 administrative Dampierre21 Boulevard Voltaire 6 rue Chancelier de l'HospitalBP 81110 - 21000 Dijon BP 15381 - 21053 DIJON cedextel: 03 80 76 99 10 tel: 03 80 68 30 00\nPr\u00e9fecture de la C\u00f4te-d'Or - 21-2024-06-08-00001 - Arr\u00eat\u00e9 pr\u00e9fectoral n\u00b0958 portant agr\u00e9ment ILGLS de la Fondation Apprentis\nd'Auteuil au titre de l'article L365-4 du code de la construction et de l'habitation 82\nPr\u00e9fecture de la C\u00f4te-d'Or\nSecr\u00e9tariat G\u00e9n\u00e9ral\n21-2024-06-08-00002\nArr\u00eat\u00e9 pr\u00e9fectoral n\u00b0959 portant agr\u00e9ment ISFT\nde la Fondation Apprentis d'Auteuil au titre de\nl'article L365-3 du code de la construction et de\nl'habitation\nPr\u00e9fecture de la C\u00f4te-d'Or - 21-2024-06-08-00002 - Arr\u00eat\u00e9 pr\u00e9fectoral n\u00b0959 portant agr\u00e9ment ISFT de la Fondation Apprentis\nd'Auteuil au titre de l'article L365-3 du code de la construction et de l'habitation 83\nE Direction d\u00e9partementaleII;IEELFET de l'Emploi, du Travail et des Solidarit\u00e9sC\u00d4TE-D'ORLibert\u00e9\u00c9galit\u00e9Fraternit\u00e9\nARR\u00caT\u00c9 PREFECTORAL N\u00b0 953Portant agr\u00e9ment ISFT de la Fondation Apprentis d'Auteuilau titre de l'article L365-3 du code de la construction et de l'habitationLe pr\u00e9fet de la r\u00e9gion Bourgogne-Franche-Comt\u00e9Pr\u00e9fet de la C\u00f4te-d'Or\nVU la loi n\u00b0 2009-323 du 25 mars 2009 de mobilisation pour le logeme\u00f1t et de lutte contre l'exclusion,VU le code de la construction et de l'habitation et notamment l'article L365-3 et l'article R365-1-2\u00b0dans sa r\u00e9daction issue du d\u00e9cret n\u00b0 2010-398 du 22 avril 2010 - art. 1,VU le d\u00e9cret n\u00b0 2009-1684 du 30 d\u00e9cembre 2009 relatif aux agr\u00e9ments des organismes exer\u00e7ant desactivit\u00e9s en faveur du logement et de l'h\u00e9bergement des personnes d\u00e9favoris\u00e9es,VU la circulaire du 6 septembre 2010 relative aux agr\u00e9ments des organismes agissant en faveur dulogement et de l'h\u00e9bergement des personnes d\u00e9favoris\u00e9es,VU le dossier de demande transmis le 27 mai 2024 par le repr\u00e9sentant l\u00e9gal de la Fondation Apprentisd'Auteuil et d\u00e9clar\u00e9 complet 6 juin 2024,VU l'avis favorable de la Direction D\u00e9partementale de I'Emploi, du Travail et des Solidarit\u00e9s de C\u00f4ted'Or qui a examin\u00e9 les capacit\u00e9s de l'organisme \u00e0 mener de telles activit\u00e9s conform\u00e9ment \u00e0 l'articleR365-1-2\u00b0 du code de la construction et de l'habitation.\nARR\u00caTE |\nArticle 1 :L'organisme \u00e0 gestion d\u00e9sint\u00e9res\u00e9\u00e9e, Fondation Apprentis d'Auteuil sis 118 avenue Jean Jaur\u00e8s \u2014 75019Paris, association de loi 1901, est -agr\u00e9\u00e9 pour les activit\u00e9s d'ing\u00e9nierie sociale, financi\u00e8re et techniquementionn\u00e9es aux a) b) c) d) et e) de l'article R365-1-2\u00b0 du code de la construction et de l'habitation.\nArticle 2 :L'agr\u00e9ment est d\u00e9livr\u00e9 pour une dur\u00e9e de cing ans renouvelable. L'agr\u00e9ment peut \u00eatre retir\u00e9 \u00e0 toutmoment par l'autorit\u00e9 administrative comp\u00e9tente si l'organisme ne satisfait plus aux conditions ded\u00e9livrance de l'agr\u00e9ment ou s'il est constat\u00e9 un manquement grave ou r\u00e9p\u00e9t\u00e9 \u00e0 ses obligations.Le retrait est prononc\u00e9 apr\u00e8s avoir mis les dirigeants de l'organisme en mesure de pr\u00e9senter leursobservations.DDETS - www.cote-dor.gouv.fr- P\u00f4le travail et entreprises - P\u00f4le solidarit\u00e9s- P\u00f4le Emploi et coh\u00e9sion territoriale Cit\u00e9 administrative Dampierre21 Boulevard Voltaire 6 rue Chancelier de l'HospitalBP 81110 - 21000 Dijon : BP 15381 - 21053 DIJON cedextel : 03 80 45 75 00 tel: 03 80 68 30 00\nPr\u00e9fecture de la C\u00f4te-d'Or - 21-2024-06-08-00002 - Arr\u00eat\u00e9 pr\u00e9fectoral n\u00b0959 portant agr\u00e9ment ISFT de la Fondation Apprentis\nd'Auteuil au titre de l'article L365-3 du code de la construction et de l'habitation 84\nArticle 3 :Un compte-rendu de l'activit\u00e9 concern\u00e9e et les comptes financiers de l'organisme seront adress\u00e9sannuellement \u00e0 l'autorit\u00e9 administrative comp\u00e9tente qui a d\u00e9livr\u00e9 l'agr\u00e9ment.Cette derni\u00e8re peut \u00e0 tout moment contr\u00f4ler les conditions d'exercice de |'activit\u00e9 de l'organisme.Toute modification statutaire est notifi\u00e9e sans d\u00e9lai \u00e0 l'autorit\u00e9 administrative.\nArticle 4 :Le pr\u00e9sent arr\u00eat\u00e9 peut faire l'objet d'un recours devant le Tribunal Administratif sis 22, rue d'Assas \u201421000 DIJON dans les deux mois suivant sa publication au recueil des actes administratifs de laPr\u00e9fecture de la C\u00f4te-d'Or. La juridiction administrative comp\u00e9tente peut aussi \u00eatre' saisie parl'application t\u00e9l\u00e9recours citoyens accessible \u00e0 partir du site www.telerecours.frLe m\u00eame recours peut \u00eatre exerc\u00e9 par |'association gestionnaire dans le d\u00e9lai de deux mois \u00e0 compterde la notification du pr\u00e9sent arr\u00eat\u00e9. -\nArticle 5 :Le Pr\u00e9fet de la r\u00e9gion Bourgogne Franche-Comt\u00e9, Pr\u00e9fet du d\u00e9partement de la C\u00f4te-d'Or et leDirecteur d\u00e9partemental de l'emploi, du travail et des solidarit\u00e9s sont en charge, chacun en ce qui leconcerne, de l'ex\u00e9cution du pr\u00e9sent arr\u00eat\u00e9 qui sera ins\u00e9r\u00e9 au recueil des actes administratifs de laPr\u00e9fecture. ;\nFait\u00e0 Dijon,leg 8 JUIN 2024Le Pr\u00e9fet,\nPour le pr\u00e9fetet/par d on,le secr\u00e9t 'e g\u00e9n\u00e9ral<Johan NOT\nDDETS - www.cote-dor.gouv.fr- P\u00f4le travail et entreprises - P\u00f4le solidarit\u00e9s- P\u00f4le Emploi et coh\u00e9sion territoriale Cit\u00e9 administrative Dampierre21 Boulevard Voitaire \u00a9 rue Chancelier de l'HospitalBP 81110 - 21000 Dijon BP 15381 - 21053 DIJON cedextel: 03 80 45 75 00 tel: 03 80 68 30 00\nPr\u00e9fecture de la C\u00f4te-d'Or - 21-2024-06-08-00002 - Arr\u00eat\u00e9 pr\u00e9fectoral n\u00b0959 portant agr\u00e9ment ISFT de la Fondation Apprentis\nd'Auteuil au titre de l'article L365-3 du code de la construction et de l'habitation 85\nSous-pr\u00e9fecture de Beaune\n21-2024-06-07-00002\nArr\u00eat\u00e9 pr\u00e9fectoral n\u00b0943 portant autorisation de\nla manifestation sportive avec participation des\nv\u00e9hicules terrestres \u00e0 moteur d\u00e9nomm\u00e9e\nMosquitos Drag Race et organis\u00e9e les 15 et 16\njuin 2024, \u00e0 Liernais, sur le site de l'a\u00e9rodrome\nSaulieu-Liernais\nSous-pr\u00e9fecture de Beaune - 21-2024-06-07-00002 - Arr\u00eat\u00e9 pr\u00e9fectoral n\u00b0943 portant autorisation de la manifestation sportive avec\nparticipation des v\u00e9hicules terrestres \u00e0 moteur d\u00e9nomm\u00e9e Mosquitos Drag Race et organis\u00e9e les 15 et 16 juin 2024, \u00e0 Liernais, sur le\nsite de l'a\u00e9rodrome Saulieu-Liernais\n86\n\u0152x SOUS-PR\u00c9FECTUREPR\u00c9FET DE BEAUNEDE LAC\u00d4TE-D'ORLibert\u00e9\u00c9galit\u00e9Fraternit\u00e9\nAffaire suivie par C\u00e9cile RAVRYT\u00e9l : 03 45 43 80 11m\u00e9l : cecile.ravry@cote-dor.gouv.frBeaune, le 7 juin 2024\nArr\u00eat\u00e9 pr\u00e9fectoral n\u00b0 943portant autorisation de la manifestation sportiveavec participationde v\u00e9hicules terrestres \u00e0 moteurd\u00e9nomm\u00e9e Mosquitos Drag Race et organis\u00e9e les 15 et 16 juin 2024,\u00e0 Liernais, sur le site de l'a\u00e9rodrome de Saulieu-Liernais\nLe sous-pr\u00e9fet de Beaune\nVU le code de la route, notamment ses articles R. 411-5 et R. 411-10 ;VU le code du sport, notamment ses articles L. 331-1 \u00e0 L. 331-12, L. 332-1 \u00e0 L. 332-21, R. 331-18 \u00e0 R. 331-45-1, A. 331-16 \u00e0 A. 331-23 et A. 331-32 ;VU le code de l'environnement, notamment ses articles R. 414-19 \u00e0 R. 414-26 ;VU le d\u00e9cret n\u00b0 2010-365 du 9 avril 2010 relatif \u00e0 l'\u00e9valuation des incidences Natura 2000 ;VU le d\u00e9cret du 6 juillet 2023 du Pr\u00e9sident de la R\u00e9publique portant nomination deM. Benoit BYRSKI, sous-pr\u00e9fet de Beaune ;VU l'arr\u00eat\u00e9 pr\u00e9fectoral n\u00b0 150/SG du 18 janvier 2024 -donnant d\u00e9i\u00e9gation de signature \u00e0M. Benoit BYRSKI, sous-pr\u00e9fet de Beaune ; 'VU l'arr\u00e9t\u00e9 pr\u00e9fectoral du 6 juin 2024 autorisant le d\u00e9classement de la zone r\u00e9serv\u00e9e del'a\u00e9rodrome de Saulieu-Liernais, \u00e0 l'occasion de la manifestation sportive motoris\u00e9ed\u00e9nomm\u00e9e \u00ab The Mosquitos Drag Race \u00bb les 15 et 16 juin 2024 ;VU l'arr\u00eat\u00e9 temporaire n\u00b0 24-T-00224 du 23 mai 2024 du pr\u00e9sident du conseild\u00e9partemental de la C\u00f4te-d'Or portant r\u00e9glementation du stationnement et de lacirculation sur la RD 106, sur le territoire de la commune de Liernais ;\nSous-pr\u00e9fecture de Beaune - 21-2024-06-07-00002 - Arr\u00eat\u00e9 pr\u00e9fectoral n\u00b0943 portant autorisation de la manifestation sportive avec\nparticipation des v\u00e9hicules terrestres \u00e0 moteur d\u00e9nomm\u00e9e Mosquitos Drag Race et organis\u00e9e les 15 et 16 juin 2024, \u00e0 Liernais, sur le\nsite de l'a\u00e9rodrome Saulieu-Liernais\n87\nVU les r\u00e8gles techniques et de s\u00e9curit\u00e9 des parcours d'acc\u00e9l\u00e9ration \u00e9dict\u00e9es par laf\u00e9d\u00e9ration fran\u00e7aise de sport automobile, mises \u00e0 jour en 2024 ;VU la demande re\u00e7ue le 19 f\u00e9vrier 2024 sur la plateforme SIMS et amend\u00e9e les 5 et 7 avril2024 par Monsieur Emmanuel MONTAGNE aux fins d'obtenir l'autorisation d'organiser unemanifestation sportive avec comp\u00e9tition comportant la pr\u00e9sence de v\u00e9hicules terrestres \u00e0moteur d\u00e9nomm\u00e9e \u00ab Mosquitos Drag Race \u00bb les samedi 15 et dimanche 16 juin 2024 sur lapiste de l'a\u00e9rodrome de Saulieu-Liernais, \u00e0 Liernais;VUl'autorisation accord\u00e9e le 22 janvier 2024 par Monsieur Andr\u00e9 BUISSON, pr\u00e9sident del'a\u00e9roclub de Saulieu-Liernais Parc r\u00e9gional du Morvan, gestionnaire de l'a\u00e9rodrome deSaulieu-Liernais, \u00e0 Monsieur Emmanuel MONTAGNE, pr\u00e9sident de l'association TheMosquitos Street and Race, afin d'organiser une rencontre sportive publique sur I'emprisede l'a\u00e9rodrome de Saulieu-Liernais les 15 et 16 juin 2024;VU l'attestation de pr\u00e9sence du docteur Richard CHAMPEAUX sur le site de lamanifestation sportive, dat\u00e9e du 10 f\u00e9vrier 2024 ;VU l'attestation de pr\u00e9sence d'une ambulance et de son \u00e9quipage \u00e9tablie le 5 avril 2024par la SAS Ambulance du Serein- Jussieu Secours;VU la convention-du 30 janvier 2024 relative \u00e0 la miseen place d'un dispositif pr\u00e9visionnelde secours (DPS) conclue entre Monsieur Emmanuel MONTAGNE et l'uniond\u00e9partementale des premiers secours de C\u00f4te d'Or ;VU l'attestation de police d'assurance \u00e9tablie par GIE AXA France le 9 f\u00e9vrier 2024garantissant la responsabilit\u00e9 civile de The Mosquitos Street Race pour l'\u00e9preuve sus-vis\u00e9e,du 14 juin \u00e0 12 h au 16juin 2024 \u00e0 19 h ;VU le r\u00e8glement particulier de la manifestation re\u00e7u le 5 avril 2024 ;VU l'avis favorable du conseil d\u00e9partemental de la C\u00f4te-d'Or en date du 3 mai 2024;VU l'avis favorable de M. le maire de Liernais en date du 29 \u00e0Vril 2024;VU l'avis favorable de l'unit\u00e9 \u00ab politiques sportives \u00bb en datedu 5 mars 2024 de ladirection des services d\u00e9partementauxde l'\u00e9ducation nationale de C\u00f4te d'Or ;VU l'avis favorable\u00e0 l'unanimit\u00e9 de la commission d\u00e9partementale de s\u00e9curit\u00e9 routi\u00e8re -section sp\u00e9cialis\u00e9e \"\u00e9preuves et comp\u00e9titions sportives\" lors de sa r\u00e9union en salle du 30avril 2024;CONSID\u00c9RANT que le dossier est complet ;Sur proposition du secr\u00e9taire g\u00e9n\u00e9ral de la sous-pr\u00e9fecture de Beaune;\nSous-pr\u00e9fecture de Beaune - 21-2024-06-07-00002 - Arr\u00eat\u00e9 pr\u00e9fectoral n\u00b0943 portant autorisation de la manifestation sportive avec\nparticipation des v\u00e9hicules terrestres \u00e0 moteur d\u00e9nomm\u00e9e Mosquitos Drag Race et organis\u00e9e les 15 et 16 juin 2024, \u00e0 Liernais, sur le\nsite de l'a\u00e9rodrome Saulieu-Liernais\n88\nARRETE :\nArticle 1er: Monsieur Emmanuel MONTAGNE est autoris\u00e9\u00e0 organiser une manifestationsportive avec participation de v\u00e9hicules terrestres \u00e0 moteur avec comp\u00e9tition, d\u00e9nomm\u00e9e\"Mosquitos Drag Race \", les 15 et 16 juin 2024, \u00e0 Liernais, sur le site de l'a\u00e9rodrome deSaulieu-Liernais, conformement.aux modalit\u00e9s expos\u00e9es dans la demande susvis\u00e9e.-La pr\u00e9sente manifestation sportive comprend la cat\u00e9gorie junior dragster.Article 2: La pr\u00e9sente autorisation est d\u00e9livr\u00e9e sous r\u00e9serve du respect des droits des tierset de la stricte observation des dispositions des textes pr\u00e9cit\u00e9s.Article 3: La manifestation sportive est ouverte \u00e0 70 participants maximum.Article 4 : La manifestation sportive se d\u00e9roule dans le strict respect des r\u00e9gles techniqueset de s\u00e9curit\u00e9 (RTS) des parcours d'acc\u00e9l\u00e9ration \u00e9dict\u00e9es par la f\u00e9d\u00e9ration fran\u00e7aise desport automobile et en vigueur au moment de la course. Le commissaire technique de lacourse doit notamment contr\u00f4ler que tous les pilotes ont les \u00e9quipements de protectionet protections vestimentaires adapt\u00e9s et pr\u00e9vus par la r\u00e9glementation pour chacune descat\u00e9gories, telles que d\u00e9finies par la FFSA, avant de participer \u00e0 la course.Article 5 : Il n'y a aucune zone de contact entre le public et les v\u00e9hicules des participantsavec moteur allum\u00e9. D'une mani\u00e8re g\u00e9n\u00e9rale, la zone du public doit \u00eatre dispos\u00e9e ets\u00e9curis\u00e9e de telle mani\u00e8re que le public soit toujours en s\u00e9curit\u00e9, m\u00eame si un engin sortaitde piste. Les distances de s\u00e9curit\u00e9 entre la zone \u00ab public\u00bb et la piste doivent \u00eatrerespect\u00e9es et des blocs en b\u00e9ton et barri\u00e8res sont mis en place.Article 6: Cette manifestation sportive est r\u00e9serv\u00e9e aux automobiles. Aucune moto etaucun quad n'est autoris\u00e9 \u00e0 participer.Article 7 : Seuls deux v\u00e9hicules appartenant \u00e0 une m\u00eame cat\u00e9gorie, telle que d\u00e9finie parles r\u00e8gles techniques et de s\u00e9curit\u00e9 de la FFSA, peuvent concourir l'un contre l'autre. Il estinterdit que deux v\u00e9hicules appartenant \u00e0 des cat\u00e9gories FFSA diff\u00e9rentes s'affrontent.Article 8: L'organisateur doit assurer et garantir l'acc\u00e8s et une circulation ais\u00e9e pour lesengins de secours et de lutte contre l'incendie.En cas d'accident entra\u00eenant le sauvetage ou l'\u00e9vacuation de personnes, l'organisateur doitpr\u00e9venir les sapeurs-pompiers qui interviennent par appel au 18 ou au 112.La piste doit \u00eatr\u00e9 am\u00e9nag\u00e9e de fa\u00e7on \u00e0 ce que les spectateurs, les autres personnes en lien'avec l'organisation (commissaires, secouristes...) soient prot\u00e9g\u00e9s en cas de sortie de pisted'un engin.L'organisateur fait preuve d'une vigilance particuli\u00e8re pour surveiller et pr\u00e9venir toutd\u00e9part de feu sur les zones de stationnement. Des extincteurs sont positionn\u00e9s \u00e0proximit\u00e9 de ces zones.Aucun barbecue n'est autoris\u00e9 sur l'ensemble du site o\u00f9 se d\u00e9roule la manifestationsportive.\nSous-pr\u00e9fecture de Beaune - 21-2024-06-07-00002 - Arr\u00eat\u00e9 pr\u00e9fectoral n\u00b0943 portant autorisation de la manifestation sportive avec\nparticipation des v\u00e9hicules terrestres \u00e0 moteur d\u00e9nomm\u00e9e Mosquitos Drag Race et organis\u00e9e les 15 et 16 juin 2024, \u00e0 Liernais, sur le\nsite de l'a\u00e9rodrome Saulieu-Liernais\n89\n4\nArticle 9: Les entretiens et vidanges des v\u00e9hicules motoris\u00e9s doivent \u00e9tre r\u00e9alis\u00e9s dans dessites \u00e9tanches afin d'\u00e9viter tout risque de pollution des sols et des eaux. Le stockage decarburant et la maintenance des engins et v\u00e9hicules sur place sont r\u00e9alis\u00e9s dans un site\u00e9tanche. Les stockages de produits dommageables pour l'environnement doivent \u00eatres\u00e9curis\u00e9s.Article 10: L'organisateur doit prendre toute disposition pour limiter les nuisances aupr\u00e8sdes riverains du site. Ces derniers peuvent faire appel \u00e0 la gendarmerie nationale (appeldu 17) s'ils constatent des nuisances afin que la gendarmerie nationale puisse y mettre unterme dans les-plus brefs d\u00e9lais.Article 11: L'organisateur technique atteste (mod\u00e8le d'attestation jointe) que l'ensembledes mesures sont prises conform\u00e9ment aux prescriptions contenues dans l'arr\u00eat\u00e9pr\u00e9fectoral d'autorisation de la manifestation. L'organisateur technique est charg\u00e9 dev\u00e9rifier et d'exiger, avant le commencement de la manifestation, que l'ensemble desconditions mis\u00e9s \u00e0 l'octroi de la pr\u00e9sente autorisation est effectivement respect\u00e9 etd'interdire la manifestation si ces conditions ne sont pas remplies.L'attestation ci-jointe est obligatoirement transmise imm\u00e9diatement \u00e0 la sous-pr\u00e9fecturede Beaune par courriel \u00e0 l'adresse : sp-beaune@cote-dor.gouv.fr.Article 12: La pr\u00e9sente autorisation ne devient d\u00e9finitive, les \u00e9preuves et essais ne peuventd\u00e9buter, qu'apr\u00e8s l'accomplissement de ces formalit\u00e9s, sous r\u00e9serve de la stricteapplication des normes fix\u00e9es par les r\u00e8glements \u00e9tablis par la f\u00e9d\u00e9ration fran\u00e7aise desport automobile.Article 13: En aucun cas la responsabilit\u00e9 de l'Etat et celle de la commune ne peuvent \u00eatreengag\u00e9es et aucun recours ne peut \u00e9ventuellement \u00eatre exerc\u00e9 contre eux.Article 14: Avant la comp\u00e9tition, les organisateurs doivent interroger M\u00e9t\u00e9o France(notamment par le biais du r\u00e9pondeur t\u00e9l\u00e9phonique : 08.99.71.02.21 ou par internet :www.meteofrance.com) afin de conna\u00eetre la couleur de la carte de vigilance m\u00e9t\u00e9o etprendre toute mesure adapt\u00e9e. Dans l'hypoth\u00e8se d'une carte orange ou rouge, il leurappartientde prendre les dispositions qui s'imposent (voire d'annuler la manifestation) etd'informer l'autorit\u00e9 municipale.Article 15: La pr\u00e9sente autorisation est accord\u00e9e sous r\u00e9serve que l'organisateur prenne \u00e0sa charge les frais n\u00e9cessit\u00e9s par la mise en place des dispositifs destin\u00e9s au maintien de las\u00e9curit\u00e9 \u00e0 l'occasion du d\u00e9roulement de l'\u00e9preuve et assure la r\u00e9paration des dommages,d\u00e9gradations, modifications de toutes sortes de la voie publique ou de ses d\u00e9pendances,imputables aux concurrents, aux organisateurs ou \u00e0 leurs pr\u00e9pos\u00e9s.Article 16: La pr\u00e9sente autorisation peut \u00eatre suspendue ou rapport\u00e9e \u00e0 tout moment s'ilappara\u00eet que les conditions de s\u00e9curit\u00e9 ne se trouvent plus r\u00e9unies ou que l'organisateur,malgr\u00e9 la mise en demeure qui lui en est faite par l'autorit\u00e9 administrative, ne respecteplus ou ne fait plus respecter par les participants et les spectateurs des dispositionspr\u00e9vues par le r\u00e8glement particulier de la manifestation en vue de leur protection.Article 17: La commission d\u00e9partementale de la s\u00e9curit\u00e9 routi\u00e8re (CDSR) de la C\u00f4te-d'Oreffectue une visite sur site le samedi 15 juin 2024 \u00e0 9h00, avant le d\u00e9but de l'\u00e9preuve.\nSous-pr\u00e9fecture de Beaune - 21-2024-06-07-00002 - Arr\u00eat\u00e9 pr\u00e9fectoral n\u00b0943 portant autorisation de la manifestation sportive avec\nparticipation des v\u00e9hicules terrestres \u00e0 moteur d\u00e9nomm\u00e9e Mosquitos Drag Race et organis\u00e9e les 15 et 16 juin 2024, \u00e0 Liernais, sur le\nsite de l'a\u00e9rodrome Saulieu-Liernais\n90\n)Article 18: Le sous-pr\u00e9fet de l'arrondissement de Beaune, le pr\u00e9sident du conseild\u00e9partemental de la C\u00f4te-d'Or, le maire de Liernais, le directeur d\u00e9partemental desservices d'incendie et de secours, le directeur des services d\u00e9partementaux de l'\u00e9ducationnationale, la directrice d\u00e9partementale des territoires, la cheffe d'escadron, commandantla compagnie de gendarmerie de Montbard, sont charg\u00e9s, chacun en ce qui le concerne,de l'ex\u00e9cution du pr\u00e9sent arr\u00eat\u00e9 dont copie sera adress\u00e9e aux repr\u00e9sentantsd\u00e9partementauxde la f\u00e9d\u00e9ration fran\u00e7aise de sport automobile et \u00e0 l'organisateur.Le pr\u00e9sent arr\u00eat\u00e9 sera publi\u00e9 au recueil des actes administratifs de la pr\u00e9fecture de laC\u00f4te-d'Or.\nLe sous-pr\u00e9fet de Beaunesign\u00e9\nBeno\u00eet BYRSKI\nANNEXES :- plans du circuit,-arr\u00e9t\u00e9 du pr\u00e9sident du conseil d\u00e9partemental portant r\u00e9glementation dustationnement et de l\u00e0 circulation sur le RD 106, commune de Liernais,- arr\u00eat\u00e9 pr\u00e9fectoral du 6 juin 2024 autorisant l'acc\u00e8s \u00e0 la zone r\u00e9serv\u00e9e del'a\u00e9rodrome de Saulieu-Liernais, \u00e0 l'occasion de la manifestation sportive motoris\u00e9ed\u00e9nomm\u00e9e \u00ab The Mosquitos Drag Race \u00bb les 15 et 16 juin 2024.\nSous-pr\u00e9fecture de Beaune - 21-2024-06-07-00002 - Arr\u00eat\u00e9 pr\u00e9fectoral n\u00b0943 portant autorisation de la manifestation sportive avec\nparticipation des v\u00e9hicules terrestres \u00e0 moteur d\u00e9nomm\u00e9e Mosquitos Drag Race et organis\u00e9e les 15 et 16 juin 2024, \u00e0 Liernais, sur le\nsite de l'a\u00e9rodrome Saulieu-Liernais\n91\n\u00c9FE DIRECTION DES S\u00c9CURIT\u00c9SBI\u00cbELFAET Bureau D\u00e9fense et S\u00e9curit\u00e9C\u00d4TE-D'ORLibert\u00e9\u00c9galit\u00e9.Fraternit\u00e9\nArr\u00eat\u00e9 pr\u00e9fectoral autorisant le d\u00e9classementde la zone r\u00e9serv\u00e9e de I'a\u00e9rodrome de Saulieu-LiernaisLe Pr\u00e9fet de la C\u00f4te-d'Or\nVU le code de l'aviation civile ;VU le d\u00e9cret n\u00b0 2004-374 du 29 avril 2004 relatif aux pouvoirs des pr\u00e9fets, \u00e0 l'organisation \u00e9t \u00e0l'action des services de l'Etat dans les r\u00e9gions et d\u00e9partements ;VU l'arr\u00eat\u00e9 pr\u00e9fectoral n\u00b0148/SG du 18 janvier 2024 donnant del\u00e9gatlon de signature \u00e0 monsieurOlivier GERSTL\u00c9, sous-pr\u00e9fet, directeur de cablnet du pr\u00e9fet de la r\u00e9gion Bourgogne-Franche-Comt\u00e9, pr\u00e9fet de la C\u00f4te-d'Or;VU l'arr\u00eat\u00e9 pr\u00e9fectoral du 12 mars 1993 relatif aux mesures de police applicables sur l'a\u00e9rodromede Saulieu-Liernais;VU la demande de monsieur Andr\u00e9 BUISSON, pr\u00e9sident de l'a\u00e9roclub de Saulieu-Liernais, pourun d\u00e9classement partiel de la zone r\u00e9serv\u00e9e de l'a\u00e9rodrome de Saulieu-Liernais, -3 l'occasiond'une rencontre automobile avec tests d'acc\u00e9l\u00e9ration qui se d\u00e9roulera du 15 au 16 juin 2024;VU l'avis de la direction zonale de la police aux fronti\u00e8res zone Est du 23 avril 2024 ;VU l'avis de la direction de la s\u00e9curit\u00e9 de l'aviation civile Nord-Est (DSAC-NE) du 23 mai 2024 ;SUR proposition de monsieur le directeur de cabinet du pr\u00e9fet de la r\u00e9gion Bourgogne-Franche-Comt\u00e9, pr\u00e9fet de la C\u00f4te-d'Or ;\nARR\u00caTE\nArticle 1\" : Par d\u00e9rogation provisoire \u00e0 l'arr\u00eat\u00e9 pr\u00e9fectoral du 12 mars 1993 relatif aux mesures depolice applicables sur l'a\u00e9rodrome de Saulieu-Liernais, il est autoris\u00e9 le d\u00e9classement d'espacesde la zone r\u00e9serv\u00e9e de l'a\u00e9rodrome.Article2 ; La pr\u00e9sente autorisation est accord\u00e9e du 14juin 2024\u00e0 9h00 au 16juin 2024 \u00e0 18h00 \u00e0l'occasion. d'une rencontre automobile avec tests d'acc\u00e9l\u00e9ration, sous r\u00e9serve du respect desmesures de s\u00e9curit\u00e9 \u00e0 appliquer par l'organisateur.\n- Direction des - tue - Cedexpref-drone@cote-dor.gouv.fr\nSous-pr\u00e9fecture de Beaune - 21-2024-06-07-00002 - Arr\u00eat\u00e9 pr\u00e9fectoral n\u00b0943 portant autorisation de la manifestation sportive avec\nparticipation des v\u00e9hicules terrestres \u00e0 moteur d\u00e9nomm\u00e9e Mosquitos Drag Race et organis\u00e9e les 15 et 16 juin 2024, \u00e0 Liernais, sur le\nsite de l'a\u00e9rodrome Saulieu-Liernais\n92\nArticle 3 : L''a\u00e9rodrome devra \u00eatre totalement ferm\u00e9 \u00e0 la circulation a\u00e9rienne. Un NOTAM desuspension des op\u00e9rations devra \u00eatre publi\u00e9 en indiquant l'accord de la DSAC-NE.La suspension de l'activit\u00e9 de voltige sur I'AD (N\u00b06490) devra \u00e9galement \u00eatre demand\u00e9e parl'exploitant de l'a\u00e9rodrome aupr\u00e8s des services de la DSAC-NE.Article 4 : La zone d\u00e9class\u00e9e devra respecter les d\u00e9limitations pr\u00e9cis\u00e9es sur le plan transmisavec la contrainte d'une distance minimale de 100 m\u00e8tres par rapport au bord de piste.Article 5 : La mise en place d'un syst\u00e8me de barri\u00e8res sur le site de l'\u00e9v\u00e8nement devra \u00eatre misen place pour assurer I\u00e9tanch\u00e9lte de la zone c\u00f4t\u00e9 piste. Aucun a\u00e9ronef ne devra \u00eatreaccessible au public.Article 6 : Hormis l'autorisation d'occuper temporairement une partie de la zone r\u00e9serv\u00e9e del'a\u00e9rodrome, les consignes de I'arr\u00e9t\u00e9 pr\u00e9fectoral du 12 mars 1993 devront \u00eatre observ\u00e9es.Article 7 : Le directeurde cabinet du pr\u00e9fet de la r\u00e9gion Bourgogne-Franche-Comt\u00e9, pr\u00e9fet dela C\u00f4te-d'Or, le sous-pr\u00e9fet de Beaune, la direction zonale de la police aux fronti\u00e8res de la zoneEst, la direction de la s\u00e9curit\u00e9 de l'aviation civile Nord-Est, la compagme de gendarmerie destransports a\u00e9riens de Strasbourg sont charg\u00e9s, chacun en ce qui le concerne, de l'ex\u00e9cution dupr\u00e9sent arr\u00eat\u00e9 dont copie sera adress\u00e9e au pr\u00e9sident de l'a\u00e9roclub de Saulieu-Liernais.\nFait \u00e0 Dijon, le =\u00cb JVin 2084\nLe pr\u00e9fet,Pour le pr\u00e9fet et par d\u00e9l\u00e9gation,Le sous-pr\u00e9fet, directeur de cabinet,\n-\n\u20142 Olivier GERSTL\u00c9\nD\u00c9LAIS ET VOIES DE RECOURSLe pr\u00e9sent arr\u00eat\u00e9 peut \u00eatre contest\u00e9 selon les voies de recours et dans les d\u00e9lais mentionn\u00e9s ci-dessous.Dans les deux mois \u00e0 compter de-la notification de la pr\u00e9sente d\u00e9cision les recours suivants peuvent \u00eatre introduits:\u00ab Un recours gracieux, adress\u00e9 \u00e0 la Pr\u00e9fecture de la C\u00f4te d' Or - Direction des S\u00e9curit\u00e9s - Bureau de la d\u00e9fense et de la s\u00e9curit\u00e9 -53 rue de la pr\u00e9fecture- 21041 Dijon Cedex. _e un recours hi\u00e9rarchique, adress\u00e9 \u00e0 M. le Ministre de I Int\u00e9rieur- Secr\u00e9tariat G\u00e9n\u00e9ral - Service Central des armes - placeBeauvau 75800 Paris cedex 08. un recours contentieux, adress\u00e9 au Tribunal Administratif de Dijon, 22 rue d'Assas BP 61616- 21016 Dijon Cedex. Le tribunaladministratif peut \u00eatre saisi par un recours d\u00e9pos\u00e9 via Fapplication T\u00e9l\u00e9recours citoyens accessible par le site internetwww, t\u00e9l\u00e9recours.fr, Ce recours juridictionnel doit \u00eatre d\u00e9pos\u00e9 au plus tard avant l'expiration d\u00f9 Z\" mois svivant la date denotification de la d\u00e9cision contest\u00e9e (ou bien du 2\u00b0 mois suivant la date du rejet du recours gracieux ou hi\u00e9rarchique).\nSous-pr\u00e9fecture de Beaune - 21-2024-06-07-00002 - Arr\u00eat\u00e9 pr\u00e9fectoral n\u00b0943 portant autorisation de la manifestation sportive avec\nparticipation des v\u00e9hicules terrestres \u00e0 moteur d\u00e9nomm\u00e9e Mosquitos Drag Race et organis\u00e9e les 15 et 16 juin 2024, \u00e0 Liernais, sur le\nsite de l'a\u00e9rodrome Saulieu-Liernais\n93\nMOSQUITOS DRAS RACERuns cup\n0.~erodrome de Saulieu - Liernais\nLes visiteurs resteront de es les barri\u00e8resHERAS surlignees en BLANC .Les visiteurs devront suivre fes cheminementssurlign\u00e9s en JAUNE\n(\u00c6 7zoue secour h\u00e9licoCR entr\u00e9e pitotes _ secours coursesecours publics\n@ entr\u00e9e visiteurs 5 places PMRGBA b\u00e9ton - restaurant / buvetteBarri\u00e8res HERAS ME PC course / chrono3m X 2m cheminements visiteursc\u00f4nes de chantier\nSous-pr\u00e9fecture de Beaune - 21-2024-06-07-00002 - Arr\u00eat\u00e9 pr\u00e9fectoral n\u00b0943 portant autorisation de la manifestation sportive avec\nparticipation des v\u00e9hicules terrestres \u00e0 moteur d\u00e9nomm\u00e9e Mosquitos Drag Race et organis\u00e9e les 15 et 16 juin 2024, \u00e0 Liernais, sur le\nsite de l'a\u00e9rodrome Saulieu-Liernais\n94","date":"2024-06-11","first_seen_on":"2025-09-14T12:25:27+00:00","id":"7d8c885d1945c7c27f97e55e6827d6d9d2ee89be17ebbd92e5cc700bbcabf94c","name":"RAA n\u00b0 069 du 11 juin 2024","pdf_creation_date":"2024-06-11T14:02:26+00:00","pdf_modification_date":null,"timezone":"Europe/Paris","url":"https://www.cote-dor.gouv.fr/contenu/telechargement/21500/164564/file/recueil-21-2024-069-recueil-des-actes-administratifs-special.pdf"}
