{"administration":"ppparis","administration_name":"Pr\u00e9fecture de police de Paris","content":"PREFECTUREDE POLICELibert\u00e9Egalit\u00e9Fraternit\u00e9\nLLerea:\nCABINET DU PREFET\nParis, le 12 f\u00e9vrier 2026 \nARRETE N\u00b0 2026-00184\nmodifiant provisoirement le stationnement et la circulation dans plusieurs voies \nde Paris 16\u00e8me et de Boulogne-Billancourt \u00e0 l'occasion de la rencontre de football entre \nle Paris Saint-Germain Football Club et le Football Club de Metz\nle 21 f\u00e9vrier 2026\nLE PREFET DE POLICE\nVu le code g\u00e9n\u00e9ral des collectivit\u00e9s territoriales, notamment ses articles L.2512-13 et  \nL.2512-14 II ;\nVu  le  code  de  la  route,  notamment  ses  articles  L.325-1  \u00e0  L.325-3,  R.411-8  et\nR.411-25\u00a0;\nVu le code de l'action sociale et des familles, notamment son article L.241-3\u00a0;\nVu l'avis de la Ville de Paris en date du 9 f\u00e9vrier 2026 ;\nVu l'avis de la Ville de Boulogne-Billancourt en date du 9 f\u00e9vrier 2026 ;\nConsid\u00e9rant l'organisation de  la rencontre entre les \u00e9quipes du Paris Saint-Germain  \nFootball Club et du Football Club de Metz  dans le cadre de la 23 \u00e8me journ\u00e9e de la Ligue 1 de  \nfootball, qui se d\u00e9roulera le 21 f\u00e9vrier 2026 au stade du Parc des Princes \u00e0 Paris 16\u00e8me\u00a0;\nConsid\u00e9rant  que pour  assurer  le  bon  d\u00e9roulement  de cet  \u00e9v\u00e8nement  ainsi  que  la  \ns\u00e9curit\u00e9 du public et des participants, il convient de prendre des mesures de restriction du  \nstationnement et de la circulation les 21 et 22 f\u00e9vrier 2026, dans plusieurs voies de Paris 16 \u00e8me \net de Boulogne-Billancourt\u00a0;\nSur proposition du directeur de l'ordre public et de la circulation\u00a0:\nA R R E T E \nArticle 1  er  \nLe stationnement de tout type de v\u00e9hicule est interdit du 21 f\u00e9vrier 2026 \u00e0 08h00 au  \n22 f\u00e9vrier 2026 \u00e0 01h00, dans les voies et portions de voies suivantes de Paris 16 \u00e8me et de  \nBoulogne-Billancourt :\n- rue Nungesser et Coli, entre l'avenue de la porte Molitor et la place de l'Europe\u00a0;\n- all\u00e9e Charles Brennus\u00a0;\n- avenue du G\u00e9n\u00e9ral Sarrail, entre la rue Raffa\u00eblli et la rue Lecomte du No\u00fcy\u00a0;\n- rue Lecomte du No\u00fcy\u00a0;\n- avenue du Parc des Princes\u00a0;\n\n- place du Docteur Paul Michaux\u00a0;\n- rue de l'Arioste\u00a0;\n- rue du Sergent Maginot\u00a0;\n- rue du G\u00e9n\u00e9ral Roques\u00a0;\n- rue du Commandant Guilbaud\u00a0;\n- place de l'Europe\u00a0;\n- rue Claude Farr\u00e8re\u00a0;\n- rue Joseph Bernard, entre la rue de la Tourelle et la rue Nungesser et Coli\u00a0;\n- rue du Parc.\nCes voies et portions de voies figurent en annexe 2 au pr\u00e9sent arr\u00eat\u00e9.\nArticle 2\nLa circulation de tout type de v\u00e9hicule est interdit du 21 f\u00e9vrier 2026 \u00e0 18h00 au 22\nf\u00e9vrier 2026 \u00e0 01h00, dans les voies et portions de voies suivantes de Paris 16 \u00e8me et de Bou-\nlogne-Billancourt :\n- rue Nungesser et Coli, entre l'avenue de la porte Molitor et la place de l'Europe\u00a0;\n- all\u00e9e Charles Brennus\u00a0;\n- avenue du G\u00e9n\u00e9ral Sarrail, entre la rue Raffa\u00eblli et la rue Lecomte du No\u00fcy\u00a0;\n- rue Lecomte du No\u00fcy\u00a0;\n- avenue du Parc des Princes\u00a0;\n- place du Docteur Paul Michaux\u00a0;\n- rue de l'Arioste\u00a0;\n- rue du Sergent Maginot ;\n- rue du G\u00e9n\u00e9ral Roques\u00a0;\n- rue du Commandant Guilbaud\u00a0;\n- place de l'Europe\u00a0;\n- rue Claude Farr\u00e8re\u00a0;\n- rue Joseph Bernard, entre la rue de la Tourelle et la rue Nungesser et Coli\u00a0;\n- rue du Parc.\nCes voies et portions de voies figurent en annexe 2 au pr\u00e9sent arr\u00eat\u00e9.\n2\n2026-00184\nArticle 3\nSeuls les v\u00e9hicules des personnes titulaires de la carte \u00ab \u00a0mobilit\u00e9 inclusion\u00a0\u00bb portant la \nmention \u00ab\u00a0stationnement pour personnes handicap\u00e9es \u00a0\u00bb, telle que mentionn\u00e9e dans l'article  \nL.241-3 du code de l'action sociale et des familles, sont autoris\u00e9s \u00e0 stationner et \u00e0 circuler rue  \ndu Sergent Maginot, \u00e0 Paris 16\u00e8me, lors des plages horaires pr\u00e9cit\u00e9es.\nArticle 4\nSans pr\u00e9judice des sanctions p\u00e9nales auxquelles s'exposent les personnes en infraction \navec les dispositions du pr\u00e9sent arr\u00eat\u00e9, les v\u00e9hicules ayant servi \u00e0 commettre ces infractions  \npeuvent \u00eatre immobilis\u00e9s et mis en fourri\u00e8re dans les conditions pr\u00e9vues aux articles L.325-1 \u00e0  \nL.325-3 du code de la route.\nArticle 5\nLes  dispositions  du  pr\u00e9sent  arr\u00eat\u00e9  ne  sont  pas  applicables  aux  v\u00e9hicules  d'int\u00e9r\u00eat \ng\u00e9n\u00e9ral prioritaires au sens des dispositions de l'article R.311-1 6.5 du code de la route.\nArticle 6 \nLe directeur de l'ordre public et de la circulation, le directeur de la s\u00e9curit\u00e9 de  \nproximit\u00e9 de l'agglom\u00e9ration parisienne de la Pr\u00e9fecture de Police, le directeur de la  \nvoirie et des d\u00e9placements et le directeur de la police municipale et de la pr\u00e9vention de  \nla Ville de Paris sont charg\u00e9s, chacun en ce qui le concerne, de l'ex\u00e9cution du pr\u00e9sent  \narr\u00eat\u00e9 qui entrera en vigueur \u00e0 compter de son affichage aux portes de la pr\u00e9fecture de  \npolice  (1  rue  de  Lut\u00e8ce).  Il  sera  \u00e9galement  affich\u00e9  aux  portes  de  la  mairie  et  du  \ncommissariat  de  l'arrondissement  concern\u00e9  et  sera  publi\u00e9  au  recueil  des  actes  \nadministratifs de la pr\u00e9fecture de la r\u00e9gion d'\u00cele-de-France, pr\u00e9fecture de Paris et de la  \npr\u00e9fecture  de  police  et  sur  le  site  internet  de  la  pr\u00e9fecture  de  police  de  Paris  :  \nwww.prefecturedepolice.interieur.gouv.fr.\nPour le pr\u00e9fet de police,\nLe sous-pr\u00e9fet\nDirecteur adjoint de cabinet\nSign\u00e9\nCharles BARBIER\n3\n2026-00184\nANNEXE 1 A L'ARRETE N\u00b0 2026-00184 du 12 f\u00e9vrier 2026\nVOIES ET DELAIS DE RECOURS\n_______________________\nSi vous estimez devoir contester la pr\u00e9sente d\u00e9cision, il vous est possible, dans un d\u00e9lai de  \ndeux mois \u00e0 compter de la date de son affichage\u00a0:\n- soit de saisir d'un RECOURS GRACIEUX\nle pr\u00e9fet de Police de Paris\n7/9, boulevard du Palais - 75195 PARIS RP\n- ou de former un RECOURS HIERARCHIQUE\n  aupr\u00e8s du ministre de l'Int\u00e9rieur \n  Direction des libert\u00e9s publiques et des affaires juridiques\n  place Beauvau - 75008 PARIS\n- soit de saisir d'un RECOURS CONTENTIEUX\nle tribunal administratif comp\u00e9tent\nAucune de ces voies et recours ne suspend l'application de la pr\u00e9sente d\u00e9cision.\nLes recours GRACIEUX et HIERARCHIQUE doivent \u00eatre \u00e9crits, exposer les arguments ou faits  \nnouveaux et comprendre la copie de la d\u00e9cision contest\u00e9e.\nLe  recours  contentieux,  qui  vise  \u00e0  contester  la  LEGALITE  de  la  pr\u00e9sente  d\u00e9cision,  doit  \n\u00e9galement \u00eatre \u00e9crit et exposer votre argumentation juridique.\nSi vous n'aviez pas de r\u00e9ponse \u00e0 votre recours GRACIEUX ou HIERARCHIQUE dans un d\u00e9lai  \nde  deux  mois  \u00e0  compter  de  la  r\u00e9ception  de  votre  recours  par  l'administration,  votre  \ndemande devra \u00eatre consid\u00e9r\u00e9e comme rejet\u00e9e (d\u00e9cision implicite de rejet).\nEn cas de rejet des RECOURS GRACIEUX ou HIERARCHIQUE, le tribunal administratif peut  \n\u00eatre saisi d'un recours contentieux dans le d\u00e9lai de deux mois \u00e0 compter de la date de la  \nd\u00e9cision de rejet.\n4\n2026-00184\nDIRECTION DE L'ORDRE PUBLICET DE LA CIRCULATIONPARC DES PRINCES | DeSamedi 21 F\u00e9vrier 2026 [sai\u00a9 21h05 : PSG - FC METZ 8 iB\nHO INTERDICTION DE STATIONNEMENTDu Samedi 21 F\u00e9vrier 2026 08h00au Dimanche 22 F\u00e9vrier 2026 \u00e0 01h00\nINTERDICTION - STATIONN CIRCULATION | FradeLes \u2014 XolandGarros\nARR\u00caT\u00c9 D'INTERDICTION DE STATIONNEMENTET DE CIRCULATION\nINTERDICTION DE CIRCULATIONDu Samedi 21 F\u00e9vrier 2026 18h00au Dimanche 22 F\u00e9vrier 2026 \u00e0 01h00\n\u00e0 ee rueRa oo so +.LEVARD D'AUTEUIL .\nfy\u00cb\n\u00ff&-\nROUTE DE LA ne\n2&ahcA ni@ que one\ncity2 $ \\ \\Deere Sere ;\u00e8cy| Jardin Thiers %&Gymnase 3Jacqueline Afee \u00e0\u00c0a5a 4wae\u00e0\na at ion&eee  en\nwiaa aneFOTOSnaynOL\n| for\u00e4ng\u00e9rie\"d'Auteuil\nesse\nCRUE\"\n.AVENUE DE LA PORTE D'AUTEUILsc... .\niaESLUN auvAIINOBwoeAyan auvAIINOH\nPSS PLACE DE LANS ne * PORTE D'AUTEUIL\\UTEUIL AUX LACS :aie +. Porte d'Auteuil'oe\nRUE MOLITOR\nay Brasserie\u00ae: ~ Moliteuil\n\"39\nps 2% P$&7we\u00e9 612>aS \u00e0 a\u00ff : 1316+ 55 15al f\"59 foA2420)UsSRES 2 \\0\u00ff\u00aeEDEVARZRE (7 ler2 => \u00e9\\ 18 %@A)2i, eyoQu 282 .< OuAumanere as ;Cathosque \u00a9 CHw /& 9Ave Ase,ns ,Fortane 4 +.'\u00c0 35 \"efad f xe7 (y Gh?'EF des\"4 sf\\, SiePoy x rf\n17 gee?\n$/3|AV GEORGES LAFONT we104\nHart 2av SSAEP Le- ENUE BODE DE LA BRUNERIE\n5 \u00bb EPA ST \u00e0 2a S \"0 va | i\nCO Bou, 19an EVaR\u00cb sinARD jy \"3e :QD: cardinal: | MURAT 2\n\u00c9gliseSaintfran\u00e7otsde Molitor|r\u00e9els\n200\"Ne\" at wat 2PO gms al143 . OFac Donal wwe \u00abetae Md en 20 \u00e0 |- 24 (AV VERSAIL LES ER \u00b0\u00b0| ee Pe) BeeSTa  aePLACE 4 a RUE cuseG) 4DE QE TE GE pans)LAPORTE ~AdpLes Fontaines. 2. 4uf SAINT-CLOUD me *\"QD indiana ao\"\nANNEXE 2 A L'ARRETE N\u00b0 2026-00184 du 12 f\u00e9vrier 2026\n \n5\n2026-00184","date":"2026-02-12","first_seen_on":"2026-02-12T19:05:19+00:00","id":"7dc30b2928ef9c1721b3a819252a5fa00e528f79d16f73adfac4e3ea80f7f52f","name":"Arr\u00eat\u00e9 n\u00b02026-00184 du 12 f\u00e9vrier 2026 modifiant provisoirement le stationnement et la circulation dans plusieurs voies de Paris 16\u00e8me et de Boulogne-Billancourt \u00e0 l\u2019occasion de la rencontre de football entre le Paris Saint-Germain Football Cl","pdf_creation_date":"2026-02-12T15:38:13+00:00","pdf_modification_date":null,"timezone":"Europe/Paris","url":"https://www.prefecturedepolice.interieur.gouv.fr/sites/default/files/Documents/arrete_2026-00184_12022026.pdf"}
