{"administration":"prefidf","administration_name":"Pr\u00e9fecture de la r\u00e9gion \u00cele-de-France","content":"PREFECTURE\nREGION ILE DE\nFRANCE\nRECUEIL DES ACTES\nADMINISTRATIFS SP\u00c9CIAL\n(NOMINATIFS)\nN\u00b0IDF-008-2025-04\nPUBLI\u00c9 LE  3 AVRIL 2025\nSommaire\nAgence R\u00e9gionale de Sant\u00e9 / Agence r\u00e9gionale de sant\u00e9\nd'Ile-de-France-Cellule officines de pharmacie\nIDF-2025-04-02-00001 - Arr\u00eat\u00e9 n\u00b0 DOS/EFF/OFF/2025/36\nportant\nautorisation de g\u00e9rance d'une officine de pharmacie apr\u00e8s le\nd\u00e9c\u00e8s de son titulaire (2 pages) Page 3\nIDF-2025-04-02-00002 - Arr\u00eat\u00e9 n\u00b0 DOS/EFF/OFF/2025/37\nportant\nautorisation de g\u00e9rance d'une officine de pharmacie apr\u00e8s le\nd\u00e9c\u00e8s de son titulaire \n (2 pages) Page 6\nAgence R\u00e9gionale de Sant\u00e9 / Direction de la D\u00e9mocratie en Sant\u00e9 et\nde la Communication-D\u00e9mocratie Sanitaire\nIDF-2025-03-24-00011 - Arr\u00eat\u00e9 conjoint n\u00b0ARS 91-2024-DD-01 portant\nd\u00e9signation des personnes qualifi\u00e9es pr\u00e9vues \u00e0 l'article L311-3 du\nCode de l'action sociale et des familles  (6 pages) Page 9\n2\nAgence R\u00e9gionale de Sant\u00e9\nIDF-2025-04-02-00001\nArr\u00eat\u00e9 n\u00b0 DOS/EFF/OFF/2025/36\nportant autorisation de g\u00e9rance d'une officine\nde pharmacie apr\u00e8s le d\u00e9c\u00e8s de son titulaire\nAgence R\u00e9gionale de Sant\u00e9 - IDF-2025-04-02-00001 - Arr\u00eat\u00e9 n\u00b0 DOS/EFF/OFF/2025/36\nportant autorisation de g\u00e9rance d'une officine de pharmacie apr\u00e8s le d\u00e9c\u00e8s de son titulaire 3\nREPUBLIQUEFRANCAISELibert\u00e9Egalit\u00e9Fraternit\u00e9\ne \u00bb Agence R\u00e9gionale de Sant\u00e9Ile-de-France\n \n \n \nAGENCE R\u00c9GIONALE DE SANT\u00c9 \u00ceLE-DE-FRANCE \nARR\u00caT\u00c9 N\u00b0 DOS/EFF/OFF/2025/36 \nportant autorisation de g\u00e9rance d'une officine de pharmacie  \napr\u00e8s le d\u00e9c\u00e8s de son titulaire  \nLE DIRECTEUR G\u00c9N\u00c9RAL DE L'AGENCE R\u00c9GIONALE DE SANT\u00c9 \u00ceLE-DE-FRANCE  \n \nVU le code de la sant\u00e9 publique  et notamment ses articles L.  5125-16, R.  4235-51,  \nR. 5125-39 et R. 5125-43 ; \n \nVU le d\u00e9cret du 10 avril 2024 portant nomination de Monsieur Denis ROBIN, Directeur g\u00e9n\u00e9ral de l'Agence \nr\u00e9gionale de sant\u00e9 \u00cele-de-France, \u00e0 compter du 29 avril 2024. \n \nVU l'arr\u00eat\u00e9 n\u00b0 DS 034/2024 du 29 avril 2024, publi\u00e9 le 30 avril 2024, portant d\u00e9l\u00e9gation de signature du \nDirecteur g\u00e9n\u00e9ral de l'Agence r\u00e9gionale de sant\u00e9 \u00cele -de-France \u00e0 Monsieur Arnaud CORVAISIER, \nDirecteur de l'offre de soins et \u00e0 plusieurs de ses collaborateurs ;  \n \nVU la demande de Monsieur Patrick HUYNH d\u00e9pos\u00e9e en date du 25 f\u00e9vrier 2025 et le certificat d'inscription \ndu Conseil Central de la Section D en date du 18 f\u00e9vrier 2025 accordant l'enregistrement de Madame \nKarima BELAZI, pharmacien, en vue d'\u00eatre autoris\u00e9e \u00e0 g\u00e9rer l'officine sise 115 rue Pierre Brossolette \u00e0 \nSarcelles (95200) ; \n \nVU l'acte de d\u00e9c\u00e8s n\u00b0 67/11 ayant constat\u00e9 le d\u00e9c\u00e8s de Madame Samanta DE LORENZO  le  \n22 d\u00e9cembre 2024 ; \n \nVU le courrier en date du 26 f\u00e9vrier 2025 de  Monsieur Patrick HUYNH, conjoint  survivant de Madame \nSamanta DE LORENZO , nommant Madame Karima BELAZI  g\u00e9rante apr\u00e8s d\u00e9c\u00e8s de l'officine sise   \n115 rue Pierre Brossolette \u00e0 Sarcelles (95200) ; \n \nVU L'avenant au contrat de g\u00e9rance en date du 11 f\u00e9vrier  2025 conclu entre Monsieur Patrick HUYNH, \nrepr\u00e9sentant de la succession, et Madame Karima BELAZI, pharmacien ; \n \nVU l'acte de notori\u00e9t\u00e9 en date du 24 f\u00e9vrier 2025 \u00e9tabli sur la d\u00e9volution successorale ;  \n \n \n  \nCONSIDERANT que Madame Karima BELAZI  justifie \u00eatre insc rite au tableau de l'Ordre national des \npharmaciens ;  \n \nCONSIDERANT que Madame Karima BELAZI  n'aura pas d'autre activit\u00e9 professionnelle pendant la dur\u00e9e \nde la g\u00e9rance de l'officine apr\u00e8s d\u00e9c\u00e8s du titulaire ; \n \nCONSIDERANT qu'apr\u00e8s le d\u00e9c\u00e8s d'un pharmacien, le d\u00e9lai pendant lequel son conjoint ou ses h\u00e9ritiers \npeuvent maintenir une officine ouverte en la faisant g\u00e9rer par un pharmacien autori s\u00e9 \u00e0 cet \neffet par le Directeur g\u00e9n\u00e9ral  de l'Agence r\u00e9gionale de sant\u00e9 \u00cele -de-France ne peut exc\u00e9der \ndeux ans et peut \u00eatre prorog\u00e9 pour une p\u00e9riode ne pouvant exc\u00e9der un an en cas de situation \nexceptionnelle ; \n \nAgence R\u00e9gionale de Sant\u00e9 - IDF-2025-04-02-00001 - Arr\u00eat\u00e9 n\u00b0 DOS/EFF/OFF/2025/36\nportant autorisation de g\u00e9rance d'une officine de pharmacie apr\u00e8s le d\u00e9c\u00e8s de son titulaire 4\n \n \nCONSIDERANT le contrat par lequel Monsieur Patrick HUYNH, conjoint  survivant de Madame Samanta  \nDE LORENZO confie la g\u00e9rance de l'officine \u00e0 Madame Karima BELAZI  est conclu jusqu'\u00e0 \nla cession de l'officine \u00e0 compter du 1er mars 2025 ; \n   \n \nARR\u00caTE \n \n \nARTICLE 1er : Madame Karima BELAZI , pharmacien, est autoris\u00e9 e \u00e0 g\u00e9rer l'officine de pharmacie sise  \n115 rue Pierre Brossolette \u00e0 Sarcelles (95200), suite au d\u00e9c\u00e8s de son titulaire. \n \nARTICLE 2e : La pr\u00e9sente autorisation prendra fin au plus tard le 22 d\u00e9cembre 2026 au soir. \n \nARTICLE 3e : Un recours contentieux contre le pr\u00e9sent arr\u00eat\u00e9 peut \u00eatre form\u00e9 aupr\u00e8s du tribunal administratif \ncomp\u00e9tent. Le d\u00e9lai de recours est de deux mois \u00e0 compter de la notification de l'arr\u00eat\u00e9 pour \nles int\u00e9ress\u00e9s ou de sa publication pour les tiers. \n \nARTICLE 4e : Le Directeur g\u00e9n\u00e9ral de l'Agence r\u00e9gionale de sant\u00e9 \u00cele-de-France est charg\u00e9 de l'ex\u00e9cution \ndu pr\u00e9sent arr\u00eat\u00e9 qui sera publi\u00e9 au recueil des actes administratifs de la pr\u00e9fecture de la \nr\u00e9gion \u00cele-de-France. \n        \n \nFait \u00e0 Saint-Denis, le 02 avril 2025 \n \nPour le Directeur g\u00e9n\u00e9ral \nde l'Agence r\u00e9gionale de sant\u00e9  \n\u00cele-de-France  \n \net par d\u00e9l\u00e9gation, \nLe Directeur du P\u00f4le Efficience \nSIGN\u00c9 \nFabien PERUS \n \n \n \nAgence R\u00e9gionale de Sant\u00e9 - IDF-2025-04-02-00001 - Arr\u00eat\u00e9 n\u00b0 DOS/EFF/OFF/2025/36\nportant autorisation de g\u00e9rance d'une officine de pharmacie apr\u00e8s le d\u00e9c\u00e8s de son titulaire 5\nAgence R\u00e9gionale de Sant\u00e9\nIDF-2025-04-02-00002\nArr\u00eat\u00e9 n\u00b0 DOS/EFF/OFF/2025/37\nportant autorisation de g\u00e9rance d'une officine\nde pharmacie apr\u00e8s le d\u00e9c\u00e8s de son titulaire \nAgence R\u00e9gionale de Sant\u00e9 - IDF-2025-04-02-00002 - Arr\u00eat\u00e9 n\u00b0 DOS/EFF/OFF/2025/37\nportant autorisation de g\u00e9rance d'une officine de pharmacie apr\u00e8s le d\u00e9c\u00e8s de son titulaire 6\nREPUBLIQUEFRANCAISELibert\u00e9Egalit\u00e9Fraternit\u00e9\ne \u00bb Agence R\u00e9gionale de Sant\u00e9Ile-de-France\n \n \n \nAGENCE R\u00c9GIONALE DE SANT\u00c9 \u00ceLE-DE-FRANCE \nARR\u00caT\u00c9 N\u00b0 DOS/EFF/OFF/2025/37 \nportant autorisation de g\u00e9rance d'une officine de pharmacie  \napr\u00e8s le d\u00e9c\u00e8s de son titulaire  \n \nLE DIRECTEUR G\u00c9N\u00c9RAL DE L'AGENCE R\u00c9GIONALE DE SANT\u00c9 \u00ceLE-DE-FRANCE  \n \n \nVU le code de la sant\u00e9 publique  et notamment ses articles L.  5125-16, R.  4235-51,  \nR. 5125-39 et R. 5125-43 ; \n \nVU le d\u00e9cret du 10 avril 2024 portant nomination de Monsieur Denis ROBIN, Directeur g\u00e9n\u00e9ral de \nl'Agence r\u00e9gionale de sant\u00e9 \u00cele-de-France, \u00e0 compter du 29 avril 2024. \n \nVU l'arr\u00eat\u00e9 n\u00b0 DS 034/2024 du 29 avril 2024, publi\u00e9 le 30 avril 2024, portant d\u00e9l\u00e9gation de signature \ndu Directeur g\u00e9n\u00e9ral de l'Agence r\u00e9gionale de sant\u00e9 \u00cele -de-France \u00e0 Monsieur Arnaud \nCORVAISIER, Directeur de l'offre de soins et \u00e0 plusieurs de ses collaborateurs ;  \n \nVU la demande de Monsieur Patrick HUYNH d\u00e9pos\u00e9e en date du 25 f\u00e9vrier 2025 et le certificat \nd'inscription du Conseil Central de la Section D en date du 30 janvier 2025  accordant \nl'enregistrement de M onsieur Wander-Ben AZOR, pharmacien, en vue d'\u00eatre autoris\u00e9 \u00e0 g\u00e9rer \nl'officine sise 115 rue Pierre Brossolette \u00e0 Sarcelles (95200) ; \n \nVU l'acte de d\u00e9c\u00e8s n\u00b0 67/11 ayant constat\u00e9 le d\u00e9c\u00e8s de Madame Samanta DE LORENZO  le  \n22 d\u00e9cembre 2024 ; \n \nVU le courrier en date du 23 d\u00e9cembre 2024 de Monsieur Patrick HUYNH, conjoint survivant de \nMadame Samanta DE LORENZO, nommant Monsieur Wander-Ben AZOR g\u00e9rant apr\u00e8s d\u00e9c\u00e8s \nde l'officine sise 115 rue Pierre Brossolette \u00e0 Sarcelles (95200) ; \n \nVU le contrat de g\u00e9rance en date du  23 d\u00e9cembre 2024 conclu entre Monsieur Patrick HUYNH , \nrepr\u00e9sentant de la succession, et Monsieur Wander-Ben AZOR, pharmacien ; \n \nVU le contrat de g\u00e9rance en date du  23 d\u00e9cembre 2024 conclu entre Monsieur Patrick HUYNH , \nrepr\u00e9sentant de la succession, et Monsieur Wander-Ben AZOR, pharmacien ; \n \n \nL'avenant au  contrat de g\u00e9rance en date du  01 f\u00e9vrier  2025 conclu entre Monsieur Patrick \nHUYNH, repr\u00e9sentant de la succession, et Monsieur Wander-Ben AZOR, pharmacien ; \n \nVU l'acte de notori\u00e9t\u00e9 en date du 24 f\u00e9vrier 2025 \u00e9tabli sur la d\u00e9volution successorale ;  \n \n \n \n  \nCONSIDERANT que Monsieur Wander-Ben AZOR justifie \u00eatre inscrit au tableau de l'Ordre national des \npharmaciens ;  \n \nCONSIDERANT que Monsieur Wander-Ben AZOR n'aura pas d'autre activit\u00e9 professionnelle pendant la \ndur\u00e9e de la g\u00e9rance de l'officine apr\u00e8s d\u00e9c\u00e8s du titulaire ; \n \n  \nAgence R\u00e9gionale de Sant\u00e9 - IDF-2025-04-02-00002 - Arr\u00eat\u00e9 n\u00b0 DOS/EFF/OFF/2025/37\nportant autorisation de g\u00e9rance d'une officine de pharmacie apr\u00e8s le d\u00e9c\u00e8s de son titulaire 7\n \n \nCONSIDERANT qu'apr\u00e8s le d\u00e9c\u00e8s d'un pharmacien, le d\u00e9lai pendant lequel son conjoint ou ses h\u00e9ritiers \npeuvent maintenir une officine ouverte en la faisant g\u00e9rer par un pharmacien autoris\u00e9 \u00e0 \ncet effet par le Directeur g\u00e9n\u00e9ral de l'Agence r\u00e9gionale de sant\u00e9 \u00cele-de-France ne peut \nexc\u00e9der deux ans et peut \u00eatre prorog\u00e9 pour une p\u00e9riode ne pouvant exc\u00e9der un an  en \ncas de situation exceptionnelle ; \n \nCONSIDERANT le contrat par lequel Monsieur Patrick HUYNH, conjoint survivant de Madame Samanta \nDE LORENZO confie la g\u00e9rance de l'officine \u00e0 Monsieur Wander-Ben AZOR est conclu \npour la p\u00e9riode du 23 d\u00e9cembre 2024 au 28 f\u00e9vrier 2025 ; \n   \n \nARR\u00caTE \n \n \nARTICLE 1er : Monsieur Wander-Ben AZOR, pharmacien, est autoris\u00e9 \u00e0 g\u00e9rer l'officine de pharmacie \nsise 115 rue Pierre Brossolette \u00e0 Sarcelles (95200), suite au d\u00e9c\u00e8s de son titulaire. \n \nARTICLE 2e : La pr\u00e9sente autorisation prendra fin le 28 f\u00e9vrier 2025 au soir. \n \nARTICLE 3e : Un recours contentieux contre le pr\u00e9sent ar r\u00eat\u00e9 peut \u00eatre form\u00e9 aupr\u00e8s du t ribunal \nadministratif comp\u00e9tent. Le d\u00e9lai de recours est de deux mois \u00e0 compter de la \nnotification de l'arr\u00eat\u00e9 pour les int\u00e9ress\u00e9s ou de sa publication pour les tiers.  \n \nARTICLE 4e : Le Directeur g\u00e9n\u00e9ral de l'Agence r\u00e9gionale de sant\u00e9 \u00cele-de-France est charg\u00e9 de \nl'ex\u00e9cution du pr\u00e9sent arr\u00eat\u00e9 qui sera publi\u00e9 au recueil des actes administratifs de la \npr\u00e9fecture de la r\u00e9gion \u00cele-de-France. \n        \n \nFait \u00e0 Saint-Denis, le 02 avril 2025 \n \nPour le Directeur g\u00e9n\u00e9ral \nde l'Agence r\u00e9gionale de sant\u00e9  \n\u00cele-de-France  \n \net par d\u00e9l\u00e9gation, \nLe Directeur du P\u00f4le Efficience \nSIGN\u00c9 \nFabien PERUS \nAgence R\u00e9gionale de Sant\u00e9 - IDF-2025-04-02-00002 - Arr\u00eat\u00e9 n\u00b0 DOS/EFF/OFF/2025/37\nportant autorisation de g\u00e9rance d'une officine de pharmacie apr\u00e8s le d\u00e9c\u00e8s de son titulaire 8\nAgence R\u00e9gionale de Sant\u00e9\nIDF-2025-03-24-00011\nArr\u00eat\u00e9 conjoint n\u00b0ARS 91-2024-DD-01 portant\nd\u00e9signation des personnes qualifi\u00e9es pr\u00e9vues \u00e0\nl'article L311-3 du Code de l'action sociale et des\nfamilles \nAgence R\u00e9gionale de Sant\u00e9 - IDF-2025-03-24-00011 - Arr\u00eat\u00e9 conjoint n\u00b0ARS 91-2024-DD-01 portant d\u00e9signation des personnes\nqualifi\u00e9es pr\u00e9vues \u00e0 l'article L311-3 du Code de l'action sociale et des familles 9\n| | =REPUBLIQUE WWFRANGAISE @ D Agence R\u00e9gionale de Sant\u00e9 ESSO NM n EsIle-de-FranceLibert\u00e9Egalit\u00e9Fraternit\u00e9\n \n \n \n1 sur 4 \n \n \n \n \nARRETE CONJOINT n\u00b0 ARS 91-2024-DD-01 \n  \nportant d\u00e9signation des personnes qualifi\u00e9es  \npr\u00e9vues \u00e0 l'article L.311-5 du Code de l'action sociale et des familles \n \n \n \nLe directeur g\u00e9n\u00e9ral de l'Agence r\u00e9gionale de sant\u00e9 Ile-de-France \nLa Pr\u00e9f\u00e8te de l'Essonne \nLe Pr\u00e9sident du Conseil d\u00e9partemental de l'Essonne \n \n \n \nVU le Code de l'action sociale et des familles et notamment les article s L.311-5 ; L.312-1 ; \nR.311-1 et R.311-2 ; \n \nVU  la loi n\u00b0 2022-2 du 2 janvier 2002 r\u00e9novant l'action sociale et m\u00e9dico-sociale ; \n    \nVU       le d\u00e9cret du 10 avril 2024 portant nomination de Monsieur Denis ROBIN, Directeur g\u00e9n\u00e9ral \nde l'Agence r\u00e9gionale de sant\u00e9 Ile-de-France \u00e0 compter du 29 avril 2024 ; \n \nVU le d\u00e9cret n\u00b02001-654 du 19 juillet 2001 fixant les conditions et modalit\u00e9s de r\u00e8glement des \nfrais occasionn\u00e9s par les d\u00e9placements des personnels des collectivit\u00e9s locales et \n\u00e9tablissements publics mentionn\u00e9s \u00e0 l'article 2 de la loi n\u00b084 -53 du 26 janvier 1984 \nmodifi\u00e9e portant dispos itions statutaires relatives \u00e0 la fonction publique territoriale et \nabrogeant le d\u00e9cret n\u00b091-573 du 19 juin 1991 ; \n \nVU  le d\u00e9cret n\u00b02006-781 du 3 juillet 2006 fixant les conditions et modalit\u00e9s de r\u00e8glement des \nfrais occasionn\u00e9s par les d\u00e9placements temporaires des personnels civils de l'Etat ; \n \nVU l'appel \u00e0 candidature pour la d\u00e9signation des personnes qualifi\u00e9es de l'Essonne, lanc\u00e9 le \n19 d\u00e9cembre 2023 ; \n \nVU  les candidatures re\u00e7ues ; \n \n \nCONSIDERANT que toute personne prise en charge en \u00e9tablissement social ou m\u00e9dico-social, \nou son repr\u00e9sentant l\u00e9gal, peut, en vue de l'aider valoir ses dro its, faire appel \u00e0 une personne \nqualifi\u00e9e choisie sur la liste fix\u00e9e dans le pr\u00e9sent arr\u00eat\u00e9 ; \n \nSur proposition conjointe du D\u00e9l\u00e9gu\u00e9 territorial de l'Essonne de l'Agence r\u00e9gionale de sant\u00e9 \nIle-de-France, du Secr\u00e9taire g\u00e9n\u00e9ral de la Pr\u00e9fecture et du  Directeur g\u00e9n\u00e9ral des services du \nD\u00e9partement ; \n \n \n \n \n \n \n \nAgence R\u00e9gionale de Sant\u00e9 - IDF-2025-03-24-00011 - Arr\u00eat\u00e9 conjoint n\u00b0ARS 91-2024-DD-01 portant d\u00e9signation des personnes\nqualifi\u00e9es pr\u00e9vues \u00e0 l'article L311-3 du Code de l'action sociale et des familles 10\n2 sur 4 \n \nARRETENT  \n \n \nARTICLE 1 :   La liste des personnes qualifi\u00e9es pr\u00e9vues \u00e0 l'article L.311 -5 du Code de l'action \nsociale et des familles est arr\u00eat\u00e9e pour le d\u00e9partement de l'Essonne. Elle est jointe \nen annexe au pr\u00e9sent arr\u00eat\u00e9. \n \nARTICLE 2 : La dur\u00e9e du mandat des personnes qualifi\u00e9es est de 3 ans renouvelables par tacite \nreconduction une fois. Il peut \u00eatre mis fin au mandat de mani\u00e8re anticip\u00e9e, soit \u00e0 \nla demande de la personne qualifi\u00e9e moyennant un pr\u00e9avis de deux mois, soit par \nd\u00e9cision conjointe du Directeur g\u00e9n\u00e9rale de l'Agence r\u00e9gionale de sant\u00e9 d'Ile -de-\nFrance, du Pr\u00e9fet de l'Essonne et d u Pr\u00e9sident du Conseil d\u00e9partemental de \nl'Essonne moyennant un pr\u00e9avis d'un mois, notamment en cas de manquement \u00e0 \nl'obligation de discr\u00e9tion. \n \nARTICLE 3 :  Les modalit\u00e9s d'exercice des missions de la personne qualifi\u00e9e sont pr\u00e9vues aux \narticles L.311-5 et R.311-1 du Code de l'action sociale et des familles. \n \nARTICLE 4 :  Conform\u00e9ment aux annexes jointes au pr\u00e9sent arr\u00eat\u00e9, les courriers destin\u00e9s \u00e0 \nsaisir les personnes qualifi\u00e9es doivent \u00eatre adress\u00e9s au Conseil d\u00e9partemental de \nl'Essonne, en charge de les transmettre aux \u00e9tablissements et structures dans \nlesquels le demandeur souhaite \u00eatre accompagn\u00e9.  \n \nARTICLE 5 : Les personnes qualifi\u00e9es ne peuvent conna\u00eetre des affaires concernant les \n\u00e9tablissements et services g\u00e9r\u00e9s par l'association ou la structure auxquelles elles \npeuvent \u00eatre rattach\u00e9es. De m\u00eame, elles ne peuvent conna\u00eetre des affaires \nrelevant des \u00e9tablissements ou services o\u00f9 elles ont exerc\u00e9. \n \nARTICLE 6 :   La personne morale gestionnaire s'assure de la diffusion, par affichage dans ses \n\u00e9tablissements et services, du pr\u00e9sent arr\u00eat\u00e9 aupr\u00e8s des usagers ou par toute \nautre modalit\u00e9 laiss\u00e9e \u00e0 son appr\u00e9ciation. Le livret d'accueil pr\u00e9vu \u00e0 l'article \nL.311-4 du Code de l'action sociale et des familles devra faire r\u00e9f\u00e9rence \u00e0 cet \narr\u00eat\u00e9. \n \nARTICLE 7 :    Les missions des personnes qualifi\u00e9es sont exerc\u00e9es \u00e0 titre gratuit. \n \nARTICLE 8 :    Les frais de d\u00e9placement, le cas \u00e9ch\u00e9ant, pour l'exercice de leur mission peuvent \nfaire l'objet d'un remboursement dans les conditions pr\u00e9vues \u00e0 l'article R.311-2 du \nCode de l'action sociale et des familles. \n  Le partage des frais entre le repr\u00e9sentant de l'Etat, l'Agence r\u00e9gionale de Sant\u00e9 et \nle Conseil d\u00e9partemental se fera de la mani\u00e8re suivante : \n \n  - lorsque l'intervention de la personne qualifi\u00e9e concerne un service ou un \n\u00e9tablissement relevant du seul contr\u00f4le d'une des trois autorit\u00e9s, les frais sont \nexclusivement pris en charge par celle-ci, \n \n  - lorsque plusieurs autorit\u00e9s sont concern\u00e9es, les frais sont partag\u00e9s. \n \n  Eventuellement, les frais de t\u00e9l\u00e9phone et de timbre peuvent faire \u00e9galement l'objet \nd'un remboursement. \n \nARTICLE 9 :   Le pr\u00e9sent arr\u00eat\u00e9 sera notifi\u00e9 aux personnes identifi\u00e9es en annexe, conform\u00e9ment \n\u00e0 l'article 1 du pr\u00e9sent arr\u00eat\u00e9. \n \nAgence R\u00e9gionale de Sant\u00e9 - IDF-2025-03-24-00011 - Arr\u00eat\u00e9 conjoint n\u00b0ARS 91-2024-DD-01 portant d\u00e9signation des personnes\nqualifi\u00e9es pr\u00e9vues \u00e0 l'article L311-3 du Code de l'action sociale et des familles 11\n3 sur 4 \n \nARTICLE 10 :   Le pr\u00e9sent arr\u00eat\u00e9 peut faire l'objet dans les deux mois suivant sa notification ou sa \npublication, d'un recours gracieux devant les autorit\u00e9s comp\u00e9tentes ou d'un \nrecours contentieux devant le tribunal administratif comp\u00e9tent. \n \nARTICLE 11 : Le Directeur g\u00e9n\u00e9ral de l'Agence r\u00e9gi onale de sant\u00e9 Ile-de-France, la Pr\u00e9f\u00e8te de \nl'Essonne et le Pr\u00e9sident du Conseil d\u00e9partemental de l'Essonne, chacun en ce \nqui les concerne, sont en charge de l'ex\u00e9cution du pr\u00e9sent arr\u00eat\u00e9 qui sera notifi\u00e9 \naux personnes qualifi\u00e9es ainsi qu'aux \u00e9tablissements et services concern\u00e9s et \npubli\u00e9 au rec ueil des actes administratifs de la Pr\u00e9fecture et du d\u00e9partement de \nl'Essonne.  \n \n Fait \u00e0 Saint-Denis, le 18/12/2024 \n \n \nLe Directeur g\u00e9n\u00e9ral de La Pr\u00e9f\u00e8te de l'Essonne Le Pr\u00e9sident du Conseil  \nl'Agence r\u00e9gionale de d\u00e9partemental de l'Essonne \nsant\u00e9 Ile-de-France  \n \n \n                                                       \n \n  \nDenis ROBIN Fr\u00e9d\u00e9rique CAMILLERI   Fran\u00e7ois DUROVRAY  \n \n  \nAgence R\u00e9gionale de Sant\u00e9 - IDF-2025-03-24-00011 - Arr\u00eat\u00e9 conjoint n\u00b0ARS 91-2024-DD-01 portant d\u00e9signation des personnes\nqualifi\u00e9es pr\u00e9vues \u00e0 l'article L311-3 du Code de l'action sociale et des familles 12\n4 sur 4 \n \nDESIGNATION DES PERSONNES QUALIFIEES DU DEPARTEMENT DE L'ESSONNE \n \n- ANNEXE 1 \u2013 \n \n \n \nNom \n \nQualification \n \nChamps de comp\u00e9tence \n \nMonsieur AIT AMRAOUI Axel \n \nEn activit\u00e9 Social \nMadame BARRET Michelle \n \nEn retraite Tous secteurs (sans pr\u00e9cision) \nMadame CORNEUX Francine \n \nEn activit\u00e9 Personnes \u00e2g\u00e9es, personnes \nhandicap\u00e9es, public en difficult\u00e9s \nsp\u00e9cifiques, enfance, social \nMme COSTANTINI Catherine \n \nEn retraite Personnes \u00e2g\u00e9es, personnes \nhandicap\u00e9es, public en difficult\u00e9s \nsp\u00e9cifiques, enfance, social \nMonsieur DE MONTGOLFIER \nThierry \nEn activit\u00e9 Personnes \u00e2g\u00e9es, personnes \nhandicap\u00e9es, public en difficult\u00e9s \nsp\u00e9cifiques \nMadame FLATRES Nicole \n \nEn retraite Personnes \u00e2g\u00e9es, public en \ndifficult\u00e9s sp\u00e9cifiques, social \nMadame GIMENEZ St\u00e9phanie \n \nEn activit\u00e9 Personnes handicap\u00e9es \nMadame MORELLI Sylvie \n \nEn retraite Personnes \u00e2g\u00e9es, personnes \nhandicap\u00e9es \nMadame PLECHOT Catherine \n \nEn retraite Personnes \u00e2g\u00e9es, personnes \nhandicap\u00e9es \nMadame RABIA Eva \n \nEn activit\u00e9 Personnes \u00e2g\u00e9es, public en \ndifficult\u00e9s sp\u00e9cifiques, enfance, \nsocial \n \n- ANNEXE 2 \u2013 \n \n \nLes courriers destin\u00e9s aux personnes qualifi\u00e9es sont \u00e0 transmettre \u00e0 l'adresse suivante : \n \nConseil d\u00e9partemental de l'Essonne \nService des Etablissements et services sociaux et m\u00e9dico-sociaux \nH\u00f4tel du D\u00e9partement \nBoulevard de France \u2013 Georges Pompidou \n91012 EVRY-COURCOURONNES \n  \nAgence R\u00e9gionale de Sant\u00e9 - IDF-2025-03-24-00011 - Arr\u00eat\u00e9 conjoint n\u00b0ARS 91-2024-DD-01 portant d\u00e9signation des personnes\nqualifi\u00e9es pr\u00e9vues \u00e0 l'article L311-3 du Code de l'action sociale et des familles 13\n5 sur 4 \n \nANNEXE 3 \nAutorit\u00e9s comp\u00e9tentes par type d'\u00e9tablissements et services \nDOMAINE \nCOMPETENCE \nPROPRE CONSEIL \nDEPARTEMENTAL \nCOMPETENCE \nPROPRE ARS \nCOMPETENCE \nCONJOINTE \nCONSEIL \nDEPARTEMENTAL \nET ARS \nCOMPETENCE \nPROPRE DDCS \nCOMPETENCE \nPROPRE \nDRIHL \nPERSONNES \nAGEES \nEtablissement \nd'h\u00e9bergement pour \npersonnes \u00e2g\u00e9es \nnon m\u00e9dicalis\u00e9s \n(foyer \nlogement/MARPA) \nService de soins \ninfirmiers \u00e0 domicile \n(SSIAD) \nEtablissement \nd'h\u00e9bergement pour \npersonnes \u00e2g\u00e9es \nd\u00e9pendantes \n(EHPAD)  \nService d'aide aux \npersonnes \u00e2g\u00e9es \n(SAAD) \n \nService Polyvalent \nd'Aide et de Soins \u00e0 \nDomicile \n(SPASAD) \nPERSONNES \nHANDICAPEES \nFoyer de vie Maison d'accueil \nsp\u00e9cialis\u00e9 (MAS) \nFoyer d'accueil \nm\u00e9dicalis\u00e9 (FAM) \n \nFoyer \nd'h\u00e9bergement \nEtablissement et \nservice d'aide par le \ntravail (ESAT) \nService \nd'accompagnement \nm\u00e9dico-social pour \nadultes handicap\u00e9s \n(SAMSAH) \nAccueil de jour \noccupationnel \nInstitut m\u00e9dico-\n\u00e9ducatif (IME) \nAccueil de jour \nm\u00e9dicalis\u00e9 \nService \nd'accompagnement \n\u00e0 la vie sociale \n(SAVS) \nInstitut \nth\u00e9rapeutique, \n\u00e9ducatif et \np\u00e9dagogique (ITEP) \nCentre d'Action \nM\u00e9dico-Sociale \nPr\u00e9coce (CAMSP) \n \nCentre m\u00e9dico-\npsychop\u00e9dagogique \n(CMPP) \n Service d'\u00e9ducation \nsp\u00e9cialis\u00e9e et de \nsoins \u00e0 domicile \n(SESSAD) \nENFANCE \n \nMaison d'enfants \u00e0 \ncaract\u00e8re social \n Foyer d'aide \u00e0 \nl'enfance \nCentre maternel \nSOCIAL \n  \nLits Halte Soins \nSant\u00e9 (LHSS) \n \nServices de \nprotection des \nmajeurs \n(sauvegarde de \njustice ou \ntutelle/curatelle) \nCentre \nd'h\u00e9bergement \net de r\u00e9insertion \nsociale (CHRS) \nCentre d'accueil et \nd'accompagnement \n\u00e0 la \nr\u00e9duction des \nrisques des usagers \nde drogues \n(CAARUD) \nServices \nmettant en \n\u0153uvre les \nmesures \njudiciaires \nd'aide \u00e0 la \ngestion du \nbudget familial \nCentre \nd'h\u00e9bergement \nd'urgence \n(CHU) \nAgence R\u00e9gionale de Sant\u00e9 - IDF-2025-03-24-00011 - Arr\u00eat\u00e9 conjoint n\u00b0ARS 91-2024-DD-01 portant d\u00e9signation des personnes\nqualifi\u00e9es pr\u00e9vues \u00e0 l'article L311-3 du Code de l'action sociale et des familles 14\n6 sur 4 \n \nCentre de soins \nd'accompagnement \net de \npr\u00e9vention en \naddictologie \n(CSAPA) \n \nCentre \nd'adaptation \u00e0 la \nvie active \n(CAVA) \n \nFoyers de \njeunes \ntravailleurs \n(FJT) ou \nr\u00e9sidences \nsociales \njeunes \ntravailleurs \n(RSJT) \nCentres \nd'accueil pour \ndemandeurs \nd'asile (CADA) \n \n \nAgence R\u00e9gionale de Sant\u00e9 - IDF-2025-03-24-00011 - Arr\u00eat\u00e9 conjoint n\u00b0ARS 91-2024-DD-01 portant d\u00e9signation des personnes\nqualifi\u00e9es pr\u00e9vues \u00e0 l'article L311-3 du Code de l'action sociale et des familles 15","date":"2025-04-03","first_seen_on":"2025-04-03T14:34:09+00:00","id":"7dd75fb79fad0abb0fdd69738001e4b5f936b49b4d4da7917aafd3e6749812d5","name":"recueil-idf-008-2025-04-RAA-nominatifs du 03.04.2025","pdf_creation_date":"2025-04-03T14:04:29+00:00","pdf_modification_date":null,"timezone":"Europe/Paris","url":"https://www.prefectures-regions.gouv.fr/ile-de-france/irecontenu/telechargement/126751/936084/file/recueil-idf-008-2025-04-RAA-nominatifs%20du%2003.04.2025.pdf"}
