{"administration":"pref80","administration_name":"Pr\u00e9fecture de la Somme","content":"PR\u00c9FECTURE\nDE LA SOMME\nRECUEIL DES ACTES\nADMINISTRATIFS SP\u00c9CIAL\nN\u00b02024-041\nPUBLI\u00c9 LE  5 F\u00c9VRIER 2024\nSommaire\nPr\u00e9fecture de la zone de d\u00e9fense et de s\u00e9curit\u00e9 du Nord /\n80-2024-02-05-00001 - Arr\u00eat\u00e9 N\u00b005 02 2024-1 portant r\u00e8glementation de la\ncirculation routi\u00e8re (3 pages) Page 3\n2\nPr\u00e9fecture de la zone de d\u00e9fense et de s\u00e9curit\u00e9\ndu Nord\n80-2024-02-05-00001\nArr\u00eat\u00e9 N\u00b005 02 2024-1 portant r\u00e8glementation\nde la circulation routi\u00e8re\nPr\u00e9fecture de la zone de d\u00e9fense et de s\u00e9curit\u00e9 du Nord - 80-2024-02-05-00001 - Arr\u00eat\u00e9 N\u00b005 02 2024-1 portant r\u00e8glementation de la\ncirculation routi\u00e8re 3\nPr\u00e9fecture  de la zone  de d\u00e9fense\nv  et de  s\u00e9curit\u00e9  Nord\nDE LA ZONE\nDE D\u00c9FENSE  .\nET DE S\u00c9CURIT\u00c9\nNORD\nLiberte\nEgalite\nFraternit\u00e9\nArr\u00eat\u00e9  n\u00b0 05/02/2024-1\nportant  r\u00e9glementation  de la circulation  routi\u00e8re\nLe Pr\u00e9fet  de zone  de d\u00e9fense  et de s\u00e9curit\u00e9  Nord\nLe Pr\u00e9fet  de la r\u00e9gion  Hauts-de-France\nPr\u00e9fet  du Nord\nChevalier  de la L\u00e9gion  d'honneur\nChevalier  de l'ordre  national  du M\u00e9rite\nVu le code  de la route  ;\nVu le code  g\u00e9n\u00e9ral  des  collectivit\u00e9s  territoriales  ;\nVu le code  de la d\u00e9fense  ;\nVu le code  p\u00e9nal  ;\nVu le code  de la s\u00e9curit\u00e9  int\u00e9rieure  ;\nVu le d\u00e9cret  n\u00b0 2004-374  du 29 avril  2004,  modifi\u00e9,  relatif  aux  pouvoirs  des  pr\u00e9fets,  \u00e0 l'organisation  et \u00e0\nI'action  des  services  de l'Etat  dans  les r\u00e9gions  et d\u00e9partements  ; _\nVu le d\u00e9cret  du Pr\u00e9sident  de la R\u00e9publique  du 17 janvier  2024,  portant  nomination  de Bertrand  GAUME  en\nqualit\u00e9  de pr\u00e9fet  de la r\u00e9gion  des  Hauts  de France,  pr\u00e9fet  de la zone  de d\u00e9fense  et de s\u00e9curit\u00e9  Nord,  pr\u00e9fet  du\nNord  ;\nVu le d\u00e9cret  du 15 f\u00e9vrier  2022  portant  nomination  de monsieur  Louis-Xavier  THIRODE  en qualit\u00e9  de pr\u00e9fet\nd\u00e9l\u00e9gu\u00e9  pour  la d\u00e9fense  et la s\u00e9curit\u00e9  aupr\u00e8s  du pr\u00e9fet  de la r\u00e9gion  des  Hauts  de France,  pr\u00e9fet  de la zone  de\nd\u00e9fense  et de s\u00e9curit\u00e9  Nord,  pr\u00e9fet  du Nord  ;\nVu l'arr\u00eat\u00e9  interminist\u00e9riel  du 24 novembre  1967  modifi\u00e9  relatif  \u00e0 la signalisation  des  routes  et des  autoroutes  :\nVu l'arr\u00eat\u00e9  pr\u00e9fectoral  du 12 octobre  2018  relatif  \u00e0 la gestion  des  \u00e9v\u00e9nements  zonaux  de circulation  routi\u00e8re\nen zone  de d\u00e9fense  et de s\u00e9curit\u00e9  Nord  ;\nConsid\u00e9rant  le passage  en posture  organisationnelle  de crise  du plan  gestion  des  \u00e9v\u00e9nements  zonaux  de\ncirculation  routi\u00e8re  en zone  de d\u00e9fense  et de s\u00e9curit\u00e9  Nord  le 05 f\u00e9vrier  2024  :\nConsid\u00e9rant  l'information  transmise  par les autorit\u00e9s  belges  quant  \u00e0 un mouvement  social  qui entra\u00eenerait\ndes  perturbations  de la circulation  routi\u00e8re  sur les autoroutes  E40  (prolongement  A16)  et E17  (prolongement\nA22)  dans  les deux  sens  de circulation  \u00e0 compter  du 05 f\u00e9vrier  2024  \u00e0 8h00  ;\nConsid\u00e9rant  les perturbations  qui pourraient  en d\u00e9couler  c\u00f4t\u00e9  fran\u00e7ais  sur  les autoroutes  A16  et A22  et la\nn\u00e9cessit\u00e9  d'assurer  la s\u00e9curit\u00e9  de la circulation  routi\u00e8re  dans  l'int\u00e9r\u00eat  de l'ordre  public  ;\nSur  proposition  de M. le directeur  r\u00e9gional  de l'environnement,  de l'am\u00e9nagement  et du logement  des  Hauts-\nde-France  :\npage  1/3\nPr\u00e9fecture de la zone de d\u00e9fense et de s\u00e9curit\u00e9 du Nord - 80-2024-02-05-00001 - Arr\u00eat\u00e9 N\u00b005 02 2024-1 portant r\u00e8glementation de la\ncirculation routi\u00e8re 4\nARRETE\nArticle  1*\nUn dispositif  de d\u00e9viation  obligatoire  de tous  les v\u00e9hicules  circulant  sur l'autoroute  A16  dans  le sens  France  -\nBelgique  est mis  en place  sur ordre  au niveau  de I'\u00e9changeur  n\u00b065  (sortie  Ghyvelde).\nLe retournement  consiste  \u00e0 :\n- emprunter  le D947  en direction  de Bray-Dunes  au niveau  du premier  giratoire  puis\n- r\u00e9orienter  le flux  sur  la bretelle  d'insertion  sur  l'autoroute  A16  en direction  de Dunkerque  au niveau  du\nsecond  giratoire.\nArticle  2\nUn dispositif  de d\u00e9viation  obligatoire  de tous  les v\u00e9hicules  circulant  sur I'autoroute  A22  dans  le sens  France  -\nBelgique  est mis  en place  sur ordre  au niveau  de l'\u00e9changeur  n\u00b0 17 Ronca.\nLa d\u00e9viation  consiste  depuis  l'\u00e9changeur  n\u00b0 17 Roncq  :\n- \u00e0 emprunter  la D191  puis  la D617  (territoire  belge)  en direction  de I'A19  :\n- puis  \u00e0 prendre  'A19  puis  l'E403  en direction  de Courtrai.\nLors  de l'activation  de cette  d\u00e9viation,  les bretelles  d'insertion  sur l'autoroute  A22  dans  le sens  France-\nBelgique  sont  ferm\u00e9es  :\n- au niveau  de l'\u00e9changeur  n\u00b017  depuis  la M191  ;\n- au niveau  de l'\u00e9changeur  n\u00b017  depuis  la M639  ;\n- auniveau  de la bretelle  d'insertion  de I'\u00e9changeur  n\u00b018  vers  la Belgique  depuis  la M291\n(insertions  nord  et sud).  : :\nArticle  3\nLes  dispositions  d\u00e9finies  par  le pr\u00e9sent  arr\u00eat\u00e9  ne s'appliquent  pas  :\n- \u2014 aux  v\u00e9hicules  et engins  de secours  et d'intervention  :\n- \u2014 aux  v\u00e9hicules  habilit\u00e9s  des  services  publics  ;\n- \u2014 aux  v\u00e9hicules  des  gestionnaires  du r\u00e9seau  routier  ;\naux  v\u00e9hicules  des  entreprises  travaillant  pour  le compte  des  gestionnaires  du r\u00e9seau  routier  :\naux  v\u00e9hicules  de d\u00e9pannage  et de remorquage  agr\u00e9\u00e9s  sur  le r\u00e9seau  routier.\nArticle  4\nIl appartient  au pr\u00e9fet  du Nord,  le cas  \u00e9ch\u00e9ant,  apr\u00e9s  coordination  avec  le COZ  Nord,  d'accompagner  ces\ndispositions  zonales  par  des  mesures  compl\u00e9mentaires.\nArticle  5\nLes  dispositions  d\u00e9finies  par  le pr\u00e9sent  arr\u00eat\u00e9  prennent  effet  \u00e0 compter  du 5 f\u00e9vrier  2024  \u00e0 8h00.\nArticle  6\nLe pr\u00e9fet  du Nord,  le commandant  de groupement  de gendarmerie  du Nord,  le directeur  zonal  des  CRS,  la\ndirectrice  zonale  de la police  nationale,  les directeurs  de la DIR  Nord  sont  charg\u00e9s,  chacun  en ce qui le\nconcerne,  de I'ex\u00e9cution  du pr\u00e9sent  arr\u00eat\u00e9.\npage  2/3\nPr\u00e9fecture de la zone de d\u00e9fense et de s\u00e9curit\u00e9 du Nord - 80-2024-02-05-00001 - Arr\u00eat\u00e9 N\u00b005 02 2024-1 portant r\u00e8glementation de la\ncirculation routi\u00e8re 5\nArticle  7\nLe pr\u00e9sent  arr\u00e9t\u00e9  sera  publi\u00e9  au recueil  des actes  administratifs  de chacun  des d\u00e9partements  concern\u00e9s  et\ncopie  en sera  adress\u00e9e  aux  services  mentionn\u00e9s  \u00e0 l'article  6.\nFait  \u00e0 Lille,  le 5 f\u00e9vrier  2024\nPour  le pr\u00e9fet  de zone  et par d\u00e9l\u00e9gation,\nle pr\u00e9fet  d\u00e9l\u00e9gu\u00e9  pour  la d\u00e9fense  et la s\u00e9curit\u00e9\nLGuis-Xavier  THIRODE\nConform\u00e9ment  aux  dispositions  des  articles  R 421.-1  et R 421-5  du code  de justice  administrative,  la pr\u00e9sente  d\u00e9cision  peut  faire  l'objet\nd'un  recours  contentieux  devant  le tribunal  administratif  dans  le d\u00e9lai  de 2 mois  \u00e0 compter  de sa publication.  Le tribunal  administratif\npeut  \u00eatre  saisi  par l'application  T\u00e9l\u00e9recours  citoyen  accessible  sur le site  www.telerecours.fr\".\npage  3/3\nPr\u00e9fecture de la zone de d\u00e9fense et de s\u00e9curit\u00e9 du Nord - 80-2024-02-05-00001 - Arr\u00eat\u00e9 N\u00b005 02 2024-1 portant r\u00e8glementation de la\ncirculation routi\u00e8re 6","date":"2024-02-05","first_seen_on":"2024-08-24T22:48:01+00:00","id":"7e48450fd76216bec53a9f31e03c83440d55cd6f0cc87e5090196262735066d9","name":"RAA n\u00b041 sp\u00e9cial du 5 f\u00e9vrier 2024","pdf_creation_date":"2024-02-05T10:29:34+00:00","pdf_modification_date":null,"timezone":"Europe/Paris","url":"https://www.somme.gouv.fr/contenu/telechargement/46539/312077/file/recueil-2024-041-recueil-des-actes-administratifs-special.pdf"}
