{"administration":"pref21","administration_name":"Pr\u00e9fecture de C\u00f4te-d\u2019Or","content":"PR\u00c9FET\nDE LA C\u00d4TE-D'OR\nRECUEIL DES ACTES\nADMINISTRATIFS SP\u00c9CIAL\nN\u00b021-2024-048\nPUBLI\u00c9 LE 10 AVRIL 2024\nSommaire\nARS Bourgogne-Franche-Comt\u00e9 /\n21-2024-03-15-00004 - Arr\u00eat\u00e9 2024-02 modifiant la liste des membres CTS\nC\u00f4te-d'Or (6 pages) Page 3\nDirection d\u00e9partementale des territoires de la C\u00f4te-d'Or / Service \u00c9conomie\nAgricole et Environnement des Exploitations\n21-2024-04-04-00009 - Arr\u00eat\u00e9 pr\u00e9fectoral n\u00b0 643\nportant autorisation au\ntitre de l\u25a1article L. 333-3 du Code rural et de la p\u00eache maritime de prise de\ncontr\u00f4le de la soci\u00e9t\u00e9 SCEA DU CLOS DE TART (2 pages) Page 10\nDRAAF Bourgogne-Franche-Comt\u00e9 / Service r\u00e9gional de la for\u00eat et du bois\n21-2024-04-08-00001 - Arr\u00eat\u00e9 portant approbation de l'am\u00e9nagement de la\nfor\u00eat communale de Tart pour la p\u00e9riode 2024-2043 (4 pages) Page 13\nPr\u00e9fecture de la C\u00f4te-d'Or / Direction des s\u00e9curit\u00e9s\n21-2024-04-08-00002 - Arr\u00eat\u00e9 pr\u00e9fectoral dressant la liste des syst\u00e8mes de\nvid\u00e9oprotection autoris\u00e9s \u00e0 la suite de la commission d\u00e9partementale de\nvid\u00e9oprotection\ndu 26 mars 2024 (7 pages) Page 18\n21-2024-04-09-00001 - Arr\u00eat\u00e9 pr\u00e9fectoral portant agr\u00e9ment de Mme Manon\nDUPREY pour effectuer le contr\u00f4le m\u00e9dical de l'aptitude \u00e0 la conduite en\ncabinet lib\u00e9ral (2 pages) Page 26\nPr\u00e9fecture de la C\u00f4te-d'Or / P\u00f4le juridique inter-services\n21-2024-04-08-00003 - Arr\u00eat\u00e9 pr\u00e9fectoral n\u00b0  644 / SG du 8 avril 2024\n\ndonnant d\u00e9l\u00e9gation de signature \u00e0 Monsieur S\u00e9bastien GAUTHEY,\nattach\u00e9 hors classe,\n directeur de l\u25a1immigration et de la nationalit\u00e9 (DIN)\n(9 pages) Page 29\n2\nARS Bourgogne-Franche-Comt\u00e9\n21-2024-03-15-00004\nArr\u00eat\u00e9 2024-02 modifiant la liste des membres\nCTS C\u00f4te-d'Or\nARS Bourgogne-Franche-Comt\u00e9 - 21-2024-03-15-00004 - Arr\u00eat\u00e9 2024-02 modifiant la liste des membres CTS C\u00f4te-d'Or 3\nREPUBLIQUEFRANCAISE\u00c9galis\u00e9 @ D Agence R\u00e9gionale de Sant\u00e9Frateruit\u00e9 Bourgogne-Franche-Comt\u00e9\nArr\u00eat\u00e9 n\u00b0 ARSBFC/DCPT/2024-02 modifiant la liste des membres du conseil territorialde sant\u00e9 de C\u00f4te d'Or en date du 15/03/2024\nLe directeur g\u00e9n\u00e9ral de l'Agence R\u00e9gionale de Sant\u00e9 de Bourgogne-Franche-Comt\u00e9,Vu le code de la sant\u00e9 publique, notamment les articles L.1434-9, L.1434-10, L.1434-11, R1434-33 ;Vu la loi n\u00b0 2016-41 du 26 janvier 2016 de modernisation de notre syst\u00e8me de sant\u00e9, notamment sonarticle 158 ;Vu la loi d'organisation et de transformation du syst\u00e8me de sant\u00e9 n\u00b0 2019-774 du 24 juillet 2019portant modification de l'article L1434-10 du code de la Sant\u00e9 Publique ;Vu le d\u00e9cret en date du 2 novembre 2022 portant nomination de M. Jean-Jacques COIPLET, enqualit\u00e9 de directeur g\u00e9n\u00e9ral de l'agence r\u00e9gionale de sant\u00e9 de Bourgogne-Franche-Comt\u00e9 ;Vu le d\u00e9cret n\u00b02016-1024 du 26 juillet 2016 relatif aux territoires de d\u00e9mocratie sanitaire, aux zonesdes sch\u00e9mas r\u00e9gionaux de sant\u00e9 et aux conseils territoriaux de sant\u00e9 ;Vu l'arr\u00eat\u00e9 du 3 ao\u00fbt 2016 relatif \u00e0 la composition du conseil territorial de sant\u00e9 ;Vu l'arr\u00eat\u00e9 ARS-BFC/DG/2016/001 du 27 octobre 2016 relatif \u00e0 la d\u00e9finition des territoires ded\u00e9mocratie sanitaire de la r\u00e9gion Bourgogne Franche Comt\u00e9 ;Vu l'arr\u00eat\u00e9 ARS-BFC/DCPT/2023-30 du 09 novembre 2023 portant renouvellement de la liste desmembres du conseil territorial de sant\u00e9 de la C\u00f4te d'Or ;Consid\u00e9rant les r\u00e9ponses re\u00e7ues dans le cadre des appels \u00e0 candidatures organis\u00e9s par l'ARSBourgogne Franche Comt\u00e9, publi\u00e9s le 31 mars 2022 sur le site internet de l'agence, en application desdispositions de l'article R1434-33 du code de la sant\u00e9 publiqueConsid\u00e9rant les propositions de d\u00e9signations faites par les diff\u00e9rents organismes et instancesrepr\u00e9sentatifs des diff\u00e9rents coll\u00e8ges, en application des dispositions de l'article R1434-33 du code dela sant\u00e9 publique\nARS Bourgogne-Franche-Comt\u00e9 - 21-2024-03-15-00004 - Arr\u00eat\u00e9 2024-02 modifiant la liste des membres CTS C\u00f4te-d'Or 4\nARRETE\nArticle 1 : Le conseil territorial de sant\u00e9 de C\u00f4te d'Or comprend 50 membres au plus r\u00e9partis enquatre coll\u00e8ges, ainsi que deux personnes qualifi\u00e9es et les parlementaires \u00e9lus dans le ressort duterritoire concern\u00e9.Article 2 : Sont membres du conseil territorial de sant\u00e9 du d\u00e9partement de C\u00f4te d'Or, au titre descoll\u00e8ges :1\u00b0 - coll\u00e8ge des professionnels et offreurs des services de sant\u00e9 (vingt-huit membres)a) Six repr\u00e9sentants des \u00e9tablissements de sant\u00e9> Trois repr\u00e9sentants des personnes morales gestionnaires de ces \u00e9tablissements d\u00e9sign\u00e9s surproposition de la f\u00e9d\u00e9ration qui les repr\u00e9senteTitulaire : Madame Val\u00e9rie FAKHOURY, HPDB, FHPSuppl\u00e9ance: En cours de d\u00e9signation,Titulaire : Madame Sylvie WACKENHEIM, Association le Renouveau, FEHAPSuppl\u00e9ance : Madame Sylvie CAILLOT, COS CRF Divio, FEHAPTitulaire : Monsieur Fran\u00e7ois MARTIN, CHLC, FHFSuppl\u00e9ance : Guillaume KOCH, Hospices Civils de Beaune, FHF> Trois pr\u00e9sidents de commission m\u00e9dicale ou de conf\u00e9rence m\u00e9dicale d'\u00e9tablissement,d\u00e9sign\u00e9s sur proposition de la f\u00e9d\u00e9ration qui les repr\u00e9senteTitulaire : Madame le docteur Liliana OSMAK, Polyclinique du Parc Drevon, FHPSuppl\u00e9ance : en cours de d\u00e9signationTitulaire : Madame le docteur Hala ROBERT MAALOUF, CRF Divio, FEHAPSuppl\u00e9ante : en cours de d\u00e9signationTitulaire : Monsieur le docteur Samuel FOTCHUONT, CH HCO, FHFSuppl\u00e9ance : Madame le docteur Magali VERNET, CH Beaune, FHFb) Cinq repr\u00e9sentants des personnes morales gestionnaires des services et \u00e9tablissements sociauxet m\u00e9dico-sociaux mentionn\u00e9s au 1 de l'article L 312-1 et \u00e0 l'article L 344-1 du code del'action sociale et des familles r\u00e9partis entre ceux qui \u0153uvrent en faveur des personnels \u00e2g\u00e9eset ceux qui \u0153uvrent en faveur des personnes handicap\u00e9es, d\u00e9sign\u00e9s sur proposition desgroupements et f\u00e9d\u00e9rations repr\u00e9sentatifs des institutions sociales et m\u00e9dico-socialeTitulaire : Monsieur Sylvain VACHERESSE, EHCO Les Papillons Blancs, URIOPSSSuppl\u00e9ance : Madame Sophie POULARD, Association Addictions FranceTitulaire : Madame Marie GIVORD, UNA BFCSuppl\u00e9ance : Madame Annick AMIARD, UNA BFCTitulaire : Monsieur Brice MOREY, SDAT, FEHAPSuppl\u00e9ance : Monsieur Vincent GAY, EHPAD la Providence, FEHAPTitulaire : Christine TROJAN, CHU Dijon, FHFSuppl\u00e9ante : en cours de d\u00e9signationTitulaire : Monsieur Patrice DUROVRAY, Acod\u00e8ge, NEXEMSuppl\u00e9ance : Madame Val\u00e9rie BOIVIN, EHPAD Korian, SYNERPAc) Trois repr\u00e9sentants des organismes \u0153uvrant dans les domaines de la promotion de la sant\u00e9 etde la pr\u00e9vention ou en faveur de l'environnement et de la lutte contre la pr\u00e9carit\u00e9, d\u00e9sign\u00e9s \u00e0l'issue d'un appel \u00e0 candidatures organis\u00e9 dans les conditions fix\u00e9es par le directeur g\u00e9n\u00e9ral del'agence r\u00e9gionale de sant\u00e9\nARS Bourgogne-Franche-Comt\u00e9 - 21-2024-03-15-00004 - Arr\u00eat\u00e9 2024-02 modifiant la liste des membres CTS C\u00f4te-d'Or 5\nTitulaire : Madame H\u00e9l\u00e9ne PROU, IREPS BFCSuppl\u00e9ance : en cours de d\u00e9signationTitulaire : Madame Colette PREVOST, France nature environnement 21Suppl\u00e9ance : en cours de d\u00e9signationTitulaire : Madame Val\u00e9rie RODIERE, ASEPTSuppl\u00e9ance : en cours de d\u00e9signationd) Six repr\u00e9sentants des professionnels de sant\u00e9 lib\u00e9raux\n> Trois m\u00e9decins lib\u00e9raux d\u00e9sign\u00e9s par le directeur g\u00e9n\u00e9ral de l'agence r\u00e9gionale de sant\u00e9 surproposition conjointe des unions r\u00e9gionales des professionnels de sant\u00e9Titulaire : Monsieur le Docteur Aur\u00e9lien VAILLANTSuppl\u00e9ance : en cours de d\u00e9signationTitulaire : Monsieur le Docteur Olivier MAIZIERESSuppl\u00e9ance : en cours de d\u00e9signationTitulaire : Madame le Docteur Brigitte VIREYSuppl\u00e9ance : en cours de d\u00e9signation\u00bb Trois repr\u00e9sentants des autres professions de sant\u00e9, d\u00e9sign\u00e9s par le directeur g\u00e9n\u00e9ral del'agence r\u00e9gionale de sant\u00e9 sur proposition conjointe des unions r\u00e9gionales des professionnelsde sant\u00e9.Titulaire : Monsieur Damien MICHEL, URPS Pharmaciens BFCSuppl\u00e9ance : Madame Nathalie BROUSSE-GOUTTE, URPS Orthophonistes BFCTitulaire : Madame Anne THIVET, URPS Infirmiers BFCSuppl\u00e9ance : Madame V\u00e9ronique FAGOT, URPS Infirmiers BFCTitulaire : Monsieur Yann-Fran\u00e7ois SYLVESTRE, URPS Masseurs-Kin\u00e9sith\u00e9rapeutes BFCSuppl\u00e9ance : Monsieur Jules MARTIN, URPS Masseurs-Kin\u00e9sith\u00e9rapeutes BFC\ne) Un repr\u00e9sentant des internes en m\u00e9decine de la ou des subdivisions situ\u00e9es sur le territoire desant\u00e9, d\u00e9sign\u00e9 par une organisation qui les repr\u00e9senteTitulaire : en cours de d\u00e9signationSuppl\u00e9ance : en cours de d\u00e9signationf) Cinq repr\u00e9sentants des diff\u00e9rents modes d'exercice coordonn\u00e9 et des organisations decoop\u00e9ration territoriale :\u00ab des centres de sant\u00e9, maisons de sant\u00e9 et r\u00e9seaux d\u00e9sign\u00e9s par le directeur g\u00e9n\u00e9ral de l'agencer\u00e9gionale de sant\u00e9, sur proposition des organisations qui les repr\u00e9sentent \u00bb\u00ab des communaut\u00e9s professionnelles territoriales de sant\u00e9 et des \u00e9quipes de soins primaires\u00ab des communaut\u00e9s psychiatriques de territoire d\u00e9sign\u00e9s \u00e0 l'issue d'un appel \u00e0 candidature organis\u00e9dans des conditions fix\u00e9es par le directeur g\u00e9n\u00e9ral de l'agence r\u00e9gionale de sant\u00e9 \u00bbTitulaire : Monsieur Laurent GARNAULT, DAC 21Suppl\u00e9ance : Madame Manuela GARCIA, DAC 21 iTitulaire : Monsieur Pedro FERREIRA, MSP de St-Loup-G\u00e9anges, FeMaSCo-BFC :Suppl\u00e9ance : Monsieur Philippe LEVACHER, FeMaSCo-BFCTitulaire : Monsieur Florian POIVRE, CPTS Pays d'Or |Suppl\u00e9ance : Madame Sandra PERRIER, CPTS Pays d'Or !Titulaire : Monsieur le Docteur Fran\u00e7ois PILLON, AREMEL 21 '\u00c8Suppl\u00e9ance : Monsieur le Docteur Julien NOUBEL, AREMEL 21 |Titulaire : en cours de d\u00e9signationSuppl\u00e9ance : en cours de d\u00e9signation\nARS Bourgogne-Franche-Comt\u00e9 - 21-2024-03-15-00004 - Arr\u00eat\u00e9 2024-02 modifiant la liste des membres CTS C\u00f4te-d'Or 6\ng) Un repr\u00e9sentant des \u00e9tablissements assurant des activit\u00e9s d'hospitalisation \u00e0 domicile, d\u00e9sign\u00e9par le directeur g\u00e9n\u00e9ral de l'agence r\u00e9gionale de sant\u00e9 sur proposition de la FNEHADTitulaire : En cours de d\u00e9signation, FNEHADSuppl\u00e9ance : Madame Sophie HENON HILAIRE, CGF Leclerc, FNEHADh) Un repr\u00e9sentant de l'ordre des m\u00e9decins, d\u00e9sign\u00e9 par le pr\u00e9sident du conseil r\u00e9gional del'ordre ou, le cas \u00e9ch\u00e9ant, sur proposition conjointe des pr\u00e9sidents des conseils r\u00e9gionaux del'ordre du ressort de l'agence r\u00e9gionale de sant\u00e9Titulaire : Docteur Jean-Henri PERRINSuppl\u00e9ance : Docteur Dominique RICHARD2\u00b0 - coll\u00e8ge des usagers et associations d'usagers \u0153uvrant dans les domaines de comp\u00e9tence del'agence r\u00e9gionale de sant\u00e9 (dix membres)a) Six repr\u00e9sentants des usagers des associations agr\u00e9\u00e9es au niveau r\u00e9gional ou, \u00e0 d\u00e9faut, auniveau national, conform\u00e9ment \u00e0 l'article L 1114-1, d\u00e9sign\u00e9s \u00e0 l'issue d'un appel \u00e0candidatures organis\u00e9 dans des conditions fix\u00e9es par le directeur g\u00e9n\u00e9ral de l'agence r\u00e9gionalede sant\u00e9Titulaire : Madame Marie BERTIN, ARUCAHSuppl\u00e9ance : en cours de d\u00e9signationTitulaire : Monsieur Jean-Louis LAVILLE, UNAFAMSuppl\u00e9ance : en cours de d\u00e9signationTitulaire : Madame Martine CUENOT, APF France handicapSuppl\u00e9ance : en cours de d\u00e9signationTitulaire : Mme Marine DELORIEUX, UNAPEI BFCSuppl\u00e9ance : en cours de d\u00e9signationTitulaire : Madame Fran\u00e7oise PLASSARD, UDAFSuppl\u00e9ance : Monsieur Yves DUPOYET, UDAFTitulaire : en cours de d\u00e9signationSuppl\u00e9ance : en cours de d\u00e9signationb) Quatre repr\u00e9sentants des usagers des associations des personnes handicap\u00e9es ou desassociations de retrait\u00e9s et personnes \u00e2g\u00e9es, sur proposition du ou des conseils d\u00e9partementauxde la citoyennet\u00e9 et de l'autonomie du ressort du conseil territorial de sant\u00e9Titulaire : Monsieur Jean-Fran\u00e7ois VALDENAIRE, CDCA,Suppl\u00e9ance : Madame Suzanne FERRAND, CDCATitulaire : Madame Evelyne AMIDIEU, CDCA,Suppl\u00e9ance : Monsieur Gilbert FOREY, CDCA,Titulaire : Madame Christine GARNIER GALIMARD, CDCA,Suppl\u00e9ance: Madame Edith GARCHEY, CDCA,Titulaire : Monsieur G\u00e9rard GIRAUD, CDCA,Suppl\u00e9ance : en cours de d\u00e9signation\nARS Bourgogne-Franche-Comt\u00e9 - 21-2024-03-15-00004 - Arr\u00eat\u00e9 2024-02 modifiant la liste des membres CTS C\u00f4te-d'Or 7\n53\u00b0 - coll\u00e9ge des collectivit\u00e9s territoriales ou leurs groupements (sept membres)a) Un conseiller r\u00e9gional, d\u00e9sign\u00e9 par la pr\u00e9sidente du conseil r\u00e9gionalTitulaire : Madame Fran\u00e7oise TENENBAUMSuppl\u00e9ance : Madame Aurore LAGNEAU\nb) Un repr\u00e9sentant du conseil d\u00e9partemental d\u00e9sign\u00e9 par l'Assembl\u00e9e des d\u00e9partements deFranceTitulaire : Monsieur Fran\u00e7ois SAUVADET, pr\u00e9sident du Conseil d\u00e9partemental de C\u00f4te d'OrSuppl\u00e9ance: Madame Emmanuelle COINT, 1% vice-pr\u00e9sidente du Conseil d\u00e9partemental de C\u00f4ted'Orc) Un repr\u00e9sentant des services d\u00e9partementaux de protection maternelle et infantile d\u00e9sign\u00e9 parle pr\u00e9sident du conseil d\u00e9partementalTitulaire : Monsieur Jean-Michel RENAUDSuppl\u00e9ance : Madame Elise EGEAd) Deux repr\u00e9sentants des communaut\u00e9s de communes, d\u00e9sign\u00e9s par l'Assembl\u00e9e descommunaut\u00e9s de FranceTitulaire : Madame Catherine GOZZI, conseill\u00e8re communaut\u00e9 de Dijon m\u00e9tropoleSuppl\u00e9ance : en cours de d\u00e9signationTitulaire : en cours de d\u00e9signationSuppl\u00e9ance : en cours de d\u00e9signatione) Deux repr\u00e9sentants des communes, d\u00e9sign\u00e9s par l'Association des maires de FranceTitulaire : en cours de d\u00e9signationSuppl\u00e9ance : Monsieur J\u00e9r\u00e9mie BRIGAND, Maire de MassignyTitulaire : Monsieur Patrick MOLINOZ, Maire de Venarey-L\u00e8s-LaumesSuppl\u00e9ance : Monsieur Antonio COBOS, Maire d'Argilly\n4\u00b0 - coll\u00e8ge des repr\u00e9sentants de l'Etat et des organismes de s\u00e9curit\u00e9 sociale (trois membres)a) Un repr\u00e9sentant de l'Etat d\u00e9sign\u00e9 par le pr\u00e9fet de C\u00f4te d'OrTitulaire : Monsieur le directeur de cabinet du pr\u00e9fet de C\u00f4te d'OrSuppl\u00e9ance : Monsieur le directeur de la coordination des politiques publiques et de l'appui territorialb) Deux repr\u00e9sentants des organismes de s\u00e9curit\u00e9 sociale d\u00e9sign\u00e9s par le directeur g\u00e9n\u00e9ral del'agence r\u00e9gionale de sant\u00e9, sur proposition conjointe des organismes locaux ou r\u00e9gionaux des\u00e9curit\u00e9 sociale du ressort du conseilTitulaire : Monsieur Lilian VACHON, directeur CPAM de C\u00f4te d'OrSuppl\u00e9ance : Madame Nadia MONTANDON, directrice adjointe CPAM de C\u00f4te d'OrTitulaire : Madame Estelle SUREAU, CARSAT Bourgogne-Franche-Comt\u00e9Suppl\u00e9ance : Monsieur Jacques GANNE, MSA Bourgogne\nARS Bourgogne-Franche-Comt\u00e9 - 21-2024-03-15-00004 - Arr\u00eat\u00e9 2024-02 modifiant la liste des membres CTS C\u00f4te-d'Or 8\n5\u00b0 - deux personnalit\u00e9s qualifi\u00e9es- Monsieur Bruno FOREST, Mutualit\u00e9 fran\u00e7aise BFC, F\u00e9d\u00e9ration des mutuelles de France,- Madame/Monsieur le repr\u00e9sentant du Service D\u00e9partemental d'Incendie et de Secours6\u00b0 - Parlementaires \u00e9lus dans le ressort du territoire concern\u00e9 :S\u00e9nateurs :- Monsieur Alain HOUPERT, S\u00e9nateur de C\u00f4te d'Or- Madame Anne-Catherine LOISIER, S\u00e9natrice de C\u00f4te d'Or- Monsieur Fran\u00e7ois PATRIAT, S\u00e9nateur de C\u00f4te d'OrD\u00e9put\u00e9s :- Monsieur Didier MARTIN, d\u00e9put\u00e9 de la 1\"\u00b0 circonscription de C\u00f4te d'Or- Monsieur Benoit BORDAT, d\u00e9put\u00e9 de la 2\u00b0TM circonscription de C\u00f4te d'Or- Madame Fadila KHATTABI, d\u00e9put\u00e9e de la 3\u00b0TM circonscription de C\u00f4te d'Or- Monsieur Hubert BRIGAND, d\u00e9put\u00e9 de la 4\u00b0TM circonscription de C\u00f4te d'Or- Monsieur Didier PARIS, d\u00e9put\u00e9 de la 5\"\"\u00b0 circonscription de C\u00f4te d'OrArticle 3 : La dur\u00e9e du mandat des membres du conseil territorial de sant\u00e9 de C\u00f4te d'Or est de cinqans, renouvelable une fois, \u00e0 compter de la date de l'arr\u00eat\u00e9 initial de composition.Article 4 : Le directeur du cabinet, du pilotage et des territoires et la directrice de la directionterritoriale de C\u00f4te d'Or de l'agence r\u00e9gionale de sant\u00e9 sont charg\u00e9s de l'ex\u00e9cution du pr\u00e9sent arr\u00eat\u00e9qui sera publi\u00e9 au recueil des actes administratifs de la pr\u00e9fecture de r\u00e9gion et au recueil des actesadministratifs de la pr\u00e9fecture de C\u00f4te d'Or.\nArticle 5 : Le pr\u00e9sent arr\u00eat\u00e9 peut \u00eatre contest\u00e9 dans un d\u00e9lai de deux mois \u00e0 compter de sa notificationpour les personnes auxquelles il a \u00e9t\u00e9 notifi\u00e9, ou de sa publication pour les autres personnes, enformulant- un recours gracieux aupr\u00e8s du directeur g\u00e9n\u00e9ral de l'agence r\u00e9gionale de sant\u00e9 de Bourgogne-Franche Comt\u00e9,- un recours contentieux devant le Tribunal Administratif comp\u00e9tentLe tribunal administratif peut \u00eatre saisi d'un recours d\u00e9pos\u00e9 via l'application T\u00e9l\u00e9recours citoyensaccessible par le site internet www.t\u00e9l\u00e9recours.fr\nFait \u00e0 Dijon, le 15/03/2024f g\u00e9n\u00e9ral de l'ARS\nJean-Jacqpes COIPLET\nARS Bourgogne-Franche-Comt\u00e9 - 21-2024-03-15-00004 - Arr\u00eat\u00e9 2024-02 modifiant la liste des membres CTS C\u00f4te-d'Or 9\nDirection d\u00e9partementale des territoires de la\nC\u00f4te-d'Or\nService \u00c9conomie Agricole et Environnement des\nExploitations\n21-2024-04-04-00009\nArr\u00eat\u00e9 pr\u00e9fectoral n\u00b0 643\nportant autorisation au titre de l\u25a1article L. 333-3\ndu Code rural et de la p\u00eache maritime de prise\nde contr\u00f4le de la soci\u00e9t\u00e9 SCEA DU CLOS DE\nTART\nDirection d\u00e9partementale des territoires de la C\u00f4te-d'Or - 21-2024-04-04-00009 - Arr\u00eat\u00e9 pr\u00e9fectoral n\u00b0 643\nportant autorisation au titre de l\u25a1article L. 333-3 du Code rural et de la p\u00eache maritime de prise de contr\u00f4le de la soci\u00e9t\u00e9 SCEA DU\nCLOS DE TART\n10\nT\u00e9l : 03 80 29 43 52\nm\u00e9l : \nDirection d\u00e9partementale des territoires de la C\u00f4te-d'Or - 21-2024-04-04-00009 - Arr\u00eat\u00e9 pr\u00e9fectoral n\u00b0 643\nportant autorisation au titre de l\u25a1article L. 333-3 du Code rural et de la p\u00eache maritime de prise de contr\u00f4le de la soci\u00e9t\u00e9 SCEA DU\nCLOS DE TART\n11\n- que ce groupe contr\u00f4l\u00e9 par le cessionnaire continue sa d\u00e9marche de conversion en agriculturebiologique de l'ensemble de ses parcelles exploit\u00e9es et a instaur\u00e9 une culture respectueuse desenjeux environnementaux ;- qu'il s'agit d'un renforcement de la prise de contr\u00f4le de la soci\u00e9t\u00e9 cible d'ores et d\u00e9j\u00e0contr\u00f4l\u00e9e \u00e0 plus de 98,27% par le cessionnaire par le moyen d'une acquisition de parts socialespermettant \u00e0 des porteurs minoritaires de valoriser leur patrimoine.ARR\u00caTE\nArticle 1\u00b0: L'autorisation n\u00b0 2024-01 au titre de l'article L. 333-3 du Code rural et de la p\u00eache maritimeest accord\u00e9e \u00e0 Monsieur Fran\u00e7ois PINAULT pour la SCEA SOCIETE du CLOS de TART.Article 2 : Le Secr\u00e9taire g\u00e9n\u00e9ral de la pr\u00e9fecture et la directrice d\u00e9partementale des territoires, chacunen ce qui les concerne, sont charg\u00e9s de l'ex\u00e9cution du pr\u00e9sent arr\u00eat\u00e9 qui sera publi\u00e9 au recueil desactes administratifs de la pr\u00e9fecture de la C\u00f4te-d'Or.\nFait \u00e0 Dijon, le 04/04/2024\nLe pr\u00e9fet,\nSIGNE\nFranck ROBINE\nDirection d\u00e9partementale des territoires de la C\u00f4te-d'Or57, rue de Mulhouse \u2014 BP 53317 \u2014 21033 DIJON CedexCourriel : ddt@cote-dor.gouv.fr2/2\nDirection d\u00e9partementale des territoires de la C\u00f4te-d'Or - 21-2024-04-04-00009 - Arr\u00eat\u00e9 pr\u00e9fectoral n\u00b0 643\nportant autorisation au titre de l\u25a1article L. 333-3 du Code rural et de la p\u00eache maritime de prise de contr\u00f4le de la soci\u00e9t\u00e9 SCEA DU\nCLOS DE TART\n12\nDRAAF Bourgogne-Franche-Comt\u00e9\nService r\u00e9gional de la for\u00eat et du bois\n21-2024-04-08-00001\nArr\u00eat\u00e9 portant approbation de l'am\u00e9nagement\nde la for\u00eat communale de Tart pour la p\u00e9riode\n2024-2043\nDRAAF Bourgogne-Franche-Comt\u00e9 - 21-2024-04-08-00001 - Arr\u00eat\u00e9 portant approbation de l'am\u00e9nagement de la for\u00eat communale de\nTart pour la p\u00e9riode 2024-2043 13\nPREFET _ Direction r\u00e9gionale de l'alimentation,E\u00cb\u00c8\u00ca\u00cb\u00cb\u00ca\u0152EN de l'agriculture et de la for\u00eatFRANCHE-COMT\u00c9 Bourgogne-Franche-Comt\u00e9Labert\u00e9Egalit\u00e9 Service r\u00e9gional de la for\u00eat et du boisFraternit\u00e9\nD\u00e9partement : C\u00d4TE-D'ORFor\u00eat communale de TARTContenance cadastrale : 228,4398 haSurface de gestion : 228,44 haR\u00e9vision du document d'am\u00e9nagement :2024-2043\nVUVUVUVU\nVUVUVU\nArr\u00eat\u00e9 d'am\u00e9nagement n\u00b0 24 - 202L4- O -0OX-ccocAportant approbation du document d'Am\u00e9nagement de la for\u00eat communalede Tart pour la p\u00e9riode 2024-2043Le Pr\u00e9fet de la r\u00e9gion BOURGOGNE-FRANCHE-COMT\u00c9,Pr\u00e9fet de ia C\u00f4te d'Orles articles L124-1,1\u00b0, L212-1, L212-2, D212-1, D212-2, R212-3, D212-5,2\u00b0, D214-15, etD214-16 du Code Forestier ;le sch\u00e9ma r\u00e9gional d'am\u00e9nagement de la r\u00e9gion Bourgogne, arr\u00eat\u00e9 en date du 05/12/2011 :l'arr\u00eat\u00e9 pr\u00e9fectoral en date du 10/01/2010 r\u00e9glant l'am\u00e9nagement de la for\u00eat communale deTART-L'ABBAYE pour la p\u00e9riode 2010 \u2014 2029 ;la d\u00e9lib\u00e9ration du conseil municipal en date du 19-12-2023, vis\u00e9 par la Pr\u00e9fecture de C\u00f4ted'Or le 21-12-2023, donnant son accord au projet d'am\u00e9nagement forestier qui lui a \u00e9t\u00e9pr\u00e9sent\u00e9le d\u00e9cret n\u00b0 2004-374 du 29 avril 2004 modifi\u00e9 relatif aux pouvoirs des pr\u00e9fets, \u00e0l'organisation et \u00e0 l'action des services de l'Etat dans les r\u00e9gions et d\u00e9partements :le d\u00e9cret du 26 septembre 2022 nommant M. Franck ROBINE, pr\u00e9fet de la r\u00e9gion Bour-gogne-Franche-Comt\u00e9 ;l'arr\u00eat\u00e9 pr\u00e9fectoral n\u00b0 22-631 BAG du 24 octobre 2022 portant d\u00e9l\u00e9gation de signature duPr\u00e9fet \u00e0 Madame Marie-Jeanne FOTRE \u2014 MULLER et la d\u00e9cision n\u00b02023:11 DRAAF-BFC du 31 octobre 2023, portant subd\u00e9l\u00e9gation \u00e0 Monsieur Pierre LAMBAR\u00c9:SUR proposition du Directeur Territorial de l'Office National des For\u00eats :SUR proposition de la Directrice R\u00e9gionale de l'Alimentation, de l'Agriculture et de la For\u00eat :\nARR\u00caTEArticle 1\" : La for\u00eat communale de TART (C\u00d4TE-D'OR), d'une contenance de 228.44 ha, estaffect\u00e9e prioritairement \u00e0 la fonction de production ligneuse et \u00e0 la fonction \u00e9cologique, tout enassurant sa fonction sociale et de protection physique, dans le cadre d'une gestion durablemultifonctionnelle.Article 2 : Cette for\u00eat comprend une partie bois\u00e9e de 228,13 ha, actuellement compos\u00e9e deCh\u00e9ne sessile (52%), Ch\u00e9ne p\u00e9doncul\u00e9 (13%) et Autres Feuillus (35%), Le reste, soit 0,31 ha. estconstitu\u00e9 d'emprise de desserte foresti\u00e8re.\nDRAAF Bourgogne-Franche-Comt\u00e9 - 21-2024-04-08-00001 - Arr\u00eat\u00e9 portant approbation de l'am\u00e9nagement de la for\u00eat communale de\nTart pour la p\u00e9riode 2024-2043 14\nLes peuplements susceptibles de production ligneuse seront trait\u00e9s en futaie r\u00e9guli\u00e8re (dontconversion en futaie r\u00e9guli\u00e8re) sur 134,78 ha, conversion en futaie irr\u00e9guli\u00e8re sur 80,32 ha,conversion en futaie par parquets sur 3,49 ha, et en attente sans traitement d\u00e9fini sur 1,36 ha.Les essences-objectif, qui d\u00e9terminent sur le long terme les grands choix de gestion de cespeuplements, seront tr\u00e8s majoritairement feuillues : prioritairement, le Ch\u00eane sessile et, dans unemoindre mesure, le Robinier-faux-acacia. L'Erable plane restera localis\u00e9 et tr\u00e8s minoritaire sur lafor\u00eat. N\u00e9anmoins, compte tenu de l'incertitude actuelle sur l'\u00e9volution des changementsclimatiques en cours, ces choix d'essences pourront \u00eatre modul\u00e9s en cours d'application del'am\u00e9nagement pour assurer l'adaptation du choix de chaque essence-objectif, ou grouped'essences-objectif, aux \u00e9volutions des connaissances en mati\u00e8re de changements climatiques etd'adaptation des essences \u00e0 ces changements.Les autres essences seront favoris\u00e9es comme essences-objectif associ\u00e9es ou comme essencesd'accompagnement, dans la limite de leur adaptation aux conditions stationnelles futures.Article 3 : Pendant une dur\u00e9e de 20 ans (2024 \u2014 2043) :- La for\u00eat sera divis\u00e9e en dix groupes de gestion :\u00ab \u2014 Un groupe de r\u00e9g\u00e9n\u00e9ration, d'une contenance de 11,32 ha en sylviculture, au seinduquel 4,73 ha seront nouvellement ouverts en r\u00e9g\u00e9n\u00e9ration, 11,32 ha seront parcouruspar une coupe d\u00e9finitive au cours de la p\u00e9riode ;= Un groupe de jeunesse, d'une contenance de 13,93 ha en sylviculture, qui fera l'objetdes travaux n\u00e9cessaires \u00e0 l'\u00e9ducation des peuplements :\" Deux groupes d'am\u00e9lioration, d'une contenance totale de 109,53 ha en sylviculture,qui seront parcourus par des coupes selon selon une rotation variant de 6 \u00e0 15 ans enfonction de la croissance des peuplements ;= Un groupe de futaie par parquets, d'une contenance de 3,49 ha en sylviculture, au seinduquel 1,57 ha seront nouvellement ouverts en r\u00e9g\u00e9n\u00e9ration, et 1,92 ha serontparcourus en coupe d'am\u00e9lioration selon une rotation de 15 ans ;= Un groupe de futaie irr\u00e9guli\u00e8re, d'une contenance de 68,28 ha en sylviculture, qui seraparcouru par des coupes visant \u00e0 se rapprocher d'une structure \u00e9quilibr\u00e9e, selon unerotation de 12 ans ;= Un groupe d'attente, d'une contenance de 1,36 ha ha en sylviculture, qui sera laiss\u00e9 encroissance libre sur la p\u00e9riode ;= Un groupe dilots de vieillissement trait\u00e9 en futaie irr\u00e9guli\u00e8re, d'une contenance de12,04 ha en sylviculture, qui fera l'objet d'une gestion sp\u00e9cifique, au profit de labiodiversit\u00e9 ;= Un groupe class\u00e9 hors sylviculture de production, \u00e0 vocation d'accueil du public de8,18 ha au sein d'un arboretum et qui fera l'objet de coupe et travaux sp\u00e9cifiques, selonles modalit\u00e9s d\u00e9finies en annexe du plan de gestion ;\u00bb Un groupe constitu\u00e9 d'emprises, d'une contenance de 0,31 ha, qui sera laiss\u00e9 en l'\u00e9tat.- Une place de d\u00e9p\u00f4t et de retournement sera cr\u00e9e afin d'am\u00e9liorer la desserte.- l'Office National des For\u00eats informera r\u00e9guli\u00e8rement le Conseil Municipal de la communede TART de l'\u00e9tat de l'\u00e9quilibre sylvo-cyn\u00e9g\u00e9tique dans la for\u00eat et ce dernier mettra en \u0153uvretoutes les mesures n\u00e9cessaires \u00e0 son maintien suivant la capacit\u00e9 d'accueil, et en s'assurant enparticulier que le niveau des demandes de plans de chasse concernant la for\u00eat est adapt\u00e9 comptetenu de l'\u00e9volution des populations de grand gibier et des d\u00e9g\u00e2ts constat\u00e9s sur les peuplements;- les mesures d\u00e9finies par les consignes nationales de gestion visant \u00e0 la pr\u00e9servation de labiodiversit\u00e9 courante (notamment la conservation d'arbres isol\u00e9s \u00e0 cavit\u00e9s, morts, ou s\u00e9nescents)ainsi qu'\u00e0 la pr\u00e9servation des sols et des eaux de surface, seront syst\u00e9matiquement mises en\u0153uvre.\nDRAAF Bourgogne-Franche-Comt\u00e9 - 21-2024-04-08-00001 - Arr\u00eat\u00e9 portant approbation de l'am\u00e9nagement de la for\u00eat communale de\nTart pour la p\u00e9riode 2024-2043 15\nArticle 4. L arr\u00e9t\u00e9 pr\u00e9fectoral en date du 10/01/2010 r\u00e9glant l'am\u00e9nagement de la for\u00e9tcommunale de TART-L'ABBAYE pour la p\u00e9riode 2010 - 2029, est abrog\u00e9.Article 5 : La Directrice R\u00e9gionale de l'Alimentation, de l'Agriculture, et de la For\u00e9t, et leDirecteur Territorial de l'Office National des For\u00e9ts sont charg\u00e9s, chacun en ce qui le concerne,de l'ex\u00e9cution du pr\u00e9sent arr\u00eat\u00e9, qui sera publi\u00e9 au recueil des actes administratifs de lapr\u00e9fecture de COTE-D'OR.Besan\u00e7on, le % ouril 2024Pour le Pr\u00e9fet de la R\u00e9gion Bourgogne-Franche-Comt\u00e9 et par d\u00e9l\u00e9gation,La Directrice R\u00e9gionale de l'Alimentation, de l'Agriculture et de la For\u00eatet par subd\u00e9l\u00e9gation,L'adjoint au Chef du Service R\u00e9gional de la For\u00eat et du BoisC00==/ Pierre T AMBARE\u00c9\nDRAAF Bourgogne-Franche-Comt\u00e9 - 21-2024-04-08-00001 - Arr\u00eat\u00e9 portant approbation de l'am\u00e9nagement de la for\u00eat communale de\nTart pour la p\u00e9riode 2024-2043 16\nDRAAF Bourgogne-Franche-Comt\u00e9 - 21-2024-04-08-00001 - Arr\u00eat\u00e9 portant approbation de l'am\u00e9nagement de la for\u00eat communale de\nTart pour la p\u00e9riode 2024-2043 17\nPr\u00e9fecture de la C\u00f4te-d'Or\nDirection des s\u00e9curit\u00e9s\n21-2024-04-08-00002\nArr\u00eat\u00e9 pr\u00e9fectoral dressant la liste des syst\u00e8mes\nde vid\u00e9oprotection autoris\u00e9s \u00e0 la suite de la\ncommission d\u00e9partementale de vid\u00e9oprotection\ndu 26 mars 2024\nPr\u00e9fecture de la C\u00f4te-d'Or - 21-2024-04-08-00002 - Arr\u00eat\u00e9 pr\u00e9fectoral dressant la liste des syst\u00e8mes de vid\u00e9oprotection autoris\u00e9s \u00e0 la\nsuite de la commission d\u00e9partementale de vid\u00e9oprotection\ndu 26 mars 2024\n18\nPREFETDE LA Direction des s\u00e9curit\u00e9sCOTE-D'OR Bureau d\u00e9fense et s\u00e9curit\u00e9Libert\u00e9\u00c9galit\u00e9Fraternit\u00e9Arr\u00eat\u00e9 pr\u00e9fectoral dressant la liste des syst\u00e8mes de vid\u00e9oprotection autoris\u00e9s \u00e0 la suitede la commission d\u00e9partementale de vid\u00e9oprotectiondu 26 mars 2024Le pr\u00e9fet de la C\u00f4te-d'OrA Dijon,le 8 avril 2024\nVU le code de la s\u00e9curit\u00e9 int\u00e9rieure, notamment ses articles L. 251-1 \u00e0 L. 255-1 ;VU le d\u00e9cret n\u00b02004-374 du 29 avril 2004 modifi\u00e9 relatif aux pouvoirs des pr\u00e9fets, \u00e0 l'organisationet \u00e0 l'action des services de l'Etat dans les r\u00e9gions et d\u00e9partements ;VU l'arr\u00eat\u00e9 minist\u00e9riel du 3 ao\u00fbt 2007 modifi\u00e9 portant d\u00e9finition des normes techniques dessyst\u00e8mes de vid\u00e9oprotection et ses annexes techniques ;VU l'arr\u00eat\u00e9 pr\u00e9fectoral n\u00b0317/SG du 15 f\u00e9vrier 2023 portant d\u00e9l\u00e9gation de signature \u00e0Madame Nathalie AUBERTIN, directrice des s\u00e9curit\u00e9s de la pr\u00e9fecture de la C\u00f4te-d'Or ;VU l'avis \u00e9mis par la commission d\u00e9partementale de vid\u00e9oprotection en sa s\u00e9ance du26 mars 2024;CONSID\u00c9RANT qu'il convient de pr\u00e9venir tout acte de d\u00e9linquance ;SUR proposition du directeur de cabinet du pr\u00e9fet de la r\u00e9gion Bourgogne-Franche-Comt\u00e9,pr\u00e9fet de la C\u00f4te-d'OrARR\u00caTEArticle 1 : En application des textes vis\u00e9s par le pr\u00e9sent arr\u00e9t\u00e9, les \u00e9tablissements dont la liste estannex\u00e9e, ont \u00e9t\u00e9 autoris\u00e9s par arr\u00eat\u00e9 pr\u00e9fectoral \u00e0 utiliser un syst\u00e8me de vid\u00e9oprotection.Article 2 : Le sous-pr\u00e9fet, directeur de cabinet du pr\u00e9fet de la r\u00e9gion Bourgogne-Franche-Comt\u00e9,pr\u00e9fet de la C\u00f4te-d'Or, est charg\u00e9 de l'ex\u00e9cution du pr\u00e9sent arr\u00eat\u00e9 qui sera publi\u00e9 au recueil desactes administratifs de la pr\u00e9fecture.Le pr\u00e9fet,Pour le pr\u00e9fet et par d\u00e9l\u00e9gation,La directrice des s\u00e9curit\u00e9s,sign\u00e9Nathalie AUBERTIN53 rue de la Pr\u00e9fecture 21041 DIJON cedex- 03 80 44 64 00https://www.cote-dor.gouv.fr\nPr\u00e9fecture de la C\u00f4te-d'Or - 21-2024-04-08-00002 - Arr\u00eat\u00e9 pr\u00e9fectoral dressant la liste des syst\u00e8mes de vid\u00e9oprotection autoris\u00e9s \u00e0 la\nsuite de la commission d\u00e9partementale de vid\u00e9oprotection\ndu 26 mars 2024\n19\nUSAGE AUTORISE DE LA VIDEOPROTECTIONPOUR.LES ETABLISSEMENTS SUIVANTSAYANT RECU UN AVIS FAVORABLEDE LA COMMISSION DEPARTEMENTALE DU 26 MARS 2024\n|ADRESSE ' RESPONSABLE N\u00b0| T| i| ETABLISSEMENT || | } AUTORISATION42 route de DijonN MAIRIE DE THOREY-EN-PLAINE 21110 THOREY-EN- M. le maire 2024/0048| | PLAINE | |Place de l'H\u00f4tel de Ville ;N | MAIRIE DE MEURSAULT 21190 MEURSAULT M. le maire | 2024/01171 rue des Bruy\u00e8resN GYMNASE HENRI IV 21610 FONTAINE- M. le pr\u00e9sident 2024/0056_ ... FRAN\u00c7AISE |Nn CAISSE R\u00c9GIONALE MUTUALIT\u00c9 14 rue F\u00e9lix Trutat M. le directeur 2023/0770SOCIALE AGRICOLE _ 21000 DIJON _\" adjoint; 24 boulevard ' ;. CONSERVATOIRE A , M. XavierN P ' Cl\u00e9menceau 2023/0615RAYONNEMENT REGIONAL | 21000 DIJON | BONET_ 12 rue Rameau M. AlbertN NOVACAMBIOS FRANCE 21000 DIJON | NAKACHE 2024/004618 avenue Fran\u00e7oise M.leN CAISSE D'\u00c9PARGNE Giroud responsable 2024/0109| 21000 DIJON | s\u00e9curit\u00e9BOULANGERIE SOPHIE 2 rue du Moulin Noize M. OlivierN | - LEBREUILLY _ _ 21200 BEAUNE | LEBREUILLY _ \u00a3028/075152 rue des Godrans M. le directeurN | BISCUITERIE MISTRAL 21000 DIJON | s\u00e9n\u00e9rai 2023/0772Champ de la Perdrix :N | WELDOM 21140 SEMUR-EN-AUXOIS | M. Franck BIDET | 2024/008731 rue de Marsannay Mme EliseN | STREET FOOD DIFFA PIZZA 21300 CHEN\u00d4VE | BILLOTTE 2023/067812 boulevard M. MauriceN LE RAMEAU Cl\u00e9menceau PL\u00c0N\u00c7HARD 2023/0700| * 21000 DIJON | ,; 25 rue Edm\u00e9 Millot Mme Perp\u00e9tueN | LE RENOUVEAU | 21350 VITTEAUX | GODONOU 2023/07092a rue Jean-Baptiste Say M. XavierN M'BEER 21800 CHEVIGNY-SAINT- L\u00cbITNER 2024/0020SAUVEUR | _Place Saint Fiacre Mme ValentineN VALENTINE ET HUGO 21000 DIJON BRANGER- 2024/0102NUDANTCentre commercial LaFleuri\u00e9e Mme MagalieN ARTISTIKA 21850 SAINT- CLERC 2023/0797APOLLINAIRE9 avenue Charles de M. JohannesN ZEEMAN TEXTILES Gaulle ; 2023/079221200 BEAUNE MORSSINK53 rue de la Pr\u00e9fecture 21041 DIJON cedex03 80 44 64 00https://www.cote-dor.gouv.fr\nPr\u00e9fecture de la C\u00f4te-d'Or - 21-2024-04-08-00002 - Arr\u00eat\u00e9 pr\u00e9fectoral dressant la liste des syst\u00e8mes de vid\u00e9oprotection autoris\u00e9s \u00e0 la\nsuite de la commission d\u00e9partementale de vid\u00e9oprotection\ndu 26 mars 2024\n20\nC. cial de la Toison d'OrM. MarcN BALABOOSTE 21000 DIJON AIMONINO 2024/0045AS1 M. J\u00e9r\u00f4meN S2EF \u2014 AIRE DE GEVREY OUEST 21220 GEVREY- WAGNER 2023/0763CHAMBERTIN _Rue de Cracovie .N ELECTRA 21850 SAINT- M. AIJI';'S)'(' DE - 2023/0780| APOLLINAIRE | |1 bis route de Challanges .N SOS MOTOCULTURE 21 21200 LEVERNOIS | M. Pierre METRO | 2023/0701: 15 rue Marcel Sembat M. QuentinN PRIVILEGE AUTOMOBILES 21000 DIJON BASSORA 2023/073317 rue Marcel Sembat M. QuentinN DB LOISIRS 21000 DIJON BASSORA 2023/073465 route de Dijon M. FabriceN NORAUITC 21500 MONTBARD MARTIN 2023/0735| 42 impasse du Pr\u00e9 desN FICHET Taupes C\u00cbMB\u00ca\u00cbtMr\u00ca)anEL 2023/079321190 MEURSAULT | |B , 12 rue de l'\u00c9chelotte 'N EQUIP'AUTO 21 21170 SAINT-USAGE Mme Oya GUL | 2024/0032Rue des Grandes M. C\u00e9dricN APPART CITY Varennes BER.NALDIEZ 2023/070621121 AHUYA . 16 rue Jean Moulin ,N HOTEL ARMONY 21300 CHENOVE M. le g\u00e9rant | 2024/0021A 26 rue Jacques Cellerier _N HOTEL MONTCHAPET 21000 DIJON M. Pascal LOPEZ | 2024/0030; 1 rue de Bligny M. simonN H\u00d4TEL AD\u00c9LIE 21200 MONTAGNY-LES- ; 2024/0047: LUCOTTEBEAUNE'36 rue d\u00e9 BourgogneN COALLIA SPADA 21121 FONTAINE-LES- M. Elie METRY 2024/0071DIJON1 rue Georges Faiveley M. G\u00e9raldN SAS ANDR\u00c9 ET ASSOCI\u00c9S 21700 NUITS-SAINT- CANTOS 2023/0702GEORGES .99 avenue du Drapeau .N EUREKA 21000 DIJON M. Akim KRINI 2024/0101Route de Beaune M. Quentin ;N MONDIAL RELAY 21160 MARSANNAY-LA- ; 2023/0730A BENAULT .COTE1 rue du Bas du Cloux M. QuentinN MONDIAL RELAY 21340 NOLAY BENAULT 2023/076558 rue des Ch\u00e9zeaux M. QuentinN MONDIAE REEAY 21560 ARC-SUR-TILLE BENAULT 2024/0063Zone d'activit\u00e9s La M. QuentinN MONDIAL RELAY Tuilerie B.ENAU LT 2024/011521210 SAULIEU 'Route de Dijon M. Quentin 'N MONDIAL RELAY 21500 MONTBARD BENAULT 2024/01221 rue Basse M. QuentinN MONDIAL RELAY 21130 AUXONNE BENAULT 2024/012311 all\u00e9e de Thann M. Quentin :N MONDIAL RELAY 21000 DIJON BENAULT 2024/0124\n53 rue de la Pr\u00e9fecture 21041 DIJON cedex03 80 44 64 00https://www.cote-dor.gouv.fr\nPr\u00e9fecture de la C\u00f4te-d'Or - 21-2024-04-08-00002 - Arr\u00eat\u00e9 pr\u00e9fectoral dressant la liste des syst\u00e8mes de vid\u00e9oprotection autoris\u00e9s \u00e0 la\nsuite de la commission d\u00e9partementale de vid\u00e9oprotection\ndu 26 mars 2024\n21\n5 rue du R\u00e9giment deKRYS Bourgogne MMAST';Y\"I:[J 2024/002321200 BEAUNE24 rue Monge M. ValentinSNCHMONGE 21000 DIJON DUFRAIGNE 2023/0732RD 976- ZI Techniport M. PascalBFC MULTIMODAL 21250 PAGNY-LE- GA\u00dcTHERON 2024/0108CHATEAU43 rue du Bourg M. BryanSHOP FOR GEEK 21000 DIJON JACQUET- 2024/0024APRR D\u00e9p. 01 - A6 et A46 M. ledirecteur 2023/0767r\u00e9gional -~APRR D\u00e9p. 01 - A42 M.le directeur 2023/0768r\u00e9gional26 boulevard Mme laLA I;?l:[fC\u2014EBTR:Sfi?:Igfi?ND Cl\u00e9menceau directrice de la 2013/0471' 21000 DIJON s\u00e9curit\u00e9_ 12 boulevard M. MathieuPHARMACIE CL\u00c9MENCEAU Cl\u00e9menceau GRENOT 2012/026221000 DIJONPHARMACIE BARRI\u00c8RE ET 20 rue Anatole France Mme Flavie 2023/0185_ ASSOCI\u00c9S 21120 IS-SUR-TILLE MARTIN12 route de Dijon M. LaurentAUTOUR DU FEU 21450 SAINT-MARC-SUR- ; 2023/0382BIDAULTSEINE\u00c9 1 place Madeleine M. \u00c9ricLE BELENA 21200 BEAUNE | VORANGET 2019/02258 rue Auguste Comte M. ChristopheTHE DUKE 21000 DIJON \"HERY 2018/0095562 rue de la Pi\u00e8ceCornue M. Jean-GillesMS CAR 21 21160 MARSANNAY-LA- MARCAUD - 2017/0148COTE25 avenue Charles deNOVOTEL Gaulle M. R\u00e9gis CHEZE 2016/0323. 21200 BEAUNEA ; 8 rue Montigny M. K\u00e9vinH\u00d4TEL DES HALLES 21000 DIJON MASOVIC _ 2018/0520APRR Gafes de p\u00e9ages \u2014 M. le'd_lrecteur 2019/0246d\u00e9partement 71 r\u00e9gional; 9 route de Challanges .MAIRIE DE COMBERTAULT 21200 COMBERTAULT M. le maire 2019/02442 rue des NormaliensCOLLEGE LE PARC Fusill\u00e9s et leur Camarade @ M. le principal 2017/019021000 DIJON -- 19 rue Henri Farman .COLLEGE CLOS DE POUILLY 21000 DIJON M. le principal 2017/0202PARC DES EXPOSITIONS ET 3 bd de Champagne M. Hubert 2013/0660CONGRES DE DIJON 21000 DIJON CUNAT1 rue Jean Renaud M. leCCF 21000 DIJON responsable 2011/0042s\u00e9curit\u00e9. 41 av. de la R\u00e9publique ; M.leR CAISSE D'\u00c9PARGNE 21800 CHEVIGNY-SAINT- responsable 2009/0006SAUVEUR s\u00e9curit\u00e9\n53 rue de la Pr\u00e9fecture 21041 DIJON cedex03 80 44 64 00https://www.cote-dor.gouv.fr\nPr\u00e9fecture de la C\u00f4te-d'Or - 21-2024-04-08-00002 - Arr\u00eat\u00e9 pr\u00e9fectoral dressant la liste des syst\u00e8mes de vid\u00e9oprotection autoris\u00e9s \u00e0 la\nsuite de la commission d\u00e9partementale de vid\u00e9oprotection\ndu 26 mars 2024\n22\nR CAISSE D'\u00c9PARGNER CAISSE D'\u00c9PARGNE\nR CAISSE D'\u00c9PARGNE\nR CAISSE D'\u00c9PARGNER CAISSE D'\u00c9PARGNER CR\u00c9DIT MUTUELR CR\u00c9DIT MUTUELR CR\u00c9DIT MUTUELR CR\u00c9DIT MUTUELR CR\u00c9DIT MUTUELR CR\u00c9DIT MUTUELR SOCI\u00c9T\u00c9 G\u00c9N\u00c9RALE\nR BNP PARIBAS\nR CICR CICR CICR CIC\nR BANQUE POPULAIRE\nR . LA POSTE\n53 rue de la Pr\u00e9fecture 21041 DIJON cedex03 80 44 64 00https://www.cote-dor.gouv.fr\n17 rue Dominique\" Ancemot21120 IS-SUR-TILLE| 3 boulevard des Martyrs |de la R\u00e9sistance21000 DIJON7 all\u00e9e du Bastion desCharmilles \u201421170 SAINT-JEAN-DE-LOSNE18-20 rue Richebourg21220 GEVREY-CHAMBERTIN26 place Madeleine21200 BEAUNE5 place Marmont21400 CHATILLON-SUR-SEINE1 route de Beaune21220 GEVREY-CHAMBERTIN3 rue de la Libert\u00e9| 21140 SEMUR-EN-AUXOIS3 boulevard de Troyes21240 TALANTPlace Henri IV21610 FONTAINE-FRAN\u00c7AISE| 18 place du Petit Forum |21160 MARSANNAY-LA-C\u00d4TE-1 rue de la Poste21000 DIJON73 avenue Roland Carraz21300 CHEN\u00d4VE| 12 place dela R\u00e9publique |21700 NUITS-SAINT-GEORGES' 15 avenue Roland Carraz |21300 CHEN\u00d4VE20 place Carnot21200 BEAUNE17 rue du Mal de Tassigny |21400 CHATILLON-SUR-SEINE11 rue de la Libert\u00e921170 SAINT-JEAN-DE-' LOSNE- 5 place des Halles21170 ST-JEAN-DE-LOSNE\nM.leresponsables\u00e9curit\u00e9M.le ~responsables\u00e9curit\u00e9M. leresponsables\u00e9curit\u00e9M. leresponsables\u00e9curit\u00e9M.leresponsables\u00e9curit\u00e9M. le charg\u00e9 des\u00e9curit\u00e9M. le charg\u00e9 des\u00e9curit\u00e9M. le charg\u00e9 de |s\u00e9curit\u00e9M. le charg\u00e9 de |s\u00e9curit\u00e9M. le charg\u00e9 des\u00e9curit\u00e9M. le charg\u00e9 des\u00e9curit\u00e9M. leresponsable dela logistiqueM. leresponsable duservice des\u00e9curit\u00e9M: le charg\u00e9 des\u00e9curit\u00e9M. le charg\u00e9 de |s\u00e9curit\u00e9| M.le charg\u00e9 de |s\u00e9curit\u00e9M. le charg\u00e9 des\u00e9curit\u00e9M. le charg\u00e9 des |personnes etdes biensMme ladirectrice de las\u00e9curit\u00e9\n2009/0009\n2009/0166\n2011/0083\n2011/0108\n2011/0070\n2011/0228\n2011/02392011/02452014/03772014/0381\n2014/0382\n2012/0143\n2013/0493\n2012/02402013/06262014/00072014/0008\n2014/0030\n2013/0475\nPr\u00e9fecture de la C\u00f4te-d'Or - 21-2024-04-08-00002 - Arr\u00eat\u00e9 pr\u00e9fectoral dressant la liste des syst\u00e8mes de vid\u00e9oprotection autoris\u00e9s \u00e0 la\nsuite de la commission d\u00e9partementale de vid\u00e9oprotection\ndu 26 mars 2024\n23\n20 rue Edm\u00e9 MillotMme laLA POSTE 21350 VITTEAUX direc'tric\u00e7 \u00cale la 2019/0126s\u00e9curit\u00e91 avenue du Jura M. GillesL'IMAGINARIUM 21700 NUITS-SAINT- S\u00c9GUIN 2013/0407GEORGES12 rue des Perri\u00e8res M. Florentth 21000 DIJON CAROLINE 2018/04335 rue de Lavaux M. ArnaudDOMAINE MORTET 21220 GEVREY- I';IORTET 2018/0591CHAMBERTIN |; '4 rue Vannerie M. Jean-Philippe | -| BARBEROUSSE | 21000 DIJON MARQUE 2019/0236; 14 rue des Ruchottes Mme Marie| BOULANGERIE MARIE BLACHERE | 21121 AHUY BLACH\u00c8RE 2018/0126Rue Marcel Sembat M. Beno\u00eetLIDL 21000 DIJON PHILIPPE \u00a3009/0217Rue de Labergement M. BenoitLIDL | 21130-AUXONNE PHILIPPE 2012/0306ZAC Les Vignes Blanches ;CORA 21160 PERRIGNY-LES- | M-Christophe - 2015/0275LEGGERIDIJON, 10 rue de Cracovie M. OlivierMAC DONALD'S 21000 DIJON BURNIAUX 2012/0264, 2 rue du Cap Vert M. OlivierFIAC PORaTES 21800 QUETIGNY BURNIAUX 2012/0266, 25 boulevard Gabriel M. OlivierMAC DONALD'S 21000 DIJON BURNIAUX 2012/0268Avenue des Allobroges M. OlivierMAC DONALD'S 21121 FONTAINE-LES- ; 2012/0270BURNIAUXDIJONImpasse aux Champs \u00e0 -MAC DONALD'S d'Asni\u00e8res B\u00dcR?\\IIIIXS;( 2012/027321000 DIJON 'Rue Jean-Baptiste Say M. OlivierMAC DONALD'S 21800 CHEVIGNY-SAINT- BU_RNIAUX 2014/0444SAUVEUR11 rue Guillaume Tell Mme SylviaSNC LE LOTUS 21000 DIJON | ROCHA | 2013/0085[ ; 104 route de Langres Mme CharlotteCLINVET 3 RIVI\u00c8RES | 2M2OTIL-CHATEL BARBEAU 2019/0619; Route de Saint-Philibert M. C\u00e9dricDECORS ET PAYSAGES. 21220 GEVREY- \u00c0MICEI 2018/0051_ CHAMBERTIN |15 avenue Georges Besse M. Antoine ;GARAGE TODESCO | 21320 CR\u00c9ANCEY | TODESCO 2013/042155 boulevard des Martyrs M. S\u00e9bastienAVIA de la R\u00e9sistance 'LONGET 2013/045921000 DIJON *TRANSPORTS LOCATION S  M. RolandBREYTON Varennes BREYRON 2014/021821121 AHUY11 bis rue Paul Langevin Mme SusanneR BASIC FIT HH 21300 CHEN\u00d4\\_/E DE SCHEPPER 2018/0258\n53 rue de la Pr\u00e9fecture 21041 DIJON cedex03 80 44 64 00https://www.cote-dor.gouv.fr\nPr\u00e9fecture de la C\u00f4te-d'Or - 21-2024-04-08-00002 - Arr\u00eat\u00e9 pr\u00e9fectoral dressant la liste des syst\u00e8mes de vid\u00e9oprotection autoris\u00e9s \u00e0 la\nsuite de la commission d\u00e9partementale de vid\u00e9oprotection\ndu 26 mars 2024\n24\n53 rue de la Pr\u00e9fecture 21041 DIJON cedex03 80 44 64 00\nAPRRAPRRAPRRAPRRAPRRAPRRAPRRAPRRAPRRAPRRAPRRAPRRAPRRAPRRAPRR\nhttps://www.cote-dor.gouv.fr\nD\u00e9p. 89 - A89 et A6D\u00e9p. 01 et 69 - A46 et A6Gares de p\u00e9ages \u2014d\u00e9partement77Gares de p\u00e9ages \u2014d\u00e9partement 45Gares de p\u00e9ages \u2014d\u00e9partement 89.Gares de p\u00e9ages -d\u00e9partement 58Gares de p\u00e9ages -d\u00e9partement 52Gares de p\u00e9ages \u2014d\u00e9partement 25Gares de p\u00e9ages \u2014-d\u00e9partement 39Gares de p\u00e9ages \u2014d\u00e9partement 54Gares de p\u00e9ages -d\u00e9partement 10Gares de p\u00e9ages \u2014d\u00e9partement 88Gares de p\u00e9ages \u2014d\u00e9partement 18Gares de p\u00e9ages \u2014d\u00e9partement 03Gares de p\u00e9ages \u2014d\u00e9partement 63\n< = X X X X X X X X =R z = z 2. le directeurr\u00e9gional.le directeur. r\u00e9gional |.le directeurr\u00e9gional.le directeurr\u00e9gional.le directeur |r\u00e9gional. le directeurr\u00e9gional -.le directeurr\u00e9gional. le directeurr\u00e9gional. le directeurr\u00e9gional. le directeurr\u00e9gional. le directeurr\u00e9gional.le directeurr\u00e9gional.le directeurr\u00e9gional. le directeurr\u00e9gional. le directeurr\u00e9gional\n2016/01082019/00932019/03452019/03472019/03482019/03492019/03502019/03602019/0361201 9/03622019/03632019/03942019/03952019/03962019/0397\nPr\u00e9fecture de la C\u00f4te-d'Or - 21-2024-04-08-00002 - Arr\u00eat\u00e9 pr\u00e9fectoral dressant la liste des syst\u00e8mes de vid\u00e9oprotection autoris\u00e9s \u00e0 la\nsuite de la commission d\u00e9partementale de vid\u00e9oprotection\ndu 26 mars 2024\n25\nPr\u00e9fecture de la C\u00f4te-d'Or\nDirection des s\u00e9curit\u00e9s\n21-2024-04-09-00001\nArr\u00eat\u00e9 pr\u00e9fectoral portant agr\u00e9ment de Mme\nManon DUPREY pour effectuer le contr\u00f4le\nm\u00e9dical de l'aptitude \u00e0 la conduite en cabinet\nlib\u00e9ral\nPr\u00e9fecture de la C\u00f4te-d'Or - 21-2024-04-09-00001 - Arr\u00eat\u00e9 pr\u00e9fectoral portant agr\u00e9ment de Mme Manon DUPREY pour effectuer le\ncontr\u00f4le m\u00e9dical de l'aptitude \u00e0 la conduite en cabinet lib\u00e9ral 26\nExPREFETDE LACOTE-D'ORLibert\u00e9Egalit\u00e9Fraternit\u00e9\nDIRECTION DES S\u00c9CURIT\u00c9S\nBureau D\u00e9fense et S\u00e9curit\u00e9\nARR\u00caT\u00c9 PR\u00c9FECTORAL N\u00b0651\nportant agr\u00e9ment d'un m\u00e9decin pour effectuer le contr\u00f4le m\u00e9dical\nde l'aptitude \u00e0 la conduite en cabinet lib\u00e9ral\nVU le code de la route ;\nVU l'arr\u00eat\u00e9 du 21 d\u00e9cembre 2005 modifi\u00e9 par l'arr\u00eat\u00e9 interminist\u00e9riel du 31 ao\u00fbt 2010 fixant la\nliste des affections incompatibles avec l'obtention ou le maintien du permis de conduire ou\npouvant donner lieu \u00e0 la d\u00e9livrance de permis de conduire de dur\u00e9e de validit\u00e9 limit\u00e9e ;\nVU l'arr\u00eat\u00e9  minist\u00e9riel  du  20  avril  2012  modifi\u00e9  fixant  les  conditions  d'\u00e9tablissement,  de\nd\u00e9livrance et de validit\u00e9 des permis de conduire ;\nVU le  d\u00e9cret  n\u00b02012-886  du  17  juillet  2012  relatif  au  contr\u00f4le  m\u00e9dical  de  l'aptitude  \u00e0  la\nconduite ;\nVU l'arr\u00eat\u00e9 minist\u00e9riel du 31 juillet 2012 modifi\u00e9 par l es arr\u00eat\u00e9s du 30 mai 2013 et du 28 mars\n2022 relatifs \u00e0 l'organisation du contr\u00f4le m\u00e9dical de l'aptitude \u00e0 la conduite ;\nVU la circulaire du 03 ao\u00fbt 2012 relative \u00e0 l'organisation du contr\u00f4le m\u00e9dical de l'aptitude \u00e0 la\nconduite des conducteurs et des candidats aux permis de conduire ;\nVU le d\u00e9cret n\u00b0 2004-374 du 29 avril 2004 relatif aux pouvoirs des pr\u00e9fets, \u00e0 l'organisation et \u00e0\nl'action des services de l'Etat dans les r\u00e9gions et d\u00e9partements ;\nVU l'arr\u00eat\u00e9  pr\u00e9fectoral  n\u00b01208/SG  du 17  octobre  2022  donnant  d\u00e9l\u00e9gation  de  signature \u00e0\nMme Nathalie AUBERTIN, directrice des s\u00e9curit\u00e9s ;\nVU l'attestation  de  suivi de  formation  initiale  en  date  du 15  mars 2024  pr\u00e9sent\u00e9e  par  le\ndocteur Manon DUPREY ;\nSUR proposition  du  sous-pr\u00e9fet,  directeur  de  cabinet  du  pr\u00e9fet  de  la  r\u00e9gion  Bourgogne-\nFranche-Comt\u00e9, pr\u00e9fet de la C\u00f4te-d'Or ;\nPr\u00e9fecture de la C\u00f4te-d'Or - 53 rue de la pr\u00e9fecture \u2013 21041 DIJON Cedex\nTel 03 80 44 64 00 \u2013 mel : pref-polices-administratives@cote-dor.gouv.fr\nPr\u00e9fecture de la C\u00f4te-d'Or - 21-2024-04-09-00001 - Arr\u00eat\u00e9 pr\u00e9fectoral portant agr\u00e9ment de Mme Manon DUPREY pour effectuer le\ncontr\u00f4le m\u00e9dical de l'aptitude \u00e0 la conduite en cabinet lib\u00e9ral 27\nARR\u00caTE\nArticle 1er :  Mme Manon DUPREY exer\u00e7ant  \u00e0 la Maison de sant\u00e9 des 3 provinces - 11 rue du\nTramway \u00e0 CHAMPLITTE (70600), est agr\u00e9\u00e9 pour 5 ans \u00e0 compter de la date de signature du\npr\u00e9sent  arr\u00eat\u00e9, pour  effectuer  le  contr\u00f4le  m\u00e9dical,  en  cabinet  lib\u00e9ral,  de  l'aptitude  \u00e0  la\nconduite des candidats au permis de conduire et des conducteurs de v\u00e9hicules automobiles.\nArticle 2 : L'agr\u00e9ment est abrog\u00e9 par d\u00e9cision du pr\u00e9fet dans les cas suivants : \n- en cas de sanction ordinale\n- d\u00e8s l'\u00e2ge de 75 ans\n- en cas de non respect de l'obligation de formation continue\n- pour tout autre motif\nDans ce dernier cas, le m\u00e9decin est tenu de pr\u00e9senter ses observations dans un d\u00e9lai de\nquinze  jours  suivant  r\u00e9ception  du  courrier  exposant  les  griefs  susceptibles  de  conduire  \u00e0\nl'abrogation de l'agr\u00e9ment.\nArticle    3     : Deux mois avant la fin du pr\u00e9sent agr\u00e9ment, le m\u00e9decin peut en demander le\nrenouvellement au pr\u00e9fet.\nArticle 4  :  Le sous-pr\u00e9fet, directeur de  cabinet du pr\u00e9fet de la  r\u00e9gion Bourgogne-Franche-\nComt\u00e9, pr\u00e9fet de la C\u00f4te-d'Or est charg\u00e9 de l'ex\u00e9cution du pr\u00e9sent arr\u00eat\u00e9 qui sera publi\u00e9 au\nrecueil  des  actes  administratifs  de  la  pr\u00e9fecture  de  la  C\u00f4te-d'Or  et  dont  une  copie  sera\nadress\u00e9e \u00e0 l'int\u00e9ress\u00e9 et au conseil d\u00e9partemental de l'ordre des m\u00e9decins.\nFait \u00e0 Dijon, le 9 avril 2024\n          Le pr\u00e9fet,\nPour le pr\u00e9fet et par d\u00e9l\u00e9gation,\n                 La directrice des s\u00e9curit\u00e9s\n      Original sign\u00e9\nNathalie AUBERTIN\n \nD\u00e9lais et voies de recours\nSi vous entendez contester le pr\u00e9sent arr\u00eat\u00e9, vous pouvez utiliser dans les deux mois \u00e0 compter de la r\u00e9ception de la pr\u00e9sente d\u00e9cision, les\nvoies de recours suivantes :\n\u2022 un recours gracieux adress\u00e9 au service de la Pr\u00e9fecture qui traite le dossier ;\n\u2022 un recours hi\u00e9rarchique adress\u00e9 \u00e0 Monsieur le Ministre de l'int\u00e9rieur, de l'Outre-Mer, des Collectivit\u00e9s Territoriales et de\nl'Immigration (Direction des Libert\u00e9s Publiques et des affaires juridiques, Cabinet, Bureau des polices administratives - Place\nBeauvau \u2013 75008 PARIS).\nEn l'absence de r\u00e9ponse de l'administration dans un d\u00e9lai de deux mois \u00e0 compter de la date de r\u00e9ception de votre recours, celui-ci doit\n\u00eatre consid\u00e9r\u00e9 comme implicitement rejet\u00e9.\n\u2022   un recours contentieux adress\u00e9 au Tribunal Administratif de DIJON \u2013 22 rue d'Assas B.P . 61616 \u2013 21016 Dijon cedex. \n\u2022 le tribunal administratif peut \u00eatre saisi par un recours d\u00e9pos\u00e9 via l'application T\u00e9l\u00e9recours citoyens accessible par le site internet\nwww.t\u00e9l\u00e9recours.fr.\nCe recours juridictionnel doit \u00eatre d\u00e9pos\u00e9 au plus tard avant l'expiration d'une dur\u00e9e de deux mois suivant la date de notification de la d\u00e9cision\ncontest\u00e9e ou la date du rejet de votre recours gracieux ou hi\u00e9rarchique.\nPr\u00e9fecture de la C\u00f4te-d'Or - 53 rue de la pr\u00e9fecture \u2013 21041 DIJON Cedex\nTel 03 80 44 64 00 \u2013 mel : pref-polices-administratives@cote-dor.gouv.fr\nPr\u00e9fecture de la C\u00f4te-d'Or - 21-2024-04-09-00001 - Arr\u00eat\u00e9 pr\u00e9fectoral portant agr\u00e9ment de Mme Manon DUPREY pour effectuer le\ncontr\u00f4le m\u00e9dical de l'aptitude \u00e0 la conduite en cabinet lib\u00e9ral 28\nPr\u00e9fecture de la C\u00f4te-d'Or\nP\u00f4le juridique inter-services\n21-2024-04-08-00003\nArr\u00eat\u00e9 pr\u00e9fectoral n\u00b0  644 / SG du 8 avril 2024 \ndonnant d\u00e9l\u00e9gation de signature \u00e0 Monsieur\nS\u00e9bastien GAUTHEY, attach\u00e9 hors classe,\n directeur de l\u25a1immigration et de la nationalit\u00e9\n(DIN)\nPr\u00e9fecture de la C\u00f4te-d'Or - 21-2024-04-08-00003 - Arr\u00eat\u00e9 pr\u00e9fectoral n\u00b0  644 / SG du 8 avril 2024 \ndonnant d\u00e9l\u00e9gation de signature \u00e0 Monsieur S\u00e9bastien GAUTHEY, attach\u00e9 hors classe,\n directeur de l\u25a1immigration et de la nationalit\u00e9 (DIN)\n29\nSECR\u00c9TARIAT G\u00c9N\u00c9RAL\nDirection de la coordination des politiques publiques\net de l'appui territorial\nArr\u00eat\u00e9 pr\u00e9fectoral n\u00b0  644 / SG du 8 avril 2024 \ndonnant d\u00e9l\u00e9gation de signature \u00e0 Monsieur S\u00e9bastien GAUTHEY, attach\u00e9 hors classe,\n directeur de l'immigration et de la nationalit\u00e9 (DIN)\nLe pr\u00e9fet de la C\u00f4te-d'Or\nVu la loi n\u00b0 82-213 du 2 mars 1982 modifi\u00e9e relative aux droits et libert\u00e9s des communes, des\nd\u00e9partements et des r\u00e9gions ;\nVu le d\u00e9cret n\u00b0 2004-374 du 29 avril 2004 relatif aux pouvoirs des pr\u00e9fets, \u00e0 l'organisation et \u00e0\nl'action des services de l'\u00c9tat dans les r\u00e9gions et d\u00e9partements, modifi\u00e9 par le d\u00e9cret n\u00b0 2010-146 du\n16 f\u00e9vrier 2010 et par le d\u00e9cret n\u00b0 2010-687 du 24 juin 2010 ;\nVu le d\u00e9cret n\u00b0 2008-158 du 22 f\u00e9vrier 2008 relatif \u00e0 la suppl\u00e9ance des pr\u00e9fets de r\u00e9gion et \u00e0 la\nd\u00e9l\u00e9gation de signature des pr\u00e9fets et hauts-commissaires de la R\u00e9publique en Polyn\u00e9sie fran\u00e7aise et\nen Nouvelle-Cal\u00e9donie ;\nVu le d\u00e9cret n\u00b0 2009-176 du 16 f\u00e9vrier 2009 modifiant le d\u00e9cret n\u00b0 64-805 du 29  juillet 1964 fixant\nles dispositions r\u00e9glementaires applicables aux pr\u00e9fets et le d\u00e9cret n\u00b0  2004-374 du 29 avril 2004\nrelatif aux pouvoirs des pr\u00e9fets, \u00e0 l'organisation et \u00e0 l'action des services de l'\u00c9tat dans les r\u00e9gions et\nd\u00e9partements ;\nVu le  d\u00e9cret  du  26  septembre  2022  nommant  Monsieur  Franck  ROBINE,  pr\u00e9fet  de  la  r\u00e9gion\nBourgogne-Franche-Comt\u00e9, pr\u00e9fet de la C\u00f4te d'Or (hors classe); \nVu l'arr\u00eat\u00e9 minist\u00e9riel du 3 mars 2021 portant nomination de Monsieur S\u00e9bastien GAUTHEY ,\nattach\u00e9 hors classe, directeur de l'immigration et de la nationalit\u00e9 \u00e0 compter du 1er janvier 2021 ;\nVu l'arr\u00eat\u00e9 pr\u00e9fectoral du 1251/SG du 18 d\u00e9cembre 2020 portant organisation des services de la\npr\u00e9fecture de la r\u00e9gion Bourgogne-Franche-Comt\u00e9, pr\u00e9fecture du d\u00e9partement de la C\u00f4te d'Or ;\nVu  l'arr\u00eat\u00e9 pr\u00e9fectoral  n\u00b0  44/SG du 8 janvier 2024  donnant d\u00e9l\u00e9gation de signature \u00e0  Monsieur\nS\u00e9bastien GAUTHEY , attach\u00e9 hors classe, directeur de l'immigration et de la nationalit\u00e9 (DIN)  ;\nSur proposition du secr\u00e9taire g\u00e9n\u00e9ral de la pr\u00e9fecture de la C\u00f4te-d'Or ;\n1/9\nPr\u00e9fecture de la C\u00f4te-d'Or - 21-2024-04-08-00003 - Arr\u00eat\u00e9 pr\u00e9fectoral n\u00b0  644 / SG du 8 avril 2024 \ndonnant d\u00e9l\u00e9gation de signature \u00e0 Monsieur S\u00e9bastien GAUTHEY, attach\u00e9 hors classe,\n directeur de l\u25a1immigration et de la nationalit\u00e9 (DIN)\n30\nARR\u00caTE\nArticle 1  er     :  L'arr\u00eat\u00e9 pr\u00e9fectoral  n\u00b0  44 /SG du 8 janvier 2024  donnant d\u00e9l\u00e9gation de signature \u00e0\nMonsieur S\u00e9bastien GAUTHEY , attach\u00e9 hors classe, directeur de l'immigration et de la nationalit\u00e9\n(DIN), ainsi que toutes dispositions ant\u00e9rieures et contraires au pr\u00e9sent arr\u00eat\u00e9 sont abrog\u00e9s \u00e0 compter\nde l'entr\u00e9e en vigueur du pr\u00e9sent arr\u00eat\u00e9.\nArticle 2  : D\u00e9l\u00e9gation de signature est donn\u00e9e \u00e0  Monsieur S\u00e9bastien GAUTHEY , attach\u00e9  hors\nclasse, directeur de l'immigration de la nationalit\u00e9 en ce qui concerne :\nSERVICE D'IMMIGRATION ET D'INT\u00c9GRATION :\n\u2022 toutes d\u00e9cisions relatives aux diverses proc\u00e9dures d'autorisation de s\u00e9jour en France, y compris\nles  refus  de  s\u00e9jour,  et  les  refus  de  s\u00e9jour  assortis  d'une  obligation  de  quitter  le  territoire\nfran\u00e7ais ;\n\u2022 la signature des demandes de laissez-passer consulaires ;\n\u2022 la signature des courriers de saisine adress\u00e9s \u00e0 l'OFPRA (office fran\u00e7ais de protection des\nr\u00e9fugi\u00e9s et apatrides) dans le cadre des demandes d'asile pr\u00e9sent\u00e9es par des \u00e9trangers plac\u00e9s en\ncentre de r\u00e9tention administrative ;\n\u2022 les demandes d'escortes pour transf\u00e9rer les \u00e9trangers en situation irr\u00e9guli\u00e8re dans un centre de\nr\u00e9tention administrative ;\n\u2022 la d\u00e9livrance et le refus de d\u00e9livrance des documents suivants   :\n\u2013 cartes  de  s\u00e9jour :  cartes  de  s\u00e9jour  temporaire,  cartes  de  s\u00e9jour  pluriannuelles,  cartes  de\nr\u00e9sident, cartes de s\u00e9jour de ressortissant d'un \u00c9tat membre de la communaut\u00e9 europ\u00e9enne ou\nde l'espace \u00e9conomique europ\u00e9en, certificat de r\u00e9sidence pour les Alg\u00e9riens, carte de s\u00e9jour\n\u00ab retrait\u00e9 \u00bb ;\n\u2013 r\u00e9c\u00e9piss\u00e9s de demande de titre de s\u00e9jour et r\u00e9c\u00e9piss\u00e9s d\u00e9livr\u00e9s dans le cadre des demandes\nd'asile ;\n\u2013 attestations de demandes d'asile ;\n\u2013 autorisations provisoires de s\u00e9jour ;\n\u2013 titres d'identit\u00e9 et de voyage ;\n\u2013 sauf-conduits ;\n\u2013 documents de voyage collectif pour \u00e9trangers mineurs dans le cadre de voyages scolaires ;\n\u2013 documents de circulation pour les mineurs \u00e9trangers \u00e9tablis en France ;\n\u2013 visas de toute nature sur les passeports \u00e9trangers ;\n\u2013 les lettres d'information dans le cadre d'une proc\u00e9dure de r\u00e9admission DUBLIN ainsi que les\nconvocations DUBLIN et les laissez-passer dans le cadre d'une proc\u00e9dure de r\u00e9admission\nDUBLIN.\n\u2022 les saisines du juge des libert\u00e9s pour les demandes de prolongation en r\u00e9tention administrative ;\n\u2022 les saisines du juge des libert\u00e9s pour les demandes d'autorisation \u00e0 requ\u00e9rir les services de\npolice  ou  les  unit\u00e9s  de  gendarmerie  pour  qu'ils  visitent  le  domicile  de  l'\u00e9tranger  afin  de\ns'assurer de sa pr\u00e9sence et de le reconduire \u00e0 la fronti\u00e8re sur le fondement de l'article L561-2 II\ndu CESEDA ;\n2/9\nPr\u00e9fecture de la C\u00f4te-d'Or - 21-2024-04-08-00003 - Arr\u00eat\u00e9 pr\u00e9fectoral n\u00b0  644 / SG du 8 avril 2024 \ndonnant d\u00e9l\u00e9gation de signature \u00e0 Monsieur S\u00e9bastien GAUTHEY, attach\u00e9 hors classe,\n directeur de l\u25a1immigration et de la nationalit\u00e9 (DIN)\n31\n\u2022 les saisines du juge des libert\u00e9s pour les demandes d'autorisation \u00e0 requ\u00e9rir les services de\npolice  ou  les  unit\u00e9s  de  gendarmerie  pour  qu'ils  visitent  le  domicile  de  l'\u00e9tranger  afin  de\ns'assurer de sa pr\u00e9sence et de le conduire aupr\u00e8s des autorit\u00e9s consulaires sur le fondement de\nl'article L513-5 du CESEDA ;\n\u2022 les mandats sp\u00e9ciaux destin\u00e9s aux repr\u00e9sentants charg\u00e9s de d\u00e9fendre le pr\u00e9fet de C\u00f4te d'Or lors\nde l'examen, par le juge des libert\u00e9s et de la d\u00e9tention, des demandes de premi\u00e8re , deuxi\u00e8me,\ntroisi\u00e8me et quatri\u00e8me prolongation de la r\u00e9tention administrative ;\n\u2022 les arr\u00eat\u00e9s de mandatement des condamnations p\u00e9cuniaires dues par l'\u00c9tat dans le cadre du\ncontentieux des \u00e9trangers ;\n\u2022 les observations \u00e9crites adress\u00e9es \u00e0 une juridiction administrative dans le cadre de recours\ncontentieux trait\u00e9s en proc\u00e9dure orale ;\n\u2022 les observations \u00e9crites adress\u00e9es \u00e0 une juridiction administrative dans le cadre de recours\ncontentieux trait\u00e9s en proc\u00e9dure \u00e9crite ;\n\u2022 les arr\u00eat\u00e9s pr\u00e9fectoraux d'assignation \u00e0 r\u00e9sidence ;\n\u2022 les arr\u00eat\u00e9s pr\u00e9fectoraux portant refus de s\u00e9jour et obligation de quitter le territoire fran\u00e7ais au\ntitre de l'asile assortie ou non d'un d\u00e9lai de d\u00e9part volontaire et d'une interdiction de retour.\nEn cas d'absence de tout membre du corps pr\u00e9fectoral :\n\u2013 les arr\u00eat\u00e9s de reconduite \u00e0 la fronti\u00e8re, les arr\u00eat\u00e9s de remise d'office, les Obligations de Quitter\nle Territoire Fran\u00e7ais sans d\u00e9lai de d\u00e9part volontaire, \u00e9ventuellement assortis d'interdiction de\nretour, les arr\u00eat\u00e9s portant interdiction de retour seule ou les prolongations d'interdiction de\nretour, et les arr\u00eat\u00e9s portant maintien en r\u00e9tention administrative ;\n\u2013 les d\u00e9cisions et arr\u00eat\u00e9s fixant le choix du pays de destination des \u00e9trangers faisant l'objet d'une\nmesure d'\u00e9loignement du territoire fran\u00e7ais.\nPLATEFORME INTERDEPARTEMENTALE DE LA NATURALISATION :\n\u2022 les d\u00e9cisions de classement sans suite en mati\u00e8re de naturalisation et  les actes relevant de la\nplateforme interd\u00e9partementale de la naturalisation.\nArticle 3 : En cas d'absence ou d'emp\u00eachement de Monsieur S\u00e9bastien GAUTHEY , la d\u00e9l\u00e9gation qui\nlui  est  conf\u00e9r\u00e9e  par  l'article  2  ci-dessus  sera  exerc\u00e9e  par  Madame  C\u00e9line  MANELLI,  attach\u00e9e\nd'administration de l'\u00c9tat, cheffe du service de l'immigration et de l'int\u00e9gration.\nEn cas d'absence concomitante de Monsieur S\u00e9bastien GAUTHEY et de Madame C\u00e9line MANELLI,\nla d\u00e9l\u00e9gation est conf\u00e9r\u00e9e \u00e0 Monsieur Jean-Christophe THUILLIER, attach\u00e9 d'administration de l'\u00c9tat,\nchef de la plateforme interd\u00e9partementale de la naturalisation.\nEn cas d'absence concomitante de Monsieur S\u00e9bastien GAUTHEY , de Madame C\u00e9line MANELLI et\nde  Monsieur  Jean-Christophe  THUILLIER,  la  d\u00e9l\u00e9gation  est  conf\u00e9r\u00e9e  \u00e0  Madame  Marie-Suzel\nTABARD, contractuelle longue dur\u00e9e, cheffe de p\u00f4le asile-\u00e9loignement.\nEn cas d'absence concomitante de Monsieur S\u00e9bastien GAUTHEY , de Madame C\u00e9line MANELLI, de\nMonsieur  Jean-Christophe  THUILLIER  et  de  Madame  Marie-Suzel  TABARD,  la  d\u00e9l\u00e9gation  est\nconf\u00e9r\u00e9e \u00e0 Madame Lola PINSONNEAUX, contractuelle longue dur\u00e9e, chef-adjoint du p\u00f4le asile-\n\u00e9loignement.\n3/9\nPr\u00e9fecture de la C\u00f4te-d'Or - 21-2024-04-08-00003 - Arr\u00eat\u00e9 pr\u00e9fectoral n\u00b0  644 / SG du 8 avril 2024 \ndonnant d\u00e9l\u00e9gation de signature \u00e0 Monsieur S\u00e9bastien GAUTHEY, attach\u00e9 hors classe,\n directeur de l\u25a1immigration et de la nationalit\u00e9 (DIN)\n32\nEn cas d'absence concomitante de Monsieur S\u00e9bastien GAUTHEY , de Madame C\u00e9line MANELLI, de\nMonsieur  Jean-Christophe  THUILLIER,  de  Madame  Marie-Suzel  TABARD,  de  Madame  Lola\nPINSONNEAUX, la d\u00e9l\u00e9gation est conf\u00e9r\u00e9e \u00e0 Madame Cateline ZARIC, agent contractuel en contrat \u00e0\ndur\u00e9e ind\u00e9termin\u00e9e, adjointe au chef de la plateforme interd\u00e9partementale de la naturalisation.\nArticle  4     :  D\u00e9l\u00e9gation  est  donn\u00e9e  \u00e0    Monsieur  Jean-Christophe  THUILLIER,    attach\u00e9  \nd'administration de l'\u00c9tat, chef de la plateforme interd\u00e9partementale de la naturalisation pour     :  \n- les d\u00e9cisions de classement sans suite en mati\u00e8re de naturalisation et les actes relevant de la\nplateforme interd\u00e9partementale de la naturalisation.\nEn cas d'absence ou d'emp\u00eachement de Monsieur Jean-Christophe THUILLIER, la d\u00e9l\u00e9gation conf\u00e9r\u00e9e\nau  pr\u00e9sent  article  sera  exerc\u00e9e  Madame  Cateline  ZARIC,  agent  contractuel  en  contrat  \u00e0  dur\u00e9e\nind\u00e9termin\u00e9e, adjointe au chef de la plateforme interd\u00e9partementale de la naturalisation.\nEn  cas  d'absence  ou  d'emp\u00eachement  de  Monsieur  Jean-Christophe  THUILLIER  et  de  Madame\nCateline ZARIC, la d\u00e9l\u00e9gation conf\u00e9r\u00e9e au pr\u00e9sent article sera exerc\u00e9e par Madame B\u00e9n\u00e9dicte BOEUF,\nsecr\u00e9taire administratif de classe normale.\n* D\u00e9l\u00e9gation est donn\u00e9e \u00e0 :\n\u27a2 Mesdames  Tatiana  BOYON  et  Anne-Laure  GROSSEL,  secr\u00e9taires  administratifs  de\nclasse sup\u00e9rieure, Mesdames B\u00e9n\u00e9dicte BOEUF, Annie DIARD, S\u00e9verine GROSSEL,\nSahar HASSANI et Monsieur Baptiste BOUDAULT, secr\u00e9taires administratifs de classe\nnormale pour :\n\u2022 les convocations des postulants et des d\u00e9clarants, \n\u2022 les attestations de d\u00e9p\u00f4t et les accus\u00e9s de r\u00e9ception,\n\u2022 les demandes d'enqu\u00eate,\n\u2022 les saisines des TJ et TGI, \n\u2022 les r\u00e9c\u00e9piss\u00e9s, \n\u2022 la  conduite  d'entretien  et  les  compte-rendus  des  entretiens  d'assimilation  de  la  nationalit\u00e9\nfran\u00e7aise, \n\u2022 les retours de dossiers incomplets,\n\u2022 les correspondances courantes n'emportant pas de d\u00e9cision.\nArticle 5 :   D\u00e9l\u00e9gation est donn\u00e9e \u00e0 Madame C\u00e9line MANELLI,   cheffe du service de l'immigration\net de l'int\u00e9gration, attach\u00e9e d'administration de l'\u00c9t  at pour     :  \n\u2022 toutes d\u00e9cisions relatives aux diverses proc\u00e9dures d'autorisation de s\u00e9jour et de refus de s\u00e9jour\nen France ;\n\u2022 la d\u00e9livrance et le refus de d\u00e9livrance des documents suivants :\n\u2013 cartes  de  s\u00e9jour :  cartes  de  s\u00e9jour  temporaire,  cartes  de  s\u00e9jour  pluriannuelles,  cartes  de\nr\u00e9sident, cartes de s\u00e9jour de ressortissant d'un \u00c9tat membre de la communaut\u00e9 europ\u00e9enne ou\nde l'Espace \u00c9conomique Europ\u00e9en, certificat de r\u00e9sidence pour les Alg\u00e9riens, carte de s\u00e9jour\n\u00ab retrait\u00e9 \u00bb ;\n\u2013 r\u00e9c\u00e9piss\u00e9s de demande de titre de s\u00e9jour et r\u00e9c\u00e9piss\u00e9s d\u00e9livr\u00e9s dans le cadre d'une demande\nd'asile ;\n4/9\nPr\u00e9fecture de la C\u00f4te-d'Or - 21-2024-04-08-00003 - Arr\u00eat\u00e9 pr\u00e9fectoral n\u00b0  644 / SG du 8 avril 2024 \ndonnant d\u00e9l\u00e9gation de signature \u00e0 Monsieur S\u00e9bastien GAUTHEY, attach\u00e9 hors classe,\n directeur de l\u25a1immigration et de la nationalit\u00e9 (DIN)\n33\n\u2013 attestations de demandes d'asile ;\n\u2013 autorisations provisoires de s\u00e9jour ;\n\u2013 titres d'identit\u00e9 et de voyage ;\n\u2013 sauf-conduits ;\n\u2013 documents de voyage collectif pour \u00e9trangers mineurs dans le cadre de voyages scolaires ;\n\u2013 documents de circulation pour les mineurs \u00e9trangers \u00e9tablis en France ;\n\u2013 visas de toute nature sur les passeports \u00e9trangers ;\n\u2013 les lettres d'information dans le cadre d'une proc\u00e9dure de r\u00e9admission DUBLIN ainsi que les\nconvocations  DUBLIN,  les  lettres  d'information  des  demandeurs  d'asile  maintenus\nprovisoirement  au  s\u00e9jour  ainsi  que  les  laissez-passer  dans  le  cadre  d'une  proc\u00e9dure  de\nr\u00e9admission DUBLIN.\n\u2022 les refus de prolongation de visa ;\n\u2022 les convocations aux entretiens dans le cadre du contr\u00f4le des cartes de s\u00e9jour pluriannuelles\n\u2022 la signature des demandes de laissez-passer consulaires ;\n\u2022 la signature des courriers de saisine adress\u00e9s \u00e0 l'OFPRA (office fran\u00e7ais de protection des\nr\u00e9fugi\u00e9s et apatrides) dans le cadre des demandes d'asile pr\u00e9sent\u00e9es par des \u00e9trangers plac\u00e9s en\ncentre de r\u00e9tention administrative ;\n\u2022 les demandes d'escortes pour transf\u00e9rer les \u00e9trangers en situation irr\u00e9guli\u00e8re dans un centre de\nr\u00e9tention administrative ;\n\u2022 les observations \u00e9crites adress\u00e9es \u00e0 une juridiction administrative dans le cadre de recours\ncontentieux trait\u00e9s en proc\u00e9dure orale ;\n\u2022 les observations \u00e9crites adress\u00e9es \u00e0 une juridiction administrative dans le cadre de recours\ncontentieux trait\u00e9s en proc\u00e9dure \u00e9crite ;\n\u2022 les saisines du juge des libert\u00e9s et de la  d\u00e9tention pour les demandes  de prolongation  en\nr\u00e9tention administrative ;\n\u2022 les saisines du juge des libert\u00e9s et de la d\u00e9tention pour les demandes d'autorisation \u00e0 requ\u00e9rir les\nservices de police ou les unit\u00e9s de gendarmerie pour qu'ils visitent le domicile de l'\u00e9tranger afin\nde s'assurer de sa pr\u00e9sence et de le reconduire \u00e0 la fronti\u00e8re sur le fondement de l'article L561-2\nII du CESEDA ;\n\u2022 les saisines du juge des libert\u00e9s et de la d\u00e9tention pour les demandes d'autorisation \u00e0 requ\u00e9rir les\nservices de police ou les unit\u00e9s de gendarmerie pour qu'ils visitent le domicile de l'\u00e9tranger afin\nde s'assurer de sa pr\u00e9sence et de le conduire aupr\u00e8s des autorit\u00e9s consulaires sur le fondement\nde l'article L513-5 du CESEDA ;\n\u2022 les mandats sp\u00e9ciaux destin\u00e9s aux repr\u00e9sentants charg\u00e9s de d\u00e9fendre le pr\u00e9fet de C\u00f4te d'Or lors\nde l'examen, par le juge des libert\u00e9s et de la d\u00e9tention, des demandes de premi\u00e8re,  deuxi\u00e8me,\ntroisi\u00e8me et quatri\u00e8me prolongation de la r\u00e9tention administrative ;\n\u2022 les arr\u00eat\u00e9s de mandatement des condamnations p\u00e9cuniaires dues par l'\u00c9tat dans le cadre du\ncontentieux des \u00e9trangers.\nEn cas d'absence ou d'emp\u00eachement de Madame C\u00e9line MANELLI, la d\u00e9l\u00e9gation est conf\u00e9r\u00e9e \u00e0\nMadame Marie-Suzel TABARD, contractuelle longue dur\u00e9e, chef du p\u00f4le asile-\u00e9loignement du Service\nd'immigration et d'int\u00e9gration.\nEn  cas  d'absence  ou  d'emp\u00eachement  de  Madame  C\u00e9line  MANELLI  et  de  Madame  Marie-Suzel\nTABARD, la d\u00e9l\u00e9gation est conf\u00e9r\u00e9e \u00e0 Madame Lola PINSONNEAUX,  contractuelle longue dur\u00e9e,\nchef-adjoint du p\u00f4le asile-\u00e9loignement.\nEn  cas  d'absence  ou  d'emp\u00eachement  de  Madame  C\u00e9line  MANELLI,  de  Madame  Marie-Suzel\nTABARD  et  de  Madame  Lola  PINSONNEAUX,  la  d\u00e9l\u00e9gation  est  conf\u00e9r\u00e9e  \u00e0  Madame  Catherine\nV ALENTIN, attach\u00e9e, chef du p\u00f4le s\u00e9jour du Service d'immigration et d'int\u00e9gration.\n5/9\nPr\u00e9fecture de la C\u00f4te-d'Or - 21-2024-04-08-00003 - Arr\u00eat\u00e9 pr\u00e9fectoral n\u00b0  644 / SG du 8 avril 2024 \ndonnant d\u00e9l\u00e9gation de signature \u00e0 Monsieur S\u00e9bastien GAUTHEY, attach\u00e9 hors classe,\n directeur de l\u25a1immigration et de la nationalit\u00e9 (DIN)\n34\nEn  cas  d'absence  ou  d'emp\u00eachement  de  Madame  C\u00e9line  MANELLI,  de  Madame  Marie-Suzel\nTABARD, de Madame Lola PINSONNEAUX et de Madame Catherine V ALENTIN, la d\u00e9l\u00e9gation est\nconf\u00e9r\u00e9e  \u00e0  Monsieur  Jean-Claude  WEBER,  attach\u00e9e,  chef-adjoint  du  p\u00f4le  s\u00e9jour  du  Service\nd'immigration et d'int\u00e9gration.\n* Pour le p\u00f4le contentieux des \u00e9trangers, d\u00e9l\u00e9gation est donn\u00e9e \u00e0  : Monsieur Manuel DA ROCHA,\nattach\u00e9, et Mme Anne-Sophie LEVEQUE, contractuelle longue dur\u00e9e, pour :\n\u2022 les accus\u00e9s de r\u00e9ception des requ\u00eates devant les juridictions administratives\n\u2022 les correspondances courantes n'emportant  pas de d\u00e9cision,  les lettre-types, les bordereaux\nd'envoi et t\u00e9l\u00e9copies dans les domaines de l'\u00e9loignement, des r\u00e9admissions et du contentieux.\n* Pour le P\u00f4le S\u00e9jour, d\u00e9l\u00e9gation est donn\u00e9e \u00e0 :\n\u27a2 Madame Catherine V ALENTIN, attach\u00e9e, Cheffe du P\u00f4le S\u00e9jour, Monsieur Jean-Claude\nWEBER,  attach\u00e9,  adjoint  \u00e0 la Cheffe du p\u00f4le  s\u00e9jour,  et  Mme Justine  MICHELET,\nsecr\u00e9taire administrative de classe normale, pour :\n\u2022 les bordereaux d'envoi et les t\u00e9l\u00e9copies ;\n\u2022 les correspondances courantes et les lettres-types n'emportant pas d\u00e9cision ;\n\u2022 les titres de voyage et sauf-conduits pour les \u00e9trangers ;\n\u2022 les visas de toute nature sur les passeports \u00e9trangers ;\n\u2022 les r\u00e9c\u00e9piss\u00e9s de demandes de titre de s\u00e9jour, les autorisations provisoires de s\u00e9jour ; \n\u2022 la d\u00e9livrance des documents de circulation pour les \u00e9trangers mineurs\n\u2022 les demandes de casier judiciaire ;\n\u2022 la d\u00e9livrance de documents de voyage collectif pour \u00e9trangers mineurs dans le cadre de voyages\nscolaires ;\n\u2022 les refus de prolongation de visa ;\n\u2022 les premi\u00e8res demandes et les renouvellements de titres de s\u00e9jour ;\n\u2022 les demandes de duplicatas, de changements d'adresse et de modifications de cartes de s\u00e9jour\ntemporaires ;\n\u2022 les attestations sur l'honneur de communaut\u00e9 de vie (d\u00e9claration par mariage) ;\n\u2022 les demandes d'enqu\u00eates ;\n\u2022 les Proc\u00e8s-Verbaux d'Int\u00e9gration R\u00e9publicaine (PVIR).\n\u27a2 Mesdames  S\u00e9verine  LEFEVRE,  secr\u00e9taire  administrative,  Chlo\u00e9  TALLANDIER,\ncontractuelle, et Marine BOUDET, secr\u00e9taire administrative pour :\n\u2022 les bordereaux d'envoi et les t\u00e9l\u00e9copies ;\n\u2022 les correspondances courantes et les lettres-types n'emportant pas d\u00e9cision ;\n\u2022 les r\u00e9c\u00e9piss\u00e9s de demande de titre de s\u00e9jour et le renouvellement des r\u00e9c\u00e9piss\u00e9s ;\n\u2022 les demandes de casier judiciaire ;\n\u2022 les demandes d'enqu\u00eates ;\n\u2022 les Proc\u00e8s-Verbaux d'Int\u00e9gration R\u00e9publicaine (PVIR).\n6/9\nPr\u00e9fecture de la C\u00f4te-d'Or - 21-2024-04-08-00003 - Arr\u00eat\u00e9 pr\u00e9fectoral n\u00b0  644 / SG du 8 avril 2024 \ndonnant d\u00e9l\u00e9gation de signature \u00e0 Monsieur S\u00e9bastien GAUTHEY, attach\u00e9 hors classe,\n directeur de l\u25a1immigration et de la nationalit\u00e9 (DIN)\n35\n\u27a2 Mesdames Marie-Christine DAUDET, adjoint administratif principal 1\u00e8re classe, Emilie\nLORET-MASSON,  adjoint  administratif,  Mesdames  Fatna  KHARBOUCH,  Muriel\nCORDIER,   et Mil\u00e8ne MARONNAT, adjointes administratives principal 2\u00e8me classe,\nMadame  Maeva  LYPS,  agent  contractuel,  et  Madame  C\u00e9lia  MOSA,  agent\ncontractuel pour:\n\u27a2 les bordereaux d'envoi et les t\u00e9l\u00e9copies ;\n\u27a2 les correspondances courantes et les lettres-types n'emportant pas d\u00e9cision ;\n\u27a2 les attestations sur l'honneur de communaut\u00e9 de vie (d\u00e9claration par mariage) ;\n\u27a2 les r\u00e9c\u00e9piss\u00e9s de titre de s\u00e9jour ainsi que le renouvellement des r\u00e9c\u00e9piss\u00e9s ;\n\u27a2 les demandes de casier judiciaire ;\n\u27a2 les demandes de duplicatas, de changements d'adresse et de modifications de cartes de s\u00e9jour ;\n\u27a2 les 1\u00e8res demandes et renouvellements de titres de s\u00e9jour sauf pour les cat\u00e9gories suivantes  :\nconjoint de fran\u00e7ais, parent d'enfant fran\u00e7ais et membre de famille de citoyen de l'UE.\n* Pour le P\u00f4le Asile-\u00e9loignement, d\u00e9l\u00e9gation est donn\u00e9e \u00e0 : \n\u27a2 Madame  Marie-Suzel  TABARD,  contractuelle  longue  dur\u00e9e,  cheffe  de  p\u00f4le  asile-\n\u00e9loignement et Madame Lola PINSONNEAUX, contractuelle longue dur\u00e9e, adjointe \u00e0 la\ncheffe de p\u00f4le asile-\u00e9loignement pour :\n\u27a2 les convocations DUBLIN ;\n\u27a2 les laissez-passer dans le cadre d'une proc\u00e9dure de r\u00e9admission DUBLIN ;\n\u27a2 les r\u00e9c\u00e9piss\u00e9s et attestations de demandes d'asile ;\n\u27a2 les bordereaux d'envoi, t\u00e9l\u00e9copies, correspondances courantes et demandes d'avis li\u00e9s \u00e0 l'asile  ;\naux proc\u00e9dures de r\u00e9admission et \u00e0 la reconduite \u00e0 la fronti\u00e8re des demandeurs d'asile ;\n\u27a2 les autorisations provisoires de s\u00e9jour ;\n\u27a2 les demandes de r\u00e9admission d'un \u00e9tranger dans un autre \u00c9tat ;\n\u27a2 les fiches d'information transmises \u00e0 l'OFPRA ;\n\u27a2 les lettres d'information du demandeur d'asile  ;\n\u27a2 les accus\u00e9s de r\u00e9ception des requ\u00eates devant les juridictions administratives ;\n\u27a2 les correspondances courantes n'emportant  pas de d\u00e9cision,  les lettre-types, les bordereaux\nd'envoi et t\u00e9l\u00e9copies dans les domaines de l'\u00e9loignement, des r\u00e9admissions et du contentieux ;\n\u27a2 la signature des demandes de laissez-passer consulaires ;\n\u27a2 la signature des courriers de saisine adress\u00e9s \u00e0 l'OFPRA (office fran\u00e7ais de protection des\nr\u00e9fugi\u00e9s et apatrides) dans le cadre des demandes d'asile pr\u00e9sent\u00e9es par des \u00e9trangers plac\u00e9s en\ncentre de r\u00e9tention administrative ;\n\u27a2 les lettres d'information dans le cadre d'une proc\u00e9dure de r\u00e9admission DUBLIN ainsi que les\nconvocations  DUBLIN,  les  lettres  d'information  des  demandeurs  d'asile  maintenus\nprovisoirement  au  s\u00e9jour  ainsi  que  les  laissez-passer  dans  le  cadre  d'une  proc\u00e9dure  de\nr\u00e9admission DUBLIN ;\n\u27a2 les demandes d'escortes pour transf\u00e9rer les \u00e9trangers en situation irr\u00e9guli\u00e8re dans un centre de\nr\u00e9tention administrative ;\n\u27a2 les saisines du juge des libert\u00e9s et de la  d\u00e9tention pour les demandes  de prolongation  en\nr\u00e9tention administrative ;\n\u27a2 les saisines du juge des libert\u00e9s et de la d\u00e9tention pour les demandes d'autorisation \u00e0 requ\u00e9rir les\nservices de police ou les unit\u00e9s de gendarmerie pour qu'ils visitent le domicile de l'\u00e9tranger afin\nde s'assurer de sa pr\u00e9sence et de le reconduire \u00e0 la fronti\u00e8re sur le fondement de l'article L561-2\nII du CESEDA ;\n7/9\nPr\u00e9fecture de la C\u00f4te-d'Or - 21-2024-04-08-00003 - Arr\u00eat\u00e9 pr\u00e9fectoral n\u00b0  644 / SG du 8 avril 2024 \ndonnant d\u00e9l\u00e9gation de signature \u00e0 Monsieur S\u00e9bastien GAUTHEY, attach\u00e9 hors classe,\n directeur de l\u25a1immigration et de la nationalit\u00e9 (DIN)\n36\n\u27a2 les saisines du juge des libert\u00e9s et de la d\u00e9tention pour les demandes d'autorisation \u00e0 requ\u00e9rir les\nservices de police ou les unit\u00e9s de gendarmerie pour qu'ils visitent le domicile de l'\u00e9tranger afin\nde s'assurer de sa pr\u00e9sence et de le conduire aupr\u00e8s des autorit\u00e9s consulaires sur le fondement\nde l'article L513-5 du CESEDA ;\n\u27a2 les mandats sp\u00e9ciaux destin\u00e9s aux repr\u00e9sentants charg\u00e9s de d\u00e9fendre le pr\u00e9fet de C\u00f4te d'Or lors\nde l'examen, par le juge des libert\u00e9s et de la d\u00e9tention, des demandes de premi\u00e8re, deuxi\u00e8me,\ntroisi\u00e8me et quatri\u00e8me prolongation de la r\u00e9tention administrative ;\n\u27a2 les titres internationaux de voyage, les titres de voyage pour r\u00e9fugi\u00e9s et sauf-conduits pour les\n\u00e9trangers ;\n\u27a2 les 1\u00e8res demandes de carte de r\u00e9sident mention r\u00e9fugi\u00e9 et les 1\u00e8res demandes de titres de s\u00e9jour\nau titre de b\u00e9n\u00e9ficiaires de la protection subsidiaire ;\n\u27a2 les r\u00e9c\u00e9piss\u00e9s de 1\u00e8res demande de carte de r\u00e9sident mention r\u00e9fugi\u00e9 et de 1\u00e8res demandes de\ntitres de s\u00e9jour au titre de b\u00e9n\u00e9ficiaires de la protection subsidiaire.\n\u27a2 Mesdames  Corinne  MERCUZOT-TURELLO,  secr\u00e9taire  administrative,  Rachida\nBOUTCHACHA, secr\u00e9taire administrative, et Marie-Christine BOUILLOT, secr\u00e9taire\nadministrative pour :\n\u2022 les convocations DUBLIN ;\n\u2022 les r\u00e9c\u00e9piss\u00e9s et les attestations de demandes d'asile ;\n\u2022 les bordereaux d'envoi, t\u00e9l\u00e9copies, correspondances courantes et demandes d'avis li\u00e9s \u00e0 l'asile  ;\naux proc\u00e9dures de r\u00e9admission et \u00e0 la reconduite \u00e0 la fronti\u00e8re des demandeurs d'asile ;\n\u2022 les demandes de r\u00e9admission d'un \u00e9tranger dans un autre \u00c9tat ;\n\u2022 les fiches d'information transmises \u00e0 l'OFPRA ;\nles lettres d'information du demandeur d'asile ;\n\u2022 les r\u00e9c\u00e9piss\u00e9s de 1\u00e8res demandes de carte de r\u00e9sident mention r\u00e9fugi\u00e9 et de 1\u00e8res demandes de\ntitres de s\u00e9jour au titre de b\u00e9n\u00e9ficiaires de la protection subsidiaire.\n\u27a2 Mesdames  Louison  AMBROSIONI,  contractuelle  longue  dur\u00e9e,  Marl\u00e8ne  ALDAY A,\nsecr\u00e9taire  administrative,  C\u00e9cile  BRETON,  secr\u00e9taire  administrative,  Justine\nKAROTSCH, contractuelle longue dur\u00e9e, et Josua BARRET, contractuel longue dur\u00e9e\npour :\n\u2022 les correspondances  courantes  n'emportant  pas  de d\u00e9cision,  les  lettre-types, les  bordereaux\nd'envoi et t\u00e9l\u00e9copies dans les domaines de l'\u00e9loignement et des r\u00e9admissions.\nArticle 6 : Le secr\u00e9taire g\u00e9n\u00e9ral de la pr\u00e9fecture de la C\u00f4te d'Or, et les agents b\u00e9n\u00e9ficiaires de la\nd\u00e9l\u00e9gation de signature, sont charg\u00e9s, chacun pour ce qui le concerne, de l'ex\u00e9cution du pr\u00e9sent\narr\u00eat\u00e9 qui sera publi\u00e9 au recueil des actes administratifs de la pr\u00e9fecture de la C\u00f4te-d'Or.\nFait \u00e0 Dijon, le 8 avril 2024\nLe pr\u00e9fet,\nSign\u00e9 :\nFranck ROBINE\n8/9\nPr\u00e9fecture de la C\u00f4te-d'Or - 21-2024-04-08-00003 - Arr\u00eat\u00e9 pr\u00e9fectoral n\u00b0  644 / SG du 8 avril 2024 \ndonnant d\u00e9l\u00e9gation de signature \u00e0 Monsieur S\u00e9bastien GAUTHEY, attach\u00e9 hors classe,\n directeur de l\u25a1immigration et de la nationalit\u00e9 (DIN)\n37\n9/9\nPr\u00e9fecture de la C\u00f4te-d'Or - 21-2024-04-08-00003 - Arr\u00eat\u00e9 pr\u00e9fectoral n\u00b0  644 / SG du 8 avril 2024 \ndonnant d\u00e9l\u00e9gation de signature \u00e0 Monsieur S\u00e9bastien GAUTHEY, attach\u00e9 hors classe,\n directeur de l\u25a1immigration et de la nationalit\u00e9 (DIN)\n38","date":"2024-04-10","first_seen_on":"2025-09-14T10:34:13+00:00","id":"7e8b4723ad7c4949a3a23c71c22273dcb3ad9ca16c295ea1d7016f47778b156e","name":"RAA n\u00b0 048 du 10 avril 2024","pdf_creation_date":"2024-04-10T14:03:55+00:00","pdf_modification_date":null,"timezone":"Europe/Paris","url":"https://www.cote-dor.gouv.fr/contenu/telechargement/21192/162177/file/recueil-21-2024-048-recueil-des-actes-administratifs-special.pdf"}
