{"administration":"pref09","administration_name":"Pr\u00e9fecture de l\u2019Ari\u00e8ge","content":"ARI\u00c8GE\nRECUEIL DES ACTES\nADMINISTRATIFS\nN\u00b009-2024-050\nPUBLI\u00c9 LE 31 MAI 2024\nSommaire\n09 \u25a1 PREFECTURE - DIRECTION DE LA COORDINATION\nINTERMINISTERIELLE ET DE L'APPUI TERRITORIAL / CELLULE\nENVIRONNEMENT\n09-2024-05-31-00001 - AP de prescriptions sp\u00e9ciales - Soci\u00e9t\u00e9 CMA Industry\n\u00e0 Tarascon-sur-Ari\u00e8ge (5 pages) Page 3\n09 \u25a1 PREFECTURE \u25a1 DIRECTION DU CABINET /\n09-2024-05-30-00005 - \nArr\u00eat\u00e9 pr\u00e9fectoral autorisant la captation,\nl\u25a1enregistrement et la transmission\nd\u25a1images au moyen de cam\u00e9ras\ninstall\u00e9es sur des a\u00e9ronefs (3 pages) Page 8\n09-2024-05-30-00004 - Arr\u00eat\u00e9 pr\u00e9fectoral autorisant la captation,\nl\u25a1enregistrement et la transmission\nd\u25a1images au moyen de cam\u00e9ras\ninstall\u00e9es sur des a\u00e9ronefs (3 pages) Page 11\n09-2024-05-30-00003 - Arr\u00eat\u00e9 pr\u00e9fectoral r\u00e9glementant temporairement le\ntransport d\u25a1artifices, de carburant ainsi que des substances ou m\u00e9langes\ndangereux inflammables ou corrosifs sur le territoire des communes de\nSaverdun, Montaut, Le Vernet, Varilhes et Roumengoux\ndu vendredi 31\nmai 2024 au dimanche 2 juin 2024 (4 pages) Page 14\n2\nEs\nPREFET  _\nDE L'ARI\u00c8GE\nLibert\u00e9\nEgalit\u00e9\nFraternit\u00e9\nPR\u00c9FECTURE\nDirection de la coordination interminist\u00e9rielle\net de l'appui territorial\nBureau de l'appui territorial\nCellule environnement\nArr\u00eat\u00e9 pr\u00e9fectoral de prescriptions sp\u00e9ciales portant modification et compl\u00e9ment des prescriptions\ng\u00e9n\u00e9rales applicables \u00e0 l'usine de fabrication de pi\u00e8ces et sous-ensembles m\u00e9talliques complexes et\ncomplets pour le secteur de l'a\u00e9ronautique,  exploit\u00e9e par la soci\u00e9t\u00e9 CMA Industry au 13 rue de Berga \u00e0\nTarascon-sur-Ari\u00e8ge (09400)\nLe pr\u00e9fet de l'Ari\u00e8ge\nVu le code de l'environnement et en particulier son article R.  512-52 ;\nVu l'arr\u00eat\u00e9 minist\u00e9riel du 27 juillet 2015 relatif aux prescriptions g\u00e9n\u00e9rales applicables aux\ninstallations class\u00e9es pour la protection de l'environnement soumises \u00e0 d\u00e9claration sous la\nrubrique  n\u00b0 2561)  de  la  nomenclature  des  installations  class\u00e9es  pour  la  protection  de\nl'environnement ;\nVu le r\u00e9c\u00e9piss\u00e9 n\u00b0 1588 du  26 f\u00e9vrier 2007 d\u00e9livr\u00e9 \u00e0 la soci\u00e9t\u00e9 CMA Industry pour les activit\u00e9s\nrelevant  de  la  rubrique  2560-2  de  la  nomenclature  des  installations  class\u00e9es  pour  la\nprotection de l'environnement  ;\nVu l'arr\u00eat\u00e9 pr\u00e9fectoral du 23 juin 2023 enregistrement des installations de traitement de surface\nexploit\u00e9e par la soci\u00e9t\u00e9 CMA Industry au 13 rue de Berga \u00e0 Tarascon-sur-Ari\u00e8ge (09400)  ;\nVu  la d\u00e9claration, effectu\u00e9e le 22 juin 2023 par la soci\u00e9t\u00e9 CMA Industry pour les activit\u00e9s\nrelevant  de  la  rubrique  2561  de  la  nomenclature  des  installations  class\u00e9es  pour  la\nprotection de l'environnement de son usine de fabrication de pi\u00e8ces et sous-ensembles\nm\u00e9talliques  complexes  et  complets  pour  le  secteur  de  l'a\u00e9ronautique  situ\u00e9e  \u00e0\nTarascon-sur-Ari\u00e8ge  ;\nVu  l'avis  du  Service  d\u00e9partemental  d'incendie  et  de  secours  (SDIS)  de  l'Ari\u00e8ge  du\n31 octobre 2023 ;\nVu le rapport et les propositions de l'inspection des installations class\u00e9es du 19 mars 2024  ;\nVu la transmission du projet d'arr\u00eat\u00e9 \u00e0 la soci\u00e9t\u00e9 CMA Industry le 21 mars 2024 ;\nVu l'absence d'observation formul\u00e9e par le p\u00e9titionnaire sur ce projet dans le d\u00e9lai imparti  ;\nConsid\u00e9rant  que  la  d\u00e9claration  susvis\u00e9e  comporte  des  demandes  de  modifications  des\nprescriptions g\u00e9n\u00e9rales des arr\u00eat\u00e9s minist\u00e9riels app licables \u00e0 l'installation  ;\nConsid\u00e9rant que ces demandes de modification concernent  :\n\u2022le point 2.1. R\u00e8gles d'implantation de l'annexe I de l'arr\u00eat\u00e9 minist\u00e9riel du 27 juillet 2015\nsusvis\u00e9 ;\n\u2022le point 2.1.1. Isolement du r\u00e9seau de collecte de l'annexe I de l'arr\u00eat\u00e9 minist\u00e9riel du\n27 juillet 2015 susvis\u00e9 ;\n\u2022le point 2.4.1. Caract\u00e9ristiques de r\u00e9action et de r\u00e9sistance au feu de l'annexe I de\nl'arr\u00eat\u00e9 minist\u00e9riel du 27 juillet 2015 susvis\u00e9  ;\n\u2022le point 4.2. Moyens de lutte contre l'incendie de l'annexe I de l'arr\u00eat\u00e9 minist\u00e9riel du\n27 juillet 2015 susvis\u00e9 ;\nConsid\u00e9rant que les demandes de modifications aux  points 2.1.1 Isolement du r\u00e9seau de\ncollecte et 4.2. Moyens de lutte conte l'incendie de l'annexe I de l'arr\u00eat\u00e9 minist\u00e9riel du\n27 juillet 2015 susvis\u00e9 ne sont pas n\u00e9cessaires  ;\nConsid\u00e9rant  les  pr\u00e9conisations  \u00e9mises  par  le  SDIS  sur  les  demandes  de  modifications\nsollicit\u00e9es ;\n2 rue de la Pr\u00e9fecture - Pr\u00e9fet Claude Erignac B.P . 40087 - 09007 Foix Cedex \u2013 T\u00e9l : 05 61 02 10 00\nSite internet : www.ariege.gouv.fr09 \u25a1 PREFECTURE - DIRECTION DE LA COORDINATION INTERMINISTERIELLE ET DE L'APPUI TERRITORIAL - 09-2024-05-31-00001 - AP\nde prescriptions sp\u00e9ciales - Soci\u00e9t\u00e9 CMA Industry \u00e0 Tarascon-sur-Ari\u00e8ge 3\nConsid\u00e9rant que ces conditions d'exploitation et ces mesures de pr\u00e9vention des risques sont\nde nature \u00e0 pr\u00e9server les int\u00e9r\u00eats prot\u00e9g\u00e9s \u00e0 l'article L.  511-1 du code de l'environnement  ;\nConsid\u00e9rant que les demandes de modification sollicit\u00e9es peuvent ainsi \u00eatre accord\u00e9es, d\u00e8s\nlors qu'est prescrite la mise en \u0153uvre de telles conditions d'exploitation et de telles\nmesures ;\nConsid\u00e9rant la communication au p\u00e9titionnaire du rapport et des propositions de l'inspection\ndes  installations  class\u00e9es  susvis\u00e9,  par  courrier  du  21  mars  2024,  conform\u00e9ment  aux\ndispositions de l'article R.  512-52 du code de l'environnement  ;\nConsid\u00e9rant l'absence d'observation formul\u00e9e par le p\u00e9titionnaire sur ce projet dans le d\u00e9lai\nimparti ;\nSur proposition du secr\u00e9taire g\u00e9n\u00e9ral de la pr\u00e9fecture de l'Ari\u00e8ge  :\nA R R \u00ca T E\nArticle 1 \u2013 B\u00e9n\u00e9ficiaire\nLes  prescriptions  du  pr\u00e9sent  arr\u00eat\u00e9  s'appliquent  aux  installations  suivantes  soumises  \u00e0\nd\u00e9claration, exploit\u00e9es par la soci\u00e9t\u00e9 CMA Industry (n\u00b0  SIRET 33499242700016), dont le si\u00e8ge\nsocial est situ\u00e9 13 rue de Berga \u00e0 Tarascon-sur-Ari\u00e8ge (09400), situ\u00e9es \u00e0 la m\u00eame adresse  :\nRubrique de\nla\nnomenclatureInstallations et activit\u00e9s concern\u00e9es \u00c9l\u00e9ments caract\u00e9ristiquesR\u00e9gime\ndu projet\n*\n2561Production  industrielle  par  trempe,\nrecuit ou revenu des m\u00e9taux et alliagesUn  four  de  traitement\nthermique \u00e0 alimentation\n\u00e9lectriqueDC\n* DC : D\u00e9claration avec contr\u00f4le p\u00e9riodique\nArticle 2 \u2013 Arr\u00eat\u00e9s minist\u00e9riels de prescriptions g\u00e9n\u00e9rales\nSans pr\u00e9judice des dispositions de l'arr\u00eat\u00e9 pr\u00e9fectoral du 23 juin 2023 susvis\u00e9, s'appliquent \u00e0\nl'\u00e9tablissement les prescriptions de  l'arr\u00eat\u00e9 minist\u00e9riel du 27 juillet 2015 relatif aux prescriptions\ng\u00e9n\u00e9rales applicables aux installations class\u00e9es pour la protection de l'environnement soumises\n\u00e0 d\u00e9claration sous la rubrique n\u00b0  2561.\nArticle 3 \u2013 Modification des arr\u00eat\u00e9s minist\u00e9riels de prescriptions g\u00e9n\u00e9rales\nLes prescriptions des points  :\n\u20222.1.1. R\u00e8gles d'implantation  de l'annexe I de l'arr\u00eat\u00e9 minist\u00e9riel du 27 juillet 2015 susvis\u00e9,\n\u20222.4.1.  Caract\u00e9ristiques  de  r\u00e9action  et  de  r\u00e9sistance  au  feu  de  l'annexe  I  de  l'arr\u00eat\u00e9\nminist\u00e9riel du 27 juillet 2015 susvis\u00e9  ;\nsont modifi\u00e9s selon les dispositions des articles 3.1 \u00e0 3.2.\nArticle 3.1 \u2013   R\u00e8gles d'implantation  \nEn lieu et place des dispositions du point 2.1. R\u00e8gles d'implantation de l'annexe I de l'arr\u00eat\u00e9\nminist\u00e9riel du 27 juillet 2015 susvis\u00e9, l'exploitant respecte les prescriptions suivantes  :\nLe four de traitement thermique dont l'alimentation est exclusivement \u00e9lectrique, est implant\u00e9\n\u00e0 une distance sup\u00e9rieure \u00e0 10  m\u00e8tres  du  b\u00e2timent  abritant  l'atelier  de fabrication  d'une\nboulangerie artisanale.\n209 \u25a1 PREFECTURE - DIRECTION DE LA COORDINATION INTERMINISTERIELLE ET DE L'APPUI TERRITORIAL - 09-2024-05-31-00001 - AP\nde prescriptions sp\u00e9ciales - Soci\u00e9t\u00e9 CMA Industry \u00e0 Tarascon-sur-Ari\u00e8ge 4\nArticle 3.2 \u2013   Caract\u00e9ristiques de r\u00e9action et de r\u00e9sistance au feu  \nEn lieu et place des dispositions du point 2.4.1. Caract\u00e9ristiques de r\u00e9action et de r\u00e9sistance au\nfeu de l'annexe I de l'arr\u00eat\u00e9 minist\u00e9riel du 27 juillet 2015 susvis\u00e9, l'exploitant respecte les\ndispositions suivantes  :\nLa paroi s\u00e9parant le b\u00e2timent de CMA et celui abritant l'atelier de fabrication de la boulangerie\nartisanale pr\u00e9sente des caract\u00e9ristiques de r\u00e9sistance et de r\u00e9action au feu REI 120, a vec une\nprotection sous toiture pr\u00e9sentant les m\u00eames caract\u00e9ristiques sur une largeur de 1 m et soutenue\npar un poteau ind\u00e9pendant.\nArticle 4 \u2013 Compl\u00e9ments de prescriptions g\u00e9n\u00e9rales\nPour assurer la protection de la s\u00e9curit\u00e9 publique, les prescriptions g\u00e9n\u00e9rales applicables \u00e0\nl'\u00e9tablissement sont compl\u00e9t\u00e9es par les articles 4.1 \u00e0 4.6.\nArticle 4.1 \u2013 Stockage de mati\u00e8res combustibles\nAucune mati\u00e8re combustible n'est entrepos\u00e9e \u00e0 moins de 4 m\u00e8tres du four de traitement\nthermique.\nArticle 4.2 \u2013 Astreinte\nUne astreinte est mise en place, de fa\u00e7on \u00e0 ce qu'un repr\u00e9sentant de l'exploitant soit joignable\n\u00e0 tout moment.\nArticle 4.3 \u2013 Syst\u00e8me de d\u00e9tection automatique incendie\nL'atelier  abritant  le  four  de  traitement  thermique  est  \u00e9quip\u00e9  d'un  syst\u00e8me  de  d\u00e9tection\nautomatique d'incendie. Ce syst\u00e8me est maintenu en bon \u00e9tat de fonctionnement et contr\u00f4l\u00e9\np\u00e9riodiquement, en fonction des risques, et au moins annuellement ainsi qu'\u00e0 la suite de toute\nmodification, par une personne comp\u00e9tente.\nLes dates et la nature des contr\u00f4les sont consign\u00e9es dans un registre. Les anomalies constat\u00e9es\nsont consign\u00e9es de mani\u00e8re explicite dans ce registre, ainsi que la liste des mesures correctives\nqui sont r\u00e9alis\u00e9es au plus t\u00f4t, accompagn\u00e9es de leur date de r\u00e9alisation. Ce registre est tenu \u00e0 la\ndisposition de l'inspection des installations class\u00e9es.\nLe report d'alarme de ce syst\u00e8me s'effectue a minima sur l'astreinte d\u00e9crite \u00e0 l'article 4.2 du\npr\u00e9sent arr\u00eat\u00e9.\nArticle 4.4 \u2013 Formation du personnel\nLe  personnel  est  form\u00e9  p\u00e9riodiquement  \u00e0  la  mise  en  \u0153uvre  des  moyens  de  lutte  contre\nl'incendie ainsi qu'au d\u00e9ploiement des dispositifs mentionn\u00e9s au point 2.1.1. de l'annexe I de\nl'arr\u00eat\u00e9 minist\u00e9riel du 27 juillet 2015 susvis\u00e9.\nL'exploitant consigne sur un registre les dates des formations effectu\u00e9es.\nArticle 4.5 \u2013 Exercices de d\u00e9fense contre l'incendie\nDans l'ann\u00e9e suivant le d\u00e9but de l'exploitation, l'exploitant organise un exercice de d\u00e9fense\ncontre l'incendie, en lien avec le centre de secours de proximit\u00e9. Cet exercice est renouvel\u00e9 au\nmoins tous les trois ans. Les exercices font l'objet de comptes rendus qui sont tenus \u00e0 la\ndisposition de l'inspection des installations classes et conserv\u00e9s au moins quatre ans dans le\ndossier pr\u00e9vu au point 1.4 de l'annexe  I de l'arr\u00eat\u00e9 minist\u00e9riel du 27 juillet 2015 susvis\u00e9.\nArticle 4.6 \u2013 Plan de d\u00e9fense incendie\nL'exploitant \u00e9tablit et tient \u00e0 jour un plan de d\u00e9fense incendie d\u00e9crivant l'organisation du site\nen cas de sinistre, notamment  :\n\u2022le sch\u00e9ma d'alerte d\u00e9crivant les actions \u00e0 mener \u00e0 compter de la d\u00e9tection d'un incendie\n(l'origine et la prise en compte de l'alerte, l'appel des secours ext\u00e9rieurs, la liste des\ninterlocuteurs internes et externes)  ;\n\u2022l'organisation de la premi\u00e8re intervention face \u00e0 un \u00e9pandage ou un incendie  ;\n309 \u25a1 PREFECTURE - DIRECTION DE LA COORDINATION INTERMINISTERIELLE ET DE L'APPUI TERRITORIAL - 09-2024-05-31-00001 - AP\nde prescriptions sp\u00e9ciales - Soci\u00e9t\u00e9 CMA Industry \u00e0 Tarascon-sur-Ari\u00e8ge 5\n\u2022les modalit\u00e9s d'accueil des services d'incendie et de secours en p\u00e9riodes ouvr\u00e9es ou non\nouvr\u00e9es ;\n\u2022la justification des comp\u00e9tences du personnel susceptible d'intervenir en cas d'alerte\nnotamment en mati\u00e8re de formations, de qualifications et d'entra\u00eenements  ;\n\u2022la  chronologie  et  la  dur\u00e9e  des  op\u00e9rations  n\u00e9cessaires  pour  l'accomplissement  des\nop\u00e9rations d'extinction  ;\n\u2022la  chronologie  et  la  dur\u00e9e  des  op\u00e9rations  mises  en  \u0153uvre  par  l'exploitant.  Ces\nop\u00e9rations  peuvent  comprendre  des  op\u00e9rations  d'extinction,  des  op\u00e9rations\npermettant d'\u00e9viter la propagation d'incendie dans l'attente de l'arriv\u00e9e des services\nd'incendie et de secours, etc.  ;\n\u2022la d\u00e9monstration de l'ad\u00e9quation, de la provenance et de la disponibilit\u00e9 des moyens en\neau  et  en  \u00e9mulseur  n\u00e9cessaires  dont  il  dispose  (en  propre,  par  protocoles  d'aide\nmutuelle ou par conventions de droit priv\u00e9) pour l'accomplissement des op\u00e9rations\nd'extinction ;\n\u2022la d\u00e9monstration de l'ad\u00e9quation, de la provenance et du d\u00e9lai de mise en \u0153uvre des\nmoyens  humains  et  mat\u00e9riels  n\u00e9cessaires  aux  op\u00e9rations  qu'il  met  en  \u0153uvre.\nL'exploitant \u00e9value \u00e9galement l'\u00e9cart entre les moyens humains et mat\u00e9riels dont il\ndispose (en propre, par protocoles d'aide mutuelle ou par conventions de droit priv\u00e9) et\nles moyens compl\u00e9mentaires n\u00e9cessaires aux op\u00e9rations d'extinction  ;\n\u2022les modalit\u00e9s de gestion de d\u00e9potage des eaux pollu\u00e9es en cas de sinistre.\nCe plan devra \u00e9galement pr\u00e9ciser le positionnement de l'implantation du local technique de\nl'installation photovolta\u00efque. Les dispositifs de coupure d'alimentation des diff\u00e9rents r\u00e9seaux\nseront pr\u00e9cis\u00e9s, avec l'indication de la port\u00e9e de leur action (coupure g\u00e9n\u00e9rale ou sur un secteur\ndonn\u00e9).\nCe plan int\u00e9grera des \u00e9l\u00e9ments cartographiques.\nLe plan de d\u00e9fense incendie est transmis pour avis aux services d'incendie et de secours et pour\ninformation \u00e0 l'inspection des installations class\u00e9es.\nArticle 5 \u2013 Sanctions\nLes  infractions  ou  l'inobservation  des  conditions  l\u00e9gales  fix\u00e9es  par  le  pr\u00e9sent  arr\u00eat\u00e9\nentra\u00eenent l'application des sanctions administratives et p\u00e9nales pr\u00e9vues par le titre VII du\nlivre Ier du code de l'environnement.\nArticle 6 \u2013 Frais\nTous les frais inh\u00e9rents \u00e0 l'application des prescriptions du pr\u00e9sent arr\u00eat\u00e9 sont \u00e0 la charge de\nl'exploitant.\nArticle 7 \u2013 D\u00e9lais et voies de recours\nEn application de l'article L.  514-6 du code de l'environnement le pr\u00e9sent arr\u00eat\u00e9 est soumis \u00e0\nun contentieux de pleine juridiction.\nIl  peut  \u00eatre  d\u00e9f\u00e9r\u00e9  aupr\u00e8s  du  tribunal  administratif  de  Toulouse  par  courrier  ou  par\nl'application  informatique  T\u00e9l\u00e9recours,  accessible  par  le  lien  internet\nhttp://www.telerecours.fr , par :\n1\u00b0  les  tiers,  personnes  physiques  ou  morales,  les  communes  int\u00e9ress\u00e9es  ou  leurs\ngroupements,  en  raison  des  inconv\u00e9nients  ou  des  dangers  que  le  fonctionnement  de\nl'installation pr\u00e9sente pour les int\u00e9r\u00eats mentionn\u00e9s aux articles L.  211-1 et L. 511-1 du code de\nl'environnement, dans un d\u00e9lai de quatre mois \u00e0 compter de la publication ou de l'affichage\ndu pr\u00e9sent arr\u00eat\u00e9 ;\n409 \u25a1 PREFECTURE - DIRECTION DE LA COORDINATION INTERMINISTERIELLE ET DE L'APPUI TERRITORIAL - 09-2024-05-31-00001 - AP\nde prescriptions sp\u00e9ciales - Soci\u00e9t\u00e9 CMA Industry \u00e0 Tarascon-sur-Ari\u00e8ge 6\n2\u00b0 les demandeurs ou exploitants, dans un d\u00e9lai de deux mois qui commence \u00e0 courir du\njour o\u00f9 l'arr\u00eat\u00e9 leur a \u00e9t\u00e9 notifi\u00e9.\nTout recours administratif ou contentieux doit \u00eatre notifi\u00e9 \u00e0 l'auteur et au b\u00e9n\u00e9ficiaire de la\nd\u00e9cision, \u00e0 peine, selon  le cas, de non  prorogation du d\u00e9lai de recours contentieux ou\nd'irrecevabilit\u00e9. Cette notification doit \u00eatre adress\u00e9e par lettre recommand\u00e9e avec accus\u00e9\nde r\u00e9ception dans un d\u00e9lai de quinze jours francs \u00e0 compter de la date d'envoi du recours\nadministratif ou du d\u00e9p\u00f4t du recours contentieux.\nArticle 8 \u2013 Information aux tiers\nEn  application  des  dispositions  des  articles  R.  512-49  et  R. 512-52  du  code  de\nl'environnement,  une  copie  du  pr\u00e9sent  arr\u00eat\u00e9  demeurera  d\u00e9pos\u00e9e  \u00e0  la  mairie  de\nTarascon-sur-Ari\u00e8ge  pour y \u00eatre consult\u00e9e par tout int\u00e9ress\u00e9.\nL'arr\u00eat\u00e9  est  publi\u00e9  sur  le  site  internet des  services  de  l'\u00c9tat en  Ari\u00e8ge  pour une  dur\u00e9e\nminimale de trois ans.\nL'information des tiers s'effectue dans le respect du secret de la d\u00e9fense nationale, du secret\nindustriel et de tout secret prot\u00e9g\u00e9 par la loi.\nArticle 9 \u2013 Ex\u00e9cution\nLe secr\u00e9taire g\u00e9n\u00e9ral de la pr\u00e9fecture de l'Ari\u00e8ge, le directeur  r\u00e9gional de l'environnement, de\nl'am\u00e9nagement  et  du  logement  d'Occitanie  et  le  maire  de  la  commune  de\nTarascon-sur-Ari\u00e8ge sont charg\u00e9s chacun en ce qui le concerne, de l'ex\u00e9cution du pr\u00e9sent\narr\u00eat\u00e9 qui sera publi\u00e9 au recueil d\u00e9partemental des actes administratifs et notifi\u00e9 \u00e0 la soci\u00e9t\u00e9\nCMA Industry.\nFait \u00e0 Foix, le 31 mai 2024\nPour le pr\u00e9fet et par d\u00e9l\u00e9gation,\nLe secr\u00e9taire g\u00e9n\u00e9ral\nSign\u00e9\nJean-Philippe DARGENT\n509 \u25a1 PREFECTURE - DIRECTION DE LA COORDINATION INTERMINISTERIELLE ET DE L'APPUI TERRITORIAL - 09-2024-05-31-00001 - AP\nde prescriptions sp\u00e9ciales - Soci\u00e9t\u00e9 CMA Industry \u00e0 Tarascon-sur-Ari\u00e8ge 7\nEs\nPREFET  _\nDE L'ARI\u00c8GE\nLibert\u00e9\nEgalit\u00e9\nFraternit\u00e9\nCABINET\nDIRECTION DES S\u00c9CURIT\u00c9S\nBureau de la s\u00e9curit\u00e9 int\u00e9rieure\nArr\u00eat\u00e9 pr\u00e9fectoral autorisant la captation, l'enregistrement et la transmission\nd'images au moyen de cam\u00e9ras install\u00e9es sur des a\u00e9ronefs\nLe pr\u00e9fet de l'Ari\u00e8ge\nVu le code de la s\u00e9curit\u00e9 int\u00e9rieure  et notamment ses articles L. 242-1 \u00e0 L. 242-8 et R. 242-8 \u00e0 R. 242-\n14 ;\nVu le d\u00e9cret n\u00b0 2004-374 du 29 avril 2004 relatif aux pouvoirs des pr\u00e9fets, \u00e0 l'organisation et \u00e0\nl'action des services de l'\u00c9tat dans les r\u00e9gions et d\u00e9partements  ;\nVu le d\u00e9cret du Pr\u00e9sident de la R\u00e9publique du 13 juillet 2023, nommant Monsieur Simon BERTOUX\nen qualit\u00e9 de pr\u00e9fet de l'Ari\u00e8ge  ;\nVu l'arr\u00eat\u00e9 du ministre de l'Int\u00e9rieur et des outre-mer, en date du 19 avril 2023 relatif au nombre\nmaximal de cam\u00e9ras install\u00e9es sur des a\u00e9ronefs pouvant \u00eatre simultan\u00e9ment utilis\u00e9es dans chaque\nd\u00e9partement et collectivit\u00e9 d'outre-mer ;\nVu  l'arr\u00eat\u00e9 pr\u00e9fectoral du 23 avril 2024 portant d\u00e9l\u00e9gation de signature \u00e0 Monsieur Jean-Philippe\nDARGENT, secr\u00e9taire g\u00e9n\u00e9ral de la pr\u00e9fecture de l'Ari\u00e8ge  ;\nVu la demande n\u00b021393  en date du 28 mai 2024 du  colonel Fr\u00e9d\u00e9ric WAGNER commandant le\ngroupement de gendarmerie d\u00e9partementale de l'Ari\u00e8ge, visant \u00e0 obtenir l'autorisation de capter\ndes  images  au  moyen  d'une  cam\u00e9ra  vid\u00e9o  WESCAM  type  MX-15i,  embarqu\u00e9e  \u00e0  bord  d'un\nh\u00e9licopt\u00e8re de la gendarmerie,  aux fins d'assurer la protection du rassemblement non d\u00e9clar\u00e9 pr\u00e9vu\ndu 31 mai 2024 au 2 juin 2024 dans les zones des gravi\u00e8res situ\u00e9es sur le territoire des communes de\nSaverdun, Le Vernet, Montaut, Varilhes et Roumengoux  et d'assurer la pr\u00e9vention des atteintes \u00e0 la\ns\u00e9curit\u00e9 des personnes et des biens ainsi que  le secours aux personnes lors de ce rassemblement  ;\nConsid\u00e9rant que  les  dispositions  susvis\u00e9es  permettent  aux  forces  de  s\u00e9curit\u00e9  int\u00e9rieure,  dans\nl'exercice de leurs missions de pr\u00e9vention des atteintes \u00e0 l'ordre public et de protection de la\ns\u00e9curit\u00e9 des personnes et des biens, de proc\u00e9der \u00e0 la captation d'images au moyen de cam\u00e9ras\ninstall\u00e9es sur des a\u00e9ronefs t\u00e9l\u00e9pilot\u00e9s aux fins d'assurer la s\u00e9curit\u00e9 des personnes et des biens et\npr\u00e9venir les troubles \u00e0 l'ordre public dans le cadre des op\u00e9rations de r\u00e9tablissement de l'ordre\npublic ; que notamment, le 1\u00b0 de l'article L. 242-5 du code de la s\u00e9curit\u00e9 int\u00e9rieure susvis\u00e9 pr\u00e9voit\nque ces dispositifs peuvent \u00eatre mis en \u0153uvre au titre de la pr\u00e9vention des atteintes \u00e0 la s\u00e9curit\u00e9\ndes  personnes  et  des  biens  dans  des  lieux  particuli\u00e8rement  expos\u00e9s,  en  raison  de  leurs\ncaract\u00e9ristiques ou des faits qui s'y sont d\u00e9j\u00e0 d\u00e9roul\u00e9s  ; que le 2\u00b0 du m\u00eame article pr\u00e9voit que ces\ndispositifs puissent \u00eatre utilis\u00e9s pour  la s\u00e9curit\u00e9 des rassemblements de personnes sur la voie\npublique ou dans les lieux ouverts au public ainsi que l'appui des personnels au sol, en vue de leur\npermettre de maintenir ou de r\u00e9tablir l'ordre public, lorsque ces rassemblements sont susceptibles\n2 rue de la Pr\u00e9fecture - Pr\u00e9fet Claude - Erignac B.P . 40087 - 09007 Foix Cedex \u2013 T\u00e9l : 05 61 02 10 00\nSite internet : www.ariege.gouv.fr09 \u25a1 PREFECTURE \u25a1 DIRECTION DU CABINET - 09-2024-05-30-00005 - \nArr\u00eat\u00e9 pr\u00e9fectoral autorisant la captation, l\u25a1enregistrement et la transmission\nd\u25a1images au moyen de cam\u00e9ras install\u00e9es sur des a\u00e9ronefs8\nd'entra\u00eener des troubles graves \u00e0 l'ordre public  ; que le 6\u00b0 du m\u00eame article autorise l'utilisation de\nces dispositifs pour le secours aux personnes  ;\nConsid\u00e9rant l'appel \u00e0 un rassemblement non d\u00e9clar\u00e9 dans le cadre du week-end militant organis\u00e9\npar le collectif \u00ab Extinction R\u00e9bellion  \u00bb et intitul\u00e9 \u00ab la gravi\u00e8re est une ordure  \u00bb du 31 mai 2024 au 02\njuin  2024  qui  s'installera  entre  les  communes  de  Saverdun,  Le  Vernet,  Montaut,  Varilhes  et\nRoumengoux ; que cette action a \u00e9t\u00e9 largement relay\u00e9e sur les r\u00e9seaux sociaux notamment par\nd'autres  collectifs  analogues  comme  \u00ab  Soul\u00e8vements  de  la  Terre  \u00bb  et  les  \u00ab anti  A69 \u00bb ;  qu'un\n\u00e9v\u00e8nement sur la voie publique d\u00e9nomm\u00e9 \u00ab  manif'action \u00bb est annonc\u00e9 par les organisateurs pour\nla journ\u00e9e du 1er juin 2024 ; que la th\u00e9matique de l'\u00e9v\u00e8nement, l'association d'autres collectifs et le\nmode d'action envisag\u00e9 laissent pr\u00e9sager une action \u00e0 l'encontre des gravi\u00e8res, avec une forte\nprobabilit\u00e9 de d\u00e9gradations des \u00e9quipements pr\u00e9sents sur les sites  ;\nConsid\u00e9rant l'incertitude  d'installation  du  camp  de  base  et  du  parcours  de  la  manifestation\norganis\u00e9e  du  fait  de  l'absence  de  d\u00e9claration  par  les  organisateurs  ;  que  les  lieux  vis\u00e9s  sont\ncompos\u00e9s de gravi\u00e8res abritant des tas de mat\u00e9riaux et la pr\u00e9sence d'installations sp\u00e9cifiques \u00e0\nl'exploitation, non s\u00e9curis\u00e9es et pouvant \u00eatre cibl\u00e9es par les manifestants  ; consid\u00e9rant les risques\ns\u00e9rieux de troubles \u00e0 l'ordre public  au regard du 2\u00b0 de l'article  L. 242-5 du code de la s\u00e9curit\u00e9\nint\u00e9rieure susvis\u00e9 ;\nConsid\u00e9rant que  le  recours  \u00e0  des  dispositifs  de  captation  d'images  install\u00e9s  sur  des  a\u00e9ronefs\nconstitue un appui n\u00e9cessaire \u00e0 l'intervention des forces de l'ordre  en leur permettant de b\u00e9n\u00e9ficier\nd'une vision de grand angle dans le but d'identifier et pr\u00e9venir rapidement le risque d'incident, tout\nen limitant l'engagement des forces au sol, permettant de prot\u00e9ger leur int\u00e9grit\u00e9 physique du risque\nd'altercation sur des terrains complexes  ;\nConsid\u00e9rant que les zones vis\u00e9es sont compos\u00e9es de gravi\u00e8res abritant des zones dangereuses et\nnotamment  la  pr\u00e9sence  de  points  d'eaux  entour\u00e9s  de  berges  fortement  instables  ;  que  cette\ntopographie  pr\u00e9sente  des  risques  pour  la  s\u00e9curit\u00e9  des  manifestants,  rend  plus  difficile\nl'identification de bless\u00e9s et ralentit la mise en place d'un dispositif de prise en charge rapide  ; que\nle recours \u00e0 des dispositifs de captation d'images install\u00e9s sur des a\u00e9ronefs est indispensable pour\norganiser  le  secours  aux  personnes,  au  titre  du  6\u00b0  de  l'article  L.242-5  du  code  de  la  s\u00e9curit\u00e9\nint\u00e9rieure susvis\u00e9 ; \nConsid\u00e9rant qu'il  n'existe  pas  de  dispositif  moins  intrusif  permettant  de  parvenir  aux  fins\nsusmentionn\u00e9es ; \nConsid\u00e9rant  que  les  secteurs  d\u00e9finis  par  les  forces  de  l'ordre  pour  ce  rassemblement  sont\nd\u00e9pourvus de vid\u00e9osurveillance  et que les difficult\u00e9s topographiques des lieux ne permettent pas\nd'op\u00e9rer une surveillance effective par d'autres moyens  ;\nConsid\u00e9rant que la demande est strictement limit\u00e9e aux sites des gravi\u00e8res et \u00e0 leurs abords, o\u00f9\nsont susceptibles de se commettre les troubles \u00e0 l'ordre public ou les accidents  ; que la dur\u00e9e de\nl'autorisation est \u00e9galement strictement limit\u00e9e \u00e0 la dur\u00e9e du rassemblement  ;\nConsid\u00e9rant  que le  recours  \u00e0  la  captation  d'images  fera  l'objet  d'une  information  sp\u00e9cifique\nadapt\u00e9e, par la diffusion de messages sonores effectu\u00e9s via m\u00e9gaphone  et par le biais d'affichages\nsur les v\u00e9hicules des forces de l'ordre pr\u00e9sentes sur les lieux du rassemblement  ; \nConsid\u00e9rant l'imp\u00e9ratif  de  continuit\u00e9  de  la  captation  des  images  durant  l'int\u00e9gralit\u00e9  de  la\nmanifestation ; que la capacit\u00e9 d'autonomie de l'a\u00e9ronef t\u00e9l\u00e9pilot\u00e9 d\u00e9j\u00e0 autoris\u00e9 pour les m\u00eames\nfinalit\u00e9s et sur les m\u00eames p\u00e9rim\u00e8tres  est limit\u00e9e ;\nSur proposition de la directrice adjointe de cabinet de la pr\u00e9fecture de l'Ari\u00e8ge  ;\nA R R \u00ca T E09 \u25a1 PREFECTURE \u25a1 DIRECTION DU CABINET - 09-2024-05-30-00005 - \nArr\u00eat\u00e9 pr\u00e9fectoral autorisant la captation, l\u25a1enregistrement et la transmission\nd\u25a1images au moyen de cam\u00e9ras install\u00e9es sur des a\u00e9ronefs9\nArticle 1     :\nLa captation d'images par le groupement de gendarmerie d\u00e9partementale de l'Ari\u00e8ge est autoris\u00e9e\npour la manifestation non d\u00e9clar\u00e9e du collectif \u00ab  Extinction R\u00e9bellion  \u00bb le samedi 1er juin 2024 de 9h\n\u00e0 21h, pour les finalit\u00e9s suivantes  :\n-  la s\u00e9curit\u00e9 des rassemblements de personnes sur la voie publique ou dans des lieux ouverts\nau public, ainsi que l'appui des personnels au sol, en vue de leur permettre de maintenir ou de\nr\u00e9tablir l'ordre public lorsque ces rassemblements sont susceptibles d'entra\u00eener des troubles\ngraves \u00e0 l'ordre public  ;\n-  la  pr\u00e9vention  des  atteintes  \u00e0  la  s\u00e9curit\u00e9  des  personnes  et  des  biens  dans  des  lieux  \nparticuli\u00e8rement expos\u00e9s \u00e0 des risques d'agression, en raison de leurs caract\u00e9ristiques et des \nfaits qui s'y sont d\u00e9roul\u00e9s  ;\n-  le secours aux personnes.\nArticle 2     :  \nLe nombre maximal de cam\u00e9ras pouvant proc\u00e9der simultan\u00e9ment aux traitements mentionn\u00e9s \u00e0\nl'article 1er est fix\u00e9 \u00e0 une cam\u00e9ra vid\u00e9o WESCAM type MX-15i, embarqu\u00e9e \u00e0 bord d'un h\u00e9licopt\u00e8re de\nla gendarmerie.\nArticle 3     :  \nLa pr\u00e9sente autorisation est limit\u00e9e aux territoires des communes de Saverdun, Montaut, Le Vernet,\nVarilhes et Roumengoux.\nArticle 4     :  \nLa pr\u00e9sente autorisation est d\u00e9livr\u00e9e pour la dur\u00e9e du rassemblement, soit du samedi 1er juin 2024 \u00e0\n9h au samedi 1er juin 2024 \u00e0 21 h. \nArticle 5 :\nLors  du  rassemblement,  l'information  du  public  est  assur\u00e9e  par  l'affichage  de  messages\nd'informations sur les v\u00e9hicules des forces de l'ordre pr\u00e9sentes sur le site et par la diffusion de\nmessage sonore effectu\u00e9e via m\u00e9gaphone.\nArticle 6 :\nLe  registre  mentionn\u00e9  \u00e0  l'article  L.  242-4  du  code  de  la  s\u00e9curit\u00e9  int\u00e9rieure  est  transmis  au\nrepr\u00e9sentant de l'\u00c9tat dans le d\u00e9partement \u00e0 l'issue du rassemblement. \nArticle 7 :\nLe pr\u00e9sent arr\u00eat\u00e9 est publi\u00e9 au recueil des actes administratifs de la pr\u00e9fecture et peut faire l'objet\nd'un recours devant le tribunal administratif de Toulouse dans un d\u00e9lai de deux mois \u00e0 compter de\nsa publication.\nArticle 8     :   \nLe secr\u00e9taire g\u00e9n\u00e9ral de la pr\u00e9fecture de l'Ari\u00e8ge, le sous-pr\u00e9fet de l'arrondissement de Pamiers et le\ncommandant du groupement de gendarmerie d\u00e9partementale sont charg\u00e9s, chacun en ce qui le\nconcerne, de l'ex\u00e9cution du pr\u00e9sent arr\u00eat\u00e9.\nFait \u00e0 Foix, le 30 mai 2024\nPour le pr\u00e9fet et par d\u00e9l\u00e9gation,\nLe secr\u00e9taire g\u00e9n\u00e9ral,\nSIGNE\nJean-Philippe DARGENT09 \u25a1 PREFECTURE \u25a1 DIRECTION DU CABINET - 09-2024-05-30-00005 - \nArr\u00eat\u00e9 pr\u00e9fectoral autorisant la captation, l\u25a1enregistrement et la transmission\nd\u25a1images au moyen de cam\u00e9ras install\u00e9es sur des a\u00e9ronefs10\nEs\nPREFET  _\nDE L'ARI\u00c8GE\nLibert\u00e9\nEgalit\u00e9\nFraternit\u00e9\nCABINET\nDIRECTION DES S\u00c9CURIT\u00c9S\nBureau de la s\u00e9curit\u00e9 int\u00e9rieure\nArr\u00eat\u00e9 pr\u00e9fectoral autorisant la captation, l'enregistrement et la transmission\nd'images au moyen de cam\u00e9ras install\u00e9es sur des a\u00e9ronefs\nLe pr\u00e9fet de l'Ari\u00e8ge\nVu le code de la s\u00e9curit\u00e9 int\u00e9rieure  et notamment ses articles L. 242-1 \u00e0 L. 242-8 et R. 242-8 \u00e0 R. 242-\n14 ;\nVu le d\u00e9cret n\u00b0 2004-374 du 29 avril 2004 relatif aux pouvoirs des pr\u00e9fets, \u00e0 l'organisation et \u00e0\nl'action des services de l'\u00c9tat dans les r\u00e9gions et d\u00e9partements  ;\nVu le d\u00e9cret du Pr\u00e9sident de la R\u00e9publique du 13 juillet 2023, nommant Monsieur Simon BERTOUX\nen qualit\u00e9 de pr\u00e9fet de l'Ari\u00e8ge  ;\nVu l'arr\u00eat\u00e9 du ministre de l'Int\u00e9rieur et des outre-mer, en date du 19 avril 2023 relatif au nombre\nmaximal de cam\u00e9ras install\u00e9es sur des a\u00e9ronefs pouvant \u00eatre simultan\u00e9ment utilis\u00e9es dans chaque\nd\u00e9partement et collectivit\u00e9 d'outre-mer  ;\nVu  l'arr\u00eat\u00e9 pr\u00e9fectoral du 23 avril 2024 portant d\u00e9l\u00e9gation de signature \u00e0 Monsieur Jean-Philippe\nDARGENT, secr\u00e9taire g\u00e9n\u00e9ral de la pr\u00e9fecture de l'Ari\u00e8ge  ;\nVu la demande n\u00b021391  en date du 28 mai 2024 du  colonel Fr\u00e9d\u00e9ric WAGNER commandant le\ngroupement de gendarmerie d\u00e9partementale de l'Ari\u00e8ge, visant \u00e0 obtenir l'autorisation de capter\ndes images au moyen d'une cam\u00e9ra vid\u00e9o embarqu\u00e9e \u00e0 bord d'un a\u00e9ronef t\u00e9l\u00e9pilot\u00e9 de marque DJI\nMatrice  30T,  r\u00e9f\u00e9renc\u00e9  n\u00b0  1581F5BKD238E00EUPRO,  aux  fins  d'assurer  la  protection  du\nrassemblement non d\u00e9clar\u00e9 pr\u00e9vu du 31 mai 2024 au 2 juin 2024 dans les zones des gravi\u00e8res situ\u00e9es\nsur  le  territoire  des  communes  de  Saverdun,  Le  Vernet,  Montaut,  Varilhes  et  Roumengoux  et\nd'assurer la pr\u00e9vention des atteintes \u00e0 la s\u00e9curit\u00e9 des personnes et des biens ainsi que  le secours\naux personnes lors de ce rassemblement  ;\nConsid\u00e9rant que  les  dispositions  susvis\u00e9es  permettent  aux  forces  de  s\u00e9curit\u00e9  int\u00e9rieure,  dans\nl'exercice de leurs missions de pr\u00e9vention des atteintes \u00e0 l'ordre public et de protection de la\ns\u00e9curit\u00e9 des personnes et des biens, de proc\u00e9der \u00e0 la captation d'images au moyen de cam\u00e9ras\ninstall\u00e9es sur des a\u00e9ronefs t\u00e9l\u00e9pilot\u00e9s aux fins d'assurer la s\u00e9curit\u00e9 des personnes et des biens et\npr\u00e9venir les troubles \u00e0 l'ordre public dans le cadre des op\u00e9rations de r\u00e9tablissement de l'ordre\npublic ; que notamment, le 1\u00b0 de l'article L. 242-5 du code de la s\u00e9curit\u00e9 int\u00e9rieure susvis\u00e9 pr\u00e9voit\nque ces dispositifs peuvent \u00eatre mis en \u0153uvre au titre de la pr\u00e9vention des atteintes \u00e0 la s\u00e9curit\u00e9\ndes  personnes  et  des  biens  dans  des  lieux  particuli\u00e8rement  expos\u00e9s,  en  raison  de  leurs\ncaract\u00e9ristiques ou des faits qui s'y sont d\u00e9j\u00e0 d\u00e9roul\u00e9s  ; que le 2\u00b0 du m\u00eame article pr\u00e9voit que ces\ndispositifs puissent \u00eatre utilis\u00e9s pour  la s\u00e9curit\u00e9 des rassemblements de personnes sur la voie\npublique ou dans les lieux ouverts au public ainsi que l'appui des personnels au sol, en vue de leur\npermettre de maintenir ou de r\u00e9tablir l'ordre public, lorsque ces rassemblements sont susceptibles\n2 rue de la Pr\u00e9fecture - Pr\u00e9fet Claude - Erignac B.P . 40087 - 09007 Foix Cedex \u2013 T\u00e9l : 05 61 02 10 00\nSite internet : www.ariege.gouv.fr09 \u25a1 PREFECTURE \u25a1 DIRECTION DU CABINET - 09-2024-05-30-00004 - Arr\u00eat\u00e9 pr\u00e9fectoral autorisant la captation, l\u25a1enregistrement et la\ntransmission\nd\u25a1images au moyen de cam\u00e9ras install\u00e9es sur des a\u00e9ronefs11\nd'entra\u00eener des troubles graves \u00e0 l'ordre public  ; que le 6\u00b0 du m\u00eame article autorise l'utilisation de\nces dispositifs pour le secours aux personnes  ;\nConsid\u00e9rant l'appel \u00e0 un rassemblement non d\u00e9clar\u00e9 dans le cadre du week-end militant organis\u00e9\npar le collectif \u00ab Extinction R\u00e9bellion  \u00bb et intitul\u00e9 \u00ab la gravi\u00e8re est une ordure  \u00bb du 31 mai 2024 au 02\njuin  2024  qui  s'installera  entre  les  communes  de  Saverdun,  Le  Vernet,  Montaut,  Varilhes  et\nRoumengoux ; que cette action a \u00e9t\u00e9 largement relay\u00e9e sur les r\u00e9seaux sociaux notamment par\nd'autres  collectifs  analogues  comme  \u00ab  Soul\u00e8vements  de  la  Terre  \u00bb  et  les  \u00ab anti  A69 \u00bb ;  qu'un\n\u00e9v\u00e8nement sur la voie publique d\u00e9nomm\u00e9 \u00ab  manif'action \u00bb est annonc\u00e9 par les organisateurs pour\nla journ\u00e9e du 1er juin 2024 ; que la th\u00e9matique de l'\u00e9v\u00e8nement, l'association d'autres collectifs et le\nmode d'action envisag\u00e9 laissent pr\u00e9sager une action \u00e0 l'encontre des gravi\u00e8res, avec une forte\nprobabilit\u00e9 de d\u00e9gradations des \u00e9quipements pr\u00e9sents sur les sites  ;\nConsid\u00e9rant l'incertitude  d'installation  du  camp  de  base  et  du  parcours  de  la  manifestation\norganis\u00e9e  du  fait  de  l'absence  de  d\u00e9claration  par  les  organisateurs  ;  que  les  lieux  vis\u00e9s  sont\ncompos\u00e9s de gravi\u00e8res abritant des tas de mat\u00e9riaux et la pr\u00e9sence d'installations sp\u00e9cifiques \u00e0\nl'exploitation, non s\u00e9curis\u00e9es et pouvant \u00eatre cibl\u00e9es par les manifestants  ; consid\u00e9rant les risques\ns\u00e9rieux de troubles \u00e0 l'ordre public  au regard du 2\u00b0 de l'article  L. 242-5 du code de la s\u00e9curit\u00e9\nint\u00e9rieure susvis\u00e9 ;\nConsid\u00e9rant que  le  recours  \u00e0  des  dispositifs  de  captation  d'images  install\u00e9s  sur  des  a\u00e9ronefs\nt\u00e9l\u00e9pilot\u00e9s constitue un appui n\u00e9cessaire \u00e0 l'intervention des forces de l'ordre  en leur permettant\nde b\u00e9n\u00e9ficier d'une vision de grand angle dans le but d'identifier et pr\u00e9venir rapidement le risque\nd'incident, tout en limitant l'engagement des forces au sol, permettant de prot\u00e9ger leur int\u00e9grit\u00e9\nphysique du risque d'altercation  sur des terrains complexes  ;\nConsid\u00e9rant que les zones vis\u00e9es sont compos\u00e9es de gravi\u00e8res abritant des zones dangereuses et\nnotamment  la  pr\u00e9sence  de  points  d'eaux  entour\u00e9s  de  berges  fortement  instables  ;  que  cette\ntopographie  pr\u00e9sente  des  risques  pour  la  s\u00e9curit\u00e9  des  manifestants,  rend  plus  difficile\nl'identification de bless\u00e9s et ralentit la mise en place d'un dispositif de prise en charge rapide  ; que\nle  recours  \u00e0  des  dispositifs  de  captation  d'images  install\u00e9s  sur  des  a\u00e9ronefs  t\u00e9l\u00e9pilot\u00e9s  est\nindispensable pour organiser le secours aux personnes, au titre du 6\u00b0 de l'article L.242-5 du code de\nla s\u00e9curit\u00e9 int\u00e9rieure susvis\u00e9 ; \nConsid\u00e9rant qu'il  n'existe  pas  de  dispositif  moins  intrusif  permettant  de  parvenir  aux  fins\nsusmentionn\u00e9es ; \nConsid\u00e9rant  que  les  secteurs  d\u00e9finis  par  les  forces  de  l'ordre  pour  ce  rassemblement  sont\nd\u00e9pourvus de vid\u00e9osurveillance  et que les difficult\u00e9s topographiques des lieux ne permettent pas\nd'op\u00e9rer une surveillance effective par d'autres moyens  ;\nConsid\u00e9rant que la demande est strictement limit\u00e9e aux sites des gravi\u00e8res et \u00e0 leurs abords, o\u00f9\nsont susceptibles de se commettre les troubles \u00e0 l'ordre public ou les accidents  ; que la dur\u00e9e de\nl'autorisation est \u00e9galement strictement limit\u00e9e \u00e0 la dur\u00e9e du rassemblement  ;\nConsid\u00e9rant  que le  recours  \u00e0  la  captation  d'images  fera  l'objet  d'une  information  sp\u00e9cifique\nadapt\u00e9e, par la diffusion de messages sonores effectu\u00e9s via m\u00e9gaphone  et par le biais d'affichages\nsur les v\u00e9hicules des forces de l'ordre pr\u00e9sentes sur les lieux du rassemblement ; \nConsid\u00e9rant l'imp\u00e9ratif  de  continuit\u00e9  de  la  captation  des  images  durant  l'int\u00e9gralit\u00e9  de  la\nmanifestation ;  que  la  capacit\u00e9  d'autonomie  de  l'a\u00e9ronef  t\u00e9l\u00e9pilot\u00e9  \u00e9tant  limit\u00e9e,  une  cam\u00e9ra\nembarqu\u00e9e \u00e0 bord d'un h\u00e9licopt\u00e8re a d\u00e9j\u00e0 \u00e9t\u00e9 autoris\u00e9e pour les m\u00eames finalit\u00e9s et sur les m\u00eames\np\u00e9rim\u00e8tres ; \nSur proposition de la directrice adjointe de cabinet de la pr\u00e9fecture de l'Ari\u00e8ge  ;\nA R R \u00ca T E09 \u25a1 PREFECTURE \u25a1 DIRECTION DU CABINET - 09-2024-05-30-00004 - Arr\u00eat\u00e9 pr\u00e9fectoral autorisant la captation, l\u25a1enregistrement et la\ntransmission\nd\u25a1images au moyen de cam\u00e9ras install\u00e9es sur des a\u00e9ronefs12\nArticle 1     :\nLa captation d'images par le groupement de gendarmerie d\u00e9partementale de l'Ari\u00e8ge est autoris\u00e9e\npour la manifestation non d\u00e9clar\u00e9e du collectif \u00ab  Extinction R\u00e9bellion  \u00bb le samedi 1er juin 2024 de 9h\n\u00e0 21h, pour les finalit\u00e9s suivantes  :\n-  la s\u00e9curit\u00e9 des rassemblements de personnes sur la voie publique ou dans des lieux ouverts\nau public, ainsi que l'appui des personnels au sol, en vue de leur permettre de maintenir ou de\nr\u00e9tablir l'ordre public lorsque ces rassemblements sont susceptibles d'entra\u00eener des troubles\ngraves \u00e0 l'ordre public  ;\n-  la  pr\u00e9vention  des  atteintes  \u00e0  la  s\u00e9curit\u00e9  des  personnes  et  des  biens  dans  des  lieux  \nparticuli\u00e8rement expos\u00e9s \u00e0 des risques d'agression, en raison de leurs caract\u00e9ristiques et des \nfaits qui s'y sont d\u00e9roul\u00e9s  ;\n-  le secours aux personnes.\nArticle 2     :  \nLe  nombre maximal de cam\u00e9ras pouvant proc\u00e9der simultan\u00e9ment aux traitements mentionn\u00e9s \u00e0\nl'article 1er est fix\u00e9 \u00e0 une cam\u00e9ra embarqu\u00e9e sur un a\u00e9ronef t\u00e9l\u00e9pilot\u00e9 DJI Matrice 30T, r\u00e9f\u00e9renc\u00e9 n\u00b0\n1581F5BKD238E00EUPRO.\nArticle 3     :  \nLa pr\u00e9sente autorisation est limit\u00e9e aux territoires des communes de Saverdun, Montaut, Le Vernet,\nVarilhes et Roumengoux.\nArticle 4     :  \nLa pr\u00e9sente autorisation est d\u00e9livr\u00e9e pour la dur\u00e9e du rassemblement, soit du samedi 1er juin 2024 \u00e0\n9h au samedi 1er juin 2024 \u00e0 21 h. \nArticle 5 :\nLors  du  rassemblement,  l'information  du  public  est  assur\u00e9e  par  l'affichage  de  messages\nd'informations sur les v\u00e9hicules des forces de l'ordre pr\u00e9sentes sur le site et par la diffusion de\nmessage sonore effectu\u00e9e via m\u00e9gaphone.\nArticle 6 :\nLe  registre  mentionn\u00e9  \u00e0  l'article  L.  242-4  du  code  de  la  s\u00e9curit\u00e9  int\u00e9rieure  est  transmis  au\nrepr\u00e9sentant de l'\u00c9tat dans le d\u00e9partement \u00e0 l'issue du rassemblement. \nArticle 7 :\nLe pr\u00e9sent arr\u00eat\u00e9 est publi\u00e9 au recueil des actes administratifs de la pr\u00e9fecture et peut faire l'objet\nd'un recours devant le tribunal administratif de Toulouse dans un d\u00e9lai de deux mois \u00e0 compter de\nsa publication.\nArticle 8     :   \nLe secr\u00e9taire g\u00e9n\u00e9ral de la pr\u00e9fecture de l'Ari\u00e8ge, le sous-pr\u00e9fet de l'arrondissement de Pamiers et le\ncommandant du groupement de gendarmerie d\u00e9partementale sont charg\u00e9s, chacun en ce qui le\nconcerne, de l'ex\u00e9cution du pr\u00e9sent arr\u00eat\u00e9.\nFait \u00e0 Foix, le 30 mai 2024\nPour le pr\u00e9fet et par d\u00e9l\u00e9gation,\nLe secr\u00e9taire g\u00e9n\u00e9ral,\nSIGN\u00c9\nJean-Philippe DARGENT09 \u25a1 PREFECTURE \u25a1 DIRECTION DU CABINET - 09-2024-05-30-00004 - Arr\u00eat\u00e9 pr\u00e9fectoral autorisant la captation, l\u25a1enregistrement et la\ntransmission\nd\u25a1images au moyen de cam\u00e9ras install\u00e9es sur des a\u00e9ronefs13\nzs\nPREFET  |\nDE L'ARI\u00c8GE\nLibert\u00e9\nEgalit\u00e9\nFraternit\u00e9\nCABINET\nDirection des s\u00e9curit\u00e9s\nArr\u00eat\u00e9 pr\u00e9fectoral  r\u00e9glementant temporairement le transport d'artifices, de carburant\nainsi que des substances ou m\u00e9langes dangereux inflammables ou corrosifs sur le\nterritoire des communes de Saverdun, Montaut, Le Vernet, Varilhes et Roumengoux\ndu vendredi 31 mai 2024 au dimanche 2 juin 2024\nLe pr\u00e9fet de l'Ari\u00e8ge\nVu  la directive 2013/29/UE du Parlement europ\u00e9en et du Conseil du 12 juin 2013 relative \u00e0\nl'harmonisation des l\u00e9gislations des \u00c9tats membres concernant la mise \u00e0 disposition sur le\nmarch\u00e9 d'articles pyrotechniques ;\nVu le r\u00e8glement (CE) n\u00b01272/2008 du Parlement europ\u00e9en et du Conseil du 16 d\u00e9cembre 2008\nmodifi\u00e9  relatif  \u00e0  la  classification  \u00e0  l'\u00e9tiquetage  et  \u00e0  l'emballage  des  substances  et  des\nm\u00e9langes ; \nVu la directive 2014/28/UE du Parlement europ\u00e9en et du Conseil du 26 f\u00e9vrier 2014 relative \u00e0\nl'harmonisation des l\u00e9gislations des \u00c9tats membres concernant la mise \u00e0 disposition sur le\nmarch\u00e9 et le contr\u00f4le des explosifs \u00e0 usage civil ;\nVu le code g\u00e9n\u00e9ral des collectivit\u00e9s territoriales, et notamment l'article L. 2215-1  ;\nVu le code p\u00e9nal, notamment ses articles 22-14-1, 222-15-1, 322-5, 322-11-1 et R. 644-5  ;\nVu le code de proc\u00e9dure p\u00e9nale, notamment son article R. 48-1  ;\nVu le code de la s\u00e9curit\u00e9 int\u00e9rieure, notamment s on article L. 122-1 ;\nVu le code de la d\u00e9fense  ; \nVu le code des douanes, notamment ses articles  38 et 323 ;\nVu le code de l'environnement, notamment le chapitre VII du titre V du livre V  ;\nVu le d\u00e9cret n\u00b0 2004-374 du 29 avril 2004 relatif aux pouvoirs des Pr\u00e9fets, \u00e0 l'organisation et \u00e0\nl'action des services de l'\u00c9tat dans les r\u00e9gions et d\u00e9partements  ;\nVu le  d\u00e9cret  n\u00b02010-580  du  31  mai  2010  modifi\u00e9  relatif  \u00e0  l'acquisition,  la  d\u00e9tention  et\nl'utilisation des artifices de divertissement et des articles pyrotechniques destin\u00e9s au th\u00e9\u00e2tre  ;\nVu  le d\u00e9cret  du Pr\u00e9sident de la R\u00e9publique  du 13 juillet 2023, nommant Monsieur Simon\nBERTOUX en qualit\u00e9 de pr\u00e9fet de l'Ari\u00e8ge  ;\nVu l'arr\u00eat\u00e9 du 31 mai 2010 modifi\u00e9, pris en application des articles 3, 4 et 6 du d\u00e9cret n\u00b0 2010 -\n580  du  31  mai  2010  relatif  \u00e0  l'acquisition,  la  d\u00e9tention  et  l'utilisation  des  artifices  de\ndivertissement et des articles pyrotechniques destin\u00e9s au th\u00e9\u00e2tre ;\nVu  l'arr\u00eat\u00e9 pr\u00e9fectoral du 23 avril 2024 portant d\u00e9l\u00e9gation de signature \u00e0 Monsieur Jean-\nPhilippe DARGENT, secr\u00e9taire g\u00e9n\u00e9ral de la pr\u00e9fecture de l'Ari\u00e8ge  ;09 \u25a1 PREFECTURE \u25a1 DIRECTION DU CABINET - 09-2024-05-30-00003 - Arr\u00eat\u00e9 pr\u00e9fectoral r\u00e9glementant temporairement le transport\nd\u25a1artifices, de carburant ainsi que des substances ou m\u00e9langes dangereux inflammables ou corrosifs sur le territoire des communes\nde Saverdun, Montaut, Le Vernet, Varilhes et Roumengoux\ndu vendredi 31 mai 2024 au dimanche 2 juin 202414\nConsid\u00e9rant qu'en application de l'article L. 122-1 du code de la s\u00e9curit\u00e9 int\u00e9rieure et du\nd\u00e9cret du 29 avril 2004 susvis\u00e9, le pr\u00e9fet a  la  charge de l'ordre public, notamment des\natteintes \u00e0 la s\u00e9curit\u00e9 des personnes et des biens dans son d\u00e9partement  ;\nConsid\u00e9rant qu'en application de l'article R. 644-5 du code p\u00e9nal, sont punis de l'amende\npr\u00e9vue pour les contraventions de la 4  classe la violation des interdictions et le manquement \u1d49\naux  obligations  \u00e9dict\u00e9es  pris  sur  le  fondement  des  pouvoirs  de  police  g\u00e9n\u00e9rale  qui,  \u00e0\nl'occasion  d'\u00e9v\u00e9nements  comportant  des  risques  d'atteinte  \u00e0  la  s\u00e9curit\u00e9  publique,\nr\u00e9glementent notamment au titre du 3\u00b0 dudit article le transport de r\u00e9cipients contenant du\ncarburant ; que l'article R. 48-1 du code de proc\u00e9dure p\u00e9nale rend applicable la proc\u00e9dure de\nl'amende forfaitaire pour les contraventions pr\u00e9cit\u00e9es  ;\nConsid\u00e9rant l'appel \u00e0 un rassemblement non d\u00e9clar\u00e9 dans le cadre du week-end militant\norganis\u00e9 par le collectif \u00ab  Extinction R\u00e9bellion  \u00bb et intitul\u00e9 \u00ab la gravi\u00e8re est une ordure  \u00bb du 31\nmai  2024  au  02  juin  2024  qui  s'installera  entre  les  communes  de  Saverdun,  Le  Vernet,\nMontaut, Varilhes et Roumengoux  ; que cette action a \u00e9t\u00e9 largement relay\u00e9e sur les r\u00e9seaux\nsociaux notamment par d'autres collectifs analogues comme \u00ab  Soul\u00e8vements de la Terre  \u00bb et\nles  \u00ab anti  A69 \u00bb ;  qu'un  \u00e9v\u00e8nement  sur  la  voie  publique  d\u00e9nomm\u00e9  \u00ab  manif'action \u00bb  est\nnotamment annonc\u00e9 par les organisateurs pour la journ\u00e9e du 1er juin 2024 ; que la th\u00e9matique\nde l'\u00e9v\u00e8nement, l'association d'autres collectifs et le mode d'action envisag\u00e9 laissent pr\u00e9sager\nune  action  \u00e0  l'encontre  des  gravi\u00e8res,  avec  une  forte  probabilit\u00e9  de  d\u00e9gradations  des\n\u00e9quipements pr\u00e9sents sur les sites par l'utilisation de dispositifs explosifs ou incendiaires  ;\nConsid\u00e9rant que l'un des moyens pour commettre des d\u00e9gradations contre les mat\u00e9riels\nd'extraction des gravi\u00e8res consiste \u00e0 utiliser, \u00e0 des fins autres que celles pour lesquelles ils\nsont  propos\u00e9s  \u00e0  la  vente,  les  carburants,  combustibles  domestiques  et  artifices  de\ndivertissement, et qu'il convient, de ce fait, de restreindre les conditions de d\u00e9tention et de\ntransport de produits inflammables  et artifices dans les zones cibl\u00e9es des gravi\u00e8res ;\nConsid\u00e9rant qu'il  appartient  \u00e0  l'autorit\u00e9  de  police  comp\u00e9tente  de  prendre  les  mesures\nadapt\u00e9es, n\u00e9cessaires et proportionn\u00e9es visant \u00e0 garantir la s\u00e9curit\u00e9 des personnes et des\nbiens et le retour \u00e0 la tranquillit\u00e9 publique  ; qu'une mesure r\u00e9glementant temporairement le\ntransport de carburant, de gaz inflammable dans les conteneurs individuels, de substances ou\nde  m\u00e9langes  dangereux,  inflammables  ou  corrosifs  et  d'artifices  sur  les  territoires  des\ncommunes  de  Saverdun,  Le  Vernet,  Montaut,  Varilhes  et  Roumengoux,  r\u00e9pond  \u00e0  ces\nobjectifs ;\nSur proposition de la directrice adjointe de cabinet  ;\nARR\u00caTE\nArticle 1 :\nLe transport de carburant, de gaz inflammable dans les conteneurs individuels ainsi que des\nartifices de divertissement et des articles pyrotechniques de cat\u00e9gories C1, F1, C2, F2, C3, F3,\nC4, F4, P1, P2, T1, et T2 sont interdits du vendredi 31 mai 2024 \u00e0 12h au dimanche 2 juin 2024 \u00e0\n21h sur  les  territoires  des  communes  de  Saverdun,  Le  Vernet,  Montaut,  Varilhes  et\nRoumengoux.\nDurant la p\u00e9riode et aux horaires mentionn\u00e9s \u00e0 l'alin\u00e9a pr\u00e9c\u00e9dent, sont \u00e9galement interdits le\nport et le transport par des particuliers, sans motif l\u00e9gitime, dans des conteneurs individuels\nde substances ou m\u00e9langes dangereux, inflammables ou corrosifs au sens du r\u00e8glement (CE)\nn\u00b01272/2008 du Parlement europ\u00e9en et du Conseil du 16 d\u00e9cembre 2008 pr\u00e9cit\u00e9, tels que\nl'essence, le p\u00e9trole, le gaz, l'alcool \u00e0 br\u00fbler, le m\u00e9thanol, la t\u00e9r\u00e9benthine, les solvants.\nArticle 2 :\nEn cas d'urgence et pour r\u00e9pondre \u00e0 un besoin justifi\u00e9, il peut \u00eatre d\u00e9rog\u00e9 aux dispositions de\nl'article 1 du pr\u00e9sent arr\u00eat\u00e9, sur autorisation des forces de s\u00e9curit\u00e9 int\u00e9rieure accord\u00e9e lors\ndes contr\u00f4les.\nArticle 3 :\nLe pr\u00e9sent arr\u00eat\u00e9 peut \u00eatre contest\u00e9 selon les voies et d\u00e9lais mentionn\u00e9s ci- dessous.09 \u25a1 PREFECTURE \u25a1 DIRECTION DU CABINET - 09-2024-05-30-00003 - Arr\u00eat\u00e9 pr\u00e9fectoral r\u00e9glementant temporairement le transport\nd\u25a1artifices, de carburant ainsi que des substances ou m\u00e9langes dangereux inflammables ou corrosifs sur le territoire des communes\nde Saverdun, Montaut, Le Vernet, Varilhes et Roumengoux\ndu vendredi 31 mai 2024 au dimanche 2 juin 202415\nArticle   4   :\nLe  secr\u00e9taire  g\u00e9n\u00e9ral  de  la  pr\u00e9fecture  de  l'Ari\u00e8ge,  le  sous-pr\u00e9fet  de  l'arrondissement  de\nPamiers,  le  colonel  commandant  le  groupement  de  gendarmerie  d\u00e9partementale  sont\ncharg\u00e9s, chacun en ce qui le concerne, de l'ex\u00e9cution du pr\u00e9sent arr\u00eat\u00e9 qui sera publi\u00e9 au\nrecueil des actes administratifs.\n \n\u00c0 Foix, le 30 mai 2024\nPour le pr\u00e9fet et par d\u00e9l\u00e9gation,\nLe secr\u00e9taire g\u00e9n\u00e9ral,\nSIGNE\nJean-Philippe DARGENT\nDans les deux mois \u00e0 compter de la notification du pr\u00e9sent arr\u00eat\u00e9, les recours suivants peuvent \u00eatre introduits  :\n\uf0b7un recours gracieux, adress\u00e9 au cabinet de Monsieur le pr\u00e9fet de l'Ari\u00e8ge  ;\n\uf0b7un recours hi\u00e9rarchique , adress\u00e9 \u00e0 Monsieur le ministre de l'Int\u00e9rieur - Secr\u00e9tariat g\u00e9n\u00e9ral - Place Beauvau -\n75800 Paris cedex 08 ;\n\uf0b7un recours contentieux , adress\u00e9 au tribunal administratif de Toulouse - 68 Rue Raymond IV - BP 7007 - 31068\nToulouse  cedex  07.  Le  tribunal  administratif  peut  \u00eatre  saisi  par  l'application  informatique  \u00ab  T\u00e9l\u00e9recours\ncitoyens \u00bb accessible par le site internet www.telerecours.fr .09 \u25a1 PREFECTURE \u25a1 DIRECTION DU CABINET - 09-2024-05-30-00003 - Arr\u00eat\u00e9 pr\u00e9fectoral r\u00e9glementant temporairement le transport\nd\u25a1artifices, de carburant ainsi que des substances ou m\u00e9langes dangereux inflammables ou corrosifs sur le territoire des communes\nde Saverdun, Montaut, Le Vernet, Varilhes et Roumengoux\ndu vendredi 31 mai 2024 au dimanche 2 juin 202416\nCe recours juridictionnel doit \u00eatre d\u00e9pos\u00e9 au plus tard avant l'expiration du deuxi\u00e8me mois suivant la date de notification\nde l'arr\u00eat\u00e9 contest\u00e9 (ou bien du deuxi\u00e8me mois suivant la date du rejet de votre recours gracieux ou hi\u00e9rarchique).09 \u25a1 PREFECTURE \u25a1 DIRECTION DU CABINET - 09-2024-05-30-00003 - Arr\u00eat\u00e9 pr\u00e9fectoral r\u00e9glementant temporairement le transport\nd\u25a1artifices, de carburant ainsi que des substances ou m\u00e9langes dangereux inflammables ou corrosifs sur le territoire des communes\nde Saverdun, Montaut, Le Vernet, Varilhes et Roumengoux\ndu vendredi 31 mai 2024 au dimanche 2 juin 202417","date":"2024-05-31","first_seen_on":"2024-05-31T10:04:12+00:00","id":"7e8dfca6b8b76d9946483abefffa5874881caa59e8cfef9b31f06a9e64353792","name":"recueil-09-2024-050-recueil-des-actes-administratifs","pdf_creation_date":"2024-05-31T09:45:26+00:00","pdf_modification_date":null,"timezone":"Europe/Paris","url":"https://www.ariege.gouv.fr/contenu/telechargement/29971/204094/file/recueil-09-2024-050-recueil-des-actes-administratifs.pdf"}
