{"administration":"prefidf","administration_name":"Pr\u00e9fecture de la r\u00e9gion \u00cele-de-France","content":"PREFECTURE\nREGION ILE DE\nFRANCE\nRECUEIL DES ACTES\nADMINISTRATIFS SP\u00c9CIAL\nN\u00b0IDF-007-2025-06\nPUBLI\u00c9 LE  4 JUIN 2025\nSommaire\nDirection r\u00e9gionale des affaires culturelles d'Ile-de-France  /\nIDF-2025-05-27-00134 - Arr\u00eat\u00e9 n\u00b02025-62 portant subd\u00e9l\u00e9gation de\nsignature en mati\u00e8re administrative  (5 pages) Page 3\nIDF-2025-05-27-00135 - Arr\u00eat\u00e9 n\u00b02025-63 portant subd\u00e9l\u00e9gation de\nsignature en mati\u00e8re d'ordonnancement secondaire (4 pages) Page 9\nRectorat de l'acad\u00e9mie de Versailles /\nIDF-2025-06-04-00001 - Arr\u00eat\u00e9\nportant subd\u00e9l\u00e9gation de signature\nfinanci\u00e8re\nLe Recteur de l'acad\u00e9mie de Versailles, (10 pages) Page 14\n2\nDirection r\u00e9gionale des affaires culturelles\nd'Ile-de-France \nIDF-2025-05-27-00134\nArr\u00eat\u00e9 n\u00b02025-62 portant subd\u00e9l\u00e9gation de\nsignature en mati\u00e8re administrative \nDirection r\u00e9gionale des affaires culturelles d'Ile-de-France  - IDF-2025-05-27-00134 - Arr\u00eat\u00e9 n\u00b02025-62 portant subd\u00e9l\u00e9gation de\nsignature en mati\u00e8re administrative 3\nEuPREFET |DE LA REGIOND'\u00ceLE-DE-FRANCELibert\u00e9Egalit\u00e9Fraternit\u00e9\nDirection r\u00e9gionaledes affaires culturellesd'Ile-de-France\n \n \nDirection r\u00e9gionale des affaires culturelles d'\u00cele-de-France \n47 rue Le Peletier 75009 Paris \u2013 Standard  01 56 06 50 00 \u2013 T\u00e9l\u00e9copie 01 56 06 52 48 \n \n \n \nArr\u00eat\u00e9 n\u00b02025-62 \n \nportant subd\u00e9l\u00e9gation de signature \nen mati\u00e8re administrative \n \n \nLE DIRECTEUR R\u00c9GIONAL \nDES AFFAIRES CULTURELLES D'\u00ceLE-DE-FRANCE \n \n \n \nVU  le d\u00e9cret n\u00b02004-374 du 29 avril 2004 modifi\u00e9 relatif aux pouvoirs des pr\u00e9fets, \u00e0 \nl'organisation et \u00e0 l'action des services de l'Etat dans les r\u00e9gions et d\u00e9partements ; \n \nVU  le d\u00e9cret n\u00b02010-633 du 8 juin 2010 relatif \u00e0 l'organisation et aux missions des directions \nr\u00e9gionales des affaires culturelles ; \n \nVU  le d\u00e9cret n\u00b02010-687 du 24 juin 2010 relatif \u00e0 l'organisation et aux missions des services de \nl'Etat dans la r\u00e9gion et les d\u00e9partements d'\u00cele-de-France ; \n \nVU  le d\u00e9cret du 22 juillet 2020 portant nomination de Monsieur Marc GUILLAUME en qualit\u00e9 de \npr\u00e9fet de la r\u00e9gion d'\u00cele-de-France, pr\u00e9fet de Paris ; \n \nVU l'arr\u00eat\u00e9 du 29 d\u00e9cembre 2016 portant d\u00e9concentration des actes relatifs \u00e0 la situation \nindividuelle des agents publics exer\u00e7ant leurs fonctions dans les services d\u00e9concentr\u00e9s des \nadministrations civiles de l'\u00c9tat ; \n \nVU  l'arr\u00eat\u00e9 du 19 juillet 2019 portant no mination de Monsieur Laurent ROTURIER en qualit\u00e9 de \ndirecteur r\u00e9gional des affaires culturelles d'\u00cele-de-France \u00e0 compter du 1er septembre 2019 ; \n \nVU  l'arr\u00eat\u00e9 du 1 er aout 2022 portant renouvellement de nomination de Monsieur Laurent \nROTURIER  en qualit\u00e9 de directeur r\u00e9gional des affaires culturelles d'\u00cele-de-France \u00e0 compter \ndu 1er septembre 2022 ; \n \nVU  l'arr\u00eat\u00e9 pr\u00e9fectoral n\u00b0 IDF- 2020-08-17-010 du 17 ao\u00fbt 2020 portant d\u00e9l\u00e9gation de signature \u00e0 \nMonsieur Laurent ROTURIER, directeur r\u00e9gional des affaires culturelles d'\u00cele-de-France en \nmati\u00e8re administrative ; \n \n \n \n \n \nDirection r\u00e9gionale des affaires culturelles d'Ile-de-France  - IDF-2025-05-27-00134 - Arr\u00eat\u00e9 n\u00b02025-62 portant subd\u00e9l\u00e9gation de\nsignature en mati\u00e8re administrative 4\n2/5 \nDirection r\u00e9gionale des affaires culturelles d'\u00cele-de-France \n47 rue Le Peletier 75009 Paris \u2013 Standard  01 56 06 50 00 \n \n \n \n \nARR\u00caTE \n \n \nARTICLE 1ER :  \n \nSous r\u00e9serve des dispositions des articles 2 et 3 de l'arr\u00eat\u00e9 n\u00b0 IDF-2020-08-17-010 du 17 ao\u00fbt 2020 \net en cas d'absence ou d'emp\u00eachement de Monsieur Laurent ROTURIER, d\u00e9l\u00e9gation de signature \nest donn\u00e9e pour l'ensemble des mati\u00e8res administratives \u00e0 Madame Carole SPADA , directrice \nr\u00e9gionale adjointe des affaires culturelles d'\u00cele-de-France, \u00e0 Monsieur Olivier PEYRATOUT,  \ndirecteur adjoint d\u00e9l\u00e9gu\u00e9 charg\u00e9 des patrimoines, et \u00e0 Madame Marie SEMERY, secr\u00e9taire g\u00e9n\u00e9rale. \n \nARTICLE 2 : \n \nSous r\u00e9serve des dispositions pr\u00e9vues \u00e0 l'article 1 er, d\u00e9l\u00e9gation est donn\u00e9e \u00e0 Monsieur Philippe \nDRESS, Conservateur r\u00e9gional des monuments historiques, \u00e0 l'effet de signer les correspondances, \nd\u00e9cisions, proc\u00e8s-verbaux et arr\u00eat\u00e9s dans le cadre des proc\u00e9dures suivantes : \n- protection du patrimoine mobilier et immobilier au titre des monuments historiques ; \n- programmation et autorisation de travaux sur les objets mobiliers et les immeubles inscrits \nou class\u00e9s au titre des monuments historiques ; \n- programmation et validation des dossiers de subvention ; \n- contr\u00f4le scientifique et technique. \n \nEn cas d'absence ou d'emp\u00eachement de  Monsieur Philippe DRESS,  d\u00e9l\u00e9gation est donn\u00e9e \u00e0 \nMadame Emilie COUHADON , adjointe du conservateur r\u00e9gional des monuments historiques, \u00e0 \nl'effet de signer et recevoir les actes ci-dessus \u00e9num\u00e9r\u00e9s. \n \nD\u00e9l\u00e9gation est donn\u00e9e \u00e0 Madame Iris BOH  \u00e0 l'effet de valider la transmission des dossiers de \nsubvention sur monuments historiques. \n \nARTICLE 3 : \n \nSous r\u00e9serve des dispositions pr\u00e9vues \u00e0 l'article 1 er, d\u00e9l\u00e9gation est donn\u00e9e \u00e0 Monsieur St\u00e9phane \nDESCHAMPS, conservateur r\u00e9gional de l'arch\u00e9ologie, \u00e0 l'effet de signer : \n\u2010 les correspondances, notifications, arr\u00eat\u00e9s dans le cadre des proc\u00e9dures d'arch\u00e9ologie \npr\u00e9ventive, d'arch\u00e9ologie programm\u00e9e et de propri\u00e9t\u00e9 des vestiges arch\u00e9ologiques \nmobiliers ; \n\u2010 programmation et validation des dossiers de subvention. \n \nEn cas d'absence ou d'emp\u00eachement de Monsieur St\u00e9phane DESCHAMPS, d\u00e9l\u00e9gation est donn\u00e9e \n\u00e0 Monsieur Jean-Marc GOUEDO, son adjoint, \u00e0 l'effet de signer les actes ci-dessus \u00e9num\u00e9r\u00e9s. \n \nARTICLE 4: \n \nSont exclus de la subd\u00e9l\u00e9gation de signature pr\u00e9vue aux articles 2 et 3, les actes, les d\u00e9cisions, les \naccords, les refus et les avis relatifs aux immeubles de l'Etat et de ses \u00e9tablissements publics class\u00e9s \nau titre des monuments historiques et se rapportant aux op\u00e9rations et aux projets concernant :  \n \nDirection r\u00e9gionale des affaires culturelles d'Ile-de-France  - IDF-2025-05-27-00134 - Arr\u00eat\u00e9 n\u00b02025-62 portant subd\u00e9l\u00e9gation de\nsignature en mati\u00e8re administrative 5\n3/5 \nDirection r\u00e9gionale des affaires culturelles d'\u00cele-de-France \n47 rue Le Peletier 75009 Paris \u2013 Standard  01 56 06 50 00 \n \n1\u00b0 le site de la cath\u00e9drale Notre-Dame-de-Paris \n2\u00b0 le site du Val-de-Gr\u00e2ce \n3\u00b0 le site de Fort Neuf de Vincennes \n4\u00b0 le site de l'Ecole nationale v\u00e9t\u00e9rinaire \u00e0 Maisons-Alfort (ENVA) \n5\u00b0 le site du ch\u00e2teau de Versailles  \n \nARTICLE 5 : \n \nSous r\u00e9serve des dispositions pr\u00e9vues \u00e0 l'article 1 er, d\u00e9l\u00e9gation est donn\u00e9e \u00e0 Monsieur Didier \nCORMIER, chef du service r\u00e9gional de la cr\u00e9ation, \u00e0 l'effet de signer : \n- la programmation et validation des dossiers de subvention ; \n- les correspondances et dipl\u00f4mes dans le cadre de la proc\u00e9dure de d\u00e9livrance du dipl\u00f4me \nd'\u00c9tat de professeur de danse ; \n- les notifications dans le cadre de la proc\u00e9dure de validation des acquis de l'exp\u00e9rience ; \n- les notifications pour l'attribution des bourses d'\u00e9tudes sur crit\u00e8res sociaux ; \n- les correspondances, les r\u00e9c\u00e9piss\u00e9s et les arr\u00eat\u00e9s relatifs \u00e0 l'attribution, le refus et le retrait \nde la licence d'entrepreneur de spectacles vivants pour les dossiers d\u00e9pos\u00e9s avant le 1 er \noctobre 2019 ; \n- les correspondances relatives \u00e0 la validation et  l'invalidation des d\u00e9clarations d'activit\u00e9 \nd'entrepreneur de spectacles vivants effectu\u00e9es \u00e0 compter du 1er octobre 2019. \n \nEn cas d'absence ou d'emp\u00eachement de Monsieur Didier CORMIER, d\u00e9l\u00e9gation est donn\u00e9e :  \n- \u00e0 Madame S\u00e9verine MAGRY , cheffe du d\u00e9partement danse et musique, \u00e0 Madame \nClaudine PEREZ-GOUDARD, cheffe du d\u00e9partement th\u00e9\u00e2tre, \u00e0 Madame Val\u00e9rie LABAYLE, \ncheffe du d\u00e9partement arts visuels, \u00e0 Madame Caroline CHATILA FAKHOURY, \ncoordinatrice de l'ex\u00e9cution budg\u00e9taire,  \u00e0 l'effet de signer les actes suivants : \n\uf0b7 la programmation et la validation des dossiers de subvention dans le \nchamp de la cr\u00e9ation ;  \n\uf0b7 les notifications pour l'attribution des bourses d'\u00e9tudes sur crit\u00e8res \nsociaux. \n- \u00e0 Madame S\u00e9verine MAGRY, cheffe du d\u00e9partement danse et musique, \u00e0 l'effet de signer \nles actes suivants : \n\uf0b7 les correspondances et dipl\u00f4mes dans le cadre de la proc\u00e9dure de \nd\u00e9livrance du dipl\u00f4me d'\u00c9tat de professeur de danse ; \n\uf0b7 les notifications dans le cadre de la proc\u00e9dure de validation des \nacquis de l'exp\u00e9rience.  \n \nARTICLE 6 : \n \nSous r\u00e9serve des dispositions pr\u00e9vues \u00e0 l'article 1 er, d\u00e9l\u00e9gation est donn\u00e9e \u00e0 Monsieur Olivier \nLERUDE, chef du service r\u00e9gional de l'architecture et du patrimoine, \u00e0 l'effet de signer : \n\u2010 les correspondances, notifications, arr\u00eat\u00e9s dans le champ de l'architecture ; \n\u2010 la programmation et validation des dossiers de subvention ; \n \nEn cas d'absence ou d'emp\u00eachement de Mons ieur Olivier LERUDE, d\u00e9l\u00e9gation est donn\u00e9e \u00e0 \nMadame Isabelle MICHARD, son adjointe, \u00e0 l'effet de signer les actes ci-dessus \u00e9num\u00e9r\u00e9s. \n \n \n \n \nDirection r\u00e9gionale des affaires culturelles d'Ile-de-France  - IDF-2025-05-27-00134 - Arr\u00eat\u00e9 n\u00b02025-62 portant subd\u00e9l\u00e9gation de\nsignature en mati\u00e8re administrative 6\n4/5 \nDirection r\u00e9gionale des affaires culturelles d'\u00cele-de-France \n47 rue Le Peletier 75009 Paris \u2013 Standard  01 56 06 50 00 \n \nARTICLE 7 : \n \nSous r\u00e9serve des dispositions pr\u00e9vues \u00e0 l'article 1 er, d\u00e9l\u00e9gation est donn\u00e9e \u00e0 Madame Sylvie \nMULLER, cheffe du service des mus\u00e9es, \u00e0 l'effet de signer : \n\u2010 les correspondances, notifications, arr\u00eat\u00e9s dans le champ des mus\u00e9es ; \n\u2010 la programmation et validation des dossiers de subvention ; \n \nEn cas d'absence ou d'emp\u00eachement de Madame Sylvie MULLER, d\u00e9l\u00e9gation est donn\u00e9e \u00e0 Madame \nIsabelle LIMOUSIN, conservatrice du patrimoine, \u00e0 l'effet de signer les actes ci-dessus \u00e9num\u00e9r\u00e9s. \n \n \nARTICLE 8 : \n \nSous r\u00e9serve des dispositions pr\u00e9vues \u00e0 l'article 1 er, d\u00e9l\u00e9gation est donn\u00e9e \u00e0 Monsieur Nicolas \nROBERT, Chef du service r\u00e9gional des populations, de l'accompagnement, de la coop\u00e9ration et \ndes territoires, \u00e0 l'effet de signer : \n \n\u2010 les correspondances, notifications, arr\u00eat\u00e9s dans le champ du service ; \n\u2010 la programmation et validation des dossiers de subvention ; \n \nEn cas d'absence ou d'emp\u00eachement de Monsieur Nicolas ROBERT , d\u00e9l\u00e9gation est donn\u00e9e \u00e0 \nMonsieur Christophe LEMAIRE, son adjoint, et \u00e0 Madame Adrienne WEICK, responsable financi\u00e8re \ndu service, \u00e0 l'effet de signer les actes ci-dessus \u00e9num\u00e9r\u00e9s. \n \n \nARTICLE 9 :  \nSous r\u00e9serve des dispositions pr\u00e9vues \u00e0 l'article 1 er, d\u00e9l\u00e9gation est donn\u00e9e \u00e0 Monsieur Nabil \nLAHIANE, secr\u00e9taire g\u00e9n\u00e9ral adjoint, chef du bureau des ressources humaines, \u00e0 l'effet de signer \ntous les actes dont la liste est fix\u00e9e par les dispositions de l'arr\u00eat\u00e9 du 29 d\u00e9cembre 2016 susvis\u00e9, \u00e0 \nl'exception de ceux relatifs aux sanctions disciplinaires du premier groupe. \n \nEn cas d'absence ou d'emp\u00eachement de Monsie ur Nabil LAHIANE, d\u00e9l\u00e9gation est donn\u00e9e \u00e0 \nMadame Sophie MIDDLETON, son adjointe, \u00e0 l'effet de signer les actes ci-dessus \u00e9num\u00e9r\u00e9s. \n \n \nARTICLE 10 :  \n \nSous r\u00e9serve des dispositions de l'article 4 l'arr\u00eat\u00e9 n\u00b0 2021-09 du 12 f\u00e9vrier 2021 et en cas d'absence \nou d'emp\u00eachement de Monsieur Laurent ROTURIER, d\u00e9l\u00e9gation de signature est donn\u00e9e \u00e0 \nMadame Doroth\u00e9e CHAOUI-DERIEUX , conservatrice en chef, et Madame Florence MOUSSET , \ning\u00e9nieure d'\u00e9tudes au Service r\u00e9gional de l'arch\u00e9ologie, pour signer les formulaires de notification \nde sortie pour \u00e9tude et les formulaires de retour apr\u00e8s \u00e9tude des vestiges de Notre-Dame de Paris  \nmentionn\u00e9s dans la convention conclue entre le pr\u00e9fet de la r\u00e9gion d'\u00cele-de-France, pr\u00e9fet de Paris, \net le pr\u00e9sident directeur g\u00e9n\u00e9ral du CNRS, le 30 octobre 2020 ;  \n \n \nARTICLE 11 :  \n \nToutes les dispositions r\u00e9glementaires contraires et ant\u00e9rieures sont abrog\u00e9es. \nDirection r\u00e9gionale des affaires culturelles d'Ile-de-France  - IDF-2025-05-27-00134 - Arr\u00eat\u00e9 n\u00b02025-62 portant subd\u00e9l\u00e9gation de\nsignature en mati\u00e8re administrative 7\n5/5 \nDirection r\u00e9gionale des affaires culturelles d'\u00cele-de-France \n47 rue Le Peletier 75009 Paris \u2013 Standard  01 56 06 50 00 \n \n \n \n \nARTICLE 12 :  \n \nTout recours contre le pr\u00e9sent arr\u00eat\u00e9 doit parvenir au Tribunal administratif de Paris dans un d\u00e9lai \nde deux mois \u00e0 compter de sa publication au recueil des actes administratifs de la Pr\u00e9fecture de \nla r\u00e9gion d'\u00cele-de-France. \n \nARTICLE 13 : \n \nLe directeur r\u00e9gional des affaires culturelles d'\u00cele-de-France est charg\u00e9 de l'ex\u00e9cution du pr\u00e9sent \narr\u00eat\u00e9 qui sera publi\u00e9 au Recueil des actes administ ratifs de la Pr\u00e9fecture de la r\u00e9gion d'\u00cele-de-\nFrance, et affich\u00e9 au sein de la Direction r\u00e9gionale des affaires culturelles d'\u00cele-de-France. \n \n \n \n \nParis, le 27 mai 2025 \n \n \nPour le pr\u00e9fet de la r\u00e9gion d'\u00cele-de-France, \npr\u00e9fet de Paris, \nEt par d\u00e9l\u00e9gation \nLe directeur r\u00e9gional des affaires culturelles \nd'\u00cele-de-France, \n \n \nSIGNE  \n \nLaurent ROTURIER \n \n \n \n \n \n \n \nDirection r\u00e9gionale des affaires culturelles d'Ile-de-France  - IDF-2025-05-27-00134 - Arr\u00eat\u00e9 n\u00b02025-62 portant subd\u00e9l\u00e9gation de\nsignature en mati\u00e8re administrative 8\nDirection r\u00e9gionale des affaires culturelles\nd'Ile-de-France \nIDF-2025-05-27-00135\nArr\u00eat\u00e9 n\u00b02025-63 portant subd\u00e9l\u00e9gation de\nsignature en mati\u00e8re d'ordonnancement\nsecondaire\nDirection r\u00e9gionale des affaires culturelles d'Ile-de-France  - IDF-2025-05-27-00135 - Arr\u00eat\u00e9 n\u00b02025-63 portant subd\u00e9l\u00e9gation de\nsignature en mati\u00e8re d'ordonnancement secondaire 9\n|PREFET .DE LA REGIOND'\u00ceLE-DE-FRANCELibert\u00e9Egalit\u00e9Fraternit\u00e9\nDirection r\u00e9gionaledes affaires culturellesd'Ile-de-France\n \n \nDirection r\u00e9gionale des affaires culturelles d'\u00cele-de-France \n47 rue Le Peletier 75009 Paris \u2013 Standard  01 56 06 50 00 \u2013 T\u00e9l\u00e9copie 01 56 06 52 48 \n \nArr\u00eat\u00e9 n\u00b02025-63 \nportant subd\u00e9l\u00e9gation de signature \nen mati\u00e8re d'ordonnancement secondaire \n \n \nLE DIRECTEUR REGIONAL \nDES AFFAIRES CULTURELLES D'\u00ceLE-DE-FRANCE \n \n \nVU  le d\u00e9cret n\u00b02004-374 du 29 avril 2004 modifi\u00e9 relatif aux pouvoirs des pr\u00e9fets, \u00e0 \nl'organisation et \u00e0 l'action des services de l'Etat dans les r\u00e9gions et d\u00e9partements ; \n \nVU  le d\u00e9cret n\u00b02010-633 du 8 juin 2010 relatif \u00e0 l'organisation et aux missions des directions \nr\u00e9gionales des affaires culturelles ; \n \nVU  le d\u00e9cret n\u00b02010-687 du 24 juin 2010 relatif \u00e0 l'organisation et aux missions des services de \nl'Etat dans la r\u00e9gion et les d\u00e9partements d'\u00cele-de-France ; \n \nVU  le d\u00e9cret du 22 juillet 2020 portant nomination de Monsieur Marc GUILLAUME en qualit\u00e9 de \npr\u00e9fet de la r\u00e9gion d'\u00cele-de-France, pr\u00e9fet de Paris ; \n \nVU  l'arr\u00eat\u00e9 du 19 juillet 2019 portant no mination de Monsieur Laurent ROTURIER en qualit\u00e9 de \ndirecteur r\u00e9gional des affaires culturelles d'\u00cele-de-France \u00e0 compter du 1er septembre 2019 ; \n \nVU  l'arr\u00eat\u00e9 du 1 er ao\u00fbt 2022 portant renouvellement de  nomination de Monsieur Laurent \nROTURIER  en qualit\u00e9 de directeur r\u00e9gional des affaires culturelles d'\u00cele-de-France \u00e0 compter \ndu 1er septembre 2022 ; \n \nVU  l'arr\u00eat\u00e9 du 10 juin 2024 portant subd\u00e9l\u00e9gatio n de signature \u00e0 Monsieur Laurent ROTURIER  \nen qualit\u00e9 de directeur r\u00e9gional des affair es culturelles d'\u00cele-de-France en mati\u00e8re \nd'ordonnancement secondaire ; \n \n \n \nARR\u00caT\u00c9 \n \n \nARTICLE 1ER :  \n \nDans le cadre de la d\u00e9l\u00e9gation de signature du 10 juin 2024 et en cas d'absence ou d'emp\u00eachement \nde Monsieur Laurent ROTURIER, d\u00e9l\u00e9gation de signature est donn\u00e9e pour l'ensemble des mati\u00e8res \nd'ordonnancement secondaire \u00e0 Madame Carole SPADA directrice r\u00e9gionale adjointe des affaires \nculturelles d'\u00cele-de-France, \u00e0 Monsieur Olivier PEYRATOUT, directeur adjoint d\u00e9l\u00e9gu\u00e9 charg\u00e9 des \npatrimoines, \u00e0 Madame Marie SEMERY, secr\u00e9taire g\u00e9n\u00e9rale, \u00e0 Monsieur Nabil LAHIANE, secr\u00e9taire \ng\u00e9n\u00e9ral adjoint. \nDirection r\u00e9gionale des affaires culturelles d'Ile-de-France  - IDF-2025-05-27-00135 - Arr\u00eat\u00e9 n\u00b02025-63 portant subd\u00e9l\u00e9gation de\nsignature en mati\u00e8re d'ordonnancement secondaire 10\n2/4 \nDirection r\u00e9gionale des affaires culturelles d'\u00cele-de-France \n47 rue Le Peletier 75009 Paris \n \n \n \n \nARTICLE 2 :  \n \nD\u00e9l\u00e9gation de signature est donn\u00e9e \u00e0 Monsieur Philippe DRESS, conservateur r\u00e9gional des \nmonuments historiques, \u00e0 l'effet de signer toutes les pi\u00e8ces relatives \u00e0 la passation et \u00e0 l'ex\u00e9cution \ndes accords-cadres et des march\u00e9s publics pass\u00e9s dans le cadre des programmes \u00ab Patrimoine \u00bb \n(n\u00b0175) et \u00ab Comp\u00e9titivit\u00e9 \u00bb (n\u00b0363). \n \nEn cas d'absence ou d'emp\u00eachement de  Monsieur Philippe DRESS,  d\u00e9l\u00e9gation est donn\u00e9e \u00e0 \nMadame Emilie COUHADON , adjointe du conservateur r\u00e9gional des monuments historiques, \u00e0 \nl'effet de signer et recevoir les actes ci-dessus \u00e9num\u00e9r\u00e9s. \n \n \nARTICLE 3 :  \n \nD\u00e9l\u00e9gation de signature est donn\u00e9e \u00e0 Madame Lucie MASSON , cheffe du bureau des affaires \nfinanci\u00e8res, \u00e0 l'effet de : \n \n1. recevoir les cr\u00e9dits des programmes suivants : \n\uf0b7 \u00ab Cr\u00e9ation \u00bb (n\u00b0131) \n\uf0b7 \u00ab Patrimoine \u00bb (n\u00b0175) \n\uf0b7 \u00ab Soutien des politiques culturelles \u00bb (n\u00b0224) \n\uf0b7 \u00ab Livre et industries culturelles \u00bb (n\u00b0334) \n\uf0b7 \u00ab Transmission des savoirs et d\u00e9mocratisation de la culture \u00bb (n\u00b0361) \n \n2. signer tous arr\u00eat\u00e9s, d\u00e9cisions, pi\u00e8ces ou conventions, y compris ceux relatifs \u00e0 la \nprescription quadriennale, pour proc\u00e9der \u00e0 l'ordonnancement secondaire des recettes et des \nd\u00e9penses de l'Etat dans le cadre des programmes suivants : \n\uf0b7 \u00ab Cr\u00e9ation \u00bb (n\u00b0131) \n\uf0b7 \u00ab Patrimoines \u00bb (n\u00b0175) \n\uf0b7 \u00ab Soutien des politiques culturelles \u00bb (n\u00b0224) \n\uf0b7 \u00ab Livre et industries culturelles \u00bb (n\u00b0334) \n\uf0b7 \u00ab Administration territoriale de l'\u00c9tat \u00bb (n\u00b0354) \n\uf0b7 \u00ab Transmission des savoirs et d\u00e9mocratisation de la culture \u00bb (n\u00b0361) \n\uf0b7 \u00ab Comp\u00e9titivit\u00e9 \u00bb (n\u00b0363) \n \n3. signer, dans la limite de ses attributions et  dans la limite des plaf onds de d\u00e9penses qui \nauront \u00e9t\u00e9 notifi\u00e9s par le Pr\u00e9fet de la r\u00e9gion d'\u00cele-de-France, toutes pi\u00e8ces pour proc\u00e9der \u00e0 \nl'ordonnancement secondaire des d\u00e9penses de l'\u00c9tat dans le cadre des programmes suivants : \n\uf0b7 \u00ab Op\u00e9rations immobili\u00e8res et entretien des b\u00e2timents de l'\u00c9tat \u00bb (n\u00b0723) \n\uf0b7 \u00ab Administration territoriale de l'\u00c9tat \u00bb (n\u00b0354) \n\uf0b7 \u00ab Comp\u00e9titivit\u00e9 \u00bb (n\u00b0363) \n \nD\u00e9l\u00e9gation est donn\u00e9e \u00e0 Madame Marion PELISSERO , charg\u00e9e de gestion financi\u00e8re et \nadministrative, \u00e0 l'effet de valider, sur le p\u00e9rim\u00e8tre de la subvention : \n- les fiches communication dans Chorus formulaires, \n- les demandes de cr\u00e9ation et modification de tiers, \n- les demandes d'ajout et modification de RIB. \nDirection r\u00e9gionale des affaires culturelles d'Ile-de-France  - IDF-2025-05-27-00135 - Arr\u00eat\u00e9 n\u00b02025-63 portant subd\u00e9l\u00e9gation de\nsignature en mati\u00e8re d'ordonnancement secondaire 11\n3/4 \nDirection r\u00e9gionale des affaires culturelles d'\u00cele-de-France \n47 rue Le Peletier 75009 Paris \n \n \nD\u00e9l\u00e9gation est donn\u00e9e \u00e0 Madame Romane BLESCHET, responsable administrative et financi\u00e8re, \u00e0 \nl'effet de valider sur le p\u00e9rim\u00e8tre de la commande publique : \n- les fiches communication dans Chorus formulaires, \n- les demandes d'achat et services faits jusqu'\u00e0 10 000 euros HT inclus, \n- les demandes de cr\u00e9ation et modification de tiers, \n- les demandes d'ajout et modification de RIB. \n \nEn cas d'absence ou d'emp\u00eachement de Madame Lucie MASSON, d\u00e9l\u00e9gation est donn\u00e9e \u00e0 \nMonsieur Gregory LAGRESLE, adjoint \u00e0 la cheffe du bureau. \n \nToute d\u00e9pense sup\u00e9rieure \u00e0 400 000 euros devra fair e l'objet d'un visa pr\u00e9alable du Pr\u00e9fet de la \nr\u00e9gion d'\u00cele-de-France. \n \n \nARTICLE 4 :  \n \nDemeurent r\u00e9serv\u00e9s \u00e0 la signature du Pr\u00e9fet de la r\u00e9gion d'\u00cele-de-France : \n- les ordres de r\u00e9quisition du comptable public, \n- les d\u00e9cisions de passer outre \u00e0 l'avis d\u00e9favorable du contr\u00f4leur budg\u00e9taire r\u00e9gional, \n- les conventions avec les collectivit\u00e9s territoriales et leurs \u00e9tablissements publics, \n- les conventions et d\u00e9cisions attribuant des subventions aux collectivit\u00e9s territoriales et \n\u00e0 leurs \u00e9tablissements publics d'un montant de 100 000 euros, \n- les conventions et d\u00e9cisions attribuant des subventions d'un montant de 350 000 euros \net plus, \n- les contrats de bail. \n \nLe pr\u00e9fet de la r\u00e9gion d'\u00cele-de-France, pr\u00e9f et de Paris, aura \u00e9t\u00e9 pr\u00e9alablement inform\u00e9 des \npr\u00e9visions d'attributions des subventions par la  communication d'un ta bleau listant lesdites \nsubventions en pr\u00e9cisant les organismes b\u00e9n\u00e9ficiaires et les montant propos\u00e9s. Ce tableau est \ntransmis en d\u00e9but d'exercice et trimestriellement. \n \n \nARTICLE 5 :  \n \nD\u00e9l\u00e9gation de signature est donn\u00e9e \u00e0 Monsieur Nabil LAHIANE, Secr\u00e9taire g\u00e9n\u00e9ral adjoint, chef \ndu bureau des ressources humaines, \u00e0 l'effet de signer toutes les pi\u00e8ces relatives : \n- \u00e0 la gratification des stagiaires ; \n- aux ordres de mission des agents ; \n- aux d\u00e9penses relatives \u00e0 la formation continue et \u00e0 la restauration collective des agents. \n \nEn cas d'absence ou d'emp\u00eachement de Monsieur Nabil LAHIANE , d\u00e9l\u00e9gation de signature est \ndonn\u00e9e \u00e0 Madame Sophie MIDDLETON , son adjointe, \u00e0 l'effet de signer les actes ci-dessus \n\u00e9num\u00e9r\u00e9s. \n \n \nARTICLE 6 :  \n \nToutes les dispositions r\u00e9glementaires contraires et ant\u00e9rieures sont abrog\u00e9es. \n \nDirection r\u00e9gionale des affaires culturelles d'Ile-de-France  - IDF-2025-05-27-00135 - Arr\u00eat\u00e9 n\u00b02025-63 portant subd\u00e9l\u00e9gation de\nsignature en mati\u00e8re d'ordonnancement secondaire 12\n4/4 \nDirection r\u00e9gionale des affaires culturelles d'\u00cele-de-France \n47 rue Le Peletier 75009 Paris \n \n \nARTICLE 7 :  \n \nTout recours contre le pr\u00e9sent arr\u00eat\u00e9 doit parvenir au Tribunal administratif de Paris dans un d\u00e9lai \nde deux mois \u00e0 compter de sa publication au recueil des actes administratifs de la Pr\u00e9fecture de \nla r\u00e9gion d'\u00cele-de-France. \n \n \nARTICLE 8 : \n \nLe directeur r\u00e9gional des affaires culturelles d'\u00cele-de-France est charg\u00e9 de l'ex\u00e9cution du pr\u00e9sent \narr\u00eat\u00e9 qui sera publi\u00e9 au Recueil des actes administ ratifs de la Pr\u00e9fecture de la r\u00e9gion d'\u00cele-de-\nFrance, et affich\u00e9 au sein de la Direction r\u00e9gionale des affaires culturelles d'\u00cele-de-France. \n \n \n \n \nA Paris, le 27 mai 2025 \n \nPour le pr\u00e9fet de la r\u00e9gion d'\u00cele-de-France, \npr\u00e9fet de Paris, \nEt par d\u00e9l\u00e9gation \nLe directeur r\u00e9gional des affaires culturelles \nd'\u00cele-de-France, \n \n \n \nSIGNE \n \nLaurent ROTURIER \n \n \n \n \n \n \n \n \n \n \n \n \n \n \n \n \nDirection r\u00e9gionale des affaires culturelles d'Ile-de-France  - IDF-2025-05-27-00135 - Arr\u00eat\u00e9 n\u00b02025-63 portant subd\u00e9l\u00e9gation de\nsignature en mati\u00e8re d'ordonnancement secondaire 13\nRectorat de l'acad\u00e9mie de Versailles\nIDF-2025-06-04-00001\nArr\u00eat\u00e9\nportant subd\u00e9l\u00e9gation de signature financi\u00e8re\nLe Recteur de l'acad\u00e9mie de Versailles,\nRectorat de l'acad\u00e9mie de Versailles - IDF-2025-06-04-00001 - Arr\u00eat\u00e9\nportant subd\u00e9l\u00e9gation de signature financi\u00e8re\nLe Recteur de l'acad\u00e9mie de Versailles,\n14\nEnACADEMIEDE VERSAILLESLibert\u00e9Egalit\u00e9Fraternit\u00e9\n \n \nARR\u00caT\u00c9 \n \nportant subd\u00e9l\u00e9gation de signature financi\u00e8re \n \n \n \nLe Recteur de l'acad\u00e9mie de Versailles, \n \n \n \n \nVU  la loi organique n\u00b0 2001-692 du 1er ao\u00fbt 2001, relative aux lois de finances ; \n \nVU le Code de l'\u00e9ducation, notamment son article D.222-20 ; \n \nVU le Code de la s\u00e9curit\u00e9 sociale ; \n \nVU le Code des pensions civiles et militaires de retraite ; \n \nVU la loi n\u00b0 68-1250 du 31 d\u00e9cembre 1968 relative \u00e0 la prescription quadriennale ; \n \nVU  la loi n\u00b0 84-16 du 11 janvier 1984 modifi\u00e9e portant dispositions statutaires relatives \u00e0 la fonction publique \nde l'Etat ; \n \nVU la loi de d\u00e9centralisation n\u00b0 2004-809 modifi\u00e9e du 13 ao\u00fbt 2004 relative aux libert\u00e9s et responsabilit\u00e9s \nlocales, notamment ses articles 105 \u00e0 109 ; \n \nVU l'ordonnance n\u00b0 2018-1074 du 26 novembre 2018 relative au code de la commande publique ; \n \nVU le d\u00e9cret n\u00b0 2018-1075 du 3 d\u00e9cembre 2018 relatif au code de la commande publique ; \n \nVU le d\u00e9cret n\u00b0 2004-374 du 29 avril 2004 modifi\u00e9 relatif aux pouvoirs des pr\u00e9fets ; \n \nVU le d\u00e9cret n\u00b0 2012-16 du 5 janvier 2012 relatif \u00e0 l'organisation acad\u00e9mique ; \n \nVU  le d\u00e9cret n\u00b0 2012-1246 du 7 novembre 2012 relatif \u00e0 la gestion budg\u00e9taire et comptable publique ; \n \nVU le d\u00e9cret n\u00b02015-1616 du 10 d\u00e9cembre 2015 relatif aux r\u00e9gions acad\u00e9miques ; \n \nVU le d\u00e9cret n\u00b02019-1200 du 20 novembre 2019 relatif \u00e0 l'organisation des services d\u00e9concentr\u00e9s des \nministres charg\u00e9s de l'\u00e9ducation nationale et de l'enseignement sup\u00e9rieur, de la recherche et de \nl'innovation ; \n \nVU l'arr\u00eat\u00e9 portant organisation de l'acad\u00e9mie de Versailles en date du 11 janvier 2013 ; \n \nVU la convention du 20 octobre 2010 entre l'\u00c9tat et l'ANRU relative au programme d'investissement d'avenir \n(action : \u00ab internats d'excellence et \u00e9galit\u00e9 des chances) ; \n \nVU le d\u00e9cret du Pr\u00e9sident de la R\u00e9publique en date du 13 juillet 2023 portant nomination de Monsieur \n\u00c9tienne CHAMPION en qualit\u00e9 de Recteur de l'acad\u00e9mie de Versailles ; \n \nVU l'arr\u00eat\u00e9 du 12 septembre 2019 portant nomination de Monsieur Beno\u00eet VERSCHAEVE en qualit\u00e9 de \nSecr\u00e9taire g\u00e9n\u00e9ral de l'acad\u00e9mie de Versailles ; \n \nVU les d\u00e9cisions n\u00b0MENF1900457S, MENF1900459S, MENF1900460S, MENF1900458S et \nMENF1900461S du 4 d\u00e9cembre 2019 par lesquelles les responsables de programmes du minist\u00e8re de \nl'\u00c9ducation nationale et de la Jeunesse nomment le recteur de l'acad\u00e9mie de Versailles en qualit\u00e9 de \nresponsable de budget op\u00e9rationnel de programme des programmes 139, 140, 141 et 230 et en qualit\u00e9 \nde responsable d'unit\u00e9 op\u00e9rationnelle du programme 214 ; \n \nVU les d\u00e9cisions n\u00b0 ESRF2036756S et ESRF1900302S des 21 d\u00e9cembre 2020 et 9 d\u00e9cembre 2019 par \nlesquelles le responsable de programmes du minist\u00e8re de l'Enseignement sup\u00e9rieur, de la Recherche \net de l'Innovation nomme le recteur de l'acad\u00e9mie Versailles en qualit\u00e9 de responsable d'unit\u00e9 \nop\u00e9rationnelle des programmes 150 et 231 ; \n \n  \nRectorat de l'acad\u00e9mie de Versailles - IDF-2025-06-04-00001 - Arr\u00eat\u00e9\nportant subd\u00e9l\u00e9gation de signature financi\u00e8re\nLe Recteur de l'acad\u00e9mie de Versailles,\n15\nEnACADEMIEDE VERSAILLESLibert\u00e9Egalit\u00e9Fraternit\u00e9\n \n \n \n \n \n \nVU l'arr\u00eat\u00e9 IDF n\u00b02025-027 du 27 mars 2025 de la Rectrice de la r\u00e9gion acad\u00e9mique Ile-de-France, rectrice \nde l'acad\u00e9mie de Paris, chanceli\u00e8re des universit\u00e9s de Paris et d'Ile de France portant subd\u00e9l\u00e9gation de \nsignature en mati\u00e8re d'ordonnancement secondaire aux recteurs des acad\u00e9mies de Cr\u00e9teil et Versailles \nsur le programme 362 \"\u00e9cologie\" du Plan France Relance dans la limite de leur enveloppe respective, \nsur le territoire de leur acad\u00e9mie et sur les d\u00e9penses relatives \u00e0 l'activit\u00e9 \u00ab Continuit\u00e9 p\u00e9dagogique \u00bb de \nl'unit\u00e9 op\u00e9rationnelle 0363-MENJ-NUPA du programme plan de relance n\u00b0363 \u00ab Comp\u00e9titivit\u00e9 \u00bb ; \n \nVU l'arr\u00eat\u00e9 IDF n\u00b02025-028 RRA de la Rectrice de la r\u00e9gion acad\u00e9mique Ile-de-France, rectrice de \nl'acad\u00e9mie de Paris, chanceli\u00e8re des universit\u00e9s de Paris et d'Ile de France pour la d\u00e9livrance des cartes \nd'achat portant sur l'unit\u00e9 op\u00e9rationnelle n\u00b00163-D075-DSNU du BOP r\u00e9gional 163 \u00ab jeunesse et vie \nassociative \u00bb ; \n \nVU la convention du 6 avril 2023 conclue entre le minist\u00e8re de l'enseignement sup\u00e9rieur et de la recherche \nrepr\u00e9sent\u00e9 par la direction g\u00e9n\u00e9rale de l'enseignement sup\u00e9rieur et de l'insertion professionnelle et la \nr\u00e9gion acad\u00e9mique Ile-de-France repr\u00e9sent\u00e9e par le recteur de r\u00e9gion acad\u00e9mique, relative \u00e0 la \nsubd\u00e9l\u00e9gation de gestion et \u00e0 l'utilisation des cr\u00e9dits immobiliers de R\u00e9silience II du programme 348 \u00ab \nPerformance et r\u00e9silience des b\u00e2timents de l'Etat et de ses op\u00e9rateurs \u00bb de la mission \u00ab Transformation \net fonction publiques \u00bb ; \n \nVU l'arr\u00eat\u00e9 n\u00b0IDF-2023-07-19-00002 du 19 juillet 2023 portant d\u00e9l\u00e9gation de signature du Pr\u00e9fet de la R\u00e9gion \nd'\u00cele-de-France \u00e0 Monsieur \u00c9tienne CHAMPION, Recteur de l'acad\u00e9mie de Versailles, en mati\u00e8re \nd'ordonnancement secondaire ; \n \n \n \nARRETE \n \n \n \nARTICLE 1 \nEn cas d'absence ou d'emp\u00eachement de Monsieur \u00c9tienne CHAMPION, recteur de l'acad\u00e9mie de \nVersailles, subd\u00e9l\u00e9gation de signature est donn\u00e9e \u00e0 Monsieur Beno\u00eet VERSCHAEVE, secr\u00e9taire \ng\u00e9n\u00e9ral de l'acad\u00e9mie de Versailles,  \n \n1) \u00e0 l'effet de recevoir les cr\u00e9dits des programmes : \n \n- 139 - Enseignement priv\u00e9 du premier et du second degr\u00e9s \n- 140 - Enseignement scolaire public du premier degr\u00e9 \n- 141 - Enseignement scolaire public du second degr\u00e9 \n- 230 - Vie de l'\u00e9l\u00e8ve \n \n2) de r\u00e9partir ces cr\u00e9dits entre les divers services et unit\u00e9s op\u00e9rationnelles charg\u00e9s de l'ex\u00e9cution \net proc\u00e9der \u00e0 des r\u00e9allocations de cr\u00e9dits en cours d'exercice budg\u00e9taire entre les services et \nunit\u00e9s op\u00e9rationnelles ; \n \n \n  \nRectorat de l'acad\u00e9mie de Versailles - IDF-2025-06-04-00001 - Arr\u00eat\u00e9\nportant subd\u00e9l\u00e9gation de signature financi\u00e8re\nLe Recteur de l'acad\u00e9mie de Versailles,\n16\nEnACADEMIEDE VERSAILLESLibert\u00e9Egalit\u00e9Fraternit\u00e9\n \n \n \n \n \n3) de proc\u00e9der \u00e0 l'ordonnancement secondaire des recettes et d\u00e9penses de l'\u00c9tat imput\u00e9es sur \nles programmes du paragraphe 1 ainsi que sur ceux des programmes : \n \n- 150 - Formations sup\u00e9rieures et recherche universitaire  \n- 214 - Soutien de la politique de l'\u00e9ducation nationale \n- 231 - Vie \u00e9tudiante \n- 348 - Performance et r\u00e9silience des b\u00e2timents de l'Etat et de ses op\u00e9rateurs \n- 354 - Administration territoriale de l'\u00c9tat \n- 362 - \u00c9cologie \n- 363 - Comp\u00e9titivit\u00e9 \n- 723 - Op\u00e9rations immobili\u00e8res et entretien des b\u00e2timents de l'\u00c9tat \n  \n4) \u00e0 l'effet de signer, dans la limite des plafonds de d\u00e9penses notifi\u00e9s par le recteur de la r\u00e9gion \nacad\u00e9mique d'\u00cele-de-France, toutes les pi\u00e8ces pour proc\u00e9der \u00e0 l'ordonnancement secondaire \ndes d\u00e9penses de l'\u00c9tat dans le cadre du programme : \n \n- 172 - Recherches scientifiques et technologiques pluridisciplinaire   \n \n \n \nARTICLE 2 \n1) Cette subd\u00e9l\u00e9gation porte sur tous les actes relatifs \u00e0 l'engagement juridique, la liquidation, le \nmandatement des d\u00e9penses, la r\u00e9alisation des op\u00e9rations de recettes ainsi que les d\u00e9cisions \nd'opposition ou de rel\u00e8vement de la prescription quadriennale des cr\u00e9ances de l'\u00c9tat sous r\u00e9serve d'un \navis conforme du comptable assignataire et dans la limite des seuils fix\u00e9s, \u00e0 l'exclusion des : \n- op\u00e9rations de fongibilit\u00e9 et d'utilisation des marges de man\u0153uvre qui rel\u00e8vent de la comp\u00e9tence \ndes responsables de programme, \n- ordres de r\u00e9quisition du comptable public, \n- d\u00e9cisions de passer outre aux avis d\u00e9favorables du directeur r\u00e9gional des finances publiques \nen mati\u00e8re d'engagement des d\u00e9penses qui rel\u00e8vent de la comp\u00e9tence du ministre du budget, \n- les conventions avec les collectivit\u00e9s territoriales et leurs \u00e9tablissements publics. \n \n2) La pr\u00e9sente subd\u00e9l\u00e9gation porte \u00e9galement sur toutes les pi\u00e8ces relatives aux arr\u00eat\u00e9s relatifs \u00e0 la \ncomposition et au mode de fonctionnement des jurys de concours. \n \n3) Pour les subventions d'un montant de 30 000\u20ac et pour les op\u00e9rations d'investissement d'un montant \nde 30 000\u20ac et plus, la subd\u00e9l\u00e9gation de signature consentie au pr\u00e9sent article ne s'\u00e9tend aux d\u00e9cisions \nrelatives \u00e0 la gestion des cr\u00e9dits des titres 5, 6 et 7 du budget du minist\u00e8re que lorsque les op\u00e9rations \nen cause auront \u00e9t\u00e9 pr\u00e9alablement arr\u00eat\u00e9es par le pr\u00e9fet de la r\u00e9gion Ile-de-France. \n \nLes dispositions de cet alin\u00e9a ne s'appliquent pas aux subventions allou\u00e9es au titre des cr\u00e9dits \nd'\u00e9quipement p\u00e9dagogique (premier \u00e9quipement) des cr\u00e9dits du budget du minist\u00e8re de l'\u00e9ducation. \n \n  \nRectorat de l'acad\u00e9mie de Versailles - IDF-2025-06-04-00001 - Arr\u00eat\u00e9\nportant subd\u00e9l\u00e9gation de signature financi\u00e8re\nLe Recteur de l'acad\u00e9mie de Versailles,\n17\nEnACADEMIEDE VERSAILLESLibert\u00e9Egalit\u00e9Fraternit\u00e9\n \n \n \n \n \nARTICLE 3 \nEn cas d'absence ou d'emp\u00eachement de monsieur Beno\u00eet VERSCHAEVE, secr\u00e9taire g\u00e9n\u00e9ral de \nl'acad\u00e9mie, subd\u00e9l\u00e9gation est donn\u00e9e \u00e0 Madame Catherine FRUCHET, Monsieur Alain OUVRARD, \nMonsieur Fabien DEROUBAIX et Madame Nathalie LAWSON, secr\u00e9taires g\u00e9n\u00e9raux adjoints de \nl'acad\u00e9mie de Versailles, \u00e0 l'effet de signer tous les actes relevant des attributions du Recteur de \nl'Acad\u00e9mie. \n \nEn cas d'absence ou d'emp\u00eachement de Madame Catherine FRUCHET, Monsieur Alain OUVRARD, \nMonsieur Fabien DEROUBAIX et Madame Nathalie LAWSON, secr\u00e9taires g\u00e9n\u00e9raux adjoints de \nl'acad\u00e9mie de Versailles, subd\u00e9l\u00e9gation de signature est donn\u00e9e \u00e0 Madame Anne MEUDEC, adjointe \n\u00e0 la secr\u00e9taire g\u00e9n\u00e9rale adjointe en charge du budget, des moyens et de l'organisation scolaire pour les \nactes relatifs \u00e0 ses champs de comp\u00e9tences et dans la limite de ses attributions et \u00e0 Madame Estelle \nVILAIN, adjointe \u00e0 la secr\u00e9taire g\u00e9n\u00e9rale adjointe Directrice des ressources humaines pour les actes \nrelatifs \u00e0 ses champs de comp\u00e9tences et dans la limite de ses attributions. \n \n \n \nARTICLE 4 \nEn cas d'absence ou d'emp\u00eachement de Madame Catherine FRUCHET, Monsieur Alain OUVRARD, \nMonsieur Fabien DEROUBAIX et Madame Nathalie LAWSON, secr\u00e9taires g\u00e9n\u00e9raux adjoints de \nl'acad\u00e9mie de Versailles, de Madame Anne MEUDEC adjointe \u00e0 la secr\u00e9taire g\u00e9n\u00e9rale adjointe en \ncharge du budget, des moyens et de l'organisation scolaire, et de Madame Estelle VILAIN, adjointe \u00e0 \nla secr\u00e9taire g\u00e9n\u00e9rale adjointe Directrice des ressources humaines subd\u00e9l\u00e9gation de signature est \ndonn\u00e9e aux agents mentionn\u00e9s aux articles suivants : \n \n \n \n1. P\u00d4LE BUDGET MOYENS ET ORGANISATION SCOLAIRE \n \nARTICLE 5 \n- Monsieur Nicolas CHAMBRIAL, chef de la division des affaires financi\u00e8res (DAF) et Monsieur \nChristophe LAURET, son adjoint, pour les actes relatifs \u00e0 leurs champs de comp\u00e9tences et dans la \nlimite de ses attributions. \n \n \nARTICLE 5.1. \nEn cas d'absence ou d'emp\u00eachement de Monsieur Nicolas CHAMBRIAL, chef de la division des affaires \nfinanci\u00e8res (DAF) et de Monsieur Christophe LAURET, son adjoint, d\u00e9l\u00e9gation de signature est donn\u00e9e, \nafin de recevoir, mettre \u00e0 disposition et r\u00e9allouer en cours d'exercice budg\u00e9taires les cr\u00e9dits mentionn\u00e9s \n\u00e0 l'article 1 du pr\u00e9sent arr\u00eat\u00e9 et dans la limite de leurs attributions, \u00e0 : \n \n- Monsieur Dorian LELOUP ; \n- Madame Florence PERRIER ; \n- Madame Sophie FONTAINE ; \n \n  \nRectorat de l'acad\u00e9mie de Versailles - IDF-2025-06-04-00001 - Arr\u00eat\u00e9\nportant subd\u00e9l\u00e9gation de signature financi\u00e8re\nLe Recteur de l'acad\u00e9mie de Versailles,\n18\nEnACADEMIEDE VERSAILLESLibert\u00e9Egalit\u00e9Fraternit\u00e9\n \n \n \n \nARTICLE 5.2. \nEn cas d'absence ou d'emp\u00eachement de Monsieur Nicolas CHAMBRIAL, chef de la division des affaires \nfinanci\u00e8res (DAF) et de Monsieur Christophe LAURET, son adjoint, d\u00e9l\u00e9gation de signature est donn\u00e9e \n\u00e0 l'ensemble des responsables d'engagements juridiques et de demandes de paiement de la plateforme \nCHORUS : \n \n- Madame Aline FONTAINE ; \n- Monsieur Pierre-Axel ARNOUX ; \n- Madame V\u00e9ronique PAGANO ; \n- Madame Sylvie MERLET ; \n- Madame Florence PERRIER ; \n- Monsieur Dorian LELOUP ; \n- Madame Christine FAROLDI ;  \n- Madame Francette VINCENT ; \n- Madame Anne LABOUS ; \n- Madame Emmanuelle SOUSTRE ; \n- Madame Sylvie MESLIN ; \n- Monsieur Rodolphe MUNIZ; \n- Monsieur Mathieu BAROU; \n- Madame Christine Anne BERNARD; \n- Madame Evelyne DELON; \n- Madame Laura PORCU. \n \n\u00e0 effet de proc\u00e9der \u00e0 l'ex\u00e9cution des d\u00e9cisions des prescripteurs et des actes relevant des d\u00e9l\u00e9gations \nde gestion vis\u00e9es ci-dessus et \u00e0 la validation des engagements juridiques, la signature des bons de \ncommande la validation des demandes de paiement, dans la limite de leurs attributions. \n \n \nARTICLE 5.3. \nEn cas d'absence ou d'emp\u00eachement de Monsieur Nicolas CHAMBRIAL, chef de la division des affaires \nfinanci\u00e8res (DAF) et de Monsieur Christophe LAURET, son adjoint, d\u00e9l\u00e9gation de signature est donn\u00e9e, \npour les actes relatifs \u00e0 la validation des op\u00e9rations de recettes dans la limite de ses attributions, \u00e0 : \n \n- Monsieur Dorian LELOUP ;  \n- Madame Florence PERRIER ; \n- Madame Fadma SANE ; \n- Madame Sophie FONTAINE. \n \n \nARTICLE 5.4. \nEn cas d'absence ou d'emp\u00eachement de Monsieur Nicolas CHAMBRIAL, chef de la division des affaires \nfinanci\u00e8res (DAF) et de Monsieur Christophe LAURET, son adjoint, d\u00e9l\u00e9gation de signature est donn\u00e9e \n\u00e0 : \n- Monsieur Alastair BAVEREL ; \n- Madame V\u00e9ronique PAGANO ;  \n- Madame Isabelle LAYMAJOUX-BELLIN ;  \n- Madame Myriam ZACARIAS ; \n- Monsieur Pierre-Axel ARNOUX ; \nRectorat de l'acad\u00e9mie de Versailles - IDF-2025-06-04-00001 - Arr\u00eat\u00e9\nportant subd\u00e9l\u00e9gation de signature financi\u00e8re\nLe Recteur de l'acad\u00e9mie de Versailles,\n19\nEnACADEMIEDE VERSAILLESLibert\u00e9Egalit\u00e9Fraternit\u00e9\n \n \n \n \n- Madame Sylvie MERLET ;  \n- Madame Sylvie MESLIN ;  \n- Madame Christine FAROLDI ;  \n- Madame Francette VINCENT ; \n- Madame Aline FONTAINE ; \n- Monsieur Dorian LELOUP ;  \n- Madame Anne LABOUS ; \n- Madame Sophie SARROUY ; \n- Madame Laura PORCU ; \n- Madame Agn\u00e8s BESANCON ; \n- Madame Emmanuelle SOUSTRE ; \n- Monsieur Rodolphe MUNIZ; \n- Madame Siham KHALFALLAH; \n- Madame Charlotte DANCIU \n- Monsieur Mathieu BAROU; \n- Madame Christine Anne BERNARD; \n- Madame Evelyne DELON; \n- Madame No\u00eblla DUHALDE \n- Madame Elia ANDRIAMANANTENA ; \n- Madame Oulimata TCHIBINDA. \n \n\u00e0 effet de proc\u00e9der dans le logiciel CHORUS \u00e0 la certification de service fait des d\u00e9penses engag\u00e9es, \ndans la limite de leurs attributions. \n \n \nARTICLE 5.5. \nEn cas d'absence ou d'emp\u00eachement de Monsieur \u00c9tienne CHAMPION, recteur de l'acad\u00e9mie de \nVersailles, subd\u00e9l\u00e9gation est donn\u00e9e \u00e0 Monsieur Nicolas CHAMBRIAL, chef de la division des affaires \nfinanci\u00e8res (DAF) en vue de d\u00e9livrer les cartes d'achat portant sur l'action 6 (service national universel) \nde l'unit\u00e9 op\u00e9rationnelle r\u00e9gionale 163 \u00ab jeunesse et vie associative \u00bb. \n \n \nARTICLE 5.6 \nEn cas d'absence ou d'emp\u00eachement de Monsieur Nicolas CHAMBRIAL, chef de la division des affaires \nfinanci\u00e8res (DAF) et de Monsieur Christophe LAURET, son adjoint, d\u00e9l\u00e9gation de signature est donn\u00e9e, \npour les actes \u00e0 traiter dans le progiciel CHORUS relatifs \u00e0 des op\u00e9rations relevant de la comptabilit\u00e9 \nauxiliaire des immobilisations minist\u00e9rielles dans la limite de leurs attributions, \u00e0 Madame Anne \nLABOUS. \n \n \n \nARTICLE 6 \n- Monsieur Arnaud TOURNAIRE, coordonnateur acad\u00e9mique paie, pour les actes relatifs \u00e0 ses \nchamps de comp\u00e9tences et dans la limite de ses attributions. Les d\u00e9comptes de rappels de \nr\u00e9mun\u00e9ration sup\u00e9rieurs \u00e0 10 000\u20ac sont exclus de cette d\u00e9l\u00e9gation. \n \n  \nRectorat de l'acad\u00e9mie de Versailles - IDF-2025-06-04-00001 - Arr\u00eat\u00e9\nportant subd\u00e9l\u00e9gation de signature financi\u00e8re\nLe Recteur de l'acad\u00e9mie de Versailles,\n20\nEnACADEMIEDE VERSAILLESLibert\u00e9Egalit\u00e9Fraternit\u00e9\n \n \n \n \nARTICLE 7 \n- Madame Anne BERNUSSOU, cheffe de la division des \u00e9tablissements d'enseignement priv\u00e9s \n(DEEP), Madame Charline BLEUSE et Madame C\u00e9line BODET, ses adjointes, pour les actes relatifs \n\u00e0 leurs champs de comp\u00e9tences et dans la limite de leurs attributions. Les op\u00e9rations entra\u00eenant un \nrappel sup\u00e9rieur \u00e0 10 000\u20ac sont exclues de cette d\u00e9l\u00e9gation. \n \nARTICLE 7.1. \nEn cas d'absence ou d'emp\u00eachement de Madame Anne BERNUSSOU, cheffe de la DEEP, de Madame \nCharline BLEUSE ou de Madame C\u00e9line BODET, ses adjointes, d\u00e9l\u00e9gation de signature est donn\u00e9e \u00e0  \nMadame Sylvie HENON, cheffe du service DEEP 3, Madame Aur\u00e9lie PHILBERT, cheffe du service \nDEEP 4 et \u00e0 Madame Emmanuelle ROUCHY, adjointe \u00e0 la cheffe du service DEEP 1, \u00e0 effet de signer, \ndans leurs champs de comp\u00e9tences respectifs et dans la limite de leurs attributions, les d\u00e9comptes \nfixant le montant des \u00e9l\u00e9ments de r\u00e9mun\u00e9ration ou des indemnit\u00e9s des personnels g\u00e9r\u00e9s par le service, \nles certificats administratifs et les cr\u00e9ations d'historiques. \n \n \n \n \n2. P\u00d4LE APPUI  PILOTAGE  ET  TRANSFORMATION \n \n \n \nARTICLE 8 \n- Monsieur Pascal POTTIER, chef de la division de l'accueil et de la logistique (DALOG), pour les actes \nrelatifs \u00e0 son champ de comp\u00e9tences et dans la limite de ses attributions. \n \n \n \nARTICLE 9 \n- Madame Karine TIETZ, cheffe du p\u00f4le de Versailles du Service r\u00e9gional de l'immobilier de la r\u00e9gion \nacad\u00e9mique d'Ile-de-France (SRI-V), pour les actes relatifs \u00e0 leurs champs de comp\u00e9tences et dans la \nlimite de leurs attributions. \n \n \n \nARTICLE 10 \n- Monsieur Fran\u00e7ois GILLES, directeur r\u00e9gional acad\u00e9mique des syst\u00e8mes d'information de la r\u00e9gion \nacad\u00e9mique Ile-de-France, chef du site de Versailles (DRASI-V) et Madame Marielle LEROY, son \nadjointe, pour les actes relatifs \u00e0 leurs champs de comp\u00e9tences et dans la limite de leurs attributions. \n \n  \nRectorat de l'acad\u00e9mie de Versailles - IDF-2025-06-04-00001 - Arr\u00eat\u00e9\nportant subd\u00e9l\u00e9gation de signature financi\u00e8re\nLe Recteur de l'acad\u00e9mie de Versailles,\n21\nEnACADEMIEDE VERSAILLESLibert\u00e9Egalit\u00e9Fraternit\u00e9\n \n \n \n \n \n3. P\u00d4LE RESSOURCES HUMAINES \n \n \nARTICLE 11 \n- Madame C\u00e9cile BOUSSAUD, cheffe de la division des personnels enseignants (DPE), Madame \nLaetitia DELL'AIRA et Madame C\u00e9cile MEYZA, ses adjoints, pour les actes relatifs \u00e0 leurs champs \nde comp\u00e9tences et dans la limite de leurs attributions. Les op\u00e9rations entra\u00eenant un rappel sup\u00e9rieur \u00e0 \n10 000\u20ac sont exclues de cette d\u00e9l\u00e9gation. \n \n \nARTICLE 11.1. \nEn cas d'absence ou d'emp\u00eachement de Madame C\u00e9cile BOUSSAUD, cheffe de la DPE, Madame \nLaetitia DELL'AIRA et Madame C\u00e9cile MEYZA, ses adjoints, d\u00e9l\u00e9gation de signature est donn\u00e9e \u00e0 \nchacun des chefs de service de la DPE, dans leurs champs de comp\u00e9tences respectifs et dans la limite \nde leurs attributions : \n \n- Madame Danielle FOLLET (DPE 2) ; \n- Madame Marie-Eve SABOT (DPE 3) ; \n- Monsieur Eric GROBBEN (DPE 4) ; \n- Madame Dominique MOULIE (DPE 6) ; \n- Monsieur Valentin GAILLARD (DPE 7) ; \n- Monsieur Christian DUVAL (DPE 8) ; \n- Madame Laura TUTZO (DPE 9). \n- Madame Laurence YVER, Coordonnatrice RH Paye \n \npour les d\u00e9comptes fixant le montant du calcul des \u00e9l\u00e9ments de r\u00e9mun\u00e9ration ou des indemnit\u00e9s des \npersonnels g\u00e9r\u00e9s par le service, les certificats administratifs et les cr\u00e9ations d'historiques. \n \n \nARTICLE 11.2. \nEn cas d'absence ou d'emp\u00eachement des chefs de services mentionn\u00e9s \u00e0 l'article 11.1, d\u00e9l\u00e9gation de \nsignature est donn\u00e9e aux r\u00e9f\u00e9rents paie : Madame Isabelle MINIERE, Madame Arielle HENRION, \nMonsieur Fabrice GIRAULT, Monsieur Hakim BELBOUAB, Madame Delphine TASSEAU, Madame \nVirginie CANO, Monsieur Julien LEROY et Madame Carole FERRY pour signer, dans leurs champs \nde comp\u00e9tences respectifs et dans la limite de leurs attributions, les d\u00e9comptes relatifs aux prises en \ncharge des transports et les cr\u00e9ations d'historiques. \n \n \n \nARTICLE 12 \n- Madame Anne PIGUET, cheffe de la division des personnels administratifs, techniques, sociaux et de \nsant\u00e9 (DPATS) et Madame Sylvaine EDMOND, son adjointe, pour les actes relatifs \u00e0 leurs champs de \ncomp\u00e9tences et dans la limite de leurs attributions. Les op\u00e9rations entra\u00eenant un rappel sup\u00e9rieur \u00e0 10 \n000\u20ac sont exclues de cette d\u00e9l\u00e9gation. \n \n  \nRectorat de l'acad\u00e9mie de Versailles - IDF-2025-06-04-00001 - Arr\u00eat\u00e9\nportant subd\u00e9l\u00e9gation de signature financi\u00e8re\nLe Recteur de l'acad\u00e9mie de Versailles,\n22\nEnACADEMIEDE VERSAILLESLibert\u00e9Egalit\u00e9Fraternit\u00e9\n \n \n \nARTICLE 12.1. \nEn cas d'absence ou d'emp\u00eachement de Madame Anne PIGUET, cheffe de la DPATS et de Madame \nSylvaine EDMOND, son adjointe, d\u00e9l\u00e9gation de signature est donn\u00e9e \u00e0 : \n \n- Madame Colette DEFREL, cheffe du bureau DPATS 1 ; \n- Monsieur Bruno LONEGA, chef du bureau DPATS 2 ; \n- Monsieur Fabien DIVENAH, chef du bureau DPATS 3 ;  \n- Madame Dominique MISZCZAK, Cheffe de bureau DAPTS 4 ; \n- Madame Maryse VAGAO, Cheffe de bureau DAPTS 5 ; \n \n\u00e0 effet de signer, dans leurs champs de comp\u00e9tences respectifs et dans la limite de leurs attributions, \nles d\u00e9comptes fixant le montant des \u00e9l\u00e9ments de r\u00e9mun\u00e9ration ou des indemnit\u00e9s des personnels g\u00e9r\u00e9s \npar le service, les certificats administratifs et les cr\u00e9ations d'historiques. \nEn sus des actes d\u00e9sign\u00e9s ci-dessus et en l'absence des chefs de bureau, d\u00e9l\u00e9gation de signature est \ndonn\u00e9e \u00e0 Madame Julie FAUGERAS, coordonnatrice paie DPATS, pour les d\u00e9cisions visant \u00e0 assurer \nla prise en charge financi\u00e8re des nouveaux arrivants. \n \n \nARTICLE 13 \n- Madame Sofia DIAS, cheffe de la division de l'encadrement (DE) et Monsieur Olivier HERVY, son \nadjoint, pour les actes relatifs \u00e0 leurs champs de comp\u00e9tences et dans la limite de leurs attributions. \nLes op\u00e9rations entra\u00eenant un rappel sup\u00e9rieur \u00e0 10 000\u20ac sont exclues de cette d\u00e9l\u00e9gation. \n \n \nARTICLE 14 \n- Madame Nathalie SANDRA, cheffe du service acad\u00e9mique de pr\u00e9vention et d'accompagnement des \nPersonnels (SAPAP), Madame B\u00e9atrice MUHEL, son adjointe, Madame Sandrine TEMPIER, \nresponsable de la mission acad\u00e9mique d'int\u00e9gration des personnels en situation de handicap (MAIPH), \ncorrespondante handicap, Monsieur Christophe LAURENT, responsable du p\u00f4le action sociale, pour \nles actes relatifs \u00e0 leurs champs de comp\u00e9tences et dans la limite de leurs attributions. \n \n \nARTICLE 15 \n- Madame Ga\u00eblle GOSSE-TYRODE, cheffe du service acad\u00e9mique des retraites, Madame St\u00e9phanie \nCOSTES et Madame Martine TRAVERS, ses adjointes, pour les actes relatifs \u00e0 leurs champs de \ncomp\u00e9tences et dans la limite de leurs attributions. \n \n \n \n4. P\u00d4LE POLITIQUES EDUCATIVES ET PARTENARIATS \n \n \nARTICLE 16 \n- Monsieur Nicolas VOISIN, chef de la division de l'appui et du conseil aupr\u00e8s des \u00e9tablissements et \ndes services et Monsieur David POIRIER, son adjoint, pour les actes relatifs \u00e0 leurs champs de \ncomp\u00e9tences et dans la limite de leurs attributions. \n \n  \nRectorat de l'acad\u00e9mie de Versailles - IDF-2025-06-04-00001 - Arr\u00eat\u00e9\nportant subd\u00e9l\u00e9gation de signature financi\u00e8re\nLe Recteur de l'acad\u00e9mie de Versailles,\n23\nEnACADEMIEDE VERSAILLESLibert\u00e9Egalit\u00e9Fraternit\u00e9\n \n \n \n \n \nARTICLE 17 \nEn cas d'absence ou d'emp\u00eachement de Monsieur \u00c9tienne CHAMPION, Recteur de l'acad\u00e9mie de \nVersailles, subd\u00e9l\u00e9gation de signature est donn\u00e9e \u00e0 Monsieur Beno\u00eet VERSCHAEVE, secr\u00e9taire \ng\u00e9n\u00e9ral de l'acad\u00e9mie de Versailles pour les op\u00e9rations relevant du minist\u00e8re de l'\u00e9ducation nationale, \nde l'enseignement sup\u00e9rieur et de la recherche \u00e0 l'effet de recevoir les cr\u00e9dits de l'ANRU. \n \nCette subd\u00e9l\u00e9gation porte \u00e9galement : \n- sur l'ordonnancement secondaire des recettes et des d\u00e9penses de l'\u00c9tat ; \n- sur les d\u00e9cisions d'oppositions ou de rel\u00e8vement de la prescription quadriennale des cr\u00e9ances \nde l'\u00c9tat ; \n \n \n \nARTICLE 17.1. \nEn cas d'absence ou d'emp\u00eachement de Monsieur Beno\u00eet VERSCHAEVE, secr\u00e9taire g\u00e9n\u00e9ral de \nl'acad\u00e9mie, subd\u00e9l\u00e9gation est donn\u00e9e \u00e0 Madame Catherine FRUCHET, Monsieur Alain OUVRARD, \nMonsieur Fabien DEROUBAIX et Madame Nathalie LAWSON, secr\u00e9taires g\u00e9n\u00e9raux adjoints de \nl'acad\u00e9mie de Versailles. \n \n \n \nARTICLE 18 \nL'arr\u00eat\u00e9 rectoral n\u00b0 IDF-2025-01-03-00005 du 03 janvier 2025 portant subd\u00e9l\u00e9gation de signature \nfinanci\u00e8re est abrog\u00e9. \n \n \n \nARTICLE 19 \nLe secr\u00e9taire g\u00e9n\u00e9ral de l'acad\u00e9mie de Versailles est charg\u00e9 de l'ex\u00e9cution du pr\u00e9sent arr\u00eat\u00e9 qui sera \npubli\u00e9 au recueil des actes administratifs de la r\u00e9gion Ile-de-France. \n \n \nFait \u00e0 Versailles, le 04 juin 2025. \n \n \nLe Recteur \n \nSign\u00e9 \n \n\u00c9tienne CHAMPION \n \nRectorat de l'acad\u00e9mie de Versailles - IDF-2025-06-04-00001 - Arr\u00eat\u00e9\nportant subd\u00e9l\u00e9gation de signature financi\u00e8re\nLe Recteur de l'acad\u00e9mie de Versailles,\n24","date":"2025-06-04","first_seen_on":"2025-06-04T16:45:36+00:00","id":"7f35d3fce5880ae90ff71c4cfd2fe2fe0891451336f33cf83580c72ef2cbebfe","name":"recueilDS-idf-007-2025-06-recueil-des-actes-administratifs-special du 04.06.2025","pdf_creation_date":"2025-06-04T14:33:39+00:00","pdf_modification_date":null,"timezone":"Europe/Paris","url":"https://www.prefectures-regions.gouv.fr/ile-de-france/irecontenu/telechargement/128245/945659/file/recueilDS-idf-007-2025-06-recueil-des-actes-administratifs-special%20du%2004.06.2025.pdf"}
