{"administration":"pref50","administration_name":"Pr\u00e9fecture de la Manche","content":"ExPREFETDE LA MANCHELibert\u00e9Egalit\u00e9Fraternit\u00e9\nRECUEIL DES ACTES\nADMINISTRATIFS\nDE LA MANCHE\nDOCUMENTATION\nET\nINFORMATIONS\nD\u00e9cembre 2024\nNUMERO SPECIAL N\u00b0 107\n\nLe contenu int\u00e9gral des textes et/ou les documents et plans annex\u00e9s\npeut \u00eatre consult\u00e9 aupr\u00e8s du service sous le timbre duquel la publication\nest r\u00e9alis\u00e9e et sur le site Internet de la pr\u00e9fecture :\nhttp://www.manche.gouv.fr\nRubrique : Publications - Annonces et avis - Recueil des actes administratifs\nS O M M A I R E\nDIRECTION DEPARTEMENTALE DES TERRITOIRES ET DE LA MER.................................................................................................... 2\nBar\u00e8me d'indemnisation des d\u00e9g\u00e2ts de gibier du 4 d\u00e9cembre 2024.......................................................................................................... 2\nDate limite de r\u00e9colte des productions du 4 novembre 2024..................................................................................................................... 2\nArr\u00eat\u00e9 n\u00b0 DDTM-DIR-2024-18 du 10 d\u00e9cembre 2024 portant Interdiction de ramassage des poches a hu\u00eetres \u00e9chou\u00e9es sur l'estran \u00e0 la\nsuite de la temp\u00eate Darragh.......................................................................................................................................................................... 3\nAGENCE REGIONALE DE SANTE.............................................................................................................................................................. 3\nArr\u00eat\u00e9 du 4 novembre 2024 fixant le nombre th\u00e9orique de v\u00e9hicules de transports sanitaires du d\u00e9partement de la Manche.................. 3\nDIRECTION DEPARTEMENTALE DE LA PROTECTION DES POPULATIONS......................................................................................... 3\nArr\u00eat\u00e9 N\u00b0 2024-494 du 9 d\u00e9cembre 2024 portant abrogation de l'arr\u00eat\u00e9 N\u00b0 2024-415 d\u00e9finissant une zone d'application de mesures \nsuppl\u00e9mentaires de pr\u00e9vention vis-\u00e0-vis du risque d'introduction du virus d'influenza aviaire hautement pathog\u00e8ne dans les \n\u00e9tablissements d\u00e9tenant des volailles et oiseaux captifs \u00e0 partir de l'avifaune sauvage maritime................................................................. 3\nDIVERS......................................................................................................................................................................................................... 3\nCONSEIL D\u00c9PARTEMENTAL......................................................................................................................................................................................... 4\nArr\u00eat\u00e9 du 3 d\u00e9cembre 2024 relatif \u00e0 la composition du Conseil d\u00e9partemental de la citoyennet\u00e9 et de l'autonomie (CDCA) de la Manche\n2023-2026..................................................................................................................................................................................................... 4\n\uf0bf\nDIRECTION DEPARTEMENTALE DES TERRITOIRES ET DE LA MER\nBar\u00e8me d'indemnisation des d\u00e9g\u00e2ts de gibier du 4 d\u00e9cembre 2024\nBAREME D'INDEMNISATION DES DEGATS DE GIBIER\nMa\u00efs\n      Ann\u00e9e 2024\nPRODUCTION\nBar\u00e8me national 2024\nBar\u00eame\nretenu en\n2024\n\u20ac/Q\nBar\u00eame\nretenu en\n2023\n\u20ac/Q\nDATE LIMITE DE\nRECOLTE\nMinimum en\n\u20ac/Q\nMaximum en\n\u20ac/Q\nMoyenne en\n\u20ac/Q\nMAIS\nMa\u00efs grain 12,30 14,70 13,50 12,30 15,10 1er janvier\nMa\u00efs ensilage \nMati\u00e8re verte 3,50 4,50 4,00 3,50 4,15 15-nov.\nQ/mati\u00e8re s\u00e8che \n(32%) 10,94 14,06 12,50 10,94 12,97\nBetterave\nBetterave \nfourrag\u00e8re\npas de\nbar\u00eame\nMa\u00efs bio : \nMajoration \n25%\nBar\u00e8me adopt\u00e9 le 04 d\u00e9cembre 2024 par la formation sp\u00e9cialis\u00e9e \"indemnisation des d\u00e9g\u00e2ts de gibier\" \nBar\u00e8me adopt\u00e9 le 04 d\u00e9cembre 2024 par la formation sp\u00e9cialis\u00e9e \"indemnisation des d\u00e9g\u00e2ts de gibier\"\nSign\u00e9 : le responsable de l'unit\u00e9 For\u00eat, Nature,Biodiversit\u00e9 : M. L. VATTIER\nDate limite de r\u00e9colte des productions du 4 novembre 2024\nPRODUCTION DATE LIMITE DE RECOLTE 2024\nCEREALES-GRAINS\nbl\u00e9 tendre 15-sept.\norge d'hiver et de \nprintemps 15-sept.\navoine 15-sept.\ntriticale 15-sept.\nCEREALES  PAILLE 15-sept.\nbl\u00e9 tendre 15-sept.\norge d'hiver et de \nprintemps 15-sept.\navoine 15-sept.\nautres \nc\u00e9r\u00e9ales&m\u00e9lange orge-\nav 15-sept.\nCULTURES \nLEGUMIERES DE \nPLEIN CHAMP\ncarottes (en frais) conservation : 1/06\n(primeur : r\u00e9colte \n\u00e0 partir du 20/07\nchoux-fleur (en frais) printemps : 15/05\nautomne : 15/12)\nautres choux 1er mai\nnavets potagers 1er avril\npoireaux 1er mai\npersil toute l'ann\u00e9e\npomme de terre de \nprimeur 1er ao\u00fbt\npommes de terre de \nconservation 1er novembre\nsalades toute l'ann\u00e9e\nMAIS\nMa\u00efs grain 1er janvier\nMa\u00efs ensilage Mati\u00e8re \nverte 15-nov.\nSign\u00e9 : le responsable de l'unit\u00e9 For\u00eat, Nature,Biodiversit\u00e9 : M. L. VATTIER\n\uf0bf\nArr\u00eat\u00e9 n\u00b0 DDTM-DIR-2024-18 du 10 d\u00e9cembre 2024 portant Interdiction de ramassage des poches a hu\u00eetres \u00e9chou\u00e9es sur l'estran \u00e0 la\nsuite de la temp\u00eate Darragh\nConsid\u00e9rant le d\u00e9crochage important de poches ostr\u00e9icoles dans les zones de production conchylicole,\nConsid\u00e9rant l'envol et le d\u00e9placement important du mat\u00e9riel ostr\u00e9icole dans les zones de production conchylicole,\nConsid\u00e9rant le temps n\u00e9cessaire pour la r\u00e9cup\u00e9ration du mat\u00e9riel,\nSur proposition du directeur d\u00e9partemental des territoires et de la mer,\nArr\u00eate\nArt. 1     : Le ramassage des poches ostr\u00e9icoles et des hu\u00eetres \u00e9chou\u00e9es sur les plages du d\u00e9partement est interdit \u00e0 toute personne ext\u00e9rieure \u00e0 \nla profession conchylicole. \nArt. 2     : Seuls les conchyliculteurs propri\u00e9taires des \u00e9quipements \u00e9chou\u00e9s \u00e0 la suite de la temp\u00eate, sont autoris\u00e9s \u00e0 les r\u00e9cup\u00e9rer. Ils doivent \nmettre tout en \u0153uvre pour les r\u00e9cup\u00e9rer, les \u00e9vacuer ou les r\u00e9installer dans les concessions autoris\u00e9es.\nSign\u00e9 : le Pr\u00e9fet : M. Xavier BRUNETIERE\n\uf0bf\nAGENCE REGIONALE DE SANTE\nArr\u00eat\u00e9 du 4 novembre 2024 fixant le nombre th\u00e9orique de v\u00e9hicules de transports sanitaires du d\u00e9partement de la Manche\n(\u00e0 l'exclusion des v\u00e9hicules exclusivement affect\u00e9s aux transports sanitaires effectu\u00e9s dans le cadre de l'aide m\u00e9dicale urgente)\nArt. 1     : Le nombre th\u00e9orique de v\u00e9hicules affect\u00e9s aux transports sanitaires dans le d\u00e9partement de la Manche, \u00e0 l'exclusion des v\u00e9hicules \nexclusivement affect\u00e9s aux transports sanitaires effectu\u00e9s dans le cadre de l'aide m\u00e9dicale urgente est fix\u00e9 \u00e0 :\n  232 v\u00e9hicules\nSoit 182 v\u00e9hicules en application de la r\u00e8gle populationnelle, r\u00e9partis selon le mode de calcul suivant : \nPopulation du d\u00e9partement : 510 539 habitants \nDont habitants les communes de 10 000 habitants et plus : 146 122 habitants\nAutorisation d'un v\u00e9hicule par tranche de 5 000 habitants : 29 v\u00e9hicules\nDont habitants les communes < \u00e0 10 000 habitants : 364 417 habitants\nAutorisation d'un v\u00e9hicule par tranche de 2 000 habitants : 182 v\u00e9hicules\n21 v\u00e9hicules suppl\u00e9mentaires, tenant compte d'une marge autoris\u00e9e de 10%, afin de prendre en compte les caract\u00e9ristiques d\u00e9mographiques, \ng\u00e9ographiques ou d'\u00e9quipement sanitaire, la fr\u00e9quentation saisonni\u00e8re, la situation locale de la concurrence dans le secteur des transports \nsanitaires, le taux d'utilisation des v\u00e9hicules de transports sanitaires existant ainsi que, le cas \u00e9ch\u00e9ant, l'existence de v\u00e9hicules affect\u00e9s \u00e0 \nl'ex\u00e9cution de contrats conclus avec une soci\u00e9t\u00e9 d'assistance ou un \u00e9tablissement public de sant\u00e9.\nArt. 2 : La pr\u00e9sente d\u00e9cision peut faire l'objet d'un recours contentieux aupr\u00e8s du tribunal administratif de Caen, 3 rue Arthur Le Duc 14000 \nCaen, dans un d\u00e9lai de deux mois \u00e0 compter de sa notification aux int\u00e9ress\u00e9s ou de l'ex\u00e9cution des formalit\u00e9s de publicit\u00e9s pour les tiers. La \nsaisine du tribunal administratif peut se faire via T\u00e9l\u00e9recours citoyen www.telerecours.fr.\nSign\u00e9 : le Directeur g\u00e9n\u00e9ral : M. Fran\u00e7ois MENGIN-LECREULX\n\uf0bf\nDIRECTION DEPARTEMENTALE DE LA PROTECTION DES POPULATIONS\nArr\u00eat\u00e9 N\u00b0 2024-494 du 9 d\u00e9cembre 2024 portant abrogation de l'arr\u00eat\u00e9 N\u00b0 2024-415\nd\u00e9finissant une zone d'application de mesures suppl\u00e9mentaires de pr\u00e9vention vis-\u00e0-vis du risque d'introduction du virus d'influenza\naviaire hautement pathog\u00e8ne dans les \u00e9tablissements d\u00e9tenant des volailles et oiseaux captifs \u00e0 partir de l'avifaune sauvage maritime\nconsid\u00e9rant l'\u00e9volution des mesures sanitaires induites par le passage au niveau de risque \u00e9lev\u00e9 afin de renforcer de fa\u00e7on urgente et \nimm\u00e9diate les mesures de pr\u00e9vention pour prot\u00e9ger les \u00e9levages de volailles fran\u00e7ais d'une contamination par le virus influenza aviaire sur \nl'ensemble du territoire m\u00e9tropolitain,\nsur proposition du directeur d\u00e9partemental charg\u00e9 de la protection des populations ; \nARR\u00caTE\nArt. 1er : Dispositions abrogatoires \nL'arr\u00eat\u00e9 N\u00b0 2024-415 d\u00e9finissant une zone d'application de mesures suppl\u00e9mentaires de pr\u00e9vention vis-\u00e0-vis du risque d'introduction du virus \nd'influenza aviaire hautement pathog\u00e8ne dans les \u00e9tablissements d\u00e9tenant des volailles et oiseaux captifs \u00e0 partir de l'avifaune sauvage \nmaritime est abrog\u00e9.\nArt. 2     : D\u00e9lai et voie de recours\nLe pr\u00e9sent acte peut \u00eatre contest\u00e9 devant le tribunal administratif de CAEN par un recours contentieux, dans les deux mois \u00e0 partir de sa \nnotification. Il peut \u00e9galement faire l'objet aupr\u00e8s du pr\u00e9fet d'un recours gracieux.\nCelui-ci prolonge le d\u00e9lai de recours contentieux, qui doit \u00eatre introduit dans les deux mois suivant la r\u00e9ponse. L'absence de r\u00e9ponse au terme \nd'un d\u00e9lai de deux mois vaut rejet implicite. Aucune de ces voies de recours ne suspend l'application de la pr\u00e9sente d\u00e9cision.\nUne requ\u00eate d\u00e9mat\u00e9rialis\u00e9e peut \u00e9galement \u00eatre d\u00e9pos\u00e9e sur le site www.telerecours.fr\nSign\u00e9 : pour le pr\u00e9fet, par d\u00e9l\u00e9gation, le directeur d\u00e9partemental de la protection des populations : M. Pol KERMORGANT\n\uf0bf\nDIVERS\nConseil d\u00e9partemental\nArr\u00eat\u00e9 du 3 d\u00e9cembre 2024 relatif \u00e0 la composition du Conseil d\u00e9partemental de la citoyennet\u00e9 et de l'autonomie (CDCA) de la Manche\n2023-2026\nConsid\u00e9rant que, suite aux d\u00e9crets n\u00b02009-1484 et n\u00b02020-1545 pr\u00e9cit\u00e9s, la Direction D\u00e9partementale de la Coh\u00e9sion Sociale (DDCS) a \u00e9t\u00e9 \nremplac\u00e9e par la Direction D\u00e9partementale de l'Emploi, du Travail et des Solidarit\u00e9s (DDETS), et la Direction R\u00e9gionale des Entreprises, de la \nConcurrence, de la Consommation, du Travail et de l'Emploi (DIRECTE) par la Direction R\u00e9gionale de l'Economie, de l'Emploi, du Travail et des\nSolidarit\u00e9s (DREETS), il convient d'en prendre acte dans la composition du CDCA ;\nConsid\u00e9rant que le mandat des membres du conseil d\u00e9partemental de la citoyennet\u00e9 et de l'autonomie court pour 3 ans pour la p\u00e9riode 2023-\n2026 ;\nConsid\u00e9rant qu'il convient de proc\u00e9der \u00e0 la d\u00e9signation de repr\u00e9sentant dans les diff\u00e9rents coll\u00e8ges ;\nConsid\u00e9rant la r\u00e9glementation en vigueur ;\nArr\u00eate :\nArt. 1er. -  Le conseil d\u00e9partemental de la citoyennet\u00e9 et de l'autonomie de la Manche est compos\u00e9 ainsi qu'il suit : \n    1. Formation sp\u00e9cialis\u00e9e pour les questions relatives aux personnes \u00e2g\u00e9es\n        1.1. Premier coll\u00e8ge : repr\u00e9sentants des usagers retrait\u00e9s, personnes \u00e2g\u00e9es, de leurs familles et des proches aidants. \n            1.1.1. Huit repr\u00e9sentants des personnes \u00e2g\u00e9es, de leurs familles et des proches aidants d\u00e9sign\u00e9s sur propositions des associations \nfigurant sur une liste arr\u00eat\u00e9e par le pr\u00e9sident du conseil d\u00e9partemental ; \n    \u2022 Si\u00e8ge n\u00b0 1 \nF\u00e9d\u00e9ration de la Manche des clubs de retrait\u00e9s \nTitulaire : En attente de d\u00e9signation\nSuppl\u00e9ant : En attente de d\u00e9signation\n    \u2022 Si\u00e8ge n\u00b0 2 \nG\u00e9n\u00e9ration Mouvement \u2013 F\u00e9d\u00e9ration de la Manche les a\u00een\u00e9s ruraux \nTitulaire : Monique LETHOUAYE\nSuppl\u00e9ant : Michel RAULINE \n    \u2022 Si\u00e8ge n\u00b0 3\nFrance Alzheimer Manche \nTitulaire : Evelyne RABEC\nSuppl\u00e9ant : Jean SAUNIER \n    \u2022 Si\u00e8ge n\u00b0 4\nAssociation des parkinsoniens de la Manche \nTitulaire : Serge Deslandes\nSuppl\u00e9ant : Gilbert LEMEE\n    \u2022 Si\u00e8ge n\u00b0 5\nConf\u00e9d\u00e9ration nationale des retrait\u00e9s militaires, des anciens militaires et de leurs conjoints - CNRM\nTitulaire : En attente de d\u00e9signation\nSuppl\u00e9ant : En attente de d\u00e9signation\n    \u2022 Si\u00e8ge n\u00b0 6\nF\u00e9d\u00e9ration g\u00e9n\u00e9rale des retrait\u00e9s de la fonction publique \u2013 FGR FP \nTitulaire : Michel LECHATREUX \nSuppl\u00e9ant : Erick PONTAIS \n    \u2022 Si\u00e8ge n\u00b0 7\nF\u00e9d\u00e9ration nationale des associations de retrait\u00e9s \u2013 FNAR   \nTitulaire : Jean-Claude DUMONT \nSuppl\u00e9ant : Arlette BOUCHAIN\n    \u2022 Si\u00e8ge n\u00b0 8\nFamilles rurales \u2013 F\u00e9d\u00e9ration de la Manche \nTitulaire : C\u00e9cile LEFRANC\nSuppl\u00e9ant : En attente de d\u00e9signation\n            1.1.2. Cinq repr\u00e9sentants des personnes retrait\u00e9es d\u00e9sign\u00e9s sur propositions des organisations syndicales repr\u00e9sentatives au niveau \nnational ; \n    \u2022 Si\u00e8ge n\u00b0 1 \nUnion syndicale des retrait\u00e9s CGT de la Manche \u2013 USR CGT Manche \nTitulaire : Guy BERNARD  \nSuppl\u00e9ant : Fr\u00e9d\u00e9ric LEBORGNE \n    \u2022 Si\u00e8ge n\u00b0 2\nUnion territoriale des retrait\u00e9s CFDT de la Manche \u2013 UTR CFDT Manche \nTitulaire : Roland SOUBEYRAND\nSuppl\u00e9ant : Nathalie GIRARD\n    \u2022 Si\u00e8ge n\u00b0 3 \nUnion d\u00e9partementale des retrait\u00e9s FO- UDR FO Manche \nTitulaire : Dani\u00e8le GAUTSCHI\nSuppl\u00e9ant : Daniel LEBOURGEOIS\n    \u2022 Si\u00e8ge n\u00b0 4\nUnion d\u00e9partementale des retrait\u00e9s CFTC de la Manche \u2013 UD CFTC Manche \nTitulaire : Reine TETREL\nSuppl\u00e9ant : Jacqueline HELLER \n    \u2022 Si\u00e8ge n\u00b0 5\nUD CFE UNIR - Conf\u00e9d\u00e9ration fran\u00e7aise de l'encadrement \u2013 CGC \nTitulaire : En attente de d\u00e9signation\nSuppl\u00e9ant : En attente de d\u00e9signation \n            1.1.3. Trois repr\u00e9sentants des personnes retrait\u00e9es d\u00e9sign\u00e9s parmi les autres organisations syndicales si\u00e9geant au Haut Conseil de la \nfamille, de l'enfance et de l'\u00e2ge dans la formation sp\u00e9cialis\u00e9e du champ de l'\u00e2ge, choisies par le pr\u00e9sident du conseil d\u00e9partemental en fonction \nde leur activit\u00e9 dans le d\u00e9partement, sur proposition de ces organisations syndicales ;\n    \u2022 Si\u00e8ge n\u00b0 1 \nTitulaire : Catherine GUERAULT F\u00e9d\u00e9ration D\u00e9partementale Syndicats Exploitants Agricoles - FDSEA\nSuppl\u00e9ant : G\u00e9rard BEDOUIN F\u00e9d\u00e9ration D\u00e9partementale Syndicats Exploitants Agricoles - FDSEA\n    \u2022 Si\u00e8ge n\u00b0 2\nTitulaire : Jean-Pierre CARDIN FENARAC\nSuppl\u00e9ant : Jean-Louis LEMONNIER FENARAC\n    \u2022 Si\u00e8ge n\u00b0 3 \nTitulaire : Evelyne MASSICOT \u2013 ANR Association nationale de retrait\u00e9s\nSuppl\u00e9ant : Jeannine DANGER - ANR Association nationale de retrait\u00e9s\n        1.2. Deuxi\u00e8me coll\u00e8ge : repr\u00e9sentants des institutions.\n            1.2.1. Deux repr\u00e9sentants du conseil d\u00e9partemental d\u00e9sign\u00e9s par le pr\u00e9sident du conseil d\u00e9partemental ;\n    \u2022 Si\u00e8ge n\u00b0 1 \nTitulaire : Maryse LE GOFF, conseill\u00e8re d\u00e9partementale\nSuppl\u00e9ant : Franck ESNOUF, conseiller d\u00e9partementale\n    \u2022 Si\u00e8ge n\u00b0 2\nTitulaire : Pierre-Fran\u00e7ois LEJEUNE, conseiller d\u00e9partemental\nSuppl\u00e9ant : Hedwige COLLETTE, conseill\u00e8re d\u00e9partementale\n            1.2.2. Deux repr\u00e9sentants des autres collectivit\u00e9s et \u00e9tablissements publics de coop\u00e9ration intercommunale d\u00e9sign\u00e9s sur proposition de \nl'association d\u00e9partementale des maires ; \n    \u2022 Si\u00e8ge n\u00b0 1 \nTitulaire : Christ\u00e8le CASTELEIN, maire de Saint-Cyr \nSuppl\u00e9ant : Odile MENAND maire adjointe de Cerisy-La-Salle\n    \u2022 Si\u00e8ge n\u00b0 2\nTitulaire : David GUERLAVAIS maire de Dragey-Ronthon \nSuppl\u00e9ant : Agn\u00e8s VALERE, conseill\u00e8re municipale Lessay\n            1.2.3. Le directeur d\u00e9partemental de l'emploi, du travail et des solidarit\u00e9s (DDETS) ou son repr\u00e9sentant ;\n            1.2.4. La directrice g\u00e9n\u00e9rale de l'agence r\u00e9gionale de sant\u00e9 ou son repr\u00e9sentant ; \n            1.2.5. Un repr\u00e9sentant de l'agence nationale de l'habitat dans le d\u00e9partement d\u00e9sign\u00e9 sur proposition du pr\u00e9fet ;\nTitulaire : Pierre-Arnaud MARTIN  \nSuppl\u00e9ant : Isabelle DENIS  \n            1.2.6. Quatre repr\u00e9sentants des r\u00e9gimes de base d'assurance vieillesse et d'assurance maladie d\u00e9sign\u00e9s sur propositions de la caisse \nprimaire d'assurance maladie, de la mutualit\u00e9 sociale agricole, du r\u00e9gime social des ind\u00e9pendants et de la caisse d'assurance retraite et de la \nsant\u00e9 au travail ;\n    \u2022 Si\u00e8ge n\u00b0 1 \nCaisse primaire d'assurance maladie \u2013 CPAM de la Manche \nTitulaire : Corinne MOQUET \nSuppl\u00e9ant : Elise LOUISE \n    \u2022 Si\u00e8ge n\u00b0 2\nMutualit\u00e9 sociale agricole - MSA \nTitulaire : Elisabeth RUEL \nSuppl\u00e9ant : Suzanne PIEDAGNEL\n    \u2022 Si\u00e8ge n\u00b0 3\nCaisse d'assurance retraite et de la sant\u00e9 au travail \u2013 CARSAT  \nTitulaire : Bernard PIVAIN\nSuppl\u00e9ant : Guy BESNARD  \n    \u2022 Si\u00e8ge n\u00b04 \nTitulaire : En attente de d\u00e9signation.\nSuppl\u00e9ant : En attente de d\u00e9signation.\n            1.2.7. Un repr\u00e9sentant des institutions de retraite compl\u00e9mentaire d\u00e9sign\u00e9 sur propositions des f\u00e9d\u00e9rations des institutions de retraite \ncompl\u00e9mentaire ;  \nComit\u00e9 r\u00e9gional de coordination de l'action sociale AGIRC \u2013 ARCCO de Normandie\nTitulaire : Emmanuelle GAIGNARD \nSuppl\u00e9ant : Emmanuel De Vains\n            1.2.8. Un repr\u00e9sentant des organismes r\u00e9gis par le code de la mutualit\u00e9, d\u00e9sign\u00e9 sur proposition de la f\u00e9d\u00e9ration nationale de la \nmutualit\u00e9 fran\u00e7aise ;  \nTitulaire : Luc CHOUBRAC \nSuppl\u00e9ant : Fanny ROUSSEAU \n        1.3. Troisi\u00e8me coll\u00e8ge repr\u00e9sentants des organismes et professionnels \u0153uvrant en faveur des personnes \u00e2g\u00e9es.\n            1.3.1. Cinq repr\u00e9sentants des organisations syndicales repr\u00e9sentatives de salari\u00e9s, ainsi qu'un repr\u00e9sentant de l'union nationale des \nsyndicats autonomes, d\u00e9sign\u00e9s sur propositions de chacune de ces organisations ; \n    \u2022 Si\u00e8ge n\u00b0 1 \nConf\u00e9d\u00e9ration g\u00e9n\u00e9rale du travail \u2013 UD CGT Manche \nTitulaire : Johana HELAINE\nSuppl\u00e9ant : En attente de d\u00e9signation\n    \u2022 Si\u00e8ge n\u00b0 2 \nUnion r\u00e9gionale de Basse-Normandie - CFDT\nTitulaire : Pierre PATTE\nSuppl\u00e9ant : En attente de d\u00e9signation\n    \u2022 Si\u00e8ge n\u00b0 3\nUnion d\u00e9partementale Force ouvri\u00e8re Manche \u2013 UD FO Manche \nTitulaire : Philippe CLEMENT\nSuppl\u00e9ant : Pascal GAMBLIN\n    \u2022 Si\u00e8ge n\u00b0 4\nUnion d\u00e9partementale conf\u00e9d\u00e9ration fran\u00e7aise des travailleurs chr\u00e9tiens \u2013 UD CFTC Manche \nTitulaire : Didier BERKANE\nSuppl\u00e9ant : En attente de d\u00e9signation\n    \u2022 Si\u00e8ge n\u00b0 5\nConf\u00e9d\u00e9ration g\u00e9n\u00e9rale de l'encadrement \u2013 CGC \nTitulaire : Claudine HELAINE\nSuppl\u00e9ant : En attente de d\u00e9signation\n    \u2022 Si\u00e8ge n\u00b0 6\nUnion d\u00e9partementale de l'union nationale des syndicats autonomes \u2013 UD UNSA 50 \nTitulaire : Coralie BENACCHIO \nSuppl\u00e9ant : En attente de d\u00e9signation \n            1.3.2. Quatre repr\u00e9sentants des organisations repr\u00e9sentant les employeurs, les professionnels et les gestionnaires d'\u00e9tablissements et \nde services sociaux et m\u00e9dico-sociaux, d\u00e9sign\u00e9s sur proposition des organisations figurant sur une liste arr\u00eat\u00e9e conjointement par la directrice \ng\u00e9n\u00e9rale de l'agence r\u00e9gionale de sant\u00e9 et le pr\u00e9sident du conseil d\u00e9partemental ; \n    \u2022 Si\u00e8ge n\u00b0 1 \nTitulaire : ADMR\n. Brigitte LE COUEDIC \nSuppl\u00e9ant : FEDESAP (F\u00e9d\u00e9ration fran\u00e7aise des services \u00e0 la personne et de proximit\u00e9) \n. Miguel FERREIRA \n    \u2022 Si\u00e8ge n\u00b0 2 \n  Titulaire : F\u00e9d\u00e9ration hospitali\u00e8re de France Normandie-FHF\n.  Sandrine LAUXERROIS\nSuppl\u00e9ant : URIOPSS (Union r\u00e9gionale interf\u00e9d\u00e9rale des organismes priv\u00e9s sanitaires et sociaux)\n. Arnaud LECOQ  \n    \u2022 Si\u00e8ge n\u00b0 3\nTitulaire : UNCCASS (Union nationale des centres communaux d'action sociale)\n. Touria MARIE\nSuppl\u00e9ant : SYNERPA\n. En attente de d\u00e9signation\n    \u2022 Si\u00e8ge n\u00b0 4\nTitulaire : FEHAP (F\u00e9d\u00e9ration des \u00e9tablissements hospitaliers et d'aide \u00e0 la personne priv\u00e9s non lucratifs)\n. St\u00e9phane LEMAITRE \nSuppl\u00e9ant : ADEPAM \n. Isabelle DELADUNE\n            1.3.3. Un repr\u00e9sentant des intervenants b\u00e9n\u00e9voles qui contribuent au maintien du lien social des personnes \u00e2g\u00e9es, d\u00e9sign\u00e9 sur \npropositions des associations figurant sur une liste arr\u00eat\u00e9e par le pr\u00e9sident du conseil d\u00e9partemental ; \nTitulaire : Raymond PENHARD Les petits fr\u00e8res des pauvres\nSuppl\u00e9ant : Sandrine HERENCIA Les petits fr\u00e8res des pauvres\n        1.4. Quatri\u00e8me coll\u00e8ge : repr\u00e9sentants des personnes physiques ou morales concern\u00e9es par les politiques de l'autonomie et de la \ncitoyennet\u00e9 des personnes \u00e2g\u00e9es ou intervenant dans le domaine de comp\u00e9tence du conseil. \n            1.4.1. Un repr\u00e9sentant des autorit\u00e9s organisatrices de transports, d\u00e9sign\u00e9 sur proposition du pr\u00e9sident du conseil r\u00e9gional ; \nTitulaire : Val\u00e9rie LAISNEY, conseill\u00e8re r\u00e9gionale\nSuppl\u00e9ant : St\u00e9phanie MAUBE, conseill\u00e8re r\u00e9gionale\n            1.4.2. Un repr\u00e9sentant des bailleurs sociaux, d\u00e9sign\u00e9 sur proposition du pr\u00e9fet ;\nTitulaire : Soizic GUILLARD \nSuppl\u00e9ant : Thibault DURAND\n            1.4.3. Un architecte urbaniste d\u00e9sign\u00e9 sur proposition du pr\u00e9fet ; \nTitulaire : Laure GROZNYKH \nSuppl\u00e9ant : Emmanuel FAUCHET \n            1.4.4. Cinq personnes physiques ou morales concern\u00e9es par la politique de l'autonomie et de l'accessibilit\u00e9 universelle et intervenant \ndans les domaines de la citoyennet\u00e9, de la sant\u00e9, de l'activit\u00e9 physique, des loisirs, de la vie associative, de la culture et du tourisme propos\u00e9es \nconjointement par le pr\u00e9fet et le pr\u00e9sident du conseil d\u00e9partemental ; \n    \u2022 Brigitte Boisgerault \u2013 CLIC de la Manche\n    \u2022 Association d\u00e9partementale des pupilles de l'enseignement public de la Manche (AD PEP Manche)\n    \u2022 Association d\u00e9partementale des pupilles de l'enseignement public de la Manche (AD PEP Manche) \u2013 service CAMPS et CMPP de la \nManche \n    \u2022 Universit\u00e9 Inter-Age Normandie\n    \u2022 L'outil en main du Pays de P\u00e9riers\n    2. Formation sp\u00e9cialis\u00e9e pour les questions relatives aux personnes handicap\u00e9es\n        2.1. Premier coll\u00e8ge : repr\u00e9sentants des usagers. \n            2.1.1. Seize repr\u00e9sentants des personnes handicap\u00e9es, de leurs familles et des proches aidants d\u00e9sign\u00e9s sur proposition des \nassociations figurant sur une liste arr\u00eat\u00e9e conjointement par le pr\u00e9fet et le pr\u00e9sident du conseil d\u00e9partemental ;\n    \u2022 Si\u00e8ge n\u00b0 1 \nAssociation des aveugles et malvoyants de la Manche - A.A.M.M\nTitulaire : En attente de d\u00e9signation\nSuppl\u00e9ant : En attente de d\u00e9signation\n    \u2022 Si\u00e8ge n\u00b0 2  \nAssociation du Cotentin d'aide et d'int\u00e9gration sociale \u2013 ACAIS \nTitulaire : Charlotte GAUDRE\nSuppl\u00e9ant : Fran\u00e7ois PEPERS\n    \u2022 Si\u00e8ge n\u00b0 3\nAssociation pour l'insertion sociale et professionnelle des personnes handicap\u00e9es - LADAPT \nTitulaire : Romuald LAMI\nSuppl\u00e9ant : Elise MOURE\n    \u2022 Si\u00e8ge n\u00b0 4\nAssociation des devenus sourds et malentendants de la Manche \u2013 ADSM Manche \nTitulaire : Anne-Marie DESMOTTES \nSuppl\u00e9ant : Brigitte FLEURY\n    \u2022 Si\u00e8ge n\u00b0 5\nAssociation de familles de traumatis\u00e9s cr\u00e2niens et c\u00e9r\u00e9brol\u00e9s\u00e9s \u2013 AFTC Manche \nTitulaire : Jean ANDRO\nSuppl\u00e9ant : En attente de d\u00e9signation\n    \u2022 Si\u00e8ge n\u00b0 6\nAssociation granvillaise des amis et parents d'enfants inadapt\u00e9s \u2013 AGAPEI \nTitulaire : Yannick BESCHER \nSuppl\u00e9ant : Fabien GIRARD\n    \u2022 Si\u00e8ge n\u00b0 7\nAssociation des parents et amis d'enfants et adultes inadapt\u00e9s de l'Avranchin - APAEIA \nTitulaire : V\u00e9ronique LAGNIEL\nSuppl\u00e9ant : Michel JUHERE\n    \u2022 Si\u00e8ge n\u00b0 8\nUnion D\u00e9partementale des Associations Familles - UDAF \nTitulaire : H\u00e9l\u00e8ne De QUIEVRECOURT\nSuppl\u00e9ant : Guillaume PARIS\n    \u2022 Si\u00e8ge n\u00b0 9\nAssociation parentale pour l'\u00e9ducation et l'insertion des personnes d\u00e9ficientes du Centre Manche - APEI Centre Manche  \nTitulaire : V\u00e9ronique LABBEY  \nSuppl\u00e9ant : Patrick ESSELINE \n    \u2022 Si\u00e8ge n\u00b0 10\nAPF France Handicap -  D\u00e9l\u00e9gation Manche  \nTitulaire : Christopher PADOX \nSuppl\u00e9ant : Genevi\u00e8ve LAJOYE\n    \u2022 Si\u00e8ge n\u00b0 11\nLes accident\u00e9s de la vie \u2013 Groupement 50 \u2013 F\u00e9d\u00e9ration nationale des accident\u00e9s du travail et des handicap\u00e9s - FNATH  \nTitulaire : Liliane GARNIER  \nSuppl\u00e9ant : Jean-Pierre LUCAS\n    \u2022 Si\u00e8ge n\u00b0 12 \nAssociation nationale d'associations d'adultes et de parents d'enfants DYS  \nTitulaire : En attente de d\u00e9signation\nSuppl\u00e9ant : Arnaud BOUIS\n    \u2022 Si\u00e8ge n\u00b0 13\nAutisme Basse-Normandie  \nTitulaire : Mich\u00e8le SIARD\nSuppl\u00e9ant : Lydie LEPOITTEVIN   \n    \u2022 Si\u00e8ge n\u00b0 14\nGroupement d'\u00e9tude et d'insertion sociale des personnes porteuses de trisomie 21 \u2013 GEIST 21  \nTitulaire : Jo\u00ebl PRUD'HOMME \nSuppl\u00e9ant : Benjamin DUPONT \n    \u2022 Si\u00e8ge n\u00b0 15\nUnion nationale des amis et familles de personnes malades et/ou handicap\u00e9es psychiques - UNAFAM  50 Manche \nTitulaire : Fran\u00e7oise AVICE\nSuppl\u00e9ant : Philippe NIVIERE\n    \u2022 Si\u00e8ge n\u00b0 16 \nVaincre la mucoviscidose \u2013 D\u00e9l\u00e9gation Basse-Normandie \nTitulaire : Didier RENE  \nSuppl\u00e9ant :  En attente de d\u00e9signation \n        2.2. Deuxi\u00e8me coll\u00e8ge : repr\u00e9sentants des institutions \n            2.2.1. Deux repr\u00e9sentants du conseil d\u00e9partemental d\u00e9sign\u00e9s par le pr\u00e9sident du conseil d\u00e9partemental ;\n    \u2022 Si\u00e8ge n\u00b0 1 \nTitulaire : Sylvie G\u00e2t\u00e9, conseill\u00e8re d\u00e9partementale\nSuppl\u00e9ant : Herv\u00e9 DESSEROUER, conseiller d\u00e9partemental\n    \u2022 Si\u00e8ge n\u00b0 2\nTitulaire : Fr\u00e9d\u00e9rique BOURY, conseill\u00e8re d\u00e9partementale\nSuppl\u00e9ant : Isabelle BOUYER-MAUPAS, conseill\u00e8re d\u00e9partementale\n            2.2.2. Le pr\u00e9sident du conseil r\u00e9gional ou son repr\u00e9sentant ; \n            2.2.3. Deux repr\u00e9sentants des autres collectivit\u00e9s et \u00e9tablissements publics de coop\u00e9ration intercommunale d\u00e9sign\u00e9s sur proposition de \nl'assembl\u00e9e d\u00e9partementale des maires ; \n    \u2022 Si\u00e8ge n\u00b0 1 \nTitulaire : Jean-Pierre TOLLEMER, maire de Sottevast\nSuppl\u00e9ant : Fran\u00e7oise LOUIS, Maire de Saint-Louet-sur-Vire\n    \u2022 Si\u00e8ge n\u00b0 2\nTitulaire : Jocelyne HENNEQUIN, adjointe maire Agon-Coutainville. \nSuppl\u00e9ant : Marie-Mathilde LEZAN, conseill\u00e8re municipale Granville.\n            2.2.4. Le directeur d\u00e9partemental de l'emploi, du travail et des solidarit\u00e9s (DDETS) ou son repr\u00e9sentant ;\n            2.2.5. Le directeur r\u00e9gional de l'\u00e9conomie, de l'emploi, du travail et des solidarit\u00e9s (DREETS) ou son repr\u00e9sentant ; \n            2.2.6. Le recteur d'acad\u00e9mie ou son repr\u00e9sentant ;\n            2.2.7. La directrice g\u00e9n\u00e9rale de l'agence r\u00e9gionale de sant\u00e9 ou son repr\u00e9sentant ; \n            2.2.8. Un repr\u00e9sentant de l'agence nationale de l'habitat dans le d\u00e9partement, d\u00e9sign\u00e9 sur proposition du pr\u00e9fet ;\n. Titulaire : Pierre-Arnaud MARTIN\n. Suppl\u00e9ant : Isabelle DENIS\n            2.2.9. Deux repr\u00e9sentants des r\u00e9gimes de base d'assurance vieillesse et d'assurance maladie d\u00e9sign\u00e9s sur propositions de la caisse \nprimaire d'assurance maladie et de la caisse d'assurance retraite et de la sant\u00e9 au travail ;\n    \u2022 Si\u00e8ge n\u00b0 1 \nCaisse primaire d'assurance maladie \u2013 CPAM de la Manche \nTitulaire : Jean-Pierre LECHARTIER\nSuppl\u00e9ant : Jefferson OSU \n    \u2022 Si\u00e8ge n\u00b0 2\nCaisse d'assurance retraite et de la sant\u00e9 au travail \u2013 CARSAT  \nTitulaire : Guy BESNARD  \nSuppl\u00e9ant : Bernard PIVAIN\n            2.2.10. Un repr\u00e9sentant des organismes r\u00e9gis par le code de la mutualit\u00e9, d\u00e9sign\u00e9 sur proposition de la f\u00e9d\u00e9ration nationale de la \nmutualit\u00e9 fran\u00e7aise\n. Titulaire : Nicole PITRON \u2013 UR Harmonie Mutuelle \n. Suppl\u00e9ant : Gis\u00e8le CATHERINE - MNH\n        2.3. Troisi\u00e8me coll\u00e8ge : repr\u00e9sentants des organismes et professionnels \u0153uvrant en faveur des personnes handicap\u00e9es.\n            2.3.1. Cinq repr\u00e9sentants des organisations syndicales repr\u00e9sentatives de salari\u00e9s, ainsi qu'un repr\u00e9sentant de l'union nationale des \nsyndicats autonomes, d\u00e9sign\u00e9s sur propositions de chacune de ces organisations ; \n    \u2022 Si\u00e8ge n\u00b0 1 \nConf\u00e9d\u00e9ration g\u00e9n\u00e9rale du travail \u2013 UD CGT 50 \nTitulaire : Corinne PIRET\nSuppl\u00e9ant : Pierre ATGER  \n    \u2022 Si\u00e8ge n\u00b0 2 \nUnion r\u00e9gionale de Basse-Normandie -CFDT \nTitulaire : En attente de d\u00e9signation\nSuppl\u00e9ant : En attente de d\u00e9signation\n    \u2022 Si\u00e8ge n\u00b0 3\nUnion d\u00e9partementale Force ouvri\u00e8re Manche \u2013 UD FO Manche \nTitulaire : Lionel MEDERNACH \nSuppl\u00e9ant : Nadia DJERFAF\n    \u2022 Si\u00e8ge n\u00b0 4\nUnion d\u00e9partementale conf\u00e9d\u00e9ration fran\u00e7aise des travailleurs chr\u00e9tiens \u2013 UD CFTC Manche \nTitulaire : Yann ANGE\nSuppl\u00e9ant : En attente de d\u00e9signation\n    \u2022 Si\u00e8ge n\u00b0 5\nConf\u00e9d\u00e9ration g\u00e9n\u00e9rale de l'encadrement \u2013 CGC \nTitulaire : Martine NICOLLE \nSuppl\u00e9ant : En attente de d\u00e9signation\n    \u2022 Si\u00e8ge n\u00b0 6\nUnion d\u00e9partementale de l'union nationale des syndicats autonomes \u2013 UD UNSA 50 \nTitulaire : En attente de d\u00e9signation\nSuppl\u00e9ant : En attente de d\u00e9signation\n            2.3.2. Quatre repr\u00e9sentants des organisations repr\u00e9sentant les employeurs, les professionnels, et les gestionnaires d'\u00e9tablissements et \nservices sociaux et m\u00e9dico-sociaux, d\u00e9sign\u00e9s sur proposition des organisations figurant sur une liste arr\u00eat\u00e9e conjointement par la directrice \ng\u00e9n\u00e9rale de l'agence r\u00e9gionale de sant\u00e9 et le pr\u00e9sident du conseil d\u00e9partemental ;\n    \u2022 Si\u00e8ge n\u00b0 1 \nTitulaire : URIOPSS (Union r\u00e9gionale interf\u00e9d\u00e9rale des organismes priv\u00e9s sanitaires et sociaux)\n. Alain CARTEL \nSuppl\u00e9ant : UNA (Union nationale de l'aide, des soins, et des services \u00e0 domicile) \n. Alexandra GOUTTE \n    \u2022 Si\u00e8ge n\u00b0 2 \n  Titulaire : FEHAP (F\u00e9d\u00e9ration des \u00e9tablissements hospitaliers et d'aide \u00e0 la personne priv\u00e9s non lucratifs)\n. Magalie DALE BLOUET\nSuppl\u00e9ant : F\u00e9d\u00e9ration hospitali\u00e8re de France Normandie\n. Aur\u00e9lie LOUIS\n    \u2022 Si\u00e8ge n\u00b0 3\nNEXEM (FEGAPEI-SYNEAS)\n  Titulaire : Catherine ROLLAND-GOXE \nSuppl\u00e9ant : St\u00e9phane MALHERBE\n    \u2022 Si\u00e8ge n\u00b0 4\nTitulaire : ANDICAT (Association nationale des directeurs et cadres des ESAT \n. En attente de d\u00e9signation.\nSuppl\u00e9ant : GNDA (Groupement national des directeurs g\u00e9n\u00e9raux d'associations des secteurs \u00e9ducatifs, social et m\u00e9dico-social) \n. En attente de d\u00e9signation. \n            2.3.3. Un repr\u00e9sentant des intervenants b\u00e9n\u00e9voles qui contribuent au maintien de la participation des personnes handicap\u00e9es, d\u00e9sign\u00e9 \nsur propositions des associations figurant sur une liste arr\u00eat\u00e9e par le pr\u00e9sident du conseil d\u00e9partemental. \nTitulaire : Handisport \u2013 Jean-Philippe CHAPIN\nSuppl\u00e9ant : Handisport \u2013 Pascal BIVILLE\n        2.4. Quatri\u00e8me coll\u00e8ge : repr\u00e9sentants des personnes physiques ou morales concern\u00e9es par les politiques de l'autonomie et de la \ncitoyennet\u00e9 des personnes handicap\u00e9es ou intervenant dans le domaine de comp\u00e9tence du conseil.\n            2.4.1. Un repr\u00e9sentant des autorit\u00e9s organisatrices de transports, d\u00e9sign\u00e9 sur proposition du pr\u00e9sident du conseil r\u00e9gional ; \nTitulaire : Val\u00e9rie LAISNEY, conseill\u00e8re r\u00e9gionale.\nSuppl\u00e9ant : St\u00e9phanie MAUBE, conseill\u00e8re r\u00e9gionale. \n            2.4.2. Un repr\u00e9sentant des bailleurs sociaux, d\u00e9sign\u00e9 sur proposition du pr\u00e9fet ; \nTitulaire : Soizic GUILLARD \nSuppl\u00e9ant : Thibault DURAND\n            2.4.3. Un architecte urbaniste d\u00e9sign\u00e9 sur proposition du pr\u00e9fet ; \nTitulaire : Laure GROZNYKH \nSuppl\u00e9ant : Emmanuel FAUCHET \n            2.4.4. Cinq personnes physiques ou morales concern\u00e9es par la politique de l'autonomie et de l'accessibilit\u00e9 universelle et intervenant \ndans les domaines de la citoyennet\u00e9, de la sant\u00e9, de l'activit\u00e9 physique, des loisirs, de la vie associative, de la culture et du tourisme propos\u00e9es \nconjointement par le pr\u00e9fet et le pr\u00e9sident du conseil d\u00e9partemental ; \n    \u2022 Bernard LEBARON \u2013 CLIC de la Manche\n    \u2022 Association d\u00e9partementale des pupilles de l'enseignement public de la Manche (AD PEP Manche)\n    \u2022 Association d\u00e9partementale des pupilles de l'enseignement public de la Manche (AD PEP Manche) \u2013 service CAMPS et CMPP de la \nManche \n    \u2022 Universit\u00e9 Inter-Age Normandie\n    \u2022 L'outil en main du Pays de P\u00e9riers\nArt. 2 \u2013  Outre le pr\u00e9sident du conseil d\u00e9partemental qui pr\u00e9side le conseil d\u00e9partemental de la citoyennet\u00e9 et de l'autonomie, le conseil \nd\u00e9partemental de la citoyennet\u00e9 et de l'autonomie comprend des membres de droit, ainsi que d'autres membres mentionn\u00e9s au 1.4.4 et 2.4.4 \nde l'article 1 du pr\u00e9sent arr\u00eat\u00e9 de nomination sous r\u00e9serve de l'accord de la majorit\u00e9 des membres de droit. \nArt. 3 \u2013  Le conseil d\u00e9partemental de la citoyennet\u00e9 et de l'autonomie comprend des membres titulaires et des membres suppl\u00e9ants. Toutefois, \nles membres mentionn\u00e9s au 1.4.4 et 2.4.4 de l'article 1 du pr\u00e9sent arr\u00eat\u00e9 de nomination n'ont pas de suppl\u00e9ant.  \nArt. 4 \u2013  Le mandat des membres du conseil d\u00e9partemental de la citoyennet\u00e9 et de l'autonomie est de trois ans. Il prend fin lorsque le \nmandataire perd la qualit\u00e9 au titre de laquelle il a \u00e9t\u00e9 d\u00e9sign\u00e9. Le membre du conseil d\u00e9partemental de la citoyennet\u00e9 et de l'autonomie qui, au \ncours de son mandat, d\u00e9c\u00e8de, d\u00e9missionne ou perd la qualit\u00e9 au titre de laquelle il a \u00e9t\u00e9 d\u00e9sign\u00e9 est remplac\u00e9 pour la dur\u00e9e du mandat restant \n\u00e0 courir par une personne d\u00e9sign\u00e9e dans les m\u00eames conditions.\nArt. 5 \u2013  Le repr\u00e9sentant de l'agence nationale de l'habitat dans le d\u00e9partement ainsi que les deux repr\u00e9sentants des r\u00e9gimes de base \nd'assurance vieillesse et d'assurance maladie sont communs aux deuxi\u00e8mes coll\u00e8ges des deux formations. Les membres du quatri\u00e8me coll\u00e8ge \nsont communs aux deux formations.  \nArt. 6 \u2013  Le pr\u00e9sent arr\u00eat\u00e9 abroge l'arr\u00eat\u00e9 pr\u00e9c\u00e9dent n\u00b011 en date du 21/06/2023\nArt. 7 \u2013 Le pr\u00e9sent arr\u00eat\u00e9 peut faire l'objet d'un recours administratif gracieux aupr\u00e8s de Monsieur le pr\u00e9sident du conseil d\u00e9partemental, dans \nles deux mois suivant sa notification ou sa publication sur le site http://www.manche.fr. Un recours contentieux peut \u00e9galement \u00eatre d\u00e9pos\u00e9 \naupr\u00e8s du tribunal administratif de Caen, 3 rue Arthur Leduc, BP 25086, 14050 Caen Cedex 4, \u00e9galement dans un d\u00e9lai de deux mois \u00e0 \ncompter de la notification, ou dans le d\u00e9lai de deux mois \u00e0 partir de la r\u00e9ponse de l'administration si un recours administratif a \u00e9t\u00e9 d\u00e9pos\u00e9. Le \ntribunal administratif peut \u00e9galement \u00eatre saisi par l'application informatique \u00ab T\u00e9l\u00e9recours citoyens \u00bb accessible par le site Internet \nwww.telerecours.fr .\nSign\u00e9 : le Pr\u00e9sident du Conseil d\u00e9partemental : M. Jean MORIN\n\uf0bf","date":"2024-12-12","first_seen_on":"2024-12-30T00:00:55+00:00","id":"7f3f0886e7567c3dec467919f9c49807cd2130968c2b7303c6475f033a08b533","name":"RAA sp\u00e9cial n\u00b0 107","pdf_creation_date":"2024-12-11T23:18:11+00:00","pdf_modification_date":null,"timezone":"CET","url":"https://www.manche.gouv.fr/contenu/telechargement/63234/484923/file/SP%20107.pdf"}
