{"administration":"prefidf","administration_name":"Pr\u00e9fecture de la r\u00e9gion \u00cele-de-France","content":"PREFECTURE\nREGION ILE DE\nFRANCE\nRECUEIL DES ACTES\nADMINISTRATIFS SP\u00c9CIAL\nN\u00b0IDF-056-2025-06\nPUBLI\u00c9 LE 27 JUIN 2025\nSommaire\nChambre de commerce et d'industrie de Seine-et-Marne /\nIDF-2025-05-07-00025 - D\u00e9cision portant d\u00e9l\u00e9gation de\nsignature\nDu tr\u00e9sorier de la cci Seine-et-Marne\n (2 pages) Page 3\nDirection interr\u00e9gionale des services p\u00e9nitentiaires de Paris / Service du\ndroit p\u00e9nitentiaire\nIDF-2025-06-25-00020 - Arr\u00eat\u00e9 d\u00e9l\u00e9gation signature DI - QER QPR -\nretrait publication - 25 juin 2025 (2 pages) Page 6\nRectorat de la r\u00e9gion acad\u00e9mique d'Ile-de-France, rectorat de\nl'acad\u00e9mie de Paris /\nIDF-2025-06-25-00018 - Arr\u00eat\u00e9 n\u00b02025-043-RRA portant\nsubd\u00e9l\u00e9gation de signature en mati\u00e8re d'ordonnancement secondaire\npour les budgets op\u00e9rationnels de programme (BOP) n\u00b0150, 214, 172 et\n348 (4 pages) Page 9\nIDF-2025-06-25-00019 - Arr\u00eat\u00e9 n\u00b02025-044-RRA portant\nsubd\u00e9l\u00e9gation de signature en mati\u00e8re d'ordonnancement secondaire\npour les budgets op\u00e9rationnels de programme (BOP) n\u00b0150, 214, 172 et\n348 (4 pages) Page 14\n2\nChambre de commerce et d'industrie de\nSeine-et-Marne\nIDF-2025-05-07-00025\nD\u00e9cision portant d\u00e9l\u00e9gation de signature\nDu tr\u00e9sorier de la cci Seine-et-Marne\nChambre de commerce et d'industrie de Seine-et-Marne - IDF-2025-05-07-00025 - D\u00e9cision portant d\u00e9l\u00e9gation de signature\nDu tr\u00e9sorier de la cci Seine-et-Marne 3\nG CCI SEINE-ET-MARNE\n  05DSF25 \nDiffusion : b\u00e9n\u00e9ficiaire \u2013 site www.seineetmarne.cci.fr  \u2013 recueil des actes administratifs de la Pr\u00e9fecture  de r\u00e9gion \nIle-de-France \n \n \n \n \n \nDECISION PORTANT DELEGATION DE SIGNATURE  \nDU TRESORIER DE LA CCI SEINE-ET-MARNE \n \n \nLe Tr\u00e9sorier de la Chambre de Commerce et d'Industrie de Seine-et-Marne, \n \nVu les dispositions de l'article R711-68 Code de Commerce, \n \nVu le R\u00e8glement Int\u00e9rieur de la C.C.I. de Seine-et-Marne, \n \nDECIDE \n \nSur proposition du Directeur G\u00e9n\u00e9ral, les agents dont les noms suivent re\u00e7oivent d\u00e9l\u00e9gation \npour signer, dans le cadre des budgets notifi\u00e9s et dans la limite de leurs attributions, certains \nactes relevant de la comp\u00e9tence du Tr\u00e9sorier de la CCI Seine-et-Marne.  \n \nCes d\u00e9l\u00e9gations s'exercent, selon les modalit\u00e9s ci-apr\u00e8s, pour une dur\u00e9e au plus \u00e9gale \u00e0 celle \nde la mandature du Tr\u00e9sorier en exercice. \n \nCette d\u00e9l\u00e9gation est strictement personnelle et ne peut \u00eatre subd\u00e9l\u00e9gu\u00e9e \u00e0 d'autres agents. \n \nLa pr\u00e9sente d\u00e9cision annule et remplace les d\u00e9l\u00e9gations ant\u00e9rieurement consenties. \n \nLe Directeur G\u00e9n\u00e9ral est charg\u00e9 de l'ex\u00e9cution de la pr\u00e9sente d\u00e9cision. \n \nFait \u00e0 Serris, le 07 mai 2025 \n \n \nLa Tr\u00e9sori\u00e8re  \n \nSign\u00e9  \n \nC\u00e9cile de SAINT-MICHEL \n \n \n \n \n  \nChambre de commerce et d'industrie de Seine-et-Marne - IDF-2025-05-07-00025 - D\u00e9cision portant d\u00e9l\u00e9gation de signature\nDu tr\u00e9sorier de la cci Seine-et-Marne 4\n  05DSF25 \nDiffusion : b\u00e9n\u00e9ficiaire \u2013 site www.seineetmarne.cci.fr  \u2013 recueil des actes administratifs de la Pr\u00e9fecture  de r\u00e9gion \nIle-de-France \n \nD\u00e9Tr\u00e9 1 Actes relatifs \u00e0 l'ouverture ou cl\u00f4ture des  comptes bancaires \nD\u00e9Tr\u00e9 2 \nActes relatifs \u00e0 la gestion de la tr\u00e9sorerie (d\u00e9cis ion de placement, de d\u00e9nouement de \nplacement, de virement de tr\u00e9sorerie interne (inter bancaire) et de r\u00e9mun\u00e9ration de la \ntr\u00e9sorerie) \nD\u00e9Tr\u00e9 3 Titres de paiement sur comptes bancaires (ch\u00e8ques, virement \u00e9mis, autorisations de \npr\u00e9l\u00e8vement \u00e0 d\u00e9caisser et t\u00e9l\u00e9r\u00e8glements) \nD\u00e9Tr\u00e9 4 Actes relatifs aux op\u00e9rations d'encaissement (endos sement des ch\u00e8ques et ordre de \npr\u00e9l\u00e8vement \u00e0 encaisser) \nD\u00e9Tr\u00e9 5 D\u00e9clarations fiscales \nD\u00e9Tr\u00e9 6 Lettre de d\u00e9sistement, attestations de paie ment (fournisseurs, clients) \nD\u00e9Tr\u00e9 7 D\u00e9clarations de cr\u00e9ances dans le cadre des proc\u00e9dures collectives \nD\u00e9Tr\u00e9 8 \nD\u00e9cisions relatives au plan de continuation dans le  cadre des proc\u00e9dures collectives \n(\u00e9ch\u00e9anciers, remises, \u2026), requ\u00eates en relev\u00e9 de fo rclusion, d\u00e9cisions \u00e0 la Banque de \nFrance (dossier de surendettement)  \nD\u00e9Tr\u00e9 9 Relances des d\u00e9biteurs pour impay\u00e9s (relance n\u00b0 3),  notification des d\u00e9cisions relatives \naux \u00e9ch\u00e9anciers demand\u00e9s \nD\u00e9Tr\u00e9 10 Relances des d\u00e9biteurs pour impay\u00e9s (relance n\u00b01,2), notification des d\u00e9cisions relatives \naux \u00e9ch\u00e9anciers demand\u00e9s \nD\u00e9Tr\u00e9 11 Mandats d'ordonnancement et bordereaux ou ordres de recettes \nD\u00e9Tr\u00e9 12 Remboursements via les applications bancaires de Ventes S\u00e9curis\u00e9e via Internet VADS, \nde paiements r\u00e9alis\u00e9s sur les sites CCI dans la limite de 1  500 \u20ac par transaction   \n \n \n \n \nNom - Pr\u00e9nom Fonction Acte \nChamp \nd'applica \ntion  \nEn cas d'emp\u00eachement ou \nd'absence \nLABORDE Fabrice Tr\u00e9sorier adjoint D\u00e9Tr\u00e9 1 \n\u00e0 1 1 CCI SM En absence de la Tr\u00e9sori\u00e8re  \nDEVE Samira \nResponsable \nadministration \ng\u00e9n\u00e9rale et \nperformance  \nD\u00e9Tr\u00e9  6, \n7 et 10 CCI SM En absence de la Tr\u00e9sori\u00e8re \net du Tr\u00e9sorier-Adjoint  \nBERNAGE David Comptable D\u00e9Tr\u00e9 12  CCI SM  - \nNOTEBAERT Sylvie Comptable D\u00e9Tr\u00e9 10 \net 12 \n \nCCI SM  - \nOUVRIER Corinne Responsable de la \ncomptabilit\u00e9 \nD\u00e9Tr\u00e9 6, \n \n7, 10 et \n12  \nCCI SM \nEn absence de la Tr\u00e9sori\u00e8re, \ndu Tr\u00e9sorier-Adjoint et du \nResponsable administration \ng\u00e9n\u00e9rale et Performance    \nChambre de commerce et d'industrie de Seine-et-Marne - IDF-2025-05-07-00025 - D\u00e9cision portant d\u00e9l\u00e9gation de signature\nDu tr\u00e9sorier de la cci Seine-et-Marne 5\nDirection interr\u00e9gionale des services\np\u00e9nitentiaires de Paris\nIDF-2025-06-25-00020\nArr\u00eat\u00e9 d\u00e9l\u00e9gation signature DI - QER QPR - retrait\npublication - 25 juin 2025\nDirection interr\u00e9gionale des services p\u00e9nitentiaires de Paris - IDF-2025-06-25-00020 - Arr\u00eat\u00e9 d\u00e9l\u00e9gation signature DI - QER QPR - retrait\npublication - 25 juin 2025 6\nMINISTEREDE LA JUSTICELibert\u00e9Exalit\u00e9Fraternit\u00e9\nDIRECTION \nDE L'ADMINISTRATION PENITENTIAIRE \n \n \n \n \n \nDIRECTION \nDE L'ADMINISTRATION P\u00c9NITENTIAIRE \n \nDIRECTION \n INTERR\u00c9GIONALE DES SERVICES P\u00c9NITENTIAIRES DE PARIS \n \nSERVICE DU DROIT P\u00c9NITENTIAIRE \n \nArr\u00eat\u00e9 portant d\u00e9l\u00e9gation de signature \n \n \nVu le code p\u00e9nitentiaire et notamment les articles L. 370-1 R. 370-5 ;   \n \n \nVu l'arr\u00eat\u00e9 du 19 avril 2021 portant nomination de Monsieur St\u00e9phane SCOTTO, directeur fonctionnel \ndes services p\u00e9nitentiaires, en qualit\u00e9 de directeur interr\u00e9gional des services p\u00e9nitentiaires de Paris, \u00e0 \ncompter du 10 mai 2021 ;  \n \nD\u00e9cide : \n \nArticle 1er  \n \nQu'\u00e0 compter du 26 juin 2025, d\u00e9l\u00e9gation permanente de signature est donn\u00e9e \u00e0 :  \n \nMadame Isabelle GOMEZ  DSP , cheffe d'\u00e9tablissement par int\u00e9rim CP Paris-la Sant\u00e9 \nMadame B\u00e9n\u00e9dicte RIOCREUX DSP , cheffe d'\u00e9tablissement   CD Melun \nMonsieur Dimitri BESNARD  DSP , chef d'\u00e9tablissement   CP Meaux-Chauconin \nMonsieur Olivier PIPINO  DSP , chef d'\u00e9tablissement   CP Sud-Francilien \nMadame Karine VERNIERE  DSP , cheffe d'\u00e9tablissement   CP Bois-d'Arcy \nMadame Isabelle BRIZARD  DSP , cheffe d'\u00e9tablissement   MC Poissy \nMadame Souad BENCHINOUN DSP , cheffe d'\u00e9tablissement   EPM Porcheville \nMonsieur Kamal ABDELLI  Commandant p\u00e9nitentiaire,   MA Versailles \nchef d'\u00e9tablissement    \nMonsieur Christophe DEBARBIEUX DSP , chef d'\u00e9tablissement   CP Fleury-M\u00e9rogis \nMonsieur Christophe LOY  DSP , chef d'\u00e9tablissement   CP des Hauts-de-Seine \nMonsieur Pascal SPENLE  DSP , chef d'\u00e9tablissement   CP Seine-Saint-Denis \nMonsieur Jimmy DELLISTE  DSP CE, chef d'\u00e9tablissement   CP Fresnes \nMadame Laurence MAUCHERAT DSP HC, cheffe d'\u00e9tablissement  EPSN Fresnes \nMonsieur Damien COLUSSI  DSP HC, chef d'\u00e9tablissement  CP Osny-Pontoise \nDirection interr\u00e9gionale des services p\u00e9nitentiaires de Paris - IDF-2025-06-25-00020 - Arr\u00eat\u00e9 d\u00e9l\u00e9gation signature DI - QER QPR - retrait\npublication - 25 juin 2025 7\n \n \n \nPour :  \nD\u00e9cider de l'interdiction pour les personnes d\u00e9tenues d'acc\u00e9der \u00e0 une publication \u00e9crite ou \naudiovisuelle contenant des menaces graves contre la s\u00e9curit\u00e9 des personnes et des \u00e9tablissements \np\u00e9nitentiaires ou des propos ou signe s injurieux ou diffamatoire s \u00e0 l'encontre des agents \ncollaborateurs du service publ ic p\u00e9nitentiaire ou des personnes d\u00e9tenues, lorsque la d\u00e9cision \nd'interdiction ne s'applique qu'\u00e0 un \u00e9tablissement p\u00e9nitentiaire ou une personne d\u00e9tenue.  \n \nArticle 2  \n \nLe directeur interr\u00e9gional des services p\u00e9nitentiaires de Paris et les personnes mentionn\u00e9es \u00e0 l'article \n1er sont charg\u00e9s, chacun en ce qui les concerne de l'ex\u00e9cution du pr\u00e9sent arr\u00eat\u00e9.  \n \nArticle 3 \n \nLe pr\u00e9sent arr\u00eat\u00e9 sera publi\u00e9 au recueil des actes administratifs de la pr\u00e9fecture de la r\u00e9gion d'Ile -\nde-France. \n \nLe pr\u00e9sent arr\u00eat\u00e9 fera l'objet d'une publication au recueil des actes administratifs des pr\u00e9fectures de \nParis, de Seine et Marne, des Yvelines, de l'Essonne, des Hauts de Seine, de la Seine Saint Denis, du \nVal de Marne et du Val d'Oise. \n \n \n           Fait \u00e0 Fresnes, le 25/06/2025 \n    \n \nLe directeur interr\u00e9gional \ndes services p\u00e9nitentiaires de Paris \n \nSign\u00e9 \n \nSt\u00e9phane SCOTTO \n \n \n \n \nDirection interr\u00e9gionale des services p\u00e9nitentiaires de Paris - IDF-2025-06-25-00020 - Arr\u00eat\u00e9 d\u00e9l\u00e9gation signature DI - QER QPR - retrait\npublication - 25 juin 2025 8\nRectorat de la r\u00e9gion acad\u00e9mique\nd'Ile-de-France, rectorat de l'acad\u00e9mie de Paris\nIDF-2025-06-25-00018\nArr\u00eat\u00e9 n\u00b02025-043-RRA portant subd\u00e9l\u00e9gation\nde signature en mati\u00e8re d'ordonnancement\nsecondaire pour les budgets op\u00e9rationnels de\nprogramme (BOP) n\u00b0150, 214, 172 et 348\nRectorat de la r\u00e9gion acad\u00e9mique d'Ile-de-France, rectorat de l'acad\u00e9mie de Paris - IDF-2025-06-25-00018 - Arr\u00eat\u00e9 n\u00b02025-043-RRA\nportant subd\u00e9l\u00e9gation de signature en mati\u00e8re d'ordonnancement secondaire pour les budgets op\u00e9rationnels de programme (BOP)\nn\u00b0150, 214, 172 et 348\n9\nREGION ACADEMIQUEILE-DE-FRANCELibert\u00e9Egalit\u00e9Fraternit\u00e9\n \n1 \n                                                          \n \n \n \n \n \n \n \n \n \n \n \nArr\u00eat\u00e9 n\u00b02025-043-RRA portant subd\u00e9l\u00e9gation de signature en mati\u00e8re \nd'ordonnancement secondaire pour les budgets op\u00e9rationnels \nde programme (BOP) n\u00b0150, 214, 172 et 348 \n \nLA RECTRICE DE LA REGION ACADEMIQUE \u00ceLE-DE-FRANCE, \nRECTRICE DE L'ACAD\u00c9MIE DE PARIS \nCHANCELIERE DES UNIVERSIT\u00c9 DE PARIS \nET D'\u00ceLE-DE-FRANCE \n  \nVu la loi organique n\u00b0 2001-692 du 1er ao\u00fbt 2001 modifi\u00e9e relative aux lois de finances  ; \nVu le code de l'\u00e9ducation et notamment les articles R222-19 et suivants ; \nVu le code de la commande publique ; \nVu la loi n o 68-1250 du 31 d\u00e9cembre 1968 modifi\u00e9e relative \u00e0 la prescription des cr\u00e9ances sur l'Etat,  les \nd\u00e9partements, les communes et les \u00e9tablissements publics ; \nVu la loi n\u00b0 72-619 du 5 juillet 1972 modifi\u00e9e portant cr\u00e9ation et organisation des r\u00e9gions, notamment son \narticle 21-1 ; \nVu la loi n\u00b0  82-213 du 2 mars 1982 modifi\u00e9e relative aux droits et lib ert\u00e9s des communes, des \nd\u00e9partements et des r\u00e9gions, et notamment son article 34  ; \nVu le d\u00e9cret n\u00b0 98-81 du 11 f\u00e9vrier 1998 modifi\u00e9 ; \nVu le d\u00e9cret n\u00b0 99-89 du 8 f\u00e9vrier 1999 modifi\u00e9 pris pour l'application de l'article 3 du d\u00e9cret n o 98-81 du \n11 f\u00e9vrier 1998 ; \nVu le d\u00e9cret n\u00b0  2004-374 du 29 avril 2004 modifi\u00e9 relatif aux pouvoirs des pr\u00e9fets, \u00e0 l'organisation et \u00e0 \nl'action des services de l'Etat dans les r\u00e9gions et d\u00e9partements ; \nVu le d\u00e9cret n o 2010-687 du 24 juin 2010 modifi\u00e9 relatif \u00e0 l'organisation  et aux missions des  services de \nl'Etat dans la r\u00e9gion et les d\u00e9partements d'Ile-de-France ; \nVu le d\u00e9cret n o 2012-1246 du 7 novembre 2012 modifi\u00e9 relatif \u00e0 la gestion budg\u00e9taire et comptable \npublique ; \nVu le d\u00e9cret n\u00b0 2019 -1200 du 20 novembre 2019 rel atif \u00e0 l'organisation des services d\u00e9concentr\u00e9s des \nministres charg\u00e9s de l'\u00e9ducation nationale et de l'enseignement sup\u00e9rieur, de la recherche et de \nl'innovation ; \nVu le d\u00e9cret du 22 juillet 2020 portant nomination de M. Marc GUILLAUME en qualit\u00e9 de pr\u00e9fet  de la \nr\u00e9gion Ile-de-France, pr\u00e9fet de Paris ; \nVu le d\u00e9cret du 12 mars 2025 portant nomination de Mme Julie BENETTI en qualit\u00e9 de rectrice de la r\u00e9gion \nacad\u00e9mique Ile-de-France, rectrice de l'acad\u00e9mie de Paris ; \nVu l'arr\u00eat\u00e9 interminist\u00e9riel en date du 31 janvier 2025 nommant M. Fabien OPPERMANN dans l'emploi de \nsecr\u00e9taire g\u00e9n\u00e9ral de la r\u00e9gion acad\u00e9mique \u00cele-de-France ; \nVu l'arr\u00eat\u00e9 minist\u00e9riel en date du 30 d\u00e9cembre 2022 portant nomination de M Mehdi CHERFI dans \nl'emploi de secr\u00e9taire g\u00e9n\u00e9ral de l'acad\u00e9mie de Cr\u00e9teil ; \n \nRectorat de la r\u00e9gion acad\u00e9mique d'Ile-de-France, rectorat de l'acad\u00e9mie de Paris - IDF-2025-06-25-00018 - Arr\u00eat\u00e9 n\u00b02025-043-RRA\nportant subd\u00e9l\u00e9gation de signature en mati\u00e8re d'ordonnancement secondaire pour les budgets op\u00e9rationnels de programme (BOP)\nn\u00b0150, 214, 172 et 348\n10\n \n2 \n \nVu l'arr\u00eat\u00e9 du 3 juillet 2009 portant r\u00e8glement de comptabilit\u00e9 pour la d\u00e9signation des ordonnateurs \nsecondaires et de leurs d\u00e9l\u00e9gu\u00e9s en ce qui concerne le minist\u00e8re de l'\u00e9ducation nationale ; \nVu l'arr\u00eat\u00e9 du 22 d\u00e9cembre 2022 relatif aux r\u00e8gl es de la comptabilit\u00e9 budg\u00e9taire de l'Etat pris en \napplication de l'article 54 du d\u00e9cret 2012-1246 du 7 novembre 2012 modifi\u00e9 relatif \u00e0 la gestion budg\u00e9taire \net comptable publique ; \nVu l'arr\u00eat\u00e9 du pr\u00e9fet de la r\u00e9gion Ile -de-France n\u00b0IDF -2025-03-26-00004 du  26 mars 2025 portant \nd\u00e9l\u00e9gation de signature \u00e0 Madame Julie BENETTI, rectrice de la r\u00e9gion acad\u00e9mique \u00cele-de-France, rectrice \nde l'acad\u00e9mie de Paris, en mati\u00e8re d'ordonnancement secondaire ; \nVu l'arr\u00eat\u00e9 du pr\u00e9fet de la r\u00e9gion Ile -de-France n\u00b0IDF -2025-03-26-00006 du 26 mars 2025 portant \nd\u00e9l\u00e9gation de signature \u00e0 Madame Julie BENETTI, rectrice de la r\u00e9gion acad\u00e9mique \u00cele-de-France, rectrice \nde l'acad\u00e9mie de Paris, en mati\u00e8re d'ordonnancement secondaire sur le programme 348 \u00ab Performance \net r\u00e9silience des b\u00e2timents de l'Etat et de ses op\u00e9rateurs \u00bb ; \nVu l'arr\u00eat\u00e9 de la rectric e de r\u00e9gion acad\u00e9mique n\u00b02025 -037-RRA en date du 2 avril 2025 portant \nsubd\u00e9l\u00e9gation au secr\u00e9taire g\u00e9n\u00e9ral de la r\u00e9gion acad\u00e9mique \u00cele-de-France en mati\u00e8re d'ordonnancement \nsecondaire sur les budgets de programmes n\u00b0150, 163, 214, 219, 362 et 363 et les unit\u00e9s op\u00e9rationnelles \ndes programmes n\u00b0348 et 349 ; \nVu l'arr\u00eat\u00e9 de la rectrice de r\u00e9gion acad\u00e9mique n\u00b02025 -030-RRA en date du 4 avril 2025 par lequel elle \ndonne d\u00e9l\u00e9gation au secr\u00e9taire g\u00e9n\u00e9r al de la r\u00e9gion acad\u00e9mique \u00cele -de-France pour l'ordonnancement \nsecondaire sur le programme \u00ab Recherches scientifiques et technologiques pluridisciplinaires \u00bb (n\u00b0172) ; \nVu l'arr\u00eat\u00e9 de la rectrice de r\u00e9gion acad\u00e9mique n\u00b0 2025-027-RRA en date du 27 mars 2025 par lequel elle \ndonne d\u00e9l\u00e9gation au secr\u00e9taire g\u00e9n\u00e9ral de la r\u00e9gion acad\u00e9mique \u00cele -de-France pour l'ordonnancement \nsecondaire ; \nVu la d\u00e9cision minist\u00e9rielle n\u00b0ESRF2036756S du 21 d\u00e9cembre 2020 par laquelle le responsable de \nprogramme du minist\u00e8re de l'Ensei gnement sup\u00e9rieur, de la Recherche et de l'Innovation nomme le \nrecteur de la r\u00e9gion acad\u00e9mique d'\u00cele-de-France, recteur de l'acad\u00e9mie de Paris en qualit\u00e9 de responsable \nde budget op\u00e9rationnel de programme et d'unit\u00e9s op\u00e9rationnelles du programme 150 ; \nVu l a d\u00e9cision minist\u00e9rielle n\u00b0MENF2036122S du 11 d\u00e9cembre 2020 par laquelle le responsable de \nprogramme du minist\u00e8re de l'Education nationale, de la Jeunesse et des Sports nomme le recteur de la \nr\u00e9gion acad\u00e9mique d'\u00cele-de-France, recteur de l'acad\u00e9mie de Pari s en qualit\u00e9 de responsable de budget \nop\u00e9rationnel de programme et d'unit\u00e9s op\u00e9rationnelles du programme 214 ; \nVu la d\u00e9cision minist\u00e9rielle n\u00b0ESRF2106747S du 24 f\u00e9vrier 2021 portant nomination des responsables de \nbudget op\u00e9rationnel de programme (BOP) et d 'unit\u00e9s op\u00e9rationnelles (UO) pour le programme \n172 \u00ab Recherches scientifiques et technologiques pluridisciplinaires \u00bb ; \nVu la convention relative \u00e0 la d\u00e9l\u00e9gation de gestion et \u00e0 l'utilisation des cr\u00e9dits du programme 348 \n\u00ab Performance et r\u00e9silience des b\u00e2t iments de l'Etat et de ses op\u00e9rateurs  \u00bb du 18 janvier 2024 entre la \ndirection de l'immobilier de l'Etat (DIE) et le minist\u00e8re de l'Enseignement sup\u00e9rieur et de la Recherche ; \nVu la convention de d\u00e9l\u00e9gation de gestion du 6 juin 2024 entre le minist\u00e8re de l'enseignement sup\u00e9rieur \net de la recherche et la r\u00e9gion acad\u00e9mique \u00cele -de-France relative \u00e0 la subd\u00e9l\u00e9gation de gestion et \u00e0 \nl'utilisation des cr\u00e9dits du programme 348 \u00ab  Performance et r\u00e9silience des b\u00e2timents de l'Etat et de ses \nop\u00e9rateurs \u00bb ; \nVu la convention de d\u00e9l\u00e9gation de gestion du 12 juin 2025 entre la R\u00e9gion acad\u00e9mique \u00cele -de-France et \nl'Acad\u00e9mie de Cr\u00e9teil relative \u00e0 l'ex\u00e9cution financi\u00e8re des comp\u00e9tences de la r\u00e9gion acad\u00e9mique ; \n \nARRETE \nPr\u00e9ambule \nLa convention de d\u00e9l\u00e9gation de gestion du 12 juin 2025 confie l'ex\u00e9cution financi\u00e8re des comp\u00e9tences \nd'ordonnateur secondaire du recteur de r\u00e9gion acad\u00e9mique aux services de l'acad\u00e9mie de Cr\u00e9teil. \nRectorat de la r\u00e9gion acad\u00e9mique d'Ile-de-France, rectorat de l'acad\u00e9mie de Paris - IDF-2025-06-25-00018 - Arr\u00eat\u00e9 n\u00b02025-043-RRA\nportant subd\u00e9l\u00e9gation de signature en mati\u00e8re d'ordonnancement secondaire pour les budgets op\u00e9rationnels de programme (BOP)\nn\u00b0150, 214, 172 et 348\n11\n \n3 \nPour mettre en \u0153uvre cette d\u00e9l\u00e9gation de gestion, le pr\u00e9sent arr\u00eat\u00e9 organise une d\u00e9l\u00e9gation de \nsignature du recteur de r\u00e9 gion acad\u00e9mique en faveur des agents charg\u00e9s de r\u00e9aliser les op\u00e9rations \nd'ordonnancement secondaire aff\u00e9rentes aux d\u00e9penses objet de la d\u00e9l\u00e9gation de gestion ; \n \nARTICLE 1er : \nDans les limites des attributions de la division des affaires financi\u00e8res (DAF) de l'acad\u00e9mie de Cr\u00e9teil, \npour les op\u00e9rations li\u00e9es aux programmes et aux unit\u00e9s op\u00e9rationnelles cit\u00e9s \u00e0 l'annexe n\u00b01 de la \nconvention de d\u00e9l\u00e9gation de gestion vis\u00e9e ci-dessus, d\u00e9l\u00e9gation est donn\u00e9e \u00e0 Mme Sandrine LANDES, \ncheffe de la division des affaires financi\u00e8res, \u00e0 l'effet de signer, au titre des op\u00e9rations de validation : \n- les engagements juridiques, \n- les certifications du service fait, \n- les demandes de paiement, \n- les ordres de recette aff\u00e9rents imput\u00e9s sur les titres 2, 3, 5, 6 de la loi organique relative aux \nlois de finances n\u00b02001-692 du 1er ao\u00fbt 2001.  \n \nEn cas d'absence ou d'emp\u00eachement de M me Sandrine LANDES , cheffe de la division des affaires \nfinanci\u00e8res, la d\u00e9l\u00e9gation de signature qui lui est donn\u00e9e au titre au pr\u00e9sent article sera exerc\u00e9e par \nM. Emmanuel MONTFLORE, adjoint \u00e0 la cheffe de division. \n \nARTICLE 2 : \nEn cas d'absence ou d'emp\u00eachement de M me Sandrine LANDES , cheffe de la division des affaires \nfinanci\u00e8res et de M. Emmanuel MONTFLORE, adjoint \u00e0 la cheffe de division, la d\u00e9l\u00e9gation de signature \nqui lui est donn\u00e9e aux articles pr\u00e9c\u00e9dents sera exerc\u00e9e, au travers des seuls actes de validation \nCHORUS, dans la limite de leurs attributions, par :  \n- Mme Fran\u00e7oise ANNE ; \n- Mme Danielle CHAPUT ; \n- Mme Marion DYMEL ; \n- Mme Sandrine MARGARY-PHILIPPE ; \n- Mme Dani\u00e8le MBOMBO MOKONDA ;  \n- Mme Amel BELAROUCI ; \n- M. J\u00e9r\u00e9my CREAC'H \n- Mme Laurence DEMERY ; \n- Mme Michelle MAVOUNZA ;  \n- Mme Nicole ZALI.\n \nEn cas d'absence ou d'emp\u00eachement de Mme Sandrine LANDES, cheffe de la division des affaires \nfinanci\u00e8res, de M. Emmanuel MONTFLORE, adjoint \u00e0 la cheffe de division et Mmes Danielle CHAPUT \net Marion DYMEL, cheffes de services, la d\u00e9l\u00e9gation de signature est donn\u00e9e pour la certification du \nservice fait aux gestionnaires suivants :  \n- Mme Meriem ABAOUI    -  Mme Fran\u00e7oise ANNE ; \n- Mme Ang\u00e9lique BERENGER ;   -  Mme Francine BIKOUMOU ; \n- Mme Edwige CHAUMONT ;    -  Mme Rolanette COSAQUE ;  \n- M. J\u00e9r\u00e9my CREAC'H ;    -  Mme Laurence DEMERY ;  \n- Mme Guenolla DUFRENOY    -  M. Bernard HOUSSIN ; \n- Mme Sandrine MARGARY-PHILIPPE ;   -  Mme Michelle MAVOUNZA ; \n- Mme Dani\u00e8le MBOMBO MOKONDA ;   -  Mme Magali SAULDUBOIS ; \n- Mme Nathalie VOYDIE ;    -  Mme Carmen ZANFIR. \nRectorat de la r\u00e9gion acad\u00e9mique d'Ile-de-France, rectorat de l'acad\u00e9mie de Paris - IDF-2025-06-25-00018 - Arr\u00eat\u00e9 n\u00b02025-043-RRA\nportant subd\u00e9l\u00e9gation de signature en mati\u00e8re d'ordonnancement secondaire pour les budgets op\u00e9rationnels de programme (BOP)\nn\u00b0150, 214, 172 et 348\n12\n \n4 \nARTICLE 3 : \nLe secr\u00e9taire g\u00e9n\u00e9ral de la r\u00e9gion acad\u00e9mique \u00cele-de-France et le secr\u00e9taire g\u00e9n\u00e9ral de l'acad\u00e9mie de \nCr\u00e9teil sont charg\u00e9s, chacun pour ce qui les concerne, de l'ex\u00e9cution du pr\u00e9sent arr\u00eat\u00e9 qui sera publi\u00e9 \nau recueil des actes administratifs de la pr\u00e9fecture de r\u00e9gion \u00cele-de-France, pr\u00e9fecture de Paris. \n \nFait \u00e0 Paris, le 25 juin 2025 \nLa rectrice de la r\u00e9gion acad\u00e9mique d'\u00cele-de-France, \nRectrice de l'acad\u00e9mie de Paris, \nChanceli\u00e8re des universit\u00e9s de Paris et d'\u00cele-de France \n \nSign\u00e9 \n \n \nJulie BENETTI \n \nRectorat de la r\u00e9gion acad\u00e9mique d'Ile-de-France, rectorat de l'acad\u00e9mie de Paris - IDF-2025-06-25-00018 - Arr\u00eat\u00e9 n\u00b02025-043-RRA\nportant subd\u00e9l\u00e9gation de signature en mati\u00e8re d'ordonnancement secondaire pour les budgets op\u00e9rationnels de programme (BOP)\nn\u00b0150, 214, 172 et 348\n13\nRectorat de la r\u00e9gion acad\u00e9mique\nd'Ile-de-France, rectorat de l'acad\u00e9mie de Paris\nIDF-2025-06-25-00019\nArr\u00eat\u00e9 n\u00b02025-044-RRA portant subd\u00e9l\u00e9gation\nde signature en mati\u00e8re d'ordonnancement\nsecondaire pour les budgets op\u00e9rationnels de\nprogramme (BOP) n\u00b0150, 214, 172 et 348\nRectorat de la r\u00e9gion acad\u00e9mique d'Ile-de-France, rectorat de l'acad\u00e9mie de Paris - IDF-2025-06-25-00019 - Arr\u00eat\u00e9 n\u00b02025-044-RRA\nportant subd\u00e9l\u00e9gation de signature en mati\u00e8re d'ordonnancement secondaire pour les budgets op\u00e9rationnels de programme (BOP)\nn\u00b0150, 214, 172 et 348\n14\nREGION ACADEMIQUEILE-DE-FRANCELibert\u00e9Egalit\u00e9Fraternit\u00e9\n \n1 \n \n \n                                                          \n \n \n \n \n \n \n \n \n \nArr\u00eat\u00e9 n\u00b02025-044-RRA portant subd\u00e9l\u00e9gation de signature en mati\u00e8re \nd'ordonnancement secondaire pour les budgets op\u00e9rationnels \nde programme (BOP) n\u00b0150, 214, 172 et 348 \n \nLA RECTRICE DE LA REGION ACADEMIQUE \u00ceLE-DE-FRANCE, \nRECTRICE DE L'ACAD\u00c9MIE DE PARIS \nCHANCELIERE DES UNIVERSIT\u00c9 DE PARIS \nET D'\u00ceLE-DE-FRANCE \n  \nVu la loi organique n\u00b0 2001-692 du 1er ao\u00fbt 2001 modifi\u00e9e relative aux lois de finances  ; \nVu le code de l'\u00e9ducation et notamment les articles R222-19 et suivants ; \nVu le code de la commande publique ; \nVu la loi no 68-1250 du 31 d\u00e9cembre 1968 modifi\u00e9e relative \u00e0 la prescription des cr\u00e9ances sur l'Etat,  les \nd\u00e9partements, les communes et les \u00e9tablissements publics ; \nVu la loi n\u00b0 72-619 du 5 juillet 1972 modifi\u00e9e portant cr\u00e9ation et organisation des r\u00e9gions, notamment son \narticle 21-1 ; \nVu la loi n \u00b0 82-213 du 2 mars 1982 modifi\u00e9e relative aux droits et libert\u00e9s des communes, des \nd\u00e9partements et des r\u00e9gions, et notamment son article 34  ; \nVu le d\u00e9cret n\u00b0 98-81 du 11 f\u00e9vrier 1998 modifi\u00e9 ; \nVu le d\u00e9cret n\u00b0 99-89 du 8 f\u00e9vrier 1999 modifi\u00e9 pris pour l'application de l'article 3 du d\u00e9cret n o 98-81 du \n11 f\u00e9vrier 1998 ; \nVu le d\u00e9cret n \u00b0 2004-374 du 29 avril 2004 modifi\u00e9 relatif aux pouvoirs des pr\u00e9fets, \u00e0 l'organisation et \u00e0 \nl'action des services de l'Etat dans les r\u00e9gions et d\u00e9partements ; \nVu le d\u00e9cret no 2010-687 du 24 juin 2010 modifi\u00e9 relatif \u00e0 l'organisation et aux missions des  services de \nl'Etat dans la r\u00e9gion et les d\u00e9partements d'Ile-de-France ; \nVu le d\u00e9cret n o 2012-1246 du 7 novembre 2012  modifi\u00e9 relatif \u00e0 la gestion budg\u00e9taire et comptable \npublique ; \nVu le d\u00e9cret n\u00b0 2019 -1200 du 20 novembre 2019 relatif \u00e0 l'organisation des services d\u00e9concentr\u00e9s des \nministres charg\u00e9s de l'\u00e9ducation nationale et de l'enseignement sup\u00e9rieur, de la recherche et de \nl'innovation ; \nVu le d\u00e9cret du 22 juillet 2020 por tant nomination de M. Marc GUILLAUME en qualit\u00e9 de pr\u00e9fet de la \nr\u00e9gion Ile-de-France, pr\u00e9fet de Paris ; \nVu le d\u00e9cret du 12 mars 2025 portant nomination de Mme Julie BENETTI en qualit\u00e9 de rectrice de la r\u00e9gion \nacad\u00e9mique Ile-de-France, rectrice de l'acad\u00e9mie de Paris ; \nVu l'arr\u00eat\u00e9 interminist\u00e9riel en date du 31 janvier 2025 nommant M. Fabien OPPERMANN dans l'emploi de \nsecr\u00e9taire g\u00e9n\u00e9ral de la r\u00e9gion acad\u00e9mique \u00cele-de-France ; \nVu l'arr\u00eat\u00e9 minist\u00e9riel en date du 12 septembre 2019 portant nomination de M. Benoit VERSCHAEVE dans \nl'emploi de secr\u00e9taire g\u00e9n\u00e9ral de l'acad\u00e9mie de Versailles ; \n \nRectorat de la r\u00e9gion acad\u00e9mique d'Ile-de-France, rectorat de l'acad\u00e9mie de Paris - IDF-2025-06-25-00019 - Arr\u00eat\u00e9 n\u00b02025-044-RRA\nportant subd\u00e9l\u00e9gation de signature en mati\u00e8re d'ordonnancement secondaire pour les budgets op\u00e9rationnels de programme (BOP)\nn\u00b0150, 214, 172 et 348\n15\n \n2 \nVu l'arr\u00eat\u00e9 du 3 juillet 2009 portant r\u00e8glement de comptabilit\u00e9 pour la d\u00e9signation des ordonnateurs \nsecondaires et de leurs d\u00e9l\u00e9gu\u00e9s en ce qui concerne le minist\u00e8re de l'\u00e9ducation nationale ; \nVu l'arr\u00eat\u00e9 du 22 d\u00e9cembre 2022  relatif aux r\u00e8gles de la comptabilit\u00e9 budg\u00e9taire de l'Etat pris en \napplication de l'article 54 du d\u00e9cret 2012-1246 du 7 novembre 2012 modifi\u00e9 relatif \u00e0 la gestion budg\u00e9taire \net comptable publique ; \nVu l 'arr\u00eat\u00e9 du pr\u00e9fet de la r\u00e9gion Ile -de-France n\u00b0IDF -2025-03-26-00004 du 26 mars 2025 portant \nd\u00e9l\u00e9gation de signature \u00e0 Madame Julie BENETTI, rectrice de la r\u00e9gion acad\u00e9mique \u00cele-de-France, rectrice \nde l'acad\u00e9mie de Paris, en mati\u00e8re d'ordonnancement secondaire ; \nVu l'arr\u00eat\u00e9 du pr\u00e9fet de la r\u00e9gion Ile -de-France n\u00b0IDF -2025-03-26-00006 du 26 mars 2025 portant \nd\u00e9l\u00e9gation de signature \u00e0 Madame Julie BENETTI, rectrice de la r\u00e9gion acad\u00e9mique \u00cele-de-France, rectrice \nde l'acad\u00e9mie de Paris, en mati\u00e8re d'ordonnanceme nt secondaire sur le programme 348 \u00ab Performance \net r\u00e9silience des b\u00e2timents de l'Etat et de ses op\u00e9rateurs \u00bb ; \nVu l'arr\u00eat\u00e9 de la rectrice de r\u00e9gion acad\u00e9mique n\u00b02025 -037-RRA en date du 2 avril 2025 portant \nsubd\u00e9l\u00e9gation au secr\u00e9taire g\u00e9n\u00e9ral de la r\u00e9gion acad\u00e9mique \u00cele-de-France en mati\u00e8re d'ordonnancement \nsecondaire sur les budgets de programmes n\u00b0150, 163, 214, 219, 362 et 363 et les unit\u00e9s op\u00e9rationnelles \ndes programmes n\u00b0348 et 349 ; \nVu l'arr\u00eat\u00e9 de la rectrice de r\u00e9gion acad\u00e9mique n\u00b02025 -030-RRA en date du 4 avril 2025 par lequel elle \ndonne d\u00e9l\u00e9gation au secr\u00e9taire g\u00e9n\u00e9ral de la r\u00e9gion acad\u00e9mique \u00cele -de-France pour l'ordonnancement \nsecondaire sur le programme \u00ab Recherches scientifiques et technologiques pluridisciplinaires \u00bb (n\u00b0172) ; \nVu l'arr\u00eat\u00e9 de la rectrice de r\u00e9gion acad\u00e9mique n\u00b02025-027-RRA en date du 27 mars 2025 par lequel elle \ndonne d\u00e9l\u00e9gation au secr\u00e9taire g\u00e9n\u00e9ral de la r\u00e9gion acad\u00e9mique \u00cele -de-France pour l'ordonnancement \nsecondaire ; \nVu la d\u00e9cision  minist\u00e9rielle n\u00b0ESRF2036756S du 21 d\u00e9cembre 2020 par l aquelle le responsable de \nprogramme du minist\u00e8re de l'Enseignement sup\u00e9rieur, de la Recherche et de l'Innovation nomme le \nrecteur de la r\u00e9gion acad\u00e9mique d'\u00cele-de-France, recteur de l'acad\u00e9mie de Paris en qualit\u00e9 de responsable \nde budget op\u00e9rationnel de programme et d'unit\u00e9s op\u00e9rationnelles du programme 150 ; \nVu la d\u00e9cision minist\u00e9rielle n\u00b0MENF2036122S du 11 d\u00e9cembre 2020 par laquelle le responsable de \nprogramme du minist\u00e8re de l'Education nationale, de la Jeunesse et des Sports nomme le recteu r de la \nr\u00e9gion acad\u00e9mique d'\u00cele-de-France, recteur de l'acad\u00e9mie de Paris en qualit\u00e9 de responsable de budget \nop\u00e9rationnel de programme et d'unit\u00e9s op\u00e9rationnelles du programme 214 ; \nVu la d\u00e9cision minist\u00e9rielle n\u00b0ESRF2106747S du 24 f\u00e9vrier 2021 portant nomination des responsables de \nbudget op\u00e9rationnel de programme (BOP) et d'unit\u00e9s op\u00e9rationnelles (UO) pour le programme \n172 \u00ab Recherches scientifiques et technologiques pluridisciplinaires \u00bb ; \nVu la convention relative \u00e0 la d\u00e9l\u00e9gation de gestion et \u00e0 l'util isation des cr\u00e9dits du programme 348 \n\u00ab Performance et r\u00e9silience des b\u00e2timents de l'Etat et de ses op\u00e9rateurs  \u00bb du 18 janvier 2024 entre la \ndirection de l'immobilier de l'Etat (DIE) et le minist\u00e8re de l'Enseignement sup\u00e9rieur et de la Recherche ; \nVu la convention de d\u00e9l\u00e9gation de gestion du 6 juin 2024 entre le minist\u00e8re de l'enseignement sup\u00e9rieur \net de la recherche et la r\u00e9gion acad\u00e9mique \u00cele -de-France relative \u00e0 la subd\u00e9l\u00e9gation de gestion et \u00e0 \nl'utilisation des cr\u00e9dits du programme 348 \u00ab  Performance et r\u00e9silience des b\u00e2timents de l'Etat et de ses \nop\u00e9rateurs \u00bb ; \nVu la convention de d\u00e9l\u00e9gation de gestion du 12 juin 2025 entre la R\u00e9gion acad\u00e9mique \u00cele -de-France et \nl'Acad\u00e9mie de Versailles relative \u00e0 l'ex\u00e9cution financi\u00e8re des comp\u00e9tences de la r\u00e9gion acad\u00e9mique ; \nARRETE \n \n  \nRectorat de la r\u00e9gion acad\u00e9mique d'Ile-de-France, rectorat de l'acad\u00e9mie de Paris - IDF-2025-06-25-00019 - Arr\u00eat\u00e9 n\u00b02025-044-RRA\nportant subd\u00e9l\u00e9gation de signature en mati\u00e8re d'ordonnancement secondaire pour les budgets op\u00e9rationnels de programme (BOP)\nn\u00b0150, 214, 172 et 348\n16\n \n3 \nPr\u00e9ambule \nLa convention de d\u00e9l\u00e9gation de gestion du 12 juin 2025 susvis\u00e9e  confie l'ex\u00e9cution financi\u00e8re des \ncomp\u00e9tences d'ordonnateur secondaire du recteur de r\u00e9gion acad\u00e9mique aux services de l'acad\u00e9mie \nde Versailles. \nPour mettre en \u0153uvre cette d\u00e9l\u00e9gation de gestion, le pr\u00e9sent arr\u00eat\u00e9 organise une d\u00e9l\u00e9gation de \nsignature du recteur de r\u00e9gion acad\u00e9mique en faveur des agents charg\u00e9s de r\u00e9aliser les op\u00e9rations \nd'ordonnancement secondaire aff\u00e9rentes aux d\u00e9penses objet de la d\u00e9l\u00e9gation de gestion ; \n \n \nARTICLE 1er : \nDans les limites des attributions de la division des affaires financi\u00e8res (DAF) de l'acad\u00e9mie de  \nVersailles, pour les op\u00e9rations li\u00e9es aux programmes et aux unit\u00e9s op\u00e9rationnelles cit\u00e9s \u00e0 l'annexe \nn\u00b01 de la convention de d\u00e9l\u00e9gation de gestion vis\u00e9e ci -dessus, d\u00e9l\u00e9gation est donn\u00e9e \u00e0 M. Nicolas \nCHAMBRIAL, chef de la division des affaires financi\u00e8res, \u00e0 l'effet de signer, au titre des op\u00e9rations de \nvalidation : \n- les engagements juridiques, \n- les certifications du service fait, \n- les demandes de paiement, \n- les ordres de recette aff\u00e9rents imput\u00e9s sur les titres 2, 3, 5, 6 de la loi organique relative aux \nlois de finances n\u00b02001-692 du 1er ao\u00fbt 2001.  \n \nEn cas d'absence ou d'emp\u00eachement de M.  Nicolas CHAMBRIAL , chef de la division des affaires \nfinanci\u00e8res, la d\u00e9l\u00e9gation de signature qui lui est donn\u00e9e au titre au pr\u00e9sent article sera exerc\u00e9e par \nM. Christophe LAURET, adjoint au chef de division. \n \nARTICLE 2 : \nEn cas d'absence ou d'emp\u00eachement de M. Nicolas CHAMBRIAL , chef de la division des affaires \nfinanci\u00e8res et de M. Christophe LAURET, adjoint au chef de division, la d\u00e9l\u00e9gation de signature qui lui \nest donn\u00e9e aux articles pr\u00e9c\u00e9dents sera exerc\u00e9e, au travers des seuls actes de validation CHORUS, \ndans la limite de leurs attributions, par :  \n- Mme Aline FONTAINE, Adjointe au chef de \nservice DAF1 ;  \n- Mme Sylvie MERLET, Gestionnaire DAF1 ;  \n- Mme Anne LABOUS, Gestionnaire DAF1 ;  \n- M. Mathieu BAROU, chef de service \nDAF2 ; \n- Mme Christine FAROLDI, adjointe au chef \nde service DAF2 ; \n- Mme V\u00e9ronique PAGANO, gestionnaire \nDAF2 ;  \n- M. Pierre-Axel ARNOUX, gestionnaire \nDAF2 ; \n- Mme Florence PERRIER, Cheffe de service \nDAF3 ; \n- Mme Sophie FONTAINE, adjointe \u00e0 la \ncheffe de service DAF3 ; \n- Mme Fadma SANE, gestionnaire DAF3.\n \n \nRectorat de la r\u00e9gion acad\u00e9mique d'Ile-de-France, rectorat de l'acad\u00e9mie de Paris - IDF-2025-06-25-00019 - Arr\u00eat\u00e9 n\u00b02025-044-RRA\nportant subd\u00e9l\u00e9gation de signature en mati\u00e8re d'ordonnancement secondaire pour les budgets op\u00e9rationnels de programme (BOP)\nn\u00b0150, 214, 172 et 348\n17\n \n4 \nARTICLE 3 : \nLe secr\u00e9taire g\u00e9n\u00e9ral de la r\u00e9gion acad\u00e9mique \u00cele-de-France et le secr\u00e9taire g\u00e9n\u00e9ral de l'acad\u00e9mie \nde Versailles sont charg\u00e9s, chacun pour ce qui les concerne,  de l'ex\u00e9cution du pr\u00e9sent arr\u00eat\u00e9 qui \nsera publi\u00e9 au recueil des actes administratif s de la pr\u00e9fecture de r\u00e9gion \u00cele-de-France, pr\u00e9fecture \nde Paris. \nFait \u00e0 Paris, le 25 juin 2025 \nLa rectrice de la r\u00e9gion acad\u00e9mique d'\u00cele-de-France, \nRectrice de l'acad\u00e9mie de Paris, \nChanceli\u00e8re des universit\u00e9s de Paris et d'\u00cele-de France \n \n \nSign\u00e9 \n \nJulie BENETTI \n \nRectorat de la r\u00e9gion acad\u00e9mique d'Ile-de-France, rectorat de l'acad\u00e9mie de Paris - IDF-2025-06-25-00019 - Arr\u00eat\u00e9 n\u00b02025-044-RRA\nportant subd\u00e9l\u00e9gation de signature en mati\u00e8re d'ordonnancement secondaire pour les budgets op\u00e9rationnels de programme (BOP)\nn\u00b0150, 214, 172 et 348\n18","date":"2025-06-27","first_seen_on":"2025-06-27T17:33:22+00:00","id":"800ab2a1af37ab501190a14dd359844631d86c433ce6be8d2dccbd8b32220776","name":"recueilDS-idf-056-2025-06-recueil-des-actes-administratifs-special du27.06.2025","pdf_creation_date":"2025-06-27T14:35:25+00:00","pdf_modification_date":null,"timezone":"Europe/Paris","url":"https://www.prefectures-regions.gouv.fr/ile-de-france/irecontenu/telechargement/128907/949875/file/recueilDS-idf-056-2025-06-recueil-des-actes-administratifs-special%20du27.06.2025.pdf"}
