{"administration":"pref92","administration_name":"Pr\u00e9fecture des Hauts-de-Seine","content":"EnPREFETDES HAUTS-DE-SEINELibert\u00e9Egalit\u00e9Fraternit\u00e9\nnn DE ee CU EEE\nmea Ze,\nA Gn EEE EE Ze, A ER DL HER LE 0 ONE DD LL Ee ee\nER ER D 2 EE SR R EE En ome A 8 = DS II ER En DER Oe ee A: =\n~ y L A ma Bap Ben Ba SR\n1\nRECUEIL\nDES\nACTES ADMINISTRATIFS\nDIRECTION R\u00c9GIONALE ET INTERD\u00c9PARTEMENTALE\nDE L'ENVIRONNEMENT, DE L'AM\u00c9NAGEMENT ET DES\nTRANSPORTS\nN\u00b0 Sp\u00e9cial 12 mars 2026\nLAmre  DRD 2\n= ME  mu\nAIN m/f L4\nLILI  ee  M EIRE\n= 0 Oe  ee ees\n= OO =  . = nn Sn\nmm RD  ee\nwe oe v4\u2014  ee  eee\n1 a oe tn ee  Am\nMIA  eS nn  Rr  MMM\na aas \" \" oe a 1 meat\nmia  1\nAM OM  OM oe\na aas \" \" na 1 1 \" 1  1\nMIA  eS nn  Rr  RRA\n2\nPR\u00c9FET DES HAUTS-DE-SEINE\nRECUEIL DES ACTES ADMINISTRATIFS\nN\u00b0 Sp\u00e9cial DRIEAT du 12 mars 2026\nSOMMAIRE\nArr\u00eat\u00e9s Dates\nDIRECTION R\u00c9GIONALE ET\nINTERD\u00c9PARTEMENTALE DE\nL'ENVIRONNEMENT, DE L'AM\u00c9NAGEMENT ET\nDES TRANSPORTS\nPages\nDRIEAT-IDF\nN\u00b02026-0172 06.03.2026\nArr\u00eat\u00e9 inter-pr\u00e9fectoral n\u00b02026-0172 portant\nr\u00e9glementation temporaire de la circulation pour des\ntravaux d'entretien de chauss\u00e9es et de s\u00e9curit\u00e9 sur :\n- la Route Nationale 118 (RN118) et ses\nbretelles, dans le sens Paris-province entre le\nPR 0+000 et le PR 15+375,\n- la RN 306 dans le sens Paris-province entre\nles PR 0+000 et 0+939\n3\nDRIEAT-IDF\nN\u00b02026-0181 10.03.2026\nArr\u00eat\u00e9 portant modification des conditions de\ncirculation, sur les RD907 et RD985, rue Dailly au\nniveau du n\u00b027, rue Gounod, au droit du n\u00b064 et\navenue du G\u00e9n\u00e9ral Leclerc \u00e0 l'angle de la rue\nJoseph Lambert \u00e0 Saint-Cloud, pour permettre des\ntravaux de replantation d'arbres\n8\nDRIEAT-IDF\nN\u00b02026-2-001 02.03.2026\nArr\u00eat\u00e9 portant arr\u00eat de la cartographie des zones\nd'acc\u00e9l\u00e9ration pour l'implantation d'installations\nterrestres de production d'\u00e9nergies renouvelables ainsi\nque de leurs ouvrages connexes sur le territoire\nd\u00e9partemental\n11\nPREFET PREFETDES HAUTS- DE L'ESSONNED E-S E | N E Libert\u00e9Libert\u00e9 \u00c9galit\u00e9\u00c9galit\u00e9 Fraternit\u00e9Fraternit\u00e9\nDirection r\u00e9gionale et interd\u00e9partementale\nde l'Environnement, de l'Am\u00e9nagement et des\nTransports d'\u00cele-de-France\nDirection des routes d'\u00cele-de-France\nArr\u00eat\u00e9 inter-pr\u00e9fectoral n\u00b02026-0172\nportant r\u00e9glementation temporaire de la circulation pour des travaux d'entretien de chauss\u00e9es et \nde s\u00e9curit\u00e9 sur\u00a0: \n\u2022 la Route Nationale 118 (RN118) et ses bretelles, dans le sens Paris-province entre le PR 0+000 \net le PR 15+375, \n\u2022 la RN 306 dans le sens Paris-province entre les PR 0+000 et 0+939 \nLe Pr\u00e9fet des Hauts de-Seine La Pr\u00e9f\u00e8te de l'Essonne\nChevali\u00e8re de la L\u00e9gion d'honneur \nOfficier de l'Ordre national du M\u00e9rite\nVu le code g\u00e9n\u00e9ral  des collectivit\u00e9s territoriales,  notamment  ses articles  L.  2215-1,  L.  2521-1 et\nL.2521-2\u00a0;\nVu le code de justice administrative, notamment son article R.421-1\u00a0;\nVu le code de la route, notamment ses articles L.110-3, L.411-5, et R.411-8-1\u00a0;\nVu le code de la s\u00e9curit\u00e9 int\u00e9rieure, notamment son article L.131-4\u00a0;\nVu le code de la voirie routi\u00e8re, notamment ses articles L.115-1 et R*.152-1\u00a0;\nVu l e d\u00e9cret n\u00b02004-374 du 29 avril 2004 relatif aux pouvoirs des pr\u00e9fets, \u00e0 l'organisation et \u00e0\nl'action des services de l'\u00c9tat dans les r\u00e9gions et les d\u00e9partements\u00a0;\nVu le d\u00e9cret n\u00b02005-1499 du 5 d\u00e9cembre 2005 relatif \u00e0 la consistance du r\u00e9seau routier national ; \nVu le d\u00e9cret n\u00b02021-261 du 10 mars 2021 relatif \u00e0 la direction r\u00e9gionale et interd\u00e9partementale de\nl'environnement, de l'am\u00e9nagement et des transports d'\u00cele-de-France\u00a0;\nVu le d\u00e9cret du 31 octobre 2024 portant nomination de Monsieur Alexandre BRUG\u00c8RE en qualit\u00e9 de\npr\u00e9fet des Hauts-de-Seine \u00a0; \nVu le d\u00e9cret du 27 ao\u00fbt 2025 portant nomination de Madame Fabienne BALUSSOU en qualit\u00e9 de\nPr\u00e9f\u00e8te de l'Essonne\u00a0;\nVu  l'arr\u00eat\u00e9  interminist\u00e9riel  du  24  novembre  1967  relatif  \u00e0  la  signalisation  des  routes  et  des\nautoroutes\u00a0;\nVu  l'instruction  interminist\u00e9rielle  sur  la  signalisation  routi\u00e8re  du  7  juin  1977  (modifi\u00e9e)  et  ses\nannexes\u00a0;\nVu l'arr\u00eat\u00e9 minist\u00e9riel du 8 juillet 2022 portant nomination de Madame Emmanuelle GAY en qualit\u00e9\nde  directrice  r\u00e9gionale  et  interd\u00e9partementale  de  l'environnement,  de  l'am\u00e9nagement  et  des\ntransports d'\u00cele-de-France ; \nDRIEAT-DIRIF-AGER-S/BGAR/PGDP-\nRoute de Lisses\n91100 VILLABE\nArr\u00eat\u00e9 inter-pr\u00e9fectoral DRIEAT-IDF\nn\u00b02026-0172\n1 / 5\nDRIEAT/SSTV/DSECR\n        21-23 rue Miollis 75015 PARIS\nT\u00e9l : 33(0) 1 40 61 80 80\n\nVu l'arr\u00eat\u00e9 n\u00b0 IDF-2026-01-05-00003 du 5 janvier 2026, du pr\u00e9fet de la r\u00e9gion \u00cele-de-France, pr\u00e9fet de\nParis,  portant  d\u00e9l\u00e9gation  de  signature  \u00e0  Madame  Emmanuelle  GAY,  directrice  r\u00e9gionale  et\ninterd\u00e9partementale de l'environnement, de l'am\u00e9nagement et des transports d'\u00cele-de-France\u00a0;\nVu l'arr\u00eat\u00e9 SGAD n\u00b0 2024-73 du 18 novembre 2024 portant d\u00e9l\u00e9gation de signature \u00e0 Madame\nEmmanuelle  GAY,  directrice  r\u00e9gionale  et  interd\u00e9partementale  de  l'environnement,  de\nl'am\u00e9nagement et des transports d'\u00cele-de-France\u00a0;\nVu la d\u00e9cision DRIEAT-IDF du 24 octobre 2025 portant subd\u00e9l\u00e9gation de signature du pr\u00e9fet des\nHauts-de-Seine\u00a0;\nVu la D\u00e9cision DRIEAT-IDF n\u00b0 91-2025-10-14-00001 du 14 octobre 2025 portant subd\u00e9l\u00e9gation de\nsignature de la pr\u00e9f\u00e8te de l'Essonne\u00a0;\nVu  la note du 29 janvier 2026  du ministre des transports  fixant le calendrier des jours \u00ab \u00a0hors\nchantiers\u00a0\u00bb de l'ann\u00e9e 2026 et du mois de janvier 2027\u00a0;\nVu l'avis du Commandant  de la Compagnie R\u00e9publicaine de S\u00e9curit\u00e9 autorouti\u00e8re Sud  \u00cele-de-\nFrance du 27 f\u00e9vrier 2026\u00a0; \nVu l'avis du Conseil D\u00e9partemental de l'Essonne (UTNO) du 26 f\u00e9vrier 2026\u00a0; \nVu l'avis de Seine et Yvelines Voirie \u2013 Unit\u00e9 de la S\u00e9curit\u00e9 Routi\u00e8re et de la R\u00e9glementation du 04\nmars 2026\u00a0;\nVu l'avis de Monsieur le Directeur des Routes d'\u00cele-de-France\u00a0du 23 f\u00e9vrier 2026\u00a0;\nVu la consultation aupr\u00e8s de la commune de Clamart en date du 24 f\u00e9vrier 2026 \nVu l'avis de la commune de Bi\u00e8vres en date du 03 mars 2026\u00a0; \nVu la consultation aupr\u00e8s de la commune de Saclay en date du 24 f\u00e9vrier 2026 r\u00e9put\u00e9e favorable\u00a0;\nVu l'avis de la commune d'Orsay du 04 mars 2026\u00a0; \nVu la consultation aupr\u00e8s de la commune des Ulis en date du 24 f\u00e9vrier 2026 r\u00e9put\u00e9e favorable\u00a0;\nConsid\u00e9rant\u00a0 que pour  assurer  la s\u00e9curit\u00e9 des usagers  de la voie publique  et  des intervenants\npendant les travaux d'entretien, de r\u00e9fection de chauss\u00e9e et de s\u00e9curit\u00e9 sur la RN118, du  PR 0+000\nau PR 15+375, dans le sens  Paris vers la province et la RN 306 dans le sens Paris-province, du PR\n0+000 au PR0+939, il convient de r\u00e9glementer la circulation\u00a0;\nSur proposition de Madame la directrice r\u00e9gionale et interd\u00e9partementale de l'environnement, de\nl'am\u00e9nagement et des transports d'\u00cele-de-France\u00a0;\nARR\u00caTENT\nARTICLE 1  \u00a0  :   R\u00e9glementation temporaire de la circulation  \nLa circulation est interdite du lundi 16 mars 2026 au vendredi 20 mars 2026  chaque nuit, de 21h30\n\u00e0 05h00, sauf besoins du chantier ou n\u00e9cessit\u00e9s de service sur les axes suivants\u00a0:\n\u2022 La  RN118 dans le sens Paris-Province du PR0+000 au PR 15+375 dans le d\u00e9partement de\nl'Essonne,\n\u2022 La RN306 dans le sens Paris-province du PR 0+000 au PR 0+939 (dans le d\u00e9partement de\nl'Essonne)  et,  par  voie  de  cons\u00e9quence  la  Route D\u00e9partementale  906  (RD906)  (dans  le\nd\u00e9partement  des  Hauts  de  Seine)  depuis  le  carrefour  RD986/RD906  et  la  limite\nd\u00e9partementale Hauts de Seine / Essonne.\nDRIEAT-DIRIF-AGER-S/BGAR/PGDP-\nRoute de Lisses\n91100 VILLABE\nArr\u00eat\u00e9 inter-pr\u00e9fectoral DRIEAT-IDF\nn\u00b02026-0172\n2 / 5\nDRIEAT/SSTV/DSECR\n        21-23 rue Miollis 75015 PARIS\nT\u00e9l : 33(0) 1 40 61 80 80\nEn cons\u00e9quence, tous les acc\u00e8s \u00e0 ces sections de la RN118, de la RD906, et de la RN306 sont\n\u00e9galement interdits \u00e0 la circulation, sauf besoins du chantier ou n\u00e9cessit\u00e9s de service.\nCes fermetures ont pour objectif la r\u00e9alisation des travaux d'entretien, de r\u00e9fection de chauss\u00e9e et\nde s\u00e9curit\u00e9 et la mise en \u0153uvre des dispositifs de protection et de signalisation n\u00e9cessaires aux\nmesures prescrites ci-apr\u00e8s.\nDans ce cadre, les mesures mises en place sont les suivantes\u00a0:\nPour la fermeture de la bretelle d'acc\u00e8s \u00e0 la RN306 en direction de la province depuis la rue Andr\u00e9 \nCitro\u00ebn\u00a0:\nLes usagers sont d\u00e9vi\u00e9s par la rue Andr\u00e9 Citro\u00ebn, l'autoroute A86 en direction de Cr\u00e9teil \npuis l'autoroute A6b en direction de la Province. Ensuite, les usagers prennent l'autoroute \nA10 en direction d'Orl\u00e9ans/Bordeaux.\nPour la fermeture de la RD906 (d\u00e9partement des Hauts de Seine) dans le sens Paris-Province depuis \nle carrefour RD986/RD 906 (d\u00e9partement des Hauts de Seine)   \u00a0  :\nLes usagers sont d\u00e9vi\u00e9s par l'autoroute A86  en direction de Cr\u00e9teil, l'autoroute A6b en\ndirection  de  la  Province.  Ensuite,  l es  usagers  prennent  l'autoroute  A10  en  direction\nd'Orl\u00e9ans/Bordeaux.\nPour la fermeture de la bretelle d'acc\u00e8s \u00e0 la RN118 en direction de la Province depuis la RD  \u00a0  117 \u00e0  \nBi\u00e8vres  \u00a0  :\nLes  usagers  sont  d\u00e9vi\u00e9s  par  la  RD444  en  direction  de  Palaiseau, l'autoroute  A126  puis\nl'autoroute A10 en direction de Paris/Lyon et prennent la sortie vers la RD188 en direction de\nPalaiseau. Ensuite, les usagers prennent l'autoroute A10 en direction d'Orl\u00e9ans/Bordeaux.\nPour la fermeture de la bretelle d'acc\u00e8s \u00e0 la RN118 depuis la route de Favreuse (\u00e9changeur de\nVauhallan)\u00a0: \nLes usagers du chemin de Favreuse sont d\u00e9vi\u00e9s par la rue Jean Rostand puis la RD 446 en \ndirection de Jouy En Josas puis par la RD117 en direction de Palaiseau puis la RD 444 en \ndirection de Palaiseau. Ils poursuivent sur l'autoroute A126, l'autoroute A10 en direction de \nParis/Lyon. Ils prennent la sortie vers la RD188 en direction de Palaiseau puis l'autoroute A10 \nen direction d'Orl\u00e9ans/Bordeaux.\nPour la fermeture de la bretelle d'acc\u00e8s    \u00e0 la RN118 en direction de la Province    depuis la RD  \u00a0  36 \u00e0  \nSaclay\u00a0:\nLes usagers sont d\u00e9vi\u00e9s par la RD36 en direction de Palaiseau, l'autoroute A126 en direction\nde Paris/Lyon. Ensuite, ils empruntent la sortie Palaiseau par la RD188 puis l'autoroute A10 en\ndirection d'Orl\u00e9ans/Bordeaux.\nPour la fermeture de la bretelle d'acc\u00e8s depuis la RD128 (centre universitaire)  \u00a0  :  \nLes usagers sont d\u00e9vi\u00e9s par la RD128 puis la RD36  en direction de Palaiseau, l'autoroute\nA126  en  direction  de  Paris/Lyon.  Ils  empruntent  la  sortie  Palaiseau  par  la  RD188  puis\nl'autoroute A10 en direction d'Orl\u00e9ans/Bordeaux.\nDRIEAT-DIRIF-AGER-S/BGAR/PGDP-\nRoute de Lisses\n91100 VILLABE\nArr\u00eat\u00e9 inter-pr\u00e9fectoral DRIEAT-IDF\nn\u00b02026-0172\n3 / 5\nDRIEAT/SSTV/DSECR\n        21-23 rue Miollis 75015 PARIS\nT\u00e9l : 33(0) 1 40 61 80 80\nPour la fermeture de la bretelle d'acc\u00e8s depuis la RD446 \u00e0 Orsay  \u00a0  :  \nLes usagers sont d\u00e9vi\u00e9s par la rue Louise Weiss en direction d'Orsay centre , la RD446\njusqu'\u00e0  l'\u00e9changeur  du  \u00ab \u00a0Ring  des  Ulis \u00a0\u00bb,  puis  par  la  RD118  en  direction  de  Paris.  Ils\ncontinuent sur l'autoroute A10 vers Paris pour prendre la sortie Villebon-sur-Yvette \"Grand\nD\u00f4me\", puis la rue du Grand D\u00f4me et l'autoroute A10 en direction d'Orl\u00e9ans/Bordeaux.\nPour la fermeture de la bretelle d'acc\u00e8s depuis la rue Guy Mocquet \u00e0 Orsay  \u00a0  :  \nLes usagers sont d\u00e9vi\u00e9s par la rue Guy Mocquet , la RD446 jusqu'\u00e0 l'\u00e9changeur du \u00ab \u00a0Ring des\nUlis\u00a0\u00bb puis par  la RD118 en direction de Paris. Ils continuent sur l'autoroute A10 vers Paris\npour prendre la sortie Villebon-sur-Yvette \"Grand D\u00f4me\", la rue du Grand D\u00f4me et enfin\nl'autoroute A 10 en direction d'Orl\u00e9ans/Bordeaux.\nPour la fermeture de la bretelle d'acc\u00e8s depuis le giratoire de la RD53b\nLes usagers sont d\u00e9vi\u00e9s par la RD35b en direction de Paris , la RD446 vers Paris puis par la\nRD118  vers  Paris.  Ils  poursuivent  sur  l'autoroute  A10  vers  Paris  pour  prendre  la  sortie\nVillebon-sur-Yvette \"Grand D\u00f4me\", la rue du Grand D\u00f4me et l'autoroute A10 en direction\nd'Orl\u00e9ans/Bordeaux.\nARTICLE 2  \u00a0  : Signalisation et contr\u00f4le  \nAfin d'assurer une fermeture effective de la RN118, de la RN306, et de la RD906 dans le sens\nParis-Province \u00e0 21h30, les man\u0153uvres de mise en place des balisages et de la signalisation\ntemporaire n\u00e9cessaire aux diff\u00e9rents acc\u00e8s de la RN 118 d\u00e9butent \u00e0 20h30.\nLa signalisation temporaire doit \u00eatre conforme \u00e0 l'arr\u00eat\u00e9 interminist\u00e9riel du 24 novembre 1967\nrelatif \u00e0 la signalisation des routes et des autoroutes, \u00e0 l'instruction interminist\u00e9rielle sur la\nsignalisation routi\u00e8re et aux manuels du Chef de chantier (route bidirectionnelles ou routes \u00e0\nchauss\u00e9es s\u00e9par\u00e9es selon le cas).\nLa signalisation est mise en place par la Direction des Routes d'\u00cele-de-France/AGER Sud/UER\nd'Orsay/Villab\u00e9 \u2013 CEI d'Orsay.\nARTICLE 3  \u00a0  : Information des usagers  \nL'information  concernant  les  dispositions  du  pr\u00e9sent  arr\u00eat\u00e9  est  relay\u00e9e  par  Sytadin  et  les\nPanneaux \u00e0 Messages Variables sur le r\u00e9seau de la DIRIF.\nARTICLE 4 : D\u00e9rogation\nEn d\u00e9rogation \u00e0 la note technique du 14 avril 2016 relative \u00e0 la coordination des chantiers sur le\nr\u00e9seau  routier  national  (RRN),  l'interdistance  entre  ce  chantier  et  d'autres  chantiers  de\nr\u00e9paration ou d'entretien courants ou non courants peut \u00eatre inf\u00e9rieure \u00e0 la r\u00e9glementation en\nvigueur.\nARTICLE 5 :   Sanctions  \nLes  infractions  aux  r\u00e8gles  de  circulation  d\u00e9coulant  du  pr\u00e9sent  arr\u00eat\u00e9  sont  constat\u00e9es  et\npoursuivies conform\u00e9ment \u00e0 la r\u00e9glementation en vigueur.\nDRIEAT-DIRIF-AGER-S/BGAR/PGDP-\nRoute de Lisses\n91100 VILLABE\nArr\u00eat\u00e9 inter-pr\u00e9fectoral DRIEAT-IDF\nn\u00b02026-0172\n4 / 5\nDRIEAT/SSTV/DSECR\n        21-23 rue Miollis 75015 PARIS\nT\u00e9l : 33(0) 1 40 61 80 80\nARTICLE 6 : Voies et d\u00e9lai de recours\nLe pr\u00e9sent arr\u00eat\u00e9 peut faire l'objet dans le d\u00e9lai de deux mois \u00e0 compter de sa notification\u00a0:\n- d'un recours gracieux aupr\u00e8s du pr\u00e9fet des Hauts-de-Seine, adress\u00e9 \u00e0 la direction r\u00e9gionale et  \ninterd\u00e9partementale  de l'environnement,  de l'am\u00e9nagement  et des transports  d'\u00cele-de-France,  \n21-23 rue Miollis 75015 Paris\u00a0;\n- d'un recours hi\u00e9rarchique aupr\u00e8s du minist\u00e8re de l'Int\u00e9rieur\u00a0;\n- d'un recours contentieux aupr\u00e8s du tribunal administratif de Cergy Pontoise\u00a0;\n- d'un recours gracieux aupr\u00e8s du tribunal administratif de Melun ou de l'Essonne.\nARTICLE 7 : Ex\u00e9cution\nLe Secr\u00e9taire g\u00e9n\u00e9ral de la Pr\u00e9fecture de l'Essonne\u00a0;\nLe Secr\u00e9taire g\u00e9n\u00e9ral de la pr\u00e9fecture des Hauts-de-Seine\u00a0;\nLe Pr\u00e9sident du conseil d\u00e9partemental de l'Essonne\u00a0;\nLe Pr\u00e9sident du conseil d\u00e9partemental des Hauts-de-Seine\u00a0;\u00a0 \nLe Commandant de la compagnie r\u00e9publicaine de s\u00e9curit\u00e9 autorouti\u00e8re Sud \u00cele-de-France\u00a0;\nLe Directeur des routes d'\u00cele-de-France\u00a0;\nLe directeur de la soci\u00e9t\u00e9 COFIROUTE,\nMonsieur le maire de Clamart Pr\u00e9sident du Territoire Vall\u00e9e Sud-Grand Paris\u00a0;\nMonsieur le maire d'Orsay\u00a0;\nMadame la maire de Bi\u00e8vres\u00a0;\nMonsieur le maire de Saclay\u00a0;\nMonsieur le maire des Ulis\u00a0;\nSont  charg\u00e9s,  chacun  en  ce  qui  le concerne,  de  l'ex\u00e9cution du pr\u00e9sent  arr\u00eat\u00e9  qui  sera publi\u00e9\nrespectivement aux recueils des actes administratifs de la pr\u00e9fecture des Hauts-de-Seine et \u00e0 celui\nde  l'Essonne  et  dont  copie  sera  adress\u00e9e  \u00e0  Monsieur  le  directeur  du  service  d\u00e9partemental\nd'incendie et de secours de l'Essonne, \u00e0 Monsieur le directeur du service d\u00e9partemental d'incendie\net de secours  des Hauts de Seine, \u00e0  Monsieur le directeur du  Service d'Aide M\u00e9dicale Urgente\n(SAMU)  de l'Essonne et \u00e0 Monsieur le directeur du  Service d'Aide M\u00e9dicale Urgente (SAMU)  des\nHauts de Seine.\nFait \u00e0 Cr\u00e9teil, le Fait \u00e0 Paris, le 6 mars 2026\nPour la Pr\u00e9f\u00e8te de l'Essonne et par d\u00e9l\u00e9gation, \nPour la Directrice R\u00e9gionale et\ninterd\u00e9partementale de l'Environnement, de\nl'Am\u00e9nagement et des Transports\nPour le Directeur des routes d'\u00eele-de-France\nPour le pr\u00e9fet des Hauts-de-Seine et par\nsubd\u00e9l\u00e9gation,\nle chef de l'unit\u00e9 circulation routi\u00e8re\nDRIEAT-DIRIF-AGER-S/BGAR/PGDP-\nRoute de Lisses\n91100 VILLABE\nArr\u00eat\u00e9 inter-pr\u00e9fectoral DRIEAT-IDF\nn\u00b02026-0172\n5 / 5\nDRIEAT/SSTV/DSECR\n        21-23 rue Miollis 75015 PARIS\nT\u00e9l : 33(0) 1 40 61 80 80\nPREFETDES HAUTS-DE-SEINELibert\u00e9Egalit\u00e9Fraternit\u00e9\n \nArr\u00eat\u00e9 DRIEAT-IDF n\u00b02026-0181\nportant modification des conditions de circulation, sur les RD907 et RD985, rue Dailly au niveau du\nn\u00b027 , rue Gounod , au droit du n\u00b064 et avenue du G\u00e9n\u00e9ral Leclerc \u00e0 l'angle de la rue Joseph Lambert \u00e0\nSaint-Cloud, pour permettre des travaux de replantation d'arbres.\nLe pr\u00e9fet des Hauts-de-Seine\nVu le code g\u00e9n\u00e9ral des collectivit\u00e9s territoriales, notamment ses articles L. 2215-1, L. 2521-1 et L.2521-2\u00a0;\nVu le code de justice administrative, notamment son article R.421-1\u00a0;\nVu le code de la route, notamment ses articles L.110-3, L.411-5, et R.411-8-1\u00a0;\nVu le code de la s\u00e9curit\u00e9 int\u00e9rieure, notamment son article L.131-4\u00a0;\nVu le code de la voirie routi\u00e8re, notamment ses articles L.115-1 et R*.152-1\u00a0;\nVu le d\u00e9cret n\u00b02004-374 du 29 avril 2004 relatif aux pouvoirs des pr\u00e9fets, \u00e0 l'organisation et \u00e0 l'action\ndes services de l'\u00c9tat dans les r\u00e9gions et les d\u00e9partements\u00a0;\nVu le d\u00e9cret n\u00b02009-615 du 03 juin 2009 modifi\u00e9 fixant la liste des routes \u00e0 grande circulation\u00a0; \nVu l e d\u00e9cret n\u00b02021-261 du 10 mars 2021 relatif \u00e0 la direction  r\u00e9gionale et interd\u00e9partementale de\nl'environnement, de l'am\u00e9nagement et des transports d'\u00cele-de-France\u00a0;\nVu le d\u00e9cret du 31 octobre 2024 portant nomination de Monsieur Alexandre BRUGERE en qualit\u00e9 de\npr\u00e9fet des Hauts-de-Seine \u00a0; \nVu l'arr\u00eat\u00e9 interminist\u00e9riel du 24 novembre 1967 relatif \u00e0 la signalisation des routes et des autoroutes\u00a0;\nVu l'instruction interminist\u00e9rielle sur la signalisation routi\u00e8re du 07 juin 1977 et ses annexes\u00a0;\nVu l'arr\u00eat\u00e9 minist\u00e9riel du 8 juillet 2022 portant nomination de Madame Emmanuelle GAY en qualit\u00e9 de\ndirectrice r\u00e9gionale et interd\u00e9partementale de l'environnement, de l'am\u00e9nagement et des transports\nd'\u00cele-de-France ; \nR\u00e9f. 2026S-5-5-E-PB\nArr\u00eat\u00e9 DRIEAT-IDF-2026-0181\n1 / 3\nDRIEAT/SSTV/DSECR/UCR \n21-23, rue Miollis - 75015 Paris\nT\u00e9l\u00e9phone  : 01 40 61 80 80\nDirection r\u00e9gionale et interd\u00e9partementale \nde l'Environnement, de l'Am\u00e9nagement \net des Transports d'\u00cele-de-France\n\nVu l'arr\u00eat\u00e9  SGAD  n\u00b0  2024-73  du  18  novembre  2024  portant  d\u00e9l\u00e9gation  de  signature  \u00e0  Madame\nEmmanuelle GAY, directrice r\u00e9gionale et interd\u00e9partementale de l'environnement, de l'am\u00e9nagement\net des transports d'\u00cele-de-France\u00a0;\nVu la d\u00e9cision DRIEAT-IDF du 16 f\u00e9vrier 2026 portant subd\u00e9l\u00e9gation de signature du pr\u00e9fet des Hauts-\nde-Seine\u00a0;\nVu  la  note  du  29  janvier  2026  du  ministre  des  transports,  fixant  le  calendrier  des  jours  \u00ab \u00a0hors\nchantiers\u00a0\u00bb de l'ann\u00e9e 2026 et du mois de janvier 2027 ;\nVu la demande formul\u00e9e le 17 f\u00e9vrier 2026 par l'entreprise Terideal ;\nVu l'avis  favorable  du  Syndicat  Mixte  Ouvert-Seine-Yvelines-Voirie,  Gestionnaire  des  routes\nd\u00e9partementales des Hauts-de-Seine ;\nVu l'avis du Commissariat de S\u00e9curit\u00e9 Publique de Saint-Cloud du 8 mars 2026\u00a0;\nVu l'avis favorable de la mairie de Saint-Cloud du 10 mars 2026 ;\nConsid\u00e9rant  que les RD907 et RD985 \u00e0 Saint-Cloud sont class\u00e9es dans la nomenclature des voies \u00e0\ngrande circulation\u00a0;\nConsid\u00e9rant que l'op\u00e9ration de replantation d'arbres n\u00e9cessite de prendre des mesures de restriction\ntemporaires de la circulation afin d'assurer la s\u00e9curit\u00e9 des usagers et des agents appel\u00e9s \u00e0 intervenir ;\nSur  proposition  de  la  directrice  r\u00e9gionale  et  interd\u00e9partementale  de  l'environnement,  de\nl'am\u00e9nagement et des transports d'\u00cele-de-France\u00a0;\nARR\u00caTE\nARTICLE 1  er\n  \n\u00c0 compter du lundi 16 mars 2026 et jusqu'au vendredi 27 mars 2026 , de 9h30 \u00e0 16h30, sur la rue\nDailly, au niveau du n\u00b027, la rue Gounod (RD907), au droit du n\u00b064 et avenue du G\u00e9n\u00e9ral Leclerc\n(RD985) angle rue Joseph Lambert les interventions relatives aux travaux de replantation d'arbres\nimpliquent des modifications de circulation et de stationnement.\nARTICLE 2\n- Sur la rue Dailly, au niveau du n\u00b027\u00a0:\nLe stationnement est neutralis\u00e9 au droit des fosses d'arbres.\n- Sur la rue Gounod, au droit du n\u00b064, dans le sens de Paris vers la province\u00a0:\nLa voie de droite est neutralis\u00e9e au droit des travaux,\nLa circulation est maintenue sur la voie de gauche en toutes circonstances.\n- Sur l'avenue du G\u00e9n\u00e9ral Leclerc, angle rue Joseph Lambert\u00a0:\nLa piste cyclable est neutralis\u00e9e au droit des travaux,\nLes cyclistes sont renvoy\u00e9s vers les voies de circulation g\u00e9n\u00e9rale conform\u00e9ment au code de la route,\nLe cheminement des pi\u00e9tons est maintenu en toutes circonstances.\nR\u00e9f. 2026S-5-5-E-PB\nArr\u00eat\u00e9 DRIEAT-IDF-2026-0181\n2 / 3\nDRIEAT/SSTV/DSECR/UCR \n21-23, rue Miollis - 75015 Paris\nT\u00e9l\u00e9phone  : 01 40 61 80 80\nARTICLE 3\nLa vitesse au droit du chantier est r\u00e9duite \u00e0 30\u00a0km/h.\nARTICLE 4\nLes travaux et la signalisation temporaire sont r\u00e9alis\u00e9s par l'entreprise :\nTERIDEAL\n13, avenue Jeanne Garnerin \u2013 92320 Wissous\nContact\u00a0: Quentin Bugeon (06.22.11.20.87)\nCourriel\u00a0: qbugeon@terideal.fr\nLa fourniture, la pose et l'entretien de la signalisation temporaire sont r\u00e9alis\u00e9s par l'entreprise charg\u00e9e\ndu balisage conform\u00e9ment aux dispositions du Code de la route.\nLe  balisage  et  la  signalisation  mis  en  \u0153uvre  sont  conformes  aux  prescriptions  de  l'instruction\ninterminist\u00e9rielle sur la signalisation routi\u00e8re et au manuel du chef de chantier (signalisation temporaire\n\u2013 \u00e9dition du SETRA ou du CEREMA).\nLe contr\u00f4le du chantier est assur\u00e9 par l'entreprise\u00a0: \nTERIDEAL\n13, avenue Jeanne Garnerin \u2013 92320 Wissous\nContact\u00a0: Quentin Bugeon (06.22.11.20.87)\nCourriel\u00a0: qbugeon@terideal.fr\nARTICLE 5\nLes infractions au pr\u00e9sent arr\u00eat\u00e9 sont constat\u00e9es et poursuivies conform\u00e9ment \u00e0 la r\u00e9glementation en\nvigueur.\nARTICLE 6\nLe pr\u00e9sent arr\u00eat\u00e9 peut faire l'objet dans le d\u00e9lai de deux mois \u00e0 compter de sa notification\u00a0:\n-  d'un  recours  gracieux  aupr\u00e8s  du  pr\u00e9fet  des  Hauts-de-Seine,  adress\u00e9  \u00e0  la  direction  r\u00e9gionale  et\n interd\u00e9partementale de l'environnement, de l'am\u00e9nagement et des transports d'\u00cele-de-France, 21-23 \n rue Miollis 75015 Paris\u00a0;\n- d'un recours hi\u00e9rarchique aupr\u00e8s du minist\u00e8re de l'Int\u00e9rieur \u00a0;\n- d'un recours contentieux aupr\u00e8s du tribunal administratif de Cergy-Pontoise\u00a0.\nARTICLE 7\nLe secr\u00e9taire g\u00e9n\u00e9ral de la pr\u00e9fecture des Hauts-de-Seine\u00a0;\nLe directeur territorial de la s\u00e9curit\u00e9 de proximit\u00e9 des Hauts-de-Seine\u00a0;\nLe pr\u00e9sident du conseil d\u00e9partemental des Hauts-de-Seine\u00a0;\nLe maire de Saint-Cloud\u00a0;\nSont charg\u00e9s, chacun en ce qui le concerne, de l'ex\u00e9cution du pr\u00e9sent arr\u00eat\u00e9 qui sera publi\u00e9 au recueil\ndes  actes  administratifs  de  la  pr\u00e9fecture  des  Hauts-de-Seine  et  dont  copie  sera  adress\u00e9e  au\ncommandant de la brigade des sapeurs-pompiers de Paris et au directeur du SAMU.\nParis, le 10 mars 2026\nPour le pr\u00e9fet des Hauts-de-Seine et par subd\u00e9l\u00e9gation,\nle chef de l'unit\u00e9 circulation routi\u00e8re \nR\u00e9f. 2026S-5-5-E-PB\nArr\u00eat\u00e9 DRIEAT-IDF-2026-0181\n3 / 3\nDRIEAT/SSTV/DSECR/UCR \n21-23, rue Miollis - 75015 Paris\nT\u00e9l\u00e9phone  : 01 40 61 80 80\n| | Direction r\u00e9gionale et interd\u00e9partementalePREFET de l'environnement, de l'am\u00e9nagementDES HAUTS-DE-SEINE et des transports d'\u00cele-de-Franceps Unit\u00e9 d\u00e9partementale des Hauts-de-SeineFraternit\u00e9\nArr\u00eat\u00e9 N\u00b0 2026-2-001Portant arr\u00eat de la cartographie des zones d'acc\u00e9l\u00e9ration pour l'implantation d'installationsterrestres de production d'\u00e9nergies renouvelables ainsi que de leurs ouvrages connexes surle territoire d\u00e9partemental\nLe pr\u00e9fet des Hauts-de-Seine\nVu le Code de l'urbanisme ;\nVu le Code g\u00e9n\u00e9ral des collectivit\u00e9s territoriales ;\nVu le Code de l'\u00e9nergie notamment les articles L. 141-5-2 et L. 141-5-3 ;\nVu la loi n\u00b0 2023-175 du 10 mars 2023 relative \u00e0 l'acc\u00e9l\u00e9ration de la production d'\u00e9nergies renouve-lables, notamment son article 15 ;\nVu le d\u00e9cret du 29 ao\u00fbt 2024, portant nomination de St\u00e9phanie MARIVAIN, en qualit\u00e9 de sous-pr\u00e9-f\u00e8te, secr\u00e9taire g\u00e9n\u00e9rale adjointe des Hauts-de-Seine :\nVu l'arr\u00eat\u00e9 SGAD n\u00b02026-06 du 28 janvier 2026, portant d\u00e9l\u00e9gation de signature \u00e0 Madame St\u00e9phanieMARIVAIN, sous-pr\u00e9f\u00e8te, secr\u00e9taire g\u00e9n\u00e9rale adjointe des Hauts-de-Seine ;\nVu les d\u00e9lib\u00e9rations communales relatives \u00e0 la mise en place des zones d'acc\u00e9l\u00e9ration sur leur terri-toire, concern\u00e9es par la cartographie annex\u00e9e au pr\u00e9sent arr\u00eat\u00e9 :\nConsid\u00e9rant que l'article 15 de la loi n\u00b0 2023-175 du 10 mars 2023 relative \u00e0 l'acc\u00e9l\u00e9ration de la pro-duction d'\u00e9nergies renouvelables pr\u00e9voit que les communes puissent d\u00e9finir des zones d'acc\u00e9l\u00e9rationpour l'implantation d'installations terrestres de production d'\u00e9nergies renouvelables ainsi que de leursouvrages connexes sur le territoire.\nConsid\u00e9rant que ces zones contribuent \u00e0 la solidarit\u00e9 entre les territoires et \u00e0 la s\u00e9curisation de l'ap-provisionnement d\u00e9fini au 2\u00b0 de l'article L. 100-1 du code de l'\u00e9nergie ;\nConsid\u00e9rant que zones propos\u00e9es doivent permettre d'acc\u00e9l\u00e9rer la production d'\u00e9nergies renouve-lables au sens de l'article L. 211-2 du code de l'\u00e9nergie sur le territoire concern\u00e9 pour atteindre, aterme, les objectifs \u00e9nerg\u00e9tiques fran\u00e7ais ;\nConsid\u00e9rant que l'Etat a mis \u00e0 disposition des communes l'ensemble des \u00e9l\u00e9ments n\u00e9cessaires \u00e0 labonne d\u00e9finition de ces zones au travers d'un outil cartographique en ligne :\nConsid\u00e9rant que cet outil cartographique permet aussi aux communes de d\u00e9finir ces zones et detransmettre ces cartographies ainsi propos\u00e9es au r\u00e9f\u00e9rent pr\u00e9fectoral dans le d\u00e9partement ;\nConsid\u00e9rant que conform\u00e9ment \u00e0 l'article 15 de la loi du 10 mars 2023 susvis\u00e9e, les communes ontadress\u00e9 au r\u00e9f\u00e9rent pr\u00e9fectoral les d\u00e9lib\u00e9rations du conseil municipal identifiant les zones d'acc\u00e9l\u00e9ra-tion ;\n\nConsid\u00e9rant que conform\u00e9ment \u00e0 l'article 15 de la loi du 10 mars 2023 susvis\u00e9e, l'identification deszones d'acc\u00e9l\u00e9ration par la communea fait l'objet d'une concertation du public, selon les modalit\u00e9spropres \u00e0 chaque commune,\nConsid\u00e9rant l'insuffisance des zones d'acc\u00e9l\u00e9ration pr\u00e9sent\u00e9es au comit\u00e9 r\u00e9gional de l'\u00e9nergie, sousr\u00e9serve de la conclusion des travaux \u00e0 venir sur les objectifs r\u00e9gionaux,\nConsid\u00e9rant que l'arr\u00eat de la cartographie des zones d'acc\u00e9l\u00e9ration identifi\u00e9es par les communes nepr\u00e9juge pas des d\u00e9cisions administratives requises pour l'implantation et l'exploitation d'une installa-tion de production d'\u00e9nergies renouvelables dans ces zones.\nSur proposition de madame la secr\u00e9taire g\u00e9n\u00e9rale adjointe de la pr\u00e9fecture des Hauts-de-Seine,\nARRETE\nArticle 1:\nLa cartographie des zones d'acc\u00e9l\u00e9ration pour la production d'\u00e9nergies renouvelables du d\u00e9partementdes Hauts-de-Seine au 31/12/2025 est arr\u00eat\u00e9e. Ces zones deviennent effectives et permettent auxprojets qui s'y d\u00e9veloppent de b\u00e9n\u00e9ficier des avantages qui y sont li\u00e9s.\nLa liste des communes ayant d\u00e9fini des zones d'acc\u00e9l\u00e9ration figurant dans la cartographie d\u00e9parte-mentale et le nombre total de ces zones arr\u00eat\u00e9es par type d'\u00e9nergie renouvelable figurent en annexedu pr\u00e9sent arr\u00eat\u00e9.\nArticle 2 :\nLa liste des zones d'acc\u00e9l\u00e9ration ainsi d\u00e9finies pourra \u00eatre compl\u00e9t\u00e9e, selon les modalit\u00e9s pr\u00e9vues \u00e0l'article 15 de la loi du 10 mars 2023, afin de permettre d'identifier un volume suffisant pour atteindreles objectifs r\u00e9gionalis\u00e9s de la 3\u00e8me \u00e9dition de la programmation pluriannuelle de l'\u00e9nergie conform\u00e9-ment \u00e0 l'article L.141-5-1 du Code de l'\u00e9nergie.\nArticle 3 :\nLes zones d'acc\u00e9l\u00e9ration identifi\u00e9es \u00e0 l'annexe du pr\u00e9sent arr\u00eat\u00e9 sont t\u00e9l\u00e9vers\u00e9es au statut \u00ab arr\u00eat\u00e9 \u00bbdans le portail cartographique national, les rendant consultables par le grand public au lien suivant :https://planification.climat-energie.gouv.fr/carte-interactive/\nArticle 4:\nLe pr\u00e9sent arr\u00e9t\u00e9 sera publi\u00e9 au recueil des actes administratifs de la pr\u00e9fecture des Hauts-de-Seine.\nArticle 5 : D\u00e9lais et voies de recours\nLa pr\u00e9sente d\u00e9cision peut faire l'objet d'un recours contentieux aupr\u00e8s du Tribunal Administratif deCergy-Pontoise \u2014 2-4 boulevard de l'Hautil \u2014 95000 Cergy soit :\ne Directement, en l'absence de recours pr\u00e9alable, dans le d\u00e9lai de deux mois \u00e0 compter de sapublication ;\ne A l'issue d'un recours pr\u00e9alable, dans les deux mois \u00e0 compter de la date de notification de lar\u00e9ponse obtenue de l'administration, ou au terme d'un silence gard\u00e9 par celle-ci pendant deuxmois \u00e0 compter de la r\u00e9ception de la demande.\nCe recours contentieux peut \u00eatre adress\u00e9 par voie postale ou par l'application informatique T\u00e9l\u00e9re-cours, accessible par le lien : https:/Avww.telerecours.fr.\n\nArticle 6 : Ex\u00e9cution\nLa sous-pr\u00e9f\u00e9te r\u00e9f\u00e9rente \u00e0 l'instruction des projets de d\u00e9veloppement des \u00e9nergies renouvelables, lesous-pr\u00e9fet au d\u00e9veloppement \u00e9conomique r\u00e9f\u00e9rent \u00e0 l'instruction des projets industriels n\u00e9cessaires\u00e0 la transition \u00e9nerg\u00e9tique, la directrice r\u00e9gionale et interd\u00e9partementale de l'environnement et del'am\u00e9nagement d'\u00cele-de-France et le directeur de l'unit\u00e9 d\u00e9partementale des Hauts-de-Seine sontcharg\u00e9s, chacun en ce qui le concerne, de l'ex\u00e9cution du pr\u00e9sent arr\u00eat\u00e9, dont une copie leur estadress\u00e9e.\nNanterre, le Q 2 MARS 2026\npr\u00e9fet,Pour le wattet oe d\u00e9l\u00e9gationle secr\u00e9taire ee\n(aaPascaleAUCI\n\nee SE ees = DE SR a Se, DE DE SR 2 MR BR SLR FEC em 6 SUEDE ee\nLABR DR DRE DURE CURE OS D D SR\nmms  mm = \u2014_ oo\n= \" \" 1 1 1 x\nrer  ke  ee  mm\n~  , . \u00ab , , 1\nAR IA == a . \" CS  .\n1 \" 1 . \"4 oe \" 1. 4  - 1 \"4 1 1\n\u2014_s \u00ab CI oo. an\nxau 1 rr  ATs rT\nzes  ke  re\n14\nRECUEIL DES ACTES ADMINISTRATIFS\nDU\nPR\u00c9FET DES HAUTS-DE-SEINE\nISSN 0985 - 5955\nPour toute correspondance, s'adresser \u00e0 :\nPR\u00c9FET DES HAUTS-DE-SEINE\nSecr\u00e9tariat g\u00e9n\u00e9ral\nSecr\u00e9tariat g\u00e9n\u00e9ral aux affaires d\u00e9partementales\n167/177, Avenue Joliot Curie\n92013 NANTERRE CEDEX\nLe recueil des actes administratifs est consultable en ligne sur le site de la pr\u00e9fecture\nAdresse Internet : https://www.hauts-de-seine.gouv.fr/\nDirecteur de la publication :\nAlexandre BRUG\u00c8RE\nPR\u00c9FET DES HAUTS-DE-SEINE\nLAee  eee  EE  ER DE eee\n15\nPR\u00c9FECTURE DES HAUTS-DE-SEINE\n167-177, avenue Joliot Curie 92013 NANTERRE Cedex\nCourriel : sgc-courrier@hauts-de-seine.gouv.fr\nStandard : 01.40.97.20.00 T\u00e9l\u00e9copie 01.40.97.25.21\nAdresse Internet : https://www.hauts-de-seine.gouv.fr/","date":"2026-03-12","first_seen_on":"2026-03-12T15:58:50+00:00","id":"802b408305640ff392733bc358d62bae8cdbe55254d39e417eefc7a4c8a54ed1","name":"2026-03-12 RAA sp\u00e9cial DRIEAT-IDF du 12 mars 2026","pdf_creation_date":null,"pdf_modification_date":"2026-03-12T14:26:59+00:00","timezone":"Europe/Paris","url":"https://www.hauts-de-seine.gouv.fr/contenu/telechargement/28360/196163/file/2026-03-12%20RAA%20sp%C3%A9cial%20DRIEAT-IDF%20du%2012%20mars%202026.pdf"}
