{"administration":"pref83","administration_name":"Pr\u00e9fecture du Var","content":"VAR\nRECUEIL DES ACTES\nADMINISTRATIFS\nN\u00b083-2024-066\nPUBLI\u00c9 LE 11 AVRIL 2024\nSommaire\nCentre hospitalier Henri Gu\u00e9rin Pierrefeu /\n83-2024-04-10-00001 - 2024- 04- 89 DECISION PORTANT CONSTITUTION\nDU COLLEGE DE L'ARTICLE L 3211-2 DU CODE (1 page) Page 3\nDirection d\u00e9partementale des territoires et de la mer du Var /\n83-2024-04-10-00002 - ARR\u00caT\u00c9 PR\u00c9FECTORAL n\u00b0DDTM/MPCA/2024-01 du 10\navril 2024 portant organisation de la direction d\u00e9partementale des\nterritoires et de la mer du Var (3 pages) Page 5\nPr\u00e9fecture du VAR / Direction des s\u00e9curit\u00e9s\n83-2024-04-08-00005 - ARRETE N\u00b0 2024/02/DS/SESR/PDAC du 8 avril 2024\nportant agr\u00e9ment du Docteur J\u00e9r\u00f4me BAILLY pour le contr\u00f4le m\u00e9dical de\nl'aptitude \u00e0 la conduite  (2 pages) Page 9\n83-2024-04-11-00001 - ARR\u00caT\u00c9 PR\u00c9FECTORAL n\u00b0\n2024/BSP/PP/005\ninstaurant un p\u00e9rim\u00e8tre de protection \u00e0 Toulon aux\nabords\net sur le parvis du Stade F\u00e9lix Mayol (6 pages) Page 12\n2\nCentre hospitalier Henri Gu\u00e9rin Pierrefeu\n83-2024-04-10-00001\n2024- 04- 89 DECISION PORTANT\nCONSTITUTION DU COLLEGE DE L'ARTICLE L\n3211-2 DU CODE\nCentre hospitalier Henri Gu\u00e9rin Pierrefeu - 83-2024-04-10-00001 - 2024- 04- 89 DECISION PORTANT CONSTITUTION DU COLLEGE DE\nL'ARTICLE L 3211-2 DU CODE 3\n \nCENTRE HOSPITALIER HENRI GUERIN  \nQuartier Barnencq  \n83390 PIERREFEU DU VAR  \n \n \nDECISION N\u00b0 2024 /04/8 9 \n \nPORTANT CONSTITUTION DU COLLEGE DE L'ARTICLE L 3211 -2 \nDU CODE DE LA SANTE PUBLIQUE  \n \n \nLE DIRECTEUR  \n \nVu le Code de Sant\u00e9 Publique et notamment l'article L 321 1-9, \n \nVu la Loi n\u00b02009 -879 du 21 juillet 2009 portant r\u00e9forme de l'h\u00f4pital et relative aux patients, \u00e0 \nla sant\u00e9 et aux territoires,  \n \nVu la Loi n\u00b02011 -803 du 5 juillet 2011 modifi\u00e9 e relative aux droits et \u00e0 la protection des \npersonnes faisant l'objet de soi ns psychiatriques et aux modalit\u00e9s de leur prise en charge,  \n \nVu le d\u00e9cret d'application n\u00b0  2011 -847 du 18 juillet 2011 relatif aux droits et \u00e0 la protection \ndes personnes faisant l'objet de soins psychiatriques et aux modalit\u00e9s de leur prise en \ncharge,  \n \nDECIDE  \nArticle 1  : \n \nIl est constitu\u00e9 un coll\u00e8ge sur le fondement de l'article L 3211 -9 du Code de la Sant\u00e9 \nPublique.  \n \nCe coll\u00e8ge est constitu\u00e9 pour chacun des patients concern\u00e9s par son champ de comp\u00e9tence \npar : \n \n1\u00b0) \u2013 Le Docteur DE PERETTI Her v\u00e9, responsable  \u00e0 titre principal du patient dont la situation \nsera examin\u00e9e , \n \n2\u00b0) \u2013 CLAUDEL Jean -Louis , repr\u00e9sentant l'\u00e9quipe pluridisciplinaire participant \u00e0 la prise en \ncharge d es patient s, \n \n3\u00b0) \u2013 Le Docteur BADACHE Sabira , Psychiatre  \n \nArticle 2  : \n \nLa pr\u00e9sente d\u00e9cision est \u00e0 effet imm\u00e9diat.  \n \nElle fera l'objet d'une publication par tous moyens la rendant consultable et sera notamment \npubli\u00e9e au Recueil des actes administratifs de la Pr\u00e9fecture du Var.  \n \nPierrefeu -du-Var, le Mercredi 10 Avril  2024  \n \nPour le Dir ecteur et P.O.  \nL'Attach\u00e9e d'Administration Hospitali\u00e8re,  \nSign\u00e9 :  BIANCHINI Sabine   Centre hospitalier Henri Gu\u00e9rin Pierrefeu - 83-2024-04-10-00001 - 2024- 04- 89 DECISION PORTANT CONSTITUTION DU COLLEGE DE\nL'ARTICLE L 3211-2 DU CODE 4\nDirection d\u00e9partementale des territoires et de la\nmer du Var\n83-2024-04-10-00002\nARR\u00caT\u00c9 PR\u00c9FECTORAL n\u00b0DDTM/MPCA/2024-01\ndu 10 avril 2024 portant organisation de la\ndirection d\u00e9partementale des territoires et de la\nmer du Var\nDirection d\u00e9partementale des territoires et de la mer du Var - 83-2024-04-10-00002 - ARR\u00caT\u00c9 PR\u00c9FECTORAL n\u00b0DDTM/MPCA/2024-01\ndu 10 avril 2024 portant organisation de la direction d\u00e9partementale des territoires et de la mer du Var 5\nEx\nPREFET\nDU  VAR\nL,z'berte'\nEgalit\u00e9\nFraternit\u00e9\nDirection d\u00e9partementale\ndes territoires et de la mer du Var\nARR\u00caT\u00c9 PR\u00c9FECTORAL n\u00b0 DDTM/MPCA/2024-01 du 10 avril 2024\nportant organisation de la\nDirection d\u00e9partementale des territoires et la mer du Var\nLe pr\u00e9fet du Var,\nOfficier de la L\u00e9gion d'Honneur\nVu la  loi  n\u00b082-213  du  2  mars  1982  modifi\u00e9e  relative  aux  droits  et  libert\u00e9s  des\ncommunes, des d\u00e9partements et des r\u00e9gions  ;\nVu la loi n\u00b092-125 du 6 f\u00e9vrier 1992 modifi\u00e9e relative \u00e0 l'administration territoriale de la\nR\u00e9publique ;\nVu la loi n\u00b02004-809 du 13 ao\u00fbt 2004 relative aux libert\u00e9s et responsabilit\u00e9s locales  ;\nVu le d\u00e9cret n\u00b02004-374 du 29 avril 2004 modifi\u00e9 relatif aux pouvoirs des pr\u00e9fets, \u00e0\nl'organisation et \u00e0 l'action des services de l'\u00c9tat dans les r\u00e9gions et d\u00e9partements  ;\nVu le d\u00e9cret  n\u00b02009-1484 du  3 d\u00e9cembre 2009 relatif \u00e0 la  cr\u00e9ation des directions\nd\u00e9partementales interminist\u00e9rielles  ;\nVu le d\u00e9cret n\u00b02015-510 du 7 mai 2015 portant charte de la d\u00e9concentration  ;\nVu le d\u00e9cret du Pr\u00e9sident de la R\u00e9publique du 13 juillet 2023, nommant Monsieur\nPhilippe MAH\u00c9, pr\u00e9fet du Var ;\nVu le d\u00e9cret n\u00b0 2020-99 du 7 f\u00e9vrier 2020 relatif \u00e0 l'organisation et aux missions des\nsecr\u00e9tariats g\u00e9n\u00e9raux communs d\u00e9partementaux  ;\nVu l'arr\u00eat\u00e9 du Premier ministre et du ministre de l 'Int\u00e9rieur du 4 mars 2022  portant\nnomination de Monsieur Laurent BOULET dans l'emploi de directeur d\u00e9partemental\ndes territoires et de la mer du Var  \u00e0 compter du 1er avril 2022 ;\nVu l'avis  du  comit\u00e9  social  d'administration  de  la  direction  d\u00e9partementale  des\nterritoires et de la mer du Var en date du 26 mars 2024  ;\nSur proposition du directeur d\u00e9partemental des territoires et de la mer du Var  ;\nDirection d\u00e9partementale des territoires et de la mer du Var - 83-2024-04-10-00002 - ARR\u00caT\u00c9 PR\u00c9FECTORAL n\u00b0DDTM/MPCA/2024-01\ndu 10 avril 2024 portant organisation de la direction d\u00e9partementale des territoires et de la mer du Var 6\nARR\u00caTE\nArticle 1er : L'arr\u00eat\u00e9 DDTM/MPCA/-2023-01 du 24 avril 2023 est abrog\u00e9.\nArticle 2 :  La direction d\u00e9partementale des territoires et de la mer (DDTM) du Var\ncomprend les services suivants  :\n\u2022une direction \u00e0 laquelle sont rattach\u00e9s :\n\u25e6un r\u00e9f\u00e9rent territorial \u00ab  Provence M\u00e9diterran\u00e9e  \u00bb,\n\u25e6un r\u00e9f\u00e9rent territorial \u00ab  Provence Verte - Verdon  \u00bb,\n\u25e6un r\u00e9f\u00e9rent territorial \u00ab  Drac\u00e9nie - C\u0153ur du Var - Pays de Fayence  \u00bb,\n\u25e6un r\u00e9f\u00e9rent territorial \u00ab  Golfe de Saint-Tropez - Est\u00e9rel  \u00bb,\n\u25e6une mission \u00ab pilotage et coordination de l'activit\u00e9  \u00bb, \u00e0 laquelle est rattach\u00e9 un \nresponsable de la gestion des BOP m\u00e9tiers,\n\u25e6une mission \u00ab ing\u00e9nierie de crise, s\u00e9curit\u00e9s, d\u00e9fense, transport et pr\u00e9vention  \u00bb\n\u00e0 laquelle est rattach\u00e9 un conseiller de pr\u00e9vention, hygi\u00e8ne, s\u00e9curit\u00e9s.\n\u25e6Un comit\u00e9 local d'action sociale.\n\u25e6un charg\u00e9 de mission \u00ab  plan cit\u00e9s administratives de Toulon  \u00bb qui travaille en\nlien avec le RPIE, le SGAR et la DREAL.\n\u2022un service urbanisme et affaires juridiques , compos\u00e9 des p\u00f4les, bureaux et missions \nsuivants :\n\u25e6mission \u00ab animation : formation interne et externe, veille juridique urbanisme \net ADS \u00bb,\n\u25e6mission \u00ab d\u00e9mat\u00e9rialisation  \u00bb,\n\u25e6mission \u00ab archives \u00bb,\n\u25e6p\u00f4le \u00ab juridique et polices  \u00bb, comprenant le bureau \u00ab  contentieux administratif \net conseil \u00bb et le bureau \u00ab affaires juridiques et polices  \u00bb,\n\u25e6bureau \u00ab contr\u00f4le de l\u00e9galit\u00e9 et mission RNU\u00bb,\n\u25e6bureau \u00ab instruction droit du sol  \u00bb,\n\u25e6bureau \u00ab fiscalit\u00e9 \u00bb.\n\u2022un service planifications et prospective , compos\u00e9 des bureaux, p\u00f4les et missions  \nsuivants :\n\u25e6mission PAPI,\n\u25e6p\u00f4le \u00ab animation et urbanisme  \u00bb, comprenant le bureau \u00ab  planification \u00bb, et le \nbureau \u00ab commissions \u00bb,\n\u25e6p\u00f4le  \u00ab risques \u00bb,  comprenant  le  bureau  \u00ab  pr\u00e9vention  risques  inondation  et  \ntechnologique \u00bb  et  le  bureau  \u00ab  pr\u00e9vention  risque  incendies  de  for\u00eat  et  \ngestion \u00bb,\n\u25e6p\u00f4le \u00ab syst\u00e8me d'information g\u00e9ographique et acc\u00e9l\u00e9ration vers l'\u00e9cologie  \u00bb ou \n\u00ab PSIGALE \u00bb comprenant une mission \u00ab  prospectives \u00bb et un bureau \u00ab syst\u00e8me \nd'information g\u00e9ographique  \u00bb ou \u00ab SIG \u00bb.\n\u2022un service agriculture et for\u00eat , compos\u00e9 des bureaux et missions suivants :\n\u25e6mission \u00ab d\u00e9frichement \u00bb,\n\u25e6bureau \u00ab for\u00eat/DFCI \u00bb,\n\u25e6bureau \u00ab soutien \u00e0 l'agriculture  \u00bb,\n\u25e6bureau \u00ab d\u00e9veloppement rural  \u00bb,\n\u25e6bureau \u00ab chasse, faune sauvage, pastoralisme  \u00bb.Direction d\u00e9partementale des territoires et de la mer du Var - 83-2024-04-10-00002 - ARR\u00caT\u00c9 PR\u00c9FECTORAL n\u00b0DDTM/MPCA/2024-01\ndu 10 avril 2024 portant organisation de la direction d\u00e9partementale des territoires et de la mer du Var 7\n\u2022un service eau et biodiversit\u00e9  compos\u00e9 des bureaux et missions suivants  :\n\u25e6mission \u00ab environnement \u00bb,\n\u25e6bureau \u00ab r\u00e9glementation, eau et Natura 2000  \u00bb,\n\u25e6bureau \u00ab ressource et planification  \u00bb,\n\u25e6bureau \u00ab assainissement \u00bb.\nLe service eau et biodiversit\u00e9 assure \u00e9galement le \u00ab  guichet unique loi sur l'eau  \u00bb de la\nDDTM.\n\u2022un service habitat r\u00e9novation urbaine,  compos\u00e9 des bureaux suivants  :\n\u25e6bureau \u00ab politique de l'accessibilit\u00e9  \u00bb,\n\u25e6bureau \u00ab renouvellement urbain, logement social\u00bb,\n\u25e6bureau \u00ab politique de mixit\u00e9 sociale  \u00bb,\n\u25e6bureau \u00ab planifications et lutte contre l'habitat indigne  \u00bb\n\u25e6bureau \u00ab habitat priv\u00e9 \u00bb.\n\u2022un service mer et littoral  compos\u00e9 des bureaux et missions suivants  :\n\u25e6mission \u00ab modernisation des affaires maritimes et littorales  \u00bb,\n\u25e6mission \u00ab politiques de la mer et du littoral  \u00bb,\n\u25e6mission \u00ab contentieux domaine public maritime (DPM)  \u00bb,\n\u25e6mission \u00ab cultures marines \u00bb,\n\u25e6bureau \u00ab des activit\u00e9s maritimes  \u00bb,\n\u25e6bureau \u00ab capitainerie \u00bb,\n\u25e6bureau \u00ab environnement marin  \u00bb,\n\u25e6bureau \u00ab littoral Est \u00bb,\n\u25e6bureau \u00ab littoral Ouest \u00bb,\n\u25e6bureau \u00ab unit\u00e9 littorale des affaires maritimes  \u00bb.\nArticle  3  : Cette organisation de la direction d\u00e9partementale des territoires et de la\nmer du Var, conform\u00e9ment aux dispositions du pr\u00e9sent arr\u00eat\u00e9, prend effet le jour de sa\nparution au recueil des actes administratifs.\nArticle 4 : Le secr\u00e9taire g\u00e9n\u00e9ral de la pr\u00e9fecture du Var et le directeur d\u00e9partemental\ndes territoires et de la mer du Var sont charg\u00e9s, chacun en ce qui le concerne, de\nl'ex\u00e9cution du pr\u00e9sent arr\u00eat\u00e9 qui sera publi\u00e9 au recueil des actes administratifs de la\npr\u00e9fecture du Var.\nFait \u00e0 Toulon, le 10 avril 2024\nSign\u00e9     :  \nPhilippe MAHE\nPr\u00e9fet du VarDirection d\u00e9partementale des territoires et de la mer du Var - 83-2024-04-10-00002 - ARR\u00caT\u00c9 PR\u00c9FECTORAL n\u00b0DDTM/MPCA/2024-01\ndu 10 avril 2024 portant organisation de la direction d\u00e9partementale des territoires et de la mer du Var 8\nPr\u00e9fecture du VAR\n83-2024-04-08-00005\nARRETE N\u00b0 2024/02/DS/SESR/PDAC du 8 avril\n2024 portant agr\u00e9ment du Docteur J\u00e9r\u00f4me\nBAILLY pour le contr\u00f4le m\u00e9dical de l'aptitude \u00e0\nla conduite \nPr\u00e9fecture du VAR - 83-2024-04-08-00005 - ARRETE N\u00b0 2024/02/DS/SESR/PDAC du 8 avril 2024 portant agr\u00e9ment du Docteur J\u00e9r\u00f4me\nBAILLY pour le contr\u00f4le m\u00e9dical de l'aptitude \u00e0 la conduite 9\nEx\nPREFET\nDU  VAR\nL'z'berte'\nEgalit\u00e9\nFraternit\u00e9\nCabinet - Direction des s\u00e9curit\u00e9s\nService de l'\u00e9ducation et\n de la s\u00e9curit\u00e9 routi\u00e8res\nP\u00f4le Droits \u00e0 conduire\n ARR\u00caT\u00c9 n\u00b0 2024/02/DS/SESR/PDAC du 8 avril 2024\n     portant agr\u00e9ment du Docteur J\u00e9r\u00f4me BAILLY\npour le contr\u00f4le m\u00e9dical de l'aptitude \u00e0 la conduite\nLe Pr\u00e9fet du Var,\nVu le code de la route, notamment les articles R.226-1 \u00e0 R-226-4 ;\nVu le d\u00e9cret n\u00b02012-886 en date du 17 juillet 2012 relatif au contr\u00f4le m\u00e9dical de l'aptitude \u00e0 la\nconduite ;\nVu le d\u00e9cret du 29 juillet 2020 portant nomination du Pr\u00e9fet du Var, M.  MAHE Philippe ;\nVu l'arr\u00eat\u00e9 du 20 avril 2012 modifi\u00e9, fixant les conditions d'\u00e9tablissement, de d\u00e9livrance et de\nvalidit\u00e9 du permis de conduire  ;\nVu  l'arr\u00eat\u00e9  du  28  mars  2022,  fixant  la  liste  des  affections  m\u00e9dicales  incompatibles  ou\ncompatibles avec ou sans am\u00e9nagements ou restrictions pour l'obtention, le renouvellement\nou le maintien du permis de conduire ou pouvant donner lieu \u00e0 la d\u00e9livrance de permis de\nconduire de dur\u00e9e de validit\u00e9 limit\u00e9e  ;\nVu l'article 6 de l'arr\u00eat\u00e9 du 31 juillet 2012 modifi\u00e9, relatif \u00e0 l'organisation du contr\u00f4le m\u00e9dical\nde l'aptitude \u00e0 la conduite ;\nVu l'arr\u00eat\u00e9 pr\u00e9fectoral n\u00b0  2024/04/MCI du 9 f\u00e9vrier 2024  portant d\u00e9l\u00e9gation de signature \u00e0\nMme Agn\u00e8s BONJEAN, sous-pr\u00e9f\u00e8te charg\u00e9e de mission, secr\u00e9taire g\u00e9n\u00e9rale adjointe, assurant\nl'int\u00e9rim du directeur de cabinet du pr\u00e9fet du Var \u00e0 compter du 12 f\u00e9vrier 2024  ;\nVu la demande du Docteur J\u00e9r\u00f4me BAILLY en date du 16 f\u00e9vrier 2024  ;\nSur proposition de la sous-pr\u00e9f\u00e8te charg\u00e9e de mission, secr\u00e9taire g\u00e9n\u00e9rale adjointe, assurant\nl'int\u00e9rim du directeur de cabinet du pr\u00e9fet  du Var, \nARR\u00caTE :\nArticle 1  er   :   Le Docteur J\u00e9r\u00f4me BAILLY , exer\u00e7ant au 755 avenue L\u00e9on Amic 83390 CUERS, est\nagr\u00e9\u00e9, dans le d\u00e9partement du Var, en tant que  :\n- m\u00e9decin consultant hors commission m\u00e9dicale\nBoulevard du 112\u00e8me R\u00e9giment d'Infanterie\nCS 31209 \u2013 83070 TOULON CEDEX\nT\u00e9l : 04 94 18 83 83\n1/2\nPr\u00e9fecture du VAR - 83-2024-04-08-00005 - ARRETE N\u00b0 2024/02/DS/SESR/PDAC du 8 avril 2024 portant agr\u00e9ment du Docteur J\u00e9r\u00f4me\nBAILLY pour le contr\u00f4le m\u00e9dical de l'aptitude \u00e0 la conduite 10\nArticle 2 : L'agr\u00e9ment est accord\u00e9 pour une dur\u00e9e de cinq ans, soit du 11 avril 2024 au\n10 avril 2029. \nArticle 3 : Cet arr\u00eat\u00e9 prend effet \u00e0 compter du 11 avril 2024.\nArticle 4 : La sous-pr\u00e9f\u00e8te charg\u00e9e de mission, secr\u00e9taire g\u00e9n\u00e9rale adjointe, assurant l'int\u00e9rim\ndu directeur de cabinet du pr\u00e9fet  du Var est charg\u00e9e de l'ex\u00e9cution du pr\u00e9sent arr\u00eat\u00e9 qui\nsera publi\u00e9 au recueil des actes administratifs de la pr\u00e9fecture du Var .\nFait \u00e0 Toulon, le 8 avril 2024\nPour le pr\u00e9fet et par d\u00e9l\u00e9gation,\nLa sous-pr\u00e9f\u00e8te charg\u00e9e de mission, \nsecr\u00e9taire g\u00e9n\u00e9rale adjointe,\nassurant l'int\u00e9rim du directeur de cabinet\nSign\u00e9\nAgn\u00e8s BONJEAN\n2/2Pr\u00e9fecture du VAR - 83-2024-04-08-00005 - ARRETE N\u00b0 2024/02/DS/SESR/PDAC du 8 avril 2024 portant agr\u00e9ment du Docteur J\u00e9r\u00f4me\nBAILLY pour le contr\u00f4le m\u00e9dical de l'aptitude \u00e0 la conduite 11\nPr\u00e9fecture du VAR\n83-2024-04-11-00001\nARR\u00caT\u00c9 PR\u00c9FECTORAL n\u00b0 2024/BSP/PP/005\ninstaurant un p\u00e9rim\u00e8tre de protection \u00e0 Toulon\naux abords\net sur le parvis du Stade F\u00e9lix Mayol\nPr\u00e9fecture du VAR - 83-2024-04-11-00001 - ARR\u00caT\u00c9 PR\u00c9FECTORAL n\u00b0 2024/BSP/PP/005\ninstaurant un p\u00e9rim\u00e8tre de protection \u00e0 Toulon aux abords\net sur le parvis du Stade F\u00e9lix Mayol12\nEx\nPREFET\nDU  VAR\nL'z'berte'\nEgalit\u00e9\nFraternit\u00e9\nCabinet du Pr\u00e9fet\nDirection des s\u00e9curit\u00e9s\nBureau de la s\u00e9curit\u00e9 publique\nARR\u00caT\u00c9 PR\u00c9FECTORAL n\u00b0 2024/BSP/PP/005\ninstaurant un p\u00e9rim\u00e8tre de protection \u00e0 Toulon aux abords\net sur le parvis du Stade F\u00e9lix Mayol\nLe Pr\u00e9fet du Var,\nVu le code de la s\u00e9curit\u00e9 int\u00e9rieure, notamment ses articles L.226-1, L.511-1 et L.611  ;\nVu le code de proc\u00e9dure p\u00e9nale, notamment ses articles 16, 20 et 21  ;\nVu le  d\u00e9cret  n\u00b0  2004-374  du  29  avril  2004  modifi\u00e9,  relatif  aux  pouvoirs  des  pr\u00e9fets,  \u00e0\nl'organisation et \u00e0 l'action des services de l'\u00c9tat dans les r\u00e9gions et d\u00e9partements  ;\nVu le d\u00e9cret du 13 juillet 2023 portant nomination de Monsieur Philippe MAHE, pr\u00e9fet du Var  ;\nVu l'arr\u00eat\u00e9  n\u00b0 2024/04/MCI du 09 f\u00e9vrier 2024 portant d\u00e9l\u00e9gation de signature \u00e0 Madame\nAgn\u00e8s  BONJEAN,  sous-pr\u00e9f\u00e8te  charg\u00e9e  de  mission,  secr\u00e9taire  g\u00e9n\u00e9rale  adjointe,  assurant\nl'int\u00e9rim du directeur de cabinet du pr\u00e9fet du Var \u00e0 compter du 12 f\u00e9vrier 2024  ;\nVu la rencontre sportive de rugby organis\u00e9e au Stade F\u00e9lix Mayol de Toulon, par le Rugby Club\nToulonnais (RCT) le 11 mai 2024  ;\nConsid\u00e9rant qu'en application de l'article L.226-1 du code de la s\u00e9curit\u00e9 int\u00e9rieure, \u00ab  afin\nd'assurer la s\u00e9curit\u00e9 d'un lieu ou d'un \u00e9v\u00e9nement expos\u00e9 \u00e0 un risque d'actes de terrorisme \u00e0\nraison de la nature et de l'ampleur de sa fr\u00e9quentation, le repr\u00e9sentant de l'\u00c9tat dans le\nd\u00e9partement est autoris\u00e9 \u00e0 instituer un p\u00e9rim\u00e8tre de protection au sein duquel l'acc\u00e8s et la\ncirculation des personnes sont r\u00e9glement\u00e9s  \u00bb ;\nConsid\u00e9rant la pr\u00e9gnance de la menace terroriste sur le territoire national et la n\u00e9cessit\u00e9 de\nmettre en \u0153uvre les postures Vigipirate d\u00e9cid\u00e9es par le gouvernement  ;\nConsid\u00e9rant que le Var est un d\u00e9partement touristique \u00e0 forte fr\u00e9quentation et conna\u00eet un\nafflux important de population tout au long de l'ann\u00e9e  ;\nConsid\u00e9rant l'implantation particuli\u00e8re du stade F\u00e9lix Mayol, situ\u00e9 au c\u0153ur du centre-ville de\nToulon, jouxtant plusieurs \u00e9tablissements recevant du public, limitrophe du premier port\nmilitaire fran\u00e7ais ;\nConsid\u00e9rant que les abords et le parvis du stade sont compos\u00e9s en grande partie de trottoirs\npublics et de voies de circulation routi\u00e8re  ;\n1/4\nPr\u00e9fecture du VAR - 83-2024-04-11-00001 - ARR\u00caT\u00c9 PR\u00c9FECTORAL n\u00b0 2024/BSP/PP/005\ninstaurant un p\u00e9rim\u00e8tre de protection \u00e0 Toulon aux abords\net sur le parvis du Stade F\u00e9lix Mayol13\nConsid\u00e9rant que les rencontres sportives peuvent g\u00e9n\u00e9rer des circonstances particuli\u00e8res de\nnature \u00e0 faire peser des menaces graves pour la s\u00e9curit\u00e9 publique et exposer les populations \u00e0\nun risque d'acte de terrorisme que ce soit \u00e0 l'int\u00e9rieur ou \u00e0 l'ext\u00e9rieur du stade et  qu'il\nconvient, de fait, de prendre des mesures renforc\u00e9es de surveillance et de s\u00e9curit\u00e9  ;\nConsid\u00e9rant que lors des matchs, il y a lieu d'instaurer un p\u00e9rim\u00e8tre de protection aux abords\ndu stade F\u00e9lix Mayol aux fins de pr\u00e9vention d'un acte de terrorisme  ; que compte tenu de la\ntopographie des lieux, ce p\u00e9rim\u00e8tre doit englober la zone mat\u00e9rialis\u00e9e dans le plan pr\u00e9sent en\nannexe  1 ;  que  ce  p\u00e9rim\u00e8tre  doit  \u00eatre  instaur\u00e9  pour  les  jours  de  match  en  raison  des\nimportants flux et rassemblements de personnes aux abords du stade  ;\nSur proposition de la sous-pr\u00e9f\u00e8te, charg\u00e9e de mission, secr\u00e9taire g\u00e9n\u00e9rale adjointe, assurant\nl'int\u00e9rim du directeur de cabinet   :\nARR\u00caTE     :\nArticle 1  er     :   En vue du match pr\u00e9vu le 11 mai 2024 , il est instaur\u00e9 aux abords du stade Mayol un\np\u00e9rim\u00e8tre de protection le 11 mai 2024 de 14h00 \u00e0 21h00.\nArticle 2     :   ce p\u00e9rim\u00e8tre est d\u00e9limit\u00e9 selon le plan joint en annexe 1. Il sera mat\u00e9rialis\u00e9 sur site\npar des barri\u00e8res physiques et sera rendu impossible \u00e0 la circulation des v\u00e9hicules \u00e0 l'aide de\ndispositifs pare-b\u00e9liers.\nArticle 3     :   le p\u00e9rim\u00e8tre de protection sera arm\u00e9 et d\u00e9sarm\u00e9 sur ordre de l'officier de police\njudiciaire, responsable du dispositif police nationale, en accord avec l'autorit\u00e9 municipale et\nle poste de commandement op\u00e9rationnel du stade Mayol. Pendant les p\u00e9riodes d'armement,\nl'acc\u00e8s et la circulation des personnes et des v\u00e9hicules y sont r\u00e9glement\u00e9s.\nArticle 4     :   trois points d'acc\u00e8s \u00e0 ce p\u00e9rim\u00e8tre de protection sont pr\u00e9vus et mat\u00e9rialis\u00e9s sur le\nplan joint en annexe 1.\nArticle 5     :   les op\u00e9rations de v\u00e9rification sur les personnes et les v\u00e9hicules, d\u00e9taill\u00e9es ci-apr\u00e8s,\nsont  plac\u00e9es  sous  la  responsabilit\u00e9  d'un  officier  de  policier  judiciaire,  territorialement\ncomp\u00e9tent, tel que ceux mentionn\u00e9s aux 2\u00b0 \u00e0 4\u00b0 de l'article 16 du code de proc\u00e9dure p\u00e9nale.\nArticle 6     :   celles effectu\u00e9es sur les personnes et d\u00e9taill\u00e9es ci-apr\u00e8s, peuvent \u00eatre r\u00e9alis\u00e9es par\ndes officiers de police judiciaire mentionn\u00e9s aux 2\u00b0 \u00e0 4\u00b0 de l'article 16 du code de proc\u00e9dure\np\u00e9nale, et, sous la responsabilit\u00e9 de ceux-ci, par des agents de police judiciaire mentionn\u00e9s \u00e0\nl'article 20 du m\u00eame code, par des agents de police judiciaire adjoints mentionn\u00e9s aux 1\u00b0, 1\u00b0\nbis, 1\u00b0 ter de l'article 21 du m\u00eame code, par des agents de police municipale mentionn\u00e9s \u00e0\nl'article L.511-1 du code de la s\u00e9curit\u00e9 int\u00e9rieure, ou par des agents de s\u00e9curit\u00e9 priv\u00e9e exer\u00e7ant\nl'activit\u00e9 mentionn\u00e9e au 1\u00b0 de l'article L.611 du m\u00eame code.\n2/4Pr\u00e9fecture du VAR - 83-2024-04-11-00001 - ARR\u00caT\u00c9 PR\u00c9FECTORAL n\u00b0 2024/BSP/PP/005\ninstaurant un p\u00e9rim\u00e8tre de protection \u00e0 Toulon aux abords\net sur le parvis du Stade F\u00e9lix Mayol14\nArticle 7     :   celles effectu\u00e9es sur les v\u00e9hicules et d\u00e9taill\u00e9es ci-apr\u00e8s, ne peuvent \u00eatre accomplies\nque par des officiers de police judiciaire mentionn\u00e9s aux 2\u00b0 \u00e0 4\u00b0 de l'article 16 du code de\nproc\u00e9dure p\u00e9nale, et, sous la responsabilit\u00e9 de ceux-ci, par des agents de police judiciaire\nmentionn\u00e9s  \u00e0  l'article  20  du  m\u00eame  code,  par  des  agents  de  police  judiciaire  adjoints\nmentionn\u00e9s aux 1\u00b0, 1\u00b0 bis, 1\u00b0 ter de l'article 21 du m\u00eame code.\nArticle  8     :   pr\u00e9alablement  \u00e0  l'armement  du  p\u00e9rim\u00e8tre  de  protection  indiqu\u00e9  \u00e0  l'article  3,\nl'int\u00e9rieur de l'enceinte cr\u00e9\u00e9e sera v\u00e9rifi\u00e9 selon les modalit\u00e9s d\u00e9taill\u00e9es ci-apr\u00e8s.\nArticle 9     :   pour toute personne, l'acc\u00e8s au p\u00e9rim\u00e8tre de protection et la pr\u00e9sence \u00e0 l'int\u00e9rieur\nde celui-ci sont conditionn\u00e9s aux mesures de contr\u00f4le pr\u00e9alable suivantes  : palpations de\ns\u00e9curit\u00e9, inspections visuelles, fouilles de sacs et de bagages.\nLa palpation de s\u00e9curit\u00e9 est effectu\u00e9e par une personne de m\u00eame sexe que celle qui en fait\nl'objet.\nArticle 10     :   \u00e0 l'int\u00e9rieur du p\u00e9rim\u00e8tre de protection,  la circulation et le stationnement de\nv\u00e9hicules sont interdits \u00e0 l'exception des v\u00e9hicules des forces de l'ordre et de secours dans le\ncadre des interventions urgentes. Apr\u00e8s identification, ces v\u00e9hicules sont autoris\u00e9s \u00e0 acc\u00e9der,\n\u00e0  circuler  et  \u00e0  stationner  dans  le  p\u00e9rim\u00e8tre  sur  ordre  de  l'officier  de  police  nationale\nresponsable du dispositif, en concertation avec le poste de commandement op\u00e9rationnel du\nstade Mayol.\nArticle 11     :   toutes les mesures de v\u00e9rification, d\u00e9taill\u00e9es ci-dessus, sont subordonn\u00e9es au\nconsentement  des  personnes.  En  cas  de  refus  de  s'y  soumettre,  les  personnes  et/ou  les\nv\u00e9hicules ne sont pas admis \u00e0 y p\u00e9n\u00e9trer. Le cas \u00e9ch\u00e9ant, ils sont reconduits \u00e0 l'ext\u00e9rieur du\np\u00e9rim\u00e8tre.\nCes op\u00e9rations sont effectu\u00e9es uniquement par un officier de police judiciaire mentionn\u00e9 aux\n2\u00b0 \u00e0 4\u00b0 de l'article 16 du code de proc\u00e9dure p\u00e9nale, ou sous la responsabilit\u00e9 de celui-ci, par un\nagent de police judiciaire mentionn\u00e9 \u00e0 l'article 20 ou par un agent de police judiciaire adjoint\nmentionn\u00e9 aux 1\u00b0, 1\u00b0 bis, 1\u00b0 ter de l'article 21 du m\u00eame code.\nArticle 12     :   lors de toutes les op\u00e9rations d\u00e9crites ci-dessus, il sera v\u00e9rifi\u00e9 l'absence d'objets\ninterdits, conform\u00e9ment \u00e0 la liste jointe en annexe  2.\nLa pr\u00e9sente disposition ne s'applique pas aux secours et aux forces de l'ordre employ\u00e9s sur le\np\u00e9rim\u00e8tre pour leurs missions respectives.\nLes fonctionnaires de la police nationale et les militaires de la gendarmerie nationale qui\nsouhaitent acc\u00e9der au p\u00e9rim\u00e8tre de protection, en dehors de leurs heures de service et avec\nleurs armes de service conform\u00e9ment aux r\u00e8gles en vigueur, devront \u00eatre contr\u00f4l\u00e9s par un\nofficier de police judiciaire mentionn\u00e9 aux 2\u00b0 \u00e0 4\u00b0 de l'article 16 du code de proc\u00e9dure p\u00e9nale,\nou  sous  la  responsabilit\u00e9  de  celui-ci,  par  un  agent  de  police  judiciaire  mentionn\u00e9  \u00e0\nl'article 20 ou par un agent de police judiciaire adjoint mentionn\u00e9 aux 1\u00b0, 1\u00b0 bis, 1\u00b0 ter de\nl'article 21 du m\u00eame code. L'acc\u00e8s \u00e0 l'enceinte sera possible uniquement apr\u00e8s identification\nconforme et \u00e0 la condition que le port de l'arme ne soit pas apparent.\nArticle 13     :   des commerces et d\u00e9bits de boissons peuvent avoir une activit\u00e9 \u00e0 l'int\u00e9rieur du\np\u00e9rim\u00e8tre  de  protection  institu\u00e9,  sous  r\u00e9serve  qu'ils  d\u00e9tiennent  les  autorisations\nadministratives n\u00e9cessaires et qu'ils respectent les r\u00e8gles relatives aux objets interdits vis\u00e9es \u00e0\nl'article 12.\n3/4Pr\u00e9fecture du VAR - 83-2024-04-11-00001 - ARR\u00caT\u00c9 PR\u00c9FECTORAL n\u00b0 2024/BSP/PP/005\ninstaurant un p\u00e9rim\u00e8tre de protection \u00e0 Toulon aux abords\net sur le parvis du Stade F\u00e9lix Mayol15\nArticle 14     :   la sous-pr\u00e9f\u00e8te charg\u00e9e de mission, secr\u00e9taire g\u00e9n\u00e9rale adjoint, assurant l'int\u00e9rim\ndu directeur de cabinet et le directeur interd\u00e9partemental de la police nationale du Var sont\ncharg\u00e9s, chacun en ce qui le concerne, de l'ex\u00e9cution du pr\u00e9sent arr\u00eat\u00e9 qui sera publi\u00e9 au\nrecueil des actes administratifs de la pr\u00e9fecture du Var. \nUn exemplaire sera transmis, au procureur de la R\u00e9publique pr\u00e8s le tribunal de justice de\nToulon, \u00e0 la maire de la ville de Toulon et au directeur interd\u00e9partemental de la police\nnationale  du  Var.  Il  sera,  par  ailleurs,  notifi\u00e9  au  Rugby  Club  Toulonnais,  organisateur  de\nl'\u00e9v\u00e8nement.\nFait \u00e0 Toulon, le 11 avril 2024\nSign\u00e9\nPour le Pr\u00e9fet et par d\u00e9l\u00e9gation,\nla Sous-Pr\u00e9f\u00e8te charg\u00e9e de mission,\nSecr\u00e9taire g\u00e9n\u00e9rale adjointe\nAgn\u00e8s BONJEAN\nDans un d\u00e9lai de deux mois \u00e0 compter de la date de la notification ou de la publication du pr\u00e9sent arr\u00eat\u00e9 au recueil des actes administratifs de la pr\u00e9fecture, les recours suivants peuvent \u00eatre introduits conform\u00e9ment aux dispositions des articles R. 421-1 et suivants du code de justice administrative :- un recours gracieux, adress\u00e9 \u00e0 : M. le Pr\u00e9fet du Var \u2013 Boulevard du 112 \u00e8me r\u00e9giment d'infanterie - CS 31209 - 83070 TOULON CEDEX- un recours hi\u00e9rarchique, adress\u00e9  au(x) ministre(s) concern\u00e9(s)  ;Dans ces deux cas, le silence de l'Administration vaut rejet implicite au terme d'un d\u00e9lai de deux mois.Apr\u00e8s un recours gracieux ou hi\u00e9rarchique, le d\u00e9lai du recours contentieux ne court qu'\u00e0 compter du rejet explicite ou implicite de l'un de ces recours.- un recours contentieux, en saisissant le Tribunal Administratif de Toulon  : 5 rue Racine -BP 40510 - 83  041 TOULON CEDEX 9. Le tribunaladministratif peut \u00e9galement \u00eatre saisi par l'application informatique \"T\u00e9l\u00e9recours citoyens\", accessible par le site internet www.telerecours.fr.\n4/4Pr\u00e9fecture du VAR - 83-2024-04-11-00001 - ARR\u00caT\u00c9 PR\u00c9FECTORAL n\u00b0 2024/BSP/PP/005\ninstaurant un p\u00e9rim\u00e8tre de protection \u00e0 Toulon aux abords\net sur le parvis du Stade F\u00e9lix Mayol16\nFAN  ZONE\n@ Dispositif  S\u00e9curit\u00e9 / S\u00fbret\u00e9  /\u00bb','\n7 FAN  ZONE  . /\nEntr\u00e9e  Fan  Zone\nLafontan\nqude  Mayol\n\u00bb.\n' .~  -e .\nrEntr\u00e9e  Fan  Zone\n: \n%  Virage\nA\nFan  Zone\nEntr\u00e9e  Fan  Zone\nLEGENDE  BonnusBameres  Vaubafl\u2014\n2  CQP  Fan  zone\n.  Bouclier\n. Plot\n(4]Fan  zone  \"Palpation\"\n=\nANNEXE 1\nMatch RCT 2023 - 2024Pr\u00e9fecture du VAR - 83-2024-04-11-00001 - ARR\u00caT\u00c9 PR\u00c9FECTORAL n\u00b0 2024/BSP/PP/005\ninstaurant un p\u00e9rim\u00e8tre de protection \u00e0 Toulon aux abords\net sur le parvis du Stade F\u00e9lix Mayol17\nObjets  interdits\nProhibited  items\nFumi%'ene,  p\u00e9tard  M\u00e9gaphone  Drone Perche  \u00fc selFies  Bouteille,  conette  =\u2014 Vuvuzela,  laser Animal\net aubres  articles  et tout autre (sauP chien\npurotechniques  [:nnt:ednugt[;]  d? plus quide)\ne 50c\nObjets  soumis  \u00e0 autorisation\nItems  subject  to prior  authorisation\nmF  AT\nHompe  de Banderale,  Tambour  Parapluie  Bouteille  et, Appareil  photo Valises,  bagage  Casque  et\ndrapeauxet  drapeau,  voile e autre  contenant  el sac sup\u00e9rieurs  encombrant\nstl]Jppgrt  lde maillot  g\u00e9ant  de moins  de 50 cl 0 45x36x20  Cm\nanderole\n* Tout  objet  pouvant  servir  d'arme  par destination\n(couteau,  outils...)  : ces objets  ne peuvent  pas donner\nlieu \u00e0 un d\u00e9p\u00f4t  en consigne.* L'acc\u00e8s  au stade  est interdit  \u00e0 toute  personne  en\n\u00e9tat  d'\u00e9bri\u00e9t\u00e9  ou sous  l'emprise  de stup\u00e9fiant.\ne Les banderoles,  drapeaux  ou panneaux  contenant  un\nmessage  \u00e0 caract\u00e8re  raciste,  x\u00e9nophobe,  politique,\nphilosophique  sont  interdits  (contr\u00f4le  visuel  obligatoire).e Siun  propri\u00e9taire  d'objet  non  autoris\u00e9  refuse  de s'en\ns\u00e9parer,  l'acc\u00e8s  au stade  lui sera  interdit.\nANNEXE 2Pr\u00e9fecture du VAR - 83-2024-04-11-00001 - ARR\u00caT\u00c9 PR\u00c9FECTORAL n\u00b0 2024/BSP/PP/005\ninstaurant un p\u00e9rim\u00e8tre de protection \u00e0 Toulon aux abords\net sur le parvis du Stade F\u00e9lix Mayol18","date":"2024-04-11","first_seen_on":"2024-05-12T18:49:29+00:00","id":"80a023f7430e911f0724b701be89128edb9e2f536fde2b9751374594f3a63a95","name":"RAA N\u00b0066 du 11 avril 2024","pdf_creation_date":"2024-04-11T14:06:07+00:00","pdf_modification_date":null,"timezone":"Europe/Paris","url":"https://www.var.gouv.fr/contenu/telechargement/34048/226761/file/RAA%20N%C2%B0066%20du%2011%20avril%202024%20non%20nomminatif.pdf"}
