{"administration":"prefidf","administration_name":"Pr\u00e9fecture de la r\u00e9gion \u00cele-de-France","content":"PREFECTURE\nREGION ILE DE\nFRANCE\nRECUEIL DES ACTES\nADMINISTRATIFS SP\u00c9CIAL\nN\u00b0IDF-005-2025-05\nPUBLI\u00c9 LE  5 MAI 2025\nSommaire\nDirection interr\u00e9gionale des douanes d'Ile-de-France /\nIDF-2025-05-05-00003 - Arr\u00eat\u00e9 portant subd\u00e9l\u00e9gation de la signature\ndu directeur interr\u00e9gional des douanes d'\u00cele-de-France en mati\u00e8re\nd'ordonnancement secondaire (6 pages) Page 3\nDirection r\u00e9gionale et interd\u00e9partementale de l'environnement, de\nl'am\u00e9nagement et des transports d'\u00cele-de-France / D\u00e9partement\ndes affaires juridiques, des archives et de la documentation\nIDF-2025-05-02-00011 - D\u00e9cision DRIEAT-IDF n\u00b0 2025-0393 du 2 mai\n2025 portant subd\u00e9l\u00e9gation de signature en mati\u00e8re administrative\npour le compte du pr\u00e9fet de la r\u00e9gion d'\u00cele-de-France (15 pages) Page 10\n2\nDirection interr\u00e9gionale des douanes\nd'Ile-de-France\nIDF-2025-05-05-00003\nArr\u00eat\u00e9 portant subd\u00e9l\u00e9gation de la signature du\ndirecteur interr\u00e9gional des douanes\nd'\u00cele-de-France en mati\u00e8re d'ordonnancement\nsecondaire\nDirection interr\u00e9gionale des douanes d'Ile-de-France - IDF-2025-05-05-00003 - Arr\u00eat\u00e9 portant subd\u00e9l\u00e9gation de la signature du\ndirecteur interr\u00e9gional des douanes d'\u00cele-de-France en mati\u00e8re d'ordonnancement secondaire 3\nExREPUBLIQUEFRAN\u00c7AISELibert\u00e9Egalit\u00e9Fraternit\u00e9 DOUANES& DROITSINDIRECTS\nARR\u00caT\u00c9\nportant subd\u00e9l\u00e9gation de la signature\ndu directeur interr\u00e9gional des douanes d'\u00cele-de-France\nen mati\u00e8re d'ordonnancement secondaire\nVU la loi organique n\u00b02001-692 du 1er ao\u00fbt 2001 modifi\u00e9e relative aux lois de finance ;\nVU le code de la commande publique ;\nVU la  loi  n\u00b068-1250  du  31  d\u00e9cembre  1968  modifi\u00e9e  relative  \u00e0  la  prescription  des\ncr\u00e9ances sur l'\u00c9tat, les d\u00e9partements, les communes et les \u00e9tablissements publics ;\nVU la  loi  n\u00b072-619  du  5  juillet  1972  portant  cr\u00e9ation  et  organisation  des  r\u00e9gions,\nnotamment son article 21-1 ;\nVU la  loi  n\u00b082-213  du  2  mars  1982  modifi\u00e9e  relative  aux  droits  et  libert\u00e9s  des\ncommunes, des d\u00e9partements et des r\u00e9gions, et notamment son article 34 ;\nVU le d\u00e9cret n\u00b082-632 du 21 juillet 1982 pris en application de l'article 3 du d\u00e9cret\nn\u00b082-389 du 10 mai 1982 et de l'article 3 du d\u00e9cret n\u00b082-390 du 10 mai 1982 relatif\naux pouvoirs des pr\u00e9fets sur les services fiscaux, les services douaniers et les\nlaboratoires r\u00e9gionaux ;\nVU le d\u00e9cret n\u00b098-81 du 11 f\u00e9vrier 1998 modifi\u00e9 ;\nVU le d\u00e9cret n\u00b099-89 du 8 f\u00e9vrier 1999 pris pour l'application de l'article 3 du d\u00e9cret\nn\u00b098-81 du 11 f\u00e9vrier 1998 ;\nVU le d\u00e9cret n\u00b02004-374 du 29 avril 2004 modifi\u00e9 relatif aux pouvoirs des pr\u00e9fets, \u00e0\nl'organisation et \u00e0 l'action des services de l'\u00c9tat dans les r\u00e9gions et d\u00e9partements ;\nVU le d\u00e9cret n\u00b02010-687 du 24 juin 2010 relatif \u00e0 l'organisation et aux missions des\nservices de l'\u00c9tat dans la r\u00e9gion et les d\u00e9partements d'\u00cele-de-France ;\nVU le  d\u00e9cret  n\u00b02012-1246  du  7  novembre  2012  relatif  \u00e0  la  gestion  budg\u00e9taire  et\ncomptable publique ;\nVU le d\u00e9cret n\u00b02019-1594 du 31 d\u00e9cembre 2019 relatif aux emplois de direction de\nl'\u00c9tat ;\nVU le d\u00e9cret n\u00b02020-139 du 19 f\u00e9vrier 2020 modifiant certaines dispositions relatives \u00e0\nla pr\u00e9fecture de la r\u00e9gion d'\u00cele-de-France, pr\u00e9fecture de Paris ;\n VU    le d\u00e9cret du 22 juillet 2020 portant nomination de Monsieur Marc GUILLAUME en\nqualit\u00e9 de pr\u00e9fet de la r\u00e9gion d'\u00cele-de-France, pr\u00e9fet de Paris ;\nDirection interr\u00e9gionale des douanes d'Ile-de-France - IDF-2025-05-05-00003 - Arr\u00eat\u00e9 portant subd\u00e9l\u00e9gation de la signature du\ndirecteur interr\u00e9gional des douanes d'\u00cele-de-France en mati\u00e8re d'ordonnancement secondaire 4\nVU les arr\u00eat\u00e9s interminist\u00e9riels du 21 d\u00e9cembre 1982 modifi\u00e9s portant r\u00e8glement de\ncomptabilit\u00e9 publique pour la d\u00e9signation des ordonnateurs secondaires et de leurs\nd\u00e9l\u00e9gu\u00e9s du budget du minist\u00e8re de l'\u00e9conomie et des finances ;\nVU l'arr\u00eat\u00e9 minist\u00e9riel du 26 d\u00e9cembre 2013 relatif au cadre de la gestion budg\u00e9taire et\nau contr\u00f4le budg\u00e9taire des minist\u00e8res \u00e9conomiques et financiers pris en application\nde l'article 105 du d\u00e9cret n\u00b02012-1246 du 7 novembre 2012 relatif \u00e0 la gestion\nbudg\u00e9taire et comptable publique ;\nVU l'arr\u00eat\u00e9 minist\u00e9riel du 13 avril 2021 portant nomination de Monsieur Gil LORENZO,\nadministrateur g\u00e9n\u00e9ral des douanes et droits indirects, sur le poste de directeur\ninterr\u00e9gional des douanes d'\u00cele-de-France ;\nVU    l'arr\u00eat\u00e9 du pr\u00e9fet de r\u00e9gion d'\u00cele-de-France, pr\u00e9fet de Paris, n\u00b0 IDF 2024-03-19-\n00007 du 19 mars 2024 portant d\u00e9l\u00e9gation de signature \u00e0 Monsieur Gil LORENZO,\ndirecteur interr\u00e9gional des douanes d'\u00cele-de-France, en mati\u00e8re d'ordonnancement\nsecondaire ;\nVU   le  d\u00e9cret  n\u00b02020-1427  du  20  novembre  2020  relatif  aux  comit\u00e9s  sociaux\nd'administration dans les administrations et les \u00e9tablissements publics de l'\u00c9tat ;\nVU   l'arr\u00eat\u00e9 du  22  avril 2022  modifi\u00e9  portant  cr\u00e9ation  et organisation  g\u00e9n\u00e9rale des\ncomit\u00e9s sociaux d'administration des minist\u00e8res \u00e9conomiques et financiers et de\nleurs \u00e9tablissements publics.\nARR\u00caTE\nArticle 1  er  \nDans le cadre de la d\u00e9l\u00e9gation de signature institu\u00e9e par l'arr\u00eat\u00e9 n\u00b0 IDF 2024-03-19-00007\ndu 19 mars 2024, et en cas d'absence ou d'emp\u00eachement de Monsieur Gil LORENZO\nsubd\u00e9l\u00e9gation de signature est donn\u00e9e \u00e0 :\n\u2013 Madame Pascale AUGUSTIN-LOISONS, administratrice, adjointe au directeur\ninterr\u00e9gional des douanes d'\u00cele-de-France,\n\u2013 Monsieur Olivier GOURDON, directeur des services douaniers de 1\u00e8re classe,\nchef du p\u00f4le gestion des ressources humaines de la direction interr\u00e9gionale\nd'\u00cele de France,\n\u2013 Monsieur Sorey FEJTO,  inspecteur principal de 2eme classe,  chef du p\u00f4le\npilotage, performance et contr\u00f4le interne de la direction interr\u00e9gionale d'\u00cele-de-\nFrance,\nDirection interr\u00e9gionale des douanes d'Ile-de-France - IDF-2025-05-05-00003 - Arr\u00eat\u00e9 portant subd\u00e9l\u00e9gation de la signature du\ndirecteur interr\u00e9gional des douanes d'\u00cele-de-France en mati\u00e8re d'ordonnancement secondaire 5\n\u2013 Madame Lara DELEPINE, directrice des services douaniers de 2\u00e9me classe,\ncheffe du p\u00f4le logistique et informatique de la direction interr\u00e9gionale d'\u00cele-de-\nFrance,\n\u2013 Madame Elisabeth ROGANI, inspectrice principale de 1\u00e8re classe, cheffe du\np\u00f4le dialogue social, conduite de projets et vie de l'agent,\n\u2013 Monsieur  Christian  BOSC,  inspecteur  r\u00e9gional  de  1\u00e8re  classe,  secr\u00e9taire\ng\u00e9n\u00e9ral de la direction interr\u00e9gionale d'\u00cele-de-France,\n\u00e0  l'effet  de  signer  au  nom  du  pr\u00e9fet  de  la  r\u00e9gion  d'\u00cele-de-France,  les  actes\nd'ordonnancement secondaire de la direction interr\u00e9gionale des douanes d'\u00cele-de-France,\nd\u00e9penses et recettes de l'\u00c9tat vis\u00e9s aux articles 2 et 3 de l'arr\u00eat\u00e9 susvis\u00e9 et sous les\nr\u00e9serves mentionn\u00e9es \u00e0 l'article 5 dudit arr\u00eat\u00e9.\nArticle 2\nDans le cadre de la d\u00e9l\u00e9gation de signature institu\u00e9e par l'arr\u00eat\u00e9 n\u00b0 IDF  2024-03-19-\n00007  du  19  mars  2024  et  en  cas  d'absence  ou  d'emp\u00eachement  de  Monsieur  Gil\nLORENZO, subd\u00e9l\u00e9gation de signature est donn\u00e9e dans la limite de leurs attributions et\nde leurs comp\u00e9tences \u00e0 :\n\u2013 Madame  Isabelle  FILIPPI-COUPET,  inspectrice  principale  de  1ere  classe,\ncheffe du service du personnel \u00e0 la direction interr\u00e9gionale d'\u00cele de France,\n\u2013 Madame Val\u00e9rie GASSMANN, inspectrice, responsable du service examens et\nconcours de la direction interr\u00e9gionale d'\u00cele-de-France,\n\u2013 Monsieur James GUERRIER, inspecteur r\u00e9gional de 3\u00e9me classe, chef de la\nformation professionnelle de la direction interr\u00e9gionale d'\u00cele-de-France,\n\u2013 Madame  Hakima  BENALI,  inspectrice,  cheffe  par  interim  de  la  formation\nprofessionnelle de la direction interr\u00e9gionale d'\u00cele-de-France,\n\u2013 Madame Karine  MOREAU, inspectrice principale de  1\u00e8re  classe,  cheffe  du\nservice national des r\u00e9glementations particuli\u00e8res \u00e0 Boissy-Saint-L\u00e9ger,\n\u2013 Monsieur St\u00e9phane DORSEUIL, inspecteur r\u00e9gional de 3\u00e9me classe, chef du\np\u00f4le fiscalit\u00e9 \u00e9nerg\u00e9tique et environnementale et de l'aide S\u00e9curit\u00e9 Tabac au\nSNRP de Boissy-Saint-L\u00e9ger,\n\u2013 Madame  Ghislaine  BORENSTEIN,  inspectrice,  cheffe  du  p\u00f4le  Fonds  de\ntransformation  des  Buralistes  du  service  national  des  r\u00e9glementations\nparticuli\u00e8res \u00e0 Boissy-Saint-L\u00e9ger,\nDirection interr\u00e9gionale des douanes d'Ile-de-France - IDF-2025-05-05-00003 - Arr\u00eat\u00e9 portant subd\u00e9l\u00e9gation de la signature du\ndirecteur interr\u00e9gional des douanes d'\u00cele-de-France en mati\u00e8re d'ordonnancement secondaire 6\n\u2013 Monsieur Didier CALIZZANO, inspecteur principal de 1ere classe, adjoint \u00e0 la\ncheffe du PLI, responsable du service informatique, \n\u2013 Madame  Corinne  MAKHLOUFI,  inspectrice  r\u00e9gionale  de  2eme  classe  \u00e0  la\ncellule coordination du PLI de la direction interr\u00e9gionale d'\u00cele de France,\n\u2013 Madame St\u00e9phanie BRAVARD-COYRAS, inspectrice r\u00e9gionale de 2\u00e8me classe\nau service gestion des ressources humaines de la direction interr\u00e9gionale d'\u00cele-\nde-France,\n\u2013 Monsieur David FERRENBACH, inspecteur, chef du d\u00e9partement \u00ab sp\u00e9cialis\u00e9 \u00bb\nde la direction interr\u00e9gionale d'\u00cele-de-France,\n\u2013 Madame Val\u00e9rie AH-SOUNE, inspectrice r\u00e9gionale de 2eme classe au service\ngestion des ressources humaines de la direction interr\u00e9gionale d'\u00cele-de-France,\n\u2013 Madame Laurianne SENECHAL, inspectrice au service gestion des ressources\nhumaines de la direction interr\u00e9gionale d'\u00cele-de-France,\n\u2013 Madame Isabelle MERCADIER, contr\u00f4leuse principale, cheffe du d\u00e9partement\nde la gestion du temps et des absences de la direction interr\u00e9gionale d'\u00cele-de-\nFrance,\n\u2013 Monsieur  Phillipe  MERAND,  inspecteur  chef  du  d\u00e9partement  gestion  des\ntransports et des d\u00e9placements de la direction interr\u00e9gionale d'\u00cele de France,\n\u2013 Madame  Claudia  DANIEL,  contr\u00f4leuse  de  2\u00e8me   classe  au  d\u00e9partement\ngestion du temps et d\u00e9placement de la direction interr\u00e9gionale d'\u00cele de France,\n\u2013 Monsieur  Sarkis  KOUMROUYAN,  contr\u00f4leur  principal,  chef  du  service\ntechnique automobile de la direction interr\u00e9gionale d'\u00cele-de-France,\n\u2013 Monsieur  Didier  SILPA,  attach\u00e9  d'administration,  chef  de  la  section\nBudget/Achat - Pilotage dialogue budg\u00e9taire de la direction interr\u00e9gionale des\ndouanes d'\u00cele-de-France,\n\u2013 Madame Camille THIBAULT, inspectrice, cheffe de la section March\u00e9s publics\net contrats.\n\u2013 Monsieur  Viktor  NOVEL-CATTIN,  inspecteur,  section  March\u00e9s  publics  et\ncontrats.\n\u2013 Madame Marilyne  MERIAUX,  contr\u00f4leuse  de  2  eme   classe  au  sein  de la\nsection  Budget/Achat  \u2013  Pilotage  dialogue  budg\u00e9taire  de  la  direction\ninterr\u00e9gionale d'\u00cele-de-France,\n\u2013 Madame Olivia CARUGE, contr\u00f4leuse de 2 eme  classe au sein de la section\nBudget/Achat \u2013 Pilotage dialogue budg\u00e9taire de la direction interr\u00e9gionale d'\u00cele-\nde-France,\nDirection interr\u00e9gionale des douanes d'Ile-de-France - IDF-2025-05-05-00003 - Arr\u00eat\u00e9 portant subd\u00e9l\u00e9gation de la signature du\ndirecteur interr\u00e9gional des douanes d'\u00cele-de-France en mati\u00e8re d'ordonnancement secondaire 7\n\u2013 Madame Val\u00e9rie VALLADE, agente de constatation principale de 1\u00e8re classe au\nsein de la section Budget/Achat \u2013 Pilotage dialogue budg\u00e9taire de la direction\ninterr\u00e9gionale d'\u00cele-de-France,\n\u2013 Monsieur Eric HAMYS, contr\u00f4leur principal au sein de la section Budget/Achat\n\u2013 Pilotage dialogue budg\u00e9taire de la direction interr\u00e9gionale d'\u00cele-de-France,\n\u2013 Monsieur Jean-Fran\u00e7ois MAQUIN, inspecteur, responsable du parc automobile\nau Pole logistique et informatique de la direction interr\u00e9gionale d'Ile de France,\n\u00e0  l'effet  de  signer  au  nom  du  pr\u00e9fet  de  la  r\u00e9gion  d'\u00cele-de-France,  les  actes\nd'ordonnancement secondaire de la direction interr\u00e9gionale des douanes d'\u00cele-de-France,\nd\u00e9penses et recettes de l'\u00c9tat vis\u00e9s aux articles 2 et 3 de l'arr\u00eat\u00e9 susvis\u00e9 et sous les\nr\u00e9serves mentionn\u00e9es \u00e0 l'article 5 dudit arr\u00eat\u00e9.\nArticle 3\nPour  les subventions  tabac,  re\u00e7oivent  subd\u00e9l\u00e9gation  de  la  signature de  Monsieur  Gil\nLORENZO :\n\u2013 les agents repris \u00e0 l'article 1er dudit arr\u00eat\u00e9, sans limitation de montant,\n\u2013 Madame  Karine  MOREAU  inspectrice  principale  de  1\u00e8re  classe,  cheffe  du\nservice national des r\u00e9glementations particuli\u00e8res \u00e0 Boissy-Saint-L\u00e9ger dans la\nlimite de 33 000 euros.\n\u2013 Monsieur St\u00e9phane DORSEUIL, inspecteur r\u00e9gional de 3eme classe, chef du\npole aide s\u00e9curit\u00e9 Tabac dans la limite de 10 000 euros.\n\u2013 Madame  Ghislaine  BORENSTEIN,  inspectrice,  cheffe  du  p\u00f4le  Fonds  de\ntransformation  des  Buralistes  du  service  national  des  r\u00e9glementations\nparticuli\u00e8res \u00e0 Boissy-Saint-L\u00e9ger dans la limite de 33 000\u20ac.\nArticle 4\nEn  cas  d'absence  ou  d'emp\u00eachement  de  Monsieur  Gil  LORENZO,  subd\u00e9l\u00e9gation  de\nsignature est donn\u00e9e \u00e0 Madame Pascale AUGUSTIN-LOISONS administratrice, adjointe\nau directeur interr\u00e9gional des douanes d'\u00cele-de-France et \u00e0 Monsieur Olivier GOURDON,\ndirecteur des services douaniers de 1\u00e8re classe, chef du p\u00f4le gestion des ressources\nhumaines  de  la  direction  interr\u00e9gionale  d'\u00cele-de-France  \u00e0  l'effet  de  signer  les  arr\u00eat\u00e9s\nrelatifs \u00e0 la composition et au mode de fonctionnement des jurys de concours.\nDirection interr\u00e9gionale des douanes d'Ile-de-France - IDF-2025-05-05-00003 - Arr\u00eat\u00e9 portant subd\u00e9l\u00e9gation de la signature du\ndirecteur interr\u00e9gional des douanes d'\u00cele-de-France en mati\u00e8re d'ordonnancement secondaire 8\nArticle 5\nEn  cas  d'absence  ou  d'emp\u00eachement  de  Monsieur  Gil  LORENZO,  subd\u00e9l\u00e9gation  de\nsignature est donn\u00e9e \u00e0 Madame Pascale AUGUSTIN-LOISONS, administratrice, adjointe\nau directeur interr\u00e9gional des douanes d'\u00cele-de-France, \u00e0 l'effet de signer toutes les pi\u00e8ces\nrelatives \u00e0 la passation et \u00e0 l'ex\u00e9cution des accords-cadres et des march\u00e9s publics pass\u00e9s\ndans le cadre des programmes vis\u00e9s aux articles 2 et 3 de l'arr\u00eat\u00e9 n\u00b0 IDF 2024-03-19-\n00007 du 19 mars 2024\nArticle 6\nEn  cas  d'absence  ou  emp\u00eachement  de  Monsieur  Gil  LORENZO,  subd\u00e9l\u00e9gation  de\nsignature est donn\u00e9e \u00e0 Madame Pascale AUGUSTIN-LOISONS, administratrice adjointe\nau  directeur  interr\u00e9gional  des  douanes  d'\u00cele-de-France,  \u00e0  Monsieur  Jean-Marc\nBORTOLUSSI,  administrateur  sup\u00e9rieur  directeur  r\u00e9gional  des  douanes  de  Paris,  \u00e0\nMonsieur Joseph VENZAL, administrateur sup\u00e9rieur, directeur r\u00e9gional des douanes de\nParis-Ouest, \u00e0 Monsieur Nicolas MONNIER, administrateur sup\u00e9rieur, directeur r\u00e9gional\ndes douanes de Paris-Est pour proc\u00e9der \u00e0 l'ordonnancement secondaire des recettes et\ndes d\u00e9penses de l'\u00c9tat concernant le programme 218 \u00ab conduite et pilotage des politiques\n\u00e9conomiques et financi\u00e8res \u00bb.\nArticle 7\nL'arr\u00eat\u00e9 n\u00b0 IDF-2025-04-11-00001 publi\u00e9 au RAA le 11 avril 2025 portant subd\u00e9l\u00e9gation de\nsignature du directeur interr\u00e9gional en mati\u00e8re d'ordonnancement secondaire est abrog\u00e9. \nArticle 8\nLe directeur interr\u00e9gional des douanes d'\u00cele-de-France et les personnes mentionn\u00e9es aux\narticles 1 et 2 sont charg\u00e9s, chacun en ce qui le concerne, de l'ex\u00e9cution du pr\u00e9sent arr\u00eat\u00e9\nqui sera publi\u00e9 au recueil des actes administratifs de la pr\u00e9fecture de la r\u00e9gion d'\u00cele-de-\nFrance.\nFait \u00e0 Paris, le 5 mai 2025\nPour le pr\u00e9fet et par d\u00e9l\u00e9gation\nLe directeur interr\u00e9gional des douanes \nd'\u00cele-de-France              \nSign\u00e9 \nGil LORENZO\nDirection interr\u00e9gionale des douanes d'Ile-de-France - IDF-2025-05-05-00003 - Arr\u00eat\u00e9 portant subd\u00e9l\u00e9gation de la signature du\ndirecteur interr\u00e9gional des douanes d'\u00cele-de-France en mati\u00e8re d'ordonnancement secondaire 9\nDirection r\u00e9gionale et interd\u00e9partementale de\nl'environnement, de l'am\u00e9nagement et des\ntransports d'\u00cele-de-France\nIDF-2025-05-02-00011\nD\u00e9cision DRIEAT-IDF n\u00b0 2025-0393 du 2 mai 2025\nportant subd\u00e9l\u00e9gation de signature en mati\u00e8re\nadministrative pour le compte du pr\u00e9fet de la\nr\u00e9gion d'\u00cele-de-France\nDirection r\u00e9gionale et interd\u00e9partementale de l'environnement, de l'am\u00e9nagement et des transports d'\u00cele-de-France -\nIDF-2025-05-02-00011 - D\u00e9cision DRIEAT-IDF n\u00b0 2025-0393 du 2 mai 2025 portant subd\u00e9l\u00e9gation de signature en mati\u00e8re\nadministrative pour le compte du pr\u00e9fet de la r\u00e9gion d'\u00cele-de-France\n10\nEPR\u00c9FET _DE LA R\u00c9GIOND'\u00ceLE-DE-FRANCELibert\u00e9Egalit\u00e9Fraternit\u00e9\n \n \nDRIEAT \n27-29 rue Leblanc \u2013 CS 57  246 \u2013 75  732 Paris CEDEX 15 \nT\u00e9l : +33 (0)1 40 61 80 80 \nwww.drieat.ile-de-france.developpement-durable.gouv.fr  1 \n \nDirection r\u00e9gionale et interd\u00e9partementale \nde l'environnement, de l'am\u00e9nagement \net des transports d'\u00cele-de-France \n \n \n \nD\u00e9cision DRIEAT-IDF n\u00b0 2025-0393 \nportant subd\u00e9l\u00e9gation de signature en mati\u00e8re administrative  \npour le compte du pr\u00e9fet de la r\u00e9gion d'\u00cele-de-France \n \n \nLa directrice r\u00e9gionale et interd\u00e9partementale de l'environnement, de l'am\u00e9nagement et des transports \nd'\u00cele-de-France, \n \nVu la loi n\u00b0 82-213 du 2 mars 1982 relative aux droits et libert\u00e9s des communes, des d\u00e9partements et des \nr\u00e9gions ; \n \nVu la loi d'orientation n\u00b0 92-125 du 6 f\u00e9vrier 1992 relative \u00e0 l'administration territoriale de la R\u00e9publique ; \n \nVu le d\u00e9cret n\u00b0 2004-374 du 29 avril 2004 relatif aux pouvoirs des pr\u00e9fets, \u00e0 l'organisation et \u00e0 l'ac tion \ndes services de l'\u00c9tat dans les r\u00e9gions et d\u00e9partements ; \n \nVu le d\u00e9cret n\u00b0 2005-636 du 30 mai 2005 relatif \u00e0 l'organisation de l'administration dans le domaine de \nl'eau et aux missions du pr\u00e9fet coordonnateur de bassin ; \n \nVu le d\u00e9cret n\u00b0 2006-304 du 16 mars 2006 portant cr \u00e9ation et organisation des directions \ninterd\u00e9partementales des routes ; \n \nVu le d\u00e9cret n\u00b0 2010-687 du 24 juin 2010 modifi\u00e9 relatif \u00e0 l'organisation et aux missions des services  de \nl'\u00c9tat dans la r\u00e9gion et les d\u00e9partements d'\u00cele-de-France ; \n \nVu le d\u00e9cret n\u00b0 2013-1041 du 20 novembre 2013 modifi\u00e9 autorisant le ministre charg\u00e9 du d\u00e9veloppement \ndurable \u00e0 d\u00e9l\u00e9guer certains de ses pouvoirs de recr utement et de gestion d'agents plac\u00e9s sous son \nautorit\u00e9 ; \n \nVu le d\u00e9cret n\u00b0 2015-510 du 7 mai 2015 portant charte de la d\u00e9concentration ; \n \nVu le d\u00e9cret du 22 juillet 2020 portant nomination du pr\u00e9fet de la r\u00e9gion d'\u00cele-de-France, pr\u00e9fet de Paris \n(hors classe) - M. GUILLAUME (Marc) ; \n \nVu l'arr\u00eat\u00e9 interminist\u00e9riel du 26 mai 2006 portant constitution des directions interd\u00e9partementales des \nroutes ; \n \nVu l'arr\u00eat\u00e9 du 29 d\u00e9cembre 2016 portant d\u00e9concentration des actes relatifs \u00e0 la situation individuelle  \ndes agents publics exer\u00e7ant leurs fonctions dans les services d\u00e9concentr\u00e9s des administrations civiles de \nl'\u00c9tat au sens de l'article 15 du d\u00e9cret n\u00b0 2004-374 du 29 avril 2004 modifi\u00e9 ; \n \nDirection r\u00e9gionale et interd\u00e9partementale de l'environnement, de l'am\u00e9nagement et des transports d'\u00cele-de-France -\nIDF-2025-05-02-00011 - D\u00e9cision DRIEAT-IDF n\u00b0 2025-0393 du 2 mai 2025 portant subd\u00e9l\u00e9gation de signature en mati\u00e8re\nadministrative pour le compte du pr\u00e9fet de la r\u00e9gion d'\u00cele-de-France\n11\n \n \nDRIEAT \n27-29 rue Leblanc \u2013 CS 57  246 \u2013 75  732 Paris CEDEX 15 \nT\u00e9l : +33 (0)1 40 61 80 80 \nwww.drieat.ile-de-france.developpement-durable.gouv.fr  2 \nVu l'arr\u00eat\u00e9 du 26 d\u00e9cembre 2019 portant d\u00e9l\u00e9gation de pouvoirs du ministre charg\u00e9 du d\u00e9veloppement \ndurable en mati\u00e8re de gestion des membres du corps des adjoints administratifs des administrations de \nl'\u00c9tat ; \n \nVu l'arr\u00eat\u00e9 du pr\u00e9fet de la r\u00e9gion d'\u00cele-de-France, pr\u00e9fet de Paris n\u00b0 IDF-02-07-00001 du 7 f\u00e9vrier 20 25 \nportant organisation de la direction r\u00e9gionale et i nterd\u00e9partementale de l'environnement, de \nl'am\u00e9nagement et des transports d'\u00cele-de-France ; \n \nVu la d\u00e9cision DRIEAT-IDF n\u00b0 2025-0051 du 25 f\u00e9vrier 2025 portant organisation de la direction r\u00e9gionale \net interd\u00e9partementale de l'environnement, de l'am\u00e9nagement et des transports d'\u00cele-de-France ; \n \nVu l'arr\u00eat\u00e9 interminist\u00e9riel du 8 juillet 2022 port ant nomination d'une directrice r\u00e9gionale et \ninterd\u00e9partementale de l'environnement, de l'am\u00e9nag ement et des transports de la r\u00e9gion \u00cele-de-\nFrance ; \n \nVu l'arr\u00eat\u00e9 n\u00b0 IDF-2022-07-19-00005 du 19 juillet 2022 du pr\u00e9fet de la r\u00e9gion \u00cele-de-France, pr\u00e9fet de Paris, \nportant d\u00e9l\u00e9gation de signature \u00e0 Mme Emmanuelle GA Y, directrice r\u00e9gionale et interd\u00e9partementale \nde l'environnement, de l'am\u00e9nagement et des transports d'\u00cele-de-France, en mati\u00e8re administrative ; \n \nSur proposition de l'adjoint \u00e0 la directrice r\u00e9gion ale et interd\u00e9partementale de l'environnement, de \nl'am\u00e9nagement et des transports d'\u00cele-de-France, charg\u00e9 du pilotage, \n \nD\u00e9cide : \nArticle 1 \ner  \n \nI. - Subd\u00e9l\u00e9gation de signature est accord\u00e9e \u00e0 M. Laure nt PAILLARD, directeur r\u00e9gional et \ninterd\u00e9partemental adjoint, charg\u00e9 des ressources h umaines et de la gestion des moyens, Mme Val\u00e9rie \nBELROSE, directrice r\u00e9gionale et interd\u00e9partemental e adjointe charg\u00e9e de l'eau et du d\u00e9veloppement \ndurable, M. Jacques SALHI, directeur r\u00e9gional et in terd\u00e9partemental adjoint directeur des routes d'\u00cele -\nde-France, M. Jean-Marc PICARD, directeur r\u00e9gional et interd\u00e9partemental adjoint, charg\u00e9 de l'\u00e9nergie,  \ndes risques et de la nature, M. Paul WEICK, directe ur r\u00e9gional et interd\u00e9partemental adjoint charg\u00e9 de  \nla s\u00e9curit\u00e9 des transports et des missions de d\u00e9fen se et de s\u00e9curit\u00e9, M. Herv\u00e9 SCHMITT, directeur \nr\u00e9gional et interd\u00e9partemental adjoint charg\u00e9 de l'am\u00e9nagement durable et des transports et M. Pascal \nH\u00c9RITIER, adjoint de la directrice, charg\u00e9 du pilotage, pour les mati\u00e8res relevant des articles 4 \u00e0 22.  \n \nII. - En cas d'emp\u00eachement ou d'absence de Mme Emmanuelle  GAY, subd\u00e9l\u00e9gation de signature est \naccord\u00e9e \u00e0 M. Laurent PAILLARD, directeur r\u00e9gional et interd\u00e9partemental adjoint, charg\u00e9 des \nressources humaines et de la gestion des moyens, Mm e Val\u00e9rie BELROSE, directrice r\u00e9gionale et \ninterd\u00e9partementale adjointe charg\u00e9e de l'eau et du  d\u00e9veloppement durable, M. Jacques SALHI, \ndirecteur r\u00e9gional et interd\u00e9partemental adjoint di recteur des routes d'\u00cele-de-France, M. Jean-Marc \nPICARD, directeur r\u00e9gional et interd\u00e9partemental adjoint charg\u00e9 de l'\u00e9nergie, des risques et de la nature, \nM. Paul WEICK, directeur r\u00e9gional et interd\u00e9partemental adjoint charg\u00e9 de la s\u00e9curit\u00e9 des transports et \ndes missions de d\u00e9fense et de s\u00e9curit\u00e9 et M. Herv\u00e9 SCHMITT, directeur r\u00e9gional et interd\u00e9partemental \nadjoint charg\u00e9 de l'am\u00e9nagement durable et des tran sports, pour signer les arr\u00eat\u00e9s, d\u00e9cisions et pi\u00e8ce s \nrelevant des attributions de la direction.  \n \n  \nDirection r\u00e9gionale et interd\u00e9partementale de l'environnement, de l'am\u00e9nagement et des transports d'\u00cele-de-France -\nIDF-2025-05-02-00011 - D\u00e9cision DRIEAT-IDF n\u00b0 2025-0393 du 2 mai 2025 portant subd\u00e9l\u00e9gation de signature en mati\u00e8re\nadministrative pour le compte du pr\u00e9fet de la r\u00e9gion d'\u00cele-de-France\n12\n \n \nDRIEAT \n27-29 rue Leblanc \u2013 CS 57  246 \u2013 75  732 Paris CEDEX 15 \nT\u00e9l : +33 (0)1 40 61 80 80 \nwww.drieat.ile-de-france.developpement-durable.gouv.fr  3 \nArticle 2 \n \nI. - Pour le cabinet de la direction, subd\u00e9l\u00e9gation de s ignature est accord\u00e9e, dans la limite de ses \nattributions, \u00e0 Mme Agathe BALTZER, directrice de cabinet, pour le fonctionnement du cabinet. \n \nII. - Pour la mission s\u00e9curit\u00e9-d\u00e9fense, subd\u00e9l\u00e9gation de  signature est accord\u00e9e, dans la limite de leurs \nattributions respectives, \u00e0 M. Paul WEICK, directeur r\u00e9gional et interd\u00e9partemental adjoint charg\u00e9 de la \ns\u00e9curit\u00e9 des transports et des missions de d\u00e9fense et de s\u00e9curit\u00e9 et M. Silv\u00e8re RAYNAUD, chef de la \nmission s\u00e9curit\u00e9-d\u00e9fense. \n \nIII. - Pour le service communication, subd\u00e9l\u00e9gation de sig nature est accord\u00e9e, dans la limite de leurs \nattributions, \u00e0 : \n \n\u2022 Mme St\u00e9phanie CARVALHEIRO, directrice de la communication ;  \n\u2022 Madame Magali MAUGER, directrice adjointe de la communication ; \n\u2022 Mme H\u00e9l\u00e8ne LAMBERT, directrice de la communication d\u00e9l\u00e9gu\u00e9e, cheffe de la mission \ncommunication. \n \nArticle 3 \n \nI. - Pour la direction des routes d'\u00cele-de-France (DiRIF ), subd\u00e9l\u00e9gation de signature est accord\u00e9e \u00e0 M. \nJacques SALHI, directeur r\u00e9gional et interd\u00e9partemental adjoint, directeur des routes d'\u00cele-de-France, et, \ndans la limite de leurs attributions respectives, \u00e0 : \n \n\u2022 M. J\u00e9r\u00f4me ROQUES, directeur adjoint des routes d'\u00cele-de-France ; \n\u2022 Mme Sophie DUPAS, directrice adjointe exploitation et entretien ; \n\u2022 M. Jean-Baptiste MOTTE, secr\u00e9taire g\u00e9n\u00e9ral d\u00e9l\u00e9gu\u00e9 aupr\u00e8s de la DiRIF ; \n\u2022 M. R\u00e9my MENSIRE, chef du service de la modernisation du r\u00e9seau de la direction des routes d'\u00cele-de-\nFrance ; \n\u2022 Mme Emmanuelle PAGES, adjointe au chef du service d e la modernisation du r\u00e9seau de la direction \ndes routes d'\u00cele-de-France ; \n\u2022 M. David JUIN, chef du service de la gestion patrim oniale du r\u00e9seau de la direction des routes d'\u00cele-\nde-France ; \n\u2022 M. Claude STREITH, adjoint au chef du service de la  gestion patrimoniale du r\u00e9seau de la direction \ndes routes d'\u00cele-de-France ; \n\u2022 M. Pierre-Baptiste DELPUECH, chef du service du trafic et des tunnels ; \n\u2022 M. Jonathan COL\u00c9, adjoint au chef du service du trafic et des tunnels ; \n\u2022 Monsieur Jean-Fran\u00e7ois TARISTAS, chef de la mission  de la politique et des moyens de l'exploitation \nde la direction des routes d'\u00cele-de-France. \n \nII. - Pour le service de la modernisation du r\u00e9seau, sub d\u00e9l\u00e9gation de signature est \u00e9galement accord\u00e9e, \ndans la limite de leurs attributions respectives, \u00e0 : \n \n\u2022 M. Guillaume BENNET, chef du d\u00e9partement de la modernisation du r\u00e9seau Sud-Ouest et son adjoint \nM. R\u00e9gis BOST ; \n\u2022 M. \u00c9ric VILBE, chef du d\u00e9partement de la modernisation du r\u00e9seau Est, et son adjointe, Mme Florence \nDERUMIGNY ;  \n\u2022 M. Antoine CHEVALIER, chef du d\u00e9partement de la modernisation du r\u00e9seau Nord, et son adjoint, M. \nLudovic MARIA ; \nDirection r\u00e9gionale et interd\u00e9partementale de l'environnement, de l'am\u00e9nagement et des transports d'\u00cele-de-France -\nIDF-2025-05-02-00011 - D\u00e9cision DRIEAT-IDF n\u00b0 2025-0393 du 2 mai 2025 portant subd\u00e9l\u00e9gation de signature en mati\u00e8re\nadministrative pour le compte du pr\u00e9fet de la r\u00e9gion d'\u00cele-de-France\n13\n \n \nDRIEAT \n27-29 rue Leblanc \u2013 CS 57  246 \u2013 75  732 Paris CEDEX 15 \nT\u00e9l : +33 (0)1 40 61 80 80 \nwww.drieat.ile-de-france.developpement-durable.gouv.fr  4 \n\u2022 M. Christophe DESNOUAILLES, chef du d\u00e9partement des \u00e9tudes g\u00e9n\u00e9rales et des voies r\u00e9serv\u00e9es ; \n\u2022 Mme Micheline LEHOUX, cheffe du bureau des affaires  fonci\u00e8res, et son adjoint, M. Salman \nBENKHEIRA ; \n\u2022 Mme Marie BUISSON, cheffe du bureau programmation, gestion et ordonnancement ; \n \nIII. - Pour le service de la gestion patrimoniale du r\u00e9seau, subd\u00e9l\u00e9gation de signature est accord\u00e9e, dans \nla limite de leurs attributions respectives, \u00e0 : \n \n\u2022 M. Guillaume DAMIEN, chef du d\u00e9partement ouvrages d 'art et ses adjoints M. Fernando DIAS, chef \nde l'unit\u00e9 technique ouvrages d'art et M. Victor MA RTINET, chef de l'unit\u00e9 gestion centralis\u00e9e \nouvrages d'art ; \n\u2022 M. St\u00e9phane BIANCOTTO (\u00e0 compter du 1 \ner  juin 2025), adjoint au chef de l'unit\u00e9 gestion \ncentralis\u00e9e ouvrages d'art  \n\u2022 M. Lionel BARASCUD, chef du P\u00f4le Sud-Ouest de l'unit\u00e9 gestion centralis\u00e9e ouvrages d'art et son \nadjoint, M. Olivier SIGAULT ; \n\u2022 Mme Marie BUSSAC, cheffe du P\u00f4le Nord-Est de l'unit\u00e9 gestion centralis\u00e9e ouvrages d'art ; \n\u2022 M. Sylvain G\u00c9RARD, chef du d\u00e9partement des techniqu es de la route et de son adjointe, Mme \nDalila AIT ALI (\u00e0 compter du 1 er  juin 2025) ; \n\u2022 M. Dominique LE DUFF, chef de l'unit\u00e9 \u00e9quipement du d\u00e9partement des techniques de la route ; \n\u2022 M. Patrick VINCENT, adjoint au chef de l'unit\u00e9 Eau Environnement ; \n\u2022 M. Jean-No\u00ebl IVRY, adjoint au chef de l'unit\u00e9 Chauss\u00e9e Terrassement ; \n\u2022 M. Laurent PROVOST, adjoint au chef de l'unit\u00e9 Am\u00e9nagements routiers ; \n\u2022 Mme \u00c9lise CAMPAIGNOLLE, cheffe de la mission D\u00e9velo ppement Durable et D\u00e9pendances \nVertes ;  \n\u2022 Mme Mich\u00e8le MARLIERE, cheffe du d\u00e9partement politiq ue et programmation routi\u00e8res et son \nadjointe Mme Laura SAPATEIRO ; \n\u2022 M. Valentin PRATESI, chef de l'unit\u00e9 g\u00e9omatique du patrimoine routier ; \n\u2022 Mme Vanessa FERREZ, cheffe de l'unit\u00e9 gestion budg\u00e9 taire et administrative, et son adjointe \nMme Gwena\u00eblle COSMAO ; \n\u2022 M. Xavier POTIER, chef de l'unit\u00e9 programmation, Po litiques techniques et Qualit\u00e9 et son \nadjointe, Sophie MOZER ; \n\u2022 M. Abdellah BENADJEMIA, chef de l'unit\u00e9 Connaissance du patrimoine routier ; \n\u2022 M. Patrice LEVEQUE, adjoint \u00e0 la cheffe de l'unit\u00e9 S\u00e9curit\u00e9 de l'infrastructure. \n\u2022  \nIV. - Pour le service du trafic et des tunnels, subd\u00e9l\u00e9g ation de signature est accord\u00e9e, dans la limite de \nleurs attributions respectives, \u00e0 : \n \n\u2022 M. Jonathan COL\u00c9, adjoint au chef du service du trafic et des tunnels ; \n\u2022 M. Cl\u00e9ment MORIN, chef du d\u00e9partement de l'ing\u00e9nierie et de la modernisation des \u00e9quipements et \ndes tunnels ; \n\u2022 M. Wahbi YAKOUBI, adjoint au chef du d\u00e9partement de  l'ing\u00e9nierie et de la modernisation des \n\u00e9quipements et des tunnels ; \n\u2022 Mme S\u00e9verine CARPENTIER, cheffe du d\u00e9partement de l'exploitation du trafic et des tunnels (DETT) ; \n\u2022 M. Olivier NALIN, adjoint au chef du d\u00e9partement de l'exploitation du trafic et des tunnels ; \n\u2022 M. Quentin LABRUE, adjoint au chef du d\u00e9partement de l'exploitation du trafic et des tunnels ; \n\u2022 M. Alexandre ROSSI, chef de l'unit\u00e9 observatoire et  ing\u00e9nierie du trafic, et son adjoint M. Marc \nRIVIERE ; \nDirection r\u00e9gionale et interd\u00e9partementale de l'environnement, de l'am\u00e9nagement et des transports d'\u00cele-de-France -\nIDF-2025-05-02-00011 - D\u00e9cision DRIEAT-IDF n\u00b0 2025-0393 du 2 mai 2025 portant subd\u00e9l\u00e9gation de signature en mati\u00e8re\nadministrative pour le compte du pr\u00e9fet de la r\u00e9gion d'\u00cele-de-France\n14\n \n \nDRIEAT \n27-29 rue Leblanc \u2013 CS 57  246 \u2013 75  732 Paris CEDEX 15 \nT\u00e9l : +33 (0)1 40 61 80 80 \nwww.drieat.ile-de-france.developpement-durable.gouv.fr  5 \n\u2022 M. Nicolas BERNARD, chef de l'unit\u00e9 coordination du  trafic et information routi\u00e8re, et ses adjoints, \nM. Marc KOENIG, chef du centre coordination trafic, et M. David THOMACHOT, chef du p\u00f4le gestion \nde crises routi\u00e8res et chantiers ; \n\u2022 M. Arnaud IFFLY, chef de l'unit\u00e9 politique de maint enance et modernisation et son adjointe, Mme \nJeanne BATA ; M. Antoine PERRAIS, chef de l'unit\u00e9 i nformatique et r\u00e9seaux centraux, et son adjoint, \nM. David QUINTANS ; M. Hassan BELKACEM, responsable  du poste de contr\u00f4le trafic et tunnels \n(PCTT) Nord, et son adjoint M. Philippe THULLIER, en charge de l'exploitation ; \n\u2022 Mme Aude COVIN, cheffe du poste de contr\u00f4le trafic et tunnels (PCTT) Ouest, et ses adjoints, M. \nJean-Bernard GAUQUELIN, en charge de l'exploitation , et M. C\u00e9dric LALLEMANT, en charge de la \nmaintenance, ainsi que ses chefs de p\u00f4le, M. Fr\u00e9d\u00e9ric MILICEVIC, charg\u00e9 de p\u00f4le de maintenance de \nNanterre et Mme Samantha MIOTTI, charg\u00e9 de p\u00f4le de maintenance de Boulogne  \n\u2022 Mme Morgane ALATORRE, cheffe du poste de contr\u00f4le trafic et tunnels Sud, et ses adjoints M. Robert \nTOUATI, en charge de l'exploitation, et M. Julien PROUST, en charge de la maintenance ; \n\u2022 M. J\u00e9r\u00f4me RODRIGUEZ, chef du poste de contr\u00f4le traf ic et tunnels Est, et ses adjoints, M. Laurent \nMOUSSEUX, en charge de l'exploitation, et M. Jean-Pierre SULLY, en charge de la maintenance ; \n \nV. - Pour l'arrondissement de gestion et d'exploitation Ouest, subd\u00e9l\u00e9gation de signature est accord\u00e9e, \ndans la limite de leurs attributions respectives, \u00e0 : \n \n\u2022 M. Michel PERREL, responsable de l'arrondissement de gestion et d'exploitation de la route Ouest, et \nson adjointe Mme Julie COHEN-SOLAL ; \n\u2022 Mme Audrey MERCHEZ ; cheffe du bureau de gestion administrative et de la route (BGAR) ; \n\u2022 Mme Pauline MATHEVET, responsable de l'unit\u00e9 d'exploitation de la route de Jouy-en-Josas ; \n\u2022 M. Jonathan PROD'HOMME, adjoint au chef de l'unit\u00e9 d'exploitation de la route de Jouy-en-Josas ; \n\u2022 Mme M\u00e9lanie LIMIER, responsable de l'UER de Nanterr e-Boulogne et son adjointe, Mme Catherine \nCHAUVET ; \n \nVI. - Pour l'arrondissement de gestion et d'exploitation  Est, subd\u00e9l\u00e9gation de signature est accord\u00e9e, \ndans la limite de leurs attributions respectives, \u00e0 : \n \n\u2022 M. Fr\u00e9d\u00e9ric ESNAULT, chef de l'arrondissement de ge stion et d'exploitation de la route Est et son \nadjoint M. Anthony MITRANO ; \n\u2022 M. Claude GRUMELART, chef du bureau de gestion administrative et de la route (BGAR) ; \n\u2022 Mme Val\u00e9rie DITTE, cheffe de l'unit\u00e9 d'exploitation de la route de Brie-Comte-Robert et son adjoint, \nM. Patrice DEGLA ; \n\u2022 M. Ludovic CADET, chef de l'unit\u00e9 d'exploitation de la route de Champigny et son adjoint, M. Florent \nGRANDJEAN ; \n\u2022  \nVII. - Pour l'arrondissement de gestion et d'exploitation Sud, subd\u00e9l\u00e9gation est accord\u00e9e, dans la limite \nde leurs attributions respectives, \u00e0 : \n \n\u2022 M. Bastien SALESSE, chef de l'arrondissement de ges tion et d'exploitation de la route Sud et son \nadjoint M. Moustapha SAVANE ; \n\u2022 M. Christian LABILLE, chef du bureau de gestion administrative et de la route ; \n\u2022 Mme Lucienne LIBER, adjointe au chef de l'unit\u00e9 d'exploitation de la route de Chevilly-Larue ; \n\u2022 M. Fr\u00e9d\u00e9ric BERTRAND, chef de l'unit\u00e9 d'exploitatio n de la route d'Orsay-Villab\u00e9 et son adjoint, M. \nDenis PRUDHOMME ; \n \nDirection r\u00e9gionale et interd\u00e9partementale de l'environnement, de l'am\u00e9nagement et des transports d'\u00cele-de-France -\nIDF-2025-05-02-00011 - D\u00e9cision DRIEAT-IDF n\u00b0 2025-0393 du 2 mai 2025 portant subd\u00e9l\u00e9gation de signature en mati\u00e8re\nadministrative pour le compte du pr\u00e9fet de la r\u00e9gion d'\u00cele-de-France\n15\n \n \nDRIEAT \n27-29 rue Leblanc \u2013 CS 57  246 \u2013 75  732 Paris CEDEX 15 \nT\u00e9l : +33 (0)1 40 61 80 80 \nwww.drieat.ile-de-france.developpement-durable.gouv.fr  6 \nVIII. - Pour l'arrondissement de gestion et d'exploitation Nord, subd\u00e9l\u00e9gation est accord\u00e9e, dans la limite \nde leurs attributions respectives, \u00e0 : \n \n\u2022 M. Olivier ROUQUETTE, chef de l'arrondissement de g estion et d'exploitation de la route Nord \u00e0 \ncompter du 1 \ner  mai 2025 et son adjointe, Mme Elsa ALEXANDRE ; \n\u2022 M. Juan-Manuel MARTIN, chef du bureau de gestion administrative et de la route (BGAR) ; \n\u2022 Mme Nadine AZOULAY, cheffe contentieux et administratif ; \n\u2022 M. Jean-Willem LALLEMAND, chef de l'unit\u00e9 d'exploit ation de la route de Saint-Denis, et son adjoint \nM. Maurice LABYLLE ; \n\u2022 Mme Nathalie POTAILLON, adjointe au chef de l'unit\u00e9 d'exploitation de la route d'Eragny-sur-Oise. \n \nArticle 4 \n \nI. - Pour le service s\u00e9curit\u00e9 des transports et des v\u00e9hi cules (SSTV), subd\u00e9l\u00e9gation de signature est \naccord\u00e9e, dans la limite de leurs attributions resp ectives, \u00e0 M. Paul WEICK, directeur r\u00e9gional et \ninterd\u00e9partemental adjoint charg\u00e9 de la s\u00e9curit\u00e9 des transports et des missions de d\u00e9fense et de s\u00e9curit\u00e9, \nchef du service s\u00e9curit\u00e9 des transports et des v\u00e9hicules et son adjointe Mme Odile S\u00c9GUIN. \n \nII.  - La subd\u00e9l\u00e9gation de signature mentionn\u00e9e au I. e st \u00e9galement accord\u00e9e, dans la limite de leurs \nattributions respectives, \u00e0 : \n \n\u2022 Mme Marion ESCARGUEIL-RAYNAUD, cheffe du d\u00e9partement s\u00e9curit\u00e9 des transports fluviaux ;  \n\u2022 Mme Justine GODARD, adjointe \u00e0 la cheffe du d\u00e9partement s\u00e9curit\u00e9 des transports fluviaux ; \n\u2022 Mme Sabrina LANDUREAU, cheffe de l'unit\u00e9 s\u00e9curit\u00e9 des bateaux ; \n\u2022 M. Adrien BLASQUEZ, chef de l'unit\u00e9 documents de bo rd et police de la navigation et son adjointe, \nMme Evangelia DELCHANIDIS ; \n\u2022 M. Ren\u00e9 ALBERTI, chef du d\u00e9partement s\u00e9curit\u00e9, \u00e9ducation et circulation routi\u00e8res ; \n\u2022 M. Jean-Fran\u00e7ois FRATINI, chef de l'unit\u00e9 s\u00e9curit\u00e9 et \u00e9ducation routi\u00e8res ; \n\u2022 M. Guillaume THUAULT, chef de l'unit\u00e9 circulation routi\u00e8re et son adjointe, Mme F\u00e9lie LESUR ; \n\u2022 M. Moussa BELOUASSAA, chef du d\u00e9partement r\u00e9gulation des transports routiers ;  \n\u2022 M. Ronan MEAR, adjoint au chef du d\u00e9partement r\u00e9gulation des transports routiers ; \n\u2022 Mme Sadia KHELIFI, cheffe de la division gestion ; \n\u2022 Mme C\u00e9cile OLIVO, adjointe \u00e0 la cheffe de la division gestion ; \n\u2022 Mme Laurence MURZEAU, cheffe de l'unit\u00e9 gestion des titres ;  \n\u2022 Mme Gina DUVALLON, charg\u00e9e de mission appui \u00e0 la gestion ; \n\u2022 M. Christophe DEPRUGNEY, chef de l'unit\u00e9 du registr e des voitures de transport avec chauffeur, \nadjoint \u00e0 la cheffe de l'unit\u00e9 gestion des titres ; \n\u2022 M. Hugues NOLLET, chef de la division contr\u00f4le ; \n\u2022 M. Yves SCHOEFFNER, chef du d\u00e9partement homologation et surveillance des v\u00e9hicules. \n \nArticle 5 \n \nI. - Pour le service am\u00e9nagement durable (SAD), subd\u00e9l\u00e9gation de signature est accord\u00e9e, dans la limite \nde leurs attributions respectives, \u00e0 Mme Muriel BEN SAID, cheffe du service am\u00e9nagement durable et \nson adjointe, Mme Ghislaine BORDES. \n \nII. - Subd\u00e9l\u00e9gation de signature est \u00e9galement accord\u00e9e, pour ce qui concerne les non-soumissions et \ndispenses d'agr\u00e9ment des locaux d'activit\u00e9s, \u00e0 :  \n\u2022 M. Vincent BRUGER, chef de la mission immobilier d'entreprise ;  \nDirection r\u00e9gionale et interd\u00e9partementale de l'environnement, de l'am\u00e9nagement et des transports d'\u00cele-de-France -\nIDF-2025-05-02-00011 - D\u00e9cision DRIEAT-IDF n\u00b0 2025-0393 du 2 mai 2025 portant subd\u00e9l\u00e9gation de signature en mati\u00e8re\nadministrative pour le compte du pr\u00e9fet de la r\u00e9gion d'\u00cele-de-France\n16\n \n \nDRIEAT \n27-29 rue Leblanc \u2013 CS 57  246 \u2013 75  732 Paris CEDEX 15 \nT\u00e9l : +33 (0)1 40 61 80 80 \nwww.drieat.ile-de-france.developpement-durable.gouv.fr  7 \n\u2022 Mme \u00c9milie TOUCHARD, adjointe au chef de la mission immobilier d'entreprise.  \n \nArticle 6 \n \nPour le service politique des transports (SPOT), subd\u00e9l\u00e9gation de signature est accord\u00e9e, dans la limi te \nde leurs attributions respectives, \u00e0 M. Christophe DENIAU, chef du service politique des transports et  \nses adjoints, M. Denis LAISNEY, chef du d\u00e9partement  transports urbains et M. Eliott VARON, chef du \nd\u00e9partement des mobilit\u00e9s et de la logistique. \n \nArticle 7 \n \nI. - Pour le service politiques et police de l'eau (SPP E), subd\u00e9l\u00e9gation de signature est accord\u00e9e, dans l a \nlimite de leurs attributions respectives, \u00e0 M. Thom as BOUYER, chef du service politiques et police de \nl'eau et ses adjointes, Mme Caroline LAVALLART et M me \u00c9milie BONNET-DERIVIERE, pour signer et \naccomplir les actes suivants, en qualit\u00e9 de d\u00e9l\u00e9gu\u00e9 du bassin Seine-Normandie : \n \n\uf0d8 Saisir et convoquer au nom du pr\u00e9fet de la r\u00e9gion d '\u00cele-de-France, pr\u00e9fet coordonnateur du bassin \nSeine-Normandie, le comit\u00e9 de gestion des poissons migrateurs du bassin Seine-Normandie ; \n\uf0d8 Signer, au nom du pr\u00e9fet de la r\u00e9gion d'\u00cele-de-Fran ce, pr\u00e9fet coordonnateur du bassin Seine-\nNormandie, tous les arr\u00eat\u00e9s et d\u00e9cisions concernant  le plan de gestion des poissons migrateurs du \nbassin Seine-Normandie et la fixation des limitatio ns de p\u00eache selon les modalit\u00e9s fix\u00e9es par ledit \nplan de gestion ; \n\uf0d8 Saisir le comit\u00e9 de bassin Seine-Normandie pour avi s sur les projets de p\u00e9rim\u00e8tres de sch\u00e9mas \nd'am\u00e9nagement et de gestion des eaux, les projets d e sch\u00e9mas d'am\u00e9nagement et de gestion des \neaux et les projets de d\u00e9limitation de zones vuln\u00e9rables \u00e0 la pollution par les nitrates ; \n\uf0d8 Repr\u00e9senter, en application de l'article R. 212-30 du code de l'environnement, le pr\u00e9fet \ncoordonnateur du bassin Seine Normandie dans les Commissions locales de l'eau des SAGE du bassin ; \n\uf0d8 Saisir, en application de l'article R. 566-11 du code de l'environnement, le comit\u00e9 de bassin pour avis \nsur les documents relatifs \u00e0 la mise en \u0153uvre de la Directive Inondation ; \n\uf0d8 Signer au nom du pr\u00e9fet de la r\u00e9gion \u00cele-de-France,  pr\u00e9fet coordinateur du bassin Seine-Normandie, \ntoutes les d\u00e9cisions d'habilitation des organismes pour la r\u00e9alisation des diagnostics sur site de \ndispositifs m\u00e9trologiques utilis\u00e9s pour le calcul des redevances pour pr\u00e9l\u00e8vement sur la ressource en \neau et pour pollution non domestique de l'eau per\u00e7ues par les agences de l'eau. \n \nII. - Subd\u00e9l\u00e9gation de signature est accord\u00e9e, dans la limite de leurs attributions respectives, \u00e0 : \n \n\u2022 M. Thomas BOUYER, chef du service politiques et police de l'eau ; \n\u2022 Mme Caroline LAVALLART, adjointe au chef du service  politiques et police de l'eau, cheffe de la \nmission strat\u00e9gie eau et planification ; \n\u2022 Mme \u00c9milie BONNET-DERIVIERE, adjointe au chef du service politiques et police de l'eau ; \n\u2022 Mme Evelyne GODEHEU, cheffe du d\u00e9partement instruct ion loi sur l'eau, et son adjointe, Mme \nGabri\u00e8le BENDAYAN ; \n\u2022 M. Maxime HAVIER, chef de l'unit\u00e9 Oise Seine Aval ; \n\u2022 M. T\u00e9o MORNAS, chef de l'unit\u00e9 Marne Seine Amont. \n \nPour signer, au titre de la Mission Interd\u00e9partemen tale Inter-services de l'eau et de la nature, tous les \nactes ou d\u00e9cisions li\u00e9s au fonctionnement et \u00e0 la m ise en \u0153uvre des actions de la Mission \nInterd\u00e9partementale Inter-services de l'eau et de la nature de Paris et de la proche couronne. \n \nDirection r\u00e9gionale et interd\u00e9partementale de l'environnement, de l'am\u00e9nagement et des transports d'\u00cele-de-France -\nIDF-2025-05-02-00011 - D\u00e9cision DRIEAT-IDF n\u00b0 2025-0393 du 2 mai 2025 portant subd\u00e9l\u00e9gation de signature en mati\u00e8re\nadministrative pour le compte du pr\u00e9fet de la r\u00e9gion d'\u00cele-de-France\n17\n \n \nDRIEAT \n27-29 rue Leblanc \u2013 CS 57  246 \u2013 75  732 Paris CEDEX 15 \nT\u00e9l : +33 (0)1 40 61 80 80 \nwww.drieat.ile-de-france.developpement-durable.gouv.fr  8 \nArticle 8  \n \nPour le service connaissance et d\u00e9veloppement durab le (SCDD), subd\u00e9l\u00e9gation de signature est \naccord\u00e9e, dans la limite de leurs attributions respectives, \u00e0 Mme Dominique BERTHON, cheffe du service \nconnaissance et d\u00e9veloppement durable, et ses adjoints, M. J\u00e9r\u00f4me AYACHE, M. Guillaume CRIEF, et M. \nLuc CHARANSONNEY ; \n \nArticle 9 \n \nI. - Subd\u00e9l\u00e9gation de signature est accord\u00e9e, dans la l imite de leurs attributions respectives, \u00e0 Mme \nDominique BERTHON, cheffe du service connaissance e t d\u00e9veloppement durable, et ses adjoints, M. \nJ\u00e9r\u00f4me AYACHE, M. Guillaume CRIEF, et M. Luc CHARAN SONNEY, \u00e0 l'effet de signer, au titre de \nl'autorit\u00e9 charg\u00e9e de l'examen au cas par cas mentionn\u00e9e au premier alin\u00e9a du IV de l'article L.122-1 du \ncode de l'environnement pour les projets (articles L.122-1, L.122-2, L.512-7-2 et R.122-2, R.122-3, R.122-3-\n1 du code l'environnement) : \n \n\uf0d8 Les r\u00e9c\u00e9piss\u00e9s de d\u00e9p\u00f4t, les courriers de demande d e compl\u00e9ments, d'accus\u00e9 de r\u00e9ception, de \ndemande de contribution aux services experts, \n\uf0d8 Les d\u00e9cisions portant obligation ou non, de r\u00e9aliser une \u00e9valuation environnementale, \n\uf0d8 Les r\u00e9ponses aux recours administratifs pr\u00e9alables rendus dans le cadre de la proc\u00e9dure d'examen \n\u00ab au cas par cas \u00bb conform\u00e9ment aux dispositions de l'article R. 122-3 du code de l'environnement. \n \nII. - La subd\u00e9l\u00e9gation mentionn\u00e9e au I. est \u00e9galement ac cord\u00e9e, dans la limite de leurs attributions \nrespectives, \u00e0 : \n \n\u2022 Mme Anne-Laure VERNEIL, cheffe du d\u00e9partement \u00e9valuation environnementale ; \n\u2022 M. Tristan AVRY, adjoint \u00e0 la cheffe du d\u00e9partement \u00e9valuation environnementale ; \n\u2022 M. Benjamin HOBBS, adjoint \u00e0 la cheffe du d\u00e9partement \u00e9valuation environnementale ; \n\u2022 Mme Agn\u00e8s COURET, cheffe de l'unit\u00e9 d\u00e9partementale de Seine et Marne ;  \n\u2022 Mme Cl\u00e9mence JAHANGIR, adjointe \u00e0 la cheffe de l'unit\u00e9 d\u00e9partementale de Seine-et-Marne ;  \n\u2022 M. David LEROUGE, adjoint \u00e0 la cheffe de l'unit\u00e9 d\u00e9partementale de Seine-et-Marne ; \n\u2022 Mme Delphine DUBOIS, cheffe de l'unit\u00e9 d\u00e9partementale des Yvelines ;  \n\u2022 Mme Marielle MUGUERRA, adjointe \u00e0 la cheffe de l'unit\u00e9 d\u00e9partementale des Yvelines ; \n\u2022 M. Patrick POIRET, chef de l'unit\u00e9 d\u00e9partementale de l'Essonne ;  \n\u2022 Mme Sophie PIERRET, adjointe au chef de l'unit\u00e9 d\u00e9partementale de l'Essonne ; \n\u2022 M. Mathieu FERNANDEZ, r\u00e9f\u00e9rent d\u00e9partemental risques accidentels ; \n\u2022 M. Alain TUFFERY, directeur r\u00e9gional et interd\u00e9part emental adjoint de l'environnement, de \nl'am\u00e9nagement et des transports de la r\u00e9gion \u00cele-de-France, directeur de l'unit\u00e9 d\u00e9partementale des \nHauts-de-Seine ; \n\u2022 M. Fabrice MORONVAL, directeur adjoint de l'unit\u00e9 d\u00e9partementale des Hauts-de-Seine ; \n\u2022 Mme Sybille MULLER, directrice adjointe de l'unit\u00e9 d\u00e9partementale des Hauts-de-Seine ; \n\u2022 M. Laurent CONDOMINES, directeur r\u00e9gional et interd \u00e9partemental adjoint de l'environnement, de \nl'am\u00e9nagement et des transports de la r\u00e9gion \u00cele-de -France, directeur de l'unit\u00e9 d\u00e9partementale de \nla Seine-Saint-Denis ; \n\u2022 M. Andr\u00e9 COUBLE, directeur adjoint de l'unit\u00e9 d\u00e9partement de la Seine-Saint-Denis ; \n\u2022 Mme Sylvie CHATY, directrice adjointe de l'unit\u00e9 d\u00e9partementale de la Seine-Saint-Denis ; \n\u2022 Mme Julie TISSOT, directrice r\u00e9gionale et interd\u00e9pa rtementale adjointe de l'environnement, de \nl'am\u00e9nagement et des transports d'\u00cele-de-France, di rectrice de l'unit\u00e9 d\u00e9partementale du Val-de-\nMarne ;  \nDirection r\u00e9gionale et interd\u00e9partementale de l'environnement, de l'am\u00e9nagement et des transports d'\u00cele-de-France -\nIDF-2025-05-02-00011 - D\u00e9cision DRIEAT-IDF n\u00b0 2025-0393 du 2 mai 2025 portant subd\u00e9l\u00e9gation de signature en mati\u00e8re\nadministrative pour le compte du pr\u00e9fet de la r\u00e9gion d'\u00cele-de-France\n18\n \n \nDRIEAT \n27-29 rue Leblanc \u2013 CS 57  246 \u2013 75  732 Paris CEDEX 15 \nT\u00e9l : +33 (0)1 40 61 80 80 \nwww.drieat.ile-de-france.developpement-durable.gouv.fr  9 \n\u2022 M. Herv\u00e9 ABDERRAHMAN, directeur adjoint de l'unit\u00e9 d\u00e9partementale du Val-de-Marne ; \n\u2022 Mme Fiona TCHANAKIAN ; directrice adjointe de l'unit\u00e9 d\u00e9partementale du Val-de-Marne ; \n\u2022 M. Alexis RAFA, chef de l'unit\u00e9 d\u00e9partementale du Val d'Oise ;  \n\u2022 M. Thomas BLATON, adjoint au chef de l'unit\u00e9 d\u00e9partementale du Val-d'Oise. \n \nArticle 10 \n \nI. - Pour le service \u00e9nergie et b\u00e2timent (SEB), subd\u00e9l\u00e9g ation de signature est accord\u00e9e, dans la limite de \nses attributions, \u00e0 Mme Aurore FARGETTE, cheffe du service \u00e9nergie et b\u00e2timent et son adjointe, \nMme Alice METAYER-MATHIEU. \n \nII. - Subd\u00e9l\u00e9gation de signature est \u00e9galement accord\u00e9e, dans la limite de leurs attributions respectives \n\u00e0 :  \n \n\u2022 M. Thibaut BADOUAL, chef du d\u00e9partement climat, air, \u00e9nergie ; \n\u2022 Mme Julie LODEWYCKX, adjointe au chef du d\u00e9partement climat, air, \u00e9nergie ; \n\u2022 Mme Nathalie BOUSQUET, cheffe du d\u00e9partement b\u00e2timent ; \n\u2022 Mme H\u00e9l\u00e8ne BONNET, cheffe du d\u00e9partement patrimoine immobilier ; \n\u2022 M. Jean-Michel DUBOIS, adjoint \u00e0 la cheffe du d\u00e9partement patrimoine immobilier \n\u2022 M. Louis ORTA, adjoint \u00e0 la cheffe du d\u00e9partement patrimoine immobilier. \n \nArticle 11  \n \nI. - Pour le service nature et paysage (SNP),  subd\u00e9l\u00e9gation de signature est accord\u00e9e, dans la li mite de \nleurs attributions, \u00e0 Mme Lucile RAMBAUD, cheffe du  service nature et paysage et son adjoint, \nM. St\u00e9phane LUCET, \u00e0 l'effet de signer les accords pr\u00e9alables \u00e0 la d\u00e9livrance d'une autorisation \nd'installation d'une enseigne sur un monument natur el, dans un site class\u00e9, un c\u0153ur de parc national, \nune r\u00e9serve naturelle ou sur un arbre. \n \nII. - La subd\u00e9l\u00e9gation mentionn\u00e9e au I. est \u00e9galement ac cord\u00e9e, dans la limite de leurs attributions \nrespectives, \u00e0 :  \n \n\u2022 Mme Florence MOTTES, cheffe du d\u00e9partement sites et paysage et son adjointe, Mme Paola VITA ; \n\u2022 M. Antoine LOMBARD, chef du d\u00e9partement espaces et patrimoine naturels. \n \nArticle 12 \n \nPour le service pr\u00e9vention des risques (SPR), subd\u00e9 l\u00e9gation de signature est accord\u00e9e, dans la limite de \nleurs attributions respectives, \u00e0 :  \n\u2022 M. Olivier LEVILLAIN, chef du service pr\u00e9vention des risques ; \n\u2022 Mme Guillemette de KERDREL, adjointe au chef du ser vice pr\u00e9vention des risques, cheffe du \nd\u00e9partement risques chroniques ; \n\u2022 Mme Ir\u00e8ne ALFONSI, adjointe \u00e0 la cheffe du d\u00e9partement risques chroniques ; \n\u2022 Mme \u00c9lisabeth BLATON, cheffe du d\u00e9partement risques accidentels \n\u2022 M. Vincent PIERRON, adjoint \u00e0 la cheffe du d\u00e9partement risques accidentels ; \n\u2022 M. Baptiste LORENZI, chef du d\u00e9partement risques naturels ; \n\u2022 Mme Laurence BALMES, adjointe au chef du d\u00e9partement risques naturels ; \n\u2022 Mme Sophie SAUVAGNAT, adjointe au chef du d\u00e9partement risques naturels ; \n\u2022 Mme Manon VIGNES, cheffe du d\u00e9partement hydrologie et pr\u00e9vision des crues ; \nDirection r\u00e9gionale et interd\u00e9partementale de l'environnement, de l'am\u00e9nagement et des transports d'\u00cele-de-France -\nIDF-2025-05-02-00011 - D\u00e9cision DRIEAT-IDF n\u00b0 2025-0393 du 2 mai 2025 portant subd\u00e9l\u00e9gation de signature en mati\u00e8re\nadministrative pour le compte du pr\u00e9fet de la r\u00e9gion d'\u00cele-de-France\n19\n \n \nDRIEAT \n27-29 rue Leblanc \u2013 CS 57  246 \u2013 75  732 Paris CEDEX 15 \nT\u00e9l : +33 (0)1 40 61 80 80 \nwww.drieat.ile-de-france.developpement-durable.gouv.fr  10 \n\u2022 Mme Carine CHALEON, adjointe \u00e0 la cheffe du d\u00e9partement hydrologie et pr\u00e9vision des crues. \n \nArticle 13 \n \nI. - Pour le service accompagnement et pilotage (SAP), subd\u00e9l\u00e9gation de signature est accord\u00e9e, dans la \nlimite de leurs attributions respectives, \u00e0 M. Jean-Yves D\u00c9MARETZ, chef du service accompagnement et \npilotage et son adjoint, M. Philippe LOUVET. \n \nII. - Subd\u00e9l\u00e9gation de signature est \u00e9galement accord\u00e9e, dans la limite de leurs attributions respectives, \n\u00e0 : \n\u2022 Mme Sandie CHAMBARET, cheffe du d\u00e9partement qualit\u00e9 et innovation ; \n\u2022 Mme Julie MANINI, cheffe du d\u00e9partement pilotage du budget et des effectifs ; \n\u2022 Mme Patricia AKPWA-MEDOU, charg\u00e9e d'\u00e9tudes budg\u00e9taires et financi\u00e8res ; \n\u2022  \n\u2022 M. Jean-Baptiste PUIGGALI, chef du d\u00e9partement des affaires juridiques, de l'archivage et de la \ndocumentation, dans la limite de ses attributions, pour signer notamment tout acte ou pi\u00e8ces \nn\u00e9cessaires \u00e0 la d\u00e9fense des activit\u00e9s des services devant les juridictions administratives et judiciaires \net pour pr\u00e9senter des observations orales devant les juridictions ; \n\u2022 M. Jonas COSTAGLIOLA, chef de l'unit\u00e9 des affaires juridiques, dans la limite de ses attributions, pour \nsigner notamment tout acte ou pi\u00e8ces n\u00e9cessaires \u00e0 la d\u00e9fense des activit\u00e9s des services devant les \njuridictions administratives et judiciaires et pour  pr\u00e9senter des observations orales devant les \njuridictions. \n \nArticle 14  \n \nI. - Pour le secr\u00e9tariat g\u00e9n\u00e9ral (SG), subd\u00e9l\u00e9gation de  signature est accord\u00e9e, dans la limite de leurs \nattributions respectives, \u00e0 M. Ivan ROCHARD, secr\u00e9t aire g\u00e9n\u00e9ral et son adjointe, Mme Justine SONG, \u00e0 \nM. Jean-Baptiste MOTTE, secr\u00e9taire g\u00e9n\u00e9ral d\u00e9l\u00e9gu\u00e9 aupr\u00e8s de la DiRIF et son adjoint, M. Pascal \nERRECART, ainsi que pour pr\u00e9senter des observations  devant les comit\u00e9s m\u00e9dicaux et les commissions \nde r\u00e9forme, pour signer les actes relatifs \u00e0 la ges tion des ressources humaines, aux achats et \u00e0 la \ncommande publique ainsi qu'\u00e0 la logistique et aux moyens g\u00e9n\u00e9raux relevant de son service. \n \nII. - La subd\u00e9l\u00e9gation mentionn\u00e9e au I. est \u00e9galement ac cord\u00e9e, dans la limite de leurs attributions \nrespectives, \u00e0 : \n\u2022 Mme Marie-Laure AYUSTE-PELAGE, cheffe du bureau des ressources humaines du secr\u00e9tariat g\u00e9n\u00e9ral \nd\u00e9l\u00e9gu\u00e9 aupr\u00e8s de la DiRIF ; \n\u2022 Mme Sandrine FLORENTINY, adjointe \u00e0 la cheffe du bureau des ressources humaines ; \n\u2022 Mme Warda BOURICHE, cheffe du bureau formation, concours et recrutements ; \n\u2022 Mme Annie LACROIX, cheffe du d\u00e9partement des ressources humaines et des comp\u00e9tences, \u00e0 l'effet \nde signer tous les actes et pi\u00e8ces relevant des attributions du d\u00e9partement, ainsi que pour pr\u00e9senter \ndes observations devant les comit\u00e9s m\u00e9dicaux et les commissions de r\u00e9forme ; \n\u2022 M. Jean-Antoine DELMAS, adjoint \u00e0 la cheffe du d\u00e9pa rtement des ressources humaines et des \ncomp\u00e9tences ; \n\u2022 Mme Nathalie RICHARD, cheffe de l'unit\u00e9 formation, handicap accompagnement et comp\u00e9tences ; \n\u2022 M. Tarik MAHJOUBI, chef de l'unit\u00e9 temps, effectifs, recrutement et mobilit\u00e9, \u00e0 l'effet de signer tous  \nles actes et pi\u00e8ces relevant du d\u00e9partement en cas d'emp\u00eachement de la cheffe et de son adjoint ; \n\u2022 M. Gr\u00e9goire DROUINEAU, chef du d\u00e9partement des affaires financi\u00e8res ; \n\u2022 M. Valentin RAULT, adjoint au chef du d\u00e9partement des affaires financi\u00e8res ; \n\u2022 M. Jean AUTERNAUD, chef du d\u00e9partement de la logistique et de la gestion immobili\u00e8re ;  \nDirection r\u00e9gionale et interd\u00e9partementale de l'environnement, de l'am\u00e9nagement et des transports d'\u00cele-de-France -\nIDF-2025-05-02-00011 - D\u00e9cision DRIEAT-IDF n\u00b0 2025-0393 du 2 mai 2025 portant subd\u00e9l\u00e9gation de signature en mati\u00e8re\nadministrative pour le compte du pr\u00e9fet de la r\u00e9gion d'\u00cele-de-France\n20\n \n \nDRIEAT \n27-29 rue Leblanc \u2013 CS 57  246 \u2013 75  732 Paris CEDEX 15 \nT\u00e9l : +33 (0)1 40 61 80 80 \nwww.drieat.ile-de-france.developpement-durable.gouv.fr  11 \n\u2022 Mme Corinne DENIS, adjointe au chef du d\u00e9partement de la logistique et de la gestion immobili\u00e8re ; \n\u2022 Mme Catherine KHELAF, adjointe au chef du d\u00e9parteme nt de la logistique et de la gestion \nimmobili\u00e8re ; \n\u2022 M. Vincent ROUVEYROL, chef du d\u00e9partement de la commande publique et de la politique d'achat ; \n\u2022 M. David LECOMTE, chef du bureau des affaires juridiques du secr\u00e9tariat g\u00e9n\u00e9ral d\u00e9l\u00e9gu\u00e9 \u00e0 la DiRIF ; \n\u2022 Mme Catherine PERNOIS, adjointe au chef du bureau d es affaires juridiques du secr\u00e9tariat g\u00e9n\u00e9ral \nd\u00e9l\u00e9gu\u00e9 \u00e0 la DiRIF ; \n\u2022 M. Nicolas MURY, charg\u00e9 d'\u00e9tudes juridiques du secr\u00e9tariat g\u00e9n\u00e9ral d\u00e9l\u00e9gu\u00e9 \u00e0 la DiRIF, pour pr\u00e9senter \ndes observations orales devant les juridictions ; \n \nArticle 15  \n \nI. - Pour le service du num\u00e9rique, subd\u00e9l\u00e9gation de sig nature est accord\u00e9e, dans la limite de ses \nattributions, \u00e0 Mme Nathalie TINGRY, cheffe du serv ice du num\u00e9rique et son adjoint M. Ga\u00ebl BINTEIN, \npour signer les actes relatifs \u00e0 la logistique et aux moyens g\u00e9n\u00e9raux relevant de son service. \n \nII.  La subd\u00e9l\u00e9gation mentionn\u00e9e au I. est \u00e9galement ac cord\u00e9e, dans la limite de leurs attributions \nrespectives, \u00e0 : \n\u2022 Mme Emmanuelle AIRAUD, cheffe du d\u00e9partement environnement num\u00e9rique de travail ; \n\u2022 M. Jean-Marc VADO, chef du d\u00e9partement infrastructures, syst\u00e8mes d'information et de s\u00e9curit\u00e9. \n \nArticle 16  \n \nI. - Pour l'unit\u00e9 d\u00e9partementale de Paris (UD 75), subd\u00e9 l\u00e9gation de signature est accord\u00e9e \u00e0 M. Jean-\nPascal BIARD, directeur r\u00e9gional et interd\u00e9partemental adjoint, directeur de l'unit\u00e9 d\u00e9partementale de \nParis, pour signer les d\u00e9cisions de gestion des per sonnels vis\u00e9s dans les annexes des arr\u00eat\u00e9s du 29 \nd\u00e9cembre 2016 et du 26 d\u00e9cembre 2019 susvis\u00e9s. \n \nII. - La subd\u00e9l\u00e9gation mentionn\u00e9e au I. est \u00e9galement acc ord\u00e9e, dans la limite de leurs attributions \nrespectives, \u00e0 : \n\u2022 M. Fran\u00e7ois BELBEZET, chef du service am\u00e9nagement durable et connaissance des territoires ; \n\u2022 Mme Laurence CACHEUX, cheffe du service patrimoine, paysage et droit des sols ; \n\u2022 Mme Natacha CARRIER-SCHRUMPF, cheffe du service utilit\u00e9 publique et \u00e9quilibres territoriaux ; \n\u2022 Mme Chantal GERVAIS, cheffe de la mission d'appui au pilotage local ; \n \nArticle 17  \n \nI. - Pour l'unit\u00e9 d\u00e9partementale des Hauts-de-Seine (UD 92), subd\u00e9l\u00e9gation de signature est accord\u00e9e \u00e0 \nM. Alain TUFFERY, directeur r\u00e9gional et interd\u00e9part emental adjoint de l'environnement, de \nl'am\u00e9nagement et des transports de la r\u00e9gion \u00cele-de -France, directeur de l'unit\u00e9 d\u00e9partementale des \nHauts-de-Seine et ses adjoints, Mme Sybille MULLER et M. Fabrice MORONVAL, directeurs-adjoints de \nl'unit\u00e9 d\u00e9partementale des Hauts-de-Seine \u00e0 l'effet  de signer les d\u00e9cisions de gestion des personnels \nvis\u00e9s dans les annexes des arr\u00eat\u00e9s du 29 d\u00e9cembre 2016 et du 26 d\u00e9cembre 2019 susvis\u00e9s. \n \nII. - La subd\u00e9l\u00e9gation mentionn\u00e9e au I. est \u00e9galement acc ord\u00e9e, dans la limite de leurs attributions \nrespectives, \u00e0 : \n\u2022 Mme Claire ROSEV\u00c8GUE, cheffe du service risques et installations class\u00e9es ; \n\u2022 M. Olivier PAS, adjoint \u00e0 la cheffe du service risques et installations class\u00e9es ; \n\u2022 M. Rodolphe VAN VLAENDEREN, chef du service urbanisme et construction durable ; \nDirection r\u00e9gionale et interd\u00e9partementale de l'environnement, de l'am\u00e9nagement et des transports d'\u00cele-de-France -\nIDF-2025-05-02-00011 - D\u00e9cision DRIEAT-IDF n\u00b0 2025-0393 du 2 mai 2025 portant subd\u00e9l\u00e9gation de signature en mati\u00e8re\nadministrative pour le compte du pr\u00e9fet de la r\u00e9gion d'\u00cele-de-France\n21\n \n \nDRIEAT \n27-29 rue Leblanc \u2013 CS 57  246 \u2013 75  732 Paris CEDEX 15 \nT\u00e9l : +33 (0)1 40 61 80 80 \nwww.drieat.ile-de-france.developpement-durable.gouv.fr  12 \n\u2022 Mme Sophie TCHENG, adjointe au chef du service urbanisme et construction durable ; \n\u2022 Mme Louise DEVRIES, cheffe du service planification et am\u00e9nagement des territoires, et son adjointe, \nLola MAGAZ ;  \n\u2022 Mme Smiljana SEKULIC-GELEBART, cheffe du service \u00e9ducation et s\u00e9curit\u00e9 routi\u00e8re ; \n\u2022 M. Fr\u00e9d\u00e9ric SEIGLE, chef du p\u00f4le v\u00e9hicules infra-r\u00e9gional Ouest ; \n\u2022 M. \u00c9tienne MERLIN, adjoint au chef du p\u00f4le v\u00e9hicules infra-r\u00e9gional Ouest ; \n\u2022 Mme Muriel LECAT, cheffe du p\u00f4le d'appui au pilotage local. \n \nArticle 18  \n \nI. - Pour l'unit\u00e9 d\u00e9partementale de la Seine-Saint-Denis (UD 93), subd\u00e9l\u00e9gation de signature est accord\u00e9e \n\u00e0 M. Laurent CONDOMINES, directeur r\u00e9gional et inte rd\u00e9partemental adjoint de l'environnement, de \nl'am\u00e9nagement et des transports d'\u00cele-de-France, directeur de l'unit\u00e9 d\u00e9partementale de la Seine-Saint-\nDenis et ses adjoints, M. Andr\u00e9 COUBLE et Mme Sylvi e CHATY, pour signer les d\u00e9cisions de gestion des \npersonnels vis\u00e9s dans les annexes des arr\u00eat\u00e9s du 29 d\u00e9cembre 2016 et du 26 d\u00e9cembre 2019 susvis\u00e9s. \n \nII. - La subd\u00e9l\u00e9gation mentionn\u00e9e au I. est \u00e9galement acc ord\u00e9e, dans la limite de leurs attributions \nrespectives, \u00e0 : \n \n\u2022 M. Alaoudine MAYOUFI, chef du service risques et installations class\u00e9es ;  \n\u2022 M. Mohamed SEGHROUCHNI, adjoint au chef du service risques et installations class\u00e9es ; \n\u2022 Mme Isabelle SCAUSSE, cheffe du p\u00f4le v\u00e9hicules infra-r\u00e9gional Nord \n\u2022 M. Naoufal NOUKRI adjoint \u00e0 la cheffe du p\u00f4le v\u00e9hicules infra-r\u00e9gional Nord ; \n\u2022 M. Didier BEAURAIN, chef du service \u00e9ducation et s\u00e9curit\u00e9 routi\u00e8re ; \n\u2022 M. St\u00e9phane MUNCH, adjoint au chef de service \u00e9ducation et s\u00e9curit\u00e9 routi\u00e8re ; \n\u2022 Mme Florence MONFORT, cheffe du service urbanisme et construction durable ;  \n\u2022 Mme C\u00e9line BARON, adjointe \u00e0 la cheffe du service urbanisme et construction durable ; \n\u2022 Mme Mathilde HONORAT, cheffe du service planification et am\u00e9nagement des territoires ;  \n\u2022 Mme Marie JUILLE, adjointe \u00e0 la cheffe du service planification et am\u00e9nagement des territoires. \n \nArticle 19  \n \nI. - Pour l'unit\u00e9 d\u00e9partementale du Val-de-Marne (UD 94), subd\u00e9l\u00e9gation est accord\u00e9e, dans la limite de \nleurs attributions respectives \u00e0  Mme Julie TISSOT, directrice r\u00e9gionale et interd\u00e9partementale adjointe \nde l'environnement, de l'am\u00e9nagement et des transpo rts d'\u00cele-de-France, directrice de l'unit\u00e9 \nd\u00e9partementale du Val-de-Marne et ses adjoints, M. Herv\u00e9 ABDERRAHMAN et Mme Fiona TCHANAKIAN, \n\u00e0 l'effet de signer les d\u00e9cisions de gestion des pe rsonnels vis\u00e9s dans les annexes des arr\u00eat\u00e9s du 29 \nd\u00e9cembre 2016 et du 26 d\u00e9cembre 2019 susvis\u00e9s. \n \nII. - La subd\u00e9l\u00e9gation mentionn\u00e9e au I. est \u00e9galement ac cord\u00e9e, dans la limite de leurs attributions \nrespectives, \u00e0 : \n \n\u2022 M. Didier CATTENOZ, chef du service urbanisme et construction durables et son adjointe, Mme Marie \nPRESANI ; \n\u2022 Mme G\u00e9raldine SANAUR, cheffe du service planificati on et am\u00e9nagement des territoires et ses \nadjoints, M. Olivier COMPAGNET et Mme Flora DELHOMME ; \n\u2022 M. Fran\u00e7ois BOLLENGIER, chef du service \u00e9ducation et s\u00e9curit\u00e9 routi\u00e8res et son adjointe, Mme Sa\u00efba \nKUMAR ; \nDirection r\u00e9gionale et interd\u00e9partementale de l'environnement, de l'am\u00e9nagement et des transports d'\u00cele-de-France -\nIDF-2025-05-02-00011 - D\u00e9cision DRIEAT-IDF n\u00b0 2025-0393 du 2 mai 2025 portant subd\u00e9l\u00e9gation de signature en mati\u00e8re\nadministrative pour le compte du pr\u00e9fet de la r\u00e9gion d'\u00cele-de-France\n22\n \n \nDRIEAT \n27-29 rue Leblanc \u2013 CS 57  246 \u2013 75  732 Paris CEDEX 15 \nT\u00e9l : +33 (0)1 40 61 80 80 \nwww.drieat.ile-de-france.developpement-durable.gouv.fr  13 \n\u2022 Mme Sonia GUILLOT, cheffe du service risques et ins tallations class\u00e9es et son adjointe, Mme Anne \nJOHANNY ; \n\u2022 M. S\u00e9bastien CUCURULO, chef du p\u00f4le v\u00e9hicules infra-r\u00e9gional Sud ; \n\u2022 Mme Nadjette BENAOUDA-GARCIA, cheffe du p\u00f4le appui au pilotage local et son adjoint, M. Fran\u00e7ois \nMALARE. \n \nArticle 20  \n \nPour l'unit\u00e9 d\u00e9partementale de Seine-et-Marne (UD 77), subd\u00e9l\u00e9gation est donn\u00e9e, dans la limite de leurs \nattributions respectives, \u00e0 Mme Agn\u00e8s COURET, cheffe de l'unit\u00e9 d\u00e9partementale de Seine et Marne, et \nses adjoints, Mme Cl\u00e9mence JAHANGIR et M. David LEROUGE, \u00e0 l'effet de signer les d\u00e9cisions de gestion \ndes personnels vis\u00e9s dans les annexes des arr\u00eat\u00e9s du 29 d\u00e9cembre 2016 et du 26 d\u00e9cembre 2019. \n \nArticle 21  \n \nPour l'unit\u00e9 d\u00e9partementale des Yvelines (UD 78), subd\u00e9l\u00e9gation de signature est donn\u00e9e, dans la limite \nde leurs attributions respectives, \u00e0 Mme Delphine D UBOIS, cheffe de l'unit\u00e9 d\u00e9partementale des \nYvelines, et \u00e0 son adjointe, Mme Marielle MUGUERRA,  \u00e0 l'effet de signer les d\u00e9cisions de gestion des \npersonnels vis\u00e9s dans les annexes des arr\u00eat\u00e9s du 29 d\u00e9cembre 2016 et du 26 d\u00e9cembre 2019. \n \nArticle 22  \n \nI. - Pour l'unit\u00e9 d\u00e9partementale de l'Essonne (UD 91), s ubd\u00e9l\u00e9gation de signature est donn\u00e9e, dans la \nlimite de leurs attributions respectives, \u00e0 M. Patrick POIRET, chef de l'unit\u00e9 d\u00e9partementale de l'Essonne, \net \u00e0 son adjointe, Mme Sophie PIERRET, \u00e0 l'effet de  signer les d\u00e9cisions de gestion des personnels vis \u00e9s \ndans les annexes des arr\u00eat\u00e9s du 29 d\u00e9cembre 2016 et du 26 d\u00e9cembre 2019. \n \nII. - La subd\u00e9l\u00e9gation mentionn\u00e9e au I. est \u00e9galement accord\u00e9e, dans la limite de ses attributions, \u00e0 : \n\u2022 M. Mathieu FERNANDEZ, r\u00e9f\u00e9rent d\u00e9partemental risques technologiques. \n \nArticle 23  \n \nPour l'unit\u00e9 d\u00e9partementale du Val-d'Oise (UD 95), subd\u00e9l\u00e9gation de signature est donn\u00e9e, dans la limite \nde leurs attributions respectives, \u00e0 M. Alexis RAFA , chef de l'unit\u00e9 d\u00e9partementale du Val-d'Oise, et \u00e0 \nson adjoint, M. Thomas BLATON, \u00e0 l'effet de signer les d\u00e9cisions de gestion des personnels vis\u00e9s dans les \nannexes des arr\u00eat\u00e9s du 29 d\u00e9cembre 2016 et du 26 d\u00e9cembre 2019. \n \nArticle 24  \n \nI. - Sont exclus des subd\u00e9l\u00e9gations vis\u00e9es dans les articles 2 \u00e0 15 : \n \n\uf0d8 Les conventions pass\u00e9es avec des collectivit\u00e9s loca les, les \u00e9tablissements publics, les op\u00e9rateurs \npublics et les agences d'urbanisme ; \n\uf0d8 Les correspondances ou avis formul\u00e9s \u00e0 l'attention des directeurs d'administration centrale ; \n\uf0d8 Les avis, propositions ou d\u00e9cisions relatifs aux ca dres sup\u00e9rieurs de la direction r\u00e9gionale et \ninterd\u00e9partementale de l'environnement, de l'am\u00e9nagement et des transports d'\u00cele-de-France ; \n\uf0d8 Les mesures de suspension des fonctions et les d\u00e9cisions d'engagement de la proc\u00e9dure disciplinaire \n\u00e0 l'\u00e9gard des agents ; \n\uf0d8 L'instruction et les actes relevant de la sanction disciplinaire, ainsi que de l'abandon de poste ; \nDirection r\u00e9gionale et interd\u00e9partementale de l'environnement, de l'am\u00e9nagement et des transports d'\u00cele-de-France -\nIDF-2025-05-02-00011 - D\u00e9cision DRIEAT-IDF n\u00b0 2025-0393 du 2 mai 2025 portant subd\u00e9l\u00e9gation de signature en mati\u00e8re\nadministrative pour le compte du pr\u00e9fet de la r\u00e9gion d'\u00cele-de-France\n23\n \n \nDRIEAT \n27-29 rue Leblanc \u2013 CS 57  246 \u2013 75  732 Paris CEDEX 15 \nT\u00e9l : +33 (0)1 40 61 80 80 \nwww.drieat.ile-de-france.developpement-durable.gouv.fr  14 \n\uf0d8 Les avis, propositions ou d\u00e9cisions relatifs aux ca dres sup\u00e9rieurs de la direction r\u00e9gionale et \ninterd\u00e9partementale de l'environnement, de l'am\u00e9nagement et des transports d'\u00cele-de-France. \n \nII. - Sont exclues des subd\u00e9l\u00e9gations vis\u00e9es dans les ar ticles 2 \u00e0 14, sauf pour les directeurs-adjoints y \ncompris les directeurs des unit\u00e9s d\u00e9partementales : \n \n\uf0d8 Les correspondances avec les maires des communes ch efs-lieux de d\u00e9partement et les pr\u00e9sidents \nd'\u00e9tablissements publics territoriaux (EPT), de communaut\u00e9 d'agglom\u00e9ration ou de communaut\u00e9 de \ncommunes ; \n\uf0d8 Les conventions relatives aux prestations mutualis\u00e9 es, assur\u00e9es par une entit\u00e9 de la DRIEAT pour le \ncompte d'autres directions de l'\u00c9tat en \u00cele-de-France, y compris en mati\u00e8re immobili\u00e8re. \n \nIII. - Sont exclues des subd\u00e9l\u00e9gations vis\u00e9es dans les articles 7 \u00e0 14 : \n \n\uf0d8 Les correspondances avec les parlementaires, les an ciens ministres, les conseillers r\u00e9gionaux et \nd\u00e9partementaux, les pr\u00e9sidents des associations de maires, la maire de Paris et les maires des \ncommunes chefs-lieux de d\u00e9partement ; \n\uf0d8 Les correspondances entrant dans le cadre de la n\u00e9gociation du contrat de plan \u00c9tat-r\u00e9gion ; \n \nIV. - Sont exclus des subd\u00e9l\u00e9gations vis\u00e9es aux articles ci-dessus, les m\u00e9moires en d\u00e9fense pr\u00e9sent\u00e9s au \nnom de l'\u00c9tat \u00e0 l'occasion des recours form\u00e9s devan t les juridictions administratives et n\u00e9s de l'acti vit\u00e9 \nde la direction r\u00e9gionale et interd\u00e9partementale de  l'environnement, de l'am\u00e9nagement et des \ntransports d'\u00cele-de-France, ou relevant de la d\u00e9l\u00e9gation de pouvoir consentie au pr\u00e9fet de la r\u00e9gion d'\u00cele-\nde-France en mati\u00e8re de gestion de certains personn els du minist\u00e8re de l'\u00e9cologie, du d\u00e9veloppement \ndurable, des transports et du logement par le d\u00e9cre t n\u00b0 2013-1041 du 20 novembre 2013 modifi\u00e9 et les \narr\u00eat\u00e9s du 26 d\u00e9cembre 2019 modifi\u00e9s susvis\u00e9s. Ne sont pas concern\u00e9es par cette exclusion, et ce pour \nles activit\u00e9s relevant des articles 3 \u00e0 6 ainsi que des articles 11, 13 \u00e0 22, les proc\u00e9dures d'urgence pr\u00e9vues \nau livre V du code de justice administrative. \n \nUne copie de toutes correspondances avec les autres \u00e9lus, maires, conseillers municipaux ainsi que de \ncelles concernant le contr\u00f4le de l\u00e9galit\u00e9 et les m\u00e9 moires produits dans le cadre des proc\u00e9dures \nd'urgence susmentionn\u00e9es, sera simultan\u00e9ment adress\u00e9e au pr\u00e9fet de la r\u00e9gion d'\u00cele-de-France. \n \nArticle 25  \n \nLes subd\u00e9l\u00e9gations accord\u00e9es au titre de la pr\u00e9sente d\u00e9cision sont valables en cas d'int\u00e9rim exerc\u00e9 pa r \nun subd\u00e9l\u00e9gataire d\u00e9sign\u00e9 formellement par la direc trice r\u00e9gionale et interd\u00e9partementale de \nl'environnement, de l'am\u00e9nagement et des transports d'\u00cele-de-France. \n \nArticle 26  \n \nLa d\u00e9cision n\u00b0 DRIEAT-IDF-2024-0772 du 6 novembre 2 024 portant subd\u00e9l\u00e9gation de signature en \nmati\u00e8re administrative pour le compte du pr\u00e9fet de la r\u00e9gion d'\u00cele-de-France est abrog\u00e9e. \n \n  \nDirection r\u00e9gionale et interd\u00e9partementale de l'environnement, de l'am\u00e9nagement et des transports d'\u00cele-de-France -\nIDF-2025-05-02-00011 - D\u00e9cision DRIEAT-IDF n\u00b0 2025-0393 du 2 mai 2025 portant subd\u00e9l\u00e9gation de signature en mati\u00e8re\nadministrative pour le compte du pr\u00e9fet de la r\u00e9gion d'\u00cele-de-France\n24\n \n \nDRIEAT \n27-29 rue Leblanc \u2013 CS 57  246 \u2013 75  732 Paris CEDEX 15 \nT\u00e9l : +33 (0)1 40 61 80 80 \nwww.drieat.ile-de-france.developpement-durable.gouv.fr  15 \nArticle 27  \n \nL'adjoint \u00e0 la directrice r\u00e9gionale et interd\u00e9partementale de l'environnement, de l'am\u00e9nagement et des \ntransports d'\u00cele-de-France, charg\u00e9 du pilotage, est charg\u00e9 de l'ex\u00e9cution de la pr\u00e9sente d\u00e9cision qui sera \npubli\u00e9e au recueil des actes administratifs de la pr\u00e9fecture de la r\u00e9gion d'\u00cele-de-France. \n \nFait \u00e0 Paris, le 2 mai 2025 \nLa directrice r\u00e9gionale et interd\u00e9partementale  \nde l'environnement, de l'am\u00e9nagement  \net des transports d'\u00cele-de-France \n \n \nSign\u00e9 \n \n \nEmmanuelle GAY \nDirection r\u00e9gionale et interd\u00e9partementale de l'environnement, de l'am\u00e9nagement et des transports d'\u00cele-de-France -\nIDF-2025-05-02-00011 - D\u00e9cision DRIEAT-IDF n\u00b0 2025-0393 du 2 mai 2025 portant subd\u00e9l\u00e9gation de signature en mati\u00e8re\nadministrative pour le compte du pr\u00e9fet de la r\u00e9gion d'\u00cele-de-France\n25","date":"2025-05-05","first_seen_on":"2025-05-05T16:41:48+00:00","id":"80ae11ba0dc3ad9cdb45957cf89467e3893b0bcd005a147232f57a8c942dfea9","name":"recueilDS-idf-005-2025-05-recueil-des-actes-administratifs-special du 05.05.2025","pdf_creation_date":"2025-05-05T15:02:39+00:00","pdf_modification_date":null,"timezone":"Europe/Paris","url":"https://www.prefectures-regions.gouv.fr/ile-de-france/irecontenu/telechargement/127473/940603/file/recueilDS-idf-005-2025-05-recueil-des-actes-administratifs-special%20du%2005.05.2025.pdf"}
