{"administration":"prefidf","administration_name":"Pr\u00e9fecture de la r\u00e9gion \u00cele-de-France","content":"PREFECTURE\nREGION ILE DE\nFRANCE\nRECUEIL DES ACTES\nADMINISTRATIFS SP\u00c9CIAL\n(NOMINATIFS)\nN\u00b0IDF-059-2025-06\nPUBLI\u00c9 LE 30 JUIN 2025\nSommaire\nPr\u00e9fecture de la r\u00e9gion d'Ile-de-France, pr\u00e9fecture de\nParis-Secr\u00e9tariat g\u00e9n\u00e9ral aux politiques publiques / Direction des\naffaires juridiques\nIDF-2025-06-30-00003 - Arr\u00eat\u00e9 modifiant l'arr\u00eat\u00e9\nn\u00b0IDF-2025-06-10-00002 du 10 juin 2025 portant renouvellement de la\ncomposition du conseil inter-acad\u00e9mique de l'\u00e9ducation nationale\n(CIEN) d'\u00cele-de-France (8 pages) Page 3\n2\nPr\u00e9fecture de la r\u00e9gion d'Ile-de-France,\npr\u00e9fecture de Paris-Secr\u00e9tariat g\u00e9n\u00e9ral aux\npolitiques publiques\nIDF-2025-06-30-00003\nArr\u00eat\u00e9 modifiant l'arr\u00eat\u00e9 n\u00b0IDF-2025-06-10-00002\ndu 10 juin 2025 portant renouvellement de la\ncomposition du conseil inter-acad\u00e9mique de\nl'\u00e9ducation nationale (CIEN) d'\u00cele-de-France\nPr\u00e9fecture de la r\u00e9gion d'Ile-de-France, pr\u00e9fecture de Paris-Secr\u00e9tariat g\u00e9n\u00e9ral aux politiques publiques - IDF-2025-06-30-00003 -\nArr\u00eat\u00e9 modifiant l'arr\u00eat\u00e9 n\u00b0IDF-2025-06-10-00002 du 10 juin 2025 portant renouvellement de la composition du conseil\ninter-acad\u00e9mique de l'\u00e9ducation nationale (CIEN) d'\u00cele-de-France\n3\nExPR\u00c9FETDE LA R\u00c9GIOND'ILE-DE-FRANCELibert\u00e9Egalit\u00e9Fraternit\u00e9\n  \n \nSecr\u00e9tariat g\u00e9n\u00e9ral aux politiques publiques  \n  Direction des affaires juridiques  \n \n \nPr\u00e9fecture de la r\u00e9gion d'\u00cele-de-France, pr\u00e9fecture de Paris \n5, rue Leblanc 75 911 Paris Cedex 15 | \uf028 Standard : 01 82 52 40 00 \nSite internet : https://www.prefectures-regions.gouv.fr/ile-de-france  \nTwitter : https://twitter.com/Prefet75_IDF  | LindkedIn : https://www.linkedin.com/company/l-\u00e9tat-en-\u00eele-de-f rance/  \n             1 / 8 \n \n \n \nARR\u00caT\u00c9 \n \nmodifiant l'arr\u00eat\u00e9 n\u00b0 IDF-2025-06-10-00002 du 10 juin 2025 portant renouvellement de la \ncomposition du conseil inter-acad\u00e9mique de l'\u00e9ducation nationale (CIEN) d'\u00cele-de-France \n \nLE PR\u00c9FET DE LA R\u00c9GION D'\u00ceLE-DE-FRANCE  \nPR\u00c9FET DE PARIS  \nCOMMANDEUR DE LA L\u00c9GION D'HONNEUR  \nOFFICIER DE L'ORDRE NATIONAL DU M\u00c9RITE  \n \n \nVu le code de l'\u00e9ducation, notamment ses articles L. 2 34-1, L. 234-8, R. 234-4, R. 234-5, R. 234-16, R. 2 34-17, \nR. 234-18 et R. 234-19 ; \n \nVu  l'arr\u00eat\u00e9 pr\u00e9fectoral n\u00b0 IDF-2025-06-10-00002 du 10 juin 2025 portant renouv ellement de la composition du \nconseil inter-acad\u00e9mique de l'\u00e9ducation nationale (CIEN) d'\u00cele-de-France ; \n \nVu  le courriel en date du 30 avril 2025 de Monsieur J ean -Marc NICOLAS, secr\u00e9taire g\u00e9n\u00e9ral de la CGT FERC \nSup, au secr\u00e9tariat g\u00e9n\u00e9ral de la r\u00e9gion acad\u00e9mique  d'\u00cele -de -France, faisant part de la d\u00e9signation des \nrepr\u00e9sentants de la CGT FERC Sup au CIEN d'\u00cele -de -France au titre des organisations syndicales \nrepr\u00e9sentatives dans la r\u00e9gion des personnels de l'enseignement sup\u00e9rieur ; \n \nVu  la d\u00e9lib\u00e9ration n\u00b0 2025 R14 de la s\u00e9ance des 3, 4,  5 et 6 juin 2025 du Conseil de Paris, transmise \u00e0 la \npr\u00e9fecture de la r\u00e9gion d'\u00cele-de-France, pr\u00e9fecture  de Paris, le 11 juin 2025, portant d\u00e9signation de \nrepr\u00e9sentants de la Ville de Paris au sein du CIEN d'\u00cele-de-France ; \n \nVu  le courriel en date du 23 juin 2025 du secr\u00e9tariat  g\u00e9n\u00e9ral de la r\u00e9gion acad\u00e9mique d'\u00cele-de-France \u00e0 la \npr\u00e9fecture de la r\u00e9gion d'\u00cele-de-France, pr\u00e9fecture  de Paris, proposant la nomination des repr\u00e9sentant s des \npr\u00e9sidents d'universit\u00e9 et directeurs d'\u00e9tablissement public d'enseignement sup\u00e9rieur au CIEN d'\u00cele-de-France ; \n \nVu  le courriel en date du 24 juin 2025 de Madame Ala\u00ef s BARKATE, secr\u00e9taire g\u00e9n\u00e9rale de la CFDT \u00c9ducation  \nFormation Recherche Publiques de l'acad\u00e9mie de Cr\u00e9t eil, au secr\u00e9tariat g\u00e9n\u00e9ral de la r\u00e9gion acad\u00e9mique  d'\u00cele -\nde -France, faisant part de la d\u00e9signation des repr\u00e9sen tants de la CFDT au CIEN d'\u00cele -de -France au titre des \norganisations syndicales repr\u00e9sentatives dans la r\u00e9gion des personnels de l'enseignement sup\u00e9rieur ; \n \nVu  le courrier en date du 26 juin 2025 de Madame Virg inie RHEA, d\u00e9l\u00e9gu\u00e9 g\u00e9n\u00e9ral du Mouvement des \nentreprises de France (Medef) \u00cele -de -France, au pr\u00e9fet de la r\u00e9gion d'\u00cele -de -France, pr\u00e9fet de Paris, faisant part \nde la d\u00e9signation du repr\u00e9sentant suppl\u00e9ant du Mede f au CIEN d'\u00cele -de -France au titre des organisations \nsyndicales repr\u00e9sentatives dans la r\u00e9gion des employeurs ;  \nARR\u00caTE : \n \nArticle 1er : A l'article 1er de l'arr\u00eat\u00e9 du 10 juin 2025 susvis\u00e9, les tableaux suivants sont ainsi compl\u00e9t\u00e9s : \n \n1\u00b0 au I, relatif aux repr\u00e9sentants des personnels t itulaires de l'Etat exer\u00e7ant leurs fonctions dans l es services \nadministratifs et les \u00e9tablissements d'enseignement  et de formation du premier et second degr\u00e9 ainsi q ue les \n\u00e9tablissements publics d'enseignement sup\u00e9rieur, le s noms des repr\u00e9sentants titulaires et suppl\u00e9ants s uivants \nsont ins\u00e9r\u00e9s : \n \n \n \n \n \nPr\u00e9fecture de la r\u00e9gion d'Ile-de-France, pr\u00e9fecture de Paris-Secr\u00e9tariat g\u00e9n\u00e9ral aux politiques publiques - IDF-2025-06-30-00003 -\nArr\u00eat\u00e9 modifiant l'arr\u00eat\u00e9 n\u00b0IDF-2025-06-10-00002 du 10 juin 2025 portant renouvellement de la composition du conseil\ninter-acad\u00e9mique de l'\u00e9ducation nationale (CIEN) d'\u00cele-de-France\n4\nPr\u00e9fecture de la r\u00e9gion d'\u00cele-de-France, pr\u00e9fecture de Paris \n5, rue Leblanc 75 911 Paris Cedex 15 | \uf028 Standard : 01 82 52 40 00 \nSite internet : https://www.prefectures-regions.gouv.fr/ile-de-france   \nTwitter : https://twitter.com/Prefet75_IDF | LindkedIn : https://www.linkedin.com/company/l-\u00e9tat-en-\u00eele-de-france/  \n             2 / 8 \n- au B relatif aux repr\u00e9sentants des personnels de l'enseignement sup\u00e9rieur : \n \nCFDT Education Formation Recherche Publiques \n \nTitulaire  Suppl\u00e9ant  \nMme Elisabeth SIOUDAN DEVAILLY Mme Ghislaine STERN \n \nCGT FERC Sup \n \nTitulaire  Suppl\u00e9ant  \nMme Solveig LANGEN Mme Christel POHER M. Antoine BOULANG\u00c9 \n \n- au C relatif aux repr\u00e9sentants des pr\u00e9sidents d'u niversit\u00e9 et directeurs d'\u00e9tablissement public \nd'enseignement sup\u00e9rieur : \n \nTitulaires  Suppl\u00e9ants  \nM. Edouard KAMINSKI, pr\u00e9sident de l'universit\u00e9 Pari s \nCit\u00e9 \nM. Xavier SENSE, vice-pr\u00e9sident du conseil \nd'administration de l'universit\u00e9 Paris Cit\u00e9 \nM. Daniel MOUCHARD, pr\u00e9sident de l'universit\u00e9 \nSorbonne Nouvelle \nMme Evelyne RICCI, vice-pr\u00e9sidente du conseil \nd'administration de l'universit\u00e9 Sorbonne Nouvelle \nM. Laurent GATINEAU, pr\u00e9sident de CY Universit\u00e9 M. Gabriel DESGRANGES, vice-pr\u00e9sident de CY \nUniversit\u00e9 \nM. Arnaud LAIM\u00c9, pr\u00e9sident de l'universit\u00e9 Paris 8 M. Pierre-Olivier CHAUMET, vice-pr\u00e9sident du consei l \nd'administration de l'universit\u00e9 Paris 8 \n \n2\u00b0 au E du II, relatif aux repr\u00e9sentants des usager s des services publics de l'\u00e9ducation nationale et de \nl'enseignement sup\u00e9rieur, le nom du repr\u00e9sentant suppl\u00e9ant suivant est ins\u00e9r\u00e9 : \n \nMouvement des entreprises de France (MEDEF) \n \nTitulaire  Suppl\u00e9ant  \nMme Alix LANGLAIS M. Jonathan PINET \n \n \nArticle 2 : La liste des membres du CIEN d'\u00cele-de-France, qui i nclut les repr\u00e9sentants des collectivit\u00e9s \nterritoriales d\u00e9sign\u00e9s par leur organe d\u00e9lib\u00e9rant, figurant pour information en annexe de l'arr\u00eat\u00e9 du 10 juin 2025 \nsusmentionn\u00e9, est remplac\u00e9e par la liste figurant e n annexe du pr\u00e9sent arr\u00eat\u00e9, telle que r\u00e9sultant des  \nmodifications r\u00e9alis\u00e9es par les dispositions de l'article 1 er  du pr\u00e9sent arr\u00eat\u00e9. \n \nArticle 3 : La pr\u00e9f\u00e8te, secr\u00e9taire g\u00e9n\u00e9rale aux politiques pu bliques de la pr\u00e9fecture de la r\u00e9gion d'Ile-de-Fran ce, \npr\u00e9fecture de Paris, la rectrice de la r\u00e9gion acad\u00e9 mique d'\u00cele-de-France, rectrice de l'acad\u00e9mie de Pa ris, \nchanceli\u00e8re des universit\u00e9s, le recteur de l'acad\u00e9m ie de Versailles, chancelier des universit\u00e9s, et le  recteur de \nl'acad\u00e9mie de Cr\u00e9teil, chancelier des universit\u00e9s, sont charg\u00e9s, chacun en ce qui le concerne, de l'ex \u00e9cution du \npr\u00e9sent arr\u00eat\u00e9, qui sera publi\u00e9 au recueil des acte s administratifs de la pr\u00e9fecture de la r\u00e9gion d'\u00cel e-de-France, \npr\u00e9fecture de Paris (\u00e9chelon de la r\u00e9gion d'Ile-de- France), accessible \u00e0 l'adresse : www.prefectures-\nregions.gouv.fr/ile-de-france. \n       \n \n \nFait \u00e0 Paris, le 30 juin 2025 \n \nLe Pr\u00e9fet de la R\u00e9gion d'\u00cele-de-France, \nPr\u00e9fet de Paris \n \nSign\u00e9 \n \nMarc GUILLAUME \n \n \n \nPr\u00e9fecture de la r\u00e9gion d'Ile-de-France, pr\u00e9fecture de Paris-Secr\u00e9tariat g\u00e9n\u00e9ral aux politiques publiques - IDF-2025-06-30-00003 -\nArr\u00eat\u00e9 modifiant l'arr\u00eat\u00e9 n\u00b0IDF-2025-06-10-00002 du 10 juin 2025 portant renouvellement de la composition du conseil\ninter-acad\u00e9mique de l'\u00e9ducation nationale (CIEN) d'\u00cele-de-France\n5\nPr\u00e9fecture de la r\u00e9gion d'\u00cele-de-France, pr\u00e9fecture de Paris \n5, rue Leblanc 75 911 Paris Cedex 15 | \uf028 Standard : 01 82 52 40 00 \nSite internet : https://www.prefectures-regions.gouv.fr/ile-de-france  \nTwitter : https://twitter.com/Prefet75_IDF  | LindkedIn : https://www.linkedin.com/company/l-\u00e9tat-en-\u00eele-de-f rance/  \n             3 / 8 \nAnnexe \u00e0 l'arr\u00eat\u00e9 du 10 juin 2025 portant renouvellement de la composition du conseil inter-acad\u00e9mique \nde l'\u00e9ducation nationale (CIEN) d'\u00cele-de-France, modifi\u00e9e par le pr\u00e9sent arr\u00eat\u00e9 : liste des membres du \nCIEN d'\u00cele-de-France \n \n \nPRESIDENTS  \n \nLe pr\u00e9fet de la r\u00e9gion d'\u00cele-de-France, pr\u00e9fet de paris \n \nLa pr\u00e9sidente du conseil r\u00e9gional d'\u00cele-de-France \n \nVICE-PRESIDENTS \n \nLa rectrice de la r\u00e9gion acad\u00e9mique d'\u00cele-de-France, rectrice de l'acad\u00e9mie de paris, chanceli\u00e8re des universit\u00e9s \n \nLe recteur de l'acad\u00e9mie de Versailles, chancelier des universit\u00e9s \n \nLe recteur de l'acad\u00e9mie de Cr\u00e9teil, chancelier des universit\u00e9s \n \nLa directrice r\u00e9gionale et interd\u00e9partementale de l 'alimentation, de l'agriculture et de la for\u00eat (DRI AAF) d'\u00cele-de-\nFrance \n \nLe  conseiller r\u00e9gional d'\u00cele-de-France d\u00e9l\u00e9gu\u00e9 \u00e0 cet effet par le conseil r\u00e9gional \n \n \nMEMBRES \n \nI. Au titre des repr\u00e9sentants des personnels titula ires de l'Etat exer\u00e7ant leurs fonctions dans les \nservices administratifs et les \u00e9tablissements d'ens eignement et de formation du premier et second \ndegr\u00e9 ainsi que les \u00e9tablissements publics d'enseignement sup\u00e9rieur \n \nA \u2013 Personnels des services administratifs et des \u00e9 tablissements scolaires dont au moins un \nrepr\u00e9sentant des personnels enseignants exer\u00e7ant se s fonctions dans les classes postbaccalaur\u00e9at des \nlyc\u00e9es \n \nF\u00e9d\u00e9ration syndicale unitaire (FSU) \n \nTitulaires  Suppl\u00e9ants  \nM. Pierre CLAUSTRE Mme Yelena SUSIC \nMme Dominique BOUILLAUD Mme Julie ROLLAND \nMme Ketty VALCKE M. Antoine TARDY \nM. Ludovic LAIGNEL Mme Myrna VANDERCAMER \nM. Sylvain QUIRION Mme Val\u00e9rie CHEMIN \n \nFSU (classes postbaccalaur\u00e9at des lyc\u00e9es) \n \nTitulaire  Suppl\u00e9ant  \nMme Odile CHENUT M. Christophe SCHNEIDER \n \nUnion nationale des syndicats autonomes (UNSA) \u00c9ducation \n \nTitulaires  Suppl\u00e9ants  \nM. Thierry FAUCONNIER Mme Pauline LABY-LE-CLERCQ \nM. Laurent BAYSSIERE Mme Anne-Sophie LACLAUTRE \n \n \n \n \n \n \n \nPr\u00e9fecture de la r\u00e9gion d'Ile-de-France, pr\u00e9fecture de Paris-Secr\u00e9tariat g\u00e9n\u00e9ral aux politiques publiques - IDF-2025-06-30-00003 -\nArr\u00eat\u00e9 modifiant l'arr\u00eat\u00e9 n\u00b0IDF-2025-06-10-00002 du 10 juin 2025 portant renouvellement de la composition du conseil\ninter-acad\u00e9mique de l'\u00e9ducation nationale (CIEN) d'\u00cele-de-France\n6\nPr\u00e9fecture de la r\u00e9gion d'\u00cele-de-France, pr\u00e9fecture de Paris \n5, rue Leblanc 75 911 Paris Cedex 15 | \uf028 Standard : 01 82 52 40 00 \nSite internet : https://www.prefectures-regions.gouv.fr/ile-de-france   \nTwitter : https://twitter.com/Prefet75_IDF | LindkedIn : https://www.linkedin.com/company/l-\u00e9tat-en-\u00eele-de-france/  \n             4 / 8 \nF\u00e9d\u00e9ration nationale de l'enseignement, de la cultu re et de la formation professionnelle \u2013 Force ouvri \u00e8re \n(FNEC - FP \u2013 FO) \n \nTitulaires  Suppl\u00e9ants  \nM. Beno\u00eet CONNETABLE Mme Delphine CASTAING \nM. Julian PICARD Mme Coralie BOUET LAHOULETTE \nMme Samia BARA Mme C\u00e9cile KOHLER \n \nSyndicat national des lyc\u00e9es, coll\u00e8ges, \u00e9coles et du sup\u00e9rieur (SNALC) \n \nTitulaire  Suppl\u00e9ant  \nMme Val\u00e9rie LEJEUNE-LAMBERT M. Franck MOULS \n \nConf\u00e9d\u00e9ration fran\u00e7aise d\u00e9mocratique du travail (CFDT) Education Formation Recherche Publiques \n \nTitulaire  Suppl\u00e9ant  \nMme Ala\u00efs BARKATE M. Olivier HAMMON \n \nConf\u00e9d\u00e9ration g\u00e9n\u00e9rale du travail (CGT) Education \n \nTitulaire  Suppl\u00e9ant  \nM. Thomas BEN SIMON Mme Emilie OLIVIER \n \nSolidaires, unitaires et d\u00e9mocratiques (SUD) Education \n \nTitulaire  Suppl\u00e9ant  \nM. Cyril BOISSEAU Mme Clo\u00e9 BUISSON \n \nB \u2013 Personnels de l'enseignement sup\u00e9rieur \n \nFSU \n \nTitulaire  Suppl\u00e9ant  \nM. Arnaud LE NY M. Ga\u00ebl MAHE \n \nCFDT Education Formation Recherche Publiques \n \nTitulaire  Suppl\u00e9ant  \nMme Elisabeth SIOUDAN DEVAILLY Mme Ghislaine STERN \n \nCGT FERC Sup \n \nTitulaire  Suppl\u00e9ant  \nMme Solveig LANGEN Mme Christel POHER M. Antoine BOULANG\u00c9 \n \nUNSA \n \nTitulaire  Suppl\u00e9ant  \nMme Martine SAMAMA Mme Cynthia TRAVERT \n \nSUD Education Paris \n \nTitulaire  Suppl\u00e9ant  \nM. Yves TOMIC Mme Ang\u00e9lique DEL REY \n \n \n \n \n \nPr\u00e9fecture de la r\u00e9gion d'Ile-de-France, pr\u00e9fecture de Paris-Secr\u00e9tariat g\u00e9n\u00e9ral aux politiques publiques - IDF-2025-06-30-00003 -\nArr\u00eat\u00e9 modifiant l'arr\u00eat\u00e9 n\u00b0IDF-2025-06-10-00002 du 10 juin 2025 portant renouvellement de la composition du conseil\ninter-acad\u00e9mique de l'\u00e9ducation nationale (CIEN) d'\u00cele-de-France\n7\nPr\u00e9fecture de la r\u00e9gion d'\u00cele-de-France, pr\u00e9fecture de Paris \n5, rue Leblanc 75 911 Paris Cedex 15 | \uf028 Standard : 01 82 52 40 00 \nSite internet : https://www.prefectures-regions.gouv.fr/ile-de-france  \nTwitter : https://twitter.com/Prefet75_IDF  | LindkedIn : https://www.linkedin.com/company/l-\u00e9tat-en-\u00eele-de-f rance/  \n             5 / 8 \nC \u2013 Pr\u00e9sidents d'universit\u00e9s et directeur d'\u00e9tablissements publics d'enseignement sup\u00e9rieur \n \nTitulaires  Suppl\u00e9ants  \nM. Edouard KAMINSKI, pr\u00e9sident de l'universit\u00e9 Pari s \nCit\u00e9 \nM. Xavier SENSE, vice-pr\u00e9sident du conseil \nd'administration de l'universit\u00e9 Paris Cit\u00e9 \nM. Daniel MOUCHARD, pr\u00e9sident de l'universit\u00e9 \nSorbonne Nouvelle \nMme Evelyne RICCI, vice-pr\u00e9sidente du conseil \nd'administration de l'universit\u00e9 Sorbonne Nouvelle \nM. Laurent GATINEAU, pr\u00e9sident de CY Universit\u00e9 M. Gabriel DESGRANGES, vice-pr\u00e9sident de CY \nUniversit\u00e9 \nM. Arnaud LAIM\u00c9, pr\u00e9sident de l'universit\u00e9 Paris 8 M. Pierre-Olivier CHAUMET, vice-pr\u00e9sident du consei l \nd'administration de l'universit\u00e9 Paris 8 \n \nD \u2013 Personnels des services administratifs et des \u00e9 tablissements publics d'enseignement et de \nformation agricole si\u00e9geant au comit\u00e9 r\u00e9gional de l'enseignement agricole \n \nSyndicat national de l'enseignement technique agricole public (SNETAP) - FSU \n \nTitulaire  Suppl\u00e9ant  \nMme Claire PINAULT M. Antonio DOS SANTOS \n \nE \u2013 Personnels des \u00e9tablissements publics d'enseignement sup\u00e9rieur agricole ou v\u00e9t\u00e9rinaire \n \nSyndicat national de l'enseignement technique agricole public (SNETAP) - FSU \n \nTitulaire  Suppl\u00e9ant  \nM. Bruno POLACK M. Christophe DOURSAT \n \nII. Au titre des repr\u00e9sentants des usagers des serv ices publics de l'\u00e9ducation nationale et de \nl'enseignement sup\u00e9rieur \n \nA \u2013 Parents d'\u00e9l\u00e8ves au titre des \u00e9tablissements scolaires relevant du minist\u00e8re de l'\u00e9ducation nationale \n \nF\u00e9d\u00e9ration des conseils de parents d'\u00e9l\u00e8ves (FCPE) \n \nTitulaires  Suppl\u00e9ants  \nM. Samir ALIOUA M. Patrice FUR\u00c9  \nMme Sylvaine BAEHREL Mme Herveline FABRE \nM. Julien NEYER M. Hamid OUIDIR \nM. Stephen BESSEAU M. Alain MORAES \nMme Marie-Carolyn DOMAIN Mme Mariam RAHHALI \n \nUnion nationale des associations autonomes de parents d'\u00e9l\u00e8ves (UNAAPE) \n \nTitulaire  Suppl\u00e9ant  \nM. Nabil BOUZERNA Mme Karine FLON MATHIS \n \nF\u00e9d\u00e9ration des parents d'\u00e9l\u00e8ves de l'enseignement public (PEEP) \n \nTitulaire  Suppl\u00e9ant  \nM. Laurent ZAMECZKOWSKI Mme Aurore BRIEDA \n \nB \u2013 Parents d'\u00e9l\u00e8ves au titre des \u00e9tablissements scolaires relevant du minist\u00e8re de l'agriculture \n \nUNAAPE (parents d'\u00e9l\u00e8ve de l'enseignement agricole) \n \nTitulaire  Suppl\u00e9ant  \nMme. B\u00e9n\u00e9dicte KALYNIAK M. Maxime PERRIN \n \n \n \nPr\u00e9fecture de la r\u00e9gion d'Ile-de-France, pr\u00e9fecture de Paris-Secr\u00e9tariat g\u00e9n\u00e9ral aux politiques publiques - IDF-2025-06-30-00003 -\nArr\u00eat\u00e9 modifiant l'arr\u00eat\u00e9 n\u00b0IDF-2025-06-10-00002 du 10 juin 2025 portant renouvellement de la composition du conseil\ninter-acad\u00e9mique de l'\u00e9ducation nationale (CIEN) d'\u00cele-de-France\n8\nPr\u00e9fecture de la r\u00e9gion d'\u00cele-de-France, pr\u00e9fecture de Paris \n5, rue Leblanc 75 911 Paris Cedex 15 | \uf028 Standard : 01 82 52 40 00 \nSite internet : https://www.prefectures-regions.gouv.fr/ile-de-france   \nTwitter : https://twitter.com/Prefet75_IDF | LindkedIn : https://www.linkedin.com/company/l-\u00e9tat-en-\u00eele-de-france/  \n             6 / 8 \nC \u2013 \u00c9tudiants \n \nUnion nationale des \u00e9tudiants de France (UNEF) \n \nTitulaires  Suppl\u00e9ants  \n  \n  \n  \n \nUnion \u00e9tudiante \n \nTitulaires  Suppl\u00e9ants  \n  \n  \n \nF\u00e9d\u00e9rations des associations g\u00e9n\u00e9rales \u00e9tudiantes (FAGE) \n \nTitulaire  Suppl\u00e9ant  \nMme Pauline L'HOTTELLIER  M. Ilane L\u00ca \n \nD \u2013 Organisations syndicales de salari\u00e9s \n \nUNSA  \n \nTitulaire  Suppl\u00e9ant  \nMme Bernardine BELLANCE-LACORDELLE Mme Yolande MASCATO \n \nConf\u00e9d\u00e9ration fran\u00e7aise des travailleurs chr\u00e9tiens (CFTC)  \n \nTitulaire  Suppl\u00e9ant  \nMme Sophie BUREAU GANTIER Mme Am\u00e9lia LEMAIRE \n \nConf\u00e9d\u00e9ration fran\u00e7aise de l'encadrement \u2013 Conf\u00e9d\u00e9ration g\u00e9n\u00e9rale des cadres (CFE CGC)   \n \nTitulaire  Suppl\u00e9ant  \n  \n \nFO   \n \nTitulaire  Suppl\u00e9ant  \nMme Krystina ARTAZ M. Olivier FRANCOIS \n \nConf\u00e9d\u00e9ration fran\u00e7aise d\u00e9mocratique du travail (CFDT)   \n \nTitulaire  Suppl\u00e9ant  \nM. Philippe ANTOINE M. Marc FRANCON \n \nConf\u00e9d\u00e9ration g\u00e9n\u00e9rale du travail (CGT)   \n \nTitulaire  Suppl\u00e9ant  \nM Yannick BILIEC M Charles AFFATICATI \n \nE \u2013 Organisations syndicales d'employeurs \n \nUnion des employeurs de l'\u00e9conomie sociale et solidaire (UDES) \n \nTitulaire  Suppl\u00e9ant  \n  \n \n \nPr\u00e9fecture de la r\u00e9gion d'Ile-de-France, pr\u00e9fecture de Paris-Secr\u00e9tariat g\u00e9n\u00e9ral aux politiques publiques - IDF-2025-06-30-00003 -\nArr\u00eat\u00e9 modifiant l'arr\u00eat\u00e9 n\u00b0IDF-2025-06-10-00002 du 10 juin 2025 portant renouvellement de la composition du conseil\ninter-acad\u00e9mique de l'\u00e9ducation nationale (CIEN) d'\u00cele-de-France\n9\nPr\u00e9fecture de la r\u00e9gion d'\u00cele-de-France, pr\u00e9fecture de Paris \n5, rue Leblanc 75 911 Paris Cedex 15 | \uf028 Standard : 01 82 52 40 00 \nSite internet : https://www.prefectures-regions.gouv.fr/ile-de-france  \nTwitter : https://twitter.com/Prefet75_IDF  | LindkedIn : https://www.linkedin.com/company/l-\u00e9tat-en-\u00eele-de-f rance/  \n             7 / 8 \nMouvement des entreprises de France (MEDEF) \n \nTitulaire  Suppl\u00e9ant  \nMme Alix LANGLAIS M. Jonathan PINET \n \nConf\u00e9d\u00e9ration des petites et moyennes entreprises (CGPME) \n \nTitulaire  Suppl\u00e9ant  \n  \n \nChambre nationale des professions lib\u00e9rales (CNPL) \n \nTitulaire  Suppl\u00e9ant  \nMme Val\u00e9rie NO\u00cbL M. St\u00e9phane SULTAN \n \nUnion des entreprises de proximit\u00e9 (U2P)   \n \nTitulaire  Suppl\u00e9ant  \nMme Nathalie DELORME  \n \nF \u2013 Exploitants agricoles \n \nF\u00e9d\u00e9ration r\u00e9gionale des syndicats d'exploitants agricoles (FRSEA-IDF) \n \nTitulaire  Suppl\u00e9ant  \nMme Amandine MURET-BEGUIN Monsieur Louis-Daniel CHA MPY \n \nG \u2013 Repr\u00e9sentants du Conseil \u00e9conomique, social et environnemental r\u00e9gional (CESER) d'\u00cele-de-France \n \nTitulaire  Suppl\u00e9ant  \nMme Val\u00e9rie M\u00dcLLER (en tant que pr\u00e9sidente du \nCESER) \nMme Evelyne CIRIEGI \n \n \nIII. Au titre des repr\u00e9sentants des collectivit\u00e9s t erritoriales \n \nA \u2013 Conseillers r\u00e9gionaux d'\u00cele-de-France \n \nTitulaires  Suppl\u00e9ants  \nM. Geoffrey CARVALHINHO ISENTO Mme Delphine B\u00dcRLKI \nMme Alexandra SZPINER Mme Marie-Do AESCHLIMANN \nMme Murielle MARTIN-CHAM Mme Sylvie HABERT-DUPUIS \nMme Sylvie PIGANEAU Mme Elise GONZALES \nMme France-Lise VALIER Mme Mama SY \nM. Bernard GAUDUCHEAU Mme Laure-Agn\u00e8s MOLLARD-CADIX  \nM. James CHERON M. Benjamin CHKROUN \nMme Carine PELEGRIN Mme Charlotte NENNER \nM. Yannick TRIGANCE Mme Dieynaba DIOP \nM. Rapha\u00ebl QNOUCH Mme Colette GERGEN \n \nB \u2013 Conseillers d\u00e9partementaux  \n \nSeine-et-Marne \n \nTitulaire  Suppl\u00e9ant  \n  \n \n \n \n \nPr\u00e9fecture de la r\u00e9gion d'Ile-de-France, pr\u00e9fecture de Paris-Secr\u00e9tariat g\u00e9n\u00e9ral aux politiques publiques - IDF-2025-06-30-00003 -\nArr\u00eat\u00e9 modifiant l'arr\u00eat\u00e9 n\u00b0IDF-2025-06-10-00002 du 10 juin 2025 portant renouvellement de la composition du conseil\ninter-acad\u00e9mique de l'\u00e9ducation nationale (CIEN) d'\u00cele-de-France\n10\nPr\u00e9fecture de la r\u00e9gion d'\u00cele-de-France, pr\u00e9fecture de Paris \n5, rue Leblanc 75 911 Paris Cedex 15 | \uf028 Standard : 01 82 52 40 00 \nSite internet : https://www.prefectures-regions.gouv.fr/ile-de-france   \nTwitter : https://twitter.com/Prefet75_IDF | LindkedIn : https://www.linkedin.com/company/l-\u00e9tat-en-\u00eele-de-france/  \n             8 / 8 \nYvelines \n \nTitulaire  Suppl\u00e9ant  \n  \n \nEssonne  \n \nTitulaire  Suppl\u00e9ant  \nM. J\u00e9r\u00f4me BERENGER M. Alexandre TOUZET \n \nHauts-de-Seine   \n \nTitulaire  Suppl\u00e9ant  \nMme Nathalie LEANDRI M. Xabi ELIZAGOYEN \n \nSeine-Saint-Denis   \n \nTitulaire  Suppl\u00e9ant  \n  \n \nVal-de-Marne   \n \nTitulaire  Suppl\u00e9ant  \n  \n \nVal d'Oise \n \nTitulaire  Suppl\u00e9ant  \n  \n \nC \u2013 Conseillers de Paris \n \nTitulaires  Suppl\u00e9ants  \nM. Emmanuel COBLENCE Mme C\u00e9line HERVIEU \nM. Patrick BLOCHE M. Boris JAMET-FOURNIER \nM. Jean-No\u00ebl AQUA Mme Barbara GOMES \nMme Rapha\u00eblle REMY-LELEU M. Fr\u00e9d\u00e9ric BADINA-SERPETTE \nMme In\u00e8s DE RAGUENEL Mme Aur\u00e9lie PIRILLO \n \nD \u2013 Maires et conseillers municipaux (hors Ville de Paris) \n \nTitulaires  Suppl\u00e9ants  \nMme Marie-Line PICHERY (Savigny-le-Temple) M. Jacques GRUBER (Saint-Cloud) \nM. Patrice GEBAUER (Le Thillay) Mme Xavi\u00e8re MARTIN (Vanves) \nM. Guy GEOFFROY (Combs-la-Ville) Mme Sylvie HABERT-DUPUIS (Saint-Germain-en-\nLaye) \nM. Dominique LANOE (Cachan) Mme Agn\u00e8s FISZLEIBER (Ville-d'Avray) \nMme Elisabeth MARTIN-CHATENET (Villepreux) M. Daniel MAUREY (Boinville-en-Mantois) \n \nPr\u00e9fecture de la r\u00e9gion d'Ile-de-France, pr\u00e9fecture de Paris-Secr\u00e9tariat g\u00e9n\u00e9ral aux politiques publiques - IDF-2025-06-30-00003 -\nArr\u00eat\u00e9 modifiant l'arr\u00eat\u00e9 n\u00b0IDF-2025-06-10-00002 du 10 juin 2025 portant renouvellement de la composition du conseil\ninter-acad\u00e9mique de l'\u00e9ducation nationale (CIEN) d'\u00cele-de-France\n11","date":"2025-06-30","first_seen_on":"2025-06-30T10:33:44+00:00","id":"81157deead6fd5036fa95f9e3d9bd4c9fefca0d40b4965abe22b826452978385","name":"recueil-idf-059-2025-06-RAA-nominatifs du 30.06.2025","pdf_creation_date":"2025-06-30T10:02:15+00:00","pdf_modification_date":null,"timezone":"Europe/Paris","url":"https://www.prefectures-regions.gouv.fr/ile-de-france/irecontenu/telechargement/128933/950058/file/recueil-idf-059-2025-06-RAA-nominatifs%20du%2030.06.2025.pdf"}
