{"administration":"pref03","administration_name":"Pr\u00e9fecture de l\u2019Allier","content":"ALLIER\nRECUEIL DES ACTES\nADMINISTRATIFS SP\u00c9CIAL\nN\u00b003-2026-042\nPUBLI\u00c9 LE 24 F\u00c9VRIER 2026\nSommaire\n03_DDETSPP_Direction D\u00e9partementale de l'Emploi, du Travail, des\nSolidarit\u00e9s et de la Protection des Populations de l'Allier /\n03-2026-02-24-00001 - Extrait de l'arr\u00eat\u00e9 pr\u00e9fectoral n\u00b0366/2026\ndu 24 f\u00e9vrier 2026 portant sur la nomination des membres de la\ncommission d\u00e9partementale d'examen des situations de surendettement\ndes particuliers (2 pages) Page 3\n03_Pr\u00e9f_Pr\u00e9fecture de l'Allier / Direction de la Coordination des\nPolitiques Publique\n03-2026-02-23-00002 - Extrait de l'arr\u00eat\u00e9 n\u00b0355/2026 du 23 f\u00e9vrier\n2026 portant d\u00e9l\u00e9gation de signature \u00e0 Madame Cyrielle FRANCHI,\nsous-pr\u00e9f\u00e8te, directrice de cabinet du pr\u00e9fet de l'Allier (2 pages) Page 6\n03-2026-02-23-00003 - Extrait n\u00b0356/2026 du 23 f\u00e9vrier 2026 portant\nd\u00e9l\u00e9gation de signature \u00e0 Madame Cyrielle FRANCHI,\nsous-pr\u00e9f\u00e8te, directrice de cabinet du pr\u00e9fet de l'Allier, en mati\u00e8re\nd'ordonnancement secondaire (2 pages) Page 9\n2\n03_DDETSPP_Direction D\u00e9partementale de\nl'Emploi, du Travail, des Solidarit\u00e9s et de la\nProtection des Populations de l'Allier\n03-2026-02-24-00001\nExtrait de l'arr\u00eat\u00e9 pr\u00e9fectoral n\u00b0366/2026 du 24\nf\u00e9vrier 2026 portant sur la nomination des\nmembres de la commission d\u00e9partementale\nd'examen des situations de surendettement des\nparticuliers\n03_DDETSPP_Direction D\u00e9partementale de l'Emploi, du Travail, des Solidarit\u00e9s et de la Protection des Populations de l'Allier -\n03-2026-02-24-00001 - Extrait de l'arr\u00eat\u00e9 pr\u00e9fectoral n\u00b0366/2026 du 24 f\u00e9vrier 2026 portant sur la nomination des membres de la\ncommission d\u00e9partementale d'examen des situations de surendettement des particuliers\n3\nExtrait de l'arr\u00eat\u00e9 pr\u00e9fectoral n\u00b0366/2026 du 24 f\u00e9vrier 2026 p ortant sur  la nomination des\nmembres de la commission d\u00e9partementale d'examen des situations de surendettement des\nparticuliers\nArticle  1er\u00a0: \u00a0 La \u00a0 commission \u00a0 d\u00e9partementale \u00a0 d'examen \u00a0 des \u00a0 situations \u00a0 de \u00a0 surendettement \u00a0 des\nparticuliers\u00a0est\u00a0compos\u00e9e\u00a0comme\u00a0suit\u00a0:\nLe\u00a0pr\u00e9fet\u00a0en\u00a0qualit\u00e9\u00a0de\u00a0pr\u00e9sident\u00a0:\n-\u00a0M.\u00a0le\u00a0pr\u00e9fet,\u00a0ou\u00a0son\u00a0d\u00e9l\u00e9gu\u00e9,\u00a0M.\u00a0No\u00ebl\u00a0QUIPOURT ,\u00a0directeur\u00a0d\u00e9partemental\u00a0de\u00a0l'emploi,\u00a0du\u00a0travail,\ndes \u00a0 solidarit\u00e9s \u00a0 et \u00a0 de \u00a0 la \u00a0 protection \u00a0 des \u00a0 populations \u00a0 ou \u00a0 ses \u00a0 deux \u00a0 repr\u00e9sentants, \u00a0 Mme \u00a0 Maud\nLAMBERT\u00a0et\u00a0Mme\u00a0Delphine\u00a0SUDRE\nLe\u00a0directeur\u00a0d\u00e9partemental\u00a0des\u00a0finances\u00a0publiques\u00a0en\u00a0qualit\u00e9\u00a0de\u00a0vice-pr\u00e9sident\u00a0:\n-\u00a0M.\u00a0le\u00a0Directeur\u00a0d\u00e9partemental\u00a0des\u00a0Finances\u00a0publiques,\u00a0M.Jacques\u00a0OZIOL,\u00a0ou\u00a0sa\u00a0d\u00e9l\u00e9gu\u00e9e,\u00a0Mme\nFlorence \u00a0 BOUGNAUD-VEDEL, \u00a0 Administratrice \u00a0 des \u00a0 Finances \u00a0 publiques \u00a0 Adjointe, \u00a0 ou \u00a0 ses \u00a0 deux\nrepr\u00e9sentants,\u00a0M.\u00a0Mihoub\u00a0BOULEBBINA\u00a0et\u00a0Mme\u00a0Cindy\u00a0ARVIS\nLe\u00a0Directeur\u00a0d\u00e9partemental\u00a0de\u00a0la\u00a0Banque\u00a0de\u00a0France\u00a0en\u00a0qualit\u00e9\u00a0de\u00a0secr\u00e9taire\u00a0:\n-\u00a0M.\u00a0le\u00a0directeur\u00a0de\u00a0la\u00a0Banque\u00a0de\u00a0France,\u00a0M.\u00a0Fr\u00e9d\u00e9ric\u00a0SALLIOT ,\u00a0ou\u00a0son\u00a0repr\u00e9sentant\nRepr\u00e9sentants \u00a0 de \u00a0 l'association \u00a0 fran\u00e7aise \u00a0 des \u00a0 \u00e9tablissements \u00a0 de \u00a0 cr\u00e9dit \u00a0 et \u00a0 des \u00a0 entreprises\nd'investissement\u00a0:\n-\u00a0Mme\u00a0Elodie\u00a0LELARGE,\u00a0responsable\u00a0du\u00a0recouvrement\u00a0client\u00e8le\u00a0 des\u00a0particuliers\u00a0-\u00a0Cr\u00e9dit\u00a0Agricole\nCentre\u00a0France\u00a0\n-\u00a0M.\u00a0Bertrand\u00a0CUBAYNES,\u00a0Directeur\u00a0de\u00a0Client\u00e8le\u00a0Particuliers\u00a0-\u00a0Banque\u00a0Populaire\u00a0Aura\u00a0-\u00a0suppl\u00e9ant.\nRepr\u00e9sentants\u00a0des\u00a0associations\u00a0familiales\u00a0ou\u00a0de\u00a0consommateurs\u00a0:\n-\u00a0M.\u00a0Jo\u00ebl\u00a0FAVIER,\u00a0association\u00a0Force\u00a0Ouvri\u00e8re\u00a0consommateurs,\u00a0titulaire,\nRepr\u00e9sentants\u00a0du\u00a0domaine\u00a0de\u00a0l'\u00e9conomie\u00a0sociale\u00a0et\u00a0familiale\u00a0:\n-\u00a0Mme\u00a0Emilie\u00a0LAMBERT ,\u00a0titulaire,\n-\u00a0Mme\u00a0C\u00e9cile\u00a0SOURZAC,\u00a0suppl\u00e9ante.\nRepr\u00e9sentants\u00a0du\u00a0domaine\u00a0juridique\u00a0:\n-\u00a0Mme\u00a0Maryse\u00a0SIMANA,\u00a0titulaire.\nArticle 2\u00a0:\u00a0Les\u00a0dispositions\u00a0de\u00a0l'arr\u00eat\u00e9\u00a0pr\u00e9fectoral\u00a0n\u00b01816/2025\u00a0du\u00a027\u00a0ao\u00fbt\u00a02025\u00a0sont\u00a0abrog\u00e9es.\nArticle 3\u00a0:\u00a0Selon\u00a0les\u00a0dispositions\u00a0de\u00a0l'arr\u00eat\u00e9\u00a0n\u00b02468/2014\u00a0du\u00a010\u00a0octobre\u00a02014\u00a0susvis\u00e9,\u00a0la\u00a0dur\u00e9e\u00a0du\nmandat\u00a0des\u00a0membres\u00a0de\u00a0cette\u00a0instance\u00a0est\u00a0fix\u00e9e\u00a0\u00e0\u00a0deux\u00a0ans\u00a0\u00e0\u00a0compter\u00a0de\u00a0la\u00a0date\u00a0de\u00a0publication\u00a0du\npr\u00e9sent\u00a0arr\u00eat\u00e9,\u00a0renouvelable\u00a0par\u00a0tacite\u00a0reconduction.\nPage\u00a01/2Pr\u00e9fecture\u00a0de\u00a0l'Allier\n2\u00a0rue\u00a0Michel\u00a0de\u00a0l'Hospital\nCS\u00a031649\u00a0-\u00a003016\u00a0MOULINS\u00a0Cedex\nT\u00e9l.\u00a004\u00a070\u00a048\u00a030\u00a000\u00a0-\nwww.allier.gouv.fr\n03_DDETSPP_Direction D\u00e9partementale de l'Emploi, du Travail, des Solidarit\u00e9s et de la Protection des Populations de l'Allier -\n03-2026-02-24-00001 - Extrait de l'arr\u00eat\u00e9 pr\u00e9fectoral n\u00b0366/2026 du 24 f\u00e9vrier 2026 portant sur la nomination des membres de la\ncommission d\u00e9partementale d'examen des situations de surendettement des particuliers\n4\nArticle  4 : \u00a0 La \u00a0 pr\u00e9sente \u00a0 d\u00e9cision \u00a0 peut \u00a0 faire \u00a0 l'objet \u00a0 d'un \u00a0 recours \u00a0 contentieux \u00a0 devant \u00a0 le \u00a0 tribunal\nadministratif \u00a0 de \u00a0 Clermont-Ferrand \u00a0 dans \u00a0 le \u00a0 d\u00e9lai \u00a0 de \u00a0 deux \u00a0 mois \u00a0 suivant \u00a0 sa \u00a0 notification, \u00a0 soit \u00a0 par\ncourrier,\u00a0soit\u00a0par\u00a0l'application\u00a0informatique\u00a0T\u00e9l\u00e9recours\u00a0accessible,\u00a0sur\u00a0le\u00a0site\u00a0www.telerecours.fr.\u00a0Ce\nd\u00e9lai \u00a0 commence \u00a0 \u00e0 \u00a0 courir \u00a0 \u00e0 \u00a0 compter \u00a0 du \u00a0 jour \u00a0 de \u00a0 la \u00a0 notification \u00a0 du \u00a0 pr\u00e9sent \u00a0 arr\u00eat\u00e9. \u00a0 T out\u00a0 recours\nadministratif \u00a0 pr\u00e9alable \u00a0 (gracieux \u00a0 ou \u00a0 hi\u00e9rarchique) \u00a0 ou \u00a0 devant \u00a0 une \u00a0 juridiction \u00a0 incomp\u00e9tente\nn'interrompt\u00a0pas\u00a0ce\u00a0d\u00e9lai.\nArticle 5\u00a0:\u00a0Le\u00a0secr\u00e9taire\u00a0g\u00e9n\u00e9ral\u00a0de\u00a0la\u00a0pr\u00e9fecture,\u00a0le\u00a0directeur\u00a0d\u00e9partemental\u00a0des\u00a0finances\u00a0publiques\net\u00a0le\u00a0directeur\u00a0de\u00a0la\u00a0banque\u00a0de\u00a0France\u00a0sont\u00a0charg\u00e9s,\u00a0chacun\u00a0en\u00a0ce\u00a0qui\u00a0le\u00a0concerne,\u00a0de\u00a0l'ex\u00e9cution\ndu\u00a0pr\u00e9sent\u00a0arr\u00eat\u00e9,\u00a0qui\u00a0sera\u00a0publi\u00e9\u00a0au\u00a0recueil\u00a0des\u00a0actes\u00a0administratifs\u00a0de\u00a0la\u00a0pr\u00e9fecture\u00a0de\u00a0l'Allier,\naffich\u00e9\u00a0 dans \u00a0 les\u00a0 locaux \u00a0 du \u00a0 secr\u00e9tariat \u00a0 de \u00a0 la\u00a0 commission \u00a0 et\u00a0 accessible \u00a0 sur\u00a0 le \u00a0 site\u00a0 internet \u00a0 de \u00a0 la\nBanque\u00a0de\u00a0France.\nLe\u00a0pr\u00e9fet,\nSIGN\u00c9\nChristophe\u00a0NO\u00cbL\u00a0du\u00a0PAYRAT\nPage\u00a02/2Pr\u00e9fecture\u00a0de\u00a0l'Allier\n2\u00a0rue\u00a0Michel\u00a0de\u00a0l'Hospital\nCS\u00a031649\u00a0-\u00a003016\u00a0MOULINS\u00a0Cedex\nT\u00e9l.\u00a004\u00a070\u00a048\u00a030\u00a000\u00a0-\nwww.allier.gouv.fr\nMoulins,\u00a0le\u00a024\u00a0f\u00e9vrier\u00a02026\n03_DDETSPP_Direction D\u00e9partementale de l'Emploi, du Travail, des Solidarit\u00e9s et de la Protection des Populations de l'Allier -\n03-2026-02-24-00001 - Extrait de l'arr\u00eat\u00e9 pr\u00e9fectoral n\u00b0366/2026 du 24 f\u00e9vrier 2026 portant sur la nomination des membres de la\ncommission d\u00e9partementale d'examen des situations de surendettement des particuliers\n5\n03_Pr\u00e9f_Pr\u00e9fecture de l'Allier\n03-2026-02-23-00002\nExtrait de l'arr\u00eat\u00e9 n\u00b0355/2026 du 23 f\u00e9vrier 2026\nportant d\u00e9l\u00e9gation de signature \u00e0 Madame\nCyrielle FRANCHI, sous-pr\u00e9f\u00e8te, directrice de\ncabinet du pr\u00e9fet de l'Allier\n03_Pr\u00e9f_Pr\u00e9fecture de l'Allier - 03-2026-02-23-00002 - Extrait de l'arr\u00eat\u00e9 n\u00b0355/2026 du 23 f\u00e9vrier 2026 portant d\u00e9l\u00e9gation de signature\n\u00e0 Madame Cyrielle FRANCHI, sous-pr\u00e9f\u00e8te, directrice de cabinet du pr\u00e9fet de l'Allier 6\nPREFETDE L'ALLIERLibert\u00e9Egalit\u00e9Fraternit\u00e9\n   \nExtrait de l'arr\u00eat\u00e9 n\u00b0 355/2026 du 23 f\u00e9vrier 2026\nportant d\u00e9l\u00e9gation de signature\n\u00e0 Madame Cyrielle FRANCHI,\nsous-pr\u00e9f\u00e8te, directrice de cabinet du pr\u00e9fet de l'Allier\nArticle     1     -\u00a0D\u00e9l\u00e9gation\u00a0de\u00a0signature\u00a0est\u00a0donn\u00e9e\u00a0\u00e0 \u00a0Mme Cyrielle FRANCHI, \u00a0sous-pr\u00e9f\u00e8te, \u00a0directrice de\ncabinet du pr\u00e9fet de l'Allier,\u00a0dans\u00a0la\u00a0limite\u00a0des\u00a0attributions\u00a0de\u00a0son\u00a0service\u00a0\u00e9num\u00e9r\u00e9es\u00a0dans\u00a0l'annexe\u00a0de\nl'arr\u00eat\u00e9\u00a0pr\u00e9fectoral\u00a0n\u00b0\u00a0520/2025\u00a0du\u00a019\u00a0mars\u00a02025\u00a0portant\u00a0organisation\u00a0des\u00a0services\u00a0de\u00a0la\u00a0pr\u00e9fecture\u00a0et\u00a0des\nsous-pr\u00e9fectures\u00a0de\u00a0l'Allier.\nArticle     2   -\u00a0En\u00a0cas\u00a0d'absence\u00a0ou\u00a0d'emp\u00eachement\u00a0de\u00a0Mme\u00a0la\u00a0directrice\u00a0de\u00a0cabinet,\u00a0d\u00e9l\u00e9gation\u00a0de\u00a0signature\u00a0qui\nlui\u00a0est\u00a0conf\u00e9r\u00e9e\u00a0par\u00a0l'article\u00a01\u00a0du\u00a0pr\u00e9sent\u00a0arr\u00eat\u00e9\u00a0sera\u00a0exerc\u00e9e\u00a0par\u00a0les\u00a0cheffes\u00a0de\u00a0bureau\u00a0d\u00e9sign\u00e9es\u00a0ci-apr\u00e8s,\ndans\u00a0la\u00a0limite\u00a0des\u00a0attributions\u00a0de\u00a0leur\u00a0bureau\u00a0et\u00a0de\u00a0leur\u00a0fiche\u00a0de\u00a0poste\u00a0respectives\u00a0:\n\uf0d8 Mme Axelle BACQUEVILLE,\u00a0attach\u00e9e\u00a0d'administration\u00a0de\u00a0l'\u00c9tat,\u00a0cheffe\u00a0du\u00a0bureau\u00a0du\u00a0cabinet\u00a0et\nde\u00a0la\u00a0communication\u00a0interminist\u00e9rielle\u00a0;\n\uf0d8 Mme Pauline MAILLARD,\u00a0attach\u00e9e\u00a0d'administration\u00a0de\u00a0l'\u00c9tat,\u00a0cheffe\u00a0du\u00a0bureau\u00a0de\u00a0la\u00a0s\u00e9curit\u00e9\nint\u00e9rieure\u00a0;\n\uf0d8 Mme V\u00e9ronique WADEL,\u00a0cheffe\u00a0du\u00a0service\u00a0interminist\u00e9riel\u00a0de\u00a0d\u00e9fense\u00a0et\u00a0de\u00a0protection\u00a0civile\u00a0;\n\uf0d8 Mme  Sophie  DAMLENCOURT-MOREAU, \u00a0 attach\u00e9e,\u00a0 cheffe \u00a0 du \u00a0 bureau \u00a0 transports\u00a0 et\nd\u00e9placements\u00a0-\u00a0Coordinatrice\u00a0d\u00e9partementale\u00a0de\u00a0s\u00e9curit\u00e9\u00a0routi\u00e8re\u00a0-\u00a0Direction\u00a0d\u00e9partementale\u00a0des\nterritoires.\nArticle     3  \u00a0-\u00a0En\u00a0cas\u00a0d'absence\u00a0ou\u00a0d'emp\u00eachement\u00a0simultan\u00e9\u00a0de\u00a0Mme\u00a0la\u00a0directrice\u00a0de\u00a0cabinet\u00a0et\u00a0de\u00a0Mme\u00a0Axelle\nBACQUEVILLE,\u00a0 la\u00a0 d\u00e9l\u00e9gation\u00a0 de\u00a0 signature\u00a0 est\u00a0 donn\u00e9e\u00a0 \u00e0 \u00a0M. S\u00e9bastien JOLY, \u00a0 agent\u00a0 contractuel\u00a0 de\ncat\u00e9gorie\u00a0B,\u00a0adjoint\u00a0\u00e0\u00a0la\u00a0cheffe\u00a0du\u00a0bureau\u00a0du\u00a0cabinet\u00a0et\u00a0de\u00a0la\u00a0communication\u00a0interminist\u00e9rielle,\u00a0dans\u00a0la\u00a0limite\ndes\u00a0attributions\u00a0du\u00a0bureau\u00a0et\u00a0de\u00a0sa\u00a0fiche\u00a0de\u00a0poste.\nArticle     4  \u00a0-\u00a0En \u00a0 cas\u00a0 d'absence\u00a0 ou \u00a0 d'emp\u00eachement\u00a0 simultan\u00e9\u00a0 de \u00a0 Mme\u00a0 la \u00a0 directrice\u00a0 de \u00a0 cabinet\u00a0 et \u00a0 de\nMme\u00a0Pauline\u00a0MAILLARD,\u00a0la\u00a0d\u00e9l\u00e9gation\u00a0de\u00a0signature\u00a0est\u00a0donn\u00e9e\u00a0\u00e0 \u00a0Mme Malorie CHANARD,\u00a0secr\u00e9taire\nadministrative\u00a0de\u00a0classe\u00a0exceptionnelle,\u00a0adjointe\u00a0\u00e0\u00a0la\u00a0cheffe\u00a0du\u00a0bureau\u00a0de\u00a0la\u00a0s\u00e9curit\u00e9\u00a0int\u00e9rieure,\u00a0dans\u00a0la\u00a0limite\ndes\u00a0attributions\u00a0du\u00a0bureau\u00a0et\u00a0de\u00a0sa\u00a0fiche\u00a0de\u00a0poste.\nArticle     5   -\u00a0En \u00a0 cas\u00a0 d'absence\u00a0 ou \u00a0 d'emp\u00eachement\u00a0 simultan\u00e9\u00a0 de \u00a0 Mme\u00a0 la \u00a0 directrice\u00a0 de \u00a0 cabinet\u00a0 et \u00a0 de\nMme\u00a0V\u00e9ronique\u00a0WADEL,\u00a0la\u00a0d\u00e9l\u00e9gation\u00a0de\u00a0signature\u00a0est\u00a0donn\u00e9e\u00a0\u00e0\u00a0M. Jean-Luc VIGNAUD,\u00a0attach\u00e9,\u00a0adjoint\u00a0\u00e0\nla\u00a0cheffe\u00a0du\u00a0service\u00a0interminist\u00e9riel\u00a0de\u00a0d\u00e9fense\u00a0et\u00a0de\u00a0protection\u00a0civile,\u00a0dans\u00a0la\u00a0limite\u00a0des\u00a0attributions\u00a0du\u00a0bureau\net\u00a0de\u00a0sa\u00a0fiche\u00a0de\u00a0poste.\nArticle     6  \u00a0-\u00a0Les\u00a0dispositions\u00a0du\u00a0pr\u00e9sent\u00a0arr\u00eat\u00e9\u00a0entrent\u00a0en\u00a0vigueur\u00a0le 01 mars 2026.\nArticle     7  \u00a0-\u00a0Les\u00a0dispositions\u00a0de\u00a0l'arr\u00eat\u00e9\u00a0pr\u00e9fectoral\u00a0n\u00b0\u00a0887/2025\u00a0du\u00a06\u00a0mai\u00a02025\u00a0portant\u00a0d\u00e9l\u00e9gation\u00a0de\u00a0signature\n\u00e0\u00a0Mme Cyrielle FRANCHI,\u00a0sous-pr\u00e9f\u00e8te,\u00a0directrice\u00a0de\u00a0cabinet\u00a0du\u00a0pr\u00e9fet\u00a0de\u00a0l'Allier,\u00a0sont\u00a0abrog\u00e9es.\nDirection de la coordination des politiques publiques\n03_Pr\u00e9f_Pr\u00e9fecture de l'Allier - 03-2026-02-23-00002 - Extrait de l'arr\u00eat\u00e9 n\u00b0355/2026 du 23 f\u00e9vrier 2026 portant d\u00e9l\u00e9gation de signature\n\u00e0 Madame Cyrielle FRANCHI, sous-pr\u00e9f\u00e8te, directrice de cabinet du pr\u00e9fet de l'Allier 7\nArticle     8  \u00a0-\u00a0Un\u00a0recours\u00a0contre\u00a0le\u00a0pr\u00e9sent\u00a0arr\u00eat\u00e9\u00a0peut\u00a0\u00eatre\u00a0form\u00e9\u00a0devant\u00a0le\u00a0Tribunal\u00a0Administratif\u00a0de\u00a0Clermont-\nFerrand\u00a0dans\u00a0un\u00a0d\u00e9lai\u00a0de\u00a0deux\u00a0mois\u00a0\u00e0\u00a0compter\u00a0de\u00a0sa\u00a0publication.\u00a0En\u00a0application\u00a0du\u00a0d\u00e9cret\u00a0n\u00b0\u00a02018-251\u00a0du\n6\u00a0avril\u00a02018,\u00a0les\u00a0particuliers\u00a0et\u00a0les\u00a0personnes\u00a0morales\u00a0de\u00a0droit\u00a0priv\u00e9\u00a0non\u00a0repr\u00e9sent\u00e9s\u00a0par\u00a0un\u00a0avocat\u00a0peuvent\ncommuniquer\u00a0avec\u00a0un\u00a0Tribunal\u00a0administratif\u00a0par\u00a0la\u00a0voie\u00a0de\u00a0l'application\u00a0informatique\u00a0\u00abT\u00e9l\u00e9recours\u00a0citoyens\u00a0\u00bb\nsur\u00a0le\u00a0site\u00a0www.telerecours.fr\u00a0.\nArticle     9   -\u00a0Le\u00a0secr\u00e9taire\u00a0g\u00e9n\u00e9ral\u00a0de\u00a0la\u00a0pr\u00e9fecture\u00a0de\u00a0l'Allier\u00a0est\u00a0charg\u00e9\u00a0de\u00a0l'ex\u00e9cution\u00a0du\u00a0pr\u00e9sent\u00a0arr\u00eat\u00e9\u00a0dont\nl'extrait\u00a0sera\u00a0publi\u00e9\u00a0au\u00a0recueil\u00a0des\u00a0actes\u00a0administratifs\u00a0de\u00a0la\u00a0pr\u00e9fecture\u00a0de\u00a0l'Allier.\nLe\u00a0Pr\u00e9fet\nSign\u00e9\nChristophe\u00a0NO\u00cbL\u00a0du\u00a0PAYRAT\n03_Pr\u00e9f_Pr\u00e9fecture de l'Allier - 03-2026-02-23-00002 - Extrait de l'arr\u00eat\u00e9 n\u00b0355/2026 du 23 f\u00e9vrier 2026 portant d\u00e9l\u00e9gation de signature\n\u00e0 Madame Cyrielle FRANCHI, sous-pr\u00e9f\u00e8te, directrice de cabinet du pr\u00e9fet de l'Allier 8\n03_Pr\u00e9f_Pr\u00e9fecture de l'Allier\n03-2026-02-23-00003\nExtrait n\u00b0356/2026 du 23 f\u00e9vrier 2026 portant\nd\u00e9l\u00e9gation de signature \u00e0 Madame Cyrielle\nFRANCHI, sous-pr\u00e9f\u00e8te, directrice de cabinet du\npr\u00e9fet de l'Allier, en mati\u00e8re d'ordonnancement\nsecondaire\n03_Pr\u00e9f_Pr\u00e9fecture de l'Allier - 03-2026-02-23-00003 - Extrait n\u00b0356/2026 du 23 f\u00e9vrier 2026 portant d\u00e9l\u00e9gation de signature \u00e0\nMadame Cyrielle FRANCHI, sous-pr\u00e9f\u00e8te, directrice de cabinet du pr\u00e9fet de l'Allier, en mati\u00e8re d'ordonnancement secondaire 9\nPREFETDE L'ALLIERLibert\u00e9Egalit\u00e9Fraternit\u00e9\nDirection de la coordination des politiques publiques\nExtrait de l'arr\u00eat\u00e9 n\u00b0 356/2026 du 23 f\u00e9vrier 2026\nportant d\u00e9l\u00e9gation de signature\n\u00e0 Madame Cyrielle FRANCHI, sous-pr\u00e9f\u00e8te,\ndirectrice de cabinet du pr\u00e9fet de l'Allier,\nen mati\u00e8re d'ordonnancement secondaire\nARTICLE     1     -\u00a0D\u00e9l\u00e9gation\u00a0de\u00a0signature\u00a0est\u00a0donn\u00e9e\u00a0\u00e0\u00a0Mme Cyrielle FRANCHI, sous-pr\u00e9f\u00e8te, directrice de\ncabinet du pr\u00e9fet de l'Allier,\u00a0pour\u00a0proc\u00e9der\u00a0\u00e0\u00a0l'ordonnancement\u00a0secondaire\u00a0des\u00a0d\u00e9penses\u00a0de\u00a0l'\u00c9tat\u00a0dont\nla\u00a0pr\u00e9fecture\u00a0de\u00a0l'Allier\u00a0est\u00a0unit\u00e9\u00a0op\u00e9rationnelle\u00a0au\u00a0titre\u00a0des\u00a0cr\u00e9dits\u00a0des\u00a0programmes\u00a0:\n\uf02d 354\u00a0-\u00a0centre\u00a0de\u00a0co\u00fbt\u00a0\u00ab\u00a0r\u00e9sidence\u00a0directeur\u00a0de\u00a0cabinet\u00a0\u00bb\u00a0;\n\uf02d 207\u00a0-\u00a0\u00ab\u00a0s\u00e9curit\u00e9\u00a0routi\u00e8re\u00a0\u00bb\u00a0;\n\uf02d 216\u00a0-\u00a0\u00ab\u00a0fonds\u00a0interminist\u00e9riel\u00a0de\u00a0pr\u00e9vention\u00a0de\u00a0la\u00a0d\u00e9linquance\u00a0et\u00a0de\u00a0la\u00a0radicalisation\u00a0\u00bb\u00a0(FIPDR)\u00a0;\n\uf02d 129\u00a0-\u00a0\u00ab\u00a0mission\u00a0 interminist\u00e9rielle\u00a0 de \u00a0 lutte\u00a0 contre\u00a0 les \u00a0 drogues\u00a0 et \u00a0 les \u00a0 conduites\u00a0 addictives\u00a0\u00bb\n(MILDECA)\u00a0et\u00a0\u00ab\u00a0d\u00e9l\u00e9gation\u00a0interminist\u00e9rielle\u00a0\u00e0\u00a0la\u00a0lutte\u00a0contre\u00a0le\u00a0racisme,\u00a0l'antis\u00e9mitisme\u00a0et\u00a0la\u00a0haine\nanti-LGBT\u00a0\u00bb\u00a0(DILCRAH).\nARTICLE     2   -\u00a0En\u00a0cas\u00a0d'absence\u00a0ou\u00a0d'emp\u00eachement\u00a0de \u00a0Mme\u00a0la\u00a0directrice\u00a0de\u00a0cabinet,\u00a0 la\u00a0d\u00e9l\u00e9gation\u00a0de\nsignature\u00a0qui\u00a0lui\u00a0est\u00a0conf\u00e9r\u00e9e\u00a0par\u00a0l'article\u00a01\u00a0sera\u00a0exerc\u00e9e\u00a0par\u00a0Mme Pauline MAILLARD,\u00a0cheffe du\u00a0bureau\nde\u00a0la\u00a0s\u00e9curit\u00e9\u00a0int\u00e9rieure,\u00a0pour\u00a0les\u00a0programmes\u00a0:\n\uf02d 207\u00a0-\u00a0\u00ab\u00a0s\u00e9curit\u00e9\u00a0routi\u00e8re\u00a0\u00bb\u00a0;\n\uf02d 216\u00a0-\u00a0\u00ab\u00a0fonds\u00a0interminist\u00e9riel\u00a0de\u00a0pr\u00e9vention\u00a0de\u00a0la\u00a0d\u00e9linquance\u00a0et\u00a0de\u00a0la\u00a0radicalisation\u00a0\u00bb\u00a0(FIPDR)\u00a0;\n\uf02d 129\u00a0-\u00a0\u00ab\u00a0mission\u00a0 interminist\u00e9rielle\u00a0 de \u00a0 lutte\u00a0 contre\u00a0 les \u00a0 drogues\u00a0 et \u00a0 les \u00a0 conduites\u00a0 addictives\u00a0\u00bb\n(MILDECA)\u00a0et\u00a0\u00ab\u00a0d\u00e9l\u00e9gation\u00a0interminist\u00e9rielle\u00a0\u00e0\u00a0la\u00a0lutte\u00a0contre\u00a0le\u00a0racisme,\u00a0l'antis\u00e9mitisme\u00a0et\u00a0la\u00a0haine\nanti-LGBT\u00a0\u00bb\u00a0(DILCRAH).\nARTICLE     3   -\u00a0En\u00a0cas\u00a0d'absence\u00a0ou\u00a0d'emp\u00eachement\u00a0de\u00a0Mme\u00a0la\u00a0directrice\u00a0de\u00a0cabinet\u00a0et\u00a0de Mme Pauline\nMAILLARD, \u00a0 la \u00a0 d\u00e9l\u00e9gation\u00a0 de \u00a0 signature\u00a0 donn\u00e9e\u00a0 par\u00a0 l'article\u00a0 2 \u00a0 sera\u00a0 exerc\u00e9e,\u00a0dans  la  limite  des\nattributions,\u00a0par\u00a0:\n\u00d8 Mme Malorie CHANARD, \u00a0 adjointe\u00a0\u00e0 \u00a0 la\u00a0 cheffe\u00a0 du\u00a0 bureau\u00a0 de\u00a0 la\u00a0 s\u00e9curit\u00e9\u00a0 int\u00e9rieure,\u00a0 pour\u00a0 le\nprogramme\u00a0207\u00a0\u00ab\u00a0S\u00e9curit\u00e9\u00a0routi\u00e8re\u00a0\u00bb\u00a0;\n\u00d8 Mme  Sophie  DAMLENCOURT-MOREAU,  attach\u00e9e,  cheffe \u00a0 du \u00a0 bureau \u00a0 transports\u00a0 et\nd\u00e9placements\u00a0-\u00a0Coordinatrice\u00a0d\u00e9partementale\u00a0de\u00a0s\u00e9curit\u00e9\u00a0routi\u00e8re\u00a0-\u00a0Direction\u00a0d\u00e9partementale\u00a0des\nterritoires,\u00a0pour\u00a0le\u00a0programme\u00a0207\u00a0\u00ab\u00a0s\u00e9curit\u00e9\u00a0routi\u00e8re\u00a0\u00bb.\nARTICLE     4     -\u00a0Cette\u00a0 d\u00e9l\u00e9gation\u00a0 de\u00a0 signature\u00a0 porte\u00a0 exclusivement\u00a0 sur\u00a0la\u00a0 d\u00e9cision\u00a0 de\u00a0 d\u00e9penses\u00a0 avant\nvalidation\u00a0des\u00a0demandes\u00a0d'achats\u00a0et\u00a0constatation\u00a0du\u00a0service\u00a0fait\u00a0dans\u00a0l'application\u00a0minist\u00e9rielle\u00a0Chorus\nFormulaires.\nARTICLE     5  \u00a0-\u00a0Les\u00a0dispositions\u00a0du\u00a0pr\u00e9sent\u00a0arr\u00eat\u00e9\u00a0entrent\u00a0en\u00a0vigueur\u00a0le\u00a001 mars 2026.\nARTICLE     6  \u00a0-\u00a0L'arr\u00eat\u00e9\u00a0 pr\u00e9fectoral\u00a0 n\u00b0\u00a0888/2025\u00a0 du \u00a0 06 \u00a0 mai \u00a0 2025\u00a0 portant\u00a0 d\u00e9l\u00e9gation\u00a0 de \u00a0 signature\u00a0 \u00e0\nMme Cyrielle  FRANCHI, \u00a0 sous-pr\u00e9f\u00e8te,\u00a0 directrice\u00a0 de \u00a0 cabinet\u00a0 du \u00a0 pr\u00e9fet\u00a0 de \u00a0 l'Allier,\u00a0 en \u00a0 mati\u00e8re\nd'ordonnancement\u00a0secondaire,\u00a0est\u00a0abrog\u00e9.\n1/2\n03_Pr\u00e9f_Pr\u00e9fecture de l'Allier - 03-2026-02-23-00003 - Extrait n\u00b0356/2026 du 23 f\u00e9vrier 2026 portant d\u00e9l\u00e9gation de signature \u00e0\nMadame Cyrielle FRANCHI, sous-pr\u00e9f\u00e8te, directrice de cabinet du pr\u00e9fet de l'Allier, en mati\u00e8re d'ordonnancement secondaire 10\nARTICLE     7   -\u00a0Un\u00a0recours\u00a0contre\u00a0le\u00a0pr\u00e9sent\u00a0arr\u00eat\u00e9\u00a0peut\u00a0\u00eatre\u00a0form\u00e9\u00a0devant\u00a0le\u00a0Tribunal\u00a0Administratif\u00a0de\nClermont-Ferrand\u00a0dans\u00a0un\u00a0d\u00e9lai\u00a0de\u00a0deux\u00a0mois\u00a0\u00e0\u00a0compter\u00a0de\u00a0sa\u00a0publication.\u00a0En\u00a0application\u00a0du\u00a0d\u00e9cret\nn\u00b0\u00a02018-251\u00a0du\u00a06\u00a0avril\u00a02018,\u00a0les\u00a0particuliers\u00a0et\u00a0les\u00a0personnes\u00a0morales\u00a0de\u00a0droit\u00a0priv\u00e9\u00a0non\u00a0repr\u00e9sent\u00e9s\u00a0par\u00a0un\navocat\u00a0 peuvent\u00a0 communiquer\u00a0 avec\u00a0 un\u00a0 Tribunal\u00a0 administratif\u00a0 par\u00a0 la\u00a0 voie\u00a0 de\u00a0 l'application\u00a0 informatique\n\u00abT\u00e9l\u00e9recours\u00a0citoyens\u00a0\u00bb\u00a0sur\u00a0le\u00a0site\u00a0www.telerecours.fr\u00a0.\nARTICLE     8   -\u00a0La\u00a0sous-pr\u00e9f\u00e8te,\u00a0directrice\u00a0de\u00a0cabinet\u00a0du\u00a0pr\u00e9fet\u00a0de\u00a0l'Allier,\u00a0est\u00a0charg\u00e9e \u00a0de\u00a0l'ex\u00e9cution\u00a0du\npr\u00e9sent\u00a0arr\u00eat\u00e9\u00a0dont\u00a0l'extrait\u00a0sera\u00a0publi\u00e9\u00a0au\u00a0recueil\u00a0des\u00a0actes\u00a0administratifs\u00a0de\u00a0la\u00a0pr\u00e9fecture\u00a0de\u00a0l'Allier.\nLe\u00a0Pr\u00e9fet\nSign\u00e9\nChristophe\u00a0NO\u00cbL\u00a0du\u00a0PAYRAT\n2/2\n03_Pr\u00e9f_Pr\u00e9fecture de l'Allier - 03-2026-02-23-00003 - Extrait n\u00b0356/2026 du 23 f\u00e9vrier 2026 portant d\u00e9l\u00e9gation de signature \u00e0\nMadame Cyrielle FRANCHI, sous-pr\u00e9f\u00e8te, directrice de cabinet du pr\u00e9fet de l'Allier, en mati\u00e8re d'ordonnancement secondaire 11","date":"2026-02-24","first_seen_on":"2026-02-24T15:04:48+00:00","id":"813f6ff292b3c71e9279f5897d411078400e9a2bb19354a75a219d899141abfd","name":"recueil nr sp\u00e9cial - \u00e9dit\u00e9 le 24 f\u00e9vrier 2026","pdf_creation_date":"2026-02-24T14:37:40+00:00","pdf_modification_date":null,"timezone":"Europe/Paris","url":"https://www.allier.gouv.fr/contenu/telechargement/19568/133415/file/recueil-03-2026-042-recueil-des-actes-administratifs-special.pdf"}
