{"administration":"prefidf","administration_name":"Pr\u00e9fecture de la r\u00e9gion \u00cele-de-France","content":"PREFECTURE\nREGION ILE DE\nFRANCE\nRECUEIL DES ACTES\nADMINISTRATIFS SP\u00c9CIAL\nN\u00b0IDF-022-2025-05\nPUBLI\u00c9 LE 14 MAI 2025\nSommaire\nDirection r\u00e9gionale et interd\u00e9partementale de l'\u00e9conomie, de l'emploi,\ndu travail et des solidarit\u00e9s d'\u00cele-de-France / MJPM\nIDF-2025-05-13-00003 - Arr\u00eat\u00e9 n\u00b0 2025-06 portant agr\u00e9ment pour\nl'activit\u00e9 de s\u00e9jours de \"Vacances adapt\u00e9es organis\u00e9es\" pour\nl'association Eclaireuses, Eclaireurs de France.\n (2 pages) Page 3\n2\nDirection r\u00e9gionale et interd\u00e9partementale de\nl'\u00e9conomie, de l'emploi, du travail et des\nsolidarit\u00e9s d'\u00cele-de-France\nIDF-2025-05-13-00003\nArr\u00eat\u00e9 n\u00b0 2025-06 portant agr\u00e9ment pour\nl'activit\u00e9 de s\u00e9jours de \"Vacances adapt\u00e9es\norganis\u00e9es\" pour l'association Eclaireuses,\nEclaireurs de France.\nDirection r\u00e9gionale et interd\u00e9partementale de l'\u00e9conomie, de l'emploi, du travail et des solidarit\u00e9s d'\u00cele-de-France -\nIDF-2025-05-13-00003 - Arr\u00eat\u00e9 n\u00b0 2025-06 portant agr\u00e9ment pour l'activit\u00e9 de s\u00e9jours de \"Vacances adapt\u00e9es organis\u00e9es\" pour\nl'association Eclaireuses, Eclaireurs de France.\n3\nPREFET |DE LA REGIOND'\u00ceLE-DE-FRANCELibert\u00e9Egalit\u00e9Fraternit\u00e9\nDirection r\u00e9gionale et interd\u00e9partementale \nde l'\u00e9conomie, de l'emploi,  \ndu travail et des solidarit\u00e9s \n \n \n \n \nARRET\u00c9 2025-06 \n \nPortant agr\u00e9ment pour l'activit\u00e9 de s\u00e9jours de \n\u00ab Vacances adapt\u00e9es organis\u00e9es \u00bb \n \nLE PREFET DE LA REGION D'ILE DE FRANCE, \nPREFET DE PARIS, \nOFFICIER DE LA LEGION D'HONNEUR, \nOFFICIER DE L'ORDRE NATIONAL DU MERITE \n \nVU  le code de l'action sociale et des familles, notamment son article L. 114 ; \n \nVU  le code du tourisme, notamment ses articles L. 211-1, L. 211-2, L. 412-2 et R 412-8 \u00e0 R 412 ; \n \nVU le d\u00e9cret n\u00b0 2020-1545 du 9 d\u00e9cembre 2020 relatif \u00e0 l'organisation et aux missions des directions \nr\u00e9gionales de l'\u00e9conomie, de l'emploi, du travail et des solidarit\u00e9s, des directions \nd\u00e9partementales de l'emploi, du travail et des solidarit\u00e9s et des directions d\u00e9partementales de \nl'emploi, du travail, des solidarit\u00e9s et de la protection des populations ; \n \nVU le d\u00e9cret du 22 juillet 2020 portant nomination de monsieur Marc GUILLAUME en qualit\u00e9 de \npr\u00e9fet de la r\u00e9gion d'\u00cele-de-France, pr\u00e9fet de Paris ; \n \nVU l'arr\u00eat\u00e9 pr\u00e9fectoral du 30 mars 2021 portant organisation de la direction r\u00e9gionale et \ninterd\u00e9partementale de l'\u00e9conomie, de l'emploi, du travail et des solidarit\u00e9s d'Ile-de-France ; \n \nVU l'arr\u00eat\u00e9 interminist\u00e9riel du 20 mars 2025 confiant l'int\u00e9rim \u00e0 monsieur Marc ROHFRITSCH de \nl'emploi de directeur r\u00e9gional et interd\u00e9partemental de l'\u00e9conomie, de l'emploi, du travail et \ndes solidarit\u00e9s d'Ile-de-France, \u00e0 compter du 1er avril 2025 ; \n \nVU l'arr\u00eat\u00e9 pr\u00e9fectoral IDF-2022-07-29-00005 du 29 juillet 2022 portant d\u00e9l\u00e9gation de signature \nau directeur r\u00e9gional et interd\u00e9partemental de l'\u00e9conomie, de l'emploi, du travail et des \nsolidarit\u00e9s d'\u00cele-de-France, en mati\u00e8re administrative ; \n \nVU la d\u00e9cision n\u00b0 2025-017 du 5 f\u00e9vrier 2025 de la direction r\u00e9gionale et interd\u00e9partementale de \nl'\u00e9conomie, de l'emploi, du travail et des solidarit\u00e9s d'\u00cele-de-France, portant subd\u00e9l\u00e9gation de \nsignature au Directeur r\u00e9gional et interd\u00e9partemental de l'\u00c9conomie, de l'Emploi, du Travail \net des Solidarit\u00e9s d'\u00cele-de-France aux agents de l'unit\u00e9 r\u00e9gionale ; \n \nVU  le dossier de demande d'agr\u00e9ment \u00ab Vacances adapt\u00e9es organis\u00e9es \u00bb produit ; \n \n \n \n \n \nDirection r\u00e9gionale et interd\u00e9partementale de l'\u00e9conomie, de l'emploi, du travail et des solidarit\u00e9s d'\u00cele-de-France -\nIDF-2025-05-13-00003 - Arr\u00eat\u00e9 n\u00b0 2025-06 portant agr\u00e9ment pour l'activit\u00e9 de s\u00e9jours de \"Vacances adapt\u00e9es organis\u00e9es\" pour\nl'association Eclaireuses, Eclaireurs de France.\n4\n2/2 \nARR\u00caT\u00c9 : \n \nArticle 1er : L'agr\u00e9ment \u00ab vacances adapt\u00e9es organis\u00e9es \u00bb pr\u00e9vu par l'article R 412-12 du code du tourisme \nest d\u00e9livr\u00e9 \u00e0 l'association : \n \nEclaireuses, Eclaireurs de France \n12 place Georges Pompidou \n93 167 Noisy le Grand cedex \n \n \nArticle 2 : L'agr\u00e9ment est accord\u00e9 pour une dur\u00e9e de cinq ans \u00e0 compter de la date du pr\u00e9sent arr\u00eat\u00e9. \n \nArticle 3 : L'agr\u00e9ment est d\u00e9livr\u00e9 pour l'organisation de s\u00e9jours en France et \u00e0 l'\u00e9tranger. \n \nArticle 4 : En r\u00e9f\u00e9rence \u00e0 l'article R 412-13, l'association \u00ab Eclaireuses, Eclaireurs de France \u00bb transmettra \nau pr\u00e9fet de r\u00e9gion d'Ile-de-France, un bilan circonstanci\u00e9 quantitatif, qualitatif et financier \ndes activit\u00e9s de vacances adapt\u00e9es organis\u00e9es mises en \u0153uvre dans le courant de l'ann\u00e9e \n\u00e9coul\u00e9e. Le bilan pr\u00e9cise les moyens mis en \u0153uvre pour rem\u00e9 dier aux dysfonctionnements \n\u00e9ventuellement constat\u00e9s lors des contr\u00f4les. \n \nArticle 5 : En r\u00e9f\u00e9rence \u00e0 l'article R 412-13-1, l'association \u00ab Eclaireuses, Eclaireurs de France \u00bb informera \nle pr\u00e9fet de r\u00e9gion dans un d\u00e9lai de deux mois de tout changement substantiel affectant les \n\u00e9l\u00e9ments mat\u00e9riels au vu desquels l'agr\u00e9ment a \u00e9t\u00e9 d\u00e9livr\u00e9. \n \nArticle 6 : L'agr\u00e9ment pourra \u00eatre retir\u00e9 dans les conditions pr\u00e9vues par l'article R412 -17 du code du \ntourisme. \n \nArticle 7 : Le directeur r\u00e9gional et interd\u00e9partemental de l'\u00e9conomie, de l'emploi, du travail et des \nsolidarit\u00e9s d'\u00cele-de-France, est charg\u00e9 de l'ex\u00e9cution du pr\u00e9sent arr\u00eat\u00e9, qui sera publi\u00e9 au \nrecueil des actes administratifs de la Pr\u00e9fecture et notifi\u00e9 \u00e0 l'association \u00ab Eclaireuses, \nEclaireurs de France \u00bb. \n \n \nFait \u00e0 Aubervilliers, le 13 mai 2025 \n \n        \nPour le pr\u00e9fet de la r\u00e9gion d'\u00cele-de-France,  \nPr\u00e9fet de Paris et par d\u00e9l\u00e9gation, \nLe directeur r\u00e9gional et interd\u00e9partemental de \nl'\u00e9conomie, de l'emploi, du travail et des \nsolidarit\u00e9s d'\u00cele-de-France \n \nSIGN\u00c9 \nJean MENJON \n \n     \n                 \n              \n     \n \n                                                                                                 \n \nDirection r\u00e9gionale et interd\u00e9partementale de l'\u00e9conomie, de l'emploi, du travail et des solidarit\u00e9s d'\u00cele-de-France -\nIDF-2025-05-13-00003 - Arr\u00eat\u00e9 n\u00b0 2025-06 portant agr\u00e9ment pour l'activit\u00e9 de s\u00e9jours de \"Vacances adapt\u00e9es organis\u00e9es\" pour\nl'association Eclaireuses, Eclaireurs de France.\n5","date":"2025-05-14","first_seen_on":"2025-05-14T16:41:12+00:00","id":"81a3fb5963c955c577e60be37f7d1fe792ed23155b1df52fd0c2c99dbf86bfdd","name":"recueil-idf-022-2025-05-recueil-des-actes-administratifs-special du 14.05.2025","pdf_creation_date":"2025-05-14T15:09:24+00:00","pdf_modification_date":null,"timezone":"Europe/Paris","url":"https://www.prefectures-regions.gouv.fr/ile-de-france/irecontenu/telechargement/127658/941916/file/recueil-idf-022-2025-05-recueil-des-actes-administratifs-special%20du%2014.05.2025.pdf"}
