{"administration":"pref21","administration_name":"Pr\u00e9fecture de C\u00f4te-d\u2019Or","content":"PR\u00c9FET\nDE LA C\u00d4TE-D'OR\nRECUEIL DES ACTES\nADMINISTRATIFS SP\u00c9CIAL\nN\u00b021-2024-055\nPUBLI\u00c9 LE  6 MAI 2024\nSommaire\nDirection d\u00e9partementale de la protection des populations de la C\u00f4te-d'Or /\nService Sant\u00e9 et Protections animales, Protection de l'Environnement\n21-2024-05-02-00002 - Arr\u00eat\u00e9 pr\u00e9fectoral N\u00b0755/2024 en date du 2 mai\n2024\nattribuant l habilitation sanitaire \u00e0 Abdelkrim SADKI  (2 pages) Page 3\n21-2024-05-03-00001 - Arr\u00eat\u00e9 pr\u00e9fectoral N\u00b0760/2024 en date du 3 mai\n2024\nattribuant l habilitation sanitaire \u00e0 Claire FLECK (2 pages) Page 6\n21-2024-05-03-00002 - Arr\u00eat\u00e9 pr\u00e9fectoral N\u00b0761/2024 en date du 3 mai\n2024\nattribuant l habilitation sanitaire \u00e0 Herv\u00e9 Estival (2 pages) Page 9\nDirection d\u00e9partementale des territoires de la C\u00f4te-d'Or / Service S\u00e9curit\u00e9 et\nEducation Routi\u00e8re\n21-2024-05-03-00003 - Arr\u00eat\u00e9 Pr\u00e9fectoral n\u00b0763\nportant d\u00e9rogation \u00e0 titre\ntemporaire \u00e0 l\u25a1interdiction de circulation des v\u00e9hicules \nde transport de\nmarchandises \u00e0 certaines p\u00e9riodes pour les v\u00e9hicules de plus de 7,5 tonnes\nde PTAC exploit\u00e9s par la soci\u00e9t\u00e9 S\u00c9T\u00c9O domicili\u00e9e\n\u00e0 SAINTAPOLLINAIRE\n(21) (4 pages) Page 12\nPr\u00e9fecture de la C\u00f4te-d'Or / Direction de la coordination, des politiques\npubliques et de l'appui territorial\n21-2024-04-20-00001 - Arr\u00eat\u00e9 pr\u00e9fectoral n\u00b0750 du 20/04/24 portant\nautorisation d'occupation temporaire des sols sur l'ancien site de la soci\u00e9t\u00e9\nSPTP situ\u00e9 sur le territoire de la commune de St-Usage (4 pages) Page 17\nPr\u00e9fecture de la C\u00f4te-d'Or / Direction des Collectivit\u00e9s locales et des\nElections\n21-2024-04-26-00008 - Arr\u00eat\u00e9 pr\u00e9fectoral n\u00b0 731 Instituant la commission de\npropagande \u00e9lectorale et fixant les dates et heures limites de remise des\ndocuments de propagande dans le cadre de l'\u00e9lection des repr\u00e9sentants au\nParlement europ\u00e9en du 9 juin 2024 (3 pages) Page 22\n21-2024-04-26-00007 - Arr\u00eat\u00e9 pr\u00e9fectoral n\u00b0 732 Election des repr\u00e9sentants\nau Parlement europ\u00e9en du 9 juin 2024 Institution d'une commission de\ncontr\u00f4le des op\u00e9rations de vote Ville de DIJON (2 pages) Page 26\n21-2024-04-26-00006 - Arr\u00eat\u00e9 pr\u00e9fectoral n\u00b0 733 Election des repr\u00e9sentants\nau Parlement europ\u00e9en du 9 juin 2024 Institution d'une commission de\ncontr\u00f4le des op\u00e9rations de vote Ville de BEAUNE (2 pages) Page 29\nSDIS de C\u00f4te-d'Or /\n21-2024-02-02-00007 - 2024 Liste d'aptitude op\u00e9rationnelle_unit\u00e9\nsp\u00e9cialis\u00e9e de lutte face aux risques radioactifs (3 pages) Page 32\n2\nDirection d\u00e9partementale de la protection des\npopulations de la C\u00f4te-d'Or\nService Sant\u00e9 et Protections animales, Protection\nde l'Environnement\n21-2024-05-02-00002\nArr\u00eat\u00e9 pr\u00e9fectoral N\u00b0755/2024 en date du 2 mai\n2024\nattribuant l habilitation sanitaire \u00e0 Abdelkrim\nSADKI \nDirection d\u00e9partementale de la protection des populations de la C\u00f4te-d'Or - 21-2024-05-02-00002 - Arr\u00eat\u00e9 pr\u00e9fectoral N\u00b0755/2024 en\ndate du 2 mai 2024\nattribuant l habilitation sanitaire \u00e0 Abdelkrim SADKI \n3\nExPREFETDE LACOTE-D'ORLiberteEgalit\u00e9Fraternit\u00e9\nDirection D\u00e9partementale\nde la Protection des Populations\nService Sant\u00e9 et Protection Animales\nProtection de l'Environnement\nAffaire suivie par\u00a0: Val\u00e9rie LABUSSIERE\nT\u00e9l.\u00a0: 03 80 29 44 53\nM\u00e9l\u00a0: ddpp-spa@cote-dor.gouv.fr\nArr\u00eat\u00e9 pr\u00e9fectoral N\u00b0755/2024 en date du 2 mai 2024\nAttribuant l'habilitation sanitaire \u00e0 Abdelkrim SADKI \nPr\u00e9fet de la C\u00f4te-d'Or\nVu  le Code Rural et de la p\u00eache maritime et notamment ses articles L.203-1 \u00e0 L.203-7,\nL.223-6, R.203-1 \u00e0 R.203-15 et R.242-33.\nVu  le d\u00e9cret n\u00b080-516 du 4 juillet 1980, modifi\u00e9 par le d\u00e9cret n\u00b090-1033 du 19 novembre\n1990 et par le d\u00e9cret 2003-768 du 1 er ao\u00fbt 2003, relatif \u00e0 l'ex\u00e9cution des mesures de\nprophylaxie collective des maladies des animaux\u00a0;\nVu  le  d\u00e9cret  n\u00b02004-374  du  29  avril  2004  modifi\u00e9,  relatif  aux  pouvoirs  des  pr\u00e9fets,  \u00e0\nl'organisation  et  \u00e0  l'action  des  services  de  l'\u00c9tat  dans  les  r\u00e9gions  et  d\u00e9partements\nnotamment son article 43\u00a0;\nVu    l e d\u00e9cret n\u00b0 du 26 septembre 2022 nommant MR ROBINE Franck, pr\u00e9fet de la Cote d \nOr ;\nVu   l'arr\u00eat\u00e9 pr\u00e9fectoral n\u00b0 1409/SG du 18/09/2023, donnant d\u00e9l\u00e9gation de signature \u00e0\nMonsieur ROOSE Didier ;\nVu l'arr\u00eat\u00e9 pr\u00e9fectoral n\u00b0 1411/DDPP du 21/09/2023, donnant subd\u00e9l\u00e9gation de signature \nConsid\u00e9rant que le Docteur V\u00e9t\u00e9rinaire Abdelkrim SADKI  remplit les conditions permettant\nl'attribution de l'habilitation sanitaire\u00a0;\nSur proposition de Monsieur le directeur d\u00e9partemental de la protection des populations de\nla C\u00f4te-d'Or\u00a0;\nDirection D\u00e9partementale de la Protection des Populations - 57 rue de Mulhouse  -  21 033 DIJON Cedex\nt\u00e9l : 03 80 29 43 53... - Fax : 03 80 29 43 53..... - m\u00e8l : ddpp@cote-dor.gouv.fr\nSite internet : http://www.cote-dor.gouv.fr\npage 1\nDirection d\u00e9partementale de la protection des populations de la C\u00f4te-d'Or - 21-2024-05-02-00002 - Arr\u00eat\u00e9 pr\u00e9fectoral N\u00b0755/2024 en\ndate du 2 mai 2024\nattribuant l habilitation sanitaire \u00e0 Abdelkrim SADKI \n4\nA R R E T E\nArticle 1er\u00a0:\nL'habilitation sanitaire pr\u00e9vue \u00e0 l'article L.203-1 du code rural et de la p\u00eache maritime susvis\u00e9\nest attribu\u00e9e pour une dur\u00e9e de 5 ans, \u00e0 compter de la date de signature du pr\u00e9sent arr\u00eat\u00e9,\n\u00e0 Abdelkrim SADKI, Docteur V\u00e9t\u00e9rinaire, inscrit au Tableau de l'Ordre des V\u00e9t\u00e9rinaires de la\nr\u00e9gion Bourgogne-Franche-Comt\u00e9, sous le n\u00b0 23589, administrativement domicili\u00e9 au 6 rue du\nprofesseur Louis Neel 21600 LONGVIC\nArticle 2\u00a0:\nDans la mesure o\u00f9 les conditions requises ont \u00e9t\u00e9 respect\u00e9es, cette habilitation sanitaire est\nrenouvelable  par  p\u00e9riode  de  cinq  ann\u00e9es  tacitement  reconduites  sous  r\u00e9serve  pour  le\nv\u00e9t\u00e9rinaire sanitaire de justifier \u00e0 l'issue de chaque p\u00e9riode de cinq ans, aupr\u00e8s du pr\u00e9fet de\nC\u00f4te d'Or du respect de ses obligations de formation continue pr\u00e9vues \u00e0 l'article R.203-12.\nArticle 3\u00a0:\nAbdelkrim SADKI s'engage \u00e0 respecter les prescriptions techniques, administratives et le cas\n\u00e9ch\u00e9ant financi\u00e8res de mise en \u0153uvre des mesures de pr\u00e9vention, de surveillance ou de lutte\nprescrites par l'autorit\u00e9 administrative et des op\u00e9rations de police sanitaire ex\u00e9cut\u00e9es en\napplication de l'article L.203-7 du code rural et de la p\u00eache maritime.\nArticle 4\u00a0:\nAbdelkrim SADKI pourra \u00eatre appel\u00e9 par le pr\u00e9fet de ses d\u00e9partements d'exercice pour la\nr\u00e9alisation  d'op\u00e9rations  de  police  sanitaire  au  sein  des  lieux  de  d\u00e9tention  ou  des\n\u00e9tablissements pour lesquels il a \u00e9t\u00e9 d\u00e9sign\u00e9 v\u00e9t\u00e9rinaire sanitaire. Il sera tenu de concourir \u00e0\nces op\u00e9rations en application des dispositions de l'article L.203-7 du code rural et de la\np\u00eache maritime.\nArticle 5\u00a0:\nTout  manquement  ou  faute  commis  dans  l'exercice de  la pr\u00e9sente  habilitation  sanitaire\nentra\u00eenera l'application des dispositions pr\u00e9vues aux articles R.203-15, R.228-6 et suivants du\ncode rural et de la p\u00eache maritime.\nArticle 6\u00a0:\nLa pr\u00e9sente d\u00e9cision peut faire l'objet d'un recours devant le Tribunal Administratif de Dijon\ndans un d\u00e9lai de deux mois \u00e0 compter de la date de notification, soit par courrier, soit par\nl'application informatique T\u00e9l\u00e9recours accessible sur le site www.telerecours.fr\nArticle 7\u00a0: \nMonsieur le directeur d\u00e9partemental de la protection des populations de la C\u00f4te-d'Or est\ncharg\u00e9 de l'ex\u00e9cution du pr\u00e9sent arr\u00eat\u00e9 qui sera publi\u00e9 au recueil des actes administratifs de\nla pr\u00e9fecture de la C\u00f4te-d'Or.\nFait \u00e0 Dijon, le 2 mai 2024\nL'adjointe \u00e0 la cheffe de service\nSign\u00e9\nAdeline PERRONNEAU \nDirection D\u00e9partementale de la Protection des Populations - 57 rue de Mulhouse  -  21 033 DIJON Cedex\nt\u00e9l : 03 80 29 43 53... - Fax : 03 80 29 43 53..... - m\u00e8l : ddpp@cote-dor.gouv.fr\nSite internet : http://www.cote-dor.gouv.fr\npage 2\nDirection d\u00e9partementale de la protection des populations de la C\u00f4te-d'Or - 21-2024-05-02-00002 - Arr\u00eat\u00e9 pr\u00e9fectoral N\u00b0755/2024 en\ndate du 2 mai 2024\nattribuant l habilitation sanitaire \u00e0 Abdelkrim SADKI \n5\nDirection d\u00e9partementale de la protection des\npopulations de la C\u00f4te-d'Or\nService Sant\u00e9 et Protections animales, Protection\nde l'Environnement\n21-2024-05-03-00001\nArr\u00eat\u00e9 pr\u00e9fectoral N\u00b0760/2024 en date du 3 mai\n2024\nattribuant l habilitation sanitaire \u00e0 Claire FLECK\nDirection d\u00e9partementale de la protection des populations de la C\u00f4te-d'Or - 21-2024-05-03-00001 - Arr\u00eat\u00e9 pr\u00e9fectoral N\u00b0760/2024 en\ndate du 3 mai 2024\nattribuant l habilitation sanitaire \u00e0 Claire FLECK\n6\nExPREFETDE LACOTE-D'ORijen'\u00e9Egalit\u00e9Fraternit\u00e9\nDirection D\u00e9partementale\nde la Protection des Populations\nAffaire suivie par Val\u00e9rie LABUSSIERE                    \nService sant\u00e9 et protection animales, \nprotection de l'environnement\nT\u00e9l : 03 80 29 44 53\nm\u00e9l : ddpp-spa@cote-dor.gouv.fr\nArr\u00eat\u00e9 pr\u00e9fectoral N\u00b0760/2024 en date du 3 mai 2024\nAttribuant l'habilitation sanitaire \u00e0 Claire FLECK\nPr\u00e9fet de la C\u00f4te-d'Or\nVu le Code Rural et de la p\u00eache maritime et notamment ses articles L.203-1 \u00e0 L.203-7 , L.223-\n6, R.203-1 \u00e0 R.203-15 et R.242-33.\nVu le d\u00e9cret n\u00b080-516 du 4 juillet 1980, modifi\u00e9 par le d\u00e9cret n\u00b090-1033 du 19 novembre\n1990 et par le d\u00e9cret 2003-768 du 1 er ao\u00fbt 2003, relatif \u00e0 l'ex\u00e9cution des mesures de\nprophylaxie collective des maladies des animaux ;\nVu le  d\u00e9cret  n\u00b02004-374  du  29  avril  2004  modifi\u00e9,  relatif  aux  pouvoirs  des  pr\u00e9fets,  \u00e0\nl'organisation  et  \u00e0  l'action  des  services  de  l'\u00c9tat  dans  les  r\u00e9gions  et  d\u00e9partements\nnotamment son article 43 ;\nVu  le d\u00e9cret n\u00b0 du 26 septembre 2022 nommant MR ROBINE Franck, pr\u00e9fet de la Cote d'\nOr ;\nVu l'arr\u00eat\u00e9 pr\u00e9fectoral n\u00b0 1409/SG du 18/09/2023, donnant d\u00e9l\u00e9gation de signature \u00e0\nMonsieur ROOSE Didier ;\nVu l'arr\u00eat\u00e9 pr\u00e9fectoral n\u00b0 1411/DDPP du 21/09/2023, donnant subd\u00e9l\u00e9gation de signature ;\nConsid\u00e9rant que  le  Docteur  V\u00e9t\u00e9rinaire Claire  FLECK  remplit  les  conditions  permettant\nl'attribution de l'habilitation sanitaire ;\nSur proposition de Monsieur le directeur d\u00e9partemental de la protection des populations de\nla C\u00f4te-d'Or ;\nDirection D\u00e9partementale de la Protection des Populations - 57 rue de Mulhouse  -  21 033 DIJON Cedex\nt\u00e9l : 03 80 29 43 53... - m\u00e8l : ddpp-spa@cote-dor.gouv.fr\nSite internet : http://www.cote-dor.gouv.fr\npage 1\nDirection d\u00e9partementale de la protection des populations de la C\u00f4te-d'Or - 21-2024-05-03-00001 - Arr\u00eat\u00e9 pr\u00e9fectoral N\u00b0760/2024 en\ndate du 3 mai 2024\nattribuant l habilitation sanitaire \u00e0 Claire FLECK\n7\nA R R E T E\nArticle 1er :\nL'habilitation sanitaire pr\u00e9vue \u00e0 l'article L.203-1 du code rural et de la p\u00eache maritime susvis\u00e9\nest attribu\u00e9e pour une dur\u00e9e de 5 ans \u00e0 compter de la date de signature du pr\u00e9sent arr\u00eat\u00e9, \u00e0 \nClaire FLECK, Docteur V\u00e9t\u00e9rinaire inscrite au Tableau de l'Ordre des V\u00e9t\u00e9rinaires de la r\u00e9gion \nBourgogne-Franche-Comt\u00e9, sous le n\u00b030712, administrativement domicili\u00e9e \u00e0 10 rue de la \nVelle 21410 FLEUREY SUR OUCHE\nArticle 2 :\nClaire  FLECK  s'engage  \u00e0  respecter  les  prescriptions  techniques,  administratives  et  le  cas\n\u00e9ch\u00e9ant financi\u00e8res de mise en \u0153uvre des mesures de pr\u00e9vention, de surveillance ou de lutte\nprescrites par l'autorit\u00e9 administrative et des op\u00e9rations de police sanitaire ex\u00e9cut\u00e9es en\napplication de l'article L.203-7 du code rural et de la p\u00eache maritime.\nArticle 3 :\nClaire  FLECK  pourra  \u00eatre  appel\u00e9e  par  le  pr\u00e9fet  de  ses  d\u00e9partements  d'exercice  pour  la\nr\u00e9alisation  d'op\u00e9rations  de  police  sanitaire  au  sein  des  lieux  de  d\u00e9tention  ou  des\n\u00e9tablissements  pour  lesquels  elle  a  \u00e9t\u00e9  d\u00e9sign\u00e9e v\u00e9t\u00e9rinaire  sanitaire.  Elle  sera  tenue  de\nconcourir \u00e0 ces op\u00e9rations en application des dispositions de l'article L.203-7 du code rural et\nde la p\u00eache maritime.\nArticle 4 :\nTout  manquement  ou  faute  commis  dans  l'exercice  de  la  pr\u00e9sente  habilitation  sanitaire\nentra\u00eenera l'application des dispositions pr\u00e9vues aux articles R.203-15, R.228-6 et suivants du\ncode rural et de la p\u00eache maritime.\nArticle 5 :\nLa pr\u00e9sente d\u00e9cision peut faire l'objet d'un recours devant le Tribunal Administratif de Dijon\ndans un d\u00e9lai de deux mois \u00e0 compter de la date de notification, soit par courrier, soit par\nl'application informatique T\u00e9l\u00e9recours accessible sur le site www.telerecours.fr\nArticle 6 :\nMonsieur le directeur  d\u00e9partementa l de la protection des populations de la C\u00f4te-d'Or est\ncharg\u00e9e de l'ex\u00e9cution du pr\u00e9sent arr\u00eat\u00e9 qui sera publi\u00e9 au recueil des actes administratifs de\nla pr\u00e9fecture de la C\u00f4te-d'Or.\nFait \u00e0 Dijon, le 3 mai 2024\nL'adjointe \u00e0 la cheffe de service\nSign\u00e9\nAdeline PERRONNEAU\nDirection D\u00e9partementale de la Protection des Populations - 57 rue de Mulhouse  -  21 033 DIJON Cedex\nt\u00e9l : 03 80 29 43 53... - m\u00e8l : ddpp-spa@cote-dor.gouv.fr\nSite internet : http://www.cote-dor.gouv.fr\npage 2\nDirection d\u00e9partementale de la protection des populations de la C\u00f4te-d'Or - 21-2024-05-03-00001 - Arr\u00eat\u00e9 pr\u00e9fectoral N\u00b0760/2024 en\ndate du 3 mai 2024\nattribuant l habilitation sanitaire \u00e0 Claire FLECK\n8\nDirection d\u00e9partementale de la protection des\npopulations de la C\u00f4te-d'Or\nService Sant\u00e9 et Protections animales, Protection\nde l'Environnement\n21-2024-05-03-00002\nArr\u00eat\u00e9 pr\u00e9fectoral N\u00b0761/2024 en date du 3 mai\n2024\nattribuant l habilitation sanitaire \u00e0 Herv\u00e9 Estival\nDirection d\u00e9partementale de la protection des populations de la C\u00f4te-d'Or - 21-2024-05-03-00002 - Arr\u00eat\u00e9 pr\u00e9fectoral N\u00b0761/2024 en\ndate du 3 mai 2024\nattribuant l habilitation sanitaire \u00e0 Herv\u00e9 Estival\n9\nExPREFETDE LACOTE-D'ORLiberteEgalit\u00e9Fraternit\u00e9\nDirection D\u00e9partementale\nde la Protection des Populations\nService Sant\u00e9 et Protection Animales\nProtection de l'Environnement\nAffaire suivie par\u00a0: Val\u00e9rie LABUSSIERE\nT\u00e9l.\u00a0: 03 80 29 44 53\nM\u00e9l\u00a0: ddpp-spa@cote-dor.gouv.fr\nArr\u00eat\u00e9 pr\u00e9fectoral N\u00b0761/2024 en date du 3 mai 2024\nAttribuant l'habilitation sanitaire \u00e0 Herv\u00e9 Estival\nPr\u00e9fet de la C\u00f4te-d'Or\nVu  le Code Rural et de la p\u00eache maritime et notamment ses articles L.203-1 \u00e0 L.203-7,\nL.223-6, R.203-1 \u00e0 R.203-15 et R.242-33.\nVu  le d\u00e9cret n\u00b080-516 du 4 juillet 1980, modifi\u00e9 par le d\u00e9cret n\u00b090-1033 du 19 novembre\n1990 et par le d\u00e9cret 2003-768 du 1 er ao\u00fbt 2003, relatif \u00e0 l'ex\u00e9cution des mesures de\nprophylaxie collective des maladies des animaux\u00a0;\nVu  le  d\u00e9cret  n\u00b02004-374  du  29  avril  2004  modifi\u00e9,  relatif  aux  pouvoirs  des  pr\u00e9fets,  \u00e0\nl'organisation  et  \u00e0  l'action  des  services  de  l'\u00c9tat  dans  les  r\u00e9gions  et  d\u00e9partements\nnotamment son article 43\u00a0;\nVu    le d\u00e9cret n\u00b0 du 26 septembre 2022 nommant MR ROBINE Franck, pr\u00e9fet de la Cote d \nOr ;\nVu   l'arr\u00eat\u00e9 pr\u00e9fectoral n\u00b0 1409/SG du 18/09/2023, donnant d\u00e9l\u00e9gation de signature \u00e0\nMonsieur ROOSE Didier ;\nVu l'arr\u00eat\u00e9 pr\u00e9fectoral n\u00b0 1411/DDPP du 21/09/2023, donnant subd\u00e9l\u00e9gation de signature \nConsid\u00e9rant  que  le  Docteur  V\u00e9t\u00e9rinaire  Herv\u00e9  Estival remplit  les  conditions  permettant\nl'attribution de l'habilitation sanitaire\u00a0;\nSur proposition de Monsieur le directeur d\u00e9partemental de la protection des populations de\nla C\u00f4te-d'Or\u00a0;\nDirection D\u00e9partementale de la Protection des Populations - 57 rue de Mulhouse  -  21 033 DIJON Cedex\nt\u00e9l : 03 80 29 43 53... - Fax : 03 80 29 43 53..... - m\u00e8l : ddpp@cote-dor.gouv.fr\nSite internet : http://www.cote-dor.gouv.fr\npage 1\nDirection d\u00e9partementale de la protection des populations de la C\u00f4te-d'Or - 21-2024-05-03-00002 - Arr\u00eat\u00e9 pr\u00e9fectoral N\u00b0761/2024 en\ndate du 3 mai 2024\nattribuant l habilitation sanitaire \u00e0 Herv\u00e9 Estival\n10\nA R R E T E\nArticle 1er\u00a0:\nL'habilitation sanitaire pr\u00e9vue \u00e0 l'article L.203-1 du code rural et de la p\u00eache maritime susvis\u00e9\nest attribu\u00e9e pour une dur\u00e9e de 5 ans, \u00e0 compter de la date de signature du pr\u00e9sent arr\u00eat\u00e9,\n\u00e0  Herv\u00e9 Estival , Docteur  V\u00e9t\u00e9rinaire, inscrit au Tableau de l'Ordre des V\u00e9t\u00e9rinaires de la\nr\u00e9gion Bourgogne-Franche-Comt\u00e9, sous le n\u00b012090,  administrativement domicili\u00e9 au  6 rue\nprofesseur Louis Neel 21600 LONGVIC\nArticle 2\u00a0:\nDans la mesure o\u00f9 les conditions requises ont \u00e9t\u00e9 respect\u00e9es, cette habilitation sanitaire est\nrenouvelable  par  p\u00e9riode  de  cinq  ann\u00e9es  tacitement  reconduites  sous  r\u00e9serve  pour  le\nv\u00e9t\u00e9rinaire sanitaire de justifier \u00e0 l'issue de chaque p\u00e9riode de cinq ans, aupr\u00e8s du pr\u00e9fet de\nC\u00f4te d'Or du respect de ses obligations de formation continue pr\u00e9vues \u00e0 l'article R.203-12.\nArticle 3\u00a0:\nHerv\u00e9 Estival  s'engage \u00e0 respecter  les prescriptions  techniques,  administratives  et le cas\n\u00e9ch\u00e9ant financi\u00e8res de mise en \u0153uvre des mesures de pr\u00e9vention, de surveillance ou de lutte\nprescrites par l'autorit\u00e9 administrative et des op\u00e9rations de police sanitaire ex\u00e9cut\u00e9es en\napplication de l'article L.203-7 du code rural et de la p\u00eache maritime.\nArticle 4\u00a0:\nHerv\u00e9  Estival  pourra  \u00eatre  appel\u00e9  par  le  pr\u00e9fet  de  ses  d\u00e9partements  d'exercice  pour  la\nr\u00e9alisation  d'op\u00e9rations  de  police  sanitaire  au  sein  des  lieux  de  d\u00e9tention  ou  des\n\u00e9tablissements pour lesquels il a \u00e9t\u00e9 d\u00e9sign\u00e9 v\u00e9t\u00e9rinaire sanitaire. Il sera tenu de concourir \u00e0\nces op\u00e9rations en application des dispositions de l'article L.203-7 du code rural et de la\np\u00eache maritime.\nArticle 5\u00a0:\nTout  manquement  ou  faute  commis  dans  l'exercice de  la pr\u00e9sente  habilitation  sanitaire\nentra\u00eenera l'application des dispositions pr\u00e9vues aux articles R.203-15, R.228-6 et suivants du\ncode rural et de la p\u00eache maritime.\nArticle 6\u00a0:\nLa pr\u00e9sente d\u00e9cision peut faire l'objet d'un recours devant le Tribunal Administratif de Dijon\ndans un d\u00e9lai de deux mois \u00e0 compter de la date de notification, soit par courrier, soit par\nl'application informatique T\u00e9l\u00e9recours accessible sur le site www.telerecours.fr\nArticle 7\u00a0: \nMonsieur le directeur d\u00e9partemental de la protection des populations de la C\u00f4te-d'Or est\ncharg\u00e9 de l'ex\u00e9cution du pr\u00e9sent arr\u00eat\u00e9 qui sera publi\u00e9 au recueil des actes administratifs de\nla pr\u00e9fecture de la C\u00f4te-d'Or.\nFait \u00e0 Dijon, le 3 mai 2024\nL'adjointe \u00e0 la cheffe de service\nSign\u00e9\nAdeline PERRONNEAU \nDirection D\u00e9partementale de la Protection des Populations - 57 rue de Mulhouse  -  21 033 DIJON Cedex\nt\u00e9l : 03 80 29 43 53... - Fax : 03 80 29 43 53..... - m\u00e8l : ddpp@cote-dor.gouv.fr\nSite internet : http://www.cote-dor.gouv.fr\npage 2\nDirection d\u00e9partementale de la protection des populations de la C\u00f4te-d'Or - 21-2024-05-03-00002 - Arr\u00eat\u00e9 pr\u00e9fectoral N\u00b0761/2024 en\ndate du 3 mai 2024\nattribuant l habilitation sanitaire \u00e0 Herv\u00e9 Estival\n11\nDirection d\u00e9partementale des territoires de la\nC\u00f4te-d'Or\nService S\u00e9curit\u00e9 et Education Routi\u00e8re\n21-2024-05-03-00003\nArr\u00eat\u00e9 Pr\u00e9fectoral n\u00b0763\nportant d\u00e9rogation \u00e0 titre temporaire \u00e0\nl\u25a1interdiction de circulation des v\u00e9hicules \nde transport de marchandises \u00e0 certaines\np\u00e9riodes pour les v\u00e9hicules de plus de 7,5 tonnes\nde PTAC exploit\u00e9s par la soci\u00e9t\u00e9 S\u00c9T\u00c9O\ndomicili\u00e9e\n\u00e0 SAINTAPOLLINAIRE (21)\nDirection d\u00e9partementale des territoires de la C\u00f4te-d'Or - 21-2024-05-03-00003 - Arr\u00eat\u00e9 Pr\u00e9fectoral n\u00b0763\nportant d\u00e9rogation \u00e0 titre temporaire \u00e0 l\u25a1interdiction de circulation des v\u00e9hicules \nde transport de marchandises \u00e0 certaines p\u00e9riodes pour les v\u00e9hicules de plus de 7,5 tonnes de PTAC exploit\u00e9s par la soci\u00e9t\u00e9 S\u00c9T\u00c9O\ndomicili\u00e9e\n\u00e0 SAINTAPOLLINAIRE (21)\n12\nExPREFETDE LACOTE-D'ORLibert\u00e9Egalit\u00e9Fraternit\u00e9\nDirection d\u00e9partementale des territoires\nde la C\u00f4te-d'Or\nService de la s\u00e9curit\u00e9 et de l'\u00e9ducation routi\u00e8re\nBureau de la s\u00e9curit\u00e9 routi\u00e8re\nArr\u00eat\u00e9 Pr\u00e9fectoral n\u00b0763\nportant d\u00e9rogation \u00e0 titre temporaire \u00e0 l'interdiction de circulation des v\u00e9hicules \nde transport de marchandises \u00e0 certaines p\u00e9riodes pour les v\u00e9hicules\nde plus de 7,5 tonnes de PTAC exploit\u00e9s par la soci\u00e9t\u00e9 S\u00c9T\u00c9O domicili\u00e9e\n\u00e0 SAINT-APOLLINAIRE (21)\nLe pr\u00e9fet de la r\u00e9gion Bourgogne-Franche-Comt\u00e9\nPr\u00e9fet de la C\u00f4te-d'Or\nVU le Code g\u00e9n\u00e9ral des collectivit\u00e9s territoriales, notamment son article L. 2215-1  ;\nVU le Code de la route, notamment son article R. 411-18 ; \nVU la loi n\u00b0 82-213 du 2 mars 1982 modifi\u00e9e relative aux droits et libert\u00e9s des communes, des\nd\u00e9partements et des r\u00e9gions, notamment son article 34 ;\nVU le d\u00e9cret n\u00b02004-374 du 29 avril 2004 relatif aux pouvoirs des pr\u00e9fets, \u00e0 l'organisation et \u00e0\nl'action des services de l'\u00c9tat dans les r\u00e9gions et les d\u00e9partements ;\nVU le d\u00e9cret n\u00b0 97-34 du 15 janvier 1997 modifi\u00e9 relatif \u00e0 la d\u00e9concentration des d\u00e9cisions\nadministratives individuelles ;\nVU l'arr\u00eat\u00e9 interminist\u00e9riel du 16 avril 2021 relatif \u00e0 l'interdiction de circulation des v\u00e9hicules\nde transport de marchandises \u00e0 certaines p\u00e9riodes et notamment son article 5  ;\nVU l'arr\u00eat\u00e9 pr\u00e9fectoral n\u00b0 1438 / SG du 29 septembre 2023 donnant d\u00e9l\u00e9gation de signature\n\u00e0 Madame Florence LAUBIER, directrice d\u00e9partementale des territoires de la C\u00f4te-d'Or  ;\nVU l'arr\u00eat\u00e9  n\u00b0  43  du  10  janvier  2024  portant  d\u00e9l\u00e9gation  de  signature  aux  agents  de  la\ndirection d\u00e9partementale des territoires de la C\u00f4te-d'Or  ;\nVU la demande pr\u00e9sent\u00e9e le 2 mai 2024 par l'entreprise S\u00c9T\u00c9O domicili\u00e9e\nDirection d\u00e9partementale des territoires de la C\u00f4te-d'Or\n57, rue de Mulhouse - BP 53317 - 21033 Dijon CEDEX\nT\u00e9l. : 03 80 29 44 44\nCourriel : ddt@cote-dor.gouv.fr\nDirection d\u00e9partementale des territoires de la C\u00f4te-d'Or - 21-2024-05-03-00003 - Arr\u00eat\u00e9 Pr\u00e9fectoral n\u00b0763\nportant d\u00e9rogation \u00e0 titre temporaire \u00e0 l\u25a1interdiction de circulation des v\u00e9hicules \nde transport de marchandises \u00e0 certaines p\u00e9riodes pour les v\u00e9hicules de plus de 7,5 tonnes de PTAC exploit\u00e9s par la soci\u00e9t\u00e9 S\u00c9T\u00c9O\ndomicili\u00e9e\n\u00e0 SAINTAPOLLINAIRE (21)\n13\n\u00e0 SAINT-APOLLINAIRE (21) ;\nCONSID\u00c9RANT que la circulation des v\u00e9hicules exploit\u00e9s par l'entreprise susvis\u00e9e permet de\ncontribuer  \u00e0  l'ex\u00e9cution  de  services  publics  a n  de  r\u00e9pondre  \u00e0  des  besoins  collectifsfi\nimm\u00e9diats, conform\u00e9ment \u00e0 l'article 5-II- 4 de l'arr\u00eat\u00e9 interminist\u00e9riel du 16 avril 2021;\nSUR proposition de Madame la directrice d\u00e9partementale des territoires de la C\u00f4te-d'Or  ;\nARRETE\nArticle 1er : \nLes v\u00e9hicules  dont les num\u00e9ros d'immatriculation figurent dans l'annexe jointe au pr\u00e9sent\narr\u00eat\u00e9, exploit\u00e9s par la soci\u00e9t\u00e9 S\u00c9T\u00c9O domicili\u00e9e \u00e0 SAINT -APOLLINAIRE (21), sont autoris\u00e9s \u00e0\ncirculer en d\u00e9rogation aux articles 1 et 2 de l'arr\u00eat\u00e9 interminist\u00e9riel du 16 avril 2021 relatif \u00e0\nl'interdiction de circulation des v\u00e9hicules de transport de marchandises \u00e0 certaines p\u00e9riodes.\nArticle 2 : \nCette d\u00e9rogation est accord\u00e9e pour l'\u00e9vacuation des march\u00e9s de DIJON :\n\u2022 point de d\u00e9part : SAINT APOLLINAIRE (21)\n\u2022 points de chargement :\nMarch\u00e9 DIJON centre ville\nMarch\u00e9 DIJON Gresilles\nMarch\u00e9 DIJON Fontaine d'Ouche\n\u2022 points de d\u00e9chargement : DIJON (21)\nCette d\u00e9rogation est valable de 7h a 19h les jours suivants : \n- mercredi 08/05/2024\n- jeudi 09/05/2024\n- jeudi 15/08/2024\n- vendredi 01/11/2024\nArticle 3 :\nLe responsable du v\u00e9hicule doit pouvoir justifier, en cas de contr\u00f4le, aupr\u00e8s des agents de\nl'autorit\u00e9 comp\u00e9tente de la conformit\u00e9 du transport effectu\u00e9 au regard des dispositions de\nla pr\u00e9sente d\u00e9rogation.\nUne  copie  du  pr\u00e9sent  arr\u00eat\u00e9  et  de  son  annexe  doivent  se  trouver  \u00e0  bord  du  v\u00e9hicule.\nL'original de l'arr\u00eat\u00e9 est archiv\u00e9 par la direction d\u00e9partementale des territoires de la C\u00f4te-\nd'Or.\nDirection d\u00e9partementale des territoires de la C\u00f4te-d'Or\n57, rue de Mulhouse - BP 53317 - 21033 Dijon CEDEX\nT\u00e9l. : 03 80 29 44 44\nCourriel : ddt@cote-dor.gouv.fr\nDirection d\u00e9partementale des territoires de la C\u00f4te-d'Or - 21-2024-05-03-00003 - Arr\u00eat\u00e9 Pr\u00e9fectoral n\u00b0763\nportant d\u00e9rogation \u00e0 titre temporaire \u00e0 l\u25a1interdiction de circulation des v\u00e9hicules \nde transport de marchandises \u00e0 certaines p\u00e9riodes pour les v\u00e9hicules de plus de 7,5 tonnes de PTAC exploit\u00e9s par la soci\u00e9t\u00e9 S\u00c9T\u00c9O\ndomicili\u00e9e\n\u00e0 SAINTAPOLLINAIRE (21)\n14\nArticle 4 :\nLe pr\u00e9sent arr\u00eat\u00e9 peut faire l'objet d'un recours contentieux devant le tribunal administratif\nde Dijon dans un d\u00e9lai de deux mois \u00e0 compter de sa publication. Un recours peut \u00eatre\nd\u00e9pos\u00e9  via  l'application  T\u00e9l\u00e9recours  citoyens  accessible  par  le  site  internet\nwww.telerecours.fr\nArticle 5 :\nLe  directeur  de  cabinet  du  pr\u00e9fet  de  la  C\u00f4te-d'Or  et  la  directrice  d\u00e9partementale  des\nterritoires de la C\u00f4te-d'Or sont charg\u00e9s de l'ex\u00e9cution du pr\u00e9sent arr\u00eat\u00e9 qui sera publi\u00e9 au\nrecueil des actes administratifs de la pr\u00e9fecture de la C\u00f4te-d'Or et notifi\u00e9 au responsable\nl\u00e9gal de l'entreprise SETEO domicili\u00e9e \u00e0 SAINT APOLLINAIRE (21).\nFait \u00e0 Dijon, le 03 mai 2024\nPour le Pr\u00e9fet et par d\u00e9l\u00e9gation,\nLe chef de bureau de la s\u00e9curit\u00e9 routi\u00e8re\nSIGNE\nPhilippe MUNIER\nDirection d\u00e9partementale des territoires de la C\u00f4te-d'Or\n57, rue de Mulhouse - BP 53317 - 21033 Dijon CEDEX\nT\u00e9l. : 03 80 29 44 44\nCourriel : ddt@cote-dor.gouv.fr\nDirection d\u00e9partementale des territoires de la C\u00f4te-d'Or - 21-2024-05-03-00003 - Arr\u00eat\u00e9 Pr\u00e9fectoral n\u00b0763\nportant d\u00e9rogation \u00e0 titre temporaire \u00e0 l\u25a1interdiction de circulation des v\u00e9hicules \nde transport de marchandises \u00e0 certaines p\u00e9riodes pour les v\u00e9hicules de plus de 7,5 tonnes de PTAC exploit\u00e9s par la soci\u00e9t\u00e9 S\u00c9T\u00c9O\ndomicili\u00e9e\n\u00e0 SAINTAPOLLINAIRE (21)\n15\nANNEXE\n\u00e0 l'arr\u00eat\u00e9 pr\u00e9fectoral n\u00b0607 du 29 mars 2024\nArticle R. 411-18 du Code de la route \u2013 Article 5-II de l'arr\u00eat\u00e9 interminist\u00e9riel du 16 avril 2021.\nD\u00e9rogation temporaire aux interdictions de circulations g\u00e9n\u00e9rales et compl\u00e9mentaires\npr\u00e9vues par les articles 1 et 2 de l'arr\u00eat\u00e9 interminist\u00e9riel du 16 avril 2021.\nConform\u00e9ment \u00e0 l'article 8 de l'arr\u00eat\u00e9 interminist\u00e9riel du 16 avril 2021, la d\u00e9rogation\nindividuelle \u00e0 titre temporaire doit \u00eatre obligatoirement compl\u00e9t\u00e9e par son titulaire avant le\nd\u00e9part du v\u00e9hicule en indiquant la date du d\u00e9placement et le num\u00e9ro d'immatriculation du\nv\u00e9hicule.\nDate du d\u00e9placement : 7h a 19h les jours suivants : \nmercredi 08/05/2024\njeudi 09/05/2024\njeudi 15/08/2024\nvendredi 01/11/2024\nV\u00e9hicules concern\u00e9s (le cas \u00e9ch\u00e9ant)\nType N\u00b0 immatriculation\nCAM CS 778 MJ\nCAM GG 085 SP\nCAM FM 944 AF\nCAM GS 349 MA\nUne copie de l'arr\u00eat\u00e9 pr\u00e9fectoral et son annexe doivent se trouver \u00e0 bord du v\u00e9hicule\net pouvoir \u00eatre pr\u00e9sent\u00e9s aux agents charg\u00e9s du contr\u00f4le.\nL'original de l'arr\u00eat\u00e9 est archiv\u00e9 par la direction d\u00e9partementale des territoires de la C\u00f4te-\nd'Or.\nDirection d\u00e9partementale des territoires de la C\u00f4te-d'Or\n57, rue de Mulhouse - BP 53317 - 21033 Dijon CEDEX\nT\u00e9l. : 03 80 29 44 44\nCourriel : ddt@cote-dor.gouv.fr\nDirection d\u00e9partementale des territoires de la C\u00f4te-d'Or - 21-2024-05-03-00003 - Arr\u00eat\u00e9 Pr\u00e9fectoral n\u00b0763\nportant d\u00e9rogation \u00e0 titre temporaire \u00e0 l\u25a1interdiction de circulation des v\u00e9hicules \nde transport de marchandises \u00e0 certaines p\u00e9riodes pour les v\u00e9hicules de plus de 7,5 tonnes de PTAC exploit\u00e9s par la soci\u00e9t\u00e9 S\u00c9T\u00c9O\ndomicili\u00e9e\n\u00e0 SAINTAPOLLINAIRE (21)\n16\nPr\u00e9fecture de la C\u00f4te-d'Or\nDirection de la coordination, des politiques\npubliques et de l'appui territorial\n21-2024-04-20-00001\nArr\u00eat\u00e9 pr\u00e9fectoral n\u00b0750 du 20/04/24 portant\nautorisation d'occupation temporaire des sols\nsur l'ancien site de la soci\u00e9t\u00e9 SPTP situ\u00e9 sur le\nterritoire de la commune de St-Usage\nPr\u00e9fecture de la C\u00f4te-d'Or - 21-2024-04-20-00001 - Arr\u00eat\u00e9 pr\u00e9fectoral n\u00b0750 du 20/04/24 portant autorisation d'occupation\ntemporaire des sols sur l'ancien site de la soci\u00e9t\u00e9 SPTP situ\u00e9 sur le territoire de la commune de St-Usage 17\nExPREFETDE LACOTE-D'ORL'iberte'Egalit\u00e9Fraternit\u00e9\nDirection R\u00e9gionale de l'Environnement,\nde l'Am\u00e9nagement et du Logement\nBourgogne-Franche-Comt\u00e9\nArr\u00eat\u00e9 Pr\u00e9fectoral n\u00b0 750 du 20 avril 2024\nportant autorisation d'occupation temporaire des sols sur l'ancien site de la soci\u00e9t\u00e9 SPTP,\nsitu\u00e9 sur le territoire de la commune de Saint-Usage\nLe Pr\u00e9fet de la C\u00f4te-d'Or,\n \nVU le Code de l'environnement, notamment ses articles L. 171-8, L. 541-3 et L. 556-3 ;\nVU le Code de justice administrative, notamment son article R. 532-1 ;\nVU  la loi du 29 d\u00e9cembre 1892 relative aux dommages caus\u00e9s \u00e0 la propri\u00e9t\u00e9 priv\u00e9e par\nl'ex\u00e9cution des travaux publics ;\nVU l'arr\u00eat\u00e9 pr\u00e9fectoral n\u00b0 97 en date du 27 janvier 2022 prescrivant l'ex\u00e9cution de travaux\nd'office sur l'ancien site de la soci\u00e9t\u00e9 SPTP sur la commune de Saint-Usage, et confiant la\nma\u00eetrise d'ouvrage desdits travaux \u00e0 l' agence de l'environnement et de la ma\u00eetrise de\nl'\u00e9nergie (ADEME) ;\nCONSID\u00c9RANT  que les proc\u00e9dures engag\u00e9es \u00e0 l'encontre du responsable l\u00e9gal du site\nn'ont pas permis d'aboutir \u00e0 la mise en s\u00e9curit\u00e9 du site de l'ex soci\u00e9t\u00e9 SPTP ;\nCONSID\u00c9RANT que la situation constat\u00e9e constitue une atteinte aux int\u00e9r\u00eats prot\u00e9g\u00e9s\nvis\u00e9s aux articles L. 211-1 et L. 511-1 du Code de l'environnement ;\nCONSID\u00c9RANT la n\u00e9cessit\u00e9 de proc\u00e9der \u00e0 la mise en s\u00e9curit\u00e9 du site ;\nCONSID\u00c9RANT les d\u00e9lais n\u00e9cessaires \u00e0 la r\u00e9alisation des travaux de mise en s\u00e9curit\u00e9 du site par \nl'ADEME ;\nSUR proposition du secr\u00e9taire g\u00e9n\u00e9ral de la pr\u00e9fecture de la C\u00f4te-d'Or :\nA R R \u00ca T E\nARTICLE 1.\nAutorisation de p\u00e9n\u00e9tration ou d'occupation des parcelles\nLes repr\u00e9sentants de l' agence de l'environnement et de la ma\u00eetrise de l'\u00e9nergie (ADEME),\nainsi que ceux des prestataires mandat\u00e9s par cet organisme, sont autoris\u00e9s \u00e0 p\u00e9n\u00e9trer ou\noccuper, pour une dur\u00e9e de 24 mois, les parcelles cadastrales n\u00b0127 , 172, 185 et 187 , section\nAK, correspondant au site d'implantation de l'ex soci\u00e9t\u00e9 SPTP sur la commune de Saint-\nUsage, afin de proc\u00e9der \u00e0 l'ex\u00e9cution des op\u00e9rations mentionn\u00e9es dans l'arr\u00eat\u00e9 pr\u00e9fectoral\nde travaux d'office susvis\u00e9.\n1/4\nPr\u00e9fecture de la C\u00f4te-d'Or - 21-2024-04-20-00001 - Arr\u00eat\u00e9 pr\u00e9fectoral n\u00b0750 du 20/04/24 portant autorisation d'occupation\ntemporaire des sols sur l'ancien site de la soci\u00e9t\u00e9 SPTP situ\u00e9 sur le territoire de la commune de St-Usage 18\n\u00c0 cet effet, sans pr\u00e9judice des dispositions de la loi du 29 d\u00e9cembre 1892, ils peuvent\neffectuer toutes les op\u00e9rations que la r\u00e9alisation de ces travaux rend indispensables.\nARTICLE 2.\nInterdiction de perturber l'ex\u00e9cution des prestations\nLes  propri\u00e9taires  ou  locataires  des  parcelles  doivent  suspendre  toute  intervention  de\nnature \u00e0 perturber la r\u00e9alisation des op\u00e9rations mentionn\u00e9es par l'arr\u00eat\u00e9 pr\u00e9fectoral de\ntravaux d'office susvis\u00e9.\nARTICLE 3.\nAbrogation des pr\u00e9c\u00e9dents actes\nLes  dispositions  de  l'arr\u00eat\u00e9  pr\u00e9fectoral  n\u00b0  98  du  27  janvier  2022  portant  autorisation\nd'occupation  temporaire  des  sols  du  site  d'implantation  de  l'ex  soci\u00e9t\u00e9  SPTP  sur  la\ncommune de Saint-Usage , \u00e0 l'agence de l'environnement et de la ma\u00eetrise de l'\u00e9nergie\n(ADEME), sont abrog\u00e9es.\nARTICLE 4.\nPr\u00e9vention et r\u00e8glement des dommages\nDes  \u00e9tats  des  lieux  faisant  l'objet  d'un  proc\u00e8s-verbal  contradictoire  sont  \u00e9tablis  en\npr\u00e9sence des propri\u00e9taires des terrains ou de leurs repr\u00e9sentants et de l'ADEME.\n\u00c0 l'issue des op\u00e9rations mentionn\u00e9es dans l'arr\u00eat\u00e9 pr\u00e9fectoral de travaux d'office susvis\u00e9,\nconform\u00e9ment \u00e0 la loi du 29 d\u00e9cembre 1892 susvis\u00e9e, tout dommage caus\u00e9 \u00e0 la propri\u00e9t\u00e9\nen raison de l'ex\u00e9cution des op\u00e9rations peut \u00eatre pris en charge par l'ADEME.\n\u00c0 d\u00e9faut d'entente amiable, leur montant est fix\u00e9 par le tribunal administratif comp\u00e9tent.\nARTICLE 5.\nP\u00e9remption de la d\u00e9cision\nLa pr\u00e9sente autorisation est p\u00e9rim\u00e9e de plein droit si elle n'est pas suivie d'effet dans les\nsix mois \u00e0 compter de sa date d'application.\nARTICLE 6.\nPublicit\u00e9s et notification\nEn  vue  de  l'information  des  tiers,  le  pr\u00e9sent  arr\u00eat\u00e9  est  publi\u00e9  au  recueil  des  actes\nadministratifs de la pr\u00e9fecture de la C\u00f4te-d'Or.\nLe pr\u00e9sent arr\u00eat\u00e9 fait l'objet d'un affichage en mairie pendant un mois par les soins de\nMme le maire de Saint-Usage.\nLe pr\u00e9sent arr\u00eat\u00e9 est notifi\u00e9 \u00e0 l'ADEME.\nARTICLE 7 .\nVoies et d\u00e9lais de recours\nLa  pr\u00e9sente  d\u00e9cision  est  susceptible  de  faire  l'objet  d'un  recours  gracieux  aupr\u00e8s  des\nservices de la pr\u00e9fecture de  la C\u00f4te-d'Or  ainsi que d'un recours hi\u00e9rarchique aupr\u00e8s du\nministre  charg\u00e9  de  l'environnement  dans  le  d\u00e9lai  de  deux  mois  \u00e0  compter  de  la\nnotification ou de la publication du pr\u00e9sent arr\u00eat\u00e9.\n2/4\nPr\u00e9fecture de la C\u00f4te-d'Or - 21-2024-04-20-00001 - Arr\u00eat\u00e9 pr\u00e9fectoral n\u00b0750 du 20/04/24 portant autorisation d'occupation\ntemporaire des sols sur l'ancien site de la soci\u00e9t\u00e9 SPTP situ\u00e9 sur le territoire de la commune de St-Usage 19\nLa pr\u00e9sente d\u00e9cision est soumise \u00e0 un contentieux de pleine juridiction. Elle peut \u00eatre\nd\u00e9f\u00e9r\u00e9e \u00e0 la juridiction administrative comp\u00e9tente, le tribunal administratif de Dijon, dans\nles d\u00e9lais pr\u00e9vus \u00e0 l'article R. 421-1 du Code de justice administrative, \u00e0 savoir dans un d\u00e9lai\nde deux mois \u00e0 compter de la notification ou de la publication du pr\u00e9sent arr\u00eat\u00e9.\nLe tribunal administratif peut \u00eatre saisi d'un recours d\u00e9pos\u00e9 via l'application T\u00e9l\u00e9recours\ncitoyens, accessible par le site Internet www.telerecours.fr.\nARTICLE 8.\nModalit\u00e9s d'ex\u00e9cution\nM. le Secr\u00e9taire G\u00e9n\u00e9ral de la Pr\u00e9fecture de la C\u00f4te-d'Or, Mme le Maire de la commune de\nSaint-Usage,  M.  le  Directeur  R\u00e9gional  de  l'Environnement,  de  l'Am\u00e9nagement  et  du\nLogement  (DREAL)  de  Bourgogne-Franche-Comt\u00e9,  sont  charg\u00e9s,  chacun  en  ce  qui  le\nconcerne, de l'ex\u00e9cution du pr\u00e9sent arr\u00eat\u00e9 qui sera notifi\u00e9 \u00e0 l'ADEME et dont une copie\nsera faite \u00e0 :\n\u2022 Mme le Maire de Saint-Usage,\n\u2022 M. le Directeur R\u00e9gional de l'Environnement, de l'Am\u00e9nagement et du Logement de\nBourgogne-Franche-Comt\u00e9\n\u2022 M. le directeur d\u00e9partemental des services d'incendie et de secours de  la C\u00f4te-\nd'Or ;\n\u2022 M. le commandant le groupement de gendarmerie de la C\u00f4te-d'Or ;\n\u2022 La SCP V\u00e9ronique THIEBAUT\nFait \u00e0 Dijon,\nLe pr\u00e9fet\nPour le pr\u00e9fet et par d\u00e9l\u00e9gation\nLe secr\u00e9taire g\u00e9n\u00e9ral\nSign\u00e9\nJohann MOUGENOT\n3/4\nPr\u00e9fecture de la C\u00f4te-d'Or - 21-2024-04-20-00001 - Arr\u00eat\u00e9 pr\u00e9fectoral n\u00b0750 du 20/04/24 portant autorisation d'occupation\ntemporaire des sols sur l'ancien site de la soci\u00e9t\u00e9 SPTP situ\u00e9 sur le territoire de la commune de St-Usage 20\nAnnexe \u00e0 l'arr\u00eat\u00e9 pr\u00e9fectoral d'occupation temporaire des sols\nCommune de SAINT-USAGE - Plan parcellaire\nVU POUR ETRE ANNEXE\n\u00e0 notre arr\u00eat\u00e9 en date de ce jour\nDijon, le 20 avril 2024\nLE PREFET,\nPour le pr\u00e9fet et par d\u00e9l\u00e9gation\nLe secr\u00e9taire g\u00e9n\u00e9ral\nSign\u00e9 Johann MOUGENOT\nPr\u00e9fecture de la C\u00f4te-d'Or - 21-2024-04-20-00001 - Arr\u00eat\u00e9 pr\u00e9fectoral n\u00b0750 du 20/04/24 portant autorisation d'occupation\ntemporaire des sols sur l'ancien site de la soci\u00e9t\u00e9 SPTP situ\u00e9 sur le territoire de la commune de St-Usage 21\nPr\u00e9fecture de la C\u00f4te-d'Or\nDirection des Collectivit\u00e9s locales et des\nElections \n21-2024-04-26-00008\nArr\u00eat\u00e9 pr\u00e9fectoral n\u00b0 731 Instituant la\ncommission de propagande \u00e9lectorale et fixant\nles dates et heures limites de remise des\ndocuments de propagande dans le cadre de\nl'\u00e9lection des repr\u00e9sentants au Parlement\neurop\u00e9en du 9 juin 2024\nPr\u00e9fecture de la C\u00f4te-d'Or - 21-2024-04-26-00008 - Arr\u00eat\u00e9 pr\u00e9fectoral n\u00b0 731 Instituant la commission de propagande \u00e9lectorale et\nfixant les dates et heures limites de remise des documents de propagande dans le cadre de l'\u00e9lection des repr\u00e9sentants au Parlement\neurop\u00e9en du 9 juin 2024\n22\nExPREFETDE LACOTE-D'ORLibert\u00e9Egalit\u00e9Fraternit\u00e9\nDirection des collectivit\u00e9s locales et des \u00e9lections\nBureau des \u00c9lections et de la R\u00e9glementation Dijon, le 26 avril 2024\nAffaire suivie par : D. HORNY et C. BROUSSE\nT\u00e9l : 03 80 44 65 41/65 40\nm\u00e9l : pref-elections@cote-dor.gouv.fr\nArr\u00eat\u00e9 N\u00b0 731\nInstituant la commission de propagande \u00e9lectorale et fixant les dates et heures\nlimites de remise des documents de propagande dans le cadre de l'\u00e9lection des\nrepr\u00e9sentants au Parlement europ\u00e9en du 9 juin 2024\nLe pr\u00e9fet de la r\u00e9gion Bourgogne-Franche-Comt\u00e9\nPr\u00e9fet de la C\u00f4te-d'Or\n \nVU le code \u00e9lectoral et notamment les articles  L.166, R.31 \u00e0 R. 39 ;\nVU la loi n\u00b0 77-729 du 7 juillet 1977 relative \u00e0 l'\u00e9lection des repr\u00e9sentants au Parlement europ\u00e9en\nmodifi\u00e9e par la loi n\u00b0 2018-509 du 25 juin 2018 relative \u00e0 l'\u00e9lection des repr\u00e9sentants au Parlement\neurop\u00e9en ;\nVU le d\u00e9cret n\u00b0 79-160 du 28 f\u00e9vrier 1979 modifi\u00e9 portant application de la loi n\u00b0 77-729 du 7 juillet\n1977 susvis\u00e9e, modifi\u00e9 par le d\u00e9cret n\u00b0 2018-918 du 26 octobre 2018 ;\nVU le d\u00e9cret n\u00b0 2024-226 du 12 mars 2024 portant convocation des \u00e9lecteurs pour l'\u00e9lection des\nrepr\u00e9sentants au Parlement europ\u00e9en ;\nVU l'ordonnance du 11 avril 2024 de la Premi\u00e8re Pr\u00e9sidente de la Cour d'Appel de Dijon  ;\nVU le m\u00e9l en date du 26 mars 2024 de l'Animateur de l'Excellence Logistique du groupe La Poste ;\nSUR proposition du Secr\u00e9taire G\u00e9n\u00e9ral de la Pr\u00e9fecture de la C\u00f4te d'Or ;\nARR\u00caTE\nArticle  1er        :  En  vue  de  l'\u00e9lection  des  repr\u00e9sentants  au  Parlement  europ\u00e9en  du  9  juin  2024  et\nconform\u00e9ment \u00e0 l'article R. 31 du code \u00e9lectoral, il est institu\u00e9, dans le d\u00e9partement de la C\u00f4te-d'Or,\nune  commission  de  propagande  ayant  la  responsabilit\u00e9  de  l'envoi  des  documents  \u00e9lectoraux  aux\n\u00e9lecteurs et charg\u00e9e d'assurer les op\u00e9rations prescrites par l'article R. 34 du code \u00e9lectoral. \nPr\u00e9fecture de la C\u00f4te-d'Or \n53 rue de la Pr\u00e9fecture - 21041 DIJON cedex\nt\u00e9l : 03 80 44 64 00  Site internet : http://www.cote-dor.gouv.fr\nPr\u00e9fecture de la C\u00f4te-d'Or - 21-2024-04-26-00008 - Arr\u00eat\u00e9 pr\u00e9fectoral n\u00b0 731 Instituant la commission de propagande \u00e9lectorale et\nfixant les dates et heures limites de remise des documents de propagande dans le cadre de l'\u00e9lection des repr\u00e9sentants au Parlement\neurop\u00e9en du 9 juin 2024\n23\nArticle 2     : Cette commission est compos\u00e9e comme suit :\nPr\u00e9sident     : Madame Catherine PERTUISOT, premi\u00e8re Vice-Pr\u00e9sidente au tribunal judiciaire de Dijon\nSuppl\u00e9ante : Madame Aude RICHARD, Vice-Pr\u00e9sidente du tribunal judiciaire de Dijon.\nFonctionnaire d\u00e9sign\u00e9 par le Pr\u00e9fet de la C\u00f4te d'Or     :   \nTitulaire : Monsieur Jean-Luc MILANI, Directeur des collectivit\u00e9s locales et des \u00e9lections \u00e0 la pr\u00e9fecture\nde la C\u00f4te-d'Or \nSuppl\u00e9antes : Madame Claire BROUSSE, chef du bureau des \u00e9lections et de la r\u00e9glementation et son\nadjointe, Madame Delphine HORNY\nFonctionnaire d\u00e9sign\u00e9 par La Poste     :  \nTitulaire : Mme Esther DONZEL-SARRE\nSuppl\u00e9ant : Monsieur Laurent BERLANGA\nArticle  3 :  Madame  Anne-Laure  GAUDINET,  Secr\u00e9taire  administrative  de  classe  sup\u00e9rieure,  \u00e0  la\nPr\u00e9fecture de la C\u00f4te d'Or, est charg\u00e9e des fonctions de secr\u00e9taire de la commission.\nArticle 4 :  Le si\u00e8ge de la commission de propagande est fix\u00e9 \u00e0 la Pr\u00e9fecture de la C\u00f4te-d'Or, mais elle\npourra se r\u00e9unir en tout lieu appropri\u00e9 apr\u00e8s en avoir d\u00e9lib\u00e9r\u00e9. \nArticle 5 : Les circulaires et bulletins de vote devront \u00eatre remis par les candidats au plus tard le lundi\n27 mai 2024 \u00e0 18h.\nLes documents devront \u00eatre livr\u00e9s aupr\u00e8s du routeur charg\u00e9 de la mise sous pli et de l'envoi des\nbulletins de vote aux mairies \u00e0 l'adresse suivante :\n3MA GROUP \n9 RUE DR MANFRED BEHR  \n68250 ROUFFACH \nHoraires et consignes de livraison  : du lundi au vendredi 8h-18h (prise de rendez-vous 48h avant aupr\u00e8s\nde  Monsieur  Thierry  HEIMBURGER  03  89  73  28  70/  t.heimburger@3magroup.com ou  de  Monsieur\nAntoine FAEDY 03 89 49 59 43/ a.faedy@3magroup.com).\nLa livraison sous forme encart\u00e9e est interdite.\nLes circulaires doivent  \u00eatre livr\u00e9es \u00e0  plat  non  liass\u00e9es,  pas  d'\u00e9lastiques,  corni\u00e8res,  documents non\nd\u00e9form\u00e9s par un filmage trop serr\u00e9.\nPour les bulletins de vote, la moiti\u00e9 destin\u00e9e au colisage des mairies doit \u00eatre livr\u00e9e en cartons de 2 000\nou 2 500 exemplaires, et l'autre moiti\u00e9, destin\u00e9e aux \u00e9lecteurs doit \u00eatre d\u00e9pos\u00e9e sur palette en vrac\navec intercalaires (pas de liassage plastique ou \u00e9lastiques, m\u00eames consignes que pour les circulaires).\nLa commission n'est pas tenue d'assurer l'envoi des imprim\u00e9s remis post\u00e9rieurement \u00e0 cette date ou\nqui ne seraient pas conformes \u00e0 ceux valid\u00e9s par la commission nationale.\nArticle 6     :  La commission est d\u00e9clar\u00e9e install\u00e9e \u00e0 la date du pr\u00e9sent arr\u00eat\u00e9.\nElle se r\u00e9unira le lundi 27 mai \u00e0 16h \u00e0 la Pr\u00e9fecture de la C\u00f4te d'Or \u2013Salle Lucie AUBRAC  \u2013 53 rue de la\npr\u00e9fecture \u00e0 Dijon.\nArticle 7     :    Les candidats t\u00eates de liste ou leurs repr\u00e9sentants peuvent participer, avec voix consultative,\naux travaux de la commission de propagande.\nPr\u00e9fecture de la C\u00f4te-d'Or \n53 rue de la Pr\u00e9fecture - 21041 DIJON cedex\nt\u00e9l : 03 80 44 64 00  Site internet : http://www.cote-dor.gouv.fr  \nPr\u00e9fecture de la C\u00f4te-d'Or - 21-2024-04-26-00008 - Arr\u00eat\u00e9 pr\u00e9fectoral n\u00b0 731 Instituant la commission de propagande \u00e9lectorale et\nfixant les dates et heures limites de remise des documents de propagande dans le cadre de l'\u00e9lection des repr\u00e9sentants au Parlement\neurop\u00e9en du 9 juin 2024\n24\nArticle  8     :   Le  secr\u00e9taire  g\u00e9n\u00e9ral  de  la  pr\u00e9fecture  ainsi  que  la  pr\u00e9sidente  de  la  commission\nd\u00e9partementale de propagande sont charg\u00e9s, chacun en ce qui le concerne, de l'ex\u00e9cution du pr\u00e9sent\narr\u00eat\u00e9 qui sera publi\u00e9 au recueil des actes administratifs de la pr\u00e9fecture.\nFait \u00e0 Dijon, le 26 avril 2024\nLe Pr\u00e9fet,\nPour la Pr\u00e9fet et par d\u00e9l\u00e9gation,\nLe Secr\u00e9taire G\u00e9n\u00e9ral,\nSign\u00e9     : Johann MOUGENOT\nPr\u00e9fecture de la C\u00f4te-d'Or \n53 rue de la Pr\u00e9fecture - 21041 DIJON cedex\nt\u00e9l : 03 80 44 64 00  Site internet : http://www.cote-dor.gouv.fr  \nPr\u00e9fecture de la C\u00f4te-d'Or - 21-2024-04-26-00008 - Arr\u00eat\u00e9 pr\u00e9fectoral n\u00b0 731 Instituant la commission de propagande \u00e9lectorale et\nfixant les dates et heures limites de remise des documents de propagande dans le cadre de l'\u00e9lection des repr\u00e9sentants au Parlement\neurop\u00e9en du 9 juin 2024\n25\nPr\u00e9fecture de la C\u00f4te-d'Or\nDirection des Collectivit\u00e9s locales et des\nElections \n21-2024-04-26-00007\nArr\u00eat\u00e9 pr\u00e9fectoral n\u00b0 732 Election des\nrepr\u00e9sentants au Parlement europ\u00e9en du 9 juin\n2024 Institution d'une commission de contr\u00f4le\ndes op\u00e9rations de vote Ville de DIJON\nPr\u00e9fecture de la C\u00f4te-d'Or - 21-2024-04-26-00007 - Arr\u00eat\u00e9 pr\u00e9fectoral n\u00b0 732 Election des repr\u00e9sentants au Parlement europ\u00e9en du 9\njuin 2024 Institution d'une commission de contr\u00f4le des op\u00e9rations de vote Ville de DIJON 26\nExPREFETDE LACOTE-D'ORLibert\u00e9Egalit\u00e9Fraternit\u00e9\nDirection des collectivit\u00e9s locales et des \u00e9lections\nBureau des \u00c9lections et de la R\u00e9glementation Dijon, le 26 avril 2024\nAffaire suivie par : D. HORNY et C. BROUSSE\nT\u00e9l : 03 80 44 65 41/65 40\nm\u00e9l : pref-elections@cote-dor.gouv.fr\nArr\u00eat\u00e9 N\u00b0 732\n\u00c9lection des repr\u00e9sentants au Parlement europ\u00e9en du 9 juin 2024\nInstitution d'une commission de contr\u00f4le des op\u00e9rations de vote\nVille de DIJON\nLe pr\u00e9fet de la r\u00e9gion Bourgogne-Franche-Comt\u00e9\nPr\u00e9fet de la C\u00f4te-d'Or\n \nVU le code \u00e9lectoral et notamment les articles L.85-1 et R.93-1 \u00e0 R.93-3 ;\nVU le d\u00e9cret n\u00b0 2024-226 du 12 mars 2024 portant convocation des \u00e9lecteurs pour l'\u00e9lection des\nrepr\u00e9sentants au Parlement europ\u00e9en ;\nVU l'ordonnance  de la Premi\u00e8re Pr\u00e9sidente de la Cour  d'Appel  de Dijon portant  d\u00e9signation  des\nmembres de la commission de contr\u00f4le en date du 11 avril 2024 ;\nSUR proposition du Secr\u00e9taire G\u00e9n\u00e9ral de la Pr\u00e9fecture de la C\u00f4te d'Or ;\nARR\u00caTE\nArticle 1er     : Il est institu\u00e9 une commission de contr\u00f4le des op\u00e9rations de vote qui se d\u00e9rouleront dans\nla ville de DIJON \u00e0 l'occasion des \u00e9lections des repr\u00e9sentants au Parlement europ\u00e9en du 9 juin 2024.\nArticle 2     :   Cette commission est ainsi compos\u00e9e :\nPr\u00e9sident :\nTitulaire : Madame Nathalie POUX, Pr\u00e9sidente du tribunal judiciaire de Dijon.\nSuppl\u00e9ant : Monsieur St\u00e9phane LARCAT, Vice-Pr\u00e9sident charg\u00e9 des fonctions de juge des contentieux\nde la protection au Tribunal judiciaire de Dijon.\nPr\u00e9fecture de la C\u00f4te-d'Or \n53 rue de la Pr\u00e9fecture - 21041 DIJON cedex\nt\u00e9l : 03 80 44 64 00  Site internet : http://www.cote-dor.gouv.fr\nPr\u00e9fecture de la C\u00f4te-d'Or - 21-2024-04-26-00007 - Arr\u00eat\u00e9 pr\u00e9fectoral n\u00b0 732 Election des repr\u00e9sentants au Parlement europ\u00e9en du 9\njuin 2024 Institution d'une commission de contr\u00f4le des op\u00e9rations de vote Ville de DIJON 27\nMembre :\nTitulaire : Ma\u00eetre Isabelle RIVA, pr\u00e9sidente commissaire de justice\nSuppl\u00e9ante : Ma\u00eetre Anne C\u00e9cile MOLHERAT, commissaire de justice\nMonsieur Thierry BRUL\u00c9, attach\u00e9 d'administration \u00e0 la Pr\u00e9fecture de C\u00f4te-d'Or assurera le secr\u00e9tariat.\nArticle 3     : La commission sera install\u00e9e \u00e0 la diligence de son pr\u00e9sident au plus tard le 5 juin 2024.\nSon si\u00e8ge est fix\u00e9 \u00e0 la Pr\u00e9fecture de la C\u00f4te-d'Or.\nArticle 5     :   La commission peut s'adjoindre des d\u00e9l\u00e9gu\u00e9s choisis parmi les \u00e9lecteurs du d\u00e9partement.\nArticle 6     : Le Secr\u00e9taire G\u00e9n\u00e9ral de la Pr\u00e9fecture de la C\u00f4te-d'Or est charg\u00e9 de l'ex\u00e9cution du pr\u00e9sent\narr\u00eat\u00e9 qui sera notifi\u00e9 au maire de DIJON et publi\u00e9 au recueil des actes administratifs de la Pr\u00e9fecture\nde la C\u00f4te-d'Or.\nFait \u00e0 Dijon, le 26 avril 2024\n \nLe Pr\u00e9fet,\nPour le Pr\u00e9fet et par d\u00e9l\u00e9gation,\nLe Secr\u00e9taire G\u00e9n\u00e9ral,\nSign\u00e9 : Johann MOUGENOT\nPr\u00e9fecture de la C\u00f4te-d'Or \n53 rue de la Pr\u00e9fecture - 21041 DIJON cedex\nt\u00e9l : 03 80 44 64 00  Site internet : http://www.cote-dor.gouv.fr \nPr\u00e9fecture de la C\u00f4te-d'Or - 21-2024-04-26-00007 - Arr\u00eat\u00e9 pr\u00e9fectoral n\u00b0 732 Election des repr\u00e9sentants au Parlement europ\u00e9en du 9\njuin 2024 Institution d'une commission de contr\u00f4le des op\u00e9rations de vote Ville de DIJON 28\nPr\u00e9fecture de la C\u00f4te-d'Or\nDirection des Collectivit\u00e9s locales et des\nElections \n21-2024-04-26-00006\nArr\u00eat\u00e9 pr\u00e9fectoral n\u00b0 733 Election des\nrepr\u00e9sentants au Parlement europ\u00e9en du 9 juin\n2024 Institution d'une commission de contr\u00f4le\ndes op\u00e9rations de vote Ville de BEAUNE\nPr\u00e9fecture de la C\u00f4te-d'Or - 21-2024-04-26-00006 - Arr\u00eat\u00e9 pr\u00e9fectoral n\u00b0 733 Election des repr\u00e9sentants au Parlement europ\u00e9en du 9\njuin 2024 Institution d'une commission de contr\u00f4le des op\u00e9rations de vote Ville de BEAUNE 29\nExPREFETDE LACOTE-D'ORLibert\u00e9Egalit\u00e9Fraternit\u00e9\nDirection des collectivit\u00e9s locales et des \u00e9lections\nBureau des \u00c9lections et de la R\u00e9glementation Dijon, le 26 avril 2024\nAffaire suivie par : D. HORNY et C. BROUSSE\nT\u00e9l : 03 80 44 65 41/65 40\nm\u00e9l : pref-elections@cote-dor.gouv.fr\nArr\u00eat\u00e9 N\u00b0 733\n\u00c9lection des repr\u00e9sentants au Parlement europ\u00e9en du 9 juin 2024\nInstitution d'une commission de contr\u00f4le des op\u00e9rations de vote\nVille de BEAUNE\nLe pr\u00e9fet de la r\u00e9gion Bourgogne-Franche-Comt\u00e9\nPr\u00e9fet de la C\u00f4te-d'Or\n \nVU le code \u00e9lectoral et notamment les articles L.85-1 et R.93-1 \u00e0 R.93-3 ;\nVU le d\u00e9cret n\u00b0 2024-226 du 12 mars 2024 portant convocation des \u00e9lecteurs pour l'\u00e9lection des\nrepr\u00e9sentants au Parlement europ\u00e9en ;\nVU l'ordonnance  de la Premi\u00e8re Pr\u00e9sidente de la Cour  d'Appel  de Dijon portant  d\u00e9signation  des\nmembres de la commission de contr\u00f4le en date du 11 avril 2024 ;\nSUR proposition du Secr\u00e9taire G\u00e9n\u00e9ral de la Pr\u00e9fecture de la C\u00f4te d'Or ;\nARR\u00caTE\nArticle 1er     : Il est institu\u00e9 une commission de contr\u00f4le des op\u00e9rations de vote qui se d\u00e9rouleront dans\nla ville de BEAUNE \u00e0 l'occasion des \u00e9lections des repr\u00e9sentants au Parlement europ\u00e9en du 9 juin 2024.\nArticle 2     :   Cette commission est ainsi compos\u00e9e :\nPr\u00e9sident :\nTitulaire : Madame Odile LEGRAND, Premi\u00e8re Vice-Pr\u00e9sidente au tribunal judiciaire de Dijon.\nSuppl\u00e9ant : Monsieur Herv\u00e9 B\u00c9N\u00c9TON, Vice-Pr\u00e9sident au tribunal judiciaire de Dijon.\nPr\u00e9fecture de la C\u00f4te-d'Or \n53 rue de la Pr\u00e9fecture - 21041 DIJON cedex\nt\u00e9l : 03 80 44 64 00  Site internet : http://www.cote-dor.gouv.fr\nPr\u00e9fecture de la C\u00f4te-d'Or - 21-2024-04-26-00006 - Arr\u00eat\u00e9 pr\u00e9fectoral n\u00b0 733 Election des repr\u00e9sentants au Parlement europ\u00e9en du 9\njuin 2024 Institution d'une commission de contr\u00f4le des op\u00e9rations de vote Ville de BEAUNE 30\nMembre :\nTitulaire : Ma\u00eetre Christophe ABEL, commissaire de justice\nSuppl\u00e9ante : Ma\u00eetre Amandine DE FOURNOUX, commissaire de justice\nMonsieur  Laurent  BOILLEE,  attach\u00e9  d'administration  hors  classe  \u00e0  la  Sous-Pr\u00e9fecture  de  BEAUNE,\nassurera le secr\u00e9tariat.\nArticle 3     : La commission sera install\u00e9e \u00e0 la diligence de son pr\u00e9sident au plus tard le 5 juin 2024.\nSon si\u00e8ge est fix\u00e9 \u00e0 la Sous-Pr\u00e9fecture de Beaune.\nArticle 5     :   La commission peut s'adjoindre des d\u00e9l\u00e9gu\u00e9s choisis parmi les \u00e9lecteurs du d\u00e9partement.\nArticle 6     : Le Secr\u00e9taire G\u00e9n\u00e9ral de la Pr\u00e9fecture de la C\u00f4te-d'Or est charg\u00e9 de l'ex\u00e9cution du pr\u00e9sent\narr\u00eat\u00e9 qui sera notifi\u00e9 au maire de BEAUNE et publi\u00e9 au recueil des actes administratifs de la Pr\u00e9fecture\nde la C\u00f4te-d'Or.\nFait \u00e0 Dijon, le 26 avril 2024\n \nLe Pr\u00e9fet,\nPour le Pr\u00e9fet et par d\u00e9l\u00e9gation,\nLe Secr\u00e9taire G\u00e9n\u00e9ral,\nSign\u00e9 : Johann MOUGENOT\nPr\u00e9fecture de la C\u00f4te-d'Or \n53 rue de la Pr\u00e9fecture - 21041 DIJON cedex\nt\u00e9l : 03 80 44 64 00  Site internet : http://www.cote-dor.gouv.fr \nPr\u00e9fecture de la C\u00f4te-d'Or - 21-2024-04-26-00006 - Arr\u00eat\u00e9 pr\u00e9fectoral n\u00b0 733 Election des repr\u00e9sentants au Parlement europ\u00e9en du 9\njuin 2024 Institution d'une commission de contr\u00f4le des op\u00e9rations de vote Ville de BEAUNE 31\nSDIS de C\u00f4te-d'Or\n21-2024-02-02-00007\n2024 Liste d'aptitude op\u00e9rationnelle_unit\u00e9\nsp\u00e9cialis\u00e9e de lutte face aux risques radioactifs\nSDIS de C\u00f4te-d'Or - 21-2024-02-02-00007 - 2024 Liste d'aptitude op\u00e9rationnelle_unit\u00e9 sp\u00e9cialis\u00e9e de lutte face aux risques radioactifs 32\nElPREFETC\u00d4TE-D' sDISLibert\u00e9\u00c9galit\u00e9 22 D Boulevard Winston ChurchillFraternit\u00e9 CS 16209 - 21 062 DIJON Cedex\nAffaire suivie par : sous-direction optimisation du potentiel op\u00e9rationnelSDIS 21 / service \u00e9quipes sp\u00e9cialis\u00e9esT\u00e9l : 03 80 11 27 87M\u00e9l : formation@sdis21.orgArr\u00eat\u00e9Portant sur la liste d'aptitude op\u00e9rationnelleUnit\u00e9 de lutte face aux risques radioactifsAnn\u00e9e 2024Le pr\u00e9fet de la C\u00f4te-d'OrVu le code g\u00e9n\u00e9ral des collectivit\u00e9s territoriales et particuli\u00e8rement l'article R 1424-54 ;Vu l'arr\u00eat\u00e9 du 6 mai 2000 modifi\u00e9 fixant les conditions d'aptitudes m\u00e9dicales des sapeurs-pompiers professionnels etvolontaires ;Vu l'arr\u00eat\u00e9 du 22 ao\u00fbt 2019 relatif aux formations des sapeurs-pompiers professionnels et volontaires ;Vu l'arr\u00eat\u00e9 du 15 juillet 2022 relatif \u00e0 la d\u00e9signation et aux missions des r\u00e9f\u00e9rents de sp\u00e9cialit\u00e9s mentionn\u00e9s \u00e0 l'articleR. 722-1 du code de la s\u00e9curit\u00e9 int\u00e9rieure ;Vu l'arr\u00e9t\u00e9 pr\u00e9fectoral du 18 septembre 2020 fixant la liste des unit\u00e9s op\u00e9rationnelles ;Vu le r\u00e8glement op\u00e9rationnel du service d\u00e9partemental d'incendie et de secours de la C\u00f4te-d'Or en date du 06 octobre2021 \u00abVu le SDACR approuv\u00e9 par arr\u00eat\u00e9 pr\u00e9fectoral n\u00b0 250 du 18 mai 2015 ;Vu le guide national de r\u00e9f\u00e9rence relatif aux risques radiologiques ;Vu la participation des agents d\u00e9sign\u00e9s aux activit\u00e9s de formation de maintien et de perfectionnement des acquis ;Vu le nombre de conseillers technique risques radiologiques (2), de chefs de CMIR (9), de chefs d'\u00e9quipe intervention(32), de chefs d'\u00e9quipe reconnaissance (22) ;Sur proposition de monsieur le directeur d\u00e9partemental des services d'incendie et de secours ;ARR\u00caTEArticle 1 : La liste annuelle d\u00e9partementale d'aptitude op\u00e9rationnelle des sapeurs-pompiers de l'unit\u00e9 \u00ab lutteface aux risques radiologiques \u00bb du d\u00e9partement de la C\u00f4te-d'Or s'\u00e9tablit comme suit :Emploi op\u00e9rationnel FormationNom Pr\u00e9nom EDUPONT Luc * Conseillr\u00eer('j'i[\u00eel(\u00e8hgri\\ci]quueesrisques RAD 4\nDOMBEK Christophe** Conse\"'r\u00ee\u00e4\u00ee\u00eahg'\u00e4qufi Isques RAD 4BRILLET Jason Chef de CMIR ; RAD3 \u2014\" DESCHAMPS Olivier | Chefde CMIR \u2014 RAD3DUVERNOIS Arnaud Chefde CMIR \u2014 RAD3 .GABORIEAU Laurent | \" Chef de CMIR RAD 3KRAWCZYK Nicolas =~ ChefdeCMIR ( RAD3 |\"PREIONI Christian ' Chef de CMIR -  RAD3 |ROUCHE St\u00e9phane | Chef de CMIR RAD 3\nPR\u00c9FET \nDE LA \nC\u00d4TE-D'OR \nLibert\u00e9 \n\u00c9galit\u00e9 \nFraternit\u00e9 \n22 D Boulevard Winston Churchill \nCS 16209 - 21 062 DIJON Cedex \nSDLS de la C\u00f4te-d'Or \nAffaire suivie par : sous-direction optimisation du potentiel op\u00e9rationnel \nSDIS 21 / service \u00e9quipes sp\u00e9cialis\u00e9es \nT\u00e9l : 03 80 11 27 87 \nM\u00e9l : formation@sdis21.org  \nArr\u00eat\u00e9 \nPortant sur la liste d'aptitude op\u00e9rationnelle \nUnit\u00e9 de lutte face aux risques radioactifs \nAnn\u00e9e 2024 \nLe pr\u00e9fet de la C\u00f4te-d'Or \nVu le code g\u00e9n\u00e9ral des collectivit\u00e9s territoriales et particuli\u00e8rement l'article R 1424-54 ; \nVu l'arr\u00eat\u00e9 du 6 mai 2000 modifi\u00e9 fixant les conditions d'aptitudes m\u00e9dicales des sapeurs-pompiers professionnels et \nvolontaires ; \nVu l'arr\u00eat\u00e9 du 22 ao\u00fbt 2019 relatif aux formations des sapeurs-pompiers professionnels et volontaires ; \nVu l'arr\u00eat\u00e9 du 15 juillet 2022 relatif \u00e0 la d\u00e9signation et aux missions des r\u00e9f\u00e9rents de sp\u00e9cialit\u00e9s mentionn\u00e9s \u00e0 l'article \nR. 722-1 du code de la s\u00e9curit\u00e9 int\u00e9rieure ; \nVu l'arr\u00eat\u00e9 pr\u00e9fectoral du 18 septembre 2020 fixant la liste des unit\u00e9s op\u00e9rationnelles ; \nVu le r\u00e8glement op\u00e9rationnel du service d\u00e9partemental d'incendie et de secours de la C\u00f4te-d'Or en date du 06 octobre \n2021 ; \nVu le SDACR approuv\u00e9 par arr\u00eat\u00e9 pr\u00e9fectoral n\u00b0 250 du 18 mai 2015 ; \nVu le guide national de r\u00e9f\u00e9rence relatif aux risques radiologiques ; \nVu la participation des agents d\u00e9sign\u00e9s aux activit\u00e9s de formation de maintien et de perfectionnement des acquis ; \nVu le nombre de conseillers technique risques radiologiques (2), de chefs de CMIR (9), de chefs d'\u00e9quipe intervention \n(32), de chefs d'\u00e9quipe reconnaissance (22) ; \nSur proposition de monsieur le directeur d\u00e9partemental des services d'incendie et de secours ; \nARR\u00caTE \nArticle 1 : La liste annuelle d\u00e9partementale d'aptitude op\u00e9rationnelle des sapeurs-pompiers de l'unit\u00e9 \u00ab lutte \nface aux risques radiologiques \u00bb du d\u00e9partement de la C\u00f4te-d'Or s'\u00e9tablit comme suit : \nNom Pr\u00e9nom Emploi op\u00e9rationnel Formation \n   \nDUPONT Luc * Conseiller technique risques \nradiologiques RAD 4 \nDOMBEK Christophe** Conseiller technique risques \nradiologiques RAD 4 \n \nBRILLET Jason \t Chef de CMIR \n   \nRAD 3 \n \n         \nDESCHAMPS Olivier \t Chef de CMIR \t RAD 3 \nDUVERNOIS Arnaud \t Chef de CMIR \t RAD 3 \nGABORIEAU Laurent \t Chef de CMIR \t RAD 3 \nKRAWCZYK Nicolas \t Chef de CMIR \t RAD 3 \nPREIONI Christian \t Chef de CMIR \t RAD 3 \nROUCHE St\u00e9phane \t Chef de CMIR \t RAD 3 \nSDIS de C\u00f4te-d'Or - 21-2024-02-02-00007 - 2024 Liste d'aptitude op\u00e9rationnelle_unit\u00e9 sp\u00e9cialis\u00e9e de lutte face aux risques radioactifs 33\nNom Pr\u00e9nomEmploi op\u00e9ratio_nnelFormatioriSAUSSERET Jean\u2014Mich\u00e9l Chef de CMIR RAD 3\\ THEUREL J\u00e9r\u00f4me _ - Chef de CMIR RAD 3 qBARDET Mathieu Chef d'\u00e9quipe intervention RAD E 'RAD 2\" BELDJOUDI J\u00e9r\u00f4me Chef d'\u00e9quipe intervention RAD RAD 2BERNASCONI Reynald Chef d'\u00e9quipe intervention RAD RAD 2 _BOUCHER Thomas Chef d'\u00e9quipe intervention RAD RAD 2 '' CALAFATO Alexandre Chef d'\u00e9quipe intervention RAD ; RAD 2| CAMUS David Chef d'\u00e9quipe intervention RAD RAD 2 !CHAMPDAVEINE David Chef d'\u00e9quipe intervention RAD RAD 2DAB\u00cb\u00ceAINVILLE Geoffroy Chef d'\u00e9quipe intervention RAD RAD 2DENYS H\u00e9lene Chef d'\u00e9quipe intervention RAD RAD 2 || DURAND Fr\u00e9d\u00e9ric Chef d'\u00e9quipe intervention RAD | RAD 2- GEST Sylvain Chef d'\u00e9quipe intervention RAD RAD 2| GRAND Micka\u00ebl Chef d'\u00e9quipe intervention RAD RAD 2HEDIEUX Patrick Chef d'\u00e9quipe intervention RAD RAD 2 q_ JEANNIN S\u00e9bastien Chef d'\u00e9quipe intervention RAD RAD 2KARROUM Hakim Chef d'\u00e9quipe intervention RAD RAD 2. LAMBERT Jean-Robert Chef d'\u00e9quipe intervention RAD ! RAD 2\" MANSOTTE Jean-Marc Chef d'\u00e9quipe intervention RAD RAD 2; MELOT Christophe Chef d'\u00e9quipe intervention RAD RAD 2 ;MENAGE Christophe Chef d'\u00e9quipe intervention RAD RAD2\" MERME Christophe | Chef d'\u00e9quipe intervention RAD RAD 2; NOUR Yassine Chef d'\u00e9quipe intervention RAD RAD 2_\u00caAGEOT Anthony E Chef d'\u00e9quipe intervention RAD RAD 2 Z- PIGNET OllVler Chef d'\u00e9quipe intervention RAD : RAD 2' POMMIER Jean-No\u00ebl_ Chef d'\u00e9quipe intervention RAD \u2014 RAD 2- PRADO Micha\u00ebl Chef d'\u00e9quipe intervention RAD | RAD 2: RICHARD Laurent Chef d'\u00e9quipe intervention RAD : RAD 2SAGET Lorc ...\u00d4flr\u00ee\u00e4d'\u00e9quipe intervention RAD RAD 2_\u00ebA\u00dcORlLaurent \u2014 Chef d'\u00e9quipe intervention RAD RAD 2- THOMERE Alexandre Chef d'\u00e9quipe intervention RAD RAD 2 ,- VANDENSKRICK Julien Chef d'\u00e9quipe intervention RAD | RAD 2 | j\" VIDON-BUTHION John Chef d'\u00e9quipe interventionRAD _ RAD 2 |XHAARD-BOLLON Sabine Chef d'\u00e9quipe intervention RAD RAD 2_ ANGUENOT Lucas Chef d'\u00e9duipe reconnaissance RAD ; RAD 1;_ BARGEOT Cyril | Chef d equ:pe reconnalssance RAD . RAD1 \u2014BENIER C\u00e9dric | Chef d'\u00e9quipe reconnaissance RAD RAD 1 |BERTHET-BONDET \u00c2n_t_Hony Chef d' eqmpe reconnaissance RAD RAD 1 d\" DUMAS C\u00e9dric Chef d'\u00e9quiper\u00eago\u00e6ggs\u2014a\u00f1_\u00e8e \u00caAD S 'RAD 1DU\u00ceIIC_)]\\JT Que\u00f1_t;\\_... ) . Chef d'\u00e9quipe reconnaissance RAD RAD 1 -DURAND Florian ' Chef d'\u00e9quipe reconnaissance RAD | RAD 1LAGNIER Laurent Chef d' equ1pe reconnaissance RAD ' RAD 1) Che.fd'\u00e9quipe reconnaissance RAD RAD 1 \u2014:MAGGI\u00d4TTO Laurent\nRAD 2 \nRAD 2 \nRAD 2 SAGET La\u00efc \nSAMORI Laurent \nTHOMERE Alexandre \nChef d'\u00e9quipe intervention RAD \nChef d'\u00e9quipe intervention RAD \nChef d'\u00e9quipe intervention RAD \nVANDENSKRICK Julien RAD 2 Chef d'\u00e9quipe intervention RAD \nVIDON-BUTHION John Chef d'\u00e9quipe intervention RAD \t RAD 2 \nChef d'\u00e9quipe intervention RAD \t RAD 2 XHAARD-BOLLON Sabine \nANGUENOT Lucas Chef d'\u00e9quipe reconnaissance RAD \t RAD 1 \nBARGEOT Cyril Chef d'\u00e9quipe reconnaissance RAD \t RAD 1 \nBENIER C\u00e9dric Chef d'\u00e9quipe reconnaissance RAD \t RAD 1 \nChef d'\u00e9quipe reconnaissance RAD \t RAD 1 \nDUMAS C\u00e9dric \t Chef d'\u00e9quipe reconnaissance RAD \nDUMONT Quentin \nRAD 1 DURAND Florian Chef d'\u00e9quipe reconnaissance RAD \nLAGNIER Laurent \nMAGGIOTTO Laurent \nChef d'\u00e9quipe reconnaissance RAD \t RAD 1 \nChef d'\u00e9quipe reconnaissance RAD \t RAD 1 \nNom Pr\u00e9nom Emploi op\u00e9rationnel Formation \nSAUSSERET Jean-Michel Chef de CMIR \t RAD 3 \nTHEUREL J\u00e9r\u00f4me \t Chef de CMIR RAD 3 \nBARDET Mathieu Chef d'\u00e9quipe intervention RAD \t RAD 2 \nBELDJOUDI J\u00e9r\u00f4me Chef d'\u00e9quipe intervention RAD \t RAD 2 \nBERNASCONI Reynald Chef d'\u00e9quipe intervention RAD RAD 2 \nBOUCHER Thomas Chef d'\u00e9quipe intervention RAD \t RAD 2 \nCALAFATO Alexandre Chef d'\u00e9quipe intervention RAD RAD 2 \nCAMUS David Chef d'\u00e9quipe intervention RAD RAD 2 \nCHAMPDAVEINE David Chef d'\u00e9quipe intervention RAD RAD 2 \nDABRAINVILLE Geoffroy Chef d'\u00e9quipe intervention RAD RAD 2 \nI DENYS H\u00e9l\u00e8ne Chef d'\u00e9quipe intervention RAD RAD 2 \nDURAND Fr\u00e9d\u00e9ric Chef d'\u00e9quipe intervention RAD RAD 2 \nGEST Sylvain Chef d'\u00e9quipe intervention RAD RAD 2 \nGRAND Micka\u00ebl Chef d'\u00e9quipe intervention RAD RAD 2 \nHEDIEUX Patrick Chef d'\u00e9quipe intervention RAD RAD 2 \nJEANNIN S\u00e9bastien Chef d'\u00e9quipe intervention RAD RAD 2 \nKARROUM Hakim Chef d'\u00e9quipe intervention RAD RAD 2 \nLAMBERT Jean-Robert Chef d'\u00e9quipe intervention RAD RAD 2 \nMANSOTTE Jean-Marc Chef d'\u00e9quipe intervention RAD \t RAD 2 \nMELOT Christophe Chef d'\u00e9quipe intervention RAD \t RAD 2 \nMENAGE Christophe Chef d'\u00e9quipe intervention RAD \t RAD 2 \nMERME Christophe Chef d'\u00e9quipe intervention RAD \t RAD 2 \nNOUR Yassine Chef d'\u00e9quipe intervention RAD \t RAD 2 \n1 PAGEOT Anthony Chef d'\u00e9quipe intervention RAD \t RAD 2 \nPIGNET Olivier Chef d'\u00e9quipe intervention RAD \t RAD 2 \nPOMMIER Jean-No\u00e9l Chef d'\u00e9quipe intervention RAD \t RAD 2 \nPRADO Micha\u00ebl Chef d'\u00e9quipe intervention RAD \t RAD 2 \nRICHARD Laurent \t Chef d'\u00e9quipe intervention RAD \t RAD 2 \nBERTHET-BONDET Anthony \t Chef d'\u00e9quipe reconnaissance RAD RAD 1 \nRAD 1 \nSDIS de C\u00f4te-d'Or - 21-2024-02-02-00007 - 2024 Liste d'aptitude op\u00e9rationnelle_unit\u00e9 sp\u00e9cialis\u00e9e de lutte face aux risques radioactifs 34\nNom Pr\u00e9nom Emploi op\u00e9rationnel Formation\" PICARD J\u00e9r\u00e9my ' \\ Chef d'\u00e9quipe reconnaissance RAD _EAD 1REMBE\u2014\u00caT Thomas Chef d'\u00e9quipe reconnaissance RAD RAD 1 E \u00eeSAAD Yassine l Chef d'\u00e9quipe reconnaissallice RAD RAD 1 -_ SEURIOT Guillaume 'Chef d'\u00e9quipe reconnaissance RAD RAD 1l BRIDON Fran\u00e7ois _ \"\"\u00c8qu\u00eepier reconnaissance RAD____ RAD 1 _' COMBES Cl\u00e9ment \\ Equipierreconnaissance RAD ; RAD 1DAUD Jean-Baptiste _' Equipier reconnaissance RAD RAD 1 - || FEUGERE Ma\u00ebl | Equipier reconnaissance RAD _ RAD 1 |\" PACAUD-PEREIRA Mathieu Equipier reconnaissance RAD RAD 1PLAISIER J\u00e9r\u00e9my [ Equipier reconnaissance RAD RAD 1 |REBOUL Simon | Equipier reconnaissance RAD o RAD 1 || TILLIER Arthur Equipier reconnaissance RAD RAD 1 0 _TRAME Romain Equipier reconnaissance RAD RAD 1 l* R\u00e9f\u00e9rent de sp\u00e9cialit\u00e9 \u00ab risques radiologiques \u00bb** R\u00e9f\u00e9rent de sp\u00e9cialit\u00e9 adjoint \u00ab risques radiologiques \u00bbArticle 2 : Le sous-pr\u00e9fet, directeur de cabinet, et le directeur d\u00e9partemental des services d'incendie et desecours sont charg\u00e9s, chacun en ce qui le concerne, de l'ex\u00e9cution du pr\u00e9sent arr\u00eat\u00e9 qui sera publi\u00e9 aurecuell des actes administratifs de la pr\u00e9fecture de la C\u00f4te-d'Or.\nDion,le 0 2 FEV, 2024\nLe pr\u00e9fet,Pour le Pr\u00e9fet et par d\u00e9l\u00e9gation,Le Sous-Pr\u00e9fet,Directeur de Cabmet\nOlivler GERSTL\u00c9\nNom Pr\u00e9nom Emploi op\u00e9rationnel \n   \nFormation \nRAD 1 PICARD J\u00e9r\u00e9my Chef d'\u00e9quipe reconnaissance RAD \nPLAISIER J\u00e9r\u00e9my Equipier reconnaissance RAD \t RAD \nREBOUL Simon Equipier reconnaissance RAD \t RAD 1 \nOlivier GERSTL \u00c9 \n      \nREMBERT Thomas Chef d'\u00e9quipe reconnaissance RAD \t RAD 1 \n  \nSAAD Yassine \t Chef d'\u00e9quipe reconnaissance RAD \t RAD 1 \nSEURIOT Guillaume \t Chef d'\u00e9quipe reconnaissance RAD \t RAD 1 \n\t\nI  BRIDON Fran\u00e7ois \t Equipier reconnaissance RAD \t RAD 1 \n\t\nCOMBES Cl\u00e9ment \t Equipier reconnaissance RAD \t RAD \nDAUD Jean-Baptiste \t Equipier reconnaissance RAD \t RAD 1 \nFEUGERE Ma\u00e9l \t Equipier reconnaissance RAD \t RAD 1 \nPACAUD-PEREIRA Mathieu \t Equipier reconnaissance RAD \t RAD 1 \nTILLIER Arthur \t Equipier reconnaissance RAD \t RAD 1 \nTRAME Romain \t Equipier reconnaissance RAD \t RAD 1 \n* R\u00e9f\u00e9rent de sp\u00e9cialit\u00e9 \u00ab risques radiologiques \u00bb \n** R\u00e9f\u00e9rent de sp\u00e9cialit\u00e9 adjoint \u00ab risques radiologiques \u00bb \nArticle 2 : Le sous-pr\u00e9fet, directeur de cabinet, et le directeur d\u00e9partemental des services d'incendie et de \nsecours sont charg\u00e9s, chacun en ce qui le concerne, de l'ex\u00e9cution du pr\u00e9sent arr\u00eat\u00e9 qui sera publi\u00e9 au \nrecueil des actes administratifs de la pr\u00e9fecture de la C\u00f4te-d'Or. \nDijon, le \t 0 2 FEV, 2024 \nLe pr\u00e9fet, \nPour le Pr\u00e9fet et par d\u00e9l\u00e9gation, \nLe Sous-Pr\u00e9fet, \nDire eur de Cabinet \nSDIS de C\u00f4te-d'Or - 21-2024-02-02-00007 - 2024 Liste d'aptitude op\u00e9rationnelle_unit\u00e9 sp\u00e9cialis\u00e9e de lutte face aux risques radioactifs 35","date":"2024-05-06","first_seen_on":"2025-09-14T11:08:45+00:00","id":"821957c8ae41c2170051d56684ba8f4e32417774db0adfdd1351e8cf334f19f5","name":"RAA n\u00b0 055 du 06 mai 2024","pdf_creation_date":"2024-05-06T14:17:02+00:00","pdf_modification_date":null,"timezone":"Europe/Paris","url":"https://www.cote-dor.gouv.fr/contenu/telechargement/21322/163160/file/recueil-21-2024-055-recueil-des-actes-administratifs-special.pdf"}
